{"id":20202,"date":"2023-08-03T04:53:43","date_gmt":"2023-08-03T03:53:43","guid":{"rendered":"https:\/\/willysplan.com\/?p=20202"},"modified":"2023-08-03T05:13:28","modified_gmt":"2023-08-03T04:13:28","slug":"nudist-beaches-barcelona","status":"publish","type":"post","link":"https:\/\/www.willysplan.com\/en\/ideas-en\/nudist-beaches-barcelona","title":{"rendered":"The 20 best nudist beaches in Barcelona"},"content":{"rendered":"\t\t<div data-elementor-type=\"wp-post\" data-elementor-id=\"20202\" class=\"elementor elementor-20202 elementor-19757\" data-elementor-post-type=\"post\">\n\t\t\t\t\t\t<section class=\"elementor-section elementor-top-section elementor-element elementor-element-671cd3c elementor-section-boxed elementor-section-height-default elementor-section-height-default\" data-id=\"671cd3c\" data-element_type=\"section\">\n\t\t\t\t\t\t<div class=\"elementor-container elementor-column-gap-default\">\n\t\t\t\t\t<div class=\"elementor-column elementor-col-100 elementor-top-column elementor-element elementor-element-eaffc38\" data-id=\"eaffc38\" data-element_type=\"column\">\n\t\t\t<div class=\"elementor-widget-wrap elementor-element-populated\">\n\t\t\t\t\t\t<div class=\"elementor-element elementor-element-ac561a4 elementor-widget elementor-widget-text-editor\" data-id=\"ac561a4\" data-element_type=\"widget\" data-widget_type=\"text-editor.default\">\n\t\t\t\t<div class=\"elementor-widget-container\">\n\t\t\t\t\t\t\t\t\t<p>Do you want to know the best nudist beaches in Barcelona? Read on because here we present them to you.<\/p><p>When summer arrives and, with it, the rising temperatures, the first thing that comes to mind is to start taking off our clothes and jump headlong to the beach in Barcelona. Going to the beach is a very characteristic of the Mediterranean culture and the truth is that there is no better way to spend the summer than getting a good tan.<\/p><p>Barcelona is one of the best cities to practice nudism or also known as naturism. It is a doctrine that tries to live in complete harmony with nature, considering clothes as something alien to the essence of man. Besides, what are we going to fool ourselves, bathing naked is much more comfortable and fun!<\/p><p>And of the many <a href=\"https:\/\/www.willysplan.com\/en\/ideas-en\/top-20-things-to-do-in-barcelona\">things to do in Barcelona<\/a>, here are the best nudist beaches and coves in Barcelona and surroundings, so you can take your towel and welcome the good weather.<\/p>\t\t\t\t\t\t\t\t<\/div>\n\t\t\t\t<\/div>\n\t\t\t\t\t<\/div>\n\t\t<\/div>\n\t\t\t\t\t<\/div>\n\t\t<\/section>\n\t\t\t\t<section class=\"elementor-section elementor-top-section elementor-element elementor-element-36fe8d4 elementor-section-boxed elementor-section-height-default elementor-section-height-default\" data-id=\"36fe8d4\" data-element_type=\"section\">\n\t\t\t\t\t\t<div class=\"elementor-container elementor-column-gap-default\">\n\t\t\t\t\t<div class=\"elementor-column elementor-col-100 elementor-top-column elementor-element elementor-element-da527a3\" data-id=\"da527a3\" data-element_type=\"column\">\n\t\t\t<div class=\"elementor-widget-wrap elementor-element-populated\">\n\t\t\t\t\t\t<div class=\"elementor-element elementor-element-005077d elementor-widget elementor-widget-heading\" data-id=\"005077d\" data-element_type=\"widget\" data-widget_type=\"heading.default\">\n\t\t\t\t<div class=\"elementor-widget-container\">\n\t\t\t\t\t<h2 class=\"elementor-heading-title elementor-size-default\">1. San Sebastian Beach<\/h2>\t\t\t\t<\/div>\n\t\t\t\t<\/div>\n\t\t\t\t\t<\/div>\n\t\t<\/div>\n\t\t\t\t\t<\/div>\n\t\t<\/section>\n\t\t\t\t<section class=\"elementor-section elementor-top-section elementor-element elementor-element-ec7d9c0 elementor-section-boxed elementor-section-height-default elementor-section-height-default\" data-id=\"ec7d9c0\" data-element_type=\"section\">\n\t\t\t\t\t\t<div class=\"elementor-container elementor-column-gap-default\">\n\t\t\t\t\t<div class=\"elementor-column elementor-col-50 elementor-top-column elementor-element elementor-element-1bee018\" data-id=\"1bee018\" data-element_type=\"column\">\n\t\t\t<div class=\"elementor-widget-wrap elementor-element-populated\">\n\t\t\t\t\t\t<div class=\"elementor-element elementor-element-a63218a elementor-widget elementor-widget-image\" data-id=\"a63218a\" data-element_type=\"widget\" data-widget_type=\"image.default\">\n\t\t\t\t<div class=\"elementor-widget-container\">\n\t\t\t\t\t\t\t\t\t\t\t\t\t\t\t<img fetchpriority=\"high\" decoding=\"async\" width=\"1024\" height=\"625\" src=\"https:\/\/www.willysplan.com\/wp-content\/uploads\/2023\/05\/Screenshot-2023-05-18-at-07.33.39-1024x625.png\" class=\"attachment-large size-large wp-image-19768\" alt=\"\" srcset=\"https:\/\/www.willysplan.com\/wp-content\/uploads\/2023\/05\/Screenshot-2023-05-18-at-07.33.39-1024x625.png 1024w, https:\/\/www.willysplan.com\/wp-content\/uploads\/2023\/05\/Screenshot-2023-05-18-at-07.33.39-300x183.png 300w, https:\/\/www.willysplan.com\/wp-content\/uploads\/2023\/05\/Screenshot-2023-05-18-at-07.33.39-768x469.png 768w, https:\/\/www.willysplan.com\/wp-content\/uploads\/2023\/05\/Screenshot-2023-05-18-at-07.33.39-600x366.png 600w, https:\/\/www.willysplan.com\/wp-content\/uploads\/2023\/05\/Screenshot-2023-05-18-at-07.33.39.png 1498w\" sizes=\"(max-width: 1024px) 100vw, 1024px\" \/>\t\t\t\t\t\t\t\t\t\t\t\t\t\t\t<\/div>\n\t\t\t\t<\/div>\n\t\t\t\t\t<\/div>\n\t\t<\/div>\n\t\t\t\t<div class=\"elementor-column elementor-col-50 elementor-top-column elementor-element elementor-element-8fdc606\" data-id=\"8fdc606\" data-element_type=\"column\">\n\t\t\t<div class=\"elementor-widget-wrap elementor-element-populated\">\n\t\t\t\t\t\t<div class=\"elementor-element elementor-element-1653d2e elementor-widget elementor-widget-google_maps\" data-id=\"1653d2e\" data-element_type=\"widget\" data-widget_type=\"google_maps.default\">\n\t\t\t\t<div class=\"elementor-widget-container\">\n\t\t\t\t\t\t\t<div class=\"elementor-custom-embed\">\n\t\t\t<iframe loading=\"lazy\"\n\t\t\t\t\tsrc=\"https:\/\/maps.google.com\/maps?q=playa%20san%20sebastia%20barcelona&#038;t=m&#038;z=13&#038;output=embed&#038;iwloc=near\"\n\t\t\t\t\ttitle=\"playa san sebastia barcelona\"\n\t\t\t\t\taria-label=\"playa san sebastia barcelona\"\n\t\t\t><\/iframe>\n\t\t<\/div>\n\t\t\t\t\t\t<\/div>\n\t\t\t\t<\/div>\n\t\t\t\t\t<\/div>\n\t\t<\/div>\n\t\t\t\t\t<\/div>\n\t\t<\/section>\n\t\t\t\t<section class=\"elementor-section elementor-top-section elementor-element elementor-element-7f4c7b3 elementor-section-boxed elementor-section-height-default elementor-section-height-default\" data-id=\"7f4c7b3\" data-element_type=\"section\">\n\t\t\t\t\t\t<div class=\"elementor-container elementor-column-gap-default\">\n\t\t\t\t\t<div class=\"elementor-column elementor-col-100 elementor-top-column elementor-element elementor-element-6186e27\" data-id=\"6186e27\" data-element_type=\"column\">\n\t\t\t<div class=\"elementor-widget-wrap elementor-element-populated\">\n\t\t\t\t\t\t<div class=\"elementor-element elementor-element-f148a1d elementor-widget elementor-widget-text-editor\" data-id=\"f148a1d\" data-element_type=\"widget\" data-widget_type=\"text-editor.default\">\n\t\t\t\t<div class=\"elementor-widget-container\">\n\t\t\t\t\t\t\t\t\t<p>The beach of San Sebastian is one of the oldest nudist beaches in Catalonia and the first that existed in the city. According to what people in the neighborhood say, nudism has been practiced for a long time, without anyone being aware of its beginning.<\/p><p>This beach is also known as the baths of San Sebastian and is located right next to the Barcelona Swimming Club. The most curious thing is that, being in such a central location, it still maintains that clandestine atmosphere.<\/p>\t\t\t\t\t\t\t\t<\/div>\n\t\t\t\t<\/div>\n\t\t\t\t\t<\/div>\n\t\t<\/div>\n\t\t\t\t\t<\/div>\n\t\t<\/section>\n\t\t\t\t<section class=\"elementor-section elementor-top-section elementor-element elementor-element-cf26dc9 elementor-section-boxed elementor-section-height-default elementor-section-height-default\" data-id=\"cf26dc9\" data-element_type=\"section\">\n\t\t\t\t\t\t<div class=\"elementor-container elementor-column-gap-default\">\n\t\t\t\t\t<div class=\"elementor-column elementor-col-100 elementor-top-column elementor-element elementor-element-5689fda\" data-id=\"5689fda\" data-element_type=\"column\">\n\t\t\t<div class=\"elementor-widget-wrap elementor-element-populated\">\n\t\t\t\t\t\t<div class=\"elementor-element elementor-element-ec10ffc elementor-widget elementor-widget-heading\" data-id=\"ec10ffc\" data-element_type=\"widget\" data-widget_type=\"heading.default\">\n\t\t\t\t<div class=\"elementor-widget-container\">\n\t\t\t\t\t<h2 class=\"elementor-heading-title elementor-size-default\">2. Mar Bella<\/h2>\t\t\t\t<\/div>\n\t\t\t\t<\/div>\n\t\t\t\t\t<\/div>\n\t\t<\/div>\n\t\t\t\t\t<\/div>\n\t\t<\/section>\n\t\t\t\t<section class=\"elementor-section elementor-top-section elementor-element elementor-element-36de432 elementor-section-boxed elementor-section-height-default elementor-section-height-default\" data-id=\"36de432\" data-element_type=\"section\">\n\t\t\t\t\t\t<div class=\"elementor-container elementor-column-gap-default\">\n\t\t\t\t\t<div class=\"elementor-column elementor-col-50 elementor-top-column elementor-element elementor-element-30a85ea\" data-id=\"30a85ea\" data-element_type=\"column\">\n\t\t\t<div class=\"elementor-widget-wrap elementor-element-populated\">\n\t\t\t\t\t\t<div class=\"elementor-element elementor-element-254baa4 elementor-widget elementor-widget-image\" data-id=\"254baa4\" data-element_type=\"widget\" data-widget_type=\"image.default\">\n\t\t\t\t<div class=\"elementor-widget-container\">\n\t\t\t\t\t\t\t\t\t\t\t\t\t\t\t<img decoding=\"async\" width=\"768\" height=\"490\" src=\"https:\/\/www.willysplan.com\/wp-content\/uploads\/2023\/05\/Screenshot-2023-05-18-at-07.45.36-768x490.png\" class=\"attachment-medium_large size-medium_large wp-image-19774\" alt=\"\" srcset=\"https:\/\/www.willysplan.com\/wp-content\/uploads\/2023\/05\/Screenshot-2023-05-18-at-07.45.36-768x490.png 768w, https:\/\/www.willysplan.com\/wp-content\/uploads\/2023\/05\/Screenshot-2023-05-18-at-07.45.36-300x192.png 300w, https:\/\/www.willysplan.com\/wp-content\/uploads\/2023\/05\/Screenshot-2023-05-18-at-07.45.36-1024x654.png 1024w, https:\/\/www.willysplan.com\/wp-content\/uploads\/2023\/05\/Screenshot-2023-05-18-at-07.45.36-1536x981.png 1536w, https:\/\/www.willysplan.com\/wp-content\/uploads\/2023\/05\/Screenshot-2023-05-18-at-07.45.36-600x383.png 600w, https:\/\/www.willysplan.com\/wp-content\/uploads\/2023\/05\/Screenshot-2023-05-18-at-07.45.36.png 1582w\" sizes=\"(max-width: 768px) 100vw, 768px\" \/>\t\t\t\t\t\t\t\t\t\t\t\t\t\t\t<\/div>\n\t\t\t\t<\/div>\n\t\t\t\t\t<\/div>\n\t\t<\/div>\n\t\t\t\t<div class=\"elementor-column elementor-col-50 elementor-top-column elementor-element elementor-element-391cda5\" data-id=\"391cda5\" data-element_type=\"column\">\n\t\t\t<div class=\"elementor-widget-wrap elementor-element-populated\">\n\t\t\t\t\t\t<div class=\"elementor-element elementor-element-b390bb5 elementor-widget elementor-widget-google_maps\" data-id=\"b390bb5\" data-element_type=\"widget\" data-widget_type=\"google_maps.default\">\n\t\t\t\t<div class=\"elementor-widget-container\">\n\t\t\t\t\t\t\t<div class=\"elementor-custom-embed\">\n\t\t\t<iframe loading=\"lazy\"\n\t\t\t\t\tsrc=\"https:\/\/maps.google.com\/maps?q=playa%20mar%20bella%20barcelona&#038;t=m&#038;z=13&#038;output=embed&#038;iwloc=near\"\n\t\t\t\t\ttitle=\"playa mar bella barcelona\"\n\t\t\t\t\taria-label=\"playa mar bella barcelona\"\n\t\t\t><\/iframe>\n\t\t<\/div>\n\t\t\t\t\t\t<\/div>\n\t\t\t\t<\/div>\n\t\t\t\t\t<\/div>\n\t\t<\/div>\n\t\t\t\t\t<\/div>\n\t\t<\/section>\n\t\t\t\t<section class=\"elementor-section elementor-top-section elementor-element elementor-element-090337d elementor-section-boxed elementor-section-height-default elementor-section-height-default\" data-id=\"090337d\" data-element_type=\"section\">\n\t\t\t\t\t\t<div class=\"elementor-container elementor-column-gap-default\">\n\t\t\t\t\t<div class=\"elementor-column elementor-col-100 elementor-top-column elementor-element elementor-element-10259a1\" data-id=\"10259a1\" data-element_type=\"column\">\n\t\t\t<div class=\"elementor-widget-wrap elementor-element-populated\">\n\t\t\t\t\t\t<div class=\"elementor-element elementor-element-67842ef elementor-widget elementor-widget-text-editor\" data-id=\"67842ef\" data-element_type=\"widget\" data-widget_type=\"text-editor.default\">\n\t\t\t\t<div class=\"elementor-widget-container\">\n\t\t\t\t\t\t\t\t\t<p>Mar Bella beach is one of the best nudist beaches in Barcelona and also one of the most popular. This beach has an area for nudists and naturists, which is located right between the beaches of Nova Mar Bella and Bogatell. The location is quite private, as it is blocked on the back by sand dunes and on the sides by rocks.<\/p><p>Visitors to this beach will feel very comfortable because they will be protected from any gossipy people who want to keep an eye on them. It is also a friendly area for the LGTBI community. As it happens in most nudist beaches, not all the people who are there are naked, but there is no problem, since everyone is welcome, as long as they interact with respect.<\/p><p>There you will find beach bars to have a drink, showers and toilets.<\/p>\t\t\t\t\t\t\t\t<\/div>\n\t\t\t\t<\/div>\n\t\t\t\t\t<\/div>\n\t\t<\/div>\n\t\t\t\t\t<\/div>\n\t\t<\/section>\n\t\t\t\t<section class=\"elementor-section elementor-top-section elementor-element elementor-element-bcd2741 elementor-section-boxed elementor-section-height-default elementor-section-height-default\" data-id=\"bcd2741\" data-element_type=\"section\">\n\t\t\t\t\t\t<div class=\"elementor-container elementor-column-gap-default\">\n\t\t\t\t\t<div class=\"elementor-column elementor-col-100 elementor-top-column elementor-element elementor-element-a6f1b89\" data-id=\"a6f1b89\" data-element_type=\"column\">\n\t\t\t<div class=\"elementor-widget-wrap elementor-element-populated\">\n\t\t\t\t\t\t<div class=\"elementor-element elementor-element-01d1728 elementor-cta--layout-image-left elementor-cta--valign-middle elementor-hidden-mobile elementor-cta--skin-classic elementor-animated-content elementor-widget elementor-widget-call-to-action\" data-id=\"01d1728\" data-element_type=\"widget\" data-widget_type=\"call-to-action.default\">\n\t\t\t\t<div class=\"elementor-widget-container\">\n\t\t\t\t\t\t\t<a class=\"elementor-cta\" href=\"https:\/\/www.willysplan.com\/tours-privados-barcelona\/tour-por-el-barrio-gotico-de-barcelona\">\n\t\t\t\t\t<div class=\"elementor-cta__bg-wrapper\">\n\t\t\t\t<div class=\"elementor-cta__bg elementor-bg\" style=\"background-image: url(https:\/\/www.willysplan.com\/wp-content\/uploads\/2022\/06\/barrio-gotico-noche.webp);\" role=\"img\" aria-label=\"barrio-gotico-noche\"><\/div>\n\t\t\t\t<div class=\"elementor-cta__bg-overlay\"><\/div>\n\t\t\t<\/div>\n\t\t\t\t\t\t\t<div class=\"elementor-cta__content\">\n\t\t\t\t\n\t\t\t\t\t\t\t\t\t<h2 class=\"elementor-cta__title elementor-cta__content-item elementor-content-item\">\n\t\t\t\t\t\tTour por el Barrio G\u00f3tico de Barcelona\t\t\t\t\t<\/h2>\n\t\t\t\t\n\t\t\t\t\t\t\t\t\t<div class=\"elementor-cta__description elementor-cta__content-item elementor-content-item\">\n\t\t\t\t\t\t\u2b50\u2b50\u2b50\u2b50\u2b50<br><br>\ud83d\udd50 2 horas.<br>\ud83d\udcac Espa\u00f1ol, Ingl\u00e9s, Italiano, Franc\u00e9s, Portugu\u00e9s, Alem\u00e1n, Chino, Ruso y \u00c1rabe.<br>\u2714 Cancelaci\u00f3n gratuita.\t\t\t\t\t<\/div>\n\t\t\t\t\n\t\t\t\t\t\t\t<\/div>\n\t\t\t\t\t\t\t<div class=\"elementor-ribbon elementor-ribbon-right\">\n\t\t\t\t<div class=\"elementor-ribbon-inner\">\n\t\t\t\t\tDesde 70\u20ac\t\t\t\t<\/div>\n\t\t\t<\/div>\n\t\t\t\t<\/a>\n\t\t\t\t\t\t<\/div>\n\t\t\t\t<\/div>\n\t\t\t\t\t<\/div>\n\t\t<\/div>\n\t\t\t\t\t<\/div>\n\t\t<\/section>\n\t\t\t\t<section class=\"elementor-section elementor-top-section elementor-element elementor-element-adc6b60 elementor-section-boxed elementor-section-height-default elementor-section-height-default\" data-id=\"adc6b60\" data-element_type=\"section\">\n\t\t\t\t\t\t<div class=\"elementor-container elementor-column-gap-default\">\n\t\t\t\t\t<div class=\"elementor-column elementor-col-100 elementor-top-column elementor-element elementor-element-a95bd13\" data-id=\"a95bd13\" data-element_type=\"column\">\n\t\t\t<div class=\"elementor-widget-wrap elementor-element-populated\">\n\t\t\t\t\t\t<div class=\"elementor-element elementor-element-ef0c3bd elementor-cta--layout-image-above elementor-cta--valign-middle elementor-cta--mobile-layout-image-above elementor-hidden-desktop elementor-hidden-tablet elementor-cta--skin-classic elementor-animated-content elementor-widget elementor-widget-call-to-action\" data-id=\"ef0c3bd\" data-element_type=\"widget\" data-widget_type=\"call-to-action.default\">\n\t\t\t\t<div class=\"elementor-widget-container\">\n\t\t\t\t\t\t\t<a class=\"elementor-cta\" href=\"https:\/\/www.willysplan.com\/tours-privados-barcelona\/tour-por-el-barrio-gotico-de-barcelona\">\n\t\t\t\t\t<div class=\"elementor-cta__bg-wrapper\">\n\t\t\t\t<div class=\"elementor-cta__bg elementor-bg\" style=\"background-image: url(https:\/\/www.willysplan.com\/wp-content\/uploads\/2022\/06\/barrio-gotico-noche.webp);\" role=\"img\" aria-label=\"barrio-gotico-noche\"><\/div>\n\t\t\t\t<div class=\"elementor-cta__bg-overlay\"><\/div>\n\t\t\t<\/div>\n\t\t\t\t\t\t\t<div class=\"elementor-cta__content\">\n\t\t\t\t\n\t\t\t\t\t\t\t\t\t<h2 class=\"elementor-cta__title elementor-cta__content-item elementor-content-item\">\n\t\t\t\t\t\tTour por el Barrio G\u00f3tico de Barcelona\t\t\t\t\t<\/h2>\n\t\t\t\t\n\t\t\t\t\t\t\t\t\t<div class=\"elementor-cta__description elementor-cta__content-item elementor-content-item\">\n\t\t\t\t\t\t\u2b50\u2b50\u2b50\u2b50\u2b50<br><br>\ud83d\udd50 2 horas.<br>\ud83d\udcac Espa\u00f1ol, Ingl\u00e9s, Italiano, Franc\u00e9s, Portugu\u00e9s, Alem\u00e1n, Chino, Ruso y \u00c1rabe.<br>\u2714 Cancelaci\u00f3n gratuita.\t\t\t\t\t<\/div>\n\t\t\t\t\n\t\t\t\t\t\t\t<\/div>\n\t\t\t\t\t\t\t<div class=\"elementor-ribbon elementor-ribbon-right\">\n\t\t\t\t<div class=\"elementor-ribbon-inner\">\n\t\t\t\t\tDesde 70\u20ac\t\t\t\t<\/div>\n\t\t\t<\/div>\n\t\t\t\t<\/a>\n\t\t\t\t\t\t<\/div>\n\t\t\t\t<\/div>\n\t\t\t\t\t<\/div>\n\t\t<\/div>\n\t\t\t\t\t<\/div>\n\t\t<\/section>\n\t\t\t\t<section class=\"elementor-section elementor-top-section elementor-element elementor-element-ba72905 elementor-section-boxed elementor-section-height-default elementor-section-height-default\" data-id=\"ba72905\" data-element_type=\"section\">\n\t\t\t\t\t\t<div class=\"elementor-container elementor-column-gap-default\">\n\t\t\t\t\t<div class=\"elementor-column elementor-col-100 elementor-top-column elementor-element elementor-element-206c7fb\" data-id=\"206c7fb\" data-element_type=\"column\">\n\t\t\t<div class=\"elementor-widget-wrap elementor-element-populated\">\n\t\t\t\t\t\t<div class=\"elementor-element elementor-element-b6eb005 elementor-align-center elementor-widget elementor-widget-button\" data-id=\"b6eb005\" data-element_type=\"widget\" data-widget_type=\"button.default\">\n\t\t\t\t<div class=\"elementor-widget-container\">\n\t\t\t\t\t\t\t\t\t<div class=\"elementor-button-wrapper\">\n\t\t\t\t\t<a class=\"elementor-button elementor-button-link elementor-size-md\" href=\"https:\/\/www.willysplan.com\/tours-privados-barcelona\">\n\t\t\t\t\t\t<span class=\"elementor-button-content-wrapper\">\n\t\t\t\t\t\t\t\t\t<span class=\"elementor-button-text\">Ver todos nuestros tours privados<\/span>\n\t\t\t\t\t<\/span>\n\t\t\t\t\t<\/a>\n\t\t\t\t<\/div>\n\t\t\t\t\t\t\t\t<\/div>\n\t\t\t\t<\/div>\n\t\t\t\t\t<\/div>\n\t\t<\/div>\n\t\t\t\t\t<\/div>\n\t\t<\/section>\n\t\t\t\t<section class=\"elementor-section elementor-top-section elementor-element elementor-element-228dd78 elementor-section-boxed elementor-section-height-default elementor-section-height-default\" data-id=\"228dd78\" data-element_type=\"section\">\n\t\t\t\t\t\t<div class=\"elementor-container elementor-column-gap-default\">\n\t\t\t\t\t<div class=\"elementor-column elementor-col-100 elementor-top-column elementor-element elementor-element-6fe37a6\" data-id=\"6fe37a6\" data-element_type=\"column\">\n\t\t\t<div class=\"elementor-widget-wrap elementor-element-populated\">\n\t\t\t\t\t\t<div class=\"elementor-element elementor-element-c9dcbd0 elementor-widget elementor-widget-heading\" data-id=\"c9dcbd0\" data-element_type=\"widget\" data-widget_type=\"heading.default\">\n\t\t\t\t<div class=\"elementor-widget-container\">\n\t\t\t\t\t<h2 class=\"elementor-heading-title elementor-size-default\">3. La Musclera Beach<\/h2>\t\t\t\t<\/div>\n\t\t\t\t<\/div>\n\t\t\t\t\t<\/div>\n\t\t<\/div>\n\t\t\t\t\t<\/div>\n\t\t<\/section>\n\t\t\t\t<section class=\"elementor-section elementor-top-section elementor-element elementor-element-9dde891 elementor-section-boxed elementor-section-height-default elementor-section-height-default\" data-id=\"9dde891\" data-element_type=\"section\">\n\t\t\t\t\t\t<div class=\"elementor-container elementor-column-gap-default\">\n\t\t\t\t\t<div class=\"elementor-column elementor-col-50 elementor-top-column elementor-element elementor-element-efd1b5f\" data-id=\"efd1b5f\" data-element_type=\"column\">\n\t\t\t<div class=\"elementor-widget-wrap elementor-element-populated\">\n\t\t\t\t\t\t<div class=\"elementor-element elementor-element-52923a4 elementor-widget elementor-widget-image\" data-id=\"52923a4\" data-element_type=\"widget\" data-widget_type=\"image.default\">\n\t\t\t\t<div class=\"elementor-widget-container\">\n\t\t\t\t\t\t\t\t\t\t\t\t\t\t\t<img decoding=\"async\" width=\"1024\" height=\"624\" src=\"https:\/\/www.willysplan.com\/wp-content\/uploads\/2023\/05\/Screenshot-2023-05-18-at-07.49.29-1024x624.png\" class=\"attachment-large size-large wp-image-19777\" alt=\"\" srcset=\"https:\/\/www.willysplan.com\/wp-content\/uploads\/2023\/05\/Screenshot-2023-05-18-at-07.49.29-1024x624.png 1024w, https:\/\/www.willysplan.com\/wp-content\/uploads\/2023\/05\/Screenshot-2023-05-18-at-07.49.29-300x183.png 300w, https:\/\/www.willysplan.com\/wp-content\/uploads\/2023\/05\/Screenshot-2023-05-18-at-07.49.29-768x468.png 768w, https:\/\/www.willysplan.com\/wp-content\/uploads\/2023\/05\/Screenshot-2023-05-18-at-07.49.29-1536x935.png 1536w, https:\/\/www.willysplan.com\/wp-content\/uploads\/2023\/05\/Screenshot-2023-05-18-at-07.49.29-600x365.png 600w, https:\/\/www.willysplan.com\/wp-content\/uploads\/2023\/05\/Screenshot-2023-05-18-at-07.49.29.png 1606w\" sizes=\"(max-width: 1024px) 100vw, 1024px\" \/>\t\t\t\t\t\t\t\t\t\t\t\t\t\t\t<\/div>\n\t\t\t\t<\/div>\n\t\t\t\t\t<\/div>\n\t\t<\/div>\n\t\t\t\t<div class=\"elementor-column elementor-col-50 elementor-top-column elementor-element elementor-element-a40f723\" data-id=\"a40f723\" data-element_type=\"column\">\n\t\t\t<div class=\"elementor-widget-wrap elementor-element-populated\">\n\t\t\t\t\t\t<div class=\"elementor-element elementor-element-8ebd04f elementor-widget elementor-widget-google_maps\" data-id=\"8ebd04f\" data-element_type=\"widget\" data-widget_type=\"google_maps.default\">\n\t\t\t\t<div class=\"elementor-widget-container\">\n\t\t\t\t\t\t\t<div class=\"elementor-custom-embed\">\n\t\t\t<iframe loading=\"lazy\"\n\t\t\t\t\tsrc=\"https:\/\/maps.google.com\/maps?q=platja%20de%20la%20musclera&#038;t=m&#038;z=12&#038;output=embed&#038;iwloc=near\"\n\t\t\t\t\ttitle=\"platja de la musclera\"\n\t\t\t\t\taria-label=\"platja de la musclera\"\n\t\t\t><\/iframe>\n\t\t<\/div>\n\t\t\t\t\t\t<\/div>\n\t\t\t\t<\/div>\n\t\t\t\t\t<\/div>\n\t\t<\/div>\n\t\t\t\t\t<\/div>\n\t\t<\/section>\n\t\t\t\t<section class=\"elementor-section elementor-top-section elementor-element elementor-element-649f78d elementor-section-boxed elementor-section-height-default elementor-section-height-default\" data-id=\"649f78d\" data-element_type=\"section\">\n\t\t\t\t\t\t<div class=\"elementor-container elementor-column-gap-default\">\n\t\t\t\t\t<div class=\"elementor-column elementor-col-100 elementor-top-column elementor-element elementor-element-bd8f266\" data-id=\"bd8f266\" data-element_type=\"column\">\n\t\t\t<div class=\"elementor-widget-wrap elementor-element-populated\">\n\t\t\t\t\t\t<div class=\"elementor-element elementor-element-6131457 elementor-widget elementor-widget-text-editor\" data-id=\"6131457\" data-element_type=\"widget\" data-widget_type=\"text-editor.default\">\n\t\t\t\t<div class=\"elementor-widget-container\">\n\t\t\t\t\t\t\t\t\t<p>La Musclera Beach is one of the best places to practice nudism in Barcelona and has a long family tradition. It is quite large, has showers, a beach bar and lifeguards. The fact that it is so close to the city of Barcelona means that during the summer this beach is quite crowded and its bathers are usually mixed (both nudists and people with swimsuits).<\/p><p>It has a total length of 620 meters and a width of 48 meters. As it has a small promenade, this beach is considered semi-urban.<\/p>\t\t\t\t\t\t\t\t<\/div>\n\t\t\t\t<\/div>\n\t\t\t\t\t<\/div>\n\t\t<\/div>\n\t\t\t\t\t<\/div>\n\t\t<\/section>\n\t\t\t\t<section class=\"elementor-section elementor-top-section elementor-element elementor-element-934cfa6 elementor-section-boxed elementor-section-height-default elementor-section-height-default\" data-id=\"934cfa6\" data-element_type=\"section\">\n\t\t\t\t\t\t<div class=\"elementor-container elementor-column-gap-default\">\n\t\t\t\t\t<div class=\"elementor-column elementor-col-100 elementor-top-column elementor-element elementor-element-6d28942\" data-id=\"6d28942\" data-element_type=\"column\">\n\t\t\t<div class=\"elementor-widget-wrap elementor-element-populated\">\n\t\t\t\t\t\t<div class=\"elementor-element elementor-element-24f2b10 elementor-widget elementor-widget-heading\" data-id=\"24f2b10\" data-element_type=\"widget\" data-widget_type=\"heading.default\">\n\t\t\t\t<div class=\"elementor-widget-container\">\n\t\t\t\t\t<h2 class=\"elementor-heading-title elementor-size-default\">4. Illa Roja<\/h2>\t\t\t\t<\/div>\n\t\t\t\t<\/div>\n\t\t\t\t\t<\/div>\n\t\t<\/div>\n\t\t\t\t\t<\/div>\n\t\t<\/section>\n\t\t\t\t<section class=\"elementor-section elementor-top-section elementor-element elementor-element-5a266e9 elementor-section-boxed elementor-section-height-default elementor-section-height-default\" data-id=\"5a266e9\" data-element_type=\"section\">\n\t\t\t\t\t\t<div class=\"elementor-container elementor-column-gap-default\">\n\t\t\t\t\t<div class=\"elementor-column elementor-col-50 elementor-top-column elementor-element elementor-element-8ca8f7f\" data-id=\"8ca8f7f\" data-element_type=\"column\">\n\t\t\t<div class=\"elementor-widget-wrap elementor-element-populated\">\n\t\t\t\t\t\t<div class=\"elementor-element elementor-element-55b0b90 elementor-widget elementor-widget-image\" data-id=\"55b0b90\" data-element_type=\"widget\" data-widget_type=\"image.default\">\n\t\t\t\t<div class=\"elementor-widget-container\">\n\t\t\t\t\t\t\t\t\t\t\t\t\t\t\t<img loading=\"lazy\" decoding=\"async\" width=\"1024\" height=\"678\" src=\"https:\/\/www.willysplan.com\/wp-content\/uploads\/2023\/05\/Screenshot-2023-05-18-at-07.57.11-1024x678.png\" class=\"attachment-large size-large wp-image-19783\" alt=\"\" srcset=\"https:\/\/www.willysplan.com\/wp-content\/uploads\/2023\/05\/Screenshot-2023-05-18-at-07.57.11-1024x678.png 1024w, https:\/\/www.willysplan.com\/wp-content\/uploads\/2023\/05\/Screenshot-2023-05-18-at-07.57.11-300x199.png 300w, https:\/\/www.willysplan.com\/wp-content\/uploads\/2023\/05\/Screenshot-2023-05-18-at-07.57.11-768x508.png 768w, https:\/\/www.willysplan.com\/wp-content\/uploads\/2023\/05\/Screenshot-2023-05-18-at-07.57.11-600x397.png 600w, https:\/\/www.willysplan.com\/wp-content\/uploads\/2023\/05\/Screenshot-2023-05-18-at-07.57.11.png 1514w\" sizes=\"(max-width: 1024px) 100vw, 1024px\" \/>\t\t\t\t\t\t\t\t\t\t\t\t\t\t\t<\/div>\n\t\t\t\t<\/div>\n\t\t\t\t\t<\/div>\n\t\t<\/div>\n\t\t\t\t<div class=\"elementor-column elementor-col-50 elementor-top-column elementor-element elementor-element-3e5315c\" data-id=\"3e5315c\" data-element_type=\"column\">\n\t\t\t<div class=\"elementor-widget-wrap elementor-element-populated\">\n\t\t\t\t\t\t<div class=\"elementor-element elementor-element-2ac84a8 elementor-widget elementor-widget-google_maps\" data-id=\"2ac84a8\" data-element_type=\"widget\" data-widget_type=\"google_maps.default\">\n\t\t\t\t<div class=\"elementor-widget-container\">\n\t\t\t\t\t\t\t<div class=\"elementor-custom-embed\">\n\t\t\t<iframe loading=\"lazy\"\n\t\t\t\t\tsrc=\"https:\/\/maps.google.com\/maps?q=platja%20illa%20roja&#038;t=m&#038;z=12&#038;output=embed&#038;iwloc=near\"\n\t\t\t\t\ttitle=\"platja illa roja\"\n\t\t\t\t\taria-label=\"platja illa roja\"\n\t\t\t><\/iframe>\n\t\t<\/div>\n\t\t\t\t\t\t<\/div>\n\t\t\t\t<\/div>\n\t\t\t\t\t<\/div>\n\t\t<\/div>\n\t\t\t\t\t<\/div>\n\t\t<\/section>\n\t\t\t\t<section class=\"elementor-section elementor-top-section elementor-element elementor-element-7dd4d6d elementor-section-boxed elementor-section-height-default elementor-section-height-default\" data-id=\"7dd4d6d\" data-element_type=\"section\">\n\t\t\t\t\t\t<div class=\"elementor-container elementor-column-gap-default\">\n\t\t\t\t\t<div class=\"elementor-column elementor-col-100 elementor-top-column elementor-element elementor-element-eab2445\" data-id=\"eab2445\" data-element_type=\"column\">\n\t\t\t<div class=\"elementor-widget-wrap elementor-element-populated\">\n\t\t\t\t\t\t<div class=\"elementor-element elementor-element-fc5f76d elementor-widget elementor-widget-text-editor\" data-id=\"fc5f76d\" data-element_type=\"widget\" data-widget_type=\"text-editor.default\">\n\t\t\t\t<div class=\"elementor-widget-container\">\n\t\t\t\t\t\t\t\t\t<p>Illa Roja is a nudist area near Barcelona, specifically in the municipality of Begur. Its name comes from a huge reddish rock that is in front of the beach. This is an internationally renowned nudist beach, about 120 meters long and 20 meters wide.<\/p><p>This coarse sandy beach, which ends in a huge rock wall, is wild and has no services.<\/p>\t\t\t\t\t\t\t\t<\/div>\n\t\t\t\t<\/div>\n\t\t\t\t\t<\/div>\n\t\t<\/div>\n\t\t\t\t\t<\/div>\n\t\t<\/section>\n\t\t\t\t<section class=\"elementor-section elementor-top-section elementor-element elementor-element-509b656 elementor-section-boxed elementor-section-height-default elementor-section-height-default\" data-id=\"509b656\" data-element_type=\"section\">\n\t\t\t\t\t\t<div class=\"elementor-container elementor-column-gap-default\">\n\t\t\t\t\t<div class=\"elementor-column elementor-col-100 elementor-top-column elementor-element elementor-element-42375d3\" data-id=\"42375d3\" data-element_type=\"column\">\n\t\t\t<div class=\"elementor-widget-wrap elementor-element-populated\">\n\t\t\t\t\t\t<div class=\"elementor-element elementor-element-c2860fb elementor-widget elementor-widget-html\" data-id=\"c2860fb\" data-element_type=\"widget\" data-widget_type=\"html.default\">\n\t\t\t\t<div class=\"elementor-widget-container\">\n\t\t\t\t\t<script async defer src=\"https:\/\/assets.guruwalk.com\/affiliates\/widget.min.js\"><\/script><guruwalk-tour-cards affiliate=\"xyv3os7s26pra5mlsbxy\" city=\"barcelona\" lang=\"es\" text-color=\"#484848\" primary-color=\"#ff5a5f\" secondary-color=\"#008489\" limit=\"3\" description=\"none\"><\/guruwalk-tour-cards>\t\t\t\t<\/div>\n\t\t\t\t<\/div>\n\t\t\t\t\t<\/div>\n\t\t<\/div>\n\t\t\t\t\t<\/div>\n\t\t<\/section>\n\t\t\t\t<section class=\"elementor-section elementor-top-section elementor-element elementor-element-87a37a6 elementor-section-boxed elementor-section-height-default elementor-section-height-default\" data-id=\"87a37a6\" data-element_type=\"section\">\n\t\t\t\t\t\t<div class=\"elementor-container elementor-column-gap-default\">\n\t\t\t\t\t<div class=\"elementor-column elementor-col-100 elementor-top-column elementor-element elementor-element-33575ee\" data-id=\"33575ee\" data-element_type=\"column\">\n\t\t\t<div class=\"elementor-widget-wrap elementor-element-populated\">\n\t\t\t\t\t\t<div class=\"elementor-element elementor-element-b68e0e4 elementor-align-center elementor-widget elementor-widget-button\" data-id=\"b68e0e4\" data-element_type=\"widget\" data-widget_type=\"button.default\">\n\t\t\t\t<div class=\"elementor-widget-container\">\n\t\t\t\t\t\t\t\t\t<div class=\"elementor-button-wrapper\">\n\t\t\t\t\t<a class=\"elementor-button elementor-button-link elementor-size-md\" href=\"https:\/\/www.willysplan.com\/free-tours-barcelona\">\n\t\t\t\t\t\t<span class=\"elementor-button-content-wrapper\">\n\t\t\t\t\t\t\t\t\t<span class=\"elementor-button-text\">Ver todos los free tours<\/span>\n\t\t\t\t\t<\/span>\n\t\t\t\t\t<\/a>\n\t\t\t\t<\/div>\n\t\t\t\t\t\t\t\t<\/div>\n\t\t\t\t<\/div>\n\t\t\t\t\t<\/div>\n\t\t<\/div>\n\t\t\t\t\t<\/div>\n\t\t<\/section>\n\t\t\t\t<section class=\"elementor-section elementor-top-section elementor-element elementor-element-463b1d6 elementor-section-boxed elementor-section-height-default elementor-section-height-default\" data-id=\"463b1d6\" data-element_type=\"section\">\n\t\t\t\t\t\t<div class=\"elementor-container elementor-column-gap-default\">\n\t\t\t\t\t<div class=\"elementor-column elementor-col-100 elementor-top-column elementor-element elementor-element-906796f\" data-id=\"906796f\" data-element_type=\"column\">\n\t\t\t<div class=\"elementor-widget-wrap elementor-element-populated\">\n\t\t\t\t\t\t<div class=\"elementor-element elementor-element-add74af elementor-widget elementor-widget-heading\" data-id=\"add74af\" data-element_type=\"widget\" data-widget_type=\"heading.default\">\n\t\t\t\t<div class=\"elementor-widget-container\">\n\t\t\t\t\t<h2 class=\"elementor-heading-title elementor-size-default\">5. Cala Estreta<\/h2>\t\t\t\t<\/div>\n\t\t\t\t<\/div>\n\t\t\t\t\t<\/div>\n\t\t<\/div>\n\t\t\t\t\t<\/div>\n\t\t<\/section>\n\t\t\t\t<section class=\"elementor-section elementor-top-section elementor-element elementor-element-17f4fe2 elementor-section-boxed elementor-section-height-default elementor-section-height-default\" data-id=\"17f4fe2\" data-element_type=\"section\">\n\t\t\t\t\t\t<div class=\"elementor-container elementor-column-gap-default\">\n\t\t\t\t\t<div class=\"elementor-column elementor-col-50 elementor-top-column elementor-element elementor-element-e70c3b5\" data-id=\"e70c3b5\" data-element_type=\"column\">\n\t\t\t<div class=\"elementor-widget-wrap elementor-element-populated\">\n\t\t\t\t\t\t<div class=\"elementor-element elementor-element-6952af3 elementor-widget elementor-widget-image\" data-id=\"6952af3\" data-element_type=\"widget\" data-widget_type=\"image.default\">\n\t\t\t\t<div class=\"elementor-widget-container\">\n\t\t\t\t\t\t\t\t\t\t\t\t\t\t\t<img loading=\"lazy\" decoding=\"async\" width=\"1024\" height=\"669\" src=\"https:\/\/www.willysplan.com\/wp-content\/uploads\/2023\/05\/Screenshot-2023-05-18-at-08.01.42-1024x669.png\" class=\"attachment-large size-large wp-image-19786\" alt=\"\" srcset=\"https:\/\/www.willysplan.com\/wp-content\/uploads\/2023\/05\/Screenshot-2023-05-18-at-08.01.42-1024x669.png 1024w, https:\/\/www.willysplan.com\/wp-content\/uploads\/2023\/05\/Screenshot-2023-05-18-at-08.01.42-300x196.png 300w, https:\/\/www.willysplan.com\/wp-content\/uploads\/2023\/05\/Screenshot-2023-05-18-at-08.01.42-768x502.png 768w, https:\/\/www.willysplan.com\/wp-content\/uploads\/2023\/05\/Screenshot-2023-05-18-at-08.01.42-1536x1004.png 1536w, https:\/\/www.willysplan.com\/wp-content\/uploads\/2023\/05\/Screenshot-2023-05-18-at-08.01.42-600x392.png 600w, https:\/\/www.willysplan.com\/wp-content\/uploads\/2023\/05\/Screenshot-2023-05-18-at-08.01.42.png 1542w\" sizes=\"(max-width: 1024px) 100vw, 1024px\" \/>\t\t\t\t\t\t\t\t\t\t\t\t\t\t\t<\/div>\n\t\t\t\t<\/div>\n\t\t\t\t\t<\/div>\n\t\t<\/div>\n\t\t\t\t<div class=\"elementor-column elementor-col-50 elementor-top-column elementor-element elementor-element-4eea298\" data-id=\"4eea298\" data-element_type=\"column\">\n\t\t\t<div class=\"elementor-widget-wrap elementor-element-populated\">\n\t\t\t\t\t\t<div class=\"elementor-element elementor-element-d04aa7e elementor-widget elementor-widget-google_maps\" data-id=\"d04aa7e\" data-element_type=\"widget\" data-widget_type=\"google_maps.default\">\n\t\t\t\t<div class=\"elementor-widget-container\">\n\t\t\t\t\t\t\t<div class=\"elementor-custom-embed\">\n\t\t\t<iframe loading=\"lazy\"\n\t\t\t\t\tsrc=\"https:\/\/maps.google.com\/maps?q=cala%20estreta&#038;t=m&#038;z=12&#038;output=embed&#038;iwloc=near\"\n\t\t\t\t\ttitle=\"cala estreta\"\n\t\t\t\t\taria-label=\"cala estreta\"\n\t\t\t><\/iframe>\n\t\t<\/div>\n\t\t\t\t\t\t<\/div>\n\t\t\t\t<\/div>\n\t\t\t\t\t<\/div>\n\t\t<\/div>\n\t\t\t\t\t<\/div>\n\t\t<\/section>\n\t\t\t\t<section class=\"elementor-section elementor-top-section elementor-element elementor-element-9e9ef71 elementor-section-boxed elementor-section-height-default elementor-section-height-default\" data-id=\"9e9ef71\" data-element_type=\"section\">\n\t\t\t\t\t\t<div class=\"elementor-container elementor-column-gap-default\">\n\t\t\t\t\t<div class=\"elementor-column elementor-col-100 elementor-top-column elementor-element elementor-element-5ca7731\" data-id=\"5ca7731\" data-element_type=\"column\">\n\t\t\t<div class=\"elementor-widget-wrap elementor-element-populated\">\n\t\t\t\t\t\t<div class=\"elementor-element elementor-element-1aafa5b elementor-widget elementor-widget-text-editor\" data-id=\"1aafa5b\" data-element_type=\"widget\" data-widget_type=\"text-editor.default\">\n\t\t\t\t<div class=\"elementor-widget-container\">\n\t\t\t\t\t\t\t\t\t<p>We continue with our selection of the best nudist beaches on the map of Catalonia, with Cala Estreta. Some say that it is the cove for which the inhabitants of the Baix Empord\u00e0 are most proud and, if you ever visit it, you will realize why. The truth is that it is beautiful, although its access is not easy.<\/p><p>To get to the nudist Estreta cove you will have to make a 45-minute walk from the beach of Castell.<\/p>\t\t\t\t\t\t\t\t<\/div>\n\t\t\t\t<\/div>\n\t\t\t\t\t<\/div>\n\t\t<\/div>\n\t\t\t\t\t<\/div>\n\t\t<\/section>\n\t\t\t\t<section class=\"elementor-section elementor-top-section elementor-element elementor-element-f734620 elementor-section-boxed elementor-section-height-default elementor-section-height-default\" data-id=\"f734620\" data-element_type=\"section\">\n\t\t\t\t\t\t<div class=\"elementor-container elementor-column-gap-default\">\n\t\t\t\t\t<div class=\"elementor-column elementor-col-100 elementor-top-column elementor-element elementor-element-eefd421\" data-id=\"eefd421\" data-element_type=\"column\">\n\t\t\t<div class=\"elementor-widget-wrap elementor-element-populated\">\n\t\t\t\t\t\t<div class=\"elementor-element elementor-element-6939752 elementor-cta--layout-image-left elementor-cta--valign-middle elementor-hidden-mobile elementor-cta--skin-classic elementor-animated-content elementor-widget elementor-widget-call-to-action\" data-id=\"6939752\" data-element_type=\"widget\" data-widget_type=\"call-to-action.default\">\n\t\t\t\t<div class=\"elementor-widget-container\">\n\t\t\t\t\t\t\t<a class=\"elementor-cta\" href=\"https:\/\/www.willysplan.com\/tours-privados-barcelona\/tour-passeig-de-gracia\">\n\t\t\t\t\t<div class=\"elementor-cta__bg-wrapper\">\n\t\t\t\t<div class=\"elementor-cta__bg elementor-bg\" style=\"background-image: url(https:\/\/www.willysplan.com\/wp-content\/uploads\/2022\/10\/Passeig-de-gracia-1-1024x685.webp);\" role=\"img\" aria-label=\"tour por el passeig de gracia\"><\/div>\n\t\t\t\t<div class=\"elementor-cta__bg-overlay\"><\/div>\n\t\t\t<\/div>\n\t\t\t\t\t\t\t<div class=\"elementor-cta__content\">\n\t\t\t\t\n\t\t\t\t\t\t\t\t\t<h2 class=\"elementor-cta__title elementor-cta__content-item elementor-content-item\">\n\t\t\t\t\t\tTour por el Passeig de Gr\u00e0cia\t\t\t\t\t<\/h2>\n\t\t\t\t\n\t\t\t\t\t\t\t\t\t<div class=\"elementor-cta__description elementor-cta__content-item elementor-content-item\">\n\t\t\t\t\t\t\u2b50\u2b50\u2b50\u2b50\u2b50<br><br>\ud83d\udd50 2 horas.<br>\ud83d\udcac Espa\u00f1ol, Ingl\u00e9s, Italiano, Franc\u00e9s, Portugu\u00e9s, Alem\u00e1n, Chino, Ruso y \u00c1rabe.<br>\u2714 Cancelaci\u00f3n gratuita.\t\t\t\t\t<\/div>\n\t\t\t\t\n\t\t\t\t\t\t\t<\/div>\n\t\t\t\t\t\t\t<div class=\"elementor-ribbon elementor-ribbon-right\">\n\t\t\t\t<div class=\"elementor-ribbon-inner\">\n\t\t\t\t\tDesde 70\u20ac\t\t\t\t<\/div>\n\t\t\t<\/div>\n\t\t\t\t<\/a>\n\t\t\t\t\t\t<\/div>\n\t\t\t\t<\/div>\n\t\t\t\t\t<\/div>\n\t\t<\/div>\n\t\t\t\t\t<\/div>\n\t\t<\/section>\n\t\t\t\t<section class=\"elementor-section elementor-top-section elementor-element elementor-element-1554571 elementor-section-boxed elementor-section-height-default elementor-section-height-default\" data-id=\"1554571\" data-element_type=\"section\">\n\t\t\t\t\t\t<div class=\"elementor-container elementor-column-gap-default\">\n\t\t\t\t\t<div class=\"elementor-column elementor-col-100 elementor-top-column elementor-element elementor-element-e76a831\" data-id=\"e76a831\" data-element_type=\"column\">\n\t\t\t<div class=\"elementor-widget-wrap elementor-element-populated\">\n\t\t\t\t\t\t<div class=\"elementor-element elementor-element-3f2c459 elementor-cta--layout-image-above elementor-cta--valign-middle elementor-cta--mobile-layout-image-above elementor-hidden-desktop elementor-hidden-tablet elementor-cta--skin-classic elementor-animated-content elementor-widget elementor-widget-call-to-action\" data-id=\"3f2c459\" data-element_type=\"widget\" data-widget_type=\"call-to-action.default\">\n\t\t\t\t<div class=\"elementor-widget-container\">\n\t\t\t\t\t\t\t<a class=\"elementor-cta\" href=\"https:\/\/www.willysplan.com\/tours-privados-barcelona\/tour-passeig-de-gracia\">\n\t\t\t\t\t<div class=\"elementor-cta__bg-wrapper\">\n\t\t\t\t<div class=\"elementor-cta__bg elementor-bg\" style=\"background-image: url(https:\/\/www.willysplan.com\/wp-content\/uploads\/2022\/10\/Passeig-de-gracia-1-1024x685.webp);\" role=\"img\" aria-label=\"tour por el passeig de gracia\"><\/div>\n\t\t\t\t<div class=\"elementor-cta__bg-overlay\"><\/div>\n\t\t\t<\/div>\n\t\t\t\t\t\t\t<div class=\"elementor-cta__content\">\n\t\t\t\t\n\t\t\t\t\t\t\t\t\t<h2 class=\"elementor-cta__title elementor-cta__content-item elementor-content-item\">\n\t\t\t\t\t\tTour por el Passeig de Gr\u00e0cia\t\t\t\t\t<\/h2>\n\t\t\t\t\n\t\t\t\t\t\t\t\t\t<div class=\"elementor-cta__description elementor-cta__content-item elementor-content-item\">\n\t\t\t\t\t\t\u2b50\u2b50\u2b50\u2b50\u2b50<br><br>\ud83d\udd50 2 horas.<br>\ud83d\udcac Espa\u00f1ol, Ingl\u00e9s, Italiano, Franc\u00e9s, Portugu\u00e9s, Alem\u00e1n, Chino, Ruso y \u00c1rabe.<br>\u2714 Cancelaci\u00f3n gratuita.\t\t\t\t\t<\/div>\n\t\t\t\t\n\t\t\t\t\t\t\t<\/div>\n\t\t\t\t\t\t\t<div class=\"elementor-ribbon elementor-ribbon-right\">\n\t\t\t\t<div class=\"elementor-ribbon-inner\">\n\t\t\t\t\tDesde 70\u20ac\t\t\t\t<\/div>\n\t\t\t<\/div>\n\t\t\t\t<\/a>\n\t\t\t\t\t\t<\/div>\n\t\t\t\t<\/div>\n\t\t\t\t\t<\/div>\n\t\t<\/div>\n\t\t\t\t\t<\/div>\n\t\t<\/section>\n\t\t\t\t<section class=\"elementor-section elementor-top-section elementor-element elementor-element-7bb36bb elementor-section-boxed elementor-section-height-default elementor-section-height-default\" data-id=\"7bb36bb\" data-element_type=\"section\">\n\t\t\t\t\t\t<div class=\"elementor-container elementor-column-gap-default\">\n\t\t\t\t\t<div class=\"elementor-column elementor-col-100 elementor-top-column elementor-element elementor-element-09c6d3a\" data-id=\"09c6d3a\" data-element_type=\"column\">\n\t\t\t<div class=\"elementor-widget-wrap elementor-element-populated\">\n\t\t\t\t\t\t<div class=\"elementor-element elementor-element-4ede867 elementor-align-center elementor-widget elementor-widget-button\" data-id=\"4ede867\" data-element_type=\"widget\" data-widget_type=\"button.default\">\n\t\t\t\t<div class=\"elementor-widget-container\">\n\t\t\t\t\t\t\t\t\t<div class=\"elementor-button-wrapper\">\n\t\t\t\t\t<a class=\"elementor-button elementor-button-link elementor-size-md\" href=\"https:\/\/www.willysplan.com\/tours-privados-barcelona\">\n\t\t\t\t\t\t<span class=\"elementor-button-content-wrapper\">\n\t\t\t\t\t\t\t\t\t<span class=\"elementor-button-text\">Ver todos nuestros tours privados<\/span>\n\t\t\t\t\t<\/span>\n\t\t\t\t\t<\/a>\n\t\t\t\t<\/div>\n\t\t\t\t\t\t\t\t<\/div>\n\t\t\t\t<\/div>\n\t\t\t\t\t<\/div>\n\t\t<\/div>\n\t\t\t\t\t<\/div>\n\t\t<\/section>\n\t\t\t\t<section class=\"elementor-section elementor-top-section elementor-element elementor-element-15b5636 elementor-section-boxed elementor-section-height-default elementor-section-height-default\" data-id=\"15b5636\" data-element_type=\"section\">\n\t\t\t\t\t\t<div class=\"elementor-container elementor-column-gap-default\">\n\t\t\t\t\t<div class=\"elementor-column elementor-col-100 elementor-top-column elementor-element elementor-element-bdb4769\" data-id=\"bdb4769\" data-element_type=\"column\">\n\t\t\t<div class=\"elementor-widget-wrap elementor-element-populated\">\n\t\t\t\t\t\t<div class=\"elementor-element elementor-element-b9343a2 elementor-widget elementor-widget-heading\" data-id=\"b9343a2\" data-element_type=\"widget\" data-widget_type=\"heading.default\">\n\t\t\t\t<div class=\"elementor-widget-container\">\n\t\t\t\t\t<h2 class=\"elementor-heading-title elementor-size-default\">6. Waikiki Beach<\/h2>\t\t\t\t<\/div>\n\t\t\t\t<\/div>\n\t\t\t\t\t<\/div>\n\t\t<\/div>\n\t\t\t\t\t<\/div>\n\t\t<\/section>\n\t\t\t\t<section class=\"elementor-section elementor-top-section elementor-element elementor-element-75483c7 elementor-section-boxed elementor-section-height-default elementor-section-height-default\" data-id=\"75483c7\" data-element_type=\"section\">\n\t\t\t\t\t\t<div class=\"elementor-container elementor-column-gap-default\">\n\t\t\t\t\t<div class=\"elementor-column elementor-col-50 elementor-top-column elementor-element elementor-element-1aab861\" data-id=\"1aab861\" data-element_type=\"column\">\n\t\t\t<div class=\"elementor-widget-wrap elementor-element-populated\">\n\t\t\t\t\t\t<div class=\"elementor-element elementor-element-b5fd43b elementor-widget elementor-widget-image\" data-id=\"b5fd43b\" data-element_type=\"widget\" data-widget_type=\"image.default\">\n\t\t\t\t<div class=\"elementor-widget-container\">\n\t\t\t\t\t\t\t\t\t\t\t\t\t\t\t<img loading=\"lazy\" decoding=\"async\" width=\"1024\" height=\"711\" src=\"https:\/\/www.willysplan.com\/wp-content\/uploads\/2023\/05\/Screenshot-2023-05-18-at-08.05.49-1024x711.png\" class=\"attachment-large size-large wp-image-19789\" alt=\"\" srcset=\"https:\/\/www.willysplan.com\/wp-content\/uploads\/2023\/05\/Screenshot-2023-05-18-at-08.05.49-1024x711.png 1024w, https:\/\/www.willysplan.com\/wp-content\/uploads\/2023\/05\/Screenshot-2023-05-18-at-08.05.49-300x208.png 300w, https:\/\/www.willysplan.com\/wp-content\/uploads\/2023\/05\/Screenshot-2023-05-18-at-08.05.49-768x533.png 768w, https:\/\/www.willysplan.com\/wp-content\/uploads\/2023\/05\/Screenshot-2023-05-18-at-08.05.49-600x416.png 600w, https:\/\/www.willysplan.com\/wp-content\/uploads\/2023\/05\/Screenshot-2023-05-18-at-08.05.49.png 1242w\" sizes=\"(max-width: 1024px) 100vw, 1024px\" \/>\t\t\t\t\t\t\t\t\t\t\t\t\t\t\t<\/div>\n\t\t\t\t<\/div>\n\t\t\t\t\t<\/div>\n\t\t<\/div>\n\t\t\t\t<div class=\"elementor-column elementor-col-50 elementor-top-column elementor-element elementor-element-151e5f7\" data-id=\"151e5f7\" data-element_type=\"column\">\n\t\t\t<div class=\"elementor-widget-wrap elementor-element-populated\">\n\t\t\t\t\t\t<div class=\"elementor-element elementor-element-3e97a93 elementor-widget elementor-widget-google_maps\" data-id=\"3e97a93\" data-element_type=\"widget\" data-widget_type=\"google_maps.default\">\n\t\t\t\t<div class=\"elementor-widget-container\">\n\t\t\t\t\t\t\t<div class=\"elementor-custom-embed\">\n\t\t\t<iframe loading=\"lazy\"\n\t\t\t\t\tsrc=\"https:\/\/maps.google.com\/maps?q=platja%20de%20l%27arbo%C3%A7ar&#038;t=m&#038;z=12&#038;output=embed&#038;iwloc=near\"\n\t\t\t\t\ttitle=\"platja de l&#039;arbo\u00e7ar\"\n\t\t\t\t\taria-label=\"platja de l&#039;arbo\u00e7ar\"\n\t\t\t><\/iframe>\n\t\t<\/div>\n\t\t\t\t\t\t<\/div>\n\t\t\t\t<\/div>\n\t\t\t\t\t<\/div>\n\t\t<\/div>\n\t\t\t\t\t<\/div>\n\t\t<\/section>\n\t\t\t\t<section class=\"elementor-section elementor-top-section elementor-element elementor-element-125a922 elementor-section-boxed elementor-section-height-default elementor-section-height-default\" data-id=\"125a922\" data-element_type=\"section\">\n\t\t\t\t\t\t<div class=\"elementor-container elementor-column-gap-default\">\n\t\t\t\t\t<div class=\"elementor-column elementor-col-100 elementor-top-column elementor-element elementor-element-4016297\" data-id=\"4016297\" data-element_type=\"column\">\n\t\t\t<div class=\"elementor-widget-wrap elementor-element-populated\">\n\t\t\t\t\t\t<div class=\"elementor-element elementor-element-f575834 elementor-widget elementor-widget-text-editor\" data-id=\"f575834\" data-element_type=\"widget\" data-widget_type=\"text-editor.default\">\n\t\t\t\t<div class=\"elementor-widget-container\">\n\t\t\t\t\t\t\t\t\t<p>This may not be a nudist beach in Barcelona city, but you can get there if you are willing to spend a little time by train and we assure you that it is worth it! Located 10 kilometers from Tarragona, on the Costa Daurada is the Waikiki Beach, positioned as one of the best beaches in Catalonia.<\/p><p>This stretch of sand is named after the famous beach of Hawaii because of its crystal blue waters, fine sands and a very relaxed atmosphere. When you arrive you will see that not everyone is naked, as nudism on this beach is optional.<\/p>\t\t\t\t\t\t\t\t<\/div>\n\t\t\t\t<\/div>\n\t\t\t\t\t<\/div>\n\t\t<\/div>\n\t\t\t\t\t<\/div>\n\t\t<\/section>\n\t\t\t\t<section class=\"elementor-section elementor-top-section elementor-element elementor-element-e9b80a3 elementor-section-boxed elementor-section-height-default elementor-section-height-default\" data-id=\"e9b80a3\" data-element_type=\"section\">\n\t\t\t\t\t\t<div class=\"elementor-container elementor-column-gap-default\">\n\t\t\t\t\t<div class=\"elementor-column elementor-col-100 elementor-top-column elementor-element elementor-element-9dd7f69\" data-id=\"9dd7f69\" data-element_type=\"column\">\n\t\t\t<div class=\"elementor-widget-wrap elementor-element-populated\">\n\t\t\t\t\t\t<div class=\"elementor-element elementor-element-6e58283 elementor-widget elementor-widget-heading\" data-id=\"6e58283\" data-element_type=\"widget\" data-widget_type=\"heading.default\">\n\t\t\t\t<div class=\"elementor-widget-container\">\n\t\t\t\t\t<h2 class=\"elementor-heading-title elementor-size-default\">7. Playa del Coco<\/h2>\t\t\t\t<\/div>\n\t\t\t\t<\/div>\n\t\t\t\t\t<\/div>\n\t\t<\/div>\n\t\t\t\t\t<\/div>\n\t\t<\/section>\n\t\t\t\t<section class=\"elementor-section elementor-top-section elementor-element elementor-element-7f43acc elementor-section-boxed elementor-section-height-default elementor-section-height-default\" data-id=\"7f43acc\" data-element_type=\"section\">\n\t\t\t\t\t\t<div class=\"elementor-container elementor-column-gap-default\">\n\t\t\t\t\t<div class=\"elementor-column elementor-col-50 elementor-top-column elementor-element elementor-element-02588a6\" data-id=\"02588a6\" data-element_type=\"column\">\n\t\t\t<div class=\"elementor-widget-wrap elementor-element-populated\">\n\t\t\t\t\t\t<div class=\"elementor-element elementor-element-3e17668 elementor-widget elementor-widget-image\" data-id=\"3e17668\" data-element_type=\"widget\" data-widget_type=\"image.default\">\n\t\t\t\t<div class=\"elementor-widget-container\">\n\t\t\t\t\t\t\t\t\t\t\t\t\t\t\t<img loading=\"lazy\" decoding=\"async\" width=\"1024\" height=\"640\" src=\"https:\/\/www.willysplan.com\/wp-content\/uploads\/2023\/05\/Screenshot-2023-05-18-at-18.59.25-1024x640.png\" class=\"attachment-large size-large wp-image-19796\" alt=\"\" srcset=\"https:\/\/www.willysplan.com\/wp-content\/uploads\/2023\/05\/Screenshot-2023-05-18-at-18.59.25-1024x640.png 1024w, https:\/\/www.willysplan.com\/wp-content\/uploads\/2023\/05\/Screenshot-2023-05-18-at-18.59.25-300x187.png 300w, https:\/\/www.willysplan.com\/wp-content\/uploads\/2023\/05\/Screenshot-2023-05-18-at-18.59.25-768x480.png 768w, https:\/\/www.willysplan.com\/wp-content\/uploads\/2023\/05\/Screenshot-2023-05-18-at-18.59.25-1536x959.png 1536w, https:\/\/www.willysplan.com\/wp-content\/uploads\/2023\/05\/Screenshot-2023-05-18-at-18.59.25-600x375.png 600w, https:\/\/www.willysplan.com\/wp-content\/uploads\/2023\/05\/Screenshot-2023-05-18-at-18.59.25.png 1566w\" sizes=\"(max-width: 1024px) 100vw, 1024px\" \/>\t\t\t\t\t\t\t\t\t\t\t\t\t\t\t<\/div>\n\t\t\t\t<\/div>\n\t\t\t\t\t<\/div>\n\t\t<\/div>\n\t\t\t\t<div class=\"elementor-column elementor-col-50 elementor-top-column elementor-element elementor-element-5a097cc\" data-id=\"5a097cc\" data-element_type=\"column\">\n\t\t\t<div class=\"elementor-widget-wrap elementor-element-populated\">\n\t\t\t\t\t\t<div class=\"elementor-element elementor-element-b0d1a3a elementor-widget elementor-widget-google_maps\" data-id=\"b0d1a3a\" data-element_type=\"widget\" data-widget_type=\"google_maps.default\">\n\t\t\t\t<div class=\"elementor-widget-container\">\n\t\t\t\t\t\t\t<div class=\"elementor-custom-embed\">\n\t\t\t<iframe loading=\"lazy\"\n\t\t\t\t\tsrc=\"https:\/\/maps.google.com\/maps?q=platja%20del%20coco%20badalona&#038;t=m&#038;z=12&#038;output=embed&#038;iwloc=near\"\n\t\t\t\t\ttitle=\"platja del coco badalona\"\n\t\t\t\t\taria-label=\"platja del coco badalona\"\n\t\t\t><\/iframe>\n\t\t<\/div>\n\t\t\t\t\t\t<\/div>\n\t\t\t\t<\/div>\n\t\t\t\t\t<\/div>\n\t\t<\/div>\n\t\t\t\t\t<\/div>\n\t\t<\/section>\n\t\t\t\t<section class=\"elementor-section elementor-top-section elementor-element elementor-element-7d32784 elementor-section-boxed elementor-section-height-default elementor-section-height-default\" data-id=\"7d32784\" data-element_type=\"section\">\n\t\t\t\t\t\t<div class=\"elementor-container elementor-column-gap-default\">\n\t\t\t\t\t<div class=\"elementor-column elementor-col-100 elementor-top-column elementor-element elementor-element-a5fbe18\" data-id=\"a5fbe18\" data-element_type=\"column\">\n\t\t\t<div class=\"elementor-widget-wrap elementor-element-populated\">\n\t\t\t\t\t\t<div class=\"elementor-element elementor-element-3baf7dc elementor-widget elementor-widget-text-editor\" data-id=\"3baf7dc\" data-element_type=\"widget\" data-widget_type=\"text-editor.default\">\n\t\t\t\t<div class=\"elementor-widget-container\">\n\t\t\t\t\t\t\t\t\t<p>Playa del Coco is one of the best nudist beaches in the Maresme and is located very close to Barcelona. Its 80 meters long and 80 meters wide make this beach has space for both nudists and swimsuit wearers.<\/p><p>The nudist area as such, begins at the breakwater closest to the port and is accessed from the promenade. Therefore, it is an urban beach that offers a multitude of services such as beach bars, bars, restaurants and supermarkets where you can buy food, drinks or a refreshing ice cream.<\/p>\t\t\t\t\t\t\t\t<\/div>\n\t\t\t\t<\/div>\n\t\t\t\t\t<\/div>\n\t\t<\/div>\n\t\t\t\t\t<\/div>\n\t\t<\/section>\n\t\t\t\t<section class=\"elementor-section elementor-top-section elementor-element elementor-element-98a519b elementor-section-boxed elementor-section-height-default elementor-section-height-default\" data-id=\"98a519b\" data-element_type=\"section\">\n\t\t\t\t\t\t<div class=\"elementor-container elementor-column-gap-default\">\n\t\t\t\t\t<div class=\"elementor-column elementor-col-100 elementor-top-column elementor-element elementor-element-c89e483\" data-id=\"c89e483\" data-element_type=\"column\">\n\t\t\t<div class=\"elementor-widget-wrap elementor-element-populated\">\n\t\t\t\t\t\t<div class=\"elementor-element elementor-element-d246774 elementor-cta--layout-image-left elementor-cta--valign-middle elementor-hidden-mobile elementor-cta--skin-classic elementor-animated-content elementor-widget elementor-widget-call-to-action\" data-id=\"d246774\" data-element_type=\"widget\" data-widget_type=\"call-to-action.default\">\n\t\t\t\t<div class=\"elementor-widget-container\">\n\t\t\t\t\t\t\t<a class=\"elementor-cta\" href=\"https:\/\/www.willysplan.com\/tours-privados-barcelona\/tour-por-la-barceloneta\">\n\t\t\t\t\t<div class=\"elementor-cta__bg-wrapper\">\n\t\t\t\t<div class=\"elementor-cta__bg elementor-bg\" style=\"background-image: url(https:\/\/www.willysplan.com\/wp-content\/uploads\/2022\/10\/tour-por-la-barceloneta.webp);\" role=\"img\" aria-label=\"ruta por la barceloneta\"><\/div>\n\t\t\t\t<div class=\"elementor-cta__bg-overlay\"><\/div>\n\t\t\t<\/div>\n\t\t\t\t\t\t\t<div class=\"elementor-cta__content\">\n\t\t\t\t\n\t\t\t\t\t\t\t\t\t<h2 class=\"elementor-cta__title elementor-cta__content-item elementor-content-item\">\n\t\t\t\t\t\tTour por La Barceloneta (la playa de Barcelona)\t\t\t\t\t<\/h2>\n\t\t\t\t\n\t\t\t\t\t\t\t\t\t<div class=\"elementor-cta__description elementor-cta__content-item elementor-content-item\">\n\t\t\t\t\t\t\u2b50\u2b50\u2b50\u2b50\u2b50<br><br>\ud83d\udd50 2 horas.<br>\ud83d\udcac Espa\u00f1ol, Ingl\u00e9s, Italiano, Franc\u00e9s, Portugu\u00e9s, Alem\u00e1n, Chino, Ruso y \u00c1rabe.<br>\u2714 Cancelaci\u00f3n gratuita.\t\t\t\t\t<\/div>\n\t\t\t\t\n\t\t\t\t\t\t\t<\/div>\n\t\t\t\t\t\t\t<div class=\"elementor-ribbon elementor-ribbon-right\">\n\t\t\t\t<div class=\"elementor-ribbon-inner\">\n\t\t\t\t\tDesde 70\u20ac\t\t\t\t<\/div>\n\t\t\t<\/div>\n\t\t\t\t<\/a>\n\t\t\t\t\t\t<\/div>\n\t\t\t\t<\/div>\n\t\t\t\t\t<\/div>\n\t\t<\/div>\n\t\t\t\t\t<\/div>\n\t\t<\/section>\n\t\t\t\t<section class=\"elementor-section elementor-top-section elementor-element elementor-element-6f25b6e elementor-section-boxed elementor-section-height-default elementor-section-height-default\" data-id=\"6f25b6e\" data-element_type=\"section\">\n\t\t\t\t\t\t<div class=\"elementor-container elementor-column-gap-default\">\n\t\t\t\t\t<div class=\"elementor-column elementor-col-100 elementor-top-column elementor-element elementor-element-af43684\" data-id=\"af43684\" data-element_type=\"column\">\n\t\t\t<div class=\"elementor-widget-wrap elementor-element-populated\">\n\t\t\t\t\t\t<div class=\"elementor-element elementor-element-70e64b6 elementor-cta--layout-image-above elementor-cta--valign-middle elementor-cta--mobile-layout-image-above elementor-hidden-desktop elementor-hidden-tablet elementor-cta--skin-classic elementor-animated-content elementor-widget elementor-widget-call-to-action\" data-id=\"70e64b6\" data-element_type=\"widget\" data-widget_type=\"call-to-action.default\">\n\t\t\t\t<div class=\"elementor-widget-container\">\n\t\t\t\t\t\t\t<a class=\"elementor-cta\" href=\"https:\/\/www.willysplan.com\/tours-privados-barcelona\/tour-por-la-barceloneta\">\n\t\t\t\t\t<div class=\"elementor-cta__bg-wrapper\">\n\t\t\t\t<div class=\"elementor-cta__bg elementor-bg\" style=\"background-image: url(https:\/\/www.willysplan.com\/wp-content\/uploads\/2022\/10\/tour-por-la-barceloneta.webp);\" role=\"img\" aria-label=\"ruta por la barceloneta\"><\/div>\n\t\t\t\t<div class=\"elementor-cta__bg-overlay\"><\/div>\n\t\t\t<\/div>\n\t\t\t\t\t\t\t<div class=\"elementor-cta__content\">\n\t\t\t\t\n\t\t\t\t\t\t\t\t\t<h2 class=\"elementor-cta__title elementor-cta__content-item elementor-content-item\">\n\t\t\t\t\t\tTour por La Barceloneta (la playa de Barcelona)\t\t\t\t\t<\/h2>\n\t\t\t\t\n\t\t\t\t\t\t\t\t\t<div class=\"elementor-cta__description elementor-cta__content-item elementor-content-item\">\n\t\t\t\t\t\t\u2b50\u2b50\u2b50\u2b50\u2b50<br><br>\ud83d\udd50 2 horas.<br>\ud83d\udcac Espa\u00f1ol, Ingl\u00e9s, Italiano, Franc\u00e9s, Portugu\u00e9s, Alem\u00e1n, Chino, Ruso y \u00c1rabe.<br>\u2714 Cancelaci\u00f3n gratuita.\t\t\t\t\t<\/div>\n\t\t\t\t\n\t\t\t\t\t\t\t<\/div>\n\t\t\t\t\t\t\t<div class=\"elementor-ribbon elementor-ribbon-right\">\n\t\t\t\t<div class=\"elementor-ribbon-inner\">\n\t\t\t\t\tDesde 70\u20ac\t\t\t\t<\/div>\n\t\t\t<\/div>\n\t\t\t\t<\/a>\n\t\t\t\t\t\t<\/div>\n\t\t\t\t<\/div>\n\t\t\t\t\t<\/div>\n\t\t<\/div>\n\t\t\t\t\t<\/div>\n\t\t<\/section>\n\t\t\t\t<section class=\"elementor-section elementor-top-section elementor-element elementor-element-8243f0b elementor-section-boxed elementor-section-height-default elementor-section-height-default\" data-id=\"8243f0b\" data-element_type=\"section\">\n\t\t\t\t\t\t<div class=\"elementor-container elementor-column-gap-default\">\n\t\t\t\t\t<div class=\"elementor-column elementor-col-100 elementor-top-column elementor-element elementor-element-4a67f0e\" data-id=\"4a67f0e\" data-element_type=\"column\">\n\t\t\t<div class=\"elementor-widget-wrap elementor-element-populated\">\n\t\t\t\t\t\t<div class=\"elementor-element elementor-element-42e62f1 elementor-align-center elementor-widget elementor-widget-button\" data-id=\"42e62f1\" data-element_type=\"widget\" data-widget_type=\"button.default\">\n\t\t\t\t<div class=\"elementor-widget-container\">\n\t\t\t\t\t\t\t\t\t<div class=\"elementor-button-wrapper\">\n\t\t\t\t\t<a class=\"elementor-button elementor-button-link elementor-size-md\" href=\"https:\/\/www.willysplan.com\/tours-privados-barcelona\">\n\t\t\t\t\t\t<span class=\"elementor-button-content-wrapper\">\n\t\t\t\t\t\t\t\t\t<span class=\"elementor-button-text\">Ver todos nuestros tours privados<\/span>\n\t\t\t\t\t<\/span>\n\t\t\t\t\t<\/a>\n\t\t\t\t<\/div>\n\t\t\t\t\t\t\t\t<\/div>\n\t\t\t\t<\/div>\n\t\t\t\t\t<\/div>\n\t\t<\/div>\n\t\t\t\t\t<\/div>\n\t\t<\/section>\n\t\t\t\t<section class=\"elementor-section elementor-top-section elementor-element elementor-element-1419b5a elementor-section-boxed elementor-section-height-default elementor-section-height-default\" data-id=\"1419b5a\" data-element_type=\"section\">\n\t\t\t\t\t\t<div class=\"elementor-container elementor-column-gap-default\">\n\t\t\t\t\t<div class=\"elementor-column elementor-col-100 elementor-top-column elementor-element elementor-element-4b25203\" data-id=\"4b25203\" data-element_type=\"column\">\n\t\t\t<div class=\"elementor-widget-wrap elementor-element-populated\">\n\t\t\t\t\t\t<div class=\"elementor-element elementor-element-7d59704 elementor-widget elementor-widget-heading\" data-id=\"7d59704\" data-element_type=\"widget\" data-widget_type=\"heading.default\">\n\t\t\t\t<div class=\"elementor-widget-container\">\n\t\t\t\t\t<h2 class=\"elementor-heading-title elementor-size-default\">8. Cala Morisca<\/h2>\t\t\t\t<\/div>\n\t\t\t\t<\/div>\n\t\t\t\t\t<\/div>\n\t\t<\/div>\n\t\t\t\t\t<\/div>\n\t\t<\/section>\n\t\t\t\t<section class=\"elementor-section elementor-top-section elementor-element elementor-element-63e6979 elementor-section-boxed elementor-section-height-default elementor-section-height-default\" data-id=\"63e6979\" data-element_type=\"section\">\n\t\t\t\t\t\t<div class=\"elementor-container elementor-column-gap-default\">\n\t\t\t\t\t<div class=\"elementor-column elementor-col-50 elementor-top-column elementor-element elementor-element-fbc73c9\" data-id=\"fbc73c9\" data-element_type=\"column\">\n\t\t\t<div class=\"elementor-widget-wrap elementor-element-populated\">\n\t\t\t\t\t\t<div class=\"elementor-element elementor-element-75490bd elementor-widget elementor-widget-image\" data-id=\"75490bd\" data-element_type=\"widget\" data-widget_type=\"image.default\">\n\t\t\t\t<div class=\"elementor-widget-container\">\n\t\t\t\t\t\t\t\t\t\t\t\t\t\t\t<img loading=\"lazy\" decoding=\"async\" width=\"1024\" height=\"622\" src=\"https:\/\/www.willysplan.com\/wp-content\/uploads\/2023\/05\/Screenshot-2023-05-18-at-19.07.02-1024x622.png\" class=\"attachment-large size-large wp-image-19799\" alt=\"\" srcset=\"https:\/\/www.willysplan.com\/wp-content\/uploads\/2023\/05\/Screenshot-2023-05-18-at-19.07.02-1024x622.png 1024w, https:\/\/www.willysplan.com\/wp-content\/uploads\/2023\/05\/Screenshot-2023-05-18-at-19.07.02-300x182.png 300w, https:\/\/www.willysplan.com\/wp-content\/uploads\/2023\/05\/Screenshot-2023-05-18-at-19.07.02-768x467.png 768w, https:\/\/www.willysplan.com\/wp-content\/uploads\/2023\/05\/Screenshot-2023-05-18-at-19.07.02-1536x933.png 1536w, https:\/\/www.willysplan.com\/wp-content\/uploads\/2023\/05\/Screenshot-2023-05-18-at-19.07.02-600x365.png 600w, https:\/\/www.willysplan.com\/wp-content\/uploads\/2023\/05\/Screenshot-2023-05-18-at-19.07.02.png 1560w\" sizes=\"(max-width: 1024px) 100vw, 1024px\" \/>\t\t\t\t\t\t\t\t\t\t\t\t\t\t\t<\/div>\n\t\t\t\t<\/div>\n\t\t\t\t\t<\/div>\n\t\t<\/div>\n\t\t\t\t<div class=\"elementor-column elementor-col-50 elementor-top-column elementor-element elementor-element-cd8b428\" data-id=\"cd8b428\" data-element_type=\"column\">\n\t\t\t<div class=\"elementor-widget-wrap elementor-element-populated\">\n\t\t\t\t\t\t<div class=\"elementor-element elementor-element-f7e2e09 elementor-widget elementor-widget-google_maps\" data-id=\"f7e2e09\" data-element_type=\"widget\" data-widget_type=\"google_maps.default\">\n\t\t\t\t<div class=\"elementor-widget-container\">\n\t\t\t\t\t\t\t<div class=\"elementor-custom-embed\">\n\t\t\t<iframe loading=\"lazy\"\n\t\t\t\t\tsrc=\"https:\/\/maps.google.com\/maps?q=cala%20morisca&#038;t=m&#038;z=12&#038;output=embed&#038;iwloc=near\"\n\t\t\t\t\ttitle=\"cala morisca\"\n\t\t\t\t\taria-label=\"cala morisca\"\n\t\t\t><\/iframe>\n\t\t<\/div>\n\t\t\t\t\t\t<\/div>\n\t\t\t\t<\/div>\n\t\t\t\t\t<\/div>\n\t\t<\/div>\n\t\t\t\t\t<\/div>\n\t\t<\/section>\n\t\t\t\t<section class=\"elementor-section elementor-top-section elementor-element elementor-element-ddd5a0c elementor-section-boxed elementor-section-height-default elementor-section-height-default\" data-id=\"ddd5a0c\" data-element_type=\"section\">\n\t\t\t\t\t\t<div class=\"elementor-container elementor-column-gap-default\">\n\t\t\t\t\t<div class=\"elementor-column elementor-col-100 elementor-top-column elementor-element elementor-element-eb5cab3\" data-id=\"eb5cab3\" data-element_type=\"column\">\n\t\t\t<div class=\"elementor-widget-wrap elementor-element-populated\">\n\t\t\t\t\t\t<div class=\"elementor-element elementor-element-160c0a4 elementor-widget elementor-widget-text-editor\" data-id=\"160c0a4\" data-element_type=\"widget\" data-widget_type=\"text-editor.default\">\n\t\t\t\t<div class=\"elementor-widget-container\">\n\t\t\t\t\t\t\t\t\t<p>Cala Morisca is a naturist beach in Barcelona province, which belongs to the municipality of Sitges, although to get there you must have a car, motorcycle or bike, since it is a little far from civilization. It is a small cove, of small dimensions in which textiles and nudists coexist.<\/p><p>The atmosphere is very familiar, mutual respect is promoted and there are no voyeurs. In addition, this beach is not crowded even during the month of August, so it is a good place to disconnect.<\/p>\t\t\t\t\t\t\t\t<\/div>\n\t\t\t\t<\/div>\n\t\t\t\t\t<\/div>\n\t\t<\/div>\n\t\t\t\t\t<\/div>\n\t\t<\/section>\n\t\t\t\t<section class=\"elementor-section elementor-top-section elementor-element elementor-element-34ec1f0 elementor-section-boxed elementor-section-height-default elementor-section-height-default\" data-id=\"34ec1f0\" data-element_type=\"section\">\n\t\t\t\t\t\t<div class=\"elementor-container elementor-column-gap-default\">\n\t\t\t\t\t<div class=\"elementor-column elementor-col-100 elementor-top-column elementor-element elementor-element-5189822\" data-id=\"5189822\" data-element_type=\"column\">\n\t\t\t<div class=\"elementor-widget-wrap elementor-element-populated\">\n\t\t\t\t\t\t<div class=\"elementor-element elementor-element-20eb4c8 elementor-widget elementor-widget-heading\" data-id=\"20eb4c8\" data-element_type=\"widget\" data-widget_type=\"heading.default\">\n\t\t\t\t<div class=\"elementor-widget-container\">\n\t\t\t\t\t<h2 class=\"elementor-heading-title elementor-size-default\">9. Playa del Torn<\/h2>\t\t\t\t<\/div>\n\t\t\t\t<\/div>\n\t\t\t\t\t<\/div>\n\t\t<\/div>\n\t\t\t\t\t<\/div>\n\t\t<\/section>\n\t\t\t\t<section class=\"elementor-section elementor-top-section elementor-element elementor-element-6342444 elementor-section-boxed elementor-section-height-default elementor-section-height-default\" data-id=\"6342444\" data-element_type=\"section\">\n\t\t\t\t\t\t<div class=\"elementor-container elementor-column-gap-default\">\n\t\t\t\t\t<div class=\"elementor-column elementor-col-50 elementor-top-column elementor-element elementor-element-e31b27e\" data-id=\"e31b27e\" data-element_type=\"column\">\n\t\t\t<div class=\"elementor-widget-wrap elementor-element-populated\">\n\t\t\t\t\t\t<div class=\"elementor-element elementor-element-3534196 elementor-widget elementor-widget-image\" data-id=\"3534196\" data-element_type=\"widget\" data-widget_type=\"image.default\">\n\t\t\t\t<div class=\"elementor-widget-container\">\n\t\t\t\t\t\t\t\t\t\t\t\t\t\t\t<img loading=\"lazy\" decoding=\"async\" width=\"1024\" height=\"610\" src=\"https:\/\/www.willysplan.com\/wp-content\/uploads\/2023\/05\/Screenshot-2023-05-18-at-19.11.39-1024x610.png\" class=\"attachment-large size-large wp-image-19802\" alt=\"\" srcset=\"https:\/\/www.willysplan.com\/wp-content\/uploads\/2023\/05\/Screenshot-2023-05-18-at-19.11.39-1024x610.png 1024w, https:\/\/www.willysplan.com\/wp-content\/uploads\/2023\/05\/Screenshot-2023-05-18-at-19.11.39-300x179.png 300w, https:\/\/www.willysplan.com\/wp-content\/uploads\/2023\/05\/Screenshot-2023-05-18-at-19.11.39-768x457.png 768w, https:\/\/www.willysplan.com\/wp-content\/uploads\/2023\/05\/Screenshot-2023-05-18-at-19.11.39-1536x915.png 1536w, https:\/\/www.willysplan.com\/wp-content\/uploads\/2023\/05\/Screenshot-2023-05-18-at-19.11.39-600x357.png 600w, https:\/\/www.willysplan.com\/wp-content\/uploads\/2023\/05\/Screenshot-2023-05-18-at-19.11.39.png 1656w\" sizes=\"(max-width: 1024px) 100vw, 1024px\" \/>\t\t\t\t\t\t\t\t\t\t\t\t\t\t\t<\/div>\n\t\t\t\t<\/div>\n\t\t\t\t\t<\/div>\n\t\t<\/div>\n\t\t\t\t<div class=\"elementor-column elementor-col-50 elementor-top-column elementor-element elementor-element-8f2c6cb\" data-id=\"8f2c6cb\" data-element_type=\"column\">\n\t\t\t<div class=\"elementor-widget-wrap elementor-element-populated\">\n\t\t\t\t\t\t<div class=\"elementor-element elementor-element-17fc9b5 elementor-widget elementor-widget-google_maps\" data-id=\"17fc9b5\" data-element_type=\"widget\" data-widget_type=\"google_maps.default\">\n\t\t\t\t<div class=\"elementor-widget-container\">\n\t\t\t\t\t\t\t<div class=\"elementor-custom-embed\">\n\t\t\t<iframe loading=\"lazy\"\n\t\t\t\t\tsrc=\"https:\/\/maps.google.com\/maps?q=platja%20del%20torn&#038;t=m&#038;z=12&#038;output=embed&#038;iwloc=near\"\n\t\t\t\t\ttitle=\"platja del torn\"\n\t\t\t\t\taria-label=\"platja del torn\"\n\t\t\t><\/iframe>\n\t\t<\/div>\n\t\t\t\t\t\t<\/div>\n\t\t\t\t<\/div>\n\t\t\t\t\t<\/div>\n\t\t<\/div>\n\t\t\t\t\t<\/div>\n\t\t<\/section>\n\t\t\t\t<section class=\"elementor-section elementor-top-section elementor-element elementor-element-7954886 elementor-section-boxed elementor-section-height-default elementor-section-height-default\" data-id=\"7954886\" data-element_type=\"section\">\n\t\t\t\t\t\t<div class=\"elementor-container elementor-column-gap-default\">\n\t\t\t\t\t<div class=\"elementor-column elementor-col-100 elementor-top-column elementor-element elementor-element-35c2468\" data-id=\"35c2468\" data-element_type=\"column\">\n\t\t\t<div class=\"elementor-widget-wrap elementor-element-populated\">\n\t\t\t\t\t\t<div class=\"elementor-element elementor-element-307b3cf elementor-widget elementor-widget-text-editor\" data-id=\"307b3cf\" data-element_type=\"widget\" data-widget_type=\"text-editor.default\">\n\t\t\t\t<div class=\"elementor-widget-container\">\n\t\t\t\t\t\t\t\t\t<p>At 2 kilometers from l&#8217;Hospitalet de l&#8217;Infant is the beach of El Torn, one of the best nudist beaches in Catalonia. It is the temple for naturists and is considered the most traditional, oldest and largest nudist beach, with a total of 1,600 meters wide.<\/p><p>In the northern part of the nudist beach there are usually many people, since the naturist campsite is located in front of it. About 100 meters further south, the beach is quieter, even in high season.<\/p>\t\t\t\t\t\t\t\t<\/div>\n\t\t\t\t<\/div>\n\t\t\t\t\t<\/div>\n\t\t<\/div>\n\t\t\t\t\t<\/div>\n\t\t<\/section>\n\t\t\t\t<section class=\"elementor-section elementor-top-section elementor-element elementor-element-23609e0 elementor-section-boxed elementor-section-height-default elementor-section-height-default\" data-id=\"23609e0\" data-element_type=\"section\">\n\t\t\t\t\t\t<div class=\"elementor-container elementor-column-gap-default\">\n\t\t\t\t\t<div class=\"elementor-column elementor-col-100 elementor-top-column elementor-element elementor-element-51008bb\" data-id=\"51008bb\" data-element_type=\"column\">\n\t\t\t<div class=\"elementor-widget-wrap elementor-element-populated\">\n\t\t\t\t\t\t<div class=\"elementor-element elementor-element-fb8ccd1 elementor-widget elementor-widget-heading\" data-id=\"fb8ccd1\" data-element_type=\"widget\" data-widget_type=\"heading.default\">\n\t\t\t\t<div class=\"elementor-widget-container\">\n\t\t\t\t\t<h2 class=\"elementor-heading-title elementor-size-default\">10. Savinosa Beach<\/h2>\t\t\t\t<\/div>\n\t\t\t\t<\/div>\n\t\t\t\t\t<\/div>\n\t\t<\/div>\n\t\t\t\t\t<\/div>\n\t\t<\/section>\n\t\t\t\t<section class=\"elementor-section elementor-top-section elementor-element elementor-element-d61a169 elementor-section-boxed elementor-section-height-default elementor-section-height-default\" data-id=\"d61a169\" data-element_type=\"section\">\n\t\t\t\t\t\t<div class=\"elementor-container elementor-column-gap-default\">\n\t\t\t\t\t<div class=\"elementor-column elementor-col-50 elementor-top-column elementor-element elementor-element-38633b4\" data-id=\"38633b4\" data-element_type=\"column\">\n\t\t\t<div class=\"elementor-widget-wrap elementor-element-populated\">\n\t\t\t\t\t\t<div class=\"elementor-element elementor-element-2fd6558 elementor-widget elementor-widget-image\" data-id=\"2fd6558\" data-element_type=\"widget\" data-widget_type=\"image.default\">\n\t\t\t\t<div class=\"elementor-widget-container\">\n\t\t\t\t\t\t\t\t\t\t\t\t\t\t\t<img loading=\"lazy\" decoding=\"async\" width=\"1024\" height=\"602\" src=\"https:\/\/www.willysplan.com\/wp-content\/uploads\/2023\/05\/playa-savinosa-1024x602.png\" class=\"attachment-large size-large wp-image-20175\" alt=\"playa-savinosa\" srcset=\"https:\/\/www.willysplan.com\/wp-content\/uploads\/2023\/05\/playa-savinosa-1024x602.png 1024w, https:\/\/www.willysplan.com\/wp-content\/uploads\/2023\/05\/playa-savinosa-300x176.png 300w, https:\/\/www.willysplan.com\/wp-content\/uploads\/2023\/05\/playa-savinosa-768x452.png 768w, https:\/\/www.willysplan.com\/wp-content\/uploads\/2023\/05\/playa-savinosa-1536x903.png 1536w, https:\/\/www.willysplan.com\/wp-content\/uploads\/2023\/05\/playa-savinosa-600x353.png 600w, https:\/\/www.willysplan.com\/wp-content\/uploads\/2023\/05\/playa-savinosa.png 1646w\" sizes=\"(max-width: 1024px) 100vw, 1024px\" \/>\t\t\t\t\t\t\t\t\t\t\t\t\t\t\t<\/div>\n\t\t\t\t<\/div>\n\t\t\t\t\t<\/div>\n\t\t<\/div>\n\t\t\t\t<div class=\"elementor-column elementor-col-50 elementor-top-column elementor-element elementor-element-bf71cd5\" data-id=\"bf71cd5\" data-element_type=\"column\">\n\t\t\t<div class=\"elementor-widget-wrap elementor-element-populated\">\n\t\t\t\t\t\t<div class=\"elementor-element elementor-element-5fc7259 elementor-widget elementor-widget-google_maps\" data-id=\"5fc7259\" data-element_type=\"widget\" data-widget_type=\"google_maps.default\">\n\t\t\t\t<div class=\"elementor-widget-container\">\n\t\t\t\t\t\t\t<div class=\"elementor-custom-embed\">\n\t\t\t<iframe loading=\"lazy\"\n\t\t\t\t\tsrc=\"https:\/\/maps.google.com\/maps?q=playa%20savinosa&#038;t=m&#038;z=12&#038;output=embed&#038;iwloc=near\"\n\t\t\t\t\ttitle=\"playa savinosa\"\n\t\t\t\t\taria-label=\"playa savinosa\"\n\t\t\t><\/iframe>\n\t\t<\/div>\n\t\t\t\t\t\t<\/div>\n\t\t\t\t<\/div>\n\t\t\t\t\t<\/div>\n\t\t<\/div>\n\t\t\t\t\t<\/div>\n\t\t<\/section>\n\t\t\t\t<section class=\"elementor-section elementor-top-section elementor-element elementor-element-da9f7ae elementor-section-boxed elementor-section-height-default elementor-section-height-default\" data-id=\"da9f7ae\" data-element_type=\"section\">\n\t\t\t\t\t\t<div class=\"elementor-container elementor-column-gap-default\">\n\t\t\t\t\t<div class=\"elementor-column elementor-col-100 elementor-top-column elementor-element elementor-element-f2c7577\" data-id=\"f2c7577\" data-element_type=\"column\">\n\t\t\t<div class=\"elementor-widget-wrap elementor-element-populated\">\n\t\t\t\t\t\t<div class=\"elementor-element elementor-element-f42615b elementor-widget elementor-widget-text-editor\" data-id=\"f42615b\" data-element_type=\"widget\" data-widget_type=\"text-editor.default\">\n\t\t\t\t<div class=\"elementor-widget-container\">\n\t\t\t\t\t\t\t\t\t<p>At La Savinosa Beach you can sunbathe in bikini, swimsuit or completely naked, as you like! This coastal area is located in Tarragona, another of the provinces of Catalonia bordering Barcelona. The beach is easily accessible and once there you will find a beach bar, so it is ideal to go with the family without having to worry about anything.<\/p><p>We recommend you to visit this beach on the official Naturism day, as it becomes a very lively natural space.<\/p>\t\t\t\t\t\t\t\t<\/div>\n\t\t\t\t<\/div>\n\t\t\t\t\t<\/div>\n\t\t<\/div>\n\t\t\t\t\t<\/div>\n\t\t<\/section>\n\t\t\t\t<section class=\"elementor-section elementor-top-section elementor-element elementor-element-edc757c elementor-section-boxed elementor-section-height-default elementor-section-height-default\" data-id=\"edc757c\" data-element_type=\"section\">\n\t\t\t\t\t\t<div class=\"elementor-container elementor-column-gap-default\">\n\t\t\t\t\t<div class=\"elementor-column elementor-col-100 elementor-top-column elementor-element elementor-element-65275f9\" data-id=\"65275f9\" data-element_type=\"column\">\n\t\t\t<div class=\"elementor-widget-wrap elementor-element-populated\">\n\t\t\t\t\t\t<div class=\"elementor-element elementor-element-7a71db9 elementor-cta--layout-image-left elementor-cta--valign-middle elementor-hidden-mobile elementor-cta--skin-classic elementor-animated-content elementor-widget elementor-widget-call-to-action\" data-id=\"7a71db9\" data-element_type=\"widget\" data-widget_type=\"call-to-action.default\">\n\t\t\t\t<div class=\"elementor-widget-container\">\n\t\t\t\t\t\t\t<a class=\"elementor-cta\" href=\"https:\/\/www.willysplan.com\/tours-privados-barcelona\/tour-por-el-exterior-de-la-sagrada-familia\">\n\t\t\t\t\t<div class=\"elementor-cta__bg-wrapper\">\n\t\t\t\t<div class=\"elementor-cta__bg elementor-bg\" style=\"background-image: url(https:\/\/www.willysplan.com\/wp-content\/uploads\/2022\/08\/excursion-guiada-sagrada-familia.webp);\" role=\"img\" aria-label=\"excursion guiada sagrada familia\"><\/div>\n\t\t\t\t<div class=\"elementor-cta__bg-overlay\"><\/div>\n\t\t\t<\/div>\n\t\t\t\t\t\t\t<div class=\"elementor-cta__content\">\n\t\t\t\t\n\t\t\t\t\t\t\t\t\t<h2 class=\"elementor-cta__title elementor-cta__content-item elementor-content-item\">\n\t\t\t\t\t\tTour por el exterior de la Sagrada Familia\t\t\t\t\t<\/h2>\n\t\t\t\t\n\t\t\t\t\t\t\t\t\t<div class=\"elementor-cta__description elementor-cta__content-item elementor-content-item\">\n\t\t\t\t\t\t\u2b50\u2b50\u2b50\u2b50\u2b50<br><br>\ud83d\udd50 2 horas.<br>\ud83d\udcac Espa\u00f1ol, Ingl\u00e9s, Italiano, Franc\u00e9s, Portugu\u00e9s, Alem\u00e1n, Chino, Ruso y \u00c1rabe.<br>\u2714 Cancelaci\u00f3n gratuita.\t\t\t\t\t<\/div>\n\t\t\t\t\n\t\t\t\t\t\t\t<\/div>\n\t\t\t\t\t\t\t<div class=\"elementor-ribbon elementor-ribbon-right\">\n\t\t\t\t<div class=\"elementor-ribbon-inner\">\n\t\t\t\t\tDesde 70\u20ac\t\t\t\t<\/div>\n\t\t\t<\/div>\n\t\t\t\t<\/a>\n\t\t\t\t\t\t<\/div>\n\t\t\t\t<\/div>\n\t\t\t\t\t<\/div>\n\t\t<\/div>\n\t\t\t\t\t<\/div>\n\t\t<\/section>\n\t\t\t\t<section class=\"elementor-section elementor-top-section elementor-element elementor-element-0b21213 elementor-section-boxed elementor-section-height-default elementor-section-height-default\" data-id=\"0b21213\" data-element_type=\"section\">\n\t\t\t\t\t\t<div class=\"elementor-container elementor-column-gap-default\">\n\t\t\t\t\t<div class=\"elementor-column elementor-col-100 elementor-top-column elementor-element elementor-element-7bfd9f1\" data-id=\"7bfd9f1\" data-element_type=\"column\">\n\t\t\t<div class=\"elementor-widget-wrap elementor-element-populated\">\n\t\t\t\t\t\t<div class=\"elementor-element elementor-element-346eda8 elementor-cta--layout-image-above elementor-cta--valign-middle elementor-cta--mobile-layout-image-above elementor-hidden-desktop elementor-hidden-tablet elementor-cta--skin-classic elementor-animated-content elementor-widget elementor-widget-call-to-action\" data-id=\"346eda8\" data-element_type=\"widget\" data-widget_type=\"call-to-action.default\">\n\t\t\t\t<div class=\"elementor-widget-container\">\n\t\t\t\t\t\t\t<a class=\"elementor-cta\" href=\"https:\/\/www.willysplan.com\/tours-privados-barcelona\/tour-por-el-exterior-de-la-sagrada-familia\">\n\t\t\t\t\t<div class=\"elementor-cta__bg-wrapper\">\n\t\t\t\t<div class=\"elementor-cta__bg elementor-bg\" style=\"background-image: url(https:\/\/www.willysplan.com\/wp-content\/uploads\/2022\/08\/excursion-guiada-sagrada-familia.webp);\" role=\"img\" aria-label=\"excursion guiada sagrada familia\"><\/div>\n\t\t\t\t<div class=\"elementor-cta__bg-overlay\"><\/div>\n\t\t\t<\/div>\n\t\t\t\t\t\t\t<div class=\"elementor-cta__content\">\n\t\t\t\t\n\t\t\t\t\t\t\t\t\t<h2 class=\"elementor-cta__title elementor-cta__content-item elementor-content-item\">\n\t\t\t\t\t\tTour por el exterior de la Sagrada Familia\t\t\t\t\t<\/h2>\n\t\t\t\t\n\t\t\t\t\t\t\t\t\t<div class=\"elementor-cta__description elementor-cta__content-item elementor-content-item\">\n\t\t\t\t\t\t\u2b50\u2b50\u2b50\u2b50\u2b50<br><br>\ud83d\udd50 2 horas.<br>\ud83d\udcac Espa\u00f1ol, Ingl\u00e9s, Italiano, Franc\u00e9s, Portugu\u00e9s, Alem\u00e1n, Chino, Ruso y \u00c1rabe.<br>\u2714 Cancelaci\u00f3n gratuita.\t\t\t\t\t<\/div>\n\t\t\t\t\n\t\t\t\t\t\t\t<\/div>\n\t\t\t\t\t\t\t<div class=\"elementor-ribbon elementor-ribbon-right\">\n\t\t\t\t<div class=\"elementor-ribbon-inner\">\n\t\t\t\t\tDesde 70\u20ac\t\t\t\t<\/div>\n\t\t\t<\/div>\n\t\t\t\t<\/a>\n\t\t\t\t\t\t<\/div>\n\t\t\t\t<\/div>\n\t\t\t\t\t<\/div>\n\t\t<\/div>\n\t\t\t\t\t<\/div>\n\t\t<\/section>\n\t\t\t\t<section class=\"elementor-section elementor-top-section elementor-element elementor-element-4188d54 elementor-section-boxed elementor-section-height-default elementor-section-height-default\" data-id=\"4188d54\" data-element_type=\"section\">\n\t\t\t\t\t\t<div class=\"elementor-container elementor-column-gap-default\">\n\t\t\t\t\t<div class=\"elementor-column elementor-col-100 elementor-top-column elementor-element elementor-element-0012c0f\" data-id=\"0012c0f\" data-element_type=\"column\">\n\t\t\t<div class=\"elementor-widget-wrap elementor-element-populated\">\n\t\t\t\t\t\t<div class=\"elementor-element elementor-element-6092b24 elementor-align-center elementor-widget elementor-widget-button\" data-id=\"6092b24\" data-element_type=\"widget\" data-widget_type=\"button.default\">\n\t\t\t\t<div class=\"elementor-widget-container\">\n\t\t\t\t\t\t\t\t\t<div class=\"elementor-button-wrapper\">\n\t\t\t\t\t<a class=\"elementor-button elementor-button-link elementor-size-md\" href=\"https:\/\/www.willysplan.com\/tours-privados-barcelona\">\n\t\t\t\t\t\t<span class=\"elementor-button-content-wrapper\">\n\t\t\t\t\t\t\t\t\t<span class=\"elementor-button-text\">Ver todos nuestros tours privados<\/span>\n\t\t\t\t\t<\/span>\n\t\t\t\t\t<\/a>\n\t\t\t\t<\/div>\n\t\t\t\t\t\t\t\t<\/div>\n\t\t\t\t<\/div>\n\t\t\t\t\t<\/div>\n\t\t<\/div>\n\t\t\t\t\t<\/div>\n\t\t<\/section>\n\t\t\t\t<section class=\"elementor-section elementor-top-section elementor-element elementor-element-e7e6776 elementor-section-boxed elementor-section-height-default elementor-section-height-default\" data-id=\"e7e6776\" data-element_type=\"section\">\n\t\t\t\t\t\t<div class=\"elementor-container elementor-column-gap-default\">\n\t\t\t\t\t<div class=\"elementor-column elementor-col-100 elementor-top-column elementor-element elementor-element-593fa9a\" data-id=\"593fa9a\" data-element_type=\"column\">\n\t\t\t<div class=\"elementor-widget-wrap elementor-element-populated\">\n\t\t\t\t\t\t<div class=\"elementor-element elementor-element-d31154d elementor-widget elementor-widget-heading\" data-id=\"d31154d\" data-element_type=\"widget\" data-widget_type=\"heading.default\">\n\t\t\t\t<div class=\"elementor-widget-container\">\n\t\t\t\t\t<h2 class=\"elementor-heading-title elementor-size-default\">11. Playa de l'Home Mort<\/h2>\t\t\t\t<\/div>\n\t\t\t\t<\/div>\n\t\t\t\t\t<\/div>\n\t\t<\/div>\n\t\t\t\t\t<\/div>\n\t\t<\/section>\n\t\t\t\t<section class=\"elementor-section elementor-top-section elementor-element elementor-element-dae6283 elementor-section-boxed elementor-section-height-default elementor-section-height-default\" data-id=\"dae6283\" data-element_type=\"section\">\n\t\t\t\t\t\t<div class=\"elementor-container elementor-column-gap-default\">\n\t\t\t\t\t<div class=\"elementor-column elementor-col-50 elementor-top-column elementor-element elementor-element-af2da0c\" data-id=\"af2da0c\" data-element_type=\"column\">\n\t\t\t<div class=\"elementor-widget-wrap elementor-element-populated\">\n\t\t\t\t\t\t<div class=\"elementor-element elementor-element-f2d1bb0 elementor-widget elementor-widget-image\" data-id=\"f2d1bb0\" data-element_type=\"widget\" data-widget_type=\"image.default\">\n\t\t\t\t<div class=\"elementor-widget-container\">\n\t\t\t\t\t\t\t\t\t\t\t\t\t\t\t<img loading=\"lazy\" decoding=\"async\" width=\"1024\" height=\"640\" src=\"https:\/\/www.willysplan.com\/wp-content\/uploads\/2023\/05\/Screenshot-2023-05-18-at-20.02.55-1024x640.png\" class=\"attachment-large size-large wp-image-19811\" alt=\"\" srcset=\"https:\/\/www.willysplan.com\/wp-content\/uploads\/2023\/05\/Screenshot-2023-05-18-at-20.02.55-1024x640.png 1024w, https:\/\/www.willysplan.com\/wp-content\/uploads\/2023\/05\/Screenshot-2023-05-18-at-20.02.55-300x188.png 300w, https:\/\/www.willysplan.com\/wp-content\/uploads\/2023\/05\/Screenshot-2023-05-18-at-20.02.55-768x480.png 768w, https:\/\/www.willysplan.com\/wp-content\/uploads\/2023\/05\/Screenshot-2023-05-18-at-20.02.55-1536x960.png 1536w, https:\/\/www.willysplan.com\/wp-content\/uploads\/2023\/05\/Screenshot-2023-05-18-at-20.02.55-600x375.png 600w, https:\/\/www.willysplan.com\/wp-content\/uploads\/2023\/05\/Screenshot-2023-05-18-at-20.02.55.png 1600w\" sizes=\"(max-width: 1024px) 100vw, 1024px\" \/>\t\t\t\t\t\t\t\t\t\t\t\t\t\t\t<\/div>\n\t\t\t\t<\/div>\n\t\t\t\t\t<\/div>\n\t\t<\/div>\n\t\t\t\t<div class=\"elementor-column elementor-col-50 elementor-top-column elementor-element elementor-element-db13350\" data-id=\"db13350\" data-element_type=\"column\">\n\t\t\t<div class=\"elementor-widget-wrap elementor-element-populated\">\n\t\t\t\t\t\t<div class=\"elementor-element elementor-element-9fb8322 elementor-widget elementor-widget-google_maps\" data-id=\"9fb8322\" data-element_type=\"widget\" data-widget_type=\"google_maps.default\">\n\t\t\t\t<div class=\"elementor-widget-container\">\n\t\t\t\t\t\t\t<div class=\"elementor-custom-embed\">\n\t\t\t<iframe loading=\"lazy\"\n\t\t\t\t\tsrc=\"https:\/\/maps.google.com\/maps?q=platja%20de%20l%27home%20mort&#038;t=m&#038;z=12&#038;output=embed&#038;iwloc=near\"\n\t\t\t\t\ttitle=\"platja de l&#039;home mort\"\n\t\t\t\t\taria-label=\"platja de l&#039;home mort\"\n\t\t\t><\/iframe>\n\t\t<\/div>\n\t\t\t\t\t\t<\/div>\n\t\t\t\t<\/div>\n\t\t\t\t\t<\/div>\n\t\t<\/div>\n\t\t\t\t\t<\/div>\n\t\t<\/section>\n\t\t\t\t<section class=\"elementor-section elementor-top-section elementor-element elementor-element-dd89423 elementor-section-boxed elementor-section-height-default elementor-section-height-default\" data-id=\"dd89423\" data-element_type=\"section\">\n\t\t\t\t\t\t<div class=\"elementor-container elementor-column-gap-default\">\n\t\t\t\t\t<div class=\"elementor-column elementor-col-100 elementor-top-column elementor-element elementor-element-30c265a\" data-id=\"30c265a\" data-element_type=\"column\">\n\t\t\t<div class=\"elementor-widget-wrap elementor-element-populated\">\n\t\t\t\t\t\t<div class=\"elementor-element elementor-element-6973110 elementor-widget elementor-widget-text-editor\" data-id=\"6973110\" data-element_type=\"widget\" data-widget_type=\"text-editor.default\">\n\t\t\t\t<div class=\"elementor-widget-container\">\n\t\t\t\t\t\t\t\t\t<p>We continue with our selection of the best nudist beaches in Barcelona with the Playa de l&#8217;Home Mort. It is a naturist space located south of the town of Sitges, right next to the city. It is actually two coves separated by rocks: Platja de l&#8217;Home Mort and Platja de Roses.<\/p><p>The sum of both does not reach 300 meters in length, so it is a small and intimate corner intended only for those who know it. The nudist beach is very beautiful, because the seabed has rocks and sand that can be seen through the clean and transparent waters.<\/p>\t\t\t\t\t\t\t\t<\/div>\n\t\t\t\t<\/div>\n\t\t\t\t\t<\/div>\n\t\t<\/div>\n\t\t\t\t\t<\/div>\n\t\t<\/section>\n\t\t\t\t<section class=\"elementor-section elementor-top-section elementor-element elementor-element-286b109 elementor-section-boxed elementor-section-height-default elementor-section-height-default\" data-id=\"286b109\" data-element_type=\"section\">\n\t\t\t\t\t\t<div class=\"elementor-container elementor-column-gap-default\">\n\t\t\t\t\t<div class=\"elementor-column elementor-col-100 elementor-top-column elementor-element elementor-element-132418b\" data-id=\"132418b\" data-element_type=\"column\">\n\t\t\t<div class=\"elementor-widget-wrap elementor-element-populated\">\n\t\t\t\t\t\t<div class=\"elementor-element elementor-element-3ced054 elementor-cta--layout-image-left elementor-cta--valign-middle elementor-hidden-mobile elementor-cta--skin-classic elementor-animated-content elementor-widget elementor-widget-call-to-action\" data-id=\"3ced054\" data-element_type=\"widget\" data-widget_type=\"call-to-action.default\">\n\t\t\t\t<div class=\"elementor-widget-container\">\n\t\t\t\t\t\t\t<a class=\"elementor-cta\" href=\"https:\/\/www.willysplan.com\/tours-privados-barcelona\/tour-de-pablo-picasso-y-barcelona\">\n\t\t\t\t\t<div class=\"elementor-cta__bg-wrapper\">\n\t\t\t\t<div class=\"elementor-cta__bg elementor-bg\" style=\"background-image: url(https:\/\/www.willysplan.com\/wp-content\/uploads\/2021\/11\/museopicasso.jpg);\" role=\"img\" aria-label=\"museopicasso\"><\/div>\n\t\t\t\t<div class=\"elementor-cta__bg-overlay\"><\/div>\n\t\t\t<\/div>\n\t\t\t\t\t\t\t<div class=\"elementor-cta__content\">\n\t\t\t\t\n\t\t\t\t\t\t\t\t\t<h2 class=\"elementor-cta__title elementor-cta__content-item elementor-content-item\">\n\t\t\t\t\t\tTour de Pablo Picasso y Barcelona\t\t\t\t\t<\/h2>\n\t\t\t\t\n\t\t\t\t\t\t\t\t\t<div class=\"elementor-cta__description elementor-cta__content-item elementor-content-item\">\n\t\t\t\t\t\t\u2b50\u2b50\u2b50\u2b50\u2b50<br><br>\ud83d\udd50 2 horas.<br>\ud83d\udcac Espa\u00f1ol, Ingl\u00e9s, Italiano, Franc\u00e9s, Portugu\u00e9s, Alem\u00e1n, Chino, Ruso y \u00c1rabe.<br>\u2714 Cancelaci\u00f3n gratuita.\t\t\t\t\t<\/div>\n\t\t\t\t\n\t\t\t\t\t\t\t<\/div>\n\t\t\t\t\t\t\t<div class=\"elementor-ribbon elementor-ribbon-right\">\n\t\t\t\t<div class=\"elementor-ribbon-inner\">\n\t\t\t\t\tDesde 70\u20ac\t\t\t\t<\/div>\n\t\t\t<\/div>\n\t\t\t\t<\/a>\n\t\t\t\t\t\t<\/div>\n\t\t\t\t<\/div>\n\t\t\t\t\t<\/div>\n\t\t<\/div>\n\t\t\t\t\t<\/div>\n\t\t<\/section>\n\t\t\t\t<section class=\"elementor-section elementor-top-section elementor-element elementor-element-34c8779 elementor-section-boxed elementor-section-height-default elementor-section-height-default\" data-id=\"34c8779\" data-element_type=\"section\">\n\t\t\t\t\t\t<div class=\"elementor-container elementor-column-gap-default\">\n\t\t\t\t\t<div class=\"elementor-column elementor-col-100 elementor-top-column elementor-element elementor-element-200b821\" data-id=\"200b821\" data-element_type=\"column\">\n\t\t\t<div class=\"elementor-widget-wrap elementor-element-populated\">\n\t\t\t\t\t\t<div class=\"elementor-element elementor-element-9100df0 elementor-cta--layout-image-above elementor-cta--valign-middle elementor-cta--mobile-layout-image-above elementor-hidden-desktop elementor-hidden-tablet elementor-cta--skin-classic elementor-animated-content elementor-widget elementor-widget-call-to-action\" data-id=\"9100df0\" data-element_type=\"widget\" data-widget_type=\"call-to-action.default\">\n\t\t\t\t<div class=\"elementor-widget-container\">\n\t\t\t\t\t\t\t<a class=\"elementor-cta\" href=\"https:\/\/www.willysplan.com\/tours-privados-barcelona\/tour-de-pablo-picasso-y-barcelona\">\n\t\t\t\t\t<div class=\"elementor-cta__bg-wrapper\">\n\t\t\t\t<div class=\"elementor-cta__bg elementor-bg\" style=\"background-image: url(https:\/\/www.willysplan.com\/wp-content\/uploads\/2021\/11\/museopicasso.jpg);\" role=\"img\" aria-label=\"museopicasso\"><\/div>\n\t\t\t\t<div class=\"elementor-cta__bg-overlay\"><\/div>\n\t\t\t<\/div>\n\t\t\t\t\t\t\t<div class=\"elementor-cta__content\">\n\t\t\t\t\n\t\t\t\t\t\t\t\t\t<h2 class=\"elementor-cta__title elementor-cta__content-item elementor-content-item\">\n\t\t\t\t\t\tTour de Pablo Picasso y Barcelona\t\t\t\t\t<\/h2>\n\t\t\t\t\n\t\t\t\t\t\t\t\t\t<div class=\"elementor-cta__description elementor-cta__content-item elementor-content-item\">\n\t\t\t\t\t\t\u2b50\u2b50\u2b50\u2b50\u2b50<br><br>\ud83d\udd50 2 horas.<br>\ud83d\udcac Espa\u00f1ol, Ingl\u00e9s, Italiano, Franc\u00e9s, Portugu\u00e9s, Alem\u00e1n, Chino, Ruso y \u00c1rabe.<br>\u2714 Cancelaci\u00f3n gratuita.\t\t\t\t\t<\/div>\n\t\t\t\t\n\t\t\t\t\t\t\t<\/div>\n\t\t\t\t\t\t\t<div class=\"elementor-ribbon elementor-ribbon-right\">\n\t\t\t\t<div class=\"elementor-ribbon-inner\">\n\t\t\t\t\tDesde 70\u20ac\t\t\t\t<\/div>\n\t\t\t<\/div>\n\t\t\t\t<\/a>\n\t\t\t\t\t\t<\/div>\n\t\t\t\t<\/div>\n\t\t\t\t\t<\/div>\n\t\t<\/div>\n\t\t\t\t\t<\/div>\n\t\t<\/section>\n\t\t\t\t<section class=\"elementor-section elementor-top-section elementor-element elementor-element-6a5864f elementor-section-boxed elementor-section-height-default elementor-section-height-default\" data-id=\"6a5864f\" data-element_type=\"section\">\n\t\t\t\t\t\t<div class=\"elementor-container elementor-column-gap-default\">\n\t\t\t\t\t<div class=\"elementor-column elementor-col-100 elementor-top-column elementor-element elementor-element-ea2ac35\" data-id=\"ea2ac35\" data-element_type=\"column\">\n\t\t\t<div class=\"elementor-widget-wrap elementor-element-populated\">\n\t\t\t\t\t\t<div class=\"elementor-element elementor-element-d038aaa elementor-align-center elementor-widget elementor-widget-button\" data-id=\"d038aaa\" data-element_type=\"widget\" data-widget_type=\"button.default\">\n\t\t\t\t<div class=\"elementor-widget-container\">\n\t\t\t\t\t\t\t\t\t<div class=\"elementor-button-wrapper\">\n\t\t\t\t\t<a class=\"elementor-button elementor-button-link elementor-size-md\" href=\"https:\/\/www.willysplan.com\/tours-privados-barcelona\">\n\t\t\t\t\t\t<span class=\"elementor-button-content-wrapper\">\n\t\t\t\t\t\t\t\t\t<span class=\"elementor-button-text\">Ver todos nuestros tours privados<\/span>\n\t\t\t\t\t<\/span>\n\t\t\t\t\t<\/a>\n\t\t\t\t<\/div>\n\t\t\t\t\t\t\t\t<\/div>\n\t\t\t\t<\/div>\n\t\t\t\t\t<\/div>\n\t\t<\/div>\n\t\t\t\t\t<\/div>\n\t\t<\/section>\n\t\t\t\t<section class=\"elementor-section elementor-top-section elementor-element elementor-element-4c43230 elementor-section-boxed elementor-section-height-default elementor-section-height-default\" data-id=\"4c43230\" data-element_type=\"section\">\n\t\t\t\t\t\t<div class=\"elementor-container elementor-column-gap-default\">\n\t\t\t\t\t<div class=\"elementor-column elementor-col-100 elementor-top-column elementor-element elementor-element-d774467\" data-id=\"d774467\" data-element_type=\"column\">\n\t\t\t<div class=\"elementor-widget-wrap elementor-element-populated\">\n\t\t\t\t\t\t<div class=\"elementor-element elementor-element-a9ac326 elementor-widget elementor-widget-heading\" data-id=\"a9ac326\" data-element_type=\"widget\" data-widget_type=\"heading.default\">\n\t\t\t\t<div class=\"elementor-widget-container\">\n\t\t\t\t\t<h2 class=\"elementor-heading-title elementor-size-default\">12. Cala Roca Grossa<\/h2>\t\t\t\t<\/div>\n\t\t\t\t<\/div>\n\t\t\t\t\t<\/div>\n\t\t<\/div>\n\t\t\t\t\t<\/div>\n\t\t<\/section>\n\t\t\t\t<section class=\"elementor-section elementor-top-section elementor-element elementor-element-d1fd026 elementor-section-boxed elementor-section-height-default elementor-section-height-default\" data-id=\"d1fd026\" data-element_type=\"section\">\n\t\t\t\t\t\t<div class=\"elementor-container elementor-column-gap-default\">\n\t\t\t\t\t<div class=\"elementor-column elementor-col-50 elementor-top-column elementor-element elementor-element-294f4aa\" data-id=\"294f4aa\" data-element_type=\"column\">\n\t\t\t<div class=\"elementor-widget-wrap elementor-element-populated\">\n\t\t\t\t\t\t<div class=\"elementor-element elementor-element-bb93268 elementor-widget elementor-widget-image\" data-id=\"bb93268\" data-element_type=\"widget\" data-widget_type=\"image.default\">\n\t\t\t\t<div class=\"elementor-widget-container\">\n\t\t\t\t\t\t\t\t\t\t\t\t\t\t\t<img loading=\"lazy\" decoding=\"async\" width=\"1024\" height=\"657\" src=\"https:\/\/www.willysplan.com\/wp-content\/uploads\/2023\/05\/Screenshot-2023-05-18-at-20.05.27-1024x657.png\" class=\"attachment-large size-large wp-image-19814\" alt=\"\" srcset=\"https:\/\/www.willysplan.com\/wp-content\/uploads\/2023\/05\/Screenshot-2023-05-18-at-20.05.27-1024x657.png 1024w, https:\/\/www.willysplan.com\/wp-content\/uploads\/2023\/05\/Screenshot-2023-05-18-at-20.05.27-300x192.png 300w, https:\/\/www.willysplan.com\/wp-content\/uploads\/2023\/05\/Screenshot-2023-05-18-at-20.05.27-768x493.png 768w, https:\/\/www.willysplan.com\/wp-content\/uploads\/2023\/05\/Screenshot-2023-05-18-at-20.05.27-600x385.png 600w, https:\/\/www.willysplan.com\/wp-content\/uploads\/2023\/05\/Screenshot-2023-05-18-at-20.05.27.png 1512w\" sizes=\"(max-width: 1024px) 100vw, 1024px\" \/>\t\t\t\t\t\t\t\t\t\t\t\t\t\t\t<\/div>\n\t\t\t\t<\/div>\n\t\t\t\t\t<\/div>\n\t\t<\/div>\n\t\t\t\t<div class=\"elementor-column elementor-col-50 elementor-top-column elementor-element elementor-element-04b6bb2\" data-id=\"04b6bb2\" data-element_type=\"column\">\n\t\t\t<div class=\"elementor-widget-wrap elementor-element-populated\">\n\t\t\t\t\t\t<div class=\"elementor-element elementor-element-1621d75 elementor-widget elementor-widget-google_maps\" data-id=\"1621d75\" data-element_type=\"widget\" data-widget_type=\"google_maps.default\">\n\t\t\t\t<div class=\"elementor-widget-container\">\n\t\t\t\t\t\t\t<div class=\"elementor-custom-embed\">\n\t\t\t<iframe loading=\"lazy\"\n\t\t\t\t\tsrc=\"https:\/\/maps.google.com\/maps?q=cala%20roca%20grossa&#038;t=m&#038;z=12&#038;output=embed&#038;iwloc=near\"\n\t\t\t\t\ttitle=\"cala roca grossa\"\n\t\t\t\t\taria-label=\"cala roca grossa\"\n\t\t\t><\/iframe>\n\t\t<\/div>\n\t\t\t\t\t\t<\/div>\n\t\t\t\t<\/div>\n\t\t\t\t\t<\/div>\n\t\t<\/div>\n\t\t\t\t\t<\/div>\n\t\t<\/section>\n\t\t\t\t<section class=\"elementor-section elementor-top-section elementor-element elementor-element-fa7759d elementor-section-boxed elementor-section-height-default elementor-section-height-default\" data-id=\"fa7759d\" data-element_type=\"section\">\n\t\t\t\t\t\t<div class=\"elementor-container elementor-column-gap-default\">\n\t\t\t\t\t<div class=\"elementor-column elementor-col-100 elementor-top-column elementor-element elementor-element-429f255\" data-id=\"429f255\" data-element_type=\"column\">\n\t\t\t<div class=\"elementor-widget-wrap elementor-element-populated\">\n\t\t\t\t\t\t<div class=\"elementor-element elementor-element-4be69be elementor-widget elementor-widget-text-editor\" data-id=\"4be69be\" data-element_type=\"widget\" data-widget_type=\"text-editor.default\">\n\t\t\t\t<div class=\"elementor-widget-container\">\n\t\t\t\t\t\t\t\t\t<p>Near Barcelona, in the town of Sant Pol de Mar, there is a small naturist beach called Cala Roca Grossa. Its sand is granulated and, although it does not have a cleaning service, it is quite clean.<\/p><p>It is recommended for its crystal clear waters and its family atmosphere, so it is advisable to continue taking care of it as you have done so far and throw the waste you can generate in a trash.<\/p>\t\t\t\t\t\t\t\t<\/div>\n\t\t\t\t<\/div>\n\t\t\t\t\t<\/div>\n\t\t<\/div>\n\t\t\t\t\t<\/div>\n\t\t<\/section>\n\t\t\t\t<section class=\"elementor-section elementor-top-section elementor-element elementor-element-90bf94e elementor-section-boxed elementor-section-height-default elementor-section-height-default\" data-id=\"90bf94e\" data-element_type=\"section\">\n\t\t\t\t\t\t<div class=\"elementor-container elementor-column-gap-default\">\n\t\t\t\t\t<div class=\"elementor-column elementor-col-100 elementor-top-column elementor-element elementor-element-ea8123f\" data-id=\"ea8123f\" data-element_type=\"column\">\n\t\t\t<div class=\"elementor-widget-wrap elementor-element-populated\">\n\t\t\t\t\t\t<div class=\"elementor-element elementor-element-fca3750 elementor-widget elementor-widget-heading\" data-id=\"fca3750\" data-element_type=\"widget\" data-widget_type=\"heading.default\">\n\t\t\t\t<div class=\"elementor-widget-container\">\n\t\t\t\t\t<h2 class=\"elementor-heading-title elementor-size-default\">13. Playa de Ponent<\/h2>\t\t\t\t<\/div>\n\t\t\t\t<\/div>\n\t\t\t\t\t<\/div>\n\t\t<\/div>\n\t\t\t\t\t<\/div>\n\t\t<\/section>\n\t\t\t\t<section class=\"elementor-section elementor-top-section elementor-element elementor-element-cc9c057 elementor-section-boxed elementor-section-height-default elementor-section-height-default\" data-id=\"cc9c057\" data-element_type=\"section\">\n\t\t\t\t\t\t<div class=\"elementor-container elementor-column-gap-default\">\n\t\t\t\t\t<div class=\"elementor-column elementor-col-50 elementor-top-column elementor-element elementor-element-adddf2e\" data-id=\"adddf2e\" data-element_type=\"column\">\n\t\t\t<div class=\"elementor-widget-wrap elementor-element-populated\">\n\t\t\t\t\t\t<div class=\"elementor-element elementor-element-ae562f9 elementor-widget elementor-widget-image\" data-id=\"ae562f9\" data-element_type=\"widget\" data-widget_type=\"image.default\">\n\t\t\t\t<div class=\"elementor-widget-container\">\n\t\t\t\t\t\t\t\t\t\t\t\t\t\t\t<img loading=\"lazy\" decoding=\"async\" width=\"1024\" height=\"633\" src=\"https:\/\/www.willysplan.com\/wp-content\/uploads\/2023\/05\/playa-ponent-1024x633.png\" class=\"attachment-large size-large wp-image-20178\" alt=\"playa-ponent\" srcset=\"https:\/\/www.willysplan.com\/wp-content\/uploads\/2023\/05\/playa-ponent-1024x633.png 1024w, https:\/\/www.willysplan.com\/wp-content\/uploads\/2023\/05\/playa-ponent-300x186.png 300w, https:\/\/www.willysplan.com\/wp-content\/uploads\/2023\/05\/playa-ponent-768x475.png 768w, https:\/\/www.willysplan.com\/wp-content\/uploads\/2023\/05\/playa-ponent-1536x950.png 1536w, https:\/\/www.willysplan.com\/wp-content\/uploads\/2023\/05\/playa-ponent-600x371.png 600w, https:\/\/www.willysplan.com\/wp-content\/uploads\/2023\/05\/playa-ponent.png 1568w\" sizes=\"(max-width: 1024px) 100vw, 1024px\" \/>\t\t\t\t\t\t\t\t\t\t\t\t\t\t\t<\/div>\n\t\t\t\t<\/div>\n\t\t\t\t\t<\/div>\n\t\t<\/div>\n\t\t\t\t<div class=\"elementor-column elementor-col-50 elementor-top-column elementor-element elementor-element-152f582\" data-id=\"152f582\" data-element_type=\"column\">\n\t\t\t<div class=\"elementor-widget-wrap elementor-element-populated\">\n\t\t\t\t\t\t<div class=\"elementor-element elementor-element-73c1af9 elementor-widget elementor-widget-google_maps\" data-id=\"73c1af9\" data-element_type=\"widget\" data-widget_type=\"google_maps.default\">\n\t\t\t\t<div class=\"elementor-widget-container\">\n\t\t\t\t\t\t\t<div class=\"elementor-custom-embed\">\n\t\t\t<iframe loading=\"lazy\"\n\t\t\t\t\tsrc=\"https:\/\/maps.google.com\/maps?q=platja%20ponent%20premia%20de%20mar&#038;t=m&#038;z=10&#038;output=embed&#038;iwloc=near\"\n\t\t\t\t\ttitle=\"platja ponent premia de mar\"\n\t\t\t\t\taria-label=\"platja ponent premia de mar\"\n\t\t\t><\/iframe>\n\t\t<\/div>\n\t\t\t\t\t\t<\/div>\n\t\t\t\t<\/div>\n\t\t\t\t\t<\/div>\n\t\t<\/div>\n\t\t\t\t\t<\/div>\n\t\t<\/section>\n\t\t\t\t<section class=\"elementor-section elementor-top-section elementor-element elementor-element-f0d7db6 elementor-section-boxed elementor-section-height-default elementor-section-height-default\" data-id=\"f0d7db6\" data-element_type=\"section\">\n\t\t\t\t\t\t<div class=\"elementor-container elementor-column-gap-default\">\n\t\t\t\t\t<div class=\"elementor-column elementor-col-100 elementor-top-column elementor-element elementor-element-33205bc\" data-id=\"33205bc\" data-element_type=\"column\">\n\t\t\t<div class=\"elementor-widget-wrap elementor-element-populated\">\n\t\t\t\t\t\t<div class=\"elementor-element elementor-element-4605930 elementor-widget elementor-widget-text-editor\" data-id=\"4605930\" data-element_type=\"widget\" data-widget_type=\"text-editor.default\">\n\t\t\t\t<div class=\"elementor-widget-container\">\n\t\t\t\t\t\t\t\t\t<p>Platja de Ponent is one of the four beaches on the coast of Premi\u00e1 de Mar, which still preserves its naturist tradition. It is a semi-urban beach that, not having a promenade as such, is more sheltered and discreet, which makes it the ideal place to practice nudism.<\/p><p>With beautiful golden sand and calm waters, it is one of the best beaches near Barcelona. Usually, you will see the blue flag flying, so you can swim peacefully.<\/p>\t\t\t\t\t\t\t\t<\/div>\n\t\t\t\t<\/div>\n\t\t\t\t\t<\/div>\n\t\t<\/div>\n\t\t\t\t\t<\/div>\n\t\t<\/section>\n\t\t\t\t<section class=\"elementor-section elementor-top-section elementor-element elementor-element-fac315d elementor-section-boxed elementor-section-height-default elementor-section-height-default\" data-id=\"fac315d\" data-element_type=\"section\">\n\t\t\t\t\t\t<div class=\"elementor-container elementor-column-gap-default\">\n\t\t\t\t\t<div class=\"elementor-column elementor-col-100 elementor-top-column elementor-element elementor-element-baa18a3\" data-id=\"baa18a3\" data-element_type=\"column\">\n\t\t\t<div class=\"elementor-widget-wrap elementor-element-populated\">\n\t\t\t\t\t\t<div class=\"elementor-element elementor-element-03f6388 elementor-widget elementor-widget-heading\" data-id=\"03f6388\" data-element_type=\"widget\" data-widget_type=\"heading.default\">\n\t\t\t\t<div class=\"elementor-widget-container\">\n\t\t\t\t\t<h2 class=\"elementor-heading-title elementor-size-default\">14. La Picordia<\/h2>\t\t\t\t<\/div>\n\t\t\t\t<\/div>\n\t\t\t\t\t<\/div>\n\t\t<\/div>\n\t\t\t\t\t<\/div>\n\t\t<\/section>\n\t\t\t\t<section class=\"elementor-section elementor-top-section elementor-element elementor-element-accb6f8 elementor-section-boxed elementor-section-height-default elementor-section-height-default\" data-id=\"accb6f8\" data-element_type=\"section\">\n\t\t\t\t\t\t<div class=\"elementor-container elementor-column-gap-default\">\n\t\t\t\t\t<div class=\"elementor-column elementor-col-50 elementor-top-column elementor-element elementor-element-706451a\" data-id=\"706451a\" data-element_type=\"column\">\n\t\t\t<div class=\"elementor-widget-wrap elementor-element-populated\">\n\t\t\t\t\t\t<div class=\"elementor-element elementor-element-797a3f4 elementor-widget elementor-widget-image\" data-id=\"797a3f4\" data-element_type=\"widget\" data-widget_type=\"image.default\">\n\t\t\t\t<div class=\"elementor-widget-container\">\n\t\t\t\t\t\t\t\t\t\t\t\t\t\t\t<img loading=\"lazy\" decoding=\"async\" width=\"1024\" height=\"624\" src=\"https:\/\/www.willysplan.com\/wp-content\/uploads\/2023\/05\/Screenshot-2023-05-18-at-20.11.53-1024x624.png\" class=\"attachment-large size-large wp-image-19817\" alt=\"\" srcset=\"https:\/\/www.willysplan.com\/wp-content\/uploads\/2023\/05\/Screenshot-2023-05-18-at-20.11.53-1024x624.png 1024w, https:\/\/www.willysplan.com\/wp-content\/uploads\/2023\/05\/Screenshot-2023-05-18-at-20.11.53-300x183.png 300w, https:\/\/www.willysplan.com\/wp-content\/uploads\/2023\/05\/Screenshot-2023-05-18-at-20.11.53-768x468.png 768w, https:\/\/www.willysplan.com\/wp-content\/uploads\/2023\/05\/Screenshot-2023-05-18-at-20.11.53-1536x937.png 1536w, https:\/\/www.willysplan.com\/wp-content\/uploads\/2023\/05\/Screenshot-2023-05-18-at-20.11.53-600x366.png 600w, https:\/\/www.willysplan.com\/wp-content\/uploads\/2023\/05\/Screenshot-2023-05-18-at-20.11.53.png 1640w\" sizes=\"(max-width: 1024px) 100vw, 1024px\" \/>\t\t\t\t\t\t\t\t\t\t\t\t\t\t\t<\/div>\n\t\t\t\t<\/div>\n\t\t\t\t\t<\/div>\n\t\t<\/div>\n\t\t\t\t<div class=\"elementor-column elementor-col-50 elementor-top-column elementor-element elementor-element-3bdd8e6\" data-id=\"3bdd8e6\" data-element_type=\"column\">\n\t\t\t<div class=\"elementor-widget-wrap elementor-element-populated\">\n\t\t\t\t\t\t<div class=\"elementor-element elementor-element-6340f64 elementor-widget elementor-widget-google_maps\" data-id=\"6340f64\" data-element_type=\"widget\" data-widget_type=\"google_maps.default\">\n\t\t\t\t<div class=\"elementor-widget-container\">\n\t\t\t\t\t\t\t<div class=\"elementor-custom-embed\">\n\t\t\t<iframe loading=\"lazy\"\n\t\t\t\t\tsrc=\"https:\/\/maps.google.com\/maps?q=la%20picordia&#038;t=m&#038;z=12&#038;output=embed&#038;iwloc=near\"\n\t\t\t\t\ttitle=\"la picordia\"\n\t\t\t\t\taria-label=\"la picordia\"\n\t\t\t><\/iframe>\n\t\t<\/div>\n\t\t\t\t\t\t<\/div>\n\t\t\t\t<\/div>\n\t\t\t\t\t<\/div>\n\t\t<\/div>\n\t\t\t\t\t<\/div>\n\t\t<\/section>\n\t\t\t\t<section class=\"elementor-section elementor-top-section elementor-element elementor-element-f027913 elementor-section-boxed elementor-section-height-default elementor-section-height-default\" data-id=\"f027913\" data-element_type=\"section\">\n\t\t\t\t\t\t<div class=\"elementor-container elementor-column-gap-default\">\n\t\t\t\t\t<div class=\"elementor-column elementor-col-100 elementor-top-column elementor-element elementor-element-4cb59b4\" data-id=\"4cb59b4\" data-element_type=\"column\">\n\t\t\t<div class=\"elementor-widget-wrap elementor-element-populated\">\n\t\t\t\t\t\t<div class=\"elementor-element elementor-element-a0a3ac3 elementor-widget elementor-widget-text-editor\" data-id=\"a0a3ac3\" data-element_type=\"widget\" data-widget_type=\"text-editor.default\">\n\t\t\t\t<div class=\"elementor-widget-container\">\n\t\t\t\t\t\t\t\t\t<p>La Picordia is a beach in Catalonia that is located in the municipality of Arenys de Mar, in Barcelona. It is an urban beach 500 meters long and in high season it is usually uncrowded, so it will not be difficult to find a place to plant your towel and umbrella.<\/p><p>The beach is surrounded by vegetation and is an area where nudism is practiced in its calm waters and golden sand. This beach has access by car, as well as access adapted for people with reduced mobility.<\/p>\t\t\t\t\t\t\t\t<\/div>\n\t\t\t\t<\/div>\n\t\t\t\t\t<\/div>\n\t\t<\/div>\n\t\t\t\t\t<\/div>\n\t\t<\/section>\n\t\t\t\t<section class=\"elementor-section elementor-top-section elementor-element elementor-element-a11a596 elementor-section-boxed elementor-section-height-default elementor-section-height-default\" data-id=\"a11a596\" data-element_type=\"section\">\n\t\t\t\t\t\t<div class=\"elementor-container elementor-column-gap-default\">\n\t\t\t\t\t<div class=\"elementor-column elementor-col-100 elementor-top-column elementor-element elementor-element-9aee9c5\" data-id=\"9aee9c5\" data-element_type=\"column\">\n\t\t\t<div class=\"elementor-widget-wrap elementor-element-populated\">\n\t\t\t\t\t\t<div class=\"elementor-element elementor-element-917a055 elementor-widget elementor-widget-heading\" data-id=\"917a055\" data-element_type=\"widget\" data-widget_type=\"heading.default\">\n\t\t\t\t<div class=\"elementor-widget-container\">\n\t\t\t\t\t<h2 class=\"elementor-heading-title elementor-size-default\">15. Aiguadol\u00e7<\/h2>\t\t\t\t<\/div>\n\t\t\t\t<\/div>\n\t\t\t\t\t<\/div>\n\t\t<\/div>\n\t\t\t\t\t<\/div>\n\t\t<\/section>\n\t\t\t\t<section class=\"elementor-section elementor-top-section elementor-element elementor-element-0770371 elementor-section-boxed elementor-section-height-default elementor-section-height-default\" data-id=\"0770371\" data-element_type=\"section\">\n\t\t\t\t\t\t<div class=\"elementor-container elementor-column-gap-default\">\n\t\t\t\t\t<div class=\"elementor-column elementor-col-50 elementor-top-column elementor-element elementor-element-25a3b41\" data-id=\"25a3b41\" data-element_type=\"column\">\n\t\t\t<div class=\"elementor-widget-wrap elementor-element-populated\">\n\t\t\t\t\t\t<div class=\"elementor-element elementor-element-bbcf873 elementor-widget elementor-widget-image\" data-id=\"bbcf873\" data-element_type=\"widget\" data-widget_type=\"image.default\">\n\t\t\t\t<div class=\"elementor-widget-container\">\n\t\t\t\t\t\t\t\t\t\t\t\t\t\t\t<img loading=\"lazy\" decoding=\"async\" width=\"1024\" height=\"565\" src=\"https:\/\/www.willysplan.com\/wp-content\/uploads\/2023\/05\/Screenshot-2023-05-19-at-07.45.07-1024x565.png\" class=\"attachment-large size-large wp-image-19829\" alt=\"\" srcset=\"https:\/\/www.willysplan.com\/wp-content\/uploads\/2023\/05\/Screenshot-2023-05-19-at-07.45.07-1024x565.png 1024w, https:\/\/www.willysplan.com\/wp-content\/uploads\/2023\/05\/Screenshot-2023-05-19-at-07.45.07-300x166.png 300w, https:\/\/www.willysplan.com\/wp-content\/uploads\/2023\/05\/Screenshot-2023-05-19-at-07.45.07-768x424.png 768w, https:\/\/www.willysplan.com\/wp-content\/uploads\/2023\/05\/Screenshot-2023-05-19-at-07.45.07-600x331.png 600w, https:\/\/www.willysplan.com\/wp-content\/uploads\/2023\/05\/Screenshot-2023-05-19-at-07.45.07.png 1402w\" sizes=\"(max-width: 1024px) 100vw, 1024px\" \/>\t\t\t\t\t\t\t\t\t\t\t\t\t\t\t<\/div>\n\t\t\t\t<\/div>\n\t\t\t\t\t<\/div>\n\t\t<\/div>\n\t\t\t\t<div class=\"elementor-column elementor-col-50 elementor-top-column elementor-element elementor-element-f31176d\" data-id=\"f31176d\" data-element_type=\"column\">\n\t\t\t<div class=\"elementor-widget-wrap elementor-element-populated\">\n\t\t\t\t\t\t<div class=\"elementor-element elementor-element-4cfb0a0 elementor-widget elementor-widget-google_maps\" data-id=\"4cfb0a0\" data-element_type=\"widget\" data-widget_type=\"google_maps.default\">\n\t\t\t\t<div class=\"elementor-widget-container\">\n\t\t\t\t\t\t\t<div class=\"elementor-custom-embed\">\n\t\t\t<iframe loading=\"lazy\"\n\t\t\t\t\tsrc=\"https:\/\/maps.google.com\/maps?q=platja%20de%20l%27aiguadol%C3%A7&#038;t=m&#038;z=10&#038;output=embed&#038;iwloc=near\"\n\t\t\t\t\ttitle=\"platja de l&#039;aiguadol\u00e7\"\n\t\t\t\t\taria-label=\"platja de l&#039;aiguadol\u00e7\"\n\t\t\t><\/iframe>\n\t\t<\/div>\n\t\t\t\t\t\t<\/div>\n\t\t\t\t<\/div>\n\t\t\t\t\t<\/div>\n\t\t<\/div>\n\t\t\t\t\t<\/div>\n\t\t<\/section>\n\t\t\t\t<section class=\"elementor-section elementor-top-section elementor-element elementor-element-42d373f elementor-section-boxed elementor-section-height-default elementor-section-height-default\" data-id=\"42d373f\" data-element_type=\"section\">\n\t\t\t\t\t\t<div class=\"elementor-container elementor-column-gap-default\">\n\t\t\t\t\t<div class=\"elementor-column elementor-col-100 elementor-top-column elementor-element elementor-element-8dedb4d\" data-id=\"8dedb4d\" data-element_type=\"column\">\n\t\t\t<div class=\"elementor-widget-wrap elementor-element-populated\">\n\t\t\t\t\t\t<div class=\"elementor-element elementor-element-07ac3f9 elementor-widget elementor-widget-text-editor\" data-id=\"07ac3f9\" data-element_type=\"widget\" data-widget_type=\"text-editor.default\">\n\t\t\t\t<div class=\"elementor-widget-container\">\n\t\t\t\t\t\t\t\t\t<p>Aiguadol\u00e7 is one of the best nudist beaches in Barcelona province and is one of the few entirely naturist, that is, you will not find anyone wearing a swimsuit. It is located just over two kilometers from Vilanova i la Geltr\u00fa, and is located between Sant Gervasi and Santa Ll\u00fasia.<\/p><p>It is a small cove, but its sand, its little slope when entering the sea and the charm it gives off, make this one of the favorite places for many swimmers.<\/p>\t\t\t\t\t\t\t\t<\/div>\n\t\t\t\t<\/div>\n\t\t\t\t\t<\/div>\n\t\t<\/div>\n\t\t\t\t\t<\/div>\n\t\t<\/section>\n\t\t\t\t<section class=\"elementor-section elementor-top-section elementor-element elementor-element-da19073 elementor-section-boxed elementor-section-height-default elementor-section-height-default\" data-id=\"da19073\" data-element_type=\"section\">\n\t\t\t\t\t\t<div class=\"elementor-container elementor-column-gap-default\">\n\t\t\t\t\t<div class=\"elementor-column elementor-col-100 elementor-top-column elementor-element elementor-element-1ce1c3e\" data-id=\"1ce1c3e\" data-element_type=\"column\">\n\t\t\t<div class=\"elementor-widget-wrap elementor-element-populated\">\n\t\t\t\t\t\t<div class=\"elementor-element elementor-element-8f8b1b3 elementor-cta--layout-image-left elementor-cta--valign-middle elementor-hidden-mobile elementor-cta--skin-classic elementor-animated-content elementor-widget elementor-widget-call-to-action\" data-id=\"8f8b1b3\" data-element_type=\"widget\" data-widget_type=\"call-to-action.default\">\n\t\t\t\t<div class=\"elementor-widget-container\">\n\t\t\t\t\t\t\t<a class=\"elementor-cta\" href=\"https:\/\/www.willysplan.com\/tours-privados-barcelona\/tour-mercados-de-barcelona\">\n\t\t\t\t\t<div class=\"elementor-cta__bg-wrapper\">\n\t\t\t\t<div class=\"elementor-cta__bg elementor-bg\" style=\"background-image: url(https:\/\/www.willysplan.com\/wp-content\/uploads\/2022\/10\/ruta-mercados-barcelona.jpg);\" role=\"img\" aria-label=\"ruta mercados barcelona\"><\/div>\n\t\t\t\t<div class=\"elementor-cta__bg-overlay\"><\/div>\n\t\t\t<\/div>\n\t\t\t\t\t\t\t<div class=\"elementor-cta__content\">\n\t\t\t\t\n\t\t\t\t\t\t\t\t\t<h2 class=\"elementor-cta__title elementor-cta__content-item elementor-content-item\">\n\t\t\t\t\t\tTour por los mercados de Barcelona\t\t\t\t\t<\/h2>\n\t\t\t\t\n\t\t\t\t\t\t\t\t\t<div class=\"elementor-cta__description elementor-cta__content-item elementor-content-item\">\n\t\t\t\t\t\t\u2b50\u2b50\u2b50\u2b50\u2b50<br><br>\ud83d\udd50 2 horas.<br>\ud83d\udcac Espa\u00f1ol, Ingl\u00e9s, Italiano, Franc\u00e9s, Portugu\u00e9s, Alem\u00e1n, Chino, Ruso y \u00c1rabe.<br>\u2714 Cancelaci\u00f3n gratuita.\t\t\t\t\t<\/div>\n\t\t\t\t\n\t\t\t\t\t\t\t<\/div>\n\t\t\t\t\t\t\t<div class=\"elementor-ribbon elementor-ribbon-right\">\n\t\t\t\t<div class=\"elementor-ribbon-inner\">\n\t\t\t\t\tDesde 70\u20ac\t\t\t\t<\/div>\n\t\t\t<\/div>\n\t\t\t\t<\/a>\n\t\t\t\t\t\t<\/div>\n\t\t\t\t<\/div>\n\t\t\t\t\t<\/div>\n\t\t<\/div>\n\t\t\t\t\t<\/div>\n\t\t<\/section>\n\t\t\t\t<section class=\"elementor-section elementor-top-section elementor-element elementor-element-1120fa4 elementor-section-boxed elementor-section-height-default elementor-section-height-default\" data-id=\"1120fa4\" data-element_type=\"section\">\n\t\t\t\t\t\t<div class=\"elementor-container elementor-column-gap-default\">\n\t\t\t\t\t<div class=\"elementor-column elementor-col-100 elementor-top-column elementor-element elementor-element-b43fa17\" data-id=\"b43fa17\" data-element_type=\"column\">\n\t\t\t<div class=\"elementor-widget-wrap elementor-element-populated\">\n\t\t\t\t\t\t<div class=\"elementor-element elementor-element-8c56da5 elementor-cta--layout-image-above elementor-cta--valign-middle elementor-cta--mobile-layout-image-above elementor-hidden-desktop elementor-hidden-tablet elementor-cta--skin-classic elementor-animated-content elementor-widget elementor-widget-call-to-action\" data-id=\"8c56da5\" data-element_type=\"widget\" data-widget_type=\"call-to-action.default\">\n\t\t\t\t<div class=\"elementor-widget-container\">\n\t\t\t\t\t\t\t<a class=\"elementor-cta\" href=\"https:\/\/www.willysplan.com\/tours-privados-barcelona\/tour-mercados-de-barcelona\">\n\t\t\t\t\t<div class=\"elementor-cta__bg-wrapper\">\n\t\t\t\t<div class=\"elementor-cta__bg elementor-bg\" style=\"background-image: url(https:\/\/www.willysplan.com\/wp-content\/uploads\/2022\/10\/ruta-mercados-barcelona.jpg);\" role=\"img\" aria-label=\"ruta mercados barcelona\"><\/div>\n\t\t\t\t<div class=\"elementor-cta__bg-overlay\"><\/div>\n\t\t\t<\/div>\n\t\t\t\t\t\t\t<div class=\"elementor-cta__content\">\n\t\t\t\t\n\t\t\t\t\t\t\t\t\t<h2 class=\"elementor-cta__title elementor-cta__content-item elementor-content-item\">\n\t\t\t\t\t\tTour por los mercados de Barcelona\t\t\t\t\t<\/h2>\n\t\t\t\t\n\t\t\t\t\t\t\t\t\t<div class=\"elementor-cta__description elementor-cta__content-item elementor-content-item\">\n\t\t\t\t\t\t\u2b50\u2b50\u2b50\u2b50\u2b50<br><br>\ud83d\udd50 2 horas.<br>\ud83d\udcac Espa\u00f1ol, Ingl\u00e9s, Italiano, Franc\u00e9s, Portugu\u00e9s, Alem\u00e1n, Chino, Ruso y \u00c1rabe.<br>\u2714 Cancelaci\u00f3n gratuita.\t\t\t\t\t<\/div>\n\t\t\t\t\n\t\t\t\t\t\t\t<\/div>\n\t\t\t\t\t\t\t<div class=\"elementor-ribbon elementor-ribbon-right\">\n\t\t\t\t<div class=\"elementor-ribbon-inner\">\n\t\t\t\t\tDesde 70\u20ac\t\t\t\t<\/div>\n\t\t\t<\/div>\n\t\t\t\t<\/a>\n\t\t\t\t\t\t<\/div>\n\t\t\t\t<\/div>\n\t\t\t\t\t<\/div>\n\t\t<\/div>\n\t\t\t\t\t<\/div>\n\t\t<\/section>\n\t\t\t\t<section class=\"elementor-section elementor-top-section elementor-element elementor-element-f860ff0 elementor-section-boxed elementor-section-height-default elementor-section-height-default\" data-id=\"f860ff0\" data-element_type=\"section\">\n\t\t\t\t\t\t<div class=\"elementor-container elementor-column-gap-default\">\n\t\t\t\t\t<div class=\"elementor-column elementor-col-100 elementor-top-column elementor-element elementor-element-429b3f2\" data-id=\"429b3f2\" data-element_type=\"column\">\n\t\t\t<div class=\"elementor-widget-wrap elementor-element-populated\">\n\t\t\t\t\t\t<div class=\"elementor-element elementor-element-1cf8514 elementor-align-center elementor-widget elementor-widget-button\" data-id=\"1cf8514\" data-element_type=\"widget\" data-widget_type=\"button.default\">\n\t\t\t\t<div class=\"elementor-widget-container\">\n\t\t\t\t\t\t\t\t\t<div class=\"elementor-button-wrapper\">\n\t\t\t\t\t<a class=\"elementor-button elementor-button-link elementor-size-md\" href=\"https:\/\/www.willysplan.com\/tours-privados-barcelona\">\n\t\t\t\t\t\t<span class=\"elementor-button-content-wrapper\">\n\t\t\t\t\t\t\t\t\t<span class=\"elementor-button-text\">Ver todos nuestros tours privados<\/span>\n\t\t\t\t\t<\/span>\n\t\t\t\t\t<\/a>\n\t\t\t\t<\/div>\n\t\t\t\t\t\t\t\t<\/div>\n\t\t\t\t<\/div>\n\t\t\t\t\t<\/div>\n\t\t<\/div>\n\t\t\t\t\t<\/div>\n\t\t<\/section>\n\t\t\t\t<section class=\"elementor-section elementor-top-section elementor-element elementor-element-e9d741e elementor-section-boxed elementor-section-height-default elementor-section-height-default\" data-id=\"e9d741e\" data-element_type=\"section\">\n\t\t\t\t\t\t<div class=\"elementor-container elementor-column-gap-default\">\n\t\t\t\t\t<div class=\"elementor-column elementor-col-100 elementor-top-column elementor-element elementor-element-0ab80c8\" data-id=\"0ab80c8\" data-element_type=\"column\">\n\t\t\t<div class=\"elementor-widget-wrap elementor-element-populated\">\n\t\t\t\t\t\t<div class=\"elementor-element elementor-element-7251372 elementor-widget elementor-widget-heading\" data-id=\"7251372\" data-element_type=\"widget\" data-widget_type=\"heading.default\">\n\t\t\t\t<div class=\"elementor-widget-container\">\n\t\t\t\t\t<h2 class=\"elementor-heading-title elementor-size-default\">16. Playa de la Ricarda<\/h2>\t\t\t\t<\/div>\n\t\t\t\t<\/div>\n\t\t\t\t\t<\/div>\n\t\t<\/div>\n\t\t\t\t\t<\/div>\n\t\t<\/section>\n\t\t\t\t<section class=\"elementor-section elementor-top-section elementor-element elementor-element-f6819d4 elementor-section-boxed elementor-section-height-default elementor-section-height-default\" data-id=\"f6819d4\" data-element_type=\"section\">\n\t\t\t\t\t\t<div class=\"elementor-container elementor-column-gap-default\">\n\t\t\t\t\t<div class=\"elementor-column elementor-col-50 elementor-top-column elementor-element elementor-element-dd1215e\" data-id=\"dd1215e\" data-element_type=\"column\">\n\t\t\t<div class=\"elementor-widget-wrap elementor-element-populated\">\n\t\t\t\t\t\t<div class=\"elementor-element elementor-element-d77727f elementor-widget elementor-widget-image\" data-id=\"d77727f\" data-element_type=\"widget\" data-widget_type=\"image.default\">\n\t\t\t\t<div class=\"elementor-widget-container\">\n\t\t\t\t\t\t\t\t\t\t\t\t\t\t\t<img loading=\"lazy\" decoding=\"async\" width=\"1024\" height=\"654\" src=\"https:\/\/www.willysplan.com\/wp-content\/uploads\/2023\/05\/Screenshot-2023-05-19-at-07.59.49-1024x654.png\" class=\"attachment-large size-large wp-image-19832\" alt=\"\" srcset=\"https:\/\/www.willysplan.com\/wp-content\/uploads\/2023\/05\/Screenshot-2023-05-19-at-07.59.49-1024x654.png 1024w, https:\/\/www.willysplan.com\/wp-content\/uploads\/2023\/05\/Screenshot-2023-05-19-at-07.59.49-300x192.png 300w, https:\/\/www.willysplan.com\/wp-content\/uploads\/2023\/05\/Screenshot-2023-05-19-at-07.59.49-768x490.png 768w, https:\/\/www.willysplan.com\/wp-content\/uploads\/2023\/05\/Screenshot-2023-05-19-at-07.59.49-1536x981.png 1536w, https:\/\/www.willysplan.com\/wp-content\/uploads\/2023\/05\/Screenshot-2023-05-19-at-07.59.49-600x383.png 600w, https:\/\/www.willysplan.com\/wp-content\/uploads\/2023\/05\/Screenshot-2023-05-19-at-07.59.49.png 1666w\" sizes=\"(max-width: 1024px) 100vw, 1024px\" \/>\t\t\t\t\t\t\t\t\t\t\t\t\t\t\t<\/div>\n\t\t\t\t<\/div>\n\t\t\t\t\t<\/div>\n\t\t<\/div>\n\t\t\t\t<div class=\"elementor-column elementor-col-50 elementor-top-column elementor-element elementor-element-6ac9a4c\" data-id=\"6ac9a4c\" data-element_type=\"column\">\n\t\t\t<div class=\"elementor-widget-wrap elementor-element-populated\">\n\t\t\t\t\t\t<div class=\"elementor-element elementor-element-1f50bf4 elementor-widget elementor-widget-google_maps\" data-id=\"1f50bf4\" data-element_type=\"widget\" data-widget_type=\"google_maps.default\">\n\t\t\t\t<div class=\"elementor-widget-container\">\n\t\t\t\t\t\t\t<div class=\"elementor-custom-embed\">\n\t\t\t<iframe loading=\"lazy\"\n\t\t\t\t\tsrc=\"https:\/\/maps.google.com\/maps?q=playa%20de%20la%20ricarda%2C%20prat%20de%20llobregat&#038;t=m&#038;z=12&#038;output=embed&#038;iwloc=near\"\n\t\t\t\t\ttitle=\"playa de la ricarda, prat de llobregat\"\n\t\t\t\t\taria-label=\"playa de la ricarda, prat de llobregat\"\n\t\t\t><\/iframe>\n\t\t<\/div>\n\t\t\t\t\t\t<\/div>\n\t\t\t\t<\/div>\n\t\t\t\t\t<\/div>\n\t\t<\/div>\n\t\t\t\t\t<\/div>\n\t\t<\/section>\n\t\t\t\t<section class=\"elementor-section elementor-top-section elementor-element elementor-element-bbdaf2b elementor-section-boxed elementor-section-height-default elementor-section-height-default\" data-id=\"bbdaf2b\" data-element_type=\"section\">\n\t\t\t\t\t\t<div class=\"elementor-container elementor-column-gap-default\">\n\t\t\t\t\t<div class=\"elementor-column elementor-col-100 elementor-top-column elementor-element elementor-element-efc56c5\" data-id=\"efc56c5\" data-element_type=\"column\">\n\t\t\t<div class=\"elementor-widget-wrap elementor-element-populated\">\n\t\t\t\t\t\t<div class=\"elementor-element elementor-element-b26e7fc elementor-widget elementor-widget-text-editor\" data-id=\"b26e7fc\" data-element_type=\"widget\" data-widget_type=\"text-editor.default\">\n\t\t\t\t<div class=\"elementor-widget-container\">\n\t\t\t\t\t\t\t\t\t<p>In the municipality of El Prat de Llobregat is the Ricarda Beach, one of the favorite nudist places for many people and it is a real secret treasure. The sand is very fine and golden and the waters are usually quite clean and are perfect for snorkeling.<\/p><p>It has parking, bus, beach bar, lifeguard, showers and other services. The ideal is to go during the week although it is not usually too busy, since its sandy area is quite large.<\/p>\t\t\t\t\t\t\t\t<\/div>\n\t\t\t\t<\/div>\n\t\t\t\t\t<\/div>\n\t\t<\/div>\n\t\t\t\t\t<\/div>\n\t\t<\/section>\n\t\t\t\t<section class=\"elementor-section elementor-top-section elementor-element elementor-element-8ca2c7e elementor-section-boxed elementor-section-height-default elementor-section-height-default\" data-id=\"8ca2c7e\" data-element_type=\"section\">\n\t\t\t\t\t\t<div class=\"elementor-container elementor-column-gap-default\">\n\t\t\t\t\t<div class=\"elementor-column elementor-col-100 elementor-top-column elementor-element elementor-element-d3edeaa\" data-id=\"d3edeaa\" data-element_type=\"column\">\n\t\t\t<div class=\"elementor-widget-wrap elementor-element-populated\">\n\t\t\t\t\t\t<div class=\"elementor-element elementor-element-58c6d21 elementor-widget elementor-widget-heading\" data-id=\"58c6d21\" data-element_type=\"widget\" data-widget_type=\"heading.default\">\n\t\t\t\t<div class=\"elementor-widget-container\">\n\t\t\t\t\t<h2 class=\"elementor-heading-title elementor-size-default\">17. Playa de la Murtra<\/h2>\t\t\t\t<\/div>\n\t\t\t\t<\/div>\n\t\t\t\t\t<\/div>\n\t\t<\/div>\n\t\t\t\t\t<\/div>\n\t\t<\/section>\n\t\t\t\t<section class=\"elementor-section elementor-top-section elementor-element elementor-element-2e12d33 elementor-section-boxed elementor-section-height-default elementor-section-height-default\" data-id=\"2e12d33\" data-element_type=\"section\">\n\t\t\t\t\t\t<div class=\"elementor-container elementor-column-gap-default\">\n\t\t\t\t\t<div class=\"elementor-column elementor-col-50 elementor-top-column elementor-element elementor-element-0aa45a5\" data-id=\"0aa45a5\" data-element_type=\"column\">\n\t\t\t<div class=\"elementor-widget-wrap elementor-element-populated\">\n\t\t\t\t\t\t<div class=\"elementor-element elementor-element-0bdd645 elementor-widget elementor-widget-image\" data-id=\"0bdd645\" data-element_type=\"widget\" data-widget_type=\"image.default\">\n\t\t\t\t<div class=\"elementor-widget-container\">\n\t\t\t\t\t\t\t\t\t\t\t\t\t\t\t<img loading=\"lazy\" decoding=\"async\" width=\"1024\" height=\"575\" src=\"https:\/\/www.willysplan.com\/wp-content\/uploads\/2023\/05\/Screenshot-2023-05-19-at-08.03.05-1024x575.png\" class=\"attachment-large size-large wp-image-19835\" alt=\"\" srcset=\"https:\/\/www.willysplan.com\/wp-content\/uploads\/2023\/05\/Screenshot-2023-05-19-at-08.03.05-1024x575.png 1024w, https:\/\/www.willysplan.com\/wp-content\/uploads\/2023\/05\/Screenshot-2023-05-19-at-08.03.05-300x169.png 300w, https:\/\/www.willysplan.com\/wp-content\/uploads\/2023\/05\/Screenshot-2023-05-19-at-08.03.05-768x431.png 768w, https:\/\/www.willysplan.com\/wp-content\/uploads\/2023\/05\/Screenshot-2023-05-19-at-08.03.05-600x337.png 600w, https:\/\/www.willysplan.com\/wp-content\/uploads\/2023\/05\/Screenshot-2023-05-19-at-08.03.05.png 1474w\" sizes=\"(max-width: 1024px) 100vw, 1024px\" \/>\t\t\t\t\t\t\t\t\t\t\t\t\t\t\t<\/div>\n\t\t\t\t<\/div>\n\t\t\t\t\t<\/div>\n\t\t<\/div>\n\t\t\t\t<div class=\"elementor-column elementor-col-50 elementor-top-column elementor-element elementor-element-4cd4a89\" data-id=\"4cd4a89\" data-element_type=\"column\">\n\t\t\t<div class=\"elementor-widget-wrap elementor-element-populated\">\n\t\t\t\t\t\t<div class=\"elementor-element elementor-element-8f22879 elementor-widget elementor-widget-google_maps\" data-id=\"8f22879\" data-element_type=\"widget\" data-widget_type=\"google_maps.default\">\n\t\t\t\t<div class=\"elementor-widget-container\">\n\t\t\t\t\t\t\t<div class=\"elementor-custom-embed\">\n\t\t\t<iframe loading=\"lazy\"\n\t\t\t\t\tsrc=\"https:\/\/maps.google.com\/maps?q=playa%20de%20la%20murtra%20viladecans&#038;t=m&#038;z=10&#038;output=embed&#038;iwloc=near\"\n\t\t\t\t\ttitle=\"playa de la murtra viladecans\"\n\t\t\t\t\taria-label=\"playa de la murtra viladecans\"\n\t\t\t><\/iframe>\n\t\t<\/div>\n\t\t\t\t\t\t<\/div>\n\t\t\t\t<\/div>\n\t\t\t\t\t<\/div>\n\t\t<\/div>\n\t\t\t\t\t<\/div>\n\t\t<\/section>\n\t\t\t\t<section class=\"elementor-section elementor-top-section elementor-element elementor-element-bc2407b elementor-section-boxed elementor-section-height-default elementor-section-height-default\" data-id=\"bc2407b\" data-element_type=\"section\">\n\t\t\t\t\t\t<div class=\"elementor-container elementor-column-gap-default\">\n\t\t\t\t\t<div class=\"elementor-column elementor-col-100 elementor-top-column elementor-element elementor-element-dd8b659\" data-id=\"dd8b659\" data-element_type=\"column\">\n\t\t\t<div class=\"elementor-widget-wrap elementor-element-populated\">\n\t\t\t\t\t\t<div class=\"elementor-element elementor-element-9f19edf elementor-widget elementor-widget-text-editor\" data-id=\"9f19edf\" data-element_type=\"widget\" data-widget_type=\"text-editor.default\">\n\t\t\t\t<div class=\"elementor-widget-container\">\n\t\t\t\t\t\t\t\t\t<p>We travel to Viladecans, to introduce you to the beach of La Murtra, bordering the municipality of Gav\u00e0. It is also known as the beach of the Philippines and nobody knows exactly why. This beach is composed of a 220 meters long sandy beach, with fine golden sand and a very clean and crystalline water.<\/p><p>This can become your favorite place to enjoy the sun with maximum freedom. The environment that offers us is beautiful, thanks to its pine forest and dune landscape, where you can take long walks. La Murtra Beach is ideal to go with the family, as it has several services such as red cross, parking, bathrooms, sun loungers, water activities, restaurants and a playground.<\/p>\t\t\t\t\t\t\t\t<\/div>\n\t\t\t\t<\/div>\n\t\t\t\t\t<\/div>\n\t\t<\/div>\n\t\t\t\t\t<\/div>\n\t\t<\/section>\n\t\t\t\t<section class=\"elementor-section elementor-top-section elementor-element elementor-element-d659d63 elementor-section-boxed elementor-section-height-default elementor-section-height-default\" data-id=\"d659d63\" data-element_type=\"section\">\n\t\t\t\t\t\t<div class=\"elementor-container elementor-column-gap-default\">\n\t\t\t\t\t<div class=\"elementor-column elementor-col-100 elementor-top-column elementor-element elementor-element-ad1d4fd\" data-id=\"ad1d4fd\" data-element_type=\"column\">\n\t\t\t<div class=\"elementor-widget-wrap elementor-element-populated\">\n\t\t\t\t\t\t<div class=\"elementor-element elementor-element-aec70fa elementor-widget elementor-widget-heading\" data-id=\"aec70fa\" data-element_type=\"widget\" data-widget_type=\"heading.default\">\n\t\t\t\t<div class=\"elementor-widget-container\">\n\t\t\t\t\t<h2 class=\"elementor-heading-title elementor-size-default\">18. Playa de Sant Sim\u00f3<\/h2>\t\t\t\t<\/div>\n\t\t\t\t<\/div>\n\t\t\t\t\t<\/div>\n\t\t<\/div>\n\t\t\t\t\t<\/div>\n\t\t<\/section>\n\t\t\t\t<section class=\"elementor-section elementor-top-section elementor-element elementor-element-4998ea1 elementor-section-boxed elementor-section-height-default elementor-section-height-default\" data-id=\"4998ea1\" data-element_type=\"section\">\n\t\t\t\t\t\t<div class=\"elementor-container elementor-column-gap-default\">\n\t\t\t\t\t<div class=\"elementor-column elementor-col-50 elementor-top-column elementor-element elementor-element-f3f6bb3\" data-id=\"f3f6bb3\" data-element_type=\"column\">\n\t\t\t<div class=\"elementor-widget-wrap elementor-element-populated\">\n\t\t\t\t\t\t<div class=\"elementor-element elementor-element-7dffab8 elementor-widget elementor-widget-image\" data-id=\"7dffab8\" data-element_type=\"widget\" data-widget_type=\"image.default\">\n\t\t\t\t<div class=\"elementor-widget-container\">\n\t\t\t\t\t\t\t\t\t\t\t\t\t\t\t<img loading=\"lazy\" decoding=\"async\" width=\"1024\" height=\"679\" src=\"https:\/\/www.willysplan.com\/wp-content\/uploads\/2023\/05\/playa-sant-simo-1024x679.png\" class=\"attachment-large size-large wp-image-20181\" alt=\"playa-sant-simo\" srcset=\"https:\/\/www.willysplan.com\/wp-content\/uploads\/2023\/05\/playa-sant-simo-1024x679.png 1024w, https:\/\/www.willysplan.com\/wp-content\/uploads\/2023\/05\/playa-sant-simo-300x199.png 300w, https:\/\/www.willysplan.com\/wp-content\/uploads\/2023\/05\/playa-sant-simo-768x509.png 768w, https:\/\/www.willysplan.com\/wp-content\/uploads\/2023\/05\/playa-sant-simo-600x398.png 600w, https:\/\/www.willysplan.com\/wp-content\/uploads\/2023\/05\/playa-sant-simo.png 1186w\" sizes=\"(max-width: 1024px) 100vw, 1024px\" \/>\t\t\t\t\t\t\t\t\t\t\t\t\t\t\t<\/div>\n\t\t\t\t<\/div>\n\t\t\t\t\t<\/div>\n\t\t<\/div>\n\t\t\t\t<div class=\"elementor-column elementor-col-50 elementor-top-column elementor-element elementor-element-e61148d\" data-id=\"e61148d\" data-element_type=\"column\">\n\t\t\t<div class=\"elementor-widget-wrap elementor-element-populated\">\n\t\t\t\t\t\t<div class=\"elementor-element elementor-element-094e5b2 elementor-widget elementor-widget-google_maps\" data-id=\"094e5b2\" data-element_type=\"widget\" data-widget_type=\"google_maps.default\">\n\t\t\t\t<div class=\"elementor-widget-container\">\n\t\t\t\t\t\t\t<div class=\"elementor-custom-embed\">\n\t\t\t<iframe loading=\"lazy\"\n\t\t\t\t\tsrc=\"https:\/\/maps.google.com\/maps?q=playa%20sant%20sim%C3%B3&#038;t=m&#038;z=12&#038;output=embed&#038;iwloc=near\"\n\t\t\t\t\ttitle=\"playa sant sim\u00f3\"\n\t\t\t\t\taria-label=\"playa sant sim\u00f3\"\n\t\t\t><\/iframe>\n\t\t<\/div>\n\t\t\t\t\t\t<\/div>\n\t\t\t\t<\/div>\n\t\t\t\t\t<\/div>\n\t\t<\/div>\n\t\t\t\t\t<\/div>\n\t\t<\/section>\n\t\t\t\t<section class=\"elementor-section elementor-top-section elementor-element elementor-element-25b4666 elementor-section-boxed elementor-section-height-default elementor-section-height-default\" data-id=\"25b4666\" data-element_type=\"section\">\n\t\t\t\t\t\t<div class=\"elementor-container elementor-column-gap-default\">\n\t\t\t\t\t<div class=\"elementor-column elementor-col-100 elementor-top-column elementor-element elementor-element-b78176a\" data-id=\"b78176a\" data-element_type=\"column\">\n\t\t\t<div class=\"elementor-widget-wrap elementor-element-populated\">\n\t\t\t\t\t\t<div class=\"elementor-element elementor-element-c60026a elementor-widget elementor-widget-text-editor\" data-id=\"c60026a\" data-element_type=\"widget\" data-widget_type=\"text-editor.default\">\n\t\t\t\t<div class=\"elementor-widget-container\">\n\t\t\t\t\t\t\t\t\t<p>Sant Sim\u00f3 beach is approximately 1 kilometer long and is the least urbanized of Matar\u00f3. It is not nudist in its entirety, although it has a very well signposted naturist area. As it is easy to access, it is usually quite crowded and you can get there by car, thanks to a large parking area.<\/p>\t\t\t\t\t\t\t\t<\/div>\n\t\t\t\t<\/div>\n\t\t\t\t\t<\/div>\n\t\t<\/div>\n\t\t\t\t\t<\/div>\n\t\t<\/section>\n\t\t\t\t<section class=\"elementor-section elementor-top-section elementor-element elementor-element-ee1dbd6 elementor-section-boxed elementor-section-height-default elementor-section-height-default\" data-id=\"ee1dbd6\" data-element_type=\"section\">\n\t\t\t\t\t\t<div class=\"elementor-container elementor-column-gap-default\">\n\t\t\t\t\t<div class=\"elementor-column elementor-col-100 elementor-top-column elementor-element elementor-element-381c8b9\" data-id=\"381c8b9\" data-element_type=\"column\">\n\t\t\t<div class=\"elementor-widget-wrap elementor-element-populated\">\n\t\t\t\t\t\t<div class=\"elementor-element elementor-element-22c8ec5 elementor-cta--layout-image-left elementor-cta--valign-middle elementor-hidden-mobile elementor-cta--skin-classic elementor-animated-content elementor-widget elementor-widget-call-to-action\" data-id=\"22c8ec5\" data-element_type=\"widget\" data-widget_type=\"call-to-action.default\">\n\t\t\t\t<div class=\"elementor-widget-container\">\n\t\t\t\t\t\t\t<a class=\"elementor-cta\" href=\"https:\/\/www.willysplan.com\/tours-privados-barcelona\/tour-del-parque-del-laberinto-de-barcelona\">\n\t\t\t\t\t<div class=\"elementor-cta__bg-wrapper\">\n\t\t\t\t<div class=\"elementor-cta__bg elementor-bg\" style=\"background-image: url(https:\/\/www.willysplan.com\/wp-content\/uploads\/2022\/05\/vista-laberinto.webp);\" role=\"img\" aria-label=\"free tour barcelona - laberint horta\"><\/div>\n\t\t\t\t<div class=\"elementor-cta__bg-overlay\"><\/div>\n\t\t\t<\/div>\n\t\t\t\t\t\t\t<div class=\"elementor-cta__content\">\n\t\t\t\t\n\t\t\t\t\t\t\t\t\t<h2 class=\"elementor-cta__title elementor-cta__content-item elementor-content-item\">\n\t\t\t\t\t\tTour del parque del laberinto de Barcelona\t\t\t\t\t<\/h2>\n\t\t\t\t\n\t\t\t\t\t\t\t\t\t<div class=\"elementor-cta__description elementor-cta__content-item elementor-content-item\">\n\t\t\t\t\t\t\u2b50\u2b50\u2b50\u2b50\u2b50<br><br>\ud83d\udd50 2 horas.<br>\ud83d\udcac Espa\u00f1ol, Ingl\u00e9s, Italiano, Franc\u00e9s, Portugu\u00e9s, Alem\u00e1n, Chino, Ruso y \u00c1rabe.<br>\u2714 Cancelaci\u00f3n gratuita.\t\t\t\t\t<\/div>\n\t\t\t\t\n\t\t\t\t\t\t\t<\/div>\n\t\t\t\t\t\t\t<div class=\"elementor-ribbon elementor-ribbon-right\">\n\t\t\t\t<div class=\"elementor-ribbon-inner\">\n\t\t\t\t\tDesde 70\u20ac\t\t\t\t<\/div>\n\t\t\t<\/div>\n\t\t\t\t<\/a>\n\t\t\t\t\t\t<\/div>\n\t\t\t\t<\/div>\n\t\t\t\t\t<\/div>\n\t\t<\/div>\n\t\t\t\t\t<\/div>\n\t\t<\/section>\n\t\t\t\t<section class=\"elementor-section elementor-top-section elementor-element elementor-element-9397b7a elementor-section-boxed elementor-section-height-default elementor-section-height-default\" data-id=\"9397b7a\" data-element_type=\"section\">\n\t\t\t\t\t\t<div class=\"elementor-container elementor-column-gap-default\">\n\t\t\t\t\t<div class=\"elementor-column elementor-col-100 elementor-top-column elementor-element elementor-element-dd028ab\" data-id=\"dd028ab\" data-element_type=\"column\">\n\t\t\t<div class=\"elementor-widget-wrap elementor-element-populated\">\n\t\t\t\t\t\t<div class=\"elementor-element elementor-element-944605b elementor-cta--layout-image-above elementor-cta--valign-middle elementor-hidden-desktop elementor-hidden-tablet elementor-cta--skin-classic elementor-animated-content elementor-widget elementor-widget-call-to-action\" data-id=\"944605b\" data-element_type=\"widget\" data-widget_type=\"call-to-action.default\">\n\t\t\t\t<div class=\"elementor-widget-container\">\n\t\t\t\t\t\t\t<a class=\"elementor-cta\" href=\"https:\/\/www.willysplan.com\/tours-privados-barcelona\/tour-del-parque-del-laberinto-de-barcelona\">\n\t\t\t\t\t<div class=\"elementor-cta__bg-wrapper\">\n\t\t\t\t<div class=\"elementor-cta__bg elementor-bg\" style=\"background-image: url(https:\/\/www.willysplan.com\/wp-content\/uploads\/2022\/05\/vista-laberinto.webp);\" role=\"img\" aria-label=\"free tour barcelona - laberint horta\"><\/div>\n\t\t\t\t<div class=\"elementor-cta__bg-overlay\"><\/div>\n\t\t\t<\/div>\n\t\t\t\t\t\t\t<div class=\"elementor-cta__content\">\n\t\t\t\t\n\t\t\t\t\t\t\t\t\t<h2 class=\"elementor-cta__title elementor-cta__content-item elementor-content-item\">\n\t\t\t\t\t\tTour del parque del laberinto de Barcelona\t\t\t\t\t<\/h2>\n\t\t\t\t\n\t\t\t\t\t\t\t\t\t<div class=\"elementor-cta__description elementor-cta__content-item elementor-content-item\">\n\t\t\t\t\t\t\u2b50\u2b50\u2b50\u2b50\u2b50<br><br>\ud83d\udd50 2 horas.<br>\ud83d\udcac Espa\u00f1ol, Ingl\u00e9s, Italiano, Franc\u00e9s, Portugu\u00e9s, Alem\u00e1n, Chino, Ruso y \u00c1rabe.<br>\u2714 Cancelaci\u00f3n gratuita.\t\t\t\t\t<\/div>\n\t\t\t\t\n\t\t\t\t\t\t\t<\/div>\n\t\t\t\t\t\t\t<div class=\"elementor-ribbon elementor-ribbon-right\">\n\t\t\t\t<div class=\"elementor-ribbon-inner\">\n\t\t\t\t\tDesde 70\u20ac\t\t\t\t<\/div>\n\t\t\t<\/div>\n\t\t\t\t<\/a>\n\t\t\t\t\t\t<\/div>\n\t\t\t\t<\/div>\n\t\t\t\t\t<\/div>\n\t\t<\/div>\n\t\t\t\t\t<\/div>\n\t\t<\/section>\n\t\t\t\t<section class=\"elementor-section elementor-top-section elementor-element elementor-element-baeeb6f elementor-section-boxed elementor-section-height-default elementor-section-height-default\" data-id=\"baeeb6f\" data-element_type=\"section\">\n\t\t\t\t\t\t<div class=\"elementor-container elementor-column-gap-default\">\n\t\t\t\t\t<div class=\"elementor-column elementor-col-100 elementor-top-column elementor-element elementor-element-9a02c08\" data-id=\"9a02c08\" data-element_type=\"column\">\n\t\t\t<div class=\"elementor-widget-wrap elementor-element-populated\">\n\t\t\t\t\t\t<div class=\"elementor-element elementor-element-443d7ec elementor-align-center elementor-widget elementor-widget-button\" data-id=\"443d7ec\" data-element_type=\"widget\" data-widget_type=\"button.default\">\n\t\t\t\t<div class=\"elementor-widget-container\">\n\t\t\t\t\t\t\t\t\t<div class=\"elementor-button-wrapper\">\n\t\t\t\t\t<a class=\"elementor-button elementor-button-link elementor-size-md\" href=\"https:\/\/www.willysplan.com\/tours-privados-barcelona\">\n\t\t\t\t\t\t<span class=\"elementor-button-content-wrapper\">\n\t\t\t\t\t\t\t\t\t<span class=\"elementor-button-text\">Ver todos nuestros tours privados<\/span>\n\t\t\t\t\t<\/span>\n\t\t\t\t\t<\/a>\n\t\t\t\t<\/div>\n\t\t\t\t\t\t\t\t<\/div>\n\t\t\t\t<\/div>\n\t\t\t\t\t<\/div>\n\t\t<\/div>\n\t\t\t\t\t<\/div>\n\t\t<\/section>\n\t\t\t\t<section class=\"elementor-section elementor-top-section elementor-element elementor-element-afd44a3 elementor-section-boxed elementor-section-height-default elementor-section-height-default\" data-id=\"afd44a3\" data-element_type=\"section\">\n\t\t\t\t\t\t<div class=\"elementor-container elementor-column-gap-default\">\n\t\t\t\t\t<div class=\"elementor-column elementor-col-100 elementor-top-column elementor-element elementor-element-21f4692\" data-id=\"21f4692\" data-element_type=\"column\">\n\t\t\t<div class=\"elementor-widget-wrap elementor-element-populated\">\n\t\t\t\t\t\t<div class=\"elementor-element elementor-element-c8fdce8 elementor-widget elementor-widget-heading\" data-id=\"c8fdce8\" data-element_type=\"widget\" data-widget_type=\"heading.default\">\n\t\t\t\t<div class=\"elementor-widget-container\">\n\t\t\t\t\t<h2 class=\"elementor-heading-title elementor-size-default\">19. Playa de la Punta de la Tordera<\/h2>\t\t\t\t<\/div>\n\t\t\t\t<\/div>\n\t\t\t\t\t<\/div>\n\t\t<\/div>\n\t\t\t\t\t<\/div>\n\t\t<\/section>\n\t\t\t\t<section class=\"elementor-section elementor-top-section elementor-element elementor-element-23c888c elementor-section-boxed elementor-section-height-default elementor-section-height-default\" data-id=\"23c888c\" data-element_type=\"section\">\n\t\t\t\t\t\t<div class=\"elementor-container elementor-column-gap-default\">\n\t\t\t\t\t<div class=\"elementor-column elementor-col-50 elementor-top-column elementor-element elementor-element-ddbcff7\" data-id=\"ddbcff7\" data-element_type=\"column\">\n\t\t\t<div class=\"elementor-widget-wrap elementor-element-populated\">\n\t\t\t\t\t\t<div class=\"elementor-element elementor-element-3f57478 elementor-widget elementor-widget-image\" data-id=\"3f57478\" data-element_type=\"widget\" data-widget_type=\"image.default\">\n\t\t\t\t<div class=\"elementor-widget-container\">\n\t\t\t\t\t\t\t\t\t\t\t\t\t\t\t<img loading=\"lazy\" decoding=\"async\" width=\"1024\" height=\"637\" src=\"https:\/\/www.willysplan.com\/wp-content\/uploads\/2023\/05\/Screenshot-2023-05-19-at-08.10.53-1024x637.png\" class=\"attachment-large size-large wp-image-19838\" alt=\"\" srcset=\"https:\/\/www.willysplan.com\/wp-content\/uploads\/2023\/05\/Screenshot-2023-05-19-at-08.10.53-1024x637.png 1024w, https:\/\/www.willysplan.com\/wp-content\/uploads\/2023\/05\/Screenshot-2023-05-19-at-08.10.53-300x186.png 300w, https:\/\/www.willysplan.com\/wp-content\/uploads\/2023\/05\/Screenshot-2023-05-19-at-08.10.53-768x477.png 768w, https:\/\/www.willysplan.com\/wp-content\/uploads\/2023\/05\/Screenshot-2023-05-19-at-08.10.53-1536x955.png 1536w, https:\/\/www.willysplan.com\/wp-content\/uploads\/2023\/05\/Screenshot-2023-05-19-at-08.10.53-600x373.png 600w, https:\/\/www.willysplan.com\/wp-content\/uploads\/2023\/05\/Screenshot-2023-05-19-at-08.10.53.png 1612w\" sizes=\"(max-width: 1024px) 100vw, 1024px\" \/>\t\t\t\t\t\t\t\t\t\t\t\t\t\t\t<\/div>\n\t\t\t\t<\/div>\n\t\t\t\t\t<\/div>\n\t\t<\/div>\n\t\t\t\t<div class=\"elementor-column elementor-col-50 elementor-top-column elementor-element elementor-element-36c09fa\" data-id=\"36c09fa\" data-element_type=\"column\">\n\t\t\t<div class=\"elementor-widget-wrap elementor-element-populated\">\n\t\t\t\t\t\t<div class=\"elementor-element elementor-element-855f2d1 elementor-widget elementor-widget-google_maps\" data-id=\"855f2d1\" data-element_type=\"widget\" data-widget_type=\"google_maps.default\">\n\t\t\t\t<div class=\"elementor-widget-container\">\n\t\t\t\t\t\t\t<div class=\"elementor-custom-embed\">\n\t\t\t<iframe loading=\"lazy\"\n\t\t\t\t\tsrc=\"https:\/\/maps.google.com\/maps?q=platja%20punta%20tordera&#038;t=m&#038;z=12&#038;output=embed&#038;iwloc=near\"\n\t\t\t\t\ttitle=\"platja punta tordera\"\n\t\t\t\t\taria-label=\"platja punta tordera\"\n\t\t\t><\/iframe>\n\t\t<\/div>\n\t\t\t\t\t\t<\/div>\n\t\t\t\t<\/div>\n\t\t\t\t\t<\/div>\n\t\t<\/div>\n\t\t\t\t\t<\/div>\n\t\t<\/section>\n\t\t\t\t<section class=\"elementor-section elementor-top-section elementor-element elementor-element-64e64c3 elementor-section-boxed elementor-section-height-default elementor-section-height-default\" data-id=\"64e64c3\" data-element_type=\"section\">\n\t\t\t\t\t\t<div class=\"elementor-container elementor-column-gap-default\">\n\t\t\t\t\t<div class=\"elementor-column elementor-col-100 elementor-top-column elementor-element elementor-element-6608390\" data-id=\"6608390\" data-element_type=\"column\">\n\t\t\t<div class=\"elementor-widget-wrap elementor-element-populated\">\n\t\t\t\t\t\t<div class=\"elementor-element elementor-element-c5337b8 elementor-widget elementor-widget-text-editor\" data-id=\"c5337b8\" data-element_type=\"widget\" data-widget_type=\"text-editor.default\">\n\t\t\t\t<div class=\"elementor-widget-container\">\n\t\t\t\t\t\t\t\t\t<p>The nudist beach of Punta de la Tordera extends from the road to La Pomereda, to the mouth of the river Tordera. It is a protected natural area where you can find a campsite, showers, beach bars, etc..<\/p><p>This space is suitable for people with reduced mobility and can be reached by car from the level crossing of the road from Malgrat de Mar to Blanes. If you arrive on foot you will do it from the Malgrat de Mar promenade.<\/p>\t\t\t\t\t\t\t\t<\/div>\n\t\t\t\t<\/div>\n\t\t\t\t\t<\/div>\n\t\t<\/div>\n\t\t\t\t\t<\/div>\n\t\t<\/section>\n\t\t\t\t<section class=\"elementor-section elementor-top-section elementor-element elementor-element-193f5ea elementor-section-boxed elementor-section-height-default elementor-section-height-default\" data-id=\"193f5ea\" data-element_type=\"section\">\n\t\t\t\t\t\t<div class=\"elementor-container elementor-column-gap-default\">\n\t\t\t\t\t<div class=\"elementor-column elementor-col-100 elementor-top-column elementor-element elementor-element-2c5d1bb\" data-id=\"2c5d1bb\" data-element_type=\"column\">\n\t\t\t<div class=\"elementor-widget-wrap elementor-element-populated\">\n\t\t\t\t\t\t<div class=\"elementor-element elementor-element-8366556 elementor-widget elementor-widget-heading\" data-id=\"8366556\" data-element_type=\"widget\" data-widget_type=\"heading.default\">\n\t\t\t\t<div class=\"elementor-widget-container\">\n\t\t\t\t\t<h2 class=\"elementor-heading-title elementor-size-default\">20. Cala Naiara, antiguamente Cala Taps<\/h2>\t\t\t\t<\/div>\n\t\t\t\t<\/div>\n\t\t\t\t\t<\/div>\n\t\t<\/div>\n\t\t\t\t\t<\/div>\n\t\t<\/section>\n\t\t\t\t<section class=\"elementor-section elementor-top-section elementor-element elementor-element-9acb307 elementor-section-boxed elementor-section-height-default elementor-section-height-default\" data-id=\"9acb307\" data-element_type=\"section\">\n\t\t\t\t\t\t<div class=\"elementor-container elementor-column-gap-default\">\n\t\t\t\t\t<div class=\"elementor-column elementor-col-50 elementor-top-column elementor-element elementor-element-9fa4c8c\" data-id=\"9fa4c8c\" data-element_type=\"column\">\n\t\t\t<div class=\"elementor-widget-wrap elementor-element-populated\">\n\t\t\t\t\t\t<div class=\"elementor-element elementor-element-85db0f0 elementor-widget elementor-widget-image\" data-id=\"85db0f0\" data-element_type=\"widget\" data-widget_type=\"image.default\">\n\t\t\t\t<div class=\"elementor-widget-container\">\n\t\t\t\t\t\t\t\t\t\t\t\t\t\t\t<img loading=\"lazy\" decoding=\"async\" width=\"1024\" height=\"665\" src=\"https:\/\/www.willysplan.com\/wp-content\/uploads\/2023\/05\/cala-naiara-1024x665.png\" class=\"attachment-large size-large wp-image-20184\" alt=\"cala-naiara\" srcset=\"https:\/\/www.willysplan.com\/wp-content\/uploads\/2023\/05\/cala-naiara-1024x665.png 1024w, https:\/\/www.willysplan.com\/wp-content\/uploads\/2023\/05\/cala-naiara-300x195.png 300w, https:\/\/www.willysplan.com\/wp-content\/uploads\/2023\/05\/cala-naiara-768x499.png 768w, https:\/\/www.willysplan.com\/wp-content\/uploads\/2023\/05\/cala-naiara-600x390.png 600w, https:\/\/www.willysplan.com\/wp-content\/uploads\/2023\/05\/cala-naiara.png 1182w\" sizes=\"(max-width: 1024px) 100vw, 1024px\" \/>\t\t\t\t\t\t\t\t\t\t\t\t\t\t\t<\/div>\n\t\t\t\t<\/div>\n\t\t\t\t\t<\/div>\n\t\t<\/div>\n\t\t\t\t<div class=\"elementor-column elementor-col-50 elementor-top-column elementor-element elementor-element-0eae222\" data-id=\"0eae222\" data-element_type=\"column\">\n\t\t\t<div class=\"elementor-widget-wrap elementor-element-populated\">\n\t\t\t\t\t\t<div class=\"elementor-element elementor-element-31edd57 elementor-widget elementor-widget-google_maps\" data-id=\"31edd57\" data-element_type=\"widget\" data-widget_type=\"google_maps.default\">\n\t\t\t\t<div class=\"elementor-widget-container\">\n\t\t\t\t\t\t\t<div class=\"elementor-custom-embed\">\n\t\t\t<iframe loading=\"lazy\"\n\t\t\t\t\tsrc=\"https:\/\/maps.google.com\/maps?q=cala%20taps&#038;t=m&#038;z=12&#038;output=embed&#038;iwloc=near\"\n\t\t\t\t\ttitle=\"cala taps\"\n\t\t\t\t\taria-label=\"cala taps\"\n\t\t\t><\/iframe>\n\t\t<\/div>\n\t\t\t\t\t\t<\/div>\n\t\t\t\t<\/div>\n\t\t\t\t\t<\/div>\n\t\t<\/div>\n\t\t\t\t\t<\/div>\n\t\t<\/section>\n\t\t\t\t<section class=\"elementor-section elementor-top-section elementor-element elementor-element-c3fb079 elementor-section-boxed elementor-section-height-default elementor-section-height-default\" data-id=\"c3fb079\" data-element_type=\"section\">\n\t\t\t\t\t\t<div class=\"elementor-container elementor-column-gap-default\">\n\t\t\t\t\t<div class=\"elementor-column elementor-col-100 elementor-top-column elementor-element elementor-element-b7a4eb7\" data-id=\"b7a4eb7\" data-element_type=\"column\">\n\t\t\t<div class=\"elementor-widget-wrap elementor-element-populated\">\n\t\t\t\t\t\t<div class=\"elementor-element elementor-element-25a4f21 elementor-widget elementor-widget-text-editor\" data-id=\"25a4f21\" data-element_type=\"widget\" data-widget_type=\"text-editor.default\">\n\t\t\t\t<div class=\"elementor-widget-container\">\n\t\t\t\t\t\t\t\t\t<p>We finish our list of the best nudist beaches in Barcelona with Cala Naiara. It is a small nudist beach located in Montgat, about 100 meters south of the Montgat suburban train station. It is very quiet and frequented by its unconditional naturists.<\/p><p>Legend has it that a naturist local, called Naiara, began to clean it and take care of it, so over the years her name has been engraved on the stone that crowns the beach and bears her name. If you Google it, it will appear with its old name of Cala Taps.<\/p><p>These are the best nudist beaches in Barcelona province, although there are still many more to discover. If you are one of those who enjoy being in direct contact with nature and do not need to hide behind a swimsuit, we recommend you to be brave and visit one of these beaches that we have presented. Let us know how the experience went.<\/p>\t\t\t\t\t\t\t\t<\/div>\n\t\t\t\t<\/div>\n\t\t\t\t\t<\/div>\n\t\t<\/div>\n\t\t\t\t\t<\/div>\n\t\t<\/section>\n\t\t\t\t<section class=\"elementor-section elementor-top-section elementor-element elementor-element-774fd5b elementor-section-boxed elementor-section-height-default elementor-section-height-default\" data-id=\"774fd5b\" data-element_type=\"section\">\n\t\t\t\t\t\t<div class=\"elementor-container elementor-column-gap-default\">\n\t\t\t\t\t<div class=\"elementor-column elementor-col-100 elementor-top-column elementor-element elementor-element-ccb3386\" data-id=\"ccb3386\" data-element_type=\"column\">\n\t\t\t<div class=\"elementor-widget-wrap elementor-element-populated\">\n\t\t\t\t\t\t<div class=\"elementor-element elementor-element-5d6c67c elementor-widget elementor-widget-heading\" data-id=\"5d6c67c\" data-element_type=\"widget\" data-widget_type=\"heading.default\">\n\t\t\t\t<div class=\"elementor-widget-container\">\n\t\t\t\t\t<h2 class=\"elementor-heading-title elementor-size-default\">Other routes that may also interest you...<\/h2>\t\t\t\t<\/div>\n\t\t\t\t<\/div>\n\t\t\t\t\t<\/div>\n\t\t<\/div>\n\t\t\t\t\t<\/div>\n\t\t<\/section>\n\t\t\t\t<section class=\"elementor-section elementor-top-section elementor-element elementor-element-b9303aa elementor-section-boxed elementor-section-height-default elementor-section-height-default\" data-id=\"b9303aa\" data-element_type=\"section\">\n\t\t\t\t\t\t<div class=\"elementor-container elementor-column-gap-default\">\n\t\t\t\t\t<div class=\"elementor-column elementor-col-100 elementor-top-column elementor-element elementor-element-4c9811a\" data-id=\"4c9811a\" data-element_type=\"column\">\n\t\t\t<div class=\"elementor-widget-wrap elementor-element-populated\">\n\t\t\t\t\t\t<div class=\"elementor-element elementor-element-1bb3dc4 elementor-grid-4 elementor-grid-tablet-2 elementor-grid-mobile-1 elementor-posts--thumbnail-top elementor-widget elementor-widget-posts\" data-id=\"1bb3dc4\" data-element_type=\"widget\" data-settings=\"{&quot;classic_columns&quot;:&quot;4&quot;,&quot;classic_columns_tablet&quot;:&quot;2&quot;,&quot;classic_columns_mobile&quot;:&quot;1&quot;,&quot;classic_row_gap&quot;:{&quot;unit&quot;:&quot;px&quot;,&quot;size&quot;:35,&quot;sizes&quot;:[]},&quot;classic_row_gap_tablet&quot;:{&quot;unit&quot;:&quot;px&quot;,&quot;size&quot;:&quot;&quot;,&quot;sizes&quot;:[]},&quot;classic_row_gap_mobile&quot;:{&quot;unit&quot;:&quot;px&quot;,&quot;size&quot;:&quot;&quot;,&quot;sizes&quot;:[]}}\" data-widget_type=\"posts.classic\">\n\t\t\t\t<div class=\"elementor-widget-container\">\n\t\t\t\t\t\t\t<div class=\"elementor-posts-container elementor-posts elementor-posts--skin-classic elementor-grid\" role=\"list\">\n\t\t\t\t<article class=\"elementor-post elementor-grid-item post-23827 post type-post status-publish format-standard has-post-thumbnail hentry category-ideas-en tag-ideas\" role=\"listitem\">\n\t\t\t\t<a class=\"elementor-post__thumbnail__link\" href=\"https:\/\/www.willysplan.com\/en\/ideas-en\/what-to-see-and-do-in-barcelona-gothic-quarter\" tabindex=\"-1\" >\n\t\t\t<div class=\"elementor-post__thumbnail\"><img loading=\"lazy\" decoding=\"async\" width=\"300\" height=\"200\" src=\"https:\/\/www.willysplan.com\/wp-content\/uploads\/2022\/06\/barrio-gotico-noche-300x200.webp\" class=\"attachment-medium size-medium wp-image-14912\" alt=\"barrio-gotico-noche\" srcset=\"https:\/\/www.willysplan.com\/wp-content\/uploads\/2022\/06\/barrio-gotico-noche-300x200.webp 300w, https:\/\/www.willysplan.com\/wp-content\/uploads\/2022\/06\/barrio-gotico-noche-768x513.webp 768w, https:\/\/www.willysplan.com\/wp-content\/uploads\/2022\/06\/barrio-gotico-noche-600x401.webp 600w, https:\/\/www.willysplan.com\/wp-content\/uploads\/2022\/06\/barrio-gotico-noche.webp 780w\" sizes=\"(max-width: 300px) 100vw, 300px\" \/><\/div>\n\t\t<\/a>\n\t\t\t\t<div class=\"elementor-post__text\">\n\t\t\t\t<h4 class=\"elementor-post__title\">\n\t\t\t<a href=\"https:\/\/www.willysplan.com\/en\/ideas-en\/what-to-see-and-do-in-barcelona-gothic-quarter\" >\n\t\t\t\tWhat to see and do in Barcelona&#8217;s Gothic Quarter\t\t\t<\/a>\n\t\t<\/h4>\n\t\t\t\t<\/div>\n\t\t\t\t<\/article>\n\t\t\t\t<article class=\"elementor-post elementor-grid-item post-23736 post type-post status-publish format-standard has-post-thumbnail hentry category-ideas-en tag-blog-barcelona tag-ideas\" role=\"listitem\">\n\t\t\t\t<a class=\"elementor-post__thumbnail__link\" href=\"https:\/\/www.willysplan.com\/en\/ideas-en\/tours-and-routes-to-learn-about-the-spanish-civil-war-in-barcelona\" tabindex=\"-1\" >\n\t\t\t<div class=\"elementor-post__thumbnail\"><img loading=\"lazy\" decoding=\"async\" width=\"300\" height=\"177\" src=\"https:\/\/www.willysplan.com\/wp-content\/uploads\/2023\/04\/placa-felip-neri-300x177.jpg\" class=\"attachment-medium size-medium wp-image-17876\" alt=\"pla\u00e7a felip neri\" srcset=\"https:\/\/www.willysplan.com\/wp-content\/uploads\/2023\/04\/placa-felip-neri-300x177.jpg 300w, https:\/\/www.willysplan.com\/wp-content\/uploads\/2023\/04\/placa-felip-neri-1024x603.jpg 1024w, https:\/\/www.willysplan.com\/wp-content\/uploads\/2023\/04\/placa-felip-neri-768x452.jpg 768w, https:\/\/www.willysplan.com\/wp-content\/uploads\/2023\/04\/placa-felip-neri-600x353.jpg 600w, https:\/\/www.willysplan.com\/wp-content\/uploads\/2023\/04\/placa-felip-neri.jpg 1262w\" sizes=\"(max-width: 300px) 100vw, 300px\" \/><\/div>\n\t\t<\/a>\n\t\t\t\t<div class=\"elementor-post__text\">\n\t\t\t\t<h4 class=\"elementor-post__title\">\n\t\t\t<a href=\"https:\/\/www.willysplan.com\/en\/ideas-en\/tours-and-routes-to-learn-about-the-spanish-civil-war-in-barcelona\" >\n\t\t\t\tTours and routes to learn about the Spanish civil war in Barcelona\t\t\t<\/a>\n\t\t<\/h4>\n\t\t\t\t<\/div>\n\t\t\t\t<\/article>\n\t\t\t\t<article class=\"elementor-post elementor-grid-item post-16582 post type-post status-publish format-standard has-post-thumbnail hentry category-ideas tag-ideas\" role=\"listitem\">\n\t\t\t\t<a class=\"elementor-post__thumbnail__link\" href=\"https:\/\/www.willysplan.com\/en\/ideas\/the-best-outdoor-activities-for-companies\" tabindex=\"-1\" >\n\t\t\t<div class=\"elementor-post__thumbnail\"><img loading=\"lazy\" decoding=\"async\" width=\"300\" height=\"225\" src=\"https:\/\/www.willysplan.com\/wp-content\/uploads\/2020\/12\/excursion-congost-de-montrebei-300x225.jpeg\" class=\"attachment-medium size-medium wp-image-14820\" alt=\"congost de montrebei trip\" srcset=\"https:\/\/www.willysplan.com\/wp-content\/uploads\/2020\/12\/excursion-congost-de-montrebei-300x225.jpeg 300w, https:\/\/www.willysplan.com\/wp-content\/uploads\/2020\/12\/excursion-congost-de-montrebei-1024x768.jpeg 1024w, https:\/\/www.willysplan.com\/wp-content\/uploads\/2020\/12\/excursion-congost-de-montrebei-768x576.jpeg 768w, https:\/\/www.willysplan.com\/wp-content\/uploads\/2020\/12\/excursion-congost-de-montrebei-1536x1152.jpeg 1536w, https:\/\/www.willysplan.com\/wp-content\/uploads\/2020\/12\/excursion-congost-de-montrebei-600x450.jpeg 600w, https:\/\/www.willysplan.com\/wp-content\/uploads\/2020\/12\/excursion-congost-de-montrebei.jpeg 1600w\" sizes=\"(max-width: 300px) 100vw, 300px\" \/><\/div>\n\t\t<\/a>\n\t\t\t\t<div class=\"elementor-post__text\">\n\t\t\t\t<h4 class=\"elementor-post__title\">\n\t\t\t<a href=\"https:\/\/www.willysplan.com\/en\/ideas\/the-best-outdoor-activities-for-companies\" >\n\t\t\t\tThe best outdoor activities for companies\t\t\t<\/a>\n\t\t<\/h4>\n\t\t\t\t<\/div>\n\t\t\t\t<\/article>\n\t\t\t\t<article class=\"elementor-post elementor-grid-item post-20202 post type-post status-publish format-standard has-post-thumbnail hentry category-ideas-en tag-blog-barcelona tag-ideas\" role=\"listitem\">\n\t\t\t\t<a class=\"elementor-post__thumbnail__link\" href=\"https:\/\/www.willysplan.com\/en\/ideas-en\/nudist-beaches-barcelona\" tabindex=\"-1\" >\n\t\t\t<div class=\"elementor-post__thumbnail\"><img loading=\"lazy\" decoding=\"async\" width=\"300\" height=\"169\" src=\"https:\/\/www.willysplan.com\/wp-content\/uploads\/2023\/05\/Screenshot-2023-05-19-at-08.03.05-300x169.png\" class=\"attachment-medium size-medium wp-image-19835\" alt=\"\" srcset=\"https:\/\/www.willysplan.com\/wp-content\/uploads\/2023\/05\/Screenshot-2023-05-19-at-08.03.05-300x169.png 300w, https:\/\/www.willysplan.com\/wp-content\/uploads\/2023\/05\/Screenshot-2023-05-19-at-08.03.05-1024x575.png 1024w, https:\/\/www.willysplan.com\/wp-content\/uploads\/2023\/05\/Screenshot-2023-05-19-at-08.03.05-768x431.png 768w, https:\/\/www.willysplan.com\/wp-content\/uploads\/2023\/05\/Screenshot-2023-05-19-at-08.03.05-600x337.png 600w, https:\/\/www.willysplan.com\/wp-content\/uploads\/2023\/05\/Screenshot-2023-05-19-at-08.03.05.png 1474w\" sizes=\"(max-width: 300px) 100vw, 300px\" \/><\/div>\n\t\t<\/a>\n\t\t\t\t<div class=\"elementor-post__text\">\n\t\t\t\t<h4 class=\"elementor-post__title\">\n\t\t\t<a href=\"https:\/\/www.willysplan.com\/en\/ideas-en\/nudist-beaches-barcelona\" >\n\t\t\t\tThe 20 best nudist beaches in Barcelona\t\t\t<\/a>\n\t\t<\/h4>\n\t\t\t\t<\/div>\n\t\t\t\t<\/article>\n\t\t\t\t<\/div>\n\t\t\n\t\t\t\t\t\t<\/div>\n\t\t\t\t<\/div>\n\t\t\t\t\t<\/div>\n\t\t<\/div>\n\t\t\t\t\t<\/div>\n\t\t<\/section>\n\t\t\t\t<\/div>\n\t\t","protected":false},"excerpt":{"rendered":"<p>Do you want to know the best nudist beaches in Barcelona? Read on because here we present them to you. When summer arrives and, with<\/p>\n","protected":false},"author":1,"featured_media":19835,"comment_status":"closed","ping_status":"closed","sticky":false,"template":"","format":"standard","meta":{"neve_meta_sidebar":"","neve_meta_container":"","neve_meta_enable_content_width":"","neve_meta_content_width":0,"neve_meta_title_alignment":"","neve_meta_author_avatar":"","neve_post_elements_order":"","neve_meta_disable_header":"","neve_meta_disable_footer":"","neve_meta_disable_title":"","_joinchat":[],"footnotes":""},"categories":[460],"tags":[486,127],"class_list":["post-20202","post","type-post","status-publish","format-standard","has-post-thumbnail","hentry","category-ideas-en","tag-blog-barcelona","tag-ideas"],"yoast_head":"<!-- This site is optimized with the Yoast SEO Premium plugin v20.1 (Yoast SEO v26.9) - https:\/\/yoast.com\/product\/yoast-seo-premium-wordpress\/ -->\n<title>The 20 best nudist beaches in Barcelona - Willy&#039;s Plan<\/title>\n<meta name=\"description\" content=\"Do you already know the best nudist beaches in Barcelona? Discover the most charming nudist coves and enjoy nudism in Barcelona!\" \/>\n<meta name=\"robots\" content=\"index, follow, max-snippet:-1, max-image-preview:large, max-video-preview:-1\" \/>\n<link rel=\"canonical\" href=\"https:\/\/www.willysplan.com\/en\/ideas-en\/nudist-beaches-barcelona\" \/>\n<meta property=\"og:locale\" content=\"en_US\" \/>\n<meta property=\"og:type\" content=\"article\" \/>\n<meta property=\"og:title\" content=\"The 20 best nudist beaches in Barcelona\" \/>\n<meta property=\"og:description\" content=\"Do you already know the best nudist beaches in Barcelona? Discover the most charming nudist coves and enjoy nudism in Barcelona!\" \/>\n<meta property=\"og:url\" content=\"https:\/\/www.willysplan.com\/en\/ideas-en\/nudist-beaches-barcelona\" \/>\n<meta property=\"og:site_name\" content=\"Willy&#039;s Plan \ud83c\udf43\" \/>\n<meta property=\"article:published_time\" content=\"2023-08-03T03:53:43+00:00\" \/>\n<meta property=\"article:modified_time\" content=\"2023-08-03T04:13:28+00:00\" \/>\n<meta property=\"og:image\" content=\"https:\/\/www.willysplan.com\/wp-content\/uploads\/2023\/05\/Screenshot-2023-05-19-at-08.03.05.png\" \/>\n\t<meta property=\"og:image:width\" content=\"1474\" \/>\n\t<meta property=\"og:image:height\" content=\"828\" \/>\n\t<meta property=\"og:image:type\" content=\"image\/png\" \/>\n<meta name=\"author\" content=\"admin\" \/>\n<meta name=\"twitter:card\" content=\"summary_large_image\" \/>\n<meta name=\"twitter:label1\" content=\"Written by\" \/>\n\t<meta name=\"twitter:data1\" content=\"admin\" \/>\n\t<meta name=\"twitter:label2\" content=\"Est. reading time\" \/>\n\t<meta name=\"twitter:data2\" content=\"16 minutes\" \/>\n<script type=\"application\/ld+json\" class=\"yoast-schema-graph\">{\"@context\":\"https:\/\/schema.org\",\"@graph\":[{\"@type\":\"Article\",\"@id\":\"https:\/\/www.willysplan.com\/en\/ideas-en\/nudist-beaches-barcelona#article\",\"isPartOf\":{\"@id\":\"https:\/\/www.willysplan.com\/en\/ideas-en\/nudist-beaches-barcelona\"},\"author\":{\"name\":\"admin\",\"@id\":\"https:\/\/www.willysplan.com\/#\/schema\/person\/58c1527a9a42e9b18a877f14136f1d47\"},\"headline\":\"The 20 best nudist beaches in Barcelona\",\"datePublished\":\"2023-08-03T03:53:43+00:00\",\"dateModified\":\"2023-08-03T04:13:28+00:00\",\"mainEntityOfPage\":{\"@id\":\"https:\/\/www.willysplan.com\/en\/ideas-en\/nudist-beaches-barcelona\"},\"wordCount\":2457,\"publisher\":{\"@id\":\"https:\/\/www.willysplan.com\/#organization\"},\"image\":{\"@id\":\"https:\/\/www.willysplan.com\/en\/ideas-en\/nudist-beaches-barcelona#primaryimage\"},\"thumbnailUrl\":\"https:\/\/www.willysplan.com\/wp-content\/uploads\/2023\/05\/Screenshot-2023-05-19-at-08.03.05.png\",\"keywords\":[\"blog barcelona\",\"ideas\"],\"articleSection\":[\"Ideas\"],\"inLanguage\":\"en-US\"},{\"@type\":\"WebPage\",\"@id\":\"https:\/\/www.willysplan.com\/en\/ideas-en\/nudist-beaches-barcelona\",\"url\":\"https:\/\/www.willysplan.com\/en\/ideas-en\/nudist-beaches-barcelona\",\"name\":\"The 20 best nudist beaches in Barcelona - Willy's Plan\",\"isPartOf\":{\"@id\":\"https:\/\/www.willysplan.com\/#website\"},\"primaryImageOfPage\":{\"@id\":\"https:\/\/www.willysplan.com\/en\/ideas-en\/nudist-beaches-barcelona#primaryimage\"},\"image\":{\"@id\":\"https:\/\/www.willysplan.com\/en\/ideas-en\/nudist-beaches-barcelona#primaryimage\"},\"thumbnailUrl\":\"https:\/\/www.willysplan.com\/wp-content\/uploads\/2023\/05\/Screenshot-2023-05-19-at-08.03.05.png\",\"datePublished\":\"2023-08-03T03:53:43+00:00\",\"dateModified\":\"2023-08-03T04:13:28+00:00\",\"description\":\"Do you already know the best nudist beaches in Barcelona? Discover the most charming nudist coves and enjoy nudism in Barcelona!\",\"inLanguage\":\"en-US\",\"potentialAction\":[{\"@type\":\"ReadAction\",\"target\":[\"https:\/\/www.willysplan.com\/en\/ideas-en\/nudist-beaches-barcelona\"]}]},{\"@type\":\"ImageObject\",\"inLanguage\":\"en-US\",\"@id\":\"https:\/\/www.willysplan.com\/en\/ideas-en\/nudist-beaches-barcelona#primaryimage\",\"url\":\"https:\/\/www.willysplan.com\/wp-content\/uploads\/2023\/05\/Screenshot-2023-05-19-at-08.03.05.png\",\"contentUrl\":\"https:\/\/www.willysplan.com\/wp-content\/uploads\/2023\/05\/Screenshot-2023-05-19-at-08.03.05.png\",\"width\":1474,\"height\":828},{\"@type\":\"WebSite\",\"@id\":\"https:\/\/www.willysplan.com\/#website\",\"url\":\"https:\/\/www.willysplan.com\/\",\"name\":\"Willy&#039;s Plan \ud83c\udf43\",\"description\":\"Tours y excursiones privadas por Catalu\u00f1a\",\"publisher\":{\"@id\":\"https:\/\/www.willysplan.com\/#organization\"},\"potentialAction\":[{\"@type\":\"SearchAction\",\"target\":{\"@type\":\"EntryPoint\",\"urlTemplate\":\"https:\/\/www.willysplan.com\/?s={search_term_string}\"},\"query-input\":{\"@type\":\"PropertyValueSpecification\",\"valueRequired\":true,\"valueName\":\"search_term_string\"}}],\"inLanguage\":\"en-US\"},{\"@type\":\"Organization\",\"@id\":\"https:\/\/www.willysplan.com\/#organization\",\"name\":\"Willy&#039;s Plan \ud83c\udf43\",\"url\":\"https:\/\/www.willysplan.com\/\",\"logo\":{\"@type\":\"ImageObject\",\"inLanguage\":\"en-US\",\"@id\":\"https:\/\/www.willysplan.com\/#\/schema\/logo\/image\/\",\"url\":\"https:\/\/www.willysplan.com\/wp-content\/uploads\/2020\/04\/cropped-logo-1.png\",\"contentUrl\":\"https:\/\/www.willysplan.com\/wp-content\/uploads\/2020\/04\/cropped-logo-1.png\",\"width\":332,\"height\":332,\"caption\":\"Willy&#039;s Plan \ud83c\udf43\"},\"image\":{\"@id\":\"https:\/\/www.willysplan.com\/#\/schema\/logo\/image\/\"}},{\"@type\":\"Person\",\"@id\":\"https:\/\/www.willysplan.com\/#\/schema\/person\/58c1527a9a42e9b18a877f14136f1d47\",\"name\":\"admin\",\"image\":{\"@type\":\"ImageObject\",\"inLanguage\":\"en-US\",\"@id\":\"https:\/\/www.willysplan.com\/#\/schema\/person\/image\/\",\"url\":\"https:\/\/secure.gravatar.com\/avatar\/0b8d78e655d83cc71e0a6cd6cb0f0f99929604cd70ff0f7ac1713f248945ea9d?s=96&d=mm&r=g\",\"contentUrl\":\"https:\/\/secure.gravatar.com\/avatar\/0b8d78e655d83cc71e0a6cd6cb0f0f99929604cd70ff0f7ac1713f248945ea9d?s=96&d=mm&r=g\",\"caption\":\"admin\"},\"url\":\"https:\/\/www.willysplan.com\/en\/author\/admin\"}]}<\/script>\n<!-- \/ Yoast SEO Premium plugin. -->","yoast_head_json":{"title":"The 20 best nudist beaches in Barcelona - Willy's Plan","description":"Do you already know the best nudist beaches in Barcelona? Discover the most charming nudist coves and enjoy nudism in Barcelona!","robots":{"index":"index","follow":"follow","max-snippet":"max-snippet:-1","max-image-preview":"max-image-preview:large","max-video-preview":"max-video-preview:-1"},"canonical":"https:\/\/www.willysplan.com\/en\/ideas-en\/nudist-beaches-barcelona","og_locale":"en_US","og_type":"article","og_title":"The 20 best nudist beaches in Barcelona","og_description":"Do you already know the best nudist beaches in Barcelona? Discover the most charming nudist coves and enjoy nudism in Barcelona!","og_url":"https:\/\/www.willysplan.com\/en\/ideas-en\/nudist-beaches-barcelona","og_site_name":"Willy&#039;s Plan \ud83c\udf43","article_published_time":"2023-08-03T03:53:43+00:00","article_modified_time":"2023-08-03T04:13:28+00:00","og_image":[{"width":1474,"height":828,"url":"https:\/\/www.willysplan.com\/wp-content\/uploads\/2023\/05\/Screenshot-2023-05-19-at-08.03.05.png","type":"image\/png"}],"author":"admin","twitter_card":"summary_large_image","twitter_misc":{"Written by":"admin","Est. reading time":"16 minutes"},"schema":{"@context":"https:\/\/schema.org","@graph":[{"@type":"Article","@id":"https:\/\/www.willysplan.com\/en\/ideas-en\/nudist-beaches-barcelona#article","isPartOf":{"@id":"https:\/\/www.willysplan.com\/en\/ideas-en\/nudist-beaches-barcelona"},"author":{"name":"admin","@id":"https:\/\/www.willysplan.com\/#\/schema\/person\/58c1527a9a42e9b18a877f14136f1d47"},"headline":"The 20 best nudist beaches in Barcelona","datePublished":"2023-08-03T03:53:43+00:00","dateModified":"2023-08-03T04:13:28+00:00","mainEntityOfPage":{"@id":"https:\/\/www.willysplan.com\/en\/ideas-en\/nudist-beaches-barcelona"},"wordCount":2457,"publisher":{"@id":"https:\/\/www.willysplan.com\/#organization"},"image":{"@id":"https:\/\/www.willysplan.com\/en\/ideas-en\/nudist-beaches-barcelona#primaryimage"},"thumbnailUrl":"https:\/\/www.willysplan.com\/wp-content\/uploads\/2023\/05\/Screenshot-2023-05-19-at-08.03.05.png","keywords":["blog barcelona","ideas"],"articleSection":["Ideas"],"inLanguage":"en-US"},{"@type":"WebPage","@id":"https:\/\/www.willysplan.com\/en\/ideas-en\/nudist-beaches-barcelona","url":"https:\/\/www.willysplan.com\/en\/ideas-en\/nudist-beaches-barcelona","name":"The 20 best nudist beaches in Barcelona - Willy's Plan","isPartOf":{"@id":"https:\/\/www.willysplan.com\/#website"},"primaryImageOfPage":{"@id":"https:\/\/www.willysplan.com\/en\/ideas-en\/nudist-beaches-barcelona#primaryimage"},"image":{"@id":"https:\/\/www.willysplan.com\/en\/ideas-en\/nudist-beaches-barcelona#primaryimage"},"thumbnailUrl":"https:\/\/www.willysplan.com\/wp-content\/uploads\/2023\/05\/Screenshot-2023-05-19-at-08.03.05.png","datePublished":"2023-08-03T03:53:43+00:00","dateModified":"2023-08-03T04:13:28+00:00","description":"Do you already know the best nudist beaches in Barcelona? Discover the most charming nudist coves and enjoy nudism in Barcelona!","inLanguage":"en-US","potentialAction":[{"@type":"ReadAction","target":["https:\/\/www.willysplan.com\/en\/ideas-en\/nudist-beaches-barcelona"]}]},{"@type":"ImageObject","inLanguage":"en-US","@id":"https:\/\/www.willysplan.com\/en\/ideas-en\/nudist-beaches-barcelona#primaryimage","url":"https:\/\/www.willysplan.com\/wp-content\/uploads\/2023\/05\/Screenshot-2023-05-19-at-08.03.05.png","contentUrl":"https:\/\/www.willysplan.com\/wp-content\/uploads\/2023\/05\/Screenshot-2023-05-19-at-08.03.05.png","width":1474,"height":828},{"@type":"WebSite","@id":"https:\/\/www.willysplan.com\/#website","url":"https:\/\/www.willysplan.com\/","name":"Willy&#039;s Plan \ud83c\udf43","description":"Tours y excursiones privadas por Catalu\u00f1a","publisher":{"@id":"https:\/\/www.willysplan.com\/#organization"},"potentialAction":[{"@type":"SearchAction","target":{"@type":"EntryPoint","urlTemplate":"https:\/\/www.willysplan.com\/?s={search_term_string}"},"query-input":{"@type":"PropertyValueSpecification","valueRequired":true,"valueName":"search_term_string"}}],"inLanguage":"en-US"},{"@type":"Organization","@id":"https:\/\/www.willysplan.com\/#organization","name":"Willy&#039;s Plan \ud83c\udf43","url":"https:\/\/www.willysplan.com\/","logo":{"@type":"ImageObject","inLanguage":"en-US","@id":"https:\/\/www.willysplan.com\/#\/schema\/logo\/image\/","url":"https:\/\/www.willysplan.com\/wp-content\/uploads\/2020\/04\/cropped-logo-1.png","contentUrl":"https:\/\/www.willysplan.com\/wp-content\/uploads\/2020\/04\/cropped-logo-1.png","width":332,"height":332,"caption":"Willy&#039;s Plan \ud83c\udf43"},"image":{"@id":"https:\/\/www.willysplan.com\/#\/schema\/logo\/image\/"}},{"@type":"Person","@id":"https:\/\/www.willysplan.com\/#\/schema\/person\/58c1527a9a42e9b18a877f14136f1d47","name":"admin","image":{"@type":"ImageObject","inLanguage":"en-US","@id":"https:\/\/www.willysplan.com\/#\/schema\/person\/image\/","url":"https:\/\/secure.gravatar.com\/avatar\/0b8d78e655d83cc71e0a6cd6cb0f0f99929604cd70ff0f7ac1713f248945ea9d?s=96&d=mm&r=g","contentUrl":"https:\/\/secure.gravatar.com\/avatar\/0b8d78e655d83cc71e0a6cd6cb0f0f99929604cd70ff0f7ac1713f248945ea9d?s=96&d=mm&r=g","caption":"admin"},"url":"https:\/\/www.willysplan.com\/en\/author\/admin"}]}},"_links":{"self":[{"href":"https:\/\/www.willysplan.com\/en\/wp-json\/wp\/v2\/posts\/20202","targetHints":{"allow":["GET"]}}],"collection":[{"href":"https:\/\/www.willysplan.com\/en\/wp-json\/wp\/v2\/posts"}],"about":[{"href":"https:\/\/www.willysplan.com\/en\/wp-json\/wp\/v2\/types\/post"}],"author":[{"embeddable":true,"href":"https:\/\/www.willysplan.com\/en\/wp-json\/wp\/v2\/users\/1"}],"replies":[{"embeddable":true,"href":"https:\/\/www.willysplan.com\/en\/wp-json\/wp\/v2\/comments?post=20202"}],"version-history":[{"count":19,"href":"https:\/\/www.willysplan.com\/en\/wp-json\/wp\/v2\/posts\/20202\/revisions"}],"predecessor-version":[{"id":21889,"href":"https:\/\/www.willysplan.com\/en\/wp-json\/wp\/v2\/posts\/20202\/revisions\/21889"}],"wp:featuredmedia":[{"embeddable":true,"href":"https:\/\/www.willysplan.com\/en\/wp-json\/wp\/v2\/media\/19835"}],"wp:attachment":[{"href":"https:\/\/www.willysplan.com\/en\/wp-json\/wp\/v2\/media?parent=20202"}],"wp:term":[{"taxonomy":"category","embeddable":true,"href":"https:\/\/www.willysplan.com\/en\/wp-json\/wp\/v2\/categories?post=20202"},{"taxonomy":"post_tag","embeddable":true,"href":"https:\/\/www.willysplan.com\/en\/wp-json\/wp\/v2\/tags?post=20202"}],"curies":[{"name":"wp","href":"https:\/\/api.w.org\/{rel}","templated":true}]}}