{"id":16017,"date":"2020-06-30T07:18:15","date_gmt":"2020-06-30T06:18:15","guid":{"rendered":"https:\/\/willysplan.com\/uncategorized\/route-from-castell-de-besora-to-castell-dels-torello"},"modified":"2023-07-26T04:45:42","modified_gmt":"2023-07-26T03:45:42","slug":"route-from-castell-de-besora-to-castell-dels-torello","status":"publish","type":"post","link":"https:\/\/www.willysplan.com\/en\/routes\/route-from-castell-de-besora-to-castell-dels-torello","title":{"rendered":"Route from Castell de Besora to Castell dels torell\u00f3"},"content":{"rendered":"\t\t<div data-elementor-type=\"wp-post\" data-elementor-id=\"16017\" class=\"elementor elementor-16017 elementor-1886\" data-elementor-post-type=\"post\">\n\t\t\t\t\t\t<section class=\"elementor-section elementor-top-section elementor-element elementor-element-f4c69cc elementor-section-boxed elementor-section-height-default elementor-section-height-default\" data-id=\"f4c69cc\" data-element_type=\"section\">\n\t\t\t\t\t\t<div class=\"elementor-container elementor-column-gap-default\">\n\t\t\t\t\t<div class=\"elementor-column elementor-col-50 elementor-top-column elementor-element elementor-element-164a862\" data-id=\"164a862\" data-element_type=\"column\">\n\t\t\t<div class=\"elementor-widget-wrap elementor-element-populated\">\n\t\t\t\t\t\t<div class=\"elementor-element elementor-element-29bc239 elementor-widget elementor-widget-text-editor\" data-id=\"29bc239\" data-element_type=\"widget\" data-widget_type=\"text-editor.default\">\n\t\t\t\t<div class=\"elementor-widget-container\">\n\t\t\t\t\t\t\t\t\t<p><span style=\"font-weight: 400;\">This time we have a new plan for the <\/span><b>province of Girona<\/b><span style=\"font-weight: 400;\">. More precisely, we will go to the region of  <\/span><b>Osona<\/b><span style=\"font-weight: 400;\">where we will enjoy two viewpoints and a castle, considered one of the greatest historical and cultural legacies of Catalonia. <\/span><b>Catalonia<\/b><span style=\"font-weight: 400;\">.<\/span><\/p>\n<p><span style=\"font-weight: 400;\">Undoubtedly three spectacular places <\/span><a href=\"https:\/\/www.willysplan.com\/que-hacer\/girona\"><br \/>\n  <span style=\"font-weight: 400;\">to visit in Girona<\/span><br \/>\n<\/a><span style=\"font-weight: 400;\"> and that in <\/span><span style=\"font-weight: 400;\">Willy&#8217;s plan we could not let pass unnoticed.<\/span><\/p>\n<p style=\"background-color: #ffffff;\">For this<span style=\"font-weight: bold;\"> route <\/span><span style=\"font-weight: bold;\">from <\/span><span style=\"font-weight: bold;\">Castell Besora to Castell dels Torell\u00f3 <\/span>we recommend you to bring something to eat, drinks and all the best attitude; since this route will be done in just one day. In addition, in this tour we will disconnect completely, surrounded by nature and beautiful landscapes.<\/p>\n<p style=\"background-color: #ffffff;\">To give you an idea, this plan includes a visit to two medieval monuments and a viewpoint:<\/p>\n\t\t\t\t\t\t\t\t<\/div>\n\t\t\t\t<\/div>\n\t\t\t\t\t<\/div>\n\t\t<\/div>\n\t\t\t\t<div class=\"elementor-column elementor-col-50 elementor-top-column elementor-element elementor-element-f0384f5\" data-id=\"f0384f5\" data-element_type=\"column\">\n\t\t\t<div class=\"elementor-widget-wrap elementor-element-populated\">\n\t\t\t\t\t\t<div class=\"elementor-element elementor-element-498d22e elementor-widget elementor-widget-image\" data-id=\"498d22e\" data-element_type=\"widget\" data-widget_type=\"image.default\">\n\t\t\t\t<div class=\"elementor-widget-container\">\n\t\t\t\t\t\t\t\t\t\t\t\t\t\t\t<img fetchpriority=\"high\" decoding=\"async\" width=\"768\" height=\"566\" src=\"https:\/\/www.willysplan.com\/wp-content\/uploads\/2020\/06\/ruta-castell-de-torello1-768x566.jpg\" class=\"attachment-medium_large size-medium_large wp-image-13514\" alt=\"\" srcset=\"https:\/\/www.willysplan.com\/wp-content\/uploads\/2020\/06\/ruta-castell-de-torello1-768x566.jpg 768w, https:\/\/www.willysplan.com\/wp-content\/uploads\/2020\/06\/ruta-castell-de-torello1-300x221.jpg 300w, https:\/\/www.willysplan.com\/wp-content\/uploads\/2020\/06\/ruta-castell-de-torello1-1024x755.jpg 1024w, https:\/\/www.willysplan.com\/wp-content\/uploads\/2020\/06\/ruta-castell-de-torello1-1536x1133.jpg 1536w, https:\/\/www.willysplan.com\/wp-content\/uploads\/2020\/06\/ruta-castell-de-torello1-960x708.jpg 960w, https:\/\/www.willysplan.com\/wp-content\/uploads\/2020\/06\/ruta-castell-de-torello1-542x400.jpg 542w, https:\/\/www.willysplan.com\/wp-content\/uploads\/2020\/06\/ruta-castell-de-torello1-585x431.jpg 585w, https:\/\/www.willysplan.com\/wp-content\/uploads\/2020\/06\/ruta-castell-de-torello1-600x443.jpg 600w, https:\/\/www.willysplan.com\/wp-content\/uploads\/2020\/06\/ruta-castell-de-torello1.jpg 1600w\" sizes=\"(max-width: 768px) 100vw, 768px\" \/>\t\t\t\t\t\t\t\t\t\t\t\t\t\t\t<\/div>\n\t\t\t\t<\/div>\n\t\t\t\t\t<\/div>\n\t\t<\/div>\n\t\t\t\t\t<\/div>\n\t\t<\/section>\n\t\t\t\t<section class=\"elementor-section elementor-top-section elementor-element elementor-element-671cd3c elementor-section-boxed elementor-section-height-default elementor-section-height-default\" data-id=\"671cd3c\" data-element_type=\"section\">\n\t\t\t\t\t\t<div class=\"elementor-container elementor-column-gap-default\">\n\t\t\t\t\t<div class=\"elementor-column elementor-col-100 elementor-top-column elementor-element elementor-element-eaffc38\" data-id=\"eaffc38\" data-element_type=\"column\">\n\t\t\t<div class=\"elementor-widget-wrap elementor-element-populated\">\n\t\t\t\t\t\t<div class=\"elementor-element elementor-element-ac561a4 elementor-widget elementor-widget-text-editor\" data-id=\"ac561a4\" data-element_type=\"widget\" data-widget_type=\"text-editor.default\">\n\t\t\t\t<div class=\"elementor-widget-container\">\n\t\t\t\t\t\t\t\t\t<p>The first is the <b>Castell de Besora<\/b>. This construction, which dates back to the year 895, is located at an altitude of 1,092 meters, so you can already get an idea of the views of this place.<\/p>\n<p><span style=\"font-weight: 400;\">The second place is the <\/span><b>Sant Salvador de Bellver viewpoint<\/b><span style=\"font-weight: 400;\">. This place is dated from the year 1110 and is included in the inventory of the Catalan Architectural Heritage and enjoys spectacular views.  <\/span><\/p>\n<p><span style=\"font-weight: 400;\">And finally we will visit the <\/span><b>Torell\u00f3 Castle<\/b><span style=\"font-weight: 400;\">a castle built in 881 that is characterized by its Romanesque architectural style and was declared a &#8220;Cultural Asset of National Interest&#8221;.<\/span><\/p>\n\t\t\t\t\t\t\t\t<\/div>\n\t\t\t\t<\/div>\n\t\t\t\t\t<\/div>\n\t\t<\/div>\n\t\t\t\t\t<\/div>\n\t\t<\/section>\n\t\t\t\t<section class=\"elementor-section elementor-top-section elementor-element elementor-element-36fe8d4 elementor-section-boxed elementor-section-height-default elementor-section-height-default\" data-id=\"36fe8d4\" data-element_type=\"section\">\n\t\t\t\t\t\t<div class=\"elementor-container elementor-column-gap-default\">\n\t\t\t\t\t<div class=\"elementor-column elementor-col-100 elementor-top-column elementor-element elementor-element-da527a3\" data-id=\"da527a3\" data-element_type=\"column\">\n\t\t\t<div class=\"elementor-widget-wrap elementor-element-populated\">\n\t\t\t\t\t\t<div class=\"elementor-element elementor-element-005077d elementor-widget elementor-widget-heading\" data-id=\"005077d\" data-element_type=\"widget\" data-widget_type=\"heading.default\">\n\t\t\t\t<div class=\"elementor-widget-container\">\n\t\t\t\t\t<h2 class=\"elementor-heading-title elementor-size-default\">Besora Castle\n<\/h2>\t\t\t\t<\/div>\n\t\t\t\t<\/div>\n\t\t\t\t\t<\/div>\n\t\t<\/div>\n\t\t\t\t\t<\/div>\n\t\t<\/section>\n\t\t\t\t<section class=\"elementor-section elementor-top-section elementor-element elementor-element-39c50f9 elementor-section-boxed elementor-section-height-default elementor-section-height-default\" data-id=\"39c50f9\" data-element_type=\"section\">\n\t\t\t\t\t\t<div class=\"elementor-container elementor-column-gap-default\">\n\t\t\t\t\t<div class=\"elementor-column elementor-col-50 elementor-top-column elementor-element elementor-element-3adfcf7\" data-id=\"3adfcf7\" data-element_type=\"column\">\n\t\t\t<div class=\"elementor-widget-wrap elementor-element-populated\">\n\t\t\t\t\t\t<div class=\"elementor-element elementor-element-4b1d3b8 elementor-widget elementor-widget-image\" data-id=\"4b1d3b8\" data-element_type=\"widget\" data-widget_type=\"image.default\">\n\t\t\t\t<div class=\"elementor-widget-container\">\n\t\t\t\t\t\t\t\t\t\t\t\t\t\t\t<img decoding=\"async\" width=\"768\" height=\"576\" src=\"https:\/\/www.willysplan.com\/wp-content\/uploads\/2020\/06\/castillo-de-besora1-768x576.jpg\" class=\"attachment-medium_large size-medium_large wp-image-13512\" alt=\"\" srcset=\"https:\/\/www.willysplan.com\/wp-content\/uploads\/2020\/06\/castillo-de-besora1-768x576.jpg 768w, https:\/\/www.willysplan.com\/wp-content\/uploads\/2020\/06\/castillo-de-besora1-300x225.jpg 300w, https:\/\/www.willysplan.com\/wp-content\/uploads\/2020\/06\/castillo-de-besora1-1024x768.jpg 1024w, https:\/\/www.willysplan.com\/wp-content\/uploads\/2020\/06\/castillo-de-besora1-1536x1152.jpg 1536w, https:\/\/www.willysplan.com\/wp-content\/uploads\/2020\/06\/castillo-de-besora1-760x570.jpg 760w, https:\/\/www.willysplan.com\/wp-content\/uploads\/2020\/06\/castillo-de-besora1-960x720.jpg 960w, https:\/\/www.willysplan.com\/wp-content\/uploads\/2020\/06\/castillo-de-besora1-533x400.jpg 533w, https:\/\/www.willysplan.com\/wp-content\/uploads\/2020\/06\/castillo-de-besora1-585x439.jpg 585w, https:\/\/www.willysplan.com\/wp-content\/uploads\/2020\/06\/castillo-de-besora1-600x450.jpg 600w, https:\/\/www.willysplan.com\/wp-content\/uploads\/2020\/06\/castillo-de-besora1.jpg 1600w\" sizes=\"(max-width: 768px) 100vw, 768px\" \/>\t\t\t\t\t\t\t\t\t\t\t\t\t\t\t<\/div>\n\t\t\t\t<\/div>\n\t\t\t\t\t<\/div>\n\t\t<\/div>\n\t\t\t\t<div class=\"elementor-column elementor-col-50 elementor-top-column elementor-element elementor-element-87bb7fb\" data-id=\"87bb7fb\" data-element_type=\"column\">\n\t\t\t<div class=\"elementor-widget-wrap elementor-element-populated\">\n\t\t\t\t\t\t<div class=\"elementor-element elementor-element-d159e67 elementor-widget elementor-widget-image\" data-id=\"d159e67\" data-element_type=\"widget\" data-widget_type=\"image.default\">\n\t\t\t\t<div class=\"elementor-widget-container\">\n\t\t\t\t\t\t\t\t\t\t\t\t\t\t\t<img decoding=\"async\" width=\"640\" height=\"480\" src=\"https:\/\/www.willysplan.com\/wp-content\/uploads\/2020\/06\/castell-de-besora-ruta1.jpg\" class=\"attachment-medium_large size-medium_large wp-image-13516\" alt=\"\" srcset=\"https:\/\/www.willysplan.com\/wp-content\/uploads\/2020\/06\/castell-de-besora-ruta1.jpg 640w, https:\/\/www.willysplan.com\/wp-content\/uploads\/2020\/06\/castell-de-besora-ruta1-300x225.jpg 300w, https:\/\/www.willysplan.com\/wp-content\/uploads\/2020\/06\/castell-de-besora-ruta1-533x400.jpg 533w, https:\/\/www.willysplan.com\/wp-content\/uploads\/2020\/06\/castell-de-besora-ruta1-585x439.jpg 585w, https:\/\/www.willysplan.com\/wp-content\/uploads\/2020\/06\/castell-de-besora-ruta1-600x450.jpg 600w\" sizes=\"(max-width: 640px) 100vw, 640px\" \/>\t\t\t\t\t\t\t\t\t\t\t\t\t\t\t<\/div>\n\t\t\t\t<\/div>\n\t\t\t\t\t<\/div>\n\t\t<\/div>\n\t\t\t\t\t<\/div>\n\t\t<\/section>\n\t\t\t\t<section class=\"elementor-section elementor-top-section elementor-element elementor-element-4e88c10 elementor-section-boxed elementor-section-height-default elementor-section-height-default\" data-id=\"4e88c10\" data-element_type=\"section\">\n\t\t\t\t\t\t<div class=\"elementor-container elementor-column-gap-default\">\n\t\t\t\t\t<div class=\"elementor-column elementor-col-100 elementor-top-column elementor-element elementor-element-8ccc3a4\" data-id=\"8ccc3a4\" data-element_type=\"column\">\n\t\t\t<div class=\"elementor-widget-wrap elementor-element-populated\">\n\t\t\t\t\t\t<div class=\"elementor-element elementor-element-39dc59f elementor-widget elementor-widget-text-editor\" data-id=\"39dc59f\" data-element_type=\"widget\" data-widget_type=\"text-editor.default\">\n\t\t\t\t<div class=\"elementor-widget-container\">\n\t\t\t\t\t\t\t\t\t<p><span style=\"font-weight: 400;\">This castle crowns the hill of Santa Maria de Besora and although today only its ruins are preserved, it is the importance and history of this place, which still prevails in time and arouses great curiosity in tourists. Being a place of great historical and monumental interest, it was declared a &#8220;Cultural Asset of National Interest&#8221;, not to mention the views from this place that are truly fascinating.<\/span><\/p>\n<p><span style=\"font-weight: 400;\">The medieval complex of <\/span><b>Besora Castle <\/b><span style=\"font-weight: 400;\">covers approximately one hectare and is located at a distance of about <\/span> <span style=\"font-weight: 400;\">1,092 meters above sea level. To get to this place we must walk up a steep and winding road that starts in the village of  <\/span><b>Tei\u00e0. <\/b><span style=\"font-weight: 400;\">This building has a primitive church,<\/span> <span style=\"font-weight: 400;\">a castle of which the remains of some rooms can be seen, probably destined for domestic use and reformed in modern times. <\/span> <\/p>\n<p><span style=\"font-weight: 400;\">Currently the castle has the support of the Generalitat de Catalunya, who promotes tourism to this place and seeks to give greater value to this monument.<\/span><\/p>\n\t\t\t\t\t\t\t\t<\/div>\n\t\t\t\t<\/div>\n\t\t\t\t\t<\/div>\n\t\t<\/div>\n\t\t\t\t\t<\/div>\n\t\t<\/section>\n\t\t\t\t<section class=\"elementor-section elementor-top-section elementor-element elementor-element-cf26dc9 elementor-section-boxed elementor-section-height-default elementor-section-height-default\" data-id=\"cf26dc9\" data-element_type=\"section\">\n\t\t\t\t\t\t<div class=\"elementor-container elementor-column-gap-default\">\n\t\t\t\t\t<div class=\"elementor-column elementor-col-100 elementor-top-column elementor-element elementor-element-5689fda\" data-id=\"5689fda\" data-element_type=\"column\">\n\t\t\t<div class=\"elementor-widget-wrap elementor-element-populated\">\n\t\t\t\t\t\t<div class=\"elementor-element elementor-element-ec10ffc elementor-widget elementor-widget-heading\" data-id=\"ec10ffc\" data-element_type=\"widget\" data-widget_type=\"heading.default\">\n\t\t\t\t<div class=\"elementor-widget-container\">\n\t\t\t\t\t<h2 class=\"elementor-heading-title elementor-size-default\">Sant Salvador de Bellver viewpoint\n<\/h2>\t\t\t\t<\/div>\n\t\t\t\t<\/div>\n\t\t\t\t\t<\/div>\n\t\t<\/div>\n\t\t\t\t\t<\/div>\n\t\t<\/section>\n\t\t\t\t<section class=\"elementor-section elementor-top-section elementor-element elementor-element-9ca4401 elementor-section-boxed elementor-section-height-default elementor-section-height-default\" data-id=\"9ca4401\" data-element_type=\"section\">\n\t\t\t\t\t\t<div class=\"elementor-container elementor-column-gap-default\">\n\t\t\t\t\t<div class=\"elementor-column elementor-col-50 elementor-top-column elementor-element elementor-element-824143d\" data-id=\"824143d\" data-element_type=\"column\">\n\t\t\t<div class=\"elementor-widget-wrap elementor-element-populated\">\n\t\t\t\t\t\t<div class=\"elementor-element elementor-element-14928ac elementor-widget elementor-widget-image\" data-id=\"14928ac\" data-element_type=\"widget\" data-widget_type=\"image.default\">\n\t\t\t\t<div class=\"elementor-widget-container\">\n\t\t\t\t\t\t\t\t\t\t\t\t\t\t\t<img loading=\"lazy\" decoding=\"async\" width=\"768\" height=\"576\" src=\"https:\/\/www.willysplan.com\/wp-content\/uploads\/2020\/06\/mirador-sant-salvador-bellver-paint-768x576.jpg\" class=\"attachment-medium_large size-medium_large wp-image-13520\" alt=\"\" srcset=\"https:\/\/www.willysplan.com\/wp-content\/uploads\/2020\/06\/mirador-sant-salvador-bellver-paint-768x576.jpg 768w, https:\/\/www.willysplan.com\/wp-content\/uploads\/2020\/06\/mirador-sant-salvador-bellver-paint-300x225.jpg 300w, https:\/\/www.willysplan.com\/wp-content\/uploads\/2020\/06\/mirador-sant-salvador-bellver-paint-1024x768.jpg 1024w, https:\/\/www.willysplan.com\/wp-content\/uploads\/2020\/06\/mirador-sant-salvador-bellver-paint-760x570.jpg 760w, https:\/\/www.willysplan.com\/wp-content\/uploads\/2020\/06\/mirador-sant-salvador-bellver-paint-960x720.jpg 960w, https:\/\/www.willysplan.com\/wp-content\/uploads\/2020\/06\/mirador-sant-salvador-bellver-paint-533x400.jpg 533w, https:\/\/www.willysplan.com\/wp-content\/uploads\/2020\/06\/mirador-sant-salvador-bellver-paint-585x439.jpg 585w, https:\/\/www.willysplan.com\/wp-content\/uploads\/2020\/06\/mirador-sant-salvador-bellver-paint-600x450.jpg 600w, https:\/\/www.willysplan.com\/wp-content\/uploads\/2020\/06\/mirador-sant-salvador-bellver-paint.jpg 1200w\" sizes=\"(max-width: 768px) 100vw, 768px\" \/>\t\t\t\t\t\t\t\t\t\t\t\t\t\t\t<\/div>\n\t\t\t\t<\/div>\n\t\t\t\t\t<\/div>\n\t\t<\/div>\n\t\t\t\t<div class=\"elementor-column elementor-col-50 elementor-top-column elementor-element elementor-element-5b24e51\" data-id=\"5b24e51\" data-element_type=\"column\">\n\t\t\t<div class=\"elementor-widget-wrap elementor-element-populated\">\n\t\t\t\t\t\t<div class=\"elementor-element elementor-element-e6250d6 elementor-widget elementor-widget-image\" data-id=\"e6250d6\" data-element_type=\"widget\" data-widget_type=\"image.default\">\n\t\t\t\t<div class=\"elementor-widget-container\">\n\t\t\t\t\t\t\t\t\t\t\t\t\t\t\t<img loading=\"lazy\" decoding=\"async\" width=\"700\" height=\"466\" src=\"https:\/\/www.willysplan.com\/wp-content\/uploads\/2020\/06\/ruta-mirador-sant-salvador-bellver1.jpg\" class=\"attachment-medium_large size-medium_large wp-image-13522\" alt=\"\" srcset=\"https:\/\/www.willysplan.com\/wp-content\/uploads\/2020\/06\/ruta-mirador-sant-salvador-bellver1.jpg 700w, https:\/\/www.willysplan.com\/wp-content\/uploads\/2020\/06\/ruta-mirador-sant-salvador-bellver1-300x200.jpg 300w, https:\/\/www.willysplan.com\/wp-content\/uploads\/2020\/06\/ruta-mirador-sant-salvador-bellver1-480x320.jpg 480w, https:\/\/www.willysplan.com\/wp-content\/uploads\/2020\/06\/ruta-mirador-sant-salvador-bellver1-280x186.jpg 280w, https:\/\/www.willysplan.com\/wp-content\/uploads\/2020\/06\/ruta-mirador-sant-salvador-bellver1-601x400.jpg 601w, https:\/\/www.willysplan.com\/wp-content\/uploads\/2020\/06\/ruta-mirador-sant-salvador-bellver1-585x389.jpg 585w, https:\/\/www.willysplan.com\/wp-content\/uploads\/2020\/06\/ruta-mirador-sant-salvador-bellver1-600x399.jpg 600w\" sizes=\"(max-width: 700px) 100vw, 700px\" \/>\t\t\t\t\t\t\t\t\t\t\t\t\t\t\t<\/div>\n\t\t\t\t<\/div>\n\t\t\t\t\t<\/div>\n\t\t<\/div>\n\t\t\t\t\t<\/div>\n\t\t<\/section>\n\t\t\t\t<section class=\"elementor-section elementor-top-section elementor-element elementor-element-090337d elementor-section-boxed elementor-section-height-default elementor-section-height-default\" data-id=\"090337d\" data-element_type=\"section\">\n\t\t\t\t\t\t<div class=\"elementor-container elementor-column-gap-default\">\n\t\t\t\t\t<div class=\"elementor-column elementor-col-100 elementor-top-column elementor-element elementor-element-10259a1\" data-id=\"10259a1\" data-element_type=\"column\">\n\t\t\t<div class=\"elementor-widget-wrap elementor-element-populated\">\n\t\t\t\t\t\t<div class=\"elementor-element elementor-element-67842ef elementor-widget elementor-widget-text-editor\" data-id=\"67842ef\" data-element_type=\"widget\" data-widget_type=\"text-editor.default\">\n\t\t\t\t<div class=\"elementor-widget-container\">\n\t\t\t\t\t\t\t\t\t<p><span style=\"font-weight: 400;\">Following our tour of <\/span><b>Osona<\/b><span style=\"font-weight: 400;\">we arrive at the <\/span><b>Sant Salvador de Bellver viewpoint. <\/b><span style=\"font-weight: 400;\">From this beautiful place we can see the town of<\/span> <b>Sant Boi de Llu\u00e7an\u00e8s <\/b><span style=\"font-weight: 400;\">and the <\/span><b>plain of Vic.<\/b><\/p>\n<p><span style=\"font-weight: 400;\">In this place we will find a beautiful chapel known as  <\/span><b>San Salvador de Or\u00eds.  <\/b><span style=\"font-weight: 400;\">This rural construction was transformed into a monastery governed by the rule of St. Augustine in the 12th century and honors the Virgin of Santa Maria, who is located inside the temple.  <\/span><\/p>\n<p><span style=\"font-weight: 400;\">Over the years this hermitage has suffered several damages that have contributed to the change of its original design, however it is still preserved in very good condition and can be clearly seen, thanks to several donations, which have kept it standing.<\/span><\/p>\n\t\t\t\t\t\t\t\t<\/div>\n\t\t\t\t<\/div>\n\t\t\t\t\t<\/div>\n\t\t<\/div>\n\t\t\t\t\t<\/div>\n\t\t<\/section>\n\t\t\t\t<section class=\"elementor-section elementor-top-section elementor-element elementor-element-c34e060 elementor-section-boxed elementor-section-height-default elementor-section-height-default\" data-id=\"c34e060\" data-element_type=\"section\">\n\t\t\t\t\t\t<div class=\"elementor-container elementor-column-gap-default\">\n\t\t\t\t\t<div class=\"elementor-column elementor-col-100 elementor-top-column elementor-element elementor-element-e81ecc9\" data-id=\"e81ecc9\" data-element_type=\"column\">\n\t\t\t<div class=\"elementor-widget-wrap elementor-element-populated\">\n\t\t\t\t\t\t<div class=\"elementor-element elementor-element-ba75c32 elementor-widget elementor-widget-heading\" data-id=\"ba75c32\" data-element_type=\"widget\" data-widget_type=\"heading.default\">\n\t\t\t\t<div class=\"elementor-widget-container\">\n\t\t\t\t\t<h2 class=\"elementor-heading-title elementor-size-default\">Castell dels torell\u00f3\n<\/h2>\t\t\t\t<\/div>\n\t\t\t\t<\/div>\n\t\t\t\t\t<\/div>\n\t\t<\/div>\n\t\t\t\t\t<\/div>\n\t\t<\/section>\n\t\t\t\t<section class=\"elementor-section elementor-top-section elementor-element elementor-element-75067e7 elementor-section-boxed elementor-section-height-default elementor-section-height-default\" data-id=\"75067e7\" data-element_type=\"section\">\n\t\t\t\t\t\t<div class=\"elementor-container elementor-column-gap-default\">\n\t\t\t\t\t<div class=\"elementor-column elementor-col-50 elementor-top-column elementor-element elementor-element-715ce37\" data-id=\"715ce37\" data-element_type=\"column\">\n\t\t\t<div class=\"elementor-widget-wrap elementor-element-populated\">\n\t\t\t\t\t\t<div class=\"elementor-element elementor-element-2d22e76 elementor-widget elementor-widget-image\" data-id=\"2d22e76\" data-element_type=\"widget\" data-widget_type=\"image.default\">\n\t\t\t\t<div class=\"elementor-widget-container\">\n\t\t\t\t\t\t\t\t\t\t\t\t\t\t\t<img fetchpriority=\"high\" decoding=\"async\" width=\"768\" height=\"566\" src=\"https:\/\/www.willysplan.com\/wp-content\/uploads\/2020\/06\/ruta-castell-de-torello1-768x566.jpg\" class=\"attachment-medium_large size-medium_large wp-image-13514\" alt=\"\" srcset=\"https:\/\/www.willysplan.com\/wp-content\/uploads\/2020\/06\/ruta-castell-de-torello1-768x566.jpg 768w, https:\/\/www.willysplan.com\/wp-content\/uploads\/2020\/06\/ruta-castell-de-torello1-300x221.jpg 300w, https:\/\/www.willysplan.com\/wp-content\/uploads\/2020\/06\/ruta-castell-de-torello1-1024x755.jpg 1024w, https:\/\/www.willysplan.com\/wp-content\/uploads\/2020\/06\/ruta-castell-de-torello1-1536x1133.jpg 1536w, https:\/\/www.willysplan.com\/wp-content\/uploads\/2020\/06\/ruta-castell-de-torello1-960x708.jpg 960w, https:\/\/www.willysplan.com\/wp-content\/uploads\/2020\/06\/ruta-castell-de-torello1-542x400.jpg 542w, https:\/\/www.willysplan.com\/wp-content\/uploads\/2020\/06\/ruta-castell-de-torello1-585x431.jpg 585w, https:\/\/www.willysplan.com\/wp-content\/uploads\/2020\/06\/ruta-castell-de-torello1-600x443.jpg 600w, https:\/\/www.willysplan.com\/wp-content\/uploads\/2020\/06\/ruta-castell-de-torello1.jpg 1600w\" sizes=\"(max-width: 768px) 100vw, 768px\" \/>\t\t\t\t\t\t\t\t\t\t\t\t\t\t\t<\/div>\n\t\t\t\t<\/div>\n\t\t\t\t\t<\/div>\n\t\t<\/div>\n\t\t\t\t<div class=\"elementor-column elementor-col-50 elementor-top-column elementor-element elementor-element-c7a75f0\" data-id=\"c7a75f0\" data-element_type=\"column\">\n\t\t\t<div class=\"elementor-widget-wrap elementor-element-populated\">\n\t\t\t\t\t\t<div class=\"elementor-element elementor-element-03c58e4 elementor-widget elementor-widget-image\" data-id=\"03c58e4\" data-element_type=\"widget\" data-widget_type=\"image.default\">\n\t\t\t\t<div class=\"elementor-widget-container\">\n\t\t\t\t\t\t\t\t\t\t\t\t\t\t\t<img loading=\"lazy\" decoding=\"async\" width=\"768\" height=\"574\" src=\"https:\/\/www.willysplan.com\/wp-content\/uploads\/2020\/06\/ruta-castell-dels-torello-paint-768x574.jpg\" class=\"attachment-medium_large size-medium_large wp-image-13524\" alt=\"\" srcset=\"https:\/\/www.willysplan.com\/wp-content\/uploads\/2020\/06\/ruta-castell-dels-torello-paint-768x574.jpg 768w, https:\/\/www.willysplan.com\/wp-content\/uploads\/2020\/06\/ruta-castell-dels-torello-paint-300x224.jpg 300w, https:\/\/www.willysplan.com\/wp-content\/uploads\/2020\/06\/ruta-castell-dels-torello-paint-1024x765.jpg 1024w, https:\/\/www.willysplan.com\/wp-content\/uploads\/2020\/06\/ruta-castell-dels-torello-paint-960x718.jpg 960w, https:\/\/www.willysplan.com\/wp-content\/uploads\/2020\/06\/ruta-castell-dels-torello-paint-535x400.jpg 535w, https:\/\/www.willysplan.com\/wp-content\/uploads\/2020\/06\/ruta-castell-dels-torello-paint-585x437.jpg 585w, https:\/\/www.willysplan.com\/wp-content\/uploads\/2020\/06\/ruta-castell-dels-torello-paint-600x449.jpg 600w, https:\/\/www.willysplan.com\/wp-content\/uploads\/2020\/06\/ruta-castell-dels-torello-paint.jpg 1200w\" sizes=\"(max-width: 768px) 100vw, 768px\" \/>\t\t\t\t\t\t\t\t\t\t\t\t\t\t\t<\/div>\n\t\t\t\t<\/div>\n\t\t\t\t\t<\/div>\n\t\t<\/div>\n\t\t\t\t\t<\/div>\n\t\t<\/section>\n\t\t\t\t<section class=\"elementor-section elementor-top-section elementor-element elementor-element-c270963 elementor-section-boxed elementor-section-height-default elementor-section-height-default\" data-id=\"c270963\" data-element_type=\"section\">\n\t\t\t\t\t\t<div class=\"elementor-container elementor-column-gap-default\">\n\t\t\t\t\t<div class=\"elementor-column elementor-col-100 elementor-top-column elementor-element elementor-element-765432f\" data-id=\"765432f\" data-element_type=\"column\">\n\t\t\t<div class=\"elementor-widget-wrap elementor-element-populated\">\n\t\t\t\t\t\t<div class=\"elementor-element elementor-element-afe3043 elementor-widget elementor-widget-text-editor\" data-id=\"afe3043\" data-element_type=\"widget\" data-widget_type=\"text-editor.default\">\n\t\t\t\t<div class=\"elementor-widget-container\">\n\t\t\t\t\t\t\t\t\t<p><span style=\"font-weight: 400;\">The<\/span><b> Castell dels torell\u00f3 <\/b><span style=\"font-weight: 400;\">also known as <\/span><b>Castell dels<\/b><b> Moros<\/b><span style=\"font-weight: 400;\">is located on the top of a small mountain range in the village of <\/span><b>Sant Vicen\u00e7 de Torell\u00f3<\/b><span style=\"font-weight: 400;\"> at 781 mts of altitude, where you can appreciate the <\/span><b>Ges Valley.<\/b><\/p>\n<p><span style=\"font-weight: 400;\">Of this medieval complex, only the round tower is preserved, characterized by its squared stone ashlars and the lace of rocks that surrounded it. The most important thing about this place is its historical connotation. Although it belonged to several families of the Catalan bourgeoisie, its main use was as a fortified town guard during the times of conquest and although its invasion was inevitable, its multiple owners tried to keep it as territorial jurisdiction for the towns of Sant Feliu de Torell\u00f3, Sant Pere de Torell\u00f3 and Sant Vicen\u00e7.<\/span><\/p>\n<p><span style=\"font-weight: 400;\">Today it is a charming place where you can spend a pleasant afternoon and enjoy beautiful views at sunset. And if we talk about the photographs, here you can take a few, for the memory of this route through the viewpoints and medieval castle of Osona, which we hope you liked.<\/span><\/p>\n\t\t\t\t\t\t\t\t<\/div>\n\t\t\t\t<\/div>\n\t\t\t\t\t<\/div>\n\t\t<\/div>\n\t\t\t\t\t<\/div>\n\t\t<\/section>\n\t\t\t\t<section class=\"elementor-section elementor-top-section elementor-element elementor-element-f94a3ca elementor-section-boxed elementor-section-height-default elementor-section-height-default\" data-id=\"f94a3ca\" data-element_type=\"section\">\n\t\t\t\t\t\t<div class=\"elementor-container elementor-column-gap-default\">\n\t\t\t\t\t<div class=\"elementor-column elementor-col-100 elementor-top-column elementor-element elementor-element-4e7fb47\" data-id=\"4e7fb47\" data-element_type=\"column\">\n\t\t\t<div class=\"elementor-widget-wrap elementor-element-populated\">\n\t\t\t\t\t\t<div class=\"elementor-element elementor-element-4260ea0 elementor-widget elementor-widget-heading\" data-id=\"4260ea0\" data-element_type=\"widget\" data-widget_type=\"heading.default\">\n\t\t\t\t<div class=\"elementor-widget-container\">\n\t\t\t\t\t<h2 class=\"elementor-heading-title elementor-size-default\">Other routes that may also interest you...<\/h2>\t\t\t\t<\/div>\n\t\t\t\t<\/div>\n\t\t\t\t\t<\/div>\n\t\t<\/div>\n\t\t\t\t\t<\/div>\n\t\t<\/section>\n\t\t\t\t<section class=\"elementor-section elementor-top-section elementor-element elementor-element-0b9fdc8 elementor-section-boxed elementor-section-height-default elementor-section-height-default\" data-id=\"0b9fdc8\" data-element_type=\"section\">\n\t\t\t\t\t\t<div class=\"elementor-container elementor-column-gap-default\">\n\t\t\t\t\t<div class=\"elementor-column elementor-col-100 elementor-top-column elementor-element elementor-element-1e025aa\" data-id=\"1e025aa\" data-element_type=\"column\">\n\t\t\t<div class=\"elementor-widget-wrap elementor-element-populated\">\n\t\t\t\t\t\t<div class=\"elementor-element elementor-element-83e56bf elementor-grid-4 elementor-grid-tablet-2 elementor-grid-mobile-1 elementor-posts--thumbnail-top elementor-widget elementor-widget-posts\" data-id=\"83e56bf\" data-element_type=\"widget\" data-settings=\"{&quot;classic_columns&quot;:&quot;4&quot;,&quot;classic_columns_tablet&quot;:&quot;2&quot;,&quot;classic_columns_mobile&quot;:&quot;1&quot;,&quot;classic_row_gap&quot;:{&quot;unit&quot;:&quot;px&quot;,&quot;size&quot;:35,&quot;sizes&quot;:[]},&quot;classic_row_gap_tablet&quot;:{&quot;unit&quot;:&quot;px&quot;,&quot;size&quot;:&quot;&quot;,&quot;sizes&quot;:[]},&quot;classic_row_gap_mobile&quot;:{&quot;unit&quot;:&quot;px&quot;,&quot;size&quot;:&quot;&quot;,&quot;sizes&quot;:[]}}\" data-widget_type=\"posts.classic\">\n\t\t\t\t<div class=\"elementor-widget-container\">\n\t\t\t\t\t\t\t<div class=\"elementor-posts-container elementor-posts elementor-posts--skin-classic elementor-grid\" role=\"list\">\n\t\t\t\t<article class=\"elementor-post elementor-grid-item post-16080 post type-post status-publish format-standard has-post-thumbnail hentry category-routes tag-rutas-barcelona-provincia tag-rutas-beget tag-rutas-berga tag-rutas-bergueda tag-rutas-castellar-de-nhug tag-rutas-cataluna\" role=\"listitem\">\n\t\t\t\t<a class=\"elementor-post__thumbnail__link\" href=\"https:\/\/www.willysplan.com\/en\/routes\/route-from-els-jardins-artigas-to-castellar-de-nhug\" tabindex=\"-1\" >\n\t\t\t<div class=\"elementor-post__thumbnail\"><img loading=\"lazy\" decoding=\"async\" width=\"300\" height=\"300\" src=\"https:\/\/www.willysplan.com\/wp-content\/uploads\/2020\/07\/Jardins-artigas21-300x300.jpg\" class=\"attachment-medium size-medium wp-image-13692\" alt=\"\" srcset=\"https:\/\/www.willysplan.com\/wp-content\/uploads\/2020\/07\/Jardins-artigas21-300x300.jpg 300w, https:\/\/www.willysplan.com\/wp-content\/uploads\/2020\/07\/Jardins-artigas21-1024x1024.jpg 1024w, https:\/\/www.willysplan.com\/wp-content\/uploads\/2020\/07\/Jardins-artigas21-150x150.jpg 150w, https:\/\/www.willysplan.com\/wp-content\/uploads\/2020\/07\/Jardins-artigas21-768x768.jpg 768w, https:\/\/www.willysplan.com\/wp-content\/uploads\/2020\/07\/Jardins-artigas21-480x480.jpg 480w, https:\/\/www.willysplan.com\/wp-content\/uploads\/2020\/07\/Jardins-artigas21-280x280.jpg 280w, https:\/\/www.willysplan.com\/wp-content\/uploads\/2020\/07\/Jardins-artigas21-960x960.jpg 960w, https:\/\/www.willysplan.com\/wp-content\/uploads\/2020\/07\/Jardins-artigas21-400x400.jpg 400w, https:\/\/www.willysplan.com\/wp-content\/uploads\/2020\/07\/Jardins-artigas21-585x585.jpg 585w, https:\/\/www.willysplan.com\/wp-content\/uploads\/2020\/07\/Jardins-artigas21-600x600.jpg 600w, https:\/\/www.willysplan.com\/wp-content\/uploads\/2020\/07\/Jardins-artigas21-100x100.jpg 100w, https:\/\/www.willysplan.com\/wp-content\/uploads\/2020\/07\/Jardins-artigas21.jpg 1080w\" sizes=\"(max-width: 300px) 100vw, 300px\" \/><\/div>\n\t\t<\/a>\n\t\t\t\t<div class=\"elementor-post__text\">\n\t\t\t\t<h4 class=\"elementor-post__title\">\n\t\t\t<a href=\"https:\/\/www.willysplan.com\/en\/routes\/route-from-els-jardins-artigas-to-castellar-de-nhug\" >\n\t\t\t\tRoute from els Jardins Artigas to Castellar de N&#8217;hug\t\t\t<\/a>\n\t\t<\/h4>\n\t\t\t\t<\/div>\n\t\t\t\t<\/article>\n\t\t\t\t<\/div>\n\t\t\n\t\t\t\t\t\t<\/div>\n\t\t\t\t<\/div>\n\t\t\t\t\t<\/div>\n\t\t<\/div>\n\t\t\t\t\t<\/div>\n\t\t<\/section>\n\t\t\t\t<\/div>\n\t\t","protected":false},"excerpt":{"rendered":"<p>This time we have a new plan for the province of Girona. More precisely, we will go to the region of Osonawhere we will enjoy<\/p>\n","protected":false},"author":2,"featured_media":13512,"comment_status":"closed","ping_status":"closed","sticky":false,"template":"","format":"standard","meta":{"neve_meta_sidebar":"","neve_meta_container":"","neve_meta_enable_content_width":"","neve_meta_content_width":0,"neve_meta_title_alignment":"","neve_meta_author_avatar":"","neve_post_elements_order":"","neve_meta_disable_header":"","neve_meta_disable_footer":"","neve_meta_disable_title":"","_joinchat":[],"footnotes":""},"categories":[326],"tags":[400,375,363],"class_list":["post-16017","post","type-post","status-publish","format-standard","has-post-thumbnail","hentry","category-routes","tag-osona-routes","tag-routes-barcelona-province","tag-routes-catalonia"],"yoast_head":"<!-- This site is optimized with the Yoast SEO Premium plugin v20.1 (Yoast SEO v26.9) - https:\/\/yoast.com\/product\/yoast-seo-premium-wordpress\/ -->\n<title>Route from Castell de Besora to Castell dels torell\u00f3 - Willy&#039;s plan<\/title>\n<meta name=\"description\" content=\"Discover one of the best routes to do in Girona. Visit the Castell Besora, Mirador sant Salvador bellver and Castell dels torell\u00f3. \u2705 Enter now!\" \/>\n<meta name=\"robots\" content=\"index, follow, max-snippet:-1, max-image-preview:large, max-video-preview:-1\" \/>\n<link rel=\"canonical\" href=\"https:\/\/www.willysplan.com\/en\/routes\/route-from-castell-de-besora-to-castell-dels-torello\" \/>\n<meta property=\"og:locale\" content=\"en_US\" \/>\n<meta property=\"og:type\" content=\"article\" \/>\n<meta property=\"og:title\" content=\"Route from Castell de Besora to Castell dels torell\u00f3\" \/>\n<meta property=\"og:description\" content=\"Discover one of the best routes to do in Girona. Visit the Castell Besora, Mirador sant Salvador bellver and Castell dels torell\u00f3. \u2705 Enter now!\" \/>\n<meta property=\"og:url\" content=\"https:\/\/www.willysplan.com\/en\/routes\/route-from-castell-de-besora-to-castell-dels-torello\" \/>\n<meta property=\"og:site_name\" content=\"Willy&#039;s Plan \ud83c\udf43\" \/>\n<meta property=\"article:published_time\" content=\"2020-06-30T06:18:15+00:00\" \/>\n<meta property=\"article:modified_time\" content=\"2023-07-26T03:45:42+00:00\" \/>\n<meta property=\"og:image\" content=\"https:\/\/www.willysplan.com\/wp-content\/uploads\/2020\/06\/castillo-de-besora1.jpg\" \/>\n\t<meta property=\"og:image:width\" content=\"1600\" \/>\n\t<meta property=\"og:image:height\" content=\"1200\" \/>\n\t<meta property=\"og:image:type\" content=\"image\/jpeg\" \/>\n<meta name=\"author\" content=\"Guillem Asensio\" \/>\n<meta name=\"twitter:card\" content=\"summary_large_image\" \/>\n<meta name=\"twitter:label1\" content=\"Written by\" \/>\n\t<meta name=\"twitter:data1\" content=\"Guillem Asensio\" \/>\n\t<meta name=\"twitter:label2\" content=\"Est. reading time\" \/>\n\t<meta name=\"twitter:data2\" content=\"4 minutes\" \/>\n<script type=\"application\/ld+json\" class=\"yoast-schema-graph\">{\"@context\":\"https:\/\/schema.org\",\"@graph\":[{\"@type\":\"Article\",\"@id\":\"https:\/\/www.willysplan.com\/en\/routes\/route-from-castell-de-besora-to-castell-dels-torello#article\",\"isPartOf\":{\"@id\":\"https:\/\/www.willysplan.com\/en\/routes\/route-from-castell-de-besora-to-castell-dels-torello\"},\"author\":{\"name\":\"Guillem Asensio\",\"@id\":\"https:\/\/www.willysplan.com\/#\/schema\/person\/6f2dbf2215cd25715df085907bd007c1\"},\"headline\":\"Route from Castell de Besora to Castell dels torell\u00f3\",\"datePublished\":\"2020-06-30T06:18:15+00:00\",\"dateModified\":\"2023-07-26T03:45:42+00:00\",\"mainEntityOfPage\":{\"@id\":\"https:\/\/www.willysplan.com\/en\/routes\/route-from-castell-de-besora-to-castell-dels-torello\"},\"wordCount\":717,\"publisher\":{\"@id\":\"https:\/\/www.willysplan.com\/#organization\"},\"image\":{\"@id\":\"https:\/\/www.willysplan.com\/en\/routes\/route-from-castell-de-besora-to-castell-dels-torello#primaryimage\"},\"thumbnailUrl\":\"https:\/\/www.willysplan.com\/wp-content\/uploads\/2020\/06\/castillo-de-besora1.jpg\",\"keywords\":[\"osona routes\",\"routes barcelona province\",\"routes catalonia\"],\"articleSection\":[\"routes\"],\"inLanguage\":\"en-US\"},{\"@type\":\"WebPage\",\"@id\":\"https:\/\/www.willysplan.com\/en\/routes\/route-from-castell-de-besora-to-castell-dels-torello\",\"url\":\"https:\/\/www.willysplan.com\/en\/routes\/route-from-castell-de-besora-to-castell-dels-torello\",\"name\":\"Route from Castell de Besora to Castell dels torell\u00f3 - Willy's plan\",\"isPartOf\":{\"@id\":\"https:\/\/www.willysplan.com\/#website\"},\"primaryImageOfPage\":{\"@id\":\"https:\/\/www.willysplan.com\/en\/routes\/route-from-castell-de-besora-to-castell-dels-torello#primaryimage\"},\"image\":{\"@id\":\"https:\/\/www.willysplan.com\/en\/routes\/route-from-castell-de-besora-to-castell-dels-torello#primaryimage\"},\"thumbnailUrl\":\"https:\/\/www.willysplan.com\/wp-content\/uploads\/2020\/06\/castillo-de-besora1.jpg\",\"datePublished\":\"2020-06-30T06:18:15+00:00\",\"dateModified\":\"2023-07-26T03:45:42+00:00\",\"description\":\"Discover one of the best routes to do in Girona. Visit the Castell Besora, Mirador sant Salvador bellver and Castell dels torell\u00f3. \u2705 Enter now!\",\"inLanguage\":\"en-US\",\"potentialAction\":[{\"@type\":\"ReadAction\",\"target\":[\"https:\/\/www.willysplan.com\/en\/routes\/route-from-castell-de-besora-to-castell-dels-torello\"]}]},{\"@type\":\"ImageObject\",\"inLanguage\":\"en-US\",\"@id\":\"https:\/\/www.willysplan.com\/en\/routes\/route-from-castell-de-besora-to-castell-dels-torello#primaryimage\",\"url\":\"https:\/\/www.willysplan.com\/wp-content\/uploads\/2020\/06\/castillo-de-besora1.jpg\",\"contentUrl\":\"https:\/\/www.willysplan.com\/wp-content\/uploads\/2020\/06\/castillo-de-besora1.jpg\",\"width\":1600,\"height\":1200},{\"@type\":\"WebSite\",\"@id\":\"https:\/\/www.willysplan.com\/#website\",\"url\":\"https:\/\/www.willysplan.com\/\",\"name\":\"Willy&#039;s Plan \ud83c\udf43\",\"description\":\"Tours y excursiones privadas por Catalu\u00f1a\",\"publisher\":{\"@id\":\"https:\/\/www.willysplan.com\/#organization\"},\"potentialAction\":[{\"@type\":\"SearchAction\",\"target\":{\"@type\":\"EntryPoint\",\"urlTemplate\":\"https:\/\/www.willysplan.com\/?s={search_term_string}\"},\"query-input\":{\"@type\":\"PropertyValueSpecification\",\"valueRequired\":true,\"valueName\":\"search_term_string\"}}],\"inLanguage\":\"en-US\"},{\"@type\":\"Organization\",\"@id\":\"https:\/\/www.willysplan.com\/#organization\",\"name\":\"Willy&#039;s Plan \ud83c\udf43\",\"url\":\"https:\/\/www.willysplan.com\/\",\"logo\":{\"@type\":\"ImageObject\",\"inLanguage\":\"en-US\",\"@id\":\"https:\/\/www.willysplan.com\/#\/schema\/logo\/image\/\",\"url\":\"https:\/\/www.willysplan.com\/wp-content\/uploads\/2020\/04\/cropped-logo-1.png\",\"contentUrl\":\"https:\/\/www.willysplan.com\/wp-content\/uploads\/2020\/04\/cropped-logo-1.png\",\"width\":332,\"height\":332,\"caption\":\"Willy&#039;s Plan \ud83c\udf43\"},\"image\":{\"@id\":\"https:\/\/www.willysplan.com\/#\/schema\/logo\/image\/\"}},{\"@type\":\"Person\",\"@id\":\"https:\/\/www.willysplan.com\/#\/schema\/person\/6f2dbf2215cd25715df085907bd007c1\",\"name\":\"Guillem Asensio\",\"image\":{\"@type\":\"ImageObject\",\"inLanguage\":\"en-US\",\"@id\":\"https:\/\/www.willysplan.com\/#\/schema\/person\/image\/\",\"url\":\"https:\/\/secure.gravatar.com\/avatar\/fd3f69da3e6cd8d451f6be79c127da046757b9a4c273deefb40b1291809cc787?s=96&d=mm&r=g\",\"contentUrl\":\"https:\/\/secure.gravatar.com\/avatar\/fd3f69da3e6cd8d451f6be79c127da046757b9a4c273deefb40b1291809cc787?s=96&d=mm&r=g\",\"caption\":\"Guillem Asensio\"},\"sameAs\":[\"https:\/\/willysplan.com\"],\"url\":\"https:\/\/www.willysplan.com\/en\/author\/willy\"}]}<\/script>\n<!-- \/ Yoast SEO Premium plugin. -->","yoast_head_json":{"title":"Route from Castell de Besora to Castell dels torell\u00f3 - Willy's plan","description":"Discover one of the best routes to do in Girona. Visit the Castell Besora, Mirador sant Salvador bellver and Castell dels torell\u00f3. \u2705 Enter now!","robots":{"index":"index","follow":"follow","max-snippet":"max-snippet:-1","max-image-preview":"max-image-preview:large","max-video-preview":"max-video-preview:-1"},"canonical":"https:\/\/www.willysplan.com\/en\/routes\/route-from-castell-de-besora-to-castell-dels-torello","og_locale":"en_US","og_type":"article","og_title":"Route from Castell de Besora to Castell dels torell\u00f3","og_description":"Discover one of the best routes to do in Girona. Visit the Castell Besora, Mirador sant Salvador bellver and Castell dels torell\u00f3. \u2705 Enter now!","og_url":"https:\/\/www.willysplan.com\/en\/routes\/route-from-castell-de-besora-to-castell-dels-torello","og_site_name":"Willy&#039;s Plan \ud83c\udf43","article_published_time":"2020-06-30T06:18:15+00:00","article_modified_time":"2023-07-26T03:45:42+00:00","og_image":[{"width":1600,"height":1200,"url":"https:\/\/www.willysplan.com\/wp-content\/uploads\/2020\/06\/castillo-de-besora1.jpg","type":"image\/jpeg"}],"author":"Guillem Asensio","twitter_card":"summary_large_image","twitter_misc":{"Written by":"Guillem Asensio","Est. reading time":"4 minutes"},"schema":{"@context":"https:\/\/schema.org","@graph":[{"@type":"Article","@id":"https:\/\/www.willysplan.com\/en\/routes\/route-from-castell-de-besora-to-castell-dels-torello#article","isPartOf":{"@id":"https:\/\/www.willysplan.com\/en\/routes\/route-from-castell-de-besora-to-castell-dels-torello"},"author":{"name":"Guillem Asensio","@id":"https:\/\/www.willysplan.com\/#\/schema\/person\/6f2dbf2215cd25715df085907bd007c1"},"headline":"Route from Castell de Besora to Castell dels torell\u00f3","datePublished":"2020-06-30T06:18:15+00:00","dateModified":"2023-07-26T03:45:42+00:00","mainEntityOfPage":{"@id":"https:\/\/www.willysplan.com\/en\/routes\/route-from-castell-de-besora-to-castell-dels-torello"},"wordCount":717,"publisher":{"@id":"https:\/\/www.willysplan.com\/#organization"},"image":{"@id":"https:\/\/www.willysplan.com\/en\/routes\/route-from-castell-de-besora-to-castell-dels-torello#primaryimage"},"thumbnailUrl":"https:\/\/www.willysplan.com\/wp-content\/uploads\/2020\/06\/castillo-de-besora1.jpg","keywords":["osona routes","routes barcelona province","routes catalonia"],"articleSection":["routes"],"inLanguage":"en-US"},{"@type":"WebPage","@id":"https:\/\/www.willysplan.com\/en\/routes\/route-from-castell-de-besora-to-castell-dels-torello","url":"https:\/\/www.willysplan.com\/en\/routes\/route-from-castell-de-besora-to-castell-dels-torello","name":"Route from Castell de Besora to Castell dels torell\u00f3 - Willy's plan","isPartOf":{"@id":"https:\/\/www.willysplan.com\/#website"},"primaryImageOfPage":{"@id":"https:\/\/www.willysplan.com\/en\/routes\/route-from-castell-de-besora-to-castell-dels-torello#primaryimage"},"image":{"@id":"https:\/\/www.willysplan.com\/en\/routes\/route-from-castell-de-besora-to-castell-dels-torello#primaryimage"},"thumbnailUrl":"https:\/\/www.willysplan.com\/wp-content\/uploads\/2020\/06\/castillo-de-besora1.jpg","datePublished":"2020-06-30T06:18:15+00:00","dateModified":"2023-07-26T03:45:42+00:00","description":"Discover one of the best routes to do in Girona. Visit the Castell Besora, Mirador sant Salvador bellver and Castell dels torell\u00f3. \u2705 Enter now!","inLanguage":"en-US","potentialAction":[{"@type":"ReadAction","target":["https:\/\/www.willysplan.com\/en\/routes\/route-from-castell-de-besora-to-castell-dels-torello"]}]},{"@type":"ImageObject","inLanguage":"en-US","@id":"https:\/\/www.willysplan.com\/en\/routes\/route-from-castell-de-besora-to-castell-dels-torello#primaryimage","url":"https:\/\/www.willysplan.com\/wp-content\/uploads\/2020\/06\/castillo-de-besora1.jpg","contentUrl":"https:\/\/www.willysplan.com\/wp-content\/uploads\/2020\/06\/castillo-de-besora1.jpg","width":1600,"height":1200},{"@type":"WebSite","@id":"https:\/\/www.willysplan.com\/#website","url":"https:\/\/www.willysplan.com\/","name":"Willy&#039;s Plan \ud83c\udf43","description":"Tours y excursiones privadas por Catalu\u00f1a","publisher":{"@id":"https:\/\/www.willysplan.com\/#organization"},"potentialAction":[{"@type":"SearchAction","target":{"@type":"EntryPoint","urlTemplate":"https:\/\/www.willysplan.com\/?s={search_term_string}"},"query-input":{"@type":"PropertyValueSpecification","valueRequired":true,"valueName":"search_term_string"}}],"inLanguage":"en-US"},{"@type":"Organization","@id":"https:\/\/www.willysplan.com\/#organization","name":"Willy&#039;s Plan \ud83c\udf43","url":"https:\/\/www.willysplan.com\/","logo":{"@type":"ImageObject","inLanguage":"en-US","@id":"https:\/\/www.willysplan.com\/#\/schema\/logo\/image\/","url":"https:\/\/www.willysplan.com\/wp-content\/uploads\/2020\/04\/cropped-logo-1.png","contentUrl":"https:\/\/www.willysplan.com\/wp-content\/uploads\/2020\/04\/cropped-logo-1.png","width":332,"height":332,"caption":"Willy&#039;s Plan \ud83c\udf43"},"image":{"@id":"https:\/\/www.willysplan.com\/#\/schema\/logo\/image\/"}},{"@type":"Person","@id":"https:\/\/www.willysplan.com\/#\/schema\/person\/6f2dbf2215cd25715df085907bd007c1","name":"Guillem Asensio","image":{"@type":"ImageObject","inLanguage":"en-US","@id":"https:\/\/www.willysplan.com\/#\/schema\/person\/image\/","url":"https:\/\/secure.gravatar.com\/avatar\/fd3f69da3e6cd8d451f6be79c127da046757b9a4c273deefb40b1291809cc787?s=96&d=mm&r=g","contentUrl":"https:\/\/secure.gravatar.com\/avatar\/fd3f69da3e6cd8d451f6be79c127da046757b9a4c273deefb40b1291809cc787?s=96&d=mm&r=g","caption":"Guillem Asensio"},"sameAs":["https:\/\/willysplan.com"],"url":"https:\/\/www.willysplan.com\/en\/author\/willy"}]}},"_links":{"self":[{"href":"https:\/\/www.willysplan.com\/en\/wp-json\/wp\/v2\/posts\/16017","targetHints":{"allow":["GET"]}}],"collection":[{"href":"https:\/\/www.willysplan.com\/en\/wp-json\/wp\/v2\/posts"}],"about":[{"href":"https:\/\/www.willysplan.com\/en\/wp-json\/wp\/v2\/types\/post"}],"author":[{"embeddable":true,"href":"https:\/\/www.willysplan.com\/en\/wp-json\/wp\/v2\/users\/2"}],"replies":[{"embeddable":true,"href":"https:\/\/www.willysplan.com\/en\/wp-json\/wp\/v2\/comments?post=16017"}],"version-history":[{"count":3,"href":"https:\/\/www.willysplan.com\/en\/wp-json\/wp\/v2\/posts\/16017\/revisions"}],"predecessor-version":[{"id":17991,"href":"https:\/\/www.willysplan.com\/en\/wp-json\/wp\/v2\/posts\/16017\/revisions\/17991"}],"wp:featuredmedia":[{"embeddable":true,"href":"https:\/\/www.willysplan.com\/en\/wp-json\/wp\/v2\/media\/13512"}],"wp:attachment":[{"href":"https:\/\/www.willysplan.com\/en\/wp-json\/wp\/v2\/media?parent=16017"}],"wp:term":[{"taxonomy":"category","embeddable":true,"href":"https:\/\/www.willysplan.com\/en\/wp-json\/wp\/v2\/categories?post=16017"},{"taxonomy":"post_tag","embeddable":true,"href":"https:\/\/www.willysplan.com\/en\/wp-json\/wp\/v2\/tags?post=16017"}],"curies":[{"name":"wp","href":"https:\/\/api.w.org\/{rel}","templated":true}]}}