{"id":15950,"date":"2020-07-11T18:29:01","date_gmt":"2020-07-11T17:29:01","guid":{"rendered":"https:\/\/willysplan.com\/uncategorized\/route-from-granera-to-panta-del-marcet"},"modified":"2023-04-14T17:27:35","modified_gmt":"2023-04-14T16:27:35","slug":"route-from-granera-to-panta-del-marcet","status":"publish","type":"post","link":"https:\/\/www.willysplan.com\/en\/routes\/route-from-granera-to-panta-del-marcet","title":{"rendered":"Route from Granera to Pant\u00e0 del Marcet"},"content":{"rendered":"\t\t<div data-elementor-type=\"wp-post\" data-elementor-id=\"15950\" class=\"elementor elementor-15950 elementor-1669\" data-elementor-post-type=\"post\">\n\t\t\t\t\t\t<section class=\"elementor-section elementor-top-section elementor-element elementor-element-f4c69cc elementor-section-boxed elementor-section-height-default elementor-section-height-default\" data-id=\"f4c69cc\" data-element_type=\"section\">\n\t\t\t\t\t\t<div class=\"elementor-container elementor-column-gap-default\">\n\t\t\t\t\t<div class=\"elementor-column elementor-col-50 elementor-top-column elementor-element elementor-element-164a862\" data-id=\"164a862\" data-element_type=\"column\">\n\t\t\t<div class=\"elementor-widget-wrap elementor-element-populated\">\n\t\t\t\t\t\t<div class=\"elementor-element elementor-element-29bc239 elementor-widget elementor-widget-text-editor\" data-id=\"29bc239\" data-element_type=\"widget\" data-widget_type=\"text-editor.default\">\n\t\t\t\t<div class=\"elementor-widget-container\">\n\t\t\t\t\t\t\t\t\t<p>This small rural village located in the region of Moian\u00e9s, is simply fantastic. It is like traveling back to medieval times in the 21st century. Visiting the village of <strong>Granera<\/strong> and its surroundings<strong>,<\/strong> is one of the many <a href=\"https:\/\/www.willysplan.com\/rutas\/barcelona-provincia\">excursions to do in the province of Barcelona<\/a>, as more and more curious people come to spend the day in the area.<\/p><p>Known for its agricultural and livestock production, this village of only 78 inhabitants and documented since 878 AD. It developed around its emblematic castle, forming around a small community of farmhouses, houses very characteristic of the architecture of the time.<\/p><p>Near the <a href=\"https:\/\/www.willysplan.com\/en\/routes\/hiking-trails-and-excursions-in-mura\">excursions to do in Mura<\/a>or after having discovered <a href=\"https:\/\/www.willysplan.com\/en\/routes\/hiking-trails-and-excursions-through-talamanca\" target=\"_blank\" rel=\"noopener\">what to see in Talamanca<\/a>We recommend you to visit this picturesque town that not only has history in every corner, but thanks to its location, offers a great climate to visit at any time of the year, especially in summer (which is where most of the curious come to visit).<\/p><p>This<strong>route that goes from Granera to Pant\u00e0 del Marcet,<\/strong> will involve you in a journey full of history and tradition that characterizes the town of Granera, which you can not miss.<\/p>\t\t\t\t\t\t\t\t<\/div>\n\t\t\t\t<\/div>\n\t\t\t\t\t<\/div>\n\t\t<\/div>\n\t\t\t\t<div class=\"elementor-column elementor-col-50 elementor-top-column elementor-element elementor-element-2a02237\" data-id=\"2a02237\" data-element_type=\"column\">\n\t\t\t<div class=\"elementor-widget-wrap elementor-element-populated\">\n\t\t\t\t\t\t<div class=\"elementor-element elementor-element-cac19bd elementor-widget elementor-widget-html\" data-id=\"cac19bd\" data-element_type=\"widget\" data-widget_type=\"html.default\">\n\t\t\t\t<div class=\"elementor-widget-container\">\n\t\t\t\t\t<iframe src=\"https:\/\/www.google.com\/maps\/embed?pb=!1m34!1m12!1m3!1d10188.773400890988!2d2.057729429704516!3d41.730418731354575!2m3!1f0!2f0!3f0!3m2!1i1024!2i768!4f13.1!4m19!3e0!4m5!1s0x0%3A0x6cdb264072f07ca8!2sAjuntament%20De%20Granera!3m2!1d41.7251985!2d2.0570711!4m5!1s0x0%3A0xdff86700245792d8!2sCastell%20de%20Granera!3m2!1d41.7298743!2d2.0577050999999997!4m5!1s0x12a4e8af3eef302f%3A0xbd24539062c9d6c7!2sPant%C3%A0%20del%20Marcet!3m2!1d41.7356025!2d2.0749462999999997!5e1!3m2!1ses!2ses!4v1601135604878!5m2!1ses!2ses\" width=\"600\" height=\"450\" frameborder=\"0\" style=\"border:0;\" allowfullscreen=\"\" aria-hidden=\"false\" tabindex=\"0\"><\/iframe>\t\t\t\t<\/div>\n\t\t\t\t<\/div>\n\t\t\t\t\t<\/div>\n\t\t<\/div>\n\t\t\t\t\t<\/div>\n\t\t<\/section>\n\t\t\t\t<section class=\"elementor-section elementor-top-section elementor-element elementor-element-9274027 elementor-section-boxed elementor-section-height-default elementor-section-height-default\" data-id=\"9274027\" data-element_type=\"section\">\n\t\t\t\t\t\t<div class=\"elementor-container elementor-column-gap-default\">\n\t\t\t\t\t<div class=\"elementor-column elementor-col-100 elementor-top-column elementor-element elementor-element-8d0b027\" data-id=\"8d0b027\" data-element_type=\"column\">\n\t\t\t<div class=\"elementor-widget-wrap elementor-element-populated\">\n\t\t\t\t\t\t<div class=\"elementor-element elementor-element-13b5c01 elementor-widget elementor-widget-text-editor\" data-id=\"13b5c01\" data-element_type=\"widget\" data-widget_type=\"text-editor.default\">\n\t\t\t\t<div class=\"elementor-widget-container\">\n\t\t\t\t\t\t\t\t\t<p>This route, which runs through the village of <strong>Granera, the Castell de Granera and the Granera reservoir<\/strong>, can take approximately 2 hours. A tour that you can do by car or motorcycle. It is also ideal to enjoy as a couple, with friends and even with the whole family.<\/p><p>The journey begins a few centuries ago, touring the emblematic village of Granera<strong>. <\/strong>Here we will climb to the top of its medieval fortress: the Castle of Granera, to enjoy one of the most amazing views of Moian\u00e8s. Then we will take a break and for that we recommend you to prepare a snack and bring some drinks for the road. Finally, we will go to the Marcet reservoir, a place that attracts nature lovers, fishing and the occasional swimmer in summer.<\/p><p>And if you dare to enjoy a typical Catalan meal in one of the farmhouses of the village, it can be an exquisite experience that gastronomy lovers can&#8217;t miss. Come and enjoy a different experience, visiting one of the oldest places in Catalonia. You should also know that in the surroundings you have other natural plans, as in other articles we talked about the <a href=\"https:\/\/www.willysplan.com\/en\/routes\/hiking-routes-and-excursions-in-sant-feliu-de-codines\">things to see in Sant Feliu de Codines<\/a>, or everything <a href=\"https:\/\/www.willysplan.com\/en\/routes\/hiking-routes-and-excursions-around-caldes-de-montbui\">to do in Caldes de Montbui<\/a>. Also, if we go more towards the part of the Natural Park of Sant Lloren\u00e7 del Munt i l&#8217;Obac, we can find incredible places that we must stop to visit as is the <a href=\"https:\/\/www.willysplan.com\/rutas\/excursion-la-mola\">Cova Simanya<\/a>.<\/p>\t\t\t\t\t\t\t\t<\/div>\n\t\t\t\t<\/div>\n\t\t\t\t\t<\/div>\n\t\t<\/div>\n\t\t\t\t\t<\/div>\n\t\t<\/section>\n\t\t\t\t<section class=\"elementor-section elementor-top-section elementor-element elementor-element-aaf8e46 elementor-section-boxed elementor-section-height-default elementor-section-height-default\" data-id=\"aaf8e46\" data-element_type=\"section\">\n\t\t\t\t\t\t<div class=\"elementor-container elementor-column-gap-default\">\n\t\t\t\t\t<div class=\"elementor-column elementor-col-100 elementor-top-column elementor-element elementor-element-4cee3de\" data-id=\"4cee3de\" data-element_type=\"column\">\n\t\t\t<div class=\"elementor-widget-wrap elementor-element-populated\">\n\t\t\t\t\t\t<div class=\"elementor-element elementor-element-241f678 elementor-widget elementor-widget-heading\" data-id=\"241f678\" data-element_type=\"widget\" data-widget_type=\"heading.default\">\n\t\t\t\t<div class=\"elementor-widget-container\">\n\t\t\t\t\t<h2 class=\"elementor-heading-title elementor-size-default\">Town of Granera<\/h2>\t\t\t\t<\/div>\n\t\t\t\t<\/div>\n\t\t\t\t\t<\/div>\n\t\t<\/div>\n\t\t\t\t\t<\/div>\n\t\t<\/section>\n\t\t\t\t<section class=\"elementor-section elementor-top-section elementor-element elementor-element-d53999b elementor-section-boxed elementor-section-height-default elementor-section-height-default\" data-id=\"d53999b\" data-element_type=\"section\">\n\t\t\t\t\t\t<div class=\"elementor-container elementor-column-gap-default\">\n\t\t\t\t\t<div class=\"elementor-column elementor-col-50 elementor-top-column elementor-element elementor-element-fb6d366\" data-id=\"fb6d366\" data-element_type=\"column\">\n\t\t\t<div class=\"elementor-widget-wrap elementor-element-populated\">\n\t\t\t\t\t\t<div class=\"elementor-element elementor-element-445a10d elementor-widget elementor-widget-image\" data-id=\"445a10d\" data-element_type=\"widget\" data-widget_type=\"image.default\">\n\t\t\t\t<div class=\"elementor-widget-container\">\n\t\t\t\t\t\t\t\t\t\t\t\t\t\t\t<img fetchpriority=\"high\" decoding=\"async\" width=\"876\" height=\"657\" src=\"https:\/\/www.willysplan.com\/wp-content\/uploads\/2020\/07\/placa-ajuntament-de-granera1.jpg\" class=\"attachment-large size-large wp-image-13708\" alt=\"\" srcset=\"https:\/\/www.willysplan.com\/wp-content\/uploads\/2020\/07\/placa-ajuntament-de-granera1.jpg 876w, https:\/\/www.willysplan.com\/wp-content\/uploads\/2020\/07\/placa-ajuntament-de-granera1-300x225.jpg 300w, https:\/\/www.willysplan.com\/wp-content\/uploads\/2020\/07\/placa-ajuntament-de-granera1-768x576.jpg 768w, https:\/\/www.willysplan.com\/wp-content\/uploads\/2020\/07\/placa-ajuntament-de-granera1-760x570.jpg 760w, https:\/\/www.willysplan.com\/wp-content\/uploads\/2020\/07\/placa-ajuntament-de-granera1-533x400.jpg 533w, https:\/\/www.willysplan.com\/wp-content\/uploads\/2020\/07\/placa-ajuntament-de-granera1-585x439.jpg 585w, https:\/\/www.willysplan.com\/wp-content\/uploads\/2020\/07\/placa-ajuntament-de-granera1-600x450.jpg 600w\" sizes=\"(max-width: 876px) 100vw, 876px\" \/>\t\t\t\t\t\t\t\t\t\t\t\t\t\t\t<\/div>\n\t\t\t\t<\/div>\n\t\t\t\t\t<\/div>\n\t\t<\/div>\n\t\t\t\t<div class=\"elementor-column elementor-col-50 elementor-top-column elementor-element elementor-element-1d0d247\" data-id=\"1d0d247\" data-element_type=\"column\">\n\t\t\t<div class=\"elementor-widget-wrap elementor-element-populated\">\n\t\t\t\t\t\t<div class=\"elementor-element elementor-element-99de16d elementor-widget elementor-widget-image\" data-id=\"99de16d\" data-element_type=\"widget\" data-widget_type=\"image.default\">\n\t\t\t\t<div class=\"elementor-widget-container\">\n\t\t\t\t\t\t\t\t\t\t\t\t\t\t\t<img decoding=\"async\" width=\"811\" height=\"608\" src=\"https:\/\/www.willysplan.com\/wp-content\/uploads\/2020\/07\/ajuntament-de-granera1.jpg\" class=\"attachment-large size-large wp-image-13710\" alt=\"\" srcset=\"https:\/\/www.willysplan.com\/wp-content\/uploads\/2020\/07\/ajuntament-de-granera1.jpg 811w, https:\/\/www.willysplan.com\/wp-content\/uploads\/2020\/07\/ajuntament-de-granera1-300x225.jpg 300w, https:\/\/www.willysplan.com\/wp-content\/uploads\/2020\/07\/ajuntament-de-granera1-768x576.jpg 768w, https:\/\/www.willysplan.com\/wp-content\/uploads\/2020\/07\/ajuntament-de-granera1-760x570.jpg 760w, https:\/\/www.willysplan.com\/wp-content\/uploads\/2020\/07\/ajuntament-de-granera1-534x400.jpg 534w, https:\/\/www.willysplan.com\/wp-content\/uploads\/2020\/07\/ajuntament-de-granera1-585x439.jpg 585w, https:\/\/www.willysplan.com\/wp-content\/uploads\/2020\/07\/ajuntament-de-granera1-600x450.jpg 600w\" sizes=\"(max-width: 811px) 100vw, 811px\" \/>\t\t\t\t\t\t\t\t\t\t\t\t\t\t\t<\/div>\n\t\t\t\t<\/div>\n\t\t\t\t\t<\/div>\n\t\t<\/div>\n\t\t\t\t\t<\/div>\n\t\t<\/section>\n\t\t\t\t<section class=\"elementor-section elementor-top-section elementor-element elementor-element-cc0f4ee elementor-section-boxed elementor-section-height-default elementor-section-height-default\" data-id=\"cc0f4ee\" data-element_type=\"section\">\n\t\t\t\t\t\t<div class=\"elementor-container elementor-column-gap-default\">\n\t\t\t\t\t<div class=\"elementor-column elementor-col-100 elementor-top-column elementor-element elementor-element-e8f926c\" data-id=\"e8f926c\" data-element_type=\"column\">\n\t\t\t<div class=\"elementor-widget-wrap elementor-element-populated\">\n\t\t\t\t\t\t<div class=\"elementor-element elementor-element-2342cc0 elementor-widget elementor-widget-text-editor\" data-id=\"2342cc0\" data-element_type=\"widget\" data-widget_type=\"text-editor.default\">\n\t\t\t\t<div class=\"elementor-widget-container\">\n\t\t\t\t\t\t\t\t\t<p>We will start the route in what is now the town hall of this small town. Parking is easy to find, and obviously free of charge. So we will leave the car or motorcycle next to the park where the town hall is located, and from there we will be able to observe incredible views of the incredible natural landscape that surrounds the town of Granera. If you look, from this same park, we can already see the castle of Granera (our second stop) at the top of the peat bog.<br \/>Then, we suggest you to take the vehicle you came with (since this part of the village is a bit far from the center), and get closer to what is the urban nucleus. You will see that at the entrance of the village there is a drinking water fountain, from which we can recharge supplies before starting the visit to this beautiful village.<br \/>The visit to the village of Granera is to relax and disconnect, get lost in its streets and be amazed by the character offered by each wall and stone of this village. We will find a bench along the route, from which we can stop to enjoy the beautiful views offered by the village (as it is slightly raised).<br \/>We are surprised by the tranquility and harmony that permeates it, as well as the mountains, valleys and meadows that surround it: a place of peace clearly governed by nature.<\/p>\n\t\t\t\t\t\t\t\t<\/div>\n\t\t\t\t<\/div>\n\t\t\t\t\t<\/div>\n\t\t<\/div>\n\t\t\t\t\t<\/div>\n\t\t<\/section>\n\t\t\t\t<section class=\"elementor-section elementor-top-section elementor-element elementor-element-7bfa91e elementor-section-boxed elementor-section-height-default elementor-section-height-default\" data-id=\"7bfa91e\" data-element_type=\"section\">\n\t\t\t\t\t\t<div class=\"elementor-container elementor-column-gap-default\">\n\t\t\t\t\t<div class=\"elementor-column elementor-col-50 elementor-top-column elementor-element elementor-element-f86cef0\" data-id=\"f86cef0\" data-element_type=\"column\">\n\t\t\t<div class=\"elementor-widget-wrap elementor-element-populated\">\n\t\t\t\t\t\t<div class=\"elementor-element elementor-element-bc074e7 elementor-widget elementor-widget-image\" data-id=\"bc074e7\" data-element_type=\"widget\" data-widget_type=\"image.default\">\n\t\t\t\t<div class=\"elementor-widget-container\">\n\t\t\t\t\t\t\t\t\t\t\t\t\t\t\t<img decoding=\"async\" width=\"876\" height=\"657\" src=\"https:\/\/www.willysplan.com\/wp-content\/uploads\/2020\/07\/poble-granera1.jpg\" class=\"attachment-large size-large wp-image-13712\" alt=\"\" srcset=\"https:\/\/www.willysplan.com\/wp-content\/uploads\/2020\/07\/poble-granera1.jpg 876w, https:\/\/www.willysplan.com\/wp-content\/uploads\/2020\/07\/poble-granera1-300x225.jpg 300w, https:\/\/www.willysplan.com\/wp-content\/uploads\/2020\/07\/poble-granera1-768x576.jpg 768w, https:\/\/www.willysplan.com\/wp-content\/uploads\/2020\/07\/poble-granera1-760x570.jpg 760w, https:\/\/www.willysplan.com\/wp-content\/uploads\/2020\/07\/poble-granera1-533x400.jpg 533w, https:\/\/www.willysplan.com\/wp-content\/uploads\/2020\/07\/poble-granera1-585x439.jpg 585w, https:\/\/www.willysplan.com\/wp-content\/uploads\/2020\/07\/poble-granera1-600x450.jpg 600w\" sizes=\"(max-width: 876px) 100vw, 876px\" \/>\t\t\t\t\t\t\t\t\t\t\t\t\t\t\t<\/div>\n\t\t\t\t<\/div>\n\t\t\t\t\t<\/div>\n\t\t<\/div>\n\t\t\t\t<div class=\"elementor-column elementor-col-50 elementor-top-column elementor-element elementor-element-a4ba59c\" data-id=\"a4ba59c\" data-element_type=\"column\">\n\t\t\t<div class=\"elementor-widget-wrap elementor-element-populated\">\n\t\t\t\t\t\t<div class=\"elementor-element elementor-element-a390097 elementor-widget elementor-widget-image\" data-id=\"a390097\" data-element_type=\"widget\" data-widget_type=\"image.default\">\n\t\t\t\t<div class=\"elementor-widget-container\">\n\t\t\t\t\t\t\t\t\t\t\t\t\t\t\t<img loading=\"lazy\" decoding=\"async\" width=\"784\" height=\"627\" src=\"https:\/\/www.willysplan.com\/wp-content\/uploads\/2020\/07\/que-hacer-pueblo-granera1.jpg\" class=\"attachment-large size-large wp-image-13714\" alt=\"\" srcset=\"https:\/\/www.willysplan.com\/wp-content\/uploads\/2020\/07\/que-hacer-pueblo-granera1.jpg 784w, https:\/\/www.willysplan.com\/wp-content\/uploads\/2020\/07\/que-hacer-pueblo-granera1-300x240.jpg 300w, https:\/\/www.willysplan.com\/wp-content\/uploads\/2020\/07\/que-hacer-pueblo-granera1-768x614.jpg 768w, https:\/\/www.willysplan.com\/wp-content\/uploads\/2020\/07\/que-hacer-pueblo-granera1-500x400.jpg 500w, https:\/\/www.willysplan.com\/wp-content\/uploads\/2020\/07\/que-hacer-pueblo-granera1-585x468.jpg 585w, https:\/\/www.willysplan.com\/wp-content\/uploads\/2020\/07\/que-hacer-pueblo-granera1-600x480.jpg 600w\" sizes=\"(max-width: 784px) 100vw, 784px\" \/>\t\t\t\t\t\t\t\t\t\t\t\t\t\t\t<\/div>\n\t\t\t\t<\/div>\n\t\t\t\t\t<\/div>\n\t\t<\/div>\n\t\t\t\t\t<\/div>\n\t\t<\/section>\n\t\t\t\t<section class=\"elementor-section elementor-top-section elementor-element elementor-element-1cd9a15 elementor-section-boxed elementor-section-height-default elementor-section-height-default\" data-id=\"1cd9a15\" data-element_type=\"section\">\n\t\t\t\t\t\t<div class=\"elementor-container elementor-column-gap-default\">\n\t\t\t\t\t<div class=\"elementor-column elementor-col-100 elementor-top-column elementor-element elementor-element-14e16a8\" data-id=\"14e16a8\" data-element_type=\"column\">\n\t\t\t<div class=\"elementor-widget-wrap elementor-element-populated\">\n\t\t\t\t\t\t<div class=\"elementor-element elementor-element-1ab3982 elementor-widget elementor-widget-heading\" data-id=\"1ab3982\" data-element_type=\"widget\" data-widget_type=\"heading.default\">\n\t\t\t\t<div class=\"elementor-widget-container\">\n\t\t\t\t\t<h2 class=\"elementor-heading-title elementor-size-default\">Granera Castle<\/h2>\t\t\t\t<\/div>\n\t\t\t\t<\/div>\n\t\t\t\t\t<\/div>\n\t\t<\/div>\n\t\t\t\t\t<\/div>\n\t\t<\/section>\n\t\t\t\t<section class=\"elementor-section elementor-top-section elementor-element elementor-element-d179048 elementor-section-boxed elementor-section-height-default elementor-section-height-default\" data-id=\"d179048\" data-element_type=\"section\">\n\t\t\t\t\t\t<div class=\"elementor-container elementor-column-gap-default\">\n\t\t\t\t\t<div class=\"elementor-column elementor-col-50 elementor-top-column elementor-element elementor-element-08e1871\" data-id=\"08e1871\" data-element_type=\"column\">\n\t\t\t<div class=\"elementor-widget-wrap elementor-element-populated\">\n\t\t\t\t\t\t<div class=\"elementor-element elementor-element-75bb155 elementor-widget elementor-widget-image\" data-id=\"75bb155\" data-element_type=\"widget\" data-widget_type=\"image.default\">\n\t\t\t\t<div class=\"elementor-widget-container\">\n\t\t\t\t\t\t\t\t\t\t\t\t\t\t\t<img loading=\"lazy\" decoding=\"async\" width=\"768\" height=\"576\" src=\"https:\/\/www.willysplan.com\/wp-content\/uploads\/2020\/07\/castell-de-graneraa1-768x576.jpg\" class=\"attachment-medium_large size-medium_large wp-image-13716\" alt=\"\" srcset=\"https:\/\/www.willysplan.com\/wp-content\/uploads\/2020\/07\/castell-de-graneraa1-768x576.jpg 768w, https:\/\/www.willysplan.com\/wp-content\/uploads\/2020\/07\/castell-de-graneraa1-300x225.jpg 300w, https:\/\/www.willysplan.com\/wp-content\/uploads\/2020\/07\/castell-de-graneraa1-760x570.jpg 760w, https:\/\/www.willysplan.com\/wp-content\/uploads\/2020\/07\/castell-de-graneraa1-533x400.jpg 533w, https:\/\/www.willysplan.com\/wp-content\/uploads\/2020\/07\/castell-de-graneraa1-585x439.jpg 585w, https:\/\/www.willysplan.com\/wp-content\/uploads\/2020\/07\/castell-de-graneraa1-600x450.jpg 600w, https:\/\/www.willysplan.com\/wp-content\/uploads\/2020\/07\/castell-de-graneraa1.jpg 876w\" sizes=\"(max-width: 768px) 100vw, 768px\" \/>\t\t\t\t\t\t\t\t\t\t\t\t\t\t\t<\/div>\n\t\t\t\t<\/div>\n\t\t\t\t\t<\/div>\n\t\t<\/div>\n\t\t\t\t<div class=\"elementor-column elementor-col-50 elementor-top-column elementor-element elementor-element-09c6772\" data-id=\"09c6772\" data-element_type=\"column\">\n\t\t\t<div class=\"elementor-widget-wrap elementor-element-populated\">\n\t\t\t\t\t\t<div class=\"elementor-element elementor-element-215e88c elementor-widget elementor-widget-image\" data-id=\"215e88c\" data-element_type=\"widget\" data-widget_type=\"image.default\">\n\t\t\t\t<div class=\"elementor-widget-container\">\n\t\t\t\t\t\t\t\t\t\t\t\t\t\t\t<img loading=\"lazy\" decoding=\"async\" width=\"811\" height=\"608\" src=\"https:\/\/www.willysplan.com\/wp-content\/uploads\/2020\/07\/com-arribar-al-castell-de-granera1.jpg\" class=\"attachment-large size-large wp-image-13718\" alt=\"\" srcset=\"https:\/\/www.willysplan.com\/wp-content\/uploads\/2020\/07\/com-arribar-al-castell-de-granera1.jpg 811w, https:\/\/www.willysplan.com\/wp-content\/uploads\/2020\/07\/com-arribar-al-castell-de-granera1-300x225.jpg 300w, https:\/\/www.willysplan.com\/wp-content\/uploads\/2020\/07\/com-arribar-al-castell-de-granera1-768x576.jpg 768w, https:\/\/www.willysplan.com\/wp-content\/uploads\/2020\/07\/com-arribar-al-castell-de-granera1-760x570.jpg 760w, https:\/\/www.willysplan.com\/wp-content\/uploads\/2020\/07\/com-arribar-al-castell-de-granera1-534x400.jpg 534w, https:\/\/www.willysplan.com\/wp-content\/uploads\/2020\/07\/com-arribar-al-castell-de-granera1-585x439.jpg 585w, https:\/\/www.willysplan.com\/wp-content\/uploads\/2020\/07\/com-arribar-al-castell-de-granera1-600x450.jpg 600w\" sizes=\"(max-width: 811px) 100vw, 811px\" \/>\t\t\t\t\t\t\t\t\t\t\t\t\t\t\t<\/div>\n\t\t\t\t<\/div>\n\t\t\t\t\t<\/div>\n\t\t<\/div>\n\t\t\t\t\t<\/div>\n\t\t<\/section>\n\t\t\t\t<section class=\"elementor-section elementor-top-section elementor-element elementor-element-c78f0d5 elementor-section-boxed elementor-section-height-default elementor-section-height-default\" data-id=\"c78f0d5\" data-element_type=\"section\">\n\t\t\t\t\t\t<div class=\"elementor-container elementor-column-gap-default\">\n\t\t\t\t\t<div class=\"elementor-column elementor-col-100 elementor-top-column elementor-element elementor-element-e8099c1\" data-id=\"e8099c1\" data-element_type=\"column\">\n\t\t\t<div class=\"elementor-widget-wrap elementor-element-populated\">\n\t\t\t\t\t\t<div class=\"elementor-element elementor-element-9d79bd6 elementor-widget elementor-widget-text-editor\" data-id=\"9d79bd6\" data-element_type=\"widget\" data-widget_type=\"text-editor.default\">\n\t\t\t\t<div class=\"elementor-widget-container\">\n\t\t\t\t\t\t\t\t\t<p>The <strong>Castell de Granera<\/strong> is located at the top of the village, and to reach it, we must access by a dirt road easily accessible. It was built on the top of the hill, as a fortress of the city in medieval times: to be more exact around the year 971. A castle of family tradition that became the current emblem of the village.<\/p>\n<p>Although the castle of Granera is no longer preserved in its entirety, and its entrance is restricted to the public, it is still a tourist attraction for visitors to the village and we would dare say that it is a must-see if you are in Granera.<\/p>\n<p>An ideal plan to share a romantic sunset as a couple, a different experience with friends and even a walk with the whole family, would be a very good plan.<\/p>\n<p>From this picturesque castle, you can contemplate the panoramic views of the village, which can be seen from above and even being surrounded by mountains, the connection with nature that it offers is very comforting.<\/p>\n\t\t\t\t\t\t\t\t<\/div>\n\t\t\t\t<\/div>\n\t\t\t\t\t<\/div>\n\t\t<\/div>\n\t\t\t\t\t<\/div>\n\t\t<\/section>\n\t\t\t\t<section class=\"elementor-section elementor-top-section elementor-element elementor-element-e9312eb elementor-section-boxed elementor-section-height-default elementor-section-height-default\" data-id=\"e9312eb\" data-element_type=\"section\">\n\t\t\t\t\t\t<div class=\"elementor-container elementor-column-gap-default\">\n\t\t\t\t\t<div class=\"elementor-column elementor-col-50 elementor-top-column elementor-element elementor-element-5c506c8\" data-id=\"5c506c8\" data-element_type=\"column\">\n\t\t\t<div class=\"elementor-widget-wrap elementor-element-populated\">\n\t\t\t\t\t\t<div class=\"elementor-element elementor-element-8a1ea07 elementor-widget elementor-widget-image\" data-id=\"8a1ea07\" data-element_type=\"widget\" data-widget_type=\"image.default\">\n\t\t\t\t<div class=\"elementor-widget-container\">\n\t\t\t\t\t\t\t\t\t\t\t\t\t\t\t<img loading=\"lazy\" decoding=\"async\" width=\"768\" height=\"382\" src=\"https:\/\/www.willysplan.com\/wp-content\/uploads\/2020\/07\/castillo-de-granera-960x4781-1-768x382.jpg\" class=\"attachment-medium_large size-medium_large wp-image-13720\" alt=\"\" srcset=\"https:\/\/www.willysplan.com\/wp-content\/uploads\/2020\/07\/castillo-de-granera-960x4781-1-768x382.jpg 768w, https:\/\/www.willysplan.com\/wp-content\/uploads\/2020\/07\/castillo-de-granera-960x4781-1-300x149.jpg 300w, https:\/\/www.willysplan.com\/wp-content\/uploads\/2020\/07\/castillo-de-granera-960x4781-1-803x400.jpg 803w, https:\/\/www.willysplan.com\/wp-content\/uploads\/2020\/07\/castillo-de-granera-960x4781-1-585x291.jpg 585w, https:\/\/www.willysplan.com\/wp-content\/uploads\/2020\/07\/castillo-de-granera-960x4781-1-600x299.jpg 600w, https:\/\/www.willysplan.com\/wp-content\/uploads\/2020\/07\/castillo-de-granera-960x4781-1.jpg 960w\" sizes=\"(max-width: 768px) 100vw, 768px\" \/>\t\t\t\t\t\t\t\t\t\t\t\t\t\t\t<\/div>\n\t\t\t\t<\/div>\n\t\t\t\t\t<\/div>\n\t\t<\/div>\n\t\t\t\t<div class=\"elementor-column elementor-col-50 elementor-top-column elementor-element elementor-element-1c1a239\" data-id=\"1c1a239\" data-element_type=\"column\">\n\t\t\t<div class=\"elementor-widget-wrap elementor-element-populated\">\n\t\t\t\t\t\t<div class=\"elementor-element elementor-element-7b330bd elementor-widget elementor-widget-image\" data-id=\"7b330bd\" data-element_type=\"widget\" data-widget_type=\"image.default\">\n\t\t\t\t<div class=\"elementor-widget-container\">\n\t\t\t\t\t\t\t\t\t\t\t\t\t\t\t<img loading=\"lazy\" decoding=\"async\" width=\"811\" height=\"608\" src=\"https:\/\/www.willysplan.com\/wp-content\/uploads\/2020\/07\/vistes-castell-de-granera1.jpg\" class=\"attachment-large size-large wp-image-13722\" alt=\"\" srcset=\"https:\/\/www.willysplan.com\/wp-content\/uploads\/2020\/07\/vistes-castell-de-granera1.jpg 811w, https:\/\/www.willysplan.com\/wp-content\/uploads\/2020\/07\/vistes-castell-de-granera1-300x225.jpg 300w, https:\/\/www.willysplan.com\/wp-content\/uploads\/2020\/07\/vistes-castell-de-granera1-768x576.jpg 768w, https:\/\/www.willysplan.com\/wp-content\/uploads\/2020\/07\/vistes-castell-de-granera1-760x570.jpg 760w, https:\/\/www.willysplan.com\/wp-content\/uploads\/2020\/07\/vistes-castell-de-granera1-534x400.jpg 534w, https:\/\/www.willysplan.com\/wp-content\/uploads\/2020\/07\/vistes-castell-de-granera1-585x439.jpg 585w, https:\/\/www.willysplan.com\/wp-content\/uploads\/2020\/07\/vistes-castell-de-granera1-600x450.jpg 600w\" sizes=\"(max-width: 811px) 100vw, 811px\" \/>\t\t\t\t\t\t\t\t\t\t\t\t\t\t\t<\/div>\n\t\t\t\t<\/div>\n\t\t\t\t\t<\/div>\n\t\t<\/div>\n\t\t\t\t\t<\/div>\n\t\t<\/section>\n\t\t\t\t<section class=\"elementor-section elementor-top-section elementor-element elementor-element-6736263 elementor-section-boxed elementor-section-height-default elementor-section-height-default\" data-id=\"6736263\" data-element_type=\"section\">\n\t\t\t\t\t\t<div class=\"elementor-container elementor-column-gap-default\">\n\t\t\t\t\t<div class=\"elementor-column elementor-col-100 elementor-top-column elementor-element elementor-element-f25b612\" data-id=\"f25b612\" data-element_type=\"column\">\n\t\t\t<div class=\"elementor-widget-wrap elementor-element-populated\">\n\t\t\t\t\t\t<div class=\"elementor-element elementor-element-211fe36 elementor-widget elementor-widget-text-editor\" data-id=\"211fe36\" data-element_type=\"widget\" data-widget_type=\"text-editor.default\">\n\t\t\t\t<div class=\"elementor-widget-container\">\n\t\t\t\t\t\t\t\t\t<p>Getting to the castle will be very easy, since the town is not too big and you will quickly see the signs that tell you how to get to the fortification. Although, as mentioned above, the entrance is restricted to the public, some daring people surround the castle itself and enjoy the sunset or spend the afternoon contemplating the views from the outskirts of the fortification.<\/p>\n\t\t\t\t\t\t\t\t<\/div>\n\t\t\t\t<\/div>\n\t\t\t\t\t<\/div>\n\t\t<\/div>\n\t\t\t\t\t<\/div>\n\t\t<\/section>\n\t\t\t\t<section class=\"elementor-section elementor-top-section elementor-element elementor-element-cf26dc9 elementor-section-boxed elementor-section-height-default elementor-section-height-default\" data-id=\"cf26dc9\" data-element_type=\"section\">\n\t\t\t\t\t\t<div class=\"elementor-container elementor-column-gap-default\">\n\t\t\t\t\t<div class=\"elementor-column elementor-col-100 elementor-top-column elementor-element elementor-element-5689fda\" data-id=\"5689fda\" data-element_type=\"column\">\n\t\t\t<div class=\"elementor-widget-wrap elementor-element-populated\">\n\t\t\t\t\t\t<div class=\"elementor-element elementor-element-1563f51 elementor-widget elementor-widget-heading\" data-id=\"1563f51\" data-element_type=\"widget\" data-widget_type=\"heading.default\">\n\t\t\t\t<div class=\"elementor-widget-container\">\n\t\t\t\t\t<h2 class=\"elementor-heading-title elementor-size-default\">Marcet swamp or Granera swamp<\/h2>\t\t\t\t<\/div>\n\t\t\t\t<\/div>\n\t\t\t\t\t<\/div>\n\t\t<\/div>\n\t\t\t\t\t<\/div>\n\t\t<\/section>\n\t\t\t\t<section class=\"elementor-section elementor-top-section elementor-element elementor-element-cc665cd elementor-section-boxed elementor-section-height-default elementor-section-height-default\" data-id=\"cc665cd\" data-element_type=\"section\">\n\t\t\t\t\t\t<div class=\"elementor-container elementor-column-gap-default\">\n\t\t\t\t\t<div class=\"elementor-column elementor-col-50 elementor-top-column elementor-element elementor-element-dd8445e\" data-id=\"dd8445e\" data-element_type=\"column\">\n\t\t\t<div class=\"elementor-widget-wrap elementor-element-populated\">\n\t\t\t\t\t\t<div class=\"elementor-element elementor-element-f1f125c elementor-widget elementor-widget-image\" data-id=\"f1f125c\" data-element_type=\"widget\" data-widget_type=\"image.default\">\n\t\t\t\t<div class=\"elementor-widget-container\">\n\t\t\t\t\t\t\t\t\t\t\t\t\t\t\t<img loading=\"lazy\" decoding=\"async\" width=\"768\" height=\"406\" src=\"https:\/\/www.willysplan.com\/wp-content\/uploads\/2020\/07\/pantano-de-granera-960x5081-1-768x406.jpg\" class=\"attachment-medium_large size-medium_large wp-image-13724\" alt=\"\" srcset=\"https:\/\/www.willysplan.com\/wp-content\/uploads\/2020\/07\/pantano-de-granera-960x5081-1-768x406.jpg 768w, https:\/\/www.willysplan.com\/wp-content\/uploads\/2020\/07\/pantano-de-granera-960x5081-1-300x159.jpg 300w, https:\/\/www.willysplan.com\/wp-content\/uploads\/2020\/07\/pantano-de-granera-960x5081-1-756x400.jpg 756w, https:\/\/www.willysplan.com\/wp-content\/uploads\/2020\/07\/pantano-de-granera-960x5081-1-585x310.jpg 585w, https:\/\/www.willysplan.com\/wp-content\/uploads\/2020\/07\/pantano-de-granera-960x5081-1-600x318.jpg 600w, https:\/\/www.willysplan.com\/wp-content\/uploads\/2020\/07\/pantano-de-granera-960x5081-1.jpg 960w\" sizes=\"(max-width: 768px) 100vw, 768px\" \/>\t\t\t\t\t\t\t\t\t\t\t\t\t\t\t<\/div>\n\t\t\t\t<\/div>\n\t\t\t\t\t<\/div>\n\t\t<\/div>\n\t\t\t\t<div class=\"elementor-column elementor-col-50 elementor-top-column elementor-element elementor-element-0aa2303\" data-id=\"0aa2303\" data-element_type=\"column\">\n\t\t\t<div class=\"elementor-widget-wrap elementor-element-populated\">\n\t\t\t\t\t\t<div class=\"elementor-element elementor-element-b65cf6f elementor-widget elementor-widget-image\" data-id=\"b65cf6f\" data-element_type=\"widget\" data-widget_type=\"image.default\">\n\t\t\t\t<div class=\"elementor-widget-container\">\n\t\t\t\t\t\t\t\t\t\t\t\t\t\t\t<img loading=\"lazy\" decoding=\"async\" width=\"867\" height=\"530\" src=\"https:\/\/www.willysplan.com\/wp-content\/uploads\/2020\/07\/panta-de-marcet1.jpg\" class=\"attachment-large size-large wp-image-13726\" alt=\"\" srcset=\"https:\/\/www.willysplan.com\/wp-content\/uploads\/2020\/07\/panta-de-marcet1.jpg 867w, https:\/\/www.willysplan.com\/wp-content\/uploads\/2020\/07\/panta-de-marcet1-300x183.jpg 300w, https:\/\/www.willysplan.com\/wp-content\/uploads\/2020\/07\/panta-de-marcet1-768x469.jpg 768w, https:\/\/www.willysplan.com\/wp-content\/uploads\/2020\/07\/panta-de-marcet1-654x400.jpg 654w, https:\/\/www.willysplan.com\/wp-content\/uploads\/2020\/07\/panta-de-marcet1-585x358.jpg 585w, https:\/\/www.willysplan.com\/wp-content\/uploads\/2020\/07\/panta-de-marcet1-600x367.jpg 600w\" sizes=\"(max-width: 867px) 100vw, 867px\" \/>\t\t\t\t\t\t\t\t\t\t\t\t\t\t\t<\/div>\n\t\t\t\t<\/div>\n\t\t\t\t\t<\/div>\n\t\t<\/div>\n\t\t\t\t\t<\/div>\n\t\t<\/section>\n\t\t\t\t<section class=\"elementor-section elementor-top-section elementor-element elementor-element-090337d elementor-section-boxed elementor-section-height-default elementor-section-height-default\" data-id=\"090337d\" data-element_type=\"section\">\n\t\t\t\t\t\t<div class=\"elementor-container elementor-column-gap-default\">\n\t\t\t\t\t<div class=\"elementor-column elementor-col-100 elementor-top-column elementor-element elementor-element-10259a1\" data-id=\"10259a1\" data-element_type=\"column\">\n\t\t\t<div class=\"elementor-widget-wrap elementor-element-populated\">\n\t\t\t\t\t\t<div class=\"elementor-element elementor-element-67842ef elementor-widget elementor-widget-text-editor\" data-id=\"67842ef\" data-element_type=\"widget\" data-widget_type=\"text-editor.default\">\n\t\t\t\t<div class=\"elementor-widget-container\">\n\t\t\t\t\t\t\t\t\t<p>This small reservoir located in the <strong>Marcet stream <\/strong>is known to be one of the most visited places in <strong>Granera <\/strong>. A meeting place for families and friends who want to enjoy an afternoon outdoors and a moment of connection with nature.<\/p>\n<p>To get to <strong>Pant\u00e0 del Marcet<\/strong>, we advise you to do it by car or motorcycle, as you can park in a space of land, or else in summer time many leave the car on the roadside (without disturbing the vehicle). To get to the shore of the reservoir, the journey is short: from the moment you leave the car, you only have to walk 1 minute to reach the water. After that, it is up to you to find the place you like best to stay.<\/p>\n<p>During our visit to the reservoir, we discovered that many people like to go fishing and spend long hours enjoying this activity.<\/p>\n<p>If you want to enjoy an afternoon picnic on the shores of the reservoir, it is also another viable option (as long as we are environmentally responsible and respect the environment). Finally, although bathing is not recommended, in summer many bathers come here to beat the heat.<\/p>\t\t\t\t\t\t\t\t<\/div>\n\t\t\t\t<\/div>\n\t\t\t\t\t<\/div>\n\t\t<\/div>\n\t\t\t\t\t<\/div>\n\t\t<\/section>\n\t\t\t\t<section class=\"elementor-section elementor-top-section elementor-element elementor-element-720f730 elementor-section-boxed elementor-section-height-default elementor-section-height-default\" data-id=\"720f730\" data-element_type=\"section\">\n\t\t\t\t\t\t<div class=\"elementor-container elementor-column-gap-default\">\n\t\t\t\t\t<div class=\"elementor-column elementor-col-100 elementor-top-column elementor-element elementor-element-c1b3c1a\" data-id=\"c1b3c1a\" data-element_type=\"column\">\n\t\t\t<div class=\"elementor-widget-wrap elementor-element-populated\">\n\t\t\t\t\t\t<div class=\"elementor-element elementor-element-3eba48e elementor-widget elementor-widget-heading\" data-id=\"3eba48e\" data-element_type=\"widget\" data-widget_type=\"heading.default\">\n\t\t\t\t<div class=\"elementor-widget-container\">\n\t\t\t\t\t<h2 class=\"elementor-heading-title elementor-size-default\">Other routes that may also interest you...<\/h2>\t\t\t\t<\/div>\n\t\t\t\t<\/div>\n\t\t\t\t\t<\/div>\n\t\t<\/div>\n\t\t\t\t\t<\/div>\n\t\t<\/section>\n\t\t\t\t<section class=\"elementor-section elementor-top-section elementor-element elementor-element-daf482d elementor-section-boxed elementor-section-height-default elementor-section-height-default\" data-id=\"daf482d\" data-element_type=\"section\">\n\t\t\t\t\t\t<div class=\"elementor-container elementor-column-gap-default\">\n\t\t\t\t\t<div class=\"elementor-column elementor-col-100 elementor-top-column elementor-element elementor-element-5fdf9d7\" data-id=\"5fdf9d7\" data-element_type=\"column\">\n\t\t\t<div class=\"elementor-widget-wrap elementor-element-populated\">\n\t\t\t\t\t\t<div class=\"elementor-element elementor-element-651026c elementor-grid-4 elementor-grid-tablet-2 elementor-grid-mobile-1 elementor-posts--thumbnail-top elementor-widget elementor-widget-posts\" data-id=\"651026c\" data-element_type=\"widget\" data-settings=\"{&quot;classic_columns&quot;:&quot;4&quot;,&quot;classic_columns_tablet&quot;:&quot;2&quot;,&quot;classic_columns_mobile&quot;:&quot;1&quot;,&quot;classic_row_gap&quot;:{&quot;unit&quot;:&quot;px&quot;,&quot;size&quot;:35,&quot;sizes&quot;:[]},&quot;classic_row_gap_tablet&quot;:{&quot;unit&quot;:&quot;px&quot;,&quot;size&quot;:&quot;&quot;,&quot;sizes&quot;:[]},&quot;classic_row_gap_mobile&quot;:{&quot;unit&quot;:&quot;px&quot;,&quot;size&quot;:&quot;&quot;,&quot;sizes&quot;:[]}}\" data-widget_type=\"posts.classic\">\n\t\t\t\t<div class=\"elementor-widget-container\">\n\t\t\t\t\t\t\t<div class=\"elementor-posts-container elementor-posts elementor-posts--skin-classic elementor-grid\" role=\"list\">\n\t\t\t\t<article class=\"elementor-post elementor-grid-item post-16080 post type-post status-publish format-standard has-post-thumbnail hentry category-routes tag-rutas-barcelona-provincia tag-rutas-beget tag-rutas-berga tag-rutas-bergueda tag-rutas-castellar-de-nhug tag-rutas-cataluna\" role=\"listitem\">\n\t\t\t\t<a class=\"elementor-post__thumbnail__link\" href=\"https:\/\/www.willysplan.com\/en\/routes\/route-from-els-jardins-artigas-to-castellar-de-nhug\" tabindex=\"-1\" >\n\t\t\t<div class=\"elementor-post__thumbnail\"><img loading=\"lazy\" decoding=\"async\" width=\"300\" height=\"300\" src=\"https:\/\/www.willysplan.com\/wp-content\/uploads\/2020\/07\/Jardins-artigas21-300x300.jpg\" class=\"attachment-medium size-medium wp-image-13692\" alt=\"\" srcset=\"https:\/\/www.willysplan.com\/wp-content\/uploads\/2020\/07\/Jardins-artigas21-300x300.jpg 300w, https:\/\/www.willysplan.com\/wp-content\/uploads\/2020\/07\/Jardins-artigas21-1024x1024.jpg 1024w, https:\/\/www.willysplan.com\/wp-content\/uploads\/2020\/07\/Jardins-artigas21-150x150.jpg 150w, https:\/\/www.willysplan.com\/wp-content\/uploads\/2020\/07\/Jardins-artigas21-768x768.jpg 768w, https:\/\/www.willysplan.com\/wp-content\/uploads\/2020\/07\/Jardins-artigas21-480x480.jpg 480w, https:\/\/www.willysplan.com\/wp-content\/uploads\/2020\/07\/Jardins-artigas21-280x280.jpg 280w, https:\/\/www.willysplan.com\/wp-content\/uploads\/2020\/07\/Jardins-artigas21-960x960.jpg 960w, https:\/\/www.willysplan.com\/wp-content\/uploads\/2020\/07\/Jardins-artigas21-400x400.jpg 400w, https:\/\/www.willysplan.com\/wp-content\/uploads\/2020\/07\/Jardins-artigas21-585x585.jpg 585w, https:\/\/www.willysplan.com\/wp-content\/uploads\/2020\/07\/Jardins-artigas21-600x600.jpg 600w, https:\/\/www.willysplan.com\/wp-content\/uploads\/2020\/07\/Jardins-artigas21-100x100.jpg 100w, https:\/\/www.willysplan.com\/wp-content\/uploads\/2020\/07\/Jardins-artigas21.jpg 1080w\" sizes=\"(max-width: 300px) 100vw, 300px\" \/><\/div>\n\t\t<\/a>\n\t\t\t\t<div class=\"elementor-post__text\">\n\t\t\t\t<h4 class=\"elementor-post__title\">\n\t\t\t<a href=\"https:\/\/www.willysplan.com\/en\/routes\/route-from-els-jardins-artigas-to-castellar-de-nhug\" >\n\t\t\t\tRoute from els Jardins Artigas to Castellar de N&#8217;hug\t\t\t<\/a>\n\t\t<\/h4>\n\t\t\t\t<\/div>\n\t\t\t\t<\/article>\n\t\t\t\t<\/div>\n\t\t\n\t\t\t\t\t\t<\/div>\n\t\t\t\t<\/div>\n\t\t\t\t\t<\/div>\n\t\t<\/div>\n\t\t\t\t\t<\/div>\n\t\t<\/section>\n\t\t\t\t<\/div>\n\t\t","protected":false},"excerpt":{"rendered":"<p>This small rural village located in the region of Moian\u00e9s, is simply fantastic. It is like traveling back to medieval times in the 21st century.<\/p>\n","protected":false},"author":2,"featured_media":13706,"comment_status":"closed","ping_status":"closed","sticky":false,"template":"","format":"standard","meta":{"neve_meta_sidebar":"","neve_meta_container":"","neve_meta_enable_content_width":"","neve_meta_content_width":0,"neve_meta_title_alignment":"","neve_meta_author_avatar":"","neve_post_elements_order":"","neve_meta_disable_header":"","neve_meta_disable_footer":"","neve_meta_disable_title":"","_joinchat":[],"footnotes":""},"categories":[326],"tags":[375,363],"class_list":["post-15950","post","type-post","status-publish","format-standard","has-post-thumbnail","hentry","category-routes","tag-routes-barcelona-province","tag-routes-catalonia"],"yoast_head":"<!-- This site is optimized with the Yoast SEO Premium plugin v20.1 (Yoast SEO v26.9) - https:\/\/yoast.com\/product\/yoast-seo-premium-wordpress\/ -->\n<title>Route from Granera to Pant\u00e0 del Marcet - Willy&#039;s plan \u2705<\/title>\n<meta name=\"description\" content=\"Discover one of the best routes to do in Granera, Moian\u00e8s. Enjoy it visiting the sites of Granera, Castell de Granera and Pant\u00e0 del Marcet. \u2705\" \/>\n<meta name=\"robots\" content=\"index, follow, max-snippet:-1, max-image-preview:large, max-video-preview:-1\" \/>\n<link rel=\"canonical\" href=\"https:\/\/willysplan.com\/en\/routes\/route-from-granera-to-panta-del-marcet\" \/>\n<meta property=\"og:locale\" content=\"en_US\" \/>\n<meta property=\"og:type\" content=\"article\" \/>\n<meta property=\"og:title\" content=\"Route from Granera to Pant\u00e0 del Marcet\" \/>\n<meta property=\"og:description\" content=\"Discover one of the best routes to do in Granera, Moian\u00e8s. Enjoy it visiting the sites of Granera, Castell de Granera and Pant\u00e0 del Marcet. \u2705\" \/>\n<meta property=\"og:url\" content=\"https:\/\/willysplan.com\/en\/routes\/route-from-granera-to-panta-del-marcet\" \/>\n<meta property=\"og:site_name\" content=\"Willy&#039;s Plan \ud83c\udf43\" \/>\n<meta property=\"article:published_time\" content=\"2020-07-11T17:29:01+00:00\" \/>\n<meta property=\"article:modified_time\" content=\"2023-04-14T16:27:35+00:00\" \/>\n<meta property=\"og:image\" content=\"https:\/\/www.willysplan.com\/wp-content\/uploads\/2020\/07\/que-ver-en-granera1.jpg\" \/>\n\t<meta property=\"og:image:width\" content=\"1080\" \/>\n\t<meta property=\"og:image:height\" content=\"1080\" \/>\n\t<meta property=\"og:image:type\" content=\"image\/jpeg\" \/>\n<meta name=\"author\" content=\"Guillem Asensio\" \/>\n<meta name=\"twitter:card\" content=\"summary_large_image\" \/>\n<meta name=\"twitter:label1\" content=\"Written by\" \/>\n\t<meta name=\"twitter:data1\" content=\"Guillem Asensio\" \/>\n\t<meta name=\"twitter:label2\" content=\"Est. reading time\" \/>\n\t<meta name=\"twitter:data2\" content=\"6 minutes\" \/>\n<script type=\"application\/ld+json\" class=\"yoast-schema-graph\">{\"@context\":\"https:\/\/schema.org\",\"@graph\":[{\"@type\":\"Article\",\"@id\":\"https:\/\/willysplan.com\/en\/routes\/route-from-granera-to-panta-del-marcet#article\",\"isPartOf\":{\"@id\":\"https:\/\/www.willysplan.com\/en\/routes\/route-from-granera-to-panta-del-marcet\"},\"author\":{\"name\":\"Guillem Asensio\",\"@id\":\"https:\/\/www.willysplan.com\/#\/schema\/person\/6f2dbf2215cd25715df085907bd007c1\"},\"headline\":\"Route from Granera to Pant\u00e0 del Marcet\",\"datePublished\":\"2020-07-11T17:29:01+00:00\",\"dateModified\":\"2023-04-14T16:27:35+00:00\",\"mainEntityOfPage\":{\"@id\":\"https:\/\/www.willysplan.com\/en\/routes\/route-from-granera-to-panta-del-marcet\"},\"wordCount\":1141,\"publisher\":{\"@id\":\"https:\/\/www.willysplan.com\/#organization\"},\"image\":{\"@id\":\"https:\/\/willysplan.com\/en\/routes\/route-from-granera-to-panta-del-marcet#primaryimage\"},\"thumbnailUrl\":\"https:\/\/www.willysplan.com\/wp-content\/uploads\/2020\/07\/que-ver-en-granera1.jpg\",\"keywords\":[\"routes barcelona province\",\"routes catalonia\"],\"articleSection\":[\"routes\"],\"inLanguage\":\"en-US\"},{\"@type\":\"WebPage\",\"@id\":\"https:\/\/www.willysplan.com\/en\/routes\/route-from-granera-to-panta-del-marcet\",\"url\":\"https:\/\/willysplan.com\/en\/routes\/route-from-granera-to-panta-del-marcet\",\"name\":\"Route from Granera to Pant\u00e0 del Marcet - Willy's plan \u2705\",\"isPartOf\":{\"@id\":\"https:\/\/www.willysplan.com\/#website\"},\"primaryImageOfPage\":{\"@id\":\"https:\/\/willysplan.com\/en\/routes\/route-from-granera-to-panta-del-marcet#primaryimage\"},\"image\":{\"@id\":\"https:\/\/willysplan.com\/en\/routes\/route-from-granera-to-panta-del-marcet#primaryimage\"},\"thumbnailUrl\":\"https:\/\/www.willysplan.com\/wp-content\/uploads\/2020\/07\/que-ver-en-granera1.jpg\",\"datePublished\":\"2020-07-11T17:29:01+00:00\",\"dateModified\":\"2023-04-14T16:27:35+00:00\",\"description\":\"Discover one of the best routes to do in Granera, Moian\u00e8s. Enjoy it visiting the sites of Granera, Castell de Granera and Pant\u00e0 del Marcet. \u2705\",\"inLanguage\":\"en-US\",\"potentialAction\":[{\"@type\":\"ReadAction\",\"target\":[\"https:\/\/willysplan.com\/en\/routes\/route-from-granera-to-panta-del-marcet\"]}]},{\"@type\":\"ImageObject\",\"inLanguage\":\"en-US\",\"@id\":\"https:\/\/willysplan.com\/en\/routes\/route-from-granera-to-panta-del-marcet#primaryimage\",\"url\":\"https:\/\/www.willysplan.com\/wp-content\/uploads\/2020\/07\/que-ver-en-granera1.jpg\",\"contentUrl\":\"https:\/\/www.willysplan.com\/wp-content\/uploads\/2020\/07\/que-ver-en-granera1.jpg\",\"width\":1080,\"height\":1080},{\"@type\":\"WebSite\",\"@id\":\"https:\/\/www.willysplan.com\/#website\",\"url\":\"https:\/\/www.willysplan.com\/\",\"name\":\"Willy&#039;s Plan \ud83c\udf43\",\"description\":\"Tours y excursiones privadas por Catalu\u00f1a\",\"publisher\":{\"@id\":\"https:\/\/www.willysplan.com\/#organization\"},\"potentialAction\":[{\"@type\":\"SearchAction\",\"target\":{\"@type\":\"EntryPoint\",\"urlTemplate\":\"https:\/\/www.willysplan.com\/?s={search_term_string}\"},\"query-input\":{\"@type\":\"PropertyValueSpecification\",\"valueRequired\":true,\"valueName\":\"search_term_string\"}}],\"inLanguage\":\"en-US\"},{\"@type\":\"Organization\",\"@id\":\"https:\/\/www.willysplan.com\/#organization\",\"name\":\"Willy&#039;s Plan \ud83c\udf43\",\"url\":\"https:\/\/www.willysplan.com\/\",\"logo\":{\"@type\":\"ImageObject\",\"inLanguage\":\"en-US\",\"@id\":\"https:\/\/www.willysplan.com\/#\/schema\/logo\/image\/\",\"url\":\"https:\/\/www.willysplan.com\/wp-content\/uploads\/2020\/04\/cropped-logo-1.png\",\"contentUrl\":\"https:\/\/www.willysplan.com\/wp-content\/uploads\/2020\/04\/cropped-logo-1.png\",\"width\":332,\"height\":332,\"caption\":\"Willy&#039;s Plan \ud83c\udf43\"},\"image\":{\"@id\":\"https:\/\/www.willysplan.com\/#\/schema\/logo\/image\/\"}},{\"@type\":\"Person\",\"@id\":\"https:\/\/www.willysplan.com\/#\/schema\/person\/6f2dbf2215cd25715df085907bd007c1\",\"name\":\"Guillem Asensio\",\"image\":{\"@type\":\"ImageObject\",\"inLanguage\":\"en-US\",\"@id\":\"https:\/\/www.willysplan.com\/#\/schema\/person\/image\/\",\"url\":\"https:\/\/secure.gravatar.com\/avatar\/fd3f69da3e6cd8d451f6be79c127da046757b9a4c273deefb40b1291809cc787?s=96&d=mm&r=g\",\"contentUrl\":\"https:\/\/secure.gravatar.com\/avatar\/fd3f69da3e6cd8d451f6be79c127da046757b9a4c273deefb40b1291809cc787?s=96&d=mm&r=g\",\"caption\":\"Guillem Asensio\"},\"sameAs\":[\"https:\/\/willysplan.com\"],\"url\":\"https:\/\/www.willysplan.com\/en\/author\/willy\"}]}<\/script>\n<!-- \/ Yoast SEO Premium plugin. -->","yoast_head_json":{"title":"Route from Granera to Pant\u00e0 del Marcet - Willy's plan \u2705","description":"Discover one of the best routes to do in Granera, Moian\u00e8s. Enjoy it visiting the sites of Granera, Castell de Granera and Pant\u00e0 del Marcet. \u2705","robots":{"index":"index","follow":"follow","max-snippet":"max-snippet:-1","max-image-preview":"max-image-preview:large","max-video-preview":"max-video-preview:-1"},"canonical":"https:\/\/willysplan.com\/en\/routes\/route-from-granera-to-panta-del-marcet","og_locale":"en_US","og_type":"article","og_title":"Route from Granera to Pant\u00e0 del Marcet","og_description":"Discover one of the best routes to do in Granera, Moian\u00e8s. Enjoy it visiting the sites of Granera, Castell de Granera and Pant\u00e0 del Marcet. \u2705","og_url":"https:\/\/willysplan.com\/en\/routes\/route-from-granera-to-panta-del-marcet","og_site_name":"Willy&#039;s Plan \ud83c\udf43","article_published_time":"2020-07-11T17:29:01+00:00","article_modified_time":"2023-04-14T16:27:35+00:00","og_image":[{"width":1080,"height":1080,"url":"https:\/\/www.willysplan.com\/wp-content\/uploads\/2020\/07\/que-ver-en-granera1.jpg","type":"image\/jpeg"}],"author":"Guillem Asensio","twitter_card":"summary_large_image","twitter_misc":{"Written by":"Guillem Asensio","Est. reading time":"6 minutes"},"schema":{"@context":"https:\/\/schema.org","@graph":[{"@type":"Article","@id":"https:\/\/willysplan.com\/en\/routes\/route-from-granera-to-panta-del-marcet#article","isPartOf":{"@id":"https:\/\/www.willysplan.com\/en\/routes\/route-from-granera-to-panta-del-marcet"},"author":{"name":"Guillem Asensio","@id":"https:\/\/www.willysplan.com\/#\/schema\/person\/6f2dbf2215cd25715df085907bd007c1"},"headline":"Route from Granera to Pant\u00e0 del Marcet","datePublished":"2020-07-11T17:29:01+00:00","dateModified":"2023-04-14T16:27:35+00:00","mainEntityOfPage":{"@id":"https:\/\/www.willysplan.com\/en\/routes\/route-from-granera-to-panta-del-marcet"},"wordCount":1141,"publisher":{"@id":"https:\/\/www.willysplan.com\/#organization"},"image":{"@id":"https:\/\/willysplan.com\/en\/routes\/route-from-granera-to-panta-del-marcet#primaryimage"},"thumbnailUrl":"https:\/\/www.willysplan.com\/wp-content\/uploads\/2020\/07\/que-ver-en-granera1.jpg","keywords":["routes barcelona province","routes catalonia"],"articleSection":["routes"],"inLanguage":"en-US"},{"@type":"WebPage","@id":"https:\/\/www.willysplan.com\/en\/routes\/route-from-granera-to-panta-del-marcet","url":"https:\/\/willysplan.com\/en\/routes\/route-from-granera-to-panta-del-marcet","name":"Route from Granera to Pant\u00e0 del Marcet - Willy's plan \u2705","isPartOf":{"@id":"https:\/\/www.willysplan.com\/#website"},"primaryImageOfPage":{"@id":"https:\/\/willysplan.com\/en\/routes\/route-from-granera-to-panta-del-marcet#primaryimage"},"image":{"@id":"https:\/\/willysplan.com\/en\/routes\/route-from-granera-to-panta-del-marcet#primaryimage"},"thumbnailUrl":"https:\/\/www.willysplan.com\/wp-content\/uploads\/2020\/07\/que-ver-en-granera1.jpg","datePublished":"2020-07-11T17:29:01+00:00","dateModified":"2023-04-14T16:27:35+00:00","description":"Discover one of the best routes to do in Granera, Moian\u00e8s. Enjoy it visiting the sites of Granera, Castell de Granera and Pant\u00e0 del Marcet. \u2705","inLanguage":"en-US","potentialAction":[{"@type":"ReadAction","target":["https:\/\/willysplan.com\/en\/routes\/route-from-granera-to-panta-del-marcet"]}]},{"@type":"ImageObject","inLanguage":"en-US","@id":"https:\/\/willysplan.com\/en\/routes\/route-from-granera-to-panta-del-marcet#primaryimage","url":"https:\/\/www.willysplan.com\/wp-content\/uploads\/2020\/07\/que-ver-en-granera1.jpg","contentUrl":"https:\/\/www.willysplan.com\/wp-content\/uploads\/2020\/07\/que-ver-en-granera1.jpg","width":1080,"height":1080},{"@type":"WebSite","@id":"https:\/\/www.willysplan.com\/#website","url":"https:\/\/www.willysplan.com\/","name":"Willy&#039;s Plan \ud83c\udf43","description":"Tours y excursiones privadas por Catalu\u00f1a","publisher":{"@id":"https:\/\/www.willysplan.com\/#organization"},"potentialAction":[{"@type":"SearchAction","target":{"@type":"EntryPoint","urlTemplate":"https:\/\/www.willysplan.com\/?s={search_term_string}"},"query-input":{"@type":"PropertyValueSpecification","valueRequired":true,"valueName":"search_term_string"}}],"inLanguage":"en-US"},{"@type":"Organization","@id":"https:\/\/www.willysplan.com\/#organization","name":"Willy&#039;s Plan \ud83c\udf43","url":"https:\/\/www.willysplan.com\/","logo":{"@type":"ImageObject","inLanguage":"en-US","@id":"https:\/\/www.willysplan.com\/#\/schema\/logo\/image\/","url":"https:\/\/www.willysplan.com\/wp-content\/uploads\/2020\/04\/cropped-logo-1.png","contentUrl":"https:\/\/www.willysplan.com\/wp-content\/uploads\/2020\/04\/cropped-logo-1.png","width":332,"height":332,"caption":"Willy&#039;s Plan \ud83c\udf43"},"image":{"@id":"https:\/\/www.willysplan.com\/#\/schema\/logo\/image\/"}},{"@type":"Person","@id":"https:\/\/www.willysplan.com\/#\/schema\/person\/6f2dbf2215cd25715df085907bd007c1","name":"Guillem Asensio","image":{"@type":"ImageObject","inLanguage":"en-US","@id":"https:\/\/www.willysplan.com\/#\/schema\/person\/image\/","url":"https:\/\/secure.gravatar.com\/avatar\/fd3f69da3e6cd8d451f6be79c127da046757b9a4c273deefb40b1291809cc787?s=96&d=mm&r=g","contentUrl":"https:\/\/secure.gravatar.com\/avatar\/fd3f69da3e6cd8d451f6be79c127da046757b9a4c273deefb40b1291809cc787?s=96&d=mm&r=g","caption":"Guillem Asensio"},"sameAs":["https:\/\/willysplan.com"],"url":"https:\/\/www.willysplan.com\/en\/author\/willy"}]}},"_links":{"self":[{"href":"https:\/\/www.willysplan.com\/en\/wp-json\/wp\/v2\/posts\/15950","targetHints":{"allow":["GET"]}}],"collection":[{"href":"https:\/\/www.willysplan.com\/en\/wp-json\/wp\/v2\/posts"}],"about":[{"href":"https:\/\/www.willysplan.com\/en\/wp-json\/wp\/v2\/types\/post"}],"author":[{"embeddable":true,"href":"https:\/\/www.willysplan.com\/en\/wp-json\/wp\/v2\/users\/2"}],"replies":[{"embeddable":true,"href":"https:\/\/www.willysplan.com\/en\/wp-json\/wp\/v2\/comments?post=15950"}],"version-history":[{"count":6,"href":"https:\/\/www.willysplan.com\/en\/wp-json\/wp\/v2\/posts\/15950\/revisions"}],"predecessor-version":[{"id":18218,"href":"https:\/\/www.willysplan.com\/en\/wp-json\/wp\/v2\/posts\/15950\/revisions\/18218"}],"wp:featuredmedia":[{"embeddable":true,"href":"https:\/\/www.willysplan.com\/en\/wp-json\/wp\/v2\/media\/13706"}],"wp:attachment":[{"href":"https:\/\/www.willysplan.com\/en\/wp-json\/wp\/v2\/media?parent=15950"}],"wp:term":[{"taxonomy":"category","embeddable":true,"href":"https:\/\/www.willysplan.com\/en\/wp-json\/wp\/v2\/categories?post=15950"},{"taxonomy":"post_tag","embeddable":true,"href":"https:\/\/www.willysplan.com\/en\/wp-json\/wp\/v2\/tags?post=15950"}],"curies":[{"name":"wp","href":"https:\/\/api.w.org\/{rel}","templated":true}]}}