{"id":23778,"date":"2024-07-10T12:55:01","date_gmt":"2024-07-10T11:55:01","guid":{"rendered":"https:\/\/willysplan.com\/uncategorized-ca\/historia-de-la-barceloneta-que-ver-y-que-hacer"},"modified":"2024-07-10T13:17:34","modified_gmt":"2024-07-10T12:17:34","slug":"historia-de-la-barceloneta-que-veure-i-que-fer","status":"publish","type":"post","link":"https:\/\/www.willysplan.com\/ca\/idees\/historia-de-la-barceloneta-que-veure-i-que-fer","title":{"rendered":"Hist\u00f2ria de La Barceloneta: Qu\u00e8 veure i qu\u00e8 fer"},"content":{"rendered":"\t\t<div data-elementor-type=\"wp-post\" data-elementor-id=\"23778\" class=\"elementor elementor-23778 elementor-23667\" data-elementor-post-type=\"post\">\n\t\t\t\t\t\t<section class=\"elementor-section elementor-top-section elementor-element elementor-element-671cd3c elementor-section-boxed elementor-section-height-default elementor-section-height-default\" data-id=\"671cd3c\" data-element_type=\"section\">\n\t\t\t\t\t\t<div class=\"elementor-container elementor-column-gap-default\">\n\t\t\t\t\t<div class=\"elementor-column elementor-col-100 elementor-top-column elementor-element elementor-element-eaffc38\" data-id=\"eaffc38\" data-element_type=\"column\">\n\t\t\t<div class=\"elementor-widget-wrap elementor-element-populated\">\n\t\t\t\t\t\t<div class=\"elementor-element elementor-element-ac561a4 elementor-widget elementor-widget-text-editor\" data-id=\"ac561a4\" data-element_type=\"widget\" data-widget_type=\"text-editor.default\">\n\t\t\t\t<div class=\"elementor-widget-container\">\n\t\t\t\t\t\t\t\t\t<p>Coneixes la hist\u00f2ria de La Barceloneta? Saps per qu\u00e8 se&#8217;n diu el barri pescador de Barcelona? Coneixes els seus principals atractius tur\u00edstics? Nosaltres t&#8217;ho expliquem!<\/p><p>El barri de La Barceloneta es troba situat a la vora del mar Mediterrani i aix\u00f2 va ser el que va donar la seva tradici\u00f3 i ess\u00e8ncia marinera. Aqu\u00ed es realitzaven tota mena d&#8217;oficis i tasques relacionades amb el mar, fins que aquest espai es va convertir en una de les destinacions tur\u00edstiques m\u00e9s importants de la Ciutat Comtal, per\u00f2 per qu\u00e8?<\/p><p>A Willy&#8217;s Plan, oferim el tour per La Barceloneta perqu\u00e8 pugueu descobrir tots els secrets d&#8217;aquest barri, de la m\u00e0 d&#8217;un guia local. Tot i aix\u00f2, a continuaci\u00f3, explicarem una mica m\u00e9s sobre La Barceloneta: la seva hist\u00f2ria i qu\u00e8 veure.<\/p>\t\t\t\t\t\t\t\t<\/div>\n\t\t\t\t<\/div>\n\t\t\t\t\t<\/div>\n\t\t<\/div>\n\t\t\t\t\t<\/div>\n\t\t<\/section>\n\t\t\t\t<section class=\"elementor-section elementor-top-section elementor-element elementor-element-36fe8d4 elementor-section-boxed elementor-section-height-default elementor-section-height-default\" data-id=\"36fe8d4\" data-element_type=\"section\">\n\t\t\t\t\t\t<div class=\"elementor-container elementor-column-gap-default\">\n\t\t\t\t\t<div class=\"elementor-column elementor-col-100 elementor-top-column elementor-element elementor-element-da527a3\" data-id=\"da527a3\" data-element_type=\"column\">\n\t\t\t<div class=\"elementor-widget-wrap elementor-element-populated\">\n\t\t\t\t\t\t<div class=\"elementor-element elementor-element-005077d elementor-widget elementor-widget-heading\" data-id=\"005077d\" data-element_type=\"widget\" data-widget_type=\"heading.default\">\n\t\t\t\t<div class=\"elementor-widget-container\">\n\t\t\t\t\t<h2 class=\"elementor-heading-title elementor-size-default\">Hist\u00f2ria de la Barceloneta<\/h2>\t\t\t\t<\/div>\n\t\t\t\t<\/div>\n\t\t\t\t\t<\/div>\n\t\t<\/div>\n\t\t\t\t\t<\/div>\n\t\t<\/section>\n\t\t\t\t<section class=\"elementor-section elementor-top-section elementor-element elementor-element-7f4c7b3 elementor-section-boxed elementor-section-height-default elementor-section-height-default\" data-id=\"7f4c7b3\" data-element_type=\"section\">\n\t\t\t\t\t\t<div class=\"elementor-container elementor-column-gap-default\">\n\t\t\t\t\t<div class=\"elementor-column elementor-col-100 elementor-top-column elementor-element elementor-element-6186e27\" data-id=\"6186e27\" data-element_type=\"column\">\n\t\t\t<div class=\"elementor-widget-wrap elementor-element-populated\">\n\t\t\t\t\t\t<div class=\"elementor-element elementor-element-f148a1d elementor-widget elementor-widget-text-editor\" data-id=\"f148a1d\" data-element_type=\"widget\" data-widget_type=\"text-editor.default\">\n\t\t\t\t<div class=\"elementor-widget-container\">\n\t\t\t\t\t\t\t\t\t<p>La Barceloneta \u00e9s un dels barris m\u00e9s estimats de Barcelona, \u200b\u200bsituat al costat del mar, al districte de Port Vell. El seu encant es basa en la seva hist\u00f2ria marinera i el seu ambient acollidor, que contrasta amb l&#8217;enrenou de la gran ciutat.<\/p><p>Inicialment, aquest barri era la llar dels pescadors fins que, al segle XVIII, es va construir per reallotjar els habitants de la Ribera, les cases dels quals van ser demolides per donar pas a la Ciutadella. Durant molt de temps, la pesca i la ind\u00fastria relacionada van dominar La Barceloneta antiga, fins que la prohibici\u00f3 de la industrialitzaci\u00f3 dins de les muralles de Barcelona va fer que les f\u00e0briques s&#8217;assentessin a la perif\u00e8ria, inclosa La Barceloneta, on la metal\u00b7l\u00fargia va tenir el seu apogeu.<\/p><p>La transformaci\u00f3 definitiva va passar amb la demolici\u00f3 de les muralles i la construcci\u00f3 dels banys de Sant Sebasti\u00e0 el 1928, convertint el barri de la Barceloneta en un atractiu tur\u00edstic. El desenvolupament es va accelerar amb l&#8217;arribada del Port Ol\u00edmpic i les reformes per als Jocs Ol\u00edmpics del 1992.<\/p><p>Avui La Barceloneta de Barcelona \u00e9s una barreja de tradici\u00f3 i modernitat. Els seus carrers estrets i cases antigues contrasten amb la zona costanera moderna, molt visitada pels turistes, on hi abunden els bars, restaurants i la vida nocturna. Tot i la popularitat tur\u00edstica, el barri conserva les seves arrels, amb l&#8217;arribada di\u00e0ria de vaixells pesquers i la subhasta de peix fresc.<\/p><p>A m\u00e9s, la vida social del barri s&#8217;anima durant la Festa Major de Sant Miquel a finals de setembre, amb desfilades, correfocs i havaneres a la platja.<\/p>\t\t\t\t\t\t\t\t<\/div>\n\t\t\t\t<\/div>\n\t\t\t\t\t<\/div>\n\t\t<\/div>\n\t\t\t\t\t<\/div>\n\t\t<\/section>\n\t\t\t\t<section class=\"elementor-section elementor-top-section elementor-element elementor-element-cf26dc9 elementor-section-boxed elementor-section-height-default elementor-section-height-default\" data-id=\"cf26dc9\" data-element_type=\"section\">\n\t\t\t\t\t\t<div class=\"elementor-container elementor-column-gap-default\">\n\t\t\t\t\t<div class=\"elementor-column elementor-col-100 elementor-top-column elementor-element elementor-element-5689fda\" data-id=\"5689fda\" data-element_type=\"column\">\n\t\t\t<div class=\"elementor-widget-wrap elementor-element-populated\">\n\t\t\t\t\t\t<div class=\"elementor-element elementor-element-0d50f97 elementor-widget elementor-widget-heading\" data-id=\"0d50f97\" data-element_type=\"widget\" data-widget_type=\"heading.default\">\n\t\t\t\t<div class=\"elementor-widget-container\">\n\t\t\t\t\t<h2 class=\"elementor-heading-title elementor-size-default\">Qu\u00e8 veure i fer al barri de La Barceloneta?<\/h2>\t\t\t\t<\/div>\n\t\t\t\t<\/div>\n\t\t\t\t<div class=\"elementor-element elementor-element-32706b4 elementor-widget elementor-widget-text-editor\" data-id=\"32706b4\" data-element_type=\"widget\" data-widget_type=\"text-editor.default\">\n\t\t\t\t<div class=\"elementor-widget-container\">\n\t\t\t\t\t\t\t\t\t<p>Ara que ja saps qu\u00e8 \u00e9s la Barceloneta i quina \u00e9s la seva hist\u00f2ria, t&#8217;explicarem tot el que pots veure i fer en aquest barri durant les vacances.<\/p>\t\t\t\t\t\t\t\t<\/div>\n\t\t\t\t<\/div>\n\t\t\t\t<div class=\"elementor-element elementor-element-ec10ffc elementor-widget elementor-widget-heading\" data-id=\"ec10ffc\" data-element_type=\"widget\" data-widget_type=\"heading.default\">\n\t\t\t\t<div class=\"elementor-widget-container\">\n\t\t\t\t\t<h3 class=\"elementor-heading-title elementor-size-default\">1. La platja de la Barceloneta<\/h3>\t\t\t\t<\/div>\n\t\t\t\t<\/div>\n\t\t\t\t\t<\/div>\n\t\t<\/div>\n\t\t\t\t\t<\/div>\n\t\t<\/section>\n\t\t\t\t<section class=\"elementor-section elementor-top-section elementor-element elementor-element-36de432 elementor-section-boxed elementor-section-height-default elementor-section-height-default\" data-id=\"36de432\" data-element_type=\"section\">\n\t\t\t\t\t\t<div class=\"elementor-container elementor-column-gap-default\">\n\t\t\t\t\t<div class=\"elementor-column elementor-col-50 elementor-top-column elementor-element elementor-element-30a85ea\" data-id=\"30a85ea\" data-element_type=\"column\">\n\t\t\t<div class=\"elementor-widget-wrap elementor-element-populated\">\n\t\t\t\t\t\t<div class=\"elementor-element elementor-element-254baa4 elementor-widget elementor-widget-image\" data-id=\"254baa4\" data-element_type=\"widget\" data-widget_type=\"image.default\">\n\t\t\t\t<div class=\"elementor-widget-container\">\n\t\t\t\t\t\t\t\t\t\t\t\t\t\t\t<img fetchpriority=\"high\" decoding=\"async\" width=\"523\" height=\"294\" src=\"https:\/\/www.willysplan.com\/wp-content\/uploads\/2024\/07\/La-playa-de-la-Barceloneta.jpg\" class=\"attachment-medium_large size-medium_large wp-image-23755\" alt=\"La playa de la Barceloneta\" srcset=\"https:\/\/www.willysplan.com\/wp-content\/uploads\/2024\/07\/La-playa-de-la-Barceloneta.jpg 523w, https:\/\/www.willysplan.com\/wp-content\/uploads\/2024\/07\/La-playa-de-la-Barceloneta-300x169.jpg 300w\" sizes=\"(max-width: 523px) 100vw, 523px\" \/>\t\t\t\t\t\t\t\t\t\t\t\t\t\t\t<\/div>\n\t\t\t\t<\/div>\n\t\t\t\t\t<\/div>\n\t\t<\/div>\n\t\t\t\t<div class=\"elementor-column elementor-col-50 elementor-top-column elementor-element elementor-element-391cda5\" data-id=\"391cda5\" data-element_type=\"column\">\n\t\t\t<div class=\"elementor-widget-wrap elementor-element-populated\">\n\t\t\t\t\t\t<div class=\"elementor-element elementor-element-b390bb5 elementor-widget elementor-widget-google_maps\" data-id=\"b390bb5\" data-element_type=\"widget\" data-widget_type=\"google_maps.default\">\n\t\t\t\t<div class=\"elementor-widget-container\">\n\t\t\t\t\t\t\t<div class=\"elementor-custom-embed\">\n\t\t\t<iframe loading=\"lazy\"\n\t\t\t\t\tsrc=\"https:\/\/maps.google.com\/maps?q=La%20playa%20de%20la%20Barceloneta&#038;t=m&#038;z=13&#038;output=embed&#038;iwloc=near\"\n\t\t\t\t\ttitle=\"La playa de la Barceloneta\"\n\t\t\t\t\taria-label=\"La playa de la Barceloneta\"\n\t\t\t><\/iframe>\n\t\t<\/div>\n\t\t\t\t\t\t<\/div>\n\t\t\t\t<\/div>\n\t\t\t\t\t<\/div>\n\t\t<\/div>\n\t\t\t\t\t<\/div>\n\t\t<\/section>\n\t\t\t\t<section class=\"elementor-section elementor-top-section elementor-element elementor-element-090337d elementor-section-boxed elementor-section-height-default elementor-section-height-default\" data-id=\"090337d\" data-element_type=\"section\">\n\t\t\t\t\t\t<div class=\"elementor-container elementor-column-gap-default\">\n\t\t\t\t\t<div class=\"elementor-column elementor-col-100 elementor-top-column elementor-element elementor-element-10259a1\" data-id=\"10259a1\" data-element_type=\"column\">\n\t\t\t<div class=\"elementor-widget-wrap elementor-element-populated\">\n\t\t\t\t\t\t<div class=\"elementor-element elementor-element-67842ef elementor-widget elementor-widget-text-editor\" data-id=\"67842ef\" data-element_type=\"widget\" data-widget_type=\"text-editor.default\">\n\t\t\t\t<div class=\"elementor-widget-container\">\n\t\t\t\t\t\t\t\t\t<p>La platja de la Barceloneta \u00e9s una de les m\u00e9s famoses de la ciutat, encara que la seva popularitat comporta algunes coses dolentes, com les multituds, robatoris i certa inseguretat.<\/p><p>Tot i aix\u00f2, aquesta zona \u00e9s coneguda per la seva bellesa natural i una \u00e0mplia oferta de restaurants que serveixen una varietat de menjar i beguda.<\/p>\t\t\t\t\t\t\t\t<\/div>\n\t\t\t\t<\/div>\n\t\t\t\t\t<\/div>\n\t\t<\/div>\n\t\t\t\t\t<\/div>\n\t\t<\/section>\n\t\t\t\t<section class=\"elementor-section elementor-top-section elementor-element elementor-element-bcd2741 elementor-section-boxed elementor-section-height-default elementor-section-height-default\" data-id=\"bcd2741\" data-element_type=\"section\">\n\t\t\t\t\t\t<div class=\"elementor-container elementor-column-gap-default\">\n\t\t\t\t\t<div class=\"elementor-column elementor-col-100 elementor-top-column elementor-element elementor-element-a6f1b89\" data-id=\"a6f1b89\" data-element_type=\"column\">\n\t\t\t<div class=\"elementor-widget-wrap elementor-element-populated\">\n\t\t\t\t\t\t<div class=\"elementor-element elementor-element-01d1728 elementor-cta--layout-image-left elementor-cta--valign-middle elementor-hidden-mobile elementor-cta--skin-classic elementor-animated-content elementor-widget elementor-widget-call-to-action\" data-id=\"01d1728\" data-element_type=\"widget\" data-widget_type=\"call-to-action.default\">\n\t\t\t\t<div class=\"elementor-widget-container\">\n\t\t\t\t\t\t\t<a class=\"elementor-cta\" href=\"https:\/\/www.willysplan.com\/ca\/tours-privados-barcelona\/tour-pel-barri-gotic-de-barcelona\">\n\t\t\t\t\t<div class=\"elementor-cta__bg-wrapper\">\n\t\t\t\t<div class=\"elementor-cta__bg elementor-bg\" style=\"background-image: url(https:\/\/www.willysplan.com\/wp-content\/uploads\/2022\/06\/barrio-gotico-noche.webp);\" role=\"img\" aria-label=\"barrio-gotico-noche\"><\/div>\n\t\t\t\t<div class=\"elementor-cta__bg-overlay\"><\/div>\n\t\t\t<\/div>\n\t\t\t\t\t\t\t<div class=\"elementor-cta__content\">\n\t\t\t\t\n\t\t\t\t\t\t\t\t\t<h2 class=\"elementor-cta__title elementor-cta__content-item elementor-content-item\">\n\t\t\t\t\t\tTour pel Barri G\u00f2tic de Barcelona\t\t\t\t\t<\/h2>\n\t\t\t\t\n\t\t\t\t\t\t\t\t\t<div class=\"elementor-cta__description elementor-cta__content-item elementor-content-item\">\n\t\t\t\t\t\t\u2b50\u2b50\u2b50\u2b50\u2b50<br><br>\ud83d\udd50 2 horas.<br>\ud83d\udcac Espa\u00f1ol, Ingl\u00e9s, Italiano, Franc\u00e9s, Portugu\u00e9s, Alem\u00e1n, Chino, Ruso y \u00c1rabe.<br>\u2714 Cancelaci\u00f3n gratuita.\t\t\t\t\t<\/div>\n\t\t\t\t\n\t\t\t\t\t\t\t<\/div>\n\t\t\t\t\t\t\t<div class=\"elementor-ribbon elementor-ribbon-right\">\n\t\t\t\t<div class=\"elementor-ribbon-inner\">\n\t\t\t\t\tDesde 70\u20ac\t\t\t\t<\/div>\n\t\t\t<\/div>\n\t\t\t\t<\/a>\n\t\t\t\t\t\t<\/div>\n\t\t\t\t<\/div>\n\t\t\t\t\t<\/div>\n\t\t<\/div>\n\t\t\t\t\t<\/div>\n\t\t<\/section>\n\t\t\t\t<section class=\"elementor-section elementor-top-section elementor-element elementor-element-adc6b60 elementor-section-boxed elementor-section-height-default elementor-section-height-default\" data-id=\"adc6b60\" data-element_type=\"section\">\n\t\t\t\t\t\t<div class=\"elementor-container elementor-column-gap-default\">\n\t\t\t\t\t<div class=\"elementor-column elementor-col-100 elementor-top-column elementor-element elementor-element-a95bd13\" data-id=\"a95bd13\" data-element_type=\"column\">\n\t\t\t<div class=\"elementor-widget-wrap elementor-element-populated\">\n\t\t\t\t\t\t<div class=\"elementor-element elementor-element-ef0c3bd elementor-cta--layout-image-above elementor-cta--valign-middle elementor-cta--mobile-layout-image-above elementor-hidden-desktop elementor-hidden-tablet elementor-cta--skin-classic elementor-animated-content elementor-widget elementor-widget-call-to-action\" data-id=\"ef0c3bd\" data-element_type=\"widget\" data-widget_type=\"call-to-action.default\">\n\t\t\t\t<div class=\"elementor-widget-container\">\n\t\t\t\t\t\t\t<a class=\"elementor-cta\" href=\"https:\/\/www.willysplan.com\/ca\/tours-privados-barcelona\/tour-pel-barri-gotic-de-barcelona\">\n\t\t\t\t\t<div class=\"elementor-cta__bg-wrapper\">\n\t\t\t\t<div class=\"elementor-cta__bg elementor-bg\" style=\"background-image: url(https:\/\/www.willysplan.com\/wp-content\/uploads\/2022\/06\/barrio-gotico-noche.webp);\" role=\"img\" aria-label=\"barrio-gotico-noche\"><\/div>\n\t\t\t\t<div class=\"elementor-cta__bg-overlay\"><\/div>\n\t\t\t<\/div>\n\t\t\t\t\t\t\t<div class=\"elementor-cta__content\">\n\t\t\t\t\n\t\t\t\t\t\t\t\t\t<h2 class=\"elementor-cta__title elementor-cta__content-item elementor-content-item\">\n\t\t\t\t\t\tTour pel Barri G\u00f2tic de Barcelona\t\t\t\t\t<\/h2>\n\t\t\t\t\n\t\t\t\t\t\t\t\t\t<div class=\"elementor-cta__description elementor-cta__content-item elementor-content-item\">\n\t\t\t\t\t\t\u2b50\u2b50\u2b50\u2b50\u2b50<br><br>\ud83d\udd50 2 horas.<br>\ud83d\udcac Espa\u00f1ol, Ingl\u00e9s, Italiano, Franc\u00e9s, Portugu\u00e9s, Alem\u00e1n, Chino, Ruso y \u00c1rabe.<br>\u2714 Cancelaci\u00f3n gratuita.\t\t\t\t\t<\/div>\n\t\t\t\t\n\t\t\t\t\t\t\t<\/div>\n\t\t\t\t\t\t\t<div class=\"elementor-ribbon elementor-ribbon-right\">\n\t\t\t\t<div class=\"elementor-ribbon-inner\">\n\t\t\t\t\tDesde 70\u20ac\t\t\t\t<\/div>\n\t\t\t<\/div>\n\t\t\t\t<\/a>\n\t\t\t\t\t\t<\/div>\n\t\t\t\t<\/div>\n\t\t\t\t\t<\/div>\n\t\t<\/div>\n\t\t\t\t\t<\/div>\n\t\t<\/section>\n\t\t\t\t<section class=\"elementor-section elementor-top-section elementor-element elementor-element-ba72905 elementor-section-boxed elementor-section-height-default elementor-section-height-default\" data-id=\"ba72905\" data-element_type=\"section\">\n\t\t\t\t\t\t<div class=\"elementor-container elementor-column-gap-default\">\n\t\t\t\t\t<div class=\"elementor-column elementor-col-100 elementor-top-column elementor-element elementor-element-206c7fb\" data-id=\"206c7fb\" data-element_type=\"column\">\n\t\t\t<div class=\"elementor-widget-wrap elementor-element-populated\">\n\t\t\t\t\t\t<div class=\"elementor-element elementor-element-b6eb005 elementor-align-center elementor-widget elementor-widget-button\" data-id=\"b6eb005\" data-element_type=\"widget\" data-widget_type=\"button.default\">\n\t\t\t\t<div class=\"elementor-widget-container\">\n\t\t\t\t\t\t\t\t\t<div class=\"elementor-button-wrapper\">\n\t\t\t\t\t<a class=\"elementor-button elementor-button-link elementor-size-md\" href=\"https:\/\/www.willysplan.com\/ca\/tours-privats-a-barcelona\">\n\t\t\t\t\t\t<span class=\"elementor-button-content-wrapper\">\n\t\t\t\t\t\t\t\t\t<span class=\"elementor-button-text\">Veure tots els nostres tours privats<\/span>\n\t\t\t\t\t<\/span>\n\t\t\t\t\t<\/a>\n\t\t\t\t<\/div>\n\t\t\t\t\t\t\t\t<\/div>\n\t\t\t\t<\/div>\n\t\t\t\t\t<\/div>\n\t\t<\/div>\n\t\t\t\t\t<\/div>\n\t\t<\/section>\n\t\t\t\t<section class=\"elementor-section elementor-top-section elementor-element elementor-element-228dd78 elementor-section-boxed elementor-section-height-default elementor-section-height-default\" data-id=\"228dd78\" data-element_type=\"section\">\n\t\t\t\t\t\t<div class=\"elementor-container elementor-column-gap-default\">\n\t\t\t\t\t<div class=\"elementor-column elementor-col-100 elementor-top-column elementor-element elementor-element-6fe37a6\" data-id=\"6fe37a6\" data-element_type=\"column\">\n\t\t\t<div class=\"elementor-widget-wrap elementor-element-populated\">\n\t\t\t\t\t\t<div class=\"elementor-element elementor-element-c9dcbd0 elementor-widget elementor-widget-heading\" data-id=\"c9dcbd0\" data-element_type=\"widget\" data-widget_type=\"heading.default\">\n\t\t\t\t<div class=\"elementor-widget-container\">\n\t\t\t\t\t<h3 class=\"elementor-heading-title elementor-size-default\">2. L'esgl\u00e9sia de Sant Miquel del Port<\/h3>\t\t\t\t<\/div>\n\t\t\t\t<\/div>\n\t\t\t\t\t<\/div>\n\t\t<\/div>\n\t\t\t\t\t<\/div>\n\t\t<\/section>\n\t\t\t\t<section class=\"elementor-section elementor-top-section elementor-element elementor-element-9dde891 elementor-section-boxed elementor-section-height-default elementor-section-height-default\" data-id=\"9dde891\" data-element_type=\"section\">\n\t\t\t\t\t\t<div class=\"elementor-container elementor-column-gap-default\">\n\t\t\t\t\t<div class=\"elementor-column elementor-col-50 elementor-top-column elementor-element elementor-element-efd1b5f\" data-id=\"efd1b5f\" data-element_type=\"column\">\n\t\t\t<div class=\"elementor-widget-wrap elementor-element-populated\">\n\t\t\t\t\t\t<div class=\"elementor-element elementor-element-52923a4 elementor-widget elementor-widget-image\" data-id=\"52923a4\" data-element_type=\"widget\" data-widget_type=\"image.default\">\n\t\t\t\t<div class=\"elementor-widget-container\">\n\t\t\t\t\t\t\t\t\t\t\t\t\t\t\t<img decoding=\"async\" width=\"1024\" height=\"768\" src=\"https:\/\/www.willysplan.com\/wp-content\/uploads\/2024\/07\/La-iglesia-de-Sant-Miquel-del-Port-1024x768.jpg\" class=\"attachment-large size-large wp-image-23758\" alt=\"La iglesia de Sant Miquel del Port\" srcset=\"https:\/\/www.willysplan.com\/wp-content\/uploads\/2024\/07\/La-iglesia-de-Sant-Miquel-del-Port-1024x768.jpg 1024w, https:\/\/www.willysplan.com\/wp-content\/uploads\/2024\/07\/La-iglesia-de-Sant-Miquel-del-Port-300x225.jpg 300w, https:\/\/www.willysplan.com\/wp-content\/uploads\/2024\/07\/La-iglesia-de-Sant-Miquel-del-Port-768x576.jpg 768w, https:\/\/www.willysplan.com\/wp-content\/uploads\/2024\/07\/La-iglesia-de-Sant-Miquel-del-Port-1536x1152.jpg 1536w, https:\/\/www.willysplan.com\/wp-content\/uploads\/2024\/07\/La-iglesia-de-Sant-Miquel-del-Port-600x450.jpg 600w, https:\/\/www.willysplan.com\/wp-content\/uploads\/2024\/07\/La-iglesia-de-Sant-Miquel-del-Port.jpg 2048w\" sizes=\"(max-width: 1024px) 100vw, 1024px\" \/>\t\t\t\t\t\t\t\t\t\t\t\t\t\t\t<\/div>\n\t\t\t\t<\/div>\n\t\t\t\t\t<\/div>\n\t\t<\/div>\n\t\t\t\t<div class=\"elementor-column elementor-col-50 elementor-top-column elementor-element elementor-element-a40f723\" data-id=\"a40f723\" data-element_type=\"column\">\n\t\t\t<div class=\"elementor-widget-wrap elementor-element-populated\">\n\t\t\t\t\t\t<div class=\"elementor-element elementor-element-8ebd04f elementor-widget elementor-widget-google_maps\" data-id=\"8ebd04f\" data-element_type=\"widget\" data-widget_type=\"google_maps.default\">\n\t\t\t\t<div class=\"elementor-widget-container\">\n\t\t\t\t\t\t\t<div class=\"elementor-custom-embed\">\n\t\t\t<iframe loading=\"lazy\"\n\t\t\t\t\tsrc=\"https:\/\/maps.google.com\/maps?q=La%20iglesia%20de%20Sant%20Miquel%20del%20Port&#038;t=m&#038;z=12&#038;output=embed&#038;iwloc=near\"\n\t\t\t\t\ttitle=\"La iglesia de Sant Miquel del Port\"\n\t\t\t\t\taria-label=\"La iglesia de Sant Miquel del Port\"\n\t\t\t><\/iframe>\n\t\t<\/div>\n\t\t\t\t\t\t<\/div>\n\t\t\t\t<\/div>\n\t\t\t\t\t<\/div>\n\t\t<\/div>\n\t\t\t\t\t<\/div>\n\t\t<\/section>\n\t\t\t\t<section class=\"elementor-section elementor-top-section elementor-element elementor-element-649f78d elementor-section-boxed elementor-section-height-default elementor-section-height-default\" data-id=\"649f78d\" data-element_type=\"section\">\n\t\t\t\t\t\t<div class=\"elementor-container elementor-column-gap-default\">\n\t\t\t\t\t<div class=\"elementor-column elementor-col-100 elementor-top-column elementor-element elementor-element-bd8f266\" data-id=\"bd8f266\" data-element_type=\"column\">\n\t\t\t<div class=\"elementor-widget-wrap elementor-element-populated\">\n\t\t\t\t\t\t<div class=\"elementor-element elementor-element-6131457 elementor-widget elementor-widget-text-editor\" data-id=\"6131457\" data-element_type=\"widget\" data-widget_type=\"text-editor.default\">\n\t\t\t\t<div class=\"elementor-widget-container\">\n\t\t\t\t\t\t\t\t\t<p>L&#8217;esgl\u00e9sia de Sant Miquel del Port \u00e9s molt a prop del passeig Joan de Borb\u00f3 i sovint passa desapercebuda entre els vianants que van i v\u00e9nen de la platja. Tot i aix\u00f2, \u00e9s un dels edificis m\u00e9s antics de La Barceloneta, ja que va ser constru\u00eft entre 1753 i 1755. La seva fa\u00e7ana de pedra s\u00f2bria pertany a l&#8217;estil cl\u00e0ssic del Barroc rom\u00e0 i val la pena visitar-la durant les teves vacances.<\/p>\t\t\t\t\t\t\t\t<\/div>\n\t\t\t\t<\/div>\n\t\t\t\t\t<\/div>\n\t\t<\/div>\n\t\t\t\t\t<\/div>\n\t\t<\/section>\n\t\t\t\t<section class=\"elementor-section elementor-top-section elementor-element elementor-element-934cfa6 elementor-section-boxed elementor-section-height-default elementor-section-height-default\" data-id=\"934cfa6\" data-element_type=\"section\">\n\t\t\t\t\t\t<div class=\"elementor-container elementor-column-gap-default\">\n\t\t\t\t\t<div class=\"elementor-column elementor-col-100 elementor-top-column elementor-element elementor-element-6d28942\" data-id=\"6d28942\" data-element_type=\"column\">\n\t\t\t<div class=\"elementor-widget-wrap elementor-element-populated\">\n\t\t\t\t\t\t<div class=\"elementor-element elementor-element-24f2b10 elementor-widget elementor-widget-heading\" data-id=\"24f2b10\" data-element_type=\"widget\" data-widget_type=\"heading.default\">\n\t\t\t\t<div class=\"elementor-widget-container\">\n\t\t\t\t\t<h3 class=\"elementor-heading-title elementor-size-default\">3. Passeig mar\u00edtim de la Barceloneta<\/h3>\t\t\t\t<\/div>\n\t\t\t\t<\/div>\n\t\t\t\t\t<\/div>\n\t\t<\/div>\n\t\t\t\t\t<\/div>\n\t\t<\/section>\n\t\t\t\t<section class=\"elementor-section elementor-top-section elementor-element elementor-element-5a266e9 elementor-section-boxed elementor-section-height-default elementor-section-height-default\" data-id=\"5a266e9\" data-element_type=\"section\">\n\t\t\t\t\t\t<div class=\"elementor-container elementor-column-gap-default\">\n\t\t\t\t\t<div class=\"elementor-column elementor-col-50 elementor-top-column elementor-element elementor-element-8ca8f7f\" data-id=\"8ca8f7f\" data-element_type=\"column\">\n\t\t\t<div class=\"elementor-widget-wrap elementor-element-populated\">\n\t\t\t\t\t\t<div class=\"elementor-element elementor-element-55b0b90 elementor-widget elementor-widget-image\" data-id=\"55b0b90\" data-element_type=\"widget\" data-widget_type=\"image.default\">\n\t\t\t\t<div class=\"elementor-widget-container\">\n\t\t\t\t\t\t\t\t\t\t\t\t\t\t\t<img decoding=\"async\" width=\"1024\" height=\"512\" src=\"https:\/\/www.willysplan.com\/wp-content\/uploads\/2024\/07\/Paseo-maritimo-de-La-Barceloneta-1024x512.jpg\" class=\"attachment-large size-large wp-image-23761\" alt=\"Paseo mar\u00edtimo de La Barceloneta\" srcset=\"https:\/\/www.willysplan.com\/wp-content\/uploads\/2024\/07\/Paseo-maritimo-de-La-Barceloneta-1024x512.jpg 1024w, https:\/\/www.willysplan.com\/wp-content\/uploads\/2024\/07\/Paseo-maritimo-de-La-Barceloneta-300x150.jpg 300w, https:\/\/www.willysplan.com\/wp-content\/uploads\/2024\/07\/Paseo-maritimo-de-La-Barceloneta-768x384.jpg 768w, https:\/\/www.willysplan.com\/wp-content\/uploads\/2024\/07\/Paseo-maritimo-de-La-Barceloneta-600x300.jpg 600w, https:\/\/www.willysplan.com\/wp-content\/uploads\/2024\/07\/Paseo-maritimo-de-La-Barceloneta.jpg 1400w\" sizes=\"(max-width: 1024px) 100vw, 1024px\" \/>\t\t\t\t\t\t\t\t\t\t\t\t\t\t\t<\/div>\n\t\t\t\t<\/div>\n\t\t\t\t\t<\/div>\n\t\t<\/div>\n\t\t\t\t<div class=\"elementor-column elementor-col-50 elementor-top-column elementor-element elementor-element-3e5315c\" data-id=\"3e5315c\" data-element_type=\"column\">\n\t\t\t<div class=\"elementor-widget-wrap elementor-element-populated\">\n\t\t\t\t\t\t<div class=\"elementor-element elementor-element-2ac84a8 elementor-widget elementor-widget-google_maps\" data-id=\"2ac84a8\" data-element_type=\"widget\" data-widget_type=\"google_maps.default\">\n\t\t\t\t<div class=\"elementor-widget-container\">\n\t\t\t\t\t\t\t<div class=\"elementor-custom-embed\">\n\t\t\t<iframe loading=\"lazy\"\n\t\t\t\t\tsrc=\"https:\/\/maps.google.com\/maps?q=Paseo%20mar%C3%ADtimo%20de%20La%20Barceloneta&#038;t=m&#038;z=12&#038;output=embed&#038;iwloc=near\"\n\t\t\t\t\ttitle=\"Paseo mar\u00edtimo de La Barceloneta\"\n\t\t\t\t\taria-label=\"Paseo mar\u00edtimo de La Barceloneta\"\n\t\t\t><\/iframe>\n\t\t<\/div>\n\t\t\t\t\t\t<\/div>\n\t\t\t\t<\/div>\n\t\t\t\t\t<\/div>\n\t\t<\/div>\n\t\t\t\t\t<\/div>\n\t\t<\/section>\n\t\t\t\t<section class=\"elementor-section elementor-top-section elementor-element elementor-element-7dd4d6d elementor-section-boxed elementor-section-height-default elementor-section-height-default\" data-id=\"7dd4d6d\" data-element_type=\"section\">\n\t\t\t\t\t\t<div class=\"elementor-container elementor-column-gap-default\">\n\t\t\t\t\t<div class=\"elementor-column elementor-col-100 elementor-top-column elementor-element elementor-element-eab2445\" data-id=\"eab2445\" data-element_type=\"column\">\n\t\t\t<div class=\"elementor-widget-wrap elementor-element-populated\">\n\t\t\t\t\t\t<div class=\"elementor-element elementor-element-fc5f76d elementor-widget elementor-widget-text-editor\" data-id=\"fc5f76d\" data-element_type=\"widget\" data-widget_type=\"text-editor.default\">\n\t\t\t\t<div class=\"elementor-widget-container\">\n\t\t\t\t\t\t\t\t\t<p>El Passeig Mar\u00edtim de la Barceloneta ha evolucionat molt els darrers anys i combina a la perfecci\u00f3 el seu encant mediterrani amb noves instal\u00b7lacions d&#8217;art contemporani que atrauen els aficionats a la cultura.<\/p><p>Ara s&#8217;ha convertit en un bulevard que barreja hist\u00f2ria i modernitat, on podr\u00e0s trobar llums suaus que creen un ambient m\u00e0gic i sofisticat durant les nits. No et pots perdre aquesta meravella a les teves vacances!<\/p>\t\t\t\t\t\t\t\t<\/div>\n\t\t\t\t<\/div>\n\t\t\t\t\t<\/div>\n\t\t<\/div>\n\t\t\t\t\t<\/div>\n\t\t<\/section>\n\t\t\t\t<section class=\"elementor-section elementor-top-section elementor-element elementor-element-463b1d6 elementor-section-boxed elementor-section-height-default elementor-section-height-default\" data-id=\"463b1d6\" data-element_type=\"section\">\n\t\t\t\t\t\t<div class=\"elementor-container elementor-column-gap-default\">\n\t\t\t\t\t<div class=\"elementor-column elementor-col-100 elementor-top-column elementor-element elementor-element-906796f\" data-id=\"906796f\" data-element_type=\"column\">\n\t\t\t<div class=\"elementor-widget-wrap elementor-element-populated\">\n\t\t\t\t\t\t<div class=\"elementor-element elementor-element-add74af elementor-widget elementor-widget-heading\" data-id=\"add74af\" data-element_type=\"widget\" data-widget_type=\"heading.default\">\n\t\t\t\t<div class=\"elementor-widget-container\">\n\t\t\t\t\t<h3 class=\"elementor-heading-title elementor-size-default\">4. Museu d'Hist\u00f2ria de Catalunya<\/h3>\t\t\t\t<\/div>\n\t\t\t\t<\/div>\n\t\t\t\t\t<\/div>\n\t\t<\/div>\n\t\t\t\t\t<\/div>\n\t\t<\/section>\n\t\t\t\t<section class=\"elementor-section elementor-top-section elementor-element elementor-element-17f4fe2 elementor-section-boxed elementor-section-height-default elementor-section-height-default\" data-id=\"17f4fe2\" data-element_type=\"section\">\n\t\t\t\t\t\t<div class=\"elementor-container elementor-column-gap-default\">\n\t\t\t\t\t<div class=\"elementor-column elementor-col-50 elementor-top-column elementor-element elementor-element-e70c3b5\" data-id=\"e70c3b5\" data-element_type=\"column\">\n\t\t\t<div class=\"elementor-widget-wrap elementor-element-populated\">\n\t\t\t\t\t\t<div class=\"elementor-element elementor-element-6952af3 elementor-widget elementor-widget-image\" data-id=\"6952af3\" data-element_type=\"widget\" data-widget_type=\"image.default\">\n\t\t\t\t<div class=\"elementor-widget-container\">\n\t\t\t\t\t\t\t\t\t\t\t\t\t\t\t<img loading=\"lazy\" decoding=\"async\" width=\"1024\" height=\"590\" src=\"https:\/\/www.willysplan.com\/wp-content\/uploads\/2024\/07\/Museo-de-Historia-de-Cataluna-1024x590.jpg\" class=\"attachment-large size-large wp-image-23764\" alt=\"Museo de Historia de Catalu\u00f1a\" srcset=\"https:\/\/www.willysplan.com\/wp-content\/uploads\/2024\/07\/Museo-de-Historia-de-Cataluna-1024x590.jpg 1024w, https:\/\/www.willysplan.com\/wp-content\/uploads\/2024\/07\/Museo-de-Historia-de-Cataluna-300x173.jpg 300w, https:\/\/www.willysplan.com\/wp-content\/uploads\/2024\/07\/Museo-de-Historia-de-Cataluna-768x442.jpg 768w, https:\/\/www.willysplan.com\/wp-content\/uploads\/2024\/07\/Museo-de-Historia-de-Cataluna-600x346.jpg 600w, https:\/\/www.willysplan.com\/wp-content\/uploads\/2024\/07\/Museo-de-Historia-de-Cataluna.jpg 1472w\" sizes=\"(max-width: 1024px) 100vw, 1024px\" \/>\t\t\t\t\t\t\t\t\t\t\t\t\t\t\t<\/div>\n\t\t\t\t<\/div>\n\t\t\t\t\t<\/div>\n\t\t<\/div>\n\t\t\t\t<div class=\"elementor-column elementor-col-50 elementor-top-column elementor-element elementor-element-4eea298\" data-id=\"4eea298\" data-element_type=\"column\">\n\t\t\t<div class=\"elementor-widget-wrap elementor-element-populated\">\n\t\t\t\t\t\t<div class=\"elementor-element elementor-element-d04aa7e elementor-widget elementor-widget-google_maps\" data-id=\"d04aa7e\" data-element_type=\"widget\" data-widget_type=\"google_maps.default\">\n\t\t\t\t<div class=\"elementor-widget-container\">\n\t\t\t\t\t\t\t<div class=\"elementor-custom-embed\">\n\t\t\t<iframe loading=\"lazy\"\n\t\t\t\t\tsrc=\"https:\/\/maps.google.com\/maps?q=Museo%20de%20Historia%20de%20Catalu%C3%B1a&#038;t=m&#038;z=12&#038;output=embed&#038;iwloc=near\"\n\t\t\t\t\ttitle=\"Museo de Historia de Catalu\u00f1a\"\n\t\t\t\t\taria-label=\"Museo de Historia de Catalu\u00f1a\"\n\t\t\t><\/iframe>\n\t\t<\/div>\n\t\t\t\t\t\t<\/div>\n\t\t\t\t<\/div>\n\t\t\t\t\t<\/div>\n\t\t<\/div>\n\t\t\t\t\t<\/div>\n\t\t<\/section>\n\t\t\t\t<section class=\"elementor-section elementor-top-section elementor-element elementor-element-9e9ef71 elementor-section-boxed elementor-section-height-default elementor-section-height-default\" data-id=\"9e9ef71\" data-element_type=\"section\">\n\t\t\t\t\t\t<div class=\"elementor-container elementor-column-gap-default\">\n\t\t\t\t\t<div class=\"elementor-column elementor-col-100 elementor-top-column elementor-element elementor-element-5ca7731\" data-id=\"5ca7731\" data-element_type=\"column\">\n\t\t\t<div class=\"elementor-widget-wrap elementor-element-populated\">\n\t\t\t\t\t\t<div class=\"elementor-element elementor-element-1aafa5b elementor-widget elementor-widget-text-editor\" data-id=\"1aafa5b\" data-element_type=\"widget\" data-widget_type=\"text-editor.default\">\n\t\t\t\t<div class=\"elementor-widget-container\">\n\t\t\t\t\t\t\t\t\t<p>El Museu d\u00b4Hist\u00f2ria de Catalunya \u00e9s un dels m\u00e9s importants de Barcelona, \u200b\u200bja que compta amb 4000 metres quadrats dedicats a les seves exposicions. \u00c9s el l\u00edder entre els museus d&#8217;hist\u00f2ria i els monuments catalans, ja que ofereix impressionants col\u00b7leccions hist\u00f2riques.<\/p><p>L&#8217;exposici\u00f3 permanent us guiar\u00e0 a trav\u00e9s de 7 etapes, des de l&#8217;antiga m\u00f2lta de blat a l&#8217;estil iber fins a l&#8217;experi\u00e8ncia de vestir-se amb una armadura medieval. A m\u00e9s, les exposicions temporals s\u00f3n una oportunitat per investigar els temes actuals. Consulta el programa del museu per planificar la visita.<\/p>\t\t\t\t\t\t\t\t<\/div>\n\t\t\t\t<\/div>\n\t\t\t\t\t<\/div>\n\t\t<\/div>\n\t\t\t\t\t<\/div>\n\t\t<\/section>\n\t\t\t\t<section class=\"elementor-section elementor-top-section elementor-element elementor-element-f734620 elementor-section-boxed elementor-section-height-default elementor-section-height-default\" data-id=\"f734620\" data-element_type=\"section\">\n\t\t\t\t\t\t<div class=\"elementor-container elementor-column-gap-default\">\n\t\t\t\t\t<div class=\"elementor-column elementor-col-100 elementor-top-column elementor-element elementor-element-eefd421\" data-id=\"eefd421\" data-element_type=\"column\">\n\t\t\t<div class=\"elementor-widget-wrap elementor-element-populated\">\n\t\t\t\t\t\t<div class=\"elementor-element elementor-element-6939752 elementor-cta--layout-image-left elementor-cta--valign-middle elementor-hidden-mobile elementor-cta--skin-classic elementor-animated-content elementor-widget elementor-widget-call-to-action\" data-id=\"6939752\" data-element_type=\"widget\" data-widget_type=\"call-to-action.default\">\n\t\t\t\t<div class=\"elementor-widget-container\">\n\t\t\t\t\t\t\t<a class=\"elementor-cta\" href=\"https:\/\/www.willysplan.com\/ca\/tours-privados-barcelona\/tour-pel-passeig-de-gracia\">\n\t\t\t\t\t<div class=\"elementor-cta__bg-wrapper\">\n\t\t\t\t<div class=\"elementor-cta__bg elementor-bg\" style=\"background-image: url(https:\/\/www.willysplan.com\/wp-content\/uploads\/2022\/10\/Passeig-de-gracia-1-1024x685.webp);\" role=\"img\" aria-label=\"tour por el passeig de gracia\"><\/div>\n\t\t\t\t<div class=\"elementor-cta__bg-overlay\"><\/div>\n\t\t\t<\/div>\n\t\t\t\t\t\t\t<div class=\"elementor-cta__content\">\n\t\t\t\t\n\t\t\t\t\t\t\t\t\t<h2 class=\"elementor-cta__title elementor-cta__content-item elementor-content-item\">\n\t\t\t\t\t\tTour pel Passeig de Gr\u00e0cia\t\t\t\t\t<\/h2>\n\t\t\t\t\n\t\t\t\t\t\t\t\t\t<div class=\"elementor-cta__description elementor-cta__content-item elementor-content-item\">\n\t\t\t\t\t\t\u2b50\u2b50\u2b50\u2b50\u2b50<br><br>\ud83d\udd50 2 horas.<br>\ud83d\udcac Espa\u00f1ol, Ingl\u00e9s, Italiano, Franc\u00e9s, Portugu\u00e9s, Alem\u00e1n, Chino, Ruso y \u00c1rabe.<br>\u2714 Cancelaci\u00f3n gratuita.\t\t\t\t\t<\/div>\n\t\t\t\t\n\t\t\t\t\t\t\t<\/div>\n\t\t\t\t\t\t\t<div class=\"elementor-ribbon elementor-ribbon-right\">\n\t\t\t\t<div class=\"elementor-ribbon-inner\">\n\t\t\t\t\tDesde 70\u20ac\t\t\t\t<\/div>\n\t\t\t<\/div>\n\t\t\t\t<\/a>\n\t\t\t\t\t\t<\/div>\n\t\t\t\t<\/div>\n\t\t\t\t\t<\/div>\n\t\t<\/div>\n\t\t\t\t\t<\/div>\n\t\t<\/section>\n\t\t\t\t<section class=\"elementor-section elementor-top-section elementor-element elementor-element-1554571 elementor-section-boxed elementor-section-height-default elementor-section-height-default\" data-id=\"1554571\" data-element_type=\"section\">\n\t\t\t\t\t\t<div class=\"elementor-container elementor-column-gap-default\">\n\t\t\t\t\t<div class=\"elementor-column elementor-col-100 elementor-top-column elementor-element elementor-element-e76a831\" data-id=\"e76a831\" data-element_type=\"column\">\n\t\t\t<div class=\"elementor-widget-wrap elementor-element-populated\">\n\t\t\t\t\t\t<div class=\"elementor-element elementor-element-3f2c459 elementor-cta--layout-image-above elementor-cta--valign-middle elementor-cta--mobile-layout-image-above elementor-hidden-desktop elementor-hidden-tablet elementor-cta--skin-classic elementor-animated-content elementor-widget elementor-widget-call-to-action\" data-id=\"3f2c459\" data-element_type=\"widget\" data-widget_type=\"call-to-action.default\">\n\t\t\t\t<div class=\"elementor-widget-container\">\n\t\t\t\t\t\t\t<a class=\"elementor-cta\" href=\"https:\/\/www.willysplan.com\/ca\/tours-privados-barcelona\/tour-pel-passeig-de-gracia\">\n\t\t\t\t\t<div class=\"elementor-cta__bg-wrapper\">\n\t\t\t\t<div class=\"elementor-cta__bg elementor-bg\" style=\"background-image: url(https:\/\/www.willysplan.com\/wp-content\/uploads\/2022\/10\/Passeig-de-gracia-1-1024x685.webp);\" role=\"img\" aria-label=\"tour por el passeig de gracia\"><\/div>\n\t\t\t\t<div class=\"elementor-cta__bg-overlay\"><\/div>\n\t\t\t<\/div>\n\t\t\t\t\t\t\t<div class=\"elementor-cta__content\">\n\t\t\t\t\n\t\t\t\t\t\t\t\t\t<h2 class=\"elementor-cta__title elementor-cta__content-item elementor-content-item\">\n\t\t\t\t\t\tTour pel Passeig de Gr\u00e0cia\t\t\t\t\t<\/h2>\n\t\t\t\t\n\t\t\t\t\t\t\t\t\t<div class=\"elementor-cta__description elementor-cta__content-item elementor-content-item\">\n\t\t\t\t\t\t\u2b50\u2b50\u2b50\u2b50\u2b50<br><br>\ud83d\udd50 2 horas.<br>\ud83d\udcac Espa\u00f1ol, Ingl\u00e9s, Italiano, Franc\u00e9s, Portugu\u00e9s, Alem\u00e1n, Chino, Ruso y \u00c1rabe.<br>\u2714 Cancelaci\u00f3n gratuita.\t\t\t\t\t<\/div>\n\t\t\t\t\n\t\t\t\t\t\t\t<\/div>\n\t\t\t\t\t\t\t<div class=\"elementor-ribbon elementor-ribbon-right\">\n\t\t\t\t<div class=\"elementor-ribbon-inner\">\n\t\t\t\t\tDesde 70\u20ac\t\t\t\t<\/div>\n\t\t\t<\/div>\n\t\t\t\t<\/a>\n\t\t\t\t\t\t<\/div>\n\t\t\t\t<\/div>\n\t\t\t\t\t<\/div>\n\t\t<\/div>\n\t\t\t\t\t<\/div>\n\t\t<\/section>\n\t\t\t\t<section class=\"elementor-section elementor-top-section elementor-element elementor-element-7bb36bb elementor-section-boxed elementor-section-height-default elementor-section-height-default\" data-id=\"7bb36bb\" data-element_type=\"section\">\n\t\t\t\t\t\t<div class=\"elementor-container elementor-column-gap-default\">\n\t\t\t\t\t<div class=\"elementor-column elementor-col-100 elementor-top-column elementor-element elementor-element-09c6d3a\" data-id=\"09c6d3a\" data-element_type=\"column\">\n\t\t\t<div class=\"elementor-widget-wrap elementor-element-populated\">\n\t\t\t\t\t\t<div class=\"elementor-element elementor-element-4ede867 elementor-align-center elementor-widget elementor-widget-button\" data-id=\"4ede867\" data-element_type=\"widget\" data-widget_type=\"button.default\">\n\t\t\t\t<div class=\"elementor-widget-container\">\n\t\t\t\t\t\t\t\t\t<div class=\"elementor-button-wrapper\">\n\t\t\t\t\t<a class=\"elementor-button elementor-button-link elementor-size-md\" href=\"https:\/\/www.willysplan.com\/ca\/tours-privats-a-barcelona\">\n\t\t\t\t\t\t<span class=\"elementor-button-content-wrapper\">\n\t\t\t\t\t\t\t\t\t<span class=\"elementor-button-text\">Veure tots els nostres tours privats<\/span>\n\t\t\t\t\t<\/span>\n\t\t\t\t\t<\/a>\n\t\t\t\t<\/div>\n\t\t\t\t\t\t\t\t<\/div>\n\t\t\t\t<\/div>\n\t\t\t\t\t<\/div>\n\t\t<\/div>\n\t\t\t\t\t<\/div>\n\t\t<\/section>\n\t\t\t\t<section class=\"elementor-section elementor-top-section elementor-element elementor-element-15b5636 elementor-section-boxed elementor-section-height-default elementor-section-height-default\" data-id=\"15b5636\" data-element_type=\"section\">\n\t\t\t\t\t\t<div class=\"elementor-container elementor-column-gap-default\">\n\t\t\t\t\t<div class=\"elementor-column elementor-col-100 elementor-top-column elementor-element elementor-element-bdb4769\" data-id=\"bdb4769\" data-element_type=\"column\">\n\t\t\t<div class=\"elementor-widget-wrap elementor-element-populated\">\n\t\t\t\t\t\t<div class=\"elementor-element elementor-element-b9343a2 elementor-widget elementor-widget-heading\" data-id=\"b9343a2\" data-element_type=\"widget\" data-widget_type=\"heading.default\">\n\t\t\t\t<div class=\"elementor-widget-container\">\n\t\t\t\t\t<h3 class=\"elementor-heading-title elementor-size-default\">5. El mercat de la Barceloneta<\/h3>\t\t\t\t<\/div>\n\t\t\t\t<\/div>\n\t\t\t\t\t<\/div>\n\t\t<\/div>\n\t\t\t\t\t<\/div>\n\t\t<\/section>\n\t\t\t\t<section class=\"elementor-section elementor-top-section elementor-element elementor-element-75483c7 elementor-section-boxed elementor-section-height-default elementor-section-height-default\" data-id=\"75483c7\" data-element_type=\"section\">\n\t\t\t\t\t\t<div class=\"elementor-container elementor-column-gap-default\">\n\t\t\t\t\t<div class=\"elementor-column elementor-col-50 elementor-top-column elementor-element elementor-element-1aab861\" data-id=\"1aab861\" data-element_type=\"column\">\n\t\t\t<div class=\"elementor-widget-wrap elementor-element-populated\">\n\t\t\t\t\t\t<div class=\"elementor-element elementor-element-b5fd43b elementor-widget elementor-widget-image\" data-id=\"b5fd43b\" data-element_type=\"widget\" data-widget_type=\"image.default\">\n\t\t\t\t<div class=\"elementor-widget-container\">\n\t\t\t\t\t\t\t\t\t\t\t\t\t\t\t<img loading=\"lazy\" decoding=\"async\" width=\"1000\" height=\"517\" src=\"https:\/\/www.willysplan.com\/wp-content\/uploads\/2024\/07\/El-mercado-de-la-Barceloneta.jpg\" class=\"attachment-large size-large wp-image-23767\" alt=\"El mercado de la Barceloneta\" srcset=\"https:\/\/www.willysplan.com\/wp-content\/uploads\/2024\/07\/El-mercado-de-la-Barceloneta.jpg 1000w, https:\/\/www.willysplan.com\/wp-content\/uploads\/2024\/07\/El-mercado-de-la-Barceloneta-300x155.jpg 300w, https:\/\/www.willysplan.com\/wp-content\/uploads\/2024\/07\/El-mercado-de-la-Barceloneta-768x397.jpg 768w, https:\/\/www.willysplan.com\/wp-content\/uploads\/2024\/07\/El-mercado-de-la-Barceloneta-600x310.jpg 600w\" sizes=\"(max-width: 1000px) 100vw, 1000px\" \/>\t\t\t\t\t\t\t\t\t\t\t\t\t\t\t<\/div>\n\t\t\t\t<\/div>\n\t\t\t\t\t<\/div>\n\t\t<\/div>\n\t\t\t\t<div class=\"elementor-column elementor-col-50 elementor-top-column elementor-element elementor-element-151e5f7\" data-id=\"151e5f7\" data-element_type=\"column\">\n\t\t\t<div class=\"elementor-widget-wrap elementor-element-populated\">\n\t\t\t\t\t\t<div class=\"elementor-element elementor-element-3e97a93 elementor-widget elementor-widget-google_maps\" data-id=\"3e97a93\" data-element_type=\"widget\" data-widget_type=\"google_maps.default\">\n\t\t\t\t<div class=\"elementor-widget-container\">\n\t\t\t\t\t\t\t<div class=\"elementor-custom-embed\">\n\t\t\t<iframe loading=\"lazy\"\n\t\t\t\t\tsrc=\"https:\/\/maps.google.com\/maps?q=El%20mercado%20de%20la%20Barceloneta&#038;t=m&#038;z=12&#038;output=embed&#038;iwloc=near\"\n\t\t\t\t\ttitle=\"El mercado de la Barceloneta\"\n\t\t\t\t\taria-label=\"El mercado de la Barceloneta\"\n\t\t\t><\/iframe>\n\t\t<\/div>\n\t\t\t\t\t\t<\/div>\n\t\t\t\t<\/div>\n\t\t\t\t\t<\/div>\n\t\t<\/div>\n\t\t\t\t\t<\/div>\n\t\t<\/section>\n\t\t\t\t<section class=\"elementor-section elementor-top-section elementor-element elementor-element-125a922 elementor-section-boxed elementor-section-height-default elementor-section-height-default\" data-id=\"125a922\" data-element_type=\"section\">\n\t\t\t\t\t\t<div class=\"elementor-container elementor-column-gap-default\">\n\t\t\t\t\t<div class=\"elementor-column elementor-col-100 elementor-top-column elementor-element elementor-element-4016297\" data-id=\"4016297\" data-element_type=\"column\">\n\t\t\t<div class=\"elementor-widget-wrap elementor-element-populated\">\n\t\t\t\t\t\t<div class=\"elementor-element elementor-element-f575834 elementor-widget elementor-widget-text-editor\" data-id=\"f575834\" data-element_type=\"widget\" data-widget_type=\"text-editor.default\">\n\t\t\t\t<div class=\"elementor-widget-container\">\n\t\t\t\t\t\t\t\t\t<p>El mercat de la Barceloneta \u00e9s a prop de l&#8217;esgl\u00e9sia de Sant Miquel del Port i \u00e9s accessible des dels carrers Carrer d&#8217;Escuder o Carrer de la Maquinista fins a la Pla\u00e7a del Poeta Bosc\u00e0.<\/p><p>\u00c9s un dels llocs m\u00e9s aut\u00e8ntics de La Barceloneta, on els nens juguen i els ve\u00efns es relaxen al sol o fan les compres di\u00e0ries. Va ser restaurat per l&#8217;equip d&#8217;Enric Miralles, aix\u00ed que combina l&#8217;estructura original de ferro forjat amb innovacions modernes, com ara les plaques solars al sostre.<\/p>\t\t\t\t\t\t\t\t<\/div>\n\t\t\t\t<\/div>\n\t\t\t\t\t<\/div>\n\t\t<\/div>\n\t\t\t\t\t<\/div>\n\t\t<\/section>\n\t\t\t\t<section class=\"elementor-section elementor-top-section elementor-element elementor-element-8243f0b elementor-section-boxed elementor-section-height-default elementor-section-height-default\" data-id=\"8243f0b\" data-element_type=\"section\">\n\t\t\t\t\t\t<div class=\"elementor-container elementor-column-gap-default\">\n\t\t\t\t\t<div class=\"elementor-column elementor-col-100 elementor-top-column elementor-element elementor-element-4a67f0e\" data-id=\"4a67f0e\" data-element_type=\"column\">\n\t\t\t<div class=\"elementor-widget-wrap\">\n\t\t\t\t\t\t\t<\/div>\n\t\t<\/div>\n\t\t\t\t\t<\/div>\n\t\t<\/section>\n\t\t\t\t<section class=\"elementor-section elementor-top-section elementor-element elementor-element-1419b5a elementor-section-boxed elementor-section-height-default elementor-section-height-default\" data-id=\"1419b5a\" data-element_type=\"section\">\n\t\t\t\t\t\t<div class=\"elementor-container elementor-column-gap-default\">\n\t\t\t\t\t<div class=\"elementor-column elementor-col-100 elementor-top-column elementor-element elementor-element-4b25203\" data-id=\"4b25203\" data-element_type=\"column\">\n\t\t\t<div class=\"elementor-widget-wrap elementor-element-populated\">\n\t\t\t\t\t\t<div class=\"elementor-element elementor-element-7d59704 elementor-widget elementor-widget-heading\" data-id=\"7d59704\" data-element_type=\"widget\" data-widget_type=\"heading.default\">\n\t\t\t\t<div class=\"elementor-widget-container\">\n\t\t\t\t\t<h3 class=\"elementor-heading-title elementor-size-default\">6. Parc de la Barceloneta<\/h3>\t\t\t\t<\/div>\n\t\t\t\t<\/div>\n\t\t\t\t<div class=\"elementor-element elementor-element-42e62f1 elementor-align-center elementor-widget elementor-widget-button\" data-id=\"42e62f1\" data-element_type=\"widget\" data-widget_type=\"button.default\">\n\t\t\t\t<div class=\"elementor-widget-container\">\n\t\t\t\t\t\t\t\t\t<div class=\"elementor-button-wrapper\">\n\t\t\t\t\t<a class=\"elementor-button elementor-button-link elementor-size-md\" href=\"https:\/\/www.willysplan.com\/ca\/tours-privats-a-barcelona\">\n\t\t\t\t\t\t<span class=\"elementor-button-content-wrapper\">\n\t\t\t\t\t\t\t\t\t<span class=\"elementor-button-text\">Veure tots els nostres tours privats<\/span>\n\t\t\t\t\t<\/span>\n\t\t\t\t\t<\/a>\n\t\t\t\t<\/div>\n\t\t\t\t\t\t\t\t<\/div>\n\t\t\t\t<\/div>\n\t\t\t\t\t<\/div>\n\t\t<\/div>\n\t\t\t\t\t<\/div>\n\t\t<\/section>\n\t\t\t\t<section class=\"elementor-section elementor-top-section elementor-element elementor-element-63e6979 elementor-section-boxed elementor-section-height-default elementor-section-height-default\" data-id=\"63e6979\" data-element_type=\"section\">\n\t\t\t\t\t\t<div class=\"elementor-container elementor-column-gap-default\">\n\t\t\t\t\t<div class=\"elementor-column elementor-col-50 elementor-top-column elementor-element elementor-element-fbc73c9\" data-id=\"fbc73c9\" data-element_type=\"column\">\n\t\t\t<div class=\"elementor-widget-wrap elementor-element-populated\">\n\t\t\t\t\t\t<div class=\"elementor-element elementor-element-75490bd elementor-widget elementor-widget-image\" data-id=\"75490bd\" data-element_type=\"widget\" data-widget_type=\"image.default\">\n\t\t\t\t<div class=\"elementor-widget-container\">\n\t\t\t\t\t\t\t\t\t\t\t\t\t\t\t<img loading=\"lazy\" decoding=\"async\" width=\"1024\" height=\"574\" src=\"https:\/\/www.willysplan.com\/wp-content\/uploads\/2024\/07\/Parque-de-La-Barceloneta-1024x574.jpg\" class=\"attachment-large size-large wp-image-23770\" alt=\"Parque de La Barceloneta\" srcset=\"https:\/\/www.willysplan.com\/wp-content\/uploads\/2024\/07\/Parque-de-La-Barceloneta-1024x574.jpg 1024w, https:\/\/www.willysplan.com\/wp-content\/uploads\/2024\/07\/Parque-de-La-Barceloneta-300x168.jpg 300w, https:\/\/www.willysplan.com\/wp-content\/uploads\/2024\/07\/Parque-de-La-Barceloneta-768x431.jpg 768w, https:\/\/www.willysplan.com\/wp-content\/uploads\/2024\/07\/Parque-de-La-Barceloneta-600x337.jpg 600w, https:\/\/www.willysplan.com\/wp-content\/uploads\/2024\/07\/Parque-de-La-Barceloneta.jpg 1200w\" sizes=\"(max-width: 1024px) 100vw, 1024px\" \/>\t\t\t\t\t\t\t\t\t\t\t\t\t\t\t<\/div>\n\t\t\t\t<\/div>\n\t\t\t\t\t<\/div>\n\t\t<\/div>\n\t\t\t\t<div class=\"elementor-column elementor-col-50 elementor-top-column elementor-element elementor-element-cd8b428\" data-id=\"cd8b428\" data-element_type=\"column\">\n\t\t\t<div class=\"elementor-widget-wrap elementor-element-populated\">\n\t\t\t\t\t\t<div class=\"elementor-element elementor-element-f7e2e09 elementor-widget elementor-widget-google_maps\" data-id=\"f7e2e09\" data-element_type=\"widget\" data-widget_type=\"google_maps.default\">\n\t\t\t\t<div class=\"elementor-widget-container\">\n\t\t\t\t\t\t\t<div class=\"elementor-custom-embed\">\n\t\t\t<iframe loading=\"lazy\"\n\t\t\t\t\tsrc=\"https:\/\/maps.google.com\/maps?q=Parque%20de%20La%20Barceloneta&#038;t=m&#038;z=12&#038;output=embed&#038;iwloc=near\"\n\t\t\t\t\ttitle=\"Parque de La Barceloneta\"\n\t\t\t\t\taria-label=\"Parque de La Barceloneta\"\n\t\t\t><\/iframe>\n\t\t<\/div>\n\t\t\t\t\t\t<\/div>\n\t\t\t\t<\/div>\n\t\t\t\t\t<\/div>\n\t\t<\/div>\n\t\t\t\t\t<\/div>\n\t\t<\/section>\n\t\t\t\t<section class=\"elementor-section elementor-top-section elementor-element elementor-element-ddd5a0c elementor-section-boxed elementor-section-height-default elementor-section-height-default\" data-id=\"ddd5a0c\" data-element_type=\"section\">\n\t\t\t\t\t\t<div class=\"elementor-container elementor-column-gap-default\">\n\t\t\t\t\t<div class=\"elementor-column elementor-col-100 elementor-top-column elementor-element elementor-element-eb5cab3\" data-id=\"eb5cab3\" data-element_type=\"column\">\n\t\t\t<div class=\"elementor-widget-wrap elementor-element-populated\">\n\t\t\t\t\t\t<div class=\"elementor-element elementor-element-160c0a4 elementor-widget elementor-widget-text-editor\" data-id=\"160c0a4\" data-element_type=\"widget\" data-widget_type=\"text-editor.default\">\n\t\t\t\t<div class=\"elementor-widget-container\">\n\t\t\t\t\t\t\t\t\t<p>Si vols fer una passejada tranquil\u00b7la allunyada de l&#8217;enrenou que es concentra davant del mar, el Parc de la Barceloneta es pot convertir en el teu rac\u00f3 perfecte. Aquest espai va ser fundat el 1996 i ha esdevingut un centre d&#8217;oci al barri. Aquest parc est\u00e0 ubicat al terreny de l&#8217;antiga f\u00e0brica de gas de Barcelona i ofereix pistes de b\u00e0squet, edificis del segle XX i el monument a Sim\u00f3n Bol\u00edvar.<\/p>\t\t\t\t\t\t\t\t<\/div>\n\t\t\t\t<\/div>\n\t\t\t\t\t<\/div>\n\t\t<\/div>\n\t\t\t\t\t<\/div>\n\t\t<\/section>\n\t\t\t\t<section class=\"elementor-section elementor-top-section elementor-element elementor-element-34ec1f0 elementor-section-boxed elementor-section-height-default elementor-section-height-default\" data-id=\"34ec1f0\" data-element_type=\"section\">\n\t\t\t\t\t\t<div class=\"elementor-container elementor-column-gap-default\">\n\t\t\t\t\t<div class=\"elementor-column elementor-col-100 elementor-top-column elementor-element elementor-element-5189822\" data-id=\"5189822\" data-element_type=\"column\">\n\t\t\t<div class=\"elementor-widget-wrap elementor-element-populated\">\n\t\t\t\t\t\t<div class=\"elementor-element elementor-element-20eb4c8 elementor-widget elementor-widget-heading\" data-id=\"20eb4c8\" data-element_type=\"widget\" data-widget_type=\"heading.default\">\n\t\t\t\t<div class=\"elementor-widget-container\">\n\t\t\t\t\t<h3 class=\"elementor-heading-title elementor-size-default\">7. Museu mar\u00edtim de Barcelona<\/h3>\t\t\t\t<\/div>\n\t\t\t\t<\/div>\n\t\t\t\t\t<\/div>\n\t\t<\/div>\n\t\t\t\t\t<\/div>\n\t\t<\/section>\n\t\t\t\t<section class=\"elementor-section elementor-top-section elementor-element elementor-element-6342444 elementor-section-boxed elementor-section-height-default elementor-section-height-default\" data-id=\"6342444\" data-element_type=\"section\">\n\t\t\t\t\t\t<div class=\"elementor-container elementor-column-gap-default\">\n\t\t\t\t\t<div class=\"elementor-column elementor-col-50 elementor-top-column elementor-element elementor-element-e31b27e\" data-id=\"e31b27e\" data-element_type=\"column\">\n\t\t\t<div class=\"elementor-widget-wrap elementor-element-populated\">\n\t\t\t\t\t\t<div class=\"elementor-element elementor-element-3da658e elementor-widget elementor-widget-image\" data-id=\"3da658e\" data-element_type=\"widget\" data-widget_type=\"image.default\">\n\t\t\t\t<div class=\"elementor-widget-container\">\n\t\t\t\t\t\t\t\t\t\t\t\t\t\t\t<img loading=\"lazy\" decoding=\"async\" width=\"1024\" height=\"683\" src=\"https:\/\/www.willysplan.com\/wp-content\/uploads\/2024\/07\/museo-maritimo-1024x683.jpg\" class=\"attachment-large size-large wp-image-23773\" alt=\"museo maritimo\" srcset=\"https:\/\/www.willysplan.com\/wp-content\/uploads\/2024\/07\/museo-maritimo-1024x683.jpg 1024w, https:\/\/www.willysplan.com\/wp-content\/uploads\/2024\/07\/museo-maritimo-300x200.jpg 300w, https:\/\/www.willysplan.com\/wp-content\/uploads\/2024\/07\/museo-maritimo-768x512.jpg 768w, https:\/\/www.willysplan.com\/wp-content\/uploads\/2024\/07\/museo-maritimo-1536x1024.jpg 1536w, https:\/\/www.willysplan.com\/wp-content\/uploads\/2024\/07\/museo-maritimo-930x620.jpg 930w, https:\/\/www.willysplan.com\/wp-content\/uploads\/2024\/07\/museo-maritimo-600x400.jpg 600w, https:\/\/www.willysplan.com\/wp-content\/uploads\/2024\/07\/museo-maritimo.jpg 1600w\" sizes=\"(max-width: 1024px) 100vw, 1024px\" \/>\t\t\t\t\t\t\t\t\t\t\t\t\t\t\t<\/div>\n\t\t\t\t<\/div>\n\t\t\t\t\t<\/div>\n\t\t<\/div>\n\t\t\t\t<div class=\"elementor-column elementor-col-50 elementor-top-column elementor-element elementor-element-8f2c6cb\" data-id=\"8f2c6cb\" data-element_type=\"column\">\n\t\t\t<div class=\"elementor-widget-wrap elementor-element-populated\">\n\t\t\t\t\t\t<div class=\"elementor-element elementor-element-17fc9b5 elementor-widget elementor-widget-google_maps\" data-id=\"17fc9b5\" data-element_type=\"widget\" data-widget_type=\"google_maps.default\">\n\t\t\t\t<div class=\"elementor-widget-container\">\n\t\t\t\t\t\t\t<div class=\"elementor-custom-embed\">\n\t\t\t<iframe loading=\"lazy\"\n\t\t\t\t\tsrc=\"https:\/\/maps.google.com\/maps?q=museo%20maritimo%20de%20barcelona&#038;t=m&#038;z=12&#038;output=embed&#038;iwloc=near\"\n\t\t\t\t\ttitle=\"museo maritimo de barcelona\"\n\t\t\t\t\taria-label=\"museo maritimo de barcelona\"\n\t\t\t><\/iframe>\n\t\t<\/div>\n\t\t\t\t\t\t<\/div>\n\t\t\t\t<\/div>\n\t\t\t\t\t<\/div>\n\t\t<\/div>\n\t\t\t\t\t<\/div>\n\t\t<\/section>\n\t\t\t\t<section class=\"elementor-section elementor-top-section elementor-element elementor-element-7954886 elementor-section-boxed elementor-section-height-default elementor-section-height-default\" data-id=\"7954886\" data-element_type=\"section\">\n\t\t\t\t\t\t<div class=\"elementor-container elementor-column-gap-default\">\n\t\t\t\t\t<div class=\"elementor-column elementor-col-100 elementor-top-column elementor-element elementor-element-35c2468\" data-id=\"35c2468\" data-element_type=\"column\">\n\t\t\t<div class=\"elementor-widget-wrap elementor-element-populated\">\n\t\t\t\t\t\t<div class=\"elementor-element elementor-element-307b3cf elementor-widget elementor-widget-text-editor\" data-id=\"307b3cf\" data-element_type=\"widget\" data-widget_type=\"text-editor.default\">\n\t\t\t\t<div class=\"elementor-widget-container\">\n\t\t\t\t\t\t\t\t\t<p>Acabem la nostra selecci\u00f3 de coses a fer i veure a La Barceloneta, amb aquest museu. El museu del mar a la Barceloneta \u00e9s un veritable tresor cultural que presenta als visitants la hist\u00f2ria mar\u00edtima de Barcelona, \u200b\u200bdes dels inicis m\u00e9s humils fins al present.<\/p><p>Aqu\u00ed podreu veure models de vaixells antics i exposicions interactives, perqu\u00e8 pugueu gaudir d&#8217;una experi\u00e8ncia educativa i divertida per als amants de la hist\u00f2ria mar\u00edtima.<\/p>\t\t\t\t\t\t\t\t<\/div>\n\t\t\t\t<\/div>\n\t\t\t\t\t<\/div>\n\t\t<\/div>\n\t\t\t\t\t<\/div>\n\t\t<\/section>\n\t\t\t\t<section class=\"elementor-section elementor-top-section elementor-element elementor-element-892d504 elementor-section-boxed elementor-section-height-default elementor-section-height-default\" data-id=\"892d504\" data-element_type=\"section\">\n\t\t\t\t\t\t<div class=\"elementor-container elementor-column-gap-default\">\n\t\t\t\t\t<div class=\"elementor-column elementor-col-100 elementor-top-column elementor-element elementor-element-72b8c5c\" data-id=\"72b8c5c\" data-element_type=\"column\">\n\t\t\t<div class=\"elementor-widget-wrap elementor-element-populated\">\n\t\t\t\t\t\t<div class=\"elementor-element elementor-element-3868467 elementor-widget elementor-widget-text-editor\" data-id=\"3868467\" data-element_type=\"widget\" data-widget_type=\"text-editor.default\">\n\t\t\t\t<div class=\"elementor-widget-container\">\n\t\t\t\t\t\t\t\t\t<p>Despr\u00e9s de con\u00e8ixer la hist\u00f2ria de la Barceloneta i tots els llocs emblem\u00e0tics que hi ha per visitar, segur que us han entrat ganes de fer una visita a aquest barri, amb capbuss\u00f3 a la platja incl\u00f2s. A la nostra p\u00e0gina web de Willy&#8217;s Plan, trobar\u00e0s moltes m\u00e9s opcions per con\u00e8ixer la Ciutat Comtal, com ara el tour del parc del laberint de Barcelona. No perdis el temps a les teves vacances!<\/p>\t\t\t\t\t\t\t\t<\/div>\n\t\t\t\t<\/div>\n\t\t\t\t\t<\/div>\n\t\t<\/div>\n\t\t\t\t\t<\/div>\n\t\t<\/section>\n\t\t\t\t<section class=\"elementor-section elementor-top-section elementor-element elementor-element-774fd5b elementor-section-boxed elementor-section-height-default elementor-section-height-default\" data-id=\"774fd5b\" data-element_type=\"section\">\n\t\t\t\t\t\t<div class=\"elementor-container elementor-column-gap-default\">\n\t\t\t\t\t<div class=\"elementor-column elementor-col-100 elementor-top-column elementor-element elementor-element-ccb3386\" data-id=\"ccb3386\" data-element_type=\"column\">\n\t\t\t<div class=\"elementor-widget-wrap elementor-element-populated\">\n\t\t\t\t\t\t<div class=\"elementor-element elementor-element-5d6c67c elementor-widget elementor-widget-heading\" data-id=\"5d6c67c\" data-element_type=\"widget\" data-widget_type=\"heading.default\">\n\t\t\t\t<div class=\"elementor-widget-container\">\n\t\t\t\t\t<h2 class=\"elementor-heading-title elementor-size-default\">Altres rutes que tamb\u00e9 et poden interessar...<\/h2>\t\t\t\t<\/div>\n\t\t\t\t<\/div>\n\t\t\t\t\t<\/div>\n\t\t<\/div>\n\t\t\t\t\t<\/div>\n\t\t<\/section>\n\t\t\t\t<section class=\"elementor-section elementor-top-section elementor-element elementor-element-b9303aa elementor-section-boxed elementor-section-height-default elementor-section-height-default\" data-id=\"b9303aa\" data-element_type=\"section\">\n\t\t\t\t\t\t<div class=\"elementor-container elementor-column-gap-default\">\n\t\t\t\t\t<div class=\"elementor-column elementor-col-100 elementor-top-column elementor-element elementor-element-4c9811a\" data-id=\"4c9811a\" data-element_type=\"column\">\n\t\t\t<div class=\"elementor-widget-wrap elementor-element-populated\">\n\t\t\t\t\t\t<div class=\"elementor-element elementor-element-1bb3dc4 elementor-grid-4 elementor-grid-tablet-2 elementor-grid-mobile-1 elementor-posts--thumbnail-top elementor-widget elementor-widget-posts\" data-id=\"1bb3dc4\" data-element_type=\"widget\" data-settings=\"{&quot;classic_columns&quot;:&quot;4&quot;,&quot;classic_columns_tablet&quot;:&quot;2&quot;,&quot;classic_columns_mobile&quot;:&quot;1&quot;,&quot;classic_row_gap&quot;:{&quot;unit&quot;:&quot;px&quot;,&quot;size&quot;:35,&quot;sizes&quot;:[]},&quot;classic_row_gap_tablet&quot;:{&quot;unit&quot;:&quot;px&quot;,&quot;size&quot;:&quot;&quot;,&quot;sizes&quot;:[]},&quot;classic_row_gap_mobile&quot;:{&quot;unit&quot;:&quot;px&quot;,&quot;size&quot;:&quot;&quot;,&quot;sizes&quot;:[]}}\" data-widget_type=\"posts.classic\">\n\t\t\t\t<div class=\"elementor-widget-container\">\n\t\t\t\t\t\t\t<div class=\"elementor-posts-container elementor-posts elementor-posts--skin-classic elementor-grid\" role=\"list\">\n\t\t\t\t<article class=\"elementor-post elementor-grid-item post-23778 post type-post status-publish format-standard has-post-thumbnail hentry category-idees tag-blog-barcelona tag-ideas\" role=\"listitem\">\n\t\t\t\t<a class=\"elementor-post__thumbnail__link\" href=\"https:\/\/www.willysplan.com\/ca\/idees\/historia-de-la-barceloneta-que-veure-i-que-fer\" tabindex=\"-1\" >\n\t\t\t<div class=\"elementor-post__thumbnail\"><img loading=\"lazy\" decoding=\"async\" width=\"300\" height=\"200\" src=\"https:\/\/www.willysplan.com\/wp-content\/uploads\/2024\/07\/lp7jhwnxz50-300x200.jpg\" class=\"attachment-medium size-medium wp-image-23584\" alt=\"barceloneta\" srcset=\"https:\/\/www.willysplan.com\/wp-content\/uploads\/2024\/07\/lp7jhwnxz50-300x200.jpg 300w, https:\/\/www.willysplan.com\/wp-content\/uploads\/2024\/07\/lp7jhwnxz50-1024x683.jpg 1024w, https:\/\/www.willysplan.com\/wp-content\/uploads\/2024\/07\/lp7jhwnxz50-768x512.jpg 768w, https:\/\/www.willysplan.com\/wp-content\/uploads\/2024\/07\/lp7jhwnxz50-1536x1024.jpg 1536w, https:\/\/www.willysplan.com\/wp-content\/uploads\/2024\/07\/lp7jhwnxz50-930x620.jpg 930w, https:\/\/www.willysplan.com\/wp-content\/uploads\/2024\/07\/lp7jhwnxz50-600x400.jpg 600w, https:\/\/www.willysplan.com\/wp-content\/uploads\/2024\/07\/lp7jhwnxz50.jpg 1600w\" sizes=\"(max-width: 300px) 100vw, 300px\" \/><\/div>\n\t\t<\/a>\n\t\t\t\t<div class=\"elementor-post__text\">\n\t\t\t\t<h4 class=\"elementor-post__title\">\n\t\t\t<a href=\"https:\/\/www.willysplan.com\/ca\/idees\/historia-de-la-barceloneta-que-veure-i-que-fer\" >\n\t\t\t\tHist\u00f2ria de La Barceloneta: Qu\u00e8 veure i qu\u00e8 fer\t\t\t<\/a>\n\t\t<\/h4>\n\t\t\t\t<\/div>\n\t\t\t\t<\/article>\n\t\t\t\t<article class=\"elementor-post elementor-grid-item post-23654 post type-post status-publish format-standard has-post-thumbnail hentry category-idees tag-blog-barcelona tag-ideas\" role=\"listitem\">\n\t\t\t\t<a class=\"elementor-post__thumbnail__link\" href=\"https:\/\/www.willysplan.com\/ca\/idees\/modernisme-a-barcelona-ruta-modernista-a-barcelona\" tabindex=\"-1\" >\n\t\t\t<div class=\"elementor-post__thumbnail\"><img loading=\"lazy\" decoding=\"async\" width=\"300\" height=\"200\" src=\"https:\/\/www.willysplan.com\/wp-content\/uploads\/2024\/07\/wljtoupox_u-300x200.jpg\" class=\"attachment-medium size-medium wp-image-23595\" alt=\"sagrada familia\" srcset=\"https:\/\/www.willysplan.com\/wp-content\/uploads\/2024\/07\/wljtoupox_u-300x200.jpg 300w, https:\/\/www.willysplan.com\/wp-content\/uploads\/2024\/07\/wljtoupox_u-1024x683.jpg 1024w, https:\/\/www.willysplan.com\/wp-content\/uploads\/2024\/07\/wljtoupox_u-768x512.jpg 768w, https:\/\/www.willysplan.com\/wp-content\/uploads\/2024\/07\/wljtoupox_u-1536x1024.jpg 1536w, https:\/\/www.willysplan.com\/wp-content\/uploads\/2024\/07\/wljtoupox_u-930x620.jpg 930w, https:\/\/www.willysplan.com\/wp-content\/uploads\/2024\/07\/wljtoupox_u-600x400.jpg 600w, https:\/\/www.willysplan.com\/wp-content\/uploads\/2024\/07\/wljtoupox_u.jpg 1600w\" sizes=\"(max-width: 300px) 100vw, 300px\" \/><\/div>\n\t\t<\/a>\n\t\t\t\t<div class=\"elementor-post__text\">\n\t\t\t\t<h4 class=\"elementor-post__title\">\n\t\t\t<a href=\"https:\/\/www.willysplan.com\/ca\/idees\/modernisme-a-barcelona-ruta-modernista-a-barcelona\" >\n\t\t\t\tModernisme a Barcelona: Ruta modernista a Barcelona\t\t\t<\/a>\n\t\t<\/h4>\n\t\t\t\t<\/div>\n\t\t\t\t<\/article>\n\t\t\t\t<article class=\"elementor-post elementor-grid-item post-23735 post type-post status-publish format-standard has-post-thumbnail hentry category-idees tag-blog-barcelona tag-ideas\" role=\"listitem\">\n\t\t\t\t<a class=\"elementor-post__thumbnail__link\" href=\"https:\/\/www.willysplan.com\/ca\/idees\/tours-i-rutes-per-coneixer-la-guerra-civil-espanyola-a-barcelona\" tabindex=\"-1\" >\n\t\t\t<div class=\"elementor-post__thumbnail\"><img loading=\"lazy\" decoding=\"async\" width=\"300\" height=\"177\" src=\"https:\/\/www.willysplan.com\/wp-content\/uploads\/2023\/04\/placa-felip-neri-300x177.jpg\" class=\"attachment-medium size-medium wp-image-17875\" alt=\"pla\u00e7a felip neri\" srcset=\"https:\/\/www.willysplan.com\/wp-content\/uploads\/2023\/04\/placa-felip-neri-300x177.jpg 300w, https:\/\/www.willysplan.com\/wp-content\/uploads\/2023\/04\/placa-felip-neri-1024x603.jpg 1024w, https:\/\/www.willysplan.com\/wp-content\/uploads\/2023\/04\/placa-felip-neri-768x452.jpg 768w, https:\/\/www.willysplan.com\/wp-content\/uploads\/2023\/04\/placa-felip-neri-600x353.jpg 600w, https:\/\/www.willysplan.com\/wp-content\/uploads\/2023\/04\/placa-felip-neri.jpg 1262w\" sizes=\"(max-width: 300px) 100vw, 300px\" \/><\/div>\n\t\t<\/a>\n\t\t\t\t<div class=\"elementor-post__text\">\n\t\t\t\t<h4 class=\"elementor-post__title\">\n\t\t\t<a href=\"https:\/\/www.willysplan.com\/ca\/idees\/tours-i-rutes-per-coneixer-la-guerra-civil-espanyola-a-barcelona\" >\n\t\t\t\tTours i rutes per con\u00e8ixer la guerra civil espanyola a Barcelona\t\t\t<\/a>\n\t\t<\/h4>\n\t\t\t\t<\/div>\n\t\t\t\t<\/article>\n\t\t\t\t<article class=\"elementor-post elementor-grid-item post-21751 post type-post status-publish format-standard has-post-thumbnail hentry category-idees tag-ideas\" role=\"listitem\">\n\t\t\t\t<a class=\"elementor-post__thumbnail__link\" href=\"https:\/\/www.willysplan.com\/ca\/idees\/que-veure-al-born-de-barcelona\" tabindex=\"-1\" >\n\t\t\t<div class=\"elementor-post__thumbnail\"><img loading=\"lazy\" decoding=\"async\" width=\"300\" height=\"200\" src=\"https:\/\/www.willysplan.com\/wp-content\/uploads\/2022\/06\/free-tour-born-1-300x200.webp\" class=\"attachment-medium size-medium wp-image-14913\" alt=\"free tour born barcelona\" srcset=\"https:\/\/www.willysplan.com\/wp-content\/uploads\/2022\/06\/free-tour-born-1-300x200.webp 300w, https:\/\/www.willysplan.com\/wp-content\/uploads\/2022\/06\/free-tour-born-1-768x513.webp 768w, https:\/\/www.willysplan.com\/wp-content\/uploads\/2022\/06\/free-tour-born-1-600x401.webp 600w, https:\/\/www.willysplan.com\/wp-content\/uploads\/2022\/06\/free-tour-born-1.webp 780w\" sizes=\"(max-width: 300px) 100vw, 300px\" \/><\/div>\n\t\t<\/a>\n\t\t\t\t<div class=\"elementor-post__text\">\n\t\t\t\t<h4 class=\"elementor-post__title\">\n\t\t\t<a href=\"https:\/\/www.willysplan.com\/ca\/idees\/que-veure-al-born-de-barcelona\" >\n\t\t\t\tQu\u00e8 veure al Born de Barcelona?\t\t\t<\/a>\n\t\t<\/h4>\n\t\t\t\t<\/div>\n\t\t\t\t<\/article>\n\t\t\t\t<\/div>\n\t\t\n\t\t\t\t\t\t<\/div>\n\t\t\t\t<\/div>\n\t\t\t\t\t<\/div>\n\t\t<\/div>\n\t\t\t\t\t<\/div>\n\t\t<\/section>\n\t\t\t\t<\/div>\n\t\t","protected":false},"excerpt":{"rendered":"<p>Coneixes la hist\u00f2ria de La Barceloneta? Saps per qu\u00e8 se&#8217;n diu el barri pescador de Barcelona? Coneixes els seus principals atractius tur\u00edstics? Nosaltres t&#8217;ho expliquem!<\/p>\n","protected":false},"author":1,"featured_media":23584,"comment_status":"closed","ping_status":"closed","sticky":false,"template":"","format":"standard","meta":{"neve_meta_sidebar":"","neve_meta_container":"","neve_meta_enable_content_width":"","neve_meta_content_width":0,"neve_meta_title_alignment":"","neve_meta_author_avatar":"","neve_post_elements_order":"","neve_meta_disable_header":"","neve_meta_disable_footer":"","neve_meta_disable_title":"","_joinchat":[],"footnotes":""},"categories":[462],"tags":[486,127],"class_list":["post-23778","post","type-post","status-publish","format-standard","has-post-thumbnail","hentry","category-idees","tag-blog-barcelona","tag-ideas"],"yoast_head":"<!-- This site is optimized with the Yoast SEO Premium plugin v20.1 (Yoast SEO v26.9) - https:\/\/yoast.com\/product\/yoast-seo-premium-wordpress\/ -->\n<title>Hist\u00f2ria de La Barceloneta: Qu\u00e8 veure i qu\u00e8 fer - Willy\u2019s Plan<\/title>\n<meta name=\"description\" content=\"Coneix la fascinant hist\u00f2ria de La Barceloneta: des del seu origen com a barri mariner fins a convertir-se en una de les destinacions m\u00e9s ic\u00f2niques de Barcelona.\" \/>\n<meta name=\"robots\" content=\"index, follow, max-snippet:-1, max-image-preview:large, max-video-preview:-1\" \/>\n<link rel=\"canonical\" href=\"https:\/\/www.willysplan.com\/ca\/idees\/historia-de-la-barceloneta-que-veure-i-que-fer\" \/>\n<meta property=\"og:locale\" content=\"ca_ES\" \/>\n<meta property=\"og:type\" content=\"article\" \/>\n<meta property=\"og:title\" content=\"Hist\u00f2ria de La Barceloneta: Qu\u00e8 veure i qu\u00e8 fer\" \/>\n<meta property=\"og:description\" content=\"Coneix la fascinant hist\u00f2ria de La Barceloneta: des del seu origen com a barri mariner fins a convertir-se en una de les destinacions m\u00e9s ic\u00f2niques de Barcelona.\" \/>\n<meta property=\"og:url\" content=\"https:\/\/www.willysplan.com\/ca\/idees\/historia-de-la-barceloneta-que-veure-i-que-fer\" \/>\n<meta property=\"og:site_name\" content=\"Willy&#039;s Plan \ud83c\udf43\" \/>\n<meta property=\"article:published_time\" content=\"2024-07-10T11:55:01+00:00\" \/>\n<meta property=\"article:modified_time\" content=\"2024-07-10T12:17:34+00:00\" \/>\n<meta property=\"og:image\" content=\"https:\/\/www.willysplan.com\/wp-content\/uploads\/2024\/07\/lp7jhwnxz50.jpg\" \/>\n\t<meta property=\"og:image:width\" content=\"1600\" \/>\n\t<meta property=\"og:image:height\" content=\"1067\" \/>\n\t<meta property=\"og:image:type\" content=\"image\/jpeg\" \/>\n<meta name=\"author\" content=\"admin\" \/>\n<meta name=\"twitter:card\" content=\"summary_large_image\" \/>\n<meta name=\"twitter:label1\" content=\"Escrit per\" \/>\n\t<meta name=\"twitter:data1\" content=\"admin\" \/>\n\t<meta name=\"twitter:label2\" content=\"Temps estimat de lectura\" \/>\n\t<meta name=\"twitter:data2\" content=\"9 minuts\" \/>\n<script type=\"application\/ld+json\" class=\"yoast-schema-graph\">{\"@context\":\"https:\/\/schema.org\",\"@graph\":[{\"@type\":\"Article\",\"@id\":\"https:\/\/www.willysplan.com\/ca\/idees\/historia-de-la-barceloneta-que-veure-i-que-fer#article\",\"isPartOf\":{\"@id\":\"https:\/\/www.willysplan.com\/ca\/idees\/historia-de-la-barceloneta-que-veure-i-que-fer\"},\"author\":{\"name\":\"admin\",\"@id\":\"https:\/\/www.willysplan.com\/#\/schema\/person\/58c1527a9a42e9b18a877f14136f1d47\"},\"headline\":\"Hist\u00f2ria de La Barceloneta: Qu\u00e8 veure i qu\u00e8 fer\",\"datePublished\":\"2024-07-10T11:55:01+00:00\",\"dateModified\":\"2024-07-10T12:17:34+00:00\",\"mainEntityOfPage\":{\"@id\":\"https:\/\/www.willysplan.com\/ca\/idees\/historia-de-la-barceloneta-que-veure-i-que-fer\"},\"wordCount\":1297,\"publisher\":{\"@id\":\"https:\/\/www.willysplan.com\/#organization\"},\"image\":{\"@id\":\"https:\/\/www.willysplan.com\/ca\/idees\/historia-de-la-barceloneta-que-veure-i-que-fer#primaryimage\"},\"thumbnailUrl\":\"https:\/\/www.willysplan.com\/wp-content\/uploads\/2024\/07\/lp7jhwnxz50.jpg\",\"keywords\":[\"blog barcelona\",\"ideas\"],\"articleSection\":[\"Idees\"],\"inLanguage\":\"ca\"},{\"@type\":\"WebPage\",\"@id\":\"https:\/\/www.willysplan.com\/ca\/idees\/historia-de-la-barceloneta-que-veure-i-que-fer\",\"url\":\"https:\/\/www.willysplan.com\/ca\/idees\/historia-de-la-barceloneta-que-veure-i-que-fer\",\"name\":\"Hist\u00f2ria de La Barceloneta: Qu\u00e8 veure i qu\u00e8 fer - Willy\u2019s Plan\",\"isPartOf\":{\"@id\":\"https:\/\/www.willysplan.com\/#website\"},\"primaryImageOfPage\":{\"@id\":\"https:\/\/www.willysplan.com\/ca\/idees\/historia-de-la-barceloneta-que-veure-i-que-fer#primaryimage\"},\"image\":{\"@id\":\"https:\/\/www.willysplan.com\/ca\/idees\/historia-de-la-barceloneta-que-veure-i-que-fer#primaryimage\"},\"thumbnailUrl\":\"https:\/\/www.willysplan.com\/wp-content\/uploads\/2024\/07\/lp7jhwnxz50.jpg\",\"datePublished\":\"2024-07-10T11:55:01+00:00\",\"dateModified\":\"2024-07-10T12:17:34+00:00\",\"description\":\"Coneix la fascinant hist\u00f2ria de La Barceloneta: des del seu origen com a barri mariner fins a convertir-se en una de les destinacions m\u00e9s ic\u00f2niques de Barcelona.\",\"inLanguage\":\"ca\",\"potentialAction\":[{\"@type\":\"ReadAction\",\"target\":[\"https:\/\/www.willysplan.com\/ca\/idees\/historia-de-la-barceloneta-que-veure-i-que-fer\"]}]},{\"@type\":\"ImageObject\",\"inLanguage\":\"ca\",\"@id\":\"https:\/\/www.willysplan.com\/ca\/idees\/historia-de-la-barceloneta-que-veure-i-que-fer#primaryimage\",\"url\":\"https:\/\/www.willysplan.com\/wp-content\/uploads\/2024\/07\/lp7jhwnxz50.jpg\",\"contentUrl\":\"https:\/\/www.willysplan.com\/wp-content\/uploads\/2024\/07\/lp7jhwnxz50.jpg\",\"width\":1600,\"height\":1067,\"caption\":\"barceloneta\"},{\"@type\":\"WebSite\",\"@id\":\"https:\/\/www.willysplan.com\/#website\",\"url\":\"https:\/\/www.willysplan.com\/\",\"name\":\"Willy&#039;s Plan \ud83c\udf43\",\"description\":\"Escapadas y Planes de fin de semana\",\"publisher\":{\"@id\":\"https:\/\/www.willysplan.com\/#organization\"},\"potentialAction\":[{\"@type\":\"SearchAction\",\"target\":{\"@type\":\"EntryPoint\",\"urlTemplate\":\"https:\/\/www.willysplan.com\/?s={search_term_string}\"},\"query-input\":{\"@type\":\"PropertyValueSpecification\",\"valueRequired\":true,\"valueName\":\"search_term_string\"}}],\"inLanguage\":\"ca\"},{\"@type\":\"Organization\",\"@id\":\"https:\/\/www.willysplan.com\/#organization\",\"name\":\"Willy&#039;s Plan \ud83c\udf43\",\"url\":\"https:\/\/www.willysplan.com\/\",\"logo\":{\"@type\":\"ImageObject\",\"inLanguage\":\"ca\",\"@id\":\"https:\/\/www.willysplan.com\/#\/schema\/logo\/image\/\",\"url\":\"https:\/\/www.willysplan.com\/wp-content\/uploads\/2020\/04\/cropped-logo-1.png\",\"contentUrl\":\"https:\/\/www.willysplan.com\/wp-content\/uploads\/2020\/04\/cropped-logo-1.png\",\"width\":332,\"height\":332,\"caption\":\"Willy&#039;s Plan \ud83c\udf43\"},\"image\":{\"@id\":\"https:\/\/www.willysplan.com\/#\/schema\/logo\/image\/\"}},{\"@type\":\"Person\",\"@id\":\"https:\/\/www.willysplan.com\/#\/schema\/person\/58c1527a9a42e9b18a877f14136f1d47\",\"name\":\"admin\",\"image\":{\"@type\":\"ImageObject\",\"inLanguage\":\"ca\",\"@id\":\"https:\/\/www.willysplan.com\/#\/schema\/person\/image\/\",\"url\":\"https:\/\/secure.gravatar.com\/avatar\/0b8d78e655d83cc71e0a6cd6cb0f0f99929604cd70ff0f7ac1713f248945ea9d?s=96&d=mm&r=g\",\"contentUrl\":\"https:\/\/secure.gravatar.com\/avatar\/0b8d78e655d83cc71e0a6cd6cb0f0f99929604cd70ff0f7ac1713f248945ea9d?s=96&d=mm&r=g\",\"caption\":\"admin\"},\"url\":\"https:\/\/www.willysplan.com\/ca\/author\/admin\"}]}<\/script>\n<!-- \/ Yoast SEO Premium plugin. -->","yoast_head_json":{"title":"Hist\u00f2ria de La Barceloneta: Qu\u00e8 veure i qu\u00e8 fer - Willy\u2019s Plan","description":"Coneix la fascinant hist\u00f2ria de La Barceloneta: des del seu origen com a barri mariner fins a convertir-se en una de les destinacions m\u00e9s ic\u00f2niques de Barcelona.","robots":{"index":"index","follow":"follow","max-snippet":"max-snippet:-1","max-image-preview":"max-image-preview:large","max-video-preview":"max-video-preview:-1"},"canonical":"https:\/\/www.willysplan.com\/ca\/idees\/historia-de-la-barceloneta-que-veure-i-que-fer","og_locale":"ca_ES","og_type":"article","og_title":"Hist\u00f2ria de La Barceloneta: Qu\u00e8 veure i qu\u00e8 fer","og_description":"Coneix la fascinant hist\u00f2ria de La Barceloneta: des del seu origen com a barri mariner fins a convertir-se en una de les destinacions m\u00e9s ic\u00f2niques de Barcelona.","og_url":"https:\/\/www.willysplan.com\/ca\/idees\/historia-de-la-barceloneta-que-veure-i-que-fer","og_site_name":"Willy&#039;s Plan \ud83c\udf43","article_published_time":"2024-07-10T11:55:01+00:00","article_modified_time":"2024-07-10T12:17:34+00:00","og_image":[{"width":1600,"height":1067,"url":"https:\/\/www.willysplan.com\/wp-content\/uploads\/2024\/07\/lp7jhwnxz50.jpg","type":"image\/jpeg"}],"author":"admin","twitter_card":"summary_large_image","twitter_misc":{"Escrit per":"admin","Temps estimat de lectura":"9 minuts"},"schema":{"@context":"https:\/\/schema.org","@graph":[{"@type":"Article","@id":"https:\/\/www.willysplan.com\/ca\/idees\/historia-de-la-barceloneta-que-veure-i-que-fer#article","isPartOf":{"@id":"https:\/\/www.willysplan.com\/ca\/idees\/historia-de-la-barceloneta-que-veure-i-que-fer"},"author":{"name":"admin","@id":"https:\/\/www.willysplan.com\/#\/schema\/person\/58c1527a9a42e9b18a877f14136f1d47"},"headline":"Hist\u00f2ria de La Barceloneta: Qu\u00e8 veure i qu\u00e8 fer","datePublished":"2024-07-10T11:55:01+00:00","dateModified":"2024-07-10T12:17:34+00:00","mainEntityOfPage":{"@id":"https:\/\/www.willysplan.com\/ca\/idees\/historia-de-la-barceloneta-que-veure-i-que-fer"},"wordCount":1297,"publisher":{"@id":"https:\/\/www.willysplan.com\/#organization"},"image":{"@id":"https:\/\/www.willysplan.com\/ca\/idees\/historia-de-la-barceloneta-que-veure-i-que-fer#primaryimage"},"thumbnailUrl":"https:\/\/www.willysplan.com\/wp-content\/uploads\/2024\/07\/lp7jhwnxz50.jpg","keywords":["blog barcelona","ideas"],"articleSection":["Idees"],"inLanguage":"ca"},{"@type":"WebPage","@id":"https:\/\/www.willysplan.com\/ca\/idees\/historia-de-la-barceloneta-que-veure-i-que-fer","url":"https:\/\/www.willysplan.com\/ca\/idees\/historia-de-la-barceloneta-que-veure-i-que-fer","name":"Hist\u00f2ria de La Barceloneta: Qu\u00e8 veure i qu\u00e8 fer - Willy\u2019s Plan","isPartOf":{"@id":"https:\/\/www.willysplan.com\/#website"},"primaryImageOfPage":{"@id":"https:\/\/www.willysplan.com\/ca\/idees\/historia-de-la-barceloneta-que-veure-i-que-fer#primaryimage"},"image":{"@id":"https:\/\/www.willysplan.com\/ca\/idees\/historia-de-la-barceloneta-que-veure-i-que-fer#primaryimage"},"thumbnailUrl":"https:\/\/www.willysplan.com\/wp-content\/uploads\/2024\/07\/lp7jhwnxz50.jpg","datePublished":"2024-07-10T11:55:01+00:00","dateModified":"2024-07-10T12:17:34+00:00","description":"Coneix la fascinant hist\u00f2ria de La Barceloneta: des del seu origen com a barri mariner fins a convertir-se en una de les destinacions m\u00e9s ic\u00f2niques de Barcelona.","inLanguage":"ca","potentialAction":[{"@type":"ReadAction","target":["https:\/\/www.willysplan.com\/ca\/idees\/historia-de-la-barceloneta-que-veure-i-que-fer"]}]},{"@type":"ImageObject","inLanguage":"ca","@id":"https:\/\/www.willysplan.com\/ca\/idees\/historia-de-la-barceloneta-que-veure-i-que-fer#primaryimage","url":"https:\/\/www.willysplan.com\/wp-content\/uploads\/2024\/07\/lp7jhwnxz50.jpg","contentUrl":"https:\/\/www.willysplan.com\/wp-content\/uploads\/2024\/07\/lp7jhwnxz50.jpg","width":1600,"height":1067,"caption":"barceloneta"},{"@type":"WebSite","@id":"https:\/\/www.willysplan.com\/#website","url":"https:\/\/www.willysplan.com\/","name":"Willy&#039;s Plan \ud83c\udf43","description":"Escapadas y Planes de fin de semana","publisher":{"@id":"https:\/\/www.willysplan.com\/#organization"},"potentialAction":[{"@type":"SearchAction","target":{"@type":"EntryPoint","urlTemplate":"https:\/\/www.willysplan.com\/?s={search_term_string}"},"query-input":{"@type":"PropertyValueSpecification","valueRequired":true,"valueName":"search_term_string"}}],"inLanguage":"ca"},{"@type":"Organization","@id":"https:\/\/www.willysplan.com\/#organization","name":"Willy&#039;s Plan \ud83c\udf43","url":"https:\/\/www.willysplan.com\/","logo":{"@type":"ImageObject","inLanguage":"ca","@id":"https:\/\/www.willysplan.com\/#\/schema\/logo\/image\/","url":"https:\/\/www.willysplan.com\/wp-content\/uploads\/2020\/04\/cropped-logo-1.png","contentUrl":"https:\/\/www.willysplan.com\/wp-content\/uploads\/2020\/04\/cropped-logo-1.png","width":332,"height":332,"caption":"Willy&#039;s Plan \ud83c\udf43"},"image":{"@id":"https:\/\/www.willysplan.com\/#\/schema\/logo\/image\/"}},{"@type":"Person","@id":"https:\/\/www.willysplan.com\/#\/schema\/person\/58c1527a9a42e9b18a877f14136f1d47","name":"admin","image":{"@type":"ImageObject","inLanguage":"ca","@id":"https:\/\/www.willysplan.com\/#\/schema\/person\/image\/","url":"https:\/\/secure.gravatar.com\/avatar\/0b8d78e655d83cc71e0a6cd6cb0f0f99929604cd70ff0f7ac1713f248945ea9d?s=96&d=mm&r=g","contentUrl":"https:\/\/secure.gravatar.com\/avatar\/0b8d78e655d83cc71e0a6cd6cb0f0f99929604cd70ff0f7ac1713f248945ea9d?s=96&d=mm&r=g","caption":"admin"},"url":"https:\/\/www.willysplan.com\/ca\/author\/admin"}]}},"_links":{"self":[{"href":"https:\/\/www.willysplan.com\/ca\/wp-json\/wp\/v2\/posts\/23778","targetHints":{"allow":["GET"]}}],"collection":[{"href":"https:\/\/www.willysplan.com\/ca\/wp-json\/wp\/v2\/posts"}],"about":[{"href":"https:\/\/www.willysplan.com\/ca\/wp-json\/wp\/v2\/types\/post"}],"author":[{"embeddable":true,"href":"https:\/\/www.willysplan.com\/ca\/wp-json\/wp\/v2\/users\/1"}],"replies":[{"embeddable":true,"href":"https:\/\/www.willysplan.com\/ca\/wp-json\/wp\/v2\/comments?post=23778"}],"version-history":[{"count":7,"href":"https:\/\/www.willysplan.com\/ca\/wp-json\/wp\/v2\/posts\/23778\/revisions"}],"predecessor-version":[{"id":23787,"href":"https:\/\/www.willysplan.com\/ca\/wp-json\/wp\/v2\/posts\/23778\/revisions\/23787"}],"wp:featuredmedia":[{"embeddable":true,"href":"https:\/\/www.willysplan.com\/ca\/wp-json\/wp\/v2\/media\/23584"}],"wp:attachment":[{"href":"https:\/\/www.willysplan.com\/ca\/wp-json\/wp\/v2\/media?parent=23778"}],"wp:term":[{"taxonomy":"category","embeddable":true,"href":"https:\/\/www.willysplan.com\/ca\/wp-json\/wp\/v2\/categories?post=23778"},{"taxonomy":"post_tag","embeddable":true,"href":"https:\/\/www.willysplan.com\/ca\/wp-json\/wp\/v2\/tags?post=23778"}],"curies":[{"name":"wp","href":"https:\/\/api.w.org\/{rel}","templated":true}]}}