{"id":23735,"date":"2024-07-09T14:21:21","date_gmt":"2024-07-09T13:21:21","guid":{"rendered":"https:\/\/willysplan.com\/uncategorized-ca\/tours-y-rutas-para-conocer-la-guerra-civil-espanola-en-barcelona"},"modified":"2024-07-09T14:59:07","modified_gmt":"2024-07-09T13:59:07","slug":"tours-i-rutes-per-coneixer-la-guerra-civil-espanyola-a-barcelona","status":"publish","type":"post","link":"https:\/\/www.willysplan.com\/ca\/idees\/tours-i-rutes-per-coneixer-la-guerra-civil-espanyola-a-barcelona","title":{"rendered":"Tours i rutes per con\u00e8ixer la guerra civil espanyola a Barcelona"},"content":{"rendered":"\t\t<div data-elementor-type=\"wp-post\" data-elementor-id=\"23735\" class=\"elementor elementor-23735 elementor-23703\" data-elementor-post-type=\"post\">\n\t\t\t\t\t\t<section class=\"elementor-section elementor-top-section elementor-element elementor-element-671cd3c elementor-section-boxed elementor-section-height-default elementor-section-height-default\" data-id=\"671cd3c\" data-element_type=\"section\">\n\t\t\t\t\t\t<div class=\"elementor-container elementor-column-gap-default\">\n\t\t\t\t\t<div class=\"elementor-column elementor-col-100 elementor-top-column elementor-element elementor-element-eaffc38\" data-id=\"eaffc38\" data-element_type=\"column\">\n\t\t\t<div class=\"elementor-widget-wrap elementor-element-populated\">\n\t\t\t\t\t\t<div class=\"elementor-element elementor-element-ac561a4 elementor-widget elementor-widget-text-editor\" data-id=\"ac561a4\" data-element_type=\"widget\" data-widget_type=\"text-editor.default\">\n\t\t\t\t<div class=\"elementor-widget-container\">\n\t\t\t\t\t\t\t\t\t<p>Saps qu\u00e8 va passar durant la guerra civil espanyola a Barcelona? Coneixes quines van ser les repercussions d&#8217;aquest conflicte? T&#8217;ho expliquem des del respecte perqu\u00e8 puguis entendre el que va patir la poblaci\u00f3 fa una mica m\u00e9s de 80 anys.<\/p><p>La guerra civil espanyola va marcar un abans i un despr\u00e9s a la ciutat de Barcelona, \u200b\u200baix\u00ed com als altres llocs de tota la pen\u00ednsula. Aquest conflicte b\u00e8l\u00b7lic entre ve\u00efns va deixar moltes cicatrius a l&#8217;urbs, per\u00f2 tamb\u00e9 va permetre que Barcelona s&#8217;aixequ\u00e9s com la ciutat que \u00e9s avui dia, revolucion\u00e0ria, cultural i resistent.<\/p><p>A Willy&#8217;s Plan, us oferim el tour de la guerra civil a Barcelona, \u200b\u200bamb el qual podreu con\u00e8ixer a fons els motius d&#8217;aquest conflicte i com les vides dels habitants van quedar marcades per sempre.<\/p>\t\t\t\t\t\t\t\t<\/div>\n\t\t\t\t<\/div>\n\t\t\t\t\t<\/div>\n\t\t<\/div>\n\t\t\t\t\t<\/div>\n\t\t<\/section>\n\t\t\t\t<section class=\"elementor-section elementor-top-section elementor-element elementor-element-36fe8d4 elementor-section-boxed elementor-section-height-default elementor-section-height-default\" data-id=\"36fe8d4\" data-element_type=\"section\">\n\t\t\t\t\t\t<div class=\"elementor-container elementor-column-gap-default\">\n\t\t\t\t\t<div class=\"elementor-column elementor-col-100 elementor-top-column elementor-element elementor-element-da527a3\" data-id=\"da527a3\" data-element_type=\"column\">\n\t\t\t<div class=\"elementor-widget-wrap elementor-element-populated\">\n\t\t\t\t\t\t<div class=\"elementor-element elementor-element-005077d elementor-widget elementor-widget-heading\" data-id=\"005077d\" data-element_type=\"widget\" data-widget_type=\"heading.default\">\n\t\t\t\t<div class=\"elementor-widget-container\">\n\t\t\t\t\t<h2 class=\"elementor-heading-title elementor-size-default\">Per qu\u00e8 fer un tour de la guerra civil espanyola a Barcelona?<\/h2>\t\t\t\t<\/div>\n\t\t\t\t<\/div>\n\t\t\t\t\t<\/div>\n\t\t<\/div>\n\t\t\t\t\t<\/div>\n\t\t<\/section>\n\t\t\t\t<section class=\"elementor-section elementor-top-section elementor-element elementor-element-7f4c7b3 elementor-section-boxed elementor-section-height-default elementor-section-height-default\" data-id=\"7f4c7b3\" data-element_type=\"section\">\n\t\t\t\t\t\t<div class=\"elementor-container elementor-column-gap-default\">\n\t\t\t\t\t<div class=\"elementor-column elementor-col-100 elementor-top-column elementor-element elementor-element-6186e27\" data-id=\"6186e27\" data-element_type=\"column\">\n\t\t\t<div class=\"elementor-widget-wrap elementor-element-populated\">\n\t\t\t\t\t\t<div class=\"elementor-element elementor-element-f148a1d elementor-widget elementor-widget-text-editor\" data-id=\"f148a1d\" data-element_type=\"widget\" data-widget_type=\"text-editor.default\">\n\t\t\t\t<div class=\"elementor-widget-container\">\n\t\t\t\t\t\t\t\t\t<p>Durant els anys 1936 a 1939, Barcelona va viure intensament la guerra civil espanyola, un conflicte que no nom\u00e9s va involucrar soldats, sin\u00f3 que va afectar tota la poblaci\u00f3 civil. Aquest tour del Willy&#8217;s Plan us portar\u00e0 a descobrir aquests dif\u00edcils anys amb un guia expert en la hist\u00f2ria d&#8217;Espanya. A trav\u00e9s dels seus relats, comprendr\u00e0s les diferents etapes de la guerra i els esdeveniments clau que van deixar una petjada permanent a Barcelona.<\/p><p>L\u00b4objectiu d\u00b4aquest recorregut \u00e9s descobrir les empremtes encara visibles dels bombardejos i les conseq\u00fc\u00e8ncies de la guerra a Barcelona. No se centra en els monuments m\u00e9s coneguts o els edificis emblem\u00e0tics, sin\u00f3 als llocs que guarden mem\u00f2ries m\u00e9s profundes.<\/p><p>La ruta travessa llocs com Pla\u00e7a Catalunya, la Rambla, el Barri G\u00f2tic, el Raval i el Poble Sec. A cada parada, el guia et donar\u00e0 explicacions detallades sobre els esdeveniments que van tenir lloc all\u00e0 durant la Guerra Civil. Pots fer-li preguntes i ell estar\u00e0 encantat de respondre-les perqu\u00e8 entenguis b\u00e9 aquest per\u00edode hist\u00f2ric tan complex.<\/p>\t\t\t\t\t\t\t\t<\/div>\n\t\t\t\t<\/div>\n\t\t\t\t\t<\/div>\n\t\t<\/div>\n\t\t\t\t\t<\/div>\n\t\t<\/section>\n\t\t\t\t<section class=\"elementor-section elementor-top-section elementor-element elementor-element-87a37a6 elementor-section-boxed elementor-section-height-default elementor-section-height-default\" data-id=\"87a37a6\" data-element_type=\"section\">\n\t\t\t\t\t\t<div class=\"elementor-container elementor-column-gap-default\">\n\t\t\t\t\t<div class=\"elementor-column elementor-col-100 elementor-top-column elementor-element elementor-element-33575ee\" data-id=\"33575ee\" data-element_type=\"column\">\n\t\t\t<div class=\"elementor-widget-wrap elementor-element-populated\">\n\t\t\t\t\t\t<div class=\"elementor-element elementor-element-b68e0e4 elementor-align-center elementor-widget elementor-widget-button\" data-id=\"b68e0e4\" data-element_type=\"widget\" data-widget_type=\"button.default\">\n\t\t\t\t<div class=\"elementor-widget-container\">\n\t\t\t\t\t\t\t\t\t<div class=\"elementor-button-wrapper\">\n\t\t\t\t\t<a class=\"elementor-button elementor-button-link elementor-size-md\" href=\"https:\/\/www.willysplan.com\/ca\/tours-privats-a-barcelona\">\n\t\t\t\t\t\t<span class=\"elementor-button-content-wrapper\">\n\t\t\t\t\t\t\t\t\t<span class=\"elementor-button-text\">Veure tots els nostres tours privats<\/span>\n\t\t\t\t\t<\/span>\n\t\t\t\t\t<\/a>\n\t\t\t\t<\/div>\n\t\t\t\t\t\t\t\t<\/div>\n\t\t\t\t<\/div>\n\t\t\t\t<div class=\"elementor-element elementor-element-f4b9a7a elementor-widget elementor-widget-heading\" data-id=\"f4b9a7a\" data-element_type=\"widget\" data-widget_type=\"heading.default\">\n\t\t\t\t<div class=\"elementor-widget-container\">\n\t\t\t\t\t<h2 class=\"elementor-heading-title elementor-size-default\">Quines s\u00f3n les cicatrius de Barcelona durant la guerra civil?<\/h2>\t\t\t\t<\/div>\n\t\t\t\t<\/div>\n\t\t\t\t<div class=\"elementor-element elementor-element-0637bc3 elementor-widget elementor-widget-text-editor\" data-id=\"0637bc3\" data-element_type=\"widget\" data-widget_type=\"text-editor.default\">\n\t\t\t\t<div class=\"elementor-widget-container\">\n\t\t\t\t\t\t\t\t\t<p>La ciutat de Barcelona t\u00e9 el lema que \u201cno oblida mai\u201d, perqu\u00e8 creu que els successos de la guerra civil a la ciutat comtal han de continuar explicant-se de generaci\u00f3 en generaci\u00f3 perqu\u00e8 la hist\u00f2ria no es torni a repetir. Sota la superf\u00edcie, la Ciutat Comtal amaga moltes cicatrius de la guerra civil espanyola a Catalunya i te&#8217;n presentarem algunes.<\/p>\t\t\t\t\t\t\t\t<\/div>\n\t\t\t\t<\/div>\n\t\t\t\t\t<\/div>\n\t\t<\/div>\n\t\t\t\t\t<\/div>\n\t\t<\/section>\n\t\t\t\t<section class=\"elementor-section elementor-top-section elementor-element elementor-element-36de432 elementor-section-boxed elementor-section-height-default elementor-section-height-default\" data-id=\"36de432\" data-element_type=\"section\">\n\t\t\t\t\t\t<div class=\"elementor-container elementor-column-gap-default\">\n\t\t\t\t\t<div class=\"elementor-column elementor-col-50 elementor-top-column elementor-element elementor-element-30a85ea\" data-id=\"30a85ea\" data-element_type=\"column\">\n\t\t\t<div class=\"elementor-widget-wrap elementor-element-populated\">\n\t\t\t\t\t\t<div class=\"elementor-element elementor-element-e84c83f elementor-widget elementor-widget-heading\" data-id=\"e84c83f\" data-element_type=\"widget\" data-widget_type=\"heading.default\">\n\t\t\t\t<div class=\"elementor-widget-container\">\n\t\t\t\t\t<h2 class=\"elementor-heading-title elementor-size-default\">1. Els b\u00fankers del Carmel<\/h2>\t\t\t\t<\/div>\n\t\t\t\t<\/div>\n\t\t\t\t<div class=\"elementor-element elementor-element-254baa4 elementor-widget elementor-widget-image\" data-id=\"254baa4\" data-element_type=\"widget\" data-widget_type=\"image.default\">\n\t\t\t\t<div class=\"elementor-widget-container\">\n\t\t\t\t\t\t\t\t\t\t\t\t\t\t\t<img fetchpriority=\"high\" decoding=\"async\" width=\"768\" height=\"510\" src=\"https:\/\/www.willysplan.com\/wp-content\/uploads\/2024\/07\/5350999-768x510.jpg\" class=\"attachment-medium_large size-medium_large wp-image-23706\" alt=\"Los b\u00fankers del Carmel\" srcset=\"https:\/\/www.willysplan.com\/wp-content\/uploads\/2024\/07\/5350999-768x510.jpg 768w, https:\/\/www.willysplan.com\/wp-content\/uploads\/2024\/07\/5350999-300x199.jpg 300w, https:\/\/www.willysplan.com\/wp-content\/uploads\/2024\/07\/5350999-1024x680.jpg 1024w, https:\/\/www.willysplan.com\/wp-content\/uploads\/2024\/07\/5350999-1536x1020.jpg 1536w, https:\/\/www.willysplan.com\/wp-content\/uploads\/2024\/07\/5350999-600x399.jpg 600w, https:\/\/www.willysplan.com\/wp-content\/uploads\/2024\/07\/5350999.jpg 1600w\" sizes=\"(max-width: 768px) 100vw, 768px\" \/>\t\t\t\t\t\t\t\t\t\t\t\t\t\t\t<\/div>\n\t\t\t\t<\/div>\n\t\t\t\t\t<\/div>\n\t\t<\/div>\n\t\t\t\t<div class=\"elementor-column elementor-col-50 elementor-top-column elementor-element elementor-element-391cda5\" data-id=\"391cda5\" data-element_type=\"column\">\n\t\t\t<div class=\"elementor-widget-wrap elementor-element-populated\">\n\t\t\t\t\t\t<div class=\"elementor-element elementor-element-b390bb5 elementor-widget elementor-widget-google_maps\" data-id=\"b390bb5\" data-element_type=\"widget\" data-widget_type=\"google_maps.default\">\n\t\t\t\t<div class=\"elementor-widget-container\">\n\t\t\t\t\t\t\t<div class=\"elementor-custom-embed\">\n\t\t\t<iframe loading=\"lazy\"\n\t\t\t\t\tsrc=\"https:\/\/maps.google.com\/maps?q=Los%20b%C3%BAnkers%20del%20Carmel&#038;t=m&#038;z=13&#038;output=embed&#038;iwloc=near\"\n\t\t\t\t\ttitle=\"Los b\u00fankers del Carmel\"\n\t\t\t\t\taria-label=\"Los b\u00fankers del Carmel\"\n\t\t\t><\/iframe>\n\t\t<\/div>\n\t\t\t\t\t\t<\/div>\n\t\t\t\t<\/div>\n\t\t\t\t\t<\/div>\n\t\t<\/div>\n\t\t\t\t\t<\/div>\n\t\t<\/section>\n\t\t\t\t<section class=\"elementor-section elementor-top-section elementor-element elementor-element-090337d elementor-section-boxed elementor-section-height-default elementor-section-height-default\" data-id=\"090337d\" data-element_type=\"section\">\n\t\t\t\t\t\t<div class=\"elementor-container elementor-column-gap-default\">\n\t\t\t\t\t<div class=\"elementor-column elementor-col-100 elementor-top-column elementor-element elementor-element-10259a1\" data-id=\"10259a1\" data-element_type=\"column\">\n\t\t\t<div class=\"elementor-widget-wrap elementor-element-populated\">\n\t\t\t\t\t\t<div class=\"elementor-element elementor-element-67842ef elementor-widget elementor-widget-text-editor\" data-id=\"67842ef\" data-element_type=\"widget\" data-widget_type=\"text-editor.default\">\n\t\t\t\t<div class=\"elementor-widget-container\">\n\t\t\t\t\t\t\t\t\t<p>Els b\u00fanquers del Carmel formen part de la ruta de la guerra civil a Barcelona. Van ser aixecats al Tur\u00f3 de la Rovira el 1937 per defensar Barcelona dels bombardejos franquistes, i es van convertir en zones vitals al costat de les bateries de Sant Pere M\u00e0rtir.<\/p><p>Despr\u00e9s de la guerra, la zona es va convertir en un barri de barraques. Avui aquest lloc \u00e9s fam\u00f3s per oferir una de les millors vistes de Barcelona. \u00c9s un punt de trobada on els grups d\u00b4amics es reuneixen per gaudir del paisatge urb\u00e0 des de les altures.<\/p>\t\t\t\t\t\t\t\t<\/div>\n\t\t\t\t<\/div>\n\t\t\t\t\t<\/div>\n\t\t<\/div>\n\t\t\t\t\t<\/div>\n\t\t<\/section>\n\t\t\t\t<section class=\"elementor-section elementor-top-section elementor-element elementor-element-bcd2741 elementor-section-boxed elementor-section-height-default elementor-section-height-default\" data-id=\"bcd2741\" data-element_type=\"section\">\n\t\t\t\t\t\t<div class=\"elementor-container elementor-column-gap-default\">\n\t\t\t\t\t<div class=\"elementor-column elementor-col-100 elementor-top-column elementor-element elementor-element-a6f1b89\" data-id=\"a6f1b89\" data-element_type=\"column\">\n\t\t\t<div class=\"elementor-widget-wrap elementor-element-populated\">\n\t\t\t\t\t\t<div class=\"elementor-element elementor-element-01d1728 elementor-cta--layout-image-left elementor-cta--valign-middle elementor-hidden-mobile elementor-cta--skin-classic elementor-animated-content elementor-widget elementor-widget-call-to-action\" data-id=\"01d1728\" data-element_type=\"widget\" data-widget_type=\"call-to-action.default\">\n\t\t\t\t<div class=\"elementor-widget-container\">\n\t\t\t\t\t\t\t<a class=\"elementor-cta\" href=\"https:\/\/www.willysplan.com\/ca\/tours-privados-barcelona\/tour-pel-barri-gotic-de-barcelona\">\n\t\t\t\t\t<div class=\"elementor-cta__bg-wrapper\">\n\t\t\t\t<div class=\"elementor-cta__bg elementor-bg\" style=\"background-image: url(https:\/\/www.willysplan.com\/wp-content\/uploads\/2022\/06\/barrio-gotico-noche.webp);\" role=\"img\" aria-label=\"barrio-gotico-noche\"><\/div>\n\t\t\t\t<div class=\"elementor-cta__bg-overlay\"><\/div>\n\t\t\t<\/div>\n\t\t\t\t\t\t\t<div class=\"elementor-cta__content\">\n\t\t\t\t\n\t\t\t\t\t\t\t\t\t<h2 class=\"elementor-cta__title elementor-cta__content-item elementor-content-item\">\n\t\t\t\t\t\tTour pel Barri G\u00f2tic de Barcelona\t\t\t\t\t<\/h2>\n\t\t\t\t\n\t\t\t\t\t\t\t\t\t<div class=\"elementor-cta__description elementor-cta__content-item elementor-content-item\">\n\t\t\t\t\t\t\u2b50\u2b50\u2b50\u2b50\u2b50<br><br>\ud83d\udd50 2 horas.<br>\ud83d\udcac Espa\u00f1ol, Ingl\u00e9s, Italiano, Franc\u00e9s, Portugu\u00e9s, Alem\u00e1n, Chino, Ruso y \u00c1rabe.<br>\u2714 Cancelaci\u00f3n gratuita.\t\t\t\t\t<\/div>\n\t\t\t\t\n\t\t\t\t\t\t\t<\/div>\n\t\t\t\t\t\t\t<div class=\"elementor-ribbon elementor-ribbon-right\">\n\t\t\t\t<div class=\"elementor-ribbon-inner\">\n\t\t\t\t\tDesde 70\u20ac\t\t\t\t<\/div>\n\t\t\t<\/div>\n\t\t\t\t<\/a>\n\t\t\t\t\t\t<\/div>\n\t\t\t\t<\/div>\n\t\t\t\t\t<\/div>\n\t\t<\/div>\n\t\t\t\t\t<\/div>\n\t\t<\/section>\n\t\t\t\t<section class=\"elementor-section elementor-top-section elementor-element elementor-element-adc6b60 elementor-section-boxed elementor-section-height-default elementor-section-height-default\" data-id=\"adc6b60\" data-element_type=\"section\">\n\t\t\t\t\t\t<div class=\"elementor-container elementor-column-gap-default\">\n\t\t\t\t\t<div class=\"elementor-column elementor-col-100 elementor-top-column elementor-element elementor-element-a95bd13\" data-id=\"a95bd13\" data-element_type=\"column\">\n\t\t\t<div class=\"elementor-widget-wrap elementor-element-populated\">\n\t\t\t\t\t\t<div class=\"elementor-element elementor-element-ef0c3bd elementor-cta--layout-image-above elementor-cta--valign-middle elementor-cta--mobile-layout-image-above elementor-hidden-desktop elementor-hidden-tablet elementor-cta--skin-classic elementor-animated-content elementor-widget elementor-widget-call-to-action\" data-id=\"ef0c3bd\" data-element_type=\"widget\" data-widget_type=\"call-to-action.default\">\n\t\t\t\t<div class=\"elementor-widget-container\">\n\t\t\t\t\t\t\t<a class=\"elementor-cta\" href=\"https:\/\/www.willysplan.com\/ca\/tours-privados-barcelona\/tour-pel-barri-gotic-de-barcelona\">\n\t\t\t\t\t<div class=\"elementor-cta__bg-wrapper\">\n\t\t\t\t<div class=\"elementor-cta__bg elementor-bg\" style=\"background-image: url(https:\/\/www.willysplan.com\/wp-content\/uploads\/2022\/06\/barrio-gotico-noche.webp);\" role=\"img\" aria-label=\"barrio-gotico-noche\"><\/div>\n\t\t\t\t<div class=\"elementor-cta__bg-overlay\"><\/div>\n\t\t\t<\/div>\n\t\t\t\t\t\t\t<div class=\"elementor-cta__content\">\n\t\t\t\t\n\t\t\t\t\t\t\t\t\t<h2 class=\"elementor-cta__title elementor-cta__content-item elementor-content-item\">\n\t\t\t\t\t\tTour pel Barri G\u00f2tic de Barcelona\t\t\t\t\t<\/h2>\n\t\t\t\t\n\t\t\t\t\t\t\t\t\t<div class=\"elementor-cta__description elementor-cta__content-item elementor-content-item\">\n\t\t\t\t\t\t\u2b50\u2b50\u2b50\u2b50\u2b50<br><br>\ud83d\udd50 2 horas.<br>\ud83d\udcac Espa\u00f1ol, Ingl\u00e9s, Italiano, Franc\u00e9s, Portugu\u00e9s, Alem\u00e1n, Chino, Ruso y \u00c1rabe.<br>\u2714 Cancelaci\u00f3n gratuita.\t\t\t\t\t<\/div>\n\t\t\t\t\n\t\t\t\t\t\t\t<\/div>\n\t\t\t\t\t\t\t<div class=\"elementor-ribbon elementor-ribbon-right\">\n\t\t\t\t<div class=\"elementor-ribbon-inner\">\n\t\t\t\t\tDesde 70\u20ac\t\t\t\t<\/div>\n\t\t\t<\/div>\n\t\t\t\t<\/a>\n\t\t\t\t\t\t<\/div>\n\t\t\t\t<\/div>\n\t\t\t\t\t<\/div>\n\t\t<\/div>\n\t\t\t\t\t<\/div>\n\t\t<\/section>\n\t\t\t\t<section class=\"elementor-section elementor-top-section elementor-element elementor-element-ba72905 elementor-section-boxed elementor-section-height-default elementor-section-height-default\" data-id=\"ba72905\" data-element_type=\"section\">\n\t\t\t\t\t\t<div class=\"elementor-container elementor-column-gap-default\">\n\t\t\t\t\t<div class=\"elementor-column elementor-col-100 elementor-top-column elementor-element elementor-element-206c7fb\" data-id=\"206c7fb\" data-element_type=\"column\">\n\t\t\t<div class=\"elementor-widget-wrap elementor-element-populated\">\n\t\t\t\t\t\t<div class=\"elementor-element elementor-element-b6eb005 elementor-align-center elementor-widget elementor-widget-button\" data-id=\"b6eb005\" data-element_type=\"widget\" data-widget_type=\"button.default\">\n\t\t\t\t<div class=\"elementor-widget-container\">\n\t\t\t\t\t\t\t\t\t<div class=\"elementor-button-wrapper\">\n\t\t\t\t\t<a class=\"elementor-button elementor-button-link elementor-size-md\" href=\"https:\/\/www.willysplan.com\/ca\/tours-privats-a-barcelona\">\n\t\t\t\t\t\t<span class=\"elementor-button-content-wrapper\">\n\t\t\t\t\t\t\t\t\t<span class=\"elementor-button-text\">Veure tots els nostres tours privats<\/span>\n\t\t\t\t\t<\/span>\n\t\t\t\t\t<\/a>\n\t\t\t\t<\/div>\n\t\t\t\t\t\t\t\t<\/div>\n\t\t\t\t<\/div>\n\t\t\t\t\t<\/div>\n\t\t<\/div>\n\t\t\t\t\t<\/div>\n\t\t<\/section>\n\t\t\t\t<section class=\"elementor-section elementor-top-section elementor-element elementor-element-228dd78 elementor-section-boxed elementor-section-height-default elementor-section-height-default\" data-id=\"228dd78\" data-element_type=\"section\">\n\t\t\t\t\t\t<div class=\"elementor-container elementor-column-gap-default\">\n\t\t\t\t\t<div class=\"elementor-column elementor-col-100 elementor-top-column elementor-element elementor-element-6fe37a6\" data-id=\"6fe37a6\" data-element_type=\"column\">\n\t\t\t<div class=\"elementor-widget-wrap elementor-element-populated\">\n\t\t\t\t\t\t<div class=\"elementor-element elementor-element-c9dcbd0 elementor-widget elementor-widget-heading\" data-id=\"c9dcbd0\" data-element_type=\"widget\" data-widget_type=\"heading.default\">\n\t\t\t\t<div class=\"elementor-widget-container\">\n\t\t\t\t\t<h3 class=\"elementor-heading-title elementor-size-default\">2. Refugi del Palau de les Heures<\/h3>\t\t\t\t<\/div>\n\t\t\t\t<\/div>\n\t\t\t\t\t<\/div>\n\t\t<\/div>\n\t\t\t\t\t<\/div>\n\t\t<\/section>\n\t\t\t\t<section class=\"elementor-section elementor-top-section elementor-element elementor-element-9dde891 elementor-section-boxed elementor-section-height-default elementor-section-height-default\" data-id=\"9dde891\" data-element_type=\"section\">\n\t\t\t\t\t\t<div class=\"elementor-container elementor-column-gap-default\">\n\t\t\t\t\t<div class=\"elementor-column elementor-col-50 elementor-top-column elementor-element elementor-element-efd1b5f\" data-id=\"efd1b5f\" data-element_type=\"column\">\n\t\t\t<div class=\"elementor-widget-wrap elementor-element-populated\">\n\t\t\t\t\t\t<div class=\"elementor-element elementor-element-52923a4 elementor-widget elementor-widget-image\" data-id=\"52923a4\" data-element_type=\"widget\" data-widget_type=\"image.default\">\n\t\t\t\t<div class=\"elementor-widget-container\">\n\t\t\t\t\t\t\t\t\t\t\t\t\t\t\t<img decoding=\"async\" width=\"992\" height=\"558\" src=\"https:\/\/www.willysplan.com\/wp-content\/uploads\/2024\/07\/refugi1.webp\" class=\"attachment-large size-large wp-image-23709\" alt=\"Refugio del Palau de les Heures\" srcset=\"https:\/\/www.willysplan.com\/wp-content\/uploads\/2024\/07\/refugi1.webp 992w, https:\/\/www.willysplan.com\/wp-content\/uploads\/2024\/07\/refugi1-300x169.webp 300w, https:\/\/www.willysplan.com\/wp-content\/uploads\/2024\/07\/refugi1-768x432.webp 768w, https:\/\/www.willysplan.com\/wp-content\/uploads\/2024\/07\/refugi1-600x338.webp 600w\" sizes=\"(max-width: 992px) 100vw, 992px\" \/>\t\t\t\t\t\t\t\t\t\t\t\t\t\t\t<\/div>\n\t\t\t\t<\/div>\n\t\t\t\t\t<\/div>\n\t\t<\/div>\n\t\t\t\t<div class=\"elementor-column elementor-col-50 elementor-top-column elementor-element elementor-element-a40f723\" data-id=\"a40f723\" data-element_type=\"column\">\n\t\t\t<div class=\"elementor-widget-wrap elementor-element-populated\">\n\t\t\t\t\t\t<div class=\"elementor-element elementor-element-8ebd04f elementor-widget elementor-widget-google_maps\" data-id=\"8ebd04f\" data-element_type=\"widget\" data-widget_type=\"google_maps.default\">\n\t\t\t\t<div class=\"elementor-widget-container\">\n\t\t\t\t\t\t\t<div class=\"elementor-custom-embed\">\n\t\t\t<iframe loading=\"lazy\"\n\t\t\t\t\tsrc=\"https:\/\/maps.google.com\/maps?q=Refugio%20del%20Palau%20de%20les%20Heures&#038;t=m&#038;z=12&#038;output=embed&#038;iwloc=near\"\n\t\t\t\t\ttitle=\"Refugio del Palau de les Heures\"\n\t\t\t\t\taria-label=\"Refugio del Palau de les Heures\"\n\t\t\t><\/iframe>\n\t\t<\/div>\n\t\t\t\t\t\t<\/div>\n\t\t\t\t<\/div>\n\t\t\t\t\t<\/div>\n\t\t<\/div>\n\t\t\t\t\t<\/div>\n\t\t<\/section>\n\t\t\t\t<section class=\"elementor-section elementor-top-section elementor-element elementor-element-649f78d elementor-section-boxed elementor-section-height-default elementor-section-height-default\" data-id=\"649f78d\" data-element_type=\"section\">\n\t\t\t\t\t\t<div class=\"elementor-container elementor-column-gap-default\">\n\t\t\t\t\t<div class=\"elementor-column elementor-col-100 elementor-top-column elementor-element elementor-element-bd8f266\" data-id=\"bd8f266\" data-element_type=\"column\">\n\t\t\t<div class=\"elementor-widget-wrap elementor-element-populated\">\n\t\t\t\t\t\t<div class=\"elementor-element elementor-element-6131457 elementor-widget elementor-widget-text-editor\" data-id=\"6131457\" data-element_type=\"widget\" data-widget_type=\"text-editor.default\">\n\t\t\t\t<div class=\"elementor-widget-container\">\n\t\t\t\t\t\t\t\t\t<p>El refugi del Palau de les Heures es troba en excel\u00b7lent estat de conservaci\u00f3, fins i tot conserva la seva instal\u00b7laci\u00f3 el\u00e8ctrica original. Tot i aix\u00f2, per visitar aquest vestigi de la guerra civil a Catalunya cal obtenir perm\u00eds de la Universitat de Barcelona i la Diputaci\u00f3 de Barcelona, \u200b\u200bja que \u00e9s la propiet\u00e0ria del Palau de les Heures.<\/p>\t\t\t\t\t\t\t\t<\/div>\n\t\t\t\t<\/div>\n\t\t\t\t\t<\/div>\n\t\t<\/div>\n\t\t\t\t\t<\/div>\n\t\t<\/section>\n\t\t\t\t<section class=\"elementor-section elementor-top-section elementor-element elementor-element-934cfa6 elementor-section-boxed elementor-section-height-default elementor-section-height-default\" data-id=\"934cfa6\" data-element_type=\"section\">\n\t\t\t\t\t\t<div class=\"elementor-container elementor-column-gap-default\">\n\t\t\t\t\t<div class=\"elementor-column elementor-col-100 elementor-top-column elementor-element elementor-element-6d28942\" data-id=\"6d28942\" data-element_type=\"column\">\n\t\t\t<div class=\"elementor-widget-wrap elementor-element-populated\">\n\t\t\t\t\t\t<div class=\"elementor-element elementor-element-24f2b10 elementor-widget elementor-widget-heading\" data-id=\"24f2b10\" data-element_type=\"widget\" data-widget_type=\"heading.default\">\n\t\t\t\t<div class=\"elementor-widget-container\">\n\t\t\t\t\t<h3 class=\"elementor-heading-title elementor-size-default\">3. La cru\u00eflla entre el Passeig de Gr\u00e0cia i l'Avinguda Diagonal<\/h3>\t\t\t\t<\/div>\n\t\t\t\t<\/div>\n\t\t\t\t\t<\/div>\n\t\t<\/div>\n\t\t\t\t\t<\/div>\n\t\t<\/section>\n\t\t\t\t<section class=\"elementor-section elementor-top-section elementor-element elementor-element-5a266e9 elementor-section-boxed elementor-section-height-default elementor-section-height-default\" data-id=\"5a266e9\" data-element_type=\"section\">\n\t\t\t\t\t\t<div class=\"elementor-container elementor-column-gap-default\">\n\t\t\t\t\t<div class=\"elementor-column elementor-col-50 elementor-top-column elementor-element elementor-element-8ca8f7f\" data-id=\"8ca8f7f\" data-element_type=\"column\">\n\t\t\t<div class=\"elementor-widget-wrap elementor-element-populated\">\n\t\t\t\t\t\t<div class=\"elementor-element elementor-element-55b0b90 elementor-widget__width-initial elementor-widget elementor-widget-image\" data-id=\"55b0b90\" data-element_type=\"widget\" data-widget_type=\"image.default\">\n\t\t\t\t<div class=\"elementor-widget-container\">\n\t\t\t\t\t\t\t\t\t\t\t\t\t\t\t<img decoding=\"async\" width=\"549\" height=\"420\" src=\"https:\/\/www.willysplan.com\/wp-content\/uploads\/2024\/07\/passeig.png\" class=\"attachment-large size-large wp-image-23718\" alt=\"El cruce entre el Paseo de Gr\u00e0cia y la Avenida Diagonal\" srcset=\"https:\/\/www.willysplan.com\/wp-content\/uploads\/2024\/07\/passeig.png 549w, https:\/\/www.willysplan.com\/wp-content\/uploads\/2024\/07\/passeig-300x230.png 300w\" sizes=\"(max-width: 549px) 100vw, 549px\" \/>\t\t\t\t\t\t\t\t\t\t\t\t\t\t\t<\/div>\n\t\t\t\t<\/div>\n\t\t\t\t\t<\/div>\n\t\t<\/div>\n\t\t\t\t<div class=\"elementor-column elementor-col-50 elementor-top-column elementor-element elementor-element-3e5315c\" data-id=\"3e5315c\" data-element_type=\"column\">\n\t\t\t<div class=\"elementor-widget-wrap elementor-element-populated\">\n\t\t\t\t\t\t<div class=\"elementor-element elementor-element-2ac84a8 elementor-widget elementor-widget-google_maps\" data-id=\"2ac84a8\" data-element_type=\"widget\" data-widget_type=\"google_maps.default\">\n\t\t\t\t<div class=\"elementor-widget-container\">\n\t\t\t\t\t\t\t<div class=\"elementor-custom-embed\">\n\t\t\t<iframe loading=\"lazy\"\n\t\t\t\t\tsrc=\"https:\/\/maps.google.com\/maps?q=El%20cruce%20entre%20el%20Paseo%20de%20Gr%C3%A0cia%20y%20la%20Avenida%20Diagonal&#038;t=m&#038;z=12&#038;output=embed&#038;iwloc=near\"\n\t\t\t\t\ttitle=\"El cruce entre el Paseo de Gr\u00e0cia y la Avenida Diagonal\"\n\t\t\t\t\taria-label=\"El cruce entre el Paseo de Gr\u00e0cia y la Avenida Diagonal\"\n\t\t\t><\/iframe>\n\t\t<\/div>\n\t\t\t\t\t\t<\/div>\n\t\t\t\t<\/div>\n\t\t\t\t\t<\/div>\n\t\t<\/div>\n\t\t\t\t\t<\/div>\n\t\t<\/section>\n\t\t\t\t<section class=\"elementor-section elementor-top-section elementor-element elementor-element-7dd4d6d elementor-section-boxed elementor-section-height-default elementor-section-height-default\" data-id=\"7dd4d6d\" data-element_type=\"section\">\n\t\t\t\t\t\t<div class=\"elementor-container elementor-column-gap-default\">\n\t\t\t\t\t<div class=\"elementor-column elementor-col-100 elementor-top-column elementor-element elementor-element-eab2445\" data-id=\"eab2445\" data-element_type=\"column\">\n\t\t\t<div class=\"elementor-widget-wrap elementor-element-populated\">\n\t\t\t\t\t\t<div class=\"elementor-element elementor-element-fc5f76d elementor-widget elementor-widget-text-editor\" data-id=\"fc5f76d\" data-element_type=\"widget\" data-widget_type=\"text-editor.default\">\n\t\t\t\t<div class=\"elementor-widget-container\">\n\t\t\t\t\t\t\t\t\t<p>La cru\u00eflla entre el Passeig de Gr\u00e0cia i l&#8217;Avinguda Diagonal a Barcelona ha estat testimoni de moments clau a la hist\u00f2ria local. Al juliol de 1936, milers de persones es van congregar per acomiadar milicians que partien cap al front d&#8217;Arag\u00f3, responent a la crida del sindicat CNT-FAI.<\/p><p>Dos anys despr\u00e9s, el 28 d&#8217;octubre del 1938, la ciutat va homenatjar les Brigades Internacionals, voluntaris de 54 pa\u00efsos que van donar suport a la Rep\u00fablica durant la Guerra Civil. Aquest lloc continua sent un punt de mem\u00f2ria important per entendre Barcelona a la guerra civil i compta amb un monument al districte d&#8217;Horta-Guinard\u00f3 que en recorda el sacrifici i el comprom\u00eds en els temps dolents.<\/p>\t\t\t\t\t\t\t\t<\/div>\n\t\t\t\t<\/div>\n\t\t\t\t\t<\/div>\n\t\t<\/div>\n\t\t\t\t\t<\/div>\n\t\t<\/section>\n\t\t\t\t<section class=\"elementor-section elementor-top-section elementor-element elementor-element-463b1d6 elementor-section-boxed elementor-section-height-default elementor-section-height-default\" data-id=\"463b1d6\" data-element_type=\"section\">\n\t\t\t\t\t\t<div class=\"elementor-container elementor-column-gap-default\">\n\t\t\t\t\t<div class=\"elementor-column elementor-col-100 elementor-top-column elementor-element elementor-element-906796f\" data-id=\"906796f\" data-element_type=\"column\">\n\t\t\t<div class=\"elementor-widget-wrap elementor-element-populated\">\n\t\t\t\t\t\t<div class=\"elementor-element elementor-element-add74af elementor-widget elementor-widget-heading\" data-id=\"add74af\" data-element_type=\"widget\" data-widget_type=\"heading.default\">\n\t\t\t\t<div class=\"elementor-widget-container\">\n\t\t\t\t\t<h3 class=\"elementor-heading-title elementor-size-default\">4. Restes de las pintures a Primo de Rivera<\/h3>\t\t\t\t<\/div>\n\t\t\t\t<\/div>\n\t\t\t\t\t<\/div>\n\t\t<\/div>\n\t\t\t\t\t<\/div>\n\t\t<\/section>\n\t\t\t\t<section class=\"elementor-section elementor-top-section elementor-element elementor-element-17f4fe2 elementor-section-boxed elementor-section-height-default elementor-section-height-default\" data-id=\"17f4fe2\" data-element_type=\"section\">\n\t\t\t\t\t\t<div class=\"elementor-container elementor-column-gap-default\">\n\t\t\t\t\t<div class=\"elementor-column elementor-col-50 elementor-top-column elementor-element elementor-element-e70c3b5\" data-id=\"e70c3b5\" data-element_type=\"column\">\n\t\t\t<div class=\"elementor-widget-wrap elementor-element-populated\">\n\t\t\t\t\t\t<div class=\"elementor-element elementor-element-6952af3 elementor-widget elementor-widget-image\" data-id=\"6952af3\" data-element_type=\"widget\" data-widget_type=\"image.default\">\n\t\t\t\t<div class=\"elementor-widget-container\">\n\t\t\t\t\t\t\t\t\t\t\t\t\t\t\t<img loading=\"lazy\" decoding=\"async\" width=\"1024\" height=\"484\" src=\"https:\/\/www.willysplan.com\/wp-content\/uploads\/2024\/07\/rpimo-1024x484.png\" class=\"attachment-large size-large wp-image-23724\" alt=\"Restos de las pinturas a Primo de Rivera\" srcset=\"https:\/\/www.willysplan.com\/wp-content\/uploads\/2024\/07\/rpimo-1024x484.png 1024w, https:\/\/www.willysplan.com\/wp-content\/uploads\/2024\/07\/rpimo-300x142.png 300w, https:\/\/www.willysplan.com\/wp-content\/uploads\/2024\/07\/rpimo-768x363.png 768w, https:\/\/www.willysplan.com\/wp-content\/uploads\/2024\/07\/rpimo-600x284.png 600w, https:\/\/www.willysplan.com\/wp-content\/uploads\/2024\/07\/rpimo.png 1182w\" sizes=\"(max-width: 1024px) 100vw, 1024px\" \/>\t\t\t\t\t\t\t\t\t\t\t\t\t\t\t<\/div>\n\t\t\t\t<\/div>\n\t\t\t\t\t<\/div>\n\t\t<\/div>\n\t\t\t\t<div class=\"elementor-column elementor-col-50 elementor-top-column elementor-element elementor-element-4eea298\" data-id=\"4eea298\" data-element_type=\"column\">\n\t\t\t<div class=\"elementor-widget-wrap elementor-element-populated\">\n\t\t\t\t\t\t<div class=\"elementor-element elementor-element-d04aa7e elementor-widget elementor-widget-google_maps\" data-id=\"d04aa7e\" data-element_type=\"widget\" data-widget_type=\"google_maps.default\">\n\t\t\t\t<div class=\"elementor-widget-container\">\n\t\t\t\t\t\t\t<div class=\"elementor-custom-embed\">\n\t\t\t<iframe loading=\"lazy\"\n\t\t\t\t\tsrc=\"https:\/\/maps.google.com\/maps?q=pla%C3%A7a%20catalunya%20barcelona&#038;t=m&#038;z=12&#038;output=embed&#038;iwloc=near\"\n\t\t\t\t\ttitle=\"pla\u00e7a catalunya barcelona\"\n\t\t\t\t\taria-label=\"pla\u00e7a catalunya barcelona\"\n\t\t\t><\/iframe>\n\t\t<\/div>\n\t\t\t\t\t\t<\/div>\n\t\t\t\t<\/div>\n\t\t\t\t\t<\/div>\n\t\t<\/div>\n\t\t\t\t\t<\/div>\n\t\t<\/section>\n\t\t\t\t<section class=\"elementor-section elementor-top-section elementor-element elementor-element-9e9ef71 elementor-section-boxed elementor-section-height-default elementor-section-height-default\" data-id=\"9e9ef71\" data-element_type=\"section\">\n\t\t\t\t\t\t<div class=\"elementor-container elementor-column-gap-default\">\n\t\t\t\t\t<div class=\"elementor-column elementor-col-100 elementor-top-column elementor-element elementor-element-5ca7731\" data-id=\"5ca7731\" data-element_type=\"column\">\n\t\t\t<div class=\"elementor-widget-wrap elementor-element-populated\">\n\t\t\t\t\t\t<div class=\"elementor-element elementor-element-1aafa5b elementor-widget elementor-widget-text-editor\" data-id=\"1aafa5b\" data-element_type=\"widget\" data-widget_type=\"text-editor.default\">\n\t\t\t\t<div class=\"elementor-widget-container\">\n\t\t\t\t\t\t\t\t\t<p>A l&#8217;\u00e8poca de la dictadura de Primo de Rivera, es van realitzar pintures al mur de la catedral cap al carrer Santa Ll\u00facia. All\u00ed es va inscriure en lletres vermelles &#8220;Jos\u00e9 Antonio Primo de Rivera &#8211; Present&#8221; al costat d&#8217;una creu. Durant gaireb\u00e9 quaranta anys, els falangistes barcelonins van fer ofrenes florals cada 20 de novembre en aquest lloc, seguides d?una missa en honor al l\u00edder i altres membres del partit morts.<\/p><p>M\u00e9s que un monument, aquesta \u00e9s una curiositat de la guerra civil espanyola a Catalunya, que pots visitar quan siguis a la Catedral de Barcelona.<\/p>\t\t\t\t\t\t\t\t<\/div>\n\t\t\t\t<\/div>\n\t\t\t\t\t<\/div>\n\t\t<\/div>\n\t\t\t\t\t<\/div>\n\t\t<\/section>\n\t\t\t\t<section class=\"elementor-section elementor-top-section elementor-element elementor-element-f734620 elementor-section-boxed elementor-section-height-default elementor-section-height-default\" data-id=\"f734620\" data-element_type=\"section\">\n\t\t\t\t\t\t<div class=\"elementor-container elementor-column-gap-default\">\n\t\t\t\t\t<div class=\"elementor-column elementor-col-100 elementor-top-column elementor-element elementor-element-eefd421\" data-id=\"eefd421\" data-element_type=\"column\">\n\t\t\t<div class=\"elementor-widget-wrap elementor-element-populated\">\n\t\t\t\t\t\t<div class=\"elementor-element elementor-element-6939752 elementor-cta--layout-image-left elementor-cta--valign-middle elementor-hidden-mobile elementor-cta--skin-classic elementor-animated-content elementor-widget elementor-widget-call-to-action\" data-id=\"6939752\" data-element_type=\"widget\" data-widget_type=\"call-to-action.default\">\n\t\t\t\t<div class=\"elementor-widget-container\">\n\t\t\t\t\t\t\t<a class=\"elementor-cta\" href=\"https:\/\/www.willysplan.com\/ca\/tours-privados-barcelona\/tour-pel-passeig-de-gracia\">\n\t\t\t\t\t<div class=\"elementor-cta__bg-wrapper\">\n\t\t\t\t<div class=\"elementor-cta__bg elementor-bg\" style=\"background-image: url(https:\/\/www.willysplan.com\/wp-content\/uploads\/2022\/10\/Passeig-de-gracia-1-1024x685.webp);\" role=\"img\" aria-label=\"tour por el passeig de gracia\"><\/div>\n\t\t\t\t<div class=\"elementor-cta__bg-overlay\"><\/div>\n\t\t\t<\/div>\n\t\t\t\t\t\t\t<div class=\"elementor-cta__content\">\n\t\t\t\t\n\t\t\t\t\t\t\t\t\t<h2 class=\"elementor-cta__title elementor-cta__content-item elementor-content-item\">\n\t\t\t\t\t\tTour pel Passeig de Gr\u00e0cia\t\t\t\t\t<\/h2>\n\t\t\t\t\n\t\t\t\t\t\t\t\t\t<div class=\"elementor-cta__description elementor-cta__content-item elementor-content-item\">\n\t\t\t\t\t\t\u2b50\u2b50\u2b50\u2b50\u2b50<br><br>\ud83d\udd50 2 horas.<br>\ud83d\udcac Espa\u00f1ol, Ingl\u00e9s, Italiano, Franc\u00e9s, Portugu\u00e9s, Alem\u00e1n, Chino, Ruso y \u00c1rabe.<br>\u2714 Cancelaci\u00f3n gratuita.\t\t\t\t\t<\/div>\n\t\t\t\t\n\t\t\t\t\t\t\t<\/div>\n\t\t\t\t\t\t\t<div class=\"elementor-ribbon elementor-ribbon-right\">\n\t\t\t\t<div class=\"elementor-ribbon-inner\">\n\t\t\t\t\tDesde 70\u20ac\t\t\t\t<\/div>\n\t\t\t<\/div>\n\t\t\t\t<\/a>\n\t\t\t\t\t\t<\/div>\n\t\t\t\t<\/div>\n\t\t\t\t\t<\/div>\n\t\t<\/div>\n\t\t\t\t\t<\/div>\n\t\t<\/section>\n\t\t\t\t<section class=\"elementor-section elementor-top-section elementor-element elementor-element-1554571 elementor-section-boxed elementor-section-height-default elementor-section-height-default\" data-id=\"1554571\" data-element_type=\"section\">\n\t\t\t\t\t\t<div class=\"elementor-container elementor-column-gap-default\">\n\t\t\t\t\t<div class=\"elementor-column elementor-col-100 elementor-top-column elementor-element elementor-element-e76a831\" data-id=\"e76a831\" data-element_type=\"column\">\n\t\t\t<div class=\"elementor-widget-wrap elementor-element-populated\">\n\t\t\t\t\t\t<div class=\"elementor-element elementor-element-3f2c459 elementor-cta--layout-image-above elementor-cta--valign-middle elementor-cta--mobile-layout-image-above elementor-hidden-desktop elementor-hidden-tablet elementor-cta--skin-classic elementor-animated-content elementor-widget elementor-widget-call-to-action\" data-id=\"3f2c459\" data-element_type=\"widget\" data-widget_type=\"call-to-action.default\">\n\t\t\t\t<div class=\"elementor-widget-container\">\n\t\t\t\t\t\t\t<a class=\"elementor-cta\" href=\"https:\/\/www.willysplan.com\/ca\/tours-privados-barcelona\/tour-pel-passeig-de-gracia\">\n\t\t\t\t\t<div class=\"elementor-cta__bg-wrapper\">\n\t\t\t\t<div class=\"elementor-cta__bg elementor-bg\" style=\"background-image: url(https:\/\/www.willysplan.com\/wp-content\/uploads\/2022\/10\/Passeig-de-gracia-1-1024x685.webp);\" role=\"img\" aria-label=\"tour por el passeig de gracia\"><\/div>\n\t\t\t\t<div class=\"elementor-cta__bg-overlay\"><\/div>\n\t\t\t<\/div>\n\t\t\t\t\t\t\t<div class=\"elementor-cta__content\">\n\t\t\t\t\n\t\t\t\t\t\t\t\t\t<h2 class=\"elementor-cta__title elementor-cta__content-item elementor-content-item\">\n\t\t\t\t\t\tTour pel Passeig de Gr\u00e0cia\t\t\t\t\t<\/h2>\n\t\t\t\t\n\t\t\t\t\t\t\t\t\t<div class=\"elementor-cta__description elementor-cta__content-item elementor-content-item\">\n\t\t\t\t\t\t\u2b50\u2b50\u2b50\u2b50\u2b50<br><br>\ud83d\udd50 2 horas.<br>\ud83d\udcac Espa\u00f1ol, Ingl\u00e9s, Italiano, Franc\u00e9s, Portugu\u00e9s, Alem\u00e1n, Chino, Ruso y \u00c1rabe.<br>\u2714 Cancelaci\u00f3n gratuita.\t\t\t\t\t<\/div>\n\t\t\t\t\n\t\t\t\t\t\t\t<\/div>\n\t\t\t\t\t\t\t<div class=\"elementor-ribbon elementor-ribbon-right\">\n\t\t\t\t<div class=\"elementor-ribbon-inner\">\n\t\t\t\t\tDesde 70\u20ac\t\t\t\t<\/div>\n\t\t\t<\/div>\n\t\t\t\t<\/a>\n\t\t\t\t\t\t<\/div>\n\t\t\t\t<\/div>\n\t\t\t\t\t<\/div>\n\t\t<\/div>\n\t\t\t\t\t<\/div>\n\t\t<\/section>\n\t\t\t\t<section class=\"elementor-section elementor-top-section elementor-element elementor-element-7bb36bb elementor-section-boxed elementor-section-height-default elementor-section-height-default\" data-id=\"7bb36bb\" data-element_type=\"section\">\n\t\t\t\t\t\t<div class=\"elementor-container elementor-column-gap-default\">\n\t\t\t\t\t<div class=\"elementor-column elementor-col-100 elementor-top-column elementor-element elementor-element-09c6d3a\" data-id=\"09c6d3a\" data-element_type=\"column\">\n\t\t\t<div class=\"elementor-widget-wrap elementor-element-populated\">\n\t\t\t\t\t\t<div class=\"elementor-element elementor-element-4ede867 elementor-align-center elementor-widget elementor-widget-button\" data-id=\"4ede867\" data-element_type=\"widget\" data-widget_type=\"button.default\">\n\t\t\t\t<div class=\"elementor-widget-container\">\n\t\t\t\t\t\t\t\t\t<div class=\"elementor-button-wrapper\">\n\t\t\t\t\t<a class=\"elementor-button elementor-button-link elementor-size-md\" href=\"https:\/\/www.willysplan.com\/ca\/tours-privats-a-barcelona\">\n\t\t\t\t\t\t<span class=\"elementor-button-content-wrapper\">\n\t\t\t\t\t\t\t\t\t<span class=\"elementor-button-text\">Veure tots els nostres tours privats<\/span>\n\t\t\t\t\t<\/span>\n\t\t\t\t\t<\/a>\n\t\t\t\t<\/div>\n\t\t\t\t\t\t\t\t<\/div>\n\t\t\t\t<\/div>\n\t\t\t\t\t<\/div>\n\t\t<\/div>\n\t\t\t\t\t<\/div>\n\t\t<\/section>\n\t\t\t\t<section class=\"elementor-section elementor-top-section elementor-element elementor-element-15b5636 elementor-section-boxed elementor-section-height-default elementor-section-height-default\" data-id=\"15b5636\" data-element_type=\"section\">\n\t\t\t\t\t\t<div class=\"elementor-container elementor-column-gap-default\">\n\t\t\t\t\t<div class=\"elementor-column elementor-col-100 elementor-top-column elementor-element elementor-element-bdb4769\" data-id=\"bdb4769\" data-element_type=\"column\">\n\t\t\t<div class=\"elementor-widget-wrap elementor-element-populated\">\n\t\t\t\t\t\t<div class=\"elementor-element elementor-element-b9343a2 elementor-widget elementor-widget-heading\" data-id=\"b9343a2\" data-element_type=\"widget\" data-widget_type=\"heading.default\">\n\t\t\t\t<div class=\"elementor-widget-container\">\n\t\t\t\t\t<h3 class=\"elementor-heading-title elementor-size-default\">5. Tomba de Durruti<\/h3>\t\t\t\t<\/div>\n\t\t\t\t<\/div>\n\t\t\t\t\t<\/div>\n\t\t<\/div>\n\t\t\t\t\t<\/div>\n\t\t<\/section>\n\t\t\t\t<section class=\"elementor-section elementor-top-section elementor-element elementor-element-75483c7 elementor-section-boxed elementor-section-height-default elementor-section-height-default\" data-id=\"75483c7\" data-element_type=\"section\">\n\t\t\t\t\t\t<div class=\"elementor-container elementor-column-gap-default\">\n\t\t\t\t\t<div class=\"elementor-column elementor-col-50 elementor-top-column elementor-element elementor-element-1aab861\" data-id=\"1aab861\" data-element_type=\"column\">\n\t\t\t<div class=\"elementor-widget-wrap elementor-element-populated\">\n\t\t\t\t\t\t<div class=\"elementor-element elementor-element-b5fd43b elementor-widget elementor-widget-image\" data-id=\"b5fd43b\" data-element_type=\"widget\" data-widget_type=\"image.default\">\n\t\t\t\t<div class=\"elementor-widget-container\">\n\t\t\t\t\t\t\t\t\t\t\t\t\t\t\t<img loading=\"lazy\" decoding=\"async\" width=\"1024\" height=\"538\" src=\"https:\/\/www.willysplan.com\/wp-content\/uploads\/2024\/07\/Tumba-de-Durruti-1024x538.jpg\" class=\"attachment-large size-large wp-image-23727\" alt=\"Tumba de Durruti\" srcset=\"https:\/\/www.willysplan.com\/wp-content\/uploads\/2024\/07\/Tumba-de-Durruti-1024x538.jpg 1024w, https:\/\/www.willysplan.com\/wp-content\/uploads\/2024\/07\/Tumba-de-Durruti-300x158.jpg 300w, https:\/\/www.willysplan.com\/wp-content\/uploads\/2024\/07\/Tumba-de-Durruti-768x403.jpg 768w, https:\/\/www.willysplan.com\/wp-content\/uploads\/2024\/07\/Tumba-de-Durruti-600x315.jpg 600w, https:\/\/www.willysplan.com\/wp-content\/uploads\/2024\/07\/Tumba-de-Durruti.jpg 1200w\" sizes=\"(max-width: 1024px) 100vw, 1024px\" \/>\t\t\t\t\t\t\t\t\t\t\t\t\t\t\t<\/div>\n\t\t\t\t<\/div>\n\t\t\t\t\t<\/div>\n\t\t<\/div>\n\t\t\t\t<div class=\"elementor-column elementor-col-50 elementor-top-column elementor-element elementor-element-151e5f7\" data-id=\"151e5f7\" data-element_type=\"column\">\n\t\t\t<div class=\"elementor-widget-wrap elementor-element-populated\">\n\t\t\t\t\t\t<div class=\"elementor-element elementor-element-3e97a93 elementor-widget elementor-widget-google_maps\" data-id=\"3e97a93\" data-element_type=\"widget\" data-widget_type=\"google_maps.default\">\n\t\t\t\t<div class=\"elementor-widget-container\">\n\t\t\t\t\t\t\t<div class=\"elementor-custom-embed\">\n\t\t\t<iframe loading=\"lazy\"\n\t\t\t\t\tsrc=\"https:\/\/maps.google.com\/maps?q=Tumba%20de%20Durruti&#038;t=m&#038;z=12&#038;output=embed&#038;iwloc=near\"\n\t\t\t\t\ttitle=\"Tumba de Durruti\"\n\t\t\t\t\taria-label=\"Tumba de Durruti\"\n\t\t\t><\/iframe>\n\t\t<\/div>\n\t\t\t\t\t\t<\/div>\n\t\t\t\t<\/div>\n\t\t\t\t\t<\/div>\n\t\t<\/div>\n\t\t\t\t\t<\/div>\n\t\t<\/section>\n\t\t\t\t<section class=\"elementor-section elementor-top-section elementor-element elementor-element-125a922 elementor-section-boxed elementor-section-height-default elementor-section-height-default\" data-id=\"125a922\" data-element_type=\"section\">\n\t\t\t\t\t\t<div class=\"elementor-container elementor-column-gap-default\">\n\t\t\t\t\t<div class=\"elementor-column elementor-col-100 elementor-top-column elementor-element elementor-element-4016297\" data-id=\"4016297\" data-element_type=\"column\">\n\t\t\t<div class=\"elementor-widget-wrap elementor-element-populated\">\n\t\t\t\t\t\t<div class=\"elementor-element elementor-element-f575834 elementor-widget elementor-widget-text-editor\" data-id=\"f575834\" data-element_type=\"widget\" data-widget_type=\"text-editor.default\">\n\t\t\t\t<div class=\"elementor-widget-container\">\n\t\t\t\t\t\t\t\t\t<p>Bonaventura Durruti va ser un l\u00edder anarquista espanyol, i una figura clau durant la Guerra Civil. La seva vida va acabar tr\u00e0gicament a Barcelona, \u200b\u200bon va ser assassinat als 40 anys per un tret al pit. Durruti descansa al cementiri de Montju\u00efc, convertit en un s\u00edmbol de llibertat i resist\u00e8ncia.<\/p><p>La seva tomba \u00e9s un dels punts m\u00e9s visitats del cementiri, cosa que reflecteix la seva influ\u00e8ncia al llarg dels anys a la hist\u00f2ria espanyola.<\/p>\t\t\t\t\t\t\t\t<\/div>\n\t\t\t\t<\/div>\n\t\t\t\t\t<\/div>\n\t\t<\/div>\n\t\t\t\t\t<\/div>\n\t\t<\/section>\n\t\t\t\t<section class=\"elementor-section elementor-top-section elementor-element elementor-element-98a519b elementor-section-boxed elementor-section-height-default elementor-section-height-default\" data-id=\"98a519b\" data-element_type=\"section\">\n\t\t\t\t\t\t<div class=\"elementor-container elementor-column-gap-default\">\n\t\t\t\t\t<div class=\"elementor-column elementor-col-100 elementor-top-column elementor-element elementor-element-c89e483\" data-id=\"c89e483\" data-element_type=\"column\">\n\t\t\t<div class=\"elementor-widget-wrap elementor-element-populated\">\n\t\t\t\t\t\t<div class=\"elementor-element elementor-element-d246774 elementor-cta--layout-image-left elementor-cta--valign-middle elementor-hidden-mobile elementor-cta--skin-classic elementor-animated-content elementor-widget elementor-widget-call-to-action\" data-id=\"d246774\" data-element_type=\"widget\" data-widget_type=\"call-to-action.default\">\n\t\t\t\t<div class=\"elementor-widget-container\">\n\t\t\t\t\t\t\t<a class=\"elementor-cta\" href=\"https:\/\/www.willysplan.com\/ca\/tours-privados-barcelona\/tour-per-la-barceloneta\">\n\t\t\t\t\t<div class=\"elementor-cta__bg-wrapper\">\n\t\t\t\t<div class=\"elementor-cta__bg elementor-bg\" style=\"background-image: url(https:\/\/www.willysplan.com\/wp-content\/uploads\/2022\/10\/tour-por-la-barceloneta.webp);\" role=\"img\" aria-label=\"ruta por la barceloneta\"><\/div>\n\t\t\t\t<div class=\"elementor-cta__bg-overlay\"><\/div>\n\t\t\t<\/div>\n\t\t\t\t\t\t\t<div class=\"elementor-cta__content\">\n\t\t\t\t\n\t\t\t\t\t\t\t\t\t<h2 class=\"elementor-cta__title elementor-cta__content-item elementor-content-item\">\n\t\t\t\t\t\tTour per La Barceloneta (la platja de Barcelona)\t\t\t\t\t<\/h2>\n\t\t\t\t\n\t\t\t\t\t\t\t\t\t<div class=\"elementor-cta__description elementor-cta__content-item elementor-content-item\">\n\t\t\t\t\t\t\u2b50\u2b50\u2b50\u2b50\u2b50<br><br>\ud83d\udd50 2 horas.<br>\ud83d\udcac Espa\u00f1ol, Ingl\u00e9s, Italiano, Franc\u00e9s, Portugu\u00e9s, Alem\u00e1n, Chino, Ruso y \u00c1rabe.<br>\u2714 Cancelaci\u00f3n gratuita.\t\t\t\t\t<\/div>\n\t\t\t\t\n\t\t\t\t\t\t\t<\/div>\n\t\t\t\t\t\t\t<div class=\"elementor-ribbon elementor-ribbon-right\">\n\t\t\t\t<div class=\"elementor-ribbon-inner\">\n\t\t\t\t\tDesde 70\u20ac\t\t\t\t<\/div>\n\t\t\t<\/div>\n\t\t\t\t<\/a>\n\t\t\t\t\t\t<\/div>\n\t\t\t\t<\/div>\n\t\t\t\t\t<\/div>\n\t\t<\/div>\n\t\t\t\t\t<\/div>\n\t\t<\/section>\n\t\t\t\t<section class=\"elementor-section elementor-top-section elementor-element elementor-element-6f25b6e elementor-section-boxed elementor-section-height-default elementor-section-height-default\" data-id=\"6f25b6e\" data-element_type=\"section\">\n\t\t\t\t\t\t<div class=\"elementor-container elementor-column-gap-default\">\n\t\t\t\t\t<div class=\"elementor-column elementor-col-100 elementor-top-column elementor-element elementor-element-af43684\" data-id=\"af43684\" data-element_type=\"column\">\n\t\t\t<div class=\"elementor-widget-wrap elementor-element-populated\">\n\t\t\t\t\t\t<div class=\"elementor-element elementor-element-70e64b6 elementor-cta--layout-image-above elementor-cta--valign-middle elementor-cta--mobile-layout-image-above elementor-hidden-desktop elementor-hidden-tablet elementor-cta--skin-classic elementor-animated-content elementor-widget elementor-widget-call-to-action\" data-id=\"70e64b6\" data-element_type=\"widget\" data-widget_type=\"call-to-action.default\">\n\t\t\t\t<div class=\"elementor-widget-container\">\n\t\t\t\t\t\t\t<a class=\"elementor-cta\" href=\"https:\/\/www.willysplan.com\/ca\/tours-privados-barcelona\/tour-per-la-barceloneta\">\n\t\t\t\t\t<div class=\"elementor-cta__bg-wrapper\">\n\t\t\t\t<div class=\"elementor-cta__bg elementor-bg\" style=\"background-image: url(https:\/\/www.willysplan.com\/wp-content\/uploads\/2022\/10\/tour-por-la-barceloneta.webp);\" role=\"img\" aria-label=\"ruta por la barceloneta\"><\/div>\n\t\t\t\t<div class=\"elementor-cta__bg-overlay\"><\/div>\n\t\t\t<\/div>\n\t\t\t\t\t\t\t<div class=\"elementor-cta__content\">\n\t\t\t\t\n\t\t\t\t\t\t\t\t\t<h2 class=\"elementor-cta__title elementor-cta__content-item elementor-content-item\">\n\t\t\t\t\t\tTour per La Barceloneta (la platja de Barcelona)\t\t\t\t\t<\/h2>\n\t\t\t\t\n\t\t\t\t\t\t\t\t\t<div class=\"elementor-cta__description elementor-cta__content-item elementor-content-item\">\n\t\t\t\t\t\t\u2b50\u2b50\u2b50\u2b50\u2b50<br><br>\ud83d\udd50 2 horas.<br>\ud83d\udcac Espa\u00f1ol, Ingl\u00e9s, Italiano, Franc\u00e9s, Portugu\u00e9s, Alem\u00e1n, Chino, Ruso y \u00c1rabe.<br>\u2714 Cancelaci\u00f3n gratuita.\t\t\t\t\t<\/div>\n\t\t\t\t\n\t\t\t\t\t\t\t<\/div>\n\t\t\t\t\t\t\t<div class=\"elementor-ribbon elementor-ribbon-right\">\n\t\t\t\t<div class=\"elementor-ribbon-inner\">\n\t\t\t\t\tDesde 70\u20ac\t\t\t\t<\/div>\n\t\t\t<\/div>\n\t\t\t\t<\/a>\n\t\t\t\t\t\t<\/div>\n\t\t\t\t<\/div>\n\t\t\t\t\t<\/div>\n\t\t<\/div>\n\t\t\t\t\t<\/div>\n\t\t<\/section>\n\t\t\t\t<section class=\"elementor-section elementor-top-section elementor-element elementor-element-8243f0b elementor-section-boxed elementor-section-height-default elementor-section-height-default\" data-id=\"8243f0b\" data-element_type=\"section\">\n\t\t\t\t\t\t<div class=\"elementor-container elementor-column-gap-default\">\n\t\t\t\t\t<div class=\"elementor-column elementor-col-100 elementor-top-column elementor-element elementor-element-4a67f0e\" data-id=\"4a67f0e\" data-element_type=\"column\">\n\t\t\t<div class=\"elementor-widget-wrap elementor-element-populated\">\n\t\t\t\t\t\t<div class=\"elementor-element elementor-element-42e62f1 elementor-align-center elementor-widget elementor-widget-button\" data-id=\"42e62f1\" data-element_type=\"widget\" data-widget_type=\"button.default\">\n\t\t\t\t<div class=\"elementor-widget-container\">\n\t\t\t\t\t\t\t\t\t<div class=\"elementor-button-wrapper\">\n\t\t\t\t\t<a class=\"elementor-button elementor-button-link elementor-size-md\" href=\"https:\/\/www.willysplan.com\/ca\/tours-privats-a-barcelona\">\n\t\t\t\t\t\t<span class=\"elementor-button-content-wrapper\">\n\t\t\t\t\t\t\t\t\t<span class=\"elementor-button-text\">Veure tots els nostres tours privats<\/span>\n\t\t\t\t\t<\/span>\n\t\t\t\t\t<\/a>\n\t\t\t\t<\/div>\n\t\t\t\t\t\t\t\t<\/div>\n\t\t\t\t<\/div>\n\t\t\t\t\t<\/div>\n\t\t<\/div>\n\t\t\t\t\t<\/div>\n\t\t<\/section>\n\t\t\t\t<section class=\"elementor-section elementor-top-section elementor-element elementor-element-1419b5a elementor-section-boxed elementor-section-height-default elementor-section-height-default\" data-id=\"1419b5a\" data-element_type=\"section\">\n\t\t\t\t\t\t<div class=\"elementor-container elementor-column-gap-default\">\n\t\t\t\t\t<div class=\"elementor-column elementor-col-100 elementor-top-column elementor-element elementor-element-4b25203\" data-id=\"4b25203\" data-element_type=\"column\">\n\t\t\t<div class=\"elementor-widget-wrap elementor-element-populated\">\n\t\t\t\t\t\t<div class=\"elementor-element elementor-element-7d59704 elementor-widget elementor-widget-heading\" data-id=\"7d59704\" data-element_type=\"widget\" data-widget_type=\"heading.default\">\n\t\t\t\t<div class=\"elementor-widget-container\">\n\t\t\t\t\t<h3 class=\"elementor-heading-title elementor-size-default\">6. El Fossar de la Pedrera<\/h3>\t\t\t\t<\/div>\n\t\t\t\t<\/div>\n\t\t\t\t\t<\/div>\n\t\t<\/div>\n\t\t\t\t\t<\/div>\n\t\t<\/section>\n\t\t\t\t<section class=\"elementor-section elementor-top-section elementor-element elementor-element-63e6979 elementor-section-boxed elementor-section-height-default elementor-section-height-default\" data-id=\"63e6979\" data-element_type=\"section\">\n\t\t\t\t\t\t<div class=\"elementor-container elementor-column-gap-default\">\n\t\t\t\t\t<div class=\"elementor-column elementor-col-50 elementor-top-column elementor-element elementor-element-fbc73c9\" data-id=\"fbc73c9\" data-element_type=\"column\">\n\t\t\t<div class=\"elementor-widget-wrap elementor-element-populated\">\n\t\t\t\t\t\t<div class=\"elementor-element elementor-element-75490bd elementor-widget elementor-widget-image\" data-id=\"75490bd\" data-element_type=\"widget\" data-widget_type=\"image.default\">\n\t\t\t\t<div class=\"elementor-widget-container\">\n\t\t\t\t\t\t\t\t\t\t\t\t\t\t\t<img loading=\"lazy\" decoding=\"async\" width=\"1024\" height=\"761\" src=\"https:\/\/www.willysplan.com\/wp-content\/uploads\/2024\/07\/17e1be4c-82cf-494b-be77-150382e59191.jpg\" class=\"attachment-large size-large wp-image-23579\" alt=\"Fossar de la Pedrera\" srcset=\"https:\/\/www.willysplan.com\/wp-content\/uploads\/2024\/07\/17e1be4c-82cf-494b-be77-150382e59191.jpg 1024w, https:\/\/www.willysplan.com\/wp-content\/uploads\/2024\/07\/17e1be4c-82cf-494b-be77-150382e59191-300x223.jpg 300w, https:\/\/www.willysplan.com\/wp-content\/uploads\/2024\/07\/17e1be4c-82cf-494b-be77-150382e59191-768x571.jpg 768w, https:\/\/www.willysplan.com\/wp-content\/uploads\/2024\/07\/17e1be4c-82cf-494b-be77-150382e59191-600x446.jpg 600w\" sizes=\"(max-width: 1024px) 100vw, 1024px\" \/>\t\t\t\t\t\t\t\t\t\t\t\t\t\t\t<\/div>\n\t\t\t\t<\/div>\n\t\t\t\t\t<\/div>\n\t\t<\/div>\n\t\t\t\t<div class=\"elementor-column elementor-col-50 elementor-top-column elementor-element elementor-element-cd8b428\" data-id=\"cd8b428\" data-element_type=\"column\">\n\t\t\t<div class=\"elementor-widget-wrap elementor-element-populated\">\n\t\t\t\t\t\t<div class=\"elementor-element elementor-element-f7e2e09 elementor-widget elementor-widget-google_maps\" data-id=\"f7e2e09\" data-element_type=\"widget\" data-widget_type=\"google_maps.default\">\n\t\t\t\t<div class=\"elementor-widget-container\">\n\t\t\t\t\t\t\t<div class=\"elementor-custom-embed\">\n\t\t\t<iframe loading=\"lazy\"\n\t\t\t\t\tsrc=\"https:\/\/maps.google.com\/maps?q=El%20Fossar%20de%20la%20Pedrera&#038;t=m&#038;z=12&#038;output=embed&#038;iwloc=near\"\n\t\t\t\t\ttitle=\"El Fossar de la Pedrera\"\n\t\t\t\t\taria-label=\"El Fossar de la Pedrera\"\n\t\t\t><\/iframe>\n\t\t<\/div>\n\t\t\t\t\t\t<\/div>\n\t\t\t\t<\/div>\n\t\t\t\t\t<\/div>\n\t\t<\/div>\n\t\t\t\t\t<\/div>\n\t\t<\/section>\n\t\t\t\t<section class=\"elementor-section elementor-top-section elementor-element elementor-element-ddd5a0c elementor-section-boxed elementor-section-height-default elementor-section-height-default\" data-id=\"ddd5a0c\" data-element_type=\"section\">\n\t\t\t\t\t\t<div class=\"elementor-container elementor-column-gap-default\">\n\t\t\t\t\t<div class=\"elementor-column elementor-col-100 elementor-top-column elementor-element elementor-element-eb5cab3\" data-id=\"eb5cab3\" data-element_type=\"column\">\n\t\t\t<div class=\"elementor-widget-wrap elementor-element-populated\">\n\t\t\t\t\t\t<div class=\"elementor-element elementor-element-160c0a4 elementor-widget elementor-widget-text-editor\" data-id=\"160c0a4\" data-element_type=\"widget\" data-widget_type=\"text-editor.default\">\n\t\t\t\t<div class=\"elementor-widget-container\">\n\t\t\t\t\t\t\t\t\t<p>Tamb\u00e9 al Cementiri de Montju\u00efc hi ha el Fossar de la Pedrera, una fossa comuna que acull m\u00e9s de 4000 v\u00edctimes del r\u00e8gim franquista. Aqu\u00ed reposen aquells que van patir els bombardejos i els afusellaments per resistir-se al poder de Franco.<\/p><p>Fins al 1953, aquest lloc va rebre les v\u00edctimes de la repressi\u00f3 franquista; despr\u00e9s, els Serveis Funeraris enterraven aqu\u00ed els indigents i morts sense fam\u00edlia. Avui, el Fossar de la Pedrera \u00e9s un memorial on es ret homenatge als afectats per aquells temps foscos. S&#8217;ofereixen visites guiades gratu\u00eftes, que us permetran recordar i aprendre d&#8217;aquesta part tan fosca de la hist\u00f2ria espanyola.<\/p>\t\t\t\t\t\t\t\t<\/div>\n\t\t\t\t<\/div>\n\t\t\t\t\t<\/div>\n\t\t<\/div>\n\t\t\t\t\t<\/div>\n\t\t<\/section>\n\t\t\t\t<section class=\"elementor-section elementor-top-section elementor-element elementor-element-34ec1f0 elementor-section-boxed elementor-section-height-default elementor-section-height-default\" data-id=\"34ec1f0\" data-element_type=\"section\">\n\t\t\t\t\t\t<div class=\"elementor-container elementor-column-gap-default\">\n\t\t\t\t\t<div class=\"elementor-column elementor-col-100 elementor-top-column elementor-element elementor-element-5189822\" data-id=\"5189822\" data-element_type=\"column\">\n\t\t\t<div class=\"elementor-widget-wrap elementor-element-populated\">\n\t\t\t\t\t\t<div class=\"elementor-element elementor-element-20eb4c8 elementor-widget elementor-widget-heading\" data-id=\"20eb4c8\" data-element_type=\"widget\" data-widget_type=\"heading.default\">\n\t\t\t\t<div class=\"elementor-widget-container\">\n\t\t\t\t\t<h3 class=\"elementor-heading-title elementor-size-default\">7. Refugi 307<\/h3>\t\t\t\t<\/div>\n\t\t\t\t<\/div>\n\t\t\t\t\t<\/div>\n\t\t<\/div>\n\t\t\t\t\t<\/div>\n\t\t<\/section>\n\t\t\t\t<section class=\"elementor-section elementor-top-section elementor-element elementor-element-6342444 elementor-section-boxed elementor-section-height-default elementor-section-height-default\" data-id=\"6342444\" data-element_type=\"section\">\n\t\t\t\t\t\t<div class=\"elementor-container elementor-column-gap-default\">\n\t\t\t\t\t<div class=\"elementor-column elementor-col-50 elementor-top-column elementor-element elementor-element-e31b27e\" data-id=\"e31b27e\" data-element_type=\"column\">\n\t\t\t<div class=\"elementor-widget-wrap elementor-element-populated\">\n\t\t\t\t\t\t<div class=\"elementor-element elementor-element-3da658e elementor-widget elementor-widget-image\" data-id=\"3da658e\" data-element_type=\"widget\" data-widget_type=\"image.default\">\n\t\t\t\t<div class=\"elementor-widget-container\">\n\t\t\t\t\t\t\t\t\t\t\t\t\t\t\t<img loading=\"lazy\" decoding=\"async\" width=\"620\" height=\"299\" src=\"https:\/\/www.willysplan.com\/wp-content\/uploads\/2024\/07\/Refugio-307.jpg\" class=\"attachment-large size-large wp-image-23730\" alt=\"Refugio 307\" srcset=\"https:\/\/www.willysplan.com\/wp-content\/uploads\/2024\/07\/Refugio-307.jpg 620w, https:\/\/www.willysplan.com\/wp-content\/uploads\/2024\/07\/Refugio-307-300x145.jpg 300w, https:\/\/www.willysplan.com\/wp-content\/uploads\/2024\/07\/Refugio-307-600x289.jpg 600w\" sizes=\"(max-width: 620px) 100vw, 620px\" \/>\t\t\t\t\t\t\t\t\t\t\t\t\t\t\t<\/div>\n\t\t\t\t<\/div>\n\t\t\t\t\t<\/div>\n\t\t<\/div>\n\t\t\t\t<div class=\"elementor-column elementor-col-50 elementor-top-column elementor-element elementor-element-8f2c6cb\" data-id=\"8f2c6cb\" data-element_type=\"column\">\n\t\t\t<div class=\"elementor-widget-wrap elementor-element-populated\">\n\t\t\t\t\t\t<div class=\"elementor-element elementor-element-17fc9b5 elementor-widget elementor-widget-google_maps\" data-id=\"17fc9b5\" data-element_type=\"widget\" data-widget_type=\"google_maps.default\">\n\t\t\t\t<div class=\"elementor-widget-container\">\n\t\t\t\t\t\t\t<div class=\"elementor-custom-embed\">\n\t\t\t<iframe loading=\"lazy\"\n\t\t\t\t\tsrc=\"https:\/\/maps.google.com\/maps?q=Refugio%20307&#038;t=m&#038;z=12&#038;output=embed&#038;iwloc=near\"\n\t\t\t\t\ttitle=\"Refugio 307\"\n\t\t\t\t\taria-label=\"Refugio 307\"\n\t\t\t><\/iframe>\n\t\t<\/div>\n\t\t\t\t\t\t<\/div>\n\t\t\t\t<\/div>\n\t\t\t\t\t<\/div>\n\t\t<\/div>\n\t\t\t\t\t<\/div>\n\t\t<\/section>\n\t\t\t\t<section class=\"elementor-section elementor-top-section elementor-element elementor-element-7954886 elementor-section-boxed elementor-section-height-default elementor-section-height-default\" data-id=\"7954886\" data-element_type=\"section\">\n\t\t\t\t\t\t<div class=\"elementor-container elementor-column-gap-default\">\n\t\t\t\t\t<div class=\"elementor-column elementor-col-100 elementor-top-column elementor-element elementor-element-35c2468\" data-id=\"35c2468\" data-element_type=\"column\">\n\t\t\t<div class=\"elementor-widget-wrap elementor-element-populated\">\n\t\t\t\t\t\t<div class=\"elementor-element elementor-element-307b3cf elementor-widget elementor-widget-text-editor\" data-id=\"307b3cf\" data-element_type=\"widget\" data-widget_type=\"text-editor.default\">\n\t\t\t\t<div class=\"elementor-widget-container\">\n\t\t\t\t\t\t\t\t\t<p>El Refugi 307 al Poble Sec \u00e9s el vestigi m\u00e9s reconegut de la guerra civil espanyola a Barcelona i accessible gr\u00e0cies a la inversi\u00f3 municipal en la seva promoci\u00f3. Va ser constru\u00eft per solidaritat ve\u00efnal, i es va convertir en un edifici molt important durant els bombardejos de la guerra civil.<\/p><p>La Junta de Defensa Passiva va organitzar el seu \u00fas per protegir la poblaci\u00f3 civil, inicialment usant soterranis i la xarxa de metro. Amb l&#8217;augment dels atacs aeris, la comunitat va comen\u00e7ar a construir refugis m\u00e9s segurs. El Refugi 307 \u00e9s molt gran i t\u00e9 capacitat per acollir moltes persones. Avui dia, \u00e9s un testimoni viu del sacrifici i la resist\u00e8ncia dels barcelonins durant aquells temps.<\/p>\t\t\t\t\t\t\t\t<\/div>\n\t\t\t\t<\/div>\n\t\t\t\t\t<\/div>\n\t\t<\/div>\n\t\t\t\t\t<\/div>\n\t\t<\/section>\n\t\t\t\t<section class=\"elementor-section elementor-top-section elementor-element elementor-element-6a5864f elementor-section-boxed elementor-section-height-default elementor-section-height-default\" data-id=\"6a5864f\" data-element_type=\"section\">\n\t\t\t\t\t\t<div class=\"elementor-container elementor-column-gap-default\">\n\t\t\t\t\t<div class=\"elementor-column elementor-col-100 elementor-top-column elementor-element elementor-element-ea2ac35\" data-id=\"ea2ac35\" data-element_type=\"column\">\n\t\t\t<div class=\"elementor-widget-wrap elementor-element-populated\">\n\t\t\t\t\t\t<div class=\"elementor-element elementor-element-d038aaa elementor-align-center elementor-widget elementor-widget-button\" data-id=\"d038aaa\" data-element_type=\"widget\" data-widget_type=\"button.default\">\n\t\t\t\t<div class=\"elementor-widget-container\">\n\t\t\t\t\t\t\t\t\t<div class=\"elementor-button-wrapper\">\n\t\t\t\t\t<a class=\"elementor-button elementor-button-link elementor-size-md\" href=\"https:\/\/www.willysplan.com\/ca\/tours-privats-a-barcelona\">\n\t\t\t\t\t\t<span class=\"elementor-button-content-wrapper\">\n\t\t\t\t\t\t\t\t\t<span class=\"elementor-button-text\">Veure tots els nostres tours privats<\/span>\n\t\t\t\t\t<\/span>\n\t\t\t\t\t<\/a>\n\t\t\t\t<\/div>\n\t\t\t\t\t\t\t\t<\/div>\n\t\t\t\t<\/div>\n\t\t\t\t\t<\/div>\n\t\t<\/div>\n\t\t\t\t\t<\/div>\n\t\t<\/section>\n\t\t\t\t<section class=\"elementor-section elementor-top-section elementor-element elementor-element-892d504 elementor-section-boxed elementor-section-height-default elementor-section-height-default\" data-id=\"892d504\" data-element_type=\"section\">\n\t\t\t\t\t\t<div class=\"elementor-container elementor-column-gap-default\">\n\t\t\t\t\t<div class=\"elementor-column elementor-col-100 elementor-top-column elementor-element elementor-element-72b8c5c\" data-id=\"72b8c5c\" data-element_type=\"column\">\n\t\t\t<div class=\"elementor-widget-wrap elementor-element-populated\">\n\t\t\t\t\t\t<div class=\"elementor-element elementor-element-3868467 elementor-widget elementor-widget-text-editor\" data-id=\"3868467\" data-element_type=\"widget\" data-widget_type=\"text-editor.default\">\n\t\t\t\t<div class=\"elementor-widget-container\">\n\t\t\t\t\t\t\t\t\t<p>Esperem que aquest post us hagi ajudat a descobrir el nostre tour i tots els secrets que s&#8217;amaguen de la guerra civil espanyola a Barcelona. A La nostra p\u00e0gina web de Willy&#8217;s Plan, trobar\u00e0s molts altres tours que et poden interessar i que t&#8217;ajudaran a con\u00e8ixer millor la Ciutat Comtal, com ara el tour per la Barcelona misteriosa i prohibida. T&#8217;atreveixes a descobrir la cara m\u00e9s fosca de la ciutat?<\/p>\t\t\t\t\t\t\t\t<\/div>\n\t\t\t\t<\/div>\n\t\t\t\t\t<\/div>\n\t\t<\/div>\n\t\t\t\t\t<\/div>\n\t\t<\/section>\n\t\t\t\t<section class=\"elementor-section elementor-top-section elementor-element elementor-element-774fd5b elementor-section-boxed elementor-section-height-default elementor-section-height-default\" data-id=\"774fd5b\" data-element_type=\"section\">\n\t\t\t\t\t\t<div class=\"elementor-container elementor-column-gap-default\">\n\t\t\t\t\t<div class=\"elementor-column elementor-col-100 elementor-top-column elementor-element elementor-element-ccb3386\" data-id=\"ccb3386\" data-element_type=\"column\">\n\t\t\t<div class=\"elementor-widget-wrap elementor-element-populated\">\n\t\t\t\t\t\t<div class=\"elementor-element elementor-element-5d6c67c elementor-widget elementor-widget-heading\" data-id=\"5d6c67c\" data-element_type=\"widget\" data-widget_type=\"heading.default\">\n\t\t\t\t<div class=\"elementor-widget-container\">\n\t\t\t\t\t<h2 class=\"elementor-heading-title elementor-size-default\">Altres rutes que tamb\u00e9 et poden interessar...<\/h2>\t\t\t\t<\/div>\n\t\t\t\t<\/div>\n\t\t\t\t\t<\/div>\n\t\t<\/div>\n\t\t\t\t\t<\/div>\n\t\t<\/section>\n\t\t\t\t<section class=\"elementor-section elementor-top-section elementor-element elementor-element-b9303aa elementor-section-boxed elementor-section-height-default elementor-section-height-default\" data-id=\"b9303aa\" data-element_type=\"section\">\n\t\t\t\t\t\t<div class=\"elementor-container elementor-column-gap-default\">\n\t\t\t\t\t<div class=\"elementor-column elementor-col-100 elementor-top-column elementor-element elementor-element-4c9811a\" data-id=\"4c9811a\" data-element_type=\"column\">\n\t\t\t<div class=\"elementor-widget-wrap elementor-element-populated\">\n\t\t\t\t\t\t<div class=\"elementor-element elementor-element-1bb3dc4 elementor-grid-4 elementor-grid-tablet-2 elementor-grid-mobile-1 elementor-posts--thumbnail-top elementor-widget elementor-widget-posts\" data-id=\"1bb3dc4\" data-element_type=\"widget\" data-settings=\"{&quot;classic_columns&quot;:&quot;4&quot;,&quot;classic_columns_tablet&quot;:&quot;2&quot;,&quot;classic_columns_mobile&quot;:&quot;1&quot;,&quot;classic_row_gap&quot;:{&quot;unit&quot;:&quot;px&quot;,&quot;size&quot;:35,&quot;sizes&quot;:[]},&quot;classic_row_gap_tablet&quot;:{&quot;unit&quot;:&quot;px&quot;,&quot;size&quot;:&quot;&quot;,&quot;sizes&quot;:[]},&quot;classic_row_gap_mobile&quot;:{&quot;unit&quot;:&quot;px&quot;,&quot;size&quot;:&quot;&quot;,&quot;sizes&quot;:[]}}\" data-widget_type=\"posts.classic\">\n\t\t\t\t<div class=\"elementor-widget-container\">\n\t\t\t\t\t\t\t<div class=\"elementor-posts-container elementor-posts elementor-posts--skin-classic elementor-grid\" role=\"list\">\n\t\t\t\t<article class=\"elementor-post elementor-grid-item post-23778 post type-post status-publish format-standard has-post-thumbnail hentry category-idees tag-blog-barcelona tag-ideas\" role=\"listitem\">\n\t\t\t\t<a class=\"elementor-post__thumbnail__link\" href=\"https:\/\/www.willysplan.com\/ca\/idees\/historia-de-la-barceloneta-que-veure-i-que-fer\" tabindex=\"-1\" >\n\t\t\t<div class=\"elementor-post__thumbnail\"><img loading=\"lazy\" decoding=\"async\" width=\"300\" height=\"200\" src=\"https:\/\/www.willysplan.com\/wp-content\/uploads\/2024\/07\/lp7jhwnxz50-300x200.jpg\" class=\"attachment-medium size-medium wp-image-23584\" alt=\"barceloneta\" srcset=\"https:\/\/www.willysplan.com\/wp-content\/uploads\/2024\/07\/lp7jhwnxz50-300x200.jpg 300w, https:\/\/www.willysplan.com\/wp-content\/uploads\/2024\/07\/lp7jhwnxz50-1024x683.jpg 1024w, https:\/\/www.willysplan.com\/wp-content\/uploads\/2024\/07\/lp7jhwnxz50-768x512.jpg 768w, https:\/\/www.willysplan.com\/wp-content\/uploads\/2024\/07\/lp7jhwnxz50-1536x1024.jpg 1536w, https:\/\/www.willysplan.com\/wp-content\/uploads\/2024\/07\/lp7jhwnxz50-930x620.jpg 930w, https:\/\/www.willysplan.com\/wp-content\/uploads\/2024\/07\/lp7jhwnxz50-600x400.jpg 600w, https:\/\/www.willysplan.com\/wp-content\/uploads\/2024\/07\/lp7jhwnxz50.jpg 1600w\" sizes=\"(max-width: 300px) 100vw, 300px\" \/><\/div>\n\t\t<\/a>\n\t\t\t\t<div class=\"elementor-post__text\">\n\t\t\t\t<h4 class=\"elementor-post__title\">\n\t\t\t<a href=\"https:\/\/www.willysplan.com\/ca\/idees\/historia-de-la-barceloneta-que-veure-i-que-fer\" >\n\t\t\t\tHist\u00f2ria de La Barceloneta: Qu\u00e8 veure i qu\u00e8 fer\t\t\t<\/a>\n\t\t<\/h4>\n\t\t\t\t<\/div>\n\t\t\t\t<\/article>\n\t\t\t\t<article class=\"elementor-post elementor-grid-item post-21828 post type-post status-publish format-standard has-post-thumbnail hentry category-idees tag-blog-barcelona tag-ideas\" role=\"listitem\">\n\t\t\t\t<a class=\"elementor-post__thumbnail__link\" href=\"https:\/\/www.willysplan.com\/ca\/idees\/les-20-millors-terrasses-de-barcelona\" tabindex=\"-1\" >\n\t\t\t<div class=\"elementor-post__thumbnail\"><img loading=\"lazy\" decoding=\"async\" width=\"300\" height=\"177\" src=\"https:\/\/www.willysplan.com\/wp-content\/uploads\/2023\/05\/terrassa-1881-300x177.png\" class=\"attachment-medium size-medium wp-image-20153\" alt=\"terrassa-1881\" srcset=\"https:\/\/www.willysplan.com\/wp-content\/uploads\/2023\/05\/terrassa-1881-300x177.png 300w, https:\/\/www.willysplan.com\/wp-content\/uploads\/2023\/05\/terrassa-1881-1024x604.png 1024w, https:\/\/www.willysplan.com\/wp-content\/uploads\/2023\/05\/terrassa-1881-768x453.png 768w, https:\/\/www.willysplan.com\/wp-content\/uploads\/2023\/05\/terrassa-1881-1536x907.png 1536w, https:\/\/www.willysplan.com\/wp-content\/uploads\/2023\/05\/terrassa-1881-600x354.png 600w, https:\/\/www.willysplan.com\/wp-content\/uploads\/2023\/05\/terrassa-1881.png 1630w\" sizes=\"(max-width: 300px) 100vw, 300px\" \/><\/div>\n\t\t<\/a>\n\t\t\t\t<div class=\"elementor-post__text\">\n\t\t\t\t<h4 class=\"elementor-post__title\">\n\t\t\t<a href=\"https:\/\/www.willysplan.com\/ca\/idees\/les-20-millors-terrasses-de-barcelona\" >\n\t\t\t\tLes 20 millors terrasses de Barcelona\t\t\t<\/a>\n\t\t<\/h4>\n\t\t\t\t<\/div>\n\t\t\t\t<\/article>\n\t\t\t\t<article class=\"elementor-post elementor-grid-item post-22039 post type-post status-publish format-standard has-post-thumbnail hentry category-ideas tag-blog-barcelona tag-ideas\" role=\"listitem\">\n\t\t\t\t<a class=\"elementor-post__thumbnail__link\" href=\"https:\/\/www.willysplan.com\/ca\/ideas\/museos-gratis-en-barcelona\" tabindex=\"-1\" >\n\t\t\t<div class=\"elementor-post__thumbnail\"><img loading=\"lazy\" decoding=\"async\" width=\"300\" height=\"199\" src=\"https:\/\/www.willysplan.com\/wp-content\/uploads\/2023\/05\/museu-arqueologia-barcelona-300x199.png\" class=\"attachment-medium size-medium wp-image-20108\" alt=\"museu d&#039;arqueolog\u00eda de Barcelona desde fora\" srcset=\"https:\/\/www.willysplan.com\/wp-content\/uploads\/2023\/05\/museu-arqueologia-barcelona-300x199.png 300w, https:\/\/www.willysplan.com\/wp-content\/uploads\/2023\/05\/museu-arqueologia-barcelona-1024x678.png 1024w, https:\/\/www.willysplan.com\/wp-content\/uploads\/2023\/05\/museu-arqueologia-barcelona-768x508.png 768w, https:\/\/www.willysplan.com\/wp-content\/uploads\/2023\/05\/museu-arqueologia-barcelona-930x620.png 930w, https:\/\/www.willysplan.com\/wp-content\/uploads\/2023\/05\/museu-arqueologia-barcelona-600x397.png 600w, https:\/\/www.willysplan.com\/wp-content\/uploads\/2023\/05\/museu-arqueologia-barcelona.png 1360w\" sizes=\"(max-width: 300px) 100vw, 300px\" \/><\/div>\n\t\t<\/a>\n\t\t\t\t<div class=\"elementor-post__text\">\n\t\t\t\t<h4 class=\"elementor-post__title\">\n\t\t\t<a href=\"https:\/\/www.willysplan.com\/ca\/ideas\/museos-gratis-en-barcelona\" >\n\t\t\t\tMuseos gratis en Barcelona: D\u00f3nde y Cu\u00e1ndo\t\t\t<\/a>\n\t\t<\/h4>\n\t\t\t\t<\/div>\n\t\t\t\t<\/article>\n\t\t\t\t<article class=\"elementor-post elementor-grid-item post-21751 post type-post status-publish format-standard has-post-thumbnail hentry category-idees tag-ideas\" role=\"listitem\">\n\t\t\t\t<a class=\"elementor-post__thumbnail__link\" href=\"https:\/\/www.willysplan.com\/ca\/idees\/que-veure-al-born-de-barcelona\" tabindex=\"-1\" >\n\t\t\t<div class=\"elementor-post__thumbnail\"><img loading=\"lazy\" decoding=\"async\" width=\"300\" height=\"200\" src=\"https:\/\/www.willysplan.com\/wp-content\/uploads\/2022\/06\/free-tour-born-1-300x200.webp\" class=\"attachment-medium size-medium wp-image-14913\" alt=\"free tour born barcelona\" srcset=\"https:\/\/www.willysplan.com\/wp-content\/uploads\/2022\/06\/free-tour-born-1-300x200.webp 300w, https:\/\/www.willysplan.com\/wp-content\/uploads\/2022\/06\/free-tour-born-1-768x513.webp 768w, https:\/\/www.willysplan.com\/wp-content\/uploads\/2022\/06\/free-tour-born-1-600x401.webp 600w, https:\/\/www.willysplan.com\/wp-content\/uploads\/2022\/06\/free-tour-born-1.webp 780w\" sizes=\"(max-width: 300px) 100vw, 300px\" \/><\/div>\n\t\t<\/a>\n\t\t\t\t<div class=\"elementor-post__text\">\n\t\t\t\t<h4 class=\"elementor-post__title\">\n\t\t\t<a href=\"https:\/\/www.willysplan.com\/ca\/idees\/que-veure-al-born-de-barcelona\" >\n\t\t\t\tQu\u00e8 veure al Born de Barcelona?\t\t\t<\/a>\n\t\t<\/h4>\n\t\t\t\t<\/div>\n\t\t\t\t<\/article>\n\t\t\t\t<\/div>\n\t\t\n\t\t\t\t\t\t<\/div>\n\t\t\t\t<\/div>\n\t\t\t\t\t<\/div>\n\t\t<\/div>\n\t\t\t\t\t<\/div>\n\t\t<\/section>\n\t\t\t\t<\/div>\n\t\t","protected":false},"excerpt":{"rendered":"<p>Saps qu\u00e8 va passar durant la guerra civil espanyola a Barcelona? Coneixes quines van ser les repercussions d&#8217;aquest conflicte? T&#8217;ho expliquem des del respecte perqu\u00e8<\/p>\n","protected":false},"author":1,"featured_media":17875,"comment_status":"closed","ping_status":"closed","sticky":false,"template":"","format":"standard","meta":{"neve_meta_sidebar":"","neve_meta_container":"","neve_meta_enable_content_width":"","neve_meta_content_width":0,"neve_meta_title_alignment":"","neve_meta_author_avatar":"","neve_post_elements_order":"","neve_meta_disable_header":"","neve_meta_disable_footer":"","neve_meta_disable_title":"","_joinchat":[],"footnotes":""},"categories":[462],"tags":[486,127],"class_list":["post-23735","post","type-post","status-publish","format-standard","has-post-thumbnail","hentry","category-idees","tag-blog-barcelona","tag-ideas"],"yoast_head":"<!-- This site is optimized with the Yoast SEO Premium plugin v20.1 (Yoast SEO v26.9) - https:\/\/yoast.com\/product\/yoast-seo-premium-wordpress\/ -->\n<title>Tours i rutes per con\u00e8ixer la guerra civil espanyola a Barcelona - Willy\u2019s Plan<\/title>\n<meta name=\"description\" content=\"Descobriu la hist\u00f2ria de la guerra civil espanyola a Barcelona: fets, llocs emblem\u00e0tics i esdeveniments clau que van marcar la ciutat durant aquest conflicte crucial.\" \/>\n<meta name=\"robots\" content=\"index, follow, max-snippet:-1, max-image-preview:large, max-video-preview:-1\" \/>\n<link rel=\"canonical\" href=\"https:\/\/www.willysplan.com\/ca\/idees\/tours-i-rutes-per-coneixer-la-guerra-civil-espanyola-a-barcelona\" \/>\n<meta property=\"og:locale\" content=\"ca_ES\" \/>\n<meta property=\"og:type\" content=\"article\" \/>\n<meta property=\"og:title\" content=\"Tours i rutes per con\u00e8ixer la guerra civil espanyola a Barcelona\" \/>\n<meta property=\"og:description\" content=\"Descobriu la hist\u00f2ria de la guerra civil espanyola a Barcelona: fets, llocs emblem\u00e0tics i esdeveniments clau que van marcar la ciutat durant aquest conflicte crucial.\" \/>\n<meta property=\"og:url\" content=\"https:\/\/www.willysplan.com\/ca\/idees\/tours-i-rutes-per-coneixer-la-guerra-civil-espanyola-a-barcelona\" \/>\n<meta property=\"og:site_name\" content=\"Willy&#039;s Plan \ud83c\udf43\" \/>\n<meta property=\"article:published_time\" content=\"2024-07-09T13:21:21+00:00\" \/>\n<meta property=\"article:modified_time\" content=\"2024-07-09T13:59:07+00:00\" \/>\n<meta property=\"og:image\" content=\"https:\/\/www.willysplan.com\/wp-content\/uploads\/2023\/04\/placa-felip-neri.jpg\" \/>\n\t<meta property=\"og:image:width\" content=\"1262\" \/>\n\t<meta property=\"og:image:height\" content=\"743\" \/>\n\t<meta property=\"og:image:type\" content=\"image\/jpeg\" \/>\n<meta name=\"author\" content=\"admin\" \/>\n<meta name=\"twitter:card\" content=\"summary_large_image\" \/>\n<meta name=\"twitter:label1\" content=\"Escrit per\" \/>\n\t<meta name=\"twitter:data1\" content=\"admin\" \/>\n\t<meta name=\"twitter:label2\" content=\"Temps estimat de lectura\" \/>\n\t<meta name=\"twitter:data2\" content=\"10 minuts\" \/>\n<script type=\"application\/ld+json\" class=\"yoast-schema-graph\">{\"@context\":\"https:\/\/schema.org\",\"@graph\":[{\"@type\":\"Article\",\"@id\":\"https:\/\/www.willysplan.com\/ca\/idees\/tours-i-rutes-per-coneixer-la-guerra-civil-espanyola-a-barcelona#article\",\"isPartOf\":{\"@id\":\"https:\/\/www.willysplan.com\/ca\/idees\/tours-i-rutes-per-coneixer-la-guerra-civil-espanyola-a-barcelona\"},\"author\":{\"name\":\"admin\",\"@id\":\"https:\/\/www.willysplan.com\/#\/schema\/person\/58c1527a9a42e9b18a877f14136f1d47\"},\"headline\":\"Tours i rutes per con\u00e8ixer la guerra civil espanyola a Barcelona\",\"datePublished\":\"2024-07-09T13:21:21+00:00\",\"dateModified\":\"2024-07-09T13:59:07+00:00\",\"mainEntityOfPage\":{\"@id\":\"https:\/\/www.willysplan.com\/ca\/idees\/tours-i-rutes-per-coneixer-la-guerra-civil-espanyola-a-barcelona\"},\"wordCount\":1448,\"publisher\":{\"@id\":\"https:\/\/www.willysplan.com\/#organization\"},\"image\":{\"@id\":\"https:\/\/www.willysplan.com\/ca\/idees\/tours-i-rutes-per-coneixer-la-guerra-civil-espanyola-a-barcelona#primaryimage\"},\"thumbnailUrl\":\"https:\/\/www.willysplan.com\/wp-content\/uploads\/2023\/04\/placa-felip-neri.jpg\",\"keywords\":[\"blog barcelona\",\"ideas\"],\"articleSection\":[\"Idees\"],\"inLanguage\":\"ca\"},{\"@type\":\"WebPage\",\"@id\":\"https:\/\/www.willysplan.com\/ca\/idees\/tours-i-rutes-per-coneixer-la-guerra-civil-espanyola-a-barcelona\",\"url\":\"https:\/\/www.willysplan.com\/ca\/idees\/tours-i-rutes-per-coneixer-la-guerra-civil-espanyola-a-barcelona\",\"name\":\"Tours i rutes per con\u00e8ixer la guerra civil espanyola a Barcelona - Willy\u2019s Plan\",\"isPartOf\":{\"@id\":\"https:\/\/www.willysplan.com\/#website\"},\"primaryImageOfPage\":{\"@id\":\"https:\/\/www.willysplan.com\/ca\/idees\/tours-i-rutes-per-coneixer-la-guerra-civil-espanyola-a-barcelona#primaryimage\"},\"image\":{\"@id\":\"https:\/\/www.willysplan.com\/ca\/idees\/tours-i-rutes-per-coneixer-la-guerra-civil-espanyola-a-barcelona#primaryimage\"},\"thumbnailUrl\":\"https:\/\/www.willysplan.com\/wp-content\/uploads\/2023\/04\/placa-felip-neri.jpg\",\"datePublished\":\"2024-07-09T13:21:21+00:00\",\"dateModified\":\"2024-07-09T13:59:07+00:00\",\"description\":\"Descobriu la hist\u00f2ria de la guerra civil espanyola a Barcelona: fets, llocs emblem\u00e0tics i esdeveniments clau que van marcar la ciutat durant aquest conflicte crucial.\",\"inLanguage\":\"ca\",\"potentialAction\":[{\"@type\":\"ReadAction\",\"target\":[\"https:\/\/www.willysplan.com\/ca\/idees\/tours-i-rutes-per-coneixer-la-guerra-civil-espanyola-a-barcelona\"]}]},{\"@type\":\"ImageObject\",\"inLanguage\":\"ca\",\"@id\":\"https:\/\/www.willysplan.com\/ca\/idees\/tours-i-rutes-per-coneixer-la-guerra-civil-espanyola-a-barcelona#primaryimage\",\"url\":\"https:\/\/www.willysplan.com\/wp-content\/uploads\/2023\/04\/placa-felip-neri.jpg\",\"contentUrl\":\"https:\/\/www.willysplan.com\/wp-content\/uploads\/2023\/04\/placa-felip-neri.jpg\",\"width\":1262,\"height\":743,\"caption\":\"pla\u00e7a felip neri\"},{\"@type\":\"WebSite\",\"@id\":\"https:\/\/www.willysplan.com\/#website\",\"url\":\"https:\/\/www.willysplan.com\/\",\"name\":\"Willy&#039;s Plan \ud83c\udf43\",\"description\":\"Escapadas y Planes de fin de semana\",\"publisher\":{\"@id\":\"https:\/\/www.willysplan.com\/#organization\"},\"potentialAction\":[{\"@type\":\"SearchAction\",\"target\":{\"@type\":\"EntryPoint\",\"urlTemplate\":\"https:\/\/www.willysplan.com\/?s={search_term_string}\"},\"query-input\":{\"@type\":\"PropertyValueSpecification\",\"valueRequired\":true,\"valueName\":\"search_term_string\"}}],\"inLanguage\":\"ca\"},{\"@type\":\"Organization\",\"@id\":\"https:\/\/www.willysplan.com\/#organization\",\"name\":\"Willy&#039;s Plan \ud83c\udf43\",\"url\":\"https:\/\/www.willysplan.com\/\",\"logo\":{\"@type\":\"ImageObject\",\"inLanguage\":\"ca\",\"@id\":\"https:\/\/www.willysplan.com\/#\/schema\/logo\/image\/\",\"url\":\"https:\/\/www.willysplan.com\/wp-content\/uploads\/2020\/04\/cropped-logo-1.png\",\"contentUrl\":\"https:\/\/www.willysplan.com\/wp-content\/uploads\/2020\/04\/cropped-logo-1.png\",\"width\":332,\"height\":332,\"caption\":\"Willy&#039;s Plan \ud83c\udf43\"},\"image\":{\"@id\":\"https:\/\/www.willysplan.com\/#\/schema\/logo\/image\/\"}},{\"@type\":\"Person\",\"@id\":\"https:\/\/www.willysplan.com\/#\/schema\/person\/58c1527a9a42e9b18a877f14136f1d47\",\"name\":\"admin\",\"image\":{\"@type\":\"ImageObject\",\"inLanguage\":\"ca\",\"@id\":\"https:\/\/www.willysplan.com\/#\/schema\/person\/image\/\",\"url\":\"https:\/\/secure.gravatar.com\/avatar\/0b8d78e655d83cc71e0a6cd6cb0f0f99929604cd70ff0f7ac1713f248945ea9d?s=96&d=mm&r=g\",\"contentUrl\":\"https:\/\/secure.gravatar.com\/avatar\/0b8d78e655d83cc71e0a6cd6cb0f0f99929604cd70ff0f7ac1713f248945ea9d?s=96&d=mm&r=g\",\"caption\":\"admin\"},\"url\":\"https:\/\/www.willysplan.com\/ca\/author\/admin\"}]}<\/script>\n<!-- \/ Yoast SEO Premium plugin. -->","yoast_head_json":{"title":"Tours i rutes per con\u00e8ixer la guerra civil espanyola a Barcelona - Willy\u2019s Plan","description":"Descobriu la hist\u00f2ria de la guerra civil espanyola a Barcelona: fets, llocs emblem\u00e0tics i esdeveniments clau que van marcar la ciutat durant aquest conflicte crucial.","robots":{"index":"index","follow":"follow","max-snippet":"max-snippet:-1","max-image-preview":"max-image-preview:large","max-video-preview":"max-video-preview:-1"},"canonical":"https:\/\/www.willysplan.com\/ca\/idees\/tours-i-rutes-per-coneixer-la-guerra-civil-espanyola-a-barcelona","og_locale":"ca_ES","og_type":"article","og_title":"Tours i rutes per con\u00e8ixer la guerra civil espanyola a Barcelona","og_description":"Descobriu la hist\u00f2ria de la guerra civil espanyola a Barcelona: fets, llocs emblem\u00e0tics i esdeveniments clau que van marcar la ciutat durant aquest conflicte crucial.","og_url":"https:\/\/www.willysplan.com\/ca\/idees\/tours-i-rutes-per-coneixer-la-guerra-civil-espanyola-a-barcelona","og_site_name":"Willy&#039;s Plan \ud83c\udf43","article_published_time":"2024-07-09T13:21:21+00:00","article_modified_time":"2024-07-09T13:59:07+00:00","og_image":[{"width":1262,"height":743,"url":"https:\/\/www.willysplan.com\/wp-content\/uploads\/2023\/04\/placa-felip-neri.jpg","type":"image\/jpeg"}],"author":"admin","twitter_card":"summary_large_image","twitter_misc":{"Escrit per":"admin","Temps estimat de lectura":"10 minuts"},"schema":{"@context":"https:\/\/schema.org","@graph":[{"@type":"Article","@id":"https:\/\/www.willysplan.com\/ca\/idees\/tours-i-rutes-per-coneixer-la-guerra-civil-espanyola-a-barcelona#article","isPartOf":{"@id":"https:\/\/www.willysplan.com\/ca\/idees\/tours-i-rutes-per-coneixer-la-guerra-civil-espanyola-a-barcelona"},"author":{"name":"admin","@id":"https:\/\/www.willysplan.com\/#\/schema\/person\/58c1527a9a42e9b18a877f14136f1d47"},"headline":"Tours i rutes per con\u00e8ixer la guerra civil espanyola a Barcelona","datePublished":"2024-07-09T13:21:21+00:00","dateModified":"2024-07-09T13:59:07+00:00","mainEntityOfPage":{"@id":"https:\/\/www.willysplan.com\/ca\/idees\/tours-i-rutes-per-coneixer-la-guerra-civil-espanyola-a-barcelona"},"wordCount":1448,"publisher":{"@id":"https:\/\/www.willysplan.com\/#organization"},"image":{"@id":"https:\/\/www.willysplan.com\/ca\/idees\/tours-i-rutes-per-coneixer-la-guerra-civil-espanyola-a-barcelona#primaryimage"},"thumbnailUrl":"https:\/\/www.willysplan.com\/wp-content\/uploads\/2023\/04\/placa-felip-neri.jpg","keywords":["blog barcelona","ideas"],"articleSection":["Idees"],"inLanguage":"ca"},{"@type":"WebPage","@id":"https:\/\/www.willysplan.com\/ca\/idees\/tours-i-rutes-per-coneixer-la-guerra-civil-espanyola-a-barcelona","url":"https:\/\/www.willysplan.com\/ca\/idees\/tours-i-rutes-per-coneixer-la-guerra-civil-espanyola-a-barcelona","name":"Tours i rutes per con\u00e8ixer la guerra civil espanyola a Barcelona - Willy\u2019s Plan","isPartOf":{"@id":"https:\/\/www.willysplan.com\/#website"},"primaryImageOfPage":{"@id":"https:\/\/www.willysplan.com\/ca\/idees\/tours-i-rutes-per-coneixer-la-guerra-civil-espanyola-a-barcelona#primaryimage"},"image":{"@id":"https:\/\/www.willysplan.com\/ca\/idees\/tours-i-rutes-per-coneixer-la-guerra-civil-espanyola-a-barcelona#primaryimage"},"thumbnailUrl":"https:\/\/www.willysplan.com\/wp-content\/uploads\/2023\/04\/placa-felip-neri.jpg","datePublished":"2024-07-09T13:21:21+00:00","dateModified":"2024-07-09T13:59:07+00:00","description":"Descobriu la hist\u00f2ria de la guerra civil espanyola a Barcelona: fets, llocs emblem\u00e0tics i esdeveniments clau que van marcar la ciutat durant aquest conflicte crucial.","inLanguage":"ca","potentialAction":[{"@type":"ReadAction","target":["https:\/\/www.willysplan.com\/ca\/idees\/tours-i-rutes-per-coneixer-la-guerra-civil-espanyola-a-barcelona"]}]},{"@type":"ImageObject","inLanguage":"ca","@id":"https:\/\/www.willysplan.com\/ca\/idees\/tours-i-rutes-per-coneixer-la-guerra-civil-espanyola-a-barcelona#primaryimage","url":"https:\/\/www.willysplan.com\/wp-content\/uploads\/2023\/04\/placa-felip-neri.jpg","contentUrl":"https:\/\/www.willysplan.com\/wp-content\/uploads\/2023\/04\/placa-felip-neri.jpg","width":1262,"height":743,"caption":"pla\u00e7a felip neri"},{"@type":"WebSite","@id":"https:\/\/www.willysplan.com\/#website","url":"https:\/\/www.willysplan.com\/","name":"Willy&#039;s Plan \ud83c\udf43","description":"Escapadas y Planes de fin de semana","publisher":{"@id":"https:\/\/www.willysplan.com\/#organization"},"potentialAction":[{"@type":"SearchAction","target":{"@type":"EntryPoint","urlTemplate":"https:\/\/www.willysplan.com\/?s={search_term_string}"},"query-input":{"@type":"PropertyValueSpecification","valueRequired":true,"valueName":"search_term_string"}}],"inLanguage":"ca"},{"@type":"Organization","@id":"https:\/\/www.willysplan.com\/#organization","name":"Willy&#039;s Plan \ud83c\udf43","url":"https:\/\/www.willysplan.com\/","logo":{"@type":"ImageObject","inLanguage":"ca","@id":"https:\/\/www.willysplan.com\/#\/schema\/logo\/image\/","url":"https:\/\/www.willysplan.com\/wp-content\/uploads\/2020\/04\/cropped-logo-1.png","contentUrl":"https:\/\/www.willysplan.com\/wp-content\/uploads\/2020\/04\/cropped-logo-1.png","width":332,"height":332,"caption":"Willy&#039;s Plan \ud83c\udf43"},"image":{"@id":"https:\/\/www.willysplan.com\/#\/schema\/logo\/image\/"}},{"@type":"Person","@id":"https:\/\/www.willysplan.com\/#\/schema\/person\/58c1527a9a42e9b18a877f14136f1d47","name":"admin","image":{"@type":"ImageObject","inLanguage":"ca","@id":"https:\/\/www.willysplan.com\/#\/schema\/person\/image\/","url":"https:\/\/secure.gravatar.com\/avatar\/0b8d78e655d83cc71e0a6cd6cb0f0f99929604cd70ff0f7ac1713f248945ea9d?s=96&d=mm&r=g","contentUrl":"https:\/\/secure.gravatar.com\/avatar\/0b8d78e655d83cc71e0a6cd6cb0f0f99929604cd70ff0f7ac1713f248945ea9d?s=96&d=mm&r=g","caption":"admin"},"url":"https:\/\/www.willysplan.com\/ca\/author\/admin"}]}},"_links":{"self":[{"href":"https:\/\/www.willysplan.com\/ca\/wp-json\/wp\/v2\/posts\/23735","targetHints":{"allow":["GET"]}}],"collection":[{"href":"https:\/\/www.willysplan.com\/ca\/wp-json\/wp\/v2\/posts"}],"about":[{"href":"https:\/\/www.willysplan.com\/ca\/wp-json\/wp\/v2\/types\/post"}],"author":[{"embeddable":true,"href":"https:\/\/www.willysplan.com\/ca\/wp-json\/wp\/v2\/users\/1"}],"replies":[{"embeddable":true,"href":"https:\/\/www.willysplan.com\/ca\/wp-json\/wp\/v2\/comments?post=23735"}],"version-history":[{"count":5,"href":"https:\/\/www.willysplan.com\/ca\/wp-json\/wp\/v2\/posts\/23735\/revisions"}],"predecessor-version":[{"id":23742,"href":"https:\/\/www.willysplan.com\/ca\/wp-json\/wp\/v2\/posts\/23735\/revisions\/23742"}],"wp:featuredmedia":[{"embeddable":true,"href":"https:\/\/www.willysplan.com\/ca\/wp-json\/wp\/v2\/media\/17875"}],"wp:attachment":[{"href":"https:\/\/www.willysplan.com\/ca\/wp-json\/wp\/v2\/media?parent=23735"}],"wp:term":[{"taxonomy":"category","embeddable":true,"href":"https:\/\/www.willysplan.com\/ca\/wp-json\/wp\/v2\/categories?post=23735"},{"taxonomy":"post_tag","embeddable":true,"href":"https:\/\/www.willysplan.com\/ca\/wp-json\/wp\/v2\/tags?post=23735"}],"curies":[{"name":"wp","href":"https:\/\/api.w.org\/{rel}","templated":true}]}}