{"id":20845,"date":"2023-06-17T17:41:16","date_gmt":"2023-06-17T16:41:16","guid":{"rendered":"https:\/\/willysplan.com\/uncategorized-ca\/los-18-parques-mas-bonitos-para-visitar-en-barcelona"},"modified":"2023-07-29T14:37:41","modified_gmt":"2023-07-29T13:37:41","slug":"els-18-parcs-mes-bonics-per-a-visitar-en-barcelona","status":"publish","type":"post","link":"https:\/\/www.willysplan.com\/ca\/idees\/els-18-parcs-mes-bonics-per-a-visitar-en-barcelona","title":{"rendered":"Els 18 parcs m\u00e9s bonics per a visitar a Barcelona"},"content":{"rendered":"\t\t<div data-elementor-type=\"wp-post\" data-elementor-id=\"20845\" class=\"elementor elementor-20845 elementor-20022\" data-elementor-post-type=\"post\">\n\t\t\t\t\t\t<section class=\"elementor-section elementor-top-section elementor-element elementor-element-671cd3c elementor-section-boxed elementor-section-height-default elementor-section-height-default\" data-id=\"671cd3c\" data-element_type=\"section\">\n\t\t\t\t\t\t<div class=\"elementor-container elementor-column-gap-default\">\n\t\t\t\t\t<div class=\"elementor-column elementor-col-100 elementor-top-column elementor-element elementor-element-eaffc38\" data-id=\"eaffc38\" data-element_type=\"column\">\n\t\t\t<div class=\"elementor-widget-wrap elementor-element-populated\">\n\t\t\t\t\t\t<div class=\"elementor-element elementor-element-ac561a4 elementor-widget elementor-widget-text-editor\" data-id=\"ac561a4\" data-element_type=\"widget\" data-widget_type=\"text-editor.default\">\n\t\t\t\t<div class=\"elementor-widget-container\">\n\t\t\t\t\t\t\t\t\t<p>Vols con\u00e8ixer els parcs m\u00e9s bonics per a visitar a Barcelona, que et permetran desconnectar del soroll, del tr\u00e0nsit, del fum i de l&#8217;estr\u00e8s de la ciutat? Continua llegint perqu\u00e8 et farem una selecci\u00f3 amb els millors!<\/p><p>Tots coneixem Barcelona per ser una ciutat amb una personalitat molt cosmopolita, que est\u00e0 molt enamorada de la vida urbana. No obstant aix\u00f2, no podem negar que aquesta urbs mant\u00e9 cert contacte amb la naturalesa i la prova \u00e9s als seus parcs que s\u00f3n espais acolorits, amb estil i molt ben cuidats.<\/p><p>A continuaci\u00f3, et presentarem els parcs m\u00e9s bonics de Barcelona perqu\u00e8 tri\u00efs els que m\u00e9s cridin la teva atenci\u00f3 i els anyades en el teu itinerari de visita. Ens acompanyes per aquest recorregut tan refrescant i natural?<\/p>\t\t\t\t\t\t\t\t<\/div>\n\t\t\t\t<\/div>\n\t\t\t\t\t<\/div>\n\t\t<\/div>\n\t\t\t\t\t<\/div>\n\t\t<\/section>\n\t\t\t\t<section class=\"elementor-section elementor-top-section elementor-element elementor-element-cf26dc9 elementor-section-boxed elementor-section-height-default elementor-section-height-default\" data-id=\"cf26dc9\" data-element_type=\"section\">\n\t\t\t\t\t\t<div class=\"elementor-container elementor-column-gap-default\">\n\t\t\t\t\t<div class=\"elementor-column elementor-col-100 elementor-top-column elementor-element elementor-element-5689fda\" data-id=\"5689fda\" data-element_type=\"column\">\n\t\t\t<div class=\"elementor-widget-wrap elementor-element-populated\">\n\t\t\t\t\t\t<div class=\"elementor-element elementor-element-ec10ffc elementor-widget elementor-widget-heading\" data-id=\"ec10ffc\" data-element_type=\"widget\" data-widget_type=\"heading.default\">\n\t\t\t\t<div class=\"elementor-widget-container\">\n\t\t\t\t\t<h2 class=\"elementor-heading-title elementor-size-default\">1. Parc G\u00fcell<\/h2>\t\t\t\t<\/div>\n\t\t\t\t<\/div>\n\t\t\t\t\t<\/div>\n\t\t<\/div>\n\t\t\t\t\t<\/div>\n\t\t<\/section>\n\t\t\t\t<section class=\"elementor-section elementor-top-section elementor-element elementor-element-36de432 elementor-section-boxed elementor-section-height-default elementor-section-height-default\" data-id=\"36de432\" data-element_type=\"section\">\n\t\t\t\t\t\t<div class=\"elementor-container elementor-column-gap-default\">\n\t\t\t\t\t<div class=\"elementor-column elementor-col-50 elementor-top-column elementor-element elementor-element-30a85ea\" data-id=\"30a85ea\" data-element_type=\"column\">\n\t\t\t<div class=\"elementor-widget-wrap elementor-element-populated\">\n\t\t\t\t\t\t<div class=\"elementor-element elementor-element-254baa4 elementor-widget elementor-widget-image\" data-id=\"254baa4\" data-element_type=\"widget\" data-widget_type=\"image.default\">\n\t\t\t\t<div class=\"elementor-widget-container\">\n\t\t\t\t\t\t\t\t\t\t\t\t\t\t\t<img fetchpriority=\"high\" decoding=\"async\" width=\"768\" height=\"470\" src=\"https:\/\/www.willysplan.com\/wp-content\/uploads\/2023\/05\/parc-guell-1-768x470.png\" class=\"attachment-medium_large size-medium_large wp-image-20094\" alt=\"parc-guell\" srcset=\"https:\/\/www.willysplan.com\/wp-content\/uploads\/2023\/05\/parc-guell-1-768x470.png 768w, https:\/\/www.willysplan.com\/wp-content\/uploads\/2023\/05\/parc-guell-1-300x184.png 300w, https:\/\/www.willysplan.com\/wp-content\/uploads\/2023\/05\/parc-guell-1-1024x627.png 1024w, https:\/\/www.willysplan.com\/wp-content\/uploads\/2023\/05\/parc-guell-1-1536x941.png 1536w, https:\/\/www.willysplan.com\/wp-content\/uploads\/2023\/05\/parc-guell-1-600x367.png 600w, https:\/\/www.willysplan.com\/wp-content\/uploads\/2023\/05\/parc-guell-1.png 1620w\" sizes=\"(max-width: 768px) 100vw, 768px\" \/>\t\t\t\t\t\t\t\t\t\t\t\t\t\t\t<\/div>\n\t\t\t\t<\/div>\n\t\t\t\t\t<\/div>\n\t\t<\/div>\n\t\t\t\t<div class=\"elementor-column elementor-col-50 elementor-top-column elementor-element elementor-element-391cda5\" data-id=\"391cda5\" data-element_type=\"column\">\n\t\t\t<div class=\"elementor-widget-wrap elementor-element-populated\">\n\t\t\t\t\t\t<div class=\"elementor-element elementor-element-b390bb5 elementor-widget elementor-widget-google_maps\" data-id=\"b390bb5\" data-element_type=\"widget\" data-widget_type=\"google_maps.default\">\n\t\t\t\t<div class=\"elementor-widget-container\">\n\t\t\t\t\t\t\t<div class=\"elementor-custom-embed\">\n\t\t\t<iframe loading=\"lazy\"\n\t\t\t\t\tsrc=\"https:\/\/maps.google.com\/maps?q=parc%20g%C3%BCell&#038;t=m&#038;z=13&#038;output=embed&#038;iwloc=near\"\n\t\t\t\t\ttitle=\"parc g\u00fcell\"\n\t\t\t\t\taria-label=\"parc g\u00fcell\"\n\t\t\t><\/iframe>\n\t\t<\/div>\n\t\t\t\t\t\t<\/div>\n\t\t\t\t<\/div>\n\t\t\t\t\t<\/div>\n\t\t<\/div>\n\t\t\t\t\t<\/div>\n\t\t<\/section>\n\t\t\t\t<section class=\"elementor-section elementor-top-section elementor-element elementor-element-090337d elementor-section-boxed elementor-section-height-default elementor-section-height-default\" data-id=\"090337d\" data-element_type=\"section\">\n\t\t\t\t\t\t<div class=\"elementor-container elementor-column-gap-default\">\n\t\t\t\t\t<div class=\"elementor-column elementor-col-100 elementor-top-column elementor-element elementor-element-10259a1\" data-id=\"10259a1\" data-element_type=\"column\">\n\t\t\t<div class=\"elementor-widget-wrap elementor-element-populated\">\n\t\t\t\t\t\t<div class=\"elementor-element elementor-element-67842ef elementor-widget elementor-widget-text-editor\" data-id=\"67842ef\" data-element_type=\"widget\" data-widget_type=\"text-editor.default\">\n\t\t\t\t<div class=\"elementor-widget-container\">\n\t\t\t\t\t\t\t\t\t<p>No podem comen\u00e7ar la nostra selecci\u00f3 de parcs fanfarrons a Barcelona per un altre punt que no sigui el m\u00edtic Parc G\u00fcell. All\u00ed podran deixar volar la imaginaci\u00f3, tant nens com adults, per a descobrir un dels moviments arquitect\u00f2nics m\u00e9s importants de la ciutat: sens dubte, una de les millors <a href=\"https:\/\/www.willysplan.com\/ideas\/20-mejores-cosas-que-hacer-barcelona\">coses que fer a Barcelona ciutat<\/a>.<\/p>\n<p>El Parc G\u00fcell \u00e9s una de les obres m\u00e9s rellevants de Gaud\u00ed a Barcelona. A m\u00e9s del recinte principal, les instal\u00b7lacions van molt m\u00e9s enll\u00e0 dels monuments m\u00e9s coneguts i ofereixen una xarxa de camins i racons m\u00e0gics per on podr\u00e0s passejar.&nbsp;<\/p>\n<p>Recorre el passeig de les palmeres, camina pels tres ponts que connecten les diferents zones i permet que els nens juguin a l&#8217;amagatall per la xarxa d&#8217;escales que trobareu pel cam\u00ed. Aquest \u00e9s un jard\u00ed m\u00edtic a Barcelona que no et pots perdre!<\/p>\t\t\t\t\t\t\t\t<\/div>\n\t\t\t\t<\/div>\n\t\t\t\t\t<\/div>\n\t\t<\/div>\n\t\t\t\t\t<\/div>\n\t\t<\/section>\n\t\t\t\t<section class=\"elementor-section elementor-top-section elementor-element elementor-element-5bbebe2 elementor-section-boxed elementor-section-height-default elementor-section-height-default\" data-id=\"5bbebe2\" data-element_type=\"section\">\n\t\t\t\t\t\t<div class=\"elementor-container elementor-column-gap-default\">\n\t\t\t\t\t<div class=\"elementor-column elementor-col-100 elementor-top-column elementor-element elementor-element-941bd5d\" data-id=\"941bd5d\" data-element_type=\"column\">\n\t\t\t<div class=\"elementor-widget-wrap elementor-element-populated\">\n\t\t\t\t\t\t<div class=\"elementor-element elementor-element-1d4c035 elementor-widget elementor-widget-html\" data-id=\"1d4c035\" data-element_type=\"widget\" data-widget_type=\"html.default\">\n\t\t\t\t<div class=\"elementor-widget-container\">\n\t\t\t\t\t<div style='text-align:center;'><script>function loadScript(url, callback){var script=document.createElement('script'); script.type='text\/javascript'; if (script.readyState){script.onreadystatechange=function(){if (script.readyState=='loaded' || script.readyState=='complete'){script.onreadystatechange=null; callback();}};}else{script.onload=function(){callback();};}script.src=url; document.getElementsByTagName('head')[0].appendChild(script);}loadScript('https:\/\/www.civitatis.com\/f\/js\/vendor\/iframeResizer.min.js', function(){iFrameResize({checkOrigin:false,initCallback:function(iframe){setTimeout(function(){var resizeEvent = window.document.createEvent('UIEvents'); resizeEvent.initUIEvent('resize', true, false, window, 0); iframe.dispatchEvent(resizeEvent);});}})})<\/script><iframe class='civitatis-iframe' src='https:\/\/www.civitatis.com\/widget-activities\/?affiliated=100249&display=cosy&cant=3&lang=es&currency=EUR&destination=35&activities=132707,827,826&transfer=0&cmp=Parc_Guell&width=100%&hideButton=0&centerContent=1&typeSelection=manual&color=f70759&typography=Montserrat&removeBackground=1&showShadow=1&roundedButtons=1' width='100%'  frameborder='0' data-maxwidth='100%' style='max-width: 100%' ><\/iframe><\/div>\t\t\t\t<\/div>\n\t\t\t\t<\/div>\n\t\t\t\t\t<\/div>\n\t\t<\/div>\n\t\t\t\t\t<\/div>\n\t\t<\/section>\n\t\t\t\t<section class=\"elementor-section elementor-top-section elementor-element elementor-element-228dd78 elementor-section-boxed elementor-section-height-default elementor-section-height-default\" data-id=\"228dd78\" data-element_type=\"section\">\n\t\t\t\t\t\t<div class=\"elementor-container elementor-column-gap-default\">\n\t\t\t\t\t<div class=\"elementor-column elementor-col-100 elementor-top-column elementor-element elementor-element-6fe37a6\" data-id=\"6fe37a6\" data-element_type=\"column\">\n\t\t\t<div class=\"elementor-widget-wrap elementor-element-populated\">\n\t\t\t\t\t\t<div class=\"elementor-element elementor-element-c9dcbd0 elementor-widget elementor-widget-heading\" data-id=\"c9dcbd0\" data-element_type=\"widget\" data-widget_type=\"heading.default\">\n\t\t\t\t<div class=\"elementor-widget-container\">\n\t\t\t\t\t<h2 class=\"elementor-heading-title elementor-size-default\">2. Parc de la Ciutadella<\/h2>\t\t\t\t<\/div>\n\t\t\t\t<\/div>\n\t\t\t\t\t<\/div>\n\t\t<\/div>\n\t\t\t\t\t<\/div>\n\t\t<\/section>\n\t\t\t\t<section class=\"elementor-section elementor-top-section elementor-element elementor-element-9dde891 elementor-section-boxed elementor-section-height-default elementor-section-height-default\" data-id=\"9dde891\" data-element_type=\"section\">\n\t\t\t\t\t\t<div class=\"elementor-container elementor-column-gap-default\">\n\t\t\t\t\t<div class=\"elementor-column elementor-col-50 elementor-top-column elementor-element elementor-element-efd1b5f\" data-id=\"efd1b5f\" data-element_type=\"column\">\n\t\t\t<div class=\"elementor-widget-wrap elementor-element-populated\">\n\t\t\t\t\t\t<div class=\"elementor-element elementor-element-52923a4 elementor-widget elementor-widget-image\" data-id=\"52923a4\" data-element_type=\"widget\" data-widget_type=\"image.default\">\n\t\t\t\t<div class=\"elementor-widget-container\">\n\t\t\t\t\t\t\t\t\t\t\t\t\t\t\t<img decoding=\"async\" width=\"1024\" height=\"671\" src=\"https:\/\/www.willysplan.com\/wp-content\/uploads\/2023\/05\/parc-ciutadella-1024x671.png\" class=\"attachment-large size-large wp-image-20091\" alt=\"parc-ciutadella\" srcset=\"https:\/\/www.willysplan.com\/wp-content\/uploads\/2023\/05\/parc-ciutadella-1024x671.png 1024w, https:\/\/www.willysplan.com\/wp-content\/uploads\/2023\/05\/parc-ciutadella-300x197.png 300w, https:\/\/www.willysplan.com\/wp-content\/uploads\/2023\/05\/parc-ciutadella-768x503.png 768w, https:\/\/www.willysplan.com\/wp-content\/uploads\/2023\/05\/parc-ciutadella-1536x1007.png 1536w, https:\/\/www.willysplan.com\/wp-content\/uploads\/2023\/05\/parc-ciutadella-600x393.png 600w, https:\/\/www.willysplan.com\/wp-content\/uploads\/2023\/05\/parc-ciutadella.png 1556w\" sizes=\"(max-width: 1024px) 100vw, 1024px\" \/>\t\t\t\t\t\t\t\t\t\t\t\t\t\t\t<\/div>\n\t\t\t\t<\/div>\n\t\t\t\t\t<\/div>\n\t\t<\/div>\n\t\t\t\t<div class=\"elementor-column elementor-col-50 elementor-top-column elementor-element elementor-element-a40f723\" data-id=\"a40f723\" data-element_type=\"column\">\n\t\t\t<div class=\"elementor-widget-wrap elementor-element-populated\">\n\t\t\t\t\t\t<div class=\"elementor-element elementor-element-8ebd04f elementor-widget elementor-widget-google_maps\" data-id=\"8ebd04f\" data-element_type=\"widget\" data-widget_type=\"google_maps.default\">\n\t\t\t\t<div class=\"elementor-widget-container\">\n\t\t\t\t\t\t\t<div class=\"elementor-custom-embed\">\n\t\t\t<iframe loading=\"lazy\"\n\t\t\t\t\tsrc=\"https:\/\/maps.google.com\/maps?q=parc%20ciutadella&#038;t=m&#038;z=12&#038;output=embed&#038;iwloc=near\"\n\t\t\t\t\ttitle=\"parc ciutadella\"\n\t\t\t\t\taria-label=\"parc ciutadella\"\n\t\t\t><\/iframe>\n\t\t<\/div>\n\t\t\t\t\t\t<\/div>\n\t\t\t\t<\/div>\n\t\t\t\t\t<\/div>\n\t\t<\/div>\n\t\t\t\t\t<\/div>\n\t\t<\/section>\n\t\t\t\t<section class=\"elementor-section elementor-top-section elementor-element elementor-element-649f78d elementor-section-boxed elementor-section-height-default elementor-section-height-default\" data-id=\"649f78d\" data-element_type=\"section\">\n\t\t\t\t\t\t<div class=\"elementor-container elementor-column-gap-default\">\n\t\t\t\t\t<div class=\"elementor-column elementor-col-100 elementor-top-column elementor-element elementor-element-bd8f266\" data-id=\"bd8f266\" data-element_type=\"column\">\n\t\t\t<div class=\"elementor-widget-wrap elementor-element-populated\">\n\t\t\t\t\t\t<div class=\"elementor-element elementor-element-6131457 elementor-widget elementor-widget-text-editor\" data-id=\"6131457\" data-element_type=\"widget\" data-widget_type=\"text-editor.default\">\n\t\t\t\t<div class=\"elementor-widget-container\">\n\t\t\t\t\t\t\t\t\t<p>El Parc de la Ciutadella \u00e9s una de les principals \u00e0rees verdes que has de visitar a Barcelona. Es troba entre l&#8217;Estaci\u00f3 de Fran\u00e7a, l&#8217;Arc del Triomf i el Zoo de Barcelona i es tracta d&#8217;un parc que, durant molts anys va ser l&#8217;\u00fanic espai verd de la Ciutat Comtal.<\/p><p>Aquest lloc va ser constru\u00eft sobre el que un dia va ser la ciutadella militar de la ciutat i d&#8217;aqu\u00ed ve el seu nom. Aqu\u00ed podr\u00e0s realitzar una \u00e0mplia llista d&#8217;activitats com a f\u00fating, pilates, celebrar aniversari, assistir a mercats ambulants, etc.\u00a0<\/p><p>El parc compta amb diverses fonts, passejos, una cascada, l&#8217;estany, taules de ping-pong, posats de gelats, obres art\u00edstiques, una cafeteria, i moltes m\u00e9s coses.<\/p>\t\t\t\t\t\t\t\t<\/div>\n\t\t\t\t<\/div>\n\t\t\t\t\t<\/div>\n\t\t<\/div>\n\t\t\t\t\t<\/div>\n\t\t<\/section>\n\t\t\t\t<section class=\"elementor-section elementor-top-section elementor-element elementor-element-7776192 elementor-section-boxed elementor-section-height-default elementor-section-height-default\" data-id=\"7776192\" data-element_type=\"section\">\n\t\t\t\t\t\t<div class=\"elementor-container elementor-column-gap-default\">\n\t\t\t\t\t<div class=\"elementor-column elementor-col-100 elementor-top-column elementor-element elementor-element-378f4d8\" data-id=\"378f4d8\" data-element_type=\"column\">\n\t\t\t<div class=\"elementor-widget-wrap elementor-element-populated\">\n\t\t\t\t\t\t<div class=\"elementor-element elementor-element-3e3c14b elementor-cta--layout-image-left elementor-cta--valign-middle elementor-hidden-tablet elementor-hidden-mobile elementor-cta--skin-classic elementor-animated-content elementor-widget elementor-widget-call-to-action\" data-id=\"3e3c14b\" data-element_type=\"widget\" data-widget_type=\"call-to-action.default\">\n\t\t\t\t<div class=\"elementor-widget-container\">\n\t\t\t\t\t\t\t<a class=\"elementor-cta\" href=\"https:\/\/www.willysplan.com\/ca\/tours-privats-barcelona\/tour-de-benvinguda-a-barcelona\">\n\t\t\t\t\t<div class=\"elementor-cta__bg-wrapper\">\n\t\t\t\t<div class=\"elementor-cta__bg elementor-bg\" style=\"background-image: url(https:\/\/www.willysplan.com\/wp-content\/uploads\/2022\/10\/tour-de-bienvenida-a-barcelona-parc-de-la-ciutadella.jpg);\" role=\"img\" aria-label=\"tour de bienvenida a barcelona - parc de la ciutadella\"><\/div>\n\t\t\t\t<div class=\"elementor-cta__bg-overlay\"><\/div>\n\t\t\t<\/div>\n\t\t\t\t\t\t\t<div class=\"elementor-cta__content\">\n\t\t\t\t\n\t\t\t\t\t\t\t\t\t<h2 class=\"elementor-cta__title elementor-cta__content-item elementor-content-item\">\n\t\t\t\t\t\tTour de benvinguda a Barcelona\t\t\t\t\t<\/h2>\n\t\t\t\t\n\t\t\t\t\t\t\t\t\t<div class=\"elementor-cta__description elementor-cta__content-item elementor-content-item\">\n\t\t\t\t\t\t<p>\u2b50\u2b50\u2b50\u2b50\u2b50<\/p>\n<p>\ud83d\udd50 2:30 hores.<br \/>\ud83d\udcac Espanyol, Angl\u00e8s, Itali\u00e0, Franc\u00e8s, Portugu\u00e8s, Alemany, Xin\u00e8s, Rus i \u00c0rab.<br \/>\u2714 Cancel\u00b7laci\u00f3 gratu\u00efta.<\/p>\n\t\t\t\t\t<\/div>\n\t\t\t\t\n\t\t\t\t\t\t\t<\/div>\n\t\t\t\t\t\t\t<div class=\"elementor-ribbon elementor-ribbon-right\">\n\t\t\t\t<div class=\"elementor-ribbon-inner\">\n\t\t\t\t\tDes de 70\u20ac\t\t\t\t<\/div>\n\t\t\t<\/div>\n\t\t\t\t<\/a>\n\t\t\t\t\t\t<\/div>\n\t\t\t\t<\/div>\n\t\t\t\t\t<\/div>\n\t\t<\/div>\n\t\t\t\t\t<\/div>\n\t\t<\/section>\n\t\t\t\t<section class=\"elementor-section elementor-top-section elementor-element elementor-element-3029fea elementor-section-boxed elementor-section-height-default elementor-section-height-default\" data-id=\"3029fea\" data-element_type=\"section\">\n\t\t\t\t\t\t<div class=\"elementor-container elementor-column-gap-default\">\n\t\t\t\t\t<div class=\"elementor-column elementor-col-100 elementor-top-column elementor-element elementor-element-f085d98\" data-id=\"f085d98\" data-element_type=\"column\">\n\t\t\t<div class=\"elementor-widget-wrap elementor-element-populated\">\n\t\t\t\t\t\t<div class=\"elementor-element elementor-element-97a658b elementor-cta--layout-image-above elementor-cta--valign-middle elementor-hidden-desktop elementor-cta--skin-classic elementor-animated-content elementor-widget elementor-widget-call-to-action\" data-id=\"97a658b\" data-element_type=\"widget\" data-widget_type=\"call-to-action.default\">\n\t\t\t\t<div class=\"elementor-widget-container\">\n\t\t\t\t\t\t\t<a class=\"elementor-cta\" href=\"https:\/\/www.willysplan.com\/ca\/tours-privats-barcelona\/tour-de-benvinguda-a-barcelona\">\n\t\t\t\t\t<div class=\"elementor-cta__bg-wrapper\">\n\t\t\t\t<div class=\"elementor-cta__bg elementor-bg\" style=\"background-image: url(https:\/\/www.willysplan.com\/wp-content\/uploads\/2022\/10\/tour-de-bienvenida-a-barcelona-parc-de-la-ciutadella.jpg);\" role=\"img\" aria-label=\"tour de bienvenida a barcelona - parc de la ciutadella\"><\/div>\n\t\t\t\t<div class=\"elementor-cta__bg-overlay\"><\/div>\n\t\t\t<\/div>\n\t\t\t\t\t\t\t<div class=\"elementor-cta__content\">\n\t\t\t\t\n\t\t\t\t\t\t\t\t\t<h2 class=\"elementor-cta__title elementor-cta__content-item elementor-content-item\">\n\t\t\t\t\t\tTour de benvinguda a Barcelona\t\t\t\t\t<\/h2>\n\t\t\t\t\n\t\t\t\t\t\t\t\t\t<div class=\"elementor-cta__description elementor-cta__content-item elementor-content-item\">\n\t\t\t\t\t\t<p>\u2b50\u2b50\u2b50\u2b50\u2b50<\/p>\n<p>\ud83d\udd50 2:30 hores.<br \/>\ud83d\udcac Espanyol, Angl\u00e8s, Itali\u00e0, Franc\u00e8s, Portugu\u00e8s, Alemany, Xin\u00e8s, Rus i \u00c0rab.<br \/>\u2714 Cancel\u00b7laci\u00f3 gratu\u00efta.<\/p>\n\t\t\t\t\t<\/div>\n\t\t\t\t\n\t\t\t\t\t\t\t<\/div>\n\t\t\t\t\t\t\t<div class=\"elementor-ribbon elementor-ribbon-right\">\n\t\t\t\t<div class=\"elementor-ribbon-inner\">\n\t\t\t\t\tDes de 70\u20ac\t\t\t\t<\/div>\n\t\t\t<\/div>\n\t\t\t\t<\/a>\n\t\t\t\t\t\t<\/div>\n\t\t\t\t<\/div>\n\t\t\t\t\t<\/div>\n\t\t<\/div>\n\t\t\t\t\t<\/div>\n\t\t<\/section>\n\t\t\t\t<section class=\"elementor-section elementor-top-section elementor-element elementor-element-700f85f elementor-section-boxed elementor-section-height-default elementor-section-height-default\" data-id=\"700f85f\" data-element_type=\"section\">\n\t\t\t\t\t\t<div class=\"elementor-container elementor-column-gap-default\">\n\t\t\t\t\t<div class=\"elementor-column elementor-col-100 elementor-top-column elementor-element elementor-element-996fba7\" data-id=\"996fba7\" data-element_type=\"column\">\n\t\t\t<div class=\"elementor-widget-wrap elementor-element-populated\">\n\t\t\t\t\t\t<div class=\"elementor-element elementor-element-64e0ad1 elementor-align-center elementor-widget elementor-widget-button\" data-id=\"64e0ad1\" data-element_type=\"widget\" data-widget_type=\"button.default\">\n\t\t\t\t<div class=\"elementor-widget-container\">\n\t\t\t\t\t\t\t\t\t<div class=\"elementor-button-wrapper\">\n\t\t\t\t\t<a class=\"elementor-button elementor-button-link elementor-size-md\" href=\"https:\/\/www.willysplan.com\/ca\/tours-privats-a-barcelona\" rel=\"nofollow\">\n\t\t\t\t\t\t<span class=\"elementor-button-content-wrapper\">\n\t\t\t\t\t\t\t\t\t<span class=\"elementor-button-text\">Descobreix els nostres tours privats<\/span>\n\t\t\t\t\t<\/span>\n\t\t\t\t\t<\/a>\n\t\t\t\t<\/div>\n\t\t\t\t\t\t\t\t<\/div>\n\t\t\t\t<\/div>\n\t\t\t\t\t<\/div>\n\t\t<\/div>\n\t\t\t\t\t<\/div>\n\t\t<\/section>\n\t\t\t\t<section class=\"elementor-section elementor-top-section elementor-element elementor-element-934cfa6 elementor-section-boxed elementor-section-height-default elementor-section-height-default\" data-id=\"934cfa6\" data-element_type=\"section\">\n\t\t\t\t\t\t<div class=\"elementor-container elementor-column-gap-default\">\n\t\t\t\t\t<div class=\"elementor-column elementor-col-100 elementor-top-column elementor-element elementor-element-6d28942\" data-id=\"6d28942\" data-element_type=\"column\">\n\t\t\t<div class=\"elementor-widget-wrap elementor-element-populated\">\n\t\t\t\t\t\t<div class=\"elementor-element elementor-element-24f2b10 elementor-widget elementor-widget-heading\" data-id=\"24f2b10\" data-element_type=\"widget\" data-widget_type=\"heading.default\">\n\t\t\t\t<div class=\"elementor-widget-container\">\n\t\t\t\t\t<h2 class=\"elementor-heading-title elementor-size-default\">3. Villa Cecilia i Santa Amelia<\/h2>\t\t\t\t<\/div>\n\t\t\t\t<\/div>\n\t\t\t\t\t<\/div>\n\t\t<\/div>\n\t\t\t\t\t<\/div>\n\t\t<\/section>\n\t\t\t\t<section class=\"elementor-section elementor-top-section elementor-element elementor-element-5a266e9 elementor-section-boxed elementor-section-height-default elementor-section-height-default\" data-id=\"5a266e9\" data-element_type=\"section\">\n\t\t\t\t\t\t<div class=\"elementor-container elementor-column-gap-default\">\n\t\t\t\t\t<div class=\"elementor-column elementor-col-50 elementor-top-column elementor-element elementor-element-8ca8f7f\" data-id=\"8ca8f7f\" data-element_type=\"column\">\n\t\t\t<div class=\"elementor-widget-wrap elementor-element-populated\">\n\t\t\t\t\t\t<div class=\"elementor-element elementor-element-55b0b90 elementor-widget elementor-widget-image\" data-id=\"55b0b90\" data-element_type=\"widget\" data-widget_type=\"image.default\">\n\t\t\t\t<div class=\"elementor-widget-container\">\n\t\t\t\t\t\t\t\t\t\t\t\t\t\t\t<img decoding=\"async\" width=\"1024\" height=\"667\" src=\"https:\/\/www.willysplan.com\/wp-content\/uploads\/2023\/05\/parc-villa-cecilia-1024x667.png\" class=\"attachment-large size-large wp-image-20088\" alt=\"parc-villa-cecilia\" srcset=\"https:\/\/www.willysplan.com\/wp-content\/uploads\/2023\/05\/parc-villa-cecilia-1024x667.png 1024w, https:\/\/www.willysplan.com\/wp-content\/uploads\/2023\/05\/parc-villa-cecilia-300x195.png 300w, https:\/\/www.willysplan.com\/wp-content\/uploads\/2023\/05\/parc-villa-cecilia-768x500.png 768w, https:\/\/www.willysplan.com\/wp-content\/uploads\/2023\/05\/parc-villa-cecilia-600x391.png 600w, https:\/\/www.willysplan.com\/wp-content\/uploads\/2023\/05\/parc-villa-cecilia.png 1284w\" sizes=\"(max-width: 1024px) 100vw, 1024px\" \/>\t\t\t\t\t\t\t\t\t\t\t\t\t\t\t<\/div>\n\t\t\t\t<\/div>\n\t\t\t\t\t<\/div>\n\t\t<\/div>\n\t\t\t\t<div class=\"elementor-column elementor-col-50 elementor-top-column elementor-element elementor-element-3e5315c\" data-id=\"3e5315c\" data-element_type=\"column\">\n\t\t\t<div class=\"elementor-widget-wrap elementor-element-populated\">\n\t\t\t\t\t\t<div class=\"elementor-element elementor-element-2ac84a8 elementor-widget elementor-widget-google_maps\" data-id=\"2ac84a8\" data-element_type=\"widget\" data-widget_type=\"google_maps.default\">\n\t\t\t\t<div class=\"elementor-widget-container\">\n\t\t\t\t\t\t\t<div class=\"elementor-custom-embed\">\n\t\t\t<iframe loading=\"lazy\"\n\t\t\t\t\tsrc=\"https:\/\/maps.google.com\/maps?q=villa%20cecilia%20y%20santa%20amelia&#038;t=m&#038;z=12&#038;output=embed&#038;iwloc=near\"\n\t\t\t\t\ttitle=\"villa cecilia y santa amelia\"\n\t\t\t\t\taria-label=\"villa cecilia y santa amelia\"\n\t\t\t><\/iframe>\n\t\t<\/div>\n\t\t\t\t\t\t<\/div>\n\t\t\t\t<\/div>\n\t\t\t\t\t<\/div>\n\t\t<\/div>\n\t\t\t\t\t<\/div>\n\t\t<\/section>\n\t\t\t\t<section class=\"elementor-section elementor-top-section elementor-element elementor-element-7dd4d6d elementor-section-boxed elementor-section-height-default elementor-section-height-default\" data-id=\"7dd4d6d\" data-element_type=\"section\">\n\t\t\t\t\t\t<div class=\"elementor-container elementor-column-gap-default\">\n\t\t\t\t\t<div class=\"elementor-column elementor-col-100 elementor-top-column elementor-element elementor-element-eab2445\" data-id=\"eab2445\" data-element_type=\"column\">\n\t\t\t<div class=\"elementor-widget-wrap elementor-element-populated\">\n\t\t\t\t\t\t<div class=\"elementor-element elementor-element-fc5f76d elementor-widget elementor-widget-text-editor\" data-id=\"fc5f76d\" data-element_type=\"widget\" data-widget_type=\"text-editor.default\">\n\t\t\t\t<div class=\"elementor-widget-container\">\n\t\t\t\t\t\t\t\t\t<p>El de Vila Cecilia i Santa Amelia \u00e9s un parc infantil a Barcelona que no pots deixar de visitar si has vingut a la ciutat en fam\u00edlia. El seu acc\u00e9s \u00e9s completament gratis per al p\u00fablic i podr\u00e0s trobar-lo en el barri de *Sarri\u00e0, una de les zones m\u00e9s exclusives de la Ciutat Comtal.<\/p><p>Els jardins s\u00f3n excepcionals i en el centre trobar\u00e0s una ludoteca per als m\u00e9s petits, una pista de ciment per a jugar a *basket i unes taules de ping-pong. Aquest parc \u00e9s perfecte, tamb\u00e9 per a anar amb bicicleta, patinet, prendre alguna cosa a la terrassa o jugar en les zones habilitades per a aix\u00f2 i pensades per a diferents edats.<\/p>\t\t\t\t\t\t\t\t<\/div>\n\t\t\t\t<\/div>\n\t\t\t\t\t<\/div>\n\t\t<\/div>\n\t\t\t\t\t<\/div>\n\t\t<\/section>\n\t\t\t\t<section class=\"elementor-section elementor-top-section elementor-element elementor-element-463b1d6 elementor-section-boxed elementor-section-height-default elementor-section-height-default\" data-id=\"463b1d6\" data-element_type=\"section\">\n\t\t\t\t\t\t<div class=\"elementor-container elementor-column-gap-default\">\n\t\t\t\t\t<div class=\"elementor-column elementor-col-100 elementor-top-column elementor-element elementor-element-906796f\" data-id=\"906796f\" data-element_type=\"column\">\n\t\t\t<div class=\"elementor-widget-wrap elementor-element-populated\">\n\t\t\t\t\t\t<div class=\"elementor-element elementor-element-add74af elementor-widget elementor-widget-heading\" data-id=\"add74af\" data-element_type=\"widget\" data-widget_type=\"heading.default\">\n\t\t\t\t<div class=\"elementor-widget-container\">\n\t\t\t\t\t<h2 class=\"elementor-heading-title elementor-size-default\">4. Parc del Laberint d'Horta<\/h2>\t\t\t\t<\/div>\n\t\t\t\t<\/div>\n\t\t\t\t\t<\/div>\n\t\t<\/div>\n\t\t\t\t\t<\/div>\n\t\t<\/section>\n\t\t\t\t<section class=\"elementor-section elementor-top-section elementor-element elementor-element-17f4fe2 elementor-section-boxed elementor-section-height-default elementor-section-height-default\" data-id=\"17f4fe2\" data-element_type=\"section\">\n\t\t\t\t\t\t<div class=\"elementor-container elementor-column-gap-default\">\n\t\t\t\t\t<div class=\"elementor-column elementor-col-50 elementor-top-column elementor-element elementor-element-e70c3b5\" data-id=\"e70c3b5\" data-element_type=\"column\">\n\t\t\t<div class=\"elementor-widget-wrap elementor-element-populated\">\n\t\t\t\t\t\t<div class=\"elementor-element elementor-element-6952af3 elementor-widget elementor-widget-image\" data-id=\"6952af3\" data-element_type=\"widget\" data-widget_type=\"image.default\">\n\t\t\t\t<div class=\"elementor-widget-container\">\n\t\t\t\t\t\t\t\t\t\t\t\t\t\t\t<img loading=\"lazy\" decoding=\"async\" width=\"1024\" height=\"617\" src=\"https:\/\/www.willysplan.com\/wp-content\/uploads\/2023\/05\/laberint-horta-1024x617.png\" class=\"attachment-large size-large wp-image-20085\" alt=\"laberint-horta\" srcset=\"https:\/\/www.willysplan.com\/wp-content\/uploads\/2023\/05\/laberint-horta-1024x617.png 1024w, https:\/\/www.willysplan.com\/wp-content\/uploads\/2023\/05\/laberint-horta-300x181.png 300w, https:\/\/www.willysplan.com\/wp-content\/uploads\/2023\/05\/laberint-horta-768x462.png 768w, https:\/\/www.willysplan.com\/wp-content\/uploads\/2023\/05\/laberint-horta-1536x925.png 1536w, https:\/\/www.willysplan.com\/wp-content\/uploads\/2023\/05\/laberint-horta-600x361.png 600w, https:\/\/www.willysplan.com\/wp-content\/uploads\/2023\/05\/laberint-horta.png 1664w\" sizes=\"(max-width: 1024px) 100vw, 1024px\" \/>\t\t\t\t\t\t\t\t\t\t\t\t\t\t\t<\/div>\n\t\t\t\t<\/div>\n\t\t\t\t\t<\/div>\n\t\t<\/div>\n\t\t\t\t<div class=\"elementor-column elementor-col-50 elementor-top-column elementor-element elementor-element-4eea298\" data-id=\"4eea298\" data-element_type=\"column\">\n\t\t\t<div class=\"elementor-widget-wrap elementor-element-populated\">\n\t\t\t\t\t\t<div class=\"elementor-element elementor-element-d04aa7e elementor-widget elementor-widget-google_maps\" data-id=\"d04aa7e\" data-element_type=\"widget\" data-widget_type=\"google_maps.default\">\n\t\t\t\t<div class=\"elementor-widget-container\">\n\t\t\t\t\t\t\t<div class=\"elementor-custom-embed\">\n\t\t\t<iframe loading=\"lazy\"\n\t\t\t\t\tsrc=\"https:\/\/maps.google.com\/maps?q=laberint%20d%27horta&#038;t=m&#038;z=12&#038;output=embed&#038;iwloc=near\"\n\t\t\t\t\ttitle=\"laberint d&#039;horta\"\n\t\t\t\t\taria-label=\"laberint d&#039;horta\"\n\t\t\t><\/iframe>\n\t\t<\/div>\n\t\t\t\t\t\t<\/div>\n\t\t\t\t<\/div>\n\t\t\t\t\t<\/div>\n\t\t<\/div>\n\t\t\t\t\t<\/div>\n\t\t<\/section>\n\t\t\t\t<section class=\"elementor-section elementor-top-section elementor-element elementor-element-9e9ef71 elementor-section-boxed elementor-section-height-default elementor-section-height-default\" data-id=\"9e9ef71\" data-element_type=\"section\">\n\t\t\t\t\t\t<div class=\"elementor-container elementor-column-gap-default\">\n\t\t\t\t\t<div class=\"elementor-column elementor-col-100 elementor-top-column elementor-element elementor-element-5ca7731\" data-id=\"5ca7731\" data-element_type=\"column\">\n\t\t\t<div class=\"elementor-widget-wrap elementor-element-populated\">\n\t\t\t\t\t\t<div class=\"elementor-element elementor-element-1aafa5b elementor-widget elementor-widget-text-editor\" data-id=\"1aafa5b\" data-element_type=\"widget\" data-widget_type=\"text-editor.default\">\n\t\t\t\t<div class=\"elementor-widget-container\">\n\t\t\t\t\t\t\t\t\t<p>En el tranquil i apartat barri d&#8217;Horta es troba un dels millors parcs de Barcelona: El Parc del Laberint d&#8217;Horta. Es tracta d&#8217;una rel\u00edquia arquitect\u00f2nica que data del segle XVIII i s\u00f3n els jardins m\u00e9s antics que es conserven a la ciutat. Joan Antoni Desvalls Marqu\u00e8s ho va dissenyar com un jard\u00ed neocl\u00e0ssic escalonat en tres terrasses per al seu palau d&#8217;elements neo-\u00e0rabs i neo-g\u00f2tics.<\/p><p>Posteriorment, els seus descendents van afegir un jard\u00ed rom\u00e0ntic, fins que finalment aquest espai es va cedir a l&#8217;Ajuntament i des de 1971 est\u00e0 obert al p\u00fablic. Al parc trobar\u00e0s una gran riquesa d&#8217;escultures, edificis, fonts, formes decoratives de vegetaci\u00f3 i molt m\u00e9s. Per\u00f2, sens dubte el seu principal atractiu \u00e9s el gran laberint de xiprers que hi ha en el centre. Trobar\u00e0s la sortida?<\/p>\t\t\t\t\t\t\t\t<\/div>\n\t\t\t\t<\/div>\n\t\t\t\t\t<\/div>\n\t\t<\/div>\n\t\t\t\t\t<\/div>\n\t\t<\/section>\n\t\t\t\t<section class=\"elementor-section elementor-top-section elementor-element elementor-element-42629b3 elementor-section-boxed elementor-section-height-default elementor-section-height-default\" data-id=\"42629b3\" data-element_type=\"section\">\n\t\t\t\t\t\t<div class=\"elementor-container elementor-column-gap-default\">\n\t\t\t\t\t<div class=\"elementor-column elementor-col-100 elementor-top-column elementor-element elementor-element-3b41f86\" data-id=\"3b41f86\" data-element_type=\"column\">\n\t\t\t<div class=\"elementor-widget-wrap elementor-element-populated\">\n\t\t\t\t\t\t<div class=\"elementor-element elementor-element-7d8f4a5 elementor-cta--layout-image-left elementor-cta--valign-middle elementor-hidden-tablet elementor-hidden-mobile elementor-cta--skin-classic elementor-animated-content elementor-widget elementor-widget-call-to-action\" data-id=\"7d8f4a5\" data-element_type=\"widget\" data-widget_type=\"call-to-action.default\">\n\t\t\t\t<div class=\"elementor-widget-container\">\n\t\t\t\t\t\t\t<a class=\"elementor-cta\" href=\"https:\/\/www.willysplan.com\/ca\/tours-privats-barcelona\/tour-del-parc-del-laberint-de-barcelona\">\n\t\t\t\t\t<div class=\"elementor-cta__bg-wrapper\">\n\t\t\t\t<div class=\"elementor-cta__bg elementor-bg\" style=\"background-image: url(https:\/\/www.willysplan.com\/wp-content\/uploads\/2022\/05\/vista-laberinto.webp);\" role=\"img\" aria-label=\"free tour barcelona - laberint horta\"><\/div>\n\t\t\t\t<div class=\"elementor-cta__bg-overlay\"><\/div>\n\t\t\t<\/div>\n\t\t\t\t\t\t\t<div class=\"elementor-cta__content\">\n\t\t\t\t\n\t\t\t\t\t\t\t\t\t<h2 class=\"elementor-cta__title elementor-cta__content-item elementor-content-item\">\n\t\t\t\t\t\tTour del parc del laberint de Barcelona\t\t\t\t\t<\/h2>\n\t\t\t\t\n\t\t\t\t\t\t\t\t\t<div class=\"elementor-cta__description elementor-cta__content-item elementor-content-item\">\n\t\t\t\t\t\t<p>\u2b50\u2b50\u2b50\u2b50\u2b50<\/p>\n<p>\ud83d\udd50 2 hores.<br \/>\ud83d\udcac Espanyol, Angl\u00e8s, Itali\u00e0, Franc\u00e8s, Portugu\u00e8s, Alemany, Xin\u00e8s, Rus i \u00c0rab.<br \/>\u2714 Cancel\u00b7laci\u00f3 gratu\u00efta.<\/p>\n\t\t\t\t\t<\/div>\n\t\t\t\t\n\t\t\t\t\t\t\t<\/div>\n\t\t\t\t\t\t\t<div class=\"elementor-ribbon elementor-ribbon-right\">\n\t\t\t\t<div class=\"elementor-ribbon-inner\">\n\t\t\t\t\tDes de 70\u20ac\t\t\t\t<\/div>\n\t\t\t<\/div>\n\t\t\t\t<\/a>\n\t\t\t\t\t\t<\/div>\n\t\t\t\t<\/div>\n\t\t\t\t\t<\/div>\n\t\t<\/div>\n\t\t\t\t\t<\/div>\n\t\t<\/section>\n\t\t\t\t<section class=\"elementor-section elementor-top-section elementor-element elementor-element-ece2e49 elementor-section-boxed elementor-section-height-default elementor-section-height-default\" data-id=\"ece2e49\" data-element_type=\"section\">\n\t\t\t\t\t\t<div class=\"elementor-container elementor-column-gap-default\">\n\t\t\t\t\t<div class=\"elementor-column elementor-col-100 elementor-top-column elementor-element elementor-element-0721e00\" data-id=\"0721e00\" data-element_type=\"column\">\n\t\t\t<div class=\"elementor-widget-wrap elementor-element-populated\">\n\t\t\t\t\t\t<div class=\"elementor-element elementor-element-1851d5e elementor-cta--layout-image-above elementor-cta--valign-middle elementor-hidden-desktop elementor-cta--skin-classic elementor-animated-content elementor-widget elementor-widget-call-to-action\" data-id=\"1851d5e\" data-element_type=\"widget\" data-widget_type=\"call-to-action.default\">\n\t\t\t\t<div class=\"elementor-widget-container\">\n\t\t\t\t\t\t\t<a class=\"elementor-cta\" href=\"https:\/\/www.willysplan.com\/ca\/tours-privats-barcelona\/tour-del-parc-del-laberint-de-barcelona\">\n\t\t\t\t\t<div class=\"elementor-cta__bg-wrapper\">\n\t\t\t\t<div class=\"elementor-cta__bg elementor-bg\" style=\"background-image: url(https:\/\/www.willysplan.com\/wp-content\/uploads\/2022\/05\/vista-laberinto.webp);\" role=\"img\" aria-label=\"free tour barcelona - laberint horta\"><\/div>\n\t\t\t\t<div class=\"elementor-cta__bg-overlay\"><\/div>\n\t\t\t<\/div>\n\t\t\t\t\t\t\t<div class=\"elementor-cta__content\">\n\t\t\t\t\n\t\t\t\t\t\t\t\t\t<h2 class=\"elementor-cta__title elementor-cta__content-item elementor-content-item\">\n\t\t\t\t\t\tTour del parc del laberint de Barcelona\t\t\t\t\t<\/h2>\n\t\t\t\t\n\t\t\t\t\t\t\t\t\t<div class=\"elementor-cta__description elementor-cta__content-item elementor-content-item\">\n\t\t\t\t\t\t<p>\u2b50\u2b50\u2b50\u2b50\u2b50<\/p>\n<p>\ud83d\udd50 2 hores.<br \/>\ud83d\udcac Espanyol, Angl\u00e8s, Itali\u00e0, Franc\u00e8s, Portugu\u00e8s, Alemany, Xin\u00e8s, Rus i \u00c0rab.<br \/>\u2714 Cancel\u00b7laci\u00f3 gratu\u00efta.<\/p>\n\t\t\t\t\t<\/div>\n\t\t\t\t\n\t\t\t\t\t\t\t<\/div>\n\t\t\t\t\t\t\t<div class=\"elementor-ribbon elementor-ribbon-right\">\n\t\t\t\t<div class=\"elementor-ribbon-inner\">\n\t\t\t\t\tDes de 70\u20ac\t\t\t\t<\/div>\n\t\t\t<\/div>\n\t\t\t\t<\/a>\n\t\t\t\t\t\t<\/div>\n\t\t\t\t<\/div>\n\t\t\t\t\t<\/div>\n\t\t<\/div>\n\t\t\t\t\t<\/div>\n\t\t<\/section>\n\t\t\t\t<section class=\"elementor-section elementor-top-section elementor-element elementor-element-33037c3 elementor-section-boxed elementor-section-height-default elementor-section-height-default\" data-id=\"33037c3\" data-element_type=\"section\">\n\t\t\t\t\t\t<div class=\"elementor-container elementor-column-gap-default\">\n\t\t\t\t\t<div class=\"elementor-column elementor-col-100 elementor-top-column elementor-element elementor-element-726edb8\" data-id=\"726edb8\" data-element_type=\"column\">\n\t\t\t<div class=\"elementor-widget-wrap elementor-element-populated\">\n\t\t\t\t\t\t<div class=\"elementor-element elementor-element-5eb5fa3 elementor-align-center elementor-widget elementor-widget-button\" data-id=\"5eb5fa3\" data-element_type=\"widget\" data-widget_type=\"button.default\">\n\t\t\t\t<div class=\"elementor-widget-container\">\n\t\t\t\t\t\t\t\t\t<div class=\"elementor-button-wrapper\">\n\t\t\t\t\t<a class=\"elementor-button elementor-button-link elementor-size-md\" href=\"https:\/\/www.willysplan.com\/ca\/tours-privats-a-barcelona\" rel=\"nofollow\">\n\t\t\t\t\t\t<span class=\"elementor-button-content-wrapper\">\n\t\t\t\t\t\t\t\t\t<span class=\"elementor-button-text\">Descobreix els nostres tours privats<\/span>\n\t\t\t\t\t<\/span>\n\t\t\t\t\t<\/a>\n\t\t\t\t<\/div>\n\t\t\t\t\t\t\t\t<\/div>\n\t\t\t\t<\/div>\n\t\t\t\t\t<\/div>\n\t\t<\/div>\n\t\t\t\t\t<\/div>\n\t\t<\/section>\n\t\t\t\t<section class=\"elementor-section elementor-top-section elementor-element elementor-element-15b5636 elementor-section-boxed elementor-section-height-default elementor-section-height-default\" data-id=\"15b5636\" data-element_type=\"section\">\n\t\t\t\t\t\t<div class=\"elementor-container elementor-column-gap-default\">\n\t\t\t\t\t<div class=\"elementor-column elementor-col-100 elementor-top-column elementor-element elementor-element-bdb4769\" data-id=\"bdb4769\" data-element_type=\"column\">\n\t\t\t<div class=\"elementor-widget-wrap elementor-element-populated\">\n\t\t\t\t\t\t<div class=\"elementor-element elementor-element-b9343a2 elementor-widget elementor-widget-heading\" data-id=\"b9343a2\" data-element_type=\"widget\" data-widget_type=\"heading.default\">\n\t\t\t\t<div class=\"elementor-widget-container\">\n\t\t\t\t\t<h2 class=\"elementor-heading-title elementor-size-default\">5. Parc de Cervantes<\/h2>\t\t\t\t<\/div>\n\t\t\t\t<\/div>\n\t\t\t\t\t<\/div>\n\t\t<\/div>\n\t\t\t\t\t<\/div>\n\t\t<\/section>\n\t\t\t\t<section class=\"elementor-section elementor-top-section elementor-element elementor-element-75483c7 elementor-section-boxed elementor-section-height-default elementor-section-height-default\" data-id=\"75483c7\" data-element_type=\"section\">\n\t\t\t\t\t\t<div class=\"elementor-container elementor-column-gap-default\">\n\t\t\t\t\t<div class=\"elementor-column elementor-col-50 elementor-top-column elementor-element elementor-element-1aab861\" data-id=\"1aab861\" data-element_type=\"column\">\n\t\t\t<div class=\"elementor-widget-wrap elementor-element-populated\">\n\t\t\t\t\t\t<div class=\"elementor-element elementor-element-b5fd43b elementor-widget elementor-widget-image\" data-id=\"b5fd43b\" data-element_type=\"widget\" data-widget_type=\"image.default\">\n\t\t\t\t<div class=\"elementor-widget-container\">\n\t\t\t\t\t\t\t\t\t\t\t\t\t\t\t<img loading=\"lazy\" decoding=\"async\" width=\"1024\" height=\"678\" src=\"https:\/\/www.willysplan.com\/wp-content\/uploads\/2023\/05\/parc-cervantes-1024x678.png\" class=\"attachment-large size-large wp-image-20082\" alt=\"parc-cervantes\" srcset=\"https:\/\/www.willysplan.com\/wp-content\/uploads\/2023\/05\/parc-cervantes-1024x678.png 1024w, https:\/\/www.willysplan.com\/wp-content\/uploads\/2023\/05\/parc-cervantes-300x199.png 300w, https:\/\/www.willysplan.com\/wp-content\/uploads\/2023\/05\/parc-cervantes-768x509.png 768w, https:\/\/www.willysplan.com\/wp-content\/uploads\/2023\/05\/parc-cervantes-600x397.png 600w, https:\/\/www.willysplan.com\/wp-content\/uploads\/2023\/05\/parc-cervantes.png 1486w\" sizes=\"(max-width: 1024px) 100vw, 1024px\" \/>\t\t\t\t\t\t\t\t\t\t\t\t\t\t\t<\/div>\n\t\t\t\t<\/div>\n\t\t\t\t\t<\/div>\n\t\t<\/div>\n\t\t\t\t<div class=\"elementor-column elementor-col-50 elementor-top-column elementor-element elementor-element-151e5f7\" data-id=\"151e5f7\" data-element_type=\"column\">\n\t\t\t<div class=\"elementor-widget-wrap elementor-element-populated\">\n\t\t\t\t\t\t<div class=\"elementor-element elementor-element-3e97a93 elementor-widget elementor-widget-google_maps\" data-id=\"3e97a93\" data-element_type=\"widget\" data-widget_type=\"google_maps.default\">\n\t\t\t\t<div class=\"elementor-widget-container\">\n\t\t\t\t\t\t\t<div class=\"elementor-custom-embed\">\n\t\t\t<iframe loading=\"lazy\"\n\t\t\t\t\tsrc=\"https:\/\/maps.google.com\/maps?q=parc%20de%20cervantes%20barcelona&#038;t=m&#038;z=12&#038;output=embed&#038;iwloc=near\"\n\t\t\t\t\ttitle=\"parc de cervantes barcelona\"\n\t\t\t\t\taria-label=\"parc de cervantes barcelona\"\n\t\t\t><\/iframe>\n\t\t<\/div>\n\t\t\t\t\t\t<\/div>\n\t\t\t\t<\/div>\n\t\t\t\t\t<\/div>\n\t\t<\/div>\n\t\t\t\t\t<\/div>\n\t\t<\/section>\n\t\t\t\t<section class=\"elementor-section elementor-top-section elementor-element elementor-element-125a922 elementor-section-boxed elementor-section-height-default elementor-section-height-default\" data-id=\"125a922\" data-element_type=\"section\">\n\t\t\t\t\t\t<div class=\"elementor-container elementor-column-gap-default\">\n\t\t\t\t\t<div class=\"elementor-column elementor-col-100 elementor-top-column elementor-element elementor-element-4016297\" data-id=\"4016297\" data-element_type=\"column\">\n\t\t\t<div class=\"elementor-widget-wrap elementor-element-populated\">\n\t\t\t\t\t\t<div class=\"elementor-element elementor-element-f575834 elementor-widget elementor-widget-text-editor\" data-id=\"f575834\" data-element_type=\"widget\" data-widget_type=\"text-editor.default\">\n\t\t\t\t<div class=\"elementor-widget-container\">\n\t\t\t\t\t\t\t\t\t<p>El Parc de Cervantes \u00e9s un dels llocs bonics a Barcelona que no pots perdre&#8217;t. Est\u00e0 format per uns jardins on abunden les plantacions de roses i \u00e9s el paratge ideal per a organitzar un picnic i gaudir del bon temps que normalment acompanya a la Ciutat Comtal.<\/p><p>Les seves esplanades de gespa, els seus nombrosos rosers i els seus amples camins s&#8217;han convertit en un rec\u00e9s de pau i tranquil\u00b7litat al qual escapen els barcelonins quan volen fugir de la bull\u00edcia. La seva entrada principal es troba en l&#8217;avinguda Diagonal, encara que tamb\u00e9 \u00e9s accessible des de la Ronda de Dalt.<\/p>\t\t\t\t\t\t\t\t<\/div>\n\t\t\t\t<\/div>\n\t\t\t\t\t<\/div>\n\t\t<\/div>\n\t\t\t\t\t<\/div>\n\t\t<\/section>\n\t\t\t\t<section class=\"elementor-section elementor-top-section elementor-element elementor-element-1419b5a elementor-section-boxed elementor-section-height-default elementor-section-height-default\" data-id=\"1419b5a\" data-element_type=\"section\">\n\t\t\t\t\t\t<div class=\"elementor-container elementor-column-gap-default\">\n\t\t\t\t\t<div class=\"elementor-column elementor-col-100 elementor-top-column elementor-element elementor-element-4b25203\" data-id=\"4b25203\" data-element_type=\"column\">\n\t\t\t<div class=\"elementor-widget-wrap elementor-element-populated\">\n\t\t\t\t\t\t<div class=\"elementor-element elementor-element-7d59704 elementor-widget elementor-widget-heading\" data-id=\"7d59704\" data-element_type=\"widget\" data-widget_type=\"heading.default\">\n\t\t\t\t<div class=\"elementor-widget-container\">\n\t\t\t\t\t<h2 class=\"elementor-heading-title elementor-size-default\">6. Parc de Montju\u00efc<\/h2>\t\t\t\t<\/div>\n\t\t\t\t<\/div>\n\t\t\t\t\t<\/div>\n\t\t<\/div>\n\t\t\t\t\t<\/div>\n\t\t<\/section>\n\t\t\t\t<section class=\"elementor-section elementor-top-section elementor-element elementor-element-63e6979 elementor-section-boxed elementor-section-height-default elementor-section-height-default\" data-id=\"63e6979\" data-element_type=\"section\">\n\t\t\t\t\t\t<div class=\"elementor-container elementor-column-gap-default\">\n\t\t\t\t\t<div class=\"elementor-column elementor-col-50 elementor-top-column elementor-element elementor-element-fbc73c9\" data-id=\"fbc73c9\" data-element_type=\"column\">\n\t\t\t<div class=\"elementor-widget-wrap elementor-element-populated\">\n\t\t\t\t\t\t<div class=\"elementor-element elementor-element-75490bd elementor-widget elementor-widget-image\" data-id=\"75490bd\" data-element_type=\"widget\" data-widget_type=\"image.default\">\n\t\t\t\t<div class=\"elementor-widget-container\">\n\t\t\t\t\t\t\t\t\t\t\t\t\t\t\t<img loading=\"lazy\" decoding=\"async\" width=\"1024\" height=\"575\" src=\"https:\/\/www.willysplan.com\/wp-content\/uploads\/2023\/05\/parc-montjuic-1024x575.png\" class=\"attachment-large size-large wp-image-20079\" alt=\"parc-montjuic\" srcset=\"https:\/\/www.willysplan.com\/wp-content\/uploads\/2023\/05\/parc-montjuic-1024x575.png 1024w, https:\/\/www.willysplan.com\/wp-content\/uploads\/2023\/05\/parc-montjuic-300x169.png 300w, https:\/\/www.willysplan.com\/wp-content\/uploads\/2023\/05\/parc-montjuic-768x432.png 768w, https:\/\/www.willysplan.com\/wp-content\/uploads\/2023\/05\/parc-montjuic-1536x863.png 1536w, https:\/\/www.willysplan.com\/wp-content\/uploads\/2023\/05\/parc-montjuic-600x337.png 600w, https:\/\/www.willysplan.com\/wp-content\/uploads\/2023\/05\/parc-montjuic.png 1776w\" sizes=\"(max-width: 1024px) 100vw, 1024px\" \/>\t\t\t\t\t\t\t\t\t\t\t\t\t\t\t<\/div>\n\t\t\t\t<\/div>\n\t\t\t\t\t<\/div>\n\t\t<\/div>\n\t\t\t\t<div class=\"elementor-column elementor-col-50 elementor-top-column elementor-element elementor-element-cd8b428\" data-id=\"cd8b428\" data-element_type=\"column\">\n\t\t\t<div class=\"elementor-widget-wrap elementor-element-populated\">\n\t\t\t\t\t\t<div class=\"elementor-element elementor-element-f7e2e09 elementor-widget elementor-widget-google_maps\" data-id=\"f7e2e09\" data-element_type=\"widget\" data-widget_type=\"google_maps.default\">\n\t\t\t\t<div class=\"elementor-widget-container\">\n\t\t\t\t\t\t\t<div class=\"elementor-custom-embed\">\n\t\t\t<iframe loading=\"lazy\"\n\t\t\t\t\tsrc=\"https:\/\/maps.google.com\/maps?q=jardins%20de%20montjuic&#038;t=m&#038;z=12&#038;output=embed&#038;iwloc=near\"\n\t\t\t\t\ttitle=\"jardins de montjuic\"\n\t\t\t\t\taria-label=\"jardins de montjuic\"\n\t\t\t><\/iframe>\n\t\t<\/div>\n\t\t\t\t\t\t<\/div>\n\t\t\t\t<\/div>\n\t\t\t\t\t<\/div>\n\t\t<\/div>\n\t\t\t\t\t<\/div>\n\t\t<\/section>\n\t\t\t\t<section class=\"elementor-section elementor-top-section elementor-element elementor-element-ddd5a0c elementor-section-boxed elementor-section-height-default elementor-section-height-default\" data-id=\"ddd5a0c\" data-element_type=\"section\">\n\t\t\t\t\t\t<div class=\"elementor-container elementor-column-gap-default\">\n\t\t\t\t\t<div class=\"elementor-column elementor-col-100 elementor-top-column elementor-element elementor-element-eb5cab3\" data-id=\"eb5cab3\" data-element_type=\"column\">\n\t\t\t<div class=\"elementor-widget-wrap elementor-element-populated\">\n\t\t\t\t\t\t<div class=\"elementor-element elementor-element-160c0a4 elementor-widget elementor-widget-text-editor\" data-id=\"160c0a4\" data-element_type=\"widget\" data-widget_type=\"text-editor.default\">\n\t\t\t\t<div class=\"elementor-widget-container\">\n\t\t\t\t\t\t\t\t\t<p>El Parc de Montju\u00efc \u00e9s considerat com el pujol ol\u00edmpic de Barcelona, ja que aqu\u00ed \u00e9s on van tenir lloc la majoria de jocs ol\u00edmpics l&#8217;any 1992. Des dels seus 184 metres d&#8217;altitud, al Sud de Barcelona i al peu de la Pla\u00e7a Espanya, s&#8217;aixeca el pujol de Montju\u00efc, juntament amb els seus immensos espais verds.<\/p><p>Aquest Parc \u00e9s un dels millors si vols gaudir d&#8217;unes vistes panor\u00e0miques impressionants del port i de la Ciutat Vella de Barcelona, un dels barris centrals m\u00e9s importants de l&#8217;urbs. Et recomanem que vagis amb ganes de caminar, ja que aquest \u00e9s un espai verd molt ampli, que no t&#8217;acabar\u00e0s en un sol dia.<\/p>\t\t\t\t\t\t\t\t<\/div>\n\t\t\t\t<\/div>\n\t\t\t\t\t<\/div>\n\t\t<\/div>\n\t\t\t\t\t<\/div>\n\t\t<\/section>\n\t\t\t\t<section class=\"elementor-section elementor-top-section elementor-element elementor-element-509b656 elementor-section-boxed elementor-section-height-default elementor-section-height-default\" data-id=\"509b656\" data-element_type=\"section\">\n\t\t\t\t\t\t<div class=\"elementor-container elementor-column-gap-default\">\n\t\t\t\t\t<div class=\"elementor-column elementor-col-100 elementor-top-column elementor-element elementor-element-42375d3\" data-id=\"42375d3\" data-element_type=\"column\">\n\t\t\t<div class=\"elementor-widget-wrap elementor-element-populated\">\n\t\t\t\t\t\t<div class=\"elementor-element elementor-element-c2860fb elementor-widget elementor-widget-html\" data-id=\"c2860fb\" data-element_type=\"widget\" data-widget_type=\"html.default\">\n\t\t\t\t<div class=\"elementor-widget-container\">\n\t\t\t\t\t<script async defer src=\"https:\/\/assets.guruwalk.com\/affiliates\/widget.min.js\"><\/script><guruwalk-tour-cards affiliate=\"xyv3os7s26pra5mlsbxy\" city=\"barcelona\" lang=\"es\" text-color=\"#484848\" primary-color=\"#ff5a5f\" secondary-color=\"#008489\" limit=\"3\" description=\"none\"><\/guruwalk-tour-cards>\t\t\t\t<\/div>\n\t\t\t\t<\/div>\n\t\t\t\t\t<\/div>\n\t\t<\/div>\n\t\t\t\t\t<\/div>\n\t\t<\/section>\n\t\t\t\t<section class=\"elementor-section elementor-top-section elementor-element elementor-element-34ec1f0 elementor-section-boxed elementor-section-height-default elementor-section-height-default\" data-id=\"34ec1f0\" data-element_type=\"section\">\n\t\t\t\t\t\t<div class=\"elementor-container elementor-column-gap-default\">\n\t\t\t\t\t<div class=\"elementor-column elementor-col-100 elementor-top-column elementor-element elementor-element-5189822\" data-id=\"5189822\" data-element_type=\"column\">\n\t\t\t<div class=\"elementor-widget-wrap elementor-element-populated\">\n\t\t\t\t\t\t<div class=\"elementor-element elementor-element-20eb4c8 elementor-widget elementor-widget-heading\" data-id=\"20eb4c8\" data-element_type=\"widget\" data-widget_type=\"heading.default\">\n\t\t\t\t<div class=\"elementor-widget-container\">\n\t\t\t\t\t<h2 class=\"elementor-heading-title elementor-size-default\">7. Jardins de Tamarita<\/h2>\t\t\t\t<\/div>\n\t\t\t\t<\/div>\n\t\t\t\t\t<\/div>\n\t\t<\/div>\n\t\t\t\t\t<\/div>\n\t\t<\/section>\n\t\t\t\t<section class=\"elementor-section elementor-top-section elementor-element elementor-element-6342444 elementor-section-boxed elementor-section-height-default elementor-section-height-default\" data-id=\"6342444\" data-element_type=\"section\">\n\t\t\t\t\t\t<div class=\"elementor-container elementor-column-gap-default\">\n\t\t\t\t\t<div class=\"elementor-column elementor-col-50 elementor-top-column elementor-element elementor-element-e31b27e\" data-id=\"e31b27e\" data-element_type=\"column\">\n\t\t\t<div class=\"elementor-widget-wrap elementor-element-populated\">\n\t\t\t\t\t\t<div class=\"elementor-element elementor-element-3da658e elementor-widget elementor-widget-image\" data-id=\"3da658e\" data-element_type=\"widget\" data-widget_type=\"image.default\">\n\t\t\t\t<div class=\"elementor-widget-container\">\n\t\t\t\t\t\t\t\t\t\t\t\t\t\t\t<img loading=\"lazy\" decoding=\"async\" width=\"1024\" height=\"574\" src=\"https:\/\/www.willysplan.com\/wp-content\/uploads\/2023\/05\/jardins-tamarita-1024x574.png\" class=\"attachment-large size-large wp-image-20076\" alt=\"jardins-tamarita\" srcset=\"https:\/\/www.willysplan.com\/wp-content\/uploads\/2023\/05\/jardins-tamarita-1024x574.png 1024w, https:\/\/www.willysplan.com\/wp-content\/uploads\/2023\/05\/jardins-tamarita-300x168.png 300w, https:\/\/www.willysplan.com\/wp-content\/uploads\/2023\/05\/jardins-tamarita-768x431.png 768w, https:\/\/www.willysplan.com\/wp-content\/uploads\/2023\/05\/jardins-tamarita-1536x862.png 1536w, https:\/\/www.willysplan.com\/wp-content\/uploads\/2023\/05\/jardins-tamarita-600x337.png 600w, https:\/\/www.willysplan.com\/wp-content\/uploads\/2023\/05\/jardins-tamarita.png 1786w\" sizes=\"(max-width: 1024px) 100vw, 1024px\" \/>\t\t\t\t\t\t\t\t\t\t\t\t\t\t\t<\/div>\n\t\t\t\t<\/div>\n\t\t\t\t\t<\/div>\n\t\t<\/div>\n\t\t\t\t<div class=\"elementor-column elementor-col-50 elementor-top-column elementor-element elementor-element-8f2c6cb\" data-id=\"8f2c6cb\" data-element_type=\"column\">\n\t\t\t<div class=\"elementor-widget-wrap elementor-element-populated\">\n\t\t\t\t\t\t<div class=\"elementor-element elementor-element-17fc9b5 elementor-widget elementor-widget-google_maps\" data-id=\"17fc9b5\" data-element_type=\"widget\" data-widget_type=\"google_maps.default\">\n\t\t\t\t<div class=\"elementor-widget-container\">\n\t\t\t\t\t\t\t<div class=\"elementor-custom-embed\">\n\t\t\t<iframe loading=\"lazy\"\n\t\t\t\t\tsrc=\"https:\/\/maps.google.com\/maps?q=jardins%20tamarita&#038;t=m&#038;z=12&#038;output=embed&#038;iwloc=near\"\n\t\t\t\t\ttitle=\"jardins tamarita\"\n\t\t\t\t\taria-label=\"jardins tamarita\"\n\t\t\t><\/iframe>\n\t\t<\/div>\n\t\t\t\t\t\t<\/div>\n\t\t\t\t<\/div>\n\t\t\t\t\t<\/div>\n\t\t<\/div>\n\t\t\t\t\t<\/div>\n\t\t<\/section>\n\t\t\t\t<section class=\"elementor-section elementor-top-section elementor-element elementor-element-7954886 elementor-section-boxed elementor-section-height-default elementor-section-height-default\" data-id=\"7954886\" data-element_type=\"section\">\n\t\t\t\t\t\t<div class=\"elementor-container elementor-column-gap-default\">\n\t\t\t\t\t<div class=\"elementor-column elementor-col-100 elementor-top-column elementor-element elementor-element-35c2468\" data-id=\"35c2468\" data-element_type=\"column\">\n\t\t\t<div class=\"elementor-widget-wrap elementor-element-populated\">\n\t\t\t\t\t\t<div class=\"elementor-element elementor-element-307b3cf elementor-widget elementor-widget-text-editor\" data-id=\"307b3cf\" data-element_type=\"widget\" data-widget_type=\"text-editor.default\">\n\t\t\t\t<div class=\"elementor-widget-container\">\n\t\t\t\t\t\t\t\t\t<p>Els Jardins de Tamarita es troben en ple barri de Sant Gervasi i, gr\u00e0cies a la seva abundant vegetaci\u00f3 i els seus nombrosos espais de joc per als nens, far\u00e0 que t&#8217;oblidis per complet que encara ets a la ciutat. T\u00e9 dues zones diferenciades: una ideal per a passejar i gaudir d&#8217;un jard\u00ed senyorial i una altra zona per al joc infantil.<\/p><p>A m\u00e9s, \u00e9s perfecte perqu\u00e8, en les zones de joc trobar\u00e0s cartells que delimiten l&#8217;edat, perqu\u00e8 no hagis d&#8217;estar pendent de les pilotades dels m\u00e9s grans. Es tracta d&#8217;un parc ideal per a l&#8217;estiu per les seves zones d&#8217;ombra, en el qual podr\u00e0s descansar una mica de la calor i omplir els teus pulmons d&#8217;aire fresc.<\/p>\t\t\t\t\t\t\t\t<\/div>\n\t\t\t\t<\/div>\n\t\t\t\t\t<\/div>\n\t\t<\/div>\n\t\t\t\t\t<\/div>\n\t\t<\/section>\n\t\t\t\t<section class=\"elementor-section elementor-top-section elementor-element elementor-element-23609e0 elementor-section-boxed elementor-section-height-default elementor-section-height-default\" data-id=\"23609e0\" data-element_type=\"section\">\n\t\t\t\t\t\t<div class=\"elementor-container elementor-column-gap-default\">\n\t\t\t\t\t<div class=\"elementor-column elementor-col-100 elementor-top-column elementor-element elementor-element-51008bb\" data-id=\"51008bb\" data-element_type=\"column\">\n\t\t\t<div class=\"elementor-widget-wrap elementor-element-populated\">\n\t\t\t\t\t\t<div class=\"elementor-element elementor-element-fb8ccd1 elementor-widget elementor-widget-heading\" data-id=\"fb8ccd1\" data-element_type=\"widget\" data-widget_type=\"heading.default\">\n\t\t\t\t<div class=\"elementor-widget-container\">\n\t\t\t\t\t<h2 class=\"elementor-heading-title elementor-size-default\">8. Parc de la Creueta del Coll<\/h2>\t\t\t\t<\/div>\n\t\t\t\t<\/div>\n\t\t\t\t\t<\/div>\n\t\t<\/div>\n\t\t\t\t\t<\/div>\n\t\t<\/section>\n\t\t\t\t<section class=\"elementor-section elementor-top-section elementor-element elementor-element-d61a169 elementor-section-boxed elementor-section-height-default elementor-section-height-default\" data-id=\"d61a169\" data-element_type=\"section\">\n\t\t\t\t\t\t<div class=\"elementor-container elementor-column-gap-default\">\n\t\t\t\t\t<div class=\"elementor-column elementor-col-50 elementor-top-column elementor-element elementor-element-38633b4\" data-id=\"38633b4\" data-element_type=\"column\">\n\t\t\t<div class=\"elementor-widget-wrap elementor-element-populated\">\n\t\t\t\t\t\t<div class=\"elementor-element elementor-element-2fd6558 elementor-widget elementor-widget-image\" data-id=\"2fd6558\" data-element_type=\"widget\" data-widget_type=\"image.default\">\n\t\t\t\t<div class=\"elementor-widget-container\">\n\t\t\t\t\t\t\t\t\t\t\t\t\t\t\t<img loading=\"lazy\" decoding=\"async\" width=\"1024\" height=\"636\" src=\"https:\/\/www.willysplan.com\/wp-content\/uploads\/2023\/05\/parc-creueta-del-coll-1024x636.png\" class=\"attachment-large size-large wp-image-20073\" alt=\"parc-creueta-del-coll\" srcset=\"https:\/\/www.willysplan.com\/wp-content\/uploads\/2023\/05\/parc-creueta-del-coll-1024x636.png 1024w, https:\/\/www.willysplan.com\/wp-content\/uploads\/2023\/05\/parc-creueta-del-coll-300x186.png 300w, https:\/\/www.willysplan.com\/wp-content\/uploads\/2023\/05\/parc-creueta-del-coll-768x477.png 768w, https:\/\/www.willysplan.com\/wp-content\/uploads\/2023\/05\/parc-creueta-del-coll-1536x954.png 1536w, https:\/\/www.willysplan.com\/wp-content\/uploads\/2023\/05\/parc-creueta-del-coll-600x373.png 600w, https:\/\/www.willysplan.com\/wp-content\/uploads\/2023\/05\/parc-creueta-del-coll.png 1588w\" sizes=\"(max-width: 1024px) 100vw, 1024px\" \/>\t\t\t\t\t\t\t\t\t\t\t\t\t\t\t<\/div>\n\t\t\t\t<\/div>\n\t\t\t\t\t<\/div>\n\t\t<\/div>\n\t\t\t\t<div class=\"elementor-column elementor-col-50 elementor-top-column elementor-element elementor-element-bf71cd5\" data-id=\"bf71cd5\" data-element_type=\"column\">\n\t\t\t<div class=\"elementor-widget-wrap elementor-element-populated\">\n\t\t\t\t\t\t<div class=\"elementor-element elementor-element-5fc7259 elementor-widget elementor-widget-google_maps\" data-id=\"5fc7259\" data-element_type=\"widget\" data-widget_type=\"google_maps.default\">\n\t\t\t\t<div class=\"elementor-widget-container\">\n\t\t\t\t\t\t\t<div class=\"elementor-custom-embed\">\n\t\t\t<iframe loading=\"lazy\"\n\t\t\t\t\tsrc=\"https:\/\/maps.google.com\/maps?q=parc%20de%20la%20creueta%20del%20coll&#038;t=m&#038;z=12&#038;output=embed&#038;iwloc=near\"\n\t\t\t\t\ttitle=\"parc de la creueta del coll\"\n\t\t\t\t\taria-label=\"parc de la creueta del coll\"\n\t\t\t><\/iframe>\n\t\t<\/div>\n\t\t\t\t\t\t<\/div>\n\t\t\t\t<\/div>\n\t\t\t\t\t<\/div>\n\t\t<\/div>\n\t\t\t\t\t<\/div>\n\t\t<\/section>\n\t\t\t\t<section class=\"elementor-section elementor-top-section elementor-element elementor-element-da9f7ae elementor-section-boxed elementor-section-height-default elementor-section-height-default\" data-id=\"da9f7ae\" data-element_type=\"section\">\n\t\t\t\t\t\t<div class=\"elementor-container elementor-column-gap-default\">\n\t\t\t\t\t<div class=\"elementor-column elementor-col-100 elementor-top-column elementor-element elementor-element-f2c7577\" data-id=\"f2c7577\" data-element_type=\"column\">\n\t\t\t<div class=\"elementor-widget-wrap elementor-element-populated\">\n\t\t\t\t\t\t<div class=\"elementor-element elementor-element-f42615b elementor-widget elementor-widget-text-editor\" data-id=\"f42615b\" data-element_type=\"widget\" data-widget_type=\"text-editor.default\">\n\t\t\t\t<div class=\"elementor-widget-container\">\n\t\t\t\t\t\t\t\t\t<p>El Parc de la creueta del Coll est\u00e0 situat en el districte de Gr\u00e0cia i destaca per la seva gran piscina p\u00fablica central, que es posa fins dalt quan la calor comen\u00e7a a arribar a la ciutat. Entre la calor, el turquesa de l&#8217;aigua i les palmeres que l&#8217;envolten, no \u00e9s dif\u00edcil que et sentis com al mateix Carib.<\/p><p>En aquest parc tamb\u00e9 trobar\u00e0s una escultura de ciment d&#8217;Eduardo Chillida, anomenada Elogi a l&#8217;aigua que et resultar\u00e0 molt familiar si has visitat la Pinta del Vent a la ciutat basca de Sant Sebasti\u00e0.<\/p>\t\t\t\t\t\t\t\t<\/div>\n\t\t\t\t<\/div>\n\t\t\t\t\t<\/div>\n\t\t<\/div>\n\t\t\t\t\t<\/div>\n\t\t<\/section>\n\t\t\t\t<section class=\"elementor-section elementor-top-section elementor-element elementor-element-e7e6776 elementor-section-boxed elementor-section-height-default elementor-section-height-default\" data-id=\"e7e6776\" data-element_type=\"section\">\n\t\t\t\t\t\t<div class=\"elementor-container elementor-column-gap-default\">\n\t\t\t\t\t<div class=\"elementor-column elementor-col-100 elementor-top-column elementor-element elementor-element-593fa9a\" data-id=\"593fa9a\" data-element_type=\"column\">\n\t\t\t<div class=\"elementor-widget-wrap elementor-element-populated\">\n\t\t\t\t\t\t<div class=\"elementor-element elementor-element-d31154d elementor-widget elementor-widget-heading\" data-id=\"d31154d\" data-element_type=\"widget\" data-widget_type=\"heading.default\">\n\t\t\t\t<div class=\"elementor-widget-container\">\n\t\t\t\t\t<h2 class=\"elementor-heading-title elementor-size-default\">9. Parc de Joan Brossa<\/h2>\t\t\t\t<\/div>\n\t\t\t\t<\/div>\n\t\t\t\t\t<\/div>\n\t\t<\/div>\n\t\t\t\t\t<\/div>\n\t\t<\/section>\n\t\t\t\t<section class=\"elementor-section elementor-top-section elementor-element elementor-element-dae6283 elementor-section-boxed elementor-section-height-default elementor-section-height-default\" data-id=\"dae6283\" data-element_type=\"section\">\n\t\t\t\t\t\t<div class=\"elementor-container elementor-column-gap-default\">\n\t\t\t\t\t<div class=\"elementor-column elementor-col-50 elementor-top-column elementor-element elementor-element-af2da0c\" data-id=\"af2da0c\" data-element_type=\"column\">\n\t\t\t<div class=\"elementor-widget-wrap elementor-element-populated\">\n\t\t\t\t\t\t<div class=\"elementor-element elementor-element-f2d1bb0 elementor-widget elementor-widget-image\" data-id=\"f2d1bb0\" data-element_type=\"widget\" data-widget_type=\"image.default\">\n\t\t\t\t<div class=\"elementor-widget-container\">\n\t\t\t\t\t\t\t\t\t\t\t\t\t\t\t<img loading=\"lazy\" decoding=\"async\" width=\"1024\" height=\"631\" src=\"https:\/\/www.willysplan.com\/wp-content\/uploads\/2023\/05\/parc-joan-brossa-1024x631.png\" class=\"attachment-large size-large wp-image-20070\" alt=\"parc-joan-brossa\" srcset=\"https:\/\/www.willysplan.com\/wp-content\/uploads\/2023\/05\/parc-joan-brossa-1024x631.png 1024w, https:\/\/www.willysplan.com\/wp-content\/uploads\/2023\/05\/parc-joan-brossa-300x185.png 300w, https:\/\/www.willysplan.com\/wp-content\/uploads\/2023\/05\/parc-joan-brossa-768x473.png 768w, https:\/\/www.willysplan.com\/wp-content\/uploads\/2023\/05\/parc-joan-brossa-600x370.png 600w, https:\/\/www.willysplan.com\/wp-content\/uploads\/2023\/05\/parc-joan-brossa.png 1178w\" sizes=\"(max-width: 1024px) 100vw, 1024px\" \/>\t\t\t\t\t\t\t\t\t\t\t\t\t\t\t<\/div>\n\t\t\t\t<\/div>\n\t\t\t\t\t<\/div>\n\t\t<\/div>\n\t\t\t\t<div class=\"elementor-column elementor-col-50 elementor-top-column elementor-element elementor-element-db13350\" data-id=\"db13350\" data-element_type=\"column\">\n\t\t\t<div class=\"elementor-widget-wrap elementor-element-populated\">\n\t\t\t\t\t\t<div class=\"elementor-element elementor-element-9fb8322 elementor-widget elementor-widget-google_maps\" data-id=\"9fb8322\" data-element_type=\"widget\" data-widget_type=\"google_maps.default\">\n\t\t\t\t<div class=\"elementor-widget-container\">\n\t\t\t\t\t\t\t<div class=\"elementor-custom-embed\">\n\t\t\t<iframe loading=\"lazy\"\n\t\t\t\t\tsrc=\"https:\/\/maps.google.com\/maps?q=parc%20de%20joan%20brossa&#038;t=m&#038;z=12&#038;output=embed&#038;iwloc=near\"\n\t\t\t\t\ttitle=\"parc de joan brossa\"\n\t\t\t\t\taria-label=\"parc de joan brossa\"\n\t\t\t><\/iframe>\n\t\t<\/div>\n\t\t\t\t\t\t<\/div>\n\t\t\t\t<\/div>\n\t\t\t\t\t<\/div>\n\t\t<\/div>\n\t\t\t\t\t<\/div>\n\t\t<\/section>\n\t\t\t\t<section class=\"elementor-section elementor-top-section elementor-element elementor-element-dd89423 elementor-section-boxed elementor-section-height-default elementor-section-height-default\" data-id=\"dd89423\" data-element_type=\"section\">\n\t\t\t\t\t\t<div class=\"elementor-container elementor-column-gap-default\">\n\t\t\t\t\t<div class=\"elementor-column elementor-col-100 elementor-top-column elementor-element elementor-element-30c265a\" data-id=\"30c265a\" data-element_type=\"column\">\n\t\t\t<div class=\"elementor-widget-wrap elementor-element-populated\">\n\t\t\t\t\t\t<div class=\"elementor-element elementor-element-6973110 elementor-widget elementor-widget-text-editor\" data-id=\"6973110\" data-element_type=\"widget\" data-widget_type=\"text-editor.default\">\n\t\t\t\t<div class=\"elementor-widget-container\">\n\t\t\t\t\t\t\t\t\t<p>El Parc de Joan Brossa descansa sobre les restes de l&#8217;antic parc d&#8217;atraccions de Montju\u00efc, la qual cosa et permetr\u00e0 despertar per un moment el nen que portes dins. Encara que, si passeges de nit, l&#8217;espai pot arribar a ser una cosa tenebrosa i convertir-se en una experi\u00e8ncia completament diferent.\u00a0<\/p><p>De totes les escultures hi ha una en concret titulada El Pallasso que podria arribar a provocar-te algun malson.<\/p>\t\t\t\t\t\t\t\t<\/div>\n\t\t\t\t<\/div>\n\t\t\t\t\t<\/div>\n\t\t<\/div>\n\t\t\t\t\t<\/div>\n\t\t<\/section>\n\t\t\t\t<section class=\"elementor-section elementor-top-section elementor-element elementor-element-b388133 elementor-section-boxed elementor-section-height-default elementor-section-height-default\" data-id=\"b388133\" data-element_type=\"section\">\n\t\t\t\t\t\t<div class=\"elementor-container elementor-column-gap-default\">\n\t\t\t\t\t<div class=\"elementor-column elementor-col-100 elementor-top-column elementor-element elementor-element-f2bac03\" data-id=\"f2bac03\" data-element_type=\"column\">\n\t\t\t<div class=\"elementor-widget-wrap elementor-element-populated\">\n\t\t\t\t\t\t<div class=\"elementor-element elementor-element-aae937d elementor-align-center elementor-widget elementor-widget-button\" data-id=\"aae937d\" data-element_type=\"widget\" data-widget_type=\"button.default\">\n\t\t\t\t<div class=\"elementor-widget-container\">\n\t\t\t\t\t\t\t\t\t<div class=\"elementor-button-wrapper\">\n\t\t\t\t\t<a class=\"elementor-button elementor-button-link elementor-size-md\" href=\"https:\/\/www.willysplan.com\/ca\/tours-privats-a-barcelona\" rel=\"nofollow\">\n\t\t\t\t\t\t<span class=\"elementor-button-content-wrapper\">\n\t\t\t\t\t\t\t\t\t<span class=\"elementor-button-text\">Descobreix els nostres tours privats<\/span>\n\t\t\t\t\t<\/span>\n\t\t\t\t\t<\/a>\n\t\t\t\t<\/div>\n\t\t\t\t\t\t\t\t<\/div>\n\t\t\t\t<\/div>\n\t\t\t\t\t<\/div>\n\t\t<\/div>\n\t\t\t\t\t<\/div>\n\t\t<\/section>\n\t\t\t\t<section class=\"elementor-section elementor-top-section elementor-element elementor-element-4c43230 elementor-section-boxed elementor-section-height-default elementor-section-height-default\" data-id=\"4c43230\" data-element_type=\"section\">\n\t\t\t\t\t\t<div class=\"elementor-container elementor-column-gap-default\">\n\t\t\t\t\t<div class=\"elementor-column elementor-col-100 elementor-top-column elementor-element elementor-element-d774467\" data-id=\"d774467\" data-element_type=\"column\">\n\t\t\t<div class=\"elementor-widget-wrap elementor-element-populated\">\n\t\t\t\t\t\t<div class=\"elementor-element elementor-element-a9ac326 elementor-widget elementor-widget-heading\" data-id=\"a9ac326\" data-element_type=\"widget\" data-widget_type=\"heading.default\">\n\t\t\t\t<div class=\"elementor-widget-container\">\n\t\t\t\t\t<h2 class=\"elementor-heading-title elementor-size-default\">10. Parc del Centre de Poblenou<\/h2>\t\t\t\t<\/div>\n\t\t\t\t<\/div>\n\t\t\t\t\t<\/div>\n\t\t<\/div>\n\t\t\t\t\t<\/div>\n\t\t<\/section>\n\t\t\t\t<section class=\"elementor-section elementor-top-section elementor-element elementor-element-d1fd026 elementor-section-boxed elementor-section-height-default elementor-section-height-default\" data-id=\"d1fd026\" data-element_type=\"section\">\n\t\t\t\t\t\t<div class=\"elementor-container elementor-column-gap-default\">\n\t\t\t\t\t<div class=\"elementor-column elementor-col-50 elementor-top-column elementor-element elementor-element-294f4aa\" data-id=\"294f4aa\" data-element_type=\"column\">\n\t\t\t<div class=\"elementor-widget-wrap elementor-element-populated\">\n\t\t\t\t\t\t<div class=\"elementor-element elementor-element-bb93268 elementor-widget elementor-widget-image\" data-id=\"bb93268\" data-element_type=\"widget\" data-widget_type=\"image.default\">\n\t\t\t\t<div class=\"elementor-widget-container\">\n\t\t\t\t\t\t\t\t\t\t\t\t\t\t\t<img loading=\"lazy\" decoding=\"async\" width=\"1024\" height=\"633\" src=\"https:\/\/www.willysplan.com\/wp-content\/uploads\/2023\/05\/parc-centre-poblenou-1024x633.png\" class=\"attachment-large size-large wp-image-20067\" alt=\"parc-centre-poblenou\" srcset=\"https:\/\/www.willysplan.com\/wp-content\/uploads\/2023\/05\/parc-centre-poblenou-1024x633.png 1024w, https:\/\/www.willysplan.com\/wp-content\/uploads\/2023\/05\/parc-centre-poblenou-300x185.png 300w, https:\/\/www.willysplan.com\/wp-content\/uploads\/2023\/05\/parc-centre-poblenou-768x474.png 768w, https:\/\/www.willysplan.com\/wp-content\/uploads\/2023\/05\/parc-centre-poblenou-1536x949.png 1536w, https:\/\/www.willysplan.com\/wp-content\/uploads\/2023\/05\/parc-centre-poblenou-600x371.png 600w, https:\/\/www.willysplan.com\/wp-content\/uploads\/2023\/05\/parc-centre-poblenou.png 1622w\" sizes=\"(max-width: 1024px) 100vw, 1024px\" \/>\t\t\t\t\t\t\t\t\t\t\t\t\t\t\t<\/div>\n\t\t\t\t<\/div>\n\t\t\t\t\t<\/div>\n\t\t<\/div>\n\t\t\t\t<div class=\"elementor-column elementor-col-50 elementor-top-column elementor-element elementor-element-04b6bb2\" data-id=\"04b6bb2\" data-element_type=\"column\">\n\t\t\t<div class=\"elementor-widget-wrap elementor-element-populated\">\n\t\t\t\t\t\t<div class=\"elementor-element elementor-element-1621d75 elementor-widget elementor-widget-google_maps\" data-id=\"1621d75\" data-element_type=\"widget\" data-widget_type=\"google_maps.default\">\n\t\t\t\t<div class=\"elementor-widget-container\">\n\t\t\t\t\t\t\t<div class=\"elementor-custom-embed\">\n\t\t\t<iframe loading=\"lazy\"\n\t\t\t\t\tsrc=\"https:\/\/maps.google.com\/maps?q=parc%20del%20centre%20poblenou&#038;t=m&#038;z=12&#038;output=embed&#038;iwloc=near\"\n\t\t\t\t\ttitle=\"parc del centre poblenou\"\n\t\t\t\t\taria-label=\"parc del centre poblenou\"\n\t\t\t><\/iframe>\n\t\t<\/div>\n\t\t\t\t\t\t<\/div>\n\t\t\t\t<\/div>\n\t\t\t\t\t<\/div>\n\t\t<\/div>\n\t\t\t\t\t<\/div>\n\t\t<\/section>\n\t\t\t\t<section class=\"elementor-section elementor-top-section elementor-element elementor-element-fa7759d elementor-section-boxed elementor-section-height-default elementor-section-height-default\" data-id=\"fa7759d\" data-element_type=\"section\">\n\t\t\t\t\t\t<div class=\"elementor-container elementor-column-gap-default\">\n\t\t\t\t\t<div class=\"elementor-column elementor-col-100 elementor-top-column elementor-element elementor-element-429f255\" data-id=\"429f255\" data-element_type=\"column\">\n\t\t\t<div class=\"elementor-widget-wrap elementor-element-populated\">\n\t\t\t\t\t\t<div class=\"elementor-element elementor-element-4be69be elementor-widget elementor-widget-text-editor\" data-id=\"4be69be\" data-element_type=\"widget\" data-widget_type=\"text-editor.default\">\n\t\t\t\t<div class=\"elementor-widget-container\">\n\t\t\t\t\t\t\t\t\t<p>Si est\u00e0s buscant un parc infantil prop de la platja de Barcelona, el Parc del Centre de Poblenou pot ser la millor opci\u00f3. La inconfusible marca personal de Jean Nouvel, el creador de la Torre Agbar, es torna a plasmar en aquest parc del barri de Poblenou, aquesta vegada amb una lleugera inspiraci\u00f3 de Gaud\u00ed.<\/p><p>Aquest parc \u00e9s perfecte per a visitar en fam\u00edlia, perqu\u00e8 els nens podran descobrir cadascun dels seus racons m\u00e0gics, rec\u00f3rrer el pou del m\u00f3n o amagar-se en les m\u00faltiples cabanyes que es reparteixen per tota la zona. Es troba a l&#8217;avinguda Diagonal i podr\u00e0s accedir a ell a trav\u00e9s de les parades de tramvia Fluvi\u00e0 o Pere IV.<\/p>\t\t\t\t\t\t\t\t<\/div>\n\t\t\t\t<\/div>\n\t\t\t\t\t<\/div>\n\t\t<\/div>\n\t\t\t\t\t<\/div>\n\t\t<\/section>\n\t\t\t\t<section class=\"elementor-section elementor-top-section elementor-element elementor-element-90bf94e elementor-section-boxed elementor-section-height-default elementor-section-height-default\" data-id=\"90bf94e\" data-element_type=\"section\">\n\t\t\t\t\t\t<div class=\"elementor-container elementor-column-gap-default\">\n\t\t\t\t\t<div class=\"elementor-column elementor-col-100 elementor-top-column elementor-element elementor-element-ea8123f\" data-id=\"ea8123f\" data-element_type=\"column\">\n\t\t\t<div class=\"elementor-widget-wrap elementor-element-populated\">\n\t\t\t\t\t\t<div class=\"elementor-element elementor-element-fca3750 elementor-widget elementor-widget-heading\" data-id=\"fca3750\" data-element_type=\"widget\" data-widget_type=\"heading.default\">\n\t\t\t\t<div class=\"elementor-widget-container\">\n\t\t\t\t\t<h2 class=\"elementor-heading-title elementor-size-default\">11. Jardins de Joan Maragall<\/h2>\t\t\t\t<\/div>\n\t\t\t\t<\/div>\n\t\t\t\t\t<\/div>\n\t\t<\/div>\n\t\t\t\t\t<\/div>\n\t\t<\/section>\n\t\t\t\t<section class=\"elementor-section elementor-top-section elementor-element elementor-element-cc9c057 elementor-section-boxed elementor-section-height-default elementor-section-height-default\" data-id=\"cc9c057\" data-element_type=\"section\">\n\t\t\t\t\t\t<div class=\"elementor-container elementor-column-gap-default\">\n\t\t\t\t\t<div class=\"elementor-column elementor-col-50 elementor-top-column elementor-element elementor-element-adddf2e\" data-id=\"adddf2e\" data-element_type=\"column\">\n\t\t\t<div class=\"elementor-widget-wrap elementor-element-populated\">\n\t\t\t\t\t\t<div class=\"elementor-element elementor-element-ae562f9 elementor-widget elementor-widget-image\" data-id=\"ae562f9\" data-element_type=\"widget\" data-widget_type=\"image.default\">\n\t\t\t\t<div class=\"elementor-widget-container\">\n\t\t\t\t\t\t\t\t\t\t\t\t\t\t\t<img loading=\"lazy\" decoding=\"async\" width=\"1024\" height=\"725\" src=\"https:\/\/www.willysplan.com\/wp-content\/uploads\/2023\/05\/jardins-joan-maragall-1024x725.png\" class=\"attachment-large size-large wp-image-20064\" alt=\"jardins-joan-maragall\" srcset=\"https:\/\/www.willysplan.com\/wp-content\/uploads\/2023\/05\/jardins-joan-maragall-1024x725.png 1024w, https:\/\/www.willysplan.com\/wp-content\/uploads\/2023\/05\/jardins-joan-maragall-300x212.png 300w, https:\/\/www.willysplan.com\/wp-content\/uploads\/2023\/05\/jardins-joan-maragall-768x544.png 768w, https:\/\/www.willysplan.com\/wp-content\/uploads\/2023\/05\/jardins-joan-maragall-600x425.png 600w, https:\/\/www.willysplan.com\/wp-content\/uploads\/2023\/05\/jardins-joan-maragall.png 1412w\" sizes=\"(max-width: 1024px) 100vw, 1024px\" \/>\t\t\t\t\t\t\t\t\t\t\t\t\t\t\t<\/div>\n\t\t\t\t<\/div>\n\t\t\t\t\t<\/div>\n\t\t<\/div>\n\t\t\t\t<div class=\"elementor-column elementor-col-50 elementor-top-column elementor-element elementor-element-152f582\" data-id=\"152f582\" data-element_type=\"column\">\n\t\t\t<div class=\"elementor-widget-wrap elementor-element-populated\">\n\t\t\t\t\t\t<div class=\"elementor-element elementor-element-73c1af9 elementor-widget elementor-widget-google_maps\" data-id=\"73c1af9\" data-element_type=\"widget\" data-widget_type=\"google_maps.default\">\n\t\t\t\t<div class=\"elementor-widget-container\">\n\t\t\t\t\t\t\t<div class=\"elementor-custom-embed\">\n\t\t\t<iframe loading=\"lazy\"\n\t\t\t\t\tsrc=\"https:\/\/maps.google.com\/maps?q=jardins%20de%20joan%20maragall%20barcelona&#038;t=m&#038;z=12&#038;output=embed&#038;iwloc=near\"\n\t\t\t\t\ttitle=\"jardins de joan maragall barcelona\"\n\t\t\t\t\taria-label=\"jardins de joan maragall barcelona\"\n\t\t\t><\/iframe>\n\t\t<\/div>\n\t\t\t\t\t\t<\/div>\n\t\t\t\t<\/div>\n\t\t\t\t\t<\/div>\n\t\t<\/div>\n\t\t\t\t\t<\/div>\n\t\t<\/section>\n\t\t\t\t<section class=\"elementor-section elementor-top-section elementor-element elementor-element-f0d7db6 elementor-section-boxed elementor-section-height-default elementor-section-height-default\" data-id=\"f0d7db6\" data-element_type=\"section\">\n\t\t\t\t\t\t<div class=\"elementor-container elementor-column-gap-default\">\n\t\t\t\t\t<div class=\"elementor-column elementor-col-100 elementor-top-column elementor-element elementor-element-33205bc\" data-id=\"33205bc\" data-element_type=\"column\">\n\t\t\t<div class=\"elementor-widget-wrap elementor-element-populated\">\n\t\t\t\t\t\t<div class=\"elementor-element elementor-element-4605930 elementor-widget elementor-widget-text-editor\" data-id=\"4605930\" data-element_type=\"widget\" data-widget_type=\"text-editor.default\">\n\t\t\t\t<div class=\"elementor-widget-container\">\n\t\t\t\t\t\t\t\t\t<p>El m\u00e9s atractiu del Parc Joan Maragall \u00e9s la gran superf\u00edcie vegetal que posseeix. No obstant aix\u00f2, tamb\u00e9 compta amb diversos estanys, assortidors d&#8217;aigua i una col\u00b7lecci\u00f3 d&#8217;escultures repartides pels seus terrenys. Aquest \u00e9s un espai ple de serenitat on solament percebr\u00e0s el cant dels ocells i el so de l&#8217;aigua que brolla de les fonts.<\/p><p>Darrere de l&#8217;edifici del Palauet Alb\u00e9niz trobar\u00e0s una \u00e0mplia prada a l&#8217;ombra d&#8217;enormes pins, amb unes quantes tauletes i cadires que et permetran fer una pausa agradable en el cam\u00ed.<\/p>\t\t\t\t\t\t\t\t<\/div>\n\t\t\t\t<\/div>\n\t\t\t\t\t<\/div>\n\t\t<\/div>\n\t\t\t\t\t<\/div>\n\t\t<\/section>\n\t\t\t\t<section class=\"elementor-section elementor-top-section elementor-element elementor-element-9867b0a elementor-section-boxed elementor-section-height-default elementor-section-height-default\" data-id=\"9867b0a\" data-element_type=\"section\">\n\t\t\t\t\t\t<div class=\"elementor-container elementor-column-gap-default\">\n\t\t\t\t\t<div class=\"elementor-column elementor-col-100 elementor-top-column elementor-element elementor-element-ae0834b\" data-id=\"ae0834b\" data-element_type=\"column\">\n\t\t\t<div class=\"elementor-widget-wrap elementor-element-populated\">\n\t\t\t\t\t\t<div class=\"elementor-element elementor-element-64717ca elementor-widget elementor-widget-html\" data-id=\"64717ca\" data-element_type=\"widget\" data-widget_type=\"html.default\">\n\t\t\t\t<div class=\"elementor-widget-container\">\n\t\t\t\t\t<script async defer src=\"https:\/\/assets.guruwalk.com\/affiliates\/widget.min.js\"><\/script><guruwalk-tour-cards affiliate=\"xyv3os7s26pra5mlsbxy\" city=\"barcelona\" lang=\"es\" text-color=\"#484848\" primary-color=\"#ff5a5f\" secondary-color=\"#008489\" limit=\"3\" description=\"none\"><\/guruwalk-tour-cards>\t\t\t\t<\/div>\n\t\t\t\t<\/div>\n\t\t\t\t\t<\/div>\n\t\t<\/div>\n\t\t\t\t\t<\/div>\n\t\t<\/section>\n\t\t\t\t<section class=\"elementor-section elementor-top-section elementor-element elementor-element-fac315d elementor-section-boxed elementor-section-height-default elementor-section-height-default\" data-id=\"fac315d\" data-element_type=\"section\">\n\t\t\t\t\t\t<div class=\"elementor-container elementor-column-gap-default\">\n\t\t\t\t\t<div class=\"elementor-column elementor-col-100 elementor-top-column elementor-element elementor-element-baa18a3\" data-id=\"baa18a3\" data-element_type=\"column\">\n\t\t\t<div class=\"elementor-widget-wrap elementor-element-populated\">\n\t\t\t\t\t\t<div class=\"elementor-element elementor-element-03f6388 elementor-widget elementor-widget-heading\" data-id=\"03f6388\" data-element_type=\"widget\" data-widget_type=\"heading.default\">\n\t\t\t\t<div class=\"elementor-widget-container\">\n\t\t\t\t\t<h2 class=\"elementor-heading-title elementor-size-default\">12. Parc del Guinard\u00f3<\/h2>\t\t\t\t<\/div>\n\t\t\t\t<\/div>\n\t\t\t\t\t<\/div>\n\t\t<\/div>\n\t\t\t\t\t<\/div>\n\t\t<\/section>\n\t\t\t\t<section class=\"elementor-section elementor-top-section elementor-element elementor-element-accb6f8 elementor-section-boxed elementor-section-height-default elementor-section-height-default\" data-id=\"accb6f8\" data-element_type=\"section\">\n\t\t\t\t\t\t<div class=\"elementor-container elementor-column-gap-default\">\n\t\t\t\t\t<div class=\"elementor-column elementor-col-50 elementor-top-column elementor-element elementor-element-706451a\" data-id=\"706451a\" data-element_type=\"column\">\n\t\t\t<div class=\"elementor-widget-wrap elementor-element-populated\">\n\t\t\t\t\t\t<div class=\"elementor-element elementor-element-797a3f4 elementor-widget elementor-widget-image\" data-id=\"797a3f4\" data-element_type=\"widget\" data-widget_type=\"image.default\">\n\t\t\t\t<div class=\"elementor-widget-container\">\n\t\t\t\t\t\t\t\t\t\t\t\t\t\t\t<img loading=\"lazy\" decoding=\"async\" width=\"1024\" height=\"628\" src=\"https:\/\/www.willysplan.com\/wp-content\/uploads\/2023\/05\/parc-del-guinardo\u0301-1024x628.png\" class=\"attachment-large size-large wp-image-20061\" alt=\"parc-del-guinardo\" srcset=\"https:\/\/www.willysplan.com\/wp-content\/uploads\/2023\/05\/parc-del-guinardo\u0301-1024x628.png 1024w, https:\/\/www.willysplan.com\/wp-content\/uploads\/2023\/05\/parc-del-guinardo\u0301-300x184.png 300w, https:\/\/www.willysplan.com\/wp-content\/uploads\/2023\/05\/parc-del-guinardo\u0301-768x471.png 768w, https:\/\/www.willysplan.com\/wp-content\/uploads\/2023\/05\/parc-del-guinardo\u0301-1536x942.png 1536w, https:\/\/www.willysplan.com\/wp-content\/uploads\/2023\/05\/parc-del-guinardo\u0301-600x368.png 600w, https:\/\/www.willysplan.com\/wp-content\/uploads\/2023\/05\/parc-del-guinardo\u0301.png 1620w\" sizes=\"(max-width: 1024px) 100vw, 1024px\" \/>\t\t\t\t\t\t\t\t\t\t\t\t\t\t\t<\/div>\n\t\t\t\t<\/div>\n\t\t\t\t\t<\/div>\n\t\t<\/div>\n\t\t\t\t<div class=\"elementor-column elementor-col-50 elementor-top-column elementor-element elementor-element-3bdd8e6\" data-id=\"3bdd8e6\" data-element_type=\"column\">\n\t\t\t<div class=\"elementor-widget-wrap elementor-element-populated\">\n\t\t\t\t\t\t<div class=\"elementor-element elementor-element-6340f64 elementor-widget elementor-widget-google_maps\" data-id=\"6340f64\" data-element_type=\"widget\" data-widget_type=\"google_maps.default\">\n\t\t\t\t<div class=\"elementor-widget-container\">\n\t\t\t\t\t\t\t<div class=\"elementor-custom-embed\">\n\t\t\t<iframe loading=\"lazy\"\n\t\t\t\t\tsrc=\"https:\/\/maps.google.com\/maps?q=parc%20del%20guinard%C3%B3&#038;t=m&#038;z=12&#038;output=embed&#038;iwloc=near\"\n\t\t\t\t\ttitle=\"parc del guinard\u00f3\"\n\t\t\t\t\taria-label=\"parc del guinard\u00f3\"\n\t\t\t><\/iframe>\n\t\t<\/div>\n\t\t\t\t\t\t<\/div>\n\t\t\t\t<\/div>\n\t\t\t\t\t<\/div>\n\t\t<\/div>\n\t\t\t\t\t<\/div>\n\t\t<\/section>\n\t\t\t\t<section class=\"elementor-section elementor-top-section elementor-element elementor-element-f027913 elementor-section-boxed elementor-section-height-default elementor-section-height-default\" data-id=\"f027913\" data-element_type=\"section\">\n\t\t\t\t\t\t<div class=\"elementor-container elementor-column-gap-default\">\n\t\t\t\t\t<div class=\"elementor-column elementor-col-100 elementor-top-column elementor-element elementor-element-4cb59b4\" data-id=\"4cb59b4\" data-element_type=\"column\">\n\t\t\t<div class=\"elementor-widget-wrap elementor-element-populated\">\n\t\t\t\t\t\t<div class=\"elementor-element elementor-element-a0a3ac3 elementor-widget elementor-widget-text-editor\" data-id=\"a0a3ac3\" data-element_type=\"widget\" data-widget_type=\"text-editor.default\">\n\t\t\t\t<div class=\"elementor-widget-container\">\n\t\t\t\t\t\t\t\t\t<p>El Parc del Guinardo \u00e9s un dels majors espais verds de Barcelona on podr\u00e0s trobar jardins hist\u00f2rics, boscos, escultures, fonts, etc. Tots aquests llocs comparteixen camins fins a arribar als b\u00fanquers del Carmel, un dels millors miradors de Barcelona, on tindr\u00e0s unes vistes espectaculars des de les altures.<\/p>\t\t\t\t\t\t\t\t<\/div>\n\t\t\t\t<\/div>\n\t\t\t\t\t<\/div>\n\t\t<\/div>\n\t\t\t\t\t<\/div>\n\t\t<\/section>\n\t\t\t\t<section class=\"elementor-section elementor-top-section elementor-element elementor-element-a11a596 elementor-section-boxed elementor-section-height-default elementor-section-height-default\" data-id=\"a11a596\" data-element_type=\"section\">\n\t\t\t\t\t\t<div class=\"elementor-container elementor-column-gap-default\">\n\t\t\t\t\t<div class=\"elementor-column elementor-col-100 elementor-top-column elementor-element elementor-element-9aee9c5\" data-id=\"9aee9c5\" data-element_type=\"column\">\n\t\t\t<div class=\"elementor-widget-wrap elementor-element-populated\">\n\t\t\t\t\t\t<div class=\"elementor-element elementor-element-917a055 elementor-widget elementor-widget-heading\" data-id=\"917a055\" data-element_type=\"widget\" data-widget_type=\"heading.default\">\n\t\t\t\t<div class=\"elementor-widget-container\">\n\t\t\t\t\t<h2 class=\"elementor-heading-title elementor-size-default\">13. Jardins de Moss\u00e8n Jacint Verdaguer<\/h2>\t\t\t\t<\/div>\n\t\t\t\t<\/div>\n\t\t\t\t\t<\/div>\n\t\t<\/div>\n\t\t\t\t\t<\/div>\n\t\t<\/section>\n\t\t\t\t<section class=\"elementor-section elementor-top-section elementor-element elementor-element-0770371 elementor-section-boxed elementor-section-height-default elementor-section-height-default\" data-id=\"0770371\" data-element_type=\"section\">\n\t\t\t\t\t\t<div class=\"elementor-container elementor-column-gap-default\">\n\t\t\t\t\t<div class=\"elementor-column elementor-col-50 elementor-top-column elementor-element elementor-element-25a3b41\" data-id=\"25a3b41\" data-element_type=\"column\">\n\t\t\t<div class=\"elementor-widget-wrap elementor-element-populated\">\n\t\t\t\t\t\t<div class=\"elementor-element elementor-element-bbcf873 elementor-widget elementor-widget-image\" data-id=\"bbcf873\" data-element_type=\"widget\" data-widget_type=\"image.default\">\n\t\t\t\t<div class=\"elementor-widget-container\">\n\t\t\t\t\t\t\t\t\t\t\t\t\t\t\t<img loading=\"lazy\" decoding=\"async\" width=\"1024\" height=\"639\" src=\"https:\/\/www.willysplan.com\/wp-content\/uploads\/2023\/05\/jardins-mossen-cinto-verdaguer-1024x639.png\" class=\"attachment-large size-large wp-image-20058\" alt=\"jardins-mossen-cinto-verdaguer\" srcset=\"https:\/\/www.willysplan.com\/wp-content\/uploads\/2023\/05\/jardins-mossen-cinto-verdaguer-1024x639.png 1024w, https:\/\/www.willysplan.com\/wp-content\/uploads\/2023\/05\/jardins-mossen-cinto-verdaguer-300x187.png 300w, https:\/\/www.willysplan.com\/wp-content\/uploads\/2023\/05\/jardins-mossen-cinto-verdaguer-768x479.png 768w, https:\/\/www.willysplan.com\/wp-content\/uploads\/2023\/05\/jardins-mossen-cinto-verdaguer-1536x959.png 1536w, https:\/\/www.willysplan.com\/wp-content\/uploads\/2023\/05\/jardins-mossen-cinto-verdaguer-600x375.png 600w, https:\/\/www.willysplan.com\/wp-content\/uploads\/2023\/05\/jardins-mossen-cinto-verdaguer.png 1570w\" sizes=\"(max-width: 1024px) 100vw, 1024px\" \/>\t\t\t\t\t\t\t\t\t\t\t\t\t\t\t<\/div>\n\t\t\t\t<\/div>\n\t\t\t\t\t<\/div>\n\t\t<\/div>\n\t\t\t\t<div class=\"elementor-column elementor-col-50 elementor-top-column elementor-element elementor-element-f31176d\" data-id=\"f31176d\" data-element_type=\"column\">\n\t\t\t<div class=\"elementor-widget-wrap elementor-element-populated\">\n\t\t\t\t\t\t<div class=\"elementor-element elementor-element-4cfb0a0 elementor-widget elementor-widget-google_maps\" data-id=\"4cfb0a0\" data-element_type=\"widget\" data-widget_type=\"google_maps.default\">\n\t\t\t\t<div class=\"elementor-widget-container\">\n\t\t\t\t\t\t\t<div class=\"elementor-custom-embed\">\n\t\t\t<iframe loading=\"lazy\"\n\t\t\t\t\tsrc=\"https:\/\/maps.google.com\/maps?q=jardins%20moss%C3%A8n%20cinto%20verdaguer&#038;t=m&#038;z=12&#038;output=embed&#038;iwloc=near\"\n\t\t\t\t\ttitle=\"jardins moss\u00e8n cinto verdaguer\"\n\t\t\t\t\taria-label=\"jardins moss\u00e8n cinto verdaguer\"\n\t\t\t><\/iframe>\n\t\t<\/div>\n\t\t\t\t\t\t<\/div>\n\t\t\t\t<\/div>\n\t\t\t\t\t<\/div>\n\t\t<\/div>\n\t\t\t\t\t<\/div>\n\t\t<\/section>\n\t\t\t\t<section class=\"elementor-section elementor-top-section elementor-element elementor-element-42d373f elementor-section-boxed elementor-section-height-default elementor-section-height-default\" data-id=\"42d373f\" data-element_type=\"section\">\n\t\t\t\t\t\t<div class=\"elementor-container elementor-column-gap-default\">\n\t\t\t\t\t<div class=\"elementor-column elementor-col-100 elementor-top-column elementor-element elementor-element-8dedb4d\" data-id=\"8dedb4d\" data-element_type=\"column\">\n\t\t\t<div class=\"elementor-widget-wrap elementor-element-populated\">\n\t\t\t\t\t\t<div class=\"elementor-element elementor-element-07ac3f9 elementor-widget elementor-widget-text-editor\" data-id=\"07ac3f9\" data-element_type=\"widget\" data-widget_type=\"text-editor.default\">\n\t\t\t\t<div class=\"elementor-widget-container\">\n\t\t\t\t\t\t\t\t\t<p>El parc dedicat al poeta Moss\u00e8n Jacint Verdaguer \u00e9s un gran espai verd esquitxat per les precioses notes de color de les flors i els arbres que s&#8217;estenen muntanya a dalt, des de l&#8217;entrada principal al carrer Miramar. En la part m\u00e9s alta hi ha uns estanys connectats entre ells, on viuen diferents esp\u00e8cies d&#8217;amfibis i plantes d&#8217;aigua.<\/p><p>Des del m\u00e9s alt d&#8217;aquesta zona verda, tindr\u00e0s l&#8217;oportunitat de contemplar unes vistes privilegiades de la ciutat i la mar, que juntament amb l&#8217;entorn id\u00edl\u00b7lic, fan que aquests jardins s&#8217;hagin convertit en un dels parcs a Barcelona m\u00e9s bonics i visitats.<\/p>\t\t\t\t\t\t\t\t<\/div>\n\t\t\t\t<\/div>\n\t\t\t\t\t<\/div>\n\t\t<\/div>\n\t\t\t\t\t<\/div>\n\t\t<\/section>\n\t\t\t\t<section class=\"elementor-section elementor-top-section elementor-element elementor-element-5d069fc elementor-section-boxed elementor-section-height-default elementor-section-height-default\" data-id=\"5d069fc\" data-element_type=\"section\">\n\t\t\t\t\t\t<div class=\"elementor-container elementor-column-gap-default\">\n\t\t\t\t\t<div class=\"elementor-column elementor-col-100 elementor-top-column elementor-element elementor-element-e5670f1\" data-id=\"e5670f1\" data-element_type=\"column\">\n\t\t\t<div class=\"elementor-widget-wrap elementor-element-populated\">\n\t\t\t\t\t\t<div class=\"elementor-element elementor-element-701c159 elementor-align-center elementor-widget elementor-widget-button\" data-id=\"701c159\" data-element_type=\"widget\" data-widget_type=\"button.default\">\n\t\t\t\t<div class=\"elementor-widget-container\">\n\t\t\t\t\t\t\t\t\t<div class=\"elementor-button-wrapper\">\n\t\t\t\t\t<a class=\"elementor-button elementor-button-link elementor-size-md\" href=\"https:\/\/www.willysplan.com\/ca\/tours-privats-a-barcelona\" rel=\"nofollow\">\n\t\t\t\t\t\t<span class=\"elementor-button-content-wrapper\">\n\t\t\t\t\t\t\t\t\t<span class=\"elementor-button-text\">Descobreix els nostres tours privats<\/span>\n\t\t\t\t\t<\/span>\n\t\t\t\t\t<\/a>\n\t\t\t\t<\/div>\n\t\t\t\t\t\t\t\t<\/div>\n\t\t\t\t<\/div>\n\t\t\t\t\t<\/div>\n\t\t<\/div>\n\t\t\t\t\t<\/div>\n\t\t<\/section>\n\t\t\t\t<section class=\"elementor-section elementor-top-section elementor-element elementor-element-e9d741e elementor-section-boxed elementor-section-height-default elementor-section-height-default\" data-id=\"e9d741e\" data-element_type=\"section\">\n\t\t\t\t\t\t<div class=\"elementor-container elementor-column-gap-default\">\n\t\t\t\t\t<div class=\"elementor-column elementor-col-100 elementor-top-column elementor-element elementor-element-0ab80c8\" data-id=\"0ab80c8\" data-element_type=\"column\">\n\t\t\t<div class=\"elementor-widget-wrap elementor-element-populated\">\n\t\t\t\t\t\t<div class=\"elementor-element elementor-element-7251372 elementor-widget elementor-widget-heading\" data-id=\"7251372\" data-element_type=\"widget\" data-widget_type=\"heading.default\">\n\t\t\t\t<div class=\"elementor-widget-container\">\n\t\t\t\t\t<h2 class=\"elementor-heading-title elementor-size-default\">14. Jard\u00ed Bot\u00e0nic<\/h2>\t\t\t\t<\/div>\n\t\t\t\t<\/div>\n\t\t\t\t\t<\/div>\n\t\t<\/div>\n\t\t\t\t\t<\/div>\n\t\t<\/section>\n\t\t\t\t<section class=\"elementor-section elementor-top-section elementor-element elementor-element-f6819d4 elementor-section-boxed elementor-section-height-default elementor-section-height-default\" data-id=\"f6819d4\" data-element_type=\"section\">\n\t\t\t\t\t\t<div class=\"elementor-container elementor-column-gap-default\">\n\t\t\t\t\t<div class=\"elementor-column elementor-col-50 elementor-top-column elementor-element elementor-element-dd1215e\" data-id=\"dd1215e\" data-element_type=\"column\">\n\t\t\t<div class=\"elementor-widget-wrap elementor-element-populated\">\n\t\t\t\t\t\t<div class=\"elementor-element elementor-element-d77727f elementor-widget elementor-widget-image\" data-id=\"d77727f\" data-element_type=\"widget\" data-widget_type=\"image.default\">\n\t\t\t\t<div class=\"elementor-widget-container\">\n\t\t\t\t\t\t\t\t\t\t\t\t\t\t\t<img loading=\"lazy\" decoding=\"async\" width=\"1024\" height=\"645\" src=\"https:\/\/www.willysplan.com\/wp-content\/uploads\/2023\/05\/jardi-botanic-barcelona-1024x645.png\" class=\"attachment-large size-large wp-image-20055\" alt=\"jardi-botanic-barcelona\" srcset=\"https:\/\/www.willysplan.com\/wp-content\/uploads\/2023\/05\/jardi-botanic-barcelona-1024x645.png 1024w, https:\/\/www.willysplan.com\/wp-content\/uploads\/2023\/05\/jardi-botanic-barcelona-300x189.png 300w, https:\/\/www.willysplan.com\/wp-content\/uploads\/2023\/05\/jardi-botanic-barcelona-768x484.png 768w, https:\/\/www.willysplan.com\/wp-content\/uploads\/2023\/05\/jardi-botanic-barcelona-1536x968.png 1536w, https:\/\/www.willysplan.com\/wp-content\/uploads\/2023\/05\/jardi-botanic-barcelona-600x378.png 600w, https:\/\/www.willysplan.com\/wp-content\/uploads\/2023\/05\/jardi-botanic-barcelona.png 1578w\" sizes=\"(max-width: 1024px) 100vw, 1024px\" \/>\t\t\t\t\t\t\t\t\t\t\t\t\t\t\t<\/div>\n\t\t\t\t<\/div>\n\t\t\t\t\t<\/div>\n\t\t<\/div>\n\t\t\t\t<div class=\"elementor-column elementor-col-50 elementor-top-column elementor-element elementor-element-6ac9a4c\" data-id=\"6ac9a4c\" data-element_type=\"column\">\n\t\t\t<div class=\"elementor-widget-wrap elementor-element-populated\">\n\t\t\t\t\t\t<div class=\"elementor-element elementor-element-1f50bf4 elementor-widget elementor-widget-google_maps\" data-id=\"1f50bf4\" data-element_type=\"widget\" data-widget_type=\"google_maps.default\">\n\t\t\t\t<div class=\"elementor-widget-container\">\n\t\t\t\t\t\t\t<div class=\"elementor-custom-embed\">\n\t\t\t<iframe loading=\"lazy\"\n\t\t\t\t\tsrc=\"https:\/\/maps.google.com\/maps?q=jardin%20bot%C3%A1nico%20historico%20barcelona&#038;t=m&#038;z=12&#038;output=embed&#038;iwloc=near\"\n\t\t\t\t\ttitle=\"jardin bot\u00e1nico historico barcelona\"\n\t\t\t\t\taria-label=\"jardin bot\u00e1nico historico barcelona\"\n\t\t\t><\/iframe>\n\t\t<\/div>\n\t\t\t\t\t\t<\/div>\n\t\t\t\t<\/div>\n\t\t\t\t\t<\/div>\n\t\t<\/div>\n\t\t\t\t\t<\/div>\n\t\t<\/section>\n\t\t\t\t<section class=\"elementor-section elementor-top-section elementor-element elementor-element-bbdaf2b elementor-section-boxed elementor-section-height-default elementor-section-height-default\" data-id=\"bbdaf2b\" data-element_type=\"section\">\n\t\t\t\t\t\t<div class=\"elementor-container elementor-column-gap-default\">\n\t\t\t\t\t<div class=\"elementor-column elementor-col-100 elementor-top-column elementor-element elementor-element-efc56c5\" data-id=\"efc56c5\" data-element_type=\"column\">\n\t\t\t<div class=\"elementor-widget-wrap elementor-element-populated\">\n\t\t\t\t\t\t<div class=\"elementor-element elementor-element-b26e7fc elementor-widget elementor-widget-text-editor\" data-id=\"b26e7fc\" data-element_type=\"widget\" data-widget_type=\"text-editor.default\">\n\t\t\t\t<div class=\"elementor-widget-container\">\n\t\t\t\t\t\t\t\t\t<p>El Jard\u00ed Bot\u00e0nic Hist\u00f2ric est\u00e0 situat a la muntanya de Montju\u00efc i va ser creat pel bot\u00e0nic Pius Font i Quer. Es tracta d&#8217;un espai que pertany al Museu Nacional de les Ci\u00e8ncies Naturals de Barcelona i va ser inaugurat en 1999. El jard\u00ed est\u00e0 ocult dins de dos forats procedents d&#8217;antigues pedreres.<\/p><p>Aquest jard\u00ed \u00e9s ideal per a relaxar-se i passejar per les seves estretes senderes mentre gaudeixes de les diferents varietats d&#8217;esp\u00e8cies vegetals. All\u00ed tamb\u00e9 es troba un petit jard\u00ed sensorial on podr\u00e0s trobar unes esp\u00e8cies de plantes que, a causa de la seva olor o tacte ofereixen una reacci\u00f3 sensorial en el teu organisme. \u00c9s una experi\u00e8ncia que val la pena provar en la teva visita pels millors parcs de Barcelona!<\/p>\t\t\t\t\t\t\t\t<\/div>\n\t\t\t\t<\/div>\n\t\t\t\t\t<\/div>\n\t\t<\/div>\n\t\t\t\t\t<\/div>\n\t\t<\/section>\n\t\t\t\t<section class=\"elementor-section elementor-top-section elementor-element elementor-element-8ca2c7e elementor-section-boxed elementor-section-height-default elementor-section-height-default\" data-id=\"8ca2c7e\" data-element_type=\"section\">\n\t\t\t\t\t\t<div class=\"elementor-container elementor-column-gap-default\">\n\t\t\t\t\t<div class=\"elementor-column elementor-col-100 elementor-top-column elementor-element elementor-element-d3edeaa\" data-id=\"d3edeaa\" data-element_type=\"column\">\n\t\t\t<div class=\"elementor-widget-wrap elementor-element-populated\">\n\t\t\t\t\t\t<div class=\"elementor-element elementor-element-58c6d21 elementor-widget elementor-widget-heading\" data-id=\"58c6d21\" data-element_type=\"widget\" data-widget_type=\"heading.default\">\n\t\t\t\t<div class=\"elementor-widget-container\">\n\t\t\t\t\t<h2 class=\"elementor-heading-title elementor-size-default\">15. Jardins de Can Sentmenat<\/h2>\t\t\t\t<\/div>\n\t\t\t\t<\/div>\n\t\t\t\t\t<\/div>\n\t\t<\/div>\n\t\t\t\t\t<\/div>\n\t\t<\/section>\n\t\t\t\t<section class=\"elementor-section elementor-top-section elementor-element elementor-element-2e12d33 elementor-section-boxed elementor-section-height-default elementor-section-height-default\" data-id=\"2e12d33\" data-element_type=\"section\">\n\t\t\t\t\t\t<div class=\"elementor-container elementor-column-gap-default\">\n\t\t\t\t\t<div class=\"elementor-column elementor-col-50 elementor-top-column elementor-element elementor-element-0aa45a5\" data-id=\"0aa45a5\" data-element_type=\"column\">\n\t\t\t<div class=\"elementor-widget-wrap elementor-element-populated\">\n\t\t\t\t\t\t<div class=\"elementor-element elementor-element-0bdd645 elementor-widget elementor-widget-image\" data-id=\"0bdd645\" data-element_type=\"widget\" data-widget_type=\"image.default\">\n\t\t\t\t<div class=\"elementor-widget-container\">\n\t\t\t\t\t\t\t\t\t\t\t\t\t\t\t<img loading=\"lazy\" decoding=\"async\" width=\"1024\" height=\"661\" src=\"https:\/\/www.willysplan.com\/wp-content\/uploads\/2023\/05\/jardins-can-sentmenat-1024x661.png\" class=\"attachment-large size-large wp-image-20052\" alt=\"jardins-can-sentmenat\" srcset=\"https:\/\/www.willysplan.com\/wp-content\/uploads\/2023\/05\/jardins-can-sentmenat-1024x661.png 1024w, https:\/\/www.willysplan.com\/wp-content\/uploads\/2023\/05\/jardins-can-sentmenat-300x194.png 300w, https:\/\/www.willysplan.com\/wp-content\/uploads\/2023\/05\/jardins-can-sentmenat-768x495.png 768w, https:\/\/www.willysplan.com\/wp-content\/uploads\/2023\/05\/jardins-can-sentmenat-1536x991.png 1536w, https:\/\/www.willysplan.com\/wp-content\/uploads\/2023\/05\/jardins-can-sentmenat-600x387.png 600w, https:\/\/www.willysplan.com\/wp-content\/uploads\/2023\/05\/jardins-can-sentmenat.png 1550w\" sizes=\"(max-width: 1024px) 100vw, 1024px\" \/>\t\t\t\t\t\t\t\t\t\t\t\t\t\t\t<\/div>\n\t\t\t\t<\/div>\n\t\t\t\t\t<\/div>\n\t\t<\/div>\n\t\t\t\t<div class=\"elementor-column elementor-col-50 elementor-top-column elementor-element elementor-element-4cd4a89\" data-id=\"4cd4a89\" data-element_type=\"column\">\n\t\t\t<div class=\"elementor-widget-wrap elementor-element-populated\">\n\t\t\t\t\t\t<div class=\"elementor-element elementor-element-8f22879 elementor-widget elementor-widget-google_maps\" data-id=\"8f22879\" data-element_type=\"widget\" data-widget_type=\"google_maps.default\">\n\t\t\t\t<div class=\"elementor-widget-container\">\n\t\t\t\t\t\t\t<div class=\"elementor-custom-embed\">\n\t\t\t<iframe loading=\"lazy\"\n\t\t\t\t\tsrc=\"https:\/\/maps.google.com\/maps?q=jardins%20can%20sentmenat&#038;t=m&#038;z=12&#038;output=embed&#038;iwloc=near\"\n\t\t\t\t\ttitle=\"jardins can sentmenat\"\n\t\t\t\t\taria-label=\"jardins can sentmenat\"\n\t\t\t><\/iframe>\n\t\t<\/div>\n\t\t\t\t\t\t<\/div>\n\t\t\t\t<\/div>\n\t\t\t\t\t<\/div>\n\t\t<\/div>\n\t\t\t\t\t<\/div>\n\t\t<\/section>\n\t\t\t\t<section class=\"elementor-section elementor-top-section elementor-element elementor-element-bc2407b elementor-section-boxed elementor-section-height-default elementor-section-height-default\" data-id=\"bc2407b\" data-element_type=\"section\">\n\t\t\t\t\t\t<div class=\"elementor-container elementor-column-gap-default\">\n\t\t\t\t\t<div class=\"elementor-column elementor-col-100 elementor-top-column elementor-element elementor-element-dd8b659\" data-id=\"dd8b659\" data-element_type=\"column\">\n\t\t\t<div class=\"elementor-widget-wrap elementor-element-populated\">\n\t\t\t\t\t\t<div class=\"elementor-element elementor-element-9f19edf elementor-widget elementor-widget-text-editor\" data-id=\"9f19edf\" data-element_type=\"widget\" data-widget_type=\"text-editor.default\">\n\t\t\t\t<div class=\"elementor-widget-container\">\n\t\t\t\t\t\t\t\t\t<p>En ple districte de Sarri\u00e0 \u00e9s possible descobrir un dels \u00faltims vestigis de la Barcelona dels jardins senyorials del segle XIX. Els Jardins de Ca Sentmenat presenten un estil clarament afrancesat i han aconseguit conservar l&#8217;estructura i la tipologia originals, malgrat l&#8217;evident pas del temps.<\/p>\t\t\t\t\t\t\t\t<\/div>\n\t\t\t\t<\/div>\n\t\t\t\t\t<\/div>\n\t\t<\/div>\n\t\t\t\t\t<\/div>\n\t\t<\/section>\n\t\t\t\t<section class=\"elementor-section elementor-top-section elementor-element elementor-element-3aa6405 elementor-section-boxed elementor-section-height-default elementor-section-height-default\" data-id=\"3aa6405\" data-element_type=\"section\">\n\t\t\t\t\t\t<div class=\"elementor-container elementor-column-gap-default\">\n\t\t\t\t\t<div class=\"elementor-column elementor-col-100 elementor-top-column elementor-element elementor-element-4214d21\" data-id=\"4214d21\" data-element_type=\"column\">\n\t\t\t<div class=\"elementor-widget-wrap elementor-element-populated\">\n\t\t\t\t\t\t<div class=\"elementor-element elementor-element-7c275e0 elementor-align-center elementor-widget elementor-widget-button\" data-id=\"7c275e0\" data-element_type=\"widget\" data-widget_type=\"button.default\">\n\t\t\t\t<div class=\"elementor-widget-container\">\n\t\t\t\t\t\t\t\t\t<div class=\"elementor-button-wrapper\">\n\t\t\t\t\t<a class=\"elementor-button elementor-button-link elementor-size-md\" href=\"https:\/\/www.willysplan.com\/ca\/tours-privats-a-barcelona\" rel=\"nofollow\">\n\t\t\t\t\t\t<span class=\"elementor-button-content-wrapper\">\n\t\t\t\t\t\t\t\t\t<span class=\"elementor-button-text\">Descobreix els nostres tours privats<\/span>\n\t\t\t\t\t<\/span>\n\t\t\t\t\t<\/a>\n\t\t\t\t<\/div>\n\t\t\t\t\t\t\t\t<\/div>\n\t\t\t\t<\/div>\n\t\t\t\t\t<\/div>\n\t\t<\/div>\n\t\t\t\t\t<\/div>\n\t\t<\/section>\n\t\t\t\t<section class=\"elementor-section elementor-top-section elementor-element elementor-element-d659d63 elementor-section-boxed elementor-section-height-default elementor-section-height-default\" data-id=\"d659d63\" data-element_type=\"section\">\n\t\t\t\t\t\t<div class=\"elementor-container elementor-column-gap-default\">\n\t\t\t\t\t<div class=\"elementor-column elementor-col-100 elementor-top-column elementor-element elementor-element-ad1d4fd\" data-id=\"ad1d4fd\" data-element_type=\"column\">\n\t\t\t<div class=\"elementor-widget-wrap elementor-element-populated\">\n\t\t\t\t\t\t<div class=\"elementor-element elementor-element-aec70fa elementor-widget elementor-widget-heading\" data-id=\"aec70fa\" data-element_type=\"widget\" data-widget_type=\"heading.default\">\n\t\t\t\t<div class=\"elementor-widget-container\">\n\t\t\t\t\t<h2 class=\"elementor-heading-title elementor-size-default\">16. Jardins del Grec<\/h2>\t\t\t\t<\/div>\n\t\t\t\t<\/div>\n\t\t\t\t\t<\/div>\n\t\t<\/div>\n\t\t\t\t\t<\/div>\n\t\t<\/section>\n\t\t\t\t<section class=\"elementor-section elementor-top-section elementor-element elementor-element-4998ea1 elementor-section-boxed elementor-section-height-default elementor-section-height-default\" data-id=\"4998ea1\" data-element_type=\"section\">\n\t\t\t\t\t\t<div class=\"elementor-container elementor-column-gap-default\">\n\t\t\t\t\t<div class=\"elementor-column elementor-col-50 elementor-top-column elementor-element elementor-element-f3f6bb3\" data-id=\"f3f6bb3\" data-element_type=\"column\">\n\t\t\t<div class=\"elementor-widget-wrap elementor-element-populated\">\n\t\t\t\t\t\t<div class=\"elementor-element elementor-element-7dffab8 elementor-widget elementor-widget-image\" data-id=\"7dffab8\" data-element_type=\"widget\" data-widget_type=\"image.default\">\n\t\t\t\t<div class=\"elementor-widget-container\">\n\t\t\t\t\t\t\t\t\t\t\t\t\t\t\t<img loading=\"lazy\" decoding=\"async\" width=\"1024\" height=\"623\" src=\"https:\/\/www.willysplan.com\/wp-content\/uploads\/2023\/05\/jardins-del-grec-1024x623.png\" class=\"attachment-large size-large wp-image-20049\" alt=\"jardins-del-grec\" srcset=\"https:\/\/www.willysplan.com\/wp-content\/uploads\/2023\/05\/jardins-del-grec-1024x623.png 1024w, https:\/\/www.willysplan.com\/wp-content\/uploads\/2023\/05\/jardins-del-grec-300x182.png 300w, https:\/\/www.willysplan.com\/wp-content\/uploads\/2023\/05\/jardins-del-grec-768x467.png 768w, https:\/\/www.willysplan.com\/wp-content\/uploads\/2023\/05\/jardins-del-grec-1536x934.png 1536w, https:\/\/www.willysplan.com\/wp-content\/uploads\/2023\/05\/jardins-del-grec-600x365.png 600w, https:\/\/www.willysplan.com\/wp-content\/uploads\/2023\/05\/jardins-del-grec.png 1638w\" sizes=\"(max-width: 1024px) 100vw, 1024px\" \/>\t\t\t\t\t\t\t\t\t\t\t\t\t\t\t<\/div>\n\t\t\t\t<\/div>\n\t\t\t\t\t<\/div>\n\t\t<\/div>\n\t\t\t\t<div class=\"elementor-column elementor-col-50 elementor-top-column elementor-element elementor-element-e61148d\" data-id=\"e61148d\" data-element_type=\"column\">\n\t\t\t<div class=\"elementor-widget-wrap elementor-element-populated\">\n\t\t\t\t\t\t<div class=\"elementor-element elementor-element-094e5b2 elementor-widget elementor-widget-google_maps\" data-id=\"094e5b2\" data-element_type=\"widget\" data-widget_type=\"google_maps.default\">\n\t\t\t\t<div class=\"elementor-widget-container\">\n\t\t\t\t\t\t\t<div class=\"elementor-custom-embed\">\n\t\t\t<iframe loading=\"lazy\"\n\t\t\t\t\tsrc=\"https:\/\/maps.google.com\/maps?q=jardins%20del%20grec&#038;t=m&#038;z=12&#038;output=embed&#038;iwloc=near\"\n\t\t\t\t\ttitle=\"jardins del grec\"\n\t\t\t\t\taria-label=\"jardins del grec\"\n\t\t\t><\/iframe>\n\t\t<\/div>\n\t\t\t\t\t\t<\/div>\n\t\t\t\t<\/div>\n\t\t\t\t\t<\/div>\n\t\t<\/div>\n\t\t\t\t\t<\/div>\n\t\t<\/section>\n\t\t\t\t<section class=\"elementor-section elementor-top-section elementor-element elementor-element-25b4666 elementor-section-boxed elementor-section-height-default elementor-section-height-default\" data-id=\"25b4666\" data-element_type=\"section\">\n\t\t\t\t\t\t<div class=\"elementor-container elementor-column-gap-default\">\n\t\t\t\t\t<div class=\"elementor-column elementor-col-100 elementor-top-column elementor-element elementor-element-b78176a\" data-id=\"b78176a\" data-element_type=\"column\">\n\t\t\t<div class=\"elementor-widget-wrap elementor-element-populated\">\n\t\t\t\t\t\t<div class=\"elementor-element elementor-element-c60026a elementor-widget elementor-widget-text-editor\" data-id=\"c60026a\" data-element_type=\"widget\" data-widget_type=\"text-editor.default\">\n\t\t\t\t<div class=\"elementor-widget-container\">\n\t\t\t\t\t\t\t\t\t<p>Els Jardins del Grec s\u00f3n uns dels menys coneguts de Barcelona i aix\u00f2 fa que s&#8217;hagin convertit en uns dels m\u00e9s especials. Si ens guardes el secret te&#8217;ls presentem. Despr\u00e9s de visitar l&#8217;amfiteatre on es fa el festival del Grec, podeu passejar pels parterres geom\u00e8trics que dibuixa la flora all\u00ed plantada i fer olor l&#8217;embriagador perfum de les roses.<\/p><p>Et recomanem que acabis el teu recorregut pels Jardins del Grec, escoltant l&#8217;aigua caure de la Font del Gat. Probablement, aquest \u00e9s un dels plans m\u00e9s rom\u00e0ntics i exclusius que facis a la ciutat de Barcelona.<\/p>\t\t\t\t\t\t\t\t<\/div>\n\t\t\t\t<\/div>\n\t\t\t\t\t<\/div>\n\t\t<\/div>\n\t\t\t\t\t<\/div>\n\t\t<\/section>\n\t\t\t\t<section class=\"elementor-section elementor-top-section elementor-element elementor-element-afd44a3 elementor-section-boxed elementor-section-height-default elementor-section-height-default\" data-id=\"afd44a3\" data-element_type=\"section\">\n\t\t\t\t\t\t<div class=\"elementor-container elementor-column-gap-default\">\n\t\t\t\t\t<div class=\"elementor-column elementor-col-100 elementor-top-column elementor-element elementor-element-21f4692\" data-id=\"21f4692\" data-element_type=\"column\">\n\t\t\t<div class=\"elementor-widget-wrap elementor-element-populated\">\n\t\t\t\t\t\t<div class=\"elementor-element elementor-element-c8fdce8 elementor-widget elementor-widget-heading\" data-id=\"c8fdce8\" data-element_type=\"widget\" data-widget_type=\"heading.default\">\n\t\t\t\t<div class=\"elementor-widget-container\">\n\t\t\t\t\t<h2 class=\"elementor-heading-title elementor-size-default\">17. Parc de Joan Mir\u00f3<\/h2>\t\t\t\t<\/div>\n\t\t\t\t<\/div>\n\t\t\t\t\t<\/div>\n\t\t<\/div>\n\t\t\t\t\t<\/div>\n\t\t<\/section>\n\t\t\t\t<section class=\"elementor-section elementor-top-section elementor-element elementor-element-23c888c elementor-section-boxed elementor-section-height-default elementor-section-height-default\" data-id=\"23c888c\" data-element_type=\"section\">\n\t\t\t\t\t\t<div class=\"elementor-container elementor-column-gap-default\">\n\t\t\t\t\t<div class=\"elementor-column elementor-col-50 elementor-top-column elementor-element elementor-element-ddbcff7\" data-id=\"ddbcff7\" data-element_type=\"column\">\n\t\t\t<div class=\"elementor-widget-wrap elementor-element-populated\">\n\t\t\t\t\t\t<div class=\"elementor-element elementor-element-3f57478 elementor-widget elementor-widget-image\" data-id=\"3f57478\" data-element_type=\"widget\" data-widget_type=\"image.default\">\n\t\t\t\t<div class=\"elementor-widget-container\">\n\t\t\t\t\t\t\t\t\t\t\t\t\t\t\t<img loading=\"lazy\" decoding=\"async\" width=\"1024\" height=\"600\" src=\"https:\/\/www.willysplan.com\/wp-content\/uploads\/2023\/05\/parc-joan-miro\u0301-1024x600.png\" class=\"attachment-large size-large wp-image-20046\" alt=\"parc-joan-mir\u00f3\" srcset=\"https:\/\/www.willysplan.com\/wp-content\/uploads\/2023\/05\/parc-joan-miro\u0301-1024x600.png 1024w, https:\/\/www.willysplan.com\/wp-content\/uploads\/2023\/05\/parc-joan-miro\u0301-300x176.png 300w, https:\/\/www.willysplan.com\/wp-content\/uploads\/2023\/05\/parc-joan-miro\u0301-768x450.png 768w, https:\/\/www.willysplan.com\/wp-content\/uploads\/2023\/05\/parc-joan-miro\u0301-600x351.png 600w, https:\/\/www.willysplan.com\/wp-content\/uploads\/2023\/05\/parc-joan-miro\u0301.png 1168w\" sizes=\"(max-width: 1024px) 100vw, 1024px\" \/>\t\t\t\t\t\t\t\t\t\t\t\t\t\t\t<\/div>\n\t\t\t\t<\/div>\n\t\t\t\t\t<\/div>\n\t\t<\/div>\n\t\t\t\t<div class=\"elementor-column elementor-col-50 elementor-top-column elementor-element elementor-element-36c09fa\" data-id=\"36c09fa\" data-element_type=\"column\">\n\t\t\t<div class=\"elementor-widget-wrap elementor-element-populated\">\n\t\t\t\t\t\t<div class=\"elementor-element elementor-element-855f2d1 elementor-widget elementor-widget-google_maps\" data-id=\"855f2d1\" data-element_type=\"widget\" data-widget_type=\"google_maps.default\">\n\t\t\t\t<div class=\"elementor-widget-container\">\n\t\t\t\t\t\t\t<div class=\"elementor-custom-embed\">\n\t\t\t<iframe loading=\"lazy\"\n\t\t\t\t\tsrc=\"https:\/\/maps.google.com\/maps?q=parc%20joan%20mir%C3%B3&#038;t=m&#038;z=12&#038;output=embed&#038;iwloc=near\"\n\t\t\t\t\ttitle=\"parc joan mir\u00f3\"\n\t\t\t\t\taria-label=\"parc joan mir\u00f3\"\n\t\t\t><\/iframe>\n\t\t<\/div>\n\t\t\t\t\t\t<\/div>\n\t\t\t\t<\/div>\n\t\t\t\t\t<\/div>\n\t\t<\/div>\n\t\t\t\t\t<\/div>\n\t\t<\/section>\n\t\t\t\t<section class=\"elementor-section elementor-top-section elementor-element elementor-element-64e64c3 elementor-section-boxed elementor-section-height-default elementor-section-height-default\" data-id=\"64e64c3\" data-element_type=\"section\">\n\t\t\t\t\t\t<div class=\"elementor-container elementor-column-gap-default\">\n\t\t\t\t\t<div class=\"elementor-column elementor-col-100 elementor-top-column elementor-element elementor-element-6608390\" data-id=\"6608390\" data-element_type=\"column\">\n\t\t\t<div class=\"elementor-widget-wrap elementor-element-populated\">\n\t\t\t\t\t\t<div class=\"elementor-element elementor-element-c5337b8 elementor-widget elementor-widget-text-editor\" data-id=\"c5337b8\" data-element_type=\"widget\" data-widget_type=\"text-editor.default\">\n\t\t\t\t<div class=\"elementor-widget-container\">\n\t\t\t\t\t\t\t\t\t<p>Situat al peu de l&#8217;antiga pla\u00e7a de toros de les Sorres de Barcelona, el Parc Juan Mir\u00f3 s&#8217;obre als ciutadans per a oferir-los un espai ampli de vegetaci\u00f3 molt variada sobre diferents nivells. Aquest \u00e9s un lloc perfecte per a prendre un descans abans d&#8217;afrontar la pujada a Montju\u00efc o fins i tot per a llegir-se un bon llibre tombat en la gespa.<\/p>\t\t\t\t\t\t\t\t<\/div>\n\t\t\t\t<\/div>\n\t\t\t\t\t<\/div>\n\t\t<\/div>\n\t\t\t\t\t<\/div>\n\t\t<\/section>\n\t\t\t\t<section class=\"elementor-section elementor-top-section elementor-element elementor-element-193f5ea elementor-section-boxed elementor-section-height-default elementor-section-height-default\" data-id=\"193f5ea\" data-element_type=\"section\">\n\t\t\t\t\t\t<div class=\"elementor-container elementor-column-gap-default\">\n\t\t\t\t\t<div class=\"elementor-column elementor-col-100 elementor-top-column elementor-element elementor-element-2c5d1bb\" data-id=\"2c5d1bb\" data-element_type=\"column\">\n\t\t\t<div class=\"elementor-widget-wrap elementor-element-populated\">\n\t\t\t\t\t\t<div class=\"elementor-element elementor-element-8366556 elementor-widget elementor-widget-heading\" data-id=\"8366556\" data-element_type=\"widget\" data-widget_type=\"heading.default\">\n\t\t\t\t<div class=\"elementor-widget-container\">\n\t\t\t\t\t<h2 class=\"elementor-heading-title elementor-size-default\">18. Jardins de la Fundaci\u00f3 Julio Mu\u00f1oz<\/h2>\t\t\t\t<\/div>\n\t\t\t\t<\/div>\n\t\t\t\t\t<\/div>\n\t\t<\/div>\n\t\t\t\t\t<\/div>\n\t\t<\/section>\n\t\t\t\t<section class=\"elementor-section elementor-top-section elementor-element elementor-element-9acb307 elementor-section-boxed elementor-section-height-default elementor-section-height-default\" data-id=\"9acb307\" data-element_type=\"section\">\n\t\t\t\t\t\t<div class=\"elementor-container elementor-column-gap-default\">\n\t\t\t\t\t<div class=\"elementor-column elementor-col-50 elementor-top-column elementor-element elementor-element-9fa4c8c\" data-id=\"9fa4c8c\" data-element_type=\"column\">\n\t\t\t<div class=\"elementor-widget-wrap elementor-element-populated\">\n\t\t\t\t\t\t<div class=\"elementor-element elementor-element-85db0f0 elementor-widget elementor-widget-image\" data-id=\"85db0f0\" data-element_type=\"widget\" data-widget_type=\"image.default\">\n\t\t\t\t<div class=\"elementor-widget-container\">\n\t\t\t\t\t\t\t\t\t\t\t\t\t\t\t<img loading=\"lazy\" decoding=\"async\" width=\"1024\" height=\"579\" src=\"https:\/\/www.willysplan.com\/wp-content\/uploads\/2023\/05\/jardins-fundacio\u0301-julio-mun\u0303oz-1024x579.png\" class=\"attachment-large size-large wp-image-20043\" alt=\"jardins-fundacio-julio-mu\u00f1oz\" srcset=\"https:\/\/www.willysplan.com\/wp-content\/uploads\/2023\/05\/jardins-fundacio\u0301-julio-mun\u0303oz-1024x579.png 1024w, https:\/\/www.willysplan.com\/wp-content\/uploads\/2023\/05\/jardins-fundacio\u0301-julio-mun\u0303oz-300x170.png 300w, https:\/\/www.willysplan.com\/wp-content\/uploads\/2023\/05\/jardins-fundacio\u0301-julio-mun\u0303oz-768x434.png 768w, https:\/\/www.willysplan.com\/wp-content\/uploads\/2023\/05\/jardins-fundacio\u0301-julio-mun\u0303oz-1536x868.png 1536w, https:\/\/www.willysplan.com\/wp-content\/uploads\/2023\/05\/jardins-fundacio\u0301-julio-mun\u0303oz-600x339.png 600w, https:\/\/www.willysplan.com\/wp-content\/uploads\/2023\/05\/jardins-fundacio\u0301-julio-mun\u0303oz.png 1684w\" sizes=\"(max-width: 1024px) 100vw, 1024px\" \/>\t\t\t\t\t\t\t\t\t\t\t\t\t\t\t<\/div>\n\t\t\t\t<\/div>\n\t\t\t\t\t<\/div>\n\t\t<\/div>\n\t\t\t\t<div class=\"elementor-column elementor-col-50 elementor-top-column elementor-element elementor-element-0eae222\" data-id=\"0eae222\" data-element_type=\"column\">\n\t\t\t<div class=\"elementor-widget-wrap elementor-element-populated\">\n\t\t\t\t\t\t<div class=\"elementor-element elementor-element-31edd57 elementor-widget elementor-widget-google_maps\" data-id=\"31edd57\" data-element_type=\"widget\" data-widget_type=\"google_maps.default\">\n\t\t\t\t<div class=\"elementor-widget-container\">\n\t\t\t\t\t\t\t<div class=\"elementor-custom-embed\">\n\t\t\t<iframe loading=\"lazy\"\n\t\t\t\t\tsrc=\"https:\/\/maps.google.com\/maps?q=jardins%20fundacio%20julio%20mu%C3%B1oz&#038;t=m&#038;z=12&#038;output=embed&#038;iwloc=near\"\n\t\t\t\t\ttitle=\"jardins fundacio julio mu\u00f1oz\"\n\t\t\t\t\taria-label=\"jardins fundacio julio mu\u00f1oz\"\n\t\t\t><\/iframe>\n\t\t<\/div>\n\t\t\t\t\t\t<\/div>\n\t\t\t\t<\/div>\n\t\t\t\t\t<\/div>\n\t\t<\/div>\n\t\t\t\t\t<\/div>\n\t\t<\/section>\n\t\t\t\t<section class=\"elementor-section elementor-top-section elementor-element elementor-element-c3fb079 elementor-section-boxed elementor-section-height-default elementor-section-height-default\" data-id=\"c3fb079\" data-element_type=\"section\">\n\t\t\t\t\t\t<div class=\"elementor-container elementor-column-gap-default\">\n\t\t\t\t\t<div class=\"elementor-column elementor-col-100 elementor-top-column elementor-element elementor-element-b7a4eb7\" data-id=\"b7a4eb7\" data-element_type=\"column\">\n\t\t\t<div class=\"elementor-widget-wrap elementor-element-populated\">\n\t\t\t\t\t\t<div class=\"elementor-element elementor-element-25a4f21 elementor-widget elementor-widget-text-editor\" data-id=\"25a4f21\" data-element_type=\"widget\" data-widget_type=\"text-editor.default\">\n\t\t\t\t<div class=\"elementor-widget-container\">\n\t\t\t\t\t\t\t\t\t<p>Acabem la nostra selecci\u00f3 dels millors parcs de Barcelona amb un dels nostres favorits: els Jardins de la Fundaci\u00f3 Julio Mu\u00f1oz. Aquest m\u00e0gic punt est\u00e0 amagat al Carrer Muntaner i es troba totalment a\u00efllat de l&#8217;atrafegada vida de la ciutat.\u00a0<\/p><p>La fundaci\u00f3 va crear el parc per a respondre a les \u00faltimes voluntats de l&#8217;empresari Julio Mu\u00f1oz, que va morir en 1991. En el seu testament llegava a la ciutat la seva finca al carrer Muntaner amb tot el seu contingut perqu\u00e8 fos possible la seva visita i l&#8217;aprofitament \u00fatil dels ciutadans. Aix\u00f2 va ser un clar moviment que fomentava la divulgaci\u00f3 i la defensa de la cultura de la ciutat de Barcelona.<\/p>\t\t\t\t\t\t\t\t<\/div>\n\t\t\t\t<\/div>\n\t\t\t\t\t<\/div>\n\t\t<\/div>\n\t\t\t\t\t<\/div>\n\t\t<\/section>\n\t\t\t\t<section class=\"elementor-section elementor-top-section elementor-element elementor-element-59b2da1 elementor-section-boxed elementor-section-height-default elementor-section-height-default\" data-id=\"59b2da1\" data-element_type=\"section\">\n\t\t\t\t\t\t<div class=\"elementor-container elementor-column-gap-default\">\n\t\t\t\t\t<div class=\"elementor-column elementor-col-100 elementor-top-column elementor-element elementor-element-414f47e\" data-id=\"414f47e\" data-element_type=\"column\">\n\t\t\t<div class=\"elementor-widget-wrap elementor-element-populated\">\n\t\t\t\t\t\t<div class=\"elementor-element elementor-element-279a927 elementor-widget elementor-widget-text-editor\" data-id=\"279a927\" data-element_type=\"widget\" data-widget_type=\"text-editor.default\">\n\t\t\t\t<div class=\"elementor-widget-container\">\n\t\t\t\t\t\t\t\t\t<p>Qu\u00e8 t&#8217;han semblat els 18 parcs m\u00e9s bonics per a visitar a Barcelona que t&#8217;hem presentat? Per a con\u00e8ixer una ciutat en tota la seva ess\u00e8ncia \u00e9s necessari ficar-se en el centre de la bull\u00edcia, per\u00f2 tamb\u00e9 \u00e9s primordial acudir a aquells llocs on van els seus habitants per a descansar i aquests s\u00f3n els seus meravellosos espais verds.<\/p>\t\t\t\t\t\t\t\t<\/div>\n\t\t\t\t<\/div>\n\t\t\t\t\t<\/div>\n\t\t<\/div>\n\t\t\t\t\t<\/div>\n\t\t<\/section>\n\t\t\t\t<section class=\"elementor-section elementor-top-section elementor-element elementor-element-774fd5b elementor-section-boxed elementor-section-height-default elementor-section-height-default\" data-id=\"774fd5b\" data-element_type=\"section\">\n\t\t\t\t\t\t<div class=\"elementor-container elementor-column-gap-default\">\n\t\t\t\t\t<div class=\"elementor-column elementor-col-100 elementor-top-column elementor-element elementor-element-ccb3386\" data-id=\"ccb3386\" data-element_type=\"column\">\n\t\t\t<div class=\"elementor-widget-wrap elementor-element-populated\">\n\t\t\t\t\t\t<div class=\"elementor-element elementor-element-5d6c67c elementor-widget elementor-widget-heading\" data-id=\"5d6c67c\" data-element_type=\"widget\" data-widget_type=\"heading.default\">\n\t\t\t\t<div class=\"elementor-widget-container\">\n\t\t\t\t\t<h2 class=\"elementor-heading-title elementor-size-default\">Altres idees que tamb\u00e9 et poden interessar...<\/h2>\t\t\t\t<\/div>\n\t\t\t\t<\/div>\n\t\t\t\t\t<\/div>\n\t\t<\/div>\n\t\t\t\t\t<\/div>\n\t\t<\/section>\n\t\t\t\t<section class=\"elementor-section elementor-top-section elementor-element elementor-element-b9303aa elementor-section-boxed elementor-section-height-default elementor-section-height-default\" data-id=\"b9303aa\" data-element_type=\"section\">\n\t\t\t\t\t\t<div class=\"elementor-container elementor-column-gap-default\">\n\t\t\t\t\t<div class=\"elementor-column elementor-col-100 elementor-top-column elementor-element elementor-element-4c9811a\" data-id=\"4c9811a\" data-element_type=\"column\">\n\t\t\t<div class=\"elementor-widget-wrap elementor-element-populated\">\n\t\t\t\t\t\t<div class=\"elementor-element elementor-element-1bb3dc4 elementor-grid-4 elementor-grid-tablet-2 elementor-grid-mobile-1 elementor-posts--thumbnail-top elementor-widget elementor-widget-posts\" data-id=\"1bb3dc4\" data-element_type=\"widget\" data-settings=\"{&quot;classic_columns&quot;:&quot;4&quot;,&quot;classic_columns_tablet&quot;:&quot;2&quot;,&quot;classic_columns_mobile&quot;:&quot;1&quot;,&quot;classic_row_gap&quot;:{&quot;unit&quot;:&quot;px&quot;,&quot;size&quot;:35,&quot;sizes&quot;:[]},&quot;classic_row_gap_tablet&quot;:{&quot;unit&quot;:&quot;px&quot;,&quot;size&quot;:&quot;&quot;,&quot;sizes&quot;:[]},&quot;classic_row_gap_mobile&quot;:{&quot;unit&quot;:&quot;px&quot;,&quot;size&quot;:&quot;&quot;,&quot;sizes&quot;:[]}}\" data-widget_type=\"posts.classic\">\n\t\t\t\t<div class=\"elementor-widget-container\">\n\t\t\t\t\t\t\t<div class=\"elementor-posts-container elementor-posts elementor-posts--skin-classic elementor-grid\" role=\"list\">\n\t\t\t\t<article class=\"elementor-post elementor-grid-item post-23735 post type-post status-publish format-standard has-post-thumbnail hentry category-idees tag-blog-barcelona tag-ideas\" role=\"listitem\">\n\t\t\t\t<a class=\"elementor-post__thumbnail__link\" href=\"https:\/\/www.willysplan.com\/ca\/idees\/tours-i-rutes-per-coneixer-la-guerra-civil-espanyola-a-barcelona\" tabindex=\"-1\" >\n\t\t\t<div class=\"elementor-post__thumbnail\"><img loading=\"lazy\" decoding=\"async\" width=\"300\" height=\"177\" src=\"https:\/\/www.willysplan.com\/wp-content\/uploads\/2023\/04\/placa-felip-neri-300x177.jpg\" class=\"attachment-medium size-medium wp-image-17875\" alt=\"pla\u00e7a felip neri\" srcset=\"https:\/\/www.willysplan.com\/wp-content\/uploads\/2023\/04\/placa-felip-neri-300x177.jpg 300w, https:\/\/www.willysplan.com\/wp-content\/uploads\/2023\/04\/placa-felip-neri-1024x603.jpg 1024w, https:\/\/www.willysplan.com\/wp-content\/uploads\/2023\/04\/placa-felip-neri-768x452.jpg 768w, https:\/\/www.willysplan.com\/wp-content\/uploads\/2023\/04\/placa-felip-neri-600x353.jpg 600w, https:\/\/www.willysplan.com\/wp-content\/uploads\/2023\/04\/placa-felip-neri.jpg 1262w\" sizes=\"(max-width: 300px) 100vw, 300px\" \/><\/div>\n\t\t<\/a>\n\t\t\t\t<div class=\"elementor-post__text\">\n\t\t\t\t<h4 class=\"elementor-post__title\">\n\t\t\t<a href=\"https:\/\/www.willysplan.com\/ca\/idees\/tours-i-rutes-per-coneixer-la-guerra-civil-espanyola-a-barcelona\" >\n\t\t\t\tTours i rutes per con\u00e8ixer la guerra civil espanyola a Barcelona\t\t\t<\/a>\n\t\t<\/h4>\n\t\t\t\t<\/div>\n\t\t\t\t<\/article>\n\t\t\t\t<article class=\"elementor-post elementor-grid-item post-22039 post type-post status-publish format-standard has-post-thumbnail hentry category-ideas tag-blog-barcelona tag-ideas\" role=\"listitem\">\n\t\t\t\t<a class=\"elementor-post__thumbnail__link\" href=\"https:\/\/www.willysplan.com\/ca\/ideas\/museos-gratis-en-barcelona\" tabindex=\"-1\" >\n\t\t\t<div class=\"elementor-post__thumbnail\"><img loading=\"lazy\" decoding=\"async\" width=\"300\" height=\"199\" src=\"https:\/\/www.willysplan.com\/wp-content\/uploads\/2023\/05\/museu-arqueologia-barcelona-300x199.png\" class=\"attachment-medium size-medium wp-image-20108\" alt=\"museu d&#039;arqueolog\u00eda de Barcelona desde fora\" srcset=\"https:\/\/www.willysplan.com\/wp-content\/uploads\/2023\/05\/museu-arqueologia-barcelona-300x199.png 300w, https:\/\/www.willysplan.com\/wp-content\/uploads\/2023\/05\/museu-arqueologia-barcelona-1024x678.png 1024w, https:\/\/www.willysplan.com\/wp-content\/uploads\/2023\/05\/museu-arqueologia-barcelona-768x508.png 768w, https:\/\/www.willysplan.com\/wp-content\/uploads\/2023\/05\/museu-arqueologia-barcelona-930x620.png 930w, https:\/\/www.willysplan.com\/wp-content\/uploads\/2023\/05\/museu-arqueologia-barcelona-600x397.png 600w, https:\/\/www.willysplan.com\/wp-content\/uploads\/2023\/05\/museu-arqueologia-barcelona.png 1360w\" sizes=\"(max-width: 300px) 100vw, 300px\" \/><\/div>\n\t\t<\/a>\n\t\t\t\t<div class=\"elementor-post__text\">\n\t\t\t\t<h4 class=\"elementor-post__title\">\n\t\t\t<a href=\"https:\/\/www.willysplan.com\/ca\/ideas\/museos-gratis-en-barcelona\" >\n\t\t\t\tMuseos gratis en Barcelona: D\u00f3nde y Cu\u00e1ndo\t\t\t<\/a>\n\t\t<\/h4>\n\t\t\t\t<\/div>\n\t\t\t\t<\/article>\n\t\t\t\t<article class=\"elementor-post elementor-grid-item post-20201 post type-post status-publish format-standard has-post-thumbnail hentry category-ideas tag-blog-barcelona tag-ideas\" role=\"listitem\">\n\t\t\t\t<a class=\"elementor-post__thumbnail__link\" href=\"https:\/\/www.willysplan.com\/ca\/ideas\/playas-nudistas-barcelona\" tabindex=\"-1\" >\n\t\t\t<div class=\"elementor-post__thumbnail\"><img loading=\"lazy\" decoding=\"async\" width=\"300\" height=\"169\" src=\"https:\/\/www.willysplan.com\/wp-content\/uploads\/2023\/05\/Screenshot-2023-05-19-at-08.03.05-300x169.png\" class=\"attachment-medium size-medium wp-image-19834\" alt=\"\" srcset=\"https:\/\/www.willysplan.com\/wp-content\/uploads\/2023\/05\/Screenshot-2023-05-19-at-08.03.05-300x169.png 300w, https:\/\/www.willysplan.com\/wp-content\/uploads\/2023\/05\/Screenshot-2023-05-19-at-08.03.05-1024x575.png 1024w, https:\/\/www.willysplan.com\/wp-content\/uploads\/2023\/05\/Screenshot-2023-05-19-at-08.03.05-768x431.png 768w, https:\/\/www.willysplan.com\/wp-content\/uploads\/2023\/05\/Screenshot-2023-05-19-at-08.03.05-600x337.png 600w, https:\/\/www.willysplan.com\/wp-content\/uploads\/2023\/05\/Screenshot-2023-05-19-at-08.03.05.png 1474w\" sizes=\"(max-width: 300px) 100vw, 300px\" \/><\/div>\n\t\t<\/a>\n\t\t\t\t<div class=\"elementor-post__text\">\n\t\t\t\t<h4 class=\"elementor-post__title\">\n\t\t\t<a href=\"https:\/\/www.willysplan.com\/ca\/ideas\/playas-nudistas-barcelona\" >\n\t\t\t\tLas 20 mejores playas nudistas de Barcelona\t\t\t<\/a>\n\t\t<\/h4>\n\t\t\t\t<\/div>\n\t\t\t\t<\/article>\n\t\t\t\t<article class=\"elementor-post elementor-grid-item post-23826 post type-post status-publish format-standard has-post-thumbnail hentry category-idees tag-ideas\" role=\"listitem\">\n\t\t\t\t<a class=\"elementor-post__thumbnail__link\" href=\"https:\/\/www.willysplan.com\/ca\/idees\/que-veure-i-que-fer-al-barri-gotic-de-barcelona\" tabindex=\"-1\" >\n\t\t\t<div class=\"elementor-post__thumbnail\"><img loading=\"lazy\" decoding=\"async\" width=\"300\" height=\"200\" src=\"https:\/\/www.willysplan.com\/wp-content\/uploads\/2022\/06\/barrio-gotico-noche-300x200.webp\" class=\"attachment-medium size-medium wp-image-14911\" alt=\"barrio-gotico-noche\" srcset=\"https:\/\/www.willysplan.com\/wp-content\/uploads\/2022\/06\/barrio-gotico-noche-300x200.webp 300w, https:\/\/www.willysplan.com\/wp-content\/uploads\/2022\/06\/barrio-gotico-noche-768x513.webp 768w, https:\/\/www.willysplan.com\/wp-content\/uploads\/2022\/06\/barrio-gotico-noche-600x401.webp 600w, https:\/\/www.willysplan.com\/wp-content\/uploads\/2022\/06\/barrio-gotico-noche.webp 780w\" sizes=\"(max-width: 300px) 100vw, 300px\" \/><\/div>\n\t\t<\/a>\n\t\t\t\t<div class=\"elementor-post__text\">\n\t\t\t\t<h4 class=\"elementor-post__title\">\n\t\t\t<a href=\"https:\/\/www.willysplan.com\/ca\/idees\/que-veure-i-que-fer-al-barri-gotic-de-barcelona\" >\n\t\t\t\tQu\u00e8 veure i qu\u00e8 fer al Barri G\u00f2tic de Barcelona\t\t\t<\/a>\n\t\t<\/h4>\n\t\t\t\t<\/div>\n\t\t\t\t<\/article>\n\t\t\t\t<\/div>\n\t\t\n\t\t\t\t\t\t<\/div>\n\t\t\t\t<\/div>\n\t\t\t\t\t<\/div>\n\t\t<\/div>\n\t\t\t\t\t<\/div>\n\t\t<\/section>\n\t\t\t\t<\/div>\n\t\t","protected":false},"excerpt":{"rendered":"<p>Vols con\u00e8ixer els parcs m\u00e9s bonics per a visitar a Barcelona, que et permetran desconnectar del soroll, del tr\u00e0nsit, del fum i de l&#8217;estr\u00e8s de<\/p>\n","protected":false},"author":1,"featured_media":20085,"comment_status":"closed","ping_status":"closed","sticky":false,"template":"","format":"standard","meta":{"neve_meta_sidebar":"","neve_meta_container":"","neve_meta_enable_content_width":"","neve_meta_content_width":0,"neve_meta_title_alignment":"","neve_meta_author_avatar":"","neve_post_elements_order":"","neve_meta_disable_header":"","neve_meta_disable_footer":"","neve_meta_disable_title":"","_joinchat":[],"footnotes":""},"categories":[462],"tags":[461],"class_list":["post-20845","post","type-post","status-publish","format-standard","has-post-thumbnail","hentry","category-idees","tag-idees"],"yoast_head":"<!-- This site is optimized with the Yoast SEO Premium plugin v20.1 (Yoast SEO v26.9) - https:\/\/yoast.com\/product\/yoast-seo-premium-wordpress\/ -->\n<title>Els 18 parcs m\u00e9s bonics per a visitar a Barcelona - Willy\u2019s Plan<\/title>\n<meta name=\"description\" content=\"Coneixes els millors parcs de Barcelona? \u2705 Descobreix els parcs m\u00e9s bonics i jardins m\u00e9s xulos de Barcelona per a gaudir amb nens, parella...\" \/>\n<meta name=\"robots\" content=\"index, follow, max-snippet:-1, max-image-preview:large, max-video-preview:-1\" \/>\n<link rel=\"canonical\" href=\"https:\/\/www.willysplan.com\/ca\/idees\/els-18-parcs-mes-bonics-per-a-visitar-en-barcelona\" \/>\n<meta property=\"og:locale\" content=\"ca_ES\" \/>\n<meta property=\"og:type\" content=\"article\" \/>\n<meta property=\"og:title\" content=\"Els 18 parcs m\u00e9s bonics per a visitar a Barcelona\" \/>\n<meta property=\"og:description\" content=\"Coneixes els millors parcs de Barcelona? \u2705 Descobreix els parcs m\u00e9s bonics i jardins m\u00e9s xulos de Barcelona per a gaudir amb nens, parella...\" \/>\n<meta property=\"og:url\" content=\"https:\/\/www.willysplan.com\/ca\/idees\/els-18-parcs-mes-bonics-per-a-visitar-en-barcelona\" \/>\n<meta property=\"og:site_name\" content=\"Willy&#039;s Plan \ud83c\udf43\" \/>\n<meta property=\"article:published_time\" content=\"2023-06-17T16:41:16+00:00\" \/>\n<meta property=\"article:modified_time\" content=\"2023-07-29T13:37:41+00:00\" \/>\n<meta property=\"og:image\" content=\"https:\/\/www.willysplan.com\/wp-content\/uploads\/2023\/05\/laberint-horta-1024x617.png\" \/>\n\t<meta property=\"og:image:width\" content=\"1024\" \/>\n\t<meta property=\"og:image:height\" content=\"617\" \/>\n\t<meta property=\"og:image:type\" content=\"image\/png\" \/>\n<meta name=\"author\" content=\"admin\" \/>\n<meta name=\"twitter:card\" content=\"summary_large_image\" \/>\n<meta name=\"twitter:label1\" content=\"Escrit per\" \/>\n\t<meta name=\"twitter:data1\" content=\"admin\" \/>\n\t<meta name=\"twitter:label2\" content=\"Temps estimat de lectura\" \/>\n\t<meta name=\"twitter:data2\" content=\"9 minuts\" \/>\n<script type=\"application\/ld+json\" class=\"yoast-schema-graph\">{\"@context\":\"https:\/\/schema.org\",\"@graph\":[{\"@type\":\"Article\",\"@id\":\"https:\/\/www.willysplan.com\/ca\/idees\/els-18-parcs-mes-bonics-per-a-visitar-en-barcelona#article\",\"isPartOf\":{\"@id\":\"https:\/\/www.willysplan.com\/ca\/idees\/els-18-parcs-mes-bonics-per-a-visitar-en-barcelona\"},\"author\":{\"name\":\"admin\",\"@id\":\"https:\/\/www.willysplan.com\/#\/schema\/person\/58c1527a9a42e9b18a877f14136f1d47\"},\"headline\":\"Els 18 parcs m\u00e9s bonics per a visitar a Barcelona\",\"datePublished\":\"2023-06-17T16:41:16+00:00\",\"dateModified\":\"2023-07-29T13:37:41+00:00\",\"mainEntityOfPage\":{\"@id\":\"https:\/\/www.willysplan.com\/ca\/idees\/els-18-parcs-mes-bonics-per-a-visitar-en-barcelona\"},\"wordCount\":2386,\"publisher\":{\"@id\":\"https:\/\/www.willysplan.com\/#organization\"},\"image\":{\"@id\":\"https:\/\/www.willysplan.com\/ca\/idees\/els-18-parcs-mes-bonics-per-a-visitar-en-barcelona#primaryimage\"},\"thumbnailUrl\":\"https:\/\/www.willysplan.com\/wp-content\/uploads\/2023\/05\/laberint-horta.png\",\"keywords\":[\"idees\"],\"articleSection\":[\"Idees\"],\"inLanguage\":\"ca\"},{\"@type\":\"WebPage\",\"@id\":\"https:\/\/www.willysplan.com\/ca\/idees\/els-18-parcs-mes-bonics-per-a-visitar-en-barcelona\",\"url\":\"https:\/\/www.willysplan.com\/ca\/idees\/els-18-parcs-mes-bonics-per-a-visitar-en-barcelona\",\"name\":\"Els 18 parcs m\u00e9s bonics per a visitar a Barcelona - Willy\u2019s Plan\",\"isPartOf\":{\"@id\":\"https:\/\/www.willysplan.com\/#website\"},\"primaryImageOfPage\":{\"@id\":\"https:\/\/www.willysplan.com\/ca\/idees\/els-18-parcs-mes-bonics-per-a-visitar-en-barcelona#primaryimage\"},\"image\":{\"@id\":\"https:\/\/www.willysplan.com\/ca\/idees\/els-18-parcs-mes-bonics-per-a-visitar-en-barcelona#primaryimage\"},\"thumbnailUrl\":\"https:\/\/www.willysplan.com\/wp-content\/uploads\/2023\/05\/laberint-horta.png\",\"datePublished\":\"2023-06-17T16:41:16+00:00\",\"dateModified\":\"2023-07-29T13:37:41+00:00\",\"description\":\"Coneixes els millors parcs de Barcelona? \u2705 Descobreix els parcs m\u00e9s bonics i jardins m\u00e9s xulos de Barcelona per a gaudir amb nens, parella...\",\"inLanguage\":\"ca\",\"potentialAction\":[{\"@type\":\"ReadAction\",\"target\":[\"https:\/\/www.willysplan.com\/ca\/idees\/els-18-parcs-mes-bonics-per-a-visitar-en-barcelona\"]}]},{\"@type\":\"ImageObject\",\"inLanguage\":\"ca\",\"@id\":\"https:\/\/www.willysplan.com\/ca\/idees\/els-18-parcs-mes-bonics-per-a-visitar-en-barcelona#primaryimage\",\"url\":\"https:\/\/www.willysplan.com\/wp-content\/uploads\/2023\/05\/laberint-horta.png\",\"contentUrl\":\"https:\/\/www.willysplan.com\/wp-content\/uploads\/2023\/05\/laberint-horta.png\",\"width\":1664,\"height\":1002,\"caption\":\"laberint-horta\"},{\"@type\":\"WebSite\",\"@id\":\"https:\/\/www.willysplan.com\/#website\",\"url\":\"https:\/\/www.willysplan.com\/\",\"name\":\"Willy&#039;s Plan \ud83c\udf43\",\"description\":\"Escapadas y Planes de fin de semana\",\"publisher\":{\"@id\":\"https:\/\/www.willysplan.com\/#organization\"},\"potentialAction\":[{\"@type\":\"SearchAction\",\"target\":{\"@type\":\"EntryPoint\",\"urlTemplate\":\"https:\/\/www.willysplan.com\/?s={search_term_string}\"},\"query-input\":{\"@type\":\"PropertyValueSpecification\",\"valueRequired\":true,\"valueName\":\"search_term_string\"}}],\"inLanguage\":\"ca\"},{\"@type\":\"Organization\",\"@id\":\"https:\/\/www.willysplan.com\/#organization\",\"name\":\"Willy&#039;s Plan \ud83c\udf43\",\"url\":\"https:\/\/www.willysplan.com\/\",\"logo\":{\"@type\":\"ImageObject\",\"inLanguage\":\"ca\",\"@id\":\"https:\/\/www.willysplan.com\/#\/schema\/logo\/image\/\",\"url\":\"https:\/\/www.willysplan.com\/wp-content\/uploads\/2020\/04\/cropped-logo-1.png\",\"contentUrl\":\"https:\/\/www.willysplan.com\/wp-content\/uploads\/2020\/04\/cropped-logo-1.png\",\"width\":332,\"height\":332,\"caption\":\"Willy&#039;s Plan \ud83c\udf43\"},\"image\":{\"@id\":\"https:\/\/www.willysplan.com\/#\/schema\/logo\/image\/\"}},{\"@type\":\"Person\",\"@id\":\"https:\/\/www.willysplan.com\/#\/schema\/person\/58c1527a9a42e9b18a877f14136f1d47\",\"name\":\"admin\",\"image\":{\"@type\":\"ImageObject\",\"inLanguage\":\"ca\",\"@id\":\"https:\/\/www.willysplan.com\/#\/schema\/person\/image\/\",\"url\":\"https:\/\/secure.gravatar.com\/avatar\/0b8d78e655d83cc71e0a6cd6cb0f0f99929604cd70ff0f7ac1713f248945ea9d?s=96&d=mm&r=g\",\"contentUrl\":\"https:\/\/secure.gravatar.com\/avatar\/0b8d78e655d83cc71e0a6cd6cb0f0f99929604cd70ff0f7ac1713f248945ea9d?s=96&d=mm&r=g\",\"caption\":\"admin\"},\"url\":\"https:\/\/www.willysplan.com\/ca\/author\/admin\"}]}<\/script>\n<!-- \/ Yoast SEO Premium plugin. -->","yoast_head_json":{"title":"Els 18 parcs m\u00e9s bonics per a visitar a Barcelona - Willy\u2019s Plan","description":"Coneixes els millors parcs de Barcelona? \u2705 Descobreix els parcs m\u00e9s bonics i jardins m\u00e9s xulos de Barcelona per a gaudir amb nens, parella...","robots":{"index":"index","follow":"follow","max-snippet":"max-snippet:-1","max-image-preview":"max-image-preview:large","max-video-preview":"max-video-preview:-1"},"canonical":"https:\/\/www.willysplan.com\/ca\/idees\/els-18-parcs-mes-bonics-per-a-visitar-en-barcelona","og_locale":"ca_ES","og_type":"article","og_title":"Els 18 parcs m\u00e9s bonics per a visitar a Barcelona","og_description":"Coneixes els millors parcs de Barcelona? \u2705 Descobreix els parcs m\u00e9s bonics i jardins m\u00e9s xulos de Barcelona per a gaudir amb nens, parella...","og_url":"https:\/\/www.willysplan.com\/ca\/idees\/els-18-parcs-mes-bonics-per-a-visitar-en-barcelona","og_site_name":"Willy&#039;s Plan \ud83c\udf43","article_published_time":"2023-06-17T16:41:16+00:00","article_modified_time":"2023-07-29T13:37:41+00:00","og_image":[{"width":1024,"height":617,"url":"https:\/\/www.willysplan.com\/wp-content\/uploads\/2023\/05\/laberint-horta-1024x617.png","type":"image\/png"}],"author":"admin","twitter_card":"summary_large_image","twitter_misc":{"Escrit per":"admin","Temps estimat de lectura":"9 minuts"},"schema":{"@context":"https:\/\/schema.org","@graph":[{"@type":"Article","@id":"https:\/\/www.willysplan.com\/ca\/idees\/els-18-parcs-mes-bonics-per-a-visitar-en-barcelona#article","isPartOf":{"@id":"https:\/\/www.willysplan.com\/ca\/idees\/els-18-parcs-mes-bonics-per-a-visitar-en-barcelona"},"author":{"name":"admin","@id":"https:\/\/www.willysplan.com\/#\/schema\/person\/58c1527a9a42e9b18a877f14136f1d47"},"headline":"Els 18 parcs m\u00e9s bonics per a visitar a Barcelona","datePublished":"2023-06-17T16:41:16+00:00","dateModified":"2023-07-29T13:37:41+00:00","mainEntityOfPage":{"@id":"https:\/\/www.willysplan.com\/ca\/idees\/els-18-parcs-mes-bonics-per-a-visitar-en-barcelona"},"wordCount":2386,"publisher":{"@id":"https:\/\/www.willysplan.com\/#organization"},"image":{"@id":"https:\/\/www.willysplan.com\/ca\/idees\/els-18-parcs-mes-bonics-per-a-visitar-en-barcelona#primaryimage"},"thumbnailUrl":"https:\/\/www.willysplan.com\/wp-content\/uploads\/2023\/05\/laberint-horta.png","keywords":["idees"],"articleSection":["Idees"],"inLanguage":"ca"},{"@type":"WebPage","@id":"https:\/\/www.willysplan.com\/ca\/idees\/els-18-parcs-mes-bonics-per-a-visitar-en-barcelona","url":"https:\/\/www.willysplan.com\/ca\/idees\/els-18-parcs-mes-bonics-per-a-visitar-en-barcelona","name":"Els 18 parcs m\u00e9s bonics per a visitar a Barcelona - Willy\u2019s Plan","isPartOf":{"@id":"https:\/\/www.willysplan.com\/#website"},"primaryImageOfPage":{"@id":"https:\/\/www.willysplan.com\/ca\/idees\/els-18-parcs-mes-bonics-per-a-visitar-en-barcelona#primaryimage"},"image":{"@id":"https:\/\/www.willysplan.com\/ca\/idees\/els-18-parcs-mes-bonics-per-a-visitar-en-barcelona#primaryimage"},"thumbnailUrl":"https:\/\/www.willysplan.com\/wp-content\/uploads\/2023\/05\/laberint-horta.png","datePublished":"2023-06-17T16:41:16+00:00","dateModified":"2023-07-29T13:37:41+00:00","description":"Coneixes els millors parcs de Barcelona? \u2705 Descobreix els parcs m\u00e9s bonics i jardins m\u00e9s xulos de Barcelona per a gaudir amb nens, parella...","inLanguage":"ca","potentialAction":[{"@type":"ReadAction","target":["https:\/\/www.willysplan.com\/ca\/idees\/els-18-parcs-mes-bonics-per-a-visitar-en-barcelona"]}]},{"@type":"ImageObject","inLanguage":"ca","@id":"https:\/\/www.willysplan.com\/ca\/idees\/els-18-parcs-mes-bonics-per-a-visitar-en-barcelona#primaryimage","url":"https:\/\/www.willysplan.com\/wp-content\/uploads\/2023\/05\/laberint-horta.png","contentUrl":"https:\/\/www.willysplan.com\/wp-content\/uploads\/2023\/05\/laberint-horta.png","width":1664,"height":1002,"caption":"laberint-horta"},{"@type":"WebSite","@id":"https:\/\/www.willysplan.com\/#website","url":"https:\/\/www.willysplan.com\/","name":"Willy&#039;s Plan \ud83c\udf43","description":"Escapadas y Planes de fin de semana","publisher":{"@id":"https:\/\/www.willysplan.com\/#organization"},"potentialAction":[{"@type":"SearchAction","target":{"@type":"EntryPoint","urlTemplate":"https:\/\/www.willysplan.com\/?s={search_term_string}"},"query-input":{"@type":"PropertyValueSpecification","valueRequired":true,"valueName":"search_term_string"}}],"inLanguage":"ca"},{"@type":"Organization","@id":"https:\/\/www.willysplan.com\/#organization","name":"Willy&#039;s Plan \ud83c\udf43","url":"https:\/\/www.willysplan.com\/","logo":{"@type":"ImageObject","inLanguage":"ca","@id":"https:\/\/www.willysplan.com\/#\/schema\/logo\/image\/","url":"https:\/\/www.willysplan.com\/wp-content\/uploads\/2020\/04\/cropped-logo-1.png","contentUrl":"https:\/\/www.willysplan.com\/wp-content\/uploads\/2020\/04\/cropped-logo-1.png","width":332,"height":332,"caption":"Willy&#039;s Plan \ud83c\udf43"},"image":{"@id":"https:\/\/www.willysplan.com\/#\/schema\/logo\/image\/"}},{"@type":"Person","@id":"https:\/\/www.willysplan.com\/#\/schema\/person\/58c1527a9a42e9b18a877f14136f1d47","name":"admin","image":{"@type":"ImageObject","inLanguage":"ca","@id":"https:\/\/www.willysplan.com\/#\/schema\/person\/image\/","url":"https:\/\/secure.gravatar.com\/avatar\/0b8d78e655d83cc71e0a6cd6cb0f0f99929604cd70ff0f7ac1713f248945ea9d?s=96&d=mm&r=g","contentUrl":"https:\/\/secure.gravatar.com\/avatar\/0b8d78e655d83cc71e0a6cd6cb0f0f99929604cd70ff0f7ac1713f248945ea9d?s=96&d=mm&r=g","caption":"admin"},"url":"https:\/\/www.willysplan.com\/ca\/author\/admin"}]}},"_links":{"self":[{"href":"https:\/\/www.willysplan.com\/ca\/wp-json\/wp\/v2\/posts\/20845","targetHints":{"allow":["GET"]}}],"collection":[{"href":"https:\/\/www.willysplan.com\/ca\/wp-json\/wp\/v2\/posts"}],"about":[{"href":"https:\/\/www.willysplan.com\/ca\/wp-json\/wp\/v2\/types\/post"}],"author":[{"embeddable":true,"href":"https:\/\/www.willysplan.com\/ca\/wp-json\/wp\/v2\/users\/1"}],"replies":[{"embeddable":true,"href":"https:\/\/www.willysplan.com\/ca\/wp-json\/wp\/v2\/comments?post=20845"}],"version-history":[{"count":14,"href":"https:\/\/www.willysplan.com\/ca\/wp-json\/wp\/v2\/posts\/20845\/revisions"}],"predecessor-version":[{"id":21712,"href":"https:\/\/www.willysplan.com\/ca\/wp-json\/wp\/v2\/posts\/20845\/revisions\/21712"}],"wp:featuredmedia":[{"embeddable":true,"href":"https:\/\/www.willysplan.com\/ca\/wp-json\/wp\/v2\/media\/20085"}],"wp:attachment":[{"href":"https:\/\/www.willysplan.com\/ca\/wp-json\/wp\/v2\/media?parent=20845"}],"wp:term":[{"taxonomy":"category","embeddable":true,"href":"https:\/\/www.willysplan.com\/ca\/wp-json\/wp\/v2\/categories?post=20845"},{"taxonomy":"post_tag","embeddable":true,"href":"https:\/\/www.willysplan.com\/ca\/wp-json\/wp\/v2\/tags?post=20845"}],"curies":[{"name":"wp","href":"https:\/\/api.w.org\/{rel}","templated":true}]}}