{"id":18030,"date":"2023-04-11T14:46:19","date_gmt":"2023-04-11T13:46:19","guid":{"rendered":"https:\/\/willysplan.com\/uncategorized-ca\/les-20-millors-coses-a-fer-a-barcelona"},"modified":"2023-07-30T16:23:45","modified_gmt":"2023-07-30T15:23:45","slug":"les-20-millors-coses-a-fer-a-barcelona","status":"publish","type":"post","link":"https:\/\/www.willysplan.com\/ca\/idees\/les-20-millors-coses-a-fer-a-barcelona","title":{"rendered":"Les 20 millors coses a fer a Barcelona"},"content":{"rendered":"\t\t<div data-elementor-type=\"wp-post\" data-elementor-id=\"18030\" class=\"elementor elementor-18030 elementor-17856\" data-elementor-post-type=\"post\">\n\t\t\t\t\t\t<section class=\"elementor-section elementor-top-section elementor-element elementor-element-671cd3c elementor-section-boxed elementor-section-height-default elementor-section-height-default\" data-id=\"671cd3c\" data-element_type=\"section\">\n\t\t\t\t\t\t<div class=\"elementor-container elementor-column-gap-default\">\n\t\t\t\t\t<div class=\"elementor-column elementor-col-100 elementor-top-column elementor-element elementor-element-eaffc38\" data-id=\"eaffc38\" data-element_type=\"column\">\n\t\t\t<div class=\"elementor-widget-wrap elementor-element-populated\">\n\t\t\t\t\t\t<div class=\"elementor-element elementor-element-ac561a4 elementor-widget elementor-widget-text-editor\" data-id=\"ac561a4\" data-element_type=\"widget\" data-widget_type=\"text-editor.default\">\n\t\t\t\t<div class=\"elementor-widget-container\">\n\t\t\t\t\t\t\t\t\t<p><span style=\"font-weight: 400;\">Est\u00e0s buscant les<\/span> <b>20 millors coses a fer a Barcelona<\/b><span style=\"font-weight: 400;\"> perqu\u00e8 mai et faltin els plans a la capital catalana? Doncs est\u00e0s de sort perqu\u00e8 te les mostrarem totes.<\/span><\/p>\n<p><span style=\"font-weight: 400;\">Poques ciutats al m\u00f3n<\/span> <b>tenen tants atractius com la Ciutat Comtal<\/b><span style=\"font-weight: 400;\">: \u00e9s una ciutat cosmopolita, t\u00e9 platges de qualitat, posseeix un gran port, t\u00e9 monuments de patrimoni hist\u00f2ric i art\u00edstic, una serra dins de la pr\u00f2pia urbs, etc. Per aix\u00f2 fer una llista amb nom\u00e9s 20 coses a fer a Barcelona no \u00e9s gaire f\u00e0cil.<\/span><\/p>\n<p><span style=\"font-weight: 400;\">Barcelona \u00e9s una<\/span> <b>ciutat que mai no s&#8217;acaba<\/b> <span style=\"font-weight: 400;\">i que mereixeria una llista amb centenars de punts, perqu\u00e8 fins i tot els seus habitants no han descobert tots els seus encants i racons m\u00e0gics. Per\u00f2 no et preocupis, que no volem aclaparar-te, per aix\u00f2 en aquest article hem fet una selecci\u00f3 dels millors plans per fer a Barcelona.<\/span><\/p>\n\t\t\t\t\t\t\t\t<\/div>\n\t\t\t\t<\/div>\n\t\t\t\t\t<\/div>\n\t\t<\/div>\n\t\t\t\t\t<\/div>\n\t\t<\/section>\n\t\t\t\t<section class=\"elementor-section elementor-top-section elementor-element elementor-element-36fe8d4 elementor-section-boxed elementor-section-height-default elementor-section-height-default\" data-id=\"36fe8d4\" data-element_type=\"section\">\n\t\t\t\t\t\t<div class=\"elementor-container elementor-column-gap-default\">\n\t\t\t\t\t<div class=\"elementor-column elementor-col-100 elementor-top-column elementor-element elementor-element-da527a3\" data-id=\"da527a3\" data-element_type=\"column\">\n\t\t\t<div class=\"elementor-widget-wrap elementor-element-populated\">\n\t\t\t\t\t\t<div class=\"elementor-element elementor-element-005077d elementor-widget elementor-widget-heading\" data-id=\"005077d\" data-element_type=\"widget\" data-widget_type=\"heading.default\">\n\t\t\t\t<div class=\"elementor-widget-container\">\n\t\t\t\t\t<h2 class=\"elementor-heading-title elementor-size-default\">1. Comen\u00e7a amb un Free Tour per Barcelona<\/h2>\t\t\t\t<\/div>\n\t\t\t\t<\/div>\n\t\t\t\t\t<\/div>\n\t\t<\/div>\n\t\t\t\t\t<\/div>\n\t\t<\/section>\n\t\t\t\t<section class=\"elementor-section elementor-top-section elementor-element elementor-element-ec7d9c0 elementor-section-boxed elementor-section-height-default elementor-section-height-default\" data-id=\"ec7d9c0\" data-element_type=\"section\">\n\t\t\t\t\t\t<div class=\"elementor-container elementor-column-gap-default\">\n\t\t\t\t\t<div class=\"elementor-column elementor-col-50 elementor-top-column elementor-element elementor-element-1bee018\" data-id=\"1bee018\" data-element_type=\"column\">\n\t\t\t<div class=\"elementor-widget-wrap elementor-element-populated\">\n\t\t\t\t\t\t<div class=\"elementor-element elementor-element-a63218a elementor-widget elementor-widget-image\" data-id=\"a63218a\" data-element_type=\"widget\" data-widget_type=\"image.default\">\n\t\t\t\t<div class=\"elementor-widget-container\">\n\t\t\t\t\t\t\t\t\t\t\t\t\t\t\t<img fetchpriority=\"high\" decoding=\"async\" width=\"1024\" height=\"575\" src=\"https:\/\/www.willysplan.com\/wp-content\/uploads\/2023\/04\/free-tour-barcelona.jpeg\" class=\"attachment-large size-large wp-image-17869\" alt=\"free tour barcelona\" srcset=\"https:\/\/www.willysplan.com\/wp-content\/uploads\/2023\/04\/free-tour-barcelona.jpeg 1024w, https:\/\/www.willysplan.com\/wp-content\/uploads\/2023\/04\/free-tour-barcelona-300x168.jpeg 300w, https:\/\/www.willysplan.com\/wp-content\/uploads\/2023\/04\/free-tour-barcelona-768x431.jpeg 768w, https:\/\/www.willysplan.com\/wp-content\/uploads\/2023\/04\/free-tour-barcelona-600x337.jpeg 600w\" sizes=\"(max-width: 1024px) 100vw, 1024px\" \/>\t\t\t\t\t\t\t\t\t\t\t\t\t\t\t<\/div>\n\t\t\t\t<\/div>\n\t\t\t\t\t<\/div>\n\t\t<\/div>\n\t\t\t\t<div class=\"elementor-column elementor-col-50 elementor-top-column elementor-element elementor-element-8fdc606\" data-id=\"8fdc606\" data-element_type=\"column\">\n\t\t\t<div class=\"elementor-widget-wrap elementor-element-populated\">\n\t\t\t\t\t\t<div class=\"elementor-element elementor-element-1fbb8e3 elementor-widget elementor-widget-image\" data-id=\"1fbb8e3\" data-element_type=\"widget\" data-widget_type=\"image.default\">\n\t\t\t\t<div class=\"elementor-widget-container\">\n\t\t\t\t\t\t\t\t\t\t\t\t\t\t\t<img decoding=\"async\" width=\"1024\" height=\"576\" src=\"https:\/\/www.willysplan.com\/wp-content\/uploads\/2023\/04\/WhatsApp-Image-2023-01-13-at-17.41.47-1.jpeg\" class=\"attachment-large size-large wp-image-17872\" alt=\"\" srcset=\"https:\/\/www.willysplan.com\/wp-content\/uploads\/2023\/04\/WhatsApp-Image-2023-01-13-at-17.41.47-1.jpeg 1024w, https:\/\/www.willysplan.com\/wp-content\/uploads\/2023\/04\/WhatsApp-Image-2023-01-13-at-17.41.47-1-300x169.jpeg 300w, https:\/\/www.willysplan.com\/wp-content\/uploads\/2023\/04\/WhatsApp-Image-2023-01-13-at-17.41.47-1-768x432.jpeg 768w, https:\/\/www.willysplan.com\/wp-content\/uploads\/2023\/04\/WhatsApp-Image-2023-01-13-at-17.41.47-1-600x338.jpeg 600w\" sizes=\"(max-width: 1024px) 100vw, 1024px\" \/>\t\t\t\t\t\t\t\t\t\t\t\t\t\t\t<\/div>\n\t\t\t\t<\/div>\n\t\t\t\t\t<\/div>\n\t\t<\/div>\n\t\t\t\t\t<\/div>\n\t\t<\/section>\n\t\t\t\t<section class=\"elementor-section elementor-top-section elementor-element elementor-element-4e88c10 elementor-section-boxed elementor-section-height-default elementor-section-height-default\" data-id=\"4e88c10\" data-element_type=\"section\">\n\t\t\t\t\t\t<div class=\"elementor-container elementor-column-gap-default\">\n\t\t\t\t\t<div class=\"elementor-column elementor-col-100 elementor-top-column elementor-element elementor-element-8ccc3a4\" data-id=\"8ccc3a4\" data-element_type=\"column\">\n\t\t\t<div class=\"elementor-widget-wrap elementor-element-populated\">\n\t\t\t\t\t\t<div class=\"elementor-element elementor-element-39dc59f elementor-widget elementor-widget-text-editor\" data-id=\"39dc59f\" data-element_type=\"widget\" data-widget_type=\"text-editor.default\">\n\t\t\t\t<div class=\"elementor-widget-container\">\n\t\t\t\t\t\t\t\t\t<p><span style=\"font-weight: 400;\">Si vols con\u00e8ixer els llocs divertits de Barcelona i descobrir racons amagats, on les llegendes i la hist\u00f2ria s&#8217;uneixen per formar el car\u00e0cter tan propi dels catalans, un Free<\/span> <b>Tour<\/b><span style=\"font-weight: 400;\"> pot ser el pla m\u00e9s recomanat per a tu. Es tracta de rutes molt amenes que et serveixen per comen\u00e7ar a con\u00e8ixer la ciutat i emportar-te suggeriments per a la resta de la teva visita.<\/span><\/p>\n<p><span style=\"font-weight: 400;\">El millor de tot \u00e9s que no tenen un preu establert, sin\u00f3 que tu<\/span> <b>pagar\u00e0s la quantitat que creguis que es mereix la teva guia,<\/b><span style=\"font-weight: 400;\"> en acabar el recorregut. Sens dubte, aquesta \u00e9s una de les millors coses a fer a Barcelona, per als viatgers m\u00e9s curiosos.<\/span><\/p>\n\t\t\t\t\t\t\t\t<\/div>\n\t\t\t\t<\/div>\n\t\t\t\t\t<\/div>\n\t\t<\/div>\n\t\t\t\t\t<\/div>\n\t\t<\/section>\n\t\t\t\t<section class=\"elementor-section elementor-top-section elementor-element elementor-element-7f4c7b3 elementor-section-boxed elementor-section-height-default elementor-section-height-default\" data-id=\"7f4c7b3\" data-element_type=\"section\">\n\t\t\t\t\t\t<div class=\"elementor-container elementor-column-gap-default\">\n\t\t\t\t\t<div class=\"elementor-column elementor-col-100 elementor-top-column elementor-element elementor-element-6186e27\" data-id=\"6186e27\" data-element_type=\"column\">\n\t\t\t<div class=\"elementor-widget-wrap elementor-element-populated\">\n\t\t\t\t\t\t<div class=\"elementor-element elementor-element-f148a1d elementor-widget elementor-widget-text-editor\" data-id=\"f148a1d\" data-element_type=\"widget\" data-widget_type=\"text-editor.default\">\n\t\t\t\t<div class=\"elementor-widget-container\">\n\t\t\t\t\t\t\t\t\t<p>Tot seguit et deixem alguns dels millors free tours que pots trobar a la ciutat, perqu\u00e8 aprofitis la teva estada a Barcelona el m\u00e0xim possible:<\/p>\n\t\t\t\t\t\t\t\t<\/div>\n\t\t\t\t<\/div>\n\t\t\t\t\t<\/div>\n\t\t<\/div>\n\t\t\t\t\t<\/div>\n\t\t<\/section>\n\t\t\t\t<section class=\"elementor-section elementor-top-section elementor-element elementor-element-509b656 elementor-section-boxed elementor-section-height-default elementor-section-height-default\" data-id=\"509b656\" data-element_type=\"section\">\n\t\t\t\t\t\t<div class=\"elementor-container elementor-column-gap-default\">\n\t\t\t\t\t<div class=\"elementor-column elementor-col-100 elementor-top-column elementor-element elementor-element-42375d3\" data-id=\"42375d3\" data-element_type=\"column\">\n\t\t\t<div class=\"elementor-widget-wrap elementor-element-populated\">\n\t\t\t\t\t\t<div class=\"elementor-element elementor-element-c2860fb elementor-widget elementor-widget-html\" data-id=\"c2860fb\" data-element_type=\"widget\" data-widget_type=\"html.default\">\n\t\t\t\t<div class=\"elementor-widget-container\">\n\t\t\t\t\t<script async=\"\" defer src=\"https:\/\/assets.guruwalk.com\/affiliates\/widget.min.js\"><\/script><guruwalk-tour-cards affiliate=\"xyv3os7s26pra5mlsbxy\" city=\"barcelona\" lang=\"es\" text-color=\"#484848\" primary-color=\"#ff5a5f\" secondary-color=\"#008489\" limit=\"3\" description=\"none\"><\/guruwalk-tour-cards>\t\t\t\t<\/div>\n\t\t\t\t<\/div>\n\t\t\t\t\t<\/div>\n\t\t<\/div>\n\t\t\t\t\t<\/div>\n\t\t<\/section>\n\t\t\t\t<section class=\"elementor-section elementor-top-section elementor-element elementor-element-87a37a6 elementor-section-boxed elementor-section-height-default elementor-section-height-default\" data-id=\"87a37a6\" data-element_type=\"section\">\n\t\t\t\t\t\t<div class=\"elementor-container elementor-column-gap-default\">\n\t\t\t\t\t<div class=\"elementor-column elementor-col-100 elementor-top-column elementor-element elementor-element-33575ee\" data-id=\"33575ee\" data-element_type=\"column\">\n\t\t\t<div class=\"elementor-widget-wrap elementor-element-populated\">\n\t\t\t\t\t\t<div class=\"elementor-element elementor-element-b68e0e4 elementor-align-center elementor-widget elementor-widget-button\" data-id=\"b68e0e4\" data-element_type=\"widget\" data-widget_type=\"button.default\">\n\t\t\t\t<div class=\"elementor-widget-container\">\n\t\t\t\t\t\t\t\t\t<div class=\"elementor-button-wrapper\">\n\t\t\t\t\t<a class=\"elementor-button elementor-button-link elementor-size-md\" href=\"https:\/\/www.willysplan.com\/ca\/free-walking-tours-a-barcelona\">\n\t\t\t\t\t\t<span class=\"elementor-button-content-wrapper\">\n\t\t\t\t\t\t\t\t\t<span class=\"elementor-button-text\">Veure tots els free tours<\/span>\n\t\t\t\t\t<\/span>\n\t\t\t\t\t<\/a>\n\t\t\t\t<\/div>\n\t\t\t\t\t\t\t\t<\/div>\n\t\t\t\t<\/div>\n\t\t\t\t\t<\/div>\n\t\t<\/div>\n\t\t\t\t\t<\/div>\n\t\t<\/section>\n\t\t\t\t<section class=\"elementor-section elementor-top-section elementor-element elementor-element-cf26dc9 elementor-section-boxed elementor-section-height-default elementor-section-height-default\" data-id=\"cf26dc9\" data-element_type=\"section\">\n\t\t\t\t\t\t<div class=\"elementor-container elementor-column-gap-default\">\n\t\t\t\t\t<div class=\"elementor-column elementor-col-100 elementor-top-column elementor-element elementor-element-5689fda\" data-id=\"5689fda\" data-element_type=\"column\">\n\t\t\t<div class=\"elementor-widget-wrap elementor-element-populated\">\n\t\t\t\t\t\t<div class=\"elementor-element elementor-element-ec10ffc elementor-widget elementor-widget-heading\" data-id=\"ec10ffc\" data-element_type=\"widget\" data-widget_type=\"heading.default\">\n\t\t\t\t<div class=\"elementor-widget-container\">\n\t\t\t\t\t<h2 class=\"elementor-heading-title elementor-size-default\">2. Visita la Catedral de Barcelona<\/h2>\t\t\t\t<\/div>\n\t\t\t\t<\/div>\n\t\t\t\t\t<\/div>\n\t\t<\/div>\n\t\t\t\t\t<\/div>\n\t\t<\/section>\n\t\t\t\t<section class=\"elementor-section elementor-top-section elementor-element elementor-element-36de432 elementor-section-boxed elementor-section-height-default elementor-section-height-default\" data-id=\"36de432\" data-element_type=\"section\">\n\t\t\t\t\t\t<div class=\"elementor-container elementor-column-gap-default\">\n\t\t\t\t\t<div class=\"elementor-column elementor-col-50 elementor-top-column elementor-element elementor-element-30a85ea\" data-id=\"30a85ea\" data-element_type=\"column\">\n\t\t\t<div class=\"elementor-widget-wrap elementor-element-populated\">\n\t\t\t\t\t\t<div class=\"elementor-element elementor-element-254baa4 elementor-widget elementor-widget-image\" data-id=\"254baa4\" data-element_type=\"widget\" data-widget_type=\"image.default\">\n\t\t\t\t<div class=\"elementor-widget-container\">\n\t\t\t\t\t\t\t\t\t\t\t\t\t\t\t<img decoding=\"async\" width=\"572\" height=\"500\" src=\"https:\/\/www.willysplan.com\/wp-content\/uploads\/2021\/11\/catedralbarcelona.jpg\" class=\"attachment-medium_large size-medium_large wp-image-14445\" alt=\"\" srcset=\"https:\/\/www.willysplan.com\/wp-content\/uploads\/2021\/11\/catedralbarcelona.jpg 572w, https:\/\/www.willysplan.com\/wp-content\/uploads\/2021\/11\/catedralbarcelona-300x262.jpg 300w\" sizes=\"(max-width: 572px) 100vw, 572px\" \/>\t\t\t\t\t\t\t\t\t\t\t\t\t\t\t<\/div>\n\t\t\t\t<\/div>\n\t\t\t\t\t<\/div>\n\t\t<\/div>\n\t\t\t\t<div class=\"elementor-column elementor-col-50 elementor-top-column elementor-element elementor-element-391cda5\" data-id=\"391cda5\" data-element_type=\"column\">\n\t\t\t<div class=\"elementor-widget-wrap elementor-element-populated\">\n\t\t\t\t\t\t<div class=\"elementor-element elementor-element-b390bb5 elementor-widget elementor-widget-google_maps\" data-id=\"b390bb5\" data-element_type=\"widget\" data-widget_type=\"google_maps.default\">\n\t\t\t\t<div class=\"elementor-widget-container\">\n\t\t\t\t\t\t\t<div class=\"elementor-custom-embed\">\n\t\t\t<iframe loading=\"lazy\"\n\t\t\t\t\tsrc=\"https:\/\/maps.google.com\/maps?q=catedral%20de%20barcelona&#038;t=m&#038;z=10&#038;output=embed&#038;iwloc=near\"\n\t\t\t\t\ttitle=\"catedral de barcelona\"\n\t\t\t\t\taria-label=\"catedral de barcelona\"\n\t\t\t><\/iframe>\n\t\t<\/div>\n\t\t\t\t\t\t<\/div>\n\t\t\t\t<\/div>\n\t\t\t\t\t<\/div>\n\t\t<\/div>\n\t\t\t\t\t<\/div>\n\t\t<\/section>\n\t\t\t\t<section class=\"elementor-section elementor-top-section elementor-element elementor-element-090337d elementor-section-boxed elementor-section-height-default elementor-section-height-default\" data-id=\"090337d\" data-element_type=\"section\">\n\t\t\t\t\t\t<div class=\"elementor-container elementor-column-gap-default\">\n\t\t\t\t\t<div class=\"elementor-column elementor-col-100 elementor-top-column elementor-element elementor-element-10259a1\" data-id=\"10259a1\" data-element_type=\"column\">\n\t\t\t<div class=\"elementor-widget-wrap elementor-element-populated\">\n\t\t\t\t\t\t<div class=\"elementor-element elementor-element-67842ef elementor-widget elementor-widget-text-editor\" data-id=\"67842ef\" data-element_type=\"widget\" data-widget_type=\"text-editor.default\">\n\t\t\t\t<div class=\"elementor-widget-container\">\n\t\t\t\t\t\t\t\t\t<p><span style=\"font-weight: 400;\">La<\/span> <b>Catedral de Barcelona<\/b> <span style=\"font-weight: 400;\">\u00e9s un edifici del segle XIV i un dels temples m\u00e9s bonics de la ciutat, despr\u00e9s de la Sagrada Fam\u00edlia, \u00e9s clar! Molts dels habitants que no saben qu\u00e8 fer el cap de setmana a Barcelona, escullen aquest com un dels seus plans recurrents per la seva bellesa art\u00edstica, arquitect\u00f2nica i hist\u00f2rica.<\/span><\/p><p><span style=\"font-weight: 400;\">Des de fa uns anys, l&#8217;entrada costa 7\u20ac, per\u00f2 si entres en horari de missa la pots veure de franc. El m\u00e9s bonic de la Catedral \u00e9s el claustre on podr\u00e0s veure<\/span> <b>13 oques que hi viuen<\/b> <span style=\"font-weight: 400;\">i que tenen molta hist\u00f2ria.<\/span><\/p><p><span style=\"font-weight: 400;\">Si vols saber m\u00e9s sobre la m\u00edtica Catedral de Barcelona, et recomanem que facis una ullada al nostre tour privat en el que fem un <a href=\"https:\/\/www.willysplan.com\/ca\/tours-privats-barcelona\/tour-pel-barri-gotic-de-barcelona\">recorregut a peu pel Barri G\u00f2tic de Barcelona i visitem la Catedral<\/a> per dins. Reserva-ho ara, i coneix tot el que amaga el Barri G\u00f2tic de Barcelona:<\/span><\/p>\t\t\t\t\t\t\t\t<\/div>\n\t\t\t\t<\/div>\n\t\t\t\t\t<\/div>\n\t\t<\/div>\n\t\t\t\t\t<\/div>\n\t\t<\/section>\n\t\t\t\t<section class=\"elementor-section elementor-top-section elementor-element elementor-element-bcd2741 elementor-section-boxed elementor-section-height-default elementor-section-height-default\" data-id=\"bcd2741\" data-element_type=\"section\">\n\t\t\t\t\t\t<div class=\"elementor-container elementor-column-gap-default\">\n\t\t\t\t\t<div class=\"elementor-column elementor-col-100 elementor-top-column elementor-element elementor-element-a6f1b89\" data-id=\"a6f1b89\" data-element_type=\"column\">\n\t\t\t<div class=\"elementor-widget-wrap elementor-element-populated\">\n\t\t\t\t\t\t<div class=\"elementor-element elementor-element-01d1728 elementor-cta--layout-image-left elementor-cta--valign-middle elementor-hidden-mobile elementor-cta--skin-classic elementor-animated-content elementor-widget elementor-widget-call-to-action\" data-id=\"01d1728\" data-element_type=\"widget\" data-widget_type=\"call-to-action.default\">\n\t\t\t\t<div class=\"elementor-widget-container\">\n\t\t\t\t\t\t\t<a class=\"elementor-cta\" href=\"https:\/\/www.willysplan.com\/ca\/tours-privats-barcelona\/tour-pel-barri-gotic-de-barcelona\">\n\t\t\t\t\t<div class=\"elementor-cta__bg-wrapper\">\n\t\t\t\t<div class=\"elementor-cta__bg elementor-bg\" style=\"background-image: url(https:\/\/www.willysplan.com\/wp-content\/uploads\/2022\/06\/barrio-gotico-noche.webp);\" role=\"img\" aria-label=\"barrio-gotico-noche\"><\/div>\n\t\t\t\t<div class=\"elementor-cta__bg-overlay\"><\/div>\n\t\t\t<\/div>\n\t\t\t\t\t\t\t<div class=\"elementor-cta__content\">\n\t\t\t\t\n\t\t\t\t\t\t\t\t\t<h2 class=\"elementor-cta__title elementor-cta__content-item elementor-content-item\">\n\t\t\t\t\t\tTour pel Barri G\u00f2tic de Barcelona\t\t\t\t\t<\/h2>\n\t\t\t\t\n\t\t\t\t\t\t\t\t\t<div class=\"elementor-cta__description elementor-cta__content-item elementor-content-item\">\n\t\t\t\t\t\t<p>\u2b50\u2b50\u2b50\u2b50\u2b50<\/p>\n<p>\ud83d\udd50 2 hores.<br \/>\ud83d\udcac Espanyol, Angl\u00e8s, Itali\u00e0, Franc\u00e8s, Portugu\u00e8s, Alemany, Xin\u00e8s, Rus i \u00c0rab.<br \/>\u2714 Cancel\u00b7laci\u00f3 gratu\u00efta.<\/p>\n\t\t\t\t\t<\/div>\n\t\t\t\t\n\t\t\t\t\t\t\t<\/div>\n\t\t\t\t\t\t\t<div class=\"elementor-ribbon elementor-ribbon-right\">\n\t\t\t\t<div class=\"elementor-ribbon-inner\">\n\t\t\t\t\tDes de 70\u20ac\t\t\t\t<\/div>\n\t\t\t<\/div>\n\t\t\t\t<\/a>\n\t\t\t\t\t\t<\/div>\n\t\t\t\t<\/div>\n\t\t\t\t\t<\/div>\n\t\t<\/div>\n\t\t\t\t\t<\/div>\n\t\t<\/section>\n\t\t\t\t<section class=\"elementor-section elementor-top-section elementor-element elementor-element-adc6b60 elementor-section-boxed elementor-section-height-default elementor-section-height-default\" data-id=\"adc6b60\" data-element_type=\"section\">\n\t\t\t\t\t\t<div class=\"elementor-container elementor-column-gap-default\">\n\t\t\t\t\t<div class=\"elementor-column elementor-col-100 elementor-top-column elementor-element elementor-element-a95bd13\" data-id=\"a95bd13\" data-element_type=\"column\">\n\t\t\t<div class=\"elementor-widget-wrap elementor-element-populated\">\n\t\t\t\t\t\t<div class=\"elementor-element elementor-element-ef0c3bd elementor-cta--layout-image-above elementor-cta--valign-middle elementor-cta--mobile-layout-image-above elementor-hidden-desktop elementor-hidden-tablet elementor-cta--skin-classic elementor-animated-content elementor-widget elementor-widget-call-to-action\" data-id=\"ef0c3bd\" data-element_type=\"widget\" data-widget_type=\"call-to-action.default\">\n\t\t\t\t<div class=\"elementor-widget-container\">\n\t\t\t\t\t\t\t<a class=\"elementor-cta\" href=\"https:\/\/www.willysplan.com\/ca\/tours-privats-barcelona\/tour-pel-barri-gotic-de-barcelona\">\n\t\t\t\t\t<div class=\"elementor-cta__bg-wrapper\">\n\t\t\t\t<div class=\"elementor-cta__bg elementor-bg\" style=\"background-image: url(https:\/\/www.willysplan.com\/wp-content\/uploads\/2022\/06\/barrio-gotico-noche.webp);\" role=\"img\" aria-label=\"barrio-gotico-noche\"><\/div>\n\t\t\t\t<div class=\"elementor-cta__bg-overlay\"><\/div>\n\t\t\t<\/div>\n\t\t\t\t\t\t\t<div class=\"elementor-cta__content\">\n\t\t\t\t\n\t\t\t\t\t\t\t\t\t<h2 class=\"elementor-cta__title elementor-cta__content-item elementor-content-item\">\n\t\t\t\t\t\tTour pel Barri G\u00f2tic de Barcelona\t\t\t\t\t<\/h2>\n\t\t\t\t\n\t\t\t\t\t\t\t\t\t<div class=\"elementor-cta__description elementor-cta__content-item elementor-content-item\">\n\t\t\t\t\t\t<p>\u2b50\u2b50\u2b50\u2b50\u2b50<\/p>\n<p>\ud83d\udd50 2 hores.<br \/>\ud83d\udcac Espanyol, Angl\u00e8s, Itali\u00e0, Franc\u00e8s, Portugu\u00e8s, Alemany, Xin\u00e8s, Rus i \u00c0rab.<br \/>\u2714 Cancel\u00b7laci\u00f3 gratu\u00efta.<\/p>\n\t\t\t\t\t<\/div>\n\t\t\t\t\n\t\t\t\t\t\t\t<\/div>\n\t\t\t\t\t\t\t<div class=\"elementor-ribbon elementor-ribbon-right\">\n\t\t\t\t<div class=\"elementor-ribbon-inner\">\n\t\t\t\t\tDes de 70\u20ac\t\t\t\t<\/div>\n\t\t\t<\/div>\n\t\t\t\t<\/a>\n\t\t\t\t\t\t<\/div>\n\t\t\t\t<\/div>\n\t\t\t\t\t<\/div>\n\t\t<\/div>\n\t\t\t\t\t<\/div>\n\t\t<\/section>\n\t\t\t\t<section class=\"elementor-section elementor-top-section elementor-element elementor-element-ba72905 elementor-section-boxed elementor-section-height-default elementor-section-height-default\" data-id=\"ba72905\" data-element_type=\"section\">\n\t\t\t\t\t\t<div class=\"elementor-container elementor-column-gap-default\">\n\t\t\t\t\t<div class=\"elementor-column elementor-col-100 elementor-top-column elementor-element elementor-element-206c7fb\" data-id=\"206c7fb\" data-element_type=\"column\">\n\t\t\t<div class=\"elementor-widget-wrap elementor-element-populated\">\n\t\t\t\t\t\t<div class=\"elementor-element elementor-element-b6eb005 elementor-align-center elementor-widget elementor-widget-button\" data-id=\"b6eb005\" data-element_type=\"widget\" data-widget_type=\"button.default\">\n\t\t\t\t<div class=\"elementor-widget-container\">\n\t\t\t\t\t\t\t\t\t<div class=\"elementor-button-wrapper\">\n\t\t\t\t\t<a class=\"elementor-button elementor-button-link elementor-size-md\" href=\"https:\/\/www.willysplan.com\/ca\/tours-privats-a-barcelona\" rel=\"nofollow\">\n\t\t\t\t\t\t<span class=\"elementor-button-content-wrapper\">\n\t\t\t\t\t\t\t\t\t<span class=\"elementor-button-text\">Veure tots els nostres tours privats<\/span>\n\t\t\t\t\t<\/span>\n\t\t\t\t\t<\/a>\n\t\t\t\t<\/div>\n\t\t\t\t\t\t\t\t<\/div>\n\t\t\t\t<\/div>\n\t\t\t\t\t<\/div>\n\t\t<\/div>\n\t\t\t\t\t<\/div>\n\t\t<\/section>\n\t\t\t\t<section class=\"elementor-section elementor-top-section elementor-element elementor-element-228dd78 elementor-section-boxed elementor-section-height-default elementor-section-height-default\" data-id=\"228dd78\" data-element_type=\"section\">\n\t\t\t\t\t\t<div class=\"elementor-container elementor-column-gap-default\">\n\t\t\t\t\t<div class=\"elementor-column elementor-col-100 elementor-top-column elementor-element elementor-element-6fe37a6\" data-id=\"6fe37a6\" data-element_type=\"column\">\n\t\t\t<div class=\"elementor-widget-wrap elementor-element-populated\">\n\t\t\t\t\t\t<div class=\"elementor-element elementor-element-c9dcbd0 elementor-widget elementor-widget-heading\" data-id=\"c9dcbd0\" data-element_type=\"widget\" data-widget_type=\"heading.default\">\n\t\t\t\t<div class=\"elementor-widget-container\">\n\t\t\t\t\t<h2 class=\"elementor-heading-title elementor-size-default\">3. Pla\u00e7a de Sant Felip Neri<\/h2>\t\t\t\t<\/div>\n\t\t\t\t<\/div>\n\t\t\t\t\t<\/div>\n\t\t<\/div>\n\t\t\t\t\t<\/div>\n\t\t<\/section>\n\t\t\t\t<section class=\"elementor-section elementor-top-section elementor-element elementor-element-9dde891 elementor-section-boxed elementor-section-height-default elementor-section-height-default\" data-id=\"9dde891\" data-element_type=\"section\">\n\t\t\t\t\t\t<div class=\"elementor-container elementor-column-gap-default\">\n\t\t\t\t\t<div class=\"elementor-column elementor-col-50 elementor-top-column elementor-element elementor-element-efd1b5f\" data-id=\"efd1b5f\" data-element_type=\"column\">\n\t\t\t<div class=\"elementor-widget-wrap elementor-element-populated\">\n\t\t\t\t\t\t<div class=\"elementor-element elementor-element-52923a4 elementor-widget elementor-widget-image\" data-id=\"52923a4\" data-element_type=\"widget\" data-widget_type=\"image.default\">\n\t\t\t\t<div class=\"elementor-widget-container\">\n\t\t\t\t\t\t\t\t\t\t\t\t\t\t\t<img loading=\"lazy\" decoding=\"async\" width=\"1024\" height=\"603\" src=\"https:\/\/www.willysplan.com\/wp-content\/uploads\/2023\/04\/placa-felip-neri-1024x603.jpg\" class=\"attachment-large size-large wp-image-17875\" alt=\"pla\u00e7a felip neri\" srcset=\"https:\/\/www.willysplan.com\/wp-content\/uploads\/2023\/04\/placa-felip-neri-1024x603.jpg 1024w, https:\/\/www.willysplan.com\/wp-content\/uploads\/2023\/04\/placa-felip-neri-300x177.jpg 300w, https:\/\/www.willysplan.com\/wp-content\/uploads\/2023\/04\/placa-felip-neri-768x452.jpg 768w, https:\/\/www.willysplan.com\/wp-content\/uploads\/2023\/04\/placa-felip-neri-600x353.jpg 600w, https:\/\/www.willysplan.com\/wp-content\/uploads\/2023\/04\/placa-felip-neri.jpg 1262w\" sizes=\"(max-width: 1024px) 100vw, 1024px\" \/>\t\t\t\t\t\t\t\t\t\t\t\t\t\t\t<\/div>\n\t\t\t\t<\/div>\n\t\t\t\t\t<\/div>\n\t\t<\/div>\n\t\t\t\t<div class=\"elementor-column elementor-col-50 elementor-top-column elementor-element elementor-element-a40f723\" data-id=\"a40f723\" data-element_type=\"column\">\n\t\t\t<div class=\"elementor-widget-wrap elementor-element-populated\">\n\t\t\t\t\t\t<div class=\"elementor-element elementor-element-8ebd04f elementor-widget elementor-widget-google_maps\" data-id=\"8ebd04f\" data-element_type=\"widget\" data-widget_type=\"google_maps.default\">\n\t\t\t\t<div class=\"elementor-widget-container\">\n\t\t\t\t\t\t\t<div class=\"elementor-custom-embed\">\n\t\t\t<iframe loading=\"lazy\"\n\t\t\t\t\tsrc=\"https:\/\/maps.google.com\/maps?q=pla%C3%A7a%20sant%20felip%20neri%20BARCELONA&#038;t=m&#038;z=10&#038;output=embed&#038;iwloc=near\"\n\t\t\t\t\ttitle=\"pla\u00e7a sant felip neri BARCELONA\"\n\t\t\t\t\taria-label=\"pla\u00e7a sant felip neri BARCELONA\"\n\t\t\t><\/iframe>\n\t\t<\/div>\n\t\t\t\t\t\t<\/div>\n\t\t\t\t<\/div>\n\t\t\t\t\t<\/div>\n\t\t<\/div>\n\t\t\t\t\t<\/div>\n\t\t<\/section>\n\t\t\t\t<section class=\"elementor-section elementor-top-section elementor-element elementor-element-649f78d elementor-section-boxed elementor-section-height-default elementor-section-height-default\" data-id=\"649f78d\" data-element_type=\"section\">\n\t\t\t\t\t\t<div class=\"elementor-container elementor-column-gap-default\">\n\t\t\t\t\t<div class=\"elementor-column elementor-col-100 elementor-top-column elementor-element elementor-element-bd8f266\" data-id=\"bd8f266\" data-element_type=\"column\">\n\t\t\t<div class=\"elementor-widget-wrap elementor-element-populated\">\n\t\t\t\t\t\t<div class=\"elementor-element elementor-element-6131457 elementor-widget elementor-widget-text-editor\" data-id=\"6131457\" data-element_type=\"widget\" data-widget_type=\"text-editor.default\">\n\t\t\t\t<div class=\"elementor-widget-container\">\n\t\t\t\t\t\t\t\t\t<p><span style=\"font-weight: 400;\">Assegureu-vos que alguna de les passejades per Barcelona acaba a la<\/span> <b>Pla\u00e7a Sant Felip Neri<\/b><span style=\"font-weight: 400;\">, un dels llocs favorits pels barcelonins per la tranquil\u00b7litat, per la font i per la hist\u00f2ria. Hi arribar\u00e0s passejant pels carrers estrets del barri G\u00f2tic i es troba sobre l&#8217;antic cementiri medieval de Montju\u00efc del Bisbe.<\/span><\/p>\n<p><span style=\"font-weight: 400;\">Si us fixeu b\u00e9 a la fa\u00e7ana de l&#8217;Esgl\u00e9sia del Sant Felip Neri, que es troba a la mateixa pla\u00e7a, podreu veure els<\/span><b> restes de la metralla d\u02bbuna bomba<\/b><span style=\"font-weight: 400;\"> que va llan\u00e7ar el b\u00e0ndol nacional durant la Guerra Civil Espanyola i que va causar la mort de 42 persones, la majoria nens.<\/span><\/p>\n\t\t\t\t\t\t\t\t<\/div>\n\t\t\t\t<\/div>\n\t\t\t\t\t<\/div>\n\t\t<\/div>\n\t\t\t\t\t<\/div>\n\t\t<\/section>\n\t\t\t\t<section class=\"elementor-section elementor-top-section elementor-element elementor-element-934cfa6 elementor-section-boxed elementor-section-height-default elementor-section-height-default\" data-id=\"934cfa6\" data-element_type=\"section\">\n\t\t\t\t\t\t<div class=\"elementor-container elementor-column-gap-default\">\n\t\t\t\t\t<div class=\"elementor-column elementor-col-100 elementor-top-column elementor-element elementor-element-6d28942\" data-id=\"6d28942\" data-element_type=\"column\">\n\t\t\t<div class=\"elementor-widget-wrap elementor-element-populated\">\n\t\t\t\t\t\t<div class=\"elementor-element elementor-element-24f2b10 elementor-widget elementor-widget-heading\" data-id=\"24f2b10\" data-element_type=\"widget\" data-widget_type=\"heading.default\">\n\t\t\t\t<div class=\"elementor-widget-container\">\n\t\t\t\t\t<h2 class=\"elementor-heading-title elementor-size-default\">4. Passeja pel Barri G\u00f2tic<\/h2>\t\t\t\t<\/div>\n\t\t\t\t<\/div>\n\t\t\t\t\t<\/div>\n\t\t<\/div>\n\t\t\t\t\t<\/div>\n\t\t<\/section>\n\t\t\t\t<section class=\"elementor-section elementor-top-section elementor-element elementor-element-5a266e9 elementor-section-boxed elementor-section-height-default elementor-section-height-default\" data-id=\"5a266e9\" data-element_type=\"section\">\n\t\t\t\t\t\t<div class=\"elementor-container elementor-column-gap-default\">\n\t\t\t\t\t<div class=\"elementor-column elementor-col-50 elementor-top-column elementor-element elementor-element-8ca8f7f\" data-id=\"8ca8f7f\" data-element_type=\"column\">\n\t\t\t<div class=\"elementor-widget-wrap elementor-element-populated\">\n\t\t\t\t\t\t<div class=\"elementor-element elementor-element-55b0b90 elementor-widget elementor-widget-image\" data-id=\"55b0b90\" data-element_type=\"widget\" data-widget_type=\"image.default\">\n\t\t\t\t<div class=\"elementor-widget-container\">\n\t\t\t\t\t\t\t\t\t\t\t\t\t\t\t<img loading=\"lazy\" decoding=\"async\" width=\"1024\" height=\"725\" src=\"https:\/\/www.willysplan.com\/wp-content\/uploads\/2022\/10\/guerra-civil-barrio-gotico-1024x725.webp\" class=\"attachment-large size-large wp-image-15311\" alt=\"tour por el barrio gotico\" srcset=\"https:\/\/www.willysplan.com\/wp-content\/uploads\/2022\/10\/guerra-civil-barrio-gotico-1024x725.webp 1024w, https:\/\/www.willysplan.com\/wp-content\/uploads\/2022\/10\/guerra-civil-barrio-gotico-300x212.webp 300w, https:\/\/www.willysplan.com\/wp-content\/uploads\/2022\/10\/guerra-civil-barrio-gotico-768x544.webp 768w, https:\/\/www.willysplan.com\/wp-content\/uploads\/2022\/10\/guerra-civil-barrio-gotico-600x425.webp 600w, https:\/\/www.willysplan.com\/wp-content\/uploads\/2022\/10\/guerra-civil-barrio-gotico.webp 1185w\" sizes=\"(max-width: 1024px) 100vw, 1024px\" \/>\t\t\t\t\t\t\t\t\t\t\t\t\t\t\t<\/div>\n\t\t\t\t<\/div>\n\t\t\t\t\t<\/div>\n\t\t<\/div>\n\t\t\t\t<div class=\"elementor-column elementor-col-50 elementor-top-column elementor-element elementor-element-3e5315c\" data-id=\"3e5315c\" data-element_type=\"column\">\n\t\t\t<div class=\"elementor-widget-wrap elementor-element-populated\">\n\t\t\t\t\t\t<div class=\"elementor-element elementor-element-2ac84a8 elementor-widget elementor-widget-google_maps\" data-id=\"2ac84a8\" data-element_type=\"widget\" data-widget_type=\"google_maps.default\">\n\t\t\t\t<div class=\"elementor-widget-container\">\n\t\t\t\t\t\t\t<div class=\"elementor-custom-embed\">\n\t\t\t<iframe loading=\"lazy\"\n\t\t\t\t\tsrc=\"https:\/\/maps.google.com\/maps?q=barri%20gotic&#038;t=m&#038;z=10&#038;output=embed&#038;iwloc=near\"\n\t\t\t\t\ttitle=\"barri gotic\"\n\t\t\t\t\taria-label=\"barri gotic\"\n\t\t\t><\/iframe>\n\t\t<\/div>\n\t\t\t\t\t\t<\/div>\n\t\t\t\t<\/div>\n\t\t\t\t\t<\/div>\n\t\t<\/div>\n\t\t\t\t\t<\/div>\n\t\t<\/section>\n\t\t\t\t<section class=\"elementor-section elementor-top-section elementor-element elementor-element-7dd4d6d elementor-section-boxed elementor-section-height-default elementor-section-height-default\" data-id=\"7dd4d6d\" data-element_type=\"section\">\n\t\t\t\t\t\t<div class=\"elementor-container elementor-column-gap-default\">\n\t\t\t\t\t<div class=\"elementor-column elementor-col-100 elementor-top-column elementor-element elementor-element-eab2445\" data-id=\"eab2445\" data-element_type=\"column\">\n\t\t\t<div class=\"elementor-widget-wrap elementor-element-populated\">\n\t\t\t\t\t\t<div class=\"elementor-element elementor-element-fc5f76d elementor-widget elementor-widget-text-editor\" data-id=\"fc5f76d\" data-element_type=\"widget\" data-widget_type=\"text-editor.default\">\n\t\t\t\t<div class=\"elementor-widget-container\">\n\t\t\t\t\t\t\t\t\t<p><b>Passejar pel Barri G\u00f2tic<\/b><span style=\"font-weight: 400;\"> \u00e9s una de les millors coses que es pot fer a Barcelona, nom\u00e9s arribar. Comen\u00e7ar\u00e0s el recorregut per la Ciutat Comtal en un dels barris m\u00e9s visitats i coneguts. Est\u00e0 ubicat al cor de la Ciutat Vella i aqu\u00ed es troben alguns racons imprescindibles que cal veure en el teu viatge s\u00ed o s\u00ed.<\/span><\/p>\n\t\t\t\t\t\t\t\t<\/div>\n\t\t\t\t<\/div>\n\t\t\t\t\t<\/div>\n\t\t<\/div>\n\t\t\t\t\t<\/div>\n\t\t<\/section>\n\t\t\t\t<section class=\"elementor-section elementor-top-section elementor-element elementor-element-463b1d6 elementor-section-boxed elementor-section-height-default elementor-section-height-default\" data-id=\"463b1d6\" data-element_type=\"section\">\n\t\t\t\t\t\t<div class=\"elementor-container elementor-column-gap-default\">\n\t\t\t\t\t<div class=\"elementor-column elementor-col-100 elementor-top-column elementor-element elementor-element-906796f\" data-id=\"906796f\" data-element_type=\"column\">\n\t\t\t<div class=\"elementor-widget-wrap elementor-element-populated\">\n\t\t\t\t\t\t<div class=\"elementor-element elementor-element-add74af elementor-widget elementor-widget-heading\" data-id=\"add74af\" data-element_type=\"widget\" data-widget_type=\"heading.default\">\n\t\t\t\t<div class=\"elementor-widget-container\">\n\t\t\t\t\t<h2 class=\"elementor-heading-title elementor-size-default\">5. El Passeig de Gr\u00e0cia<\/h2>\t\t\t\t<\/div>\n\t\t\t\t<\/div>\n\t\t\t\t\t<\/div>\n\t\t<\/div>\n\t\t\t\t\t<\/div>\n\t\t<\/section>\n\t\t\t\t<section class=\"elementor-section elementor-top-section elementor-element elementor-element-17f4fe2 elementor-section-boxed elementor-section-height-default elementor-section-height-default\" data-id=\"17f4fe2\" data-element_type=\"section\">\n\t\t\t\t\t\t<div class=\"elementor-container elementor-column-gap-default\">\n\t\t\t\t\t<div class=\"elementor-column elementor-col-50 elementor-top-column elementor-element elementor-element-e70c3b5\" data-id=\"e70c3b5\" data-element_type=\"column\">\n\t\t\t<div class=\"elementor-widget-wrap elementor-element-populated\">\n\t\t\t\t\t\t<div class=\"elementor-element elementor-element-6952af3 elementor-widget elementor-widget-image\" data-id=\"6952af3\" data-element_type=\"widget\" data-widget_type=\"image.default\">\n\t\t\t\t<div class=\"elementor-widget-container\">\n\t\t\t\t\t\t\t\t\t\t\t\t\t\t\t<img loading=\"lazy\" decoding=\"async\" width=\"898\" height=\"804\" src=\"https:\/\/www.willysplan.com\/wp-content\/uploads\/2022\/10\/passeig-de-gracia-2.webp\" class=\"attachment-large size-large wp-image-15245\" alt=\"\" srcset=\"https:\/\/www.willysplan.com\/wp-content\/uploads\/2022\/10\/passeig-de-gracia-2.webp 898w, https:\/\/www.willysplan.com\/wp-content\/uploads\/2022\/10\/passeig-de-gracia-2-300x269.webp 300w, https:\/\/www.willysplan.com\/wp-content\/uploads\/2022\/10\/passeig-de-gracia-2-768x688.webp 768w, https:\/\/www.willysplan.com\/wp-content\/uploads\/2022\/10\/passeig-de-gracia-2-600x537.webp 600w\" sizes=\"(max-width: 898px) 100vw, 898px\" \/>\t\t\t\t\t\t\t\t\t\t\t\t\t\t\t<\/div>\n\t\t\t\t<\/div>\n\t\t\t\t\t<\/div>\n\t\t<\/div>\n\t\t\t\t<div class=\"elementor-column elementor-col-50 elementor-top-column elementor-element elementor-element-4eea298\" data-id=\"4eea298\" data-element_type=\"column\">\n\t\t\t<div class=\"elementor-widget-wrap elementor-element-populated\">\n\t\t\t\t\t\t<div class=\"elementor-element elementor-element-d04aa7e elementor-widget elementor-widget-google_maps\" data-id=\"d04aa7e\" data-element_type=\"widget\" data-widget_type=\"google_maps.default\">\n\t\t\t\t<div class=\"elementor-widget-container\">\n\t\t\t\t\t\t\t<div class=\"elementor-custom-embed\">\n\t\t\t<iframe loading=\"lazy\"\n\t\t\t\t\tsrc=\"https:\/\/maps.google.com\/maps?q=passeig%20de%20gracia&#038;t=m&#038;z=10&#038;output=embed&#038;iwloc=near\"\n\t\t\t\t\ttitle=\"passeig de gracia\"\n\t\t\t\t\taria-label=\"passeig de gracia\"\n\t\t\t><\/iframe>\n\t\t<\/div>\n\t\t\t\t\t\t<\/div>\n\t\t\t\t<\/div>\n\t\t\t\t\t<\/div>\n\t\t<\/div>\n\t\t\t\t\t<\/div>\n\t\t<\/section>\n\t\t\t\t<section class=\"elementor-section elementor-top-section elementor-element elementor-element-9e9ef71 elementor-section-boxed elementor-section-height-default elementor-section-height-default\" data-id=\"9e9ef71\" data-element_type=\"section\">\n\t\t\t\t\t\t<div class=\"elementor-container elementor-column-gap-default\">\n\t\t\t\t\t<div class=\"elementor-column elementor-col-100 elementor-top-column elementor-element elementor-element-5ca7731\" data-id=\"5ca7731\" data-element_type=\"column\">\n\t\t\t<div class=\"elementor-widget-wrap elementor-element-populated\">\n\t\t\t\t\t\t<div class=\"elementor-element elementor-element-1aafa5b elementor-widget elementor-widget-text-editor\" data-id=\"1aafa5b\" data-element_type=\"widget\" data-widget_type=\"text-editor.default\">\n\t\t\t\t<div class=\"elementor-widget-container\">\n\t\t\t\t\t\t\t\t\t<p><span style=\"font-weight: 400;\">Amb una longitud de poc m\u00e9s d&#8217;un quil\u00f2metre, recorreu el<\/span> <b>Passeig de Gr\u00e0cia<\/b><span style=\"font-weight: 400;\"> \u00e9s una de les millors coses a fer a Barcelona sol o en companyia. A la teva caminada podr\u00e0s contemplar alguns dels llocs m\u00e9s emblem\u00e0tics de la ciutat, com<\/span> <b>La Pedrera o La Casa Batll\u00f3<\/b> <span style=\"font-weight: 400;\">, obres del fam\u00f3s arquitecte Antoni Gaud\u00ed.<\/span><\/p>\n<p><span style=\"font-weight: 400;\">A m\u00e9s, si la butxaca t&#8217;ho permet, podr\u00e0s aprofitar per fer les compres. Per\u00f2, tingues en compte que en aquest carrer es troben algunes de les <\/span><b>botigues m\u00e9s luxoses de Barcelona<\/b><span style=\"font-weight: 400;\"> i els seus articles tenen uns preus desorbitats. Si voleu saber m\u00e9s sobre la hist\u00f2ria d&#8217;aquest lloc, us recomanem el nostre <a href=\"https:\/\/www.willysplan.com\/ca\/tours-privats-barcelona\/tour-pel-passeig-de-gracia\">tour pel Passeig de Gr\u00e0cia<\/a> de Barcelona. Fes clic al seg\u00fcent banner per descobrir el recorregut:<\/span><\/p>\n\t\t\t\t\t\t\t\t<\/div>\n\t\t\t\t<\/div>\n\t\t\t\t\t<\/div>\n\t\t<\/div>\n\t\t\t\t\t<\/div>\n\t\t<\/section>\n\t\t\t\t<section class=\"elementor-section elementor-top-section elementor-element elementor-element-f734620 elementor-section-boxed elementor-section-height-default elementor-section-height-default\" data-id=\"f734620\" data-element_type=\"section\">\n\t\t\t\t\t\t<div class=\"elementor-container elementor-column-gap-default\">\n\t\t\t\t\t<div class=\"elementor-column elementor-col-100 elementor-top-column elementor-element elementor-element-eefd421\" data-id=\"eefd421\" data-element_type=\"column\">\n\t\t\t<div class=\"elementor-widget-wrap elementor-element-populated\">\n\t\t\t\t\t\t<div class=\"elementor-element elementor-element-6939752 elementor-cta--layout-image-left elementor-cta--valign-middle elementor-hidden-mobile elementor-cta--skin-classic elementor-animated-content elementor-widget elementor-widget-call-to-action\" data-id=\"6939752\" data-element_type=\"widget\" data-widget_type=\"call-to-action.default\">\n\t\t\t\t<div class=\"elementor-widget-container\">\n\t\t\t\t\t\t\t<a class=\"elementor-cta\" href=\"https:\/\/www.willysplan.com\/ca\/tours-privats-barcelona\/tour-pel-passeig-de-gracia\">\n\t\t\t\t\t<div class=\"elementor-cta__bg-wrapper\">\n\t\t\t\t<div class=\"elementor-cta__bg elementor-bg\" style=\"background-image: url(https:\/\/www.willysplan.com\/wp-content\/uploads\/2022\/10\/Passeig-de-gracia-1-1024x685.webp);\" role=\"img\" aria-label=\"tour por el passeig de gracia\"><\/div>\n\t\t\t\t<div class=\"elementor-cta__bg-overlay\"><\/div>\n\t\t\t<\/div>\n\t\t\t\t\t\t\t<div class=\"elementor-cta__content\">\n\t\t\t\t\n\t\t\t\t\t\t\t\t\t<h2 class=\"elementor-cta__title elementor-cta__content-item elementor-content-item\">\n\t\t\t\t\t\tTour pel Passeig de Gr\u00e0cia\t\t\t\t\t<\/h2>\n\t\t\t\t\n\t\t\t\t\t\t\t\t\t<div class=\"elementor-cta__description elementor-cta__content-item elementor-content-item\">\n\t\t\t\t\t\t<p>\u2b50\u2b50\u2b50\u2b50\u2b50<\/p>\n<p>\ud83d\udd50 2 hores.<br \/>\ud83d\udcac Espanyol, Angl\u00e8s, Itali\u00e0, Franc\u00e8s, Portugu\u00e8s, Alemany, Xin\u00e8s, Rus i \u00c0rab.<br \/>\u2714 Cancel\u00b7laci\u00f3 gratu\u00efta.<\/p>\n\t\t\t\t\t<\/div>\n\t\t\t\t\n\t\t\t\t\t\t\t<\/div>\n\t\t\t\t\t\t\t<div class=\"elementor-ribbon elementor-ribbon-right\">\n\t\t\t\t<div class=\"elementor-ribbon-inner\">\n\t\t\t\t\tDes de 70\u20ac\t\t\t\t<\/div>\n\t\t\t<\/div>\n\t\t\t\t<\/a>\n\t\t\t\t\t\t<\/div>\n\t\t\t\t<\/div>\n\t\t\t\t\t<\/div>\n\t\t<\/div>\n\t\t\t\t\t<\/div>\n\t\t<\/section>\n\t\t\t\t<section class=\"elementor-section elementor-top-section elementor-element elementor-element-1554571 elementor-section-boxed elementor-section-height-default elementor-section-height-default\" data-id=\"1554571\" data-element_type=\"section\">\n\t\t\t\t\t\t<div class=\"elementor-container elementor-column-gap-default\">\n\t\t\t\t\t<div class=\"elementor-column elementor-col-100 elementor-top-column elementor-element elementor-element-e76a831\" data-id=\"e76a831\" data-element_type=\"column\">\n\t\t\t<div class=\"elementor-widget-wrap elementor-element-populated\">\n\t\t\t\t\t\t<div class=\"elementor-element elementor-element-3f2c459 elementor-cta--layout-image-above elementor-cta--valign-middle elementor-cta--mobile-layout-image-above elementor-hidden-desktop elementor-hidden-tablet elementor-cta--skin-classic elementor-animated-content elementor-widget elementor-widget-call-to-action\" data-id=\"3f2c459\" data-element_type=\"widget\" data-widget_type=\"call-to-action.default\">\n\t\t\t\t<div class=\"elementor-widget-container\">\n\t\t\t\t\t\t\t<a class=\"elementor-cta\" href=\"https:\/\/www.willysplan.com\/ca\/tours-privats-barcelona\/tour-pel-passeig-de-gracia\">\n\t\t\t\t\t<div class=\"elementor-cta__bg-wrapper\">\n\t\t\t\t<div class=\"elementor-cta__bg elementor-bg\" style=\"background-image: url(https:\/\/www.willysplan.com\/wp-content\/uploads\/2022\/10\/Passeig-de-gracia-1-1024x685.webp);\" role=\"img\" aria-label=\"tour por el passeig de gracia\"><\/div>\n\t\t\t\t<div class=\"elementor-cta__bg-overlay\"><\/div>\n\t\t\t<\/div>\n\t\t\t\t\t\t\t<div class=\"elementor-cta__content\">\n\t\t\t\t\n\t\t\t\t\t\t\t\t\t<h2 class=\"elementor-cta__title elementor-cta__content-item elementor-content-item\">\n\t\t\t\t\t\tTour pel Passeig de Gr\u00e0cia\t\t\t\t\t<\/h2>\n\t\t\t\t\n\t\t\t\t\t\t\t\t\t<div class=\"elementor-cta__description elementor-cta__content-item elementor-content-item\">\n\t\t\t\t\t\t<p>\u2b50\u2b50\u2b50\u2b50\u2b50<\/p>\n<p>\ud83d\udd50 2 hores.<br \/>\ud83d\udcac Espanyol, Angl\u00e8s, Itali\u00e0, Franc\u00e8s, Portugu\u00e8s, Alemany, Xin\u00e8s, Rus i \u00c0rab.<br \/>\u2714 Cancel\u00b7laci\u00f3 gratu\u00efta.<\/p>\n\t\t\t\t\t<\/div>\n\t\t\t\t\n\t\t\t\t\t\t\t<\/div>\n\t\t\t\t\t\t\t<div class=\"elementor-ribbon elementor-ribbon-right\">\n\t\t\t\t<div class=\"elementor-ribbon-inner\">\n\t\t\t\t\tDes de 70\u20ac\t\t\t\t<\/div>\n\t\t\t<\/div>\n\t\t\t\t<\/a>\n\t\t\t\t\t\t<\/div>\n\t\t\t\t<\/div>\n\t\t\t\t\t<\/div>\n\t\t<\/div>\n\t\t\t\t\t<\/div>\n\t\t<\/section>\n\t\t\t\t<section class=\"elementor-section elementor-top-section elementor-element elementor-element-78dbc31 elementor-section-boxed elementor-section-height-default elementor-section-height-default\" data-id=\"78dbc31\" data-element_type=\"section\">\n\t\t\t\t\t\t<div class=\"elementor-container elementor-column-gap-default\">\n\t\t\t\t\t<div class=\"elementor-column elementor-col-100 elementor-top-column elementor-element elementor-element-c5063d3\" data-id=\"c5063d3\" data-element_type=\"column\">\n\t\t\t<div class=\"elementor-widget-wrap elementor-element-populated\">\n\t\t\t\t\t\t<div class=\"elementor-element elementor-element-ed0deaa elementor-align-center elementor-widget elementor-widget-button\" data-id=\"ed0deaa\" data-element_type=\"widget\" data-widget_type=\"button.default\">\n\t\t\t\t<div class=\"elementor-widget-container\">\n\t\t\t\t\t\t\t\t\t<div class=\"elementor-button-wrapper\">\n\t\t\t\t\t<a class=\"elementor-button elementor-button-link elementor-size-md\" href=\"https:\/\/www.willysplan.com\/ca\/tours-privats-a-barcelona\" rel=\"nofollow\">\n\t\t\t\t\t\t<span class=\"elementor-button-content-wrapper\">\n\t\t\t\t\t\t\t\t\t<span class=\"elementor-button-text\">Veure tots els nostres tours privats<\/span>\n\t\t\t\t\t<\/span>\n\t\t\t\t\t<\/a>\n\t\t\t\t<\/div>\n\t\t\t\t\t\t\t\t<\/div>\n\t\t\t\t<\/div>\n\t\t\t\t\t<\/div>\n\t\t<\/div>\n\t\t\t\t\t<\/div>\n\t\t<\/section>\n\t\t\t\t<section class=\"elementor-section elementor-top-section elementor-element elementor-element-15b5636 elementor-section-boxed elementor-section-height-default elementor-section-height-default\" data-id=\"15b5636\" data-element_type=\"section\">\n\t\t\t\t\t\t<div class=\"elementor-container elementor-column-gap-default\">\n\t\t\t\t\t<div class=\"elementor-column elementor-col-100 elementor-top-column elementor-element elementor-element-bdb4769\" data-id=\"bdb4769\" data-element_type=\"column\">\n\t\t\t<div class=\"elementor-widget-wrap elementor-element-populated\">\n\t\t\t\t\t\t<div class=\"elementor-element elementor-element-b9343a2 elementor-widget elementor-widget-heading\" data-id=\"b9343a2\" data-element_type=\"widget\" data-widget_type=\"heading.default\">\n\t\t\t\t<div class=\"elementor-widget-container\">\n\t\t\t\t\t<h2 class=\"elementor-heading-title elementor-size-default\">6. Coneix Les Rambles<\/h2>\t\t\t\t<\/div>\n\t\t\t\t<\/div>\n\t\t\t\t\t<\/div>\n\t\t<\/div>\n\t\t\t\t\t<\/div>\n\t\t<\/section>\n\t\t\t\t<section class=\"elementor-section elementor-top-section elementor-element elementor-element-75483c7 elementor-section-boxed elementor-section-height-default elementor-section-height-default\" data-id=\"75483c7\" data-element_type=\"section\">\n\t\t\t\t\t\t<div class=\"elementor-container elementor-column-gap-default\">\n\t\t\t\t\t<div class=\"elementor-column elementor-col-50 elementor-top-column elementor-element elementor-element-1aab861\" data-id=\"1aab861\" data-element_type=\"column\">\n\t\t\t<div class=\"elementor-widget-wrap elementor-element-populated\">\n\t\t\t\t\t\t<div class=\"elementor-element elementor-element-b5fd43b elementor-widget elementor-widget-image\" data-id=\"b5fd43b\" data-element_type=\"widget\" data-widget_type=\"image.default\">\n\t\t\t\t<div class=\"elementor-widget-container\">\n\t\t\t\t\t\t\t\t\t\t\t\t\t\t\t<img loading=\"lazy\" decoding=\"async\" width=\"1024\" height=\"625\" src=\"https:\/\/www.willysplan.com\/wp-content\/uploads\/2022\/10\/ramblas-1024x625.webp\" class=\"attachment-large size-large wp-image-15237\" alt=\"\" srcset=\"https:\/\/www.willysplan.com\/wp-content\/uploads\/2022\/10\/ramblas-1024x625.webp 1024w, https:\/\/www.willysplan.com\/wp-content\/uploads\/2022\/10\/ramblas-300x183.webp 300w, https:\/\/www.willysplan.com\/wp-content\/uploads\/2022\/10\/ramblas-768x469.webp 768w, https:\/\/www.willysplan.com\/wp-content\/uploads\/2022\/10\/ramblas-600x366.webp 600w, https:\/\/www.willysplan.com\/wp-content\/uploads\/2022\/10\/ramblas.webp 1322w\" sizes=\"(max-width: 1024px) 100vw, 1024px\" \/>\t\t\t\t\t\t\t\t\t\t\t\t\t\t\t<\/div>\n\t\t\t\t<\/div>\n\t\t\t\t\t<\/div>\n\t\t<\/div>\n\t\t\t\t<div class=\"elementor-column elementor-col-50 elementor-top-column elementor-element elementor-element-151e5f7\" data-id=\"151e5f7\" data-element_type=\"column\">\n\t\t\t<div class=\"elementor-widget-wrap elementor-element-populated\">\n\t\t\t\t\t\t<div class=\"elementor-element elementor-element-3e97a93 elementor-widget elementor-widget-google_maps\" data-id=\"3e97a93\" data-element_type=\"widget\" data-widget_type=\"google_maps.default\">\n\t\t\t\t<div class=\"elementor-widget-container\">\n\t\t\t\t\t\t\t<div class=\"elementor-custom-embed\">\n\t\t\t<iframe loading=\"lazy\"\n\t\t\t\t\tsrc=\"https:\/\/maps.google.com\/maps?q=les%20rambles&#038;t=m&#038;z=10&#038;output=embed&#038;iwloc=near\"\n\t\t\t\t\ttitle=\"les rambles\"\n\t\t\t\t\taria-label=\"les rambles\"\n\t\t\t><\/iframe>\n\t\t<\/div>\n\t\t\t\t\t\t<\/div>\n\t\t\t\t<\/div>\n\t\t\t\t\t<\/div>\n\t\t<\/div>\n\t\t\t\t\t<\/div>\n\t\t<\/section>\n\t\t\t\t<section class=\"elementor-section elementor-top-section elementor-element elementor-element-125a922 elementor-section-boxed elementor-section-height-default elementor-section-height-default\" data-id=\"125a922\" data-element_type=\"section\">\n\t\t\t\t\t\t<div class=\"elementor-container elementor-column-gap-default\">\n\t\t\t\t\t<div class=\"elementor-column elementor-col-100 elementor-top-column elementor-element elementor-element-4016297\" data-id=\"4016297\" data-element_type=\"column\">\n\t\t\t<div class=\"elementor-widget-wrap elementor-element-populated\">\n\t\t\t\t\t\t<div class=\"elementor-element elementor-element-f575834 elementor-widget elementor-widget-text-editor\" data-id=\"f575834\" data-element_type=\"widget\" data-widget_type=\"text-editor.default\">\n\t\t\t\t<div class=\"elementor-widget-container\">\n\t\t\t\t\t\t\t\t\t<p><span style=\"font-weight: 400;\">Passejar per<\/span> <b>la Rambla<\/b><span style=\"font-weight: 400;\"> sempre \u00e9s una festa. Aquest carrer els ha vist de tots colors i una de les millors activitats que fer a Barcelona consisteix a ser capa\u00e7 d&#8217;identificar les \u00e8poques dels seus edificis, ja que n&#8217;hi ha de tots els segles.<\/span> <b>Les muralles<\/b> <span style=\"font-weight: 400;\">tancaven l&#8217;antiga Barcelona en aquest mateix carrer i m\u00e9s endavant burgesos i anarquistes es van convertir en protagonistes i enemics durant llargs anys de disputes.<\/span><\/p><p><span style=\"font-weight: 400;\">Avui en dia, Les Rambles han esdevingut un dels<\/span> <b>llocs tur\u00edstics de Barcelona<\/b> <span style=\"font-weight: 400;\">per excel\u00b7l\u00e8ncia i \u00e9s el punt perfecte del mapa, si vols con\u00e8ixer la diversitat multicultural que caracteritza aquesta ciutat.<\/span><\/p>\t\t\t\t\t\t\t\t<\/div>\n\t\t\t\t<\/div>\n\t\t\t\t\t<\/div>\n\t\t<\/div>\n\t\t\t\t\t<\/div>\n\t\t<\/section>\n\t\t\t\t<section class=\"elementor-section elementor-top-section elementor-element elementor-element-e9b80a3 elementor-section-boxed elementor-section-height-default elementor-section-height-default\" data-id=\"e9b80a3\" data-element_type=\"section\">\n\t\t\t\t\t\t<div class=\"elementor-container elementor-column-gap-default\">\n\t\t\t\t\t<div class=\"elementor-column elementor-col-100 elementor-top-column elementor-element elementor-element-9dd7f69\" data-id=\"9dd7f69\" data-element_type=\"column\">\n\t\t\t<div class=\"elementor-widget-wrap elementor-element-populated\">\n\t\t\t\t\t\t<div class=\"elementor-element elementor-element-6e58283 elementor-widget elementor-widget-heading\" data-id=\"6e58283\" data-element_type=\"widget\" data-widget_type=\"heading.default\">\n\t\t\t\t<div class=\"elementor-widget-container\">\n\t\t\t\t\t<h2 class=\"elementor-heading-title elementor-size-default\">7. Contempla la ciutat des del mar<\/h2>\t\t\t\t<\/div>\n\t\t\t\t<\/div>\n\t\t\t\t\t<\/div>\n\t\t<\/div>\n\t\t\t\t\t<\/div>\n\t\t<\/section>\n\t\t\t\t<section class=\"elementor-section elementor-top-section elementor-element elementor-element-7f43acc elementor-section-boxed elementor-section-height-default elementor-section-height-default\" data-id=\"7f43acc\" data-element_type=\"section\">\n\t\t\t\t\t\t<div class=\"elementor-container elementor-column-gap-default\">\n\t\t\t\t\t<div class=\"elementor-column elementor-col-50 elementor-top-column elementor-element elementor-element-02588a6\" data-id=\"02588a6\" data-element_type=\"column\">\n\t\t\t<div class=\"elementor-widget-wrap elementor-element-populated\">\n\t\t\t\t\t\t<div class=\"elementor-element elementor-element-3e17668 elementor-widget elementor-widget-image\" data-id=\"3e17668\" data-element_type=\"widget\" data-widget_type=\"image.default\">\n\t\t\t\t<div class=\"elementor-widget-container\">\n\t\t\t\t\t\t\t\t\t\t\t\t\t\t\t<img loading=\"lazy\" decoding=\"async\" width=\"1024\" height=\"659\" src=\"https:\/\/www.willysplan.com\/wp-content\/uploads\/2023\/04\/mirador-hotel-W-1024x659.jpg\" class=\"attachment-large size-large wp-image-17881\" alt=\"mirador hotel W\" srcset=\"https:\/\/www.willysplan.com\/wp-content\/uploads\/2023\/04\/mirador-hotel-W-1024x659.jpg 1024w, https:\/\/www.willysplan.com\/wp-content\/uploads\/2023\/04\/mirador-hotel-W-300x193.jpg 300w, https:\/\/www.willysplan.com\/wp-content\/uploads\/2023\/04\/mirador-hotel-W-768x494.jpg 768w, https:\/\/www.willysplan.com\/wp-content\/uploads\/2023\/04\/mirador-hotel-W-600x386.jpg 600w, https:\/\/www.willysplan.com\/wp-content\/uploads\/2023\/04\/mirador-hotel-W.jpg 1167w\" sizes=\"(max-width: 1024px) 100vw, 1024px\" \/>\t\t\t\t\t\t\t\t\t\t\t\t\t\t\t<\/div>\n\t\t\t\t<\/div>\n\t\t\t\t\t<\/div>\n\t\t<\/div>\n\t\t\t\t<div class=\"elementor-column elementor-col-50 elementor-top-column elementor-element elementor-element-5a097cc\" data-id=\"5a097cc\" data-element_type=\"column\">\n\t\t\t<div class=\"elementor-widget-wrap elementor-element-populated\">\n\t\t\t\t\t\t<div class=\"elementor-element elementor-element-b0d1a3a elementor-widget elementor-widget-google_maps\" data-id=\"b0d1a3a\" data-element_type=\"widget\" data-widget_type=\"google_maps.default\">\n\t\t\t\t<div class=\"elementor-widget-container\">\n\t\t\t\t\t\t\t<div class=\"elementor-custom-embed\">\n\t\t\t<iframe loading=\"lazy\"\n\t\t\t\t\tsrc=\"https:\/\/maps.google.com\/maps?q=HOTEL%20w&#038;t=m&#038;z=10&#038;output=embed&#038;iwloc=near\"\n\t\t\t\t\ttitle=\"HOTEL w\"\n\t\t\t\t\taria-label=\"HOTEL w\"\n\t\t\t><\/iframe>\n\t\t<\/div>\n\t\t\t\t\t\t<\/div>\n\t\t\t\t<\/div>\n\t\t\t\t\t<\/div>\n\t\t<\/div>\n\t\t\t\t\t<\/div>\n\t\t<\/section>\n\t\t\t\t<section class=\"elementor-section elementor-top-section elementor-element elementor-element-7d32784 elementor-section-boxed elementor-section-height-default elementor-section-height-default\" data-id=\"7d32784\" data-element_type=\"section\">\n\t\t\t\t\t\t<div class=\"elementor-container elementor-column-gap-default\">\n\t\t\t\t\t<div class=\"elementor-column elementor-col-100 elementor-top-column elementor-element elementor-element-a5fbe18\" data-id=\"a5fbe18\" data-element_type=\"column\">\n\t\t\t<div class=\"elementor-widget-wrap elementor-element-populated\">\n\t\t\t\t\t\t<div class=\"elementor-element elementor-element-3baf7dc elementor-widget elementor-widget-text-editor\" data-id=\"3baf7dc\" data-element_type=\"widget\" data-widget_type=\"text-editor.default\">\n\t\t\t\t<div class=\"elementor-widget-container\">\n\t\t\t\t\t\t\t\t\t<p><span style=\"font-weight: 400;\">Estem a punt de presentar-te un dels llocs m\u00e9s originals de Barcelona i que no tothom coneix, ens guardes el secret? Es tracta del<\/span> <b>mirador que hi ha al costat de la fa\u00e7ana mar de l&#8217;Hotel W<\/b><span style=\"font-weight: 400;\">, a Nova Bocana. Aqu\u00ed podr\u00e0s gaudir d&#8217;una vista de 360\u00ba del mar i de la costa de Barcelona.<\/span><\/p><p>Des d&#8217;aquest lloc s&#8217;han enregistrat, per exemple, can\u00e7ons tan famoses com la de &#8220;Un beso de improviso&#8221; d&#8217;Ana Mena i Rocco Hunt, on l&#8217;artista espanyola porta a terme la coreografia als voltants del m\u00edtic Hotel W.<\/p>\t\t\t\t\t\t\t\t<\/div>\n\t\t\t\t<\/div>\n\t\t\t\t\t<\/div>\n\t\t<\/div>\n\t\t\t\t\t<\/div>\n\t\t<\/section>\n\t\t\t\t<section class=\"elementor-section elementor-top-section elementor-element elementor-element-98a519b elementor-section-boxed elementor-section-height-default elementor-section-height-default\" data-id=\"98a519b\" data-element_type=\"section\">\n\t\t\t\t\t\t<div class=\"elementor-container elementor-column-gap-default\">\n\t\t\t\t\t<div class=\"elementor-column elementor-col-100 elementor-top-column elementor-element elementor-element-c89e483\" data-id=\"c89e483\" data-element_type=\"column\">\n\t\t\t<div class=\"elementor-widget-wrap elementor-element-populated\">\n\t\t\t\t\t\t<div class=\"elementor-element elementor-element-d246774 elementor-cta--layout-image-left elementor-cta--valign-middle elementor-hidden-mobile elementor-cta--skin-classic elementor-animated-content elementor-widget elementor-widget-call-to-action\" data-id=\"d246774\" data-element_type=\"widget\" data-widget_type=\"call-to-action.default\">\n\t\t\t\t<div class=\"elementor-widget-container\">\n\t\t\t\t\t\t\t<a class=\"elementor-cta\" href=\"https:\/\/www.willysplan.com\/ca\/tours-privats-barcelona\/tour-per-la-barceloneta\">\n\t\t\t\t\t<div class=\"elementor-cta__bg-wrapper\">\n\t\t\t\t<div class=\"elementor-cta__bg elementor-bg\" style=\"background-image: url(https:\/\/www.willysplan.com\/wp-content\/uploads\/2022\/10\/tour-por-la-barceloneta.webp);\" role=\"img\" aria-label=\"ruta por la barceloneta\"><\/div>\n\t\t\t\t<div class=\"elementor-cta__bg-overlay\"><\/div>\n\t\t\t<\/div>\n\t\t\t\t\t\t\t<div class=\"elementor-cta__content\">\n\t\t\t\t\n\t\t\t\t\t\t\t\t\t<h2 class=\"elementor-cta__title elementor-cta__content-item elementor-content-item\">\n\t\t\t\t\t\tTour per La Barceloneta (la platja de Barcelona)\t\t\t\t\t<\/h2>\n\t\t\t\t\n\t\t\t\t\t\t\t\t\t<div class=\"elementor-cta__description elementor-cta__content-item elementor-content-item\">\n\t\t\t\t\t\t<p>\u2b50\u2b50\u2b50\u2b50\u2b50<\/p>\n<p>\ud83d\udd50 2 hores.<br \/>\ud83d\udcac Espanyol, Angl\u00e8s, Itali\u00e0, Franc\u00e8s, Portugu\u00e8s, Alemany, Xin\u00e8s, Rus i \u00c0rab.<br \/>\u2714 Cancel\u00b7laci\u00f3 gratu\u00efta.<\/p>\n\t\t\t\t\t<\/div>\n\t\t\t\t\n\t\t\t\t\t\t\t<\/div>\n\t\t\t\t\t\t\t<div class=\"elementor-ribbon elementor-ribbon-right\">\n\t\t\t\t<div class=\"elementor-ribbon-inner\">\n\t\t\t\t\tDes de 70\u20ac\t\t\t\t<\/div>\n\t\t\t<\/div>\n\t\t\t\t<\/a>\n\t\t\t\t\t\t<\/div>\n\t\t\t\t<\/div>\n\t\t\t\t\t<\/div>\n\t\t<\/div>\n\t\t\t\t\t<\/div>\n\t\t<\/section>\n\t\t\t\t<section class=\"elementor-section elementor-top-section elementor-element elementor-element-6f25b6e elementor-section-boxed elementor-section-height-default elementor-section-height-default\" data-id=\"6f25b6e\" data-element_type=\"section\">\n\t\t\t\t\t\t<div class=\"elementor-container elementor-column-gap-default\">\n\t\t\t\t\t<div class=\"elementor-column elementor-col-100 elementor-top-column elementor-element elementor-element-af43684\" data-id=\"af43684\" data-element_type=\"column\">\n\t\t\t<div class=\"elementor-widget-wrap elementor-element-populated\">\n\t\t\t\t\t\t<div class=\"elementor-element elementor-element-70e64b6 elementor-cta--layout-image-above elementor-cta--valign-middle elementor-cta--mobile-layout-image-above elementor-hidden-desktop elementor-hidden-tablet elementor-cta--skin-classic elementor-animated-content elementor-widget elementor-widget-call-to-action\" data-id=\"70e64b6\" data-element_type=\"widget\" data-widget_type=\"call-to-action.default\">\n\t\t\t\t<div class=\"elementor-widget-container\">\n\t\t\t\t\t\t\t<a class=\"elementor-cta\" href=\"https:\/\/www.willysplan.com\/ca\/tours-privats-barcelona\/tour-per-la-barceloneta\">\n\t\t\t\t\t<div class=\"elementor-cta__bg-wrapper\">\n\t\t\t\t<div class=\"elementor-cta__bg elementor-bg\" style=\"background-image: url(https:\/\/www.willysplan.com\/wp-content\/uploads\/2022\/10\/tour-por-la-barceloneta.webp);\" role=\"img\" aria-label=\"ruta por la barceloneta\"><\/div>\n\t\t\t\t<div class=\"elementor-cta__bg-overlay\"><\/div>\n\t\t\t<\/div>\n\t\t\t\t\t\t\t<div class=\"elementor-cta__content\">\n\t\t\t\t\n\t\t\t\t\t\t\t\t\t<h2 class=\"elementor-cta__title elementor-cta__content-item elementor-content-item\">\n\t\t\t\t\t\tTour per La Barceloneta (la platja de Barcelona)\t\t\t\t\t<\/h2>\n\t\t\t\t\n\t\t\t\t\t\t\t\t\t<div class=\"elementor-cta__description elementor-cta__content-item elementor-content-item\">\n\t\t\t\t\t\t<p>\u2b50\u2b50\u2b50\u2b50\u2b50<\/p>\n<p>\ud83d\udd50 2 hores.<br \/>\ud83d\udcac Espanyol, Angl\u00e8s, Itali\u00e0, Franc\u00e8s, Portugu\u00e8s, Alemany, Xin\u00e8s, Rus i \u00c0rab.<br \/>\u2714 Cancel\u00b7laci\u00f3 gratu\u00efta.<\/p>\n\t\t\t\t\t<\/div>\n\t\t\t\t\n\t\t\t\t\t\t\t<\/div>\n\t\t\t\t\t\t\t<div class=\"elementor-ribbon elementor-ribbon-right\">\n\t\t\t\t<div class=\"elementor-ribbon-inner\">\n\t\t\t\t\tDes de 70\u20ac\t\t\t\t<\/div>\n\t\t\t<\/div>\n\t\t\t\t<\/a>\n\t\t\t\t\t\t<\/div>\n\t\t\t\t<\/div>\n\t\t\t\t\t<\/div>\n\t\t<\/div>\n\t\t\t\t\t<\/div>\n\t\t<\/section>\n\t\t\t\t<section class=\"elementor-section elementor-top-section elementor-element elementor-element-ddf2d8b elementor-section-boxed elementor-section-height-default elementor-section-height-default\" data-id=\"ddf2d8b\" data-element_type=\"section\">\n\t\t\t\t\t\t<div class=\"elementor-container elementor-column-gap-default\">\n\t\t\t\t\t<div class=\"elementor-column elementor-col-100 elementor-top-column elementor-element elementor-element-ded4bed\" data-id=\"ded4bed\" data-element_type=\"column\">\n\t\t\t<div class=\"elementor-widget-wrap elementor-element-populated\">\n\t\t\t\t\t\t<div class=\"elementor-element elementor-element-7a7fccf elementor-align-center elementor-widget elementor-widget-button\" data-id=\"7a7fccf\" data-element_type=\"widget\" data-widget_type=\"button.default\">\n\t\t\t\t<div class=\"elementor-widget-container\">\n\t\t\t\t\t\t\t\t\t<div class=\"elementor-button-wrapper\">\n\t\t\t\t\t<a class=\"elementor-button elementor-button-link elementor-size-md\" href=\"https:\/\/www.willysplan.com\/ca\/tours-privats-a-barcelona\" rel=\"nofollow\">\n\t\t\t\t\t\t<span class=\"elementor-button-content-wrapper\">\n\t\t\t\t\t\t\t\t\t<span class=\"elementor-button-text\">Veure tots els nostres tours privats<\/span>\n\t\t\t\t\t<\/span>\n\t\t\t\t\t<\/a>\n\t\t\t\t<\/div>\n\t\t\t\t\t\t\t\t<\/div>\n\t\t\t\t<\/div>\n\t\t\t\t\t<\/div>\n\t\t<\/div>\n\t\t\t\t\t<\/div>\n\t\t<\/section>\n\t\t\t\t<section class=\"elementor-section elementor-top-section elementor-element elementor-element-06fc907 elementor-section-boxed elementor-section-height-default elementor-section-height-default\" data-id=\"06fc907\" data-element_type=\"section\">\n\t\t\t\t\t\t<div class=\"elementor-container elementor-column-gap-default\">\n\t\t\t\t\t<div class=\"elementor-column elementor-col-100 elementor-top-column elementor-element elementor-element-faf50e2\" data-id=\"faf50e2\" data-element_type=\"column\">\n\t\t\t<div class=\"elementor-widget-wrap elementor-element-populated\">\n\t\t\t\t\t\t<div class=\"elementor-element elementor-element-f1d8842 elementor-widget elementor-widget-video\" data-id=\"f1d8842\" data-element_type=\"widget\" data-settings=\"{&quot;youtube_url&quot;:&quot;https:\\\/\\\/www.youtube.com\\\/watch?v=mS0re1RKRvI&quot;,&quot;video_type&quot;:&quot;youtube&quot;,&quot;controls&quot;:&quot;yes&quot;}\" data-widget_type=\"video.default\">\n\t\t\t\t<div class=\"elementor-widget-container\">\n\t\t\t\t\t\t\t<div class=\"elementor-wrapper elementor-open-inline\">\n\t\t\t<div class=\"elementor-video\"><\/div>\t\t<\/div>\n\t\t\t\t\t\t<\/div>\n\t\t\t\t<\/div>\n\t\t\t\t\t<\/div>\n\t\t<\/div>\n\t\t\t\t\t<\/div>\n\t\t<\/section>\n\t\t\t\t<section class=\"elementor-section elementor-top-section elementor-element elementor-element-1419b5a elementor-section-boxed elementor-section-height-default elementor-section-height-default\" data-id=\"1419b5a\" data-element_type=\"section\">\n\t\t\t\t\t\t<div class=\"elementor-container elementor-column-gap-default\">\n\t\t\t\t\t<div class=\"elementor-column elementor-col-100 elementor-top-column elementor-element elementor-element-4b25203\" data-id=\"4b25203\" data-element_type=\"column\">\n\t\t\t<div class=\"elementor-widget-wrap elementor-element-populated\">\n\t\t\t\t\t\t<div class=\"elementor-element elementor-element-7d59704 elementor-widget elementor-widget-heading\" data-id=\"7d59704\" data-element_type=\"widget\" data-widget_type=\"heading.default\">\n\t\t\t\t<div class=\"elementor-widget-container\">\n\t\t\t\t\t<h2 class=\"elementor-heading-title elementor-size-default\">8. Els B\u00fanquers del Carmel<\/h2>\t\t\t\t<\/div>\n\t\t\t\t<\/div>\n\t\t\t\t\t<\/div>\n\t\t<\/div>\n\t\t\t\t\t<\/div>\n\t\t<\/section>\n\t\t\t\t<section class=\"elementor-section elementor-top-section elementor-element elementor-element-63e6979 elementor-section-boxed elementor-section-height-default elementor-section-height-default\" data-id=\"63e6979\" data-element_type=\"section\">\n\t\t\t\t\t\t<div class=\"elementor-container elementor-column-gap-default\">\n\t\t\t\t\t<div class=\"elementor-column elementor-col-50 elementor-top-column elementor-element elementor-element-fbc73c9\" data-id=\"fbc73c9\" data-element_type=\"column\">\n\t\t\t<div class=\"elementor-widget-wrap elementor-element-populated\">\n\t\t\t\t\t\t<div class=\"elementor-element elementor-element-75490bd elementor-widget elementor-widget-image\" data-id=\"75490bd\" data-element_type=\"widget\" data-widget_type=\"image.default\">\n\t\t\t\t<div class=\"elementor-widget-container\">\n\t\t\t\t\t\t\t\t\t\t\t\t\t\t\t<img loading=\"lazy\" decoding=\"async\" width=\"1024\" height=\"632\" src=\"https:\/\/www.willysplan.com\/wp-content\/uploads\/2022\/05\/mirador-els-bunkers-1024x632.png\" class=\"attachment-large size-large wp-image-14781\" alt=\"\" srcset=\"https:\/\/www.willysplan.com\/wp-content\/uploads\/2022\/05\/mirador-els-bunkers-1024x632.png 1024w, https:\/\/www.willysplan.com\/wp-content\/uploads\/2022\/05\/mirador-els-bunkers-300x185.png 300w, https:\/\/www.willysplan.com\/wp-content\/uploads\/2022\/05\/mirador-els-bunkers-768x474.png 768w, https:\/\/www.willysplan.com\/wp-content\/uploads\/2022\/05\/mirador-els-bunkers-600x370.png 600w, https:\/\/www.willysplan.com\/wp-content\/uploads\/2022\/05\/mirador-els-bunkers.png 1112w\" sizes=\"(max-width: 1024px) 100vw, 1024px\" \/>\t\t\t\t\t\t\t\t\t\t\t\t\t\t\t<\/div>\n\t\t\t\t<\/div>\n\t\t\t\t\t<\/div>\n\t\t<\/div>\n\t\t\t\t<div class=\"elementor-column elementor-col-50 elementor-top-column elementor-element elementor-element-cd8b428\" data-id=\"cd8b428\" data-element_type=\"column\">\n\t\t\t<div class=\"elementor-widget-wrap elementor-element-populated\">\n\t\t\t\t\t\t<div class=\"elementor-element elementor-element-f7e2e09 elementor-widget elementor-widget-google_maps\" data-id=\"f7e2e09\" data-element_type=\"widget\" data-widget_type=\"google_maps.default\">\n\t\t\t\t<div class=\"elementor-widget-container\">\n\t\t\t\t\t\t\t<div class=\"elementor-custom-embed\">\n\t\t\t<iframe loading=\"lazy\"\n\t\t\t\t\tsrc=\"https:\/\/maps.google.com\/maps?q=muhba%20turo%20&#038;t=m&#038;z=10&#038;output=embed&#038;iwloc=near\"\n\t\t\t\t\ttitle=\"muhba turo \"\n\t\t\t\t\taria-label=\"muhba turo \"\n\t\t\t><\/iframe>\n\t\t<\/div>\n\t\t\t\t\t\t<\/div>\n\t\t\t\t<\/div>\n\t\t\t\t\t<\/div>\n\t\t<\/div>\n\t\t\t\t\t<\/div>\n\t\t<\/section>\n\t\t\t\t<section class=\"elementor-section elementor-top-section elementor-element elementor-element-ddd5a0c elementor-section-boxed elementor-section-height-default elementor-section-height-default\" data-id=\"ddd5a0c\" data-element_type=\"section\">\n\t\t\t\t\t\t<div class=\"elementor-container elementor-column-gap-default\">\n\t\t\t\t\t<div class=\"elementor-column elementor-col-100 elementor-top-column elementor-element elementor-element-eb5cab3\" data-id=\"eb5cab3\" data-element_type=\"column\">\n\t\t\t<div class=\"elementor-widget-wrap elementor-element-populated\">\n\t\t\t\t\t\t<div class=\"elementor-element elementor-element-160c0a4 elementor-widget elementor-widget-text-editor\" data-id=\"160c0a4\" data-element_type=\"widget\" data-widget_type=\"text-editor.default\">\n\t\t\t\t<div class=\"elementor-widget-container\">\n\t\t\t\t\t\t\t\t\t<p><span style=\"font-weight: 400;\">Els<\/span> <b>B\u00fanquers del Carmel<\/b> <span style=\"font-weight: 400;\">\u00e9s un dels plans favorits pels barcelonins i una de les millors coses a fer un diumenge a Barcelona quan tot est\u00e0 serat i tens tot el temps del m\u00f3n. Els b\u00fanquers que hi ha al barri del Carme s\u00f3n unes bateries antia\u00e8ries des de les quals en podr\u00e0s tenir unes <\/span><b>vistes de 360 \u00ba de Barcelona<\/b><span style=\"font-weight: 400;\">. \u00c9s probable que aquest sigui el mirador que val m\u00e9s la pena de tota l&#8217;urbs.<\/span><\/p>\n<\/p>\n<p><span style=\"font-weight: 400;\">Est\u00e0 situat a una al\u00e7ada de 260 metres sobre el nivell del mar, cosa que et permetr\u00e0 veure tota una expansi\u00f3 urbanita dels carrers mil\u00b7lim\u00e8trics i contemplar alguns edificis com la Sagrada Fam\u00edlia. Emporta&#8217;t alguna cosa per prendre i espera que es faci fosc, ja que aquest \u00e9s un dels millors <\/span><b>punts per veure la posta de sol<\/b> <span style=\"font-weight: 400;\">a Barcelona.<\/span><\/p>\n\t\t\t\t\t\t\t\t<\/div>\n\t\t\t\t<\/div>\n\t\t\t\t\t<\/div>\n\t\t<\/div>\n\t\t\t\t\t<\/div>\n\t\t<\/section>\n\t\t\t\t<section class=\"elementor-section elementor-top-section elementor-element elementor-element-34ec1f0 elementor-section-boxed elementor-section-height-default elementor-section-height-default\" data-id=\"34ec1f0\" data-element_type=\"section\">\n\t\t\t\t\t\t<div class=\"elementor-container elementor-column-gap-default\">\n\t\t\t\t\t<div class=\"elementor-column elementor-col-100 elementor-top-column elementor-element elementor-element-5189822\" data-id=\"5189822\" data-element_type=\"column\">\n\t\t\t<div class=\"elementor-widget-wrap elementor-element-populated\">\n\t\t\t\t\t\t<div class=\"elementor-element elementor-element-20eb4c8 elementor-widget elementor-widget-heading\" data-id=\"20eb4c8\" data-element_type=\"widget\" data-widget_type=\"heading.default\">\n\t\t\t\t<div class=\"elementor-widget-container\">\n\t\t\t\t\t<h2 class=\"elementor-heading-title elementor-size-default\">9. Parc G\u00fcell<\/h2>\t\t\t\t<\/div>\n\t\t\t\t<\/div>\n\t\t\t\t\t<\/div>\n\t\t<\/div>\n\t\t\t\t\t<\/div>\n\t\t<\/section>\n\t\t\t\t<section class=\"elementor-section elementor-top-section elementor-element elementor-element-6342444 elementor-section-boxed elementor-section-height-default elementor-section-height-default\" data-id=\"6342444\" data-element_type=\"section\">\n\t\t\t\t\t\t<div class=\"elementor-container elementor-column-gap-default\">\n\t\t\t\t\t<div class=\"elementor-column elementor-col-50 elementor-top-column elementor-element elementor-element-e31b27e\" data-id=\"e31b27e\" data-element_type=\"column\">\n\t\t\t<div class=\"elementor-widget-wrap elementor-element-populated\">\n\t\t\t\t\t\t<div class=\"elementor-element elementor-element-3534196 elementor-widget elementor-widget-image\" data-id=\"3534196\" data-element_type=\"widget\" data-widget_type=\"image.default\">\n\t\t\t\t<div class=\"elementor-widget-container\">\n\t\t\t\t\t\t\t\t\t\t\t\t\t\t\t<img loading=\"lazy\" decoding=\"async\" width=\"780\" height=\"521\" src=\"https:\/\/www.willysplan.com\/wp-content\/uploads\/2022\/08\/visita-guiada-por-el-parc-guell.webp\" class=\"attachment-large size-large wp-image-15061\" alt=\"\" srcset=\"https:\/\/www.willysplan.com\/wp-content\/uploads\/2022\/08\/visita-guiada-por-el-parc-guell.webp 780w, https:\/\/www.willysplan.com\/wp-content\/uploads\/2022\/08\/visita-guiada-por-el-parc-guell-300x200.webp 300w, https:\/\/www.willysplan.com\/wp-content\/uploads\/2022\/08\/visita-guiada-por-el-parc-guell-768x513.webp 768w, https:\/\/www.willysplan.com\/wp-content\/uploads\/2022\/08\/visita-guiada-por-el-parc-guell-600x401.webp 600w\" sizes=\"(max-width: 780px) 100vw, 780px\" \/>\t\t\t\t\t\t\t\t\t\t\t\t\t\t\t<\/div>\n\t\t\t\t<\/div>\n\t\t\t\t\t<\/div>\n\t\t<\/div>\n\t\t\t\t<div class=\"elementor-column elementor-col-50 elementor-top-column elementor-element elementor-element-8f2c6cb\" data-id=\"8f2c6cb\" data-element_type=\"column\">\n\t\t\t<div class=\"elementor-widget-wrap elementor-element-populated\">\n\t\t\t\t\t\t<div class=\"elementor-element elementor-element-17fc9b5 elementor-widget elementor-widget-google_maps\" data-id=\"17fc9b5\" data-element_type=\"widget\" data-widget_type=\"google_maps.default\">\n\t\t\t\t<div class=\"elementor-widget-container\">\n\t\t\t\t\t\t\t<div class=\"elementor-custom-embed\">\n\t\t\t<iframe loading=\"lazy\"\n\t\t\t\t\tsrc=\"https:\/\/maps.google.com\/maps?q=parc%20guell&#038;t=m&#038;z=10&#038;output=embed&#038;iwloc=near\"\n\t\t\t\t\ttitle=\"parc guell\"\n\t\t\t\t\taria-label=\"parc guell\"\n\t\t\t><\/iframe>\n\t\t<\/div>\n\t\t\t\t\t\t<\/div>\n\t\t\t\t<\/div>\n\t\t\t\t\t<\/div>\n\t\t<\/div>\n\t\t\t\t\t<\/div>\n\t\t<\/section>\n\t\t\t\t<section class=\"elementor-section elementor-top-section elementor-element elementor-element-7954886 elementor-section-boxed elementor-section-height-default elementor-section-height-default\" data-id=\"7954886\" data-element_type=\"section\">\n\t\t\t\t\t\t<div class=\"elementor-container elementor-column-gap-default\">\n\t\t\t\t\t<div class=\"elementor-column elementor-col-100 elementor-top-column elementor-element elementor-element-35c2468\" data-id=\"35c2468\" data-element_type=\"column\">\n\t\t\t<div class=\"elementor-widget-wrap elementor-element-populated\">\n\t\t\t\t\t\t<div class=\"elementor-element elementor-element-307b3cf elementor-widget elementor-widget-text-editor\" data-id=\"307b3cf\" data-element_type=\"widget\" data-widget_type=\"text-editor.default\">\n\t\t\t\t<div class=\"elementor-widget-container\">\n\t\t\t\t\t\t\t\t\t<p><span style=\"font-weight: 400;\">Seguim amb la nostra selecci\u00f3 de les millors coses a fer a Barcelona amb un dels llocs tur\u00edstics per excel\u00b7l\u00e8ncia:<\/span> <b>el Parc G\u00fcell<\/b><span style=\"font-weight: 400;\">. Aquest \u00e9s un jard\u00ed preci\u00f3s que t\u00e9 vistes incre\u00efbles, les construccions m\u00e9s caracter\u00edstiques de Gaud\u00ed, molta natura, etc. Per accedir al parc haur\u00e0s de pagar, per\u00f2 els voltants s\u00f3n gratu\u00efts i tenen algunes passejades molt boniques.<\/span><\/p>\n<p><span style=\"font-weight: 400;\">Veu amb temps perqu\u00e8<\/span> <b>les vistes de la ciutat<\/b> <span style=\"font-weight: 400;\">des d&#8217;all\u00e0 s\u00f3n realment hipn\u00f2tiques i no volem que hagis de passar per alt aquesta meravella de Barcelona.<\/span><\/p>\n\t\t\t\t\t\t\t\t<\/div>\n\t\t\t\t<\/div>\n\t\t\t\t\t<\/div>\n\t\t<\/div>\n\t\t\t\t\t<\/div>\n\t\t<\/section>\n\t\t\t\t<section class=\"elementor-section elementor-top-section elementor-element elementor-element-23609e0 elementor-section-boxed elementor-section-height-default elementor-section-height-default\" data-id=\"23609e0\" data-element_type=\"section\">\n\t\t\t\t\t\t<div class=\"elementor-container elementor-column-gap-default\">\n\t\t\t\t\t<div class=\"elementor-column elementor-col-100 elementor-top-column elementor-element elementor-element-51008bb\" data-id=\"51008bb\" data-element_type=\"column\">\n\t\t\t<div class=\"elementor-widget-wrap elementor-element-populated\">\n\t\t\t\t\t\t<div class=\"elementor-element elementor-element-fb8ccd1 elementor-widget elementor-widget-heading\" data-id=\"fb8ccd1\" data-element_type=\"widget\" data-widget_type=\"heading.default\">\n\t\t\t\t<div class=\"elementor-widget-container\">\n\t\t\t\t\t<h2 class=\"elementor-heading-title elementor-size-default\">10. La Sagrada Fam\u00edlia<\/h2>\t\t\t\t<\/div>\n\t\t\t\t<\/div>\n\t\t\t\t\t<\/div>\n\t\t<\/div>\n\t\t\t\t\t<\/div>\n\t\t<\/section>\n\t\t\t\t<section class=\"elementor-section elementor-top-section elementor-element elementor-element-d61a169 elementor-section-boxed elementor-section-height-default elementor-section-height-default\" data-id=\"d61a169\" data-element_type=\"section\">\n\t\t\t\t\t\t<div class=\"elementor-container elementor-column-gap-default\">\n\t\t\t\t\t<div class=\"elementor-column elementor-col-50 elementor-top-column elementor-element elementor-element-38633b4\" data-id=\"38633b4\" data-element_type=\"column\">\n\t\t\t<div class=\"elementor-widget-wrap elementor-element-populated\">\n\t\t\t\t\t\t<div class=\"elementor-element elementor-element-2fd6558 elementor-widget elementor-widget-image\" data-id=\"2fd6558\" data-element_type=\"widget\" data-widget_type=\"image.default\">\n\t\t\t\t<div class=\"elementor-widget-container\">\n\t\t\t\t\t\t\t\t\t\t\t\t\t\t\t<img loading=\"lazy\" decoding=\"async\" width=\"1024\" height=\"630\" src=\"https:\/\/www.willysplan.com\/wp-content\/uploads\/2022\/10\/tour-sagrada-familia-3-1024x630.webp\" class=\"attachment-large size-large wp-image-15273\" alt=\"\" srcset=\"https:\/\/www.willysplan.com\/wp-content\/uploads\/2022\/10\/tour-sagrada-familia-3-1024x630.webp 1024w, https:\/\/www.willysplan.com\/wp-content\/uploads\/2022\/10\/tour-sagrada-familia-3-300x185.webp 300w, https:\/\/www.willysplan.com\/wp-content\/uploads\/2022\/10\/tour-sagrada-familia-3-768x473.webp 768w, https:\/\/www.willysplan.com\/wp-content\/uploads\/2022\/10\/tour-sagrada-familia-3-600x369.webp 600w, https:\/\/www.willysplan.com\/wp-content\/uploads\/2022\/10\/tour-sagrada-familia-3.webp 1331w\" sizes=\"(max-width: 1024px) 100vw, 1024px\" \/>\t\t\t\t\t\t\t\t\t\t\t\t\t\t\t<\/div>\n\t\t\t\t<\/div>\n\t\t\t\t\t<\/div>\n\t\t<\/div>\n\t\t\t\t<div class=\"elementor-column elementor-col-50 elementor-top-column elementor-element elementor-element-bf71cd5\" data-id=\"bf71cd5\" data-element_type=\"column\">\n\t\t\t<div class=\"elementor-widget-wrap elementor-element-populated\">\n\t\t\t\t\t\t<div class=\"elementor-element elementor-element-5fc7259 elementor-widget elementor-widget-google_maps\" data-id=\"5fc7259\" data-element_type=\"widget\" data-widget_type=\"google_maps.default\">\n\t\t\t\t<div class=\"elementor-widget-container\">\n\t\t\t\t\t\t\t<div class=\"elementor-custom-embed\">\n\t\t\t<iframe loading=\"lazy\"\n\t\t\t\t\tsrc=\"https:\/\/maps.google.com\/maps?q=basilica%20sagrada%20familia&#038;t=m&#038;z=10&#038;output=embed&#038;iwloc=near\"\n\t\t\t\t\ttitle=\"basilica sagrada familia\"\n\t\t\t\t\taria-label=\"basilica sagrada familia\"\n\t\t\t><\/iframe>\n\t\t<\/div>\n\t\t\t\t\t\t<\/div>\n\t\t\t\t<\/div>\n\t\t\t\t\t<\/div>\n\t\t<\/div>\n\t\t\t\t\t<\/div>\n\t\t<\/section>\n\t\t\t\t<section class=\"elementor-section elementor-top-section elementor-element elementor-element-da9f7ae elementor-section-boxed elementor-section-height-default elementor-section-height-default\" data-id=\"da9f7ae\" data-element_type=\"section\">\n\t\t\t\t\t\t<div class=\"elementor-container elementor-column-gap-default\">\n\t\t\t\t\t<div class=\"elementor-column elementor-col-100 elementor-top-column elementor-element elementor-element-f2c7577\" data-id=\"f2c7577\" data-element_type=\"column\">\n\t\t\t<div class=\"elementor-widget-wrap elementor-element-populated\">\n\t\t\t\t\t\t<div class=\"elementor-element elementor-element-f42615b elementor-widget elementor-widget-text-editor\" data-id=\"f42615b\" data-element_type=\"widget\" data-widget_type=\"text-editor.default\">\n\t\t\t\t<div class=\"elementor-widget-container\">\n\t\t\t\t\t\t\t\t\t<p><span style=\"font-weight: 400;\">Encara no hem parlat de<\/span> <b>la Sagrada Fam\u00edlia<\/b><span style=\"font-weight: 400;\">? Doncs hi anem!<\/span><\/p>\n<p><span style=\"font-weight: 400;\">Aquesta obra mestra del modernisme \u00e9s l&#8217;<\/span> <b>emblema de la ciutat<\/b><span style=\"font-weight: 400;\"> i un dels llocs bonics per visitar a Barcelona. La construcci\u00f3 del temple dissenyat per l&#8217;arquitecte Antoni Gaud\u00ed es va iniciar l&#8217;any 1882, tot i que les obres encara no s&#8217;han acabat. Resulta molt inspirador contemplar les diferents fa\u00e7anes i observar l&#8217;atenci\u00f3 que se li ha prestat a cada detall.<\/span><\/p>\n<p><span style=\"font-weight: 400;\">Tant l&#8217;interior com l&#8217;exterior de la bas\u00edlica, encara que tingui molts visitants, continua preservant aquesta m\u00e0gia que la fa \u00fanica. Tots i cadascun dels elements que conformen el seu disseny contenen algun<\/span><b> simbolisme religi\u00f3s<\/b><span style=\"font-weight: 400;\">, per tant si no et vols perdre cap detall, el millor \u00e9s que contractis una visita guiada com ho fem des de Willy&#8217;s Plan, amb el <a href=\"https:\/\/www.willysplan.com\/ca\/tours-privats-barcelona\/tour-per-lexterior-de-la-sagrada-familia\">tour per la Sagrada Fam\u00edlia de Barcelona<\/a> . Descobreix-ho aqu\u00ed:<\/span><\/p>\n\t\t\t\t\t\t\t\t<\/div>\n\t\t\t\t<\/div>\n\t\t\t\t\t<\/div>\n\t\t<\/div>\n\t\t\t\t\t<\/div>\n\t\t<\/section>\n\t\t\t\t<section class=\"elementor-section elementor-top-section elementor-element elementor-element-edc757c elementor-section-boxed elementor-section-height-default elementor-section-height-default\" data-id=\"edc757c\" data-element_type=\"section\">\n\t\t\t\t\t\t<div class=\"elementor-container elementor-column-gap-default\">\n\t\t\t\t\t<div class=\"elementor-column elementor-col-100 elementor-top-column elementor-element elementor-element-65275f9\" data-id=\"65275f9\" data-element_type=\"column\">\n\t\t\t<div class=\"elementor-widget-wrap elementor-element-populated\">\n\t\t\t\t\t\t<div class=\"elementor-element elementor-element-7a71db9 elementor-cta--layout-image-left elementor-cta--valign-middle elementor-hidden-mobile elementor-cta--skin-classic elementor-animated-content elementor-widget elementor-widget-call-to-action\" data-id=\"7a71db9\" data-element_type=\"widget\" data-widget_type=\"call-to-action.default\">\n\t\t\t\t<div class=\"elementor-widget-container\">\n\t\t\t\t\t\t\t<a class=\"elementor-cta\" href=\"https:\/\/www.willysplan.com\/ca\/tours-privats-barcelona\/tour-per-lexterior-de-la-sagrada-familia\">\n\t\t\t\t\t<div class=\"elementor-cta__bg-wrapper\">\n\t\t\t\t<div class=\"elementor-cta__bg elementor-bg\" style=\"background-image: url(https:\/\/www.willysplan.com\/wp-content\/uploads\/2022\/08\/excursion-guiada-sagrada-familia.webp);\" role=\"img\" aria-label=\"excursion guiada sagrada familia\"><\/div>\n\t\t\t\t<div class=\"elementor-cta__bg-overlay\"><\/div>\n\t\t\t<\/div>\n\t\t\t\t\t\t\t<div class=\"elementor-cta__content\">\n\t\t\t\t\n\t\t\t\t\t\t\t\t\t<h2 class=\"elementor-cta__title elementor-cta__content-item elementor-content-item\">\n\t\t\t\t\t\tTour per l'exterior de la Sagrada Fam\u00edlia\t\t\t\t\t<\/h2>\n\t\t\t\t\n\t\t\t\t\t\t\t\t\t<div class=\"elementor-cta__description elementor-cta__content-item elementor-content-item\">\n\t\t\t\t\t\t<p>\u2b50\u2b50\u2b50\u2b50\u2b50<\/p>\n<p>\ud83d\udd50 2 hores.<br \/>\ud83d\udcac Espanyol, Angl\u00e8s, Itali\u00e0, Franc\u00e8s, Portugu\u00e8s, Alemany, Xin\u00e8s, Rus i \u00c0rab.<br \/>\u2714 Cancel\u00b7laci\u00f3 gratu\u00efta.<\/p>\n\t\t\t\t\t<\/div>\n\t\t\t\t\n\t\t\t\t\t\t\t<\/div>\n\t\t\t\t\t\t\t<div class=\"elementor-ribbon elementor-ribbon-right\">\n\t\t\t\t<div class=\"elementor-ribbon-inner\">\n\t\t\t\t\tDes de 70\u20ac\t\t\t\t<\/div>\n\t\t\t<\/div>\n\t\t\t\t<\/a>\n\t\t\t\t\t\t<\/div>\n\t\t\t\t<\/div>\n\t\t\t\t\t<\/div>\n\t\t<\/div>\n\t\t\t\t\t<\/div>\n\t\t<\/section>\n\t\t\t\t<section class=\"elementor-section elementor-top-section elementor-element elementor-element-0b21213 elementor-section-boxed elementor-section-height-default elementor-section-height-default\" data-id=\"0b21213\" data-element_type=\"section\">\n\t\t\t\t\t\t<div class=\"elementor-container elementor-column-gap-default\">\n\t\t\t\t\t<div class=\"elementor-column elementor-col-100 elementor-top-column elementor-element elementor-element-7bfd9f1\" data-id=\"7bfd9f1\" data-element_type=\"column\">\n\t\t\t<div class=\"elementor-widget-wrap elementor-element-populated\">\n\t\t\t\t\t\t<div class=\"elementor-element elementor-element-346eda8 elementor-cta--layout-image-above elementor-cta--valign-middle elementor-cta--mobile-layout-image-above elementor-hidden-desktop elementor-hidden-tablet elementor-cta--skin-classic elementor-animated-content elementor-widget elementor-widget-call-to-action\" data-id=\"346eda8\" data-element_type=\"widget\" data-widget_type=\"call-to-action.default\">\n\t\t\t\t<div class=\"elementor-widget-container\">\n\t\t\t\t\t\t\t<a class=\"elementor-cta\" href=\"https:\/\/www.willysplan.com\/ca\/tours-privats-barcelona\/tour-per-lexterior-de-la-sagrada-familia\">\n\t\t\t\t\t<div class=\"elementor-cta__bg-wrapper\">\n\t\t\t\t<div class=\"elementor-cta__bg elementor-bg\" style=\"background-image: url(https:\/\/www.willysplan.com\/wp-content\/uploads\/2022\/08\/excursion-guiada-sagrada-familia.webp);\" role=\"img\" aria-label=\"excursion guiada sagrada familia\"><\/div>\n\t\t\t\t<div class=\"elementor-cta__bg-overlay\"><\/div>\n\t\t\t<\/div>\n\t\t\t\t\t\t\t<div class=\"elementor-cta__content\">\n\t\t\t\t\n\t\t\t\t\t\t\t\t\t<h2 class=\"elementor-cta__title elementor-cta__content-item elementor-content-item\">\n\t\t\t\t\t\tTour per l'exterior de la Sagrada Fam\u00edlia\t\t\t\t\t<\/h2>\n\t\t\t\t\n\t\t\t\t\t\t\t\t\t<div class=\"elementor-cta__description elementor-cta__content-item elementor-content-item\">\n\t\t\t\t\t\t<p>\u2b50\u2b50\u2b50\u2b50\u2b50<\/p>\n<p>\ud83d\udd50 2 hores.<br \/>\ud83d\udcac Espanyol, Angl\u00e8s, Itali\u00e0, Franc\u00e8s, Portugu\u00e8s, Alemany, Xin\u00e8s, Rus i \u00c0rab.<br \/>\u2714 Cancel\u00b7laci\u00f3 gratu\u00efta.<\/p>\n\t\t\t\t\t<\/div>\n\t\t\t\t\n\t\t\t\t\t\t\t<\/div>\n\t\t\t\t\t\t\t<div class=\"elementor-ribbon elementor-ribbon-right\">\n\t\t\t\t<div class=\"elementor-ribbon-inner\">\n\t\t\t\t\tDes de 70\u20ac\t\t\t\t<\/div>\n\t\t\t<\/div>\n\t\t\t\t<\/a>\n\t\t\t\t\t\t<\/div>\n\t\t\t\t<\/div>\n\t\t\t\t\t<\/div>\n\t\t<\/div>\n\t\t\t\t\t<\/div>\n\t\t<\/section>\n\t\t\t\t<section class=\"elementor-section elementor-top-section elementor-element elementor-element-f59e4d4 elementor-section-boxed elementor-section-height-default elementor-section-height-default\" data-id=\"f59e4d4\" data-element_type=\"section\">\n\t\t\t\t\t\t<div class=\"elementor-container elementor-column-gap-default\">\n\t\t\t\t\t<div class=\"elementor-column elementor-col-100 elementor-top-column elementor-element elementor-element-19ec0d8\" data-id=\"19ec0d8\" data-element_type=\"column\">\n\t\t\t<div class=\"elementor-widget-wrap elementor-element-populated\">\n\t\t\t\t\t\t<div class=\"elementor-element elementor-element-18b28fe elementor-align-center elementor-widget elementor-widget-button\" data-id=\"18b28fe\" data-element_type=\"widget\" data-widget_type=\"button.default\">\n\t\t\t\t<div class=\"elementor-widget-container\">\n\t\t\t\t\t\t\t\t\t<div class=\"elementor-button-wrapper\">\n\t\t\t\t\t<a class=\"elementor-button elementor-button-link elementor-size-md\" href=\"https:\/\/www.willysplan.com\/ca\/tours-privats-a-barcelona\" rel=\"nofollow\">\n\t\t\t\t\t\t<span class=\"elementor-button-content-wrapper\">\n\t\t\t\t\t\t\t\t\t<span class=\"elementor-button-text\">Veure tots els nostres tours privats<\/span>\n\t\t\t\t\t<\/span>\n\t\t\t\t\t<\/a>\n\t\t\t\t<\/div>\n\t\t\t\t\t\t\t\t<\/div>\n\t\t\t\t<\/div>\n\t\t\t\t\t<\/div>\n\t\t<\/div>\n\t\t\t\t\t<\/div>\n\t\t<\/section>\n\t\t\t\t<section class=\"elementor-section elementor-top-section elementor-element elementor-element-e7e6776 elementor-section-boxed elementor-section-height-default elementor-section-height-default\" data-id=\"e7e6776\" data-element_type=\"section\">\n\t\t\t\t\t\t<div class=\"elementor-container elementor-column-gap-default\">\n\t\t\t\t\t<div class=\"elementor-column elementor-col-100 elementor-top-column elementor-element elementor-element-593fa9a\" data-id=\"593fa9a\" data-element_type=\"column\">\n\t\t\t<div class=\"elementor-widget-wrap elementor-element-populated\">\n\t\t\t\t\t\t<div class=\"elementor-element elementor-element-d31154d elementor-widget elementor-widget-heading\" data-id=\"d31154d\" data-element_type=\"widget\" data-widget_type=\"heading.default\">\n\t\t\t\t<div class=\"elementor-widget-container\">\n\t\t\t\t\t<h2 class=\"elementor-heading-title elementor-size-default\">11. El Museu de Picasso<\/h2>\t\t\t\t<\/div>\n\t\t\t\t<\/div>\n\t\t\t\t\t<\/div>\n\t\t<\/div>\n\t\t\t\t\t<\/div>\n\t\t<\/section>\n\t\t\t\t<section class=\"elementor-section elementor-top-section elementor-element elementor-element-dae6283 elementor-section-boxed elementor-section-height-default elementor-section-height-default\" data-id=\"dae6283\" data-element_type=\"section\">\n\t\t\t\t\t\t<div class=\"elementor-container elementor-column-gap-default\">\n\t\t\t\t\t<div class=\"elementor-column elementor-col-50 elementor-top-column elementor-element elementor-element-af2da0c\" data-id=\"af2da0c\" data-element_type=\"column\">\n\t\t\t<div class=\"elementor-widget-wrap elementor-element-populated\">\n\t\t\t\t\t\t<div class=\"elementor-element elementor-element-f2d1bb0 elementor-widget elementor-widget-image\" data-id=\"f2d1bb0\" data-element_type=\"widget\" data-widget_type=\"image.default\">\n\t\t\t\t<div class=\"elementor-widget-container\">\n\t\t\t\t\t\t\t\t\t\t\t\t\t\t\t<img loading=\"lazy\" decoding=\"async\" width=\"1024\" height=\"551\" src=\"https:\/\/www.willysplan.com\/wp-content\/uploads\/2022\/11\/pablo-picasso-museo-picasso-1024x551.webp\" class=\"attachment-large size-large wp-image-15355\" alt=\"pablo picasso - museo picasso\" srcset=\"https:\/\/www.willysplan.com\/wp-content\/uploads\/2022\/11\/pablo-picasso-museo-picasso-1024x551.webp 1024w, https:\/\/www.willysplan.com\/wp-content\/uploads\/2022\/11\/pablo-picasso-museo-picasso-300x161.webp 300w, https:\/\/www.willysplan.com\/wp-content\/uploads\/2022\/11\/pablo-picasso-museo-picasso-768x413.webp 768w, https:\/\/www.willysplan.com\/wp-content\/uploads\/2022\/11\/pablo-picasso-museo-picasso-1536x826.webp 1536w, https:\/\/www.willysplan.com\/wp-content\/uploads\/2022\/11\/pablo-picasso-museo-picasso-600x323.webp 600w, https:\/\/www.willysplan.com\/wp-content\/uploads\/2022\/11\/pablo-picasso-museo-picasso.webp 1539w\" sizes=\"(max-width: 1024px) 100vw, 1024px\" \/>\t\t\t\t\t\t\t\t\t\t\t\t\t\t\t<\/div>\n\t\t\t\t<\/div>\n\t\t\t\t\t<\/div>\n\t\t<\/div>\n\t\t\t\t<div class=\"elementor-column elementor-col-50 elementor-top-column elementor-element elementor-element-db13350\" data-id=\"db13350\" data-element_type=\"column\">\n\t\t\t<div class=\"elementor-widget-wrap elementor-element-populated\">\n\t\t\t\t\t\t<div class=\"elementor-element elementor-element-9fb8322 elementor-widget elementor-widget-google_maps\" data-id=\"9fb8322\" data-element_type=\"widget\" data-widget_type=\"google_maps.default\">\n\t\t\t\t<div class=\"elementor-widget-container\">\n\t\t\t\t\t\t\t<div class=\"elementor-custom-embed\">\n\t\t\t<iframe loading=\"lazy\"\n\t\t\t\t\tsrc=\"https:\/\/maps.google.com\/maps?q=museo%20picasso&#038;t=m&#038;z=10&#038;output=embed&#038;iwloc=near\"\n\t\t\t\t\ttitle=\"museo picasso\"\n\t\t\t\t\taria-label=\"museo picasso\"\n\t\t\t><\/iframe>\n\t\t<\/div>\n\t\t\t\t\t\t<\/div>\n\t\t\t\t<\/div>\n\t\t\t\t\t<\/div>\n\t\t<\/div>\n\t\t\t\t\t<\/div>\n\t\t<\/section>\n\t\t\t\t<section class=\"elementor-section elementor-top-section elementor-element elementor-element-dd89423 elementor-section-boxed elementor-section-height-default elementor-section-height-default\" data-id=\"dd89423\" data-element_type=\"section\">\n\t\t\t\t\t\t<div class=\"elementor-container elementor-column-gap-default\">\n\t\t\t\t\t<div class=\"elementor-column elementor-col-100 elementor-top-column elementor-element elementor-element-30c265a\" data-id=\"30c265a\" data-element_type=\"column\">\n\t\t\t<div class=\"elementor-widget-wrap elementor-element-populated\">\n\t\t\t\t\t\t<div class=\"elementor-element elementor-element-6973110 elementor-widget elementor-widget-text-editor\" data-id=\"6973110\" data-element_type=\"widget\" data-widget_type=\"text-editor.default\">\n\t\t\t\t<div class=\"elementor-widget-container\">\n\t\t\t\t\t\t\t\t\t<p><span style=\"font-weight: 400;\">Al barri G\u00f2tic es troba el<\/span> <b>Museu de Picasso,<\/b><span style=\"font-weight: 400;\"> un dels millors plans de fer una tarda a Barcelona. Aquest pintor i escultor malagueny va cr\u00e9ixer i es va formar a Barcelona i ell mateix va decidir obrir un museu dedicat a la seva obra a aquesta ciutat. <\/span><\/p>\n<p><span style=\"font-weight: 400;\">Actualment compta amb m\u00e9s de<\/span> <b>400 obres originals de l&#8217;autor<\/b> <span style=\"font-weight: 400;\">i la majoria de pintures formen part de l&#8217;\u00e8poca de la joventut, quan l&#8217;autor era a Barcelona. Com a obra destacada es pot veure una s\u00e8rie de 58 pintures de la interpretaci\u00f3 personal de les Meninas de Vel\u00e1zquez.<\/span><\/p>\n<p>Si sou un apassionat d&#8217;aquesta tem\u00e0tica, descobriu el <a href=\"https:\/\/www.willysplan.com\/ca\/tours-privats-barcelona\/tour-de-pablo-picasso-i-barcelona\">tour de Pablo Picasso<\/a> que us deixem a continuaci\u00f3:<\/p>\n\t\t\t\t\t\t\t\t<\/div>\n\t\t\t\t<\/div>\n\t\t\t\t\t<\/div>\n\t\t<\/div>\n\t\t\t\t\t<\/div>\n\t\t<\/section>\n\t\t\t\t<section class=\"elementor-section elementor-top-section elementor-element elementor-element-286b109 elementor-section-boxed elementor-section-height-default elementor-section-height-default\" data-id=\"286b109\" data-element_type=\"section\">\n\t\t\t\t\t\t<div class=\"elementor-container elementor-column-gap-default\">\n\t\t\t\t\t<div class=\"elementor-column elementor-col-100 elementor-top-column elementor-element elementor-element-132418b\" data-id=\"132418b\" data-element_type=\"column\">\n\t\t\t<div class=\"elementor-widget-wrap elementor-element-populated\">\n\t\t\t\t\t\t<div class=\"elementor-element elementor-element-3ced054 elementor-cta--layout-image-left elementor-cta--valign-middle elementor-hidden-mobile elementor-cta--skin-classic elementor-animated-content elementor-widget elementor-widget-call-to-action\" data-id=\"3ced054\" data-element_type=\"widget\" data-widget_type=\"call-to-action.default\">\n\t\t\t\t<div class=\"elementor-widget-container\">\n\t\t\t\t\t\t\t<a class=\"elementor-cta\" href=\"https:\/\/www.willysplan.com\/ca\/tours-privats-barcelona\/tour-de-pablo-picasso-i-barcelona\">\n\t\t\t\t\t<div class=\"elementor-cta__bg-wrapper\">\n\t\t\t\t<div class=\"elementor-cta__bg elementor-bg\" style=\"background-image: url(https:\/\/www.willysplan.com\/wp-content\/uploads\/2021\/11\/museopicasso.jpg);\" role=\"img\" aria-label=\"museopicasso\"><\/div>\n\t\t\t\t<div class=\"elementor-cta__bg-overlay\"><\/div>\n\t\t\t<\/div>\n\t\t\t\t\t\t\t<div class=\"elementor-cta__content\">\n\t\t\t\t\n\t\t\t\t\t\t\t\t\t<h2 class=\"elementor-cta__title elementor-cta__content-item elementor-content-item\">\n\t\t\t\t\t\tTour de Pablo Picasso i Barcelona\t\t\t\t\t<\/h2>\n\t\t\t\t\n\t\t\t\t\t\t\t\t\t<div class=\"elementor-cta__description elementor-cta__content-item elementor-content-item\">\n\t\t\t\t\t\t<p>\u2b50\u2b50\u2b50\u2b50\u2b50<\/p>\n<p>\ud83d\udd50 2 hores.<br \/>\ud83d\udcac Espanyol, Angl\u00e8s, Itali\u00e0, Franc\u00e8s, Portugu\u00e8s, Alemany, Xin\u00e8s, Rus i \u00c0rab.<br \/>\u2714 Cancel\u00b7laci\u00f3 gratu\u00efta.<\/p>\n\t\t\t\t\t<\/div>\n\t\t\t\t\n\t\t\t\t\t\t\t<\/div>\n\t\t\t\t\t\t\t<div class=\"elementor-ribbon elementor-ribbon-right\">\n\t\t\t\t<div class=\"elementor-ribbon-inner\">\n\t\t\t\t\tDes de 70\u20ac\t\t\t\t<\/div>\n\t\t\t<\/div>\n\t\t\t\t<\/a>\n\t\t\t\t\t\t<\/div>\n\t\t\t\t<\/div>\n\t\t\t\t\t<\/div>\n\t\t<\/div>\n\t\t\t\t\t<\/div>\n\t\t<\/section>\n\t\t\t\t<section class=\"elementor-section elementor-top-section elementor-element elementor-element-34c8779 elementor-section-boxed elementor-section-height-default elementor-section-height-default\" data-id=\"34c8779\" data-element_type=\"section\">\n\t\t\t\t\t\t<div class=\"elementor-container elementor-column-gap-default\">\n\t\t\t\t\t<div class=\"elementor-column elementor-col-100 elementor-top-column elementor-element elementor-element-200b821\" data-id=\"200b821\" data-element_type=\"column\">\n\t\t\t<div class=\"elementor-widget-wrap elementor-element-populated\">\n\t\t\t\t\t\t<div class=\"elementor-element elementor-element-9100df0 elementor-cta--layout-image-above elementor-cta--valign-middle elementor-cta--mobile-layout-image-above elementor-hidden-desktop elementor-hidden-tablet elementor-cta--skin-classic elementor-animated-content elementor-widget elementor-widget-call-to-action\" data-id=\"9100df0\" data-element_type=\"widget\" data-widget_type=\"call-to-action.default\">\n\t\t\t\t<div class=\"elementor-widget-container\">\n\t\t\t\t\t\t\t<a class=\"elementor-cta\" href=\"https:\/\/www.willysplan.com\/ca\/tours-privats-barcelona\/tour-de-pablo-picasso-i-barcelona\">\n\t\t\t\t\t<div class=\"elementor-cta__bg-wrapper\">\n\t\t\t\t<div class=\"elementor-cta__bg elementor-bg\" style=\"background-image: url(https:\/\/www.willysplan.com\/wp-content\/uploads\/2021\/11\/museopicasso.jpg);\" role=\"img\" aria-label=\"museopicasso\"><\/div>\n\t\t\t\t<div class=\"elementor-cta__bg-overlay\"><\/div>\n\t\t\t<\/div>\n\t\t\t\t\t\t\t<div class=\"elementor-cta__content\">\n\t\t\t\t\n\t\t\t\t\t\t\t\t\t<h2 class=\"elementor-cta__title elementor-cta__content-item elementor-content-item\">\n\t\t\t\t\t\tTour de Pablo Picasso i Barcelona\t\t\t\t\t<\/h2>\n\t\t\t\t\n\t\t\t\t\t\t\t\t\t<div class=\"elementor-cta__description elementor-cta__content-item elementor-content-item\">\n\t\t\t\t\t\t<p>\u2b50\u2b50\u2b50\u2b50\u2b50<\/p>\n<p>\ud83d\udd50 2 hores.<br \/>\ud83d\udcac Espanyol, Angl\u00e8s, Itali\u00e0, Franc\u00e8s, Portugu\u00e8s, Alemany, Xin\u00e8s, Rus i \u00c0rab.<br \/>\u2714 Cancel\u00b7laci\u00f3 gratu\u00efta.<\/p>\n\t\t\t\t\t<\/div>\n\t\t\t\t\n\t\t\t\t\t\t\t<\/div>\n\t\t\t\t\t\t\t<div class=\"elementor-ribbon elementor-ribbon-right\">\n\t\t\t\t<div class=\"elementor-ribbon-inner\">\n\t\t\t\t\tDes de 70\u20ac\t\t\t\t<\/div>\n\t\t\t<\/div>\n\t\t\t\t<\/a>\n\t\t\t\t\t\t<\/div>\n\t\t\t\t<\/div>\n\t\t\t\t\t<\/div>\n\t\t<\/div>\n\t\t\t\t\t<\/div>\n\t\t<\/section>\n\t\t\t\t<section class=\"elementor-section elementor-top-section elementor-element elementor-element-ffe0acc elementor-section-boxed elementor-section-height-default elementor-section-height-default\" data-id=\"ffe0acc\" data-element_type=\"section\">\n\t\t\t\t\t\t<div class=\"elementor-container elementor-column-gap-default\">\n\t\t\t\t\t<div class=\"elementor-column elementor-col-100 elementor-top-column elementor-element elementor-element-f16d111\" data-id=\"f16d111\" data-element_type=\"column\">\n\t\t\t<div class=\"elementor-widget-wrap elementor-element-populated\">\n\t\t\t\t\t\t<div class=\"elementor-element elementor-element-c9e31f8 elementor-align-center elementor-widget elementor-widget-button\" data-id=\"c9e31f8\" data-element_type=\"widget\" data-widget_type=\"button.default\">\n\t\t\t\t<div class=\"elementor-widget-container\">\n\t\t\t\t\t\t\t\t\t<div class=\"elementor-button-wrapper\">\n\t\t\t\t\t<a class=\"elementor-button elementor-button-link elementor-size-md\" href=\"https:\/\/www.willysplan.com\/ca\/tours-privats-a-barcelona\" rel=\"nofollow\">\n\t\t\t\t\t\t<span class=\"elementor-button-content-wrapper\">\n\t\t\t\t\t\t\t\t\t<span class=\"elementor-button-text\">Veure tots els nostres tours privats<\/span>\n\t\t\t\t\t<\/span>\n\t\t\t\t\t<\/a>\n\t\t\t\t<\/div>\n\t\t\t\t\t\t\t\t<\/div>\n\t\t\t\t<\/div>\n\t\t\t\t\t<\/div>\n\t\t<\/div>\n\t\t\t\t\t<\/div>\n\t\t<\/section>\n\t\t\t\t<section class=\"elementor-section elementor-top-section elementor-element elementor-element-4c43230 elementor-section-boxed elementor-section-height-default elementor-section-height-default\" data-id=\"4c43230\" data-element_type=\"section\">\n\t\t\t\t\t\t<div class=\"elementor-container elementor-column-gap-default\">\n\t\t\t\t\t<div class=\"elementor-column elementor-col-100 elementor-top-column elementor-element elementor-element-d774467\" data-id=\"d774467\" data-element_type=\"column\">\n\t\t\t<div class=\"elementor-widget-wrap elementor-element-populated\">\n\t\t\t\t\t\t<div class=\"elementor-element elementor-element-a9ac326 elementor-widget elementor-widget-heading\" data-id=\"a9ac326\" data-element_type=\"widget\" data-widget_type=\"heading.default\">\n\t\t\t\t<div class=\"elementor-widget-container\">\n\t\t\t\t\t<h2 class=\"elementor-heading-title elementor-size-default\">12. Puja a la c\u00fapula de Las Arenas<\/h2>\t\t\t\t<\/div>\n\t\t\t\t<\/div>\n\t\t\t\t\t<\/div>\n\t\t<\/div>\n\t\t\t\t\t<\/div>\n\t\t<\/section>\n\t\t\t\t<section class=\"elementor-section elementor-top-section elementor-element elementor-element-d1fd026 elementor-section-boxed elementor-section-height-default elementor-section-height-default\" data-id=\"d1fd026\" data-element_type=\"section\">\n\t\t\t\t\t\t<div class=\"elementor-container elementor-column-gap-default\">\n\t\t\t\t\t<div class=\"elementor-column elementor-col-50 elementor-top-column elementor-element elementor-element-294f4aa\" data-id=\"294f4aa\" data-element_type=\"column\">\n\t\t\t<div class=\"elementor-widget-wrap elementor-element-populated\">\n\t\t\t\t\t\t<div class=\"elementor-element elementor-element-bb93268 elementor-widget elementor-widget-image\" data-id=\"bb93268\" data-element_type=\"widget\" data-widget_type=\"image.default\">\n\t\t\t\t<div class=\"elementor-widget-container\">\n\t\t\t\t\t\t\t\t\t\t\t\t\t\t\t<img loading=\"lazy\" decoding=\"async\" width=\"668\" height=\"424\" src=\"https:\/\/www.willysplan.com\/wp-content\/uploads\/2021\/12\/arenasdebarcelona.jpg\" class=\"attachment-large size-large wp-image-14503\" alt=\"las arenas de barcelona\" srcset=\"https:\/\/www.willysplan.com\/wp-content\/uploads\/2021\/12\/arenasdebarcelona.jpg 668w, https:\/\/www.willysplan.com\/wp-content\/uploads\/2021\/12\/arenasdebarcelona-300x190.jpg 300w, https:\/\/www.willysplan.com\/wp-content\/uploads\/2021\/12\/arenasdebarcelona-600x381.jpg 600w\" sizes=\"(max-width: 668px) 100vw, 668px\" \/>\t\t\t\t\t\t\t\t\t\t\t\t\t\t\t<\/div>\n\t\t\t\t<\/div>\n\t\t\t\t\t<\/div>\n\t\t<\/div>\n\t\t\t\t<div class=\"elementor-column elementor-col-50 elementor-top-column elementor-element elementor-element-04b6bb2\" data-id=\"04b6bb2\" data-element_type=\"column\">\n\t\t\t<div class=\"elementor-widget-wrap elementor-element-populated\">\n\t\t\t\t\t\t<div class=\"elementor-element elementor-element-1621d75 elementor-widget elementor-widget-google_maps\" data-id=\"1621d75\" data-element_type=\"widget\" data-widget_type=\"google_maps.default\">\n\t\t\t\t<div class=\"elementor-widget-container\">\n\t\t\t\t\t\t\t<div class=\"elementor-custom-embed\">\n\t\t\t<iframe loading=\"lazy\"\n\t\t\t\t\tsrc=\"https:\/\/maps.google.com\/maps?q=cupula%20las%20arenas&#038;t=m&#038;z=10&#038;output=embed&#038;iwloc=near\"\n\t\t\t\t\ttitle=\"cupula las arenas\"\n\t\t\t\t\taria-label=\"cupula las arenas\"\n\t\t\t><\/iframe>\n\t\t<\/div>\n\t\t\t\t\t\t<\/div>\n\t\t\t\t<\/div>\n\t\t\t\t\t<\/div>\n\t\t<\/div>\n\t\t\t\t\t<\/div>\n\t\t<\/section>\n\t\t\t\t<section class=\"elementor-section elementor-top-section elementor-element elementor-element-fa7759d elementor-section-boxed elementor-section-height-default elementor-section-height-default\" data-id=\"fa7759d\" data-element_type=\"section\">\n\t\t\t\t\t\t<div class=\"elementor-container elementor-column-gap-default\">\n\t\t\t\t\t<div class=\"elementor-column elementor-col-100 elementor-top-column elementor-element elementor-element-429f255\" data-id=\"429f255\" data-element_type=\"column\">\n\t\t\t<div class=\"elementor-widget-wrap elementor-element-populated\">\n\t\t\t\t\t\t<div class=\"elementor-element elementor-element-4be69be elementor-widget elementor-widget-text-editor\" data-id=\"4be69be\" data-element_type=\"widget\" data-widget_type=\"text-editor.default\">\n\t\t\t\t<div class=\"elementor-widget-container\">\n\t\t\t\t\t\t\t\t\t<p><span style=\"font-weight: 400;\">Des que es van prohibir els bous a Catalunya, l&#8217;<\/span> <b>antiga pla\u00e7a de bous de Las Arenas<\/b> <span style=\"font-weight: 400;\">s&#8217;ha convertit en un centre comercial, per\u00f2 compta amb un secret que volem destacar a la nostra llista de les millors coses a fer a Barcelona. Des de la c\u00fapula tindr\u00e0s un mirador de 360\u00ba cap a la Pla\u00e7a Espanya, Montju\u00efc, el barri de l&#8217;Eixample, etc.<\/span><\/p>\n<p><span style=\"font-weight: 400;\">Per pujar, entra al centre comercial i puja amb les escales mec\u00e0niques o l&#8217;ascensor. Hi ha un ascensor panor\u00e0mic exterior per pujar, per\u00f2 \u00e9s de pagament. Molts turistes no coneixen que es pot <\/span><b>pujar gratis des de dins<\/b> <span style=\"font-weight: 400;\">i paguen la tarifa.<\/span><\/p>\n\t\t\t\t\t\t\t\t<\/div>\n\t\t\t\t<\/div>\n\t\t\t\t\t<\/div>\n\t\t<\/div>\n\t\t\t\t\t<\/div>\n\t\t<\/section>\n\t\t\t\t<section class=\"elementor-section elementor-top-section elementor-element elementor-element-90bf94e elementor-section-boxed elementor-section-height-default elementor-section-height-default\" data-id=\"90bf94e\" data-element_type=\"section\">\n\t\t\t\t\t\t<div class=\"elementor-container elementor-column-gap-default\">\n\t\t\t\t\t<div class=\"elementor-column elementor-col-100 elementor-top-column elementor-element elementor-element-ea8123f\" data-id=\"ea8123f\" data-element_type=\"column\">\n\t\t\t<div class=\"elementor-widget-wrap elementor-element-populated\">\n\t\t\t\t\t\t<div class=\"elementor-element elementor-element-fca3750 elementor-widget elementor-widget-heading\" data-id=\"fca3750\" data-element_type=\"widget\" data-widget_type=\"heading.default\">\n\t\t\t\t<div class=\"elementor-widget-container\">\n\t\t\t\t\t<h2 class=\"elementor-heading-title elementor-size-default\">13. La Barceloneta<\/h2>\t\t\t\t<\/div>\n\t\t\t\t<\/div>\n\t\t\t\t\t<\/div>\n\t\t<\/div>\n\t\t\t\t\t<\/div>\n\t\t<\/section>\n\t\t\t\t<section class=\"elementor-section elementor-top-section elementor-element elementor-element-cc9c057 elementor-section-boxed elementor-section-height-default elementor-section-height-default\" data-id=\"cc9c057\" data-element_type=\"section\">\n\t\t\t\t\t\t<div class=\"elementor-container elementor-column-gap-default\">\n\t\t\t\t\t<div class=\"elementor-column elementor-col-50 elementor-top-column elementor-element elementor-element-adddf2e\" data-id=\"adddf2e\" data-element_type=\"column\">\n\t\t\t<div class=\"elementor-widget-wrap elementor-element-populated\">\n\t\t\t\t\t\t<div class=\"elementor-element elementor-element-ae562f9 elementor-widget elementor-widget-image\" data-id=\"ae562f9\" data-element_type=\"widget\" data-widget_type=\"image.default\">\n\t\t\t\t<div class=\"elementor-widget-container\">\n\t\t\t\t\t\t\t\t\t\t\t\t\t\t\t<img loading=\"lazy\" decoding=\"async\" width=\"1024\" height=\"614\" src=\"https:\/\/www.willysplan.com\/wp-content\/uploads\/2023\/04\/la-barceloneta-1024x614.jpg\" class=\"attachment-large size-large wp-image-17878\" alt=\"la barceloneta\" srcset=\"https:\/\/www.willysplan.com\/wp-content\/uploads\/2023\/04\/la-barceloneta-1024x614.jpg 1024w, https:\/\/www.willysplan.com\/wp-content\/uploads\/2023\/04\/la-barceloneta-300x180.jpg 300w, https:\/\/www.willysplan.com\/wp-content\/uploads\/2023\/04\/la-barceloneta-768x461.jpg 768w, https:\/\/www.willysplan.com\/wp-content\/uploads\/2023\/04\/la-barceloneta-600x360.jpg 600w, https:\/\/www.willysplan.com\/wp-content\/uploads\/2023\/04\/la-barceloneta.jpg 1189w\" sizes=\"(max-width: 1024px) 100vw, 1024px\" \/>\t\t\t\t\t\t\t\t\t\t\t\t\t\t\t<\/div>\n\t\t\t\t<\/div>\n\t\t\t\t\t<\/div>\n\t\t<\/div>\n\t\t\t\t<div class=\"elementor-column elementor-col-50 elementor-top-column elementor-element elementor-element-152f582\" data-id=\"152f582\" data-element_type=\"column\">\n\t\t\t<div class=\"elementor-widget-wrap elementor-element-populated\">\n\t\t\t\t\t\t<div class=\"elementor-element elementor-element-73c1af9 elementor-widget elementor-widget-google_maps\" data-id=\"73c1af9\" data-element_type=\"widget\" data-widget_type=\"google_maps.default\">\n\t\t\t\t<div class=\"elementor-widget-container\">\n\t\t\t\t\t\t\t<div class=\"elementor-custom-embed\">\n\t\t\t<iframe loading=\"lazy\"\n\t\t\t\t\tsrc=\"https:\/\/maps.google.com\/maps?q=la%20barceloneta&#038;t=m&#038;z=10&#038;output=embed&#038;iwloc=near\"\n\t\t\t\t\ttitle=\"la barceloneta\"\n\t\t\t\t\taria-label=\"la barceloneta\"\n\t\t\t><\/iframe>\n\t\t<\/div>\n\t\t\t\t\t\t<\/div>\n\t\t\t\t<\/div>\n\t\t\t\t\t<\/div>\n\t\t<\/div>\n\t\t\t\t\t<\/div>\n\t\t<\/section>\n\t\t\t\t<section class=\"elementor-section elementor-top-section elementor-element elementor-element-f0d7db6 elementor-section-boxed elementor-section-height-default elementor-section-height-default\" data-id=\"f0d7db6\" data-element_type=\"section\">\n\t\t\t\t\t\t<div class=\"elementor-container elementor-column-gap-default\">\n\t\t\t\t\t<div class=\"elementor-column elementor-col-100 elementor-top-column elementor-element elementor-element-33205bc\" data-id=\"33205bc\" data-element_type=\"column\">\n\t\t\t<div class=\"elementor-widget-wrap elementor-element-populated\">\n\t\t\t\t\t\t<div class=\"elementor-element elementor-element-4605930 elementor-widget elementor-widget-text-editor\" data-id=\"4605930\" data-element_type=\"widget\" data-widget_type=\"text-editor.default\">\n\t\t\t\t<div class=\"elementor-widget-container\">\n\t\t\t\t\t\t\t\t\t<p><span style=\"font-weight: 400;\">Barcelona t\u00e9 m\u00e9s de<\/span> <b>4,5 quil\u00f2metres de platges<\/b> <span style=\"font-weight: 400;\">i rec\u00f3rrer-les totes podria ser un dels millors plans de fer a Barcelona i rodalies. Aquestes van des de la de Sant Sebasti\u00e0 fins a la de Llevant. Una de les millors \u00e9s la de La Barceloneta, un antic poble pesquer instal\u00b7lat en aquesta zona a partir del segle XVII.<\/span><\/p>\n<p><span style=\"font-weight: 400;\">Val la pena passejar pels carrers per descobrir algunes de les cases originals del barri i parar-te a dinar en algun lloc recomanat. Aquest \u00e9s un dels millors punts de la ciutat per provar la <\/span><b>millor gastronomia barcelonina.<\/b><\/p>\n\t\t\t\t\t\t\t\t<\/div>\n\t\t\t\t<\/div>\n\t\t\t\t\t<\/div>\n\t\t<\/div>\n\t\t\t\t\t<\/div>\n\t\t<\/section>\n\t\t\t\t<section class=\"elementor-section elementor-top-section elementor-element elementor-element-fac315d elementor-section-boxed elementor-section-height-default elementor-section-height-default\" data-id=\"fac315d\" data-element_type=\"section\">\n\t\t\t\t\t\t<div class=\"elementor-container elementor-column-gap-default\">\n\t\t\t\t\t<div class=\"elementor-column elementor-col-100 elementor-top-column elementor-element elementor-element-baa18a3\" data-id=\"baa18a3\" data-element_type=\"column\">\n\t\t\t<div class=\"elementor-widget-wrap elementor-element-populated\">\n\t\t\t\t\t\t<div class=\"elementor-element elementor-element-03f6388 elementor-widget elementor-widget-heading\" data-id=\"03f6388\" data-element_type=\"widget\" data-widget_type=\"heading.default\">\n\t\t\t\t<div class=\"elementor-widget-container\">\n\t\t\t\t\t<h2 class=\"elementor-heading-title elementor-size-default\">14. Hospital Santa Creu i Sant Pau<\/h2>\t\t\t\t<\/div>\n\t\t\t\t<\/div>\n\t\t\t\t\t<\/div>\n\t\t<\/div>\n\t\t\t\t\t<\/div>\n\t\t<\/section>\n\t\t\t\t<section class=\"elementor-section elementor-top-section elementor-element elementor-element-accb6f8 elementor-section-boxed elementor-section-height-default elementor-section-height-default\" data-id=\"accb6f8\" data-element_type=\"section\">\n\t\t\t\t\t\t<div class=\"elementor-container elementor-column-gap-default\">\n\t\t\t\t\t<div class=\"elementor-column elementor-col-50 elementor-top-column elementor-element elementor-element-706451a\" data-id=\"706451a\" data-element_type=\"column\">\n\t\t\t<div class=\"elementor-widget-wrap elementor-element-populated\">\n\t\t\t\t\t\t<div class=\"elementor-element elementor-element-797a3f4 elementor-widget elementor-widget-image\" data-id=\"797a3f4\" data-element_type=\"widget\" data-widget_type=\"image.default\">\n\t\t\t\t<div class=\"elementor-widget-container\">\n\t\t\t\t\t\t\t\t\t\t\t\t\t\t\t<img loading=\"lazy\" decoding=\"async\" width=\"780\" height=\"521\" src=\"https:\/\/www.willysplan.com\/wp-content\/uploads\/2022\/09\/tour-hospital-sant-pau.webp\" class=\"attachment-large size-large wp-image-15063\" alt=\"\" srcset=\"https:\/\/www.willysplan.com\/wp-content\/uploads\/2022\/09\/tour-hospital-sant-pau.webp 780w, https:\/\/www.willysplan.com\/wp-content\/uploads\/2022\/09\/tour-hospital-sant-pau-300x200.webp 300w, https:\/\/www.willysplan.com\/wp-content\/uploads\/2022\/09\/tour-hospital-sant-pau-768x513.webp 768w, https:\/\/www.willysplan.com\/wp-content\/uploads\/2022\/09\/tour-hospital-sant-pau-600x401.webp 600w\" sizes=\"(max-width: 780px) 100vw, 780px\" \/>\t\t\t\t\t\t\t\t\t\t\t\t\t\t\t<\/div>\n\t\t\t\t<\/div>\n\t\t\t\t\t<\/div>\n\t\t<\/div>\n\t\t\t\t<div class=\"elementor-column elementor-col-50 elementor-top-column elementor-element elementor-element-3bdd8e6\" data-id=\"3bdd8e6\" data-element_type=\"column\">\n\t\t\t<div class=\"elementor-widget-wrap elementor-element-populated\">\n\t\t\t\t\t\t<div class=\"elementor-element elementor-element-6340f64 elementor-widget elementor-widget-google_maps\" data-id=\"6340f64\" data-element_type=\"widget\" data-widget_type=\"google_maps.default\">\n\t\t\t\t<div class=\"elementor-widget-container\">\n\t\t\t\t\t\t\t<div class=\"elementor-custom-embed\">\n\t\t\t<iframe loading=\"lazy\"\n\t\t\t\t\tsrc=\"https:\/\/maps.google.com\/maps?q=hospital%20sant%20pau&#038;t=m&#038;z=10&#038;output=embed&#038;iwloc=near\"\n\t\t\t\t\ttitle=\"hospital sant pau\"\n\t\t\t\t\taria-label=\"hospital sant pau\"\n\t\t\t><\/iframe>\n\t\t<\/div>\n\t\t\t\t\t\t<\/div>\n\t\t\t\t<\/div>\n\t\t\t\t\t<\/div>\n\t\t<\/div>\n\t\t\t\t\t<\/div>\n\t\t<\/section>\n\t\t\t\t<section class=\"elementor-section elementor-top-section elementor-element elementor-element-f027913 elementor-section-boxed elementor-section-height-default elementor-section-height-default\" data-id=\"f027913\" data-element_type=\"section\">\n\t\t\t\t\t\t<div class=\"elementor-container elementor-column-gap-default\">\n\t\t\t\t\t<div class=\"elementor-column elementor-col-100 elementor-top-column elementor-element elementor-element-4cb59b4\" data-id=\"4cb59b4\" data-element_type=\"column\">\n\t\t\t<div class=\"elementor-widget-wrap elementor-element-populated\">\n\t\t\t\t\t\t<div class=\"elementor-element elementor-element-a0a3ac3 elementor-widget elementor-widget-text-editor\" data-id=\"a0a3ac3\" data-element_type=\"widget\" data-widget_type=\"text-editor.default\">\n\t\t\t\t<div class=\"elementor-widget-container\">\n\t\t\t\t\t\t\t\t\t<p><span style=\"font-weight: 400;\">L\u00b4Hospital<\/span> <b>de la Santa Creu i Sant Pau<\/b><span style=\"font-weight: 400;\"> es va construir entre els anys 1902 i 1930 i l&#8217;arquitecte va ser el modernista Llu\u00eds Dom\u00e8nech i Montaner. Aquest complex est\u00e0 format per diversos pavellons i jardins que ocupen una illa completa. Actualment, la part nord est\u00e0 dedicada a la medicina, mentre que la sud i la central s\u00f3n un museu que es pot visitar.<\/span><\/p>\n<p><span style=\"font-weight: 400;\">Durant la visita, destaquen els<\/span> <b>tocs arabescos i els bonics jardins.<\/b> <span style=\"font-weight: 400;\">Es tracta d&#8217;un lloc a Barcelona que no et pots perdre, aix\u00ed que reserva el teu tiquet per internet.<\/span><\/p>\n\t\t\t\t\t\t\t\t<\/div>\n\t\t\t\t<\/div>\n\t\t\t\t\t<\/div>\n\t\t<\/div>\n\t\t\t\t\t<\/div>\n\t\t<\/section>\n\t\t\t\t<section class=\"elementor-section elementor-top-section elementor-element elementor-element-a11a596 elementor-section-boxed elementor-section-height-default elementor-section-height-default\" data-id=\"a11a596\" data-element_type=\"section\">\n\t\t\t\t\t\t<div class=\"elementor-container elementor-column-gap-default\">\n\t\t\t\t\t<div class=\"elementor-column elementor-col-100 elementor-top-column elementor-element elementor-element-9aee9c5\" data-id=\"9aee9c5\" data-element_type=\"column\">\n\t\t\t<div class=\"elementor-widget-wrap elementor-element-populated\">\n\t\t\t\t\t\t<div class=\"elementor-element elementor-element-917a055 elementor-widget elementor-widget-heading\" data-id=\"917a055\" data-element_type=\"widget\" data-widget_type=\"heading.default\">\n\t\t\t\t<div class=\"elementor-widget-container\">\n\t\t\t\t\t<h2 class=\"elementor-heading-title elementor-size-default\">15. Mercat de la Boqueria<\/h2>\t\t\t\t<\/div>\n\t\t\t\t<\/div>\n\t\t\t\t\t<\/div>\n\t\t<\/div>\n\t\t\t\t\t<\/div>\n\t\t<\/section>\n\t\t\t\t<section class=\"elementor-section elementor-top-section elementor-element elementor-element-0770371 elementor-section-boxed elementor-section-height-default elementor-section-height-default\" data-id=\"0770371\" data-element_type=\"section\">\n\t\t\t\t\t\t<div class=\"elementor-container elementor-column-gap-default\">\n\t\t\t\t\t<div class=\"elementor-column elementor-col-50 elementor-top-column elementor-element elementor-element-25a3b41\" data-id=\"25a3b41\" data-element_type=\"column\">\n\t\t\t<div class=\"elementor-widget-wrap elementor-element-populated\">\n\t\t\t\t\t\t<div class=\"elementor-element elementor-element-bbcf873 elementor-widget elementor-widget-image\" data-id=\"bbcf873\" data-element_type=\"widget\" data-widget_type=\"image.default\">\n\t\t\t\t<div class=\"elementor-widget-container\">\n\t\t\t\t\t\t\t\t\t\t\t\t\t\t\t<img loading=\"lazy\" decoding=\"async\" width=\"1024\" height=\"634\" src=\"https:\/\/www.willysplan.com\/wp-content\/uploads\/2022\/10\/Mercat-de-la-Boqueria-1024x634.webp\" class=\"attachment-large size-large wp-image-15219\" alt=\"Mercat de la Boqueria\" srcset=\"https:\/\/www.willysplan.com\/wp-content\/uploads\/2022\/10\/Mercat-de-la-Boqueria-1024x634.webp 1024w, https:\/\/www.willysplan.com\/wp-content\/uploads\/2022\/10\/Mercat-de-la-Boqueria-300x186.webp 300w, https:\/\/www.willysplan.com\/wp-content\/uploads\/2022\/10\/Mercat-de-la-Boqueria-768x475.webp 768w, https:\/\/www.willysplan.com\/wp-content\/uploads\/2022\/10\/Mercat-de-la-Boqueria-600x371.webp 600w, https:\/\/www.willysplan.com\/wp-content\/uploads\/2022\/10\/Mercat-de-la-Boqueria.webp 1202w\" sizes=\"(max-width: 1024px) 100vw, 1024px\" \/>\t\t\t\t\t\t\t\t\t\t\t\t\t\t\t<\/div>\n\t\t\t\t<\/div>\n\t\t\t\t\t<\/div>\n\t\t<\/div>\n\t\t\t\t<div class=\"elementor-column elementor-col-50 elementor-top-column elementor-element elementor-element-f31176d\" data-id=\"f31176d\" data-element_type=\"column\">\n\t\t\t<div class=\"elementor-widget-wrap elementor-element-populated\">\n\t\t\t\t\t\t<div class=\"elementor-element elementor-element-4cfb0a0 elementor-widget elementor-widget-google_maps\" data-id=\"4cfb0a0\" data-element_type=\"widget\" data-widget_type=\"google_maps.default\">\n\t\t\t\t<div class=\"elementor-widget-container\">\n\t\t\t\t\t\t\t<div class=\"elementor-custom-embed\">\n\t\t\t<iframe loading=\"lazy\"\n\t\t\t\t\tsrc=\"https:\/\/maps.google.com\/maps?q=mercado%20boqueria&#038;t=m&#038;z=10&#038;output=embed&#038;iwloc=near\"\n\t\t\t\t\ttitle=\"mercado boqueria\"\n\t\t\t\t\taria-label=\"mercado boqueria\"\n\t\t\t><\/iframe>\n\t\t<\/div>\n\t\t\t\t\t\t<\/div>\n\t\t\t\t<\/div>\n\t\t\t\t\t<\/div>\n\t\t<\/div>\n\t\t\t\t\t<\/div>\n\t\t<\/section>\n\t\t\t\t<section class=\"elementor-section elementor-top-section elementor-element elementor-element-42d373f elementor-section-boxed elementor-section-height-default elementor-section-height-default\" data-id=\"42d373f\" data-element_type=\"section\">\n\t\t\t\t\t\t<div class=\"elementor-container elementor-column-gap-default\">\n\t\t\t\t\t<div class=\"elementor-column elementor-col-100 elementor-top-column elementor-element elementor-element-8dedb4d\" data-id=\"8dedb4d\" data-element_type=\"column\">\n\t\t\t<div class=\"elementor-widget-wrap elementor-element-populated\">\n\t\t\t\t\t\t<div class=\"elementor-element elementor-element-07ac3f9 elementor-widget elementor-widget-text-editor\" data-id=\"07ac3f9\" data-element_type=\"widget\" data-widget_type=\"text-editor.default\">\n\t\t\t\t<div class=\"elementor-widget-container\">\n\t\t\t\t\t\t\t\t\t<p><span style=\"font-weight: 400;\">Tot i que pot resultar complicat, a causa de la gran quantitat de gent que visita di\u00e0riament el<\/span> <b>Mercat de la Boqueria<\/b><span style=\"font-weight: 400;\">, al seu interior podr\u00e0s con\u00e8ixer la gastronomia local m\u00e9s aut\u00e8ntica. No nom\u00e9s pels seus paradetes amb ingredients frescos, sin\u00f3 que all\u00e0 mateix trobar\u00e0s diferents bars on tastar algunes de les tapes m\u00e9s reconegudes de la ciutat.<\/span><\/p>\n<p><span style=\"font-weight: 400;\">En cas que estiguis allotjat en un apartament i preparis el teu propi menjar durant el viatge, no dubtis a<\/span> <b>aprofitar per fer la compra<\/b> <span style=\"font-weight: 400;\">amb els productes m\u00e9s exclusius i de millor qualitat.<\/span><\/p>\n<p><span style=\"font-weight: 400;\">Descobreix m\u00e9s sobre aquest lloc amb el nostre <a href=\"https:\/\/www.willysplan.com\/ca\/tours-privats-barcelona\/tour-pels-mercats-de-barcelona\">tour pels mercats de Barcelona<\/a> :<\/span><\/p>\n\t\t\t\t\t\t\t\t<\/div>\n\t\t\t\t<\/div>\n\t\t\t\t\t<\/div>\n\t\t<\/div>\n\t\t\t\t\t<\/div>\n\t\t<\/section>\n\t\t\t\t<section class=\"elementor-section elementor-top-section elementor-element elementor-element-da19073 elementor-section-boxed elementor-section-height-default elementor-section-height-default\" data-id=\"da19073\" data-element_type=\"section\">\n\t\t\t\t\t\t<div class=\"elementor-container elementor-column-gap-default\">\n\t\t\t\t\t<div class=\"elementor-column elementor-col-100 elementor-top-column elementor-element elementor-element-1ce1c3e\" data-id=\"1ce1c3e\" data-element_type=\"column\">\n\t\t\t<div class=\"elementor-widget-wrap elementor-element-populated\">\n\t\t\t\t\t\t<div class=\"elementor-element elementor-element-8f8b1b3 elementor-cta--layout-image-left elementor-cta--valign-middle elementor-hidden-mobile elementor-cta--skin-classic elementor-animated-content elementor-widget elementor-widget-call-to-action\" data-id=\"8f8b1b3\" data-element_type=\"widget\" data-widget_type=\"call-to-action.default\">\n\t\t\t\t<div class=\"elementor-widget-container\">\n\t\t\t\t\t\t\t<a class=\"elementor-cta\" href=\"https:\/\/www.willysplan.com\/ca\/tours-privats-barcelona\/tour-pels-mercats-de-barcelona\">\n\t\t\t\t\t<div class=\"elementor-cta__bg-wrapper\">\n\t\t\t\t<div class=\"elementor-cta__bg elementor-bg\" style=\"background-image: url(https:\/\/www.willysplan.com\/wp-content\/uploads\/2022\/10\/ruta-mercados-barcelona.jpg);\" role=\"img\" aria-label=\"ruta mercados barcelona\"><\/div>\n\t\t\t\t<div class=\"elementor-cta__bg-overlay\"><\/div>\n\t\t\t<\/div>\n\t\t\t\t\t\t\t<div class=\"elementor-cta__content\">\n\t\t\t\t\n\t\t\t\t\t\t\t\t\t<h2 class=\"elementor-cta__title elementor-cta__content-item elementor-content-item\">\n\t\t\t\t\t\tTour pels mercats de Barcelona\t\t\t\t\t<\/h2>\n\t\t\t\t\n\t\t\t\t\t\t\t\t\t<div class=\"elementor-cta__description elementor-cta__content-item elementor-content-item\">\n\t\t\t\t\t\t<p>\u2b50\u2b50\u2b50\u2b50\u2b50<\/p>\n<p>\ud83d\udd50 2 hores.<br \/>\ud83d\udcac Espanyol, Angl\u00e8s, Itali\u00e0, Franc\u00e8s, Portugu\u00e8s, Alemany, Xin\u00e8s, Rus i \u00c0rab.<br \/>\u2714 Cancel\u00b7laci\u00f3 gratu\u00efta.<\/p>\n\t\t\t\t\t<\/div>\n\t\t\t\t\n\t\t\t\t\t\t\t<\/div>\n\t\t\t\t\t\t\t<div class=\"elementor-ribbon elementor-ribbon-right\">\n\t\t\t\t<div class=\"elementor-ribbon-inner\">\n\t\t\t\t\tDes de 70\u20ac\t\t\t\t<\/div>\n\t\t\t<\/div>\n\t\t\t\t<\/a>\n\t\t\t\t\t\t<\/div>\n\t\t\t\t<\/div>\n\t\t\t\t\t<\/div>\n\t\t<\/div>\n\t\t\t\t\t<\/div>\n\t\t<\/section>\n\t\t\t\t<section class=\"elementor-section elementor-top-section elementor-element elementor-element-1120fa4 elementor-section-boxed elementor-section-height-default elementor-section-height-default\" data-id=\"1120fa4\" data-element_type=\"section\">\n\t\t\t\t\t\t<div class=\"elementor-container elementor-column-gap-default\">\n\t\t\t\t\t<div class=\"elementor-column elementor-col-100 elementor-top-column elementor-element elementor-element-b43fa17\" data-id=\"b43fa17\" data-element_type=\"column\">\n\t\t\t<div class=\"elementor-widget-wrap elementor-element-populated\">\n\t\t\t\t\t\t<div class=\"elementor-element elementor-element-8c56da5 elementor-cta--layout-image-above elementor-cta--valign-middle elementor-cta--mobile-layout-image-above elementor-hidden-desktop elementor-hidden-tablet elementor-cta--skin-classic elementor-animated-content elementor-widget elementor-widget-call-to-action\" data-id=\"8c56da5\" data-element_type=\"widget\" data-widget_type=\"call-to-action.default\">\n\t\t\t\t<div class=\"elementor-widget-container\">\n\t\t\t\t\t\t\t<a class=\"elementor-cta\" href=\"https:\/\/www.willysplan.com\/ca\/tours-privats-barcelona\/tour-pels-mercats-de-barcelona\">\n\t\t\t\t\t<div class=\"elementor-cta__bg-wrapper\">\n\t\t\t\t<div class=\"elementor-cta__bg elementor-bg\" style=\"background-image: url(https:\/\/www.willysplan.com\/wp-content\/uploads\/2022\/10\/ruta-mercados-barcelona.jpg);\" role=\"img\" aria-label=\"ruta mercados barcelona\"><\/div>\n\t\t\t\t<div class=\"elementor-cta__bg-overlay\"><\/div>\n\t\t\t<\/div>\n\t\t\t\t\t\t\t<div class=\"elementor-cta__content\">\n\t\t\t\t\n\t\t\t\t\t\t\t\t\t<h2 class=\"elementor-cta__title elementor-cta__content-item elementor-content-item\">\n\t\t\t\t\t\tTour pels mercats de Barcelona\t\t\t\t\t<\/h2>\n\t\t\t\t\n\t\t\t\t\t\t\t\t\t<div class=\"elementor-cta__description elementor-cta__content-item elementor-content-item\">\n\t\t\t\t\t\t<p>\u2b50\u2b50\u2b50\u2b50\u2b50<\/p>\n<p>\ud83d\udd50 2 hores.<br \/>\ud83d\udcac Espanyol, Angl\u00e8s, Itali\u00e0, Franc\u00e8s, Portugu\u00e8s, Alemany, Xin\u00e8s, Rus i \u00c0rab.<br \/>\u2714 Cancel\u00b7laci\u00f3 gratu\u00efta.<\/p>\n\t\t\t\t\t<\/div>\n\t\t\t\t\n\t\t\t\t\t\t\t<\/div>\n\t\t\t\t\t\t\t<div class=\"elementor-ribbon elementor-ribbon-right\">\n\t\t\t\t<div class=\"elementor-ribbon-inner\">\n\t\t\t\t\tDes de 70\u20ac\t\t\t\t<\/div>\n\t\t\t<\/div>\n\t\t\t\t<\/a>\n\t\t\t\t\t\t<\/div>\n\t\t\t\t<\/div>\n\t\t\t\t\t<\/div>\n\t\t<\/div>\n\t\t\t\t\t<\/div>\n\t\t<\/section>\n\t\t\t\t<section class=\"elementor-section elementor-top-section elementor-element elementor-element-0aafe77 elementor-section-boxed elementor-section-height-default elementor-section-height-default\" data-id=\"0aafe77\" data-element_type=\"section\">\n\t\t\t\t\t\t<div class=\"elementor-container elementor-column-gap-default\">\n\t\t\t\t\t<div class=\"elementor-column elementor-col-100 elementor-top-column elementor-element elementor-element-b123c78\" data-id=\"b123c78\" data-element_type=\"column\">\n\t\t\t<div class=\"elementor-widget-wrap elementor-element-populated\">\n\t\t\t\t\t\t<div class=\"elementor-element elementor-element-e81abaa elementor-align-center elementor-widget elementor-widget-button\" data-id=\"e81abaa\" data-element_type=\"widget\" data-widget_type=\"button.default\">\n\t\t\t\t<div class=\"elementor-widget-container\">\n\t\t\t\t\t\t\t\t\t<div class=\"elementor-button-wrapper\">\n\t\t\t\t\t<a class=\"elementor-button elementor-button-link elementor-size-md\" href=\"https:\/\/www.willysplan.com\/ca\/tours-privats-a-barcelona\" rel=\"nofollow\">\n\t\t\t\t\t\t<span class=\"elementor-button-content-wrapper\">\n\t\t\t\t\t\t\t\t\t<span class=\"elementor-button-text\">Veure tots els nostres tours privats<\/span>\n\t\t\t\t\t<\/span>\n\t\t\t\t\t<\/a>\n\t\t\t\t<\/div>\n\t\t\t\t\t\t\t\t<\/div>\n\t\t\t\t<\/div>\n\t\t\t\t\t<\/div>\n\t\t<\/div>\n\t\t\t\t\t<\/div>\n\t\t<\/section>\n\t\t\t\t<section class=\"elementor-section elementor-top-section elementor-element elementor-element-e9d741e elementor-section-boxed elementor-section-height-default elementor-section-height-default\" data-id=\"e9d741e\" data-element_type=\"section\">\n\t\t\t\t\t\t<div class=\"elementor-container elementor-column-gap-default\">\n\t\t\t\t\t<div class=\"elementor-column elementor-col-100 elementor-top-column elementor-element elementor-element-0ab80c8\" data-id=\"0ab80c8\" data-element_type=\"column\">\n\t\t\t<div class=\"elementor-widget-wrap elementor-element-populated\">\n\t\t\t\t\t\t<div class=\"elementor-element elementor-element-7251372 elementor-widget elementor-widget-heading\" data-id=\"7251372\" data-element_type=\"widget\" data-widget_type=\"heading.default\">\n\t\t\t\t<div class=\"elementor-widget-container\">\n\t\t\t\t\t<h2 class=\"elementor-heading-title elementor-size-default\">16. El Temple d'August<\/h2>\t\t\t\t<\/div>\n\t\t\t\t<\/div>\n\t\t\t\t\t<\/div>\n\t\t<\/div>\n\t\t\t\t\t<\/div>\n\t\t<\/section>\n\t\t\t\t<section class=\"elementor-section elementor-top-section elementor-element elementor-element-f6819d4 elementor-section-boxed elementor-section-height-default elementor-section-height-default\" data-id=\"f6819d4\" data-element_type=\"section\">\n\t\t\t\t\t\t<div class=\"elementor-container elementor-column-gap-default\">\n\t\t\t\t\t<div class=\"elementor-column elementor-col-50 elementor-top-column elementor-element elementor-element-dd1215e\" data-id=\"dd1215e\" data-element_type=\"column\">\n\t\t\t<div class=\"elementor-widget-wrap elementor-element-populated\">\n\t\t\t\t\t\t<div class=\"elementor-element elementor-element-d77727f elementor-widget elementor-widget-image\" data-id=\"d77727f\" data-element_type=\"widget\" data-widget_type=\"image.default\">\n\t\t\t\t<div class=\"elementor-widget-container\">\n\t\t\t\t\t\t\t\t\t\t\t\t\t\t\t<img loading=\"lazy\" decoding=\"async\" width=\"857\" height=\"651\" src=\"https:\/\/www.willysplan.com\/wp-content\/uploads\/2023\/04\/templo-augusto-barcelona.jpg\" class=\"attachment-large size-large wp-image-17884\" alt=\"templo augusto barcelona\" srcset=\"https:\/\/www.willysplan.com\/wp-content\/uploads\/2023\/04\/templo-augusto-barcelona.jpg 857w, https:\/\/www.willysplan.com\/wp-content\/uploads\/2023\/04\/templo-augusto-barcelona-300x228.jpg 300w, https:\/\/www.willysplan.com\/wp-content\/uploads\/2023\/04\/templo-augusto-barcelona-768x583.jpg 768w, https:\/\/www.willysplan.com\/wp-content\/uploads\/2023\/04\/templo-augusto-barcelona-600x456.jpg 600w\" sizes=\"(max-width: 857px) 100vw, 857px\" \/>\t\t\t\t\t\t\t\t\t\t\t\t\t\t\t<\/div>\n\t\t\t\t<\/div>\n\t\t\t\t\t<\/div>\n\t\t<\/div>\n\t\t\t\t<div class=\"elementor-column elementor-col-50 elementor-top-column elementor-element elementor-element-6ac9a4c\" data-id=\"6ac9a4c\" data-element_type=\"column\">\n\t\t\t<div class=\"elementor-widget-wrap elementor-element-populated\">\n\t\t\t\t\t\t<div class=\"elementor-element elementor-element-1f50bf4 elementor-widget elementor-widget-google_maps\" data-id=\"1f50bf4\" data-element_type=\"widget\" data-widget_type=\"google_maps.default\">\n\t\t\t\t<div class=\"elementor-widget-container\">\n\t\t\t\t\t\t\t<div class=\"elementor-custom-embed\">\n\t\t\t<iframe loading=\"lazy\"\n\t\t\t\t\tsrc=\"https:\/\/maps.google.com\/maps?q=templo%20augusto&#038;t=m&#038;z=10&#038;output=embed&#038;iwloc=near\"\n\t\t\t\t\ttitle=\"templo augusto\"\n\t\t\t\t\taria-label=\"templo augusto\"\n\t\t\t><\/iframe>\n\t\t<\/div>\n\t\t\t\t\t\t<\/div>\n\t\t\t\t<\/div>\n\t\t\t\t\t<\/div>\n\t\t<\/div>\n\t\t\t\t\t<\/div>\n\t\t<\/section>\n\t\t\t\t<section class=\"elementor-section elementor-top-section elementor-element elementor-element-bbdaf2b elementor-section-boxed elementor-section-height-default elementor-section-height-default\" data-id=\"bbdaf2b\" data-element_type=\"section\">\n\t\t\t\t\t\t<div class=\"elementor-container elementor-column-gap-default\">\n\t\t\t\t\t<div class=\"elementor-column elementor-col-100 elementor-top-column elementor-element elementor-element-efc56c5\" data-id=\"efc56c5\" data-element_type=\"column\">\n\t\t\t<div class=\"elementor-widget-wrap elementor-element-populated\">\n\t\t\t\t\t\t<div class=\"elementor-element elementor-element-b26e7fc elementor-widget elementor-widget-text-editor\" data-id=\"b26e7fc\" data-element_type=\"widget\" data-widget_type=\"text-editor.default\">\n\t\t\t\t<div class=\"elementor-widget-container\">\n\t\t\t\t\t\t\t\t\t<p><span style=\"font-weight: 400;\">Sabies que al bell mig de Barcelona encara s&#8217;aixequen les grans<\/span> <b>columnes d&#8217;un temple rom\u00e0<\/b><span style=\"font-weight: 400;\">? Molts dels habitants de Barcelona passen de llarg per aquest indret, ja que s\u00f3n molt pocs els que coneixen el secret. <\/span><\/p><p><span style=\"font-weight: 400;\">Si esteu passejant pel Barri G\u00f2tic, apropeu-vos al Carrer Parad\u00eds n\u00famero 10 i, a l&#8217;interior de la seu del Centre Excursionista de Catalunya trobareu el Temple Rom\u00e0 d&#8217;August: 4 enormes columnes de 9 metres que s\u00f3n una<\/span> de <span style=\"font-weight: 400;\">les rel\u00edquies m\u00e9s valorades de l&#8217;antiga Barcino.<\/span><\/p>\t\t\t\t\t\t\t\t<\/div>\n\t\t\t\t<\/div>\n\t\t\t\t\t<\/div>\n\t\t<\/div>\n\t\t\t\t\t<\/div>\n\t\t<\/section>\n\t\t\t\t<section class=\"elementor-section elementor-top-section elementor-element elementor-element-8ca2c7e elementor-section-boxed elementor-section-height-default elementor-section-height-default\" data-id=\"8ca2c7e\" data-element_type=\"section\">\n\t\t\t\t\t\t<div class=\"elementor-container elementor-column-gap-default\">\n\t\t\t\t\t<div class=\"elementor-column elementor-col-100 elementor-top-column elementor-element elementor-element-d3edeaa\" data-id=\"d3edeaa\" data-element_type=\"column\">\n\t\t\t<div class=\"elementor-widget-wrap elementor-element-populated\">\n\t\t\t\t\t\t<div class=\"elementor-element elementor-element-58c6d21 elementor-widget elementor-widget-heading\" data-id=\"58c6d21\" data-element_type=\"widget\" data-widget_type=\"heading.default\">\n\t\t\t\t<div class=\"elementor-widget-container\">\n\t\t\t\t\t<h2 class=\"elementor-heading-title elementor-size-default\">17. La cocteleria Papallona Negra<\/h2>\t\t\t\t<\/div>\n\t\t\t\t<\/div>\n\t\t\t\t\t<\/div>\n\t\t<\/div>\n\t\t\t\t\t<\/div>\n\t\t<\/section>\n\t\t\t\t<section class=\"elementor-section elementor-top-section elementor-element elementor-element-2e12d33 elementor-section-boxed elementor-section-height-default elementor-section-height-default\" data-id=\"2e12d33\" data-element_type=\"section\">\n\t\t\t\t\t\t<div class=\"elementor-container elementor-column-gap-default\">\n\t\t\t\t\t<div class=\"elementor-column elementor-col-50 elementor-top-column elementor-element elementor-element-0aa45a5\" data-id=\"0aa45a5\" data-element_type=\"column\">\n\t\t\t<div class=\"elementor-widget-wrap elementor-element-populated\">\n\t\t\t\t\t\t<div class=\"elementor-element elementor-element-0bdd645 elementor-widget elementor-widget-image\" data-id=\"0bdd645\" data-element_type=\"widget\" data-widget_type=\"image.default\">\n\t\t\t\t<div class=\"elementor-widget-container\">\n\t\t\t\t\t\t\t\t\t\t\t\t\t\t\t<img loading=\"lazy\" decoding=\"async\" width=\"1024\" height=\"651\" src=\"https:\/\/www.willysplan.com\/wp-content\/uploads\/2023\/04\/Cocteleria-mariposa-negra-1024x651.jpg\" class=\"attachment-large size-large wp-image-17887\" alt=\"Cocteleria mariposa negra\" srcset=\"https:\/\/www.willysplan.com\/wp-content\/uploads\/2023\/04\/Cocteleria-mariposa-negra-1024x651.jpg 1024w, https:\/\/www.willysplan.com\/wp-content\/uploads\/2023\/04\/Cocteleria-mariposa-negra-300x191.jpg 300w, https:\/\/www.willysplan.com\/wp-content\/uploads\/2023\/04\/Cocteleria-mariposa-negra-768x488.jpg 768w, https:\/\/www.willysplan.com\/wp-content\/uploads\/2023\/04\/Cocteleria-mariposa-negra-600x381.jpg 600w, https:\/\/www.willysplan.com\/wp-content\/uploads\/2023\/04\/Cocteleria-mariposa-negra.jpg 1188w\" sizes=\"(max-width: 1024px) 100vw, 1024px\" \/>\t\t\t\t\t\t\t\t\t\t\t\t\t\t\t<\/div>\n\t\t\t\t<\/div>\n\t\t\t\t\t<\/div>\n\t\t<\/div>\n\t\t\t\t<div class=\"elementor-column elementor-col-50 elementor-top-column elementor-element elementor-element-4cd4a89\" data-id=\"4cd4a89\" data-element_type=\"column\">\n\t\t\t<div class=\"elementor-widget-wrap elementor-element-populated\">\n\t\t\t\t\t\t<div class=\"elementor-element elementor-element-8f22879 elementor-widget elementor-widget-google_maps\" data-id=\"8f22879\" data-element_type=\"widget\" data-widget_type=\"google_maps.default\">\n\t\t\t\t<div class=\"elementor-widget-container\">\n\t\t\t\t\t\t\t<div class=\"elementor-custom-embed\">\n\t\t\t<iframe loading=\"lazy\"\n\t\t\t\t\tsrc=\"https:\/\/maps.google.com\/maps?q=Cocteleria%20mariposa%20negra&#038;t=m&#038;z=10&#038;output=embed&#038;iwloc=near\"\n\t\t\t\t\ttitle=\"Cocteleria mariposa negra\"\n\t\t\t\t\taria-label=\"Cocteleria mariposa negra\"\n\t\t\t><\/iframe>\n\t\t<\/div>\n\t\t\t\t\t\t<\/div>\n\t\t\t\t<\/div>\n\t\t\t\t\t<\/div>\n\t\t<\/div>\n\t\t\t\t\t<\/div>\n\t\t<\/section>\n\t\t\t\t<section class=\"elementor-section elementor-top-section elementor-element elementor-element-bc2407b elementor-section-boxed elementor-section-height-default elementor-section-height-default\" data-id=\"bc2407b\" data-element_type=\"section\">\n\t\t\t\t\t\t<div class=\"elementor-container elementor-column-gap-default\">\n\t\t\t\t\t<div class=\"elementor-column elementor-col-100 elementor-top-column elementor-element elementor-element-dd8b659\" data-id=\"dd8b659\" data-element_type=\"column\">\n\t\t\t<div class=\"elementor-widget-wrap elementor-element-populated\">\n\t\t\t\t\t\t<div class=\"elementor-element elementor-element-9f19edf elementor-widget elementor-widget-text-editor\" data-id=\"9f19edf\" data-element_type=\"widget\" data-widget_type=\"text-editor.default\">\n\t\t\t\t<div class=\"elementor-widget-container\">\n\t\t\t\t\t\t\t\t\t<p><span style=\"font-weight: 400;\">Segons el r\u00e0nquing dels millors bars del m\u00f3n, la<\/span> <b>cocteleria Papallona Negra<\/b><span style=\"font-weight: 400;\"> es troba a la cinquena posici\u00f3 i est\u00e0 ubicat a Barcelona. \u00c9s una cocteleria situada al Born, fundada per Luca Corradini, que el 2015 era un dels caps de cocteleria a l&#8217;American Bar Savoy de Londres, la cocteleria m\u00e9s antiga d&#8217;Anglaterra.<\/span><\/p><p><span style=\"font-weight: 400;\">El bar<\/span> <b>s&#8217;inspira en la novel\u00b7la de<\/b> <b><i>Marina<\/i><\/b> <b>de Carlos Ruiz Zaf\u00f3n,<\/b><span style=\"font-weight: 400;\"> que est\u00e0 ambientada a la ciutat de Barcelona durant els anys 70. A m\u00e9s de preparar c\u00f2ctels espectaculars, Corradini tamb\u00e9 destil\u00b7la els seus propis licors i dissenya els gots en qu\u00e8 te&#8217;ls beus.<\/span><\/p>\t\t\t\t\t\t\t\t<\/div>\n\t\t\t\t<\/div>\n\t\t\t\t\t<\/div>\n\t\t<\/div>\n\t\t\t\t\t<\/div>\n\t\t<\/section>\n\t\t\t\t<section class=\"elementor-section elementor-top-section elementor-element elementor-element-d659d63 elementor-section-boxed elementor-section-height-default elementor-section-height-default\" data-id=\"d659d63\" data-element_type=\"section\">\n\t\t\t\t\t\t<div class=\"elementor-container elementor-column-gap-default\">\n\t\t\t\t\t<div class=\"elementor-column elementor-col-100 elementor-top-column elementor-element elementor-element-ad1d4fd\" data-id=\"ad1d4fd\" data-element_type=\"column\">\n\t\t\t<div class=\"elementor-widget-wrap elementor-element-populated\">\n\t\t\t\t\t\t<div class=\"elementor-element elementor-element-aec70fa elementor-widget elementor-widget-heading\" data-id=\"aec70fa\" data-element_type=\"widget\" data-widget_type=\"heading.default\">\n\t\t\t\t<div class=\"elementor-widget-container\">\n\t\t\t\t\t<h2 class=\"elementor-heading-title elementor-size-default\">18. Laberint d'Horta<\/h2>\t\t\t\t<\/div>\n\t\t\t\t<\/div>\n\t\t\t\t\t<\/div>\n\t\t<\/div>\n\t\t\t\t\t<\/div>\n\t\t<\/section>\n\t\t\t\t<section class=\"elementor-section elementor-top-section elementor-element elementor-element-4998ea1 elementor-section-boxed elementor-section-height-default elementor-section-height-default\" data-id=\"4998ea1\" data-element_type=\"section\">\n\t\t\t\t\t\t<div class=\"elementor-container elementor-column-gap-default\">\n\t\t\t\t\t<div class=\"elementor-column elementor-col-50 elementor-top-column elementor-element elementor-element-f3f6bb3\" data-id=\"f3f6bb3\" data-element_type=\"column\">\n\t\t\t<div class=\"elementor-widget-wrap elementor-element-populated\">\n\t\t\t\t\t\t<div class=\"elementor-element elementor-element-7dffab8 elementor-widget elementor-widget-image\" data-id=\"7dffab8\" data-element_type=\"widget\" data-widget_type=\"image.default\">\n\t\t\t\t<div class=\"elementor-widget-container\">\n\t\t\t\t\t\t\t\t\t\t\t\t\t\t\t<img loading=\"lazy\" decoding=\"async\" width=\"617\" height=\"433\" src=\"https:\/\/www.willysplan.com\/wp-content\/uploads\/2021\/10\/laberintohorta.jpg\" class=\"attachment-large size-large wp-image-14413\" alt=\"laberinto horta\" srcset=\"https:\/\/www.willysplan.com\/wp-content\/uploads\/2021\/10\/laberintohorta.jpg 617w, https:\/\/www.willysplan.com\/wp-content\/uploads\/2021\/10\/laberintohorta-300x211.jpg 300w, https:\/\/www.willysplan.com\/wp-content\/uploads\/2021\/10\/laberintohorta-600x421.jpg 600w\" sizes=\"(max-width: 617px) 100vw, 617px\" \/>\t\t\t\t\t\t\t\t\t\t\t\t\t\t\t<\/div>\n\t\t\t\t<\/div>\n\t\t\t\t\t<\/div>\n\t\t<\/div>\n\t\t\t\t<div class=\"elementor-column elementor-col-50 elementor-top-column elementor-element elementor-element-e61148d\" data-id=\"e61148d\" data-element_type=\"column\">\n\t\t\t<div class=\"elementor-widget-wrap elementor-element-populated\">\n\t\t\t\t\t\t<div class=\"elementor-element elementor-element-094e5b2 elementor-widget elementor-widget-google_maps\" data-id=\"094e5b2\" data-element_type=\"widget\" data-widget_type=\"google_maps.default\">\n\t\t\t\t<div class=\"elementor-widget-container\">\n\t\t\t\t\t\t\t<div class=\"elementor-custom-embed\">\n\t\t\t<iframe loading=\"lazy\"\n\t\t\t\t\tsrc=\"https:\/\/maps.google.com\/maps?q=laberinto%20horta&#038;t=m&#038;z=10&#038;output=embed&#038;iwloc=near\"\n\t\t\t\t\ttitle=\"laberinto horta\"\n\t\t\t\t\taria-label=\"laberinto horta\"\n\t\t\t><\/iframe>\n\t\t<\/div>\n\t\t\t\t\t\t<\/div>\n\t\t\t\t<\/div>\n\t\t\t\t\t<\/div>\n\t\t<\/div>\n\t\t\t\t\t<\/div>\n\t\t<\/section>\n\t\t\t\t<section class=\"elementor-section elementor-top-section elementor-element elementor-element-25b4666 elementor-section-boxed elementor-section-height-default elementor-section-height-default\" data-id=\"25b4666\" data-element_type=\"section\">\n\t\t\t\t\t\t<div class=\"elementor-container elementor-column-gap-default\">\n\t\t\t\t\t<div class=\"elementor-column elementor-col-100 elementor-top-column elementor-element elementor-element-b78176a\" data-id=\"b78176a\" data-element_type=\"column\">\n\t\t\t<div class=\"elementor-widget-wrap elementor-element-populated\">\n\t\t\t\t\t\t<div class=\"elementor-element elementor-element-c60026a elementor-widget elementor-widget-text-editor\" data-id=\"c60026a\" data-element_type=\"widget\" data-widget_type=\"text-editor.default\">\n\t\t\t\t<div class=\"elementor-widget-container\">\n\t\t\t\t\t\t\t\t\t<p><span style=\"font-weight: 400;\">Si t&#8217;agraden els laberints, has d&#8217;aprofitar aquest lloc, perqu\u00e8 val la pena acostar-te a aquest parc, per perdre&#8217;t entre els<\/span> <b>arbres del seu laberint natural.<\/b> <span style=\"font-weight: 400;\">\u00c9s una activitat molt divertida per fer en grup i t&#8217;estar\u00e0s una bona estona a dins fent voltes per poder sortir.<\/span><\/p><p><span style=\"font-weight: 400;\">El<\/span> <b>Parc del Laberint d&#8217;Horta<\/b><span style=\"font-weight: 400;\"> \u00e9s el jard\u00ed m\u00e9s antic de tot Barcelona i abans formava part de la finca de la fam\u00edlia Desvalls (1794). Al parc hi podr\u00e0s trobar un jard\u00ed neocl\u00e0ssic del segle XVIII i un altre rom\u00e0nic del XIX.<\/span><\/p><p><span style=\"font-weight: 400;\">Descobreix aquest parc des de dins, amb el nostre <a href=\"https:\/\/www.willysplan.com\/ca\/tours-privats-barcelona\/tour-del-parc-del-laberint-de-barcelona\">tour al parc del laberint d&#8217;Horta de Barcelona<\/a>:<\/span><\/p>\t\t\t\t\t\t\t\t<\/div>\n\t\t\t\t<\/div>\n\t\t\t\t\t<\/div>\n\t\t<\/div>\n\t\t\t\t\t<\/div>\n\t\t<\/section>\n\t\t\t\t<section class=\"elementor-section elementor-top-section elementor-element elementor-element-ee1dbd6 elementor-section-boxed elementor-section-height-default elementor-section-height-default\" data-id=\"ee1dbd6\" data-element_type=\"section\">\n\t\t\t\t\t\t<div class=\"elementor-container elementor-column-gap-default\">\n\t\t\t\t\t<div class=\"elementor-column elementor-col-100 elementor-top-column elementor-element elementor-element-381c8b9\" data-id=\"381c8b9\" data-element_type=\"column\">\n\t\t\t<div class=\"elementor-widget-wrap elementor-element-populated\">\n\t\t\t\t\t\t<div class=\"elementor-element elementor-element-22c8ec5 elementor-cta--layout-image-left elementor-cta--valign-middle elementor-hidden-mobile elementor-cta--skin-classic elementor-animated-content elementor-widget elementor-widget-call-to-action\" data-id=\"22c8ec5\" data-element_type=\"widget\" data-widget_type=\"call-to-action.default\">\n\t\t\t\t<div class=\"elementor-widget-container\">\n\t\t\t\t\t\t\t<a class=\"elementor-cta\" href=\"https:\/\/www.willysplan.com\/ca\/tours-privats-barcelona\/tour-del-parc-del-laberint-de-barcelona\">\n\t\t\t\t\t<div class=\"elementor-cta__bg-wrapper\">\n\t\t\t\t<div class=\"elementor-cta__bg elementor-bg\" style=\"background-image: url(https:\/\/www.willysplan.com\/wp-content\/uploads\/2022\/05\/vista-laberinto.webp);\" role=\"img\" aria-label=\"free tour barcelona - laberint horta\"><\/div>\n\t\t\t\t<div class=\"elementor-cta__bg-overlay\"><\/div>\n\t\t\t<\/div>\n\t\t\t\t\t\t\t<div class=\"elementor-cta__content\">\n\t\t\t\t\n\t\t\t\t\t\t\t\t\t<h2 class=\"elementor-cta__title elementor-cta__content-item elementor-content-item\">\n\t\t\t\t\t\tTour del parc del laberint de Barcelona\t\t\t\t\t<\/h2>\n\t\t\t\t\n\t\t\t\t\t\t\t\t\t<div class=\"elementor-cta__description elementor-cta__content-item elementor-content-item\">\n\t\t\t\t\t\t<p>\u2b50\u2b50\u2b50\u2b50\u2b50<\/p>\n<p>\ud83d\udd50 2 hores.<br \/>\ud83d\udcac Espanyol, Angl\u00e8s, Itali\u00e0, Franc\u00e8s, Portugu\u00e8s, Alemany, Xin\u00e8s, Rus i \u00c0rab.<br \/>\u2714 Cancel\u00b7laci\u00f3 gratu\u00efta.<\/p>\n\t\t\t\t\t<\/div>\n\t\t\t\t\n\t\t\t\t\t\t\t<\/div>\n\t\t\t\t\t\t\t<div class=\"elementor-ribbon elementor-ribbon-right\">\n\t\t\t\t<div class=\"elementor-ribbon-inner\">\n\t\t\t\t\tDes de 70\u20ac\t\t\t\t<\/div>\n\t\t\t<\/div>\n\t\t\t\t<\/a>\n\t\t\t\t\t\t<\/div>\n\t\t\t\t<\/div>\n\t\t\t\t\t<\/div>\n\t\t<\/div>\n\t\t\t\t\t<\/div>\n\t\t<\/section>\n\t\t\t\t<section class=\"elementor-section elementor-top-section elementor-element elementor-element-9397b7a elementor-section-boxed elementor-section-height-default elementor-section-height-default\" data-id=\"9397b7a\" data-element_type=\"section\">\n\t\t\t\t\t\t<div class=\"elementor-container elementor-column-gap-default\">\n\t\t\t\t\t<div class=\"elementor-column elementor-col-100 elementor-top-column elementor-element elementor-element-dd028ab\" data-id=\"dd028ab\" data-element_type=\"column\">\n\t\t\t<div class=\"elementor-widget-wrap elementor-element-populated\">\n\t\t\t\t\t\t<div class=\"elementor-element elementor-element-944605b elementor-cta--layout-image-above elementor-cta--valign-middle elementor-hidden-desktop elementor-hidden-tablet elementor-cta--skin-classic elementor-animated-content elementor-widget elementor-widget-call-to-action\" data-id=\"944605b\" data-element_type=\"widget\" data-widget_type=\"call-to-action.default\">\n\t\t\t\t<div class=\"elementor-widget-container\">\n\t\t\t\t\t\t\t<a class=\"elementor-cta\" href=\"https:\/\/www.willysplan.com\/ca\/tours-privats-barcelona\/tour-del-parc-del-laberint-de-barcelona\">\n\t\t\t\t\t<div class=\"elementor-cta__bg-wrapper\">\n\t\t\t\t<div class=\"elementor-cta__bg elementor-bg\" style=\"background-image: url(https:\/\/www.willysplan.com\/wp-content\/uploads\/2022\/05\/vista-laberinto.webp);\" role=\"img\" aria-label=\"free tour barcelona - laberint horta\"><\/div>\n\t\t\t\t<div class=\"elementor-cta__bg-overlay\"><\/div>\n\t\t\t<\/div>\n\t\t\t\t\t\t\t<div class=\"elementor-cta__content\">\n\t\t\t\t\n\t\t\t\t\t\t\t\t\t<h2 class=\"elementor-cta__title elementor-cta__content-item elementor-content-item\">\n\t\t\t\t\t\tTour del parc del laberint de Barcelona\t\t\t\t\t<\/h2>\n\t\t\t\t\n\t\t\t\t\t\t\t\t\t<div class=\"elementor-cta__description elementor-cta__content-item elementor-content-item\">\n\t\t\t\t\t\t<p>\u2b50\u2b50\u2b50\u2b50\u2b50<\/p>\n<p>\ud83d\udd50 2 hores.<br \/>\ud83d\udcac Espanyol, Angl\u00e8s, Itali\u00e0, Franc\u00e8s, Portugu\u00e8s, Alemany, Xin\u00e8s, Rus i \u00c0rab.<br \/>\u2714 Cancel\u00b7laci\u00f3 gratu\u00efta.<\/p>\n\t\t\t\t\t<\/div>\n\t\t\t\t\n\t\t\t\t\t\t\t<\/div>\n\t\t\t\t\t\t\t<div class=\"elementor-ribbon elementor-ribbon-right\">\n\t\t\t\t<div class=\"elementor-ribbon-inner\">\n\t\t\t\t\tDes de 70\u20ac\t\t\t\t<\/div>\n\t\t\t<\/div>\n\t\t\t\t<\/a>\n\t\t\t\t\t\t<\/div>\n\t\t\t\t<\/div>\n\t\t\t\t\t<\/div>\n\t\t<\/div>\n\t\t\t\t\t<\/div>\n\t\t<\/section>\n\t\t\t\t<section class=\"elementor-section elementor-top-section elementor-element elementor-element-069f968 elementor-section-boxed elementor-section-height-default elementor-section-height-default\" data-id=\"069f968\" data-element_type=\"section\">\n\t\t\t\t\t\t<div class=\"elementor-container elementor-column-gap-default\">\n\t\t\t\t\t<div class=\"elementor-column elementor-col-100 elementor-top-column elementor-element elementor-element-eb32f28\" data-id=\"eb32f28\" data-element_type=\"column\">\n\t\t\t<div class=\"elementor-widget-wrap elementor-element-populated\">\n\t\t\t\t\t\t<div class=\"elementor-element elementor-element-57e7897 elementor-align-center elementor-widget elementor-widget-button\" data-id=\"57e7897\" data-element_type=\"widget\" data-widget_type=\"button.default\">\n\t\t\t\t<div class=\"elementor-widget-container\">\n\t\t\t\t\t\t\t\t\t<div class=\"elementor-button-wrapper\">\n\t\t\t\t\t<a class=\"elementor-button elementor-button-link elementor-size-md\" href=\"https:\/\/www.willysplan.com\/ca\/tours-privats-a-barcelona\" rel=\"nofollow\">\n\t\t\t\t\t\t<span class=\"elementor-button-content-wrapper\">\n\t\t\t\t\t\t\t\t\t<span class=\"elementor-button-text\">Veure tots els nostres tours privats<\/span>\n\t\t\t\t\t<\/span>\n\t\t\t\t\t<\/a>\n\t\t\t\t<\/div>\n\t\t\t\t\t\t\t\t<\/div>\n\t\t\t\t<\/div>\n\t\t\t\t\t<\/div>\n\t\t<\/div>\n\t\t\t\t\t<\/div>\n\t\t<\/section>\n\t\t\t\t<section class=\"elementor-section elementor-top-section elementor-element elementor-element-afd44a3 elementor-section-boxed elementor-section-height-default elementor-section-height-default\" data-id=\"afd44a3\" data-element_type=\"section\">\n\t\t\t\t\t\t<div class=\"elementor-container elementor-column-gap-default\">\n\t\t\t\t\t<div class=\"elementor-column elementor-col-100 elementor-top-column elementor-element elementor-element-21f4692\" data-id=\"21f4692\" data-element_type=\"column\">\n\t\t\t<div class=\"elementor-widget-wrap elementor-element-populated\">\n\t\t\t\t\t\t<div class=\"elementor-element elementor-element-c8fdce8 elementor-widget elementor-widget-heading\" data-id=\"c8fdce8\" data-element_type=\"widget\" data-widget_type=\"heading.default\">\n\t\t\t\t<div class=\"elementor-widget-container\">\n\t\t\t\t\t<h2 class=\"elementor-heading-title elementor-size-default\">19. Monestir de Pedralbes<\/h2>\t\t\t\t<\/div>\n\t\t\t\t<\/div>\n\t\t\t\t\t<\/div>\n\t\t<\/div>\n\t\t\t\t\t<\/div>\n\t\t<\/section>\n\t\t\t\t<section class=\"elementor-section elementor-top-section elementor-element elementor-element-23c888c elementor-section-boxed elementor-section-height-default elementor-section-height-default\" data-id=\"23c888c\" data-element_type=\"section\">\n\t\t\t\t\t\t<div class=\"elementor-container elementor-column-gap-default\">\n\t\t\t\t\t<div class=\"elementor-column elementor-col-50 elementor-top-column elementor-element elementor-element-ddbcff7\" data-id=\"ddbcff7\" data-element_type=\"column\">\n\t\t\t<div class=\"elementor-widget-wrap elementor-element-populated\">\n\t\t\t\t\t\t<div class=\"elementor-element elementor-element-3f57478 elementor-widget elementor-widget-image\" data-id=\"3f57478\" data-element_type=\"widget\" data-widget_type=\"image.default\">\n\t\t\t\t<div class=\"elementor-widget-container\">\n\t\t\t\t\t\t\t\t\t\t\t\t\t\t\t<img loading=\"lazy\" decoding=\"async\" width=\"1024\" height=\"638\" src=\"https:\/\/www.willysplan.com\/wp-content\/uploads\/2023\/04\/monasterio-pedralbes-1024x638.jpg\" class=\"attachment-large size-large wp-image-17890\" alt=\"monasterio pedralbes\" srcset=\"https:\/\/www.willysplan.com\/wp-content\/uploads\/2023\/04\/monasterio-pedralbes-1024x638.jpg 1024w, https:\/\/www.willysplan.com\/wp-content\/uploads\/2023\/04\/monasterio-pedralbes-300x187.jpg 300w, https:\/\/www.willysplan.com\/wp-content\/uploads\/2023\/04\/monasterio-pedralbes-768x479.jpg 768w, https:\/\/www.willysplan.com\/wp-content\/uploads\/2023\/04\/monasterio-pedralbes-600x374.jpg 600w, https:\/\/www.willysplan.com\/wp-content\/uploads\/2023\/04\/monasterio-pedralbes.jpg 1178w\" sizes=\"(max-width: 1024px) 100vw, 1024px\" \/>\t\t\t\t\t\t\t\t\t\t\t\t\t\t\t<\/div>\n\t\t\t\t<\/div>\n\t\t\t\t\t<\/div>\n\t\t<\/div>\n\t\t\t\t<div class=\"elementor-column elementor-col-50 elementor-top-column elementor-element elementor-element-36c09fa\" data-id=\"36c09fa\" data-element_type=\"column\">\n\t\t\t<div class=\"elementor-widget-wrap elementor-element-populated\">\n\t\t\t\t\t\t<div class=\"elementor-element elementor-element-855f2d1 elementor-widget elementor-widget-google_maps\" data-id=\"855f2d1\" data-element_type=\"widget\" data-widget_type=\"google_maps.default\">\n\t\t\t\t<div class=\"elementor-widget-container\">\n\t\t\t\t\t\t\t<div class=\"elementor-custom-embed\">\n\t\t\t<iframe loading=\"lazy\"\n\t\t\t\t\tsrc=\"https:\/\/maps.google.com\/maps?q=monasterio%20pedralbes&#038;t=m&#038;z=10&#038;output=embed&#038;iwloc=near\"\n\t\t\t\t\ttitle=\"monasterio pedralbes\"\n\t\t\t\t\taria-label=\"monasterio pedralbes\"\n\t\t\t><\/iframe>\n\t\t<\/div>\n\t\t\t\t\t\t<\/div>\n\t\t\t\t<\/div>\n\t\t\t\t\t<\/div>\n\t\t<\/div>\n\t\t\t\t\t<\/div>\n\t\t<\/section>\n\t\t\t\t<section class=\"elementor-section elementor-top-section elementor-element elementor-element-64e64c3 elementor-section-boxed elementor-section-height-default elementor-section-height-default\" data-id=\"64e64c3\" data-element_type=\"section\">\n\t\t\t\t\t\t<div class=\"elementor-container elementor-column-gap-default\">\n\t\t\t\t\t<div class=\"elementor-column elementor-col-100 elementor-top-column elementor-element elementor-element-6608390\" data-id=\"6608390\" data-element_type=\"column\">\n\t\t\t<div class=\"elementor-widget-wrap elementor-element-populated\">\n\t\t\t\t\t\t<div class=\"elementor-element elementor-element-c5337b8 elementor-widget elementor-widget-text-editor\" data-id=\"c5337b8\" data-element_type=\"widget\" data-widget_type=\"text-editor.default\">\n\t\t\t\t<div class=\"elementor-widget-container\">\n\t\t\t\t\t\t\t\t\t<p><span style=\"font-weight: 400;\">Una de les millors coses a fer a Barcelona gratis \u00e9s visitar el<\/span> <b>Monestir de Pedralbes<\/b><span style=\"font-weight: 400;\">, encara que nom\u00e9s podr\u00e0s accedir sense pagar el primer diumenge de mes. Tot i aix\u00ed, l&#8217;entrada general costa 5\u20ac i \u00e9s un dels edificis m\u00e9s bonics de la ciutat. Aquesta visita \u00e9s molt recomanada per a tots aquells fans de l&#8217;arquitectura g\u00f2tica.<\/span><\/p>\n\t\t\t\t\t\t\t\t<\/div>\n\t\t\t\t<\/div>\n\t\t\t\t\t<\/div>\n\t\t<\/div>\n\t\t\t\t\t<\/div>\n\t\t<\/section>\n\t\t\t\t<section class=\"elementor-section elementor-top-section elementor-element elementor-element-193f5ea elementor-section-boxed elementor-section-height-default elementor-section-height-default\" data-id=\"193f5ea\" data-element_type=\"section\">\n\t\t\t\t\t\t<div class=\"elementor-container elementor-column-gap-default\">\n\t\t\t\t\t<div class=\"elementor-column elementor-col-100 elementor-top-column elementor-element elementor-element-2c5d1bb\" data-id=\"2c5d1bb\" data-element_type=\"column\">\n\t\t\t<div class=\"elementor-widget-wrap elementor-element-populated\">\n\t\t\t\t\t\t<div class=\"elementor-element elementor-element-8366556 elementor-widget elementor-widget-heading\" data-id=\"8366556\" data-element_type=\"widget\" data-widget_type=\"heading.default\">\n\t\t\t\t<div class=\"elementor-widget-container\">\n\t\t\t\t\t<h2 class=\"elementor-heading-title elementor-size-default\">20. Assisteix a un partit del FC Barcelona al Camp Nou<\/h2>\t\t\t\t<\/div>\n\t\t\t\t<\/div>\n\t\t\t\t\t<\/div>\n\t\t<\/div>\n\t\t\t\t\t<\/div>\n\t\t<\/section>\n\t\t\t\t<section class=\"elementor-section elementor-top-section elementor-element elementor-element-9acb307 elementor-section-boxed elementor-section-height-default elementor-section-height-default\" data-id=\"9acb307\" data-element_type=\"section\">\n\t\t\t\t\t\t<div class=\"elementor-container elementor-column-gap-default\">\n\t\t\t\t\t<div class=\"elementor-column elementor-col-50 elementor-top-column elementor-element elementor-element-9fa4c8c\" data-id=\"9fa4c8c\" data-element_type=\"column\">\n\t\t\t<div class=\"elementor-widget-wrap elementor-element-populated\">\n\t\t\t\t\t\t<div class=\"elementor-element elementor-element-85db0f0 elementor-widget elementor-widget-image\" data-id=\"85db0f0\" data-element_type=\"widget\" data-widget_type=\"image.default\">\n\t\t\t\t<div class=\"elementor-widget-container\">\n\t\t\t\t\t\t\t\t\t\t\t\t\t\t\t<img loading=\"lazy\" decoding=\"async\" width=\"1024\" height=\"559\" src=\"https:\/\/www.willysplan.com\/wp-content\/uploads\/2023\/04\/camp-nou-1024x559.jpg\" class=\"attachment-large size-large wp-image-17893\" alt=\"camp nou\" srcset=\"https:\/\/www.willysplan.com\/wp-content\/uploads\/2023\/04\/camp-nou-1024x559.jpg 1024w, https:\/\/www.willysplan.com\/wp-content\/uploads\/2023\/04\/camp-nou-300x164.jpg 300w, https:\/\/www.willysplan.com\/wp-content\/uploads\/2023\/04\/camp-nou-768x419.jpg 768w, https:\/\/www.willysplan.com\/wp-content\/uploads\/2023\/04\/camp-nou-600x328.jpg 600w, https:\/\/www.willysplan.com\/wp-content\/uploads\/2023\/04\/camp-nou.jpg 1251w\" sizes=\"(max-width: 1024px) 100vw, 1024px\" \/>\t\t\t\t\t\t\t\t\t\t\t\t\t\t\t<\/div>\n\t\t\t\t<\/div>\n\t\t\t\t\t<\/div>\n\t\t<\/div>\n\t\t\t\t<div class=\"elementor-column elementor-col-50 elementor-top-column elementor-element elementor-element-0eae222\" data-id=\"0eae222\" data-element_type=\"column\">\n\t\t\t<div class=\"elementor-widget-wrap elementor-element-populated\">\n\t\t\t\t\t\t<div class=\"elementor-element elementor-element-31edd57 elementor-widget elementor-widget-google_maps\" data-id=\"31edd57\" data-element_type=\"widget\" data-widget_type=\"google_maps.default\">\n\t\t\t\t<div class=\"elementor-widget-container\">\n\t\t\t\t\t\t\t<div class=\"elementor-custom-embed\">\n\t\t\t<iframe loading=\"lazy\"\n\t\t\t\t\tsrc=\"https:\/\/maps.google.com\/maps?q=camp%20nou&#038;t=m&#038;z=10&#038;output=embed&#038;iwloc=near\"\n\t\t\t\t\ttitle=\"camp nou\"\n\t\t\t\t\taria-label=\"camp nou\"\n\t\t\t><\/iframe>\n\t\t<\/div>\n\t\t\t\t\t\t<\/div>\n\t\t\t\t<\/div>\n\t\t\t\t\t<\/div>\n\t\t<\/div>\n\t\t\t\t\t<\/div>\n\t\t<\/section>\n\t\t\t\t<section class=\"elementor-section elementor-top-section elementor-element elementor-element-59b2da1 elementor-section-boxed elementor-section-height-default elementor-section-height-default\" data-id=\"59b2da1\" data-element_type=\"section\">\n\t\t\t\t\t\t<div class=\"elementor-container elementor-column-gap-default\">\n\t\t\t\t\t<div class=\"elementor-column elementor-col-100 elementor-top-column elementor-element elementor-element-414f47e\" data-id=\"414f47e\" data-element_type=\"column\">\n\t\t\t<div class=\"elementor-widget-wrap elementor-element-populated\">\n\t\t\t\t\t\t<div class=\"elementor-element elementor-element-279a927 elementor-widget elementor-widget-text-editor\" data-id=\"279a927\" data-element_type=\"widget\" data-widget_type=\"text-editor.default\">\n\t\t\t\t<div class=\"elementor-widget-container\">\n\t\t\t\t\t\t\t\t\t<p><span style=\"font-weight: 400;\">Acabem la nostra selecci\u00f3 de les millors coses a fer a Barcelona amb el<\/span> <b>Camp Nou<\/b><span style=\"font-weight: 400;\">. El FC Barcelona \u00e9s un equip de futbol llegendari i, a m\u00e9s a m\u00e9s, representa a la perfecci\u00f3 l&#8217;\u00e0nima de la ciutat. Sota el lema \u201cM\u00e9s que un club\u201d, els blaugrana demostren que tenen un comprom\u00eds amb la societat i que ha sobrepassat \u00e8poques tan fosques com la dictadura de Franco.<\/span><\/p>\n<\/p>\n<p><span style=\"font-weight: 400;\">Avui dia,<\/span> <b>el Bar\u00e7a \u00e9s un dels clubs m\u00e9s grans del m\u00f3n<\/b><span style=\"font-weight: 400;\"> i l&#8217;estadi que el veu jugar est\u00e0 a l&#8217;al\u00e7ada de les circumst\u00e0ncies. L&#8217;ambient als partits al Camp Nou \u00e9s espectacular i es poden reunir m\u00e9s de 100.000 espectadors. Aquesta \u00e9s una experi\u00e8ncia que no et pots perdre en la teva visita a la capital catalana!<\/span><\/p>\n<p><b>T&#8217;ha agradat la nostra llista de les 20 millors coses a fer a Barcelona? <\/b><span style=\"font-weight: 400;\">No t&#8217;aclaparis si disposes de poc temps i no les pots fer totes. Simplement, escull aquelles que m\u00e9s hagin cridat la teva atenci\u00f3 i dedica les teves vacances a con\u00e8ixer-les a fons. Barcelona \u00e9s una ciutat que enamora, aix\u00ed que estem segurs que hi tornar\u00e0s!<\/span><\/p>\n\t\t\t\t\t\t\t\t<\/div>\n\t\t\t\t<\/div>\n\t\t\t\t\t<\/div>\n\t\t<\/div>\n\t\t\t\t\t<\/div>\n\t\t<\/section>\n\t\t\t\t<section class=\"elementor-section elementor-top-section elementor-element elementor-element-774fd5b elementor-section-boxed elementor-section-height-default elementor-section-height-default\" data-id=\"774fd5b\" data-element_type=\"section\">\n\t\t\t\t\t\t<div class=\"elementor-container elementor-column-gap-default\">\n\t\t\t\t\t<div class=\"elementor-column elementor-col-100 elementor-top-column elementor-element elementor-element-ccb3386\" data-id=\"ccb3386\" data-element_type=\"column\">\n\t\t\t<div class=\"elementor-widget-wrap elementor-element-populated\">\n\t\t\t\t\t\t<div class=\"elementor-element elementor-element-5d6c67c elementor-widget elementor-widget-heading\" data-id=\"5d6c67c\" data-element_type=\"widget\" data-widget_type=\"heading.default\">\n\t\t\t\t<div class=\"elementor-widget-container\">\n\t\t\t\t\t<h2 class=\"elementor-heading-title elementor-size-default\">Altres rutes que tamb\u00e9 et poden interessar...<\/h2>\t\t\t\t<\/div>\n\t\t\t\t<\/div>\n\t\t\t\t\t<\/div>\n\t\t<\/div>\n\t\t\t\t\t<\/div>\n\t\t<\/section>\n\t\t\t\t<section class=\"elementor-section elementor-top-section elementor-element elementor-element-b9303aa elementor-section-boxed elementor-section-height-default elementor-section-height-default\" data-id=\"b9303aa\" data-element_type=\"section\">\n\t\t\t\t\t\t<div class=\"elementor-container elementor-column-gap-default\">\n\t\t\t\t\t<div class=\"elementor-column elementor-col-100 elementor-top-column elementor-element elementor-element-4c9811a\" data-id=\"4c9811a\" data-element_type=\"column\">\n\t\t\t<div class=\"elementor-widget-wrap elementor-element-populated\">\n\t\t\t\t\t\t<div class=\"elementor-element elementor-element-1bb3dc4 elementor-grid-4 elementor-grid-tablet-2 elementor-grid-mobile-1 elementor-posts--thumbnail-top elementor-widget elementor-widget-posts\" data-id=\"1bb3dc4\" data-element_type=\"widget\" data-settings=\"{&quot;classic_columns&quot;:&quot;4&quot;,&quot;classic_columns_tablet&quot;:&quot;2&quot;,&quot;classic_columns_mobile&quot;:&quot;1&quot;,&quot;classic_row_gap&quot;:{&quot;unit&quot;:&quot;px&quot;,&quot;size&quot;:35,&quot;sizes&quot;:[]},&quot;classic_row_gap_tablet&quot;:{&quot;unit&quot;:&quot;px&quot;,&quot;size&quot;:&quot;&quot;,&quot;sizes&quot;:[]},&quot;classic_row_gap_mobile&quot;:{&quot;unit&quot;:&quot;px&quot;,&quot;size&quot;:&quot;&quot;,&quot;sizes&quot;:[]}}\" data-widget_type=\"posts.classic\">\n\t\t\t\t<div class=\"elementor-widget-container\">\n\t\t\t\t\t\t\t<div class=\"elementor-posts-container elementor-posts elementor-posts--skin-classic elementor-grid\" role=\"list\">\n\t\t\t\t<article class=\"elementor-post elementor-grid-item post-23778 post type-post status-publish format-standard has-post-thumbnail hentry category-idees tag-blog-barcelona tag-ideas\" role=\"listitem\">\n\t\t\t\t<a class=\"elementor-post__thumbnail__link\" href=\"https:\/\/www.willysplan.com\/ca\/idees\/historia-de-la-barceloneta-que-veure-i-que-fer\" tabindex=\"-1\" >\n\t\t\t<div class=\"elementor-post__thumbnail\"><img loading=\"lazy\" decoding=\"async\" width=\"300\" height=\"200\" src=\"https:\/\/www.willysplan.com\/wp-content\/uploads\/2024\/07\/lp7jhwnxz50-300x200.jpg\" class=\"attachment-medium size-medium wp-image-23584\" alt=\"barceloneta\" srcset=\"https:\/\/www.willysplan.com\/wp-content\/uploads\/2024\/07\/lp7jhwnxz50-300x200.jpg 300w, https:\/\/www.willysplan.com\/wp-content\/uploads\/2024\/07\/lp7jhwnxz50-1024x683.jpg 1024w, https:\/\/www.willysplan.com\/wp-content\/uploads\/2024\/07\/lp7jhwnxz50-768x512.jpg 768w, https:\/\/www.willysplan.com\/wp-content\/uploads\/2024\/07\/lp7jhwnxz50-1536x1024.jpg 1536w, https:\/\/www.willysplan.com\/wp-content\/uploads\/2024\/07\/lp7jhwnxz50-930x620.jpg 930w, https:\/\/www.willysplan.com\/wp-content\/uploads\/2024\/07\/lp7jhwnxz50-600x400.jpg 600w, https:\/\/www.willysplan.com\/wp-content\/uploads\/2024\/07\/lp7jhwnxz50.jpg 1600w\" sizes=\"(max-width: 300px) 100vw, 300px\" \/><\/div>\n\t\t<\/a>\n\t\t\t\t<div class=\"elementor-post__text\">\n\t\t\t\t<h4 class=\"elementor-post__title\">\n\t\t\t<a href=\"https:\/\/www.willysplan.com\/ca\/idees\/historia-de-la-barceloneta-que-veure-i-que-fer\" >\n\t\t\t\tHist\u00f2ria de La Barceloneta: Qu\u00e8 veure i qu\u00e8 fer\t\t\t<\/a>\n\t\t<\/h4>\n\t\t\t\t<\/div>\n\t\t\t\t<\/article>\n\t\t\t\t<article class=\"elementor-post elementor-grid-item post-23826 post type-post status-publish format-standard has-post-thumbnail hentry category-idees tag-ideas\" role=\"listitem\">\n\t\t\t\t<a class=\"elementor-post__thumbnail__link\" href=\"https:\/\/www.willysplan.com\/ca\/idees\/que-veure-i-que-fer-al-barri-gotic-de-barcelona\" tabindex=\"-1\" >\n\t\t\t<div class=\"elementor-post__thumbnail\"><img loading=\"lazy\" decoding=\"async\" width=\"300\" height=\"200\" src=\"https:\/\/www.willysplan.com\/wp-content\/uploads\/2022\/06\/barrio-gotico-noche-300x200.webp\" class=\"attachment-medium size-medium wp-image-14911\" alt=\"barrio-gotico-noche\" srcset=\"https:\/\/www.willysplan.com\/wp-content\/uploads\/2022\/06\/barrio-gotico-noche-300x200.webp 300w, https:\/\/www.willysplan.com\/wp-content\/uploads\/2022\/06\/barrio-gotico-noche-768x513.webp 768w, https:\/\/www.willysplan.com\/wp-content\/uploads\/2022\/06\/barrio-gotico-noche-600x401.webp 600w, https:\/\/www.willysplan.com\/wp-content\/uploads\/2022\/06\/barrio-gotico-noche.webp 780w\" sizes=\"(max-width: 300px) 100vw, 300px\" \/><\/div>\n\t\t<\/a>\n\t\t\t\t<div class=\"elementor-post__text\">\n\t\t\t\t<h4 class=\"elementor-post__title\">\n\t\t\t<a href=\"https:\/\/www.willysplan.com\/ca\/idees\/que-veure-i-que-fer-al-barri-gotic-de-barcelona\" >\n\t\t\t\tQu\u00e8 veure i qu\u00e8 fer al Barri G\u00f2tic de Barcelona\t\t\t<\/a>\n\t\t<\/h4>\n\t\t\t\t<\/div>\n\t\t\t\t<\/article>\n\t\t\t\t<article class=\"elementor-post elementor-grid-item post-23654 post type-post status-publish format-standard has-post-thumbnail hentry category-idees tag-blog-barcelona tag-ideas\" role=\"listitem\">\n\t\t\t\t<a class=\"elementor-post__thumbnail__link\" href=\"https:\/\/www.willysplan.com\/ca\/idees\/modernisme-a-barcelona-ruta-modernista-a-barcelona\" tabindex=\"-1\" >\n\t\t\t<div class=\"elementor-post__thumbnail\"><img loading=\"lazy\" decoding=\"async\" width=\"300\" height=\"200\" src=\"https:\/\/www.willysplan.com\/wp-content\/uploads\/2024\/07\/wljtoupox_u-300x200.jpg\" class=\"attachment-medium size-medium wp-image-23595\" alt=\"sagrada familia\" srcset=\"https:\/\/www.willysplan.com\/wp-content\/uploads\/2024\/07\/wljtoupox_u-300x200.jpg 300w, https:\/\/www.willysplan.com\/wp-content\/uploads\/2024\/07\/wljtoupox_u-1024x683.jpg 1024w, https:\/\/www.willysplan.com\/wp-content\/uploads\/2024\/07\/wljtoupox_u-768x512.jpg 768w, https:\/\/www.willysplan.com\/wp-content\/uploads\/2024\/07\/wljtoupox_u-1536x1024.jpg 1536w, https:\/\/www.willysplan.com\/wp-content\/uploads\/2024\/07\/wljtoupox_u-930x620.jpg 930w, https:\/\/www.willysplan.com\/wp-content\/uploads\/2024\/07\/wljtoupox_u-600x400.jpg 600w, https:\/\/www.willysplan.com\/wp-content\/uploads\/2024\/07\/wljtoupox_u.jpg 1600w\" sizes=\"(max-width: 300px) 100vw, 300px\" \/><\/div>\n\t\t<\/a>\n\t\t\t\t<div class=\"elementor-post__text\">\n\t\t\t\t<h4 class=\"elementor-post__title\">\n\t\t\t<a href=\"https:\/\/www.willysplan.com\/ca\/idees\/modernisme-a-barcelona-ruta-modernista-a-barcelona\" >\n\t\t\t\tModernisme a Barcelona: Ruta modernista a Barcelona\t\t\t<\/a>\n\t\t<\/h4>\n\t\t\t\t<\/div>\n\t\t\t\t<\/article>\n\t\t\t\t<article class=\"elementor-post elementor-grid-item post-23735 post type-post status-publish format-standard has-post-thumbnail hentry category-idees tag-blog-barcelona tag-ideas\" role=\"listitem\">\n\t\t\t\t<a class=\"elementor-post__thumbnail__link\" href=\"https:\/\/www.willysplan.com\/ca\/idees\/tours-i-rutes-per-coneixer-la-guerra-civil-espanyola-a-barcelona\" tabindex=\"-1\" >\n\t\t\t<div class=\"elementor-post__thumbnail\"><img loading=\"lazy\" decoding=\"async\" width=\"300\" height=\"177\" src=\"https:\/\/www.willysplan.com\/wp-content\/uploads\/2023\/04\/placa-felip-neri-300x177.jpg\" class=\"attachment-medium size-medium wp-image-17875\" alt=\"pla\u00e7a felip neri\" srcset=\"https:\/\/www.willysplan.com\/wp-content\/uploads\/2023\/04\/placa-felip-neri-300x177.jpg 300w, https:\/\/www.willysplan.com\/wp-content\/uploads\/2023\/04\/placa-felip-neri-1024x603.jpg 1024w, https:\/\/www.willysplan.com\/wp-content\/uploads\/2023\/04\/placa-felip-neri-768x452.jpg 768w, https:\/\/www.willysplan.com\/wp-content\/uploads\/2023\/04\/placa-felip-neri-600x353.jpg 600w, https:\/\/www.willysplan.com\/wp-content\/uploads\/2023\/04\/placa-felip-neri.jpg 1262w\" sizes=\"(max-width: 300px) 100vw, 300px\" \/><\/div>\n\t\t<\/a>\n\t\t\t\t<div class=\"elementor-post__text\">\n\t\t\t\t<h4 class=\"elementor-post__title\">\n\t\t\t<a href=\"https:\/\/www.willysplan.com\/ca\/idees\/tours-i-rutes-per-coneixer-la-guerra-civil-espanyola-a-barcelona\" >\n\t\t\t\tTours i rutes per con\u00e8ixer la guerra civil espanyola a Barcelona\t\t\t<\/a>\n\t\t<\/h4>\n\t\t\t\t<\/div>\n\t\t\t\t<\/article>\n\t\t\t\t<\/div>\n\t\t\n\t\t\t\t\t\t<\/div>\n\t\t\t\t<\/div>\n\t\t\t\t\t<\/div>\n\t\t<\/div>\n\t\t\t\t\t<\/div>\n\t\t<\/section>\n\t\t\t\t<\/div>\n\t\t","protected":false},"excerpt":{"rendered":"<p>Est\u00e0s buscant les 20 millors coses a fer a Barcelona perqu\u00e8 mai et faltin els plans a la capital catalana? Doncs est\u00e0s de sort perqu\u00e8<\/p>\n","protected":false},"author":1,"featured_media":17858,"comment_status":"closed","ping_status":"closed","sticky":false,"template":"","format":"standard","meta":{"neve_meta_sidebar":"","neve_meta_container":"","neve_meta_enable_content_width":"","neve_meta_content_width":0,"neve_meta_title_alignment":"","neve_meta_author_avatar":"","neve_post_elements_order":"","neve_meta_disable_header":"","neve_meta_disable_footer":"","neve_meta_disable_title":"","_joinchat":[],"footnotes":""},"categories":[462],"tags":[461],"class_list":["post-18030","post","type-post","status-publish","format-standard","has-post-thumbnail","hentry","category-idees","tag-idees"],"yoast_head":"<!-- This site is optimized with the Yoast SEO Premium plugin v20.1 (Yoast SEO v26.9) - https:\/\/yoast.com\/product\/yoast-seo-premium-wordpress\/ -->\n<title>Les 20 millors coses a fer a Barcelona - Willy&#039;s Plan<\/title>\n<meta name=\"description\" content=\"Est\u00e0s buscant les 20 millors coses a fer a Barcelona? \u2705 Descobreix els millors llocs divertits i plans que es poden fer a Barcelona ciutat!\" \/>\n<meta name=\"robots\" content=\"index, follow, max-snippet:-1, max-image-preview:large, max-video-preview:-1\" \/>\n<link rel=\"canonical\" href=\"https:\/\/willysplan.com\/ca\/idees\/les-20-millors-coses-a-fer-a-barcelona\" \/>\n<meta property=\"og:locale\" content=\"ca_ES\" \/>\n<meta property=\"og:type\" content=\"article\" \/>\n<meta property=\"og:title\" content=\"Les 20 millors coses a fer a Barcelona\" \/>\n<meta property=\"og:description\" content=\"Est\u00e0s buscant les 20 millors coses a fer a Barcelona? \u2705 Descobreix els millors llocs divertits i plans que es poden fer a Barcelona ciutat!\" \/>\n<meta property=\"og:url\" content=\"https:\/\/willysplan.com\/ca\/idees\/les-20-millors-coses-a-fer-a-barcelona\" \/>\n<meta property=\"og:site_name\" content=\"Willy&#039;s Plan \ud83c\udf43\" \/>\n<meta property=\"article:published_time\" content=\"2023-04-11T13:46:19+00:00\" \/>\n<meta property=\"article:modified_time\" content=\"2023-07-30T15:23:45+00:00\" \/>\n<meta property=\"og:image\" content=\"https:\/\/www.willysplan.com\/wp-content\/uploads\/2023\/04\/cosas-que-hacer-en-barcelona.jpeg\" \/>\n\t<meta property=\"og:image:width\" content=\"1260\" \/>\n\t<meta property=\"og:image:height\" content=\"709\" \/>\n\t<meta property=\"og:image:type\" content=\"image\/jpeg\" \/>\n<meta name=\"author\" content=\"admin\" \/>\n<meta name=\"twitter:card\" content=\"summary_large_image\" \/>\n<meta name=\"twitter:label1\" content=\"Escrit per\" \/>\n\t<meta name=\"twitter:data1\" content=\"admin\" \/>\n\t<meta name=\"twitter:label2\" content=\"Temps estimat de lectura\" \/>\n\t<meta name=\"twitter:data2\" content=\"21 minuts\" \/>\n<script type=\"application\/ld+json\" class=\"yoast-schema-graph\">{\"@context\":\"https:\/\/schema.org\",\"@graph\":[{\"@type\":\"Article\",\"@id\":\"https:\/\/willysplan.com\/ca\/idees\/les-20-millors-coses-a-fer-a-barcelona#article\",\"isPartOf\":{\"@id\":\"https:\/\/www.willysplan.com\/ideas\/20-mejores-cosas-que-hacer-barcelona\"},\"author\":{\"name\":\"admin\",\"@id\":\"https:\/\/www.willysplan.com\/#\/schema\/person\/58c1527a9a42e9b18a877f14136f1d47\"},\"headline\":\"Les 20 millors coses a fer a Barcelona\",\"datePublished\":\"2023-04-11T13:46:19+00:00\",\"dateModified\":\"2023-07-30T15:23:45+00:00\",\"mainEntityOfPage\":{\"@id\":\"https:\/\/www.willysplan.com\/ideas\/20-mejores-cosas-que-hacer-barcelona\"},\"wordCount\":3071,\"publisher\":{\"@id\":\"https:\/\/www.willysplan.com\/#organization\"},\"image\":{\"@id\":\"https:\/\/willysplan.com\/ca\/idees\/les-20-millors-coses-a-fer-a-barcelona#primaryimage\"},\"thumbnailUrl\":\"https:\/\/www.willysplan.com\/wp-content\/uploads\/2023\/04\/cosas-que-hacer-en-barcelona.jpeg\",\"keywords\":[\"idees\"],\"articleSection\":[\"Idees\"],\"inLanguage\":\"ca\"},{\"@type\":\"WebPage\",\"@id\":\"https:\/\/www.willysplan.com\/ideas\/20-mejores-cosas-que-hacer-barcelona\",\"url\":\"https:\/\/willysplan.com\/ca\/idees\/les-20-millors-coses-a-fer-a-barcelona\",\"name\":\"Les 20 millors coses a fer a Barcelona - Willy's Plan\",\"isPartOf\":{\"@id\":\"https:\/\/www.willysplan.com\/#website\"},\"primaryImageOfPage\":{\"@id\":\"https:\/\/willysplan.com\/ca\/idees\/les-20-millors-coses-a-fer-a-barcelona#primaryimage\"},\"image\":{\"@id\":\"https:\/\/willysplan.com\/ca\/idees\/les-20-millors-coses-a-fer-a-barcelona#primaryimage\"},\"thumbnailUrl\":\"https:\/\/www.willysplan.com\/wp-content\/uploads\/2023\/04\/cosas-que-hacer-en-barcelona.jpeg\",\"datePublished\":\"2023-04-11T13:46:19+00:00\",\"dateModified\":\"2023-07-30T15:23:45+00:00\",\"description\":\"Est\u00e0s buscant les 20 millors coses a fer a Barcelona? \u2705 Descobreix els millors llocs divertits i plans que es poden fer a Barcelona ciutat!\",\"inLanguage\":\"ca\",\"potentialAction\":[{\"@type\":\"ReadAction\",\"target\":[\"https:\/\/willysplan.com\/ca\/idees\/les-20-millors-coses-a-fer-a-barcelona\"]}]},{\"@type\":\"ImageObject\",\"inLanguage\":\"ca\",\"@id\":\"https:\/\/willysplan.com\/ca\/idees\/les-20-millors-coses-a-fer-a-barcelona#primaryimage\",\"url\":\"https:\/\/www.willysplan.com\/wp-content\/uploads\/2023\/04\/cosas-que-hacer-en-barcelona.jpeg\",\"contentUrl\":\"https:\/\/www.willysplan.com\/wp-content\/uploads\/2023\/04\/cosas-que-hacer-en-barcelona.jpeg\",\"width\":1260,\"height\":709,\"caption\":\"cosas que hacer en barcelona\"},{\"@type\":\"WebSite\",\"@id\":\"https:\/\/www.willysplan.com\/#website\",\"url\":\"https:\/\/www.willysplan.com\/\",\"name\":\"Willy&#039;s Plan \ud83c\udf43\",\"description\":\"Escapadas y Planes de fin de semana\",\"publisher\":{\"@id\":\"https:\/\/www.willysplan.com\/#organization\"},\"potentialAction\":[{\"@type\":\"SearchAction\",\"target\":{\"@type\":\"EntryPoint\",\"urlTemplate\":\"https:\/\/www.willysplan.com\/?s={search_term_string}\"},\"query-input\":{\"@type\":\"PropertyValueSpecification\",\"valueRequired\":true,\"valueName\":\"search_term_string\"}}],\"inLanguage\":\"ca\"},{\"@type\":\"Organization\",\"@id\":\"https:\/\/www.willysplan.com\/#organization\",\"name\":\"Willy&#039;s Plan \ud83c\udf43\",\"url\":\"https:\/\/www.willysplan.com\/\",\"logo\":{\"@type\":\"ImageObject\",\"inLanguage\":\"ca\",\"@id\":\"https:\/\/www.willysplan.com\/#\/schema\/logo\/image\/\",\"url\":\"https:\/\/www.willysplan.com\/wp-content\/uploads\/2020\/04\/cropped-logo-1.png\",\"contentUrl\":\"https:\/\/www.willysplan.com\/wp-content\/uploads\/2020\/04\/cropped-logo-1.png\",\"width\":332,\"height\":332,\"caption\":\"Willy&#039;s Plan \ud83c\udf43\"},\"image\":{\"@id\":\"https:\/\/www.willysplan.com\/#\/schema\/logo\/image\/\"}},{\"@type\":\"Person\",\"@id\":\"https:\/\/www.willysplan.com\/#\/schema\/person\/58c1527a9a42e9b18a877f14136f1d47\",\"name\":\"admin\",\"image\":{\"@type\":\"ImageObject\",\"inLanguage\":\"ca\",\"@id\":\"https:\/\/www.willysplan.com\/#\/schema\/person\/image\/\",\"url\":\"https:\/\/secure.gravatar.com\/avatar\/0b8d78e655d83cc71e0a6cd6cb0f0f99929604cd70ff0f7ac1713f248945ea9d?s=96&d=mm&r=g\",\"contentUrl\":\"https:\/\/secure.gravatar.com\/avatar\/0b8d78e655d83cc71e0a6cd6cb0f0f99929604cd70ff0f7ac1713f248945ea9d?s=96&d=mm&r=g\",\"caption\":\"admin\"},\"url\":\"https:\/\/www.willysplan.com\/ca\/author\/admin\"}]}<\/script>\n<!-- \/ Yoast SEO Premium plugin. -->","yoast_head_json":{"title":"Les 20 millors coses a fer a Barcelona - Willy's Plan","description":"Est\u00e0s buscant les 20 millors coses a fer a Barcelona? \u2705 Descobreix els millors llocs divertits i plans que es poden fer a Barcelona ciutat!","robots":{"index":"index","follow":"follow","max-snippet":"max-snippet:-1","max-image-preview":"max-image-preview:large","max-video-preview":"max-video-preview:-1"},"canonical":"https:\/\/willysplan.com\/ca\/idees\/les-20-millors-coses-a-fer-a-barcelona","og_locale":"ca_ES","og_type":"article","og_title":"Les 20 millors coses a fer a Barcelona","og_description":"Est\u00e0s buscant les 20 millors coses a fer a Barcelona? \u2705 Descobreix els millors llocs divertits i plans que es poden fer a Barcelona ciutat!","og_url":"https:\/\/willysplan.com\/ca\/idees\/les-20-millors-coses-a-fer-a-barcelona","og_site_name":"Willy&#039;s Plan \ud83c\udf43","article_published_time":"2023-04-11T13:46:19+00:00","article_modified_time":"2023-07-30T15:23:45+00:00","og_image":[{"width":1260,"height":709,"url":"https:\/\/www.willysplan.com\/wp-content\/uploads\/2023\/04\/cosas-que-hacer-en-barcelona.jpeg","type":"image\/jpeg"}],"author":"admin","twitter_card":"summary_large_image","twitter_misc":{"Escrit per":"admin","Temps estimat de lectura":"21 minuts"},"schema":{"@context":"https:\/\/schema.org","@graph":[{"@type":"Article","@id":"https:\/\/willysplan.com\/ca\/idees\/les-20-millors-coses-a-fer-a-barcelona#article","isPartOf":{"@id":"https:\/\/www.willysplan.com\/ideas\/20-mejores-cosas-que-hacer-barcelona"},"author":{"name":"admin","@id":"https:\/\/www.willysplan.com\/#\/schema\/person\/58c1527a9a42e9b18a877f14136f1d47"},"headline":"Les 20 millors coses a fer a Barcelona","datePublished":"2023-04-11T13:46:19+00:00","dateModified":"2023-07-30T15:23:45+00:00","mainEntityOfPage":{"@id":"https:\/\/www.willysplan.com\/ideas\/20-mejores-cosas-que-hacer-barcelona"},"wordCount":3071,"publisher":{"@id":"https:\/\/www.willysplan.com\/#organization"},"image":{"@id":"https:\/\/willysplan.com\/ca\/idees\/les-20-millors-coses-a-fer-a-barcelona#primaryimage"},"thumbnailUrl":"https:\/\/www.willysplan.com\/wp-content\/uploads\/2023\/04\/cosas-que-hacer-en-barcelona.jpeg","keywords":["idees"],"articleSection":["Idees"],"inLanguage":"ca"},{"@type":"WebPage","@id":"https:\/\/www.willysplan.com\/ideas\/20-mejores-cosas-que-hacer-barcelona","url":"https:\/\/willysplan.com\/ca\/idees\/les-20-millors-coses-a-fer-a-barcelona","name":"Les 20 millors coses a fer a Barcelona - Willy's Plan","isPartOf":{"@id":"https:\/\/www.willysplan.com\/#website"},"primaryImageOfPage":{"@id":"https:\/\/willysplan.com\/ca\/idees\/les-20-millors-coses-a-fer-a-barcelona#primaryimage"},"image":{"@id":"https:\/\/willysplan.com\/ca\/idees\/les-20-millors-coses-a-fer-a-barcelona#primaryimage"},"thumbnailUrl":"https:\/\/www.willysplan.com\/wp-content\/uploads\/2023\/04\/cosas-que-hacer-en-barcelona.jpeg","datePublished":"2023-04-11T13:46:19+00:00","dateModified":"2023-07-30T15:23:45+00:00","description":"Est\u00e0s buscant les 20 millors coses a fer a Barcelona? \u2705 Descobreix els millors llocs divertits i plans que es poden fer a Barcelona ciutat!","inLanguage":"ca","potentialAction":[{"@type":"ReadAction","target":["https:\/\/willysplan.com\/ca\/idees\/les-20-millors-coses-a-fer-a-barcelona"]}]},{"@type":"ImageObject","inLanguage":"ca","@id":"https:\/\/willysplan.com\/ca\/idees\/les-20-millors-coses-a-fer-a-barcelona#primaryimage","url":"https:\/\/www.willysplan.com\/wp-content\/uploads\/2023\/04\/cosas-que-hacer-en-barcelona.jpeg","contentUrl":"https:\/\/www.willysplan.com\/wp-content\/uploads\/2023\/04\/cosas-que-hacer-en-barcelona.jpeg","width":1260,"height":709,"caption":"cosas que hacer en barcelona"},{"@type":"WebSite","@id":"https:\/\/www.willysplan.com\/#website","url":"https:\/\/www.willysplan.com\/","name":"Willy&#039;s Plan \ud83c\udf43","description":"Escapadas y Planes de fin de semana","publisher":{"@id":"https:\/\/www.willysplan.com\/#organization"},"potentialAction":[{"@type":"SearchAction","target":{"@type":"EntryPoint","urlTemplate":"https:\/\/www.willysplan.com\/?s={search_term_string}"},"query-input":{"@type":"PropertyValueSpecification","valueRequired":true,"valueName":"search_term_string"}}],"inLanguage":"ca"},{"@type":"Organization","@id":"https:\/\/www.willysplan.com\/#organization","name":"Willy&#039;s Plan \ud83c\udf43","url":"https:\/\/www.willysplan.com\/","logo":{"@type":"ImageObject","inLanguage":"ca","@id":"https:\/\/www.willysplan.com\/#\/schema\/logo\/image\/","url":"https:\/\/www.willysplan.com\/wp-content\/uploads\/2020\/04\/cropped-logo-1.png","contentUrl":"https:\/\/www.willysplan.com\/wp-content\/uploads\/2020\/04\/cropped-logo-1.png","width":332,"height":332,"caption":"Willy&#039;s Plan \ud83c\udf43"},"image":{"@id":"https:\/\/www.willysplan.com\/#\/schema\/logo\/image\/"}},{"@type":"Person","@id":"https:\/\/www.willysplan.com\/#\/schema\/person\/58c1527a9a42e9b18a877f14136f1d47","name":"admin","image":{"@type":"ImageObject","inLanguage":"ca","@id":"https:\/\/www.willysplan.com\/#\/schema\/person\/image\/","url":"https:\/\/secure.gravatar.com\/avatar\/0b8d78e655d83cc71e0a6cd6cb0f0f99929604cd70ff0f7ac1713f248945ea9d?s=96&d=mm&r=g","contentUrl":"https:\/\/secure.gravatar.com\/avatar\/0b8d78e655d83cc71e0a6cd6cb0f0f99929604cd70ff0f7ac1713f248945ea9d?s=96&d=mm&r=g","caption":"admin"},"url":"https:\/\/www.willysplan.com\/ca\/author\/admin"}]}},"_links":{"self":[{"href":"https:\/\/www.willysplan.com\/ca\/wp-json\/wp\/v2\/posts\/18030","targetHints":{"allow":["GET"]}}],"collection":[{"href":"https:\/\/www.willysplan.com\/ca\/wp-json\/wp\/v2\/posts"}],"about":[{"href":"https:\/\/www.willysplan.com\/ca\/wp-json\/wp\/v2\/types\/post"}],"author":[{"embeddable":true,"href":"https:\/\/www.willysplan.com\/ca\/wp-json\/wp\/v2\/users\/1"}],"replies":[{"embeddable":true,"href":"https:\/\/www.willysplan.com\/ca\/wp-json\/wp\/v2\/comments?post=18030"}],"version-history":[{"count":11,"href":"https:\/\/www.willysplan.com\/ca\/wp-json\/wp\/v2\/posts\/18030\/revisions"}],"predecessor-version":[{"id":21838,"href":"https:\/\/www.willysplan.com\/ca\/wp-json\/wp\/v2\/posts\/18030\/revisions\/21838"}],"wp:featuredmedia":[{"embeddable":true,"href":"https:\/\/www.willysplan.com\/ca\/wp-json\/wp\/v2\/media\/17858"}],"wp:attachment":[{"href":"https:\/\/www.willysplan.com\/ca\/wp-json\/wp\/v2\/media?parent=18030"}],"wp:term":[{"taxonomy":"category","embeddable":true,"href":"https:\/\/www.willysplan.com\/ca\/wp-json\/wp\/v2\/categories?post=18030"},{"taxonomy":"post_tag","embeddable":true,"href":"https:\/\/www.willysplan.com\/ca\/wp-json\/wp\/v2\/tags?post=18030"}],"curies":[{"name":"wp","href":"https:\/\/api.w.org\/{rel}","templated":true}]}}