{"id":16776,"date":"2022-12-07T12:33:37","date_gmt":"2022-12-07T11:33:37","guid":{"rendered":"https:\/\/willysplan.com\/uncategorized-ca\/tour-de-gaudi-i-modernisme-de-barcelona"},"modified":"2023-07-25T04:45:55","modified_gmt":"2023-07-25T03:45:55","slug":"tour-de-gaudi-i-modernisme-de-barcelona","status":"publish","type":"post","link":"https:\/\/www.willysplan.com\/ca\/tours-barcelona-ca\/tour-de-gaudi-i-modernisme-de-barcelona","title":{"rendered":"Tour de Gaud\u00ed i Modernisme de Barcelona"},"content":{"rendered":"\t\t<div data-elementor-type=\"wp-post\" data-elementor-id=\"16776\" class=\"elementor elementor-16776 elementor-11018\" data-elementor-post-type=\"post\">\n\t\t\t\t\t\t<section class=\"elementor-section elementor-top-section elementor-element elementor-element-671cd3c elementor-section-boxed elementor-section-height-default elementor-section-height-default\" data-id=\"671cd3c\" data-element_type=\"section\">\n\t\t\t\t\t\t<div class=\"elementor-container elementor-column-gap-default\">\n\t\t\t\t\t<div class=\"elementor-column elementor-col-100 elementor-top-column elementor-element elementor-element-eaffc38\" data-id=\"eaffc38\" data-element_type=\"column\">\n\t\t\t<div class=\"elementor-widget-wrap elementor-element-populated\">\n\t\t\t\t\t\t<div class=\"elementor-element elementor-element-ac561a4 elementor-widget elementor-widget-text-editor\" data-id=\"ac561a4\" data-element_type=\"widget\" data-widget_type=\"text-editor.default\">\n\t\t\t\t<div class=\"elementor-widget-container\">\n\t\t\t\t\t\t\t\t\t<p><b>Barcelona<\/b><span style=\"font-weight: 400;\"> \u00e9s una de les ciutats m\u00e9s visitades d&#8217;Europa gr\u00e0cies a les platges, la festa, els monuments, la cultura i l&#8217;art. Per\u00f2 ning\u00fa se&#8217;n va d&#8217;aquesta ciutat sense con\u00e8ixer l&#8217;obra de<\/span><b> Antoni Gaud\u00ed<\/b><span style=\"font-weight: 400;\">. Aquest arquitecte ha esdevingut una de les icones de la Ciutat Comtal i el principal referent del Modernisme Catal\u00e0. <\/span><\/p>\n<p><span style=\"font-weight: 400;\">Gr\u00e0cies a aquest<\/span> <b>Tour de Gaud\u00ed per Barcelona,<\/b> <span style=\"font-weight: 400;\">podr\u00e0s con\u00e8ixer algunes de les obres d&#8217;arquitectura m\u00e9s meravelloses de l&#8217;artista i tot aix\u00f2 saltant-te les cues llargues que es formen a l&#8217;entrada. A m\u00e9s, el<\/span> <b>guia expert<\/b> <span style=\"font-weight: 400;\">us explicar\u00e0 tot el que necessiteu saber sobre el Modernisme i us descobrir\u00e0 algunes de les curiositats que s&#8217;amaguen darrere dels murs de la ciutat.<\/span><\/p>\n<p><span style=\"font-weight: 400;\">T&#8217;atreveixes a con\u00e8ixer l&#8217;ess\u00e8ncia m\u00e9s pura de la ciutat que \u00e9s a la vora del Mar Mediterrani, a trav\u00e9s d&#8217;aquest<\/span> <b>tour modernista per Barcelona<\/b> <span style=\"font-weight: 400;\">?<\/span><\/p>\n\t\t\t\t\t\t\t\t<\/div>\n\t\t\t\t<\/div>\n\t\t\t\t\t<\/div>\n\t\t<\/div>\n\t\t\t\t\t<\/div>\n\t\t<\/section>\n\t\t\t\t<section class=\"elementor-section elementor-top-section elementor-element elementor-element-335e9f2 elementor-section-boxed elementor-section-height-default elementor-section-height-default\" data-id=\"335e9f2\" data-element_type=\"section\">\n\t\t\t\t\t\t<div class=\"elementor-container elementor-column-gap-default\">\n\t\t\t\t\t<div class=\"elementor-column elementor-col-100 elementor-top-column elementor-element elementor-element-226edaa\" data-id=\"226edaa\" data-element_type=\"column\">\n\t\t\t<div class=\"elementor-widget-wrap elementor-element-populated\">\n\t\t\t\t\t\t<div class=\"elementor-element elementor-element-1b51121 elementor-align-center elementor-widget elementor-widget-button\" data-id=\"1b51121\" data-element_type=\"widget\" data-widget_type=\"button.default\">\n\t\t\t\t<div class=\"elementor-widget-container\">\n\t\t\t\t\t\t\t\t\t<div class=\"elementor-button-wrapper\">\n\t\t\t\t\t<a class=\"elementor-button elementor-button-link elementor-size-sm\" href=\"https:\/\/www.civitatis.com\/es\/barcelona\/tour-maravillas-gaudi\/?aid=100249\" target=\"_blank\" rel=\"nofollow\">\n\t\t\t\t\t\t<span class=\"elementor-button-content-wrapper\">\n\t\t\t\t\t\t\t\t\t<span class=\"elementor-button-text\">RESERVAR ARA<\/span>\n\t\t\t\t\t<\/span>\n\t\t\t\t\t<\/a>\n\t\t\t\t<\/div>\n\t\t\t\t\t\t\t\t<\/div>\n\t\t\t\t<\/div>\n\t\t\t\t\t<\/div>\n\t\t<\/div>\n\t\t\t\t\t<\/div>\n\t\t<\/section>\n\t\t\t\t<section class=\"elementor-section elementor-top-section elementor-element elementor-element-2057d76 elementor-section-boxed elementor-section-height-default elementor-section-height-default\" data-id=\"2057d76\" data-element_type=\"section\">\n\t\t\t\t\t\t<div class=\"elementor-container elementor-column-gap-default\">\n\t\t\t\t\t<div class=\"elementor-column elementor-col-100 elementor-top-column elementor-element elementor-element-6f93a43\" data-id=\"6f93a43\" data-element_type=\"column\">\n\t\t\t<div class=\"elementor-widget-wrap elementor-element-populated\">\n\t\t\t\t\t\t<div class=\"elementor-element elementor-element-6f7dc84 elementor-widget elementor-widget-spacer\" data-id=\"6f7dc84\" data-element_type=\"widget\" data-widget_type=\"spacer.default\">\n\t\t\t\t<div class=\"elementor-widget-container\">\n\t\t\t\t\t\t\t<div class=\"elementor-spacer\">\n\t\t\t<div class=\"elementor-spacer-inner\"><\/div>\n\t\t<\/div>\n\t\t\t\t\t\t<\/div>\n\t\t\t\t<\/div>\n\t\t\t\t\t<\/div>\n\t\t<\/div>\n\t\t\t\t\t<\/div>\n\t\t<\/section>\n\t\t\t\t<section class=\"elementor-section elementor-top-section elementor-element elementor-element-914b89c elementor-section-boxed elementor-section-height-default elementor-section-height-default\" data-id=\"914b89c\" data-element_type=\"section\">\n\t\t\t\t\t\t<div class=\"elementor-container elementor-column-gap-default\">\n\t\t\t\t\t<div class=\"elementor-column elementor-col-100 elementor-top-column elementor-element elementor-element-2085e8e\" data-id=\"2085e8e\" data-element_type=\"column\">\n\t\t\t<div class=\"elementor-widget-wrap elementor-element-populated\">\n\t\t\t\t\t\t<div class=\"elementor-element elementor-element-a6f0b02 elementor-skin-carousel elementor-arrows-yes elementor-pagination-type-bullets elementor-pagination-position-outside elementor-widget elementor-widget-media-carousel\" data-id=\"a6f0b02\" data-element_type=\"widget\" data-settings=\"{&quot;skin&quot;:&quot;carousel&quot;,&quot;effect&quot;:&quot;slide&quot;,&quot;show_arrows&quot;:&quot;yes&quot;,&quot;pagination&quot;:&quot;bullets&quot;,&quot;speed&quot;:500,&quot;autoplay&quot;:&quot;yes&quot;,&quot;autoplay_speed&quot;:5000,&quot;loop&quot;:&quot;yes&quot;,&quot;pause_on_hover&quot;:&quot;yes&quot;,&quot;pause_on_interaction&quot;:&quot;yes&quot;,&quot;space_between&quot;:{&quot;unit&quot;:&quot;px&quot;,&quot;size&quot;:10,&quot;sizes&quot;:[]},&quot;space_between_tablet&quot;:{&quot;unit&quot;:&quot;px&quot;,&quot;size&quot;:10,&quot;sizes&quot;:[]},&quot;space_between_mobile&quot;:{&quot;unit&quot;:&quot;px&quot;,&quot;size&quot;:10,&quot;sizes&quot;:[]}}\" data-widget_type=\"media-carousel.default\">\n\t\t\t\t<div class=\"elementor-widget-container\">\n\t\t\t\t\t\t\t\t\t<div class=\"elementor-swiper\">\n\t\t\t\t\t<div class=\"elementor-main-swiper swiper\" role=\"region\" aria-roledescription=\"carousel\" aria-label=\"Diapositives\">\n\t\t\t\t<div class=\"swiper-wrapper\">\n\t\t\t\t\t\t\t\t\t\t\t<div class=\"swiper-slide\" role=\"group\" aria-roledescription=\"slide\">\n\t\t\t\t\t\t\t\t\t<div class=\"elementor-carousel-image\" role=\"img\" aria-label=\"Gaudi - Parc Guell 2\" style=\"background-image: url(&#039;https:\/\/www.willysplan.com\/wp-content\/uploads\/2022\/12\/Gaudi-Parc-Guell-2.webp&#039;)\">\n\n\t\t\t\n\t\t\t\t\t<\/div>\n\t\t\t\t\t\t\t\t<\/div>\n\t\t\t\t\t\t\t\t\t\t\t<div class=\"swiper-slide\" role=\"group\" aria-roledescription=\"slide\">\n\t\t\t\t\t\t\t\t\t<div class=\"elementor-carousel-image\" role=\"img\" aria-label=\"turistas haciendo fotos delante de la sagrada familia\" style=\"background-image: url(&#039;https:\/\/www.willysplan.com\/wp-content\/uploads\/2022\/12\/Gaudi-Sagrada-Familia.webp&#039;)\">\n\n\t\t\t\n\t\t\t\t\t<\/div>\n\t\t\t\t\t\t\t\t<\/div>\n\t\t\t\t\t\t\t\t\t\t\t<div class=\"swiper-slide\" role=\"group\" aria-roledescription=\"slide\">\n\t\t\t\t\t\t\t\t\t<div class=\"elementor-carousel-image\" role=\"img\" aria-label=\"Gaudi - Recinto Modernista Sant Pau\" style=\"background-image: url(&#039;https:\/\/www.willysplan.com\/wp-content\/uploads\/2022\/12\/Gaudi-Recinto-Modernista-Sant-Pau.webp&#039;)\">\n\n\t\t\t\n\t\t\t\t\t<\/div>\n\t\t\t\t\t\t\t\t<\/div>\n\t\t\t\t\t\t\t\t\t\t\t<div class=\"swiper-slide\" role=\"group\" aria-roledescription=\"slide\">\n\t\t\t\t\t\t\t\t\t<div class=\"elementor-carousel-image\" role=\"img\" aria-label=\"Gaudi - Parc Guell\" style=\"background-image: url(&#039;https:\/\/www.willysplan.com\/wp-content\/uploads\/2022\/12\/Gaudi-Parc-Guell.webp&#039;)\">\n\n\t\t\t\n\t\t\t\t\t<\/div>\n\t\t\t\t\t\t\t\t<\/div>\n\t\t\t\t\t\t\t\t\t<\/div>\n\t\t\t\t\t\t\t\t\t\t\t\t\t\t\t<div class=\"elementor-swiper-button elementor-swiper-button-prev\" role=\"button\" tabindex=\"0\" aria-label=\"Previous\">\n\t\t\t\t\t\t\t<i aria-hidden=\"true\" class=\"eicon-chevron-left\"><\/i>\t\t\t\t\t\t<\/div>\n\t\t\t\t\t\t<div class=\"elementor-swiper-button elementor-swiper-button-next\" role=\"button\" tabindex=\"0\" aria-label=\"Next\">\n\t\t\t\t\t\t\t<i aria-hidden=\"true\" class=\"eicon-chevron-right\"><\/i>\t\t\t\t\t\t<\/div>\n\t\t\t\t\t\t\t\t\t\t\t\t\t\t\t\t<div class=\"swiper-pagination\"><\/div>\n\t\t\t\t\t\t\t\t\t\t\t\t<\/div>\n\t\t\t\t<\/div>\n\t\t\t\t\t\t\t\t<\/div>\n\t\t\t\t<\/div>\n\t\t\t\t\t<\/div>\n\t\t<\/div>\n\t\t\t\t\t<\/div>\n\t\t<\/section>\n\t\t\t\t<section class=\"elementor-section elementor-top-section elementor-element elementor-element-fe95874 elementor-section-boxed elementor-section-height-default elementor-section-height-default\" data-id=\"fe95874\" data-element_type=\"section\">\n\t\t\t\t\t\t<div class=\"elementor-container elementor-column-gap-default\">\n\t\t\t\t\t<div class=\"elementor-column elementor-col-25 elementor-top-column elementor-element elementor-element-0248bba\" data-id=\"0248bba\" data-element_type=\"column\">\n\t\t\t<div class=\"elementor-widget-wrap elementor-element-populated\">\n\t\t\t\t\t\t<div class=\"elementor-element elementor-element-c5a86ef elementor-widget__width-auto elementor-widget elementor-widget-text-editor\" data-id=\"c5a86ef\" data-element_type=\"widget\" data-widget_type=\"text-editor.default\">\n\t\t\t\t<div class=\"elementor-widget-container\">\n\t\t\t\t\t\t\t\t\t<p><b>Valoraci\u00f3 del tour:<\/b><\/p>\n\t\t\t\t\t\t\t\t<\/div>\n\t\t\t\t<\/div>\n\t\t\t\t<div class=\"elementor-element elementor-element-39fc476 elementor-star-rating-mobile--align-start elementor--star-style-star_fontawesome elementor-widget elementor-widget-star-rating\" data-id=\"39fc476\" data-element_type=\"widget\" data-widget_type=\"star-rating.default\">\n\t\t\t\t<div class=\"elementor-widget-container\">\n\t\t\t\t\t\t\t<div class=\"elementor-star-rating__wrapper\">\n\t\t\t\t\t\t<div class=\"elementor-star-rating\" itemtype=\"http:\/\/schema.org\/Rating\" itemscope=\"\" itemprop=\"reviewRating\">\n\t\t\t\t<i class=\"elementor-star-full\" aria-hidden=\"true\">&#xE934;<\/i><i class=\"elementor-star-full\" aria-hidden=\"true\">&#xE934;<\/i><i class=\"elementor-star-full\" aria-hidden=\"true\">&#xE934;<\/i><i class=\"elementor-star-full\" aria-hidden=\"true\">&#xE934;<\/i><i class=\"elementor-star-5\" aria-hidden=\"true\">&#xE934;<\/i>\t\t\t\t<span itemprop=\"ratingValue\" class=\"elementor-screen-only\">Valorat 4.5 de 5<\/span>\n\t\t\t<\/div>\n\t\t<\/div>\n\t\t\t\t\t\t<\/div>\n\t\t\t\t<\/div>\n\t\t\t\t\t<\/div>\n\t\t<\/div>\n\t\t\t\t<div class=\"elementor-column elementor-col-25 elementor-top-column elementor-element elementor-element-06a8fff\" data-id=\"06a8fff\" data-element_type=\"column\">\n\t\t\t<div class=\"elementor-widget-wrap elementor-element-populated\">\n\t\t\t\t\t\t<div class=\"elementor-element elementor-element-40390a5 elementor-widget elementor-widget-text-editor\" data-id=\"40390a5\" data-element_type=\"widget\" data-widget_type=\"text-editor.default\">\n\t\t\t\t<div class=\"elementor-widget-container\">\n\t\t\t\t\t\t\t\t\t<p><b>Durada<\/b><img decoding=\"async\" class=\"emoji\" role=\"img\" draggable=\"false\" src=\"https:\/\/s.w.org\/images\/core\/emoji\/13.1.0\/svg\/231b.svg\" alt=\"\u231b\"> <b>: 4:30<\/b> <span style=\"color: var( --e-global-color-text ); font-family: var( --e-global-typography-text-font-family ); font-weight: var( --e-global-typography-text-font-weight ); background-color: var(--nv-site-bg);\">hs<\/span><\/p>\n\t\t\t\t\t\t\t\t<\/div>\n\t\t\t\t<\/div>\n\t\t\t\t\t<\/div>\n\t\t<\/div>\n\t\t\t\t<div class=\"elementor-column elementor-col-25 elementor-top-column elementor-element elementor-element-e74ed3c\" data-id=\"e74ed3c\" data-element_type=\"column\">\n\t\t\t<div class=\"elementor-widget-wrap elementor-element-populated\">\n\t\t\t\t\t\t<div class=\"elementor-element elementor-element-a5f7b69 elementor-widget elementor-widget-text-editor\" data-id=\"a5f7b69\" data-element_type=\"widget\" data-widget_type=\"text-editor.default\">\n\t\t\t\t<div class=\"elementor-widget-container\">\n\t\t\t\t\t\t\t\t\t<p><b>Idiomes disponibles:<\/b> <span style=\"font-weight: 400;\">Espanyol i Angl\u00e8s<\/span><\/p>\n\t\t\t\t\t\t\t\t<\/div>\n\t\t\t\t<\/div>\n\t\t\t\t\t<\/div>\n\t\t<\/div>\n\t\t\t\t<div class=\"elementor-column elementor-col-25 elementor-top-column elementor-element elementor-element-c3a5904\" data-id=\"c3a5904\" data-element_type=\"column\">\n\t\t\t<div class=\"elementor-widget-wrap elementor-element-populated\">\n\t\t\t\t\t\t<div class=\"elementor-element elementor-element-00426ba elementor-widget elementor-widget-text-editor\" data-id=\"00426ba\" data-element_type=\"widget\" data-widget_type=\"text-editor.default\">\n\t\t\t\t<div class=\"elementor-widget-container\">\n\t\t\t\t\t\t\t\t\t<p><b>Tipus de tour:<\/b> <a href=\"https:\/\/www.willysplan.com\/ca\/visites-guiades-i-tours-per-barcelona\">Visites guiades per Barcelona<\/a><\/p>\t\t\t\t\t\t\t\t<\/div>\n\t\t\t\t<\/div>\n\t\t\t\t\t<\/div>\n\t\t<\/div>\n\t\t\t\t\t<\/div>\n\t\t<\/section>\n\t\t\t\t<section class=\"elementor-section elementor-top-section elementor-element elementor-element-114d40f elementor-section-boxed elementor-section-height-default elementor-section-height-default\" data-id=\"114d40f\" data-element_type=\"section\">\n\t\t\t\t\t\t<div class=\"elementor-container elementor-column-gap-default\">\n\t\t\t\t\t<div class=\"elementor-column elementor-col-100 elementor-top-column elementor-element elementor-element-7d65632\" data-id=\"7d65632\" data-element_type=\"column\">\n\t\t\t<div class=\"elementor-widget-wrap elementor-element-populated\">\n\t\t\t\t\t\t<div class=\"elementor-element elementor-element-cefdcf4 elementor-widget elementor-widget-accordion\" data-id=\"cefdcf4\" data-element_type=\"widget\" data-widget_type=\"accordion.default\">\n\t\t\t\t<div class=\"elementor-widget-container\">\n\t\t\t\t\t\t\t<div class=\"elementor-accordion\">\n\t\t\t\t\t\t\t<div class=\"elementor-accordion-item\">\n\t\t\t\t\t<div id=\"elementor-tab-title-2171\" class=\"elementor-tab-title\" data-tab=\"1\" role=\"button\" aria-controls=\"elementor-tab-content-2171\" aria-expanded=\"false\">\n\t\t\t\t\t\t\t\t\t\t\t\t\t<span class=\"elementor-accordion-icon elementor-accordion-icon-left\" aria-hidden=\"true\">\n\t\t\t\t\t\t\t\t\t\t\t\t\t\t\t<span class=\"elementor-accordion-icon-closed\"><i class=\"fas fa-plus\"><\/i><\/span>\n\t\t\t\t\t\t\t\t<span class=\"elementor-accordion-icon-opened\"><i class=\"fas fa-minus\"><\/i><\/span>\n\t\t\t\t\t\t\t\t\t\t\t\t\t\t<\/span>\n\t\t\t\t\t\t\t\t\t\t\t\t<a class=\"elementor-accordion-title\" tabindex=\"0\"><h2>Descripci\u00f3 del tour<\/h2><\/a>\n\t\t\t\t\t<\/div>\n\t\t\t\t\t<div id=\"elementor-tab-content-2171\" class=\"elementor-tab-content elementor-clearfix\" data-tab=\"1\" role=\"region\" aria-labelledby=\"elementor-tab-title-2171\"><p><span style=\"font-weight: 400;\">El tour comen\u00e7ar\u00e0 al carrer Serdenya de Barcelona i, mitjan\u00e7ant un vehicle privat, iniciar\u00e0s la teva ruta fins a la<\/span> <b>Sagrada Fam\u00edlia<\/b><span style=\"font-weight: 400;\">, un dels monuments m\u00e9s ic\u00f2nics de la ciutat. Quan entreu a dins, sense fer cua, el guia us explicar\u00e0 tots els secrets d&#8217;aquesta bas\u00edlica inspirada en la natura.<\/span><\/p>\n<p><span style=\"font-weight: 400;\">De nou, a trav\u00e9s del nostre transport, anir\u00e0s cap a la teva propera parada, el<\/span> <b>Parc G\u00fcell,<\/b> <span style=\"font-weight: 400;\">on tindr\u00e0s l&#8217;oportunitat de con\u00e8ixer una mica millor aquest magn\u00edfic geni de l&#8217;arquitectura que era capa\u00e7 de plasmar les formes m\u00e9s naturals, a trav\u00e9s de les seves construccions. En aquesta zona, tamb\u00e9 podr\u00e0s contemplar-ne una <\/span><b>meravellosa vista de Barcelona<\/b> <span style=\"font-weight: 400;\">i fer unes fotos molt<\/span> <i><span style=\"font-weight: 400;\">instagramejables<\/span><\/i> <span style=\"font-weight: 400;\">.<\/span><\/p>\n<p><span style=\"font-weight: 400;\">El recorregut seguir\u00e0, posant rumb al<\/span> <b>Recinte Modernista de Sant Pau,<\/b><span style=\"font-weight: 400;\"> on podreu contemplar l&#8217;edifici d&#8217;un dels principals alumnes de Gaud\u00ed: Llu\u00eds Dom\u00e8nech i Montaner. \u00c9s aleshores quan comen\u00e7a el corrent del Modernisme en tota regla a la ciutat de Barcelona. <\/span><\/p>\n<\/div>\n\t\t\t\t<\/div>\n\t\t\t\t\t\t\t<div class=\"elementor-accordion-item\">\n\t\t\t\t\t<div id=\"elementor-tab-title-2172\" class=\"elementor-tab-title\" data-tab=\"2\" role=\"button\" aria-controls=\"elementor-tab-content-2172\" aria-expanded=\"false\">\n\t\t\t\t\t\t\t\t\t\t\t\t\t<span class=\"elementor-accordion-icon elementor-accordion-icon-left\" aria-hidden=\"true\">\n\t\t\t\t\t\t\t\t\t\t\t\t\t\t\t<span class=\"elementor-accordion-icon-closed\"><i class=\"fas fa-plus\"><\/i><\/span>\n\t\t\t\t\t\t\t\t<span class=\"elementor-accordion-icon-opened\"><i class=\"fas fa-minus\"><\/i><\/span>\n\t\t\t\t\t\t\t\t\t\t\t\t\t\t<\/span>\n\t\t\t\t\t\t\t\t\t\t\t\t<a class=\"elementor-accordion-title\" tabindex=\"0\"><h2>Preus<\/h2><\/a>\n\t\t\t\t\t<\/div>\n\t\t\t\t\t<div id=\"elementor-tab-content-2172\" class=\"elementor-tab-content elementor-clearfix\" data-tab=\"2\" role=\"region\" aria-labelledby=\"elementor-tab-title-2172\"><p><span style=\"font-weight: 400;\">El preu de la ruta a cavall a Barcelona pels adults tindr\u00e0 un preu de<\/span> <b>50\u20ac<\/b> <span style=\"font-weight: 400;\">i pels nens de<\/span> <b>45\u20ac<\/b> <span style=\"font-weight: 400;\">.<\/span><\/p>\n<\/div>\n\t\t\t\t<\/div>\n\t\t\t\t\t\t\t<div class=\"elementor-accordion-item\">\n\t\t\t\t\t<div id=\"elementor-tab-title-2173\" class=\"elementor-tab-title\" data-tab=\"3\" role=\"button\" aria-controls=\"elementor-tab-content-2173\" aria-expanded=\"false\">\n\t\t\t\t\t\t\t\t\t\t\t\t\t<span class=\"elementor-accordion-icon elementor-accordion-icon-left\" aria-hidden=\"true\">\n\t\t\t\t\t\t\t\t\t\t\t\t\t\t\t<span class=\"elementor-accordion-icon-closed\"><i class=\"fas fa-plus\"><\/i><\/span>\n\t\t\t\t\t\t\t\t<span class=\"elementor-accordion-icon-opened\"><i class=\"fas fa-minus\"><\/i><\/span>\n\t\t\t\t\t\t\t\t\t\t\t\t\t\t<\/span>\n\t\t\t\t\t\t\t\t\t\t\t\t<a class=\"elementor-accordion-title\" tabindex=\"0\"><h2>Qu\u00e8 visitarem?<\/h2><\/a>\n\t\t\t\t\t<\/div>\n\t\t\t\t\t<div id=\"elementor-tab-content-2173\" class=\"elementor-tab-content elementor-clearfix\" data-tab=\"3\" role=\"region\" aria-labelledby=\"elementor-tab-title-2173\"><p><span style=\"font-weight: 400;\">Montserrat \u00e9s un dels millors llocs per muntar a cavall i podr\u00e0s descobrir-lo a mesura que avancis a la teva excursi\u00f3. Quan sortiu del centre us dirigireu directament fins al <\/span><b>mirador de Montserrat<\/b> <span style=\"font-weight: 400;\">, on fareu la vostra primera parada, per admirar el fant\u00e0stic paisatge que ofereix aquesta muntanya.<\/span><\/p>\n<p><span style=\"font-weight: 400;\">Despr\u00e9s, us<\/span> <b>endinsareu a la zona boscosa,<\/b><span style=\"font-weight: 400;\"> ja per tornar de nou al vostre punt de partida. Cal remarcar que en aquest segon tram el cam\u00ed es complica i haur\u00e0s de posar a prova les teves habilitats a l&#8217;equitaci\u00f3.<\/span><\/p>\n<p><b>El guia que us acompanya \u00e9s expert a la zona,<\/b> <span style=\"font-weight: 400;\">aix\u00ed que us anir\u00e0 explicant les curiositats de cadascun dels llocs emblem\u00e0tics de Montserrat, a m\u00e9s d&#8217;explicar-vos la import\u00e0ncia que t\u00e9 el seu gran monestir.<\/span><\/p>\n<\/div>\n\t\t\t\t<\/div>\n\t\t\t\t\t\t\t<div class=\"elementor-accordion-item\">\n\t\t\t\t\t<div id=\"elementor-tab-title-2174\" class=\"elementor-tab-title\" data-tab=\"4\" role=\"button\" aria-controls=\"elementor-tab-content-2174\" aria-expanded=\"false\">\n\t\t\t\t\t\t\t\t\t\t\t\t\t<span class=\"elementor-accordion-icon elementor-accordion-icon-left\" aria-hidden=\"true\">\n\t\t\t\t\t\t\t\t\t\t\t\t\t\t\t<span class=\"elementor-accordion-icon-closed\"><i class=\"fas fa-plus\"><\/i><\/span>\n\t\t\t\t\t\t\t\t<span class=\"elementor-accordion-icon-opened\"><i class=\"fas fa-minus\"><\/i><\/span>\n\t\t\t\t\t\t\t\t\t\t\t\t\t\t<\/span>\n\t\t\t\t\t\t\t\t\t\t\t\t<a class=\"elementor-accordion-title\" tabindex=\"0\"><h2>Horaris del tour<\/h2><\/a>\n\t\t\t\t\t<\/div>\n\t\t\t\t\t<div id=\"elementor-tab-content-2174\" class=\"elementor-tab-content elementor-clearfix\" data-tab=\"4\" role=\"region\" aria-labelledby=\"elementor-tab-title-2174\"><p><span style=\"font-weight: 400;\">La visita pel Parc G\u00fcell t\u00e9 sortida<\/span> <b>tots els dies<\/b> <span style=\"font-weight: 400;\">de la setmana (dilluns, dimarts, dimecres, dijous, divendres, dissabtes i diumenges) a les<\/span> <b>12.15<\/b> <span style=\"font-weight: 400;\">hores del mat\u00ed ia les<\/span> <b>14.00<\/b> <span style=\"font-weight: 400;\">hores i<\/span> <b>18.15<\/b> <span style=\"font-weight: 400;\">hores de la tarda.<\/span><\/p>\n<\/div>\n\t\t\t\t<\/div>\n\t\t\t\t\t\t\t<div class=\"elementor-accordion-item\">\n\t\t\t\t\t<div id=\"elementor-tab-title-2175\" class=\"elementor-tab-title\" data-tab=\"5\" role=\"button\" aria-controls=\"elementor-tab-content-2175\" aria-expanded=\"false\">\n\t\t\t\t\t\t\t\t\t\t\t\t\t<span class=\"elementor-accordion-icon elementor-accordion-icon-left\" aria-hidden=\"true\">\n\t\t\t\t\t\t\t\t\t\t\t\t\t\t\t<span class=\"elementor-accordion-icon-closed\"><i class=\"fas fa-plus\"><\/i><\/span>\n\t\t\t\t\t\t\t\t<span class=\"elementor-accordion-icon-opened\"><i class=\"fas fa-minus\"><\/i><\/span>\n\t\t\t\t\t\t\t\t\t\t\t\t\t\t<\/span>\n\t\t\t\t\t\t\t\t\t\t\t\t<a class=\"elementor-accordion-title\" tabindex=\"0\"><h2>Pol\u00edtiques de cancel\u00b7laci\u00f3<\/h2><\/a>\n\t\t\t\t\t<\/div>\n\t\t\t\t\t<div id=\"elementor-tab-content-2175\" class=\"elementor-tab-content elementor-clearfix\" data-tab=\"5\" role=\"region\" aria-labelledby=\"elementor-tab-title-2175\"><p><b>La cancel\u00b7laci\u00f3 d&#8217;aquest tour \u00e9s gratu\u00efta, <\/b><span style=\"font-weight: 400;\">sempre que ho feu amb 24 hores d&#8217;antelaci\u00f3. En cas que cancel\u00b7lis m\u00e9s tard, arribis tard al punt de trobada o no t&#8217;hi presentis, no rebr\u00e0s cap reemborsament.<\/span><\/p>\n<\/div>\n\t\t\t\t<\/div>\n\t\t\t\t\t\t\t<div class=\"elementor-accordion-item\">\n\t\t\t\t\t<div id=\"elementor-tab-title-2176\" class=\"elementor-tab-title\" data-tab=\"6\" role=\"button\" aria-controls=\"elementor-tab-content-2176\" aria-expanded=\"false\">\n\t\t\t\t\t\t\t\t\t\t\t\t\t<span class=\"elementor-accordion-icon elementor-accordion-icon-left\" aria-hidden=\"true\">\n\t\t\t\t\t\t\t\t\t\t\t\t\t\t\t<span class=\"elementor-accordion-icon-closed\"><i class=\"fas fa-plus\"><\/i><\/span>\n\t\t\t\t\t\t\t\t<span class=\"elementor-accordion-icon-opened\"><i class=\"fas fa-minus\"><\/i><\/span>\n\t\t\t\t\t\t\t\t\t\t\t\t\t\t<\/span>\n\t\t\t\t\t\t\t\t\t\t\t\t<a class=\"elementor-accordion-title\" tabindex=\"0\"><h2>Detalls del tour<\/h2><\/a>\n\t\t\t\t\t<\/div>\n\t\t\t\t\t<div id=\"elementor-tab-content-2176\" class=\"elementor-tab-content elementor-clearfix\" data-tab=\"6\" role=\"region\" aria-labelledby=\"elementor-tab-title-2176\"><h3>Idioma del tour<\/h3>\n<p><span style=\"font-weight: 400;\">Els guies per a aquest tour parlen<\/span> <b>espanyol i angl\u00e8s.<\/b><\/p>\n<p><b>El preu del tour inclou:<\/b><\/p>\n<ul>\n<li style=\"font-weight: 400;\" aria-level=\"1\"><span style=\"font-weight: 400;\">Guia oficial especialitzat a la hist\u00f2ria de Barcelona.<\/span><\/li>\n<li style=\"font-weight: 400;\" aria-level=\"1\"><span style=\"font-weight: 400;\">Trasllats amb autob\u00fas amb aire condicionat.<\/span><\/li>\n<li style=\"font-weight: 400;\" aria-level=\"1\"><span style=\"font-weight: 400;\">Entrada sense cues i visita guiada pel Parc G\u00fcell.<\/span><\/li>\n<li style=\"font-weight: 400;\" aria-level=\"1\"><span style=\"font-weight: 400;\">Entrada sense cues i visita guiada per la Sagrada Fam\u00edlia.<\/span><\/li>\n<\/ul>\n<h3>Durada<\/h3>\n<p><span style=\"font-weight: 400;\">La durada de l&#8217;activitat \u00e9s de 4.30 h.<\/span><\/p>\n<h3>Fins quan es pot fer la reserva?<\/h3>\n<p><span style=\"font-weight: 400;\">Podeu reservar aquest tour per muntar a cavall a Barcelona, fins a 24 hores abans que comenci l&#8217;activitat, si queden places disponibles. Et recomanem que<\/span> <b>reserves amb una mica m\u00e9s d&#8217;antelaci\u00f3<\/b> <span style=\"font-weight: 400;\">per assegurar un lloc en aquesta experi\u00e8ncia.<\/span><\/p>\n<h3>Accessibilitat<\/h3>\n<p><span style=\"font-weight: 400;\">La majoria de les zones per on transcorre aquest tour s\u00f3n<\/span> <b>accessibles per a persones amb mobilitat redu\u00efda.<\/b><\/p>\n<h3>Mascotes<\/h3>\n<p><span style=\"font-weight: 400;\">El recorregut<\/span> <b>no \u00e9s apte per portar mascotes.<\/b><\/p>\n<\/div>\n\t\t\t\t<\/div>\n\t\t\t\t\t\t\t\t<\/div>\n\t\t\t\t\t\t<\/div>\n\t\t\t\t<\/div>\n\t\t\t\t\t<\/div>\n\t\t<\/div>\n\t\t\t\t\t<\/div>\n\t\t<\/section>\n\t\t\t\t<section class=\"elementor-section elementor-top-section elementor-element elementor-element-9dfa7ca elementor-section-boxed elementor-section-height-default elementor-section-height-default\" data-id=\"9dfa7ca\" data-element_type=\"section\">\n\t\t\t\t\t\t<div class=\"elementor-container elementor-column-gap-default\">\n\t\t\t\t\t<div class=\"elementor-column elementor-col-100 elementor-top-column elementor-element elementor-element-61bfe35\" data-id=\"61bfe35\" data-element_type=\"column\">\n\t\t\t<div class=\"elementor-widget-wrap elementor-element-populated\">\n\t\t\t\t\t\t<div class=\"elementor-element elementor-element-3c845d8 elementor-widget elementor-widget-spacer\" data-id=\"3c845d8\" data-element_type=\"widget\" data-widget_type=\"spacer.default\">\n\t\t\t\t<div class=\"elementor-widget-container\">\n\t\t\t\t\t\t\t<div class=\"elementor-spacer\">\n\t\t\t<div class=\"elementor-spacer-inner\"><\/div>\n\t\t<\/div>\n\t\t\t\t\t\t<\/div>\n\t\t\t\t<\/div>\n\t\t\t\t\t<\/div>\n\t\t<\/div>\n\t\t\t\t\t<\/div>\n\t\t<\/section>\n\t\t\t\t<section class=\"elementor-section elementor-top-section elementor-element elementor-element-3438133 elementor-section-boxed elementor-section-height-default elementor-section-height-default\" data-id=\"3438133\" data-element_type=\"section\">\n\t\t\t\t\t\t<div class=\"elementor-container elementor-column-gap-default\">\n\t\t\t\t\t<div class=\"elementor-column elementor-col-100 elementor-top-column elementor-element elementor-element-5da4b49\" data-id=\"5da4b49\" data-element_type=\"column\">\n\t\t\t<div class=\"elementor-widget-wrap elementor-element-populated\">\n\t\t\t\t\t\t<div class=\"elementor-element elementor-element-248b0c9 elementor-align-center elementor-widget elementor-widget-button\" data-id=\"248b0c9\" data-element_type=\"widget\" data-widget_type=\"button.default\">\n\t\t\t\t<div class=\"elementor-widget-container\">\n\t\t\t\t\t\t\t\t\t<div class=\"elementor-button-wrapper\">\n\t\t\t\t\t<a class=\"elementor-button elementor-button-link elementor-size-sm\" href=\"https:\/\/www.civitatis.com\/es\/barcelona\/tour-maravillas-gaudi\/?aid=100249\" target=\"_blank\" rel=\"nofollow\">\n\t\t\t\t\t\t<span class=\"elementor-button-content-wrapper\">\n\t\t\t\t\t\t\t\t\t<span class=\"elementor-button-text\">RESERVAR ARA<\/span>\n\t\t\t\t\t<\/span>\n\t\t\t\t\t<\/a>\n\t\t\t\t<\/div>\n\t\t\t\t\t\t\t\t<\/div>\n\t\t\t\t<\/div>\n\t\t\t\t\t<\/div>\n\t\t<\/div>\n\t\t\t\t\t<\/div>\n\t\t<\/section>\n\t\t\t\t<section class=\"elementor-section elementor-top-section elementor-element elementor-element-55f43a6 elementor-section-boxed elementor-section-height-default elementor-section-height-default\" data-id=\"55f43a6\" data-element_type=\"section\">\n\t\t\t\t\t\t<div class=\"elementor-container elementor-column-gap-default\">\n\t\t\t\t\t<div class=\"elementor-column elementor-col-100 elementor-top-column elementor-element elementor-element-7d56dd9\" data-id=\"7d56dd9\" data-element_type=\"column\">\n\t\t\t<div class=\"elementor-widget-wrap elementor-element-populated\">\n\t\t\t\t\t\t<div class=\"elementor-element elementor-element-c24415d elementor-widget elementor-widget-spacer\" data-id=\"c24415d\" data-element_type=\"widget\" data-widget_type=\"spacer.default\">\n\t\t\t\t<div class=\"elementor-widget-container\">\n\t\t\t\t\t\t\t<div class=\"elementor-spacer\">\n\t\t\t<div class=\"elementor-spacer-inner\"><\/div>\n\t\t<\/div>\n\t\t\t\t\t\t<\/div>\n\t\t\t\t<\/div>\n\t\t\t\t\t<\/div>\n\t\t<\/div>\n\t\t\t\t\t<\/div>\n\t\t<\/section>\n\t\t\t\t<section class=\"elementor-section elementor-top-section elementor-element elementor-element-d285c6d elementor-section-boxed elementor-section-height-default elementor-section-height-default\" data-id=\"d285c6d\" data-element_type=\"section\">\n\t\t\t\t\t\t<div class=\"elementor-container elementor-column-gap-default\">\n\t\t\t\t\t<div class=\"elementor-column elementor-col-100 elementor-top-column elementor-element elementor-element-d32eb24\" data-id=\"d32eb24\" data-element_type=\"column\">\n\t\t\t<div class=\"elementor-widget-wrap elementor-element-populated\">\n\t\t\t\t\t\t<div class=\"elementor-element elementor-element-a471374 elementor-widget elementor-widget-heading\" data-id=\"a471374\" data-element_type=\"widget\" data-widget_type=\"heading.default\">\n\t\t\t\t<div class=\"elementor-widget-container\">\n\t\t\t\t\t<h2 class=\"elementor-heading-title elementor-size-default\">Punt de trobada:<\/h2>\t\t\t\t<\/div>\n\t\t\t\t<\/div>\n\t\t\t\t\t<\/div>\n\t\t<\/div>\n\t\t\t\t\t<\/div>\n\t\t<\/section>\n\t\t\t\t<section class=\"elementor-section elementor-top-section elementor-element elementor-element-e978cf9 elementor-section-boxed elementor-section-height-default elementor-section-height-default\" data-id=\"e978cf9\" data-element_type=\"section\">\n\t\t\t\t\t\t<div class=\"elementor-container elementor-column-gap-default\">\n\t\t\t\t\t<div class=\"elementor-column elementor-col-100 elementor-top-column elementor-element elementor-element-230cea3\" data-id=\"230cea3\" data-element_type=\"column\">\n\t\t\t<div class=\"elementor-widget-wrap elementor-element-populated\">\n\t\t\t\t\t\t<div class=\"elementor-element elementor-element-19e77fa elementor-widget elementor-widget-text-editor\" data-id=\"19e77fa\" data-element_type=\"widget\" data-widget_type=\"text-editor.default\">\n\t\t\t\t<div class=\"elementor-widget-container\">\n\t\t\t\t\t\t\t\t\t<p><span style=\"font-weight: 400;\">El punt de trobada est\u00e0 ubicat al<\/span> <b>Carrer Sardenya 311<\/b> <span style=\"font-weight: 400;\">de Barcelona.<\/span><\/p>\n\t\t\t\t\t\t\t\t<\/div>\n\t\t\t\t<\/div>\n\t\t\t\t\t<\/div>\n\t\t<\/div>\n\t\t\t\t\t<\/div>\n\t\t<\/section>\n\t\t\t\t<section class=\"elementor-section elementor-top-section elementor-element elementor-element-a842d22 elementor-section-boxed elementor-section-height-default elementor-section-height-default\" data-id=\"a842d22\" data-element_type=\"section\">\n\t\t\t\t\t\t<div class=\"elementor-container elementor-column-gap-default\">\n\t\t\t\t\t<div class=\"elementor-column elementor-col-100 elementor-top-column elementor-element elementor-element-9149453\" data-id=\"9149453\" data-element_type=\"column\">\n\t\t\t<div class=\"elementor-widget-wrap elementor-element-populated\">\n\t\t\t\t\t\t<div class=\"elementor-element elementor-element-886e6d6 elementor-widget elementor-widget-google_maps\" data-id=\"886e6d6\" data-element_type=\"widget\" data-widget_type=\"google_maps.default\">\n\t\t\t\t<div class=\"elementor-widget-container\">\n\t\t\t\t\t\t\t<div class=\"elementor-custom-embed\">\n\t\t\t<iframe loading=\"lazy\"\n\t\t\t\t\tsrc=\"https:\/\/maps.google.com\/maps?q=calle%20sardenya%20311%20barcelona&#038;t=m&#038;z=16&#038;output=embed&#038;iwloc=near\"\n\t\t\t\t\ttitle=\"calle sardenya 311 barcelona\"\n\t\t\t\t\taria-label=\"calle sardenya 311 barcelona\"\n\t\t\t><\/iframe>\n\t\t<\/div>\n\t\t\t\t\t\t<\/div>\n\t\t\t\t<\/div>\n\t\t\t\t\t<\/div>\n\t\t<\/div>\n\t\t\t\t\t<\/div>\n\t\t<\/section>\n\t\t\t\t<section class=\"elementor-section elementor-top-section elementor-element elementor-element-3e94a37 elementor-section-boxed elementor-section-height-default elementor-section-height-default\" data-id=\"3e94a37\" data-element_type=\"section\">\n\t\t\t\t\t\t<div class=\"elementor-container elementor-column-gap-default\">\n\t\t\t\t\t<div class=\"elementor-column elementor-col-100 elementor-top-column elementor-element elementor-element-c7c57c2\" data-id=\"c7c57c2\" data-element_type=\"column\">\n\t\t\t<div class=\"elementor-widget-wrap elementor-element-populated\">\n\t\t\t\t\t\t<div class=\"elementor-element elementor-element-811ea2f elementor-widget elementor-widget-spacer\" data-id=\"811ea2f\" data-element_type=\"widget\" data-widget_type=\"spacer.default\">\n\t\t\t\t<div class=\"elementor-widget-container\">\n\t\t\t\t\t\t\t<div class=\"elementor-spacer\">\n\t\t\t<div class=\"elementor-spacer-inner\"><\/div>\n\t\t<\/div>\n\t\t\t\t\t\t<\/div>\n\t\t\t\t<\/div>\n\t\t\t\t\t<\/div>\n\t\t<\/div>\n\t\t\t\t\t<\/div>\n\t\t<\/section>\n\t\t\t\t<section class=\"elementor-section elementor-top-section elementor-element elementor-element-faa535a elementor-section-boxed elementor-section-height-default elementor-section-height-default\" data-id=\"faa535a\" data-element_type=\"section\">\n\t\t\t\t\t\t<div class=\"elementor-container elementor-column-gap-default\">\n\t\t\t\t\t<div class=\"elementor-column elementor-col-100 elementor-top-column elementor-element elementor-element-aa7b991\" data-id=\"aa7b991\" data-element_type=\"column\">\n\t\t\t<div class=\"elementor-widget-wrap elementor-element-populated\">\n\t\t\t\t\t\t<div class=\"elementor-element elementor-element-67aa666 elementor-widget elementor-widget-heading\" data-id=\"67aa666\" data-element_type=\"widget\" data-widget_type=\"heading.default\">\n\t\t\t\t<div class=\"elementor-widget-container\">\n\t\t\t\t\t<h2 class=\"elementor-heading-title elementor-size-default\">Com trobar-nos?<\/h2>\t\t\t\t<\/div>\n\t\t\t\t<\/div>\n\t\t\t\t\t<\/div>\n\t\t<\/div>\n\t\t\t\t\t<\/div>\n\t\t<\/section>\n\t\t\t\t<section class=\"elementor-section elementor-top-section elementor-element elementor-element-31d7469 elementor-section-boxed elementor-section-height-default elementor-section-height-default\" data-id=\"31d7469\" data-element_type=\"section\">\n\t\t\t\t\t\t<div class=\"elementor-container elementor-column-gap-default\">\n\t\t\t\t\t<div class=\"elementor-column elementor-col-100 elementor-top-column elementor-element elementor-element-4fcc58c\" data-id=\"4fcc58c\" data-element_type=\"column\">\n\t\t\t<div class=\"elementor-widget-wrap elementor-element-populated\">\n\t\t\t\t\t\t<div class=\"elementor-element elementor-element-4a512c6 elementor-widget elementor-widget-text-editor\" data-id=\"4a512c6\" data-element_type=\"widget\" data-widget_type=\"text-editor.default\">\n\t\t\t\t<div class=\"elementor-widget-container\">\n\t\t\t\t\t\t\t\t\t<p><span style=\"font-weight: 400;\">Quan arribis al Carrer Sardenya 311, molt a prop de la Sagrada Fam\u00edlia, haur\u00e0s de buscar un guia que portar\u00e0<\/span> <b>un paraigua i una samarreta de color rosa,<\/b> <span style=\"font-weight: 400;\">amb el logotip de<\/span> <b>Civitatis<\/b><span style=\"font-weight: 400;\">. Ensenya-li la teva reserva abans de comen\u00e7ar el tour.<\/span><\/p>\n\t\t\t\t\t\t\t\t<\/div>\n\t\t\t\t<\/div>\n\t\t\t\t\t<\/div>\n\t\t<\/div>\n\t\t\t\t\t<\/div>\n\t\t<\/section>\n\t\t\t\t<section class=\"elementor-section elementor-top-section elementor-element elementor-element-13ebef5 elementor-section-boxed elementor-section-height-default elementor-section-height-default\" data-id=\"13ebef5\" data-element_type=\"section\">\n\t\t\t\t\t\t<div class=\"elementor-container elementor-column-gap-default\">\n\t\t\t\t\t<div class=\"elementor-column elementor-col-100 elementor-top-column elementor-element elementor-element-2c3dd39\" data-id=\"2c3dd39\" data-element_type=\"column\">\n\t\t\t<div class=\"elementor-widget-wrap elementor-element-populated\">\n\t\t\t\t\t\t<div class=\"elementor-element elementor-element-8244817 elementor-arrows-yes elementor-pagination-type-bullets elementor-review--has-separator elementor--star-style-star_fontawesome elementor-widget elementor-widget-reviews\" data-id=\"8244817\" data-element_type=\"widget\" data-settings=\"{&quot;show_arrows&quot;:&quot;yes&quot;,&quot;pagination&quot;:&quot;bullets&quot;,&quot;speed&quot;:500,&quot;autoplay&quot;:&quot;yes&quot;,&quot;autoplay_speed&quot;:5000,&quot;loop&quot;:&quot;yes&quot;,&quot;pause_on_hover&quot;:&quot;yes&quot;,&quot;pause_on_interaction&quot;:&quot;yes&quot;,&quot;space_between&quot;:{&quot;unit&quot;:&quot;px&quot;,&quot;size&quot;:10,&quot;sizes&quot;:[]},&quot;space_between_tablet&quot;:{&quot;unit&quot;:&quot;px&quot;,&quot;size&quot;:10,&quot;sizes&quot;:[]},&quot;space_between_mobile&quot;:{&quot;unit&quot;:&quot;px&quot;,&quot;size&quot;:10,&quot;sizes&quot;:[]}}\" data-widget_type=\"reviews.default\">\n\t\t\t\t<div class=\"elementor-widget-container\">\n\t\t\t\t\t\t\t\t\t<div class=\"elementor-swiper\">\n\t\t\t\t\t<div class=\"elementor-main-swiper swiper\" role=\"region\" aria-roledescription=\"carousel\" aria-label=\"Diapositives\">\n\t\t\t\t<div class=\"swiper-wrapper\">\n\t\t\t\t\t\t\t\t\t\t\t<div class=\"swiper-slide\" role=\"group\" aria-roledescription=\"slide\">\n\t\t\t\t\t\t\t\t\t<div class=\"elementor-testimonial elementor-repeater-item-165c397\">\n\t\t\t\t\t\t\t<div class=\"elementor-testimonial__header\">\n\t\t\t\t\t\t\t\t\t\t<cite class=\"elementor-testimonial__cite\"><span class=\"elementor-testimonial__name\">Clara<\/span><div class=\"elementor-star-rating\"><i class=\"elementor-star-full\">&#xE934;<\/i><i class=\"elementor-star-full\">&#xE934;<\/i><i class=\"elementor-star-full\">&#xE934;<\/i><i class=\"elementor-star-full\">&#xE934;<\/i><i class=\"elementor-star-full\">&#xE934;<\/i><\/div><span class=\"elementor-testimonial__title\"><i>Ressenya verificada<\/i><\/span><\/cite>\t\t\t\t\t<div class=\"elementor-testimonial__icon elementor-icon elementor-icon-\" aria-label=\"Llegir m\u00e9s\"><\/div>\t\t\t\t<\/div>\n\t\t\t\t\t\t\t\t\t\t<div class=\"elementor-testimonial__content\">\n\t\t\t\t\t<div class=\"elementor-testimonial__text\">\n\t\t\t\t\t\tQue interessant aquest tour i que ben explicat aquesta.\t\t\t\t\t<\/div>\n\t\t\t\t<\/div>\n\t\t\t\t\t<\/div>\n\t\t\t\t\t\t\t\t<\/div>\n\t\t\t\t\t\t\t\t\t\t\t<div class=\"swiper-slide\" role=\"group\" aria-roledescription=\"slide\">\n\t\t\t\t\t\t\t\t\t<div class=\"elementor-testimonial elementor-repeater-item-3e5a2b5\">\n\t\t\t\t\t\t\t<div class=\"elementor-testimonial__header\">\n\t\t\t\t\t\t\t\t\t\t<cite class=\"elementor-testimonial__cite\"><span class=\"elementor-testimonial__name\">Ra\u00fal<\/span><div class=\"elementor-star-rating\"><i class=\"elementor-star-full\">&#xE934;<\/i><i class=\"elementor-star-full\">&#xE934;<\/i><i class=\"elementor-star-full\">&#xE934;<\/i><i class=\"elementor-star-full\">&#xE934;<\/i><i class=\"elementor-star-full\">&#xE934;<\/i><\/div><span class=\"elementor-testimonial__title\"><i>Ressenya verificada<\/i><\/span><\/cite>\t\t\t\t\t<div class=\"elementor-testimonial__icon elementor-icon elementor-icon-\" aria-label=\"Llegir m\u00e9s\"><\/div>\t\t\t\t<\/div>\n\t\t\t\t\t\t\t\t\t\t<div class=\"elementor-testimonial__content\">\n\t\t\t\t\t<div class=\"elementor-testimonial__text\">\n\t\t\t\t\t\tMolt interessant la hist\u00f2ria i les obres de Gaud\u00ed\t\t\t\t\t<\/div>\n\t\t\t\t<\/div>\n\t\t\t\t\t<\/div>\n\t\t\t\t\t\t\t\t<\/div>\n\t\t\t\t\t\t\t\t\t\t\t<div class=\"swiper-slide\" role=\"group\" aria-roledescription=\"slide\">\n\t\t\t\t\t\t\t\t\t<div class=\"elementor-testimonial elementor-repeater-item-6efa2c8\">\n\t\t\t\t\t\t\t<div class=\"elementor-testimonial__header\">\n\t\t\t\t\t\t\t\t\t\t<cite class=\"elementor-testimonial__cite\"><span class=\"elementor-testimonial__name\">Alfredo<\/span><div class=\"elementor-star-rating\"><i class=\"elementor-star-full\">&#xE934;<\/i><i class=\"elementor-star-full\">&#xE934;<\/i><i class=\"elementor-star-full\">&#xE934;<\/i><i class=\"elementor-star-full\">&#xE934;<\/i><i class=\"elementor-star-full\">&#xE934;<\/i><\/div><span class=\"elementor-testimonial__title\"><i>Ressenya verificada<\/i><\/span><\/cite>\t\t\t\t\t<div class=\"elementor-testimonial__icon elementor-icon elementor-icon-\" aria-label=\"Llegir m\u00e9s\"><\/div>\t\t\t\t<\/div>\n\t\t\t\t\t\t\t\t\t\t<div class=\"elementor-testimonial__content\">\n\t\t\t\t\t<div class=\"elementor-testimonial__text\">\n\t\t\t\t\t\tMolt recomanable per poder gaudir al 100% del modernisme a la ciutat.\t\t\t\t\t<\/div>\n\t\t\t\t<\/div>\n\t\t\t\t\t<\/div>\n\t\t\t\t\t\t\t\t<\/div>\n\t\t\t\t\t\t\t\t\t<\/div>\n\t\t\t\t\t\t\t\t\t\t\t\t\t\t\t<div class=\"elementor-swiper-button elementor-swiper-button-prev\" role=\"button\" tabindex=\"0\" aria-label=\"Previous\">\n\t\t\t\t\t\t\t<i aria-hidden=\"true\" class=\"eicon-chevron-left\"><\/i>\t\t\t\t\t\t<\/div>\n\t\t\t\t\t\t<div class=\"elementor-swiper-button elementor-swiper-button-next\" role=\"button\" tabindex=\"0\" aria-label=\"Next\">\n\t\t\t\t\t\t\t<i aria-hidden=\"true\" class=\"eicon-chevron-right\"><\/i>\t\t\t\t\t\t<\/div>\n\t\t\t\t\t\t\t\t\t\t\t\t\t\t\t\t<div class=\"swiper-pagination\"><\/div>\n\t\t\t\t\t\t\t\t\t\t\t\t<\/div>\n\t\t\t\t<\/div>\n\t\t\t\t\t\t\t\t<\/div>\n\t\t\t\t<\/div>\n\t\t\t\t\t<\/div>\n\t\t<\/div>\n\t\t\t\t\t<\/div>\n\t\t<\/section>\n\t\t\t\t<section class=\"elementor-section elementor-top-section elementor-element elementor-element-ba0877b elementor-section-boxed elementor-section-height-default elementor-section-height-default\" data-id=\"ba0877b\" data-element_type=\"section\">\n\t\t\t\t\t\t<div class=\"elementor-container elementor-column-gap-default\">\n\t\t\t\t\t<div class=\"elementor-column elementor-col-100 elementor-top-column elementor-element elementor-element-c29434b\" data-id=\"c29434b\" data-element_type=\"column\">\n\t\t\t<div class=\"elementor-widget-wrap elementor-element-populated\">\n\t\t\t\t\t\t<div class=\"elementor-element elementor-element-2fa779e elementor-widget elementor-widget-html\" data-id=\"2fa779e\" data-element_type=\"widget\" data-widget_type=\"html.default\">\n\t\t\t\t<div class=\"elementor-widget-container\">\n\t\t\t\t\t<script type=\"application\/ld+json\">{\n  \"@context\": \"https:\/\/schema.org\/\", \n  \"@type\": \"Product\", \n  \"name\": \"Tour de Gaud\u00ed y Modernismo de Barcelona\",\n  \"image\": \"https:\/\/www.willysplan.com\/wp-content\/uploads\/2022\/12\/Gaudi-Parc-Guell-2.webp\",\n  \"description\": \"El tour dar\u00e1 inicio en la calle Serdenya de Barcelona y, a trav\u00e9s de un veh\u00edculo privado, iniciar\u00e1s tu ruta hasta la Sagrada Familia, uno de los monumentos m\u00e1s ic\u00f3nicos de la ciudad. Cuando entres en interior, sin hacer cola, el gu\u00eda te explicar\u00e1 todos los secretos de esta bas\u00edlica inspirada en la naturaleza.\",\n  \"brand\": {\n    \"@type\": \"Brand\",\n    \"name\": \"Willy's Plan\"\n  },\n  \"aggregateRating\": {\n    \"@type\": \"AggregateRating\",\n    \"ratingValue\": \"5\",\n    \"bestRating\": \"5\",\n    \"worstRating\": \"0\",\n    \"ratingCount\": \"28\"\n  }\n}\n<\/script>\t\t\t\t<\/div>\n\t\t\t\t<\/div>\n\t\t\t\t\t<\/div>\n\t\t<\/div>\n\t\t\t\t\t<\/div>\n\t\t<\/section>\n\t\t\t\t<section class=\"elementor-section elementor-top-section elementor-element elementor-element-c8705ca elementor-section-boxed elementor-section-height-default elementor-section-height-default\" data-id=\"c8705ca\" data-element_type=\"section\">\n\t\t\t\t\t\t<div class=\"elementor-container elementor-column-gap-default\">\n\t\t\t\t\t<div class=\"elementor-column elementor-col-100 elementor-top-column elementor-element elementor-element-ebfcd2c\" data-id=\"ebfcd2c\" data-element_type=\"column\">\n\t\t\t<div class=\"elementor-widget-wrap elementor-element-populated\">\n\t\t\t\t\t\t<div class=\"elementor-element elementor-element-e650978 elementor-widget elementor-widget-spacer\" data-id=\"e650978\" data-element_type=\"widget\" data-widget_type=\"spacer.default\">\n\t\t\t\t<div class=\"elementor-widget-container\">\n\t\t\t\t\t\t\t<div class=\"elementor-spacer\">\n\t\t\t<div class=\"elementor-spacer-inner\"><\/div>\n\t\t<\/div>\n\t\t\t\t\t\t<\/div>\n\t\t\t\t<\/div>\n\t\t\t\t\t<\/div>\n\t\t<\/div>\n\t\t\t\t\t<\/div>\n\t\t<\/section>\n\t\t\t\t<section class=\"elementor-section elementor-top-section elementor-element elementor-element-88d6384 elementor-section-boxed elementor-section-height-default elementor-section-height-default\" data-id=\"88d6384\" data-element_type=\"section\">\n\t\t\t\t\t\t<div class=\"elementor-container elementor-column-gap-default\">\n\t\t\t\t\t<div class=\"elementor-column elementor-col-100 elementor-top-column elementor-element elementor-element-722165a\" data-id=\"722165a\" data-element_type=\"column\">\n\t\t\t<div class=\"elementor-widget-wrap elementor-element-populated\">\n\t\t\t\t\t\t<div class=\"elementor-element elementor-element-002c2ff elementor-align-center elementor-widget elementor-widget-button\" data-id=\"002c2ff\" data-element_type=\"widget\" data-widget_type=\"button.default\">\n\t\t\t\t<div class=\"elementor-widget-container\">\n\t\t\t\t\t\t\t\t\t<div class=\"elementor-button-wrapper\">\n\t\t\t\t\t<a class=\"elementor-button elementor-button-link elementor-size-sm\" href=\"https:\/\/www.civitatis.com\/es\/barcelona\/tour-maravillas-gaudi\/?aid=100249\" target=\"_blank\" rel=\"nofollow\">\n\t\t\t\t\t\t<span class=\"elementor-button-content-wrapper\">\n\t\t\t\t\t\t\t\t\t<span class=\"elementor-button-text\">RESERVAR ARA<\/span>\n\t\t\t\t\t<\/span>\n\t\t\t\t\t<\/a>\n\t\t\t\t<\/div>\n\t\t\t\t\t\t\t\t<\/div>\n\t\t\t\t<\/div>\n\t\t\t\t\t<\/div>\n\t\t<\/div>\n\t\t\t\t\t<\/div>\n\t\t<\/section>\n\t\t\t\t<section class=\"elementor-section elementor-top-section elementor-element elementor-element-438a967 elementor-section-boxed elementor-section-height-default elementor-section-height-default\" data-id=\"438a967\" data-element_type=\"section\">\n\t\t\t\t\t\t<div class=\"elementor-container elementor-column-gap-default\">\n\t\t\t\t\t<div class=\"elementor-column elementor-col-100 elementor-top-column elementor-element elementor-element-063765b\" data-id=\"063765b\" data-element_type=\"column\">\n\t\t\t<div class=\"elementor-widget-wrap elementor-element-populated\">\n\t\t\t\t\t\t<div class=\"elementor-element elementor-element-12561aa elementor-widget elementor-widget-spacer\" data-id=\"12561aa\" data-element_type=\"widget\" data-widget_type=\"spacer.default\">\n\t\t\t\t<div class=\"elementor-widget-container\">\n\t\t\t\t\t\t\t<div class=\"elementor-spacer\">\n\t\t\t<div class=\"elementor-spacer-inner\"><\/div>\n\t\t<\/div>\n\t\t\t\t\t\t<\/div>\n\t\t\t\t<\/div>\n\t\t\t\t\t<\/div>\n\t\t<\/div>\n\t\t\t\t\t<\/div>\n\t\t<\/section>\n\t\t\t\t<section class=\"elementor-section elementor-top-section elementor-element elementor-element-b509085 elementor-section-boxed elementor-section-height-default elementor-section-height-default\" data-id=\"b509085\" data-element_type=\"section\">\n\t\t\t\t\t\t<div class=\"elementor-container elementor-column-gap-default\">\n\t\t\t\t\t<div class=\"elementor-column elementor-col-100 elementor-top-column elementor-element elementor-element-d6c2172\" data-id=\"d6c2172\" data-element_type=\"column\">\n\t\t\t<div class=\"elementor-widget-wrap elementor-element-populated\">\n\t\t\t\t\t\t<div class=\"elementor-element elementor-element-6860921 elementor-widget elementor-widget-heading\" data-id=\"6860921\" data-element_type=\"widget\" data-widget_type=\"heading.default\">\n\t\t\t\t<div class=\"elementor-widget-container\">\n\t\t\t\t\t<h2 class=\"elementor-heading-title elementor-size-default\">Preguntes freq\u00fcents<\/h2>\t\t\t\t<\/div>\n\t\t\t\t<\/div>\n\t\t\t\t\t<\/div>\n\t\t<\/div>\n\t\t\t\t\t<\/div>\n\t\t<\/section>\n\t\t\t\t<section class=\"elementor-section elementor-top-section elementor-element elementor-element-e83c588 elementor-section-boxed elementor-section-height-default elementor-section-height-default\" data-id=\"e83c588\" data-element_type=\"section\">\n\t\t\t\t\t\t<div class=\"elementor-container elementor-column-gap-default\">\n\t\t\t\t\t<div class=\"elementor-column elementor-col-100 elementor-top-column elementor-element elementor-element-149e507\" data-id=\"149e507\" data-element_type=\"column\">\n\t\t\t<div class=\"elementor-widget-wrap elementor-element-populated\">\n\t\t\t\t\t\t<div class=\"elementor-element elementor-element-37afd59 elementor-widget elementor-widget-accordion\" data-id=\"37afd59\" data-element_type=\"widget\" data-widget_type=\"accordion.default\">\n\t\t\t\t<div class=\"elementor-widget-container\">\n\t\t\t\t\t\t\t<div class=\"elementor-accordion\">\n\t\t\t\t\t\t\t<div class=\"elementor-accordion-item\">\n\t\t\t\t\t<div id=\"elementor-tab-title-5831\" class=\"elementor-tab-title\" data-tab=\"1\" role=\"button\" aria-controls=\"elementor-tab-content-5831\" aria-expanded=\"false\">\n\t\t\t\t\t\t\t\t\t\t\t\t\t<span class=\"elementor-accordion-icon elementor-accordion-icon-left\" aria-hidden=\"true\">\n\t\t\t\t\t\t\t\t\t\t\t\t\t\t\t<span class=\"elementor-accordion-icon-closed\"><i class=\"fas fa-plus\"><\/i><\/span>\n\t\t\t\t\t\t\t\t<span class=\"elementor-accordion-icon-opened\"><i class=\"fas fa-minus\"><\/i><\/span>\n\t\t\t\t\t\t\t\t\t\t\t\t\t\t<\/span>\n\t\t\t\t\t\t\t\t\t\t\t\t<a class=\"elementor-accordion-title\" tabindex=\"0\"><h3>Per qu\u00e8 escollir el tour de Gaud\u00ed i Modernisme de Barcelona?<\/h3><\/a>\n\t\t\t\t\t<\/div>\n\t\t\t\t\t<div id=\"elementor-tab-content-5831\" class=\"elementor-tab-content elementor-clearfix\" data-tab=\"1\" role=\"region\" aria-labelledby=\"elementor-tab-title-5831\"><p><span style=\"font-weight: 400;\">Gaud\u00ed \u00e9s un referent a Barcelona i \u00e9s la persona que ha donat a la ciutat aquest toc tan caracter\u00edstic. <b>Visitar els seus monuments sense fer cues<\/b> \u00e9s una gesta pr\u00e0cticament impossible, que nom\u00e9s podr\u00e0s aconseguir mitjan\u00e7ant una excursi\u00f3 guiada com aquesta. <\/span><\/p>\n<\/div>\n\t\t\t\t<\/div>\n\t\t\t\t\t\t\t<div class=\"elementor-accordion-item\">\n\t\t\t\t\t<div id=\"elementor-tab-title-5832\" class=\"elementor-tab-title\" data-tab=\"2\" role=\"button\" aria-controls=\"elementor-tab-content-5832\" aria-expanded=\"false\">\n\t\t\t\t\t\t\t\t\t\t\t\t\t<span class=\"elementor-accordion-icon elementor-accordion-icon-left\" aria-hidden=\"true\">\n\t\t\t\t\t\t\t\t\t\t\t\t\t\t\t<span class=\"elementor-accordion-icon-closed\"><i class=\"fas fa-plus\"><\/i><\/span>\n\t\t\t\t\t\t\t\t<span class=\"elementor-accordion-icon-opened\"><i class=\"fas fa-minus\"><\/i><\/span>\n\t\t\t\t\t\t\t\t\t\t\t\t\t\t<\/span>\n\t\t\t\t\t\t\t\t\t\t\t\t<a class=\"elementor-accordion-title\" tabindex=\"0\"><h3>Al guia se li ha de donar algun tipus de propina?<\/h3><\/a>\n\t\t\t\t\t<\/div>\n\t\t\t\t\t<div id=\"elementor-tab-content-5832\" class=\"elementor-tab-content elementor-clearfix\" data-tab=\"2\" role=\"region\" aria-labelledby=\"elementor-tab-title-5832\"><p><span style=\"font-weight: 400;\">Quan reservis el teu tour per Montserrat, tindr\u00e0s incloses les explicacions del guia, per la qual cosa<\/span> <b>no haur\u00e0s de donar-li cap mena de propina<\/b> <span style=\"font-weight: 400;\">en finalitzar el recorregut.<\/span><\/p>\n<\/div>\n\t\t\t\t<\/div>\n\t\t\t\t\t\t\t<div class=\"elementor-accordion-item\">\n\t\t\t\t\t<div id=\"elementor-tab-title-5833\" class=\"elementor-tab-title\" data-tab=\"3\" role=\"button\" aria-controls=\"elementor-tab-content-5833\" aria-expanded=\"false\">\n\t\t\t\t\t\t\t\t\t\t\t\t\t<span class=\"elementor-accordion-icon elementor-accordion-icon-left\" aria-hidden=\"true\">\n\t\t\t\t\t\t\t\t\t\t\t\t\t\t\t<span class=\"elementor-accordion-icon-closed\"><i class=\"fas fa-plus\"><\/i><\/span>\n\t\t\t\t\t\t\t\t<span class=\"elementor-accordion-icon-opened\"><i class=\"fas fa-minus\"><\/i><\/span>\n\t\t\t\t\t\t\t\t\t\t\t\t\t\t<\/span>\n\t\t\t\t\t\t\t\t\t\t\t\t<a class=\"elementor-accordion-title\" tabindex=\"0\"><h3>Quins altres tours puc fer a prop d'aqu\u00ed?<\/h3><\/a>\n\t\t\t\t\t<\/div>\n\t\t\t\t\t<div id=\"elementor-tab-content-5833\" class=\"elementor-tab-content elementor-clearfix\" data-tab=\"3\" role=\"region\" aria-labelledby=\"elementor-tab-title-5833\"><p><span style=\"font-weight: 400;\">Barcelona \u00e9s una ciutat plena de monuments, edificis, curiositats, barris, etc. per aix\u00f2, un sol tour no ser\u00e0 capa\u00e7 d&#8217;ajudar-te a captar tota l&#8217;ess\u00e8ncia de la ciutat. Et recomanem que puguis<\/span> <b>combinar el teu tour de Gaud\u00ed a Barcelona<\/b> <span style=\"font-weight: 400;\">amb aquestes altres propostes: <a href=\"https:\/\/www.willysplan.com\/ca\/tours-barcelona-ca\/excursio-a-montserrat-des-de-barcelona\">Excursi\u00f3 a Montserrat des de Barcelona<\/a> , <a href=\"https:\/\/www.willysplan.com\/ca\/tours-barcelona-ca\/ruta-muntant-a-cavall-per-barcelona\">Ruta muntant a cavall per Barcelona<\/a> , <a href=\"https:\/\/www.willysplan.com\/ca\/tours-barcelona-ca\/tour-de-llums-de-nadal-a-barcelona\">Tour de llums de Nadal a Barcelona<\/a> , etc.<\/span><\/p><\/div>\n\t\t\t\t<\/div>\n\t\t\t\t\t\t\t\t<\/div>\n\t\t\t\t\t\t<\/div>\n\t\t\t\t<\/div>\n\t\t\t\t\t<\/div>\n\t\t<\/div>\n\t\t\t\t\t<\/div>\n\t\t<\/section>\n\t\t\t\t<section class=\"elementor-section elementor-top-section elementor-element elementor-element-91a407d elementor-section-boxed elementor-section-height-default elementor-section-height-default\" data-id=\"91a407d\" data-element_type=\"section\">\n\t\t\t\t\t\t<div class=\"elementor-container elementor-column-gap-default\">\n\t\t\t\t\t<div class=\"elementor-column elementor-col-100 elementor-top-column elementor-element elementor-element-a04efea\" data-id=\"a04efea\" data-element_type=\"column\">\n\t\t\t<div class=\"elementor-widget-wrap elementor-element-populated\">\n\t\t\t\t\t\t<div class=\"elementor-element elementor-element-61c035b elementor-widget elementor-widget-html\" data-id=\"61c035b\" data-element_type=\"widget\" data-widget_type=\"html.default\">\n\t\t\t\t<div class=\"elementor-widget-container\">\n\t\t\t\t\t<script type=\"application\/ld+json\">{\n  \"@context\": \"https:\/\/schema.org\",\n  \"@type\": \"FAQPage\",\n  \"mainEntity\": [{\n    \"@type\": \"Question\",\n    \"name\": \"\u00bfPor qu\u00e9 elegir el tour de Gaud\u00ed y Modernismo de Barcelona?\",\n    \"acceptedAnswer\": {\n      \"@type\": \"Answer\",\n      \"text\": \"Gaud\u00ed es un referente en Barcelona y es la persona que ha dado a la ciudad este toque tan caracter\u00edstico. Visitar sus monumentos sin hacer colas es una haza\u00f1a pr\u00e1cticamente imposible, que solamente podr\u00e1s lograr a trav\u00e9s de una excursi\u00f3n guiada como esta. \"\n    }\n  },{\n    \"@type\": \"Question\",\n    \"name\": \"\u00bfAl gu\u00eda se le tiene que dar alg\u00fan tipo de propina?\",\n    \"acceptedAnswer\": {\n      \"@type\": \"Answer\",\n      \"text\": \"No tienes que dar ninguna propina al gu\u00eda, ya que el precio incluye sus explicaciones.\"\n    }\n  },{\n    \"@type\": \"Question\",\n    \"name\": \"\u00bfQu\u00e9 otros tours puedo hacer cerca de aqu\u00ed?\",\n    \"acceptedAnswer\": {\n      \"@type\": \"Answer\",\n      \"text\": \"Barcelona es una ciudad llena de monumentos, edificios, curiosidades, barrios, etc. por eso un solo tour no ser\u00e1 capaz de ayudarte a captar toda la esencia de la ciudad. Te recomendamos que puedas combinar tu tour de Gaud\u00ed en Barcelona con estas otras propuestas: Excursi\u00f3n a Montserrat desde Barcelona, Ruta montando a caballo por Barcelona, Tour de luces de navidad en Barcelona, etc.\"\n    }\n  }]\n}\n<\/script>\t\t\t\t<\/div>\n\t\t\t\t<\/div>\n\t\t\t\t\t<\/div>\n\t\t<\/div>\n\t\t\t\t\t<\/div>\n\t\t<\/section>\n\t\t\t\t<section class=\"elementor-section elementor-top-section elementor-element elementor-element-e93aa0e elementor-section-boxed elementor-section-height-default elementor-section-height-default\" data-id=\"e93aa0e\" data-element_type=\"section\">\n\t\t\t\t\t\t<div class=\"elementor-container elementor-column-gap-default\">\n\t\t\t\t\t<div class=\"elementor-column elementor-col-100 elementor-top-column elementor-element elementor-element-b920323\" data-id=\"b920323\" data-element_type=\"column\">\n\t\t\t<div class=\"elementor-widget-wrap elementor-element-populated\">\n\t\t\t\t\t\t<div class=\"elementor-element elementor-element-aeb08ea elementor-widget-divider--view-line elementor-widget elementor-widget-divider\" data-id=\"aeb08ea\" data-element_type=\"widget\" data-widget_type=\"divider.default\">\n\t\t\t\t<div class=\"elementor-widget-container\">\n\t\t\t\t\t\t\t<div class=\"elementor-divider\">\n\t\t\t<span class=\"elementor-divider-separator\">\n\t\t\t\t\t\t<\/span>\n\t\t<\/div>\n\t\t\t\t\t\t<\/div>\n\t\t\t\t<\/div>\n\t\t\t\t\t<\/div>\n\t\t<\/div>\n\t\t\t\t\t<\/div>\n\t\t<\/section>\n\t\t\t\t<section class=\"elementor-section elementor-top-section elementor-element elementor-element-774fd5b elementor-section-boxed elementor-section-height-default elementor-section-height-default\" data-id=\"774fd5b\" data-element_type=\"section\">\n\t\t\t\t\t\t<div class=\"elementor-container elementor-column-gap-default\">\n\t\t\t\t\t<div class=\"elementor-column elementor-col-100 elementor-top-column elementor-element elementor-element-ccb3386\" data-id=\"ccb3386\" data-element_type=\"column\">\n\t\t\t<div class=\"elementor-widget-wrap elementor-element-populated\">\n\t\t\t\t\t\t<div class=\"elementor-element elementor-element-5d6c67c elementor-widget elementor-widget-heading\" data-id=\"5d6c67c\" data-element_type=\"widget\" data-widget_type=\"heading.default\">\n\t\t\t\t<div class=\"elementor-widget-container\">\n\t\t\t\t\t<h2 class=\"elementor-heading-title elementor-size-default\">Altres tours que tamb\u00e9 et poden interessar...<\/h2>\t\t\t\t<\/div>\n\t\t\t\t<\/div>\n\t\t\t\t\t<\/div>\n\t\t<\/div>\n\t\t\t\t\t<\/div>\n\t\t<\/section>\n\t\t\t\t<section class=\"elementor-section elementor-top-section elementor-element elementor-element-3855c19 elementor-section-boxed elementor-section-height-default elementor-section-height-default\" data-id=\"3855c19\" data-element_type=\"section\">\n\t\t\t\t\t\t<div class=\"elementor-container elementor-column-gap-default\">\n\t\t\t\t\t<div class=\"elementor-column elementor-col-100 elementor-top-column elementor-element elementor-element-8d4f04d\" data-id=\"8d4f04d\" data-element_type=\"column\">\n\t\t\t<div class=\"elementor-widget-wrap elementor-element-populated\">\n\t\t\t\t\t\t\t<\/div>\n\t\t<\/div>\n\t\t\t\t\t<\/div>\n\t\t<\/section>\n\t\t\t\t<section class=\"elementor-section elementor-top-section elementor-element elementor-element-8108203 elementor-section-boxed elementor-section-height-default elementor-section-height-default\" data-id=\"8108203\" data-element_type=\"section\">\n\t\t\t\t\t\t<div class=\"elementor-container elementor-column-gap-default\">\n\t\t\t\t\t<div class=\"elementor-column elementor-col-100 elementor-top-column elementor-element elementor-element-f2e7547\" data-id=\"f2e7547\" data-element_type=\"column\">\n\t\t\t<div class=\"elementor-widget-wrap elementor-element-populated\">\n\t\t\t\t\t\t<div class=\"elementor-element elementor-element-fc694f1 elementor-widget elementor-widget-heading\" data-id=\"fc694f1\" data-element_type=\"widget\" data-widget_type=\"heading.default\">\n\t\t\t\t<div class=\"elementor-widget-container\">\n\t\t\t\t\t<h2 class=\"elementor-heading-title elementor-size-default\">Altres modalitats de tours a Barcelona<\/h2>\t\t\t\t<\/div>\n\t\t\t\t<\/div>\n\t\t\t\t\t<\/div>\n\t\t<\/div>\n\t\t\t\t\t<\/div>\n\t\t<\/section>\n\t\t\t\t<section class=\"elementor-section elementor-top-section elementor-element elementor-element-0e69ec0 elementor-section-boxed elementor-section-height-default elementor-section-height-default\" data-id=\"0e69ec0\" data-element_type=\"section\">\n\t\t\t\t\t\t<div class=\"elementor-container elementor-column-gap-default\">\n\t\t\t\t\t<div class=\"elementor-column elementor-col-100 elementor-top-column elementor-element elementor-element-711525c\" data-id=\"711525c\" data-element_type=\"column\">\n\t\t\t<div class=\"elementor-widget-wrap elementor-element-populated\">\n\t\t\t\t\t\t<div class=\"elementor-element elementor-element-d7a95f5 elementor-grid-4 elementor-grid-tablet-2 elementor-grid-mobile-1 elementor-posts--thumbnail-top elementor-widget elementor-widget-posts\" data-id=\"d7a95f5\" data-element_type=\"widget\" data-settings=\"{&quot;classic_columns&quot;:&quot;4&quot;,&quot;classic_columns_tablet&quot;:&quot;2&quot;,&quot;classic_columns_mobile&quot;:&quot;1&quot;,&quot;classic_row_gap&quot;:{&quot;unit&quot;:&quot;px&quot;,&quot;size&quot;:35,&quot;sizes&quot;:[]},&quot;classic_row_gap_tablet&quot;:{&quot;unit&quot;:&quot;px&quot;,&quot;size&quot;:&quot;&quot;,&quot;sizes&quot;:[]},&quot;classic_row_gap_mobile&quot;:{&quot;unit&quot;:&quot;px&quot;,&quot;size&quot;:&quot;&quot;,&quot;sizes&quot;:[]}}\" data-widget_type=\"posts.classic\">\n\t\t\t\t<div class=\"elementor-widget-container\">\n\t\t\t\t\t\t\t<div class=\"elementor-posts-container elementor-posts elementor-posts--skin-classic elementor-grid\" role=\"list\">\n\t\t\t\t<article class=\"elementor-post elementor-grid-item post-15616 page type-page status-publish has-post-thumbnail hentry\" role=\"listitem\">\n\t\t\t\t<a class=\"elementor-post__thumbnail__link\" href=\"https:\/\/www.willysplan.com\/ca\/passejades-amb-vaixell-veler-i-catamara-a-barcelona\" tabindex=\"-1\" >\n\t\t\t<div class=\"elementor-post__thumbnail\"><img decoding=\"async\" width=\"230\" height=\"150\" src=\"https:\/\/www.willysplan.com\/wp-content\/uploads\/2022\/05\/tour-en-catamaran-por-barcelona.webp\" class=\"attachment-medium size-medium wp-image-14827\" alt=\"\" \/><\/div>\n\t\t<\/a>\n\t\t\t\t<div class=\"elementor-post__text\">\n\t\t\t\t<h4 class=\"elementor-post__title\">\n\t\t\t<a href=\"https:\/\/www.willysplan.com\/ca\/passejades-amb-vaixell-veler-i-catamara-a-barcelona\" >\n\t\t\t\tTours amb vaixell, veler i catamar\u00e0 a Barcelona\t\t\t<\/a>\n\t\t<\/h4>\n\t\t\t\t<\/div>\n\t\t\t\t<\/article>\n\t\t\t\t<article class=\"elementor-post elementor-grid-item post-15638 page type-page status-publish has-post-thumbnail hentry\" role=\"listitem\">\n\t\t\t\t<a class=\"elementor-post__thumbnail__link\" href=\"https:\/\/www.willysplan.com\/ca\/entrades-a-barcelona\" tabindex=\"-1\" >\n\t\t\t<div class=\"elementor-post__thumbnail\"><img fetchpriority=\"high\" decoding=\"async\" width=\"300\" height=\"200\" src=\"https:\/\/www.willysplan.com\/wp-content\/uploads\/2022\/05\/entradas-en-la-pedrera-300x200.webp\" class=\"attachment-medium size-medium wp-image-14837\" alt=\"\" srcset=\"https:\/\/www.willysplan.com\/wp-content\/uploads\/2022\/05\/entradas-en-la-pedrera-300x200.webp 300w, https:\/\/www.willysplan.com\/wp-content\/uploads\/2022\/05\/entradas-en-la-pedrera-768x513.webp 768w, https:\/\/www.willysplan.com\/wp-content\/uploads\/2022\/05\/entradas-en-la-pedrera-600x401.webp 600w, https:\/\/www.willysplan.com\/wp-content\/uploads\/2022\/05\/entradas-en-la-pedrera.webp 780w\" sizes=\"(max-width: 300px) 100vw, 300px\" \/><\/div>\n\t\t<\/a>\n\t\t\t\t<div class=\"elementor-post__text\">\n\t\t\t\t<h4 class=\"elementor-post__title\">\n\t\t\t<a href=\"https:\/\/www.willysplan.com\/ca\/entrades-a-barcelona\" >\n\t\t\t\tEntrades a Barcelona\t\t\t<\/a>\n\t\t<\/h4>\n\t\t\t\t<\/div>\n\t\t\t\t<\/article>\n\t\t\t\t<article class=\"elementor-post elementor-grid-item post-15608 page type-page status-publish has-post-thumbnail hentry\" role=\"listitem\">\n\t\t\t\t<a class=\"elementor-post__thumbnail__link\" href=\"https:\/\/www.willysplan.com\/ca\/free-walking-tours-a-barcelona\" tabindex=\"-1\" >\n\t\t\t<div class=\"elementor-post__thumbnail\"><img decoding=\"async\" width=\"300\" height=\"134\" src=\"https:\/\/www.willysplan.com\/wp-content\/uploads\/2022\/05\/free-tour-barcelona-300x134.webp\" class=\"attachment-medium size-medium wp-image-14813\" alt=\"\" srcset=\"https:\/\/www.willysplan.com\/wp-content\/uploads\/2022\/05\/free-tour-barcelona-300x134.webp 300w, https:\/\/www.willysplan.com\/wp-content\/uploads\/2022\/05\/free-tour-barcelona-600x268.webp 600w, https:\/\/www.willysplan.com\/wp-content\/uploads\/2022\/05\/free-tour-barcelona.webp 640w\" sizes=\"(max-width: 300px) 100vw, 300px\" \/><\/div>\n\t\t<\/a>\n\t\t\t\t<div class=\"elementor-post__text\">\n\t\t\t\t<h4 class=\"elementor-post__title\">\n\t\t\t<a href=\"https:\/\/www.willysplan.com\/ca\/free-walking-tours-a-barcelona\" >\n\t\t\t\tFree Walking Tours a Barcelona\t\t\t<\/a>\n\t\t<\/h4>\n\t\t\t\t<\/div>\n\t\t\t\t<\/article>\n\t\t\t\t<\/div>\n\t\t\n\t\t\t\t\t\t<\/div>\n\t\t\t\t<\/div>\n\t\t\t\t\t<\/div>\n\t\t<\/div>\n\t\t\t\t\t<\/div>\n\t\t<\/section>\n\t\t\t\t<\/div>\n\t\t","protected":false},"excerpt":{"rendered":"<p>Barcelona \u00e9s una de les ciutats m\u00e9s visitades d&#8217;Europa gr\u00e0cies a les platges, la festa, els monuments, la cultura i l&#8217;art. Per\u00f2 ning\u00fa se&#8217;n va<\/p>\n","protected":false},"author":1,"featured_media":15407,"comment_status":"closed","ping_status":"closed","sticky":false,"template":"","format":"standard","meta":{"neve_meta_sidebar":"","neve_meta_container":"","neve_meta_enable_content_width":"","neve_meta_content_width":0,"neve_meta_title_alignment":"","neve_meta_author_avatar":"","neve_post_elements_order":"","neve_meta_disable_header":"","neve_meta_disable_footer":"","neve_meta_disable_title":"","_joinchat":[],"footnotes":""},"categories":[471],"tags":[472],"class_list":["post-16776","post","type-post","status-publish","format-standard","has-post-thumbnail","hentry","category-tours-barcelona-ca","tag-visites-guiades-barcelona"],"yoast_head":"<!-- This site is optimized with the Yoast SEO Premium plugin v20.1 (Yoast SEO v26.9) - https:\/\/yoast.com\/product\/yoast-seo-premium-wordpress\/ -->\n<title>Tour de Gaud\u00ed i Modernisme de Barcelona - Willy&#039;s Pla \ud83c\udf43<\/title>\n<meta name=\"description\" content=\"Est\u00e0s buscant un tour per les obres de Gaud\u00ed? \u2705 Descobreix ara aquesta excursi\u00f3 sobre el modernisme i les obres de Gaud\u00ed. Entra ara!\" \/>\n<meta name=\"robots\" content=\"index, follow, max-snippet:-1, max-image-preview:large, max-video-preview:-1\" \/>\n<link rel=\"canonical\" href=\"https:\/\/www.willysplan.com\/ca\/tours-barcelona-ca\/tour-de-gaudi-i-modernisme-de-barcelona\" \/>\n<meta property=\"og:locale\" content=\"ca_ES\" \/>\n<meta property=\"og:type\" content=\"article\" \/>\n<meta property=\"og:title\" content=\"Tour de Gaud\u00ed i Modernisme de Barcelona\" \/>\n<meta property=\"og:description\" content=\"Est\u00e0s buscant un tour per les obres de Gaud\u00ed? \u2705 Descobreix ara aquesta excursi\u00f3 sobre el modernisme i les obres de Gaud\u00ed. Entra ara!\" \/>\n<meta property=\"og:url\" content=\"https:\/\/www.willysplan.com\/ca\/tours-barcelona-ca\/tour-de-gaudi-i-modernisme-de-barcelona\" \/>\n<meta property=\"og:site_name\" content=\"Willy&#039;s Plan \ud83c\udf43\" \/>\n<meta property=\"article:published_time\" content=\"2022-12-07T11:33:37+00:00\" \/>\n<meta property=\"article:modified_time\" content=\"2023-07-25T03:45:55+00:00\" \/>\n<meta property=\"og:image\" content=\"https:\/\/www.willysplan.com\/wp-content\/uploads\/2022\/12\/Gaudi-Parc-Guell-2.webp\" \/>\n\t<meta property=\"og:image:width\" content=\"1197\" \/>\n\t<meta property=\"og:image:height\" content=\"843\" \/>\n\t<meta property=\"og:image:type\" content=\"image\/webp\" \/>\n<meta name=\"author\" content=\"admin\" \/>\n<meta name=\"twitter:card\" content=\"summary_large_image\" \/>\n<meta name=\"twitter:label1\" content=\"Escrit per\" \/>\n\t<meta name=\"twitter:data1\" content=\"admin\" \/>\n\t<meta name=\"twitter:label2\" content=\"Temps estimat de lectura\" \/>\n\t<meta name=\"twitter:data2\" content=\"5 minuts\" \/>\n<script type=\"application\/ld+json\" class=\"yoast-schema-graph\">{\"@context\":\"https:\/\/schema.org\",\"@graph\":[{\"@type\":\"Article\",\"@id\":\"https:\/\/www.willysplan.com\/ca\/tours-barcelona-ca\/tour-de-gaudi-i-modernisme-de-barcelona#article\",\"isPartOf\":{\"@id\":\"https:\/\/www.willysplan.com\/ca\/tours-barcelona-ca\/tour-de-gaudi-i-modernisme-de-barcelona\"},\"author\":{\"name\":\"admin\",\"@id\":\"https:\/\/www.willysplan.com\/#\/schema\/person\/58c1527a9a42e9b18a877f14136f1d47\"},\"headline\":\"Tour de Gaud\u00ed i Modernisme de Barcelona\",\"datePublished\":\"2022-12-07T11:33:37+00:00\",\"dateModified\":\"2023-07-25T03:45:55+00:00\",\"mainEntityOfPage\":{\"@id\":\"https:\/\/www.willysplan.com\/ca\/tours-barcelona-ca\/tour-de-gaudi-i-modernisme-de-barcelona\"},\"wordCount\":1059,\"publisher\":{\"@id\":\"https:\/\/www.willysplan.com\/#organization\"},\"image\":{\"@id\":\"https:\/\/www.willysplan.com\/ca\/tours-barcelona-ca\/tour-de-gaudi-i-modernisme-de-barcelona#primaryimage\"},\"thumbnailUrl\":\"https:\/\/www.willysplan.com\/wp-content\/uploads\/2022\/12\/Gaudi-Parc-Guell-2.webp\",\"keywords\":[\"visites guiades barcelona\"],\"articleSection\":[\"tours-barcelona\"],\"inLanguage\":\"ca\"},{\"@type\":\"WebPage\",\"@id\":\"https:\/\/www.willysplan.com\/ca\/tours-barcelona-ca\/tour-de-gaudi-i-modernisme-de-barcelona\",\"url\":\"https:\/\/www.willysplan.com\/ca\/tours-barcelona-ca\/tour-de-gaudi-i-modernisme-de-barcelona\",\"name\":\"Tour de Gaud\u00ed i Modernisme de Barcelona - Willy's Pla \ud83c\udf43\",\"isPartOf\":{\"@id\":\"https:\/\/www.willysplan.com\/#website\"},\"primaryImageOfPage\":{\"@id\":\"https:\/\/www.willysplan.com\/ca\/tours-barcelona-ca\/tour-de-gaudi-i-modernisme-de-barcelona#primaryimage\"},\"image\":{\"@id\":\"https:\/\/www.willysplan.com\/ca\/tours-barcelona-ca\/tour-de-gaudi-i-modernisme-de-barcelona#primaryimage\"},\"thumbnailUrl\":\"https:\/\/www.willysplan.com\/wp-content\/uploads\/2022\/12\/Gaudi-Parc-Guell-2.webp\",\"datePublished\":\"2022-12-07T11:33:37+00:00\",\"dateModified\":\"2023-07-25T03:45:55+00:00\",\"description\":\"Est\u00e0s buscant un tour per les obres de Gaud\u00ed? \u2705 Descobreix ara aquesta excursi\u00f3 sobre el modernisme i les obres de Gaud\u00ed. Entra ara!\",\"inLanguage\":\"ca\",\"potentialAction\":[{\"@type\":\"ReadAction\",\"target\":[\"https:\/\/www.willysplan.com\/ca\/tours-barcelona-ca\/tour-de-gaudi-i-modernisme-de-barcelona\"]}]},{\"@type\":\"ImageObject\",\"inLanguage\":\"ca\",\"@id\":\"https:\/\/www.willysplan.com\/ca\/tours-barcelona-ca\/tour-de-gaudi-i-modernisme-de-barcelona#primaryimage\",\"url\":\"https:\/\/www.willysplan.com\/wp-content\/uploads\/2022\/12\/Gaudi-Parc-Guell-2.webp\",\"contentUrl\":\"https:\/\/www.willysplan.com\/wp-content\/uploads\/2022\/12\/Gaudi-Parc-Guell-2.webp\",\"width\":1197,\"height\":843},{\"@type\":\"WebSite\",\"@id\":\"https:\/\/www.willysplan.com\/#website\",\"url\":\"https:\/\/www.willysplan.com\/\",\"name\":\"Willy&#039;s Plan \ud83c\udf43\",\"description\":\"Escapadas y Planes de fin de semana\",\"publisher\":{\"@id\":\"https:\/\/www.willysplan.com\/#organization\"},\"potentialAction\":[{\"@type\":\"SearchAction\",\"target\":{\"@type\":\"EntryPoint\",\"urlTemplate\":\"https:\/\/www.willysplan.com\/?s={search_term_string}\"},\"query-input\":{\"@type\":\"PropertyValueSpecification\",\"valueRequired\":true,\"valueName\":\"search_term_string\"}}],\"inLanguage\":\"ca\"},{\"@type\":\"Organization\",\"@id\":\"https:\/\/www.willysplan.com\/#organization\",\"name\":\"Willy&#039;s Plan \ud83c\udf43\",\"url\":\"https:\/\/www.willysplan.com\/\",\"logo\":{\"@type\":\"ImageObject\",\"inLanguage\":\"ca\",\"@id\":\"https:\/\/www.willysplan.com\/#\/schema\/logo\/image\/\",\"url\":\"https:\/\/www.willysplan.com\/wp-content\/uploads\/2020\/04\/cropped-logo-1.png\",\"contentUrl\":\"https:\/\/www.willysplan.com\/wp-content\/uploads\/2020\/04\/cropped-logo-1.png\",\"width\":332,\"height\":332,\"caption\":\"Willy&#039;s Plan \ud83c\udf43\"},\"image\":{\"@id\":\"https:\/\/www.willysplan.com\/#\/schema\/logo\/image\/\"}},{\"@type\":\"Person\",\"@id\":\"https:\/\/www.willysplan.com\/#\/schema\/person\/58c1527a9a42e9b18a877f14136f1d47\",\"name\":\"admin\",\"image\":{\"@type\":\"ImageObject\",\"inLanguage\":\"ca\",\"@id\":\"https:\/\/www.willysplan.com\/#\/schema\/person\/image\/\",\"url\":\"https:\/\/secure.gravatar.com\/avatar\/0b8d78e655d83cc71e0a6cd6cb0f0f99929604cd70ff0f7ac1713f248945ea9d?s=96&d=mm&r=g\",\"contentUrl\":\"https:\/\/secure.gravatar.com\/avatar\/0b8d78e655d83cc71e0a6cd6cb0f0f99929604cd70ff0f7ac1713f248945ea9d?s=96&d=mm&r=g\",\"caption\":\"admin\"},\"url\":\"https:\/\/www.willysplan.com\/ca\/author\/admin\"}]}<\/script>\n<!-- \/ Yoast SEO Premium plugin. -->","yoast_head_json":{"title":"Tour de Gaud\u00ed i Modernisme de Barcelona - Willy's Pla \ud83c\udf43","description":"Est\u00e0s buscant un tour per les obres de Gaud\u00ed? \u2705 Descobreix ara aquesta excursi\u00f3 sobre el modernisme i les obres de Gaud\u00ed. Entra ara!","robots":{"index":"index","follow":"follow","max-snippet":"max-snippet:-1","max-image-preview":"max-image-preview:large","max-video-preview":"max-video-preview:-1"},"canonical":"https:\/\/www.willysplan.com\/ca\/tours-barcelona-ca\/tour-de-gaudi-i-modernisme-de-barcelona","og_locale":"ca_ES","og_type":"article","og_title":"Tour de Gaud\u00ed i Modernisme de Barcelona","og_description":"Est\u00e0s buscant un tour per les obres de Gaud\u00ed? \u2705 Descobreix ara aquesta excursi\u00f3 sobre el modernisme i les obres de Gaud\u00ed. Entra ara!","og_url":"https:\/\/www.willysplan.com\/ca\/tours-barcelona-ca\/tour-de-gaudi-i-modernisme-de-barcelona","og_site_name":"Willy&#039;s Plan \ud83c\udf43","article_published_time":"2022-12-07T11:33:37+00:00","article_modified_time":"2023-07-25T03:45:55+00:00","og_image":[{"width":1197,"height":843,"url":"https:\/\/www.willysplan.com\/wp-content\/uploads\/2022\/12\/Gaudi-Parc-Guell-2.webp","type":"image\/webp"}],"author":"admin","twitter_card":"summary_large_image","twitter_misc":{"Escrit per":"admin","Temps estimat de lectura":"5 minuts"},"schema":{"@context":"https:\/\/schema.org","@graph":[{"@type":"Article","@id":"https:\/\/www.willysplan.com\/ca\/tours-barcelona-ca\/tour-de-gaudi-i-modernisme-de-barcelona#article","isPartOf":{"@id":"https:\/\/www.willysplan.com\/ca\/tours-barcelona-ca\/tour-de-gaudi-i-modernisme-de-barcelona"},"author":{"name":"admin","@id":"https:\/\/www.willysplan.com\/#\/schema\/person\/58c1527a9a42e9b18a877f14136f1d47"},"headline":"Tour de Gaud\u00ed i Modernisme de Barcelona","datePublished":"2022-12-07T11:33:37+00:00","dateModified":"2023-07-25T03:45:55+00:00","mainEntityOfPage":{"@id":"https:\/\/www.willysplan.com\/ca\/tours-barcelona-ca\/tour-de-gaudi-i-modernisme-de-barcelona"},"wordCount":1059,"publisher":{"@id":"https:\/\/www.willysplan.com\/#organization"},"image":{"@id":"https:\/\/www.willysplan.com\/ca\/tours-barcelona-ca\/tour-de-gaudi-i-modernisme-de-barcelona#primaryimage"},"thumbnailUrl":"https:\/\/www.willysplan.com\/wp-content\/uploads\/2022\/12\/Gaudi-Parc-Guell-2.webp","keywords":["visites guiades barcelona"],"articleSection":["tours-barcelona"],"inLanguage":"ca"},{"@type":"WebPage","@id":"https:\/\/www.willysplan.com\/ca\/tours-barcelona-ca\/tour-de-gaudi-i-modernisme-de-barcelona","url":"https:\/\/www.willysplan.com\/ca\/tours-barcelona-ca\/tour-de-gaudi-i-modernisme-de-barcelona","name":"Tour de Gaud\u00ed i Modernisme de Barcelona - Willy's Pla \ud83c\udf43","isPartOf":{"@id":"https:\/\/www.willysplan.com\/#website"},"primaryImageOfPage":{"@id":"https:\/\/www.willysplan.com\/ca\/tours-barcelona-ca\/tour-de-gaudi-i-modernisme-de-barcelona#primaryimage"},"image":{"@id":"https:\/\/www.willysplan.com\/ca\/tours-barcelona-ca\/tour-de-gaudi-i-modernisme-de-barcelona#primaryimage"},"thumbnailUrl":"https:\/\/www.willysplan.com\/wp-content\/uploads\/2022\/12\/Gaudi-Parc-Guell-2.webp","datePublished":"2022-12-07T11:33:37+00:00","dateModified":"2023-07-25T03:45:55+00:00","description":"Est\u00e0s buscant un tour per les obres de Gaud\u00ed? \u2705 Descobreix ara aquesta excursi\u00f3 sobre el modernisme i les obres de Gaud\u00ed. Entra ara!","inLanguage":"ca","potentialAction":[{"@type":"ReadAction","target":["https:\/\/www.willysplan.com\/ca\/tours-barcelona-ca\/tour-de-gaudi-i-modernisme-de-barcelona"]}]},{"@type":"ImageObject","inLanguage":"ca","@id":"https:\/\/www.willysplan.com\/ca\/tours-barcelona-ca\/tour-de-gaudi-i-modernisme-de-barcelona#primaryimage","url":"https:\/\/www.willysplan.com\/wp-content\/uploads\/2022\/12\/Gaudi-Parc-Guell-2.webp","contentUrl":"https:\/\/www.willysplan.com\/wp-content\/uploads\/2022\/12\/Gaudi-Parc-Guell-2.webp","width":1197,"height":843},{"@type":"WebSite","@id":"https:\/\/www.willysplan.com\/#website","url":"https:\/\/www.willysplan.com\/","name":"Willy&#039;s Plan \ud83c\udf43","description":"Escapadas y Planes de fin de semana","publisher":{"@id":"https:\/\/www.willysplan.com\/#organization"},"potentialAction":[{"@type":"SearchAction","target":{"@type":"EntryPoint","urlTemplate":"https:\/\/www.willysplan.com\/?s={search_term_string}"},"query-input":{"@type":"PropertyValueSpecification","valueRequired":true,"valueName":"search_term_string"}}],"inLanguage":"ca"},{"@type":"Organization","@id":"https:\/\/www.willysplan.com\/#organization","name":"Willy&#039;s Plan \ud83c\udf43","url":"https:\/\/www.willysplan.com\/","logo":{"@type":"ImageObject","inLanguage":"ca","@id":"https:\/\/www.willysplan.com\/#\/schema\/logo\/image\/","url":"https:\/\/www.willysplan.com\/wp-content\/uploads\/2020\/04\/cropped-logo-1.png","contentUrl":"https:\/\/www.willysplan.com\/wp-content\/uploads\/2020\/04\/cropped-logo-1.png","width":332,"height":332,"caption":"Willy&#039;s Plan \ud83c\udf43"},"image":{"@id":"https:\/\/www.willysplan.com\/#\/schema\/logo\/image\/"}},{"@type":"Person","@id":"https:\/\/www.willysplan.com\/#\/schema\/person\/58c1527a9a42e9b18a877f14136f1d47","name":"admin","image":{"@type":"ImageObject","inLanguage":"ca","@id":"https:\/\/www.willysplan.com\/#\/schema\/person\/image\/","url":"https:\/\/secure.gravatar.com\/avatar\/0b8d78e655d83cc71e0a6cd6cb0f0f99929604cd70ff0f7ac1713f248945ea9d?s=96&d=mm&r=g","contentUrl":"https:\/\/secure.gravatar.com\/avatar\/0b8d78e655d83cc71e0a6cd6cb0f0f99929604cd70ff0f7ac1713f248945ea9d?s=96&d=mm&r=g","caption":"admin"},"url":"https:\/\/www.willysplan.com\/ca\/author\/admin"}]}},"_links":{"self":[{"href":"https:\/\/www.willysplan.com\/ca\/wp-json\/wp\/v2\/posts\/16776","targetHints":{"allow":["GET"]}}],"collection":[{"href":"https:\/\/www.willysplan.com\/ca\/wp-json\/wp\/v2\/posts"}],"about":[{"href":"https:\/\/www.willysplan.com\/ca\/wp-json\/wp\/v2\/types\/post"}],"author":[{"embeddable":true,"href":"https:\/\/www.willysplan.com\/ca\/wp-json\/wp\/v2\/users\/1"}],"replies":[{"embeddable":true,"href":"https:\/\/www.willysplan.com\/ca\/wp-json\/wp\/v2\/comments?post=16776"}],"version-history":[{"count":11,"href":"https:\/\/www.willysplan.com\/ca\/wp-json\/wp\/v2\/posts\/16776\/revisions"}],"predecessor-version":[{"id":21592,"href":"https:\/\/www.willysplan.com\/ca\/wp-json\/wp\/v2\/posts\/16776\/revisions\/21592"}],"wp:featuredmedia":[{"embeddable":true,"href":"https:\/\/www.willysplan.com\/ca\/wp-json\/wp\/v2\/media\/15407"}],"wp:attachment":[{"href":"https:\/\/www.willysplan.com\/ca\/wp-json\/wp\/v2\/media?parent=16776"}],"wp:term":[{"taxonomy":"category","embeddable":true,"href":"https:\/\/www.willysplan.com\/ca\/wp-json\/wp\/v2\/categories?post=16776"},{"taxonomy":"post_tag","embeddable":true,"href":"https:\/\/www.willysplan.com\/ca\/wp-json\/wp\/v2\/tags?post=16776"}],"curies":[{"name":"wp","href":"https:\/\/api.w.org\/{rel}","templated":true}]}}