{"id":16752,"date":"2022-11-28T11:30:33","date_gmt":"2022-11-28T10:30:33","guid":{"rendered":"https:\/\/willysplan.com\/uncategorized-ca\/excursio-per-les-3-nacions"},"modified":"2023-10-27T17:33:50","modified_gmt":"2023-10-27T16:33:50","slug":"excursio-per-les-3-nacions","status":"publish","type":"post","link":"https:\/\/www.willysplan.com\/ca\/tours-privados-andorra\/excursio-per-les-3-nacions","title":{"rendered":"Excursi\u00f3 per les 3 nacions"},"content":{"rendered":"\t\t<div data-elementor-type=\"wp-post\" data-elementor-id=\"16752\" class=\"elementor elementor-16752 elementor-10735\" data-elementor-post-type=\"post\">\n\t\t\t\t\t\t<section class=\"elementor-section elementor-top-section elementor-element elementor-element-671cd3c elementor-section-boxed elementor-section-height-default elementor-section-height-default\" data-id=\"671cd3c\" data-element_type=\"section\">\n\t\t\t\t\t\t<div class=\"elementor-container elementor-column-gap-default\">\n\t\t\t\t\t<div class=\"elementor-column elementor-col-100 elementor-top-column elementor-element elementor-element-eaffc38\" data-id=\"eaffc38\" data-element_type=\"column\">\n\t\t\t<div class=\"elementor-widget-wrap elementor-element-populated\">\n\t\t\t\t\t\t<div class=\"elementor-element elementor-element-ac561a4 elementor-widget elementor-widget-text-editor\" data-id=\"ac561a4\" data-element_type=\"widget\" data-widget_type=\"text-editor.default\">\n\t\t\t\t<div class=\"elementor-widget-container\">\n\t\t\t\t\t\t\t\t\t<p><b>Est\u00e0s cercant una excursi\u00f3 per les 3 nacions (Catalunya, Andorra i Fran\u00e7a) en un mateix dia? Coneix els paisatges naturals m\u00e9s impressionants de les tres regions.<\/b><\/p>\n<p><b>Els Pirineus<\/b><span style=\"font-weight: 400;\"> s\u00f3n una serralada muntanyosa situada entre Catalunya i Fran\u00e7a, on tamb\u00e9 hi ha amagat el petit principat d&#8217;Andorra. \u00c9s un enclavament que configura un patrimoni natural i cultural realment impressionant. <\/span><b>Els paisatges<\/b> <span style=\"font-weight: 400;\">d&#8217;aquesta zona es caracteritzen per una extraordin\u00e0ria diversitat geol\u00f2gica i una rica fauna i flora que ho omple tot.<\/span><\/p>\n<p><span style=\"font-weight: 400;\">A m\u00e9s del seu encant natural, els Pirineus expliquen algunes de les hist\u00f2ries m\u00e9s importants de l&#8217;occident d&#8217;Europa, producte de la <\/span><b>barreja de cultures.<\/b><span style=\"font-weight: 400;\"> El llegat d&#8217;esgl\u00e9sies, castells, ponts, museus i altres joies patrimonials \u00e9s digne de con\u00e8ixer a trav\u00e9s d&#8217;un guia local que us descobreixi tots els secrets que s&#8217;amaguen darrere del que esteu veient amb els vostres ulls.<\/span><\/p>\n\t\t\t\t\t\t\t\t<\/div>\n\t\t\t\t<\/div>\n\t\t\t\t\t<\/div>\n\t\t<\/div>\n\t\t\t\t\t<\/div>\n\t\t<\/section>\n\t\t\t\t<section class=\"elementor-section elementor-top-section elementor-element elementor-element-335e9f2 elementor-section-boxed elementor-section-height-default elementor-section-height-default\" data-id=\"335e9f2\" data-element_type=\"section\">\n\t\t\t\t\t\t<div class=\"elementor-container elementor-column-gap-default\">\n\t\t\t\t\t<div class=\"elementor-column elementor-col-100 elementor-top-column elementor-element elementor-element-226edaa\" data-id=\"226edaa\" data-element_type=\"column\">\n\t\t\t<div class=\"elementor-widget-wrap elementor-element-populated\">\n\t\t\t\t\t\t<div class=\"elementor-element elementor-element-1b51121 elementor-align-center elementor-widget elementor-widget-button\" data-id=\"1b51121\" data-element_type=\"widget\" data-widget_type=\"button.default\">\n\t\t\t\t<div class=\"elementor-widget-container\">\n\t\t\t\t\t\t\t\t\t<div class=\"elementor-button-wrapper\">\n\t\t\t\t\t<a class=\"elementor-button elementor-button-link elementor-size-sm\" href=\"#booking\" target=\"_blank\" rel=\"nofollow\">\n\t\t\t\t\t\t<span class=\"elementor-button-content-wrapper\">\n\t\t\t\t\t\t\t\t\t<span class=\"elementor-button-text\">RESERVAR ARA<\/span>\n\t\t\t\t\t<\/span>\n\t\t\t\t\t<\/a>\n\t\t\t\t<\/div>\n\t\t\t\t\t\t\t\t<\/div>\n\t\t\t\t<\/div>\n\t\t\t\t\t<\/div>\n\t\t<\/div>\n\t\t\t\t\t<\/div>\n\t\t<\/section>\n\t\t\t\t<section class=\"elementor-section elementor-top-section elementor-element elementor-element-2057d76 elementor-section-boxed elementor-section-height-default elementor-section-height-default\" data-id=\"2057d76\" data-element_type=\"section\">\n\t\t\t\t\t\t<div class=\"elementor-container elementor-column-gap-default\">\n\t\t\t\t\t<div class=\"elementor-column elementor-col-100 elementor-top-column elementor-element elementor-element-6f93a43\" data-id=\"6f93a43\" data-element_type=\"column\">\n\t\t\t<div class=\"elementor-widget-wrap elementor-element-populated\">\n\t\t\t\t\t\t<div class=\"elementor-element elementor-element-6f7dc84 elementor-widget elementor-widget-spacer\" data-id=\"6f7dc84\" data-element_type=\"widget\" data-widget_type=\"spacer.default\">\n\t\t\t\t<div class=\"elementor-widget-container\">\n\t\t\t\t\t\t\t<div class=\"elementor-spacer\">\n\t\t\t<div class=\"elementor-spacer-inner\"><\/div>\n\t\t<\/div>\n\t\t\t\t\t\t<\/div>\n\t\t\t\t<\/div>\n\t\t\t\t\t<\/div>\n\t\t<\/div>\n\t\t\t\t\t<\/div>\n\t\t<\/section>\n\t\t\t\t<section class=\"elementor-section elementor-top-section elementor-element elementor-element-914b89c elementor-section-boxed elementor-section-height-default elementor-section-height-default\" data-id=\"914b89c\" data-element_type=\"section\">\n\t\t\t\t\t\t<div class=\"elementor-container elementor-column-gap-default\">\n\t\t\t\t\t<div class=\"elementor-column elementor-col-100 elementor-top-column elementor-element elementor-element-2085e8e\" data-id=\"2085e8e\" data-element_type=\"column\">\n\t\t\t<div class=\"elementor-widget-wrap elementor-element-populated\">\n\t\t\t\t\t\t<div class=\"elementor-element elementor-element-a6f0b02 elementor-skin-carousel elementor-arrows-yes elementor-pagination-type-bullets elementor-pagination-position-outside elementor-widget elementor-widget-media-carousel\" data-id=\"a6f0b02\" data-element_type=\"widget\" data-settings=\"{&quot;skin&quot;:&quot;carousel&quot;,&quot;effect&quot;:&quot;slide&quot;,&quot;show_arrows&quot;:&quot;yes&quot;,&quot;pagination&quot;:&quot;bullets&quot;,&quot;speed&quot;:500,&quot;autoplay&quot;:&quot;yes&quot;,&quot;autoplay_speed&quot;:5000,&quot;loop&quot;:&quot;yes&quot;,&quot;pause_on_hover&quot;:&quot;yes&quot;,&quot;pause_on_interaction&quot;:&quot;yes&quot;,&quot;space_between&quot;:{&quot;unit&quot;:&quot;px&quot;,&quot;size&quot;:10,&quot;sizes&quot;:[]},&quot;space_between_tablet&quot;:{&quot;unit&quot;:&quot;px&quot;,&quot;size&quot;:10,&quot;sizes&quot;:[]},&quot;space_between_mobile&quot;:{&quot;unit&quot;:&quot;px&quot;,&quot;size&quot;:10,&quot;sizes&quot;:[]}}\" data-widget_type=\"media-carousel.default\">\n\t\t\t\t<div class=\"elementor-widget-container\">\n\t\t\t\t\t\t\t\t\t<div class=\"elementor-swiper\">\n\t\t\t\t\t<div class=\"elementor-main-swiper swiper\" role=\"region\" aria-roledescription=\"carousel\" aria-label=\"Diapositives\">\n\t\t\t\t<div class=\"swiper-wrapper\">\n\t\t\t\t\t\t\t\t\t\t\t<div class=\"swiper-slide\" role=\"group\" aria-roledescription=\"slide\">\n\t\t\t\t\t\t\t\t\t<div class=\"elementor-carousel-image\" role=\"img\" aria-label=\"Andorra - Puigcerda\" style=\"background-image: url(&#039;https:\/\/www.willysplan.com\/wp-content\/uploads\/2022\/11\/Andorra-Puigcerda.webp&#039;)\">\n\n\t\t\t\n\t\t\t\t\t<\/div>\n\t\t\t\t\t\t\t\t<\/div>\n\t\t\t\t\t\t\t\t\t\t\t<div class=\"swiper-slide\" role=\"group\" aria-roledescription=\"slide\">\n\t\t\t\t\t\t\t\t\t<div class=\"elementor-carousel-image\" role=\"img\" aria-label=\"Andorra - Seu Urgell\" style=\"background-image: url(&#039;https:\/\/www.willysplan.com\/wp-content\/uploads\/2022\/11\/Andorra-Seu-Urgell.webp&#039;)\">\n\n\t\t\t\n\t\t\t\t\t<\/div>\n\t\t\t\t\t\t\t\t<\/div>\n\t\t\t\t\t\t\t\t\t\t\t<div class=\"swiper-slide\" role=\"group\" aria-roledescription=\"slide\">\n\t\t\t\t\t\t\t\t\t<div class=\"elementor-carousel-image\" role=\"img\" aria-label=\"Andorra - Mont Luis\" style=\"background-image: url(&#039;https:\/\/www.willysplan.com\/wp-content\/uploads\/2022\/11\/Andorra-Mont-Luis.webp&#039;)\">\n\n\t\t\t\n\t\t\t\t\t<\/div>\n\t\t\t\t\t\t\t\t<\/div>\n\t\t\t\t\t\t\t\t\t\t\t<div class=\"swiper-slide\" role=\"group\" aria-roledescription=\"slide\">\n\t\t\t\t\t\t\t\t\t<div class=\"elementor-carousel-image\" role=\"img\" aria-label=\"Andorra - Font Romeu\" style=\"background-image: url(&#039;https:\/\/www.willysplan.com\/wp-content\/uploads\/2022\/11\/Andorra-Font-Romeu.webp&#039;)\">\n\n\t\t\t\n\t\t\t\t\t<\/div>\n\t\t\t\t\t\t\t\t<\/div>\n\t\t\t\t\t\t\t\t\t<\/div>\n\t\t\t\t\t\t\t\t\t\t\t\t\t\t\t<div class=\"elementor-swiper-button elementor-swiper-button-prev\" role=\"button\" tabindex=\"0\" aria-label=\"Previous\">\n\t\t\t\t\t\t\t<i aria-hidden=\"true\" class=\"eicon-chevron-left\"><\/i>\t\t\t\t\t\t<\/div>\n\t\t\t\t\t\t<div class=\"elementor-swiper-button elementor-swiper-button-next\" role=\"button\" tabindex=\"0\" aria-label=\"Next\">\n\t\t\t\t\t\t\t<i aria-hidden=\"true\" class=\"eicon-chevron-right\"><\/i>\t\t\t\t\t\t<\/div>\n\t\t\t\t\t\t\t\t\t\t\t\t\t\t\t\t<div class=\"swiper-pagination\"><\/div>\n\t\t\t\t\t\t\t\t\t\t\t\t<\/div>\n\t\t\t\t<\/div>\n\t\t\t\t\t\t\t\t<\/div>\n\t\t\t\t<\/div>\n\t\t\t\t\t<\/div>\n\t\t<\/div>\n\t\t\t\t\t<\/div>\n\t\t<\/section>\n\t\t\t\t<section class=\"elementor-section elementor-top-section elementor-element elementor-element-fe95874 elementor-section-boxed elementor-section-height-default elementor-section-height-default\" data-id=\"fe95874\" data-element_type=\"section\">\n\t\t\t\t\t\t<div class=\"elementor-container elementor-column-gap-default\">\n\t\t\t\t\t<div class=\"elementor-column elementor-col-25 elementor-top-column elementor-element elementor-element-0248bba\" data-id=\"0248bba\" data-element_type=\"column\">\n\t\t\t<div class=\"elementor-widget-wrap elementor-element-populated\">\n\t\t\t\t\t\t<div class=\"elementor-element elementor-element-c5a86ef elementor-widget__width-auto elementor-widget elementor-widget-text-editor\" data-id=\"c5a86ef\" data-element_type=\"widget\" data-widget_type=\"text-editor.default\">\n\t\t\t\t<div class=\"elementor-widget-container\">\n\t\t\t\t\t\t\t\t\t<p><b>Valoraci\u00f3 del tour:<\/b><\/p>\n\t\t\t\t\t\t\t\t<\/div>\n\t\t\t\t<\/div>\n\t\t\t\t<div class=\"elementor-element elementor-element-39fc476 elementor-star-rating-mobile--align-start elementor--star-style-star_fontawesome elementor-widget elementor-widget-star-rating\" data-id=\"39fc476\" data-element_type=\"widget\" data-widget_type=\"star-rating.default\">\n\t\t\t\t<div class=\"elementor-widget-container\">\n\t\t\t\t\t\t\t<div class=\"elementor-star-rating__wrapper\">\n\t\t\t\t\t\t<div class=\"elementor-star-rating\" itemtype=\"http:\/\/schema.org\/Rating\" itemscope=\"\" itemprop=\"reviewRating\">\n\t\t\t\t<i class=\"elementor-star-full\" aria-hidden=\"true\">&#xE934;<\/i><i class=\"elementor-star-full\" aria-hidden=\"true\">&#xE934;<\/i><i class=\"elementor-star-full\" aria-hidden=\"true\">&#xE934;<\/i><i class=\"elementor-star-full\" aria-hidden=\"true\">&#xE934;<\/i><i class=\"elementor-star-full\" aria-hidden=\"true\">&#xE934;<\/i>\t\t\t\t<span itemprop=\"ratingValue\" class=\"elementor-screen-only\">Valorat 5 de 5<\/span>\n\t\t\t<\/div>\n\t\t<\/div>\n\t\t\t\t\t\t<\/div>\n\t\t\t\t<\/div>\n\t\t\t\t\t<\/div>\n\t\t<\/div>\n\t\t\t\t<div class=\"elementor-column elementor-col-25 elementor-top-column elementor-element elementor-element-06a8fff\" data-id=\"06a8fff\" data-element_type=\"column\">\n\t\t\t<div class=\"elementor-widget-wrap elementor-element-populated\">\n\t\t\t\t\t\t<div class=\"elementor-element elementor-element-40390a5 elementor-widget elementor-widget-text-editor\" data-id=\"40390a5\" data-element_type=\"widget\" data-widget_type=\"text-editor.default\">\n\t\t\t\t<div class=\"elementor-widget-container\">\n\t\t\t\t\t\t\t\t\t<p><b>Durada<\/b><img decoding=\"async\" class=\"emoji\" role=\"img\" draggable=\"false\" src=\"https:\/\/s.w.org\/images\/core\/emoji\/13.1.0\/svg\/231b.svg\" alt=\"\u231b\"> <b>:<\/b> 8 <span style=\"color: var( --e-global-color-text ); font-family: var( --e-global-typography-text-font-family ); font-weight: var( --e-global-typography-text-font-weight ); background-color: var(--nv-site-bg);\">hs<\/span><\/p>\n\t\t\t\t\t\t\t\t<\/div>\n\t\t\t\t<\/div>\n\t\t\t\t\t<\/div>\n\t\t<\/div>\n\t\t\t\t<div class=\"elementor-column elementor-col-25 elementor-top-column elementor-element elementor-element-e74ed3c\" data-id=\"e74ed3c\" data-element_type=\"column\">\n\t\t\t<div class=\"elementor-widget-wrap elementor-element-populated\">\n\t\t\t\t\t\t<div class=\"elementor-element elementor-element-a5f7b69 elementor-widget elementor-widget-text-editor\" data-id=\"a5f7b69\" data-element_type=\"widget\" data-widget_type=\"text-editor.default\">\n\t\t\t\t<div class=\"elementor-widget-container\">\n\t\t\t\t\t\t\t\t\t<p><b>Idiomes disponibles:<\/b> Itali\u00e0, E<span style=\"font-weight: 400;\">spanyol, Angl\u00e8s, Franc\u00e8s i Catal\u00e0.<\/span><\/p>\n\t\t\t\t\t\t\t\t<\/div>\n\t\t\t\t<\/div>\n\t\t\t\t\t<\/div>\n\t\t<\/div>\n\t\t\t\t<div class=\"elementor-column elementor-col-25 elementor-top-column elementor-element elementor-element-c3a5904\" data-id=\"c3a5904\" data-element_type=\"column\">\n\t\t\t<div class=\"elementor-widget-wrap elementor-element-populated\">\n\t\t\t\t\t\t<div class=\"elementor-element elementor-element-00426ba elementor-widget elementor-widget-text-editor\" data-id=\"00426ba\" data-element_type=\"widget\" data-widget_type=\"text-editor.default\">\n\t\t\t\t<div class=\"elementor-widget-container\">\n\t\t\t\t\t\t\t\t\t<p><b>Tipus de tour:<\/b> <a href=\"https:\/\/www.willysplan.com\/ca\/tours-i-excursions-per-andorra\">Tours per Andorra<\/a><\/p>\n\t\t\t\t\t\t\t\t<\/div>\n\t\t\t\t<\/div>\n\t\t\t\t\t<\/div>\n\t\t<\/div>\n\t\t\t\t\t<\/div>\n\t\t<\/section>\n\t\t\t\t<section class=\"elementor-section elementor-top-section elementor-element elementor-element-b0a3ed7 elementor-section-boxed elementor-section-height-default elementor-section-height-default\" data-id=\"b0a3ed7\" data-element_type=\"section\">\n\t\t\t\t\t\t<div class=\"elementor-container elementor-column-gap-default\">\n\t\t\t\t\t<div class=\"elementor-column elementor-col-100 elementor-top-column elementor-element elementor-element-e9ebedf\" data-id=\"e9ebedf\" data-element_type=\"column\">\n\t\t\t<div class=\"elementor-widget-wrap elementor-element-populated\">\n\t\t\t\t\t\t<div class=\"elementor-element elementor-element-89c1066 elementor-widget elementor-widget-accordion\" data-id=\"89c1066\" data-element_type=\"widget\" data-widget_type=\"accordion.default\">\n\t\t\t\t<div class=\"elementor-widget-container\">\n\t\t\t\t\t\t\t<div class=\"elementor-accordion\">\n\t\t\t\t\t\t\t<div class=\"elementor-accordion-item\">\n\t\t\t\t\t<div id=\"elementor-tab-title-1441\" class=\"elementor-tab-title\" data-tab=\"1\" role=\"button\" aria-controls=\"elementor-tab-content-1441\" aria-expanded=\"false\">\n\t\t\t\t\t\t\t\t\t\t\t\t\t<span class=\"elementor-accordion-icon elementor-accordion-icon-left\" aria-hidden=\"true\">\n\t\t\t\t\t\t\t\t\t\t\t\t\t\t\t<span class=\"elementor-accordion-icon-closed\"><i class=\"fas fa-plus\"><\/i><\/span>\n\t\t\t\t\t\t\t\t<span class=\"elementor-accordion-icon-opened\"><i class=\"fas fa-minus\"><\/i><\/span>\n\t\t\t\t\t\t\t\t\t\t\t\t\t\t<\/span>\n\t\t\t\t\t\t\t\t\t\t\t\t<a class=\"elementor-accordion-title\" tabindex=\"0\"><h2>Descripci\u00f3 del tour<\/h2><\/a>\n\t\t\t\t\t<\/div>\n\t\t\t\t\t<div id=\"elementor-tab-content-1441\" class=\"elementor-tab-content elementor-clearfix\" data-tab=\"1\" role=\"region\" aria-labelledby=\"elementor-tab-title-1441\"><p><span style=\"font-weight: 400;\">Aquest tour \u00e9s una experi\u00e8ncia molt completa per<\/span> <b>explorar els encants d&#8217;Andorra i els seus dos pa\u00efsos ve\u00efns<\/b><span style=\"font-weight: 400;\">, a la recerca de la m\u00e0xima bellesa natural. L\u00b4excursi\u00f3 comen\u00e7ar\u00e0 a Andorra i, a trav\u00e9s d\u00b4un transport privat, el guia us portar\u00e0 cap al sud, en direcci\u00f3 al Pirineu Catal\u00e0. <\/span><\/p>\n<p><span style=\"font-weight: 400;\">Al llarg de tot el dia podr\u00e0s descobrir paisatges impressionants on t&#8217;adonar\u00e0s de la<\/span> <b>natura salvatge<\/b><span style=\"font-weight: 400;\"> que envolta el principat d&#8217;Andorra. La ruta tornar\u00e0 a creuar la frontera, aquest cop per arribar a Fran\u00e7a, on continuar\u00e0s coneixent aquest entorn m\u00e0gic. Finalment, tornareu al Principat per acabar el vostre recorregut. <\/span><\/p>\n<\/div>\n\t\t\t\t<\/div>\n\t\t\t\t\t\t\t<div class=\"elementor-accordion-item\">\n\t\t\t\t\t<div id=\"elementor-tab-title-1442\" class=\"elementor-tab-title\" data-tab=\"2\" role=\"button\" aria-controls=\"elementor-tab-content-1442\" aria-expanded=\"false\">\n\t\t\t\t\t\t\t\t\t\t\t\t\t<span class=\"elementor-accordion-icon elementor-accordion-icon-left\" aria-hidden=\"true\">\n\t\t\t\t\t\t\t\t\t\t\t\t\t\t\t<span class=\"elementor-accordion-icon-closed\"><i class=\"fas fa-plus\"><\/i><\/span>\n\t\t\t\t\t\t\t\t<span class=\"elementor-accordion-icon-opened\"><i class=\"fas fa-minus\"><\/i><\/span>\n\t\t\t\t\t\t\t\t\t\t\t\t\t\t<\/span>\n\t\t\t\t\t\t\t\t\t\t\t\t<a class=\"elementor-accordion-title\" tabindex=\"0\"><h2>Preus<\/h2><\/a>\n\t\t\t\t\t<\/div>\n\t\t\t\t\t<div id=\"elementor-tab-content-1442\" class=\"elementor-tab-content elementor-clearfix\" data-tab=\"2\" role=\"region\" aria-labelledby=\"elementor-tab-title-1442\"><p><span style=\"font-weight: 400;\">El preu de l&#8217;excursi\u00f3 dependr\u00e0 del lloc de sortida i dels participants:<br \/><\/span><\/p>\n<table dir=\"ltr\" border=\"1\" cellspacing=\"0\" cellpadding=\"0\">\n<colgroup>\n<col width=\"154\">\n<col width=\"154\">\n<col width=\"155\">\n<col width=\"155\">\n<col width=\"137\"><\/colgroup>\n<tbody>\n<tr>\n<td colspan=\"1\" rowspan=\"2\" data-sheets-value=\"{\"1\":2,\"2\":\"Salida desde\"}\">\n<div>Sortida des<\/div>\n<\/td>\n<td colspan=\"2\" rowspan=\"1\" data-sheets-value=\"{\"1\":2,\"2\":\"Hasta 4 personas\"}\">Fins a 4 persones<\/td>\n<td colspan=\"2\" rowspan=\"1\" data-sheets-value=\"{\"1\":2,\"2\":\"5 o + personas\"}\">5 o + persones<\/td>\n<\/tr>\n<tr>\n<td data-sheets-value=\"{\"1\":2,\"2\":\"Transporte propio*\"}\">Transport propi*<\/td>\n<td data-sheets-value=\"{\"1\":2,\"2\":\"Transporte Incluido*\"}\">Transport Incl\u00f2s*<\/td>\n<td data-sheets-value=\"{\"1\":2,\"2\":\"Transporte propio*\"}\">Transport propi*<\/td>\n<td data-sheets-value=\"{\"1\":2,\"2\":\"Transporte Incluido*\"}\">Transport Incl\u00f2s*<\/td>\n<\/tr>\n<tr>\n<td data-sheets-value=\"{\"1\":2,\"2\":\"Andorra\"}\">Andorra<\/td>\n<td colspan=\"1\" rowspan=\"2\" data-sheets-value=\"{\"1\":3,\"3\":699}\" data-sheets-numberformat=\"{\"1\":4,\"2\":\"#,##0\\\"\u20ac\\\"\",\"3\":1}\">\n<div>699\u20ac<\/div>\n<\/td>\n<td colspan=\"1\" rowspan=\"2\" data-sheets-value=\"{\"1\":3,\"3\":990}\" data-sheets-numberformat=\"{\"1\":4,\"2\":\"#,##0\\\"\u20ac\\\"\",\"3\":1}\">\n<div>990\u20ac<\/div>\n<\/td>\n<td colspan=\"1\" rowspan=\"2\" data-sheets-value=\"{\"1\":3,\"3\":699}\" data-sheets-numberformat=\"{\"1\":4,\"2\":\"#,##0\\\"\u20ac\\\"\",\"3\":1}\">\n<div>699\u20ac<\/div>\n<\/td>\n<td colspan=\"1\" rowspan=\"2\" data-sheets-value=\"{\"1\":2,\"2\":\"A consultar*\"}\">\n<div>A consultar*<\/div>\n<\/td>\n<\/tr>\n<tr>\n<td data-sheets-value=\"{\"1\":2,\"2\":\"Puigcerd\u00e0\"}\">Puigcerd\u00e0<\/td>\n<\/tr>\n<tr>\n<td data-sheets-value=\"{\"1\":2,\"2\":\"Barcelona\"}\">Barcelona<\/td>\n<td colspan=\"2\" rowspan=\"1\" data-sheets-value=\"{\"1\":2,\"2\":\"A consultar*\"}\">A consultar*<\/td>\n<td colspan=\"2\" rowspan=\"1\" data-sheets-value=\"{\"1\":2,\"2\":\"A consultar*\"}\">A consultar*<\/td>\n<\/tr>\n<\/tbody>\n<\/table>\n<p><b>*El transport<\/b> <span>el podem posar nosaltres amb un suplement a especificar en el moment de la contractaci\u00f3 del servei, o b\u00e9 el client pot portar\/contractar el vehicle pel seu compte (en aquesta segona opci\u00f3, cal reservar una pla\u00e7a per al guia).<\/span><\/p>\n<ul>\n<li style=\"font-weight: 400;\" aria-level=\"1\"><b>*Transport propi:<\/b> <span style=\"font-weight: 400;\">El client posa el transport, tenint en compte que hi ha una pla\u00e7a lliure per al guia.<\/span><\/li>\n<li style=\"font-weight: 400;\" aria-level=\"1\"><b>*Transport incl\u00f2s:<\/b> <span style=\"font-weight: 400;\">El guia posa el transport.<\/span><\/li>\n<li style=\"font-weight: 400;\" aria-level=\"1\"><b>*5 o + persones:<\/b> <span style=\"font-weight: 400;\">La ruta per a 5 o m\u00e9s persones amb transport, t\u00e9 un preu de 699\u20ac (cost de la ruta) amb el preu del transport a part (dependr\u00e0 del nombre de participants).<\/span><\/li>\n<\/ul>\n<p><b>*A consultar:<\/b> <span style=\"font-weight: 400;\">Contactar amb nosaltres mitjan\u00e7ant formulari o email a<\/span> <a href=\"mailto:help@willysplan.com\"><span style=\"font-weight: 400;\">help@willysplan.com<\/span><\/a> <span style=\"font-weight: 400;\">per consultar el preu de la sortida des de Barcelona o del transport per a 5 o + persones.<\/span><\/p>\n<p><b><i>Important: Els dies 25 de desembre, 1 de gener, 14 de mar\u00e7 i 8 de setembre, el preu ser\u00e0 el doble de l&#8217;indicat.<\/i><\/b><\/p>\n<\/div>\n\t\t\t\t<\/div>\n\t\t\t\t\t\t\t<div class=\"elementor-accordion-item\">\n\t\t\t\t\t<div id=\"elementor-tab-title-1443\" class=\"elementor-tab-title\" data-tab=\"3\" role=\"button\" aria-controls=\"elementor-tab-content-1443\" aria-expanded=\"false\">\n\t\t\t\t\t\t\t\t\t\t\t\t\t<span class=\"elementor-accordion-icon elementor-accordion-icon-left\" aria-hidden=\"true\">\n\t\t\t\t\t\t\t\t\t\t\t\t\t\t\t<span class=\"elementor-accordion-icon-closed\"><i class=\"fas fa-plus\"><\/i><\/span>\n\t\t\t\t\t\t\t\t<span class=\"elementor-accordion-icon-opened\"><i class=\"fas fa-minus\"><\/i><\/span>\n\t\t\t\t\t\t\t\t\t\t\t\t\t\t<\/span>\n\t\t\t\t\t\t\t\t\t\t\t\t<a class=\"elementor-accordion-title\" tabindex=\"0\"><h2>Qu\u00e8 visitarem?<\/h2><\/a>\n\t\t\t\t\t<\/div>\n\t\t\t\t\t<div id=\"elementor-tab-content-1443\" class=\"elementor-tab-content elementor-clearfix\" data-tab=\"3\" role=\"region\" aria-labelledby=\"elementor-tab-title-1443\"><p><span style=\"font-weight: 400;\">Durant el cam\u00ed veur\u00e0s quatre llocs diferents on podr\u00e0s aprendre sobre la<\/span> <b>hist\u00f2ria local dels tres pa\u00efsos d&#8217;Andorra, Espanya i Fran\u00e7a<\/b><span style=\"font-weight: 400;\">. El temps m\u00e0xim de viatge entre les parades \u00e9s flexible a la demanda dels viatgers.<\/span><\/p>\n<p><span style=\"font-weight: 400;\">Aquests s\u00f3n els punts en qu\u00e8 el guia us donar\u00e0 les explicacions que us permetran con\u00e8ixer els Pirineus en tota la seva ess\u00e8ncia:<\/span><\/p>\n<ul>\n<li style=\"font-weight: 400;\" aria-level=\"1\"><span style=\"font-weight: 400;\">La Seu d&#8217;Urgell (parada per visitar el lloc + explicaci\u00f3)<\/span><\/li>\n<li style=\"font-weight: 400;\" aria-level=\"1\"><span style=\"font-weight: 400;\">Puigcerd\u00e0 (parada per visitar el lloc + explicaci\u00f3)<\/span><\/li>\n<li style=\"font-weight: 400;\" aria-level=\"1\"><span style=\"font-weight: 400;\">Mont-Louis (parada per visitar el lloc + explicaci\u00f3)<\/span><\/li>\n<li style=\"font-weight: 400;\" aria-level=\"1\"><span style=\"font-weight: 400;\">Font-Romeu (parada per visitar el lloc + explicaci\u00f3)<\/span><\/li>\n<\/ul>\n<\/div>\n\t\t\t\t<\/div>\n\t\t\t\t\t\t\t<div class=\"elementor-accordion-item\">\n\t\t\t\t\t<div id=\"elementor-tab-title-1444\" class=\"elementor-tab-title\" data-tab=\"4\" role=\"button\" aria-controls=\"elementor-tab-content-1444\" aria-expanded=\"false\">\n\t\t\t\t\t\t\t\t\t\t\t\t\t<span class=\"elementor-accordion-icon elementor-accordion-icon-left\" aria-hidden=\"true\">\n\t\t\t\t\t\t\t\t\t\t\t\t\t\t\t<span class=\"elementor-accordion-icon-closed\"><i class=\"fas fa-plus\"><\/i><\/span>\n\t\t\t\t\t\t\t\t<span class=\"elementor-accordion-icon-opened\"><i class=\"fas fa-minus\"><\/i><\/span>\n\t\t\t\t\t\t\t\t\t\t\t\t\t\t<\/span>\n\t\t\t\t\t\t\t\t\t\t\t\t<a class=\"elementor-accordion-title\" tabindex=\"0\"><h2>Horaris del tour<\/h2><\/a>\n\t\t\t\t\t<\/div>\n\t\t\t\t\t<div id=\"elementor-tab-content-1444\" class=\"elementor-tab-content elementor-clearfix\" data-tab=\"4\" role=\"region\" aria-labelledby=\"elementor-tab-title-1444\"><p>Com que les visites s\u00f3n 100% fetes a mida, es poden iniciar en el moment que el client ho decideixi. Tot i aix\u00ed, si voleu fer puja i baixa des de Barcelona amb tren comen\u00e7ant el recorregut des de Puigcerd\u00e0, us recomanem la seg\u00fcent franja hor\u00e0ria, per tal de tenir temps per agafar el tren de tornada a Barcelona.<\/p><ul><li><strong>Al mat\u00ed:<\/strong> 09:00h<\/li><\/ul><\/div>\n\t\t\t\t<\/div>\n\t\t\t\t\t\t\t<div class=\"elementor-accordion-item\">\n\t\t\t\t\t<div id=\"elementor-tab-title-1445\" class=\"elementor-tab-title\" data-tab=\"5\" role=\"button\" aria-controls=\"elementor-tab-content-1445\" aria-expanded=\"false\">\n\t\t\t\t\t\t\t\t\t\t\t\t\t<span class=\"elementor-accordion-icon elementor-accordion-icon-left\" aria-hidden=\"true\">\n\t\t\t\t\t\t\t\t\t\t\t\t\t\t\t<span class=\"elementor-accordion-icon-closed\"><i class=\"fas fa-plus\"><\/i><\/span>\n\t\t\t\t\t\t\t\t<span class=\"elementor-accordion-icon-opened\"><i class=\"fas fa-minus\"><\/i><\/span>\n\t\t\t\t\t\t\t\t\t\t\t\t\t\t<\/span>\n\t\t\t\t\t\t\t\t\t\t\t\t<a class=\"elementor-accordion-title\" tabindex=\"0\"><h2>Pol\u00edtiques de cancel\u00b7laci\u00f3<\/h2><\/a>\n\t\t\t\t\t<\/div>\n\t\t\t\t\t<div id=\"elementor-tab-content-1445\" class=\"elementor-tab-content elementor-clearfix\" data-tab=\"5\" role=\"region\" aria-labelledby=\"elementor-tab-title-1445\"><p><b>La cancel\u00b7laci\u00f3 d&#8217;aquest tour \u00e9s totalment gratu\u00efta,<\/b><span style=\"font-weight: 400;\"> sempre que ho feu fins a 48 hores abans de l&#8217;activitat. Si cancel\u00b7les a menys de les 48 hores per al tour o no et presentes, no se&#8217;t tornaran els diners.<\/span><\/p>\n<\/div>\n\t\t\t\t<\/div>\n\t\t\t\t\t\t\t<div class=\"elementor-accordion-item\">\n\t\t\t\t\t<div id=\"elementor-tab-title-1446\" class=\"elementor-tab-title\" data-tab=\"6\" role=\"button\" aria-controls=\"elementor-tab-content-1446\" aria-expanded=\"false\">\n\t\t\t\t\t\t\t\t\t\t\t\t\t<span class=\"elementor-accordion-icon elementor-accordion-icon-left\" aria-hidden=\"true\">\n\t\t\t\t\t\t\t\t\t\t\t\t\t\t\t<span class=\"elementor-accordion-icon-closed\"><i class=\"fas fa-plus\"><\/i><\/span>\n\t\t\t\t\t\t\t\t<span class=\"elementor-accordion-icon-opened\"><i class=\"fas fa-minus\"><\/i><\/span>\n\t\t\t\t\t\t\t\t\t\t\t\t\t\t<\/span>\n\t\t\t\t\t\t\t\t\t\t\t\t<a class=\"elementor-accordion-title\" tabindex=\"0\"><h2>Detalls del tour<\/h2><\/a>\n\t\t\t\t\t<\/div>\n\t\t\t\t\t<div id=\"elementor-tab-content-1446\" class=\"elementor-tab-content elementor-clearfix\" data-tab=\"6\" role=\"region\" aria-labelledby=\"elementor-tab-title-1446\"><h3>Idioma del tour<\/h3>\n<p><span style=\"font-weight: 400;\">Els nostres guies poden fer el tour en els seg\u00fcents idiomes:<\/span> <b>Itali\u00e0, Espanyol, Franc\u00e8s, Catal\u00e0, i Angl\u00e8s<\/b> <span style=\"font-weight: 400;\">.<\/span><\/p>\n<h3><strong>Qu\u00e8 inclou el tour?<\/strong><\/h3>\n<p><b>El preu del tour inclou<\/b> <span style=\"font-weight: 400;\">el recorregut de 8 hores coneixent els Pirineus de la m\u00e0 d\u00b4un guia local, a m\u00e9s del transport privat que us apropar\u00e0 a cadascun dels punts emblem\u00e0tics.<\/span><\/p>\n<h3>Durada<\/h3>\n<p><span style=\"font-weight: 400;\">La durada de lactivitat \u00e9s de 8 hs.<\/span><\/p>\n<h3>Fins quan es pot fer la reserva?<\/h3>\n<p><span style=\"font-weight: 400;\">Pots reservar la teva excursi\u00f3 pels Pirineus<\/span> <b>fins a 24 hores abans<\/b><span style=\"font-weight: 400;\"> que comenci lactivitat. Us recomanem que reserveu amb una mica m\u00e9s d&#8217;antelaci\u00f3 per assegurar-vos que tenim guies disponibles per acompanyar-vos en aquesta experi\u00e8ncia.<\/span><\/p>\n<h3>Accessibilitat<\/h3>\n<p><span style=\"font-weight: 400;\">Aquest tour \u00e9s<\/span> <b>accessible per a persones amb mobilitat redu\u00efda<\/b> <span style=\"font-weight: 400;\">, per\u00f2 \u00e9s recomanable notificar-ho a la teva reserva perqu\u00e8 puguem assegurar-te al 100% que el recorregut \u00e9s completament apte.<\/span><\/p>\n<h3>Mascotes<\/h3>\n<p><span style=\"font-weight: 400;\">El recorregut<\/span> <b>\u00e9s apte per portar mascotes.<\/b><\/p>\n<\/div>\n\t\t\t\t<\/div>\n\t\t\t\t\t\t\t\t<\/div>\n\t\t\t\t\t\t<\/div>\n\t\t\t\t<\/div>\n\t\t\t\t\t<\/div>\n\t\t<\/div>\n\t\t\t\t\t<\/div>\n\t\t<\/section>\n\t\t\t\t<section class=\"elementor-section elementor-top-section elementor-element elementor-element-9dfa7ca elementor-section-boxed elementor-section-height-default elementor-section-height-default\" data-id=\"9dfa7ca\" data-element_type=\"section\">\n\t\t\t\t\t\t<div class=\"elementor-container elementor-column-gap-default\">\n\t\t\t\t\t<div class=\"elementor-column elementor-col-100 elementor-top-column elementor-element elementor-element-61bfe35\" data-id=\"61bfe35\" data-element_type=\"column\">\n\t\t\t<div class=\"elementor-widget-wrap elementor-element-populated\">\n\t\t\t\t\t\t<div class=\"elementor-element elementor-element-3c845d8 elementor-widget elementor-widget-spacer\" data-id=\"3c845d8\" data-element_type=\"widget\" data-widget_type=\"spacer.default\">\n\t\t\t\t<div class=\"elementor-widget-container\">\n\t\t\t\t\t\t\t<div class=\"elementor-spacer\">\n\t\t\t<div class=\"elementor-spacer-inner\"><\/div>\n\t\t<\/div>\n\t\t\t\t\t\t<\/div>\n\t\t\t\t<\/div>\n\t\t\t\t\t<\/div>\n\t\t<\/div>\n\t\t\t\t\t<\/div>\n\t\t<\/section>\n\t\t\t\t<section class=\"elementor-section elementor-top-section elementor-element elementor-element-3438133 elementor-section-boxed elementor-section-height-default elementor-section-height-default\" data-id=\"3438133\" data-element_type=\"section\">\n\t\t\t\t\t\t<div class=\"elementor-container elementor-column-gap-default\">\n\t\t\t\t\t<div class=\"elementor-column elementor-col-100 elementor-top-column elementor-element elementor-element-5da4b49\" data-id=\"5da4b49\" data-element_type=\"column\">\n\t\t\t<div class=\"elementor-widget-wrap elementor-element-populated\">\n\t\t\t\t\t\t<div class=\"elementor-element elementor-element-248b0c9 elementor-align-center elementor-widget elementor-widget-button\" data-id=\"248b0c9\" data-element_type=\"widget\" data-widget_type=\"button.default\">\n\t\t\t\t<div class=\"elementor-widget-container\">\n\t\t\t\t\t\t\t\t\t<div class=\"elementor-button-wrapper\">\n\t\t\t\t\t<a class=\"elementor-button elementor-button-link elementor-size-sm\" href=\"#booking\" target=\"_blank\" rel=\"nofollow\">\n\t\t\t\t\t\t<span class=\"elementor-button-content-wrapper\">\n\t\t\t\t\t\t\t\t\t<span class=\"elementor-button-text\">RESERVAR ARA<\/span>\n\t\t\t\t\t<\/span>\n\t\t\t\t\t<\/a>\n\t\t\t\t<\/div>\n\t\t\t\t\t\t\t\t<\/div>\n\t\t\t\t<\/div>\n\t\t\t\t\t<\/div>\n\t\t<\/div>\n\t\t\t\t\t<\/div>\n\t\t<\/section>\n\t\t\t\t<section class=\"elementor-section elementor-top-section elementor-element elementor-element-55f43a6 elementor-section-boxed elementor-section-height-default elementor-section-height-default\" data-id=\"55f43a6\" data-element_type=\"section\">\n\t\t\t\t\t\t<div class=\"elementor-container elementor-column-gap-default\">\n\t\t\t\t\t<div class=\"elementor-column elementor-col-100 elementor-top-column elementor-element elementor-element-7d56dd9\" data-id=\"7d56dd9\" data-element_type=\"column\">\n\t\t\t<div class=\"elementor-widget-wrap elementor-element-populated\">\n\t\t\t\t\t\t<div class=\"elementor-element elementor-element-c24415d elementor-widget elementor-widget-spacer\" data-id=\"c24415d\" data-element_type=\"widget\" data-widget_type=\"spacer.default\">\n\t\t\t\t<div class=\"elementor-widget-container\">\n\t\t\t\t\t\t\t<div class=\"elementor-spacer\">\n\t\t\t<div class=\"elementor-spacer-inner\"><\/div>\n\t\t<\/div>\n\t\t\t\t\t\t<\/div>\n\t\t\t\t<\/div>\n\t\t\t\t\t<\/div>\n\t\t<\/div>\n\t\t\t\t\t<\/div>\n\t\t<\/section>\n\t\t\t\t<section class=\"elementor-section elementor-top-section elementor-element elementor-element-d285c6d elementor-section-boxed elementor-section-height-default elementor-section-height-default\" data-id=\"d285c6d\" data-element_type=\"section\">\n\t\t\t\t\t\t<div class=\"elementor-container elementor-column-gap-default\">\n\t\t\t\t\t<div class=\"elementor-column elementor-col-100 elementor-top-column elementor-element elementor-element-d32eb24\" data-id=\"d32eb24\" data-element_type=\"column\">\n\t\t\t<div class=\"elementor-widget-wrap elementor-element-populated\">\n\t\t\t\t\t\t<div class=\"elementor-element elementor-element-a471374 elementor-widget elementor-widget-heading\" data-id=\"a471374\" data-element_type=\"widget\" data-widget_type=\"heading.default\">\n\t\t\t\t<div class=\"elementor-widget-container\">\n\t\t\t\t\t<h2 class=\"elementor-heading-title elementor-size-default\">Punt de trobada:<\/h2>\t\t\t\t<\/div>\n\t\t\t\t<\/div>\n\t\t\t\t\t<\/div>\n\t\t<\/div>\n\t\t\t\t\t<\/div>\n\t\t<\/section>\n\t\t\t\t<section class=\"elementor-section elementor-top-section elementor-element elementor-element-e978cf9 elementor-section-boxed elementor-section-height-default elementor-section-height-default\" data-id=\"e978cf9\" data-element_type=\"section\">\n\t\t\t\t\t\t<div class=\"elementor-container elementor-column-gap-default\">\n\t\t\t\t\t<div class=\"elementor-column elementor-col-100 elementor-top-column elementor-element elementor-element-230cea3\" data-id=\"230cea3\" data-element_type=\"column\">\n\t\t\t<div class=\"elementor-widget-wrap elementor-element-populated\">\n\t\t\t\t\t\t<div class=\"elementor-element elementor-element-19e77fa elementor-widget elementor-widget-text-editor\" data-id=\"19e77fa\" data-element_type=\"widget\" data-widget_type=\"text-editor.default\">\n\t\t\t\t<div class=\"elementor-widget-container\">\n\t\t\t\t\t\t\t\t\t<p><span style=\"font-weight: 400;\">Pots<\/span> <b>triar el punt de trobada<\/b> <span style=\"font-weight: 400;\">que m\u00e9s et convingui, aquests s\u00f3n els 3 punts des dels quals se&#8217;n poden sortir:<\/span><\/p>\n<p><span style=\"font-weight: 400;\">&#8211; Andorra.<\/span><\/p>\n<p><span style=\"font-weight: 400;\">&#8211; Puigcerd\u00e0 (pots arribar amb tren des de Barcelona)<\/span><\/p>\n<p><span style=\"font-weight: 400;\">\u2013 Barcelona.<\/span><\/p>\n\t\t\t\t\t\t\t\t<\/div>\n\t\t\t\t<\/div>\n\t\t\t\t\t<\/div>\n\t\t<\/div>\n\t\t\t\t\t<\/div>\n\t\t<\/section>\n\t\t\t\t<section class=\"elementor-section elementor-top-section elementor-element elementor-element-51202c8 elementor-section-boxed elementor-section-height-default elementor-section-height-default\" data-id=\"51202c8\" data-element_type=\"section\">\n\t\t\t\t\t\t<div class=\"elementor-container elementor-column-gap-default\">\n\t\t\t\t\t<div class=\"elementor-column elementor-col-33 elementor-top-column elementor-element elementor-element-f5caa10\" data-id=\"f5caa10\" data-element_type=\"column\">\n\t\t\t<div class=\"elementor-widget-wrap elementor-element-populated\">\n\t\t\t\t\t\t<div class=\"elementor-element elementor-element-e73dc37 elementor-widget elementor-widget-google_maps\" data-id=\"e73dc37\" data-element_type=\"widget\" data-widget_type=\"google_maps.default\">\n\t\t\t\t<div class=\"elementor-widget-container\">\n\t\t\t\t\t\t\t<div class=\"elementor-custom-embed\">\n\t\t\t<iframe loading=\"lazy\"\n\t\t\t\t\tsrc=\"https:\/\/maps.google.com\/maps?q=Andorra%20la%20vella&#038;t=m&#038;z=10&#038;output=embed&#038;iwloc=near\"\n\t\t\t\t\ttitle=\"Andorra la vella\"\n\t\t\t\t\taria-label=\"Andorra la vella\"\n\t\t\t><\/iframe>\n\t\t<\/div>\n\t\t\t\t\t\t<\/div>\n\t\t\t\t<\/div>\n\t\t\t\t\t<\/div>\n\t\t<\/div>\n\t\t\t\t<div class=\"elementor-column elementor-col-33 elementor-top-column elementor-element elementor-element-7b76351\" data-id=\"7b76351\" data-element_type=\"column\">\n\t\t\t<div class=\"elementor-widget-wrap elementor-element-populated\">\n\t\t\t\t\t\t<div class=\"elementor-element elementor-element-bf34317 elementor-widget elementor-widget-google_maps\" data-id=\"bf34317\" data-element_type=\"widget\" data-widget_type=\"google_maps.default\">\n\t\t\t\t<div class=\"elementor-widget-container\">\n\t\t\t\t\t\t\t<div class=\"elementor-custom-embed\">\n\t\t\t<iframe loading=\"lazy\"\n\t\t\t\t\tsrc=\"https:\/\/maps.google.com\/maps?q=puigcerda%20estacion&#038;t=m&#038;z=10&#038;output=embed&#038;iwloc=near\"\n\t\t\t\t\ttitle=\"puigcerda estacion\"\n\t\t\t\t\taria-label=\"puigcerda estacion\"\n\t\t\t><\/iframe>\n\t\t<\/div>\n\t\t\t\t\t\t<\/div>\n\t\t\t\t<\/div>\n\t\t\t\t\t<\/div>\n\t\t<\/div>\n\t\t\t\t<div class=\"elementor-column elementor-col-33 elementor-top-column elementor-element elementor-element-5e8c629\" data-id=\"5e8c629\" data-element_type=\"column\">\n\t\t\t<div class=\"elementor-widget-wrap elementor-element-populated\">\n\t\t\t\t\t\t<div class=\"elementor-element elementor-element-ed3b4e3 elementor-widget elementor-widget-google_maps\" data-id=\"ed3b4e3\" data-element_type=\"widget\" data-widget_type=\"google_maps.default\">\n\t\t\t\t<div class=\"elementor-widget-container\">\n\t\t\t\t\t\t\t<div class=\"elementor-custom-embed\">\n\t\t\t<iframe loading=\"lazy\"\n\t\t\t\t\tsrc=\"https:\/\/maps.google.com\/maps?q=barcelona%2C%20antonio%20lopez%20plaza&#038;t=m&#038;z=10&#038;output=embed&#038;iwloc=near\"\n\t\t\t\t\ttitle=\"barcelona, antonio lopez plaza\"\n\t\t\t\t\taria-label=\"barcelona, antonio lopez plaza\"\n\t\t\t><\/iframe>\n\t\t<\/div>\n\t\t\t\t\t\t<\/div>\n\t\t\t\t<\/div>\n\t\t\t\t\t<\/div>\n\t\t<\/div>\n\t\t\t\t\t<\/div>\n\t\t<\/section>\n\t\t\t\t<section class=\"elementor-section elementor-top-section elementor-element elementor-element-3e94a37 elementor-section-boxed elementor-section-height-default elementor-section-height-default\" data-id=\"3e94a37\" data-element_type=\"section\">\n\t\t\t\t\t\t<div class=\"elementor-container elementor-column-gap-default\">\n\t\t\t\t\t<div class=\"elementor-column elementor-col-100 elementor-top-column elementor-element elementor-element-c7c57c2\" data-id=\"c7c57c2\" data-element_type=\"column\">\n\t\t\t<div class=\"elementor-widget-wrap elementor-element-populated\">\n\t\t\t\t\t\t<div class=\"elementor-element elementor-element-811ea2f elementor-widget elementor-widget-spacer\" data-id=\"811ea2f\" data-element_type=\"widget\" data-widget_type=\"spacer.default\">\n\t\t\t\t<div class=\"elementor-widget-container\">\n\t\t\t\t\t\t\t<div class=\"elementor-spacer\">\n\t\t\t<div class=\"elementor-spacer-inner\"><\/div>\n\t\t<\/div>\n\t\t\t\t\t\t<\/div>\n\t\t\t\t<\/div>\n\t\t\t\t\t<\/div>\n\t\t<\/div>\n\t\t\t\t\t<\/div>\n\t\t<\/section>\n\t\t\t\t<section class=\"elementor-section elementor-top-section elementor-element elementor-element-faa535a elementor-section-boxed elementor-section-height-default elementor-section-height-default\" data-id=\"faa535a\" data-element_type=\"section\">\n\t\t\t\t\t\t<div class=\"elementor-container elementor-column-gap-default\">\n\t\t\t\t\t<div class=\"elementor-column elementor-col-100 elementor-top-column elementor-element elementor-element-aa7b991\" data-id=\"aa7b991\" data-element_type=\"column\">\n\t\t\t<div class=\"elementor-widget-wrap elementor-element-populated\">\n\t\t\t\t\t\t<div class=\"elementor-element elementor-element-67aa666 elementor-widget elementor-widget-heading\" data-id=\"67aa666\" data-element_type=\"widget\" data-widget_type=\"heading.default\">\n\t\t\t\t<div class=\"elementor-widget-container\">\n\t\t\t\t\t<h2 class=\"elementor-heading-title elementor-size-default\">Com trobar-nos?<\/h2>\t\t\t\t<\/div>\n\t\t\t\t<\/div>\n\t\t\t\t\t<\/div>\n\t\t<\/div>\n\t\t\t\t\t<\/div>\n\t\t<\/section>\n\t\t\t\t<section class=\"elementor-section elementor-top-section elementor-element elementor-element-31d7469 elementor-section-boxed elementor-section-height-default elementor-section-height-default\" data-id=\"31d7469\" data-element_type=\"section\">\n\t\t\t\t\t\t<div class=\"elementor-container elementor-column-gap-default\">\n\t\t\t\t\t<div class=\"elementor-column elementor-col-100 elementor-top-column elementor-element elementor-element-4fcc58c\" data-id=\"4fcc58c\" data-element_type=\"column\">\n\t\t\t<div class=\"elementor-widget-wrap elementor-element-populated\">\n\t\t\t\t\t\t<div class=\"elementor-element elementor-element-4a512c6 elementor-widget elementor-widget-text-editor\" data-id=\"4a512c6\" data-element_type=\"widget\" data-widget_type=\"text-editor.default\">\n\t\t\t\t<div class=\"elementor-widget-container\">\n\t\t\t\t\t\t\t\t\t<p><span style=\"font-weight: 400;\">El guia vindr\u00e0 a buscar-te directament al<\/span> <b>punt de trobada que hagueu acordat.<\/b> <span style=\"font-weight: 400;\">A m\u00e9s, ja s&#8217;haur\u00e0 posat en contacte amb tu per donar-te m\u00e9s especificacions, si fos necessari. Tamb\u00e9 us facilitarem el vostre n\u00famero de contacte i el vostre nom, perqu\u00e8 <\/span><b>es posi en contacte amb tu,<\/b><span style=\"font-weight: 400;\"> en cas de no trobar-vos.<\/span><\/p>\n\t\t\t\t\t\t\t\t<\/div>\n\t\t\t\t<\/div>\n\t\t\t\t\t<\/div>\n\t\t<\/div>\n\t\t\t\t\t<\/div>\n\t\t<\/section>\n\t\t\t\t<section class=\"elementor-section elementor-top-section elementor-element elementor-element-13ebef5 elementor-section-boxed elementor-section-height-default elementor-section-height-default\" data-id=\"13ebef5\" data-element_type=\"section\">\n\t\t\t\t\t\t<div class=\"elementor-container elementor-column-gap-default\">\n\t\t\t\t\t<div class=\"elementor-column elementor-col-100 elementor-top-column elementor-element elementor-element-2c3dd39\" data-id=\"2c3dd39\" data-element_type=\"column\">\n\t\t\t<div class=\"elementor-widget-wrap elementor-element-populated\">\n\t\t\t\t\t\t<div class=\"elementor-element elementor-element-8244817 elementor-arrows-yes elementor-pagination-type-bullets elementor-review--has-separator elementor--star-style-star_fontawesome elementor-widget elementor-widget-reviews\" data-id=\"8244817\" data-element_type=\"widget\" data-settings=\"{&quot;show_arrows&quot;:&quot;yes&quot;,&quot;pagination&quot;:&quot;bullets&quot;,&quot;speed&quot;:500,&quot;autoplay&quot;:&quot;yes&quot;,&quot;autoplay_speed&quot;:5000,&quot;loop&quot;:&quot;yes&quot;,&quot;pause_on_hover&quot;:&quot;yes&quot;,&quot;pause_on_interaction&quot;:&quot;yes&quot;,&quot;space_between&quot;:{&quot;unit&quot;:&quot;px&quot;,&quot;size&quot;:10,&quot;sizes&quot;:[]},&quot;space_between_tablet&quot;:{&quot;unit&quot;:&quot;px&quot;,&quot;size&quot;:10,&quot;sizes&quot;:[]},&quot;space_between_mobile&quot;:{&quot;unit&quot;:&quot;px&quot;,&quot;size&quot;:10,&quot;sizes&quot;:[]}}\" data-widget_type=\"reviews.default\">\n\t\t\t\t<div class=\"elementor-widget-container\">\n\t\t\t\t\t\t\t\t\t<div class=\"elementor-swiper\">\n\t\t\t\t\t<div class=\"elementor-main-swiper swiper\" role=\"region\" aria-roledescription=\"carousel\" aria-label=\"Diapositives\">\n\t\t\t\t<div class=\"swiper-wrapper\">\n\t\t\t\t\t\t\t\t\t\t\t<div class=\"swiper-slide\" role=\"group\" aria-roledescription=\"slide\">\n\t\t\t\t\t\t\t\t\t<div class=\"elementor-testimonial elementor-repeater-item-165c397\">\n\t\t\t\t\t\t\t<div class=\"elementor-testimonial__header\">\n\t\t\t\t\t\t\t\t\t\t<cite class=\"elementor-testimonial__cite\"><span class=\"elementor-testimonial__name\">Juliol<\/span><div class=\"elementor-star-rating\"><i class=\"elementor-star-full\">&#xE934;<\/i><i class=\"elementor-star-full\">&#xE934;<\/i><i class=\"elementor-star-full\">&#xE934;<\/i><i class=\"elementor-star-full\">&#xE934;<\/i><i class=\"elementor-star-full\">&#xE934;<\/i><\/div><span class=\"elementor-testimonial__title\"><i>Ressenya verificada<\/i><\/span><\/cite>\t\t\t\t\t<div class=\"elementor-testimonial__icon elementor-icon elementor-icon-\" aria-label=\"Llegir m\u00e9s\"><\/div>\t\t\t\t<\/div>\n\t\t\t\t\t\t\t\t\t\t<div class=\"elementor-testimonial__content\">\n\t\t\t\t\t<div class=\"elementor-testimonial__text\">\n\t\t\t\t\t\tReservem un tour privat per a 4 persones, i Rub\u00e9n (el guia que ens va acompanyar) ens va portar a fer una excursi\u00f3 on visitem Catalunya, Andorra i Fran\u00e7a en un mateix dia.\t\t\t\t\t<\/div>\n\t\t\t\t<\/div>\n\t\t\t\t\t<\/div>\n\t\t\t\t\t\t\t\t<\/div>\n\t\t\t\t\t\t\t\t\t\t\t<div class=\"swiper-slide\" role=\"group\" aria-roledescription=\"slide\">\n\t\t\t\t\t\t\t\t\t<div class=\"elementor-testimonial elementor-repeater-item-b89a4a3\">\n\t\t\t\t\t\t\t<div class=\"elementor-testimonial__header\">\n\t\t\t\t\t\t\t\t\t\t<cite class=\"elementor-testimonial__cite\"><span class=\"elementor-testimonial__name\">Maria G.<\/span><div class=\"elementor-star-rating\"><i class=\"elementor-star-full\">&#xE934;<\/i><i class=\"elementor-star-full\">&#xE934;<\/i><i class=\"elementor-star-full\">&#xE934;<\/i><i class=\"elementor-star-full\">&#xE934;<\/i><i class=\"elementor-star-full\">&#xE934;<\/i><\/div><\/cite>\t\t\t\t\t<div class=\"elementor-testimonial__icon elementor-icon elementor-icon-\" aria-label=\"Llegir m\u00e9s\"><\/div>\t\t\t\t<\/div>\n\t\t\t\t\t\t\t\t\t\t<div class=\"elementor-testimonial__content\">\n\t\t\t\t\t<div class=\"elementor-testimonial__text\">\n\t\t\t\t\t\tIncre\u00efble tour de 3 pa\u00efsos en un sol dia. Super recomanable!\t\t\t\t\t<\/div>\n\t\t\t\t<\/div>\n\t\t\t\t\t<\/div>\n\t\t\t\t\t\t\t\t<\/div>\n\t\t\t\t\t\t\t\t\t\t\t<div class=\"swiper-slide\" role=\"group\" aria-roledescription=\"slide\">\n\t\t\t\t\t\t\t\t\t<div class=\"elementor-testimonial elementor-repeater-item-2bb4415\">\n\t\t\t\t\t\t\t<div class=\"elementor-testimonial__header\">\n\t\t\t\t\t\t\t\t\t\t<cite class=\"elementor-testimonial__cite\"><span class=\"elementor-testimonial__name\">Carles<\/span><div class=\"elementor-star-rating\"><i class=\"elementor-star-full\">&#xE934;<\/i><i class=\"elementor-star-full\">&#xE934;<\/i><i class=\"elementor-star-full\">&#xE934;<\/i><i class=\"elementor-star-full\">&#xE934;<\/i><i class=\"elementor-star-full\">&#xE934;<\/i><\/div><\/cite>\t\t\t\t\t<div class=\"elementor-testimonial__icon elementor-icon elementor-icon-\" aria-label=\"Llegir m\u00e9s\"><\/div>\t\t\t\t<\/div>\n\t\t\t\t\t\t\t\t\t\t<div class=\"elementor-testimonial__content\">\n\t\t\t\t\t<div class=\"elementor-testimonial__text\">\n\t\t\t\t\t\tRub\u00e9n \u00e9s un gran guia, ens ha portat a con\u00e8ixer una mica de cada pa\u00eds, destacant els highlights de cadasc\u00fa.\t\t\t\t\t<\/div>\n\t\t\t\t<\/div>\n\t\t\t\t\t<\/div>\n\t\t\t\t\t\t\t\t<\/div>\n\t\t\t\t\t\t\t\t\t<\/div>\n\t\t\t\t\t\t\t\t\t\t\t\t\t\t\t<div class=\"elementor-swiper-button elementor-swiper-button-prev\" role=\"button\" tabindex=\"0\" aria-label=\"Previous\">\n\t\t\t\t\t\t\t<i aria-hidden=\"true\" class=\"eicon-chevron-left\"><\/i>\t\t\t\t\t\t<\/div>\n\t\t\t\t\t\t<div class=\"elementor-swiper-button elementor-swiper-button-next\" role=\"button\" tabindex=\"0\" aria-label=\"Next\">\n\t\t\t\t\t\t\t<i aria-hidden=\"true\" class=\"eicon-chevron-right\"><\/i>\t\t\t\t\t\t<\/div>\n\t\t\t\t\t\t\t\t\t\t\t\t\t\t\t\t<div class=\"swiper-pagination\"><\/div>\n\t\t\t\t\t\t\t\t\t\t\t\t<\/div>\n\t\t\t\t<\/div>\n\t\t\t\t\t\t\t\t<\/div>\n\t\t\t\t<\/div>\n\t\t\t\t\t<\/div>\n\t\t<\/div>\n\t\t\t\t\t<\/div>\n\t\t<\/section>\n\t\t\t\t<section class=\"elementor-section elementor-top-section elementor-element elementor-element-ba0877b elementor-section-boxed elementor-section-height-default elementor-section-height-default\" data-id=\"ba0877b\" data-element_type=\"section\">\n\t\t\t\t\t\t<div class=\"elementor-container elementor-column-gap-default\">\n\t\t\t\t\t<div class=\"elementor-column elementor-col-100 elementor-top-column elementor-element elementor-element-c29434b\" data-id=\"c29434b\" data-element_type=\"column\">\n\t\t\t<div class=\"elementor-widget-wrap elementor-element-populated\">\n\t\t\t\t\t\t<div class=\"elementor-element elementor-element-2fa779e elementor-widget elementor-widget-html\" data-id=\"2fa779e\" data-element_type=\"widget\" data-widget_type=\"html.default\">\n\t\t\t\t<div class=\"elementor-widget-container\">\n\t\t\t\t\t<script type=\"application\/ld+json\">{\n  \"@context\": \"https:\/\/schema.org\/\", \n  \"@type\": \"Product\", \n  \"name\": \"Excursi\u00f3n por las 3 naciones\",\n  \"image\": \"https:\/\/www.willysplan.com\/wp-content\/uploads\/2022\/11\/Andorra-Puigcerda.webp\",\n  \"description\": \"\u00bfEst\u00e1s buscando una excursi\u00f3n por las 3 naciones (Catalu\u00f1a, Andorra y Francia) en un mismo d\u00eda? Conoce los paisajes naturales m\u00e1s impresionantes de las tres regiones.\",\n  \"brand\": {\n    \"@type\": \"Brand\",\n    \"name\": \"Willy's Plan\"\n  },\n  \"aggregateRating\": {\n    \"@type\": \"AggregateRating\",\n    \"ratingValue\": \"5\",\n    \"bestRating\": \"5\",\n    \"worstRating\": \"0\",\n    \"ratingCount\": \"15\"\n  }\n}\n<\/script>\t\t\t\t<\/div>\n\t\t\t\t<\/div>\n\t\t\t\t\t<\/div>\n\t\t<\/div>\n\t\t\t\t\t<\/div>\n\t\t<\/section>\n\t\t\t\t<section class=\"elementor-section elementor-top-section elementor-element elementor-element-c8705ca elementor-section-boxed elementor-section-height-default elementor-section-height-default\" data-id=\"c8705ca\" data-element_type=\"section\">\n\t\t\t\t\t\t<div class=\"elementor-container elementor-column-gap-default\">\n\t\t\t\t\t<div class=\"elementor-column elementor-col-100 elementor-top-column elementor-element elementor-element-ebfcd2c\" data-id=\"ebfcd2c\" data-element_type=\"column\">\n\t\t\t<div class=\"elementor-widget-wrap elementor-element-populated\">\n\t\t\t\t\t\t<div class=\"elementor-element elementor-element-e650978 elementor-widget elementor-widget-spacer\" data-id=\"e650978\" data-element_type=\"widget\" data-widget_type=\"spacer.default\">\n\t\t\t\t<div class=\"elementor-widget-container\">\n\t\t\t\t\t\t\t<div class=\"elementor-spacer\">\n\t\t\t<div class=\"elementor-spacer-inner\"><\/div>\n\t\t<\/div>\n\t\t\t\t\t\t<\/div>\n\t\t\t\t<\/div>\n\t\t\t\t\t<\/div>\n\t\t<\/div>\n\t\t\t\t\t<\/div>\n\t\t<\/section>\n\t\t\t\t<section class=\"elementor-section elementor-top-section elementor-element elementor-element-88d6384 elementor-section-boxed elementor-section-height-default elementor-section-height-default\" data-id=\"88d6384\" data-element_type=\"section\">\n\t\t\t\t\t\t<div class=\"elementor-container elementor-column-gap-default\">\n\t\t\t\t\t<div class=\"elementor-column elementor-col-100 elementor-top-column elementor-element elementor-element-722165a\" data-id=\"722165a\" data-element_type=\"column\">\n\t\t\t<div class=\"elementor-widget-wrap elementor-element-populated\">\n\t\t\t\t\t\t<div class=\"elementor-element elementor-element-002c2ff elementor-align-center elementor-widget elementor-widget-button\" data-id=\"002c2ff\" data-element_type=\"widget\" data-widget_type=\"button.default\">\n\t\t\t\t<div class=\"elementor-widget-container\">\n\t\t\t\t\t\t\t\t\t<div class=\"elementor-button-wrapper\">\n\t\t\t\t\t<a class=\"elementor-button elementor-button-link elementor-size-sm\" href=\"#booking\" target=\"_blank\" rel=\"nofollow\">\n\t\t\t\t\t\t<span class=\"elementor-button-content-wrapper\">\n\t\t\t\t\t\t\t\t\t<span class=\"elementor-button-text\">RESERVAR ARA<\/span>\n\t\t\t\t\t<\/span>\n\t\t\t\t\t<\/a>\n\t\t\t\t<\/div>\n\t\t\t\t\t\t\t\t<\/div>\n\t\t\t\t<\/div>\n\t\t\t\t\t<\/div>\n\t\t<\/div>\n\t\t\t\t\t<\/div>\n\t\t<\/section>\n\t\t\t\t<section class=\"elementor-section elementor-top-section elementor-element elementor-element-438a967 elementor-section-boxed elementor-section-height-default elementor-section-height-default\" data-id=\"438a967\" data-element_type=\"section\">\n\t\t\t\t\t\t<div class=\"elementor-container elementor-column-gap-default\">\n\t\t\t\t\t<div class=\"elementor-column elementor-col-100 elementor-top-column elementor-element elementor-element-063765b\" data-id=\"063765b\" data-element_type=\"column\">\n\t\t\t<div class=\"elementor-widget-wrap elementor-element-populated\">\n\t\t\t\t\t\t<div class=\"elementor-element elementor-element-12561aa elementor-widget elementor-widget-spacer\" data-id=\"12561aa\" data-element_type=\"widget\" data-widget_type=\"spacer.default\">\n\t\t\t\t<div class=\"elementor-widget-container\">\n\t\t\t\t\t\t\t<div class=\"elementor-spacer\">\n\t\t\t<div class=\"elementor-spacer-inner\"><\/div>\n\t\t<\/div>\n\t\t\t\t\t\t<\/div>\n\t\t\t\t<\/div>\n\t\t\t\t\t<\/div>\n\t\t<\/div>\n\t\t\t\t\t<\/div>\n\t\t<\/section>\n\t\t\t\t<section class=\"elementor-section elementor-top-section elementor-element elementor-element-b509085 elementor-section-boxed elementor-section-height-default elementor-section-height-default\" data-id=\"b509085\" data-element_type=\"section\">\n\t\t\t\t\t\t<div class=\"elementor-container elementor-column-gap-default\">\n\t\t\t\t\t<div class=\"elementor-column elementor-col-100 elementor-top-column elementor-element elementor-element-d6c2172\" data-id=\"d6c2172\" data-element_type=\"column\">\n\t\t\t<div class=\"elementor-widget-wrap elementor-element-populated\">\n\t\t\t\t\t\t<div class=\"elementor-element elementor-element-6860921 elementor-widget elementor-widget-heading\" data-id=\"6860921\" data-element_type=\"widget\" data-widget_type=\"heading.default\">\n\t\t\t\t<div class=\"elementor-widget-container\">\n\t\t\t\t\t<h2 class=\"elementor-heading-title elementor-size-default\">Preguntes freq\u00fcents<\/h2>\t\t\t\t<\/div>\n\t\t\t\t<\/div>\n\t\t\t\t\t<\/div>\n\t\t<\/div>\n\t\t\t\t\t<\/div>\n\t\t<\/section>\n\t\t\t\t<section class=\"elementor-section elementor-top-section elementor-element elementor-element-e83c588 elementor-section-boxed elementor-section-height-default elementor-section-height-default\" data-id=\"e83c588\" data-element_type=\"section\">\n\t\t\t\t\t\t<div class=\"elementor-container elementor-column-gap-default\">\n\t\t\t\t\t<div class=\"elementor-column elementor-col-100 elementor-top-column elementor-element elementor-element-149e507\" data-id=\"149e507\" data-element_type=\"column\">\n\t\t\t<div class=\"elementor-widget-wrap elementor-element-populated\">\n\t\t\t\t\t\t<div class=\"elementor-element elementor-element-37afd59 elementor-widget elementor-widget-accordion\" data-id=\"37afd59\" data-element_type=\"widget\" data-widget_type=\"accordion.default\">\n\t\t\t\t<div class=\"elementor-widget-container\">\n\t\t\t\t\t\t\t<div class=\"elementor-accordion\">\n\t\t\t\t\t\t\t<div class=\"elementor-accordion-item\">\n\t\t\t\t\t<div id=\"elementor-tab-title-5831\" class=\"elementor-tab-title\" data-tab=\"1\" role=\"button\" aria-controls=\"elementor-tab-content-5831\" aria-expanded=\"false\">\n\t\t\t\t\t\t\t\t\t\t\t\t\t<span class=\"elementor-accordion-icon elementor-accordion-icon-left\" aria-hidden=\"true\">\n\t\t\t\t\t\t\t\t\t\t\t\t\t\t\t<span class=\"elementor-accordion-icon-closed\"><i class=\"fas fa-plus\"><\/i><\/span>\n\t\t\t\t\t\t\t\t<span class=\"elementor-accordion-icon-opened\"><i class=\"fas fa-minus\"><\/i><\/span>\n\t\t\t\t\t\t\t\t\t\t\t\t\t\t<\/span>\n\t\t\t\t\t\t\t\t\t\t\t\t<a class=\"elementor-accordion-title\" tabindex=\"0\"><h3>Per qu\u00e8 triar l\u00b4excursi\u00f3 per les 3 nacions?<\/h3><\/a>\n\t\t\t\t\t<\/div>\n\t\t\t\t\t<div id=\"elementor-tab-content-5831\" class=\"elementor-tab-content elementor-clearfix\" data-tab=\"1\" role=\"region\" aria-labelledby=\"elementor-tab-title-5831\"><p><span style=\"font-weight: 400;\">Els Pirineus s\u00f3n una de les extensions muntanyenques m\u00e9s altes i llargues de tot Europa. Si vols con\u00e8ixer els llocs amb m\u00e9s encant que s&#8217;amaguen als vessants de les<\/span><b> muntanyes d&#8217;Andorra, Espanya i Fran\u00e7a,<\/b><span style=\"font-weight: 400;\"> us recomanem que ho feu de la m\u00e0 d&#8217;un guia. A m\u00e9s, gr\u00e0cies a aquesta excursi\u00f3, t&#8217;estalviar\u00e0s haver de conduir fins a cadascun d&#8217;aquests punts, ja que el transportista ho far\u00e0 per tu.<\/span><\/p>\n<\/div>\n\t\t\t\t<\/div>\n\t\t\t\t\t\t\t<div class=\"elementor-accordion-item\">\n\t\t\t\t\t<div id=\"elementor-tab-title-5832\" class=\"elementor-tab-title\" data-tab=\"2\" role=\"button\" aria-controls=\"elementor-tab-content-5832\" aria-expanded=\"false\">\n\t\t\t\t\t\t\t\t\t\t\t\t\t<span class=\"elementor-accordion-icon elementor-accordion-icon-left\" aria-hidden=\"true\">\n\t\t\t\t\t\t\t\t\t\t\t\t\t\t\t<span class=\"elementor-accordion-icon-closed\"><i class=\"fas fa-plus\"><\/i><\/span>\n\t\t\t\t\t\t\t\t<span class=\"elementor-accordion-icon-opened\"><i class=\"fas fa-minus\"><\/i><\/span>\n\t\t\t\t\t\t\t\t\t\t\t\t\t\t<\/span>\n\t\t\t\t\t\t\t\t\t\t\t\t<a class=\"elementor-accordion-title\" tabindex=\"0\"><h3>Al guia se li ha de donar algun tipus de propina?<\/h3><\/a>\n\t\t\t\t\t<\/div>\n\t\t\t\t\t<div id=\"elementor-tab-content-5832\" class=\"elementor-tab-content elementor-clearfix\" data-tab=\"2\" role=\"region\" aria-labelledby=\"elementor-tab-title-5832\"><p><b>Les propines s\u00f3n opcionals,<\/b> aix\u00ed que si el tracte del guia ha estat bo i vols recomanar-lo amb alguna propina, benvinguda ser\u00e0.<\/p>\n<\/div>\n\t\t\t\t<\/div>\n\t\t\t\t\t\t\t<div class=\"elementor-accordion-item\">\n\t\t\t\t\t<div id=\"elementor-tab-title-5833\" class=\"elementor-tab-title\" data-tab=\"3\" role=\"button\" aria-controls=\"elementor-tab-content-5833\" aria-expanded=\"false\">\n\t\t\t\t\t\t\t\t\t\t\t\t\t<span class=\"elementor-accordion-icon elementor-accordion-icon-left\" aria-hidden=\"true\">\n\t\t\t\t\t\t\t\t\t\t\t\t\t\t\t<span class=\"elementor-accordion-icon-closed\"><i class=\"fas fa-plus\"><\/i><\/span>\n\t\t\t\t\t\t\t\t<span class=\"elementor-accordion-icon-opened\"><i class=\"fas fa-minus\"><\/i><\/span>\n\t\t\t\t\t\t\t\t\t\t\t\t\t\t<\/span>\n\t\t\t\t\t\t\t\t\t\t\t\t<a class=\"elementor-accordion-title\" tabindex=\"0\"><h3>Quins altres tours puc fer a prop d'aqu\u00ed?<\/h3><\/a>\n\t\t\t\t\t<\/div>\n\t\t\t\t\t<div id=\"elementor-tab-content-5833\" class=\"elementor-tab-content elementor-clearfix\" data-tab=\"3\" role=\"region\" aria-labelledby=\"elementor-tab-title-5833\"><p><span style=\"font-weight: 400;\">L\u00b4excursi\u00f3 per les 3 nacions, \u00e9s una de les millors per con\u00e8ixer la natura que envolta Andorra a fons, acompanyat d\u00b4un guia local. Per\u00f2 \u00e9s cert que el Principat no es coneix en un sol dia, aix\u00ed que et proposem <\/span><b>alguns tours m\u00e9s que et poden interessar:<\/b> <span style=\"font-weight: 400;\"><a href=\"https:\/\/www.willysplan.com\/ca\/tours-privats-andorra\/tour-del-primer-contacte-amb-andorra\">El tour del primer contacte amb Andorra<\/a> i <a href=\"https:\/\/www.willysplan.com\/ca\/tours-privats-andorra\/tour-per-la-vall-nord-oest-dandorra\">el tour per la Vall Nord-oest d&#8217;Andorra<\/a>.<\/span><\/p>\n<\/div>\n\t\t\t\t<\/div>\n\t\t\t\t\t\t\t\t<\/div>\n\t\t\t\t\t\t<\/div>\n\t\t\t\t<\/div>\n\t\t\t\t\t<\/div>\n\t\t<\/div>\n\t\t\t\t\t<\/div>\n\t\t<\/section>\n\t\t\t\t<section class=\"elementor-section elementor-top-section elementor-element elementor-element-91a407d elementor-section-boxed elementor-section-height-default elementor-section-height-default\" data-id=\"91a407d\" data-element_type=\"section\">\n\t\t\t\t\t\t<div class=\"elementor-container elementor-column-gap-default\">\n\t\t\t\t\t<div class=\"elementor-column elementor-col-100 elementor-top-column elementor-element elementor-element-a04efea\" data-id=\"a04efea\" data-element_type=\"column\">\n\t\t\t<div class=\"elementor-widget-wrap elementor-element-populated\">\n\t\t\t\t\t\t<div class=\"elementor-element elementor-element-61c035b elementor-widget elementor-widget-html\" data-id=\"61c035b\" data-element_type=\"widget\" data-widget_type=\"html.default\">\n\t\t\t\t<div class=\"elementor-widget-container\">\n\t\t\t\t\t<script type=\"application\/ld+json\">{\n  \"@context\": \"https:\/\/schema.org\",\n  \"@type\": \"FAQPage\",\n  \"mainEntity\": [{\n    \"@type\": \"Question\",\n    \"name\": \"\u00bfPor qu\u00e9 elegir la excursi\u00f3n por las 3 naciones?\",\n    \"acceptedAnswer\": {\n      \"@type\": \"Answer\",\n      \"text\": \"Los Pirineos son una de las extensiones monta\u00f1osas m\u00e1s altas y largas de toda Europa. Si quieres conocer los lugares con m\u00e1s encanto que se esconden en las laderas de las monta\u00f1as de Andorra, Espa\u00f1a y Francia, te recomendamos que lo hagas de la mano de un gu\u00eda. Adem\u00e1s, gracias a esta excursi\u00f3n, te ahorrar\u00e1s el tener que conducir hasta cada uno de estos puntos, puesto que el transportista lo har\u00e1 por ti.\"\n    }\n  },{\n    \"@type\": \"Question\",\n    \"name\": \"\u00bfAl gu\u00eda se le tiene que dar alg\u00fan tipo de propina?\",\n    \"acceptedAnswer\": {\n      \"@type\": \"Answer\",\n      \"text\": \"Las propinas son opcionales, as\u00ed que si el trato del gu\u00eda ha sido bueno y quieres recomensarle con alguna propina, bienvenida ser\u00e1.\"\n    }\n  },{\n    \"@type\": \"Question\",\n    \"name\": \"\u00bfQu\u00e9 otros tours puedo hacer cerca de Andorra?\",\n    \"acceptedAnswer\": {\n      \"@type\": \"Answer\",\n      \"text\": \"La excursi\u00f3n por las 3 naciones, es una de las mejores para conocer la naturaleza que rodea Andorra a fondo, acompa\u00f1ado de un gu\u00eda local. Pero, es cierto que el Principado no se conoce en un solo d\u00eda, as\u00ed que te proponemos algunos tours m\u00e1s que pueden interesarte: El tour del primer contacto con Andorra y el tour por el Valle Noroeste de Andorra.\"\n    }\n  }]\n}\n<\/script>\t\t\t\t<\/div>\n\t\t\t\t<\/div>\n\t\t\t\t\t<\/div>\n\t\t<\/div>\n\t\t\t\t\t<\/div>\n\t\t<\/section>\n\t\t\t\t<section class=\"elementor-section elementor-top-section elementor-element elementor-element-f62d809 elementor-section-boxed elementor-section-height-default elementor-section-height-default\" data-id=\"f62d809\" data-element_type=\"section\">\n\t\t\t\t\t\t<div class=\"elementor-container elementor-column-gap-default\">\n\t\t\t\t\t<div class=\"elementor-column elementor-col-100 elementor-top-column elementor-element elementor-element-3c1840f\" data-id=\"3c1840f\" data-element_type=\"column\">\n\t\t\t<div class=\"elementor-widget-wrap elementor-element-populated\">\n\t\t\t\t\t\t<div class=\"elementor-element elementor-element-97f5324 elementor-widget elementor-widget-spacer\" data-id=\"97f5324\" data-element_type=\"widget\" data-widget_type=\"spacer.default\">\n\t\t\t\t<div class=\"elementor-widget-container\">\n\t\t\t\t\t\t\t<div class=\"elementor-spacer\">\n\t\t\t<div class=\"elementor-spacer-inner\"><\/div>\n\t\t<\/div>\n\t\t\t\t\t\t<\/div>\n\t\t\t\t<\/div>\n\t\t\t\t\t<\/div>\n\t\t<\/div>\n\t\t\t\t\t<\/div>\n\t\t<\/section>\n\t\t\t\t<section class=\"elementor-section elementor-top-section elementor-element elementor-element-51784a2 elementor-section-boxed elementor-section-height-default elementor-section-height-default\" data-id=\"51784a2\" data-element_type=\"section\" id=\"reserva-tour\">\n\t\t\t\t\t\t<div class=\"elementor-container elementor-column-gap-default\">\n\t\t\t\t\t<div class=\"elementor-column elementor-col-100 elementor-top-column elementor-element elementor-element-4176706\" data-id=\"4176706\" data-element_type=\"column\">\n\t\t\t<div class=\"elementor-widget-wrap elementor-element-populated\">\n\t\t\t\t\t\t<div class=\"elementor-element elementor-element-fc92f4e elementor-widget elementor-widget-heading\" data-id=\"fc92f4e\" data-element_type=\"widget\" data-widget_type=\"heading.default\">\n\t\t\t\t<div class=\"elementor-widget-container\">\n\t\t\t\t\t<h2 class=\"elementor-heading-title elementor-size-default\">Tens cap dubte? Contacta'ns!<\/h2>\t\t\t\t<\/div>\n\t\t\t\t<\/div>\n\t\t\t\t\t<\/div>\n\t\t<\/div>\n\t\t\t\t\t<\/div>\n\t\t<\/section>\n\t\t\t\t<section class=\"elementor-section elementor-top-section elementor-element elementor-element-5e8f081 elementor-section-boxed elementor-section-height-default elementor-section-height-default\" data-id=\"5e8f081\" data-element_type=\"section\">\n\t\t\t\t\t\t<div class=\"elementor-container elementor-column-gap-default\">\n\t\t\t\t\t<div class=\"elementor-column elementor-col-100 elementor-top-column elementor-element elementor-element-d219ae4\" data-id=\"d219ae4\" data-element_type=\"column\">\n\t\t\t<div class=\"elementor-widget-wrap elementor-element-populated\">\n\t\t\t\t\t\t<div class=\"elementor-element elementor-element-cfd2d88 elementor-widget elementor-widget-spacer\" data-id=\"cfd2d88\" data-element_type=\"widget\" data-widget_type=\"spacer.default\">\n\t\t\t\t<div class=\"elementor-widget-container\">\n\t\t\t\t\t\t\t<div class=\"elementor-spacer\">\n\t\t\t<div class=\"elementor-spacer-inner\"><\/div>\n\t\t<\/div>\n\t\t\t\t\t\t<\/div>\n\t\t\t\t<\/div>\n\t\t\t\t\t<\/div>\n\t\t<\/div>\n\t\t\t\t\t<\/div>\n\t\t<\/section>\n\t\t\t\t<section class=\"elementor-section elementor-top-section elementor-element elementor-element-ce3c3f1 elementor-section-boxed elementor-section-height-default elementor-section-height-default\" data-id=\"ce3c3f1\" data-element_type=\"section\">\n\t\t\t\t\t\t<div class=\"elementor-container elementor-column-gap-default\">\n\t\t\t\t\t<div class=\"elementor-column elementor-col-100 elementor-top-column elementor-element elementor-element-09d69a2\" data-id=\"09d69a2\" data-element_type=\"column\">\n\t\t\t<div class=\"elementor-widget-wrap elementor-element-populated\">\n\t\t\t\t\t\t<div class=\"elementor-element elementor-element-817fa3b contact elementor-button-align-stretch elementor-widget elementor-widget-form\" data-id=\"817fa3b\" data-element_type=\"widget\" id=\"contact\" data-settings=\"{&quot;step_next_label&quot;:&quot;Seg\\u00fcent&quot;,&quot;step_previous_label&quot;:&quot;Anterior&quot;,&quot;button_width&quot;:&quot;100&quot;,&quot;step_type&quot;:&quot;number_text&quot;,&quot;step_icon_shape&quot;:&quot;circle&quot;}\" data-widget_type=\"form.default\">\n\t\t\t\t<div class=\"elementor-widget-container\">\n\t\t\t\t\t\t\t<form class=\"elementor-form\" method=\"post\" name=\"Formulari tours privats\" aria-label=\"Formulari tours privats\">\n\t\t\t<input type=\"hidden\" name=\"post_id\" value=\"16752\"\/>\n\t\t\t<input type=\"hidden\" name=\"form_id\" value=\"817fa3b\"\/>\n\t\t\t<input type=\"hidden\" name=\"referer_title\" value=\"Excursi\u00f3 per les 3 nacions: Andorra, Fran\u00e7a i Catalunya - Willy&#039;s Pla \ud83c\udf43\" \/>\n\n\t\t\t\t\t\t\t<input type=\"hidden\" name=\"queried_id\" value=\"16752\"\/>\n\t\t\t\n\t\t\t<div class=\"elementor-form-fields-wrapper elementor-labels-above\">\n\t\t\t\t\t\t\t\t<div class=\"elementor-field-type-text elementor-field-group elementor-column elementor-field-group-name elementor-col-40 elementor-field-required elementor-mark-required\">\n\t\t\t\t\t\t\t\t\t\t\t\t<label for=\"form-field-name\" class=\"elementor-field-label\">\n\t\t\t\t\t\t\t\t<b>Nom del viatger principal<\/b>\t\t\t\t\t\t\t<\/label>\n\t\t\t\t\t\t\t\t\t\t\t\t\t\t<input size=\"1\" type=\"text\" name=\"form_fields[name]\" id=\"form-field-name\" class=\"elementor-field elementor-size-sm  elementor-field-textual\" placeholder=\"Alexandre Asensio\" required=\"required\">\n\t\t\t\t\t\t\t\t\t\t\t<\/div>\n\t\t\t\t\t\t\t\t<div class=\"elementor-field-type-email elementor-field-group elementor-column elementor-field-group-email elementor-col-40 elementor-field-required elementor-mark-required\">\n\t\t\t\t\t\t\t\t\t\t\t\t<label for=\"form-field-email\" class=\"elementor-field-label\">\n\t\t\t\t\t\t\t\t<b>Correu electr\u00f2nic<\/b>\t\t\t\t\t\t\t<\/label>\n\t\t\t\t\t\t\t\t\t\t\t\t\t\t<input size=\"1\" type=\"email\" name=\"form_fields[email]\" id=\"form-field-email\" class=\"elementor-field elementor-size-sm  elementor-field-textual\" placeholder=\"exemple@exemple.com\" required=\"required\">\n\t\t\t\t\t\t\t\t\t\t\t<\/div>\n\t\t\t\t\t\t\t\t<div class=\"elementor-field-type-tel elementor-field-group elementor-column elementor-field-group-field_457d523 elementor-col-25 elementor-field-required elementor-mark-required\">\n\t\t\t\t\t\t\t\t\t\t\t\t<label for=\"form-field-field_457d523\" class=\"elementor-field-label\">\n\t\t\t\t\t\t\t\t<b>N\u00famero de tel\u00e8fon \u260e<\/b>\t\t\t\t\t\t\t<\/label>\n\t\t\t\t\t\t\t\t<input size=\"1\" type=\"tel\" name=\"form_fields[field_457d523]\" id=\"form-field-field_457d523\" class=\"elementor-field elementor-size-sm  elementor-field-textual\" placeholder=\"+34 678845244\" required=\"required\" pattern=\"[0-9()#&amp;+*-=.]+\" title=\"Only numbers and phone characters (#, -, *, etc) are accepted.\">\n\n\t\t\t\t\t\t<\/div>\n\t\t\t\t\t\t\t\t<div class=\"elementor-field-type-date elementor-field-group elementor-column elementor-field-group-field_e9df9a7 elementor-col-25 elementor-field-required elementor-mark-required\">\n\t\t\t\t\t\t\t\t\t\t\t\t<label for=\"form-field-field_e9df9a7\" class=\"elementor-field-label\">\n\t\t\t\t\t\t\t\t<b>Data del tour<\/b>\t\t\t\t\t\t\t<\/label>\n\t\t\t\t\t\t\n\t\t<input type=\"date\" name=\"form_fields[field_e9df9a7]\" id=\"form-field-field_e9df9a7\" class=\"elementor-field elementor-size-sm  elementor-field-textual elementor-date-field\" placeholder=\"dd\/mm\/aaaa\" required=\"required\" pattern=\"[0-9]{4}-[0-9]{2}-[0-9]{2}\">\n\t\t\t\t\t\t<\/div>\n\t\t\t\t\t\t\t\t<div class=\"elementor-field-type-select elementor-field-group elementor-column elementor-field-group-field_0c90fd5 elementor-col-40 elementor-field-required elementor-mark-required\">\n\t\t\t\t\t\t\t\t\t\t\t\t<label for=\"form-field-field_0c90fd5\" class=\"elementor-field-label\">\n\t\t\t\t\t\t\t\t<b>Horari del tour<\/b>\t\t\t\t\t\t\t<\/label>\n\t\t\t\t\t\t\t\t<div class=\"elementor-field elementor-select-wrapper remove-before \">\n\t\t\t<div class=\"select-caret-down-wrapper\">\n\t\t\t\t<i aria-hidden=\"true\" class=\"eicon-caret-down\"><\/i>\t\t\t<\/div>\n\t\t\t<select name=\"form_fields[field_0c90fd5]\" id=\"form-field-field_0c90fd5\" class=\"elementor-field-textual elementor-size-sm\" required=\"required\">\n\t\t\t\t\t\t\t\t\t<option value=\"09:00hs\">09:00hs<\/option>\n\t\t\t\t\t\t\t\t\t<option value=\"Personalitzat (especifiqueu en comentaris)\">Personalitzat (especifiqueu en comentaris)<\/option>\n\t\t\t\t\t\t\t<\/select>\n\t\t<\/div>\n\t\t\t\t\t\t<\/div>\n\t\t\t\t\t\t\t\t<div class=\"elementor-field-type-number elementor-field-group elementor-column elementor-field-group-field_47ff07d elementor-col-25 elementor-field-required elementor-mark-required\">\n\t\t\t\t\t\t\t\t\t\t\t\t<label for=\"form-field-field_47ff07d\" class=\"elementor-field-label\">\n\t\t\t\t\t\t\t\t<b>Nombre de viatgers<\/b>\t\t\t\t\t\t\t<\/label>\n\t\t\t\t\t\t\t\t\t<input type=\"number\" name=\"form_fields[field_47ff07d]\" id=\"form-field-field_47ff07d\" class=\"elementor-field elementor-size-sm  elementor-field-textual\" placeholder=\"Exemple: 7\" required=\"required\" min=\"\" max=\"\" >\n\t\t\t\t\t\t<\/div>\n\t\t\t\t\t\t\t\t<div class=\"elementor-field-type-checkbox elementor-field-group elementor-column elementor-field-group-field_a10cf14 elementor-col-60\">\n\t\t\t\t\t\t\t\t\t\t\t\t<label for=\"form-field-field_a10cf14\" class=\"elementor-field-label\">\n\t\t\t\t\t\t\t\t<b>Quins tipus de viatgers sou?<\/b>\t\t\t\t\t\t\t<\/label>\n\t\t\t\t\t\t<div class=\"elementor-field-subgroup  elementor-subgroup-inline\"><span class=\"elementor-field-option\"><input type=\"checkbox\" value=\"Adults\" id=\"form-field-field_a10cf14-0\" name=\"form_fields[field_a10cf14][]\"> <label for=\"form-field-field_a10cf14-0\">Adults<\/label><\/span><span class=\"elementor-field-option\"><input type=\"checkbox\" value=\"Adolescents\" id=\"form-field-field_a10cf14-1\" name=\"form_fields[field_a10cf14][]\"> <label for=\"form-field-field_a10cf14-1\">Adolescents<\/label><\/span><span class=\"elementor-field-option\"><input type=\"checkbox\" value=\"Nens \/ Nad\u00f3\" id=\"form-field-field_a10cf14-2\" name=\"form_fields[field_a10cf14][]\"> <label for=\"form-field-field_a10cf14-2\">Nens \/ Nad\u00f3<\/label><\/span><span class=\"elementor-field-option\"><input type=\"checkbox\" value=\"Gent gran\" id=\"form-field-field_a10cf14-3\" name=\"form_fields[field_a10cf14][]\"> <label for=\"form-field-field_a10cf14-3\">Gent gran<\/label><\/span><\/div>\t\t\t\t<\/div>\n\t\t\t\t\t\t\t\t<div class=\"elementor-field-type-textarea elementor-field-group elementor-column elementor-field-group-message elementor-col-100\">\n\t\t\t\t\t\t\t\t\t\t\t\t<label for=\"form-field-message\" class=\"elementor-field-label\">\n\t\t\t\t\t\t\t\t<b>Comentaris<\/b>\t\t\t\t\t\t\t<\/label>\n\t\t\t\t\t\t<textarea class=\"elementor-field-textual elementor-field  elementor-size-sm\" name=\"form_fields[message]\" id=\"form-field-message\" rows=\"4\" placeholder=\"Detalla a continuaci\u00f3 les observacions i comentaris que vols que tinguem en compte pel tour.\"><\/textarea>\t\t\t\t<\/div>\n\t\t\t\t\t\t\t\t<div class=\"elementor-field-group elementor-column elementor-field-type-submit elementor-col-100 e-form__buttons\">\n\t\t\t\t\t<button class=\"elementor-button elementor-size-sm\" type=\"submit\">\n\t\t\t\t\t\t<span class=\"elementor-button-content-wrapper\">\n\t\t\t\t\t\t\t\t\t\t\t\t\t\t\t\t\t\t\t\t\t\t<span class=\"elementor-button-text\">Enviar<\/span>\n\t\t\t\t\t\t\t\t\t\t\t\t\t<\/span>\n\t\t\t\t\t<\/button>\n\t\t\t\t<\/div>\n\t\t\t<\/div>\n\t\t<\/form>\n\t\t\t\t\t\t<\/div>\n\t\t\t\t<\/div>\n\t\t\t\t\t<\/div>\n\t\t<\/div>\n\t\t\t\t\t<\/div>\n\t\t<\/section>\n\t\t\t\t<section class=\"elementor-section elementor-top-section elementor-element elementor-element-e93aa0e elementor-section-boxed elementor-section-height-default elementor-section-height-default\" data-id=\"e93aa0e\" data-element_type=\"section\">\n\t\t\t\t\t\t<div class=\"elementor-container elementor-column-gap-default\">\n\t\t\t\t\t<div class=\"elementor-column elementor-col-100 elementor-top-column elementor-element elementor-element-b920323\" data-id=\"b920323\" data-element_type=\"column\">\n\t\t\t<div class=\"elementor-widget-wrap elementor-element-populated\">\n\t\t\t\t\t\t<div class=\"elementor-element elementor-element-aeb08ea elementor-widget-divider--view-line elementor-widget elementor-widget-divider\" data-id=\"aeb08ea\" data-element_type=\"widget\" data-widget_type=\"divider.default\">\n\t\t\t\t<div class=\"elementor-widget-container\">\n\t\t\t\t\t\t\t<div class=\"elementor-divider\">\n\t\t\t<span class=\"elementor-divider-separator\">\n\t\t\t\t\t\t<\/span>\n\t\t<\/div>\n\t\t\t\t\t\t<\/div>\n\t\t\t\t<\/div>\n\t\t\t\t\t<\/div>\n\t\t<\/div>\n\t\t\t\t\t<\/div>\n\t\t<\/section>\n\t\t\t\t<section class=\"elementor-section elementor-top-section elementor-element elementor-element-774fd5b elementor-section-boxed elementor-section-height-default elementor-section-height-default\" data-id=\"774fd5b\" data-element_type=\"section\">\n\t\t\t\t\t\t<div class=\"elementor-container elementor-column-gap-default\">\n\t\t\t\t\t<div class=\"elementor-column elementor-col-100 elementor-top-column elementor-element elementor-element-ccb3386\" data-id=\"ccb3386\" data-element_type=\"column\">\n\t\t\t<div class=\"elementor-widget-wrap elementor-element-populated\">\n\t\t\t\t\t\t<div class=\"elementor-element elementor-element-5d6c67c elementor-widget elementor-widget-heading\" data-id=\"5d6c67c\" data-element_type=\"widget\" data-widget_type=\"heading.default\">\n\t\t\t\t<div class=\"elementor-widget-container\">\n\t\t\t\t\t<h2 class=\"elementor-heading-title elementor-size-default\">Altres tours que tamb\u00e9 et poden interessar...<\/h2>\t\t\t\t<\/div>\n\t\t\t\t<\/div>\n\t\t\t\t\t<\/div>\n\t\t<\/div>\n\t\t\t\t\t<\/div>\n\t\t<\/section>\n\t\t\t\t<section class=\"elementor-section elementor-top-section elementor-element elementor-element-3855c19 elementor-section-boxed elementor-section-height-default elementor-section-height-default\" data-id=\"3855c19\" data-element_type=\"section\">\n\t\t\t\t\t\t<div class=\"elementor-container elementor-column-gap-default\">\n\t\t\t\t\t<div class=\"elementor-column elementor-col-100 elementor-top-column elementor-element elementor-element-8d4f04d\" data-id=\"8d4f04d\" data-element_type=\"column\">\n\t\t\t<div class=\"elementor-widget-wrap elementor-element-populated\">\n\t\t\t\t\t\t\t<\/div>\n\t\t<\/div>\n\t\t\t\t\t<\/div>\n\t\t<\/section>\n\t\t\t\t<\/div>\n\t\t","protected":false},"excerpt":{"rendered":"<p>Est\u00e0s cercant una excursi\u00f3 per les 3 nacions (Catalunya, Andorra i Fran\u00e7a) en un mateix dia? Coneix els paisatges naturals m\u00e9s impressionants de les tres regions. Els Pirineus s\u00f3n una serralada muntanyosa situada entre Catalunya i Fran\u00e7a, on tamb\u00e9 hi ha amagat el petit principat d&#8217;Andorra. \u00c9s un enclavament que configura un patrimoni natural i&hellip;&nbsp;<a href=\"https:\/\/www.willysplan.com\/ca\/tours-privados-andorra\/excursio-per-les-3-nacions\" rel=\"bookmark\">Llegiu m\u00e9s &raquo;<span class=\"screen-reader-text\">Excursi\u00f3 per les 3 nacions<\/span><\/a><\/p>\n","protected":false},"author":1,"featured_media":15357,"comment_status":"closed","ping_status":"closed","sticky":false,"template":"","format":"standard","meta":{"neve_meta_sidebar":"","neve_meta_container":"","neve_meta_enable_content_width":"","neve_meta_content_width":0,"neve_meta_title_alignment":"","neve_meta_author_avatar":"","neve_post_elements_order":"","neve_meta_disable_header":"","neve_meta_disable_footer":"","neve_meta_disable_title":"","_joinchat":[],"footnotes":""},"categories":[309],"tags":[480],"class_list":["post-16752","post","type-post","status-publish","format-standard","has-post-thumbnail","hentry","category-tours-privados-andorra","tag-tours-privats-andorra"],"yoast_head":"<!-- This site is optimized with the Yoast SEO Premium plugin v20.1 (Yoast SEO v26.9) - https:\/\/yoast.com\/product\/yoast-seo-premium-wordpress\/ -->\n<title>Excursi\u00f3 per les 3 nacions: Andorra, Fran\u00e7a i Catalunya - Willy&#039;s Pla \ud83c\udf43<\/title>\n<meta name=\"description\" content=\"Est\u00e0s buscant tour per les 3 nacions? \u2705 Descobreix ara aquesta excursi\u00f3 per Andorra, Fran\u00e7a i Catalunya un mateix dia. \ud83c\udf04 Entra ara!\" \/>\n<meta name=\"robots\" content=\"index, follow, max-snippet:-1, max-image-preview:large, max-video-preview:-1\" \/>\n<link rel=\"canonical\" href=\"https:\/\/www.willysplan.com\/ca\/tours-privats-andorra\/excursio-per-les-3-nacions\" \/>\n<meta property=\"og:locale\" content=\"ca_ES\" \/>\n<meta property=\"og:type\" content=\"article\" \/>\n<meta property=\"og:title\" content=\"Excursi\u00f3 per les 3 nacions\" \/>\n<meta property=\"og:description\" content=\"Est\u00e0s buscant tour per les 3 nacions? \u2705 Descobreix ara aquesta excursi\u00f3 per Andorra, Fran\u00e7a i Catalunya un mateix dia. \ud83c\udf04 Entra ara!\" \/>\n<meta property=\"og:url\" content=\"https:\/\/www.willysplan.com\/ca\/tours-privats-andorra\/excursio-per-les-3-nacions\" \/>\n<meta property=\"og:site_name\" content=\"Willy&#039;s Plan \ud83c\udf43\" \/>\n<meta property=\"article:published_time\" content=\"2022-11-28T10:30:33+00:00\" \/>\n<meta property=\"article:modified_time\" content=\"2023-10-27T16:33:50+00:00\" \/>\n<meta property=\"og:image\" content=\"https:\/\/www.willysplan.com\/wp-content\/uploads\/2022\/11\/Andorra-Puigcerda.webp\" \/>\n\t<meta property=\"og:image:width\" content=\"1439\" \/>\n\t<meta property=\"og:image:height\" content=\"829\" \/>\n\t<meta property=\"og:image:type\" content=\"image\/webp\" \/>\n<meta name=\"author\" content=\"admin\" \/>\n<meta name=\"twitter:card\" content=\"summary_large_image\" \/>\n<meta name=\"twitter:label1\" content=\"Escrit per\" \/>\n\t<meta name=\"twitter:data1\" content=\"admin\" \/>\n\t<meta name=\"twitter:label2\" content=\"Temps estimat de lectura\" \/>\n\t<meta name=\"twitter:data2\" content=\"10 minuts\" \/>\n<script type=\"application\/ld+json\" class=\"yoast-schema-graph\">{\"@context\":\"https:\/\/schema.org\",\"@graph\":[{\"@type\":\"Article\",\"@id\":\"https:\/\/www.willysplan.com\/ca\/tours-privats-andorra\/excursio-per-les-3-nacions#article\",\"isPartOf\":{\"@id\":\"https:\/\/www.willysplan.com\/ca\/tours-privats-andorra\/excursio-per-les-3-nacions\"},\"author\":{\"name\":\"admin\",\"@id\":\"https:\/\/www.willysplan.com\/#\/schema\/person\/58c1527a9a42e9b18a877f14136f1d47\"},\"headline\":\"Excursi\u00f3 per les 3 nacions\",\"datePublished\":\"2022-11-28T10:30:33+00:00\",\"dateModified\":\"2023-10-27T16:33:50+00:00\",\"mainEntityOfPage\":{\"@id\":\"https:\/\/www.willysplan.com\/ca\/tours-privats-andorra\/excursio-per-les-3-nacions\"},\"wordCount\":1287,\"publisher\":{\"@id\":\"https:\/\/www.willysplan.com\/#organization\"},\"image\":{\"@id\":\"https:\/\/www.willysplan.com\/ca\/tours-privats-andorra\/excursio-per-les-3-nacions#primaryimage\"},\"thumbnailUrl\":\"https:\/\/www.willysplan.com\/wp-content\/uploads\/2022\/11\/Andorra-Puigcerda.webp\",\"keywords\":[\"tours privats andorra\"],\"articleSection\":[\"tours-privados-andorra\"],\"inLanguage\":\"ca\"},{\"@type\":\"WebPage\",\"@id\":\"https:\/\/www.willysplan.com\/ca\/tours-privats-andorra\/excursio-per-les-3-nacions\",\"url\":\"https:\/\/www.willysplan.com\/ca\/tours-privats-andorra\/excursio-per-les-3-nacions\",\"name\":\"Excursi\u00f3 per les 3 nacions: Andorra, Fran\u00e7a i Catalunya - Willy's Pla \ud83c\udf43\",\"isPartOf\":{\"@id\":\"https:\/\/www.willysplan.com\/#website\"},\"primaryImageOfPage\":{\"@id\":\"https:\/\/www.willysplan.com\/ca\/tours-privats-andorra\/excursio-per-les-3-nacions#primaryimage\"},\"image\":{\"@id\":\"https:\/\/www.willysplan.com\/ca\/tours-privats-andorra\/excursio-per-les-3-nacions#primaryimage\"},\"thumbnailUrl\":\"https:\/\/www.willysplan.com\/wp-content\/uploads\/2022\/11\/Andorra-Puigcerda.webp\",\"datePublished\":\"2022-11-28T10:30:33+00:00\",\"dateModified\":\"2023-10-27T16:33:50+00:00\",\"description\":\"Est\u00e0s buscant tour per les 3 nacions? \u2705 Descobreix ara aquesta excursi\u00f3 per Andorra, Fran\u00e7a i Catalunya un mateix dia. \ud83c\udf04 Entra ara!\",\"inLanguage\":\"ca\",\"potentialAction\":[{\"@type\":\"ReadAction\",\"target\":[\"https:\/\/www.willysplan.com\/ca\/tours-privats-andorra\/excursio-per-les-3-nacions\"]}]},{\"@type\":\"ImageObject\",\"inLanguage\":\"ca\",\"@id\":\"https:\/\/www.willysplan.com\/ca\/tours-privats-andorra\/excursio-per-les-3-nacions#primaryimage\",\"url\":\"https:\/\/www.willysplan.com\/wp-content\/uploads\/2022\/11\/Andorra-Puigcerda.webp\",\"contentUrl\":\"https:\/\/www.willysplan.com\/wp-content\/uploads\/2022\/11\/Andorra-Puigcerda.webp\",\"width\":1439,\"height\":829},{\"@type\":\"WebSite\",\"@id\":\"https:\/\/www.willysplan.com\/#website\",\"url\":\"https:\/\/www.willysplan.com\/\",\"name\":\"Willy&#039;s Plan \ud83c\udf43\",\"description\":\"Escapadas y Planes de fin de semana\",\"publisher\":{\"@id\":\"https:\/\/www.willysplan.com\/#organization\"},\"potentialAction\":[{\"@type\":\"SearchAction\",\"target\":{\"@type\":\"EntryPoint\",\"urlTemplate\":\"https:\/\/www.willysplan.com\/?s={search_term_string}\"},\"query-input\":{\"@type\":\"PropertyValueSpecification\",\"valueRequired\":true,\"valueName\":\"search_term_string\"}}],\"inLanguage\":\"ca\"},{\"@type\":\"Organization\",\"@id\":\"https:\/\/www.willysplan.com\/#organization\",\"name\":\"Willy&#039;s Plan \ud83c\udf43\",\"url\":\"https:\/\/www.willysplan.com\/\",\"logo\":{\"@type\":\"ImageObject\",\"inLanguage\":\"ca\",\"@id\":\"https:\/\/www.willysplan.com\/#\/schema\/logo\/image\/\",\"url\":\"https:\/\/www.willysplan.com\/wp-content\/uploads\/2020\/04\/cropped-logo-1.png\",\"contentUrl\":\"https:\/\/www.willysplan.com\/wp-content\/uploads\/2020\/04\/cropped-logo-1.png\",\"width\":332,\"height\":332,\"caption\":\"Willy&#039;s Plan \ud83c\udf43\"},\"image\":{\"@id\":\"https:\/\/www.willysplan.com\/#\/schema\/logo\/image\/\"}},{\"@type\":\"Person\",\"@id\":\"https:\/\/www.willysplan.com\/#\/schema\/person\/58c1527a9a42e9b18a877f14136f1d47\",\"name\":\"admin\",\"image\":{\"@type\":\"ImageObject\",\"inLanguage\":\"ca\",\"@id\":\"https:\/\/www.willysplan.com\/#\/schema\/person\/image\/\",\"url\":\"https:\/\/secure.gravatar.com\/avatar\/0b8d78e655d83cc71e0a6cd6cb0f0f99929604cd70ff0f7ac1713f248945ea9d?s=96&d=mm&r=g\",\"contentUrl\":\"https:\/\/secure.gravatar.com\/avatar\/0b8d78e655d83cc71e0a6cd6cb0f0f99929604cd70ff0f7ac1713f248945ea9d?s=96&d=mm&r=g\",\"caption\":\"admin\"},\"url\":\"https:\/\/www.willysplan.com\/ca\/author\/admin\"}]}<\/script>\n<!-- \/ Yoast SEO Premium plugin. -->","yoast_head_json":{"title":"Excursi\u00f3 per les 3 nacions: Andorra, Fran\u00e7a i Catalunya - Willy's Pla \ud83c\udf43","description":"Est\u00e0s buscant tour per les 3 nacions? \u2705 Descobreix ara aquesta excursi\u00f3 per Andorra, Fran\u00e7a i Catalunya un mateix dia. \ud83c\udf04 Entra ara!","robots":{"index":"index","follow":"follow","max-snippet":"max-snippet:-1","max-image-preview":"max-image-preview:large","max-video-preview":"max-video-preview:-1"},"canonical":"https:\/\/www.willysplan.com\/ca\/tours-privats-andorra\/excursio-per-les-3-nacions","og_locale":"ca_ES","og_type":"article","og_title":"Excursi\u00f3 per les 3 nacions","og_description":"Est\u00e0s buscant tour per les 3 nacions? \u2705 Descobreix ara aquesta excursi\u00f3 per Andorra, Fran\u00e7a i Catalunya un mateix dia. \ud83c\udf04 Entra ara!","og_url":"https:\/\/www.willysplan.com\/ca\/tours-privats-andorra\/excursio-per-les-3-nacions","og_site_name":"Willy&#039;s Plan \ud83c\udf43","article_published_time":"2022-11-28T10:30:33+00:00","article_modified_time":"2023-10-27T16:33:50+00:00","og_image":[{"width":1439,"height":829,"url":"https:\/\/www.willysplan.com\/wp-content\/uploads\/2022\/11\/Andorra-Puigcerda.webp","type":"image\/webp"}],"author":"admin","twitter_card":"summary_large_image","twitter_misc":{"Escrit per":"admin","Temps estimat de lectura":"10 minuts"},"schema":{"@context":"https:\/\/schema.org","@graph":[{"@type":"Article","@id":"https:\/\/www.willysplan.com\/ca\/tours-privats-andorra\/excursio-per-les-3-nacions#article","isPartOf":{"@id":"https:\/\/www.willysplan.com\/ca\/tours-privats-andorra\/excursio-per-les-3-nacions"},"author":{"name":"admin","@id":"https:\/\/www.willysplan.com\/#\/schema\/person\/58c1527a9a42e9b18a877f14136f1d47"},"headline":"Excursi\u00f3 per les 3 nacions","datePublished":"2022-11-28T10:30:33+00:00","dateModified":"2023-10-27T16:33:50+00:00","mainEntityOfPage":{"@id":"https:\/\/www.willysplan.com\/ca\/tours-privats-andorra\/excursio-per-les-3-nacions"},"wordCount":1287,"publisher":{"@id":"https:\/\/www.willysplan.com\/#organization"},"image":{"@id":"https:\/\/www.willysplan.com\/ca\/tours-privats-andorra\/excursio-per-les-3-nacions#primaryimage"},"thumbnailUrl":"https:\/\/www.willysplan.com\/wp-content\/uploads\/2022\/11\/Andorra-Puigcerda.webp","keywords":["tours privats andorra"],"articleSection":["tours-privados-andorra"],"inLanguage":"ca"},{"@type":"WebPage","@id":"https:\/\/www.willysplan.com\/ca\/tours-privats-andorra\/excursio-per-les-3-nacions","url":"https:\/\/www.willysplan.com\/ca\/tours-privats-andorra\/excursio-per-les-3-nacions","name":"Excursi\u00f3 per les 3 nacions: Andorra, Fran\u00e7a i Catalunya - Willy's Pla \ud83c\udf43","isPartOf":{"@id":"https:\/\/www.willysplan.com\/#website"},"primaryImageOfPage":{"@id":"https:\/\/www.willysplan.com\/ca\/tours-privats-andorra\/excursio-per-les-3-nacions#primaryimage"},"image":{"@id":"https:\/\/www.willysplan.com\/ca\/tours-privats-andorra\/excursio-per-les-3-nacions#primaryimage"},"thumbnailUrl":"https:\/\/www.willysplan.com\/wp-content\/uploads\/2022\/11\/Andorra-Puigcerda.webp","datePublished":"2022-11-28T10:30:33+00:00","dateModified":"2023-10-27T16:33:50+00:00","description":"Est\u00e0s buscant tour per les 3 nacions? \u2705 Descobreix ara aquesta excursi\u00f3 per Andorra, Fran\u00e7a i Catalunya un mateix dia. \ud83c\udf04 Entra ara!","inLanguage":"ca","potentialAction":[{"@type":"ReadAction","target":["https:\/\/www.willysplan.com\/ca\/tours-privats-andorra\/excursio-per-les-3-nacions"]}]},{"@type":"ImageObject","inLanguage":"ca","@id":"https:\/\/www.willysplan.com\/ca\/tours-privats-andorra\/excursio-per-les-3-nacions#primaryimage","url":"https:\/\/www.willysplan.com\/wp-content\/uploads\/2022\/11\/Andorra-Puigcerda.webp","contentUrl":"https:\/\/www.willysplan.com\/wp-content\/uploads\/2022\/11\/Andorra-Puigcerda.webp","width":1439,"height":829},{"@type":"WebSite","@id":"https:\/\/www.willysplan.com\/#website","url":"https:\/\/www.willysplan.com\/","name":"Willy&#039;s Plan \ud83c\udf43","description":"Escapadas y Planes de fin de semana","publisher":{"@id":"https:\/\/www.willysplan.com\/#organization"},"potentialAction":[{"@type":"SearchAction","target":{"@type":"EntryPoint","urlTemplate":"https:\/\/www.willysplan.com\/?s={search_term_string}"},"query-input":{"@type":"PropertyValueSpecification","valueRequired":true,"valueName":"search_term_string"}}],"inLanguage":"ca"},{"@type":"Organization","@id":"https:\/\/www.willysplan.com\/#organization","name":"Willy&#039;s Plan \ud83c\udf43","url":"https:\/\/www.willysplan.com\/","logo":{"@type":"ImageObject","inLanguage":"ca","@id":"https:\/\/www.willysplan.com\/#\/schema\/logo\/image\/","url":"https:\/\/www.willysplan.com\/wp-content\/uploads\/2020\/04\/cropped-logo-1.png","contentUrl":"https:\/\/www.willysplan.com\/wp-content\/uploads\/2020\/04\/cropped-logo-1.png","width":332,"height":332,"caption":"Willy&#039;s Plan \ud83c\udf43"},"image":{"@id":"https:\/\/www.willysplan.com\/#\/schema\/logo\/image\/"}},{"@type":"Person","@id":"https:\/\/www.willysplan.com\/#\/schema\/person\/58c1527a9a42e9b18a877f14136f1d47","name":"admin","image":{"@type":"ImageObject","inLanguage":"ca","@id":"https:\/\/www.willysplan.com\/#\/schema\/person\/image\/","url":"https:\/\/secure.gravatar.com\/avatar\/0b8d78e655d83cc71e0a6cd6cb0f0f99929604cd70ff0f7ac1713f248945ea9d?s=96&d=mm&r=g","contentUrl":"https:\/\/secure.gravatar.com\/avatar\/0b8d78e655d83cc71e0a6cd6cb0f0f99929604cd70ff0f7ac1713f248945ea9d?s=96&d=mm&r=g","caption":"admin"},"url":"https:\/\/www.willysplan.com\/ca\/author\/admin"}]}},"_links":{"self":[{"href":"https:\/\/www.willysplan.com\/ca\/wp-json\/wp\/v2\/posts\/16752","targetHints":{"allow":["GET"]}}],"collection":[{"href":"https:\/\/www.willysplan.com\/ca\/wp-json\/wp\/v2\/posts"}],"about":[{"href":"https:\/\/www.willysplan.com\/ca\/wp-json\/wp\/v2\/types\/post"}],"author":[{"embeddable":true,"href":"https:\/\/www.willysplan.com\/ca\/wp-json\/wp\/v2\/users\/1"}],"replies":[{"embeddable":true,"href":"https:\/\/www.willysplan.com\/ca\/wp-json\/wp\/v2\/comments?post=16752"}],"version-history":[{"count":13,"href":"https:\/\/www.willysplan.com\/ca\/wp-json\/wp\/v2\/posts\/16752\/revisions"}],"predecessor-version":[{"id":22971,"href":"https:\/\/www.willysplan.com\/ca\/wp-json\/wp\/v2\/posts\/16752\/revisions\/22971"}],"wp:featuredmedia":[{"embeddable":true,"href":"https:\/\/www.willysplan.com\/ca\/wp-json\/wp\/v2\/media\/15357"}],"wp:attachment":[{"href":"https:\/\/www.willysplan.com\/ca\/wp-json\/wp\/v2\/media?parent=16752"}],"wp:term":[{"taxonomy":"category","embeddable":true,"href":"https:\/\/www.willysplan.com\/ca\/wp-json\/wp\/v2\/categories?post=16752"},{"taxonomy":"post_tag","embeddable":true,"href":"https:\/\/www.willysplan.com\/ca\/wp-json\/wp\/v2\/tags?post=16752"}],"curies":[{"name":"wp","href":"https:\/\/api.w.org\/{rel}","templated":true}]}}