{"id":16536,"date":"2022-07-22T18:15:54","date_gmt":"2022-07-22T17:15:54","guid":{"rendered":"https:\/\/willysplan.com\/uncategorized-ca\/gaudeix-dunes-vacances-en-familia-a-salou"},"modified":"2023-01-03T21:42:06","modified_gmt":"2023-01-03T20:42:06","slug":"gaudeix-dunes-vacances-en-familia-a-salou","status":"publish","type":"post","link":"https:\/\/www.willysplan.com\/ca\/idees\/gaudeix-dunes-vacances-en-familia-a-salou","title":{"rendered":"Gaudeix d&#8217;unes vacances en fam\u00edlia a Salou"},"content":{"rendered":"\t\t<div data-elementor-type=\"wp-post\" data-elementor-id=\"16536\" class=\"elementor elementor-16536 elementor-9252\" data-elementor-post-type=\"post\">\n\t\t\t\t\t\t<section class=\"elementor-section elementor-top-section elementor-element elementor-element-671cd3c elementor-section-boxed elementor-section-height-default elementor-section-height-default\" data-id=\"671cd3c\" data-element_type=\"section\">\n\t\t\t\t\t\t<div class=\"elementor-container elementor-column-gap-default\">\n\t\t\t\t\t<div class=\"elementor-column elementor-col-100 elementor-top-column elementor-element elementor-element-eaffc38\" data-id=\"eaffc38\" data-element_type=\"column\">\n\t\t\t<div class=\"elementor-widget-wrap elementor-element-populated\">\n\t\t\t\t\t\t<div class=\"elementor-element elementor-element-ac561a4 elementor-widget elementor-widget-text-editor\" data-id=\"ac561a4\" data-element_type=\"widget\" data-widget_type=\"text-editor.default\">\n\t\t\t\t<div class=\"elementor-widget-container\">\n\t\t\t\t\t\t\t\t\t<p><strong>Salou<\/strong> s&#8217;ha convertit en una de les destinacions de vacances per excel\u00b7l\u00e8ncia, ja que ofereix tot all\u00f2 que una fam\u00edlia pot necessitar durant els seus dies lliures a la <strong>Costa Daurada<\/strong> de Catalunya: platja, sol, entreteniment, visites culturals, esports d&#8217;aventura, etc.<\/p>\n<p>Continua llegint si vols descobrir la millor manera de <strong>gaudir d\u00b4unes vacances en fam\u00edlia a Salou,<\/strong> la ciutat que ha estat premiada amb el t\u00edtol de Destinaci\u00f3 de Turisme Familiar.<\/p>\n\t\t\t\t\t\t\t\t<\/div>\n\t\t\t\t<\/div>\n\t\t\t\t\t<\/div>\n\t\t<\/div>\n\t\t\t\t\t<\/div>\n\t\t<\/section>\n\t\t\t\t<section class=\"elementor-section elementor-top-section elementor-element elementor-element-d285c6d elementor-section-boxed elementor-section-height-default elementor-section-height-default\" data-id=\"d285c6d\" data-element_type=\"section\">\n\t\t\t\t\t\t<div class=\"elementor-container elementor-column-gap-default\">\n\t\t\t\t\t<div class=\"elementor-column elementor-col-100 elementor-top-column elementor-element elementor-element-d32eb24\" data-id=\"d32eb24\" data-element_type=\"column\">\n\t\t\t<div class=\"elementor-widget-wrap elementor-element-populated\">\n\t\t\t\t\t\t<div class=\"elementor-element elementor-element-a471374 elementor-widget elementor-widget-heading\" data-id=\"a471374\" data-element_type=\"widget\" data-widget_type=\"heading.default\">\n\t\t\t\t<div class=\"elementor-widget-container\">\n\t\t\t\t\t<h2 class=\"elementor-heading-title elementor-size-default\">Guia per passar unes vacances inoblidables a Salou<\/h2>\t\t\t\t<\/div>\n\t\t\t\t<\/div>\n\t\t\t\t\t<\/div>\n\t\t<\/div>\n\t\t\t\t\t<\/div>\n\t\t<\/section>\n\t\t\t\t<section class=\"elementor-section elementor-top-section elementor-element elementor-element-4e88c10 elementor-section-boxed elementor-section-height-default elementor-section-height-default\" data-id=\"4e88c10\" data-element_type=\"section\">\n\t\t\t\t\t\t<div class=\"elementor-container elementor-column-gap-default\">\n\t\t\t\t\t<div class=\"elementor-column elementor-col-100 elementor-top-column elementor-element elementor-element-8ccc3a4\" data-id=\"8ccc3a4\" data-element_type=\"column\">\n\t\t\t<div class=\"elementor-widget-wrap elementor-element-populated\">\n\t\t\t\t\t\t<div class=\"elementor-element elementor-element-39dc59f elementor-widget elementor-widget-text-editor\" data-id=\"39dc59f\" data-element_type=\"widget\" data-widget_type=\"text-editor.default\">\n\t\t\t\t<div class=\"elementor-widget-container\">\n\t\t\t\t\t\t\t\t\t<p>Et proposarem una llista d&#8217;idees per <strong>gaudir al m\u00e0xim de les teves vacances a Salou.<\/strong> Tria les que creguis que encaixen millor amb tu i amb la teva fam\u00edlia i omple els teus dies lliures d&#8217;experi\u00e8ncies plenes d&#8217;adrenalina, diversi\u00f3 i relax.<\/p>\n<p>El primer que haur\u00e0s de fer per estar tranquil i c\u00f2mode a les teves vacances \u00e9s <strong>triar el teu allotjament.<\/strong> Hi ha una gran oferta d&#8217; <a href=\"https:\/\/ofertas.h10hotels.com\/vacaciones-familia\/salou\">hotels a Salou<\/a> que et permetran tenir tots els luxes i el confort al teu abast, sense que la teva estada surti del teu pressupost.<\/p>\n\t\t\t\t\t\t\t\t<\/div>\n\t\t\t\t<\/div>\n\t\t\t\t\t<\/div>\n\t\t<\/div>\n\t\t\t\t\t<\/div>\n\t\t<\/section>\n\t\t\t\t<section class=\"elementor-section elementor-top-section elementor-element elementor-element-36fe8d4 elementor-section-boxed elementor-section-height-default elementor-section-height-default\" data-id=\"36fe8d4\" data-element_type=\"section\">\n\t\t\t\t\t\t<div class=\"elementor-container elementor-column-gap-default\">\n\t\t\t\t\t<div class=\"elementor-column elementor-col-100 elementor-top-column elementor-element elementor-element-da527a3\" data-id=\"da527a3\" data-element_type=\"column\">\n\t\t\t<div class=\"elementor-widget-wrap elementor-element-populated\">\n\t\t\t\t\t\t<div class=\"elementor-element elementor-element-005077d elementor-widget elementor-widget-heading\" data-id=\"005077d\" data-element_type=\"widget\" data-widget_type=\"heading.default\">\n\t\t\t\t<div class=\"elementor-widget-container\">\n\t\t\t\t\t<h3 class=\"elementor-heading-title elementor-size-default\">Passa els matins al sol a la platja<\/h3>\t\t\t\t<\/div>\n\t\t\t\t<\/div>\n\t\t\t\t\t<\/div>\n\t\t<\/div>\n\t\t\t\t\t<\/div>\n\t\t<\/section>\n\t\t\t\t<section class=\"elementor-section elementor-top-section elementor-element elementor-element-a5324a0 elementor-section-boxed elementor-section-height-default elementor-section-height-default\" data-id=\"a5324a0\" data-element_type=\"section\">\n\t\t\t\t\t\t<div class=\"elementor-container elementor-column-gap-default\">\n\t\t\t\t\t<div class=\"elementor-column elementor-col-100 elementor-top-column elementor-element elementor-element-358a3d3\" data-id=\"358a3d3\" data-element_type=\"column\">\n\t\t\t<div class=\"elementor-widget-wrap elementor-element-populated\">\n\t\t\t\t\t\t<div class=\"elementor-element elementor-element-85e3dc2 elementor-widget elementor-widget-image\" data-id=\"85e3dc2\" data-element_type=\"widget\" data-widget_type=\"image.default\">\n\t\t\t\t<div class=\"elementor-widget-container\">\n\t\t\t\t\t\t\t\t\t\t\t\t\t\t\t<img fetchpriority=\"high\" decoding=\"async\" width=\"1024\" height=\"585\" src=\"https:\/\/www.willysplan.com\/wp-content\/uploads\/2022\/07\/salou-de-vacaciones-1024x585.jpg\" class=\"attachment-large size-large wp-image-15007\" alt=\"\" srcset=\"https:\/\/www.willysplan.com\/wp-content\/uploads\/2022\/07\/salou-de-vacaciones-1024x585.jpg 1024w, https:\/\/www.willysplan.com\/wp-content\/uploads\/2022\/07\/salou-de-vacaciones-300x171.jpg 300w, https:\/\/www.willysplan.com\/wp-content\/uploads\/2022\/07\/salou-de-vacaciones-768x439.jpg 768w, https:\/\/www.willysplan.com\/wp-content\/uploads\/2022\/07\/salou-de-vacaciones-1536x878.jpg 1536w, https:\/\/www.willysplan.com\/wp-content\/uploads\/2022\/07\/salou-de-vacaciones-600x343.jpg 600w, https:\/\/www.willysplan.com\/wp-content\/uploads\/2022\/07\/salou-de-vacaciones.jpg 1750w\" sizes=\"(max-width: 1024px) 100vw, 1024px\" \/>\t\t\t\t\t\t\t\t\t\t\t\t\t\t\t<\/div>\n\t\t\t\t<\/div>\n\t\t\t\t\t<\/div>\n\t\t<\/div>\n\t\t\t\t\t<\/div>\n\t\t<\/section>\n\t\t\t\t<section class=\"elementor-section elementor-top-section elementor-element elementor-element-5da45fa elementor-section-boxed elementor-section-height-default elementor-section-height-default\" data-id=\"5da45fa\" data-element_type=\"section\">\n\t\t\t\t\t\t<div class=\"elementor-container elementor-column-gap-default\">\n\t\t\t\t\t<div class=\"elementor-column elementor-col-100 elementor-top-column elementor-element elementor-element-c03809c\" data-id=\"c03809c\" data-element_type=\"column\">\n\t\t\t<div class=\"elementor-widget-wrap elementor-element-populated\">\n\t\t\t\t\t\t<div class=\"elementor-element elementor-element-bd243a4 elementor-widget elementor-widget-text-editor\" data-id=\"bd243a4\" data-element_type=\"widget\" data-widget_type=\"text-editor.default\">\n\t\t\t\t<div class=\"elementor-widget-container\">\n\t\t\t\t\t\t\t\t\t<p>Sens dubte, el principal atractiu de Salou i, en general, de la Costa Daurada en s\u00f3n <strong>les platges.<\/strong> Es tracta d&#8217;espais amplis de <strong>sorra daurada i fina<\/strong> , amb aig\u00fces cristal\u00b7lines obertes al Mar Mediterrani. Salou t\u00e9 un litoral de 14 quil\u00f2metres i les seves platges es caracteritzen per tenir poca profunditat, per aix\u00f2 s\u00f3n ideals per relaxar-te en fam\u00edlia.<\/p>\n<p>A la majoria de les platges de Salou veur\u00e0s la <strong>bandera blava<\/strong> onejant, aquesta \u00e9s la que t&#8217;assegura que el bany a les seves aig\u00fces \u00e9s segur i si t&#8217;allunyes una mica del centre, podr\u00e0s trobar-te amb cales rec\u00f2ndites amagades, entre impressionants penya-segats.<\/p>\n\t\t\t\t\t\t\t\t<\/div>\n\t\t\t\t<\/div>\n\t\t\t\t\t<\/div>\n\t\t<\/div>\n\t\t\t\t\t<\/div>\n\t\t<\/section>\n\t\t\t\t<section class=\"elementor-section elementor-top-section elementor-element elementor-element-b5bdb85 elementor-section-boxed elementor-section-height-default elementor-section-height-default\" data-id=\"b5bdb85\" data-element_type=\"section\">\n\t\t\t\t\t\t<div class=\"elementor-container elementor-column-gap-default\">\n\t\t\t\t\t<div class=\"elementor-column elementor-col-100 elementor-top-column elementor-element elementor-element-6912a5b\" data-id=\"6912a5b\" data-element_type=\"column\">\n\t\t\t<div class=\"elementor-widget-wrap elementor-element-populated\">\n\t\t\t\t\t\t<div class=\"elementor-element elementor-element-ca46f82 elementor-widget elementor-widget-heading\" data-id=\"ca46f82\" data-element_type=\"widget\" data-widget_type=\"heading.default\">\n\t\t\t\t<div class=\"elementor-widget-container\">\n\t\t\t\t\t<h3 class=\"elementor-heading-title elementor-size-default\">Fes que la teva adrenalina pugi al m\u00e0xim al Karting Salou<\/h3>\t\t\t\t<\/div>\n\t\t\t\t<\/div>\n\t\t\t\t\t<\/div>\n\t\t<\/div>\n\t\t\t\t\t<\/div>\n\t\t<\/section>\n\t\t\t\t<section class=\"elementor-section elementor-top-section elementor-element elementor-element-7715007 elementor-section-boxed elementor-section-height-default elementor-section-height-default\" data-id=\"7715007\" data-element_type=\"section\">\n\t\t\t\t\t\t<div class=\"elementor-container elementor-column-gap-default\">\n\t\t\t\t\t<div class=\"elementor-column elementor-col-50 elementor-top-column elementor-element elementor-element-97c35c0\" data-id=\"97c35c0\" data-element_type=\"column\">\n\t\t\t<div class=\"elementor-widget-wrap elementor-element-populated\">\n\t\t\t\t\t\t<div class=\"elementor-element elementor-element-d818227 elementor-widget elementor-widget-image\" data-id=\"d818227\" data-element_type=\"widget\" data-widget_type=\"image.default\">\n\t\t\t\t<div class=\"elementor-widget-container\">\n\t\t\t\t\t\t\t\t\t\t\t\t\t\t\t<img decoding=\"async\" width=\"1024\" height=\"683\" src=\"https:\/\/www.willysplan.com\/wp-content\/uploads\/2022\/07\/karting-salou-1024x683.jpg\" class=\"attachment-large size-large wp-image-15005\" alt=\"\" srcset=\"https:\/\/www.willysplan.com\/wp-content\/uploads\/2022\/07\/karting-salou-1024x683.jpg 1024w, https:\/\/www.willysplan.com\/wp-content\/uploads\/2022\/07\/karting-salou-300x200.jpg 300w, https:\/\/www.willysplan.com\/wp-content\/uploads\/2022\/07\/karting-salou-768x512.jpg 768w, https:\/\/www.willysplan.com\/wp-content\/uploads\/2022\/07\/karting-salou-930x620.jpg 930w, https:\/\/www.willysplan.com\/wp-content\/uploads\/2022\/07\/karting-salou-600x400.jpg 600w, https:\/\/www.willysplan.com\/wp-content\/uploads\/2022\/07\/karting-salou.jpg 1500w\" sizes=\"(max-width: 1024px) 100vw, 1024px\" \/>\t\t\t\t\t\t\t\t\t\t\t\t\t\t\t<\/div>\n\t\t\t\t<\/div>\n\t\t\t\t\t<\/div>\n\t\t<\/div>\n\t\t\t\t<div class=\"elementor-column elementor-col-50 elementor-top-column elementor-element elementor-element-3897dae\" data-id=\"3897dae\" data-element_type=\"column\">\n\t\t\t<div class=\"elementor-widget-wrap elementor-element-populated\">\n\t\t\t\t\t\t<div class=\"elementor-element elementor-element-794d0b3 elementor-widget elementor-widget-google_maps\" data-id=\"794d0b3\" data-element_type=\"widget\" data-widget_type=\"google_maps.default\">\n\t\t\t\t<div class=\"elementor-widget-container\">\n\t\t\t\t\t\t\t<div class=\"elementor-custom-embed\">\n\t\t\t<iframe loading=\"lazy\"\n\t\t\t\t\tsrc=\"https:\/\/maps.google.com\/maps?q=karting%20salou&#038;t=m&#038;z=13&#038;output=embed&#038;iwloc=near\"\n\t\t\t\t\ttitle=\"karting salou\"\n\t\t\t\t\taria-label=\"karting salou\"\n\t\t\t><\/iframe>\n\t\t<\/div>\n\t\t\t\t\t\t<\/div>\n\t\t\t\t<\/div>\n\t\t\t\t\t<\/div>\n\t\t<\/div>\n\t\t\t\t\t<\/div>\n\t\t<\/section>\n\t\t\t\t<section class=\"elementor-section elementor-top-section elementor-element elementor-element-f910a4c elementor-section-boxed elementor-section-height-default elementor-section-height-default\" data-id=\"f910a4c\" data-element_type=\"section\">\n\t\t\t\t\t\t<div class=\"elementor-container elementor-column-gap-default\">\n\t\t\t\t\t<div class=\"elementor-column elementor-col-100 elementor-top-column elementor-element elementor-element-071ec41\" data-id=\"071ec41\" data-element_type=\"column\">\n\t\t\t<div class=\"elementor-widget-wrap elementor-element-populated\">\n\t\t\t\t\t\t<div class=\"elementor-element elementor-element-cda267f elementor-widget elementor-widget-text-editor\" data-id=\"cda267f\" data-element_type=\"widget\" data-widget_type=\"text-editor.default\">\n\t\t\t\t<div class=\"elementor-widget-container\">\n\t\t\t\t\t\t\t\t\t<p>El <strong>Karting Salou<\/strong> pot ser una experi\u00e8ncia molt diferent a les teves vacances que et far\u00e0 viure els teus dies lliures al m\u00e0xim. Quan arribis a l&#8217;espai et trobar\u00e0s amb un circuit de corbes que posaran en dubte les teves habilitats com a conductor. Pels m\u00e9s petits de la casa (entre 4 i 7 anys), tindreu disponibles uns karts adaptats, que en <strong>garanteixen la seguretat<\/strong> en tot moment.<\/p>\n<p>Encara que, si el teu fill \u00e9s dels m\u00e9s atrevits, el pots pujar amb tu en un <strong>kart bipla\u00e7a<\/strong> i permetre-li que visqui l&#8217;experi\u00e8ncia de la m\u00e0xima velocitat. Quan acabis de la teva carrera, pots passar-te pel <strong>sal\u00f3 recreatiu<\/strong> , que es troba a les mateixes instal\u00b7lacions. All\u00e0 podreu tastar els simuladors o pujar-vos al Bungee Rocket.<\/p>\n\t\t\t\t\t\t\t\t<\/div>\n\t\t\t\t<\/div>\n\t\t\t\t\t<\/div>\n\t\t<\/div>\n\t\t\t\t\t<\/div>\n\t\t<\/section>\n\t\t\t\t<section class=\"elementor-section elementor-top-section elementor-element elementor-element-c321901 elementor-section-boxed elementor-section-height-default elementor-section-height-default\" data-id=\"c321901\" data-element_type=\"section\">\n\t\t\t\t\t\t<div class=\"elementor-container elementor-column-gap-default\">\n\t\t\t\t\t<div class=\"elementor-column elementor-col-100 elementor-top-column elementor-element elementor-element-dbe0645\" data-id=\"dbe0645\" data-element_type=\"column\">\n\t\t\t<div class=\"elementor-widget-wrap elementor-element-populated\">\n\t\t\t\t\t\t<div class=\"elementor-element elementor-element-6db584e elementor-widget elementor-widget-heading\" data-id=\"6db584e\" data-element_type=\"widget\" data-widget_type=\"heading.default\">\n\t\t\t\t<div class=\"elementor-widget-container\">\n\t\t\t\t\t<h3 class=\"elementor-heading-title elementor-size-default\">Gaudeix de la natura al Bosc Aventura<\/h3>\t\t\t\t<\/div>\n\t\t\t\t<\/div>\n\t\t\t\t\t<\/div>\n\t\t<\/div>\n\t\t\t\t\t<\/div>\n\t\t<\/section>\n\t\t\t\t<section class=\"elementor-section elementor-top-section elementor-element elementor-element-5958640 elementor-section-boxed elementor-section-height-default elementor-section-height-default\" data-id=\"5958640\" data-element_type=\"section\">\n\t\t\t\t\t\t<div class=\"elementor-container elementor-column-gap-default\">\n\t\t\t\t\t<div class=\"elementor-column elementor-col-50 elementor-top-column elementor-element elementor-element-3b398de\" data-id=\"3b398de\" data-element_type=\"column\">\n\t\t\t<div class=\"elementor-widget-wrap elementor-element-populated\">\n\t\t\t\t\t\t<div class=\"elementor-element elementor-element-77fa222 elementor-widget elementor-widget-image\" data-id=\"77fa222\" data-element_type=\"widget\" data-widget_type=\"image.default\">\n\t\t\t\t<div class=\"elementor-widget-container\">\n\t\t\t\t\t\t\t\t\t\t\t\t\t\t\t<img decoding=\"async\" width=\"300\" height=\"300\" src=\"https:\/\/www.willysplan.com\/wp-content\/uploads\/2022\/07\/bosc-aventura-de-salou-300x300.jpeg\" class=\"attachment-medium size-medium wp-image-15003\" alt=\"\" srcset=\"https:\/\/www.willysplan.com\/wp-content\/uploads\/2022\/07\/bosc-aventura-de-salou-300x300.jpeg 300w, https:\/\/www.willysplan.com\/wp-content\/uploads\/2022\/07\/bosc-aventura-de-salou-150x150.jpeg 150w, https:\/\/www.willysplan.com\/wp-content\/uploads\/2022\/07\/bosc-aventura-de-salou-768x768.jpeg 768w, https:\/\/www.willysplan.com\/wp-content\/uploads\/2022\/07\/bosc-aventura-de-salou-600x600.jpeg 600w, https:\/\/www.willysplan.com\/wp-content\/uploads\/2022\/07\/bosc-aventura-de-salou-100x100.jpeg 100w, https:\/\/www.willysplan.com\/wp-content\/uploads\/2022\/07\/bosc-aventura-de-salou.jpeg 960w\" sizes=\"(max-width: 300px) 100vw, 300px\" \/>\t\t\t\t\t\t\t\t\t\t\t\t\t\t\t<\/div>\n\t\t\t\t<\/div>\n\t\t\t\t\t<\/div>\n\t\t<\/div>\n\t\t\t\t<div class=\"elementor-column elementor-col-50 elementor-top-column elementor-element elementor-element-2ab518c\" data-id=\"2ab518c\" data-element_type=\"column\">\n\t\t\t<div class=\"elementor-widget-wrap elementor-element-populated\">\n\t\t\t\t\t\t<div class=\"elementor-element elementor-element-6b0c8e6 elementor-widget elementor-widget-google_maps\" data-id=\"6b0c8e6\" data-element_type=\"widget\" data-widget_type=\"google_maps.default\">\n\t\t\t\t<div class=\"elementor-widget-container\">\n\t\t\t\t\t\t\t<div class=\"elementor-custom-embed\">\n\t\t\t<iframe loading=\"lazy\"\n\t\t\t\t\tsrc=\"https:\/\/maps.google.com\/maps?q=bosc%20aventura%20salou&#038;t=m&#038;z=13&#038;output=embed&#038;iwloc=near\"\n\t\t\t\t\ttitle=\"bosc aventura salou\"\n\t\t\t\t\taria-label=\"bosc aventura salou\"\n\t\t\t><\/iframe>\n\t\t<\/div>\n\t\t\t\t\t\t<\/div>\n\t\t\t\t<\/div>\n\t\t\t\t\t<\/div>\n\t\t<\/div>\n\t\t\t\t\t<\/div>\n\t\t<\/section>\n\t\t\t\t<section class=\"elementor-section elementor-top-section elementor-element elementor-element-37bf862 elementor-section-boxed elementor-section-height-default elementor-section-height-default\" data-id=\"37bf862\" data-element_type=\"section\">\n\t\t\t\t\t\t<div class=\"elementor-container elementor-column-gap-default\">\n\t\t\t\t\t<div class=\"elementor-column elementor-col-100 elementor-top-column elementor-element elementor-element-c4717ec\" data-id=\"c4717ec\" data-element_type=\"column\">\n\t\t\t<div class=\"elementor-widget-wrap elementor-element-populated\">\n\t\t\t\t\t\t<div class=\"elementor-element elementor-element-ee9da43 elementor-widget elementor-widget-text-editor\" data-id=\"ee9da43\" data-element_type=\"widget\" data-widget_type=\"text-editor.default\">\n\t\t\t\t<div class=\"elementor-widget-container\">\n\t\t\t\t\t\t\t\t\t<p>Al bell mig de la ciutat de Salou podr\u00e0s trobar aquest parc, com si fos un oasi al mig del desert. Es tracta d&#8217;un lloc de <strong>8.000 metres quadrats d&#8217;extensi\u00f3<\/strong> que us ofereix un circuit per les altures ple de reptes i aventures. Compte amb tirolines de m\u00e9s de 80 metres de longitud, zones de paintball, roc\u00f2droms i gimcanes.<\/p>\n<p>Tria l&#8217;activitat que m\u00e9s cridi la teva atenci\u00f3 i passa <strong>un dia de diversi\u00f3 en fam\u00edlia,<\/strong> completament envoltats per naturalesa. La dificultat dels circuits pels arbres est\u00e0 adaptada a ledat i les possibilitats de cada nen. Els circuits m\u00e9s emocionants poden arribar a tenir una al\u00e7ada de fins a 10 metres.<\/p>\n\t\t\t\t\t\t\t\t<\/div>\n\t\t\t\t<\/div>\n\t\t\t\t\t<\/div>\n\t\t<\/div>\n\t\t\t\t\t<\/div>\n\t\t<\/section>\n\t\t\t\t<section class=\"elementor-section elementor-top-section elementor-element elementor-element-74bab06 elementor-section-boxed elementor-section-height-default elementor-section-height-default\" data-id=\"74bab06\" data-element_type=\"section\">\n\t\t\t\t\t\t<div class=\"elementor-container elementor-column-gap-default\">\n\t\t\t\t\t<div class=\"elementor-column elementor-col-100 elementor-top-column elementor-element elementor-element-d7f11be\" data-id=\"d7f11be\" data-element_type=\"column\">\n\t\t\t<div class=\"elementor-widget-wrap elementor-element-populated\">\n\t\t\t\t\t\t<div class=\"elementor-element elementor-element-6710898 elementor-widget elementor-widget-heading\" data-id=\"6710898\" data-element_type=\"widget\" data-widget_type=\"heading.default\">\n\t\t\t\t<div class=\"elementor-widget-container\">\n\t\t\t\t\t<h3 class=\"elementor-heading-title elementor-size-default\">Fes una petita excursi\u00f3 pel Cam\u00ed de Ronda<\/h3>\t\t\t\t<\/div>\n\t\t\t\t<\/div>\n\t\t\t\t\t<\/div>\n\t\t<\/div>\n\t\t\t\t\t<\/div>\n\t\t<\/section>\n\t\t\t\t<section class=\"elementor-section elementor-top-section elementor-element elementor-element-91d2a06 elementor-section-boxed elementor-section-height-default elementor-section-height-default\" data-id=\"91d2a06\" data-element_type=\"section\">\n\t\t\t\t\t\t<div class=\"elementor-container elementor-column-gap-default\">\n\t\t\t\t\t<div class=\"elementor-column elementor-col-50 elementor-top-column elementor-element elementor-element-ae8dc5f\" data-id=\"ae8dc5f\" data-element_type=\"column\">\n\t\t\t<div class=\"elementor-widget-wrap elementor-element-populated\">\n\t\t\t\t\t\t<div class=\"elementor-element elementor-element-0c43306 elementor-widget elementor-widget-image\" data-id=\"0c43306\" data-element_type=\"widget\" data-widget_type=\"image.default\">\n\t\t\t\t<div class=\"elementor-widget-container\">\n\t\t\t\t\t\t\t\t\t\t\t\t\t\t\t<img loading=\"lazy\" decoding=\"async\" width=\"1024\" height=\"701\" src=\"https:\/\/www.willysplan.com\/wp-content\/uploads\/2022\/07\/cami-de-ronda-per-salou-1-1024x701.jpg\" class=\"attachment-large size-large wp-image-15001\" alt=\"\" srcset=\"https:\/\/www.willysplan.com\/wp-content\/uploads\/2022\/07\/cami-de-ronda-per-salou-1-1024x701.jpg 1024w, https:\/\/www.willysplan.com\/wp-content\/uploads\/2022\/07\/cami-de-ronda-per-salou-1-300x205.jpg 300w, https:\/\/www.willysplan.com\/wp-content\/uploads\/2022\/07\/cami-de-ronda-per-salou-1-768x526.jpg 768w, https:\/\/www.willysplan.com\/wp-content\/uploads\/2022\/07\/cami-de-ronda-per-salou-1-600x411.jpg 600w, https:\/\/www.willysplan.com\/wp-content\/uploads\/2022\/07\/cami-de-ronda-per-salou-1.jpg 1280w\" sizes=\"(max-width: 1024px) 100vw, 1024px\" \/>\t\t\t\t\t\t\t\t\t\t\t\t\t\t\t<\/div>\n\t\t\t\t<\/div>\n\t\t\t\t\t<\/div>\n\t\t<\/div>\n\t\t\t\t<div class=\"elementor-column elementor-col-50 elementor-top-column elementor-element elementor-element-595e76a\" data-id=\"595e76a\" data-element_type=\"column\">\n\t\t\t<div class=\"elementor-widget-wrap elementor-element-populated\">\n\t\t\t\t\t\t<div class=\"elementor-element elementor-element-cdede47 elementor-widget elementor-widget-google_maps\" data-id=\"cdede47\" data-element_type=\"widget\" data-widget_type=\"google_maps.default\">\n\t\t\t\t<div class=\"elementor-widget-container\">\n\t\t\t\t\t\t\t<div class=\"elementor-custom-embed\">\n\t\t\t<iframe loading=\"lazy\"\n\t\t\t\t\tsrc=\"https:\/\/maps.google.com\/maps?q=Camino%20de%20Ronda%2C%20Carrer%20de%20Col%C3%B3n%2C%20Salou&#038;t=m&#038;z=13&#038;output=embed&#038;iwloc=near\"\n\t\t\t\t\ttitle=\"Camino de Ronda, Carrer de Col\u00f3n, Salou\"\n\t\t\t\t\taria-label=\"Camino de Ronda, Carrer de Col\u00f3n, Salou\"\n\t\t\t><\/iframe>\n\t\t<\/div>\n\t\t\t\t\t\t<\/div>\n\t\t\t\t<\/div>\n\t\t\t\t\t<\/div>\n\t\t<\/div>\n\t\t\t\t\t<\/div>\n\t\t<\/section>\n\t\t\t\t<section class=\"elementor-section elementor-top-section elementor-element elementor-element-d045487 elementor-section-boxed elementor-section-height-default elementor-section-height-default\" data-id=\"d045487\" data-element_type=\"section\">\n\t\t\t\t\t\t<div class=\"elementor-container elementor-column-gap-default\">\n\t\t\t\t\t<div class=\"elementor-column elementor-col-100 elementor-top-column elementor-element elementor-element-8ce455b\" data-id=\"8ce455b\" data-element_type=\"column\">\n\t\t\t<div class=\"elementor-widget-wrap elementor-element-populated\">\n\t\t\t\t\t\t<div class=\"elementor-element elementor-element-8c1b39a elementor-widget elementor-widget-text-editor\" data-id=\"8c1b39a\" data-element_type=\"widget\" data-widget_type=\"text-editor.default\">\n\t\t\t\t<div class=\"elementor-widget-container\">\n\t\t\t\t\t\t\t\t\t<p>Caminar \u00e9s una de les millors maneres de compartir temps de qualitat en fam\u00edlia i permetre que sorgeixin bones converses. El tram de <strong>Cam\u00ed de Ronda<\/strong> que voreja tot el Cap de Salou, t\u00e9 una longitud de 2 quil\u00f2metres, per tant podr\u00e0s anar i tornar en una hora, depenent del pas que porteu.<\/p>\n<p>Aquesta \u00e9s la millor manera de veure un entorn natural preci\u00f3s i anar parant-te a fer una capbussada a les cales que m\u00e9s us vinguin de gust, durant el passeig. A mig cam\u00ed, just a la Cala Llenguadets us trobareu amb els <strong>b\u00fanquers constru\u00efts durant la Guerra civil<\/strong> i que van servir per protegir les costes catalanes.<\/p>\n\t\t\t\t\t\t\t\t<\/div>\n\t\t\t\t<\/div>\n\t\t\t\t\t<\/div>\n\t\t<\/div>\n\t\t\t\t\t<\/div>\n\t\t<\/section>\n\t\t\t\t<section class=\"elementor-section elementor-top-section elementor-element elementor-element-ca82722 elementor-section-boxed elementor-section-height-default elementor-section-height-default\" data-id=\"ca82722\" data-element_type=\"section\">\n\t\t\t\t\t\t<div class=\"elementor-container elementor-column-gap-default\">\n\t\t\t\t\t<div class=\"elementor-column elementor-col-100 elementor-top-column elementor-element elementor-element-77d5673\" data-id=\"77d5673\" data-element_type=\"column\">\n\t\t\t<div class=\"elementor-widget-wrap elementor-element-populated\">\n\t\t\t\t\t\t<div class=\"elementor-element elementor-element-000af78 elementor-widget elementor-widget-heading\" data-id=\"000af78\" data-element_type=\"widget\" data-widget_type=\"heading.default\">\n\t\t\t\t<div class=\"elementor-widget-container\">\n\t\t\t\t\t<h3 class=\"elementor-heading-title elementor-size-default\">Practica algun esport aqu\u00e0tic<\/h3>\t\t\t\t<\/div>\n\t\t\t\t<\/div>\n\t\t\t\t\t<\/div>\n\t\t<\/div>\n\t\t\t\t\t<\/div>\n\t\t<\/section>\n\t\t\t\t<section class=\"elementor-section elementor-top-section elementor-element elementor-element-be6f954 elementor-section-boxed elementor-section-height-default elementor-section-height-default\" data-id=\"be6f954\" data-element_type=\"section\">\n\t\t\t\t\t\t<div class=\"elementor-container elementor-column-gap-default\">\n\t\t\t\t\t<div class=\"elementor-column elementor-col-100 elementor-top-column elementor-element elementor-element-0c97a55\" data-id=\"0c97a55\" data-element_type=\"column\">\n\t\t\t<div class=\"elementor-widget-wrap elementor-element-populated\">\n\t\t\t\t\t\t<div class=\"elementor-element elementor-element-70e1c98 elementor-widget elementor-widget-image\" data-id=\"70e1c98\" data-element_type=\"widget\" data-widget_type=\"image.default\">\n\t\t\t\t<div class=\"elementor-widget-container\">\n\t\t\t\t\t\t\t\t\t\t\t\t\t\t\t<img loading=\"lazy\" decoding=\"async\" width=\"1024\" height=\"609\" src=\"https:\/\/www.willysplan.com\/wp-content\/uploads\/2022\/07\/deporte-acuatico-en-salou-1024x609.jpeg\" class=\"attachment-large size-large wp-image-14997\" alt=\"\" srcset=\"https:\/\/www.willysplan.com\/wp-content\/uploads\/2022\/07\/deporte-acuatico-en-salou-1024x609.jpeg 1024w, https:\/\/www.willysplan.com\/wp-content\/uploads\/2022\/07\/deporte-acuatico-en-salou-300x178.jpeg 300w, https:\/\/www.willysplan.com\/wp-content\/uploads\/2022\/07\/deporte-acuatico-en-salou-768x457.jpeg 768w, https:\/\/www.willysplan.com\/wp-content\/uploads\/2022\/07\/deporte-acuatico-en-salou-600x357.jpeg 600w, https:\/\/www.willysplan.com\/wp-content\/uploads\/2022\/07\/deporte-acuatico-en-salou.jpeg 1260w\" sizes=\"(max-width: 1024px) 100vw, 1024px\" \/>\t\t\t\t\t\t\t\t\t\t\t\t\t\t\t<\/div>\n\t\t\t\t<\/div>\n\t\t\t\t\t<\/div>\n\t\t<\/div>\n\t\t\t\t\t<\/div>\n\t\t<\/section>\n\t\t\t\t<section class=\"elementor-section elementor-top-section elementor-element elementor-element-8476545 elementor-section-boxed elementor-section-height-default elementor-section-height-default\" data-id=\"8476545\" data-element_type=\"section\">\n\t\t\t\t\t\t<div class=\"elementor-container elementor-column-gap-default\">\n\t\t\t\t\t<div class=\"elementor-column elementor-col-100 elementor-top-column elementor-element elementor-element-4abc0d3\" data-id=\"4abc0d3\" data-element_type=\"column\">\n\t\t\t<div class=\"elementor-widget-wrap elementor-element-populated\">\n\t\t\t\t\t\t<div class=\"elementor-element elementor-element-ab368ac elementor-widget elementor-widget-text-editor\" data-id=\"ab368ac\" data-element_type=\"widget\" data-widget_type=\"text-editor.default\">\n\t\t\t\t<div class=\"elementor-widget-container\">\n\t\t\t\t\t\t\t\t\t<p>Si la calor prem durant les teves vacances, el millor que pots fer \u00e9s passar el major temps possible ficat a l&#8217;aigua. Per\u00f2 potser la teva fam\u00edlia no \u00e9s de les que pot estar tot el dia sense fer res, estirats en una hamaca, a la vora de la platja, sin\u00f3 que necessiteu <strong>una mica m\u00e9s d&#8217;acci\u00f3.<\/strong><\/p>\n<p>Et recomanem que us apropeu al port ol\u00edmpic de Salou i que <strong>trieu l&#8217;activitat aqu\u00e0tica<\/strong> que m\u00e9s us vingui de gust: p\u00e0del surf, moto aqu\u00e0tica, esn\u00f3rquel, busseig, caiac, etc. \u00c9s recomanable que trieu una activitat apta per a totes les edats, perqu\u00e8 pugueu gaudir en fam\u00edlia, tots al mateix nivell.<\/p>\n\t\t\t\t\t\t\t\t<\/div>\n\t\t\t\t<\/div>\n\t\t\t\t\t<\/div>\n\t\t<\/div>\n\t\t\t\t\t<\/div>\n\t\t<\/section>\n\t\t\t\t<section class=\"elementor-section elementor-top-section elementor-element elementor-element-774fd5b elementor-section-boxed elementor-section-height-default elementor-section-height-default\" data-id=\"774fd5b\" data-element_type=\"section\">\n\t\t\t\t\t\t<div class=\"elementor-container elementor-column-gap-default\">\n\t\t\t\t\t<div class=\"elementor-column elementor-col-100 elementor-top-column elementor-element elementor-element-ccb3386\" data-id=\"ccb3386\" data-element_type=\"column\">\n\t\t\t<div class=\"elementor-widget-wrap elementor-element-populated\">\n\t\t\t\t\t\t<div class=\"elementor-element elementor-element-5d6c67c elementor-widget elementor-widget-heading\" data-id=\"5d6c67c\" data-element_type=\"widget\" data-widget_type=\"heading.default\">\n\t\t\t\t<div class=\"elementor-widget-container\">\n\t\t\t\t\t<h2 class=\"elementor-heading-title elementor-size-default\">Altres rutes que tamb\u00e9 et poden interessar...<\/h2>\t\t\t\t<\/div>\n\t\t\t\t<\/div>\n\t\t\t\t\t<\/div>\n\t\t<\/div>\n\t\t\t\t\t<\/div>\n\t\t<\/section>\n\t\t\t\t<section class=\"elementor-section elementor-top-section elementor-element elementor-element-b9303aa elementor-section-boxed elementor-section-height-default elementor-section-height-default\" data-id=\"b9303aa\" data-element_type=\"section\">\n\t\t\t\t\t\t<div class=\"elementor-container elementor-column-gap-default\">\n\t\t\t\t\t<div class=\"elementor-column elementor-col-100 elementor-top-column elementor-element elementor-element-4c9811a\" data-id=\"4c9811a\" data-element_type=\"column\">\n\t\t\t<div class=\"elementor-widget-wrap elementor-element-populated\">\n\t\t\t\t\t\t\t<\/div>\n\t\t<\/div>\n\t\t\t\t\t<\/div>\n\t\t<\/section>\n\t\t\t\t<\/div>\n\t\t","protected":false},"excerpt":{"rendered":"<p>Salou s&#8217;ha convertit en una de les destinacions de vacances per excel\u00b7l\u00e8ncia, ja que ofereix tot all\u00f2 que una fam\u00edlia pot necessitar durant els seus dies lliures a la Costa Daurada de Catalunya: platja, sol, entreteniment, visites culturals, esports d&#8217;aventura, etc. Continua llegint si vols descobrir la millor manera de gaudir d\u00b4unes vacances en fam\u00edlia&hellip;&nbsp;<a href=\"https:\/\/www.willysplan.com\/ca\/idees\/gaudeix-dunes-vacances-en-familia-a-salou\" rel=\"bookmark\">Llegiu m\u00e9s &raquo;<span class=\"screen-reader-text\">Gaudeix d&#8217;unes vacances en fam\u00edlia a Salou<\/span><\/a><\/p>\n","protected":false},"author":1,"featured_media":15007,"comment_status":"closed","ping_status":"closed","sticky":false,"template":"","format":"standard","meta":{"neve_meta_sidebar":"","neve_meta_container":"","neve_meta_enable_content_width":"","neve_meta_content_width":0,"neve_meta_title_alignment":"","neve_meta_author_avatar":"","neve_post_elements_order":"","neve_meta_disable_header":"","neve_meta_disable_footer":"","neve_meta_disable_title":"","_joinchat":[],"footnotes":""},"categories":[462],"tags":[461],"class_list":["post-16536","post","type-post","status-publish","format-standard","has-post-thumbnail","hentry","category-idees","tag-idees"],"yoast_head":"<!-- This site is optimized with the Yoast SEO Premium plugin v20.1 (Yoast SEO v26.9) - https:\/\/yoast.com\/product\/yoast-seo-premium-wordpress\/ -->\n<title>Gaudeix d&#039;unes vacances en fam\u00edlia a Salou - Willy&#039;s Plan<\/title>\n<meta name=\"description\" content=\"Coneixes totes les activitats que pots fer durant unes vacances en fam\u00edlia per Salou? Descobreix totes les opcions amb els nens \u2705\" \/>\n<meta name=\"robots\" content=\"index, follow, max-snippet:-1, max-image-preview:large, max-video-preview:-1\" \/>\n<link rel=\"canonical\" href=\"https:\/\/www.willysplan.com\/ca\/idees\/gaudeix-dunes-vacances-en-familia-a-salou\" \/>\n<meta property=\"og:locale\" content=\"ca_ES\" \/>\n<meta property=\"og:type\" content=\"article\" \/>\n<meta property=\"og:title\" content=\"Gaudeix d&#039;unes vacances en fam\u00edlia a Salou\" \/>\n<meta property=\"og:description\" content=\"Coneixes totes les activitats que pots fer durant unes vacances en fam\u00edlia per Salou? Descobreix totes les opcions amb els nens \u2705\" \/>\n<meta property=\"og:url\" content=\"https:\/\/www.willysplan.com\/ca\/idees\/gaudeix-dunes-vacances-en-familia-a-salou\" \/>\n<meta property=\"og:site_name\" content=\"Willy&#039;s Plan \ud83c\udf43\" \/>\n<meta property=\"article:published_time\" content=\"2022-07-22T17:15:54+00:00\" \/>\n<meta property=\"article:modified_time\" content=\"2023-01-03T20:42:06+00:00\" \/>\n<meta property=\"og:image\" content=\"https:\/\/www.willysplan.com\/wp-content\/uploads\/2022\/07\/salou-de-vacaciones.jpg\" \/>\n\t<meta property=\"og:image:width\" content=\"1750\" \/>\n\t<meta property=\"og:image:height\" content=\"1000\" \/>\n\t<meta property=\"og:image:type\" content=\"image\/jpeg\" \/>\n<meta name=\"author\" content=\"admin\" \/>\n<meta name=\"twitter:card\" content=\"summary_large_image\" \/>\n<meta name=\"twitter:label1\" content=\"Escrit per\" \/>\n\t<meta name=\"twitter:data1\" content=\"admin\" \/>\n\t<meta name=\"twitter:label2\" content=\"Temps estimat de lectura\" \/>\n\t<meta name=\"twitter:data2\" content=\"4 minuts\" \/>\n<script type=\"application\/ld+json\" class=\"yoast-schema-graph\">{\"@context\":\"https:\/\/schema.org\",\"@graph\":[{\"@type\":\"Article\",\"@id\":\"https:\/\/www.willysplan.com\/ca\/idees\/gaudeix-dunes-vacances-en-familia-a-salou#article\",\"isPartOf\":{\"@id\":\"https:\/\/www.willysplan.com\/ca\/idees\/gaudeix-dunes-vacances-en-familia-a-salou\"},\"author\":{\"name\":\"admin\",\"@id\":\"https:\/\/www.willysplan.com\/#\/schema\/person\/58c1527a9a42e9b18a877f14136f1d47\"},\"headline\":\"Gaudeix d&#8217;unes vacances en fam\u00edlia a Salou\",\"datePublished\":\"2022-07-22T17:15:54+00:00\",\"dateModified\":\"2023-01-03T20:42:06+00:00\",\"mainEntityOfPage\":{\"@id\":\"https:\/\/www.willysplan.com\/ca\/idees\/gaudeix-dunes-vacances-en-familia-a-salou\"},\"wordCount\":842,\"publisher\":{\"@id\":\"https:\/\/www.willysplan.com\/#organization\"},\"image\":{\"@id\":\"https:\/\/www.willysplan.com\/ca\/idees\/gaudeix-dunes-vacances-en-familia-a-salou#primaryimage\"},\"thumbnailUrl\":\"https:\/\/www.willysplan.com\/wp-content\/uploads\/2022\/07\/salou-de-vacaciones.jpg\",\"keywords\":[\"idees\"],\"articleSection\":[\"Idees\"],\"inLanguage\":\"ca\"},{\"@type\":\"WebPage\",\"@id\":\"https:\/\/www.willysplan.com\/ca\/idees\/gaudeix-dunes-vacances-en-familia-a-salou\",\"url\":\"https:\/\/www.willysplan.com\/ca\/idees\/gaudeix-dunes-vacances-en-familia-a-salou\",\"name\":\"Gaudeix d'unes vacances en fam\u00edlia a Salou - Willy's Plan\",\"isPartOf\":{\"@id\":\"https:\/\/www.willysplan.com\/#website\"},\"primaryImageOfPage\":{\"@id\":\"https:\/\/www.willysplan.com\/ca\/idees\/gaudeix-dunes-vacances-en-familia-a-salou#primaryimage\"},\"image\":{\"@id\":\"https:\/\/www.willysplan.com\/ca\/idees\/gaudeix-dunes-vacances-en-familia-a-salou#primaryimage\"},\"thumbnailUrl\":\"https:\/\/www.willysplan.com\/wp-content\/uploads\/2022\/07\/salou-de-vacaciones.jpg\",\"datePublished\":\"2022-07-22T17:15:54+00:00\",\"dateModified\":\"2023-01-03T20:42:06+00:00\",\"description\":\"Coneixes totes les activitats que pots fer durant unes vacances en fam\u00edlia per Salou? Descobreix totes les opcions amb els nens \u2705\",\"inLanguage\":\"ca\",\"potentialAction\":[{\"@type\":\"ReadAction\",\"target\":[\"https:\/\/www.willysplan.com\/ca\/idees\/gaudeix-dunes-vacances-en-familia-a-salou\"]}]},{\"@type\":\"ImageObject\",\"inLanguage\":\"ca\",\"@id\":\"https:\/\/www.willysplan.com\/ca\/idees\/gaudeix-dunes-vacances-en-familia-a-salou#primaryimage\",\"url\":\"https:\/\/www.willysplan.com\/wp-content\/uploads\/2022\/07\/salou-de-vacaciones.jpg\",\"contentUrl\":\"https:\/\/www.willysplan.com\/wp-content\/uploads\/2022\/07\/salou-de-vacaciones.jpg\",\"width\":1750,\"height\":1000},{\"@type\":\"WebSite\",\"@id\":\"https:\/\/www.willysplan.com\/#website\",\"url\":\"https:\/\/www.willysplan.com\/\",\"name\":\"Willy&#039;s Plan \ud83c\udf43\",\"description\":\"Escapadas y Planes de fin de semana\",\"publisher\":{\"@id\":\"https:\/\/www.willysplan.com\/#organization\"},\"potentialAction\":[{\"@type\":\"SearchAction\",\"target\":{\"@type\":\"EntryPoint\",\"urlTemplate\":\"https:\/\/www.willysplan.com\/?s={search_term_string}\"},\"query-input\":{\"@type\":\"PropertyValueSpecification\",\"valueRequired\":true,\"valueName\":\"search_term_string\"}}],\"inLanguage\":\"ca\"},{\"@type\":\"Organization\",\"@id\":\"https:\/\/www.willysplan.com\/#organization\",\"name\":\"Willy&#039;s Plan \ud83c\udf43\",\"url\":\"https:\/\/www.willysplan.com\/\",\"logo\":{\"@type\":\"ImageObject\",\"inLanguage\":\"ca\",\"@id\":\"https:\/\/www.willysplan.com\/#\/schema\/logo\/image\/\",\"url\":\"https:\/\/www.willysplan.com\/wp-content\/uploads\/2020\/04\/cropped-logo-1.png\",\"contentUrl\":\"https:\/\/www.willysplan.com\/wp-content\/uploads\/2020\/04\/cropped-logo-1.png\",\"width\":332,\"height\":332,\"caption\":\"Willy&#039;s Plan \ud83c\udf43\"},\"image\":{\"@id\":\"https:\/\/www.willysplan.com\/#\/schema\/logo\/image\/\"}},{\"@type\":\"Person\",\"@id\":\"https:\/\/www.willysplan.com\/#\/schema\/person\/58c1527a9a42e9b18a877f14136f1d47\",\"name\":\"admin\",\"image\":{\"@type\":\"ImageObject\",\"inLanguage\":\"ca\",\"@id\":\"https:\/\/www.willysplan.com\/#\/schema\/person\/image\/\",\"url\":\"https:\/\/secure.gravatar.com\/avatar\/0b8d78e655d83cc71e0a6cd6cb0f0f99929604cd70ff0f7ac1713f248945ea9d?s=96&d=mm&r=g\",\"contentUrl\":\"https:\/\/secure.gravatar.com\/avatar\/0b8d78e655d83cc71e0a6cd6cb0f0f99929604cd70ff0f7ac1713f248945ea9d?s=96&d=mm&r=g\",\"caption\":\"admin\"},\"url\":\"https:\/\/www.willysplan.com\/ca\/author\/admin\"}]}<\/script>\n<!-- \/ Yoast SEO Premium plugin. -->","yoast_head_json":{"title":"Gaudeix d'unes vacances en fam\u00edlia a Salou - Willy's Plan","description":"Coneixes totes les activitats que pots fer durant unes vacances en fam\u00edlia per Salou? Descobreix totes les opcions amb els nens \u2705","robots":{"index":"index","follow":"follow","max-snippet":"max-snippet:-1","max-image-preview":"max-image-preview:large","max-video-preview":"max-video-preview:-1"},"canonical":"https:\/\/www.willysplan.com\/ca\/idees\/gaudeix-dunes-vacances-en-familia-a-salou","og_locale":"ca_ES","og_type":"article","og_title":"Gaudeix d'unes vacances en fam\u00edlia a Salou","og_description":"Coneixes totes les activitats que pots fer durant unes vacances en fam\u00edlia per Salou? Descobreix totes les opcions amb els nens \u2705","og_url":"https:\/\/www.willysplan.com\/ca\/idees\/gaudeix-dunes-vacances-en-familia-a-salou","og_site_name":"Willy&#039;s Plan \ud83c\udf43","article_published_time":"2022-07-22T17:15:54+00:00","article_modified_time":"2023-01-03T20:42:06+00:00","og_image":[{"width":1750,"height":1000,"url":"https:\/\/www.willysplan.com\/wp-content\/uploads\/2022\/07\/salou-de-vacaciones.jpg","type":"image\/jpeg"}],"author":"admin","twitter_card":"summary_large_image","twitter_misc":{"Escrit per":"admin","Temps estimat de lectura":"4 minuts"},"schema":{"@context":"https:\/\/schema.org","@graph":[{"@type":"Article","@id":"https:\/\/www.willysplan.com\/ca\/idees\/gaudeix-dunes-vacances-en-familia-a-salou#article","isPartOf":{"@id":"https:\/\/www.willysplan.com\/ca\/idees\/gaudeix-dunes-vacances-en-familia-a-salou"},"author":{"name":"admin","@id":"https:\/\/www.willysplan.com\/#\/schema\/person\/58c1527a9a42e9b18a877f14136f1d47"},"headline":"Gaudeix d&#8217;unes vacances en fam\u00edlia a Salou","datePublished":"2022-07-22T17:15:54+00:00","dateModified":"2023-01-03T20:42:06+00:00","mainEntityOfPage":{"@id":"https:\/\/www.willysplan.com\/ca\/idees\/gaudeix-dunes-vacances-en-familia-a-salou"},"wordCount":842,"publisher":{"@id":"https:\/\/www.willysplan.com\/#organization"},"image":{"@id":"https:\/\/www.willysplan.com\/ca\/idees\/gaudeix-dunes-vacances-en-familia-a-salou#primaryimage"},"thumbnailUrl":"https:\/\/www.willysplan.com\/wp-content\/uploads\/2022\/07\/salou-de-vacaciones.jpg","keywords":["idees"],"articleSection":["Idees"],"inLanguage":"ca"},{"@type":"WebPage","@id":"https:\/\/www.willysplan.com\/ca\/idees\/gaudeix-dunes-vacances-en-familia-a-salou","url":"https:\/\/www.willysplan.com\/ca\/idees\/gaudeix-dunes-vacances-en-familia-a-salou","name":"Gaudeix d'unes vacances en fam\u00edlia a Salou - Willy's Plan","isPartOf":{"@id":"https:\/\/www.willysplan.com\/#website"},"primaryImageOfPage":{"@id":"https:\/\/www.willysplan.com\/ca\/idees\/gaudeix-dunes-vacances-en-familia-a-salou#primaryimage"},"image":{"@id":"https:\/\/www.willysplan.com\/ca\/idees\/gaudeix-dunes-vacances-en-familia-a-salou#primaryimage"},"thumbnailUrl":"https:\/\/www.willysplan.com\/wp-content\/uploads\/2022\/07\/salou-de-vacaciones.jpg","datePublished":"2022-07-22T17:15:54+00:00","dateModified":"2023-01-03T20:42:06+00:00","description":"Coneixes totes les activitats que pots fer durant unes vacances en fam\u00edlia per Salou? Descobreix totes les opcions amb els nens \u2705","inLanguage":"ca","potentialAction":[{"@type":"ReadAction","target":["https:\/\/www.willysplan.com\/ca\/idees\/gaudeix-dunes-vacances-en-familia-a-salou"]}]},{"@type":"ImageObject","inLanguage":"ca","@id":"https:\/\/www.willysplan.com\/ca\/idees\/gaudeix-dunes-vacances-en-familia-a-salou#primaryimage","url":"https:\/\/www.willysplan.com\/wp-content\/uploads\/2022\/07\/salou-de-vacaciones.jpg","contentUrl":"https:\/\/www.willysplan.com\/wp-content\/uploads\/2022\/07\/salou-de-vacaciones.jpg","width":1750,"height":1000},{"@type":"WebSite","@id":"https:\/\/www.willysplan.com\/#website","url":"https:\/\/www.willysplan.com\/","name":"Willy&#039;s Plan \ud83c\udf43","description":"Escapadas y Planes de fin de semana","publisher":{"@id":"https:\/\/www.willysplan.com\/#organization"},"potentialAction":[{"@type":"SearchAction","target":{"@type":"EntryPoint","urlTemplate":"https:\/\/www.willysplan.com\/?s={search_term_string}"},"query-input":{"@type":"PropertyValueSpecification","valueRequired":true,"valueName":"search_term_string"}}],"inLanguage":"ca"},{"@type":"Organization","@id":"https:\/\/www.willysplan.com\/#organization","name":"Willy&#039;s Plan \ud83c\udf43","url":"https:\/\/www.willysplan.com\/","logo":{"@type":"ImageObject","inLanguage":"ca","@id":"https:\/\/www.willysplan.com\/#\/schema\/logo\/image\/","url":"https:\/\/www.willysplan.com\/wp-content\/uploads\/2020\/04\/cropped-logo-1.png","contentUrl":"https:\/\/www.willysplan.com\/wp-content\/uploads\/2020\/04\/cropped-logo-1.png","width":332,"height":332,"caption":"Willy&#039;s Plan \ud83c\udf43"},"image":{"@id":"https:\/\/www.willysplan.com\/#\/schema\/logo\/image\/"}},{"@type":"Person","@id":"https:\/\/www.willysplan.com\/#\/schema\/person\/58c1527a9a42e9b18a877f14136f1d47","name":"admin","image":{"@type":"ImageObject","inLanguage":"ca","@id":"https:\/\/www.willysplan.com\/#\/schema\/person\/image\/","url":"https:\/\/secure.gravatar.com\/avatar\/0b8d78e655d83cc71e0a6cd6cb0f0f99929604cd70ff0f7ac1713f248945ea9d?s=96&d=mm&r=g","contentUrl":"https:\/\/secure.gravatar.com\/avatar\/0b8d78e655d83cc71e0a6cd6cb0f0f99929604cd70ff0f7ac1713f248945ea9d?s=96&d=mm&r=g","caption":"admin"},"url":"https:\/\/www.willysplan.com\/ca\/author\/admin"}]}},"_links":{"self":[{"href":"https:\/\/www.willysplan.com\/ca\/wp-json\/wp\/v2\/posts\/16536","targetHints":{"allow":["GET"]}}],"collection":[{"href":"https:\/\/www.willysplan.com\/ca\/wp-json\/wp\/v2\/posts"}],"about":[{"href":"https:\/\/www.willysplan.com\/ca\/wp-json\/wp\/v2\/types\/post"}],"author":[{"embeddable":true,"href":"https:\/\/www.willysplan.com\/ca\/wp-json\/wp\/v2\/users\/1"}],"replies":[{"embeddable":true,"href":"https:\/\/www.willysplan.com\/ca\/wp-json\/wp\/v2\/comments?post=16536"}],"version-history":[{"count":2,"href":"https:\/\/www.willysplan.com\/ca\/wp-json\/wp\/v2\/posts\/16536\/revisions"}],"predecessor-version":[{"id":16543,"href":"https:\/\/www.willysplan.com\/ca\/wp-json\/wp\/v2\/posts\/16536\/revisions\/16543"}],"wp:featuredmedia":[{"embeddable":true,"href":"https:\/\/www.willysplan.com\/ca\/wp-json\/wp\/v2\/media\/15007"}],"wp:attachment":[{"href":"https:\/\/www.willysplan.com\/ca\/wp-json\/wp\/v2\/media?parent=16536"}],"wp:term":[{"taxonomy":"category","embeddable":true,"href":"https:\/\/www.willysplan.com\/ca\/wp-json\/wp\/v2\/categories?post=16536"},{"taxonomy":"post_tag","embeddable":true,"href":"https:\/\/www.willysplan.com\/ca\/wp-json\/wp\/v2\/tags?post=16536"}],"curies":[{"name":"wp","href":"https:\/\/api.w.org\/{rel}","templated":true}]}}