{"id":16505,"date":"2021-10-26T21:15:05","date_gmt":"2021-10-26T20:15:05","guid":{"rendered":"https:\/\/willysplan.com\/uncategorized-ca\/els-8-millors-llocs-per-fer-picnic-a-barcelona"},"modified":"2023-03-22T21:32:59","modified_gmt":"2023-03-22T20:32:59","slug":"els-8-millors-llocs-per-fer-picnic-a-barcelona","status":"publish","type":"post","link":"https:\/\/www.willysplan.com\/ca\/idees\/els-8-millors-llocs-per-fer-picnic-a-barcelona","title":{"rendered":"Els 8 millors llocs per fer p\u00edcnic a Barcelona"},"content":{"rendered":"\t\t<div data-elementor-type=\"wp-post\" data-elementor-id=\"16505\" class=\"elementor elementor-16505 elementor-8142\" data-elementor-post-type=\"post\">\n\t\t\t\t\t\t<section class=\"elementor-section elementor-top-section elementor-element elementor-element-671cd3c elementor-section-boxed elementor-section-height-default elementor-section-height-default\" data-id=\"671cd3c\" data-element_type=\"section\">\n\t\t\t\t\t\t<div class=\"elementor-container elementor-column-gap-default\">\n\t\t\t\t\t<div class=\"elementor-column elementor-col-100 elementor-top-column elementor-element elementor-element-eaffc38\" data-id=\"eaffc38\" data-element_type=\"column\">\n\t\t\t<div class=\"elementor-widget-wrap elementor-element-populated\">\n\t\t\t\t\t\t<div class=\"elementor-element elementor-element-ac561a4 elementor-widget elementor-widget-text-editor\" data-id=\"ac561a4\" data-element_type=\"widget\" data-widget_type=\"text-editor.default\">\n\t\t\t\t<div class=\"elementor-widget-container\">\n\t\t\t\t\t\t\t\t\t<p>Est\u00e0s buscant zones on fer p\u00edcnics a Barcelona? A continuaci\u00f3 et detallarem els que s\u00f3n per a nosaltres, els 8 millors berenars per anar amb nens, vulguis fer un p\u00edcnic rom\u00e0ntic amb la parella, o un brunch amb els amics.<\/p><p>Ara amb la tardor, ja sigui a la platja, a una terrassa oa parc, Barcelona \u00e9s una ciutat amb un clima ideal per realitzar activitats a l&#8217;aire lliure i gaudir del sol i la natura mentre et prens alguna cosa amb els teus.<\/p><p>La ciutat comtal amaga nombrosos racons acollidors, tranquils i apartats on estirar les estovalles de quadres, obrir la nevereta o la cistella de v\u00edmet i muntar un dinar o berenar a l&#8217;aire lliure. Pocs plaers gastron\u00f2mics hi ha m\u00e9s gratificants que gaudir dels teus mossegats favorits en un entorn natural, gaudint del sol, del cap de setmana i de la brisa tardorenca. Regala&#8217;t una <a href=\"https:\/\/www.willysplan.com\/ca\/escapades-relax-per-catalunya-els-millors-balnearis-hotels-i-spas\">escapada relax per Catalunya<\/a> i descobreix la nostra selecci\u00f3 amb els millors llocs per fer p\u00edcnic a Barcelona i les millors zones de p\u00edcnic a Catalunya!<\/p>\t\t\t\t\t\t\t\t<\/div>\n\t\t\t\t<\/div>\n\t\t\t\t\t<\/div>\n\t\t<\/div>\n\t\t\t\t\t<\/div>\n\t\t<\/section>\n\t\t\t\t<section class=\"elementor-section elementor-top-section elementor-element elementor-element-36fe8d4 elementor-section-boxed elementor-section-height-default elementor-section-height-default\" data-id=\"36fe8d4\" data-element_type=\"section\">\n\t\t\t\t\t\t<div class=\"elementor-container elementor-column-gap-default\">\n\t\t\t\t\t<div class=\"elementor-column elementor-col-100 elementor-top-column elementor-element elementor-element-da527a3\" data-id=\"da527a3\" data-element_type=\"column\">\n\t\t\t<div class=\"elementor-widget-wrap elementor-element-populated\">\n\t\t\t\t\t\t<div class=\"elementor-element elementor-element-005077d elementor-widget elementor-widget-heading\" data-id=\"005077d\" data-element_type=\"widget\" data-widget_type=\"heading.default\">\n\t\t\t\t<div class=\"elementor-widget-container\">\n\t\t\t\t\t<h2 class=\"elementor-heading-title elementor-size-default\">1. Parc de la Ciutadella\n<\/h2>\t\t\t\t<\/div>\n\t\t\t\t<\/div>\n\t\t\t\t\t<\/div>\n\t\t<\/div>\n\t\t\t\t\t<\/div>\n\t\t<\/section>\n\t\t\t\t<section class=\"elementor-section elementor-top-section elementor-element elementor-element-ec7d9c0 elementor-section-boxed elementor-section-height-default elementor-section-height-default\" data-id=\"ec7d9c0\" data-element_type=\"section\">\n\t\t\t\t\t\t<div class=\"elementor-container elementor-column-gap-default\">\n\t\t\t\t\t<div class=\"elementor-column elementor-col-50 elementor-top-column elementor-element elementor-element-1bee018\" data-id=\"1bee018\" data-element_type=\"column\">\n\t\t\t<div class=\"elementor-widget-wrap elementor-element-populated\">\n\t\t\t\t\t\t<div class=\"elementor-element elementor-element-a63218a elementor-widget elementor-widget-image\" data-id=\"a63218a\" data-element_type=\"widget\" data-widget_type=\"image.default\">\n\t\t\t\t<div class=\"elementor-widget-container\">\n\t\t\t\t\t\t\t\t\t\t\t\t\t\t\t<img fetchpriority=\"high\" decoding=\"async\" width=\"668\" height=\"446\" src=\"https:\/\/www.willysplan.com\/wp-content\/uploads\/2021\/10\/Ciutadella-1.jpg\" class=\"attachment-large size-large wp-image-14427\" alt=\"\" srcset=\"https:\/\/www.willysplan.com\/wp-content\/uploads\/2021\/10\/Ciutadella-1.jpg 668w, https:\/\/www.willysplan.com\/wp-content\/uploads\/2021\/10\/Ciutadella-1-300x200.jpg 300w, https:\/\/www.willysplan.com\/wp-content\/uploads\/2021\/10\/Ciutadella-1-600x401.jpg 600w\" sizes=\"(max-width: 668px) 100vw, 668px\" \/>\t\t\t\t\t\t\t\t\t\t\t\t\t\t\t<\/div>\n\t\t\t\t<\/div>\n\t\t\t\t\t<\/div>\n\t\t<\/div>\n\t\t\t\t<div class=\"elementor-column elementor-col-50 elementor-top-column elementor-element elementor-element-8fdc606\" data-id=\"8fdc606\" data-element_type=\"column\">\n\t\t\t<div class=\"elementor-widget-wrap elementor-element-populated\">\n\t\t\t\t\t\t<div class=\"elementor-element elementor-element-e4b3fd9 elementor-widget elementor-widget-google_maps\" data-id=\"e4b3fd9\" data-element_type=\"widget\" data-widget_type=\"google_maps.default\">\n\t\t\t\t<div class=\"elementor-widget-container\">\n\t\t\t\t\t\t\t<div class=\"elementor-custom-embed\">\n\t\t\t<iframe loading=\"lazy\"\n\t\t\t\t\tsrc=\"https:\/\/maps.google.com\/maps?q=Ciutadella%20barcelona%20parque&#038;t=m&#038;z=10&#038;output=embed&#038;iwloc=near\"\n\t\t\t\t\ttitle=\"Ciutadella barcelona parque\"\n\t\t\t\t\taria-label=\"Ciutadella barcelona parque\"\n\t\t\t><\/iframe>\n\t\t<\/div>\n\t\t\t\t\t\t<\/div>\n\t\t\t\t<\/div>\n\t\t\t\t\t<\/div>\n\t\t<\/div>\n\t\t\t\t\t<\/div>\n\t\t<\/section>\n\t\t\t\t<section class=\"elementor-section elementor-top-section elementor-element elementor-element-4e88c10 elementor-section-boxed elementor-section-height-default elementor-section-height-default\" data-id=\"4e88c10\" data-element_type=\"section\">\n\t\t\t\t\t\t<div class=\"elementor-container elementor-column-gap-default\">\n\t\t\t\t\t<div class=\"elementor-column elementor-col-100 elementor-top-column elementor-element elementor-element-8ccc3a4\" data-id=\"8ccc3a4\" data-element_type=\"column\">\n\t\t\t<div class=\"elementor-widget-wrap elementor-element-populated\">\n\t\t\t\t\t\t<div class=\"elementor-element elementor-element-39dc59f elementor-widget elementor-widget-text-editor\" data-id=\"39dc59f\" data-element_type=\"widget\" data-widget_type=\"text-editor.default\">\n\t\t\t\t<div class=\"elementor-widget-container\">\n\t\t\t\t\t\t\t\t\t<p>Al cor de la ciutat comtal ens trobem amb el parc m\u00e9s conegut per a p\u00edcnic, la Ciutadella, el punt de trobada per als barcelonins, especialment popular els caps de setmana.<\/p><p>Situat al districte de Ciutat Vella, durant molts anys va ser l&#8217;\u00fanic parc p\u00fablic de Barcelona. Erigit sobre els terrenys de la desapareguda fortalesa militar que li d\u00f3na nom i molt semblant als jardins de Luxemburg de Par\u00eds, es va construir entre 1872 i 1888, seguint el disseny de Jos\u00e9 Fontser\u00e9. El 1888, va donar cabuda a l&#8217;Exposici\u00f3 Universal de Barcelona. A m\u00e9s del zoo de Barcelona, plantes que nom\u00e9s creixen en boscos tropicals, fonts o escultures, entre els reclams hi ha l&#8217;antic Museu de Zoologia, l&#8217;Hivernacle, una esgl\u00e9sia castrense i el Parlament de Catalunya, davant del qual troba un llac amb l&#8217;escultura <em>El Desconsol<\/em> , de Josep Llimona. A m\u00e9s, \u00e9s molt a prop de l&#8217;Arc de Triomf, una de les icones de Barcelona.<\/p><p>Tamb\u00e9 pots trobar una gran varietat d&#8217;activitats per fer a les seves \u00e0mplies zones de gespa a m\u00e9s de desplegar les estovalles i gaudir d&#8217;un bon berenar. Tens balls de swing, passejades amb barca, concerts, espectacles de carrer, classes de ioga, teatres\u2026En definitiva, un dels millors parcs per fer un p\u00edcnic a Barcelona i un cl\u00e0ssic imprescindible de p\u00edcnic a Catalunya.<\/p><p>Aprofita i fes un cop d&#8217;ull a <a href=\"https:\/\/www.willysplan.com\/ca\/idees\/els-10-pobles-mes-bonics-a-prop-de-barcelona\">Els 10 pobles m\u00e9s bonics a prop de Barcelona<\/a> !<\/p>\t\t\t\t\t\t\t\t<\/div>\n\t\t\t\t<\/div>\n\t\t\t\t\t<\/div>\n\t\t<\/div>\n\t\t\t\t\t<\/div>\n\t\t<\/section>\n\t\t\t\t<section class=\"elementor-section elementor-top-section elementor-element elementor-element-cf26dc9 elementor-section-boxed elementor-section-height-default elementor-section-height-default\" data-id=\"cf26dc9\" data-element_type=\"section\">\n\t\t\t\t\t\t<div class=\"elementor-container elementor-column-gap-default\">\n\t\t\t\t\t<div class=\"elementor-column elementor-col-100 elementor-top-column elementor-element elementor-element-5689fda\" data-id=\"5689fda\" data-element_type=\"column\">\n\t\t\t<div class=\"elementor-widget-wrap elementor-element-populated\">\n\t\t\t\t\t\t<div class=\"elementor-element elementor-element-ec10ffc elementor-widget elementor-widget-heading\" data-id=\"ec10ffc\" data-element_type=\"widget\" data-widget_type=\"heading.default\">\n\t\t\t\t<div class=\"elementor-widget-container\">\n\t\t\t\t\t<h2 class=\"elementor-heading-title elementor-size-default\">2.Montju\u00efc\n<\/h2>\t\t\t\t<\/div>\n\t\t\t\t<\/div>\n\t\t\t\t\t<\/div>\n\t\t<\/div>\n\t\t\t\t\t<\/div>\n\t\t<\/section>\n\t\t\t\t<section class=\"elementor-section elementor-top-section elementor-element elementor-element-36de432 elementor-section-boxed elementor-section-height-default elementor-section-height-default\" data-id=\"36de432\" data-element_type=\"section\">\n\t\t\t\t\t\t<div class=\"elementor-container elementor-column-gap-default\">\n\t\t\t\t\t<div class=\"elementor-column elementor-col-50 elementor-top-column elementor-element elementor-element-30a85ea\" data-id=\"30a85ea\" data-element_type=\"column\">\n\t\t\t<div class=\"elementor-widget-wrap elementor-element-populated\">\n\t\t\t\t\t\t<div class=\"elementor-element elementor-element-254baa4 elementor-widget elementor-widget-image\" data-id=\"254baa4\" data-element_type=\"widget\" data-widget_type=\"image.default\">\n\t\t\t\t<div class=\"elementor-widget-container\">\n\t\t\t\t\t\t\t\t\t\t\t\t\t\t\t<img decoding=\"async\" width=\"768\" height=\"387\" src=\"https:\/\/www.willysplan.com\/wp-content\/uploads\/2021\/09\/Montjuic-768x387.jpg\" class=\"attachment-medium_large size-medium_large wp-image-14339\" alt=\"\" srcset=\"https:\/\/www.willysplan.com\/wp-content\/uploads\/2021\/09\/Montjuic-768x387.jpg 768w, https:\/\/www.willysplan.com\/wp-content\/uploads\/2021\/09\/Montjuic-300x151.jpg 300w, https:\/\/www.willysplan.com\/wp-content\/uploads\/2021\/09\/Montjuic-600x302.jpg 600w, https:\/\/www.willysplan.com\/wp-content\/uploads\/2021\/09\/Montjuic.jpg 780w\" sizes=\"(max-width: 768px) 100vw, 768px\" \/>\t\t\t\t\t\t\t\t\t\t\t\t\t\t\t<\/div>\n\t\t\t\t<\/div>\n\t\t\t\t\t<\/div>\n\t\t<\/div>\n\t\t\t\t<div class=\"elementor-column elementor-col-50 elementor-top-column elementor-element elementor-element-391cda5\" data-id=\"391cda5\" data-element_type=\"column\">\n\t\t\t<div class=\"elementor-widget-wrap elementor-element-populated\">\n\t\t\t\t\t\t<div class=\"elementor-element elementor-element-b390bb5 elementor-widget elementor-widget-google_maps\" data-id=\"b390bb5\" data-element_type=\"widget\" data-widget_type=\"google_maps.default\">\n\t\t\t\t<div class=\"elementor-widget-container\">\n\t\t\t\t\t\t\t<div class=\"elementor-custom-embed\">\n\t\t\t<iframe loading=\"lazy\"\n\t\t\t\t\tsrc=\"https:\/\/maps.google.com\/maps?q=Montju%C3%AFc&#038;t=m&#038;z=10&#038;output=embed&#038;iwloc=near\"\n\t\t\t\t\ttitle=\"Montju\u00efc\"\n\t\t\t\t\taria-label=\"Montju\u00efc\"\n\t\t\t><\/iframe>\n\t\t<\/div>\n\t\t\t\t\t\t<\/div>\n\t\t\t\t<\/div>\n\t\t\t\t\t<\/div>\n\t\t<\/div>\n\t\t\t\t\t<\/div>\n\t\t<\/section>\n\t\t\t\t<section class=\"elementor-section elementor-top-section elementor-element elementor-element-090337d elementor-section-boxed elementor-section-height-default elementor-section-height-default\" data-id=\"090337d\" data-element_type=\"section\">\n\t\t\t\t\t\t<div class=\"elementor-container elementor-column-gap-default\">\n\t\t\t\t\t<div class=\"elementor-column elementor-col-100 elementor-top-column elementor-element elementor-element-10259a1\" data-id=\"10259a1\" data-element_type=\"column\">\n\t\t\t<div class=\"elementor-widget-wrap elementor-element-populated\">\n\t\t\t\t\t\t<div class=\"elementor-element elementor-element-67842ef elementor-widget elementor-widget-text-editor\" data-id=\"67842ef\" data-element_type=\"widget\" data-widget_type=\"text-editor.default\">\n\t\t\t\t<div class=\"elementor-widget-container\">\n\t\t\t\t\t\t\t\t\t<p>La muntanya de Montju\u00efc \u00e9s un dels pulmons verds de la ciutat, amb infinitat d&#8217;ubicacions on seure a menjar a l&#8217;aire lliure.<\/p><p>Una altra opci\u00f3 per a un sopar rom\u00e0ntic \u00e9s endur-se uns entrepans i instal\u00b7lar-se a les escales de la Font M\u00e0gica mentre assisteix a l&#8217;espectacle de coreografies d&#8217;aigua i so.<\/p><p>Un dels seus espais emblem\u00e0tics s\u00f3n els jardins del Mirador de l&#8217;Alcalde, plens de camins, parterres, vegetaci\u00f3, un estany, fonts, \u00e0rees de descans i per descomptat unes incre\u00efbles vistes panor\u00e0miques de Barcelona. Dins de Montju\u00efc tamb\u00e9 tens els Jardins de Mossen Costa i Llober, popularment conegut com el jard\u00ed dels cactus. Amb una extensi\u00f3 de sis hect\u00e0rees, m\u00e9s de 800 esp\u00e8cies de cactus i altres flors i plantes carnoses, el seu nom \u00e9s un homenatge al poeta mallorqu\u00ed Miquel Costa i Llobera. Aquest parc \u00e9s preci\u00f3s per fer fotos si vols presumir a Instagram, amb vistes \u00faniques a tota la ciutat, ia m\u00e9s fa olor sorprenentment b\u00e9.<\/p><p>Un altre dels millors llocs per fer un p\u00edcnic a Barcelona dins de Montju\u00efc \u00e9s el Jard\u00ed de Moss\u00e8n Cinto Verdaguer, un lloc molt ampli, ple de gespa, arbres perfectes per tombar-se a llegir, flors de diverses tonalitats i fins i tot un llac artificial. A m\u00e9s, compten amb parc i instal\u00b7lacions per als m\u00e9s petits.<\/p><p>No us perdeu la nostra <a href=\"https:\/\/www.willysplan.com\/ca\/rutes\/ruta-des-del-castell-de-montjuic-al-mirador-de-lalcalde\">Ruta des del Castell de Montju\u00efc al Mirador de l&#8217;alcalde<\/a> !<\/p>\t\t\t\t\t\t\t\t<\/div>\n\t\t\t\t<\/div>\n\t\t\t\t\t<\/div>\n\t\t<\/div>\n\t\t\t\t\t<\/div>\n\t\t<\/section>\n\t\t\t\t<section class=\"elementor-section elementor-top-section elementor-element elementor-element-228dd78 elementor-section-boxed elementor-section-height-default elementor-section-height-default\" data-id=\"228dd78\" data-element_type=\"section\">\n\t\t\t\t\t\t<div class=\"elementor-container elementor-column-gap-default\">\n\t\t\t\t\t<div class=\"elementor-column elementor-col-100 elementor-top-column elementor-element elementor-element-6fe37a6\" data-id=\"6fe37a6\" data-element_type=\"column\">\n\t\t\t<div class=\"elementor-widget-wrap elementor-element-populated\">\n\t\t\t\t\t\t<div class=\"elementor-element elementor-element-c9dcbd0 elementor-widget elementor-widget-heading\" data-id=\"c9dcbd0\" data-element_type=\"widget\" data-widget_type=\"heading.default\">\n\t\t\t\t<div class=\"elementor-widget-container\">\n\t\t\t\t\t<h2 class=\"elementor-heading-title elementor-size-default\">3. Parc de la Mar Bella<\/h2>\t\t\t\t<\/div>\n\t\t\t\t<\/div>\n\t\t\t\t\t<\/div>\n\t\t<\/div>\n\t\t\t\t\t<\/div>\n\t\t<\/section>\n\t\t\t\t<section class=\"elementor-section elementor-top-section elementor-element elementor-element-9dde891 elementor-section-boxed elementor-section-height-default elementor-section-height-default\" data-id=\"9dde891\" data-element_type=\"section\">\n\t\t\t\t\t\t<div class=\"elementor-container elementor-column-gap-default\">\n\t\t\t\t\t<div class=\"elementor-column elementor-col-50 elementor-top-column elementor-element elementor-element-efd1b5f\" data-id=\"efd1b5f\" data-element_type=\"column\">\n\t\t\t<div class=\"elementor-widget-wrap elementor-element-populated\">\n\t\t\t\t\t\t<div class=\"elementor-element elementor-element-52923a4 elementor-widget elementor-widget-image\" data-id=\"52923a4\" data-element_type=\"widget\" data-widget_type=\"image.default\">\n\t\t\t\t<div class=\"elementor-widget-container\">\n\t\t\t\t\t\t\t\t\t\t\t\t\t\t\t<img decoding=\"async\" width=\"728\" height=\"433\" src=\"https:\/\/www.willysplan.com\/wp-content\/uploads\/2021\/10\/stakeparkmabella-1.jpg\" class=\"attachment-large size-large wp-image-14435\" alt=\"\" srcset=\"https:\/\/www.willysplan.com\/wp-content\/uploads\/2021\/10\/stakeparkmabella-1.jpg 728w, https:\/\/www.willysplan.com\/wp-content\/uploads\/2021\/10\/stakeparkmabella-1-300x178.jpg 300w, https:\/\/www.willysplan.com\/wp-content\/uploads\/2021\/10\/stakeparkmabella-1-600x357.jpg 600w\" sizes=\"(max-width: 728px) 100vw, 728px\" \/>\t\t\t\t\t\t\t\t\t\t\t\t\t\t\t<\/div>\n\t\t\t\t<\/div>\n\t\t\t\t\t<\/div>\n\t\t<\/div>\n\t\t\t\t<div class=\"elementor-column elementor-col-50 elementor-top-column elementor-element elementor-element-a40f723\" data-id=\"a40f723\" data-element_type=\"column\">\n\t\t\t<div class=\"elementor-widget-wrap elementor-element-populated\">\n\t\t\t\t\t\t<div class=\"elementor-element elementor-element-8ebd04f elementor-widget elementor-widget-google_maps\" data-id=\"8ebd04f\" data-element_type=\"widget\" data-widget_type=\"google_maps.default\">\n\t\t\t\t<div class=\"elementor-widget-container\">\n\t\t\t\t\t\t\t<div class=\"elementor-custom-embed\">\n\t\t\t<iframe loading=\"lazy\"\n\t\t\t\t\tsrc=\"https:\/\/maps.google.com\/maps?q=Parque%20de%20la%20Mar%20Bella&#038;t=m&#038;z=10&#038;output=embed&#038;iwloc=near\"\n\t\t\t\t\ttitle=\"Parque de la Mar Bella\"\n\t\t\t\t\taria-label=\"Parque de la Mar Bella\"\n\t\t\t><\/iframe>\n\t\t<\/div>\n\t\t\t\t\t\t<\/div>\n\t\t\t\t<\/div>\n\t\t\t\t\t<\/div>\n\t\t<\/div>\n\t\t\t\t\t<\/div>\n\t\t<\/section>\n\t\t\t\t<section class=\"elementor-section elementor-top-section elementor-element elementor-element-649f78d elementor-section-boxed elementor-section-height-default elementor-section-height-default\" data-id=\"649f78d\" data-element_type=\"section\">\n\t\t\t\t\t\t<div class=\"elementor-container elementor-column-gap-default\">\n\t\t\t\t\t<div class=\"elementor-column elementor-col-100 elementor-top-column elementor-element elementor-element-bd8f266\" data-id=\"bd8f266\" data-element_type=\"column\">\n\t\t\t<div class=\"elementor-widget-wrap elementor-element-populated\">\n\t\t\t\t\t\t<div class=\"elementor-element elementor-element-6131457 elementor-widget elementor-widget-text-editor\" data-id=\"6131457\" data-element_type=\"widget\" data-widget_type=\"text-editor.default\">\n\t\t\t\t<div class=\"elementor-widget-container\">\n\t\t\t\t\t\t\t\t\t<p>El parc esportiu urb\u00e0 de la Mar Bella, a tocar de la ronda del Litoral, \u00e9s un espai ideal per emportar-se l&#8217;equip complet de p\u00edcnic. Si a tu o als teus acompanyants us apassiona el <em>skating,<\/em> no pots deixar de descobrir aquest incre\u00efble rac\u00f3 al costat de les millors platges de Barcelona .<\/p><p>Aquest rac\u00f3 verd, de prop de 3.000 m2, compta amb tot el necessari per descarregar adrenalina sobre el monopat\u00ed, com a rampes preparades perqu\u00e8 els <em>skaters<\/em> puguin fer salts, girs i piruetes. En acabar l&#8217;exercici f\u00edsic, una gran extensi\u00f3 de gespa en molt bones condicions, \u00e9s l&#8217;excusa id\u00f2nia per seure a recarregar les piles amb un berenar i potser despr\u00e9s fer una agradable passejada al costat del mar per baixar el menjar.<\/p><p>Si t&#8217;agrada la platja, hauries de fer una ullada al nostre post sobre <a href=\"https:\/\/www.willysplan.com\/ca\/idees\/les-10-millors-platges-de-catalunya\">Les 10 millors platges de Catalunya<\/a> .<\/p>\t\t\t\t\t\t\t\t<\/div>\n\t\t\t\t<\/div>\n\t\t\t\t\t<\/div>\n\t\t<\/div>\n\t\t\t\t\t<\/div>\n\t\t<\/section>\n\t\t\t\t<section class=\"elementor-section elementor-top-section elementor-element elementor-element-934cfa6 elementor-section-boxed elementor-section-height-default elementor-section-height-default\" data-id=\"934cfa6\" data-element_type=\"section\">\n\t\t\t\t\t\t<div class=\"elementor-container elementor-column-gap-default\">\n\t\t\t\t\t<div class=\"elementor-column elementor-col-100 elementor-top-column elementor-element elementor-element-6d28942\" data-id=\"6d28942\" data-element_type=\"column\">\n\t\t\t<div class=\"elementor-widget-wrap elementor-element-populated\">\n\t\t\t\t\t\t<div class=\"elementor-element elementor-element-24f2b10 elementor-widget elementor-widget-heading\" data-id=\"24f2b10\" data-element_type=\"widget\" data-widget_type=\"heading.default\">\n\t\t\t\t<div class=\"elementor-widget-container\">\n\t\t\t\t\t<h2 class=\"elementor-heading-title elementor-size-default\">4.Tur\u00f3 de la Peira<\/h2>\t\t\t\t<\/div>\n\t\t\t\t<\/div>\n\t\t\t\t\t<\/div>\n\t\t<\/div>\n\t\t\t\t\t<\/div>\n\t\t<\/section>\n\t\t\t\t<section class=\"elementor-section elementor-top-section elementor-element elementor-element-5a266e9 elementor-section-boxed elementor-section-height-default elementor-section-height-default\" data-id=\"5a266e9\" data-element_type=\"section\">\n\t\t\t\t\t\t<div class=\"elementor-container elementor-column-gap-default\">\n\t\t\t\t\t<div class=\"elementor-column elementor-col-50 elementor-top-column elementor-element elementor-element-8ca8f7f\" data-id=\"8ca8f7f\" data-element_type=\"column\">\n\t\t\t<div class=\"elementor-widget-wrap elementor-element-populated\">\n\t\t\t\t\t\t<div class=\"elementor-element elementor-element-55b0b90 elementor-widget elementor-widget-image\" data-id=\"55b0b90\" data-element_type=\"widget\" data-widget_type=\"image.default\">\n\t\t\t\t<div class=\"elementor-widget-container\">\n\t\t\t\t\t\t\t\t\t\t\t\t\t\t\t<img loading=\"lazy\" decoding=\"async\" width=\"738\" height=\"382\" src=\"https:\/\/www.willysplan.com\/wp-content\/uploads\/2021\/10\/turopeirabateriascarmel-1.jpg\" class=\"attachment-large size-large wp-image-14437\" alt=\"\" srcset=\"https:\/\/www.willysplan.com\/wp-content\/uploads\/2021\/10\/turopeirabateriascarmel-1.jpg 738w, https:\/\/www.willysplan.com\/wp-content\/uploads\/2021\/10\/turopeirabateriascarmel-1-300x155.jpg 300w, https:\/\/www.willysplan.com\/wp-content\/uploads\/2021\/10\/turopeirabateriascarmel-1-600x311.jpg 600w\" sizes=\"(max-width: 738px) 100vw, 738px\" \/>\t\t\t\t\t\t\t\t\t\t\t\t\t\t\t<\/div>\n\t\t\t\t<\/div>\n\t\t\t\t\t<\/div>\n\t\t<\/div>\n\t\t\t\t<div class=\"elementor-column elementor-col-50 elementor-top-column elementor-element elementor-element-3e5315c\" data-id=\"3e5315c\" data-element_type=\"column\">\n\t\t\t<div class=\"elementor-widget-wrap elementor-element-populated\">\n\t\t\t\t\t\t<div class=\"elementor-element elementor-element-2ac84a8 elementor-widget elementor-widget-google_maps\" data-id=\"2ac84a8\" data-element_type=\"widget\" data-widget_type=\"google_maps.default\">\n\t\t\t\t<div class=\"elementor-widget-container\">\n\t\t\t\t\t\t\t<div class=\"elementor-custom-embed\">\n\t\t\t<iframe loading=\"lazy\"\n\t\t\t\t\tsrc=\"https:\/\/maps.google.com\/maps?q=Tur%C3%B3%20de%20la%20Peira&#038;t=m&#038;z=10&#038;output=embed&#038;iwloc=near\"\n\t\t\t\t\ttitle=\"Tur\u00f3 de la Peira\"\n\t\t\t\t\taria-label=\"Tur\u00f3 de la Peira\"\n\t\t\t><\/iframe>\n\t\t<\/div>\n\t\t\t\t\t\t<\/div>\n\t\t\t\t<\/div>\n\t\t\t\t\t<\/div>\n\t\t<\/div>\n\t\t\t\t\t<\/div>\n\t\t<\/section>\n\t\t\t\t<section class=\"elementor-section elementor-top-section elementor-element elementor-element-7dd4d6d elementor-section-boxed elementor-section-height-default elementor-section-height-default\" data-id=\"7dd4d6d\" data-element_type=\"section\">\n\t\t\t\t\t\t<div class=\"elementor-container elementor-column-gap-default\">\n\t\t\t\t\t<div class=\"elementor-column elementor-col-100 elementor-top-column elementor-element elementor-element-eab2445\" data-id=\"eab2445\" data-element_type=\"column\">\n\t\t\t<div class=\"elementor-widget-wrap elementor-element-populated\">\n\t\t\t\t\t\t<div class=\"elementor-element elementor-element-fc5f76d elementor-widget elementor-widget-text-editor\" data-id=\"fc5f76d\" data-element_type=\"widget\" data-widget_type=\"text-editor.default\">\n\t\t\t\t<div class=\"elementor-widget-container\">\n\t\t\t\t\t\t\t\t\t<p>Un altre gran lloc on fer el teu p\u00edcnic a Barcelona seria al capdamunt del Tur\u00f3 de la Peira, al Carmel.<\/p>\n<p>Es tracta d&#8217;una zona on antigament hi havia els b\u00fanquers antiaeris de la guerra civil i que, avui dia, \u00e9s un dels miradors m\u00e9s impressionants de la ciutat comtal. Aqu\u00ed, trobar\u00e0s tant turistes com barcelonins que v\u00e9nen a tocar la seva guitarra, a prendre unes cerveses oa prendre una pica-pica amb amics.<\/p>\n<p>Si ets matiner, l&#8217;alba \u00e9s un altre gran moment que mereix una escapada a aquest mirador, i millor encara si puges amb el termo de caf\u00e8 ple i de pas t&#8217;atures a la pastisseria Santantoni per comprar croissants acabats de sortir del forn. Un esmorzar molt pro per gaudir en un p\u00edcnic a Barcelona. \ud83d\ude09<\/p>\n\t\t\t\t\t\t\t\t<\/div>\n\t\t\t\t<\/div>\n\t\t\t\t\t<\/div>\n\t\t<\/div>\n\t\t\t\t\t<\/div>\n\t\t<\/section>\n\t\t\t\t<section class=\"elementor-section elementor-top-section elementor-element elementor-element-463b1d6 elementor-section-boxed elementor-section-height-default elementor-section-height-default\" data-id=\"463b1d6\" data-element_type=\"section\">\n\t\t\t\t\t\t<div class=\"elementor-container elementor-column-gap-default\">\n\t\t\t\t\t<div class=\"elementor-column elementor-col-100 elementor-top-column elementor-element elementor-element-906796f\" data-id=\"906796f\" data-element_type=\"column\">\n\t\t\t<div class=\"elementor-widget-wrap elementor-element-populated\">\n\t\t\t\t\t\t<div class=\"elementor-element elementor-element-add74af elementor-widget elementor-widget-heading\" data-id=\"add74af\" data-element_type=\"widget\" data-widget_type=\"heading.default\">\n\t\t\t\t<div class=\"elementor-widget-container\">\n\t\t\t\t\t<h2 class=\"elementor-heading-title elementor-size-default\">5.Parc de Cervantes<\/h2>\t\t\t\t<\/div>\n\t\t\t\t<\/div>\n\t\t\t\t\t<\/div>\n\t\t<\/div>\n\t\t\t\t\t<\/div>\n\t\t<\/section>\n\t\t\t\t<section class=\"elementor-section elementor-top-section elementor-element elementor-element-17f4fe2 elementor-section-boxed elementor-section-height-default elementor-section-height-default\" data-id=\"17f4fe2\" data-element_type=\"section\">\n\t\t\t\t\t\t<div class=\"elementor-container elementor-column-gap-default\">\n\t\t\t\t\t<div class=\"elementor-column elementor-col-50 elementor-top-column elementor-element elementor-element-e70c3b5\" data-id=\"e70c3b5\" data-element_type=\"column\">\n\t\t\t<div class=\"elementor-widget-wrap elementor-element-populated\">\n\t\t\t\t\t\t<div class=\"elementor-element elementor-element-6952af3 elementor-widget elementor-widget-image\" data-id=\"6952af3\" data-element_type=\"widget\" data-widget_type=\"image.default\">\n\t\t\t\t<div class=\"elementor-widget-container\">\n\t\t\t\t\t\t\t\t\t\t\t\t\t\t\t<img loading=\"lazy\" decoding=\"async\" width=\"698\" height=\"430\" src=\"https:\/\/www.willysplan.com\/wp-content\/uploads\/2021\/10\/parquecervantes-1.jpg\" class=\"attachment-large size-large wp-image-14431\" alt=\"\" srcset=\"https:\/\/www.willysplan.com\/wp-content\/uploads\/2021\/10\/parquecervantes-1.jpg 698w, https:\/\/www.willysplan.com\/wp-content\/uploads\/2021\/10\/parquecervantes-1-300x185.jpg 300w, https:\/\/www.willysplan.com\/wp-content\/uploads\/2021\/10\/parquecervantes-1-600x370.jpg 600w\" sizes=\"(max-width: 698px) 100vw, 698px\" \/>\t\t\t\t\t\t\t\t\t\t\t\t\t\t\t<\/div>\n\t\t\t\t<\/div>\n\t\t\t\t\t<\/div>\n\t\t<\/div>\n\t\t\t\t<div class=\"elementor-column elementor-col-50 elementor-top-column elementor-element elementor-element-4eea298\" data-id=\"4eea298\" data-element_type=\"column\">\n\t\t\t<div class=\"elementor-widget-wrap elementor-element-populated\">\n\t\t\t\t\t\t<div class=\"elementor-element elementor-element-d04aa7e elementor-widget elementor-widget-google_maps\" data-id=\"d04aa7e\" data-element_type=\"widget\" data-widget_type=\"google_maps.default\">\n\t\t\t\t<div class=\"elementor-widget-container\">\n\t\t\t\t\t\t\t<div class=\"elementor-custom-embed\">\n\t\t\t<iframe loading=\"lazy\"\n\t\t\t\t\tsrc=\"https:\/\/maps.google.com\/maps?q=Parque%20Cervantes&#038;t=m&#038;z=10&#038;output=embed&#038;iwloc=near\"\n\t\t\t\t\ttitle=\"Parque Cervantes\"\n\t\t\t\t\taria-label=\"Parque Cervantes\"\n\t\t\t><\/iframe>\n\t\t<\/div>\n\t\t\t\t\t\t<\/div>\n\t\t\t\t<\/div>\n\t\t\t\t\t<\/div>\n\t\t<\/div>\n\t\t\t\t\t<\/div>\n\t\t<\/section>\n\t\t\t\t<section class=\"elementor-section elementor-top-section elementor-element elementor-element-9e9ef71 elementor-section-boxed elementor-section-height-default elementor-section-height-default\" data-id=\"9e9ef71\" data-element_type=\"section\">\n\t\t\t\t\t\t<div class=\"elementor-container elementor-column-gap-default\">\n\t\t\t\t\t<div class=\"elementor-column elementor-col-100 elementor-top-column elementor-element elementor-element-5ca7731\" data-id=\"5ca7731\" data-element_type=\"column\">\n\t\t\t<div class=\"elementor-widget-wrap elementor-element-populated\">\n\t\t\t\t\t\t<div class=\"elementor-element elementor-element-1aafa5b elementor-widget elementor-widget-text-editor\" data-id=\"1aafa5b\" data-element_type=\"widget\" data-widget_type=\"text-editor.default\">\n\t\t\t\t<div class=\"elementor-widget-container\">\n\t\t\t\t\t\t\t\t\t<p>A la mateixa Avinguda Diagonal trobem un altre dels millors llocs per fer un p\u00edcnic a Barcelona.<\/p>\n<p>Dissenyat per Llu\u00eds Riudor i Carol i inaugurat el 1965, amb una extensi\u00f3 de 87.665 m2, Aquest oasi verd \u00e9s fam\u00f3s per la seva impressionant varietat d&#8217;arbres (des de xiprers fins a til\u00b7lers i una filera d&#8217;oliveres) per\u00f2, sobretot, per la plantaci\u00f3 de prop de 10.000 rosers de m\u00e9s de 2.000 esp\u00e8cies diferents. A la primavera, quan brollen, s\u00f3n tot un espectacle, i entre els mesos de maig i juliol poden florir unes 150.000 roses alhora.<\/p>\n<p>La pres\u00e8ncia de p\u00e8rgoles i escultures i una zona condicionada amb taules i bancs posen el colof\u00f3. Un lloc molt recomanable per a un brunch on et sentir\u00e0s com en un conte de fades amb aroma floral. T\u00e9 una zona de p\u00edcnic sota una pineda, on de vegades es practica tai-txi. El lloc perfecte per desconnectar!<\/p>\n<p>Tot i el seu encant innegable, aquest espai \u00e9s poc freq\u00fcentat pels turistes, per la qual cosa \u00e9s perfecte si vols submergir-te a la Barcelona m\u00e9s aut\u00e8ntica i ja de passada una mica m\u00e9s tranquil\u00b7la.<\/p>\n\t\t\t\t\t\t\t\t<\/div>\n\t\t\t\t<\/div>\n\t\t\t\t\t<\/div>\n\t\t<\/div>\n\t\t\t\t\t<\/div>\n\t\t<\/section>\n\t\t\t\t<section class=\"elementor-section elementor-top-section elementor-element elementor-element-713090c elementor-section-boxed elementor-section-height-default elementor-section-height-default\" data-id=\"713090c\" data-element_type=\"section\">\n\t\t\t\t\t\t<div class=\"elementor-container elementor-column-gap-default\">\n\t\t\t\t\t<div class=\"elementor-column elementor-col-100 elementor-top-column elementor-element elementor-element-7c36c66\" data-id=\"7c36c66\" data-element_type=\"column\">\n\t\t\t<div class=\"elementor-widget-wrap elementor-element-populated\">\n\t\t\t\t\t\t<div class=\"elementor-element elementor-element-9e7f12e elementor-widget elementor-widget-heading\" data-id=\"9e7f12e\" data-element_type=\"widget\" data-widget_type=\"heading.default\">\n\t\t\t\t<div class=\"elementor-widget-container\">\n\t\t\t\t\t<h2 class=\"elementor-heading-title elementor-size-default\">6. Parc de l'Oreneta<\/h2>\t\t\t\t<\/div>\n\t\t\t\t<\/div>\n\t\t\t\t\t<\/div>\n\t\t<\/div>\n\t\t\t\t\t<\/div>\n\t\t<\/section>\n\t\t\t\t<section class=\"elementor-section elementor-top-section elementor-element elementor-element-0b8ca60 elementor-section-boxed elementor-section-height-default elementor-section-height-default\" data-id=\"0b8ca60\" data-element_type=\"section\">\n\t\t\t\t\t\t<div class=\"elementor-container elementor-column-gap-default\">\n\t\t\t\t\t<div class=\"elementor-column elementor-col-50 elementor-top-column elementor-element elementor-element-d2a0be8\" data-id=\"d2a0be8\" data-element_type=\"column\">\n\t\t\t<div class=\"elementor-widget-wrap elementor-element-populated\">\n\t\t\t\t\t\t<div class=\"elementor-element elementor-element-5cecb0f elementor-widget elementor-widget-image\" data-id=\"5cecb0f\" data-element_type=\"widget\" data-widget_type=\"image.default\">\n\t\t\t\t<div class=\"elementor-widget-container\">\n\t\t\t\t\t\t\t\t\t\t\t\t\t\t\t<img loading=\"lazy\" decoding=\"async\" width=\"603\" height=\"425\" src=\"https:\/\/www.willysplan.com\/wp-content\/uploads\/2021\/10\/parqueoreneta-1.jpg\" class=\"attachment-large size-large wp-image-14433\" alt=\"\" srcset=\"https:\/\/www.willysplan.com\/wp-content\/uploads\/2021\/10\/parqueoreneta-1.jpg 603w, https:\/\/www.willysplan.com\/wp-content\/uploads\/2021\/10\/parqueoreneta-1-300x211.jpg 300w, https:\/\/www.willysplan.com\/wp-content\/uploads\/2021\/10\/parqueoreneta-1-600x423.jpg 600w\" sizes=\"(max-width: 603px) 100vw, 603px\" \/>\t\t\t\t\t\t\t\t\t\t\t\t\t\t\t<\/div>\n\t\t\t\t<\/div>\n\t\t\t\t\t<\/div>\n\t\t<\/div>\n\t\t\t\t<div class=\"elementor-column elementor-col-50 elementor-top-column elementor-element elementor-element-f385b85\" data-id=\"f385b85\" data-element_type=\"column\">\n\t\t\t<div class=\"elementor-widget-wrap elementor-element-populated\">\n\t\t\t\t\t\t<div class=\"elementor-element elementor-element-f72e60b elementor-widget elementor-widget-google_maps\" data-id=\"f72e60b\" data-element_type=\"widget\" data-widget_type=\"google_maps.default\">\n\t\t\t\t<div class=\"elementor-widget-container\">\n\t\t\t\t\t\t\t<div class=\"elementor-custom-embed\">\n\t\t\t<iframe loading=\"lazy\"\n\t\t\t\t\tsrc=\"https:\/\/maps.google.com\/maps?q=Parque%20de%20la%20Oreneta&#038;t=m&#038;z=10&#038;output=embed&#038;iwloc=near\"\n\t\t\t\t\ttitle=\"Parque de la Oreneta\"\n\t\t\t\t\taria-label=\"Parque de la Oreneta\"\n\t\t\t><\/iframe>\n\t\t<\/div>\n\t\t\t\t\t\t<\/div>\n\t\t\t\t<\/div>\n\t\t\t\t\t<\/div>\n\t\t<\/div>\n\t\t\t\t\t<\/div>\n\t\t<\/section>\n\t\t\t\t<section class=\"elementor-section elementor-top-section elementor-element elementor-element-0067755 elementor-section-boxed elementor-section-height-default elementor-section-height-default\" data-id=\"0067755\" data-element_type=\"section\">\n\t\t\t\t\t\t<div class=\"elementor-container elementor-column-gap-default\">\n\t\t\t\t\t<div class=\"elementor-column elementor-col-100 elementor-top-column elementor-element elementor-element-5066df4\" data-id=\"5066df4\" data-element_type=\"column\">\n\t\t\t<div class=\"elementor-widget-wrap elementor-element-populated\">\n\t\t\t\t\t\t<div class=\"elementor-element elementor-element-fd71db5 elementor-widget elementor-widget-text-editor\" data-id=\"fd71db5\" data-element_type=\"widget\" data-widget_type=\"text-editor.default\">\n\t\t\t\t<div class=\"elementor-widget-container\">\n\t\t\t\t\t\t\t\t\t<p>El Parc de l&#8217;Oreneta, amb 17 hect\u00e0rees per gaudir de la natura i deixar de respirar fum de cotxes, \u00e9s un dels millors parcs on fer un p\u00edcnic a Barcelona.<\/p><p>Inaugurat el 1978 i remodelat el 1993, \u00e9s als contraforts de la serra de Collserola, un dels <a href=\"https:\/\/www.willysplan.com\/ca\/idees\/els-5-millors-parcs-naturals-de-catalunya\">millors parcs naturals de Catalunya<\/a> , i al districte de Sarri\u00e0-Sant Gervasi, un dels m\u00e9s elegants i tranquils de Barcelona. Amb una vegetaci\u00f3 en qu\u00e8 predominen les alzines, els pins i els garrofers, aquest va ser el lloc on es trobava el castell de l&#8217;Oreneta, del 1910 i destru\u00eft durant la Guerra Civil. Tamb\u00e9 acollia una masia, Can Bonavista, que va ser adquirida per la Creu Roja per construir un hospital que no va arribar a materialitzar-se.<\/p><p>M\u00e9s semblant a un bosc urb\u00e0, \u00e9s dels m\u00e9s complets quant a infraestructura de lleure, ja que compta amb una zona de jocs, un petit restaurant, un poni club, un trenet infantil que funciona els caps de setmana, molta amplitud per c\u00f3rrer i jugar i un estany ple de peixos que als petits els encanta contemplar. Aquest parc, sens dubte el m\u00e9s <em>kid friendly<\/em> , un dels millors berenadors a Barcelona per anar amb nens, ja que \u00e9s la ubicaci\u00f3 ideal per a una celebraci\u00f3 infantil. Aix\u00ed que ja saps, regala&#8217;t una <a href=\"https:\/\/www.willysplan.com\/ca\/escapades-amb-nens-per-catalunya\">escapada amb nens a Catalunya<\/a> .<\/p>\t\t\t\t\t\t\t\t<\/div>\n\t\t\t\t<\/div>\n\t\t\t\t\t<\/div>\n\t\t<\/div>\n\t\t\t\t\t<\/div>\n\t\t<\/section>\n\t\t\t\t<section class=\"elementor-section elementor-top-section elementor-element elementor-element-6ccea98 elementor-section-boxed elementor-section-height-default elementor-section-height-default\" data-id=\"6ccea98\" data-element_type=\"section\">\n\t\t\t\t\t\t<div class=\"elementor-container elementor-column-gap-default\">\n\t\t\t\t\t<div class=\"elementor-column elementor-col-100 elementor-top-column elementor-element elementor-element-82ac0a2\" data-id=\"82ac0a2\" data-element_type=\"column\">\n\t\t\t<div class=\"elementor-widget-wrap elementor-element-populated\">\n\t\t\t\t\t\t<div class=\"elementor-element elementor-element-6a611ff elementor-widget elementor-widget-heading\" data-id=\"6a611ff\" data-element_type=\"widget\" data-widget_type=\"heading.default\">\n\t\t\t\t<div class=\"elementor-widget-container\">\n\t\t\t\t\t<h2 class=\"elementor-heading-title elementor-size-default\">7.Viver de Can Borni<\/h2>\t\t\t\t<\/div>\n\t\t\t\t<\/div>\n\t\t\t\t\t<\/div>\n\t\t<\/div>\n\t\t\t\t\t<\/div>\n\t\t<\/section>\n\t\t\t\t<section class=\"elementor-section elementor-top-section elementor-element elementor-element-c3cae77 elementor-section-boxed elementor-section-height-default elementor-section-height-default\" data-id=\"c3cae77\" data-element_type=\"section\">\n\t\t\t\t\t\t<div class=\"elementor-container elementor-column-gap-default\">\n\t\t\t\t\t<div class=\"elementor-column elementor-col-50 elementor-top-column elementor-element elementor-element-8653f05\" data-id=\"8653f05\" data-element_type=\"column\">\n\t\t\t<div class=\"elementor-widget-wrap elementor-element-populated\">\n\t\t\t\t\t\t<div class=\"elementor-element elementor-element-61b67e8 elementor-widget elementor-widget-image\" data-id=\"61b67e8\" data-element_type=\"widget\" data-widget_type=\"image.default\">\n\t\t\t\t<div class=\"elementor-widget-container\">\n\t\t\t\t\t\t\t\t\t\t\t\t\t\t\t<img loading=\"lazy\" decoding=\"async\" width=\"462\" height=\"498\" src=\"https:\/\/www.willysplan.com\/wp-content\/uploads\/2021\/09\/jardinescanborni.jpg\" class=\"attachment-large size-large wp-image-14337\" alt=\"\" srcset=\"https:\/\/www.willysplan.com\/wp-content\/uploads\/2021\/09\/jardinescanborni.jpg 462w, https:\/\/www.willysplan.com\/wp-content\/uploads\/2021\/09\/jardinescanborni-278x300.jpg 278w\" sizes=\"(max-width: 462px) 100vw, 462px\" \/>\t\t\t\t\t\t\t\t\t\t\t\t\t\t\t<\/div>\n\t\t\t\t<\/div>\n\t\t\t\t\t<\/div>\n\t\t<\/div>\n\t\t\t\t<div class=\"elementor-column elementor-col-50 elementor-top-column elementor-element elementor-element-a39b11c\" data-id=\"a39b11c\" data-element_type=\"column\">\n\t\t\t<div class=\"elementor-widget-wrap elementor-element-populated\">\n\t\t\t\t\t\t<div class=\"elementor-element elementor-element-a069bac elementor-widget elementor-widget-google_maps\" data-id=\"a069bac\" data-element_type=\"widget\" data-widget_type=\"google_maps.default\">\n\t\t\t\t<div class=\"elementor-widget-container\">\n\t\t\t\t\t\t\t<div class=\"elementor-custom-embed\">\n\t\t\t<iframe loading=\"lazy\"\n\t\t\t\t\tsrc=\"https:\/\/maps.google.com\/maps?q=Vivero%20de%20Can%20Borni&#038;t=m&#038;z=10&#038;output=embed&#038;iwloc=near\"\n\t\t\t\t\ttitle=\"Vivero de Can Borni\"\n\t\t\t\t\taria-label=\"Vivero de Can Borni\"\n\t\t\t><\/iframe>\n\t\t<\/div>\n\t\t\t\t\t\t<\/div>\n\t\t\t\t<\/div>\n\t\t\t\t\t<\/div>\n\t\t<\/div>\n\t\t\t\t\t<\/div>\n\t\t<\/section>\n\t\t\t\t<section class=\"elementor-section elementor-top-section elementor-element elementor-element-f344086 elementor-section-boxed elementor-section-height-default elementor-section-height-default\" data-id=\"f344086\" data-element_type=\"section\">\n\t\t\t\t\t\t<div class=\"elementor-container elementor-column-gap-default\">\n\t\t\t\t\t<div class=\"elementor-column elementor-col-100 elementor-top-column elementor-element elementor-element-14f1808\" data-id=\"14f1808\" data-element_type=\"column\">\n\t\t\t<div class=\"elementor-widget-wrap elementor-element-populated\">\n\t\t\t\t\t\t<div class=\"elementor-element elementor-element-6973711 elementor-widget elementor-widget-text-editor\" data-id=\"6973711\" data-element_type=\"widget\" data-widget_type=\"text-editor.default\">\n\t\t\t\t<div class=\"elementor-widget-container\">\n\t\t\t\t\t\t\t\t\t<p>El viver de Can Borni es troba al districte d&#8217;Horta-Guinard\u00f3, ia la ic\u00f2nica muntanya del Tibidabo. Constru\u00eft entre el 1917 i el 1923 i restaurat el 2006, va ser un antic viver de plantes noves de l&#8217;institut de Parcs i jardins de Barcelona, abans de convertir-se en un dels jardins p\u00fablics de la Ciutat Comtal.<\/p><p>Ubicat al mig de la muntanya de Collserola, per a una experi\u00e8ncia m\u00e9s completa es pot anar amb bici o caminant. (Pots consultar aqu\u00ed <a href=\"https:\/\/www.willysplan.com\/ca\/idees\/les-millors-rutes-amb-bici-per-barcelona\">Les millors rutes amb bici per Barcelona<\/a> ). Aquests jardins destaquen per una abundant vegetaci\u00f3, entre la qual trobem una extensa zona de gespa condicionada amb taules i bancs de fusta ideals per desplegar les tovalles i fer el berenar.<\/p><p>Dins la nostra selecci\u00f3 dels millors llocs per anar de p\u00edcnic a Barcelona, aquest \u00e9s el menys urbanita de tot i potser el menys conegut, fins i tot pels mateixos barcelonins. L&#8217;avantatge d&#8217;aix\u00f2 \u00e9s que tindr\u00e0s la sensaci\u00f3 que t&#8217;has escapat realment de la ciutat, per aix\u00f2 \u00e9s un aut\u00e8ntic luxe.<\/p>\t\t\t\t\t\t\t\t<\/div>\n\t\t\t\t<\/div>\n\t\t\t\t\t<\/div>\n\t\t<\/div>\n\t\t\t\t\t<\/div>\n\t\t<\/section>\n\t\t\t\t<section class=\"elementor-section elementor-top-section elementor-element elementor-element-3f7ae28 elementor-section-boxed elementor-section-height-default elementor-section-height-default\" data-id=\"3f7ae28\" data-element_type=\"section\">\n\t\t\t\t\t\t<div class=\"elementor-container elementor-column-gap-default\">\n\t\t\t\t\t<div class=\"elementor-column elementor-col-100 elementor-top-column elementor-element elementor-element-aa0067f\" data-id=\"aa0067f\" data-element_type=\"column\">\n\t\t\t<div class=\"elementor-widget-wrap elementor-element-populated\">\n\t\t\t\t\t\t<div class=\"elementor-element elementor-element-9dcfd56 elementor-widget elementor-widget-heading\" data-id=\"9dcfd56\" data-element_type=\"widget\" data-widget_type=\"heading.default\">\n\t\t\t\t<div class=\"elementor-widget-container\">\n\t\t\t\t\t<h2 class=\"elementor-heading-title elementor-size-default\">8.Laberint d'Horta<\/h2>\t\t\t\t<\/div>\n\t\t\t\t<\/div>\n\t\t\t\t\t<\/div>\n\t\t<\/div>\n\t\t\t\t\t<\/div>\n\t\t<\/section>\n\t\t\t\t<section class=\"elementor-section elementor-top-section elementor-element elementor-element-419f16c elementor-section-boxed elementor-section-height-default elementor-section-height-default\" data-id=\"419f16c\" data-element_type=\"section\">\n\t\t\t\t\t\t<div class=\"elementor-container elementor-column-gap-default\">\n\t\t\t\t\t<div class=\"elementor-column elementor-col-50 elementor-top-column elementor-element elementor-element-ce6a822\" data-id=\"ce6a822\" data-element_type=\"column\">\n\t\t\t<div class=\"elementor-widget-wrap elementor-element-populated\">\n\t\t\t\t\t\t<div class=\"elementor-element elementor-element-578cbb2 elementor-widget elementor-widget-image\" data-id=\"578cbb2\" data-element_type=\"widget\" data-widget_type=\"image.default\">\n\t\t\t\t<div class=\"elementor-widget-container\">\n\t\t\t\t\t\t\t\t\t\t\t\t\t\t\t<img loading=\"lazy\" decoding=\"async\" width=\"617\" height=\"433\" src=\"https:\/\/www.willysplan.com\/wp-content\/uploads\/2021\/10\/laberintohorta-1.jpg\" class=\"attachment-large size-large wp-image-14429\" alt=\"\" srcset=\"https:\/\/www.willysplan.com\/wp-content\/uploads\/2021\/10\/laberintohorta-1.jpg 617w, https:\/\/www.willysplan.com\/wp-content\/uploads\/2021\/10\/laberintohorta-1-300x211.jpg 300w, https:\/\/www.willysplan.com\/wp-content\/uploads\/2021\/10\/laberintohorta-1-600x421.jpg 600w\" sizes=\"(max-width: 617px) 100vw, 617px\" \/>\t\t\t\t\t\t\t\t\t\t\t\t\t\t\t<\/div>\n\t\t\t\t<\/div>\n\t\t\t\t\t<\/div>\n\t\t<\/div>\n\t\t\t\t<div class=\"elementor-column elementor-col-50 elementor-top-column elementor-element elementor-element-36cb417\" data-id=\"36cb417\" data-element_type=\"column\">\n\t\t\t<div class=\"elementor-widget-wrap elementor-element-populated\">\n\t\t\t\t\t\t<div class=\"elementor-element elementor-element-f03fe81 elementor-widget elementor-widget-google_maps\" data-id=\"f03fe81\" data-element_type=\"widget\" data-widget_type=\"google_maps.default\">\n\t\t\t\t<div class=\"elementor-widget-container\">\n\t\t\t\t\t\t\t<div class=\"elementor-custom-embed\">\n\t\t\t<iframe loading=\"lazy\"\n\t\t\t\t\tsrc=\"https:\/\/maps.google.com\/maps?q=Laberinto%20de%20Horta&#038;t=m&#038;z=10&#038;output=embed&#038;iwloc=near\"\n\t\t\t\t\ttitle=\"Laberinto de Horta\"\n\t\t\t\t\taria-label=\"Laberinto de Horta\"\n\t\t\t><\/iframe>\n\t\t<\/div>\n\t\t\t\t\t\t<\/div>\n\t\t\t\t<\/div>\n\t\t\t\t\t<\/div>\n\t\t<\/div>\n\t\t\t\t\t<\/div>\n\t\t<\/section>\n\t\t\t\t<section class=\"elementor-section elementor-top-section elementor-element elementor-element-91698e6 elementor-section-boxed elementor-section-height-default elementor-section-height-default\" data-id=\"91698e6\" data-element_type=\"section\">\n\t\t\t\t\t\t<div class=\"elementor-container elementor-column-gap-default\">\n\t\t\t\t\t<div class=\"elementor-column elementor-col-100 elementor-top-column elementor-element elementor-element-d0969e2\" data-id=\"d0969e2\" data-element_type=\"column\">\n\t\t\t<div class=\"elementor-widget-wrap elementor-element-populated\">\n\t\t\t\t\t\t<div class=\"elementor-element elementor-element-e80f875 elementor-widget elementor-widget-text-editor\" data-id=\"e80f875\" data-element_type=\"widget\" data-widget_type=\"text-editor.default\">\n\t\t\t\t<div class=\"elementor-widget-container\">\n\t\t\t\t\t\t\t\t\t<p>Aquest hist\u00f2ric jard\u00ed, ubicat al districte d&#8217;Horta-Guinard\u00f3, a m\u00e9s de ser el jard\u00ed m\u00e9s antic de la ciutat, \u00e9s una de les millors opcions per fer p\u00edcnic a Barcelona per ser una combinaci\u00f3 perfecta entre natura i arquitectura.<\/p>\n<p>La creaci\u00f3 d&#8217;aquest jard\u00ed \u00e9s deguda a la fam\u00edlia arist\u00f2crata catalana dels Desvalls i data del 1791. Durant els segles XVII i XIX va ser un centre d&#8217;activitat social important per\u00f2 el 1967 va ser cedit a l&#8217;Ajuntament de Barcelona, que el va obrir al p\u00fablic com un jard\u00ed museogr\u00e0fic.<\/p>\n<p>D&#8217;estil rom\u00e0ntic i neocl\u00e0ssic, t\u00e9 com a principal al\u00b7licient un laberint vegetal creat amb xiprers retallats. A aix\u00f2 caldria afegir nombroses escultures mit\u00f2logiques, vegetaci\u00f3 exuberant, estanys, fonts, cascades i un canal que travessa el recinte superior. Per aqu\u00ed han passat monarques espanyols com Carlos IV, Ferran VII o Alfons XIII, a banda d&#8217;haver estat escenari de diverses obres de teatre i esdeveniments culturals. Per descomptat, a m\u00e9s del fam\u00f3s jard\u00ed laberint, aquest parc t\u00e9 una zona de taules ideals per picnir. Sens dubte, un altre dels llocs ic\u00f2nics que no pots deixar de banda per fer p\u00edcnic a Barcelona.<\/p>\n\t\t\t\t\t\t\t\t<\/div>\n\t\t\t\t<\/div>\n\t\t\t\t\t<\/div>\n\t\t<\/div>\n\t\t\t\t\t<\/div>\n\t\t<\/section>\n\t\t\t\t<section class=\"elementor-section elementor-top-section elementor-element elementor-element-0fb9086 elementor-section-boxed elementor-section-height-default elementor-section-height-default\" data-id=\"0fb9086\" data-element_type=\"section\">\n\t\t\t\t\t\t<div class=\"elementor-container elementor-column-gap-default\">\n\t\t\t\t\t<div class=\"elementor-column elementor-col-100 elementor-top-column elementor-element elementor-element-ea861e1\" data-id=\"ea861e1\" data-element_type=\"column\">\n\t\t\t<div class=\"elementor-widget-wrap elementor-element-populated\">\n\t\t\t\t\t\t<div class=\"elementor-element elementor-element-860dfcc elementor-widget elementor-widget-text-editor\" data-id=\"860dfcc\" data-element_type=\"widget\" data-widget_type=\"text-editor.default\">\n\t\t\t\t<div class=\"elementor-widget-container\">\n\t\t\t\t\t\t\t\t\t<p>T&#8217;ha agradat la nostra selecci\u00f3 amb els millors llocs per fer p\u00edcnic a Barcelona? Si trobes a faltar algun, no dubtis a recomanar-la als comentaris! <img decoding=\"async\" class=\"emoji\" role=\"img\" draggable=\"false\" src=\"https:\/\/s.w.org\/images\/core\/emoji\/13.1.0\/svg\/1f642.svg\" alt=\"\ud83d\ude42\"><\/p>\n\t\t\t\t\t\t\t\t<\/div>\n\t\t\t\t<\/div>\n\t\t\t\t\t<\/div>\n\t\t<\/div>\n\t\t\t\t\t<\/div>\n\t\t<\/section>\n\t\t\t\t<section class=\"elementor-section elementor-top-section elementor-element elementor-element-774fd5b elementor-section-boxed elementor-section-height-default elementor-section-height-default\" data-id=\"774fd5b\" data-element_type=\"section\">\n\t\t\t\t\t\t<div class=\"elementor-container elementor-column-gap-default\">\n\t\t\t\t\t<div class=\"elementor-column elementor-col-100 elementor-top-column elementor-element elementor-element-ccb3386\" data-id=\"ccb3386\" data-element_type=\"column\">\n\t\t\t<div class=\"elementor-widget-wrap elementor-element-populated\">\n\t\t\t\t\t\t<div class=\"elementor-element elementor-element-5d6c67c elementor-widget elementor-widget-heading\" data-id=\"5d6c67c\" data-element_type=\"widget\" data-widget_type=\"heading.default\">\n\t\t\t\t<div class=\"elementor-widget-container\">\n\t\t\t\t\t<h2 class=\"elementor-heading-title elementor-size-default\">Altres rutes que tamb\u00e9 et poden interessar...<\/h2>\t\t\t\t<\/div>\n\t\t\t\t<\/div>\n\t\t\t\t\t<\/div>\n\t\t<\/div>\n\t\t\t\t\t<\/div>\n\t\t<\/section>\n\t\t\t\t<section class=\"elementor-section elementor-top-section elementor-element elementor-element-b9303aa elementor-section-boxed elementor-section-height-default elementor-section-height-default\" data-id=\"b9303aa\" data-element_type=\"section\">\n\t\t\t\t\t\t<div class=\"elementor-container elementor-column-gap-default\">\n\t\t\t\t\t<div class=\"elementor-column elementor-col-100 elementor-top-column elementor-element elementor-element-4c9811a\" data-id=\"4c9811a\" data-element_type=\"column\">\n\t\t\t<div class=\"elementor-widget-wrap elementor-element-populated\">\n\t\t\t\t\t\t\t<\/div>\n\t\t<\/div>\n\t\t\t\t\t<\/div>\n\t\t<\/section>\n\t\t\t\t<\/div>\n\t\t","protected":false},"excerpt":{"rendered":"<p>De p\u00edcnic a Barcelona? Descobreix aqu\u00ed els millors berenadors a Barcelona i les millors zones de p\u00edcnic a Barcelona \u2705<\/p>\n","protected":false},"author":1,"featured_media":14413,"comment_status":"closed","ping_status":"closed","sticky":false,"template":"","format":"standard","meta":{"neve_meta_sidebar":"","neve_meta_container":"","neve_meta_enable_content_width":"","neve_meta_content_width":0,"neve_meta_title_alignment":"","neve_meta_author_avatar":"","neve_post_elements_order":"","neve_meta_disable_header":"","neve_meta_disable_footer":"","neve_meta_disable_title":"","_joinchat":[],"footnotes":""},"categories":[462],"tags":[461],"class_list":["post-16505","post","type-post","status-publish","format-standard","has-post-thumbnail","hentry","category-idees","tag-idees"],"yoast_head":"<!-- This site is optimized with the Yoast SEO Premium plugin v20.1 (Yoast SEO v26.9) - https:\/\/yoast.com\/product\/yoast-seo-premium-wordpress\/ -->\n<title>Picnic a Barcelona: Descobreix els 8 millors llocs. - Willy&#039;s Plan<\/title>\n<meta name=\"description\" content=\"De p\u00edcnic a Barcelona? Descobreix aqu\u00ed els millors berenadors a Barcelona i les millors zones i parcs on fer p\u00edcnic \u2705\" \/>\n<meta name=\"robots\" content=\"index, follow, max-snippet:-1, max-image-preview:large, max-video-preview:-1\" \/>\n<link rel=\"canonical\" href=\"https:\/\/www.willysplan.com\/ca\/idees\/els-8-millors-llocs-per-fer-picnic-a-barcelona\" \/>\n<meta property=\"og:locale\" content=\"ca_ES\" \/>\n<meta property=\"og:type\" content=\"article\" \/>\n<meta property=\"og:title\" content=\"Els 8 millors llocs per fer p\u00edcnic a Barcelona\" \/>\n<meta property=\"og:description\" content=\"De p\u00edcnic a Barcelona? Descobreix aqu\u00ed els millors berenadors a Barcelona i les millors zones i parcs on fer p\u00edcnic \u2705\" \/>\n<meta property=\"og:url\" content=\"https:\/\/www.willysplan.com\/ca\/idees\/els-8-millors-llocs-per-fer-picnic-a-barcelona\" \/>\n<meta property=\"og:site_name\" content=\"Willy&#039;s Plan \ud83c\udf43\" \/>\n<meta property=\"article:published_time\" content=\"2021-10-26T20:15:05+00:00\" \/>\n<meta property=\"article:modified_time\" content=\"2023-03-22T20:32:59+00:00\" \/>\n<meta property=\"og:image\" content=\"https:\/\/www.willysplan.com\/wp-content\/uploads\/2021\/10\/laberintohorta.jpg\" \/>\n\t<meta property=\"og:image:width\" content=\"617\" \/>\n\t<meta property=\"og:image:height\" content=\"433\" \/>\n\t<meta property=\"og:image:type\" content=\"image\/jpeg\" \/>\n<meta name=\"author\" content=\"admin\" \/>\n<meta name=\"twitter:card\" content=\"summary_large_image\" \/>\n<meta name=\"twitter:label1\" content=\"Escrit per\" \/>\n\t<meta name=\"twitter:data1\" content=\"admin\" \/>\n\t<meta name=\"twitter:label2\" content=\"Temps estimat de lectura\" \/>\n\t<meta name=\"twitter:data2\" content=\"9 minuts\" \/>\n<script type=\"application\/ld+json\" class=\"yoast-schema-graph\">{\"@context\":\"https:\/\/schema.org\",\"@graph\":[{\"@type\":\"Article\",\"@id\":\"https:\/\/www.willysplan.com\/ca\/idees\/els-8-millors-llocs-per-fer-picnic-a-barcelona#article\",\"isPartOf\":{\"@id\":\"https:\/\/www.willysplan.com\/ca\/idees\/els-8-millors-llocs-per-fer-picnic-a-barcelona\"},\"author\":{\"name\":\"admin\",\"@id\":\"https:\/\/www.willysplan.com\/#\/schema\/person\/58c1527a9a42e9b18a877f14136f1d47\"},\"headline\":\"Els 8 millors llocs per fer p\u00edcnic a Barcelona\",\"datePublished\":\"2021-10-26T20:15:05+00:00\",\"dateModified\":\"2023-03-22T20:32:59+00:00\",\"mainEntityOfPage\":{\"@id\":\"https:\/\/www.willysplan.com\/ca\/idees\/els-8-millors-llocs-per-fer-picnic-a-barcelona\"},\"wordCount\":1861,\"publisher\":{\"@id\":\"https:\/\/www.willysplan.com\/#organization\"},\"image\":{\"@id\":\"https:\/\/www.willysplan.com\/ca\/idees\/els-8-millors-llocs-per-fer-picnic-a-barcelona#primaryimage\"},\"thumbnailUrl\":\"https:\/\/www.willysplan.com\/wp-content\/uploads\/2021\/10\/laberintohorta.jpg\",\"keywords\":[\"idees\"],\"articleSection\":[\"Idees\"],\"inLanguage\":\"ca\"},{\"@type\":\"WebPage\",\"@id\":\"https:\/\/www.willysplan.com\/ca\/idees\/els-8-millors-llocs-per-fer-picnic-a-barcelona\",\"url\":\"https:\/\/www.willysplan.com\/ca\/idees\/els-8-millors-llocs-per-fer-picnic-a-barcelona\",\"name\":\"Picnic a Barcelona: Descobreix els 8 millors llocs. - Willy's Plan\",\"isPartOf\":{\"@id\":\"https:\/\/www.willysplan.com\/#website\"},\"primaryImageOfPage\":{\"@id\":\"https:\/\/www.willysplan.com\/ca\/idees\/els-8-millors-llocs-per-fer-picnic-a-barcelona#primaryimage\"},\"image\":{\"@id\":\"https:\/\/www.willysplan.com\/ca\/idees\/els-8-millors-llocs-per-fer-picnic-a-barcelona#primaryimage\"},\"thumbnailUrl\":\"https:\/\/www.willysplan.com\/wp-content\/uploads\/2021\/10\/laberintohorta.jpg\",\"datePublished\":\"2021-10-26T20:15:05+00:00\",\"dateModified\":\"2023-03-22T20:32:59+00:00\",\"description\":\"De p\u00edcnic a Barcelona? Descobreix aqu\u00ed els millors berenadors a Barcelona i les millors zones i parcs on fer p\u00edcnic \u2705\",\"inLanguage\":\"ca\",\"potentialAction\":[{\"@type\":\"ReadAction\",\"target\":[\"https:\/\/www.willysplan.com\/ca\/idees\/els-8-millors-llocs-per-fer-picnic-a-barcelona\"]}]},{\"@type\":\"ImageObject\",\"inLanguage\":\"ca\",\"@id\":\"https:\/\/www.willysplan.com\/ca\/idees\/els-8-millors-llocs-per-fer-picnic-a-barcelona#primaryimage\",\"url\":\"https:\/\/www.willysplan.com\/wp-content\/uploads\/2021\/10\/laberintohorta.jpg\",\"contentUrl\":\"https:\/\/www.willysplan.com\/wp-content\/uploads\/2021\/10\/laberintohorta.jpg\",\"width\":617,\"height\":433,\"caption\":\"laberinto horta\"},{\"@type\":\"WebSite\",\"@id\":\"https:\/\/www.willysplan.com\/#website\",\"url\":\"https:\/\/www.willysplan.com\/\",\"name\":\"Willy&#039;s Plan \ud83c\udf43\",\"description\":\"Escapadas y Planes de fin de semana\",\"publisher\":{\"@id\":\"https:\/\/www.willysplan.com\/#organization\"},\"potentialAction\":[{\"@type\":\"SearchAction\",\"target\":{\"@type\":\"EntryPoint\",\"urlTemplate\":\"https:\/\/www.willysplan.com\/?s={search_term_string}\"},\"query-input\":{\"@type\":\"PropertyValueSpecification\",\"valueRequired\":true,\"valueName\":\"search_term_string\"}}],\"inLanguage\":\"ca\"},{\"@type\":\"Organization\",\"@id\":\"https:\/\/www.willysplan.com\/#organization\",\"name\":\"Willy&#039;s Plan \ud83c\udf43\",\"url\":\"https:\/\/www.willysplan.com\/\",\"logo\":{\"@type\":\"ImageObject\",\"inLanguage\":\"ca\",\"@id\":\"https:\/\/www.willysplan.com\/#\/schema\/logo\/image\/\",\"url\":\"https:\/\/www.willysplan.com\/wp-content\/uploads\/2020\/04\/cropped-logo-1.png\",\"contentUrl\":\"https:\/\/www.willysplan.com\/wp-content\/uploads\/2020\/04\/cropped-logo-1.png\",\"width\":332,\"height\":332,\"caption\":\"Willy&#039;s Plan \ud83c\udf43\"},\"image\":{\"@id\":\"https:\/\/www.willysplan.com\/#\/schema\/logo\/image\/\"}},{\"@type\":\"Person\",\"@id\":\"https:\/\/www.willysplan.com\/#\/schema\/person\/58c1527a9a42e9b18a877f14136f1d47\",\"name\":\"admin\",\"image\":{\"@type\":\"ImageObject\",\"inLanguage\":\"ca\",\"@id\":\"https:\/\/www.willysplan.com\/#\/schema\/person\/image\/\",\"url\":\"https:\/\/secure.gravatar.com\/avatar\/0b8d78e655d83cc71e0a6cd6cb0f0f99929604cd70ff0f7ac1713f248945ea9d?s=96&d=mm&r=g\",\"contentUrl\":\"https:\/\/secure.gravatar.com\/avatar\/0b8d78e655d83cc71e0a6cd6cb0f0f99929604cd70ff0f7ac1713f248945ea9d?s=96&d=mm&r=g\",\"caption\":\"admin\"},\"url\":\"https:\/\/www.willysplan.com\/ca\/author\/admin\"}]}<\/script>\n<!-- \/ Yoast SEO Premium plugin. -->","yoast_head_json":{"title":"Picnic a Barcelona: Descobreix els 8 millors llocs. - Willy's Plan","description":"De p\u00edcnic a Barcelona? Descobreix aqu\u00ed els millors berenadors a Barcelona i les millors zones i parcs on fer p\u00edcnic \u2705","robots":{"index":"index","follow":"follow","max-snippet":"max-snippet:-1","max-image-preview":"max-image-preview:large","max-video-preview":"max-video-preview:-1"},"canonical":"https:\/\/www.willysplan.com\/ca\/idees\/els-8-millors-llocs-per-fer-picnic-a-barcelona","og_locale":"ca_ES","og_type":"article","og_title":"Els 8 millors llocs per fer p\u00edcnic a Barcelona","og_description":"De p\u00edcnic a Barcelona? Descobreix aqu\u00ed els millors berenadors a Barcelona i les millors zones i parcs on fer p\u00edcnic \u2705","og_url":"https:\/\/www.willysplan.com\/ca\/idees\/els-8-millors-llocs-per-fer-picnic-a-barcelona","og_site_name":"Willy&#039;s Plan \ud83c\udf43","article_published_time":"2021-10-26T20:15:05+00:00","article_modified_time":"2023-03-22T20:32:59+00:00","og_image":[{"width":617,"height":433,"url":"https:\/\/www.willysplan.com\/wp-content\/uploads\/2021\/10\/laberintohorta.jpg","type":"image\/jpeg"}],"author":"admin","twitter_card":"summary_large_image","twitter_misc":{"Escrit per":"admin","Temps estimat de lectura":"9 minuts"},"schema":{"@context":"https:\/\/schema.org","@graph":[{"@type":"Article","@id":"https:\/\/www.willysplan.com\/ca\/idees\/els-8-millors-llocs-per-fer-picnic-a-barcelona#article","isPartOf":{"@id":"https:\/\/www.willysplan.com\/ca\/idees\/els-8-millors-llocs-per-fer-picnic-a-barcelona"},"author":{"name":"admin","@id":"https:\/\/www.willysplan.com\/#\/schema\/person\/58c1527a9a42e9b18a877f14136f1d47"},"headline":"Els 8 millors llocs per fer p\u00edcnic a Barcelona","datePublished":"2021-10-26T20:15:05+00:00","dateModified":"2023-03-22T20:32:59+00:00","mainEntityOfPage":{"@id":"https:\/\/www.willysplan.com\/ca\/idees\/els-8-millors-llocs-per-fer-picnic-a-barcelona"},"wordCount":1861,"publisher":{"@id":"https:\/\/www.willysplan.com\/#organization"},"image":{"@id":"https:\/\/www.willysplan.com\/ca\/idees\/els-8-millors-llocs-per-fer-picnic-a-barcelona#primaryimage"},"thumbnailUrl":"https:\/\/www.willysplan.com\/wp-content\/uploads\/2021\/10\/laberintohorta.jpg","keywords":["idees"],"articleSection":["Idees"],"inLanguage":"ca"},{"@type":"WebPage","@id":"https:\/\/www.willysplan.com\/ca\/idees\/els-8-millors-llocs-per-fer-picnic-a-barcelona","url":"https:\/\/www.willysplan.com\/ca\/idees\/els-8-millors-llocs-per-fer-picnic-a-barcelona","name":"Picnic a Barcelona: Descobreix els 8 millors llocs. - Willy's Plan","isPartOf":{"@id":"https:\/\/www.willysplan.com\/#website"},"primaryImageOfPage":{"@id":"https:\/\/www.willysplan.com\/ca\/idees\/els-8-millors-llocs-per-fer-picnic-a-barcelona#primaryimage"},"image":{"@id":"https:\/\/www.willysplan.com\/ca\/idees\/els-8-millors-llocs-per-fer-picnic-a-barcelona#primaryimage"},"thumbnailUrl":"https:\/\/www.willysplan.com\/wp-content\/uploads\/2021\/10\/laberintohorta.jpg","datePublished":"2021-10-26T20:15:05+00:00","dateModified":"2023-03-22T20:32:59+00:00","description":"De p\u00edcnic a Barcelona? Descobreix aqu\u00ed els millors berenadors a Barcelona i les millors zones i parcs on fer p\u00edcnic \u2705","inLanguage":"ca","potentialAction":[{"@type":"ReadAction","target":["https:\/\/www.willysplan.com\/ca\/idees\/els-8-millors-llocs-per-fer-picnic-a-barcelona"]}]},{"@type":"ImageObject","inLanguage":"ca","@id":"https:\/\/www.willysplan.com\/ca\/idees\/els-8-millors-llocs-per-fer-picnic-a-barcelona#primaryimage","url":"https:\/\/www.willysplan.com\/wp-content\/uploads\/2021\/10\/laberintohorta.jpg","contentUrl":"https:\/\/www.willysplan.com\/wp-content\/uploads\/2021\/10\/laberintohorta.jpg","width":617,"height":433,"caption":"laberinto horta"},{"@type":"WebSite","@id":"https:\/\/www.willysplan.com\/#website","url":"https:\/\/www.willysplan.com\/","name":"Willy&#039;s Plan \ud83c\udf43","description":"Escapadas y Planes de fin de semana","publisher":{"@id":"https:\/\/www.willysplan.com\/#organization"},"potentialAction":[{"@type":"SearchAction","target":{"@type":"EntryPoint","urlTemplate":"https:\/\/www.willysplan.com\/?s={search_term_string}"},"query-input":{"@type":"PropertyValueSpecification","valueRequired":true,"valueName":"search_term_string"}}],"inLanguage":"ca"},{"@type":"Organization","@id":"https:\/\/www.willysplan.com\/#organization","name":"Willy&#039;s Plan \ud83c\udf43","url":"https:\/\/www.willysplan.com\/","logo":{"@type":"ImageObject","inLanguage":"ca","@id":"https:\/\/www.willysplan.com\/#\/schema\/logo\/image\/","url":"https:\/\/www.willysplan.com\/wp-content\/uploads\/2020\/04\/cropped-logo-1.png","contentUrl":"https:\/\/www.willysplan.com\/wp-content\/uploads\/2020\/04\/cropped-logo-1.png","width":332,"height":332,"caption":"Willy&#039;s Plan \ud83c\udf43"},"image":{"@id":"https:\/\/www.willysplan.com\/#\/schema\/logo\/image\/"}},{"@type":"Person","@id":"https:\/\/www.willysplan.com\/#\/schema\/person\/58c1527a9a42e9b18a877f14136f1d47","name":"admin","image":{"@type":"ImageObject","inLanguage":"ca","@id":"https:\/\/www.willysplan.com\/#\/schema\/person\/image\/","url":"https:\/\/secure.gravatar.com\/avatar\/0b8d78e655d83cc71e0a6cd6cb0f0f99929604cd70ff0f7ac1713f248945ea9d?s=96&d=mm&r=g","contentUrl":"https:\/\/secure.gravatar.com\/avatar\/0b8d78e655d83cc71e0a6cd6cb0f0f99929604cd70ff0f7ac1713f248945ea9d?s=96&d=mm&r=g","caption":"admin"},"url":"https:\/\/www.willysplan.com\/ca\/author\/admin"}]}},"_links":{"self":[{"href":"https:\/\/www.willysplan.com\/ca\/wp-json\/wp\/v2\/posts\/16505","targetHints":{"allow":["GET"]}}],"collection":[{"href":"https:\/\/www.willysplan.com\/ca\/wp-json\/wp\/v2\/posts"}],"about":[{"href":"https:\/\/www.willysplan.com\/ca\/wp-json\/wp\/v2\/types\/post"}],"author":[{"embeddable":true,"href":"https:\/\/www.willysplan.com\/ca\/wp-json\/wp\/v2\/users\/1"}],"replies":[{"embeddable":true,"href":"https:\/\/www.willysplan.com\/ca\/wp-json\/wp\/v2\/comments?post=16505"}],"version-history":[{"count":5,"href":"https:\/\/www.willysplan.com\/ca\/wp-json\/wp\/v2\/posts\/16505\/revisions"}],"predecessor-version":[{"id":17789,"href":"https:\/\/www.willysplan.com\/ca\/wp-json\/wp\/v2\/posts\/16505\/revisions\/17789"}],"wp:featuredmedia":[{"embeddable":true,"href":"https:\/\/www.willysplan.com\/ca\/wp-json\/wp\/v2\/media\/14413"}],"wp:attachment":[{"href":"https:\/\/www.willysplan.com\/ca\/wp-json\/wp\/v2\/media?parent=16505"}],"wp:term":[{"taxonomy":"category","embeddable":true,"href":"https:\/\/www.willysplan.com\/ca\/wp-json\/wp\/v2\/categories?post=16505"},{"taxonomy":"post_tag","embeddable":true,"href":"https:\/\/www.willysplan.com\/ca\/wp-json\/wp\/v2\/tags?post=16505"}],"curies":[{"name":"wp","href":"https:\/\/api.w.org\/{rel}","templated":true}]}}