{"id":16486,"date":"2021-10-26T21:14:03","date_gmt":"2021-10-26T20:14:03","guid":{"rendered":"https:\/\/willysplan.com\/uncategorized-ca\/els-pobles-mes-bonics-de-la-costa-brava"},"modified":"2023-03-23T07:20:53","modified_gmt":"2023-03-23T06:20:53","slug":"els-pobles-mes-bonics-de-la-costa-brava","status":"publish","type":"post","link":"https:\/\/www.willysplan.com\/ca\/idees\/els-pobles-mes-bonics-de-la-costa-brava","title":{"rendered":"Els pobles m\u00e9s bonics de la costa brava"},"content":{"rendered":"\t\t<div data-elementor-type=\"wp-post\" data-elementor-id=\"16486\" class=\"elementor elementor-16486 elementor-8132\" data-elementor-post-type=\"post\">\n\t\t\t\t\t\t<section class=\"elementor-section elementor-top-section elementor-element elementor-element-671cd3c elementor-section-boxed elementor-section-height-default elementor-section-height-default\" data-id=\"671cd3c\" data-element_type=\"section\">\n\t\t\t\t\t\t<div class=\"elementor-container elementor-column-gap-default\">\n\t\t\t\t\t<div class=\"elementor-column elementor-col-100 elementor-top-column elementor-element elementor-element-eaffc38\" data-id=\"eaffc38\" data-element_type=\"column\">\n\t\t\t<div class=\"elementor-widget-wrap elementor-element-populated\">\n\t\t\t\t\t\t<div class=\"elementor-element elementor-element-ac561a4 elementor-widget elementor-widget-text-editor\" data-id=\"ac561a4\" data-element_type=\"widget\" data-widget_type=\"text-editor.default\">\n\t\t\t\t<div class=\"elementor-widget-container\">\n\t\t\t\t\t\t\t\t\t<p>Coneixes els pobles m\u00e9s bonics de la costa brava? <span style=\"color: var( --e-global-color-text ); font-family: var( --e-global-typography-text-font-family ); font-weight: var( --e-global-typography-text-font-weight ); background-color: var(--nv-site-bg);\">Est\u00e0s buscant qu\u00e8 veure, fer o visitar per aquesta zona?<\/span><\/p>\n<p><span style=\"color: var( --e-global-color-text ); font-family: var( --e-global-typography-text-font-family ); font-weight: var( --e-global-typography-text-font-weight ); background-color: var(--nv-site-bg);\">Doncs b\u00e9, tant si est\u00e0s de pas com si et quedar\u00e0s uns dies per les costes de Girona, aix\u00f2 t&#8217;interessa. Al llarg d&#8217;aquest article parlarem sobre pobles costaners i pobles medievals amb platja i muntanya, hist\u00f2ria, cultura, gastronomia, i una gran varietat d&#8217;activitats d&#8217;oci per fer.<\/span><\/p>\n<p><span style=\"color: var( --e-global-color-text ); font-family: var( --e-global-typography-text-font-family ); font-weight: var( --e-global-typography-text-font-weight ); background-color: var(--nv-site-bg);\">Aix\u00ed que presta atenci\u00f3, perqu\u00e8 a Willy&#8217;s Plan et resumim els pobles amb m\u00e9s encant de la costa brava, perqu\u00e8 aprofitis el temps de la millor manera possible, i no et quedis indiferent. Preparat\/da?<\/span><\/p>\n\t\t\t\t\t\t\t\t<\/div>\n\t\t\t\t<\/div>\n\t\t\t\t\t<\/div>\n\t\t<\/div>\n\t\t\t\t\t<\/div>\n\t\t<\/section>\n\t\t\t\t<section class=\"elementor-section elementor-top-section elementor-element elementor-element-36fe8d4 elementor-section-boxed elementor-section-height-default elementor-section-height-default\" data-id=\"36fe8d4\" data-element_type=\"section\">\n\t\t\t\t\t\t<div class=\"elementor-container elementor-column-gap-default\">\n\t\t\t\t\t<div class=\"elementor-column elementor-col-100 elementor-top-column elementor-element elementor-element-da527a3\" data-id=\"da527a3\" data-element_type=\"column\">\n\t\t\t<div class=\"elementor-widget-wrap elementor-element-populated\">\n\t\t\t\t\t\t<div class=\"elementor-element elementor-element-005077d elementor-widget elementor-widget-heading\" data-id=\"005077d\" data-element_type=\"widget\" data-widget_type=\"heading.default\">\n\t\t\t\t<div class=\"elementor-widget-container\">\n\t\t\t\t\t<h2 class=\"elementor-heading-title elementor-size-default\">1. Llafranc, Callela de Palafrugel<\/h2>\t\t\t\t<\/div>\n\t\t\t\t<\/div>\n\t\t\t\t\t<\/div>\n\t\t<\/div>\n\t\t\t\t\t<\/div>\n\t\t<\/section>\n\t\t\t\t<section class=\"elementor-section elementor-top-section elementor-element elementor-element-ec7d9c0 elementor-section-boxed elementor-section-height-default elementor-section-height-default\" data-id=\"ec7d9c0\" data-element_type=\"section\">\n\t\t\t\t\t\t<div class=\"elementor-container elementor-column-gap-default\">\n\t\t\t\t\t<div class=\"elementor-column elementor-col-50 elementor-top-column elementor-element elementor-element-1bee018\" data-id=\"1bee018\" data-element_type=\"column\">\n\t\t\t<div class=\"elementor-widget-wrap elementor-element-populated\">\n\t\t\t\t\t\t<div class=\"elementor-element elementor-element-a63218a elementor-widget elementor-widget-image\" data-id=\"a63218a\" data-element_type=\"widget\" data-widget_type=\"image.default\">\n\t\t\t\t<div class=\"elementor-widget-container\">\n\t\t\t\t\t\t\t\t\t\t\t\t\t\t\t<img fetchpriority=\"high\" decoding=\"async\" width=\"1024\" height=\"512\" src=\"https:\/\/www.willysplan.com\/wp-content\/uploads\/2020\/06\/rutas-llafranc.jpg\" class=\"attachment-large size-large wp-image-12083\" alt=\"\" \/>\t\t\t\t\t\t\t\t\t\t\t\t\t\t\t<\/div>\n\t\t\t\t<\/div>\n\t\t\t\t\t<\/div>\n\t\t<\/div>\n\t\t\t\t<div class=\"elementor-column elementor-col-50 elementor-top-column elementor-element elementor-element-8fdc606\" data-id=\"8fdc606\" data-element_type=\"column\">\n\t\t\t<div class=\"elementor-widget-wrap elementor-element-populated\">\n\t\t\t\t\t\t<div class=\"elementor-element elementor-element-e4b3fd9 elementor-widget elementor-widget-google_maps\" data-id=\"e4b3fd9\" data-element_type=\"widget\" data-widget_type=\"google_maps.default\">\n\t\t\t\t<div class=\"elementor-widget-container\">\n\t\t\t\t\t\t\t<div class=\"elementor-custom-embed\">\n\t\t\t<iframe loading=\"lazy\"\n\t\t\t\t\tsrc=\"https:\/\/maps.google.com\/maps?q=Llafranc&#038;t=m&#038;z=10&#038;output=embed&#038;iwloc=near\"\n\t\t\t\t\ttitle=\"Llafranc\"\n\t\t\t\t\taria-label=\"Llafranc\"\n\t\t\t><\/iframe>\n\t\t<\/div>\n\t\t\t\t\t\t<\/div>\n\t\t\t\t<\/div>\n\t\t\t\t\t<\/div>\n\t\t<\/div>\n\t\t\t\t\t<\/div>\n\t\t<\/section>\n\t\t\t\t<section class=\"elementor-section elementor-top-section elementor-element elementor-element-4e88c10 elementor-section-boxed elementor-section-height-default elementor-section-height-default\" data-id=\"4e88c10\" data-element_type=\"section\">\n\t\t\t\t\t\t<div class=\"elementor-container elementor-column-gap-default\">\n\t\t\t\t\t<div class=\"elementor-column elementor-col-100 elementor-top-column elementor-element elementor-element-8ccc3a4\" data-id=\"8ccc3a4\" data-element_type=\"column\">\n\t\t\t<div class=\"elementor-widget-wrap elementor-element-populated\">\n\t\t\t\t\t\t<div class=\"elementor-element elementor-element-39dc59f elementor-widget elementor-widget-text-editor\" data-id=\"39dc59f\" data-element_type=\"widget\" data-widget_type=\"text-editor.default\">\n\t\t\t\t<div class=\"elementor-widget-container\">\n\t\t\t\t\t\t\t\t\t<p>Aquest petit i acollidor poble a la costa de Girona nom\u00e9s t\u00e9 una \u00fanica platja, ubicada als peus de la muntanya de Sant Sebasti\u00e0, per\u00f2 no necessites m\u00e9s per fer turisme a la costa brava perqu\u00e8 \u00e9s espectacular. Encara que amb prou feines supera els 316 habitants, a l&#8217;estiu la poblaci\u00f3 creix pel fet que s&#8217;omple per molta gent de ciutat que hi t\u00e9 la seva segona resid\u00e8ncia. Sense oblidar l&#8217;encant arquitect\u00f2nic dels seus carrerons i edificacions, gaudeix d&#8217;un tret pel seu acollidor passeig mar\u00edtim, passejant sota l&#8217;ombra dels seus arbres, assaborint un entrep\u00e0 o gaudint d&#8217;un bon dia de sol a la vora de la platja.<\/p><p>Una de les rutes per Llafranc m\u00e9s destacada \u00e9s la ruta dels pescadors. Un petit recorregut que mostra com aquesta pr\u00e0ctica va anar prenent for\u00e7a fins a convertir-se en el principal suport econ\u00f2mic del poble. Una altra de les petites excursions per Llafranc que val la pena fer \u00e9s arribar a Tamariu, passant pel far de Sant Sebasti\u00e0, fent un bany a la Cala Pedrosa i acabat amb un merescut descans a Calella. Et recomanem acostar-te al mirador de Sant Sebasti\u00e0 <strong>,<\/strong> al costat de l&#8217;entrada del restaurant del mateix far i delectar-te amb l&#8217;espectacular posta de sol.<\/p><p>Llafranc no nom\u00e9s \u00e9s ideal per a una <a href=\"https:\/\/www.willysplan.com\/ca\/escapades-relax-per-catalunya-els-millors-balnearis-hotels-i-spas\">escapada relax a catalunya<\/a> , sin\u00f3 que tamb\u00e9 els agradar\u00e0 als apassionats dels esports aqu\u00e0tics, amb un ampli cat\u00e0leg d&#8217;activitats al seu club n\u00e0utic.<\/p><p style=\"margin: 0cm 0cm 9.35pt; background-image: initial; background-position: initial; background-size: initial; background-repeat: initial; background-attachment: initial; background-origin: initial; background-clip: initial;\"><span style=\"font-family: 'Arial','sans-serif';\">Per a + info:<\/span> <a href=\"https:\/\/www.willysplan.com\/ca\/rutes\/ruta-des-de-la-platja-de-llafranc-al-far-de-sant-sebastia\"><b><span style=\"font-family: 'Arial','sans-serif'; color: windowtext;\">Ruta des de la platja de Llafranc al Far de Sant Sebasti\u00e0<\/span><\/b><\/a><b><\/b><\/p>\t\t\t\t\t\t\t\t<\/div>\n\t\t\t\t<\/div>\n\t\t\t\t\t<\/div>\n\t\t<\/div>\n\t\t\t\t\t<\/div>\n\t\t<\/section>\n\t\t\t\t<section class=\"elementor-section elementor-top-section elementor-element elementor-element-cf26dc9 elementor-section-boxed elementor-section-height-default elementor-section-height-default\" data-id=\"cf26dc9\" data-element_type=\"section\">\n\t\t\t\t\t\t<div class=\"elementor-container elementor-column-gap-default\">\n\t\t\t\t\t<div class=\"elementor-column elementor-col-100 elementor-top-column elementor-element elementor-element-5689fda\" data-id=\"5689fda\" data-element_type=\"column\">\n\t\t\t<div class=\"elementor-widget-wrap elementor-element-populated\">\n\t\t\t\t\t\t<div class=\"elementor-element elementor-element-ec10ffc elementor-widget elementor-widget-heading\" data-id=\"ec10ffc\" data-element_type=\"widget\" data-widget_type=\"heading.default\">\n\t\t\t\t<div class=\"elementor-widget-container\">\n\t\t\t\t\t<h2 class=\"elementor-heading-title elementor-size-default\">2.Cadaqu\u00e9s<\/h2>\t\t\t\t<\/div>\n\t\t\t\t<\/div>\n\t\t\t\t\t<\/div>\n\t\t<\/div>\n\t\t\t\t\t<\/div>\n\t\t<\/section>\n\t\t\t\t<section class=\"elementor-section elementor-top-section elementor-element elementor-element-36de432 elementor-section-boxed elementor-section-height-default elementor-section-height-default\" data-id=\"36de432\" data-element_type=\"section\">\n\t\t\t\t\t\t<div class=\"elementor-container elementor-column-gap-default\">\n\t\t\t\t\t<div class=\"elementor-column elementor-col-50 elementor-top-column elementor-element elementor-element-30a85ea\" data-id=\"30a85ea\" data-element_type=\"column\">\n\t\t\t<div class=\"elementor-widget-wrap elementor-element-populated\">\n\t\t\t\t\t\t<div class=\"elementor-element elementor-element-254baa4 elementor-widget elementor-widget-image\" data-id=\"254baa4\" data-element_type=\"widget\" data-widget_type=\"image.default\">\n\t\t\t\t<div class=\"elementor-widget-container\">\n\t\t\t\t\t\t\t\t\t\t\t\t\t\t\t<img decoding=\"async\" width=\"768\" height=\"508\" src=\"https:\/\/www.willysplan.com\/wp-content\/uploads\/2020\/07\/rutas-cadaques-paint-768x508.jpg\" class=\"attachment-medium_large size-medium_large wp-image-13279\" alt=\"\" srcset=\"https:\/\/www.willysplan.com\/wp-content\/uploads\/2020\/07\/rutas-cadaques-paint-768x508.jpg 768w, https:\/\/www.willysplan.com\/wp-content\/uploads\/2020\/07\/rutas-cadaques-paint-300x199.jpg 300w, https:\/\/www.willysplan.com\/wp-content\/uploads\/2020\/07\/rutas-cadaques-paint-1024x678.jpg 1024w, https:\/\/www.willysplan.com\/wp-content\/uploads\/2020\/07\/rutas-cadaques-paint-280x186.jpg 280w, https:\/\/www.willysplan.com\/wp-content\/uploads\/2020\/07\/rutas-cadaques-paint-960x635.jpg 960w, https:\/\/www.willysplan.com\/wp-content\/uploads\/2020\/07\/rutas-cadaques-paint-605x400.jpg 605w, https:\/\/www.willysplan.com\/wp-content\/uploads\/2020\/07\/rutas-cadaques-paint-585x387.jpg 585w, https:\/\/www.willysplan.com\/wp-content\/uploads\/2020\/07\/rutas-cadaques-paint-600x397.jpg 600w, https:\/\/www.willysplan.com\/wp-content\/uploads\/2020\/07\/rutas-cadaques-paint.jpg 1200w\" sizes=\"(max-width: 768px) 100vw, 768px\" \/>\t\t\t\t\t\t\t\t\t\t\t\t\t\t\t<\/div>\n\t\t\t\t<\/div>\n\t\t\t\t\t<\/div>\n\t\t<\/div>\n\t\t\t\t<div class=\"elementor-column elementor-col-50 elementor-top-column elementor-element elementor-element-391cda5\" data-id=\"391cda5\" data-element_type=\"column\">\n\t\t\t<div class=\"elementor-widget-wrap elementor-element-populated\">\n\t\t\t\t\t\t<div class=\"elementor-element elementor-element-b390bb5 elementor-widget elementor-widget-google_maps\" data-id=\"b390bb5\" data-element_type=\"widget\" data-widget_type=\"google_maps.default\">\n\t\t\t\t<div class=\"elementor-widget-container\">\n\t\t\t\t\t\t\t<div class=\"elementor-custom-embed\">\n\t\t\t<iframe loading=\"lazy\"\n\t\t\t\t\tsrc=\"https:\/\/maps.google.com\/maps?q=Cadaqu%C3%A9s&#038;t=m&#038;z=10&#038;output=embed&#038;iwloc=near\"\n\t\t\t\t\ttitle=\"Cadaqu\u00e9s\"\n\t\t\t\t\taria-label=\"Cadaqu\u00e9s\"\n\t\t\t><\/iframe>\n\t\t<\/div>\n\t\t\t\t\t\t<\/div>\n\t\t\t\t<\/div>\n\t\t\t\t\t<\/div>\n\t\t<\/div>\n\t\t\t\t\t<\/div>\n\t\t<\/section>\n\t\t\t\t<section class=\"elementor-section elementor-top-section elementor-element elementor-element-090337d elementor-section-boxed elementor-section-height-default elementor-section-height-default\" data-id=\"090337d\" data-element_type=\"section\">\n\t\t\t\t\t\t<div class=\"elementor-container elementor-column-gap-default\">\n\t\t\t\t\t<div class=\"elementor-column elementor-col-100 elementor-top-column elementor-element elementor-element-10259a1\" data-id=\"10259a1\" data-element_type=\"column\">\n\t\t\t<div class=\"elementor-widget-wrap elementor-element-populated\">\n\t\t\t\t\t\t<div class=\"elementor-element elementor-element-67842ef elementor-widget elementor-widget-text-editor\" data-id=\"67842ef\" data-element_type=\"widget\" data-widget_type=\"text-editor.default\">\n\t\t\t\t<div class=\"elementor-widget-container\">\n\t\t\t\t\t\t\t\t\t<p>Cadaqu\u00e9s \u00e9s un poble pesquer i artesanal ple de vida que t&#8217;encantar\u00e0, un dels millors llocs de la costa brava. Segons deia Dal\u00ed, \u00e9s \u201cel poble m\u00e9s bonic del m\u00f3n\u201d. Coneix la seva hist\u00f2ria perdent-te pel nucli antic, la muralla i els carrers laber\u00edntics i sobretot amb el seu fam\u00f3s <em>suquet de peix<\/em> , del\u00edcia t\u00edpica de la seva \u00e0mplia oferta de gastronomia.<\/p><p>Despr\u00e9s passa&#8217;t per la Cala Sabolla o el Far de Calanans, les millors platges de la costa brava i de gran import\u00e0ncia per a Cadaqu\u00e9s, ja que permetia l&#8217;entrada de moltes embarcacions al poble, treballant alhora com a port mar\u00edtim i comercial de la ciutat. Es va edificar sobre un penya-segat, per aix\u00f2 el seu acc\u00e9s era molt complicat i els materials arribaven per mar, representant un gran repte per als enginyers i arquitectes de l&#8217;\u00e8poca. Un esfor\u00e7 que avui \u00e9s l&#8217;atractiu tur\u00edstic de molts, on podeu gaudir d&#8217;unes meravelloses vistes del poble i capvespres espectaculars. A m\u00e9s, aquest far ha estat protagonista d&#8217;alguna famosa pel\u00b7l\u00edcula com \u00abPerdona si et dic amor\u00bb, dirigida per Joaqu\u00edn Llamas. Sens dubte, un lloc molt bonic de la costa brava que no us podeu perdre per res del m\u00f3n.<\/p><p><span style=\"font-family: 'Arial','sans-serif';\">Per a + info: <strong><a href=\"https:\/\/www.willysplan.com\/ca\/rutes\/ruta-de-cadaques-far-calanans-i-cala-sabolla\">Excursi\u00f3 per Cadaqu\u00e9s, Far Calanans i Cala Saboya<\/a><\/strong><\/span><\/p>\t\t\t\t\t\t\t\t<\/div>\n\t\t\t\t<\/div>\n\t\t\t\t\t<\/div>\n\t\t<\/div>\n\t\t\t\t\t<\/div>\n\t\t<\/section>\n\t\t\t\t<section class=\"elementor-section elementor-top-section elementor-element elementor-element-228dd78 elementor-section-boxed elementor-section-height-default elementor-section-height-default\" data-id=\"228dd78\" data-element_type=\"section\">\n\t\t\t\t\t\t<div class=\"elementor-container elementor-column-gap-default\">\n\t\t\t\t\t<div class=\"elementor-column elementor-col-100 elementor-top-column elementor-element elementor-element-6fe37a6\" data-id=\"6fe37a6\" data-element_type=\"column\">\n\t\t\t<div class=\"elementor-widget-wrap elementor-element-populated\">\n\t\t\t\t\t\t<div class=\"elementor-element elementor-element-c9dcbd0 elementor-widget elementor-widget-heading\" data-id=\"c9dcbd0\" data-element_type=\"widget\" data-widget_type=\"heading.default\">\n\t\t\t\t<div class=\"elementor-widget-container\">\n\t\t\t\t\t<h2 class=\"elementor-heading-title elementor-size-default\">3. Lloret de mar<\/h2>\t\t\t\t<\/div>\n\t\t\t\t<\/div>\n\t\t\t\t\t<\/div>\n\t\t<\/div>\n\t\t\t\t\t<\/div>\n\t\t<\/section>\n\t\t\t\t<section class=\"elementor-section elementor-top-section elementor-element elementor-element-9dde891 elementor-section-boxed elementor-section-height-default elementor-section-height-default\" data-id=\"9dde891\" data-element_type=\"section\">\n\t\t\t\t\t\t<div class=\"elementor-container elementor-column-gap-default\">\n\t\t\t\t\t<div class=\"elementor-column elementor-col-50 elementor-top-column elementor-element elementor-element-efd1b5f\" data-id=\"efd1b5f\" data-element_type=\"column\">\n\t\t\t<div class=\"elementor-widget-wrap elementor-element-populated\">\n\t\t\t\t\t\t<div class=\"elementor-element elementor-element-52923a4 elementor-widget elementor-widget-image\" data-id=\"52923a4\" data-element_type=\"widget\" data-widget_type=\"image.default\">\n\t\t\t\t<div class=\"elementor-widget-container\">\n\t\t\t\t\t\t\t\t\t\t\t\t\t\t\t<img decoding=\"async\" width=\"596\" height=\"347\" src=\"https:\/\/www.willysplan.com\/wp-content\/uploads\/2020\/06\/cami-de-rondeta1.jpg\" class=\"attachment-large size-large wp-image-13197\" alt=\"\" srcset=\"https:\/\/www.willysplan.com\/wp-content\/uploads\/2020\/06\/cami-de-rondeta1.jpg 596w, https:\/\/www.willysplan.com\/wp-content\/uploads\/2020\/06\/cami-de-rondeta1-300x175.jpg 300w, https:\/\/www.willysplan.com\/wp-content\/uploads\/2020\/06\/cami-de-rondeta1-585x341.jpg 585w\" sizes=\"(max-width: 596px) 100vw, 596px\" \/>\t\t\t\t\t\t\t\t\t\t\t\t\t\t\t<\/div>\n\t\t\t\t<\/div>\n\t\t\t\t\t<\/div>\n\t\t<\/div>\n\t\t\t\t<div class=\"elementor-column elementor-col-50 elementor-top-column elementor-element elementor-element-a40f723\" data-id=\"a40f723\" data-element_type=\"column\">\n\t\t\t<div class=\"elementor-widget-wrap elementor-element-populated\">\n\t\t\t\t\t\t<div class=\"elementor-element elementor-element-8ebd04f elementor-widget elementor-widget-google_maps\" data-id=\"8ebd04f\" data-element_type=\"widget\" data-widget_type=\"google_maps.default\">\n\t\t\t\t<div class=\"elementor-widget-container\">\n\t\t\t\t\t\t\t<div class=\"elementor-custom-embed\">\n\t\t\t<iframe loading=\"lazy\"\n\t\t\t\t\tsrc=\"https:\/\/maps.google.com\/maps?q=Lloret%20de%20mar&#038;t=m&#038;z=10&#038;output=embed&#038;iwloc=near\"\n\t\t\t\t\ttitle=\"Lloret de mar\"\n\t\t\t\t\taria-label=\"Lloret de mar\"\n\t\t\t><\/iframe>\n\t\t<\/div>\n\t\t\t\t\t\t<\/div>\n\t\t\t\t<\/div>\n\t\t\t\t\t<\/div>\n\t\t<\/div>\n\t\t\t\t\t<\/div>\n\t\t<\/section>\n\t\t\t\t<section class=\"elementor-section elementor-top-section elementor-element elementor-element-649f78d elementor-section-boxed elementor-section-height-default elementor-section-height-default\" data-id=\"649f78d\" data-element_type=\"section\">\n\t\t\t\t\t\t<div class=\"elementor-container elementor-column-gap-default\">\n\t\t\t\t\t<div class=\"elementor-column elementor-col-100 elementor-top-column elementor-element elementor-element-bd8f266\" data-id=\"bd8f266\" data-element_type=\"column\">\n\t\t\t<div class=\"elementor-widget-wrap elementor-element-populated\">\n\t\t\t\t\t\t<div class=\"elementor-element elementor-element-6131457 elementor-widget elementor-widget-text-editor\" data-id=\"6131457\" data-element_type=\"widget\" data-widget_type=\"text-editor.default\">\n\t\t\t\t<div class=\"elementor-widget-container\">\n\t\t\t\t\t\t\t\t\t<p>Lloret de Mar, un dels llocs m\u00e9s encants de la costa brava, es transforma segons l&#8217;\u00e8poca de l&#8217;any. A l&#8217;estiu rep milers de turistes que omplen les platges, fan activitats d&#8217;oci i esport i sobretot gaudeixen de l&#8217;animada vida nocturna a bars, terrasses i discoteques. Tot i aix\u00f2, si prefereixes una mica m\u00e9s de tranquil\u00b7litat, en altres estacions de l&#8217;any la poblaci\u00f3 es redueix als seus habitants i \u00e9s el moment perfecte per gaudir de les platges i cales tranquil\u00b7lament, anar de compres pel nucli antic o sopar i sortir per les nits sense aglomeracions. Si aneu a l&#8217;\u00e8poca adequada \u00e9s un dels llocs m\u00e9s tranquils de la costa brava.<\/p><p>Encara que el seu atractiu m\u00e9s gran siguin les platges i les cales d&#8217;aig\u00fces cristal\u00b7lines, com ara Sa Caleta, no es pot deixar de banda la hist\u00f2ria i la cultura del poble, que convertiran el teu viatge en una enriquidora experi\u00e8ncia. A m\u00e9s del castell de Sant Joan, els famosos Camins de Ronda o l&#8217;Esgl\u00e9sia de Sant Rom\u00e0, si us apassiona l&#8217;art modernista, una de les rutes per Lloret de Mar obligada per a tu seria per con\u00e8ixer Can Font, una casa senyorial del segle XIX que constitueix un clar exemple de la influ\u00e8ncia d&#8217;aquest corrent a la zona, el cementiri modernista o els Jardins de Santa Clotilde, que encara conserven l&#8217;autenticitat renaixentista italiana.<\/p><p>A la casa indiana de Can Garriga, de gran valor hist\u00f2ric i en ple passeig mar\u00edtim, hi ha el Museu del Mar, un altre lloc imprescindible a Lloret del Mar. Aquest edifici de tres plantes us mostrar\u00e0 d&#8217;una manera incre\u00efblement especial l&#8217;estreta relaci\u00f3 que ha tingut al llarg de la hist\u00f2ria la localitat amb el mar i la navegaci\u00f3. \u00c9s un d&#8217;aquells pobles de la costa brava per visitar aix\u00ed que puguis.<\/p><p>Per a + info: <a href=\"https:\/\/www.willysplan.com\/ca\/rutes\/ruta-des-del-poblat-iber-turo-rodo-a-cala-den-trons\"><strong>Ruta des del Poblat \u00cdber Tur\u00f3 Rod\u00f3 a Cala d\u00e8n Trons<\/strong><\/a><\/p>\t\t\t\t\t\t\t\t<\/div>\n\t\t\t\t<\/div>\n\t\t\t\t\t<\/div>\n\t\t<\/div>\n\t\t\t\t\t<\/div>\n\t\t<\/section>\n\t\t\t\t<section class=\"elementor-section elementor-top-section elementor-element elementor-element-934cfa6 elementor-section-boxed elementor-section-height-default elementor-section-height-default\" data-id=\"934cfa6\" data-element_type=\"section\">\n\t\t\t\t\t\t<div class=\"elementor-container elementor-column-gap-default\">\n\t\t\t\t\t<div class=\"elementor-column elementor-col-100 elementor-top-column elementor-element elementor-element-6d28942\" data-id=\"6d28942\" data-element_type=\"column\">\n\t\t\t<div class=\"elementor-widget-wrap elementor-element-populated\">\n\t\t\t\t\t\t<div class=\"elementor-element elementor-element-24f2b10 elementor-widget elementor-widget-heading\" data-id=\"24f2b10\" data-element_type=\"widget\" data-widget_type=\"heading.default\">\n\t\t\t\t<div class=\"elementor-widget-container\">\n\t\t\t\t\t<h2 class=\"elementor-heading-title elementor-size-default\">4. Tossa de Mar<\/h2>\t\t\t\t<\/div>\n\t\t\t\t<\/div>\n\t\t\t\t\t<\/div>\n\t\t<\/div>\n\t\t\t\t\t<\/div>\n\t\t<\/section>\n\t\t\t\t<section class=\"elementor-section elementor-top-section elementor-element elementor-element-5a266e9 elementor-section-boxed elementor-section-height-default elementor-section-height-default\" data-id=\"5a266e9\" data-element_type=\"section\">\n\t\t\t\t\t\t<div class=\"elementor-container elementor-column-gap-default\">\n\t\t\t\t\t<div class=\"elementor-column elementor-col-50 elementor-top-column elementor-element elementor-element-8ca8f7f\" data-id=\"8ca8f7f\" data-element_type=\"column\">\n\t\t\t<div class=\"elementor-widget-wrap elementor-element-populated\">\n\t\t\t\t\t\t<div class=\"elementor-element elementor-element-55b0b90 elementor-widget elementor-widget-image\" data-id=\"55b0b90\" data-element_type=\"widget\" data-widget_type=\"image.default\">\n\t\t\t\t<div class=\"elementor-widget-container\">\n\t\t\t\t\t\t\t\t\t\t\t\t\t\t\t<img loading=\"lazy\" decoding=\"async\" width=\"804\" height=\"566\" src=\"https:\/\/www.willysplan.com\/wp-content\/uploads\/2021\/01\/cala-pola-tossa-de-mar-1.jpg\" class=\"attachment-large size-large wp-image-13943\" alt=\"\" srcset=\"https:\/\/www.willysplan.com\/wp-content\/uploads\/2021\/01\/cala-pola-tossa-de-mar-1.jpg 804w, https:\/\/www.willysplan.com\/wp-content\/uploads\/2021\/01\/cala-pola-tossa-de-mar-1-300x211.jpg 300w, https:\/\/www.willysplan.com\/wp-content\/uploads\/2021\/01\/cala-pola-tossa-de-mar-1-768x541.jpg 768w, https:\/\/www.willysplan.com\/wp-content\/uploads\/2021\/01\/cala-pola-tossa-de-mar-1-600x422.jpg 600w\" sizes=\"(max-width: 804px) 100vw, 804px\" \/>\t\t\t\t\t\t\t\t\t\t\t\t\t\t\t<\/div>\n\t\t\t\t<\/div>\n\t\t\t\t\t<\/div>\n\t\t<\/div>\n\t\t\t\t<div class=\"elementor-column elementor-col-50 elementor-top-column elementor-element elementor-element-3e5315c\" data-id=\"3e5315c\" data-element_type=\"column\">\n\t\t\t<div class=\"elementor-widget-wrap elementor-element-populated\">\n\t\t\t\t\t\t<div class=\"elementor-element elementor-element-2ac84a8 elementor-widget elementor-widget-google_maps\" data-id=\"2ac84a8\" data-element_type=\"widget\" data-widget_type=\"google_maps.default\">\n\t\t\t\t<div class=\"elementor-widget-container\">\n\t\t\t\t\t\t\t<div class=\"elementor-custom-embed\">\n\t\t\t<iframe loading=\"lazy\"\n\t\t\t\t\tsrc=\"https:\/\/maps.google.com\/maps?q=Tossa%20de%20Mar&#038;t=m&#038;z=10&#038;output=embed&#038;iwloc=near\"\n\t\t\t\t\ttitle=\"Tossa de Mar\"\n\t\t\t\t\taria-label=\"Tossa de Mar\"\n\t\t\t><\/iframe>\n\t\t<\/div>\n\t\t\t\t\t\t<\/div>\n\t\t\t\t<\/div>\n\t\t\t\t\t<\/div>\n\t\t<\/div>\n\t\t\t\t\t<\/div>\n\t\t<\/section>\n\t\t\t\t<section class=\"elementor-section elementor-top-section elementor-element elementor-element-7dd4d6d elementor-section-boxed elementor-section-height-default elementor-section-height-default\" data-id=\"7dd4d6d\" data-element_type=\"section\">\n\t\t\t\t\t\t<div class=\"elementor-container elementor-column-gap-default\">\n\t\t\t\t\t<div class=\"elementor-column elementor-col-100 elementor-top-column elementor-element elementor-element-eab2445\" data-id=\"eab2445\" data-element_type=\"column\">\n\t\t\t<div class=\"elementor-widget-wrap elementor-element-populated\">\n\t\t\t\t\t\t<div class=\"elementor-element elementor-element-fc5f76d elementor-widget elementor-widget-text-editor\" data-id=\"fc5f76d\" data-element_type=\"widget\" data-widget_type=\"text-editor.default\">\n\t\t\t\t<div class=\"elementor-widget-container\">\n\t\t\t\t\t\t\t\t\t<p>Aquest poble medieval \u00e9s una de les destinacions m\u00e9s concorregudes de la Costa Brava. L&#8217;\u00e8xit d&#8217;aquest lloc \u00e9s degut al seu clima mediterrani excepcional, que permet gaudir d&#8217;una gran quantitat de dies de sol la gran majoria de l&#8217;any; convertint &#8211; lo en un dels millors llocs <a href=\"https:\/\/www.willysplan.com\/que-hacer\/girona\">que visitar a Girona<\/a> .<\/p><p>Una de les rutes per Tossa de Mar m\u00e9s t\u00edpiques \u00e9s fer una passejada pel recinte medieval, entre estrets carrerons pavimentats en pedra i nombroses cases que recreen el que va ser el poble en la seva esplendor durant l&#8217;\u00e8poca medieval.<\/p><p>De visites obligat\u00f2ries, a m\u00e9s de la Cala Codolar, en tens la Torre des Moros i el Castell de Tossa. El castell de Tossa del Mar va ser declarat Monument Hist\u00f2ric Art\u00edstic Nacional de Girona i avui dia continua sent una representaci\u00f3 important de l&#8217;arquitectura medieval. La Torre des Moros o Torre de Can Mag\u00ed va ser constru\u00efda al segle XVI per tal de protegir gran part de la Costa Brava de les invasions que assolaven les terres per aquella \u00e8poca. T&#8217;enlluernar\u00e0 amb unes prometedores vistes cap al nucli antic de la Vila Vella Tossa i les belles costes i natura de Tossa de Mar.<\/p><p>Tampoc no et pots perdre el barri Sa Roqueta, el tradicional barri de pescadors on es concentra la millor oferta d&#8217;oci, bars i restaurants, on pots compartir una incre\u00efble vetllada en fam\u00edlia, amb amics o amb parella.<\/p><p>Per a + info: <a href=\"https:\/\/www.willysplan.com\/ca\/rutes\/rutes-de-senderisme-i-excursions-per-tossa-de-mar\"><strong>Rutes de senderisme<\/strong> i excursions per Tossa de Mar<\/a><\/p>\t\t\t\t\t\t\t\t<\/div>\n\t\t\t\t<\/div>\n\t\t\t\t\t<\/div>\n\t\t<\/div>\n\t\t\t\t\t<\/div>\n\t\t<\/section>\n\t\t\t\t<section class=\"elementor-section elementor-top-section elementor-element elementor-element-463b1d6 elementor-section-boxed elementor-section-height-default elementor-section-height-default\" data-id=\"463b1d6\" data-element_type=\"section\">\n\t\t\t\t\t\t<div class=\"elementor-container elementor-column-gap-default\">\n\t\t\t\t\t<div class=\"elementor-column elementor-col-100 elementor-top-column elementor-element elementor-element-906796f\" data-id=\"906796f\" data-element_type=\"column\">\n\t\t\t<div class=\"elementor-widget-wrap elementor-element-populated\">\n\t\t\t\t\t\t<div class=\"elementor-element elementor-element-add74af elementor-widget elementor-widget-heading\" data-id=\"add74af\" data-element_type=\"widget\" data-widget_type=\"heading.default\">\n\t\t\t\t<div class=\"elementor-widget-container\">\n\t\t\t\t\t<h2 class=\"elementor-heading-title elementor-size-default\">5. Begur\n\n<\/h2>\t\t\t\t<\/div>\n\t\t\t\t<\/div>\n\t\t\t\t\t<\/div>\n\t\t<\/div>\n\t\t\t\t\t<\/div>\n\t\t<\/section>\n\t\t\t\t<section class=\"elementor-section elementor-top-section elementor-element elementor-element-17f4fe2 elementor-section-boxed elementor-section-height-default elementor-section-height-default\" data-id=\"17f4fe2\" data-element_type=\"section\">\n\t\t\t\t\t\t<div class=\"elementor-container elementor-column-gap-default\">\n\t\t\t\t\t<div class=\"elementor-column elementor-col-50 elementor-top-column elementor-element elementor-element-e70c3b5\" data-id=\"e70c3b5\" data-element_type=\"column\">\n\t\t\t<div class=\"elementor-widget-wrap elementor-element-populated\">\n\t\t\t\t\t\t<div class=\"elementor-element elementor-element-6952af3 elementor-widget elementor-widget-image\" data-id=\"6952af3\" data-element_type=\"widget\" data-widget_type=\"image.default\">\n\t\t\t\t<div class=\"elementor-widget-container\">\n\t\t\t\t\t\t\t\t\t\t\t\t\t\t\t<img loading=\"lazy\" decoding=\"async\" width=\"878\" height=\"565\" src=\"https:\/\/www.willysplan.com\/wp-content\/uploads\/2020\/12\/cala-aiguablava-de-begur.jpg\" class=\"attachment-large size-large wp-image-13799\" alt=\"\" srcset=\"https:\/\/www.willysplan.com\/wp-content\/uploads\/2020\/12\/cala-aiguablava-de-begur.jpg 878w, https:\/\/www.willysplan.com\/wp-content\/uploads\/2020\/12\/cala-aiguablava-de-begur-300x193.jpg 300w, https:\/\/www.willysplan.com\/wp-content\/uploads\/2020\/12\/cala-aiguablava-de-begur-768x494.jpg 768w, https:\/\/www.willysplan.com\/wp-content\/uploads\/2020\/12\/cala-aiguablava-de-begur-622x400.jpg 622w, https:\/\/www.willysplan.com\/wp-content\/uploads\/2020\/12\/cala-aiguablava-de-begur-585x376.jpg 585w, https:\/\/www.willysplan.com\/wp-content\/uploads\/2020\/12\/cala-aiguablava-de-begur-600x386.jpg 600w\" sizes=\"(max-width: 878px) 100vw, 878px\" \/>\t\t\t\t\t\t\t\t\t\t\t\t\t\t\t<\/div>\n\t\t\t\t<\/div>\n\t\t\t\t\t<\/div>\n\t\t<\/div>\n\t\t\t\t<div class=\"elementor-column elementor-col-50 elementor-top-column elementor-element elementor-element-4eea298\" data-id=\"4eea298\" data-element_type=\"column\">\n\t\t\t<div class=\"elementor-widget-wrap elementor-element-populated\">\n\t\t\t\t\t\t<div class=\"elementor-element elementor-element-d04aa7e elementor-widget elementor-widget-google_maps\" data-id=\"d04aa7e\" data-element_type=\"widget\" data-widget_type=\"google_maps.default\">\n\t\t\t\t<div class=\"elementor-widget-container\">\n\t\t\t\t\t\t\t<div class=\"elementor-custom-embed\">\n\t\t\t<iframe loading=\"lazy\"\n\t\t\t\t\tsrc=\"https:\/\/maps.google.com\/maps?q=Begur&#038;t=m&#038;z=10&#038;output=embed&#038;iwloc=near\"\n\t\t\t\t\ttitle=\"Begur\"\n\t\t\t\t\taria-label=\"Begur\"\n\t\t\t><\/iframe>\n\t\t<\/div>\n\t\t\t\t\t\t<\/div>\n\t\t\t\t<\/div>\n\t\t\t\t\t<\/div>\n\t\t<\/div>\n\t\t\t\t\t<\/div>\n\t\t<\/section>\n\t\t\t\t<section class=\"elementor-section elementor-top-section elementor-element elementor-element-9e9ef71 elementor-section-boxed elementor-section-height-default elementor-section-height-default\" data-id=\"9e9ef71\" data-element_type=\"section\">\n\t\t\t\t\t\t<div class=\"elementor-container elementor-column-gap-default\">\n\t\t\t\t\t<div class=\"elementor-column elementor-col-100 elementor-top-column elementor-element elementor-element-5ca7731\" data-id=\"5ca7731\" data-element_type=\"column\">\n\t\t\t<div class=\"elementor-widget-wrap elementor-element-populated\">\n\t\t\t\t\t\t<div class=\"elementor-element elementor-element-1aafa5b elementor-widget elementor-widget-text-editor\" data-id=\"1aafa5b\" data-element_type=\"widget\" data-widget_type=\"text-editor.default\">\n\t\t\t\t<div class=\"elementor-widget-container\">\n\t\t\t\t\t\t\t\t\t<p>Situat entre l&#8217;Estartit, al nord, i Palam\u00f3s, al sud, aquest petit poble del Baix Ampurd\u00e0 de poc m\u00e9s de 4.000 habitants (que a l&#8217;estiu arriba als 20.000), \u00e9s una aut\u00e8ntica joia amb una profunda personalitat gastron\u00f2mica i hist\u00f2rica reflectida a cada casa, cada carrer i cada rac\u00f3.<\/p><p>La imatge m\u00e9s coneguda de Begur \u00e9s sens dubte el castell medieval que presideix el municipi, per\u00f2 tamb\u00e9 trobem altres llocs interessants per visitar. <span style=\"color: var( --e-global-color-text ); font-family: var( --e-global-typography-text-font-family ); font-weight: var( --e-global-typography-text-font-weight ); background-color: var(--nv-site-bg);\">Tens les nombroses cases indianes, edificis d&#8217;estil colonial constru\u00efts per begurencs que el segle XIX van emigrar a les Am\u00e8riques fugint de la crisi econ\u00f2mica del moment, i que posteriorment van tornar amb una important fortuna. Tamb\u00e9 hi ha les torres de defensa del segle XVI (llegat del temps en qu\u00e8 els pirates navegaven pel Mediterrani i constru\u00efdes pels begurencs com a mitj\u00e0 de refugi contra els seus assalts), l&#8217;esgl\u00e9sia g\u00f2tica dedicada a Sant Pere o altres edificis hist\u00f2rics com el Casino Cultural o les Escoles Velles. La visita al castell de Begur \u00e9s gratu\u00efta, aix\u00ed que s&#8217;hi pot accedir lliurement podent gaudir de les incre\u00efbles vistes panor\u00e0miques que ens ofereix de bona part de la Costa Brava i els pobles que envolten Begur.<\/span><\/p><p>A la Costa Brava respira tranquil\u00b7litat, convida al descans, i \u00e9s el lloc perfecte. No et pots perdre tampoc la Cala Sa tuna. Les seves casetes enmig d&#8217;estrets carrerons encara conserven l&#8217;encant del vell port mariner i unes impressionants vistes al mar que sens dubte la converteixen en un lloc perfecte de la Costa Brava per desconnectar.<\/p><p>No dubtis a consultar la nostra <strong><a href=\"https:\/\/www.willysplan.com\/ca\/rutes\/ruta-des-de-begur-a-cala-sa-tuna\">Ruta des de Begur a Cala Sa tuna<\/a> !<\/strong><\/p>\t\t\t\t\t\t\t\t<\/div>\n\t\t\t\t<\/div>\n\t\t\t\t\t<\/div>\n\t\t<\/div>\n\t\t\t\t\t<\/div>\n\t\t<\/section>\n\t\t\t\t<section class=\"elementor-section elementor-top-section elementor-element elementor-element-15b5636 elementor-section-boxed elementor-section-height-default elementor-section-height-default\" data-id=\"15b5636\" data-element_type=\"section\">\n\t\t\t\t\t\t<div class=\"elementor-container elementor-column-gap-default\">\n\t\t\t\t\t<div class=\"elementor-column elementor-col-100 elementor-top-column elementor-element elementor-element-bdb4769\" data-id=\"bdb4769\" data-element_type=\"column\">\n\t\t\t<div class=\"elementor-widget-wrap elementor-element-populated\">\n\t\t\t\t\t\t<div class=\"elementor-element elementor-element-b9343a2 elementor-widget elementor-widget-heading\" data-id=\"b9343a2\" data-element_type=\"widget\" data-widget_type=\"heading.default\">\n\t\t\t\t<div class=\"elementor-widget-container\">\n\t\t\t\t\t<h2 class=\"elementor-heading-title elementor-size-default\">5. Roses<\/h2>\t\t\t\t<\/div>\n\t\t\t\t<\/div>\n\t\t\t\t\t<\/div>\n\t\t<\/div>\n\t\t\t\t\t<\/div>\n\t\t<\/section>\n\t\t\t\t<section class=\"elementor-section elementor-top-section elementor-element elementor-element-75483c7 elementor-section-boxed elementor-section-height-default elementor-section-height-default\" data-id=\"75483c7\" data-element_type=\"section\">\n\t\t\t\t\t\t<div class=\"elementor-container elementor-column-gap-default\">\n\t\t\t\t\t<div class=\"elementor-column elementor-col-50 elementor-top-column elementor-element elementor-element-1aab861\" data-id=\"1aab861\" data-element_type=\"column\">\n\t\t\t<div class=\"elementor-widget-wrap elementor-element-populated\">\n\t\t\t\t\t\t<div class=\"elementor-element elementor-element-b5fd43b elementor-widget elementor-widget-image\" data-id=\"b5fd43b\" data-element_type=\"widget\" data-widget_type=\"image.default\">\n\t\t\t\t<div class=\"elementor-widget-container\">\n\t\t\t\t\t\t\t\t\t\t\t\t\t\t\t<img loading=\"lazy\" decoding=\"async\" width=\"625\" height=\"406\" src=\"https:\/\/www.willysplan.com\/wp-content\/uploads\/2021\/08\/montjoirosesgirona.jpg\" class=\"attachment-large size-large wp-image-14277\" alt=\"\" srcset=\"https:\/\/www.willysplan.com\/wp-content\/uploads\/2021\/08\/montjoirosesgirona.jpg 625w, https:\/\/www.willysplan.com\/wp-content\/uploads\/2021\/08\/montjoirosesgirona-300x195.jpg 300w, https:\/\/www.willysplan.com\/wp-content\/uploads\/2021\/08\/montjoirosesgirona-600x390.jpg 600w\" sizes=\"(max-width: 625px) 100vw, 625px\" \/>\t\t\t\t\t\t\t\t\t\t\t\t\t\t\t<\/div>\n\t\t\t\t<\/div>\n\t\t\t\t\t<\/div>\n\t\t<\/div>\n\t\t\t\t<div class=\"elementor-column elementor-col-50 elementor-top-column elementor-element elementor-element-151e5f7\" data-id=\"151e5f7\" data-element_type=\"column\">\n\t\t\t<div class=\"elementor-widget-wrap elementor-element-populated\">\n\t\t\t\t\t\t<div class=\"elementor-element elementor-element-3e97a93 elementor-widget elementor-widget-google_maps\" data-id=\"3e97a93\" data-element_type=\"widget\" data-widget_type=\"google_maps.default\">\n\t\t\t\t<div class=\"elementor-widget-container\">\n\t\t\t\t\t\t\t<div class=\"elementor-custom-embed\">\n\t\t\t<iframe loading=\"lazy\"\n\t\t\t\t\tsrc=\"https:\/\/maps.google.com\/maps?q=Roses&#038;t=m&#038;z=10&#038;output=embed&#038;iwloc=near\"\n\t\t\t\t\ttitle=\"Roses\"\n\t\t\t\t\taria-label=\"Roses\"\n\t\t\t><\/iframe>\n\t\t<\/div>\n\t\t\t\t\t\t<\/div>\n\t\t\t\t<\/div>\n\t\t\t\t\t<\/div>\n\t\t<\/div>\n\t\t\t\t\t<\/div>\n\t\t<\/section>\n\t\t\t\t<section class=\"elementor-section elementor-top-section elementor-element elementor-element-125a922 elementor-section-boxed elementor-section-height-default elementor-section-height-default\" data-id=\"125a922\" data-element_type=\"section\">\n\t\t\t\t\t\t<div class=\"elementor-container elementor-column-gap-default\">\n\t\t\t\t\t<div class=\"elementor-column elementor-col-100 elementor-top-column elementor-element elementor-element-4016297\" data-id=\"4016297\" data-element_type=\"column\">\n\t\t\t<div class=\"elementor-widget-wrap elementor-element-populated\">\n\t\t\t\t\t\t<div class=\"elementor-element elementor-element-f575834 elementor-widget elementor-widget-text-editor\" data-id=\"f575834\" data-element_type=\"widget\" data-widget_type=\"text-editor.default\">\n\t\t\t\t<div class=\"elementor-widget-container\">\n\t\t\t\t\t\t\t\t\t<p>Roses \u00e9s el poble tur\u00edstic m\u00e9s important de la Costa Brava nord i el m\u00e9s proper a les capitals europees. Situat en un lloc privilegiat a la badia que d\u00f3na nom, l&#8217;orientaci\u00f3 del poble fa que les seves postes de sol siguin un espectacle impressionant.<\/p><p>Les seves cales i platges envoltades de pins s\u00f3n un dels seus atractius m\u00e9s grans, als quals cal sumar una completa oferta d&#8217;allotjament i restauraci\u00f3 pensada per al turisme familiar, per la qual cosa \u00e9s ideal per a una <a href=\"https:\/\/www.willysplan.com\/ca\/escapades-amb-nens-per-catalunya\">escapada amb nens a Catalunya<\/a> .<\/p><p>Acompanyat per la muntanya del Cap de Creus, a m\u00e9s de ser un gran centre tur\u00edstic amb un port esportiu i el port pesquer m\u00e9s destacat de la costa nord, el litoral ofereix una successi\u00f3 de petites cales que s\u00f3n les m\u00e9s assolellades de Catalunya. com per exemple Canyelles Petites, Almadraba (o Canyelles Grosses), Murtra, Rustella, Montjoi, Pelosa oi J\u00f3ncols.<\/p><p>Les seves extenses platges de sorra fina s\u00f3n aptes per a totes les activitats, tant esportives com n\u00e0utiques. Tamb\u00e9 podeu fer excursions pel Parc Natural del Cap de Creus, el poblat visig\u00f2tic del Puig Rom o el conjunt megal\u00edtic<\/p>\t\t\t\t\t\t\t\t<\/div>\n\t\t\t\t<\/div>\n\t\t\t\t\t<\/div>\n\t\t<\/div>\n\t\t\t\t\t<\/div>\n\t\t<\/section>\n\t\t\t\t<section class=\"elementor-section elementor-top-section elementor-element elementor-element-e9b80a3 elementor-section-boxed elementor-section-height-default elementor-section-height-default\" data-id=\"e9b80a3\" data-element_type=\"section\">\n\t\t\t\t\t\t<div class=\"elementor-container elementor-column-gap-default\">\n\t\t\t\t\t<div class=\"elementor-column elementor-col-100 elementor-top-column elementor-element elementor-element-9dd7f69\" data-id=\"9dd7f69\" data-element_type=\"column\">\n\t\t\t<div class=\"elementor-widget-wrap elementor-element-populated\">\n\t\t\t\t\t\t<div class=\"elementor-element elementor-element-6e58283 elementor-widget elementor-widget-heading\" data-id=\"6e58283\" data-element_type=\"widget\" data-widget_type=\"heading.default\">\n\t\t\t\t<div class=\"elementor-widget-container\">\n\t\t\t\t\t<h2 class=\"elementor-heading-title elementor-size-default\">7. Peralada<\/h2>\t\t\t\t<\/div>\n\t\t\t\t<\/div>\n\t\t\t\t\t<\/div>\n\t\t<\/div>\n\t\t\t\t\t<\/div>\n\t\t<\/section>\n\t\t\t\t<section class=\"elementor-section elementor-top-section elementor-element elementor-element-7f43acc elementor-section-boxed elementor-section-height-default elementor-section-height-default\" data-id=\"7f43acc\" data-element_type=\"section\">\n\t\t\t\t\t\t<div class=\"elementor-container elementor-column-gap-default\">\n\t\t\t\t\t<div class=\"elementor-column elementor-col-50 elementor-top-column elementor-element elementor-element-02588a6\" data-id=\"02588a6\" data-element_type=\"column\">\n\t\t\t<div class=\"elementor-widget-wrap elementor-element-populated\">\n\t\t\t\t\t\t<div class=\"elementor-element elementor-element-3e17668 elementor-widget elementor-widget-image\" data-id=\"3e17668\" data-element_type=\"widget\" data-widget_type=\"image.default\">\n\t\t\t\t<div class=\"elementor-widget-container\">\n\t\t\t\t\t\t\t\t\t\t\t\t\t\t\t<img loading=\"lazy\" decoding=\"async\" width=\"750\" height=\"479\" src=\"https:\/\/www.willysplan.com\/wp-content\/uploads\/2021\/10\/peralada.jpg\" class=\"attachment-large size-large wp-image-14423\" alt=\"\" srcset=\"https:\/\/www.willysplan.com\/wp-content\/uploads\/2021\/10\/peralada.jpg 750w, https:\/\/www.willysplan.com\/wp-content\/uploads\/2021\/10\/peralada-300x192.jpg 300w, https:\/\/www.willysplan.com\/wp-content\/uploads\/2021\/10\/peralada-600x383.jpg 600w\" sizes=\"(max-width: 750px) 100vw, 750px\" \/>\t\t\t\t\t\t\t\t\t\t\t\t\t\t\t<\/div>\n\t\t\t\t<\/div>\n\t\t\t\t\t<\/div>\n\t\t<\/div>\n\t\t\t\t<div class=\"elementor-column elementor-col-50 elementor-top-column elementor-element elementor-element-5a097cc\" data-id=\"5a097cc\" data-element_type=\"column\">\n\t\t\t<div class=\"elementor-widget-wrap elementor-element-populated\">\n\t\t\t\t\t\t<div class=\"elementor-element elementor-element-b0d1a3a elementor-widget elementor-widget-google_maps\" data-id=\"b0d1a3a\" data-element_type=\"widget\" data-widget_type=\"google_maps.default\">\n\t\t\t\t<div class=\"elementor-widget-container\">\n\t\t\t\t\t\t\t<div class=\"elementor-custom-embed\">\n\t\t\t<iframe loading=\"lazy\"\n\t\t\t\t\tsrc=\"https:\/\/maps.google.com\/maps?q=Peralada&#038;t=m&#038;z=10&#038;output=embed&#038;iwloc=near\"\n\t\t\t\t\ttitle=\"Peralada\"\n\t\t\t\t\taria-label=\"Peralada\"\n\t\t\t><\/iframe>\n\t\t<\/div>\n\t\t\t\t\t\t<\/div>\n\t\t\t\t<\/div>\n\t\t\t\t\t<\/div>\n\t\t<\/div>\n\t\t\t\t\t<\/div>\n\t\t<\/section>\n\t\t\t\t<section class=\"elementor-section elementor-top-section elementor-element elementor-element-7d32784 elementor-section-boxed elementor-section-height-default elementor-section-height-default\" data-id=\"7d32784\" data-element_type=\"section\">\n\t\t\t\t\t\t<div class=\"elementor-container elementor-column-gap-default\">\n\t\t\t\t\t<div class=\"elementor-column elementor-col-100 elementor-top-column elementor-element elementor-element-a5fbe18\" data-id=\"a5fbe18\" data-element_type=\"column\">\n\t\t\t<div class=\"elementor-widget-wrap elementor-element-populated\">\n\t\t\t\t\t\t<div class=\"elementor-element elementor-element-3baf7dc elementor-widget elementor-widget-text-editor\" data-id=\"3baf7dc\" data-element_type=\"widget\" data-widget_type=\"text-editor.default\">\n\t\t\t\t<div class=\"elementor-widget-container\">\n\t\t\t\t\t\t\t\t\t<p>El nord-est de Figueres, el petit poble medieval de Peralada, una de les zones m\u00e9s boniques de la costa bava, es troba al bell mig d&#8217;una regi\u00f3 consagrada a la viticultura. Aquest poble \u00e9s conegut en part gr\u00e0cies al seu camp de golf i al seu excepcional casino, per\u00f2 sobretot gr\u00e0cies als cellers, on s&#8217;assaboreix el prestigi\u00f3s cava catal\u00e0.<\/p>\n<p>Imprescindible la visita al Centre cultural Dom\u00e9nec situat al Claustre de Sant Domene\u00e7, monument rom\u00e0nic del segle XIII i \u00fanic vestigi que queda d\u00b4un convent d\u00b4agustins fundat a XI. El seu gran atractiu s\u00f3n els seus capitells decorats amb escenes b\u00edbliques i profanes.<\/p>\n<p>El s\u00edmbol de Peralada \u00e9s el Castell de Peralada, amb les seves torres, merlets i jardins amb arbres centenaris. Aquesta resid\u00e8ncia antiga dels comtes de Peralada va ser constru\u00efda al segle XIV ia finals del segle XVI transformat en palau. Avui, la propietat \u00e9s privada i no es pot visitar \u00edntegrament. Tot i aix\u00f2, en una part del castell es troba l&#8217;elegant casino i els jardins romanen oberts al juliol i l&#8217;agost amb motiu del Festival Internacional de M\u00fasica de Peralada.<\/p>\n<p>Tamb\u00e9 haur\u00edeu de visitar el Museu del Vidre, amb cer\u00e0miques espanyoles del segle XIV al XIX i el Convent del Carme, on s&#8217;exposa la col\u00b7lecci\u00f3 Suqu\u00e9 \u2013 Mateu, una de les col\u00b7leccions catalanes d&#8217;art m\u00e9s importants. A la impressionant biblioteca del seu museu podeu trobar fins a una col\u00b7lecci\u00f3 de 1000 edicions diferents del Don Quixot.<\/p>\n<p>T&#8217;ha agradat la nostra selecci\u00f3 amb els pobles m\u00e9s bonics de la costa brava? Si trobes a faltar algun, no dubtis a recomanar-la als comentaris! \ud83d\ude42<\/p>\n\t\t\t\t\t\t\t\t<\/div>\n\t\t\t\t<\/div>\n\t\t\t\t\t<\/div>\n\t\t<\/div>\n\t\t\t\t\t<\/div>\n\t\t<\/section>\n\t\t\t\t<section class=\"elementor-section elementor-top-section elementor-element elementor-element-774fd5b elementor-section-boxed elementor-section-height-default elementor-section-height-default\" data-id=\"774fd5b\" data-element_type=\"section\">\n\t\t\t\t\t\t<div class=\"elementor-container elementor-column-gap-default\">\n\t\t\t\t\t<div class=\"elementor-column elementor-col-100 elementor-top-column elementor-element elementor-element-ccb3386\" data-id=\"ccb3386\" data-element_type=\"column\">\n\t\t\t<div class=\"elementor-widget-wrap elementor-element-populated\">\n\t\t\t\t\t\t<div class=\"elementor-element elementor-element-5d6c67c elementor-widget elementor-widget-heading\" data-id=\"5d6c67c\" data-element_type=\"widget\" data-widget_type=\"heading.default\">\n\t\t\t\t<div class=\"elementor-widget-container\">\n\t\t\t\t\t<h2 class=\"elementor-heading-title elementor-size-default\">Altres rutes que tamb\u00e9 et poden interessar...<\/h2>\t\t\t\t<\/div>\n\t\t\t\t<\/div>\n\t\t\t\t\t<\/div>\n\t\t<\/div>\n\t\t\t\t\t<\/div>\n\t\t<\/section>\n\t\t\t\t<section class=\"elementor-section elementor-top-section elementor-element elementor-element-b9303aa elementor-section-boxed elementor-section-height-default elementor-section-height-default\" data-id=\"b9303aa\" data-element_type=\"section\">\n\t\t\t\t\t\t<div class=\"elementor-container elementor-column-gap-default\">\n\t\t\t\t\t<div class=\"elementor-column elementor-col-100 elementor-top-column elementor-element elementor-element-4c9811a\" data-id=\"4c9811a\" data-element_type=\"column\">\n\t\t\t<div class=\"elementor-widget-wrap elementor-element-populated\">\n\t\t\t\t\t\t\t<\/div>\n\t\t<\/div>\n\t\t\t\t\t<\/div>\n\t\t<\/section>\n\t\t\t\t<\/div>\n\t\t","protected":false},"excerpt":{"rendered":"<p>Coneixes els pobles m\u00e9s bonics de la costa brava? Descobreix aqu\u00ed els millors pobles de la costa brava amb m\u00e9s encant \u2705. <\/p>\n","protected":false},"author":1,"featured_media":13121,"comment_status":"closed","ping_status":"closed","sticky":false,"template":"","format":"standard","meta":{"neve_meta_sidebar":"","neve_meta_container":"","neve_meta_enable_content_width":"","neve_meta_content_width":0,"neve_meta_title_alignment":"","neve_meta_author_avatar":"","neve_post_elements_order":"","neve_meta_disable_header":"","neve_meta_disable_footer":"","neve_meta_disable_title":"","_joinchat":[],"footnotes":""},"categories":[462],"tags":[461],"class_list":["post-16486","post","type-post","status-publish","format-standard","has-post-thumbnail","hentry","category-idees","tag-idees"],"yoast_head":"<!-- This site is optimized with the Yoast SEO Premium plugin v20.1 (Yoast SEO v26.9) - https:\/\/yoast.com\/product\/yoast-seo-premium-wordpress\/ -->\n<title>Els pobles m\u00e9s bonics de la costa brava - Willy&#039;s Plan<\/title>\n<meta name=\"description\" content=\"Coneixes els pobles m\u00e9s bonics de la costa brava? Descobreix aqu\u00ed els millors pobles de la costa brava amb m\u00e9s encant \u2705.\" \/>\n<meta name=\"robots\" content=\"index, follow, max-snippet:-1, max-image-preview:large, max-video-preview:-1\" \/>\n<link rel=\"canonical\" href=\"https:\/\/www.willysplan.com\/ca\/idees\/els-pobles-mes-bonics-de-la-costa-brava\" \/>\n<meta property=\"og:locale\" content=\"ca_ES\" \/>\n<meta property=\"og:type\" content=\"article\" \/>\n<meta property=\"og:title\" content=\"Els pobles m\u00e9s bonics de la costa brava\" \/>\n<meta property=\"og:description\" content=\"Coneixes els pobles m\u00e9s bonics de la costa brava? Descobreix aqu\u00ed els millors pobles de la costa brava amb m\u00e9s encant \u2705.\" \/>\n<meta property=\"og:url\" content=\"https:\/\/www.willysplan.com\/ca\/idees\/els-pobles-mes-bonics-de-la-costa-brava\" \/>\n<meta property=\"og:site_name\" content=\"Willy&#039;s Plan \ud83c\udf43\" \/>\n<meta property=\"article:published_time\" content=\"2021-10-26T20:14:03+00:00\" \/>\n<meta property=\"article:modified_time\" content=\"2023-03-23T06:20:53+00:00\" \/>\n<meta property=\"og:image\" content=\"https:\/\/www.willysplan.com\/wp-content\/uploads\/2020\/05\/rutas-por-la-costa-brava1.jpg\" \/>\n\t<meta property=\"og:image:width\" content=\"1023\" \/>\n\t<meta property=\"og:image:height\" content=\"576\" \/>\n\t<meta property=\"og:image:type\" content=\"image\/jpeg\" \/>\n<meta name=\"author\" content=\"admin\" \/>\n<meta name=\"twitter:card\" content=\"summary_large_image\" \/>\n<meta name=\"twitter:label1\" content=\"Escrit per\" \/>\n\t<meta name=\"twitter:data1\" content=\"admin\" \/>\n\t<meta name=\"twitter:label2\" content=\"Temps estimat de lectura\" \/>\n\t<meta name=\"twitter:data2\" content=\"10 minuts\" \/>\n<script type=\"application\/ld+json\" class=\"yoast-schema-graph\">{\"@context\":\"https:\/\/schema.org\",\"@graph\":[{\"@type\":\"Article\",\"@id\":\"https:\/\/www.willysplan.com\/ca\/idees\/els-pobles-mes-bonics-de-la-costa-brava#article\",\"isPartOf\":{\"@id\":\"https:\/\/www.willysplan.com\/ca\/idees\/els-pobles-mes-bonics-de-la-costa-brava\"},\"author\":{\"name\":\"admin\",\"@id\":\"https:\/\/www.willysplan.com\/#\/schema\/person\/58c1527a9a42e9b18a877f14136f1d47\"},\"headline\":\"Els pobles m\u00e9s bonics de la costa brava\",\"datePublished\":\"2021-10-26T20:14:03+00:00\",\"dateModified\":\"2023-03-23T06:20:53+00:00\",\"mainEntityOfPage\":{\"@id\":\"https:\/\/www.willysplan.com\/ca\/idees\/els-pobles-mes-bonics-de-la-costa-brava\"},\"wordCount\":2040,\"publisher\":{\"@id\":\"https:\/\/www.willysplan.com\/#organization\"},\"image\":{\"@id\":\"https:\/\/www.willysplan.com\/ca\/idees\/els-pobles-mes-bonics-de-la-costa-brava#primaryimage\"},\"thumbnailUrl\":\"https:\/\/www.willysplan.com\/wp-content\/uploads\/2020\/05\/rutas-por-la-costa-brava1.jpg\",\"keywords\":[\"idees\"],\"articleSection\":[\"Idees\"],\"inLanguage\":\"ca\"},{\"@type\":\"WebPage\",\"@id\":\"https:\/\/www.willysplan.com\/ca\/idees\/els-pobles-mes-bonics-de-la-costa-brava\",\"url\":\"https:\/\/www.willysplan.com\/ca\/idees\/els-pobles-mes-bonics-de-la-costa-brava\",\"name\":\"Els pobles m\u00e9s bonics de la costa brava - Willy's Plan\",\"isPartOf\":{\"@id\":\"https:\/\/www.willysplan.com\/#website\"},\"primaryImageOfPage\":{\"@id\":\"https:\/\/www.willysplan.com\/ca\/idees\/els-pobles-mes-bonics-de-la-costa-brava#primaryimage\"},\"image\":{\"@id\":\"https:\/\/www.willysplan.com\/ca\/idees\/els-pobles-mes-bonics-de-la-costa-brava#primaryimage\"},\"thumbnailUrl\":\"https:\/\/www.willysplan.com\/wp-content\/uploads\/2020\/05\/rutas-por-la-costa-brava1.jpg\",\"datePublished\":\"2021-10-26T20:14:03+00:00\",\"dateModified\":\"2023-03-23T06:20:53+00:00\",\"description\":\"Coneixes els pobles m\u00e9s bonics de la costa brava? Descobreix aqu\u00ed els millors pobles de la costa brava amb m\u00e9s encant \u2705.\",\"inLanguage\":\"ca\",\"potentialAction\":[{\"@type\":\"ReadAction\",\"target\":[\"https:\/\/www.willysplan.com\/ca\/idees\/els-pobles-mes-bonics-de-la-costa-brava\"]}]},{\"@type\":\"ImageObject\",\"inLanguage\":\"ca\",\"@id\":\"https:\/\/www.willysplan.com\/ca\/idees\/els-pobles-mes-bonics-de-la-costa-brava#primaryimage\",\"url\":\"https:\/\/www.willysplan.com\/wp-content\/uploads\/2020\/05\/rutas-por-la-costa-brava1.jpg\",\"contentUrl\":\"https:\/\/www.willysplan.com\/wp-content\/uploads\/2020\/05\/rutas-por-la-costa-brava1.jpg\",\"width\":1023,\"height\":576},{\"@type\":\"WebSite\",\"@id\":\"https:\/\/www.willysplan.com\/#website\",\"url\":\"https:\/\/www.willysplan.com\/\",\"name\":\"Willy&#039;s Plan \ud83c\udf43\",\"description\":\"Escapadas y Planes de fin de semana\",\"publisher\":{\"@id\":\"https:\/\/www.willysplan.com\/#organization\"},\"potentialAction\":[{\"@type\":\"SearchAction\",\"target\":{\"@type\":\"EntryPoint\",\"urlTemplate\":\"https:\/\/www.willysplan.com\/?s={search_term_string}\"},\"query-input\":{\"@type\":\"PropertyValueSpecification\",\"valueRequired\":true,\"valueName\":\"search_term_string\"}}],\"inLanguage\":\"ca\"},{\"@type\":\"Organization\",\"@id\":\"https:\/\/www.willysplan.com\/#organization\",\"name\":\"Willy&#039;s Plan \ud83c\udf43\",\"url\":\"https:\/\/www.willysplan.com\/\",\"logo\":{\"@type\":\"ImageObject\",\"inLanguage\":\"ca\",\"@id\":\"https:\/\/www.willysplan.com\/#\/schema\/logo\/image\/\",\"url\":\"https:\/\/www.willysplan.com\/wp-content\/uploads\/2020\/04\/cropped-logo-1.png\",\"contentUrl\":\"https:\/\/www.willysplan.com\/wp-content\/uploads\/2020\/04\/cropped-logo-1.png\",\"width\":332,\"height\":332,\"caption\":\"Willy&#039;s Plan \ud83c\udf43\"},\"image\":{\"@id\":\"https:\/\/www.willysplan.com\/#\/schema\/logo\/image\/\"}},{\"@type\":\"Person\",\"@id\":\"https:\/\/www.willysplan.com\/#\/schema\/person\/58c1527a9a42e9b18a877f14136f1d47\",\"name\":\"admin\",\"image\":{\"@type\":\"ImageObject\",\"inLanguage\":\"ca\",\"@id\":\"https:\/\/www.willysplan.com\/#\/schema\/person\/image\/\",\"url\":\"https:\/\/secure.gravatar.com\/avatar\/0b8d78e655d83cc71e0a6cd6cb0f0f99929604cd70ff0f7ac1713f248945ea9d?s=96&d=mm&r=g\",\"contentUrl\":\"https:\/\/secure.gravatar.com\/avatar\/0b8d78e655d83cc71e0a6cd6cb0f0f99929604cd70ff0f7ac1713f248945ea9d?s=96&d=mm&r=g\",\"caption\":\"admin\"},\"url\":\"https:\/\/www.willysplan.com\/ca\/author\/admin\"}]}<\/script>\n<!-- \/ Yoast SEO Premium plugin. -->","yoast_head_json":{"title":"Els pobles m\u00e9s bonics de la costa brava - Willy's Plan","description":"Coneixes els pobles m\u00e9s bonics de la costa brava? Descobreix aqu\u00ed els millors pobles de la costa brava amb m\u00e9s encant \u2705.","robots":{"index":"index","follow":"follow","max-snippet":"max-snippet:-1","max-image-preview":"max-image-preview:large","max-video-preview":"max-video-preview:-1"},"canonical":"https:\/\/www.willysplan.com\/ca\/idees\/els-pobles-mes-bonics-de-la-costa-brava","og_locale":"ca_ES","og_type":"article","og_title":"Els pobles m\u00e9s bonics de la costa brava","og_description":"Coneixes els pobles m\u00e9s bonics de la costa brava? Descobreix aqu\u00ed els millors pobles de la costa brava amb m\u00e9s encant \u2705.","og_url":"https:\/\/www.willysplan.com\/ca\/idees\/els-pobles-mes-bonics-de-la-costa-brava","og_site_name":"Willy&#039;s Plan \ud83c\udf43","article_published_time":"2021-10-26T20:14:03+00:00","article_modified_time":"2023-03-23T06:20:53+00:00","og_image":[{"width":1023,"height":576,"url":"https:\/\/www.willysplan.com\/wp-content\/uploads\/2020\/05\/rutas-por-la-costa-brava1.jpg","type":"image\/jpeg"}],"author":"admin","twitter_card":"summary_large_image","twitter_misc":{"Escrit per":"admin","Temps estimat de lectura":"10 minuts"},"schema":{"@context":"https:\/\/schema.org","@graph":[{"@type":"Article","@id":"https:\/\/www.willysplan.com\/ca\/idees\/els-pobles-mes-bonics-de-la-costa-brava#article","isPartOf":{"@id":"https:\/\/www.willysplan.com\/ca\/idees\/els-pobles-mes-bonics-de-la-costa-brava"},"author":{"name":"admin","@id":"https:\/\/www.willysplan.com\/#\/schema\/person\/58c1527a9a42e9b18a877f14136f1d47"},"headline":"Els pobles m\u00e9s bonics de la costa brava","datePublished":"2021-10-26T20:14:03+00:00","dateModified":"2023-03-23T06:20:53+00:00","mainEntityOfPage":{"@id":"https:\/\/www.willysplan.com\/ca\/idees\/els-pobles-mes-bonics-de-la-costa-brava"},"wordCount":2040,"publisher":{"@id":"https:\/\/www.willysplan.com\/#organization"},"image":{"@id":"https:\/\/www.willysplan.com\/ca\/idees\/els-pobles-mes-bonics-de-la-costa-brava#primaryimage"},"thumbnailUrl":"https:\/\/www.willysplan.com\/wp-content\/uploads\/2020\/05\/rutas-por-la-costa-brava1.jpg","keywords":["idees"],"articleSection":["Idees"],"inLanguage":"ca"},{"@type":"WebPage","@id":"https:\/\/www.willysplan.com\/ca\/idees\/els-pobles-mes-bonics-de-la-costa-brava","url":"https:\/\/www.willysplan.com\/ca\/idees\/els-pobles-mes-bonics-de-la-costa-brava","name":"Els pobles m\u00e9s bonics de la costa brava - Willy's Plan","isPartOf":{"@id":"https:\/\/www.willysplan.com\/#website"},"primaryImageOfPage":{"@id":"https:\/\/www.willysplan.com\/ca\/idees\/els-pobles-mes-bonics-de-la-costa-brava#primaryimage"},"image":{"@id":"https:\/\/www.willysplan.com\/ca\/idees\/els-pobles-mes-bonics-de-la-costa-brava#primaryimage"},"thumbnailUrl":"https:\/\/www.willysplan.com\/wp-content\/uploads\/2020\/05\/rutas-por-la-costa-brava1.jpg","datePublished":"2021-10-26T20:14:03+00:00","dateModified":"2023-03-23T06:20:53+00:00","description":"Coneixes els pobles m\u00e9s bonics de la costa brava? Descobreix aqu\u00ed els millors pobles de la costa brava amb m\u00e9s encant \u2705.","inLanguage":"ca","potentialAction":[{"@type":"ReadAction","target":["https:\/\/www.willysplan.com\/ca\/idees\/els-pobles-mes-bonics-de-la-costa-brava"]}]},{"@type":"ImageObject","inLanguage":"ca","@id":"https:\/\/www.willysplan.com\/ca\/idees\/els-pobles-mes-bonics-de-la-costa-brava#primaryimage","url":"https:\/\/www.willysplan.com\/wp-content\/uploads\/2020\/05\/rutas-por-la-costa-brava1.jpg","contentUrl":"https:\/\/www.willysplan.com\/wp-content\/uploads\/2020\/05\/rutas-por-la-costa-brava1.jpg","width":1023,"height":576},{"@type":"WebSite","@id":"https:\/\/www.willysplan.com\/#website","url":"https:\/\/www.willysplan.com\/","name":"Willy&#039;s Plan \ud83c\udf43","description":"Escapadas y Planes de fin de semana","publisher":{"@id":"https:\/\/www.willysplan.com\/#organization"},"potentialAction":[{"@type":"SearchAction","target":{"@type":"EntryPoint","urlTemplate":"https:\/\/www.willysplan.com\/?s={search_term_string}"},"query-input":{"@type":"PropertyValueSpecification","valueRequired":true,"valueName":"search_term_string"}}],"inLanguage":"ca"},{"@type":"Organization","@id":"https:\/\/www.willysplan.com\/#organization","name":"Willy&#039;s Plan \ud83c\udf43","url":"https:\/\/www.willysplan.com\/","logo":{"@type":"ImageObject","inLanguage":"ca","@id":"https:\/\/www.willysplan.com\/#\/schema\/logo\/image\/","url":"https:\/\/www.willysplan.com\/wp-content\/uploads\/2020\/04\/cropped-logo-1.png","contentUrl":"https:\/\/www.willysplan.com\/wp-content\/uploads\/2020\/04\/cropped-logo-1.png","width":332,"height":332,"caption":"Willy&#039;s Plan \ud83c\udf43"},"image":{"@id":"https:\/\/www.willysplan.com\/#\/schema\/logo\/image\/"}},{"@type":"Person","@id":"https:\/\/www.willysplan.com\/#\/schema\/person\/58c1527a9a42e9b18a877f14136f1d47","name":"admin","image":{"@type":"ImageObject","inLanguage":"ca","@id":"https:\/\/www.willysplan.com\/#\/schema\/person\/image\/","url":"https:\/\/secure.gravatar.com\/avatar\/0b8d78e655d83cc71e0a6cd6cb0f0f99929604cd70ff0f7ac1713f248945ea9d?s=96&d=mm&r=g","contentUrl":"https:\/\/secure.gravatar.com\/avatar\/0b8d78e655d83cc71e0a6cd6cb0f0f99929604cd70ff0f7ac1713f248945ea9d?s=96&d=mm&r=g","caption":"admin"},"url":"https:\/\/www.willysplan.com\/ca\/author\/admin"}]}},"_links":{"self":[{"href":"https:\/\/www.willysplan.com\/ca\/wp-json\/wp\/v2\/posts\/16486","targetHints":{"allow":["GET"]}}],"collection":[{"href":"https:\/\/www.willysplan.com\/ca\/wp-json\/wp\/v2\/posts"}],"about":[{"href":"https:\/\/www.willysplan.com\/ca\/wp-json\/wp\/v2\/types\/post"}],"author":[{"embeddable":true,"href":"https:\/\/www.willysplan.com\/ca\/wp-json\/wp\/v2\/users\/1"}],"replies":[{"embeddable":true,"href":"https:\/\/www.willysplan.com\/ca\/wp-json\/wp\/v2\/comments?post=16486"}],"version-history":[{"count":5,"href":"https:\/\/www.willysplan.com\/ca\/wp-json\/wp\/v2\/posts\/16486\/revisions"}],"predecessor-version":[{"id":17800,"href":"https:\/\/www.willysplan.com\/ca\/wp-json\/wp\/v2\/posts\/16486\/revisions\/17800"}],"wp:featuredmedia":[{"embeddable":true,"href":"https:\/\/www.willysplan.com\/ca\/wp-json\/wp\/v2\/media\/13121"}],"wp:attachment":[{"href":"https:\/\/www.willysplan.com\/ca\/wp-json\/wp\/v2\/media?parent=16486"}],"wp:term":[{"taxonomy":"category","embeddable":true,"href":"https:\/\/www.willysplan.com\/ca\/wp-json\/wp\/v2\/categories?post=16486"},{"taxonomy":"post_tag","embeddable":true,"href":"https:\/\/www.willysplan.com\/ca\/wp-json\/wp\/v2\/tags?post=16486"}],"curies":[{"name":"wp","href":"https:\/\/api.w.org\/{rel}","templated":true}]}}