{"id":16476,"date":"2022-05-08T19:01:14","date_gmt":"2022-05-08T18:01:14","guid":{"rendered":"https:\/\/willysplan.com\/uncategorized-ca\/els-millors-miradors-de-barcelona"},"modified":"2023-07-24T06:59:27","modified_gmt":"2023-07-24T05:59:27","slug":"els-millors-miradors-de-barcelona","status":"publish","type":"post","link":"https:\/\/www.willysplan.com\/ca\/idees\/els-millors-miradors-de-barcelona","title":{"rendered":"Els millors miradors de Barcelona"},"content":{"rendered":"\t\t<div data-elementor-type=\"wp-post\" data-elementor-id=\"16476\" class=\"elementor elementor-16476 elementor-8264\" data-elementor-post-type=\"post\">\n\t\t\t\t\t\t<section class=\"elementor-section elementor-top-section elementor-element elementor-element-671cd3c elementor-section-boxed elementor-section-height-default elementor-section-height-default\" data-id=\"671cd3c\" data-element_type=\"section\">\n\t\t\t\t\t\t<div class=\"elementor-container elementor-column-gap-default\">\n\t\t\t\t\t<div class=\"elementor-column elementor-col-100 elementor-top-column elementor-element elementor-element-eaffc38\" data-id=\"eaffc38\" data-element_type=\"column\">\n\t\t\t<div class=\"elementor-widget-wrap elementor-element-populated\">\n\t\t\t\t\t\t<div class=\"elementor-element elementor-element-ac561a4 elementor-widget elementor-widget-text-editor\" data-id=\"ac561a4\" data-element_type=\"widget\" data-widget_type=\"text-editor.default\">\n\t\t\t\t<div class=\"elementor-widget-container\">\n\t\t\t\t\t\t\t\t\t<p><strong>Coneixes els millors miradors de Barcelona? A continuaci\u00f3 us presentem un bon repertori de les millors vistes de la ciutat de Barcelona, aix\u00ed com alguns miradors secrets que nom\u00e9s coneixen els residents i gent local.<\/strong><\/p><p>Amb una ubicaci\u00f3 privilegiada, envoltada de mar i muntanyes, Barcelona \u00e9s un lloc immillorable per gaudir de vistes espectaculars i descobrir la ciutat des d&#8217;una perspectiva diferent: ja sigui que estiguis buscant una <a href=\"https:\/\/www.willysplan.com\/ca\/escapades-relax-per-catalunya-els-millors-balnearis-hotels-i-spas\">escapada relax a Catalunya<\/a> o un <a href=\"https:\/\/www.willysplan.com\/ca\/escapades-amb-nens-per-catalunya\">cap de setmana amb nens<\/a>.\u00a0 Si ja \u00e9s brutal en si, imagina-te-la des de les altures!<\/p><p>Turons, campanars d&#8217;esgl\u00e9sies, terrasses, hotels o centres comercials\u2026 Ja siguin llocs m\u00e9s populars, emblem\u00e0tics, menys coneguts, gratis, de pagament, a Willy&#8217;s plan t&#8217;ho expliquem tot i et descobrim els llocs amb les millors vistes de Barcelona.<\/p>\t\t\t\t\t\t\t\t<\/div>\n\t\t\t\t<\/div>\n\t\t\t\t\t<\/div>\n\t\t<\/div>\n\t\t\t\t\t<\/div>\n\t\t<\/section>\n\t\t\t\t<section class=\"elementor-section elementor-top-section elementor-element elementor-element-d285c6d elementor-section-boxed elementor-section-height-default elementor-section-height-default\" data-id=\"d285c6d\" data-element_type=\"section\">\n\t\t\t\t\t\t<div class=\"elementor-container elementor-column-gap-default\">\n\t\t\t\t\t<div class=\"elementor-column elementor-col-100 elementor-top-column elementor-element elementor-element-d32eb24\" data-id=\"d32eb24\" data-element_type=\"column\">\n\t\t\t<div class=\"elementor-widget-wrap elementor-element-populated\">\n\t\t\t\t\t\t<div class=\"elementor-element elementor-element-a471374 elementor-widget elementor-widget-heading\" data-id=\"a471374\" data-element_type=\"widget\" data-widget_type=\"heading.default\">\n\t\t\t\t<div class=\"elementor-widget-container\">\n\t\t\t\t\t<h2 class=\"elementor-heading-title elementor-size-default\">Tur\u00f3 de la Rovira o B\u00fanquers del Carmel<\/h2>\t\t\t\t<\/div>\n\t\t\t\t<\/div>\n\t\t\t\t\t<\/div>\n\t\t<\/div>\n\t\t\t\t\t<\/div>\n\t\t<\/section>\n\t\t\t\t<section class=\"elementor-section elementor-top-section elementor-element elementor-element-ec7d9c0 elementor-section-boxed elementor-section-height-default elementor-section-height-default\" data-id=\"ec7d9c0\" data-element_type=\"section\">\n\t\t\t\t\t\t<div class=\"elementor-container elementor-column-gap-default\">\n\t\t\t\t\t<div class=\"elementor-column elementor-col-50 elementor-top-column elementor-element elementor-element-1bee018\" data-id=\"1bee018\" data-element_type=\"column\">\n\t\t\t<div class=\"elementor-widget-wrap elementor-element-populated\">\n\t\t\t\t\t\t<div class=\"elementor-element elementor-element-a63218a elementor-widget elementor-widget-image\" data-id=\"a63218a\" data-element_type=\"widget\" data-widget_type=\"image.default\">\n\t\t\t\t<div class=\"elementor-widget-container\">\n\t\t\t\t\t\t\t\t\t\t\t\t\t\t\t<img fetchpriority=\"high\" decoding=\"async\" width=\"1024\" height=\"632\" src=\"https:\/\/www.willysplan.com\/wp-content\/uploads\/2022\/05\/mirador-els-bunkers-1024x632.png\" class=\"attachment-large size-large wp-image-14781\" alt=\"\" srcset=\"https:\/\/www.willysplan.com\/wp-content\/uploads\/2022\/05\/mirador-els-bunkers-1024x632.png 1024w, https:\/\/www.willysplan.com\/wp-content\/uploads\/2022\/05\/mirador-els-bunkers-300x185.png 300w, https:\/\/www.willysplan.com\/wp-content\/uploads\/2022\/05\/mirador-els-bunkers-768x474.png 768w, https:\/\/www.willysplan.com\/wp-content\/uploads\/2022\/05\/mirador-els-bunkers-600x370.png 600w, https:\/\/www.willysplan.com\/wp-content\/uploads\/2022\/05\/mirador-els-bunkers.png 1112w\" sizes=\"(max-width: 1024px) 100vw, 1024px\" \/>\t\t\t\t\t\t\t\t\t\t\t\t\t\t\t<\/div>\n\t\t\t\t<\/div>\n\t\t\t\t\t<\/div>\n\t\t<\/div>\n\t\t\t\t<div class=\"elementor-column elementor-col-50 elementor-top-column elementor-element elementor-element-8fdc606\" data-id=\"8fdc606\" data-element_type=\"column\">\n\t\t\t<div class=\"elementor-widget-wrap elementor-element-populated\">\n\t\t\t\t\t\t<div class=\"elementor-element elementor-element-e4b3fd9 elementor-widget elementor-widget-google_maps\" data-id=\"e4b3fd9\" data-element_type=\"widget\" data-widget_type=\"google_maps.default\">\n\t\t\t\t<div class=\"elementor-widget-container\">\n\t\t\t\t\t\t\t<div class=\"elementor-custom-embed\">\n\t\t\t<iframe loading=\"lazy\"\n\t\t\t\t\tsrc=\"https:\/\/maps.google.com\/maps?q=B%C3%BAnkers%20del%20Carmel&#038;t=m&#038;z=13&#038;output=embed&#038;iwloc=near\"\n\t\t\t\t\ttitle=\"B\u00fankers del Carmel\"\n\t\t\t\t\taria-label=\"B\u00fankers del Carmel\"\n\t\t\t><\/iframe>\n\t\t<\/div>\n\t\t\t\t\t\t<\/div>\n\t\t\t\t<\/div>\n\t\t\t\t\t<\/div>\n\t\t<\/div>\n\t\t\t\t\t<\/div>\n\t\t<\/section>\n\t\t\t\t<section class=\"elementor-section elementor-top-section elementor-element elementor-element-4e88c10 elementor-section-boxed elementor-section-height-default elementor-section-height-default\" data-id=\"4e88c10\" data-element_type=\"section\">\n\t\t\t\t\t\t<div class=\"elementor-container elementor-column-gap-default\">\n\t\t\t\t\t<div class=\"elementor-column elementor-col-100 elementor-top-column elementor-element elementor-element-8ccc3a4\" data-id=\"8ccc3a4\" data-element_type=\"column\">\n\t\t\t<div class=\"elementor-widget-wrap elementor-element-populated\">\n\t\t\t\t\t\t<div class=\"elementor-element elementor-element-39dc59f elementor-widget elementor-widget-text-editor\" data-id=\"39dc59f\" data-element_type=\"widget\" data-widget_type=\"text-editor.default\">\n\t\t\t\t<div class=\"elementor-widget-container\">\n\t\t\t\t\t\t\t\t\t<p>Els b\u00fanquers del Carmel estan situats al tur\u00f3 o tur\u00f3 de la Rovira, amb el mar de tel\u00f3 de fons. \u00c9s un rac\u00f3 ple d&#8217;hist\u00f2ria, ja que s&#8217;hi troben les antigues restes de b\u00fanquers antiaeris que es van construir per protegir Barcelona dels bombardejos aeris produ\u00efts durant la Guerra Civil espanyola.<\/p>\n<p>\u00c9s el tur\u00f3 m\u00e9s alt amb gaireb\u00e9 300 metres sobre el nivell del mar, per\u00f2 el millor \u00e9s que per la seva caracter\u00edstica de talaia tens unes vistes espectaculars de Barcelona. Bon ambient, m\u00fasica ambiental i \u00e9s completament gratu\u00eft. Avui est\u00e0 completament condicionat i envoltat d&#8217;una zona verda s\u00faper agradable. El mirador no t\u00e9 horari, per\u00f2 et recomanem especialment visitar-lo al capvespre o albada. Gaudireu d&#8217;una posta de sol m\u00e0gica mentre jugueu a recon\u00e8ixer els edificis m\u00e9s alts de la ciutat: la torre Agbar, la Sagrada Fam\u00edlia, la torre Mapfre o el lux\u00f3s hotel Arts amb el mar de fons.<\/p>\n<p>Fins fa no gaire, aquest lloc era poc visitat pels turistes, ja que no sortia en guies tur\u00edstiques i la dificultat per accedir-hi \u00e9s un argument en contra. Tot i aix\u00f2, es va posar especialment de moda perqu\u00e8 \u00e9s el mirador de Barcelona on es va rodar <em>Tinc ganes de tu<\/em> , la pel\u00b7l\u00edcula protagonitzada per Mario Casa<em>s.<\/em><\/p>\n\t\t\t\t\t\t\t\t<\/div>\n\t\t\t\t<\/div>\n\t\t\t\t\t<\/div>\n\t\t<\/div>\n\t\t\t\t\t<\/div>\n\t\t<\/section>\n\t\t\t\t<section class=\"elementor-section elementor-top-section elementor-element elementor-element-36fe8d4 elementor-section-boxed elementor-section-height-default elementor-section-height-default\" data-id=\"36fe8d4\" data-element_type=\"section\">\n\t\t\t\t\t\t<div class=\"elementor-container elementor-column-gap-default\">\n\t\t\t\t\t<div class=\"elementor-column elementor-col-100 elementor-top-column elementor-element elementor-element-da527a3\" data-id=\"da527a3\" data-element_type=\"column\">\n\t\t\t<div class=\"elementor-widget-wrap elementor-element-populated\">\n\t\t\t\t\t\t<div class=\"elementor-element elementor-element-005077d elementor-widget elementor-widget-heading\" data-id=\"005077d\" data-element_type=\"widget\" data-widget_type=\"heading.default\">\n\t\t\t\t<div class=\"elementor-widget-container\">\n\t\t\t\t\t<h2 class=\"elementor-heading-title elementor-size-default\">Mirador de Torre Bar\u00f3<\/h2>\t\t\t\t<\/div>\n\t\t\t\t<\/div>\n\t\t\t\t\t<\/div>\n\t\t<\/div>\n\t\t\t\t\t<\/div>\n\t\t<\/section>\n\t\t\t\t<section class=\"elementor-section elementor-top-section elementor-element elementor-element-a5324a0 elementor-section-boxed elementor-section-height-default elementor-section-height-default\" data-id=\"a5324a0\" data-element_type=\"section\">\n\t\t\t\t\t\t<div class=\"elementor-container elementor-column-gap-default\">\n\t\t\t\t\t<div class=\"elementor-column elementor-col-50 elementor-top-column elementor-element elementor-element-358a3d3\" data-id=\"358a3d3\" data-element_type=\"column\">\n\t\t\t<div class=\"elementor-widget-wrap elementor-element-populated\">\n\t\t\t\t\t\t<div class=\"elementor-element elementor-element-85e3dc2 elementor-widget elementor-widget-image\" data-id=\"85e3dc2\" data-element_type=\"widget\" data-widget_type=\"image.default\">\n\t\t\t\t<div class=\"elementor-widget-container\">\n\t\t\t\t\t\t\t\t\t\t\t\t\t\t\t<img decoding=\"async\" width=\"1024\" height=\"635\" src=\"https:\/\/www.willysplan.com\/wp-content\/uploads\/2022\/05\/mirador-torre-baro-1024x635.png\" class=\"attachment-large size-large wp-image-14783\" alt=\"\" srcset=\"https:\/\/www.willysplan.com\/wp-content\/uploads\/2022\/05\/mirador-torre-baro-1024x635.png 1024w, https:\/\/www.willysplan.com\/wp-content\/uploads\/2022\/05\/mirador-torre-baro-300x186.png 300w, https:\/\/www.willysplan.com\/wp-content\/uploads\/2022\/05\/mirador-torre-baro-768x477.png 768w, https:\/\/www.willysplan.com\/wp-content\/uploads\/2022\/05\/mirador-torre-baro-600x372.png 600w, https:\/\/www.willysplan.com\/wp-content\/uploads\/2022\/05\/mirador-torre-baro.png 1186w\" sizes=\"(max-width: 1024px) 100vw, 1024px\" \/>\t\t\t\t\t\t\t\t\t\t\t\t\t\t\t<\/div>\n\t\t\t\t<\/div>\n\t\t\t\t\t<\/div>\n\t\t<\/div>\n\t\t\t\t<div class=\"elementor-column elementor-col-50 elementor-top-column elementor-element elementor-element-6b1673b\" data-id=\"6b1673b\" data-element_type=\"column\">\n\t\t\t<div class=\"elementor-widget-wrap elementor-element-populated\">\n\t\t\t\t\t\t<div class=\"elementor-element elementor-element-d973406 elementor-widget elementor-widget-google_maps\" data-id=\"d973406\" data-element_type=\"widget\" data-widget_type=\"google_maps.default\">\n\t\t\t\t<div class=\"elementor-widget-container\">\n\t\t\t\t\t\t\t<div class=\"elementor-custom-embed\">\n\t\t\t<iframe loading=\"lazy\"\n\t\t\t\t\tsrc=\"https:\/\/maps.google.com\/maps?q=Mirador%20de%20Torre%20Bar%C3%B3%2C%20Barcelona&#038;t=m&#038;z=13&#038;output=embed&#038;iwloc=near\"\n\t\t\t\t\ttitle=\"Mirador de Torre Bar\u00f3, Barcelona\"\n\t\t\t\t\taria-label=\"Mirador de Torre Bar\u00f3, Barcelona\"\n\t\t\t><\/iframe>\n\t\t<\/div>\n\t\t\t\t\t\t<\/div>\n\t\t\t\t<\/div>\n\t\t\t\t\t<\/div>\n\t\t<\/div>\n\t\t\t\t\t<\/div>\n\t\t<\/section>\n\t\t\t\t<section class=\"elementor-section elementor-top-section elementor-element elementor-element-5da45fa elementor-section-boxed elementor-section-height-default elementor-section-height-default\" data-id=\"5da45fa\" data-element_type=\"section\">\n\t\t\t\t\t\t<div class=\"elementor-container elementor-column-gap-default\">\n\t\t\t\t\t<div class=\"elementor-column elementor-col-100 elementor-top-column elementor-element elementor-element-c03809c\" data-id=\"c03809c\" data-element_type=\"column\">\n\t\t\t<div class=\"elementor-widget-wrap elementor-element-populated\">\n\t\t\t\t\t\t<div class=\"elementor-element elementor-element-bd243a4 elementor-widget elementor-widget-text-editor\" data-id=\"bd243a4\" data-element_type=\"widget\" data-widget_type=\"text-editor.default\">\n\t\t\t\t<div class=\"elementor-widget-container\">\n\t\t\t\t\t\t\t\t\t<p>Situat al districte de Nou Barris de Barcelona, el mirador de Torre Bar\u00f3 proporciona unes vistes incre\u00efbles de tota la ciutat des d&#8217;un modest espai.<\/p>\n<p>El nom d&#8217;aquest mirador, prov\u00e9 del no gaire conegut castell de Torre Bar\u00f3 que es troba no gaire lluny d&#8217;aquest balc\u00f3 panor\u00e0mic, monument el qual va ser constru\u00eft al cim de la serra de Collserola a principis del segle XX, i al que va donar el nom al barri tan conegut avui dia de Torre Bar\u00f3.<\/p>\n<p>En aquest mirador, s&#8217;han gravat escenes de pel\u00b7l\u00edcules famoses com la de \u201cA 3 metros sobre el cel\u201d de Mario Casas, on el protagonista surt fent una competici\u00f3 de dominades amb m\u00e9s companys.<\/p>\n\t\t\t\t\t\t\t\t<\/div>\n\t\t\t\t<\/div>\n\t\t\t\t\t<\/div>\n\t\t<\/div>\n\t\t\t\t\t<\/div>\n\t\t<\/section>\n\t\t\t\t<section class=\"elementor-section elementor-top-section elementor-element elementor-element-b5bdb85 elementor-section-boxed elementor-section-height-default elementor-section-height-default\" data-id=\"b5bdb85\" data-element_type=\"section\">\n\t\t\t\t\t\t<div class=\"elementor-container elementor-column-gap-default\">\n\t\t\t\t\t<div class=\"elementor-column elementor-col-100 elementor-top-column elementor-element elementor-element-6912a5b\" data-id=\"6912a5b\" data-element_type=\"column\">\n\t\t\t<div class=\"elementor-widget-wrap elementor-element-populated\">\n\t\t\t\t\t\t<div class=\"elementor-element elementor-element-ca46f82 elementor-widget elementor-widget-heading\" data-id=\"ca46f82\" data-element_type=\"widget\" data-widget_type=\"heading.default\">\n\t\t\t\t<div class=\"elementor-widget-container\">\n\t\t\t\t\t<h2 class=\"elementor-heading-title elementor-size-default\">Mirador d'horta i gronxador de Barcelona<\/h2>\t\t\t\t<\/div>\n\t\t\t\t<\/div>\n\t\t\t\t\t<\/div>\n\t\t<\/div>\n\t\t\t\t\t<\/div>\n\t\t<\/section>\n\t\t\t\t<section class=\"elementor-section elementor-top-section elementor-element elementor-element-7715007 elementor-section-boxed elementor-section-height-default elementor-section-height-default\" data-id=\"7715007\" data-element_type=\"section\">\n\t\t\t\t\t\t<div class=\"elementor-container elementor-column-gap-default\">\n\t\t\t\t\t<div class=\"elementor-column elementor-col-50 elementor-top-column elementor-element elementor-element-97c35c0\" data-id=\"97c35c0\" data-element_type=\"column\">\n\t\t\t<div class=\"elementor-widget-wrap elementor-element-populated\">\n\t\t\t\t\t\t<div class=\"elementor-element elementor-element-d818227 elementor-widget elementor-widget-image\" data-id=\"d818227\" data-element_type=\"widget\" data-widget_type=\"image.default\">\n\t\t\t\t<div class=\"elementor-widget-container\">\n\t\t\t\t\t\t\t\t\t\t\t\t\t\t\t<img decoding=\"async\" width=\"1024\" height=\"628\" src=\"https:\/\/www.willysplan.com\/wp-content\/uploads\/2022\/05\/mirador-columpio-barcelona-1024x628.png\" class=\"attachment-large size-large wp-image-14785\" alt=\"\" srcset=\"https:\/\/www.willysplan.com\/wp-content\/uploads\/2022\/05\/mirador-columpio-barcelona-1024x628.png 1024w, https:\/\/www.willysplan.com\/wp-content\/uploads\/2022\/05\/mirador-columpio-barcelona-300x184.png 300w, https:\/\/www.willysplan.com\/wp-content\/uploads\/2022\/05\/mirador-columpio-barcelona-768x471.png 768w, https:\/\/www.willysplan.com\/wp-content\/uploads\/2022\/05\/mirador-columpio-barcelona-600x368.png 600w, https:\/\/www.willysplan.com\/wp-content\/uploads\/2022\/05\/mirador-columpio-barcelona.png 1187w\" sizes=\"(max-width: 1024px) 100vw, 1024px\" \/>\t\t\t\t\t\t\t\t\t\t\t\t\t\t\t<\/div>\n\t\t\t\t<\/div>\n\t\t\t\t\t<\/div>\n\t\t<\/div>\n\t\t\t\t<div class=\"elementor-column elementor-col-50 elementor-top-column elementor-element elementor-element-3897dae\" data-id=\"3897dae\" data-element_type=\"column\">\n\t\t\t<div class=\"elementor-widget-wrap elementor-element-populated\">\n\t\t\t\t\t\t<div class=\"elementor-element elementor-element-794d0b3 elementor-widget elementor-widget-google_maps\" data-id=\"794d0b3\" data-element_type=\"widget\" data-widget_type=\"google_maps.default\">\n\t\t\t\t<div class=\"elementor-widget-container\">\n\t\t\t\t\t\t\t<div class=\"elementor-custom-embed\">\n\t\t\t<iframe loading=\"lazy\"\n\t\t\t\t\tsrc=\"https:\/\/maps.google.com\/maps?q=mirador%20d%27horta&#038;t=m&#038;z=13&#038;output=embed&#038;iwloc=near\"\n\t\t\t\t\ttitle=\"mirador d&#039;horta\"\n\t\t\t\t\taria-label=\"mirador d&#039;horta\"\n\t\t\t><\/iframe>\n\t\t<\/div>\n\t\t\t\t\t\t<\/div>\n\t\t\t\t<\/div>\n\t\t\t\t\t<\/div>\n\t\t<\/div>\n\t\t\t\t\t<\/div>\n\t\t<\/section>\n\t\t\t\t<section class=\"elementor-section elementor-top-section elementor-element elementor-element-f910a4c elementor-section-boxed elementor-section-height-default elementor-section-height-default\" data-id=\"f910a4c\" data-element_type=\"section\">\n\t\t\t\t\t\t<div class=\"elementor-container elementor-column-gap-default\">\n\t\t\t\t\t<div class=\"elementor-column elementor-col-100 elementor-top-column elementor-element elementor-element-071ec41\" data-id=\"071ec41\" data-element_type=\"column\">\n\t\t\t<div class=\"elementor-widget-wrap elementor-element-populated\">\n\t\t\t\t\t\t<div class=\"elementor-element elementor-element-cda267f elementor-widget elementor-widget-text-editor\" data-id=\"cda267f\" data-element_type=\"widget\" data-widget_type=\"text-editor.default\">\n\t\t\t\t<div class=\"elementor-widget-container\">\n\t\t\t\t\t\t\t\t\t<p>Vols sorprendre la teva parella amb un pla original? Aquests dos llocs que us presentem, estan dins de la nostra llista de miradors rom\u00e0ntics a Barcelona. Aix\u00ed que, para atenci\u00f3 i segueix llegint perqu\u00e8 a continuaci\u00f3, t&#8217;expliquem pas a pas com arribar al gronxador de Barcelona.<\/p>\n<p>Situats al mateix Parc Natural de Collserola, el mirador d&#8217;horta i el gronxador de Barcelona s\u00f3n dos miradors que ofereixen unes incre\u00efbles vistes a tota la ciutat comtal. Tots dos s\u00f3n molt a prop l&#8217;un de l&#8217;altre, i els podeu visitar en una mateixa tarda.<\/p>\n<p>Per arribar-hi \u00e9s s\u00faper f\u00e0cil: heu d&#8217;arribar a la ubicaci\u00f3 que us hem deixat aqu\u00ed, on trobareu un petit espai per deixar el cotxe (just al costat de la zona de p\u00edcnic). Despr\u00e9s, heu de seguir la carretera a peu en direcci\u00f3 com si an\u00e9ssiu cap a Badalona, i al primer gir que trobeu, veureu que a m\u00e0 esquerra hi ha un cam\u00ed de terra (aquest \u00e9s el que heu de prendre per comen\u00e7ar el recorregut). <span style=\"color: var( --e-global-color-text ); font-family: var( --e-global-typography-text-font-family ); font-weight: var( --e-global-typography-text-font-weight ); background-color: var(--nv-site-bg);\">Si us decidiu anar amb transport p\u00fablic, parant a la parada de Mundet (l\u00ednia 3, la verda), us queda a uns 2 km caminant amb una pujada pronunciada.<\/span><\/p><\/p>\n\t\t\t\t\t\t\t\t<\/div>\n\t\t\t\t<\/div>\n\t\t\t\t\t<\/div>\n\t\t<\/div>\n\t\t\t\t\t<\/div>\n\t\t<\/section>\n\t\t\t\t<section class=\"elementor-section elementor-top-section elementor-element elementor-element-fe52f24 elementor-section-boxed elementor-section-height-default elementor-section-height-default\" data-id=\"fe52f24\" data-element_type=\"section\">\n\t\t\t\t\t\t<div class=\"elementor-container elementor-column-gap-default\">\n\t\t\t\t\t<div class=\"elementor-column elementor-col-50 elementor-top-column elementor-element elementor-element-a2bdd10\" data-id=\"a2bdd10\" data-element_type=\"column\">\n\t\t\t<div class=\"elementor-widget-wrap elementor-element-populated\">\n\t\t\t\t\t\t<div class=\"elementor-element elementor-element-069a758 elementor-widget elementor-widget-image\" data-id=\"069a758\" data-element_type=\"widget\" data-widget_type=\"image.default\">\n\t\t\t\t<div class=\"elementor-widget-container\">\n\t\t\t\t\t\t\t\t\t\t\t\t\t\t\t<img loading=\"lazy\" decoding=\"async\" width=\"1024\" height=\"584\" src=\"https:\/\/www.willysplan.com\/wp-content\/uploads\/2022\/05\/dejar-el-coche-1024x584.png\" class=\"attachment-large size-large wp-image-14777\" alt=\"\" srcset=\"https:\/\/www.willysplan.com\/wp-content\/uploads\/2022\/05\/dejar-el-coche-1024x584.png 1024w, https:\/\/www.willysplan.com\/wp-content\/uploads\/2022\/05\/dejar-el-coche-300x171.png 300w, https:\/\/www.willysplan.com\/wp-content\/uploads\/2022\/05\/dejar-el-coche-768x438.png 768w, https:\/\/www.willysplan.com\/wp-content\/uploads\/2022\/05\/dejar-el-coche-600x342.png 600w, https:\/\/www.willysplan.com\/wp-content\/uploads\/2022\/05\/dejar-el-coche.png 1314w\" sizes=\"(max-width: 1024px) 100vw, 1024px\" \/>\t\t\t\t\t\t\t\t\t\t\t\t\t\t\t<\/div>\n\t\t\t\t<\/div>\n\t\t\t\t\t<\/div>\n\t\t<\/div>\n\t\t\t\t<div class=\"elementor-column elementor-col-50 elementor-top-column elementor-element elementor-element-0174e4b\" data-id=\"0174e4b\" data-element_type=\"column\">\n\t\t\t<div class=\"elementor-widget-wrap elementor-element-populated\">\n\t\t\t\t\t\t<div class=\"elementor-element elementor-element-4b88f78 elementor-widget elementor-widget-image\" data-id=\"4b88f78\" data-element_type=\"widget\" data-widget_type=\"image.default\">\n\t\t\t\t<div class=\"elementor-widget-container\">\n\t\t\t\t\t\t\t\t\t\t\t\t\t\t\t<img loading=\"lazy\" decoding=\"async\" width=\"1024\" height=\"716\" src=\"https:\/\/www.willysplan.com\/wp-content\/uploads\/2022\/05\/entrada-camino-al-columpio-de-barcelona-1024x716.png\" class=\"attachment-large size-large wp-image-14779\" alt=\"\" srcset=\"https:\/\/www.willysplan.com\/wp-content\/uploads\/2022\/05\/entrada-camino-al-columpio-de-barcelona-1024x716.png 1024w, https:\/\/www.willysplan.com\/wp-content\/uploads\/2022\/05\/entrada-camino-al-columpio-de-barcelona-300x210.png 300w, https:\/\/www.willysplan.com\/wp-content\/uploads\/2022\/05\/entrada-camino-al-columpio-de-barcelona-768x537.png 768w, https:\/\/www.willysplan.com\/wp-content\/uploads\/2022\/05\/entrada-camino-al-columpio-de-barcelona-600x419.png 600w, https:\/\/www.willysplan.com\/wp-content\/uploads\/2022\/05\/entrada-camino-al-columpio-de-barcelona.png 1049w\" sizes=\"(max-width: 1024px) 100vw, 1024px\" \/>\t\t\t\t\t\t\t\t\t\t\t\t\t\t\t<\/div>\n\t\t\t\t<\/div>\n\t\t\t\t\t<\/div>\n\t\t<\/div>\n\t\t\t\t\t<\/div>\n\t\t<\/section>\n\t\t\t\t<section class=\"elementor-section elementor-top-section elementor-element elementor-element-528280c elementor-section-boxed elementor-section-height-default elementor-section-height-default\" data-id=\"528280c\" data-element_type=\"section\">\n\t\t\t\t\t\t<div class=\"elementor-container elementor-column-gap-default\">\n\t\t\t\t\t<div class=\"elementor-column elementor-col-100 elementor-top-column elementor-element elementor-element-b959c10\" data-id=\"b959c10\" data-element_type=\"column\">\n\t\t\t<div class=\"elementor-widget-wrap elementor-element-populated\">\n\t\t\t\t\t\t<div class=\"elementor-element elementor-element-a1df9a9 elementor-widget elementor-widget-text-editor\" data-id=\"a1df9a9\" data-element_type=\"widget\" data-widget_type=\"text-editor.default\">\n\t\t\t\t<div class=\"elementor-widget-container\">\n\t\t\t\t\t\t\t\t\t<p>Un cop entrats al cam\u00ed, trobarem dues bifurcacions: una als pocs metres d&#8217;entrar (seguim recte, \u00e9s a dir a m\u00e0 dreta), i una altra que cal agafar a m\u00e0 esquerra. All\u00e0 hi trobarem el primer arbre (que no \u00e9s el del gronxador). Seguim una mica m\u00e9s amunt, i ja s\u00ed que haurem de trobar el gronxador oficial.<\/p><\/p>\n\t\t\t\t\t\t\t\t<\/div>\n\t\t\t\t<\/div>\n\t\t\t\t\t<\/div>\n\t\t<\/div>\n\t\t\t\t\t<\/div>\n\t\t<\/section>\n\t\t\t\t<section class=\"elementor-section elementor-top-section elementor-element elementor-element-c321901 elementor-section-boxed elementor-section-height-default elementor-section-height-default\" data-id=\"c321901\" data-element_type=\"section\">\n\t\t\t\t\t\t<div class=\"elementor-container elementor-column-gap-default\">\n\t\t\t\t\t<div class=\"elementor-column elementor-col-100 elementor-top-column elementor-element elementor-element-dbe0645\" data-id=\"dbe0645\" data-element_type=\"column\">\n\t\t\t<div class=\"elementor-widget-wrap elementor-element-populated\">\n\t\t\t\t\t\t<div class=\"elementor-element elementor-element-6db584e elementor-widget elementor-widget-heading\" data-id=\"6db584e\" data-element_type=\"widget\" data-widget_type=\"heading.default\">\n\t\t\t\t<div class=\"elementor-widget-container\">\n\t\t\t\t\t<h2 class=\"elementor-heading-title elementor-size-default\">Jardins del Tur\u00f3 del Putxet<\/h2>\t\t\t\t<\/div>\n\t\t\t\t<\/div>\n\t\t\t\t\t<\/div>\n\t\t<\/div>\n\t\t\t\t\t<\/div>\n\t\t<\/section>\n\t\t\t\t<section class=\"elementor-section elementor-top-section elementor-element elementor-element-5958640 elementor-section-boxed elementor-section-height-default elementor-section-height-default\" data-id=\"5958640\" data-element_type=\"section\">\n\t\t\t\t\t\t<div class=\"elementor-container elementor-column-gap-default\">\n\t\t\t\t\t<div class=\"elementor-column elementor-col-50 elementor-top-column elementor-element elementor-element-3b398de\" data-id=\"3b398de\" data-element_type=\"column\">\n\t\t\t<div class=\"elementor-widget-wrap elementor-element-populated\">\n\t\t\t\t\t\t<div class=\"elementor-element elementor-element-77fa222 elementor-widget elementor-widget-image\" data-id=\"77fa222\" data-element_type=\"widget\" data-widget_type=\"image.default\">\n\t\t\t\t<div class=\"elementor-widget-container\">\n\t\t\t\t\t\t\t\t\t\t\t\t\t\t\t<img loading=\"lazy\" decoding=\"async\" width=\"738\" height=\"382\" src=\"https:\/\/www.willysplan.com\/wp-content\/uploads\/2021\/10\/turopeirabateriascarmel-1.jpg\" class=\"attachment-large size-large wp-image-14437\" alt=\"\" srcset=\"https:\/\/www.willysplan.com\/wp-content\/uploads\/2021\/10\/turopeirabateriascarmel-1.jpg 738w, https:\/\/www.willysplan.com\/wp-content\/uploads\/2021\/10\/turopeirabateriascarmel-1-300x155.jpg 300w, https:\/\/www.willysplan.com\/wp-content\/uploads\/2021\/10\/turopeirabateriascarmel-1-600x311.jpg 600w\" sizes=\"(max-width: 738px) 100vw, 738px\" \/>\t\t\t\t\t\t\t\t\t\t\t\t\t\t\t<\/div>\n\t\t\t\t<\/div>\n\t\t\t\t\t<\/div>\n\t\t<\/div>\n\t\t\t\t<div class=\"elementor-column elementor-col-50 elementor-top-column elementor-element elementor-element-2ab518c\" data-id=\"2ab518c\" data-element_type=\"column\">\n\t\t\t<div class=\"elementor-widget-wrap elementor-element-populated\">\n\t\t\t\t\t\t<div class=\"elementor-element elementor-element-6b0c8e6 elementor-widget elementor-widget-google_maps\" data-id=\"6b0c8e6\" data-element_type=\"widget\" data-widget_type=\"google_maps.default\">\n\t\t\t\t<div class=\"elementor-widget-container\">\n\t\t\t\t\t\t\t<div class=\"elementor-custom-embed\">\n\t\t\t<iframe loading=\"lazy\"\n\t\t\t\t\tsrc=\"https:\/\/maps.google.com\/maps?q=Jardins%20del%20Tur%C3%B3%20del%20Putxet&#038;t=m&#038;z=13&#038;output=embed&#038;iwloc=near\"\n\t\t\t\t\ttitle=\"Jardins del Tur\u00f3 del Putxet\"\n\t\t\t\t\taria-label=\"Jardins del Tur\u00f3 del Putxet\"\n\t\t\t><\/iframe>\n\t\t<\/div>\n\t\t\t\t\t\t<\/div>\n\t\t\t\t<\/div>\n\t\t\t\t\t<\/div>\n\t\t<\/div>\n\t\t\t\t\t<\/div>\n\t\t<\/section>\n\t\t\t\t<section class=\"elementor-section elementor-top-section elementor-element elementor-element-37bf862 elementor-section-boxed elementor-section-height-default elementor-section-height-default\" data-id=\"37bf862\" data-element_type=\"section\">\n\t\t\t\t\t\t<div class=\"elementor-container elementor-column-gap-default\">\n\t\t\t\t\t<div class=\"elementor-column elementor-col-100 elementor-top-column elementor-element elementor-element-c4717ec\" data-id=\"c4717ec\" data-element_type=\"column\">\n\t\t\t<div class=\"elementor-widget-wrap elementor-element-populated\">\n\t\t\t\t\t\t<div class=\"elementor-element elementor-element-ee9da43 elementor-widget elementor-widget-text-editor\" data-id=\"ee9da43\" data-element_type=\"widget\" data-widget_type=\"text-editor.default\">\n\t\t\t\t<div class=\"elementor-widget-container\">\n\t\t\t\t\t\t\t\t\t<p>Si us trobeu dins de Barcelona ciutat i no voleu sortir fora, us oferim aquesta opci\u00f3 que \u00e9s ideal per anar tant amb la parella, com amb amics, com amb nens.<\/p>\n<p>\u00c9s un parc ple de natura, on podreu anar tranquil\u00b7lament i gaudir d&#8217;una estona de desconnexi\u00f3. Aquest parc disposa de bancs, papereres i si pugeu a dalt de tot, podreu gaudir d\u00b4unes incre\u00efbles vistes de la ciutat de Barcelona.<\/p>\n\t\t\t\t\t\t\t\t<\/div>\n\t\t\t\t<\/div>\n\t\t\t\t\t<\/div>\n\t\t<\/div>\n\t\t\t\t\t<\/div>\n\t\t<\/section>\n\t\t\t\t<section class=\"elementor-section elementor-top-section elementor-element elementor-element-74bab06 elementor-section-boxed elementor-section-height-default elementor-section-height-default\" data-id=\"74bab06\" data-element_type=\"section\">\n\t\t\t\t\t\t<div class=\"elementor-container elementor-column-gap-default\">\n\t\t\t\t\t<div class=\"elementor-column elementor-col-100 elementor-top-column elementor-element elementor-element-d7f11be\" data-id=\"d7f11be\" data-element_type=\"column\">\n\t\t\t<div class=\"elementor-widget-wrap elementor-element-populated\">\n\t\t\t\t\t\t<div class=\"elementor-element elementor-element-6710898 elementor-widget elementor-widget-heading\" data-id=\"6710898\" data-element_type=\"widget\" data-widget_type=\"heading.default\">\n\t\t\t\t<div class=\"elementor-widget-container\">\n\t\t\t\t\t<h2 class=\"elementor-heading-title elementor-size-default\">Carretera de les aig\u00fces<\/h2>\t\t\t\t<\/div>\n\t\t\t\t<\/div>\n\t\t\t\t\t<\/div>\n\t\t<\/div>\n\t\t\t\t\t<\/div>\n\t\t<\/section>\n\t\t\t\t<section class=\"elementor-section elementor-top-section elementor-element elementor-element-91d2a06 elementor-section-boxed elementor-section-height-default elementor-section-height-default\" data-id=\"91d2a06\" data-element_type=\"section\">\n\t\t\t\t\t\t<div class=\"elementor-container elementor-column-gap-default\">\n\t\t\t\t\t<div class=\"elementor-column elementor-col-50 elementor-top-column elementor-element elementor-element-ae8dc5f\" data-id=\"ae8dc5f\" data-element_type=\"column\">\n\t\t\t<div class=\"elementor-widget-wrap elementor-element-populated\">\n\t\t\t\t\t\t<div class=\"elementor-element elementor-element-0c43306 elementor-widget elementor-widget-image\" data-id=\"0c43306\" data-element_type=\"widget\" data-widget_type=\"image.default\">\n\t\t\t\t<div class=\"elementor-widget-container\">\n\t\t\t\t\t\t\t\t\t\t\t\t\t\t\t<img loading=\"lazy\" decoding=\"async\" width=\"738\" height=\"382\" src=\"https:\/\/www.willysplan.com\/wp-content\/uploads\/2021\/10\/turopeirabateriascarmel-1.jpg\" class=\"attachment-large size-large wp-image-14437\" alt=\"\" srcset=\"https:\/\/www.willysplan.com\/wp-content\/uploads\/2021\/10\/turopeirabateriascarmel-1.jpg 738w, https:\/\/www.willysplan.com\/wp-content\/uploads\/2021\/10\/turopeirabateriascarmel-1-300x155.jpg 300w, https:\/\/www.willysplan.com\/wp-content\/uploads\/2021\/10\/turopeirabateriascarmel-1-600x311.jpg 600w\" sizes=\"(max-width: 738px) 100vw, 738px\" \/>\t\t\t\t\t\t\t\t\t\t\t\t\t\t\t<\/div>\n\t\t\t\t<\/div>\n\t\t\t\t\t<\/div>\n\t\t<\/div>\n\t\t\t\t<div class=\"elementor-column elementor-col-50 elementor-top-column elementor-element elementor-element-595e76a\" data-id=\"595e76a\" data-element_type=\"column\">\n\t\t\t<div class=\"elementor-widget-wrap elementor-element-populated\">\n\t\t\t\t\t\t<div class=\"elementor-element elementor-element-cdede47 elementor-widget elementor-widget-google_maps\" data-id=\"cdede47\" data-element_type=\"widget\" data-widget_type=\"google_maps.default\">\n\t\t\t\t<div class=\"elementor-widget-container\">\n\t\t\t\t\t\t\t<div class=\"elementor-custom-embed\">\n\t\t\t<iframe loading=\"lazy\"\n\t\t\t\t\tsrc=\"https:\/\/maps.google.com\/maps?q=pla%20dels%20maduixers&#038;t=m&#038;z=13&#038;output=embed&#038;iwloc=near\"\n\t\t\t\t\ttitle=\"pla dels maduixers\"\n\t\t\t\t\taria-label=\"pla dels maduixers\"\n\t\t\t><\/iframe>\n\t\t<\/div>\n\t\t\t\t\t\t<\/div>\n\t\t\t\t<\/div>\n\t\t\t\t\t<\/div>\n\t\t<\/div>\n\t\t\t\t\t<\/div>\n\t\t<\/section>\n\t\t\t\t<section class=\"elementor-section elementor-top-section elementor-element elementor-element-d045487 elementor-section-boxed elementor-section-height-default elementor-section-height-default\" data-id=\"d045487\" data-element_type=\"section\">\n\t\t\t\t\t\t<div class=\"elementor-container elementor-column-gap-default\">\n\t\t\t\t\t<div class=\"elementor-column elementor-col-100 elementor-top-column elementor-element elementor-element-8ce455b\" data-id=\"8ce455b\" data-element_type=\"column\">\n\t\t\t<div class=\"elementor-widget-wrap elementor-element-populated\">\n\t\t\t\t\t\t<div class=\"elementor-element elementor-element-8c1b39a elementor-widget elementor-widget-text-editor\" data-id=\"8c1b39a\" data-element_type=\"widget\" data-widget_type=\"text-editor.default\">\n\t\t\t\t<div class=\"elementor-widget-container\">\n\t\t\t\t\t\t\t\t\t<p>M\u00e9s que un mirador, \u00e9s un conjunt de miradors i de vistes constants. La carretera de les aig\u00fces \u00e9s un cam\u00ed de terra que voreja tota la muntanya del Tibidabo, i per tant estareu tot el recorregut veient la ciutat als vostres peus. Podeu iniciar la ruta des de passat el restaurant mirablau, arribant amb cotxe o transport p\u00fablic (us deixem la nostra proposta d&#8217;inici de la ruta a la ubicaci\u00f3, on trobareu un p\u00e0rquing per deixar el vostre vehicle).<\/p>\n<p>\u00c9s un agradable cam\u00ed que podeu fer sols (corrent, caminant, amb bici&#8230;), en parella, amics, en fam\u00edlia&#8230; \u00c9s sens dubte un dels millors llocs amb vistes de Barcelona, ja que al llarg del cam\u00ed tens vistes. A m\u00e9s, el cam\u00ed compta amb un parell de seients per poder-te aturar i gaudir de les espectaculars vistes a tota la ciutat.<\/p>\n\t\t\t\t\t\t\t\t<\/div>\n\t\t\t\t<\/div>\n\t\t\t\t\t<\/div>\n\t\t<\/div>\n\t\t\t\t\t<\/div>\n\t\t<\/section>\n\t\t\t\t<section class=\"elementor-section elementor-top-section elementor-element elementor-element-ca82722 elementor-section-boxed elementor-section-height-default elementor-section-height-default\" data-id=\"ca82722\" data-element_type=\"section\">\n\t\t\t\t\t\t<div class=\"elementor-container elementor-column-gap-default\">\n\t\t\t\t\t<div class=\"elementor-column elementor-col-100 elementor-top-column elementor-element elementor-element-77d5673\" data-id=\"77d5673\" data-element_type=\"column\">\n\t\t\t<div class=\"elementor-widget-wrap elementor-element-populated\">\n\t\t\t\t\t\t<div class=\"elementor-element elementor-element-000af78 elementor-widget elementor-widget-heading\" data-id=\"000af78\" data-element_type=\"widget\" data-widget_type=\"heading.default\">\n\t\t\t\t<div class=\"elementor-widget-container\">\n\t\t\t\t\t<h3 class=\"elementor-heading-title elementor-size-default\">Mirador dels xiprers<\/h3>\t\t\t\t<\/div>\n\t\t\t\t<\/div>\n\t\t\t\t\t<\/div>\n\t\t<\/div>\n\t\t\t\t\t<\/div>\n\t\t<\/section>\n\t\t\t\t<section class=\"elementor-section elementor-top-section elementor-element elementor-element-be6f954 elementor-section-boxed elementor-section-height-default elementor-section-height-default\" data-id=\"be6f954\" data-element_type=\"section\">\n\t\t\t\t\t\t<div class=\"elementor-container elementor-column-gap-default\">\n\t\t\t\t\t<div class=\"elementor-column elementor-col-50 elementor-top-column elementor-element elementor-element-0c97a55\" data-id=\"0c97a55\" data-element_type=\"column\">\n\t\t\t<div class=\"elementor-widget-wrap elementor-element-populated\">\n\t\t\t\t\t\t<div class=\"elementor-element elementor-element-70e1c98 elementor-widget elementor-widget-image\" data-id=\"70e1c98\" data-element_type=\"widget\" data-widget_type=\"image.default\">\n\t\t\t\t<div class=\"elementor-widget-container\">\n\t\t\t\t\t\t\t\t\t\t\t\t\t\t\t<img loading=\"lazy\" decoding=\"async\" width=\"738\" height=\"382\" src=\"https:\/\/www.willysplan.com\/wp-content\/uploads\/2021\/10\/turopeirabateriascarmel-1.jpg\" class=\"attachment-large size-large wp-image-14437\" alt=\"\" srcset=\"https:\/\/www.willysplan.com\/wp-content\/uploads\/2021\/10\/turopeirabateriascarmel-1.jpg 738w, https:\/\/www.willysplan.com\/wp-content\/uploads\/2021\/10\/turopeirabateriascarmel-1-300x155.jpg 300w, https:\/\/www.willysplan.com\/wp-content\/uploads\/2021\/10\/turopeirabateriascarmel-1-600x311.jpg 600w\" sizes=\"(max-width: 738px) 100vw, 738px\" \/>\t\t\t\t\t\t\t\t\t\t\t\t\t\t\t<\/div>\n\t\t\t\t<\/div>\n\t\t\t\t\t<\/div>\n\t\t<\/div>\n\t\t\t\t<div class=\"elementor-column elementor-col-50 elementor-top-column elementor-element elementor-element-22fd84b\" data-id=\"22fd84b\" data-element_type=\"column\">\n\t\t\t<div class=\"elementor-widget-wrap elementor-element-populated\">\n\t\t\t\t\t\t<div class=\"elementor-element elementor-element-a0d96de elementor-widget elementor-widget-google_maps\" data-id=\"a0d96de\" data-element_type=\"widget\" data-widget_type=\"google_maps.default\">\n\t\t\t\t<div class=\"elementor-widget-container\">\n\t\t\t\t\t\t\t<div class=\"elementor-custom-embed\">\n\t\t\t<iframe loading=\"lazy\"\n\t\t\t\t\tsrc=\"https:\/\/maps.google.com\/maps?q=mirador%20dels%20xiprers&#038;t=m&#038;z=13&#038;output=embed&#038;iwloc=near\"\n\t\t\t\t\ttitle=\"mirador dels xiprers\"\n\t\t\t\t\taria-label=\"mirador dels xiprers\"\n\t\t\t><\/iframe>\n\t\t<\/div>\n\t\t\t\t\t\t<\/div>\n\t\t\t\t<\/div>\n\t\t\t\t\t<\/div>\n\t\t<\/div>\n\t\t\t\t\t<\/div>\n\t\t<\/section>\n\t\t\t\t<section class=\"elementor-section elementor-top-section elementor-element elementor-element-8476545 elementor-section-boxed elementor-section-height-default elementor-section-height-default\" data-id=\"8476545\" data-element_type=\"section\">\n\t\t\t\t\t\t<div class=\"elementor-container elementor-column-gap-default\">\n\t\t\t\t\t<div class=\"elementor-column elementor-col-100 elementor-top-column elementor-element elementor-element-4abc0d3\" data-id=\"4abc0d3\" data-element_type=\"column\">\n\t\t\t<div class=\"elementor-widget-wrap elementor-element-populated\">\n\t\t\t\t\t\t<div class=\"elementor-element elementor-element-ab368ac elementor-widget elementor-widget-text-editor\" data-id=\"ab368ac\" data-element_type=\"widget\" data-widget_type=\"text-editor.default\">\n\t\t\t\t<div class=\"elementor-widget-container\">\n\t\t\t\t\t\t\t\t\t<p>Aquest \u00e9s un mirador que trobem quasi al final de la carretera de les aig\u00fces (just per sobre de pedrables). \u00c9s all\u00e0 on podreu apreciar unes de les millors vistes de Barcelona ciutat, des d&#8217;una perspectiva diferent de totes les altres. Just als peus d&#8217;aquest mirador, trobem el Camp Nou i la Sagrada Fam\u00edlia de lluny.<\/p>\n<p>Si sou esportistes i voleu una excusa per arribar a aquest mirador, us informem que just abans d&#8217;arribar a aquest mirador, hi ha una zona per fer workout, amb barres per fer dominades.<\/p>\n\t\t\t\t\t\t\t\t<\/div>\n\t\t\t\t<\/div>\n\t\t\t\t\t<\/div>\n\t\t<\/div>\n\t\t\t\t\t<\/div>\n\t\t<\/section>\n\t\t\t\t<section class=\"elementor-section elementor-top-section elementor-element elementor-element-4cfcaaa elementor-section-boxed elementor-section-height-default elementor-section-height-default\" data-id=\"4cfcaaa\" data-element_type=\"section\">\n\t\t\t\t\t\t<div class=\"elementor-container elementor-column-gap-default\">\n\t\t\t\t\t<div class=\"elementor-column elementor-col-100 elementor-top-column elementor-element elementor-element-c9e5bc3\" data-id=\"c9e5bc3\" data-element_type=\"column\">\n\t\t\t<div class=\"elementor-widget-wrap elementor-element-populated\">\n\t\t\t\t\t\t<div class=\"elementor-element elementor-element-a8e3b85 elementor-widget elementor-widget-heading\" data-id=\"a8e3b85\" data-element_type=\"widget\" data-widget_type=\"heading.default\">\n\t\t\t\t<div class=\"elementor-widget-container\">\n\t\t\t\t\t<h3 class=\"elementor-heading-title elementor-size-default\">Ru\u00efnes de Sant Pere M\u00e0rtir<\/h3>\t\t\t\t<\/div>\n\t\t\t\t<\/div>\n\t\t\t\t\t<\/div>\n\t\t<\/div>\n\t\t\t\t\t<\/div>\n\t\t<\/section>\n\t\t\t\t<section class=\"elementor-section elementor-top-section elementor-element elementor-element-b46f1b7 elementor-section-boxed elementor-section-height-default elementor-section-height-default\" data-id=\"b46f1b7\" data-element_type=\"section\">\n\t\t\t\t\t\t<div class=\"elementor-container elementor-column-gap-default\">\n\t\t\t\t\t<div class=\"elementor-column elementor-col-50 elementor-top-column elementor-element elementor-element-8fc9233\" data-id=\"8fc9233\" data-element_type=\"column\">\n\t\t\t<div class=\"elementor-widget-wrap elementor-element-populated\">\n\t\t\t\t\t\t<div class=\"elementor-element elementor-element-973efb5 elementor-widget elementor-widget-image\" data-id=\"973efb5\" data-element_type=\"widget\" data-widget_type=\"image.default\">\n\t\t\t\t<div class=\"elementor-widget-container\">\n\t\t\t\t\t\t\t\t\t\t\t\t\t\t\t<img loading=\"lazy\" decoding=\"async\" width=\"1024\" height=\"706\" src=\"https:\/\/www.willysplan.com\/wp-content\/uploads\/2022\/05\/mirador-sant-pere-martir-1024x706.png\" class=\"attachment-large size-large wp-image-14787\" alt=\"\" srcset=\"https:\/\/www.willysplan.com\/wp-content\/uploads\/2022\/05\/mirador-sant-pere-martir-1024x706.png 1024w, https:\/\/www.willysplan.com\/wp-content\/uploads\/2022\/05\/mirador-sant-pere-martir-300x207.png 300w, https:\/\/www.willysplan.com\/wp-content\/uploads\/2022\/05\/mirador-sant-pere-martir-768x529.png 768w, https:\/\/www.willysplan.com\/wp-content\/uploads\/2022\/05\/mirador-sant-pere-martir-600x413.png 600w, https:\/\/www.willysplan.com\/wp-content\/uploads\/2022\/05\/mirador-sant-pere-martir.png 1177w\" sizes=\"(max-width: 1024px) 100vw, 1024px\" \/>\t\t\t\t\t\t\t\t\t\t\t\t\t\t\t<\/div>\n\t\t\t\t<\/div>\n\t\t\t\t\t<\/div>\n\t\t<\/div>\n\t\t\t\t<div class=\"elementor-column elementor-col-50 elementor-top-column elementor-element elementor-element-26e02e7\" data-id=\"26e02e7\" data-element_type=\"column\">\n\t\t\t<div class=\"elementor-widget-wrap elementor-element-populated\">\n\t\t\t\t\t\t<div class=\"elementor-element elementor-element-9ffa9c5 elementor-widget elementor-widget-google_maps\" data-id=\"9ffa9c5\" data-element_type=\"widget\" data-widget_type=\"google_maps.default\">\n\t\t\t\t<div class=\"elementor-widget-container\">\n\t\t\t\t\t\t\t<div class=\"elementor-custom-embed\">\n\t\t\t<iframe loading=\"lazy\"\n\t\t\t\t\tsrc=\"https:\/\/maps.google.com\/maps?q=bateria%20antiaeria%20sant%20pere%20martir&#038;t=m&#038;z=13&#038;output=embed&#038;iwloc=near\"\n\t\t\t\t\ttitle=\"bateria antiaeria sant pere martir\"\n\t\t\t\t\taria-label=\"bateria antiaeria sant pere martir\"\n\t\t\t><\/iframe>\n\t\t<\/div>\n\t\t\t\t\t\t<\/div>\n\t\t\t\t<\/div>\n\t\t\t\t\t<\/div>\n\t\t<\/div>\n\t\t\t\t\t<\/div>\n\t\t<\/section>\n\t\t\t\t<section class=\"elementor-section elementor-top-section elementor-element elementor-element-616af68 elementor-section-boxed elementor-section-height-default elementor-section-height-default\" data-id=\"616af68\" data-element_type=\"section\">\n\t\t\t\t\t\t<div class=\"elementor-container elementor-column-gap-default\">\n\t\t\t\t\t<div class=\"elementor-column elementor-col-100 elementor-top-column elementor-element elementor-element-0593879\" data-id=\"0593879\" data-element_type=\"column\">\n\t\t\t<div class=\"elementor-widget-wrap elementor-element-populated\">\n\t\t\t\t\t\t<div class=\"elementor-element elementor-element-c8d6ad5 elementor-widget elementor-widget-text-editor\" data-id=\"c8d6ad5\" data-element_type=\"widget\" data-widget_type=\"text-editor.default\">\n\t\t\t\t<div class=\"elementor-widget-container\">\n\t\t\t\t\t\t\t\t\t<p>El mirador de Puig d&#8217;ossa (o tamb\u00e9 conegut com la muntanya de Sant Pere M\u00e0rtir), a banda de ser un dels nostres miradors secrets a Barcelona (ja que nom\u00e9s el coneix la gent local), porta molta hist\u00f2ria.<\/p>\n<p>I \u00e9s que seguint la nostra llista de miradors de franc a Barcelona, i podent arribar-hi des de la mateixa carretera de les aig\u00fces, ens trobem amb les runes de Sant Pere M\u00e0rtir: un dels miradors m\u00e9s alts de la ciutat de Barcelona, des d&#8217;on podr\u00e0s apreciar unes vistes panor\u00e0miques de tota la ciutat.<\/p>\n<p>Pujant des de l&#8217;anterior mirador (mirador dels xiprers) mitjan\u00e7ant uns caminets de terra estrets, arribarem al cim d&#8217;aquesta muntanya de la qual us explicarem algunes an\u00e8cdotes curioses d&#8217;aquest lloc.<\/p>\n<p>Al cim d&#8217;aquesta muntanya, hi trobem una ermita, una bateria a\u00e8ria (ja que hi va haver pres\u00e8ncia militar) i hi ha indicis que hi va haver tamb\u00e9 un poblat iber. Anem per parts:<\/p>\n<p>El nom de la muntanya Puig d&#8217;Ossa prov\u00e9 del top\u00f2nim &#8220;Muntanya d&#8217;Ursa&#8221;, documentat des de l&#8217;any 986. D&#8217;altra banda, tamb\u00e9 podem trobar alg\u00fa que s&#8217;hi dirigeixi amb el nom de Sant Pere m\u00e0rtir, ja que al segle XVII es va construir al cim una ermita amb aquest nom (la qual va ser abandonada l&#8217;any 1792), ja que esdevingu\u00e9 una fortificaci\u00f3 de destacament militar des de la guerra del Segadors fins a la Guerra civil espanyola.<\/p>\n<p>El motiu de la pres\u00e8ncia militar es deu a la seva posici\u00f3 estrat\u00e8gica que li permet poder tenir un camp de vista prou ampli per controlar la zona. \u00c9s m\u00e9s, de fet, aquest mirador connecta les vies que connecten el riu Llobregat amb Barcelona ciutat.<\/p>\n<p>A causa de la seva privilegiada situaci\u00f3, el Fort de Sant Pere M\u00e0rtir va ser utilitzat durant la guerra civil ja que s&#8217;hi va instal\u00b7lar una bateria antia\u00e8ria, coneguda avui dia com la bateria antia\u00e8ria de Sant Pere M\u00e0rtir. Aquesta bateria forma part del Memorial democr\u00e0ctic.<\/p>\n\t\t\t\t\t\t\t\t<\/div>\n\t\t\t\t<\/div>\n\t\t\t\t\t<\/div>\n\t\t<\/div>\n\t\t\t\t\t<\/div>\n\t\t<\/section>\n\t\t\t\t<section class=\"elementor-section elementor-top-section elementor-element elementor-element-cf26dc9 elementor-section-boxed elementor-section-height-default elementor-section-height-default\" data-id=\"cf26dc9\" data-element_type=\"section\">\n\t\t\t\t\t\t<div class=\"elementor-container elementor-column-gap-default\">\n\t\t\t\t\t<div class=\"elementor-column elementor-col-100 elementor-top-column elementor-element elementor-element-5689fda\" data-id=\"5689fda\" data-element_type=\"column\">\n\t\t\t<div class=\"elementor-widget-wrap elementor-element-populated\">\n\t\t\t\t\t\t<div class=\"elementor-element elementor-element-ec10ffc elementor-widget elementor-widget-heading\" data-id=\"ec10ffc\" data-element_type=\"widget\" data-widget_type=\"heading.default\">\n\t\t\t\t<div class=\"elementor-widget-container\">\n\t\t\t\t\t<h2 class=\"elementor-heading-title elementor-size-default\">El Parc G\u00fcell<\/h2>\t\t\t\t<\/div>\n\t\t\t\t<\/div>\n\t\t\t\t\t<\/div>\n\t\t<\/div>\n\t\t\t\t\t<\/div>\n\t\t<\/section>\n\t\t\t\t<section class=\"elementor-section elementor-top-section elementor-element elementor-element-36de432 elementor-section-boxed elementor-section-height-default elementor-section-height-default\" data-id=\"36de432\" data-element_type=\"section\">\n\t\t\t\t\t\t<div class=\"elementor-container elementor-column-gap-default\">\n\t\t\t\t\t<div class=\"elementor-column elementor-col-50 elementor-top-column elementor-element elementor-element-30a85ea\" data-id=\"30a85ea\" data-element_type=\"column\">\n\t\t\t<div class=\"elementor-widget-wrap elementor-element-populated\">\n\t\t\t\t\t\t<div class=\"elementor-element elementor-element-254baa4 elementor-widget elementor-widget-image\" data-id=\"254baa4\" data-element_type=\"widget\" data-widget_type=\"image.default\">\n\t\t\t\t<div class=\"elementor-widget-container\">\n\t\t\t\t\t\t\t\t\t\t\t\t\t\t\t<img loading=\"lazy\" decoding=\"async\" width=\"736\" height=\"476\" src=\"https:\/\/www.willysplan.com\/wp-content\/uploads\/2021\/12\/parqueguel.jpg\" class=\"attachment-medium_large size-medium_large wp-image-14501\" alt=\"\" srcset=\"https:\/\/www.willysplan.com\/wp-content\/uploads\/2021\/12\/parqueguel.jpg 736w, https:\/\/www.willysplan.com\/wp-content\/uploads\/2021\/12\/parqueguel-300x194.jpg 300w, https:\/\/www.willysplan.com\/wp-content\/uploads\/2021\/12\/parqueguel-600x388.jpg 600w\" sizes=\"(max-width: 736px) 100vw, 736px\" \/>\t\t\t\t\t\t\t\t\t\t\t\t\t\t\t<\/div>\n\t\t\t\t<\/div>\n\t\t\t\t\t<\/div>\n\t\t<\/div>\n\t\t\t\t<div class=\"elementor-column elementor-col-50 elementor-top-column elementor-element elementor-element-391cda5\" data-id=\"391cda5\" data-element_type=\"column\">\n\t\t\t<div class=\"elementor-widget-wrap elementor-element-populated\">\n\t\t\t\t\t\t<div class=\"elementor-element elementor-element-b390bb5 elementor-widget elementor-widget-google_maps\" data-id=\"b390bb5\" data-element_type=\"widget\" data-widget_type=\"google_maps.default\">\n\t\t\t\t<div class=\"elementor-widget-container\">\n\t\t\t\t\t\t\t<div class=\"elementor-custom-embed\">\n\t\t\t<iframe loading=\"lazy\"\n\t\t\t\t\tsrc=\"https:\/\/maps.google.com\/maps?q=Parque%20G%C3%BCell&#038;t=m&#038;z=13&#038;output=embed&#038;iwloc=near\"\n\t\t\t\t\ttitle=\"Parque G\u00fcell\"\n\t\t\t\t\taria-label=\"Parque G\u00fcell\"\n\t\t\t><\/iframe>\n\t\t<\/div>\n\t\t\t\t\t\t<\/div>\n\t\t\t\t<\/div>\n\t\t\t\t\t<\/div>\n\t\t<\/div>\n\t\t\t\t\t<\/div>\n\t\t<\/section>\n\t\t\t\t<section class=\"elementor-section elementor-top-section elementor-element elementor-element-090337d elementor-section-boxed elementor-section-height-default elementor-section-height-default\" data-id=\"090337d\" data-element_type=\"section\">\n\t\t\t\t\t\t<div class=\"elementor-container elementor-column-gap-default\">\n\t\t\t\t\t<div class=\"elementor-column elementor-col-100 elementor-top-column elementor-element elementor-element-10259a1\" data-id=\"10259a1\" data-element_type=\"column\">\n\t\t\t<div class=\"elementor-widget-wrap elementor-element-populated\">\n\t\t\t\t\t\t<div class=\"elementor-element elementor-element-67842ef elementor-widget elementor-widget-text-editor\" data-id=\"67842ef\" data-element_type=\"widget\" data-widget_type=\"text-editor.default\">\n\t\t\t\t<div class=\"elementor-widget-container\">\n\t\t\t\t\t\t\t\t\t<p>\u00c9s tot un cl\u00e0ssic a la ruta de qualsevol turista que visita per primera vegada la ciutat. Ple d&#8217;escultures, fonts i edificis d&#8217;estil naturista, el Park G\u00fcell no \u00e9s nom\u00e9s una de les millors obres de Gaud\u00ed, sin\u00f3 que \u00e9s un cl\u00e0ssic imprescindible <a href=\"https:\/\/www.willysplan.com\/ca\/rutes\/rutes-de-senderisme-i-excursions-per-barcelona\">per visitar a Barcelona<\/a> i un altre dels millors miradors de la ciutat comtal.<\/p><p>El parc es divideix en dues zones, la zona monumental i la zona gratu\u00efta. A la primera \u00e9s on es troben els balcons amb moltes rajoles i mosaics de colors o el fam\u00f3s llangardaix que guarda l&#8217;entrada del parc. A la gratu\u00efta, \u00e9s on hi ha la famosa creu anomenada el Tur\u00f3 de les Tres Creus, a 182 metres d&#8217;al\u00e7ada. Gran quantitat de gent visita aquest parc i segurament hagis d&#8217;esperar, per\u00f2 et valdr\u00e0 la pena delectar-te amb aquesta simbiosi d&#8217;arquitectura de fantasia i les vistes espectaculars de Barcelona.<\/p>\t\t\t\t\t\t\t\t<\/div>\n\t\t\t\t<\/div>\n\t\t\t\t\t<\/div>\n\t\t<\/div>\n\t\t\t\t\t<\/div>\n\t\t<\/section>\n\t\t\t\t<section class=\"elementor-section elementor-top-section elementor-element elementor-element-228dd78 elementor-section-boxed elementor-section-height-default elementor-section-height-default\" data-id=\"228dd78\" data-element_type=\"section\">\n\t\t\t\t\t\t<div class=\"elementor-container elementor-column-gap-default\">\n\t\t\t\t\t<div class=\"elementor-column elementor-col-100 elementor-top-column elementor-element elementor-element-6fe37a6\" data-id=\"6fe37a6\" data-element_type=\"column\">\n\t\t\t<div class=\"elementor-widget-wrap elementor-element-populated\">\n\t\t\t\t\t\t<div class=\"elementor-element elementor-element-c9dcbd0 elementor-widget elementor-widget-heading\" data-id=\"c9dcbd0\" data-element_type=\"widget\" data-widget_type=\"heading.default\">\n\t\t\t\t<div class=\"elementor-widget-container\">\n\t\t\t\t\t<h2 class=\"elementor-heading-title elementor-size-default\">Castell de Montju\u00efc<\/h2>\t\t\t\t<\/div>\n\t\t\t\t<\/div>\n\t\t\t\t\t<\/div>\n\t\t<\/div>\n\t\t\t\t\t<\/div>\n\t\t<\/section>\n\t\t\t\t<section class=\"elementor-section elementor-top-section elementor-element elementor-element-9dde891 elementor-section-boxed elementor-section-height-default elementor-section-height-default\" data-id=\"9dde891\" data-element_type=\"section\">\n\t\t\t\t\t\t<div class=\"elementor-container elementor-column-gap-default\">\n\t\t\t\t\t<div class=\"elementor-column elementor-col-50 elementor-top-column elementor-element elementor-element-efd1b5f\" data-id=\"efd1b5f\" data-element_type=\"column\">\n\t\t\t<div class=\"elementor-widget-wrap elementor-element-populated\">\n\t\t\t\t\t\t<div class=\"elementor-element elementor-element-52923a4 elementor-widget elementor-widget-image\" data-id=\"52923a4\" data-element_type=\"widget\" data-widget_type=\"image.default\">\n\t\t\t\t<div class=\"elementor-widget-container\">\n\t\t\t\t\t\t\t\t\t\t\t\t\t\t\t<img loading=\"lazy\" decoding=\"async\" width=\"780\" height=\"393\" src=\"https:\/\/www.willysplan.com\/wp-content\/uploads\/2021\/09\/Montjuic.jpg\" class=\"attachment-large size-large wp-image-14339\" alt=\"\" srcset=\"https:\/\/www.willysplan.com\/wp-content\/uploads\/2021\/09\/Montjuic.jpg 780w, https:\/\/www.willysplan.com\/wp-content\/uploads\/2021\/09\/Montjuic-300x151.jpg 300w, https:\/\/www.willysplan.com\/wp-content\/uploads\/2021\/09\/Montjuic-768x387.jpg 768w, https:\/\/www.willysplan.com\/wp-content\/uploads\/2021\/09\/Montjuic-600x302.jpg 600w\" sizes=\"(max-width: 780px) 100vw, 780px\" \/>\t\t\t\t\t\t\t\t\t\t\t\t\t\t\t<\/div>\n\t\t\t\t<\/div>\n\t\t\t\t\t<\/div>\n\t\t<\/div>\n\t\t\t\t<div class=\"elementor-column elementor-col-50 elementor-top-column elementor-element elementor-element-a40f723\" data-id=\"a40f723\" data-element_type=\"column\">\n\t\t\t<div class=\"elementor-widget-wrap elementor-element-populated\">\n\t\t\t\t\t\t<div class=\"elementor-element elementor-element-8ebd04f elementor-widget elementor-widget-google_maps\" data-id=\"8ebd04f\" data-element_type=\"widget\" data-widget_type=\"google_maps.default\">\n\t\t\t\t<div class=\"elementor-widget-container\">\n\t\t\t\t\t\t\t<div class=\"elementor-custom-embed\">\n\t\t\t<iframe loading=\"lazy\"\n\t\t\t\t\tsrc=\"https:\/\/maps.google.com\/maps?q=Castell%20de%20montjuic&#038;t=m&#038;z=13&#038;output=embed&#038;iwloc=near\"\n\t\t\t\t\ttitle=\"Castell de montjuic\"\n\t\t\t\t\taria-label=\"Castell de montjuic\"\n\t\t\t><\/iframe>\n\t\t<\/div>\n\t\t\t\t\t\t<\/div>\n\t\t\t\t<\/div>\n\t\t\t\t\t<\/div>\n\t\t<\/div>\n\t\t\t\t\t<\/div>\n\t\t<\/section>\n\t\t\t\t<section class=\"elementor-section elementor-top-section elementor-element elementor-element-649f78d elementor-section-boxed elementor-section-height-default elementor-section-height-default\" data-id=\"649f78d\" data-element_type=\"section\">\n\t\t\t\t\t\t<div class=\"elementor-container elementor-column-gap-default\">\n\t\t\t\t\t<div class=\"elementor-column elementor-col-100 elementor-top-column elementor-element elementor-element-bd8f266\" data-id=\"bd8f266\" data-element_type=\"column\">\n\t\t\t<div class=\"elementor-widget-wrap elementor-element-populated\">\n\t\t\t\t\t\t<div class=\"elementor-element elementor-element-6131457 elementor-widget elementor-widget-text-editor\" data-id=\"6131457\" data-element_type=\"widget\" data-widget_type=\"text-editor.default\">\n\t\t\t\t<div class=\"elementor-widget-container\">\n\t\t\t\t\t\t\t\t\t<p>Vegetaci\u00f3, senders i unes vistes al\u00b7lucinants. A la muntanya de Montju\u00efc, el pulm\u00f3 verd la ciutat, trobareu alguns dels miradors secrets que ofereix Barcelona.<\/p><p>El castell de Montju\u00efc, situat al punt m\u00e9s alt de la muntanya que tamb\u00e9 porta el seu nom, t\u00e9 unes vistes incre\u00efbles de la ciutat i de la costa barcelonina. Aquesta antiga fortalesa militar ha viscut diferents episodis b\u00e8l\u00b7lics durant els seus m\u00e9s de 300 anys d&#8217;hist\u00f2ria i destaca pels baluards i les peces d&#8217;artilleria, a m\u00e9s de per la seva ubicaci\u00f3 estrat\u00e8gica.<\/p><p>A les muralles trobareu el Mirador del Migdia, on podreu contemplar vistes del port de Barcelona, l&#8217;enorme cementiri de Montju\u00efc, la Zona Franca, l&#8217;aeroport i el Baix Llobregat. Aquest mirador \u00e9s especialment bonic al capvespre, ja que veur\u00e0s caure el sol darrere dels turons del Parc Natural de Garraf, on pots trobar les millors <a href=\"https:\/\/www.willysplan.com\/ca\/idees\/les-7-millors-rutes-de-muntanya-per-barcelona\">rutes de muntanya per Barcelona<\/a>.<\/p>\t\t\t\t\t\t\t\t<\/div>\n\t\t\t\t<\/div>\n\t\t\t\t\t<\/div>\n\t\t<\/div>\n\t\t\t\t\t<\/div>\n\t\t<\/section>\n\t\t\t\t<section class=\"elementor-section elementor-top-section elementor-element elementor-element-463b1d6 elementor-section-boxed elementor-section-height-default elementor-section-height-default\" data-id=\"463b1d6\" data-element_type=\"section\">\n\t\t\t\t\t\t<div class=\"elementor-container elementor-column-gap-default\">\n\t\t\t\t\t<div class=\"elementor-column elementor-col-100 elementor-top-column elementor-element elementor-element-906796f\" data-id=\"906796f\" data-element_type=\"column\">\n\t\t\t<div class=\"elementor-widget-wrap elementor-element-populated\">\n\t\t\t\t\t\t<div class=\"elementor-element elementor-element-add74af elementor-widget elementor-widget-heading\" data-id=\"add74af\" data-element_type=\"widget\" data-widget_type=\"heading.default\">\n\t\t\t\t<div class=\"elementor-widget-container\">\n\t\t\t\t\t<h3 class=\"elementor-heading-title elementor-size-default\">Mirador de l'alcalde<\/h3>\t\t\t\t<\/div>\n\t\t\t\t<\/div>\n\t\t\t\t\t<\/div>\n\t\t<\/div>\n\t\t\t\t\t<\/div>\n\t\t<\/section>\n\t\t\t\t<section class=\"elementor-section elementor-top-section elementor-element elementor-element-17f4fe2 elementor-section-boxed elementor-section-height-default elementor-section-height-default\" data-id=\"17f4fe2\" data-element_type=\"section\">\n\t\t\t\t\t\t<div class=\"elementor-container elementor-column-gap-default\">\n\t\t\t\t\t<div class=\"elementor-column elementor-col-50 elementor-top-column elementor-element elementor-element-e70c3b5\" data-id=\"e70c3b5\" data-element_type=\"column\">\n\t\t\t<div class=\"elementor-widget-wrap elementor-element-populated\">\n\t\t\t\t\t\t<div class=\"elementor-element elementor-element-6952af3 elementor-widget elementor-widget-image\" data-id=\"6952af3\" data-element_type=\"widget\" data-widget_type=\"image.default\">\n\t\t\t\t<div class=\"elementor-widget-container\">\n\t\t\t\t\t\t\t\t\t\t\t\t\t\t\t<img loading=\"lazy\" decoding=\"async\" width=\"752\" height=\"500\" src=\"https:\/\/www.willysplan.com\/wp-content\/uploads\/2020\/06\/mirador-del-alcalde.jpg\" class=\"attachment-large size-large wp-image-13927\" alt=\"\" srcset=\"https:\/\/www.willysplan.com\/wp-content\/uploads\/2020\/06\/mirador-del-alcalde.jpg 752w, https:\/\/www.willysplan.com\/wp-content\/uploads\/2020\/06\/mirador-del-alcalde-300x199.jpg 300w, https:\/\/www.willysplan.com\/wp-content\/uploads\/2020\/06\/mirador-del-alcalde-480x320.jpg 480w, https:\/\/www.willysplan.com\/wp-content\/uploads\/2020\/06\/mirador-del-alcalde-280x186.jpg 280w, https:\/\/www.willysplan.com\/wp-content\/uploads\/2020\/06\/mirador-del-alcalde-602x400.jpg 602w, https:\/\/www.willysplan.com\/wp-content\/uploads\/2020\/06\/mirador-del-alcalde-585x389.jpg 585w, https:\/\/www.willysplan.com\/wp-content\/uploads\/2020\/06\/mirador-del-alcalde-600x399.jpg 600w\" sizes=\"(max-width: 752px) 100vw, 752px\" \/>\t\t\t\t\t\t\t\t\t\t\t\t\t\t\t<\/div>\n\t\t\t\t<\/div>\n\t\t\t\t\t<\/div>\n\t\t<\/div>\n\t\t\t\t<div class=\"elementor-column elementor-col-50 elementor-top-column elementor-element elementor-element-4eea298\" data-id=\"4eea298\" data-element_type=\"column\">\n\t\t\t<div class=\"elementor-widget-wrap elementor-element-populated\">\n\t\t\t\t\t\t<div class=\"elementor-element elementor-element-d04aa7e elementor-widget elementor-widget-google_maps\" data-id=\"d04aa7e\" data-element_type=\"widget\" data-widget_type=\"google_maps.default\">\n\t\t\t\t<div class=\"elementor-widget-container\">\n\t\t\t\t\t\t\t<div class=\"elementor-custom-embed\">\n\t\t\t<iframe loading=\"lazy\"\n\t\t\t\t\tsrc=\"https:\/\/maps.google.com\/maps?q=mirador%20de%20l%27alcalde&#038;t=m&#038;z=13&#038;output=embed&#038;iwloc=near\"\n\t\t\t\t\ttitle=\"mirador de l&#039;alcalde\"\n\t\t\t\t\taria-label=\"mirador de l&#039;alcalde\"\n\t\t\t><\/iframe>\n\t\t<\/div>\n\t\t\t\t\t\t<\/div>\n\t\t\t\t<\/div>\n\t\t\t\t\t<\/div>\n\t\t<\/div>\n\t\t\t\t\t<\/div>\n\t\t<\/section>\n\t\t\t\t<section class=\"elementor-section elementor-top-section elementor-element elementor-element-632ffaf elementor-section-boxed elementor-section-height-default elementor-section-height-default\" data-id=\"632ffaf\" data-element_type=\"section\">\n\t\t\t\t\t\t<div class=\"elementor-container elementor-column-gap-default\">\n\t\t\t\t\t<div class=\"elementor-column elementor-col-100 elementor-top-column elementor-element elementor-element-f86ab9c\" data-id=\"f86ab9c\" data-element_type=\"column\">\n\t\t\t<div class=\"elementor-widget-wrap elementor-element-populated\">\n\t\t\t\t\t\t<div class=\"elementor-element elementor-element-23c863c elementor-widget elementor-widget-text-editor\" data-id=\"23c863c\" data-element_type=\"widget\" data-widget_type=\"text-editor.default\">\n\t\t\t\t<div class=\"elementor-widget-container\">\n\t\t\t\t\t\t\t\t\t<p>Baixant el castell de Montju\u00efc, arribar\u00e0s fins al Mirador de l&#8217;Alcalde. Un lloc meravell\u00f3s per gaudir de vistes de part del port vell, al costat del Monument a Colom o el fam\u00f3s Hotel W Barcelona. Un dels miradors m\u00e9s recents i moderns de la ciutat, se situa a la planta 26 d&#8217;aquest hotel de luxe, conegut com l&#8217;Hotel Vela entre els locals, per la forma de vaixell de vela i les parets, que s\u00f3n les finestres de les habitacions.<\/p><p>Descobreix la nostra <a href=\"https:\/\/www.willysplan.com\/ca\/rutes\/ruta-des-del-castell-de-montjuic-al-mirador-de-lalcalde\"><strong>Ruta des del Castell de Montju\u00efc al Mirador de l&#8217;alcalde<\/strong><\/a> <strong>!<\/strong><\/p>\t\t\t\t\t\t\t\t<\/div>\n\t\t\t\t<\/div>\n\t\t\t\t\t<\/div>\n\t\t<\/div>\n\t\t\t\t\t<\/div>\n\t\t<\/section>\n\t\t\t\t<section class=\"elementor-section elementor-top-section elementor-element elementor-element-a3e0073 elementor-section-boxed elementor-section-height-default elementor-section-height-default\" data-id=\"a3e0073\" data-element_type=\"section\">\n\t\t\t\t\t\t<div class=\"elementor-container elementor-column-gap-default\">\n\t\t\t\t\t<div class=\"elementor-column elementor-col-100 elementor-top-column elementor-element elementor-element-341a0e3\" data-id=\"341a0e3\" data-element_type=\"column\">\n\t\t\t<div class=\"elementor-widget-wrap elementor-element-populated\">\n\t\t\t\t\t\t<div class=\"elementor-element elementor-element-f0fd36c elementor-widget elementor-widget-heading\" data-id=\"f0fd36c\" data-element_type=\"widget\" data-widget_type=\"heading.default\">\n\t\t\t\t<div class=\"elementor-widget-container\">\n\t\t\t\t\t<h2 class=\"elementor-heading-title elementor-size-default\">Les torres de la Sagrada Fam\u00edlia<\/h2>\t\t\t\t<\/div>\n\t\t\t\t<\/div>\n\t\t\t\t\t<\/div>\n\t\t<\/div>\n\t\t\t\t\t<\/div>\n\t\t<\/section>\n\t\t\t\t<section class=\"elementor-section elementor-top-section elementor-element elementor-element-d31eaab elementor-section-boxed elementor-section-height-default elementor-section-height-default\" data-id=\"d31eaab\" data-element_type=\"section\">\n\t\t\t\t\t\t<div class=\"elementor-container elementor-column-gap-default\">\n\t\t\t\t\t<div class=\"elementor-column elementor-col-50 elementor-top-column elementor-element elementor-element-7ff3f7a\" data-id=\"7ff3f7a\" data-element_type=\"column\">\n\t\t\t<div class=\"elementor-widget-wrap elementor-element-populated\">\n\t\t\t\t\t\t<div class=\"elementor-element elementor-element-dd2ef8e elementor-widget elementor-widget-image\" data-id=\"dd2ef8e\" data-element_type=\"widget\" data-widget_type=\"image.default\">\n\t\t\t\t<div class=\"elementor-widget-container\">\n\t\t\t\t\t\t\t\t\t\t\t\t\t\t\t<img loading=\"lazy\" decoding=\"async\" width=\"904\" height=\"509\" src=\"https:\/\/www.willysplan.com\/wp-content\/uploads\/2020\/07\/sagrada-familia.jpg\" class=\"attachment-large size-large wp-image-13981\" alt=\"\" srcset=\"https:\/\/www.willysplan.com\/wp-content\/uploads\/2020\/07\/sagrada-familia.jpg 904w, https:\/\/www.willysplan.com\/wp-content\/uploads\/2020\/07\/sagrada-familia-300x169.jpg 300w, https:\/\/www.willysplan.com\/wp-content\/uploads\/2020\/07\/sagrada-familia-768x432.jpg 768w, https:\/\/www.willysplan.com\/wp-content\/uploads\/2020\/07\/sagrada-familia-600x338.jpg 600w\" sizes=\"(max-width: 904px) 100vw, 904px\" \/>\t\t\t\t\t\t\t\t\t\t\t\t\t\t\t<\/div>\n\t\t\t\t<\/div>\n\t\t\t\t\t<\/div>\n\t\t<\/div>\n\t\t\t\t<div class=\"elementor-column elementor-col-50 elementor-top-column elementor-element elementor-element-7655ffa\" data-id=\"7655ffa\" data-element_type=\"column\">\n\t\t\t<div class=\"elementor-widget-wrap elementor-element-populated\">\n\t\t\t\t\t\t<div class=\"elementor-element elementor-element-64d5459 elementor-widget elementor-widget-google_maps\" data-id=\"64d5459\" data-element_type=\"widget\" data-widget_type=\"google_maps.default\">\n\t\t\t\t<div class=\"elementor-widget-container\">\n\t\t\t\t\t\t\t<div class=\"elementor-custom-embed\">\n\t\t\t<iframe loading=\"lazy\"\n\t\t\t\t\tsrc=\"https:\/\/maps.google.com\/maps?q=basilica%20Sagrada%20Fam%C3%ADlia&#038;t=m&#038;z=13&#038;output=embed&#038;iwloc=near\"\n\t\t\t\t\ttitle=\"basilica Sagrada Fam\u00edlia\"\n\t\t\t\t\taria-label=\"basilica Sagrada Fam\u00edlia\"\n\t\t\t><\/iframe>\n\t\t<\/div>\n\t\t\t\t\t\t<\/div>\n\t\t\t\t<\/div>\n\t\t\t\t\t<\/div>\n\t\t<\/div>\n\t\t\t\t\t<\/div>\n\t\t<\/section>\n\t\t\t\t<section class=\"elementor-section elementor-top-section elementor-element elementor-element-9e9ef71 elementor-section-boxed elementor-section-height-default elementor-section-height-default\" data-id=\"9e9ef71\" data-element_type=\"section\">\n\t\t\t\t\t\t<div class=\"elementor-container elementor-column-gap-default\">\n\t\t\t\t\t<div class=\"elementor-column elementor-col-100 elementor-top-column elementor-element elementor-element-5ca7731\" data-id=\"5ca7731\" data-element_type=\"column\">\n\t\t\t<div class=\"elementor-widget-wrap elementor-element-populated\">\n\t\t\t\t\t\t<div class=\"elementor-element elementor-element-1aafa5b elementor-widget elementor-widget-text-editor\" data-id=\"1aafa5b\" data-element_type=\"widget\" data-widget_type=\"text-editor.default\">\n\t\t\t\t<div class=\"elementor-widget-container\">\n\t\t\t\t\t\t\t\t\t<p>Si voleu meravellar-vos amb l&#8217;arquitectura de Gaud\u00ed, les torres de la Sagrada Fam\u00edlia ofereixen una interessant possibilitat de veure part del centre de Barcelona des de dalt. Si puges a la Torre del Naixement tindr\u00e0s una panor\u00e0mica completa de la meitat est de Barcelona i des de la Torre de la Passi\u00f3 de la zona oest. \u00c9s una meravella passejar davant de la roca esculpida de les torres i admirar les vistes des d&#8217;algun dels nombrosos balcons que completen el recorregut. \u00c9s molt important que aquesta visita la reserveu amb antelaci\u00f3, ja que estem davant del monument m\u00e9s visitat de Barcelona. Per alguna cosa ser\u00e0, no?\ud83d\ude09<\/p>\n\t\t\t\t\t\t\t\t<\/div>\n\t\t\t\t<\/div>\n\t\t\t\t\t<\/div>\n\t\t<\/div>\n\t\t\t\t\t<\/div>\n\t\t<\/section>\n\t\t\t\t<section class=\"elementor-section elementor-top-section elementor-element elementor-element-15b5636 elementor-section-boxed elementor-section-height-default elementor-section-height-default\" data-id=\"15b5636\" data-element_type=\"section\">\n\t\t\t\t\t\t<div class=\"elementor-container elementor-column-gap-default\">\n\t\t\t\t\t<div class=\"elementor-column elementor-col-100 elementor-top-column elementor-element elementor-element-bdb4769\" data-id=\"bdb4769\" data-element_type=\"column\">\n\t\t\t<div class=\"elementor-widget-wrap elementor-element-populated\">\n\t\t\t\t\t\t<div class=\"elementor-element elementor-element-b9343a2 elementor-widget elementor-widget-heading\" data-id=\"b9343a2\" data-element_type=\"widget\" data-widget_type=\"heading.default\">\n\t\t\t\t<div class=\"elementor-widget-container\">\n\t\t\t\t\t<h2 class=\"elementor-heading-title elementor-size-default\">Terrasses del MNAC (Museu Nacional d'Art de Catalunya) \n<\/h2>\t\t\t\t<\/div>\n\t\t\t\t<\/div>\n\t\t\t\t\t<\/div>\n\t\t<\/div>\n\t\t\t\t\t<\/div>\n\t\t<\/section>\n\t\t\t\t<section class=\"elementor-section elementor-top-section elementor-element elementor-element-75483c7 elementor-section-boxed elementor-section-height-default elementor-section-height-default\" data-id=\"75483c7\" data-element_type=\"section\">\n\t\t\t\t\t\t<div class=\"elementor-container elementor-column-gap-default\">\n\t\t\t\t\t<div class=\"elementor-column elementor-col-50 elementor-top-column elementor-element elementor-element-1aab861\" data-id=\"1aab861\" data-element_type=\"column\">\n\t\t\t<div class=\"elementor-widget-wrap elementor-element-populated\">\n\t\t\t\t\t\t<div class=\"elementor-element elementor-element-b5fd43b elementor-widget elementor-widget-image\" data-id=\"b5fd43b\" data-element_type=\"widget\" data-widget_type=\"image.default\">\n\t\t\t\t<div class=\"elementor-widget-container\">\n\t\t\t\t\t\t\t\t\t\t\t\t\t\t\t<img loading=\"lazy\" decoding=\"async\" width=\"595\" height=\"421\" src=\"https:\/\/www.willysplan.com\/wp-content\/uploads\/2021\/12\/mnac.jpg\" class=\"attachment-large size-large wp-image-14511\" alt=\"\" srcset=\"https:\/\/www.willysplan.com\/wp-content\/uploads\/2021\/12\/mnac.jpg 595w, https:\/\/www.willysplan.com\/wp-content\/uploads\/2021\/12\/mnac-300x212.jpg 300w\" sizes=\"(max-width: 595px) 100vw, 595px\" \/>\t\t\t\t\t\t\t\t\t\t\t\t\t\t\t<\/div>\n\t\t\t\t<\/div>\n\t\t\t\t\t<\/div>\n\t\t<\/div>\n\t\t\t\t<div class=\"elementor-column elementor-col-50 elementor-top-column elementor-element elementor-element-151e5f7\" data-id=\"151e5f7\" data-element_type=\"column\">\n\t\t\t<div class=\"elementor-widget-wrap elementor-element-populated\">\n\t\t\t\t\t\t<div class=\"elementor-element elementor-element-3e97a93 elementor-widget elementor-widget-google_maps\" data-id=\"3e97a93\" data-element_type=\"widget\" data-widget_type=\"google_maps.default\">\n\t\t\t\t<div class=\"elementor-widget-container\">\n\t\t\t\t\t\t\t<div class=\"elementor-custom-embed\">\n\t\t\t<iframe loading=\"lazy\"\n\t\t\t\t\tsrc=\"https:\/\/maps.google.com\/maps?q=Museo%20Nacional%20de%20Arte%20de%20Catalu%C3%B1a&#038;t=m&#038;z=13&#038;output=embed&#038;iwloc=near\"\n\t\t\t\t\ttitle=\"Museo Nacional de Arte de Catalu\u00f1a\"\n\t\t\t\t\taria-label=\"Museo Nacional de Arte de Catalu\u00f1a\"\n\t\t\t><\/iframe>\n\t\t<\/div>\n\t\t\t\t\t\t<\/div>\n\t\t\t\t<\/div>\n\t\t\t\t\t<\/div>\n\t\t<\/div>\n\t\t\t\t\t<\/div>\n\t\t<\/section>\n\t\t\t\t<section class=\"elementor-section elementor-top-section elementor-element elementor-element-125a922 elementor-section-boxed elementor-section-height-default elementor-section-height-default\" data-id=\"125a922\" data-element_type=\"section\">\n\t\t\t\t\t\t<div class=\"elementor-container elementor-column-gap-default\">\n\t\t\t\t\t<div class=\"elementor-column elementor-col-100 elementor-top-column elementor-element elementor-element-4016297\" data-id=\"4016297\" data-element_type=\"column\">\n\t\t\t<div class=\"elementor-widget-wrap elementor-element-populated\">\n\t\t\t\t\t\t<div class=\"elementor-element elementor-element-f575834 elementor-widget elementor-widget-text-editor\" data-id=\"f575834\" data-element_type=\"widget\" data-widget_type=\"text-editor.default\">\n\t\t\t\t<div class=\"elementor-widget-container\">\n\t\t\t\t\t\t\t\t\t<p>El Museu Nacional d\u00b4Art de Catalunya, a m\u00e9s de tenir una de les col\u00b7leccions d\u00b4art rom\u00e0nic m\u00e9s importants del m\u00f3n, t\u00e9 alguns dels llocs amb millors vistes de Barcelona.<\/p>\n<p>Amb una situaci\u00f3 privilegiada a la muntanya de Montju\u00efc, aquest museu situat al?interior de l?enorme Palau Nacional, va obrir fa uns anys dues terrasses; la primera amb vista a l&#8217;Avinguda Reina Cristina, la Font de Montju\u00efc, la Pla\u00e7a Espanya, fins a la llunyana Torre de Collserola i el Tibidabo i la segona en qu\u00e8 destaquen entre els edificis de la ciutat, la Sagrada Fam\u00edlia i la Torre Agbar. \u00c9s en aquest segon mirador on tamb\u00e9 podeu veure una part de l&#8217;Anell Ol\u00edmpic amb el Palau Sant Jordi, la Torre de Telecomunicacions i l&#8217;Estadi Ol\u00edmpic Llu\u00eds Companys. Et recomanem aquest indret especialment a la nit, quan la Font M\u00e0gica (Font M\u00e0gica) est\u00e0 encesa. Impressionant!<\/p>\n\t\t\t\t\t\t\t\t<\/div>\n\t\t\t\t<\/div>\n\t\t\t\t\t<\/div>\n\t\t<\/div>\n\t\t\t\t\t<\/div>\n\t\t<\/section>\n\t\t\t\t<section class=\"elementor-section elementor-top-section elementor-element elementor-element-e9b80a3 elementor-section-boxed elementor-section-height-default elementor-section-height-default\" data-id=\"e9b80a3\" data-element_type=\"section\">\n\t\t\t\t\t\t<div class=\"elementor-container elementor-column-gap-default\">\n\t\t\t\t\t<div class=\"elementor-column elementor-col-100 elementor-top-column elementor-element elementor-element-9dd7f69\" data-id=\"9dd7f69\" data-element_type=\"column\">\n\t\t\t<div class=\"elementor-widget-wrap elementor-element-populated\">\n\t\t\t\t\t\t<div class=\"elementor-element elementor-element-6e58283 elementor-widget elementor-widget-heading\" data-id=\"6e58283\" data-element_type=\"widget\" data-widget_type=\"heading.default\">\n\t\t\t\t<div class=\"elementor-widget-container\">\n\t\t\t\t\t<h2 class=\"elementor-heading-title elementor-size-default\">Bas\u00edlica Santa Maria del Pi\n<\/h2>\t\t\t\t<\/div>\n\t\t\t\t<\/div>\n\t\t\t\t\t<\/div>\n\t\t<\/div>\n\t\t\t\t\t<\/div>\n\t\t<\/section>\n\t\t\t\t<section class=\"elementor-section elementor-top-section elementor-element elementor-element-7f43acc elementor-section-boxed elementor-section-height-default elementor-section-height-default\" data-id=\"7f43acc\" data-element_type=\"section\">\n\t\t\t\t\t\t<div class=\"elementor-container elementor-column-gap-default\">\n\t\t\t\t\t<div class=\"elementor-column elementor-col-50 elementor-top-column elementor-element elementor-element-02588a6\" data-id=\"02588a6\" data-element_type=\"column\">\n\t\t\t<div class=\"elementor-widget-wrap elementor-element-populated\">\n\t\t\t\t\t\t<div class=\"elementor-element elementor-element-3e17668 elementor-widget elementor-widget-image\" data-id=\"3e17668\" data-element_type=\"widget\" data-widget_type=\"image.default\">\n\t\t\t\t<div class=\"elementor-widget-container\">\n\t\t\t\t\t\t\t\t\t\t\t\t\t\t\t<img loading=\"lazy\" decoding=\"async\" width=\"717\" height=\"394\" src=\"https:\/\/www.willysplan.com\/wp-content\/uploads\/2021\/12\/basilicasantamariadelpi.jpg\" class=\"attachment-large size-large wp-image-14505\" alt=\"\" srcset=\"https:\/\/www.willysplan.com\/wp-content\/uploads\/2021\/12\/basilicasantamariadelpi.jpg 717w, https:\/\/www.willysplan.com\/wp-content\/uploads\/2021\/12\/basilicasantamariadelpi-300x165.jpg 300w, https:\/\/www.willysplan.com\/wp-content\/uploads\/2021\/12\/basilicasantamariadelpi-600x330.jpg 600w\" sizes=\"(max-width: 717px) 100vw, 717px\" \/>\t\t\t\t\t\t\t\t\t\t\t\t\t\t\t<\/div>\n\t\t\t\t<\/div>\n\t\t\t\t\t<\/div>\n\t\t<\/div>\n\t\t\t\t<div class=\"elementor-column elementor-col-50 elementor-top-column elementor-element elementor-element-5a097cc\" data-id=\"5a097cc\" data-element_type=\"column\">\n\t\t\t<div class=\"elementor-widget-wrap elementor-element-populated\">\n\t\t\t\t\t\t<div class=\"elementor-element elementor-element-b0d1a3a elementor-widget elementor-widget-google_maps\" data-id=\"b0d1a3a\" data-element_type=\"widget\" data-widget_type=\"google_maps.default\">\n\t\t\t\t<div class=\"elementor-widget-container\">\n\t\t\t\t\t\t\t<div class=\"elementor-custom-embed\">\n\t\t\t<iframe loading=\"lazy\"\n\t\t\t\t\tsrc=\"https:\/\/maps.google.com\/maps?q=Bas%C3%ADlica%20Santa%20Maria%20del%20Pi&#038;t=m&#038;z=13&#038;output=embed&#038;iwloc=near\"\n\t\t\t\t\ttitle=\"Bas\u00edlica Santa Maria del Pi\"\n\t\t\t\t\taria-label=\"Bas\u00edlica Santa Maria del Pi\"\n\t\t\t><\/iframe>\n\t\t<\/div>\n\t\t\t\t\t\t<\/div>\n\t\t\t\t<\/div>\n\t\t\t\t\t<\/div>\n\t\t<\/div>\n\t\t\t\t\t<\/div>\n\t\t<\/section>\n\t\t\t\t<section class=\"elementor-section elementor-top-section elementor-element elementor-element-7d32784 elementor-section-boxed elementor-section-height-default elementor-section-height-default\" data-id=\"7d32784\" data-element_type=\"section\">\n\t\t\t\t\t\t<div class=\"elementor-container elementor-column-gap-default\">\n\t\t\t\t\t<div class=\"elementor-column elementor-col-100 elementor-top-column elementor-element elementor-element-a5fbe18\" data-id=\"a5fbe18\" data-element_type=\"column\">\n\t\t\t<div class=\"elementor-widget-wrap elementor-element-populated\">\n\t\t\t\t\t\t<div class=\"elementor-element elementor-element-3baf7dc elementor-widget elementor-widget-text-editor\" data-id=\"3baf7dc\" data-element_type=\"widget\" data-widget_type=\"text-editor.default\">\n\t\t\t\t<div class=\"elementor-widget-container\">\n\t\t\t\t\t\t\t\t\t<p>La bas\u00edlica de Santa Maria del Pi, al cor del <strong>Barri G\u00f2tic<\/strong> , \u00e9s una joia arquitect\u00f2nica que injustament passa una mica desapercebuda davant de la catedral, per\u00f2 que no t\u00e9 res a envejar. \u00c9s m\u00e9s, a dalt del seu campanar amaga un dels millors miradors de Barcelona.<\/p>\n<p>La llegenda explica que l&#8217;esgl\u00e9sia s&#8217;aixeca al lloc on un pescador va trobar la imatge de la Mare de D\u00e9u. Era dins del tronc d&#8217;un pi que va talar per fer-se una barca. D&#8217;aqu\u00ed ve all\u00f2 de \u201cMar\u00eda del Pino\u201d, <em>pi<\/em> en catal\u00e0.<\/p>\n<p>Aquesta esgl\u00e9sia d&#8217;estil g\u00f2tic destaca al seu interior per les seves vidrieres fant\u00e0stiques, una gran volta i una important col\u00b7lecci\u00f3 d&#8217;orfebreria catalana. A m\u00e9s, en ser una visita guiada, mentre vas pujant els 54 metres d&#8217;al\u00e7ada, per la seva estreta escala de cargol, anir\u00e0s coneixent la hist\u00f2ria i el m\u00e8tode de construcci\u00f3 de la torre.<br \/>A la part final veureu les seves 6 campanes anteriors al segle XVIII, des d&#8217;on gaudireu d&#8217;unes vistes \u00faniques de tot el centre hist\u00f2ric i tota la ciutat, nom\u00e9s superades per la seva espectacular terrassa, des d&#8217;on les vistes panor\u00e0miques de 360 graus s\u00f3n simplement incre\u00efbles.<\/p>\n<p>Si vols gaudir d&#8217;altres miradors de Barcelona a esgl\u00e9sies, tens tamb\u00e9 la terrassa de la Bas\u00edlica de Santa Maria del Mar la Bas\u00edlica dels Sants M\u00e0rtirs Just i Pastor i per descomptat les terrasses de la Catedral de Barcelona, on et trobes cara a cara amb la agulles de les torres. <\/p>\n<p>Per entrar a la catedral, cal pagar: de dilluns a divendres de adults de 10hs a 18hs, 4\u20ac si vas per lliure o 8,5\u20ac si sol\u00b7licites una visita guiada i pujada al campanar. Per\u00f2 per sort, hi ha la possibilitat de poder accedir-hi de forma gratu\u00efta (sense opci\u00f3 a accedir als espais muse\u00edstics) cada dia de dilluns a divendres fora de l&#8217;horari anteriorment esmentat, i diumenges al mat\u00ed.<\/p>\n\t\t\t\t\t\t\t\t<\/div>\n\t\t\t\t<\/div>\n\t\t\t\t\t<\/div>\n\t\t<\/div>\n\t\t\t\t\t<\/div>\n\t\t<\/section>\n\t\t\t\t<section class=\"elementor-section elementor-top-section elementor-element elementor-element-34ec1f0 elementor-section-boxed elementor-section-height-default elementor-section-height-default\" data-id=\"34ec1f0\" data-element_type=\"section\">\n\t\t\t\t\t\t<div class=\"elementor-container elementor-column-gap-default\">\n\t\t\t\t\t<div class=\"elementor-column elementor-col-100 elementor-top-column elementor-element elementor-element-5189822\" data-id=\"5189822\" data-element_type=\"column\">\n\t\t\t<div class=\"elementor-widget-wrap elementor-element-populated\">\n\t\t\t\t\t\t<div class=\"elementor-element elementor-element-20eb4c8 elementor-widget elementor-widget-heading\" data-id=\"20eb4c8\" data-element_type=\"widget\" data-widget_type=\"heading.default\">\n\t\t\t\t<div class=\"elementor-widget-container\">\n\t\t\t\t\t<h2 class=\"elementor-heading-title elementor-size-default\">Centre Comercial Las Arenas<\/h2>\t\t\t\t<\/div>\n\t\t\t\t<\/div>\n\t\t\t\t\t<\/div>\n\t\t<\/div>\n\t\t\t\t\t<\/div>\n\t\t<\/section>\n\t\t\t\t<section class=\"elementor-section elementor-top-section elementor-element elementor-element-6342444 elementor-section-boxed elementor-section-height-default elementor-section-height-default\" data-id=\"6342444\" data-element_type=\"section\">\n\t\t\t\t\t\t<div class=\"elementor-container elementor-column-gap-default\">\n\t\t\t\t\t<div class=\"elementor-column elementor-col-50 elementor-top-column elementor-element elementor-element-e31b27e\" data-id=\"e31b27e\" data-element_type=\"column\">\n\t\t\t<div class=\"elementor-widget-wrap elementor-element-populated\">\n\t\t\t\t\t\t<div class=\"elementor-element elementor-element-3534196 elementor-widget elementor-widget-image\" data-id=\"3534196\" data-element_type=\"widget\" data-widget_type=\"image.default\">\n\t\t\t\t<div class=\"elementor-widget-container\">\n\t\t\t\t\t\t\t\t\t\t\t\t\t\t\t<img loading=\"lazy\" decoding=\"async\" width=\"668\" height=\"424\" src=\"https:\/\/www.willysplan.com\/wp-content\/uploads\/2021\/12\/arenasdebarcelona.jpg\" class=\"attachment-large size-large wp-image-14503\" alt=\"las arenas de barcelona\" srcset=\"https:\/\/www.willysplan.com\/wp-content\/uploads\/2021\/12\/arenasdebarcelona.jpg 668w, https:\/\/www.willysplan.com\/wp-content\/uploads\/2021\/12\/arenasdebarcelona-300x190.jpg 300w, https:\/\/www.willysplan.com\/wp-content\/uploads\/2021\/12\/arenasdebarcelona-600x381.jpg 600w\" sizes=\"(max-width: 668px) 100vw, 668px\" \/>\t\t\t\t\t\t\t\t\t\t\t\t\t\t\t<\/div>\n\t\t\t\t<\/div>\n\t\t\t\t\t<\/div>\n\t\t<\/div>\n\t\t\t\t<div class=\"elementor-column elementor-col-50 elementor-top-column elementor-element elementor-element-8f2c6cb\" data-id=\"8f2c6cb\" data-element_type=\"column\">\n\t\t\t<div class=\"elementor-widget-wrap elementor-element-populated\">\n\t\t\t\t\t\t<div class=\"elementor-element elementor-element-17fc9b5 elementor-widget elementor-widget-google_maps\" data-id=\"17fc9b5\" data-element_type=\"widget\" data-widget_type=\"google_maps.default\">\n\t\t\t\t<div class=\"elementor-widget-container\">\n\t\t\t\t\t\t\t<div class=\"elementor-custom-embed\">\n\t\t\t<iframe loading=\"lazy\"\n\t\t\t\t\tsrc=\"https:\/\/maps.google.com\/maps?q=Arenas%20de%20Barcelona&#038;t=m&#038;z=13&#038;output=embed&#038;iwloc=near\"\n\t\t\t\t\ttitle=\"Arenas de Barcelona\"\n\t\t\t\t\taria-label=\"Arenas de Barcelona\"\n\t\t\t><\/iframe>\n\t\t<\/div>\n\t\t\t\t\t\t<\/div>\n\t\t\t\t<\/div>\n\t\t\t\t\t<\/div>\n\t\t<\/div>\n\t\t\t\t\t<\/div>\n\t\t<\/section>\n\t\t\t\t<section class=\"elementor-section elementor-top-section elementor-element elementor-element-7954886 elementor-section-boxed elementor-section-height-default elementor-section-height-default\" data-id=\"7954886\" data-element_type=\"section\">\n\t\t\t\t\t\t<div class=\"elementor-container elementor-column-gap-default\">\n\t\t\t\t\t<div class=\"elementor-column elementor-col-100 elementor-top-column elementor-element elementor-element-35c2468\" data-id=\"35c2468\" data-element_type=\"column\">\n\t\t\t<div class=\"elementor-widget-wrap elementor-element-populated\">\n\t\t\t\t\t\t<div class=\"elementor-element elementor-element-307b3cf elementor-widget elementor-widget-text-editor\" data-id=\"307b3cf\" data-element_type=\"widget\" data-widget_type=\"text-editor.default\">\n\t\t\t\t<div class=\"elementor-widget-container\">\n\t\t\t\t\t\t\t\t\t<p>Has sentit a parlar sobre el mirador de Las arenas per\u00f2 no saps on \u00e9s? Tranquil, en aquest article t&#8217;ho expliquem.<\/p>\n<p>Despr\u00e9s d&#8217;un llarg proc\u00e9s de renovaci\u00f3, l&#8217;antiga pla\u00e7a de bous de la Ciutat Comtal va ser reconvertida en un centre comercial. Han mantingut l&#8217;aspecte i l&#8217;estructura original i encara que a l&#8217;interior \u00e9s com un centre comercial qualsevol, la seva darrera planta \u00e9s un fant\u00e0stic mirador panor\u00e0mic per gaudir de vistes de la Pla\u00e7a Espanya i el Palau Nacional. En aquesta mateixa planta tamb\u00e9 hi trobes una gran varietat de bars i restaurants que tamb\u00e9 s\u00f3n molt bons miradors a Barcelona.<\/p>\n\t\t\t\t\t\t\t\t<\/div>\n\t\t\t\t<\/div>\n\t\t\t\t\t<\/div>\n\t\t<\/div>\n\t\t\t\t\t<\/div>\n\t\t<\/section>\n\t\t\t\t<section class=\"elementor-section elementor-top-section elementor-element elementor-element-a7d514b elementor-section-boxed elementor-section-height-default elementor-section-height-default\" data-id=\"a7d514b\" data-element_type=\"section\">\n\t\t\t\t\t\t<div class=\"elementor-container elementor-column-gap-default\">\n\t\t\t\t\t<div class=\"elementor-column elementor-col-100 elementor-top-column elementor-element elementor-element-4a526ca\" data-id=\"4a526ca\" data-element_type=\"column\">\n\t\t\t<div class=\"elementor-widget-wrap elementor-element-populated\">\n\t\t\t\t\t\t<div class=\"elementor-element elementor-element-4249fe3 elementor-widget elementor-widget-heading\" data-id=\"4249fe3\" data-element_type=\"widget\" data-widget_type=\"heading.default\">\n\t\t\t\t<div class=\"elementor-widget-container\">\n\t\t\t\t\t<h2 class=\"elementor-heading-title elementor-size-default\">Torre de Collserola<\/h2>\t\t\t\t<\/div>\n\t\t\t\t<\/div>\n\t\t\t\t\t<\/div>\n\t\t<\/div>\n\t\t\t\t\t<\/div>\n\t\t<\/section>\n\t\t\t\t<section class=\"elementor-section elementor-top-section elementor-element elementor-element-59d2144 elementor-section-boxed elementor-section-height-default elementor-section-height-default\" data-id=\"59d2144\" data-element_type=\"section\">\n\t\t\t\t\t\t<div class=\"elementor-container elementor-column-gap-default\">\n\t\t\t\t\t<div class=\"elementor-column elementor-col-50 elementor-top-column elementor-element elementor-element-f37d77b\" data-id=\"f37d77b\" data-element_type=\"column\">\n\t\t\t<div class=\"elementor-widget-wrap elementor-element-populated\">\n\t\t\t\t\t\t<div class=\"elementor-element elementor-element-c9e07f2 elementor-widget elementor-widget-image\" data-id=\"c9e07f2\" data-element_type=\"widget\" data-widget_type=\"image.default\">\n\t\t\t\t<div class=\"elementor-widget-container\">\n\t\t\t\t\t\t\t\t\t\t\t\t\t\t\t<img loading=\"lazy\" decoding=\"async\" width=\"1024\" height=\"610\" src=\"https:\/\/www.willysplan.com\/wp-content\/uploads\/2022\/05\/torre-collserola-1024x610.png\" class=\"attachment-large size-large wp-image-14789\" alt=\"\" srcset=\"https:\/\/www.willysplan.com\/wp-content\/uploads\/2022\/05\/torre-collserola-1024x610.png 1024w, https:\/\/www.willysplan.com\/wp-content\/uploads\/2022\/05\/torre-collserola-300x179.png 300w, https:\/\/www.willysplan.com\/wp-content\/uploads\/2022\/05\/torre-collserola-768x457.png 768w, https:\/\/www.willysplan.com\/wp-content\/uploads\/2022\/05\/torre-collserola-600x357.png 600w, https:\/\/www.willysplan.com\/wp-content\/uploads\/2022\/05\/torre-collserola.png 1345w\" sizes=\"(max-width: 1024px) 100vw, 1024px\" \/>\t\t\t\t\t\t\t\t\t\t\t\t\t\t\t<\/div>\n\t\t\t\t<\/div>\n\t\t\t\t\t<\/div>\n\t\t<\/div>\n\t\t\t\t<div class=\"elementor-column elementor-col-50 elementor-top-column elementor-element elementor-element-4f6fb1c\" data-id=\"4f6fb1c\" data-element_type=\"column\">\n\t\t\t<div class=\"elementor-widget-wrap elementor-element-populated\">\n\t\t\t\t\t\t<div class=\"elementor-element elementor-element-21e7b5f elementor-widget elementor-widget-google_maps\" data-id=\"21e7b5f\" data-element_type=\"widget\" data-widget_type=\"google_maps.default\">\n\t\t\t\t<div class=\"elementor-widget-container\">\n\t\t\t\t\t\t\t<div class=\"elementor-custom-embed\">\n\t\t\t<iframe loading=\"lazy\"\n\t\t\t\t\tsrc=\"https:\/\/maps.google.com\/maps?q=Cam%C3%AD%20de%20Vallvidrera%20al%20Tibidabo%2C%2030&#038;t=m&#038;z=13&#038;output=embed&#038;iwloc=near\"\n\t\t\t\t\ttitle=\"Cam\u00ed de Vallvidrera al Tibidabo, 30\"\n\t\t\t\t\taria-label=\"Cam\u00ed de Vallvidrera al Tibidabo, 30\"\n\t\t\t><\/iframe>\n\t\t<\/div>\n\t\t\t\t\t\t<\/div>\n\t\t\t\t<\/div>\n\t\t\t\t\t<\/div>\n\t\t<\/div>\n\t\t\t\t\t<\/div>\n\t\t<\/section>\n\t\t\t\t<section class=\"elementor-section elementor-top-section elementor-element elementor-element-70ab6a1 elementor-section-boxed elementor-section-height-default elementor-section-height-default\" data-id=\"70ab6a1\" data-element_type=\"section\">\n\t\t\t\t\t\t<div class=\"elementor-container elementor-column-gap-default\">\n\t\t\t\t\t<div class=\"elementor-column elementor-col-100 elementor-top-column elementor-element elementor-element-52e5af7\" data-id=\"52e5af7\" data-element_type=\"column\">\n\t\t\t<div class=\"elementor-widget-wrap elementor-element-populated\">\n\t\t\t\t\t\t<div class=\"elementor-element elementor-element-39be2a3 elementor-widget elementor-widget-text-editor\" data-id=\"39be2a3\" data-element_type=\"widget\" data-widget_type=\"text-editor.default\">\n\t\t\t\t<div class=\"elementor-widget-container\">\n\t\t\t\t\t\t\t\t\t<p>Si us agrada la natura i les bones vistes, us recomanem encaridament aquest lloc. El mirador que trobareu a la Torre de Collserola, \u00e9s un dels m\u00e9s carism\u00e0tics i secrets de la ciutat de Barcelona. \u00c9s un mirador que encara que no sigui gaire conegut, trobar\u00e0s for\u00e7a gent circulant, ja que \u00e9s una via de pas per a tots els que volen arribar a peu al Tibidabo. De fet, seguint el cam\u00ed (molt ben marcat per cert), podeu arribar al mateix parc d&#8217;atraccions, on gaudir d&#8217;altres incre\u00efbles vistes de Barcelona.<\/p>\n\t\t\t\t\t\t\t\t<\/div>\n\t\t\t\t<\/div>\n\t\t\t\t\t<\/div>\n\t\t<\/div>\n\t\t\t\t\t<\/div>\n\t\t<\/section>\n\t\t\t\t<section class=\"elementor-section elementor-top-section elementor-element elementor-element-f04584a elementor-section-boxed elementor-section-height-default elementor-section-height-default\" data-id=\"f04584a\" data-element_type=\"section\">\n\t\t\t\t\t\t<div class=\"elementor-container elementor-column-gap-default\">\n\t\t\t\t\t<div class=\"elementor-column elementor-col-100 elementor-top-column elementor-element elementor-element-731b34e\" data-id=\"731b34e\" data-element_type=\"column\">\n\t\t\t<div class=\"elementor-widget-wrap elementor-element-populated\">\n\t\t\t\t\t\t<div class=\"elementor-element elementor-element-e0ceaac elementor-widget elementor-widget-heading\" data-id=\"e0ceaac\" data-element_type=\"widget\" data-widget_type=\"heading.default\">\n\t\t\t\t<div class=\"elementor-widget-container\">\n\t\t\t\t\t<h2 class=\"elementor-heading-title elementor-size-default\">Mirador del Tibidabo<\/h2>\t\t\t\t<\/div>\n\t\t\t\t<\/div>\n\t\t\t\t\t<\/div>\n\t\t<\/div>\n\t\t\t\t\t<\/div>\n\t\t<\/section>\n\t\t\t\t<section class=\"elementor-section elementor-top-section elementor-element elementor-element-3144c34 elementor-section-boxed elementor-section-height-default elementor-section-height-default\" data-id=\"3144c34\" data-element_type=\"section\">\n\t\t\t\t\t\t<div class=\"elementor-container elementor-column-gap-default\">\n\t\t\t\t\t<div class=\"elementor-column elementor-col-50 elementor-top-column elementor-element elementor-element-ca1a211\" data-id=\"ca1a211\" data-element_type=\"column\">\n\t\t\t<div class=\"elementor-widget-wrap elementor-element-populated\">\n\t\t\t\t\t\t<div class=\"elementor-element elementor-element-80498af elementor-widget elementor-widget-image\" data-id=\"80498af\" data-element_type=\"widget\" data-widget_type=\"image.default\">\n\t\t\t\t<div class=\"elementor-widget-container\">\n\t\t\t\t\t\t\t\t\t\t\t\t\t\t\t<img loading=\"lazy\" decoding=\"async\" width=\"905\" height=\"563\" src=\"https:\/\/www.willysplan.com\/wp-content\/uploads\/2020\/11\/mirador-del-tibidabo.jpg\" class=\"attachment-large size-large wp-image-13233\" alt=\"\" srcset=\"https:\/\/www.willysplan.com\/wp-content\/uploads\/2020\/11\/mirador-del-tibidabo.jpg 905w, https:\/\/www.willysplan.com\/wp-content\/uploads\/2020\/11\/mirador-del-tibidabo-300x187.jpg 300w, https:\/\/www.willysplan.com\/wp-content\/uploads\/2020\/11\/mirador-del-tibidabo-768x478.jpg 768w, https:\/\/www.willysplan.com\/wp-content\/uploads\/2020\/11\/mirador-del-tibidabo-643x400.jpg 643w, https:\/\/www.willysplan.com\/wp-content\/uploads\/2020\/11\/mirador-del-tibidabo-585x364.jpg 585w, https:\/\/www.willysplan.com\/wp-content\/uploads\/2020\/11\/mirador-del-tibidabo-600x373.jpg 600w\" sizes=\"(max-width: 905px) 100vw, 905px\" \/>\t\t\t\t\t\t\t\t\t\t\t\t\t\t\t<\/div>\n\t\t\t\t<\/div>\n\t\t\t\t\t<\/div>\n\t\t<\/div>\n\t\t\t\t<div class=\"elementor-column elementor-col-50 elementor-top-column elementor-element elementor-element-b87333e\" data-id=\"b87333e\" data-element_type=\"column\">\n\t\t\t<div class=\"elementor-widget-wrap elementor-element-populated\">\n\t\t\t\t\t\t<div class=\"elementor-element elementor-element-ab54a32 elementor-widget elementor-widget-google_maps\" data-id=\"ab54a32\" data-element_type=\"widget\" data-widget_type=\"google_maps.default\">\n\t\t\t\t<div class=\"elementor-widget-container\">\n\t\t\t\t\t\t\t<div class=\"elementor-custom-embed\">\n\t\t\t<iframe loading=\"lazy\"\n\t\t\t\t\tsrc=\"https:\/\/maps.google.com\/maps?q=tibidabo&#038;t=m&#038;z=13&#038;output=embed&#038;iwloc=near\"\n\t\t\t\t\ttitle=\"tibidabo\"\n\t\t\t\t\taria-label=\"tibidabo\"\n\t\t\t><\/iframe>\n\t\t<\/div>\n\t\t\t\t\t\t<\/div>\n\t\t\t\t<\/div>\n\t\t\t\t\t<\/div>\n\t\t<\/div>\n\t\t\t\t\t<\/div>\n\t\t<\/section>\n\t\t\t\t<section class=\"elementor-section elementor-top-section elementor-element elementor-element-74ea2db elementor-section-boxed elementor-section-height-default elementor-section-height-default\" data-id=\"74ea2db\" data-element_type=\"section\">\n\t\t\t\t\t\t<div class=\"elementor-container elementor-column-gap-default\">\n\t\t\t\t\t<div class=\"elementor-column elementor-col-100 elementor-top-column elementor-element elementor-element-4a2f89f\" data-id=\"4a2f89f\" data-element_type=\"column\">\n\t\t\t<div class=\"elementor-widget-wrap elementor-element-populated\">\n\t\t\t\t\t\t<div class=\"elementor-element elementor-element-15ba685 elementor-widget elementor-widget-text-editor\" data-id=\"15ba685\" data-element_type=\"widget\" data-widget_type=\"text-editor.default\">\n\t\t\t\t<div class=\"elementor-widget-container\">\n\t\t\t\t\t\t\t\t\t<p>Miradors de Barcelona per anar amb cotxe? Si vols gaudir de les vistes m\u00e9s completes, encara que una mica llunyanes de la ciutat, visita la muntanya del Tibidabo. Pujant al cim que \u00e9s a 512 metres d&#8217;altura, trobareu diversos punts panor\u00e0mics que us deixaran veure no nom\u00e9s la ciutat, sin\u00f3 tota la seva \u00e0rea metropolitana.<\/p>\n<p>El mirador terrassa dins del parc d&#8217;atraccions del Tibidabo, \u00e9s un dels m\u00e9s alts que trobareu a Barcelona, des del qual podeu veure la ciutat. Al costat de les atraccions del parc, es troba tamb\u00e9 el temple expiatori del Sagrat Cor, que permet apreciar les vistes d&#8217;un punt encara m\u00e9s elevat amb la s\u00ednia de Tibidabo en primer pla. Si un altre mirador que est\u00e0 m\u00e9s o menys a la mateixa al\u00e7ada, podeu pujar a la Torre de Collserola des d&#8217;on contemplareu la ciutat, la muntanya i els boscos des de 560 metres d&#8217;al\u00e7ada.<\/p>\n<p>Per acabar la vetllada, si busques un lloc per gaudir de les millors vistes nocturnes de Barcelona amb una copa a la m\u00e0, al vessant de la muntanya del Tibidabo trobar\u00e0s bars m\u00edtics amb terrasses com el Mirablau, el Balconet i el Mirab\u00e9.<\/p>\n\t\t\t\t\t\t\t\t<\/div>\n\t\t\t\t<\/div>\n\t\t\t\t\t<\/div>\n\t\t<\/div>\n\t\t\t\t\t<\/div>\n\t\t<\/section>\n\t\t\t\t<section class=\"elementor-section elementor-top-section elementor-element elementor-element-971d10b elementor-section-boxed elementor-section-height-default elementor-section-height-default\" data-id=\"971d10b\" data-element_type=\"section\">\n\t\t\t\t\t\t<div class=\"elementor-container elementor-column-gap-default\">\n\t\t\t\t\t<div class=\"elementor-column elementor-col-100 elementor-top-column elementor-element elementor-element-2bf9e00\" data-id=\"2bf9e00\" data-element_type=\"column\">\n\t\t\t<div class=\"elementor-widget-wrap elementor-element-populated\">\n\t\t\t\t\t\t<div class=\"elementor-element elementor-element-d9ccbc1 elementor-widget elementor-widget-heading\" data-id=\"d9ccbc1\" data-element_type=\"widget\" data-widget_type=\"heading.default\">\n\t\t\t\t<div class=\"elementor-widget-container\">\n\t\t\t\t\t<h3 class=\"elementor-heading-title elementor-size-default\">Mirador de Sarri\u00e0<\/h3>\t\t\t\t<\/div>\n\t\t\t\t<\/div>\n\t\t\t\t\t<\/div>\n\t\t<\/div>\n\t\t\t\t\t<\/div>\n\t\t<\/section>\n\t\t\t\t<section class=\"elementor-section elementor-top-section elementor-element elementor-element-cf9d72b elementor-section-boxed elementor-section-height-default elementor-section-height-default\" data-id=\"cf9d72b\" data-element_type=\"section\">\n\t\t\t\t\t\t<div class=\"elementor-container elementor-column-gap-default\">\n\t\t\t\t\t<div class=\"elementor-column elementor-col-50 elementor-top-column elementor-element elementor-element-14866ad\" data-id=\"14866ad\" data-element_type=\"column\">\n\t\t\t<div class=\"elementor-widget-wrap elementor-element-populated\">\n\t\t\t\t\t\t<div class=\"elementor-element elementor-element-d428be1 elementor-widget elementor-widget-image\" data-id=\"d428be1\" data-element_type=\"widget\" data-widget_type=\"image.default\">\n\t\t\t\t<div class=\"elementor-widget-container\">\n\t\t\t\t\t\t\t\t\t\t\t\t\t\t\t<img loading=\"lazy\" decoding=\"async\" width=\"1024\" height=\"768\" src=\"https:\/\/www.willysplan.com\/wp-content\/uploads\/2021\/01\/Mirador-sarria.jpg\" class=\"attachment-large size-large wp-image-13917\" alt=\"\" srcset=\"https:\/\/www.willysplan.com\/wp-content\/uploads\/2021\/01\/Mirador-sarria.jpg 1024w, https:\/\/www.willysplan.com\/wp-content\/uploads\/2021\/01\/Mirador-sarria-300x225.jpg 300w, https:\/\/www.willysplan.com\/wp-content\/uploads\/2021\/01\/Mirador-sarria-768x576.jpg 768w, https:\/\/www.willysplan.com\/wp-content\/uploads\/2021\/01\/Mirador-sarria-760x570.jpg 760w, https:\/\/www.willysplan.com\/wp-content\/uploads\/2021\/01\/Mirador-sarria-960x720.jpg 960w, https:\/\/www.willysplan.com\/wp-content\/uploads\/2021\/01\/Mirador-sarria-533x400.jpg 533w, https:\/\/www.willysplan.com\/wp-content\/uploads\/2021\/01\/Mirador-sarria-585x439.jpg 585w, https:\/\/www.willysplan.com\/wp-content\/uploads\/2021\/01\/Mirador-sarria-600x450.jpg 600w\" sizes=\"(max-width: 1024px) 100vw, 1024px\" \/>\t\t\t\t\t\t\t\t\t\t\t\t\t\t\t<\/div>\n\t\t\t\t<\/div>\n\t\t\t\t\t<\/div>\n\t\t<\/div>\n\t\t\t\t<div class=\"elementor-column elementor-col-50 elementor-top-column elementor-element elementor-element-afb69cd\" data-id=\"afb69cd\" data-element_type=\"column\">\n\t\t\t<div class=\"elementor-widget-wrap elementor-element-populated\">\n\t\t\t\t\t\t<div class=\"elementor-element elementor-element-72dfe61 elementor-widget elementor-widget-google_maps\" data-id=\"72dfe61\" data-element_type=\"widget\" data-widget_type=\"google_maps.default\">\n\t\t\t\t<div class=\"elementor-widget-container\">\n\t\t\t\t\t\t\t<div class=\"elementor-custom-embed\">\n\t\t\t<iframe loading=\"lazy\"\n\t\t\t\t\tsrc=\"https:\/\/maps.google.com\/maps?q=mirador%20sarria&#038;t=m&#038;z=13&#038;output=embed&#038;iwloc=near\"\n\t\t\t\t\ttitle=\"mirador sarria\"\n\t\t\t\t\taria-label=\"mirador sarria\"\n\t\t\t><\/iframe>\n\t\t<\/div>\n\t\t\t\t\t\t<\/div>\n\t\t\t\t<\/div>\n\t\t\t\t\t<\/div>\n\t\t<\/div>\n\t\t\t\t\t<\/div>\n\t\t<\/section>\n\t\t\t\t<section class=\"elementor-section elementor-top-section elementor-element elementor-element-7e40040 elementor-section-boxed elementor-section-height-default elementor-section-height-default\" data-id=\"7e40040\" data-element_type=\"section\">\n\t\t\t\t\t\t<div class=\"elementor-container elementor-column-gap-default\">\n\t\t\t\t\t<div class=\"elementor-column elementor-col-100 elementor-top-column elementor-element elementor-element-c27cb23\" data-id=\"c27cb23\" data-element_type=\"column\">\n\t\t\t<div class=\"elementor-widget-wrap elementor-element-populated\">\n\t\t\t\t\t\t<div class=\"elementor-element elementor-element-4c85a5e elementor-widget elementor-widget-text-editor\" data-id=\"4c85a5e\" data-element_type=\"widget\" data-widget_type=\"text-editor.default\">\n\t\t\t\t<div class=\"elementor-widget-container\">\n\t\t\t\t\t\t\t\t\t<p>Sense allunyar-nos de la muntanya del Tibidabo, trobem una de les poques vistes que podem incloure a la nostra llista de miradors de Barcelona als quals es pot arribar amb cotxe. Ens ho trobem de fet, pujant al mateix parc d&#8217;atraccions del Tibidabo, en un dels seus molts revolts. All\u00e0 hi ha un espai on hi caben uns quants cotxes, i s\u00f3n molts els que aprofiten aquest espai per deixar el cotxe i gaudir de les vistes, fent d&#8217;aquest lloc, un altre dels nostres miradors rom\u00e0ntics a Barcelona.<\/p>\n\t\t\t\t\t\t\t\t<\/div>\n\t\t\t\t<\/div>\n\t\t\t\t\t<\/div>\n\t\t<\/div>\n\t\t\t\t\t<\/div>\n\t\t<\/section>\n\t\t\t\t<section class=\"elementor-section elementor-top-section elementor-element elementor-element-774fd5b elementor-section-boxed elementor-section-height-default elementor-section-height-default\" data-id=\"774fd5b\" data-element_type=\"section\">\n\t\t\t\t\t\t<div class=\"elementor-container elementor-column-gap-default\">\n\t\t\t\t\t<div class=\"elementor-column elementor-col-100 elementor-top-column elementor-element elementor-element-ccb3386\" data-id=\"ccb3386\" data-element_type=\"column\">\n\t\t\t<div class=\"elementor-widget-wrap elementor-element-populated\">\n\t\t\t\t\t\t<div class=\"elementor-element elementor-element-5d6c67c elementor-widget elementor-widget-heading\" data-id=\"5d6c67c\" data-element_type=\"widget\" data-widget_type=\"heading.default\">\n\t\t\t\t<div class=\"elementor-widget-container\">\n\t\t\t\t\t<h2 class=\"elementor-heading-title elementor-size-default\">Altres rutes que tamb\u00e9 et poden interessar...<\/h2>\t\t\t\t<\/div>\n\t\t\t\t<\/div>\n\t\t\t\t\t<\/div>\n\t\t<\/div>\n\t\t\t\t\t<\/div>\n\t\t<\/section>\n\t\t\t\t<section class=\"elementor-section elementor-top-section elementor-element elementor-element-b9303aa elementor-section-boxed elementor-section-height-default elementor-section-height-default\" data-id=\"b9303aa\" data-element_type=\"section\">\n\t\t\t\t\t\t<div class=\"elementor-container elementor-column-gap-default\">\n\t\t\t\t\t<div class=\"elementor-column elementor-col-100 elementor-top-column elementor-element elementor-element-4c9811a\" data-id=\"4c9811a\" data-element_type=\"column\">\n\t\t\t<div class=\"elementor-widget-wrap elementor-element-populated\">\n\t\t\t\t\t\t\t<\/div>\n\t\t<\/div>\n\t\t\t\t\t<\/div>\n\t\t<\/section>\n\t\t\t\t<\/div>\n\t\t","protected":false},"excerpt":{"rendered":"<p>Coneixes els millors miradors de Barcelona? A continuaci\u00f3 us presentem un bon repertori de les millors vistes de la ciutat de Barcelona, aix\u00ed com alguns miradors secrets que nom\u00e9s coneixen els residents i gent local. Amb una ubicaci\u00f3 privilegiada, envoltada de mar i muntanyes, Barcelona \u00e9s un lloc immillorable per gaudir de vistes espectaculars i&hellip;&nbsp;<a href=\"https:\/\/www.willysplan.com\/ca\/idees\/els-millors-miradors-de-barcelona\" rel=\"bookmark\">Llegiu m\u00e9s &raquo;<span class=\"screen-reader-text\">Els millors miradors de Barcelona<\/span><\/a><\/p>\n","protected":false},"author":1,"featured_media":14785,"comment_status":"closed","ping_status":"closed","sticky":false,"template":"","format":"standard","meta":{"neve_meta_sidebar":"","neve_meta_container":"","neve_meta_enable_content_width":"","neve_meta_content_width":0,"neve_meta_title_alignment":"","neve_meta_author_avatar":"","neve_post_elements_order":"","neve_meta_disable_header":"","neve_meta_disable_footer":"","neve_meta_disable_title":"","_joinchat":[],"footnotes":""},"categories":[462],"tags":[461],"class_list":["post-16476","post","type-post","status-publish","format-standard","has-post-thumbnail","hentry","category-idees","tag-idees"],"yoast_head":"<!-- This site is optimized with the Yoast SEO Premium plugin v20.1 (Yoast SEO v26.9) - https:\/\/yoast.com\/product\/yoast-seo-premium-wordpress\/ -->\n<title>Els 17 millors miradors de Barcelona - Willy&#039;s Plan<\/title>\n<meta name=\"description\" content=\"Coneixes ja els millors miradors de Barcelona? Descobreix aqu\u00ed la nostra selecci\u00f3 de llocs secrets amb millors vistes de Barcelona ciutat \u2705\" \/>\n<meta name=\"robots\" content=\"index, follow, max-snippet:-1, max-image-preview:large, max-video-preview:-1\" \/>\n<link rel=\"canonical\" href=\"https:\/\/willysplan.com\/ca\/idees\/els-millors-miradors-de-barcelona\" \/>\n<meta property=\"og:locale\" content=\"ca_ES\" \/>\n<meta property=\"og:type\" content=\"article\" \/>\n<meta property=\"og:title\" content=\"Els millors miradors de Barcelona\" \/>\n<meta property=\"og:description\" content=\"Coneixes ja els millors miradors de Barcelona? Descobreix aqu\u00ed la nostra selecci\u00f3 de llocs secrets amb millors vistes de Barcelona ciutat \u2705\" \/>\n<meta property=\"og:url\" content=\"https:\/\/willysplan.com\/ca\/idees\/els-millors-miradors-de-barcelona\" \/>\n<meta property=\"og:site_name\" content=\"Willy&#039;s Plan \ud83c\udf43\" \/>\n<meta property=\"article:published_time\" content=\"2022-05-08T18:01:14+00:00\" \/>\n<meta property=\"article:modified_time\" content=\"2023-07-24T05:59:27+00:00\" \/>\n<meta property=\"og:image\" content=\"https:\/\/www.willysplan.com\/wp-content\/uploads\/2022\/05\/mirador-columpio-barcelona.png\" \/>\n\t<meta property=\"og:image:width\" content=\"1187\" \/>\n\t<meta property=\"og:image:height\" content=\"728\" \/>\n\t<meta property=\"og:image:type\" content=\"image\/png\" \/>\n<meta name=\"author\" content=\"admin\" \/>\n<meta name=\"twitter:card\" content=\"summary_large_image\" \/>\n<meta name=\"twitter:label1\" content=\"Escrit per\" \/>\n\t<meta name=\"twitter:data1\" content=\"admin\" \/>\n\t<meta name=\"twitter:label2\" content=\"Temps estimat de lectura\" \/>\n\t<meta name=\"twitter:data2\" content=\"15 minuts\" \/>\n<script type=\"application\/ld+json\" class=\"yoast-schema-graph\">{\"@context\":\"https:\/\/schema.org\",\"@graph\":[{\"@type\":\"Article\",\"@id\":\"https:\/\/willysplan.com\/ca\/idees\/els-millors-miradors-de-barcelona#article\",\"isPartOf\":{\"@id\":\"https:\/\/www.willysplan.com\/ca\/idees\/els-millors-miradors-de-barcelona\"},\"author\":{\"name\":\"admin\",\"@id\":\"https:\/\/www.willysplan.com\/#\/schema\/person\/58c1527a9a42e9b18a877f14136f1d47\"},\"headline\":\"Els millors miradors de Barcelona\",\"datePublished\":\"2022-05-08T18:01:14+00:00\",\"dateModified\":\"2023-07-24T05:59:27+00:00\",\"mainEntityOfPage\":{\"@id\":\"https:\/\/www.willysplan.com\/ca\/idees\/els-millors-miradors-de-barcelona\"},\"wordCount\":3074,\"publisher\":{\"@id\":\"https:\/\/www.willysplan.com\/#organization\"},\"image\":{\"@id\":\"https:\/\/willysplan.com\/ca\/idees\/els-millors-miradors-de-barcelona#primaryimage\"},\"thumbnailUrl\":\"https:\/\/www.willysplan.com\/wp-content\/uploads\/2022\/05\/mirador-columpio-barcelona.png\",\"keywords\":[\"idees\"],\"articleSection\":[\"Idees\"],\"inLanguage\":\"ca\"},{\"@type\":\"WebPage\",\"@id\":\"https:\/\/www.willysplan.com\/ca\/idees\/els-millors-miradors-de-barcelona\",\"url\":\"https:\/\/willysplan.com\/ca\/idees\/els-millors-miradors-de-barcelona\",\"name\":\"Els 17 millors miradors de Barcelona - Willy's Plan\",\"isPartOf\":{\"@id\":\"https:\/\/www.willysplan.com\/#website\"},\"primaryImageOfPage\":{\"@id\":\"https:\/\/willysplan.com\/ca\/idees\/els-millors-miradors-de-barcelona#primaryimage\"},\"image\":{\"@id\":\"https:\/\/willysplan.com\/ca\/idees\/els-millors-miradors-de-barcelona#primaryimage\"},\"thumbnailUrl\":\"https:\/\/www.willysplan.com\/wp-content\/uploads\/2022\/05\/mirador-columpio-barcelona.png\",\"datePublished\":\"2022-05-08T18:01:14+00:00\",\"dateModified\":\"2023-07-24T05:59:27+00:00\",\"description\":\"Coneixes ja els millors miradors de Barcelona? Descobreix aqu\u00ed la nostra selecci\u00f3 de llocs secrets amb millors vistes de Barcelona ciutat \u2705\",\"inLanguage\":\"ca\",\"potentialAction\":[{\"@type\":\"ReadAction\",\"target\":[\"https:\/\/willysplan.com\/ca\/idees\/els-millors-miradors-de-barcelona\"]}]},{\"@type\":\"ImageObject\",\"inLanguage\":\"ca\",\"@id\":\"https:\/\/willysplan.com\/ca\/idees\/els-millors-miradors-de-barcelona#primaryimage\",\"url\":\"https:\/\/www.willysplan.com\/wp-content\/uploads\/2022\/05\/mirador-columpio-barcelona.png\",\"contentUrl\":\"https:\/\/www.willysplan.com\/wp-content\/uploads\/2022\/05\/mirador-columpio-barcelona.png\",\"width\":1187,\"height\":728},{\"@type\":\"WebSite\",\"@id\":\"https:\/\/www.willysplan.com\/#website\",\"url\":\"https:\/\/www.willysplan.com\/\",\"name\":\"Willy&#039;s Plan \ud83c\udf43\",\"description\":\"Escapadas y Planes de fin de semana\",\"publisher\":{\"@id\":\"https:\/\/www.willysplan.com\/#organization\"},\"potentialAction\":[{\"@type\":\"SearchAction\",\"target\":{\"@type\":\"EntryPoint\",\"urlTemplate\":\"https:\/\/www.willysplan.com\/?s={search_term_string}\"},\"query-input\":{\"@type\":\"PropertyValueSpecification\",\"valueRequired\":true,\"valueName\":\"search_term_string\"}}],\"inLanguage\":\"ca\"},{\"@type\":\"Organization\",\"@id\":\"https:\/\/www.willysplan.com\/#organization\",\"name\":\"Willy&#039;s Plan \ud83c\udf43\",\"url\":\"https:\/\/www.willysplan.com\/\",\"logo\":{\"@type\":\"ImageObject\",\"inLanguage\":\"ca\",\"@id\":\"https:\/\/www.willysplan.com\/#\/schema\/logo\/image\/\",\"url\":\"https:\/\/www.willysplan.com\/wp-content\/uploads\/2020\/04\/cropped-logo-1.png\",\"contentUrl\":\"https:\/\/www.willysplan.com\/wp-content\/uploads\/2020\/04\/cropped-logo-1.png\",\"width\":332,\"height\":332,\"caption\":\"Willy&#039;s Plan \ud83c\udf43\"},\"image\":{\"@id\":\"https:\/\/www.willysplan.com\/#\/schema\/logo\/image\/\"}},{\"@type\":\"Person\",\"@id\":\"https:\/\/www.willysplan.com\/#\/schema\/person\/58c1527a9a42e9b18a877f14136f1d47\",\"name\":\"admin\",\"image\":{\"@type\":\"ImageObject\",\"inLanguage\":\"ca\",\"@id\":\"https:\/\/www.willysplan.com\/#\/schema\/person\/image\/\",\"url\":\"https:\/\/secure.gravatar.com\/avatar\/0b8d78e655d83cc71e0a6cd6cb0f0f99929604cd70ff0f7ac1713f248945ea9d?s=96&d=mm&r=g\",\"contentUrl\":\"https:\/\/secure.gravatar.com\/avatar\/0b8d78e655d83cc71e0a6cd6cb0f0f99929604cd70ff0f7ac1713f248945ea9d?s=96&d=mm&r=g\",\"caption\":\"admin\"},\"url\":\"https:\/\/www.willysplan.com\/ca\/author\/admin\"}]}<\/script>\n<!-- \/ Yoast SEO Premium plugin. -->","yoast_head_json":{"title":"Els 17 millors miradors de Barcelona - Willy's Plan","description":"Coneixes ja els millors miradors de Barcelona? Descobreix aqu\u00ed la nostra selecci\u00f3 de llocs secrets amb millors vistes de Barcelona ciutat \u2705","robots":{"index":"index","follow":"follow","max-snippet":"max-snippet:-1","max-image-preview":"max-image-preview:large","max-video-preview":"max-video-preview:-1"},"canonical":"https:\/\/willysplan.com\/ca\/idees\/els-millors-miradors-de-barcelona","og_locale":"ca_ES","og_type":"article","og_title":"Els millors miradors de Barcelona","og_description":"Coneixes ja els millors miradors de Barcelona? Descobreix aqu\u00ed la nostra selecci\u00f3 de llocs secrets amb millors vistes de Barcelona ciutat \u2705","og_url":"https:\/\/willysplan.com\/ca\/idees\/els-millors-miradors-de-barcelona","og_site_name":"Willy&#039;s Plan \ud83c\udf43","article_published_time":"2022-05-08T18:01:14+00:00","article_modified_time":"2023-07-24T05:59:27+00:00","og_image":[{"width":1187,"height":728,"url":"https:\/\/www.willysplan.com\/wp-content\/uploads\/2022\/05\/mirador-columpio-barcelona.png","type":"image\/png"}],"author":"admin","twitter_card":"summary_large_image","twitter_misc":{"Escrit per":"admin","Temps estimat de lectura":"15 minuts"},"schema":{"@context":"https:\/\/schema.org","@graph":[{"@type":"Article","@id":"https:\/\/willysplan.com\/ca\/idees\/els-millors-miradors-de-barcelona#article","isPartOf":{"@id":"https:\/\/www.willysplan.com\/ca\/idees\/els-millors-miradors-de-barcelona"},"author":{"name":"admin","@id":"https:\/\/www.willysplan.com\/#\/schema\/person\/58c1527a9a42e9b18a877f14136f1d47"},"headline":"Els millors miradors de Barcelona","datePublished":"2022-05-08T18:01:14+00:00","dateModified":"2023-07-24T05:59:27+00:00","mainEntityOfPage":{"@id":"https:\/\/www.willysplan.com\/ca\/idees\/els-millors-miradors-de-barcelona"},"wordCount":3074,"publisher":{"@id":"https:\/\/www.willysplan.com\/#organization"},"image":{"@id":"https:\/\/willysplan.com\/ca\/idees\/els-millors-miradors-de-barcelona#primaryimage"},"thumbnailUrl":"https:\/\/www.willysplan.com\/wp-content\/uploads\/2022\/05\/mirador-columpio-barcelona.png","keywords":["idees"],"articleSection":["Idees"],"inLanguage":"ca"},{"@type":"WebPage","@id":"https:\/\/www.willysplan.com\/ca\/idees\/els-millors-miradors-de-barcelona","url":"https:\/\/willysplan.com\/ca\/idees\/els-millors-miradors-de-barcelona","name":"Els 17 millors miradors de Barcelona - Willy's Plan","isPartOf":{"@id":"https:\/\/www.willysplan.com\/#website"},"primaryImageOfPage":{"@id":"https:\/\/willysplan.com\/ca\/idees\/els-millors-miradors-de-barcelona#primaryimage"},"image":{"@id":"https:\/\/willysplan.com\/ca\/idees\/els-millors-miradors-de-barcelona#primaryimage"},"thumbnailUrl":"https:\/\/www.willysplan.com\/wp-content\/uploads\/2022\/05\/mirador-columpio-barcelona.png","datePublished":"2022-05-08T18:01:14+00:00","dateModified":"2023-07-24T05:59:27+00:00","description":"Coneixes ja els millors miradors de Barcelona? Descobreix aqu\u00ed la nostra selecci\u00f3 de llocs secrets amb millors vistes de Barcelona ciutat \u2705","inLanguage":"ca","potentialAction":[{"@type":"ReadAction","target":["https:\/\/willysplan.com\/ca\/idees\/els-millors-miradors-de-barcelona"]}]},{"@type":"ImageObject","inLanguage":"ca","@id":"https:\/\/willysplan.com\/ca\/idees\/els-millors-miradors-de-barcelona#primaryimage","url":"https:\/\/www.willysplan.com\/wp-content\/uploads\/2022\/05\/mirador-columpio-barcelona.png","contentUrl":"https:\/\/www.willysplan.com\/wp-content\/uploads\/2022\/05\/mirador-columpio-barcelona.png","width":1187,"height":728},{"@type":"WebSite","@id":"https:\/\/www.willysplan.com\/#website","url":"https:\/\/www.willysplan.com\/","name":"Willy&#039;s Plan \ud83c\udf43","description":"Escapadas y Planes de fin de semana","publisher":{"@id":"https:\/\/www.willysplan.com\/#organization"},"potentialAction":[{"@type":"SearchAction","target":{"@type":"EntryPoint","urlTemplate":"https:\/\/www.willysplan.com\/?s={search_term_string}"},"query-input":{"@type":"PropertyValueSpecification","valueRequired":true,"valueName":"search_term_string"}}],"inLanguage":"ca"},{"@type":"Organization","@id":"https:\/\/www.willysplan.com\/#organization","name":"Willy&#039;s Plan \ud83c\udf43","url":"https:\/\/www.willysplan.com\/","logo":{"@type":"ImageObject","inLanguage":"ca","@id":"https:\/\/www.willysplan.com\/#\/schema\/logo\/image\/","url":"https:\/\/www.willysplan.com\/wp-content\/uploads\/2020\/04\/cropped-logo-1.png","contentUrl":"https:\/\/www.willysplan.com\/wp-content\/uploads\/2020\/04\/cropped-logo-1.png","width":332,"height":332,"caption":"Willy&#039;s Plan \ud83c\udf43"},"image":{"@id":"https:\/\/www.willysplan.com\/#\/schema\/logo\/image\/"}},{"@type":"Person","@id":"https:\/\/www.willysplan.com\/#\/schema\/person\/58c1527a9a42e9b18a877f14136f1d47","name":"admin","image":{"@type":"ImageObject","inLanguage":"ca","@id":"https:\/\/www.willysplan.com\/#\/schema\/person\/image\/","url":"https:\/\/secure.gravatar.com\/avatar\/0b8d78e655d83cc71e0a6cd6cb0f0f99929604cd70ff0f7ac1713f248945ea9d?s=96&d=mm&r=g","contentUrl":"https:\/\/secure.gravatar.com\/avatar\/0b8d78e655d83cc71e0a6cd6cb0f0f99929604cd70ff0f7ac1713f248945ea9d?s=96&d=mm&r=g","caption":"admin"},"url":"https:\/\/www.willysplan.com\/ca\/author\/admin"}]}},"_links":{"self":[{"href":"https:\/\/www.willysplan.com\/ca\/wp-json\/wp\/v2\/posts\/16476","targetHints":{"allow":["GET"]}}],"collection":[{"href":"https:\/\/www.willysplan.com\/ca\/wp-json\/wp\/v2\/posts"}],"about":[{"href":"https:\/\/www.willysplan.com\/ca\/wp-json\/wp\/v2\/types\/post"}],"author":[{"embeddable":true,"href":"https:\/\/www.willysplan.com\/ca\/wp-json\/wp\/v2\/users\/1"}],"replies":[{"embeddable":true,"href":"https:\/\/www.willysplan.com\/ca\/wp-json\/wp\/v2\/comments?post=16476"}],"version-history":[{"count":10,"href":"https:\/\/www.willysplan.com\/ca\/wp-json\/wp\/v2\/posts\/16476\/revisions"}],"predecessor-version":[{"id":21533,"href":"https:\/\/www.willysplan.com\/ca\/wp-json\/wp\/v2\/posts\/16476\/revisions\/21533"}],"wp:featuredmedia":[{"embeddable":true,"href":"https:\/\/www.willysplan.com\/ca\/wp-json\/wp\/v2\/media\/14785"}],"wp:attachment":[{"href":"https:\/\/www.willysplan.com\/ca\/wp-json\/wp\/v2\/media?parent=16476"}],"wp:term":[{"taxonomy":"category","embeddable":true,"href":"https:\/\/www.willysplan.com\/ca\/wp-json\/wp\/v2\/categories?post=16476"},{"taxonomy":"post_tag","embeddable":true,"href":"https:\/\/www.willysplan.com\/ca\/wp-json\/wp\/v2\/tags?post=16476"}],"curies":[{"name":"wp","href":"https:\/\/api.w.org\/{rel}","templated":true}]}}