{"id":16472,"date":"2021-10-26T21:12:59","date_gmt":"2021-10-26T20:12:59","guid":{"rendered":"https:\/\/willysplan.com\/uncategorized-ca\/els-5-millors-pobles-abandonats-a-catalunya"},"modified":"2023-07-24T06:43:24","modified_gmt":"2023-07-24T05:43:24","slug":"els-5-millors-pobles-abandonats-a-catalunya","status":"publish","type":"post","link":"https:\/\/www.willysplan.com\/ca\/idees\/els-5-millors-pobles-abandonats-a-catalunya","title":{"rendered":"Els 5 millors pobles abandonats a Catalunya"},"content":{"rendered":"\t\t<div data-elementor-type=\"wp-post\" data-elementor-id=\"16472\" class=\"elementor elementor-16472 elementor-8065\" data-elementor-post-type=\"post\">\n\t\t\t\t\t\t<section class=\"elementor-section elementor-top-section elementor-element elementor-element-671cd3c elementor-section-boxed elementor-section-height-default elementor-section-height-default\" data-id=\"671cd3c\" data-element_type=\"section\">\n\t\t\t\t\t\t<div class=\"elementor-container elementor-column-gap-default\">\n\t\t\t\t\t<div class=\"elementor-column elementor-col-100 elementor-top-column elementor-element elementor-element-eaffc38\" data-id=\"eaffc38\" data-element_type=\"column\">\n\t\t\t<div class=\"elementor-widget-wrap elementor-element-populated\">\n\t\t\t\t\t\t<div class=\"elementor-element elementor-element-ac561a4 elementor-widget elementor-widget-text-editor\" data-id=\"ac561a4\" data-element_type=\"widget\" data-widget_type=\"text-editor.default\">\n\t\t\t\t<div class=\"elementor-widget-container\">\n\t\t\t\t\t\t\t\t\t<p style=\"text-align: justify; background: white; margin: 0cm 0cm 11.5pt 0cm;\"><span style=\"font-family: 'Arial','sans-serif'; background: white;\">Sabies que hi ha diversos pobles abandonats a Catalunya?<\/span><\/p>\n<p style=\"text-align: justify; background: white; margin: 0cm 0cm 11.5pt 0cm;\"><span style=\"font-family: 'Arial','sans-serif'; background: white;\">A Willy&#8217;s plan t&#8217;hem preparat una selecci\u00f3 especial amb els millors pobles abandonats <span style=\"color: black;\">\ud83d\udc7b<\/span> de Catalunya perqu\u00e8 passis un esgarrif\u00f3s cap de setmana.<\/span><\/p>\n<p style=\"text-align: justify; background: white; margin: 0cm 0cm 11.5pt 0cm;\"><span style=\"font-family: 'Arial','sans-serif'; background: white;\">Si us agrada el misteri, l&#8217;adrenalina, les emocions fortes, l&#8217;aventura i sobretot el terror, no podeu deixar de fer una visita als pobles fantasmes i als pobles m\u00e9s rars de Catalunya. <\/span><\/p>\n<p style=\"text-align: justify; background: white; margin: 0cm 0cm 11.5pt 0cm;\"><span style=\"font-family: 'Arial','sans-serif'; background: white;\">Esdeveniments misteriosos i enigm\u00e0tics, localitzacions i escenaris male\u00efts, llegendes i mites del folklore m\u00e9s fosc\u2026 Descobreix els llocs m\u00e9s misteriosos i els llocs abandonats de Catalunya en un espectral i terror\u00edfic cap de setmana. Compte, qui avisa no \u00e9s tra\u00efdor! <\/span><span style=\"font-family: 'Arial','sans-serif';\">Aquests pobles fantasmes per Catalunya nom\u00e9s s\u00f3n recomanables per als amants del que \u00e9s sobrenatural o per aquells que no se suggestionen f\u00e0cilment i tenen el cor a prova de bombes. \ud83d\ude09 <\/span><\/p>\n\t\t\t\t\t\t\t\t<\/div>\n\t\t\t\t<\/div>\n\t\t\t\t\t<\/div>\n\t\t<\/div>\n\t\t\t\t\t<\/div>\n\t\t<\/section>\n\t\t\t\t<section class=\"elementor-section elementor-top-section elementor-element elementor-element-36fe8d4 elementor-section-boxed elementor-section-height-default elementor-section-height-default\" data-id=\"36fe8d4\" data-element_type=\"section\">\n\t\t\t\t\t\t<div class=\"elementor-container elementor-column-gap-default\">\n\t\t\t\t\t<div class=\"elementor-column elementor-col-100 elementor-top-column elementor-element elementor-element-da527a3\" data-id=\"da527a3\" data-element_type=\"column\">\n\t\t\t<div class=\"elementor-widget-wrap elementor-element-populated\">\n\t\t\t\t\t\t<div class=\"elementor-element elementor-element-005077d elementor-widget elementor-widget-heading\" data-id=\"005077d\" data-element_type=\"widget\" data-widget_type=\"heading.default\">\n\t\t\t\t<div class=\"elementor-widget-container\">\n\t\t\t\t\t<h2 class=\"elementor-heading-title elementor-size-default\">1. Jafra <\/h2>\t\t\t\t<\/div>\n\t\t\t\t<\/div>\n\t\t\t\t\t<\/div>\n\t\t<\/div>\n\t\t\t\t\t<\/div>\n\t\t<\/section>\n\t\t\t\t<section class=\"elementor-section elementor-top-section elementor-element elementor-element-ec7d9c0 elementor-section-boxed elementor-section-height-default elementor-section-height-default\" data-id=\"ec7d9c0\" data-element_type=\"section\">\n\t\t\t\t\t\t<div class=\"elementor-container elementor-column-gap-default\">\n\t\t\t\t\t<div class=\"elementor-column elementor-col-50 elementor-top-column elementor-element elementor-element-1bee018\" data-id=\"1bee018\" data-element_type=\"column\">\n\t\t\t<div class=\"elementor-widget-wrap elementor-element-populated\">\n\t\t\t\t\t\t<div class=\"elementor-element elementor-element-a63218a elementor-widget elementor-widget-image\" data-id=\"a63218a\" data-element_type=\"widget\" data-widget_type=\"image.default\">\n\t\t\t\t<div class=\"elementor-widget-container\">\n\t\t\t\t\t\t\t\t\t\t\t\t\t\t\t<img fetchpriority=\"high\" decoding=\"async\" width=\"761\" height=\"469\" src=\"https:\/\/www.willysplan.com\/wp-content\/uploads\/2021\/10\/Jafra.jpg\" class=\"attachment-large size-large wp-image-14397\" alt=\"\" srcset=\"https:\/\/www.willysplan.com\/wp-content\/uploads\/2021\/10\/Jafra.jpg 761w, https:\/\/www.willysplan.com\/wp-content\/uploads\/2021\/10\/Jafra-300x185.jpg 300w, https:\/\/www.willysplan.com\/wp-content\/uploads\/2021\/10\/Jafra-600x370.jpg 600w\" sizes=\"(max-width: 761px) 100vw, 761px\" \/>\t\t\t\t\t\t\t\t\t\t\t\t\t\t\t<\/div>\n\t\t\t\t<\/div>\n\t\t\t\t\t<\/div>\n\t\t<\/div>\n\t\t\t\t<div class=\"elementor-column elementor-col-50 elementor-top-column elementor-element elementor-element-8fdc606\" data-id=\"8fdc606\" data-element_type=\"column\">\n\t\t\t<div class=\"elementor-widget-wrap elementor-element-populated\">\n\t\t\t\t\t\t<div class=\"elementor-element elementor-element-e4b3fd9 elementor-widget elementor-widget-google_maps\" data-id=\"e4b3fd9\" data-element_type=\"widget\" data-widget_type=\"google_maps.default\">\n\t\t\t\t<div class=\"elementor-widget-container\">\n\t\t\t\t\t\t\t<div class=\"elementor-custom-embed\">\n\t\t\t<iframe loading=\"lazy\"\n\t\t\t\t\tsrc=\"https:\/\/maps.google.com\/maps?q=Jafra%20Barcelona&#038;t=m&#038;z=10&#038;output=embed&#038;iwloc=near\"\n\t\t\t\t\ttitle=\"Jafra Barcelona\"\n\t\t\t\t\taria-label=\"Jafra Barcelona\"\n\t\t\t><\/iframe>\n\t\t<\/div>\n\t\t\t\t\t\t<\/div>\n\t\t\t\t<\/div>\n\t\t\t\t\t<\/div>\n\t\t<\/div>\n\t\t\t\t\t<\/div>\n\t\t<\/section>\n\t\t\t\t<section class=\"elementor-section elementor-top-section elementor-element elementor-element-4e88c10 elementor-section-boxed elementor-section-height-default elementor-section-height-default\" data-id=\"4e88c10\" data-element_type=\"section\">\n\t\t\t\t\t\t<div class=\"elementor-container elementor-column-gap-default\">\n\t\t\t\t\t<div class=\"elementor-column elementor-col-100 elementor-top-column elementor-element elementor-element-8ccc3a4\" data-id=\"8ccc3a4\" data-element_type=\"column\">\n\t\t\t<div class=\"elementor-widget-wrap elementor-element-populated\">\n\t\t\t\t\t\t<div class=\"elementor-element elementor-element-39dc59f elementor-widget elementor-widget-text-editor\" data-id=\"39dc59f\" data-element_type=\"widget\" data-widget_type=\"text-editor.default\">\n\t\t\t\t<div class=\"elementor-widget-container\">\n\t\t\t\t\t\t\t\t\t<p>Jafra \u00e9s un dels pobles abandonats de Catalunya que m\u00e9s hist\u00f2ria i llegenda t\u00e9 al darrere.<\/p><p>Aquest poble, situat a prop de la comarca del Garraf, a nom\u00e9s mitja hora de l&#8217;aeroport de Barcelona, data del segle XII, conserva les ru\u00efnes d&#8217;algunes de les edificacions m\u00e9s importants i est\u00e0 abandonat des dels seixanta. La seva popularitat rau, a m\u00e9s de diverses llegendes escabroses, a les estranyes veus i psicofonies que des de fa anys se senten a l&#8217;interior del cementiri, ratificades per experts en parapsicologia.<\/p><p>Una de les llegendes terror\u00edfiques comen\u00e7a amb l&#8217;arribada d&#8217;una fam\u00edlia austr\u00edaca adinerada a una de les masies del poble. La fam\u00edlia tenia tres fills amb greus problemes de salut a qui van decidir recloure a casa. En arribar la quarta filla, la mare va morir al part ia partir d&#8217;aqu\u00ed van comen\u00e7ar a passar coses estranyes. Els altres fills van anar morint a poc a poc i la quarta nena va morir en caure a un pou a l&#8217;interior del cementiri mentre fugia del seu pare.<\/p><p>A partir d&#8217;aquest esdeveniment es diu que molts han vist la imatge espectral de la petita, passejant per les ru\u00efnes del cementiri o per alguns trams de les corbes del Garraf, que es poden escoltar els seus laments i fins i tot que hi ha diverses psicofonies per la zona.<\/p><p>A banda de la llegenda de la nena, la poblaci\u00f3 compta amb una casa encantada, un altre lloc molt freq\u00fcentat per aquells viatgers apassionats dels fen\u00f2mens paranormals. Les llegendes van en augment i tamb\u00e9 s&#8217;ha arribat a dir que a banda de termog\u00e8nesi (canvis de temperatura bruscos i inexplicables), tamb\u00e9 s&#8217;han arribat a veure ovnis. <span style=\"font-family: 'Arial','sans-serif';\">Sens dubte, Jafra \u00e9s un dels llocs m\u00e9s encantats de Barcelona. <\/span><\/p><p>T&#8217;atreveixes a descobrir si tot el que diuen sobre aquest poble abandonat de Barcelona \u00e9s cert? Aprofita i gaudeix de les nostres <strong><a href=\"https:\/\/www.willysplan.com\/ca\/rutes\/rutes-de-senderisme-i-excursions-per-barcelona-provincia\">Rutes i excursions per Barcelona prov\u00edncia<\/a><\/strong> o per les nostres <a style=\"font-weight: bold;\" href=\"https:\/\/www.willysplan.com\/ca\/rutes\/rutes-de-senderisme-i-excursions-per-barcelona-provincia\"><u>Rutes de senderisme i excursions pel Garraf<\/u> !<\/a><\/p>\t\t\t\t\t\t\t\t<\/div>\n\t\t\t\t<\/div>\n\t\t\t\t\t<\/div>\n\t\t<\/div>\n\t\t\t\t\t<\/div>\n\t\t<\/section>\n\t\t\t\t<section class=\"elementor-section elementor-top-section elementor-element elementor-element-cf26dc9 elementor-section-boxed elementor-section-height-default elementor-section-height-default\" data-id=\"cf26dc9\" data-element_type=\"section\">\n\t\t\t\t\t\t<div class=\"elementor-container elementor-column-gap-default\">\n\t\t\t\t\t<div class=\"elementor-column elementor-col-100 elementor-top-column elementor-element elementor-element-5689fda\" data-id=\"5689fda\" data-element_type=\"column\">\n\t\t\t<div class=\"elementor-widget-wrap elementor-element-populated\">\n\t\t\t\t\t\t<div class=\"elementor-element elementor-element-ec10ffc elementor-widget elementor-widget-heading\" data-id=\"ec10ffc\" data-element_type=\"widget\" data-widget_type=\"heading.default\">\n\t\t\t\t<div class=\"elementor-widget-container\">\n\t\t\t\t\t<h2 class=\"elementor-heading-title elementor-size-default\">2. Selma<\/h2>\t\t\t\t<\/div>\n\t\t\t\t<\/div>\n\t\t\t\t\t<\/div>\n\t\t<\/div>\n\t\t\t\t\t<\/div>\n\t\t<\/section>\n\t\t\t\t<section class=\"elementor-section elementor-top-section elementor-element elementor-element-36de432 elementor-section-boxed elementor-section-height-default elementor-section-height-default\" data-id=\"36de432\" data-element_type=\"section\">\n\t\t\t\t\t\t<div class=\"elementor-container elementor-column-gap-default\">\n\t\t\t\t\t<div class=\"elementor-column elementor-col-50 elementor-top-column elementor-element elementor-element-30a85ea\" data-id=\"30a85ea\" data-element_type=\"column\">\n\t\t\t<div class=\"elementor-widget-wrap elementor-element-populated\">\n\t\t\t\t\t\t<div class=\"elementor-element elementor-element-254baa4 elementor-widget elementor-widget-image\" data-id=\"254baa4\" data-element_type=\"widget\" data-widget_type=\"image.default\">\n\t\t\t\t<div class=\"elementor-widget-container\">\n\t\t\t\t\t\t\t\t\t\t\t\t\t\t\t<img decoding=\"async\" width=\"763\" height=\"495\" src=\"https:\/\/www.willysplan.com\/wp-content\/uploads\/2021\/10\/selma.jpg\" class=\"attachment-medium_large size-medium_large wp-image-14405\" alt=\"\" srcset=\"https:\/\/www.willysplan.com\/wp-content\/uploads\/2021\/10\/selma.jpg 763w, https:\/\/www.willysplan.com\/wp-content\/uploads\/2021\/10\/selma-300x195.jpg 300w, https:\/\/www.willysplan.com\/wp-content\/uploads\/2021\/10\/selma-600x389.jpg 600w\" sizes=\"(max-width: 763px) 100vw, 763px\" \/>\t\t\t\t\t\t\t\t\t\t\t\t\t\t\t<\/div>\n\t\t\t\t<\/div>\n\t\t\t\t\t<\/div>\n\t\t<\/div>\n\t\t\t\t<div class=\"elementor-column elementor-col-50 elementor-top-column elementor-element elementor-element-391cda5\" data-id=\"391cda5\" data-element_type=\"column\">\n\t\t\t<div class=\"elementor-widget-wrap elementor-element-populated\">\n\t\t\t\t\t\t<div class=\"elementor-element elementor-element-b390bb5 elementor-widget elementor-widget-google_maps\" data-id=\"b390bb5\" data-element_type=\"widget\" data-widget_type=\"google_maps.default\">\n\t\t\t\t<div class=\"elementor-widget-container\">\n\t\t\t\t\t\t\t<div class=\"elementor-custom-embed\">\n\t\t\t<iframe loading=\"lazy\"\n\t\t\t\t\tsrc=\"https:\/\/maps.google.com\/maps?q=Castillo%20de%20Selma&#038;t=m&#038;z=10&#038;output=embed&#038;iwloc=near\"\n\t\t\t\t\ttitle=\"Castillo de Selma\"\n\t\t\t\t\taria-label=\"Castillo de Selma\"\n\t\t\t><\/iframe>\n\t\t<\/div>\n\t\t\t\t\t\t<\/div>\n\t\t\t\t<\/div>\n\t\t\t\t\t<\/div>\n\t\t<\/div>\n\t\t\t\t\t<\/div>\n\t\t<\/section>\n\t\t\t\t<section class=\"elementor-section elementor-top-section elementor-element elementor-element-090337d elementor-section-boxed elementor-section-height-default elementor-section-height-default\" data-id=\"090337d\" data-element_type=\"section\">\n\t\t\t\t\t\t<div class=\"elementor-container elementor-column-gap-default\">\n\t\t\t\t\t<div class=\"elementor-column elementor-col-100 elementor-top-column elementor-element elementor-element-10259a1\" data-id=\"10259a1\" data-element_type=\"column\">\n\t\t\t<div class=\"elementor-widget-wrap elementor-element-populated\">\n\t\t\t\t\t\t<div class=\"elementor-element elementor-element-67842ef elementor-widget elementor-widget-text-editor\" data-id=\"67842ef\" data-element_type=\"widget\" data-widget_type=\"text-editor.default\">\n\t\t\t\t<div class=\"elementor-widget-container\">\n\t\t\t\t\t\t\t\t\t<p style=\"text-align: justify; background: #FAFAFA;\"><span style=\"font-family: 'Arial','sans-serif';\">Els vestigis hist\u00f2rics d\u00b4aquest poble abandonat de Catalunya a la comarca de l\u00b4Alt Camp s\u00f3n mil\u00b7lenaris i per m\u00e9s de 200 anys va estar administrat per l\u00b4Ordre del Temple.<\/span><\/p><p>Aquesta localitat, situada a Baix Pened\u00e8s, est\u00e0 deshabitada des del comen\u00e7ament del segle XX. Des de llavors, s&#8217;ha convertit en una parada obligat\u00f2ria per a amants de l&#8217;excursionisme i el cinema de terror i \u00e9s un dels llocs que fa m\u00e9s por a Catalunya.<\/p><p>Durant molt de temps s&#8217;ha parlat de la mala sort que perseguia els habitants del lloc, sobretot durant el regnat de Pere IV d&#8217;Arag\u00f3 ja que es va endeutar. M\u00e9s tard, van patir una sequera i quan es van recuperar van ser atacats progressivament pel vandalisme i durant la Guerra de Successi\u00f3 es van afusellar m\u00faltiples persones.<\/p><p>Selma \u00e9s una zona perfecta per fer <a href=\"https:\/\/www.willysplan.com\/ca\/rutes\/rutes-de-senderisme-i-excursions-per-girona-provincia\">rutes de senderisme a Catalunya,<\/a> sobretot per a aquells que a m\u00e9s a m\u00e9s volen sentir la m\u00e0gia d&#8217;un poble encantat i un dels millors llocs abandonats de Catalunya.<\/p><p>Aprofita <strong>i<\/strong> gaudeix de les nostres <a href=\"https:\/\/www.willysplan.com\/ca\/rutes\/rutes-de-senderisme-i-excursions-per-lleida-provincia\"><strong>rutes i excursions per Lleida prov\u00edncia<\/strong><\/a> <strong>!<\/strong><\/p>\t\t\t\t\t\t\t\t<\/div>\n\t\t\t\t<\/div>\n\t\t\t\t\t<\/div>\n\t\t<\/div>\n\t\t\t\t\t<\/div>\n\t\t<\/section>\n\t\t\t\t<section class=\"elementor-section elementor-top-section elementor-element elementor-element-d239615 elementor-section-boxed elementor-section-height-default elementor-section-height-default\" data-id=\"d239615\" data-element_type=\"section\">\n\t\t\t\t\t\t<div class=\"elementor-container elementor-column-gap-default\">\n\t\t\t\t\t<div class=\"elementor-column elementor-col-100 elementor-top-column elementor-element elementor-element-8823af9\" data-id=\"8823af9\" data-element_type=\"column\">\n\t\t\t<div class=\"elementor-widget-wrap elementor-element-populated\">\n\t\t\t\t\t\t<div class=\"elementor-element elementor-element-a8fdae7 elementor-widget elementor-widget-image\" data-id=\"a8fdae7\" data-element_type=\"widget\" data-widget_type=\"image.default\">\n\t\t\t\t<div class=\"elementor-widget-container\">\n\t\t\t\t\t\t\t\t\t\t\t\t\t\t\t\t<a href=\"https:\/\/www.willysplan.com\/ca\/excursions-organitzades-dun-dia-des-de-barcelona\">\n\t\t\t\t\t\t\t<img decoding=\"async\" width=\"840\" height=\"243\" src=\"https:\/\/www.willysplan.com\/wp-content\/uploads\/2020\/12\/Reservar-excursion-para-grupos-privados.png\" class=\"attachment-large size-large wp-image-15031\" alt=\"\" srcset=\"https:\/\/www.willysplan.com\/wp-content\/uploads\/2020\/12\/Reservar-excursion-para-grupos-privados.png 840w, https:\/\/www.willysplan.com\/wp-content\/uploads\/2020\/12\/Reservar-excursion-para-grupos-privados-300x87.png 300w, https:\/\/www.willysplan.com\/wp-content\/uploads\/2020\/12\/Reservar-excursion-para-grupos-privados-768x222.png 768w, https:\/\/www.willysplan.com\/wp-content\/uploads\/2020\/12\/Reservar-excursion-para-grupos-privados-600x174.png 600w, https:\/\/www.willysplan.com\/wp-content\/uploads\/2020\/12\/Reservar-excursion-para-grupos-privados-190x55.png 190w, https:\/\/www.willysplan.com\/wp-content\/uploads\/2020\/12\/Reservar-excursion-para-grupos-privados-311x90.png 311w\" sizes=\"(max-width: 840px) 100vw, 840px\" \/>\t\t\t\t\t\t\t\t<\/a>\n\t\t\t\t\t\t\t\t\t\t\t\t\t\t\t<\/div>\n\t\t\t\t<\/div>\n\t\t\t\t\t<\/div>\n\t\t<\/div>\n\t\t\t\t\t<\/div>\n\t\t<\/section>\n\t\t\t\t<section class=\"elementor-section elementor-top-section elementor-element elementor-element-228dd78 elementor-section-boxed elementor-section-height-default elementor-section-height-default\" data-id=\"228dd78\" data-element_type=\"section\">\n\t\t\t\t\t\t<div class=\"elementor-container elementor-column-gap-default\">\n\t\t\t\t\t<div class=\"elementor-column elementor-col-100 elementor-top-column elementor-element elementor-element-6fe37a6\" data-id=\"6fe37a6\" data-element_type=\"column\">\n\t\t\t<div class=\"elementor-widget-wrap elementor-element-populated\">\n\t\t\t\t\t\t<div class=\"elementor-element elementor-element-c9dcbd0 elementor-widget elementor-widget-heading\" data-id=\"c9dcbd0\" data-element_type=\"widget\" data-widget_type=\"heading.default\">\n\t\t\t\t<div class=\"elementor-widget-container\">\n\t\t\t\t\t<h2 class=\"elementor-heading-title elementor-size-default\">3. Marmellar\n<\/h2>\t\t\t\t<\/div>\n\t\t\t\t<\/div>\n\t\t\t\t\t<\/div>\n\t\t<\/div>\n\t\t\t\t\t<\/div>\n\t\t<\/section>\n\t\t\t\t<section class=\"elementor-section elementor-top-section elementor-element elementor-element-9dde891 elementor-section-boxed elementor-section-height-default elementor-section-height-default\" data-id=\"9dde891\" data-element_type=\"section\">\n\t\t\t\t\t\t<div class=\"elementor-container elementor-column-gap-default\">\n\t\t\t\t\t<div class=\"elementor-column elementor-col-50 elementor-top-column elementor-element elementor-element-efd1b5f\" data-id=\"efd1b5f\" data-element_type=\"column\">\n\t\t\t<div class=\"elementor-widget-wrap elementor-element-populated\">\n\t\t\t\t\t\t<div class=\"elementor-element elementor-element-52923a4 elementor-widget elementor-widget-image\" data-id=\"52923a4\" data-element_type=\"widget\" data-widget_type=\"image.default\">\n\t\t\t\t<div class=\"elementor-widget-container\">\n\t\t\t\t\t\t\t\t\t\t\t\t\t\t\t<img loading=\"lazy\" decoding=\"async\" width=\"858\" height=\"410\" src=\"https:\/\/www.willysplan.com\/wp-content\/uploads\/2021\/10\/marmellar.jpg\" class=\"attachment-large size-large wp-image-14403\" alt=\"\" srcset=\"https:\/\/www.willysplan.com\/wp-content\/uploads\/2021\/10\/marmellar.jpg 858w, https:\/\/www.willysplan.com\/wp-content\/uploads\/2021\/10\/marmellar-300x143.jpg 300w, https:\/\/www.willysplan.com\/wp-content\/uploads\/2021\/10\/marmellar-768x367.jpg 768w, https:\/\/www.willysplan.com\/wp-content\/uploads\/2021\/10\/marmellar-600x287.jpg 600w\" sizes=\"(max-width: 858px) 100vw, 858px\" \/>\t\t\t\t\t\t\t\t\t\t\t\t\t\t\t<\/div>\n\t\t\t\t<\/div>\n\t\t\t\t\t<\/div>\n\t\t<\/div>\n\t\t\t\t<div class=\"elementor-column elementor-col-50 elementor-top-column elementor-element elementor-element-a40f723\" data-id=\"a40f723\" data-element_type=\"column\">\n\t\t\t<div class=\"elementor-widget-wrap elementor-element-populated\">\n\t\t\t\t\t\t<div class=\"elementor-element elementor-element-8ebd04f elementor-widget elementor-widget-google_maps\" data-id=\"8ebd04f\" data-element_type=\"widget\" data-widget_type=\"google_maps.default\">\n\t\t\t\t<div class=\"elementor-widget-container\">\n\t\t\t\t\t\t\t<div class=\"elementor-custom-embed\">\n\t\t\t<iframe loading=\"lazy\"\n\t\t\t\t\tsrc=\"https:\/\/maps.google.com\/maps?q=Marmellar&#038;t=m&#038;z=10&#038;output=embed&#038;iwloc=near\"\n\t\t\t\t\ttitle=\"Marmellar\"\n\t\t\t\t\taria-label=\"Marmellar\"\n\t\t\t><\/iframe>\n\t\t<\/div>\n\t\t\t\t\t\t<\/div>\n\t\t\t\t<\/div>\n\t\t\t\t\t<\/div>\n\t\t<\/div>\n\t\t\t\t\t<\/div>\n\t\t<\/section>\n\t\t\t\t<section class=\"elementor-section elementor-top-section elementor-element elementor-element-649f78d elementor-section-boxed elementor-section-height-default elementor-section-height-default\" data-id=\"649f78d\" data-element_type=\"section\">\n\t\t\t\t\t\t<div class=\"elementor-container elementor-column-gap-default\">\n\t\t\t\t\t<div class=\"elementor-column elementor-col-100 elementor-top-column elementor-element elementor-element-bd8f266\" data-id=\"bd8f266\" data-element_type=\"column\">\n\t\t\t<div class=\"elementor-widget-wrap elementor-element-populated\">\n\t\t\t\t\t\t<div class=\"elementor-element elementor-element-6131457 elementor-widget elementor-widget-text-editor\" data-id=\"6131457\" data-element_type=\"widget\" data-widget_type=\"text-editor.default\">\n\t\t\t\t<div class=\"elementor-widget-container\">\n\t\t\t\t\t\t\t\t\t<p>Encara m\u00e9s escabr\u00f3s \u00e9s el cas d&#8217;aquesta localitat situada al municipi de Montmell, a la comarca del Baix Pened\u00e8s, ja que no nom\u00e9s est\u00e0 abandonada, sin\u00f3 que a m\u00e9s a m\u00e9s es van viure fets realment esgarrifosos a finals del segle passat en aquest lloc abandonat de Tarragona.<\/p><p>Segons s&#8217;explica, Marmellar va ser testimoni d&#8217;un crim realment espant\u00f3s en qu\u00e8 una noia va ser violada, assassinada i cremada en una de les cases derru\u00efdes del poble, i semblava evidenciar un culte sat\u00e0nic o una missa negra. A la casa on suposadament va succeir el crim de Marmellar encara es pot veure un matal\u00e0s calcinat, on suposadament van succeir els fets, aix\u00ed com gran quantitat de pintades fent refer\u00e8ncia a all\u00f2 maligne.<\/p><p>Segons fonts policials, posteriorment diverses noies van ser assassinades al lloc i abandonades al vell cementiri, motivant aix\u00ed una fama de poble male\u00eft que, possiblement, va motivar el seu a\u00efllament. A la mateixa comunitat hi ha tamb\u00e9 el poble d&#8217;origen medieval Montpa\u00f3, les primeres refer\u00e8ncies del qual es remunten al segle XI. S\u00f3n diverses les cases que romanen en perfecte estat i que es poden visitar sense m\u00e9s problema. <span style=\"font-family: 'Arial','sans-serif'; letter-spacing: .15pt; background: #FAFAFA;\">No et pots perdre aquest esgarrif\u00f3s poble abandonat de Tarragona!<\/span><\/p><p>Aprofita <strong>i<\/strong> gaudeix de les nostres <a href=\"https:\/\/www.willysplan.com\/ca\/rutes\/rutes-de-senderisme-i-excursions-per-tarragona-provincia\"><strong>rutes i excursions per Tarragona prov\u00edncia<\/strong><\/a> <strong>!<\/strong><\/p>\t\t\t\t\t\t\t\t<\/div>\n\t\t\t\t<\/div>\n\t\t\t\t\t<\/div>\n\t\t<\/div>\n\t\t\t\t\t<\/div>\n\t\t<\/section>\n\t\t\t\t<section class=\"elementor-section elementor-top-section elementor-element elementor-element-934cfa6 elementor-section-boxed elementor-section-height-default elementor-section-height-default\" data-id=\"934cfa6\" data-element_type=\"section\">\n\t\t\t\t\t\t<div class=\"elementor-container elementor-column-gap-default\">\n\t\t\t\t\t<div class=\"elementor-column elementor-col-100 elementor-top-column elementor-element elementor-element-6d28942\" data-id=\"6d28942\" data-element_type=\"column\">\n\t\t\t<div class=\"elementor-widget-wrap elementor-element-populated\">\n\t\t\t\t\t\t<div class=\"elementor-element elementor-element-24f2b10 elementor-widget elementor-widget-heading\" data-id=\"24f2b10\" data-element_type=\"widget\" data-widget_type=\"heading.default\">\n\t\t\t\t<div class=\"elementor-widget-container\">\n\t\t\t\t\t<h2 class=\"elementor-heading-title elementor-size-default\">4.La Mussara<\/h2>\t\t\t\t<\/div>\n\t\t\t\t<\/div>\n\t\t\t\t\t<\/div>\n\t\t<\/div>\n\t\t\t\t\t<\/div>\n\t\t<\/section>\n\t\t\t\t<section class=\"elementor-section elementor-top-section elementor-element elementor-element-5a266e9 elementor-section-boxed elementor-section-height-default elementor-section-height-default\" data-id=\"5a266e9\" data-element_type=\"section\">\n\t\t\t\t\t\t<div class=\"elementor-container elementor-column-gap-default\">\n\t\t\t\t\t<div class=\"elementor-column elementor-col-50 elementor-top-column elementor-element elementor-element-8ca8f7f\" data-id=\"8ca8f7f\" data-element_type=\"column\">\n\t\t\t<div class=\"elementor-widget-wrap elementor-element-populated\">\n\t\t\t\t\t\t<div class=\"elementor-element elementor-element-55b0b90 elementor-widget elementor-widget-image\" data-id=\"55b0b90\" data-element_type=\"widget\" data-widget_type=\"image.default\">\n\t\t\t\t<div class=\"elementor-widget-container\">\n\t\t\t\t\t\t\t\t\t\t\t\t\t\t\t<img loading=\"lazy\" decoding=\"async\" width=\"807\" height=\"509\" src=\"https:\/\/www.willysplan.com\/wp-content\/uploads\/2021\/10\/lamussara1.jpg\" class=\"attachment-large size-large wp-image-14401\" alt=\"\" srcset=\"https:\/\/www.willysplan.com\/wp-content\/uploads\/2021\/10\/lamussara1.jpg 807w, https:\/\/www.willysplan.com\/wp-content\/uploads\/2021\/10\/lamussara1-300x189.jpg 300w, https:\/\/www.willysplan.com\/wp-content\/uploads\/2021\/10\/lamussara1-768x484.jpg 768w, https:\/\/www.willysplan.com\/wp-content\/uploads\/2021\/10\/lamussara1-600x378.jpg 600w\" sizes=\"(max-width: 807px) 100vw, 807px\" \/>\t\t\t\t\t\t\t\t\t\t\t\t\t\t\t<\/div>\n\t\t\t\t<\/div>\n\t\t\t\t\t<\/div>\n\t\t<\/div>\n\t\t\t\t<div class=\"elementor-column elementor-col-50 elementor-top-column elementor-element elementor-element-3e5315c\" data-id=\"3e5315c\" data-element_type=\"column\">\n\t\t\t<div class=\"elementor-widget-wrap elementor-element-populated\">\n\t\t\t\t\t\t<div class=\"elementor-element elementor-element-2ac84a8 elementor-widget elementor-widget-google_maps\" data-id=\"2ac84a8\" data-element_type=\"widget\" data-widget_type=\"google_maps.default\">\n\t\t\t\t<div class=\"elementor-widget-container\">\n\t\t\t\t\t\t\t<div class=\"elementor-custom-embed\">\n\t\t\t<iframe loading=\"lazy\"\n\t\t\t\t\tsrc=\"https:\/\/maps.google.com\/maps?q=La%20Mussara&#038;t=m&#038;z=10&#038;output=embed&#038;iwloc=near\"\n\t\t\t\t\ttitle=\"La Mussara\"\n\t\t\t\t\taria-label=\"La Mussara\"\n\t\t\t><\/iframe>\n\t\t<\/div>\n\t\t\t\t\t\t<\/div>\n\t\t\t\t<\/div>\n\t\t\t\t\t<\/div>\n\t\t<\/div>\n\t\t\t\t\t<\/div>\n\t\t<\/section>\n\t\t\t\t<section class=\"elementor-section elementor-top-section elementor-element elementor-element-7dd4d6d elementor-section-boxed elementor-section-height-default elementor-section-height-default\" data-id=\"7dd4d6d\" data-element_type=\"section\">\n\t\t\t\t\t\t<div class=\"elementor-container elementor-column-gap-default\">\n\t\t\t\t\t<div class=\"elementor-column elementor-col-100 elementor-top-column elementor-element elementor-element-eab2445\" data-id=\"eab2445\" data-element_type=\"column\">\n\t\t\t<div class=\"elementor-widget-wrap elementor-element-populated\">\n\t\t\t\t\t\t<div class=\"elementor-element elementor-element-fc5f76d elementor-widget elementor-widget-text-editor\" data-id=\"fc5f76d\" data-element_type=\"widget\" data-widget_type=\"text-editor.default\">\n\t\t\t\t<div class=\"elementor-widget-container\">\n\t\t\t\t\t\t\t\t\t<p>Situada a les entranyes de la prov\u00edncia de Tarragona, a la comarca del Baix Camp, la Mussara roman abandonada des de l&#8217;any 1956. Va ser el moment del comen\u00e7ament d&#8217;una nova hist\u00f2ria per a aquesta localitat, convertir-se en un dels pobles abandonats m\u00e9s aterridors de tot Catalunya i un dels millors pobles fantasmes de Tarragona.<\/p>\n<p>Des de llavors aquest petit llogaret abandonat a Catalunya \u00e9s protagonista de tota mena d&#8217;hist\u00f2ries i llegendes, des de psicofonies fins a un bosc encantat o tota mena de teories sobre la densa boira que cobreix sempre el poble. Totes parteixen d&#8217;un fet real: La Mussara n&#8217;\u00e9s una mostra m\u00e9s de l&#8217;\u00e8xode rural. Pel que sembla, l&#8217;any 1950, una epid\u00e8mia de fil\u00b7loxera als cultius de vinya, juntament amb una forta sequera i la manca d&#8217;oportunitats econ\u00f2miques al lloc, van propiciar que es qued\u00e9s buit.<\/p>\n<p>Famosa per la seva bellesa paisatg\u00edstica i pels misteris que l&#8217;envolten, de la poblaci\u00f3 nom\u00e9s podrem veure les ru\u00efnes d&#8217;unes poques cases i una esgl\u00e9sia, a l&#8217;interior de la qual romanen retalls d&#8217;antics rituals. A pocs metres d&#8217;aquesta petita localitat fantasma trobarem un mas, al costat del qual es diu que hi ha una pedra de grans dimensions i que tot aquell que la sobrepassa, parar\u00e0 a la Vila del Sis, un sinistre lloc en una altra dimensi\u00f3. I \u00e9s que en aquest lloc, fins als anys 90, es van produir misterioses desaparicions i salts en el temps que encara actualment segueixen sense explicaci\u00f3. Has de visitar s\u00ed o s\u00ed aquest poble fantasma a Tarragona!<\/p>\n\t\t\t\t\t\t\t\t<\/div>\n\t\t\t\t<\/div>\n\t\t\t\t\t<\/div>\n\t\t<\/div>\n\t\t\t\t\t<\/div>\n\t\t<\/section>\n\t\t\t\t<section class=\"elementor-section elementor-top-section elementor-element elementor-element-a521d16 elementor-section-boxed elementor-section-height-default elementor-section-height-default\" data-id=\"a521d16\" data-element_type=\"section\">\n\t\t\t\t\t\t<div class=\"elementor-container elementor-column-gap-default\">\n\t\t\t\t\t<div class=\"elementor-column elementor-col-100 elementor-top-column elementor-element elementor-element-8c77890\" data-id=\"8c77890\" data-element_type=\"column\">\n\t\t\t<div class=\"elementor-widget-wrap elementor-element-populated\">\n\t\t\t\t\t\t<div class=\"elementor-element elementor-element-f39d736 elementor-widget elementor-widget-image\" data-id=\"f39d736\" data-element_type=\"widget\" data-widget_type=\"image.default\">\n\t\t\t\t<div class=\"elementor-widget-container\">\n\t\t\t\t\t\t\t\t\t\t\t\t\t\t\t\t<a href=\"https:\/\/www.willysplan.com\/ca\/excursions-organitzades-dun-dia-des-de-barcelona\">\n\t\t\t\t\t\t\t<img decoding=\"async\" width=\"840\" height=\"243\" src=\"https:\/\/www.willysplan.com\/wp-content\/uploads\/2020\/12\/Reservar-excursion-para-grupos-privados.png\" class=\"attachment-large size-large wp-image-15031\" alt=\"\" srcset=\"https:\/\/www.willysplan.com\/wp-content\/uploads\/2020\/12\/Reservar-excursion-para-grupos-privados.png 840w, https:\/\/www.willysplan.com\/wp-content\/uploads\/2020\/12\/Reservar-excursion-para-grupos-privados-300x87.png 300w, https:\/\/www.willysplan.com\/wp-content\/uploads\/2020\/12\/Reservar-excursion-para-grupos-privados-768x222.png 768w, https:\/\/www.willysplan.com\/wp-content\/uploads\/2020\/12\/Reservar-excursion-para-grupos-privados-600x174.png 600w, https:\/\/www.willysplan.com\/wp-content\/uploads\/2020\/12\/Reservar-excursion-para-grupos-privados-190x55.png 190w, https:\/\/www.willysplan.com\/wp-content\/uploads\/2020\/12\/Reservar-excursion-para-grupos-privados-311x90.png 311w\" sizes=\"(max-width: 840px) 100vw, 840px\" \/>\t\t\t\t\t\t\t\t<\/a>\n\t\t\t\t\t\t\t\t\t\t\t\t\t\t\t<\/div>\n\t\t\t\t<\/div>\n\t\t\t\t\t<\/div>\n\t\t<\/div>\n\t\t\t\t\t<\/div>\n\t\t<\/section>\n\t\t\t\t<section class=\"elementor-section elementor-top-section elementor-element elementor-element-463b1d6 elementor-section-boxed elementor-section-height-default elementor-section-height-default\" data-id=\"463b1d6\" data-element_type=\"section\">\n\t\t\t\t\t\t<div class=\"elementor-container elementor-column-gap-default\">\n\t\t\t\t\t<div class=\"elementor-column elementor-col-100 elementor-top-column elementor-element elementor-element-906796f\" data-id=\"906796f\" data-element_type=\"column\">\n\t\t\t<div class=\"elementor-widget-wrap elementor-element-populated\">\n\t\t\t\t\t\t<div class=\"elementor-element elementor-element-add74af elementor-widget elementor-widget-heading\" data-id=\"add74af\" data-element_type=\"widget\" data-widget_type=\"heading.default\">\n\t\t\t\t<div class=\"elementor-widget-container\">\n\t\t\t\t\t<h2 class=\"elementor-heading-title elementor-size-default\">5. Vallgorgina\n\n\n<\/h2>\t\t\t\t<\/div>\n\t\t\t\t<\/div>\n\t\t\t\t\t<\/div>\n\t\t<\/div>\n\t\t\t\t\t<\/div>\n\t\t<\/section>\n\t\t\t\t<section class=\"elementor-section elementor-top-section elementor-element elementor-element-17f4fe2 elementor-section-boxed elementor-section-height-default elementor-section-height-default\" data-id=\"17f4fe2\" data-element_type=\"section\">\n\t\t\t\t\t\t<div class=\"elementor-container elementor-column-gap-default\">\n\t\t\t\t\t<div class=\"elementor-column elementor-col-50 elementor-top-column elementor-element elementor-element-e70c3b5\" data-id=\"e70c3b5\" data-element_type=\"column\">\n\t\t\t<div class=\"elementor-widget-wrap elementor-element-populated\">\n\t\t\t\t\t\t<div class=\"elementor-element elementor-element-6952af3 elementor-widget elementor-widget-image\" data-id=\"6952af3\" data-element_type=\"widget\" data-widget_type=\"image.default\">\n\t\t\t\t<div class=\"elementor-widget-container\">\n\t\t\t\t\t\t\t\t\t\t\t\t\t\t\t<img loading=\"lazy\" decoding=\"async\" width=\"817\" height=\"489\" src=\"https:\/\/www.willysplan.com\/wp-content\/uploads\/2021\/10\/vallgorgina.jpg\" class=\"attachment-large size-large wp-image-14407\" alt=\"\" srcset=\"https:\/\/www.willysplan.com\/wp-content\/uploads\/2021\/10\/vallgorgina.jpg 817w, https:\/\/www.willysplan.com\/wp-content\/uploads\/2021\/10\/vallgorgina-300x180.jpg 300w, https:\/\/www.willysplan.com\/wp-content\/uploads\/2021\/10\/vallgorgina-768x460.jpg 768w, https:\/\/www.willysplan.com\/wp-content\/uploads\/2021\/10\/vallgorgina-600x359.jpg 600w\" sizes=\"(max-width: 817px) 100vw, 817px\" \/>\t\t\t\t\t\t\t\t\t\t\t\t\t\t\t<\/div>\n\t\t\t\t<\/div>\n\t\t\t\t\t<\/div>\n\t\t<\/div>\n\t\t\t\t<div class=\"elementor-column elementor-col-50 elementor-top-column elementor-element elementor-element-4eea298\" data-id=\"4eea298\" data-element_type=\"column\">\n\t\t\t<div class=\"elementor-widget-wrap elementor-element-populated\">\n\t\t\t\t\t\t<div class=\"elementor-element elementor-element-d04aa7e elementor-widget elementor-widget-google_maps\" data-id=\"d04aa7e\" data-element_type=\"widget\" data-widget_type=\"google_maps.default\">\n\t\t\t\t<div class=\"elementor-widget-container\">\n\t\t\t\t\t\t\t<div class=\"elementor-custom-embed\">\n\t\t\t<iframe loading=\"lazy\"\n\t\t\t\t\tsrc=\"https:\/\/maps.google.com\/maps?q=Vallgorgina&#038;t=m&#038;z=10&#038;output=embed&#038;iwloc=near\"\n\t\t\t\t\ttitle=\"Vallgorgina\"\n\t\t\t\t\taria-label=\"Vallgorgina\"\n\t\t\t><\/iframe>\n\t\t<\/div>\n\t\t\t\t\t\t<\/div>\n\t\t\t\t<\/div>\n\t\t\t\t\t<\/div>\n\t\t<\/div>\n\t\t\t\t\t<\/div>\n\t\t<\/section>\n\t\t\t\t<section class=\"elementor-section elementor-top-section elementor-element elementor-element-9e9ef71 elementor-section-boxed elementor-section-height-default elementor-section-height-default\" data-id=\"9e9ef71\" data-element_type=\"section\">\n\t\t\t\t\t\t<div class=\"elementor-container elementor-column-gap-default\">\n\t\t\t\t\t<div class=\"elementor-column elementor-col-100 elementor-top-column elementor-element elementor-element-5ca7731\" data-id=\"5ca7731\" data-element_type=\"column\">\n\t\t\t<div class=\"elementor-widget-wrap elementor-element-populated\">\n\t\t\t\t\t\t<div class=\"elementor-element elementor-element-1aafa5b elementor-widget elementor-widget-text-editor\" data-id=\"1aafa5b\" data-element_type=\"widget\" data-widget_type=\"text-editor.default\">\n\t\t\t\t<div class=\"elementor-widget-container\">\n\t\t\t\t\t\t\t\t\t<p>Pertanyent a la prov\u00edncia de Barcelona i situat a la Comarca del Vall\u00e8s Oriental, Vallgorguina \u00e9s un altre d&#8217;aquells llocs encantats a Barcelona que heu de visitar.<\/p><p>La localitat \u00e9s un lloc ric en llegendes de bruixes i aquelarres. Es diu que les bruixes arribaven de tot arreu, volant a les seves escombres fins al seu fam\u00f3s dolmen de pedra, en el qual realitzaven els seus aquelarres, que conclo\u00efen amb la c\u00f2pula amb un mascle cabrum. Per espantar-les, els camperols recitaven salms i feien sahumerios, per\u00f2 en lloc d&#8217;acovardir-les, el que aconseguien era enutjar-les m\u00e9s, per la qual cosa les bruixes castigaven el lloc amb terror\u00edfiques tempestes.<\/p><p>Tamb\u00e9 es diu que les campanes de l&#8217;esgl\u00e9sia repicaven al pas de les bruixes que sobrevolaven la poblaci\u00f3, en direcci\u00f3 al dolmen, per protegir la gent. Molt a prop d&#8217;aquest monument megal\u00edtic hi ha l&#8217;esgl\u00e9sia de Santa Maria de Tapioles, lloc mil vegades profanat pels \u00abritualistes\u00bb. Actualment l&#8217;esgl\u00e9sia roman tancada i ha estat parcialment restaurada.<\/p><p>Aprofita i gaudeix de les nostres <a href=\"https:\/\/www.willysplan.com\/ca\/rutes\/rutes-de-senderisme-i-excursions-pel-valles-oriental\"><strong>Rutes de senderisme i excursions pel Vall\u00e8s Oriental<\/strong><\/a><\/p><p>T&#8217;ha agradat la nostra selecci\u00f3 amb els millors pobles abandonats de Catalunya? Si has trobat a faltar algun escriu-ho als comentaris! Esperem que et moris de por per\u00f2 sobretot que t&#8217;ho passis d&#8217;all\u00f2 m\u00e9s b\u00e9! \ud83d\ude01<\/p>\t\t\t\t\t\t\t\t<\/div>\n\t\t\t\t<\/div>\n\t\t\t\t\t<\/div>\n\t\t<\/div>\n\t\t\t\t\t<\/div>\n\t\t<\/section>\n\t\t\t\t<section class=\"elementor-section elementor-top-section elementor-element elementor-element-774fd5b elementor-section-boxed elementor-section-height-default elementor-section-height-default\" data-id=\"774fd5b\" data-element_type=\"section\">\n\t\t\t\t\t\t<div class=\"elementor-container elementor-column-gap-default\">\n\t\t\t\t\t<div class=\"elementor-column elementor-col-100 elementor-top-column elementor-element elementor-element-ccb3386\" data-id=\"ccb3386\" data-element_type=\"column\">\n\t\t\t<div class=\"elementor-widget-wrap elementor-element-populated\">\n\t\t\t\t\t\t<div class=\"elementor-element elementor-element-5d6c67c elementor-widget elementor-widget-heading\" data-id=\"5d6c67c\" data-element_type=\"widget\" data-widget_type=\"heading.default\">\n\t\t\t\t<div class=\"elementor-widget-container\">\n\t\t\t\t\t<h2 class=\"elementor-heading-title elementor-size-default\">Altres rutes que tamb\u00e9 et poden interessar...<\/h2>\t\t\t\t<\/div>\n\t\t\t\t<\/div>\n\t\t\t\t\t<\/div>\n\t\t<\/div>\n\t\t\t\t\t<\/div>\n\t\t<\/section>\n\t\t\t\t<section class=\"elementor-section elementor-top-section elementor-element elementor-element-b9303aa elementor-section-boxed elementor-section-height-default elementor-section-height-default\" data-id=\"b9303aa\" data-element_type=\"section\">\n\t\t\t\t\t\t<div class=\"elementor-container elementor-column-gap-default\">\n\t\t\t\t\t<div class=\"elementor-column elementor-col-100 elementor-top-column elementor-element elementor-element-4c9811a\" data-id=\"4c9811a\" data-element_type=\"column\">\n\t\t\t<div class=\"elementor-widget-wrap elementor-element-populated\">\n\t\t\t\t\t\t\t<\/div>\n\t\t<\/div>\n\t\t\t\t\t<\/div>\n\t\t<\/section>\n\t\t\t\t<\/div>\n\t\t","protected":false},"excerpt":{"rendered":"<p>Descobreix els millors pobles abandonats a Catalunya, els pobles fantasma i els pobles m\u00e9s rars de tot Catalunya \u2705 Entra ara!<\/p>\n","protected":false},"author":1,"featured_media":14401,"comment_status":"closed","ping_status":"closed","sticky":false,"template":"","format":"standard","meta":{"neve_meta_sidebar":"","neve_meta_container":"","neve_meta_enable_content_width":"","neve_meta_content_width":0,"neve_meta_title_alignment":"","neve_meta_author_avatar":"","neve_post_elements_order":"","neve_meta_disable_header":"","neve_meta_disable_footer":"","neve_meta_disable_title":"","_joinchat":[],"footnotes":""},"categories":[462],"tags":[461],"class_list":["post-16472","post","type-post","status-publish","format-standard","has-post-thumbnail","hentry","category-idees","tag-idees"],"yoast_head":"<!-- This site is optimized with the Yoast SEO Premium plugin v20.1 (Yoast SEO v26.9) - https:\/\/yoast.com\/product\/yoast-seo-premium-wordpress\/ -->\n<title>Els 5 millors pobles abandonats a Catalunya-Willy&#039;s Plan<\/title>\n<meta name=\"description\" content=\"Descobreix els millors pobles abandonats a Catalunya, els pobles fantasma i els pobles m\u00e9s rars de tot Catalunya \u2705 Entra ara!\" \/>\n<meta name=\"robots\" content=\"index, follow, max-snippet:-1, max-image-preview:large, max-video-preview:-1\" \/>\n<link rel=\"canonical\" href=\"https:\/\/willysplan.com\/ca\/idees\/els-5-millors-pobles-abandonats-a-catalunya\" \/>\n<meta property=\"og:locale\" content=\"ca_ES\" \/>\n<meta property=\"og:type\" content=\"article\" \/>\n<meta property=\"og:title\" content=\"Els 5 millors pobles abandonats a Catalunya\" \/>\n<meta property=\"og:description\" content=\"Descobreix els millors pobles abandonats a Catalunya, els pobles fantasma i els pobles m\u00e9s rars de tot Catalunya \u2705 Entra ara!\" \/>\n<meta property=\"og:url\" content=\"https:\/\/willysplan.com\/ca\/idees\/els-5-millors-pobles-abandonats-a-catalunya\" \/>\n<meta property=\"og:site_name\" content=\"Willy&#039;s Plan \ud83c\udf43\" \/>\n<meta property=\"article:published_time\" content=\"2021-10-26T20:12:59+00:00\" \/>\n<meta property=\"article:modified_time\" content=\"2023-07-24T05:43:24+00:00\" \/>\n<meta property=\"og:image\" content=\"https:\/\/www.willysplan.com\/wp-content\/uploads\/2021\/10\/lamussara1.jpg\" \/>\n\t<meta property=\"og:image:width\" content=\"807\" \/>\n\t<meta property=\"og:image:height\" content=\"509\" \/>\n\t<meta property=\"og:image:type\" content=\"image\/jpeg\" \/>\n<meta name=\"author\" content=\"admin\" \/>\n<meta name=\"twitter:card\" content=\"summary_large_image\" \/>\n<meta name=\"twitter:label1\" content=\"Escrit per\" \/>\n\t<meta name=\"twitter:data1\" content=\"admin\" \/>\n\t<meta name=\"twitter:label2\" content=\"Temps estimat de lectura\" \/>\n\t<meta name=\"twitter:data2\" content=\"7 minuts\" \/>\n<script type=\"application\/ld+json\" class=\"yoast-schema-graph\">{\"@context\":\"https:\/\/schema.org\",\"@graph\":[{\"@type\":\"Article\",\"@id\":\"https:\/\/willysplan.com\/ca\/idees\/els-5-millors-pobles-abandonats-a-catalunya#article\",\"isPartOf\":{\"@id\":\"https:\/\/www.willysplan.com\/ca\/idees\/els-5-millors-pobles-abandonats-a-catalunya\"},\"author\":{\"name\":\"admin\",\"@id\":\"https:\/\/www.willysplan.com\/#\/schema\/person\/58c1527a9a42e9b18a877f14136f1d47\"},\"headline\":\"Els 5 millors pobles abandonats a Catalunya\",\"datePublished\":\"2021-10-26T20:12:59+00:00\",\"dateModified\":\"2023-07-24T05:43:24+00:00\",\"mainEntityOfPage\":{\"@id\":\"https:\/\/www.willysplan.com\/ca\/idees\/els-5-millors-pobles-abandonats-a-catalunya\"},\"wordCount\":1466,\"publisher\":{\"@id\":\"https:\/\/www.willysplan.com\/#organization\"},\"image\":{\"@id\":\"https:\/\/willysplan.com\/ca\/idees\/els-5-millors-pobles-abandonats-a-catalunya#primaryimage\"},\"thumbnailUrl\":\"https:\/\/www.willysplan.com\/wp-content\/uploads\/2021\/10\/lamussara1.jpg\",\"keywords\":[\"idees\"],\"articleSection\":[\"Idees\"],\"inLanguage\":\"ca\"},{\"@type\":\"WebPage\",\"@id\":\"https:\/\/www.willysplan.com\/ca\/idees\/els-5-millors-pobles-abandonats-a-catalunya\",\"url\":\"https:\/\/willysplan.com\/ca\/idees\/els-5-millors-pobles-abandonats-a-catalunya\",\"name\":\"Els 5 millors pobles abandonats a Catalunya-Willy's Plan\",\"isPartOf\":{\"@id\":\"https:\/\/www.willysplan.com\/#website\"},\"primaryImageOfPage\":{\"@id\":\"https:\/\/willysplan.com\/ca\/idees\/els-5-millors-pobles-abandonats-a-catalunya#primaryimage\"},\"image\":{\"@id\":\"https:\/\/willysplan.com\/ca\/idees\/els-5-millors-pobles-abandonats-a-catalunya#primaryimage\"},\"thumbnailUrl\":\"https:\/\/www.willysplan.com\/wp-content\/uploads\/2021\/10\/lamussara1.jpg\",\"datePublished\":\"2021-10-26T20:12:59+00:00\",\"dateModified\":\"2023-07-24T05:43:24+00:00\",\"description\":\"Descobreix els millors pobles abandonats a Catalunya, els pobles fantasma i els pobles m\u00e9s rars de tot Catalunya \u2705 Entra ara!\",\"inLanguage\":\"ca\",\"potentialAction\":[{\"@type\":\"ReadAction\",\"target\":[\"https:\/\/willysplan.com\/ca\/idees\/els-5-millors-pobles-abandonats-a-catalunya\"]}]},{\"@type\":\"ImageObject\",\"inLanguage\":\"ca\",\"@id\":\"https:\/\/willysplan.com\/ca\/idees\/els-5-millors-pobles-abandonats-a-catalunya#primaryimage\",\"url\":\"https:\/\/www.willysplan.com\/wp-content\/uploads\/2021\/10\/lamussara1.jpg\",\"contentUrl\":\"https:\/\/www.willysplan.com\/wp-content\/uploads\/2021\/10\/lamussara1.jpg\",\"width\":807,\"height\":509},{\"@type\":\"WebSite\",\"@id\":\"https:\/\/www.willysplan.com\/#website\",\"url\":\"https:\/\/www.willysplan.com\/\",\"name\":\"Willy&#039;s Plan \ud83c\udf43\",\"description\":\"Escapadas y Planes de fin de semana\",\"publisher\":{\"@id\":\"https:\/\/www.willysplan.com\/#organization\"},\"potentialAction\":[{\"@type\":\"SearchAction\",\"target\":{\"@type\":\"EntryPoint\",\"urlTemplate\":\"https:\/\/www.willysplan.com\/?s={search_term_string}\"},\"query-input\":{\"@type\":\"PropertyValueSpecification\",\"valueRequired\":true,\"valueName\":\"search_term_string\"}}],\"inLanguage\":\"ca\"},{\"@type\":\"Organization\",\"@id\":\"https:\/\/www.willysplan.com\/#organization\",\"name\":\"Willy&#039;s Plan \ud83c\udf43\",\"url\":\"https:\/\/www.willysplan.com\/\",\"logo\":{\"@type\":\"ImageObject\",\"inLanguage\":\"ca\",\"@id\":\"https:\/\/www.willysplan.com\/#\/schema\/logo\/image\/\",\"url\":\"https:\/\/www.willysplan.com\/wp-content\/uploads\/2020\/04\/cropped-logo-1.png\",\"contentUrl\":\"https:\/\/www.willysplan.com\/wp-content\/uploads\/2020\/04\/cropped-logo-1.png\",\"width\":332,\"height\":332,\"caption\":\"Willy&#039;s Plan \ud83c\udf43\"},\"image\":{\"@id\":\"https:\/\/www.willysplan.com\/#\/schema\/logo\/image\/\"}},{\"@type\":\"Person\",\"@id\":\"https:\/\/www.willysplan.com\/#\/schema\/person\/58c1527a9a42e9b18a877f14136f1d47\",\"name\":\"admin\",\"image\":{\"@type\":\"ImageObject\",\"inLanguage\":\"ca\",\"@id\":\"https:\/\/www.willysplan.com\/#\/schema\/person\/image\/\",\"url\":\"https:\/\/secure.gravatar.com\/avatar\/0b8d78e655d83cc71e0a6cd6cb0f0f99929604cd70ff0f7ac1713f248945ea9d?s=96&d=mm&r=g\",\"contentUrl\":\"https:\/\/secure.gravatar.com\/avatar\/0b8d78e655d83cc71e0a6cd6cb0f0f99929604cd70ff0f7ac1713f248945ea9d?s=96&d=mm&r=g\",\"caption\":\"admin\"},\"url\":\"https:\/\/www.willysplan.com\/ca\/author\/admin\"}]}<\/script>\n<!-- \/ Yoast SEO Premium plugin. -->","yoast_head_json":{"title":"Els 5 millors pobles abandonats a Catalunya-Willy's Plan","description":"Descobreix els millors pobles abandonats a Catalunya, els pobles fantasma i els pobles m\u00e9s rars de tot Catalunya \u2705 Entra ara!","robots":{"index":"index","follow":"follow","max-snippet":"max-snippet:-1","max-image-preview":"max-image-preview:large","max-video-preview":"max-video-preview:-1"},"canonical":"https:\/\/willysplan.com\/ca\/idees\/els-5-millors-pobles-abandonats-a-catalunya","og_locale":"ca_ES","og_type":"article","og_title":"Els 5 millors pobles abandonats a Catalunya","og_description":"Descobreix els millors pobles abandonats a Catalunya, els pobles fantasma i els pobles m\u00e9s rars de tot Catalunya \u2705 Entra ara!","og_url":"https:\/\/willysplan.com\/ca\/idees\/els-5-millors-pobles-abandonats-a-catalunya","og_site_name":"Willy&#039;s Plan \ud83c\udf43","article_published_time":"2021-10-26T20:12:59+00:00","article_modified_time":"2023-07-24T05:43:24+00:00","og_image":[{"width":807,"height":509,"url":"https:\/\/www.willysplan.com\/wp-content\/uploads\/2021\/10\/lamussara1.jpg","type":"image\/jpeg"}],"author":"admin","twitter_card":"summary_large_image","twitter_misc":{"Escrit per":"admin","Temps estimat de lectura":"7 minuts"},"schema":{"@context":"https:\/\/schema.org","@graph":[{"@type":"Article","@id":"https:\/\/willysplan.com\/ca\/idees\/els-5-millors-pobles-abandonats-a-catalunya#article","isPartOf":{"@id":"https:\/\/www.willysplan.com\/ca\/idees\/els-5-millors-pobles-abandonats-a-catalunya"},"author":{"name":"admin","@id":"https:\/\/www.willysplan.com\/#\/schema\/person\/58c1527a9a42e9b18a877f14136f1d47"},"headline":"Els 5 millors pobles abandonats a Catalunya","datePublished":"2021-10-26T20:12:59+00:00","dateModified":"2023-07-24T05:43:24+00:00","mainEntityOfPage":{"@id":"https:\/\/www.willysplan.com\/ca\/idees\/els-5-millors-pobles-abandonats-a-catalunya"},"wordCount":1466,"publisher":{"@id":"https:\/\/www.willysplan.com\/#organization"},"image":{"@id":"https:\/\/willysplan.com\/ca\/idees\/els-5-millors-pobles-abandonats-a-catalunya#primaryimage"},"thumbnailUrl":"https:\/\/www.willysplan.com\/wp-content\/uploads\/2021\/10\/lamussara1.jpg","keywords":["idees"],"articleSection":["Idees"],"inLanguage":"ca"},{"@type":"WebPage","@id":"https:\/\/www.willysplan.com\/ca\/idees\/els-5-millors-pobles-abandonats-a-catalunya","url":"https:\/\/willysplan.com\/ca\/idees\/els-5-millors-pobles-abandonats-a-catalunya","name":"Els 5 millors pobles abandonats a Catalunya-Willy's Plan","isPartOf":{"@id":"https:\/\/www.willysplan.com\/#website"},"primaryImageOfPage":{"@id":"https:\/\/willysplan.com\/ca\/idees\/els-5-millors-pobles-abandonats-a-catalunya#primaryimage"},"image":{"@id":"https:\/\/willysplan.com\/ca\/idees\/els-5-millors-pobles-abandonats-a-catalunya#primaryimage"},"thumbnailUrl":"https:\/\/www.willysplan.com\/wp-content\/uploads\/2021\/10\/lamussara1.jpg","datePublished":"2021-10-26T20:12:59+00:00","dateModified":"2023-07-24T05:43:24+00:00","description":"Descobreix els millors pobles abandonats a Catalunya, els pobles fantasma i els pobles m\u00e9s rars de tot Catalunya \u2705 Entra ara!","inLanguage":"ca","potentialAction":[{"@type":"ReadAction","target":["https:\/\/willysplan.com\/ca\/idees\/els-5-millors-pobles-abandonats-a-catalunya"]}]},{"@type":"ImageObject","inLanguage":"ca","@id":"https:\/\/willysplan.com\/ca\/idees\/els-5-millors-pobles-abandonats-a-catalunya#primaryimage","url":"https:\/\/www.willysplan.com\/wp-content\/uploads\/2021\/10\/lamussara1.jpg","contentUrl":"https:\/\/www.willysplan.com\/wp-content\/uploads\/2021\/10\/lamussara1.jpg","width":807,"height":509},{"@type":"WebSite","@id":"https:\/\/www.willysplan.com\/#website","url":"https:\/\/www.willysplan.com\/","name":"Willy&#039;s Plan \ud83c\udf43","description":"Escapadas y Planes de fin de semana","publisher":{"@id":"https:\/\/www.willysplan.com\/#organization"},"potentialAction":[{"@type":"SearchAction","target":{"@type":"EntryPoint","urlTemplate":"https:\/\/www.willysplan.com\/?s={search_term_string}"},"query-input":{"@type":"PropertyValueSpecification","valueRequired":true,"valueName":"search_term_string"}}],"inLanguage":"ca"},{"@type":"Organization","@id":"https:\/\/www.willysplan.com\/#organization","name":"Willy&#039;s Plan \ud83c\udf43","url":"https:\/\/www.willysplan.com\/","logo":{"@type":"ImageObject","inLanguage":"ca","@id":"https:\/\/www.willysplan.com\/#\/schema\/logo\/image\/","url":"https:\/\/www.willysplan.com\/wp-content\/uploads\/2020\/04\/cropped-logo-1.png","contentUrl":"https:\/\/www.willysplan.com\/wp-content\/uploads\/2020\/04\/cropped-logo-1.png","width":332,"height":332,"caption":"Willy&#039;s Plan \ud83c\udf43"},"image":{"@id":"https:\/\/www.willysplan.com\/#\/schema\/logo\/image\/"}},{"@type":"Person","@id":"https:\/\/www.willysplan.com\/#\/schema\/person\/58c1527a9a42e9b18a877f14136f1d47","name":"admin","image":{"@type":"ImageObject","inLanguage":"ca","@id":"https:\/\/www.willysplan.com\/#\/schema\/person\/image\/","url":"https:\/\/secure.gravatar.com\/avatar\/0b8d78e655d83cc71e0a6cd6cb0f0f99929604cd70ff0f7ac1713f248945ea9d?s=96&d=mm&r=g","contentUrl":"https:\/\/secure.gravatar.com\/avatar\/0b8d78e655d83cc71e0a6cd6cb0f0f99929604cd70ff0f7ac1713f248945ea9d?s=96&d=mm&r=g","caption":"admin"},"url":"https:\/\/www.willysplan.com\/ca\/author\/admin"}]}},"_links":{"self":[{"href":"https:\/\/www.willysplan.com\/ca\/wp-json\/wp\/v2\/posts\/16472","targetHints":{"allow":["GET"]}}],"collection":[{"href":"https:\/\/www.willysplan.com\/ca\/wp-json\/wp\/v2\/posts"}],"about":[{"href":"https:\/\/www.willysplan.com\/ca\/wp-json\/wp\/v2\/types\/post"}],"author":[{"embeddable":true,"href":"https:\/\/www.willysplan.com\/ca\/wp-json\/wp\/v2\/users\/1"}],"replies":[{"embeddable":true,"href":"https:\/\/www.willysplan.com\/ca\/wp-json\/wp\/v2\/comments?post=16472"}],"version-history":[{"count":20,"href":"https:\/\/www.willysplan.com\/ca\/wp-json\/wp\/v2\/posts\/16472\/revisions"}],"predecessor-version":[{"id":21497,"href":"https:\/\/www.willysplan.com\/ca\/wp-json\/wp\/v2\/posts\/16472\/revisions\/21497"}],"wp:featuredmedia":[{"embeddable":true,"href":"https:\/\/www.willysplan.com\/ca\/wp-json\/wp\/v2\/media\/14401"}],"wp:attachment":[{"href":"https:\/\/www.willysplan.com\/ca\/wp-json\/wp\/v2\/media?parent=16472"}],"wp:term":[{"taxonomy":"category","embeddable":true,"href":"https:\/\/www.willysplan.com\/ca\/wp-json\/wp\/v2\/categories?post=16472"},{"taxonomy":"post_tag","embeddable":true,"href":"https:\/\/www.willysplan.com\/ca\/wp-json\/wp\/v2\/tags?post=16472"}],"curies":[{"name":"wp","href":"https:\/\/api.w.org\/{rel}","templated":true}]}}