{"id":16433,"date":"2021-10-05T21:05:40","date_gmt":"2021-10-05T20:05:40","guid":{"rendered":"https:\/\/willysplan.com\/uncategorized-ca\/els-7-pobles-mes-bonics-a-prop-de-tarragona"},"modified":"2023-07-24T06:43:46","modified_gmt":"2023-07-24T05:43:46","slug":"els-7-pobles-mes-bonics-a-prop-de-tarragona","status":"publish","type":"post","link":"https:\/\/www.willysplan.com\/ca\/idees\/els-7-pobles-mes-bonics-a-prop-de-tarragona","title":{"rendered":"Els 7 pobles m\u00e9s bonics a prop de Tarragona"},"content":{"rendered":"\t\t<div data-elementor-type=\"wp-post\" data-elementor-id=\"16433\" class=\"elementor elementor-16433 elementor-8001\" data-elementor-post-type=\"post\">\n\t\t\t\t\t\t<section class=\"elementor-section elementor-top-section elementor-element elementor-element-671cd3c elementor-section-boxed elementor-section-height-default elementor-section-height-default\" data-id=\"671cd3c\" data-element_type=\"section\">\n\t\t\t\t\t\t<div class=\"elementor-container elementor-column-gap-default\">\n\t\t\t\t\t<div class=\"elementor-column elementor-col-100 elementor-top-column elementor-element elementor-element-eaffc38\" data-id=\"eaffc38\" data-element_type=\"column\">\n\t\t\t<div class=\"elementor-widget-wrap elementor-element-populated\">\n\t\t\t\t\t\t<div class=\"elementor-element elementor-element-ac561a4 elementor-widget elementor-widget-text-editor\" data-id=\"ac561a4\" data-element_type=\"widget\" data-widget_type=\"text-editor.default\">\n\t\t\t\t<div class=\"elementor-widget-container\">\n\t\t\t\t\t\t\t\t\t<p>Coneixes els pobles m\u00e9s bonics a prop de Tarragona?<\/p>\n<p>Pintoresques estampes de mar i muntanya, viles de llegendes medievals, rutes a peu i amb bici, gastronomia de qualitat&#8230; Necessites desconnectar i gaudir d&#8217;un bon cap de setmana rural? Doncs para atenci\u00f3, perqu\u00e8 a Willy&#8217;s Plan t&#8217;hem condensat tot l&#8217;encant de les comarques del sud de Catalunya en aquesta selecci\u00f3 amb els pobles amb m\u00e9s encant de Tarragona. No te&#8217;ls perdis!<img decoding=\"async\" class=\"emoji\" role=\"img\" draggable=\"false\" src=\"https:\/\/s.w.org\/images\/core\/emoji\/13.1.0\/svg\/1f642.svg\" alt=\"\ud83d\ude42\"><\/p>\n\t\t\t\t\t\t\t\t<\/div>\n\t\t\t\t<\/div>\n\t\t\t\t\t<\/div>\n\t\t<\/div>\n\t\t\t\t\t<\/div>\n\t\t<\/section>\n\t\t\t\t<section class=\"elementor-section elementor-top-section elementor-element elementor-element-36fe8d4 elementor-section-boxed elementor-section-height-default elementor-section-height-default\" data-id=\"36fe8d4\" data-element_type=\"section\">\n\t\t\t\t\t\t<div class=\"elementor-container elementor-column-gap-default\">\n\t\t\t\t\t<div class=\"elementor-column elementor-col-100 elementor-top-column elementor-element elementor-element-da527a3\" data-id=\"da527a3\" data-element_type=\"column\">\n\t\t\t<div class=\"elementor-widget-wrap elementor-element-populated\">\n\t\t\t\t\t\t<div class=\"elementor-element elementor-element-005077d elementor-widget elementor-widget-heading\" data-id=\"005077d\" data-element_type=\"widget\" data-widget_type=\"heading.default\">\n\t\t\t\t<div class=\"elementor-widget-container\">\n\t\t\t\t\t<h2 class=\"elementor-heading-title elementor-size-default\">1. Montblanc<\/h2>\t\t\t\t<\/div>\n\t\t\t\t<\/div>\n\t\t\t\t\t<\/div>\n\t\t<\/div>\n\t\t\t\t\t<\/div>\n\t\t<\/section>\n\t\t\t\t<section class=\"elementor-section elementor-top-section elementor-element elementor-element-ec7d9c0 elementor-section-boxed elementor-section-height-default elementor-section-height-default\" data-id=\"ec7d9c0\" data-element_type=\"section\">\n\t\t\t\t\t\t<div class=\"elementor-container elementor-column-gap-default\">\n\t\t\t\t\t<div class=\"elementor-column elementor-col-50 elementor-top-column elementor-element elementor-element-1bee018\" data-id=\"1bee018\" data-element_type=\"column\">\n\t\t\t<div class=\"elementor-widget-wrap elementor-element-populated\">\n\t\t\t\t\t\t<div class=\"elementor-element elementor-element-a63218a elementor-widget elementor-widget-image\" data-id=\"a63218a\" data-element_type=\"widget\" data-widget_type=\"image.default\">\n\t\t\t\t<div class=\"elementor-widget-container\">\n\t\t\t\t\t\t\t\t\t\t\t\t\t\t\t<img fetchpriority=\"high\" decoding=\"async\" width=\"649\" height=\"342\" src=\"https:\/\/www.willysplan.com\/wp-content\/uploads\/2021\/09\/Montblanc.jpg\" class=\"attachment-large size-large wp-image-14389\" alt=\"\" srcset=\"https:\/\/www.willysplan.com\/wp-content\/uploads\/2021\/09\/Montblanc.jpg 649w, https:\/\/www.willysplan.com\/wp-content\/uploads\/2021\/09\/Montblanc-300x158.jpg 300w, https:\/\/www.willysplan.com\/wp-content\/uploads\/2021\/09\/Montblanc-600x316.jpg 600w\" sizes=\"(max-width: 649px) 100vw, 649px\" \/>\t\t\t\t\t\t\t\t\t\t\t\t\t\t\t<\/div>\n\t\t\t\t<\/div>\n\t\t\t\t\t<\/div>\n\t\t<\/div>\n\t\t\t\t<div class=\"elementor-column elementor-col-50 elementor-top-column elementor-element elementor-element-8fdc606\" data-id=\"8fdc606\" data-element_type=\"column\">\n\t\t\t<div class=\"elementor-widget-wrap elementor-element-populated\">\n\t\t\t\t\t\t<div class=\"elementor-element elementor-element-e4b3fd9 elementor-widget elementor-widget-google_maps\" data-id=\"e4b3fd9\" data-element_type=\"widget\" data-widget_type=\"google_maps.default\">\n\t\t\t\t<div class=\"elementor-widget-container\">\n\t\t\t\t\t\t\t<div class=\"elementor-custom-embed\">\n\t\t\t<iframe loading=\"lazy\"\n\t\t\t\t\tsrc=\"https:\/\/maps.google.com\/maps?q=Montblanc%2C%20Tarragona&#038;t=m&#038;z=10&#038;output=embed&#038;iwloc=near\"\n\t\t\t\t\ttitle=\"Montblanc, Tarragona\"\n\t\t\t\t\taria-label=\"Montblanc, Tarragona\"\n\t\t\t><\/iframe>\n\t\t<\/div>\n\t\t\t\t\t\t<\/div>\n\t\t\t\t<\/div>\n\t\t\t\t\t<\/div>\n\t\t<\/div>\n\t\t\t\t\t<\/div>\n\t\t<\/section>\n\t\t\t\t<section class=\"elementor-section elementor-top-section elementor-element elementor-element-4e88c10 elementor-section-boxed elementor-section-height-default elementor-section-height-default\" data-id=\"4e88c10\" data-element_type=\"section\">\n\t\t\t\t\t\t<div class=\"elementor-container elementor-column-gap-default\">\n\t\t\t\t\t<div class=\"elementor-column elementor-col-100 elementor-top-column elementor-element elementor-element-8ccc3a4\" data-id=\"8ccc3a4\" data-element_type=\"column\">\n\t\t\t<div class=\"elementor-widget-wrap elementor-element-populated\">\n\t\t\t\t\t\t<div class=\"elementor-element elementor-element-39dc59f elementor-widget elementor-widget-text-editor\" data-id=\"39dc59f\" data-element_type=\"widget\" data-widget_type=\"text-editor.default\">\n\t\t\t\t<div class=\"elementor-widget-container\">\n\t\t\t\t\t\t\t\t\t<p>Montblanc \u00e9s la capital de la Conca del Barber\u00e0, una de les comarques catalanes de m\u00e9s patrimoni monumental i natural. Aquest preci\u00f3s poble medieval, poblat des de la prehist\u00f2ria, forma part de la ruta del g\u00f2tic cistercenc i conserva un dels recintes emmurallats m\u00e9s importants de Catalunya.<\/p><p>La Muralla de Montblanc est\u00e0 formada per un conjunt de murs, torres i portals que envolten el nucli hist\u00f2ric del poble. Avui dia aquestes torres es poden visitar, passejar pel pas de ronda i gaudir d\u00b4una tremenda panor\u00e0mica en una visita que et transporta per 850 anys d\u00b4hist\u00f2ria i \u00e9s ideal per fer una <a href=\"https:\/\/www.willysplan.com\/ca\/escapades-amb-nens-per-catalunya\">escapada amb nens per Catalunya<\/a> .<\/p><p>Tot el tra\u00e7at arquitect\u00f2nic del nucli hist\u00f2ric est\u00e0 perfectament restaurat i \u00e9s tota una del\u00edcia passejar pels carrers medievals. Segons diuen, en aquests carrers empedrats Sant Jordi va matar el drac per rescatar la peincesa. declarades Patrimoni Mundial per la UNESCO. A la mateixa comarca de la Conca de Barber\u00e0, envoltat de bell\u00edssimes vinyes i no gaire lluny de Montblanc, tamb\u00e9 hi ha el Monestir de Poblet, un dels monestirs m\u00e9s grans d&#8217;Europa.<\/p><p>Cada any durant el mes d&#8217;abril, amb motiu de la Setmana Medieval de Sant Jordi de Montblanc, tamb\u00e9 podeu gaudir del seu mercat medieval, un dels m\u00e9s aut\u00e8ntics de Catalunya. Llocs d&#8217;embotits, formatges, dol\u00e7os, artesania, espectacles i obres de l&#8217;\u00e8poca inunden el nucli antic mentre que tot el poble es vesteix i recrea l&#8217;ambient medieval. Creur\u00e0s que has viatjat a l&#8217;Edat Mitjana de deb\u00f2!<\/p><p>No deixeu de visitar Montblanc, un dels pobles amb m\u00e9s encant de Tarragona.<\/p>\t\t\t\t\t\t\t\t<\/div>\n\t\t\t\t<\/div>\n\t\t\t\t\t<\/div>\n\t\t<\/div>\n\t\t\t\t\t<\/div>\n\t\t<\/section>\n\t\t\t\t<section class=\"elementor-section elementor-top-section elementor-element elementor-element-cf26dc9 elementor-section-boxed elementor-section-height-default elementor-section-height-default\" data-id=\"cf26dc9\" data-element_type=\"section\">\n\t\t\t\t\t\t<div class=\"elementor-container elementor-column-gap-default\">\n\t\t\t\t\t<div class=\"elementor-column elementor-col-100 elementor-top-column elementor-element elementor-element-5689fda\" data-id=\"5689fda\" data-element_type=\"column\">\n\t\t\t<div class=\"elementor-widget-wrap elementor-element-populated\">\n\t\t\t\t\t\t<div class=\"elementor-element elementor-element-ec10ffc elementor-widget elementor-widget-heading\" data-id=\"ec10ffc\" data-element_type=\"widget\" data-widget_type=\"heading.default\">\n\t\t\t\t<div class=\"elementor-widget-container\">\n\t\t\t\t\t<h2 class=\"elementor-heading-title elementor-size-default\">2. Siurana<\/h2>\t\t\t\t<\/div>\n\t\t\t\t<\/div>\n\t\t\t\t\t<\/div>\n\t\t<\/div>\n\t\t\t\t\t<\/div>\n\t\t<\/section>\n\t\t\t\t<section class=\"elementor-section elementor-top-section elementor-element elementor-element-36de432 elementor-section-boxed elementor-section-height-default elementor-section-height-default\" data-id=\"36de432\" data-element_type=\"section\">\n\t\t\t\t\t\t<div class=\"elementor-container elementor-column-gap-default\">\n\t\t\t\t\t<div class=\"elementor-column elementor-col-50 elementor-top-column elementor-element elementor-element-30a85ea\" data-id=\"30a85ea\" data-element_type=\"column\">\n\t\t\t<div class=\"elementor-widget-wrap elementor-element-populated\">\n\t\t\t\t\t\t<div class=\"elementor-element elementor-element-254baa4 elementor-widget elementor-widget-image\" data-id=\"254baa4\" data-element_type=\"widget\" data-widget_type=\"image.default\">\n\t\t\t\t<div class=\"elementor-widget-container\">\n\t\t\t\t\t\t\t\t\t\t\t\t\t\t\t<img decoding=\"async\" width=\"698\" height=\"420\" src=\"https:\/\/www.willysplan.com\/wp-content\/uploads\/2021\/09\/siurana.jpg\" class=\"attachment-medium_large size-medium_large wp-image-14393\" alt=\"\" srcset=\"https:\/\/www.willysplan.com\/wp-content\/uploads\/2021\/09\/siurana.jpg 698w, https:\/\/www.willysplan.com\/wp-content\/uploads\/2021\/09\/siurana-300x181.jpg 300w, https:\/\/www.willysplan.com\/wp-content\/uploads\/2021\/09\/siurana-600x361.jpg 600w\" sizes=\"(max-width: 698px) 100vw, 698px\" \/>\t\t\t\t\t\t\t\t\t\t\t\t\t\t\t<\/div>\n\t\t\t\t<\/div>\n\t\t\t\t\t<\/div>\n\t\t<\/div>\n\t\t\t\t<div class=\"elementor-column elementor-col-50 elementor-top-column elementor-element elementor-element-391cda5\" data-id=\"391cda5\" data-element_type=\"column\">\n\t\t\t<div class=\"elementor-widget-wrap elementor-element-populated\">\n\t\t\t\t\t\t<div class=\"elementor-element elementor-element-b390bb5 elementor-widget elementor-widget-google_maps\" data-id=\"b390bb5\" data-element_type=\"widget\" data-widget_type=\"google_maps.default\">\n\t\t\t\t<div class=\"elementor-widget-container\">\n\t\t\t\t\t\t\t<div class=\"elementor-custom-embed\">\n\t\t\t<iframe loading=\"lazy\"\n\t\t\t\t\tsrc=\"https:\/\/maps.google.com\/maps?q=Siurana&#038;t=m&#038;z=10&#038;output=embed&#038;iwloc=near\"\n\t\t\t\t\ttitle=\"Siurana\"\n\t\t\t\t\taria-label=\"Siurana\"\n\t\t\t><\/iframe>\n\t\t<\/div>\n\t\t\t\t\t\t<\/div>\n\t\t\t\t<\/div>\n\t\t\t\t\t<\/div>\n\t\t<\/div>\n\t\t\t\t\t<\/div>\n\t\t<\/section>\n\t\t\t\t<section class=\"elementor-section elementor-top-section elementor-element elementor-element-090337d elementor-section-boxed elementor-section-height-default elementor-section-height-default\" data-id=\"090337d\" data-element_type=\"section\">\n\t\t\t\t\t\t<div class=\"elementor-container elementor-column-gap-default\">\n\t\t\t\t\t<div class=\"elementor-column elementor-col-100 elementor-top-column elementor-element elementor-element-10259a1\" data-id=\"10259a1\" data-element_type=\"column\">\n\t\t\t<div class=\"elementor-widget-wrap elementor-element-populated\">\n\t\t\t\t\t\t<div class=\"elementor-element elementor-element-67842ef elementor-widget elementor-widget-text-editor\" data-id=\"67842ef\" data-element_type=\"widget\" data-widget_type=\"text-editor.default\">\n\t\t\t\t<div class=\"elementor-widget-container\">\n\t\t\t\t\t\t\t\t\t<p>Siurana, al Priorat, a m\u00e9s de ser un dels millors miradors de la pen\u00ednsula, \u00e9s considerat un dels pobles medievals no m\u00e9s bonics de Tarragona, sin\u00f3 d&#8217;Espanya. Amb unes espectaculars vistes al Pant\u00e0 de Siurana, la Serra de Montsant, ia les Muntanyes de Prades, es podria dir que Siurana \u00e9s tot un espectacle per a la vista es miri per on es miri, per\u00f2 sobretot \u00e9s un lloc ideal per als amants del esport.<\/p><p>Escaladors de tot Europa arriben cada any a Siurana i als seus voltants per escalar els murs calcaris de centenars de metres d&#8217;al\u00e7ada, i el seu preci\u00f3s embassament tamb\u00e9 \u00e9s un dels m\u00e9s visitats a l&#8217;estiu, ja que les seves aig\u00fces tranquil\u00b7les i cristal\u00b7lines s\u00f3n perfectes per gaudir de un bany refrescant i per a la pr\u00e0ctica d&#8217;esports aqu\u00e0tics. Si us agrada l&#8217;exercici a l&#8217;aire lliure, no dubteu a consultar el nostre post sobre les millors <a href=\"https:\/\/www.willysplan.com\/ca\/idees\/les-7-millors-rutes-de-muntanya-per-barcelona\">rutes de muntanya per Barcelona<\/a> o <a href=\"https:\/\/www.willysplan.com\/ca\/idees\/les-12-millors-rutes-de-trekking-a-catalunya\">les millors rutes de trekking a Catalunya<\/a>.<\/p><p>A m\u00e9s de l&#8217;espectacular mirador, d&#8217;aut\u00e8ntica bellesa, hauries de visitar l&#8217;esgl\u00e9sia rom\u00e0nica de Santa Maria, que es conserva gaireb\u00e9 intacta, i el castell, important fortalesa defensiva i centre de control del regne andalus\u00ed.<\/p><p>Siurana va ser una poblaci\u00f3 de gran import\u00e0ncia en temps dels sarra\u00efns. La seva situaci\u00f3 privilegiada dificultava molt el setge i va ser un lloc inexpugnable. Tant que es va convertir en el darrer reducte d&#8217;Al-Andalus en territori catal\u00e0 conquerit entre el 1153 i el 1154. El Salt de la Reina Mora \u00e9s el penyal on, segons explica la llegenda, el cavall d&#8217;Abdel\u00e0zia va intentar aturar-se clavant les pe\u00fclles abans de precipitar-se al buit. Avui es pot veure la marca de la ferradura de l&#8217;animal dividida a la roca.<\/p><p>En resum, Siurana \u00e9s un altre dels pobles encant de Tarragona que no us podeu perdre.<\/p>\t\t\t\t\t\t\t\t<\/div>\n\t\t\t\t<\/div>\n\t\t\t\t\t<\/div>\n\t\t<\/div>\n\t\t\t\t\t<\/div>\n\t\t<\/section>\n\t\t\t\t<section class=\"elementor-section elementor-top-section elementor-element elementor-element-228dd78 elementor-section-boxed elementor-section-height-default elementor-section-height-default\" data-id=\"228dd78\" data-element_type=\"section\">\n\t\t\t\t\t\t<div class=\"elementor-container elementor-column-gap-default\">\n\t\t\t\t\t<div class=\"elementor-column elementor-col-100 elementor-top-column elementor-element elementor-element-6fe37a6\" data-id=\"6fe37a6\" data-element_type=\"column\">\n\t\t\t<div class=\"elementor-widget-wrap elementor-element-populated\">\n\t\t\t\t\t\t<div class=\"elementor-element elementor-element-c9dcbd0 elementor-widget elementor-widget-heading\" data-id=\"c9dcbd0\" data-element_type=\"widget\" data-widget_type=\"heading.default\">\n\t\t\t\t<div class=\"elementor-widget-container\">\n\t\t\t\t\t<h2 class=\"elementor-heading-title elementor-size-default\">3. Miravet\n<\/h2>\t\t\t\t<\/div>\n\t\t\t\t<\/div>\n\t\t\t\t\t<\/div>\n\t\t<\/div>\n\t\t\t\t\t<\/div>\n\t\t<\/section>\n\t\t\t\t<section class=\"elementor-section elementor-top-section elementor-element elementor-element-9dde891 elementor-section-boxed elementor-section-height-default elementor-section-height-default\" data-id=\"9dde891\" data-element_type=\"section\">\n\t\t\t\t\t\t<div class=\"elementor-container elementor-column-gap-default\">\n\t\t\t\t\t<div class=\"elementor-column elementor-col-50 elementor-top-column elementor-element elementor-element-efd1b5f\" data-id=\"efd1b5f\" data-element_type=\"column\">\n\t\t\t<div class=\"elementor-widget-wrap elementor-element-populated\">\n\t\t\t\t\t\t<div class=\"elementor-element elementor-element-52923a4 elementor-widget elementor-widget-image\" data-id=\"52923a4\" data-element_type=\"widget\" data-widget_type=\"image.default\">\n\t\t\t\t<div class=\"elementor-widget-container\">\n\t\t\t\t\t\t\t\t\t\t\t\t\t\t\t<img decoding=\"async\" width=\"615\" height=\"426\" src=\"https:\/\/www.willysplan.com\/wp-content\/uploads\/2021\/09\/miravet.jpg\" class=\"attachment-large size-large wp-image-14387\" alt=\"\" srcset=\"https:\/\/www.willysplan.com\/wp-content\/uploads\/2021\/09\/miravet.jpg 615w, https:\/\/www.willysplan.com\/wp-content\/uploads\/2021\/09\/miravet-300x208.jpg 300w, https:\/\/www.willysplan.com\/wp-content\/uploads\/2021\/09\/miravet-600x416.jpg 600w\" sizes=\"(max-width: 615px) 100vw, 615px\" \/>\t\t\t\t\t\t\t\t\t\t\t\t\t\t\t<\/div>\n\t\t\t\t<\/div>\n\t\t\t\t\t<\/div>\n\t\t<\/div>\n\t\t\t\t<div class=\"elementor-column elementor-col-50 elementor-top-column elementor-element elementor-element-a40f723\" data-id=\"a40f723\" data-element_type=\"column\">\n\t\t\t<div class=\"elementor-widget-wrap elementor-element-populated\">\n\t\t\t\t\t\t<div class=\"elementor-element elementor-element-8ebd04f elementor-widget elementor-widget-google_maps\" data-id=\"8ebd04f\" data-element_type=\"widget\" data-widget_type=\"google_maps.default\">\n\t\t\t\t<div class=\"elementor-widget-container\">\n\t\t\t\t\t\t\t<div class=\"elementor-custom-embed\">\n\t\t\t<iframe loading=\"lazy\"\n\t\t\t\t\tsrc=\"https:\/\/maps.google.com\/maps?q=Miravet&#038;t=m&#038;z=10&#038;output=embed&#038;iwloc=near\"\n\t\t\t\t\ttitle=\"Miravet\"\n\t\t\t\t\taria-label=\"Miravet\"\n\t\t\t><\/iframe>\n\t\t<\/div>\n\t\t\t\t\t\t<\/div>\n\t\t\t\t<\/div>\n\t\t\t\t\t<\/div>\n\t\t<\/div>\n\t\t\t\t\t<\/div>\n\t\t<\/section>\n\t\t\t\t<section class=\"elementor-section elementor-top-section elementor-element elementor-element-649f78d elementor-section-boxed elementor-section-height-default elementor-section-height-default\" data-id=\"649f78d\" data-element_type=\"section\">\n\t\t\t\t\t\t<div class=\"elementor-container elementor-column-gap-default\">\n\t\t\t\t\t<div class=\"elementor-column elementor-col-100 elementor-top-column elementor-element elementor-element-bd8f266\" data-id=\"bd8f266\" data-element_type=\"column\">\n\t\t\t<div class=\"elementor-widget-wrap elementor-element-populated\">\n\t\t\t\t\t\t<div class=\"elementor-element elementor-element-6131457 elementor-widget elementor-widget-text-editor\" data-id=\"6131457\" data-element_type=\"widget\" data-widget_type=\"text-editor.default\">\n\t\t\t\t<div class=\"elementor-widget-container\">\n\t\t\t\t\t\t\t\t\t<p>Enfilat a una roca a la vora de l&#8217;Ebre, es troba el poble de Miravet, Aquest petit poble de la Ribera d&#8217;Ebre \u00e9s molt conegut pel castell templer situat al cim del tur\u00f3 i el barri antic, constru\u00eft just a sota, ancorat a la roca. Durant la Batalla de l&#8217;Ebre, la m\u00e9s sagnant i llarga de les batalles de la Guerra Civil Espanyola, Miravet va representar una posici\u00f3 estrat\u00e8gica, sent un dels punts per on l&#8217;ex\u00e8rcit popular va creuar l&#8217;Ebre a l&#8217;inici de l&#8217;ofensiva.<\/p>\n<p>A m\u00e9s de Passejar pels carrers del Cap de la Vila, visitar l&#8217;Esgl\u00e9sia Vella o treure el cap a l&#8217;espectacular mirador de la Pla\u00e7a Sanaqueta, no marxis sense intentar fer una pe\u00e7a de fang, ja que Miravet t\u00e9 tradici\u00f3 de terrisseria i pots trobar diferents artesans a el Raval dels Canterers. Una altra activitat molt recomanable, sempre que el bon temps acompanyi, \u00e9s un descens en canoa pel riu Ebre o el Pas de la Barca, el pas de la barca amb cotxe per creuar a l&#8217;altra part del riu, una experi\u00e8ncia que val la pena per la inversi\u00f3 en economia local i perqu\u00e8 no es perdi aquest tradicional mitj\u00e0 de transport del municipi.<\/p>\n<p>Pels voltants s&#8217;estenen camps de cultiu plens de cirerers, Una tradici\u00f3 que per la qual el segon cap de setmana de juny se celebra la Festa de la Cirera i dels Canterers, on es degusten varietats de cirera, showcocking, tasts de licors de cirera , es fa una paellada popular, ball i fins a un concurs de llan\u00e7ament d&#8217;os de cirera. Si vas en aquestes dates no te la pots perdre!<\/p>\n\t\t\t\t\t\t\t\t<\/div>\n\t\t\t\t<\/div>\n\t\t\t\t\t<\/div>\n\t\t<\/div>\n\t\t\t\t\t<\/div>\n\t\t<\/section>\n\t\t\t\t<section class=\"elementor-section elementor-top-section elementor-element elementor-element-934cfa6 elementor-section-boxed elementor-section-height-default elementor-section-height-default\" data-id=\"934cfa6\" data-element_type=\"section\">\n\t\t\t\t\t\t<div class=\"elementor-container elementor-column-gap-default\">\n\t\t\t\t\t<div class=\"elementor-column elementor-col-100 elementor-top-column elementor-element elementor-element-6d28942\" data-id=\"6d28942\" data-element_type=\"column\">\n\t\t\t<div class=\"elementor-widget-wrap elementor-element-populated\">\n\t\t\t\t\t\t<div class=\"elementor-element elementor-element-24f2b10 elementor-widget elementor-widget-heading\" data-id=\"24f2b10\" data-element_type=\"widget\" data-widget_type=\"heading.default\">\n\t\t\t\t<div class=\"elementor-widget-container\">\n\t\t\t\t\t<h2 class=\"elementor-heading-title elementor-size-default\">4. Corbera d'Ebre<\/h2>\t\t\t\t<\/div>\n\t\t\t\t<\/div>\n\t\t\t\t\t<\/div>\n\t\t<\/div>\n\t\t\t\t\t<\/div>\n\t\t<\/section>\n\t\t\t\t<section class=\"elementor-section elementor-top-section elementor-element elementor-element-5a266e9 elementor-section-boxed elementor-section-height-default elementor-section-height-default\" data-id=\"5a266e9\" data-element_type=\"section\">\n\t\t\t\t\t\t<div class=\"elementor-container elementor-column-gap-default\">\n\t\t\t\t\t<div class=\"elementor-column elementor-col-50 elementor-top-column elementor-element elementor-element-8ca8f7f\" data-id=\"8ca8f7f\" data-element_type=\"column\">\n\t\t\t<div class=\"elementor-widget-wrap elementor-element-populated\">\n\t\t\t\t\t\t<div class=\"elementor-element elementor-element-55b0b90 elementor-widget elementor-widget-image\" data-id=\"55b0b90\" data-element_type=\"widget\" data-widget_type=\"image.default\">\n\t\t\t\t<div class=\"elementor-widget-container\">\n\t\t\t\t\t\t\t\t\t\t\t\t\t\t\t<img loading=\"lazy\" decoding=\"async\" width=\"583\" height=\"368\" src=\"https:\/\/www.willysplan.com\/wp-content\/uploads\/2021\/09\/corberadelebre.jpg\" class=\"attachment-large size-large wp-image-14385\" alt=\"\" srcset=\"https:\/\/www.willysplan.com\/wp-content\/uploads\/2021\/09\/corberadelebre.jpg 583w, https:\/\/www.willysplan.com\/wp-content\/uploads\/2021\/09\/corberadelebre-300x189.jpg 300w\" sizes=\"(max-width: 583px) 100vw, 583px\" \/>\t\t\t\t\t\t\t\t\t\t\t\t\t\t\t<\/div>\n\t\t\t\t<\/div>\n\t\t\t\t\t<\/div>\n\t\t<\/div>\n\t\t\t\t<div class=\"elementor-column elementor-col-50 elementor-top-column elementor-element elementor-element-3e5315c\" data-id=\"3e5315c\" data-element_type=\"column\">\n\t\t\t<div class=\"elementor-widget-wrap elementor-element-populated\">\n\t\t\t\t\t\t<div class=\"elementor-element elementor-element-2ac84a8 elementor-widget elementor-widget-google_maps\" data-id=\"2ac84a8\" data-element_type=\"widget\" data-widget_type=\"google_maps.default\">\n\t\t\t\t<div class=\"elementor-widget-container\">\n\t\t\t\t\t\t\t<div class=\"elementor-custom-embed\">\n\t\t\t<iframe loading=\"lazy\"\n\t\t\t\t\tsrc=\"https:\/\/maps.google.com\/maps?q=Corbera%20d%E2%80%99Ebre&#038;t=m&#038;z=10&#038;output=embed&#038;iwloc=near\"\n\t\t\t\t\ttitle=\"Corbera d\u2019Ebre\"\n\t\t\t\t\taria-label=\"Corbera d\u2019Ebre\"\n\t\t\t><\/iframe>\n\t\t<\/div>\n\t\t\t\t\t\t<\/div>\n\t\t\t\t<\/div>\n\t\t\t\t\t<\/div>\n\t\t<\/div>\n\t\t\t\t\t<\/div>\n\t\t<\/section>\n\t\t\t\t<section class=\"elementor-section elementor-top-section elementor-element elementor-element-7dd4d6d elementor-section-boxed elementor-section-height-default elementor-section-height-default\" data-id=\"7dd4d6d\" data-element_type=\"section\">\n\t\t\t\t\t\t<div class=\"elementor-container elementor-column-gap-default\">\n\t\t\t\t\t<div class=\"elementor-column elementor-col-100 elementor-top-column elementor-element elementor-element-eab2445\" data-id=\"eab2445\" data-element_type=\"column\">\n\t\t\t<div class=\"elementor-widget-wrap elementor-element-populated\">\n\t\t\t\t\t\t<div class=\"elementor-element elementor-element-fc5f76d elementor-widget elementor-widget-text-editor\" data-id=\"fc5f76d\" data-element_type=\"widget\" data-widget_type=\"text-editor.default\">\n\t\t\t\t<div class=\"elementor-widget-container\">\n\t\t\t\t\t\t\t\t\t<p>Corbera d&#8217;Ebre \u00e9s una poblaci\u00f3 agr\u00edcola i ramadera tranquil\u00b7la de la comarca de la Terra Alta amb una important mem\u00f2ria hist\u00f2rica, ja que ha patit l&#8217;envestit de la guerra diverses vegades al llarg de les d\u00e8cades. La primera vegada el 1463 durant la guerra contra l&#8217;arquebisbe de Tarragona. A aquesta el van seguir la Guerra dels Segadors (1614) i la Guerra de Successi\u00f3 (1707), per\u00f2 el pitjor desastre se&#8217;l va emportar a la Guerra Civil (1936-39). Durant la Batalla de l&#8217;Ebre el Poble Vell va ser destru\u00eft a causa del bombardeig de morters, l&#8217;aviaci\u00f3 italiana i la Legi\u00f3 C\u00f2ndor. Aix\u00f2 va fer que els habitants supervivents es traslladessin a la part baixa del poble on es va haver de reconstruir des de zero.<\/p>\n<p>La visita al Poble vell \u00e9s obligat\u00f2ria. No nom\u00e9s perqu\u00e8 amb els diners de l?entrada ajudes en la conservaci\u00f3 d?aquest espai hist\u00f2ric, sin\u00f3 perqu\u00e8 no quedi en l?oblit. Aquest conjunt de cases en ru\u00efnes s\u00f3n una font prim\u00e0ria de tot all\u00f2 que va ser Corbera d&#8217;Ebre fins al 1938. A m\u00e9s, durant la visita es pot trobar l&#8217;Abecedari de la Llibertat, el Monument als Bridagistes Internacionals o entrar a la imponent Esgl\u00e9sia de Sant Pere. Al Centre d&#8217;Interpretaci\u00f3 podreu con\u00e8ixer com van viure combatents i civils durant la Guerra Civil en aquesta zona.<\/p>\n<p>El Parlament de Catalunya va declarar al poble de Corbera d&#8217;Ebre, \u00abLloc d&#8217;inter\u00e8s his\u00f2ric\u00bb ia causa del desastre, avui ha esdevingut un s\u00edmbol per la pau, a m\u00e9s de ser sens dubte un dels llocs m\u00e9s bonics de Tarragona.<\/p>\n\t\t\t\t\t\t\t\t<\/div>\n\t\t\t\t<\/div>\n\t\t\t\t\t<\/div>\n\t\t<\/div>\n\t\t\t\t\t<\/div>\n\t\t<\/section>\n\t\t\t\t<section class=\"elementor-section elementor-top-section elementor-element elementor-element-463b1d6 elementor-section-boxed elementor-section-height-default elementor-section-height-default\" data-id=\"463b1d6\" data-element_type=\"section\">\n\t\t\t\t\t\t<div class=\"elementor-container elementor-column-gap-default\">\n\t\t\t\t\t<div class=\"elementor-column elementor-col-100 elementor-top-column elementor-element elementor-element-906796f\" data-id=\"906796f\" data-element_type=\"column\">\n\t\t\t<div class=\"elementor-widget-wrap elementor-element-populated\">\n\t\t\t\t\t\t<div class=\"elementor-element elementor-element-add74af elementor-widget elementor-widget-heading\" data-id=\"add74af\" data-element_type=\"widget\" data-widget_type=\"heading.default\">\n\t\t\t\t<div class=\"elementor-widget-container\">\n\t\t\t\t\t<h2 class=\"elementor-heading-title elementor-size-default\">5. Poblenou del Delta\n\n\n<\/h2>\t\t\t\t<\/div>\n\t\t\t\t<\/div>\n\t\t\t\t\t<\/div>\n\t\t<\/div>\n\t\t\t\t\t<\/div>\n\t\t<\/section>\n\t\t\t\t<section class=\"elementor-section elementor-top-section elementor-element elementor-element-17f4fe2 elementor-section-boxed elementor-section-height-default elementor-section-height-default\" data-id=\"17f4fe2\" data-element_type=\"section\">\n\t\t\t\t\t\t<div class=\"elementor-container elementor-column-gap-default\">\n\t\t\t\t\t<div class=\"elementor-column elementor-col-50 elementor-top-column elementor-element elementor-element-e70c3b5\" data-id=\"e70c3b5\" data-element_type=\"column\">\n\t\t\t<div class=\"elementor-widget-wrap elementor-element-populated\">\n\t\t\t\t\t\t<div class=\"elementor-element elementor-element-6952af3 elementor-widget elementor-widget-image\" data-id=\"6952af3\" data-element_type=\"widget\" data-widget_type=\"image.default\">\n\t\t\t\t<div class=\"elementor-widget-container\">\n\t\t\t\t\t\t\t\t\t\t\t\t\t\t\t<img loading=\"lazy\" decoding=\"async\" width=\"650\" height=\"422\" src=\"https:\/\/www.willysplan.com\/wp-content\/uploads\/2021\/09\/poblenourdeldelta.jpg\" class=\"attachment-large size-large wp-image-14391\" alt=\"\" srcset=\"https:\/\/www.willysplan.com\/wp-content\/uploads\/2021\/09\/poblenourdeldelta.jpg 650w, https:\/\/www.willysplan.com\/wp-content\/uploads\/2021\/09\/poblenourdeldelta-300x195.jpg 300w, https:\/\/www.willysplan.com\/wp-content\/uploads\/2021\/09\/poblenourdeldelta-600x390.jpg 600w\" sizes=\"(max-width: 650px) 100vw, 650px\" \/>\t\t\t\t\t\t\t\t\t\t\t\t\t\t\t<\/div>\n\t\t\t\t<\/div>\n\t\t\t\t\t<\/div>\n\t\t<\/div>\n\t\t\t\t<div class=\"elementor-column elementor-col-50 elementor-top-column elementor-element elementor-element-4eea298\" data-id=\"4eea298\" data-element_type=\"column\">\n\t\t\t<div class=\"elementor-widget-wrap elementor-element-populated\">\n\t\t\t\t\t\t<div class=\"elementor-element elementor-element-d04aa7e elementor-widget elementor-widget-google_maps\" data-id=\"d04aa7e\" data-element_type=\"widget\" data-widget_type=\"google_maps.default\">\n\t\t\t\t<div class=\"elementor-widget-container\">\n\t\t\t\t\t\t\t<div class=\"elementor-custom-embed\">\n\t\t\t<iframe loading=\"lazy\"\n\t\t\t\t\tsrc=\"https:\/\/maps.google.com\/maps?q=Poblenou%20del%20Delta&#038;t=m&#038;z=10&#038;output=embed&#038;iwloc=near\"\n\t\t\t\t\ttitle=\"Poblenou del Delta\"\n\t\t\t\t\taria-label=\"Poblenou del Delta\"\n\t\t\t><\/iframe>\n\t\t<\/div>\n\t\t\t\t\t\t<\/div>\n\t\t\t\t<\/div>\n\t\t\t\t\t<\/div>\n\t\t<\/div>\n\t\t\t\t\t<\/div>\n\t\t<\/section>\n\t\t\t\t<section class=\"elementor-section elementor-top-section elementor-element elementor-element-9e9ef71 elementor-section-boxed elementor-section-height-default elementor-section-height-default\" data-id=\"9e9ef71\" data-element_type=\"section\">\n\t\t\t\t\t\t<div class=\"elementor-container elementor-column-gap-default\">\n\t\t\t\t\t<div class=\"elementor-column elementor-col-100 elementor-top-column elementor-element elementor-element-5ca7731\" data-id=\"5ca7731\" data-element_type=\"column\">\n\t\t\t<div class=\"elementor-widget-wrap elementor-element-populated\">\n\t\t\t\t\t\t<div class=\"elementor-element elementor-element-1aafa5b elementor-widget elementor-widget-text-editor\" data-id=\"1aafa5b\" data-element_type=\"widget\" data-widget_type=\"text-editor.default\">\n\t\t\t\t<div class=\"elementor-widget-container\">\n\t\t\t\t\t\t\t\t\t<p>Aquesta poblaci\u00f3 del&nbsp;Delta de l&#8217;Ebre&nbsp;pertanyent a Amposta \u00e9s un petit poble de casetes blanques i carrers estrets plens de testos florits que conformen una postal de conte.El Poble Nou del Delta&nbsp; due creat pel&nbsp;Institut Nacional de Colonitzaci\u00f3&nbsp;per donar llar als agricultors dels arrossars de la zona i gaireb\u00e9 un centenar de fam\u00edlies de colons. Inicialment anomenat&nbsp; Villafranco del Delta, va mantenir aquest nom fins al 2003, quan la Generalitat de Catalunya, aplicant la Llei de Mem\u00f2ria Hist\u00f2rica, va canviar el nom franquista original pel del Poble Nou del Delta.<\/p>\n<p>\u00c9s el lloc perfecte per con\u00e8ixer l&#8217;entorn natural del&nbsp;Parc Natural del Delta de l&#8217;Ebre, ja que est\u00e0 situada al bell mig del delta, envoltada de camps d&#8217;arr\u00f2s i en un entorn privilegiat entre la&nbsp;Llacuna de l&#8217;Encanyissada&nbsp;i la&nbsp;Llacuna de la Tancada. La gastronomia del Delta de l&#8217;Ebre \u00e9s tan rica com variada. La riquesa culin\u00e0ria de la zona \u00e9s plena de productes frescos i de proximitat. Els arrossos, el peix i el marisc centren tota latenci\u00f3. Dentre tots destaca&nbsp; l&#8217;arrossejat&nbsp; o rossejat, un senzill plat t\u00edpic del territori que els pescadors preparaven a les seves barques per aprofitar el peix que no es venia.<\/p>\n<p>Tens ocasi\u00f3 de comprovar si diem la veritat al seu mercat de diumenge, on podr\u00e0s comprar&nbsp;productes de primera qualitat&nbsp;dels agricultors del delta ia m\u00e9s col\u00b7laborar amb l&#8217;economia local. Un altre gran pla \u00e9s menjar-se un plat\u00e0s de marisc de primera qualitat al Xiringuito de la Costa, situat a la&nbsp;Punta de la Banya, a l&#8217;interior de la&nbsp;Badia dels Alfacs, totalment&nbsp;integrat a l&#8217;ecosistema natural del delta&nbsp;de manera ecol\u00f2gica i sostenible.<\/p>\t\t\t\t\t\t\t\t<\/div>\n\t\t\t\t<\/div>\n\t\t\t\t\t<\/div>\n\t\t<\/div>\n\t\t\t\t\t<\/div>\n\t\t<\/section>\n\t\t\t\t<section class=\"elementor-section elementor-top-section elementor-element elementor-element-15b5636 elementor-section-boxed elementor-section-height-default elementor-section-height-default\" data-id=\"15b5636\" data-element_type=\"section\">\n\t\t\t\t\t\t<div class=\"elementor-container elementor-column-gap-default\">\n\t\t\t\t\t<div class=\"elementor-column elementor-col-100 elementor-top-column elementor-element elementor-element-bdb4769\" data-id=\"bdb4769\" data-element_type=\"column\">\n\t\t\t<div class=\"elementor-widget-wrap elementor-element-populated\">\n\t\t\t\t\t\t<div class=\"elementor-element elementor-element-b9343a2 elementor-widget elementor-widget-heading\" data-id=\"b9343a2\" data-element_type=\"widget\" data-widget_type=\"heading.default\">\n\t\t\t\t<div class=\"elementor-widget-container\">\n\t\t\t\t\t<h2 class=\"elementor-heading-title elementor-size-default\">5. Aiguam\u00farcia<\/h2>\t\t\t\t<\/div>\n\t\t\t\t<\/div>\n\t\t\t\t\t<\/div>\n\t\t<\/div>\n\t\t\t\t\t<\/div>\n\t\t<\/section>\n\t\t\t\t<section class=\"elementor-section elementor-top-section elementor-element elementor-element-75483c7 elementor-section-boxed elementor-section-height-default elementor-section-height-default\" data-id=\"75483c7\" data-element_type=\"section\">\n\t\t\t\t\t\t<div class=\"elementor-container elementor-column-gap-default\">\n\t\t\t\t\t<div class=\"elementor-column elementor-col-50 elementor-top-column elementor-element elementor-element-1aab861\" data-id=\"1aab861\" data-element_type=\"column\">\n\t\t\t<div class=\"elementor-widget-wrap elementor-element-populated\">\n\t\t\t\t\t\t<div class=\"elementor-element elementor-element-b5fd43b elementor-widget elementor-widget-image\" data-id=\"b5fd43b\" data-element_type=\"widget\" data-widget_type=\"image.default\">\n\t\t\t\t<div class=\"elementor-widget-container\">\n\t\t\t\t\t\t\t\t\t\t\t\t\t\t\t<img loading=\"lazy\" decoding=\"async\" width=\"563\" height=\"438\" src=\"https:\/\/www.willysplan.com\/wp-content\/uploads\/2021\/09\/aiguamurcia.jpg\" class=\"attachment-large size-large wp-image-14383\" alt=\"\" srcset=\"https:\/\/www.willysplan.com\/wp-content\/uploads\/2021\/09\/aiguamurcia.jpg 563w, https:\/\/www.willysplan.com\/wp-content\/uploads\/2021\/09\/aiguamurcia-300x233.jpg 300w\" sizes=\"(max-width: 563px) 100vw, 563px\" \/>\t\t\t\t\t\t\t\t\t\t\t\t\t\t\t<\/div>\n\t\t\t\t<\/div>\n\t\t\t\t\t<\/div>\n\t\t<\/div>\n\t\t\t\t<div class=\"elementor-column elementor-col-50 elementor-top-column elementor-element elementor-element-151e5f7\" data-id=\"151e5f7\" data-element_type=\"column\">\n\t\t\t<div class=\"elementor-widget-wrap elementor-element-populated\">\n\t\t\t\t\t\t<div class=\"elementor-element elementor-element-3e97a93 elementor-widget elementor-widget-google_maps\" data-id=\"3e97a93\" data-element_type=\"widget\" data-widget_type=\"google_maps.default\">\n\t\t\t\t<div class=\"elementor-widget-container\">\n\t\t\t\t\t\t\t<div class=\"elementor-custom-embed\">\n\t\t\t<iframe loading=\"lazy\"\n\t\t\t\t\tsrc=\"https:\/\/maps.google.com\/maps?q=Aiguam%C3%BArcia&#038;t=m&#038;z=10&#038;output=embed&#038;iwloc=near\"\n\t\t\t\t\ttitle=\"Aiguam\u00farcia\"\n\t\t\t\t\taria-label=\"Aiguam\u00farcia\"\n\t\t\t><\/iframe>\n\t\t<\/div>\n\t\t\t\t\t\t<\/div>\n\t\t\t\t<\/div>\n\t\t\t\t\t<\/div>\n\t\t<\/div>\n\t\t\t\t\t<\/div>\n\t\t<\/section>\n\t\t\t\t<section class=\"elementor-section elementor-top-section elementor-element elementor-element-125a922 elementor-section-boxed elementor-section-height-default elementor-section-height-default\" data-id=\"125a922\" data-element_type=\"section\">\n\t\t\t\t\t\t<div class=\"elementor-container elementor-column-gap-default\">\n\t\t\t\t\t<div class=\"elementor-column elementor-col-100 elementor-top-column elementor-element elementor-element-4016297\" data-id=\"4016297\" data-element_type=\"column\">\n\t\t\t<div class=\"elementor-widget-wrap elementor-element-populated\">\n\t\t\t\t\t\t<div class=\"elementor-element elementor-element-f575834 elementor-widget elementor-widget-text-editor\" data-id=\"f575834\" data-element_type=\"widget\" data-widget_type=\"text-editor.default\">\n\t\t\t\t<div class=\"elementor-widget-container\">\n\t\t\t\t\t\t\t\t\t<p style=\"margin: 0cm; margin-bottom: .0001pt; text-align: justify; background: white; vertical-align: baseline;\"><span style=\"font-family: 'Arial','sans-serif';\">Aquest petit poble d&#8217;uns 800 habitants es troba a la comarca tarragonina de l&#8217;Alt Camp, a una zona muntanyosa en un dels marges del riu Gai\u00e0, envoltat per bell\u00edssims camps de vinyes. <\/span><\/p>\n<p style=\"margin: 0cm; margin-bottom: .0001pt; text-align: justify; background: white; vertical-align: baseline;\"><span style=\"font-family: 'Arial','sans-serif';\"> <\/span><\/p>\n<p style=\"margin: 0cm; margin-bottom: .0001pt; text-align: justify; background: white; vertical-align: baseline;\"><span style=\"font-family: 'Arial','sans-serif';\">Seria un poble desconegut si no fos perqu\u00e8 s&#8217;hi troba el Monestir de Santes Creus, una de les obres m\u00e9s importants de l&#8217;art medieval catal\u00e0. Fundat al segle XII, aquest monestir \u00e9s un dels tres que formen part de la Ruta del Cister, juntament amb el de Poblet i el de Vallbona de les Monges, amb un imponent claustre g\u00f2tic i les tombes reials dels reis Pere el Gran i Jaume II el Just i la seva esposa Blanca d&#8217;Anjou. <\/span><\/p>\n<\/p>\n<p style=\"margin: 0cm; margin-bottom: .0001pt; text-align: justify; background: white; vertical-align: baseline;\"><span style=\"font-family: 'Arial','sans-serif';\">El cenobi deu el seu nom a les nombroses creus lluminoses que antigament omplien de claredat els prats durant la foscor de la nit. Actualment, \u00e9s l&#8217;\u00fanic monestir de la Ruta dels Reials Monestirs de Catalunya on no es fa vida monacal, cosa que permet al visitant descobrir a plaer cadascun dels seus racons i con\u00e8ixer les diverses hist\u00f2ries i llegendes del lloc.<\/span><\/p>\n<p style=\"margin: 0cm; margin-bottom: .0001pt; text-align: justify; background: white; vertical-align: baseline;\"><span style=\"font-family: 'Arial','sans-serif';\">D&#8217;altra banda, en aquest poble tamb\u00e9 podeu trobar una acurada oferta de turisme rural i gastron\u00f2mic, aix\u00ed com els atractius propis del turisme enol\u00f2gic, amb cooperatives i cellers de la Denominaci\u00f3 d&#8217;Origen Pened\u00e8s.<\/span><\/p>\n\t\t\t\t\t\t\t\t<\/div>\n\t\t\t\t<\/div>\n\t\t\t\t\t<\/div>\n\t\t<\/div>\n\t\t\t\t\t<\/div>\n\t\t<\/section>\n\t\t\t\t<section class=\"elementor-section elementor-top-section elementor-element elementor-element-e9b80a3 elementor-section-boxed elementor-section-height-default elementor-section-height-default\" data-id=\"e9b80a3\" data-element_type=\"section\">\n\t\t\t\t\t\t<div class=\"elementor-container elementor-column-gap-default\">\n\t\t\t\t\t<div class=\"elementor-column elementor-col-100 elementor-top-column elementor-element elementor-element-9dd7f69\" data-id=\"9dd7f69\" data-element_type=\"column\">\n\t\t\t<div class=\"elementor-widget-wrap elementor-element-populated\">\n\t\t\t\t\t\t<div class=\"elementor-element elementor-element-6e58283 elementor-widget elementor-widget-heading\" data-id=\"6e58283\" data-element_type=\"widget\" data-widget_type=\"heading.default\">\n\t\t\t\t<div class=\"elementor-widget-container\">\n\t\t\t\t\t<h2 class=\"elementor-heading-title elementor-size-default\">7. La Vilella Baixa<\/h2>\t\t\t\t<\/div>\n\t\t\t\t<\/div>\n\t\t\t\t\t<\/div>\n\t\t<\/div>\n\t\t\t\t\t<\/div>\n\t\t<\/section>\n\t\t\t\t<section class=\"elementor-section elementor-top-section elementor-element elementor-element-7f43acc elementor-section-boxed elementor-section-height-default elementor-section-height-default\" data-id=\"7f43acc\" data-element_type=\"section\">\n\t\t\t\t\t\t<div class=\"elementor-container elementor-column-gap-default\">\n\t\t\t\t\t<div class=\"elementor-column elementor-col-50 elementor-top-column elementor-element elementor-element-02588a6\" data-id=\"02588a6\" data-element_type=\"column\">\n\t\t\t<div class=\"elementor-widget-wrap elementor-element-populated\">\n\t\t\t\t\t\t<div class=\"elementor-element elementor-element-3e17668 elementor-widget elementor-widget-image\" data-id=\"3e17668\" data-element_type=\"widget\" data-widget_type=\"image.default\">\n\t\t\t\t<div class=\"elementor-widget-container\">\n\t\t\t\t\t\t\t\t\t\t\t\t\t\t\t<img loading=\"lazy\" decoding=\"async\" width=\"650\" height=\"420\" src=\"https:\/\/www.willysplan.com\/wp-content\/uploads\/2021\/09\/vilellabaixa.jpg\" class=\"attachment-large size-large wp-image-14395\" alt=\"\" srcset=\"https:\/\/www.willysplan.com\/wp-content\/uploads\/2021\/09\/vilellabaixa.jpg 650w, https:\/\/www.willysplan.com\/wp-content\/uploads\/2021\/09\/vilellabaixa-300x194.jpg 300w, https:\/\/www.willysplan.com\/wp-content\/uploads\/2021\/09\/vilellabaixa-600x388.jpg 600w\" sizes=\"(max-width: 650px) 100vw, 650px\" \/>\t\t\t\t\t\t\t\t\t\t\t\t\t\t\t<\/div>\n\t\t\t\t<\/div>\n\t\t\t\t\t<\/div>\n\t\t<\/div>\n\t\t\t\t<div class=\"elementor-column elementor-col-50 elementor-top-column elementor-element elementor-element-5a097cc\" data-id=\"5a097cc\" data-element_type=\"column\">\n\t\t\t<div class=\"elementor-widget-wrap elementor-element-populated\">\n\t\t\t\t\t\t<div class=\"elementor-element elementor-element-b0d1a3a elementor-widget elementor-widget-google_maps\" data-id=\"b0d1a3a\" data-element_type=\"widget\" data-widget_type=\"google_maps.default\">\n\t\t\t\t<div class=\"elementor-widget-container\">\n\t\t\t\t\t\t\t<div class=\"elementor-custom-embed\">\n\t\t\t<iframe loading=\"lazy\"\n\t\t\t\t\tsrc=\"https:\/\/maps.google.com\/maps?q=%20La%20Vilella%20Baixa&#038;t=m&#038;z=10&#038;output=embed&#038;iwloc=near\"\n\t\t\t\t\ttitle=\" La Vilella Baixa\"\n\t\t\t\t\taria-label=\" La Vilella Baixa\"\n\t\t\t><\/iframe>\n\t\t<\/div>\n\t\t\t\t\t\t<\/div>\n\t\t\t\t<\/div>\n\t\t\t\t\t<\/div>\n\t\t<\/div>\n\t\t\t\t\t<\/div>\n\t\t<\/section>\n\t\t\t\t<section class=\"elementor-section elementor-top-section elementor-element elementor-element-7d32784 elementor-section-boxed elementor-section-height-default elementor-section-height-default\" data-id=\"7d32784\" data-element_type=\"section\">\n\t\t\t\t\t\t<div class=\"elementor-container elementor-column-gap-default\">\n\t\t\t\t\t<div class=\"elementor-column elementor-col-100 elementor-top-column elementor-element elementor-element-a5fbe18\" data-id=\"a5fbe18\" data-element_type=\"column\">\n\t\t\t<div class=\"elementor-widget-wrap elementor-element-populated\">\n\t\t\t\t\t\t<div class=\"elementor-element elementor-element-3baf7dc elementor-widget elementor-widget-text-editor\" data-id=\"3baf7dc\" data-element_type=\"widget\" data-widget_type=\"text-editor.default\">\n\t\t\t\t<div class=\"elementor-widget-container\">\n\t\t\t\t\t\t\t\t\t<p>A l&#8217;abric de la serra de Montsant, al costat del riu Montsant i el rierol d&#8217;Escaladei, trobem La Vilella Baixa. En el seu llibre Viatge al Priorat, Josep Maria Espin\u00e0s va descriure La Vilella Baixa com la Nova York del Priorat, pels edificis sis o set plantes que hi ha a un dels costats del poble.<\/p><p>Est\u00e0 encantador poble \u00e9s plena de racons id\u00edl\u00b7lics i d&#8217;altres de molt sorprenents, com les altes coses constru\u00efdes sobre el barranc d&#8217;Escalade, el pont de pedra sobre el riu Montsant o l&#8217;esgl\u00e9sia de Sant Joan Baptista i la seva pla\u00e7a.<\/p><p>Si us agrada la natura, \u00e9s un lloc ideal per als amants de les <a href=\"https:\/\/www.willysplan.com\/ca\/rutes\/rutes-de-senderisme-i-excursions-per-catalunya\">rutes de senderisme i excursions a Catalunya<\/a> , ja sigui a peu o amb bicicleta, ja que compta amb diversos senders a rec\u00f3rrer per gaudir del seu impressionant patrimoni natural. Si t&#8217;apassionen aquests plans a l&#8217;aire lliure hauries de llegir el nostre post sobre les <a href=\"https:\/\/www.willysplan.com\/ca\/idees\/les-millors-rutes-amb-bici-per-barcelona\">millors rutes amb bici per Barcelona<\/a> .<\/p><p>Has de visitar el nucli antic, amb carrers estrets i costeruts i punts de gran inter\u00e8s com el &#8216;carrer que no passa&#8217;, el pont rom\u00e0nic sobre el riu Montsant i les cases sobre el barranc d&#8217;Escaladei. Tamb\u00e9 \u00e9s una bona opci\u00f3 contractar una visita guiada als cellers i molins que hi ha al poble i tastar els seus excel\u00b7lents vins i olis. Tampoc te&#8217;n pots anar sense provar les tradicionals coques ensucrades amb \u201csaliandra\u201d i \u201cmatafulga\u201d.<\/p>\t\t\t\t\t\t\t\t<\/div>\n\t\t\t\t<\/div>\n\t\t\t\t\t<\/div>\n\t\t<\/div>\n\t\t\t\t\t<\/div>\n\t\t<\/section>\n\t\t\t\t<section class=\"elementor-section elementor-top-section elementor-element elementor-element-774fd5b elementor-section-boxed elementor-section-height-default elementor-section-height-default\" data-id=\"774fd5b\" data-element_type=\"section\">\n\t\t\t\t\t\t<div class=\"elementor-container elementor-column-gap-default\">\n\t\t\t\t\t<div class=\"elementor-column elementor-col-100 elementor-top-column elementor-element elementor-element-ccb3386\" data-id=\"ccb3386\" data-element_type=\"column\">\n\t\t\t<div class=\"elementor-widget-wrap elementor-element-populated\">\n\t\t\t\t\t\t<div class=\"elementor-element elementor-element-5d6c67c elementor-widget elementor-widget-heading\" data-id=\"5d6c67c\" data-element_type=\"widget\" data-widget_type=\"heading.default\">\n\t\t\t\t<div class=\"elementor-widget-container\">\n\t\t\t\t\t<h2 class=\"elementor-heading-title elementor-size-default\">Altres rutes que tamb\u00e9 et poden interessar...<\/h2>\t\t\t\t<\/div>\n\t\t\t\t<\/div>\n\t\t\t\t\t<\/div>\n\t\t<\/div>\n\t\t\t\t\t<\/div>\n\t\t<\/section>\n\t\t\t\t<section class=\"elementor-section elementor-top-section elementor-element elementor-element-b9303aa elementor-section-boxed elementor-section-height-default elementor-section-height-default\" data-id=\"b9303aa\" data-element_type=\"section\">\n\t\t\t\t\t\t<div class=\"elementor-container elementor-column-gap-default\">\n\t\t\t\t\t<div class=\"elementor-column elementor-col-100 elementor-top-column elementor-element elementor-element-4c9811a\" data-id=\"4c9811a\" data-element_type=\"column\">\n\t\t\t<div class=\"elementor-widget-wrap elementor-element-populated\">\n\t\t\t\t\t\t\t<\/div>\n\t\t<\/div>\n\t\t\t\t\t<\/div>\n\t\t<\/section>\n\t\t\t\t<\/div>\n\t\t","protected":false},"excerpt":{"rendered":"<p>Coneixes els pobles m\u00e9s bonics a prop de Tarragona? Medievals, costaners,\u2026Descobreix els 10 pobles amb m\u00e9s encant de Tarragona\u2705<\/p>\n","protected":false},"author":1,"featured_media":12133,"comment_status":"closed","ping_status":"closed","sticky":false,"template":"","format":"standard","meta":{"neve_meta_sidebar":"","neve_meta_container":"","neve_meta_enable_content_width":"","neve_meta_content_width":0,"neve_meta_title_alignment":"","neve_meta_author_avatar":"","neve_post_elements_order":"","neve_meta_disable_header":"","neve_meta_disable_footer":"","neve_meta_disable_title":"","_joinchat":[],"footnotes":""},"categories":[462],"tags":[461],"class_list":["post-16433","post","type-post","status-publish","format-standard","has-post-thumbnail","hentry","category-idees","tag-idees"],"yoast_head":"<!-- This site is optimized with the Yoast SEO Premium plugin v20.1 (Yoast SEO v26.9) - https:\/\/yoast.com\/product\/yoast-seo-premium-wordpress\/ -->\n<title>Els 7 pobles m\u00e9s bonics a prop de Tarragona - Willy&#039;s Plan<\/title>\n<meta name=\"description\" content=\"Coneixes els pobles m\u00e9s bonics a prop de Tarragona? Medievals, costaners,\u2026Descobreix els 10 pobles amb m\u00e9s encant de Tarragona\u2705\" \/>\n<meta name=\"robots\" content=\"index, follow, max-snippet:-1, max-image-preview:large, max-video-preview:-1\" \/>\n<link rel=\"canonical\" href=\"https:\/\/willysplan.com\/ca\/idees\/els-7-pobles-mes-bonics-a-prop-de-tarragona\" \/>\n<meta property=\"og:locale\" content=\"ca_ES\" \/>\n<meta property=\"og:type\" content=\"article\" \/>\n<meta property=\"og:title\" content=\"Els 7 pobles m\u00e9s bonics a prop de Tarragona\" \/>\n<meta property=\"og:description\" content=\"Coneixes els pobles m\u00e9s bonics a prop de Tarragona? Medievals, costaners,\u2026Descobreix els 10 pobles amb m\u00e9s encant de Tarragona\u2705\" \/>\n<meta property=\"og:url\" content=\"https:\/\/willysplan.com\/ca\/idees\/els-7-pobles-mes-bonics-a-prop-de-tarragona\" \/>\n<meta property=\"og:site_name\" content=\"Willy&#039;s Plan \ud83c\udf43\" \/>\n<meta property=\"article:published_time\" content=\"2021-10-05T20:05:40+00:00\" \/>\n<meta property=\"article:modified_time\" content=\"2023-07-24T05:43:46+00:00\" \/>\n<meta property=\"og:image\" content=\"https:\/\/www.willysplan.com\/wp-content\/uploads\/2020\/06\/que-hacer-en-siurana-de-prades.jpg\" \/>\n\t<meta property=\"og:image:width\" content=\"3008\" \/>\n\t<meta property=\"og:image:height\" content=\"2000\" \/>\n\t<meta property=\"og:image:type\" content=\"image\/jpeg\" \/>\n<meta name=\"author\" content=\"admin\" \/>\n<meta name=\"twitter:card\" content=\"summary_large_image\" \/>\n<meta name=\"twitter:label1\" content=\"Escrit per\" \/>\n\t<meta name=\"twitter:data1\" content=\"admin\" \/>\n\t<meta name=\"twitter:label2\" content=\"Temps estimat de lectura\" \/>\n\t<meta name=\"twitter:data2\" content=\"10 minuts\" \/>\n<script type=\"application\/ld+json\" class=\"yoast-schema-graph\">{\"@context\":\"https:\/\/schema.org\",\"@graph\":[{\"@type\":\"Article\",\"@id\":\"https:\/\/willysplan.com\/ca\/idees\/els-7-pobles-mes-bonics-a-prop-de-tarragona#article\",\"isPartOf\":{\"@id\":\"https:\/\/www.willysplan.com\/ca\/idees\/els-7-pobles-mes-bonics-a-prop-de-tarragona\"},\"author\":{\"name\":\"admin\",\"@id\":\"https:\/\/www.willysplan.com\/#\/schema\/person\/58c1527a9a42e9b18a877f14136f1d47\"},\"headline\":\"Els 7 pobles m\u00e9s bonics a prop de Tarragona\",\"datePublished\":\"2021-10-05T20:05:40+00:00\",\"dateModified\":\"2023-07-24T05:43:46+00:00\",\"mainEntityOfPage\":{\"@id\":\"https:\/\/www.willysplan.com\/ca\/idees\/els-7-pobles-mes-bonics-a-prop-de-tarragona\"},\"wordCount\":2088,\"publisher\":{\"@id\":\"https:\/\/www.willysplan.com\/#organization\"},\"image\":{\"@id\":\"https:\/\/willysplan.com\/ca\/idees\/els-7-pobles-mes-bonics-a-prop-de-tarragona#primaryimage\"},\"thumbnailUrl\":\"https:\/\/www.willysplan.com\/wp-content\/uploads\/2020\/06\/que-hacer-en-siurana-de-prades.jpg\",\"keywords\":[\"idees\"],\"articleSection\":[\"Idees\"],\"inLanguage\":\"ca\"},{\"@type\":\"WebPage\",\"@id\":\"https:\/\/www.willysplan.com\/ca\/idees\/els-7-pobles-mes-bonics-a-prop-de-tarragona\",\"url\":\"https:\/\/willysplan.com\/ca\/idees\/els-7-pobles-mes-bonics-a-prop-de-tarragona\",\"name\":\"Els 7 pobles m\u00e9s bonics a prop de Tarragona - Willy's Plan\",\"isPartOf\":{\"@id\":\"https:\/\/www.willysplan.com\/#website\"},\"primaryImageOfPage\":{\"@id\":\"https:\/\/willysplan.com\/ca\/idees\/els-7-pobles-mes-bonics-a-prop-de-tarragona#primaryimage\"},\"image\":{\"@id\":\"https:\/\/willysplan.com\/ca\/idees\/els-7-pobles-mes-bonics-a-prop-de-tarragona#primaryimage\"},\"thumbnailUrl\":\"https:\/\/www.willysplan.com\/wp-content\/uploads\/2020\/06\/que-hacer-en-siurana-de-prades.jpg\",\"datePublished\":\"2021-10-05T20:05:40+00:00\",\"dateModified\":\"2023-07-24T05:43:46+00:00\",\"description\":\"Coneixes els pobles m\u00e9s bonics a prop de Tarragona? Medievals, costaners,\u2026Descobreix els 10 pobles amb m\u00e9s encant de Tarragona\u2705\",\"inLanguage\":\"ca\",\"potentialAction\":[{\"@type\":\"ReadAction\",\"target\":[\"https:\/\/willysplan.com\/ca\/idees\/els-7-pobles-mes-bonics-a-prop-de-tarragona\"]}]},{\"@type\":\"ImageObject\",\"inLanguage\":\"ca\",\"@id\":\"https:\/\/willysplan.com\/ca\/idees\/els-7-pobles-mes-bonics-a-prop-de-tarragona#primaryimage\",\"url\":\"https:\/\/www.willysplan.com\/wp-content\/uploads\/2020\/06\/que-hacer-en-siurana-de-prades.jpg\",\"contentUrl\":\"https:\/\/www.willysplan.com\/wp-content\/uploads\/2020\/06\/que-hacer-en-siurana-de-prades.jpg\",\"width\":3008,\"height\":2000},{\"@type\":\"WebSite\",\"@id\":\"https:\/\/www.willysplan.com\/#website\",\"url\":\"https:\/\/www.willysplan.com\/\",\"name\":\"Willy&#039;s Plan \ud83c\udf43\",\"description\":\"Escapadas y Planes de fin de semana\",\"publisher\":{\"@id\":\"https:\/\/www.willysplan.com\/#organization\"},\"potentialAction\":[{\"@type\":\"SearchAction\",\"target\":{\"@type\":\"EntryPoint\",\"urlTemplate\":\"https:\/\/www.willysplan.com\/?s={search_term_string}\"},\"query-input\":{\"@type\":\"PropertyValueSpecification\",\"valueRequired\":true,\"valueName\":\"search_term_string\"}}],\"inLanguage\":\"ca\"},{\"@type\":\"Organization\",\"@id\":\"https:\/\/www.willysplan.com\/#organization\",\"name\":\"Willy&#039;s Plan \ud83c\udf43\",\"url\":\"https:\/\/www.willysplan.com\/\",\"logo\":{\"@type\":\"ImageObject\",\"inLanguage\":\"ca\",\"@id\":\"https:\/\/www.willysplan.com\/#\/schema\/logo\/image\/\",\"url\":\"https:\/\/www.willysplan.com\/wp-content\/uploads\/2020\/04\/cropped-logo-1.png\",\"contentUrl\":\"https:\/\/www.willysplan.com\/wp-content\/uploads\/2020\/04\/cropped-logo-1.png\",\"width\":332,\"height\":332,\"caption\":\"Willy&#039;s Plan \ud83c\udf43\"},\"image\":{\"@id\":\"https:\/\/www.willysplan.com\/#\/schema\/logo\/image\/\"}},{\"@type\":\"Person\",\"@id\":\"https:\/\/www.willysplan.com\/#\/schema\/person\/58c1527a9a42e9b18a877f14136f1d47\",\"name\":\"admin\",\"image\":{\"@type\":\"ImageObject\",\"inLanguage\":\"ca\",\"@id\":\"https:\/\/www.willysplan.com\/#\/schema\/person\/image\/\",\"url\":\"https:\/\/secure.gravatar.com\/avatar\/0b8d78e655d83cc71e0a6cd6cb0f0f99929604cd70ff0f7ac1713f248945ea9d?s=96&d=mm&r=g\",\"contentUrl\":\"https:\/\/secure.gravatar.com\/avatar\/0b8d78e655d83cc71e0a6cd6cb0f0f99929604cd70ff0f7ac1713f248945ea9d?s=96&d=mm&r=g\",\"caption\":\"admin\"},\"url\":\"https:\/\/www.willysplan.com\/ca\/author\/admin\"}]}<\/script>\n<!-- \/ Yoast SEO Premium plugin. -->","yoast_head_json":{"title":"Els 7 pobles m\u00e9s bonics a prop de Tarragona - Willy's Plan","description":"Coneixes els pobles m\u00e9s bonics a prop de Tarragona? Medievals, costaners,\u2026Descobreix els 10 pobles amb m\u00e9s encant de Tarragona\u2705","robots":{"index":"index","follow":"follow","max-snippet":"max-snippet:-1","max-image-preview":"max-image-preview:large","max-video-preview":"max-video-preview:-1"},"canonical":"https:\/\/willysplan.com\/ca\/idees\/els-7-pobles-mes-bonics-a-prop-de-tarragona","og_locale":"ca_ES","og_type":"article","og_title":"Els 7 pobles m\u00e9s bonics a prop de Tarragona","og_description":"Coneixes els pobles m\u00e9s bonics a prop de Tarragona? Medievals, costaners,\u2026Descobreix els 10 pobles amb m\u00e9s encant de Tarragona\u2705","og_url":"https:\/\/willysplan.com\/ca\/idees\/els-7-pobles-mes-bonics-a-prop-de-tarragona","og_site_name":"Willy&#039;s Plan \ud83c\udf43","article_published_time":"2021-10-05T20:05:40+00:00","article_modified_time":"2023-07-24T05:43:46+00:00","og_image":[{"width":3008,"height":2000,"url":"https:\/\/www.willysplan.com\/wp-content\/uploads\/2020\/06\/que-hacer-en-siurana-de-prades.jpg","type":"image\/jpeg"}],"author":"admin","twitter_card":"summary_large_image","twitter_misc":{"Escrit per":"admin","Temps estimat de lectura":"10 minuts"},"schema":{"@context":"https:\/\/schema.org","@graph":[{"@type":"Article","@id":"https:\/\/willysplan.com\/ca\/idees\/els-7-pobles-mes-bonics-a-prop-de-tarragona#article","isPartOf":{"@id":"https:\/\/www.willysplan.com\/ca\/idees\/els-7-pobles-mes-bonics-a-prop-de-tarragona"},"author":{"name":"admin","@id":"https:\/\/www.willysplan.com\/#\/schema\/person\/58c1527a9a42e9b18a877f14136f1d47"},"headline":"Els 7 pobles m\u00e9s bonics a prop de Tarragona","datePublished":"2021-10-05T20:05:40+00:00","dateModified":"2023-07-24T05:43:46+00:00","mainEntityOfPage":{"@id":"https:\/\/www.willysplan.com\/ca\/idees\/els-7-pobles-mes-bonics-a-prop-de-tarragona"},"wordCount":2088,"publisher":{"@id":"https:\/\/www.willysplan.com\/#organization"},"image":{"@id":"https:\/\/willysplan.com\/ca\/idees\/els-7-pobles-mes-bonics-a-prop-de-tarragona#primaryimage"},"thumbnailUrl":"https:\/\/www.willysplan.com\/wp-content\/uploads\/2020\/06\/que-hacer-en-siurana-de-prades.jpg","keywords":["idees"],"articleSection":["Idees"],"inLanguage":"ca"},{"@type":"WebPage","@id":"https:\/\/www.willysplan.com\/ca\/idees\/els-7-pobles-mes-bonics-a-prop-de-tarragona","url":"https:\/\/willysplan.com\/ca\/idees\/els-7-pobles-mes-bonics-a-prop-de-tarragona","name":"Els 7 pobles m\u00e9s bonics a prop de Tarragona - Willy's Plan","isPartOf":{"@id":"https:\/\/www.willysplan.com\/#website"},"primaryImageOfPage":{"@id":"https:\/\/willysplan.com\/ca\/idees\/els-7-pobles-mes-bonics-a-prop-de-tarragona#primaryimage"},"image":{"@id":"https:\/\/willysplan.com\/ca\/idees\/els-7-pobles-mes-bonics-a-prop-de-tarragona#primaryimage"},"thumbnailUrl":"https:\/\/www.willysplan.com\/wp-content\/uploads\/2020\/06\/que-hacer-en-siurana-de-prades.jpg","datePublished":"2021-10-05T20:05:40+00:00","dateModified":"2023-07-24T05:43:46+00:00","description":"Coneixes els pobles m\u00e9s bonics a prop de Tarragona? Medievals, costaners,\u2026Descobreix els 10 pobles amb m\u00e9s encant de Tarragona\u2705","inLanguage":"ca","potentialAction":[{"@type":"ReadAction","target":["https:\/\/willysplan.com\/ca\/idees\/els-7-pobles-mes-bonics-a-prop-de-tarragona"]}]},{"@type":"ImageObject","inLanguage":"ca","@id":"https:\/\/willysplan.com\/ca\/idees\/els-7-pobles-mes-bonics-a-prop-de-tarragona#primaryimage","url":"https:\/\/www.willysplan.com\/wp-content\/uploads\/2020\/06\/que-hacer-en-siurana-de-prades.jpg","contentUrl":"https:\/\/www.willysplan.com\/wp-content\/uploads\/2020\/06\/que-hacer-en-siurana-de-prades.jpg","width":3008,"height":2000},{"@type":"WebSite","@id":"https:\/\/www.willysplan.com\/#website","url":"https:\/\/www.willysplan.com\/","name":"Willy&#039;s Plan \ud83c\udf43","description":"Escapadas y Planes de fin de semana","publisher":{"@id":"https:\/\/www.willysplan.com\/#organization"},"potentialAction":[{"@type":"SearchAction","target":{"@type":"EntryPoint","urlTemplate":"https:\/\/www.willysplan.com\/?s={search_term_string}"},"query-input":{"@type":"PropertyValueSpecification","valueRequired":true,"valueName":"search_term_string"}}],"inLanguage":"ca"},{"@type":"Organization","@id":"https:\/\/www.willysplan.com\/#organization","name":"Willy&#039;s Plan \ud83c\udf43","url":"https:\/\/www.willysplan.com\/","logo":{"@type":"ImageObject","inLanguage":"ca","@id":"https:\/\/www.willysplan.com\/#\/schema\/logo\/image\/","url":"https:\/\/www.willysplan.com\/wp-content\/uploads\/2020\/04\/cropped-logo-1.png","contentUrl":"https:\/\/www.willysplan.com\/wp-content\/uploads\/2020\/04\/cropped-logo-1.png","width":332,"height":332,"caption":"Willy&#039;s Plan \ud83c\udf43"},"image":{"@id":"https:\/\/www.willysplan.com\/#\/schema\/logo\/image\/"}},{"@type":"Person","@id":"https:\/\/www.willysplan.com\/#\/schema\/person\/58c1527a9a42e9b18a877f14136f1d47","name":"admin","image":{"@type":"ImageObject","inLanguage":"ca","@id":"https:\/\/www.willysplan.com\/#\/schema\/person\/image\/","url":"https:\/\/secure.gravatar.com\/avatar\/0b8d78e655d83cc71e0a6cd6cb0f0f99929604cd70ff0f7ac1713f248945ea9d?s=96&d=mm&r=g","contentUrl":"https:\/\/secure.gravatar.com\/avatar\/0b8d78e655d83cc71e0a6cd6cb0f0f99929604cd70ff0f7ac1713f248945ea9d?s=96&d=mm&r=g","caption":"admin"},"url":"https:\/\/www.willysplan.com\/ca\/author\/admin"}]}},"_links":{"self":[{"href":"https:\/\/www.willysplan.com\/ca\/wp-json\/wp\/v2\/posts\/16433","targetHints":{"allow":["GET"]}}],"collection":[{"href":"https:\/\/www.willysplan.com\/ca\/wp-json\/wp\/v2\/posts"}],"about":[{"href":"https:\/\/www.willysplan.com\/ca\/wp-json\/wp\/v2\/types\/post"}],"author":[{"embeddable":true,"href":"https:\/\/www.willysplan.com\/ca\/wp-json\/wp\/v2\/users\/1"}],"replies":[{"embeddable":true,"href":"https:\/\/www.willysplan.com\/ca\/wp-json\/wp\/v2\/comments?post=16433"}],"version-history":[{"count":7,"href":"https:\/\/www.willysplan.com\/ca\/wp-json\/wp\/v2\/posts\/16433\/revisions"}],"predecessor-version":[{"id":21500,"href":"https:\/\/www.willysplan.com\/ca\/wp-json\/wp\/v2\/posts\/16433\/revisions\/21500"}],"wp:featuredmedia":[{"embeddable":true,"href":"https:\/\/www.willysplan.com\/ca\/wp-json\/wp\/v2\/media\/12133"}],"wp:attachment":[{"href":"https:\/\/www.willysplan.com\/ca\/wp-json\/wp\/v2\/media?parent=16433"}],"wp:term":[{"taxonomy":"category","embeddable":true,"href":"https:\/\/www.willysplan.com\/ca\/wp-json\/wp\/v2\/categories?post=16433"},{"taxonomy":"post_tag","embeddable":true,"href":"https:\/\/www.willysplan.com\/ca\/wp-json\/wp\/v2\/tags?post=16433"}],"curies":[{"name":"wp","href":"https:\/\/api.w.org\/{rel}","templated":true}]}}