{"id":16397,"date":"2021-09-06T23:18:09","date_gmt":"2021-09-06T22:18:09","guid":{"rendered":"https:\/\/willysplan.com\/uncategorized-ca\/les-7-millors-rutes-de-muntanya-per-barcelona"},"modified":"2023-04-07T10:43:59","modified_gmt":"2023-04-07T09:43:59","slug":"les-7-millors-rutes-de-muntanya-per-barcelona","status":"publish","type":"post","link":"https:\/\/www.willysplan.com\/ca\/idees\/les-7-millors-rutes-de-muntanya-per-barcelona","title":{"rendered":"Les 7 millors rutes de muntanya per Barcelona"},"content":{"rendered":"\t\t<div data-elementor-type=\"wp-post\" data-elementor-id=\"16397\" class=\"elementor elementor-16397 elementor-7754\" data-elementor-post-type=\"post\">\n\t\t\t\t\t\t<section class=\"elementor-section elementor-top-section elementor-element elementor-element-671cd3c elementor-section-boxed elementor-section-height-default elementor-section-height-default\" data-id=\"671cd3c\" data-element_type=\"section\">\n\t\t\t\t\t\t<div class=\"elementor-container elementor-column-gap-default\">\n\t\t\t\t\t<div class=\"elementor-column elementor-col-100 elementor-top-column elementor-element elementor-element-eaffc38\" data-id=\"eaffc38\" data-element_type=\"column\">\n\t\t\t<div class=\"elementor-widget-wrap elementor-element-populated\">\n\t\t\t\t\t\t<div class=\"elementor-element elementor-element-ac561a4 elementor-widget elementor-widget-text-editor\" data-id=\"ac561a4\" data-element_type=\"widget\" data-widget_type=\"text-editor.default\">\n\t\t\t\t<div class=\"elementor-widget-container\">\n\t\t\t\t\t\t\t\t\t<p><span style=\"font-family: Arial, sans-serif; text-align: justify; color: var( --e-global-color-text ); font-weight: var( --e-global-typography-text-font-weight ); background-color: var(--nv-site-bg);\">Per qu\u00e8 hauries de fer una ruta de muntanya per Barcelona?<\/span><\/p><p><span style=\"font-family: Arial, sans-serif; background-image: initial; background-position: initial; background-size: initial; background-repeat: initial; background-attachment: initial; background-origin: initial; background-clip: initial;\">El senderisme \u00e9s una de les millors maneres<\/span> <span style=\"font-family: 'Arial','sans-serif';\">per desconnectar de la ciutat respirar l&#8217;aire pur de la natura caminant pels <a href=\"https:\/\/www.willysplan.com\/ca\/idees\/els-7-millors-boscos-per-visitar-a-barcelona\">millors boscos de Barcelona,<\/a> a m\u00e9s de posar-se en forma fent esport i passar una bona estona<\/span><\/p><p>T&#8217;hem recopilat una selecci\u00f3 de rutes de senderisme per Barcelona senzilles i assequibles per a totes les edats, aix\u00ed que gaireb\u00e9 no hi ha dificultat i els llocs s\u00f3n espectaculars. Aprofita i regala&#8217;t una <a href=\"https:\/\/www.willysplan.com\/ca\/escapades-relax-per-catalunya-els-millors-balnearis-hotels-i-spas\">escapada relax per Catalunya<\/a> !<\/p>\t\t\t\t\t\t\t\t<\/div>\n\t\t\t\t<\/div>\n\t\t\t\t\t<\/div>\n\t\t<\/div>\n\t\t\t\t\t<\/div>\n\t\t<\/section>\n\t\t\t\t<section class=\"elementor-section elementor-top-section elementor-element elementor-element-fce2cde elementor-section-boxed elementor-section-height-default elementor-section-height-default\" data-id=\"fce2cde\" data-element_type=\"section\">\n\t\t\t\t\t\t<div class=\"elementor-container elementor-column-gap-default\">\n\t\t\t\t\t<div class=\"elementor-column elementor-col-100 elementor-top-column elementor-element elementor-element-6a6df74\" data-id=\"6a6df74\" data-element_type=\"column\">\n\t\t\t<div class=\"elementor-widget-wrap elementor-element-populated\">\n\t\t\t\t\t\t<div class=\"elementor-element elementor-element-3ee4a35 elementor-widget elementor-widget-heading\" data-id=\"3ee4a35\" data-element_type=\"widget\" data-widget_type=\"heading.default\">\n\t\t\t\t<div class=\"elementor-widget-container\">\n\t\t\t\t\t<h2 class=\"elementor-heading-title elementor-size-default\">1. Montseny<\/h2>\t\t\t\t<\/div>\n\t\t\t\t<\/div>\n\t\t\t\t\t<\/div>\n\t\t<\/div>\n\t\t\t\t\t<\/div>\n\t\t<\/section>\n\t\t\t\t<section class=\"elementor-section elementor-top-section elementor-element elementor-element-ec7d9c0 elementor-section-boxed elementor-section-height-default elementor-section-height-default\" data-id=\"ec7d9c0\" data-element_type=\"section\">\n\t\t\t\t\t\t<div class=\"elementor-container elementor-column-gap-default\">\n\t\t\t\t\t<div class=\"elementor-column elementor-col-50 elementor-top-column elementor-element elementor-element-1bee018\" data-id=\"1bee018\" data-element_type=\"column\">\n\t\t\t<div class=\"elementor-widget-wrap elementor-element-populated\">\n\t\t\t\t\t\t<div class=\"elementor-element elementor-element-a63218a elementor-widget elementor-widget-image\" data-id=\"a63218a\" data-element_type=\"widget\" data-widget_type=\"image.default\">\n\t\t\t\t<div class=\"elementor-widget-container\">\n\t\t\t\t\t\t\t\t\t\t\t\t\t\t\t<img fetchpriority=\"high\" decoding=\"async\" width=\"768\" height=\"474\" src=\"https:\/\/www.willysplan.com\/wp-content\/uploads\/2020\/12\/parc-natural-del-montseny-768x474.jpg\" class=\"attachment-medium_large size-medium_large wp-image-13785\" alt=\"\" srcset=\"https:\/\/www.willysplan.com\/wp-content\/uploads\/2020\/12\/parc-natural-del-montseny-768x474.jpg 768w, https:\/\/www.willysplan.com\/wp-content\/uploads\/2020\/12\/parc-natural-del-montseny-300x185.jpg 300w, https:\/\/www.willysplan.com\/wp-content\/uploads\/2020\/12\/parc-natural-del-montseny-648x400.jpg 648w, https:\/\/www.willysplan.com\/wp-content\/uploads\/2020\/12\/parc-natural-del-montseny-585x361.jpg 585w, https:\/\/www.willysplan.com\/wp-content\/uploads\/2020\/12\/parc-natural-del-montseny-600x370.jpg 600w, https:\/\/www.willysplan.com\/wp-content\/uploads\/2020\/12\/parc-natural-del-montseny.jpg 933w\" sizes=\"(max-width: 768px) 100vw, 768px\" \/>\t\t\t\t\t\t\t\t\t\t\t\t\t\t\t<\/div>\n\t\t\t\t<\/div>\n\t\t\t\t\t<\/div>\n\t\t<\/div>\n\t\t\t\t<div class=\"elementor-column elementor-col-50 elementor-top-column elementor-element elementor-element-8fdc606\" data-id=\"8fdc606\" data-element_type=\"column\">\n\t\t\t<div class=\"elementor-widget-wrap elementor-element-populated\">\n\t\t\t\t\t\t<div class=\"elementor-element elementor-element-e4b3fd9 elementor-widget elementor-widget-google_maps\" data-id=\"e4b3fd9\" data-element_type=\"widget\" data-widget_type=\"google_maps.default\">\n\t\t\t\t<div class=\"elementor-widget-container\">\n\t\t\t\t\t\t\t<div class=\"elementor-custom-embed\">\n\t\t\t<iframe loading=\"lazy\"\n\t\t\t\t\tsrc=\"https:\/\/maps.google.com\/maps?q=montseny&#038;t=m&#038;z=10&#038;output=embed&#038;iwloc=near\"\n\t\t\t\t\ttitle=\"montseny\"\n\t\t\t\t\taria-label=\"montseny\"\n\t\t\t><\/iframe>\n\t\t<\/div>\n\t\t\t\t\t\t<\/div>\n\t\t\t\t<\/div>\n\t\t\t\t\t<\/div>\n\t\t<\/div>\n\t\t\t\t\t<\/div>\n\t\t<\/section>\n\t\t\t\t<section class=\"elementor-section elementor-top-section elementor-element elementor-element-4e88c10 elementor-section-boxed elementor-section-height-default elementor-section-height-default\" data-id=\"4e88c10\" data-element_type=\"section\">\n\t\t\t\t\t\t<div class=\"elementor-container elementor-column-gap-default\">\n\t\t\t\t\t<div class=\"elementor-column elementor-col-100 elementor-top-column elementor-element elementor-element-8ccc3a4\" data-id=\"8ccc3a4\" data-element_type=\"column\">\n\t\t\t<div class=\"elementor-widget-wrap elementor-element-populated\">\n\t\t\t\t\t\t<div class=\"elementor-element elementor-element-39dc59f elementor-widget elementor-widget-text-editor\" data-id=\"39dc59f\" data-element_type=\"widget\" data-widget_type=\"text-editor.default\">\n\t\t\t\t<div class=\"elementor-widget-container\">\n\t\t\t\t\t\t\t\t\t<p><span style=\"font-size: 12.0pt; font-family: 'Arial','sans-serif';\">Un dels paratges m\u00e9s meravellosos de Barcelona sens dubte \u00e9s la Reserva Natural del Montseny. Es tracta d&#8217;una de les rutes de muntanya per Barcelona i rodalies m\u00e9s destacades i un dels<\/span><a href=\"https:\/\/www.willysplan.com\/ca\/idees\/els-5-millors-parcs-naturals-de-catalunya\"> <span style=\"font-size: 12.0pt; font-family: 'Arial','sans-serif';\">millors parcs naturals de Catalunya.<\/span><\/a><\/p><p><span style=\"font-size: 12.0pt; font-family: 'Arial','sans-serif';\">Compte amb gran biodiversitat i abasta m\u00e9s de 100.000 hect\u00e0rees de cent municipis. Tot i que est\u00e0 bonic a qualsevol \u00e8poca de l&#8217;any, es recomana visitar a la tardor, ja que els colors que tenyeixen les fulles dels arbres s\u00f3n un espectacle m\u00e0gic, digne de conte de fades. <\/span><\/p><p><span style=\"font-size: 12.0pt; font-family: 'Arial','sans-serif';\">Les rutes de muntanya que es poden dur a terme per aquesta zona s\u00f3n moltes i s&#8217;adapten perfectament a cada tipus de persona i la seva necessitat, ja que pots atrevir-te amb una ruta m\u00e9s dura o simplement passejar cap al pant\u00e0 amb els m\u00e9s petits sense cansar-te absolutament res, de manera que si busca <\/span><a href=\"https:\/\/www.willysplan.com\/ca\/escapades-amb-nens-per-catalunya\"><span style=\"font-size: 12.0pt; font-family: 'Arial','sans-serif';\">una escapada amb nens per Catalunya<\/span><\/a> <span style=\"font-size: 12.0pt; font-family: 'Arial','sans-serif';\">tamb\u00e9 \u00e9s un bon pla.<\/span><\/p>\t\t\t\t\t\t\t\t<\/div>\n\t\t\t\t<\/div>\n\t\t\t\t\t<\/div>\n\t\t<\/div>\n\t\t\t\t\t<\/div>\n\t\t<\/section>\n\t\t\t\t<section class=\"elementor-section elementor-top-section elementor-element elementor-element-d362b30 elementor-section-boxed elementor-section-height-default elementor-section-height-default\" data-id=\"d362b30\" data-element_type=\"section\">\n\t\t\t\t\t\t<div class=\"elementor-container elementor-column-gap-default\">\n\t\t\t\t\t<div class=\"elementor-column elementor-col-100 elementor-top-column elementor-element elementor-element-6b88050\" data-id=\"6b88050\" data-element_type=\"column\">\n\t\t\t<div class=\"elementor-widget-wrap elementor-element-populated\">\n\t\t\t\t\t\t<div class=\"elementor-element elementor-element-2bc09f2 elementor-widget elementor-widget-heading\" data-id=\"2bc09f2\" data-element_type=\"widget\" data-widget_type=\"heading.default\">\n\t\t\t\t<div class=\"elementor-widget-container\">\n\t\t\t\t\t<h2 class=\"elementor-heading-title elementor-size-default\">2. El Montcau i la Mola<\/h2>\t\t\t\t<\/div>\n\t\t\t\t<\/div>\n\t\t\t\t\t<\/div>\n\t\t<\/div>\n\t\t\t\t\t<\/div>\n\t\t<\/section>\n\t\t\t\t<section class=\"elementor-section elementor-top-section elementor-element elementor-element-36de432 elementor-section-boxed elementor-section-height-default elementor-section-height-default\" data-id=\"36de432\" data-element_type=\"section\">\n\t\t\t\t\t\t<div class=\"elementor-container elementor-column-gap-default\">\n\t\t\t\t\t<div class=\"elementor-column elementor-col-50 elementor-top-column elementor-element elementor-element-30a85ea\" data-id=\"30a85ea\" data-element_type=\"column\">\n\t\t\t<div class=\"elementor-widget-wrap elementor-element-populated\">\n\t\t\t\t\t\t<div class=\"elementor-element elementor-element-254baa4 elementor-widget elementor-widget-image\" data-id=\"254baa4\" data-element_type=\"widget\" data-widget_type=\"image.default\">\n\t\t\t\t<div class=\"elementor-widget-container\">\n\t\t\t\t\t\t\t\t\t\t\t\t\t\t\t<img decoding=\"async\" width=\"768\" height=\"512\" src=\"https:\/\/www.willysplan.com\/wp-content\/uploads\/2020\/06\/excursion-por-la-mola.jpg\" class=\"attachment-medium_large size-medium_large wp-image-12193\" alt=\"\" \/>\t\t\t\t\t\t\t\t\t\t\t\t\t\t\t<\/div>\n\t\t\t\t<\/div>\n\t\t\t\t\t<\/div>\n\t\t<\/div>\n\t\t\t\t<div class=\"elementor-column elementor-col-50 elementor-top-column elementor-element elementor-element-391cda5\" data-id=\"391cda5\" data-element_type=\"column\">\n\t\t\t<div class=\"elementor-widget-wrap elementor-element-populated\">\n\t\t\t\t\t\t<div class=\"elementor-element elementor-element-b390bb5 elementor-widget elementor-widget-google_maps\" data-id=\"b390bb5\" data-element_type=\"widget\" data-widget_type=\"google_maps.default\">\n\t\t\t\t<div class=\"elementor-widget-container\">\n\t\t\t\t\t\t\t<div class=\"elementor-custom-embed\">\n\t\t\t<iframe loading=\"lazy\"\n\t\t\t\t\tsrc=\"https:\/\/maps.google.com\/maps?q=La%20Mola&#038;t=m&#038;z=10&#038;output=embed&#038;iwloc=near\"\n\t\t\t\t\ttitle=\"La Mola\"\n\t\t\t\t\taria-label=\"La Mola\"\n\t\t\t><\/iframe>\n\t\t<\/div>\n\t\t\t\t\t\t<\/div>\n\t\t\t\t<\/div>\n\t\t\t\t\t<\/div>\n\t\t<\/div>\n\t\t\t\t\t<\/div>\n\t\t<\/section>\n\t\t\t\t<section class=\"elementor-section elementor-top-section elementor-element elementor-element-090337d elementor-section-boxed elementor-section-height-default elementor-section-height-default\" data-id=\"090337d\" data-element_type=\"section\">\n\t\t\t\t\t\t<div class=\"elementor-container elementor-column-gap-default\">\n\t\t\t\t\t<div class=\"elementor-column elementor-col-100 elementor-top-column elementor-element elementor-element-10259a1\" data-id=\"10259a1\" data-element_type=\"column\">\n\t\t\t<div class=\"elementor-widget-wrap elementor-element-populated\">\n\t\t\t\t\t\t<div class=\"elementor-element elementor-element-67842ef elementor-widget elementor-widget-text-editor\" data-id=\"67842ef\" data-element_type=\"widget\" data-widget_type=\"text-editor.default\">\n\t\t\t\t<div class=\"elementor-widget-container\">\n\t\t\t\t\t\t\t\t\t<p>Una de les rutes de muntanya a Barcelona m\u00e9s populars \u00e9s anar a La Mola, la muntanya m\u00e9s alta del Parc Natural de Sant Lloren\u00e7 del Munt i l&#8217;Obac, al Vall\u00e8s Occidental. Aquesta zona els diumenges \u00e9s punt de pelegrinatge de centenars de <em>pixapins,<\/em> ja que val molt la pena perqu\u00e8 les seves vistes realment s\u00f3n impressionants.<\/p><p>Durant aquesta excursi\u00f3 de muntanya per Barcelona es pot visitar el Monestir de Sant Lloren\u00e7, que actualment \u00e9s un restaurant-museu, el Cam\u00ed dels monjos i algun bar a la capella del monestir on podem parar a descansar. Hi ha diversos itineraris que podeu seguir a La Mola: visitar els Castells de Pera, la S\u00ednia de Can Valls, la Mura\u2026 Amb 1.104 m d&#8217;al\u00e7ada i un desnivell d&#8217;uns 360 metres, \u00e9s recomanable incloure tamb\u00e9 a la vostra ruta una visita al Montcau ( 1.066 m). No us perdeu la nostra <a href=\"https:\/\/www.willysplan.com\/ca\/rutes\/excursio-des-del-montcau-a-la-mola\">excursi\u00f3 des del Montcau a la Mola<\/a> !<\/p><p>\u00c9s una excursi\u00f3 una mica m\u00e9s complexa que altres, ja que es troben diverses pujades a la ruta i zones una mica m\u00e9s dif\u00edcils, per la qual cosa la recomanem per a gent que vulgui fer esport en lloc de passejades.<\/p><p>Una dada curiosa \u00e9s que hi ha zones on els cotxes no poden pujar, aix\u00ed que els encarregats de portar els materials i els aliments als restaurants s\u00f3n els rucs, com es feia antigament. Aix\u00f2 \u00e9s encant vintage i la resta s\u00f3n ximpleries! \ud83d\ude09<\/p>\t\t\t\t\t\t\t\t<\/div>\n\t\t\t\t<\/div>\n\t\t\t\t\t<\/div>\n\t\t<\/div>\n\t\t\t\t\t<\/div>\n\t\t<\/section>\n\t\t\t\t<section class=\"elementor-section elementor-top-section elementor-element elementor-element-01669cb elementor-section-boxed elementor-section-height-default elementor-section-height-default\" data-id=\"01669cb\" data-element_type=\"section\">\n\t\t\t\t\t\t<div class=\"elementor-container elementor-column-gap-default\">\n\t\t\t\t\t<div class=\"elementor-column elementor-col-100 elementor-top-column elementor-element elementor-element-b2d14ae\" data-id=\"b2d14ae\" data-element_type=\"column\">\n\t\t\t<div class=\"elementor-widget-wrap elementor-element-populated\">\n\t\t\t\t\t\t<div class=\"elementor-element elementor-element-af65a4e elementor-widget elementor-widget-heading\" data-id=\"af65a4e\" data-element_type=\"widget\" data-widget_type=\"heading.default\">\n\t\t\t\t<div class=\"elementor-widget-container\">\n\t\t\t\t\t<h2 class=\"elementor-heading-title elementor-size-default\">3. Parc Natural del Garraf<\/h2>\t\t\t\t<\/div>\n\t\t\t\t<\/div>\n\t\t\t\t\t<\/div>\n\t\t<\/div>\n\t\t\t\t\t<\/div>\n\t\t<\/section>\n\t\t\t\t<section class=\"elementor-section elementor-top-section elementor-element elementor-element-9dde891 elementor-section-boxed elementor-section-height-default elementor-section-height-default\" data-id=\"9dde891\" data-element_type=\"section\">\n\t\t\t\t\t\t<div class=\"elementor-container elementor-column-gap-default\">\n\t\t\t\t\t<div class=\"elementor-column elementor-col-50 elementor-top-column elementor-element elementor-element-efd1b5f\" data-id=\"efd1b5f\" data-element_type=\"column\">\n\t\t\t<div class=\"elementor-widget-wrap elementor-element-populated\">\n\t\t\t\t\t\t<div class=\"elementor-element elementor-element-52923a4 elementor-widget elementor-widget-image\" data-id=\"52923a4\" data-element_type=\"widget\" data-widget_type=\"image.default\">\n\t\t\t\t<div class=\"elementor-widget-container\">\n\t\t\t\t\t\t\t\t\t\t\t\t\t\t\t<img decoding=\"async\" width=\"659\" height=\"439\" src=\"https:\/\/www.willysplan.com\/wp-content\/uploads\/2021\/08\/parquenaturalgarraf.jpg\" class=\"attachment-medium_large size-medium_large wp-image-14301\" alt=\"\" srcset=\"https:\/\/www.willysplan.com\/wp-content\/uploads\/2021\/08\/parquenaturalgarraf.jpg 659w, https:\/\/www.willysplan.com\/wp-content\/uploads\/2021\/08\/parquenaturalgarraf-300x200.jpg 300w, https:\/\/www.willysplan.com\/wp-content\/uploads\/2021\/08\/parquenaturalgarraf-600x400.jpg 600w\" sizes=\"(max-width: 659px) 100vw, 659px\" \/>\t\t\t\t\t\t\t\t\t\t\t\t\t\t\t<\/div>\n\t\t\t\t<\/div>\n\t\t\t\t\t<\/div>\n\t\t<\/div>\n\t\t\t\t<div class=\"elementor-column elementor-col-50 elementor-top-column elementor-element elementor-element-a40f723\" data-id=\"a40f723\" data-element_type=\"column\">\n\t\t\t<div class=\"elementor-widget-wrap elementor-element-populated\">\n\t\t\t\t\t\t<div class=\"elementor-element elementor-element-8ebd04f elementor-widget elementor-widget-google_maps\" data-id=\"8ebd04f\" data-element_type=\"widget\" data-widget_type=\"google_maps.default\">\n\t\t\t\t<div class=\"elementor-widget-container\">\n\t\t\t\t\t\t\t<div class=\"elementor-custom-embed\">\n\t\t\t<iframe loading=\"lazy\"\n\t\t\t\t\tsrc=\"https:\/\/maps.google.com\/maps?q=Parque%20Garraf&#038;t=m&#038;z=10&#038;output=embed&#038;iwloc=near\"\n\t\t\t\t\ttitle=\"Parque Garraf\"\n\t\t\t\t\taria-label=\"Parque Garraf\"\n\t\t\t><\/iframe>\n\t\t<\/div>\n\t\t\t\t\t\t<\/div>\n\t\t\t\t<\/div>\n\t\t\t\t\t<\/div>\n\t\t<\/div>\n\t\t\t\t\t<\/div>\n\t\t<\/section>\n\t\t\t\t<section class=\"elementor-section elementor-top-section elementor-element elementor-element-649f78d elementor-section-boxed elementor-section-height-default elementor-section-height-default\" data-id=\"649f78d\" data-element_type=\"section\">\n\t\t\t\t\t\t<div class=\"elementor-container elementor-column-gap-default\">\n\t\t\t\t\t<div class=\"elementor-column elementor-col-100 elementor-top-column elementor-element elementor-element-bd8f266\" data-id=\"bd8f266\" data-element_type=\"column\">\n\t\t\t<div class=\"elementor-widget-wrap elementor-element-populated\">\n\t\t\t\t\t\t<div class=\"elementor-element elementor-element-6131457 elementor-widget elementor-widget-text-editor\" data-id=\"6131457\" data-element_type=\"widget\" data-widget_type=\"text-editor.default\">\n\t\t\t\t<div class=\"elementor-widget-container\">\n\t\t\t\t\t\t\t\t\t<p>Situat entre la poblaci\u00f3 de Sitges i el Garraf trobem aquest meravell\u00f3s Parc Natural, un paratge que sobresurt pel modelatge de les seves abruptes roques c\u00e0rstiques i zones de car\u00e0cter argil\u00f3s.<\/p><p>Es tracta d&#8217;una ruta de muntanya perfecta per Barcelona per fer a qualsevol \u00e8poca de l&#8217;any, a causa de les suaus temperatures de la zona.<\/p><p>A m\u00e9s, per la seva proximitat a la costa, les espectaculars vistes del Mar Mediterrani converteixen aquesta ruta en un rom\u00e0ntic <a href=\"https:\/\/www.willysplan.com\/ca\/idees\/10-plans-per-fer-en-parella-per-barcelona\">pla per fer en parella per Barcelona<\/a> .<\/p><p>Si us decanteu per aquesta opci\u00f3, no dubteu a consultar la nostra <a href=\"https:\/\/www.willysplan.com\/ca\/rutes\/ruta-des-del-castell-deramprunya-a-lermita-de-la-trinitat\">Ruta des del Castell d&#8217;Erampruny\u00e0 a l&#8217;Ermita de la Trinitat<\/a><\/p>\t\t\t\t\t\t\t\t<\/div>\n\t\t\t\t<\/div>\n\t\t\t\t\t<\/div>\n\t\t<\/div>\n\t\t\t\t\t<\/div>\n\t\t<\/section>\n\t\t\t\t<section class=\"elementor-section elementor-top-section elementor-element elementor-element-70373f7 elementor-section-boxed elementor-section-height-default elementor-section-height-default\" data-id=\"70373f7\" data-element_type=\"section\">\n\t\t\t\t\t\t<div class=\"elementor-container elementor-column-gap-default\">\n\t\t\t\t\t<div class=\"elementor-column elementor-col-100 elementor-top-column elementor-element elementor-element-33e29cd\" data-id=\"33e29cd\" data-element_type=\"column\">\n\t\t\t<div class=\"elementor-widget-wrap elementor-element-populated\">\n\t\t\t\t\t\t<div class=\"elementor-element elementor-element-05f0de8 elementor-widget elementor-widget-heading\" data-id=\"05f0de8\" data-element_type=\"widget\" data-widget_type=\"heading.default\">\n\t\t\t\t<div class=\"elementor-widget-container\">\n\t\t\t\t\t<h2 class=\"elementor-heading-title elementor-size-default\">4. Montnegre i El Corredor<\/h2>\t\t\t\t<\/div>\n\t\t\t\t<\/div>\n\t\t\t\t\t<\/div>\n\t\t<\/div>\n\t\t\t\t\t<\/div>\n\t\t<\/section>\n\t\t\t\t<section class=\"elementor-section elementor-top-section elementor-element elementor-element-5a266e9 elementor-section-boxed elementor-section-height-default elementor-section-height-default\" data-id=\"5a266e9\" data-element_type=\"section\">\n\t\t\t\t\t\t<div class=\"elementor-container elementor-column-gap-default\">\n\t\t\t\t\t<div class=\"elementor-column elementor-col-50 elementor-top-column elementor-element elementor-element-8ca8f7f\" data-id=\"8ca8f7f\" data-element_type=\"column\">\n\t\t\t<div class=\"elementor-widget-wrap elementor-element-populated\">\n\t\t\t\t\t\t<div class=\"elementor-element elementor-element-55b0b90 elementor-widget elementor-widget-image\" data-id=\"55b0b90\" data-element_type=\"widget\" data-widget_type=\"image.default\">\n\t\t\t\t<div class=\"elementor-widget-container\">\n\t\t\t\t\t\t\t\t\t\t\t\t\t\t\t<img loading=\"lazy\" decoding=\"async\" width=\"699\" height=\"439\" src=\"https:\/\/www.willysplan.com\/wp-content\/uploads\/2021\/08\/parquemontnegreycorredor.jpg\" class=\"attachment-large size-large wp-image-14299\" alt=\"\" srcset=\"https:\/\/www.willysplan.com\/wp-content\/uploads\/2021\/08\/parquemontnegreycorredor.jpg 699w, https:\/\/www.willysplan.com\/wp-content\/uploads\/2021\/08\/parquemontnegreycorredor-300x188.jpg 300w, https:\/\/www.willysplan.com\/wp-content\/uploads\/2021\/08\/parquemontnegreycorredor-600x377.jpg 600w\" sizes=\"(max-width: 699px) 100vw, 699px\" \/>\t\t\t\t\t\t\t\t\t\t\t\t\t\t\t<\/div>\n\t\t\t\t<\/div>\n\t\t\t\t\t<\/div>\n\t\t<\/div>\n\t\t\t\t<div class=\"elementor-column elementor-col-50 elementor-top-column elementor-element elementor-element-3e5315c\" data-id=\"3e5315c\" data-element_type=\"column\">\n\t\t\t<div class=\"elementor-widget-wrap elementor-element-populated\">\n\t\t\t\t\t\t<div class=\"elementor-element elementor-element-2ac84a8 elementor-widget elementor-widget-google_maps\" data-id=\"2ac84a8\" data-element_type=\"widget\" data-widget_type=\"google_maps.default\">\n\t\t\t\t<div class=\"elementor-widget-container\">\n\t\t\t\t\t\t\t<div class=\"elementor-custom-embed\">\n\t\t\t<iframe loading=\"lazy\"\n\t\t\t\t\tsrc=\"https:\/\/maps.google.com\/maps?q=montnegre&#038;t=m&#038;z=10&#038;output=embed&#038;iwloc=near\"\n\t\t\t\t\ttitle=\"montnegre\"\n\t\t\t\t\taria-label=\"montnegre\"\n\t\t\t><\/iframe>\n\t\t<\/div>\n\t\t\t\t\t\t<\/div>\n\t\t\t\t<\/div>\n\t\t\t\t\t<\/div>\n\t\t<\/div>\n\t\t\t\t\t<\/div>\n\t\t<\/section>\n\t\t\t\t<section class=\"elementor-section elementor-top-section elementor-element elementor-element-7dd4d6d elementor-section-boxed elementor-section-height-default elementor-section-height-default\" data-id=\"7dd4d6d\" data-element_type=\"section\">\n\t\t\t\t\t\t<div class=\"elementor-container elementor-column-gap-default\">\n\t\t\t\t\t<div class=\"elementor-column elementor-col-100 elementor-top-column elementor-element elementor-element-eab2445\" data-id=\"eab2445\" data-element_type=\"column\">\n\t\t\t<div class=\"elementor-widget-wrap elementor-element-populated\">\n\t\t\t\t\t\t<div class=\"elementor-element elementor-element-fc5f76d elementor-widget elementor-widget-text-editor\" data-id=\"fc5f76d\" data-element_type=\"widget\" data-widget_type=\"text-editor.default\">\n\t\t\t\t<div class=\"elementor-widget-container\">\n\t\t\t\t\t\t\t\t\t<p style=\"background-image: initial; background-position: initial; background-size: initial; background-repeat: initial; background-attachment: initial; background-origin: initial; background-clip: initial;\"><span style=\"font-family: 'Arial','sans-serif';\">Pr\u00e0cticament enganxat a la costa, al costat de municipis com Matar\u00f3, Arenys de mar o Canet de Mar, emergeix un interessant conjunt muntany\u00f3s. El Parc Natural del Montnegre i el Corredor<\/span> <span style=\"font-family: 'Arial','sans-serif';\">forma part de la serralada litoral catalana, est\u00e0 situada a la prov\u00edncia de Barcelona i \u00e9s la barrera natural entre el Vall\u00e8s Oriental i les comarques del Maresme (No et perdis les nostres<\/span> <a href=\"https:\/\/www.willysplan.com\/ca\/rutes\/rutes-de-senderisme-i-excursions-pel-maresme\"><span style=\"font-family: 'Arial','sans-serif';\">rutes i excursions pel Maresme<\/span><\/a> <span style=\"font-family: 'Arial','sans-serif';\">)<\/span><\/p><p style=\"background-image: initial; background-position: initial; background-size: initial; background-repeat: initial; background-attachment: initial; background-origin: initial; background-clip: initial;\"><span style=\"font-size: 12.0pt; font-family: 'Arial','sans-serif';\">El Parc Natural del Montnegre i el Corredor \u00e9s un espai caracter\u00edstic pels abruptes relleus i el bosc mediterrani, per\u00f2 tamb\u00e9 pels incre\u00efbles valors hist\u00f2rics i culturals, tal com demostra l&#8217;exist\u00e8ncia dels d\u00f2lmens de Pedro Gentil, pertanyents a l&#8217;\u00e8poca del neol\u00edtic, algunes masies singulars disseminades per aquest impactant territori.<\/span><\/p>\t\t\t\t\t\t\t\t<\/div>\n\t\t\t\t<\/div>\n\t\t\t\t\t<\/div>\n\t\t<\/div>\n\t\t\t\t\t<\/div>\n\t\t<\/section>\n\t\t\t\t<section class=\"elementor-section elementor-top-section elementor-element elementor-element-264500b elementor-section-boxed elementor-section-height-default elementor-section-height-default\" data-id=\"264500b\" data-element_type=\"section\">\n\t\t\t\t\t\t<div class=\"elementor-container elementor-column-gap-default\">\n\t\t\t\t\t<div class=\"elementor-column elementor-col-100 elementor-top-column elementor-element elementor-element-c2919da\" data-id=\"c2919da\" data-element_type=\"column\">\n\t\t\t<div class=\"elementor-widget-wrap elementor-element-populated\">\n\t\t\t\t\t\t<div class=\"elementor-element elementor-element-85b856c elementor-widget elementor-widget-heading\" data-id=\"85b856c\" data-element_type=\"widget\" data-widget_type=\"heading.default\">\n\t\t\t\t<div class=\"elementor-widget-container\">\n\t\t\t\t\t<h2 class=\"elementor-heading-title elementor-size-default\">5. Montserrat<\/h2>\t\t\t\t<\/div>\n\t\t\t\t<\/div>\n\t\t\t\t\t<\/div>\n\t\t<\/div>\n\t\t\t\t\t<\/div>\n\t\t<\/section>\n\t\t\t\t<section class=\"elementor-section elementor-top-section elementor-element elementor-element-17f4fe2 elementor-section-boxed elementor-section-height-default elementor-section-height-default\" data-id=\"17f4fe2\" data-element_type=\"section\">\n\t\t\t\t\t\t<div class=\"elementor-container elementor-column-gap-default\">\n\t\t\t\t\t<div class=\"elementor-column elementor-col-50 elementor-top-column elementor-element elementor-element-e70c3b5\" data-id=\"e70c3b5\" data-element_type=\"column\">\n\t\t\t<div class=\"elementor-widget-wrap elementor-element-populated\">\n\t\t\t\t\t\t<div class=\"elementor-element elementor-element-6952af3 elementor-widget elementor-widget-image\" data-id=\"6952af3\" data-element_type=\"widget\" data-widget_type=\"image.default\">\n\t\t\t\t<div class=\"elementor-widget-container\">\n\t\t\t\t\t\t\t\t\t\t\t\t\t\t\t<img loading=\"lazy\" decoding=\"async\" width=\"534\" height=\"400\" src=\"https:\/\/www.willysplan.com\/wp-content\/uploads\/2020\/07\/dormir-en-montserrat.jpg\" class=\"attachment-medium_large size-medium_large wp-image-12501\" alt=\"\" \/>\t\t\t\t\t\t\t\t\t\t\t\t\t\t\t<\/div>\n\t\t\t\t<\/div>\n\t\t\t\t\t<\/div>\n\t\t<\/div>\n\t\t\t\t<div class=\"elementor-column elementor-col-50 elementor-top-column elementor-element elementor-element-4eea298\" data-id=\"4eea298\" data-element_type=\"column\">\n\t\t\t<div class=\"elementor-widget-wrap elementor-element-populated\">\n\t\t\t\t\t\t<div class=\"elementor-element elementor-element-d04aa7e elementor-widget elementor-widget-google_maps\" data-id=\"d04aa7e\" data-element_type=\"widget\" data-widget_type=\"google_maps.default\">\n\t\t\t\t<div class=\"elementor-widget-container\">\n\t\t\t\t\t\t\t<div class=\"elementor-custom-embed\">\n\t\t\t<iframe loading=\"lazy\"\n\t\t\t\t\tsrc=\"https:\/\/maps.google.com\/maps?q=montserrat&#038;t=m&#038;z=10&#038;output=embed&#038;iwloc=near\"\n\t\t\t\t\ttitle=\"montserrat\"\n\t\t\t\t\taria-label=\"montserrat\"\n\t\t\t><\/iframe>\n\t\t<\/div>\n\t\t\t\t\t\t<\/div>\n\t\t\t\t<\/div>\n\t\t\t\t\t<\/div>\n\t\t<\/div>\n\t\t\t\t\t<\/div>\n\t\t<\/section>\n\t\t\t\t<section class=\"elementor-section elementor-top-section elementor-element elementor-element-9e9ef71 elementor-section-boxed elementor-section-height-default elementor-section-height-default\" data-id=\"9e9ef71\" data-element_type=\"section\">\n\t\t\t\t\t\t<div class=\"elementor-container elementor-column-gap-default\">\n\t\t\t\t\t<div class=\"elementor-column elementor-col-100 elementor-top-column elementor-element elementor-element-5ca7731\" data-id=\"5ca7731\" data-element_type=\"column\">\n\t\t\t<div class=\"elementor-widget-wrap elementor-element-populated\">\n\t\t\t\t\t\t<div class=\"elementor-element elementor-element-1aafa5b elementor-widget elementor-widget-text-editor\" data-id=\"1aafa5b\" data-element_type=\"widget\" data-widget_type=\"text-editor.default\">\n\t\t\t\t<div class=\"elementor-widget-container\">\n\t\t\t\t\t\t\t\t\t<p style=\"margin: 0cm 0cm 0.0001pt; text-align: justify; background-image: initial; background-position: initial; background-size: initial; background-repeat: initial; background-attachment: initial; background-origin: initial; background-clip: initial;\"><span style=\"font-family: 'Arial','sans-serif';\">La muntanya de Montserrat \u00e9s una de les m\u00e9s belles, m\u00edstiques i conegudes de Catalunya i \u00e9s una ruta de muntanya s\u00faper f\u00e0cil ia prop de la ciutat, ideal per fer un p\u00edcnic a l&#8217;aire lliure. <\/span><span style=\"font-family: 'Arial','sans-serif';\">Anar a Montserrat \u00e9s un cl\u00e0ssic per a molts, ja sigui per demanar alguna cosa a la verge, viure l&#8217;experi\u00e8ncia del cremallera o gaudir de les precioses vistes que ens ofereix aquest meravell\u00f3s lloc. <\/span><\/p><p style=\"margin: 0cm 0cm 0.0001pt; text-align: justify; background-image: initial; background-position: initial; background-size: initial; background-repeat: initial; background-attachment: initial; background-origin: initial; background-clip: initial;\"><span style=\"font-family: 'Arial','sans-serif';\">Sigui quina sigui la ra\u00f3, per aix\u00f2 a Willy\u00b4s pla tenim una<\/span> <a href=\"https:\/\/www.willysplan.com\/ca\/rutes\/excursio-des-del-monestir-de-montserrat-a-lermita-de-sant-miquel\"><span style=\"font-family: 'Arial','sans-serif'; mso-bidi-font-weight: bold;\">ruta des de<\/span> <span style=\"font-family: 'Arial','sans-serif';\">Monestir de Montserrat a Ermita de Sant Miquel<\/span><\/a> <b><span style=\"font-family: 'Arial','sans-serif';\">,<\/span><\/b> <span style=\"font-family: 'Arial','sans-serif';\">dos llocs que no us podeu perdre si visites el mass\u00eds de Montserrat, juntament amb la Creu de Sant Miquel (un dels<\/span> <a href=\"https:\/\/www.willysplan.com\/ca\/idees\/els-10-millors-miradors-de-catalunya\"><span style=\"font-family: 'Arial','sans-serif';\">millors miradors de Catalunya<\/span><\/a><span style=\"font-family: 'Arial','sans-serif';\">). Aquesta excursi\u00f3 la podem trobar tant com una de les <\/span><a href=\"https:\/\/www.willysplan.com\/ca\/rutes\/rutes-de-senderisme-i-excursions-per-lanoia\"><span style=\"font-family: 'Arial','sans-serif';\">rutes que fer per l&#8217;Anoia<\/span><\/a> <span style=\"font-family: 'Arial','sans-serif';\">com una de <span class=\"MsoHyperlink\">les<\/span><\/span> <a href=\"https:\/\/www.willysplan.com\/ca\/rutes\/rutes-de-senderisme-i-excursions-pel-baix-llobregat\"><span style=\"font-family: 'Arial','sans-serif';\">millors excursions que fer al Baix Llobregat<\/span><\/a> <span style=\"font-family: 'Arial','sans-serif';\">.<\/span><\/p>\t\t\t\t\t\t\t\t<\/div>\n\t\t\t\t<\/div>\n\t\t\t\t\t<\/div>\n\t\t<\/div>\n\t\t\t\t\t<\/div>\n\t\t<\/section>\n\t\t\t\t<section class=\"elementor-section elementor-top-section elementor-element elementor-element-7f9c7c0 elementor-section-boxed elementor-section-height-default elementor-section-height-default\" data-id=\"7f9c7c0\" data-element_type=\"section\">\n\t\t\t\t\t\t<div class=\"elementor-container elementor-column-gap-default\">\n\t\t\t\t\t<div class=\"elementor-column elementor-col-100 elementor-top-column elementor-element elementor-element-bdba358\" data-id=\"bdba358\" data-element_type=\"column\">\n\t\t\t<div class=\"elementor-widget-wrap elementor-element-populated\">\n\t\t\t\t\t\t<div class=\"elementor-element elementor-element-d81fd63 elementor-widget elementor-widget-heading\" data-id=\"d81fd63\" data-element_type=\"widget\" data-widget_type=\"heading.default\">\n\t\t\t\t<div class=\"elementor-widget-container\">\n\t\t\t\t\t<h2 class=\"elementor-heading-title elementor-size-default\">6. Collserola\n\n<\/h2>\t\t\t\t<\/div>\n\t\t\t\t<\/div>\n\t\t\t\t\t<\/div>\n\t\t<\/div>\n\t\t\t\t\t<\/div>\n\t\t<\/section>\n\t\t\t\t<section class=\"elementor-section elementor-top-section elementor-element elementor-element-75483c7 elementor-section-boxed elementor-section-height-default elementor-section-height-default\" data-id=\"75483c7\" data-element_type=\"section\">\n\t\t\t\t\t\t<div class=\"elementor-container elementor-column-gap-default\">\n\t\t\t\t\t<div class=\"elementor-column elementor-col-50 elementor-top-column elementor-element elementor-element-1aab861\" data-id=\"1aab861\" data-element_type=\"column\">\n\t\t\t<div class=\"elementor-widget-wrap elementor-element-populated\">\n\t\t\t\t\t\t<div class=\"elementor-element elementor-element-b5fd43b elementor-widget elementor-widget-image\" data-id=\"b5fd43b\" data-element_type=\"widget\" data-widget_type=\"image.default\">\n\t\t\t\t<div class=\"elementor-widget-container\">\n\t\t\t\t\t\t\t\t\t\t\t\t\t\t\t<img loading=\"lazy\" decoding=\"async\" width=\"768\" height=\"543\" src=\"https:\/\/www.willysplan.com\/wp-content\/uploads\/2020\/12\/parc-natural-collserola-768x543.jpg\" class=\"attachment-medium_large size-medium_large wp-image-13787\" alt=\"\" srcset=\"https:\/\/www.willysplan.com\/wp-content\/uploads\/2020\/12\/parc-natural-collserola-768x543.jpg 768w, https:\/\/www.willysplan.com\/wp-content\/uploads\/2020\/12\/parc-natural-collserola-300x212.jpg 300w, https:\/\/www.willysplan.com\/wp-content\/uploads\/2020\/12\/parc-natural-collserola-566x400.jpg 566w, https:\/\/www.willysplan.com\/wp-content\/uploads\/2020\/12\/parc-natural-collserola-585x413.jpg 585w, https:\/\/www.willysplan.com\/wp-content\/uploads\/2020\/12\/parc-natural-collserola-600x424.jpg 600w, https:\/\/www.willysplan.com\/wp-content\/uploads\/2020\/12\/parc-natural-collserola.jpg 781w\" sizes=\"(max-width: 768px) 100vw, 768px\" \/>\t\t\t\t\t\t\t\t\t\t\t\t\t\t\t<\/div>\n\t\t\t\t<\/div>\n\t\t\t\t\t<\/div>\n\t\t<\/div>\n\t\t\t\t<div class=\"elementor-column elementor-col-50 elementor-top-column elementor-element elementor-element-151e5f7\" data-id=\"151e5f7\" data-element_type=\"column\">\n\t\t\t<div class=\"elementor-widget-wrap elementor-element-populated\">\n\t\t\t\t\t\t<div class=\"elementor-element elementor-element-3e97a93 elementor-widget elementor-widget-google_maps\" data-id=\"3e97a93\" data-element_type=\"widget\" data-widget_type=\"google_maps.default\">\n\t\t\t\t<div class=\"elementor-widget-container\">\n\t\t\t\t\t\t\t<div class=\"elementor-custom-embed\">\n\t\t\t<iframe loading=\"lazy\"\n\t\t\t\t\tsrc=\"https:\/\/maps.google.com\/maps?q=collserola&#038;t=m&#038;z=10&#038;output=embed&#038;iwloc=near\"\n\t\t\t\t\ttitle=\"collserola\"\n\t\t\t\t\taria-label=\"collserola\"\n\t\t\t><\/iframe>\n\t\t<\/div>\n\t\t\t\t\t\t<\/div>\n\t\t\t\t<\/div>\n\t\t\t\t\t<\/div>\n\t\t<\/div>\n\t\t\t\t\t<\/div>\n\t\t<\/section>\n\t\t\t\t<section class=\"elementor-section elementor-top-section elementor-element elementor-element-125a922 elementor-section-boxed elementor-section-height-default elementor-section-height-default\" data-id=\"125a922\" data-element_type=\"section\">\n\t\t\t\t\t\t<div class=\"elementor-container elementor-column-gap-default\">\n\t\t\t\t\t<div class=\"elementor-column elementor-col-100 elementor-top-column elementor-element elementor-element-4016297\" data-id=\"4016297\" data-element_type=\"column\">\n\t\t\t<div class=\"elementor-widget-wrap elementor-element-populated\">\n\t\t\t\t\t\t<div class=\"elementor-element elementor-element-f575834 elementor-widget elementor-widget-text-editor\" data-id=\"f575834\" data-element_type=\"widget\" data-widget_type=\"text-editor.default\">\n\t\t\t\t<div class=\"elementor-widget-container\">\n\t\t\t\t\t\t\t\t\t<p style=\"margin: 0cm 0cm 0.0001pt; text-align: justify; background-image: initial; background-position: initial; background-size: initial; background-repeat: initial; background-attachment: initial; background-origin: initial; background-clip: initial;\"><span style=\"font-family: 'Arial','sans-serif';\">Un cl\u00e0ssic entre els cl\u00e0ssics. Ubicat al centre de Barcelona, al Parc Natural de Collserola pots rec\u00f3rrer, en menys de tres hores uns<b> <\/b>17 km<b> <\/b>i de passada veure unes impressionants vistes de la ciutat. <\/span><\/p>\n<p style=\"margin: 0cm 0cm 0.0001pt; text-align: justify; background-image: initial; background-position: initial; background-size: initial; background-repeat: initial; background-attachment: initial; background-origin: initial; background-clip: initial;\"><span style=\"font-family: 'Arial','sans-serif';\">El m\u00e9s encantador d&#8217;aquesta reserva natural \u00e9s el contrast entre arquitectura i natura que s&#8217;entreveu durant el seu recorregut. Tot i que una mica deteriorades, encara es poden veure edificacions constru\u00efdes pels antics poblats ib\u00e8rics, que conserven el valor hist\u00f2ric i cultural de la major part de Catalunya. Aquestes van des de petites ermites o esgl\u00e9sies, castells, fortaleses, fins a les famoses masies catalanes.<\/span><\/p>\n<p style=\"margin: 0cm 0cm 0.0001pt; text-align: justify; background-image: initial; background-position: initial; background-size: initial; background-repeat: initial; background-attachment: initial; background-origin: initial; background-clip: initial;\">\n\t\t\t\t\t\t\t\t<\/div>\n\t\t\t\t<\/div>\n\t\t\t\t\t<\/div>\n\t\t<\/div>\n\t\t\t\t\t<\/div>\n\t\t<\/section>\n\t\t\t\t<section class=\"elementor-section elementor-top-section elementor-element elementor-element-8b9427d elementor-section-boxed elementor-section-height-default elementor-section-height-default\" data-id=\"8b9427d\" data-element_type=\"section\">\n\t\t\t\t\t\t<div class=\"elementor-container elementor-column-gap-default\">\n\t\t\t\t\t<div class=\"elementor-column elementor-col-100 elementor-top-column elementor-element elementor-element-544145f\" data-id=\"544145f\" data-element_type=\"column\">\n\t\t\t<div class=\"elementor-widget-wrap elementor-element-populated\">\n\t\t\t\t\t\t<div class=\"elementor-element elementor-element-ec11246 elementor-widget elementor-widget-heading\" data-id=\"ec11246\" data-element_type=\"widget\" data-widget_type=\"heading.default\">\n\t\t\t\t<div class=\"elementor-widget-container\">\n\t\t\t\t\t<h2 class=\"elementor-heading-title elementor-size-default\">7. Castell de Taradell<\/h2>\t\t\t\t<\/div>\n\t\t\t\t<\/div>\n\t\t\t\t\t<\/div>\n\t\t<\/div>\n\t\t\t\t\t<\/div>\n\t\t<\/section>\n\t\t\t\t<section class=\"elementor-section elementor-top-section elementor-element elementor-element-7f43acc elementor-section-boxed elementor-section-height-default elementor-section-height-default\" data-id=\"7f43acc\" data-element_type=\"section\">\n\t\t\t\t\t\t<div class=\"elementor-container elementor-column-gap-default\">\n\t\t\t\t\t<div class=\"elementor-column elementor-col-50 elementor-top-column elementor-element elementor-element-02588a6\" data-id=\"02588a6\" data-element_type=\"column\">\n\t\t\t<div class=\"elementor-widget-wrap elementor-element-populated\">\n\t\t\t\t\t\t<div class=\"elementor-element elementor-element-3e17668 elementor-widget elementor-widget-image\" data-id=\"3e17668\" data-element_type=\"widget\" data-widget_type=\"image.default\">\n\t\t\t\t<div class=\"elementor-widget-container\">\n\t\t\t\t\t\t\t\t\t\t\t\t\t\t\t<img loading=\"lazy\" decoding=\"async\" width=\"702\" height=\"399\" src=\"https:\/\/www.willysplan.com\/wp-content\/uploads\/2021\/08\/casteltaradell.jpg\" class=\"attachment-medium_large size-medium_large wp-image-14297\" alt=\"\" srcset=\"https:\/\/www.willysplan.com\/wp-content\/uploads\/2021\/08\/casteltaradell.jpg 702w, https:\/\/www.willysplan.com\/wp-content\/uploads\/2021\/08\/casteltaradell-300x171.jpg 300w, https:\/\/www.willysplan.com\/wp-content\/uploads\/2021\/08\/casteltaradell-600x341.jpg 600w\" sizes=\"(max-width: 702px) 100vw, 702px\" \/>\t\t\t\t\t\t\t\t\t\t\t\t\t\t\t<\/div>\n\t\t\t\t<\/div>\n\t\t\t\t\t<\/div>\n\t\t<\/div>\n\t\t\t\t<div class=\"elementor-column elementor-col-50 elementor-top-column elementor-element elementor-element-5a097cc\" data-id=\"5a097cc\" data-element_type=\"column\">\n\t\t\t<div class=\"elementor-widget-wrap elementor-element-populated\">\n\t\t\t\t\t\t<div class=\"elementor-element elementor-element-b0d1a3a elementor-widget elementor-widget-google_maps\" data-id=\"b0d1a3a\" data-element_type=\"widget\" data-widget_type=\"google_maps.default\">\n\t\t\t\t<div class=\"elementor-widget-container\">\n\t\t\t\t\t\t\t<div class=\"elementor-custom-embed\">\n\t\t\t<iframe loading=\"lazy\"\n\t\t\t\t\tsrc=\"https:\/\/maps.google.com\/maps?q=Castillo%20de%20Taradell&#038;t=m&#038;z=10&#038;output=embed&#038;iwloc=near\"\n\t\t\t\t\ttitle=\"Castillo de Taradell\"\n\t\t\t\t\taria-label=\"Castillo de Taradell\"\n\t\t\t><\/iframe>\n\t\t<\/div>\n\t\t\t\t\t\t<\/div>\n\t\t\t\t<\/div>\n\t\t\t\t\t<\/div>\n\t\t<\/div>\n\t\t\t\t\t<\/div>\n\t\t<\/section>\n\t\t\t\t<section class=\"elementor-section elementor-top-section elementor-element elementor-element-7d32784 elementor-section-boxed elementor-section-height-default elementor-section-height-default\" data-id=\"7d32784\" data-element_type=\"section\">\n\t\t\t\t\t\t<div class=\"elementor-container elementor-column-gap-default\">\n\t\t\t\t\t<div class=\"elementor-column elementor-col-100 elementor-top-column elementor-element elementor-element-a5fbe18\" data-id=\"a5fbe18\" data-element_type=\"column\">\n\t\t\t<div class=\"elementor-widget-wrap elementor-element-populated\">\n\t\t\t\t\t\t<div class=\"elementor-element elementor-element-3baf7dc elementor-widget elementor-widget-text-editor\" data-id=\"3baf7dc\" data-element_type=\"widget\" data-widget_type=\"text-editor.default\">\n\t\t\t\t<div class=\"elementor-widget-container\">\n\t\t\t\t\t\t\t\t\t<p style=\"margin: 0cm 0cm 0.0001pt; text-align: justify; background-image: initial; background-position: initial; background-size: initial; background-repeat: initial; background-attachment: initial; background-origin: initial; background-clip: initial;\"><span style=\"font-family: 'Arial','sans-serif';\">El Castell de Taradell, conegut tamb\u00e9 com a Castell de Can Boix, \u00e9s un lloc tranquil i ofereix una ruta tamb\u00e9 calmada on gaudir d&#8217;un agradable passeig. M\u00e9s que per a apassionats de l&#8217;esport, aquesta ruta de muntanya se centra m\u00e9s a gaudir del castell i la hist\u00f2ria del lloc.<\/span><\/p><p style=\"margin: 0cm 0cm 0.0001pt; text-align: justify; background-image: initial; background-position: initial; background-size: initial; background-repeat: initial; background-attachment: initial; background-origin: initial; background-clip: initial;\">\u00a0<\/p><p style=\"margin: 0cm 0cm 0.0001pt; text-align: justify; background-image: initial; background-position: initial; background-size: initial; background-repeat: initial; background-attachment: initial; background-origin: initial; background-clip: initial;\"><span style=\"font-family: 'Arial','sans-serif';\">Els boscos i la vegetaci\u00f3 que ocupa el lloc \u00e9s abundant i molt verd; el castell, encara que petit, li d\u00f3na un encant particular i ofereix un mirador incre\u00efble de la poblaci\u00f3. \u00c9s un pla perfecte per desconnectar un dia envoltat de natura i bons paisatges, fer un p\u00edcnic a l&#8217;aire lliure i fer unes fotografies estupendes. <\/span><\/p><p style=\"margin: 0cm 0cm 0.0001pt; text-align: justify; background-image: initial; background-position: initial; background-size: initial; background-repeat: initial; background-attachment: initial; background-origin: initial; background-clip: initial;\">\u00a0<\/p><p style=\"margin: 0cm 0cm 0.0001pt; text-align: justify; background-image: initial; background-position: initial; background-size: initial; background-repeat: initial; background-attachment: initial; background-origin: initial; background-clip: initial;\"><span style=\"font-family: 'Arial','sans-serif';\">No dubtis a fer una ullada a la nostra<\/span> <a href=\"https:\/\/www.willysplan.com\/ca\/rutes\/ruta-des-del-castell-de-besora-al-castell-dels-torello\"><span style=\"font-family: 'Arial','sans-serif';\">ruta des del Castell de Besora al Castell dels torell\u00f3<\/span><\/a> <span style=\"font-family: 'Arial','sans-serif';\">oa les nostres altres<\/span> <a href=\"https:\/\/www.willysplan.com\/ca\/rutes\/rutes-de-senderisme-i-excursions-per-osona\"><span style=\"font-family: 'Arial','sans-serif';\">rutes de senderisme i excursions per Osona<\/span><\/a> <span style=\"font-family: 'Arial','sans-serif';\">!<\/span><\/p><p style=\"margin: 0cm 0cm 0.0001pt; text-align: justify; background-image: initial; background-position: initial; background-size: initial; background-repeat: initial; background-attachment: initial; background-origin: initial; background-clip: initial;\">\u00a0<\/p>\t\t\t\t\t\t\t\t<\/div>\n\t\t\t\t<\/div>\n\t\t\t\t\t<\/div>\n\t\t<\/div>\n\t\t\t\t\t<\/div>\n\t\t<\/section>\n\t\t\t\t<section class=\"elementor-section elementor-top-section elementor-element elementor-element-774fd5b elementor-section-boxed elementor-section-height-default elementor-section-height-default\" data-id=\"774fd5b\" data-element_type=\"section\">\n\t\t\t\t\t\t<div class=\"elementor-container elementor-column-gap-default\">\n\t\t\t\t\t<div class=\"elementor-column elementor-col-100 elementor-top-column elementor-element elementor-element-ccb3386\" data-id=\"ccb3386\" data-element_type=\"column\">\n\t\t\t<div class=\"elementor-widget-wrap elementor-element-populated\">\n\t\t\t\t\t\t<div class=\"elementor-element elementor-element-5d6c67c elementor-widget elementor-widget-heading\" data-id=\"5d6c67c\" data-element_type=\"widget\" data-widget_type=\"heading.default\">\n\t\t\t\t<div class=\"elementor-widget-container\">\n\t\t\t\t\t<h2 class=\"elementor-heading-title elementor-size-default\">Altres rutes que tamb\u00e9 et poden interessar...<\/h2>\t\t\t\t<\/div>\n\t\t\t\t<\/div>\n\t\t\t\t\t<\/div>\n\t\t<\/div>\n\t\t\t\t\t<\/div>\n\t\t<\/section>\n\t\t\t\t<section class=\"elementor-section elementor-top-section elementor-element elementor-element-b9303aa elementor-section-boxed elementor-section-height-default elementor-section-height-default\" data-id=\"b9303aa\" data-element_type=\"section\">\n\t\t\t\t\t\t<div class=\"elementor-container elementor-column-gap-default\">\n\t\t\t\t\t<div class=\"elementor-column elementor-col-100 elementor-top-column elementor-element elementor-element-4c9811a\" data-id=\"4c9811a\" data-element_type=\"column\">\n\t\t\t<div class=\"elementor-widget-wrap elementor-element-populated\">\n\t\t\t\t\t\t<div class=\"elementor-element elementor-element-1bb3dc4 elementor-grid-4 elementor-grid-tablet-2 elementor-grid-mobile-1 elementor-posts--thumbnail-top elementor-widget elementor-widget-posts\" data-id=\"1bb3dc4\" data-element_type=\"widget\" data-settings=\"{&quot;classic_columns&quot;:&quot;4&quot;,&quot;classic_columns_tablet&quot;:&quot;2&quot;,&quot;classic_columns_mobile&quot;:&quot;1&quot;,&quot;classic_row_gap&quot;:{&quot;unit&quot;:&quot;px&quot;,&quot;size&quot;:35,&quot;sizes&quot;:[]},&quot;classic_row_gap_tablet&quot;:{&quot;unit&quot;:&quot;px&quot;,&quot;size&quot;:&quot;&quot;,&quot;sizes&quot;:[]},&quot;classic_row_gap_mobile&quot;:{&quot;unit&quot;:&quot;px&quot;,&quot;size&quot;:&quot;&quot;,&quot;sizes&quot;:[]}}\" data-widget_type=\"posts.classic\">\n\t\t\t\t<div class=\"elementor-widget-container\">\n\t\t\t\t\t\t\t<div class=\"elementor-posts-container elementor-posts elementor-posts--skin-classic elementor-grid\" role=\"list\">\n\t\t\t\t<article class=\"elementor-post elementor-grid-item post-16065 post type-post status-publish format-standard has-post-thumbnail hentry category-rutes tag-rutas-barcelona-provincia tag-rutas-beget tag-rutas-berga tag-rutas-bergueda tag-rutas-castellar-de-nhug tag-rutas-cataluna\" role=\"listitem\">\n\t\t\t\t<a class=\"elementor-post__thumbnail__link\" href=\"https:\/\/www.willysplan.com\/ca\/rutes\/ruta-des-dels-jardins-artigas-a-castellar-de-nhug\" tabindex=\"-1\" >\n\t\t\t<div class=\"elementor-post__thumbnail\"><img loading=\"lazy\" decoding=\"async\" width=\"300\" height=\"300\" src=\"https:\/\/www.willysplan.com\/wp-content\/uploads\/2020\/07\/Jardins-artigas21-300x300.jpg\" class=\"attachment-medium size-medium wp-image-13691\" alt=\"\" srcset=\"https:\/\/www.willysplan.com\/wp-content\/uploads\/2020\/07\/Jardins-artigas21-300x300.jpg 300w, https:\/\/www.willysplan.com\/wp-content\/uploads\/2020\/07\/Jardins-artigas21-1024x1024.jpg 1024w, https:\/\/www.willysplan.com\/wp-content\/uploads\/2020\/07\/Jardins-artigas21-150x150.jpg 150w, https:\/\/www.willysplan.com\/wp-content\/uploads\/2020\/07\/Jardins-artigas21-768x768.jpg 768w, https:\/\/www.willysplan.com\/wp-content\/uploads\/2020\/07\/Jardins-artigas21-480x480.jpg 480w, https:\/\/www.willysplan.com\/wp-content\/uploads\/2020\/07\/Jardins-artigas21-280x280.jpg 280w, https:\/\/www.willysplan.com\/wp-content\/uploads\/2020\/07\/Jardins-artigas21-960x960.jpg 960w, https:\/\/www.willysplan.com\/wp-content\/uploads\/2020\/07\/Jardins-artigas21-400x400.jpg 400w, https:\/\/www.willysplan.com\/wp-content\/uploads\/2020\/07\/Jardins-artigas21-585x585.jpg 585w, https:\/\/www.willysplan.com\/wp-content\/uploads\/2020\/07\/Jardins-artigas21-600x600.jpg 600w, https:\/\/www.willysplan.com\/wp-content\/uploads\/2020\/07\/Jardins-artigas21-100x100.jpg 100w, https:\/\/www.willysplan.com\/wp-content\/uploads\/2020\/07\/Jardins-artigas21.jpg 1080w\" sizes=\"(max-width: 300px) 100vw, 300px\" \/><\/div>\n\t\t<\/a>\n\t\t\t\t<div class=\"elementor-post__text\">\n\t\t\t\t<h4 class=\"elementor-post__title\">\n\t\t\t<a href=\"https:\/\/www.willysplan.com\/ca\/rutes\/ruta-des-dels-jardins-artigas-a-castellar-de-nhug\" >\n\t\t\t\tRuta des dels Jardins Artigas a Castellar de N&#8217;hug\t\t\t<\/a>\n\t\t<\/h4>\n\t\t\t\t<\/div>\n\t\t\t\t<\/article>\n\t\t\t\t<\/div>\n\t\t\n\t\t\t\t\t\t<\/div>\n\t\t\t\t<\/div>\n\t\t\t\t\t<\/div>\n\t\t<\/div>\n\t\t\t\t\t<\/div>\n\t\t<\/section>\n\t\t\t\t<\/div>\n\t\t","protected":false},"excerpt":{"rendered":"<p>Coneixes les millors rutes de muntanya a Barcelona? No et perdis les millors excursions i rutes de senderisme a prop de Barcelona\ud83c\udf04<\/p>\n","protected":false},"author":1,"featured_media":14237,"comment_status":"closed","ping_status":"closed","sticky":false,"template":"","format":"standard","meta":{"neve_meta_sidebar":"","neve_meta_container":"","neve_meta_enable_content_width":"","neve_meta_content_width":0,"neve_meta_title_alignment":"","neve_meta_author_avatar":"","neve_post_elements_order":"","neve_meta_disable_header":"","neve_meta_disable_footer":"","neve_meta_disable_title":"","_joinchat":[],"footnotes":""},"categories":[462],"tags":[461],"class_list":["post-16397","post","type-post","status-publish","format-standard","has-post-thumbnail","hentry","category-idees","tag-idees"],"yoast_head":"<!-- This site is optimized with the Yoast SEO Premium plugin v20.1 (Yoast SEO v26.9) - https:\/\/yoast.com\/product\/yoast-seo-premium-wordpress\/ -->\n<title>Les 7 millors rutes de muntanya per Barcelona - Willy&#039;s Plan<\/title>\n<meta name=\"description\" content=\"Coneixes les millors rutes de muntanya a Barcelona? No et perdis les millors excursions i rutes de senderisme a prop de Barcelona\ud83c\udf04\" \/>\n<meta name=\"robots\" content=\"index, follow, max-snippet:-1, max-image-preview:large, max-video-preview:-1\" \/>\n<link rel=\"canonical\" href=\"https:\/\/willysplan.com\/ca\/idees\/les-7-millors-rutes-de-muntanya-per-barcelona\" \/>\n<meta property=\"og:locale\" content=\"ca_ES\" \/>\n<meta property=\"og:type\" content=\"article\" \/>\n<meta property=\"og:title\" content=\"Les 7 millors rutes de muntanya per Barcelona\" \/>\n<meta property=\"og:description\" content=\"Coneixes les millors rutes de muntanya a Barcelona? No et perdis les millors excursions i rutes de senderisme a prop de Barcelona\ud83c\udf04\" \/>\n<meta property=\"og:url\" content=\"https:\/\/willysplan.com\/ca\/idees\/les-7-millors-rutes-de-muntanya-per-barcelona\" \/>\n<meta property=\"og:site_name\" content=\"Willy&#039;s Plan \ud83c\udf43\" \/>\n<meta property=\"article:published_time\" content=\"2021-09-06T22:18:09+00:00\" \/>\n<meta property=\"article:modified_time\" content=\"2023-04-07T09:43:59+00:00\" \/>\n<meta property=\"og:image\" content=\"https:\/\/www.willysplan.com\/wp-content\/uploads\/2021\/07\/uyltu1xsr0wbowvkwtge.jpg\" \/>\n\t<meta property=\"og:image:width\" content=\"790\" \/>\n\t<meta property=\"og:image:height\" content=\"444\" \/>\n\t<meta property=\"og:image:type\" content=\"image\/jpeg\" \/>\n<meta name=\"author\" content=\"admin\" \/>\n<meta name=\"twitter:card\" content=\"summary_large_image\" \/>\n<meta name=\"twitter:label1\" content=\"Escrit per\" \/>\n\t<meta name=\"twitter:data1\" content=\"admin\" \/>\n\t<meta name=\"twitter:label2\" content=\"Temps estimat de lectura\" \/>\n\t<meta name=\"twitter:data2\" content=\"6 minuts\" \/>\n<script type=\"application\/ld+json\" class=\"yoast-schema-graph\">{\"@context\":\"https:\/\/schema.org\",\"@graph\":[{\"@type\":\"Article\",\"@id\":\"https:\/\/willysplan.com\/ca\/idees\/les-7-millors-rutes-de-muntanya-per-barcelona#article\",\"isPartOf\":{\"@id\":\"https:\/\/www.willysplan.com\/ca\/idees\/les-7-millors-rutes-de-muntanya-per-barcelona\"},\"author\":{\"name\":\"admin\",\"@id\":\"https:\/\/www.willysplan.com\/#\/schema\/person\/58c1527a9a42e9b18a877f14136f1d47\"},\"headline\":\"Les 7 millors rutes de muntanya per Barcelona\",\"datePublished\":\"2021-09-06T22:18:09+00:00\",\"dateModified\":\"2023-04-07T09:43:59+00:00\",\"mainEntityOfPage\":{\"@id\":\"https:\/\/www.willysplan.com\/ca\/idees\/les-7-millors-rutes-de-muntanya-per-barcelona\"},\"wordCount\":1192,\"publisher\":{\"@id\":\"https:\/\/www.willysplan.com\/#organization\"},\"image\":{\"@id\":\"https:\/\/willysplan.com\/ca\/idees\/les-7-millors-rutes-de-muntanya-per-barcelona#primaryimage\"},\"thumbnailUrl\":\"https:\/\/www.willysplan.com\/wp-content\/uploads\/2021\/07\/uyltu1xsr0wbowvkwtge.jpg\",\"keywords\":[\"idees\"],\"articleSection\":[\"Idees\"],\"inLanguage\":\"ca\"},{\"@type\":\"WebPage\",\"@id\":\"https:\/\/www.willysplan.com\/ca\/idees\/les-7-millors-rutes-de-muntanya-per-barcelona\",\"url\":\"https:\/\/willysplan.com\/ca\/idees\/les-7-millors-rutes-de-muntanya-per-barcelona\",\"name\":\"Les 7 millors rutes de muntanya per Barcelona - Willy's Plan\",\"isPartOf\":{\"@id\":\"https:\/\/www.willysplan.com\/#website\"},\"primaryImageOfPage\":{\"@id\":\"https:\/\/willysplan.com\/ca\/idees\/les-7-millors-rutes-de-muntanya-per-barcelona#primaryimage\"},\"image\":{\"@id\":\"https:\/\/willysplan.com\/ca\/idees\/les-7-millors-rutes-de-muntanya-per-barcelona#primaryimage\"},\"thumbnailUrl\":\"https:\/\/www.willysplan.com\/wp-content\/uploads\/2021\/07\/uyltu1xsr0wbowvkwtge.jpg\",\"datePublished\":\"2021-09-06T22:18:09+00:00\",\"dateModified\":\"2023-04-07T09:43:59+00:00\",\"description\":\"Coneixes les millors rutes de muntanya a Barcelona? No et perdis les millors excursions i rutes de senderisme a prop de Barcelona\ud83c\udf04\",\"inLanguage\":\"ca\",\"potentialAction\":[{\"@type\":\"ReadAction\",\"target\":[\"https:\/\/willysplan.com\/ca\/idees\/les-7-millors-rutes-de-muntanya-per-barcelona\"]}]},{\"@type\":\"ImageObject\",\"inLanguage\":\"ca\",\"@id\":\"https:\/\/willysplan.com\/ca\/idees\/les-7-millors-rutes-de-muntanya-per-barcelona#primaryimage\",\"url\":\"https:\/\/www.willysplan.com\/wp-content\/uploads\/2021\/07\/uyltu1xsr0wbowvkwtge.jpg\",\"contentUrl\":\"https:\/\/www.willysplan.com\/wp-content\/uploads\/2021\/07\/uyltu1xsr0wbowvkwtge.jpg\",\"width\":790,\"height\":444},{\"@type\":\"WebSite\",\"@id\":\"https:\/\/www.willysplan.com\/#website\",\"url\":\"https:\/\/www.willysplan.com\/\",\"name\":\"Willy&#039;s Plan \ud83c\udf43\",\"description\":\"Escapadas y Planes de fin de semana\",\"publisher\":{\"@id\":\"https:\/\/www.willysplan.com\/#organization\"},\"potentialAction\":[{\"@type\":\"SearchAction\",\"target\":{\"@type\":\"EntryPoint\",\"urlTemplate\":\"https:\/\/www.willysplan.com\/?s={search_term_string}\"},\"query-input\":{\"@type\":\"PropertyValueSpecification\",\"valueRequired\":true,\"valueName\":\"search_term_string\"}}],\"inLanguage\":\"ca\"},{\"@type\":\"Organization\",\"@id\":\"https:\/\/www.willysplan.com\/#organization\",\"name\":\"Willy&#039;s Plan \ud83c\udf43\",\"url\":\"https:\/\/www.willysplan.com\/\",\"logo\":{\"@type\":\"ImageObject\",\"inLanguage\":\"ca\",\"@id\":\"https:\/\/www.willysplan.com\/#\/schema\/logo\/image\/\",\"url\":\"https:\/\/www.willysplan.com\/wp-content\/uploads\/2020\/04\/cropped-logo-1.png\",\"contentUrl\":\"https:\/\/www.willysplan.com\/wp-content\/uploads\/2020\/04\/cropped-logo-1.png\",\"width\":332,\"height\":332,\"caption\":\"Willy&#039;s Plan \ud83c\udf43\"},\"image\":{\"@id\":\"https:\/\/www.willysplan.com\/#\/schema\/logo\/image\/\"}},{\"@type\":\"Person\",\"@id\":\"https:\/\/www.willysplan.com\/#\/schema\/person\/58c1527a9a42e9b18a877f14136f1d47\",\"name\":\"admin\",\"image\":{\"@type\":\"ImageObject\",\"inLanguage\":\"ca\",\"@id\":\"https:\/\/www.willysplan.com\/#\/schema\/person\/image\/\",\"url\":\"https:\/\/secure.gravatar.com\/avatar\/0b8d78e655d83cc71e0a6cd6cb0f0f99929604cd70ff0f7ac1713f248945ea9d?s=96&d=mm&r=g\",\"contentUrl\":\"https:\/\/secure.gravatar.com\/avatar\/0b8d78e655d83cc71e0a6cd6cb0f0f99929604cd70ff0f7ac1713f248945ea9d?s=96&d=mm&r=g\",\"caption\":\"admin\"},\"url\":\"https:\/\/www.willysplan.com\/ca\/author\/admin\"}]}<\/script>\n<!-- \/ Yoast SEO Premium plugin. -->","yoast_head_json":{"title":"Les 7 millors rutes de muntanya per Barcelona - Willy's Plan","description":"Coneixes les millors rutes de muntanya a Barcelona? No et perdis les millors excursions i rutes de senderisme a prop de Barcelona\ud83c\udf04","robots":{"index":"index","follow":"follow","max-snippet":"max-snippet:-1","max-image-preview":"max-image-preview:large","max-video-preview":"max-video-preview:-1"},"canonical":"https:\/\/willysplan.com\/ca\/idees\/les-7-millors-rutes-de-muntanya-per-barcelona","og_locale":"ca_ES","og_type":"article","og_title":"Les 7 millors rutes de muntanya per Barcelona","og_description":"Coneixes les millors rutes de muntanya a Barcelona? No et perdis les millors excursions i rutes de senderisme a prop de Barcelona\ud83c\udf04","og_url":"https:\/\/willysplan.com\/ca\/idees\/les-7-millors-rutes-de-muntanya-per-barcelona","og_site_name":"Willy&#039;s Plan \ud83c\udf43","article_published_time":"2021-09-06T22:18:09+00:00","article_modified_time":"2023-04-07T09:43:59+00:00","og_image":[{"width":790,"height":444,"url":"https:\/\/www.willysplan.com\/wp-content\/uploads\/2021\/07\/uyltu1xsr0wbowvkwtge.jpg","type":"image\/jpeg"}],"author":"admin","twitter_card":"summary_large_image","twitter_misc":{"Escrit per":"admin","Temps estimat de lectura":"6 minuts"},"schema":{"@context":"https:\/\/schema.org","@graph":[{"@type":"Article","@id":"https:\/\/willysplan.com\/ca\/idees\/les-7-millors-rutes-de-muntanya-per-barcelona#article","isPartOf":{"@id":"https:\/\/www.willysplan.com\/ca\/idees\/les-7-millors-rutes-de-muntanya-per-barcelona"},"author":{"name":"admin","@id":"https:\/\/www.willysplan.com\/#\/schema\/person\/58c1527a9a42e9b18a877f14136f1d47"},"headline":"Les 7 millors rutes de muntanya per Barcelona","datePublished":"2021-09-06T22:18:09+00:00","dateModified":"2023-04-07T09:43:59+00:00","mainEntityOfPage":{"@id":"https:\/\/www.willysplan.com\/ca\/idees\/les-7-millors-rutes-de-muntanya-per-barcelona"},"wordCount":1192,"publisher":{"@id":"https:\/\/www.willysplan.com\/#organization"},"image":{"@id":"https:\/\/willysplan.com\/ca\/idees\/les-7-millors-rutes-de-muntanya-per-barcelona#primaryimage"},"thumbnailUrl":"https:\/\/www.willysplan.com\/wp-content\/uploads\/2021\/07\/uyltu1xsr0wbowvkwtge.jpg","keywords":["idees"],"articleSection":["Idees"],"inLanguage":"ca"},{"@type":"WebPage","@id":"https:\/\/www.willysplan.com\/ca\/idees\/les-7-millors-rutes-de-muntanya-per-barcelona","url":"https:\/\/willysplan.com\/ca\/idees\/les-7-millors-rutes-de-muntanya-per-barcelona","name":"Les 7 millors rutes de muntanya per Barcelona - Willy's Plan","isPartOf":{"@id":"https:\/\/www.willysplan.com\/#website"},"primaryImageOfPage":{"@id":"https:\/\/willysplan.com\/ca\/idees\/les-7-millors-rutes-de-muntanya-per-barcelona#primaryimage"},"image":{"@id":"https:\/\/willysplan.com\/ca\/idees\/les-7-millors-rutes-de-muntanya-per-barcelona#primaryimage"},"thumbnailUrl":"https:\/\/www.willysplan.com\/wp-content\/uploads\/2021\/07\/uyltu1xsr0wbowvkwtge.jpg","datePublished":"2021-09-06T22:18:09+00:00","dateModified":"2023-04-07T09:43:59+00:00","description":"Coneixes les millors rutes de muntanya a Barcelona? No et perdis les millors excursions i rutes de senderisme a prop de Barcelona\ud83c\udf04","inLanguage":"ca","potentialAction":[{"@type":"ReadAction","target":["https:\/\/willysplan.com\/ca\/idees\/les-7-millors-rutes-de-muntanya-per-barcelona"]}]},{"@type":"ImageObject","inLanguage":"ca","@id":"https:\/\/willysplan.com\/ca\/idees\/les-7-millors-rutes-de-muntanya-per-barcelona#primaryimage","url":"https:\/\/www.willysplan.com\/wp-content\/uploads\/2021\/07\/uyltu1xsr0wbowvkwtge.jpg","contentUrl":"https:\/\/www.willysplan.com\/wp-content\/uploads\/2021\/07\/uyltu1xsr0wbowvkwtge.jpg","width":790,"height":444},{"@type":"WebSite","@id":"https:\/\/www.willysplan.com\/#website","url":"https:\/\/www.willysplan.com\/","name":"Willy&#039;s Plan \ud83c\udf43","description":"Escapadas y Planes de fin de semana","publisher":{"@id":"https:\/\/www.willysplan.com\/#organization"},"potentialAction":[{"@type":"SearchAction","target":{"@type":"EntryPoint","urlTemplate":"https:\/\/www.willysplan.com\/?s={search_term_string}"},"query-input":{"@type":"PropertyValueSpecification","valueRequired":true,"valueName":"search_term_string"}}],"inLanguage":"ca"},{"@type":"Organization","@id":"https:\/\/www.willysplan.com\/#organization","name":"Willy&#039;s Plan \ud83c\udf43","url":"https:\/\/www.willysplan.com\/","logo":{"@type":"ImageObject","inLanguage":"ca","@id":"https:\/\/www.willysplan.com\/#\/schema\/logo\/image\/","url":"https:\/\/www.willysplan.com\/wp-content\/uploads\/2020\/04\/cropped-logo-1.png","contentUrl":"https:\/\/www.willysplan.com\/wp-content\/uploads\/2020\/04\/cropped-logo-1.png","width":332,"height":332,"caption":"Willy&#039;s Plan \ud83c\udf43"},"image":{"@id":"https:\/\/www.willysplan.com\/#\/schema\/logo\/image\/"}},{"@type":"Person","@id":"https:\/\/www.willysplan.com\/#\/schema\/person\/58c1527a9a42e9b18a877f14136f1d47","name":"admin","image":{"@type":"ImageObject","inLanguage":"ca","@id":"https:\/\/www.willysplan.com\/#\/schema\/person\/image\/","url":"https:\/\/secure.gravatar.com\/avatar\/0b8d78e655d83cc71e0a6cd6cb0f0f99929604cd70ff0f7ac1713f248945ea9d?s=96&d=mm&r=g","contentUrl":"https:\/\/secure.gravatar.com\/avatar\/0b8d78e655d83cc71e0a6cd6cb0f0f99929604cd70ff0f7ac1713f248945ea9d?s=96&d=mm&r=g","caption":"admin"},"url":"https:\/\/www.willysplan.com\/ca\/author\/admin"}]}},"_links":{"self":[{"href":"https:\/\/www.willysplan.com\/ca\/wp-json\/wp\/v2\/posts\/16397","targetHints":{"allow":["GET"]}}],"collection":[{"href":"https:\/\/www.willysplan.com\/ca\/wp-json\/wp\/v2\/posts"}],"about":[{"href":"https:\/\/www.willysplan.com\/ca\/wp-json\/wp\/v2\/types\/post"}],"author":[{"embeddable":true,"href":"https:\/\/www.willysplan.com\/ca\/wp-json\/wp\/v2\/users\/1"}],"replies":[{"embeddable":true,"href":"https:\/\/www.willysplan.com\/ca\/wp-json\/wp\/v2\/comments?post=16397"}],"version-history":[{"count":6,"href":"https:\/\/www.willysplan.com\/ca\/wp-json\/wp\/v2\/posts\/16397\/revisions"}],"predecessor-version":[{"id":17979,"href":"https:\/\/www.willysplan.com\/ca\/wp-json\/wp\/v2\/posts\/16397\/revisions\/17979"}],"wp:featuredmedia":[{"embeddable":true,"href":"https:\/\/www.willysplan.com\/ca\/wp-json\/wp\/v2\/media\/14237"}],"wp:attachment":[{"href":"https:\/\/www.willysplan.com\/ca\/wp-json\/wp\/v2\/media?parent=16397"}],"wp:term":[{"taxonomy":"category","embeddable":true,"href":"https:\/\/www.willysplan.com\/ca\/wp-json\/wp\/v2\/categories?post=16397"},{"taxonomy":"post_tag","embeddable":true,"href":"https:\/\/www.willysplan.com\/ca\/wp-json\/wp\/v2\/tags?post=16397"}],"curies":[{"name":"wp","href":"https:\/\/api.w.org\/{rel}","templated":true}]}}