{"id":16374,"date":"2021-04-07T07:35:25","date_gmt":"2021-04-07T06:35:25","guid":{"rendered":"https:\/\/willysplan.com\/uncategorized-ca\/ruta-des-del-morro-de-labella-al-mirador-de-vilanova-de-sau"},"modified":"2023-07-24T06:18:47","modified_gmt":"2023-07-24T05:18:47","slug":"ruta-des-del-morro-de-labella-al-mirador-de-vilanova-de-sau","status":"publish","type":"post","link":"https:\/\/www.willysplan.com\/ca\/rutes\/ruta-des-del-morro-de-labella-al-mirador-de-vilanova-de-sau","title":{"rendered":"Ruta des del Morro de l&#8217;Abella al Mirador de Vilanova de Sau"},"content":{"rendered":"\t\t<div data-elementor-type=\"wp-post\" data-elementor-id=\"16374\" class=\"elementor elementor-16374 elementor-6915\" data-elementor-post-type=\"post\">\n\t\t\t\t\t\t<section class=\"elementor-section elementor-top-section elementor-element elementor-element-f4c69cc elementor-section-boxed elementor-section-height-default elementor-section-height-default\" data-id=\"f4c69cc\" data-element_type=\"section\">\n\t\t\t\t\t\t<div class=\"elementor-container elementor-column-gap-default\">\n\t\t\t\t\t<div class=\"elementor-column elementor-col-50 elementor-top-column elementor-element elementor-element-164a862\" data-id=\"164a862\" data-element_type=\"column\">\n\t\t\t<div class=\"elementor-widget-wrap elementor-element-populated\">\n\t\t\t\t\t\t<div class=\"elementor-element elementor-element-29bc239 elementor-widget elementor-widget-text-editor\" data-id=\"29bc239\" data-element_type=\"widget\" data-widget_type=\"text-editor.default\">\n\t\t\t\t<div class=\"elementor-widget-container\">\n\t\t\t\t\t\t\t\t\t<p><span style=\"font-weight: 400;\">En aquesta<\/span> <b>ruta des de<\/b> <b>Morro de l&#8217;Abella fins al<\/b> <b>Mirador de Vilanova de Sau,<\/b> <span style=\"font-weight: 400;\">visitarem el nord-oest de la prov\u00edncia de<\/span> <b>Barcelona<\/b><span style=\"font-weight: 400;\">. M\u00e9s exactament, situem aquesta excursi\u00f3 com una de les millors <\/span><b><a href=\"https:\/\/www.willysplan.com\/ca\/rutes\/rutes-de-senderisme-i-excursions-per-osona\">rutes per fer a Osona<\/a>.<\/b><\/p><p><span style=\"font-weight: 400;\">Una ruta per gaudir a l&#8217;aire lliure, ja sigui que tinguis pensat fer una <a href=\"https:\/\/www.willysplan.com\/ca\/escapades-amb-nens-per-catalunya\">escapada amb nens per Catalunya<\/a>, o necessitis una <a href=\"https:\/\/www.willysplan.com\/ca\/escapades-relax-per-catalunya-els-millors-balnearis-hotels-i-spas\">escapada de cap de setmana de relax<\/a>. A m\u00e9s, si ets m\u00e9s aventurer i t&#8217;agraden els esports extrems, \u00e9s el lloc perfecte per fer les millors rutes de senderisme i un que altre esport aqu\u00e0tic<\/span><b>. <\/b><\/p><p>Una ra\u00f3 m\u00e9s per descobrir les terres a la prov\u00edncia de Barcelona, i gaudir de tots els paisatges naturals, miradors, i pobles amb encant que us ofereix aquesta zona.<\/p><p>De fet, \u00e9s en aquesta zona on hem triat una de les millors <a href=\"https:\/\/www.willysplan.com\/ca\/idees\/les-5-millors-excursions-a-fer-a-prop-de-barcelona\">excursions que fer a prop de Barcelona<\/a>, on us presentem la <a href=\"https:\/\/www.willysplan.com\/ca\/rutes\/ruta-des-de-la-foradada-al-salt-de-sallent\">ruta fins al Salt de Sallent<\/a>.<\/p>\t\t\t\t\t\t\t\t<\/div>\n\t\t\t\t<\/div>\n\t\t\t\t\t<\/div>\n\t\t<\/div>\n\t\t\t\t<div class=\"elementor-column elementor-col-50 elementor-top-column elementor-element elementor-element-f0384f5\" data-id=\"f0384f5\" data-element_type=\"column\">\n\t\t\t<div class=\"elementor-widget-wrap elementor-element-populated\">\n\t\t\t\t\t\t<div class=\"elementor-element elementor-element-2e5851d elementor-widget elementor-widget-html\" data-id=\"2e5851d\" data-element_type=\"widget\" data-widget_type=\"html.default\">\n\t\t\t\t<div class=\"elementor-widget-container\">\n\t\t\t\t\t<iframe src=\"https:\/\/www.google.com\/maps\/embed?pb=!1m34!1m12!1m3!1d23722.417437473665!2d2.3879634472099216!3d41.993789969623954!2m3!1f0!2f0!3f0!3m2!1i1024!2i768!4f13.1!4m19!3e0!4m5!1s0x12a52d7e1c600e05%3A0xda702f8ea7c8394f!2sMorro%20de%20l'Abella%20-%20Parquing%20gratu%C3%AFt%2C%20BV-5207%2C%209%2C%2008511%20Tavertet%2C%20Barcelona!3m2!1d41.9950111!2d2.3920594!4m5!1s0x12a52c5e514fa8d5%3A0xc3f09b1f63bd112f!2sTavertet!3m2!1d41.995266699999995!2d2.4177834!4m5!1s0x12a52c0cffc24961%3A0x748980aae7abc753!2sMirador%20De%20Vilanova%20De%20Sau%2C%20Vilanova%20de%20Sau!3m2!1d41.9813749!2d2.3987287!5e0!3m2!1ses!2ses!4v1617778639375!5m2!1ses!2ses\" width=\"600\" height=\"450\" style=\"border:0;\" allowfullscreen=\"\" loading=\"lazy\"><\/iframe>\t\t\t\t<\/div>\n\t\t\t\t<\/div>\n\t\t\t\t\t<\/div>\n\t\t<\/div>\n\t\t\t\t\t<\/div>\n\t\t<\/section>\n\t\t\t\t<section class=\"elementor-section elementor-top-section elementor-element elementor-element-671cd3c elementor-section-boxed elementor-section-height-default elementor-section-height-default\" data-id=\"671cd3c\" data-element_type=\"section\">\n\t\t\t\t\t\t<div class=\"elementor-container elementor-column-gap-default\">\n\t\t\t\t\t<div class=\"elementor-column elementor-col-100 elementor-top-column elementor-element elementor-element-eaffc38\" data-id=\"eaffc38\" data-element_type=\"column\">\n\t\t\t<div class=\"elementor-widget-wrap elementor-element-populated\">\n\t\t\t\t\t\t<div class=\"elementor-element elementor-element-ac561a4 elementor-widget elementor-widget-text-editor\" data-id=\"ac561a4\" data-element_type=\"widget\" data-widget_type=\"text-editor.default\">\n\t\t\t\t<div class=\"elementor-widget-container\">\n\t\t\t\t\t\t\t\t\t<p><span style=\"font-weight: 400;\">En aquest Willy&#8217;s pla, us proposem una ruta de 3 parades, que us connectar\u00e0 amb la natura i aix\u00ed us permetr\u00e0 gaudir dels paisatges fascinants que ofereixen les terres catalanes. Un pla dissenyat per fer en un dia i gaudir de tota mena de companyia.<\/span><\/p>\n<p><b>El Morro de l&#8217;Abella:<\/b> <span style=\"font-weight: 400;\">aquesta primera parada, \u00e9s un mirador que darrerament s&#8217;ha tornat for\u00e7a popular, ja que es poden apreciar unes incre\u00efbles vistes del Pant\u00e0 de Sau.<\/span><\/p>\n<p><span style=\"font-weight: 400;\">Per arribar a aquest lloc, et recomanem fer-ho amb cotxe. Per arribar a aquest mirador, haur\u00e0s de deixar el vehicle que trobar\u00e0s a un p\u00e0rquing de sorra, just al costat de la carretera, i ja des d&#8217;all\u00e0 pots seguir a peu fins a aquest mirador.<\/span><span style=\"font-weight: 400;\"><br \/><\/span><span style=\"font-weight: 400;\"><br \/><\/span><b>El poble de<\/b> <b>Tavertet:<\/b> <span style=\"font-weight: 400;\">En aquest petit i encantador poble, pararem a dinar, per despr\u00e9s fer una volta pels voltants i observar unes magn\u00edfiques vistes que ens ofereix del Pant\u00e0 de Sau.<\/span><span style=\"font-weight: 400;\"><br \/><\/span><span style=\"font-weight: 400;\"><br \/><\/span><b>El Mirador de Vilanova de Sau<\/b> <span style=\"font-weight: 400;\">: Des del cam\u00ed que parteix del Mirador de Tavertet, comen\u00e7arem la caminada de tot just mitja hora, fins a arribar a aquest incre\u00efble mirador, que ens oferir\u00e0 una altra perspectiva paisatg\u00edstica del mateix pant\u00e0.<\/span><\/p>\n\t\t\t\t\t\t\t\t<\/div>\n\t\t\t\t<\/div>\n\t\t\t\t\t<\/div>\n\t\t<\/div>\n\t\t\t\t\t<\/div>\n\t\t<\/section>\n\t\t\t\t<section class=\"elementor-section elementor-top-section elementor-element elementor-element-36fe8d4 elementor-section-boxed elementor-section-height-default elementor-section-height-default\" data-id=\"36fe8d4\" data-element_type=\"section\">\n\t\t\t\t\t\t<div class=\"elementor-container elementor-column-gap-default\">\n\t\t\t\t\t<div class=\"elementor-column elementor-col-100 elementor-top-column elementor-element elementor-element-da527a3\" data-id=\"da527a3\" data-element_type=\"column\">\n\t\t\t<div class=\"elementor-widget-wrap elementor-element-populated\">\n\t\t\t\t\t\t<div class=\"elementor-element elementor-element-005077d elementor-widget elementor-widget-heading\" data-id=\"005077d\" data-element_type=\"widget\" data-widget_type=\"heading.default\">\n\t\t\t\t<div class=\"elementor-widget-container\">\n\t\t\t\t\t<h2 class=\"elementor-heading-title elementor-size-default\">Morro de l'Abella\n<\/h2>\t\t\t\t<\/div>\n\t\t\t\t<\/div>\n\t\t\t\t\t<\/div>\n\t\t<\/div>\n\t\t\t\t\t<\/div>\n\t\t<\/section>\n\t\t\t\t<section class=\"elementor-section elementor-top-section elementor-element elementor-element-39c50f9 elementor-section-boxed elementor-section-height-default elementor-section-height-default\" data-id=\"39c50f9\" data-element_type=\"section\">\n\t\t\t\t\t\t<div class=\"elementor-container elementor-column-gap-default\">\n\t\t\t\t\t<div class=\"elementor-column elementor-col-50 elementor-top-column elementor-element elementor-element-df1ea3c\" data-id=\"df1ea3c\" data-element_type=\"column\">\n\t\t\t<div class=\"elementor-widget-wrap elementor-element-populated\">\n\t\t\t\t\t\t<div class=\"elementor-element elementor-element-e1a7506 elementor-widget elementor-widget-image\" data-id=\"e1a7506\" data-element_type=\"widget\" data-widget_type=\"image.default\">\n\t\t\t\t<div class=\"elementor-widget-container\">\n\t\t\t\t\t\t\t\t\t\t\t\t\t\t\t<img fetchpriority=\"high\" decoding=\"async\" width=\"768\" height=\"768\" src=\"https:\/\/www.willysplan.com\/wp-content\/uploads\/2021\/04\/Morro-de-labella-768x768.jpg\" class=\"attachment-medium_large size-medium_large wp-image-14065\" alt=\"\" srcset=\"https:\/\/www.willysplan.com\/wp-content\/uploads\/2021\/04\/Morro-de-labella-768x768.jpg 768w, https:\/\/www.willysplan.com\/wp-content\/uploads\/2021\/04\/Morro-de-labella-300x300.jpg 300w, https:\/\/www.willysplan.com\/wp-content\/uploads\/2021\/04\/Morro-de-labella-1024x1024.jpg 1024w, https:\/\/www.willysplan.com\/wp-content\/uploads\/2021\/04\/Morro-de-labella-150x150.jpg 150w, https:\/\/www.willysplan.com\/wp-content\/uploads\/2021\/04\/Morro-de-labella-600x600.jpg 600w, https:\/\/www.willysplan.com\/wp-content\/uploads\/2021\/04\/Morro-de-labella-100x100.jpg 100w, https:\/\/www.willysplan.com\/wp-content\/uploads\/2021\/04\/Morro-de-labella.jpg 1080w\" sizes=\"(max-width: 768px) 100vw, 768px\" \/>\t\t\t\t\t\t\t\t\t\t\t\t\t\t\t<\/div>\n\t\t\t\t<\/div>\n\t\t\t\t\t<\/div>\n\t\t<\/div>\n\t\t\t\t<div class=\"elementor-column elementor-col-50 elementor-top-column elementor-element elementor-element-bd2368f\" data-id=\"bd2368f\" data-element_type=\"column\">\n\t\t\t<div class=\"elementor-widget-wrap elementor-element-populated\">\n\t\t\t\t\t\t<div class=\"elementor-element elementor-element-0a67dc1 elementor-widget elementor-widget-image\" data-id=\"0a67dc1\" data-element_type=\"widget\" data-widget_type=\"image.default\">\n\t\t\t\t<div class=\"elementor-widget-container\">\n\t\t\t\t\t\t\t\t\t\t\t\t\t\t\t<img decoding=\"async\" width=\"768\" height=\"768\" src=\"https:\/\/www.willysplan.com\/wp-content\/uploads\/2021\/04\/Morro-de-labella-a-tavertet-768x768.jpg\" class=\"attachment-medium_large size-medium_large wp-image-14063\" alt=\"\" srcset=\"https:\/\/www.willysplan.com\/wp-content\/uploads\/2021\/04\/Morro-de-labella-a-tavertet-768x768.jpg 768w, https:\/\/www.willysplan.com\/wp-content\/uploads\/2021\/04\/Morro-de-labella-a-tavertet-300x300.jpg 300w, https:\/\/www.willysplan.com\/wp-content\/uploads\/2021\/04\/Morro-de-labella-a-tavertet-1024x1024.jpg 1024w, https:\/\/www.willysplan.com\/wp-content\/uploads\/2021\/04\/Morro-de-labella-a-tavertet-150x150.jpg 150w, https:\/\/www.willysplan.com\/wp-content\/uploads\/2021\/04\/Morro-de-labella-a-tavertet-600x600.jpg 600w, https:\/\/www.willysplan.com\/wp-content\/uploads\/2021\/04\/Morro-de-labella-a-tavertet-100x100.jpg 100w, https:\/\/www.willysplan.com\/wp-content\/uploads\/2021\/04\/Morro-de-labella-a-tavertet.jpg 1080w\" sizes=\"(max-width: 768px) 100vw, 768px\" \/>\t\t\t\t\t\t\t\t\t\t\t\t\t\t\t<\/div>\n\t\t\t\t<\/div>\n\t\t\t\t\t<\/div>\n\t\t<\/div>\n\t\t\t\t\t<\/div>\n\t\t<\/section>\n\t\t\t\t<section class=\"elementor-section elementor-top-section elementor-element elementor-element-4e88c10 elementor-section-boxed elementor-section-height-default elementor-section-height-default\" data-id=\"4e88c10\" data-element_type=\"section\">\n\t\t\t\t\t\t<div class=\"elementor-container elementor-column-gap-default\">\n\t\t\t\t\t<div class=\"elementor-column elementor-col-100 elementor-top-column elementor-element elementor-element-8ccc3a4\" data-id=\"8ccc3a4\" data-element_type=\"column\">\n\t\t\t<div class=\"elementor-widget-wrap elementor-element-populated\">\n\t\t\t\t\t\t<div class=\"elementor-element elementor-element-39dc59f elementor-widget elementor-widget-text-editor\" data-id=\"39dc59f\" data-element_type=\"widget\" data-widget_type=\"text-editor.default\">\n\t\t\t\t<div class=\"elementor-widget-container\">\n\t\t\t\t\t\t\t\t\t<p><span style=\"font-weight: 400;\">Probablement el<\/span> <b>Morro de l&#8217;Abella<\/b> <span style=\"font-weight: 400;\">et resulti una mica familiar. I \u00e9s que la popularitat que ha guanyat els \u00faltims anys aquest mirador natural, ha aconseguit nous curiosos, que busquen admirar el <\/span><b>Pant\u00e0 de Sau<\/b> <span style=\"font-weight: 400;\">des de les altures.<\/span> <\/p>\n<p><span style=\"font-weight: 400;\">I \u00e9s que no n&#8217;hi ha per menys: aquesta zona de la comarca d&#8217;Osona, \u00e9s senzillament al\u00b7lucinant. Si destaquem els peculiars pobles medievals i una infinitat d&#8217;atraccions que es desenvolupen en entorns naturals, plens de fauna i vida animal. Una regi\u00f3 ideal per triar excursions a l&#8217;aire lliure i gaudir de plans amb la fam\u00edlia.<\/span><\/p>\n<p><span style=\"font-weight: 400;\">El millor d\u00b4aquesta primera parada \u00e9s que est\u00e0 situada molt a prop de la ciutat de Barcelona, a tan sols 1 hora i mitja. \u00c9s nom\u00e9s passar el poble de l&#8217;Esquirol, ia uns quants quil\u00f2metres trobarem el p\u00e0rquing que ens acostar\u00e0 a la zona del <\/span><b>Morro de l&#8217;Abella.<\/b><\/p>\n<p><span style=\"font-weight: 400;\">Un cop all\u00e0, nom\u00e9s es tracta de gaudir de l&#8217;aire fresc, relaxar-se i albirar les millors vistes cap al pant\u00e0. Per aix\u00f2 et recomanem revisar l&#8217;estat del temps i assegurar-te que el dia estigui aclarit.<\/span><\/p>\n\t\t\t\t\t\t\t\t<\/div>\n\t\t\t\t<\/div>\n\t\t\t\t\t<\/div>\n\t\t<\/div>\n\t\t\t\t\t<\/div>\n\t\t<\/section>\n\t\t\t\t<section class=\"elementor-section elementor-top-section elementor-element elementor-element-cf26dc9 elementor-section-boxed elementor-section-height-default elementor-section-height-default\" data-id=\"cf26dc9\" data-element_type=\"section\">\n\t\t\t\t\t\t<div class=\"elementor-container elementor-column-gap-default\">\n\t\t\t\t\t<div class=\"elementor-column elementor-col-100 elementor-top-column elementor-element elementor-element-5689fda\" data-id=\"5689fda\" data-element_type=\"column\">\n\t\t\t<div class=\"elementor-widget-wrap elementor-element-populated\">\n\t\t\t\t\t\t<div class=\"elementor-element elementor-element-ec10ffc elementor-widget elementor-widget-heading\" data-id=\"ec10ffc\" data-element_type=\"widget\" data-widget_type=\"heading.default\">\n\t\t\t\t<div class=\"elementor-widget-container\">\n\t\t\t\t\t<h2 class=\"elementor-heading-title elementor-size-default\">Poble de Tavertet<\/h2>\t\t\t\t<\/div>\n\t\t\t\t<\/div>\n\t\t\t\t\t<\/div>\n\t\t<\/div>\n\t\t\t\t\t<\/div>\n\t\t<\/section>\n\t\t\t\t<section class=\"elementor-section elementor-top-section elementor-element elementor-element-9ca4401 elementor-section-boxed elementor-section-height-default elementor-section-height-default\" data-id=\"9ca4401\" data-element_type=\"section\">\n\t\t\t\t\t\t<div class=\"elementor-container elementor-column-gap-default\">\n\t\t\t\t\t<div class=\"elementor-column elementor-col-50 elementor-top-column elementor-element elementor-element-824143d\" data-id=\"824143d\" data-element_type=\"column\">\n\t\t\t<div class=\"elementor-widget-wrap elementor-element-populated\">\n\t\t\t\t\t\t<div class=\"elementor-element elementor-element-3feac87 elementor-widget elementor-widget-image\" data-id=\"3feac87\" data-element_type=\"widget\" data-widget_type=\"image.default\">\n\t\t\t\t<div class=\"elementor-widget-container\">\n\t\t\t\t\t\t\t\t\t\t\t\t\t\t\t<img decoding=\"async\" width=\"1024\" height=\"1024\" src=\"https:\/\/www.willysplan.com\/wp-content\/uploads\/2021\/04\/poble-de-tavertet-1024x1024.jpg\" class=\"attachment-large size-large wp-image-14067\" alt=\"\" srcset=\"https:\/\/www.willysplan.com\/wp-content\/uploads\/2021\/04\/poble-de-tavertet-1024x1024.jpg 1024w, https:\/\/www.willysplan.com\/wp-content\/uploads\/2021\/04\/poble-de-tavertet-300x300.jpg 300w, https:\/\/www.willysplan.com\/wp-content\/uploads\/2021\/04\/poble-de-tavertet-150x150.jpg 150w, https:\/\/www.willysplan.com\/wp-content\/uploads\/2021\/04\/poble-de-tavertet-768x768.jpg 768w, https:\/\/www.willysplan.com\/wp-content\/uploads\/2021\/04\/poble-de-tavertet-600x600.jpg 600w, https:\/\/www.willysplan.com\/wp-content\/uploads\/2021\/04\/poble-de-tavertet-100x100.jpg 100w, https:\/\/www.willysplan.com\/wp-content\/uploads\/2021\/04\/poble-de-tavertet.jpg 1080w\" sizes=\"(max-width: 1024px) 100vw, 1024px\" \/>\t\t\t\t\t\t\t\t\t\t\t\t\t\t\t<\/div>\n\t\t\t\t<\/div>\n\t\t\t\t\t<\/div>\n\t\t<\/div>\n\t\t\t\t<div class=\"elementor-column elementor-col-50 elementor-top-column elementor-element elementor-element-820be49\" data-id=\"820be49\" data-element_type=\"column\">\n\t\t\t<div class=\"elementor-widget-wrap elementor-element-populated\">\n\t\t\t\t\t\t<div class=\"elementor-element elementor-element-2a3a021 elementor-widget elementor-widget-image\" data-id=\"2a3a021\" data-element_type=\"widget\" data-widget_type=\"image.default\">\n\t\t\t\t<div class=\"elementor-widget-container\">\n\t\t\t\t\t\t\t\t\t\t\t\t\t\t\t<img loading=\"lazy\" decoding=\"async\" width=\"1024\" height=\"1024\" src=\"https:\/\/www.willysplan.com\/wp-content\/uploads\/2021\/04\/pueblo-de-tavertet-1024x1024.jpg\" class=\"attachment-large size-large wp-image-14057\" alt=\"\" srcset=\"https:\/\/www.willysplan.com\/wp-content\/uploads\/2021\/04\/pueblo-de-tavertet-1024x1024.jpg 1024w, https:\/\/www.willysplan.com\/wp-content\/uploads\/2021\/04\/pueblo-de-tavertet-300x300.jpg 300w, https:\/\/www.willysplan.com\/wp-content\/uploads\/2021\/04\/pueblo-de-tavertet-150x150.jpg 150w, https:\/\/www.willysplan.com\/wp-content\/uploads\/2021\/04\/pueblo-de-tavertet-768x768.jpg 768w, https:\/\/www.willysplan.com\/wp-content\/uploads\/2021\/04\/pueblo-de-tavertet-600x600.jpg 600w, https:\/\/www.willysplan.com\/wp-content\/uploads\/2021\/04\/pueblo-de-tavertet-100x100.jpg 100w, https:\/\/www.willysplan.com\/wp-content\/uploads\/2021\/04\/pueblo-de-tavertet.jpg 1080w\" sizes=\"(max-width: 1024px) 100vw, 1024px\" \/>\t\t\t\t\t\t\t\t\t\t\t\t\t\t\t<\/div>\n\t\t\t\t<\/div>\n\t\t\t\t\t<\/div>\n\t\t<\/div>\n\t\t\t\t\t<\/div>\n\t\t<\/section>\n\t\t\t\t<section class=\"elementor-section elementor-top-section elementor-element elementor-element-090337d elementor-section-boxed elementor-section-height-default elementor-section-height-default\" data-id=\"090337d\" data-element_type=\"section\">\n\t\t\t\t\t\t<div class=\"elementor-container elementor-column-gap-default\">\n\t\t\t\t\t<div class=\"elementor-column elementor-col-100 elementor-top-column elementor-element elementor-element-10259a1\" data-id=\"10259a1\" data-element_type=\"column\">\n\t\t\t<div class=\"elementor-widget-wrap elementor-element-populated\">\n\t\t\t\t\t\t<div class=\"elementor-element elementor-element-67842ef elementor-widget elementor-widget-text-editor\" data-id=\"67842ef\" data-element_type=\"widget\" data-widget_type=\"text-editor.default\">\n\t\t\t\t<div class=\"elementor-widget-container\">\n\t\t\t\t\t\t\t\t\t<p><span style=\"font-weight: 400;\">En trobar-se entre<\/span> <span style=\"font-weight: 400;\">la<\/span> <b>Serra de Collsacabra<\/b> <span style=\"font-weight: 400;\">i<\/span> <b>les Guilleries,<\/b> <span style=\"font-weight: 400;\">\u00e9s tota una fortuna per a aquest poble de la prov\u00edncia de Barcelona<\/span> <span style=\"font-weight: 400;\">.<\/span> <b>Tavertet<\/b> <span style=\"font-weight: 400;\">gaudeix d\u00b4unes vistes meravelloses i \u00e9s considerat el poble amb les vistes m\u00e9s boniques de tota la zona. I \u00e9s que no \u00e9s atzar que h\u00e0gim seleccionat la parada anterior com un dels <a href=\"https:\/\/www.willysplan.com\/ca\/idees\/els-10-millors-miradors-de-catalunya\">millors miradors de Catalunya<\/a>.<\/span><\/p><p><span style=\"font-weight: 400;\">Per aix\u00f2 el millor pla d&#8217;aquest petit poble medieval, a m\u00e9s de visitar el seu encant colonial, \u00e9s gaudir de les vistes que ofereix. Aix\u00ed que passarem la tarda visitant el<\/span> <b>mirador de Can Xicou,<\/b> <span style=\"font-weight: 400;\">que es troba a<\/span> <span style=\"font-weight: 400;\">mig del poble. Regalant-nos vistes del municipi i les regions muntanyenques.<\/span><\/p><p><span style=\"font-weight: 400;\">El segon mirador que visitarem \u00e9s<\/span> <b>la Miradora<\/b><span style=\"font-weight: 400;\">. Aquest es troba mirant cap al <\/span><b>vall del Sot de Bal\u00e0<\/b><span style=\"font-weight: 400;\"> i el salt d\u00b4aigua del Mol\u00ed Bernat. Sens dubte, una trobada ideal, amb la imponent naturalesa d&#8217;aquest lloc. <\/span><\/p><p><span style=\"font-weight: 400;\">I si no ens apressa el temps, farem un recorregut que val la pena, visitant el nucli antic. Fent una ullada a les esgl\u00e9sies de <\/span><b>Sant Crist\u00f2fol<\/b> <span style=\"font-weight: 400;\">i de<\/span> <b>Sant Miquel de Sorerols.<\/b><\/p><p><span style=\"font-weight: 400;\">Finalment, us proposem de fer<\/span><span style=\"font-weight: 400;\"> un recorregut per les construccions m\u00e9s emblem\u00e0tiques d&#8217;aquest lloc: les masies. Farem una volta pel casal de l&#8217;Avenc, la pedrera, les Baumes i la masia de Sobiranes.<\/span><\/p>\t\t\t\t\t\t\t\t<\/div>\n\t\t\t\t<\/div>\n\t\t\t\t\t<\/div>\n\t\t<\/div>\n\t\t\t\t\t<\/div>\n\t\t<\/section>\n\t\t\t\t<section class=\"elementor-section elementor-top-section elementor-element elementor-element-228dd78 elementor-section-boxed elementor-section-height-default elementor-section-height-default\" data-id=\"228dd78\" data-element_type=\"section\">\n\t\t\t\t\t\t<div class=\"elementor-container elementor-column-gap-default\">\n\t\t\t\t\t<div class=\"elementor-column elementor-col-100 elementor-top-column elementor-element elementor-element-6fe37a6\" data-id=\"6fe37a6\" data-element_type=\"column\">\n\t\t\t<div class=\"elementor-widget-wrap elementor-element-populated\">\n\t\t\t\t\t\t<div class=\"elementor-element elementor-element-c9dcbd0 elementor-widget elementor-widget-heading\" data-id=\"c9dcbd0\" data-element_type=\"widget\" data-widget_type=\"heading.default\">\n\t\t\t\t<div class=\"elementor-widget-container\">\n\t\t\t\t\t<h2 class=\"elementor-heading-title elementor-size-default\">Mirador de Vilanova de Sau<\/h2>\t\t\t\t<\/div>\n\t\t\t\t<\/div>\n\t\t\t\t\t<\/div>\n\t\t<\/div>\n\t\t\t\t\t<\/div>\n\t\t<\/section>\n\t\t\t\t<section class=\"elementor-section elementor-top-section elementor-element elementor-element-ff2fe61 elementor-section-boxed elementor-section-height-default elementor-section-height-default\" data-id=\"ff2fe61\" data-element_type=\"section\">\n\t\t\t\t\t\t<div class=\"elementor-container elementor-column-gap-default\">\n\t\t\t\t\t<div class=\"elementor-column elementor-col-50 elementor-top-column elementor-element elementor-element-2aedbc8\" data-id=\"2aedbc8\" data-element_type=\"column\">\n\t\t\t<div class=\"elementor-widget-wrap elementor-element-populated\">\n\t\t\t\t\t\t<div class=\"elementor-element elementor-element-36c0fbf elementor-widget elementor-widget-image\" data-id=\"36c0fbf\" data-element_type=\"widget\" data-widget_type=\"image.default\">\n\t\t\t\t<div class=\"elementor-widget-container\">\n\t\t\t\t\t\t\t\t\t\t\t\t\t\t\t<img loading=\"lazy\" decoding=\"async\" width=\"1024\" height=\"1024\" src=\"https:\/\/www.willysplan.com\/wp-content\/uploads\/2021\/04\/mirador-vilanova-de-sau-1024x1024.jpg\" class=\"attachment-large size-large wp-image-14061\" alt=\"\" srcset=\"https:\/\/www.willysplan.com\/wp-content\/uploads\/2021\/04\/mirador-vilanova-de-sau-1024x1024.jpg 1024w, https:\/\/www.willysplan.com\/wp-content\/uploads\/2021\/04\/mirador-vilanova-de-sau-300x300.jpg 300w, https:\/\/www.willysplan.com\/wp-content\/uploads\/2021\/04\/mirador-vilanova-de-sau-150x150.jpg 150w, https:\/\/www.willysplan.com\/wp-content\/uploads\/2021\/04\/mirador-vilanova-de-sau-768x768.jpg 768w, https:\/\/www.willysplan.com\/wp-content\/uploads\/2021\/04\/mirador-vilanova-de-sau-600x600.jpg 600w, https:\/\/www.willysplan.com\/wp-content\/uploads\/2021\/04\/mirador-vilanova-de-sau-100x100.jpg 100w, https:\/\/www.willysplan.com\/wp-content\/uploads\/2021\/04\/mirador-vilanova-de-sau.jpg 1080w\" sizes=\"(max-width: 1024px) 100vw, 1024px\" \/>\t\t\t\t\t\t\t\t\t\t\t\t\t\t\t<\/div>\n\t\t\t\t<\/div>\n\t\t\t\t\t<\/div>\n\t\t<\/div>\n\t\t\t\t<div class=\"elementor-column elementor-col-50 elementor-top-column elementor-element elementor-element-1967bf0\" data-id=\"1967bf0\" data-element_type=\"column\">\n\t\t\t<div class=\"elementor-widget-wrap elementor-element-populated\">\n\t\t\t\t\t\t<div class=\"elementor-element elementor-element-939cfbe elementor-widget elementor-widget-image\" data-id=\"939cfbe\" data-element_type=\"widget\" data-widget_type=\"image.default\">\n\t\t\t\t<div class=\"elementor-widget-container\">\n\t\t\t\t\t\t\t\t\t\t\t\t\t\t\t<img loading=\"lazy\" decoding=\"async\" width=\"1024\" height=\"1024\" src=\"https:\/\/www.willysplan.com\/wp-content\/uploads\/2021\/04\/mirador-de-vilanova-de-sau-1024x1024.jpg\" class=\"attachment-large size-large wp-image-14059\" alt=\"\" srcset=\"https:\/\/www.willysplan.com\/wp-content\/uploads\/2021\/04\/mirador-de-vilanova-de-sau-1024x1024.jpg 1024w, https:\/\/www.willysplan.com\/wp-content\/uploads\/2021\/04\/mirador-de-vilanova-de-sau-300x300.jpg 300w, https:\/\/www.willysplan.com\/wp-content\/uploads\/2021\/04\/mirador-de-vilanova-de-sau-150x150.jpg 150w, https:\/\/www.willysplan.com\/wp-content\/uploads\/2021\/04\/mirador-de-vilanova-de-sau-768x768.jpg 768w, https:\/\/www.willysplan.com\/wp-content\/uploads\/2021\/04\/mirador-de-vilanova-de-sau-600x600.jpg 600w, https:\/\/www.willysplan.com\/wp-content\/uploads\/2021\/04\/mirador-de-vilanova-de-sau-100x100.jpg 100w, https:\/\/www.willysplan.com\/wp-content\/uploads\/2021\/04\/mirador-de-vilanova-de-sau.jpg 1080w\" sizes=\"(max-width: 1024px) 100vw, 1024px\" \/>\t\t\t\t\t\t\t\t\t\t\t\t\t\t\t<\/div>\n\t\t\t\t<\/div>\n\t\t\t\t\t<\/div>\n\t\t<\/div>\n\t\t\t\t\t<\/div>\n\t\t<\/section>\n\t\t\t\t<section class=\"elementor-section elementor-top-section elementor-element elementor-element-649f78d elementor-section-boxed elementor-section-height-default elementor-section-height-default\" data-id=\"649f78d\" data-element_type=\"section\">\n\t\t\t\t\t\t<div class=\"elementor-container elementor-column-gap-default\">\n\t\t\t\t\t<div class=\"elementor-column elementor-col-100 elementor-top-column elementor-element elementor-element-bd8f266\" data-id=\"bd8f266\" data-element_type=\"column\">\n\t\t\t<div class=\"elementor-widget-wrap elementor-element-populated\">\n\t\t\t\t\t\t<div class=\"elementor-element elementor-element-6131457 elementor-widget elementor-widget-text-editor\" data-id=\"6131457\" data-element_type=\"widget\" data-widget_type=\"text-editor.default\">\n\t\t\t\t<div class=\"elementor-widget-container\">\n\t\t\t\t\t\t\t\t\t<p><span style=\"font-weight: 400;\">Com si fos un meravell\u00f3s paisatge que no oblidar\u00e0s mai. D&#8217;aix\u00f2 es tracta el <\/span><b>Mirador de Vilanova de Sau. <\/b><span style=\"font-weight: 400;\">Ubicat al Pla del Castell, al poble que porta el seu mateix nom. Aquest mirador ofereix unes incre\u00efbles vistes al <\/span><b>Pant\u00e0 de Sau<\/b> <span style=\"font-weight: 400;\">, alimentat pel riu Ter.<\/span> <\/p>\n<p><span style=\"font-weight: 400;\">El lloc preferit pels senderistes i el poble banyat per aig\u00fces. Aix\u00ed ho descriuen tur\u00edsticament. Ja que, en el recorregut, molts esportistes no nom\u00e9s gaudeixen del paisatge i el cam\u00ed cap al cim, sin\u00f3 que es presumeixen de tenir un dels dip\u00f2sits naturals d&#8217;aigua m\u00e9s grans de Catalunya.<\/span><\/p>\n<p><span style=\"font-weight: 400;\">Un lloc per somiar, admirar una enlluernadora posta de sol, i fer les millors fotografies que mai hagis imaginat. <\/span><\/p>\n<p><span style=\"font-weight: 400;\">Tot i que les rutes de senderisme es troben senyalitzades, hi ha moltes rutes alternes que et poden llan\u00e7ar a l&#8217;aventura: l&#8217;important \u00e9s prendre sempre el mateix cam\u00ed, tant a la pujada com a la tornada, ja que el lloc \u00e9s molt gran i no volem perdre&#8217;ns pel cam\u00ed. <\/span><\/p>\n<p><span style=\"font-weight: 400;\">I com a dada curiosa, explica la llegenda que a les aig\u00fces d&#8217;aquest pant\u00e0 hi reposa un poble complet. L&#8217;antiga vila de Rom\u00e1n de Sau, considerada com una de les joies de la hist\u00f2ria d&#8217;Espanya, que van quedar submergides a les profunditats.<\/span><\/p>\n<p><span style=\"font-weight: 400;\">Una \u00faltima parada, que ens recarrega del millor aire pur, l&#8217;indescriptible olor de plantes i ens connecta amb una veritable hist\u00f2ria. <\/span><\/p>\n\t\t\t\t\t\t\t\t<\/div>\n\t\t\t\t<\/div>\n\t\t\t\t\t<\/div>\n\t\t<\/div>\n\t\t\t\t\t<\/div>\n\t\t<\/section>\n\t\t\t\t<section class=\"elementor-section elementor-top-section elementor-element elementor-element-934cfa6 elementor-section-boxed elementor-section-height-default elementor-section-height-default\" data-id=\"934cfa6\" data-element_type=\"section\">\n\t\t\t\t\t\t<div class=\"elementor-container elementor-column-gap-default\">\n\t\t\t\t\t<div class=\"elementor-column elementor-col-100 elementor-top-column elementor-element elementor-element-6d28942\" data-id=\"6d28942\" data-element_type=\"column\">\n\t\t\t<div class=\"elementor-widget-wrap elementor-element-populated\">\n\t\t\t\t\t\t<div class=\"elementor-element elementor-element-24f2b10 elementor-widget elementor-widget-heading\" data-id=\"24f2b10\" data-element_type=\"widget\" data-widget_type=\"heading.default\">\n\t\t\t\t<div class=\"elementor-widget-container\">\n\t\t\t\t\t<h2 class=\"elementor-heading-title elementor-size-default\">Altres rutes que tamb\u00e9 et poden interessar...<\/h2>\t\t\t\t<\/div>\n\t\t\t\t<\/div>\n\t\t\t\t\t<\/div>\n\t\t<\/div>\n\t\t\t\t\t<\/div>\n\t\t<\/section>\n\t\t\t\t<section class=\"elementor-section elementor-top-section elementor-element elementor-element-b9303aa elementor-section-boxed elementor-section-height-default elementor-section-height-default\" data-id=\"b9303aa\" data-element_type=\"section\">\n\t\t\t\t\t\t<div class=\"elementor-container elementor-column-gap-default\">\n\t\t\t\t\t<div class=\"elementor-column elementor-col-100 elementor-top-column elementor-element elementor-element-4c9811a\" data-id=\"4c9811a\" data-element_type=\"column\">\n\t\t\t<div class=\"elementor-widget-wrap elementor-element-populated\">\n\t\t\t\t\t\t<div class=\"elementor-element elementor-element-1bb3dc4 elementor-grid-4 elementor-grid-tablet-2 elementor-grid-mobile-1 elementor-posts--thumbnail-top elementor-widget elementor-widget-posts\" data-id=\"1bb3dc4\" data-element_type=\"widget\" data-settings=\"{&quot;classic_columns&quot;:&quot;4&quot;,&quot;classic_columns_tablet&quot;:&quot;2&quot;,&quot;classic_columns_mobile&quot;:&quot;1&quot;,&quot;classic_row_gap&quot;:{&quot;unit&quot;:&quot;px&quot;,&quot;size&quot;:35,&quot;sizes&quot;:[]},&quot;classic_row_gap_tablet&quot;:{&quot;unit&quot;:&quot;px&quot;,&quot;size&quot;:&quot;&quot;,&quot;sizes&quot;:[]},&quot;classic_row_gap_mobile&quot;:{&quot;unit&quot;:&quot;px&quot;,&quot;size&quot;:&quot;&quot;,&quot;sizes&quot;:[]}}\" data-widget_type=\"posts.classic\">\n\t\t\t\t<div class=\"elementor-widget-container\">\n\t\t\t\t\t\t\t<div class=\"elementor-posts-container elementor-posts elementor-posts--skin-classic elementor-grid\" role=\"list\">\n\t\t\t\t<article class=\"elementor-post elementor-grid-item post-16065 post type-post status-publish format-standard has-post-thumbnail hentry category-rutes tag-rutas-barcelona-provincia tag-rutas-beget tag-rutas-berga tag-rutas-bergueda tag-rutas-castellar-de-nhug tag-rutas-cataluna\" role=\"listitem\">\n\t\t\t\t<a class=\"elementor-post__thumbnail__link\" href=\"https:\/\/www.willysplan.com\/ca\/rutes\/ruta-des-dels-jardins-artigas-a-castellar-de-nhug\" tabindex=\"-1\" >\n\t\t\t<div class=\"elementor-post__thumbnail\"><img loading=\"lazy\" decoding=\"async\" width=\"300\" height=\"300\" src=\"https:\/\/www.willysplan.com\/wp-content\/uploads\/2020\/07\/Jardins-artigas21-300x300.jpg\" class=\"attachment-medium size-medium wp-image-13691\" alt=\"\" srcset=\"https:\/\/www.willysplan.com\/wp-content\/uploads\/2020\/07\/Jardins-artigas21-300x300.jpg 300w, https:\/\/www.willysplan.com\/wp-content\/uploads\/2020\/07\/Jardins-artigas21-1024x1024.jpg 1024w, https:\/\/www.willysplan.com\/wp-content\/uploads\/2020\/07\/Jardins-artigas21-150x150.jpg 150w, https:\/\/www.willysplan.com\/wp-content\/uploads\/2020\/07\/Jardins-artigas21-768x768.jpg 768w, https:\/\/www.willysplan.com\/wp-content\/uploads\/2020\/07\/Jardins-artigas21-480x480.jpg 480w, https:\/\/www.willysplan.com\/wp-content\/uploads\/2020\/07\/Jardins-artigas21-280x280.jpg 280w, https:\/\/www.willysplan.com\/wp-content\/uploads\/2020\/07\/Jardins-artigas21-960x960.jpg 960w, https:\/\/www.willysplan.com\/wp-content\/uploads\/2020\/07\/Jardins-artigas21-400x400.jpg 400w, https:\/\/www.willysplan.com\/wp-content\/uploads\/2020\/07\/Jardins-artigas21-585x585.jpg 585w, https:\/\/www.willysplan.com\/wp-content\/uploads\/2020\/07\/Jardins-artigas21-600x600.jpg 600w, https:\/\/www.willysplan.com\/wp-content\/uploads\/2020\/07\/Jardins-artigas21-100x100.jpg 100w, https:\/\/www.willysplan.com\/wp-content\/uploads\/2020\/07\/Jardins-artigas21.jpg 1080w\" sizes=\"(max-width: 300px) 100vw, 300px\" \/><\/div>\n\t\t<\/a>\n\t\t\t\t<div class=\"elementor-post__text\">\n\t\t\t\t<h4 class=\"elementor-post__title\">\n\t\t\t<a href=\"https:\/\/www.willysplan.com\/ca\/rutes\/ruta-des-dels-jardins-artigas-a-castellar-de-nhug\" >\n\t\t\t\tRuta des dels Jardins Artigas a Castellar de N&#8217;hug\t\t\t<\/a>\n\t\t<\/h4>\n\t\t\t\t<\/div>\n\t\t\t\t<\/article>\n\t\t\t\t<\/div>\n\t\t\n\t\t\t\t\t\t<\/div>\n\t\t\t\t<\/div>\n\t\t\t\t\t<\/div>\n\t\t<\/div>\n\t\t\t\t\t<\/div>\n\t\t<\/section>\n\t\t\t\t<\/div>\n\t\t","protected":false},"excerpt":{"rendered":"<p>En aquesta ruta des de Morro de l&#8217;Abella fins al Mirador de Vilanova de Sau, visitarem el nord-oest de la prov\u00edncia de Barcelona. M\u00e9s exactament,<\/p>\n","protected":false},"author":1,"featured_media":14069,"comment_status":"closed","ping_status":"closed","sticky":false,"template":"","format":"standard","meta":{"neve_meta_sidebar":"","neve_meta_container":"","neve_meta_enable_content_width":"","neve_meta_content_width":0,"neve_meta_title_alignment":"","neve_meta_author_avatar":"","neve_post_elements_order":"","neve_meta_disable_header":"","neve_meta_disable_footer":"","neve_meta_disable_title":"","_joinchat":[],"footnotes":""},"categories":[323],"tags":[372,360,402,442],"class_list":["post-16374","post","type-post","status-publish","format-standard","has-post-thumbnail","hentry","category-rutes","tag-rutes-barcelona-provincia","tag-rutes-catalunya","tag-rutes-osona","tag-rutes-tavertet"],"yoast_head":"<!-- This site is optimized with the Yoast SEO Premium plugin v20.1 (Yoast SEO v26.9) - https:\/\/yoast.com\/product\/yoast-seo-premium-wordpress\/ -->\n<title>Ruta des del Morro de l&#039;Abella al Mirador Vilanova de Sau \u2013 Willy&#039;s pla<\/title>\n<meta name=\"description\" content=\"Descobreix aquesta ruta per fer a Tavertet. Visiteu el Morro de l&#039;Abella, el poble de Tavertet i el Mirador de Vilanova de Sau. \u2705 Entra ara!\" \/>\n<meta name=\"robots\" content=\"index, follow, max-snippet:-1, max-image-preview:large, max-video-preview:-1\" \/>\n<link rel=\"canonical\" href=\"https:\/\/www.willysplan.com\/ca\/rutes\/ruta-des-del-morro-de-labella-al-mirador-de-vilanova-de-sau\" \/>\n<meta property=\"og:locale\" content=\"ca_ES\" \/>\n<meta property=\"og:type\" content=\"article\" \/>\n<meta property=\"og:title\" content=\"Ruta des del Morro de l&#039;Abella al Mirador de Vilanova de Sau\" \/>\n<meta property=\"og:description\" content=\"Descobreix aquesta ruta per fer a Tavertet. Visiteu el Morro de l&#039;Abella, el poble de Tavertet i el Mirador de Vilanova de Sau. \u2705 Entra ara!\" \/>\n<meta property=\"og:url\" content=\"https:\/\/www.willysplan.com\/ca\/rutes\/ruta-des-del-morro-de-labella-al-mirador-de-vilanova-de-sau\" \/>\n<meta property=\"og:site_name\" content=\"Willy&#039;s Plan \ud83c\udf43\" \/>\n<meta property=\"article:published_time\" content=\"2021-04-07T06:35:25+00:00\" \/>\n<meta property=\"article:modified_time\" content=\"2023-07-24T05:18:47+00:00\" \/>\n<meta property=\"og:image\" content=\"https:\/\/www.willysplan.com\/wp-content\/uploads\/2021\/04\/morro-de-abella.jpg\" \/>\n\t<meta property=\"og:image:width\" content=\"833\" \/>\n\t<meta property=\"og:image:height\" content=\"625\" \/>\n\t<meta property=\"og:image:type\" content=\"image\/jpeg\" \/>\n<meta name=\"author\" content=\"admin\" \/>\n<meta name=\"twitter:card\" content=\"summary_large_image\" \/>\n<meta name=\"twitter:label1\" content=\"Escrit per\" \/>\n\t<meta name=\"twitter:data1\" content=\"admin\" \/>\n\t<meta name=\"twitter:label2\" content=\"Temps estimat de lectura\" \/>\n\t<meta name=\"twitter:data2\" content=\"5 minuts\" \/>\n<script type=\"application\/ld+json\" class=\"yoast-schema-graph\">{\"@context\":\"https:\/\/schema.org\",\"@graph\":[{\"@type\":\"Article\",\"@id\":\"https:\/\/www.willysplan.com\/ca\/rutes\/ruta-des-del-morro-de-labella-al-mirador-de-vilanova-de-sau#article\",\"isPartOf\":{\"@id\":\"https:\/\/www.willysplan.com\/ca\/rutes\/ruta-des-del-morro-de-labella-al-mirador-de-vilanova-de-sau\"},\"author\":{\"name\":\"admin\",\"@id\":\"https:\/\/www.willysplan.com\/#\/schema\/person\/58c1527a9a42e9b18a877f14136f1d47\"},\"headline\":\"Ruta des del Morro de l&#8217;Abella al Mirador de Vilanova de Sau\",\"datePublished\":\"2021-04-07T06:35:25+00:00\",\"dateModified\":\"2023-07-24T05:18:47+00:00\",\"mainEntityOfPage\":{\"@id\":\"https:\/\/www.willysplan.com\/ca\/rutes\/ruta-des-del-morro-de-labella-al-mirador-de-vilanova-de-sau\"},\"wordCount\":1065,\"publisher\":{\"@id\":\"https:\/\/www.willysplan.com\/#organization\"},\"image\":{\"@id\":\"https:\/\/www.willysplan.com\/ca\/rutes\/ruta-des-del-morro-de-labella-al-mirador-de-vilanova-de-sau#primaryimage\"},\"thumbnailUrl\":\"https:\/\/www.willysplan.com\/wp-content\/uploads\/2021\/04\/morro-de-abella.jpg\",\"keywords\":[\"rutes barcelona prov\u00edncia\",\"rutes catalunya\",\"rutes osona\",\"rutes tavertet\"],\"articleSection\":[\"rutes\"],\"inLanguage\":\"ca\"},{\"@type\":\"WebPage\",\"@id\":\"https:\/\/www.willysplan.com\/ca\/rutes\/ruta-des-del-morro-de-labella-al-mirador-de-vilanova-de-sau\",\"url\":\"https:\/\/www.willysplan.com\/ca\/rutes\/ruta-des-del-morro-de-labella-al-mirador-de-vilanova-de-sau\",\"name\":\"Ruta des del Morro de l'Abella al Mirador Vilanova de Sau \u2013 Willy's pla\",\"isPartOf\":{\"@id\":\"https:\/\/www.willysplan.com\/#website\"},\"primaryImageOfPage\":{\"@id\":\"https:\/\/www.willysplan.com\/ca\/rutes\/ruta-des-del-morro-de-labella-al-mirador-de-vilanova-de-sau#primaryimage\"},\"image\":{\"@id\":\"https:\/\/www.willysplan.com\/ca\/rutes\/ruta-des-del-morro-de-labella-al-mirador-de-vilanova-de-sau#primaryimage\"},\"thumbnailUrl\":\"https:\/\/www.willysplan.com\/wp-content\/uploads\/2021\/04\/morro-de-abella.jpg\",\"datePublished\":\"2021-04-07T06:35:25+00:00\",\"dateModified\":\"2023-07-24T05:18:47+00:00\",\"description\":\"Descobreix aquesta ruta per fer a Tavertet. Visiteu el Morro de l'Abella, el poble de Tavertet i el Mirador de Vilanova de Sau. \u2705 Entra ara!\",\"inLanguage\":\"ca\",\"potentialAction\":[{\"@type\":\"ReadAction\",\"target\":[\"https:\/\/www.willysplan.com\/ca\/rutes\/ruta-des-del-morro-de-labella-al-mirador-de-vilanova-de-sau\"]}]},{\"@type\":\"ImageObject\",\"inLanguage\":\"ca\",\"@id\":\"https:\/\/www.willysplan.com\/ca\/rutes\/ruta-des-del-morro-de-labella-al-mirador-de-vilanova-de-sau#primaryimage\",\"url\":\"https:\/\/www.willysplan.com\/wp-content\/uploads\/2021\/04\/morro-de-abella.jpg\",\"contentUrl\":\"https:\/\/www.willysplan.com\/wp-content\/uploads\/2021\/04\/morro-de-abella.jpg\",\"width\":833,\"height\":625},{\"@type\":\"WebSite\",\"@id\":\"https:\/\/www.willysplan.com\/#website\",\"url\":\"https:\/\/www.willysplan.com\/\",\"name\":\"Willy&#039;s Plan \ud83c\udf43\",\"description\":\"Escapadas y Planes de fin de semana\",\"publisher\":{\"@id\":\"https:\/\/www.willysplan.com\/#organization\"},\"potentialAction\":[{\"@type\":\"SearchAction\",\"target\":{\"@type\":\"EntryPoint\",\"urlTemplate\":\"https:\/\/www.willysplan.com\/?s={search_term_string}\"},\"query-input\":{\"@type\":\"PropertyValueSpecification\",\"valueRequired\":true,\"valueName\":\"search_term_string\"}}],\"inLanguage\":\"ca\"},{\"@type\":\"Organization\",\"@id\":\"https:\/\/www.willysplan.com\/#organization\",\"name\":\"Willy&#039;s Plan \ud83c\udf43\",\"url\":\"https:\/\/www.willysplan.com\/\",\"logo\":{\"@type\":\"ImageObject\",\"inLanguage\":\"ca\",\"@id\":\"https:\/\/www.willysplan.com\/#\/schema\/logo\/image\/\",\"url\":\"https:\/\/www.willysplan.com\/wp-content\/uploads\/2020\/04\/cropped-logo-1.png\",\"contentUrl\":\"https:\/\/www.willysplan.com\/wp-content\/uploads\/2020\/04\/cropped-logo-1.png\",\"width\":332,\"height\":332,\"caption\":\"Willy&#039;s Plan \ud83c\udf43\"},\"image\":{\"@id\":\"https:\/\/www.willysplan.com\/#\/schema\/logo\/image\/\"}},{\"@type\":\"Person\",\"@id\":\"https:\/\/www.willysplan.com\/#\/schema\/person\/58c1527a9a42e9b18a877f14136f1d47\",\"name\":\"admin\",\"image\":{\"@type\":\"ImageObject\",\"inLanguage\":\"ca\",\"@id\":\"https:\/\/www.willysplan.com\/#\/schema\/person\/image\/\",\"url\":\"https:\/\/secure.gravatar.com\/avatar\/0b8d78e655d83cc71e0a6cd6cb0f0f99929604cd70ff0f7ac1713f248945ea9d?s=96&d=mm&r=g\",\"contentUrl\":\"https:\/\/secure.gravatar.com\/avatar\/0b8d78e655d83cc71e0a6cd6cb0f0f99929604cd70ff0f7ac1713f248945ea9d?s=96&d=mm&r=g\",\"caption\":\"admin\"},\"url\":\"https:\/\/www.willysplan.com\/ca\/author\/admin\"}]}<\/script>\n<!-- \/ Yoast SEO Premium plugin. -->","yoast_head_json":{"title":"Ruta des del Morro de l'Abella al Mirador Vilanova de Sau \u2013 Willy's pla","description":"Descobreix aquesta ruta per fer a Tavertet. Visiteu el Morro de l'Abella, el poble de Tavertet i el Mirador de Vilanova de Sau. \u2705 Entra ara!","robots":{"index":"index","follow":"follow","max-snippet":"max-snippet:-1","max-image-preview":"max-image-preview:large","max-video-preview":"max-video-preview:-1"},"canonical":"https:\/\/www.willysplan.com\/ca\/rutes\/ruta-des-del-morro-de-labella-al-mirador-de-vilanova-de-sau","og_locale":"ca_ES","og_type":"article","og_title":"Ruta des del Morro de l'Abella al Mirador de Vilanova de Sau","og_description":"Descobreix aquesta ruta per fer a Tavertet. Visiteu el Morro de l'Abella, el poble de Tavertet i el Mirador de Vilanova de Sau. \u2705 Entra ara!","og_url":"https:\/\/www.willysplan.com\/ca\/rutes\/ruta-des-del-morro-de-labella-al-mirador-de-vilanova-de-sau","og_site_name":"Willy&#039;s Plan \ud83c\udf43","article_published_time":"2021-04-07T06:35:25+00:00","article_modified_time":"2023-07-24T05:18:47+00:00","og_image":[{"width":833,"height":625,"url":"https:\/\/www.willysplan.com\/wp-content\/uploads\/2021\/04\/morro-de-abella.jpg","type":"image\/jpeg"}],"author":"admin","twitter_card":"summary_large_image","twitter_misc":{"Escrit per":"admin","Temps estimat de lectura":"5 minuts"},"schema":{"@context":"https:\/\/schema.org","@graph":[{"@type":"Article","@id":"https:\/\/www.willysplan.com\/ca\/rutes\/ruta-des-del-morro-de-labella-al-mirador-de-vilanova-de-sau#article","isPartOf":{"@id":"https:\/\/www.willysplan.com\/ca\/rutes\/ruta-des-del-morro-de-labella-al-mirador-de-vilanova-de-sau"},"author":{"name":"admin","@id":"https:\/\/www.willysplan.com\/#\/schema\/person\/58c1527a9a42e9b18a877f14136f1d47"},"headline":"Ruta des del Morro de l&#8217;Abella al Mirador de Vilanova de Sau","datePublished":"2021-04-07T06:35:25+00:00","dateModified":"2023-07-24T05:18:47+00:00","mainEntityOfPage":{"@id":"https:\/\/www.willysplan.com\/ca\/rutes\/ruta-des-del-morro-de-labella-al-mirador-de-vilanova-de-sau"},"wordCount":1065,"publisher":{"@id":"https:\/\/www.willysplan.com\/#organization"},"image":{"@id":"https:\/\/www.willysplan.com\/ca\/rutes\/ruta-des-del-morro-de-labella-al-mirador-de-vilanova-de-sau#primaryimage"},"thumbnailUrl":"https:\/\/www.willysplan.com\/wp-content\/uploads\/2021\/04\/morro-de-abella.jpg","keywords":["rutes barcelona prov\u00edncia","rutes catalunya","rutes osona","rutes tavertet"],"articleSection":["rutes"],"inLanguage":"ca"},{"@type":"WebPage","@id":"https:\/\/www.willysplan.com\/ca\/rutes\/ruta-des-del-morro-de-labella-al-mirador-de-vilanova-de-sau","url":"https:\/\/www.willysplan.com\/ca\/rutes\/ruta-des-del-morro-de-labella-al-mirador-de-vilanova-de-sau","name":"Ruta des del Morro de l'Abella al Mirador Vilanova de Sau \u2013 Willy's pla","isPartOf":{"@id":"https:\/\/www.willysplan.com\/#website"},"primaryImageOfPage":{"@id":"https:\/\/www.willysplan.com\/ca\/rutes\/ruta-des-del-morro-de-labella-al-mirador-de-vilanova-de-sau#primaryimage"},"image":{"@id":"https:\/\/www.willysplan.com\/ca\/rutes\/ruta-des-del-morro-de-labella-al-mirador-de-vilanova-de-sau#primaryimage"},"thumbnailUrl":"https:\/\/www.willysplan.com\/wp-content\/uploads\/2021\/04\/morro-de-abella.jpg","datePublished":"2021-04-07T06:35:25+00:00","dateModified":"2023-07-24T05:18:47+00:00","description":"Descobreix aquesta ruta per fer a Tavertet. Visiteu el Morro de l'Abella, el poble de Tavertet i el Mirador de Vilanova de Sau. \u2705 Entra ara!","inLanguage":"ca","potentialAction":[{"@type":"ReadAction","target":["https:\/\/www.willysplan.com\/ca\/rutes\/ruta-des-del-morro-de-labella-al-mirador-de-vilanova-de-sau"]}]},{"@type":"ImageObject","inLanguage":"ca","@id":"https:\/\/www.willysplan.com\/ca\/rutes\/ruta-des-del-morro-de-labella-al-mirador-de-vilanova-de-sau#primaryimage","url":"https:\/\/www.willysplan.com\/wp-content\/uploads\/2021\/04\/morro-de-abella.jpg","contentUrl":"https:\/\/www.willysplan.com\/wp-content\/uploads\/2021\/04\/morro-de-abella.jpg","width":833,"height":625},{"@type":"WebSite","@id":"https:\/\/www.willysplan.com\/#website","url":"https:\/\/www.willysplan.com\/","name":"Willy&#039;s Plan \ud83c\udf43","description":"Escapadas y Planes de fin de semana","publisher":{"@id":"https:\/\/www.willysplan.com\/#organization"},"potentialAction":[{"@type":"SearchAction","target":{"@type":"EntryPoint","urlTemplate":"https:\/\/www.willysplan.com\/?s={search_term_string}"},"query-input":{"@type":"PropertyValueSpecification","valueRequired":true,"valueName":"search_term_string"}}],"inLanguage":"ca"},{"@type":"Organization","@id":"https:\/\/www.willysplan.com\/#organization","name":"Willy&#039;s Plan \ud83c\udf43","url":"https:\/\/www.willysplan.com\/","logo":{"@type":"ImageObject","inLanguage":"ca","@id":"https:\/\/www.willysplan.com\/#\/schema\/logo\/image\/","url":"https:\/\/www.willysplan.com\/wp-content\/uploads\/2020\/04\/cropped-logo-1.png","contentUrl":"https:\/\/www.willysplan.com\/wp-content\/uploads\/2020\/04\/cropped-logo-1.png","width":332,"height":332,"caption":"Willy&#039;s Plan \ud83c\udf43"},"image":{"@id":"https:\/\/www.willysplan.com\/#\/schema\/logo\/image\/"}},{"@type":"Person","@id":"https:\/\/www.willysplan.com\/#\/schema\/person\/58c1527a9a42e9b18a877f14136f1d47","name":"admin","image":{"@type":"ImageObject","inLanguage":"ca","@id":"https:\/\/www.willysplan.com\/#\/schema\/person\/image\/","url":"https:\/\/secure.gravatar.com\/avatar\/0b8d78e655d83cc71e0a6cd6cb0f0f99929604cd70ff0f7ac1713f248945ea9d?s=96&d=mm&r=g","contentUrl":"https:\/\/secure.gravatar.com\/avatar\/0b8d78e655d83cc71e0a6cd6cb0f0f99929604cd70ff0f7ac1713f248945ea9d?s=96&d=mm&r=g","caption":"admin"},"url":"https:\/\/www.willysplan.com\/ca\/author\/admin"}]}},"_links":{"self":[{"href":"https:\/\/www.willysplan.com\/ca\/wp-json\/wp\/v2\/posts\/16374","targetHints":{"allow":["GET"]}}],"collection":[{"href":"https:\/\/www.willysplan.com\/ca\/wp-json\/wp\/v2\/posts"}],"about":[{"href":"https:\/\/www.willysplan.com\/ca\/wp-json\/wp\/v2\/types\/post"}],"author":[{"embeddable":true,"href":"https:\/\/www.willysplan.com\/ca\/wp-json\/wp\/v2\/users\/1"}],"replies":[{"embeddable":true,"href":"https:\/\/www.willysplan.com\/ca\/wp-json\/wp\/v2\/comments?post=16374"}],"version-history":[{"count":6,"href":"https:\/\/www.willysplan.com\/ca\/wp-json\/wp\/v2\/posts\/16374\/revisions"}],"predecessor-version":[{"id":21454,"href":"https:\/\/www.willysplan.com\/ca\/wp-json\/wp\/v2\/posts\/16374\/revisions\/21454"}],"wp:featuredmedia":[{"embeddable":true,"href":"https:\/\/www.willysplan.com\/ca\/wp-json\/wp\/v2\/media\/14069"}],"wp:attachment":[{"href":"https:\/\/www.willysplan.com\/ca\/wp-json\/wp\/v2\/media?parent=16374"}],"wp:term":[{"taxonomy":"category","embeddable":true,"href":"https:\/\/www.willysplan.com\/ca\/wp-json\/wp\/v2\/categories?post=16374"},{"taxonomy":"post_tag","embeddable":true,"href":"https:\/\/www.willysplan.com\/ca\/wp-json\/wp\/v2\/tags?post=16374"}],"curies":[{"name":"wp","href":"https:\/\/api.w.org\/{rel}","templated":true}]}}