{"id":16365,"date":"2021-01-22T07:55:12","date_gmt":"2021-01-22T06:55:12","guid":{"rendered":"https:\/\/willysplan.com\/uncategorized-ca\/excursio-des-del-mirador-de-sarria-al-balconet-o-mirablau"},"modified":"2023-07-24T06:37:41","modified_gmt":"2023-07-24T05:37:41","slug":"excursio-des-del-mirador-de-sarria-al-balconet-o-mirablau","status":"publish","type":"post","link":"https:\/\/www.willysplan.com\/ca\/idees\/excursio-des-del-mirador-de-sarria-al-balconet-o-mirablau","title":{"rendered":"Excursi\u00f3 des del Mirador de Sarri\u00e0 al Balconet o Mirablau"},"content":{"rendered":"\t\t<div data-elementor-type=\"wp-post\" data-elementor-id=\"16365\" class=\"elementor elementor-16365 elementor-5637\" data-elementor-post-type=\"post\">\n\t\t\t\t\t\t<section class=\"elementor-section elementor-top-section elementor-element elementor-element-f4c69cc elementor-section-boxed elementor-section-height-default elementor-section-height-default\" data-id=\"f4c69cc\" data-element_type=\"section\">\n\t\t\t\t\t\t<div class=\"elementor-container elementor-column-gap-default\">\n\t\t\t\t\t<div class=\"elementor-column elementor-col-50 elementor-top-column elementor-element elementor-element-164a862\" data-id=\"164a862\" data-element_type=\"column\">\n\t\t\t<div class=\"elementor-widget-wrap elementor-element-populated\">\n\t\t\t\t\t\t<div class=\"elementor-element elementor-element-29bc239 elementor-widget elementor-widget-text-editor\" data-id=\"29bc239\" data-element_type=\"widget\" data-widget_type=\"text-editor.default\">\n\t\t\t\t<div class=\"elementor-widget-container\">\n\t\t\t\t\t\t\t\t\t<p><span style=\"font-weight: 400;\">Gr\u00e0cies a la seva incre\u00efble oferta d&#8217;oci i turisme, la prov\u00edncia de<\/span> <b>Barcelona<\/b> <span style=\"font-weight: 400;\">, no nom\u00e9s \u00e9s una de les m\u00e9s grans de<\/span> <b>Catalunya<\/b><span style=\"font-weight: 400;\">, amb 7,726 km\u00b2. Tamb\u00e9 \u00e9s una de les m\u00e9s concorregudes pels viatgers, ja que s&#8217;hi troba la ciutat que porta el mateix nom i \u00e9s l&#8217;epicentre m\u00e9s important d&#8217;art i cultura de tota la regi\u00f3. <\/span><\/p><p><span style=\"font-weight: 400;\">Entre les moltes <a href=\"https:\/\/www.willysplan.com\/ca\/rutes\/rutes-de-senderisme-i-excursions-per-barcelona\">rutes i excursions per Barcelona ciutat<\/a> ,<\/span> <span style=\"font-weight: 400;\">sens dubte, \u00e9s obligatori visitar les seves emblem\u00e0tiques construccions modernistes que van marcar un moviment art\u00edstic, i el significat de l&#8217;art a la cultura catalana.<\/span><\/p><p><b>Barcelona <\/b><span style=\"font-weight: 400;\">\u00e9s una ciutat multifac\u00e8tica. M\u00e9s enll\u00e0 de l&#8217;art, la diversi\u00f3 pot variar segons els plans i com la miris. A Willy&#8217;s Plan ens atrevir\u00edem a dir que \u00e9s \u201cla ciutat perfecta\u201d. Envoltada de muntanyes, mar, cultura, gastronomia, lleure i molta diversi\u00f3; Barcelona \u00e9s capa\u00e7 de sorprendre&#8217;t amb tot el seu encant cosmopolita. <\/span><\/p>\t\t\t\t\t\t\t\t<\/div>\n\t\t\t\t<\/div>\n\t\t\t\t\t<\/div>\n\t\t<\/div>\n\t\t\t\t<div class=\"elementor-column elementor-col-50 elementor-top-column elementor-element elementor-element-f0384f5\" data-id=\"f0384f5\" data-element_type=\"column\">\n\t\t\t<div class=\"elementor-widget-wrap elementor-element-populated\">\n\t\t\t\t\t\t<div class=\"elementor-element elementor-element-9d5b8ad elementor-widget elementor-widget-html\" data-id=\"9d5b8ad\" data-element_type=\"widget\" data-widget_type=\"html.default\">\n\t\t\t\t<div class=\"elementor-widget-container\">\n\t\t\t\t\t<iframe src=\"https:\/\/www.google.com\/maps\/embed?pb=!1m34!1m12!1m3!1d23936.641168715614!2d2.1002751202865833!3d41.415778856486824!2m3!1f0!2f0!3f0!3m2!1i1024!2i768!4f13.1!4m19!3e0!4m5!1s0x12a498343d397f2f%3A0x8167f0c76ac8e538!2sMirador%20Sarri%C3%A0%2C%20Carretera%20de%20Sarri%C3%A0%20a%20Vallvidrera%2C%20115%2C%2008017%20Barcelona!3m2!1d41.4056071!2d2.11!4m5!1s0x12a49789cff3db45%3A0xdb92ebc64b4e2a63!2sTibidabo%2C%20Barcelona!3m2!1d41.4225!2d2.118611!4m5!1s0x12a4981bf307c1af%3A0xb1dece8b3e78143!2sEl%20Balconet%2C%20Pla%C3%A7a%20del%20Doctor%20Andreu%2C%20Barcelona!3m2!1d41.4162933!2d2.131182!5e0!3m2!1ses!2ses!4v1611296378792!5m2!1ses!2ses\" width=\"600\" height=\"450\" frameborder=\"0\" style=\"border:0;\" allowfullscreen=\"\" aria-hidden=\"false\" tabindex=\"0\"><\/iframe>\t\t\t\t<\/div>\n\t\t\t\t<\/div>\n\t\t\t\t\t<\/div>\n\t\t<\/div>\n\t\t\t\t\t<\/div>\n\t\t<\/section>\n\t\t\t\t<section class=\"elementor-section elementor-top-section elementor-element elementor-element-671cd3c elementor-section-boxed elementor-section-height-default elementor-section-height-default\" data-id=\"671cd3c\" data-element_type=\"section\">\n\t\t\t\t\t\t<div class=\"elementor-container elementor-column-gap-default\">\n\t\t\t\t\t<div class=\"elementor-column elementor-col-100 elementor-top-column elementor-element elementor-element-eaffc38\" data-id=\"eaffc38\" data-element_type=\"column\">\n\t\t\t<div class=\"elementor-widget-wrap elementor-element-populated\">\n\t\t\t\t\t\t<div class=\"elementor-element elementor-element-ac561a4 elementor-widget elementor-widget-text-editor\" data-id=\"ac561a4\" data-element_type=\"widget\" data-widget_type=\"text-editor.default\">\n\t\t\t\t<div class=\"elementor-widget-container\">\n\t\t\t\t\t\t\t\t\t<p><span style=\"font-weight: 400;\">A Willy&#8217;s Plan hem decidit tra\u00e7ar una<\/span> <b>excursi\u00f3 des del Mirador de Sarri\u00e0<\/b> <b>al Balconet,<\/b> <span style=\"font-weight: 400;\">per tal que coneguis l&#8217;altra cara de ciutat comtal, i gaudeixis de noves i incre\u00efbles alternatives.<\/span> <\/p>\n<p><span style=\"font-weight: 400;\">Aquest pla \u00e9s ideal per passar la tarda en parella o gaudir-ne amb amics. En aquesta ocasi\u00f3, \u00e9s una ruta que es pot fer tant amb cotxe com caminant. On gaudirem dels millors miradors de la ciutat, i aix\u00ed con\u00e8ixer-la des de diferents perspectives. <\/span><\/p>\n<p><span style=\"font-weight: 400;\">Comen\u00e7arem pujant al<\/span> <b>Tibidabo<\/b><span style=\"font-weight: 400;\">, per la carretera que va des de Sarri\u00e0 a Vallvidrera. Al cam\u00ed trobarem el <\/span><b>Mirador de Sarri\u00e0<\/b> : <span style=\"font-weight: 400;\">un petit p\u00e0rquing on parar amb el cotxe, i gaudir de les vistes incre\u00efbles de la ciutat de Barcelona.<\/span><\/p>\n<p><span style=\"font-weight: 400;\">Continuem pujant fins arribar al parc d&#8217;atraccions del<\/span> <b>Tibidabo<\/b><span style=\"font-weight: 400;\">. Aqu\u00ed gaudirem d\u00b4unes vistes m\u00e9s \u00e0mplies de tota la ciutat, ja que \u00e9s el punt m\u00e9s alt del recorregut. Per tant, pots quedar-te a prendre alguna beguda, menjar alguna cosa i per fer-te fotos i\/o entrar al parc. Tot i que si entres, el pla ja seria de tot el dia. <\/span><\/p>\n<p><span style=\"font-weight: 400;\">Finalment veurem com arriba la nit des de la terrasseta<\/span> <b>\u201cEl Balconet\u201d.<\/b> <span style=\"font-weight: 400;\">Situada al costat del fam\u00f3s restaurant Mirablau, on prendrem una copa i farem un merescut pica-pica.<\/span> <\/p>\n\t\t\t\t\t\t\t\t<\/div>\n\t\t\t\t<\/div>\n\t\t\t\t\t<\/div>\n\t\t<\/div>\n\t\t\t\t\t<\/div>\n\t\t<\/section>\n\t\t\t\t<section class=\"elementor-section elementor-top-section elementor-element elementor-element-36fe8d4 elementor-section-boxed elementor-section-height-default elementor-section-height-default\" data-id=\"36fe8d4\" data-element_type=\"section\">\n\t\t\t\t\t\t<div class=\"elementor-container elementor-column-gap-default\">\n\t\t\t\t\t<div class=\"elementor-column elementor-col-100 elementor-top-column elementor-element elementor-element-da527a3\" data-id=\"da527a3\" data-element_type=\"column\">\n\t\t\t<div class=\"elementor-widget-wrap elementor-element-populated\">\n\t\t\t\t\t\t<div class=\"elementor-element elementor-element-005077d elementor-widget elementor-widget-heading\" data-id=\"005077d\" data-element_type=\"widget\" data-widget_type=\"heading.default\">\n\t\t\t\t<div class=\"elementor-widget-container\">\n\t\t\t\t\t<h2 class=\"elementor-heading-title elementor-size-default\">Mirador de Sarri\u00e0<\/h2>\t\t\t\t<\/div>\n\t\t\t\t<\/div>\n\t\t\t\t\t<\/div>\n\t\t<\/div>\n\t\t\t\t\t<\/div>\n\t\t<\/section>\n\t\t\t\t<section class=\"elementor-section elementor-top-section elementor-element elementor-element-39c50f9 elementor-section-boxed elementor-section-height-default elementor-section-height-default\" data-id=\"39c50f9\" data-element_type=\"section\">\n\t\t\t\t\t\t<div class=\"elementor-container elementor-column-gap-default\">\n\t\t\t\t\t<div class=\"elementor-column elementor-col-100 elementor-top-column elementor-element elementor-element-3adfcf7\" data-id=\"3adfcf7\" data-element_type=\"column\">\n\t\t\t<div class=\"elementor-widget-wrap elementor-element-populated\">\n\t\t\t\t\t\t<div class=\"elementor-element elementor-element-4b1d3b8 elementor-widget elementor-widget-image\" data-id=\"4b1d3b8\" data-element_type=\"widget\" data-widget_type=\"image.default\">\n\t\t\t\t<div class=\"elementor-widget-container\">\n\t\t\t\t\t\t\t\t\t\t\t\t\t\t\t<img fetchpriority=\"high\" decoding=\"async\" width=\"768\" height=\"576\" src=\"https:\/\/www.willysplan.com\/wp-content\/uploads\/2021\/01\/Mirador-sarria-768x576.jpg\" class=\"attachment-medium_large size-medium_large wp-image-13917\" alt=\"\" srcset=\"https:\/\/www.willysplan.com\/wp-content\/uploads\/2021\/01\/Mirador-sarria-768x576.jpg 768w, https:\/\/www.willysplan.com\/wp-content\/uploads\/2021\/01\/Mirador-sarria-300x225.jpg 300w, https:\/\/www.willysplan.com\/wp-content\/uploads\/2021\/01\/Mirador-sarria-760x570.jpg 760w, https:\/\/www.willysplan.com\/wp-content\/uploads\/2021\/01\/Mirador-sarria-960x720.jpg 960w, https:\/\/www.willysplan.com\/wp-content\/uploads\/2021\/01\/Mirador-sarria-533x400.jpg 533w, https:\/\/www.willysplan.com\/wp-content\/uploads\/2021\/01\/Mirador-sarria-585x439.jpg 585w, https:\/\/www.willysplan.com\/wp-content\/uploads\/2021\/01\/Mirador-sarria-600x450.jpg 600w, https:\/\/www.willysplan.com\/wp-content\/uploads\/2021\/01\/Mirador-sarria.jpg 1024w\" sizes=\"(max-width: 768px) 100vw, 768px\" \/>\t\t\t\t\t\t\t\t\t\t\t\t\t\t\t<\/div>\n\t\t\t\t<\/div>\n\t\t\t\t\t<\/div>\n\t\t<\/div>\n\t\t\t\t\t<\/div>\n\t\t<\/section>\n\t\t\t\t<section class=\"elementor-section elementor-top-section elementor-element elementor-element-4e88c10 elementor-section-boxed elementor-section-height-default elementor-section-height-default\" data-id=\"4e88c10\" data-element_type=\"section\">\n\t\t\t\t\t\t<div class=\"elementor-container elementor-column-gap-default\">\n\t\t\t\t\t<div class=\"elementor-column elementor-col-100 elementor-top-column elementor-element elementor-element-8ccc3a4\" data-id=\"8ccc3a4\" data-element_type=\"column\">\n\t\t\t<div class=\"elementor-widget-wrap elementor-element-populated\">\n\t\t\t\t\t\t<div class=\"elementor-element elementor-element-39dc59f elementor-widget elementor-widget-text-editor\" data-id=\"39dc59f\" data-element_type=\"widget\" data-widget_type=\"text-editor.default\">\n\t\t\t\t<div class=\"elementor-widget-container\">\n\t\t\t\t\t\t\t\t\t<p><span style=\"font-weight: 400;\">El<\/span> <b>Mirador de Sarri\u00e0<\/b> , es troba<b> <\/b><span style=\"font-weight: 400;\">ubicat al districte de Sarri\u00e0 \u2013 Sant Gervasi. Per ser m\u00e9s precisos, a la carretera que va cap a Vallvidrera, al quilometre 9 si decideixes pujar amb cotxe. Si puges en funicular, t&#8217;has de baixar a l&#8217; <i>estaci\u00f3 del peu del funicular,<\/i> i est\u00e0 just a poca dist\u00e0ncia a peu. <\/span><\/p>\n<p><span style=\"font-weight: 400;\">Aquest mirador \u00e9s considerat lentrada al<\/span> <b>Parc Natural de la Serra de Collserola<\/b><span style=\"font-weight: 400;\">. Donant-li la benvinguda als visitants, amb una \u00e0mplia vista cap a la ciutat de Barcelona. <\/span><\/p>\n<p><span style=\"font-weight: 400;\">Pels m\u00e9s intr\u00e8pids i esportistes, \u00e9s una ruta f\u00e0cil per fer caminant o amb bici. Ja que aquesta condicionada per a aquest fi. Aix\u00ed que, encara que vegis cotxes durant el recorregut, no t&#8217;aclaparis, saben que hi ets. Per aix\u00f2 no suposa cap risc animar-se a pujar d&#8217;aquesta manera. <\/span><\/p>\n<p><span style=\"font-weight: 400;\">El que veur\u00e0s des d&#8217;aquest mirador inicial \u00e9s el barri de Sarri\u00e0, m\u00e9s enll\u00e0 una panor\u00e0mica m\u00e9s clar de l&#8217;oest de la ciutat de Barcelona, que arriba fins al mar. <\/span><\/p>\n<p><span style=\"font-weight: 400;\">Sens dubte l&#8217;enclavament perfecte per veure la grandesa de la ciutat, envoltat de la natura.<\/span><\/p>\n\t\t\t\t\t\t\t\t<\/div>\n\t\t\t\t<\/div>\n\t\t\t\t\t<\/div>\n\t\t<\/div>\n\t\t\t\t\t<\/div>\n\t\t<\/section>\n\t\t\t\t<section class=\"elementor-section elementor-top-section elementor-element elementor-element-cf26dc9 elementor-section-boxed elementor-section-height-default elementor-section-height-default\" data-id=\"cf26dc9\" data-element_type=\"section\">\n\t\t\t\t\t\t<div class=\"elementor-container elementor-column-gap-default\">\n\t\t\t\t\t<div class=\"elementor-column elementor-col-100 elementor-top-column elementor-element elementor-element-5689fda\" data-id=\"5689fda\" data-element_type=\"column\">\n\t\t\t<div class=\"elementor-widget-wrap elementor-element-populated\">\n\t\t\t\t\t\t<div class=\"elementor-element elementor-element-ec10ffc elementor-widget elementor-widget-heading\" data-id=\"ec10ffc\" data-element_type=\"widget\" data-widget_type=\"heading.default\">\n\t\t\t\t<div class=\"elementor-widget-container\">\n\t\t\t\t\t<h2 class=\"elementor-heading-title elementor-size-default\">El Tibidabo<\/h2>\t\t\t\t<\/div>\n\t\t\t\t<\/div>\n\t\t\t\t\t<\/div>\n\t\t<\/div>\n\t\t\t\t\t<\/div>\n\t\t<\/section>\n\t\t\t\t<section class=\"elementor-section elementor-top-section elementor-element elementor-element-9ca4401 elementor-section-boxed elementor-section-height-default elementor-section-height-default\" data-id=\"9ca4401\" data-element_type=\"section\">\n\t\t\t\t\t\t<div class=\"elementor-container elementor-column-gap-default\">\n\t\t\t\t\t<div class=\"elementor-column elementor-col-100 elementor-top-column elementor-element elementor-element-824143d\" data-id=\"824143d\" data-element_type=\"column\">\n\t\t\t<div class=\"elementor-widget-wrap elementor-element-populated\">\n\t\t\t\t\t\t<div class=\"elementor-element elementor-element-14928ac elementor-widget elementor-widget-image\" data-id=\"14928ac\" data-element_type=\"widget\" data-widget_type=\"image.default\">\n\t\t\t\t<div class=\"elementor-widget-container\">\n\t\t\t\t\t\t\t\t\t\t\t\t\t\t\t<img decoding=\"async\" width=\"768\" height=\"430\" src=\"https:\/\/www.willysplan.com\/wp-content\/uploads\/2021\/01\/3-768x430.png\" class=\"attachment-medium_large size-medium_large wp-image-13911\" alt=\"\" srcset=\"https:\/\/www.willysplan.com\/wp-content\/uploads\/2021\/01\/3-768x430.png 768w, https:\/\/www.willysplan.com\/wp-content\/uploads\/2021\/01\/3-300x168.png 300w, https:\/\/www.willysplan.com\/wp-content\/uploads\/2021\/01\/3-1024x574.png 1024w, https:\/\/www.willysplan.com\/wp-content\/uploads\/2021\/01\/3-960x538.png 960w, https:\/\/www.willysplan.com\/wp-content\/uploads\/2021\/01\/3-714x400.png 714w, https:\/\/www.willysplan.com\/wp-content\/uploads\/2021\/01\/3-585x328.png 585w, https:\/\/www.willysplan.com\/wp-content\/uploads\/2021\/01\/3-600x336.png 600w, https:\/\/www.willysplan.com\/wp-content\/uploads\/2021\/01\/3.png 1082w\" sizes=\"(max-width: 768px) 100vw, 768px\" \/>\t\t\t\t\t\t\t\t\t\t\t\t\t\t\t<\/div>\n\t\t\t\t<\/div>\n\t\t\t\t\t<\/div>\n\t\t<\/div>\n\t\t\t\t\t<\/div>\n\t\t<\/section>\n\t\t\t\t<section class=\"elementor-section elementor-top-section elementor-element elementor-element-090337d elementor-section-boxed elementor-section-height-default elementor-section-height-default\" data-id=\"090337d\" data-element_type=\"section\">\n\t\t\t\t\t\t<div class=\"elementor-container elementor-column-gap-default\">\n\t\t\t\t\t<div class=\"elementor-column elementor-col-100 elementor-top-column elementor-element elementor-element-10259a1\" data-id=\"10259a1\" data-element_type=\"column\">\n\t\t\t<div class=\"elementor-widget-wrap elementor-element-populated\">\n\t\t\t\t\t\t<div class=\"elementor-element elementor-element-67842ef elementor-widget elementor-widget-text-editor\" data-id=\"67842ef\" data-element_type=\"widget\" data-widget_type=\"text-editor.default\">\n\t\t\t\t<div class=\"elementor-widget-container\">\n\t\t\t\t\t\t\t\t\t<p><span style=\"font-weight: 400;\">Considerat el cim m\u00e9s alt del<\/span> <b>Parc Natural de la Serra de Collserola,<\/b> <span style=\"font-weight: 400;\">amb 512 metres d&#8217;al\u00e7ada sobre el nivell del mar, arribem al mirador i parc d&#8217;atraccions<\/span> <b>Tibidabo.<\/b>&nbsp;<\/p>\n<p><span style=\"font-weight: 400;\">A la nostra segona estada pels miradors de la ciutat de Barcelona, gaudim de la hist\u00f2ria que envolta aquest lloc. Un recinte constru\u00eft a principis del segle XX i un dels llocs favorits de la societat burgesa de l\u00e8poca.&nbsp;<\/span><\/p>\n<p><span style=\"font-weight: 400;\">Compost per un tractiu parc de diversions, una esgl\u00e9sia; el Tibidabo es considera un dels balcons m\u00e9s famosos i concorreguts de la ciutat. Com que \u00e9s un dels favorits per als turistes, la seva arribada sol ser molt f\u00e0cil i hi ha diferents alternatives, ja sigui agafant un bus des del centre de la ciutat, pujant amb cotxe o prenent la ruta a peu. L&#8217;important \u00e9s no perdre&#8217;s per cam\u00ed del m\u00f3n aquest curi\u00f3s lloc.&nbsp;<\/span><\/p>\n<p><span style=\"font-weight: 400;\">Com tot all\u00f2 que envolta la cultura modernista d&#8217;aquesta ciutat, el <\/span><b>Tibidabo <\/b><span style=\"font-weight: 400;\">va ser constru\u00eft pels millors arquitectes de la seva \u00e8poca, per la qual cosa a la seva arribada compta amb diverses construccions emblem\u00e0tiques de la ciutat com: el temple expiatori del sagrat cor, la torre de Collserola, el fam\u00f3s tramvia blau del Tibidabo, entre d&#8217;altres.&nbsp;<\/span><\/p>\n<p><span style=\"font-weight: 400;\">Sense dubte, el Tibidabo \u00e9s un lloc de diversi\u00f3 al m\u00e0xim, per a tots els gustos i plans.&nbsp;<\/span><\/p>\t\t\t\t\t\t\t\t<\/div>\n\t\t\t\t<\/div>\n\t\t\t\t\t<\/div>\n\t\t<\/div>\n\t\t\t\t\t<\/div>\n\t\t<\/section>\n\t\t\t\t<section class=\"elementor-section elementor-top-section elementor-element elementor-element-228dd78 elementor-section-boxed elementor-section-height-default elementor-section-height-default\" data-id=\"228dd78\" data-element_type=\"section\">\n\t\t\t\t\t\t<div class=\"elementor-container elementor-column-gap-default\">\n\t\t\t\t\t<div class=\"elementor-column elementor-col-100 elementor-top-column elementor-element elementor-element-6fe37a6\" data-id=\"6fe37a6\" data-element_type=\"column\">\n\t\t\t<div class=\"elementor-widget-wrap elementor-element-populated\">\n\t\t\t\t\t\t<div class=\"elementor-element elementor-element-c9dcbd0 elementor-widget elementor-widget-heading\" data-id=\"c9dcbd0\" data-element_type=\"widget\" data-widget_type=\"heading.default\">\n\t\t\t\t<div class=\"elementor-widget-container\">\n\t\t\t\t\t<h2 class=\"elementor-heading-title elementor-size-default\">El Balconet (Mirablau)<\/h2>\t\t\t\t<\/div>\n\t\t\t\t<\/div>\n\t\t\t\t\t<\/div>\n\t\t<\/div>\n\t\t\t\t\t<\/div>\n\t\t<\/section>\n\t\t\t\t<section class=\"elementor-section elementor-top-section elementor-element elementor-element-ff2fe61 elementor-section-boxed elementor-section-height-default elementor-section-height-default\" data-id=\"ff2fe61\" data-element_type=\"section\">\n\t\t\t\t\t\t<div class=\"elementor-container elementor-column-gap-default\">\n\t\t\t\t\t<div class=\"elementor-column elementor-col-50 elementor-top-column elementor-element elementor-element-2aedbc8\" data-id=\"2aedbc8\" data-element_type=\"column\">\n\t\t\t<div class=\"elementor-widget-wrap elementor-element-populated\">\n\t\t\t\t\t\t<div class=\"elementor-element elementor-element-d5e8ee0 elementor-widget elementor-widget-image\" data-id=\"d5e8ee0\" data-element_type=\"widget\" data-widget_type=\"image.default\">\n\t\t\t\t<div class=\"elementor-widget-container\">\n\t\t\t\t\t\t\t\t\t\t\t\t\t\t\t<img decoding=\"async\" width=\"768\" height=\"523\" src=\"https:\/\/www.willysplan.com\/wp-content\/uploads\/2021\/01\/7-768x523.png\" class=\"attachment-medium_large size-medium_large wp-image-13913\" alt=\"\" srcset=\"https:\/\/www.willysplan.com\/wp-content\/uploads\/2021\/01\/7-768x523.png 768w, https:\/\/www.willysplan.com\/wp-content\/uploads\/2021\/01\/7-300x204.png 300w, https:\/\/www.willysplan.com\/wp-content\/uploads\/2021\/01\/7-588x400.png 588w, https:\/\/www.willysplan.com\/wp-content\/uploads\/2021\/01\/7-585x398.png 585w, https:\/\/www.willysplan.com\/wp-content\/uploads\/2021\/01\/7-600x408.png 600w, https:\/\/www.willysplan.com\/wp-content\/uploads\/2021\/01\/7.png 873w\" sizes=\"(max-width: 768px) 100vw, 768px\" \/>\t\t\t\t\t\t\t\t\t\t\t\t\t\t\t<\/div>\n\t\t\t\t<\/div>\n\t\t\t\t\t<\/div>\n\t\t<\/div>\n\t\t\t\t<div class=\"elementor-column elementor-col-50 elementor-top-column elementor-element elementor-element-ebf24c2\" data-id=\"ebf24c2\" data-element_type=\"column\">\n\t\t\t<div class=\"elementor-widget-wrap elementor-element-populated\">\n\t\t\t\t\t\t<div class=\"elementor-element elementor-element-060f0c7 elementor-widget elementor-widget-image\" data-id=\"060f0c7\" data-element_type=\"widget\" data-widget_type=\"image.default\">\n\t\t\t\t<div class=\"elementor-widget-container\">\n\t\t\t\t\t\t\t\t\t\t\t\t\t\t\t<img loading=\"lazy\" decoding=\"async\" width=\"768\" height=\"531\" src=\"https:\/\/www.willysplan.com\/wp-content\/uploads\/2021\/01\/9-1-768x531.png\" class=\"attachment-medium_large size-medium_large wp-image-13921\" alt=\"\" srcset=\"https:\/\/www.willysplan.com\/wp-content\/uploads\/2021\/01\/9-1-768x531.png 768w, https:\/\/www.willysplan.com\/wp-content\/uploads\/2021\/01\/9-1-300x207.png 300w, https:\/\/www.willysplan.com\/wp-content\/uploads\/2021\/01\/9-1-579x400.png 579w, https:\/\/www.willysplan.com\/wp-content\/uploads\/2021\/01\/9-1-585x404.png 585w, https:\/\/www.willysplan.com\/wp-content\/uploads\/2021\/01\/9-1-600x415.png 600w, https:\/\/www.willysplan.com\/wp-content\/uploads\/2021\/01\/9-1.png 871w\" sizes=\"(max-width: 768px) 100vw, 768px\" \/>\t\t\t\t\t\t\t\t\t\t\t\t\t\t\t<\/div>\n\t\t\t\t<\/div>\n\t\t\t\t\t<\/div>\n\t\t<\/div>\n\t\t\t\t\t<\/div>\n\t\t<\/section>\n\t\t\t\t<section class=\"elementor-section elementor-top-section elementor-element elementor-element-649f78d elementor-section-boxed elementor-section-height-default elementor-section-height-default\" data-id=\"649f78d\" data-element_type=\"section\">\n\t\t\t\t\t\t<div class=\"elementor-container elementor-column-gap-default\">\n\t\t\t\t\t<div class=\"elementor-column elementor-col-100 elementor-top-column elementor-element elementor-element-bd8f266\" data-id=\"bd8f266\" data-element_type=\"column\">\n\t\t\t<div class=\"elementor-widget-wrap elementor-element-populated\">\n\t\t\t\t\t\t<div class=\"elementor-element elementor-element-6131457 elementor-widget elementor-widget-text-editor\" data-id=\"6131457\" data-element_type=\"widget\" data-widget_type=\"text-editor.default\">\n\t\t\t\t<div class=\"elementor-widget-container\">\n\t\t\t\t\t\t\t\t\t<p><span style=\"font-weight: 400;\">M\u00e9s conegut com el Balconet de Mirablau, \u00e9s sens dubte un lloc privilegiat per anar de copes i vistes a Barcelona. Per aix\u00f2 decidim acabar el nostre recorregut en aquest lloc simb\u00f2lic. <\/span><\/p>\n<p><span style=\"font-weight: 400;\">En estar al vessant del<\/span> <b>Tibidabo<\/b><span style=\"font-weight: 400;\">, les seves vistes s\u00f3n les desitjades de la ciutat comtal. A m\u00e9s, compta amb m\u00e9s de 25 anys d&#8217;experi\u00e8ncia i un servei de primera.<\/span><\/p>\n<p><span style=\"font-weight: 400;\">Et recomanem fer una reserva amb anticipaci\u00f3<\/span> <b>al Balconet,<\/b> <span style=\"font-weight: 400;\">ja que, en ser tan tur\u00edstic, sol estar ple la major part de l&#8217;any, i si al final del recorregut et ve de gust una mica m\u00e9s d&#8217;una copa, \u00e9s molt probable que no trobis lloc.<\/span><\/p>\n<p><span style=\"font-weight: 400;\">L&#8217;horari \u00e9s de les 11.00 hores del mat\u00ed, fins ben entrada la matinada. Pel que fa a <\/span><b>el Balconet, <\/b><span style=\"font-weight: 400;\">es converteix un lloc per al gaudi nocturn incre\u00efble. La seva oferta gastron\u00f2mica tamb\u00e9 \u00e9s molt \u00e0mplia, trobes des d&#8217;exquisits tapes i entrants, fins a sopars sofisticats, fusionats amb el millor del mediterrani i la gastronomia internacional. <\/span><\/p>\n\t\t\t\t\t\t\t\t<\/div>\n\t\t\t\t<\/div>\n\t\t\t\t\t<\/div>\n\t\t<\/div>\n\t\t\t\t\t<\/div>\n\t\t<\/section>\n\t\t\t\t<section class=\"elementor-section elementor-top-section elementor-element elementor-element-934cfa6 elementor-section-boxed elementor-section-height-default elementor-section-height-default\" data-id=\"934cfa6\" data-element_type=\"section\">\n\t\t\t\t\t\t<div class=\"elementor-container elementor-column-gap-default\">\n\t\t\t\t\t<div class=\"elementor-column elementor-col-100 elementor-top-column elementor-element elementor-element-6d28942\" data-id=\"6d28942\" data-element_type=\"column\">\n\t\t\t<div class=\"elementor-widget-wrap elementor-element-populated\">\n\t\t\t\t\t\t<div class=\"elementor-element elementor-element-24f2b10 elementor-widget elementor-widget-heading\" data-id=\"24f2b10\" data-element_type=\"widget\" data-widget_type=\"heading.default\">\n\t\t\t\t<div class=\"elementor-widget-container\">\n\t\t\t\t\t<h2 class=\"elementor-heading-title elementor-size-default\">Altres rutes que tamb\u00e9 et poden interessar...<\/h2>\t\t\t\t<\/div>\n\t\t\t\t<\/div>\n\t\t\t\t\t<\/div>\n\t\t<\/div>\n\t\t\t\t\t<\/div>\n\t\t<\/section>\n\t\t\t\t<section class=\"elementor-section elementor-top-section elementor-element elementor-element-b9303aa elementor-section-boxed elementor-section-height-default elementor-section-height-default\" data-id=\"b9303aa\" data-element_type=\"section\">\n\t\t\t\t\t\t<div class=\"elementor-container elementor-column-gap-default\">\n\t\t\t\t\t<div class=\"elementor-column elementor-col-100 elementor-top-column elementor-element elementor-element-4c9811a\" data-id=\"4c9811a\" data-element_type=\"column\">\n\t\t\t<div class=\"elementor-widget-wrap elementor-element-populated\">\n\t\t\t\t\t\t\t<\/div>\n\t\t<\/div>\n\t\t\t\t\t<\/div>\n\t\t<\/section>\n\t\t\t\t<\/div>\n\t\t","protected":false},"excerpt":{"rendered":"<p>Gr\u00e0cies a la seva incre\u00efble oferta d&#8217;oci i turisme, la prov\u00edncia de Barcelona , no nom\u00e9s \u00e9s una de les m\u00e9s grans de Catalunya, amb 7,726 km\u00b2. Tamb\u00e9 \u00e9s una de les m\u00e9s concorregudes pels viatgers, ja que s&#8217;hi troba la ciutat que porta el mateix nom i \u00e9s l&#8217;epicentre m\u00e9s important d&#8217;art i cultura&hellip;&nbsp;<a href=\"https:\/\/www.willysplan.com\/ca\/idees\/excursio-des-del-mirador-de-sarria-al-balconet-o-mirablau\" rel=\"bookmark\">Llegiu m\u00e9s &raquo;<span class=\"screen-reader-text\">Excursi\u00f3 des del Mirador de Sarri\u00e0 al Balconet o Mirablau<\/span><\/a><\/p>\n","protected":false},"author":1,"featured_media":13933,"comment_status":"closed","ping_status":"closed","sticky":false,"template":"","format":"standard","meta":{"neve_meta_sidebar":"","neve_meta_container":"","neve_meta_enable_content_width":"","neve_meta_content_width":0,"neve_meta_title_alignment":"","neve_meta_author_avatar":"","neve_post_elements_order":"","neve_meta_disable_header":"","neve_meta_disable_footer":"","neve_meta_disable_title":"","_joinchat":[],"footnotes":""},"categories":[462],"tags":[386,372,360],"class_list":["post-16365","post","type-post","status-publish","format-standard","has-post-thumbnail","hentry","category-idees","tag-rutes-barcelona-ciutat","tag-rutes-barcelona-provincia","tag-rutes-catalunya"],"yoast_head":"<!-- This site is optimized with the Yoast SEO Premium plugin v20.1 (Yoast SEO v26.9) - https:\/\/yoast.com\/product\/yoast-seo-premium-wordpress\/ -->\n<title>Excursi\u00f3 des del Mirador de Sarri\u00e0 al Balconet \u2013 Willy&#039;s Plan<\/title>\n<meta name=\"description\" content=\"Descobreix una de les millors excursions a Barcelona. Visita el Mirador de Sarri\u00e0, el Tibidabo i el Balconet (Mirablau) \u2705 Entra!\" \/>\n<meta name=\"robots\" content=\"index, follow, max-snippet:-1, max-image-preview:large, max-video-preview:-1\" \/>\n<link rel=\"canonical\" href=\"https:\/\/www.willysplan.com\/ca\/idees\/excursio-des-del-mirador-de-sarria-al-balconet-o-mirablau\" \/>\n<meta property=\"og:locale\" content=\"ca_ES\" \/>\n<meta property=\"og:type\" content=\"article\" \/>\n<meta property=\"og:title\" content=\"Excursi\u00f3 des del Mirador de Sarri\u00e0 al Balconet o Mirablau\" \/>\n<meta property=\"og:description\" content=\"Descobreix una de les millors excursions a Barcelona. Visita el Mirador de Sarri\u00e0, el Tibidabo i el Balconet (Mirablau) \u2705 Entra!\" \/>\n<meta property=\"og:url\" content=\"https:\/\/www.willysplan.com\/ca\/idees\/excursio-des-del-mirador-de-sarria-al-balconet-o-mirablau\" \/>\n<meta property=\"og:site_name\" content=\"Willy&#039;s Plan \ud83c\udf43\" \/>\n<meta property=\"article:published_time\" content=\"2021-01-22T06:55:12+00:00\" \/>\n<meta property=\"article:modified_time\" content=\"2023-07-24T05:37:41+00:00\" \/>\n<meta property=\"og:image\" content=\"https:\/\/www.willysplan.com\/wp-content\/uploads\/2021\/01\/3.jpg\" \/>\n\t<meta property=\"og:image:width\" content=\"1082\" \/>\n\t<meta property=\"og:image:height\" content=\"606\" \/>\n\t<meta property=\"og:image:type\" content=\"image\/jpeg\" \/>\n<meta name=\"author\" content=\"admin\" \/>\n<meta name=\"twitter:card\" content=\"summary_large_image\" \/>\n<meta name=\"twitter:label1\" content=\"Escrit per\" \/>\n\t<meta name=\"twitter:data1\" content=\"admin\" \/>\n\t<meta name=\"twitter:label2\" content=\"Temps estimat de lectura\" \/>\n\t<meta name=\"twitter:data2\" content=\"5 minuts\" \/>\n<script type=\"application\/ld+json\" class=\"yoast-schema-graph\">{\"@context\":\"https:\/\/schema.org\",\"@graph\":[{\"@type\":\"Article\",\"@id\":\"https:\/\/www.willysplan.com\/ca\/idees\/excursio-des-del-mirador-de-sarria-al-balconet-o-mirablau#article\",\"isPartOf\":{\"@id\":\"https:\/\/www.willysplan.com\/ca\/idees\/excursio-des-del-mirador-de-sarria-al-balconet-o-mirablau\"},\"author\":{\"name\":\"admin\",\"@id\":\"https:\/\/www.willysplan.com\/#\/schema\/person\/58c1527a9a42e9b18a877f14136f1d47\"},\"headline\":\"Excursi\u00f3 des del Mirador de Sarri\u00e0 al Balconet o Mirablau\",\"datePublished\":\"2021-01-22T06:55:12+00:00\",\"dateModified\":\"2023-07-24T05:37:41+00:00\",\"mainEntityOfPage\":{\"@id\":\"https:\/\/www.willysplan.com\/ca\/idees\/excursio-des-del-mirador-de-sarria-al-balconet-o-mirablau\"},\"wordCount\":1015,\"publisher\":{\"@id\":\"https:\/\/www.willysplan.com\/#organization\"},\"image\":{\"@id\":\"https:\/\/www.willysplan.com\/ca\/idees\/excursio-des-del-mirador-de-sarria-al-balconet-o-mirablau#primaryimage\"},\"thumbnailUrl\":\"https:\/\/www.willysplan.com\/wp-content\/uploads\/2021\/01\/3.jpg\",\"keywords\":[\"rutes barcelona ciutat\",\"rutes barcelona prov\u00edncia\",\"rutes catalunya\"],\"articleSection\":[\"Idees\"],\"inLanguage\":\"ca\"},{\"@type\":\"WebPage\",\"@id\":\"https:\/\/www.willysplan.com\/ca\/idees\/excursio-des-del-mirador-de-sarria-al-balconet-o-mirablau\",\"url\":\"https:\/\/www.willysplan.com\/ca\/idees\/excursio-des-del-mirador-de-sarria-al-balconet-o-mirablau\",\"name\":\"Excursi\u00f3 des del Mirador de Sarri\u00e0 al Balconet \u2013 Willy's Plan\",\"isPartOf\":{\"@id\":\"https:\/\/www.willysplan.com\/#website\"},\"primaryImageOfPage\":{\"@id\":\"https:\/\/www.willysplan.com\/ca\/idees\/excursio-des-del-mirador-de-sarria-al-balconet-o-mirablau#primaryimage\"},\"image\":{\"@id\":\"https:\/\/www.willysplan.com\/ca\/idees\/excursio-des-del-mirador-de-sarria-al-balconet-o-mirablau#primaryimage\"},\"thumbnailUrl\":\"https:\/\/www.willysplan.com\/wp-content\/uploads\/2021\/01\/3.jpg\",\"datePublished\":\"2021-01-22T06:55:12+00:00\",\"dateModified\":\"2023-07-24T05:37:41+00:00\",\"description\":\"Descobreix una de les millors excursions a Barcelona. Visita el Mirador de Sarri\u00e0, el Tibidabo i el Balconet (Mirablau) \u2705 Entra!\",\"inLanguage\":\"ca\",\"potentialAction\":[{\"@type\":\"ReadAction\",\"target\":[\"https:\/\/www.willysplan.com\/ca\/idees\/excursio-des-del-mirador-de-sarria-al-balconet-o-mirablau\"]}]},{\"@type\":\"ImageObject\",\"inLanguage\":\"ca\",\"@id\":\"https:\/\/www.willysplan.com\/ca\/idees\/excursio-des-del-mirador-de-sarria-al-balconet-o-mirablau#primaryimage\",\"url\":\"https:\/\/www.willysplan.com\/wp-content\/uploads\/2021\/01\/3.jpg\",\"contentUrl\":\"https:\/\/www.willysplan.com\/wp-content\/uploads\/2021\/01\/3.jpg\",\"width\":1082,\"height\":606},{\"@type\":\"WebSite\",\"@id\":\"https:\/\/www.willysplan.com\/#website\",\"url\":\"https:\/\/www.willysplan.com\/\",\"name\":\"Willy&#039;s Plan \ud83c\udf43\",\"description\":\"Escapadas y Planes de fin de semana\",\"publisher\":{\"@id\":\"https:\/\/www.willysplan.com\/#organization\"},\"potentialAction\":[{\"@type\":\"SearchAction\",\"target\":{\"@type\":\"EntryPoint\",\"urlTemplate\":\"https:\/\/www.willysplan.com\/?s={search_term_string}\"},\"query-input\":{\"@type\":\"PropertyValueSpecification\",\"valueRequired\":true,\"valueName\":\"search_term_string\"}}],\"inLanguage\":\"ca\"},{\"@type\":\"Organization\",\"@id\":\"https:\/\/www.willysplan.com\/#organization\",\"name\":\"Willy&#039;s Plan \ud83c\udf43\",\"url\":\"https:\/\/www.willysplan.com\/\",\"logo\":{\"@type\":\"ImageObject\",\"inLanguage\":\"ca\",\"@id\":\"https:\/\/www.willysplan.com\/#\/schema\/logo\/image\/\",\"url\":\"https:\/\/www.willysplan.com\/wp-content\/uploads\/2020\/04\/cropped-logo-1.png\",\"contentUrl\":\"https:\/\/www.willysplan.com\/wp-content\/uploads\/2020\/04\/cropped-logo-1.png\",\"width\":332,\"height\":332,\"caption\":\"Willy&#039;s Plan \ud83c\udf43\"},\"image\":{\"@id\":\"https:\/\/www.willysplan.com\/#\/schema\/logo\/image\/\"}},{\"@type\":\"Person\",\"@id\":\"https:\/\/www.willysplan.com\/#\/schema\/person\/58c1527a9a42e9b18a877f14136f1d47\",\"name\":\"admin\",\"image\":{\"@type\":\"ImageObject\",\"inLanguage\":\"ca\",\"@id\":\"https:\/\/www.willysplan.com\/#\/schema\/person\/image\/\",\"url\":\"https:\/\/secure.gravatar.com\/avatar\/0b8d78e655d83cc71e0a6cd6cb0f0f99929604cd70ff0f7ac1713f248945ea9d?s=96&d=mm&r=g\",\"contentUrl\":\"https:\/\/secure.gravatar.com\/avatar\/0b8d78e655d83cc71e0a6cd6cb0f0f99929604cd70ff0f7ac1713f248945ea9d?s=96&d=mm&r=g\",\"caption\":\"admin\"},\"url\":\"https:\/\/www.willysplan.com\/ca\/author\/admin\"}]}<\/script>\n<!-- \/ Yoast SEO Premium plugin. -->","yoast_head_json":{"title":"Excursi\u00f3 des del Mirador de Sarri\u00e0 al Balconet \u2013 Willy's Plan","description":"Descobreix una de les millors excursions a Barcelona. Visita el Mirador de Sarri\u00e0, el Tibidabo i el Balconet (Mirablau) \u2705 Entra!","robots":{"index":"index","follow":"follow","max-snippet":"max-snippet:-1","max-image-preview":"max-image-preview:large","max-video-preview":"max-video-preview:-1"},"canonical":"https:\/\/www.willysplan.com\/ca\/idees\/excursio-des-del-mirador-de-sarria-al-balconet-o-mirablau","og_locale":"ca_ES","og_type":"article","og_title":"Excursi\u00f3 des del Mirador de Sarri\u00e0 al Balconet o Mirablau","og_description":"Descobreix una de les millors excursions a Barcelona. Visita el Mirador de Sarri\u00e0, el Tibidabo i el Balconet (Mirablau) \u2705 Entra!","og_url":"https:\/\/www.willysplan.com\/ca\/idees\/excursio-des-del-mirador-de-sarria-al-balconet-o-mirablau","og_site_name":"Willy&#039;s Plan \ud83c\udf43","article_published_time":"2021-01-22T06:55:12+00:00","article_modified_time":"2023-07-24T05:37:41+00:00","og_image":[{"width":1082,"height":606,"url":"https:\/\/www.willysplan.com\/wp-content\/uploads\/2021\/01\/3.jpg","type":"image\/jpeg"}],"author":"admin","twitter_card":"summary_large_image","twitter_misc":{"Escrit per":"admin","Temps estimat de lectura":"5 minuts"},"schema":{"@context":"https:\/\/schema.org","@graph":[{"@type":"Article","@id":"https:\/\/www.willysplan.com\/ca\/idees\/excursio-des-del-mirador-de-sarria-al-balconet-o-mirablau#article","isPartOf":{"@id":"https:\/\/www.willysplan.com\/ca\/idees\/excursio-des-del-mirador-de-sarria-al-balconet-o-mirablau"},"author":{"name":"admin","@id":"https:\/\/www.willysplan.com\/#\/schema\/person\/58c1527a9a42e9b18a877f14136f1d47"},"headline":"Excursi\u00f3 des del Mirador de Sarri\u00e0 al Balconet o Mirablau","datePublished":"2021-01-22T06:55:12+00:00","dateModified":"2023-07-24T05:37:41+00:00","mainEntityOfPage":{"@id":"https:\/\/www.willysplan.com\/ca\/idees\/excursio-des-del-mirador-de-sarria-al-balconet-o-mirablau"},"wordCount":1015,"publisher":{"@id":"https:\/\/www.willysplan.com\/#organization"},"image":{"@id":"https:\/\/www.willysplan.com\/ca\/idees\/excursio-des-del-mirador-de-sarria-al-balconet-o-mirablau#primaryimage"},"thumbnailUrl":"https:\/\/www.willysplan.com\/wp-content\/uploads\/2021\/01\/3.jpg","keywords":["rutes barcelona ciutat","rutes barcelona prov\u00edncia","rutes catalunya"],"articleSection":["Idees"],"inLanguage":"ca"},{"@type":"WebPage","@id":"https:\/\/www.willysplan.com\/ca\/idees\/excursio-des-del-mirador-de-sarria-al-balconet-o-mirablau","url":"https:\/\/www.willysplan.com\/ca\/idees\/excursio-des-del-mirador-de-sarria-al-balconet-o-mirablau","name":"Excursi\u00f3 des del Mirador de Sarri\u00e0 al Balconet \u2013 Willy's Plan","isPartOf":{"@id":"https:\/\/www.willysplan.com\/#website"},"primaryImageOfPage":{"@id":"https:\/\/www.willysplan.com\/ca\/idees\/excursio-des-del-mirador-de-sarria-al-balconet-o-mirablau#primaryimage"},"image":{"@id":"https:\/\/www.willysplan.com\/ca\/idees\/excursio-des-del-mirador-de-sarria-al-balconet-o-mirablau#primaryimage"},"thumbnailUrl":"https:\/\/www.willysplan.com\/wp-content\/uploads\/2021\/01\/3.jpg","datePublished":"2021-01-22T06:55:12+00:00","dateModified":"2023-07-24T05:37:41+00:00","description":"Descobreix una de les millors excursions a Barcelona. Visita el Mirador de Sarri\u00e0, el Tibidabo i el Balconet (Mirablau) \u2705 Entra!","inLanguage":"ca","potentialAction":[{"@type":"ReadAction","target":["https:\/\/www.willysplan.com\/ca\/idees\/excursio-des-del-mirador-de-sarria-al-balconet-o-mirablau"]}]},{"@type":"ImageObject","inLanguage":"ca","@id":"https:\/\/www.willysplan.com\/ca\/idees\/excursio-des-del-mirador-de-sarria-al-balconet-o-mirablau#primaryimage","url":"https:\/\/www.willysplan.com\/wp-content\/uploads\/2021\/01\/3.jpg","contentUrl":"https:\/\/www.willysplan.com\/wp-content\/uploads\/2021\/01\/3.jpg","width":1082,"height":606},{"@type":"WebSite","@id":"https:\/\/www.willysplan.com\/#website","url":"https:\/\/www.willysplan.com\/","name":"Willy&#039;s Plan \ud83c\udf43","description":"Escapadas y Planes de fin de semana","publisher":{"@id":"https:\/\/www.willysplan.com\/#organization"},"potentialAction":[{"@type":"SearchAction","target":{"@type":"EntryPoint","urlTemplate":"https:\/\/www.willysplan.com\/?s={search_term_string}"},"query-input":{"@type":"PropertyValueSpecification","valueRequired":true,"valueName":"search_term_string"}}],"inLanguage":"ca"},{"@type":"Organization","@id":"https:\/\/www.willysplan.com\/#organization","name":"Willy&#039;s Plan \ud83c\udf43","url":"https:\/\/www.willysplan.com\/","logo":{"@type":"ImageObject","inLanguage":"ca","@id":"https:\/\/www.willysplan.com\/#\/schema\/logo\/image\/","url":"https:\/\/www.willysplan.com\/wp-content\/uploads\/2020\/04\/cropped-logo-1.png","contentUrl":"https:\/\/www.willysplan.com\/wp-content\/uploads\/2020\/04\/cropped-logo-1.png","width":332,"height":332,"caption":"Willy&#039;s Plan \ud83c\udf43"},"image":{"@id":"https:\/\/www.willysplan.com\/#\/schema\/logo\/image\/"}},{"@type":"Person","@id":"https:\/\/www.willysplan.com\/#\/schema\/person\/58c1527a9a42e9b18a877f14136f1d47","name":"admin","image":{"@type":"ImageObject","inLanguage":"ca","@id":"https:\/\/www.willysplan.com\/#\/schema\/person\/image\/","url":"https:\/\/secure.gravatar.com\/avatar\/0b8d78e655d83cc71e0a6cd6cb0f0f99929604cd70ff0f7ac1713f248945ea9d?s=96&d=mm&r=g","contentUrl":"https:\/\/secure.gravatar.com\/avatar\/0b8d78e655d83cc71e0a6cd6cb0f0f99929604cd70ff0f7ac1713f248945ea9d?s=96&d=mm&r=g","caption":"admin"},"url":"https:\/\/www.willysplan.com\/ca\/author\/admin"}]}},"_links":{"self":[{"href":"https:\/\/www.willysplan.com\/ca\/wp-json\/wp\/v2\/posts\/16365","targetHints":{"allow":["GET"]}}],"collection":[{"href":"https:\/\/www.willysplan.com\/ca\/wp-json\/wp\/v2\/posts"}],"about":[{"href":"https:\/\/www.willysplan.com\/ca\/wp-json\/wp\/v2\/types\/post"}],"author":[{"embeddable":true,"href":"https:\/\/www.willysplan.com\/ca\/wp-json\/wp\/v2\/users\/1"}],"replies":[{"embeddable":true,"href":"https:\/\/www.willysplan.com\/ca\/wp-json\/wp\/v2\/comments?post=16365"}],"version-history":[{"count":7,"href":"https:\/\/www.willysplan.com\/ca\/wp-json\/wp\/v2\/posts\/16365\/revisions"}],"predecessor-version":[{"id":21493,"href":"https:\/\/www.willysplan.com\/ca\/wp-json\/wp\/v2\/posts\/16365\/revisions\/21493"}],"wp:featuredmedia":[{"embeddable":true,"href":"https:\/\/www.willysplan.com\/ca\/wp-json\/wp\/v2\/media\/13933"}],"wp:attachment":[{"href":"https:\/\/www.willysplan.com\/ca\/wp-json\/wp\/v2\/media?parent=16365"}],"wp:term":[{"taxonomy":"category","embeddable":true,"href":"https:\/\/www.willysplan.com\/ca\/wp-json\/wp\/v2\/categories?post=16365"},{"taxonomy":"post_tag","embeddable":true,"href":"https:\/\/www.willysplan.com\/ca\/wp-json\/wp\/v2\/tags?post=16365"}],"curies":[{"name":"wp","href":"https:\/\/api.w.org\/{rel}","templated":true}]}}