{"id":16349,"date":"2021-04-06T21:49:50","date_gmt":"2021-04-06T20:49:50","guid":{"rendered":"https:\/\/willysplan.com\/uncategorized-ca\/excursio-des-del-castell-de-coll-de-som-a-la-punta-de-les-talaies"},"modified":"2023-07-24T06:57:44","modified_gmt":"2023-07-24T05:57:44","slug":"excursio-des-del-castell-de-coll-de-som-a-la-punta-de-les-talaies","status":"publish","type":"post","link":"https:\/\/www.willysplan.com\/ca\/rutes\/excursio-des-del-castell-de-coll-de-som-a-la-punta-de-les-talaies","title":{"rendered":"Excursi\u00f3 des del Castell de Coll de Som a la Punta de les Tal\u00e0ies"},"content":{"rendered":"\t\t<div data-elementor-type=\"wp-post\" data-elementor-id=\"16349\" class=\"elementor elementor-16349 elementor-6864\" data-elementor-post-type=\"post\">\n\t\t\t\t\t\t<section class=\"elementor-section elementor-top-section elementor-element elementor-element-f4c69cc elementor-section-boxed elementor-section-height-default elementor-section-height-default\" data-id=\"f4c69cc\" data-element_type=\"section\">\n\t\t\t\t\t\t<div class=\"elementor-container elementor-column-gap-default\">\n\t\t\t\t\t<div class=\"elementor-column elementor-col-50 elementor-top-column elementor-element elementor-element-164a862\" data-id=\"164a862\" data-element_type=\"column\">\n\t\t\t<div class=\"elementor-widget-wrap elementor-element-populated\">\n\t\t\t\t\t\t<div class=\"elementor-element elementor-element-29bc239 elementor-widget elementor-widget-text-editor\" data-id=\"29bc239\" data-element_type=\"widget\" data-widget_type=\"text-editor.default\">\n\t\t\t\t<div class=\"elementor-widget-container\">\n\t\t\t\t\t\t\t\t\t<p><span style=\"font-weight: 400;\">Si hi ha alguna cosa que ens agrada de les Terres de <\/span><span style=\"font-weight: 400;\">l&#8217;Ebre, \u00e9s la seva immensitat i tot all\u00f2 que ens permet descobrir. Aquesta excepcional regi\u00f3 no nom\u00e9s acull riqueses naturals imprescindibles, sin\u00f3 que el seu llegat hist\u00f2ric i cultural s&#8217;est\u00e9n per les comarques de <\/span><b>Terra Alta, Baix Ebre, la ribera d&#8217;Ebre<\/b> <span style=\"font-weight: 400;\">i<\/span> <b>Montsi\u00e0<\/b> <span style=\"font-weight: 400;\">; brindant-nos una infinitat d&#8217;experi\u00e8ncies per la prov\u00edncia de<\/span> <b>Tarragona<\/b> <span style=\"font-weight: 400;\">que per descomptat, a Willy&#8217;s pla, us volem compartir.<\/span><\/p><p><span style=\"font-weight: 400;\">Les<\/span> <b>Terres de<\/b> <b>l&#8217;Ebre<\/b><span style=\"font-weight: 400;\"> reuneix un valu\u00f3s encant, a cada rac\u00f3. En aquesta <\/span><b>ruta pel<\/b> <b>Castell de Coll de Som, Miravet<\/b> i <b>Punta de les Tal\u00e0ies,<\/b> <span style=\"font-weight: 400;\">ens deixarem<\/span><span style=\"font-weight: 400;\"> seduir per tot el seu encant medieval, aix\u00ed com de la natura que envolta els seus paisatges. De totes les <a href=\"https:\/\/www.willysplan.com\/ca\/idees\/10-excursions-dun-dia-per-catalunya\">excursions d&#8217;un dia per Catalunya<\/a> ,<\/span> <span style=\"font-weight: 400;\">visitar les<\/span> <b>Terres de<\/b> <b>l&#8217;Ebre,<\/b> <span style=\"font-weight: 400;\">aquesta \u00e9s sens dubte una de les rutes que no us podeu perdre.x<\/span><\/p>\t\t\t\t\t\t\t\t<\/div>\n\t\t\t\t<\/div>\n\t\t\t\t\t<\/div>\n\t\t<\/div>\n\t\t\t\t<div class=\"elementor-column elementor-col-50 elementor-top-column elementor-element elementor-element-f0384f5\" data-id=\"f0384f5\" data-element_type=\"column\">\n\t\t\t<div class=\"elementor-widget-wrap elementor-element-populated\">\n\t\t\t\t\t\t<div class=\"elementor-element elementor-element-2e5851d elementor-widget elementor-widget-html\" data-id=\"2e5851d\" data-element_type=\"widget\" data-widget_type=\"html.default\">\n\t\t\t\t<div class=\"elementor-widget-container\">\n\t\t\t\t\t<iframe src=\"https:\/\/www.google.com\/maps\/embed?pb=!1m34!1m12!1m3!1d96339.26521406695!2d0.507313699415913!3d41.01208285223228!2m3!1f0!2f0!3f0!3m2!1i1024!2i768!4f13.1!4m19!3e0!4m5!1s0x12a0e70919549753%3A0x6ca3ed00d5ac5b04!2sColl%20de%20Som%2C%2043512%2C%20Tarragona!3m2!1d40.9301952!2d0.49125379999999996!4m5!1s0x12a0d8ab3d960ca5%3A0xed05dd3c14c92ec1!2sMiravet!3m2!1d41.0407656!2d0.5998511999999999!4m5!1s0x12a0dff2233ae8e7%3A0x9aae89a11bcb36af!2sPunta%20de%20les%20Tal%C3%A0ies%2C%20Rasquera!3m2!1d40.994675699999995!2d0.5952384!5e0!3m2!1ses!2ses!4v1617743535542!5m2!1ses!2ses\" width=\"600\" height=\"450\" style=\"border:0;\" allowfullscreen=\"\" loading=\"lazy\"><\/iframe>\t\t\t\t<\/div>\n\t\t\t\t<\/div>\n\t\t\t\t\t<\/div>\n\t\t<\/div>\n\t\t\t\t\t<\/div>\n\t\t<\/section>\n\t\t\t\t<section class=\"elementor-section elementor-top-section elementor-element elementor-element-671cd3c elementor-section-boxed elementor-section-height-default elementor-section-height-default\" data-id=\"671cd3c\" data-element_type=\"section\">\n\t\t\t\t\t\t<div class=\"elementor-container elementor-column-gap-default\">\n\t\t\t\t\t<div class=\"elementor-column elementor-col-100 elementor-top-column elementor-element elementor-element-eaffc38\" data-id=\"eaffc38\" data-element_type=\"column\">\n\t\t\t<div class=\"elementor-widget-wrap elementor-element-populated\">\n\t\t\t\t\t\t<div class=\"elementor-element elementor-element-ac561a4 elementor-widget elementor-widget-text-editor\" data-id=\"ac561a4\" data-element_type=\"widget\" data-widget_type=\"text-editor.default\">\n\t\t\t\t<div class=\"elementor-widget-container\">\n\t\t\t\t\t\t\t\t\t<p><span style=\"font-weight: 400;\">En aquesta ocasi\u00f3 us convidem a fer un recorregut pels millors castells i balcons naturals, de les<\/span> <b>Terres de<\/b> <b>l&#8217;Ebre<\/b><span style=\"font-weight: 400;\">. En aquesta <\/span><b>excursi\u00f3 des del Castell de Coll de Som a la Punta de les Tal\u00e0ies,<\/b> <span style=\"font-weight: 400;\">ens endinsarem en la hist\u00f2ria i la cultura d&#8217;una de les regions m\u00e9s emblem\u00e0tiques de<\/span> <b>Catalunya<\/b><span style=\"font-weight: 400;\">. I \u00e9s que parlant de zones que no pots deixar de visitar, et recomanem que facis una ullada a l&#8217;article on et parlem dels <a href=\"https:\/\/www.willysplan.com\/ca\/idees\/els-5-millors-parcs-naturals-de-catalunya\">millors parcs naturals de Catalunya<\/a>, un dels quals es troba a la prov\u00edncia de Tarragona, i al que podries visitar despr\u00e9s de fer aquesta ruta.<\/span><\/p><p><span style=\"font-weight: 400;\">Iniciem doncs, el nostre recorregut al<\/span> <b>Castell de Coll de Som<\/b><span style=\"font-weight: 400;\">. En aquesta fortalesa en ru\u00efnes, ens hi estarem gran part del mat\u00ed, delectant-nos d&#8217;unes magn\u00edfiques vistes cap a les immenses Terres de l&#8217;Ebre, connectant amb la hist\u00f2ria i envoltant-nos de la natura d&#8217;aquest indret. <\/span><span style=\"font-weight: 400;\"><br \/><\/span><span style=\"font-weight: 400;\"><br \/><\/span><span style=\"font-weight: 400;\">Seguirem per visitar el poble de<\/span> <b>Miravet<\/b><span style=\"font-weight: 400;\">. Fam\u00f3s per ser un poble enfilat a l&#8217;esquena de la muntanya. Muntanyes, que regalen unes vistes panor\u00e0miques indescriptibles de tota la franja.<\/span><\/p><p><span style=\"font-weight: 400;\">El seu castell \u00e9s un altre atractiu, que sens dubte saludarem. Aix\u00ed doncs, tamb\u00e9 ens farem unes incre\u00efbles fotos al moll que es troba al marge del riu. <\/span><\/p><p><span style=\"font-weight: 400;\">Finalment, us proposem gaudir d&#8217;una posta de sol de pel\u00b7l\u00edcula, des de dalt de la<\/span> <b>Punta de les Tal\u00e0ies<\/b><span style=\"font-weight: 400;\">. Un paratge natural, ubicat a dalt de la muntanya, on gaudirem d&#8217;unes incre\u00efbles vistes i una magn\u00edfica posta de sol. <\/span><\/p>\t\t\t\t\t\t\t\t<\/div>\n\t\t\t\t<\/div>\n\t\t\t\t\t<\/div>\n\t\t<\/div>\n\t\t\t\t\t<\/div>\n\t\t<\/section>\n\t\t\t\t<section class=\"elementor-section elementor-top-section elementor-element elementor-element-36fe8d4 elementor-section-boxed elementor-section-height-default elementor-section-height-default\" data-id=\"36fe8d4\" data-element_type=\"section\">\n\t\t\t\t\t\t<div class=\"elementor-container elementor-column-gap-default\">\n\t\t\t\t\t<div class=\"elementor-column elementor-col-100 elementor-top-column elementor-element elementor-element-da527a3\" data-id=\"da527a3\" data-element_type=\"column\">\n\t\t\t<div class=\"elementor-widget-wrap elementor-element-populated\">\n\t\t\t\t\t\t<div class=\"elementor-element elementor-element-005077d elementor-widget elementor-widget-heading\" data-id=\"005077d\" data-element_type=\"widget\" data-widget_type=\"heading.default\">\n\t\t\t\t<div class=\"elementor-widget-container\">\n\t\t\t\t\t<h2 class=\"elementor-heading-title elementor-size-default\">Castell de Coll de Som\n<\/h2>\t\t\t\t<\/div>\n\t\t\t\t<\/div>\n\t\t\t\t\t<\/div>\n\t\t<\/div>\n\t\t\t\t\t<\/div>\n\t\t<\/section>\n\t\t\t\t<section class=\"elementor-section elementor-top-section elementor-element elementor-element-39c50f9 elementor-section-boxed elementor-section-height-default elementor-section-height-default\" data-id=\"39c50f9\" data-element_type=\"section\">\n\t\t\t\t\t\t<div class=\"elementor-container elementor-column-gap-default\">\n\t\t\t\t\t<div class=\"elementor-column elementor-col-50 elementor-top-column elementor-element elementor-element-df1ea3c\" data-id=\"df1ea3c\" data-element_type=\"column\">\n\t\t\t<div class=\"elementor-widget-wrap elementor-element-populated\">\n\t\t\t\t\t\t<div class=\"elementor-element elementor-element-e1a7506 elementor-widget elementor-widget-image\" data-id=\"e1a7506\" data-element_type=\"widget\" data-widget_type=\"image.default\">\n\t\t\t\t<div class=\"elementor-widget-container\">\n\t\t\t\t\t\t\t\t\t\t\t\t\t\t\t<img fetchpriority=\"high\" decoding=\"async\" width=\"768\" height=\"768\" src=\"https:\/\/www.willysplan.com\/wp-content\/uploads\/2021\/04\/Coll-de-som-768x768.jpg\" class=\"attachment-medium_large size-medium_large wp-image-14045\" alt=\"\" srcset=\"https:\/\/www.willysplan.com\/wp-content\/uploads\/2021\/04\/Coll-de-som-768x768.jpg 768w, https:\/\/www.willysplan.com\/wp-content\/uploads\/2021\/04\/Coll-de-som-300x300.jpg 300w, https:\/\/www.willysplan.com\/wp-content\/uploads\/2021\/04\/Coll-de-som-1024x1024.jpg 1024w, https:\/\/www.willysplan.com\/wp-content\/uploads\/2021\/04\/Coll-de-som-150x150.jpg 150w, https:\/\/www.willysplan.com\/wp-content\/uploads\/2021\/04\/Coll-de-som-600x600.jpg 600w, https:\/\/www.willysplan.com\/wp-content\/uploads\/2021\/04\/Coll-de-som-100x100.jpg 100w, https:\/\/www.willysplan.com\/wp-content\/uploads\/2021\/04\/Coll-de-som.jpg 1080w\" sizes=\"(max-width: 768px) 100vw, 768px\" \/>\t\t\t\t\t\t\t\t\t\t\t\t\t\t\t<\/div>\n\t\t\t\t<\/div>\n\t\t\t\t\t<\/div>\n\t\t<\/div>\n\t\t\t\t<div class=\"elementor-column elementor-col-50 elementor-top-column elementor-element elementor-element-bd2368f\" data-id=\"bd2368f\" data-element_type=\"column\">\n\t\t\t<div class=\"elementor-widget-wrap elementor-element-populated\">\n\t\t\t\t\t\t<div class=\"elementor-element elementor-element-0a67dc1 elementor-widget elementor-widget-image\" data-id=\"0a67dc1\" data-element_type=\"widget\" data-widget_type=\"image.default\">\n\t\t\t\t<div class=\"elementor-widget-container\">\n\t\t\t\t\t\t\t\t\t\t\t\t\t\t\t<img decoding=\"async\" width=\"768\" height=\"768\" src=\"https:\/\/www.willysplan.com\/wp-content\/uploads\/2021\/04\/Coll-de-som-tarragona-768x768.jpg\" class=\"attachment-medium_large size-medium_large wp-image-14043\" alt=\"\" srcset=\"https:\/\/www.willysplan.com\/wp-content\/uploads\/2021\/04\/Coll-de-som-tarragona-768x768.jpg 768w, https:\/\/www.willysplan.com\/wp-content\/uploads\/2021\/04\/Coll-de-som-tarragona-300x300.jpg 300w, https:\/\/www.willysplan.com\/wp-content\/uploads\/2021\/04\/Coll-de-som-tarragona-1024x1024.jpg 1024w, https:\/\/www.willysplan.com\/wp-content\/uploads\/2021\/04\/Coll-de-som-tarragona-150x150.jpg 150w, https:\/\/www.willysplan.com\/wp-content\/uploads\/2021\/04\/Coll-de-som-tarragona-600x600.jpg 600w, https:\/\/www.willysplan.com\/wp-content\/uploads\/2021\/04\/Coll-de-som-tarragona-100x100.jpg 100w, https:\/\/www.willysplan.com\/wp-content\/uploads\/2021\/04\/Coll-de-som-tarragona.jpg 1080w\" sizes=\"(max-width: 768px) 100vw, 768px\" \/>\t\t\t\t\t\t\t\t\t\t\t\t\t\t\t<\/div>\n\t\t\t\t<\/div>\n\t\t\t\t\t<\/div>\n\t\t<\/div>\n\t\t\t\t\t<\/div>\n\t\t<\/section>\n\t\t\t\t<section class=\"elementor-section elementor-top-section elementor-element elementor-element-4e88c10 elementor-section-boxed elementor-section-height-default elementor-section-height-default\" data-id=\"4e88c10\" data-element_type=\"section\">\n\t\t\t\t\t\t<div class=\"elementor-container elementor-column-gap-default\">\n\t\t\t\t\t<div class=\"elementor-column elementor-col-100 elementor-top-column elementor-element elementor-element-8ccc3a4\" data-id=\"8ccc3a4\" data-element_type=\"column\">\n\t\t\t<div class=\"elementor-widget-wrap elementor-element-populated\">\n\t\t\t\t\t\t<div class=\"elementor-element elementor-element-39dc59f elementor-widget elementor-widget-text-editor\" data-id=\"39dc59f\" data-element_type=\"widget\" data-widget_type=\"text-editor.default\">\n\t\t\t\t<div class=\"elementor-widget-container\">\n\t\t\t\t\t\t\t\t\t<p><span style=\"font-weight: 400;\">Per a alguns un lloc estrat\u00e8gic, on si situen les antigues ru\u00efnes de qu\u00e8 va ser l&#8217;antic llogaret de Som, per a altres un llegat cultural valu\u00f3s, que es veu reflectit en les ru\u00efnes del que va ser un imponent castell. <\/span><\/p>\n<p><span style=\"font-weight: 400;\">El<\/span> <b>Castell de Coll de Som<\/b> <span style=\"font-weight: 400;\">va ser constru\u00eft al segle XIX i actualment es troba en ru\u00efnes. Convertint-se en un recinte estret i petit, ple de murs a mig acabar i estretes estretes. Tot i aix\u00f2, molts curiosos trien pujar-hi mitjan\u00e7ant rutes de senderisme, i emportar-se un record inoblidable en albirar la vall de la ribera de l&#8217;Ebre i les muntanyes de la zona.<\/span><\/p>\n<p><span style=\"font-weight: 400;\">Com que \u00e9s un cam\u00ed poc concorregut, l&#8217;arribada al castell \u00e9s una mica perillosa, per la qual cosa probablement ens trobarem amb una pedra relliscosa. Aix\u00f2 suposa un gran repte per a molts senderistes que acudeixen cada cop m\u00e9s a aquest lloc. <\/span><\/p>\n<p><span style=\"font-weight: 400;\">De la hist\u00f2ria del castell podem destacar que aquesta obra popular de l&#8217;arquitectura del segle XIX va ser un punt estrat\u00e8gic per veure l&#8217;antiga vila. Sent aix\u00ed un punt ideal per a la defensa durant les guerres carlines i fins i tot la guerra civil del segle XX. <\/span><\/p>\n<p><span style=\"font-weight: 400;\">No per estar en ru\u00efnes deixa de ser menys valu\u00f3s, fes una ullada a les ru\u00efnes del<\/span> <b>Castell de Coll de Som<\/b> <span style=\"font-weight: 400;\">i comen\u00e7a a caminar la teva imaginaci\u00f3. Idealitzant all\u00f2 que algun dia va ser una gran fortalesa catalana.<\/span><\/p>\n\t\t\t\t\t\t\t\t<\/div>\n\t\t\t\t<\/div>\n\t\t\t\t\t<\/div>\n\t\t<\/div>\n\t\t\t\t\t<\/div>\n\t\t<\/section>\n\t\t\t\t<section class=\"elementor-section elementor-top-section elementor-element elementor-element-cf26dc9 elementor-section-boxed elementor-section-height-default elementor-section-height-default\" data-id=\"cf26dc9\" data-element_type=\"section\">\n\t\t\t\t\t\t<div class=\"elementor-container elementor-column-gap-default\">\n\t\t\t\t\t<div class=\"elementor-column elementor-col-100 elementor-top-column elementor-element elementor-element-5689fda\" data-id=\"5689fda\" data-element_type=\"column\">\n\t\t\t<div class=\"elementor-widget-wrap elementor-element-populated\">\n\t\t\t\t\t\t<div class=\"elementor-element elementor-element-ec10ffc elementor-widget elementor-widget-heading\" data-id=\"ec10ffc\" data-element_type=\"widget\" data-widget_type=\"heading.default\">\n\t\t\t\t<div class=\"elementor-widget-container\">\n\t\t\t\t\t<h2 class=\"elementor-heading-title elementor-size-default\">Poble de Miravet<\/h2>\t\t\t\t<\/div>\n\t\t\t\t<\/div>\n\t\t\t\t\t<\/div>\n\t\t<\/div>\n\t\t\t\t\t<\/div>\n\t\t<\/section>\n\t\t\t\t<section class=\"elementor-section elementor-top-section elementor-element elementor-element-9ca4401 elementor-section-boxed elementor-section-height-default elementor-section-height-default\" data-id=\"9ca4401\" data-element_type=\"section\">\n\t\t\t\t\t\t<div class=\"elementor-container elementor-column-gap-default\">\n\t\t\t\t\t<div class=\"elementor-column elementor-col-50 elementor-top-column elementor-element elementor-element-824143d\" data-id=\"824143d\" data-element_type=\"column\">\n\t\t\t<div class=\"elementor-widget-wrap elementor-element-populated\">\n\t\t\t\t\t\t<div class=\"elementor-element elementor-element-3feac87 elementor-widget elementor-widget-image\" data-id=\"3feac87\" data-element_type=\"widget\" data-widget_type=\"image.default\">\n\t\t\t\t<div class=\"elementor-widget-container\">\n\t\t\t\t\t\t\t\t\t\t\t\t\t\t\t<img decoding=\"async\" width=\"1024\" height=\"1024\" src=\"https:\/\/www.willysplan.com\/wp-content\/uploads\/2021\/04\/Castell-de-miravet-1024x1024.jpg\" class=\"attachment-large size-large wp-image-14041\" alt=\"\" srcset=\"https:\/\/www.willysplan.com\/wp-content\/uploads\/2021\/04\/Castell-de-miravet-1024x1024.jpg 1024w, https:\/\/www.willysplan.com\/wp-content\/uploads\/2021\/04\/Castell-de-miravet-300x300.jpg 300w, https:\/\/www.willysplan.com\/wp-content\/uploads\/2021\/04\/Castell-de-miravet-150x150.jpg 150w, https:\/\/www.willysplan.com\/wp-content\/uploads\/2021\/04\/Castell-de-miravet-768x768.jpg 768w, https:\/\/www.willysplan.com\/wp-content\/uploads\/2021\/04\/Castell-de-miravet-600x600.jpg 600w, https:\/\/www.willysplan.com\/wp-content\/uploads\/2021\/04\/Castell-de-miravet-100x100.jpg 100w, https:\/\/www.willysplan.com\/wp-content\/uploads\/2021\/04\/Castell-de-miravet.jpg 1080w\" sizes=\"(max-width: 1024px) 100vw, 1024px\" \/>\t\t\t\t\t\t\t\t\t\t\t\t\t\t\t<\/div>\n\t\t\t\t<\/div>\n\t\t\t\t\t<\/div>\n\t\t<\/div>\n\t\t\t\t<div class=\"elementor-column elementor-col-50 elementor-top-column elementor-element elementor-element-820be49\" data-id=\"820be49\" data-element_type=\"column\">\n\t\t\t<div class=\"elementor-widget-wrap elementor-element-populated\">\n\t\t\t\t\t\t<div class=\"elementor-element elementor-element-2a3a021 elementor-widget elementor-widget-image\" data-id=\"2a3a021\" data-element_type=\"widget\" data-widget_type=\"image.default\">\n\t\t\t\t<div class=\"elementor-widget-container\">\n\t\t\t\t\t\t\t\t\t\t\t\t\t\t\t<img loading=\"lazy\" decoding=\"async\" width=\"1024\" height=\"1024\" src=\"https:\/\/www.willysplan.com\/wp-content\/uploads\/2021\/04\/Poble-de-miravet-1024x1024.jpg\" class=\"attachment-large size-large wp-image-14047\" alt=\"\" srcset=\"https:\/\/www.willysplan.com\/wp-content\/uploads\/2021\/04\/Poble-de-miravet-1024x1024.jpg 1024w, https:\/\/www.willysplan.com\/wp-content\/uploads\/2021\/04\/Poble-de-miravet-300x300.jpg 300w, https:\/\/www.willysplan.com\/wp-content\/uploads\/2021\/04\/Poble-de-miravet-150x150.jpg 150w, https:\/\/www.willysplan.com\/wp-content\/uploads\/2021\/04\/Poble-de-miravet-768x768.jpg 768w, https:\/\/www.willysplan.com\/wp-content\/uploads\/2021\/04\/Poble-de-miravet-600x600.jpg 600w, https:\/\/www.willysplan.com\/wp-content\/uploads\/2021\/04\/Poble-de-miravet-100x100.jpg 100w, https:\/\/www.willysplan.com\/wp-content\/uploads\/2021\/04\/Poble-de-miravet.jpg 1080w\" sizes=\"(max-width: 1024px) 100vw, 1024px\" \/>\t\t\t\t\t\t\t\t\t\t\t\t\t\t\t<\/div>\n\t\t\t\t<\/div>\n\t\t\t\t\t<\/div>\n\t\t<\/div>\n\t\t\t\t\t<\/div>\n\t\t<\/section>\n\t\t\t\t<section class=\"elementor-section elementor-top-section elementor-element elementor-element-090337d elementor-section-boxed elementor-section-height-default elementor-section-height-default\" data-id=\"090337d\" data-element_type=\"section\">\n\t\t\t\t\t\t<div class=\"elementor-container elementor-column-gap-default\">\n\t\t\t\t\t<div class=\"elementor-column elementor-col-100 elementor-top-column elementor-element elementor-element-10259a1\" data-id=\"10259a1\" data-element_type=\"column\">\n\t\t\t<div class=\"elementor-widget-wrap elementor-element-populated\">\n\t\t\t\t\t\t<div class=\"elementor-element elementor-element-67842ef elementor-widget elementor-widget-text-editor\" data-id=\"67842ef\" data-element_type=\"widget\" data-widget_type=\"text-editor.default\">\n\t\t\t\t<div class=\"elementor-widget-container\">\n\t\t\t\t\t\t\t\t\t<p><b>Miravet<\/b> <span style=\"font-weight: 400;\">\u00e9s de les destinacions m\u00e9s recomanables si busques<\/span> <b><a href=\"https:\/\/www.willysplan.com\/ca\/rutes\/rutes-de-senderisme-i-excursions-per-tarragona-provincia\">rutes i excursions per Tarragona<\/a> .<\/b> <span style=\"font-weight: 400;\">A nom\u00e9s dues hores aproximadament, et trobes amb un poble medieval encisador, just als peus de l&#8217;Ebre.<\/span><\/p><p><span style=\"font-weight: 400;\">Si hi ha alguna cosa que no et pots perdre de<\/span> <b>Miravet,<\/b><span style=\"font-weight: 400;\"> \u00e9s la visita a la seva encantadora vila. Com tret d&#8217;un conte de fades. Aquest conjunt arquitect\u00f2nic ofereix una estampa molt pintoresca i medieval, davant del mateix riu Ebre.<\/span><\/p><p><span style=\"font-weight: 400;\">El primer que us aconsellem \u00e9s pujar al castell de Miravet. \u00c9s que sens dubte s&#8217;albira des de la llunyania, fent-ho irresistible davant dels ulls de qualsevol turista. Des d&#8217;aquest balc\u00f3 improvisat s&#8217;aconsegueix veure gran part del riu Ebre, a m\u00e9s de contemplar els camps de conreu que l&#8217;envolten. Encara que aquesta construcci\u00f3 es troba en ru\u00efnes, s\u00f3n les hist\u00f2ries dels templers batallant durant les guerres carlines i la batalla de l&#8217;Ebre; el que m\u00e9s destaca en la visita.<\/span><\/p><p><span style=\"font-weight: 400;\">Per \u00faltim i no menys important, dedica temps a passejar per l&#8217;alqueria, anant en direcci\u00f3 cap a l&#8217;esgl\u00e9sia del poble. Durant el recorregut notar\u00e0s els canvis arquitect\u00f2nics que van anar component el poble i la influ\u00e8ncia musulmana en algunes de les edificacions. Una cosa inesperada quan parlem d&#8217;un poble medieval t\u00edpic.<\/span><\/p>\t\t\t\t\t\t\t\t<\/div>\n\t\t\t\t<\/div>\n\t\t\t\t\t<\/div>\n\t\t<\/div>\n\t\t\t\t\t<\/div>\n\t\t<\/section>\n\t\t\t\t<section class=\"elementor-section elementor-top-section elementor-element elementor-element-228dd78 elementor-section-boxed elementor-section-height-default elementor-section-height-default\" data-id=\"228dd78\" data-element_type=\"section\">\n\t\t\t\t\t\t<div class=\"elementor-container elementor-column-gap-default\">\n\t\t\t\t\t<div class=\"elementor-column elementor-col-100 elementor-top-column elementor-element elementor-element-6fe37a6\" data-id=\"6fe37a6\" data-element_type=\"column\">\n\t\t\t<div class=\"elementor-widget-wrap elementor-element-populated\">\n\t\t\t\t\t\t<div class=\"elementor-element elementor-element-c9dcbd0 elementor-widget elementor-widget-heading\" data-id=\"c9dcbd0\" data-element_type=\"widget\" data-widget_type=\"heading.default\">\n\t\t\t\t<div class=\"elementor-widget-container\">\n\t\t\t\t\t<h2 class=\"elementor-heading-title elementor-size-default\">Punta de les Tal\u00e0ies<\/h2>\t\t\t\t<\/div>\n\t\t\t\t<\/div>\n\t\t\t\t\t<\/div>\n\t\t<\/div>\n\t\t\t\t\t<\/div>\n\t\t<\/section>\n\t\t\t\t<section class=\"elementor-section elementor-top-section elementor-element elementor-element-ff2fe61 elementor-section-boxed elementor-section-height-default elementor-section-height-default\" data-id=\"ff2fe61\" data-element_type=\"section\">\n\t\t\t\t\t\t<div class=\"elementor-container elementor-column-gap-default\">\n\t\t\t\t\t<div class=\"elementor-column elementor-col-50 elementor-top-column elementor-element elementor-element-2aedbc8\" data-id=\"2aedbc8\" data-element_type=\"column\">\n\t\t\t<div class=\"elementor-widget-wrap elementor-element-populated\">\n\t\t\t\t\t\t<div class=\"elementor-element elementor-element-36c0fbf elementor-widget elementor-widget-image\" data-id=\"36c0fbf\" data-element_type=\"widget\" data-widget_type=\"image.default\">\n\t\t\t\t<div class=\"elementor-widget-container\">\n\t\t\t\t\t\t\t\t\t\t\t\t\t\t\t<img loading=\"lazy\" decoding=\"async\" width=\"1024\" height=\"1024\" src=\"https:\/\/www.willysplan.com\/wp-content\/uploads\/2021\/04\/Punta-de-les-talaies-1024x1024.jpg\" class=\"attachment-large size-large wp-image-14049\" alt=\"\" srcset=\"https:\/\/www.willysplan.com\/wp-content\/uploads\/2021\/04\/Punta-de-les-talaies-1024x1024.jpg 1024w, https:\/\/www.willysplan.com\/wp-content\/uploads\/2021\/04\/Punta-de-les-talaies-300x300.jpg 300w, https:\/\/www.willysplan.com\/wp-content\/uploads\/2021\/04\/Punta-de-les-talaies-150x150.jpg 150w, https:\/\/www.willysplan.com\/wp-content\/uploads\/2021\/04\/Punta-de-les-talaies-768x768.jpg 768w, https:\/\/www.willysplan.com\/wp-content\/uploads\/2021\/04\/Punta-de-les-talaies-600x600.jpg 600w, https:\/\/www.willysplan.com\/wp-content\/uploads\/2021\/04\/Punta-de-les-talaies-100x100.jpg 100w, https:\/\/www.willysplan.com\/wp-content\/uploads\/2021\/04\/Punta-de-les-talaies.jpg 1080w\" sizes=\"(max-width: 1024px) 100vw, 1024px\" \/>\t\t\t\t\t\t\t\t\t\t\t\t\t\t\t<\/div>\n\t\t\t\t<\/div>\n\t\t\t\t\t<\/div>\n\t\t<\/div>\n\t\t\t\t<div class=\"elementor-column elementor-col-50 elementor-top-column elementor-element elementor-element-1967bf0\" data-id=\"1967bf0\" data-element_type=\"column\">\n\t\t\t<div class=\"elementor-widget-wrap elementor-element-populated\">\n\t\t\t\t\t\t<div class=\"elementor-element elementor-element-939cfbe elementor-widget elementor-widget-image\" data-id=\"939cfbe\" data-element_type=\"widget\" data-widget_type=\"image.default\">\n\t\t\t\t<div class=\"elementor-widget-container\">\n\t\t\t\t\t\t\t\t\t\t\t\t\t\t\t<img loading=\"lazy\" decoding=\"async\" width=\"1024\" height=\"1024\" src=\"https:\/\/www.willysplan.com\/wp-content\/uploads\/2021\/04\/Punta-de-les-talaies-1-1024x1024.jpg\" class=\"attachment-large size-large wp-image-14051\" alt=\"\" srcset=\"https:\/\/www.willysplan.com\/wp-content\/uploads\/2021\/04\/Punta-de-les-talaies-1-1024x1024.jpg 1024w, https:\/\/www.willysplan.com\/wp-content\/uploads\/2021\/04\/Punta-de-les-talaies-1-300x300.jpg 300w, https:\/\/www.willysplan.com\/wp-content\/uploads\/2021\/04\/Punta-de-les-talaies-1-150x150.jpg 150w, https:\/\/www.willysplan.com\/wp-content\/uploads\/2021\/04\/Punta-de-les-talaies-1-768x768.jpg 768w, https:\/\/www.willysplan.com\/wp-content\/uploads\/2021\/04\/Punta-de-les-talaies-1-600x600.jpg 600w, https:\/\/www.willysplan.com\/wp-content\/uploads\/2021\/04\/Punta-de-les-talaies-1-100x100.jpg 100w, https:\/\/www.willysplan.com\/wp-content\/uploads\/2021\/04\/Punta-de-les-talaies-1.jpg 1080w\" sizes=\"(max-width: 1024px) 100vw, 1024px\" \/>\t\t\t\t\t\t\t\t\t\t\t\t\t\t\t<\/div>\n\t\t\t\t<\/div>\n\t\t\t\t\t<\/div>\n\t\t<\/div>\n\t\t\t\t\t<\/div>\n\t\t<\/section>\n\t\t\t\t<section class=\"elementor-section elementor-top-section elementor-element elementor-element-649f78d elementor-section-boxed elementor-section-height-default elementor-section-height-default\" data-id=\"649f78d\" data-element_type=\"section\">\n\t\t\t\t\t\t<div class=\"elementor-container elementor-column-gap-default\">\n\t\t\t\t\t<div class=\"elementor-column elementor-col-100 elementor-top-column elementor-element elementor-element-bd8f266\" data-id=\"bd8f266\" data-element_type=\"column\">\n\t\t\t<div class=\"elementor-widget-wrap elementor-element-populated\">\n\t\t\t\t\t\t<div class=\"elementor-element elementor-element-6131457 elementor-widget elementor-widget-text-editor\" data-id=\"6131457\" data-element_type=\"widget\" data-widget_type=\"text-editor.default\">\n\t\t\t\t<div class=\"elementor-widget-container\">\n\t\t\t\t\t\t\t\t\t<p><span style=\"font-weight: 400;\">La nostra tercera i \u00faltima parada, \u00e9s un mirador natural, on podrem apreciar una incre\u00efble posta de sol: Punta de les Tal\u00e0ies, al poble de Rasquera. El lloc perfecte per descansar de la nostra excursi\u00f3 i delectar-nos amb un dels capvespres m\u00e9s emblem\u00e0tics que obren vistes a aquest encantador poble.<\/span><\/p><p><span style=\"font-weight: 400;\">Tot i que el cam\u00ed est\u00e0 senyalitzat, en arribar a aquest lloc et recomanem tenir precauci\u00f3, abans de res, si \u00e9s que far\u00e0s una <a href=\"https:\/\/www.willysplan.com\/ca\/escapades-amb-nens-per-catalunya\">escapada de cap de setmana amb nens<\/a> . Com que \u00e9s un lloc inclinat i ple de roques, \u00e9s millor prendre precaucions. Tot i aix\u00f2, no suposa cap problema, ja que l&#8217;acc\u00e9s \u00e9s de f\u00e0cil dificultat, i la recompensa en arribar \u00e9s molt gratificant.<\/span><\/p><p><span style=\"font-weight: 400;\">Si seguim aquest cam\u00ed i ens aventurem una mica m\u00e9s, ens trobarem amb l&#8217;ermita de Santo Domingo i l&#8217;observatori de Lister. Dos llocs importants per al poble de Rasquera, que encara que no es conserven al millor estat, s\u00f3n un clar exemple del que alguna vegada van significar aquestes obres per a la seva poblaci\u00f3. <\/span><\/p>\t\t\t\t\t\t\t\t<\/div>\n\t\t\t\t<\/div>\n\t\t\t\t\t<\/div>\n\t\t<\/div>\n\t\t\t\t\t<\/div>\n\t\t<\/section>\n\t\t\t\t<section class=\"elementor-section elementor-top-section elementor-element elementor-element-934cfa6 elementor-section-boxed elementor-section-height-default elementor-section-height-default\" data-id=\"934cfa6\" data-element_type=\"section\">\n\t\t\t\t\t\t<div class=\"elementor-container elementor-column-gap-default\">\n\t\t\t\t\t<div class=\"elementor-column elementor-col-100 elementor-top-column elementor-element elementor-element-6d28942\" data-id=\"6d28942\" data-element_type=\"column\">\n\t\t\t<div class=\"elementor-widget-wrap elementor-element-populated\">\n\t\t\t\t\t\t<div class=\"elementor-element elementor-element-24f2b10 elementor-widget elementor-widget-heading\" data-id=\"24f2b10\" data-element_type=\"widget\" data-widget_type=\"heading.default\">\n\t\t\t\t<div class=\"elementor-widget-container\">\n\t\t\t\t\t<h2 class=\"elementor-heading-title elementor-size-default\">Altres rutes que tamb\u00e9 et poden interessar...<\/h2>\t\t\t\t<\/div>\n\t\t\t\t<\/div>\n\t\t\t\t\t<\/div>\n\t\t<\/div>\n\t\t\t\t\t<\/div>\n\t\t<\/section>\n\t\t\t\t<section class=\"elementor-section elementor-top-section elementor-element elementor-element-b9303aa elementor-section-boxed elementor-section-height-default elementor-section-height-default\" data-id=\"b9303aa\" data-element_type=\"section\">\n\t\t\t\t\t\t<div class=\"elementor-container elementor-column-gap-default\">\n\t\t\t\t\t<div class=\"elementor-column elementor-col-100 elementor-top-column elementor-element elementor-element-4c9811a\" data-id=\"4c9811a\" data-element_type=\"column\">\n\t\t\t<div class=\"elementor-widget-wrap elementor-element-populated\">\n\t\t\t\t\t\t\t<\/div>\n\t\t<\/div>\n\t\t\t\t\t<\/div>\n\t\t<\/section>\n\t\t\t\t<\/div>\n\t\t","protected":false},"excerpt":{"rendered":"<p>Si hi ha alguna cosa que ens agrada de les Terres de l&#8217;Ebre, \u00e9s la seva immensitat i tot all\u00f2 que ens permet descobrir. Aquesta excepcional regi\u00f3 no nom\u00e9s acull riqueses naturals imprescindibles, sin\u00f3 que el seu llegat hist\u00f2ric i cultural s&#8217;est\u00e9n per les comarques de Terra Alta, Baix Ebre, la ribera d&#8217;Ebre i Montsi\u00e0&hellip;&nbsp;<a href=\"https:\/\/www.willysplan.com\/ca\/rutes\/excursio-des-del-castell-de-coll-de-som-a-la-punta-de-les-talaies\" rel=\"bookmark\">Llegiu m\u00e9s &raquo;<span class=\"screen-reader-text\">Excursi\u00f3 des del Castell de Coll de Som a la Punta de les Tal\u00e0ies<\/span><\/a><\/p>\n","protected":false},"author":1,"featured_media":14055,"comment_status":"closed","ping_status":"closed","sticky":false,"template":"","format":"standard","meta":{"neve_meta_sidebar":"","neve_meta_container":"","neve_meta_enable_content_width":"","neve_meta_content_width":0,"neve_meta_title_alignment":"","neve_meta_author_avatar":"","neve_post_elements_order":"","neve_meta_disable_header":"","neve_meta_disable_footer":"","neve_meta_disable_title":"","_joinchat":[],"footnotes":""},"categories":[323],"tags":[360,458],"class_list":["post-16349","post","type-post","status-publish","format-standard","has-post-thumbnail","hentry","category-rutes","tag-rutes-catalunya","tag-rutes-tarragona-provincia"],"yoast_head":"<!-- This site is optimized with the Yoast SEO Premium plugin v20.1 (Yoast SEO v26.9) - https:\/\/yoast.com\/product\/yoast-seo-premium-wordpress\/ -->\n<title>Excursi\u00f3 des de Coll de Som a la Punta de les Tal\u00e0ies \u2013 Willy&#039;s pla<\/title>\n<meta name=\"description\" content=\"Descobreix una ruta per fer a Tarragona. Visiteu el castell de Coll de Som, el poble de Miravet i la Punta de les Tal\u00e0ies. \u2705 Entra ara!\" \/>\n<meta name=\"robots\" content=\"index, follow, max-snippet:-1, max-image-preview:large, max-video-preview:-1\" \/>\n<link rel=\"canonical\" href=\"https:\/\/www.willysplan.com\/ca\/rutes\/excursio-des-del-castell-de-coll-de-som-a-la-punta-de-les-talaies\" \/>\n<meta property=\"og:locale\" content=\"ca_ES\" \/>\n<meta property=\"og:type\" content=\"article\" \/>\n<meta property=\"og:title\" content=\"Excursi\u00f3 des del Castell de Coll de Som a la Punta de les Tal\u00e0ies\" \/>\n<meta property=\"og:description\" content=\"Descobreix una ruta per fer a Tarragona. Visiteu el castell de Coll de Som, el poble de Miravet i la Punta de les Tal\u00e0ies. \u2705 Entra ara!\" \/>\n<meta property=\"og:url\" content=\"https:\/\/www.willysplan.com\/ca\/rutes\/excursio-des-del-castell-de-coll-de-som-a-la-punta-de-les-talaies\" \/>\n<meta property=\"og:site_name\" content=\"Willy&#039;s Plan \ud83c\udf43\" \/>\n<meta property=\"article:published_time\" content=\"2021-04-06T20:49:50+00:00\" \/>\n<meta property=\"article:modified_time\" content=\"2023-07-24T05:57:44+00:00\" \/>\n<meta property=\"og:image\" content=\"https:\/\/www.willysplan.com\/wp-content\/uploads\/2021\/04\/castell-de-coll-de-som.jpg\" \/>\n\t<meta property=\"og:image:width\" content=\"826\" \/>\n\t<meta property=\"og:image:height\" content=\"577\" \/>\n\t<meta property=\"og:image:type\" content=\"image\/jpeg\" \/>\n<meta name=\"author\" content=\"admin\" \/>\n<meta name=\"twitter:card\" content=\"summary_large_image\" \/>\n<meta name=\"twitter:label1\" content=\"Escrit per\" \/>\n\t<meta name=\"twitter:data1\" content=\"admin\" \/>\n\t<meta name=\"twitter:label2\" content=\"Temps estimat de lectura\" \/>\n\t<meta name=\"twitter:data2\" content=\"5 minuts\" \/>\n<script type=\"application\/ld+json\" class=\"yoast-schema-graph\">{\"@context\":\"https:\/\/schema.org\",\"@graph\":[{\"@type\":\"Article\",\"@id\":\"https:\/\/www.willysplan.com\/ca\/rutes\/excursio-des-del-castell-de-coll-de-som-a-la-punta-de-les-talaies#article\",\"isPartOf\":{\"@id\":\"https:\/\/www.willysplan.com\/ca\/rutes\/excursio-des-del-castell-de-coll-de-som-a-la-punta-de-les-talaies\"},\"author\":{\"name\":\"admin\",\"@id\":\"https:\/\/www.willysplan.com\/#\/schema\/person\/58c1527a9a42e9b18a877f14136f1d47\"},\"headline\":\"Excursi\u00f3 des del Castell de Coll de Som a la Punta de les Tal\u00e0ies\",\"datePublished\":\"2021-04-06T20:49:50+00:00\",\"dateModified\":\"2023-07-24T05:57:44+00:00\",\"mainEntityOfPage\":{\"@id\":\"https:\/\/www.willysplan.com\/ca\/rutes\/excursio-des-del-castell-de-coll-de-som-a-la-punta-de-les-talaies\"},\"wordCount\":1127,\"publisher\":{\"@id\":\"https:\/\/www.willysplan.com\/#organization\"},\"image\":{\"@id\":\"https:\/\/www.willysplan.com\/ca\/rutes\/excursio-des-del-castell-de-coll-de-som-a-la-punta-de-les-talaies#primaryimage\"},\"thumbnailUrl\":\"https:\/\/www.willysplan.com\/wp-content\/uploads\/2021\/04\/castell-de-coll-de-som.jpg\",\"keywords\":[\"rutes catalunya\",\"rutes tarragona prov\u00edncia\"],\"articleSection\":[\"rutes\"],\"inLanguage\":\"ca\"},{\"@type\":\"WebPage\",\"@id\":\"https:\/\/www.willysplan.com\/ca\/rutes\/excursio-des-del-castell-de-coll-de-som-a-la-punta-de-les-talaies\",\"url\":\"https:\/\/www.willysplan.com\/ca\/rutes\/excursio-des-del-castell-de-coll-de-som-a-la-punta-de-les-talaies\",\"name\":\"Excursi\u00f3 des de Coll de Som a la Punta de les Tal\u00e0ies \u2013 Willy's pla\",\"isPartOf\":{\"@id\":\"https:\/\/www.willysplan.com\/#website\"},\"primaryImageOfPage\":{\"@id\":\"https:\/\/www.willysplan.com\/ca\/rutes\/excursio-des-del-castell-de-coll-de-som-a-la-punta-de-les-talaies#primaryimage\"},\"image\":{\"@id\":\"https:\/\/www.willysplan.com\/ca\/rutes\/excursio-des-del-castell-de-coll-de-som-a-la-punta-de-les-talaies#primaryimage\"},\"thumbnailUrl\":\"https:\/\/www.willysplan.com\/wp-content\/uploads\/2021\/04\/castell-de-coll-de-som.jpg\",\"datePublished\":\"2021-04-06T20:49:50+00:00\",\"dateModified\":\"2023-07-24T05:57:44+00:00\",\"description\":\"Descobreix una ruta per fer a Tarragona. Visiteu el castell de Coll de Som, el poble de Miravet i la Punta de les Tal\u00e0ies. \u2705 Entra ara!\",\"inLanguage\":\"ca\",\"potentialAction\":[{\"@type\":\"ReadAction\",\"target\":[\"https:\/\/www.willysplan.com\/ca\/rutes\/excursio-des-del-castell-de-coll-de-som-a-la-punta-de-les-talaies\"]}]},{\"@type\":\"ImageObject\",\"inLanguage\":\"ca\",\"@id\":\"https:\/\/www.willysplan.com\/ca\/rutes\/excursio-des-del-castell-de-coll-de-som-a-la-punta-de-les-talaies#primaryimage\",\"url\":\"https:\/\/www.willysplan.com\/wp-content\/uploads\/2021\/04\/castell-de-coll-de-som.jpg\",\"contentUrl\":\"https:\/\/www.willysplan.com\/wp-content\/uploads\/2021\/04\/castell-de-coll-de-som.jpg\",\"width\":826,\"height\":577},{\"@type\":\"WebSite\",\"@id\":\"https:\/\/www.willysplan.com\/#website\",\"url\":\"https:\/\/www.willysplan.com\/\",\"name\":\"Willy&#039;s Plan \ud83c\udf43\",\"description\":\"Escapadas y Planes de fin de semana\",\"publisher\":{\"@id\":\"https:\/\/www.willysplan.com\/#organization\"},\"potentialAction\":[{\"@type\":\"SearchAction\",\"target\":{\"@type\":\"EntryPoint\",\"urlTemplate\":\"https:\/\/www.willysplan.com\/?s={search_term_string}\"},\"query-input\":{\"@type\":\"PropertyValueSpecification\",\"valueRequired\":true,\"valueName\":\"search_term_string\"}}],\"inLanguage\":\"ca\"},{\"@type\":\"Organization\",\"@id\":\"https:\/\/www.willysplan.com\/#organization\",\"name\":\"Willy&#039;s Plan \ud83c\udf43\",\"url\":\"https:\/\/www.willysplan.com\/\",\"logo\":{\"@type\":\"ImageObject\",\"inLanguage\":\"ca\",\"@id\":\"https:\/\/www.willysplan.com\/#\/schema\/logo\/image\/\",\"url\":\"https:\/\/www.willysplan.com\/wp-content\/uploads\/2020\/04\/cropped-logo-1.png\",\"contentUrl\":\"https:\/\/www.willysplan.com\/wp-content\/uploads\/2020\/04\/cropped-logo-1.png\",\"width\":332,\"height\":332,\"caption\":\"Willy&#039;s Plan \ud83c\udf43\"},\"image\":{\"@id\":\"https:\/\/www.willysplan.com\/#\/schema\/logo\/image\/\"}},{\"@type\":\"Person\",\"@id\":\"https:\/\/www.willysplan.com\/#\/schema\/person\/58c1527a9a42e9b18a877f14136f1d47\",\"name\":\"admin\",\"image\":{\"@type\":\"ImageObject\",\"inLanguage\":\"ca\",\"@id\":\"https:\/\/www.willysplan.com\/#\/schema\/person\/image\/\",\"url\":\"https:\/\/secure.gravatar.com\/avatar\/0b8d78e655d83cc71e0a6cd6cb0f0f99929604cd70ff0f7ac1713f248945ea9d?s=96&d=mm&r=g\",\"contentUrl\":\"https:\/\/secure.gravatar.com\/avatar\/0b8d78e655d83cc71e0a6cd6cb0f0f99929604cd70ff0f7ac1713f248945ea9d?s=96&d=mm&r=g\",\"caption\":\"admin\"},\"url\":\"https:\/\/www.willysplan.com\/ca\/author\/admin\"}]}<\/script>\n<!-- \/ Yoast SEO Premium plugin. -->","yoast_head_json":{"title":"Excursi\u00f3 des de Coll de Som a la Punta de les Tal\u00e0ies \u2013 Willy's pla","description":"Descobreix una ruta per fer a Tarragona. Visiteu el castell de Coll de Som, el poble de Miravet i la Punta de les Tal\u00e0ies. \u2705 Entra ara!","robots":{"index":"index","follow":"follow","max-snippet":"max-snippet:-1","max-image-preview":"max-image-preview:large","max-video-preview":"max-video-preview:-1"},"canonical":"https:\/\/www.willysplan.com\/ca\/rutes\/excursio-des-del-castell-de-coll-de-som-a-la-punta-de-les-talaies","og_locale":"ca_ES","og_type":"article","og_title":"Excursi\u00f3 des del Castell de Coll de Som a la Punta de les Tal\u00e0ies","og_description":"Descobreix una ruta per fer a Tarragona. Visiteu el castell de Coll de Som, el poble de Miravet i la Punta de les Tal\u00e0ies. \u2705 Entra ara!","og_url":"https:\/\/www.willysplan.com\/ca\/rutes\/excursio-des-del-castell-de-coll-de-som-a-la-punta-de-les-talaies","og_site_name":"Willy&#039;s Plan \ud83c\udf43","article_published_time":"2021-04-06T20:49:50+00:00","article_modified_time":"2023-07-24T05:57:44+00:00","og_image":[{"width":826,"height":577,"url":"https:\/\/www.willysplan.com\/wp-content\/uploads\/2021\/04\/castell-de-coll-de-som.jpg","type":"image\/jpeg"}],"author":"admin","twitter_card":"summary_large_image","twitter_misc":{"Escrit per":"admin","Temps estimat de lectura":"5 minuts"},"schema":{"@context":"https:\/\/schema.org","@graph":[{"@type":"Article","@id":"https:\/\/www.willysplan.com\/ca\/rutes\/excursio-des-del-castell-de-coll-de-som-a-la-punta-de-les-talaies#article","isPartOf":{"@id":"https:\/\/www.willysplan.com\/ca\/rutes\/excursio-des-del-castell-de-coll-de-som-a-la-punta-de-les-talaies"},"author":{"name":"admin","@id":"https:\/\/www.willysplan.com\/#\/schema\/person\/58c1527a9a42e9b18a877f14136f1d47"},"headline":"Excursi\u00f3 des del Castell de Coll de Som a la Punta de les Tal\u00e0ies","datePublished":"2021-04-06T20:49:50+00:00","dateModified":"2023-07-24T05:57:44+00:00","mainEntityOfPage":{"@id":"https:\/\/www.willysplan.com\/ca\/rutes\/excursio-des-del-castell-de-coll-de-som-a-la-punta-de-les-talaies"},"wordCount":1127,"publisher":{"@id":"https:\/\/www.willysplan.com\/#organization"},"image":{"@id":"https:\/\/www.willysplan.com\/ca\/rutes\/excursio-des-del-castell-de-coll-de-som-a-la-punta-de-les-talaies#primaryimage"},"thumbnailUrl":"https:\/\/www.willysplan.com\/wp-content\/uploads\/2021\/04\/castell-de-coll-de-som.jpg","keywords":["rutes catalunya","rutes tarragona prov\u00edncia"],"articleSection":["rutes"],"inLanguage":"ca"},{"@type":"WebPage","@id":"https:\/\/www.willysplan.com\/ca\/rutes\/excursio-des-del-castell-de-coll-de-som-a-la-punta-de-les-talaies","url":"https:\/\/www.willysplan.com\/ca\/rutes\/excursio-des-del-castell-de-coll-de-som-a-la-punta-de-les-talaies","name":"Excursi\u00f3 des de Coll de Som a la Punta de les Tal\u00e0ies \u2013 Willy's pla","isPartOf":{"@id":"https:\/\/www.willysplan.com\/#website"},"primaryImageOfPage":{"@id":"https:\/\/www.willysplan.com\/ca\/rutes\/excursio-des-del-castell-de-coll-de-som-a-la-punta-de-les-talaies#primaryimage"},"image":{"@id":"https:\/\/www.willysplan.com\/ca\/rutes\/excursio-des-del-castell-de-coll-de-som-a-la-punta-de-les-talaies#primaryimage"},"thumbnailUrl":"https:\/\/www.willysplan.com\/wp-content\/uploads\/2021\/04\/castell-de-coll-de-som.jpg","datePublished":"2021-04-06T20:49:50+00:00","dateModified":"2023-07-24T05:57:44+00:00","description":"Descobreix una ruta per fer a Tarragona. Visiteu el castell de Coll de Som, el poble de Miravet i la Punta de les Tal\u00e0ies. \u2705 Entra ara!","inLanguage":"ca","potentialAction":[{"@type":"ReadAction","target":["https:\/\/www.willysplan.com\/ca\/rutes\/excursio-des-del-castell-de-coll-de-som-a-la-punta-de-les-talaies"]}]},{"@type":"ImageObject","inLanguage":"ca","@id":"https:\/\/www.willysplan.com\/ca\/rutes\/excursio-des-del-castell-de-coll-de-som-a-la-punta-de-les-talaies#primaryimage","url":"https:\/\/www.willysplan.com\/wp-content\/uploads\/2021\/04\/castell-de-coll-de-som.jpg","contentUrl":"https:\/\/www.willysplan.com\/wp-content\/uploads\/2021\/04\/castell-de-coll-de-som.jpg","width":826,"height":577},{"@type":"WebSite","@id":"https:\/\/www.willysplan.com\/#website","url":"https:\/\/www.willysplan.com\/","name":"Willy&#039;s Plan \ud83c\udf43","description":"Escapadas y Planes de fin de semana","publisher":{"@id":"https:\/\/www.willysplan.com\/#organization"},"potentialAction":[{"@type":"SearchAction","target":{"@type":"EntryPoint","urlTemplate":"https:\/\/www.willysplan.com\/?s={search_term_string}"},"query-input":{"@type":"PropertyValueSpecification","valueRequired":true,"valueName":"search_term_string"}}],"inLanguage":"ca"},{"@type":"Organization","@id":"https:\/\/www.willysplan.com\/#organization","name":"Willy&#039;s Plan \ud83c\udf43","url":"https:\/\/www.willysplan.com\/","logo":{"@type":"ImageObject","inLanguage":"ca","@id":"https:\/\/www.willysplan.com\/#\/schema\/logo\/image\/","url":"https:\/\/www.willysplan.com\/wp-content\/uploads\/2020\/04\/cropped-logo-1.png","contentUrl":"https:\/\/www.willysplan.com\/wp-content\/uploads\/2020\/04\/cropped-logo-1.png","width":332,"height":332,"caption":"Willy&#039;s Plan \ud83c\udf43"},"image":{"@id":"https:\/\/www.willysplan.com\/#\/schema\/logo\/image\/"}},{"@type":"Person","@id":"https:\/\/www.willysplan.com\/#\/schema\/person\/58c1527a9a42e9b18a877f14136f1d47","name":"admin","image":{"@type":"ImageObject","inLanguage":"ca","@id":"https:\/\/www.willysplan.com\/#\/schema\/person\/image\/","url":"https:\/\/secure.gravatar.com\/avatar\/0b8d78e655d83cc71e0a6cd6cb0f0f99929604cd70ff0f7ac1713f248945ea9d?s=96&d=mm&r=g","contentUrl":"https:\/\/secure.gravatar.com\/avatar\/0b8d78e655d83cc71e0a6cd6cb0f0f99929604cd70ff0f7ac1713f248945ea9d?s=96&d=mm&r=g","caption":"admin"},"url":"https:\/\/www.willysplan.com\/ca\/author\/admin"}]}},"_links":{"self":[{"href":"https:\/\/www.willysplan.com\/ca\/wp-json\/wp\/v2\/posts\/16349","targetHints":{"allow":["GET"]}}],"collection":[{"href":"https:\/\/www.willysplan.com\/ca\/wp-json\/wp\/v2\/posts"}],"about":[{"href":"https:\/\/www.willysplan.com\/ca\/wp-json\/wp\/v2\/types\/post"}],"author":[{"embeddable":true,"href":"https:\/\/www.willysplan.com\/ca\/wp-json\/wp\/v2\/users\/1"}],"replies":[{"embeddable":true,"href":"https:\/\/www.willysplan.com\/ca\/wp-json\/wp\/v2\/comments?post=16349"}],"version-history":[{"count":13,"href":"https:\/\/www.willysplan.com\/ca\/wp-json\/wp\/v2\/posts\/16349\/revisions"}],"predecessor-version":[{"id":21525,"href":"https:\/\/www.willysplan.com\/ca\/wp-json\/wp\/v2\/posts\/16349\/revisions\/21525"}],"wp:featuredmedia":[{"embeddable":true,"href":"https:\/\/www.willysplan.com\/ca\/wp-json\/wp\/v2\/media\/14055"}],"wp:attachment":[{"href":"https:\/\/www.willysplan.com\/ca\/wp-json\/wp\/v2\/media?parent=16349"}],"wp:term":[{"taxonomy":"category","embeddable":true,"href":"https:\/\/www.willysplan.com\/ca\/wp-json\/wp\/v2\/categories?post=16349"},{"taxonomy":"post_tag","embeddable":true,"href":"https:\/\/www.willysplan.com\/ca\/wp-json\/wp\/v2\/tags?post=16349"}],"curies":[{"name":"wp","href":"https:\/\/api.w.org\/{rel}","templated":true}]}}