{"id":16337,"date":"2020-11-26T08:48:42","date_gmt":"2020-11-26T07:48:42","guid":{"rendered":"https:\/\/willysplan.com\/uncategorized-ca\/enoturisme-a-catalunya-les-5-millors-denominacions-dorigen"},"modified":"2023-04-14T17:46:15","modified_gmt":"2023-04-14T16:46:15","slug":"enoturisme-a-catalunya-les-5-millors-denominacions-dorigen","status":"publish","type":"post","link":"https:\/\/www.willysplan.com\/ca\/idees\/enoturisme-a-catalunya-les-5-millors-denominacions-dorigen","title":{"rendered":"Enoturisme a Catalunya: Les 5 millors denominacions d&#8217;origen"},"content":{"rendered":"\t\t<div data-elementor-type=\"wp-post\" data-elementor-id=\"16337\" class=\"elementor elementor-16337 elementor-4665\" data-elementor-post-type=\"post\">\n\t\t\t\t\t\t<section class=\"elementor-section elementor-top-section elementor-element elementor-element-671cd3c elementor-section-boxed elementor-section-height-default elementor-section-height-default\" data-id=\"671cd3c\" data-element_type=\"section\">\n\t\t\t\t\t\t<div class=\"elementor-container elementor-column-gap-default\">\n\t\t\t\t\t<div class=\"elementor-column elementor-col-100 elementor-top-column elementor-element elementor-element-eaffc38\" data-id=\"eaffc38\" data-element_type=\"column\">\n\t\t\t<div class=\"elementor-widget-wrap elementor-element-populated\">\n\t\t\t\t\t\t<div class=\"elementor-element elementor-element-ac561a4 elementor-widget elementor-widget-text-editor\" data-id=\"ac561a4\" data-element_type=\"widget\" data-widget_type=\"text-editor.default\">\n\t\t\t\t<div class=\"elementor-widget-container\">\n\t\t\t\t\t\t\t\t\t<p><span style=\"font-weight: 400;\">A Willy&#8217;s pla hem anat a rec\u00f3rrer les millors regions de producci\u00f3 vin\u00edcola de Catalunya, i per descomptat volem compartir-les amb tu en aquest article. Descobreix-ne m\u00e9s sobre vins, la denominaci\u00f3 d&#8217;origen i alguns <\/span><a href=\"https:\/\/www.avinturat.com\/\"><span style=\"font-weight: 400;\">plans d&#8217;enoturisme a Catalunya<\/span><\/a> <span style=\"font-weight: 400;\">que podeu trobar en aquesta web especialitzada en tast de vins i visites dels millors cellers vin\u00edcoles del territori catal\u00e0.<\/span><\/p>\n<p><span style=\"font-weight: 400;\">Aix\u00ed doncs, a continuaci\u00f3 us parlarem de les 5 millors denominacions d&#8217;origen o DO, si heu de fer alguna excursi\u00f3 o visita enotur\u00edstica per Catalunya:<\/span><\/p>\n\t\t\t\t\t\t\t\t<\/div>\n\t\t\t\t<\/div>\n\t\t\t\t\t<\/div>\n\t\t<\/div>\n\t\t\t\t\t<\/div>\n\t\t<\/section>\n\t\t\t\t<section class=\"elementor-section elementor-top-section elementor-element elementor-element-36fe8d4 elementor-section-boxed elementor-section-height-default elementor-section-height-default\" data-id=\"36fe8d4\" data-element_type=\"section\">\n\t\t\t\t\t\t<div class=\"elementor-container elementor-column-gap-default\">\n\t\t\t\t\t<div class=\"elementor-column elementor-col-100 elementor-top-column elementor-element elementor-element-da527a3\" data-id=\"da527a3\" data-element_type=\"column\">\n\t\t\t<div class=\"elementor-widget-wrap elementor-element-populated\">\n\t\t\t\t\t\t<div class=\"elementor-element elementor-element-005077d elementor-widget elementor-widget-heading\" data-id=\"005077d\" data-element_type=\"widget\" data-widget_type=\"heading.default\">\n\t\t\t\t<div class=\"elementor-widget-container\">\n\t\t\t\t\t<h2 class=\"elementor-heading-title elementor-size-default\">1. DO Priorat<\/h2>\t\t\t\t<\/div>\n\t\t\t\t<\/div>\n\t\t\t\t\t<\/div>\n\t\t<\/div>\n\t\t\t\t\t<\/div>\n\t\t<\/section>\n\t\t\t\t<section class=\"elementor-section elementor-top-section elementor-element elementor-element-ec7d9c0 elementor-section-boxed elementor-section-height-default elementor-section-height-default\" data-id=\"ec7d9c0\" data-element_type=\"section\">\n\t\t\t\t\t\t<div class=\"elementor-container elementor-column-gap-default\">\n\t\t\t\t\t<div class=\"elementor-column elementor-col-50 elementor-top-column elementor-element elementor-element-1bee018\" data-id=\"1bee018\" data-element_type=\"column\">\n\t\t\t<div class=\"elementor-widget-wrap elementor-element-populated\">\n\t\t\t\t\t\t<div class=\"elementor-element elementor-element-a63218a elementor-widget elementor-widget-image\" data-id=\"a63218a\" data-element_type=\"widget\" data-widget_type=\"image.default\">\n\t\t\t\t<div class=\"elementor-widget-container\">\n\t\t\t\t\t\t\t\t\t\t\t\t\t\t\t<img fetchpriority=\"high\" decoding=\"async\" width=\"1024\" height=\"552\" src=\"https:\/\/www.willysplan.com\/wp-content\/uploads\/2020\/11\/do-el-priorat-1024x552.jpg\" class=\"attachment-large size-large wp-image-13475\" alt=\"\" srcset=\"https:\/\/www.willysplan.com\/wp-content\/uploads\/2020\/11\/do-el-priorat-1024x552.jpg 1024w, https:\/\/www.willysplan.com\/wp-content\/uploads\/2020\/11\/do-el-priorat-300x162.jpg 300w, https:\/\/www.willysplan.com\/wp-content\/uploads\/2020\/11\/do-el-priorat-768x414.jpg 768w, https:\/\/www.willysplan.com\/wp-content\/uploads\/2020\/11\/do-el-priorat-960x517.jpg 960w, https:\/\/www.willysplan.com\/wp-content\/uploads\/2020\/11\/do-el-priorat-743x400.jpg 743w, https:\/\/www.willysplan.com\/wp-content\/uploads\/2020\/11\/do-el-priorat-585x315.jpg 585w, https:\/\/www.willysplan.com\/wp-content\/uploads\/2020\/11\/do-el-priorat-600x323.jpg 600w, https:\/\/www.willysplan.com\/wp-content\/uploads\/2020\/11\/do-el-priorat.jpg 1034w\" sizes=\"(max-width: 1024px) 100vw, 1024px\" \/>\t\t\t\t\t\t\t\t\t\t\t\t\t\t\t<\/div>\n\t\t\t\t<\/div>\n\t\t\t\t\t<\/div>\n\t\t<\/div>\n\t\t\t\t<div class=\"elementor-column elementor-col-50 elementor-top-column elementor-element elementor-element-8fdc606\" data-id=\"8fdc606\" data-element_type=\"column\">\n\t\t\t<div class=\"elementor-widget-wrap elementor-element-populated\">\n\t\t\t\t\t\t<div class=\"elementor-element elementor-element-e4b3fd9 elementor-widget elementor-widget-google_maps\" data-id=\"e4b3fd9\" data-element_type=\"widget\" data-widget_type=\"google_maps.default\">\n\t\t\t\t<div class=\"elementor-widget-container\">\n\t\t\t\t\t\t\t<div class=\"elementor-custom-embed\">\n\t\t\t<iframe loading=\"lazy\"\n\t\t\t\t\tsrc=\"https:\/\/maps.google.com\/maps?q=priorat&#038;t=m&#038;z=10&#038;output=embed&#038;iwloc=near\"\n\t\t\t\t\ttitle=\"priorat\"\n\t\t\t\t\taria-label=\"priorat\"\n\t\t\t><\/iframe>\n\t\t<\/div>\n\t\t\t\t\t\t<\/div>\n\t\t\t\t<\/div>\n\t\t\t\t\t<\/div>\n\t\t<\/div>\n\t\t\t\t\t<\/div>\n\t\t<\/section>\n\t\t\t\t<section class=\"elementor-section elementor-top-section elementor-element elementor-element-4e88c10 elementor-section-boxed elementor-section-height-default elementor-section-height-default\" data-id=\"4e88c10\" data-element_type=\"section\">\n\t\t\t\t\t\t<div class=\"elementor-container elementor-column-gap-default\">\n\t\t\t\t\t<div class=\"elementor-column elementor-col-100 elementor-top-column elementor-element elementor-element-8ccc3a4\" data-id=\"8ccc3a4\" data-element_type=\"column\">\n\t\t\t<div class=\"elementor-widget-wrap elementor-element-populated\">\n\t\t\t\t\t\t<div class=\"elementor-element elementor-element-39dc59f elementor-widget elementor-widget-text-editor\" data-id=\"39dc59f\" data-element_type=\"widget\" data-widget_type=\"text-editor.default\">\n\t\t\t\t<div class=\"elementor-widget-container\">\n\t\t\t\t\t\t\t\t\t<p><span style=\"font-weight: 400;\">Iniciem aquest exquisit<\/span> <span style=\"font-weight: 400;\">tast de vins per Catalunya<\/span> <span style=\"font-weight: 400;\">, a la prov\u00edncia de Tarragona, on es cultiva la major quantitat de vins de denominaci\u00f3 Priorat (sent coneguts els vins d&#8217;aquesta zona, com DOC o<\/span> <span style=\"font-weight: 400;\">Denominaci\u00f3 d&#8217;Origen Qualificada)<\/span><span style=\"font-weight: 400;\">. Aquesta valoraci\u00f3 \u00e9s coneguda per la m\u00e0xima qualitat d&#8217;origen qualificada i \u00e9s cultivada en una de les regions muntanyoses m\u00e9s productives de Catalunya. <\/span><\/p>\n<p><span style=\"font-weight: 400;\">En sembrar-se en s\u00f2ls pissarrosos, m\u00e9s coneguts a la ind\u00fastria com \u201cllicorelles\u201d, aquest tipus de vi de muntanyes, es desenvolupa enmig de zones muntanyoses de vessants escarpats, una infinitat de fusta al seu voltant i un clima temperat sec, que sol veure&#8217;s molt marcat, tant al dia, com a la nit.<\/span><\/p>\n<p><span style=\"font-weight: 400;\">La major part de les vinyes d&#8217;aquesta regi\u00f3 es troben en altituds que oscil\u00b7len entre els 100m i els 700m d&#8217;al\u00e7ada i es cultiven al voltant de 15<\/span><span style=\"font-weight: 400;\">\u00b0C de mitjana a l&#8217;any. Sens dubte, un lloc d&#8217;estius llargs i calorosos i hiverns freds, que s\u00f3n ideals per al seu cultiu.<\/span><\/p>\n<p><span style=\"font-weight: 400;\">Les principals protagonistes d&#8217;aquests elixirs de vi negre s\u00f3n: el Ra\u00efm Carinyena i la Garnatxa negra. No obstant aix\u00f2, en poca mesura s\u00f3n utilitzats el ra\u00efm cabernet sauvignon, merlot i syrah. Donant-los a aquesta denominaci\u00f3 un color granat preci\u00f3s, una intensa aroma que s&#8217;acompanya d&#8217;un alt grau d&#8217;alcohol i un sabor ric i dens que es dilueix al paladar.<\/span><\/p>\n<p><span style=\"font-weight: 400;\">Mentre que als vins blancs, la garnatxa blanca, el macabeu i el ra\u00efm Pedro Xim\u00e9nez; li donen el toc dol\u00e7 i espurnejant als vins Priorat.<\/span><\/p>\n\t\t\t\t\t\t\t\t<\/div>\n\t\t\t\t<\/div>\n\t\t\t\t\t<\/div>\n\t\t<\/div>\n\t\t\t\t\t<\/div>\n\t\t<\/section>\n\t\t\t\t<section class=\"elementor-section elementor-top-section elementor-element elementor-element-cf26dc9 elementor-section-boxed elementor-section-height-default elementor-section-height-default\" data-id=\"cf26dc9\" data-element_type=\"section\">\n\t\t\t\t\t\t<div class=\"elementor-container elementor-column-gap-default\">\n\t\t\t\t\t<div class=\"elementor-column elementor-col-100 elementor-top-column elementor-element elementor-element-5689fda\" data-id=\"5689fda\" data-element_type=\"column\">\n\t\t\t<div class=\"elementor-widget-wrap elementor-element-populated\">\n\t\t\t\t\t\t<div class=\"elementor-element elementor-element-ec10ffc elementor-widget elementor-widget-heading\" data-id=\"ec10ffc\" data-element_type=\"widget\" data-widget_type=\"heading.default\">\n\t\t\t\t<div class=\"elementor-widget-container\">\n\t\t\t\t\t<h2 class=\"elementor-heading-title elementor-size-default\">2. DO Pened\u00e8s<\/h2>\t\t\t\t<\/div>\n\t\t\t\t<\/div>\n\t\t\t\t\t<\/div>\n\t\t<\/div>\n\t\t\t\t\t<\/div>\n\t\t<\/section>\n\t\t\t\t<section class=\"elementor-section elementor-top-section elementor-element elementor-element-36de432 elementor-section-boxed elementor-section-height-default elementor-section-height-default\" data-id=\"36de432\" data-element_type=\"section\">\n\t\t\t\t\t\t<div class=\"elementor-container elementor-column-gap-default\">\n\t\t\t\t\t<div class=\"elementor-column elementor-col-50 elementor-top-column elementor-element elementor-element-30a85ea\" data-id=\"30a85ea\" data-element_type=\"column\">\n\t\t\t<div class=\"elementor-widget-wrap elementor-element-populated\">\n\t\t\t\t\t\t<div class=\"elementor-element elementor-element-254baa4 elementor-widget elementor-widget-image\" data-id=\"254baa4\" data-element_type=\"widget\" data-widget_type=\"image.default\">\n\t\t\t\t<div class=\"elementor-widget-container\">\n\t\t\t\t\t\t\t\t\t\t\t\t\t\t\t<img decoding=\"async\" width=\"768\" height=\"576\" src=\"https:\/\/www.willysplan.com\/wp-content\/uploads\/2020\/11\/do-penedes-768x576.jpg\" class=\"attachment-medium_large size-medium_large wp-image-13473\" alt=\"do pened\u00e8s\" srcset=\"https:\/\/www.willysplan.com\/wp-content\/uploads\/2020\/11\/do-penedes-768x576.jpg 768w, https:\/\/www.willysplan.com\/wp-content\/uploads\/2020\/11\/do-penedes-300x225.jpg 300w, https:\/\/www.willysplan.com\/wp-content\/uploads\/2020\/11\/do-penedes-760x570.jpg 760w, https:\/\/www.willysplan.com\/wp-content\/uploads\/2020\/11\/do-penedes-533x400.jpg 533w, https:\/\/www.willysplan.com\/wp-content\/uploads\/2020\/11\/do-penedes-585x439.jpg 585w, https:\/\/www.willysplan.com\/wp-content\/uploads\/2020\/11\/do-penedes-600x450.jpg 600w, https:\/\/www.willysplan.com\/wp-content\/uploads\/2020\/11\/do-penedes.jpg 800w\" sizes=\"(max-width: 768px) 100vw, 768px\" \/>\t\t\t\t\t\t\t\t\t\t\t\t\t\t\t<\/div>\n\t\t\t\t<\/div>\n\t\t\t\t\t<\/div>\n\t\t<\/div>\n\t\t\t\t<div class=\"elementor-column elementor-col-50 elementor-top-column elementor-element elementor-element-391cda5\" data-id=\"391cda5\" data-element_type=\"column\">\n\t\t\t<div class=\"elementor-widget-wrap elementor-element-populated\">\n\t\t\t\t\t\t<div class=\"elementor-element elementor-element-b390bb5 elementor-widget elementor-widget-google_maps\" data-id=\"b390bb5\" data-element_type=\"widget\" data-widget_type=\"google_maps.default\">\n\t\t\t\t<div class=\"elementor-widget-container\">\n\t\t\t\t\t\t\t<div class=\"elementor-custom-embed\">\n\t\t\t<iframe loading=\"lazy\"\n\t\t\t\t\tsrc=\"https:\/\/maps.google.com\/maps?q=penedes&#038;t=m&#038;z=10&#038;output=embed&#038;iwloc=near\"\n\t\t\t\t\ttitle=\"penedes\"\n\t\t\t\t\taria-label=\"penedes\"\n\t\t\t><\/iframe>\n\t\t<\/div>\n\t\t\t\t\t\t<\/div>\n\t\t\t\t<\/div>\n\t\t\t\t\t<\/div>\n\t\t<\/div>\n\t\t\t\t\t<\/div>\n\t\t<\/section>\n\t\t\t\t<section class=\"elementor-section elementor-top-section elementor-element elementor-element-090337d elementor-section-boxed elementor-section-height-default elementor-section-height-default\" data-id=\"090337d\" data-element_type=\"section\">\n\t\t\t\t\t\t<div class=\"elementor-container elementor-column-gap-default\">\n\t\t\t\t\t<div class=\"elementor-column elementor-col-100 elementor-top-column elementor-element elementor-element-10259a1\" data-id=\"10259a1\" data-element_type=\"column\">\n\t\t\t<div class=\"elementor-widget-wrap elementor-element-populated\">\n\t\t\t\t\t\t<div class=\"elementor-element elementor-element-67842ef elementor-widget elementor-widget-text-editor\" data-id=\"67842ef\" data-element_type=\"widget\" data-widget_type=\"text-editor.default\">\n\t\t\t\t<div class=\"elementor-widget-container\">\n\t\t\t\t\t\t\t\t\t<p><span style=\"font-weight: 400;\">Sota el s\u00f2l de la regi\u00f3 que porta el mateix nom, es cultiva una de les denominacions de vi m\u00e9s exquisides d&#8217;Espanya. Pened\u00e8s<\/span> <span style=\"font-weight: 400;\">\u00e9s reconegut per produir la millor cava del m\u00f3n i per reduir els seus convidats, amb els millors tasts de vi de Catalunya.<\/span><\/p>\n<p><span style=\"font-weight: 400;\">Els seus vins blancs s\u00f3n els preferits dels coneixedors d&#8217;aquesta ind\u00fastria, destacant-se per la seva atractiva lleugeresa, el sabor arom\u00e0tic i el cos irrisori. Entre ells es destaquen els tradicionals Xarel\u00b7lo, Macabeu, Parellada i els m\u00e9s caracter\u00edstics de la regi\u00f3 com la Malvasia de Sitges, el Sauvignon Blanco i el Riesling.<\/span><\/p>\n<p><span style=\"font-weight: 400;\"> El vi negre, encara que es produeix en poques quantitats, tamb\u00e9 sol ser de gran qualitat. Aquests solen ser lleugers i intensos. S&#8217;elaboren des d&#8217;Ull de Llebre, el Sams\u00f3, la Garnatxa, el Monastrell, el Merlot, el Cabernet Sauvignon, la Syrah, fins al Pinot Noir.<\/span><\/p>\n<p><span style=\"font-weight: 400;\">El secret d&#8217;aquesta denominaci\u00f3 rau en el s\u00f2l ric en f\u00f2sfor i potassi, que predomina als turons i valls inclinats que recorren la regi\u00f3, arribant a la riba del mediterrani i els rius que l&#8217;envolten, que brinden un espai sorrenc i calcari al cultiu aquesta denominaci\u00f3. <\/span><\/p>\n<p><span style=\"font-weight: 400;\">Si hi ha un lloc que no us podeu perdre en aquesta<\/span> <span style=\"font-weight: 400;\">escapada d&#8217;enoturisme per Catalunya<\/span><span style=\"font-weight: 400;\">, \u00e9s la visita al museu del vi de Vilafranca del Pened\u00e8s. Aqu\u00ed podr\u00e0s con\u00e8ixer la hist\u00f2ria de la regi\u00f3 i la veritable evoluci\u00f3 del vi de la regi\u00f3 i con\u00e8ixer com aquesta regi\u00f3 es va convertir en pionera en sistemes de control i fabricaci\u00f3 de vi.<\/span><\/p>\n\t\t\t\t\t\t\t\t<\/div>\n\t\t\t\t<\/div>\n\t\t\t\t\t<\/div>\n\t\t<\/div>\n\t\t\t\t\t<\/div>\n\t\t<\/section>\n\t\t\t\t<section class=\"elementor-section elementor-top-section elementor-element elementor-element-228dd78 elementor-section-boxed elementor-section-height-default elementor-section-height-default\" data-id=\"228dd78\" data-element_type=\"section\">\n\t\t\t\t\t\t<div class=\"elementor-container elementor-column-gap-default\">\n\t\t\t\t\t<div class=\"elementor-column elementor-col-100 elementor-top-column elementor-element elementor-element-6fe37a6\" data-id=\"6fe37a6\" data-element_type=\"column\">\n\t\t\t<div class=\"elementor-widget-wrap elementor-element-populated\">\n\t\t\t\t\t\t<div class=\"elementor-element elementor-element-c9dcbd0 elementor-widget elementor-widget-heading\" data-id=\"c9dcbd0\" data-element_type=\"widget\" data-widget_type=\"heading.default\">\n\t\t\t\t<div class=\"elementor-widget-container\">\n\t\t\t\t\t<h2 class=\"elementor-heading-title elementor-size-default\">3. DO Alella<\/h2>\t\t\t\t<\/div>\n\t\t\t\t<\/div>\n\t\t\t\t\t<\/div>\n\t\t<\/div>\n\t\t\t\t\t<\/div>\n\t\t<\/section>\n\t\t\t\t<section class=\"elementor-section elementor-top-section elementor-element elementor-element-9dde891 elementor-section-boxed elementor-section-height-default elementor-section-height-default\" data-id=\"9dde891\" data-element_type=\"section\">\n\t\t\t\t\t\t<div class=\"elementor-container elementor-column-gap-default\">\n\t\t\t\t\t<div class=\"elementor-column elementor-col-50 elementor-top-column elementor-element elementor-element-efd1b5f\" data-id=\"efd1b5f\" data-element_type=\"column\">\n\t\t\t<div class=\"elementor-widget-wrap elementor-element-populated\">\n\t\t\t\t\t\t<div class=\"elementor-element elementor-element-52923a4 elementor-widget elementor-widget-image\" data-id=\"52923a4\" data-element_type=\"widget\" data-widget_type=\"image.default\">\n\t\t\t\t<div class=\"elementor-widget-container\">\n\t\t\t\t\t\t\t\t\t\t\t\t\t\t\t<img decoding=\"async\" width=\"910\" height=\"500\" src=\"https:\/\/www.willysplan.com\/wp-content\/uploads\/2020\/11\/do-alella.jpg\" class=\"attachment-large size-large wp-image-13471\" alt=\"\" srcset=\"https:\/\/www.willysplan.com\/wp-content\/uploads\/2020\/11\/do-alella.jpg 910w, https:\/\/www.willysplan.com\/wp-content\/uploads\/2020\/11\/do-alella-300x165.jpg 300w, https:\/\/www.willysplan.com\/wp-content\/uploads\/2020\/11\/do-alella-768x422.jpg 768w, https:\/\/www.willysplan.com\/wp-content\/uploads\/2020\/11\/do-alella-728x400.jpg 728w, https:\/\/www.willysplan.com\/wp-content\/uploads\/2020\/11\/do-alella-585x321.jpg 585w, https:\/\/www.willysplan.com\/wp-content\/uploads\/2020\/11\/do-alella-600x330.jpg 600w\" sizes=\"(max-width: 910px) 100vw, 910px\" \/>\t\t\t\t\t\t\t\t\t\t\t\t\t\t\t<\/div>\n\t\t\t\t<\/div>\n\t\t\t\t\t<\/div>\n\t\t<\/div>\n\t\t\t\t<div class=\"elementor-column elementor-col-50 elementor-top-column elementor-element elementor-element-a40f723\" data-id=\"a40f723\" data-element_type=\"column\">\n\t\t\t<div class=\"elementor-widget-wrap elementor-element-populated\">\n\t\t\t\t\t\t<div class=\"elementor-element elementor-element-8ebd04f elementor-widget elementor-widget-google_maps\" data-id=\"8ebd04f\" data-element_type=\"widget\" data-widget_type=\"google_maps.default\">\n\t\t\t\t<div class=\"elementor-widget-container\">\n\t\t\t\t\t\t\t<div class=\"elementor-custom-embed\">\n\t\t\t<iframe loading=\"lazy\"\n\t\t\t\t\tsrc=\"https:\/\/maps.google.com\/maps?q=alella&#038;t=m&#038;z=10&#038;output=embed&#038;iwloc=near\"\n\t\t\t\t\ttitle=\"alella\"\n\t\t\t\t\taria-label=\"alella\"\n\t\t\t><\/iframe>\n\t\t<\/div>\n\t\t\t\t\t\t<\/div>\n\t\t\t\t<\/div>\n\t\t\t\t\t<\/div>\n\t\t<\/div>\n\t\t\t\t\t<\/div>\n\t\t<\/section>\n\t\t\t\t<section class=\"elementor-section elementor-top-section elementor-element elementor-element-649f78d elementor-section-boxed elementor-section-height-default elementor-section-height-default\" data-id=\"649f78d\" data-element_type=\"section\">\n\t\t\t\t\t\t<div class=\"elementor-container elementor-column-gap-default\">\n\t\t\t\t\t<div class=\"elementor-column elementor-col-100 elementor-top-column elementor-element elementor-element-bd8f266\" data-id=\"bd8f266\" data-element_type=\"column\">\n\t\t\t<div class=\"elementor-widget-wrap elementor-element-populated\">\n\t\t\t\t\t\t<div class=\"elementor-element elementor-element-6131457 elementor-widget elementor-widget-text-editor\" data-id=\"6131457\" data-element_type=\"widget\" data-widget_type=\"text-editor.default\">\n\t\t\t\t<div class=\"elementor-widget-container\">\n\t\t\t\t\t\t\t\t\t<p><span style=\"font-weight: 400;\">Coneixent m\u00e9s a fons l&#8217;<\/span> <span style=\"font-weight: 400;\">enoturisme de Catalunya<\/span><span style=\"font-weight: 400;\">, descobrim una de les DO, m\u00e9s antigues i petites de Catalunya. El seu origen es remunta a l&#8217;edat mitjana, \u00e8poca en qu\u00e8 els vins d&#8217;aquesta regi\u00f3 eren els m\u00e9s vinguts de gust pels barcelonins, per la seva excel\u00b7lent qualitat i tradici\u00f3, conservada al llarg del temps.<\/span><\/p>\n<p><span style=\"font-weight: 400;\">La denominaci\u00f3 d&#8217;origen Alella, es caracteritza per la maduraci\u00f3 fina i exquisida del ra\u00efm, que aporta als vins. Els sabors caracter\u00edstics d\u201faquesta denominaci\u00f3 exalten els sentits amb una suavitat indescriptible i una acidesa moderada. <\/span><\/p>\n<p><span style=\"font-weight: 400;\">La varietat de vins blancs \u00e9s infinita. En aquesta parada del nostre recorregut pel <\/span><span style=\"font-weight: 400;\">enoturisme de Catalunya<\/span> <span style=\"font-weight: 400;\">, pots trobar vins de Picapoll, la Malvasia, la Parellada, el Macabeu, el Chardonnay, el Chenin, el Sauvignon i el Moscatell.<\/span> <\/p>\n<p><span style=\"font-weight: 400;\">Mentrestant, entre els vins negres es destaquen el: Merlot, el Cabernet Suavignon, el Pinot Noir i alguns a for\u00e7a de Garnatxa negra i peluda.<\/span><\/p>\n<p><span style=\"font-weight: 400;\">Sens dubte, una denominaci\u00f3 per gaudir, deixar-se portar els sentits i viure experi\u00e8ncies inoblidables, que nom\u00e9s el<\/span> <span style=\"font-weight: 400;\">turisme enol\u00f2gic et<\/span> <span style=\"font-weight: 400;\">pot oferir.<\/span><\/p>\n\t\t\t\t\t\t\t\t<\/div>\n\t\t\t\t<\/div>\n\t\t\t\t\t<\/div>\n\t\t<\/div>\n\t\t\t\t\t<\/div>\n\t\t<\/section>\n\t\t\t\t<section class=\"elementor-section elementor-top-section elementor-element elementor-element-934cfa6 elementor-section-boxed elementor-section-height-default elementor-section-height-default\" data-id=\"934cfa6\" data-element_type=\"section\">\n\t\t\t\t\t\t<div class=\"elementor-container elementor-column-gap-default\">\n\t\t\t\t\t<div class=\"elementor-column elementor-col-100 elementor-top-column elementor-element elementor-element-6d28942\" data-id=\"6d28942\" data-element_type=\"column\">\n\t\t\t<div class=\"elementor-widget-wrap elementor-element-populated\">\n\t\t\t\t\t\t<div class=\"elementor-element elementor-element-24f2b10 elementor-widget elementor-widget-heading\" data-id=\"24f2b10\" data-element_type=\"widget\" data-widget_type=\"heading.default\">\n\t\t\t\t<div class=\"elementor-widget-container\">\n\t\t\t\t\t<h2 class=\"elementor-heading-title elementor-size-default\">4. DO Empord\u00e0<\/h2>\t\t\t\t<\/div>\n\t\t\t\t<\/div>\n\t\t\t\t\t<\/div>\n\t\t<\/div>\n\t\t\t\t\t<\/div>\n\t\t<\/section>\n\t\t\t\t<section class=\"elementor-section elementor-top-section elementor-element elementor-element-5a266e9 elementor-section-boxed elementor-section-height-default elementor-section-height-default\" data-id=\"5a266e9\" data-element_type=\"section\">\n\t\t\t\t\t\t<div class=\"elementor-container elementor-column-gap-default\">\n\t\t\t\t\t<div class=\"elementor-column elementor-col-50 elementor-top-column elementor-element elementor-element-8ca8f7f\" data-id=\"8ca8f7f\" data-element_type=\"column\">\n\t\t\t<div class=\"elementor-widget-wrap elementor-element-populated\">\n\t\t\t\t\t\t<div class=\"elementor-element elementor-element-55b0b90 elementor-widget elementor-widget-image\" data-id=\"55b0b90\" data-element_type=\"widget\" data-widget_type=\"image.default\">\n\t\t\t\t<div class=\"elementor-widget-container\">\n\t\t\t\t\t\t\t\t\t\t\t\t\t\t\t<img loading=\"lazy\" decoding=\"async\" width=\"828\" height=\"574\" src=\"https:\/\/www.willysplan.com\/wp-content\/uploads\/2020\/11\/do-emporda.jpg\" class=\"attachment-large size-large wp-image-13469\" alt=\"\" srcset=\"https:\/\/www.willysplan.com\/wp-content\/uploads\/2020\/11\/do-emporda.jpg 828w, https:\/\/www.willysplan.com\/wp-content\/uploads\/2020\/11\/do-emporda-300x208.jpg 300w, https:\/\/www.willysplan.com\/wp-content\/uploads\/2020\/11\/do-emporda-768x532.jpg 768w, https:\/\/www.willysplan.com\/wp-content\/uploads\/2020\/11\/do-emporda-577x400.jpg 577w, https:\/\/www.willysplan.com\/wp-content\/uploads\/2020\/11\/do-emporda-585x406.jpg 585w, https:\/\/www.willysplan.com\/wp-content\/uploads\/2020\/11\/do-emporda-600x416.jpg 600w\" sizes=\"(max-width: 828px) 100vw, 828px\" \/>\t\t\t\t\t\t\t\t\t\t\t\t\t\t\t<\/div>\n\t\t\t\t<\/div>\n\t\t\t\t\t<\/div>\n\t\t<\/div>\n\t\t\t\t<div class=\"elementor-column elementor-col-50 elementor-top-column elementor-element elementor-element-3e5315c\" data-id=\"3e5315c\" data-element_type=\"column\">\n\t\t\t<div class=\"elementor-widget-wrap elementor-element-populated\">\n\t\t\t\t\t\t<div class=\"elementor-element elementor-element-2ac84a8 elementor-widget elementor-widget-google_maps\" data-id=\"2ac84a8\" data-element_type=\"widget\" data-widget_type=\"google_maps.default\">\n\t\t\t\t<div class=\"elementor-widget-container\">\n\t\t\t\t\t\t\t<div class=\"elementor-custom-embed\">\n\t\t\t<iframe loading=\"lazy\"\n\t\t\t\t\tsrc=\"https:\/\/maps.google.com\/maps?q=empord%C3%A0&#038;t=m&#038;z=10&#038;output=embed&#038;iwloc=near\"\n\t\t\t\t\ttitle=\"empord\u00e0\"\n\t\t\t\t\taria-label=\"empord\u00e0\"\n\t\t\t><\/iframe>\n\t\t<\/div>\n\t\t\t\t\t\t<\/div>\n\t\t\t\t<\/div>\n\t\t\t\t\t<\/div>\n\t\t<\/div>\n\t\t\t\t\t<\/div>\n\t\t<\/section>\n\t\t\t\t<section class=\"elementor-section elementor-top-section elementor-element elementor-element-7dd4d6d elementor-section-boxed elementor-section-height-default elementor-section-height-default\" data-id=\"7dd4d6d\" data-element_type=\"section\">\n\t\t\t\t\t\t<div class=\"elementor-container elementor-column-gap-default\">\n\t\t\t\t\t<div class=\"elementor-column elementor-col-100 elementor-top-column elementor-element elementor-element-eab2445\" data-id=\"eab2445\" data-element_type=\"column\">\n\t\t\t<div class=\"elementor-widget-wrap elementor-element-populated\">\n\t\t\t\t\t\t<div class=\"elementor-element elementor-element-fc5f76d elementor-widget elementor-widget-text-editor\" data-id=\"fc5f76d\" data-element_type=\"widget\" data-widget_type=\"text-editor.default\">\n\t\t\t\t<div class=\"elementor-widget-container\">\n\t\t\t\t\t\t\t\t\t<p><span style=\"font-weight: 400;\">A la nostra<\/span> <span style=\"font-weight: 400;\">visita pels cellers de Catalunya<\/span><span style=\"font-weight: 400;\">, vam tenir el plaer de degustar una de les denominacions de vi negre, m\u00e9s exquisida d&#8217;Espanya. Per aix\u00f2 arribem a la regi\u00f3 de l&#8217;Alt i el Baix Empord\u00e0, a Catalunya. <\/span><\/p>\n<p><span style=\"font-weight: 400;\">Aquesta regi\u00f3 es destaca al gremi de la vinicultura, per tenir m\u00e9s de 2000 vinyes, distribu\u00efdes en tot el seu haver i per tenir un dels s\u00f2ls de pissarra i granit, m\u00e9s f\u00e8rtils de tot el territori. <\/span><\/p>\n<p><span style=\"font-weight: 400;\">Aix\u00ed mateix, la captivadora geografia catalana, li regala a aquesta regi\u00f3 des de planes al\u00b7luvials, fins a faldilles muntanyenques, que presten el seu s\u00f2l, per al cultiu de les vinyes.<\/span><\/p>\n<p><span style=\"font-weight: 400;\">Una altra de les caracter\u00edstiques d&#8217;aquesta zona \u00e9s el seu magn\u00edfic clima. Amb temperatures que oscil\u00b7len des dels 14\u00baC als 16\u00baC, la major part de l&#8217;any, contribuint al bon estat de les vinyes i donen origen a vins exquisits.<\/span><\/p>\n<p><span style=\"font-weight: 400;\">El vi Do Empord\u00e0 \u00e9s un vi molt singular. Acostuma a ser un vi dol\u00e7 i veritablement natural, provinent de la Garnatxa de l&#8217;Empord\u00e0. La varietat de ra\u00efms permeten el cultiu i fabricaci\u00f3 de vins, com el: cabernet sauvignon, cabernet franc, merlot, monastrell, syrah, ull de llebre i garnatxa peluda.<\/span><\/p>\n<p><span style=\"font-weight: 400;\">Per la seva banda els vins blancs, fan pres\u00e8ncia amb els Chardonnay, Gewurztraminer, Malvasia, Moscatell de Gra Petit, Picapoll Blanc, Sauvignon Blanc i Xarel\u00b7lo; provinents del ra\u00efm t\u00edpic de la regi\u00f3 com: el macabeu, garnatxa blanca i moscatell d&#8217;Alexandria.<\/span><\/p>\n\t\t\t\t\t\t\t\t<\/div>\n\t\t\t\t<\/div>\n\t\t\t\t\t<\/div>\n\t\t<\/div>\n\t\t\t\t\t<\/div>\n\t\t<\/section>\n\t\t\t\t<section class=\"elementor-section elementor-top-section elementor-element elementor-element-463b1d6 elementor-section-boxed elementor-section-height-default elementor-section-height-default\" data-id=\"463b1d6\" data-element_type=\"section\">\n\t\t\t\t\t\t<div class=\"elementor-container elementor-column-gap-default\">\n\t\t\t\t\t<div class=\"elementor-column elementor-col-100 elementor-top-column elementor-element elementor-element-906796f\" data-id=\"906796f\" data-element_type=\"column\">\n\t\t\t<div class=\"elementor-widget-wrap elementor-element-populated\">\n\t\t\t\t\t\t<div class=\"elementor-element elementor-element-add74af elementor-widget elementor-widget-heading\" data-id=\"add74af\" data-element_type=\"widget\" data-widget_type=\"heading.default\">\n\t\t\t\t<div class=\"elementor-widget-container\">\n\t\t\t\t\t<h2 class=\"elementor-heading-title elementor-size-default\">5. DO Montsant<\/h2>\t\t\t\t<\/div>\n\t\t\t\t<\/div>\n\t\t\t\t\t<\/div>\n\t\t<\/div>\n\t\t\t\t\t<\/div>\n\t\t<\/section>\n\t\t\t\t<section class=\"elementor-section elementor-top-section elementor-element elementor-element-17f4fe2 elementor-section-boxed elementor-section-height-default elementor-section-height-default\" data-id=\"17f4fe2\" data-element_type=\"section\">\n\t\t\t\t\t\t<div class=\"elementor-container elementor-column-gap-default\">\n\t\t\t\t\t<div class=\"elementor-column elementor-col-50 elementor-top-column elementor-element elementor-element-e70c3b5\" data-id=\"e70c3b5\" data-element_type=\"column\">\n\t\t\t<div class=\"elementor-widget-wrap elementor-element-populated\">\n\t\t\t\t\t\t<div class=\"elementor-element elementor-element-6952af3 elementor-widget elementor-widget-image\" data-id=\"6952af3\" data-element_type=\"widget\" data-widget_type=\"image.default\">\n\t\t\t\t<div class=\"elementor-widget-container\">\n\t\t\t\t\t\t\t\t\t\t\t\t\t\t\t<img loading=\"lazy\" decoding=\"async\" width=\"933\" height=\"574\" src=\"https:\/\/www.willysplan.com\/wp-content\/uploads\/2020\/11\/DO-Montsant.jpg\" class=\"attachment-large size-large wp-image-13467\" alt=\"\" srcset=\"https:\/\/www.willysplan.com\/wp-content\/uploads\/2020\/11\/DO-Montsant.jpg 933w, https:\/\/www.willysplan.com\/wp-content\/uploads\/2020\/11\/DO-Montsant-300x185.jpg 300w, https:\/\/www.willysplan.com\/wp-content\/uploads\/2020\/11\/DO-Montsant-768x472.jpg 768w, https:\/\/www.willysplan.com\/wp-content\/uploads\/2020\/11\/DO-Montsant-650x400.jpg 650w, https:\/\/www.willysplan.com\/wp-content\/uploads\/2020\/11\/DO-Montsant-585x360.jpg 585w, https:\/\/www.willysplan.com\/wp-content\/uploads\/2020\/11\/DO-Montsant-600x369.jpg 600w\" sizes=\"(max-width: 933px) 100vw, 933px\" \/>\t\t\t\t\t\t\t\t\t\t\t\t\t\t\t<\/div>\n\t\t\t\t<\/div>\n\t\t\t\t\t<\/div>\n\t\t<\/div>\n\t\t\t\t<div class=\"elementor-column elementor-col-50 elementor-top-column elementor-element elementor-element-4eea298\" data-id=\"4eea298\" data-element_type=\"column\">\n\t\t\t<div class=\"elementor-widget-wrap elementor-element-populated\">\n\t\t\t\t\t\t<div class=\"elementor-element elementor-element-d04aa7e elementor-widget elementor-widget-google_maps\" data-id=\"d04aa7e\" data-element_type=\"widget\" data-widget_type=\"google_maps.default\">\n\t\t\t\t<div class=\"elementor-widget-container\">\n\t\t\t\t\t\t\t<div class=\"elementor-custom-embed\">\n\t\t\t<iframe loading=\"lazy\"\n\t\t\t\t\tsrc=\"https:\/\/maps.google.com\/maps?q=montsant&#038;t=m&#038;z=10&#038;output=embed&#038;iwloc=near\"\n\t\t\t\t\ttitle=\"montsant\"\n\t\t\t\t\taria-label=\"montsant\"\n\t\t\t><\/iframe>\n\t\t<\/div>\n\t\t\t\t\t\t<\/div>\n\t\t\t\t<\/div>\n\t\t\t\t\t<\/div>\n\t\t<\/div>\n\t\t\t\t\t<\/div>\n\t\t<\/section>\n\t\t\t\t<section class=\"elementor-section elementor-top-section elementor-element elementor-element-9e9ef71 elementor-section-boxed elementor-section-height-default elementor-section-height-default\" data-id=\"9e9ef71\" data-element_type=\"section\">\n\t\t\t\t\t\t<div class=\"elementor-container elementor-column-gap-default\">\n\t\t\t\t\t<div class=\"elementor-column elementor-col-100 elementor-top-column elementor-element elementor-element-5ca7731\" data-id=\"5ca7731\" data-element_type=\"column\">\n\t\t\t<div class=\"elementor-widget-wrap elementor-element-populated\">\n\t\t\t\t\t\t<div class=\"elementor-element elementor-element-1aafa5b elementor-widget elementor-widget-text-editor\" data-id=\"1aafa5b\" data-element_type=\"widget\" data-widget_type=\"text-editor.default\">\n\t\t\t\t<div class=\"elementor-widget-container\">\n\t\t\t\t\t\t\t\t\t<p><span style=\"font-weight: 400;\">Per \u00faltim i no menys important, arribem a la denominaci\u00f3 d\u00b4origen Montsant. Aquest tipus de vins es caracteritza pel seu alt grau de mistela i el seu particular gust de ranci. Tant en blancs com negres, el grau d&#8217;alcohol d&#8217;aquests vins sol estar entre un 15% i un 20% i la seva gran majoria s\u00f3n a base de Ra\u00efm Garnatxa i Carinyena.<\/span><\/p>\n<p><span style=\"font-weight: 400;\">Com moltes regions de Catalunya, aquesta denominaci\u00f3 es cultiva en s\u00f2ls gran\u00edtics i pissarrosos, entre els 200 i 700 metres d&#8217;altitud i temperatures mitjanes de 15\u00baC, durant la major part de l&#8217;any.<\/span><\/p>\n<p><span style=\"font-weight: 400;\">El major atractiu dels vins de Montsant, \u00e9s la varietat de ra\u00efm garnatxa i carinyena, que defineixen la identitat de la major part del territori, brindant un cep de vins negre molt seductora. Entre la varietat de vins que es poden degustar en aquesta regi\u00f3 hi ha: el cabernet sauvignon, el Monastrell i l&#8217;ull de llebre.<\/span><\/p>\n<p><span style=\"font-weight: 400;\">Si parlem dels vins blancs, destaquem els provinents de la garnatxa blanca i el macabeu, com ara: el Chardonnay, el Pansal i el Perallada. Mentres alguns vins rosats, s&#8217;elaboren a base de syrah i garnatxa de la zona.<\/span><\/p>\n<p><span style=\"font-weight: 400;\">Sens dubte Montsant \u00e9s una regi\u00f3 magn\u00edfica, per gaudir de les millors ofertes de<\/span> <span style=\"font-weight: 400;\">tast de vins i formatges a Catalunya<\/span> <span style=\"font-weight: 400;\">, ja que compta amb m\u00e9s de 70 cellers vin\u00edcoles, incloses cooperatives agr\u00edcoles i empreses familiars.<\/span><\/p>\n<p><span style=\"font-weight: 400;\">No et quedis amb les ganes i regala&#8217;t un<\/span> <a href=\"https:\/\/www.avinturat.com\/\"><span style=\"font-weight: 400;\">tast de vins per Catalunya<\/span><\/a> <span style=\"font-weight: 400;\">que no oblidar\u00e0s mai.<\/span><\/p>\n\t\t\t\t\t\t\t\t<\/div>\n\t\t\t\t<\/div>\n\t\t\t\t\t<\/div>\n\t\t<\/div>\n\t\t\t\t\t<\/div>\n\t\t<\/section>\n\t\t\t\t<section class=\"elementor-section elementor-top-section elementor-element elementor-element-774fd5b elementor-section-boxed elementor-section-height-default elementor-section-height-default\" data-id=\"774fd5b\" data-element_type=\"section\">\n\t\t\t\t\t\t<div class=\"elementor-container elementor-column-gap-default\">\n\t\t\t\t\t<div class=\"elementor-column elementor-col-100 elementor-top-column elementor-element elementor-element-ccb3386\" data-id=\"ccb3386\" data-element_type=\"column\">\n\t\t\t<div class=\"elementor-widget-wrap elementor-element-populated\">\n\t\t\t\t\t\t<div class=\"elementor-element elementor-element-5d6c67c elementor-widget elementor-widget-heading\" data-id=\"5d6c67c\" data-element_type=\"widget\" data-widget_type=\"heading.default\">\n\t\t\t\t<div class=\"elementor-widget-container\">\n\t\t\t\t\t<h2 class=\"elementor-heading-title elementor-size-default\">Altres rutes que tamb\u00e9 et poden interessar...<\/h2>\t\t\t\t<\/div>\n\t\t\t\t<\/div>\n\t\t\t\t\t<\/div>\n\t\t<\/div>\n\t\t\t\t\t<\/div>\n\t\t<\/section>\n\t\t\t\t<section class=\"elementor-section elementor-top-section elementor-element elementor-element-b9303aa elementor-section-boxed elementor-section-height-default elementor-section-height-default\" data-id=\"b9303aa\" data-element_type=\"section\">\n\t\t\t\t\t\t<div class=\"elementor-container elementor-column-gap-default\">\n\t\t\t\t\t<div class=\"elementor-column elementor-col-100 elementor-top-column elementor-element elementor-element-4c9811a\" data-id=\"4c9811a\" data-element_type=\"column\">\n\t\t\t<div class=\"elementor-widget-wrap elementor-element-populated\">\n\t\t\t\t\t\t<div class=\"elementor-element elementor-element-1bb3dc4 elementor-grid-4 elementor-grid-tablet-2 elementor-grid-mobile-1 elementor-posts--thumbnail-top elementor-widget elementor-widget-posts\" data-id=\"1bb3dc4\" data-element_type=\"widget\" data-settings=\"{&quot;classic_columns&quot;:&quot;4&quot;,&quot;classic_columns_tablet&quot;:&quot;2&quot;,&quot;classic_columns_mobile&quot;:&quot;1&quot;,&quot;classic_row_gap&quot;:{&quot;unit&quot;:&quot;px&quot;,&quot;size&quot;:35,&quot;sizes&quot;:[]},&quot;classic_row_gap_tablet&quot;:{&quot;unit&quot;:&quot;px&quot;,&quot;size&quot;:&quot;&quot;,&quot;sizes&quot;:[]},&quot;classic_row_gap_mobile&quot;:{&quot;unit&quot;:&quot;px&quot;,&quot;size&quot;:&quot;&quot;,&quot;sizes&quot;:[]}}\" data-widget_type=\"posts.classic\">\n\t\t\t\t<div class=\"elementor-widget-container\">\n\t\t\t\t\t\t\t<div class=\"elementor-posts-container elementor-posts elementor-posts--skin-classic elementor-grid\" role=\"list\">\n\t\t\t\t<article class=\"elementor-post elementor-grid-item post-16065 post type-post status-publish format-standard has-post-thumbnail hentry category-rutes tag-rutas-barcelona-provincia tag-rutas-beget tag-rutas-berga tag-rutas-bergueda tag-rutas-castellar-de-nhug tag-rutas-cataluna\" role=\"listitem\">\n\t\t\t\t<a class=\"elementor-post__thumbnail__link\" href=\"https:\/\/www.willysplan.com\/ca\/rutes\/ruta-des-dels-jardins-artigas-a-castellar-de-nhug\" tabindex=\"-1\" >\n\t\t\t<div class=\"elementor-post__thumbnail\"><img loading=\"lazy\" decoding=\"async\" width=\"300\" height=\"300\" src=\"https:\/\/www.willysplan.com\/wp-content\/uploads\/2020\/07\/Jardins-artigas21-300x300.jpg\" class=\"attachment-medium size-medium wp-image-13691\" alt=\"\" srcset=\"https:\/\/www.willysplan.com\/wp-content\/uploads\/2020\/07\/Jardins-artigas21-300x300.jpg 300w, https:\/\/www.willysplan.com\/wp-content\/uploads\/2020\/07\/Jardins-artigas21-1024x1024.jpg 1024w, https:\/\/www.willysplan.com\/wp-content\/uploads\/2020\/07\/Jardins-artigas21-150x150.jpg 150w, https:\/\/www.willysplan.com\/wp-content\/uploads\/2020\/07\/Jardins-artigas21-768x768.jpg 768w, https:\/\/www.willysplan.com\/wp-content\/uploads\/2020\/07\/Jardins-artigas21-480x480.jpg 480w, https:\/\/www.willysplan.com\/wp-content\/uploads\/2020\/07\/Jardins-artigas21-280x280.jpg 280w, https:\/\/www.willysplan.com\/wp-content\/uploads\/2020\/07\/Jardins-artigas21-960x960.jpg 960w, https:\/\/www.willysplan.com\/wp-content\/uploads\/2020\/07\/Jardins-artigas21-400x400.jpg 400w, https:\/\/www.willysplan.com\/wp-content\/uploads\/2020\/07\/Jardins-artigas21-585x585.jpg 585w, https:\/\/www.willysplan.com\/wp-content\/uploads\/2020\/07\/Jardins-artigas21-600x600.jpg 600w, https:\/\/www.willysplan.com\/wp-content\/uploads\/2020\/07\/Jardins-artigas21-100x100.jpg 100w, https:\/\/www.willysplan.com\/wp-content\/uploads\/2020\/07\/Jardins-artigas21.jpg 1080w\" sizes=\"(max-width: 300px) 100vw, 300px\" \/><\/div>\n\t\t<\/a>\n\t\t\t\t<div class=\"elementor-post__text\">\n\t\t\t\t<h4 class=\"elementor-post__title\">\n\t\t\t<a href=\"https:\/\/www.willysplan.com\/ca\/rutes\/ruta-des-dels-jardins-artigas-a-castellar-de-nhug\" >\n\t\t\t\tRuta des dels Jardins Artigas a Castellar de N&#8217;hug\t\t\t<\/a>\n\t\t<\/h4>\n\t\t\t\t<\/div>\n\t\t\t\t<\/article>\n\t\t\t\t<\/div>\n\t\t\n\t\t\t\t\t\t<\/div>\n\t\t\t\t<\/div>\n\t\t\t\t\t<\/div>\n\t\t<\/div>\n\t\t\t\t\t<\/div>\n\t\t<\/section>\n\t\t\t\t<\/div>\n\t\t","protected":false},"excerpt":{"rendered":"<p>A Willy&#8217;s pla hem anat a rec\u00f3rrer les millors regions de producci\u00f3 vin\u00edcola de Catalunya, i per descomptat volem compartir-les amb tu en aquest article.<\/p>\n","protected":false},"author":1,"featured_media":13467,"comment_status":"closed","ping_status":"closed","sticky":false,"template":"","format":"standard","meta":{"neve_meta_sidebar":"","neve_meta_container":"","neve_meta_enable_content_width":"","neve_meta_content_width":0,"neve_meta_title_alignment":"","neve_meta_author_avatar":"","neve_post_elements_order":"","neve_meta_disable_header":"","neve_meta_disable_footer":"","neve_meta_disable_title":"","_joinchat":[],"footnotes":""},"categories":[462],"tags":[461],"class_list":["post-16337","post","type-post","status-publish","format-standard","has-post-thumbnail","hentry","category-idees","tag-idees"],"yoast_head":"<!-- This site is optimized with the Yoast SEO Premium plugin v20.1 (Yoast SEO v26.9) - https:\/\/yoast.com\/product\/yoast-seo-premium-wordpress\/ -->\n<title>Enoturisme a Catalunya: 5 denominacions d&#039;origen - Willy&#039;s Plan<\/title>\n<meta name=\"description\" content=\"Si esteu pensant en fer una escapada d&#039;enoturisme per Catalunya, aqu\u00ed us parlem de les millors zones de tast de vi \u2705 Entra ara!\" \/>\n<meta name=\"robots\" content=\"index, follow, max-snippet:-1, max-image-preview:large, max-video-preview:-1\" \/>\n<link rel=\"canonical\" href=\"https:\/\/willysplan.com\/ca\/idees\/enoturisme-a-catalunya-les-5-millors-denominacions-dorigen\" \/>\n<meta property=\"og:locale\" content=\"ca_ES\" \/>\n<meta property=\"og:type\" content=\"article\" \/>\n<meta property=\"og:title\" content=\"Enoturisme a Catalunya: Les 5 millors denominacions d&#039;origen\" \/>\n<meta property=\"og:description\" content=\"Si esteu pensant en fer una escapada d&#039;enoturisme per Catalunya, aqu\u00ed us parlem de les millors zones de tast de vi \u2705 Entra ara!\" \/>\n<meta property=\"og:url\" content=\"https:\/\/willysplan.com\/ca\/idees\/enoturisme-a-catalunya-les-5-millors-denominacions-dorigen\" \/>\n<meta property=\"og:site_name\" content=\"Willy&#039;s Plan \ud83c\udf43\" \/>\n<meta property=\"article:published_time\" content=\"2020-11-26T07:48:42+00:00\" \/>\n<meta property=\"article:modified_time\" content=\"2023-04-14T16:46:15+00:00\" \/>\n<meta property=\"og:image\" content=\"https:\/\/www.willysplan.com\/wp-content\/uploads\/2020\/11\/DO-Montsant.jpg\" \/>\n\t<meta property=\"og:image:width\" content=\"933\" \/>\n\t<meta property=\"og:image:height\" content=\"574\" \/>\n\t<meta property=\"og:image:type\" content=\"image\/jpeg\" \/>\n<meta name=\"author\" content=\"admin\" \/>\n<meta name=\"twitter:card\" content=\"summary_large_image\" \/>\n<meta name=\"twitter:label1\" content=\"Escrit per\" \/>\n\t<meta name=\"twitter:data1\" content=\"admin\" \/>\n\t<meta name=\"twitter:label2\" content=\"Temps estimat de lectura\" \/>\n\t<meta name=\"twitter:data2\" content=\"7 minuts\" \/>\n<script type=\"application\/ld+json\" class=\"yoast-schema-graph\">{\"@context\":\"https:\/\/schema.org\",\"@graph\":[{\"@type\":\"Article\",\"@id\":\"https:\/\/willysplan.com\/ca\/idees\/enoturisme-a-catalunya-les-5-millors-denominacions-dorigen#article\",\"isPartOf\":{\"@id\":\"https:\/\/www.willysplan.com\/ca\/idees\/enoturisme-a-catalunya-les-5-millors-denominacions-dorigen\"},\"author\":{\"name\":\"admin\",\"@id\":\"https:\/\/www.willysplan.com\/#\/schema\/person\/58c1527a9a42e9b18a877f14136f1d47\"},\"headline\":\"Enoturisme a Catalunya: Les 5 millors denominacions d&#8217;origen\",\"datePublished\":\"2020-11-26T07:48:42+00:00\",\"dateModified\":\"2023-04-14T16:46:15+00:00\",\"mainEntityOfPage\":{\"@id\":\"https:\/\/www.willysplan.com\/ca\/idees\/enoturisme-a-catalunya-les-5-millors-denominacions-dorigen\"},\"wordCount\":1356,\"publisher\":{\"@id\":\"https:\/\/www.willysplan.com\/#organization\"},\"image\":{\"@id\":\"https:\/\/willysplan.com\/ca\/idees\/enoturisme-a-catalunya-les-5-millors-denominacions-dorigen#primaryimage\"},\"thumbnailUrl\":\"https:\/\/www.willysplan.com\/wp-content\/uploads\/2020\/11\/DO-Montsant.jpg\",\"keywords\":[\"idees\"],\"articleSection\":[\"Idees\"],\"inLanguage\":\"ca\"},{\"@type\":\"WebPage\",\"@id\":\"https:\/\/www.willysplan.com\/ca\/idees\/enoturisme-a-catalunya-les-5-millors-denominacions-dorigen\",\"url\":\"https:\/\/willysplan.com\/ca\/idees\/enoturisme-a-catalunya-les-5-millors-denominacions-dorigen\",\"name\":\"Enoturisme a Catalunya: 5 denominacions d'origen - Willy's Plan\",\"isPartOf\":{\"@id\":\"https:\/\/www.willysplan.com\/#website\"},\"primaryImageOfPage\":{\"@id\":\"https:\/\/willysplan.com\/ca\/idees\/enoturisme-a-catalunya-les-5-millors-denominacions-dorigen#primaryimage\"},\"image\":{\"@id\":\"https:\/\/willysplan.com\/ca\/idees\/enoturisme-a-catalunya-les-5-millors-denominacions-dorigen#primaryimage\"},\"thumbnailUrl\":\"https:\/\/www.willysplan.com\/wp-content\/uploads\/2020\/11\/DO-Montsant.jpg\",\"datePublished\":\"2020-11-26T07:48:42+00:00\",\"dateModified\":\"2023-04-14T16:46:15+00:00\",\"description\":\"Si esteu pensant en fer una escapada d'enoturisme per Catalunya, aqu\u00ed us parlem de les millors zones de tast de vi \u2705 Entra ara!\",\"inLanguage\":\"ca\",\"potentialAction\":[{\"@type\":\"ReadAction\",\"target\":[\"https:\/\/willysplan.com\/ca\/idees\/enoturisme-a-catalunya-les-5-millors-denominacions-dorigen\"]}]},{\"@type\":\"ImageObject\",\"inLanguage\":\"ca\",\"@id\":\"https:\/\/willysplan.com\/ca\/idees\/enoturisme-a-catalunya-les-5-millors-denominacions-dorigen#primaryimage\",\"url\":\"https:\/\/www.willysplan.com\/wp-content\/uploads\/2020\/11\/DO-Montsant.jpg\",\"contentUrl\":\"https:\/\/www.willysplan.com\/wp-content\/uploads\/2020\/11\/DO-Montsant.jpg\",\"width\":933,\"height\":574},{\"@type\":\"WebSite\",\"@id\":\"https:\/\/www.willysplan.com\/#website\",\"url\":\"https:\/\/www.willysplan.com\/\",\"name\":\"Willy&#039;s Plan \ud83c\udf43\",\"description\":\"Escapadas y Planes de fin de semana\",\"publisher\":{\"@id\":\"https:\/\/www.willysplan.com\/#organization\"},\"potentialAction\":[{\"@type\":\"SearchAction\",\"target\":{\"@type\":\"EntryPoint\",\"urlTemplate\":\"https:\/\/www.willysplan.com\/?s={search_term_string}\"},\"query-input\":{\"@type\":\"PropertyValueSpecification\",\"valueRequired\":true,\"valueName\":\"search_term_string\"}}],\"inLanguage\":\"ca\"},{\"@type\":\"Organization\",\"@id\":\"https:\/\/www.willysplan.com\/#organization\",\"name\":\"Willy&#039;s Plan \ud83c\udf43\",\"url\":\"https:\/\/www.willysplan.com\/\",\"logo\":{\"@type\":\"ImageObject\",\"inLanguage\":\"ca\",\"@id\":\"https:\/\/www.willysplan.com\/#\/schema\/logo\/image\/\",\"url\":\"https:\/\/www.willysplan.com\/wp-content\/uploads\/2020\/04\/cropped-logo-1.png\",\"contentUrl\":\"https:\/\/www.willysplan.com\/wp-content\/uploads\/2020\/04\/cropped-logo-1.png\",\"width\":332,\"height\":332,\"caption\":\"Willy&#039;s Plan \ud83c\udf43\"},\"image\":{\"@id\":\"https:\/\/www.willysplan.com\/#\/schema\/logo\/image\/\"}},{\"@type\":\"Person\",\"@id\":\"https:\/\/www.willysplan.com\/#\/schema\/person\/58c1527a9a42e9b18a877f14136f1d47\",\"name\":\"admin\",\"image\":{\"@type\":\"ImageObject\",\"inLanguage\":\"ca\",\"@id\":\"https:\/\/www.willysplan.com\/#\/schema\/person\/image\/\",\"url\":\"https:\/\/secure.gravatar.com\/avatar\/0b8d78e655d83cc71e0a6cd6cb0f0f99929604cd70ff0f7ac1713f248945ea9d?s=96&d=mm&r=g\",\"contentUrl\":\"https:\/\/secure.gravatar.com\/avatar\/0b8d78e655d83cc71e0a6cd6cb0f0f99929604cd70ff0f7ac1713f248945ea9d?s=96&d=mm&r=g\",\"caption\":\"admin\"},\"url\":\"https:\/\/www.willysplan.com\/ca\/author\/admin\"}]}<\/script>\n<!-- \/ Yoast SEO Premium plugin. -->","yoast_head_json":{"title":"Enoturisme a Catalunya: 5 denominacions d'origen - Willy's Plan","description":"Si esteu pensant en fer una escapada d'enoturisme per Catalunya, aqu\u00ed us parlem de les millors zones de tast de vi \u2705 Entra ara!","robots":{"index":"index","follow":"follow","max-snippet":"max-snippet:-1","max-image-preview":"max-image-preview:large","max-video-preview":"max-video-preview:-1"},"canonical":"https:\/\/willysplan.com\/ca\/idees\/enoturisme-a-catalunya-les-5-millors-denominacions-dorigen","og_locale":"ca_ES","og_type":"article","og_title":"Enoturisme a Catalunya: Les 5 millors denominacions d'origen","og_description":"Si esteu pensant en fer una escapada d'enoturisme per Catalunya, aqu\u00ed us parlem de les millors zones de tast de vi \u2705 Entra ara!","og_url":"https:\/\/willysplan.com\/ca\/idees\/enoturisme-a-catalunya-les-5-millors-denominacions-dorigen","og_site_name":"Willy&#039;s Plan \ud83c\udf43","article_published_time":"2020-11-26T07:48:42+00:00","article_modified_time":"2023-04-14T16:46:15+00:00","og_image":[{"width":933,"height":574,"url":"https:\/\/www.willysplan.com\/wp-content\/uploads\/2020\/11\/DO-Montsant.jpg","type":"image\/jpeg"}],"author":"admin","twitter_card":"summary_large_image","twitter_misc":{"Escrit per":"admin","Temps estimat de lectura":"7 minuts"},"schema":{"@context":"https:\/\/schema.org","@graph":[{"@type":"Article","@id":"https:\/\/willysplan.com\/ca\/idees\/enoturisme-a-catalunya-les-5-millors-denominacions-dorigen#article","isPartOf":{"@id":"https:\/\/www.willysplan.com\/ca\/idees\/enoturisme-a-catalunya-les-5-millors-denominacions-dorigen"},"author":{"name":"admin","@id":"https:\/\/www.willysplan.com\/#\/schema\/person\/58c1527a9a42e9b18a877f14136f1d47"},"headline":"Enoturisme a Catalunya: Les 5 millors denominacions d&#8217;origen","datePublished":"2020-11-26T07:48:42+00:00","dateModified":"2023-04-14T16:46:15+00:00","mainEntityOfPage":{"@id":"https:\/\/www.willysplan.com\/ca\/idees\/enoturisme-a-catalunya-les-5-millors-denominacions-dorigen"},"wordCount":1356,"publisher":{"@id":"https:\/\/www.willysplan.com\/#organization"},"image":{"@id":"https:\/\/willysplan.com\/ca\/idees\/enoturisme-a-catalunya-les-5-millors-denominacions-dorigen#primaryimage"},"thumbnailUrl":"https:\/\/www.willysplan.com\/wp-content\/uploads\/2020\/11\/DO-Montsant.jpg","keywords":["idees"],"articleSection":["Idees"],"inLanguage":"ca"},{"@type":"WebPage","@id":"https:\/\/www.willysplan.com\/ca\/idees\/enoturisme-a-catalunya-les-5-millors-denominacions-dorigen","url":"https:\/\/willysplan.com\/ca\/idees\/enoturisme-a-catalunya-les-5-millors-denominacions-dorigen","name":"Enoturisme a Catalunya: 5 denominacions d'origen - Willy's Plan","isPartOf":{"@id":"https:\/\/www.willysplan.com\/#website"},"primaryImageOfPage":{"@id":"https:\/\/willysplan.com\/ca\/idees\/enoturisme-a-catalunya-les-5-millors-denominacions-dorigen#primaryimage"},"image":{"@id":"https:\/\/willysplan.com\/ca\/idees\/enoturisme-a-catalunya-les-5-millors-denominacions-dorigen#primaryimage"},"thumbnailUrl":"https:\/\/www.willysplan.com\/wp-content\/uploads\/2020\/11\/DO-Montsant.jpg","datePublished":"2020-11-26T07:48:42+00:00","dateModified":"2023-04-14T16:46:15+00:00","description":"Si esteu pensant en fer una escapada d'enoturisme per Catalunya, aqu\u00ed us parlem de les millors zones de tast de vi \u2705 Entra ara!","inLanguage":"ca","potentialAction":[{"@type":"ReadAction","target":["https:\/\/willysplan.com\/ca\/idees\/enoturisme-a-catalunya-les-5-millors-denominacions-dorigen"]}]},{"@type":"ImageObject","inLanguage":"ca","@id":"https:\/\/willysplan.com\/ca\/idees\/enoturisme-a-catalunya-les-5-millors-denominacions-dorigen#primaryimage","url":"https:\/\/www.willysplan.com\/wp-content\/uploads\/2020\/11\/DO-Montsant.jpg","contentUrl":"https:\/\/www.willysplan.com\/wp-content\/uploads\/2020\/11\/DO-Montsant.jpg","width":933,"height":574},{"@type":"WebSite","@id":"https:\/\/www.willysplan.com\/#website","url":"https:\/\/www.willysplan.com\/","name":"Willy&#039;s Plan \ud83c\udf43","description":"Escapadas y Planes de fin de semana","publisher":{"@id":"https:\/\/www.willysplan.com\/#organization"},"potentialAction":[{"@type":"SearchAction","target":{"@type":"EntryPoint","urlTemplate":"https:\/\/www.willysplan.com\/?s={search_term_string}"},"query-input":{"@type":"PropertyValueSpecification","valueRequired":true,"valueName":"search_term_string"}}],"inLanguage":"ca"},{"@type":"Organization","@id":"https:\/\/www.willysplan.com\/#organization","name":"Willy&#039;s Plan \ud83c\udf43","url":"https:\/\/www.willysplan.com\/","logo":{"@type":"ImageObject","inLanguage":"ca","@id":"https:\/\/www.willysplan.com\/#\/schema\/logo\/image\/","url":"https:\/\/www.willysplan.com\/wp-content\/uploads\/2020\/04\/cropped-logo-1.png","contentUrl":"https:\/\/www.willysplan.com\/wp-content\/uploads\/2020\/04\/cropped-logo-1.png","width":332,"height":332,"caption":"Willy&#039;s Plan \ud83c\udf43"},"image":{"@id":"https:\/\/www.willysplan.com\/#\/schema\/logo\/image\/"}},{"@type":"Person","@id":"https:\/\/www.willysplan.com\/#\/schema\/person\/58c1527a9a42e9b18a877f14136f1d47","name":"admin","image":{"@type":"ImageObject","inLanguage":"ca","@id":"https:\/\/www.willysplan.com\/#\/schema\/person\/image\/","url":"https:\/\/secure.gravatar.com\/avatar\/0b8d78e655d83cc71e0a6cd6cb0f0f99929604cd70ff0f7ac1713f248945ea9d?s=96&d=mm&r=g","contentUrl":"https:\/\/secure.gravatar.com\/avatar\/0b8d78e655d83cc71e0a6cd6cb0f0f99929604cd70ff0f7ac1713f248945ea9d?s=96&d=mm&r=g","caption":"admin"},"url":"https:\/\/www.willysplan.com\/ca\/author\/admin"}]}},"_links":{"self":[{"href":"https:\/\/www.willysplan.com\/ca\/wp-json\/wp\/v2\/posts\/16337","targetHints":{"allow":["GET"]}}],"collection":[{"href":"https:\/\/www.willysplan.com\/ca\/wp-json\/wp\/v2\/posts"}],"about":[{"href":"https:\/\/www.willysplan.com\/ca\/wp-json\/wp\/v2\/types\/post"}],"author":[{"embeddable":true,"href":"https:\/\/www.willysplan.com\/ca\/wp-json\/wp\/v2\/users\/1"}],"replies":[{"embeddable":true,"href":"https:\/\/www.willysplan.com\/ca\/wp-json\/wp\/v2\/comments?post=16337"}],"version-history":[{"count":3,"href":"https:\/\/www.willysplan.com\/ca\/wp-json\/wp\/v2\/posts\/16337\/revisions"}],"predecessor-version":[{"id":18248,"href":"https:\/\/www.willysplan.com\/ca\/wp-json\/wp\/v2\/posts\/16337\/revisions\/18248"}],"wp:featuredmedia":[{"embeddable":true,"href":"https:\/\/www.willysplan.com\/ca\/wp-json\/wp\/v2\/media\/13467"}],"wp:attachment":[{"href":"https:\/\/www.willysplan.com\/ca\/wp-json\/wp\/v2\/media?parent=16337"}],"wp:term":[{"taxonomy":"category","embeddable":true,"href":"https:\/\/www.willysplan.com\/ca\/wp-json\/wp\/v2\/categories?post=16337"},{"taxonomy":"post_tag","embeddable":true,"href":"https:\/\/www.willysplan.com\/ca\/wp-json\/wp\/v2\/tags?post=16337"}],"curies":[{"name":"wp","href":"https:\/\/api.w.org\/{rel}","templated":true}]}}