{"id":16327,"date":"2020-12-02T09:00:29","date_gmt":"2020-12-02T08:00:29","guid":{"rendered":"https:\/\/willysplan.com\/uncategorized-ca\/els-5-millors-parcs-naturals-de-catalunya"},"modified":"2023-04-14T17:33:31","modified_gmt":"2023-04-14T16:33:31","slug":"els-5-millors-parcs-naturals-de-catalunya","status":"publish","type":"post","link":"https:\/\/www.willysplan.com\/ca\/idees\/els-5-millors-parcs-naturals-de-catalunya","title":{"rendered":"Els 5 millors parcs naturals de Catalunya"},"content":{"rendered":"\t\t<div data-elementor-type=\"wp-post\" data-elementor-id=\"16327\" class=\"elementor elementor-16327 elementor-3722\" data-elementor-post-type=\"post\">\n\t\t\t\t\t\t<section class=\"elementor-section elementor-top-section elementor-element elementor-element-671cd3c elementor-section-boxed elementor-section-height-default elementor-section-height-default\" data-id=\"671cd3c\" data-element_type=\"section\">\n\t\t\t\t\t\t<div class=\"elementor-container elementor-column-gap-default\">\n\t\t\t\t\t<div class=\"elementor-column elementor-col-100 elementor-top-column elementor-element elementor-element-eaffc38\" data-id=\"eaffc38\" data-element_type=\"column\">\n\t\t\t<div class=\"elementor-widget-wrap elementor-element-populated\">\n\t\t\t\t\t\t<div class=\"elementor-element elementor-element-ac561a4 elementor-widget elementor-widget-text-editor\" data-id=\"ac561a4\" data-element_type=\"widget\" data-widget_type=\"text-editor.default\">\n\t\t\t\t<div class=\"elementor-widget-container\">\n\t\t\t\t\t\t\t\t\t<p><span style=\"font-weight: 400;\">La diversitat natural a Espanya \u00e9s fascinant i \u00e9s un dels pa\u00efsos m\u00e9s rics en fauna i flora de tot Europa. Per sort, una gran part d&#8217;aquesta, es concentra a les <\/span><b>reserves naturals de Catalunya<\/b> <span style=\"font-weight: 400;\">.<\/span><\/p><p><span style=\"font-weight: 400;\">Una regi\u00f3 plena de paisatges meravellosos i riqueses silvestres, que durant tot l&#8217;any acull molts turistes que busquen aventures i<\/span> <span style=\"font-weight: 400;\"><a href=\"https:\/\/www.willysplan.com\/ca\/rutes\/rutes-de-senderisme-i-excursions-per-catalunya\">excursions de senderisme per Catalunya<\/a><\/span> <span style=\"font-weight: 400;\">a l&#8217;aire lliure.<\/span><\/p><p><span style=\"font-weight: 400;\">Animeu-vos a con\u00e8ixer els parcs<\/span> <span style=\"font-weight: 400;\">naturals de Catalunya<\/span><span style=\"font-weight: 400;\"> m\u00e9s espectaculars que us proposem a continuaci\u00f3. I \u00e9s que a Willy&#8217;s Plan, us hem preparat el nostre top 5 favorit perqu\u00e8 no busqueu m\u00e9s.<\/span><\/p>\t\t\t\t\t\t\t\t<\/div>\n\t\t\t\t<\/div>\n\t\t\t\t\t<\/div>\n\t\t<\/div>\n\t\t\t\t\t<\/div>\n\t\t<\/section>\n\t\t\t\t<section class=\"elementor-section elementor-top-section elementor-element elementor-element-36fe8d4 elementor-section-boxed elementor-section-height-default elementor-section-height-default\" data-id=\"36fe8d4\" data-element_type=\"section\">\n\t\t\t\t\t\t<div class=\"elementor-container elementor-column-gap-default\">\n\t\t\t\t\t<div class=\"elementor-column elementor-col-100 elementor-top-column elementor-element elementor-element-da527a3\" data-id=\"da527a3\" data-element_type=\"column\">\n\t\t\t<div class=\"elementor-widget-wrap elementor-element-populated\">\n\t\t\t\t\t\t<div class=\"elementor-element elementor-element-005077d elementor-widget elementor-widget-heading\" data-id=\"005077d\" data-element_type=\"widget\" data-widget_type=\"heading.default\">\n\t\t\t\t<div class=\"elementor-widget-container\">\n\t\t\t\t\t<h2 class=\"elementor-heading-title elementor-size-default\">1. Parc Natural de Montseny<\/h2>\t\t\t\t<\/div>\n\t\t\t\t<\/div>\n\t\t\t\t\t<\/div>\n\t\t<\/div>\n\t\t\t\t\t<\/div>\n\t\t<\/section>\n\t\t\t\t<section class=\"elementor-section elementor-top-section elementor-element elementor-element-ec7d9c0 elementor-section-boxed elementor-section-height-default elementor-section-height-default\" data-id=\"ec7d9c0\" data-element_type=\"section\">\n\t\t\t\t\t\t<div class=\"elementor-container elementor-column-gap-default\">\n\t\t\t\t\t<div class=\"elementor-column elementor-col-50 elementor-top-column elementor-element elementor-element-1bee018\" data-id=\"1bee018\" data-element_type=\"column\">\n\t\t\t<div class=\"elementor-widget-wrap elementor-element-populated\">\n\t\t\t\t\t\t<div class=\"elementor-element elementor-element-a63218a elementor-widget elementor-widget-image\" data-id=\"a63218a\" data-element_type=\"widget\" data-widget_type=\"image.default\">\n\t\t\t\t<div class=\"elementor-widget-container\">\n\t\t\t\t\t\t\t\t\t\t\t\t\t\t\t<img fetchpriority=\"high\" decoding=\"async\" width=\"933\" height=\"576\" src=\"https:\/\/www.willysplan.com\/wp-content\/uploads\/2020\/12\/parc-natural-del-montseny.jpg\" class=\"attachment-large size-large wp-image-13785\" alt=\"\" srcset=\"https:\/\/www.willysplan.com\/wp-content\/uploads\/2020\/12\/parc-natural-del-montseny.jpg 933w, https:\/\/www.willysplan.com\/wp-content\/uploads\/2020\/12\/parc-natural-del-montseny-300x185.jpg 300w, https:\/\/www.willysplan.com\/wp-content\/uploads\/2020\/12\/parc-natural-del-montseny-768x474.jpg 768w, https:\/\/www.willysplan.com\/wp-content\/uploads\/2020\/12\/parc-natural-del-montseny-648x400.jpg 648w, https:\/\/www.willysplan.com\/wp-content\/uploads\/2020\/12\/parc-natural-del-montseny-585x361.jpg 585w, https:\/\/www.willysplan.com\/wp-content\/uploads\/2020\/12\/parc-natural-del-montseny-600x370.jpg 600w\" sizes=\"(max-width: 933px) 100vw, 933px\" \/>\t\t\t\t\t\t\t\t\t\t\t\t\t\t\t<\/div>\n\t\t\t\t<\/div>\n\t\t\t\t\t<\/div>\n\t\t<\/div>\n\t\t\t\t<div class=\"elementor-column elementor-col-50 elementor-top-column elementor-element elementor-element-8fdc606\" data-id=\"8fdc606\" data-element_type=\"column\">\n\t\t\t<div class=\"elementor-widget-wrap elementor-element-populated\">\n\t\t\t\t\t\t<div class=\"elementor-element elementor-element-e4b3fd9 elementor-widget elementor-widget-google_maps\" data-id=\"e4b3fd9\" data-element_type=\"widget\" data-widget_type=\"google_maps.default\">\n\t\t\t\t<div class=\"elementor-widget-container\">\n\t\t\t\t\t\t\t<div class=\"elementor-custom-embed\">\n\t\t\t<iframe loading=\"lazy\"\n\t\t\t\t\tsrc=\"https:\/\/maps.google.com\/maps?q=parque%20natural%20montseny&#038;t=m&#038;z=10&#038;output=embed&#038;iwloc=near\"\n\t\t\t\t\ttitle=\"parque natural montseny\"\n\t\t\t\t\taria-label=\"parque natural montseny\"\n\t\t\t><\/iframe>\n\t\t<\/div>\n\t\t\t\t\t\t<\/div>\n\t\t\t\t<\/div>\n\t\t\t\t\t<\/div>\n\t\t<\/div>\n\t\t\t\t\t<\/div>\n\t\t<\/section>\n\t\t\t\t<section class=\"elementor-section elementor-top-section elementor-element elementor-element-4e88c10 elementor-section-boxed elementor-section-height-default elementor-section-height-default\" data-id=\"4e88c10\" data-element_type=\"section\">\n\t\t\t\t\t\t<div class=\"elementor-container elementor-column-gap-default\">\n\t\t\t\t\t<div class=\"elementor-column elementor-col-100 elementor-top-column elementor-element elementor-element-8ccc3a4\" data-id=\"8ccc3a4\" data-element_type=\"column\">\n\t\t\t<div class=\"elementor-widget-wrap elementor-element-populated\">\n\t\t\t\t\t\t<div class=\"elementor-element elementor-element-39dc59f elementor-widget elementor-widget-text-editor\" data-id=\"39dc59f\" data-element_type=\"widget\" data-widget_type=\"text-editor.default\">\n\t\t\t\t<div class=\"elementor-widget-container\">\n\t\t\t\t\t\t\t\t\t<p><span style=\"font-weight: 400;\">Si busques<\/span> <span style=\"font-weight: 400;\">parcs naturals a prop de Barcelona<\/span><span style=\"font-weight: 400;\">, el Parc Natural de Montseny \u00e9s una molt bona opci\u00f3. Com que \u00e9s un dels parcs m\u00e9s antics de Catalunya, se li atorga certa import\u00e0ncia a aquest jard\u00ed natural. <\/span><\/p>\n<p><span style=\"font-weight: 400;\">Per\u00f2 m\u00e9s categoria li d\u00f3na albergar tres dels ecosistemes m\u00e9s importants del m\u00f3n en un sol lloc: el mediterrani, l&#8217;eurosiberi\u00e0 i el boreoalp\u00ed. Demostrant cada cop m\u00e9s la seva riquesa i diversitat natural a milers de turistes que el visiten cada any.<\/span><\/p>\n<p><span style=\"font-weight: 400;\">A m\u00e9s, com a dada curiosa, sab\u00edeu que el Parc Natural de Montseny va ser declarat patrimoni de la UNESCO? Va ser l&#8217;any 1978, quan es va recon\u00e8ixer la seva gran aportaci\u00f3 a la biodiversitat i l&#8217;ecosistema de la regi\u00f3, per la qual cosa va ser nomenat \u201creserva de la biosfera\u201d. A qu\u00e8 esperes per visitar el <\/span><span style=\"font-weight: 400;\">Montseny a Catalunya<\/span><span style=\"font-weight: 400;\">? No us perdeu aquest encantador paratge natural.<\/span><\/p>\n\t\t\t\t\t\t\t\t<\/div>\n\t\t\t\t<\/div>\n\t\t\t\t\t<\/div>\n\t\t<\/div>\n\t\t\t\t\t<\/div>\n\t\t<\/section>\n\t\t\t\t<section class=\"elementor-section elementor-top-section elementor-element elementor-element-cf26dc9 elementor-section-boxed elementor-section-height-default elementor-section-height-default\" data-id=\"cf26dc9\" data-element_type=\"section\">\n\t\t\t\t\t\t<div class=\"elementor-container elementor-column-gap-default\">\n\t\t\t\t\t<div class=\"elementor-column elementor-col-100 elementor-top-column elementor-element elementor-element-5689fda\" data-id=\"5689fda\" data-element_type=\"column\">\n\t\t\t<div class=\"elementor-widget-wrap elementor-element-populated\">\n\t\t\t\t\t\t<div class=\"elementor-element elementor-element-ec10ffc elementor-widget elementor-widget-heading\" data-id=\"ec10ffc\" data-element_type=\"widget\" data-widget_type=\"heading.default\">\n\t\t\t\t<div class=\"elementor-widget-container\">\n\t\t\t\t\t<h2 class=\"elementor-heading-title elementor-size-default\">2. Parc Natural de Collserola\n<\/h2>\t\t\t\t<\/div>\n\t\t\t\t<\/div>\n\t\t\t\t\t<\/div>\n\t\t<\/div>\n\t\t\t\t\t<\/div>\n\t\t<\/section>\n\t\t\t\t<section class=\"elementor-section elementor-top-section elementor-element elementor-element-36de432 elementor-section-boxed elementor-section-height-default elementor-section-height-default\" data-id=\"36de432\" data-element_type=\"section\">\n\t\t\t\t\t\t<div class=\"elementor-container elementor-column-gap-default\">\n\t\t\t\t\t<div class=\"elementor-column elementor-col-50 elementor-top-column elementor-element elementor-element-30a85ea\" data-id=\"30a85ea\" data-element_type=\"column\">\n\t\t\t<div class=\"elementor-widget-wrap elementor-element-populated\">\n\t\t\t\t\t\t<div class=\"elementor-element elementor-element-254baa4 elementor-widget elementor-widget-image\" data-id=\"254baa4\" data-element_type=\"widget\" data-widget_type=\"image.default\">\n\t\t\t\t<div class=\"elementor-widget-container\">\n\t\t\t\t\t\t\t\t\t\t\t\t\t\t\t<img decoding=\"async\" width=\"768\" height=\"543\" src=\"https:\/\/www.willysplan.com\/wp-content\/uploads\/2020\/12\/parc-natural-collserola-768x543.jpg\" class=\"attachment-medium_large size-medium_large wp-image-13787\" alt=\"\" srcset=\"https:\/\/www.willysplan.com\/wp-content\/uploads\/2020\/12\/parc-natural-collserola-768x543.jpg 768w, https:\/\/www.willysplan.com\/wp-content\/uploads\/2020\/12\/parc-natural-collserola-300x212.jpg 300w, https:\/\/www.willysplan.com\/wp-content\/uploads\/2020\/12\/parc-natural-collserola-566x400.jpg 566w, https:\/\/www.willysplan.com\/wp-content\/uploads\/2020\/12\/parc-natural-collserola-585x413.jpg 585w, https:\/\/www.willysplan.com\/wp-content\/uploads\/2020\/12\/parc-natural-collserola-600x424.jpg 600w, https:\/\/www.willysplan.com\/wp-content\/uploads\/2020\/12\/parc-natural-collserola.jpg 781w\" sizes=\"(max-width: 768px) 100vw, 768px\" \/>\t\t\t\t\t\t\t\t\t\t\t\t\t\t\t<\/div>\n\t\t\t\t<\/div>\n\t\t\t\t\t<\/div>\n\t\t<\/div>\n\t\t\t\t<div class=\"elementor-column elementor-col-50 elementor-top-column elementor-element elementor-element-391cda5\" data-id=\"391cda5\" data-element_type=\"column\">\n\t\t\t<div class=\"elementor-widget-wrap elementor-element-populated\">\n\t\t\t\t\t\t<div class=\"elementor-element elementor-element-b390bb5 elementor-widget elementor-widget-google_maps\" data-id=\"b390bb5\" data-element_type=\"widget\" data-widget_type=\"google_maps.default\">\n\t\t\t\t<div class=\"elementor-widget-container\">\n\t\t\t\t\t\t\t<div class=\"elementor-custom-embed\">\n\t\t\t<iframe loading=\"lazy\"\n\t\t\t\t\tsrc=\"https:\/\/maps.google.com\/maps?q=parque%20natural%20collserola&#038;t=m&#038;z=10&#038;output=embed&#038;iwloc=near\"\n\t\t\t\t\ttitle=\"parque natural collserola\"\n\t\t\t\t\taria-label=\"parque natural collserola\"\n\t\t\t><\/iframe>\n\t\t<\/div>\n\t\t\t\t\t\t<\/div>\n\t\t\t\t<\/div>\n\t\t\t\t\t<\/div>\n\t\t<\/div>\n\t\t\t\t\t<\/div>\n\t\t<\/section>\n\t\t\t\t<section class=\"elementor-section elementor-top-section elementor-element elementor-element-090337d elementor-section-boxed elementor-section-height-default elementor-section-height-default\" data-id=\"090337d\" data-element_type=\"section\">\n\t\t\t\t\t\t<div class=\"elementor-container elementor-column-gap-default\">\n\t\t\t\t\t<div class=\"elementor-column elementor-col-100 elementor-top-column elementor-element elementor-element-10259a1\" data-id=\"10259a1\" data-element_type=\"column\">\n\t\t\t<div class=\"elementor-widget-wrap elementor-element-populated\">\n\t\t\t\t\t\t<div class=\"elementor-element elementor-element-67842ef elementor-widget elementor-widget-text-editor\" data-id=\"67842ef\" data-element_type=\"widget\" data-widget_type=\"text-editor.default\">\n\t\t\t\t<div class=\"elementor-widget-container\">\n\t\t\t\t\t\t\t\t\t<p><span style=\"font-weight: 400;\">Un altre dels<\/span> <span style=\"font-weight: 400;\">parcs naturals a prop de Barcelona<\/span><span style=\"font-weight: 400;\">, \u00e9s el Collserola. Ubicat en ple cor de Barcelona, el Parc Natural de Collserola \u00e9s el que encap\u00e7ala la segona posici\u00f3 al nostre top 5. El m\u00e9s encantador d&#8217;aquesta reserva natural, \u00e9s el contrast entre arquitectura i natura que s&#8217;entreveu durant el seu recorregut.<\/span><\/p><p><span style=\"font-weight: 400;\">Tot i que una mica deteriorades, encara es poden veure edificacions constru\u00efdes pels antics poblats ib\u00e8rics, que conserven el valor hist\u00f2ric i cultural de la major part de Catalunya. Aquestes van des de petites ermites o esgl\u00e9sies, castells, fortaleses, fins a les famoses masies catalanes.<\/span><\/p><p><span style=\"font-weight: 400;\">El parc de Collserola tamb\u00e9 \u00e9s un espai per trobar-nos amb la natura i donar-li el valor que es mereix. Per als seus habitants, aquest parc natural vol dir tenir un gran privilegi ambiental al seu voltant, i sobretot un dels pulmons m\u00e9s grans de tot Catalunya. Ra\u00f3 per la qual busquen la seva preservaci\u00f3 i sostenibilitat. Animeu-vos a con\u00e8ixer un dels <\/span><span style=\"font-weight: 400;\">parcs naturals de Barcelona<\/span> <span style=\"font-weight: 400;\">m\u00e9s encantadors, aix\u00ed com totes les <a href=\"https:\/\/www.willysplan.com\/ca\/rutes\/rutes-de-senderisme-i-excursions-per-barcelona-provincia\">rutes i excursions per Barcelona<\/a> que us comptem a la nostra web.<\/span><\/p>\t\t\t\t\t\t\t\t<\/div>\n\t\t\t\t<\/div>\n\t\t\t\t\t<\/div>\n\t\t<\/div>\n\t\t\t\t\t<\/div>\n\t\t<\/section>\n\t\t\t\t<section class=\"elementor-section elementor-top-section elementor-element elementor-element-228dd78 elementor-section-boxed elementor-section-height-default elementor-section-height-default\" data-id=\"228dd78\" data-element_type=\"section\">\n\t\t\t\t\t\t<div class=\"elementor-container elementor-column-gap-default\">\n\t\t\t\t\t<div class=\"elementor-column elementor-col-100 elementor-top-column elementor-element elementor-element-6fe37a6\" data-id=\"6fe37a6\" data-element_type=\"column\">\n\t\t\t<div class=\"elementor-widget-wrap elementor-element-populated\">\n\t\t\t\t\t\t<div class=\"elementor-element elementor-element-c9dcbd0 elementor-widget elementor-widget-heading\" data-id=\"c9dcbd0\" data-element_type=\"widget\" data-widget_type=\"heading.default\">\n\t\t\t\t<div class=\"elementor-widget-container\">\n\t\t\t\t\t<h2 class=\"elementor-heading-title elementor-size-default\">3. Illes Medes i El Montgr\u00ed<\/h2>\t\t\t\t<\/div>\n\t\t\t\t<\/div>\n\t\t\t\t\t<\/div>\n\t\t<\/div>\n\t\t\t\t\t<\/div>\n\t\t<\/section>\n\t\t\t\t<section class=\"elementor-section elementor-top-section elementor-element elementor-element-9dde891 elementor-section-boxed elementor-section-height-default elementor-section-height-default\" data-id=\"9dde891\" data-element_type=\"section\">\n\t\t\t\t\t\t<div class=\"elementor-container elementor-column-gap-default\">\n\t\t\t\t\t<div class=\"elementor-column elementor-col-50 elementor-top-column elementor-element elementor-element-efd1b5f\" data-id=\"efd1b5f\" data-element_type=\"column\">\n\t\t\t<div class=\"elementor-widget-wrap elementor-element-populated\">\n\t\t\t\t\t\t<div class=\"elementor-element elementor-element-52923a4 elementor-widget elementor-widget-image\" data-id=\"52923a4\" data-element_type=\"widget\" data-widget_type=\"image.default\">\n\t\t\t\t<div class=\"elementor-widget-container\">\n\t\t\t\t\t\t\t\t\t\t\t\t\t\t\t<img decoding=\"async\" width=\"1024\" height=\"533\" src=\"https:\/\/www.willysplan.com\/wp-content\/uploads\/2020\/12\/illes-medes-1024x533.jpg\" class=\"attachment-large size-large wp-image-13789\" alt=\"\" srcset=\"https:\/\/www.willysplan.com\/wp-content\/uploads\/2020\/12\/illes-medes-1024x533.jpg 1024w, https:\/\/www.willysplan.com\/wp-content\/uploads\/2020\/12\/illes-medes-300x156.jpg 300w, https:\/\/www.willysplan.com\/wp-content\/uploads\/2020\/12\/illes-medes-768x400.jpg 768w, https:\/\/www.willysplan.com\/wp-content\/uploads\/2020\/12\/illes-medes-960x500.jpg 960w, https:\/\/www.willysplan.com\/wp-content\/uploads\/2020\/12\/illes-medes-585x305.jpg 585w, https:\/\/www.willysplan.com\/wp-content\/uploads\/2020\/12\/illes-medes-600x313.jpg 600w, https:\/\/www.willysplan.com\/wp-content\/uploads\/2020\/12\/illes-medes.jpg 1056w\" sizes=\"(max-width: 1024px) 100vw, 1024px\" \/>\t\t\t\t\t\t\t\t\t\t\t\t\t\t\t<\/div>\n\t\t\t\t<\/div>\n\t\t\t\t\t<\/div>\n\t\t<\/div>\n\t\t\t\t<div class=\"elementor-column elementor-col-50 elementor-top-column elementor-element elementor-element-a40f723\" data-id=\"a40f723\" data-element_type=\"column\">\n\t\t\t<div class=\"elementor-widget-wrap elementor-element-populated\">\n\t\t\t\t\t\t<div class=\"elementor-element elementor-element-8ebd04f elementor-widget elementor-widget-google_maps\" data-id=\"8ebd04f\" data-element_type=\"widget\" data-widget_type=\"google_maps.default\">\n\t\t\t\t<div class=\"elementor-widget-container\">\n\t\t\t\t\t\t\t<div class=\"elementor-custom-embed\">\n\t\t\t<iframe loading=\"lazy\"\n\t\t\t\t\tsrc=\"https:\/\/maps.google.com\/maps?q=illes%20medes&#038;t=m&#038;z=10&#038;output=embed&#038;iwloc=near\"\n\t\t\t\t\ttitle=\"illes medes\"\n\t\t\t\t\taria-label=\"illes medes\"\n\t\t\t><\/iframe>\n\t\t<\/div>\n\t\t\t\t\t\t<\/div>\n\t\t\t\t<\/div>\n\t\t\t\t\t<\/div>\n\t\t<\/div>\n\t\t\t\t\t<\/div>\n\t\t<\/section>\n\t\t\t\t<section class=\"elementor-section elementor-top-section elementor-element elementor-element-649f78d elementor-section-boxed elementor-section-height-default elementor-section-height-default\" data-id=\"649f78d\" data-element_type=\"section\">\n\t\t\t\t\t\t<div class=\"elementor-container elementor-column-gap-default\">\n\t\t\t\t\t<div class=\"elementor-column elementor-col-100 elementor-top-column elementor-element elementor-element-bd8f266\" data-id=\"bd8f266\" data-element_type=\"column\">\n\t\t\t<div class=\"elementor-widget-wrap elementor-element-populated\">\n\t\t\t\t\t\t<div class=\"elementor-element elementor-element-6131457 elementor-widget elementor-widget-text-editor\" data-id=\"6131457\" data-element_type=\"widget\" data-widget_type=\"text-editor.default\">\n\t\t\t\t<div class=\"elementor-widget-container\">\n\t\t\t\t\t\t\t\t\t<p><span style=\"font-weight: 400;\">Quan fem refer\u00e8ncia a parcs naturals, no sempre parlem de llocs plens de vegetaci\u00f3 i de muntanyes. Tamb\u00e9 hi ha ecosistemes marins que es roben el protagonisme, com \u00e9s el cas del <\/span><span style=\"font-weight: 400;\">parc natural de Girona<\/span><span style=\"font-weight: 400;\">: \u201c<\/span><span style=\"font-weight: 400;\">Illes Medes\u201d. Una de les <a href=\"https:\/\/www.willysplan.com\/ca\/rutes\/rutes-de-senderisme-i-excursions-per-girona-provincia\">rutes i excursions per la prov\u00edncia de Girona<\/a> que \u00e9s indispensable dur a terme, si us trobeu per la Costa Brava.<\/span><\/p><p><span style=\"font-weight: 400;\">Sens dubte, un dels fons marins m\u00e9s preats d&#8217;Espanya i el preferit pels submarinistes, que v\u00e9nen de tot arreu del m\u00f3n a delectar-se a la profunditat de la seva incre\u00efble fauna i flora marina.<\/span><\/p><p><span style=\"font-weight: 400;\">A m\u00e9s, aquest privilegiat arxip\u00e8lag est\u00e0 compr\u00e8s per diversos illots com: Meda Gran, Meda Xica, Carall Bernat, Tascons Grossos, Tascons Petits, Medellot i Ferrenelles. Un regal de la natura per a la regi\u00f3 de Girona, que ens acosta encara m\u00e9s a les meravelles del fons del mar.<\/span><\/p><p><span style=\"font-weight: 400;\">Com si fos poc, aquest paisatge no es conforma amb la immensitat del mar, per la qual cosa tamb\u00e9 t\u00e9 un gran mass\u00eds que l&#8217;acompanya des de dins de la terra: El mass\u00eds del Montgr\u00ed. Aquesta muntanya s&#8217;est\u00e9n per m\u00e9s de 2.300 hect\u00e0rees que majorit\u00e0riament superen els 300 metres d&#8217;al\u00e7ada. Plasmant el seu encant en un paisatge sense precedents. De fet, ja en un altre article us parlem de <a href=\"https:\/\/www.willysplan.com\/ca\/rutes\/ruta-al-castell-de-torroella-de-montgri\">com fer la ruta fins al Castell de Montgr\u00ed<\/a> . Una fortalesa des de la qual podreu gaudir d\u00b4unes incre\u00efbles vistes de la Costa Brava i el seu fabul\u00f3s litoral.<\/span><\/p>\t\t\t\t\t\t\t\t<\/div>\n\t\t\t\t<\/div>\n\t\t\t\t\t<\/div>\n\t\t<\/div>\n\t\t\t\t\t<\/div>\n\t\t<\/section>\n\t\t\t\t<section class=\"elementor-section elementor-top-section elementor-element elementor-element-934cfa6 elementor-section-boxed elementor-section-height-default elementor-section-height-default\" data-id=\"934cfa6\" data-element_type=\"section\">\n\t\t\t\t\t\t<div class=\"elementor-container elementor-column-gap-default\">\n\t\t\t\t\t<div class=\"elementor-column elementor-col-100 elementor-top-column elementor-element elementor-element-6d28942\" data-id=\"6d28942\" data-element_type=\"column\">\n\t\t\t<div class=\"elementor-widget-wrap elementor-element-populated\">\n\t\t\t\t\t\t<div class=\"elementor-element elementor-element-24f2b10 elementor-widget elementor-widget-heading\" data-id=\"24f2b10\" data-element_type=\"widget\" data-widget_type=\"heading.default\">\n\t\t\t\t<div class=\"elementor-widget-container\">\n\t\t\t\t\t<h2 class=\"elementor-heading-title elementor-size-default\">4. Zona Volc\u00e0nica de la Garrotxa<\/h2>\t\t\t\t<\/div>\n\t\t\t\t<\/div>\n\t\t\t\t\t<\/div>\n\t\t<\/div>\n\t\t\t\t\t<\/div>\n\t\t<\/section>\n\t\t\t\t<section class=\"elementor-section elementor-top-section elementor-element elementor-element-5a266e9 elementor-section-boxed elementor-section-height-default elementor-section-height-default\" data-id=\"5a266e9\" data-element_type=\"section\">\n\t\t\t\t\t\t<div class=\"elementor-container elementor-column-gap-default\">\n\t\t\t\t\t<div class=\"elementor-column elementor-col-50 elementor-top-column elementor-element elementor-element-8ca8f7f\" data-id=\"8ca8f7f\" data-element_type=\"column\">\n\t\t\t<div class=\"elementor-widget-wrap elementor-element-populated\">\n\t\t\t\t\t\t<div class=\"elementor-element elementor-element-55b0b90 elementor-widget elementor-widget-image\" data-id=\"55b0b90\" data-element_type=\"widget\" data-widget_type=\"image.default\">\n\t\t\t\t<div class=\"elementor-widget-container\">\n\t\t\t\t\t\t\t\t\t\t\t\t\t\t\t<img loading=\"lazy\" decoding=\"async\" width=\"824\" height=\"573\" src=\"https:\/\/www.willysplan.com\/wp-content\/uploads\/2020\/12\/parque-natural-zona-volcanica-la-garrotxa.jpg\" class=\"attachment-large size-large wp-image-13791\" alt=\"\" srcset=\"https:\/\/www.willysplan.com\/wp-content\/uploads\/2020\/12\/parque-natural-zona-volcanica-la-garrotxa.jpg 824w, https:\/\/www.willysplan.com\/wp-content\/uploads\/2020\/12\/parque-natural-zona-volcanica-la-garrotxa-300x209.jpg 300w, https:\/\/www.willysplan.com\/wp-content\/uploads\/2020\/12\/parque-natural-zona-volcanica-la-garrotxa-768x534.jpg 768w, https:\/\/www.willysplan.com\/wp-content\/uploads\/2020\/12\/parque-natural-zona-volcanica-la-garrotxa-575x400.jpg 575w, https:\/\/www.willysplan.com\/wp-content\/uploads\/2020\/12\/parque-natural-zona-volcanica-la-garrotxa-585x407.jpg 585w, https:\/\/www.willysplan.com\/wp-content\/uploads\/2020\/12\/parque-natural-zona-volcanica-la-garrotxa-600x417.jpg 600w\" sizes=\"(max-width: 824px) 100vw, 824px\" \/>\t\t\t\t\t\t\t\t\t\t\t\t\t\t\t<\/div>\n\t\t\t\t<\/div>\n\t\t\t\t\t<\/div>\n\t\t<\/div>\n\t\t\t\t<div class=\"elementor-column elementor-col-50 elementor-top-column elementor-element elementor-element-3e5315c\" data-id=\"3e5315c\" data-element_type=\"column\">\n\t\t\t<div class=\"elementor-widget-wrap elementor-element-populated\">\n\t\t\t\t\t\t<div class=\"elementor-element elementor-element-2ac84a8 elementor-widget elementor-widget-google_maps\" data-id=\"2ac84a8\" data-element_type=\"widget\" data-widget_type=\"google_maps.default\">\n\t\t\t\t<div class=\"elementor-widget-container\">\n\t\t\t\t\t\t\t<div class=\"elementor-custom-embed\">\n\t\t\t<iframe loading=\"lazy\"\n\t\t\t\t\tsrc=\"https:\/\/maps.google.com\/maps?q=parque%20natural%20zona%20volcanica%20garrotxa&#038;t=m&#038;z=10&#038;output=embed&#038;iwloc=near\"\n\t\t\t\t\ttitle=\"parque natural zona volcanica garrotxa\"\n\t\t\t\t\taria-label=\"parque natural zona volcanica garrotxa\"\n\t\t\t><\/iframe>\n\t\t<\/div>\n\t\t\t\t\t\t<\/div>\n\t\t\t\t<\/div>\n\t\t\t\t\t<\/div>\n\t\t<\/div>\n\t\t\t\t\t<\/div>\n\t\t<\/section>\n\t\t\t\t<section class=\"elementor-section elementor-top-section elementor-element elementor-element-7dd4d6d elementor-section-boxed elementor-section-height-default elementor-section-height-default\" data-id=\"7dd4d6d\" data-element_type=\"section\">\n\t\t\t\t\t\t<div class=\"elementor-container elementor-column-gap-default\">\n\t\t\t\t\t<div class=\"elementor-column elementor-col-100 elementor-top-column elementor-element elementor-element-eab2445\" data-id=\"eab2445\" data-element_type=\"column\">\n\t\t\t<div class=\"elementor-widget-wrap elementor-element-populated\">\n\t\t\t\t\t\t<div class=\"elementor-element elementor-element-fc5f76d elementor-widget elementor-widget-text-editor\" data-id=\"fc5f76d\" data-element_type=\"widget\" data-widget_type=\"text-editor.default\">\n\t\t\t\t<div class=\"elementor-widget-container\">\n\t\t\t\t\t\t\t\t\t<p><span style=\"font-weight: 400;\">De les profunditats del mar, a una aventura volc\u00e0nica. I \u00e9s que Catalunya mai no deixa de sorprendre&#8217;ns. Donem-li pas al nostre quart i ex\u00f2tic lloc: el Parc Natural de la zona volc\u00e0nica de la Garrotxa. Aquest incre\u00efble parc, compr\u00e8n la major part de la <\/span><span style=\"font-weight: 400;\">zona volc\u00e0nica de Catalunya<\/span> <span style=\"font-weight: 400;\">, albergant m\u00e9s de 40 cons volc\u00e0nics que envaeixen gran part de la regi\u00f3 de Girona i el Pirineu Catal\u00e0.<\/span><\/p><p><span style=\"font-weight: 400;\">La seva bellesa \u00e9s ins\u00f2lita i alhora intr\u00e8pida. Com que \u00e9s una zona volc\u00e0nica, la seva visita resulta tota una aventura i requereix prendre precaucions. \u00c9s recomanable rec\u00f3rrer-ho amb una persona autoritzada, que pugui ensenyar-vos millor tot el que aneu veient. <\/span><\/p><p><span style=\"font-weight: 400;\">Com que s\u00f3n tants volcans, \u00e9s possible que no es coneguin tots en un mateix dia, per la qual cosa podeu triar els que m\u00e9s us cridin l&#8217;atenci\u00f3. Deixar algunes arracades no \u00e9s problema. L&#8217;important, \u00e9s que no us aneu sense con\u00e8ixer el <\/span><span style=\"font-weight: 400;\">parc nacional de Catalunya<\/span> <span style=\"font-weight: 400;\">i gaudir de la seva naturalesa i entorn.<\/span><\/p><p><span style=\"font-weight: 400;\">A tot aix\u00f2, cal remarcar algunes zones tradicionals de visitar cada any a la tardor, com \u00e9s la Fageda d&#8217;en Jord\u00e0: Una incre\u00efble extensi\u00f3 d&#8217;arbres que a la tardor ofereix un espectacle que dif\u00edcilment trobareu a qualsevol altra part de Catalunya. En aquest per\u00edode, la caiguda de les fulles i el color vermell\u00f3s permeten gaudir d&#8217;un entorn natural singular. De fet, si voleu alguns tipus, podeu visitar les nostres <a href=\"https:\/\/www.willysplan.com\/ca\/rutes\/rutes-de-senderisme-i-excursions-per-la-garrotxa\">rutes de senderisme per la Garrotxa<\/a>, on t&#8217;oferim la informaci\u00f3 detallada per anar a visitar incre\u00efbles llocs com la <a href=\"https:\/\/www.willysplan.com\/ca\/rutes\/excursio-des-de-lermita-st-marti-del-corb-al-mirador-puig-rodo\">ermita de Sant Mart\u00ed del Corb<\/a>, <a href=\"https:\/\/www.willysplan.com\/ca\/rutes\/excursions-i-rutes-de-senderisme-a-castellfollit-de-la-roca\">visitar Castellfollit de la Roca<\/a>, o fer la <a href=\"https:\/\/www.willysplan.com\/ca\/rutes\/excursio-des-del-pont-den-valenti-al-gorg-blau-de-sant-aniol-agulla\">ruta fins al Gorg Blau de Sant Aniol d&#8217;Aguja<\/a>.<\/span><\/p>\t\t\t\t\t\t\t\t<\/div>\n\t\t\t\t<\/div>\n\t\t\t\t\t<\/div>\n\t\t<\/div>\n\t\t\t\t\t<\/div>\n\t\t<\/section>\n\t\t\t\t<section class=\"elementor-section elementor-top-section elementor-element elementor-element-463b1d6 elementor-section-boxed elementor-section-height-default elementor-section-height-default\" data-id=\"463b1d6\" data-element_type=\"section\">\n\t\t\t\t\t\t<div class=\"elementor-container elementor-column-gap-default\">\n\t\t\t\t\t<div class=\"elementor-column elementor-col-100 elementor-top-column elementor-element elementor-element-906796f\" data-id=\"906796f\" data-element_type=\"column\">\n\t\t\t<div class=\"elementor-widget-wrap elementor-element-populated\">\n\t\t\t\t\t\t<div class=\"elementor-element elementor-element-add74af elementor-widget elementor-widget-heading\" data-id=\"add74af\" data-element_type=\"widget\" data-widget_type=\"heading.default\">\n\t\t\t\t<div class=\"elementor-widget-container\">\n\t\t\t\t\t<h2 class=\"elementor-heading-title elementor-size-default\">5. Parc Natural dels Ports o Ports de Tortosa-Beceite<\/h2>\t\t\t\t<\/div>\n\t\t\t\t<\/div>\n\t\t\t\t\t<\/div>\n\t\t<\/div>\n\t\t\t\t\t<\/div>\n\t\t<\/section>\n\t\t\t\t<section class=\"elementor-section elementor-top-section elementor-element elementor-element-17f4fe2 elementor-section-boxed elementor-section-height-default elementor-section-height-default\" data-id=\"17f4fe2\" data-element_type=\"section\">\n\t\t\t\t\t\t<div class=\"elementor-container elementor-column-gap-default\">\n\t\t\t\t\t<div class=\"elementor-column elementor-col-50 elementor-top-column elementor-element elementor-element-e70c3b5\" data-id=\"e70c3b5\" data-element_type=\"column\">\n\t\t\t<div class=\"elementor-widget-wrap elementor-element-populated\">\n\t\t\t\t\t\t<div class=\"elementor-element elementor-element-6952af3 elementor-widget elementor-widget-image\" data-id=\"6952af3\" data-element_type=\"widget\" data-widget_type=\"image.default\">\n\t\t\t\t<div class=\"elementor-widget-container\">\n\t\t\t\t\t\t\t\t\t\t\t\t\t\t\t<img loading=\"lazy\" decoding=\"async\" width=\"617\" height=\"561\" src=\"https:\/\/www.willysplan.com\/wp-content\/uploads\/2020\/12\/puertos-de-tortosa-beceite.jpg\" class=\"attachment-large size-large wp-image-13793\" alt=\"\" srcset=\"https:\/\/www.willysplan.com\/wp-content\/uploads\/2020\/12\/puertos-de-tortosa-beceite.jpg 617w, https:\/\/www.willysplan.com\/wp-content\/uploads\/2020\/12\/puertos-de-tortosa-beceite-300x273.jpg 300w, https:\/\/www.willysplan.com\/wp-content\/uploads\/2020\/12\/puertos-de-tortosa-beceite-440x400.jpg 440w, https:\/\/www.willysplan.com\/wp-content\/uploads\/2020\/12\/puertos-de-tortosa-beceite-585x532.jpg 585w, https:\/\/www.willysplan.com\/wp-content\/uploads\/2020\/12\/puertos-de-tortosa-beceite-600x546.jpg 600w\" sizes=\"(max-width: 617px) 100vw, 617px\" \/>\t\t\t\t\t\t\t\t\t\t\t\t\t\t\t<\/div>\n\t\t\t\t<\/div>\n\t\t\t\t\t<\/div>\n\t\t<\/div>\n\t\t\t\t<div class=\"elementor-column elementor-col-50 elementor-top-column elementor-element elementor-element-4eea298\" data-id=\"4eea298\" data-element_type=\"column\">\n\t\t\t<div class=\"elementor-widget-wrap elementor-element-populated\">\n\t\t\t\t\t\t<div class=\"elementor-element elementor-element-d04aa7e elementor-widget elementor-widget-google_maps\" data-id=\"d04aa7e\" data-element_type=\"widget\" data-widget_type=\"google_maps.default\">\n\t\t\t\t<div class=\"elementor-widget-container\">\n\t\t\t\t\t\t\t<div class=\"elementor-custom-embed\">\n\t\t\t<iframe loading=\"lazy\"\n\t\t\t\t\tsrc=\"https:\/\/maps.google.com\/maps?q=massis%20dels%20ports&#038;t=m&#038;z=10&#038;output=embed&#038;iwloc=near\"\n\t\t\t\t\ttitle=\"massis dels ports\"\n\t\t\t\t\taria-label=\"massis dels ports\"\n\t\t\t><\/iframe>\n\t\t<\/div>\n\t\t\t\t\t\t<\/div>\n\t\t\t\t<\/div>\n\t\t\t\t\t<\/div>\n\t\t<\/div>\n\t\t\t\t\t<\/div>\n\t\t<\/section>\n\t\t\t\t<section class=\"elementor-section elementor-top-section elementor-element elementor-element-9e9ef71 elementor-section-boxed elementor-section-height-default elementor-section-height-default\" data-id=\"9e9ef71\" data-element_type=\"section\">\n\t\t\t\t\t\t<div class=\"elementor-container elementor-column-gap-default\">\n\t\t\t\t\t<div class=\"elementor-column elementor-col-100 elementor-top-column elementor-element elementor-element-5ca7731\" data-id=\"5ca7731\" data-element_type=\"column\">\n\t\t\t<div class=\"elementor-widget-wrap elementor-element-populated\">\n\t\t\t\t\t\t<div class=\"elementor-element elementor-element-1aafa5b elementor-widget elementor-widget-text-editor\" data-id=\"1aafa5b\" data-element_type=\"widget\" data-widget_type=\"text-editor.default\">\n\t\t\t\t<div class=\"elementor-widget-container\">\n\t\t\t\t\t\t\t\t\t<p><span style=\"font-weight: 400;\">Potser no \u00e9s el m\u00e9s nomenat, per\u00f2 us assegurem que el Parc Natural dels Ports o tamb\u00e9 conegut com a \u201cPorts de Tortosa i Beceite\u201d o el Mass\u00eds dels Ports, us fascinar\u00e0 pel seu caracter\u00edstic relleu i naturalesa. Aquest espai natural pertany al llistat de <\/span><span style=\"font-weight: 400;\">parcs naturals de la prov\u00edncia de Tarragona,<\/span> <span style=\"font-weight: 400;\">i per descomptat no podia faltar al nostre.<\/span><\/p><p><span style=\"font-weight: 400;\">Els escenaris elegits per a aquest parc natural pertanyen a les comunitats aut\u00f2nomes de Catalunya, Arag\u00f3 i la Comunitat Valenciana. Com podeu veure, un dels m\u00e9s extensos del nostre llistat, i per descomptat el m\u00e9s captivador. <\/span><\/p><p><span style=\"font-weight: 400;\">El Mass\u00eds dels Ports est\u00e0 desenvolupat per grans formacions rocoses, que acull una gran quantitat d&#8217;esp\u00e8cies en via d&#8217;extinci\u00f3, per la qual cosa la visita \u00e9s molt protegida i controlada. Tot i aix\u00ed, es pot arribar sense problema i gaudir d&#8217;una <a href=\"https:\/\/www.willysplan.com\/ca\/escapades-relax-per-catalunya-els-millors-balnearis-hotels-i-spas\">escapada relax per Catalunya<\/a> que ens permeti desconnectar de tot. <\/span><\/p><p><span style=\"font-weight: 400;\">Si voleu incloure&#8217;l a la vostra llista, us recomanem aquests tres punts de sortida, on us poden guiar i brindar qualsevol informaci\u00f3 que desitgeu: Roquetes, La S\u00e9nia i Horta de Sant Joan. Per\u00f2 no us en quedeu amb les ganes, doncs el Parc Natural dels Ports us espera, i totes les <a href=\"https:\/\/www.willysplan.com\/ca\/rutes\/rutes-de-senderisme-i-excursions-per-tarragona-provincia\">rutes per la prov\u00edncia de Tarragona<\/a> que us hem preparat tamb\u00e9.<\/span><\/p>\t\t\t\t\t\t\t\t<\/div>\n\t\t\t\t<\/div>\n\t\t\t\t\t<\/div>\n\t\t<\/div>\n\t\t\t\t\t<\/div>\n\t\t<\/section>\n\t\t\t\t<section class=\"elementor-section elementor-top-section elementor-element elementor-element-774fd5b elementor-section-boxed elementor-section-height-default elementor-section-height-default\" data-id=\"774fd5b\" data-element_type=\"section\">\n\t\t\t\t\t\t<div class=\"elementor-container elementor-column-gap-default\">\n\t\t\t\t\t<div class=\"elementor-column elementor-col-100 elementor-top-column elementor-element elementor-element-ccb3386\" data-id=\"ccb3386\" data-element_type=\"column\">\n\t\t\t<div class=\"elementor-widget-wrap elementor-element-populated\">\n\t\t\t\t\t\t<div class=\"elementor-element elementor-element-5d6c67c elementor-widget elementor-widget-heading\" data-id=\"5d6c67c\" data-element_type=\"widget\" data-widget_type=\"heading.default\">\n\t\t\t\t<div class=\"elementor-widget-container\">\n\t\t\t\t\t<h2 class=\"elementor-heading-title elementor-size-default\">Altres rutes que tamb\u00e9 et poden interessar...<\/h2>\t\t\t\t<\/div>\n\t\t\t\t<\/div>\n\t\t\t\t\t<\/div>\n\t\t<\/div>\n\t\t\t\t\t<\/div>\n\t\t<\/section>\n\t\t\t\t<section class=\"elementor-section elementor-top-section elementor-element elementor-element-b9303aa elementor-section-boxed elementor-section-height-default elementor-section-height-default\" data-id=\"b9303aa\" data-element_type=\"section\">\n\t\t\t\t\t\t<div class=\"elementor-container elementor-column-gap-default\">\n\t\t\t\t\t<div class=\"elementor-column elementor-col-100 elementor-top-column elementor-element elementor-element-4c9811a\" data-id=\"4c9811a\" data-element_type=\"column\">\n\t\t\t<div class=\"elementor-widget-wrap elementor-element-populated\">\n\t\t\t\t\t\t\t<\/div>\n\t\t<\/div>\n\t\t\t\t\t<\/div>\n\t\t<\/section>\n\t\t\t\t<\/div>\n\t\t","protected":false},"excerpt":{"rendered":"<p>La diversitat natural a Espanya \u00e9s fascinant i \u00e9s un dels pa\u00efsos m\u00e9s rics en fauna i flora de tot Europa. Per sort, una gran part d&#8217;aquesta, es concentra a les reserves naturals de Catalunya . Una regi\u00f3 plena de paisatges meravellosos i riqueses silvestres, que durant tot l&#8217;any acull molts turistes que busquen aventures&hellip;&nbsp;<a href=\"https:\/\/www.willysplan.com\/ca\/idees\/els-5-millors-parcs-naturals-de-catalunya\" rel=\"bookmark\">Llegiu m\u00e9s &raquo;<span class=\"screen-reader-text\">Els 5 millors parcs naturals de Catalunya<\/span><\/a><\/p>\n","protected":false},"author":1,"featured_media":13785,"comment_status":"closed","ping_status":"closed","sticky":false,"template":"","format":"standard","meta":{"neve_meta_sidebar":"","neve_meta_container":"","neve_meta_enable_content_width":"","neve_meta_content_width":0,"neve_meta_title_alignment":"","neve_meta_author_avatar":"","neve_post_elements_order":"","neve_meta_disable_header":"","neve_meta_disable_footer":"","neve_meta_disable_title":"","_joinchat":[],"footnotes":""},"categories":[462],"tags":[461],"class_list":["post-16327","post","type-post","status-publish","format-standard","has-post-thumbnail","hentry","category-idees","tag-idees"],"yoast_head":"<!-- This site is optimized with the Yoast SEO Premium plugin v20.1 (Yoast SEO v26.9) - https:\/\/yoast.com\/product\/yoast-seo-premium-wordpress\/ -->\n<title>Els 5 millors parcs naturals de Catau\u00f1a - Willy&#039;s Plan<\/title>\n<meta name=\"description\" content=\"Descobriu els 5 millors parcs o reserves naturals de Catalunya, entre ells trobareu alguns de Barcelona, Girona i Tarragona \u2705 Entra!\" \/>\n<meta name=\"robots\" content=\"index, follow, max-snippet:-1, max-image-preview:large, max-video-preview:-1\" \/>\n<link rel=\"canonical\" href=\"https:\/\/willysplan.com\/ca\/idees\/els-5-millors-parcs-naturals-de-catalunya\" \/>\n<meta property=\"og:locale\" content=\"ca_ES\" \/>\n<meta property=\"og:type\" content=\"article\" \/>\n<meta property=\"og:title\" content=\"Els 5 millors parcs naturals de Catalunya\" \/>\n<meta property=\"og:description\" content=\"Descobriu els 5 millors parcs o reserves naturals de Catalunya, entre ells trobareu alguns de Barcelona, Girona i Tarragona \u2705 Entra!\" \/>\n<meta property=\"og:url\" content=\"https:\/\/willysplan.com\/ca\/idees\/els-5-millors-parcs-naturals-de-catalunya\" \/>\n<meta property=\"og:site_name\" content=\"Willy&#039;s Plan \ud83c\udf43\" \/>\n<meta property=\"article:published_time\" content=\"2020-12-02T08:00:29+00:00\" \/>\n<meta property=\"article:modified_time\" content=\"2023-04-14T16:33:31+00:00\" \/>\n<meta property=\"og:image\" content=\"https:\/\/www.willysplan.com\/wp-content\/uploads\/2020\/12\/parc-natural-del-montseny.jpg\" \/>\n\t<meta property=\"og:image:width\" content=\"933\" \/>\n\t<meta property=\"og:image:height\" content=\"576\" \/>\n\t<meta property=\"og:image:type\" content=\"image\/jpeg\" \/>\n<meta name=\"author\" content=\"admin\" \/>\n<meta name=\"twitter:card\" content=\"summary_large_image\" \/>\n<meta name=\"twitter:label1\" content=\"Escrit per\" \/>\n\t<meta name=\"twitter:data1\" content=\"admin\" \/>\n\t<meta name=\"twitter:label2\" content=\"Temps estimat de lectura\" \/>\n\t<meta name=\"twitter:data2\" content=\"6 minuts\" \/>\n<script type=\"application\/ld+json\" class=\"yoast-schema-graph\">{\"@context\":\"https:\/\/schema.org\",\"@graph\":[{\"@type\":\"Article\",\"@id\":\"https:\/\/willysplan.com\/ca\/idees\/els-5-millors-parcs-naturals-de-catalunya#article\",\"isPartOf\":{\"@id\":\"https:\/\/www.willysplan.com\/ca\/idees\/els-5-millors-parcs-naturals-de-catalunya\"},\"author\":{\"name\":\"admin\",\"@id\":\"https:\/\/www.willysplan.com\/#\/schema\/person\/58c1527a9a42e9b18a877f14136f1d47\"},\"headline\":\"Els 5 millors parcs naturals de Catalunya\",\"datePublished\":\"2020-12-02T08:00:29+00:00\",\"dateModified\":\"2023-04-14T16:33:31+00:00\",\"mainEntityOfPage\":{\"@id\":\"https:\/\/www.willysplan.com\/ca\/idees\/els-5-millors-parcs-naturals-de-catalunya\"},\"wordCount\":1283,\"publisher\":{\"@id\":\"https:\/\/www.willysplan.com\/#organization\"},\"image\":{\"@id\":\"https:\/\/willysplan.com\/ca\/idees\/els-5-millors-parcs-naturals-de-catalunya#primaryimage\"},\"thumbnailUrl\":\"https:\/\/www.willysplan.com\/wp-content\/uploads\/2020\/12\/parc-natural-del-montseny.jpg\",\"keywords\":[\"idees\"],\"articleSection\":[\"Idees\"],\"inLanguage\":\"ca\"},{\"@type\":\"WebPage\",\"@id\":\"https:\/\/www.willysplan.com\/ca\/idees\/els-5-millors-parcs-naturals-de-catalunya\",\"url\":\"https:\/\/willysplan.com\/ca\/idees\/els-5-millors-parcs-naturals-de-catalunya\",\"name\":\"Els 5 millors parcs naturals de Catau\u00f1a - Willy's Plan\",\"isPartOf\":{\"@id\":\"https:\/\/www.willysplan.com\/#website\"},\"primaryImageOfPage\":{\"@id\":\"https:\/\/willysplan.com\/ca\/idees\/els-5-millors-parcs-naturals-de-catalunya#primaryimage\"},\"image\":{\"@id\":\"https:\/\/willysplan.com\/ca\/idees\/els-5-millors-parcs-naturals-de-catalunya#primaryimage\"},\"thumbnailUrl\":\"https:\/\/www.willysplan.com\/wp-content\/uploads\/2020\/12\/parc-natural-del-montseny.jpg\",\"datePublished\":\"2020-12-02T08:00:29+00:00\",\"dateModified\":\"2023-04-14T16:33:31+00:00\",\"description\":\"Descobriu els 5 millors parcs o reserves naturals de Catalunya, entre ells trobareu alguns de Barcelona, Girona i Tarragona \u2705 Entra!\",\"inLanguage\":\"ca\",\"potentialAction\":[{\"@type\":\"ReadAction\",\"target\":[\"https:\/\/willysplan.com\/ca\/idees\/els-5-millors-parcs-naturals-de-catalunya\"]}]},{\"@type\":\"ImageObject\",\"inLanguage\":\"ca\",\"@id\":\"https:\/\/willysplan.com\/ca\/idees\/els-5-millors-parcs-naturals-de-catalunya#primaryimage\",\"url\":\"https:\/\/www.willysplan.com\/wp-content\/uploads\/2020\/12\/parc-natural-del-montseny.jpg\",\"contentUrl\":\"https:\/\/www.willysplan.com\/wp-content\/uploads\/2020\/12\/parc-natural-del-montseny.jpg\",\"width\":933,\"height\":576},{\"@type\":\"WebSite\",\"@id\":\"https:\/\/www.willysplan.com\/#website\",\"url\":\"https:\/\/www.willysplan.com\/\",\"name\":\"Willy&#039;s Plan \ud83c\udf43\",\"description\":\"Escapadas y Planes de fin de semana\",\"publisher\":{\"@id\":\"https:\/\/www.willysplan.com\/#organization\"},\"potentialAction\":[{\"@type\":\"SearchAction\",\"target\":{\"@type\":\"EntryPoint\",\"urlTemplate\":\"https:\/\/www.willysplan.com\/?s={search_term_string}\"},\"query-input\":{\"@type\":\"PropertyValueSpecification\",\"valueRequired\":true,\"valueName\":\"search_term_string\"}}],\"inLanguage\":\"ca\"},{\"@type\":\"Organization\",\"@id\":\"https:\/\/www.willysplan.com\/#organization\",\"name\":\"Willy&#039;s Plan \ud83c\udf43\",\"url\":\"https:\/\/www.willysplan.com\/\",\"logo\":{\"@type\":\"ImageObject\",\"inLanguage\":\"ca\",\"@id\":\"https:\/\/www.willysplan.com\/#\/schema\/logo\/image\/\",\"url\":\"https:\/\/www.willysplan.com\/wp-content\/uploads\/2020\/04\/cropped-logo-1.png\",\"contentUrl\":\"https:\/\/www.willysplan.com\/wp-content\/uploads\/2020\/04\/cropped-logo-1.png\",\"width\":332,\"height\":332,\"caption\":\"Willy&#039;s Plan \ud83c\udf43\"},\"image\":{\"@id\":\"https:\/\/www.willysplan.com\/#\/schema\/logo\/image\/\"}},{\"@type\":\"Person\",\"@id\":\"https:\/\/www.willysplan.com\/#\/schema\/person\/58c1527a9a42e9b18a877f14136f1d47\",\"name\":\"admin\",\"image\":{\"@type\":\"ImageObject\",\"inLanguage\":\"ca\",\"@id\":\"https:\/\/www.willysplan.com\/#\/schema\/person\/image\/\",\"url\":\"https:\/\/secure.gravatar.com\/avatar\/0b8d78e655d83cc71e0a6cd6cb0f0f99929604cd70ff0f7ac1713f248945ea9d?s=96&d=mm&r=g\",\"contentUrl\":\"https:\/\/secure.gravatar.com\/avatar\/0b8d78e655d83cc71e0a6cd6cb0f0f99929604cd70ff0f7ac1713f248945ea9d?s=96&d=mm&r=g\",\"caption\":\"admin\"},\"url\":\"https:\/\/www.willysplan.com\/ca\/author\/admin\"}]}<\/script>\n<!-- \/ Yoast SEO Premium plugin. -->","yoast_head_json":{"title":"Els 5 millors parcs naturals de Catau\u00f1a - Willy's Plan","description":"Descobriu els 5 millors parcs o reserves naturals de Catalunya, entre ells trobareu alguns de Barcelona, Girona i Tarragona \u2705 Entra!","robots":{"index":"index","follow":"follow","max-snippet":"max-snippet:-1","max-image-preview":"max-image-preview:large","max-video-preview":"max-video-preview:-1"},"canonical":"https:\/\/willysplan.com\/ca\/idees\/els-5-millors-parcs-naturals-de-catalunya","og_locale":"ca_ES","og_type":"article","og_title":"Els 5 millors parcs naturals de Catalunya","og_description":"Descobriu els 5 millors parcs o reserves naturals de Catalunya, entre ells trobareu alguns de Barcelona, Girona i Tarragona \u2705 Entra!","og_url":"https:\/\/willysplan.com\/ca\/idees\/els-5-millors-parcs-naturals-de-catalunya","og_site_name":"Willy&#039;s Plan \ud83c\udf43","article_published_time":"2020-12-02T08:00:29+00:00","article_modified_time":"2023-04-14T16:33:31+00:00","og_image":[{"width":933,"height":576,"url":"https:\/\/www.willysplan.com\/wp-content\/uploads\/2020\/12\/parc-natural-del-montseny.jpg","type":"image\/jpeg"}],"author":"admin","twitter_card":"summary_large_image","twitter_misc":{"Escrit per":"admin","Temps estimat de lectura":"6 minuts"},"schema":{"@context":"https:\/\/schema.org","@graph":[{"@type":"Article","@id":"https:\/\/willysplan.com\/ca\/idees\/els-5-millors-parcs-naturals-de-catalunya#article","isPartOf":{"@id":"https:\/\/www.willysplan.com\/ca\/idees\/els-5-millors-parcs-naturals-de-catalunya"},"author":{"name":"admin","@id":"https:\/\/www.willysplan.com\/#\/schema\/person\/58c1527a9a42e9b18a877f14136f1d47"},"headline":"Els 5 millors parcs naturals de Catalunya","datePublished":"2020-12-02T08:00:29+00:00","dateModified":"2023-04-14T16:33:31+00:00","mainEntityOfPage":{"@id":"https:\/\/www.willysplan.com\/ca\/idees\/els-5-millors-parcs-naturals-de-catalunya"},"wordCount":1283,"publisher":{"@id":"https:\/\/www.willysplan.com\/#organization"},"image":{"@id":"https:\/\/willysplan.com\/ca\/idees\/els-5-millors-parcs-naturals-de-catalunya#primaryimage"},"thumbnailUrl":"https:\/\/www.willysplan.com\/wp-content\/uploads\/2020\/12\/parc-natural-del-montseny.jpg","keywords":["idees"],"articleSection":["Idees"],"inLanguage":"ca"},{"@type":"WebPage","@id":"https:\/\/www.willysplan.com\/ca\/idees\/els-5-millors-parcs-naturals-de-catalunya","url":"https:\/\/willysplan.com\/ca\/idees\/els-5-millors-parcs-naturals-de-catalunya","name":"Els 5 millors parcs naturals de Catau\u00f1a - Willy's Plan","isPartOf":{"@id":"https:\/\/www.willysplan.com\/#website"},"primaryImageOfPage":{"@id":"https:\/\/willysplan.com\/ca\/idees\/els-5-millors-parcs-naturals-de-catalunya#primaryimage"},"image":{"@id":"https:\/\/willysplan.com\/ca\/idees\/els-5-millors-parcs-naturals-de-catalunya#primaryimage"},"thumbnailUrl":"https:\/\/www.willysplan.com\/wp-content\/uploads\/2020\/12\/parc-natural-del-montseny.jpg","datePublished":"2020-12-02T08:00:29+00:00","dateModified":"2023-04-14T16:33:31+00:00","description":"Descobriu els 5 millors parcs o reserves naturals de Catalunya, entre ells trobareu alguns de Barcelona, Girona i Tarragona \u2705 Entra!","inLanguage":"ca","potentialAction":[{"@type":"ReadAction","target":["https:\/\/willysplan.com\/ca\/idees\/els-5-millors-parcs-naturals-de-catalunya"]}]},{"@type":"ImageObject","inLanguage":"ca","@id":"https:\/\/willysplan.com\/ca\/idees\/els-5-millors-parcs-naturals-de-catalunya#primaryimage","url":"https:\/\/www.willysplan.com\/wp-content\/uploads\/2020\/12\/parc-natural-del-montseny.jpg","contentUrl":"https:\/\/www.willysplan.com\/wp-content\/uploads\/2020\/12\/parc-natural-del-montseny.jpg","width":933,"height":576},{"@type":"WebSite","@id":"https:\/\/www.willysplan.com\/#website","url":"https:\/\/www.willysplan.com\/","name":"Willy&#039;s Plan \ud83c\udf43","description":"Escapadas y Planes de fin de semana","publisher":{"@id":"https:\/\/www.willysplan.com\/#organization"},"potentialAction":[{"@type":"SearchAction","target":{"@type":"EntryPoint","urlTemplate":"https:\/\/www.willysplan.com\/?s={search_term_string}"},"query-input":{"@type":"PropertyValueSpecification","valueRequired":true,"valueName":"search_term_string"}}],"inLanguage":"ca"},{"@type":"Organization","@id":"https:\/\/www.willysplan.com\/#organization","name":"Willy&#039;s Plan \ud83c\udf43","url":"https:\/\/www.willysplan.com\/","logo":{"@type":"ImageObject","inLanguage":"ca","@id":"https:\/\/www.willysplan.com\/#\/schema\/logo\/image\/","url":"https:\/\/www.willysplan.com\/wp-content\/uploads\/2020\/04\/cropped-logo-1.png","contentUrl":"https:\/\/www.willysplan.com\/wp-content\/uploads\/2020\/04\/cropped-logo-1.png","width":332,"height":332,"caption":"Willy&#039;s Plan \ud83c\udf43"},"image":{"@id":"https:\/\/www.willysplan.com\/#\/schema\/logo\/image\/"}},{"@type":"Person","@id":"https:\/\/www.willysplan.com\/#\/schema\/person\/58c1527a9a42e9b18a877f14136f1d47","name":"admin","image":{"@type":"ImageObject","inLanguage":"ca","@id":"https:\/\/www.willysplan.com\/#\/schema\/person\/image\/","url":"https:\/\/secure.gravatar.com\/avatar\/0b8d78e655d83cc71e0a6cd6cb0f0f99929604cd70ff0f7ac1713f248945ea9d?s=96&d=mm&r=g","contentUrl":"https:\/\/secure.gravatar.com\/avatar\/0b8d78e655d83cc71e0a6cd6cb0f0f99929604cd70ff0f7ac1713f248945ea9d?s=96&d=mm&r=g","caption":"admin"},"url":"https:\/\/www.willysplan.com\/ca\/author\/admin"}]}},"_links":{"self":[{"href":"https:\/\/www.willysplan.com\/ca\/wp-json\/wp\/v2\/posts\/16327","targetHints":{"allow":["GET"]}}],"collection":[{"href":"https:\/\/www.willysplan.com\/ca\/wp-json\/wp\/v2\/posts"}],"about":[{"href":"https:\/\/www.willysplan.com\/ca\/wp-json\/wp\/v2\/types\/post"}],"author":[{"embeddable":true,"href":"https:\/\/www.willysplan.com\/ca\/wp-json\/wp\/v2\/users\/1"}],"replies":[{"embeddable":true,"href":"https:\/\/www.willysplan.com\/ca\/wp-json\/wp\/v2\/comments?post=16327"}],"version-history":[{"count":6,"href":"https:\/\/www.willysplan.com\/ca\/wp-json\/wp\/v2\/posts\/16327\/revisions"}],"predecessor-version":[{"id":18236,"href":"https:\/\/www.willysplan.com\/ca\/wp-json\/wp\/v2\/posts\/16327\/revisions\/18236"}],"wp:featuredmedia":[{"embeddable":true,"href":"https:\/\/www.willysplan.com\/ca\/wp-json\/wp\/v2\/media\/13785"}],"wp:attachment":[{"href":"https:\/\/www.willysplan.com\/ca\/wp-json\/wp\/v2\/media?parent=16327"}],"wp:term":[{"taxonomy":"category","embeddable":true,"href":"https:\/\/www.willysplan.com\/ca\/wp-json\/wp\/v2\/categories?post=16327"},{"taxonomy":"post_tag","embeddable":true,"href":"https:\/\/www.willysplan.com\/ca\/wp-json\/wp\/v2\/tags?post=16327"}],"curies":[{"name":"wp","href":"https:\/\/api.w.org\/{rel}","templated":true}]}}