{"id":16318,"date":"2021-01-09T19:49:51","date_gmt":"2021-01-09T18:49:51","guid":{"rendered":"https:\/\/willysplan.com\/uncategorized-ca\/7-castells-medievals-per-visitar-a-catalunya"},"modified":"2023-07-25T04:32:25","modified_gmt":"2023-07-25T03:32:25","slug":"7-castells-medievals-per-visitar-a-catalunya","status":"publish","type":"post","link":"https:\/\/www.willysplan.com\/ca\/idees\/7-castells-medievals-per-visitar-a-catalunya","title":{"rendered":"7 Castells medievals per visitar a Catalunya"},"content":{"rendered":"\t\t<div data-elementor-type=\"wp-post\" data-elementor-id=\"16318\" class=\"elementor elementor-16318 elementor-3699\" data-elementor-post-type=\"post\">\n\t\t\t\t\t\t<section class=\"elementor-section elementor-top-section elementor-element elementor-element-671cd3c elementor-section-boxed elementor-section-height-default elementor-section-height-default\" data-id=\"671cd3c\" data-element_type=\"section\">\n\t\t\t\t\t\t<div class=\"elementor-container elementor-column-gap-default\">\n\t\t\t\t\t<div class=\"elementor-column elementor-col-100 elementor-top-column elementor-element elementor-element-eaffc38\" data-id=\"eaffc38\" data-element_type=\"column\">\n\t\t\t<div class=\"elementor-widget-wrap elementor-element-populated\">\n\t\t\t\t\t\t<div class=\"elementor-element elementor-element-ac561a4 elementor-widget elementor-widget-text-editor\" data-id=\"ac561a4\" data-element_type=\"widget\" data-widget_type=\"text-editor.default\">\n\t\t\t\t<div class=\"elementor-widget-container\">\n\t\t\t\t\t\t\t\t\t<p><span style=\"font-weight: 400;\">A Willy&#8217;s Plan ens apassionen les <a href=\"https:\/\/www.willysplan.com\/ca\/rutes\/rutes-de-senderisme-i-excursions-per-catalunya\">rutes per Catalunya<\/a> , aix\u00f2 \u00e9s una cosa innegable. Per\u00f2 encara m\u00e9s, ens apassionen els llocs que ens traslladen en el temps. Territoris que ens permeten recrear la vida en altres \u00e8poques i ens recorden el llegat i les tradicions, que ara per ara ens defineixen. <\/span><\/p><p><span style=\"font-weight: 400;\">Els palaus i les fortaleses s\u00f3n construccions memorables d&#8217;un per\u00edode que defineix la cultura catalana: l&#8217;\u00e8poca medieval. I n&#8217;hi ha m\u00e9s de set-cents <\/span><span style=\"font-weight: 400;\">castells medievals a Catalunya, distribu\u00efts per tota la regi\u00f3.<\/span><\/p><p><span style=\"font-weight: 400;\">Perqu\u00e8 us feu una idea, no tots els castells van ser constru\u00efts com a fortaleses militars, i no tot es tracta de visitar els castells abandonats de Catalunya. Molts dels castells a Catalunya van ser dissenyats per a les fam\u00edlies m\u00e9s importants i eren el punt de trobada pel poble i les festivitats socials.<\/span><\/p><p><span style=\"font-weight: 400;\">En aquest article us convidem a con\u00e8ixer all\u00f2 que al nostre parer, s\u00f3n els<\/span> <span style=\"font-weight: 400;\">7<\/span> <span style=\"font-weight: 400;\">castells m\u00e9s bonics de tot Catalunya.<\/span> <span style=\"font-weight: 400;\">Deixeu-vos atrapar per l&#8217;aut\u00e8ntica Catalunya i el seu m\u00e0gic encant.<\/span><\/p>\t\t\t\t\t\t\t\t<\/div>\n\t\t\t\t<\/div>\n\t\t\t\t\t<\/div>\n\t\t<\/div>\n\t\t\t\t\t<\/div>\n\t\t<\/section>\n\t\t\t\t<section class=\"elementor-section elementor-top-section elementor-element elementor-element-36fe8d4 elementor-section-boxed elementor-section-height-default elementor-section-height-default\" data-id=\"36fe8d4\" data-element_type=\"section\">\n\t\t\t\t\t\t<div class=\"elementor-container elementor-column-gap-default\">\n\t\t\t\t\t<div class=\"elementor-column elementor-col-100 elementor-top-column elementor-element elementor-element-da527a3\" data-id=\"da527a3\" data-element_type=\"column\">\n\t\t\t<div class=\"elementor-widget-wrap elementor-element-populated\">\n\t\t\t\t\t\t<div class=\"elementor-element elementor-element-005077d elementor-widget elementor-widget-heading\" data-id=\"005077d\" data-element_type=\"widget\" data-widget_type=\"heading.default\">\n\t\t\t\t<div class=\"elementor-widget-container\">\n\t\t\t\t\t<h2 class=\"elementor-heading-title elementor-size-default\">1. Castell de Montesquiu\n<\/h2>\t\t\t\t<\/div>\n\t\t\t\t<\/div>\n\t\t\t\t\t<\/div>\n\t\t<\/div>\n\t\t\t\t\t<\/div>\n\t\t<\/section>\n\t\t\t\t<section class=\"elementor-section elementor-top-section elementor-element elementor-element-ec7d9c0 elementor-section-boxed elementor-section-height-default elementor-section-height-default\" data-id=\"ec7d9c0\" data-element_type=\"section\">\n\t\t\t\t\t\t<div class=\"elementor-container elementor-column-gap-default\">\n\t\t\t\t\t<div class=\"elementor-column elementor-col-50 elementor-top-column elementor-element elementor-element-1bee018\" data-id=\"1bee018\" data-element_type=\"column\">\n\t\t\t<div class=\"elementor-widget-wrap elementor-element-populated\">\n\t\t\t\t\t\t<div class=\"elementor-element elementor-element-a63218a elementor-widget elementor-widget-image\" data-id=\"a63218a\" data-element_type=\"widget\" data-widget_type=\"image.default\">\n\t\t\t\t<div class=\"elementor-widget-container\">\n\t\t\t\t\t\t\t\t\t\t\t\t\t\t\t<img fetchpriority=\"high\" decoding=\"async\" width=\"827\" height=\"574\" src=\"https:\/\/www.willysplan.com\/wp-content\/uploads\/2021\/01\/castell-montesquiu.jpg\" class=\"attachment-large size-large wp-image-13905\" alt=\"\" srcset=\"https:\/\/www.willysplan.com\/wp-content\/uploads\/2021\/01\/castell-montesquiu.jpg 827w, https:\/\/www.willysplan.com\/wp-content\/uploads\/2021\/01\/castell-montesquiu-300x208.jpg 300w, https:\/\/www.willysplan.com\/wp-content\/uploads\/2021\/01\/castell-montesquiu-768x533.jpg 768w, https:\/\/www.willysplan.com\/wp-content\/uploads\/2021\/01\/castell-montesquiu-576x400.jpg 576w, https:\/\/www.willysplan.com\/wp-content\/uploads\/2021\/01\/castell-montesquiu-585x406.jpg 585w, https:\/\/www.willysplan.com\/wp-content\/uploads\/2021\/01\/castell-montesquiu-600x416.jpg 600w\" sizes=\"(max-width: 827px) 100vw, 827px\" \/>\t\t\t\t\t\t\t\t\t\t\t\t\t\t\t<\/div>\n\t\t\t\t<\/div>\n\t\t\t\t\t<\/div>\n\t\t<\/div>\n\t\t\t\t<div class=\"elementor-column elementor-col-50 elementor-top-column elementor-element elementor-element-8fdc606\" data-id=\"8fdc606\" data-element_type=\"column\">\n\t\t\t<div class=\"elementor-widget-wrap elementor-element-populated\">\n\t\t\t\t\t\t<div class=\"elementor-element elementor-element-e4b3fd9 elementor-widget elementor-widget-google_maps\" data-id=\"e4b3fd9\" data-element_type=\"widget\" data-widget_type=\"google_maps.default\">\n\t\t\t\t<div class=\"elementor-widget-container\">\n\t\t\t\t\t\t\t<div class=\"elementor-custom-embed\">\n\t\t\t<iframe loading=\"lazy\"\n\t\t\t\t\tsrc=\"https:\/\/maps.google.com\/maps?q=castell%20de%20montesquiu&#038;t=m&#038;z=10&#038;output=embed&#038;iwloc=near\"\n\t\t\t\t\ttitle=\"castell de montesquiu\"\n\t\t\t\t\taria-label=\"castell de montesquiu\"\n\t\t\t><\/iframe>\n\t\t<\/div>\n\t\t\t\t\t\t<\/div>\n\t\t\t\t<\/div>\n\t\t\t\t\t<\/div>\n\t\t<\/div>\n\t\t\t\t\t<\/div>\n\t\t<\/section>\n\t\t\t\t<section class=\"elementor-section elementor-top-section elementor-element elementor-element-4e88c10 elementor-section-boxed elementor-section-height-default elementor-section-height-default\" data-id=\"4e88c10\" data-element_type=\"section\">\n\t\t\t\t\t\t<div class=\"elementor-container elementor-column-gap-default\">\n\t\t\t\t\t<div class=\"elementor-column elementor-col-100 elementor-top-column elementor-element elementor-element-8ccc3a4\" data-id=\"8ccc3a4\" data-element_type=\"column\">\n\t\t\t<div class=\"elementor-widget-wrap elementor-element-populated\">\n\t\t\t\t\t\t<div class=\"elementor-element elementor-element-39dc59f elementor-widget elementor-widget-text-editor\" data-id=\"39dc59f\" data-element_type=\"widget\" data-widget_type=\"text-editor.default\">\n\t\t\t\t<div class=\"elementor-widget-container\">\n\t\t\t\t\t\t\t\t\t<p><span style=\"font-weight: 400;\">El nostre primer castell es troba ubicat en un parc natural, el qual envolta gran part del seu entorn. El Castell de Montesquiu va ser constru\u00eft al segle IX, com a finalitat militar i va ser fins al segle XX, que va entrar al llistat dels <\/span><span style=\"font-weight: 400;\">castells templers de Catalunya m\u00e9s importants. <\/span><\/p>\n<p><span style=\"font-weight: 400;\">Avui dia est\u00e0 obert al p\u00fablic, amb visites dirigides que endinsen els visitants en la seva incre\u00efble hist\u00f2ria. Un pla perfecte per passar el dia en un entorn natural, amb l\u00b4acollidora ribera del Ter i l\u00b4exquisida gastronomia catalana, que es pot degustar, en una infinitat de fondes que es troben als voltants d\u00b4Osona i Ripoll\u00e8s. <\/span><\/p>\n\t\t\t\t\t\t\t\t<\/div>\n\t\t\t\t<\/div>\n\t\t\t\t\t<\/div>\n\t\t<\/div>\n\t\t\t\t\t<\/div>\n\t\t<\/section>\n\t\t\t\t<section class=\"elementor-section elementor-top-section elementor-element elementor-element-312ed31 elementor-section-boxed elementor-section-height-default elementor-section-height-default\" data-id=\"312ed31\" data-element_type=\"section\">\n\t\t\t\t\t\t<div class=\"elementor-container elementor-column-gap-default\">\n\t\t\t\t\t<div class=\"elementor-column elementor-col-100 elementor-top-column elementor-element elementor-element-62ae476\" data-id=\"62ae476\" data-element_type=\"column\">\n\t\t\t<div class=\"elementor-widget-wrap elementor-element-populated\">\n\t\t\t\t\t\t<div class=\"elementor-element elementor-element-46f106b elementor-widget elementor-widget-image\" data-id=\"46f106b\" data-element_type=\"widget\" data-widget_type=\"image.default\">\n\t\t\t\t<div class=\"elementor-widget-container\">\n\t\t\t\t\t\t\t\t\t\t\t\t\t\t\t\t<a href=\"https:\/\/www.wonderkidsapp.com\/\" rel=\"nofollow\">\n\t\t\t\t\t\t\t<img decoding=\"async\" width=\"900\" height=\"150\" src=\"https:\/\/www.willysplan.com\/wp-content\/uploads\/2020\/08\/Banner_01.jpg\" class=\"attachment-large size-large wp-image-14079\" alt=\"\" srcset=\"https:\/\/www.willysplan.com\/wp-content\/uploads\/2020\/08\/Banner_01.jpg 900w, https:\/\/www.willysplan.com\/wp-content\/uploads\/2020\/08\/Banner_01-300x50.jpg 300w, https:\/\/www.willysplan.com\/wp-content\/uploads\/2020\/08\/Banner_01-768x128.jpg 768w, https:\/\/www.willysplan.com\/wp-content\/uploads\/2020\/08\/Banner_01-600x100.jpg 600w\" sizes=\"(max-width: 900px) 100vw, 900px\" \/>\t\t\t\t\t\t\t\t<\/a>\n\t\t\t\t\t\t\t\t\t\t\t\t\t\t\t<\/div>\n\t\t\t\t<\/div>\n\t\t\t\t\t<\/div>\n\t\t<\/div>\n\t\t\t\t\t<\/div>\n\t\t<\/section>\n\t\t\t\t<section class=\"elementor-section elementor-top-section elementor-element elementor-element-cf26dc9 elementor-section-boxed elementor-section-height-default elementor-section-height-default\" data-id=\"cf26dc9\" data-element_type=\"section\">\n\t\t\t\t\t\t<div class=\"elementor-container elementor-column-gap-default\">\n\t\t\t\t\t<div class=\"elementor-column elementor-col-100 elementor-top-column elementor-element elementor-element-5689fda\" data-id=\"5689fda\" data-element_type=\"column\">\n\t\t\t<div class=\"elementor-widget-wrap elementor-element-populated\">\n\t\t\t\t\t\t<div class=\"elementor-element elementor-element-ec10ffc elementor-widget elementor-widget-heading\" data-id=\"ec10ffc\" data-element_type=\"widget\" data-widget_type=\"heading.default\">\n\t\t\t\t<div class=\"elementor-widget-container\">\n\t\t\t\t\t<h2 class=\"elementor-heading-title elementor-size-default\">2. Castell de Cardona\n<\/h2>\t\t\t\t<\/div>\n\t\t\t\t<\/div>\n\t\t\t\t\t<\/div>\n\t\t<\/div>\n\t\t\t\t\t<\/div>\n\t\t<\/section>\n\t\t\t\t<section class=\"elementor-section elementor-top-section elementor-element elementor-element-36de432 elementor-section-boxed elementor-section-height-default elementor-section-height-default\" data-id=\"36de432\" data-element_type=\"section\">\n\t\t\t\t\t\t<div class=\"elementor-container elementor-column-gap-default\">\n\t\t\t\t\t<div class=\"elementor-column elementor-col-50 elementor-top-column elementor-element elementor-element-30a85ea\" data-id=\"30a85ea\" data-element_type=\"column\">\n\t\t\t<div class=\"elementor-widget-wrap elementor-element-populated\">\n\t\t\t\t\t\t<div class=\"elementor-element elementor-element-254baa4 elementor-widget elementor-widget-image\" data-id=\"254baa4\" data-element_type=\"widget\" data-widget_type=\"image.default\">\n\t\t\t\t<div class=\"elementor-widget-container\">\n\t\t\t\t\t\t\t\t\t\t\t\t\t\t\t<img decoding=\"async\" width=\"768\" height=\"531\" src=\"https:\/\/www.willysplan.com\/wp-content\/uploads\/2021\/01\/castell-de-cardona-768x531.jpg\" class=\"attachment-medium_large size-medium_large wp-image-13903\" alt=\"\" srcset=\"https:\/\/www.willysplan.com\/wp-content\/uploads\/2021\/01\/castell-de-cardona-768x531.jpg 768w, https:\/\/www.willysplan.com\/wp-content\/uploads\/2021\/01\/castell-de-cardona-300x207.jpg 300w, https:\/\/www.willysplan.com\/wp-content\/uploads\/2021\/01\/castell-de-cardona-579x400.jpg 579w, https:\/\/www.willysplan.com\/wp-content\/uploads\/2021\/01\/castell-de-cardona-585x404.jpg 585w, https:\/\/www.willysplan.com\/wp-content\/uploads\/2021\/01\/castell-de-cardona-600x415.jpg 600w, https:\/\/www.willysplan.com\/wp-content\/uploads\/2021\/01\/castell-de-cardona.jpg 826w\" sizes=\"(max-width: 768px) 100vw, 768px\" \/>\t\t\t\t\t\t\t\t\t\t\t\t\t\t\t<\/div>\n\t\t\t\t<\/div>\n\t\t\t\t\t<\/div>\n\t\t<\/div>\n\t\t\t\t<div class=\"elementor-column elementor-col-50 elementor-top-column elementor-element elementor-element-391cda5\" data-id=\"391cda5\" data-element_type=\"column\">\n\t\t\t<div class=\"elementor-widget-wrap elementor-element-populated\">\n\t\t\t\t\t\t<div class=\"elementor-element elementor-element-b390bb5 elementor-widget elementor-widget-google_maps\" data-id=\"b390bb5\" data-element_type=\"widget\" data-widget_type=\"google_maps.default\">\n\t\t\t\t<div class=\"elementor-widget-container\">\n\t\t\t\t\t\t\t<div class=\"elementor-custom-embed\">\n\t\t\t<iframe loading=\"lazy\"\n\t\t\t\t\tsrc=\"https:\/\/maps.google.com\/maps?q=castell%20de%20cardona&#038;t=m&#038;z=10&#038;output=embed&#038;iwloc=near\"\n\t\t\t\t\ttitle=\"castell de cardona\"\n\t\t\t\t\taria-label=\"castell de cardona\"\n\t\t\t><\/iframe>\n\t\t<\/div>\n\t\t\t\t\t\t<\/div>\n\t\t\t\t<\/div>\n\t\t\t\t\t<\/div>\n\t\t<\/div>\n\t\t\t\t\t<\/div>\n\t\t<\/section>\n\t\t\t\t<section class=\"elementor-section elementor-top-section elementor-element elementor-element-090337d elementor-section-boxed elementor-section-height-default elementor-section-height-default\" data-id=\"090337d\" data-element_type=\"section\">\n\t\t\t\t\t\t<div class=\"elementor-container elementor-column-gap-default\">\n\t\t\t\t\t<div class=\"elementor-column elementor-col-100 elementor-top-column elementor-element elementor-element-10259a1\" data-id=\"10259a1\" data-element_type=\"column\">\n\t\t\t<div class=\"elementor-widget-wrap elementor-element-populated\">\n\t\t\t\t\t\t<div class=\"elementor-element elementor-element-67842ef elementor-widget elementor-widget-text-editor\" data-id=\"67842ef\" data-element_type=\"widget\" data-widget_type=\"text-editor.default\">\n\t\t\t\t<div class=\"elementor-widget-container\">\n\t\t\t\t\t\t\t\t\t<p><span style=\"font-weight: 400;\">El Castell de Cardona tamb\u00e9 fa part de la llista dels castells a Catalunya per visitar. La import\u00e0ncia d&#8217;aquest castell es deu a la grandesa del palau i la riquesa que va representar la famosa mina de sal de Cardona per a la regi\u00f3. A m\u00e9s, el castell de Cardona conserva la seva vila en un estat excel\u00b7lent, ra\u00f3 per la qual molts curiosos decideixen visitar-lo al llarg de l&#8217;any.<\/span><\/p>\n<p><span style=\"font-weight: 400;\">Si parlem de la seva arquitectura, podr\u00edem definir-la en una sola paraula: \u201cfascinant\u201d. Enmig d&#8217;aquesta fortalesa medieval, hi ha una capella g\u00f2tica, la famosa torre de Minyona, coneguda per les seves memorables llegendes i la proximitat amb les mines de sal de Cardona; fan d&#8217;aquest recorregut una experi\u00e8ncia inoblidable, en all\u00f2 m\u00e9s representatiu de l&#8217;edat mitjana de Catalunya.<\/span><\/p>\n\t\t\t\t\t\t\t\t<\/div>\n\t\t\t\t<\/div>\n\t\t\t\t\t<\/div>\n\t\t<\/div>\n\t\t\t\t\t<\/div>\n\t\t<\/section>\n\t\t\t\t<section class=\"elementor-section elementor-top-section elementor-element elementor-element-228dd78 elementor-section-boxed elementor-section-height-default elementor-section-height-default\" data-id=\"228dd78\" data-element_type=\"section\">\n\t\t\t\t\t\t<div class=\"elementor-container elementor-column-gap-default\">\n\t\t\t\t\t<div class=\"elementor-column elementor-col-100 elementor-top-column elementor-element elementor-element-6fe37a6\" data-id=\"6fe37a6\" data-element_type=\"column\">\n\t\t\t<div class=\"elementor-widget-wrap elementor-element-populated\">\n\t\t\t\t\t\t<div class=\"elementor-element elementor-element-c9dcbd0 elementor-widget elementor-widget-heading\" data-id=\"c9dcbd0\" data-element_type=\"widget\" data-widget_type=\"heading.default\">\n\t\t\t\t<div class=\"elementor-widget-container\">\n\t\t\t\t\t<h2 class=\"elementor-heading-title elementor-size-default\">3. Castell de Miravet\n<\/h2>\t\t\t\t<\/div>\n\t\t\t\t<\/div>\n\t\t\t\t\t<\/div>\n\t\t<\/div>\n\t\t\t\t\t<\/div>\n\t\t<\/section>\n\t\t\t\t<section class=\"elementor-section elementor-top-section elementor-element elementor-element-9dde891 elementor-section-boxed elementor-section-height-default elementor-section-height-default\" data-id=\"9dde891\" data-element_type=\"section\">\n\t\t\t\t\t\t<div class=\"elementor-container elementor-column-gap-default\">\n\t\t\t\t\t<div class=\"elementor-column elementor-col-50 elementor-top-column elementor-element elementor-element-efd1b5f\" data-id=\"efd1b5f\" data-element_type=\"column\">\n\t\t\t<div class=\"elementor-widget-wrap elementor-element-populated\">\n\t\t\t\t\t\t<div class=\"elementor-element elementor-element-52923a4 elementor-widget elementor-widget-image\" data-id=\"52923a4\" data-element_type=\"widget\" data-widget_type=\"image.default\">\n\t\t\t\t<div class=\"elementor-widget-container\">\n\t\t\t\t\t\t\t\t\t\t\t\t\t\t\t<img loading=\"lazy\" decoding=\"async\" width=\"828\" height=\"574\" src=\"https:\/\/www.willysplan.com\/wp-content\/uploads\/2021\/01\/castell-de-miravet.jpg\" class=\"attachment-large size-large wp-image-13901\" alt=\"\" srcset=\"https:\/\/www.willysplan.com\/wp-content\/uploads\/2021\/01\/castell-de-miravet.jpg 828w, https:\/\/www.willysplan.com\/wp-content\/uploads\/2021\/01\/castell-de-miravet-300x208.jpg 300w, https:\/\/www.willysplan.com\/wp-content\/uploads\/2021\/01\/castell-de-miravet-768x532.jpg 768w, https:\/\/www.willysplan.com\/wp-content\/uploads\/2021\/01\/castell-de-miravet-577x400.jpg 577w, https:\/\/www.willysplan.com\/wp-content\/uploads\/2021\/01\/castell-de-miravet-585x406.jpg 585w, https:\/\/www.willysplan.com\/wp-content\/uploads\/2021\/01\/castell-de-miravet-600x416.jpg 600w\" sizes=\"(max-width: 828px) 100vw, 828px\" \/>\t\t\t\t\t\t\t\t\t\t\t\t\t\t\t<\/div>\n\t\t\t\t<\/div>\n\t\t\t\t\t<\/div>\n\t\t<\/div>\n\t\t\t\t<div class=\"elementor-column elementor-col-50 elementor-top-column elementor-element elementor-element-a40f723\" data-id=\"a40f723\" data-element_type=\"column\">\n\t\t\t<div class=\"elementor-widget-wrap elementor-element-populated\">\n\t\t\t\t\t\t<div class=\"elementor-element elementor-element-8ebd04f elementor-widget elementor-widget-google_maps\" data-id=\"8ebd04f\" data-element_type=\"widget\" data-widget_type=\"google_maps.default\">\n\t\t\t\t<div class=\"elementor-widget-container\">\n\t\t\t\t\t\t\t<div class=\"elementor-custom-embed\">\n\t\t\t<iframe loading=\"lazy\"\n\t\t\t\t\tsrc=\"https:\/\/maps.google.com\/maps?q=castell%20de%20miravet&#038;t=m&#038;z=10&#038;output=embed&#038;iwloc=near\"\n\t\t\t\t\ttitle=\"castell de miravet\"\n\t\t\t\t\taria-label=\"castell de miravet\"\n\t\t\t><\/iframe>\n\t\t<\/div>\n\t\t\t\t\t\t<\/div>\n\t\t\t\t<\/div>\n\t\t\t\t\t<\/div>\n\t\t<\/div>\n\t\t\t\t\t<\/div>\n\t\t<\/section>\n\t\t\t\t<section class=\"elementor-section elementor-top-section elementor-element elementor-element-649f78d elementor-section-boxed elementor-section-height-default elementor-section-height-default\" data-id=\"649f78d\" data-element_type=\"section\">\n\t\t\t\t\t\t<div class=\"elementor-container elementor-column-gap-default\">\n\t\t\t\t\t<div class=\"elementor-column elementor-col-100 elementor-top-column elementor-element elementor-element-bd8f266\" data-id=\"bd8f266\" data-element_type=\"column\">\n\t\t\t<div class=\"elementor-widget-wrap elementor-element-populated\">\n\t\t\t\t\t\t<div class=\"elementor-element elementor-element-6131457 elementor-widget elementor-widget-text-editor\" data-id=\"6131457\" data-element_type=\"widget\" data-widget_type=\"text-editor.default\">\n\t\t\t\t<div class=\"elementor-widget-container\">\n\t\t\t\t\t\t\t\t\t<p><span style=\"font-weight: 400;\">Just als peus de l&#8217;Ebre, sobre la muntanya, es mou el meravell\u00f3s Castell de Miravet. Una construcci\u00f3 que representa la mostra m\u00e9s gran de l&#8217;arquitectura fortificada, caracter\u00edstica de l&#8217;\u00e8poca de la seva fonamentaci\u00f3 i de la gran majoria d&#8217;edificacions antigues de Catalunya. Un lloc que sens dubte ens envolta amb els sediments d\u00b4una grandiosa cultura i tota la seva hist\u00f2ria. <\/span><\/p>\n<p><span style=\"font-weight: 400;\">Avui dia, el castell pertany al patrimoni cultural de Catalunya, sense oblidar que en les seves \u00e8poques daurades va pert\u00e0nyer a innombrables fam\u00edlies poderoses i monarques de la regi\u00f3. El seu estat de conservaci\u00f3 \u00e9s fascinant, per la qual cosa permet fer visites guiades al seu interior, per con\u00e8ixer una mica m\u00e9s de la seva hist\u00f2ria i arquitectura. Un recinte que ens convida a gaudir de la immensitat dels seus paisatges i la pau que nom\u00e9s el Castell de Miravet pot transmetre.<\/span><\/p>\n\t\t\t\t\t\t\t\t<\/div>\n\t\t\t\t<\/div>\n\t\t\t\t\t<\/div>\n\t\t<\/div>\n\t\t\t\t\t<\/div>\n\t\t<\/section>\n\t\t\t\t<section class=\"elementor-section elementor-top-section elementor-element elementor-element-f452534 elementor-section-boxed elementor-section-height-default elementor-section-height-default\" data-id=\"f452534\" data-element_type=\"section\">\n\t\t\t\t\t\t<div class=\"elementor-container elementor-column-gap-default\">\n\t\t\t\t\t<div class=\"elementor-column elementor-col-100 elementor-top-column elementor-element elementor-element-0010dcb\" data-id=\"0010dcb\" data-element_type=\"column\">\n\t\t\t<div class=\"elementor-widget-wrap elementor-element-populated\">\n\t\t\t\t\t\t<div class=\"elementor-element elementor-element-999211e elementor-widget elementor-widget-image\" data-id=\"999211e\" data-element_type=\"widget\" data-widget_type=\"image.default\">\n\t\t\t\t<div class=\"elementor-widget-container\">\n\t\t\t\t\t\t\t\t\t\t\t\t\t\t\t\t<a href=\"https:\/\/www.wonderkidsapp.com\/\" rel=\"nofollow\">\n\t\t\t\t\t\t\t<img decoding=\"async\" width=\"900\" height=\"150\" src=\"https:\/\/www.willysplan.com\/wp-content\/uploads\/2020\/08\/Banner_01.jpg\" class=\"attachment-large size-large wp-image-14079\" alt=\"\" srcset=\"https:\/\/www.willysplan.com\/wp-content\/uploads\/2020\/08\/Banner_01.jpg 900w, https:\/\/www.willysplan.com\/wp-content\/uploads\/2020\/08\/Banner_01-300x50.jpg 300w, https:\/\/www.willysplan.com\/wp-content\/uploads\/2020\/08\/Banner_01-768x128.jpg 768w, https:\/\/www.willysplan.com\/wp-content\/uploads\/2020\/08\/Banner_01-600x100.jpg 600w\" sizes=\"(max-width: 900px) 100vw, 900px\" \/>\t\t\t\t\t\t\t\t<\/a>\n\t\t\t\t\t\t\t\t\t\t\t\t\t\t\t<\/div>\n\t\t\t\t<\/div>\n\t\t\t\t\t<\/div>\n\t\t<\/div>\n\t\t\t\t\t<\/div>\n\t\t<\/section>\n\t\t\t\t<section class=\"elementor-section elementor-top-section elementor-element elementor-element-934cfa6 elementor-section-boxed elementor-section-height-default elementor-section-height-default\" data-id=\"934cfa6\" data-element_type=\"section\">\n\t\t\t\t\t\t<div class=\"elementor-container elementor-column-gap-default\">\n\t\t\t\t\t<div class=\"elementor-column elementor-col-100 elementor-top-column elementor-element elementor-element-6d28942\" data-id=\"6d28942\" data-element_type=\"column\">\n\t\t\t<div class=\"elementor-widget-wrap elementor-element-populated\">\n\t\t\t\t\t\t<div class=\"elementor-element elementor-element-24f2b10 elementor-widget elementor-widget-heading\" data-id=\"24f2b10\" data-element_type=\"widget\" data-widget_type=\"heading.default\">\n\t\t\t\t<div class=\"elementor-widget-container\">\n\t\t\t\t\t<h2 class=\"elementor-heading-title elementor-size-default\">4. Castell de Peralada<\/h2>\t\t\t\t<\/div>\n\t\t\t\t<\/div>\n\t\t\t\t\t<\/div>\n\t\t<\/div>\n\t\t\t\t\t<\/div>\n\t\t<\/section>\n\t\t\t\t<section class=\"elementor-section elementor-top-section elementor-element elementor-element-5a266e9 elementor-section-boxed elementor-section-height-default elementor-section-height-default\" data-id=\"5a266e9\" data-element_type=\"section\">\n\t\t\t\t\t\t<div class=\"elementor-container elementor-column-gap-default\">\n\t\t\t\t\t<div class=\"elementor-column elementor-col-50 elementor-top-column elementor-element elementor-element-8ca8f7f\" data-id=\"8ca8f7f\" data-element_type=\"column\">\n\t\t\t<div class=\"elementor-widget-wrap elementor-element-populated\">\n\t\t\t\t\t\t<div class=\"elementor-element elementor-element-55b0b90 elementor-widget elementor-widget-image\" data-id=\"55b0b90\" data-element_type=\"widget\" data-widget_type=\"image.default\">\n\t\t\t\t<div class=\"elementor-widget-container\">\n\t\t\t\t\t\t\t\t\t\t\t\t\t\t\t<img loading=\"lazy\" decoding=\"async\" width=\"758\" height=\"568\" src=\"https:\/\/www.willysplan.com\/wp-content\/uploads\/2021\/01\/castell-perelada.jpg\" class=\"attachment-large size-large wp-image-13899\" alt=\"\" srcset=\"https:\/\/www.willysplan.com\/wp-content\/uploads\/2021\/01\/castell-perelada.jpg 758w, https:\/\/www.willysplan.com\/wp-content\/uploads\/2021\/01\/castell-perelada-300x225.jpg 300w, https:\/\/www.willysplan.com\/wp-content\/uploads\/2021\/01\/castell-perelada-534x400.jpg 534w, https:\/\/www.willysplan.com\/wp-content\/uploads\/2021\/01\/castell-perelada-585x438.jpg 585w, https:\/\/www.willysplan.com\/wp-content\/uploads\/2021\/01\/castell-perelada-600x450.jpg 600w\" sizes=\"(max-width: 758px) 100vw, 758px\" \/>\t\t\t\t\t\t\t\t\t\t\t\t\t\t\t<\/div>\n\t\t\t\t<\/div>\n\t\t\t\t\t<\/div>\n\t\t<\/div>\n\t\t\t\t<div class=\"elementor-column elementor-col-50 elementor-top-column elementor-element elementor-element-3e5315c\" data-id=\"3e5315c\" data-element_type=\"column\">\n\t\t\t<div class=\"elementor-widget-wrap elementor-element-populated\">\n\t\t\t\t\t\t<div class=\"elementor-element elementor-element-2ac84a8 elementor-widget elementor-widget-google_maps\" data-id=\"2ac84a8\" data-element_type=\"widget\" data-widget_type=\"google_maps.default\">\n\t\t\t\t<div class=\"elementor-widget-container\">\n\t\t\t\t\t\t\t<div class=\"elementor-custom-embed\">\n\t\t\t<iframe loading=\"lazy\"\n\t\t\t\t\tsrc=\"https:\/\/maps.google.com\/maps?q=castell%20de%20perelada%20&#038;t=m&#038;z=10&#038;output=embed&#038;iwloc=near\"\n\t\t\t\t\ttitle=\"castell de perelada \"\n\t\t\t\t\taria-label=\"castell de perelada \"\n\t\t\t><\/iframe>\n\t\t<\/div>\n\t\t\t\t\t\t<\/div>\n\t\t\t\t<\/div>\n\t\t\t\t\t<\/div>\n\t\t<\/div>\n\t\t\t\t\t<\/div>\n\t\t<\/section>\n\t\t\t\t<section class=\"elementor-section elementor-top-section elementor-element elementor-element-7dd4d6d elementor-section-boxed elementor-section-height-default elementor-section-height-default\" data-id=\"7dd4d6d\" data-element_type=\"section\">\n\t\t\t\t\t\t<div class=\"elementor-container elementor-column-gap-default\">\n\t\t\t\t\t<div class=\"elementor-column elementor-col-100 elementor-top-column elementor-element elementor-element-eab2445\" data-id=\"eab2445\" data-element_type=\"column\">\n\t\t\t<div class=\"elementor-widget-wrap elementor-element-populated\">\n\t\t\t\t\t\t<div class=\"elementor-element elementor-element-fc5f76d elementor-widget elementor-widget-text-editor\" data-id=\"fc5f76d\" data-element_type=\"widget\" data-widget_type=\"text-editor.default\">\n\t\t\t\t<div class=\"elementor-widget-container\">\n\t\t\t\t\t\t\t\t\t<p><span style=\"font-weight: 400;\">El castell preferit pels turistes a l&#8217;estiu. El Castell de Peralada \u00e9s fam\u00f3s per allotjar centenars de turistes a l&#8217;estiu, a causa dels festivals de m\u00fasica i art que es realitzen cada any, per a aquesta \u00e8poca. A m\u00e9s, aquest recinte acull un dels museus i cellers de vins m\u00e9s importants de la regi\u00f3, un museu de cer\u00e0mica, una biblioteca, una esgl\u00e9sia i un casino. Sens dubte, que un dia en aquest lloc ser\u00e0 realment entretingut.<\/span><\/p>\n<p><span style=\"font-weight: 400;\">Si ens centrem en la seva hist\u00f2ria, aquest castell va ser constru\u00eft al segle XI ia poc a poc es va anar remodelant i ampliant. Tot i que no \u00e9s el m\u00e9s cridaner, dins de la gran oferta de castells medievals de Catalunya, val la pena con\u00e8ixer-lo i con\u00e8ixer una mica de la seva hist\u00f2ria. <\/span><\/p>\n\t\t\t\t\t\t\t\t<\/div>\n\t\t\t\t<\/div>\n\t\t\t\t\t<\/div>\n\t\t<\/div>\n\t\t\t\t\t<\/div>\n\t\t<\/section>\n\t\t\t\t<section class=\"elementor-section elementor-top-section elementor-element elementor-element-463b1d6 elementor-section-boxed elementor-section-height-default elementor-section-height-default\" data-id=\"463b1d6\" data-element_type=\"section\">\n\t\t\t\t\t\t<div class=\"elementor-container elementor-column-gap-default\">\n\t\t\t\t\t<div class=\"elementor-column elementor-col-100 elementor-top-column elementor-element elementor-element-906796f\" data-id=\"906796f\" data-element_type=\"column\">\n\t\t\t<div class=\"elementor-widget-wrap elementor-element-populated\">\n\t\t\t\t\t\t<div class=\"elementor-element elementor-element-add74af elementor-widget elementor-widget-heading\" data-id=\"add74af\" data-element_type=\"widget\" data-widget_type=\"heading.default\">\n\t\t\t\t<div class=\"elementor-widget-container\">\n\t\t\t\t\t<h2 class=\"elementor-heading-title elementor-size-default\">5. Castell de Santa Florentina<\/h2>\t\t\t\t<\/div>\n\t\t\t\t<\/div>\n\t\t\t\t\t<\/div>\n\t\t<\/div>\n\t\t\t\t\t<\/div>\n\t\t<\/section>\n\t\t\t\t<section class=\"elementor-section elementor-top-section elementor-element elementor-element-17f4fe2 elementor-section-boxed elementor-section-height-default elementor-section-height-default\" data-id=\"17f4fe2\" data-element_type=\"section\">\n\t\t\t\t\t\t<div class=\"elementor-container elementor-column-gap-default\">\n\t\t\t\t\t<div class=\"elementor-column elementor-col-50 elementor-top-column elementor-element elementor-element-e70c3b5\" data-id=\"e70c3b5\" data-element_type=\"column\">\n\t\t\t<div class=\"elementor-widget-wrap elementor-element-populated\">\n\t\t\t\t\t\t<div class=\"elementor-element elementor-element-6952af3 elementor-widget elementor-widget-image\" data-id=\"6952af3\" data-element_type=\"widget\" data-widget_type=\"image.default\">\n\t\t\t\t<div class=\"elementor-widget-container\">\n\t\t\t\t\t\t\t\t\t\t\t\t\t\t\t<img loading=\"lazy\" decoding=\"async\" width=\"829\" height=\"575\" src=\"https:\/\/www.willysplan.com\/wp-content\/uploads\/2021\/01\/castell-de-santa-florentina.jpg\" class=\"attachment-large size-large wp-image-13897\" alt=\"\" srcset=\"https:\/\/www.willysplan.com\/wp-content\/uploads\/2021\/01\/castell-de-santa-florentina.jpg 829w, https:\/\/www.willysplan.com\/wp-content\/uploads\/2021\/01\/castell-de-santa-florentina-300x208.jpg 300w, https:\/\/www.willysplan.com\/wp-content\/uploads\/2021\/01\/castell-de-santa-florentina-768x533.jpg 768w, https:\/\/www.willysplan.com\/wp-content\/uploads\/2021\/01\/castell-de-santa-florentina-577x400.jpg 577w, https:\/\/www.willysplan.com\/wp-content\/uploads\/2021\/01\/castell-de-santa-florentina-585x406.jpg 585w, https:\/\/www.willysplan.com\/wp-content\/uploads\/2021\/01\/castell-de-santa-florentina-600x416.jpg 600w\" sizes=\"(max-width: 829px) 100vw, 829px\" \/>\t\t\t\t\t\t\t\t\t\t\t\t\t\t\t<\/div>\n\t\t\t\t<\/div>\n\t\t\t\t\t<\/div>\n\t\t<\/div>\n\t\t\t\t<div class=\"elementor-column elementor-col-50 elementor-top-column elementor-element elementor-element-4eea298\" data-id=\"4eea298\" data-element_type=\"column\">\n\t\t\t<div class=\"elementor-widget-wrap elementor-element-populated\">\n\t\t\t\t\t\t<div class=\"elementor-element elementor-element-d04aa7e elementor-widget elementor-widget-google_maps\" data-id=\"d04aa7e\" data-element_type=\"widget\" data-widget_type=\"google_maps.default\">\n\t\t\t\t<div class=\"elementor-widget-container\">\n\t\t\t\t\t\t\t<div class=\"elementor-custom-embed\">\n\t\t\t<iframe loading=\"lazy\"\n\t\t\t\t\tsrc=\"https:\/\/maps.google.com\/maps?q=castell%20santa%20florentina&#038;t=m&#038;z=10&#038;output=embed&#038;iwloc=near\"\n\t\t\t\t\ttitle=\"castell santa florentina\"\n\t\t\t\t\taria-label=\"castell santa florentina\"\n\t\t\t><\/iframe>\n\t\t<\/div>\n\t\t\t\t\t\t<\/div>\n\t\t\t\t<\/div>\n\t\t\t\t\t<\/div>\n\t\t<\/div>\n\t\t\t\t\t<\/div>\n\t\t<\/section>\n\t\t\t\t<section class=\"elementor-section elementor-top-section elementor-element elementor-element-9e9ef71 elementor-section-boxed elementor-section-height-default elementor-section-height-default\" data-id=\"9e9ef71\" data-element_type=\"section\">\n\t\t\t\t\t\t<div class=\"elementor-container elementor-column-gap-default\">\n\t\t\t\t\t<div class=\"elementor-column elementor-col-100 elementor-top-column elementor-element elementor-element-5ca7731\" data-id=\"5ca7731\" data-element_type=\"column\">\n\t\t\t<div class=\"elementor-widget-wrap elementor-element-populated\">\n\t\t\t\t\t\t<div class=\"elementor-element elementor-element-1aafa5b elementor-widget elementor-widget-text-editor\" data-id=\"1aafa5b\" data-element_type=\"widget\" data-widget_type=\"text-editor.default\">\n\t\t\t\t<div class=\"elementor-widget-container\">\n\t\t\t\t\t\t\t\t\t<p><span style=\"font-weight: 400;\">Un castell de somni, aix\u00ed li diem al Castell de Santa Florentina i no n&#8217;hi ha per menys. La impon\u00e8ncia daquest lloc \u00e9s indescriptible. La seva arquitectura s&#8217;entremescla entre la cultura romana, t\u00e9 algunes esquitxades de les construccions medievals i, per descomptat, el toc modernista, caracter\u00edstic de l&#8217;arquitectura catalana. A m\u00e9s, al seu interior hi ha importants obres art\u00edstiques de la Catalunya del segle XX i obres de jardineria dignes d&#8217;admirar.<\/span><\/p>\n<p><span style=\"font-weight: 400;\">Aquest castell \u00e9s considerat com un dels castells m\u00e9s bonics del m\u00f3n, ha estat escenari per a grans produccions cinematogr\u00e0fiques, \u00e9s el lloc preferit per als que desitgen realitzar els seus casaments i esdeveniments i cada any reuneix els m\u00e9s importants artistes de m\u00fasica cl\u00e0ssica, per celebrar un important festival. Sens dubte, un lloc a prop de la ciutat de Barcelona que no es pot escapar d&#8217;aquesta llista.<\/span><\/p>\n\t\t\t\t\t\t\t\t<\/div>\n\t\t\t\t<\/div>\n\t\t\t\t\t<\/div>\n\t\t<\/div>\n\t\t\t\t\t<\/div>\n\t\t<\/section>\n\t\t\t\t<section class=\"elementor-section elementor-top-section elementor-element elementor-element-c6a7969 elementor-section-boxed elementor-section-height-default elementor-section-height-default\" data-id=\"c6a7969\" data-element_type=\"section\">\n\t\t\t\t\t\t<div class=\"elementor-container elementor-column-gap-default\">\n\t\t\t\t\t<div class=\"elementor-column elementor-col-100 elementor-top-column elementor-element elementor-element-2ba6f2e\" data-id=\"2ba6f2e\" data-element_type=\"column\">\n\t\t\t<div class=\"elementor-widget-wrap elementor-element-populated\">\n\t\t\t\t\t\t<div class=\"elementor-element elementor-element-1eff42d elementor-widget elementor-widget-image\" data-id=\"1eff42d\" data-element_type=\"widget\" data-widget_type=\"image.default\">\n\t\t\t\t<div class=\"elementor-widget-container\">\n\t\t\t\t\t\t\t\t\t\t\t\t\t\t\t\t<a href=\"https:\/\/www.wonderkidsapp.com\/\" rel=\"nofollow\">\n\t\t\t\t\t\t\t<img decoding=\"async\" width=\"900\" height=\"150\" src=\"https:\/\/www.willysplan.com\/wp-content\/uploads\/2020\/08\/Banner_01.jpg\" class=\"attachment-large size-large wp-image-14079\" alt=\"\" srcset=\"https:\/\/www.willysplan.com\/wp-content\/uploads\/2020\/08\/Banner_01.jpg 900w, https:\/\/www.willysplan.com\/wp-content\/uploads\/2020\/08\/Banner_01-300x50.jpg 300w, https:\/\/www.willysplan.com\/wp-content\/uploads\/2020\/08\/Banner_01-768x128.jpg 768w, https:\/\/www.willysplan.com\/wp-content\/uploads\/2020\/08\/Banner_01-600x100.jpg 600w\" sizes=\"(max-width: 900px) 100vw, 900px\" \/>\t\t\t\t\t\t\t\t<\/a>\n\t\t\t\t\t\t\t\t\t\t\t\t\t\t\t<\/div>\n\t\t\t\t<\/div>\n\t\t\t\t\t<\/div>\n\t\t<\/div>\n\t\t\t\t\t<\/div>\n\t\t<\/section>\n\t\t\t\t<section class=\"elementor-section elementor-top-section elementor-element elementor-element-15b5636 elementor-section-boxed elementor-section-height-default elementor-section-height-default\" data-id=\"15b5636\" data-element_type=\"section\">\n\t\t\t\t\t\t<div class=\"elementor-container elementor-column-gap-default\">\n\t\t\t\t\t<div class=\"elementor-column elementor-col-100 elementor-top-column elementor-element elementor-element-bdb4769\" data-id=\"bdb4769\" data-element_type=\"column\">\n\t\t\t<div class=\"elementor-widget-wrap elementor-element-populated\">\n\t\t\t\t\t\t<div class=\"elementor-element elementor-element-b9343a2 elementor-widget elementor-widget-heading\" data-id=\"b9343a2\" data-element_type=\"widget\" data-widget_type=\"heading.default\">\n\t\t\t\t<div class=\"elementor-widget-container\">\n\t\t\t\t\t<h2 class=\"elementor-heading-title elementor-size-default\">6. Castell de P\u00fabol<\/h2>\t\t\t\t<\/div>\n\t\t\t\t<\/div>\n\t\t\t\t\t<\/div>\n\t\t<\/div>\n\t\t\t\t\t<\/div>\n\t\t<\/section>\n\t\t\t\t<section class=\"elementor-section elementor-top-section elementor-element elementor-element-75483c7 elementor-section-boxed elementor-section-height-default elementor-section-height-default\" data-id=\"75483c7\" data-element_type=\"section\">\n\t\t\t\t\t\t<div class=\"elementor-container elementor-column-gap-default\">\n\t\t\t\t\t<div class=\"elementor-column elementor-col-50 elementor-top-column elementor-element elementor-element-1aab861\" data-id=\"1aab861\" data-element_type=\"column\">\n\t\t\t<div class=\"elementor-widget-wrap elementor-element-populated\">\n\t\t\t\t\t\t<div class=\"elementor-element elementor-element-b5fd43b elementor-widget elementor-widget-image\" data-id=\"b5fd43b\" data-element_type=\"widget\" data-widget_type=\"image.default\">\n\t\t\t\t<div class=\"elementor-widget-container\">\n\t\t\t\t\t\t\t\t\t\t\t\t\t\t\t<img loading=\"lazy\" decoding=\"async\" width=\"821\" height=\"700\" src=\"https:\/\/www.willysplan.com\/wp-content\/uploads\/2021\/01\/castell-de-pubol.jpg\" class=\"attachment-large size-large wp-image-13895\" alt=\"\" srcset=\"https:\/\/www.willysplan.com\/wp-content\/uploads\/2021\/01\/castell-de-pubol.jpg 821w, https:\/\/www.willysplan.com\/wp-content\/uploads\/2021\/01\/castell-de-pubol-300x256.jpg 300w, https:\/\/www.willysplan.com\/wp-content\/uploads\/2021\/01\/castell-de-pubol-768x655.jpg 768w, https:\/\/www.willysplan.com\/wp-content\/uploads\/2021\/01\/castell-de-pubol-469x400.jpg 469w, https:\/\/www.willysplan.com\/wp-content\/uploads\/2021\/01\/castell-de-pubol-585x499.jpg 585w, https:\/\/www.willysplan.com\/wp-content\/uploads\/2021\/01\/castell-de-pubol-600x512.jpg 600w\" sizes=\"(max-width: 821px) 100vw, 821px\" \/>\t\t\t\t\t\t\t\t\t\t\t\t\t\t\t<\/div>\n\t\t\t\t<\/div>\n\t\t\t\t\t<\/div>\n\t\t<\/div>\n\t\t\t\t<div class=\"elementor-column elementor-col-50 elementor-top-column elementor-element elementor-element-151e5f7\" data-id=\"151e5f7\" data-element_type=\"column\">\n\t\t\t<div class=\"elementor-widget-wrap elementor-element-populated\">\n\t\t\t\t\t\t<div class=\"elementor-element elementor-element-3e97a93 elementor-widget elementor-widget-google_maps\" data-id=\"3e97a93\" data-element_type=\"widget\" data-widget_type=\"google_maps.default\">\n\t\t\t\t<div class=\"elementor-widget-container\">\n\t\t\t\t\t\t\t<div class=\"elementor-custom-embed\">\n\t\t\t<iframe loading=\"lazy\"\n\t\t\t\t\tsrc=\"https:\/\/maps.google.com\/maps?q=Castillo%20de%20P%C3%BAbol%E2%80%8B&#038;t=m&#038;z=10&#038;output=embed&#038;iwloc=near\"\n\t\t\t\t\ttitle=\"Castillo de P\u00fabol\u200b\"\n\t\t\t\t\taria-label=\"Castillo de P\u00fabol\u200b\"\n\t\t\t><\/iframe>\n\t\t<\/div>\n\t\t\t\t\t\t<\/div>\n\t\t\t\t<\/div>\n\t\t\t\t\t<\/div>\n\t\t<\/div>\n\t\t\t\t\t<\/div>\n\t\t<\/section>\n\t\t\t\t<section class=\"elementor-section elementor-top-section elementor-element elementor-element-125a922 elementor-section-boxed elementor-section-height-default elementor-section-height-default\" data-id=\"125a922\" data-element_type=\"section\">\n\t\t\t\t\t\t<div class=\"elementor-container elementor-column-gap-default\">\n\t\t\t\t\t<div class=\"elementor-column elementor-col-100 elementor-top-column elementor-element elementor-element-4016297\" data-id=\"4016297\" data-element_type=\"column\">\n\t\t\t<div class=\"elementor-widget-wrap elementor-element-populated\">\n\t\t\t\t\t\t<div class=\"elementor-element elementor-element-f575834 elementor-widget elementor-widget-text-editor\" data-id=\"f575834\" data-element_type=\"widget\" data-widget_type=\"text-editor.default\">\n\t\t\t\t<div class=\"elementor-widget-container\">\n\t\t\t\t\t\t\t\t\t<p><span style=\"font-weight: 400;\">Un castell fonamentat sobre una hist\u00f2ria damor. Com ho hem dit anteriorment, no tots els castells de Catalunya van ser constru\u00efts amb la mateixa finalitat i el Castell de P\u00fabol n&#8217;\u00e9s un clar exemple.<\/span><\/p>\n<p><span style=\"font-weight: 400;\">El seu propietari Salvador Dal\u00ed, no va ser qui precisament el va construir, per\u00f2 si qui va fer la promesa d&#8217;amor m\u00e9s gran en obtenir-lo. Jurant a la seva estimada Gala que compraria un castell i segellant la seva promesa en adquirir aquest castell, pertanyent als Barons de P\u00fabol des del segle XI.<\/span><\/p>\n<p><span style=\"font-weight: 400;\">Un lloc que acull moltes obres del mateix Dal\u00ed, entre d&#8217;altres coses, el cos de la seva estimada i que avui dia \u00e9s un dels museus m\u00e9s importants de l&#8217;artista catal\u00e0 m\u00e9s influent de l&#8217;\u00e8poca.<\/span><\/p>\n\t\t\t\t\t\t\t\t<\/div>\n\t\t\t\t<\/div>\n\t\t\t\t\t<\/div>\n\t\t<\/div>\n\t\t\t\t\t<\/div>\n\t\t<\/section>\n\t\t\t\t<section class=\"elementor-section elementor-top-section elementor-element elementor-element-e9b80a3 elementor-section-boxed elementor-section-height-default elementor-section-height-default\" data-id=\"e9b80a3\" data-element_type=\"section\">\n\t\t\t\t\t\t<div class=\"elementor-container elementor-column-gap-default\">\n\t\t\t\t\t<div class=\"elementor-column elementor-col-100 elementor-top-column elementor-element elementor-element-9dd7f69\" data-id=\"9dd7f69\" data-element_type=\"column\">\n\t\t\t<div class=\"elementor-widget-wrap elementor-element-populated\">\n\t\t\t\t\t\t<div class=\"elementor-element elementor-element-6e58283 elementor-widget elementor-widget-heading\" data-id=\"6e58283\" data-element_type=\"widget\" data-widget_type=\"heading.default\">\n\t\t\t\t<div class=\"elementor-widget-container\">\n\t\t\t\t\t<h2 class=\"elementor-heading-title elementor-size-default\">7. Castell de la Suda\n<\/h2>\t\t\t\t<\/div>\n\t\t\t\t<\/div>\n\t\t\t\t\t<\/div>\n\t\t<\/div>\n\t\t\t\t\t<\/div>\n\t\t<\/section>\n\t\t\t\t<section class=\"elementor-section elementor-top-section elementor-element elementor-element-7f43acc elementor-section-boxed elementor-section-height-default elementor-section-height-default\" data-id=\"7f43acc\" data-element_type=\"section\">\n\t\t\t\t\t\t<div class=\"elementor-container elementor-column-gap-default\">\n\t\t\t\t\t<div class=\"elementor-column elementor-col-50 elementor-top-column elementor-element elementor-element-02588a6\" data-id=\"02588a6\" data-element_type=\"column\">\n\t\t\t<div class=\"elementor-widget-wrap elementor-element-populated\">\n\t\t\t\t\t\t<div class=\"elementor-element elementor-element-3e17668 elementor-widget elementor-widget-image\" data-id=\"3e17668\" data-element_type=\"widget\" data-widget_type=\"image.default\">\n\t\t\t\t<div class=\"elementor-widget-container\">\n\t\t\t\t\t\t\t\t\t\t\t\t\t\t\t<img loading=\"lazy\" decoding=\"async\" width=\"1024\" height=\"549\" src=\"https:\/\/www.willysplan.com\/wp-content\/uploads\/2021\/01\/Castell-de-la-suda-el-parador-1024x549.jpg\" class=\"attachment-large size-large wp-image-14019\" alt=\"\" srcset=\"https:\/\/www.willysplan.com\/wp-content\/uploads\/2021\/01\/Castell-de-la-suda-el-parador-1024x549.jpg 1024w, https:\/\/www.willysplan.com\/wp-content\/uploads\/2021\/01\/Castell-de-la-suda-el-parador-300x161.jpg 300w, https:\/\/www.willysplan.com\/wp-content\/uploads\/2021\/01\/Castell-de-la-suda-el-parador-768x411.jpg 768w, https:\/\/www.willysplan.com\/wp-content\/uploads\/2021\/01\/Castell-de-la-suda-el-parador-600x321.jpg 600w, https:\/\/www.willysplan.com\/wp-content\/uploads\/2021\/01\/Castell-de-la-suda-el-parador.jpg 1038w\" sizes=\"(max-width: 1024px) 100vw, 1024px\" \/>\t\t\t\t\t\t\t\t\t\t\t\t\t\t\t<\/div>\n\t\t\t\t<\/div>\n\t\t\t\t\t<\/div>\n\t\t<\/div>\n\t\t\t\t<div class=\"elementor-column elementor-col-50 elementor-top-column elementor-element elementor-element-5a097cc\" data-id=\"5a097cc\" data-element_type=\"column\">\n\t\t\t<div class=\"elementor-widget-wrap elementor-element-populated\">\n\t\t\t\t\t\t<div class=\"elementor-element elementor-element-b0d1a3a elementor-widget elementor-widget-google_maps\" data-id=\"b0d1a3a\" data-element_type=\"widget\" data-widget_type=\"google_maps.default\">\n\t\t\t\t<div class=\"elementor-widget-container\">\n\t\t\t\t\t\t\t<div class=\"elementor-custom-embed\">\n\t\t\t<iframe loading=\"lazy\"\n\t\t\t\t\tsrc=\"https:\/\/maps.google.com\/maps?q=Castell%20de%20la%20Suda%20&#038;t=m&#038;z=10&#038;output=embed&#038;iwloc=near\"\n\t\t\t\t\ttitle=\"Castell de la Suda \"\n\t\t\t\t\taria-label=\"Castell de la Suda \"\n\t\t\t><\/iframe>\n\t\t<\/div>\n\t\t\t\t\t\t<\/div>\n\t\t\t\t<\/div>\n\t\t\t\t\t<\/div>\n\t\t<\/div>\n\t\t\t\t\t<\/div>\n\t\t<\/section>\n\t\t\t\t<section class=\"elementor-section elementor-top-section elementor-element elementor-element-dd89423 elementor-section-boxed elementor-section-height-default elementor-section-height-default\" data-id=\"dd89423\" data-element_type=\"section\">\n\t\t\t\t\t\t<div class=\"elementor-container elementor-column-gap-default\">\n\t\t\t\t\t<div class=\"elementor-column elementor-col-100 elementor-top-column elementor-element elementor-element-30c265a\" data-id=\"30c265a\" data-element_type=\"column\">\n\t\t\t<div class=\"elementor-widget-wrap elementor-element-populated\">\n\t\t\t\t\t\t<div class=\"elementor-element elementor-element-6973110 elementor-widget elementor-widget-text-editor\" data-id=\"6973110\" data-element_type=\"widget\" data-widget_type=\"text-editor.default\">\n\t\t\t\t<div class=\"elementor-widget-container\">\n\t\t\t\t\t\t\t\t\t<p><span style=\"font-weight: 400;\">Per \u00faltim i no menys important, visitarem el Castell de la Suda. El castell amb m\u00e9s llinatge de tota la hist\u00f2ria de Catalunya, per pert\u00e0nyer a la corona d&#8217;Arag\u00f3, \u00e9s el preferit pel rei Jaume I i \u00e9s resid\u00e8ncia de l&#8217;ordre dels cavallers templers.<\/span><\/p>\n<p><span style=\"font-weight: 400;\">Una construcci\u00f3 que reuneix les caracter\u00edstiques d&#8217;una aut\u00e8ntica resid\u00e8ncia real, que es remunta al segle X i \u00e9s sens dubte un exemple clar de la influ\u00e8ncia romana i musulmana, en les edificacions de la regi\u00f3. <\/span><\/p>\n<p><span style=\"font-weight: 400;\">Avui dia el castell \u00e9s un meravell\u00f3s mirador que regala unes belles vistes al riu Ebre i la localitat de Tortosa. Un lloc ideal per fer les millors fotografies i passar un dia inoblidable. <\/span><\/p><\/p>\n\t\t\t\t\t\t\t\t<\/div>\n\t\t\t\t<\/div>\n\t\t\t\t\t<\/div>\n\t\t<\/div>\n\t\t\t\t\t<\/div>\n\t\t<\/section>\n\t\t\t\t<section class=\"elementor-section elementor-top-section elementor-element elementor-element-774fd5b elementor-section-boxed elementor-section-height-default elementor-section-height-default\" data-id=\"774fd5b\" data-element_type=\"section\">\n\t\t\t\t\t\t<div class=\"elementor-container elementor-column-gap-default\">\n\t\t\t\t\t<div class=\"elementor-column elementor-col-100 elementor-top-column elementor-element elementor-element-ccb3386\" data-id=\"ccb3386\" data-element_type=\"column\">\n\t\t\t<div class=\"elementor-widget-wrap elementor-element-populated\">\n\t\t\t\t\t\t<div class=\"elementor-element elementor-element-5d6c67c elementor-widget elementor-widget-heading\" data-id=\"5d6c67c\" data-element_type=\"widget\" data-widget_type=\"heading.default\">\n\t\t\t\t<div class=\"elementor-widget-container\">\n\t\t\t\t\t<h2 class=\"elementor-heading-title elementor-size-default\">Altres rutes que tamb\u00e9 et poden interessar...<\/h2>\t\t\t\t<\/div>\n\t\t\t\t<\/div>\n\t\t\t\t\t<\/div>\n\t\t<\/div>\n\t\t\t\t\t<\/div>\n\t\t<\/section>\n\t\t\t\t<section class=\"elementor-section elementor-top-section elementor-element elementor-element-b9303aa elementor-section-boxed elementor-section-height-default elementor-section-height-default\" data-id=\"b9303aa\" data-element_type=\"section\">\n\t\t\t\t\t\t<div class=\"elementor-container elementor-column-gap-default\">\n\t\t\t\t\t<div class=\"elementor-column elementor-col-100 elementor-top-column elementor-element elementor-element-4c9811a\" data-id=\"4c9811a\" data-element_type=\"column\">\n\t\t\t<div class=\"elementor-widget-wrap elementor-element-populated\">\n\t\t\t\t\t\t\t<\/div>\n\t\t<\/div>\n\t\t\t\t\t<\/div>\n\t\t<\/section>\n\t\t\t\t<\/div>\n\t\t","protected":false},"excerpt":{"rendered":"<p>A Willy&#8217;s Plan ens apassionen les rutes per Catalunya , aix\u00f2 \u00e9s una cosa innegable. Per\u00f2 encara m\u00e9s, ens apassionen els llocs que ens traslladen en el temps. Territoris que ens permeten recrear la vida en altres \u00e8poques i ens recorden el llegat i les tradicions, que ara per ara ens defineixen. Els palaus i&hellip;&nbsp;<a href=\"https:\/\/www.willysplan.com\/ca\/idees\/7-castells-medievals-per-visitar-a-catalunya\" rel=\"bookmark\">Llegiu m\u00e9s &raquo;<span class=\"screen-reader-text\">7 Castells medievals per visitar a Catalunya<\/span><\/a><\/p>\n","protected":false},"author":1,"featured_media":13903,"comment_status":"closed","ping_status":"closed","sticky":false,"template":"","format":"standard","meta":{"neve_meta_sidebar":"","neve_meta_container":"","neve_meta_enable_content_width":"","neve_meta_content_width":0,"neve_meta_title_alignment":"","neve_meta_author_avatar":"","neve_post_elements_order":"","neve_meta_disable_header":"","neve_meta_disable_footer":"","neve_meta_disable_title":"","_joinchat":[],"footnotes":""},"categories":[462],"tags":[461],"class_list":["post-16318","post","type-post","status-publish","format-standard","has-post-thumbnail","hentry","category-idees","tag-idees"],"yoast_head":"<!-- This site is optimized with the Yoast SEO Premium plugin v20.1 (Yoast SEO v26.9) - https:\/\/yoast.com\/product\/yoast-seo-premium-wordpress\/ -->\n<title>7 Castells medievals per visitar a Catalunya - Willy&#039;s Plan<\/title>\n<meta name=\"description\" content=\"Aqu\u00ed tens els 7 millors castells medievals que cal visitar a Catalunya. Aquests s\u00f3n potser, els castells m\u00e9s bonics \u2705 Descobreix-los!\" \/>\n<meta name=\"robots\" content=\"index, follow, max-snippet:-1, max-image-preview:large, max-video-preview:-1\" \/>\n<link rel=\"canonical\" href=\"https:\/\/www.willysplan.com\/ca\/idees\/7-castells-medievals-per-visitar-a-catalunya\" \/>\n<meta property=\"og:locale\" content=\"ca_ES\" \/>\n<meta property=\"og:type\" content=\"article\" \/>\n<meta property=\"og:title\" content=\"7 Castells medievals per visitar a Catalunya\" \/>\n<meta property=\"og:description\" content=\"Aqu\u00ed tens els 7 millors castells medievals que cal visitar a Catalunya. Aquests s\u00f3n potser, els castells m\u00e9s bonics \u2705 Descobreix-los!\" \/>\n<meta property=\"og:url\" content=\"https:\/\/www.willysplan.com\/ca\/idees\/7-castells-medievals-per-visitar-a-catalunya\" \/>\n<meta property=\"og:site_name\" content=\"Willy&#039;s Plan \ud83c\udf43\" \/>\n<meta property=\"article:published_time\" content=\"2021-01-09T18:49:51+00:00\" \/>\n<meta property=\"article:modified_time\" content=\"2023-07-25T03:32:25+00:00\" \/>\n<meta property=\"og:image\" content=\"https:\/\/www.willysplan.com\/wp-content\/uploads\/2021\/01\/castell-de-cardona.jpg\" \/>\n\t<meta property=\"og:image:width\" content=\"826\" \/>\n\t<meta property=\"og:image:height\" content=\"571\" \/>\n\t<meta property=\"og:image:type\" content=\"image\/jpeg\" \/>\n<meta name=\"author\" content=\"admin\" \/>\n<meta name=\"twitter:card\" content=\"summary_large_image\" \/>\n<meta name=\"twitter:label1\" content=\"Escrit per\" \/>\n\t<meta name=\"twitter:data1\" content=\"admin\" \/>\n\t<meta name=\"twitter:label2\" content=\"Temps estimat de lectura\" \/>\n\t<meta name=\"twitter:data2\" content=\"6 minuts\" \/>\n<script type=\"application\/ld+json\" class=\"yoast-schema-graph\">{\"@context\":\"https:\/\/schema.org\",\"@graph\":[{\"@type\":\"Article\",\"@id\":\"https:\/\/www.willysplan.com\/ca\/idees\/7-castells-medievals-per-visitar-a-catalunya#article\",\"isPartOf\":{\"@id\":\"https:\/\/www.willysplan.com\/ca\/idees\/7-castells-medievals-per-visitar-a-catalunya\"},\"author\":{\"name\":\"admin\",\"@id\":\"https:\/\/www.willysplan.com\/#\/schema\/person\/58c1527a9a42e9b18a877f14136f1d47\"},\"headline\":\"7 Castells medievals per visitar a Catalunya\",\"datePublished\":\"2021-01-09T18:49:51+00:00\",\"dateModified\":\"2023-07-25T03:32:25+00:00\",\"mainEntityOfPage\":{\"@id\":\"https:\/\/www.willysplan.com\/ca\/idees\/7-castells-medievals-per-visitar-a-catalunya\"},\"wordCount\":1193,\"publisher\":{\"@id\":\"https:\/\/www.willysplan.com\/#organization\"},\"image\":{\"@id\":\"https:\/\/www.willysplan.com\/ca\/idees\/7-castells-medievals-per-visitar-a-catalunya#primaryimage\"},\"thumbnailUrl\":\"https:\/\/www.willysplan.com\/wp-content\/uploads\/2021\/01\/castell-de-cardona.jpg\",\"keywords\":[\"idees\"],\"articleSection\":[\"Idees\"],\"inLanguage\":\"ca\"},{\"@type\":\"WebPage\",\"@id\":\"https:\/\/www.willysplan.com\/ca\/idees\/7-castells-medievals-per-visitar-a-catalunya\",\"url\":\"https:\/\/www.willysplan.com\/ca\/idees\/7-castells-medievals-per-visitar-a-catalunya\",\"name\":\"7 Castells medievals per visitar a Catalunya - Willy's Plan\",\"isPartOf\":{\"@id\":\"https:\/\/www.willysplan.com\/#website\"},\"primaryImageOfPage\":{\"@id\":\"https:\/\/www.willysplan.com\/ca\/idees\/7-castells-medievals-per-visitar-a-catalunya#primaryimage\"},\"image\":{\"@id\":\"https:\/\/www.willysplan.com\/ca\/idees\/7-castells-medievals-per-visitar-a-catalunya#primaryimage\"},\"thumbnailUrl\":\"https:\/\/www.willysplan.com\/wp-content\/uploads\/2021\/01\/castell-de-cardona.jpg\",\"datePublished\":\"2021-01-09T18:49:51+00:00\",\"dateModified\":\"2023-07-25T03:32:25+00:00\",\"description\":\"Aqu\u00ed tens els 7 millors castells medievals que cal visitar a Catalunya. Aquests s\u00f3n potser, els castells m\u00e9s bonics \u2705 Descobreix-los!\",\"inLanguage\":\"ca\",\"potentialAction\":[{\"@type\":\"ReadAction\",\"target\":[\"https:\/\/www.willysplan.com\/ca\/idees\/7-castells-medievals-per-visitar-a-catalunya\"]}]},{\"@type\":\"ImageObject\",\"inLanguage\":\"ca\",\"@id\":\"https:\/\/www.willysplan.com\/ca\/idees\/7-castells-medievals-per-visitar-a-catalunya#primaryimage\",\"url\":\"https:\/\/www.willysplan.com\/wp-content\/uploads\/2021\/01\/castell-de-cardona.jpg\",\"contentUrl\":\"https:\/\/www.willysplan.com\/wp-content\/uploads\/2021\/01\/castell-de-cardona.jpg\",\"width\":826,\"height\":571},{\"@type\":\"WebSite\",\"@id\":\"https:\/\/www.willysplan.com\/#website\",\"url\":\"https:\/\/www.willysplan.com\/\",\"name\":\"Willy&#039;s Plan \ud83c\udf43\",\"description\":\"Escapadas y Planes de fin de semana\",\"publisher\":{\"@id\":\"https:\/\/www.willysplan.com\/#organization\"},\"potentialAction\":[{\"@type\":\"SearchAction\",\"target\":{\"@type\":\"EntryPoint\",\"urlTemplate\":\"https:\/\/www.willysplan.com\/?s={search_term_string}\"},\"query-input\":{\"@type\":\"PropertyValueSpecification\",\"valueRequired\":true,\"valueName\":\"search_term_string\"}}],\"inLanguage\":\"ca\"},{\"@type\":\"Organization\",\"@id\":\"https:\/\/www.willysplan.com\/#organization\",\"name\":\"Willy&#039;s Plan \ud83c\udf43\",\"url\":\"https:\/\/www.willysplan.com\/\",\"logo\":{\"@type\":\"ImageObject\",\"inLanguage\":\"ca\",\"@id\":\"https:\/\/www.willysplan.com\/#\/schema\/logo\/image\/\",\"url\":\"https:\/\/www.willysplan.com\/wp-content\/uploads\/2020\/04\/cropped-logo-1.png\",\"contentUrl\":\"https:\/\/www.willysplan.com\/wp-content\/uploads\/2020\/04\/cropped-logo-1.png\",\"width\":332,\"height\":332,\"caption\":\"Willy&#039;s Plan \ud83c\udf43\"},\"image\":{\"@id\":\"https:\/\/www.willysplan.com\/#\/schema\/logo\/image\/\"}},{\"@type\":\"Person\",\"@id\":\"https:\/\/www.willysplan.com\/#\/schema\/person\/58c1527a9a42e9b18a877f14136f1d47\",\"name\":\"admin\",\"image\":{\"@type\":\"ImageObject\",\"inLanguage\":\"ca\",\"@id\":\"https:\/\/www.willysplan.com\/#\/schema\/person\/image\/\",\"url\":\"https:\/\/secure.gravatar.com\/avatar\/0b8d78e655d83cc71e0a6cd6cb0f0f99929604cd70ff0f7ac1713f248945ea9d?s=96&d=mm&r=g\",\"contentUrl\":\"https:\/\/secure.gravatar.com\/avatar\/0b8d78e655d83cc71e0a6cd6cb0f0f99929604cd70ff0f7ac1713f248945ea9d?s=96&d=mm&r=g\",\"caption\":\"admin\"},\"url\":\"https:\/\/www.willysplan.com\/ca\/author\/admin\"}]}<\/script>\n<!-- \/ Yoast SEO Premium plugin. -->","yoast_head_json":{"title":"7 Castells medievals per visitar a Catalunya - Willy's Plan","description":"Aqu\u00ed tens els 7 millors castells medievals que cal visitar a Catalunya. Aquests s\u00f3n potser, els castells m\u00e9s bonics \u2705 Descobreix-los!","robots":{"index":"index","follow":"follow","max-snippet":"max-snippet:-1","max-image-preview":"max-image-preview:large","max-video-preview":"max-video-preview:-1"},"canonical":"https:\/\/www.willysplan.com\/ca\/idees\/7-castells-medievals-per-visitar-a-catalunya","og_locale":"ca_ES","og_type":"article","og_title":"7 Castells medievals per visitar a Catalunya","og_description":"Aqu\u00ed tens els 7 millors castells medievals que cal visitar a Catalunya. Aquests s\u00f3n potser, els castells m\u00e9s bonics \u2705 Descobreix-los!","og_url":"https:\/\/www.willysplan.com\/ca\/idees\/7-castells-medievals-per-visitar-a-catalunya","og_site_name":"Willy&#039;s Plan \ud83c\udf43","article_published_time":"2021-01-09T18:49:51+00:00","article_modified_time":"2023-07-25T03:32:25+00:00","og_image":[{"width":826,"height":571,"url":"https:\/\/www.willysplan.com\/wp-content\/uploads\/2021\/01\/castell-de-cardona.jpg","type":"image\/jpeg"}],"author":"admin","twitter_card":"summary_large_image","twitter_misc":{"Escrit per":"admin","Temps estimat de lectura":"6 minuts"},"schema":{"@context":"https:\/\/schema.org","@graph":[{"@type":"Article","@id":"https:\/\/www.willysplan.com\/ca\/idees\/7-castells-medievals-per-visitar-a-catalunya#article","isPartOf":{"@id":"https:\/\/www.willysplan.com\/ca\/idees\/7-castells-medievals-per-visitar-a-catalunya"},"author":{"name":"admin","@id":"https:\/\/www.willysplan.com\/#\/schema\/person\/58c1527a9a42e9b18a877f14136f1d47"},"headline":"7 Castells medievals per visitar a Catalunya","datePublished":"2021-01-09T18:49:51+00:00","dateModified":"2023-07-25T03:32:25+00:00","mainEntityOfPage":{"@id":"https:\/\/www.willysplan.com\/ca\/idees\/7-castells-medievals-per-visitar-a-catalunya"},"wordCount":1193,"publisher":{"@id":"https:\/\/www.willysplan.com\/#organization"},"image":{"@id":"https:\/\/www.willysplan.com\/ca\/idees\/7-castells-medievals-per-visitar-a-catalunya#primaryimage"},"thumbnailUrl":"https:\/\/www.willysplan.com\/wp-content\/uploads\/2021\/01\/castell-de-cardona.jpg","keywords":["idees"],"articleSection":["Idees"],"inLanguage":"ca"},{"@type":"WebPage","@id":"https:\/\/www.willysplan.com\/ca\/idees\/7-castells-medievals-per-visitar-a-catalunya","url":"https:\/\/www.willysplan.com\/ca\/idees\/7-castells-medievals-per-visitar-a-catalunya","name":"7 Castells medievals per visitar a Catalunya - Willy's Plan","isPartOf":{"@id":"https:\/\/www.willysplan.com\/#website"},"primaryImageOfPage":{"@id":"https:\/\/www.willysplan.com\/ca\/idees\/7-castells-medievals-per-visitar-a-catalunya#primaryimage"},"image":{"@id":"https:\/\/www.willysplan.com\/ca\/idees\/7-castells-medievals-per-visitar-a-catalunya#primaryimage"},"thumbnailUrl":"https:\/\/www.willysplan.com\/wp-content\/uploads\/2021\/01\/castell-de-cardona.jpg","datePublished":"2021-01-09T18:49:51+00:00","dateModified":"2023-07-25T03:32:25+00:00","description":"Aqu\u00ed tens els 7 millors castells medievals que cal visitar a Catalunya. Aquests s\u00f3n potser, els castells m\u00e9s bonics \u2705 Descobreix-los!","inLanguage":"ca","potentialAction":[{"@type":"ReadAction","target":["https:\/\/www.willysplan.com\/ca\/idees\/7-castells-medievals-per-visitar-a-catalunya"]}]},{"@type":"ImageObject","inLanguage":"ca","@id":"https:\/\/www.willysplan.com\/ca\/idees\/7-castells-medievals-per-visitar-a-catalunya#primaryimage","url":"https:\/\/www.willysplan.com\/wp-content\/uploads\/2021\/01\/castell-de-cardona.jpg","contentUrl":"https:\/\/www.willysplan.com\/wp-content\/uploads\/2021\/01\/castell-de-cardona.jpg","width":826,"height":571},{"@type":"WebSite","@id":"https:\/\/www.willysplan.com\/#website","url":"https:\/\/www.willysplan.com\/","name":"Willy&#039;s Plan \ud83c\udf43","description":"Escapadas y Planes de fin de semana","publisher":{"@id":"https:\/\/www.willysplan.com\/#organization"},"potentialAction":[{"@type":"SearchAction","target":{"@type":"EntryPoint","urlTemplate":"https:\/\/www.willysplan.com\/?s={search_term_string}"},"query-input":{"@type":"PropertyValueSpecification","valueRequired":true,"valueName":"search_term_string"}}],"inLanguage":"ca"},{"@type":"Organization","@id":"https:\/\/www.willysplan.com\/#organization","name":"Willy&#039;s Plan \ud83c\udf43","url":"https:\/\/www.willysplan.com\/","logo":{"@type":"ImageObject","inLanguage":"ca","@id":"https:\/\/www.willysplan.com\/#\/schema\/logo\/image\/","url":"https:\/\/www.willysplan.com\/wp-content\/uploads\/2020\/04\/cropped-logo-1.png","contentUrl":"https:\/\/www.willysplan.com\/wp-content\/uploads\/2020\/04\/cropped-logo-1.png","width":332,"height":332,"caption":"Willy&#039;s Plan \ud83c\udf43"},"image":{"@id":"https:\/\/www.willysplan.com\/#\/schema\/logo\/image\/"}},{"@type":"Person","@id":"https:\/\/www.willysplan.com\/#\/schema\/person\/58c1527a9a42e9b18a877f14136f1d47","name":"admin","image":{"@type":"ImageObject","inLanguage":"ca","@id":"https:\/\/www.willysplan.com\/#\/schema\/person\/image\/","url":"https:\/\/secure.gravatar.com\/avatar\/0b8d78e655d83cc71e0a6cd6cb0f0f99929604cd70ff0f7ac1713f248945ea9d?s=96&d=mm&r=g","contentUrl":"https:\/\/secure.gravatar.com\/avatar\/0b8d78e655d83cc71e0a6cd6cb0f0f99929604cd70ff0f7ac1713f248945ea9d?s=96&d=mm&r=g","caption":"admin"},"url":"https:\/\/www.willysplan.com\/ca\/author\/admin"}]}},"_links":{"self":[{"href":"https:\/\/www.willysplan.com\/ca\/wp-json\/wp\/v2\/posts\/16318","targetHints":{"allow":["GET"]}}],"collection":[{"href":"https:\/\/www.willysplan.com\/ca\/wp-json\/wp\/v2\/posts"}],"about":[{"href":"https:\/\/www.willysplan.com\/ca\/wp-json\/wp\/v2\/types\/post"}],"author":[{"embeddable":true,"href":"https:\/\/www.willysplan.com\/ca\/wp-json\/wp\/v2\/users\/1"}],"replies":[{"embeddable":true,"href":"https:\/\/www.willysplan.com\/ca\/wp-json\/wp\/v2\/comments?post=16318"}],"version-history":[{"count":6,"href":"https:\/\/www.willysplan.com\/ca\/wp-json\/wp\/v2\/posts\/16318\/revisions"}],"predecessor-version":[{"id":21573,"href":"https:\/\/www.willysplan.com\/ca\/wp-json\/wp\/v2\/posts\/16318\/revisions\/21573"}],"wp:featuredmedia":[{"embeddable":true,"href":"https:\/\/www.willysplan.com\/ca\/wp-json\/wp\/v2\/media\/13903"}],"wp:attachment":[{"href":"https:\/\/www.willysplan.com\/ca\/wp-json\/wp\/v2\/media?parent=16318"}],"wp:term":[{"taxonomy":"category","embeddable":true,"href":"https:\/\/www.willysplan.com\/ca\/wp-json\/wp\/v2\/categories?post=16318"},{"taxonomy":"post_tag","embeddable":true,"href":"https:\/\/www.willysplan.com\/ca\/wp-json\/wp\/v2\/tags?post=16318"}],"curies":[{"name":"wp","href":"https:\/\/api.w.org\/{rel}","templated":true}]}}