{"id":16288,"date":"2020-08-11T07:52:26","date_gmt":"2020-08-11T06:52:26","guid":{"rendered":"https:\/\/willysplan.com\/uncategorized-ca\/els-7-millors-gorgs-i-piscines-naturals-de-catalunya"},"modified":"2023-07-24T06:30:43","modified_gmt":"2023-07-24T05:30:43","slug":"els-7-millors-gorgs-i-piscines-naturals-de-catalunya","status":"publish","type":"post","link":"https:\/\/www.willysplan.com\/ca\/idees\/els-7-millors-gorgs-i-piscines-naturals-de-catalunya","title":{"rendered":"Els 7 Millors Gorgs i Piscines naturals de Catalunya"},"content":{"rendered":"\t\t<div data-elementor-type=\"wp-post\" data-elementor-id=\"16288\" class=\"elementor elementor-16288 elementor-2952\" data-elementor-post-type=\"post\">\n\t\t\t\t\t\t<section class=\"elementor-section elementor-top-section elementor-element elementor-element-671cd3c elementor-section-boxed elementor-section-height-default elementor-section-height-default\" data-id=\"671cd3c\" data-element_type=\"section\">\n\t\t\t\t\t\t<div class=\"elementor-container elementor-column-gap-default\">\n\t\t\t\t\t<div class=\"elementor-column elementor-col-100 elementor-top-column elementor-element elementor-element-eaffc38\" data-id=\"eaffc38\" data-element_type=\"column\">\n\t\t\t<div class=\"elementor-widget-wrap elementor-element-populated\">\n\t\t\t\t\t\t<div class=\"elementor-element elementor-element-ac561a4 elementor-widget elementor-widget-text-editor\" data-id=\"ac561a4\" data-element_type=\"widget\" data-widget_type=\"text-editor.default\">\n\t\t\t\t<div class=\"elementor-widget-container\">\n\t\t\t\t\t\t\t\t\t<p><span style=\"font-weight: 400;\">Una escapada natural a l&#8217;aire lliure i refrescant? Descobreix els espais perfectes per passar una estona de relaxaci\u00f3 i <\/span><b>desconnectar de tot en diferents gorgs de Catalunya<\/b> <span style=\"font-weight: 400;\">.<\/span><\/p><p><span style=\"font-weight: 400;\">Si vols fer una ruta per diferents piscines naturals en un dia, et recomanem la<\/span> <a href=\"https:\/\/www.willysplan.com\/ca\/rutes\/la-ruta-dels-7-gorgs-de-campdevanol\"><span style=\"font-weight: 400;\">ruta dels 7 gorgs<\/span><\/a><span style=\"font-weight: 400;\"> a Catalunya. Encara que si preferiu anar recorrent el mapa de les terres catalanes per mitj\u00e0 dels seus gorgs, aquestes s\u00f3n les propostes que us oferim:<\/span><\/p>\t\t\t\t\t\t\t\t<\/div>\n\t\t\t\t<\/div>\n\t\t\t\t\t<\/div>\n\t\t<\/div>\n\t\t\t\t\t<\/div>\n\t\t<\/section>\n\t\t\t\t<section class=\"elementor-section elementor-top-section elementor-element elementor-element-36fe8d4 elementor-section-boxed elementor-section-height-default elementor-section-height-default\" data-id=\"36fe8d4\" data-element_type=\"section\">\n\t\t\t\t\t\t<div class=\"elementor-container elementor-column-gap-default\">\n\t\t\t\t\t<div class=\"elementor-column elementor-col-100 elementor-top-column elementor-element elementor-element-da527a3\" data-id=\"da527a3\" data-element_type=\"column\">\n\t\t\t<div class=\"elementor-widget-wrap elementor-element-populated\">\n\t\t\t\t\t\t<div class=\"elementor-element elementor-element-005077d elementor-widget elementor-widget-heading\" data-id=\"005077d\" data-element_type=\"widget\" data-widget_type=\"heading.default\">\n\t\t\t\t<div class=\"elementor-widget-container\">\n\t\t\t\t\t<h2 class=\"elementor-heading-title elementor-size-default\">1. Gorg Blau<\/h2>\t\t\t\t<\/div>\n\t\t\t\t<\/div>\n\t\t\t\t\t<\/div>\n\t\t<\/div>\n\t\t\t\t\t<\/div>\n\t\t<\/section>\n\t\t\t\t<section class=\"elementor-section elementor-top-section elementor-element elementor-element-ec7d9c0 elementor-section-boxed elementor-section-height-default elementor-section-height-default\" data-id=\"ec7d9c0\" data-element_type=\"section\">\n\t\t\t\t\t\t<div class=\"elementor-container elementor-column-gap-default\">\n\t\t\t\t\t<div class=\"elementor-column elementor-col-50 elementor-top-column elementor-element elementor-element-1bee018\" data-id=\"1bee018\" data-element_type=\"column\">\n\t\t\t<div class=\"elementor-widget-wrap elementor-element-populated\">\n\t\t\t\t\t\t<div class=\"elementor-element elementor-element-a63218a elementor-widget elementor-widget-image\" data-id=\"a63218a\" data-element_type=\"widget\" data-widget_type=\"image.default\">\n\t\t\t\t<div class=\"elementor-widget-container\">\n\t\t\t\t\t\t\t\t\t\t\t\t\t\t\t<img fetchpriority=\"high\" decoding=\"async\" width=\"872\" height=\"604\" src=\"https:\/\/www.willysplan.com\/wp-content\/uploads\/2020\/08\/1.-Gorg-blau1.jpg\" class=\"attachment-large size-large wp-image-13033\" alt=\"\" srcset=\"https:\/\/www.willysplan.com\/wp-content\/uploads\/2020\/08\/1.-Gorg-blau1.jpg 872w, https:\/\/www.willysplan.com\/wp-content\/uploads\/2020\/08\/1.-Gorg-blau1-300x208.jpg 300w, https:\/\/www.willysplan.com\/wp-content\/uploads\/2020\/08\/1.-Gorg-blau1-768x532.jpg 768w, https:\/\/www.willysplan.com\/wp-content\/uploads\/2020\/08\/1.-Gorg-blau1-577x400.jpg 577w, https:\/\/www.willysplan.com\/wp-content\/uploads\/2020\/08\/1.-Gorg-blau1-585x405.jpg 585w, https:\/\/www.willysplan.com\/wp-content\/uploads\/2020\/08\/1.-Gorg-blau1-600x416.jpg 600w\" sizes=\"(max-width: 872px) 100vw, 872px\" \/>\t\t\t\t\t\t\t\t\t\t\t\t\t\t\t<\/div>\n\t\t\t\t<\/div>\n\t\t\t\t\t<\/div>\n\t\t<\/div>\n\t\t\t\t<div class=\"elementor-column elementor-col-50 elementor-top-column elementor-element elementor-element-8fdc606\" data-id=\"8fdc606\" data-element_type=\"column\">\n\t\t\t<div class=\"elementor-widget-wrap elementor-element-populated\">\n\t\t\t\t\t\t<div class=\"elementor-element elementor-element-e4b3fd9 elementor-widget elementor-widget-google_maps\" data-id=\"e4b3fd9\" data-element_type=\"widget\" data-widget_type=\"google_maps.default\">\n\t\t\t\t<div class=\"elementor-widget-container\">\n\t\t\t\t\t\t\t<div class=\"elementor-custom-embed\">\n\t\t\t<iframe loading=\"lazy\"\n\t\t\t\t\tsrc=\"https:\/\/maps.google.com\/maps?q=gorg%20blau%20oix%20y%20montagut&#038;t=m&#038;z=10&#038;output=embed&#038;iwloc=near\"\n\t\t\t\t\ttitle=\"gorg blau oix y montagut\"\n\t\t\t\t\taria-label=\"gorg blau oix y montagut\"\n\t\t\t><\/iframe>\n\t\t<\/div>\n\t\t\t\t\t\t<\/div>\n\t\t\t\t<\/div>\n\t\t\t\t\t<\/div>\n\t\t<\/div>\n\t\t\t\t\t<\/div>\n\t\t<\/section>\n\t\t\t\t<section class=\"elementor-section elementor-top-section elementor-element elementor-element-4e88c10 elementor-section-boxed elementor-section-height-default elementor-section-height-default\" data-id=\"4e88c10\" data-element_type=\"section\">\n\t\t\t\t\t\t<div class=\"elementor-container elementor-column-gap-default\">\n\t\t\t\t\t<div class=\"elementor-column elementor-col-100 elementor-top-column elementor-element elementor-element-8ccc3a4\" data-id=\"8ccc3a4\" data-element_type=\"column\">\n\t\t\t<div class=\"elementor-widget-wrap elementor-element-populated\">\n\t\t\t\t\t\t<div class=\"elementor-element elementor-element-39dc59f elementor-widget elementor-widget-text-editor\" data-id=\"39dc59f\" data-element_type=\"widget\" data-widget_type=\"text-editor.default\">\n\t\t\t\t<div class=\"elementor-widget-container\">\n\t\t\t\t\t\t\t\t\t<p><span style=\"font-weight: 400;\">Pels amants del senderisme, l&#8217;escalada i els gorgs a Catalunya, el Gorg Blau \u00e9s una destinaci\u00f3 perfecta per fer una capbussada enmig d&#8217;una<\/span> <a href=\"https:\/\/www.willysplan.com\/ca\/rutes\/excursions-i-rutes-de-senderisme-a-girona\"><span style=\"font-weight: 400;\">ruta o excursi\u00f3 per Girona<\/span><\/a><span style=\"font-weight: 400;\">, entre Oix i Montagut. Clarament, destaca per la seva aigua blava cristal\u00b7lina que ens proporciona un bany refrescant de relax. Aquesta piscina natural forma part d&#8217;una <\/span><a href=\"https:\/\/www.willysplan.com\/ca\/rutes\/rutes-de-senderisme-i-excursions-per-la-garrotxa\"><span style=\"font-weight: 400;\">ruta per l&#8217;Alta Garrotxa<\/span><\/a> <span style=\"font-weight: 400;\">amb diferents destinacions com<\/span> <a href=\"https:\/\/www.willysplan.com\/ca\/rutes\/excursio-des-del-pont-den-valenti-al-gorg-blau-de-sant-aniol-agulla\"><span style=\"font-weight: 400;\">l&#8217;excursi\u00f3 de Sant Aniol Aguja<\/span><\/a><span style=\"font-weight: 400;\">. Despr\u00e9s d&#8217;una agradable excursi\u00f3 \u00e9s dif\u00edcil contenir les ganes d&#8217;acabar la ruta en un <\/span><b>espai tranquil<\/b><span style=\"font-weight: 400;\">, de manera que el Gorg Blau tamb\u00e9 ofereix una fusi\u00f3 amb la natura afavorint una desconnexi\u00f3 renovadora.<\/span><\/p>\t\t\t\t\t\t\t\t<\/div>\n\t\t\t\t<\/div>\n\t\t\t\t\t<\/div>\n\t\t<\/div>\n\t\t\t\t\t<\/div>\n\t\t<\/section>\n\t\t\t\t<section class=\"elementor-section elementor-top-section elementor-element elementor-element-cf26dc9 elementor-section-boxed elementor-section-height-default elementor-section-height-default\" data-id=\"cf26dc9\" data-element_type=\"section\">\n\t\t\t\t\t\t<div class=\"elementor-container elementor-column-gap-default\">\n\t\t\t\t\t<div class=\"elementor-column elementor-col-100 elementor-top-column elementor-element elementor-element-5689fda\" data-id=\"5689fda\" data-element_type=\"column\">\n\t\t\t<div class=\"elementor-widget-wrap elementor-element-populated\">\n\t\t\t\t\t\t<div class=\"elementor-element elementor-element-ec10ffc elementor-widget elementor-widget-heading\" data-id=\"ec10ffc\" data-element_type=\"widget\" data-widget_type=\"heading.default\">\n\t\t\t\t<div class=\"elementor-widget-container\">\n\t\t\t\t\t<h2 class=\"elementor-heading-title elementor-size-default\">2. Gola de les Heures<\/h2>\t\t\t\t<\/div>\n\t\t\t\t<\/div>\n\t\t\t\t\t<\/div>\n\t\t<\/div>\n\t\t\t\t\t<\/div>\n\t\t<\/section>\n\t\t\t\t<section class=\"elementor-section elementor-top-section elementor-element elementor-element-36de432 elementor-section-boxed elementor-section-height-default elementor-section-height-default\" data-id=\"36de432\" data-element_type=\"section\">\n\t\t\t\t\t\t<div class=\"elementor-container elementor-column-gap-default\">\n\t\t\t\t\t<div class=\"elementor-column elementor-col-50 elementor-top-column elementor-element elementor-element-30a85ea\" data-id=\"30a85ea\" data-element_type=\"column\">\n\t\t\t<div class=\"elementor-widget-wrap elementor-element-populated\">\n\t\t\t\t\t\t<div class=\"elementor-element elementor-element-254baa4 elementor-widget elementor-widget-image\" data-id=\"254baa4\" data-element_type=\"widget\" data-widget_type=\"image.default\">\n\t\t\t\t<div class=\"elementor-widget-container\">\n\t\t\t\t\t\t\t\t\t\t\t\t\t\t\t<img decoding=\"async\" width=\"488\" height=\"516\" src=\"https:\/\/www.willysplan.com\/wp-content\/uploads\/2020\/08\/2.-gola-de-les-heures1.jpg\" class=\"attachment-medium_large size-medium_large wp-image-13035\" alt=\"\" srcset=\"https:\/\/www.willysplan.com\/wp-content\/uploads\/2020\/08\/2.-gola-de-les-heures1.jpg 488w, https:\/\/www.willysplan.com\/wp-content\/uploads\/2020\/08\/2.-gola-de-les-heures1-284x300.jpg 284w, https:\/\/www.willysplan.com\/wp-content\/uploads\/2020\/08\/2.-gola-de-les-heures1-378x400.jpg 378w\" sizes=\"(max-width: 488px) 100vw, 488px\" \/>\t\t\t\t\t\t\t\t\t\t\t\t\t\t\t<\/div>\n\t\t\t\t<\/div>\n\t\t\t\t\t<\/div>\n\t\t<\/div>\n\t\t\t\t<div class=\"elementor-column elementor-col-50 elementor-top-column elementor-element elementor-element-391cda5\" data-id=\"391cda5\" data-element_type=\"column\">\n\t\t\t<div class=\"elementor-widget-wrap elementor-element-populated\">\n\t\t\t\t\t\t<div class=\"elementor-element elementor-element-b390bb5 elementor-widget elementor-widget-google_maps\" data-id=\"b390bb5\" data-element_type=\"widget\" data-widget_type=\"google_maps.default\">\n\t\t\t\t<div class=\"elementor-widget-container\">\n\t\t\t\t\t\t\t<div class=\"elementor-custom-embed\">\n\t\t\t<iframe loading=\"lazy\"\n\t\t\t\t\tsrc=\"https:\/\/maps.google.com\/maps?q=gola%20de%20les%20heures&#038;t=m&#038;z=10&#038;output=embed&#038;iwloc=near\"\n\t\t\t\t\ttitle=\"gola de les heures\"\n\t\t\t\t\taria-label=\"gola de les heures\"\n\t\t\t><\/iframe>\n\t\t<\/div>\n\t\t\t\t\t\t<\/div>\n\t\t\t\t<\/div>\n\t\t\t\t\t<\/div>\n\t\t<\/div>\n\t\t\t\t\t<\/div>\n\t\t<\/section>\n\t\t\t\t<section class=\"elementor-section elementor-top-section elementor-element elementor-element-090337d elementor-section-boxed elementor-section-height-default elementor-section-height-default\" data-id=\"090337d\" data-element_type=\"section\">\n\t\t\t\t\t\t<div class=\"elementor-container elementor-column-gap-default\">\n\t\t\t\t\t<div class=\"elementor-column elementor-col-100 elementor-top-column elementor-element elementor-element-10259a1\" data-id=\"10259a1\" data-element_type=\"column\">\n\t\t\t<div class=\"elementor-widget-wrap elementor-element-populated\">\n\t\t\t\t\t\t<div class=\"elementor-element elementor-element-67842ef elementor-widget elementor-widget-text-editor\" data-id=\"67842ef\" data-element_type=\"widget\" data-widget_type=\"text-editor.default\">\n\t\t\t\t<div class=\"elementor-widget-container\">\n\t\t\t\t\t\t\t\t\t<p><span style=\"font-weight: 400;\">Al municipi de Santa Maria de Merl\u00e9s, a la zona de<\/span> <a href=\"https:\/\/www.willysplan.com\/ca\/rutes\/rutes-de-senderisme-i-excursions-pel-bergueda\"><span style=\"font-weight: 400;\">rutes i excursions a Bergued\u00e0<\/span><\/a><span style=\"font-weight: 400;\">, trobem una de les piscines naturals de Catalunya amb una<\/span> <b>ruta familiar de f\u00e0cil acc\u00e9s<\/b><span style=\"font-weight: 400;\">. \u00c9s una destinaci\u00f3 recomanada per al senderisme que permet gaudir de la natura acompanyat, ja que \u00e9s per a tot tipus de p\u00fablics. S&#8217;hi arriba amb facilitat gr\u00e0cies al seu acc\u00e9s amb cotxe, a m\u00e9s que la riera de Merl\u00e9s est\u00e0 dotada d&#8217;un cam\u00ed pla que afavoreix l&#8217;arribada a peu si \u00e9s el que preferiu. Realment \u00e9s un lloc completament recomanat per a aquells dies en qu\u00e8 et ve de gust sortir a refrescar-se amb un ambient familiar.<\/span><\/p>\t\t\t\t\t\t\t\t<\/div>\n\t\t\t\t<\/div>\n\t\t\t\t\t<\/div>\n\t\t<\/div>\n\t\t\t\t\t<\/div>\n\t\t<\/section>\n\t\t\t\t<section class=\"elementor-section elementor-top-section elementor-element elementor-element-c176f8c elementor-section-boxed elementor-section-height-default elementor-section-height-default\" data-id=\"c176f8c\" data-element_type=\"section\">\n\t\t\t\t\t\t<div class=\"elementor-container elementor-column-gap-default\">\n\t\t\t\t\t<div class=\"elementor-column elementor-col-100 elementor-top-column elementor-element elementor-element-533105d\" data-id=\"533105d\" data-element_type=\"column\">\n\t\t\t<div class=\"elementor-widget-wrap elementor-element-populated\">\n\t\t\t\t\t\t<div class=\"elementor-element elementor-element-fc7e19a elementor-widget elementor-widget-image\" data-id=\"fc7e19a\" data-element_type=\"widget\" data-widget_type=\"image.default\">\n\t\t\t\t<div class=\"elementor-widget-container\">\n\t\t\t\t\t\t\t\t\t\t\t\t\t\t\t\t<a href=\"https:\/\/www.willysplan.com\/ca\/excursions-organitzades-dun-dia-des-de-barcelona\" rel=\"nofollow\">\n\t\t\t\t\t\t\t<img decoding=\"async\" width=\"840\" height=\"243\" src=\"https:\/\/www.willysplan.com\/wp-content\/uploads\/2020\/12\/Reservar-excursion-para-grupos-privados.png\" class=\"attachment-large size-large wp-image-15031\" alt=\"\" srcset=\"https:\/\/www.willysplan.com\/wp-content\/uploads\/2020\/12\/Reservar-excursion-para-grupos-privados.png 840w, https:\/\/www.willysplan.com\/wp-content\/uploads\/2020\/12\/Reservar-excursion-para-grupos-privados-300x87.png 300w, https:\/\/www.willysplan.com\/wp-content\/uploads\/2020\/12\/Reservar-excursion-para-grupos-privados-768x222.png 768w, https:\/\/www.willysplan.com\/wp-content\/uploads\/2020\/12\/Reservar-excursion-para-grupos-privados-600x174.png 600w, https:\/\/www.willysplan.com\/wp-content\/uploads\/2020\/12\/Reservar-excursion-para-grupos-privados-190x55.png 190w, https:\/\/www.willysplan.com\/wp-content\/uploads\/2020\/12\/Reservar-excursion-para-grupos-privados-311x90.png 311w\" sizes=\"(max-width: 840px) 100vw, 840px\" \/>\t\t\t\t\t\t\t\t<\/a>\n\t\t\t\t\t\t\t\t\t\t\t\t\t\t\t<\/div>\n\t\t\t\t<\/div>\n\t\t\t\t\t<\/div>\n\t\t<\/div>\n\t\t\t\t\t<\/div>\n\t\t<\/section>\n\t\t\t\t<section class=\"elementor-section elementor-top-section elementor-element elementor-element-228dd78 elementor-section-boxed elementor-section-height-default elementor-section-height-default\" data-id=\"228dd78\" data-element_type=\"section\">\n\t\t\t\t\t\t<div class=\"elementor-container elementor-column-gap-default\">\n\t\t\t\t\t<div class=\"elementor-column elementor-col-100 elementor-top-column elementor-element elementor-element-6fe37a6\" data-id=\"6fe37a6\" data-element_type=\"column\">\n\t\t\t<div class=\"elementor-widget-wrap elementor-element-populated\">\n\t\t\t\t\t\t<div class=\"elementor-element elementor-element-c9dcbd0 elementor-widget elementor-widget-heading\" data-id=\"c9dcbd0\" data-element_type=\"widget\" data-widget_type=\"heading.default\">\n\t\t\t\t<div class=\"elementor-widget-container\">\n\t\t\t\t\t<h2 class=\"elementor-heading-title elementor-size-default\">3. Gorg de Can Batlle<\/h2>\t\t\t\t<\/div>\n\t\t\t\t<\/div>\n\t\t\t\t\t<\/div>\n\t\t<\/div>\n\t\t\t\t\t<\/div>\n\t\t<\/section>\n\t\t\t\t<section class=\"elementor-section elementor-top-section elementor-element elementor-element-9dde891 elementor-section-boxed elementor-section-height-default elementor-section-height-default\" data-id=\"9dde891\" data-element_type=\"section\">\n\t\t\t\t\t\t<div class=\"elementor-container elementor-column-gap-default\">\n\t\t\t\t\t<div class=\"elementor-column elementor-col-50 elementor-top-column elementor-element elementor-element-efd1b5f\" data-id=\"efd1b5f\" data-element_type=\"column\">\n\t\t\t<div class=\"elementor-widget-wrap elementor-element-populated\">\n\t\t\t\t\t\t<div class=\"elementor-element elementor-element-52923a4 elementor-widget elementor-widget-image\" data-id=\"52923a4\" data-element_type=\"widget\" data-widget_type=\"image.default\">\n\t\t\t\t<div class=\"elementor-widget-container\">\n\t\t\t\t\t\t\t\t\t\t\t\t\t\t\t<img loading=\"lazy\" decoding=\"async\" width=\"1024\" height=\"559\" src=\"https:\/\/www.willysplan.com\/wp-content\/uploads\/2020\/08\/Salt-de-Can-Batlle-1024x559.png\" class=\"attachment-large size-large wp-image-14969\" alt=\"\" srcset=\"https:\/\/www.willysplan.com\/wp-content\/uploads\/2020\/08\/Salt-de-Can-Batlle-1024x559.png 1024w, https:\/\/www.willysplan.com\/wp-content\/uploads\/2020\/08\/Salt-de-Can-Batlle-300x164.png 300w, https:\/\/www.willysplan.com\/wp-content\/uploads\/2020\/08\/Salt-de-Can-Batlle-768x419.png 768w, https:\/\/www.willysplan.com\/wp-content\/uploads\/2020\/08\/Salt-de-Can-Batlle-600x328.png 600w, https:\/\/www.willysplan.com\/wp-content\/uploads\/2020\/08\/Salt-de-Can-Batlle.png 1364w\" sizes=\"(max-width: 1024px) 100vw, 1024px\" \/>\t\t\t\t\t\t\t\t\t\t\t\t\t\t\t<\/div>\n\t\t\t\t<\/div>\n\t\t\t\t\t<\/div>\n\t\t<\/div>\n\t\t\t\t<div class=\"elementor-column elementor-col-50 elementor-top-column elementor-element elementor-element-a40f723\" data-id=\"a40f723\" data-element_type=\"column\">\n\t\t\t<div class=\"elementor-widget-wrap elementor-element-populated\">\n\t\t\t\t\t\t<div class=\"elementor-element elementor-element-8ebd04f elementor-widget elementor-widget-google_maps\" data-id=\"8ebd04f\" data-element_type=\"widget\" data-widget_type=\"google_maps.default\">\n\t\t\t\t<div class=\"elementor-widget-container\">\n\t\t\t\t\t\t\t<div class=\"elementor-custom-embed\">\n\t\t\t<iframe loading=\"lazy\"\n\t\t\t\t\tsrc=\"https:\/\/maps.google.com\/maps?q=gorg%20de%20can%20batlle&#038;t=m&#038;z=10&#038;output=embed&#038;iwloc=near\"\n\t\t\t\t\ttitle=\"gorg de can batlle\"\n\t\t\t\t\taria-label=\"gorg de can batlle\"\n\t\t\t><\/iframe>\n\t\t<\/div>\n\t\t\t\t\t\t<\/div>\n\t\t\t\t<\/div>\n\t\t\t\t\t<\/div>\n\t\t<\/div>\n\t\t\t\t\t<\/div>\n\t\t<\/section>\n\t\t\t\t<section class=\"elementor-section elementor-top-section elementor-element elementor-element-649f78d elementor-section-boxed elementor-section-height-default elementor-section-height-default\" data-id=\"649f78d\" data-element_type=\"section\">\n\t\t\t\t\t\t<div class=\"elementor-container elementor-column-gap-default\">\n\t\t\t\t\t<div class=\"elementor-column elementor-col-100 elementor-top-column elementor-element elementor-element-bd8f266\" data-id=\"bd8f266\" data-element_type=\"column\">\n\t\t\t<div class=\"elementor-widget-wrap elementor-element-populated\">\n\t\t\t\t\t\t<div class=\"elementor-element elementor-element-6131457 elementor-widget elementor-widget-text-editor\" data-id=\"6131457\" data-element_type=\"widget\" data-widget_type=\"text-editor.default\">\n\t\t\t\t<div class=\"elementor-widget-container\">\n\t\t\t\t\t\t\t\t\t<p><span style=\"font-weight: 400;\">Aquest gorg \u00e9s for\u00e7a conegut entre els gorgs de Catalunya, ja que ens permet veure des de molt a prop com l&#8217;aigua es filtra entre la natura per crear una piscina natural preciosa. Es troba a Santa Pau, la Garrotxa, a les famoses <a href=\"https:\/\/www.willysplan.com\/ca\/rutes\/rutes-de-senderisme-i-excursions-per-olot\">rutes de senderisme i excursions per Olot<\/a><\/span><span style=\"font-weight: 400;\">. Certament, \u00e9s un lloc molt tranquil on pots passar una bona estona tant dins com fora de l&#8217;aigua<\/span><span style=\"font-weight: 400;\">. Les seves roques permeten descansar-hi i veure des d&#8217;all\u00e0 el sorprenent <\/span><b>paisatge natural<\/b><span style=\"font-weight: 400;\"> que se&#8217;ns ofereix. Les vistes s\u00f3n molt m\u00e9s que fascinants, es pot contemplar tota la natura que l&#8217;envolta al costat de la caiguda de l&#8217;aigua<\/span><span style=\"font-weight: 400;\">. \u00c9s un rac\u00f3 fant\u00e0stic que atrau tant com per contemplar-ho durant hores.<\/span><\/p>\t\t\t\t\t\t\t\t<\/div>\n\t\t\t\t<\/div>\n\t\t\t\t\t<\/div>\n\t\t<\/div>\n\t\t\t\t\t<\/div>\n\t\t<\/section>\n\t\t\t\t<section class=\"elementor-section elementor-top-section elementor-element elementor-element-934cfa6 elementor-section-boxed elementor-section-height-default elementor-section-height-default\" data-id=\"934cfa6\" data-element_type=\"section\">\n\t\t\t\t\t\t<div class=\"elementor-container elementor-column-gap-default\">\n\t\t\t\t\t<div class=\"elementor-column elementor-col-100 elementor-top-column elementor-element elementor-element-6d28942\" data-id=\"6d28942\" data-element_type=\"column\">\n\t\t\t<div class=\"elementor-widget-wrap elementor-element-populated\">\n\t\t\t\t\t\t<div class=\"elementor-element elementor-element-24f2b10 elementor-widget elementor-widget-heading\" data-id=\"24f2b10\" data-element_type=\"widget\" data-widget_type=\"heading.default\">\n\t\t\t\t<div class=\"elementor-widget-container\">\n\t\t\t\t\t<h2 class=\"elementor-heading-title elementor-size-default\">4. Gorg de Malatosca<\/h2>\t\t\t\t<\/div>\n\t\t\t\t<\/div>\n\t\t\t\t\t<\/div>\n\t\t<\/div>\n\t\t\t\t\t<\/div>\n\t\t<\/section>\n\t\t\t\t<section class=\"elementor-section elementor-top-section elementor-element elementor-element-5a266e9 elementor-section-boxed elementor-section-height-default elementor-section-height-default\" data-id=\"5a266e9\" data-element_type=\"section\">\n\t\t\t\t\t\t<div class=\"elementor-container elementor-column-gap-default\">\n\t\t\t\t\t<div class=\"elementor-column elementor-col-50 elementor-top-column elementor-element elementor-element-8ca8f7f\" data-id=\"8ca8f7f\" data-element_type=\"column\">\n\t\t\t<div class=\"elementor-widget-wrap elementor-element-populated\">\n\t\t\t\t\t\t<div class=\"elementor-element elementor-element-55b0b90 elementor-widget elementor-widget-image\" data-id=\"55b0b90\" data-element_type=\"widget\" data-widget_type=\"image.default\">\n\t\t\t\t<div class=\"elementor-widget-container\">\n\t\t\t\t\t\t\t\t\t\t\t\t\t\t\t<img loading=\"lazy\" decoding=\"async\" width=\"972\" height=\"516\" src=\"https:\/\/www.willysplan.com\/wp-content\/uploads\/2020\/08\/4.-Gorg-de-la-matalosca1.jpg\" class=\"attachment-large size-large wp-image-13039\" alt=\"\" srcset=\"https:\/\/www.willysplan.com\/wp-content\/uploads\/2020\/08\/4.-Gorg-de-la-matalosca1.jpg 972w, https:\/\/www.willysplan.com\/wp-content\/uploads\/2020\/08\/4.-Gorg-de-la-matalosca1-300x159.jpg 300w, https:\/\/www.willysplan.com\/wp-content\/uploads\/2020\/08\/4.-Gorg-de-la-matalosca1-768x408.jpg 768w, https:\/\/www.willysplan.com\/wp-content\/uploads\/2020\/08\/4.-Gorg-de-la-matalosca1-960x510.jpg 960w, https:\/\/www.willysplan.com\/wp-content\/uploads\/2020\/08\/4.-Gorg-de-la-matalosca1-753x400.jpg 753w, https:\/\/www.willysplan.com\/wp-content\/uploads\/2020\/08\/4.-Gorg-de-la-matalosca1-585x311.jpg 585w, https:\/\/www.willysplan.com\/wp-content\/uploads\/2020\/08\/4.-Gorg-de-la-matalosca1-600x319.jpg 600w\" sizes=\"(max-width: 972px) 100vw, 972px\" \/>\t\t\t\t\t\t\t\t\t\t\t\t\t\t\t<\/div>\n\t\t\t\t<\/div>\n\t\t\t\t\t<\/div>\n\t\t<\/div>\n\t\t\t\t<div class=\"elementor-column elementor-col-50 elementor-top-column elementor-element elementor-element-3e5315c\" data-id=\"3e5315c\" data-element_type=\"column\">\n\t\t\t<div class=\"elementor-widget-wrap elementor-element-populated\">\n\t\t\t\t\t\t<div class=\"elementor-element elementor-element-2ac84a8 elementor-widget elementor-widget-google_maps\" data-id=\"2ac84a8\" data-element_type=\"widget\" data-widget_type=\"google_maps.default\">\n\t\t\t\t<div class=\"elementor-widget-container\">\n\t\t\t\t\t\t\t<div class=\"elementor-custom-embed\">\n\t\t\t<iframe loading=\"lazy\"\n\t\t\t\t\tsrc=\"https:\/\/maps.google.com\/maps?q=gorg%20la%20matalosca&#038;t=m&#038;z=10&#038;output=embed&#038;iwloc=near\"\n\t\t\t\t\ttitle=\"gorg la matalosca\"\n\t\t\t\t\taria-label=\"gorg la matalosca\"\n\t\t\t><\/iframe>\n\t\t<\/div>\n\t\t\t\t\t\t<\/div>\n\t\t\t\t<\/div>\n\t\t\t\t\t<\/div>\n\t\t<\/div>\n\t\t\t\t\t<\/div>\n\t\t<\/section>\n\t\t\t\t<section class=\"elementor-section elementor-top-section elementor-element elementor-element-7dd4d6d elementor-section-boxed elementor-section-height-default elementor-section-height-default\" data-id=\"7dd4d6d\" data-element_type=\"section\">\n\t\t\t\t\t\t<div class=\"elementor-container elementor-column-gap-default\">\n\t\t\t\t\t<div class=\"elementor-column elementor-col-100 elementor-top-column elementor-element elementor-element-eab2445\" data-id=\"eab2445\" data-element_type=\"column\">\n\t\t\t<div class=\"elementor-widget-wrap elementor-element-populated\">\n\t\t\t\t\t\t<div class=\"elementor-element elementor-element-fc5f76d elementor-widget elementor-widget-text-editor\" data-id=\"fc5f76d\" data-element_type=\"widget\" data-widget_type=\"text-editor.default\">\n\t\t\t\t<div class=\"elementor-widget-container\">\n\t\t\t\t\t\t\t\t\t<p><span style=\"font-weight: 400;\">Situem el Gorg de Malatosca a Sant Joan de les Abadesses, una petita localitat que es troba dins de la nostra oferta de<\/span> <a href=\"https:\/\/www.willysplan.com\/ca\/rutes\/rutes-de-senderisme-i-excursions-per-girona-provincia\"><span style=\"font-weight: 400;\">rutes per Girona prov\u00edncia<\/span><\/a><span style=\"font-weight: 400;\">. Aquest espai ens ofereix una extraordin\u00e0ria cascada que d\u00f3na lloc a una de les piscines naturals de Catalunya. Les caracter\u00edstiques que m\u00e9s el defineixen \u00e9s la <\/span><b>gran import\u00e0ncia natural, cultural i hist\u00f2rica<\/b><span style=\"font-weight: 400;\">. Impressiona la seva presentaci\u00f3 paisatg\u00edstica plena dels millors secrets de la natura. \u00c9s fascinant saber que se li atribueix el nom de Gorg de les Bruixes per la seva llegenda. Aquesta parla dels conjurs que les bruixes feien all\u00e0, per la qual cosa fa d&#8217;aquest lloc un dest\u00ed m\u00e0gic i fascinant.<\/span><\/p>\t\t\t\t\t\t\t\t<\/div>\n\t\t\t\t<\/div>\n\t\t\t\t\t<\/div>\n\t\t<\/div>\n\t\t\t\t\t<\/div>\n\t\t<\/section>\n\t\t\t\t<section class=\"elementor-section elementor-top-section elementor-element elementor-element-b9c07ba elementor-section-boxed elementor-section-height-default elementor-section-height-default\" data-id=\"b9c07ba\" data-element_type=\"section\">\n\t\t\t\t\t\t<div class=\"elementor-container elementor-column-gap-default\">\n\t\t\t\t\t<div class=\"elementor-column elementor-col-100 elementor-top-column elementor-element elementor-element-341fb0e\" data-id=\"341fb0e\" data-element_type=\"column\">\n\t\t\t<div class=\"elementor-widget-wrap elementor-element-populated\">\n\t\t\t\t\t\t<div class=\"elementor-element elementor-element-a6ad739 elementor-widget elementor-widget-image\" data-id=\"a6ad739\" data-element_type=\"widget\" data-widget_type=\"image.default\">\n\t\t\t\t<div class=\"elementor-widget-container\">\n\t\t\t\t\t\t\t\t\t\t\t\t\t\t\t\t<a href=\"https:\/\/www.willysplan.com\/ca\/excursions-organitzades-dun-dia-des-de-barcelona\" rel=\"nofollow\">\n\t\t\t\t\t\t\t<img decoding=\"async\" width=\"840\" height=\"243\" src=\"https:\/\/www.willysplan.com\/wp-content\/uploads\/2020\/12\/Reservar-excursion-para-grupos-privados.png\" class=\"attachment-large size-large wp-image-15031\" alt=\"\" srcset=\"https:\/\/www.willysplan.com\/wp-content\/uploads\/2020\/12\/Reservar-excursion-para-grupos-privados.png 840w, https:\/\/www.willysplan.com\/wp-content\/uploads\/2020\/12\/Reservar-excursion-para-grupos-privados-300x87.png 300w, https:\/\/www.willysplan.com\/wp-content\/uploads\/2020\/12\/Reservar-excursion-para-grupos-privados-768x222.png 768w, https:\/\/www.willysplan.com\/wp-content\/uploads\/2020\/12\/Reservar-excursion-para-grupos-privados-600x174.png 600w, https:\/\/www.willysplan.com\/wp-content\/uploads\/2020\/12\/Reservar-excursion-para-grupos-privados-190x55.png 190w, https:\/\/www.willysplan.com\/wp-content\/uploads\/2020\/12\/Reservar-excursion-para-grupos-privados-311x90.png 311w\" sizes=\"(max-width: 840px) 100vw, 840px\" \/>\t\t\t\t\t\t\t\t<\/a>\n\t\t\t\t\t\t\t\t\t\t\t\t\t\t\t<\/div>\n\t\t\t\t<\/div>\n\t\t\t\t\t<\/div>\n\t\t<\/div>\n\t\t\t\t\t<\/div>\n\t\t<\/section>\n\t\t\t\t<section class=\"elementor-section elementor-top-section elementor-element elementor-element-463b1d6 elementor-section-boxed elementor-section-height-default elementor-section-height-default\" data-id=\"463b1d6\" data-element_type=\"section\">\n\t\t\t\t\t\t<div class=\"elementor-container elementor-column-gap-default\">\n\t\t\t\t\t<div class=\"elementor-column elementor-col-100 elementor-top-column elementor-element elementor-element-906796f\" data-id=\"906796f\" data-element_type=\"column\">\n\t\t\t<div class=\"elementor-widget-wrap elementor-element-populated\">\n\t\t\t\t\t\t<div class=\"elementor-element elementor-element-add74af elementor-widget elementor-widget-heading\" data-id=\"add74af\" data-element_type=\"widget\" data-widget_type=\"heading.default\">\n\t\t\t\t<div class=\"elementor-widget-container\">\n\t\t\t\t\t<h2 class=\"elementor-heading-title elementor-size-default\">5. Niu de l'\u00c0liga<\/h2>\t\t\t\t<\/div>\n\t\t\t\t<\/div>\n\t\t\t\t\t<\/div>\n\t\t<\/div>\n\t\t\t\t\t<\/div>\n\t\t<\/section>\n\t\t\t\t<section class=\"elementor-section elementor-top-section elementor-element elementor-element-17f4fe2 elementor-section-boxed elementor-section-height-default elementor-section-height-default\" data-id=\"17f4fe2\" data-element_type=\"section\">\n\t\t\t\t\t\t<div class=\"elementor-container elementor-column-gap-default\">\n\t\t\t\t\t<div class=\"elementor-column elementor-col-50 elementor-top-column elementor-element elementor-element-e70c3b5\" data-id=\"e70c3b5\" data-element_type=\"column\">\n\t\t\t<div class=\"elementor-widget-wrap elementor-element-populated\">\n\t\t\t\t\t\t<div class=\"elementor-element elementor-element-6952af3 elementor-widget elementor-widget-image\" data-id=\"6952af3\" data-element_type=\"widget\" data-widget_type=\"image.default\">\n\t\t\t\t<div class=\"elementor-widget-container\">\n\t\t\t\t\t\t\t\t\t\t\t\t\t\t\t<img loading=\"lazy\" decoding=\"async\" width=\"488\" height=\"561\" src=\"https:\/\/www.willysplan.com\/wp-content\/uploads\/2020\/08\/5.-Niu-de-laguila1.jpg\" class=\"attachment-large size-large wp-image-13041\" alt=\"\" srcset=\"https:\/\/www.willysplan.com\/wp-content\/uploads\/2020\/08\/5.-Niu-de-laguila1.jpg 488w, https:\/\/www.willysplan.com\/wp-content\/uploads\/2020\/08\/5.-Niu-de-laguila1-261x300.jpg 261w, https:\/\/www.willysplan.com\/wp-content\/uploads\/2020\/08\/5.-Niu-de-laguila1-348x400.jpg 348w\" sizes=\"(max-width: 488px) 100vw, 488px\" \/>\t\t\t\t\t\t\t\t\t\t\t\t\t\t\t<\/div>\n\t\t\t\t<\/div>\n\t\t\t\t\t<\/div>\n\t\t<\/div>\n\t\t\t\t<div class=\"elementor-column elementor-col-50 elementor-top-column elementor-element elementor-element-4eea298\" data-id=\"4eea298\" data-element_type=\"column\">\n\t\t\t<div class=\"elementor-widget-wrap elementor-element-populated\">\n\t\t\t\t\t\t<div class=\"elementor-element elementor-element-d04aa7e elementor-widget elementor-widget-google_maps\" data-id=\"d04aa7e\" data-element_type=\"widget\" data-widget_type=\"google_maps.default\">\n\t\t\t\t<div class=\"elementor-widget-container\">\n\t\t\t\t\t\t\t<div class=\"elementor-custom-embed\">\n\t\t\t<iframe loading=\"lazy\"\n\t\t\t\t\tsrc=\"https:\/\/maps.google.com\/maps?q=Niu%20de%20l%27%C3%A0liga&#038;t=m&#038;z=10&#038;output=embed&#038;iwloc=near\"\n\t\t\t\t\ttitle=\"Niu de l&#039;\u00e0liga\"\n\t\t\t\t\taria-label=\"Niu de l&#039;\u00e0liga\"\n\t\t\t><\/iframe>\n\t\t<\/div>\n\t\t\t\t\t\t<\/div>\n\t\t\t\t<\/div>\n\t\t\t\t\t<\/div>\n\t\t<\/div>\n\t\t\t\t\t<\/div>\n\t\t<\/section>\n\t\t\t\t<section class=\"elementor-section elementor-top-section elementor-element elementor-element-125a922 elementor-section-boxed elementor-section-height-default elementor-section-height-default\" data-id=\"125a922\" data-element_type=\"section\">\n\t\t\t\t\t\t<div class=\"elementor-container elementor-column-gap-default\">\n\t\t\t\t\t<div class=\"elementor-column elementor-col-100 elementor-top-column elementor-element elementor-element-4016297\" data-id=\"4016297\" data-element_type=\"column\">\n\t\t\t<div class=\"elementor-widget-wrap elementor-element-populated\">\n\t\t\t\t\t\t<div class=\"elementor-element elementor-element-f575834 elementor-widget elementor-widget-text-editor\" data-id=\"f575834\" data-element_type=\"widget\" data-widget_type=\"text-editor.default\">\n\t\t\t\t<div class=\"elementor-widget-container\">\n\t\t\t\t\t\t\t\t\t<p><span style=\"font-weight: 400;\">A l&#8217;Alt Camp, Tarragona, trobem un dels gorgs de Catalunya, el Niu de l&#8217;\u00c0liga. \u00c9s completament irresistible, ja que enveja la <\/span><b>gran quantitat de vegetaci\u00f3<\/b><span style=\"font-weight: 400;\"> que l&#8217;envolta, aquesta fa una sensaci\u00f3 de vitalitat i frescor indescriptible. L&#8217;aigua prov\u00e9 del riu Glorieta, que de manera sorprenent deixa fluir entre les roques una <\/span><b>meravellosa cascada<\/b><span style=\"font-weight: 400;\">. S&#8217;hi arriba a trav\u00e9s d&#8217;un cam\u00ed tranquil que destaca perqu\u00e8 \u00e9s adequat per fer en fam\u00edlia o amb qualsevol tipus de companyia. Fins i tot proporciona un acc\u00e9s fins a les Fonts del Glorieta per a aquells curiosos que tenen ganes de visitar m\u00e9s racons de la natura.<\/span><\/p>\n\t\t\t\t\t\t\t\t<\/div>\n\t\t\t\t<\/div>\n\t\t\t\t\t<\/div>\n\t\t<\/div>\n\t\t\t\t\t<\/div>\n\t\t<\/section>\n\t\t\t\t<section class=\"elementor-section elementor-top-section elementor-element elementor-element-9a0b7f5 elementor-section-boxed elementor-section-height-default elementor-section-height-default\" data-id=\"9a0b7f5\" data-element_type=\"section\">\n\t\t\t\t\t\t<div class=\"elementor-container elementor-column-gap-default\">\n\t\t\t\t\t<div class=\"elementor-column elementor-col-100 elementor-top-column elementor-element elementor-element-dc4b952\" data-id=\"dc4b952\" data-element_type=\"column\">\n\t\t\t<div class=\"elementor-widget-wrap elementor-element-populated\">\n\t\t\t\t\t\t<div class=\"elementor-element elementor-element-d9462f3 elementor-widget elementor-widget-heading\" data-id=\"d9462f3\" data-element_type=\"widget\" data-widget_type=\"heading.default\">\n\t\t\t\t<div class=\"elementor-widget-container\">\n\t\t\t\t\t<h2 class=\"elementor-heading-title elementor-size-default\">6. Cascada de la Foradada<\/h2>\t\t\t\t<\/div>\n\t\t\t\t<\/div>\n\t\t\t\t\t<\/div>\n\t\t<\/div>\n\t\t\t\t\t<\/div>\n\t\t<\/section>\n\t\t\t\t<section class=\"elementor-section elementor-top-section elementor-element elementor-element-2bf58e0 elementor-section-boxed elementor-section-height-default elementor-section-height-default\" data-id=\"2bf58e0\" data-element_type=\"section\">\n\t\t\t\t\t\t<div class=\"elementor-container elementor-column-gap-default\">\n\t\t\t\t\t<div class=\"elementor-column elementor-col-50 elementor-top-column elementor-element elementor-element-62aff48\" data-id=\"62aff48\" data-element_type=\"column\">\n\t\t\t<div class=\"elementor-widget-wrap elementor-element-populated\">\n\t\t\t\t\t\t<div class=\"elementor-element elementor-element-8b684d8 elementor-widget elementor-widget-image\" data-id=\"8b684d8\" data-element_type=\"widget\" data-widget_type=\"image.default\">\n\t\t\t\t<div class=\"elementor-widget-container\">\n\t\t\t\t\t\t\t\t\t\t\t\t\t\t\t<img loading=\"lazy\" decoding=\"async\" width=\"907\" height=\"592\" src=\"https:\/\/www.willysplan.com\/wp-content\/uploads\/2020\/08\/6.-cascada-la-foradada1.jpg\" class=\"attachment-large size-large wp-image-13043\" alt=\"\" srcset=\"https:\/\/www.willysplan.com\/wp-content\/uploads\/2020\/08\/6.-cascada-la-foradada1.jpg 907w, https:\/\/www.willysplan.com\/wp-content\/uploads\/2020\/08\/6.-cascada-la-foradada1-300x196.jpg 300w, https:\/\/www.willysplan.com\/wp-content\/uploads\/2020\/08\/6.-cascada-la-foradada1-768x501.jpg 768w, https:\/\/www.willysplan.com\/wp-content\/uploads\/2020\/08\/6.-cascada-la-foradada1-613x400.jpg 613w, https:\/\/www.willysplan.com\/wp-content\/uploads\/2020\/08\/6.-cascada-la-foradada1-585x382.jpg 585w, https:\/\/www.willysplan.com\/wp-content\/uploads\/2020\/08\/6.-cascada-la-foradada1-600x392.jpg 600w\" sizes=\"(max-width: 907px) 100vw, 907px\" \/>\t\t\t\t\t\t\t\t\t\t\t\t\t\t\t<\/div>\n\t\t\t\t<\/div>\n\t\t\t\t\t<\/div>\n\t\t<\/div>\n\t\t\t\t<div class=\"elementor-column elementor-col-50 elementor-top-column elementor-element elementor-element-8eb7d2c\" data-id=\"8eb7d2c\" data-element_type=\"column\">\n\t\t\t<div class=\"elementor-widget-wrap elementor-element-populated\">\n\t\t\t\t\t\t<div class=\"elementor-element elementor-element-69ca0ad elementor-widget elementor-widget-google_maps\" data-id=\"69ca0ad\" data-element_type=\"widget\" data-widget_type=\"google_maps.default\">\n\t\t\t\t<div class=\"elementor-widget-container\">\n\t\t\t\t\t\t\t<div class=\"elementor-custom-embed\">\n\t\t\t<iframe loading=\"lazy\"\n\t\t\t\t\tsrc=\"https:\/\/maps.google.com\/maps?q=cascada%20la%20foradada&#038;t=m&#038;z=10&#038;output=embed&#038;iwloc=near\"\n\t\t\t\t\ttitle=\"cascada la foradada\"\n\t\t\t\t\taria-label=\"cascada la foradada\"\n\t\t\t><\/iframe>\n\t\t<\/div>\n\t\t\t\t\t\t<\/div>\n\t\t\t\t<\/div>\n\t\t\t\t\t<\/div>\n\t\t<\/div>\n\t\t\t\t\t<\/div>\n\t\t<\/section>\n\t\t\t\t<section class=\"elementor-section elementor-top-section elementor-element elementor-element-421418a elementor-section-boxed elementor-section-height-default elementor-section-height-default\" data-id=\"421418a\" data-element_type=\"section\">\n\t\t\t\t\t\t<div class=\"elementor-container elementor-column-gap-default\">\n\t\t\t\t\t<div class=\"elementor-column elementor-col-100 elementor-top-column elementor-element elementor-element-3ab8b25\" data-id=\"3ab8b25\" data-element_type=\"column\">\n\t\t\t<div class=\"elementor-widget-wrap elementor-element-populated\">\n\t\t\t\t\t\t<div class=\"elementor-element elementor-element-e420e73 elementor-widget elementor-widget-text-editor\" data-id=\"e420e73\" data-element_type=\"widget\" data-widget_type=\"text-editor.default\">\n\t\t\t\t<div class=\"elementor-widget-container\">\n\t\t\t\t\t\t\t\t\t<p><span style=\"font-weight: 400;\">Aquest meravell\u00f3s dest\u00ed es troba al poble Cantonigr\u00f3s, a les<\/span> <a href=\"https:\/\/www.willysplan.com\/ca\/rutes\/rutes-de-senderisme-i-excursions-per-osona\"><span style=\"font-weight: 400;\">rutes per Osona<\/span><\/a> <span style=\"font-weight: 400;\">i les<\/span> <a href=\"https:\/\/www.willysplan.com\/ca\/rutes\/rutes-de-senderisme-i-excursions-per-barcelona\"><span style=\"font-weight: 400;\">excursions per Barcelona<\/span><\/a><span style=\"font-weight: 400;\">. En aquest lloc sorprenent trobar\u00e0s un gorg envoltat d&#8217;unes parets rocoses, \u00e9s el dest\u00ed on desemboca l&#8217;espectacular cascada de 15 metres. \u00c9s un dels <\/span><b>millors 7 gorgs de Catalunya<\/b><span style=\"font-weight: 400;\"> perqu\u00e8 ofereix una estampa totalment natural i adequada per a una parada refrescant un dia calor\u00f3s d&#8217;estiu. A m\u00e9s, l&#8217;acc\u00e9s \u00e9s f\u00e0cil per a tots els p\u00fablics, perfecte per anar-hi en fam\u00edlia. Per arribar a aquest extraordinari lloc hi ha un f\u00e0cil acc\u00e9s per un cam\u00ed <\/span><b>ple de vegetaci\u00f3<\/b> <span style=\"font-weight: 400;\">, encara que nom\u00e9s trobar\u00e0s un petit tram al final que \u00e9s una mica menys f\u00e0cil, en passar-ho pots gaudir de les vistes i aquest capbuss\u00f3 que desitjaves tant.<\/span><\/p>\t\t\t\t\t\t\t\t<\/div>\n\t\t\t\t<\/div>\n\t\t\t\t\t<\/div>\n\t\t<\/div>\n\t\t\t\t\t<\/div>\n\t\t<\/section>\n\t\t\t\t<section class=\"elementor-section elementor-top-section elementor-element elementor-element-1cdaef5 elementor-section-boxed elementor-section-height-default elementor-section-height-default\" data-id=\"1cdaef5\" data-element_type=\"section\">\n\t\t\t\t\t\t<div class=\"elementor-container elementor-column-gap-default\">\n\t\t\t\t\t<div class=\"elementor-column elementor-col-100 elementor-top-column elementor-element elementor-element-fd1e1a8\" data-id=\"fd1e1a8\" data-element_type=\"column\">\n\t\t\t<div class=\"elementor-widget-wrap elementor-element-populated\">\n\t\t\t\t\t\t<div class=\"elementor-element elementor-element-4baf3b9 elementor-widget elementor-widget-image\" data-id=\"4baf3b9\" data-element_type=\"widget\" data-widget_type=\"image.default\">\n\t\t\t\t<div class=\"elementor-widget-container\">\n\t\t\t\t\t\t\t\t\t\t\t\t\t\t\t\t<a href=\"https:\/\/www.willysplan.com\/ca\/excursions-organitzades-dun-dia-des-de-barcelona\" rel=\"nofollow\">\n\t\t\t\t\t\t\t<img decoding=\"async\" width=\"840\" height=\"243\" src=\"https:\/\/www.willysplan.com\/wp-content\/uploads\/2020\/12\/Reservar-excursion-para-grupos-privados.png\" class=\"attachment-large size-large wp-image-15031\" alt=\"\" srcset=\"https:\/\/www.willysplan.com\/wp-content\/uploads\/2020\/12\/Reservar-excursion-para-grupos-privados.png 840w, https:\/\/www.willysplan.com\/wp-content\/uploads\/2020\/12\/Reservar-excursion-para-grupos-privados-300x87.png 300w, https:\/\/www.willysplan.com\/wp-content\/uploads\/2020\/12\/Reservar-excursion-para-grupos-privados-768x222.png 768w, https:\/\/www.willysplan.com\/wp-content\/uploads\/2020\/12\/Reservar-excursion-para-grupos-privados-600x174.png 600w, https:\/\/www.willysplan.com\/wp-content\/uploads\/2020\/12\/Reservar-excursion-para-grupos-privados-190x55.png 190w, https:\/\/www.willysplan.com\/wp-content\/uploads\/2020\/12\/Reservar-excursion-para-grupos-privados-311x90.png 311w\" sizes=\"(max-width: 840px) 100vw, 840px\" \/>\t\t\t\t\t\t\t\t<\/a>\n\t\t\t\t\t\t\t\t\t\t\t\t\t\t\t<\/div>\n\t\t\t\t<\/div>\n\t\t\t\t\t<\/div>\n\t\t<\/div>\n\t\t\t\t\t<\/div>\n\t\t<\/section>\n\t\t\t\t<section class=\"elementor-section elementor-top-section elementor-element elementor-element-ef7f99d elementor-section-boxed elementor-section-height-default elementor-section-height-default\" data-id=\"ef7f99d\" data-element_type=\"section\">\n\t\t\t\t\t\t<div class=\"elementor-container elementor-column-gap-default\">\n\t\t\t\t\t<div class=\"elementor-column elementor-col-100 elementor-top-column elementor-element elementor-element-cdb15e9\" data-id=\"cdb15e9\" data-element_type=\"column\">\n\t\t\t<div class=\"elementor-widget-wrap elementor-element-populated\">\n\t\t\t\t\t\t<div class=\"elementor-element elementor-element-640e5fe elementor-widget elementor-widget-heading\" data-id=\"640e5fe\" data-element_type=\"widget\" data-widget_type=\"heading.default\">\n\t\t\t\t<div class=\"elementor-widget-container\">\n\t\t\t\t\t<h2 class=\"elementor-heading-title elementor-size-default\">7. Gorg de la Sort<\/h2>\t\t\t\t<\/div>\n\t\t\t\t<\/div>\n\t\t\t\t\t<\/div>\n\t\t<\/div>\n\t\t\t\t\t<\/div>\n\t\t<\/section>\n\t\t\t\t<section class=\"elementor-section elementor-top-section elementor-element elementor-element-6cadb9e elementor-section-boxed elementor-section-height-default elementor-section-height-default\" data-id=\"6cadb9e\" data-element_type=\"section\">\n\t\t\t\t\t\t<div class=\"elementor-container elementor-column-gap-default\">\n\t\t\t\t\t<div class=\"elementor-column elementor-col-50 elementor-top-column elementor-element elementor-element-afed51f\" data-id=\"afed51f\" data-element_type=\"column\">\n\t\t\t<div class=\"elementor-widget-wrap elementor-element-populated\">\n\t\t\t\t\t\t<div class=\"elementor-element elementor-element-4cc8e32 elementor-widget elementor-widget-image\" data-id=\"4cc8e32\" data-element_type=\"widget\" data-widget_type=\"image.default\">\n\t\t\t\t<div class=\"elementor-widget-container\">\n\t\t\t\t\t\t\t\t\t\t\t\t\t\t\t<img loading=\"lazy\" decoding=\"async\" width=\"488\" height=\"509\" src=\"https:\/\/www.willysplan.com\/wp-content\/uploads\/2020\/08\/7.-gorg-de-la-sort1.jpg\" class=\"attachment-large size-large wp-image-13045\" alt=\"\" srcset=\"https:\/\/www.willysplan.com\/wp-content\/uploads\/2020\/08\/7.-gorg-de-la-sort1.jpg 488w, https:\/\/www.willysplan.com\/wp-content\/uploads\/2020\/08\/7.-gorg-de-la-sort1-288x300.jpg 288w, https:\/\/www.willysplan.com\/wp-content\/uploads\/2020\/08\/7.-gorg-de-la-sort1-383x400.jpg 383w\" sizes=\"(max-width: 488px) 100vw, 488px\" \/>\t\t\t\t\t\t\t\t\t\t\t\t\t\t\t<\/div>\n\t\t\t\t<\/div>\n\t\t\t\t\t<\/div>\n\t\t<\/div>\n\t\t\t\t<div class=\"elementor-column elementor-col-50 elementor-top-column elementor-element elementor-element-73365b6\" data-id=\"73365b6\" data-element_type=\"column\">\n\t\t\t<div class=\"elementor-widget-wrap elementor-element-populated\">\n\t\t\t\t\t\t<div class=\"elementor-element elementor-element-d03385d elementor-widget elementor-widget-google_maps\" data-id=\"d03385d\" data-element_type=\"widget\" data-widget_type=\"google_maps.default\">\n\t\t\t\t<div class=\"elementor-widget-container\">\n\t\t\t\t\t\t\t<div class=\"elementor-custom-embed\">\n\t\t\t<iframe loading=\"lazy\"\n\t\t\t\t\tsrc=\"https:\/\/maps.google.com\/maps?q=gorg%20de%20la%20sort&#038;t=m&#038;z=10&#038;output=embed&#038;iwloc=near\"\n\t\t\t\t\ttitle=\"gorg de la sort\"\n\t\t\t\t\taria-label=\"gorg de la sort\"\n\t\t\t><\/iframe>\n\t\t<\/div>\n\t\t\t\t\t\t<\/div>\n\t\t\t\t<\/div>\n\t\t\t\t\t<\/div>\n\t\t<\/div>\n\t\t\t\t\t<\/div>\n\t\t<\/section>\n\t\t\t\t<section class=\"elementor-section elementor-top-section elementor-element elementor-element-e8a8195 elementor-section-boxed elementor-section-height-default elementor-section-height-default\" data-id=\"e8a8195\" data-element_type=\"section\">\n\t\t\t\t\t\t<div class=\"elementor-container elementor-column-gap-default\">\n\t\t\t\t\t<div class=\"elementor-column elementor-col-100 elementor-top-column elementor-element elementor-element-7e11e16\" data-id=\"7e11e16\" data-element_type=\"column\">\n\t\t\t<div class=\"elementor-widget-wrap elementor-element-populated\">\n\t\t\t\t\t\t<div class=\"elementor-element elementor-element-a2a56a6 elementor-widget elementor-widget-text-editor\" data-id=\"a2a56a6\" data-element_type=\"widget\" data-widget_type=\"text-editor.default\">\n\t\t\t\t<div class=\"elementor-widget-container\">\n\t\t\t\t\t\t\t\t\t<p><span style=\"font-weight: 400;\">Clarament, aquesta \u00e9s una ruta als gorgs de Catalunya que es pot fer amb molta facilitat gr\u00e0cies al seu<\/span> <b>cam\u00ed pla i tranquil<\/b><span style=\"font-weight: 400;\">. Es troba a Aiguafreda, entre les <\/span><a href=\"https:\/\/www.willysplan.com\/ca\/rutes\/rutes-de-senderisme-i-excursions-pel-valles-oriental\"><span style=\"font-weight: 400;\">rutes de senderisme pel Vall\u00e8s Oriental<\/span><\/a><span style=\"font-weight: 400;\">. En primer lloc, durant el passeig d&#8217;anada, podreu gaudir del riu que us acompanyar\u00e0 fins arribar al gorg. En segon lloc, en tornar haur\u00e0s d&#8217;agafar provisions, ja que potser no trobis un lloc amb aigua, aix\u00ed que omple l&#8217;ampolla abans de tornar. Pel que fa al Gorg de la Sort, \u00e9s una piscina que cont\u00e9 espectacularment <\/span><b>aigua durant tot l&#8217;any<\/b><span style=\"font-weight: 400;\">. I, sobretot, cal destacar la magn\u00edfica panor\u00e0mica que ofereix en dies de pluja en omplir el pou per proporcionar un bany m\u00e9s satisfactori i ple.<\/span><\/p>\t\t\t\t\t\t\t\t<\/div>\n\t\t\t\t<\/div>\n\t\t\t\t\t<\/div>\n\t\t<\/div>\n\t\t\t\t\t<\/div>\n\t\t<\/section>\n\t\t\t\t<section class=\"elementor-section elementor-top-section elementor-element elementor-element-774fd5b elementor-section-boxed elementor-section-height-default elementor-section-height-default\" data-id=\"774fd5b\" data-element_type=\"section\">\n\t\t\t\t\t\t<div class=\"elementor-container elementor-column-gap-default\">\n\t\t\t\t\t<div class=\"elementor-column elementor-col-100 elementor-top-column elementor-element elementor-element-ccb3386\" data-id=\"ccb3386\" data-element_type=\"column\">\n\t\t\t<div class=\"elementor-widget-wrap elementor-element-populated\">\n\t\t\t\t\t\t<div class=\"elementor-element elementor-element-5d6c67c elementor-widget elementor-widget-heading\" data-id=\"5d6c67c\" data-element_type=\"widget\" data-widget_type=\"heading.default\">\n\t\t\t\t<div class=\"elementor-widget-container\">\n\t\t\t\t\t<h2 class=\"elementor-heading-title elementor-size-default\">Altres rutes que tamb\u00e9 et poden interessar...<\/h2>\t\t\t\t<\/div>\n\t\t\t\t<\/div>\n\t\t\t\t\t<\/div>\n\t\t<\/div>\n\t\t\t\t\t<\/div>\n\t\t<\/section>\n\t\t\t\t<section class=\"elementor-section elementor-top-section elementor-element elementor-element-b9303aa elementor-section-boxed elementor-section-height-default elementor-section-height-default\" data-id=\"b9303aa\" data-element_type=\"section\">\n\t\t\t\t\t\t<div class=\"elementor-container elementor-column-gap-default\">\n\t\t\t\t\t<div class=\"elementor-column elementor-col-100 elementor-top-column elementor-element elementor-element-4c9811a\" data-id=\"4c9811a\" data-element_type=\"column\">\n\t\t\t<div class=\"elementor-widget-wrap elementor-element-populated\">\n\t\t\t\t\t\t<div class=\"elementor-element elementor-element-1bb3dc4 elementor-grid-4 elementor-grid-tablet-2 elementor-grid-mobile-1 elementor-posts--thumbnail-top elementor-widget elementor-widget-posts\" data-id=\"1bb3dc4\" data-element_type=\"widget\" data-settings=\"{&quot;classic_columns&quot;:&quot;4&quot;,&quot;classic_columns_tablet&quot;:&quot;2&quot;,&quot;classic_columns_mobile&quot;:&quot;1&quot;,&quot;classic_row_gap&quot;:{&quot;unit&quot;:&quot;px&quot;,&quot;size&quot;:35,&quot;sizes&quot;:[]},&quot;classic_row_gap_tablet&quot;:{&quot;unit&quot;:&quot;px&quot;,&quot;size&quot;:&quot;&quot;,&quot;sizes&quot;:[]},&quot;classic_row_gap_mobile&quot;:{&quot;unit&quot;:&quot;px&quot;,&quot;size&quot;:&quot;&quot;,&quot;sizes&quot;:[]}}\" data-widget_type=\"posts.classic\">\n\t\t\t\t<div class=\"elementor-widget-container\">\n\t\t\t\t\t\t\t<div class=\"elementor-posts-container elementor-posts elementor-posts--skin-classic elementor-grid\" role=\"list\">\n\t\t\t\t<article class=\"elementor-post elementor-grid-item post-16065 post type-post status-publish format-standard has-post-thumbnail hentry category-rutes tag-rutas-barcelona-provincia tag-rutas-beget tag-rutas-berga tag-rutas-bergueda tag-rutas-castellar-de-nhug tag-rutas-cataluna\" role=\"listitem\">\n\t\t\t\t<a class=\"elementor-post__thumbnail__link\" href=\"https:\/\/www.willysplan.com\/ca\/rutes\/ruta-des-dels-jardins-artigas-a-castellar-de-nhug\" tabindex=\"-1\" >\n\t\t\t<div class=\"elementor-post__thumbnail\"><img loading=\"lazy\" decoding=\"async\" width=\"300\" height=\"300\" src=\"https:\/\/www.willysplan.com\/wp-content\/uploads\/2020\/07\/Jardins-artigas21-300x300.jpg\" class=\"attachment-medium size-medium wp-image-13691\" alt=\"\" srcset=\"https:\/\/www.willysplan.com\/wp-content\/uploads\/2020\/07\/Jardins-artigas21-300x300.jpg 300w, https:\/\/www.willysplan.com\/wp-content\/uploads\/2020\/07\/Jardins-artigas21-1024x1024.jpg 1024w, https:\/\/www.willysplan.com\/wp-content\/uploads\/2020\/07\/Jardins-artigas21-150x150.jpg 150w, https:\/\/www.willysplan.com\/wp-content\/uploads\/2020\/07\/Jardins-artigas21-768x768.jpg 768w, https:\/\/www.willysplan.com\/wp-content\/uploads\/2020\/07\/Jardins-artigas21-480x480.jpg 480w, https:\/\/www.willysplan.com\/wp-content\/uploads\/2020\/07\/Jardins-artigas21-280x280.jpg 280w, https:\/\/www.willysplan.com\/wp-content\/uploads\/2020\/07\/Jardins-artigas21-960x960.jpg 960w, https:\/\/www.willysplan.com\/wp-content\/uploads\/2020\/07\/Jardins-artigas21-400x400.jpg 400w, https:\/\/www.willysplan.com\/wp-content\/uploads\/2020\/07\/Jardins-artigas21-585x585.jpg 585w, https:\/\/www.willysplan.com\/wp-content\/uploads\/2020\/07\/Jardins-artigas21-600x600.jpg 600w, https:\/\/www.willysplan.com\/wp-content\/uploads\/2020\/07\/Jardins-artigas21-100x100.jpg 100w, https:\/\/www.willysplan.com\/wp-content\/uploads\/2020\/07\/Jardins-artigas21.jpg 1080w\" sizes=\"(max-width: 300px) 100vw, 300px\" \/><\/div>\n\t\t<\/a>\n\t\t\t\t<div class=\"elementor-post__text\">\n\t\t\t\t<h4 class=\"elementor-post__title\">\n\t\t\t<a href=\"https:\/\/www.willysplan.com\/ca\/rutes\/ruta-des-dels-jardins-artigas-a-castellar-de-nhug\" >\n\t\t\t\tRuta des dels Jardins Artigas a Castellar de N&#8217;hug\t\t\t<\/a>\n\t\t<\/h4>\n\t\t\t\t<\/div>\n\t\t\t\t<\/article>\n\t\t\t\t<\/div>\n\t\t\n\t\t\t\t\t\t<\/div>\n\t\t\t\t<\/div>\n\t\t\t\t\t<\/div>\n\t\t<\/div>\n\t\t\t\t\t<\/div>\n\t\t<\/section>\n\t\t\t\t<\/div>\n\t\t","protected":false},"excerpt":{"rendered":"<p>Una escapada natural a l&#8217;aire lliure i refrescant? Descobreix els espais perfectes per passar una estona de relaxaci\u00f3 i desconnectar de tot en diferents gorgs<\/p>\n","protected":false},"author":2,"featured_media":13081,"comment_status":"closed","ping_status":"closed","sticky":false,"template":"","format":"standard","meta":{"neve_meta_sidebar":"","neve_meta_container":"","neve_meta_enable_content_width":"","neve_meta_content_width":0,"neve_meta_title_alignment":"","neve_meta_author_avatar":"","neve_post_elements_order":"","neve_meta_disable_header":"","neve_meta_disable_footer":"","neve_meta_disable_title":"","_joinchat":[],"footnotes":""},"categories":[462],"tags":[461],"class_list":["post-16288","post","type-post","status-publish","format-standard","has-post-thumbnail","hentry","category-idees","tag-idees"],"yoast_head":"<!-- This site is optimized with the Yoast SEO Premium plugin v20.1 (Yoast SEO v26.9) - https:\/\/yoast.com\/product\/yoast-seo-premium-wordpress\/ -->\n<title>Els 7 Millors Gorgs i Piscines naturals de Catalunya - Willy&#039;s Plan<\/title>\n<meta name=\"description\" content=\"Descobreix els 7 millors gorgs i piscines naturals de Catalunya, i anima&#039;t a fer una capbussada sota una cascada de pel\u00b7l\u00edcula. \u2705 Entra ara!\" \/>\n<meta name=\"robots\" content=\"index, follow, max-snippet:-1, max-image-preview:large, max-video-preview:-1\" \/>\n<link rel=\"canonical\" href=\"https:\/\/willysplan.com\/ca\/idees\/els-7-millors-gorgs-i-piscines-naturals-de-catalunya\" \/>\n<meta property=\"og:locale\" content=\"ca_ES\" \/>\n<meta property=\"og:type\" content=\"article\" \/>\n<meta property=\"og:title\" content=\"Els 7 Millors Gorgs i Piscines naturals de Catalunya\" \/>\n<meta property=\"og:description\" content=\"Descobreix els 7 millors gorgs i piscines naturals de Catalunya, i anima&#039;t a fer una capbussada sota una cascada de pel\u00b7l\u00edcula. \u2705 Entra ara!\" \/>\n<meta property=\"og:url\" content=\"https:\/\/willysplan.com\/ca\/idees\/els-7-millors-gorgs-i-piscines-naturals-de-catalunya\" \/>\n<meta property=\"og:site_name\" content=\"Willy&#039;s Plan \ud83c\udf43\" \/>\n<meta property=\"article:published_time\" content=\"2020-08-11T06:52:26+00:00\" \/>\n<meta property=\"article:modified_time\" content=\"2023-07-24T05:30:43+00:00\" \/>\n<meta property=\"og:image\" content=\"https:\/\/www.willysplan.com\/wp-content\/uploads\/2020\/08\/4.-Gorg-de-la-matalosca21.jpg\" \/>\n\t<meta property=\"og:image:width\" content=\"972\" \/>\n\t<meta property=\"og:image:height\" content=\"516\" \/>\n\t<meta property=\"og:image:type\" content=\"image\/jpeg\" \/>\n<meta name=\"author\" content=\"Guillem Asensio\" \/>\n<meta name=\"twitter:card\" content=\"summary_large_image\" \/>\n<meta name=\"twitter:label1\" content=\"Escrit per\" \/>\n\t<meta name=\"twitter:data1\" content=\"Guillem Asensio\" \/>\n\t<meta name=\"twitter:label2\" content=\"Temps estimat de lectura\" \/>\n\t<meta name=\"twitter:data2\" content=\"5 minuts\" \/>\n<script type=\"application\/ld+json\" class=\"yoast-schema-graph\">{\"@context\":\"https:\/\/schema.org\",\"@graph\":[{\"@type\":\"Article\",\"@id\":\"https:\/\/willysplan.com\/ca\/idees\/els-7-millors-gorgs-i-piscines-naturals-de-catalunya#article\",\"isPartOf\":{\"@id\":\"https:\/\/www.willysplan.com\/ca\/idees\/els-7-millors-gorgs-i-piscines-naturals-de-catalunya\"},\"author\":{\"name\":\"Guillem Asensio\",\"@id\":\"https:\/\/www.willysplan.com\/#\/schema\/person\/6f2dbf2215cd25715df085907bd007c1\"},\"headline\":\"Els 7 Millors Gorgs i Piscines naturals de Catalunya\",\"datePublished\":\"2020-08-11T06:52:26+00:00\",\"dateModified\":\"2023-07-24T05:30:43+00:00\",\"mainEntityOfPage\":{\"@id\":\"https:\/\/www.willysplan.com\/ca\/idees\/els-7-millors-gorgs-i-piscines-naturals-de-catalunya\"},\"wordCount\":972,\"publisher\":{\"@id\":\"https:\/\/www.willysplan.com\/#organization\"},\"image\":{\"@id\":\"https:\/\/willysplan.com\/ca\/idees\/els-7-millors-gorgs-i-piscines-naturals-de-catalunya#primaryimage\"},\"thumbnailUrl\":\"https:\/\/www.willysplan.com\/wp-content\/uploads\/2020\/08\/4.-Gorg-de-la-matalosca21.jpg\",\"keywords\":[\"idees\"],\"articleSection\":[\"Idees\"],\"inLanguage\":\"ca\"},{\"@type\":\"WebPage\",\"@id\":\"https:\/\/www.willysplan.com\/ca\/idees\/els-7-millors-gorgs-i-piscines-naturals-de-catalunya\",\"url\":\"https:\/\/willysplan.com\/ca\/idees\/els-7-millors-gorgs-i-piscines-naturals-de-catalunya\",\"name\":\"Els 7 Millors Gorgs i Piscines naturals de Catalunya - Willy's Plan\",\"isPartOf\":{\"@id\":\"https:\/\/www.willysplan.com\/#website\"},\"primaryImageOfPage\":{\"@id\":\"https:\/\/willysplan.com\/ca\/idees\/els-7-millors-gorgs-i-piscines-naturals-de-catalunya#primaryimage\"},\"image\":{\"@id\":\"https:\/\/willysplan.com\/ca\/idees\/els-7-millors-gorgs-i-piscines-naturals-de-catalunya#primaryimage\"},\"thumbnailUrl\":\"https:\/\/www.willysplan.com\/wp-content\/uploads\/2020\/08\/4.-Gorg-de-la-matalosca21.jpg\",\"datePublished\":\"2020-08-11T06:52:26+00:00\",\"dateModified\":\"2023-07-24T05:30:43+00:00\",\"description\":\"Descobreix els 7 millors gorgs i piscines naturals de Catalunya, i anima't a fer una capbussada sota una cascada de pel\u00b7l\u00edcula. \u2705 Entra ara!\",\"inLanguage\":\"ca\",\"potentialAction\":[{\"@type\":\"ReadAction\",\"target\":[\"https:\/\/willysplan.com\/ca\/idees\/els-7-millors-gorgs-i-piscines-naturals-de-catalunya\"]}]},{\"@type\":\"ImageObject\",\"inLanguage\":\"ca\",\"@id\":\"https:\/\/willysplan.com\/ca\/idees\/els-7-millors-gorgs-i-piscines-naturals-de-catalunya#primaryimage\",\"url\":\"https:\/\/www.willysplan.com\/wp-content\/uploads\/2020\/08\/4.-Gorg-de-la-matalosca21.jpg\",\"contentUrl\":\"https:\/\/www.willysplan.com\/wp-content\/uploads\/2020\/08\/4.-Gorg-de-la-matalosca21.jpg\",\"width\":972,\"height\":516,\"caption\":\"Els 7 Millors Gorgs i Piscines naturals de Catalunya\"},{\"@type\":\"WebSite\",\"@id\":\"https:\/\/www.willysplan.com\/#website\",\"url\":\"https:\/\/www.willysplan.com\/\",\"name\":\"Willy&#039;s Plan \ud83c\udf43\",\"description\":\"Escapadas y Planes de fin de semana\",\"publisher\":{\"@id\":\"https:\/\/www.willysplan.com\/#organization\"},\"potentialAction\":[{\"@type\":\"SearchAction\",\"target\":{\"@type\":\"EntryPoint\",\"urlTemplate\":\"https:\/\/www.willysplan.com\/?s={search_term_string}\"},\"query-input\":{\"@type\":\"PropertyValueSpecification\",\"valueRequired\":true,\"valueName\":\"search_term_string\"}}],\"inLanguage\":\"ca\"},{\"@type\":\"Organization\",\"@id\":\"https:\/\/www.willysplan.com\/#organization\",\"name\":\"Willy&#039;s Plan \ud83c\udf43\",\"url\":\"https:\/\/www.willysplan.com\/\",\"logo\":{\"@type\":\"ImageObject\",\"inLanguage\":\"ca\",\"@id\":\"https:\/\/www.willysplan.com\/#\/schema\/logo\/image\/\",\"url\":\"https:\/\/www.willysplan.com\/wp-content\/uploads\/2020\/04\/cropped-logo-1.png\",\"contentUrl\":\"https:\/\/www.willysplan.com\/wp-content\/uploads\/2020\/04\/cropped-logo-1.png\",\"width\":332,\"height\":332,\"caption\":\"Willy&#039;s Plan \ud83c\udf43\"},\"image\":{\"@id\":\"https:\/\/www.willysplan.com\/#\/schema\/logo\/image\/\"}},{\"@type\":\"Person\",\"@id\":\"https:\/\/www.willysplan.com\/#\/schema\/person\/6f2dbf2215cd25715df085907bd007c1\",\"name\":\"Guillem Asensio\",\"image\":{\"@type\":\"ImageObject\",\"inLanguage\":\"ca\",\"@id\":\"https:\/\/www.willysplan.com\/#\/schema\/person\/image\/\",\"url\":\"https:\/\/secure.gravatar.com\/avatar\/fd3f69da3e6cd8d451f6be79c127da046757b9a4c273deefb40b1291809cc787?s=96&d=mm&r=g\",\"contentUrl\":\"https:\/\/secure.gravatar.com\/avatar\/fd3f69da3e6cd8d451f6be79c127da046757b9a4c273deefb40b1291809cc787?s=96&d=mm&r=g\",\"caption\":\"Guillem Asensio\"},\"sameAs\":[\"https:\/\/willysplan.com\"],\"url\":\"https:\/\/www.willysplan.com\/ca\/author\/willy\"}]}<\/script>\n<!-- \/ Yoast SEO Premium plugin. -->","yoast_head_json":{"title":"Els 7 Millors Gorgs i Piscines naturals de Catalunya - Willy's Plan","description":"Descobreix els 7 millors gorgs i piscines naturals de Catalunya, i anima't a fer una capbussada sota una cascada de pel\u00b7l\u00edcula. \u2705 Entra ara!","robots":{"index":"index","follow":"follow","max-snippet":"max-snippet:-1","max-image-preview":"max-image-preview:large","max-video-preview":"max-video-preview:-1"},"canonical":"https:\/\/willysplan.com\/ca\/idees\/els-7-millors-gorgs-i-piscines-naturals-de-catalunya","og_locale":"ca_ES","og_type":"article","og_title":"Els 7 Millors Gorgs i Piscines naturals de Catalunya","og_description":"Descobreix els 7 millors gorgs i piscines naturals de Catalunya, i anima't a fer una capbussada sota una cascada de pel\u00b7l\u00edcula. \u2705 Entra ara!","og_url":"https:\/\/willysplan.com\/ca\/idees\/els-7-millors-gorgs-i-piscines-naturals-de-catalunya","og_site_name":"Willy&#039;s Plan \ud83c\udf43","article_published_time":"2020-08-11T06:52:26+00:00","article_modified_time":"2023-07-24T05:30:43+00:00","og_image":[{"width":972,"height":516,"url":"https:\/\/www.willysplan.com\/wp-content\/uploads\/2020\/08\/4.-Gorg-de-la-matalosca21.jpg","type":"image\/jpeg"}],"author":"Guillem Asensio","twitter_card":"summary_large_image","twitter_misc":{"Escrit per":"Guillem Asensio","Temps estimat de lectura":"5 minuts"},"schema":{"@context":"https:\/\/schema.org","@graph":[{"@type":"Article","@id":"https:\/\/willysplan.com\/ca\/idees\/els-7-millors-gorgs-i-piscines-naturals-de-catalunya#article","isPartOf":{"@id":"https:\/\/www.willysplan.com\/ca\/idees\/els-7-millors-gorgs-i-piscines-naturals-de-catalunya"},"author":{"name":"Guillem Asensio","@id":"https:\/\/www.willysplan.com\/#\/schema\/person\/6f2dbf2215cd25715df085907bd007c1"},"headline":"Els 7 Millors Gorgs i Piscines naturals de Catalunya","datePublished":"2020-08-11T06:52:26+00:00","dateModified":"2023-07-24T05:30:43+00:00","mainEntityOfPage":{"@id":"https:\/\/www.willysplan.com\/ca\/idees\/els-7-millors-gorgs-i-piscines-naturals-de-catalunya"},"wordCount":972,"publisher":{"@id":"https:\/\/www.willysplan.com\/#organization"},"image":{"@id":"https:\/\/willysplan.com\/ca\/idees\/els-7-millors-gorgs-i-piscines-naturals-de-catalunya#primaryimage"},"thumbnailUrl":"https:\/\/www.willysplan.com\/wp-content\/uploads\/2020\/08\/4.-Gorg-de-la-matalosca21.jpg","keywords":["idees"],"articleSection":["Idees"],"inLanguage":"ca"},{"@type":"WebPage","@id":"https:\/\/www.willysplan.com\/ca\/idees\/els-7-millors-gorgs-i-piscines-naturals-de-catalunya","url":"https:\/\/willysplan.com\/ca\/idees\/els-7-millors-gorgs-i-piscines-naturals-de-catalunya","name":"Els 7 Millors Gorgs i Piscines naturals de Catalunya - Willy's Plan","isPartOf":{"@id":"https:\/\/www.willysplan.com\/#website"},"primaryImageOfPage":{"@id":"https:\/\/willysplan.com\/ca\/idees\/els-7-millors-gorgs-i-piscines-naturals-de-catalunya#primaryimage"},"image":{"@id":"https:\/\/willysplan.com\/ca\/idees\/els-7-millors-gorgs-i-piscines-naturals-de-catalunya#primaryimage"},"thumbnailUrl":"https:\/\/www.willysplan.com\/wp-content\/uploads\/2020\/08\/4.-Gorg-de-la-matalosca21.jpg","datePublished":"2020-08-11T06:52:26+00:00","dateModified":"2023-07-24T05:30:43+00:00","description":"Descobreix els 7 millors gorgs i piscines naturals de Catalunya, i anima't a fer una capbussada sota una cascada de pel\u00b7l\u00edcula. \u2705 Entra ara!","inLanguage":"ca","potentialAction":[{"@type":"ReadAction","target":["https:\/\/willysplan.com\/ca\/idees\/els-7-millors-gorgs-i-piscines-naturals-de-catalunya"]}]},{"@type":"ImageObject","inLanguage":"ca","@id":"https:\/\/willysplan.com\/ca\/idees\/els-7-millors-gorgs-i-piscines-naturals-de-catalunya#primaryimage","url":"https:\/\/www.willysplan.com\/wp-content\/uploads\/2020\/08\/4.-Gorg-de-la-matalosca21.jpg","contentUrl":"https:\/\/www.willysplan.com\/wp-content\/uploads\/2020\/08\/4.-Gorg-de-la-matalosca21.jpg","width":972,"height":516,"caption":"Els 7 Millors Gorgs i Piscines naturals de Catalunya"},{"@type":"WebSite","@id":"https:\/\/www.willysplan.com\/#website","url":"https:\/\/www.willysplan.com\/","name":"Willy&#039;s Plan \ud83c\udf43","description":"Escapadas y Planes de fin de semana","publisher":{"@id":"https:\/\/www.willysplan.com\/#organization"},"potentialAction":[{"@type":"SearchAction","target":{"@type":"EntryPoint","urlTemplate":"https:\/\/www.willysplan.com\/?s={search_term_string}"},"query-input":{"@type":"PropertyValueSpecification","valueRequired":true,"valueName":"search_term_string"}}],"inLanguage":"ca"},{"@type":"Organization","@id":"https:\/\/www.willysplan.com\/#organization","name":"Willy&#039;s Plan \ud83c\udf43","url":"https:\/\/www.willysplan.com\/","logo":{"@type":"ImageObject","inLanguage":"ca","@id":"https:\/\/www.willysplan.com\/#\/schema\/logo\/image\/","url":"https:\/\/www.willysplan.com\/wp-content\/uploads\/2020\/04\/cropped-logo-1.png","contentUrl":"https:\/\/www.willysplan.com\/wp-content\/uploads\/2020\/04\/cropped-logo-1.png","width":332,"height":332,"caption":"Willy&#039;s Plan \ud83c\udf43"},"image":{"@id":"https:\/\/www.willysplan.com\/#\/schema\/logo\/image\/"}},{"@type":"Person","@id":"https:\/\/www.willysplan.com\/#\/schema\/person\/6f2dbf2215cd25715df085907bd007c1","name":"Guillem Asensio","image":{"@type":"ImageObject","inLanguage":"ca","@id":"https:\/\/www.willysplan.com\/#\/schema\/person\/image\/","url":"https:\/\/secure.gravatar.com\/avatar\/fd3f69da3e6cd8d451f6be79c127da046757b9a4c273deefb40b1291809cc787?s=96&d=mm&r=g","contentUrl":"https:\/\/secure.gravatar.com\/avatar\/fd3f69da3e6cd8d451f6be79c127da046757b9a4c273deefb40b1291809cc787?s=96&d=mm&r=g","caption":"Guillem Asensio"},"sameAs":["https:\/\/willysplan.com"],"url":"https:\/\/www.willysplan.com\/ca\/author\/willy"}]}},"_links":{"self":[{"href":"https:\/\/www.willysplan.com\/ca\/wp-json\/wp\/v2\/posts\/16288","targetHints":{"allow":["GET"]}}],"collection":[{"href":"https:\/\/www.willysplan.com\/ca\/wp-json\/wp\/v2\/posts"}],"about":[{"href":"https:\/\/www.willysplan.com\/ca\/wp-json\/wp\/v2\/types\/post"}],"author":[{"embeddable":true,"href":"https:\/\/www.willysplan.com\/ca\/wp-json\/wp\/v2\/users\/2"}],"replies":[{"embeddable":true,"href":"https:\/\/www.willysplan.com\/ca\/wp-json\/wp\/v2\/comments?post=16288"}],"version-history":[{"count":12,"href":"https:\/\/www.willysplan.com\/ca\/wp-json\/wp\/v2\/posts\/16288\/revisions"}],"predecessor-version":[{"id":21477,"href":"https:\/\/www.willysplan.com\/ca\/wp-json\/wp\/v2\/posts\/16288\/revisions\/21477"}],"wp:featuredmedia":[{"embeddable":true,"href":"https:\/\/www.willysplan.com\/ca\/wp-json\/wp\/v2\/media\/13081"}],"wp:attachment":[{"href":"https:\/\/www.willysplan.com\/ca\/wp-json\/wp\/v2\/media?parent=16288"}],"wp:term":[{"taxonomy":"category","embeddable":true,"href":"https:\/\/www.willysplan.com\/ca\/wp-json\/wp\/v2\/categories?post=16288"},{"taxonomy":"post_tag","embeddable":true,"href":"https:\/\/www.willysplan.com\/ca\/wp-json\/wp\/v2\/tags?post=16288"}],"curies":[{"name":"wp","href":"https:\/\/api.w.org\/{rel}","templated":true}]}}