{"id":16284,"date":"2020-11-11T09:05:06","date_gmt":"2020-11-11T08:05:06","guid":{"rendered":"https:\/\/willysplan.com\/uncategorized-ca\/els-10-pobles-mes-bonics-de-lleida"},"modified":"2023-07-24T06:30:20","modified_gmt":"2023-07-24T05:30:20","slug":"els-10-pobles-mes-bonics-de-lleida","status":"publish","type":"post","link":"https:\/\/www.willysplan.com\/ca\/idees\/els-10-pobles-mes-bonics-de-lleida","title":{"rendered":"Els 10 pobles m\u00e9s bonics de Lleida"},"content":{"rendered":"\t\t<div data-elementor-type=\"wp-post\" data-elementor-id=\"16284\" class=\"elementor elementor-16284 elementor-3515\" data-elementor-post-type=\"post\">\n\t\t\t\t\t\t<section class=\"elementor-section elementor-top-section elementor-element elementor-element-671cd3c elementor-section-boxed elementor-section-height-default elementor-section-height-default\" data-id=\"671cd3c\" data-element_type=\"section\">\n\t\t\t\t\t\t<div class=\"elementor-container elementor-column-gap-default\">\n\t\t\t\t\t<div class=\"elementor-column elementor-col-100 elementor-top-column elementor-element elementor-element-eaffc38\" data-id=\"eaffc38\" data-element_type=\"column\">\n\t\t\t<div class=\"elementor-widget-wrap elementor-element-populated\">\n\t\t\t\t\t\t<div class=\"elementor-element elementor-element-ac561a4 elementor-widget elementor-widget-text-editor\" data-id=\"ac561a4\" data-element_type=\"widget\" data-widget_type=\"text-editor.default\">\n\t\t\t\t<div class=\"elementor-widget-container\">\n\t\t\t\t\t\t\t\t\t<p><span style=\"font-weight: 400;\">Si parlem de l\u00b4excepcionalitat de Lleida, segurament ens quedem curts en aquest article. Lleida \u00e9s una prov\u00edncia plena de paratges naturals com els Pirineus, l&#8217;Estany de Sant Maurici, fins a l&#8217;incre\u00efble Parc Nacional d&#8217;Aig\u00fcestortes. Llocs que es converteixen en la destinaci\u00f3 ideal dels amants de l&#8217;esport i la natura. Sense cap dubte, les millors<\/span> <a href=\"https:\/\/www.willysplan.com\/ca\/rutes\/rutes-de-senderisme-i-excursions-per-lleida-provincia\"><span style=\"font-weight: 400;\">rutes i excussions per Lleida<\/span><\/a> <span style=\"font-weight: 400;\">es gaudeixen a l\u00b4aire lliure.<\/span><\/p><p><span style=\"font-weight: 400;\">Per\u00f2 darrere de tot aquest encant natural, s&#8217;hi amaguen segles d&#8217;hist\u00f2ria, cultura i civilitzaci\u00f3. Una ra\u00f3 m\u00e9s per visitar aquesta bonica regi\u00f3, que acull una de les riqueses hist\u00f2riques m\u00e9s significatives de Catalunya, i una gran varietat de llocs bonics a Lleida que no us podeu perdre.<\/span><\/p><p><span style=\"font-weight: 400;\">Diuen que els pobles expliquen hist\u00f2ries i tradicions de cultura en particular. Una bona opci\u00f3 \u00e9s planejar recorreguts que incloguin m\u00e9s d&#8217;un poble a la llista de viatge, poder con\u00e8ixer-los detingudament i, si \u00e9s possible, incloure-hi una gran majoria. Si el vostre pla \u00e9s visitar aquesta bonica regi\u00f3, us recomanem alguns pobles bonics a prop de Lleida capital.<\/span><\/p>\t\t\t\t\t\t\t\t<\/div>\n\t\t\t\t<\/div>\n\t\t\t\t\t<\/div>\n\t\t<\/div>\n\t\t\t\t\t<\/div>\n\t\t<\/section>\n\t\t\t\t<section class=\"elementor-section elementor-top-section elementor-element elementor-element-36fe8d4 elementor-section-boxed elementor-section-height-default elementor-section-height-default\" data-id=\"36fe8d4\" data-element_type=\"section\">\n\t\t\t\t\t\t<div class=\"elementor-container elementor-column-gap-default\">\n\t\t\t\t\t<div class=\"elementor-column elementor-col-100 elementor-top-column elementor-element elementor-element-da527a3\" data-id=\"da527a3\" data-element_type=\"column\">\n\t\t\t<div class=\"elementor-widget-wrap elementor-element-populated\">\n\t\t\t\t\t\t<div class=\"elementor-element elementor-element-005077d elementor-widget elementor-widget-heading\" data-id=\"005077d\" data-element_type=\"widget\" data-widget_type=\"heading.default\">\n\t\t\t\t<div class=\"elementor-widget-container\">\n\t\t\t\t\t<h2 class=\"elementor-heading-title elementor-size-default\">1. Cervera<\/h2>\t\t\t\t<\/div>\n\t\t\t\t<\/div>\n\t\t\t\t\t<\/div>\n\t\t<\/div>\n\t\t\t\t\t<\/div>\n\t\t<\/section>\n\t\t\t\t<section class=\"elementor-section elementor-top-section elementor-element elementor-element-ec7d9c0 elementor-section-boxed elementor-section-height-default elementor-section-height-default\" data-id=\"ec7d9c0\" data-element_type=\"section\">\n\t\t\t\t\t\t<div class=\"elementor-container elementor-column-gap-default\">\n\t\t\t\t\t<div class=\"elementor-column elementor-col-50 elementor-top-column elementor-element elementor-element-1bee018\" data-id=\"1bee018\" data-element_type=\"column\">\n\t\t\t<div class=\"elementor-widget-wrap elementor-element-populated\">\n\t\t\t\t\t\t<div class=\"elementor-element elementor-element-a63218a elementor-widget elementor-widget-image\" data-id=\"a63218a\" data-element_type=\"widget\" data-widget_type=\"image.default\">\n\t\t\t\t<div class=\"elementor-widget-container\">\n\t\t\t\t\t\t\t\t\t\t\t\t\t\t\t<img fetchpriority=\"high\" decoding=\"async\" width=\"829\" height=\"577\" src=\"https:\/\/www.willysplan.com\/wp-content\/uploads\/2020\/11\/pueblo-de-cervera.jpg\" class=\"attachment-large size-large wp-image-13011\" alt=\"\" srcset=\"https:\/\/www.willysplan.com\/wp-content\/uploads\/2020\/11\/pueblo-de-cervera.jpg 829w, https:\/\/www.willysplan.com\/wp-content\/uploads\/2020\/11\/pueblo-de-cervera-300x209.jpg 300w, https:\/\/www.willysplan.com\/wp-content\/uploads\/2020\/11\/pueblo-de-cervera-768x535.jpg 768w, https:\/\/www.willysplan.com\/wp-content\/uploads\/2020\/11\/pueblo-de-cervera-575x400.jpg 575w, https:\/\/www.willysplan.com\/wp-content\/uploads\/2020\/11\/pueblo-de-cervera-585x407.jpg 585w, https:\/\/www.willysplan.com\/wp-content\/uploads\/2020\/11\/pueblo-de-cervera-600x418.jpg 600w\" sizes=\"(max-width: 829px) 100vw, 829px\" \/>\t\t\t\t\t\t\t\t\t\t\t\t\t\t\t<\/div>\n\t\t\t\t<\/div>\n\t\t\t\t\t<\/div>\n\t\t<\/div>\n\t\t\t\t<div class=\"elementor-column elementor-col-50 elementor-top-column elementor-element elementor-element-8fdc606\" data-id=\"8fdc606\" data-element_type=\"column\">\n\t\t\t<div class=\"elementor-widget-wrap elementor-element-populated\">\n\t\t\t\t\t\t<div class=\"elementor-element elementor-element-e4b3fd9 elementor-widget elementor-widget-google_maps\" data-id=\"e4b3fd9\" data-element_type=\"widget\" data-widget_type=\"google_maps.default\">\n\t\t\t\t<div class=\"elementor-widget-container\">\n\t\t\t\t\t\t\t<div class=\"elementor-custom-embed\">\n\t\t\t<iframe loading=\"lazy\"\n\t\t\t\t\tsrc=\"https:\/\/maps.google.com\/maps?q=cervera&#038;t=m&#038;z=10&#038;output=embed&#038;iwloc=near\"\n\t\t\t\t\ttitle=\"cervera\"\n\t\t\t\t\taria-label=\"cervera\"\n\t\t\t><\/iframe>\n\t\t<\/div>\n\t\t\t\t\t\t<\/div>\n\t\t\t\t<\/div>\n\t\t\t\t\t<\/div>\n\t\t<\/div>\n\t\t\t\t\t<\/div>\n\t\t<\/section>\n\t\t\t\t<section class=\"elementor-section elementor-top-section elementor-element elementor-element-4e88c10 elementor-section-boxed elementor-section-height-default elementor-section-height-default\" data-id=\"4e88c10\" data-element_type=\"section\">\n\t\t\t\t\t\t<div class=\"elementor-container elementor-column-gap-default\">\n\t\t\t\t\t<div class=\"elementor-column elementor-col-100 elementor-top-column elementor-element elementor-element-8ccc3a4\" data-id=\"8ccc3a4\" data-element_type=\"column\">\n\t\t\t<div class=\"elementor-widget-wrap elementor-element-populated\">\n\t\t\t\t\t\t<div class=\"elementor-element elementor-element-39dc59f elementor-widget elementor-widget-text-editor\" data-id=\"39dc59f\" data-element_type=\"widget\" data-widget_type=\"text-editor.default\">\n\t\t\t\t<div class=\"elementor-widget-container\">\n\t\t\t\t\t\t\t\t\t<p><span style=\"font-weight: 400;\">Situat a la zona occidental de la Segarra, Cervera \u00e9s un municipi que desborda un gran car\u00e0cter medieval. Un llegat hist\u00f2ric que preval al llarg del temps i el principal atractiu tur\u00edstic del poble. <\/span><\/p>\n<p><span style=\"font-weight: 400;\">Entre les obres destacades en aquest petit poble hi ha l&#8217;antiga universitat i l&#8217;esgl\u00e9sia de Santa Maria, que est\u00e0 envoltada per un castell antic. A m\u00e9s, prop d&#8217;aquest, es poden visitar alguns espais protegits com el Bosc de les Comes De Rub\u00edo, el Parc Natural de l&#8217;Alt Pirineu, o delectar-se amb els paisatges que brinden les valls de la comarca.<\/span><\/p>\n\t\t\t\t\t\t\t\t<\/div>\n\t\t\t\t<\/div>\n\t\t\t\t\t<\/div>\n\t\t<\/div>\n\t\t\t\t\t<\/div>\n\t\t<\/section>\n\t\t\t\t<section class=\"elementor-section elementor-top-section elementor-element elementor-element-cf26dc9 elementor-section-boxed elementor-section-height-default elementor-section-height-default\" data-id=\"cf26dc9\" data-element_type=\"section\">\n\t\t\t\t\t\t<div class=\"elementor-container elementor-column-gap-default\">\n\t\t\t\t\t<div class=\"elementor-column elementor-col-100 elementor-top-column elementor-element elementor-element-5689fda\" data-id=\"5689fda\" data-element_type=\"column\">\n\t\t\t<div class=\"elementor-widget-wrap elementor-element-populated\">\n\t\t\t\t\t\t<div class=\"elementor-element elementor-element-ec10ffc elementor-widget elementor-widget-heading\" data-id=\"ec10ffc\" data-element_type=\"widget\" data-widget_type=\"heading.default\">\n\t\t\t\t<div class=\"elementor-widget-container\">\n\t\t\t\t\t<h2 class=\"elementor-heading-title elementor-size-default\">2. Viella<\/h2>\t\t\t\t<\/div>\n\t\t\t\t<\/div>\n\t\t\t\t\t<\/div>\n\t\t<\/div>\n\t\t\t\t\t<\/div>\n\t\t<\/section>\n\t\t\t\t<section class=\"elementor-section elementor-top-section elementor-element elementor-element-36de432 elementor-section-boxed elementor-section-height-default elementor-section-height-default\" data-id=\"36de432\" data-element_type=\"section\">\n\t\t\t\t\t\t<div class=\"elementor-container elementor-column-gap-default\">\n\t\t\t\t\t<div class=\"elementor-column elementor-col-50 elementor-top-column elementor-element elementor-element-30a85ea\" data-id=\"30a85ea\" data-element_type=\"column\">\n\t\t\t<div class=\"elementor-widget-wrap elementor-element-populated\">\n\t\t\t\t\t\t<div class=\"elementor-element elementor-element-254baa4 elementor-widget elementor-widget-image\" data-id=\"254baa4\" data-element_type=\"widget\" data-widget_type=\"image.default\">\n\t\t\t\t<div class=\"elementor-widget-container\">\n\t\t\t\t\t\t\t\t\t\t\t\t\t\t\t<img decoding=\"async\" width=\"768\" height=\"528\" src=\"https:\/\/www.willysplan.com\/wp-content\/uploads\/2020\/11\/pueblo-de-vielha-768x528.jpg\" class=\"attachment-medium_large size-medium_large wp-image-13013\" alt=\"\" srcset=\"https:\/\/www.willysplan.com\/wp-content\/uploads\/2020\/11\/pueblo-de-vielha-768x528.jpg 768w, https:\/\/www.willysplan.com\/wp-content\/uploads\/2020\/11\/pueblo-de-vielha-300x206.jpg 300w, https:\/\/www.willysplan.com\/wp-content\/uploads\/2020\/11\/pueblo-de-vielha-582x400.jpg 582w, https:\/\/www.willysplan.com\/wp-content\/uploads\/2020\/11\/pueblo-de-vielha-585x402.jpg 585w, https:\/\/www.willysplan.com\/wp-content\/uploads\/2020\/11\/pueblo-de-vielha-600x413.jpg 600w, https:\/\/www.willysplan.com\/wp-content\/uploads\/2020\/11\/pueblo-de-vielha.jpg 832w\" sizes=\"(max-width: 768px) 100vw, 768px\" \/>\t\t\t\t\t\t\t\t\t\t\t\t\t\t\t<\/div>\n\t\t\t\t<\/div>\n\t\t\t\t\t<\/div>\n\t\t<\/div>\n\t\t\t\t<div class=\"elementor-column elementor-col-50 elementor-top-column elementor-element elementor-element-391cda5\" data-id=\"391cda5\" data-element_type=\"column\">\n\t\t\t<div class=\"elementor-widget-wrap elementor-element-populated\">\n\t\t\t\t\t\t<div class=\"elementor-element elementor-element-b390bb5 elementor-widget elementor-widget-google_maps\" data-id=\"b390bb5\" data-element_type=\"widget\" data-widget_type=\"google_maps.default\">\n\t\t\t\t<div class=\"elementor-widget-container\">\n\t\t\t\t\t\t\t<div class=\"elementor-custom-embed\">\n\t\t\t<iframe loading=\"lazy\"\n\t\t\t\t\tsrc=\"https:\/\/maps.google.com\/maps?q=vielha&#038;t=m&#038;z=10&#038;output=embed&#038;iwloc=near\"\n\t\t\t\t\ttitle=\"vielha\"\n\t\t\t\t\taria-label=\"vielha\"\n\t\t\t><\/iframe>\n\t\t<\/div>\n\t\t\t\t\t\t<\/div>\n\t\t\t\t<\/div>\n\t\t\t\t\t<\/div>\n\t\t<\/div>\n\t\t\t\t\t<\/div>\n\t\t<\/section>\n\t\t\t\t<section class=\"elementor-section elementor-top-section elementor-element elementor-element-090337d elementor-section-boxed elementor-section-height-default elementor-section-height-default\" data-id=\"090337d\" data-element_type=\"section\">\n\t\t\t\t\t\t<div class=\"elementor-container elementor-column-gap-default\">\n\t\t\t\t\t<div class=\"elementor-column elementor-col-100 elementor-top-column elementor-element elementor-element-10259a1\" data-id=\"10259a1\" data-element_type=\"column\">\n\t\t\t<div class=\"elementor-widget-wrap elementor-element-populated\">\n\t\t\t\t\t\t<div class=\"elementor-element elementor-element-67842ef elementor-widget elementor-widget-text-editor\" data-id=\"67842ef\" data-element_type=\"widget\" data-widget_type=\"text-editor.default\">\n\t\t\t\t<div class=\"elementor-widget-container\">\n\t\t\t\t\t\t\t\t\t<p><span style=\"font-weight: 400;\">En ple Pirineu Catal\u00e0, hi ha aquest municipi pertanyent a la comarca de la Vall d&#8217;Aran, del qual n&#8217;\u00e9s la capital. Vielha \u00e9s el t\u00edpic poble de cases de pedra i fusta, caracter\u00edstic de la zona dels Pirineus. Un dels atractius m\u00e9s grans d&#8217;aquest peculiar poble, \u00e9s el nucli antic medieval. Caracter\u00edstic per tenir un gran nombre d&#8217;esgl\u00e9sies rom\u00e0niques, entre elles l&#8217;esgl\u00e9sia de Sant Miquel, Santa Eulalia De<\/span><span style=\"font-weight: 400;\"> Arr\u00f3s i el santuari d&#8217;Artiga de Lin. Pel que el converteix en un dels <\/span><span style=\"font-weight: 400;\">deu pobles m\u00e9s bonics de Lleida, en connectar amb el riu Garona i \u00e9sser un punt d&#8217;inter\u00e8s molt important per a aquesta cultura.<\/span><\/p>\n\t\t\t\t\t\t\t\t<\/div>\n\t\t\t\t<\/div>\n\t\t\t\t\t<\/div>\n\t\t<\/div>\n\t\t\t\t\t<\/div>\n\t\t<\/section>\n\t\t\t\t<section class=\"elementor-section elementor-top-section elementor-element elementor-element-228dd78 elementor-section-boxed elementor-section-height-default elementor-section-height-default\" data-id=\"228dd78\" data-element_type=\"section\">\n\t\t\t\t\t\t<div class=\"elementor-container elementor-column-gap-default\">\n\t\t\t\t\t<div class=\"elementor-column elementor-col-100 elementor-top-column elementor-element elementor-element-6fe37a6\" data-id=\"6fe37a6\" data-element_type=\"column\">\n\t\t\t<div class=\"elementor-widget-wrap elementor-element-populated\">\n\t\t\t\t\t\t<div class=\"elementor-element elementor-element-c9dcbd0 elementor-widget elementor-widget-heading\" data-id=\"c9dcbd0\" data-element_type=\"widget\" data-widget_type=\"heading.default\">\n\t\t\t\t<div class=\"elementor-widget-container\">\n\t\t\t\t\t<h2 class=\"elementor-heading-title elementor-size-default\">3. Durro<\/h2>\t\t\t\t<\/div>\n\t\t\t\t<\/div>\n\t\t\t\t\t<\/div>\n\t\t<\/div>\n\t\t\t\t\t<\/div>\n\t\t<\/section>\n\t\t\t\t<section class=\"elementor-section elementor-top-section elementor-element elementor-element-9dde891 elementor-section-boxed elementor-section-height-default elementor-section-height-default\" data-id=\"9dde891\" data-element_type=\"section\">\n\t\t\t\t\t\t<div class=\"elementor-container elementor-column-gap-default\">\n\t\t\t\t\t<div class=\"elementor-column elementor-col-50 elementor-top-column elementor-element elementor-element-efd1b5f\" data-id=\"efd1b5f\" data-element_type=\"column\">\n\t\t\t<div class=\"elementor-widget-wrap elementor-element-populated\">\n\t\t\t\t\t\t<div class=\"elementor-element elementor-element-52923a4 elementor-widget elementor-widget-image\" data-id=\"52923a4\" data-element_type=\"widget\" data-widget_type=\"image.default\">\n\t\t\t\t<div class=\"elementor-widget-container\">\n\t\t\t\t\t\t\t\t\t\t\t\t\t\t\t<img decoding=\"async\" width=\"1024\" height=\"534\" src=\"https:\/\/www.willysplan.com\/wp-content\/uploads\/2020\/11\/durro-lleida-1024x534.jpg\" class=\"attachment-large size-large wp-image-13015\" alt=\"\" srcset=\"https:\/\/www.willysplan.com\/wp-content\/uploads\/2020\/11\/durro-lleida-1024x534.jpg 1024w, https:\/\/www.willysplan.com\/wp-content\/uploads\/2020\/11\/durro-lleida-300x157.jpg 300w, https:\/\/www.willysplan.com\/wp-content\/uploads\/2020\/11\/durro-lleida-768x401.jpg 768w, https:\/\/www.willysplan.com\/wp-content\/uploads\/2020\/11\/durro-lleida-960x501.jpg 960w, https:\/\/www.willysplan.com\/wp-content\/uploads\/2020\/11\/durro-lleida-767x400.jpg 767w, https:\/\/www.willysplan.com\/wp-content\/uploads\/2020\/11\/durro-lleida-585x305.jpg 585w, https:\/\/www.willysplan.com\/wp-content\/uploads\/2020\/11\/durro-lleida-600x313.jpg 600w, https:\/\/www.willysplan.com\/wp-content\/uploads\/2020\/11\/durro-lleida.jpg 1060w\" sizes=\"(max-width: 1024px) 100vw, 1024px\" \/>\t\t\t\t\t\t\t\t\t\t\t\t\t\t\t<\/div>\n\t\t\t\t<\/div>\n\t\t\t\t\t<\/div>\n\t\t<\/div>\n\t\t\t\t<div class=\"elementor-column elementor-col-50 elementor-top-column elementor-element elementor-element-a40f723\" data-id=\"a40f723\" data-element_type=\"column\">\n\t\t\t<div class=\"elementor-widget-wrap elementor-element-populated\">\n\t\t\t\t\t\t<div class=\"elementor-element elementor-element-8ebd04f elementor-widget elementor-widget-google_maps\" data-id=\"8ebd04f\" data-element_type=\"widget\" data-widget_type=\"google_maps.default\">\n\t\t\t\t<div class=\"elementor-widget-container\">\n\t\t\t\t\t\t\t<div class=\"elementor-custom-embed\">\n\t\t\t<iframe loading=\"lazy\"\n\t\t\t\t\tsrc=\"https:\/\/maps.google.com\/maps?q=durro&#038;t=m&#038;z=10&#038;output=embed&#038;iwloc=near\"\n\t\t\t\t\ttitle=\"durro\"\n\t\t\t\t\taria-label=\"durro\"\n\t\t\t><\/iframe>\n\t\t<\/div>\n\t\t\t\t\t\t<\/div>\n\t\t\t\t<\/div>\n\t\t\t\t\t<\/div>\n\t\t<\/div>\n\t\t\t\t\t<\/div>\n\t\t<\/section>\n\t\t\t\t<section class=\"elementor-section elementor-top-section elementor-element elementor-element-649f78d elementor-section-boxed elementor-section-height-default elementor-section-height-default\" data-id=\"649f78d\" data-element_type=\"section\">\n\t\t\t\t\t\t<div class=\"elementor-container elementor-column-gap-default\">\n\t\t\t\t\t<div class=\"elementor-column elementor-col-100 elementor-top-column elementor-element elementor-element-bd8f266\" data-id=\"bd8f266\" data-element_type=\"column\">\n\t\t\t<div class=\"elementor-widget-wrap elementor-element-populated\">\n\t\t\t\t\t\t<div class=\"elementor-element elementor-element-6131457 elementor-widget elementor-widget-text-editor\" data-id=\"6131457\" data-element_type=\"widget\" data-widget_type=\"text-editor.default\">\n\t\t\t\t<div class=\"elementor-widget-container\">\n\t\t\t\t\t\t\t\t\t<p><span style=\"font-weight: 400;\">Just al punt de conflu\u00e8ncia entre els rius Durro i Barranco Cortina, a la Serra de Corruco, es troba aquest particular poble de boniques teulades de pissarra. Durro \u00e9s sin\u00f2nim de desconnexi\u00f3. Un pas per aquest poble \u00e9s una veritable trobada amb la natura i els costums de la Vall de Boh\u00ed, pertanyent a la comarca de la lleidatana de l&#8217;Alta Ribagor\u00e7a. Si decidiu aventurar-vos per aquest lloc, no oblideu visitar l&#8217;esgl\u00e9sia de la Nativitat i l&#8217;Ermita de Sanquirze. Sens dubte, un dels racons de Lleida que val la pena visitar.<\/span><\/p>\n\t\t\t\t\t\t\t\t<\/div>\n\t\t\t\t<\/div>\n\t\t\t\t\t<\/div>\n\t\t<\/div>\n\t\t\t\t\t<\/div>\n\t\t<\/section>\n\t\t\t\t<section class=\"elementor-section elementor-top-section elementor-element elementor-element-934cfa6 elementor-section-boxed elementor-section-height-default elementor-section-height-default\" data-id=\"934cfa6\" data-element_type=\"section\">\n\t\t\t\t\t\t<div class=\"elementor-container elementor-column-gap-default\">\n\t\t\t\t\t<div class=\"elementor-column elementor-col-100 elementor-top-column elementor-element elementor-element-6d28942\" data-id=\"6d28942\" data-element_type=\"column\">\n\t\t\t<div class=\"elementor-widget-wrap elementor-element-populated\">\n\t\t\t\t\t\t<div class=\"elementor-element elementor-element-24f2b10 elementor-widget elementor-widget-heading\" data-id=\"24f2b10\" data-element_type=\"widget\" data-widget_type=\"heading.default\">\n\t\t\t\t<div class=\"elementor-widget-container\">\n\t\t\t\t\t<h2 class=\"elementor-heading-title elementor-size-default\">4. Canejan<\/h2>\t\t\t\t<\/div>\n\t\t\t\t<\/div>\n\t\t\t\t\t<\/div>\n\t\t<\/div>\n\t\t\t\t\t<\/div>\n\t\t<\/section>\n\t\t\t\t<section class=\"elementor-section elementor-top-section elementor-element elementor-element-5a266e9 elementor-section-boxed elementor-section-height-default elementor-section-height-default\" data-id=\"5a266e9\" data-element_type=\"section\">\n\t\t\t\t\t\t<div class=\"elementor-container elementor-column-gap-default\">\n\t\t\t\t\t<div class=\"elementor-column elementor-col-50 elementor-top-column elementor-element elementor-element-8ca8f7f\" data-id=\"8ca8f7f\" data-element_type=\"column\">\n\t\t\t<div class=\"elementor-widget-wrap elementor-element-populated\">\n\t\t\t\t\t\t<div class=\"elementor-element elementor-element-55b0b90 elementor-widget elementor-widget-image\" data-id=\"55b0b90\" data-element_type=\"widget\" data-widget_type=\"image.default\">\n\t\t\t\t<div class=\"elementor-widget-container\">\n\t\t\t\t\t\t\t\t\t\t\t\t\t\t\t<img loading=\"lazy\" decoding=\"async\" width=\"930\" height=\"573\" src=\"https:\/\/www.willysplan.com\/wp-content\/uploads\/2020\/11\/canejan-lleida.jpg\" class=\"attachment-large size-large wp-image-13017\" alt=\"\" srcset=\"https:\/\/www.willysplan.com\/wp-content\/uploads\/2020\/11\/canejan-lleida.jpg 930w, https:\/\/www.willysplan.com\/wp-content\/uploads\/2020\/11\/canejan-lleida-300x185.jpg 300w, https:\/\/www.willysplan.com\/wp-content\/uploads\/2020\/11\/canejan-lleida-768x473.jpg 768w, https:\/\/www.willysplan.com\/wp-content\/uploads\/2020\/11\/canejan-lleida-649x400.jpg 649w, https:\/\/www.willysplan.com\/wp-content\/uploads\/2020\/11\/canejan-lleida-585x360.jpg 585w, https:\/\/www.willysplan.com\/wp-content\/uploads\/2020\/11\/canejan-lleida-600x370.jpg 600w\" sizes=\"(max-width: 930px) 100vw, 930px\" \/>\t\t\t\t\t\t\t\t\t\t\t\t\t\t\t<\/div>\n\t\t\t\t<\/div>\n\t\t\t\t\t<\/div>\n\t\t<\/div>\n\t\t\t\t<div class=\"elementor-column elementor-col-50 elementor-top-column elementor-element elementor-element-3e5315c\" data-id=\"3e5315c\" data-element_type=\"column\">\n\t\t\t<div class=\"elementor-widget-wrap elementor-element-populated\">\n\t\t\t\t\t\t<div class=\"elementor-element elementor-element-2ac84a8 elementor-widget elementor-widget-google_maps\" data-id=\"2ac84a8\" data-element_type=\"widget\" data-widget_type=\"google_maps.default\">\n\t\t\t\t<div class=\"elementor-widget-container\">\n\t\t\t\t\t\t\t<div class=\"elementor-custom-embed\">\n\t\t\t<iframe loading=\"lazy\"\n\t\t\t\t\tsrc=\"https:\/\/maps.google.com\/maps?q=canejan&#038;t=m&#038;z=10&#038;output=embed&#038;iwloc=near\"\n\t\t\t\t\ttitle=\"canejan\"\n\t\t\t\t\taria-label=\"canejan\"\n\t\t\t><\/iframe>\n\t\t<\/div>\n\t\t\t\t\t\t<\/div>\n\t\t\t\t<\/div>\n\t\t\t\t\t<\/div>\n\t\t<\/div>\n\t\t\t\t\t<\/div>\n\t\t<\/section>\n\t\t\t\t<section class=\"elementor-section elementor-top-section elementor-element elementor-element-7dd4d6d elementor-section-boxed elementor-section-height-default elementor-section-height-default\" data-id=\"7dd4d6d\" data-element_type=\"section\">\n\t\t\t\t\t\t<div class=\"elementor-container elementor-column-gap-default\">\n\t\t\t\t\t<div class=\"elementor-column elementor-col-100 elementor-top-column elementor-element elementor-element-eab2445\" data-id=\"eab2445\" data-element_type=\"column\">\n\t\t\t<div class=\"elementor-widget-wrap elementor-element-populated\">\n\t\t\t\t\t\t<div class=\"elementor-element elementor-element-fc5f76d elementor-widget elementor-widget-text-editor\" data-id=\"fc5f76d\" data-element_type=\"widget\" data-widget_type=\"text-editor.default\">\n\t\t\t\t<div class=\"elementor-widget-container\">\n\t\t\t\t\t\t\t\t\t<p><span style=\"font-weight: 400;\">Situat a la Vall d&#8217;Aran, Canejan \u00e9s un altre poble t\u00edpic dels Pirineus Catalans. Com que est\u00e0 envoltat de muntanyes i un gran nombre de paratges naturals, aquest municipi es converteix en una de les destinacions naturals per excel\u00b7l\u00e8ncia de Catalunya, albergant un gran bosc d&#8217;avets i donant pas a la riba del riu Tor\u00e0. Si escolliu visitar aquest poble, us recomanem pujar al Campesin. Un incre\u00efble mirador situat als afores de Canejan, on es poden apreciar unes boniques vistes del poble i passar una tarda incre\u00efble.<\/span><\/p>\n\t\t\t\t\t\t\t\t<\/div>\n\t\t\t\t<\/div>\n\t\t\t\t\t<\/div>\n\t\t<\/div>\n\t\t\t\t\t<\/div>\n\t\t<\/section>\n\t\t\t\t<section class=\"elementor-section elementor-top-section elementor-element elementor-element-463b1d6 elementor-section-boxed elementor-section-height-default elementor-section-height-default\" data-id=\"463b1d6\" data-element_type=\"section\">\n\t\t\t\t\t\t<div class=\"elementor-container elementor-column-gap-default\">\n\t\t\t\t\t<div class=\"elementor-column elementor-col-100 elementor-top-column elementor-element elementor-element-906796f\" data-id=\"906796f\" data-element_type=\"column\">\n\t\t\t<div class=\"elementor-widget-wrap elementor-element-populated\">\n\t\t\t\t\t\t<div class=\"elementor-element elementor-element-add74af elementor-widget elementor-widget-heading\" data-id=\"add74af\" data-element_type=\"widget\" data-widget_type=\"heading.default\">\n\t\t\t\t<div class=\"elementor-widget-container\">\n\t\t\t\t\t<h2 class=\"elementor-heading-title elementor-size-default\">5. Gerri de la Sal<\/h2>\t\t\t\t<\/div>\n\t\t\t\t<\/div>\n\t\t\t\t\t<\/div>\n\t\t<\/div>\n\t\t\t\t\t<\/div>\n\t\t<\/section>\n\t\t\t\t<section class=\"elementor-section elementor-top-section elementor-element elementor-element-17f4fe2 elementor-section-boxed elementor-section-height-default elementor-section-height-default\" data-id=\"17f4fe2\" data-element_type=\"section\">\n\t\t\t\t\t\t<div class=\"elementor-container elementor-column-gap-default\">\n\t\t\t\t\t<div class=\"elementor-column elementor-col-50 elementor-top-column elementor-element elementor-element-e70c3b5\" data-id=\"e70c3b5\" data-element_type=\"column\">\n\t\t\t<div class=\"elementor-widget-wrap elementor-element-populated\">\n\t\t\t\t\t\t<div class=\"elementor-element elementor-element-6952af3 elementor-widget elementor-widget-image\" data-id=\"6952af3\" data-element_type=\"widget\" data-widget_type=\"image.default\">\n\t\t\t\t<div class=\"elementor-widget-container\">\n\t\t\t\t\t\t\t\t\t\t\t\t\t\t\t<img loading=\"lazy\" decoding=\"async\" width=\"1024\" height=\"547\" src=\"https:\/\/www.willysplan.com\/wp-content\/uploads\/2020\/11\/gerri-de-la-sal-1024x547.jpg\" class=\"attachment-large size-large wp-image-13019\" alt=\"\" srcset=\"https:\/\/www.willysplan.com\/wp-content\/uploads\/2020\/11\/gerri-de-la-sal-1024x547.jpg 1024w, https:\/\/www.willysplan.com\/wp-content\/uploads\/2020\/11\/gerri-de-la-sal-300x160.jpg 300w, https:\/\/www.willysplan.com\/wp-content\/uploads\/2020\/11\/gerri-de-la-sal-768x410.jpg 768w, https:\/\/www.willysplan.com\/wp-content\/uploads\/2020\/11\/gerri-de-la-sal-960x513.jpg 960w, https:\/\/www.willysplan.com\/wp-content\/uploads\/2020\/11\/gerri-de-la-sal-749x400.jpg 749w, https:\/\/www.willysplan.com\/wp-content\/uploads\/2020\/11\/gerri-de-la-sal-585x313.jpg 585w, https:\/\/www.willysplan.com\/wp-content\/uploads\/2020\/11\/gerri-de-la-sal-600x321.jpg 600w, https:\/\/www.willysplan.com\/wp-content\/uploads\/2020\/11\/gerri-de-la-sal.jpg 1052w\" sizes=\"(max-width: 1024px) 100vw, 1024px\" \/>\t\t\t\t\t\t\t\t\t\t\t\t\t\t\t<\/div>\n\t\t\t\t<\/div>\n\t\t\t\t\t<\/div>\n\t\t<\/div>\n\t\t\t\t<div class=\"elementor-column elementor-col-50 elementor-top-column elementor-element elementor-element-4eea298\" data-id=\"4eea298\" data-element_type=\"column\">\n\t\t\t<div class=\"elementor-widget-wrap elementor-element-populated\">\n\t\t\t\t\t\t<div class=\"elementor-element elementor-element-d04aa7e elementor-widget elementor-widget-google_maps\" data-id=\"d04aa7e\" data-element_type=\"widget\" data-widget_type=\"google_maps.default\">\n\t\t\t\t<div class=\"elementor-widget-container\">\n\t\t\t\t\t\t\t<div class=\"elementor-custom-embed\">\n\t\t\t<iframe loading=\"lazy\"\n\t\t\t\t\tsrc=\"https:\/\/maps.google.com\/maps?q=guerri%20de%20la%20sal&#038;t=m&#038;z=10&#038;output=embed&#038;iwloc=near\"\n\t\t\t\t\ttitle=\"guerri de la sal\"\n\t\t\t\t\taria-label=\"guerri de la sal\"\n\t\t\t><\/iframe>\n\t\t<\/div>\n\t\t\t\t\t\t<\/div>\n\t\t\t\t<\/div>\n\t\t\t\t\t<\/div>\n\t\t<\/div>\n\t\t\t\t\t<\/div>\n\t\t<\/section>\n\t\t\t\t<section class=\"elementor-section elementor-top-section elementor-element elementor-element-9e9ef71 elementor-section-boxed elementor-section-height-default elementor-section-height-default\" data-id=\"9e9ef71\" data-element_type=\"section\">\n\t\t\t\t\t\t<div class=\"elementor-container elementor-column-gap-default\">\n\t\t\t\t\t<div class=\"elementor-column elementor-col-100 elementor-top-column elementor-element elementor-element-5ca7731\" data-id=\"5ca7731\" data-element_type=\"column\">\n\t\t\t<div class=\"elementor-widget-wrap elementor-element-populated\">\n\t\t\t\t\t\t<div class=\"elementor-element elementor-element-1aafa5b elementor-widget elementor-widget-text-editor\" data-id=\"1aafa5b\" data-element_type=\"widget\" data-widget_type=\"text-editor.default\">\n\t\t\t\t<div class=\"elementor-widget-container\">\n\t\t\t\t\t\t\t\t\t<p><span style=\"font-weight: 400;\">Entre els pobles bonics a prop de Lleida, hi ha Gerri de la Sal. Aquest lloc atractiu pertany a la comarca del Pallars Sobir\u00e0, just al Nord de la Prov\u00edncia. Com a capital del municipi de Baix Pallars, Gerri de la Sal compta amb un conjunt arquitect\u00f2nic que destaca per ser el nucli m\u00e9s antic de la localitat.<\/span><\/p>\n<p><span style=\"font-weight: 400;\">Entre les estructures arquitect\u00f2niques que el conformen es destaquen: l&#8217;antic monestir de Gerri, el pont medieval, la Torre de la Pres\u00f3, l&#8217;Alfol\u00ed de la Sal, acompanyats per l&#8217;encantadora vila de Closa o vila tancada. Tota una composici\u00f3 arquitect\u00f2nica que mira cap a la riba del riu, que conflueix al barranc d&#8217;Enseu.<\/span><\/p>\n\t\t\t\t\t\t\t\t<\/div>\n\t\t\t\t<\/div>\n\t\t\t\t\t<\/div>\n\t\t<\/div>\n\t\t\t\t\t<\/div>\n\t\t<\/section>\n\t\t\t\t<section class=\"elementor-section elementor-top-section elementor-element elementor-element-15b5636 elementor-section-boxed elementor-section-height-default elementor-section-height-default\" data-id=\"15b5636\" data-element_type=\"section\">\n\t\t\t\t\t\t<div class=\"elementor-container elementor-column-gap-default\">\n\t\t\t\t\t<div class=\"elementor-column elementor-col-100 elementor-top-column elementor-element elementor-element-bdb4769\" data-id=\"bdb4769\" data-element_type=\"column\">\n\t\t\t<div class=\"elementor-widget-wrap elementor-element-populated\">\n\t\t\t\t\t\t<div class=\"elementor-element elementor-element-b9343a2 elementor-widget elementor-widget-heading\" data-id=\"b9343a2\" data-element_type=\"widget\" data-widget_type=\"heading.default\">\n\t\t\t\t<div class=\"elementor-widget-container\">\n\t\t\t\t\t<h2 class=\"elementor-heading-title elementor-size-default\">6. Guimer\u00e0<\/h2>\t\t\t\t<\/div>\n\t\t\t\t<\/div>\n\t\t\t\t\t<\/div>\n\t\t<\/div>\n\t\t\t\t\t<\/div>\n\t\t<\/section>\n\t\t\t\t<section class=\"elementor-section elementor-top-section elementor-element elementor-element-75483c7 elementor-section-boxed elementor-section-height-default elementor-section-height-default\" data-id=\"75483c7\" data-element_type=\"section\">\n\t\t\t\t\t\t<div class=\"elementor-container elementor-column-gap-default\">\n\t\t\t\t\t<div class=\"elementor-column elementor-col-50 elementor-top-column elementor-element elementor-element-1aab861\" data-id=\"1aab861\" data-element_type=\"column\">\n\t\t\t<div class=\"elementor-widget-wrap elementor-element-populated\">\n\t\t\t\t\t\t<div class=\"elementor-element elementor-element-b5fd43b elementor-widget elementor-widget-image\" data-id=\"b5fd43b\" data-element_type=\"widget\" data-widget_type=\"image.default\">\n\t\t\t\t<div class=\"elementor-widget-container\">\n\t\t\t\t\t\t\t\t\t\t\t\t\t\t\t<img loading=\"lazy\" decoding=\"async\" width=\"826\" height=\"575\" src=\"https:\/\/www.willysplan.com\/wp-content\/uploads\/2020\/11\/guimera.jpg\" class=\"attachment-large size-large wp-image-13021\" alt=\"\" srcset=\"https:\/\/www.willysplan.com\/wp-content\/uploads\/2020\/11\/guimera.jpg 826w, https:\/\/www.willysplan.com\/wp-content\/uploads\/2020\/11\/guimera-300x209.jpg 300w, https:\/\/www.willysplan.com\/wp-content\/uploads\/2020\/11\/guimera-768x535.jpg 768w, https:\/\/www.willysplan.com\/wp-content\/uploads\/2020\/11\/guimera-575x400.jpg 575w, https:\/\/www.willysplan.com\/wp-content\/uploads\/2020\/11\/guimera-585x407.jpg 585w, https:\/\/www.willysplan.com\/wp-content\/uploads\/2020\/11\/guimera-600x418.jpg 600w\" sizes=\"(max-width: 826px) 100vw, 826px\" \/>\t\t\t\t\t\t\t\t\t\t\t\t\t\t\t<\/div>\n\t\t\t\t<\/div>\n\t\t\t\t\t<\/div>\n\t\t<\/div>\n\t\t\t\t<div class=\"elementor-column elementor-col-50 elementor-top-column elementor-element elementor-element-151e5f7\" data-id=\"151e5f7\" data-element_type=\"column\">\n\t\t\t<div class=\"elementor-widget-wrap elementor-element-populated\">\n\t\t\t\t\t\t<div class=\"elementor-element elementor-element-3e97a93 elementor-widget elementor-widget-google_maps\" data-id=\"3e97a93\" data-element_type=\"widget\" data-widget_type=\"google_maps.default\">\n\t\t\t\t<div class=\"elementor-widget-container\">\n\t\t\t\t\t\t\t<div class=\"elementor-custom-embed\">\n\t\t\t<iframe loading=\"lazy\"\n\t\t\t\t\tsrc=\"https:\/\/maps.google.com\/maps?q=guimer%C3%A0&#038;t=m&#038;z=10&#038;output=embed&#038;iwloc=near\"\n\t\t\t\t\ttitle=\"guimer\u00e0\"\n\t\t\t\t\taria-label=\"guimer\u00e0\"\n\t\t\t><\/iframe>\n\t\t<\/div>\n\t\t\t\t\t\t<\/div>\n\t\t\t\t<\/div>\n\t\t\t\t\t<\/div>\n\t\t<\/div>\n\t\t\t\t\t<\/div>\n\t\t<\/section>\n\t\t\t\t<section class=\"elementor-section elementor-top-section elementor-element elementor-element-125a922 elementor-section-boxed elementor-section-height-default elementor-section-height-default\" data-id=\"125a922\" data-element_type=\"section\">\n\t\t\t\t\t\t<div class=\"elementor-container elementor-column-gap-default\">\n\t\t\t\t\t<div class=\"elementor-column elementor-col-100 elementor-top-column elementor-element elementor-element-4016297\" data-id=\"4016297\" data-element_type=\"column\">\n\t\t\t<div class=\"elementor-widget-wrap elementor-element-populated\">\n\t\t\t\t\t\t<div class=\"elementor-element elementor-element-f575834 elementor-widget elementor-widget-text-editor\" data-id=\"f575834\" data-element_type=\"widget\" data-widget_type=\"text-editor.default\">\n\t\t\t\t<div class=\"elementor-widget-container\">\n\t\t\t\t\t\t\t\t\t<p><span style=\"font-weight: 400;\">Enmig d&#8217;un entramat urb\u00e0 de carrerons estrets i laber\u00edntics, es desenvolupa el poble medieval de Guimer\u00e0, conegut com un de pobles amb encant de Lleida i sens dubte, un pas obligat a la comarca d&#8217;Urgell. <\/span><\/p>\n<p><span style=\"font-weight: 400;\">Si res sobresurt a Guimer\u00e0, \u00e9s el seu valu\u00f3s patrimoni arquitect\u00f2nic. Una fortalesa majestuosa que data del segle XI, conformada per l&#8217;esgl\u00e9sia de Santa Maria, el Santuari de la Bovera, la Capella de Sant Esteve, el Convent de Vallsanta, l&#8217;antic castell i els singulars carrers emmurallats. Un lloc que evoca l&#8217;\u00e8poca medieval de principi a fi i que \u00e9s considerat B\u00e9 Cultural d&#8217;Inter\u00e8s Nacional.<\/span><\/p>\n\t\t\t\t\t\t\t\t<\/div>\n\t\t\t\t<\/div>\n\t\t\t\t\t<\/div>\n\t\t<\/div>\n\t\t\t\t\t<\/div>\n\t\t<\/section>\n\t\t\t\t<section class=\"elementor-section elementor-top-section elementor-element elementor-element-e9b80a3 elementor-section-boxed elementor-section-height-default elementor-section-height-default\" data-id=\"e9b80a3\" data-element_type=\"section\">\n\t\t\t\t\t\t<div class=\"elementor-container elementor-column-gap-default\">\n\t\t\t\t\t<div class=\"elementor-column elementor-col-100 elementor-top-column elementor-element elementor-element-9dd7f69\" data-id=\"9dd7f69\" data-element_type=\"column\">\n\t\t\t<div class=\"elementor-widget-wrap elementor-element-populated\">\n\t\t\t\t\t\t<div class=\"elementor-element elementor-element-6e58283 elementor-widget elementor-widget-heading\" data-id=\"6e58283\" data-element_type=\"widget\" data-widget_type=\"heading.default\">\n\t\t\t\t<div class=\"elementor-widget-container\">\n\t\t\t\t\t<h2 class=\"elementor-heading-title elementor-size-default\">7. Solsona<\/h2>\t\t\t\t<\/div>\n\t\t\t\t<\/div>\n\t\t\t\t\t<\/div>\n\t\t<\/div>\n\t\t\t\t\t<\/div>\n\t\t<\/section>\n\t\t\t\t<section class=\"elementor-section elementor-top-section elementor-element elementor-element-7f43acc elementor-section-boxed elementor-section-height-default elementor-section-height-default\" data-id=\"7f43acc\" data-element_type=\"section\">\n\t\t\t\t\t\t<div class=\"elementor-container elementor-column-gap-default\">\n\t\t\t\t\t<div class=\"elementor-column elementor-col-50 elementor-top-column elementor-element elementor-element-02588a6\" data-id=\"02588a6\" data-element_type=\"column\">\n\t\t\t<div class=\"elementor-widget-wrap elementor-element-populated\">\n\t\t\t\t\t\t<div class=\"elementor-element elementor-element-3e17668 elementor-widget elementor-widget-image\" data-id=\"3e17668\" data-element_type=\"widget\" data-widget_type=\"image.default\">\n\t\t\t\t<div class=\"elementor-widget-container\">\n\t\t\t\t\t\t\t\t\t\t\t\t\t\t\t<img loading=\"lazy\" decoding=\"async\" width=\"827\" height=\"571\" src=\"https:\/\/www.willysplan.com\/wp-content\/uploads\/2020\/11\/solsona.jpg\" class=\"attachment-large size-large wp-image-13023\" alt=\"\" srcset=\"https:\/\/www.willysplan.com\/wp-content\/uploads\/2020\/11\/solsona.jpg 827w, https:\/\/www.willysplan.com\/wp-content\/uploads\/2020\/11\/solsona-300x207.jpg 300w, https:\/\/www.willysplan.com\/wp-content\/uploads\/2020\/11\/solsona-768x530.jpg 768w, https:\/\/www.willysplan.com\/wp-content\/uploads\/2020\/11\/solsona-579x400.jpg 579w, https:\/\/www.willysplan.com\/wp-content\/uploads\/2020\/11\/solsona-585x404.jpg 585w, https:\/\/www.willysplan.com\/wp-content\/uploads\/2020\/11\/solsona-600x414.jpg 600w\" sizes=\"(max-width: 827px) 100vw, 827px\" \/>\t\t\t\t\t\t\t\t\t\t\t\t\t\t\t<\/div>\n\t\t\t\t<\/div>\n\t\t\t\t\t<\/div>\n\t\t<\/div>\n\t\t\t\t<div class=\"elementor-column elementor-col-50 elementor-top-column elementor-element elementor-element-5a097cc\" data-id=\"5a097cc\" data-element_type=\"column\">\n\t\t\t<div class=\"elementor-widget-wrap elementor-element-populated\">\n\t\t\t\t\t\t<div class=\"elementor-element elementor-element-b0d1a3a elementor-widget elementor-widget-google_maps\" data-id=\"b0d1a3a\" data-element_type=\"widget\" data-widget_type=\"google_maps.default\">\n\t\t\t\t<div class=\"elementor-widget-container\">\n\t\t\t\t\t\t\t<div class=\"elementor-custom-embed\">\n\t\t\t<iframe loading=\"lazy\"\n\t\t\t\t\tsrc=\"https:\/\/maps.google.com\/maps?q=solsona&#038;t=m&#038;z=10&#038;output=embed&#038;iwloc=near\"\n\t\t\t\t\ttitle=\"solsona\"\n\t\t\t\t\taria-label=\"solsona\"\n\t\t\t><\/iframe>\n\t\t<\/div>\n\t\t\t\t\t\t<\/div>\n\t\t\t\t<\/div>\n\t\t\t\t\t<\/div>\n\t\t<\/div>\n\t\t\t\t\t<\/div>\n\t\t<\/section>\n\t\t\t\t<section class=\"elementor-section elementor-top-section elementor-element elementor-element-7d32784 elementor-section-boxed elementor-section-height-default elementor-section-height-default\" data-id=\"7d32784\" data-element_type=\"section\">\n\t\t\t\t\t\t<div class=\"elementor-container elementor-column-gap-default\">\n\t\t\t\t\t<div class=\"elementor-column elementor-col-100 elementor-top-column elementor-element elementor-element-a5fbe18\" data-id=\"a5fbe18\" data-element_type=\"column\">\n\t\t\t<div class=\"elementor-widget-wrap elementor-element-populated\">\n\t\t\t\t\t\t<div class=\"elementor-element elementor-element-3baf7dc elementor-widget elementor-widget-text-editor\" data-id=\"3baf7dc\" data-element_type=\"widget\" data-widget_type=\"text-editor.default\">\n\t\t\t\t<div class=\"elementor-widget-container\">\n\t\t\t\t\t\t\t\t\t<p><span style=\"font-weight: 400;\">El Solson\u00e8s \u00e9s la comarca que d\u00f3na pas a aquesta localitat, considerada una de les m\u00e9s importants a veure a Lleida, gr\u00e0cies a la seva riquesa hist\u00f2rica i la import\u00e0ncia dels esdeveniments que han sorgit en aquest lloc al llarg dels segles. Destacar que si teniu pensat anar a visitar la zona, hem de recomanar-vos les nostres <a href=\"https:\/\/www.willysplan.com\/ca\/rutes\/rutes-de-senderisme-i-excursions-a-solsona\">rutes i excursions pel Solson\u00e8s<\/a> que hem redactat en altres articles.<\/span><\/p><p><span style=\"font-weight: 400;\">Solsona est\u00e0 envoltada de molta naturalesa i hist\u00f2ria, per la qual cosa es considera una destinaci\u00f3 tur\u00edstica encantadora. Algunes de les activitats m\u00e9s destacades en aquest poble \u00e9s visitar el Parc Natural de les Serres de Cad\u00ed-Moixer\u00f3 i el Pant\u00e0 de Sant Pon\u00e7; si a visites naturals es refereix. O per contra, visitar el nucli antic que aplega un gran nombre d&#8217;obres arquitect\u00f2niques de car\u00e0cter medieval i religi\u00f3s.<\/span><\/p>\t\t\t\t\t\t\t\t<\/div>\n\t\t\t\t<\/div>\n\t\t\t\t\t<\/div>\n\t\t<\/div>\n\t\t\t\t\t<\/div>\n\t\t<\/section>\n\t\t\t\t<section class=\"elementor-section elementor-top-section elementor-element elementor-element-34ec1f0 elementor-section-boxed elementor-section-height-default elementor-section-height-default\" data-id=\"34ec1f0\" data-element_type=\"section\">\n\t\t\t\t\t\t<div class=\"elementor-container elementor-column-gap-default\">\n\t\t\t\t\t<div class=\"elementor-column elementor-col-100 elementor-top-column elementor-element elementor-element-5189822\" data-id=\"5189822\" data-element_type=\"column\">\n\t\t\t<div class=\"elementor-widget-wrap elementor-element-populated\">\n\t\t\t\t\t\t<div class=\"elementor-element elementor-element-20eb4c8 elementor-widget elementor-widget-heading\" data-id=\"20eb4c8\" data-element_type=\"widget\" data-widget_type=\"heading.default\">\n\t\t\t\t<div class=\"elementor-widget-container\">\n\t\t\t\t\t<h2 class=\"elementor-heading-title elementor-size-default\">8. Paramea<\/h2>\t\t\t\t<\/div>\n\t\t\t\t<\/div>\n\t\t\t\t\t<\/div>\n\t\t<\/div>\n\t\t\t\t\t<\/div>\n\t\t<\/section>\n\t\t\t\t<section class=\"elementor-section elementor-top-section elementor-element elementor-element-6342444 elementor-section-boxed elementor-section-height-default elementor-section-height-default\" data-id=\"6342444\" data-element_type=\"section\">\n\t\t\t\t\t\t<div class=\"elementor-container elementor-column-gap-default\">\n\t\t\t\t\t<div class=\"elementor-column elementor-col-50 elementor-top-column elementor-element elementor-element-e31b27e\" data-id=\"e31b27e\" data-element_type=\"column\">\n\t\t\t<div class=\"elementor-widget-wrap elementor-element-populated\">\n\t\t\t\t\t\t<div class=\"elementor-element elementor-element-3534196 elementor-widget elementor-widget-image\" data-id=\"3534196\" data-element_type=\"widget\" data-widget_type=\"image.default\">\n\t\t\t\t<div class=\"elementor-widget-container\">\n\t\t\t\t\t\t\t\t\t\t\t\t\t\t\t<img loading=\"lazy\" decoding=\"async\" width=\"915\" height=\"571\" src=\"https:\/\/www.willysplan.com\/wp-content\/uploads\/2020\/11\/peramea-lleida.jpg\" class=\"attachment-large size-large wp-image-13025\" alt=\"\" srcset=\"https:\/\/www.willysplan.com\/wp-content\/uploads\/2020\/11\/peramea-lleida.jpg 915w, https:\/\/www.willysplan.com\/wp-content\/uploads\/2020\/11\/peramea-lleida-300x187.jpg 300w, https:\/\/www.willysplan.com\/wp-content\/uploads\/2020\/11\/peramea-lleida-768x479.jpg 768w, https:\/\/www.willysplan.com\/wp-content\/uploads\/2020\/11\/peramea-lleida-641x400.jpg 641w, https:\/\/www.willysplan.com\/wp-content\/uploads\/2020\/11\/peramea-lleida-585x365.jpg 585w, https:\/\/www.willysplan.com\/wp-content\/uploads\/2020\/11\/peramea-lleida-600x374.jpg 600w\" sizes=\"(max-width: 915px) 100vw, 915px\" \/>\t\t\t\t\t\t\t\t\t\t\t\t\t\t\t<\/div>\n\t\t\t\t<\/div>\n\t\t\t\t\t<\/div>\n\t\t<\/div>\n\t\t\t\t<div class=\"elementor-column elementor-col-50 elementor-top-column elementor-element elementor-element-8f2c6cb\" data-id=\"8f2c6cb\" data-element_type=\"column\">\n\t\t\t<div class=\"elementor-widget-wrap elementor-element-populated\">\n\t\t\t\t\t\t<div class=\"elementor-element elementor-element-17fc9b5 elementor-widget elementor-widget-google_maps\" data-id=\"17fc9b5\" data-element_type=\"widget\" data-widget_type=\"google_maps.default\">\n\t\t\t\t<div class=\"elementor-widget-container\">\n\t\t\t\t\t\t\t<div class=\"elementor-custom-embed\">\n\t\t\t<iframe loading=\"lazy\"\n\t\t\t\t\tsrc=\"https:\/\/maps.google.com\/maps?q=paramea&#038;t=m&#038;z=10&#038;output=embed&#038;iwloc=near\"\n\t\t\t\t\ttitle=\"paramea\"\n\t\t\t\t\taria-label=\"paramea\"\n\t\t\t><\/iframe>\n\t\t<\/div>\n\t\t\t\t\t\t<\/div>\n\t\t\t\t<\/div>\n\t\t\t\t\t<\/div>\n\t\t<\/div>\n\t\t\t\t\t<\/div>\n\t\t<\/section>\n\t\t\t\t<section class=\"elementor-section elementor-top-section elementor-element elementor-element-7954886 elementor-section-boxed elementor-section-height-default elementor-section-height-default\" data-id=\"7954886\" data-element_type=\"section\">\n\t\t\t\t\t\t<div class=\"elementor-container elementor-column-gap-default\">\n\t\t\t\t\t<div class=\"elementor-column elementor-col-100 elementor-top-column elementor-element elementor-element-35c2468\" data-id=\"35c2468\" data-element_type=\"column\">\n\t\t\t<div class=\"elementor-widget-wrap elementor-element-populated\">\n\t\t\t\t\t\t<div class=\"elementor-element elementor-element-307b3cf elementor-widget elementor-widget-text-editor\" data-id=\"307b3cf\" data-element_type=\"widget\" data-widget_type=\"text-editor.default\">\n\t\t\t\t<div class=\"elementor-widget-container\">\n\t\t\t\t\t\t\t\t\t<p><span style=\"font-weight: 400;\">Si marxem al nord de la prov\u00edncia, just a la comarca del Pallars Sobir\u00e0, ens trobem amb Peramea. Un poble muntany\u00f3s ple de paratges naturals, entre ells la Pica d&#8217;Estats, un dels cims m\u00e9s alts de Catalunya. A m\u00e9s a m\u00e9s, del parc Nacional d&#8217;Aig\u00fcestortes i Llac de Sant Maurici. Si ens centrem en la seva arquitectura, podem destacar un conjunt d&#8217;esgl\u00e9sies, el gran castell medieval, un gran om centenari i un monument megal\u00edtic anomenat la Cabana de la Mosquera. Sense cap dubte, un poble que no us podeu perdre, al seu pas per Lleida.<\/span><\/p>\n\t\t\t\t\t\t\t\t<\/div>\n\t\t\t\t<\/div>\n\t\t\t\t\t<\/div>\n\t\t<\/div>\n\t\t\t\t\t<\/div>\n\t\t<\/section>\n\t\t\t\t<section class=\"elementor-section elementor-top-section elementor-element elementor-element-23609e0 elementor-section-boxed elementor-section-height-default elementor-section-height-default\" data-id=\"23609e0\" data-element_type=\"section\">\n\t\t\t\t\t\t<div class=\"elementor-container elementor-column-gap-default\">\n\t\t\t\t\t<div class=\"elementor-column elementor-col-100 elementor-top-column elementor-element elementor-element-51008bb\" data-id=\"51008bb\" data-element_type=\"column\">\n\t\t\t<div class=\"elementor-widget-wrap elementor-element-populated\">\n\t\t\t\t\t\t<div class=\"elementor-element elementor-element-fb8ccd1 elementor-widget elementor-widget-heading\" data-id=\"fb8ccd1\" data-element_type=\"widget\" data-widget_type=\"heading.default\">\n\t\t\t\t<div class=\"elementor-widget-container\">\n\t\t\t\t\t<h2 class=\"elementor-heading-title elementor-size-default\">9. Us de Civ\u00eds<\/h2>\t\t\t\t<\/div>\n\t\t\t\t<\/div>\n\t\t\t\t\t<\/div>\n\t\t<\/div>\n\t\t\t\t\t<\/div>\n\t\t<\/section>\n\t\t\t\t<section class=\"elementor-section elementor-top-section elementor-element elementor-element-d61a169 elementor-section-boxed elementor-section-height-default elementor-section-height-default\" data-id=\"d61a169\" data-element_type=\"section\">\n\t\t\t\t\t\t<div class=\"elementor-container elementor-column-gap-default\">\n\t\t\t\t\t<div class=\"elementor-column elementor-col-50 elementor-top-column elementor-element elementor-element-38633b4\" data-id=\"38633b4\" data-element_type=\"column\">\n\t\t\t<div class=\"elementor-widget-wrap elementor-element-populated\">\n\t\t\t\t\t\t<div class=\"elementor-element elementor-element-2fd6558 elementor-widget elementor-widget-image\" data-id=\"2fd6558\" data-element_type=\"widget\" data-widget_type=\"image.default\">\n\t\t\t\t<div class=\"elementor-widget-container\">\n\t\t\t\t\t\t\t\t\t\t\t\t\t\t\t<img loading=\"lazy\" decoding=\"async\" width=\"828\" height=\"576\" src=\"https:\/\/www.willysplan.com\/wp-content\/uploads\/2020\/11\/os-de-civis.jpg\" class=\"attachment-large size-large wp-image-13027\" alt=\"\" srcset=\"https:\/\/www.willysplan.com\/wp-content\/uploads\/2020\/11\/os-de-civis.jpg 828w, https:\/\/www.willysplan.com\/wp-content\/uploads\/2020\/11\/os-de-civis-300x209.jpg 300w, https:\/\/www.willysplan.com\/wp-content\/uploads\/2020\/11\/os-de-civis-768x534.jpg 768w, https:\/\/www.willysplan.com\/wp-content\/uploads\/2020\/11\/os-de-civis-575x400.jpg 575w, https:\/\/www.willysplan.com\/wp-content\/uploads\/2020\/11\/os-de-civis-585x407.jpg 585w, https:\/\/www.willysplan.com\/wp-content\/uploads\/2020\/11\/os-de-civis-600x417.jpg 600w\" sizes=\"(max-width: 828px) 100vw, 828px\" \/>\t\t\t\t\t\t\t\t\t\t\t\t\t\t\t<\/div>\n\t\t\t\t<\/div>\n\t\t\t\t\t<\/div>\n\t\t<\/div>\n\t\t\t\t<div class=\"elementor-column elementor-col-50 elementor-top-column elementor-element elementor-element-bf71cd5\" data-id=\"bf71cd5\" data-element_type=\"column\">\n\t\t\t<div class=\"elementor-widget-wrap elementor-element-populated\">\n\t\t\t\t\t\t<div class=\"elementor-element elementor-element-5fc7259 elementor-widget elementor-widget-google_maps\" data-id=\"5fc7259\" data-element_type=\"widget\" data-widget_type=\"google_maps.default\">\n\t\t\t\t<div class=\"elementor-widget-container\">\n\t\t\t\t\t\t\t<div class=\"elementor-custom-embed\">\n\t\t\t<iframe loading=\"lazy\"\n\t\t\t\t\tsrc=\"https:\/\/maps.google.com\/maps?q=os%20de%20civis&#038;t=m&#038;z=10&#038;output=embed&#038;iwloc=near\"\n\t\t\t\t\ttitle=\"os de civis\"\n\t\t\t\t\taria-label=\"os de civis\"\n\t\t\t><\/iframe>\n\t\t<\/div>\n\t\t\t\t\t\t<\/div>\n\t\t\t\t<\/div>\n\t\t\t\t\t<\/div>\n\t\t<\/div>\n\t\t\t\t\t<\/div>\n\t\t<\/section>\n\t\t\t\t<section class=\"elementor-section elementor-top-section elementor-element elementor-element-da9f7ae elementor-section-boxed elementor-section-height-default elementor-section-height-default\" data-id=\"da9f7ae\" data-element_type=\"section\">\n\t\t\t\t\t\t<div class=\"elementor-container elementor-column-gap-default\">\n\t\t\t\t\t<div class=\"elementor-column elementor-col-100 elementor-top-column elementor-element elementor-element-f2c7577\" data-id=\"f2c7577\" data-element_type=\"column\">\n\t\t\t<div class=\"elementor-widget-wrap elementor-element-populated\">\n\t\t\t\t\t\t<div class=\"elementor-element elementor-element-f42615b elementor-widget elementor-widget-text-editor\" data-id=\"f42615b\" data-element_type=\"widget\" data-widget_type=\"text-editor.default\">\n\t\t\t\t<div class=\"elementor-widget-container\">\n\t\t\t\t\t\t\t\t\t<p><span style=\"font-weight: 400;\">A la comarca de l&#8217;Alt Urgell, es troba Os de Civ\u00eds. Situat a la vora del riu Valira, aquest petit poble medieval, es destaca per ser un \u201cterritori periclave\u201d, per la qual cosa es pot accedir travessant el poble de Sant Juli\u00e0 de L\u00f2ria, el qual pertany a l&#8217;estat andorr\u00e0. Un lloc amb encant natural, que convida a visitar el mass\u00eds de Coll de Conflent i la Vall de Santa Magdalena.<\/span><\/p>\n\t\t\t\t\t\t\t\t<\/div>\n\t\t\t\t<\/div>\n\t\t\t\t\t<\/div>\n\t\t<\/div>\n\t\t\t\t\t<\/div>\n\t\t<\/section>\n\t\t\t\t<section class=\"elementor-section elementor-top-section elementor-element elementor-element-e7e6776 elementor-section-boxed elementor-section-height-default elementor-section-height-default\" data-id=\"e7e6776\" data-element_type=\"section\">\n\t\t\t\t\t\t<div class=\"elementor-container elementor-column-gap-default\">\n\t\t\t\t\t<div class=\"elementor-column elementor-col-100 elementor-top-column elementor-element elementor-element-593fa9a\" data-id=\"593fa9a\" data-element_type=\"column\">\n\t\t\t<div class=\"elementor-widget-wrap elementor-element-populated\">\n\t\t\t\t\t\t<div class=\"elementor-element elementor-element-d31154d elementor-widget elementor-widget-heading\" data-id=\"d31154d\" data-element_type=\"widget\" data-widget_type=\"heading.default\">\n\t\t\t\t<div class=\"elementor-widget-container\">\n\t\t\t\t\t<h2 class=\"elementor-heading-title elementor-size-default\">10. Bagerge<\/h2>\t\t\t\t<\/div>\n\t\t\t\t<\/div>\n\t\t\t\t\t<\/div>\n\t\t<\/div>\n\t\t\t\t\t<\/div>\n\t\t<\/section>\n\t\t\t\t<section class=\"elementor-section elementor-top-section elementor-element elementor-element-dae6283 elementor-section-boxed elementor-section-height-default elementor-section-height-default\" data-id=\"dae6283\" data-element_type=\"section\">\n\t\t\t\t\t\t<div class=\"elementor-container elementor-column-gap-default\">\n\t\t\t\t\t<div class=\"elementor-column elementor-col-50 elementor-top-column elementor-element elementor-element-af2da0c\" data-id=\"af2da0c\" data-element_type=\"column\">\n\t\t\t<div class=\"elementor-widget-wrap elementor-element-populated\">\n\t\t\t\t\t\t<div class=\"elementor-element elementor-element-f2d1bb0 elementor-widget elementor-widget-image\" data-id=\"f2d1bb0\" data-element_type=\"widget\" data-widget_type=\"image.default\">\n\t\t\t\t<div class=\"elementor-widget-container\">\n\t\t\t\t\t\t\t\t\t\t\t\t\t\t\t<img loading=\"lazy\" decoding=\"async\" width=\"1024\" height=\"561\" src=\"https:\/\/www.willysplan.com\/wp-content\/uploads\/2020\/11\/bagerge-1024x561.jpg\" class=\"attachment-large size-large wp-image-13029\" alt=\"\" srcset=\"https:\/\/www.willysplan.com\/wp-content\/uploads\/2020\/11\/bagerge-1024x561.jpg 1024w, https:\/\/www.willysplan.com\/wp-content\/uploads\/2020\/11\/bagerge-300x164.jpg 300w, https:\/\/www.willysplan.com\/wp-content\/uploads\/2020\/11\/bagerge-768x421.jpg 768w, https:\/\/www.willysplan.com\/wp-content\/uploads\/2020\/11\/bagerge-960x526.jpg 960w, https:\/\/www.willysplan.com\/wp-content\/uploads\/2020\/11\/bagerge-730x400.jpg 730w, https:\/\/www.willysplan.com\/wp-content\/uploads\/2020\/11\/bagerge-585x321.jpg 585w, https:\/\/www.willysplan.com\/wp-content\/uploads\/2020\/11\/bagerge-600x329.jpg 600w, https:\/\/www.willysplan.com\/wp-content\/uploads\/2020\/11\/bagerge.jpg 1036w\" sizes=\"(max-width: 1024px) 100vw, 1024px\" \/>\t\t\t\t\t\t\t\t\t\t\t\t\t\t\t<\/div>\n\t\t\t\t<\/div>\n\t\t\t\t\t<\/div>\n\t\t<\/div>\n\t\t\t\t<div class=\"elementor-column elementor-col-50 elementor-top-column elementor-element elementor-element-db13350\" data-id=\"db13350\" data-element_type=\"column\">\n\t\t\t<div class=\"elementor-widget-wrap elementor-element-populated\">\n\t\t\t\t\t\t<div class=\"elementor-element elementor-element-9fb8322 elementor-widget elementor-widget-google_maps\" data-id=\"9fb8322\" data-element_type=\"widget\" data-widget_type=\"google_maps.default\">\n\t\t\t\t<div class=\"elementor-widget-container\">\n\t\t\t\t\t\t\t<div class=\"elementor-custom-embed\">\n\t\t\t<iframe loading=\"lazy\"\n\t\t\t\t\tsrc=\"https:\/\/maps.google.com\/maps?q=bagerge&#038;t=m&#038;z=10&#038;output=embed&#038;iwloc=near\"\n\t\t\t\t\ttitle=\"bagerge\"\n\t\t\t\t\taria-label=\"bagerge\"\n\t\t\t><\/iframe>\n\t\t<\/div>\n\t\t\t\t\t\t<\/div>\n\t\t\t\t<\/div>\n\t\t\t\t\t<\/div>\n\t\t<\/div>\n\t\t\t\t\t<\/div>\n\t\t<\/section>\n\t\t\t\t<section class=\"elementor-section elementor-top-section elementor-element elementor-element-dd89423 elementor-section-boxed elementor-section-height-default elementor-section-height-default\" data-id=\"dd89423\" data-element_type=\"section\">\n\t\t\t\t\t\t<div class=\"elementor-container elementor-column-gap-default\">\n\t\t\t\t\t<div class=\"elementor-column elementor-col-100 elementor-top-column elementor-element elementor-element-30c265a\" data-id=\"30c265a\" data-element_type=\"column\">\n\t\t\t<div class=\"elementor-widget-wrap elementor-element-populated\">\n\t\t\t\t\t\t<div class=\"elementor-element elementor-element-6973110 elementor-widget elementor-widget-text-editor\" data-id=\"6973110\" data-element_type=\"widget\" data-widget_type=\"text-editor.default\">\n\t\t\t\t<div class=\"elementor-widget-container\">\n\t\t\t\t\t\t\t\t\t<p><span style=\"font-weight: 400;\">A la vora del riu Unyola, a la zona muntanyosa de la vall d&#8217;Aran, es destaca Bagergue. Un poble amb un atractiu arquitect\u00f2nic important, entre els quals destaca l&#8217;Ermita de Santa Margarida, el Museu d&#8217;Eth Corrau, <\/span><span style=\"font-weight: 400;\">l&#8217;Esgl\u00e9sia de Sant Feliu, entre d&#8217;altres. Una visita enriquidora que barreja tot l&#8217;encant dels Pirineus, amb la riquesa cultural Catalana.<\/span><\/p>\n\t\t\t\t\t\t\t\t<\/div>\n\t\t\t\t<\/div>\n\t\t\t\t\t<\/div>\n\t\t<\/div>\n\t\t\t\t\t<\/div>\n\t\t<\/section>\n\t\t\t\t<section class=\"elementor-section elementor-top-section elementor-element elementor-element-774fd5b elementor-section-boxed elementor-section-height-default elementor-section-height-default\" data-id=\"774fd5b\" data-element_type=\"section\">\n\t\t\t\t\t\t<div class=\"elementor-container elementor-column-gap-default\">\n\t\t\t\t\t<div class=\"elementor-column elementor-col-100 elementor-top-column elementor-element elementor-element-ccb3386\" data-id=\"ccb3386\" data-element_type=\"column\">\n\t\t\t<div class=\"elementor-widget-wrap elementor-element-populated\">\n\t\t\t\t\t\t<div class=\"elementor-element elementor-element-5d6c67c elementor-widget elementor-widget-heading\" data-id=\"5d6c67c\" data-element_type=\"widget\" data-widget_type=\"heading.default\">\n\t\t\t\t<div class=\"elementor-widget-container\">\n\t\t\t\t\t<h2 class=\"elementor-heading-title elementor-size-default\">Altres rutes que tamb\u00e9 et poden interessar...<\/h2>\t\t\t\t<\/div>\n\t\t\t\t<\/div>\n\t\t\t\t\t<\/div>\n\t\t<\/div>\n\t\t\t\t\t<\/div>\n\t\t<\/section>\n\t\t\t\t<section class=\"elementor-section elementor-top-section elementor-element elementor-element-b9303aa elementor-section-boxed elementor-section-height-default elementor-section-height-default\" data-id=\"b9303aa\" data-element_type=\"section\">\n\t\t\t\t\t\t<div class=\"elementor-container elementor-column-gap-default\">\n\t\t\t\t\t<div class=\"elementor-column elementor-col-100 elementor-top-column elementor-element elementor-element-4c9811a\" data-id=\"4c9811a\" data-element_type=\"column\">\n\t\t\t<div class=\"elementor-widget-wrap elementor-element-populated\">\n\t\t\t\t\t\t\t<\/div>\n\t\t<\/div>\n\t\t\t\t\t<\/div>\n\t\t<\/section>\n\t\t\t\t<\/div>\n\t\t","protected":false},"excerpt":{"rendered":"<p>Si parlem de l\u00b4excepcionalitat de Lleida, segurament ens quedem curts en aquest article. Lleida \u00e9s una prov\u00edncia plena de paratges naturals com els Pirineus, l&#8217;Estany de Sant Maurici, fins a l&#8217;incre\u00efble Parc Nacional d&#8217;Aig\u00fcestortes. Llocs que es converteixen en la destinaci\u00f3 ideal dels amants de l&#8217;esport i la natura. Sense cap dubte, les millors rutes&hellip;&nbsp;<a href=\"https:\/\/www.willysplan.com\/ca\/idees\/els-10-pobles-mes-bonics-de-lleida\" rel=\"bookmark\">Llegiu m\u00e9s &raquo;<span class=\"screen-reader-text\">Els 10 pobles m\u00e9s bonics de Lleida<\/span><\/a><\/p>\n","protected":false},"author":1,"featured_media":13029,"comment_status":"closed","ping_status":"closed","sticky":false,"template":"","format":"standard","meta":{"neve_meta_sidebar":"","neve_meta_container":"","neve_meta_enable_content_width":"","neve_meta_content_width":0,"neve_meta_title_alignment":"","neve_meta_author_avatar":"","neve_post_elements_order":"","neve_meta_disable_header":"","neve_meta_disable_footer":"","neve_meta_disable_title":"","_joinchat":[],"footnotes":""},"categories":[462],"tags":[461],"class_list":["post-16284","post","type-post","status-publish","format-standard","has-post-thumbnail","hentry","category-idees","tag-idees"],"yoast_head":"<!-- This site is optimized with the Yoast SEO Premium plugin v20.1 (Yoast SEO v26.9) - https:\/\/yoast.com\/product\/yoast-seo-premium-wordpress\/ -->\n<title>Els 10 pobles m\u00e9s bonics de Lleida - Willy&#039;s Plan<\/title>\n<meta name=\"description\" content=\"Descobriu els 10 pobles m\u00e9s bonics de Lleida que us proposem aqu\u00ed. Troba llocs i racons amb m\u00e9s encant \u2705 Entra ara!\" \/>\n<meta name=\"robots\" content=\"index, follow, max-snippet:-1, max-image-preview:large, max-video-preview:-1\" \/>\n<link rel=\"canonical\" href=\"https:\/\/willysplan.com\/ca\/idees\/els-10-pobles-mes-bonics-de-lleida\" \/>\n<meta property=\"og:locale\" content=\"ca_ES\" \/>\n<meta property=\"og:type\" content=\"article\" \/>\n<meta property=\"og:title\" content=\"Els 10 pobles m\u00e9s bonics de Lleida\" \/>\n<meta property=\"og:description\" content=\"Descobriu els 10 pobles m\u00e9s bonics de Lleida que us proposem aqu\u00ed. Troba llocs i racons amb m\u00e9s encant \u2705 Entra ara!\" \/>\n<meta property=\"og:url\" content=\"https:\/\/willysplan.com\/ca\/idees\/els-10-pobles-mes-bonics-de-lleida\" \/>\n<meta property=\"og:site_name\" content=\"Willy&#039;s Plan \ud83c\udf43\" \/>\n<meta property=\"article:published_time\" content=\"2020-11-11T08:05:06+00:00\" \/>\n<meta property=\"article:modified_time\" content=\"2023-07-24T05:30:20+00:00\" \/>\n<meta property=\"og:image\" content=\"https:\/\/www.willysplan.com\/wp-content\/uploads\/2020\/11\/bagerge.jpg\" \/>\n\t<meta property=\"og:image:width\" content=\"1036\" \/>\n\t<meta property=\"og:image:height\" content=\"568\" \/>\n\t<meta property=\"og:image:type\" content=\"image\/jpeg\" \/>\n<meta name=\"author\" content=\"admin\" \/>\n<meta name=\"twitter:card\" content=\"summary_large_image\" \/>\n<meta name=\"twitter:label1\" content=\"Escrit per\" \/>\n\t<meta name=\"twitter:data1\" content=\"admin\" \/>\n\t<meta name=\"twitter:label2\" content=\"Temps estimat de lectura\" \/>\n\t<meta name=\"twitter:data2\" content=\"6 minuts\" \/>\n<script type=\"application\/ld+json\" class=\"yoast-schema-graph\">{\"@context\":\"https:\/\/schema.org\",\"@graph\":[{\"@type\":\"Article\",\"@id\":\"https:\/\/willysplan.com\/ca\/idees\/els-10-pobles-mes-bonics-de-lleida#article\",\"isPartOf\":{\"@id\":\"https:\/\/www.willysplan.com\/ca\/idees\/els-10-pobles-mes-bonics-de-lleida\"},\"author\":{\"name\":\"admin\",\"@id\":\"https:\/\/www.willysplan.com\/#\/schema\/person\/58c1527a9a42e9b18a877f14136f1d47\"},\"headline\":\"Els 10 pobles m\u00e9s bonics de Lleida\",\"datePublished\":\"2020-11-11T08:05:06+00:00\",\"dateModified\":\"2023-07-24T05:30:20+00:00\",\"mainEntityOfPage\":{\"@id\":\"https:\/\/www.willysplan.com\/ca\/idees\/els-10-pobles-mes-bonics-de-lleida\"},\"wordCount\":1261,\"publisher\":{\"@id\":\"https:\/\/www.willysplan.com\/#organization\"},\"image\":{\"@id\":\"https:\/\/willysplan.com\/ca\/idees\/els-10-pobles-mes-bonics-de-lleida#primaryimage\"},\"thumbnailUrl\":\"https:\/\/www.willysplan.com\/wp-content\/uploads\/2020\/11\/bagerge.jpg\",\"keywords\":[\"idees\"],\"articleSection\":[\"Idees\"],\"inLanguage\":\"ca\"},{\"@type\":\"WebPage\",\"@id\":\"https:\/\/www.willysplan.com\/ca\/idees\/els-10-pobles-mes-bonics-de-lleida\",\"url\":\"https:\/\/willysplan.com\/ca\/idees\/els-10-pobles-mes-bonics-de-lleida\",\"name\":\"Els 10 pobles m\u00e9s bonics de Lleida - Willy's Plan\",\"isPartOf\":{\"@id\":\"https:\/\/www.willysplan.com\/#website\"},\"primaryImageOfPage\":{\"@id\":\"https:\/\/willysplan.com\/ca\/idees\/els-10-pobles-mes-bonics-de-lleida#primaryimage\"},\"image\":{\"@id\":\"https:\/\/willysplan.com\/ca\/idees\/els-10-pobles-mes-bonics-de-lleida#primaryimage\"},\"thumbnailUrl\":\"https:\/\/www.willysplan.com\/wp-content\/uploads\/2020\/11\/bagerge.jpg\",\"datePublished\":\"2020-11-11T08:05:06+00:00\",\"dateModified\":\"2023-07-24T05:30:20+00:00\",\"description\":\"Descobriu els 10 pobles m\u00e9s bonics de Lleida que us proposem aqu\u00ed. Troba llocs i racons amb m\u00e9s encant \u2705 Entra ara!\",\"inLanguage\":\"ca\",\"potentialAction\":[{\"@type\":\"ReadAction\",\"target\":[\"https:\/\/willysplan.com\/ca\/idees\/els-10-pobles-mes-bonics-de-lleida\"]}]},{\"@type\":\"ImageObject\",\"inLanguage\":\"ca\",\"@id\":\"https:\/\/willysplan.com\/ca\/idees\/els-10-pobles-mes-bonics-de-lleida#primaryimage\",\"url\":\"https:\/\/www.willysplan.com\/wp-content\/uploads\/2020\/11\/bagerge.jpg\",\"contentUrl\":\"https:\/\/www.willysplan.com\/wp-content\/uploads\/2020\/11\/bagerge.jpg\",\"width\":1036,\"height\":568},{\"@type\":\"WebSite\",\"@id\":\"https:\/\/www.willysplan.com\/#website\",\"url\":\"https:\/\/www.willysplan.com\/\",\"name\":\"Willy&#039;s Plan \ud83c\udf43\",\"description\":\"Escapadas y Planes de fin de semana\",\"publisher\":{\"@id\":\"https:\/\/www.willysplan.com\/#organization\"},\"potentialAction\":[{\"@type\":\"SearchAction\",\"target\":{\"@type\":\"EntryPoint\",\"urlTemplate\":\"https:\/\/www.willysplan.com\/?s={search_term_string}\"},\"query-input\":{\"@type\":\"PropertyValueSpecification\",\"valueRequired\":true,\"valueName\":\"search_term_string\"}}],\"inLanguage\":\"ca\"},{\"@type\":\"Organization\",\"@id\":\"https:\/\/www.willysplan.com\/#organization\",\"name\":\"Willy&#039;s Plan \ud83c\udf43\",\"url\":\"https:\/\/www.willysplan.com\/\",\"logo\":{\"@type\":\"ImageObject\",\"inLanguage\":\"ca\",\"@id\":\"https:\/\/www.willysplan.com\/#\/schema\/logo\/image\/\",\"url\":\"https:\/\/www.willysplan.com\/wp-content\/uploads\/2020\/04\/cropped-logo-1.png\",\"contentUrl\":\"https:\/\/www.willysplan.com\/wp-content\/uploads\/2020\/04\/cropped-logo-1.png\",\"width\":332,\"height\":332,\"caption\":\"Willy&#039;s Plan \ud83c\udf43\"},\"image\":{\"@id\":\"https:\/\/www.willysplan.com\/#\/schema\/logo\/image\/\"}},{\"@type\":\"Person\",\"@id\":\"https:\/\/www.willysplan.com\/#\/schema\/person\/58c1527a9a42e9b18a877f14136f1d47\",\"name\":\"admin\",\"image\":{\"@type\":\"ImageObject\",\"inLanguage\":\"ca\",\"@id\":\"https:\/\/www.willysplan.com\/#\/schema\/person\/image\/\",\"url\":\"https:\/\/secure.gravatar.com\/avatar\/0b8d78e655d83cc71e0a6cd6cb0f0f99929604cd70ff0f7ac1713f248945ea9d?s=96&d=mm&r=g\",\"contentUrl\":\"https:\/\/secure.gravatar.com\/avatar\/0b8d78e655d83cc71e0a6cd6cb0f0f99929604cd70ff0f7ac1713f248945ea9d?s=96&d=mm&r=g\",\"caption\":\"admin\"},\"url\":\"https:\/\/www.willysplan.com\/ca\/author\/admin\"}]}<\/script>\n<!-- \/ Yoast SEO Premium plugin. -->","yoast_head_json":{"title":"Els 10 pobles m\u00e9s bonics de Lleida - Willy's Plan","description":"Descobriu els 10 pobles m\u00e9s bonics de Lleida que us proposem aqu\u00ed. Troba llocs i racons amb m\u00e9s encant \u2705 Entra ara!","robots":{"index":"index","follow":"follow","max-snippet":"max-snippet:-1","max-image-preview":"max-image-preview:large","max-video-preview":"max-video-preview:-1"},"canonical":"https:\/\/willysplan.com\/ca\/idees\/els-10-pobles-mes-bonics-de-lleida","og_locale":"ca_ES","og_type":"article","og_title":"Els 10 pobles m\u00e9s bonics de Lleida","og_description":"Descobriu els 10 pobles m\u00e9s bonics de Lleida que us proposem aqu\u00ed. Troba llocs i racons amb m\u00e9s encant \u2705 Entra ara!","og_url":"https:\/\/willysplan.com\/ca\/idees\/els-10-pobles-mes-bonics-de-lleida","og_site_name":"Willy&#039;s Plan \ud83c\udf43","article_published_time":"2020-11-11T08:05:06+00:00","article_modified_time":"2023-07-24T05:30:20+00:00","og_image":[{"width":1036,"height":568,"url":"https:\/\/www.willysplan.com\/wp-content\/uploads\/2020\/11\/bagerge.jpg","type":"image\/jpeg"}],"author":"admin","twitter_card":"summary_large_image","twitter_misc":{"Escrit per":"admin","Temps estimat de lectura":"6 minuts"},"schema":{"@context":"https:\/\/schema.org","@graph":[{"@type":"Article","@id":"https:\/\/willysplan.com\/ca\/idees\/els-10-pobles-mes-bonics-de-lleida#article","isPartOf":{"@id":"https:\/\/www.willysplan.com\/ca\/idees\/els-10-pobles-mes-bonics-de-lleida"},"author":{"name":"admin","@id":"https:\/\/www.willysplan.com\/#\/schema\/person\/58c1527a9a42e9b18a877f14136f1d47"},"headline":"Els 10 pobles m\u00e9s bonics de Lleida","datePublished":"2020-11-11T08:05:06+00:00","dateModified":"2023-07-24T05:30:20+00:00","mainEntityOfPage":{"@id":"https:\/\/www.willysplan.com\/ca\/idees\/els-10-pobles-mes-bonics-de-lleida"},"wordCount":1261,"publisher":{"@id":"https:\/\/www.willysplan.com\/#organization"},"image":{"@id":"https:\/\/willysplan.com\/ca\/idees\/els-10-pobles-mes-bonics-de-lleida#primaryimage"},"thumbnailUrl":"https:\/\/www.willysplan.com\/wp-content\/uploads\/2020\/11\/bagerge.jpg","keywords":["idees"],"articleSection":["Idees"],"inLanguage":"ca"},{"@type":"WebPage","@id":"https:\/\/www.willysplan.com\/ca\/idees\/els-10-pobles-mes-bonics-de-lleida","url":"https:\/\/willysplan.com\/ca\/idees\/els-10-pobles-mes-bonics-de-lleida","name":"Els 10 pobles m\u00e9s bonics de Lleida - Willy's Plan","isPartOf":{"@id":"https:\/\/www.willysplan.com\/#website"},"primaryImageOfPage":{"@id":"https:\/\/willysplan.com\/ca\/idees\/els-10-pobles-mes-bonics-de-lleida#primaryimage"},"image":{"@id":"https:\/\/willysplan.com\/ca\/idees\/els-10-pobles-mes-bonics-de-lleida#primaryimage"},"thumbnailUrl":"https:\/\/www.willysplan.com\/wp-content\/uploads\/2020\/11\/bagerge.jpg","datePublished":"2020-11-11T08:05:06+00:00","dateModified":"2023-07-24T05:30:20+00:00","description":"Descobriu els 10 pobles m\u00e9s bonics de Lleida que us proposem aqu\u00ed. Troba llocs i racons amb m\u00e9s encant \u2705 Entra ara!","inLanguage":"ca","potentialAction":[{"@type":"ReadAction","target":["https:\/\/willysplan.com\/ca\/idees\/els-10-pobles-mes-bonics-de-lleida"]}]},{"@type":"ImageObject","inLanguage":"ca","@id":"https:\/\/willysplan.com\/ca\/idees\/els-10-pobles-mes-bonics-de-lleida#primaryimage","url":"https:\/\/www.willysplan.com\/wp-content\/uploads\/2020\/11\/bagerge.jpg","contentUrl":"https:\/\/www.willysplan.com\/wp-content\/uploads\/2020\/11\/bagerge.jpg","width":1036,"height":568},{"@type":"WebSite","@id":"https:\/\/www.willysplan.com\/#website","url":"https:\/\/www.willysplan.com\/","name":"Willy&#039;s Plan \ud83c\udf43","description":"Escapadas y Planes de fin de semana","publisher":{"@id":"https:\/\/www.willysplan.com\/#organization"},"potentialAction":[{"@type":"SearchAction","target":{"@type":"EntryPoint","urlTemplate":"https:\/\/www.willysplan.com\/?s={search_term_string}"},"query-input":{"@type":"PropertyValueSpecification","valueRequired":true,"valueName":"search_term_string"}}],"inLanguage":"ca"},{"@type":"Organization","@id":"https:\/\/www.willysplan.com\/#organization","name":"Willy&#039;s Plan \ud83c\udf43","url":"https:\/\/www.willysplan.com\/","logo":{"@type":"ImageObject","inLanguage":"ca","@id":"https:\/\/www.willysplan.com\/#\/schema\/logo\/image\/","url":"https:\/\/www.willysplan.com\/wp-content\/uploads\/2020\/04\/cropped-logo-1.png","contentUrl":"https:\/\/www.willysplan.com\/wp-content\/uploads\/2020\/04\/cropped-logo-1.png","width":332,"height":332,"caption":"Willy&#039;s Plan \ud83c\udf43"},"image":{"@id":"https:\/\/www.willysplan.com\/#\/schema\/logo\/image\/"}},{"@type":"Person","@id":"https:\/\/www.willysplan.com\/#\/schema\/person\/58c1527a9a42e9b18a877f14136f1d47","name":"admin","image":{"@type":"ImageObject","inLanguage":"ca","@id":"https:\/\/www.willysplan.com\/#\/schema\/person\/image\/","url":"https:\/\/secure.gravatar.com\/avatar\/0b8d78e655d83cc71e0a6cd6cb0f0f99929604cd70ff0f7ac1713f248945ea9d?s=96&d=mm&r=g","contentUrl":"https:\/\/secure.gravatar.com\/avatar\/0b8d78e655d83cc71e0a6cd6cb0f0f99929604cd70ff0f7ac1713f248945ea9d?s=96&d=mm&r=g","caption":"admin"},"url":"https:\/\/www.willysplan.com\/ca\/author\/admin"}]}},"_links":{"self":[{"href":"https:\/\/www.willysplan.com\/ca\/wp-json\/wp\/v2\/posts\/16284","targetHints":{"allow":["GET"]}}],"collection":[{"href":"https:\/\/www.willysplan.com\/ca\/wp-json\/wp\/v2\/posts"}],"about":[{"href":"https:\/\/www.willysplan.com\/ca\/wp-json\/wp\/v2\/types\/post"}],"author":[{"embeddable":true,"href":"https:\/\/www.willysplan.com\/ca\/wp-json\/wp\/v2\/users\/1"}],"replies":[{"embeddable":true,"href":"https:\/\/www.willysplan.com\/ca\/wp-json\/wp\/v2\/comments?post=16284"}],"version-history":[{"count":7,"href":"https:\/\/www.willysplan.com\/ca\/wp-json\/wp\/v2\/posts\/16284\/revisions"}],"predecessor-version":[{"id":21475,"href":"https:\/\/www.willysplan.com\/ca\/wp-json\/wp\/v2\/posts\/16284\/revisions\/21475"}],"wp:featuredmedia":[{"embeddable":true,"href":"https:\/\/www.willysplan.com\/ca\/wp-json\/wp\/v2\/media\/13029"}],"wp:attachment":[{"href":"https:\/\/www.willysplan.com\/ca\/wp-json\/wp\/v2\/media?parent=16284"}],"wp:term":[{"taxonomy":"category","embeddable":true,"href":"https:\/\/www.willysplan.com\/ca\/wp-json\/wp\/v2\/categories?post=16284"},{"taxonomy":"post_tag","embeddable":true,"href":"https:\/\/www.willysplan.com\/ca\/wp-json\/wp\/v2\/tags?post=16284"}],"curies":[{"name":"wp","href":"https:\/\/api.w.org\/{rel}","templated":true}]}}