{"id":16239,"date":"2020-07-23T21:23:18","date_gmt":"2020-07-23T20:23:18","guid":{"rendered":"https:\/\/willysplan.com\/uncategorized-ca\/ruta-des-del-mirador-del-llac-al-camping-la-noguera"},"modified":"2023-07-25T04:47:23","modified_gmt":"2023-07-25T03:47:23","slug":"ruta-des-del-mirador-del-llac-al-camping-la-noguera","status":"publish","type":"post","link":"https:\/\/www.willysplan.com\/ca\/rutes\/ruta-des-del-mirador-del-llac-al-camping-la-noguera","title":{"rendered":"Ruta des del mirador del Llac al C\u00e0mping la Noguera"},"content":{"rendered":"\t\t<div data-elementor-type=\"wp-post\" data-elementor-id=\"16239\" class=\"elementor elementor-16239 elementor-2564\" data-elementor-post-type=\"post\">\n\t\t\t\t\t\t<section class=\"elementor-section elementor-top-section elementor-element elementor-element-f4c69cc elementor-section-boxed elementor-section-height-default elementor-section-height-default\" data-id=\"f4c69cc\" data-element_type=\"section\">\n\t\t\t\t\t\t<div class=\"elementor-container elementor-column-gap-default\">\n\t\t\t\t\t<div class=\"elementor-column elementor-col-50 elementor-top-column elementor-element elementor-element-164a862\" data-id=\"164a862\" data-element_type=\"column\">\n\t\t\t<div class=\"elementor-widget-wrap elementor-element-populated\">\n\t\t\t\t\t\t<div class=\"elementor-element elementor-element-29bc239 elementor-widget elementor-widget-text-editor\" data-id=\"29bc239\" data-element_type=\"widget\" data-widget_type=\"text-editor.default\">\n\t\t\t\t<div class=\"elementor-widget-container\">\n\t\t\t\t\t\t\t\t\t<p><strong>Sant Lloren\u00e7 De Montgai<\/strong> \u00e9s un fascinant poble de la comarca de <strong>Noguera<\/strong>. Aquest atractiu lloc reuneix els millors paisatges naturals i guarda una memorable hist\u00f2ria de <strong>Catalunya.<\/strong> Sense cap mena de dubte, un dest\u00ed que ha agafat for\u00e7a i s&#8217;ha convertit en un imprescindible per veure si est\u00e0s per Lleida.<\/p><p>En aquest Willy&#8217;s plan, en dissenyem una <strong>ruta des del <\/strong><strong>restaurant el mirador del Llac a Camping la Noguera<\/strong>, pensant en una tranquil\u00b7la tarda de cap de setmana (des de la de dinar al migdia, fins a anar a dormir), per prendre-s&#8217;ho de relax i estar disposats a gaudir del paisatge i unes belles vistes cap a les terres de Lleida.<\/p><p>Per comen\u00e7ar dinarem al <strong>Restaurant Mirador del Llac<\/strong>. Indiscutiblement, a la terrassa, que ens regala unes excel\u00b7lents vistes al <strong>Pant\u00e0 de Sant Lloren\u00e7 de Montgai<\/strong>. Per cert, en aquest Pant\u00e0, pots fer activitats aqu\u00e0tiques en per\u00edode estiuenc com: Caiac, Rafting o Busseig.<\/p>\t\t\t\t\t\t\t\t<\/div>\n\t\t\t\t<\/div>\n\t\t\t\t\t<\/div>\n\t\t<\/div>\n\t\t\t\t<div class=\"elementor-column elementor-col-50 elementor-top-column elementor-element elementor-element-f0384f5\" data-id=\"f0384f5\" data-element_type=\"column\">\n\t\t\t<div class=\"elementor-widget-wrap elementor-element-populated\">\n\t\t\t\t\t\t<div class=\"elementor-element elementor-element-2e5851d elementor-widget elementor-widget-html\" data-id=\"2e5851d\" data-element_type=\"widget\" data-widget_type=\"html.default\">\n\t\t\t\t<div class=\"elementor-widget-container\">\n\t\t\t\t\t<iframe src=\"https:\/\/www.google.com\/maps\/embed?pb=!1m34!1m12!1m3!1d11885.118032724462!2d0.8259612777099111!3d41.86533244750641!2m3!1f0!2f0!3f0!3m2!1i1024!2i768!4f13.1!4m19!3e0!4m5!1s0x12a6f4307cb58c27%3A0x48fb2e9b2c28e03b!2sMirador%20del%20Llac%2C%20Passeig%20del%20Segre%2C%2019A%2C%2025613%20Sant%20Lloren%C3%A7%20de%20Montgai%2C%20Lleida!3m2!1d41.8675213!2d0.8410519!4m5!1s0x12a6f429943817e3%3A0xbdb16898d9e5f5cf!2sMare%20de%20D%C3%A9u%20del%20castell%20de%20Sant%20Lloren%C3%A7%2C%20San%20Lorenzo%20de%20Montgai!3m2!1d41.8709367!2d0.8308186!4m5!1s0x12a6f4211e35d1b7%3A0x1f4064b4ca1dd16e!2sCamping%20la%20Noguera%2C%20San%20Lorenzo%20de%20Montgai!3m2!1d41.860628!2d0.8318479999999999!5e0!3m2!1ses!2ses!4v1612991971367!5m2!1ses!2ses\" width=\"600\" height=\"450\" frameborder=\"0\" style=\"border:0;\" allowfullscreen=\"\" aria-hidden=\"false\" tabindex=\"0\"><\/iframe>\t\t\t\t<\/div>\n\t\t\t\t<\/div>\n\t\t\t\t\t<\/div>\n\t\t<\/div>\n\t\t\t\t\t<\/div>\n\t\t<\/section>\n\t\t\t\t<section class=\"elementor-section elementor-top-section elementor-element elementor-element-671cd3c elementor-section-boxed elementor-section-height-default elementor-section-height-default\" data-id=\"671cd3c\" data-element_type=\"section\">\n\t\t\t\t\t\t<div class=\"elementor-container elementor-column-gap-default\">\n\t\t\t\t\t<div class=\"elementor-column elementor-col-100 elementor-top-column elementor-element elementor-element-eaffc38\" data-id=\"eaffc38\" data-element_type=\"column\">\n\t\t\t<div class=\"elementor-widget-wrap elementor-element-populated\">\n\t\t\t\t\t\t<div class=\"elementor-element elementor-element-ac561a4 elementor-widget elementor-widget-text-editor\" data-id=\"ac561a4\" data-element_type=\"widget\" data-widget_type=\"text-editor.default\">\n\t\t\t\t<div class=\"elementor-widget-container\">\n\t\t\t\t\t\t\t\t\t<p><span style=\"color: var( --e-global-color-text ); font-family: var( --e-global-typography-text-font-family ); font-weight: var( --e-global-typography-text-font-weight ); background-color: var(--nv-site-bg);\">Despr\u00e9s anirem a l&#8217;<\/span> <strong style=\"color: var( --e-global-color-text ); font-family: var( --e-global-typography-text-font-family ); background-color: var(--nv-site-bg);\">Ermita Mare de D\u00e9u del Castell<\/strong><span style=\"color: var( --e-global-color-text ); font-family: var( --e-global-typography-text-font-family ); font-weight: var( --e-global-typography-text-font-weight ); background-color: var(--nv-site-bg);\">. Aquest petit castell, es troba a dalt del pant\u00e0 i t\u00e9 un acc\u00e9s f\u00e0cil amb cotxe, moto, bici o fins i tot caminant. Des d&#8217;aquest punt, ens delectarem amb unes vistes incre\u00efbles cap al pant\u00e0 i els seus voltants.<\/span><\/p>\n<p>Per finalitzar, us proposem l\u00b4estada al <strong>C\u00e0mping &#8220;La Noguera&#8221;<\/strong> , el qual disposa de diferents allotjaments. En aquest hostal podem trobar des de bungalous per a fam\u00edlies, fins a botigues rom\u00e0ntiques per a parelles. A m\u00e9s inclou el servei de restaurant i us convida a recrear-vos amb un gran nombre d&#8217;activitats de tot tipus.<\/p>\n\t\t\t\t\t\t\t\t<\/div>\n\t\t\t\t<\/div>\n\t\t\t\t\t<\/div>\n\t\t<\/div>\n\t\t\t\t\t<\/div>\n\t\t<\/section>\n\t\t\t\t<section class=\"elementor-section elementor-top-section elementor-element elementor-element-36fe8d4 elementor-section-boxed elementor-section-height-default elementor-section-height-default\" data-id=\"36fe8d4\" data-element_type=\"section\">\n\t\t\t\t\t\t<div class=\"elementor-container elementor-column-gap-default\">\n\t\t\t\t\t<div class=\"elementor-column elementor-col-100 elementor-top-column elementor-element elementor-element-da527a3\" data-id=\"da527a3\" data-element_type=\"column\">\n\t\t\t<div class=\"elementor-widget-wrap elementor-element-populated\">\n\t\t\t\t\t\t<div class=\"elementor-element elementor-element-005077d elementor-widget elementor-widget-heading\" data-id=\"005077d\" data-element_type=\"widget\" data-widget_type=\"heading.default\">\n\t\t\t\t<div class=\"elementor-widget-container\">\n\t\t\t\t\t<h2 class=\"elementor-heading-title elementor-size-default\">Restaurant Mirador del Llac<\/h2>\t\t\t\t<\/div>\n\t\t\t\t<\/div>\n\t\t\t\t\t<\/div>\n\t\t<\/div>\n\t\t\t\t\t<\/div>\n\t\t<\/section>\n\t\t\t\t<section class=\"elementor-section elementor-top-section elementor-element elementor-element-39c50f9 elementor-section-boxed elementor-section-height-default elementor-section-height-default\" data-id=\"39c50f9\" data-element_type=\"section\">\n\t\t\t\t\t\t<div class=\"elementor-container elementor-column-gap-default\">\n\t\t\t\t\t<div class=\"elementor-column elementor-col-100 elementor-top-column elementor-element elementor-element-df1ea3c\" data-id=\"df1ea3c\" data-element_type=\"column\">\n\t\t\t<div class=\"elementor-widget-wrap elementor-element-populated\">\n\t\t\t\t\t\t<div class=\"elementor-element elementor-element-e1a7506 elementor-widget elementor-widget-image\" data-id=\"e1a7506\" data-element_type=\"widget\" data-widget_type=\"image.default\">\n\t\t\t\t<div class=\"elementor-widget-container\">\n\t\t\t\t\t\t\t\t\t\t\t\t\t\t\t<img fetchpriority=\"high\" decoding=\"async\" width=\"768\" height=\"530\" src=\"https:\/\/www.willysplan.com\/wp-content\/uploads\/2020\/07\/restaurant-el-mirador-del-llac-768x530.jpg\" class=\"attachment-medium_large size-medium_large wp-image-13957\" alt=\"\" srcset=\"https:\/\/www.willysplan.com\/wp-content\/uploads\/2020\/07\/restaurant-el-mirador-del-llac-768x530.jpg 768w, https:\/\/www.willysplan.com\/wp-content\/uploads\/2020\/07\/restaurant-el-mirador-del-llac-300x207.jpg 300w, https:\/\/www.willysplan.com\/wp-content\/uploads\/2020\/07\/restaurant-el-mirador-del-llac-600x414.jpg 600w, https:\/\/www.willysplan.com\/wp-content\/uploads\/2020\/07\/restaurant-el-mirador-del-llac.jpg 827w\" sizes=\"(max-width: 768px) 100vw, 768px\" \/>\t\t\t\t\t\t\t\t\t\t\t\t\t\t\t<\/div>\n\t\t\t\t<\/div>\n\t\t\t\t\t<\/div>\n\t\t<\/div>\n\t\t\t\t\t<\/div>\n\t\t<\/section>\n\t\t\t\t<section class=\"elementor-section elementor-top-section elementor-element elementor-element-4e88c10 elementor-section-boxed elementor-section-height-default elementor-section-height-default\" data-id=\"4e88c10\" data-element_type=\"section\">\n\t\t\t\t\t\t<div class=\"elementor-container elementor-column-gap-default\">\n\t\t\t\t\t<div class=\"elementor-column elementor-col-100 elementor-top-column elementor-element elementor-element-8ccc3a4\" data-id=\"8ccc3a4\" data-element_type=\"column\">\n\t\t\t<div class=\"elementor-widget-wrap elementor-element-populated\">\n\t\t\t\t\t\t<div class=\"elementor-element elementor-element-39dc59f elementor-widget elementor-widget-text-editor\" data-id=\"39dc59f\" data-element_type=\"widget\" data-widget_type=\"text-editor.default\">\n\t\t\t\t<div class=\"elementor-widget-container\">\n\t\t\t\t\t\t\t\t\t<p>\u00c9s imperdonable estar al <strong>Restaurant Mirador del Llac<\/strong> i no gaudir de la seva terrassa, que sens dubte ofereix una de les millors vistes al pant\u00e0 de Sant Lloren\u00e7 de Montgai i les aig\u00fces del Serge. I com a dada curiosa aquest restaurant es troba en un dels espais naturals protegits a Camarasa, la qual cosa el fa encara m\u00e9s desitjable.<\/p>\n<p>A m\u00e9s, Aquest exquisit restaurant de menjar mediterrani ofereix una bona proposta gastron\u00f2mica quant a qualitat i preu i un ampli men\u00fa caracter\u00edstic del menjar catal\u00e0. Si decideixes visitar aquest menjador et recomanem els cargols a la llauna i els entrepans estan incre\u00efbles. I per descomptat delecta&#8217;t sense afanys, aquesta ruta \u00e9s per gaudir-la en la seva totalitat.<\/p>\n\t\t\t\t\t\t\t\t<\/div>\n\t\t\t\t<\/div>\n\t\t\t\t\t<\/div>\n\t\t<\/div>\n\t\t\t\t\t<\/div>\n\t\t<\/section>\n\t\t\t\t<section class=\"elementor-section elementor-top-section elementor-element elementor-element-cf26dc9 elementor-section-boxed elementor-section-height-default elementor-section-height-default\" data-id=\"cf26dc9\" data-element_type=\"section\">\n\t\t\t\t\t\t<div class=\"elementor-container elementor-column-gap-default\">\n\t\t\t\t\t<div class=\"elementor-column elementor-col-100 elementor-top-column elementor-element elementor-element-5689fda\" data-id=\"5689fda\" data-element_type=\"column\">\n\t\t\t<div class=\"elementor-widget-wrap elementor-element-populated\">\n\t\t\t\t\t\t<div class=\"elementor-element elementor-element-ec10ffc elementor-widget elementor-widget-heading\" data-id=\"ec10ffc\" data-element_type=\"widget\" data-widget_type=\"heading.default\">\n\t\t\t\t<div class=\"elementor-widget-container\">\n\t\t\t\t\t<h2 class=\"elementor-heading-title elementor-size-default\">Ermita Mare de D\u00e9u del Castell<\/h2>\t\t\t\t<\/div>\n\t\t\t\t<\/div>\n\t\t\t\t\t<\/div>\n\t\t<\/div>\n\t\t\t\t\t<\/div>\n\t\t<\/section>\n\t\t\t\t<section class=\"elementor-section elementor-top-section elementor-element elementor-element-9ca4401 elementor-section-boxed elementor-section-height-default elementor-section-height-default\" data-id=\"9ca4401\" data-element_type=\"section\">\n\t\t\t\t\t\t<div class=\"elementor-container elementor-column-gap-default\">\n\t\t\t\t\t<div class=\"elementor-column elementor-col-100 elementor-top-column elementor-element elementor-element-824143d\" data-id=\"824143d\" data-element_type=\"column\">\n\t\t\t<div class=\"elementor-widget-wrap elementor-element-populated\">\n\t\t\t\t\t\t<div class=\"elementor-element elementor-element-3feac87 elementor-widget elementor-widget-image\" data-id=\"3feac87\" data-element_type=\"widget\" data-widget_type=\"image.default\">\n\t\t\t\t<div class=\"elementor-widget-container\">\n\t\t\t\t\t\t\t\t\t\t\t\t\t\t\t<img decoding=\"async\" width=\"1024\" height=\"507\" src=\"https:\/\/www.willysplan.com\/wp-content\/uploads\/2020\/07\/Ermita-Mare-de-Deu-del-Castell-1024x507.jpg\" class=\"attachment-large size-large wp-image-13959\" alt=\"\" srcset=\"https:\/\/www.willysplan.com\/wp-content\/uploads\/2020\/07\/Ermita-Mare-de-Deu-del-Castell-1024x507.jpg 1024w, https:\/\/www.willysplan.com\/wp-content\/uploads\/2020\/07\/Ermita-Mare-de-Deu-del-Castell-300x149.jpg 300w, https:\/\/www.willysplan.com\/wp-content\/uploads\/2020\/07\/Ermita-Mare-de-Deu-del-Castell-768x380.jpg 768w, https:\/\/www.willysplan.com\/wp-content\/uploads\/2020\/07\/Ermita-Mare-de-Deu-del-Castell-600x297.jpg 600w, https:\/\/www.willysplan.com\/wp-content\/uploads\/2020\/07\/Ermita-Mare-de-Deu-del-Castell.jpg 1062w\" sizes=\"(max-width: 1024px) 100vw, 1024px\" \/>\t\t\t\t\t\t\t\t\t\t\t\t\t\t\t<\/div>\n\t\t\t\t<\/div>\n\t\t\t\t\t<\/div>\n\t\t<\/div>\n\t\t\t\t\t<\/div>\n\t\t<\/section>\n\t\t\t\t<section class=\"elementor-section elementor-top-section elementor-element elementor-element-090337d elementor-section-boxed elementor-section-height-default elementor-section-height-default\" data-id=\"090337d\" data-element_type=\"section\">\n\t\t\t\t\t\t<div class=\"elementor-container elementor-column-gap-default\">\n\t\t\t\t\t<div class=\"elementor-column elementor-col-100 elementor-top-column elementor-element elementor-element-10259a1\" data-id=\"10259a1\" data-element_type=\"column\">\n\t\t\t<div class=\"elementor-widget-wrap elementor-element-populated\">\n\t\t\t\t\t\t<div class=\"elementor-element elementor-element-67842ef elementor-widget elementor-widget-text-editor\" data-id=\"67842ef\" data-element_type=\"widget\" data-widget_type=\"text-editor.default\">\n\t\t\t\t<div class=\"elementor-widget-container\">\n\t\t\t\t\t\t\t\t\t<p>L&#8217; <strong>Ermita Mare de D\u00e9u del Castell<\/strong> \u00e9s un castell constru\u00eft a l&#8217;\u00e8poca isl\u00e0mica, el seu ideal ideal era dominar i tenir control sobre l&#8217;ampli territori de la serra de Sant Crist\u00f2fol i els seus voltants. Tot i que la construcci\u00f3 es mant\u00e9 deteriorada per parts, la gran majoria es pot apreciar. Amb el temps aquesta esgl\u00e9sia va fer honor a la verge del castell i encara \u00e9s un punt de trobada de molts feligresos del poble que encara van a trobar espiritualment.<\/p>\n<p>En aquest bell lloc gaudirem d\u00b4unes privilegiades vistes a la comarca de <strong>Noguera<\/strong> i les aig\u00fces del Serge. I \u00e9s just aqu\u00ed on farem la c\u00e0mera de fotos o el m\u00f2bil per deixar el millor record dels paisatges i la natura que ofereix Sant Lloren\u00e7 De Montgai. Sens dubte un lloc meravell\u00f3s, que reuneix hist\u00f2ria i tot l&#8217;encant natural per desconnectar enmig d&#8217;un bell capvespre de la nostra ruta.<\/p>\n\t\t\t\t\t\t\t\t<\/div>\n\t\t\t\t<\/div>\n\t\t\t\t\t<\/div>\n\t\t<\/div>\n\t\t\t\t\t<\/div>\n\t\t<\/section>\n\t\t\t\t<section class=\"elementor-section elementor-top-section elementor-element elementor-element-228dd78 elementor-section-boxed elementor-section-height-default elementor-section-height-default\" data-id=\"228dd78\" data-element_type=\"section\">\n\t\t\t\t\t\t<div class=\"elementor-container elementor-column-gap-default\">\n\t\t\t\t\t<div class=\"elementor-column elementor-col-100 elementor-top-column elementor-element elementor-element-6fe37a6\" data-id=\"6fe37a6\" data-element_type=\"column\">\n\t\t\t<div class=\"elementor-widget-wrap elementor-element-populated\">\n\t\t\t\t\t\t<div class=\"elementor-element elementor-element-c9dcbd0 elementor-widget elementor-widget-heading\" data-id=\"c9dcbd0\" data-element_type=\"widget\" data-widget_type=\"heading.default\">\n\t\t\t\t<div class=\"elementor-widget-container\">\n\t\t\t\t\t<h2 class=\"elementor-heading-title elementor-size-default\">C\u00e0mping la Noguera<\/h2>\t\t\t\t<\/div>\n\t\t\t\t<\/div>\n\t\t\t\t\t<\/div>\n\t\t<\/div>\n\t\t\t\t\t<\/div>\n\t\t<\/section>\n\t\t\t\t<section class=\"elementor-section elementor-top-section elementor-element elementor-element-ff2fe61 elementor-section-boxed elementor-section-height-default elementor-section-height-default\" data-id=\"ff2fe61\" data-element_type=\"section\">\n\t\t\t\t\t\t<div class=\"elementor-container elementor-column-gap-default\">\n\t\t\t\t\t<div class=\"elementor-column elementor-col-100 elementor-top-column elementor-element elementor-element-2aedbc8\" data-id=\"2aedbc8\" data-element_type=\"column\">\n\t\t\t<div class=\"elementor-widget-wrap elementor-element-populated\">\n\t\t\t\t\t\t<div class=\"elementor-element elementor-element-36c0fbf elementor-widget elementor-widget-image\" data-id=\"36c0fbf\" data-element_type=\"widget\" data-widget_type=\"image.default\">\n\t\t\t\t<div class=\"elementor-widget-container\">\n\t\t\t\t\t\t\t\t\t\t\t\t\t\t\t<img decoding=\"async\" width=\"824\" height=\"592\" src=\"https:\/\/www.willysplan.com\/wp-content\/uploads\/2020\/07\/Camping-la-Noguera\u200b.jpg\" class=\"attachment-large size-large wp-image-13961\" alt=\"\" srcset=\"https:\/\/www.willysplan.com\/wp-content\/uploads\/2020\/07\/Camping-la-Noguera\u200b.jpg 824w, https:\/\/www.willysplan.com\/wp-content\/uploads\/2020\/07\/Camping-la-Noguera\u200b-300x216.jpg 300w, https:\/\/www.willysplan.com\/wp-content\/uploads\/2020\/07\/Camping-la-Noguera\u200b-768x552.jpg 768w, https:\/\/www.willysplan.com\/wp-content\/uploads\/2020\/07\/Camping-la-Noguera\u200b-600x431.jpg 600w\" sizes=\"(max-width: 824px) 100vw, 824px\" \/>\t\t\t\t\t\t\t\t\t\t\t\t\t\t\t<\/div>\n\t\t\t\t<\/div>\n\t\t\t\t<div class=\"elementor-element elementor-element-d5e8ee0 elementor-widget elementor-widget-image\" data-id=\"d5e8ee0\" data-element_type=\"widget\" data-widget_type=\"image.default\">\n\t\t\t\t<div class=\"elementor-widget-container\">\n\t\t\t\t\t\t\t\t\t\t\t\t\t\t\t<img decoding=\"async\" src=\"https:\/\/www.willysplan.com\/wp-content\/uploads\/2020\/07\/10-6.png\" title=\"\" alt=\"\" loading=\"lazy\" \/>\t\t\t\t\t\t\t\t\t\t\t\t\t\t\t<\/div>\n\t\t\t\t<\/div>\n\t\t\t\t\t<\/div>\n\t\t<\/div>\n\t\t\t\t\t<\/div>\n\t\t<\/section>\n\t\t\t\t<section class=\"elementor-section elementor-top-section elementor-element elementor-element-649f78d elementor-section-boxed elementor-section-height-default elementor-section-height-default\" data-id=\"649f78d\" data-element_type=\"section\">\n\t\t\t\t\t\t<div class=\"elementor-container elementor-column-gap-default\">\n\t\t\t\t\t<div class=\"elementor-column elementor-col-100 elementor-top-column elementor-element elementor-element-bd8f266\" data-id=\"bd8f266\" data-element_type=\"column\">\n\t\t\t<div class=\"elementor-widget-wrap elementor-element-populated\">\n\t\t\t\t\t\t<div class=\"elementor-element elementor-element-6131457 elementor-widget elementor-widget-text-editor\" data-id=\"6131457\" data-element_type=\"widget\" data-widget_type=\"text-editor.default\">\n\t\t\t\t<div class=\"elementor-widget-container\">\n\t\t\t\t\t\t\t\t\t<p>La nostra \u00faltima parada ser\u00e0 al <strong>c\u00e0mping La Noguera.<\/strong> Un lloc incre\u00efble per acampar en fam\u00edlia davant de la reserva del llac de Sant Lloren\u00e7 de Montgai i gaudir de tota la riquesa cultural i natural de la zona del Montgai.<\/p>\n<p>Si alguna cosa caracteritza el <strong>C\u00e0mping la Noguera<\/strong> \u00e9s la seva tranquil\u00b7litat. Aqu\u00ed la desconnexi\u00f3 \u00e9s absoluta i ens atrevir\u00edem a dir que \u00e9s un dels llocs m\u00e9s bonics de tot el Montsec. Si no disposes de la teva pr\u00f2pia carpa, no tindr\u00e0s cap problema. A m\u00e9s d&#8217;oferir allotjaments incre\u00efbles que van des de bungalous per a tota la fam\u00edlia fins a botigues rom\u00e0ntiques per a parelles; el c\u00e0mping tamb\u00e9 ofereix carpes per als que busquen plans m\u00e9s econ\u00f2mics. I si parlem del restaurant, aquest est\u00e0 incre\u00efble i ofereix servei gaireb\u00e9 les 24 hores. I si busques plans d&#8217;oci, no oblidis preguntar per les activitats que solen fer al voltant de la reserva, que van des de passejades caminant fins a divertits esports aqu\u00e0tics.<\/p>\n<p>No us ho penseu tant, anima&#8217;t a gaudir un cap de setmana fenomenal en una de les reserves naturals m\u00e9s precioses de Catalunya i tota la regi\u00f3 de Lleida.<\/p>\n\t\t\t\t\t\t\t\t<\/div>\n\t\t\t\t<\/div>\n\t\t\t\t\t<\/div>\n\t\t<\/div>\n\t\t\t\t\t<\/div>\n\t\t<\/section>\n\t\t\t\t<section class=\"elementor-section elementor-top-section elementor-element elementor-element-934cfa6 elementor-section-boxed elementor-section-height-default elementor-section-height-default\" data-id=\"934cfa6\" data-element_type=\"section\">\n\t\t\t\t\t\t<div class=\"elementor-container elementor-column-gap-default\">\n\t\t\t\t\t<div class=\"elementor-column elementor-col-100 elementor-top-column elementor-element elementor-element-6d28942\" data-id=\"6d28942\" data-element_type=\"column\">\n\t\t\t<div class=\"elementor-widget-wrap elementor-element-populated\">\n\t\t\t\t\t\t<div class=\"elementor-element elementor-element-24f2b10 elementor-widget elementor-widget-heading\" data-id=\"24f2b10\" data-element_type=\"widget\" data-widget_type=\"heading.default\">\n\t\t\t\t<div class=\"elementor-widget-container\">\n\t\t\t\t\t<h2 class=\"elementor-heading-title elementor-size-default\">Altres rutes que tamb\u00e9 et poden interessar...<\/h2>\t\t\t\t<\/div>\n\t\t\t\t<\/div>\n\t\t\t\t\t<\/div>\n\t\t<\/div>\n\t\t\t\t\t<\/div>\n\t\t<\/section>\n\t\t\t\t<section class=\"elementor-section elementor-top-section elementor-element elementor-element-b9303aa elementor-section-boxed elementor-section-height-default elementor-section-height-default\" data-id=\"b9303aa\" data-element_type=\"section\">\n\t\t\t\t\t\t<div class=\"elementor-container elementor-column-gap-default\">\n\t\t\t\t\t<div class=\"elementor-column elementor-col-100 elementor-top-column elementor-element elementor-element-4c9811a\" data-id=\"4c9811a\" data-element_type=\"column\">\n\t\t\t<div class=\"elementor-widget-wrap elementor-element-populated\">\n\t\t\t\t\t\t\t<\/div>\n\t\t<\/div>\n\t\t\t\t\t<\/div>\n\t\t<\/section>\n\t\t\t\t<\/div>\n\t\t","protected":false},"excerpt":{"rendered":"<p>Sant Lloren\u00e7 De Montgai \u00e9s un fascinant poble de la comarca de Noguera. Aquest atractiu lloc reuneix els millors paisatges naturals i guarda una memorable hist\u00f2ria de Catalunya. Sense cap mena de dubte, un dest\u00ed que ha agafat for\u00e7a i s&#8217;ha convertit en un imprescindible per veure si est\u00e0s per Lleida. En aquest Willy&#8217;s plan,&hellip;&nbsp;<a href=\"https:\/\/www.willysplan.com\/ca\/rutes\/ruta-des-del-mirador-del-llac-al-camping-la-noguera\" rel=\"bookmark\">Llegiu m\u00e9s &raquo;<span class=\"screen-reader-text\">Ruta des del mirador del Llac al C\u00e0mping la Noguera<\/span><\/a><\/p>\n","protected":false},"author":2,"featured_media":13937,"comment_status":"closed","ping_status":"closed","sticky":false,"template":"","format":"standard","meta":{"neve_meta_sidebar":"","neve_meta_container":"","neve_meta_enable_content_width":"","neve_meta_content_width":0,"neve_meta_title_alignment":"","neve_meta_author_avatar":"","neve_post_elements_order":"","neve_meta_disable_header":"","neve_meta_disable_footer":"","neve_meta_disable_title":"","_joinchat":[],"footnotes":""},"categories":[323],"tags":[360,394],"class_list":["post-16239","post","type-post","status-publish","format-standard","has-post-thumbnail","hentry","category-rutes","tag-rutes-catalunya","tag-rutes-lleida-provincia"],"yoast_head":"<!-- This site is optimized with the Yoast SEO Premium plugin v20.1 (Yoast SEO v26.9) - https:\/\/yoast.com\/product\/yoast-seo-premium-wordpress\/ -->\n<title>Ruta Restaurant el mirador del Llac al C\u00e0mping la Noguera - Willy&#039;s plan<\/title>\n<meta name=\"description\" content=\"Descobreix rutes per fer a Lleida. Visita el Restaurant el mirador del Llac, l&#039;Ermita Mare de D\u00e9u del Castell i el C\u00e0mping la Noguera. \u2705 Entra ara!\" \/>\n<meta name=\"robots\" content=\"index, follow, max-snippet:-1, max-image-preview:large, max-video-preview:-1\" \/>\n<link rel=\"canonical\" href=\"https:\/\/www.willysplan.com\/ca\/rutes\/ruta-des-del-mirador-del-llac-al-camping-la-noguera\" \/>\n<meta property=\"og:locale\" content=\"ca_ES\" \/>\n<meta property=\"og:type\" content=\"article\" \/>\n<meta property=\"og:title\" content=\"Ruta des del mirador del Llac al C\u00e0mping la Noguera\" \/>\n<meta property=\"og:description\" content=\"Descobreix rutes per fer a Lleida. Visita el Restaurant el mirador del Llac, l&#039;Ermita Mare de D\u00e9u del Castell i el C\u00e0mping la Noguera. \u2705 Entra ara!\" \/>\n<meta property=\"og:url\" content=\"https:\/\/www.willysplan.com\/ca\/rutes\/ruta-des-del-mirador-del-llac-al-camping-la-noguera\" \/>\n<meta property=\"og:site_name\" content=\"Willy&#039;s Plan \ud83c\udf43\" \/>\n<meta property=\"article:published_time\" content=\"2020-07-23T20:23:18+00:00\" \/>\n<meta property=\"article:modified_time\" content=\"2023-07-25T03:47:23+00:00\" \/>\n<meta property=\"og:image\" content=\"https:\/\/www.willysplan.com\/wp-content\/uploads\/2021\/01\/11-6.jpg\" \/>\n\t<meta property=\"og:image:width\" content=\"1080\" \/>\n\t<meta property=\"og:image:height\" content=\"820\" \/>\n\t<meta property=\"og:image:type\" content=\"image\/jpeg\" \/>\n<meta name=\"author\" content=\"Guillem Asensio\" \/>\n<meta name=\"twitter:card\" content=\"summary_large_image\" \/>\n<meta name=\"twitter:label1\" content=\"Escrit per\" \/>\n\t<meta name=\"twitter:data1\" content=\"Guillem Asensio\" \/>\n\t<meta name=\"twitter:label2\" content=\"Temps estimat de lectura\" \/>\n\t<meta name=\"twitter:data2\" content=\"4 minuts\" \/>\n<script type=\"application\/ld+json\" class=\"yoast-schema-graph\">{\"@context\":\"https:\/\/schema.org\",\"@graph\":[{\"@type\":\"Article\",\"@id\":\"https:\/\/www.willysplan.com\/ca\/rutes\/ruta-des-del-mirador-del-llac-al-camping-la-noguera#article\",\"isPartOf\":{\"@id\":\"https:\/\/www.willysplan.com\/ca\/rutes\/ruta-des-del-mirador-del-llac-al-camping-la-noguera\"},\"author\":{\"name\":\"Guillem Asensio\",\"@id\":\"https:\/\/www.willysplan.com\/#\/schema\/person\/6f2dbf2215cd25715df085907bd007c1\"},\"headline\":\"Ruta des del mirador del Llac al C\u00e0mping la Noguera\",\"datePublished\":\"2020-07-23T20:23:18+00:00\",\"dateModified\":\"2023-07-25T03:47:23+00:00\",\"mainEntityOfPage\":{\"@id\":\"https:\/\/www.willysplan.com\/ca\/rutes\/ruta-des-del-mirador-del-llac-al-camping-la-noguera\"},\"wordCount\":820,\"publisher\":{\"@id\":\"https:\/\/www.willysplan.com\/#organization\"},\"image\":{\"@id\":\"https:\/\/www.willysplan.com\/ca\/rutes\/ruta-des-del-mirador-del-llac-al-camping-la-noguera#primaryimage\"},\"thumbnailUrl\":\"https:\/\/www.willysplan.com\/wp-content\/uploads\/2021\/01\/11-6.jpg\",\"keywords\":[\"rutes catalunya\",\"rutes lleida prov\u00edncia\"],\"articleSection\":[\"rutes\"],\"inLanguage\":\"ca\"},{\"@type\":\"WebPage\",\"@id\":\"https:\/\/www.willysplan.com\/ca\/rutes\/ruta-des-del-mirador-del-llac-al-camping-la-noguera\",\"url\":\"https:\/\/www.willysplan.com\/ca\/rutes\/ruta-des-del-mirador-del-llac-al-camping-la-noguera\",\"name\":\"Ruta Restaurant el mirador del Llac al C\u00e0mping la Noguera - Willy's plan\",\"isPartOf\":{\"@id\":\"https:\/\/www.willysplan.com\/#website\"},\"primaryImageOfPage\":{\"@id\":\"https:\/\/www.willysplan.com\/ca\/rutes\/ruta-des-del-mirador-del-llac-al-camping-la-noguera#primaryimage\"},\"image\":{\"@id\":\"https:\/\/www.willysplan.com\/ca\/rutes\/ruta-des-del-mirador-del-llac-al-camping-la-noguera#primaryimage\"},\"thumbnailUrl\":\"https:\/\/www.willysplan.com\/wp-content\/uploads\/2021\/01\/11-6.jpg\",\"datePublished\":\"2020-07-23T20:23:18+00:00\",\"dateModified\":\"2023-07-25T03:47:23+00:00\",\"description\":\"Descobreix rutes per fer a Lleida. Visita el Restaurant el mirador del Llac, l'Ermita Mare de D\u00e9u del Castell i el C\u00e0mping la Noguera. \u2705 Entra ara!\",\"inLanguage\":\"ca\",\"potentialAction\":[{\"@type\":\"ReadAction\",\"target\":[\"https:\/\/www.willysplan.com\/ca\/rutes\/ruta-des-del-mirador-del-llac-al-camping-la-noguera\"]}]},{\"@type\":\"ImageObject\",\"inLanguage\":\"ca\",\"@id\":\"https:\/\/www.willysplan.com\/ca\/rutes\/ruta-des-del-mirador-del-llac-al-camping-la-noguera#primaryimage\",\"url\":\"https:\/\/www.willysplan.com\/wp-content\/uploads\/2021\/01\/11-6.jpg\",\"contentUrl\":\"https:\/\/www.willysplan.com\/wp-content\/uploads\/2021\/01\/11-6.jpg\",\"width\":1080,\"height\":820},{\"@type\":\"WebSite\",\"@id\":\"https:\/\/www.willysplan.com\/#website\",\"url\":\"https:\/\/www.willysplan.com\/\",\"name\":\"Willy&#039;s Plan \ud83c\udf43\",\"description\":\"Escapadas y Planes de fin de semana\",\"publisher\":{\"@id\":\"https:\/\/www.willysplan.com\/#organization\"},\"potentialAction\":[{\"@type\":\"SearchAction\",\"target\":{\"@type\":\"EntryPoint\",\"urlTemplate\":\"https:\/\/www.willysplan.com\/?s={search_term_string}\"},\"query-input\":{\"@type\":\"PropertyValueSpecification\",\"valueRequired\":true,\"valueName\":\"search_term_string\"}}],\"inLanguage\":\"ca\"},{\"@type\":\"Organization\",\"@id\":\"https:\/\/www.willysplan.com\/#organization\",\"name\":\"Willy&#039;s Plan \ud83c\udf43\",\"url\":\"https:\/\/www.willysplan.com\/\",\"logo\":{\"@type\":\"ImageObject\",\"inLanguage\":\"ca\",\"@id\":\"https:\/\/www.willysplan.com\/#\/schema\/logo\/image\/\",\"url\":\"https:\/\/www.willysplan.com\/wp-content\/uploads\/2020\/04\/cropped-logo-1.png\",\"contentUrl\":\"https:\/\/www.willysplan.com\/wp-content\/uploads\/2020\/04\/cropped-logo-1.png\",\"width\":332,\"height\":332,\"caption\":\"Willy&#039;s Plan \ud83c\udf43\"},\"image\":{\"@id\":\"https:\/\/www.willysplan.com\/#\/schema\/logo\/image\/\"}},{\"@type\":\"Person\",\"@id\":\"https:\/\/www.willysplan.com\/#\/schema\/person\/6f2dbf2215cd25715df085907bd007c1\",\"name\":\"Guillem Asensio\",\"image\":{\"@type\":\"ImageObject\",\"inLanguage\":\"ca\",\"@id\":\"https:\/\/www.willysplan.com\/#\/schema\/person\/image\/\",\"url\":\"https:\/\/secure.gravatar.com\/avatar\/fd3f69da3e6cd8d451f6be79c127da046757b9a4c273deefb40b1291809cc787?s=96&d=mm&r=g\",\"contentUrl\":\"https:\/\/secure.gravatar.com\/avatar\/fd3f69da3e6cd8d451f6be79c127da046757b9a4c273deefb40b1291809cc787?s=96&d=mm&r=g\",\"caption\":\"Guillem Asensio\"},\"sameAs\":[\"https:\/\/willysplan.com\"],\"url\":\"https:\/\/www.willysplan.com\/ca\/author\/willy\"}]}<\/script>\n<!-- \/ Yoast SEO Premium plugin. -->","yoast_head_json":{"title":"Ruta Restaurant el mirador del Llac al C\u00e0mping la Noguera - Willy's plan","description":"Descobreix rutes per fer a Lleida. Visita el Restaurant el mirador del Llac, l'Ermita Mare de D\u00e9u del Castell i el C\u00e0mping la Noguera. \u2705 Entra ara!","robots":{"index":"index","follow":"follow","max-snippet":"max-snippet:-1","max-image-preview":"max-image-preview:large","max-video-preview":"max-video-preview:-1"},"canonical":"https:\/\/www.willysplan.com\/ca\/rutes\/ruta-des-del-mirador-del-llac-al-camping-la-noguera","og_locale":"ca_ES","og_type":"article","og_title":"Ruta des del mirador del Llac al C\u00e0mping la Noguera","og_description":"Descobreix rutes per fer a Lleida. Visita el Restaurant el mirador del Llac, l'Ermita Mare de D\u00e9u del Castell i el C\u00e0mping la Noguera. \u2705 Entra ara!","og_url":"https:\/\/www.willysplan.com\/ca\/rutes\/ruta-des-del-mirador-del-llac-al-camping-la-noguera","og_site_name":"Willy&#039;s Plan \ud83c\udf43","article_published_time":"2020-07-23T20:23:18+00:00","article_modified_time":"2023-07-25T03:47:23+00:00","og_image":[{"width":1080,"height":820,"url":"https:\/\/www.willysplan.com\/wp-content\/uploads\/2021\/01\/11-6.jpg","type":"image\/jpeg"}],"author":"Guillem Asensio","twitter_card":"summary_large_image","twitter_misc":{"Escrit per":"Guillem Asensio","Temps estimat de lectura":"4 minuts"},"schema":{"@context":"https:\/\/schema.org","@graph":[{"@type":"Article","@id":"https:\/\/www.willysplan.com\/ca\/rutes\/ruta-des-del-mirador-del-llac-al-camping-la-noguera#article","isPartOf":{"@id":"https:\/\/www.willysplan.com\/ca\/rutes\/ruta-des-del-mirador-del-llac-al-camping-la-noguera"},"author":{"name":"Guillem Asensio","@id":"https:\/\/www.willysplan.com\/#\/schema\/person\/6f2dbf2215cd25715df085907bd007c1"},"headline":"Ruta des del mirador del Llac al C\u00e0mping la Noguera","datePublished":"2020-07-23T20:23:18+00:00","dateModified":"2023-07-25T03:47:23+00:00","mainEntityOfPage":{"@id":"https:\/\/www.willysplan.com\/ca\/rutes\/ruta-des-del-mirador-del-llac-al-camping-la-noguera"},"wordCount":820,"publisher":{"@id":"https:\/\/www.willysplan.com\/#organization"},"image":{"@id":"https:\/\/www.willysplan.com\/ca\/rutes\/ruta-des-del-mirador-del-llac-al-camping-la-noguera#primaryimage"},"thumbnailUrl":"https:\/\/www.willysplan.com\/wp-content\/uploads\/2021\/01\/11-6.jpg","keywords":["rutes catalunya","rutes lleida prov\u00edncia"],"articleSection":["rutes"],"inLanguage":"ca"},{"@type":"WebPage","@id":"https:\/\/www.willysplan.com\/ca\/rutes\/ruta-des-del-mirador-del-llac-al-camping-la-noguera","url":"https:\/\/www.willysplan.com\/ca\/rutes\/ruta-des-del-mirador-del-llac-al-camping-la-noguera","name":"Ruta Restaurant el mirador del Llac al C\u00e0mping la Noguera - Willy's plan","isPartOf":{"@id":"https:\/\/www.willysplan.com\/#website"},"primaryImageOfPage":{"@id":"https:\/\/www.willysplan.com\/ca\/rutes\/ruta-des-del-mirador-del-llac-al-camping-la-noguera#primaryimage"},"image":{"@id":"https:\/\/www.willysplan.com\/ca\/rutes\/ruta-des-del-mirador-del-llac-al-camping-la-noguera#primaryimage"},"thumbnailUrl":"https:\/\/www.willysplan.com\/wp-content\/uploads\/2021\/01\/11-6.jpg","datePublished":"2020-07-23T20:23:18+00:00","dateModified":"2023-07-25T03:47:23+00:00","description":"Descobreix rutes per fer a Lleida. Visita el Restaurant el mirador del Llac, l'Ermita Mare de D\u00e9u del Castell i el C\u00e0mping la Noguera. \u2705 Entra ara!","inLanguage":"ca","potentialAction":[{"@type":"ReadAction","target":["https:\/\/www.willysplan.com\/ca\/rutes\/ruta-des-del-mirador-del-llac-al-camping-la-noguera"]}]},{"@type":"ImageObject","inLanguage":"ca","@id":"https:\/\/www.willysplan.com\/ca\/rutes\/ruta-des-del-mirador-del-llac-al-camping-la-noguera#primaryimage","url":"https:\/\/www.willysplan.com\/wp-content\/uploads\/2021\/01\/11-6.jpg","contentUrl":"https:\/\/www.willysplan.com\/wp-content\/uploads\/2021\/01\/11-6.jpg","width":1080,"height":820},{"@type":"WebSite","@id":"https:\/\/www.willysplan.com\/#website","url":"https:\/\/www.willysplan.com\/","name":"Willy&#039;s Plan \ud83c\udf43","description":"Escapadas y Planes de fin de semana","publisher":{"@id":"https:\/\/www.willysplan.com\/#organization"},"potentialAction":[{"@type":"SearchAction","target":{"@type":"EntryPoint","urlTemplate":"https:\/\/www.willysplan.com\/?s={search_term_string}"},"query-input":{"@type":"PropertyValueSpecification","valueRequired":true,"valueName":"search_term_string"}}],"inLanguage":"ca"},{"@type":"Organization","@id":"https:\/\/www.willysplan.com\/#organization","name":"Willy&#039;s Plan \ud83c\udf43","url":"https:\/\/www.willysplan.com\/","logo":{"@type":"ImageObject","inLanguage":"ca","@id":"https:\/\/www.willysplan.com\/#\/schema\/logo\/image\/","url":"https:\/\/www.willysplan.com\/wp-content\/uploads\/2020\/04\/cropped-logo-1.png","contentUrl":"https:\/\/www.willysplan.com\/wp-content\/uploads\/2020\/04\/cropped-logo-1.png","width":332,"height":332,"caption":"Willy&#039;s Plan \ud83c\udf43"},"image":{"@id":"https:\/\/www.willysplan.com\/#\/schema\/logo\/image\/"}},{"@type":"Person","@id":"https:\/\/www.willysplan.com\/#\/schema\/person\/6f2dbf2215cd25715df085907bd007c1","name":"Guillem Asensio","image":{"@type":"ImageObject","inLanguage":"ca","@id":"https:\/\/www.willysplan.com\/#\/schema\/person\/image\/","url":"https:\/\/secure.gravatar.com\/avatar\/fd3f69da3e6cd8d451f6be79c127da046757b9a4c273deefb40b1291809cc787?s=96&d=mm&r=g","contentUrl":"https:\/\/secure.gravatar.com\/avatar\/fd3f69da3e6cd8d451f6be79c127da046757b9a4c273deefb40b1291809cc787?s=96&d=mm&r=g","caption":"Guillem Asensio"},"sameAs":["https:\/\/willysplan.com"],"url":"https:\/\/www.willysplan.com\/ca\/author\/willy"}]}},"_links":{"self":[{"href":"https:\/\/www.willysplan.com\/ca\/wp-json\/wp\/v2\/posts\/16239","targetHints":{"allow":["GET"]}}],"collection":[{"href":"https:\/\/www.willysplan.com\/ca\/wp-json\/wp\/v2\/posts"}],"about":[{"href":"https:\/\/www.willysplan.com\/ca\/wp-json\/wp\/v2\/types\/post"}],"author":[{"embeddable":true,"href":"https:\/\/www.willysplan.com\/ca\/wp-json\/wp\/v2\/users\/2"}],"replies":[{"embeddable":true,"href":"https:\/\/www.willysplan.com\/ca\/wp-json\/wp\/v2\/comments?post=16239"}],"version-history":[{"count":7,"href":"https:\/\/www.willysplan.com\/ca\/wp-json\/wp\/v2\/posts\/16239\/revisions"}],"predecessor-version":[{"id":21588,"href":"https:\/\/www.willysplan.com\/ca\/wp-json\/wp\/v2\/posts\/16239\/revisions\/21588"}],"wp:featuredmedia":[{"embeddable":true,"href":"https:\/\/www.willysplan.com\/ca\/wp-json\/wp\/v2\/media\/13937"}],"wp:attachment":[{"href":"https:\/\/www.willysplan.com\/ca\/wp-json\/wp\/v2\/media?parent=16239"}],"wp:term":[{"taxonomy":"category","embeddable":true,"href":"https:\/\/www.willysplan.com\/ca\/wp-json\/wp\/v2\/categories?post=16239"},{"taxonomy":"post_tag","embeddable":true,"href":"https:\/\/www.willysplan.com\/ca\/wp-json\/wp\/v2\/tags?post=16239"}],"curies":[{"name":"wp","href":"https:\/\/api.w.org\/{rel}","templated":true}]}}