{"id":16234,"date":"2020-07-24T17:08:02","date_gmt":"2020-07-24T16:08:02","guid":{"rendered":"https:\/\/willysplan.com\/uncategorized-ca\/ruta-des-del-mirador-del-perer-al-cim-daligues"},"modified":"2023-07-25T04:58:27","modified_gmt":"2023-07-25T03:58:27","slug":"ruta-des-del-mirador-del-perer-al-cim-daligues","status":"publish","type":"post","link":"https:\/\/www.willysplan.com\/ca\/rutes\/ruta-des-del-mirador-del-perer-al-cim-daligues","title":{"rendered":"Ruta des del Mirador del Perer al Cim d&#8217;\u00c0ligues"},"content":{"rendered":"\t\t<div data-elementor-type=\"wp-post\" data-elementor-id=\"16234\" class=\"elementor elementor-16234 elementor-2579\" data-elementor-post-type=\"post\">\n\t\t\t\t\t\t<section class=\"elementor-section elementor-top-section elementor-element elementor-element-f4c69cc elementor-section-boxed elementor-section-height-default elementor-section-height-default\" data-id=\"f4c69cc\" data-element_type=\"section\">\n\t\t\t\t\t\t<div class=\"elementor-container elementor-column-gap-default\">\n\t\t\t\t\t<div class=\"elementor-column elementor-col-50 elementor-top-column elementor-element elementor-element-164a862\" data-id=\"164a862\" data-element_type=\"column\">\n\t\t\t<div class=\"elementor-widget-wrap elementor-element-populated\">\n\t\t\t\t\t\t<div class=\"elementor-element elementor-element-29bc239 elementor-widget elementor-widget-text-editor\" data-id=\"29bc239\" data-element_type=\"widget\" data-widget_type=\"text-editor.default\">\n\t\t\t\t<div class=\"elementor-widget-container\">\n\t\t\t\t\t\t\t\t\t<p>A Willy\u00b4s pla sempre busquem el millor. Per aix\u00f2 hem ideat aquesta <strong>ruta des de<\/strong> <strong>Mirador del Perer<\/strong> <strong>al<\/strong> <strong>Cim d&#8217;\u00c0ligues<\/strong> perqu\u00e8 tingueu moltes m\u00e9s raons i opcions per descobrir Catalunya m\u00e9s enll\u00e0 de fer les t\u00edpiques <a href=\"https:\/\/www.willysplan.com\/ca\/idees\/les-20-millors-coses-a-fer-a-barcelona\">coses a fer a Barcelona capital.<\/a> Coneix tot l&#8217;encant de <strong>Sant Feliu de Codines<\/strong> i deixa&#8217;t seduir una vegada per la m\u00e0gia que envolta el <strong>Vall\u00e8s Oriental.<\/strong><\/p><p>Aquesta excursi\u00f3 <strong>des<\/strong> <strong>del Mirador del Perer<\/strong> <strong>al<\/strong> <strong>Cim d&#8217;\u00c0ligues<\/strong> \u00e9s ideal per prendre&#8217;s un descans i escapar-se en un dia de cap de setmana. Per aix\u00f2 us proposem una fugida que inclou la visita a un mirador al mat\u00ed, un restaurant per anar a dinar (que per cert, es menja de llampec) i finalment una bella actuaci\u00f3 d&#8217;aus voladores sobrevolant els incre\u00efbles paisatges del Vall\u00e8s.<\/p>\t\t\t\t\t\t\t\t<\/div>\n\t\t\t\t<\/div>\n\t\t\t\t\t<\/div>\n\t\t<\/div>\n\t\t\t\t<div class=\"elementor-column elementor-col-50 elementor-top-column elementor-element elementor-element-f0384f5\" data-id=\"f0384f5\" data-element_type=\"column\">\n\t\t\t<div class=\"elementor-widget-wrap elementor-element-populated\">\n\t\t\t\t\t\t<div class=\"elementor-element elementor-element-498d22e elementor-widget elementor-widget-image\" data-id=\"498d22e\" data-element_type=\"widget\" data-widget_type=\"image.default\">\n\t\t\t\t<div class=\"elementor-widget-container\">\n\t\t\t\t\t\t\t\t\t\t\t\t\t\t\t<img fetchpriority=\"high\" decoding=\"async\" width=\"768\" height=\"768\" src=\"https:\/\/www.willysplan.com\/wp-content\/uploads\/2020\/07\/6-71-768x768.jpg\" class=\"attachment-medium_large size-medium_large wp-image-13563\" alt=\"\" srcset=\"https:\/\/www.willysplan.com\/wp-content\/uploads\/2020\/07\/6-71-768x768.jpg 768w, https:\/\/www.willysplan.com\/wp-content\/uploads\/2020\/07\/6-71-300x300.jpg 300w, https:\/\/www.willysplan.com\/wp-content\/uploads\/2020\/07\/6-71-1024x1024.jpg 1024w, https:\/\/www.willysplan.com\/wp-content\/uploads\/2020\/07\/6-71-150x150.jpg 150w, https:\/\/www.willysplan.com\/wp-content\/uploads\/2020\/07\/6-71-480x480.jpg 480w, https:\/\/www.willysplan.com\/wp-content\/uploads\/2020\/07\/6-71-280x280.jpg 280w, https:\/\/www.willysplan.com\/wp-content\/uploads\/2020\/07\/6-71-960x960.jpg 960w, https:\/\/www.willysplan.com\/wp-content\/uploads\/2020\/07\/6-71-400x400.jpg 400w, https:\/\/www.willysplan.com\/wp-content\/uploads\/2020\/07\/6-71-585x585.jpg 585w, https:\/\/www.willysplan.com\/wp-content\/uploads\/2020\/07\/6-71-600x600.jpg 600w, https:\/\/www.willysplan.com\/wp-content\/uploads\/2020\/07\/6-71-100x100.jpg 100w, https:\/\/www.willysplan.com\/wp-content\/uploads\/2020\/07\/6-71.jpg 1080w\" sizes=\"(max-width: 768px) 100vw, 768px\" \/>\t\t\t\t\t\t\t\t\t\t\t\t\t\t\t<\/div>\n\t\t\t\t<\/div>\n\t\t\t\t\t<\/div>\n\t\t<\/div>\n\t\t\t\t\t<\/div>\n\t\t<\/section>\n\t\t\t\t<section class=\"elementor-section elementor-top-section elementor-element elementor-element-671cd3c elementor-section-boxed elementor-section-height-default elementor-section-height-default\" data-id=\"671cd3c\" data-element_type=\"section\">\n\t\t\t\t\t\t<div class=\"elementor-container elementor-column-gap-default\">\n\t\t\t\t\t<div class=\"elementor-column elementor-col-100 elementor-top-column elementor-element elementor-element-eaffc38\" data-id=\"eaffc38\" data-element_type=\"column\">\n\t\t\t<div class=\"elementor-widget-wrap elementor-element-populated\">\n\t\t\t\t\t\t<div class=\"elementor-element elementor-element-ac561a4 elementor-widget elementor-widget-text-editor\" data-id=\"ac561a4\" data-element_type=\"widget\" data-widget_type=\"text-editor.default\">\n\t\t\t\t<div class=\"elementor-widget-container\">\n\t\t\t\t\t\t\t\t\t<p>Comen\u00e7arem el mat\u00ed al singular <strong>Mirador del Perer<\/strong> . Doncs des d&#8217;all\u00e0 ens permet observar les precioses vistes a Sant Miquel del Fai (a la nostra esquerra) i tota la plana del Vall\u00e8s, que s&#8217;allunya davant dels nostres ulls. A uns quants metres d&#8217;aquest lloc (seguint el cam\u00ed cap amunt), arribem al cim d&#8217;aquest mirador on aficionats al parapent aprofiten per gaudir del seu hobbie la major part de l&#8217;any.<\/p>\n<p>Despr\u00e9s d&#8217;haver gaudit de la pau i la tranquil\u00b7litat del mirador, pararem a dinar al <strong>restaurant la Masia<\/strong> , on gaudirem d&#8217;una exquisida oferta culin\u00e0ria t\u00edpica de la gastronomia catalana.<\/p>\n<p> Un cop reposat energia, acabarem amb un espectacle d&#8217;aus voladores al Cim d&#8217;\u00c0ligues, que ens deixaran amb la boca oberta. Per nom\u00e9s 15\u20ac podrem gaudir d&#8217;un espectacle a l&#8217;aire lliure mai abans vist.<\/p>\n\t\t\t\t\t\t\t\t<\/div>\n\t\t\t\t<\/div>\n\t\t\t\t\t<\/div>\n\t\t<\/div>\n\t\t\t\t\t<\/div>\n\t\t<\/section>\n\t\t\t\t<section class=\"elementor-section elementor-top-section elementor-element elementor-element-36fe8d4 elementor-section-boxed elementor-section-height-default elementor-section-height-default\" data-id=\"36fe8d4\" data-element_type=\"section\">\n\t\t\t\t\t\t<div class=\"elementor-container elementor-column-gap-default\">\n\t\t\t\t\t<div class=\"elementor-column elementor-col-100 elementor-top-column elementor-element elementor-element-da527a3\" data-id=\"da527a3\" data-element_type=\"column\">\n\t\t\t<div class=\"elementor-widget-wrap elementor-element-populated\">\n\t\t\t\t\t\t<div class=\"elementor-element elementor-element-005077d elementor-widget elementor-widget-heading\" data-id=\"005077d\" data-element_type=\"widget\" data-widget_type=\"heading.default\">\n\t\t\t\t<div class=\"elementor-widget-container\">\n\t\t\t\t\t<h2 class=\"elementor-heading-title elementor-size-default\">Mirador del Perer<\/h2>\t\t\t\t<\/div>\n\t\t\t\t<\/div>\n\t\t\t\t\t<\/div>\n\t\t<\/div>\n\t\t\t\t\t<\/div>\n\t\t<\/section>\n\t\t\t\t<section class=\"elementor-section elementor-top-section elementor-element elementor-element-39c50f9 elementor-section-boxed elementor-section-height-default elementor-section-height-default\" data-id=\"39c50f9\" data-element_type=\"section\">\n\t\t\t\t\t\t<div class=\"elementor-container elementor-column-gap-default\">\n\t\t\t\t\t<div class=\"elementor-column elementor-col-50 elementor-top-column elementor-element elementor-element-3adfcf7\" data-id=\"3adfcf7\" data-element_type=\"column\">\n\t\t\t<div class=\"elementor-widget-wrap elementor-element-populated\">\n\t\t\t\t\t\t<div class=\"elementor-element elementor-element-4b1d3b8 elementor-widget elementor-widget-image\" data-id=\"4b1d3b8\" data-element_type=\"widget\" data-widget_type=\"image.default\">\n\t\t\t\t<div class=\"elementor-widget-container\">\n\t\t\t\t\t\t\t\t\t\t\t\t\t\t\t<img decoding=\"async\" width=\"768\" height=\"768\" src=\"https:\/\/www.willysplan.com\/wp-content\/uploads\/2020\/07\/7-71-768x768.jpg\" class=\"attachment-medium_large size-medium_large wp-image-13565\" alt=\"\" srcset=\"https:\/\/www.willysplan.com\/wp-content\/uploads\/2020\/07\/7-71-768x768.jpg 768w, https:\/\/www.willysplan.com\/wp-content\/uploads\/2020\/07\/7-71-300x300.jpg 300w, https:\/\/www.willysplan.com\/wp-content\/uploads\/2020\/07\/7-71-1024x1024.jpg 1024w, https:\/\/www.willysplan.com\/wp-content\/uploads\/2020\/07\/7-71-150x150.jpg 150w, https:\/\/www.willysplan.com\/wp-content\/uploads\/2020\/07\/7-71-480x480.jpg 480w, https:\/\/www.willysplan.com\/wp-content\/uploads\/2020\/07\/7-71-280x280.jpg 280w, https:\/\/www.willysplan.com\/wp-content\/uploads\/2020\/07\/7-71-960x960.jpg 960w, https:\/\/www.willysplan.com\/wp-content\/uploads\/2020\/07\/7-71-400x400.jpg 400w, https:\/\/www.willysplan.com\/wp-content\/uploads\/2020\/07\/7-71-585x585.jpg 585w, https:\/\/www.willysplan.com\/wp-content\/uploads\/2020\/07\/7-71-600x600.jpg 600w, https:\/\/www.willysplan.com\/wp-content\/uploads\/2020\/07\/7-71-100x100.jpg 100w, https:\/\/www.willysplan.com\/wp-content\/uploads\/2020\/07\/7-71.jpg 1080w\" sizes=\"(max-width: 768px) 100vw, 768px\" \/>\t\t\t\t\t\t\t\t\t\t\t\t\t\t\t<\/div>\n\t\t\t\t<\/div>\n\t\t\t\t\t<\/div>\n\t\t<\/div>\n\t\t\t\t<div class=\"elementor-column elementor-col-50 elementor-top-column elementor-element elementor-element-df1ea3c\" data-id=\"df1ea3c\" data-element_type=\"column\">\n\t\t\t<div class=\"elementor-widget-wrap elementor-element-populated\">\n\t\t\t\t\t\t<div class=\"elementor-element elementor-element-ed3d3de elementor-widget elementor-widget-image\" data-id=\"ed3d3de\" data-element_type=\"widget\" data-widget_type=\"image.default\">\n\t\t\t\t<div class=\"elementor-widget-container\">\n\t\t\t\t\t\t\t\t\t\t\t\t\t\t\t<img decoding=\"async\" width=\"768\" height=\"768\" src=\"https:\/\/www.willysplan.com\/wp-content\/uploads\/2020\/07\/8-71-768x768.jpg\" class=\"attachment-medium_large size-medium_large wp-image-13567\" alt=\"\" srcset=\"https:\/\/www.willysplan.com\/wp-content\/uploads\/2020\/07\/8-71-768x768.jpg 768w, https:\/\/www.willysplan.com\/wp-content\/uploads\/2020\/07\/8-71-300x300.jpg 300w, https:\/\/www.willysplan.com\/wp-content\/uploads\/2020\/07\/8-71-1024x1024.jpg 1024w, https:\/\/www.willysplan.com\/wp-content\/uploads\/2020\/07\/8-71-150x150.jpg 150w, https:\/\/www.willysplan.com\/wp-content\/uploads\/2020\/07\/8-71-480x480.jpg 480w, https:\/\/www.willysplan.com\/wp-content\/uploads\/2020\/07\/8-71-280x280.jpg 280w, https:\/\/www.willysplan.com\/wp-content\/uploads\/2020\/07\/8-71-960x960.jpg 960w, https:\/\/www.willysplan.com\/wp-content\/uploads\/2020\/07\/8-71-400x400.jpg 400w, https:\/\/www.willysplan.com\/wp-content\/uploads\/2020\/07\/8-71-585x585.jpg 585w, https:\/\/www.willysplan.com\/wp-content\/uploads\/2020\/07\/8-71-600x600.jpg 600w, https:\/\/www.willysplan.com\/wp-content\/uploads\/2020\/07\/8-71-100x100.jpg 100w, https:\/\/www.willysplan.com\/wp-content\/uploads\/2020\/07\/8-71.jpg 1080w\" sizes=\"(max-width: 768px) 100vw, 768px\" \/>\t\t\t\t\t\t\t\t\t\t\t\t\t\t\t<\/div>\n\t\t\t\t<\/div>\n\t\t\t\t\t<\/div>\n\t\t<\/div>\n\t\t\t\t\t<\/div>\n\t\t<\/section>\n\t\t\t\t<section class=\"elementor-section elementor-top-section elementor-element elementor-element-4e88c10 elementor-section-boxed elementor-section-height-default elementor-section-height-default\" data-id=\"4e88c10\" data-element_type=\"section\">\n\t\t\t\t\t\t<div class=\"elementor-container elementor-column-gap-default\">\n\t\t\t\t\t<div class=\"elementor-column elementor-col-100 elementor-top-column elementor-element elementor-element-8ccc3a4\" data-id=\"8ccc3a4\" data-element_type=\"column\">\n\t\t\t<div class=\"elementor-widget-wrap elementor-element-populated\">\n\t\t\t\t\t\t<div class=\"elementor-element elementor-element-39dc59f elementor-widget elementor-widget-text-editor\" data-id=\"39dc59f\" data-element_type=\"widget\" data-widget_type=\"text-editor.default\">\n\t\t\t\t<div class=\"elementor-widget-container\">\n\t\t\t\t\t\t\t\t\t<p>Aquest meravell\u00f3s cingle conegut com el <strong>Mirador del Perer<\/strong> , ens regala unes vistes de 270\u00b0 cap a la <strong>vall del Tena<\/strong> . Si anem m\u00e9s cap a l&#8217;esquerra arribarem a veure l&#8217;altre extrem de les muntanyes. Una vista que fa cap als <strong>cingles de Bert\u00ed<\/strong> i Sant Miquel del Fai.<\/p>\n<p>I per si no ho sabies aquest mass\u00eds t\u00e9 un car\u00e0cter geol\u00f2gic molt important per a la regi\u00f3, les pedres d&#8217;origen mar\u00ed calcari i sedimentari, ens permeten veure f\u00f2ssils d&#8217;animals i roques marines, a m\u00e9s d&#8217;observar una gran majoria de pedres vermelloses i sorrenques, a tot el territori.<\/p>\n<p>Per\u00f2 al que vam venir, a gaudir del paisatge i un gran espectacle d&#8217;aus rapinyaires. Els falcons, les \u00e0guiles silvestres i fins i tot orenetes; es reuneixen justament en aquest lloc per oferir un magn\u00edfic espectacle aeri, robant-se tot el protagonisme.<\/p>\n\t\t\t\t\t\t\t\t<\/div>\n\t\t\t\t<\/div>\n\t\t\t\t\t<\/div>\n\t\t<\/div>\n\t\t\t\t\t<\/div>\n\t\t<\/section>\n\t\t\t\t<section class=\"elementor-section elementor-top-section elementor-element elementor-element-cf26dc9 elementor-section-boxed elementor-section-height-default elementor-section-height-default\" data-id=\"cf26dc9\" data-element_type=\"section\">\n\t\t\t\t\t\t<div class=\"elementor-container elementor-column-gap-default\">\n\t\t\t\t\t<div class=\"elementor-column elementor-col-100 elementor-top-column elementor-element elementor-element-5689fda\" data-id=\"5689fda\" data-element_type=\"column\">\n\t\t\t<div class=\"elementor-widget-wrap elementor-element-populated\">\n\t\t\t\t\t\t<div class=\"elementor-element elementor-element-ec10ffc elementor-widget elementor-widget-heading\" data-id=\"ec10ffc\" data-element_type=\"widget\" data-widget_type=\"heading.default\">\n\t\t\t\t<div class=\"elementor-widget-container\">\n\t\t\t\t\t<h2 class=\"elementor-heading-title elementor-size-default\">Restaurant la Masia de Sant Quirze Safaja<\/h2>\t\t\t\t<\/div>\n\t\t\t\t<\/div>\n\t\t\t\t\t<\/div>\n\t\t<\/div>\n\t\t\t\t\t<\/div>\n\t\t<\/section>\n\t\t\t\t<section class=\"elementor-section elementor-top-section elementor-element elementor-element-9ca4401 elementor-section-boxed elementor-section-height-default elementor-section-height-default\" data-id=\"9ca4401\" data-element_type=\"section\">\n\t\t\t\t\t\t<div class=\"elementor-container elementor-column-gap-default\">\n\t\t\t\t\t<div class=\"elementor-column elementor-col-50 elementor-top-column elementor-element elementor-element-824143d\" data-id=\"824143d\" data-element_type=\"column\">\n\t\t\t<div class=\"elementor-widget-wrap elementor-element-populated\">\n\t\t\t\t\t\t<div class=\"elementor-element elementor-element-14928ac elementor-widget elementor-widget-image\" data-id=\"14928ac\" data-element_type=\"widget\" data-widget_type=\"image.default\">\n\t\t\t\t<div class=\"elementor-widget-container\">\n\t\t\t\t\t\t\t\t\t\t\t\t\t\t\t<img loading=\"lazy\" decoding=\"async\" width=\"768\" height=\"768\" src=\"https:\/\/www.willysplan.com\/wp-content\/uploads\/2020\/07\/9-61-768x768.jpg\" class=\"attachment-medium_large size-medium_large wp-image-13569\" alt=\"\" srcset=\"https:\/\/www.willysplan.com\/wp-content\/uploads\/2020\/07\/9-61-768x768.jpg 768w, https:\/\/www.willysplan.com\/wp-content\/uploads\/2020\/07\/9-61-300x300.jpg 300w, https:\/\/www.willysplan.com\/wp-content\/uploads\/2020\/07\/9-61-1024x1024.jpg 1024w, https:\/\/www.willysplan.com\/wp-content\/uploads\/2020\/07\/9-61-150x150.jpg 150w, https:\/\/www.willysplan.com\/wp-content\/uploads\/2020\/07\/9-61-480x480.jpg 480w, https:\/\/www.willysplan.com\/wp-content\/uploads\/2020\/07\/9-61-280x280.jpg 280w, https:\/\/www.willysplan.com\/wp-content\/uploads\/2020\/07\/9-61-960x960.jpg 960w, https:\/\/www.willysplan.com\/wp-content\/uploads\/2020\/07\/9-61-400x400.jpg 400w, https:\/\/www.willysplan.com\/wp-content\/uploads\/2020\/07\/9-61-585x585.jpg 585w, https:\/\/www.willysplan.com\/wp-content\/uploads\/2020\/07\/9-61-600x600.jpg 600w, https:\/\/www.willysplan.com\/wp-content\/uploads\/2020\/07\/9-61-100x100.jpg 100w, https:\/\/www.willysplan.com\/wp-content\/uploads\/2020\/07\/9-61.jpg 1080w\" sizes=\"(max-width: 768px) 100vw, 768px\" \/>\t\t\t\t\t\t\t\t\t\t\t\t\t\t\t<\/div>\n\t\t\t\t<\/div>\n\t\t\t\t\t<\/div>\n\t\t<\/div>\n\t\t\t\t<div class=\"elementor-column elementor-col-50 elementor-top-column elementor-element elementor-element-5b24e51\" data-id=\"5b24e51\" data-element_type=\"column\">\n\t\t\t<div class=\"elementor-widget-wrap elementor-element-populated\">\n\t\t\t\t\t\t<div class=\"elementor-element elementor-element-e6250d6 elementor-widget elementor-widget-image\" data-id=\"e6250d6\" data-element_type=\"widget\" data-widget_type=\"image.default\">\n\t\t\t\t<div class=\"elementor-widget-container\">\n\t\t\t\t\t\t\t\t\t\t\t\t\t\t\t<img loading=\"lazy\" decoding=\"async\" width=\"768\" height=\"768\" src=\"https:\/\/www.willysplan.com\/wp-content\/uploads\/2020\/07\/10-71-768x768.jpg\" class=\"attachment-medium_large size-medium_large wp-image-13571\" alt=\"\" srcset=\"https:\/\/www.willysplan.com\/wp-content\/uploads\/2020\/07\/10-71-768x768.jpg 768w, https:\/\/www.willysplan.com\/wp-content\/uploads\/2020\/07\/10-71-300x300.jpg 300w, https:\/\/www.willysplan.com\/wp-content\/uploads\/2020\/07\/10-71-1024x1024.jpg 1024w, https:\/\/www.willysplan.com\/wp-content\/uploads\/2020\/07\/10-71-150x150.jpg 150w, https:\/\/www.willysplan.com\/wp-content\/uploads\/2020\/07\/10-71-480x480.jpg 480w, https:\/\/www.willysplan.com\/wp-content\/uploads\/2020\/07\/10-71-280x280.jpg 280w, https:\/\/www.willysplan.com\/wp-content\/uploads\/2020\/07\/10-71-960x960.jpg 960w, https:\/\/www.willysplan.com\/wp-content\/uploads\/2020\/07\/10-71-400x400.jpg 400w, https:\/\/www.willysplan.com\/wp-content\/uploads\/2020\/07\/10-71-585x585.jpg 585w, https:\/\/www.willysplan.com\/wp-content\/uploads\/2020\/07\/10-71-600x600.jpg 600w, https:\/\/www.willysplan.com\/wp-content\/uploads\/2020\/07\/10-71-100x100.jpg 100w, https:\/\/www.willysplan.com\/wp-content\/uploads\/2020\/07\/10-71.jpg 1080w\" sizes=\"(max-width: 768px) 100vw, 768px\" \/>\t\t\t\t\t\t\t\t\t\t\t\t\t\t\t<\/div>\n\t\t\t\t<\/div>\n\t\t\t\t\t<\/div>\n\t\t<\/div>\n\t\t\t\t\t<\/div>\n\t\t<\/section>\n\t\t\t\t<section class=\"elementor-section elementor-top-section elementor-element elementor-element-090337d elementor-section-boxed elementor-section-height-default elementor-section-height-default\" data-id=\"090337d\" data-element_type=\"section\">\n\t\t\t\t\t\t<div class=\"elementor-container elementor-column-gap-default\">\n\t\t\t\t\t<div class=\"elementor-column elementor-col-100 elementor-top-column elementor-element elementor-element-10259a1\" data-id=\"10259a1\" data-element_type=\"column\">\n\t\t\t<div class=\"elementor-widget-wrap elementor-element-populated\">\n\t\t\t\t\t\t<div class=\"elementor-element elementor-element-67842ef elementor-widget elementor-widget-text-editor\" data-id=\"67842ef\" data-element_type=\"widget\" data-widget_type=\"text-editor.default\">\n\t\t\t\t<div class=\"elementor-widget-container\">\n\t\t\t\t\t\t\t\t\t<p>Aquest restaurant \u00e9s un dels m\u00e9s cobejats de la zona. Molts s&#8217;acosten per gaudir de les seves espectaculars carns a la brasa, cal\u00e7otades, i cuina tradicional. Sens dubte un bon lloc per deixar-se seduir pel menjar tradicional catal\u00e0. A m\u00e9s aquest emblem\u00e0tic lloc acull un sense nombre de celebracions de car\u00e0cter social durant tot l&#8217;any, per la qual cosa el converteix en el lloc ideal per planejar qualsevol esdeveniment que desitgeu.<\/p>\n<p>Les seves precioses vistes des dels finestrals donen fins a la terrassa de gespa de fora i envolten amb unes panor\u00e0miques plenes de natura i paisatges incre\u00efbles, aix\u00f2 sens dubte va ser el que m\u00e9s ens va commoure d&#8217;aquest incre\u00efble i per descomptat a Willy&#8217;s pla us ho vol\u00edem compartir .<\/p>\n\t\t\t\t\t\t\t\t<\/div>\n\t\t\t\t<\/div>\n\t\t\t\t\t<\/div>\n\t\t<\/div>\n\t\t\t\t\t<\/div>\n\t\t<\/section>\n\t\t\t\t<section class=\"elementor-section elementor-top-section elementor-element elementor-element-228dd78 elementor-section-boxed elementor-section-height-default elementor-section-height-default\" data-id=\"228dd78\" data-element_type=\"section\">\n\t\t\t\t\t\t<div class=\"elementor-container elementor-column-gap-default\">\n\t\t\t\t\t<div class=\"elementor-column elementor-col-100 elementor-top-column elementor-element elementor-element-6fe37a6\" data-id=\"6fe37a6\" data-element_type=\"column\">\n\t\t\t<div class=\"elementor-widget-wrap elementor-element-populated\">\n\t\t\t\t\t\t<div class=\"elementor-element elementor-element-c9dcbd0 elementor-widget elementor-widget-heading\" data-id=\"c9dcbd0\" data-element_type=\"widget\" data-widget_type=\"heading.default\">\n\t\t\t\t<div class=\"elementor-widget-container\">\n\t\t\t\t\t<h2 class=\"elementor-heading-title elementor-size-default\">Cim d'\u00c0ligues<\/h2>\t\t\t\t<\/div>\n\t\t\t\t<\/div>\n\t\t\t\t\t<\/div>\n\t\t<\/div>\n\t\t\t\t\t<\/div>\n\t\t<\/section>\n\t\t\t\t<section class=\"elementor-section elementor-top-section elementor-element elementor-element-ff2fe61 elementor-section-boxed elementor-section-height-default elementor-section-height-default\" data-id=\"ff2fe61\" data-element_type=\"section\">\n\t\t\t\t\t\t<div class=\"elementor-container elementor-column-gap-default\">\n\t\t\t\t\t<div class=\"elementor-column elementor-col-50 elementor-top-column elementor-element elementor-element-2aedbc8\" data-id=\"2aedbc8\" data-element_type=\"column\">\n\t\t\t<div class=\"elementor-widget-wrap elementor-element-populated\">\n\t\t\t\t\t\t<div class=\"elementor-element elementor-element-d5e8ee0 elementor-widget elementor-widget-image\" data-id=\"d5e8ee0\" data-element_type=\"widget\" data-widget_type=\"image.default\">\n\t\t\t\t<div class=\"elementor-widget-container\">\n\t\t\t\t\t\t\t\t\t\t\t\t\t\t\t<img loading=\"lazy\" decoding=\"async\" width=\"768\" height=\"768\" src=\"https:\/\/www.willysplan.com\/wp-content\/uploads\/2020\/07\/11-721-768x768.jpg\" class=\"attachment-medium_large size-medium_large wp-image-13573\" alt=\"\" srcset=\"https:\/\/www.willysplan.com\/wp-content\/uploads\/2020\/07\/11-721-768x768.jpg 768w, https:\/\/www.willysplan.com\/wp-content\/uploads\/2020\/07\/11-721-300x300.jpg 300w, https:\/\/www.willysplan.com\/wp-content\/uploads\/2020\/07\/11-721-1024x1024.jpg 1024w, https:\/\/www.willysplan.com\/wp-content\/uploads\/2020\/07\/11-721-150x150.jpg 150w, https:\/\/www.willysplan.com\/wp-content\/uploads\/2020\/07\/11-721-480x480.jpg 480w, https:\/\/www.willysplan.com\/wp-content\/uploads\/2020\/07\/11-721-280x280.jpg 280w, https:\/\/www.willysplan.com\/wp-content\/uploads\/2020\/07\/11-721-960x960.jpg 960w, https:\/\/www.willysplan.com\/wp-content\/uploads\/2020\/07\/11-721-400x400.jpg 400w, https:\/\/www.willysplan.com\/wp-content\/uploads\/2020\/07\/11-721-585x585.jpg 585w, https:\/\/www.willysplan.com\/wp-content\/uploads\/2020\/07\/11-721-600x600.jpg 600w, https:\/\/www.willysplan.com\/wp-content\/uploads\/2020\/07\/11-721-100x100.jpg 100w, https:\/\/www.willysplan.com\/wp-content\/uploads\/2020\/07\/11-721.jpg 1080w\" sizes=\"(max-width: 768px) 100vw, 768px\" \/>\t\t\t\t\t\t\t\t\t\t\t\t\t\t\t<\/div>\n\t\t\t\t<\/div>\n\t\t\t\t\t<\/div>\n\t\t<\/div>\n\t\t\t\t<div class=\"elementor-column elementor-col-50 elementor-top-column elementor-element elementor-element-ebf24c2\" data-id=\"ebf24c2\" data-element_type=\"column\">\n\t\t\t<div class=\"elementor-widget-wrap elementor-element-populated\">\n\t\t\t\t\t\t<div class=\"elementor-element elementor-element-060f0c7 elementor-widget elementor-widget-image\" data-id=\"060f0c7\" data-element_type=\"widget\" data-widget_type=\"image.default\">\n\t\t\t\t<div class=\"elementor-widget-container\">\n\t\t\t\t\t\t\t\t\t\t\t\t\t\t\t<img loading=\"lazy\" decoding=\"async\" width=\"768\" height=\"768\" src=\"https:\/\/www.willysplan.com\/wp-content\/uploads\/2020\/07\/12-41-768x768.jpg\" class=\"attachment-medium_large size-medium_large wp-image-13575\" alt=\"\" srcset=\"https:\/\/www.willysplan.com\/wp-content\/uploads\/2020\/07\/12-41-768x768.jpg 768w, https:\/\/www.willysplan.com\/wp-content\/uploads\/2020\/07\/12-41-300x300.jpg 300w, https:\/\/www.willysplan.com\/wp-content\/uploads\/2020\/07\/12-41-1024x1024.jpg 1024w, https:\/\/www.willysplan.com\/wp-content\/uploads\/2020\/07\/12-41-150x150.jpg 150w, https:\/\/www.willysplan.com\/wp-content\/uploads\/2020\/07\/12-41-480x480.jpg 480w, https:\/\/www.willysplan.com\/wp-content\/uploads\/2020\/07\/12-41-280x280.jpg 280w, https:\/\/www.willysplan.com\/wp-content\/uploads\/2020\/07\/12-41-960x960.jpg 960w, https:\/\/www.willysplan.com\/wp-content\/uploads\/2020\/07\/12-41-400x400.jpg 400w, https:\/\/www.willysplan.com\/wp-content\/uploads\/2020\/07\/12-41-585x585.jpg 585w, https:\/\/www.willysplan.com\/wp-content\/uploads\/2020\/07\/12-41-600x600.jpg 600w, https:\/\/www.willysplan.com\/wp-content\/uploads\/2020\/07\/12-41-100x100.jpg 100w, https:\/\/www.willysplan.com\/wp-content\/uploads\/2020\/07\/12-41.jpg 1080w\" sizes=\"(max-width: 768px) 100vw, 768px\" \/>\t\t\t\t\t\t\t\t\t\t\t\t\t\t\t<\/div>\n\t\t\t\t<\/div>\n\t\t\t\t\t<\/div>\n\t\t<\/div>\n\t\t\t\t\t<\/div>\n\t\t<\/section>\n\t\t\t\t<section class=\"elementor-section elementor-top-section elementor-element elementor-element-649f78d elementor-section-boxed elementor-section-height-default elementor-section-height-default\" data-id=\"649f78d\" data-element_type=\"section\">\n\t\t\t\t\t\t<div class=\"elementor-container elementor-column-gap-default\">\n\t\t\t\t\t<div class=\"elementor-column elementor-col-100 elementor-top-column elementor-element elementor-element-bd8f266\" data-id=\"bd8f266\" data-element_type=\"column\">\n\t\t\t<div class=\"elementor-widget-wrap elementor-element-populated\">\n\t\t\t\t\t\t<div class=\"elementor-element elementor-element-6131457 elementor-widget elementor-widget-text-editor\" data-id=\"6131457\" data-element_type=\"widget\" data-widget_type=\"text-editor.default\">\n\t\t\t\t<div class=\"elementor-widget-container\">\n\t\t\t\t\t\t\t\t\t<p>El <strong>Cim d&#8217;\u00c0ligues<\/strong> t\u00e9 com a principal objectiu mostrar la bellesa de les aus que envolten aquest encantador lloc. Aqu\u00ed es desenvolupa un dels espectacles m\u00e9s al\u00b7lucinants que us pugueu imaginar i el m\u00e9s important, pretenen conscienciar els seus visitants, sobre la import\u00e0ncia de preservar els espais naturals i mantenir la conservaci\u00f3 de les esp\u00e8cies.<\/p>\n<p>Per visitar aquest lloc us recomanem visitar el lloc web oficial i consultar els horaris i presentacions, ja que l&#8217;aforament sol estar controlat i limitat per conservar la integritat dels animals i el paratge natural.<\/p>\n<p>Estar al <strong>Cim d&#8217;\u00c0ligues<\/strong> i no quedar-se a veure la posta de sol \u00e9s imperdonable. L&#8217;espectacle no nom\u00e9s est\u00e0 a c\u00e0rrec de les seves aus peculiars, tot l&#8217;encant i la immensitat dels paisatges; tamb\u00e9 es porten part del protagonisme.<\/p>\n\t\t\t\t\t\t\t\t<\/div>\n\t\t\t\t<\/div>\n\t\t\t\t\t<\/div>\n\t\t<\/div>\n\t\t\t\t\t<\/div>\n\t\t<\/section>\n\t\t\t\t<section class=\"elementor-section elementor-top-section elementor-element elementor-element-934cfa6 elementor-section-boxed elementor-section-height-default elementor-section-height-default\" data-id=\"934cfa6\" data-element_type=\"section\">\n\t\t\t\t\t\t<div class=\"elementor-container elementor-column-gap-default\">\n\t\t\t\t\t<div class=\"elementor-column elementor-col-100 elementor-top-column elementor-element elementor-element-6d28942\" data-id=\"6d28942\" data-element_type=\"column\">\n\t\t\t<div class=\"elementor-widget-wrap elementor-element-populated\">\n\t\t\t\t\t\t<div class=\"elementor-element elementor-element-24f2b10 elementor-widget elementor-widget-heading\" data-id=\"24f2b10\" data-element_type=\"widget\" data-widget_type=\"heading.default\">\n\t\t\t\t<div class=\"elementor-widget-container\">\n\t\t\t\t\t<h2 class=\"elementor-heading-title elementor-size-default\">Altres rutes que tamb\u00e9 et poden interessar...<\/h2>\t\t\t\t<\/div>\n\t\t\t\t<\/div>\n\t\t\t\t\t<\/div>\n\t\t<\/div>\n\t\t\t\t\t<\/div>\n\t\t<\/section>\n\t\t\t\t<section class=\"elementor-section elementor-top-section elementor-element elementor-element-b9303aa elementor-section-boxed elementor-section-height-default elementor-section-height-default\" data-id=\"b9303aa\" data-element_type=\"section\">\n\t\t\t\t\t\t<div class=\"elementor-container elementor-column-gap-default\">\n\t\t\t\t\t<div class=\"elementor-column elementor-col-100 elementor-top-column elementor-element elementor-element-4c9811a\" data-id=\"4c9811a\" data-element_type=\"column\">\n\t\t\t<div class=\"elementor-widget-wrap elementor-element-populated\">\n\t\t\t\t\t\t\t<\/div>\n\t\t<\/div>\n\t\t\t\t\t<\/div>\n\t\t<\/section>\n\t\t\t\t<\/div>\n\t\t","protected":false},"excerpt":{"rendered":"<p>A Willy\u00b4s pla sempre busquem el millor. Per aix\u00f2 hem ideat aquesta ruta des de Mirador del Perer al Cim d&#8217;\u00c0ligues perqu\u00e8 tingueu moltes m\u00e9s raons i opcions per descobrir Catalunya m\u00e9s enll\u00e0 de fer les t\u00edpiques coses a fer a Barcelona capital. Coneix tot l&#8217;encant de Sant Feliu de Codines i deixa&#8217;t seduir una&hellip;&nbsp;<a href=\"https:\/\/www.willysplan.com\/ca\/rutes\/ruta-des-del-mirador-del-perer-al-cim-daligues\" rel=\"bookmark\">Llegiu m\u00e9s &raquo;<span class=\"screen-reader-text\">Ruta des del Mirador del Perer al Cim d&#8217;\u00c0ligues<\/span><\/a><\/p>\n","protected":false},"author":2,"featured_media":13561,"comment_status":"closed","ping_status":"closed","sticky":false,"template":"","format":"standard","meta":{"neve_meta_sidebar":"","neve_meta_container":"","neve_meta_enable_content_width":"","neve_meta_content_width":0,"neve_meta_title_alignment":"","neve_meta_author_avatar":"","neve_post_elements_order":"","neve_meta_disable_header":"","neve_meta_disable_footer":"","neve_meta_disable_title":"","_joinchat":[],"footnotes":""},"categories":[323],"tags":[372,360,408,406],"class_list":["post-16234","post","type-post","status-publish","format-standard","has-post-thumbnail","hentry","category-rutes","tag-rutes-barcelona-provincia","tag-rutes-catalunya","tag-rutes-sant-feliu-de-codins","tag-rutes-valls-oriental"],"yoast_head":"<!-- This site is optimized with the Yoast SEO Premium plugin v20.1 (Yoast SEO v26.9) - https:\/\/yoast.com\/product\/yoast-seo-premium-wordpress\/ -->\n<title>Ruta des del Mirador del Perer al Cim d&#039;\u00c0ligues - Willy&#039;s plan<\/title>\n<meta name=\"description\" content=\"Descobreix qu\u00e8 fer al Vall\u00e8s Oriental, Barcelona. Visita el Mirador del Perer, el Restaurant la Masia de Sant Quirze i el Cim d&#039;\u00c0ligues. \u2705 Entra ara!\" \/>\n<meta name=\"robots\" content=\"index, follow, max-snippet:-1, max-image-preview:large, max-video-preview:-1\" \/>\n<link rel=\"canonical\" href=\"https:\/\/willysplan.com\/ca\/rutes\/ruta-des-del-mirador-del-perer-al-cim-daligues\" \/>\n<meta property=\"og:locale\" content=\"ca_ES\" \/>\n<meta property=\"og:type\" content=\"article\" \/>\n<meta property=\"og:title\" content=\"Ruta des del Mirador del Perer al Cim d&#039;\u00c0ligues\" \/>\n<meta property=\"og:description\" content=\"Descobreix qu\u00e8 fer al Vall\u00e8s Oriental, Barcelona. Visita el Mirador del Perer, el Restaurant la Masia de Sant Quirze i el Cim d&#039;\u00c0ligues. \u2705 Entra ara!\" \/>\n<meta property=\"og:url\" content=\"https:\/\/willysplan.com\/ca\/rutes\/ruta-des-del-mirador-del-perer-al-cim-daligues\" \/>\n<meta property=\"og:site_name\" content=\"Willy&#039;s Plan \ud83c\udf43\" \/>\n<meta property=\"article:published_time\" content=\"2020-07-24T16:08:02+00:00\" \/>\n<meta property=\"article:modified_time\" content=\"2023-07-25T03:58:27+00:00\" \/>\n<meta property=\"og:image\" content=\"https:\/\/www.willysplan.com\/wp-content\/uploads\/2020\/07\/mirador-del-perer1.jpg\" \/>\n\t<meta property=\"og:image:width\" content=\"829\" \/>\n\t<meta property=\"og:image:height\" content=\"482\" \/>\n\t<meta property=\"og:image:type\" content=\"image\/jpeg\" \/>\n<meta name=\"author\" content=\"Guillem Asensio\" \/>\n<meta name=\"twitter:card\" content=\"summary_large_image\" \/>\n<meta name=\"twitter:label1\" content=\"Escrit per\" \/>\n\t<meta name=\"twitter:data1\" content=\"Guillem Asensio\" \/>\n\t<meta name=\"twitter:label2\" content=\"Temps estimat de lectura\" \/>\n\t<meta name=\"twitter:data2\" content=\"4 minuts\" \/>\n<script type=\"application\/ld+json\" class=\"yoast-schema-graph\">{\"@context\":\"https:\/\/schema.org\",\"@graph\":[{\"@type\":\"Article\",\"@id\":\"https:\/\/willysplan.com\/ca\/rutes\/ruta-des-del-mirador-del-perer-al-cim-daligues#article\",\"isPartOf\":{\"@id\":\"https:\/\/www.willysplan.com\/ca\/rutes\/ruta-des-del-mirador-del-perer-al-cim-daligues\"},\"author\":{\"name\":\"Guillem Asensio\",\"@id\":\"https:\/\/www.willysplan.com\/#\/schema\/person\/6f2dbf2215cd25715df085907bd007c1\"},\"headline\":\"Ruta des del Mirador del Perer al Cim d&#8217;\u00c0ligues\",\"datePublished\":\"2020-07-24T16:08:02+00:00\",\"dateModified\":\"2023-07-25T03:58:27+00:00\",\"mainEntityOfPage\":{\"@id\":\"https:\/\/www.willysplan.com\/ca\/rutes\/ruta-des-del-mirador-del-perer-al-cim-daligues\"},\"wordCount\":749,\"publisher\":{\"@id\":\"https:\/\/www.willysplan.com\/#organization\"},\"image\":{\"@id\":\"https:\/\/willysplan.com\/ca\/rutes\/ruta-des-del-mirador-del-perer-al-cim-daligues#primaryimage\"},\"thumbnailUrl\":\"https:\/\/www.willysplan.com\/wp-content\/uploads\/2020\/07\/mirador-del-perer1.jpg\",\"keywords\":[\"rutes barcelona prov\u00edncia\",\"rutes catalunya\",\"rutes sant feliu de codins\",\"rutes valls oriental\"],\"articleSection\":[\"rutes\"],\"inLanguage\":\"ca\"},{\"@type\":\"WebPage\",\"@id\":\"https:\/\/www.willysplan.com\/ca\/rutes\/ruta-des-del-mirador-del-perer-al-cim-daligues\",\"url\":\"https:\/\/willysplan.com\/ca\/rutes\/ruta-des-del-mirador-del-perer-al-cim-daligues\",\"name\":\"Ruta des del Mirador del Perer al Cim d'\u00c0ligues - Willy's plan\",\"isPartOf\":{\"@id\":\"https:\/\/www.willysplan.com\/#website\"},\"primaryImageOfPage\":{\"@id\":\"https:\/\/willysplan.com\/ca\/rutes\/ruta-des-del-mirador-del-perer-al-cim-daligues#primaryimage\"},\"image\":{\"@id\":\"https:\/\/willysplan.com\/ca\/rutes\/ruta-des-del-mirador-del-perer-al-cim-daligues#primaryimage\"},\"thumbnailUrl\":\"https:\/\/www.willysplan.com\/wp-content\/uploads\/2020\/07\/mirador-del-perer1.jpg\",\"datePublished\":\"2020-07-24T16:08:02+00:00\",\"dateModified\":\"2023-07-25T03:58:27+00:00\",\"description\":\"Descobreix qu\u00e8 fer al Vall\u00e8s Oriental, Barcelona. Visita el Mirador del Perer, el Restaurant la Masia de Sant Quirze i el Cim d'\u00c0ligues. \u2705 Entra ara!\",\"inLanguage\":\"ca\",\"potentialAction\":[{\"@type\":\"ReadAction\",\"target\":[\"https:\/\/willysplan.com\/ca\/rutes\/ruta-des-del-mirador-del-perer-al-cim-daligues\"]}]},{\"@type\":\"ImageObject\",\"inLanguage\":\"ca\",\"@id\":\"https:\/\/willysplan.com\/ca\/rutes\/ruta-des-del-mirador-del-perer-al-cim-daligues#primaryimage\",\"url\":\"https:\/\/www.willysplan.com\/wp-content\/uploads\/2020\/07\/mirador-del-perer1.jpg\",\"contentUrl\":\"https:\/\/www.willysplan.com\/wp-content\/uploads\/2020\/07\/mirador-del-perer1.jpg\",\"width\":829,\"height\":482},{\"@type\":\"WebSite\",\"@id\":\"https:\/\/www.willysplan.com\/#website\",\"url\":\"https:\/\/www.willysplan.com\/\",\"name\":\"Willy&#039;s Plan \ud83c\udf43\",\"description\":\"Escapadas y Planes de fin de semana\",\"publisher\":{\"@id\":\"https:\/\/www.willysplan.com\/#organization\"},\"potentialAction\":[{\"@type\":\"SearchAction\",\"target\":{\"@type\":\"EntryPoint\",\"urlTemplate\":\"https:\/\/www.willysplan.com\/?s={search_term_string}\"},\"query-input\":{\"@type\":\"PropertyValueSpecification\",\"valueRequired\":true,\"valueName\":\"search_term_string\"}}],\"inLanguage\":\"ca\"},{\"@type\":\"Organization\",\"@id\":\"https:\/\/www.willysplan.com\/#organization\",\"name\":\"Willy&#039;s Plan \ud83c\udf43\",\"url\":\"https:\/\/www.willysplan.com\/\",\"logo\":{\"@type\":\"ImageObject\",\"inLanguage\":\"ca\",\"@id\":\"https:\/\/www.willysplan.com\/#\/schema\/logo\/image\/\",\"url\":\"https:\/\/www.willysplan.com\/wp-content\/uploads\/2020\/04\/cropped-logo-1.png\",\"contentUrl\":\"https:\/\/www.willysplan.com\/wp-content\/uploads\/2020\/04\/cropped-logo-1.png\",\"width\":332,\"height\":332,\"caption\":\"Willy&#039;s Plan \ud83c\udf43\"},\"image\":{\"@id\":\"https:\/\/www.willysplan.com\/#\/schema\/logo\/image\/\"}},{\"@type\":\"Person\",\"@id\":\"https:\/\/www.willysplan.com\/#\/schema\/person\/6f2dbf2215cd25715df085907bd007c1\",\"name\":\"Guillem Asensio\",\"image\":{\"@type\":\"ImageObject\",\"inLanguage\":\"ca\",\"@id\":\"https:\/\/www.willysplan.com\/#\/schema\/person\/image\/\",\"url\":\"https:\/\/secure.gravatar.com\/avatar\/fd3f69da3e6cd8d451f6be79c127da046757b9a4c273deefb40b1291809cc787?s=96&d=mm&r=g\",\"contentUrl\":\"https:\/\/secure.gravatar.com\/avatar\/fd3f69da3e6cd8d451f6be79c127da046757b9a4c273deefb40b1291809cc787?s=96&d=mm&r=g\",\"caption\":\"Guillem Asensio\"},\"sameAs\":[\"https:\/\/willysplan.com\"],\"url\":\"https:\/\/www.willysplan.com\/ca\/author\/willy\"}]}<\/script>\n<!-- \/ Yoast SEO Premium plugin. -->","yoast_head_json":{"title":"Ruta des del Mirador del Perer al Cim d'\u00c0ligues - Willy's plan","description":"Descobreix qu\u00e8 fer al Vall\u00e8s Oriental, Barcelona. Visita el Mirador del Perer, el Restaurant la Masia de Sant Quirze i el Cim d'\u00c0ligues. \u2705 Entra ara!","robots":{"index":"index","follow":"follow","max-snippet":"max-snippet:-1","max-image-preview":"max-image-preview:large","max-video-preview":"max-video-preview:-1"},"canonical":"https:\/\/willysplan.com\/ca\/rutes\/ruta-des-del-mirador-del-perer-al-cim-daligues","og_locale":"ca_ES","og_type":"article","og_title":"Ruta des del Mirador del Perer al Cim d'\u00c0ligues","og_description":"Descobreix qu\u00e8 fer al Vall\u00e8s Oriental, Barcelona. Visita el Mirador del Perer, el Restaurant la Masia de Sant Quirze i el Cim d'\u00c0ligues. \u2705 Entra ara!","og_url":"https:\/\/willysplan.com\/ca\/rutes\/ruta-des-del-mirador-del-perer-al-cim-daligues","og_site_name":"Willy&#039;s Plan \ud83c\udf43","article_published_time":"2020-07-24T16:08:02+00:00","article_modified_time":"2023-07-25T03:58:27+00:00","og_image":[{"width":829,"height":482,"url":"https:\/\/www.willysplan.com\/wp-content\/uploads\/2020\/07\/mirador-del-perer1.jpg","type":"image\/jpeg"}],"author":"Guillem Asensio","twitter_card":"summary_large_image","twitter_misc":{"Escrit per":"Guillem Asensio","Temps estimat de lectura":"4 minuts"},"schema":{"@context":"https:\/\/schema.org","@graph":[{"@type":"Article","@id":"https:\/\/willysplan.com\/ca\/rutes\/ruta-des-del-mirador-del-perer-al-cim-daligues#article","isPartOf":{"@id":"https:\/\/www.willysplan.com\/ca\/rutes\/ruta-des-del-mirador-del-perer-al-cim-daligues"},"author":{"name":"Guillem Asensio","@id":"https:\/\/www.willysplan.com\/#\/schema\/person\/6f2dbf2215cd25715df085907bd007c1"},"headline":"Ruta des del Mirador del Perer al Cim d&#8217;\u00c0ligues","datePublished":"2020-07-24T16:08:02+00:00","dateModified":"2023-07-25T03:58:27+00:00","mainEntityOfPage":{"@id":"https:\/\/www.willysplan.com\/ca\/rutes\/ruta-des-del-mirador-del-perer-al-cim-daligues"},"wordCount":749,"publisher":{"@id":"https:\/\/www.willysplan.com\/#organization"},"image":{"@id":"https:\/\/willysplan.com\/ca\/rutes\/ruta-des-del-mirador-del-perer-al-cim-daligues#primaryimage"},"thumbnailUrl":"https:\/\/www.willysplan.com\/wp-content\/uploads\/2020\/07\/mirador-del-perer1.jpg","keywords":["rutes barcelona prov\u00edncia","rutes catalunya","rutes sant feliu de codins","rutes valls oriental"],"articleSection":["rutes"],"inLanguage":"ca"},{"@type":"WebPage","@id":"https:\/\/www.willysplan.com\/ca\/rutes\/ruta-des-del-mirador-del-perer-al-cim-daligues","url":"https:\/\/willysplan.com\/ca\/rutes\/ruta-des-del-mirador-del-perer-al-cim-daligues","name":"Ruta des del Mirador del Perer al Cim d'\u00c0ligues - Willy's plan","isPartOf":{"@id":"https:\/\/www.willysplan.com\/#website"},"primaryImageOfPage":{"@id":"https:\/\/willysplan.com\/ca\/rutes\/ruta-des-del-mirador-del-perer-al-cim-daligues#primaryimage"},"image":{"@id":"https:\/\/willysplan.com\/ca\/rutes\/ruta-des-del-mirador-del-perer-al-cim-daligues#primaryimage"},"thumbnailUrl":"https:\/\/www.willysplan.com\/wp-content\/uploads\/2020\/07\/mirador-del-perer1.jpg","datePublished":"2020-07-24T16:08:02+00:00","dateModified":"2023-07-25T03:58:27+00:00","description":"Descobreix qu\u00e8 fer al Vall\u00e8s Oriental, Barcelona. Visita el Mirador del Perer, el Restaurant la Masia de Sant Quirze i el Cim d'\u00c0ligues. \u2705 Entra ara!","inLanguage":"ca","potentialAction":[{"@type":"ReadAction","target":["https:\/\/willysplan.com\/ca\/rutes\/ruta-des-del-mirador-del-perer-al-cim-daligues"]}]},{"@type":"ImageObject","inLanguage":"ca","@id":"https:\/\/willysplan.com\/ca\/rutes\/ruta-des-del-mirador-del-perer-al-cim-daligues#primaryimage","url":"https:\/\/www.willysplan.com\/wp-content\/uploads\/2020\/07\/mirador-del-perer1.jpg","contentUrl":"https:\/\/www.willysplan.com\/wp-content\/uploads\/2020\/07\/mirador-del-perer1.jpg","width":829,"height":482},{"@type":"WebSite","@id":"https:\/\/www.willysplan.com\/#website","url":"https:\/\/www.willysplan.com\/","name":"Willy&#039;s Plan \ud83c\udf43","description":"Escapadas y Planes de fin de semana","publisher":{"@id":"https:\/\/www.willysplan.com\/#organization"},"potentialAction":[{"@type":"SearchAction","target":{"@type":"EntryPoint","urlTemplate":"https:\/\/www.willysplan.com\/?s={search_term_string}"},"query-input":{"@type":"PropertyValueSpecification","valueRequired":true,"valueName":"search_term_string"}}],"inLanguage":"ca"},{"@type":"Organization","@id":"https:\/\/www.willysplan.com\/#organization","name":"Willy&#039;s Plan \ud83c\udf43","url":"https:\/\/www.willysplan.com\/","logo":{"@type":"ImageObject","inLanguage":"ca","@id":"https:\/\/www.willysplan.com\/#\/schema\/logo\/image\/","url":"https:\/\/www.willysplan.com\/wp-content\/uploads\/2020\/04\/cropped-logo-1.png","contentUrl":"https:\/\/www.willysplan.com\/wp-content\/uploads\/2020\/04\/cropped-logo-1.png","width":332,"height":332,"caption":"Willy&#039;s Plan \ud83c\udf43"},"image":{"@id":"https:\/\/www.willysplan.com\/#\/schema\/logo\/image\/"}},{"@type":"Person","@id":"https:\/\/www.willysplan.com\/#\/schema\/person\/6f2dbf2215cd25715df085907bd007c1","name":"Guillem Asensio","image":{"@type":"ImageObject","inLanguage":"ca","@id":"https:\/\/www.willysplan.com\/#\/schema\/person\/image\/","url":"https:\/\/secure.gravatar.com\/avatar\/fd3f69da3e6cd8d451f6be79c127da046757b9a4c273deefb40b1291809cc787?s=96&d=mm&r=g","contentUrl":"https:\/\/secure.gravatar.com\/avatar\/fd3f69da3e6cd8d451f6be79c127da046757b9a4c273deefb40b1291809cc787?s=96&d=mm&r=g","caption":"Guillem Asensio"},"sameAs":["https:\/\/willysplan.com"],"url":"https:\/\/www.willysplan.com\/ca\/author\/willy"}]}},"_links":{"self":[{"href":"https:\/\/www.willysplan.com\/ca\/wp-json\/wp\/v2\/posts\/16234","targetHints":{"allow":["GET"]}}],"collection":[{"href":"https:\/\/www.willysplan.com\/ca\/wp-json\/wp\/v2\/posts"}],"about":[{"href":"https:\/\/www.willysplan.com\/ca\/wp-json\/wp\/v2\/types\/post"}],"author":[{"embeddable":true,"href":"https:\/\/www.willysplan.com\/ca\/wp-json\/wp\/v2\/users\/2"}],"replies":[{"embeddable":true,"href":"https:\/\/www.willysplan.com\/ca\/wp-json\/wp\/v2\/comments?post=16234"}],"version-history":[{"count":7,"href":"https:\/\/www.willysplan.com\/ca\/wp-json\/wp\/v2\/posts\/16234\/revisions"}],"predecessor-version":[{"id":21614,"href":"https:\/\/www.willysplan.com\/ca\/wp-json\/wp\/v2\/posts\/16234\/revisions\/21614"}],"wp:featuredmedia":[{"embeddable":true,"href":"https:\/\/www.willysplan.com\/ca\/wp-json\/wp\/v2\/media\/13561"}],"wp:attachment":[{"href":"https:\/\/www.willysplan.com\/ca\/wp-json\/wp\/v2\/media?parent=16234"}],"wp:term":[{"taxonomy":"category","embeddable":true,"href":"https:\/\/www.willysplan.com\/ca\/wp-json\/wp\/v2\/categories?post=16234"},{"taxonomy":"post_tag","embeddable":true,"href":"https:\/\/www.willysplan.com\/ca\/wp-json\/wp\/v2\/tags?post=16234"}],"curies":[{"name":"wp","href":"https:\/\/api.w.org\/{rel}","templated":true}]}}