{"id":16221,"date":"2020-07-22T07:43:47","date_gmt":"2020-07-22T06:43:47","guid":{"rendered":"https:\/\/willysplan.com\/uncategorized-ca\/ruta-des-del-santuari-de-la-fontcalda-a-la-cota-705-punta-alta"},"modified":"2023-01-03T21:38:08","modified_gmt":"2023-01-03T20:38:08","slug":"ruta-des-del-santuari-de-la-fontcalda-a-la-cota-705-punta-alta","status":"publish","type":"post","link":"https:\/\/www.willysplan.com\/ca\/rutes\/ruta-des-del-santuari-de-la-fontcalda-a-la-cota-705-punta-alta","title":{"rendered":"Ruta des del Santuari de la fontcalda a la Cota 705 (Punta Alta)"},"content":{"rendered":"\t\t<div data-elementor-type=\"wp-post\" data-elementor-id=\"16221\" class=\"elementor elementor-16221 elementor-2538\" data-elementor-post-type=\"post\">\n\t\t\t\t\t\t<section class=\"elementor-section elementor-top-section elementor-element elementor-element-f4c69cc elementor-section-boxed elementor-section-height-default elementor-section-height-default\" data-id=\"f4c69cc\" data-element_type=\"section\">\n\t\t\t\t\t\t<div class=\"elementor-container elementor-column-gap-default\">\n\t\t\t\t\t<div class=\"elementor-column elementor-col-50 elementor-top-column elementor-element elementor-element-164a862\" data-id=\"164a862\" data-element_type=\"column\">\n\t\t\t<div class=\"elementor-widget-wrap elementor-element-populated\">\n\t\t\t\t\t\t<div class=\"elementor-element elementor-element-29bc239 elementor-widget elementor-widget-text-editor\" data-id=\"29bc239\" data-element_type=\"widget\" data-widget_type=\"text-editor.default\">\n\t\t\t\t<div class=\"elementor-widget-container\">\n\t\t\t\t\t\t\t\t\t<p><strong>Pinell de Bray<\/strong> fa part de la comarca <strong>Terra Alta<\/strong> . Aquest poble cridaner est\u00e0 situat al cim d&#8217;un tur\u00f3, per la qual cosa des d&#8217;aqu\u00ed s&#8217;albira gran part del territori. A m\u00e9s alberga les serres de Cavallas i P\u00e0ndols i en aquest bell poble tamb\u00e9 corre el riu Canaletes, un dels m\u00e9s importants de <strong>Catalunya<\/strong> .<\/p>\n<p>Cada any aquest municipi rep m\u00e9s aflu\u00e8ncia tur\u00edstica, que es gaudir\u00e0 d\u00b4un gran nombre d\u00b4excursions a l\u00b4aire lliure i que es veu interessada en la hist\u00f2ria i cultura d\u00b4aquest lloc. Sens dubte una molt bona opci\u00f3 <strong>qu\u00e8 veure a<\/strong> <b>Tarragona<\/b> un cap de setmana i que a Willy\u00b4s pla no pod\u00edem deixar passar desapercebut.<\/p>\n\t\t\t\t\t\t\t\t<\/div>\n\t\t\t\t<\/div>\n\t\t\t\t\t<\/div>\n\t\t<\/div>\n\t\t\t\t<div class=\"elementor-column elementor-col-50 elementor-top-column elementor-element elementor-element-f0384f5\" data-id=\"f0384f5\" data-element_type=\"column\">\n\t\t\t<div class=\"elementor-widget-wrap elementor-element-populated\">\n\t\t\t\t\t\t<div class=\"elementor-element elementor-element-498d22e elementor-widget elementor-widget-image\" data-id=\"498d22e\" data-element_type=\"widget\" data-widget_type=\"image.default\">\n\t\t\t\t<div class=\"elementor-widget-container\">\n\t\t\t\t\t\t\t\t\t\t\t\t\t\t\t<img fetchpriority=\"high\" decoding=\"async\" width=\"768\" height=\"576\" src=\"https:\/\/www.willysplan.com\/wp-content\/uploads\/2020\/07\/fontcaldaa1-768x576.jpg\" class=\"attachment-medium_large size-medium_large wp-image-13665\" alt=\"\" srcset=\"https:\/\/www.willysplan.com\/wp-content\/uploads\/2020\/07\/fontcaldaa1-768x576.jpg 768w, https:\/\/www.willysplan.com\/wp-content\/uploads\/2020\/07\/fontcaldaa1-300x225.jpg 300w, https:\/\/www.willysplan.com\/wp-content\/uploads\/2020\/07\/fontcaldaa1-760x570.jpg 760w, https:\/\/www.willysplan.com\/wp-content\/uploads\/2020\/07\/fontcaldaa1-534x400.jpg 534w, https:\/\/www.willysplan.com\/wp-content\/uploads\/2020\/07\/fontcaldaa1-585x439.jpg 585w, https:\/\/www.willysplan.com\/wp-content\/uploads\/2020\/07\/fontcaldaa1-600x450.jpg 600w, https:\/\/www.willysplan.com\/wp-content\/uploads\/2020\/07\/fontcaldaa1.jpg 811w\" sizes=\"(max-width: 768px) 100vw, 768px\" \/>\t\t\t\t\t\t\t\t\t\t\t\t\t\t\t<\/div>\n\t\t\t\t<\/div>\n\t\t\t\t\t<\/div>\n\t\t<\/div>\n\t\t\t\t\t<\/div>\n\t\t<\/section>\n\t\t\t\t<section class=\"elementor-section elementor-top-section elementor-element elementor-element-671cd3c elementor-section-boxed elementor-section-height-default elementor-section-height-default\" data-id=\"671cd3c\" data-element_type=\"section\">\n\t\t\t\t\t\t<div class=\"elementor-container elementor-column-gap-default\">\n\t\t\t\t\t<div class=\"elementor-column elementor-col-100 elementor-top-column elementor-element elementor-element-eaffc38\" data-id=\"eaffc38\" data-element_type=\"column\">\n\t\t\t<div class=\"elementor-widget-wrap elementor-element-populated\">\n\t\t\t\t\t\t<div class=\"elementor-element elementor-element-ac561a4 elementor-widget elementor-widget-text-editor\" data-id=\"ac561a4\" data-element_type=\"widget\" data-widget_type=\"text-editor.default\">\n\t\t\t\t<div class=\"elementor-widget-container\">\n\t\t\t\t\t\t\t\t\t<p>En aquest Willy\u00b4s pla marxem a les Terres de l\u00b4Ebre, a <strong>Tarragona<\/strong> . En aquesta ruta <strong>des de<\/strong> <strong>Santuari fontcalda<\/strong> <strong>a<\/strong> <strong>Cota 705<\/strong> visitarem una zona amb molta hist\u00f2ria, que representa les seq\u00fceles de la guerra civil espanyola i la influ\u00e8ncia hist\u00f2rica que va marcar un abans i un despr\u00e9s per a Catalunya. Us ve de gust fer una ruta local per con\u00e8ixer-ne alguns llocs? Doncs anima&#8217;t que estar\u00e0 fant\u00e0stic.<\/p>\n<p>El <strong>Santuari Fontcalda<\/strong> \u00e9s al costat del fam\u00f3s balneari de la Fontcalda. Tot i que aquesta activitat tur\u00edstica est\u00e0 tancada al p\u00fablic actualment, just al costat, trobem una piscina d&#8217;aigua calenta 100% natural, amb un itinerari encantador al llarg del riu. Aqu\u00ed passarem gran part del mat\u00ed refrescant-nos i recarregant-nos amb una mica de natura.<\/p>\n<p>La segona parada la farem a l&#8217; <strong>Ermita Santa Maria Magdalena<\/strong> . Encara que nom\u00e9s s&#8217;hi pugui accedir eventualment, disposem d&#8217;una zona de p\u00edcnic just al costat amb barbacoes per parar a dinar i fer un descans a la nostra ruta.<\/p>\n<p>Finalment, arribem al mirador de la <strong>Punta Alta<\/strong> (ho trobareu a google maps com &#8220;Monument a la pau&#8221;). All\u00e0 podrem gaudir d\u00b4unes vistes incre\u00efbles, aix\u00ed com reviurem la guerra civil espanyola i la batalla del biber\u00f3. En aquest lloc tamb\u00e9 podem accedir gratu\u00eftament a les 2 coves on els republicans s&#8217;amagaven dels bombardejos franquistes durant la guerra i que encara es troben en molt bon estat.<\/p>\n\t\t\t\t\t\t\t\t<\/div>\n\t\t\t\t<\/div>\n\t\t\t\t\t<\/div>\n\t\t<\/div>\n\t\t\t\t\t<\/div>\n\t\t<\/section>\n\t\t\t\t<section class=\"elementor-section elementor-top-section elementor-element elementor-element-36fe8d4 elementor-section-boxed elementor-section-height-default elementor-section-height-default\" data-id=\"36fe8d4\" data-element_type=\"section\">\n\t\t\t\t\t\t<div class=\"elementor-container elementor-column-gap-default\">\n\t\t\t\t\t<div class=\"elementor-column elementor-col-100 elementor-top-column elementor-element elementor-element-da527a3\" data-id=\"da527a3\" data-element_type=\"column\">\n\t\t\t<div class=\"elementor-widget-wrap elementor-element-populated\">\n\t\t\t\t\t\t<div class=\"elementor-element elementor-element-005077d elementor-widget elementor-widget-heading\" data-id=\"005077d\" data-element_type=\"widget\" data-widget_type=\"heading.default\">\n\t\t\t\t<div class=\"elementor-widget-container\">\n\t\t\t\t\t<h2 class=\"elementor-heading-title elementor-size-default\">Santuari Fontcalda<\/h2>\t\t\t\t<\/div>\n\t\t\t\t<\/div>\n\t\t\t\t\t<\/div>\n\t\t<\/div>\n\t\t\t\t\t<\/div>\n\t\t<\/section>\n\t\t\t\t<section class=\"elementor-section elementor-top-section elementor-element elementor-element-39c50f9 elementor-section-boxed elementor-section-height-default elementor-section-height-default\" data-id=\"39c50f9\" data-element_type=\"section\">\n\t\t\t\t\t\t<div class=\"elementor-container elementor-column-gap-default\">\n\t\t\t\t\t<div class=\"elementor-column elementor-col-50 elementor-top-column elementor-element elementor-element-3adfcf7\" data-id=\"3adfcf7\" data-element_type=\"column\">\n\t\t\t<div class=\"elementor-widget-wrap elementor-element-populated\">\n\t\t\t\t\t\t<div class=\"elementor-element elementor-element-4b1d3b8 elementor-widget elementor-widget-image\" data-id=\"4b1d3b8\" data-element_type=\"widget\" data-widget_type=\"image.default\">\n\t\t\t\t<div class=\"elementor-widget-container\">\n\t\t\t\t\t\t\t\t\t\t\t\t\t\t\t<img decoding=\"async\" width=\"768\" height=\"345\" src=\"https:\/\/www.willysplan.com\/wp-content\/uploads\/2020\/07\/3-1-paint-768x345.jpg\" class=\"attachment-medium_large size-medium_large wp-image-13667\" alt=\"\" srcset=\"https:\/\/www.willysplan.com\/wp-content\/uploads\/2020\/07\/3-1-paint-768x345.jpg 768w, https:\/\/www.willysplan.com\/wp-content\/uploads\/2020\/07\/3-1-paint-300x135.jpg 300w, https:\/\/www.willysplan.com\/wp-content\/uploads\/2020\/07\/3-1-paint-1024x460.jpg 1024w, https:\/\/www.willysplan.com\/wp-content\/uploads\/2020\/07\/3-1-paint-960x431.jpg 960w, https:\/\/www.willysplan.com\/wp-content\/uploads\/2020\/07\/3-1-paint-891x400.jpg 891w, https:\/\/www.willysplan.com\/wp-content\/uploads\/2020\/07\/3-1-paint-585x263.jpg 585w, https:\/\/www.willysplan.com\/wp-content\/uploads\/2020\/07\/3-1-paint-600x270.jpg 600w, https:\/\/www.willysplan.com\/wp-content\/uploads\/2020\/07\/3-1-paint.jpg 1200w\" sizes=\"(max-width: 768px) 100vw, 768px\" \/>\t\t\t\t\t\t\t\t\t\t\t\t\t\t\t<\/div>\n\t\t\t\t<\/div>\n\t\t\t\t\t<\/div>\n\t\t<\/div>\n\t\t\t\t<div class=\"elementor-column elementor-col-50 elementor-top-column elementor-element elementor-element-df1ea3c\" data-id=\"df1ea3c\" data-element_type=\"column\">\n\t\t\t<div class=\"elementor-widget-wrap elementor-element-populated\">\n\t\t\t\t\t\t<div class=\"elementor-element elementor-element-ed3d3de elementor-widget elementor-widget-image\" data-id=\"ed3d3de\" data-element_type=\"widget\" data-widget_type=\"image.default\">\n\t\t\t\t<div class=\"elementor-widget-container\">\n\t\t\t\t\t\t\t\t\t\t\t\t\t\t\t<img decoding=\"async\" width=\"768\" height=\"576\" src=\"https:\/\/www.willysplan.com\/wp-content\/uploads\/2020\/07\/1-paint-768x576.jpg\" class=\"attachment-medium_large size-medium_large wp-image-13669\" alt=\"\" srcset=\"https:\/\/www.willysplan.com\/wp-content\/uploads\/2020\/07\/1-paint-768x576.jpg 768w, https:\/\/www.willysplan.com\/wp-content\/uploads\/2020\/07\/1-paint-300x225.jpg 300w, https:\/\/www.willysplan.com\/wp-content\/uploads\/2020\/07\/1-paint-1024x768.jpg 1024w, https:\/\/www.willysplan.com\/wp-content\/uploads\/2020\/07\/1-paint-760x570.jpg 760w, https:\/\/www.willysplan.com\/wp-content\/uploads\/2020\/07\/1-paint-960x720.jpg 960w, https:\/\/www.willysplan.com\/wp-content\/uploads\/2020\/07\/1-paint-533x400.jpg 533w, https:\/\/www.willysplan.com\/wp-content\/uploads\/2020\/07\/1-paint-585x439.jpg 585w, https:\/\/www.willysplan.com\/wp-content\/uploads\/2020\/07\/1-paint-600x450.jpg 600w, https:\/\/www.willysplan.com\/wp-content\/uploads\/2020\/07\/1-paint.jpg 1200w\" sizes=\"(max-width: 768px) 100vw, 768px\" \/>\t\t\t\t\t\t\t\t\t\t\t\t\t\t\t<\/div>\n\t\t\t\t<\/div>\n\t\t\t\t\t<\/div>\n\t\t<\/div>\n\t\t\t\t\t<\/div>\n\t\t<\/section>\n\t\t\t\t<section class=\"elementor-section elementor-top-section elementor-element elementor-element-4e88c10 elementor-section-boxed elementor-section-height-default elementor-section-height-default\" data-id=\"4e88c10\" data-element_type=\"section\">\n\t\t\t\t\t\t<div class=\"elementor-container elementor-column-gap-default\">\n\t\t\t\t\t<div class=\"elementor-column elementor-col-100 elementor-top-column elementor-element elementor-element-8ccc3a4\" data-id=\"8ccc3a4\" data-element_type=\"column\">\n\t\t\t<div class=\"elementor-widget-wrap elementor-element-populated\">\n\t\t\t\t\t\t<div class=\"elementor-element elementor-element-39dc59f elementor-widget elementor-widget-text-editor\" data-id=\"39dc59f\" data-element_type=\"widget\" data-widget_type=\"text-editor.default\">\n\t\t\t\t<div class=\"elementor-widget-container\">\n\t\t\t\t\t\t\t\t\t<p>Aquesta capella est\u00e0 ubicada en un lloc incre\u00efble de Terra Alta, a prop del balneari de fontcalda i \u00e9s sens dubte un recinte molt important per a les poblacions lim\u00edtrofes.<\/p>\n<p>El <strong>Santuari Fontcalda<\/strong> no est\u00e0 sol. Aquest paratge est\u00e0 format per un conjunt d&#8217;edificacions amb un estil barroc molt modern documentats del segle XIX i que avui acull un centre d&#8217;excursionisme molt important per al turisme de la zona. Encara que la visita al santuari \u00e9s privada, val la pena fer una ullada a les panor\u00e0miques del lloc i deixar-se endur pels bells paisatges que ofereix. Per aix\u00f2 no pod\u00edem passar desapercebut a aquest indret que sens dubte us encantar\u00e0.<\/p>\n\t\t\t\t\t\t\t\t<\/div>\n\t\t\t\t<\/div>\n\t\t\t\t\t<\/div>\n\t\t<\/div>\n\t\t\t\t\t<\/div>\n\t\t<\/section>\n\t\t\t\t<section class=\"elementor-section elementor-top-section elementor-element elementor-element-cf26dc9 elementor-section-boxed elementor-section-height-default elementor-section-height-default\" data-id=\"cf26dc9\" data-element_type=\"section\">\n\t\t\t\t\t\t<div class=\"elementor-container elementor-column-gap-default\">\n\t\t\t\t\t<div class=\"elementor-column elementor-col-100 elementor-top-column elementor-element elementor-element-5689fda\" data-id=\"5689fda\" data-element_type=\"column\">\n\t\t\t<div class=\"elementor-widget-wrap elementor-element-populated\">\n\t\t\t\t\t\t<div class=\"elementor-element elementor-element-ec10ffc elementor-widget elementor-widget-heading\" data-id=\"ec10ffc\" data-element_type=\"widget\" data-widget_type=\"heading.default\">\n\t\t\t\t<div class=\"elementor-widget-container\">\n\t\t\t\t\t<h2 class=\"elementor-heading-title elementor-size-default\">Ermita Santa Maria Magdalena<\/h2>\t\t\t\t<\/div>\n\t\t\t\t<\/div>\n\t\t\t\t\t<\/div>\n\t\t<\/div>\n\t\t\t\t\t<\/div>\n\t\t<\/section>\n\t\t\t\t<section class=\"elementor-section elementor-top-section elementor-element elementor-element-9ca4401 elementor-section-boxed elementor-section-height-default elementor-section-height-default\" data-id=\"9ca4401\" data-element_type=\"section\">\n\t\t\t\t\t\t<div class=\"elementor-container elementor-column-gap-default\">\n\t\t\t\t\t<div class=\"elementor-column elementor-col-50 elementor-top-column elementor-element elementor-element-824143d\" data-id=\"824143d\" data-element_type=\"column\">\n\t\t\t<div class=\"elementor-widget-wrap elementor-element-populated\">\n\t\t\t\t\t\t<div class=\"elementor-element elementor-element-14928ac elementor-widget elementor-widget-image\" data-id=\"14928ac\" data-element_type=\"widget\" data-widget_type=\"image.default\">\n\t\t\t\t<div class=\"elementor-widget-container\">\n\t\t\t\t\t\t\t\t\t\t\t\t\t\t\t<img loading=\"lazy\" decoding=\"async\" width=\"768\" height=\"576\" src=\"https:\/\/www.willysplan.com\/wp-content\/uploads\/2020\/07\/santuari-paint-768x576.jpg\" class=\"attachment-medium_large size-medium_large wp-image-13671\" alt=\"\" srcset=\"https:\/\/www.willysplan.com\/wp-content\/uploads\/2020\/07\/santuari-paint-768x576.jpg 768w, https:\/\/www.willysplan.com\/wp-content\/uploads\/2020\/07\/santuari-paint-300x225.jpg 300w, https:\/\/www.willysplan.com\/wp-content\/uploads\/2020\/07\/santuari-paint-1024x768.jpg 1024w, https:\/\/www.willysplan.com\/wp-content\/uploads\/2020\/07\/santuari-paint-760x570.jpg 760w, https:\/\/www.willysplan.com\/wp-content\/uploads\/2020\/07\/santuari-paint-960x720.jpg 960w, https:\/\/www.willysplan.com\/wp-content\/uploads\/2020\/07\/santuari-paint-533x400.jpg 533w, https:\/\/www.willysplan.com\/wp-content\/uploads\/2020\/07\/santuari-paint-585x439.jpg 585w, https:\/\/www.willysplan.com\/wp-content\/uploads\/2020\/07\/santuari-paint-600x450.jpg 600w, https:\/\/www.willysplan.com\/wp-content\/uploads\/2020\/07\/santuari-paint.jpg 1200w\" sizes=\"(max-width: 768px) 100vw, 768px\" \/>\t\t\t\t\t\t\t\t\t\t\t\t\t\t\t<\/div>\n\t\t\t\t<\/div>\n\t\t\t\t\t<\/div>\n\t\t<\/div>\n\t\t\t\t<div class=\"elementor-column elementor-col-50 elementor-top-column elementor-element elementor-element-5b24e51\" data-id=\"5b24e51\" data-element_type=\"column\">\n\t\t\t<div class=\"elementor-widget-wrap elementor-element-populated\">\n\t\t\t\t\t\t<div class=\"elementor-element elementor-element-e6250d6 elementor-widget elementor-widget-image\" data-id=\"e6250d6\" data-element_type=\"widget\" data-widget_type=\"image.default\">\n\t\t\t\t<div class=\"elementor-widget-container\">\n\t\t\t\t\t\t\t\t\t\t\t\t\t\t\t<img loading=\"lazy\" decoding=\"async\" width=\"768\" height=\"576\" src=\"https:\/\/www.willysplan.com\/wp-content\/uploads\/2020\/07\/11-3-paint-768x576.jpg\" class=\"attachment-medium_large size-medium_large wp-image-13673\" alt=\"\" srcset=\"https:\/\/www.willysplan.com\/wp-content\/uploads\/2020\/07\/11-3-paint-768x576.jpg 768w, https:\/\/www.willysplan.com\/wp-content\/uploads\/2020\/07\/11-3-paint-300x225.jpg 300w, https:\/\/www.willysplan.com\/wp-content\/uploads\/2020\/07\/11-3-paint-1024x768.jpg 1024w, https:\/\/www.willysplan.com\/wp-content\/uploads\/2020\/07\/11-3-paint-760x570.jpg 760w, https:\/\/www.willysplan.com\/wp-content\/uploads\/2020\/07\/11-3-paint-960x720.jpg 960w, https:\/\/www.willysplan.com\/wp-content\/uploads\/2020\/07\/11-3-paint-533x400.jpg 533w, https:\/\/www.willysplan.com\/wp-content\/uploads\/2020\/07\/11-3-paint-585x439.jpg 585w, https:\/\/www.willysplan.com\/wp-content\/uploads\/2020\/07\/11-3-paint-600x450.jpg 600w, https:\/\/www.willysplan.com\/wp-content\/uploads\/2020\/07\/11-3-paint.jpg 1200w\" sizes=\"(max-width: 768px) 100vw, 768px\" \/>\t\t\t\t\t\t\t\t\t\t\t\t\t\t\t<\/div>\n\t\t\t\t<\/div>\n\t\t\t\t\t<\/div>\n\t\t<\/div>\n\t\t\t\t\t<\/div>\n\t\t<\/section>\n\t\t\t\t<section class=\"elementor-section elementor-top-section elementor-element elementor-element-090337d elementor-section-boxed elementor-section-height-default elementor-section-height-default\" data-id=\"090337d\" data-element_type=\"section\">\n\t\t\t\t\t\t<div class=\"elementor-container elementor-column-gap-default\">\n\t\t\t\t\t<div class=\"elementor-column elementor-col-100 elementor-top-column elementor-element elementor-element-10259a1\" data-id=\"10259a1\" data-element_type=\"column\">\n\t\t\t<div class=\"elementor-widget-wrap elementor-element-populated\">\n\t\t\t\t\t\t<div class=\"elementor-element elementor-element-67842ef elementor-widget elementor-widget-text-editor\" data-id=\"67842ef\" data-element_type=\"widget\" data-widget_type=\"text-editor.default\">\n\t\t\t\t<div class=\"elementor-widget-container\">\n\t\t\t\t\t\t\t\t\t<p>L&#8217; <strong>Ermita Santa Maria Magdalena<\/strong> queda al mateix municipi de Terrades i \u00e9s un dels llocs obligats en una visita per aquest indret. Aquesta petita esgl\u00e9sia data del XIV sota el nom de Santa Maria del Cod\u00f3, nom que va rebre de l&#8217;antiga muntanya i va ser fins a la seva reconstruccions al segle XV quan es va tenir m\u00e9s en compte com a santuari del poble.<\/p>\n<p>Avui dia nom\u00e9s podeu veure ru\u00efnes, per\u00f2 aquesta antiga esgl\u00e9sia del rom\u00e0nic encara respira tranquil\u00b7litat i pau al voltant. Pel que \u00e9s un lloc que atrau molts feligresos i turistes a trobar-lo. A m\u00e9s, les vistes s\u00f3n bell\u00edssimes i ens permeten veure gran part del poble. Ideal per prendre&#8217;ns un descans i poder seguir amb la nostra ruta.<\/p>\n\t\t\t\t\t\t\t\t<\/div>\n\t\t\t\t<\/div>\n\t\t\t\t\t<\/div>\n\t\t<\/div>\n\t\t\t\t\t<\/div>\n\t\t<\/section>\n\t\t\t\t<section class=\"elementor-section elementor-top-section elementor-element elementor-element-228dd78 elementor-section-boxed elementor-section-height-default elementor-section-height-default\" data-id=\"228dd78\" data-element_type=\"section\">\n\t\t\t\t\t\t<div class=\"elementor-container elementor-column-gap-default\">\n\t\t\t\t\t<div class=\"elementor-column elementor-col-100 elementor-top-column elementor-element elementor-element-6fe37a6\" data-id=\"6fe37a6\" data-element_type=\"column\">\n\t\t\t<div class=\"elementor-widget-wrap elementor-element-populated\">\n\t\t\t\t\t\t<div class=\"elementor-element elementor-element-c9dcbd0 elementor-widget elementor-widget-heading\" data-id=\"c9dcbd0\" data-element_type=\"widget\" data-widget_type=\"heading.default\">\n\t\t\t\t<div class=\"elementor-widget-container\">\n\t\t\t\t\t<h2 class=\"elementor-heading-title elementor-size-default\">Cota 705, Monument a la Pau o Punta Alta<\/h2>\t\t\t\t<\/div>\n\t\t\t\t<\/div>\n\t\t\t\t\t<\/div>\n\t\t<\/div>\n\t\t\t\t\t<\/div>\n\t\t<\/section>\n\t\t\t\t<section class=\"elementor-section elementor-top-section elementor-element elementor-element-ff2fe61 elementor-section-boxed elementor-section-height-default elementor-section-height-default\" data-id=\"ff2fe61\" data-element_type=\"section\">\n\t\t\t\t\t\t<div class=\"elementor-container elementor-column-gap-default\">\n\t\t\t\t\t<div class=\"elementor-column elementor-col-50 elementor-top-column elementor-element elementor-element-2aedbc8\" data-id=\"2aedbc8\" data-element_type=\"column\">\n\t\t\t<div class=\"elementor-widget-wrap elementor-element-populated\">\n\t\t\t\t\t\t<div class=\"elementor-element elementor-element-d5e8ee0 elementor-widget elementor-widget-image\" data-id=\"d5e8ee0\" data-element_type=\"widget\" data-widget_type=\"image.default\">\n\t\t\t\t<div class=\"elementor-widget-container\">\n\t\t\t\t\t\t\t\t\t\t\t\t\t\t\t<img loading=\"lazy\" decoding=\"async\" width=\"768\" height=\"576\" src=\"https:\/\/www.willysplan.com\/wp-content\/uploads\/2020\/07\/monumentu-a-la-paz1-768x576.jpg\" class=\"attachment-medium_large size-medium_large wp-image-13675\" alt=\"\" srcset=\"https:\/\/www.willysplan.com\/wp-content\/uploads\/2020\/07\/monumentu-a-la-paz1-768x576.jpg 768w, https:\/\/www.willysplan.com\/wp-content\/uploads\/2020\/07\/monumentu-a-la-paz1-300x225.jpg 300w, https:\/\/www.willysplan.com\/wp-content\/uploads\/2020\/07\/monumentu-a-la-paz1-760x570.jpg 760w, https:\/\/www.willysplan.com\/wp-content\/uploads\/2020\/07\/monumentu-a-la-paz1-534x400.jpg 534w, https:\/\/www.willysplan.com\/wp-content\/uploads\/2020\/07\/monumentu-a-la-paz1-585x439.jpg 585w, https:\/\/www.willysplan.com\/wp-content\/uploads\/2020\/07\/monumentu-a-la-paz1-600x450.jpg 600w, https:\/\/www.willysplan.com\/wp-content\/uploads\/2020\/07\/monumentu-a-la-paz1.jpg 811w\" sizes=\"(max-width: 768px) 100vw, 768px\" \/>\t\t\t\t\t\t\t\t\t\t\t\t\t\t\t<\/div>\n\t\t\t\t<\/div>\n\t\t\t\t\t<\/div>\n\t\t<\/div>\n\t\t\t\t<div class=\"elementor-column elementor-col-50 elementor-top-column elementor-element elementor-element-ebf24c2\" data-id=\"ebf24c2\" data-element_type=\"column\">\n\t\t\t<div class=\"elementor-widget-wrap elementor-element-populated\">\n\t\t\t\t\t\t<div class=\"elementor-element elementor-element-060f0c7 elementor-widget elementor-widget-image\" data-id=\"060f0c7\" data-element_type=\"widget\" data-widget_type=\"image.default\">\n\t\t\t\t<div class=\"elementor-widget-container\">\n\t\t\t\t\t\t\t\t\t\t\t\t\t\t\t<img loading=\"lazy\" decoding=\"async\" width=\"768\" height=\"576\" src=\"https:\/\/www.willysplan.com\/wp-content\/uploads\/2020\/07\/cuevas-paint-768x576.jpg\" class=\"attachment-medium_large size-medium_large wp-image-13677\" alt=\"\" srcset=\"https:\/\/www.willysplan.com\/wp-content\/uploads\/2020\/07\/cuevas-paint-768x576.jpg 768w, https:\/\/www.willysplan.com\/wp-content\/uploads\/2020\/07\/cuevas-paint-300x225.jpg 300w, https:\/\/www.willysplan.com\/wp-content\/uploads\/2020\/07\/cuevas-paint-1024x768.jpg 1024w, https:\/\/www.willysplan.com\/wp-content\/uploads\/2020\/07\/cuevas-paint-760x570.jpg 760w, https:\/\/www.willysplan.com\/wp-content\/uploads\/2020\/07\/cuevas-paint-960x720.jpg 960w, https:\/\/www.willysplan.com\/wp-content\/uploads\/2020\/07\/cuevas-paint-533x400.jpg 533w, https:\/\/www.willysplan.com\/wp-content\/uploads\/2020\/07\/cuevas-paint-585x439.jpg 585w, https:\/\/www.willysplan.com\/wp-content\/uploads\/2020\/07\/cuevas-paint-600x450.jpg 600w, https:\/\/www.willysplan.com\/wp-content\/uploads\/2020\/07\/cuevas-paint.jpg 1200w\" sizes=\"(max-width: 768px) 100vw, 768px\" \/>\t\t\t\t\t\t\t\t\t\t\t\t\t\t\t<\/div>\n\t\t\t\t<\/div>\n\t\t\t\t\t<\/div>\n\t\t<\/div>\n\t\t\t\t\t<\/div>\n\t\t<\/section>\n\t\t\t\t<section class=\"elementor-section elementor-top-section elementor-element elementor-element-649f78d elementor-section-boxed elementor-section-height-default elementor-section-height-default\" data-id=\"649f78d\" data-element_type=\"section\">\n\t\t\t\t\t\t<div class=\"elementor-container elementor-column-gap-default\">\n\t\t\t\t\t<div class=\"elementor-column elementor-col-100 elementor-top-column elementor-element elementor-element-bd8f266\" data-id=\"bd8f266\" data-element_type=\"column\">\n\t\t\t<div class=\"elementor-widget-wrap elementor-element-populated\">\n\t\t\t\t\t\t<div class=\"elementor-element elementor-element-6131457 elementor-widget elementor-widget-text-editor\" data-id=\"6131457\" data-element_type=\"widget\" data-widget_type=\"text-editor.default\">\n\t\t\t\t<div class=\"elementor-widget-container\">\n\t\t\t\t\t\t\t\t\t<p>I per \u00faltim per\u00f2 no menys important, arribem a <strong>Punta Alta.<\/strong> Segons el diari de guerra, aquest lloc acull les restes del que va ser una gran lluita durant la guerra civil espanyola. No nom\u00e9s representa la hist\u00f2ria que marca un abans i un despr\u00e9s per a tot un pa\u00eds, sin\u00f3 que \u00e9s un monument a la pau que fa rever\u00e8ncia a tots els soldats i patriotes que van lluitar per un clarejar.<\/p>\n<p>Un lloc que va servir com a refugi per a molts soldats i que ara com ara \u00e9s un obligat de visitar si est\u00e0s a prop de <strong>Terrades.<\/strong> A m\u00e9s no podeu anar-vos sense veure les vistes d&#8217;aquest lloc i fer-vos una bona fotografia per al record. Sens dubte un lloc que quedar marcat per sempre al cor de Catalunya.<\/p>\n\t\t\t\t\t\t\t\t<\/div>\n\t\t\t\t<\/div>\n\t\t\t\t\t<\/div>\n\t\t<\/div>\n\t\t\t\t\t<\/div>\n\t\t<\/section>\n\t\t\t\t<section class=\"elementor-section elementor-top-section elementor-element elementor-element-934cfa6 elementor-section-boxed elementor-section-height-default elementor-section-height-default\" data-id=\"934cfa6\" data-element_type=\"section\">\n\t\t\t\t\t\t<div class=\"elementor-container elementor-column-gap-default\">\n\t\t\t\t\t<div class=\"elementor-column elementor-col-100 elementor-top-column elementor-element elementor-element-6d28942\" data-id=\"6d28942\" data-element_type=\"column\">\n\t\t\t<div class=\"elementor-widget-wrap elementor-element-populated\">\n\t\t\t\t\t\t<div class=\"elementor-element elementor-element-24f2b10 elementor-widget elementor-widget-heading\" data-id=\"24f2b10\" data-element_type=\"widget\" data-widget_type=\"heading.default\">\n\t\t\t\t<div class=\"elementor-widget-container\">\n\t\t\t\t\t<h2 class=\"elementor-heading-title elementor-size-default\">Altres rutes que tamb\u00e9 et poden interessar...<\/h2>\t\t\t\t<\/div>\n\t\t\t\t<\/div>\n\t\t\t\t\t<\/div>\n\t\t<\/div>\n\t\t\t\t\t<\/div>\n\t\t<\/section>\n\t\t\t\t<section class=\"elementor-section elementor-top-section elementor-element elementor-element-b9303aa elementor-section-boxed elementor-section-height-default elementor-section-height-default\" data-id=\"b9303aa\" data-element_type=\"section\">\n\t\t\t\t\t\t<div class=\"elementor-container elementor-column-gap-default\">\n\t\t\t\t\t<div class=\"elementor-column elementor-col-100 elementor-top-column elementor-element elementor-element-4c9811a\" data-id=\"4c9811a\" data-element_type=\"column\">\n\t\t\t<div class=\"elementor-widget-wrap elementor-element-populated\">\n\t\t\t\t\t\t\t<\/div>\n\t\t<\/div>\n\t\t\t\t\t<\/div>\n\t\t<\/section>\n\t\t\t\t<\/div>\n\t\t","protected":false},"excerpt":{"rendered":"<p>Pinell de Bray fa part de la comarca Terra Alta . Aquest poble cridaner est\u00e0 situat al cim d&#8217;un tur\u00f3, per la qual cosa des d&#8217;aqu\u00ed s&#8217;albira gran part del territori. A m\u00e9s alberga les serres de Cavallas i P\u00e0ndols i en aquest bell poble tamb\u00e9 corre el riu Canaletes, un dels m\u00e9s importants de&hellip;&nbsp;<a href=\"https:\/\/www.willysplan.com\/ca\/rutes\/ruta-des-del-santuari-de-la-fontcalda-a-la-cota-705-punta-alta\" rel=\"bookmark\">Llegiu m\u00e9s &raquo;<span class=\"screen-reader-text\">Ruta des del Santuari de la fontcalda a la Cota 705 (Punta Alta)<\/span><\/a><\/p>\n","protected":false},"author":2,"featured_media":13663,"comment_status":"closed","ping_status":"closed","sticky":false,"template":"","format":"standard","meta":{"neve_meta_sidebar":"","neve_meta_container":"","neve_meta_enable_content_width":"","neve_meta_content_width":0,"neve_meta_title_alignment":"","neve_meta_author_avatar":"","neve_post_elements_order":"","neve_meta_disable_header":"","neve_meta_disable_footer":"","neve_meta_disable_title":"","_joinchat":[],"footnotes":""},"categories":[323],"tags":[360,458],"class_list":["post-16221","post","type-post","status-publish","format-standard","has-post-thumbnail","hentry","category-rutes","tag-rutes-catalunya","tag-rutes-tarragona-provincia"],"yoast_head":"<!-- This site is optimized with the Yoast SEO Premium plugin v20.1 (Yoast SEO v26.9) - https:\/\/yoast.com\/product\/yoast-seo-premium-wordpress\/ -->\n<title>Ruta des del Santuari de la Fontcalda a la Cota 705 - Willy&#039;s Plan<\/title>\n<meta name=\"description\" content=\"Descobreix una de les millors rutes a fer a la Serra de P\u00e0ndols, Tarragona. Visita el Santuari Fontcalda, Ermita Magdalena i la Cota 705. \u2705 Entra ara!\" \/>\n<meta name=\"robots\" content=\"index, follow, max-snippet:-1, max-image-preview:large, max-video-preview:-1\" \/>\n<link rel=\"canonical\" href=\"https:\/\/www.willysplan.com\/ca\/rutes\/ruta-des-del-santuari-de-la-fontcalda-a-la-cota-705-punta-alta\" \/>\n<meta property=\"og:locale\" content=\"ca_ES\" \/>\n<meta property=\"og:type\" content=\"article\" \/>\n<meta property=\"og:title\" content=\"Ruta des del Santuari de la fontcalda a la Cota 705 (Punta Alta)\" \/>\n<meta property=\"og:description\" content=\"Descobreix una de les millors rutes a fer a la Serra de P\u00e0ndols, Tarragona. Visita el Santuari Fontcalda, Ermita Magdalena i la Cota 705. \u2705 Entra ara!\" \/>\n<meta property=\"og:url\" content=\"https:\/\/www.willysplan.com\/ca\/rutes\/ruta-des-del-santuari-de-la-fontcalda-a-la-cota-705-punta-alta\" \/>\n<meta property=\"og:site_name\" content=\"Willy&#039;s Plan \ud83c\udf43\" \/>\n<meta property=\"article:published_time\" content=\"2020-07-22T06:43:47+00:00\" \/>\n<meta property=\"article:modified_time\" content=\"2023-01-03T20:38:08+00:00\" \/>\n<meta property=\"og:image\" content=\"https:\/\/www.willysplan.com\/wp-content\/uploads\/2020\/07\/monumento-a-la-paz1.jpg\" \/>\n\t<meta property=\"og:image:width\" content=\"876\" \/>\n\t<meta property=\"og:image:height\" content=\"657\" \/>\n\t<meta property=\"og:image:type\" content=\"image\/jpeg\" \/>\n<meta name=\"author\" content=\"Guillem Asensio\" \/>\n<meta name=\"twitter:card\" content=\"summary_large_image\" \/>\n<meta name=\"twitter:label1\" content=\"Escrit per\" \/>\n\t<meta name=\"twitter:data1\" content=\"Guillem Asensio\" \/>\n\t<meta name=\"twitter:label2\" content=\"Temps estimat de lectura\" \/>\n\t<meta name=\"twitter:data2\" content=\"4 minuts\" \/>\n<script type=\"application\/ld+json\" class=\"yoast-schema-graph\">{\"@context\":\"https:\/\/schema.org\",\"@graph\":[{\"@type\":\"Article\",\"@id\":\"https:\/\/www.willysplan.com\/ca\/rutes\/ruta-des-del-santuari-de-la-fontcalda-a-la-cota-705-punta-alta#article\",\"isPartOf\":{\"@id\":\"https:\/\/www.willysplan.com\/ca\/rutes\/ruta-des-del-santuari-de-la-fontcalda-a-la-cota-705-punta-alta\"},\"author\":{\"name\":\"Guillem Asensio\",\"@id\":\"https:\/\/www.willysplan.com\/#\/schema\/person\/6f2dbf2215cd25715df085907bd007c1\"},\"headline\":\"Ruta des del Santuari de la fontcalda a la Cota 705 (Punta Alta)\",\"datePublished\":\"2020-07-22T06:43:47+00:00\",\"dateModified\":\"2023-01-03T20:38:08+00:00\",\"mainEntityOfPage\":{\"@id\":\"https:\/\/www.willysplan.com\/ca\/rutes\/ruta-des-del-santuari-de-la-fontcalda-a-la-cota-705-punta-alta\"},\"wordCount\":801,\"publisher\":{\"@id\":\"https:\/\/www.willysplan.com\/#organization\"},\"image\":{\"@id\":\"https:\/\/www.willysplan.com\/ca\/rutes\/ruta-des-del-santuari-de-la-fontcalda-a-la-cota-705-punta-alta#primaryimage\"},\"thumbnailUrl\":\"https:\/\/www.willysplan.com\/wp-content\/uploads\/2020\/07\/monumento-a-la-paz1.jpg\",\"keywords\":[\"rutes catalunya\",\"rutes tarragona prov\u00edncia\"],\"articleSection\":[\"rutes\"],\"inLanguage\":\"ca\"},{\"@type\":\"WebPage\",\"@id\":\"https:\/\/www.willysplan.com\/ca\/rutes\/ruta-des-del-santuari-de-la-fontcalda-a-la-cota-705-punta-alta\",\"url\":\"https:\/\/www.willysplan.com\/ca\/rutes\/ruta-des-del-santuari-de-la-fontcalda-a-la-cota-705-punta-alta\",\"name\":\"Ruta des del Santuari de la Fontcalda a la Cota 705 - Willy's Plan\",\"isPartOf\":{\"@id\":\"https:\/\/www.willysplan.com\/#website\"},\"primaryImageOfPage\":{\"@id\":\"https:\/\/www.willysplan.com\/ca\/rutes\/ruta-des-del-santuari-de-la-fontcalda-a-la-cota-705-punta-alta#primaryimage\"},\"image\":{\"@id\":\"https:\/\/www.willysplan.com\/ca\/rutes\/ruta-des-del-santuari-de-la-fontcalda-a-la-cota-705-punta-alta#primaryimage\"},\"thumbnailUrl\":\"https:\/\/www.willysplan.com\/wp-content\/uploads\/2020\/07\/monumento-a-la-paz1.jpg\",\"datePublished\":\"2020-07-22T06:43:47+00:00\",\"dateModified\":\"2023-01-03T20:38:08+00:00\",\"description\":\"Descobreix una de les millors rutes a fer a la Serra de P\u00e0ndols, Tarragona. Visita el Santuari Fontcalda, Ermita Magdalena i la Cota 705. \u2705 Entra ara!\",\"inLanguage\":\"ca\",\"potentialAction\":[{\"@type\":\"ReadAction\",\"target\":[\"https:\/\/www.willysplan.com\/ca\/rutes\/ruta-des-del-santuari-de-la-fontcalda-a-la-cota-705-punta-alta\"]}]},{\"@type\":\"ImageObject\",\"inLanguage\":\"ca\",\"@id\":\"https:\/\/www.willysplan.com\/ca\/rutes\/ruta-des-del-santuari-de-la-fontcalda-a-la-cota-705-punta-alta#primaryimage\",\"url\":\"https:\/\/www.willysplan.com\/wp-content\/uploads\/2020\/07\/monumento-a-la-paz1.jpg\",\"contentUrl\":\"https:\/\/www.willysplan.com\/wp-content\/uploads\/2020\/07\/monumento-a-la-paz1.jpg\",\"width\":876,\"height\":657},{\"@type\":\"WebSite\",\"@id\":\"https:\/\/www.willysplan.com\/#website\",\"url\":\"https:\/\/www.willysplan.com\/\",\"name\":\"Willy&#039;s Plan \ud83c\udf43\",\"description\":\"Escapadas y Planes de fin de semana\",\"publisher\":{\"@id\":\"https:\/\/www.willysplan.com\/#organization\"},\"potentialAction\":[{\"@type\":\"SearchAction\",\"target\":{\"@type\":\"EntryPoint\",\"urlTemplate\":\"https:\/\/www.willysplan.com\/?s={search_term_string}\"},\"query-input\":{\"@type\":\"PropertyValueSpecification\",\"valueRequired\":true,\"valueName\":\"search_term_string\"}}],\"inLanguage\":\"ca\"},{\"@type\":\"Organization\",\"@id\":\"https:\/\/www.willysplan.com\/#organization\",\"name\":\"Willy&#039;s Plan \ud83c\udf43\",\"url\":\"https:\/\/www.willysplan.com\/\",\"logo\":{\"@type\":\"ImageObject\",\"inLanguage\":\"ca\",\"@id\":\"https:\/\/www.willysplan.com\/#\/schema\/logo\/image\/\",\"url\":\"https:\/\/www.willysplan.com\/wp-content\/uploads\/2020\/04\/cropped-logo-1.png\",\"contentUrl\":\"https:\/\/www.willysplan.com\/wp-content\/uploads\/2020\/04\/cropped-logo-1.png\",\"width\":332,\"height\":332,\"caption\":\"Willy&#039;s Plan \ud83c\udf43\"},\"image\":{\"@id\":\"https:\/\/www.willysplan.com\/#\/schema\/logo\/image\/\"}},{\"@type\":\"Person\",\"@id\":\"https:\/\/www.willysplan.com\/#\/schema\/person\/6f2dbf2215cd25715df085907bd007c1\",\"name\":\"Guillem Asensio\",\"image\":{\"@type\":\"ImageObject\",\"inLanguage\":\"ca\",\"@id\":\"https:\/\/www.willysplan.com\/#\/schema\/person\/image\/\",\"url\":\"https:\/\/secure.gravatar.com\/avatar\/fd3f69da3e6cd8d451f6be79c127da046757b9a4c273deefb40b1291809cc787?s=96&d=mm&r=g\",\"contentUrl\":\"https:\/\/secure.gravatar.com\/avatar\/fd3f69da3e6cd8d451f6be79c127da046757b9a4c273deefb40b1291809cc787?s=96&d=mm&r=g\",\"caption\":\"Guillem Asensio\"},\"sameAs\":[\"https:\/\/willysplan.com\"],\"url\":\"https:\/\/www.willysplan.com\/ca\/author\/willy\"}]}<\/script>\n<!-- \/ Yoast SEO Premium plugin. -->","yoast_head_json":{"title":"Ruta des del Santuari de la Fontcalda a la Cota 705 - Willy's Plan","description":"Descobreix una de les millors rutes a fer a la Serra de P\u00e0ndols, Tarragona. Visita el Santuari Fontcalda, Ermita Magdalena i la Cota 705. \u2705 Entra ara!","robots":{"index":"index","follow":"follow","max-snippet":"max-snippet:-1","max-image-preview":"max-image-preview:large","max-video-preview":"max-video-preview:-1"},"canonical":"https:\/\/www.willysplan.com\/ca\/rutes\/ruta-des-del-santuari-de-la-fontcalda-a-la-cota-705-punta-alta","og_locale":"ca_ES","og_type":"article","og_title":"Ruta des del Santuari de la fontcalda a la Cota 705 (Punta Alta)","og_description":"Descobreix una de les millors rutes a fer a la Serra de P\u00e0ndols, Tarragona. Visita el Santuari Fontcalda, Ermita Magdalena i la Cota 705. \u2705 Entra ara!","og_url":"https:\/\/www.willysplan.com\/ca\/rutes\/ruta-des-del-santuari-de-la-fontcalda-a-la-cota-705-punta-alta","og_site_name":"Willy&#039;s Plan \ud83c\udf43","article_published_time":"2020-07-22T06:43:47+00:00","article_modified_time":"2023-01-03T20:38:08+00:00","og_image":[{"width":876,"height":657,"url":"https:\/\/www.willysplan.com\/wp-content\/uploads\/2020\/07\/monumento-a-la-paz1.jpg","type":"image\/jpeg"}],"author":"Guillem Asensio","twitter_card":"summary_large_image","twitter_misc":{"Escrit per":"Guillem Asensio","Temps estimat de lectura":"4 minuts"},"schema":{"@context":"https:\/\/schema.org","@graph":[{"@type":"Article","@id":"https:\/\/www.willysplan.com\/ca\/rutes\/ruta-des-del-santuari-de-la-fontcalda-a-la-cota-705-punta-alta#article","isPartOf":{"@id":"https:\/\/www.willysplan.com\/ca\/rutes\/ruta-des-del-santuari-de-la-fontcalda-a-la-cota-705-punta-alta"},"author":{"name":"Guillem Asensio","@id":"https:\/\/www.willysplan.com\/#\/schema\/person\/6f2dbf2215cd25715df085907bd007c1"},"headline":"Ruta des del Santuari de la fontcalda a la Cota 705 (Punta Alta)","datePublished":"2020-07-22T06:43:47+00:00","dateModified":"2023-01-03T20:38:08+00:00","mainEntityOfPage":{"@id":"https:\/\/www.willysplan.com\/ca\/rutes\/ruta-des-del-santuari-de-la-fontcalda-a-la-cota-705-punta-alta"},"wordCount":801,"publisher":{"@id":"https:\/\/www.willysplan.com\/#organization"},"image":{"@id":"https:\/\/www.willysplan.com\/ca\/rutes\/ruta-des-del-santuari-de-la-fontcalda-a-la-cota-705-punta-alta#primaryimage"},"thumbnailUrl":"https:\/\/www.willysplan.com\/wp-content\/uploads\/2020\/07\/monumento-a-la-paz1.jpg","keywords":["rutes catalunya","rutes tarragona prov\u00edncia"],"articleSection":["rutes"],"inLanguage":"ca"},{"@type":"WebPage","@id":"https:\/\/www.willysplan.com\/ca\/rutes\/ruta-des-del-santuari-de-la-fontcalda-a-la-cota-705-punta-alta","url":"https:\/\/www.willysplan.com\/ca\/rutes\/ruta-des-del-santuari-de-la-fontcalda-a-la-cota-705-punta-alta","name":"Ruta des del Santuari de la Fontcalda a la Cota 705 - Willy's Plan","isPartOf":{"@id":"https:\/\/www.willysplan.com\/#website"},"primaryImageOfPage":{"@id":"https:\/\/www.willysplan.com\/ca\/rutes\/ruta-des-del-santuari-de-la-fontcalda-a-la-cota-705-punta-alta#primaryimage"},"image":{"@id":"https:\/\/www.willysplan.com\/ca\/rutes\/ruta-des-del-santuari-de-la-fontcalda-a-la-cota-705-punta-alta#primaryimage"},"thumbnailUrl":"https:\/\/www.willysplan.com\/wp-content\/uploads\/2020\/07\/monumento-a-la-paz1.jpg","datePublished":"2020-07-22T06:43:47+00:00","dateModified":"2023-01-03T20:38:08+00:00","description":"Descobreix una de les millors rutes a fer a la Serra de P\u00e0ndols, Tarragona. Visita el Santuari Fontcalda, Ermita Magdalena i la Cota 705. \u2705 Entra ara!","inLanguage":"ca","potentialAction":[{"@type":"ReadAction","target":["https:\/\/www.willysplan.com\/ca\/rutes\/ruta-des-del-santuari-de-la-fontcalda-a-la-cota-705-punta-alta"]}]},{"@type":"ImageObject","inLanguage":"ca","@id":"https:\/\/www.willysplan.com\/ca\/rutes\/ruta-des-del-santuari-de-la-fontcalda-a-la-cota-705-punta-alta#primaryimage","url":"https:\/\/www.willysplan.com\/wp-content\/uploads\/2020\/07\/monumento-a-la-paz1.jpg","contentUrl":"https:\/\/www.willysplan.com\/wp-content\/uploads\/2020\/07\/monumento-a-la-paz1.jpg","width":876,"height":657},{"@type":"WebSite","@id":"https:\/\/www.willysplan.com\/#website","url":"https:\/\/www.willysplan.com\/","name":"Willy&#039;s Plan \ud83c\udf43","description":"Escapadas y Planes de fin de semana","publisher":{"@id":"https:\/\/www.willysplan.com\/#organization"},"potentialAction":[{"@type":"SearchAction","target":{"@type":"EntryPoint","urlTemplate":"https:\/\/www.willysplan.com\/?s={search_term_string}"},"query-input":{"@type":"PropertyValueSpecification","valueRequired":true,"valueName":"search_term_string"}}],"inLanguage":"ca"},{"@type":"Organization","@id":"https:\/\/www.willysplan.com\/#organization","name":"Willy&#039;s Plan \ud83c\udf43","url":"https:\/\/www.willysplan.com\/","logo":{"@type":"ImageObject","inLanguage":"ca","@id":"https:\/\/www.willysplan.com\/#\/schema\/logo\/image\/","url":"https:\/\/www.willysplan.com\/wp-content\/uploads\/2020\/04\/cropped-logo-1.png","contentUrl":"https:\/\/www.willysplan.com\/wp-content\/uploads\/2020\/04\/cropped-logo-1.png","width":332,"height":332,"caption":"Willy&#039;s Plan \ud83c\udf43"},"image":{"@id":"https:\/\/www.willysplan.com\/#\/schema\/logo\/image\/"}},{"@type":"Person","@id":"https:\/\/www.willysplan.com\/#\/schema\/person\/6f2dbf2215cd25715df085907bd007c1","name":"Guillem Asensio","image":{"@type":"ImageObject","inLanguage":"ca","@id":"https:\/\/www.willysplan.com\/#\/schema\/person\/image\/","url":"https:\/\/secure.gravatar.com\/avatar\/fd3f69da3e6cd8d451f6be79c127da046757b9a4c273deefb40b1291809cc787?s=96&d=mm&r=g","contentUrl":"https:\/\/secure.gravatar.com\/avatar\/fd3f69da3e6cd8d451f6be79c127da046757b9a4c273deefb40b1291809cc787?s=96&d=mm&r=g","caption":"Guillem Asensio"},"sameAs":["https:\/\/willysplan.com"],"url":"https:\/\/www.willysplan.com\/ca\/author\/willy"}]}},"_links":{"self":[{"href":"https:\/\/www.willysplan.com\/ca\/wp-json\/wp\/v2\/posts\/16221","targetHints":{"allow":["GET"]}}],"collection":[{"href":"https:\/\/www.willysplan.com\/ca\/wp-json\/wp\/v2\/posts"}],"about":[{"href":"https:\/\/www.willysplan.com\/ca\/wp-json\/wp\/v2\/types\/post"}],"author":[{"embeddable":true,"href":"https:\/\/www.willysplan.com\/ca\/wp-json\/wp\/v2\/users\/2"}],"replies":[{"embeddable":true,"href":"https:\/\/www.willysplan.com\/ca\/wp-json\/wp\/v2\/comments?post=16221"}],"version-history":[{"count":2,"href":"https:\/\/www.willysplan.com\/ca\/wp-json\/wp\/v2\/posts\/16221\/revisions"}],"predecessor-version":[{"id":16232,"href":"https:\/\/www.willysplan.com\/ca\/wp-json\/wp\/v2\/posts\/16221\/revisions\/16232"}],"wp:featuredmedia":[{"embeddable":true,"href":"https:\/\/www.willysplan.com\/ca\/wp-json\/wp\/v2\/media\/13663"}],"wp:attachment":[{"href":"https:\/\/www.willysplan.com\/ca\/wp-json\/wp\/v2\/media?parent=16221"}],"wp:term":[{"taxonomy":"category","embeddable":true,"href":"https:\/\/www.willysplan.com\/ca\/wp-json\/wp\/v2\/categories?post=16221"},{"taxonomy":"post_tag","embeddable":true,"href":"https:\/\/www.willysplan.com\/ca\/wp-json\/wp\/v2\/tags?post=16221"}],"curies":[{"name":"wp","href":"https:\/\/api.w.org\/{rel}","templated":true}]}}