{"id":16201,"date":"2020-07-05T18:27:31","date_gmt":"2020-07-05T17:27:31","guid":{"rendered":"https:\/\/willysplan.com\/uncategorized-ca\/rutes-de-senderisme-i-excursions-per-catalunya"},"modified":"2023-01-03T21:38:03","modified_gmt":"2023-01-03T20:38:03","slug":"rutes-de-senderisme-i-excursions-per-catalunya","status":"publish","type":"post","link":"https:\/\/www.willysplan.com\/ca\/rutes\/rutes-de-senderisme-i-excursions-per-catalunya","title":{"rendered":"Rutes de senderisme i excursions per Catalunya"},"content":{"rendered":"\t\t<div data-elementor-type=\"wp-post\" data-elementor-id=\"16201\" class=\"elementor elementor-16201 elementor-2149\" data-elementor-post-type=\"post\">\n\t\t\t\t\t\t<section class=\"elementor-section elementor-top-section elementor-element elementor-element-f4c69cc elementor-section-boxed elementor-section-height-default elementor-section-height-default\" data-id=\"f4c69cc\" data-element_type=\"section\">\n\t\t\t\t\t\t<div class=\"elementor-container elementor-column-gap-default\">\n\t\t\t\t\t<div class=\"elementor-column elementor-col-50 elementor-top-column elementor-element elementor-element-164a862\" data-id=\"164a862\" data-element_type=\"column\">\n\t\t\t<div class=\"elementor-widget-wrap elementor-element-populated\">\n\t\t\t\t\t\t<div class=\"elementor-element elementor-element-29bc239 elementor-widget elementor-widget-text-editor\" data-id=\"29bc239\" data-element_type=\"widget\" data-widget_type=\"text-editor.default\">\n\t\t\t\t<div class=\"elementor-widget-container\">\n\t\t\t\t\t\t\t\t\t<p>Arribem la destinaci\u00f3 tur\u00edstica n\u00famero u de tot Espanya! <strong>Catalunya<\/strong> o <strong>Catalunya<\/strong> \u00e9s considerada la comunitat aut\u00f2noma que acull la major quantitat de turistes, arribant al voltant d&#8217;uns 13,6 milions de visitants per any. Convertint-la en una de les regions m\u00e9s anhelades d&#8217;Espanya. Per aix\u00f2 que a Willy&#8217;s Plan et convidem a descobrir tot el que cal <strong>visitar a Catalunya<\/strong> .<\/p>\n<p>Els seus 32 000 km\u00b2 de Territori s\u00f3n ideals per fer les millors <strong>excursions per Catalunya.<\/strong> Aquesta regi\u00f3 limita al nord amb Fran\u00e7a i Andorra. Aqu\u00ed inicia una de les formacions muntanyoses m\u00e9s importants de tot Europa. Els Pirineus regalen a aquesta regi\u00f3 tot l&#8217;encant del clima i la vegetaci\u00f3 de muntanya. Mentre a l&#8217;orient tenim una de les franges mar\u00edtimes m\u00e9s espectaculars de tot Espanya: el <strong>Mar Mediterrani<\/strong> . 580 km de platges i molta diversi\u00f3. El lloc perfecte per passar les vacances i gaudir de les millors <strong>rutes per Catalunya<\/strong> i les seves costes.<\/p>\n\t\t\t\t\t\t\t\t<\/div>\n\t\t\t\t<\/div>\n\t\t\t\t\t<\/div>\n\t\t<\/div>\n\t\t\t\t<div class=\"elementor-column elementor-col-50 elementor-top-column elementor-element elementor-element-f0384f5\" data-id=\"f0384f5\" data-element_type=\"column\">\n\t\t\t<div class=\"elementor-widget-wrap elementor-element-populated\">\n\t\t\t\t\t\t<div class=\"elementor-element elementor-element-498d22e elementor-widget elementor-widget-image\" data-id=\"498d22e\" data-element_type=\"widget\" data-widget_type=\"image.default\">\n\t\t\t\t<div class=\"elementor-widget-container\">\n\t\t\t\t\t\t\t\t\t\t\t\t\t\t\t<img fetchpriority=\"high\" decoding=\"async\" width=\"690\" height=\"522\" src=\"https:\/\/www.willysplan.com\/wp-content\/uploads\/2020\/07\/mapa-catalunya.png\" class=\"attachment-large size-large wp-image-12347\" alt=\"\" \/>\t\t\t\t\t\t\t\t\t\t\t\t\t\t\t<\/div>\n\t\t\t\t<\/div>\n\t\t\t\t\t<\/div>\n\t\t<\/div>\n\t\t\t\t\t<\/div>\n\t\t<\/section>\n\t\t\t\t<section class=\"elementor-section elementor-top-section elementor-element elementor-element-d1e1d3e elementor-section-boxed elementor-section-height-default elementor-section-height-default\" data-id=\"d1e1d3e\" data-element_type=\"section\">\n\t\t\t\t\t\t<div class=\"elementor-container elementor-column-gap-default\">\n\t\t\t\t\t<div class=\"elementor-column elementor-col-100 elementor-top-column elementor-element elementor-element-8fb6451\" data-id=\"8fb6451\" data-element_type=\"column\">\n\t\t\t<div class=\"elementor-widget-wrap elementor-element-populated\">\n\t\t\t\t\t\t<div class=\"elementor-element elementor-element-24f448f elementor-widget elementor-widget-heading\" data-id=\"24f448f\" data-element_type=\"widget\" data-widget_type=\"heading.default\">\n\t\t\t\t<div class=\"elementor-widget-container\">\n\t\t\t\t\t<h2 class=\"elementor-heading-title elementor-size-default\">Qu\u00e8 veure a Catalunya?<\/h2>\t\t\t\t<\/div>\n\t\t\t\t<\/div>\n\t\t\t\t\t<\/div>\n\t\t<\/div>\n\t\t\t\t\t<\/div>\n\t\t<\/section>\n\t\t\t\t<section class=\"elementor-section elementor-top-section elementor-element elementor-element-9274027 elementor-section-boxed elementor-section-height-default elementor-section-height-default\" data-id=\"9274027\" data-element_type=\"section\">\n\t\t\t\t\t\t<div class=\"elementor-container elementor-column-gap-default\">\n\t\t\t\t\t<div class=\"elementor-column elementor-col-100 elementor-top-column elementor-element elementor-element-8d0b027\" data-id=\"8d0b027\" data-element_type=\"column\">\n\t\t\t<div class=\"elementor-widget-wrap elementor-element-populated\">\n\t\t\t\t\t\t<div class=\"elementor-element elementor-element-13b5c01 elementor-widget elementor-widget-text-editor\" data-id=\"13b5c01\" data-element_type=\"widget\" data-widget_type=\"text-editor.default\">\n\t\t\t\t<div class=\"elementor-widget-container\">\n\t\t\t\t\t\t\t\t\t<p>Les <strong>rutes per Catalunya<\/strong> s\u00f3n com un joc per als sentits. M\u00e9s que nomenar-te llocs <strong>a veure a Catalunya,<\/strong> s\u00f3n la cultura, els paisatges, la hist\u00f2ria, l&#8217;exquisida gastronomia, els encantadors racons arquitect\u00f2nics i l&#8217;amabilitat de la cultura catalana; els encarregats de despertar les teves emocions, per fer-te viure una de les millors experi\u00e8ncies.<\/p>\n\t\t\t\t\t\t\t\t<\/div>\n\t\t\t\t<\/div>\n\t\t\t\t\t<\/div>\n\t\t<\/div>\n\t\t\t\t\t<\/div>\n\t\t<\/section>\n\t\t\t\t<section class=\"elementor-section elementor-top-section elementor-element elementor-element-aaf8e46 elementor-section-boxed elementor-section-height-default elementor-section-height-default\" data-id=\"aaf8e46\" data-element_type=\"section\">\n\t\t\t\t\t\t<div class=\"elementor-container elementor-column-gap-default\">\n\t\t\t\t\t<div class=\"elementor-column elementor-col-100 elementor-top-column elementor-element elementor-element-4cee3de\" data-id=\"4cee3de\" data-element_type=\"column\">\n\t\t\t<div class=\"elementor-widget-wrap elementor-element-populated\">\n\t\t\t\t\t\t<div class=\"elementor-element elementor-element-241f678 elementor-widget elementor-widget-heading\" data-id=\"241f678\" data-element_type=\"widget\" data-widget_type=\"heading.default\">\n\t\t\t\t<div class=\"elementor-widget-container\">\n\t\t\t\t\t<h3 class=\"elementor-heading-title elementor-size-default\">Comarques de Catalunya<\/h3>\t\t\t\t<\/div>\n\t\t\t\t<\/div>\n\t\t\t\t\t<\/div>\n\t\t<\/div>\n\t\t\t\t\t<\/div>\n\t\t<\/section>\n\t\t\t\t<section class=\"elementor-section elementor-top-section elementor-element elementor-element-5175514 elementor-section-boxed elementor-section-height-default elementor-section-height-default\" data-id=\"5175514\" data-element_type=\"section\">\n\t\t\t\t\t\t<div class=\"elementor-container elementor-column-gap-default\">\n\t\t\t\t\t<div class=\"elementor-column elementor-col-100 elementor-top-column elementor-element elementor-element-c2cd60a\" data-id=\"c2cd60a\" data-element_type=\"column\">\n\t\t\t<div class=\"elementor-widget-wrap elementor-element-populated\">\n\t\t\t\t\t\t\t<\/div>\n\t\t<\/div>\n\t\t\t\t\t<\/div>\n\t\t<\/section>\n\t\t\t\t<section class=\"elementor-section elementor-top-section elementor-element elementor-element-653e5c4 elementor-section-boxed elementor-section-height-default elementor-section-height-default\" data-id=\"653e5c4\" data-element_type=\"section\">\n\t\t\t\t\t\t<div class=\"elementor-container elementor-column-gap-default\">\n\t\t\t\t\t<div class=\"elementor-column elementor-col-100 elementor-top-column elementor-element elementor-element-5428178\" data-id=\"5428178\" data-element_type=\"column\">\n\t\t\t<div class=\"elementor-widget-wrap elementor-element-populated\">\n\t\t\t\t\t\t<div class=\"elementor-element elementor-element-2bf8f03 elementor-widget elementor-widget-heading\" data-id=\"2bf8f03\" data-element_type=\"widget\" data-widget_type=\"heading.default\">\n\t\t\t\t<div class=\"elementor-widget-container\">\n\t\t\t\t\t<h3 class=\"elementor-heading-title elementor-size-default\">Pobles de Catalunya<\/h3>\t\t\t\t<\/div>\n\t\t\t\t<\/div>\n\t\t\t\t\t<\/div>\n\t\t<\/div>\n\t\t\t\t\t<\/div>\n\t\t<\/section>\n\t\t\t\t<section class=\"elementor-section elementor-top-section elementor-element elementor-element-c78f0d5 elementor-section-boxed elementor-section-height-default elementor-section-height-default\" data-id=\"c78f0d5\" data-element_type=\"section\">\n\t\t\t\t\t\t<div class=\"elementor-container elementor-column-gap-default\">\n\t\t\t\t\t<div class=\"elementor-column elementor-col-100 elementor-top-column elementor-element elementor-element-e8099c1\" data-id=\"e8099c1\" data-element_type=\"column\">\n\t\t\t<div class=\"elementor-widget-wrap elementor-element-populated\">\n\t\t\t\t\t\t<div class=\"elementor-element elementor-element-9d79bd6 elementor-widget elementor-widget-text-editor\" data-id=\"9d79bd6\" data-element_type=\"widget\" data-widget_type=\"text-editor.default\">\n\t\t\t\t<div class=\"elementor-widget-container\">\n\t\t\t\t\t\t\t\t\t<p>Si marxem a la <strong>Catalunya<\/strong> urban\u00edstica, no oblidis visitar la <strong>prov\u00edncia de Barcelona<\/strong> . Aqu\u00ed ens creuarem amb pobles marcats pel modernisme Espanyol i tot l&#8217;encant de <strong>Gaud\u00ed<\/strong> com a principal exponent.<\/p>\n<p>Si el que busques \u00e9s platja i diversi\u00f3, sens dubte has <strong>de Visitar Catalunya<\/strong> i la seva exclusiva <strong>Costa Brava<\/strong> a la <strong>prov\u00edncia de Girona<\/strong> . Aqu\u00ed les cales s\u00f3n infinites, el mar \u00e9s blau i les platges cristal\u00b7lines s\u00f3n a l&#8217;ordre del dia.<\/p>\n<p>Mentre que a les prov\u00edncies de <strong>Lleida<\/strong> i <strong>Tarragona,<\/strong> els pobles solen enamorar amb tot l&#8217;encant i la hist\u00f2ria de la <strong>Catalunya<\/strong> Medieval.<\/p>\n\t\t\t\t\t\t\t\t<\/div>\n\t\t\t\t<\/div>\n\t\t\t\t\t<\/div>\n\t\t<\/div>\n\t\t\t\t\t<\/div>\n\t\t<\/section>\n\t\t\t\t<section class=\"elementor-section elementor-top-section elementor-element elementor-element-2348946 elementor-section-boxed elementor-section-height-default elementor-section-height-default\" data-id=\"2348946\" data-element_type=\"section\">\n\t\t\t\t\t\t<div class=\"elementor-container elementor-column-gap-default\">\n\t\t\t\t\t<div class=\"elementor-column elementor-col-100 elementor-top-column elementor-element elementor-element-65013da\" data-id=\"65013da\" data-element_type=\"column\">\n\t\t\t<div class=\"elementor-widget-wrap elementor-element-populated\">\n\t\t\t\t\t\t\t<\/div>\n\t\t<\/div>\n\t\t\t\t\t<\/div>\n\t\t<\/section>\n\t\t\t\t<section class=\"elementor-section elementor-top-section elementor-element elementor-element-969debc elementor-section-boxed elementor-section-height-default elementor-section-height-default\" data-id=\"969debc\" data-element_type=\"section\">\n\t\t\t\t\t\t<div class=\"elementor-container elementor-column-gap-default\">\n\t\t\t\t\t<div class=\"elementor-column elementor-col-100 elementor-top-column elementor-element elementor-element-47bc789\" data-id=\"47bc789\" data-element_type=\"column\">\n\t\t\t<div class=\"elementor-widget-wrap elementor-element-populated\">\n\t\t\t\t\t\t<div class=\"elementor-element elementor-element-fea4572 elementor-widget elementor-widget-spacer\" data-id=\"fea4572\" data-element_type=\"widget\" data-widget_type=\"spacer.default\">\n\t\t\t\t<div class=\"elementor-widget-container\">\n\t\t\t\t\t\t\t<div class=\"elementor-spacer\">\n\t\t\t<div class=\"elementor-spacer-inner\"><\/div>\n\t\t<\/div>\n\t\t\t\t\t\t<\/div>\n\t\t\t\t<\/div>\n\t\t\t\t<div class=\"elementor-element elementor-element-9b11989 elementor-widget elementor-widget-heading\" data-id=\"9b11989\" data-element_type=\"widget\" data-widget_type=\"heading.default\">\n\t\t\t\t<div class=\"elementor-widget-container\">\n\t\t\t\t\t<h2 class=\"elementor-heading-title elementor-size-default\">Qu\u00e8 fer a Catalunya?<\/h2>\t\t\t\t<\/div>\n\t\t\t\t<\/div>\n\t\t\t\t\t<\/div>\n\t\t<\/div>\n\t\t\t\t\t<\/div>\n\t\t<\/section>\n\t\t\t\t<section class=\"elementor-section elementor-top-section elementor-element elementor-element-a27a2af elementor-section-boxed elementor-section-height-default elementor-section-height-default\" data-id=\"a27a2af\" data-element_type=\"section\">\n\t\t\t\t\t\t<div class=\"elementor-container elementor-column-gap-default\">\n\t\t\t\t\t<div class=\"elementor-column elementor-col-100 elementor-top-column elementor-element elementor-element-998f114\" data-id=\"998f114\" data-element_type=\"column\">\n\t\t\t<div class=\"elementor-widget-wrap elementor-element-populated\">\n\t\t\t\t\t\t<div class=\"elementor-element elementor-element-9763475 elementor-widget elementor-widget-text-editor\" data-id=\"9763475\" data-element_type=\"widget\" data-widget_type=\"text-editor.default\">\n\t\t\t\t<div class=\"elementor-widget-container\">\n\t\t\t\t\t\t\t\t\t<p>Si hagu\u00e9ssim de triar entre les moltes <strong>coses a fer a Catalunya<\/strong> , estem segurs que no tindr\u00edem una prefer\u00e8ncia, m\u00e9s aviat voldr\u00edem fer tot possible per gaudir-la de principi a fi.<\/p>\n<p>En aquesta entretinguda regi\u00f3 es poden viure experi\u00e8ncies que van des de pujar el cim de <strong>els Pirineus <\/strong>fins a arribar al mar; submergir-se en <strong>la Mediterr\u00e0nia<\/strong> i les seves belles platges; descobrir les <strong>excursions per Catalunya<\/strong> des de les costes fins al ponent; con\u00e8ixer els llocs m\u00e9s importants de tot Espanya, declarats patrimoni mundial; gaudir de les millors vacances en fam\u00edlia, amb la gran varietat de plans <strong>de fer amb nens a Barcelona<\/strong> durant tot l\u00b4any, o deixar-te seduir pels segles de cultura i tradici\u00f3 Catalana que et marquen el cam\u00ed.<\/p>\n\t\t\t\t\t\t\t\t<\/div>\n\t\t\t\t<\/div>\n\t\t\t\t\t<\/div>\n\t\t<\/div>\n\t\t\t\t\t<\/div>\n\t\t<\/section>\n\t\t\t\t<section class=\"elementor-section elementor-top-section elementor-element elementor-element-47fc8d7 elementor-section-boxed elementor-section-height-default elementor-section-height-default\" data-id=\"47fc8d7\" data-element_type=\"section\">\n\t\t\t\t\t\t<div class=\"elementor-container elementor-column-gap-default\">\n\t\t\t\t\t<div class=\"elementor-column elementor-col-100 elementor-top-column elementor-element elementor-element-f836465\" data-id=\"f836465\" data-element_type=\"column\">\n\t\t\t<div class=\"elementor-widget-wrap elementor-element-populated\">\n\t\t\t\t\t\t<div class=\"elementor-element elementor-element-82dbe07 elementor-grid-3 elementor-grid-tablet-2 elementor-grid-mobile-1 elementor-posts--thumbnail-top elementor-card-shadow-yes elementor-posts__hover-gradient elementor-widget elementor-widget-posts\" data-id=\"82dbe07\" data-element_type=\"widget\" data-settings=\"{&quot;cards_columns&quot;:&quot;3&quot;,&quot;cards_columns_tablet&quot;:&quot;2&quot;,&quot;cards_columns_mobile&quot;:&quot;1&quot;,&quot;cards_row_gap&quot;:{&quot;unit&quot;:&quot;px&quot;,&quot;size&quot;:35,&quot;sizes&quot;:[]},&quot;cards_row_gap_tablet&quot;:{&quot;unit&quot;:&quot;px&quot;,&quot;size&quot;:&quot;&quot;,&quot;sizes&quot;:[]},&quot;cards_row_gap_mobile&quot;:{&quot;unit&quot;:&quot;px&quot;,&quot;size&quot;:&quot;&quot;,&quot;sizes&quot;:[]}}\" data-widget_type=\"posts.cards\">\n\t\t\t\t<div class=\"elementor-widget-container\">\n\t\t\t\t\t\t\t<div class=\"elementor-posts-container elementor-posts elementor-posts--skin-cards elementor-grid\" role=\"list\">\n\t\t\t\t<article class=\"elementor-post elementor-grid-item post-16065 post type-post status-publish format-standard has-post-thumbnail hentry category-rutes tag-rutas-barcelona-provincia tag-rutas-beget tag-rutas-berga tag-rutas-bergueda tag-rutas-castellar-de-nhug tag-rutas-cataluna\" role=\"listitem\">\n\t\t\t<div class=\"elementor-post__card\">\n\t\t\t\t<a class=\"elementor-post__thumbnail__link\" href=\"https:\/\/www.willysplan.com\/ca\/rutes\/ruta-des-dels-jardins-artigas-a-castellar-de-nhug\" tabindex=\"-1\" ><div class=\"elementor-post__thumbnail\"><img decoding=\"async\" width=\"300\" height=\"300\" src=\"https:\/\/www.willysplan.com\/wp-content\/uploads\/2020\/07\/Jardins-artigas21-300x300.jpg\" class=\"attachment-medium size-medium wp-image-13691\" alt=\"\" srcset=\"https:\/\/www.willysplan.com\/wp-content\/uploads\/2020\/07\/Jardins-artigas21-300x300.jpg 300w, https:\/\/www.willysplan.com\/wp-content\/uploads\/2020\/07\/Jardins-artigas21-1024x1024.jpg 1024w, https:\/\/www.willysplan.com\/wp-content\/uploads\/2020\/07\/Jardins-artigas21-150x150.jpg 150w, https:\/\/www.willysplan.com\/wp-content\/uploads\/2020\/07\/Jardins-artigas21-768x768.jpg 768w, https:\/\/www.willysplan.com\/wp-content\/uploads\/2020\/07\/Jardins-artigas21-480x480.jpg 480w, https:\/\/www.willysplan.com\/wp-content\/uploads\/2020\/07\/Jardins-artigas21-280x280.jpg 280w, https:\/\/www.willysplan.com\/wp-content\/uploads\/2020\/07\/Jardins-artigas21-960x960.jpg 960w, https:\/\/www.willysplan.com\/wp-content\/uploads\/2020\/07\/Jardins-artigas21-400x400.jpg 400w, https:\/\/www.willysplan.com\/wp-content\/uploads\/2020\/07\/Jardins-artigas21-585x585.jpg 585w, https:\/\/www.willysplan.com\/wp-content\/uploads\/2020\/07\/Jardins-artigas21-600x600.jpg 600w, https:\/\/www.willysplan.com\/wp-content\/uploads\/2020\/07\/Jardins-artigas21-100x100.jpg 100w, https:\/\/www.willysplan.com\/wp-content\/uploads\/2020\/07\/Jardins-artigas21.jpg 1080w\" sizes=\"(max-width: 300px) 100vw, 300px\" \/><\/div><\/a>\n\t\t\t\t<div class=\"elementor-post__badge\">rutes<\/div>\n\t\t\t\t<div class=\"elementor-post__text\">\n\t\t\t\t<h3 class=\"elementor-post__title\">\n\t\t\t<a href=\"https:\/\/www.willysplan.com\/ca\/rutes\/ruta-des-dels-jardins-artigas-a-castellar-de-nhug\" >\n\t\t\t\tRuta des dels Jardins Artigas a Castellar de N&#8217;hug\t\t\t<\/a>\n\t\t<\/h3>\n\t\t\t\t<div class=\"elementor-post__excerpt\">\n\t\t\t<p>Castellar de N&#8217;hug \u00e9s un petit poble de nom\u00e9s 175 habitants i una superf\u00edcie de 47.12 km\u00b2. Aquest incre\u00efble poble de Bergad\u00e0 ens sorpr\u00e8n cada<\/p>\n\t\t<\/div>\n\t\t\n\t\t<a class=\"elementor-post__read-more\" href=\"https:\/\/www.willysplan.com\/ca\/rutes\/ruta-des-dels-jardins-artigas-a-castellar-de-nhug\" aria-label=\"Read more about Ruta des dels Jardins Artigas a Castellar de N&#8217;hug\" tabindex=\"-1\" >\n\t\t\tM\u00e9s \u00bb\t\t<\/a>\n\n\t\t\t\t<\/div>\n\t\t\t\t<div class=\"elementor-post__meta-data\">\n\t\t\t\t\t<span class=\"elementor-post-date\">\n\t\t\t11\/07\/2020\t\t<\/span>\n\t\t\t\t<span class=\"elementor-post-avatar\">\n\t\t\tNo hi ha comentaris\t\t<\/span>\n\t\t\t\t<\/div>\n\t\t\t\t\t<\/div>\n\t\t<\/article>\n\t\t\t\t<\/div>\n\t\t\n\t\t\t\t\t\t<\/div>\n\t\t\t\t<\/div>\n\t\t\t\t\t<\/div>\n\t\t<\/div>\n\t\t\t\t\t<\/div>\n\t\t<\/section>\n\t\t\t\t<\/div>\n\t\t","protected":false},"excerpt":{"rendered":"<p>Arribem la destinaci\u00f3 tur\u00edstica n\u00famero u de tot Espanya! Catalunya o Catalunya \u00e9s considerada la comunitat aut\u00f2noma que acull la major quantitat de turistes, arribant al voltant d&#8217;uns 13,6 milions de visitants per any. Convertint-la en una de les regions m\u00e9s anhelades d&#8217;Espanya. Per aix\u00f2 que a Willy&#8217;s Plan et convidem a descobrir tot el&hellip;&nbsp;<a href=\"https:\/\/www.willysplan.com\/ca\/rutes\/ruta-des-dels-jardins-artigas-a-castellar-de-nhug\" rel=\"bookmark\">Llegiu m\u00e9s &raquo;<span class=\"screen-reader-text\">Ruta des dels Jardins Artigas a Castellar de N&#8217;hug<\/span><\/a><\/p>\n","protected":false},"author":2,"featured_media":13887,"comment_status":"closed","ping_status":"closed","sticky":false,"template":"","format":"standard","meta":{"neve_meta_sidebar":"","neve_meta_container":"","neve_meta_enable_content_width":"","neve_meta_content_width":0,"neve_meta_title_alignment":"","neve_meta_author_avatar":"","neve_post_elements_order":"","neve_meta_disable_header":"","neve_meta_disable_footer":"","neve_meta_disable_title":"","_joinchat":[],"footnotes":""},"categories":[323],"tags":[447],"class_list":["post-16201","post","type-post","status-publish","format-standard","has-post-thumbnail","hentry","category-rutes","tag-zona-ca"],"yoast_head":"<!-- This site is optimized with the Yoast SEO Premium plugin v20.1 (Yoast SEO v26.9) - https:\/\/yoast.com\/product\/yoast-seo-premium-wordpress\/ -->\n<title>Rutes i excursions per Catalunya - Willy&#039;s pla<\/title>\n<meta name=\"description\" content=\"Descobriu les millors excursions i rutes de senderisme per Catalunya. \u2705 Coneix les m\u00faltiples coses a fer i veure al Catalunya. Entra ara!\" \/>\n<meta name=\"robots\" content=\"index, follow, max-snippet:-1, max-image-preview:large, max-video-preview:-1\" \/>\n<link rel=\"canonical\" href=\"https:\/\/www.willysplan.com\/ca\/rutes\/rutes-de-senderisme-i-excursions-per-catalunya\" \/>\n<meta property=\"og:locale\" content=\"ca_ES\" \/>\n<meta property=\"og:type\" content=\"article\" \/>\n<meta property=\"og:title\" content=\"Rutes de senderisme i excursions per Catalunya\" \/>\n<meta property=\"og:description\" content=\"Descobriu les millors excursions i rutes de senderisme per Catalunya. \u2705 Coneix les m\u00faltiples coses a fer i veure al Catalunya. Entra ara!\" \/>\n<meta property=\"og:url\" content=\"https:\/\/www.willysplan.com\/ca\/rutes\/rutes-de-senderisme-i-excursions-per-catalunya\" \/>\n<meta property=\"og:site_name\" content=\"Willy&#039;s Plan \ud83c\udf43\" \/>\n<meta property=\"article:published_time\" content=\"2020-07-05T17:27:31+00:00\" \/>\n<meta property=\"article:modified_time\" content=\"2023-01-03T20:38:03+00:00\" \/>\n<meta property=\"og:image\" content=\"https:\/\/www.willysplan.com\/wp-content\/uploads\/2021\/01\/excursiones-por-catalunya-1.jpg\" \/>\n\t<meta property=\"og:image:width\" content=\"750\" \/>\n\t<meta property=\"og:image:height\" content=\"500\" \/>\n\t<meta property=\"og:image:type\" content=\"image\/jpeg\" \/>\n<meta name=\"author\" content=\"Guillem Asensio\" \/>\n<meta name=\"twitter:card\" content=\"summary_large_image\" \/>\n<meta name=\"twitter:label1\" content=\"Escrit per\" \/>\n\t<meta name=\"twitter:data1\" content=\"Guillem Asensio\" \/>\n\t<meta name=\"twitter:label2\" content=\"Temps estimat de lectura\" \/>\n\t<meta name=\"twitter:data2\" content=\"2 minuts\" \/>\n<script type=\"application\/ld+json\" class=\"yoast-schema-graph\">{\"@context\":\"https:\/\/schema.org\",\"@graph\":[{\"@type\":\"Article\",\"@id\":\"https:\/\/www.willysplan.com\/ca\/rutes\/rutes-de-senderisme-i-excursions-per-catalunya#article\",\"isPartOf\":{\"@id\":\"https:\/\/www.willysplan.com\/ca\/rutes\/rutes-de-senderisme-i-excursions-per-catalunya\"},\"author\":{\"name\":\"Guillem Asensio\",\"@id\":\"https:\/\/www.willysplan.com\/#\/schema\/person\/6f2dbf2215cd25715df085907bd007c1\"},\"headline\":\"Rutes de senderisme i excursions per Catalunya\",\"datePublished\":\"2020-07-05T17:27:31+00:00\",\"dateModified\":\"2023-01-03T20:38:03+00:00\",\"mainEntityOfPage\":{\"@id\":\"https:\/\/www.willysplan.com\/ca\/rutes\/rutes-de-senderisme-i-excursions-per-catalunya\"},\"wordCount\":489,\"publisher\":{\"@id\":\"https:\/\/www.willysplan.com\/#organization\"},\"image\":{\"@id\":\"https:\/\/www.willysplan.com\/ca\/rutes\/rutes-de-senderisme-i-excursions-per-catalunya#primaryimage\"},\"thumbnailUrl\":\"https:\/\/www.willysplan.com\/wp-content\/uploads\/2021\/01\/excursiones-por-catalunya-1.jpg\",\"keywords\":[\"zona\"],\"articleSection\":[\"rutes\"],\"inLanguage\":\"ca\"},{\"@type\":\"WebPage\",\"@id\":\"https:\/\/www.willysplan.com\/ca\/rutes\/rutes-de-senderisme-i-excursions-per-catalunya\",\"url\":\"https:\/\/www.willysplan.com\/ca\/rutes\/rutes-de-senderisme-i-excursions-per-catalunya\",\"name\":\"Rutes i excursions per Catalunya - Willy's pla\",\"isPartOf\":{\"@id\":\"https:\/\/www.willysplan.com\/#website\"},\"primaryImageOfPage\":{\"@id\":\"https:\/\/www.willysplan.com\/ca\/rutes\/rutes-de-senderisme-i-excursions-per-catalunya#primaryimage\"},\"image\":{\"@id\":\"https:\/\/www.willysplan.com\/ca\/rutes\/rutes-de-senderisme-i-excursions-per-catalunya#primaryimage\"},\"thumbnailUrl\":\"https:\/\/www.willysplan.com\/wp-content\/uploads\/2021\/01\/excursiones-por-catalunya-1.jpg\",\"datePublished\":\"2020-07-05T17:27:31+00:00\",\"dateModified\":\"2023-01-03T20:38:03+00:00\",\"description\":\"Descobriu les millors excursions i rutes de senderisme per Catalunya. \u2705 Coneix les m\u00faltiples coses a fer i veure al Catalunya. Entra ara!\",\"inLanguage\":\"ca\",\"potentialAction\":[{\"@type\":\"ReadAction\",\"target\":[\"https:\/\/www.willysplan.com\/ca\/rutes\/rutes-de-senderisme-i-excursions-per-catalunya\"]}]},{\"@type\":\"ImageObject\",\"inLanguage\":\"ca\",\"@id\":\"https:\/\/www.willysplan.com\/ca\/rutes\/rutes-de-senderisme-i-excursions-per-catalunya#primaryimage\",\"url\":\"https:\/\/www.willysplan.com\/wp-content\/uploads\/2021\/01\/excursiones-por-catalunya-1.jpg\",\"contentUrl\":\"https:\/\/www.willysplan.com\/wp-content\/uploads\/2021\/01\/excursiones-por-catalunya-1.jpg\",\"width\":750,\"height\":500},{\"@type\":\"WebSite\",\"@id\":\"https:\/\/www.willysplan.com\/#website\",\"url\":\"https:\/\/www.willysplan.com\/\",\"name\":\"Willy&#039;s Plan \ud83c\udf43\",\"description\":\"Escapadas y Planes de fin de semana\",\"publisher\":{\"@id\":\"https:\/\/www.willysplan.com\/#organization\"},\"potentialAction\":[{\"@type\":\"SearchAction\",\"target\":{\"@type\":\"EntryPoint\",\"urlTemplate\":\"https:\/\/www.willysplan.com\/?s={search_term_string}\"},\"query-input\":{\"@type\":\"PropertyValueSpecification\",\"valueRequired\":true,\"valueName\":\"search_term_string\"}}],\"inLanguage\":\"ca\"},{\"@type\":\"Organization\",\"@id\":\"https:\/\/www.willysplan.com\/#organization\",\"name\":\"Willy&#039;s Plan \ud83c\udf43\",\"url\":\"https:\/\/www.willysplan.com\/\",\"logo\":{\"@type\":\"ImageObject\",\"inLanguage\":\"ca\",\"@id\":\"https:\/\/www.willysplan.com\/#\/schema\/logo\/image\/\",\"url\":\"https:\/\/www.willysplan.com\/wp-content\/uploads\/2020\/04\/cropped-logo-1.png\",\"contentUrl\":\"https:\/\/www.willysplan.com\/wp-content\/uploads\/2020\/04\/cropped-logo-1.png\",\"width\":332,\"height\":332,\"caption\":\"Willy&#039;s Plan \ud83c\udf43\"},\"image\":{\"@id\":\"https:\/\/www.willysplan.com\/#\/schema\/logo\/image\/\"}},{\"@type\":\"Person\",\"@id\":\"https:\/\/www.willysplan.com\/#\/schema\/person\/6f2dbf2215cd25715df085907bd007c1\",\"name\":\"Guillem Asensio\",\"image\":{\"@type\":\"ImageObject\",\"inLanguage\":\"ca\",\"@id\":\"https:\/\/www.willysplan.com\/#\/schema\/person\/image\/\",\"url\":\"https:\/\/secure.gravatar.com\/avatar\/fd3f69da3e6cd8d451f6be79c127da046757b9a4c273deefb40b1291809cc787?s=96&d=mm&r=g\",\"contentUrl\":\"https:\/\/secure.gravatar.com\/avatar\/fd3f69da3e6cd8d451f6be79c127da046757b9a4c273deefb40b1291809cc787?s=96&d=mm&r=g\",\"caption\":\"Guillem Asensio\"},\"sameAs\":[\"https:\/\/willysplan.com\"],\"url\":\"https:\/\/www.willysplan.com\/ca\/author\/willy\"}]}<\/script>\n<!-- \/ Yoast SEO Premium plugin. -->","yoast_head_json":{"title":"Rutes i excursions per Catalunya - Willy's pla","description":"Descobriu les millors excursions i rutes de senderisme per Catalunya. \u2705 Coneix les m\u00faltiples coses a fer i veure al Catalunya. Entra ara!","robots":{"index":"index","follow":"follow","max-snippet":"max-snippet:-1","max-image-preview":"max-image-preview:large","max-video-preview":"max-video-preview:-1"},"canonical":"https:\/\/www.willysplan.com\/ca\/rutes\/rutes-de-senderisme-i-excursions-per-catalunya","og_locale":"ca_ES","og_type":"article","og_title":"Rutes de senderisme i excursions per Catalunya","og_description":"Descobriu les millors excursions i rutes de senderisme per Catalunya. \u2705 Coneix les m\u00faltiples coses a fer i veure al Catalunya. Entra ara!","og_url":"https:\/\/www.willysplan.com\/ca\/rutes\/rutes-de-senderisme-i-excursions-per-catalunya","og_site_name":"Willy&#039;s Plan \ud83c\udf43","article_published_time":"2020-07-05T17:27:31+00:00","article_modified_time":"2023-01-03T20:38:03+00:00","og_image":[{"width":750,"height":500,"url":"https:\/\/www.willysplan.com\/wp-content\/uploads\/2021\/01\/excursiones-por-catalunya-1.jpg","type":"image\/jpeg"}],"author":"Guillem Asensio","twitter_card":"summary_large_image","twitter_misc":{"Escrit per":"Guillem Asensio","Temps estimat de lectura":"2 minuts"},"schema":{"@context":"https:\/\/schema.org","@graph":[{"@type":"Article","@id":"https:\/\/www.willysplan.com\/ca\/rutes\/rutes-de-senderisme-i-excursions-per-catalunya#article","isPartOf":{"@id":"https:\/\/www.willysplan.com\/ca\/rutes\/rutes-de-senderisme-i-excursions-per-catalunya"},"author":{"name":"Guillem Asensio","@id":"https:\/\/www.willysplan.com\/#\/schema\/person\/6f2dbf2215cd25715df085907bd007c1"},"headline":"Rutes de senderisme i excursions per Catalunya","datePublished":"2020-07-05T17:27:31+00:00","dateModified":"2023-01-03T20:38:03+00:00","mainEntityOfPage":{"@id":"https:\/\/www.willysplan.com\/ca\/rutes\/rutes-de-senderisme-i-excursions-per-catalunya"},"wordCount":489,"publisher":{"@id":"https:\/\/www.willysplan.com\/#organization"},"image":{"@id":"https:\/\/www.willysplan.com\/ca\/rutes\/rutes-de-senderisme-i-excursions-per-catalunya#primaryimage"},"thumbnailUrl":"https:\/\/www.willysplan.com\/wp-content\/uploads\/2021\/01\/excursiones-por-catalunya-1.jpg","keywords":["zona"],"articleSection":["rutes"],"inLanguage":"ca"},{"@type":"WebPage","@id":"https:\/\/www.willysplan.com\/ca\/rutes\/rutes-de-senderisme-i-excursions-per-catalunya","url":"https:\/\/www.willysplan.com\/ca\/rutes\/rutes-de-senderisme-i-excursions-per-catalunya","name":"Rutes i excursions per Catalunya - Willy's pla","isPartOf":{"@id":"https:\/\/www.willysplan.com\/#website"},"primaryImageOfPage":{"@id":"https:\/\/www.willysplan.com\/ca\/rutes\/rutes-de-senderisme-i-excursions-per-catalunya#primaryimage"},"image":{"@id":"https:\/\/www.willysplan.com\/ca\/rutes\/rutes-de-senderisme-i-excursions-per-catalunya#primaryimage"},"thumbnailUrl":"https:\/\/www.willysplan.com\/wp-content\/uploads\/2021\/01\/excursiones-por-catalunya-1.jpg","datePublished":"2020-07-05T17:27:31+00:00","dateModified":"2023-01-03T20:38:03+00:00","description":"Descobriu les millors excursions i rutes de senderisme per Catalunya. \u2705 Coneix les m\u00faltiples coses a fer i veure al Catalunya. Entra ara!","inLanguage":"ca","potentialAction":[{"@type":"ReadAction","target":["https:\/\/www.willysplan.com\/ca\/rutes\/rutes-de-senderisme-i-excursions-per-catalunya"]}]},{"@type":"ImageObject","inLanguage":"ca","@id":"https:\/\/www.willysplan.com\/ca\/rutes\/rutes-de-senderisme-i-excursions-per-catalunya#primaryimage","url":"https:\/\/www.willysplan.com\/wp-content\/uploads\/2021\/01\/excursiones-por-catalunya-1.jpg","contentUrl":"https:\/\/www.willysplan.com\/wp-content\/uploads\/2021\/01\/excursiones-por-catalunya-1.jpg","width":750,"height":500},{"@type":"WebSite","@id":"https:\/\/www.willysplan.com\/#website","url":"https:\/\/www.willysplan.com\/","name":"Willy&#039;s Plan \ud83c\udf43","description":"Escapadas y Planes de fin de semana","publisher":{"@id":"https:\/\/www.willysplan.com\/#organization"},"potentialAction":[{"@type":"SearchAction","target":{"@type":"EntryPoint","urlTemplate":"https:\/\/www.willysplan.com\/?s={search_term_string}"},"query-input":{"@type":"PropertyValueSpecification","valueRequired":true,"valueName":"search_term_string"}}],"inLanguage":"ca"},{"@type":"Organization","@id":"https:\/\/www.willysplan.com\/#organization","name":"Willy&#039;s Plan \ud83c\udf43","url":"https:\/\/www.willysplan.com\/","logo":{"@type":"ImageObject","inLanguage":"ca","@id":"https:\/\/www.willysplan.com\/#\/schema\/logo\/image\/","url":"https:\/\/www.willysplan.com\/wp-content\/uploads\/2020\/04\/cropped-logo-1.png","contentUrl":"https:\/\/www.willysplan.com\/wp-content\/uploads\/2020\/04\/cropped-logo-1.png","width":332,"height":332,"caption":"Willy&#039;s Plan \ud83c\udf43"},"image":{"@id":"https:\/\/www.willysplan.com\/#\/schema\/logo\/image\/"}},{"@type":"Person","@id":"https:\/\/www.willysplan.com\/#\/schema\/person\/6f2dbf2215cd25715df085907bd007c1","name":"Guillem Asensio","image":{"@type":"ImageObject","inLanguage":"ca","@id":"https:\/\/www.willysplan.com\/#\/schema\/person\/image\/","url":"https:\/\/secure.gravatar.com\/avatar\/fd3f69da3e6cd8d451f6be79c127da046757b9a4c273deefb40b1291809cc787?s=96&d=mm&r=g","contentUrl":"https:\/\/secure.gravatar.com\/avatar\/fd3f69da3e6cd8d451f6be79c127da046757b9a4c273deefb40b1291809cc787?s=96&d=mm&r=g","caption":"Guillem Asensio"},"sameAs":["https:\/\/willysplan.com"],"url":"https:\/\/www.willysplan.com\/ca\/author\/willy"}]}},"_links":{"self":[{"href":"https:\/\/www.willysplan.com\/ca\/wp-json\/wp\/v2\/posts\/16201","targetHints":{"allow":["GET"]}}],"collection":[{"href":"https:\/\/www.willysplan.com\/ca\/wp-json\/wp\/v2\/posts"}],"about":[{"href":"https:\/\/www.willysplan.com\/ca\/wp-json\/wp\/v2\/types\/post"}],"author":[{"embeddable":true,"href":"https:\/\/www.willysplan.com\/ca\/wp-json\/wp\/v2\/users\/2"}],"replies":[{"embeddable":true,"href":"https:\/\/www.willysplan.com\/ca\/wp-json\/wp\/v2\/comments?post=16201"}],"version-history":[{"count":2,"href":"https:\/\/www.willysplan.com\/ca\/wp-json\/wp\/v2\/posts\/16201\/revisions"}],"predecessor-version":[{"id":16210,"href":"https:\/\/www.willysplan.com\/ca\/wp-json\/wp\/v2\/posts\/16201\/revisions\/16210"}],"wp:featuredmedia":[{"embeddable":true,"href":"https:\/\/www.willysplan.com\/ca\/wp-json\/wp\/v2\/media\/13887"}],"wp:attachment":[{"href":"https:\/\/www.willysplan.com\/ca\/wp-json\/wp\/v2\/media?parent=16201"}],"wp:term":[{"taxonomy":"category","embeddable":true,"href":"https:\/\/www.willysplan.com\/ca\/wp-json\/wp\/v2\/categories?post=16201"},{"taxonomy":"post_tag","embeddable":true,"href":"https:\/\/www.willysplan.com\/ca\/wp-json\/wp\/v2\/tags?post=16201"}],"curies":[{"name":"wp","href":"https:\/\/api.w.org\/{rel}","templated":true}]}}