{"id":16156,"date":"2020-07-05T17:51:18","date_gmt":"2020-07-05T16:51:18","guid":{"rendered":"https:\/\/willysplan.com\/uncategorized-ca\/ruta-des-de-penelles-a-lhotel-terradets"},"modified":"2023-07-24T06:12:18","modified_gmt":"2023-07-24T05:12:18","slug":"ruta-des-de-penelles-a-lhotel-terradets","status":"publish","type":"post","link":"https:\/\/www.willysplan.com\/ca\/rutes\/ruta-des-de-penelles-a-lhotel-terradets","title":{"rendered":"Ruta des de Penelles a l&#8217;Hotel Terradets"},"content":{"rendered":"\t\t<div data-elementor-type=\"wp-post\" data-elementor-id=\"16156\" class=\"elementor elementor-16156 elementor-2125\" data-elementor-post-type=\"post\">\n\t\t\t\t\t\t<section class=\"elementor-section elementor-top-section elementor-element elementor-element-f4c69cc elementor-section-boxed elementor-section-height-default elementor-section-height-default\" data-id=\"f4c69cc\" data-element_type=\"section\">\n\t\t\t\t\t\t<div class=\"elementor-container elementor-column-gap-default\">\n\t\t\t\t\t<div class=\"elementor-column elementor-col-50 elementor-top-column elementor-element elementor-element-164a862\" data-id=\"164a862\" data-element_type=\"column\">\n\t\t\t<div class=\"elementor-widget-wrap elementor-element-populated\">\n\t\t\t\t\t\t<div class=\"elementor-element elementor-element-29bc239 elementor-widget elementor-widget-text-editor\" data-id=\"29bc239\" data-element_type=\"widget\" data-widget_type=\"text-editor.default\">\n\t\t\t\t<div class=\"elementor-widget-container\">\n\t\t\t\t\t\t\t\t\t<p>En aquesta excursi\u00f3 ens endinsarem a la <strong>prov\u00edncia de Lleida<\/strong> al mig de la comarca de <strong>Noguera<\/strong> i l&#8217;esperit de <strong>Penelles.<\/strong> A m\u00e9s, tracem aquesta <strong>ruta des de<\/strong> <strong>Penelles<\/strong> <strong>a<\/strong> <strong>Hotel Terradets,<\/strong> perqu\u00e8 tingueu moltes m\u00e9s raons, llocs i <a href=\"https:\/\/www.willysplan.com\/ca\/rutes\/rutes-de-senderisme-i-excursions-per-lleida-provincia\">rutes de senderisme per Lleida<\/a> durant un cap de setmana. Esperem que us agradi\u2026<\/p><p>Aquesta <strong>ruta des de<\/strong> <strong>Penelles<\/strong> <strong>a l&#8217;<\/strong> <strong>Hotel Terradets<\/strong> \u00e9s ideal per fer-la al llarg del cap de setmana. Per comen\u00e7ar (el dia dissabte) visitarem un poble que amaga secrets que pocs coneixen, gaudirem de vistes impressionants, mentre visitem una important torre i finalment ens allotjarem a un dels millors hotels 3 estrelles de la zona.<\/p><p>El seg\u00fcent dia (diumenge), podeu enlla\u00e7ar-lo amb la nostra <strong>ruta del Congost de Mont-rebei<\/strong> que est\u00e0 incre\u00efble i casualment a 40 minuts de l&#8217;hotel. Sens dubte 2 plans en un cap de setmana, que no us podeu perdre.<\/p>\t\t\t\t\t\t\t\t<\/div>\n\t\t\t\t<\/div>\n\t\t\t\t\t<\/div>\n\t\t<\/div>\n\t\t\t\t<div class=\"elementor-column elementor-col-50 elementor-top-column elementor-element elementor-element-f0384f5\" data-id=\"f0384f5\" data-element_type=\"column\">\n\t\t\t<div class=\"elementor-widget-wrap elementor-element-populated\">\n\t\t\t\t\t\t<div class=\"elementor-element elementor-element-3ab65a5 elementor-widget elementor-widget-html\" data-id=\"3ab65a5\" data-element_type=\"widget\" data-widget_type=\"html.default\">\n\t\t\t\t<div class=\"elementor-widget-container\">\n\t\t\t\t\t<iframe src=\"https:\/\/www.google.com\/maps\/embed?pb=!1m34!1m12!1m3!1d380038.17181971425!2d0.6225994904492508!3d41.91332217677711!2m3!1f0!2f0!3f0!3m2!1i1024!2i768!4f13.1!4m19!3e0!4m5!1s0x12a68df5b0a56c63%3A0x10da35ef032a6fd!2sPenellas%2C%20L%C3%A9rida!3m2!1d41.7572239!2d0.9659384!4m5!1s0x12a65c1e5e716e7f%3A0x7ba1e6e762db1f7b!2sLa%20Baronia%20de%20Sant%20O%C3%AFsme!3m2!1d41.998118399999996!2d0.8449538999999999!4m5!1s0x12a65d3696316041%3A0x37f26d307037c3fe!2sHotel%20Terradets%2C%20Cellers!3m2!1d42.069020099999996!2d0.8831068999999999!5e0!3m2!1ses!2ses!4v1612993070645!5m2!1ses!2ses\" width=\"600\" height=\"450\" frameborder=\"0\" style=\"border:0;\" allowfullscreen=\"\" aria-hidden=\"false\" tabindex=\"0\"><\/iframe>\t\t\t\t<\/div>\n\t\t\t\t<\/div>\n\t\t\t\t\t<\/div>\n\t\t<\/div>\n\t\t\t\t\t<\/div>\n\t\t<\/section>\n\t\t\t\t<section class=\"elementor-section elementor-top-section elementor-element elementor-element-671cd3c elementor-section-boxed elementor-section-height-default elementor-section-height-default\" data-id=\"671cd3c\" data-element_type=\"section\">\n\t\t\t\t\t\t<div class=\"elementor-container elementor-column-gap-default\">\n\t\t\t\t\t<div class=\"elementor-column elementor-col-100 elementor-top-column elementor-element elementor-element-eaffc38\" data-id=\"eaffc38\" data-element_type=\"column\">\n\t\t\t<div class=\"elementor-widget-wrap elementor-element-populated\">\n\t\t\t\t\t\t<div class=\"elementor-element elementor-element-ac561a4 elementor-widget elementor-widget-text-editor\" data-id=\"ac561a4\" data-element_type=\"widget\" data-widget_type=\"text-editor.default\">\n\t\t\t\t<div class=\"elementor-widget-container\">\n\t\t\t\t\t\t\t\t\t<p><strong>Penelles<\/strong> : aquest petit poble de tot just 460 habitants, es distingeix per tenir a les parets de casa seva, dibuixos gegants fets a m\u00e0 per artistes i pintors reconeguts de la regi\u00f3. I encara que \u00e9s un lloc poc conegut, cada cop atrau m\u00e9s curiosos que acudeixen a fer-se fotos en aquests murals i s&#8217;animen a con\u00e8ixer la seva hist\u00f2ria i tradici\u00f3.<\/p>\n<p><strong>Baronia de Sant O\u00efsme<\/strong> : \u00e9s una de les torres de defensa m\u00e9s incre\u00efbles de les terres de Lleida. Aquesta curiosa torre est\u00e0 al\u00e7ada en una roca, al capdamunt del pant\u00e0 de Camarasa. A aquesta construcci\u00f3 es pot pujar gratu\u00eftament i es tenen accessos a unes vistes magn\u00edfiques, cap al poble.<\/p>\n<p><strong>Hotel Terradets: Breu<\/strong> descripci\u00f3 Aquest hotel de 3 estrelles, es troba situat al mateix embassament de Terradets. En el qual podreu gaudir de la seva piscina a l&#8217;estiu, entretingueu-vos als seus espais recreatius i on podreu gaudir de les excel\u00b7lents vistes a l&#8217;embassament; mentre us relaxeu i preneu un respir.<\/p>\n\t\t\t\t\t\t\t\t<\/div>\n\t\t\t\t<\/div>\n\t\t\t\t\t<\/div>\n\t\t<\/div>\n\t\t\t\t\t<\/div>\n\t\t<\/section>\n\t\t\t\t<section class=\"elementor-section elementor-top-section elementor-element elementor-element-36fe8d4 elementor-section-boxed elementor-section-height-default elementor-section-height-default\" data-id=\"36fe8d4\" data-element_type=\"section\">\n\t\t\t\t\t\t<div class=\"elementor-container elementor-column-gap-default\">\n\t\t\t\t\t<div class=\"elementor-column elementor-col-100 elementor-top-column elementor-element elementor-element-da527a3\" data-id=\"da527a3\" data-element_type=\"column\">\n\t\t\t<div class=\"elementor-widget-wrap elementor-element-populated\">\n\t\t\t\t\t\t<div class=\"elementor-element elementor-element-005077d elementor-widget elementor-widget-heading\" data-id=\"005077d\" data-element_type=\"widget\" data-widget_type=\"heading.default\">\n\t\t\t\t<div class=\"elementor-widget-container\">\n\t\t\t\t\t<h2 class=\"elementor-heading-title elementor-size-default\">Penelles<\/h2>\t\t\t\t<\/div>\n\t\t\t\t<\/div>\n\t\t\t\t\t<\/div>\n\t\t<\/div>\n\t\t\t\t\t<\/div>\n\t\t<\/section>\n\t\t\t\t<section class=\"elementor-section elementor-top-section elementor-element elementor-element-39c50f9 elementor-section-boxed elementor-section-height-default elementor-section-height-default\" data-id=\"39c50f9\" data-element_type=\"section\">\n\t\t\t\t\t\t<div class=\"elementor-container elementor-column-gap-default\">\n\t\t\t\t\t<div class=\"elementor-column elementor-col-100 elementor-top-column elementor-element elementor-element-df1ea3c\" data-id=\"df1ea3c\" data-element_type=\"column\">\n\t\t\t<div class=\"elementor-widget-wrap elementor-element-populated\">\n\t\t\t\t\t\t<div class=\"elementor-element elementor-element-4b1d3b8 elementor-widget elementor-widget-image\" data-id=\"4b1d3b8\" data-element_type=\"widget\" data-widget_type=\"image.default\">\n\t\t\t\t<div class=\"elementor-widget-container\">\n\t\t\t\t\t\t\t\t\t\t\t\t\t\t\t<img fetchpriority=\"high\" decoding=\"async\" width=\"768\" height=\"576\" src=\"https:\/\/www.willysplan.com\/wp-content\/uploads\/2020\/07\/penelles-pueblo-768x576.jpg\" class=\"attachment-medium_large size-medium_large wp-image-13963\" alt=\"\" srcset=\"https:\/\/www.willysplan.com\/wp-content\/uploads\/2020\/07\/penelles-pueblo-768x576.jpg 768w, https:\/\/www.willysplan.com\/wp-content\/uploads\/2020\/07\/penelles-pueblo-300x225.jpg 300w, https:\/\/www.willysplan.com\/wp-content\/uploads\/2020\/07\/penelles-pueblo-600x450.jpg 600w, https:\/\/www.willysplan.com\/wp-content\/uploads\/2020\/07\/penelles-pueblo.jpg 833w\" sizes=\"(max-width: 768px) 100vw, 768px\" \/>\t\t\t\t\t\t\t\t\t\t\t\t\t\t\t<\/div>\n\t\t\t\t<\/div>\n\t\t\t\t\t<\/div>\n\t\t<\/div>\n\t\t\t\t\t<\/div>\n\t\t<\/section>\n\t\t\t\t<section class=\"elementor-section elementor-top-section elementor-element elementor-element-4e88c10 elementor-section-boxed elementor-section-height-default elementor-section-height-default\" data-id=\"4e88c10\" data-element_type=\"section\">\n\t\t\t\t\t\t<div class=\"elementor-container elementor-column-gap-default\">\n\t\t\t\t\t<div class=\"elementor-column elementor-col-100 elementor-top-column elementor-element elementor-element-8ccc3a4\" data-id=\"8ccc3a4\" data-element_type=\"column\">\n\t\t\t<div class=\"elementor-widget-wrap elementor-element-populated\">\n\t\t\t\t\t\t<div class=\"elementor-element elementor-element-39dc59f elementor-widget elementor-widget-text-editor\" data-id=\"39dc59f\" data-element_type=\"widget\" data-widget_type=\"text-editor.default\">\n\t\t\t\t<div class=\"elementor-widget-container\">\n\t\t\t\t\t\t\t\t\t<p>Per comen\u00e7ar visitarem l\u00b4encantador poble de <strong>Penelles.<\/strong> Aquest bell poble sobresurt amb tot el seu encant rural, aquests deu a la gran quantitat de cultius agr\u00edcoles i vinyes que es despleguen per tota la zona.<\/p>\n<p>Si hi ha una cosa molt representativa de <strong>Penelles,<\/strong> s\u00f3n els murals que omplen les cases dels seus carrers i \u00e9s una de les raons per la qual s&#8217;ha tornat molt concorregut durant els darrers anys. Tot va comen\u00e7ar com una proposta art\u00edstica i cultural del festival de Murals i d&#8217;Art Rural, el Gar Gar i \u00e9s la ra\u00f3 per la qual avui es converteix en l&#8217;atractiu tur\u00edstic per excel\u00b7l\u00e8ncia.<\/p>\n<p>Per\u00f2 no tot \u00e9s murals\u2026 <strong>Penelles<\/strong> tamb\u00e9 compta amb nombrosos atractius patrimonials que fan part de la tradici\u00f3 de Catalunya, per la qual cosa us convidem a fer una passejada per aquests i aix\u00ed poder con\u00e8ixer una mica m\u00e9s sobre la hist\u00f2ria d&#8217;aquest m\u00e0gic poble medieval.<\/p>\n\t\t\t\t\t\t\t\t<\/div>\n\t\t\t\t<\/div>\n\t\t\t\t\t<\/div>\n\t\t<\/div>\n\t\t\t\t\t<\/div>\n\t\t<\/section>\n\t\t\t\t<section class=\"elementor-section elementor-top-section elementor-element elementor-element-cf26dc9 elementor-section-boxed elementor-section-height-default elementor-section-height-default\" data-id=\"cf26dc9\" data-element_type=\"section\">\n\t\t\t\t\t\t<div class=\"elementor-container elementor-column-gap-default\">\n\t\t\t\t\t<div class=\"elementor-column elementor-col-100 elementor-top-column elementor-element elementor-element-5689fda\" data-id=\"5689fda\" data-element_type=\"column\">\n\t\t\t<div class=\"elementor-widget-wrap elementor-element-populated\">\n\t\t\t\t\t\t<div class=\"elementor-element elementor-element-ec10ffc elementor-widget elementor-widget-heading\" data-id=\"ec10ffc\" data-element_type=\"widget\" data-widget_type=\"heading.default\">\n\t\t\t\t<div class=\"elementor-widget-container\">\n\t\t\t\t\t<h2 class=\"elementor-heading-title elementor-size-default\">Baronia de Sant O\u00efsme<\/h2>\t\t\t\t<\/div>\n\t\t\t\t<\/div>\n\t\t\t\t\t<\/div>\n\t\t<\/div>\n\t\t\t\t\t<\/div>\n\t\t<\/section>\n\t\t\t\t<section class=\"elementor-section elementor-top-section elementor-element elementor-element-9ca4401 elementor-section-boxed elementor-section-height-default elementor-section-height-default\" data-id=\"9ca4401\" data-element_type=\"section\">\n\t\t\t\t\t\t<div class=\"elementor-container elementor-column-gap-default\">\n\t\t\t\t\t<div class=\"elementor-column elementor-col-100 elementor-top-column elementor-element elementor-element-1ddf456\" data-id=\"1ddf456\" data-element_type=\"column\">\n\t\t\t<div class=\"elementor-widget-wrap elementor-element-populated\">\n\t\t\t\t\t\t<div class=\"elementor-element elementor-element-d7c2521 elementor-widget elementor-widget-image\" data-id=\"d7c2521\" data-element_type=\"widget\" data-widget_type=\"image.default\">\n\t\t\t\t<div class=\"elementor-widget-container\">\n\t\t\t\t\t\t\t\t\t\t\t\t\t\t\t<img decoding=\"async\" width=\"426\" height=\"568\" src=\"https:\/\/www.willysplan.com\/wp-content\/uploads\/2020\/07\/baronia-de-sant-oisme.jpg\" class=\"attachment-medium_large size-medium_large wp-image-13965\" alt=\"\" srcset=\"https:\/\/www.willysplan.com\/wp-content\/uploads\/2020\/07\/baronia-de-sant-oisme.jpg 426w, https:\/\/www.willysplan.com\/wp-content\/uploads\/2020\/07\/baronia-de-sant-oisme-225x300.jpg 225w\" sizes=\"(max-width: 426px) 100vw, 426px\" \/>\t\t\t\t\t\t\t\t\t\t\t\t\t\t\t<\/div>\n\t\t\t\t<\/div>\n\t\t\t\t\t<\/div>\n\t\t<\/div>\n\t\t\t\t\t<\/div>\n\t\t<\/section>\n\t\t\t\t<section class=\"elementor-section elementor-top-section elementor-element elementor-element-090337d elementor-section-boxed elementor-section-height-default elementor-section-height-default\" data-id=\"090337d\" data-element_type=\"section\">\n\t\t\t\t\t\t<div class=\"elementor-container elementor-column-gap-default\">\n\t\t\t\t\t<div class=\"elementor-column elementor-col-100 elementor-top-column elementor-element elementor-element-10259a1\" data-id=\"10259a1\" data-element_type=\"column\">\n\t\t\t<div class=\"elementor-widget-wrap elementor-element-populated\">\n\t\t\t\t\t\t<div class=\"elementor-element elementor-element-67842ef elementor-widget elementor-widget-text-editor\" data-id=\"67842ef\" data-element_type=\"widget\" data-widget_type=\"text-editor.default\">\n\t\t\t\t<div class=\"elementor-widget-container\">\n\t\t\t\t\t\t\t\t\t<p>En el nostre segon lloc ens traslladarem a la comunitat de <strong>Baronia<\/strong>, anant cap al pant\u00e0 de Camarasa, on ens trobarem amb la <strong>Baronia de Sant O\u00efsme. <\/strong>Aquesta torre igual que el conjunt arquitect\u00f2nic que l&#8217;envolta, va ser constru\u00efda sobre les roques al capdamunt de la muntanya i \u00e9s sens dubte la ra\u00f3 per la qual molts curiosos hi van.<\/p>\n<p>Tot i aix\u00f2, la hist\u00f2ria de la <strong>Baronia de Sant O\u00efsme<\/strong> explica que va ser constru\u00efda cap a l&#8217;any de 1095 i en principi nom\u00e9s es comprenia del castell i una petita esgl\u00e9sia que es va convertir en la m\u00e9s important dels seus habitants. Va ser amb el temps, quan el poble es va veure afectat per les conquestes que es va dissenyar aquesta torre particular. Per aix\u00f2 els seus constructors van buscar el punt m\u00e9s alt a les pedres i aix\u00ed obtenir una millor visi\u00f3 perif\u00e8rica del poble i poder protegir els vilatans de la muntanya. El que s\u00ed que \u00e9s cert \u00e9s que avui dia tamb\u00e9 \u00e9s un dels miradors m\u00e9s bonics de tota la zona i ens regala les millors vistes cap a la comarca de Noguera.<\/p>\n\t\t\t\t\t\t\t\t<\/div>\n\t\t\t\t<\/div>\n\t\t\t\t\t<\/div>\n\t\t<\/div>\n\t\t\t\t\t<\/div>\n\t\t<\/section>\n\t\t\t\t<section class=\"elementor-section elementor-top-section elementor-element elementor-element-228dd78 elementor-section-boxed elementor-section-height-default elementor-section-height-default\" data-id=\"228dd78\" data-element_type=\"section\">\n\t\t\t\t\t\t<div class=\"elementor-container elementor-column-gap-default\">\n\t\t\t\t\t<div class=\"elementor-column elementor-col-100 elementor-top-column elementor-element elementor-element-6fe37a6\" data-id=\"6fe37a6\" data-element_type=\"column\">\n\t\t\t<div class=\"elementor-widget-wrap elementor-element-populated\">\n\t\t\t\t\t\t<div class=\"elementor-element elementor-element-c9dcbd0 elementor-widget elementor-widget-heading\" data-id=\"c9dcbd0\" data-element_type=\"widget\" data-widget_type=\"heading.default\">\n\t\t\t\t<div class=\"elementor-widget-container\">\n\t\t\t\t\t<h2 class=\"elementor-heading-title elementor-size-default\">Hotel Terradets<\/h2>\t\t\t\t<\/div>\n\t\t\t\t<\/div>\n\t\t\t\t\t<\/div>\n\t\t<\/div>\n\t\t\t\t\t<\/div>\n\t\t<\/section>\n\t\t\t\t<section class=\"elementor-section elementor-top-section elementor-element elementor-element-ff2fe61 elementor-section-boxed elementor-section-height-default elementor-section-height-default\" data-id=\"ff2fe61\" data-element_type=\"section\">\n\t\t\t\t\t\t<div class=\"elementor-container elementor-column-gap-default\">\n\t\t\t\t\t<div class=\"elementor-column elementor-col-100 elementor-top-column elementor-element elementor-element-ebf24c2\" data-id=\"ebf24c2\" data-element_type=\"column\">\n\t\t\t<div class=\"elementor-widget-wrap elementor-element-populated\">\n\t\t\t\t\t\t<div class=\"elementor-element elementor-element-060f0c7 elementor-widget elementor-widget-image\" data-id=\"060f0c7\" data-element_type=\"widget\" data-widget_type=\"image.default\">\n\t\t\t\t<div class=\"elementor-widget-container\">\n\t\t\t\t\t\t\t\t\t\t\t\t\t\t\t<img decoding=\"async\" width=\"768\" height=\"424\" src=\"https:\/\/www.willysplan.com\/wp-content\/uploads\/2020\/07\/Hotel-Terradets\u200b-768x424.jpg\" class=\"attachment-medium_large size-medium_large wp-image-13967\" alt=\"\" srcset=\"https:\/\/www.willysplan.com\/wp-content\/uploads\/2020\/07\/Hotel-Terradets\u200b-768x424.jpg 768w, https:\/\/www.willysplan.com\/wp-content\/uploads\/2020\/07\/Hotel-Terradets\u200b-300x166.jpg 300w, https:\/\/www.willysplan.com\/wp-content\/uploads\/2020\/07\/Hotel-Terradets\u200b-600x331.jpg 600w, https:\/\/www.willysplan.com\/wp-content\/uploads\/2020\/07\/Hotel-Terradets\u200b.jpg 871w\" sizes=\"(max-width: 768px) 100vw, 768px\" \/>\t\t\t\t\t\t\t\t\t\t\t\t\t\t\t<\/div>\n\t\t\t\t<\/div>\n\t\t\t\t\t<\/div>\n\t\t<\/div>\n\t\t\t\t\t<\/div>\n\t\t<\/section>\n\t\t\t\t<section class=\"elementor-section elementor-top-section elementor-element elementor-element-649f78d elementor-section-boxed elementor-section-height-default elementor-section-height-default\" data-id=\"649f78d\" data-element_type=\"section\">\n\t\t\t\t\t\t<div class=\"elementor-container elementor-column-gap-default\">\n\t\t\t\t\t<div class=\"elementor-column elementor-col-100 elementor-top-column elementor-element elementor-element-bd8f266\" data-id=\"bd8f266\" data-element_type=\"column\">\n\t\t\t<div class=\"elementor-widget-wrap elementor-element-populated\">\n\t\t\t\t\t\t<div class=\"elementor-element elementor-element-6131457 elementor-widget elementor-widget-text-editor\" data-id=\"6131457\" data-element_type=\"widget\" data-widget_type=\"text-editor.default\">\n\t\t\t\t<div class=\"elementor-widget-container\">\n\t\t\t\t\t\t\t\t\t<p>Per allotjar-nos en aquesta ruta, triem <strong>l\u00b4Hotel Terradets.<\/strong> Aquest bell hotel gastron\u00f2mic de 3 estrelles es troba ubicat sobre la carretera de Balaguer i \u00e9s un punt de sortida fant\u00e0stic per a les excursions de la zona. A m\u00e9s compta amb nombrosos serveis per gaudir de l&#8217;hostalatge i poder recrear els hostes durant la visita.<\/p>\n<p>En \u00e8poca d&#8217;estiu aquesta fenomenal, ja que compta amb piscina i hi ha moltes activitats l\u00fadiques per als nens (per si decideixes prendre uns dies en fam\u00edlia). D&#8217;altra banda, el menjar \u00e9s estupenda (de fet \u00e9s el m\u00e9s caracter\u00edstic d&#8217;aquest hotel) i ni parlar de la gran majoria de <strong>rutes i excursions per Lleida<\/strong> que surten d&#8217;aquest lloc s\u00f3n fenomenals. Si us animeu a quedar-vos en aquest hotel, no oblideu fer la reserva amb temps. D&#8217;altra banda, no us preocupeu, que l&#8217;aventura tot just comen\u00e7a.<\/p>\n\t\t\t\t\t\t\t\t<\/div>\n\t\t\t\t<\/div>\n\t\t\t\t\t<\/div>\n\t\t<\/div>\n\t\t\t\t\t<\/div>\n\t\t<\/section>\n\t\t\t\t<section class=\"elementor-section elementor-top-section elementor-element elementor-element-1149dbd elementor-section-boxed elementor-section-height-default elementor-section-height-default\" data-id=\"1149dbd\" data-element_type=\"section\">\n\t\t\t\t\t\t<div class=\"elementor-container elementor-column-gap-default\">\n\t\t\t\t\t<div class=\"elementor-column elementor-col-100 elementor-top-column elementor-element elementor-element-f131af2\" data-id=\"f131af2\" data-element_type=\"column\">\n\t\t\t<div class=\"elementor-widget-wrap elementor-element-populated\">\n\t\t\t\t\t\t<div class=\"elementor-element elementor-element-cc2b5e1 elementor-widget elementor-widget-heading\" data-id=\"cc2b5e1\" data-element_type=\"widget\" data-widget_type=\"heading.default\">\n\t\t\t\t<div class=\"elementor-widget-container\">\n\t\t\t\t\t<h2 class=\"elementor-heading-title elementor-size-default\">Altres rutes que tamb\u00e9 et poden interessar...<\/h2>\t\t\t\t<\/div>\n\t\t\t\t<\/div>\n\t\t\t\t\t<\/div>\n\t\t<\/div>\n\t\t\t\t\t<\/div>\n\t\t<\/section>\n\t\t\t\t<section class=\"elementor-section elementor-top-section elementor-element elementor-element-0555b5f elementor-section-boxed elementor-section-height-default elementor-section-height-default\" data-id=\"0555b5f\" data-element_type=\"section\">\n\t\t\t\t\t\t<div class=\"elementor-container elementor-column-gap-default\">\n\t\t\t\t\t<div class=\"elementor-column elementor-col-100 elementor-top-column elementor-element elementor-element-d767283\" data-id=\"d767283\" data-element_type=\"column\">\n\t\t\t<div class=\"elementor-widget-wrap elementor-element-populated\">\n\t\t\t\t\t\t\t<\/div>\n\t\t<\/div>\n\t\t\t\t\t<\/div>\n\t\t<\/section>\n\t\t\t\t<\/div>\n\t\t","protected":false},"excerpt":{"rendered":"<p>En aquesta excursi\u00f3 ens endinsarem a la prov\u00edncia de Lleida al mig de la comarca de Noguera i l&#8217;esperit de Penelles. A m\u00e9s, tracem aquesta ruta des de Penelles a Hotel Terradets, perqu\u00e8 tingueu moltes m\u00e9s raons, llocs i rutes de senderisme per Lleida durant un cap de setmana. Esperem que us agradi\u2026 Aquesta ruta&hellip;&nbsp;<a href=\"https:\/\/www.willysplan.com\/ca\/rutes\/ruta-des-de-penelles-a-lhotel-terradets\" rel=\"bookmark\">Llegiu m\u00e9s &raquo;<span class=\"screen-reader-text\">Ruta des de Penelles a l&#8217;Hotel Terradets<\/span><\/a><\/p>\n","protected":false},"author":2,"featured_media":13967,"comment_status":"closed","ping_status":"closed","sticky":false,"template":"","format":"standard","meta":{"neve_meta_sidebar":"","neve_meta_container":"","neve_meta_enable_content_width":"","neve_meta_content_width":0,"neve_meta_title_alignment":"","neve_meta_author_avatar":"","neve_post_elements_order":"","neve_meta_disable_header":"","neve_meta_disable_footer":"","neve_meta_disable_title":"","_joinchat":[],"footnotes":""},"categories":[323],"tags":[360,394],"class_list":["post-16156","post","type-post","status-publish","format-standard","has-post-thumbnail","hentry","category-rutes","tag-rutes-catalunya","tag-rutes-lleida-provincia"],"yoast_head":"<!-- This site is optimized with the Yoast SEO Premium plugin v20.1 (Yoast SEO v26.9) - https:\/\/yoast.com\/product\/yoast-seo-premium-wordpress\/ -->\n<title>Ruta des de Penelles a l&#039;Hotel Terradets - Willy&#039;s pla<\/title>\n<meta name=\"description\" content=\"Descobreix una de les millors rutes per fer a Penelles. Gaudeix visitant Penelles, la Baronia de Sant O\u00efsme, i l&#039;Hotel Terradets.\u2705 Entra ara!\" \/>\n<meta name=\"robots\" content=\"index, follow, max-snippet:-1, max-image-preview:large, max-video-preview:-1\" \/>\n<link rel=\"canonical\" href=\"https:\/\/www.willysplan.com\/ca\/rutes\/ruta-des-de-penelles-a-lhotel-terradets\" \/>\n<meta property=\"og:locale\" content=\"ca_ES\" \/>\n<meta property=\"og:type\" content=\"article\" \/>\n<meta property=\"og:title\" content=\"Ruta des de Penelles a l&#039;Hotel Terradets\" \/>\n<meta property=\"og:description\" content=\"Descobreix una de les millors rutes per fer a Penelles. Gaudeix visitant Penelles, la Baronia de Sant O\u00efsme, i l&#039;Hotel Terradets.\u2705 Entra ara!\" \/>\n<meta property=\"og:url\" content=\"https:\/\/www.willysplan.com\/ca\/rutes\/ruta-des-de-penelles-a-lhotel-terradets\" \/>\n<meta property=\"og:site_name\" content=\"Willy&#039;s Plan \ud83c\udf43\" \/>\n<meta property=\"article:published_time\" content=\"2020-07-05T16:51:18+00:00\" \/>\n<meta property=\"article:modified_time\" content=\"2023-07-24T05:12:18+00:00\" \/>\n<meta property=\"og:image\" content=\"https:\/\/www.willysplan.com\/wp-content\/uploads\/2020\/07\/Hotel-Terradets\u200b.jpg\" \/>\n\t<meta property=\"og:image:width\" content=\"871\" \/>\n\t<meta property=\"og:image:height\" content=\"481\" \/>\n\t<meta property=\"og:image:type\" content=\"image\/jpeg\" \/>\n<meta name=\"author\" content=\"Guillem Asensio\" \/>\n<meta name=\"twitter:card\" content=\"summary_large_image\" \/>\n<meta name=\"twitter:label1\" content=\"Escrit per\" \/>\n\t<meta name=\"twitter:data1\" content=\"Guillem Asensio\" \/>\n\t<meta name=\"twitter:label2\" content=\"Temps estimat de lectura\" \/>\n\t<meta name=\"twitter:data2\" content=\"4 minuts\" \/>\n<script type=\"application\/ld+json\" class=\"yoast-schema-graph\">{\"@context\":\"https:\/\/schema.org\",\"@graph\":[{\"@type\":\"Article\",\"@id\":\"https:\/\/www.willysplan.com\/ca\/rutes\/ruta-des-de-penelles-a-lhotel-terradets#article\",\"isPartOf\":{\"@id\":\"https:\/\/www.willysplan.com\/ca\/rutes\/ruta-des-de-penelles-a-lhotel-terradets\"},\"author\":{\"name\":\"Guillem Asensio\",\"@id\":\"https:\/\/www.willysplan.com\/#\/schema\/person\/6f2dbf2215cd25715df085907bd007c1\"},\"headline\":\"Ruta des de Penelles a l&#8217;Hotel Terradets\",\"datePublished\":\"2020-07-05T16:51:18+00:00\",\"dateModified\":\"2023-07-24T05:12:18+00:00\",\"mainEntityOfPage\":{\"@id\":\"https:\/\/www.willysplan.com\/ca\/rutes\/ruta-des-de-penelles-a-lhotel-terradets\"},\"wordCount\":876,\"publisher\":{\"@id\":\"https:\/\/www.willysplan.com\/#organization\"},\"image\":{\"@id\":\"https:\/\/www.willysplan.com\/ca\/rutes\/ruta-des-de-penelles-a-lhotel-terradets#primaryimage\"},\"thumbnailUrl\":\"https:\/\/www.willysplan.com\/wp-content\/uploads\/2020\/07\/Hotel-Terradets\u200b.jpg\",\"keywords\":[\"rutes catalunya\",\"rutes lleida prov\u00edncia\"],\"articleSection\":[\"rutes\"],\"inLanguage\":\"ca\"},{\"@type\":\"WebPage\",\"@id\":\"https:\/\/www.willysplan.com\/ca\/rutes\/ruta-des-de-penelles-a-lhotel-terradets\",\"url\":\"https:\/\/www.willysplan.com\/ca\/rutes\/ruta-des-de-penelles-a-lhotel-terradets\",\"name\":\"Ruta des de Penelles a l'Hotel Terradets - Willy's pla\",\"isPartOf\":{\"@id\":\"https:\/\/www.willysplan.com\/#website\"},\"primaryImageOfPage\":{\"@id\":\"https:\/\/www.willysplan.com\/ca\/rutes\/ruta-des-de-penelles-a-lhotel-terradets#primaryimage\"},\"image\":{\"@id\":\"https:\/\/www.willysplan.com\/ca\/rutes\/ruta-des-de-penelles-a-lhotel-terradets#primaryimage\"},\"thumbnailUrl\":\"https:\/\/www.willysplan.com\/wp-content\/uploads\/2020\/07\/Hotel-Terradets\u200b.jpg\",\"datePublished\":\"2020-07-05T16:51:18+00:00\",\"dateModified\":\"2023-07-24T05:12:18+00:00\",\"description\":\"Descobreix una de les millors rutes per fer a Penelles. Gaudeix visitant Penelles, la Baronia de Sant O\u00efsme, i l'Hotel Terradets.\u2705 Entra ara!\",\"inLanguage\":\"ca\",\"potentialAction\":[{\"@type\":\"ReadAction\",\"target\":[\"https:\/\/www.willysplan.com\/ca\/rutes\/ruta-des-de-penelles-a-lhotel-terradets\"]}]},{\"@type\":\"ImageObject\",\"inLanguage\":\"ca\",\"@id\":\"https:\/\/www.willysplan.com\/ca\/rutes\/ruta-des-de-penelles-a-lhotel-terradets#primaryimage\",\"url\":\"https:\/\/www.willysplan.com\/wp-content\/uploads\/2020\/07\/Hotel-Terradets\u200b.jpg\",\"contentUrl\":\"https:\/\/www.willysplan.com\/wp-content\/uploads\/2020\/07\/Hotel-Terradets\u200b.jpg\",\"width\":871,\"height\":481},{\"@type\":\"WebSite\",\"@id\":\"https:\/\/www.willysplan.com\/#website\",\"url\":\"https:\/\/www.willysplan.com\/\",\"name\":\"Willy&#039;s Plan \ud83c\udf43\",\"description\":\"Escapadas y Planes de fin de semana\",\"publisher\":{\"@id\":\"https:\/\/www.willysplan.com\/#organization\"},\"potentialAction\":[{\"@type\":\"SearchAction\",\"target\":{\"@type\":\"EntryPoint\",\"urlTemplate\":\"https:\/\/www.willysplan.com\/?s={search_term_string}\"},\"query-input\":{\"@type\":\"PropertyValueSpecification\",\"valueRequired\":true,\"valueName\":\"search_term_string\"}}],\"inLanguage\":\"ca\"},{\"@type\":\"Organization\",\"@id\":\"https:\/\/www.willysplan.com\/#organization\",\"name\":\"Willy&#039;s Plan \ud83c\udf43\",\"url\":\"https:\/\/www.willysplan.com\/\",\"logo\":{\"@type\":\"ImageObject\",\"inLanguage\":\"ca\",\"@id\":\"https:\/\/www.willysplan.com\/#\/schema\/logo\/image\/\",\"url\":\"https:\/\/www.willysplan.com\/wp-content\/uploads\/2020\/04\/cropped-logo-1.png\",\"contentUrl\":\"https:\/\/www.willysplan.com\/wp-content\/uploads\/2020\/04\/cropped-logo-1.png\",\"width\":332,\"height\":332,\"caption\":\"Willy&#039;s Plan \ud83c\udf43\"},\"image\":{\"@id\":\"https:\/\/www.willysplan.com\/#\/schema\/logo\/image\/\"}},{\"@type\":\"Person\",\"@id\":\"https:\/\/www.willysplan.com\/#\/schema\/person\/6f2dbf2215cd25715df085907bd007c1\",\"name\":\"Guillem Asensio\",\"image\":{\"@type\":\"ImageObject\",\"inLanguage\":\"ca\",\"@id\":\"https:\/\/www.willysplan.com\/#\/schema\/person\/image\/\",\"url\":\"https:\/\/secure.gravatar.com\/avatar\/fd3f69da3e6cd8d451f6be79c127da046757b9a4c273deefb40b1291809cc787?s=96&d=mm&r=g\",\"contentUrl\":\"https:\/\/secure.gravatar.com\/avatar\/fd3f69da3e6cd8d451f6be79c127da046757b9a4c273deefb40b1291809cc787?s=96&d=mm&r=g\",\"caption\":\"Guillem Asensio\"},\"sameAs\":[\"https:\/\/willysplan.com\"],\"url\":\"https:\/\/www.willysplan.com\/ca\/author\/willy\"}]}<\/script>\n<!-- \/ Yoast SEO Premium plugin. -->","yoast_head_json":{"title":"Ruta des de Penelles a l'Hotel Terradets - Willy's pla","description":"Descobreix una de les millors rutes per fer a Penelles. Gaudeix visitant Penelles, la Baronia de Sant O\u00efsme, i l'Hotel Terradets.\u2705 Entra ara!","robots":{"index":"index","follow":"follow","max-snippet":"max-snippet:-1","max-image-preview":"max-image-preview:large","max-video-preview":"max-video-preview:-1"},"canonical":"https:\/\/www.willysplan.com\/ca\/rutes\/ruta-des-de-penelles-a-lhotel-terradets","og_locale":"ca_ES","og_type":"article","og_title":"Ruta des de Penelles a l'Hotel Terradets","og_description":"Descobreix una de les millors rutes per fer a Penelles. Gaudeix visitant Penelles, la Baronia de Sant O\u00efsme, i l'Hotel Terradets.\u2705 Entra ara!","og_url":"https:\/\/www.willysplan.com\/ca\/rutes\/ruta-des-de-penelles-a-lhotel-terradets","og_site_name":"Willy&#039;s Plan \ud83c\udf43","article_published_time":"2020-07-05T16:51:18+00:00","article_modified_time":"2023-07-24T05:12:18+00:00","og_image":[{"width":871,"height":481,"url":"https:\/\/www.willysplan.com\/wp-content\/uploads\/2020\/07\/Hotel-Terradets\u200b.jpg","type":"image\/jpeg"}],"author":"Guillem Asensio","twitter_card":"summary_large_image","twitter_misc":{"Escrit per":"Guillem Asensio","Temps estimat de lectura":"4 minuts"},"schema":{"@context":"https:\/\/schema.org","@graph":[{"@type":"Article","@id":"https:\/\/www.willysplan.com\/ca\/rutes\/ruta-des-de-penelles-a-lhotel-terradets#article","isPartOf":{"@id":"https:\/\/www.willysplan.com\/ca\/rutes\/ruta-des-de-penelles-a-lhotel-terradets"},"author":{"name":"Guillem Asensio","@id":"https:\/\/www.willysplan.com\/#\/schema\/person\/6f2dbf2215cd25715df085907bd007c1"},"headline":"Ruta des de Penelles a l&#8217;Hotel Terradets","datePublished":"2020-07-05T16:51:18+00:00","dateModified":"2023-07-24T05:12:18+00:00","mainEntityOfPage":{"@id":"https:\/\/www.willysplan.com\/ca\/rutes\/ruta-des-de-penelles-a-lhotel-terradets"},"wordCount":876,"publisher":{"@id":"https:\/\/www.willysplan.com\/#organization"},"image":{"@id":"https:\/\/www.willysplan.com\/ca\/rutes\/ruta-des-de-penelles-a-lhotel-terradets#primaryimage"},"thumbnailUrl":"https:\/\/www.willysplan.com\/wp-content\/uploads\/2020\/07\/Hotel-Terradets\u200b.jpg","keywords":["rutes catalunya","rutes lleida prov\u00edncia"],"articleSection":["rutes"],"inLanguage":"ca"},{"@type":"WebPage","@id":"https:\/\/www.willysplan.com\/ca\/rutes\/ruta-des-de-penelles-a-lhotel-terradets","url":"https:\/\/www.willysplan.com\/ca\/rutes\/ruta-des-de-penelles-a-lhotel-terradets","name":"Ruta des de Penelles a l'Hotel Terradets - Willy's pla","isPartOf":{"@id":"https:\/\/www.willysplan.com\/#website"},"primaryImageOfPage":{"@id":"https:\/\/www.willysplan.com\/ca\/rutes\/ruta-des-de-penelles-a-lhotel-terradets#primaryimage"},"image":{"@id":"https:\/\/www.willysplan.com\/ca\/rutes\/ruta-des-de-penelles-a-lhotel-terradets#primaryimage"},"thumbnailUrl":"https:\/\/www.willysplan.com\/wp-content\/uploads\/2020\/07\/Hotel-Terradets\u200b.jpg","datePublished":"2020-07-05T16:51:18+00:00","dateModified":"2023-07-24T05:12:18+00:00","description":"Descobreix una de les millors rutes per fer a Penelles. Gaudeix visitant Penelles, la Baronia de Sant O\u00efsme, i l'Hotel Terradets.\u2705 Entra ara!","inLanguage":"ca","potentialAction":[{"@type":"ReadAction","target":["https:\/\/www.willysplan.com\/ca\/rutes\/ruta-des-de-penelles-a-lhotel-terradets"]}]},{"@type":"ImageObject","inLanguage":"ca","@id":"https:\/\/www.willysplan.com\/ca\/rutes\/ruta-des-de-penelles-a-lhotel-terradets#primaryimage","url":"https:\/\/www.willysplan.com\/wp-content\/uploads\/2020\/07\/Hotel-Terradets\u200b.jpg","contentUrl":"https:\/\/www.willysplan.com\/wp-content\/uploads\/2020\/07\/Hotel-Terradets\u200b.jpg","width":871,"height":481},{"@type":"WebSite","@id":"https:\/\/www.willysplan.com\/#website","url":"https:\/\/www.willysplan.com\/","name":"Willy&#039;s Plan \ud83c\udf43","description":"Escapadas y Planes de fin de semana","publisher":{"@id":"https:\/\/www.willysplan.com\/#organization"},"potentialAction":[{"@type":"SearchAction","target":{"@type":"EntryPoint","urlTemplate":"https:\/\/www.willysplan.com\/?s={search_term_string}"},"query-input":{"@type":"PropertyValueSpecification","valueRequired":true,"valueName":"search_term_string"}}],"inLanguage":"ca"},{"@type":"Organization","@id":"https:\/\/www.willysplan.com\/#organization","name":"Willy&#039;s Plan \ud83c\udf43","url":"https:\/\/www.willysplan.com\/","logo":{"@type":"ImageObject","inLanguage":"ca","@id":"https:\/\/www.willysplan.com\/#\/schema\/logo\/image\/","url":"https:\/\/www.willysplan.com\/wp-content\/uploads\/2020\/04\/cropped-logo-1.png","contentUrl":"https:\/\/www.willysplan.com\/wp-content\/uploads\/2020\/04\/cropped-logo-1.png","width":332,"height":332,"caption":"Willy&#039;s Plan \ud83c\udf43"},"image":{"@id":"https:\/\/www.willysplan.com\/#\/schema\/logo\/image\/"}},{"@type":"Person","@id":"https:\/\/www.willysplan.com\/#\/schema\/person\/6f2dbf2215cd25715df085907bd007c1","name":"Guillem Asensio","image":{"@type":"ImageObject","inLanguage":"ca","@id":"https:\/\/www.willysplan.com\/#\/schema\/person\/image\/","url":"https:\/\/secure.gravatar.com\/avatar\/fd3f69da3e6cd8d451f6be79c127da046757b9a4c273deefb40b1291809cc787?s=96&d=mm&r=g","contentUrl":"https:\/\/secure.gravatar.com\/avatar\/fd3f69da3e6cd8d451f6be79c127da046757b9a4c273deefb40b1291809cc787?s=96&d=mm&r=g","caption":"Guillem Asensio"},"sameAs":["https:\/\/willysplan.com"],"url":"https:\/\/www.willysplan.com\/ca\/author\/willy"}]}},"_links":{"self":[{"href":"https:\/\/www.willysplan.com\/ca\/wp-json\/wp\/v2\/posts\/16156","targetHints":{"allow":["GET"]}}],"collection":[{"href":"https:\/\/www.willysplan.com\/ca\/wp-json\/wp\/v2\/posts"}],"about":[{"href":"https:\/\/www.willysplan.com\/ca\/wp-json\/wp\/v2\/types\/post"}],"author":[{"embeddable":true,"href":"https:\/\/www.willysplan.com\/ca\/wp-json\/wp\/v2\/users\/2"}],"replies":[{"embeddable":true,"href":"https:\/\/www.willysplan.com\/ca\/wp-json\/wp\/v2\/comments?post=16156"}],"version-history":[{"count":7,"href":"https:\/\/www.willysplan.com\/ca\/wp-json\/wp\/v2\/posts\/16156\/revisions"}],"predecessor-version":[{"id":21450,"href":"https:\/\/www.willysplan.com\/ca\/wp-json\/wp\/v2\/posts\/16156\/revisions\/21450"}],"wp:featuredmedia":[{"embeddable":true,"href":"https:\/\/www.willysplan.com\/ca\/wp-json\/wp\/v2\/media\/13967"}],"wp:attachment":[{"href":"https:\/\/www.willysplan.com\/ca\/wp-json\/wp\/v2\/media?parent=16156"}],"wp:term":[{"taxonomy":"category","embeddable":true,"href":"https:\/\/www.willysplan.com\/ca\/wp-json\/wp\/v2\/categories?post=16156"},{"taxonomy":"post_tag","embeddable":true,"href":"https:\/\/www.willysplan.com\/ca\/wp-json\/wp\/v2\/tags?post=16156"}],"curies":[{"name":"wp","href":"https:\/\/api.w.org\/{rel}","templated":true}]}}