{"id":16127,"date":"2020-07-05T12:54:05","date_gmt":"2020-07-05T11:54:05","guid":{"rendered":"https:\/\/willysplan.com\/uncategorized-ca\/excursio-des-del-pont-den-valenti-al-gorg-blau-de-sant-aniol-agulla"},"modified":"2023-04-06T07:59:48","modified_gmt":"2023-04-06T06:59:48","slug":"excursio-des-del-pont-den-valenti-al-gorg-blau-de-sant-aniol-agulla","status":"publish","type":"post","link":"https:\/\/www.willysplan.com\/ca\/rutes\/excursio-des-del-pont-den-valenti-al-gorg-blau-de-sant-aniol-agulla","title":{"rendered":"Excursi\u00f3 des del Pont d&#8217;en Valent\u00ed al Gorg Blau de Sant Aniol Agulla"},"content":{"rendered":"\t\t<div data-elementor-type=\"wp-post\" data-elementor-id=\"16127\" class=\"elementor elementor-16127 elementor-2110\" data-elementor-post-type=\"post\">\n\t\t\t\t\t\t<section class=\"elementor-section elementor-top-section elementor-element elementor-element-f4c69cc elementor-section-boxed elementor-section-height-default elementor-section-height-default\" data-id=\"f4c69cc\" data-element_type=\"section\">\n\t\t\t\t\t\t<div class=\"elementor-container elementor-column-gap-default\">\n\t\t\t\t\t<div class=\"elementor-column elementor-col-50 elementor-top-column elementor-element elementor-element-164a862\" data-id=\"164a862\" data-element_type=\"column\">\n\t\t\t<div class=\"elementor-widget-wrap elementor-element-populated\">\n\t\t\t\t\t\t<div class=\"elementor-element elementor-element-29bc239 elementor-widget elementor-widget-text-editor\" data-id=\"29bc239\" data-element_type=\"widget\" data-widget_type=\"text-editor.default\">\n\t\t\t\t<div class=\"elementor-widget-container\">\n\t\t\t\t\t\t\t\t\t<p>En aquest Willy\u00b4s pla hem decidit fer una ruta natural per la zona de <strong>l\u00b4Alta Garrotxa<\/strong> , per ser m\u00e9s exactes als voltants del municipi de <strong>Sant Aniol D\u00b4Aguja.<\/strong><\/p>\n<p>Aqu\u00ed recorrerem els incre\u00efbles boscos a la tardor de la zona de la <strong>Girona<\/strong> profunda, passant per Ponts de pedra, visitant alguna ermita, i acabant en un Gorg d&#8217;aig\u00fces transparents. Sens dubte un pla incre\u00efble <a href=\"https:\/\/www.willysplan.com\/que-hacer\/girona\">per fer a Girona<\/a> un cap de setmana. Et ve de gust?<\/p>\n<p>En aquest Willy\u00b4s pla hem decidit fer-ne una <br \/><strong>ruta des de<\/strong> <strong>Pont d&#8217;en Valent\u00ed<\/strong> <strong>a<\/strong> <strong>Sant Aniol Aguja<\/strong> <strong>.<\/strong> Tot per tal d&#8217;ensenyar-vos una de les comarques m\u00e9s boniques de Catalunya i que pugueu con\u00e8ixer un poble poc tur\u00edstic, per\u00f2 seductor. Benvinguts a <strong>Sant Aniol D&#8217;Aguja<\/strong> a la comarca de <strong>l\u00b4Alta Garrotxa\u2026<\/strong><\/p>\n\t\t\t\t\t\t\t\t<\/div>\n\t\t\t\t<\/div>\n\t\t\t\t\t<\/div>\n\t\t<\/div>\n\t\t\t\t<div class=\"elementor-column elementor-col-50 elementor-top-column elementor-element elementor-element-f0384f5\" data-id=\"f0384f5\" data-element_type=\"column\">\n\t\t\t<div class=\"elementor-widget-wrap elementor-element-populated\">\n\t\t\t\t\t\t<div class=\"elementor-element elementor-element-498d22e elementor-widget elementor-widget-image\" data-id=\"498d22e\" data-element_type=\"widget\" data-widget_type=\"image.default\">\n\t\t\t\t<div class=\"elementor-widget-container\">\n\t\t\t\t\t\t\t\t\t\t\t\t\t\t\t<img fetchpriority=\"high\" decoding=\"async\" width=\"768\" height=\"472\" src=\"https:\/\/www.willysplan.com\/wp-content\/uploads\/2020\/07\/gorg-blau-11-768x472.jpg\" class=\"attachment-medium_large size-medium_large wp-image-13349\" alt=\"\" srcset=\"https:\/\/www.willysplan.com\/wp-content\/uploads\/2020\/07\/gorg-blau-11-768x472.jpg 768w, https:\/\/www.willysplan.com\/wp-content\/uploads\/2020\/07\/gorg-blau-11-300x184.jpg 300w, https:\/\/www.willysplan.com\/wp-content\/uploads\/2020\/07\/gorg-blau-11-651x400.jpg 651w, https:\/\/www.willysplan.com\/wp-content\/uploads\/2020\/07\/gorg-blau-11-585x359.jpg 585w, https:\/\/www.willysplan.com\/wp-content\/uploads\/2020\/07\/gorg-blau-11-600x369.jpg 600w, https:\/\/www.willysplan.com\/wp-content\/uploads\/2020\/07\/gorg-blau-11.jpg 796w\" sizes=\"(max-width: 768px) 100vw, 768px\" \/>\t\t\t\t\t\t\t\t\t\t\t\t\t\t\t<\/div>\n\t\t\t\t<\/div>\n\t\t\t\t\t<\/div>\n\t\t<\/div>\n\t\t\t\t\t<\/div>\n\t\t<\/section>\n\t\t\t\t<section class=\"elementor-section elementor-top-section elementor-element elementor-element-671cd3c elementor-section-boxed elementor-section-height-default elementor-section-height-default\" data-id=\"671cd3c\" data-element_type=\"section\">\n\t\t\t\t\t\t<div class=\"elementor-container elementor-column-gap-default\">\n\t\t\t\t\t<div class=\"elementor-column elementor-col-100 elementor-top-column elementor-element elementor-element-eaffc38\" data-id=\"eaffc38\" data-element_type=\"column\">\n\t\t\t<div class=\"elementor-widget-wrap elementor-element-populated\">\n\t\t\t\t\t\t<div class=\"elementor-element elementor-element-ac561a4 elementor-widget elementor-widget-text-editor\" data-id=\"ac561a4\" data-element_type=\"widget\" data-widget_type=\"text-editor.default\">\n\t\t\t\t<div class=\"elementor-widget-container\">\n\t\t\t\t\t\t\t\t\t<p>Comen\u00e7arem recorrent uns 15 km de llarg, deixant el vehicle al p\u00e0rquing que hi ha al costat del c\u00e0mping de Sardenes (entre setmana o festius abans de les 9am). El cam\u00ed est\u00e0 degudament senyalitzat, aix\u00ed que no hi ha p\u00e8rdua per arribar al nostre primer lloc: el <strong>Pont d&#8217;en Valent\u00ed<\/strong> .<\/p>\n<p>En passar el Pont anterior ens trobem amb una bifurcaci\u00f3, aix\u00ed que \u00e9s indiferent el cam\u00ed que prenem perqu\u00e8 la ruta \u00e9s circular. Despr\u00e9s d&#8217;una estona caminant i passant per zones de vegetaci\u00f3 abundant, passarem per la presa de Gomarell abans de trobar-nos amb el nostre segon lloc: l&#8217; <strong>Ermita de Sant Aniol Aguja<\/strong> .<\/p>\n<p>Despr\u00e9s de descansar a l&#8217;ermita i recuperar forces amb una mica de menjar (que per cert us recomanem portar), seguirem el cam\u00ed trobant-nos el <strong>Gorg Blau<\/strong> i el <strong>Salt del Brull<\/strong> , on acabarem la nostra ruta.<\/p>\n\t\t\t\t\t\t\t\t<\/div>\n\t\t\t\t<\/div>\n\t\t\t\t\t<\/div>\n\t\t<\/div>\n\t\t\t\t\t<\/div>\n\t\t<\/section>\n\t\t\t\t<section class=\"elementor-section elementor-top-section elementor-element elementor-element-36fe8d4 elementor-section-boxed elementor-section-height-default elementor-section-height-default\" data-id=\"36fe8d4\" data-element_type=\"section\">\n\t\t\t\t\t\t<div class=\"elementor-container elementor-column-gap-default\">\n\t\t\t\t\t<div class=\"elementor-column elementor-col-100 elementor-top-column elementor-element elementor-element-da527a3\" data-id=\"da527a3\" data-element_type=\"column\">\n\t\t\t<div class=\"elementor-widget-wrap elementor-element-populated\">\n\t\t\t\t\t\t<div class=\"elementor-element elementor-element-005077d elementor-widget elementor-widget-heading\" data-id=\"005077d\" data-element_type=\"widget\" data-widget_type=\"heading.default\">\n\t\t\t\t<div class=\"elementor-widget-container\">\n\t\t\t\t\t<h2 class=\"elementor-heading-title elementor-size-default\">Pont d'en Valent\u00ed<\/h2>\t\t\t\t<\/div>\n\t\t\t\t<\/div>\n\t\t\t\t\t<\/div>\n\t\t<\/div>\n\t\t\t\t\t<\/div>\n\t\t<\/section>\n\t\t\t\t<section class=\"elementor-section elementor-top-section elementor-element elementor-element-39c50f9 elementor-section-boxed elementor-section-height-default elementor-section-height-default\" data-id=\"39c50f9\" data-element_type=\"section\">\n\t\t\t\t\t\t<div class=\"elementor-container elementor-column-gap-default\">\n\t\t\t\t\t<div class=\"elementor-column elementor-col-50 elementor-top-column elementor-element elementor-element-3adfcf7\" data-id=\"3adfcf7\" data-element_type=\"column\">\n\t\t\t<div class=\"elementor-widget-wrap elementor-element-populated\">\n\t\t\t\t\t\t<div class=\"elementor-element elementor-element-ed3d3de elementor-widget elementor-widget-image\" data-id=\"ed3d3de\" data-element_type=\"widget\" data-widget_type=\"image.default\">\n\t\t\t\t<div class=\"elementor-widget-container\">\n\t\t\t\t\t\t\t\t\t\t\t\t\t\t\t<img decoding=\"async\" width=\"768\" height=\"768\" src=\"https:\/\/www.willysplan.com\/wp-content\/uploads\/2020\/07\/7-31-768x768.jpg\" class=\"attachment-medium_large size-medium_large wp-image-13351\" alt=\"\" srcset=\"https:\/\/www.willysplan.com\/wp-content\/uploads\/2020\/07\/7-31-768x768.jpg 768w, https:\/\/www.willysplan.com\/wp-content\/uploads\/2020\/07\/7-31-300x300.jpg 300w, https:\/\/www.willysplan.com\/wp-content\/uploads\/2020\/07\/7-31-1024x1024.jpg 1024w, https:\/\/www.willysplan.com\/wp-content\/uploads\/2020\/07\/7-31-150x150.jpg 150w, https:\/\/www.willysplan.com\/wp-content\/uploads\/2020\/07\/7-31-480x480.jpg 480w, https:\/\/www.willysplan.com\/wp-content\/uploads\/2020\/07\/7-31-280x280.jpg 280w, https:\/\/www.willysplan.com\/wp-content\/uploads\/2020\/07\/7-31-960x960.jpg 960w, https:\/\/www.willysplan.com\/wp-content\/uploads\/2020\/07\/7-31-400x400.jpg 400w, https:\/\/www.willysplan.com\/wp-content\/uploads\/2020\/07\/7-31-585x585.jpg 585w, https:\/\/www.willysplan.com\/wp-content\/uploads\/2020\/07\/7-31-600x600.jpg 600w, https:\/\/www.willysplan.com\/wp-content\/uploads\/2020\/07\/7-31-100x100.jpg 100w, https:\/\/www.willysplan.com\/wp-content\/uploads\/2020\/07\/7-31.jpg 1080w\" sizes=\"(max-width: 768px) 100vw, 768px\" \/>\t\t\t\t\t\t\t\t\t\t\t\t\t\t\t<\/div>\n\t\t\t\t<\/div>\n\t\t\t\t\t<\/div>\n\t\t<\/div>\n\t\t\t\t<div class=\"elementor-column elementor-col-50 elementor-top-column elementor-element elementor-element-df1ea3c\" data-id=\"df1ea3c\" data-element_type=\"column\">\n\t\t\t<div class=\"elementor-widget-wrap elementor-element-populated\">\n\t\t\t\t\t\t<div class=\"elementor-element elementor-element-4b1d3b8 elementor-widget elementor-widget-image\" data-id=\"4b1d3b8\" data-element_type=\"widget\" data-widget_type=\"image.default\">\n\t\t\t\t<div class=\"elementor-widget-container\">\n\t\t\t\t\t\t\t\t\t\t\t\t\t\t\t<img decoding=\"async\" width=\"768\" height=\"768\" src=\"https:\/\/www.willysplan.com\/wp-content\/uploads\/2020\/07\/6-321-768x768.jpg\" class=\"attachment-medium_large size-medium_large wp-image-13353\" alt=\"\" srcset=\"https:\/\/www.willysplan.com\/wp-content\/uploads\/2020\/07\/6-321-768x768.jpg 768w, https:\/\/www.willysplan.com\/wp-content\/uploads\/2020\/07\/6-321-300x300.jpg 300w, https:\/\/www.willysplan.com\/wp-content\/uploads\/2020\/07\/6-321-1024x1024.jpg 1024w, https:\/\/www.willysplan.com\/wp-content\/uploads\/2020\/07\/6-321-150x150.jpg 150w, https:\/\/www.willysplan.com\/wp-content\/uploads\/2020\/07\/6-321-480x480.jpg 480w, https:\/\/www.willysplan.com\/wp-content\/uploads\/2020\/07\/6-321-280x280.jpg 280w, https:\/\/www.willysplan.com\/wp-content\/uploads\/2020\/07\/6-321-960x960.jpg 960w, https:\/\/www.willysplan.com\/wp-content\/uploads\/2020\/07\/6-321-400x400.jpg 400w, https:\/\/www.willysplan.com\/wp-content\/uploads\/2020\/07\/6-321-585x585.jpg 585w, https:\/\/www.willysplan.com\/wp-content\/uploads\/2020\/07\/6-321-600x600.jpg 600w, https:\/\/www.willysplan.com\/wp-content\/uploads\/2020\/07\/6-321-100x100.jpg 100w, https:\/\/www.willysplan.com\/wp-content\/uploads\/2020\/07\/6-321.jpg 1080w\" sizes=\"(max-width: 768px) 100vw, 768px\" \/>\t\t\t\t\t\t\t\t\t\t\t\t\t\t\t<\/div>\n\t\t\t\t<\/div>\n\t\t\t\t\t<\/div>\n\t\t<\/div>\n\t\t\t\t\t<\/div>\n\t\t<\/section>\n\t\t\t\t<section class=\"elementor-section elementor-top-section elementor-element elementor-element-4e88c10 elementor-section-boxed elementor-section-height-default elementor-section-height-default\" data-id=\"4e88c10\" data-element_type=\"section\">\n\t\t\t\t\t\t<div class=\"elementor-container elementor-column-gap-default\">\n\t\t\t\t\t<div class=\"elementor-column elementor-col-100 elementor-top-column elementor-element elementor-element-8ccc3a4\" data-id=\"8ccc3a4\" data-element_type=\"column\">\n\t\t\t<div class=\"elementor-widget-wrap elementor-element-populated\">\n\t\t\t\t\t\t<div class=\"elementor-element elementor-element-39dc59f elementor-widget elementor-widget-text-editor\" data-id=\"39dc59f\" data-element_type=\"widget\" data-widget_type=\"text-editor.default\">\n\t\t\t\t<div class=\"elementor-widget-container\">\n\t\t\t\t\t\t\t\t\t<p>El <strong>Pont d&#8217;en Valent\u00ed<\/strong> \u00e9s la porta d&#8217;entrada a la nostra ruta per <strong>Sardenes<\/strong> . El m\u00e9s encantador d\u00b4aquest petit Pont medieval d\u00b4un sol arc de grans dimensions, \u00e9s que est\u00e0 fet de pedra petita i que encara es conserva en molt bon estat. A m\u00e9s es troba ubicat sobre el riu Llierca, un dels afluents m\u00e9s importants de la regi\u00f3.<\/p>\n<p>En estar envoltat de molta vegetaci\u00f3 el <strong>Pont d&#8217;en Valent\u00ed,<\/strong> \u00e9s com un petit tresor amagat i segur aix\u00f2 \u00e9s el que m\u00e9s ens va cridar latenci\u00f3 de tots els Ponts de la zona, a m\u00e9s que segons els seus habitants \u00e9s un dels m\u00e9s importants, ja que es va construir per permetre lacc\u00e9s a les zones forestals de l&#8217;alta Garrotxa i facilito les rutes entre alguns pobles a la seva \u00e8poca de construcci\u00f3.<\/p>\n\t\t\t\t\t\t\t\t<\/div>\n\t\t\t\t<\/div>\n\t\t\t\t\t<\/div>\n\t\t<\/div>\n\t\t\t\t\t<\/div>\n\t\t<\/section>\n\t\t\t\t<section class=\"elementor-section elementor-top-section elementor-element elementor-element-cf26dc9 elementor-section-boxed elementor-section-height-default elementor-section-height-default\" data-id=\"cf26dc9\" data-element_type=\"section\">\n\t\t\t\t\t\t<div class=\"elementor-container elementor-column-gap-default\">\n\t\t\t\t\t<div class=\"elementor-column elementor-col-100 elementor-top-column elementor-element elementor-element-5689fda\" data-id=\"5689fda\" data-element_type=\"column\">\n\t\t\t<div class=\"elementor-widget-wrap elementor-element-populated\">\n\t\t\t\t\t\t<div class=\"elementor-element elementor-element-ec10ffc elementor-widget elementor-widget-heading\" data-id=\"ec10ffc\" data-element_type=\"widget\" data-widget_type=\"heading.default\">\n\t\t\t\t<div class=\"elementor-widget-container\">\n\t\t\t\t\t<h2 class=\"elementor-heading-title elementor-size-default\">Ermita Sant Aniol Agulla<\/h2>\t\t\t\t<\/div>\n\t\t\t\t<\/div>\n\t\t\t\t\t<\/div>\n\t\t<\/div>\n\t\t\t\t\t<\/div>\n\t\t<\/section>\n\t\t\t\t<section class=\"elementor-section elementor-top-section elementor-element elementor-element-9ca4401 elementor-section-boxed elementor-section-height-default elementor-section-height-default\" data-id=\"9ca4401\" data-element_type=\"section\">\n\t\t\t\t\t\t<div class=\"elementor-container elementor-column-gap-default\">\n\t\t\t\t\t<div class=\"elementor-column elementor-col-50 elementor-top-column elementor-element elementor-element-5b24e51\" data-id=\"5b24e51\" data-element_type=\"column\">\n\t\t\t<div class=\"elementor-widget-wrap elementor-element-populated\">\n\t\t\t\t\t\t<div class=\"elementor-element elementor-element-e6250d6 elementor-widget elementor-widget-image\" data-id=\"e6250d6\" data-element_type=\"widget\" data-widget_type=\"image.default\">\n\t\t\t\t<div class=\"elementor-widget-container\">\n\t\t\t\t\t\t\t\t\t\t\t\t\t\t\t<img loading=\"lazy\" decoding=\"async\" width=\"768\" height=\"768\" src=\"https:\/\/www.willysplan.com\/wp-content\/uploads\/2020\/07\/8-31-768x768.jpg\" class=\"attachment-medium_large size-medium_large wp-image-13355\" alt=\"\" srcset=\"https:\/\/www.willysplan.com\/wp-content\/uploads\/2020\/07\/8-31-768x768.jpg 768w, https:\/\/www.willysplan.com\/wp-content\/uploads\/2020\/07\/8-31-300x300.jpg 300w, https:\/\/www.willysplan.com\/wp-content\/uploads\/2020\/07\/8-31-1024x1024.jpg 1024w, https:\/\/www.willysplan.com\/wp-content\/uploads\/2020\/07\/8-31-150x150.jpg 150w, https:\/\/www.willysplan.com\/wp-content\/uploads\/2020\/07\/8-31-480x480.jpg 480w, https:\/\/www.willysplan.com\/wp-content\/uploads\/2020\/07\/8-31-280x280.jpg 280w, https:\/\/www.willysplan.com\/wp-content\/uploads\/2020\/07\/8-31-960x960.jpg 960w, https:\/\/www.willysplan.com\/wp-content\/uploads\/2020\/07\/8-31-400x400.jpg 400w, https:\/\/www.willysplan.com\/wp-content\/uploads\/2020\/07\/8-31-585x585.jpg 585w, https:\/\/www.willysplan.com\/wp-content\/uploads\/2020\/07\/8-31-600x600.jpg 600w, https:\/\/www.willysplan.com\/wp-content\/uploads\/2020\/07\/8-31-100x100.jpg 100w, https:\/\/www.willysplan.com\/wp-content\/uploads\/2020\/07\/8-31.jpg 1080w\" sizes=\"(max-width: 768px) 100vw, 768px\" \/>\t\t\t\t\t\t\t\t\t\t\t\t\t\t\t<\/div>\n\t\t\t\t<\/div>\n\t\t\t\t\t<\/div>\n\t\t<\/div>\n\t\t\t\t<div class=\"elementor-column elementor-col-50 elementor-top-column elementor-element elementor-element-1ddf456\" data-id=\"1ddf456\" data-element_type=\"column\">\n\t\t\t<div class=\"elementor-widget-wrap elementor-element-populated\">\n\t\t\t\t\t\t<div class=\"elementor-element elementor-element-d7c2521 elementor-widget elementor-widget-image\" data-id=\"d7c2521\" data-element_type=\"widget\" data-widget_type=\"image.default\">\n\t\t\t\t<div class=\"elementor-widget-container\">\n\t\t\t\t\t\t\t\t\t\t\t\t\t\t\t<img loading=\"lazy\" decoding=\"async\" width=\"768\" height=\"768\" src=\"https:\/\/www.willysplan.com\/wp-content\/uploads\/2020\/07\/10-31-768x768.jpg\" class=\"attachment-medium_large size-medium_large wp-image-13359\" alt=\"\" srcset=\"https:\/\/www.willysplan.com\/wp-content\/uploads\/2020\/07\/10-31-768x768.jpg 768w, https:\/\/www.willysplan.com\/wp-content\/uploads\/2020\/07\/10-31-300x300.jpg 300w, https:\/\/www.willysplan.com\/wp-content\/uploads\/2020\/07\/10-31-1024x1024.jpg 1024w, https:\/\/www.willysplan.com\/wp-content\/uploads\/2020\/07\/10-31-150x150.jpg 150w, https:\/\/www.willysplan.com\/wp-content\/uploads\/2020\/07\/10-31-480x480.jpg 480w, https:\/\/www.willysplan.com\/wp-content\/uploads\/2020\/07\/10-31-280x280.jpg 280w, https:\/\/www.willysplan.com\/wp-content\/uploads\/2020\/07\/10-31-960x960.jpg 960w, https:\/\/www.willysplan.com\/wp-content\/uploads\/2020\/07\/10-31-400x400.jpg 400w, https:\/\/www.willysplan.com\/wp-content\/uploads\/2020\/07\/10-31-585x585.jpg 585w, https:\/\/www.willysplan.com\/wp-content\/uploads\/2020\/07\/10-31-600x600.jpg 600w, https:\/\/www.willysplan.com\/wp-content\/uploads\/2020\/07\/10-31-100x100.jpg 100w, https:\/\/www.willysplan.com\/wp-content\/uploads\/2020\/07\/10-31.jpg 1080w\" sizes=\"(max-width: 768px) 100vw, 768px\" \/>\t\t\t\t\t\t\t\t\t\t\t\t\t\t\t<\/div>\n\t\t\t\t<\/div>\n\t\t\t\t\t<\/div>\n\t\t<\/div>\n\t\t\t\t\t<\/div>\n\t\t<\/section>\n\t\t\t\t<section class=\"elementor-section elementor-top-section elementor-element elementor-element-090337d elementor-section-boxed elementor-section-height-default elementor-section-height-default\" data-id=\"090337d\" data-element_type=\"section\">\n\t\t\t\t\t\t<div class=\"elementor-container elementor-column-gap-default\">\n\t\t\t\t\t<div class=\"elementor-column elementor-col-100 elementor-top-column elementor-element elementor-element-10259a1\" data-id=\"10259a1\" data-element_type=\"column\">\n\t\t\t<div class=\"elementor-widget-wrap elementor-element-populated\">\n\t\t\t\t\t\t<div class=\"elementor-element elementor-element-67842ef elementor-widget elementor-widget-text-editor\" data-id=\"67842ef\" data-element_type=\"widget\" data-widget_type=\"text-editor.default\">\n\t\t\t\t<div class=\"elementor-widget-container\">\n\t\t\t\t\t\t\t\t\t<p>En aquest segon lloc vol\u00edem destacar tot l&#8217;encant de la <strong>Ermita St. Aniol Agulla. <\/strong>Com el seu nom ho indica, aquesta antiga esgl\u00e9sia de l&#8217;any 859 fa rever\u00e8ncia al sant que porta el seu nom i en si \u00e8poca va ser un dels monestirs benedictins m\u00e9s importants de Besal\u00fa.<\/p>\n<p>Aquest monestir era realment petit i la seva comunitat era proporcional a aquest, per la qual cosa no va comptar amb recursos suficients per al seu manteniment. Amb el temps es va veure sotm\u00e8s al domini dels canonges de la catedral de Girona, que se&#8217;n van fer c\u00e0rrec.<\/p>\n<p>Aquesta construcci\u00f3 es mant\u00e9 vigent, per la fervent devoci\u00f3 de la poblaci\u00f3 i la gran majoria de feligresos que hi acudeixen una gran part de l&#8217;any i per descomptat no vol\u00edem que et perdessis tot l&#8217;encant d&#8217;aquesta petita ermita.<\/p>\n\t\t\t\t\t\t\t\t<\/div>\n\t\t\t\t<\/div>\n\t\t\t\t\t<\/div>\n\t\t<\/div>\n\t\t\t\t\t<\/div>\n\t\t<\/section>\n\t\t\t\t<section class=\"elementor-section elementor-top-section elementor-element elementor-element-228dd78 elementor-section-boxed elementor-section-height-default elementor-section-height-default\" data-id=\"228dd78\" data-element_type=\"section\">\n\t\t\t\t\t\t<div class=\"elementor-container elementor-column-gap-default\">\n\t\t\t\t\t<div class=\"elementor-column elementor-col-100 elementor-top-column elementor-element elementor-element-6fe37a6\" data-id=\"6fe37a6\" data-element_type=\"column\">\n\t\t\t<div class=\"elementor-widget-wrap elementor-element-populated\">\n\t\t\t\t\t\t<div class=\"elementor-element elementor-element-c9dcbd0 elementor-widget elementor-widget-heading\" data-id=\"c9dcbd0\" data-element_type=\"widget\" data-widget_type=\"heading.default\">\n\t\t\t\t<div class=\"elementor-widget-container\">\n\t\t\t\t\t<h2 class=\"elementor-heading-title elementor-size-default\">Gorg Blau <\/h2>\t\t\t\t<\/div>\n\t\t\t\t<\/div>\n\t\t\t\t\t<\/div>\n\t\t<\/div>\n\t\t\t\t\t<\/div>\n\t\t<\/section>\n\t\t\t\t<section class=\"elementor-section elementor-top-section elementor-element elementor-element-ff2fe61 elementor-section-boxed elementor-section-height-default elementor-section-height-default\" data-id=\"ff2fe61\" data-element_type=\"section\">\n\t\t\t\t\t\t<div class=\"elementor-container elementor-column-gap-default\">\n\t\t\t\t\t<div class=\"elementor-column elementor-col-100 elementor-top-column elementor-element elementor-element-ebf24c2\" data-id=\"ebf24c2\" data-element_type=\"column\">\n\t\t\t<div class=\"elementor-widget-wrap elementor-element-populated\">\n\t\t\t\t\t\t<div class=\"elementor-element elementor-element-060f0c7 elementor-widget elementor-widget-image\" data-id=\"060f0c7\" data-element_type=\"widget\" data-widget_type=\"image.default\">\n\t\t\t\t<div class=\"elementor-widget-container\">\n\t\t\t\t\t\t\t\t\t\t\t\t\t\t\t<img loading=\"lazy\" decoding=\"async\" width=\"768\" height=\"768\" src=\"https:\/\/www.willysplan.com\/wp-content\/uploads\/2020\/07\/12-11-768x768.jpg\" class=\"attachment-medium_large size-medium_large wp-image-13361\" alt=\"\" srcset=\"https:\/\/www.willysplan.com\/wp-content\/uploads\/2020\/07\/12-11-768x768.jpg 768w, https:\/\/www.willysplan.com\/wp-content\/uploads\/2020\/07\/12-11-300x300.jpg 300w, https:\/\/www.willysplan.com\/wp-content\/uploads\/2020\/07\/12-11-1024x1024.jpg 1024w, https:\/\/www.willysplan.com\/wp-content\/uploads\/2020\/07\/12-11-150x150.jpg 150w, https:\/\/www.willysplan.com\/wp-content\/uploads\/2020\/07\/12-11-480x480.jpg 480w, https:\/\/www.willysplan.com\/wp-content\/uploads\/2020\/07\/12-11-280x280.jpg 280w, https:\/\/www.willysplan.com\/wp-content\/uploads\/2020\/07\/12-11-960x960.jpg 960w, https:\/\/www.willysplan.com\/wp-content\/uploads\/2020\/07\/12-11-400x400.jpg 400w, https:\/\/www.willysplan.com\/wp-content\/uploads\/2020\/07\/12-11-585x585.jpg 585w, https:\/\/www.willysplan.com\/wp-content\/uploads\/2020\/07\/12-11-600x600.jpg 600w, https:\/\/www.willysplan.com\/wp-content\/uploads\/2020\/07\/12-11-100x100.jpg 100w, https:\/\/www.willysplan.com\/wp-content\/uploads\/2020\/07\/12-11.jpg 1080w\" sizes=\"(max-width: 768px) 100vw, 768px\" \/>\t\t\t\t\t\t\t\t\t\t\t\t\t\t\t<\/div>\n\t\t\t\t<\/div>\n\t\t\t\t\t<\/div>\n\t\t<\/div>\n\t\t\t\t\t<\/div>\n\t\t<\/section>\n\t\t\t\t<section class=\"elementor-section elementor-top-section elementor-element elementor-element-649f78d elementor-section-boxed elementor-section-height-default elementor-section-height-default\" data-id=\"649f78d\" data-element_type=\"section\">\n\t\t\t\t\t\t<div class=\"elementor-container elementor-column-gap-default\">\n\t\t\t\t\t<div class=\"elementor-column elementor-col-100 elementor-top-column elementor-element elementor-element-bd8f266\" data-id=\"bd8f266\" data-element_type=\"column\">\n\t\t\t<div class=\"elementor-widget-wrap elementor-element-populated\">\n\t\t\t\t\t\t<div class=\"elementor-element elementor-element-6131457 elementor-widget elementor-widget-text-editor\" data-id=\"6131457\" data-element_type=\"widget\" data-widget_type=\"text-editor.default\">\n\t\t\t\t<div class=\"elementor-widget-container\">\n\t\t\t\t\t\t\t\t\t<p>Encara que no ho cregueu, durant tot el recorregut hem anat vorejant la riera <strong>del riu Sant Aniol<\/strong> , per acabar just a <strong>Gorg Blau<\/strong> . En aquest lloc deixarem el cotxe al p\u00e0rquing que \u00e9s al costat del c\u00e0mping de Sardenes i seguirem caminant pel cam\u00ed senyalitzat, que per cert no t\u00e9 p\u00e8rdua.<\/p>\n<p>El m\u00e9s incre\u00efble d&#8217;aquest recorregut cap a <strong>Gorg Blau<\/strong> i el <strong>Salt del Brull<\/strong> , \u00e9s que \u00e9s un pla molt f\u00e0cil de fer amb tota la fam\u00edlia, amics i fins i tot pot ser una molt bona opci\u00f3 per escapar-vos en parella. Tamb\u00e9 gaudireu de la vegetaci\u00f3 i els monuments que van apareixent al cam\u00ed, per acabar una mica m\u00e9s fresquets a les aig\u00fces d&#8217;aquesta font.<\/p>\n<p>Si us animeu a arribar fins aqu\u00ed, \u00e9s important portar roba i sobretot sabatilles de senderisme, per estar m\u00e9s c\u00f2modes, la resta \u00e9s gaudir d&#8217;aquest bonic paratge natural, que ens ofereix aquesta ruta per l&#8217; <strong>Alta Garrotxa.<\/strong><\/p>\n\t\t\t\t\t\t\t\t<\/div>\n\t\t\t\t<\/div>\n\t\t\t\t\t<\/div>\n\t\t<\/div>\n\t\t\t\t\t<\/div>\n\t\t<\/section>\n\t\t\t\t<section class=\"elementor-section elementor-top-section elementor-element elementor-element-bbab0d8 elementor-section-boxed elementor-section-height-default elementor-section-height-default\" data-id=\"bbab0d8\" data-element_type=\"section\">\n\t\t\t\t\t\t<div class=\"elementor-container elementor-column-gap-default\">\n\t\t\t\t\t<div class=\"elementor-column elementor-col-100 elementor-top-column elementor-element elementor-element-7567efb\" data-id=\"7567efb\" data-element_type=\"column\">\n\t\t\t<div class=\"elementor-widget-wrap elementor-element-populated\">\n\t\t\t\t\t\t<div class=\"elementor-element elementor-element-2936f60 elementor-widget elementor-widget-heading\" data-id=\"2936f60\" data-element_type=\"widget\" data-widget_type=\"heading.default\">\n\t\t\t\t<div class=\"elementor-widget-container\">\n\t\t\t\t\t<h2 class=\"elementor-heading-title elementor-size-default\">Altres rutes que tamb\u00e9 et poden interessar...<\/h2>\t\t\t\t<\/div>\n\t\t\t\t<\/div>\n\t\t\t\t\t<\/div>\n\t\t<\/div>\n\t\t\t\t\t<\/div>\n\t\t<\/section>\n\t\t\t\t<section class=\"elementor-section elementor-top-section elementor-element elementor-element-ff229d1 elementor-section-boxed elementor-section-height-default elementor-section-height-default\" data-id=\"ff229d1\" data-element_type=\"section\">\n\t\t\t\t\t\t<div class=\"elementor-container elementor-column-gap-default\">\n\t\t\t\t\t<div class=\"elementor-column elementor-col-100 elementor-top-column elementor-element elementor-element-77bf874\" data-id=\"77bf874\" data-element_type=\"column\">\n\t\t\t<div class=\"elementor-widget-wrap elementor-element-populated\">\n\t\t\t\t\t\t\t<\/div>\n\t\t<\/div>\n\t\t\t\t\t<\/div>\n\t\t<\/section>\n\t\t\t\t<\/div>\n\t\t","protected":false},"excerpt":{"rendered":"<p>En aquest Willy\u00b4s pla hem decidit fer una ruta natural per la zona de l\u00b4Alta Garrotxa , per ser m\u00e9s exactes als voltants del municipi de Sant Aniol D\u00b4Aguja. Aqu\u00ed recorrerem els incre\u00efbles boscos a la tardor de la zona de la Girona profunda, passant per Ponts de pedra, visitant alguna ermita, i acabant en&hellip;&nbsp;<a href=\"https:\/\/www.willysplan.com\/ca\/rutes\/excursio-des-del-pont-den-valenti-al-gorg-blau-de-sant-aniol-agulla\" rel=\"bookmark\">Llegiu m\u00e9s &raquo;<span class=\"screen-reader-text\">Excursi\u00f3 des del Pont d&#8217;en Valent\u00ed al Gorg Blau de Sant Aniol Agulla<\/span><\/a><\/p>\n","protected":false},"author":2,"featured_media":13347,"comment_status":"closed","ping_status":"closed","sticky":false,"template":"","format":"standard","meta":{"neve_meta_sidebar":"","neve_meta_container":"","neve_meta_enable_content_width":"","neve_meta_content_width":0,"neve_meta_title_alignment":"","neve_meta_author_avatar":"","neve_post_elements_order":"","neve_meta_disable_header":"","neve_meta_disable_footer":"","neve_meta_disable_title":"","_joinchat":[],"footnotes":""},"categories":[323],"tags":[360,361,435,392,393],"class_list":["post-16127","post","type-post","status-publish","format-standard","has-post-thumbnail","hentry","category-rutes","tag-rutes-catalunya","tag-rutes-girona-provincia","tag-rutes-joanetes","tag-rutes-la-garrotxa","tag-rutes-olot"],"yoast_head":"<!-- This site is optimized with the Yoast SEO Premium plugin v20.1 (Yoast SEO v26.9) - https:\/\/yoast.com\/product\/yoast-seo-premium-wordpress\/ -->\n<title>Ruta el Pont d&#039;en Valent\u00ed al Gorg Blau de Sant Aniol Agulla - Willy&#039;s pla<\/title>\n<meta name=\"description\" content=\"Descobreix una de les millors rutes per fer a Sant Aniol Aguja. Visita el Pont d&#039;en Valent\u00ed, l&#039;Ermita St. Aniol Aguja, i el Gorg Blau. \u2705 Entra ara!\" \/>\n<meta name=\"robots\" content=\"index, follow, max-snippet:-1, max-image-preview:large, max-video-preview:-1\" \/>\n<link rel=\"canonical\" href=\"https:\/\/willysplan.com\/ca\/rutes\/excursio-des-del-pont-den-valenti-al-gorg-blau-de-sant-aniol-agulla\" \/>\n<meta property=\"og:locale\" content=\"ca_ES\" \/>\n<meta property=\"og:type\" content=\"article\" \/>\n<meta property=\"og:title\" content=\"Excursi\u00f3 des del Pont d&#039;en Valent\u00ed al Gorg Blau de Sant Aniol Agulla\" \/>\n<meta property=\"og:description\" content=\"Descobreix una de les millors rutes per fer a Sant Aniol Aguja. Visita el Pont d&#039;en Valent\u00ed, l&#039;Ermita St. Aniol Aguja, i el Gorg Blau. \u2705 Entra ara!\" \/>\n<meta property=\"og:url\" content=\"https:\/\/willysplan.com\/ca\/rutes\/excursio-des-del-pont-den-valenti-al-gorg-blau-de-sant-aniol-agulla\" \/>\n<meta property=\"og:site_name\" content=\"Willy&#039;s Plan \ud83c\udf43\" \/>\n<meta property=\"article:published_time\" content=\"2020-07-05T11:54:05+00:00\" \/>\n<meta property=\"article:modified_time\" content=\"2023-04-06T06:59:48+00:00\" \/>\n<meta property=\"og:image\" content=\"https:\/\/www.willysplan.com\/wp-content\/uploads\/2020\/07\/joanetes-rutas-PAINT.jpg\" \/>\n\t<meta property=\"og:image:width\" content=\"1200\" \/>\n\t<meta property=\"og:image:height\" content=\"800\" \/>\n\t<meta property=\"og:image:type\" content=\"image\/jpeg\" \/>\n<meta name=\"author\" content=\"Guillem Asensio\" \/>\n<meta name=\"twitter:card\" content=\"summary_large_image\" \/>\n<meta name=\"twitter:label1\" content=\"Escrit per\" \/>\n\t<meta name=\"twitter:data1\" content=\"Guillem Asensio\" \/>\n\t<meta name=\"twitter:label2\" content=\"Temps estimat de lectura\" \/>\n\t<meta name=\"twitter:data2\" content=\"4 minuts\" \/>\n<script type=\"application\/ld+json\" class=\"yoast-schema-graph\">{\"@context\":\"https:\/\/schema.org\",\"@graph\":[{\"@type\":\"Article\",\"@id\":\"https:\/\/willysplan.com\/ca\/rutes\/excursio-des-del-pont-den-valenti-al-gorg-blau-de-sant-aniol-agulla#article\",\"isPartOf\":{\"@id\":\"https:\/\/www.willysplan.com\/ca\/rutes\/excursio-des-del-pont-den-valenti-al-gorg-blau-de-sant-aniol-agulla\"},\"author\":{\"name\":\"Guillem Asensio\",\"@id\":\"https:\/\/www.willysplan.com\/#\/schema\/person\/6f2dbf2215cd25715df085907bd007c1\"},\"headline\":\"Excursi\u00f3 des del Pont d&#8217;en Valent\u00ed al Gorg Blau de Sant Aniol Agulla\",\"datePublished\":\"2020-07-05T11:54:05+00:00\",\"dateModified\":\"2023-04-06T06:59:48+00:00\",\"mainEntityOfPage\":{\"@id\":\"https:\/\/www.willysplan.com\/ca\/rutes\/excursio-des-del-pont-den-valenti-al-gorg-blau-de-sant-aniol-agulla\"},\"wordCount\":785,\"publisher\":{\"@id\":\"https:\/\/www.willysplan.com\/#organization\"},\"image\":{\"@id\":\"https:\/\/willysplan.com\/ca\/rutes\/excursio-des-del-pont-den-valenti-al-gorg-blau-de-sant-aniol-agulla#primaryimage\"},\"thumbnailUrl\":\"https:\/\/www.willysplan.com\/wp-content\/uploads\/2020\/07\/joanetes-rutas-PAINT.jpg\",\"keywords\":[\"rutes catalunya\",\"rutes girona prov\u00edncia\",\"rutes joanetes\",\"rutes la garrotxa\",\"rutes olot\"],\"articleSection\":[\"rutes\"],\"inLanguage\":\"ca\"},{\"@type\":\"WebPage\",\"@id\":\"https:\/\/www.willysplan.com\/ca\/rutes\/excursio-des-del-pont-den-valenti-al-gorg-blau-de-sant-aniol-agulla\",\"url\":\"https:\/\/willysplan.com\/ca\/rutes\/excursio-des-del-pont-den-valenti-al-gorg-blau-de-sant-aniol-agulla\",\"name\":\"Ruta el Pont d'en Valent\u00ed al Gorg Blau de Sant Aniol Agulla - Willy's pla\",\"isPartOf\":{\"@id\":\"https:\/\/www.willysplan.com\/#website\"},\"primaryImageOfPage\":{\"@id\":\"https:\/\/willysplan.com\/ca\/rutes\/excursio-des-del-pont-den-valenti-al-gorg-blau-de-sant-aniol-agulla#primaryimage\"},\"image\":{\"@id\":\"https:\/\/willysplan.com\/ca\/rutes\/excursio-des-del-pont-den-valenti-al-gorg-blau-de-sant-aniol-agulla#primaryimage\"},\"thumbnailUrl\":\"https:\/\/www.willysplan.com\/wp-content\/uploads\/2020\/07\/joanetes-rutas-PAINT.jpg\",\"datePublished\":\"2020-07-05T11:54:05+00:00\",\"dateModified\":\"2023-04-06T06:59:48+00:00\",\"description\":\"Descobreix una de les millors rutes per fer a Sant Aniol Aguja. Visita el Pont d'en Valent\u00ed, l'Ermita St. Aniol Aguja, i el Gorg Blau. \u2705 Entra ara!\",\"inLanguage\":\"ca\",\"potentialAction\":[{\"@type\":\"ReadAction\",\"target\":[\"https:\/\/willysplan.com\/ca\/rutes\/excursio-des-del-pont-den-valenti-al-gorg-blau-de-sant-aniol-agulla\"]}]},{\"@type\":\"ImageObject\",\"inLanguage\":\"ca\",\"@id\":\"https:\/\/willysplan.com\/ca\/rutes\/excursio-des-del-pont-den-valenti-al-gorg-blau-de-sant-aniol-agulla#primaryimage\",\"url\":\"https:\/\/www.willysplan.com\/wp-content\/uploads\/2020\/07\/joanetes-rutas-PAINT.jpg\",\"contentUrl\":\"https:\/\/www.willysplan.com\/wp-content\/uploads\/2020\/07\/joanetes-rutas-PAINT.jpg\",\"width\":1200,\"height\":800},{\"@type\":\"WebSite\",\"@id\":\"https:\/\/www.willysplan.com\/#website\",\"url\":\"https:\/\/www.willysplan.com\/\",\"name\":\"Willy&#039;s Plan \ud83c\udf43\",\"description\":\"Escapadas y Planes de fin de semana\",\"publisher\":{\"@id\":\"https:\/\/www.willysplan.com\/#organization\"},\"potentialAction\":[{\"@type\":\"SearchAction\",\"target\":{\"@type\":\"EntryPoint\",\"urlTemplate\":\"https:\/\/www.willysplan.com\/?s={search_term_string}\"},\"query-input\":{\"@type\":\"PropertyValueSpecification\",\"valueRequired\":true,\"valueName\":\"search_term_string\"}}],\"inLanguage\":\"ca\"},{\"@type\":\"Organization\",\"@id\":\"https:\/\/www.willysplan.com\/#organization\",\"name\":\"Willy&#039;s Plan \ud83c\udf43\",\"url\":\"https:\/\/www.willysplan.com\/\",\"logo\":{\"@type\":\"ImageObject\",\"inLanguage\":\"ca\",\"@id\":\"https:\/\/www.willysplan.com\/#\/schema\/logo\/image\/\",\"url\":\"https:\/\/www.willysplan.com\/wp-content\/uploads\/2020\/04\/cropped-logo-1.png\",\"contentUrl\":\"https:\/\/www.willysplan.com\/wp-content\/uploads\/2020\/04\/cropped-logo-1.png\",\"width\":332,\"height\":332,\"caption\":\"Willy&#039;s Plan \ud83c\udf43\"},\"image\":{\"@id\":\"https:\/\/www.willysplan.com\/#\/schema\/logo\/image\/\"}},{\"@type\":\"Person\",\"@id\":\"https:\/\/www.willysplan.com\/#\/schema\/person\/6f2dbf2215cd25715df085907bd007c1\",\"name\":\"Guillem Asensio\",\"image\":{\"@type\":\"ImageObject\",\"inLanguage\":\"ca\",\"@id\":\"https:\/\/www.willysplan.com\/#\/schema\/person\/image\/\",\"url\":\"https:\/\/secure.gravatar.com\/avatar\/fd3f69da3e6cd8d451f6be79c127da046757b9a4c273deefb40b1291809cc787?s=96&d=mm&r=g\",\"contentUrl\":\"https:\/\/secure.gravatar.com\/avatar\/fd3f69da3e6cd8d451f6be79c127da046757b9a4c273deefb40b1291809cc787?s=96&d=mm&r=g\",\"caption\":\"Guillem Asensio\"},\"sameAs\":[\"https:\/\/willysplan.com\"],\"url\":\"https:\/\/www.willysplan.com\/ca\/author\/willy\"}]}<\/script>\n<!-- \/ Yoast SEO Premium plugin. -->","yoast_head_json":{"title":"Ruta el Pont d'en Valent\u00ed al Gorg Blau de Sant Aniol Agulla - Willy's pla","description":"Descobreix una de les millors rutes per fer a Sant Aniol Aguja. Visita el Pont d'en Valent\u00ed, l'Ermita St. Aniol Aguja, i el Gorg Blau. \u2705 Entra ara!","robots":{"index":"index","follow":"follow","max-snippet":"max-snippet:-1","max-image-preview":"max-image-preview:large","max-video-preview":"max-video-preview:-1"},"canonical":"https:\/\/willysplan.com\/ca\/rutes\/excursio-des-del-pont-den-valenti-al-gorg-blau-de-sant-aniol-agulla","og_locale":"ca_ES","og_type":"article","og_title":"Excursi\u00f3 des del Pont d'en Valent\u00ed al Gorg Blau de Sant Aniol Agulla","og_description":"Descobreix una de les millors rutes per fer a Sant Aniol Aguja. Visita el Pont d'en Valent\u00ed, l'Ermita St. Aniol Aguja, i el Gorg Blau. \u2705 Entra ara!","og_url":"https:\/\/willysplan.com\/ca\/rutes\/excursio-des-del-pont-den-valenti-al-gorg-blau-de-sant-aniol-agulla","og_site_name":"Willy&#039;s Plan \ud83c\udf43","article_published_time":"2020-07-05T11:54:05+00:00","article_modified_time":"2023-04-06T06:59:48+00:00","og_image":[{"width":1200,"height":800,"url":"https:\/\/www.willysplan.com\/wp-content\/uploads\/2020\/07\/joanetes-rutas-PAINT.jpg","type":"image\/jpeg"}],"author":"Guillem Asensio","twitter_card":"summary_large_image","twitter_misc":{"Escrit per":"Guillem Asensio","Temps estimat de lectura":"4 minuts"},"schema":{"@context":"https:\/\/schema.org","@graph":[{"@type":"Article","@id":"https:\/\/willysplan.com\/ca\/rutes\/excursio-des-del-pont-den-valenti-al-gorg-blau-de-sant-aniol-agulla#article","isPartOf":{"@id":"https:\/\/www.willysplan.com\/ca\/rutes\/excursio-des-del-pont-den-valenti-al-gorg-blau-de-sant-aniol-agulla"},"author":{"name":"Guillem Asensio","@id":"https:\/\/www.willysplan.com\/#\/schema\/person\/6f2dbf2215cd25715df085907bd007c1"},"headline":"Excursi\u00f3 des del Pont d&#8217;en Valent\u00ed al Gorg Blau de Sant Aniol Agulla","datePublished":"2020-07-05T11:54:05+00:00","dateModified":"2023-04-06T06:59:48+00:00","mainEntityOfPage":{"@id":"https:\/\/www.willysplan.com\/ca\/rutes\/excursio-des-del-pont-den-valenti-al-gorg-blau-de-sant-aniol-agulla"},"wordCount":785,"publisher":{"@id":"https:\/\/www.willysplan.com\/#organization"},"image":{"@id":"https:\/\/willysplan.com\/ca\/rutes\/excursio-des-del-pont-den-valenti-al-gorg-blau-de-sant-aniol-agulla#primaryimage"},"thumbnailUrl":"https:\/\/www.willysplan.com\/wp-content\/uploads\/2020\/07\/joanetes-rutas-PAINT.jpg","keywords":["rutes catalunya","rutes girona prov\u00edncia","rutes joanetes","rutes la garrotxa","rutes olot"],"articleSection":["rutes"],"inLanguage":"ca"},{"@type":"WebPage","@id":"https:\/\/www.willysplan.com\/ca\/rutes\/excursio-des-del-pont-den-valenti-al-gorg-blau-de-sant-aniol-agulla","url":"https:\/\/willysplan.com\/ca\/rutes\/excursio-des-del-pont-den-valenti-al-gorg-blau-de-sant-aniol-agulla","name":"Ruta el Pont d'en Valent\u00ed al Gorg Blau de Sant Aniol Agulla - Willy's pla","isPartOf":{"@id":"https:\/\/www.willysplan.com\/#website"},"primaryImageOfPage":{"@id":"https:\/\/willysplan.com\/ca\/rutes\/excursio-des-del-pont-den-valenti-al-gorg-blau-de-sant-aniol-agulla#primaryimage"},"image":{"@id":"https:\/\/willysplan.com\/ca\/rutes\/excursio-des-del-pont-den-valenti-al-gorg-blau-de-sant-aniol-agulla#primaryimage"},"thumbnailUrl":"https:\/\/www.willysplan.com\/wp-content\/uploads\/2020\/07\/joanetes-rutas-PAINT.jpg","datePublished":"2020-07-05T11:54:05+00:00","dateModified":"2023-04-06T06:59:48+00:00","description":"Descobreix una de les millors rutes per fer a Sant Aniol Aguja. Visita el Pont d'en Valent\u00ed, l'Ermita St. Aniol Aguja, i el Gorg Blau. \u2705 Entra ara!","inLanguage":"ca","potentialAction":[{"@type":"ReadAction","target":["https:\/\/willysplan.com\/ca\/rutes\/excursio-des-del-pont-den-valenti-al-gorg-blau-de-sant-aniol-agulla"]}]},{"@type":"ImageObject","inLanguage":"ca","@id":"https:\/\/willysplan.com\/ca\/rutes\/excursio-des-del-pont-den-valenti-al-gorg-blau-de-sant-aniol-agulla#primaryimage","url":"https:\/\/www.willysplan.com\/wp-content\/uploads\/2020\/07\/joanetes-rutas-PAINT.jpg","contentUrl":"https:\/\/www.willysplan.com\/wp-content\/uploads\/2020\/07\/joanetes-rutas-PAINT.jpg","width":1200,"height":800},{"@type":"WebSite","@id":"https:\/\/www.willysplan.com\/#website","url":"https:\/\/www.willysplan.com\/","name":"Willy&#039;s Plan \ud83c\udf43","description":"Escapadas y Planes de fin de semana","publisher":{"@id":"https:\/\/www.willysplan.com\/#organization"},"potentialAction":[{"@type":"SearchAction","target":{"@type":"EntryPoint","urlTemplate":"https:\/\/www.willysplan.com\/?s={search_term_string}"},"query-input":{"@type":"PropertyValueSpecification","valueRequired":true,"valueName":"search_term_string"}}],"inLanguage":"ca"},{"@type":"Organization","@id":"https:\/\/www.willysplan.com\/#organization","name":"Willy&#039;s Plan \ud83c\udf43","url":"https:\/\/www.willysplan.com\/","logo":{"@type":"ImageObject","inLanguage":"ca","@id":"https:\/\/www.willysplan.com\/#\/schema\/logo\/image\/","url":"https:\/\/www.willysplan.com\/wp-content\/uploads\/2020\/04\/cropped-logo-1.png","contentUrl":"https:\/\/www.willysplan.com\/wp-content\/uploads\/2020\/04\/cropped-logo-1.png","width":332,"height":332,"caption":"Willy&#039;s Plan \ud83c\udf43"},"image":{"@id":"https:\/\/www.willysplan.com\/#\/schema\/logo\/image\/"}},{"@type":"Person","@id":"https:\/\/www.willysplan.com\/#\/schema\/person\/6f2dbf2215cd25715df085907bd007c1","name":"Guillem Asensio","image":{"@type":"ImageObject","inLanguage":"ca","@id":"https:\/\/www.willysplan.com\/#\/schema\/person\/image\/","url":"https:\/\/secure.gravatar.com\/avatar\/fd3f69da3e6cd8d451f6be79c127da046757b9a4c273deefb40b1291809cc787?s=96&d=mm&r=g","contentUrl":"https:\/\/secure.gravatar.com\/avatar\/fd3f69da3e6cd8d451f6be79c127da046757b9a4c273deefb40b1291809cc787?s=96&d=mm&r=g","caption":"Guillem Asensio"},"sameAs":["https:\/\/willysplan.com"],"url":"https:\/\/www.willysplan.com\/ca\/author\/willy"}]}},"_links":{"self":[{"href":"https:\/\/www.willysplan.com\/ca\/wp-json\/wp\/v2\/posts\/16127","targetHints":{"allow":["GET"]}}],"collection":[{"href":"https:\/\/www.willysplan.com\/ca\/wp-json\/wp\/v2\/posts"}],"about":[{"href":"https:\/\/www.willysplan.com\/ca\/wp-json\/wp\/v2\/types\/post"}],"author":[{"embeddable":true,"href":"https:\/\/www.willysplan.com\/ca\/wp-json\/wp\/v2\/users\/2"}],"replies":[{"embeddable":true,"href":"https:\/\/www.willysplan.com\/ca\/wp-json\/wp\/v2\/comments?post=16127"}],"version-history":[{"count":3,"href":"https:\/\/www.willysplan.com\/ca\/wp-json\/wp\/v2\/posts\/16127\/revisions"}],"predecessor-version":[{"id":17899,"href":"https:\/\/www.willysplan.com\/ca\/wp-json\/wp\/v2\/posts\/16127\/revisions\/17899"}],"wp:featuredmedia":[{"embeddable":true,"href":"https:\/\/www.willysplan.com\/ca\/wp-json\/wp\/v2\/media\/13347"}],"wp:attachment":[{"href":"https:\/\/www.willysplan.com\/ca\/wp-json\/wp\/v2\/media?parent=16127"}],"wp:term":[{"taxonomy":"category","embeddable":true,"href":"https:\/\/www.willysplan.com\/ca\/wp-json\/wp\/v2\/categories?post=16127"},{"taxonomy":"post_tag","embeddable":true,"href":"https:\/\/www.willysplan.com\/ca\/wp-json\/wp\/v2\/tags?post=16127"}],"curies":[{"name":"wp","href":"https:\/\/api.w.org\/{rel}","templated":true}]}}