{"id":16092,"date":"2020-07-01T22:21:52","date_gmt":"2020-07-01T21:21:52","guid":{"rendered":"https:\/\/willysplan.com\/uncategorized-ca\/ruta-des-de-torre-des-moros-a-la-cala-codolar"},"modified":"2023-01-03T21:37:24","modified_gmt":"2023-01-03T20:37:24","slug":"ruta-des-de-torre-des-moros-a-la-cala-codolar","status":"publish","type":"post","link":"https:\/\/www.willysplan.com\/ca\/rutes\/ruta-des-de-torre-des-moros-a-la-cala-codolar","title":{"rendered":"Ruta des de Torre des Moros a la Cala Codolar"},"content":{"rendered":"\t\t<div data-elementor-type=\"wp-post\" data-elementor-id=\"16092\" class=\"elementor elementor-16092 elementor-2032\" data-elementor-post-type=\"post\">\n\t\t\t\t\t\t<section class=\"elementor-section elementor-top-section elementor-element elementor-element-f4c69cc elementor-section-boxed elementor-section-height-default elementor-section-height-default\" data-id=\"f4c69cc\" data-element_type=\"section\">\n\t\t\t\t\t\t<div class=\"elementor-container elementor-column-gap-default\">\n\t\t\t\t\t<div class=\"elementor-column elementor-col-50 elementor-top-column elementor-element elementor-element-164a862\" data-id=\"164a862\" data-element_type=\"column\">\n\t\t\t<div class=\"elementor-widget-wrap elementor-element-populated\">\n\t\t\t\t\t\t<div class=\"elementor-element elementor-element-29bc239 elementor-widget elementor-widget-text-editor\" data-id=\"29bc239\" data-element_type=\"widget\" data-widget_type=\"text-editor.default\">\n\t\t\t\t<div class=\"elementor-widget-container\">\n\t\t\t\t\t\t\t\t\t<p>A Willy\u00b4s pla us ensenyem una de les destinacions m\u00e9s importants <a href=\"https:\/\/www.willysplan.com\/que-hacer\/girona\">que visitar a Girona<\/a> prov\u00edncia i per descomptat un lloc que no us podeu perdre si sou a la <strong>Costa Brava<\/strong> . Acompanyeu-nos en aquesta aventura pel sorprenent municipi de <strong>Tossa de Mar.<\/strong> visitant els voltants i gaudint de ruta plena d&#8217;hist\u00f2ria i diversi\u00f3.<\/p>\n<p>En aquesta <strong>ruta<\/strong> <strong>des de<\/strong> <strong>Torre des Moros<\/strong> <strong>a<\/strong> <strong>Cala Codolar<\/strong> us proposem un pla estiuenc, en una ciutat sorprenent que combina platja amb bosc i ru\u00efnes medievals amb glamour\u2026 Avui marxem a Tossa de Mar!<\/p>\n<p>Com sempre, a Willy\u00b4s pla pensem en tot. Per aix\u00f2 us recomanem portar roba molt c\u00f2moda i empacar el banyador, ja que estarem tot el dia de turistes. Per cert, no oblideu portar una bona c\u00e0mera de fotos, les fotografies seran incre\u00efbles. D&#8217;altra banda no us preocupeu, la diversi\u00f3 \u00e9s gratu\u00efta i no es fa esperar.<\/p>\n\t\t\t\t\t\t\t\t<\/div>\n\t\t\t\t<\/div>\n\t\t\t\t\t<\/div>\n\t\t<\/div>\n\t\t\t\t<div class=\"elementor-column elementor-col-50 elementor-top-column elementor-element elementor-element-f0384f5\" data-id=\"f0384f5\" data-element_type=\"column\">\n\t\t\t<div class=\"elementor-widget-wrap elementor-element-populated\">\n\t\t\t\t\t\t<div class=\"elementor-element elementor-element-f9c389a elementor-widget elementor-widget-html\" data-id=\"f9c389a\" data-element_type=\"widget\" data-widget_type=\"html.default\">\n\t\t\t\t<div class=\"elementor-widget-container\">\n\t\t\t\t\t<iframe src=\"https:\/\/www.google.com\/maps\/embed?pb=!1m34!1m12!1m3!1d2978.142823257484!2d2.9284076646755053!3d41.717436829235275!2m3!1f0!2f0!3f0!3m2!1i1024!2i768!4f13.1!4m19!3e2!4m5!1s0x12bb1008a92d19b7%3A0xdeffd8e0b3195b7f!2sTorre%20des%20moros%2C%20Carrer%20Vil%C2%B7la%20Romana%2C%20Tossa%20de%20Mar!3m2!1d41.7189432!2d2.9272771!4m5!1s0x12bb1003c80adfd5%3A0x68c3bae79053215!2sCastell%20de%20Tossa%20de%20Mar%2C%20Passeig%20de%20Vila%20Vella%2C%20Tossa%20de%20Mar!3m2!1d41.717154199999996!2d2.9344609!4m5!1s0x12bb11532bf04bb1%3A0x224017e824f28533!2sCala%20Codolar%2C%20Carrer%20del%20Portal%2C%20Tossa%20de%20Mar!3m2!1d41.7159305!2d2.9325242!5e0!3m2!1ses!2ses!4v1612994206692!5m2!1ses!2ses\" width=\"600\" height=\"450\" frameborder=\"0\" style=\"border:0;\" allowfullscreen=\"\" aria-hidden=\"false\" tabindex=\"0\"><\/iframe>\t\t\t\t<\/div>\n\t\t\t\t<\/div>\n\t\t\t\t\t<\/div>\n\t\t<\/div>\n\t\t\t\t\t<\/div>\n\t\t<\/section>\n\t\t\t\t<section class=\"elementor-section elementor-top-section elementor-element elementor-element-671cd3c elementor-section-boxed elementor-section-height-default elementor-section-height-default\" data-id=\"671cd3c\" data-element_type=\"section\">\n\t\t\t\t\t\t<div class=\"elementor-container elementor-column-gap-default\">\n\t\t\t\t\t<div class=\"elementor-column elementor-col-100 elementor-top-column elementor-element elementor-element-eaffc38\" data-id=\"eaffc38\" data-element_type=\"column\">\n\t\t\t<div class=\"elementor-widget-wrap elementor-element-populated\">\n\t\t\t\t\t\t<div class=\"elementor-element elementor-element-ac561a4 elementor-widget elementor-widget-text-editor\" data-id=\"ac561a4\" data-element_type=\"widget\" data-widget_type=\"text-editor.default\">\n\t\t\t\t<div class=\"elementor-widget-container\">\n\t\t\t\t\t\t\t\t\t<p><strong>Torre des Moros:<\/strong> des d\u00b4aquesta torre del segle XVI, podem gaudir d\u00b4unes incre\u00efbles vistes a tot el poble de <strong>Tossa de Mar.<\/strong> Tot i que no es pot accedir a l&#8217;interior d&#8217;aquesta fortificaci\u00f3, es pot apreciar gran part de l&#8217;edificaci\u00f3 i con\u00e8ixer-ne tota la hist\u00f2ria.<\/p>\n<p><strong>Castell Tossa de Mar:<\/strong> dins de les muralles que conformen el Castell de Tossa de Mar, podem gaudir de la meravellosa fortificaci\u00f3, gr\u00e0cies al fet que es conserva en un molt bon estat. Tamb\u00e9 farem un passeig tranquil pels carrers de pedra, picar alguna cosa en alguna terrassa, i fins a prendre&#8217;ns un respir gaudint de les meravelloses vistes que donen al mar.<\/p>\n<p><strong>Cala Codolar<\/strong> : Finalment, arribem caminant a la <strong>Cala Codolar<\/strong> . Una petita per\u00f2 acollidora platja amb aig\u00fces cristal\u00b7lines, ideal per perdre&#8217;s bussejant i gaudir d&#8217;un bany refrescant en finalitzar el nostre recorregut. En aquest lloc podeu treure els entrepans i gaudir d\u00b4una tarda sota el sol de <strong>Tossa de Mar.<\/strong><\/p>\n\t\t\t\t\t\t\t\t<\/div>\n\t\t\t\t<\/div>\n\t\t\t\t\t<\/div>\n\t\t<\/div>\n\t\t\t\t\t<\/div>\n\t\t<\/section>\n\t\t\t\t<section class=\"elementor-section elementor-top-section elementor-element elementor-element-36fe8d4 elementor-section-boxed elementor-section-height-default elementor-section-height-default\" data-id=\"36fe8d4\" data-element_type=\"section\">\n\t\t\t\t\t\t<div class=\"elementor-container elementor-column-gap-default\">\n\t\t\t\t\t<div class=\"elementor-column elementor-col-100 elementor-top-column elementor-element elementor-element-da527a3\" data-id=\"da527a3\" data-element_type=\"column\">\n\t\t\t<div class=\"elementor-widget-wrap elementor-element-populated\">\n\t\t\t\t\t\t<div class=\"elementor-element elementor-element-005077d elementor-widget elementor-widget-heading\" data-id=\"005077d\" data-element_type=\"widget\" data-widget_type=\"heading.default\">\n\t\t\t\t<div class=\"elementor-widget-container\">\n\t\t\t\t\t<h2 class=\"elementor-heading-title elementor-size-default\">Torre des Moros<\/h2>\t\t\t\t<\/div>\n\t\t\t\t<\/div>\n\t\t\t\t\t<\/div>\n\t\t<\/div>\n\t\t\t\t\t<\/div>\n\t\t<\/section>\n\t\t\t\t<section class=\"elementor-section elementor-top-section elementor-element elementor-element-39c50f9 elementor-section-boxed elementor-section-height-default elementor-section-height-default\" data-id=\"39c50f9\" data-element_type=\"section\">\n\t\t\t\t\t\t<div class=\"elementor-container elementor-column-gap-default\">\n\t\t\t\t\t<div class=\"elementor-column elementor-col-100 elementor-top-column elementor-element elementor-element-df1ea3c\" data-id=\"df1ea3c\" data-element_type=\"column\">\n\t\t\t<div class=\"elementor-widget-wrap elementor-element-populated\">\n\t\t\t\t\t\t<div class=\"elementor-element elementor-element-ed3d3de elementor-widget elementor-widget-image\" data-id=\"ed3d3de\" data-element_type=\"widget\" data-widget_type=\"image.default\">\n\t\t\t\t<div class=\"elementor-widget-container\">\n\t\t\t\t\t\t\t\t\t\t\t\t\t\t\t<img fetchpriority=\"high\" decoding=\"async\" width=\"768\" height=\"501\" src=\"https:\/\/www.willysplan.com\/wp-content\/uploads\/2020\/07\/Torre-des-Moros-768x501.jpg\" class=\"attachment-medium_large size-medium_large wp-image-13977\" alt=\"\" srcset=\"https:\/\/www.willysplan.com\/wp-content\/uploads\/2020\/07\/Torre-des-Moros-768x501.jpg 768w, https:\/\/www.willysplan.com\/wp-content\/uploads\/2020\/07\/Torre-des-Moros-300x196.jpg 300w, https:\/\/www.willysplan.com\/wp-content\/uploads\/2020\/07\/Torre-des-Moros-600x391.jpg 600w, https:\/\/www.willysplan.com\/wp-content\/uploads\/2020\/07\/Torre-des-Moros.jpg 880w\" sizes=\"(max-width: 768px) 100vw, 768px\" \/>\t\t\t\t\t\t\t\t\t\t\t\t\t\t\t<\/div>\n\t\t\t\t<\/div>\n\t\t\t\t\t<\/div>\n\t\t<\/div>\n\t\t\t\t\t<\/div>\n\t\t<\/section>\n\t\t\t\t<section class=\"elementor-section elementor-top-section elementor-element elementor-element-4e88c10 elementor-section-boxed elementor-section-height-default elementor-section-height-default\" data-id=\"4e88c10\" data-element_type=\"section\">\n\t\t\t\t\t\t<div class=\"elementor-container elementor-column-gap-default\">\n\t\t\t\t\t<div class=\"elementor-column elementor-col-100 elementor-top-column elementor-element elementor-element-8ccc3a4\" data-id=\"8ccc3a4\" data-element_type=\"column\">\n\t\t\t<div class=\"elementor-widget-wrap elementor-element-populated\">\n\t\t\t\t\t\t<div class=\"elementor-element elementor-element-39dc59f elementor-widget elementor-widget-text-editor\" data-id=\"39dc59f\" data-element_type=\"widget\" data-widget_type=\"text-editor.default\">\n\t\t\t\t<div class=\"elementor-widget-container\">\n\t\t\t\t\t\t\t\t\t<p>La <strong>Torre des Moros<\/strong> es va construir al segle XVI per tal de protegir gran part de la Costa Brava de les invasions que assolaven les terres per aquella \u00e8poca, per la qual cosa \u00e9s un recinte hist\u00f2ric molt important per a la poblaci\u00f3 i un lloc que sens dubte has de visitar si et trobes a Tossa de Mar.<\/p>\n<p>Ubicada al capdamunt del tur\u00f3 de Can Mag\u00ed, a les rodalies del poble, \u201cla torre de Can Mag\u00ed\u201d (com tamb\u00e9 \u00e9s anomenada) no ens permet con\u00e8ixer-la al seu interior, per\u00f2 si ens enlluerna amb unes prometedores vistes cap al nucli antic de la Vila Vella Tossa i les belles costes de Tossa de Mar i \u00e9s un lloc privilegiat de molta natura.<\/p>\n\t\t\t\t\t\t\t\t<\/div>\n\t\t\t\t<\/div>\n\t\t\t\t\t<\/div>\n\t\t<\/div>\n\t\t\t\t\t<\/div>\n\t\t<\/section>\n\t\t\t\t<section class=\"elementor-section elementor-top-section elementor-element elementor-element-cf26dc9 elementor-section-boxed elementor-section-height-default elementor-section-height-default\" data-id=\"cf26dc9\" data-element_type=\"section\">\n\t\t\t\t\t\t<div class=\"elementor-container elementor-column-gap-default\">\n\t\t\t\t\t<div class=\"elementor-column elementor-col-100 elementor-top-column elementor-element elementor-element-5689fda\" data-id=\"5689fda\" data-element_type=\"column\">\n\t\t\t<div class=\"elementor-widget-wrap elementor-element-populated\">\n\t\t\t\t\t\t<div class=\"elementor-element elementor-element-ec10ffc elementor-widget elementor-widget-heading\" data-id=\"ec10ffc\" data-element_type=\"widget\" data-widget_type=\"heading.default\">\n\t\t\t\t<div class=\"elementor-widget-container\">\n\t\t\t\t\t<h2 class=\"elementor-heading-title elementor-size-default\">Castell Tossa de Mar<\/h2>\t\t\t\t<\/div>\n\t\t\t\t<\/div>\n\t\t\t\t\t<\/div>\n\t\t<\/div>\n\t\t\t\t\t<\/div>\n\t\t<\/section>\n\t\t\t\t<section class=\"elementor-section elementor-top-section elementor-element elementor-element-9ca4401 elementor-section-boxed elementor-section-height-default elementor-section-height-default\" data-id=\"9ca4401\" data-element_type=\"section\">\n\t\t\t\t\t\t<div class=\"elementor-container elementor-column-gap-default\">\n\t\t\t\t\t<div class=\"elementor-column elementor-col-100 elementor-top-column elementor-element elementor-element-1ddf456\" data-id=\"1ddf456\" data-element_type=\"column\">\n\t\t\t<div class=\"elementor-widget-wrap elementor-element-populated\">\n\t\t\t\t\t\t<div class=\"elementor-element elementor-element-d7c2521 elementor-widget elementor-widget-image\" data-id=\"d7c2521\" data-element_type=\"widget\" data-widget_type=\"image.default\">\n\t\t\t\t<div class=\"elementor-widget-container\">\n\t\t\t\t\t\t\t\t\t\t\t\t\t\t\t<img decoding=\"async\" width=\"768\" height=\"511\" src=\"https:\/\/www.willysplan.com\/wp-content\/uploads\/2020\/06\/rutas-tossa-de-mar-castell-paint1-768x511.jpg\" class=\"attachment-medium_large size-medium_large wp-image-13391\" alt=\"\" srcset=\"https:\/\/www.willysplan.com\/wp-content\/uploads\/2020\/06\/rutas-tossa-de-mar-castell-paint1-768x511.jpg 768w, https:\/\/www.willysplan.com\/wp-content\/uploads\/2020\/06\/rutas-tossa-de-mar-castell-paint1-300x200.jpg 300w, https:\/\/www.willysplan.com\/wp-content\/uploads\/2020\/06\/rutas-tossa-de-mar-castell-paint1-1024x682.jpg 1024w, https:\/\/www.willysplan.com\/wp-content\/uploads\/2020\/06\/rutas-tossa-de-mar-castell-paint1-480x320.jpg 480w, https:\/\/www.willysplan.com\/wp-content\/uploads\/2020\/06\/rutas-tossa-de-mar-castell-paint1-280x186.jpg 280w, https:\/\/www.willysplan.com\/wp-content\/uploads\/2020\/06\/rutas-tossa-de-mar-castell-paint1-960x639.jpg 960w, https:\/\/www.willysplan.com\/wp-content\/uploads\/2020\/06\/rutas-tossa-de-mar-castell-paint1-601x400.jpg 601w, https:\/\/www.willysplan.com\/wp-content\/uploads\/2020\/06\/rutas-tossa-de-mar-castell-paint1-585x390.jpg 585w, https:\/\/www.willysplan.com\/wp-content\/uploads\/2020\/06\/rutas-tossa-de-mar-castell-paint1-600x400.jpg 600w, https:\/\/www.willysplan.com\/wp-content\/uploads\/2020\/06\/rutas-tossa-de-mar-castell-paint1.jpg 1200w\" sizes=\"(max-width: 768px) 100vw, 768px\" \/>\t\t\t\t\t\t\t\t\t\t\t\t\t\t\t<\/div>\n\t\t\t\t<\/div>\n\t\t\t\t\t<\/div>\n\t\t<\/div>\n\t\t\t\t\t<\/div>\n\t\t<\/section>\n\t\t\t\t<section class=\"elementor-section elementor-top-section elementor-element elementor-element-090337d elementor-section-boxed elementor-section-height-default elementor-section-height-default\" data-id=\"090337d\" data-element_type=\"section\">\n\t\t\t\t\t\t<div class=\"elementor-container elementor-column-gap-default\">\n\t\t\t\t\t<div class=\"elementor-column elementor-col-100 elementor-top-column elementor-element elementor-element-10259a1\" data-id=\"10259a1\" data-element_type=\"column\">\n\t\t\t<div class=\"elementor-widget-wrap elementor-element-populated\">\n\t\t\t\t\t\t<div class=\"elementor-element elementor-element-67842ef elementor-widget elementor-widget-text-editor\" data-id=\"67842ef\" data-element_type=\"widget\" data-widget_type=\"text-editor.default\">\n\t\t\t\t<div class=\"elementor-widget-container\">\n\t\t\t\t\t\t\t\t\t<p>El nucli antic de Tossa de Mar \u00e9s conegut com la Vila Vella i \u00e9s just aqu\u00ed on es troba el segon lloc del nostre pla. Com ho hem dit anteriorment El <strong>Castell Tossa de Mar<\/strong> est\u00e0 acompanyat per una esgl\u00e9sia parroquial, la casa del Batlle de Sac o del governador i una zona completament emmurallada que envoltada tot el lloc. A m\u00e9s, tot el recinte es pot visitar lliurement i hi ha moltes visites guiades que expliquen magn\u00edfiques hist\u00f2ries sobre aquest lloc i la import\u00e0ncia de la seva arquitectura.<\/p>\n<p>Si parlem en concret del castell, podem destacar que va ser declarat Monument Hist\u00f2ric Art\u00edstic Nacional de Girona i avui dia continua sent una representaci\u00f3 important de l&#8217;arquitectura medieval. Per\u00f2 el m\u00e9s important d&#8217;aquest castell va ser la fortificaci\u00f3 que va servir de resguard durant segles per als habitants. Sens dubte una construcci\u00f3 bonica de rec\u00f3rrer durant la tarda de la nostra ruta.<\/p>\n\t\t\t\t\t\t\t\t<\/div>\n\t\t\t\t<\/div>\n\t\t\t\t\t<\/div>\n\t\t<\/div>\n\t\t\t\t\t<\/div>\n\t\t<\/section>\n\t\t\t\t<section class=\"elementor-section elementor-top-section elementor-element elementor-element-228dd78 elementor-section-boxed elementor-section-height-default elementor-section-height-default\" data-id=\"228dd78\" data-element_type=\"section\">\n\t\t\t\t\t\t<div class=\"elementor-container elementor-column-gap-default\">\n\t\t\t\t\t<div class=\"elementor-column elementor-col-100 elementor-top-column elementor-element elementor-element-6fe37a6\" data-id=\"6fe37a6\" data-element_type=\"column\">\n\t\t\t<div class=\"elementor-widget-wrap elementor-element-populated\">\n\t\t\t\t\t\t<div class=\"elementor-element elementor-element-c9dcbd0 elementor-widget elementor-widget-heading\" data-id=\"c9dcbd0\" data-element_type=\"widget\" data-widget_type=\"heading.default\">\n\t\t\t\t<div class=\"elementor-widget-container\">\n\t\t\t\t\t<h2 class=\"elementor-heading-title elementor-size-default\">Cala Codolar<\/h2>\t\t\t\t<\/div>\n\t\t\t\t<\/div>\n\t\t\t\t\t<\/div>\n\t\t<\/div>\n\t\t\t\t\t<\/div>\n\t\t<\/section>\n\t\t\t\t<section class=\"elementor-section elementor-top-section elementor-element elementor-element-ff2fe61 elementor-section-boxed elementor-section-height-default elementor-section-height-default\" data-id=\"ff2fe61\" data-element_type=\"section\">\n\t\t\t\t\t\t<div class=\"elementor-container elementor-column-gap-default\">\n\t\t\t\t\t<div class=\"elementor-column elementor-col-100 elementor-top-column elementor-element elementor-element-ebf24c2\" data-id=\"ebf24c2\" data-element_type=\"column\">\n\t\t\t<div class=\"elementor-widget-wrap elementor-element-populated\">\n\t\t\t\t\t\t<div class=\"elementor-element elementor-element-060f0c7 elementor-widget elementor-widget-image\" data-id=\"060f0c7\" data-element_type=\"widget\" data-widget_type=\"image.default\">\n\t\t\t\t<div class=\"elementor-widget-container\">\n\t\t\t\t\t\t\t\t\t\t\t\t\t\t\t<img decoding=\"async\" width=\"768\" height=\"427\" src=\"https:\/\/www.willysplan.com\/wp-content\/uploads\/2020\/07\/Cala-Codolar\u200b-768x427.jpg\" class=\"attachment-medium_large size-medium_large wp-image-13979\" alt=\"\" srcset=\"https:\/\/www.willysplan.com\/wp-content\/uploads\/2020\/07\/Cala-Codolar\u200b-768x427.jpg 768w, https:\/\/www.willysplan.com\/wp-content\/uploads\/2020\/07\/Cala-Codolar\u200b-300x167.jpg 300w, https:\/\/www.willysplan.com\/wp-content\/uploads\/2020\/07\/Cala-Codolar\u200b-600x334.jpg 600w, https:\/\/www.willysplan.com\/wp-content\/uploads\/2020\/07\/Cala-Codolar\u200b.jpg 1025w\" sizes=\"(max-width: 768px) 100vw, 768px\" \/>\t\t\t\t\t\t\t\t\t\t\t\t\t\t\t<\/div>\n\t\t\t\t<\/div>\n\t\t\t\t\t<\/div>\n\t\t<\/div>\n\t\t\t\t\t<\/div>\n\t\t<\/section>\n\t\t\t\t<section class=\"elementor-section elementor-top-section elementor-element elementor-element-649f78d elementor-section-boxed elementor-section-height-default elementor-section-height-default\" data-id=\"649f78d\" data-element_type=\"section\">\n\t\t\t\t\t\t<div class=\"elementor-container elementor-column-gap-default\">\n\t\t\t\t\t<div class=\"elementor-column elementor-col-100 elementor-top-column elementor-element elementor-element-bd8f266\" data-id=\"bd8f266\" data-element_type=\"column\">\n\t\t\t<div class=\"elementor-widget-wrap elementor-element-populated\">\n\t\t\t\t\t\t<div class=\"elementor-element elementor-element-6131457 elementor-widget elementor-widget-text-editor\" data-id=\"6131457\" data-element_type=\"widget\" data-widget_type=\"text-editor.default\">\n\t\t\t\t<div class=\"elementor-widget-container\">\n\t\t\t\t\t\t\t\t\t<p>La <strong>Cala Codolar<\/strong> \u00e9s un lloc de partida de pescadors i es troba just als peus de la reconeguda Vila Vella. Aquest lloc \u00e9s el preferit per fer camins de ronda i gaudir d&#8217;un dia de sol. Per aix\u00f2 sol estar plena a l&#8217;estiu i la major part de l&#8217;any, per\u00f2 no us preocupeu, tot i ser petita \u00e9s molt acollidora i sap com albergar els turistes.<\/p>\n<p>Per aix\u00f2 en aquest Willy&#8217;s pla, us proposem culminar la nostra ruta prenent un merescut bany en una de les platges m\u00e9s paradis\u00edaques de la <strong>Costa Brava<\/strong> i si us animeu, podeu fer un pic-nic arribant el capvespre i aix\u00ed no us perdeu cap detall d&#8217;aquest encantador lloc.<\/p>\n\t\t\t\t\t\t\t\t<\/div>\n\t\t\t\t<\/div>\n\t\t\t\t\t<\/div>\n\t\t<\/div>\n\t\t\t\t\t<\/div>\n\t\t<\/section>\n\t\t\t\t<section class=\"elementor-section elementor-top-section elementor-element elementor-element-e9d6276 elementor-section-boxed elementor-section-height-default elementor-section-height-default\" data-id=\"e9d6276\" data-element_type=\"section\">\n\t\t\t\t\t\t<div class=\"elementor-container elementor-column-gap-default\">\n\t\t\t\t\t<div class=\"elementor-column elementor-col-100 elementor-top-column elementor-element elementor-element-4cf53ac\" data-id=\"4cf53ac\" data-element_type=\"column\">\n\t\t\t<div class=\"elementor-widget-wrap elementor-element-populated\">\n\t\t\t\t\t\t<div class=\"elementor-element elementor-element-b293be8 elementor-widget elementor-widget-heading\" data-id=\"b293be8\" data-element_type=\"widget\" data-widget_type=\"heading.default\">\n\t\t\t\t<div class=\"elementor-widget-container\">\n\t\t\t\t\t<h2 class=\"elementor-heading-title elementor-size-default\">Altres rutes que tamb\u00e9 et poden interessar...<\/h2>\t\t\t\t<\/div>\n\t\t\t\t<\/div>\n\t\t\t\t\t<\/div>\n\t\t<\/div>\n\t\t\t\t\t<\/div>\n\t\t<\/section>\n\t\t\t\t<section class=\"elementor-section elementor-top-section elementor-element elementor-element-4e84a13 elementor-section-boxed elementor-section-height-default elementor-section-height-default\" data-id=\"4e84a13\" data-element_type=\"section\">\n\t\t\t\t\t\t<div class=\"elementor-container elementor-column-gap-default\">\n\t\t\t\t\t<div class=\"elementor-column elementor-col-100 elementor-top-column elementor-element elementor-element-3764503\" data-id=\"3764503\" data-element_type=\"column\">\n\t\t\t<div class=\"elementor-widget-wrap elementor-element-populated\">\n\t\t\t\t\t\t\t<\/div>\n\t\t<\/div>\n\t\t\t\t\t<\/div>\n\t\t<\/section>\n\t\t\t\t<\/div>\n\t\t","protected":false},"excerpt":{"rendered":"<p>A Willy\u00b4s pla us ensenyem una de les destinacions m\u00e9s importants que visitar a Girona prov\u00edncia i per descomptat un lloc que no us podeu perdre si sou a la Costa Brava . Acompanyeu-nos en aquesta aventura pel sorprenent municipi de Tossa de Mar. visitant els voltants i gaudint de ruta plena d&#8217;hist\u00f2ria i diversi\u00f3.&hellip;&nbsp;<a href=\"https:\/\/www.willysplan.com\/ca\/rutes\/ruta-des-de-torre-des-moros-a-la-cala-codolar\" rel=\"bookmark\">Llegiu m\u00e9s &raquo;<span class=\"screen-reader-text\">Ruta des de Torre des Moros a la Cala Codolar<\/span><\/a><\/p>\n","protected":false},"author":2,"featured_media":13391,"comment_status":"closed","ping_status":"closed","sticky":false,"template":"","format":"standard","meta":{"neve_meta_sidebar":"","neve_meta_container":"","neve_meta_enable_content_width":"","neve_meta_content_width":0,"neve_meta_title_alignment":"","neve_meta_author_avatar":"","neve_post_elements_order":"","neve_meta_disable_header":"","neve_meta_disable_footer":"","neve_meta_disable_title":"","_joinchat":[],"footnotes":""},"categories":[323],"tags":[360,362,361,425],"class_list":["post-16092","post","type-post","status-publish","format-standard","has-post-thumbnail","hentry","category-rutes","tag-rutes-catalunya","tag-rutes-costa-brava","tag-rutes-girona-provincia","tag-rutes-tossa-de-mar"],"yoast_head":"<!-- This site is optimized with the Yoast SEO Premium plugin v20.1 (Yoast SEO v26.9) - https:\/\/yoast.com\/product\/yoast-seo-premium-wordpress\/ -->\n<title>Ruta des de Torre des Moros a la Cala Codolar - Willy&#039;s pla<\/title>\n<meta name=\"description\" content=\"Descobreix una de les millors rutes per fer a Tossa de Mar. Visita la Torre des Moros, el Castell Tossa de Mar i la Cala Codolar. \u2705 Entra ara!\" \/>\n<meta name=\"robots\" content=\"index, follow, max-snippet:-1, max-image-preview:large, max-video-preview:-1\" \/>\n<link rel=\"canonical\" href=\"https:\/\/www.willysplan.com\/ca\/rutes\/ruta-des-de-torre-des-moros-a-la-cala-codolar\" \/>\n<meta property=\"og:locale\" content=\"ca_ES\" \/>\n<meta property=\"og:type\" content=\"article\" \/>\n<meta property=\"og:title\" content=\"Ruta des de Torre des Moros a la Cala Codolar\" \/>\n<meta property=\"og:description\" content=\"Descobreix una de les millors rutes per fer a Tossa de Mar. Visita la Torre des Moros, el Castell Tossa de Mar i la Cala Codolar. \u2705 Entra ara!\" \/>\n<meta property=\"og:url\" content=\"https:\/\/www.willysplan.com\/ca\/rutes\/ruta-des-de-torre-des-moros-a-la-cala-codolar\" \/>\n<meta property=\"og:site_name\" content=\"Willy&#039;s Plan \ud83c\udf43\" \/>\n<meta property=\"article:published_time\" content=\"2020-07-01T21:21:52+00:00\" \/>\n<meta property=\"article:modified_time\" content=\"2023-01-03T20:37:24+00:00\" \/>\n<meta property=\"og:image\" content=\"https:\/\/www.willysplan.com\/wp-content\/uploads\/2020\/06\/rutas-tossa-de-mar-castell-paint1.jpg\" \/>\n\t<meta property=\"og:image:width\" content=\"1200\" \/>\n\t<meta property=\"og:image:height\" content=\"799\" \/>\n\t<meta property=\"og:image:type\" content=\"image\/jpeg\" \/>\n<meta name=\"author\" content=\"Guillem Asensio\" \/>\n<meta name=\"twitter:card\" content=\"summary_large_image\" \/>\n<meta name=\"twitter:label1\" content=\"Escrit per\" \/>\n\t<meta name=\"twitter:data1\" content=\"Guillem Asensio\" \/>\n\t<meta name=\"twitter:label2\" content=\"Temps estimat de lectura\" \/>\n\t<meta name=\"twitter:data2\" content=\"4 minuts\" \/>\n<script type=\"application\/ld+json\" class=\"yoast-schema-graph\">{\"@context\":\"https:\/\/schema.org\",\"@graph\":[{\"@type\":\"Article\",\"@id\":\"https:\/\/www.willysplan.com\/ca\/rutes\/ruta-des-de-torre-des-moros-a-la-cala-codolar#article\",\"isPartOf\":{\"@id\":\"https:\/\/www.willysplan.com\/ca\/rutes\/ruta-des-de-torre-des-moros-a-la-cala-codolar\"},\"author\":{\"name\":\"Guillem Asensio\",\"@id\":\"https:\/\/www.willysplan.com\/#\/schema\/person\/6f2dbf2215cd25715df085907bd007c1\"},\"headline\":\"Ruta des de Torre des Moros a la Cala Codolar\",\"datePublished\":\"2020-07-01T21:21:52+00:00\",\"dateModified\":\"2023-01-03T20:37:24+00:00\",\"mainEntityOfPage\":{\"@id\":\"https:\/\/www.willysplan.com\/ca\/rutes\/ruta-des-de-torre-des-moros-a-la-cala-codolar\"},\"wordCount\":766,\"publisher\":{\"@id\":\"https:\/\/www.willysplan.com\/#organization\"},\"image\":{\"@id\":\"https:\/\/www.willysplan.com\/ca\/rutes\/ruta-des-de-torre-des-moros-a-la-cala-codolar#primaryimage\"},\"thumbnailUrl\":\"https:\/\/www.willysplan.com\/wp-content\/uploads\/2020\/06\/rutas-tossa-de-mar-castell-paint1.jpg\",\"keywords\":[\"rutes catalunya\",\"rutes costa brava\",\"rutes girona prov\u00edncia\",\"rutes tossa de mar\"],\"articleSection\":[\"rutes\"],\"inLanguage\":\"ca\"},{\"@type\":\"WebPage\",\"@id\":\"https:\/\/www.willysplan.com\/ca\/rutes\/ruta-des-de-torre-des-moros-a-la-cala-codolar\",\"url\":\"https:\/\/www.willysplan.com\/ca\/rutes\/ruta-des-de-torre-des-moros-a-la-cala-codolar\",\"name\":\"Ruta des de Torre des Moros a la Cala Codolar - Willy's pla\",\"isPartOf\":{\"@id\":\"https:\/\/www.willysplan.com\/#website\"},\"primaryImageOfPage\":{\"@id\":\"https:\/\/www.willysplan.com\/ca\/rutes\/ruta-des-de-torre-des-moros-a-la-cala-codolar#primaryimage\"},\"image\":{\"@id\":\"https:\/\/www.willysplan.com\/ca\/rutes\/ruta-des-de-torre-des-moros-a-la-cala-codolar#primaryimage\"},\"thumbnailUrl\":\"https:\/\/www.willysplan.com\/wp-content\/uploads\/2020\/06\/rutas-tossa-de-mar-castell-paint1.jpg\",\"datePublished\":\"2020-07-01T21:21:52+00:00\",\"dateModified\":\"2023-01-03T20:37:24+00:00\",\"description\":\"Descobreix una de les millors rutes per fer a Tossa de Mar. Visita la Torre des Moros, el Castell Tossa de Mar i la Cala Codolar. \u2705 Entra ara!\",\"inLanguage\":\"ca\",\"potentialAction\":[{\"@type\":\"ReadAction\",\"target\":[\"https:\/\/www.willysplan.com\/ca\/rutes\/ruta-des-de-torre-des-moros-a-la-cala-codolar\"]}]},{\"@type\":\"ImageObject\",\"inLanguage\":\"ca\",\"@id\":\"https:\/\/www.willysplan.com\/ca\/rutes\/ruta-des-de-torre-des-moros-a-la-cala-codolar#primaryimage\",\"url\":\"https:\/\/www.willysplan.com\/wp-content\/uploads\/2020\/06\/rutas-tossa-de-mar-castell-paint1.jpg\",\"contentUrl\":\"https:\/\/www.willysplan.com\/wp-content\/uploads\/2020\/06\/rutas-tossa-de-mar-castell-paint1.jpg\",\"width\":1200,\"height\":799},{\"@type\":\"WebSite\",\"@id\":\"https:\/\/www.willysplan.com\/#website\",\"url\":\"https:\/\/www.willysplan.com\/\",\"name\":\"Willy&#039;s Plan \ud83c\udf43\",\"description\":\"Escapadas y Planes de fin de semana\",\"publisher\":{\"@id\":\"https:\/\/www.willysplan.com\/#organization\"},\"potentialAction\":[{\"@type\":\"SearchAction\",\"target\":{\"@type\":\"EntryPoint\",\"urlTemplate\":\"https:\/\/www.willysplan.com\/?s={search_term_string}\"},\"query-input\":{\"@type\":\"PropertyValueSpecification\",\"valueRequired\":true,\"valueName\":\"search_term_string\"}}],\"inLanguage\":\"ca\"},{\"@type\":\"Organization\",\"@id\":\"https:\/\/www.willysplan.com\/#organization\",\"name\":\"Willy&#039;s Plan \ud83c\udf43\",\"url\":\"https:\/\/www.willysplan.com\/\",\"logo\":{\"@type\":\"ImageObject\",\"inLanguage\":\"ca\",\"@id\":\"https:\/\/www.willysplan.com\/#\/schema\/logo\/image\/\",\"url\":\"https:\/\/www.willysplan.com\/wp-content\/uploads\/2020\/04\/cropped-logo-1.png\",\"contentUrl\":\"https:\/\/www.willysplan.com\/wp-content\/uploads\/2020\/04\/cropped-logo-1.png\",\"width\":332,\"height\":332,\"caption\":\"Willy&#039;s Plan \ud83c\udf43\"},\"image\":{\"@id\":\"https:\/\/www.willysplan.com\/#\/schema\/logo\/image\/\"}},{\"@type\":\"Person\",\"@id\":\"https:\/\/www.willysplan.com\/#\/schema\/person\/6f2dbf2215cd25715df085907bd007c1\",\"name\":\"Guillem Asensio\",\"image\":{\"@type\":\"ImageObject\",\"inLanguage\":\"ca\",\"@id\":\"https:\/\/www.willysplan.com\/#\/schema\/person\/image\/\",\"url\":\"https:\/\/secure.gravatar.com\/avatar\/fd3f69da3e6cd8d451f6be79c127da046757b9a4c273deefb40b1291809cc787?s=96&d=mm&r=g\",\"contentUrl\":\"https:\/\/secure.gravatar.com\/avatar\/fd3f69da3e6cd8d451f6be79c127da046757b9a4c273deefb40b1291809cc787?s=96&d=mm&r=g\",\"caption\":\"Guillem Asensio\"},\"sameAs\":[\"https:\/\/willysplan.com\"],\"url\":\"https:\/\/www.willysplan.com\/ca\/author\/willy\"}]}<\/script>\n<!-- \/ Yoast SEO Premium plugin. -->","yoast_head_json":{"title":"Ruta des de Torre des Moros a la Cala Codolar - Willy's pla","description":"Descobreix una de les millors rutes per fer a Tossa de Mar. Visita la Torre des Moros, el Castell Tossa de Mar i la Cala Codolar. \u2705 Entra ara!","robots":{"index":"index","follow":"follow","max-snippet":"max-snippet:-1","max-image-preview":"max-image-preview:large","max-video-preview":"max-video-preview:-1"},"canonical":"https:\/\/www.willysplan.com\/ca\/rutes\/ruta-des-de-torre-des-moros-a-la-cala-codolar","og_locale":"ca_ES","og_type":"article","og_title":"Ruta des de Torre des Moros a la Cala Codolar","og_description":"Descobreix una de les millors rutes per fer a Tossa de Mar. Visita la Torre des Moros, el Castell Tossa de Mar i la Cala Codolar. \u2705 Entra ara!","og_url":"https:\/\/www.willysplan.com\/ca\/rutes\/ruta-des-de-torre-des-moros-a-la-cala-codolar","og_site_name":"Willy&#039;s Plan \ud83c\udf43","article_published_time":"2020-07-01T21:21:52+00:00","article_modified_time":"2023-01-03T20:37:24+00:00","og_image":[{"width":1200,"height":799,"url":"https:\/\/www.willysplan.com\/wp-content\/uploads\/2020\/06\/rutas-tossa-de-mar-castell-paint1.jpg","type":"image\/jpeg"}],"author":"Guillem Asensio","twitter_card":"summary_large_image","twitter_misc":{"Escrit per":"Guillem Asensio","Temps estimat de lectura":"4 minuts"},"schema":{"@context":"https:\/\/schema.org","@graph":[{"@type":"Article","@id":"https:\/\/www.willysplan.com\/ca\/rutes\/ruta-des-de-torre-des-moros-a-la-cala-codolar#article","isPartOf":{"@id":"https:\/\/www.willysplan.com\/ca\/rutes\/ruta-des-de-torre-des-moros-a-la-cala-codolar"},"author":{"name":"Guillem Asensio","@id":"https:\/\/www.willysplan.com\/#\/schema\/person\/6f2dbf2215cd25715df085907bd007c1"},"headline":"Ruta des de Torre des Moros a la Cala Codolar","datePublished":"2020-07-01T21:21:52+00:00","dateModified":"2023-01-03T20:37:24+00:00","mainEntityOfPage":{"@id":"https:\/\/www.willysplan.com\/ca\/rutes\/ruta-des-de-torre-des-moros-a-la-cala-codolar"},"wordCount":766,"publisher":{"@id":"https:\/\/www.willysplan.com\/#organization"},"image":{"@id":"https:\/\/www.willysplan.com\/ca\/rutes\/ruta-des-de-torre-des-moros-a-la-cala-codolar#primaryimage"},"thumbnailUrl":"https:\/\/www.willysplan.com\/wp-content\/uploads\/2020\/06\/rutas-tossa-de-mar-castell-paint1.jpg","keywords":["rutes catalunya","rutes costa brava","rutes girona prov\u00edncia","rutes tossa de mar"],"articleSection":["rutes"],"inLanguage":"ca"},{"@type":"WebPage","@id":"https:\/\/www.willysplan.com\/ca\/rutes\/ruta-des-de-torre-des-moros-a-la-cala-codolar","url":"https:\/\/www.willysplan.com\/ca\/rutes\/ruta-des-de-torre-des-moros-a-la-cala-codolar","name":"Ruta des de Torre des Moros a la Cala Codolar - Willy's pla","isPartOf":{"@id":"https:\/\/www.willysplan.com\/#website"},"primaryImageOfPage":{"@id":"https:\/\/www.willysplan.com\/ca\/rutes\/ruta-des-de-torre-des-moros-a-la-cala-codolar#primaryimage"},"image":{"@id":"https:\/\/www.willysplan.com\/ca\/rutes\/ruta-des-de-torre-des-moros-a-la-cala-codolar#primaryimage"},"thumbnailUrl":"https:\/\/www.willysplan.com\/wp-content\/uploads\/2020\/06\/rutas-tossa-de-mar-castell-paint1.jpg","datePublished":"2020-07-01T21:21:52+00:00","dateModified":"2023-01-03T20:37:24+00:00","description":"Descobreix una de les millors rutes per fer a Tossa de Mar. Visita la Torre des Moros, el Castell Tossa de Mar i la Cala Codolar. \u2705 Entra ara!","inLanguage":"ca","potentialAction":[{"@type":"ReadAction","target":["https:\/\/www.willysplan.com\/ca\/rutes\/ruta-des-de-torre-des-moros-a-la-cala-codolar"]}]},{"@type":"ImageObject","inLanguage":"ca","@id":"https:\/\/www.willysplan.com\/ca\/rutes\/ruta-des-de-torre-des-moros-a-la-cala-codolar#primaryimage","url":"https:\/\/www.willysplan.com\/wp-content\/uploads\/2020\/06\/rutas-tossa-de-mar-castell-paint1.jpg","contentUrl":"https:\/\/www.willysplan.com\/wp-content\/uploads\/2020\/06\/rutas-tossa-de-mar-castell-paint1.jpg","width":1200,"height":799},{"@type":"WebSite","@id":"https:\/\/www.willysplan.com\/#website","url":"https:\/\/www.willysplan.com\/","name":"Willy&#039;s Plan \ud83c\udf43","description":"Escapadas y Planes de fin de semana","publisher":{"@id":"https:\/\/www.willysplan.com\/#organization"},"potentialAction":[{"@type":"SearchAction","target":{"@type":"EntryPoint","urlTemplate":"https:\/\/www.willysplan.com\/?s={search_term_string}"},"query-input":{"@type":"PropertyValueSpecification","valueRequired":true,"valueName":"search_term_string"}}],"inLanguage":"ca"},{"@type":"Organization","@id":"https:\/\/www.willysplan.com\/#organization","name":"Willy&#039;s Plan \ud83c\udf43","url":"https:\/\/www.willysplan.com\/","logo":{"@type":"ImageObject","inLanguage":"ca","@id":"https:\/\/www.willysplan.com\/#\/schema\/logo\/image\/","url":"https:\/\/www.willysplan.com\/wp-content\/uploads\/2020\/04\/cropped-logo-1.png","contentUrl":"https:\/\/www.willysplan.com\/wp-content\/uploads\/2020\/04\/cropped-logo-1.png","width":332,"height":332,"caption":"Willy&#039;s Plan \ud83c\udf43"},"image":{"@id":"https:\/\/www.willysplan.com\/#\/schema\/logo\/image\/"}},{"@type":"Person","@id":"https:\/\/www.willysplan.com\/#\/schema\/person\/6f2dbf2215cd25715df085907bd007c1","name":"Guillem Asensio","image":{"@type":"ImageObject","inLanguage":"ca","@id":"https:\/\/www.willysplan.com\/#\/schema\/person\/image\/","url":"https:\/\/secure.gravatar.com\/avatar\/fd3f69da3e6cd8d451f6be79c127da046757b9a4c273deefb40b1291809cc787?s=96&d=mm&r=g","contentUrl":"https:\/\/secure.gravatar.com\/avatar\/fd3f69da3e6cd8d451f6be79c127da046757b9a4c273deefb40b1291809cc787?s=96&d=mm&r=g","caption":"Guillem Asensio"},"sameAs":["https:\/\/willysplan.com"],"url":"https:\/\/www.willysplan.com\/ca\/author\/willy"}]}},"_links":{"self":[{"href":"https:\/\/www.willysplan.com\/ca\/wp-json\/wp\/v2\/posts\/16092","targetHints":{"allow":["GET"]}}],"collection":[{"href":"https:\/\/www.willysplan.com\/ca\/wp-json\/wp\/v2\/posts"}],"about":[{"href":"https:\/\/www.willysplan.com\/ca\/wp-json\/wp\/v2\/types\/post"}],"author":[{"embeddable":true,"href":"https:\/\/www.willysplan.com\/ca\/wp-json\/wp\/v2\/users\/2"}],"replies":[{"embeddable":true,"href":"https:\/\/www.willysplan.com\/ca\/wp-json\/wp\/v2\/comments?post=16092"}],"version-history":[{"count":2,"href":"https:\/\/www.willysplan.com\/ca\/wp-json\/wp\/v2\/posts\/16092\/revisions"}],"predecessor-version":[{"id":16104,"href":"https:\/\/www.willysplan.com\/ca\/wp-json\/wp\/v2\/posts\/16092\/revisions\/16104"}],"wp:featuredmedia":[{"embeddable":true,"href":"https:\/\/www.willysplan.com\/ca\/wp-json\/wp\/v2\/media\/13391"}],"wp:attachment":[{"href":"https:\/\/www.willysplan.com\/ca\/wp-json\/wp\/v2\/media?parent=16092"}],"wp:term":[{"taxonomy":"category","embeddable":true,"href":"https:\/\/www.willysplan.com\/ca\/wp-json\/wp\/v2\/categories?post=16092"},{"taxonomy":"post_tag","embeddable":true,"href":"https:\/\/www.willysplan.com\/ca\/wp-json\/wp\/v2\/tags?post=16092"}],"curies":[{"name":"wp","href":"https:\/\/api.w.org\/{rel}","templated":true}]}}