{"id":16072,"date":"2020-06-30T07:18:15","date_gmt":"2020-06-30T06:18:15","guid":{"rendered":"https:\/\/willysplan.com\/uncategorized-ca\/ruta-des-del-castell-de-besora-al-castell-dels-torello"},"modified":"2023-01-03T21:36:48","modified_gmt":"2023-01-03T20:36:48","slug":"ruta-des-del-castell-de-besora-al-castell-dels-torello","status":"publish","type":"post","link":"https:\/\/www.willysplan.com\/ca\/rutes\/ruta-des-del-castell-de-besora-al-castell-dels-torello","title":{"rendered":"Ruta des del Castell de Besora al Castell dels torell\u00f3"},"content":{"rendered":"\t\t<div data-elementor-type=\"wp-post\" data-elementor-id=\"16072\" class=\"elementor elementor-16072 elementor-1886\" data-elementor-post-type=\"post\">\n\t\t\t\t\t\t<section class=\"elementor-section elementor-top-section elementor-element elementor-element-f4c69cc elementor-section-boxed elementor-section-height-default elementor-section-height-default\" data-id=\"f4c69cc\" data-element_type=\"section\">\n\t\t\t\t\t\t<div class=\"elementor-container elementor-column-gap-default\">\n\t\t\t\t\t<div class=\"elementor-column elementor-col-50 elementor-top-column elementor-element elementor-element-164a862\" data-id=\"164a862\" data-element_type=\"column\">\n\t\t\t<div class=\"elementor-widget-wrap elementor-element-populated\">\n\t\t\t\t\t\t<div class=\"elementor-element elementor-element-29bc239 elementor-widget elementor-widget-text-editor\" data-id=\"29bc239\" data-element_type=\"widget\" data-widget_type=\"text-editor.default\">\n\t\t\t\t<div class=\"elementor-widget-container\">\n\t\t\t\t\t\t\t\t\t<p><span style=\"font-weight: 400;\">En aquesta ocasi\u00f3 tenim un nou pla per la<\/span> <b>prov\u00edncia de Girona<\/b><span style=\"font-weight: 400;\">. Ens anirem m\u00e9s exactament a la comarca de <\/span><b>Osona<\/b> <span style=\"font-weight: 400;\">, on gaudirem de dos miradors i un castell; considerats uns dels majors llegats hist\u00f2rics i culturals de<\/span> <b>Catalunya<\/b> <span style=\"font-weight: 400;\">.<\/span><\/p>\n<p><span style=\"font-weight: 400;\">Sens dubte tres llocs espectaculars<\/span> <a href=\"https:\/\/www.willysplan.com\/que-hacer\/girona\"><span style=\"font-weight: 400;\">que visitar a Girona<\/span><\/a> <span style=\"font-weight: 400;\">i que a<\/span> <span style=\"font-weight: 400;\">Willy\u00b4s pla no pod\u00edem deixar passar desapercebuts.<\/span><\/p>\n<p style=\"background-color: #ffffff;\">Per aquesta <span style=\"font-weight: bold;\">ruta<\/span> <span style=\"font-weight: bold;\">des de<\/span> <span style=\"font-weight: bold;\">Castell Besora a Castell dels torell\u00f3<\/span> us recomanem portar una mica de menjar, begudes i tota la millor actitud; ja que aquest cam\u00ed ho farem en tan sols un dia. A m\u00e9s, en aquest recorregut ens desconnectarem del tot, envoltats de natura i bons paisatges.<\/p>\n<p style=\"background-color: #ffffff;\">Perqu\u00e8 us feu una idea aquest pla porta inclosa la visita a dos monuments medievals i un mirador:<\/p>\n\t\t\t\t\t\t\t\t<\/div>\n\t\t\t\t<\/div>\n\t\t\t\t\t<\/div>\n\t\t<\/div>\n\t\t\t\t<div class=\"elementor-column elementor-col-50 elementor-top-column elementor-element elementor-element-f0384f5\" data-id=\"f0384f5\" data-element_type=\"column\">\n\t\t\t<div class=\"elementor-widget-wrap elementor-element-populated\">\n\t\t\t\t\t\t<div class=\"elementor-element elementor-element-498d22e elementor-widget elementor-widget-image\" data-id=\"498d22e\" data-element_type=\"widget\" data-widget_type=\"image.default\">\n\t\t\t\t<div class=\"elementor-widget-container\">\n\t\t\t\t\t\t\t\t\t\t\t\t\t\t\t<img fetchpriority=\"high\" decoding=\"async\" width=\"768\" height=\"566\" src=\"https:\/\/www.willysplan.com\/wp-content\/uploads\/2020\/06\/ruta-castell-de-torello1-768x566.jpg\" class=\"attachment-medium_large size-medium_large wp-image-13513\" alt=\"\" srcset=\"https:\/\/www.willysplan.com\/wp-content\/uploads\/2020\/06\/ruta-castell-de-torello1-768x566.jpg 768w, https:\/\/www.willysplan.com\/wp-content\/uploads\/2020\/06\/ruta-castell-de-torello1-300x221.jpg 300w, https:\/\/www.willysplan.com\/wp-content\/uploads\/2020\/06\/ruta-castell-de-torello1-1024x755.jpg 1024w, https:\/\/www.willysplan.com\/wp-content\/uploads\/2020\/06\/ruta-castell-de-torello1-1536x1133.jpg 1536w, https:\/\/www.willysplan.com\/wp-content\/uploads\/2020\/06\/ruta-castell-de-torello1-960x708.jpg 960w, https:\/\/www.willysplan.com\/wp-content\/uploads\/2020\/06\/ruta-castell-de-torello1-542x400.jpg 542w, https:\/\/www.willysplan.com\/wp-content\/uploads\/2020\/06\/ruta-castell-de-torello1-585x431.jpg 585w, https:\/\/www.willysplan.com\/wp-content\/uploads\/2020\/06\/ruta-castell-de-torello1-600x443.jpg 600w, https:\/\/www.willysplan.com\/wp-content\/uploads\/2020\/06\/ruta-castell-de-torello1.jpg 1600w\" sizes=\"(max-width: 768px) 100vw, 768px\" \/>\t\t\t\t\t\t\t\t\t\t\t\t\t\t\t<\/div>\n\t\t\t\t<\/div>\n\t\t\t\t\t<\/div>\n\t\t<\/div>\n\t\t\t\t\t<\/div>\n\t\t<\/section>\n\t\t\t\t<section class=\"elementor-section elementor-top-section elementor-element elementor-element-671cd3c elementor-section-boxed elementor-section-height-default elementor-section-height-default\" data-id=\"671cd3c\" data-element_type=\"section\">\n\t\t\t\t\t\t<div class=\"elementor-container elementor-column-gap-default\">\n\t\t\t\t\t<div class=\"elementor-column elementor-col-100 elementor-top-column elementor-element elementor-element-eaffc38\" data-id=\"eaffc38\" data-element_type=\"column\">\n\t\t\t<div class=\"elementor-widget-wrap elementor-element-populated\">\n\t\t\t\t\t\t<div class=\"elementor-element elementor-element-ac561a4 elementor-widget elementor-widget-text-editor\" data-id=\"ac561a4\" data-element_type=\"widget\" data-widget_type=\"text-editor.default\">\n\t\t\t\t<div class=\"elementor-widget-container\">\n\t\t\t\t\t\t\t\t\t<p>El primer \u00e9s el <b>Castell de Besora<\/b> . Aquesta construcci\u00f3 que data de l&#8217;any 895, es troba a 1.092 metres d&#8217;altitud, per la qual cosa ja us podeu fer una idea de les vistes d&#8217;aquest lloc.<\/p>\n<p><span style=\"font-weight: 400;\">El segon lloc \u00e9s el<\/span> <b>Mirador Sant Salvador de Bellver<\/b><span style=\"font-weight: 400;\">. Aquest lloc est\u00e0 datat de l&#8217;any 1.110 i est\u00e0 incl\u00f2s a l&#8217;inventari del Patrimoni Arquitect\u00f2nic Catal\u00e0 i gaudeix d&#8217;unes vistes espectaculars. <\/span><\/p>\n<p><span style=\"font-weight: 400;\">I per \u00faltim visitarem el<\/span> <b>Castell dels Torell\u00f3<\/b> <span style=\"font-weight: 400;\">, un castell constru\u00eft l&#8217;any 881 que es caracteritza pel seu estil arquitect\u00f2nic rom\u00e0nic i va ser declarat com a \u201cB\u00e9 Cultural d&#8217;Inter\u00e8s Nacional\u201d.<\/span><\/p>\n\t\t\t\t\t\t\t\t<\/div>\n\t\t\t\t<\/div>\n\t\t\t\t\t<\/div>\n\t\t<\/div>\n\t\t\t\t\t<\/div>\n\t\t<\/section>\n\t\t\t\t<section class=\"elementor-section elementor-top-section elementor-element elementor-element-36fe8d4 elementor-section-boxed elementor-section-height-default elementor-section-height-default\" data-id=\"36fe8d4\" data-element_type=\"section\">\n\t\t\t\t\t\t<div class=\"elementor-container elementor-column-gap-default\">\n\t\t\t\t\t<div class=\"elementor-column elementor-col-100 elementor-top-column elementor-element elementor-element-da527a3\" data-id=\"da527a3\" data-element_type=\"column\">\n\t\t\t<div class=\"elementor-widget-wrap elementor-element-populated\">\n\t\t\t\t\t\t<div class=\"elementor-element elementor-element-005077d elementor-widget elementor-widget-heading\" data-id=\"005077d\" data-element_type=\"widget\" data-widget_type=\"heading.default\">\n\t\t\t\t<div class=\"elementor-widget-container\">\n\t\t\t\t\t<h2 class=\"elementor-heading-title elementor-size-default\">Castell Besora\n<\/h2>\t\t\t\t<\/div>\n\t\t\t\t<\/div>\n\t\t\t\t\t<\/div>\n\t\t<\/div>\n\t\t\t\t\t<\/div>\n\t\t<\/section>\n\t\t\t\t<section class=\"elementor-section elementor-top-section elementor-element elementor-element-39c50f9 elementor-section-boxed elementor-section-height-default elementor-section-height-default\" data-id=\"39c50f9\" data-element_type=\"section\">\n\t\t\t\t\t\t<div class=\"elementor-container elementor-column-gap-default\">\n\t\t\t\t\t<div class=\"elementor-column elementor-col-50 elementor-top-column elementor-element elementor-element-3adfcf7\" data-id=\"3adfcf7\" data-element_type=\"column\">\n\t\t\t<div class=\"elementor-widget-wrap elementor-element-populated\">\n\t\t\t\t\t\t<div class=\"elementor-element elementor-element-4b1d3b8 elementor-widget elementor-widget-image\" data-id=\"4b1d3b8\" data-element_type=\"widget\" data-widget_type=\"image.default\">\n\t\t\t\t<div class=\"elementor-widget-container\">\n\t\t\t\t\t\t\t\t\t\t\t\t\t\t\t<img decoding=\"async\" width=\"768\" height=\"576\" src=\"https:\/\/www.willysplan.com\/wp-content\/uploads\/2020\/06\/castillo-de-besora1-768x576.jpg\" class=\"attachment-medium_large size-medium_large wp-image-13511\" alt=\"\" srcset=\"https:\/\/www.willysplan.com\/wp-content\/uploads\/2020\/06\/castillo-de-besora1-768x576.jpg 768w, https:\/\/www.willysplan.com\/wp-content\/uploads\/2020\/06\/castillo-de-besora1-300x225.jpg 300w, https:\/\/www.willysplan.com\/wp-content\/uploads\/2020\/06\/castillo-de-besora1-1024x768.jpg 1024w, https:\/\/www.willysplan.com\/wp-content\/uploads\/2020\/06\/castillo-de-besora1-1536x1152.jpg 1536w, https:\/\/www.willysplan.com\/wp-content\/uploads\/2020\/06\/castillo-de-besora1-760x570.jpg 760w, https:\/\/www.willysplan.com\/wp-content\/uploads\/2020\/06\/castillo-de-besora1-960x720.jpg 960w, https:\/\/www.willysplan.com\/wp-content\/uploads\/2020\/06\/castillo-de-besora1-533x400.jpg 533w, https:\/\/www.willysplan.com\/wp-content\/uploads\/2020\/06\/castillo-de-besora1-585x439.jpg 585w, https:\/\/www.willysplan.com\/wp-content\/uploads\/2020\/06\/castillo-de-besora1-600x450.jpg 600w, https:\/\/www.willysplan.com\/wp-content\/uploads\/2020\/06\/castillo-de-besora1.jpg 1600w\" sizes=\"(max-width: 768px) 100vw, 768px\" \/>\t\t\t\t\t\t\t\t\t\t\t\t\t\t\t<\/div>\n\t\t\t\t<\/div>\n\t\t\t\t\t<\/div>\n\t\t<\/div>\n\t\t\t\t<div class=\"elementor-column elementor-col-50 elementor-top-column elementor-element elementor-element-87bb7fb\" data-id=\"87bb7fb\" data-element_type=\"column\">\n\t\t\t<div class=\"elementor-widget-wrap elementor-element-populated\">\n\t\t\t\t\t\t<div class=\"elementor-element elementor-element-d159e67 elementor-widget elementor-widget-image\" data-id=\"d159e67\" data-element_type=\"widget\" data-widget_type=\"image.default\">\n\t\t\t\t<div class=\"elementor-widget-container\">\n\t\t\t\t\t\t\t\t\t\t\t\t\t\t\t<img decoding=\"async\" width=\"640\" height=\"480\" src=\"https:\/\/www.willysplan.com\/wp-content\/uploads\/2020\/06\/castell-de-besora-ruta1.jpg\" class=\"attachment-medium_large size-medium_large wp-image-13515\" alt=\"\" srcset=\"https:\/\/www.willysplan.com\/wp-content\/uploads\/2020\/06\/castell-de-besora-ruta1.jpg 640w, https:\/\/www.willysplan.com\/wp-content\/uploads\/2020\/06\/castell-de-besora-ruta1-300x225.jpg 300w, https:\/\/www.willysplan.com\/wp-content\/uploads\/2020\/06\/castell-de-besora-ruta1-533x400.jpg 533w, https:\/\/www.willysplan.com\/wp-content\/uploads\/2020\/06\/castell-de-besora-ruta1-585x439.jpg 585w, https:\/\/www.willysplan.com\/wp-content\/uploads\/2020\/06\/castell-de-besora-ruta1-600x450.jpg 600w\" sizes=\"(max-width: 640px) 100vw, 640px\" \/>\t\t\t\t\t\t\t\t\t\t\t\t\t\t\t<\/div>\n\t\t\t\t<\/div>\n\t\t\t\t\t<\/div>\n\t\t<\/div>\n\t\t\t\t\t<\/div>\n\t\t<\/section>\n\t\t\t\t<section class=\"elementor-section elementor-top-section elementor-element elementor-element-4e88c10 elementor-section-boxed elementor-section-height-default elementor-section-height-default\" data-id=\"4e88c10\" data-element_type=\"section\">\n\t\t\t\t\t\t<div class=\"elementor-container elementor-column-gap-default\">\n\t\t\t\t\t<div class=\"elementor-column elementor-col-100 elementor-top-column elementor-element elementor-element-8ccc3a4\" data-id=\"8ccc3a4\" data-element_type=\"column\">\n\t\t\t<div class=\"elementor-widget-wrap elementor-element-populated\">\n\t\t\t\t\t\t<div class=\"elementor-element elementor-element-39dc59f elementor-widget elementor-widget-text-editor\" data-id=\"39dc59f\" data-element_type=\"widget\" data-widget_type=\"text-editor.default\">\n\t\t\t\t<div class=\"elementor-widget-container\">\n\t\t\t\t\t\t\t\t\t<p><span style=\"font-weight: 400;\">Aquest castell corona el tur\u00f3 de Santa Maria de Besora i encara que avui nom\u00e9s se&#8217;n conserven les ru\u00efnes, \u00e9s la import\u00e0ncia i hist\u00f2ria d&#8217;aquest lloc, cosa que encara preval en el temps i desperta gran curiositat en els turistes. Com que \u00e9s un lloc de gran inter\u00e8s hist\u00f2ric i monumental, va ser declarat \u201cB\u00e9 Cultural d&#8217;Inter\u00e8s Nacional\u201d, sense esmentar les vistes d&#8217;aquest lloc que s\u00f3n realment fascinants.<\/span><\/p>\n<p><span style=\"font-weight: 400;\">El conjunt medieval del<\/span> <b>Castell Besora<\/b> <span style=\"font-weight: 400;\">cobreix aproximadament una hect\u00e0rea i se&#8217;n troba uns<\/span> <span style=\"font-weight: 400;\">1.092 mts sobre el nivell del mar. Per arribar a aquest lloc ho hem de fer a peu per un cam\u00ed costerut i sinu\u00f3s que inicia al poble de <\/span><b>Tei\u00e0.<\/b> <span style=\"font-weight: 400;\">Aquesta edificaci\u00f3 compta amb una esgl\u00e9sia primitiva,<\/span> <span style=\"font-weight: 400;\">un castell del qual s&#8217;observen les restes d&#8217;algunes estances, probablement destinades a \u00fas dom\u00e8stic i reformades a l&#8217;\u00e8poca moderna.<\/span> <\/p>\n<p><span style=\"font-weight: 400;\">En l&#8217;actualitat el castell compta amb el suport de la generalitat de Catalunya, que promou el turisme a aquest lloc i busca donar-li m\u00e9s valor a aquest monument.<\/span><\/p>\n\t\t\t\t\t\t\t\t<\/div>\n\t\t\t\t<\/div>\n\t\t\t\t\t<\/div>\n\t\t<\/div>\n\t\t\t\t\t<\/div>\n\t\t<\/section>\n\t\t\t\t<section class=\"elementor-section elementor-top-section elementor-element elementor-element-cf26dc9 elementor-section-boxed elementor-section-height-default elementor-section-height-default\" data-id=\"cf26dc9\" data-element_type=\"section\">\n\t\t\t\t\t\t<div class=\"elementor-container elementor-column-gap-default\">\n\t\t\t\t\t<div class=\"elementor-column elementor-col-100 elementor-top-column elementor-element elementor-element-5689fda\" data-id=\"5689fda\" data-element_type=\"column\">\n\t\t\t<div class=\"elementor-widget-wrap elementor-element-populated\">\n\t\t\t\t\t\t<div class=\"elementor-element elementor-element-ec10ffc elementor-widget elementor-widget-heading\" data-id=\"ec10ffc\" data-element_type=\"widget\" data-widget_type=\"heading.default\">\n\t\t\t\t<div class=\"elementor-widget-container\">\n\t\t\t\t\t<h2 class=\"elementor-heading-title elementor-size-default\">Mirador Sant Salvador de Bellver\n<\/h2>\t\t\t\t<\/div>\n\t\t\t\t<\/div>\n\t\t\t\t\t<\/div>\n\t\t<\/div>\n\t\t\t\t\t<\/div>\n\t\t<\/section>\n\t\t\t\t<section class=\"elementor-section elementor-top-section elementor-element elementor-element-9ca4401 elementor-section-boxed elementor-section-height-default elementor-section-height-default\" data-id=\"9ca4401\" data-element_type=\"section\">\n\t\t\t\t\t\t<div class=\"elementor-container elementor-column-gap-default\">\n\t\t\t\t\t<div class=\"elementor-column elementor-col-50 elementor-top-column elementor-element elementor-element-824143d\" data-id=\"824143d\" data-element_type=\"column\">\n\t\t\t<div class=\"elementor-widget-wrap elementor-element-populated\">\n\t\t\t\t\t\t<div class=\"elementor-element elementor-element-14928ac elementor-widget elementor-widget-image\" data-id=\"14928ac\" data-element_type=\"widget\" data-widget_type=\"image.default\">\n\t\t\t\t<div class=\"elementor-widget-container\">\n\t\t\t\t\t\t\t\t\t\t\t\t\t\t\t<img loading=\"lazy\" decoding=\"async\" width=\"768\" height=\"576\" src=\"https:\/\/www.willysplan.com\/wp-content\/uploads\/2020\/06\/mirador-sant-salvador-bellver-paint-768x576.jpg\" class=\"attachment-medium_large size-medium_large wp-image-13519\" alt=\"\" srcset=\"https:\/\/www.willysplan.com\/wp-content\/uploads\/2020\/06\/mirador-sant-salvador-bellver-paint-768x576.jpg 768w, https:\/\/www.willysplan.com\/wp-content\/uploads\/2020\/06\/mirador-sant-salvador-bellver-paint-300x225.jpg 300w, https:\/\/www.willysplan.com\/wp-content\/uploads\/2020\/06\/mirador-sant-salvador-bellver-paint-1024x768.jpg 1024w, https:\/\/www.willysplan.com\/wp-content\/uploads\/2020\/06\/mirador-sant-salvador-bellver-paint-760x570.jpg 760w, https:\/\/www.willysplan.com\/wp-content\/uploads\/2020\/06\/mirador-sant-salvador-bellver-paint-960x720.jpg 960w, https:\/\/www.willysplan.com\/wp-content\/uploads\/2020\/06\/mirador-sant-salvador-bellver-paint-533x400.jpg 533w, https:\/\/www.willysplan.com\/wp-content\/uploads\/2020\/06\/mirador-sant-salvador-bellver-paint-585x439.jpg 585w, https:\/\/www.willysplan.com\/wp-content\/uploads\/2020\/06\/mirador-sant-salvador-bellver-paint-600x450.jpg 600w, https:\/\/www.willysplan.com\/wp-content\/uploads\/2020\/06\/mirador-sant-salvador-bellver-paint.jpg 1200w\" sizes=\"(max-width: 768px) 100vw, 768px\" \/>\t\t\t\t\t\t\t\t\t\t\t\t\t\t\t<\/div>\n\t\t\t\t<\/div>\n\t\t\t\t\t<\/div>\n\t\t<\/div>\n\t\t\t\t<div class=\"elementor-column elementor-col-50 elementor-top-column elementor-element elementor-element-5b24e51\" data-id=\"5b24e51\" data-element_type=\"column\">\n\t\t\t<div class=\"elementor-widget-wrap elementor-element-populated\">\n\t\t\t\t\t\t<div class=\"elementor-element elementor-element-e6250d6 elementor-widget elementor-widget-image\" data-id=\"e6250d6\" data-element_type=\"widget\" data-widget_type=\"image.default\">\n\t\t\t\t<div class=\"elementor-widget-container\">\n\t\t\t\t\t\t\t\t\t\t\t\t\t\t\t<img loading=\"lazy\" decoding=\"async\" width=\"700\" height=\"466\" src=\"https:\/\/www.willysplan.com\/wp-content\/uploads\/2020\/06\/ruta-mirador-sant-salvador-bellver1.jpg\" class=\"attachment-medium_large size-medium_large wp-image-13521\" alt=\"\" srcset=\"https:\/\/www.willysplan.com\/wp-content\/uploads\/2020\/06\/ruta-mirador-sant-salvador-bellver1.jpg 700w, https:\/\/www.willysplan.com\/wp-content\/uploads\/2020\/06\/ruta-mirador-sant-salvador-bellver1-300x200.jpg 300w, https:\/\/www.willysplan.com\/wp-content\/uploads\/2020\/06\/ruta-mirador-sant-salvador-bellver1-480x320.jpg 480w, https:\/\/www.willysplan.com\/wp-content\/uploads\/2020\/06\/ruta-mirador-sant-salvador-bellver1-280x186.jpg 280w, https:\/\/www.willysplan.com\/wp-content\/uploads\/2020\/06\/ruta-mirador-sant-salvador-bellver1-601x400.jpg 601w, https:\/\/www.willysplan.com\/wp-content\/uploads\/2020\/06\/ruta-mirador-sant-salvador-bellver1-585x389.jpg 585w, https:\/\/www.willysplan.com\/wp-content\/uploads\/2020\/06\/ruta-mirador-sant-salvador-bellver1-600x399.jpg 600w\" sizes=\"(max-width: 700px) 100vw, 700px\" \/>\t\t\t\t\t\t\t\t\t\t\t\t\t\t\t<\/div>\n\t\t\t\t<\/div>\n\t\t\t\t\t<\/div>\n\t\t<\/div>\n\t\t\t\t\t<\/div>\n\t\t<\/section>\n\t\t\t\t<section class=\"elementor-section elementor-top-section elementor-element elementor-element-090337d elementor-section-boxed elementor-section-height-default elementor-section-height-default\" data-id=\"090337d\" data-element_type=\"section\">\n\t\t\t\t\t\t<div class=\"elementor-container elementor-column-gap-default\">\n\t\t\t\t\t<div class=\"elementor-column elementor-col-100 elementor-top-column elementor-element elementor-element-10259a1\" data-id=\"10259a1\" data-element_type=\"column\">\n\t\t\t<div class=\"elementor-widget-wrap elementor-element-populated\">\n\t\t\t\t\t\t<div class=\"elementor-element elementor-element-67842ef elementor-widget elementor-widget-text-editor\" data-id=\"67842ef\" data-element_type=\"widget\" data-widget_type=\"text-editor.default\">\n\t\t\t\t<div class=\"elementor-widget-container\">\n\t\t\t\t\t\t\t\t\t<p><span style=\"font-weight: 400;\">Seguint el nostre recorregut per<\/span> <b>Osona<\/b> <span style=\"font-weight: 400;\">, arribem al<\/span> <b>Mirador Sant Salvador de Bellver.<\/b> <span style=\"font-weight: 400;\">Des d\u00b4aquest bell lloc albirarem el poble de<\/span> <b>Sant Boi de Llu\u00e7an\u00e8s<\/b> <span style=\"font-weight: 400;\">i la<\/span> <b>plana de Vic.<\/b><\/p>\n<p><span style=\"font-weight: 400;\">En aquest lloc ens trobarem amb una bella capella coneguda com <\/span><b>Sant Salvador d&#8217;Or\u00eds. <\/b><span style=\"font-weight: 400;\">Aquesta construcci\u00f3 rural es va transformar en un monestir regit per la norma de Sant Agust\u00ed al segle XII i fa honor a la verge de Santa Maria, que es troba a l&#8217;interior del temple. <\/span><\/p>\n<p><span style=\"font-weight: 400;\">Al llarg dels anys aquesta ermita ha patit diversos estralls que han contribu\u00eft al canvi del seu disseny original, per\u00f2 encara es conserva en molt bon estat i es pot apreciar amb claredat, gr\u00e0cies a diverses donacions, que l&#8217;han mantinguda dempeus.<\/span><\/p>\n\t\t\t\t\t\t\t\t<\/div>\n\t\t\t\t<\/div>\n\t\t\t\t\t<\/div>\n\t\t<\/div>\n\t\t\t\t\t<\/div>\n\t\t<\/section>\n\t\t\t\t<section class=\"elementor-section elementor-top-section elementor-element elementor-element-c34e060 elementor-section-boxed elementor-section-height-default elementor-section-height-default\" data-id=\"c34e060\" data-element_type=\"section\">\n\t\t\t\t\t\t<div class=\"elementor-container elementor-column-gap-default\">\n\t\t\t\t\t<div class=\"elementor-column elementor-col-100 elementor-top-column elementor-element elementor-element-e81ecc9\" data-id=\"e81ecc9\" data-element_type=\"column\">\n\t\t\t<div class=\"elementor-widget-wrap elementor-element-populated\">\n\t\t\t\t\t\t<div class=\"elementor-element elementor-element-ba75c32 elementor-widget elementor-widget-heading\" data-id=\"ba75c32\" data-element_type=\"widget\" data-widget_type=\"heading.default\">\n\t\t\t\t<div class=\"elementor-widget-container\">\n\t\t\t\t\t<h2 class=\"elementor-heading-title elementor-size-default\">Castell dels torell\u00f3\n<\/h2>\t\t\t\t<\/div>\n\t\t\t\t<\/div>\n\t\t\t\t\t<\/div>\n\t\t<\/div>\n\t\t\t\t\t<\/div>\n\t\t<\/section>\n\t\t\t\t<section class=\"elementor-section elementor-top-section elementor-element elementor-element-75067e7 elementor-section-boxed elementor-section-height-default elementor-section-height-default\" data-id=\"75067e7\" data-element_type=\"section\">\n\t\t\t\t\t\t<div class=\"elementor-container elementor-column-gap-default\">\n\t\t\t\t\t<div class=\"elementor-column elementor-col-50 elementor-top-column elementor-element elementor-element-715ce37\" data-id=\"715ce37\" data-element_type=\"column\">\n\t\t\t<div class=\"elementor-widget-wrap elementor-element-populated\">\n\t\t\t\t\t\t<div class=\"elementor-element elementor-element-2d22e76 elementor-widget elementor-widget-image\" data-id=\"2d22e76\" data-element_type=\"widget\" data-widget_type=\"image.default\">\n\t\t\t\t<div class=\"elementor-widget-container\">\n\t\t\t\t\t\t\t\t\t\t\t\t\t\t\t<img fetchpriority=\"high\" decoding=\"async\" width=\"768\" height=\"566\" src=\"https:\/\/www.willysplan.com\/wp-content\/uploads\/2020\/06\/ruta-castell-de-torello1-768x566.jpg\" class=\"attachment-medium_large size-medium_large wp-image-13513\" alt=\"\" srcset=\"https:\/\/www.willysplan.com\/wp-content\/uploads\/2020\/06\/ruta-castell-de-torello1-768x566.jpg 768w, https:\/\/www.willysplan.com\/wp-content\/uploads\/2020\/06\/ruta-castell-de-torello1-300x221.jpg 300w, https:\/\/www.willysplan.com\/wp-content\/uploads\/2020\/06\/ruta-castell-de-torello1-1024x755.jpg 1024w, https:\/\/www.willysplan.com\/wp-content\/uploads\/2020\/06\/ruta-castell-de-torello1-1536x1133.jpg 1536w, https:\/\/www.willysplan.com\/wp-content\/uploads\/2020\/06\/ruta-castell-de-torello1-960x708.jpg 960w, https:\/\/www.willysplan.com\/wp-content\/uploads\/2020\/06\/ruta-castell-de-torello1-542x400.jpg 542w, https:\/\/www.willysplan.com\/wp-content\/uploads\/2020\/06\/ruta-castell-de-torello1-585x431.jpg 585w, https:\/\/www.willysplan.com\/wp-content\/uploads\/2020\/06\/ruta-castell-de-torello1-600x443.jpg 600w, https:\/\/www.willysplan.com\/wp-content\/uploads\/2020\/06\/ruta-castell-de-torello1.jpg 1600w\" sizes=\"(max-width: 768px) 100vw, 768px\" \/>\t\t\t\t\t\t\t\t\t\t\t\t\t\t\t<\/div>\n\t\t\t\t<\/div>\n\t\t\t\t\t<\/div>\n\t\t<\/div>\n\t\t\t\t<div class=\"elementor-column elementor-col-50 elementor-top-column elementor-element elementor-element-c7a75f0\" data-id=\"c7a75f0\" data-element_type=\"column\">\n\t\t\t<div class=\"elementor-widget-wrap elementor-element-populated\">\n\t\t\t\t\t\t<div class=\"elementor-element elementor-element-03c58e4 elementor-widget elementor-widget-image\" data-id=\"03c58e4\" data-element_type=\"widget\" data-widget_type=\"image.default\">\n\t\t\t\t<div class=\"elementor-widget-container\">\n\t\t\t\t\t\t\t\t\t\t\t\t\t\t\t<img loading=\"lazy\" decoding=\"async\" width=\"768\" height=\"574\" src=\"https:\/\/www.willysplan.com\/wp-content\/uploads\/2020\/06\/ruta-castell-dels-torello-paint-768x574.jpg\" class=\"attachment-medium_large size-medium_large wp-image-13523\" alt=\"\" srcset=\"https:\/\/www.willysplan.com\/wp-content\/uploads\/2020\/06\/ruta-castell-dels-torello-paint-768x574.jpg 768w, https:\/\/www.willysplan.com\/wp-content\/uploads\/2020\/06\/ruta-castell-dels-torello-paint-300x224.jpg 300w, https:\/\/www.willysplan.com\/wp-content\/uploads\/2020\/06\/ruta-castell-dels-torello-paint-1024x765.jpg 1024w, https:\/\/www.willysplan.com\/wp-content\/uploads\/2020\/06\/ruta-castell-dels-torello-paint-960x718.jpg 960w, https:\/\/www.willysplan.com\/wp-content\/uploads\/2020\/06\/ruta-castell-dels-torello-paint-535x400.jpg 535w, https:\/\/www.willysplan.com\/wp-content\/uploads\/2020\/06\/ruta-castell-dels-torello-paint-585x437.jpg 585w, https:\/\/www.willysplan.com\/wp-content\/uploads\/2020\/06\/ruta-castell-dels-torello-paint-600x449.jpg 600w, https:\/\/www.willysplan.com\/wp-content\/uploads\/2020\/06\/ruta-castell-dels-torello-paint.jpg 1200w\" sizes=\"(max-width: 768px) 100vw, 768px\" \/>\t\t\t\t\t\t\t\t\t\t\t\t\t\t\t<\/div>\n\t\t\t\t<\/div>\n\t\t\t\t\t<\/div>\n\t\t<\/div>\n\t\t\t\t\t<\/div>\n\t\t<\/section>\n\t\t\t\t<section class=\"elementor-section elementor-top-section elementor-element elementor-element-c270963 elementor-section-boxed elementor-section-height-default elementor-section-height-default\" data-id=\"c270963\" data-element_type=\"section\">\n\t\t\t\t\t\t<div class=\"elementor-container elementor-column-gap-default\">\n\t\t\t\t\t<div class=\"elementor-column elementor-col-100 elementor-top-column elementor-element elementor-element-765432f\" data-id=\"765432f\" data-element_type=\"column\">\n\t\t\t<div class=\"elementor-widget-wrap elementor-element-populated\">\n\t\t\t\t\t\t<div class=\"elementor-element elementor-element-afe3043 elementor-widget elementor-widget-text-editor\" data-id=\"afe3043\" data-element_type=\"widget\" data-widget_type=\"text-editor.default\">\n\t\t\t\t<div class=\"elementor-widget-container\">\n\t\t\t\t\t\t\t\t\t<p><span style=\"font-weight: 400;\">El<\/span> <b>Castell dels torell\u00f3<\/b> <span style=\"font-weight: 400;\">tamb\u00e9 conegut com a<\/span> <b>Castell dels<\/b> <b>Moros<\/b> <span style=\"font-weight: 400;\">, es troba ubicat al cim d&#8217;una petita regi\u00f3 muntanyenca del poble de<\/span> <b>Sant Vicen\u00e7 de Torell\u00f3<\/b> <span style=\"font-weight: 400;\">a uns 781 mts d&#8217;al\u00e7ada, on es pot apreciar la<\/span> <b>Vall del Ges.<\/b><\/p>\n<p><span style=\"font-weight: 400;\">D&#8217;aquest conjunt medieval nom\u00e9s se&#8217;n conserva la torre rodona, que es caracteritza pels carreus de pedra escairats i les puntes de roques que l&#8217;envoltaven. El m\u00e9s important daquest lloc \u00e9s la seva connotaci\u00f3 hist\u00f2rica. Tot i que va pert\u00e0nyer a diverses fam\u00edlies de la burgesia catalana, el seu principal \u00fas era com a fortificaci\u00f3 resguard del poble durant les \u00e8poques de conquesta i encara que la seva invasi\u00f3 va ser inevitable els seus m\u00faltiples amos, van intentar mantenir-lo com a jurisdicci\u00f3 territorial per als pobles de Sant Feliu de Torell\u00f3, Sant Pere de Torell\u00f3 i Sant Vicen\u00e7.<\/span><\/p>\n<p><span style=\"font-weight: 400;\">Avui dia \u00e9s un lloc encantador on podeu passar una tarda agradable i apreciar unes belles vistes al capvespre. I si parlem de les fotografies, en podreu treure unes quantes, per al record d&#8217;aquesta ruta pels miradors i castell medievals d&#8217;Osona, que esperem us hagi agradat.<\/span><\/p>\n\t\t\t\t\t\t\t\t<\/div>\n\t\t\t\t<\/div>\n\t\t\t\t\t<\/div>\n\t\t<\/div>\n\t\t\t\t\t<\/div>\n\t\t<\/section>\n\t\t\t\t<section class=\"elementor-section elementor-top-section elementor-element elementor-element-f94a3ca elementor-section-boxed elementor-section-height-default elementor-section-height-default\" data-id=\"f94a3ca\" data-element_type=\"section\">\n\t\t\t\t\t\t<div class=\"elementor-container elementor-column-gap-default\">\n\t\t\t\t\t<div class=\"elementor-column elementor-col-100 elementor-top-column elementor-element elementor-element-4e7fb47\" data-id=\"4e7fb47\" data-element_type=\"column\">\n\t\t\t<div class=\"elementor-widget-wrap elementor-element-populated\">\n\t\t\t\t\t\t<div class=\"elementor-element elementor-element-4260ea0 elementor-widget elementor-widget-heading\" data-id=\"4260ea0\" data-element_type=\"widget\" data-widget_type=\"heading.default\">\n\t\t\t\t<div class=\"elementor-widget-container\">\n\t\t\t\t\t<h2 class=\"elementor-heading-title elementor-size-default\">Altres rutes que tamb\u00e9 et poden interessar...<\/h2>\t\t\t\t<\/div>\n\t\t\t\t<\/div>\n\t\t\t\t\t<\/div>\n\t\t<\/div>\n\t\t\t\t\t<\/div>\n\t\t<\/section>\n\t\t\t\t<section class=\"elementor-section elementor-top-section elementor-element elementor-element-0b9fdc8 elementor-section-boxed elementor-section-height-default elementor-section-height-default\" data-id=\"0b9fdc8\" data-element_type=\"section\">\n\t\t\t\t\t\t<div class=\"elementor-container elementor-column-gap-default\">\n\t\t\t\t\t<div class=\"elementor-column elementor-col-100 elementor-top-column elementor-element elementor-element-1e025aa\" data-id=\"1e025aa\" data-element_type=\"column\">\n\t\t\t<div class=\"elementor-widget-wrap elementor-element-populated\">\n\t\t\t\t\t\t<div class=\"elementor-element elementor-element-83e56bf elementor-grid-4 elementor-grid-tablet-2 elementor-grid-mobile-1 elementor-posts--thumbnail-top elementor-widget elementor-widget-posts\" data-id=\"83e56bf\" data-element_type=\"widget\" data-settings=\"{&quot;classic_columns&quot;:&quot;4&quot;,&quot;classic_columns_tablet&quot;:&quot;2&quot;,&quot;classic_columns_mobile&quot;:&quot;1&quot;,&quot;classic_row_gap&quot;:{&quot;unit&quot;:&quot;px&quot;,&quot;size&quot;:35,&quot;sizes&quot;:[]},&quot;classic_row_gap_tablet&quot;:{&quot;unit&quot;:&quot;px&quot;,&quot;size&quot;:&quot;&quot;,&quot;sizes&quot;:[]},&quot;classic_row_gap_mobile&quot;:{&quot;unit&quot;:&quot;px&quot;,&quot;size&quot;:&quot;&quot;,&quot;sizes&quot;:[]}}\" data-widget_type=\"posts.classic\">\n\t\t\t\t<div class=\"elementor-widget-container\">\n\t\t\t\t\t\t\t<div class=\"elementor-posts-container elementor-posts elementor-posts--skin-classic elementor-grid\" role=\"list\">\n\t\t\t\t<article class=\"elementor-post elementor-grid-item post-16065 post type-post status-publish format-standard has-post-thumbnail hentry category-rutes tag-rutas-barcelona-provincia tag-rutas-beget tag-rutas-berga tag-rutas-bergueda tag-rutas-castellar-de-nhug tag-rutas-cataluna\" role=\"listitem\">\n\t\t\t\t<a class=\"elementor-post__thumbnail__link\" href=\"https:\/\/www.willysplan.com\/ca\/rutes\/ruta-des-dels-jardins-artigas-a-castellar-de-nhug\" tabindex=\"-1\" >\n\t\t\t<div class=\"elementor-post__thumbnail\"><img loading=\"lazy\" decoding=\"async\" width=\"300\" height=\"300\" src=\"https:\/\/www.willysplan.com\/wp-content\/uploads\/2020\/07\/Jardins-artigas21-300x300.jpg\" class=\"attachment-medium size-medium wp-image-13691\" alt=\"\" srcset=\"https:\/\/www.willysplan.com\/wp-content\/uploads\/2020\/07\/Jardins-artigas21-300x300.jpg 300w, https:\/\/www.willysplan.com\/wp-content\/uploads\/2020\/07\/Jardins-artigas21-1024x1024.jpg 1024w, https:\/\/www.willysplan.com\/wp-content\/uploads\/2020\/07\/Jardins-artigas21-150x150.jpg 150w, https:\/\/www.willysplan.com\/wp-content\/uploads\/2020\/07\/Jardins-artigas21-768x768.jpg 768w, https:\/\/www.willysplan.com\/wp-content\/uploads\/2020\/07\/Jardins-artigas21-480x480.jpg 480w, https:\/\/www.willysplan.com\/wp-content\/uploads\/2020\/07\/Jardins-artigas21-280x280.jpg 280w, https:\/\/www.willysplan.com\/wp-content\/uploads\/2020\/07\/Jardins-artigas21-960x960.jpg 960w, https:\/\/www.willysplan.com\/wp-content\/uploads\/2020\/07\/Jardins-artigas21-400x400.jpg 400w, https:\/\/www.willysplan.com\/wp-content\/uploads\/2020\/07\/Jardins-artigas21-585x585.jpg 585w, https:\/\/www.willysplan.com\/wp-content\/uploads\/2020\/07\/Jardins-artigas21-600x600.jpg 600w, https:\/\/www.willysplan.com\/wp-content\/uploads\/2020\/07\/Jardins-artigas21-100x100.jpg 100w, https:\/\/www.willysplan.com\/wp-content\/uploads\/2020\/07\/Jardins-artigas21.jpg 1080w\" sizes=\"(max-width: 300px) 100vw, 300px\" \/><\/div>\n\t\t<\/a>\n\t\t\t\t<div class=\"elementor-post__text\">\n\t\t\t\t<h4 class=\"elementor-post__title\">\n\t\t\t<a href=\"https:\/\/www.willysplan.com\/ca\/rutes\/ruta-des-dels-jardins-artigas-a-castellar-de-nhug\" >\n\t\t\t\tRuta des dels Jardins Artigas a Castellar de N&#8217;hug\t\t\t<\/a>\n\t\t<\/h4>\n\t\t\t\t<\/div>\n\t\t\t\t<\/article>\n\t\t\t\t<\/div>\n\t\t\n\t\t\t\t\t\t<\/div>\n\t\t\t\t<\/div>\n\t\t\t\t\t<\/div>\n\t\t<\/div>\n\t\t\t\t\t<\/div>\n\t\t<\/section>\n\t\t\t\t<\/div>\n\t\t","protected":false},"excerpt":{"rendered":"<p>En aquesta ocasi\u00f3 tenim un nou pla per la prov\u00edncia de Girona. Ens anirem m\u00e9s exactament a la comarca de Osona , on gaudirem de<\/p>\n","protected":false},"author":2,"featured_media":13511,"comment_status":"closed","ping_status":"closed","sticky":false,"template":"","format":"standard","meta":{"neve_meta_sidebar":"","neve_meta_container":"","neve_meta_enable_content_width":"","neve_meta_content_width":0,"neve_meta_title_alignment":"","neve_meta_author_avatar":"","neve_post_elements_order":"","neve_meta_disable_header":"","neve_meta_disable_footer":"","neve_meta_disable_title":"","_joinchat":[],"footnotes":""},"categories":[323],"tags":[372,360,402],"class_list":["post-16072","post","type-post","status-publish","format-standard","has-post-thumbnail","hentry","category-rutes","tag-rutes-barcelona-provincia","tag-rutes-catalunya","tag-rutes-osona"],"yoast_head":"<!-- This site is optimized with the Yoast SEO Premium plugin v20.1 (Yoast SEO v26.9) - https:\/\/yoast.com\/product\/yoast-seo-premium-wordpress\/ -->\n<title>Ruta des del Castell de Besora al Castell dels torell\u00f3 - Willy&#039;s plan<\/title>\n<meta name=\"description\" content=\"Descobreix una de les millors rutes per fer a Girona. Visita el Castell Besora, Mirador Sant Salvador Bellver i Castell dels torell\u00f3. \u2705 Entra ara!\" \/>\n<meta name=\"robots\" content=\"index, follow, max-snippet:-1, max-image-preview:large, max-video-preview:-1\" \/>\n<link rel=\"canonical\" href=\"https:\/\/www.willysplan.com\/ca\/rutes\/ruta-des-del-castell-de-besora-al-castell-dels-torello\" \/>\n<meta property=\"og:locale\" content=\"ca_ES\" \/>\n<meta property=\"og:type\" content=\"article\" \/>\n<meta property=\"og:title\" content=\"Ruta des del Castell de Besora al Castell dels torell\u00f3\" \/>\n<meta property=\"og:description\" content=\"Descobreix una de les millors rutes per fer a Girona. Visita el Castell Besora, Mirador Sant Salvador Bellver i Castell dels torell\u00f3. \u2705 Entra ara!\" \/>\n<meta property=\"og:url\" content=\"https:\/\/www.willysplan.com\/ca\/rutes\/ruta-des-del-castell-de-besora-al-castell-dels-torello\" \/>\n<meta property=\"og:site_name\" content=\"Willy&#039;s Plan \ud83c\udf43\" \/>\n<meta property=\"article:published_time\" content=\"2020-06-30T06:18:15+00:00\" \/>\n<meta property=\"article:modified_time\" content=\"2023-01-03T20:36:48+00:00\" \/>\n<meta property=\"og:image\" content=\"https:\/\/www.willysplan.com\/wp-content\/uploads\/2020\/06\/castillo-de-besora1.jpg\" \/>\n\t<meta property=\"og:image:width\" content=\"1600\" \/>\n\t<meta property=\"og:image:height\" content=\"1200\" \/>\n\t<meta property=\"og:image:type\" content=\"image\/jpeg\" \/>\n<meta name=\"author\" content=\"Guillem Asensio\" \/>\n<meta name=\"twitter:card\" content=\"summary_large_image\" \/>\n<meta name=\"twitter:label1\" content=\"Escrit per\" \/>\n\t<meta name=\"twitter:data1\" content=\"Guillem Asensio\" \/>\n\t<meta name=\"twitter:label2\" content=\"Temps estimat de lectura\" \/>\n\t<meta name=\"twitter:data2\" content=\"4 minuts\" \/>\n<script type=\"application\/ld+json\" class=\"yoast-schema-graph\">{\"@context\":\"https:\/\/schema.org\",\"@graph\":[{\"@type\":\"Article\",\"@id\":\"https:\/\/www.willysplan.com\/ca\/rutes\/ruta-des-del-castell-de-besora-al-castell-dels-torello#article\",\"isPartOf\":{\"@id\":\"https:\/\/www.willysplan.com\/ca\/rutes\/ruta-des-del-castell-de-besora-al-castell-dels-torello\"},\"author\":{\"name\":\"Guillem Asensio\",\"@id\":\"https:\/\/www.willysplan.com\/#\/schema\/person\/6f2dbf2215cd25715df085907bd007c1\"},\"headline\":\"Ruta des del Castell de Besora al Castell dels torell\u00f3\",\"datePublished\":\"2020-06-30T06:18:15+00:00\",\"dateModified\":\"2023-01-03T20:36:48+00:00\",\"mainEntityOfPage\":{\"@id\":\"https:\/\/www.willysplan.com\/ca\/rutes\/ruta-des-del-castell-de-besora-al-castell-dels-torello\"},\"wordCount\":778,\"publisher\":{\"@id\":\"https:\/\/www.willysplan.com\/#organization\"},\"image\":{\"@id\":\"https:\/\/www.willysplan.com\/ca\/rutes\/ruta-des-del-castell-de-besora-al-castell-dels-torello#primaryimage\"},\"thumbnailUrl\":\"https:\/\/www.willysplan.com\/wp-content\/uploads\/2020\/06\/castillo-de-besora1.jpg\",\"keywords\":[\"rutes barcelona prov\u00edncia\",\"rutes catalunya\",\"rutes osona\"],\"articleSection\":[\"rutes\"],\"inLanguage\":\"ca\"},{\"@type\":\"WebPage\",\"@id\":\"https:\/\/www.willysplan.com\/ca\/rutes\/ruta-des-del-castell-de-besora-al-castell-dels-torello\",\"url\":\"https:\/\/www.willysplan.com\/ca\/rutes\/ruta-des-del-castell-de-besora-al-castell-dels-torello\",\"name\":\"Ruta des del Castell de Besora al Castell dels torell\u00f3 - Willy's plan\",\"isPartOf\":{\"@id\":\"https:\/\/www.willysplan.com\/#website\"},\"primaryImageOfPage\":{\"@id\":\"https:\/\/www.willysplan.com\/ca\/rutes\/ruta-des-del-castell-de-besora-al-castell-dels-torello#primaryimage\"},\"image\":{\"@id\":\"https:\/\/www.willysplan.com\/ca\/rutes\/ruta-des-del-castell-de-besora-al-castell-dels-torello#primaryimage\"},\"thumbnailUrl\":\"https:\/\/www.willysplan.com\/wp-content\/uploads\/2020\/06\/castillo-de-besora1.jpg\",\"datePublished\":\"2020-06-30T06:18:15+00:00\",\"dateModified\":\"2023-01-03T20:36:48+00:00\",\"description\":\"Descobreix una de les millors rutes per fer a Girona. Visita el Castell Besora, Mirador Sant Salvador Bellver i Castell dels torell\u00f3. \u2705 Entra ara!\",\"inLanguage\":\"ca\",\"potentialAction\":[{\"@type\":\"ReadAction\",\"target\":[\"https:\/\/www.willysplan.com\/ca\/rutes\/ruta-des-del-castell-de-besora-al-castell-dels-torello\"]}]},{\"@type\":\"ImageObject\",\"inLanguage\":\"ca\",\"@id\":\"https:\/\/www.willysplan.com\/ca\/rutes\/ruta-des-del-castell-de-besora-al-castell-dels-torello#primaryimage\",\"url\":\"https:\/\/www.willysplan.com\/wp-content\/uploads\/2020\/06\/castillo-de-besora1.jpg\",\"contentUrl\":\"https:\/\/www.willysplan.com\/wp-content\/uploads\/2020\/06\/castillo-de-besora1.jpg\",\"width\":1600,\"height\":1200},{\"@type\":\"WebSite\",\"@id\":\"https:\/\/www.willysplan.com\/#website\",\"url\":\"https:\/\/www.willysplan.com\/\",\"name\":\"Willy&#039;s Plan \ud83c\udf43\",\"description\":\"Escapadas y Planes de fin de semana\",\"publisher\":{\"@id\":\"https:\/\/www.willysplan.com\/#organization\"},\"potentialAction\":[{\"@type\":\"SearchAction\",\"target\":{\"@type\":\"EntryPoint\",\"urlTemplate\":\"https:\/\/www.willysplan.com\/?s={search_term_string}\"},\"query-input\":{\"@type\":\"PropertyValueSpecification\",\"valueRequired\":true,\"valueName\":\"search_term_string\"}}],\"inLanguage\":\"ca\"},{\"@type\":\"Organization\",\"@id\":\"https:\/\/www.willysplan.com\/#organization\",\"name\":\"Willy&#039;s Plan \ud83c\udf43\",\"url\":\"https:\/\/www.willysplan.com\/\",\"logo\":{\"@type\":\"ImageObject\",\"inLanguage\":\"ca\",\"@id\":\"https:\/\/www.willysplan.com\/#\/schema\/logo\/image\/\",\"url\":\"https:\/\/www.willysplan.com\/wp-content\/uploads\/2020\/04\/cropped-logo-1.png\",\"contentUrl\":\"https:\/\/www.willysplan.com\/wp-content\/uploads\/2020\/04\/cropped-logo-1.png\",\"width\":332,\"height\":332,\"caption\":\"Willy&#039;s Plan \ud83c\udf43\"},\"image\":{\"@id\":\"https:\/\/www.willysplan.com\/#\/schema\/logo\/image\/\"}},{\"@type\":\"Person\",\"@id\":\"https:\/\/www.willysplan.com\/#\/schema\/person\/6f2dbf2215cd25715df085907bd007c1\",\"name\":\"Guillem Asensio\",\"image\":{\"@type\":\"ImageObject\",\"inLanguage\":\"ca\",\"@id\":\"https:\/\/www.willysplan.com\/#\/schema\/person\/image\/\",\"url\":\"https:\/\/secure.gravatar.com\/avatar\/fd3f69da3e6cd8d451f6be79c127da046757b9a4c273deefb40b1291809cc787?s=96&d=mm&r=g\",\"contentUrl\":\"https:\/\/secure.gravatar.com\/avatar\/fd3f69da3e6cd8d451f6be79c127da046757b9a4c273deefb40b1291809cc787?s=96&d=mm&r=g\",\"caption\":\"Guillem Asensio\"},\"sameAs\":[\"https:\/\/willysplan.com\"],\"url\":\"https:\/\/www.willysplan.com\/ca\/author\/willy\"}]}<\/script>\n<!-- \/ Yoast SEO Premium plugin. -->","yoast_head_json":{"title":"Ruta des del Castell de Besora al Castell dels torell\u00f3 - Willy's plan","description":"Descobreix una de les millors rutes per fer a Girona. Visita el Castell Besora, Mirador Sant Salvador Bellver i Castell dels torell\u00f3. \u2705 Entra ara!","robots":{"index":"index","follow":"follow","max-snippet":"max-snippet:-1","max-image-preview":"max-image-preview:large","max-video-preview":"max-video-preview:-1"},"canonical":"https:\/\/www.willysplan.com\/ca\/rutes\/ruta-des-del-castell-de-besora-al-castell-dels-torello","og_locale":"ca_ES","og_type":"article","og_title":"Ruta des del Castell de Besora al Castell dels torell\u00f3","og_description":"Descobreix una de les millors rutes per fer a Girona. Visita el Castell Besora, Mirador Sant Salvador Bellver i Castell dels torell\u00f3. \u2705 Entra ara!","og_url":"https:\/\/www.willysplan.com\/ca\/rutes\/ruta-des-del-castell-de-besora-al-castell-dels-torello","og_site_name":"Willy&#039;s Plan \ud83c\udf43","article_published_time":"2020-06-30T06:18:15+00:00","article_modified_time":"2023-01-03T20:36:48+00:00","og_image":[{"width":1600,"height":1200,"url":"https:\/\/www.willysplan.com\/wp-content\/uploads\/2020\/06\/castillo-de-besora1.jpg","type":"image\/jpeg"}],"author":"Guillem Asensio","twitter_card":"summary_large_image","twitter_misc":{"Escrit per":"Guillem Asensio","Temps estimat de lectura":"4 minuts"},"schema":{"@context":"https:\/\/schema.org","@graph":[{"@type":"Article","@id":"https:\/\/www.willysplan.com\/ca\/rutes\/ruta-des-del-castell-de-besora-al-castell-dels-torello#article","isPartOf":{"@id":"https:\/\/www.willysplan.com\/ca\/rutes\/ruta-des-del-castell-de-besora-al-castell-dels-torello"},"author":{"name":"Guillem Asensio","@id":"https:\/\/www.willysplan.com\/#\/schema\/person\/6f2dbf2215cd25715df085907bd007c1"},"headline":"Ruta des del Castell de Besora al Castell dels torell\u00f3","datePublished":"2020-06-30T06:18:15+00:00","dateModified":"2023-01-03T20:36:48+00:00","mainEntityOfPage":{"@id":"https:\/\/www.willysplan.com\/ca\/rutes\/ruta-des-del-castell-de-besora-al-castell-dels-torello"},"wordCount":778,"publisher":{"@id":"https:\/\/www.willysplan.com\/#organization"},"image":{"@id":"https:\/\/www.willysplan.com\/ca\/rutes\/ruta-des-del-castell-de-besora-al-castell-dels-torello#primaryimage"},"thumbnailUrl":"https:\/\/www.willysplan.com\/wp-content\/uploads\/2020\/06\/castillo-de-besora1.jpg","keywords":["rutes barcelona prov\u00edncia","rutes catalunya","rutes osona"],"articleSection":["rutes"],"inLanguage":"ca"},{"@type":"WebPage","@id":"https:\/\/www.willysplan.com\/ca\/rutes\/ruta-des-del-castell-de-besora-al-castell-dels-torello","url":"https:\/\/www.willysplan.com\/ca\/rutes\/ruta-des-del-castell-de-besora-al-castell-dels-torello","name":"Ruta des del Castell de Besora al Castell dels torell\u00f3 - Willy's plan","isPartOf":{"@id":"https:\/\/www.willysplan.com\/#website"},"primaryImageOfPage":{"@id":"https:\/\/www.willysplan.com\/ca\/rutes\/ruta-des-del-castell-de-besora-al-castell-dels-torello#primaryimage"},"image":{"@id":"https:\/\/www.willysplan.com\/ca\/rutes\/ruta-des-del-castell-de-besora-al-castell-dels-torello#primaryimage"},"thumbnailUrl":"https:\/\/www.willysplan.com\/wp-content\/uploads\/2020\/06\/castillo-de-besora1.jpg","datePublished":"2020-06-30T06:18:15+00:00","dateModified":"2023-01-03T20:36:48+00:00","description":"Descobreix una de les millors rutes per fer a Girona. Visita el Castell Besora, Mirador Sant Salvador Bellver i Castell dels torell\u00f3. \u2705 Entra ara!","inLanguage":"ca","potentialAction":[{"@type":"ReadAction","target":["https:\/\/www.willysplan.com\/ca\/rutes\/ruta-des-del-castell-de-besora-al-castell-dels-torello"]}]},{"@type":"ImageObject","inLanguage":"ca","@id":"https:\/\/www.willysplan.com\/ca\/rutes\/ruta-des-del-castell-de-besora-al-castell-dels-torello#primaryimage","url":"https:\/\/www.willysplan.com\/wp-content\/uploads\/2020\/06\/castillo-de-besora1.jpg","contentUrl":"https:\/\/www.willysplan.com\/wp-content\/uploads\/2020\/06\/castillo-de-besora1.jpg","width":1600,"height":1200},{"@type":"WebSite","@id":"https:\/\/www.willysplan.com\/#website","url":"https:\/\/www.willysplan.com\/","name":"Willy&#039;s Plan \ud83c\udf43","description":"Escapadas y Planes de fin de semana","publisher":{"@id":"https:\/\/www.willysplan.com\/#organization"},"potentialAction":[{"@type":"SearchAction","target":{"@type":"EntryPoint","urlTemplate":"https:\/\/www.willysplan.com\/?s={search_term_string}"},"query-input":{"@type":"PropertyValueSpecification","valueRequired":true,"valueName":"search_term_string"}}],"inLanguage":"ca"},{"@type":"Organization","@id":"https:\/\/www.willysplan.com\/#organization","name":"Willy&#039;s Plan \ud83c\udf43","url":"https:\/\/www.willysplan.com\/","logo":{"@type":"ImageObject","inLanguage":"ca","@id":"https:\/\/www.willysplan.com\/#\/schema\/logo\/image\/","url":"https:\/\/www.willysplan.com\/wp-content\/uploads\/2020\/04\/cropped-logo-1.png","contentUrl":"https:\/\/www.willysplan.com\/wp-content\/uploads\/2020\/04\/cropped-logo-1.png","width":332,"height":332,"caption":"Willy&#039;s Plan \ud83c\udf43"},"image":{"@id":"https:\/\/www.willysplan.com\/#\/schema\/logo\/image\/"}},{"@type":"Person","@id":"https:\/\/www.willysplan.com\/#\/schema\/person\/6f2dbf2215cd25715df085907bd007c1","name":"Guillem Asensio","image":{"@type":"ImageObject","inLanguage":"ca","@id":"https:\/\/www.willysplan.com\/#\/schema\/person\/image\/","url":"https:\/\/secure.gravatar.com\/avatar\/fd3f69da3e6cd8d451f6be79c127da046757b9a4c273deefb40b1291809cc787?s=96&d=mm&r=g","contentUrl":"https:\/\/secure.gravatar.com\/avatar\/fd3f69da3e6cd8d451f6be79c127da046757b9a4c273deefb40b1291809cc787?s=96&d=mm&r=g","caption":"Guillem Asensio"},"sameAs":["https:\/\/willysplan.com"],"url":"https:\/\/www.willysplan.com\/ca\/author\/willy"}]}},"_links":{"self":[{"href":"https:\/\/www.willysplan.com\/ca\/wp-json\/wp\/v2\/posts\/16072","targetHints":{"allow":["GET"]}}],"collection":[{"href":"https:\/\/www.willysplan.com\/ca\/wp-json\/wp\/v2\/posts"}],"about":[{"href":"https:\/\/www.willysplan.com\/ca\/wp-json\/wp\/v2\/types\/post"}],"author":[{"embeddable":true,"href":"https:\/\/www.willysplan.com\/ca\/wp-json\/wp\/v2\/users\/2"}],"replies":[{"embeddable":true,"href":"https:\/\/www.willysplan.com\/ca\/wp-json\/wp\/v2\/comments?post=16072"}],"version-history":[{"count":2,"href":"https:\/\/www.willysplan.com\/ca\/wp-json\/wp\/v2\/posts\/16072\/revisions"}],"predecessor-version":[{"id":16082,"href":"https:\/\/www.willysplan.com\/ca\/wp-json\/wp\/v2\/posts\/16072\/revisions\/16082"}],"wp:featuredmedia":[{"embeddable":true,"href":"https:\/\/www.willysplan.com\/ca\/wp-json\/wp\/v2\/media\/13511"}],"wp:attachment":[{"href":"https:\/\/www.willysplan.com\/ca\/wp-json\/wp\/v2\/media?parent=16072"}],"wp:term":[{"taxonomy":"category","embeddable":true,"href":"https:\/\/www.willysplan.com\/ca\/wp-json\/wp\/v2\/categories?post=16072"},{"taxonomy":"post_tag","embeddable":true,"href":"https:\/\/www.willysplan.com\/ca\/wp-json\/wp\/v2\/tags?post=16072"}],"curies":[{"name":"wp","href":"https:\/\/api.w.org\/{rel}","templated":true}]}}