{"id":16044,"date":"2020-07-11T20:02:24","date_gmt":"2020-07-11T19:02:24","guid":{"rendered":"https:\/\/willysplan.com\/uncategorized-ca\/ruta-des-de-la-torre-roja-al-turo-de-tagamanent"},"modified":"2023-07-25T04:58:04","modified_gmt":"2023-07-25T03:58:04","slug":"ruta-des-de-la-torre-roja-al-turo-de-tagamanent","status":"publish","type":"post","link":"https:\/\/www.willysplan.com\/ca\/rutes\/ruta-des-de-la-torre-roja-al-turo-de-tagamanent","title":{"rendered":"Ruta des de la Torre Roja al Tur\u00f3 de Tagamanent"},"content":{"rendered":"\t\t<div data-elementor-type=\"wp-post\" data-elementor-id=\"16044\" class=\"elementor elementor-16044 elementor-1872\" data-elementor-post-type=\"post\">\n\t\t\t\t\t\t<section class=\"elementor-section elementor-top-section elementor-element elementor-element-f4c69cc elementor-section-boxed elementor-section-height-default elementor-section-height-default\" data-id=\"f4c69cc\" data-element_type=\"section\">\n\t\t\t\t\t\t<div class=\"elementor-container elementor-column-gap-default\">\n\t\t\t\t\t<div class=\"elementor-column elementor-col-50 elementor-top-column elementor-element elementor-element-164a862\" data-id=\"164a862\" data-element_type=\"column\">\n\t\t\t<div class=\"elementor-widget-wrap elementor-element-populated\">\n\t\t\t\t\t\t<div class=\"elementor-element elementor-element-29bc239 elementor-widget elementor-widget-text-editor\" data-id=\"29bc239\" data-element_type=\"widget\" data-widget_type=\"text-editor.default\">\n\t\t\t\t<div class=\"elementor-widget-container\">\n\t\t\t\t\t\t\t\t\t<p>\u00a1Una ruta com a sortida d&#8217;un conte de fades! Si hi ha alguna cosa que ens agrada de la comarca del <strong>Vall\u00e8s Oriental<\/strong> \u00e9s la m\u00e0gia que reuneix cada rac\u00f3 que coneixem i la hist\u00f2ria que envolta tota aquesta bella regi\u00f3 de <strong>Catalunya<\/strong> . En aquesta ruta pels castells del <strong>Vall\u00e8s Oriental,<\/strong> visitarem els pobles de <strong>Caldes de Montbui<\/strong> , <strong>Bigues i Riells<\/strong> i <strong>Tagamanent;<\/strong> deixant-nos seduir pel seu encant medieval.<\/p><p>Et recomanem molt\u00edssim fer aquesta ruta si tens ganes de descobrir alternatives a les t\u00edpiques <a href=\"https:\/\/www.willysplan.com\/ca\/idees\/les-20-millors-coses-a-fer-a-barcelona\">coses a fer a Barcelona ciutat<\/a>.<\/p><p><span style=\"background-color: #ffffff;\">En aquesta ocasi\u00f3 us proposem fer un recorregut pels millors castells i miradors del<\/span> <span style=\"background-color: #ffffff; font-weight: bold;\">Vall\u00e8s Oriental<\/span><span style=\"background-color: #ffffff;\">. En aquesta <\/span><span style=\"background-color: #ffffff; font-weight: bold;\">Ruta des de la<\/span> <span style=\"background-color: #ffffff; font-weight: bold;\">Torre Roja<\/span> <span style=\"background-color: #ffffff; font-weight: bold;\">al<\/span> <span style=\"background-color: #ffffff; font-weight: bold;\">Tur\u00f3 de Tagamanent,<\/span> <span style=\"background-color: #ffffff;\">ens endinsarem pels secrets m\u00e9s ben guardats i la hist\u00f2ria d&#8217;aquests castells incre\u00efbles.<\/span><\/p>\t\t\t\t\t\t\t\t<\/div>\n\t\t\t\t<\/div>\n\t\t\t\t\t<\/div>\n\t\t<\/div>\n\t\t\t\t<div class=\"elementor-column elementor-col-50 elementor-top-column elementor-element elementor-element-f0384f5\" data-id=\"f0384f5\" data-element_type=\"column\">\n\t\t\t<div class=\"elementor-widget-wrap elementor-element-populated\">\n\t\t\t\t\t\t<div class=\"elementor-element elementor-element-4885465 elementor-widget elementor-widget-html\" data-id=\"4885465\" data-element_type=\"widget\" data-widget_type=\"html.default\">\n\t\t\t\t<div class=\"elementor-widget-container\">\n\t\t\t\t\t<iframe src=\"https:\/\/www.google.com\/maps\/embed?pb=!1m34!1m12!1m3!1d95353.97871635776!2d2.1447895771164043!3d41.681407038315676!2m3!1f0!2f0!3f0!3m2!1i1024!2i768!4f13.1!4m19!3e0!4m5!1s0x12a4ea77b75c39a1%3A0x982b97ed59ebe8e7!2sTorre%20Roja%2C%2008181%2C%20Barcelona!3m2!1d41.6330417!2d2.1435541!4m5!1s0x12a4c22916dd6349%3A0x73c5a11bfe217ddf!2sCastell%20de%20Montbui!3m2!1d41.663916!2d2.1777555!4m5!1s0x12a4dad346d19f57%3A0x55b898735e7105d7!2sTagamanent!3m2!1d41.7391536!2d2.2665964!5e0!3m2!1ses!2ses!4v1608933421215!5m2!1ses!2ses\" width=\"600\" height=\"450\" frameborder=\"0\" style=\"border:0;\" allowfullscreen=\"\" aria-hidden=\"false\" tabindex=\"0\"><\/iframe>\t\t\t\t<\/div>\n\t\t\t\t<\/div>\n\t\t\t\t\t<\/div>\n\t\t<\/div>\n\t\t\t\t\t<\/div>\n\t\t<\/section>\n\t\t\t\t<section class=\"elementor-section elementor-top-section elementor-element elementor-element-671cd3c elementor-section-boxed elementor-section-height-default elementor-section-height-default\" data-id=\"671cd3c\" data-element_type=\"section\">\n\t\t\t\t\t\t<div class=\"elementor-container elementor-column-gap-default\">\n\t\t\t\t\t<div class=\"elementor-column elementor-col-100 elementor-top-column elementor-element elementor-element-eaffc38\" data-id=\"eaffc38\" data-element_type=\"column\">\n\t\t\t<div class=\"elementor-widget-wrap elementor-element-populated\">\n\t\t\t\t\t\t<div class=\"elementor-element elementor-element-ac561a4 elementor-widget elementor-widget-text-editor\" data-id=\"ac561a4\" data-element_type=\"widget\" data-widget_type=\"text-editor.default\">\n\t\t\t\t<div class=\"elementor-widget-container\">\n\t\t\t\t\t\t\t\t\t<p>Per aquesta ruta us recomanem preparar uns rics sandvitxos per al cam\u00ed, portar una bona c\u00e0mera de fotos o el m\u00f2bil ben carregat, per no perdre&#8217;s d&#8217;unes bones fotografies, per altra banda no us preocupeu ja que a Willy\u00b4s pla ens encarreguem que aquesta ruta fos totalment gratu\u00efta.<\/p>\n<p>Comen\u00e7arem aquesta excursi\u00f3 per la <strong>Torre Roja<\/strong> , aquesta torre est\u00e0 situada al poble de <strong>Caldes de Montbui<\/strong> . Aquesta antiga edificaci\u00f3 servia com a resguard i vigil\u00e0ncia del poble durant les \u00e8poques de les conquestes i avui dia va ser declarada <strong>B\u00e9 d&#8217;inter\u00e8s cultural nacional. <\/strong>Aqu\u00ed no us oblideu de visitar les ru\u00efnes del poblat iber, una zona que es conserva en ru\u00efnes, per\u00f2 no per aix\u00f2 deixa de ser important per al llegat d&#8217;aquest lloc.<\/p>\n<p>El segon punt, \u00e9s el <strong>Castell de Montbui<\/strong> , situat a <strong>Bigues i Riells<\/strong> . Aquest castell va ser documentat l&#8217;any 987 i \u00e9s un dels m\u00e9s antics dels voltants.<\/p>\n<p>Finalment, arribem al <strong>Tur\u00f3 de Tagamanent<\/strong> , on hi trobem una fortificaci\u00f3 medieval de pedra amb unes vistes panor\u00e0miques espectaculars al poble de <strong>Tagamanent.<\/strong><\/p>\n\t\t\t\t\t\t\t\t<\/div>\n\t\t\t\t<\/div>\n\t\t\t\t\t<\/div>\n\t\t<\/div>\n\t\t\t\t\t<\/div>\n\t\t<\/section>\n\t\t\t\t<section class=\"elementor-section elementor-top-section elementor-element elementor-element-36fe8d4 elementor-section-boxed elementor-section-height-default elementor-section-height-default\" data-id=\"36fe8d4\" data-element_type=\"section\">\n\t\t\t\t\t\t<div class=\"elementor-container elementor-column-gap-default\">\n\t\t\t\t\t<div class=\"elementor-column elementor-col-100 elementor-top-column elementor-element elementor-element-da527a3\" data-id=\"da527a3\" data-element_type=\"column\">\n\t\t\t<div class=\"elementor-widget-wrap elementor-element-populated\">\n\t\t\t\t\t\t<div class=\"elementor-element elementor-element-005077d elementor-widget elementor-widget-heading\" data-id=\"005077d\" data-element_type=\"widget\" data-widget_type=\"heading.default\">\n\t\t\t\t<div class=\"elementor-widget-container\">\n\t\t\t\t\t<h2 class=\"elementor-heading-title elementor-size-default\">Torre Roja<\/h2>\t\t\t\t<\/div>\n\t\t\t\t<\/div>\n\t\t\t\t\t<\/div>\n\t\t<\/div>\n\t\t\t\t\t<\/div>\n\t\t<\/section>\n\t\t\t\t<section class=\"elementor-section elementor-top-section elementor-element elementor-element-39c50f9 elementor-section-boxed elementor-section-height-default elementor-section-height-default\" data-id=\"39c50f9\" data-element_type=\"section\">\n\t\t\t\t\t\t<div class=\"elementor-container elementor-column-gap-default\">\n\t\t\t\t\t<div class=\"elementor-column elementor-col-50 elementor-top-column elementor-element elementor-element-87bb7fb\" data-id=\"87bb7fb\" data-element_type=\"column\">\n\t\t\t<div class=\"elementor-widget-wrap elementor-element-populated\">\n\t\t\t\t\t\t<div class=\"elementor-element elementor-element-d159e67 elementor-widget elementor-widget-image\" data-id=\"d159e67\" data-element_type=\"widget\" data-widget_type=\"image.default\">\n\t\t\t\t<div class=\"elementor-widget-container\">\n\t\t\t\t\t\t\t\t\t\t\t\t\t\t\t<img fetchpriority=\"high\" decoding=\"async\" width=\"600\" height=\"321\" src=\"https:\/\/www.willysplan.com\/wp-content\/uploads\/2020\/06\/poblat-iber-e1626173509174.jpg\" class=\"attachment-medium_large size-medium_large wp-image-12285\" alt=\"\" \/>\t\t\t\t\t\t\t\t\t\t\t\t\t\t\t<\/div>\n\t\t\t\t<\/div>\n\t\t\t\t\t<\/div>\n\t\t<\/div>\n\t\t\t\t<div class=\"elementor-column elementor-col-50 elementor-top-column elementor-element elementor-element-7975065\" data-id=\"7975065\" data-element_type=\"column\">\n\t\t\t<div class=\"elementor-widget-wrap elementor-element-populated\">\n\t\t\t\t\t\t<div class=\"elementor-element elementor-element-64e66c5 elementor-widget elementor-widget-image\" data-id=\"64e66c5\" data-element_type=\"widget\" data-widget_type=\"image.default\">\n\t\t\t\t<div class=\"elementor-widget-container\">\n\t\t\t\t\t\t\t\t\t\t\t\t\t\t\t<img decoding=\"async\" width=\"1024\" height=\"549\" src=\"https:\/\/www.willysplan.com\/wp-content\/uploads\/2020\/07\/torre-roja-caldes-de-montbui-1024x549.jpg\" class=\"attachment-large size-large wp-image-13853\" alt=\"\" srcset=\"https:\/\/www.willysplan.com\/wp-content\/uploads\/2020\/07\/torre-roja-caldes-de-montbui-1024x549.jpg 1024w, https:\/\/www.willysplan.com\/wp-content\/uploads\/2020\/07\/torre-roja-caldes-de-montbui-300x161.jpg 300w, https:\/\/www.willysplan.com\/wp-content\/uploads\/2020\/07\/torre-roja-caldes-de-montbui-768x412.jpg 768w, https:\/\/www.willysplan.com\/wp-content\/uploads\/2020\/07\/torre-roja-caldes-de-montbui-960x515.jpg 960w, https:\/\/www.willysplan.com\/wp-content\/uploads\/2020\/07\/torre-roja-caldes-de-montbui-746x400.jpg 746w, https:\/\/www.willysplan.com\/wp-content\/uploads\/2020\/07\/torre-roja-caldes-de-montbui-585x314.jpg 585w, https:\/\/www.willysplan.com\/wp-content\/uploads\/2020\/07\/torre-roja-caldes-de-montbui-600x322.jpg 600w, https:\/\/www.willysplan.com\/wp-content\/uploads\/2020\/07\/torre-roja-caldes-de-montbui.jpg 1026w\" sizes=\"(max-width: 1024px) 100vw, 1024px\" \/>\t\t\t\t\t\t\t\t\t\t\t\t\t\t\t<\/div>\n\t\t\t\t<\/div>\n\t\t\t\t\t<\/div>\n\t\t<\/div>\n\t\t\t\t\t<\/div>\n\t\t<\/section>\n\t\t\t\t<section class=\"elementor-section elementor-top-section elementor-element elementor-element-4e88c10 elementor-section-boxed elementor-section-height-default elementor-section-height-default\" data-id=\"4e88c10\" data-element_type=\"section\">\n\t\t\t\t\t\t<div class=\"elementor-container elementor-column-gap-default\">\n\t\t\t\t\t<div class=\"elementor-column elementor-col-100 elementor-top-column elementor-element elementor-element-8ccc3a4\" data-id=\"8ccc3a4\" data-element_type=\"column\">\n\t\t\t<div class=\"elementor-widget-wrap elementor-element-populated\">\n\t\t\t\t\t\t<div class=\"elementor-element elementor-element-39dc59f elementor-widget elementor-widget-text-editor\" data-id=\"39dc59f\" data-element_type=\"widget\" data-widget_type=\"text-editor.default\">\n\t\t\t\t<div class=\"elementor-widget-container\">\n\t\t\t\t\t\t\t\t\t<p>En aquest primer lloc d&#8217;aquest recorregut, pujarem al tur\u00f3 de la <strong>torre vermella<\/strong>, per con\u00e8ixer la fita entre els municipis de <strong>Sentmenat<\/strong> i <strong>Caldes <\/strong><strong>de Montbui. <\/strong>Aquesta construcci\u00f3 es troba just a l&#8217;antic poblat ib\u00e8ric, on romanen en ru\u00efnes l&#8217;antiga ermita de Sant Miquel de l&#8217;Arn i el salt i gorg de P\u00e8lags; construccions que tracen la hist\u00f2ria del recinte.<\/p>\n<p>Explica la hist\u00f2ria que aquesta torre ubicada en un dels turons m\u00e9s alts del poble servia com a torre de vigil\u00e0ncia, per a la protecci\u00f3 del poble i els seus habitants durant les \u00e8poques de la conquesta i van ser els romans els que van donar continu\u00eftat a la seva construcci\u00f3 i van influir a l&#8217;aire rom\u00e0nic que es pot apreciar en la major part de la seva estructura.<\/p>\n<p>Quan estigueu en aquest lloc, no oblideu preguntar sobre la pol\u00e8mica disputa que represento la seva construcci\u00f3 i com van aconseguir acabar aquesta estructura medieval.<\/p>\n\t\t\t\t\t\t\t\t<\/div>\n\t\t\t\t<\/div>\n\t\t\t\t\t<\/div>\n\t\t<\/div>\n\t\t\t\t\t<\/div>\n\t\t<\/section>\n\t\t\t\t<section class=\"elementor-section elementor-top-section elementor-element elementor-element-cf26dc9 elementor-section-boxed elementor-section-height-default elementor-section-height-default\" data-id=\"cf26dc9\" data-element_type=\"section\">\n\t\t\t\t\t\t<div class=\"elementor-container elementor-column-gap-default\">\n\t\t\t\t\t<div class=\"elementor-column elementor-col-100 elementor-top-column elementor-element elementor-element-5689fda\" data-id=\"5689fda\" data-element_type=\"column\">\n\t\t\t<div class=\"elementor-widget-wrap elementor-element-populated\">\n\t\t\t\t\t\t<div class=\"elementor-element elementor-element-ec10ffc elementor-widget elementor-widget-heading\" data-id=\"ec10ffc\" data-element_type=\"widget\" data-widget_type=\"heading.default\">\n\t\t\t\t<div class=\"elementor-widget-container\">\n\t\t\t\t\t<h2 class=\"elementor-heading-title elementor-size-default\">Castell de Montbui<\/h2>\t\t\t\t<\/div>\n\t\t\t\t<\/div>\n\t\t\t\t\t<\/div>\n\t\t<\/div>\n\t\t\t\t\t<\/div>\n\t\t<\/section>\n\t\t\t\t<section class=\"elementor-section elementor-top-section elementor-element elementor-element-9ca4401 elementor-section-boxed elementor-section-height-default elementor-section-height-default\" data-id=\"9ca4401\" data-element_type=\"section\">\n\t\t\t\t\t\t<div class=\"elementor-container elementor-column-gap-default\">\n\t\t\t\t\t<div class=\"elementor-column elementor-col-50 elementor-top-column elementor-element elementor-element-824143d\" data-id=\"824143d\" data-element_type=\"column\">\n\t\t\t<div class=\"elementor-widget-wrap elementor-element-populated\">\n\t\t\t\t\t\t<div class=\"elementor-element elementor-element-14928ac elementor-widget elementor-widget-image\" data-id=\"14928ac\" data-element_type=\"widget\" data-widget_type=\"image.default\">\n\t\t\t\t<div class=\"elementor-widget-container\">\n\t\t\t\t\t\t\t\t\t\t\t\t\t\t\t<img decoding=\"async\" width=\"753\" height=\"518\" src=\"https:\/\/www.willysplan.com\/wp-content\/uploads\/2020\/07\/castillo-de-montbui.jpg\" class=\"attachment-medium_large size-medium_large wp-image-13855\" alt=\"\" srcset=\"https:\/\/www.willysplan.com\/wp-content\/uploads\/2020\/07\/castillo-de-montbui.jpg 753w, https:\/\/www.willysplan.com\/wp-content\/uploads\/2020\/07\/castillo-de-montbui-300x206.jpg 300w, https:\/\/www.willysplan.com\/wp-content\/uploads\/2020\/07\/castillo-de-montbui-581x400.jpg 581w, https:\/\/www.willysplan.com\/wp-content\/uploads\/2020\/07\/castillo-de-montbui-585x402.jpg 585w, https:\/\/www.willysplan.com\/wp-content\/uploads\/2020\/07\/castillo-de-montbui-600x413.jpg 600w\" sizes=\"(max-width: 753px) 100vw, 753px\" \/>\t\t\t\t\t\t\t\t\t\t\t\t\t\t\t<\/div>\n\t\t\t\t<\/div>\n\t\t\t\t\t<\/div>\n\t\t<\/div>\n\t\t\t\t<div class=\"elementor-column elementor-col-50 elementor-top-column elementor-element elementor-element-5b24e51\" data-id=\"5b24e51\" data-element_type=\"column\">\n\t\t\t<div class=\"elementor-widget-wrap elementor-element-populated\">\n\t\t\t\t\t\t<div class=\"elementor-element elementor-element-e6250d6 elementor-widget elementor-widget-image\" data-id=\"e6250d6\" data-element_type=\"widget\" data-widget_type=\"image.default\">\n\t\t\t\t<div class=\"elementor-widget-container\">\n\t\t\t\t\t\t\t\t\t\t\t\t\t\t\t<img loading=\"lazy\" decoding=\"async\" width=\"550\" height=\"309\" src=\"https:\/\/www.willysplan.com\/wp-content\/uploads\/2020\/06\/castell-de-montbui.jpg\" class=\"attachment-medium_large size-medium_large wp-image-12289\" alt=\"\" \/>\t\t\t\t\t\t\t\t\t\t\t\t\t\t\t<\/div>\n\t\t\t\t<\/div>\n\t\t\t\t\t<\/div>\n\t\t<\/div>\n\t\t\t\t\t<\/div>\n\t\t<\/section>\n\t\t\t\t<section class=\"elementor-section elementor-top-section elementor-element elementor-element-090337d elementor-section-boxed elementor-section-height-default elementor-section-height-default\" data-id=\"090337d\" data-element_type=\"section\">\n\t\t\t\t\t\t<div class=\"elementor-container elementor-column-gap-default\">\n\t\t\t\t\t<div class=\"elementor-column elementor-col-100 elementor-top-column elementor-element elementor-element-10259a1\" data-id=\"10259a1\" data-element_type=\"column\">\n\t\t\t<div class=\"elementor-widget-wrap elementor-element-populated\">\n\t\t\t\t\t\t<div class=\"elementor-element elementor-element-67842ef elementor-widget elementor-widget-text-editor\" data-id=\"67842ef\" data-element_type=\"widget\" data-widget_type=\"text-editor.default\">\n\t\t\t\t<div class=\"elementor-widget-container\">\n\t\t\t\t\t\t\t\t\t<p>En el nostre recorregut pels castells del <strong>Vall\u00e8s Oriental<\/strong> , arribem al <strong>Castell De Montbui. <\/strong>Com a dada curiosa, aquest castell rep el seu nom per ser propietat i habitatge de la \u201cfam\u00edlia Montbui\u201d, els qui el van habitar la major part del <strong>segle XIII<\/strong> <strong>.<\/strong> <strong>Despr\u00e9s de diverses successions aquest castell va arribar a les mans de la corona cap a l&#8217;any de 1714 i va ser per aquesta mateixa ra\u00f3 que va patir diverses modificacions en el seu disseny i arquitectura.<\/strong><\/p>\n<p><strong>Encara que actualment el<\/strong> <strong>Castell de Montbui<\/strong> es troba en ru\u00efnes, encara s&#8217;aconsegueix apreciar els notables llen\u00e7os dels seus murs fets de pedra inclinada, els carreus rectangulars i encara conserva la seva estructura poligonal. Sens dubte un lloc que heu de con\u00e8ixer si el que busqueu \u00e9s un recorregut ple d&#8217;hist\u00f2ria i molta cultura.<\/p>\n\t\t\t\t\t\t\t\t<\/div>\n\t\t\t\t<\/div>\n\t\t\t\t\t<\/div>\n\t\t<\/div>\n\t\t\t\t\t<\/div>\n\t\t<\/section>\n\t\t\t\t<section class=\"elementor-section elementor-top-section elementor-element elementor-element-c34e060 elementor-section-boxed elementor-section-height-default elementor-section-height-default\" data-id=\"c34e060\" data-element_type=\"section\">\n\t\t\t\t\t\t<div class=\"elementor-container elementor-column-gap-default\">\n\t\t\t\t\t<div class=\"elementor-column elementor-col-100 elementor-top-column elementor-element elementor-element-e81ecc9\" data-id=\"e81ecc9\" data-element_type=\"column\">\n\t\t\t<div class=\"elementor-widget-wrap elementor-element-populated\">\n\t\t\t\t\t\t<div class=\"elementor-element elementor-element-ba75c32 elementor-widget elementor-widget-heading\" data-id=\"ba75c32\" data-element_type=\"widget\" data-widget_type=\"heading.default\">\n\t\t\t\t<div class=\"elementor-widget-container\">\n\t\t\t\t\t<h2 class=\"elementor-heading-title elementor-size-default\">Tur\u00f3 de Tagamament<\/h2>\t\t\t\t<\/div>\n\t\t\t\t<\/div>\n\t\t\t\t\t<\/div>\n\t\t<\/div>\n\t\t\t\t\t<\/div>\n\t\t<\/section>\n\t\t\t\t<section class=\"elementor-section elementor-top-section elementor-element elementor-element-75067e7 elementor-section-boxed elementor-section-height-default elementor-section-height-default\" data-id=\"75067e7\" data-element_type=\"section\">\n\t\t\t\t\t\t<div class=\"elementor-container elementor-column-gap-default\">\n\t\t\t\t\t<div class=\"elementor-column elementor-col-50 elementor-top-column elementor-element elementor-element-715ce37\" data-id=\"715ce37\" data-element_type=\"column\">\n\t\t\t<div class=\"elementor-widget-wrap elementor-element-populated\">\n\t\t\t\t\t\t<div class=\"elementor-element elementor-element-2d22e76 elementor-widget elementor-widget-image\" data-id=\"2d22e76\" data-element_type=\"widget\" data-widget_type=\"image.default\">\n\t\t\t\t<div class=\"elementor-widget-container\">\n\t\t\t\t\t\t\t\t\t\t\t\t\t\t\t<img loading=\"lazy\" decoding=\"async\" width=\"768\" height=\"576\" src=\"https:\/\/www.willysplan.com\/wp-content\/uploads\/2020\/06\/turo-tagamanent.jpg\" class=\"attachment-medium_large size-medium_large wp-image-12287\" alt=\"\" \/>\t\t\t\t\t\t\t\t\t\t\t\t\t\t\t<\/div>\n\t\t\t\t<\/div>\n\t\t\t\t\t<\/div>\n\t\t<\/div>\n\t\t\t\t<div class=\"elementor-column elementor-col-50 elementor-top-column elementor-element elementor-element-c7a75f0\" data-id=\"c7a75f0\" data-element_type=\"column\">\n\t\t\t<div class=\"elementor-widget-wrap elementor-element-populated\">\n\t\t\t\t\t\t<div class=\"elementor-element elementor-element-03c58e4 elementor-widget elementor-widget-image\" data-id=\"03c58e4\" data-element_type=\"widget\" data-widget_type=\"image.default\">\n\t\t\t\t<div class=\"elementor-widget-container\">\n\t\t\t\t\t\t\t\t\t\t\t\t\t\t\t<img loading=\"lazy\" decoding=\"async\" width=\"768\" height=\"491\" src=\"https:\/\/www.willysplan.com\/wp-content\/uploads\/2020\/07\/turo-de-tagamanent-768x491.jpg\" class=\"attachment-medium_large size-medium_large wp-image-13857\" alt=\"\" srcset=\"https:\/\/www.willysplan.com\/wp-content\/uploads\/2020\/07\/turo-de-tagamanent-768x491.jpg 768w, https:\/\/www.willysplan.com\/wp-content\/uploads\/2020\/07\/turo-de-tagamanent-300x192.jpg 300w, https:\/\/www.willysplan.com\/wp-content\/uploads\/2020\/07\/turo-de-tagamanent-625x400.jpg 625w, https:\/\/www.willysplan.com\/wp-content\/uploads\/2020\/07\/turo-de-tagamanent-585x374.jpg 585w, https:\/\/www.willysplan.com\/wp-content\/uploads\/2020\/07\/turo-de-tagamanent-600x384.jpg 600w, https:\/\/www.willysplan.com\/wp-content\/uploads\/2020\/07\/turo-de-tagamanent.jpg 788w\" sizes=\"(max-width: 768px) 100vw, 768px\" \/>\t\t\t\t\t\t\t\t\t\t\t\t\t\t\t<\/div>\n\t\t\t\t<\/div>\n\t\t\t\t\t<\/div>\n\t\t<\/div>\n\t\t\t\t\t<\/div>\n\t\t<\/section>\n\t\t\t\t<section class=\"elementor-section elementor-top-section elementor-element elementor-element-c270963 elementor-section-boxed elementor-section-height-default elementor-section-height-default\" data-id=\"c270963\" data-element_type=\"section\">\n\t\t\t\t\t\t<div class=\"elementor-container elementor-column-gap-default\">\n\t\t\t\t\t<div class=\"elementor-column elementor-col-100 elementor-top-column elementor-element elementor-element-765432f\" data-id=\"765432f\" data-element_type=\"column\">\n\t\t\t<div class=\"elementor-widget-wrap elementor-element-populated\">\n\t\t\t\t\t\t<div class=\"elementor-element elementor-element-afe3043 elementor-widget elementor-widget-text-editor\" data-id=\"afe3043\" data-element_type=\"widget\" data-widget_type=\"text-editor.default\">\n\t\t\t\t<div class=\"elementor-widget-container\">\n\t\t\t\t\t\t\t\t\t<p>Com el seu nom indica &#8221; <strong>Tur\u00f3 de Tagamanent&#8221;<\/strong> , pertany al poble que porta el seu mateix nom. Aquesta fortificaci\u00f3 es troba en un dels parcs m\u00e9s importants de <strong>Catalunya<\/strong> , el <strong>Parc Natural del Montseny.<\/strong> <strong>El castell de<\/strong> <strong>Tagamanent,<\/strong>&nbsp; guarda restes dels primers indicis de poblaci\u00f3 de la <strong>prov\u00edncia de Barcelona,<\/strong> dels quals encara s&#8217;aconsegueixen identificar esgl\u00e9sies, capelles medievals, grans masos, entre d&#8217;altres; que van anar construint-se al cam\u00ed que condueix a aquesta bonica muntanya.<\/p>\n<p>El m\u00e9s incre\u00efble del <strong>Tur\u00f3 de Tagamanent<\/strong> i sens dubte una de les raons que sempre ens motiva a visitar-lo, s\u00f3n les seves incre\u00efbles vistes panor\u00e0miques al poble. Cosa que si pogu\u00e9ssim descriure en una sola paraula, seria \u201cfascinants\u201d. No fer una foto en aquest lloc, \u00e9s imperdonable.<\/p>\t\t\t\t\t\t\t\t<\/div>\n\t\t\t\t<\/div>\n\t\t\t\t\t<\/div>\n\t\t<\/div>\n\t\t\t\t\t<\/div>\n\t\t<\/section>\n\t\t\t\t<section class=\"elementor-section elementor-top-section elementor-element elementor-element-23d972a elementor-section-boxed elementor-section-height-default elementor-section-height-default\" data-id=\"23d972a\" data-element_type=\"section\">\n\t\t\t\t\t\t<div class=\"elementor-container elementor-column-gap-default\">\n\t\t\t\t\t<div class=\"elementor-column elementor-col-100 elementor-top-column elementor-element elementor-element-f2c3a3d\" data-id=\"f2c3a3d\" data-element_type=\"column\">\n\t\t\t<div class=\"elementor-widget-wrap elementor-element-populated\">\n\t\t\t\t\t\t<div class=\"elementor-element elementor-element-524f979 elementor-widget elementor-widget-heading\" data-id=\"524f979\" data-element_type=\"widget\" data-widget_type=\"heading.default\">\n\t\t\t\t<div class=\"elementor-widget-container\">\n\t\t\t\t\t<h2 class=\"elementor-heading-title elementor-size-default\">Altres rutes que tamb\u00e9 et poden interessar...<\/h2>\t\t\t\t<\/div>\n\t\t\t\t<\/div>\n\t\t\t\t\t<\/div>\n\t\t<\/div>\n\t\t\t\t\t<\/div>\n\t\t<\/section>\n\t\t\t\t<section class=\"elementor-section elementor-top-section elementor-element elementor-element-4fed00e elementor-section-boxed elementor-section-height-default elementor-section-height-default\" data-id=\"4fed00e\" data-element_type=\"section\">\n\t\t\t\t\t\t<div class=\"elementor-container elementor-column-gap-default\">\n\t\t\t\t\t<div class=\"elementor-column elementor-col-100 elementor-top-column elementor-element elementor-element-6b3624e\" data-id=\"6b3624e\" data-element_type=\"column\">\n\t\t\t<div class=\"elementor-widget-wrap elementor-element-populated\">\n\t\t\t\t\t\t<div class=\"elementor-element elementor-element-bb51b12 elementor-grid-4 elementor-grid-tablet-2 elementor-grid-mobile-1 elementor-posts--thumbnail-top elementor-widget elementor-widget-posts\" data-id=\"bb51b12\" data-element_type=\"widget\" data-settings=\"{&quot;classic_columns&quot;:&quot;4&quot;,&quot;classic_columns_tablet&quot;:&quot;2&quot;,&quot;classic_columns_mobile&quot;:&quot;1&quot;,&quot;classic_row_gap&quot;:{&quot;unit&quot;:&quot;px&quot;,&quot;size&quot;:35,&quot;sizes&quot;:[]},&quot;classic_row_gap_tablet&quot;:{&quot;unit&quot;:&quot;px&quot;,&quot;size&quot;:&quot;&quot;,&quot;sizes&quot;:[]},&quot;classic_row_gap_mobile&quot;:{&quot;unit&quot;:&quot;px&quot;,&quot;size&quot;:&quot;&quot;,&quot;sizes&quot;:[]}}\" data-widget_type=\"posts.classic\">\n\t\t\t\t<div class=\"elementor-widget-container\">\n\t\t\t\t\t\t\t<div class=\"elementor-posts-container elementor-posts elementor-posts--skin-classic elementor-grid\" role=\"list\">\n\t\t\t\t<article class=\"elementor-post elementor-grid-item post-16065 post type-post status-publish format-standard has-post-thumbnail hentry category-rutes tag-rutas-barcelona-provincia tag-rutas-beget tag-rutas-berga tag-rutas-bergueda tag-rutas-castellar-de-nhug tag-rutas-cataluna\" role=\"listitem\">\n\t\t\t\t<a class=\"elementor-post__thumbnail__link\" href=\"https:\/\/www.willysplan.com\/ca\/rutes\/ruta-des-dels-jardins-artigas-a-castellar-de-nhug\" tabindex=\"-1\" >\n\t\t\t<div class=\"elementor-post__thumbnail\"><img loading=\"lazy\" decoding=\"async\" width=\"300\" height=\"300\" src=\"https:\/\/www.willysplan.com\/wp-content\/uploads\/2020\/07\/Jardins-artigas21-300x300.jpg\" class=\"attachment-medium size-medium wp-image-13691\" alt=\"\" srcset=\"https:\/\/www.willysplan.com\/wp-content\/uploads\/2020\/07\/Jardins-artigas21-300x300.jpg 300w, https:\/\/www.willysplan.com\/wp-content\/uploads\/2020\/07\/Jardins-artigas21-1024x1024.jpg 1024w, https:\/\/www.willysplan.com\/wp-content\/uploads\/2020\/07\/Jardins-artigas21-150x150.jpg 150w, https:\/\/www.willysplan.com\/wp-content\/uploads\/2020\/07\/Jardins-artigas21-768x768.jpg 768w, https:\/\/www.willysplan.com\/wp-content\/uploads\/2020\/07\/Jardins-artigas21-480x480.jpg 480w, https:\/\/www.willysplan.com\/wp-content\/uploads\/2020\/07\/Jardins-artigas21-280x280.jpg 280w, https:\/\/www.willysplan.com\/wp-content\/uploads\/2020\/07\/Jardins-artigas21-960x960.jpg 960w, https:\/\/www.willysplan.com\/wp-content\/uploads\/2020\/07\/Jardins-artigas21-400x400.jpg 400w, https:\/\/www.willysplan.com\/wp-content\/uploads\/2020\/07\/Jardins-artigas21-585x585.jpg 585w, https:\/\/www.willysplan.com\/wp-content\/uploads\/2020\/07\/Jardins-artigas21-600x600.jpg 600w, https:\/\/www.willysplan.com\/wp-content\/uploads\/2020\/07\/Jardins-artigas21-100x100.jpg 100w, https:\/\/www.willysplan.com\/wp-content\/uploads\/2020\/07\/Jardins-artigas21.jpg 1080w\" sizes=\"(max-width: 300px) 100vw, 300px\" \/><\/div>\n\t\t<\/a>\n\t\t\t\t<div class=\"elementor-post__text\">\n\t\t\t\t<h4 class=\"elementor-post__title\">\n\t\t\t<a href=\"https:\/\/www.willysplan.com\/ca\/rutes\/ruta-des-dels-jardins-artigas-a-castellar-de-nhug\" >\n\t\t\t\tRuta des dels Jardins Artigas a Castellar de N&#8217;hug\t\t\t<\/a>\n\t\t<\/h4>\n\t\t\t\t<\/div>\n\t\t\t\t<\/article>\n\t\t\t\t<\/div>\n\t\t\n\t\t\t\t\t\t<\/div>\n\t\t\t\t<\/div>\n\t\t\t\t\t<\/div>\n\t\t<\/div>\n\t\t\t\t\t<\/div>\n\t\t<\/section>\n\t\t\t\t<\/div>\n\t\t","protected":false},"excerpt":{"rendered":"<p>\u00a1Una ruta com a sortida d&#8217;un conte de fades! Si hi ha alguna cosa que ens agrada de la comarca del Vall\u00e8s Oriental \u00e9s la<\/p>\n","protected":false},"author":2,"featured_media":12289,"comment_status":"closed","ping_status":"closed","sticky":false,"template":"","format":"standard","meta":{"neve_meta_sidebar":"","neve_meta_container":"","neve_meta_enable_content_width":"","neve_meta_content_width":0,"neve_meta_title_alignment":"","neve_meta_author_avatar":"","neve_post_elements_order":"","neve_meta_disable_header":"","neve_meta_disable_footer":"","neve_meta_disable_title":"","_joinchat":[],"footnotes":""},"categories":[323],"tags":[372,407,360,406],"class_list":["post-16044","post","type-post","status-publish","format-standard","has-post-thumbnail","hentry","category-rutes","tag-rutes-barcelona-provincia","tag-rutes-caldes-de-montbui","tag-rutes-catalunya","tag-rutes-valls-oriental"],"yoast_head":"<!-- This site is optimized with the Yoast SEO Premium plugin v20.1 (Yoast SEO v26.9) - https:\/\/yoast.com\/product\/yoast-seo-premium-wordpress\/ -->\n<title>Ruta des de la Torre Roja al Tur\u00f3 de Tagamanent - Willy&#039;s Plan<\/title>\n<meta name=\"description\" content=\"Descobreix una de les millors rutes per fer a Barcelona. Visita els llocs de la Torre Roja, el Castell De Montbui, i el Tur\u00f3 de Tagamanent.\u2705 Entra ara!\" \/>\n<meta name=\"robots\" content=\"index, follow, max-snippet:-1, max-image-preview:large, max-video-preview:-1\" \/>\n<link rel=\"canonical\" href=\"https:\/\/www.willysplan.com\/ca\/rutes\/ruta-des-de-la-torre-roja-al-turo-de-tagamanent\" \/>\n<meta property=\"og:locale\" content=\"ca_ES\" \/>\n<meta property=\"og:type\" content=\"article\" \/>\n<meta property=\"og:title\" content=\"Ruta des de la Torre Roja al Tur\u00f3 de Tagamanent\" \/>\n<meta property=\"og:description\" content=\"Descobreix una de les millors rutes per fer a Barcelona. Visita els llocs de la Torre Roja, el Castell De Montbui, i el Tur\u00f3 de Tagamanent.\u2705 Entra ara!\" \/>\n<meta property=\"og:url\" content=\"https:\/\/www.willysplan.com\/ca\/rutes\/ruta-des-de-la-torre-roja-al-turo-de-tagamanent\" \/>\n<meta property=\"og:site_name\" content=\"Willy&#039;s Plan \ud83c\udf43\" \/>\n<meta property=\"article:published_time\" content=\"2020-07-11T19:02:24+00:00\" \/>\n<meta property=\"article:modified_time\" content=\"2023-07-25T03:58:04+00:00\" \/>\n<meta property=\"og:image\" content=\"https:\/\/www.willysplan.com\/wp-content\/uploads\/2020\/06\/castell-de-montbui.jpg\" \/>\n\t<meta property=\"og:image:width\" content=\"550\" \/>\n\t<meta property=\"og:image:height\" content=\"309\" \/>\n\t<meta property=\"og:image:type\" content=\"image\/jpeg\" \/>\n<meta name=\"author\" content=\"Guillem Asensio\" \/>\n<meta name=\"twitter:card\" content=\"summary_large_image\" \/>\n<meta name=\"twitter:label1\" content=\"Escrit per\" \/>\n\t<meta name=\"twitter:data1\" content=\"Guillem Asensio\" \/>\n\t<meta name=\"twitter:label2\" content=\"Temps estimat de lectura\" \/>\n\t<meta name=\"twitter:data2\" content=\"4 minuts\" \/>\n<script type=\"application\/ld+json\" class=\"yoast-schema-graph\">{\"@context\":\"https:\/\/schema.org\",\"@graph\":[{\"@type\":\"Article\",\"@id\":\"https:\/\/www.willysplan.com\/ca\/rutes\/ruta-des-de-la-torre-roja-al-turo-de-tagamanent#article\",\"isPartOf\":{\"@id\":\"https:\/\/www.willysplan.com\/ca\/rutes\/ruta-des-de-la-torre-roja-al-turo-de-tagamanent\"},\"author\":{\"name\":\"Guillem Asensio\",\"@id\":\"https:\/\/www.willysplan.com\/#\/schema\/person\/6f2dbf2215cd25715df085907bd007c1\"},\"headline\":\"Ruta des de la Torre Roja al Tur\u00f3 de Tagamanent\",\"datePublished\":\"2020-07-11T19:02:24+00:00\",\"dateModified\":\"2023-07-25T03:58:04+00:00\",\"mainEntityOfPage\":{\"@id\":\"https:\/\/www.willysplan.com\/ca\/rutes\/ruta-des-de-la-torre-roja-al-turo-de-tagamanent\"},\"wordCount\":805,\"publisher\":{\"@id\":\"https:\/\/www.willysplan.com\/#organization\"},\"image\":{\"@id\":\"https:\/\/www.willysplan.com\/ca\/rutes\/ruta-des-de-la-torre-roja-al-turo-de-tagamanent#primaryimage\"},\"thumbnailUrl\":\"https:\/\/www.willysplan.com\/wp-content\/uploads\/2020\/06\/castell-de-montbui.jpg\",\"keywords\":[\"rutes barcelona prov\u00edncia\",\"rutes caldes de montbui\",\"rutes catalunya\",\"rutes valls oriental\"],\"articleSection\":[\"rutes\"],\"inLanguage\":\"ca\"},{\"@type\":\"WebPage\",\"@id\":\"https:\/\/www.willysplan.com\/ca\/rutes\/ruta-des-de-la-torre-roja-al-turo-de-tagamanent\",\"url\":\"https:\/\/www.willysplan.com\/ca\/rutes\/ruta-des-de-la-torre-roja-al-turo-de-tagamanent\",\"name\":\"Ruta des de la Torre Roja al Tur\u00f3 de Tagamanent - Willy's Plan\",\"isPartOf\":{\"@id\":\"https:\/\/www.willysplan.com\/#website\"},\"primaryImageOfPage\":{\"@id\":\"https:\/\/www.willysplan.com\/ca\/rutes\/ruta-des-de-la-torre-roja-al-turo-de-tagamanent#primaryimage\"},\"image\":{\"@id\":\"https:\/\/www.willysplan.com\/ca\/rutes\/ruta-des-de-la-torre-roja-al-turo-de-tagamanent#primaryimage\"},\"thumbnailUrl\":\"https:\/\/www.willysplan.com\/wp-content\/uploads\/2020\/06\/castell-de-montbui.jpg\",\"datePublished\":\"2020-07-11T19:02:24+00:00\",\"dateModified\":\"2023-07-25T03:58:04+00:00\",\"description\":\"Descobreix una de les millors rutes per fer a Barcelona. Visita els llocs de la Torre Roja, el Castell De Montbui, i el Tur\u00f3 de Tagamanent.\u2705 Entra ara!\",\"inLanguage\":\"ca\",\"potentialAction\":[{\"@type\":\"ReadAction\",\"target\":[\"https:\/\/www.willysplan.com\/ca\/rutes\/ruta-des-de-la-torre-roja-al-turo-de-tagamanent\"]}]},{\"@type\":\"ImageObject\",\"inLanguage\":\"ca\",\"@id\":\"https:\/\/www.willysplan.com\/ca\/rutes\/ruta-des-de-la-torre-roja-al-turo-de-tagamanent#primaryimage\",\"url\":\"https:\/\/www.willysplan.com\/wp-content\/uploads\/2020\/06\/castell-de-montbui.jpg\",\"contentUrl\":\"https:\/\/www.willysplan.com\/wp-content\/uploads\/2020\/06\/castell-de-montbui.jpg\",\"width\":550,\"height\":309},{\"@type\":\"WebSite\",\"@id\":\"https:\/\/www.willysplan.com\/#website\",\"url\":\"https:\/\/www.willysplan.com\/\",\"name\":\"Willy&#039;s Plan \ud83c\udf43\",\"description\":\"Escapadas y Planes de fin de semana\",\"publisher\":{\"@id\":\"https:\/\/www.willysplan.com\/#organization\"},\"potentialAction\":[{\"@type\":\"SearchAction\",\"target\":{\"@type\":\"EntryPoint\",\"urlTemplate\":\"https:\/\/www.willysplan.com\/?s={search_term_string}\"},\"query-input\":{\"@type\":\"PropertyValueSpecification\",\"valueRequired\":true,\"valueName\":\"search_term_string\"}}],\"inLanguage\":\"ca\"},{\"@type\":\"Organization\",\"@id\":\"https:\/\/www.willysplan.com\/#organization\",\"name\":\"Willy&#039;s Plan \ud83c\udf43\",\"url\":\"https:\/\/www.willysplan.com\/\",\"logo\":{\"@type\":\"ImageObject\",\"inLanguage\":\"ca\",\"@id\":\"https:\/\/www.willysplan.com\/#\/schema\/logo\/image\/\",\"url\":\"https:\/\/www.willysplan.com\/wp-content\/uploads\/2020\/04\/cropped-logo-1.png\",\"contentUrl\":\"https:\/\/www.willysplan.com\/wp-content\/uploads\/2020\/04\/cropped-logo-1.png\",\"width\":332,\"height\":332,\"caption\":\"Willy&#039;s Plan \ud83c\udf43\"},\"image\":{\"@id\":\"https:\/\/www.willysplan.com\/#\/schema\/logo\/image\/\"}},{\"@type\":\"Person\",\"@id\":\"https:\/\/www.willysplan.com\/#\/schema\/person\/6f2dbf2215cd25715df085907bd007c1\",\"name\":\"Guillem Asensio\",\"image\":{\"@type\":\"ImageObject\",\"inLanguage\":\"ca\",\"@id\":\"https:\/\/www.willysplan.com\/#\/schema\/person\/image\/\",\"url\":\"https:\/\/secure.gravatar.com\/avatar\/fd3f69da3e6cd8d451f6be79c127da046757b9a4c273deefb40b1291809cc787?s=96&d=mm&r=g\",\"contentUrl\":\"https:\/\/secure.gravatar.com\/avatar\/fd3f69da3e6cd8d451f6be79c127da046757b9a4c273deefb40b1291809cc787?s=96&d=mm&r=g\",\"caption\":\"Guillem Asensio\"},\"sameAs\":[\"https:\/\/willysplan.com\"],\"url\":\"https:\/\/www.willysplan.com\/ca\/author\/willy\"}]}<\/script>\n<!-- \/ Yoast SEO Premium plugin. -->","yoast_head_json":{"title":"Ruta des de la Torre Roja al Tur\u00f3 de Tagamanent - Willy's Plan","description":"Descobreix una de les millors rutes per fer a Barcelona. Visita els llocs de la Torre Roja, el Castell De Montbui, i el Tur\u00f3 de Tagamanent.\u2705 Entra ara!","robots":{"index":"index","follow":"follow","max-snippet":"max-snippet:-1","max-image-preview":"max-image-preview:large","max-video-preview":"max-video-preview:-1"},"canonical":"https:\/\/www.willysplan.com\/ca\/rutes\/ruta-des-de-la-torre-roja-al-turo-de-tagamanent","og_locale":"ca_ES","og_type":"article","og_title":"Ruta des de la Torre Roja al Tur\u00f3 de Tagamanent","og_description":"Descobreix una de les millors rutes per fer a Barcelona. Visita els llocs de la Torre Roja, el Castell De Montbui, i el Tur\u00f3 de Tagamanent.\u2705 Entra ara!","og_url":"https:\/\/www.willysplan.com\/ca\/rutes\/ruta-des-de-la-torre-roja-al-turo-de-tagamanent","og_site_name":"Willy&#039;s Plan \ud83c\udf43","article_published_time":"2020-07-11T19:02:24+00:00","article_modified_time":"2023-07-25T03:58:04+00:00","og_image":[{"width":550,"height":309,"url":"https:\/\/www.willysplan.com\/wp-content\/uploads\/2020\/06\/castell-de-montbui.jpg","type":"image\/jpeg"}],"author":"Guillem Asensio","twitter_card":"summary_large_image","twitter_misc":{"Escrit per":"Guillem Asensio","Temps estimat de lectura":"4 minuts"},"schema":{"@context":"https:\/\/schema.org","@graph":[{"@type":"Article","@id":"https:\/\/www.willysplan.com\/ca\/rutes\/ruta-des-de-la-torre-roja-al-turo-de-tagamanent#article","isPartOf":{"@id":"https:\/\/www.willysplan.com\/ca\/rutes\/ruta-des-de-la-torre-roja-al-turo-de-tagamanent"},"author":{"name":"Guillem Asensio","@id":"https:\/\/www.willysplan.com\/#\/schema\/person\/6f2dbf2215cd25715df085907bd007c1"},"headline":"Ruta des de la Torre Roja al Tur\u00f3 de Tagamanent","datePublished":"2020-07-11T19:02:24+00:00","dateModified":"2023-07-25T03:58:04+00:00","mainEntityOfPage":{"@id":"https:\/\/www.willysplan.com\/ca\/rutes\/ruta-des-de-la-torre-roja-al-turo-de-tagamanent"},"wordCount":805,"publisher":{"@id":"https:\/\/www.willysplan.com\/#organization"},"image":{"@id":"https:\/\/www.willysplan.com\/ca\/rutes\/ruta-des-de-la-torre-roja-al-turo-de-tagamanent#primaryimage"},"thumbnailUrl":"https:\/\/www.willysplan.com\/wp-content\/uploads\/2020\/06\/castell-de-montbui.jpg","keywords":["rutes barcelona prov\u00edncia","rutes caldes de montbui","rutes catalunya","rutes valls oriental"],"articleSection":["rutes"],"inLanguage":"ca"},{"@type":"WebPage","@id":"https:\/\/www.willysplan.com\/ca\/rutes\/ruta-des-de-la-torre-roja-al-turo-de-tagamanent","url":"https:\/\/www.willysplan.com\/ca\/rutes\/ruta-des-de-la-torre-roja-al-turo-de-tagamanent","name":"Ruta des de la Torre Roja al Tur\u00f3 de Tagamanent - Willy's Plan","isPartOf":{"@id":"https:\/\/www.willysplan.com\/#website"},"primaryImageOfPage":{"@id":"https:\/\/www.willysplan.com\/ca\/rutes\/ruta-des-de-la-torre-roja-al-turo-de-tagamanent#primaryimage"},"image":{"@id":"https:\/\/www.willysplan.com\/ca\/rutes\/ruta-des-de-la-torre-roja-al-turo-de-tagamanent#primaryimage"},"thumbnailUrl":"https:\/\/www.willysplan.com\/wp-content\/uploads\/2020\/06\/castell-de-montbui.jpg","datePublished":"2020-07-11T19:02:24+00:00","dateModified":"2023-07-25T03:58:04+00:00","description":"Descobreix una de les millors rutes per fer a Barcelona. Visita els llocs de la Torre Roja, el Castell De Montbui, i el Tur\u00f3 de Tagamanent.\u2705 Entra ara!","inLanguage":"ca","potentialAction":[{"@type":"ReadAction","target":["https:\/\/www.willysplan.com\/ca\/rutes\/ruta-des-de-la-torre-roja-al-turo-de-tagamanent"]}]},{"@type":"ImageObject","inLanguage":"ca","@id":"https:\/\/www.willysplan.com\/ca\/rutes\/ruta-des-de-la-torre-roja-al-turo-de-tagamanent#primaryimage","url":"https:\/\/www.willysplan.com\/wp-content\/uploads\/2020\/06\/castell-de-montbui.jpg","contentUrl":"https:\/\/www.willysplan.com\/wp-content\/uploads\/2020\/06\/castell-de-montbui.jpg","width":550,"height":309},{"@type":"WebSite","@id":"https:\/\/www.willysplan.com\/#website","url":"https:\/\/www.willysplan.com\/","name":"Willy&#039;s Plan \ud83c\udf43","description":"Escapadas y Planes de fin de semana","publisher":{"@id":"https:\/\/www.willysplan.com\/#organization"},"potentialAction":[{"@type":"SearchAction","target":{"@type":"EntryPoint","urlTemplate":"https:\/\/www.willysplan.com\/?s={search_term_string}"},"query-input":{"@type":"PropertyValueSpecification","valueRequired":true,"valueName":"search_term_string"}}],"inLanguage":"ca"},{"@type":"Organization","@id":"https:\/\/www.willysplan.com\/#organization","name":"Willy&#039;s Plan \ud83c\udf43","url":"https:\/\/www.willysplan.com\/","logo":{"@type":"ImageObject","inLanguage":"ca","@id":"https:\/\/www.willysplan.com\/#\/schema\/logo\/image\/","url":"https:\/\/www.willysplan.com\/wp-content\/uploads\/2020\/04\/cropped-logo-1.png","contentUrl":"https:\/\/www.willysplan.com\/wp-content\/uploads\/2020\/04\/cropped-logo-1.png","width":332,"height":332,"caption":"Willy&#039;s Plan \ud83c\udf43"},"image":{"@id":"https:\/\/www.willysplan.com\/#\/schema\/logo\/image\/"}},{"@type":"Person","@id":"https:\/\/www.willysplan.com\/#\/schema\/person\/6f2dbf2215cd25715df085907bd007c1","name":"Guillem Asensio","image":{"@type":"ImageObject","inLanguage":"ca","@id":"https:\/\/www.willysplan.com\/#\/schema\/person\/image\/","url":"https:\/\/secure.gravatar.com\/avatar\/fd3f69da3e6cd8d451f6be79c127da046757b9a4c273deefb40b1291809cc787?s=96&d=mm&r=g","contentUrl":"https:\/\/secure.gravatar.com\/avatar\/fd3f69da3e6cd8d451f6be79c127da046757b9a4c273deefb40b1291809cc787?s=96&d=mm&r=g","caption":"Guillem Asensio"},"sameAs":["https:\/\/willysplan.com"],"url":"https:\/\/www.willysplan.com\/ca\/author\/willy"}]}},"_links":{"self":[{"href":"https:\/\/www.willysplan.com\/ca\/wp-json\/wp\/v2\/posts\/16044","targetHints":{"allow":["GET"]}}],"collection":[{"href":"https:\/\/www.willysplan.com\/ca\/wp-json\/wp\/v2\/posts"}],"about":[{"href":"https:\/\/www.willysplan.com\/ca\/wp-json\/wp\/v2\/types\/post"}],"author":[{"embeddable":true,"href":"https:\/\/www.willysplan.com\/ca\/wp-json\/wp\/v2\/users\/2"}],"replies":[{"embeddable":true,"href":"https:\/\/www.willysplan.com\/ca\/wp-json\/wp\/v2\/comments?post=16044"}],"version-history":[{"count":6,"href":"https:\/\/www.willysplan.com\/ca\/wp-json\/wp\/v2\/posts\/16044\/revisions"}],"predecessor-version":[{"id":21613,"href":"https:\/\/www.willysplan.com\/ca\/wp-json\/wp\/v2\/posts\/16044\/revisions\/21613"}],"wp:featuredmedia":[{"embeddable":true,"href":"https:\/\/www.willysplan.com\/ca\/wp-json\/wp\/v2\/media\/12289"}],"wp:attachment":[{"href":"https:\/\/www.willysplan.com\/ca\/wp-json\/wp\/v2\/media?parent=16044"}],"wp:term":[{"taxonomy":"category","embeddable":true,"href":"https:\/\/www.willysplan.com\/ca\/wp-json\/wp\/v2\/categories?post=16044"},{"taxonomy":"post_tag","embeddable":true,"href":"https:\/\/www.willysplan.com\/ca\/wp-json\/wp\/v2\/tags?post=16044"}],"curies":[{"name":"wp","href":"https:\/\/api.w.org\/{rel}","templated":true}]}}