{"id":16035,"date":"2020-06-30T22:01:33","date_gmt":"2020-06-30T21:01:33","guid":{"rendered":"https:\/\/willysplan.com\/uncategorized-ca\/ruta-des-del-santuari-de-queralt-al-mirador-de-la-figuerassa"},"modified":"2023-07-23T08:23:17","modified_gmt":"2023-07-23T07:23:17","slug":"ruta-des-del-santuari-de-queralt-al-mirador-de-la-figuerassa","status":"publish","type":"post","link":"https:\/\/www.willysplan.com\/ca\/rutes\/ruta-des-del-santuari-de-queralt-al-mirador-de-la-figuerassa","title":{"rendered":"Ruta des del Santuari de Queralt al Mirador de la Figuerassa"},"content":{"rendered":"\t\t<div data-elementor-type=\"wp-post\" data-elementor-id=\"16035\" class=\"elementor elementor-16035 elementor-1952\" data-elementor-post-type=\"post\">\n\t\t\t\t\t\t<section class=\"elementor-section elementor-top-section elementor-element elementor-element-f4c69cc elementor-section-boxed elementor-section-height-default elementor-section-height-default\" data-id=\"f4c69cc\" data-element_type=\"section\">\n\t\t\t\t\t\t<div class=\"elementor-container elementor-column-gap-default\">\n\t\t\t\t\t<div class=\"elementor-column elementor-col-50 elementor-top-column elementor-element elementor-element-164a862\" data-id=\"164a862\" data-element_type=\"column\">\n\t\t\t<div class=\"elementor-widget-wrap elementor-element-populated\">\n\t\t\t\t\t\t<div class=\"elementor-element elementor-element-29bc239 elementor-widget elementor-widget-text-editor\" data-id=\"29bc239\" data-element_type=\"widget\" data-widget_type=\"text-editor.default\">\n\t\t\t\t<div class=\"elementor-widget-container\">\n\t\t\t\t\t\t\t\t\t<p><strong>Berga<\/strong> \u00e9s considerada la porta d&#8217;entrada als Pirineus de <strong>Catalunya<\/strong> i un lloc imprescindible a visitar on trobar\u00e0s algunes de les <a href=\"https:\/\/www.willysplan.com\/ca\/rutes\/rutes-de-senderisme-i-excursions-per-barcelona-provincia\">millors rutes que fer per la prov\u00edncia de Barcelona<\/a>, i com no, de les <a href=\"https:\/\/www.willysplan.com\/ideas\/10-excursiones-un-dia-cataluna\">rutes i excursions m\u00e9s originals que fer a Catalunya<\/a>. La majoria de <a href=\"https:\/\/www.willysplan.com\/ca\/rutes\/rutes-de-senderisme-i-excursions-a-berga\">rutes a Berga<\/a> es veuen envoltades de muntanyes i esports a l&#8217;aire lliure. A m\u00e9s, en trobar-se en una comarca on pots gaudir d&#8217;incre\u00efbles espais naturals mentre t&#8217;aventures saber <a href=\"https:\/\/www.willysplan.com\/ca\/rutes\/rutes-de-senderisme-i-excursions-pel-bergueda\">qu\u00e8 fer i veure al Bergued\u00e0<\/a> (una comarca que es troba relativament a prop de Barcelona ciutat), t\u00e9 l&#8217;avantatge que pots trobar connexions de transport p\u00fablic . Un poble ideal per gaudir d&#8217;una <a href=\"https:\/\/www.willysplan.com\/ca\/escapades-relax-per-catalunya-els-millors-balnearis-hotels-i-spas\">escapada relaxant de cap de setmana a Catalunya<\/a> .<\/p><p>Si ets a <strong>Berga,<\/strong> has de visitar el cas hist\u00f2ric de la ciutat. Justament en aquesta part del municipi es van donar els esdeveniments m\u00e9s importants per als seus habitants i que han deixat un llegat per al poble. <strong>Berga<\/strong> \u00e9s un poble que encara conserva les tradicions. Anima&#8217;t a con\u00e8ixer m\u00e9s sobre el costum dels seus habitants, tastar la gastronomia i recon\u00e8ixer la influ\u00e8ncia cultural d&#8217;aquest poble per a la resta de Catalunya.<\/p><p>De la mateixa manera, et convidem a fer una ullada a altres de les propostes que tenim per la zona, com per exemple les <a href=\"https:\/\/www.willysplan.com\/ca\/rutes\/rutes-de-senderisme-i-excursions-per-castellar-de-nhug\">rutes per Castellar de N&#8217;hug<\/a> , <a href=\"https:\/\/www.willysplan.com\/ca\/rutes\/rutes-de-senderisme-i-excursions-a-solsona\">que fer a Solsona<\/a> , o fins i tot les <a href=\"https:\/\/www.willysplan.com\/ca\/rutes\/rutes-de-senderisme-i-excursions-per-campdevanol\">rutes de Campdevanol<\/a> que et van a encantar.<\/p>\t\t\t\t\t\t\t\t<\/div>\n\t\t\t\t<\/div>\n\t\t\t\t\t<\/div>\n\t\t<\/div>\n\t\t\t\t<div class=\"elementor-column elementor-col-50 elementor-top-column elementor-element elementor-element-f0384f5\" data-id=\"f0384f5\" data-element_type=\"column\">\n\t\t\t<div class=\"elementor-widget-wrap elementor-element-populated\">\n\t\t\t\t\t\t<div class=\"elementor-element elementor-element-cb79be1 elementor-widget elementor-widget-html\" data-id=\"cb79be1\" data-element_type=\"widget\" data-widget_type=\"html.default\">\n\t\t\t\t<div class=\"elementor-widget-container\">\n\t\t\t\t\t<iframe src=\"https:\/\/www.google.com\/maps\/embed?pb=!1m34!1m12!1m3!1d23675.898163113885!2d1.8126387801693902!3d42.11845070219612!2m3!1f0!2f0!3f0!3m2!1i1024!2i768!4f13.1!4m19!3e2!4m5!1s0x12a5a77ea2598071%3A0xb6c047cb4be5ed27!2sSantuari%20de%20Queralt%2C%20BV-4242%2C%20Berga!3m2!1d42.1076015!2d1.8271587!4m5!1s0x12a509c1c208b9d1%3A0x7781e1ee3e5618e1!2sCastell%20de%20Blancafort%2C%20Barcelona!3m2!1d42.1292389!2d1.8375191!4m5!1s0x12a5a760f10fc0ed%3A0xebf79923de4147c5!2sMirador%20De%20La%20Figuerassa%2C%20Serchs!3m2!1d42.121328999999996!2d1.8289718!5e0!3m2!1ses!2ses!4v1602504074484!5m2!1ses!2ses\" width=\"600\" height=\"450\" frameborder=\"0\" style=\"border:0;\" allowfullscreen=\"\" aria-hidden=\"false\" tabindex=\"0\"><\/iframe>\t\t\t\t<\/div>\n\t\t\t\t<\/div>\n\t\t\t\t\t<\/div>\n\t\t<\/div>\n\t\t\t\t\t<\/div>\n\t\t<\/section>\n\t\t\t\t<section class=\"elementor-section elementor-top-section elementor-element elementor-element-671cd3c elementor-section-boxed elementor-section-height-default elementor-section-height-default\" data-id=\"671cd3c\" data-element_type=\"section\">\n\t\t\t\t\t\t<div class=\"elementor-container elementor-column-gap-default\">\n\t\t\t\t\t<div class=\"elementor-column elementor-col-100 elementor-top-column elementor-element elementor-element-eaffc38\" data-id=\"eaffc38\" data-element_type=\"column\">\n\t\t\t<div class=\"elementor-widget-wrap elementor-element-populated\">\n\t\t\t\t\t\t<div class=\"elementor-element elementor-element-ac561a4 elementor-widget elementor-widget-text-editor\" data-id=\"ac561a4\" data-element_type=\"widget\" data-widget_type=\"text-editor.default\">\n\t\t\t\t<div class=\"elementor-widget-container\">\n\t\t\t\t\t\t\t\t\t<p>Avui passarem el dia pels voltants de la bonica ciutat de <strong>Berga<\/strong> , envoltats per altres propostes interessants com ho \u00e9s la seg\u00fcent: en aquesta ocasi\u00f3, et proposem aventurar-te a fer la ruta que va des del Santuari de Queralt, fins al Mirador de la Figuerassa. Una excursi\u00f3 totalment apta per fer en un sol dia, que inclou la millor diversi\u00f3 a l&#8217;aire lliure. Per aquesta excursi\u00f3 us recomanem portar entrepans, begudes i una bona c\u00e0mera de fotos.<\/p>\n<p>El <strong>Santuari de Queralt<\/strong> : el primer Santuari que es va construir, data del 1386 i el que avui dia podem visitar, va ser constru\u00eft l&#8217;any de 1741. A m\u00e9s, aquest santuari \u00e9s una obra protegida com a b\u00e9 cultural d&#8217;inter\u00e8s local per a Catalunya.<\/p>\n<p><strong>El<\/strong> <strong>Castell Blancafort:<\/strong> aquest castell es va construir al punt m\u00e9s alt de la muntanya, a uns 1.175 metres, just on es divideix l&#8217;Alt i el Baix Bergued\u00e0; regalant les millors vistes a tots dos llocs.<\/p>\n<p>El <strong>Mirador de la Figuerassa<\/strong> : es troba a uns 1.500 d&#8217;al\u00e7ada, i ofereix unes vistes de 360 graus a tot l&#8217;entorn natural que l&#8217;envolta.<\/p>\n\t\t\t\t\t\t\t\t<\/div>\n\t\t\t\t<\/div>\n\t\t\t\t\t<\/div>\n\t\t<\/div>\n\t\t\t\t\t<\/div>\n\t\t<\/section>\n\t\t\t\t<section class=\"elementor-section elementor-top-section elementor-element elementor-element-36fe8d4 elementor-section-boxed elementor-section-height-default elementor-section-height-default\" data-id=\"36fe8d4\" data-element_type=\"section\">\n\t\t\t\t\t\t<div class=\"elementor-container elementor-column-gap-default\">\n\t\t\t\t\t<div class=\"elementor-column elementor-col-100 elementor-top-column elementor-element elementor-element-da527a3\" data-id=\"da527a3\" data-element_type=\"column\">\n\t\t\t<div class=\"elementor-widget-wrap elementor-element-populated\">\n\t\t\t\t\t\t<div class=\"elementor-element elementor-element-005077d elementor-widget elementor-widget-heading\" data-id=\"005077d\" data-element_type=\"widget\" data-widget_type=\"heading.default\">\n\t\t\t\t<div class=\"elementor-widget-container\">\n\t\t\t\t\t<h2 class=\"elementor-heading-title elementor-size-default\">Santuari de Queralt<\/h2>\t\t\t\t<\/div>\n\t\t\t\t<\/div>\n\t\t\t\t\t<\/div>\n\t\t<\/div>\n\t\t\t\t\t<\/div>\n\t\t<\/section>\n\t\t\t\t<section class=\"elementor-section elementor-top-section elementor-element elementor-element-39c50f9 elementor-section-boxed elementor-section-height-default elementor-section-height-default\" data-id=\"39c50f9\" data-element_type=\"section\">\n\t\t\t\t\t\t<div class=\"elementor-container elementor-column-gap-default\">\n\t\t\t\t\t<div class=\"elementor-column elementor-col-50 elementor-top-column elementor-element elementor-element-3adfcf7\" data-id=\"3adfcf7\" data-element_type=\"column\">\n\t\t\t<div class=\"elementor-widget-wrap elementor-element-populated\">\n\t\t\t\t\t\t<div class=\"elementor-element elementor-element-4b1d3b8 elementor-widget elementor-widget-image\" data-id=\"4b1d3b8\" data-element_type=\"widget\" data-widget_type=\"image.default\">\n\t\t\t\t<div class=\"elementor-widget-container\">\n\t\t\t\t\t\t\t\t\t\t\t\t\t\t\t<img fetchpriority=\"high\" decoding=\"async\" width=\"768\" height=\"768\" src=\"https:\/\/www.willysplan.com\/wp-content\/uploads\/2020\/06\/4-31-768x768.jpg\" class=\"attachment-medium_large size-medium_large wp-image-13681\" alt=\"\" srcset=\"https:\/\/www.willysplan.com\/wp-content\/uploads\/2020\/06\/4-31-768x768.jpg 768w, https:\/\/www.willysplan.com\/wp-content\/uploads\/2020\/06\/4-31-300x300.jpg 300w, https:\/\/www.willysplan.com\/wp-content\/uploads\/2020\/06\/4-31-1024x1024.jpg 1024w, https:\/\/www.willysplan.com\/wp-content\/uploads\/2020\/06\/4-31-150x150.jpg 150w, https:\/\/www.willysplan.com\/wp-content\/uploads\/2020\/06\/4-31-480x480.jpg 480w, https:\/\/www.willysplan.com\/wp-content\/uploads\/2020\/06\/4-31-280x280.jpg 280w, https:\/\/www.willysplan.com\/wp-content\/uploads\/2020\/06\/4-31-960x960.jpg 960w, https:\/\/www.willysplan.com\/wp-content\/uploads\/2020\/06\/4-31-400x400.jpg 400w, https:\/\/www.willysplan.com\/wp-content\/uploads\/2020\/06\/4-31-585x585.jpg 585w, https:\/\/www.willysplan.com\/wp-content\/uploads\/2020\/06\/4-31-600x600.jpg 600w, https:\/\/www.willysplan.com\/wp-content\/uploads\/2020\/06\/4-31-100x100.jpg 100w, https:\/\/www.willysplan.com\/wp-content\/uploads\/2020\/06\/4-31.jpg 1080w\" sizes=\"(max-width: 768px) 100vw, 768px\" \/>\t\t\t\t\t\t\t\t\t\t\t\t\t\t\t<\/div>\n\t\t\t\t<\/div>\n\t\t\t\t\t<\/div>\n\t\t<\/div>\n\t\t\t\t<div class=\"elementor-column elementor-col-50 elementor-top-column elementor-element elementor-element-df1ea3c\" data-id=\"df1ea3c\" data-element_type=\"column\">\n\t\t\t<div class=\"elementor-widget-wrap elementor-element-populated\">\n\t\t\t\t\t\t<div class=\"elementor-element elementor-element-ed3d3de elementor-widget elementor-widget-image\" data-id=\"ed3d3de\" data-element_type=\"widget\" data-widget_type=\"image.default\">\n\t\t\t\t<div class=\"elementor-widget-container\">\n\t\t\t\t\t\t\t\t\t\t\t\t\t\t\t<img decoding=\"async\" width=\"768\" height=\"768\" src=\"https:\/\/www.willysplan.com\/wp-content\/uploads\/2020\/06\/5-41-768x768.jpg\" class=\"attachment-medium_large size-medium_large wp-image-13679\" alt=\"\" srcset=\"https:\/\/www.willysplan.com\/wp-content\/uploads\/2020\/06\/5-41-768x768.jpg 768w, https:\/\/www.willysplan.com\/wp-content\/uploads\/2020\/06\/5-41-300x300.jpg 300w, https:\/\/www.willysplan.com\/wp-content\/uploads\/2020\/06\/5-41-1024x1024.jpg 1024w, https:\/\/www.willysplan.com\/wp-content\/uploads\/2020\/06\/5-41-150x150.jpg 150w, https:\/\/www.willysplan.com\/wp-content\/uploads\/2020\/06\/5-41-480x480.jpg 480w, https:\/\/www.willysplan.com\/wp-content\/uploads\/2020\/06\/5-41-280x280.jpg 280w, https:\/\/www.willysplan.com\/wp-content\/uploads\/2020\/06\/5-41-960x960.jpg 960w, https:\/\/www.willysplan.com\/wp-content\/uploads\/2020\/06\/5-41-400x400.jpg 400w, https:\/\/www.willysplan.com\/wp-content\/uploads\/2020\/06\/5-41-585x585.jpg 585w, https:\/\/www.willysplan.com\/wp-content\/uploads\/2020\/06\/5-41-600x600.jpg 600w, https:\/\/www.willysplan.com\/wp-content\/uploads\/2020\/06\/5-41-100x100.jpg 100w, https:\/\/www.willysplan.com\/wp-content\/uploads\/2020\/06\/5-41.jpg 1080w\" sizes=\"(max-width: 768px) 100vw, 768px\" \/>\t\t\t\t\t\t\t\t\t\t\t\t\t\t\t<\/div>\n\t\t\t\t<\/div>\n\t\t\t\t\t<\/div>\n\t\t<\/div>\n\t\t\t\t\t<\/div>\n\t\t<\/section>\n\t\t\t\t<section class=\"elementor-section elementor-top-section elementor-element elementor-element-4e88c10 elementor-section-boxed elementor-section-height-default elementor-section-height-default\" data-id=\"4e88c10\" data-element_type=\"section\">\n\t\t\t\t\t\t<div class=\"elementor-container elementor-column-gap-default\">\n\t\t\t\t\t<div class=\"elementor-column elementor-col-100 elementor-top-column elementor-element elementor-element-8ccc3a4\" data-id=\"8ccc3a4\" data-element_type=\"column\">\n\t\t\t<div class=\"elementor-widget-wrap elementor-element-populated\">\n\t\t\t\t\t\t<div class=\"elementor-element elementor-element-39dc59f elementor-widget elementor-widget-text-editor\" data-id=\"39dc59f\" data-element_type=\"widget\" data-widget_type=\"text-editor.default\">\n\t\t\t\t<div class=\"elementor-widget-container\">\n\t\t\t\t\t\t\t\t\t<p>Aquest santuari est\u00e0 ubicat a 1.200 metres d&#8217;altitud, per la qual cosa \u00e9s anomenat \u201cel balc\u00f3 de Catalunya\u201d. Si hi ha alguna cosa que justifica pujar al cim del <strong>Santuari de Queralt,<\/strong> \u00e9s l&#8217;amplitud dels paisatges i les precioses vistes naturals que ofereix.<\/p>\n<p>El conjunt arquitect\u00f2nic del <strong>Santuari de Queralt<\/strong> \u00e9s avui dia un atractiu restaurant mirador i ofereix el servei de funicular que puja des de la zona dels aparcaments. Per\u00f2 el principal atractiu d&#8217;aquest indret \u00e9s el santuari com a tal. Aquest es coneix per venerar la imatge de la <strong>Mare de D\u00e9u de Queralt,<\/strong> que va ser trobada fa uns quants segles enrere, i des de llavors \u00e9s l&#8217;atractiu m\u00e9s important d&#8217;aquest lloc, reunint cada any molts turistes i feligresos.<\/p>\n\t\t\t\t\t\t\t\t<\/div>\n\t\t\t\t<\/div>\n\t\t\t\t\t<\/div>\n\t\t<\/div>\n\t\t\t\t\t<\/div>\n\t\t<\/section>\n\t\t\t\t<section class=\"elementor-section elementor-top-section elementor-element elementor-element-cf26dc9 elementor-section-boxed elementor-section-height-default elementor-section-height-default\" data-id=\"cf26dc9\" data-element_type=\"section\">\n\t\t\t\t\t\t<div class=\"elementor-container elementor-column-gap-default\">\n\t\t\t\t\t<div class=\"elementor-column elementor-col-100 elementor-top-column elementor-element elementor-element-5689fda\" data-id=\"5689fda\" data-element_type=\"column\">\n\t\t\t<div class=\"elementor-widget-wrap elementor-element-populated\">\n\t\t\t\t\t\t<div class=\"elementor-element elementor-element-ec10ffc elementor-widget elementor-widget-heading\" data-id=\"ec10ffc\" data-element_type=\"widget\" data-widget_type=\"heading.default\">\n\t\t\t\t<div class=\"elementor-widget-container\">\n\t\t\t\t\t<h2 class=\"elementor-heading-title elementor-size-default\">Castell Blancafort<\/h2>\t\t\t\t<\/div>\n\t\t\t\t<\/div>\n\t\t\t\t\t<\/div>\n\t\t<\/div>\n\t\t\t\t\t<\/div>\n\t\t<\/section>\n\t\t\t\t<section class=\"elementor-section elementor-top-section elementor-element elementor-element-9ca4401 elementor-section-boxed elementor-section-height-default elementor-section-height-default\" data-id=\"9ca4401\" data-element_type=\"section\">\n\t\t\t\t\t\t<div class=\"elementor-container elementor-column-gap-default\">\n\t\t\t\t\t<div class=\"elementor-column elementor-col-50 elementor-top-column elementor-element elementor-element-824143d\" data-id=\"824143d\" data-element_type=\"column\">\n\t\t\t<div class=\"elementor-widget-wrap elementor-element-populated\">\n\t\t\t\t\t\t<div class=\"elementor-element elementor-element-14928ac elementor-widget elementor-widget-image\" data-id=\"14928ac\" data-element_type=\"widget\" data-widget_type=\"image.default\">\n\t\t\t\t<div class=\"elementor-widget-container\">\n\t\t\t\t\t\t\t\t\t\t\t\t\t\t\t<img decoding=\"async\" width=\"768\" height=\"768\" src=\"https:\/\/www.willysplan.com\/wp-content\/uploads\/2020\/06\/6-331-768x768.jpg\" class=\"attachment-medium_large size-medium_large wp-image-13683\" alt=\"\" srcset=\"https:\/\/www.willysplan.com\/wp-content\/uploads\/2020\/06\/6-331-768x768.jpg 768w, https:\/\/www.willysplan.com\/wp-content\/uploads\/2020\/06\/6-331-300x300.jpg 300w, https:\/\/www.willysplan.com\/wp-content\/uploads\/2020\/06\/6-331-1024x1024.jpg 1024w, https:\/\/www.willysplan.com\/wp-content\/uploads\/2020\/06\/6-331-150x150.jpg 150w, https:\/\/www.willysplan.com\/wp-content\/uploads\/2020\/06\/6-331-480x480.jpg 480w, https:\/\/www.willysplan.com\/wp-content\/uploads\/2020\/06\/6-331-280x280.jpg 280w, https:\/\/www.willysplan.com\/wp-content\/uploads\/2020\/06\/6-331-960x960.jpg 960w, https:\/\/www.willysplan.com\/wp-content\/uploads\/2020\/06\/6-331-400x400.jpg 400w, https:\/\/www.willysplan.com\/wp-content\/uploads\/2020\/06\/6-331-585x585.jpg 585w, https:\/\/www.willysplan.com\/wp-content\/uploads\/2020\/06\/6-331-600x600.jpg 600w, https:\/\/www.willysplan.com\/wp-content\/uploads\/2020\/06\/6-331-100x100.jpg 100w, https:\/\/www.willysplan.com\/wp-content\/uploads\/2020\/06\/6-331.jpg 1080w\" sizes=\"(max-width: 768px) 100vw, 768px\" \/>\t\t\t\t\t\t\t\t\t\t\t\t\t\t\t<\/div>\n\t\t\t\t<\/div>\n\t\t\t\t\t<\/div>\n\t\t<\/div>\n\t\t\t\t<div class=\"elementor-column elementor-col-50 elementor-top-column elementor-element elementor-element-5b24e51\" data-id=\"5b24e51\" data-element_type=\"column\">\n\t\t\t<div class=\"elementor-widget-wrap elementor-element-populated\">\n\t\t\t\t\t\t<div class=\"elementor-element elementor-element-e6250d6 elementor-widget elementor-widget-image\" data-id=\"e6250d6\" data-element_type=\"widget\" data-widget_type=\"image.default\">\n\t\t\t\t<div class=\"elementor-widget-container\">\n\t\t\t\t\t\t\t\t\t\t\t\t\t\t\t<img loading=\"lazy\" decoding=\"async\" width=\"768\" height=\"768\" src=\"https:\/\/www.willysplan.com\/wp-content\/uploads\/2020\/06\/7-121-768x768.jpg\" class=\"attachment-medium_large size-medium_large wp-image-13685\" alt=\"\" srcset=\"https:\/\/www.willysplan.com\/wp-content\/uploads\/2020\/06\/7-121-768x768.jpg 768w, https:\/\/www.willysplan.com\/wp-content\/uploads\/2020\/06\/7-121-300x300.jpg 300w, https:\/\/www.willysplan.com\/wp-content\/uploads\/2020\/06\/7-121-1024x1024.jpg 1024w, https:\/\/www.willysplan.com\/wp-content\/uploads\/2020\/06\/7-121-150x150.jpg 150w, https:\/\/www.willysplan.com\/wp-content\/uploads\/2020\/06\/7-121-480x480.jpg 480w, https:\/\/www.willysplan.com\/wp-content\/uploads\/2020\/06\/7-121-280x280.jpg 280w, https:\/\/www.willysplan.com\/wp-content\/uploads\/2020\/06\/7-121-960x960.jpg 960w, https:\/\/www.willysplan.com\/wp-content\/uploads\/2020\/06\/7-121-400x400.jpg 400w, https:\/\/www.willysplan.com\/wp-content\/uploads\/2020\/06\/7-121-585x585.jpg 585w, https:\/\/www.willysplan.com\/wp-content\/uploads\/2020\/06\/7-121-600x600.jpg 600w, https:\/\/www.willysplan.com\/wp-content\/uploads\/2020\/06\/7-121-100x100.jpg 100w, https:\/\/www.willysplan.com\/wp-content\/uploads\/2020\/06\/7-121.jpg 1080w\" sizes=\"(max-width: 768px) 100vw, 768px\" \/>\t\t\t\t\t\t\t\t\t\t\t\t\t\t\t<\/div>\n\t\t\t\t<\/div>\n\t\t\t\t\t<\/div>\n\t\t<\/div>\n\t\t\t\t\t<\/div>\n\t\t<\/section>\n\t\t\t\t<section class=\"elementor-section elementor-top-section elementor-element elementor-element-090337d elementor-section-boxed elementor-section-height-default elementor-section-height-default\" data-id=\"090337d\" data-element_type=\"section\">\n\t\t\t\t\t\t<div class=\"elementor-container elementor-column-gap-default\">\n\t\t\t\t\t<div class=\"elementor-column elementor-col-100 elementor-top-column elementor-element elementor-element-10259a1\" data-id=\"10259a1\" data-element_type=\"column\">\n\t\t\t<div class=\"elementor-widget-wrap elementor-element-populated\">\n\t\t\t\t\t\t<div class=\"elementor-element elementor-element-67842ef elementor-widget elementor-widget-text-editor\" data-id=\"67842ef\" data-element_type=\"widget\" data-widget_type=\"text-editor.default\">\n\t\t\t\t<div class=\"elementor-widget-container\">\n\t\t\t\t\t\t\t\t\t<p>Les restes del <strong>Castell Blancafort<\/strong> s\u00f3n just al cim de la serra que porta el mateix nom, a 1.776 metres d&#8217;al\u00e7ada. Aquest castell est\u00e0 documentat des de l&#8217;any 1174 i va ser constru\u00eft per facilitar la comunicaci\u00f3 entre els altres castells de la zona. Encara que nom\u00e9s es conserva la torre de defensa, aquest lloc guarda una de les majors riqueses arquitect\u00f2niques per al municipi de <strong>Blancafort<\/strong> , per la qual cosa val la pena visitar-lo.<\/p>\n<p>Si us animeu a quedar-vos una estona m\u00e9s al poble, us recomanem visitar el nucli antic i con\u00e8ixer algunes edificacions i monuments importants. La m\u00e0gia d&#8217;aquest poble \u00e9s molt rural, i aix\u00f2 ho fa sens dubte tan encantador. A m\u00e9s a m\u00e9s de gaudir de paisatges molt pintorescos que s&#8217;accidenten amb la proximitat a la serra de Tallat, i la muntanya de Blancafort.<\/p>\n\t\t\t\t\t\t\t\t<\/div>\n\t\t\t\t<\/div>\n\t\t\t\t\t<\/div>\n\t\t<\/div>\n\t\t\t\t\t<\/div>\n\t\t<\/section>\n\t\t\t\t<section class=\"elementor-section elementor-top-section elementor-element elementor-element-228dd78 elementor-section-boxed elementor-section-height-default elementor-section-height-default\" data-id=\"228dd78\" data-element_type=\"section\">\n\t\t\t\t\t\t<div class=\"elementor-container elementor-column-gap-default\">\n\t\t\t\t\t<div class=\"elementor-column elementor-col-100 elementor-top-column elementor-element elementor-element-6fe37a6\" data-id=\"6fe37a6\" data-element_type=\"column\">\n\t\t\t<div class=\"elementor-widget-wrap elementor-element-populated\">\n\t\t\t\t\t\t<div class=\"elementor-element elementor-element-c9dcbd0 elementor-widget elementor-widget-heading\" data-id=\"c9dcbd0\" data-element_type=\"widget\" data-widget_type=\"heading.default\">\n\t\t\t\t<div class=\"elementor-widget-container\">\n\t\t\t\t\t<h2 class=\"elementor-heading-title elementor-size-default\">Mirador de la Figuerassa<\/h2>\t\t\t\t<\/div>\n\t\t\t\t<\/div>\n\t\t\t\t\t<\/div>\n\t\t<\/div>\n\t\t\t\t\t<\/div>\n\t\t<\/section>\n\t\t\t\t<section class=\"elementor-section elementor-top-section elementor-element elementor-element-ff2fe61 elementor-section-boxed elementor-section-height-default elementor-section-height-default\" data-id=\"ff2fe61\" data-element_type=\"section\">\n\t\t\t\t\t\t<div class=\"elementor-container elementor-column-gap-default\">\n\t\t\t\t\t<div class=\"elementor-column elementor-col-50 elementor-top-column elementor-element elementor-element-2aedbc8\" data-id=\"2aedbc8\" data-element_type=\"column\">\n\t\t\t<div class=\"elementor-widget-wrap elementor-element-populated\">\n\t\t\t\t\t\t<div class=\"elementor-element elementor-element-d5e8ee0 elementor-widget elementor-widget-image\" data-id=\"d5e8ee0\" data-element_type=\"widget\" data-widget_type=\"image.default\">\n\t\t\t\t<div class=\"elementor-widget-container\">\n\t\t\t\t\t\t\t\t\t\t\t\t\t\t\t<img loading=\"lazy\" decoding=\"async\" width=\"768\" height=\"768\" src=\"https:\/\/www.willysplan.com\/wp-content\/uploads\/2020\/06\/8-221-768x768.jpg\" class=\"attachment-medium_large size-medium_large wp-image-13687\" alt=\"\" srcset=\"https:\/\/www.willysplan.com\/wp-content\/uploads\/2020\/06\/8-221-768x768.jpg 768w, https:\/\/www.willysplan.com\/wp-content\/uploads\/2020\/06\/8-221-300x300.jpg 300w, https:\/\/www.willysplan.com\/wp-content\/uploads\/2020\/06\/8-221-1024x1024.jpg 1024w, https:\/\/www.willysplan.com\/wp-content\/uploads\/2020\/06\/8-221-150x150.jpg 150w, https:\/\/www.willysplan.com\/wp-content\/uploads\/2020\/06\/8-221-480x480.jpg 480w, https:\/\/www.willysplan.com\/wp-content\/uploads\/2020\/06\/8-221-280x280.jpg 280w, https:\/\/www.willysplan.com\/wp-content\/uploads\/2020\/06\/8-221-960x960.jpg 960w, https:\/\/www.willysplan.com\/wp-content\/uploads\/2020\/06\/8-221-400x400.jpg 400w, https:\/\/www.willysplan.com\/wp-content\/uploads\/2020\/06\/8-221-585x585.jpg 585w, https:\/\/www.willysplan.com\/wp-content\/uploads\/2020\/06\/8-221-600x600.jpg 600w, https:\/\/www.willysplan.com\/wp-content\/uploads\/2020\/06\/8-221-100x100.jpg 100w, https:\/\/www.willysplan.com\/wp-content\/uploads\/2020\/06\/8-221.jpg 1080w\" sizes=\"(max-width: 768px) 100vw, 768px\" \/>\t\t\t\t\t\t\t\t\t\t\t\t\t\t\t<\/div>\n\t\t\t\t<\/div>\n\t\t\t\t\t<\/div>\n\t\t<\/div>\n\t\t\t\t<div class=\"elementor-column elementor-col-50 elementor-top-column elementor-element elementor-element-ebf24c2\" data-id=\"ebf24c2\" data-element_type=\"column\">\n\t\t\t<div class=\"elementor-widget-wrap elementor-element-populated\">\n\t\t\t\t\t\t<div class=\"elementor-element elementor-element-060f0c7 elementor-widget elementor-widget-image\" data-id=\"060f0c7\" data-element_type=\"widget\" data-widget_type=\"image.default\">\n\t\t\t\t<div class=\"elementor-widget-container\">\n\t\t\t\t\t\t\t\t\t\t\t\t\t\t\t<img loading=\"lazy\" decoding=\"async\" width=\"768\" height=\"768\" src=\"https:\/\/www.willysplan.com\/wp-content\/uploads\/2020\/06\/101-768x768.jpg\" class=\"attachment-medium_large size-medium_large wp-image-13689\" alt=\"\" srcset=\"https:\/\/www.willysplan.com\/wp-content\/uploads\/2020\/06\/101-768x768.jpg 768w, https:\/\/www.willysplan.com\/wp-content\/uploads\/2020\/06\/101-300x300.jpg 300w, https:\/\/www.willysplan.com\/wp-content\/uploads\/2020\/06\/101-1024x1024.jpg 1024w, https:\/\/www.willysplan.com\/wp-content\/uploads\/2020\/06\/101-150x150.jpg 150w, https:\/\/www.willysplan.com\/wp-content\/uploads\/2020\/06\/101-480x480.jpg 480w, https:\/\/www.willysplan.com\/wp-content\/uploads\/2020\/06\/101-280x280.jpg 280w, https:\/\/www.willysplan.com\/wp-content\/uploads\/2020\/06\/101-960x960.jpg 960w, https:\/\/www.willysplan.com\/wp-content\/uploads\/2020\/06\/101-400x400.jpg 400w, https:\/\/www.willysplan.com\/wp-content\/uploads\/2020\/06\/101-585x585.jpg 585w, https:\/\/www.willysplan.com\/wp-content\/uploads\/2020\/06\/101-600x600.jpg 600w, https:\/\/www.willysplan.com\/wp-content\/uploads\/2020\/06\/101-100x100.jpg 100w, https:\/\/www.willysplan.com\/wp-content\/uploads\/2020\/06\/101.jpg 1080w\" sizes=\"(max-width: 768px) 100vw, 768px\" \/>\t\t\t\t\t\t\t\t\t\t\t\t\t\t\t<\/div>\n\t\t\t\t<\/div>\n\t\t\t\t\t<\/div>\n\t\t<\/div>\n\t\t\t\t\t<\/div>\n\t\t<\/section>\n\t\t\t\t<section class=\"elementor-section elementor-top-section elementor-element elementor-element-649f78d elementor-section-boxed elementor-section-height-default elementor-section-height-default\" data-id=\"649f78d\" data-element_type=\"section\">\n\t\t\t\t\t\t<div class=\"elementor-container elementor-column-gap-default\">\n\t\t\t\t\t<div class=\"elementor-column elementor-col-100 elementor-top-column elementor-element elementor-element-bd8f266\" data-id=\"bd8f266\" data-element_type=\"column\">\n\t\t\t<div class=\"elementor-widget-wrap elementor-element-populated\">\n\t\t\t\t\t\t<div class=\"elementor-element elementor-element-6131457 elementor-widget elementor-widget-text-editor\" data-id=\"6131457\" data-element_type=\"widget\" data-widget_type=\"text-editor.default\">\n\t\t\t\t<div class=\"elementor-widget-container\">\n\t\t\t\t\t\t\t\t\t<p>El <strong>Mirador de la Figuerassa<\/strong> , es troba a uns 1.500 metres d&#8217;al\u00e7ada, per aix\u00f2 \u00e9s el millor punt per admirar les incre\u00efbles vistes de 360\u00ba que donen cap al pant\u00e0 de Baells i el de Montserrat.<\/p><p>Aquest lloc \u00e9s conegut per tenir les millors excursions senderistes de tota <strong>Berga.<\/strong> Cada any s\u00f3n m\u00e9s els turistes que busquen recrear-se amb els esports de muntanya i aventura que ofereix aquest lloc. Els fot\u00f2grafs adoren aquest mirador, \u00e9s que no n&#8217;hi ha per menys. Des d&#8217;aquest paratge natural es poden treure excel\u00b7lents fotografies de paisatge i ni parlar de les postes de sol s\u00f3n incre\u00efbles: sens dubte un exemple de les millors <a href=\"https:\/\/www.willysplan.com\/ca\/escapades-relax-per-catalunya-els-millors-balnearis-hotels-i-spas\">escapades relax per Catalunya<\/a> que recomanem fer si et trobes per la zona.<\/p><p>Com que \u00e9s la nostra \u00faltima parada de la ruta, ens agafarem la major part del temps d&#8217;aquest recorregut per admirar el paisatge i menjar el nostre entrep\u00e0, mentre esperem l&#8217;arribada del capvespre amb la seva incre\u00efble posta de sol entre muntanyes i rius.<\/p>\t\t\t\t\t\t\t\t<\/div>\n\t\t\t\t<\/div>\n\t\t\t\t\t<\/div>\n\t\t<\/div>\n\t\t\t\t\t<\/div>\n\t\t<\/section>\n\t\t\t\t<section class=\"elementor-section elementor-top-section elementor-element elementor-element-ab6f41a elementor-section-boxed elementor-section-height-default elementor-section-height-default\" data-id=\"ab6f41a\" data-element_type=\"section\">\n\t\t\t\t\t\t<div class=\"elementor-container elementor-column-gap-default\">\n\t\t\t\t\t<div class=\"elementor-column elementor-col-100 elementor-top-column elementor-element elementor-element-1d7db5d\" data-id=\"1d7db5d\" data-element_type=\"column\">\n\t\t\t<div class=\"elementor-widget-wrap elementor-element-populated\">\n\t\t\t\t\t\t<div class=\"elementor-element elementor-element-5a3a7a3 elementor-widget elementor-widget-heading\" data-id=\"5a3a7a3\" data-element_type=\"widget\" data-widget_type=\"heading.default\">\n\t\t\t\t<div class=\"elementor-widget-container\">\n\t\t\t\t\t<h2 class=\"elementor-heading-title elementor-size-default\">Altres rutes que tamb\u00e9 et poden interessar...<\/h2>\t\t\t\t<\/div>\n\t\t\t\t<\/div>\n\t\t\t\t\t<\/div>\n\t\t<\/div>\n\t\t\t\t\t<\/div>\n\t\t<\/section>\n\t\t\t\t<section class=\"elementor-section elementor-top-section elementor-element elementor-element-92768b2 elementor-section-boxed elementor-section-height-default elementor-section-height-default\" data-id=\"92768b2\" data-element_type=\"section\">\n\t\t\t\t\t\t<div class=\"elementor-container elementor-column-gap-default\">\n\t\t\t\t\t<div class=\"elementor-column elementor-col-100 elementor-top-column elementor-element elementor-element-c1a69e1\" data-id=\"c1a69e1\" data-element_type=\"column\">\n\t\t\t<div class=\"elementor-widget-wrap elementor-element-populated\">\n\t\t\t\t\t\t<div class=\"elementor-element elementor-element-e0773fc elementor-grid-4 elementor-grid-tablet-2 elementor-grid-mobile-1 elementor-posts--thumbnail-top elementor-widget elementor-widget-posts\" data-id=\"e0773fc\" data-element_type=\"widget\" data-settings=\"{&quot;classic_columns&quot;:&quot;4&quot;,&quot;classic_columns_tablet&quot;:&quot;2&quot;,&quot;classic_columns_mobile&quot;:&quot;1&quot;,&quot;classic_row_gap&quot;:{&quot;unit&quot;:&quot;px&quot;,&quot;size&quot;:35,&quot;sizes&quot;:[]},&quot;classic_row_gap_tablet&quot;:{&quot;unit&quot;:&quot;px&quot;,&quot;size&quot;:&quot;&quot;,&quot;sizes&quot;:[]},&quot;classic_row_gap_mobile&quot;:{&quot;unit&quot;:&quot;px&quot;,&quot;size&quot;:&quot;&quot;,&quot;sizes&quot;:[]}}\" data-widget_type=\"posts.classic\">\n\t\t\t\t<div class=\"elementor-widget-container\">\n\t\t\t\t\t\t\t<div class=\"elementor-posts-container elementor-posts elementor-posts--skin-classic elementor-grid\" role=\"list\">\n\t\t\t\t<article class=\"elementor-post elementor-grid-item post-16065 post type-post status-publish format-standard has-post-thumbnail hentry category-rutes tag-rutas-barcelona-provincia tag-rutas-beget tag-rutas-berga tag-rutas-bergueda tag-rutas-castellar-de-nhug tag-rutas-cataluna\" role=\"listitem\">\n\t\t\t\t<a class=\"elementor-post__thumbnail__link\" href=\"https:\/\/www.willysplan.com\/ca\/rutes\/ruta-des-dels-jardins-artigas-a-castellar-de-nhug\" tabindex=\"-1\" >\n\t\t\t<div class=\"elementor-post__thumbnail\"><img loading=\"lazy\" decoding=\"async\" width=\"300\" height=\"300\" src=\"https:\/\/www.willysplan.com\/wp-content\/uploads\/2020\/07\/Jardins-artigas21-300x300.jpg\" class=\"attachment-medium size-medium wp-image-13691\" alt=\"\" srcset=\"https:\/\/www.willysplan.com\/wp-content\/uploads\/2020\/07\/Jardins-artigas21-300x300.jpg 300w, https:\/\/www.willysplan.com\/wp-content\/uploads\/2020\/07\/Jardins-artigas21-1024x1024.jpg 1024w, https:\/\/www.willysplan.com\/wp-content\/uploads\/2020\/07\/Jardins-artigas21-150x150.jpg 150w, https:\/\/www.willysplan.com\/wp-content\/uploads\/2020\/07\/Jardins-artigas21-768x768.jpg 768w, https:\/\/www.willysplan.com\/wp-content\/uploads\/2020\/07\/Jardins-artigas21-480x480.jpg 480w, https:\/\/www.willysplan.com\/wp-content\/uploads\/2020\/07\/Jardins-artigas21-280x280.jpg 280w, https:\/\/www.willysplan.com\/wp-content\/uploads\/2020\/07\/Jardins-artigas21-960x960.jpg 960w, https:\/\/www.willysplan.com\/wp-content\/uploads\/2020\/07\/Jardins-artigas21-400x400.jpg 400w, https:\/\/www.willysplan.com\/wp-content\/uploads\/2020\/07\/Jardins-artigas21-585x585.jpg 585w, https:\/\/www.willysplan.com\/wp-content\/uploads\/2020\/07\/Jardins-artigas21-600x600.jpg 600w, https:\/\/www.willysplan.com\/wp-content\/uploads\/2020\/07\/Jardins-artigas21-100x100.jpg 100w, https:\/\/www.willysplan.com\/wp-content\/uploads\/2020\/07\/Jardins-artigas21.jpg 1080w\" sizes=\"(max-width: 300px) 100vw, 300px\" \/><\/div>\n\t\t<\/a>\n\t\t\t\t<div class=\"elementor-post__text\">\n\t\t\t\t<h4 class=\"elementor-post__title\">\n\t\t\t<a href=\"https:\/\/www.willysplan.com\/ca\/rutes\/ruta-des-dels-jardins-artigas-a-castellar-de-nhug\" >\n\t\t\t\tRuta des dels Jardins Artigas a Castellar de N&#8217;hug\t\t\t<\/a>\n\t\t<\/h4>\n\t\t\t\t<\/div>\n\t\t\t\t<\/article>\n\t\t\t\t<\/div>\n\t\t\n\t\t\t\t\t\t<\/div>\n\t\t\t\t<\/div>\n\t\t\t\t\t<\/div>\n\t\t<\/div>\n\t\t\t\t\t<\/div>\n\t\t<\/section>\n\t\t\t\t<\/div>\n\t\t","protected":false},"excerpt":{"rendered":"<p>Berga \u00e9s considerada la porta d&#8217;entrada als Pirineus de Catalunya i un lloc imprescindible a visitar on trobar\u00e0s algunes de les millors rutes que fer<\/p>\n","protected":false},"author":2,"featured_media":13679,"comment_status":"closed","ping_status":"closed","sticky":false,"template":"","format":"standard","meta":{"neve_meta_sidebar":"","neve_meta_container":"","neve_meta_enable_content_width":"","neve_meta_content_width":0,"neve_meta_title_alignment":"","neve_meta_author_avatar":"","neve_post_elements_order":"","neve_meta_disable_header":"","neve_meta_disable_footer":"","neve_meta_disable_title":"","_joinchat":[],"footnotes":""},"categories":[323],"tags":[372,405,404,360],"class_list":["post-16035","post","type-post","status-publish","format-standard","has-post-thumbnail","hentry","category-rutes","tag-rutes-barcelona-provincia","tag-rutes-berga","tag-rutes-bergueda","tag-rutes-catalunya"],"yoast_head":"<!-- This site is optimized with the Yoast SEO Premium plugin v20.1 (Yoast SEO v26.9) - https:\/\/yoast.com\/product\/yoast-seo-premium-wordpress\/ -->\n<title>Ruta des del Santuari de Queralt al Mirador de la Figuerassa - Willy&#039;s Plan<\/title>\n<meta name=\"description\" content=\"Descobreix una de les millors rutes per fer a Berga. Visita el Santuari de Queralt, el Castell Blancafort i el Mirador de la Figuerassa. \u2705 Entra ara!\" \/>\n<meta name=\"robots\" content=\"index, follow, max-snippet:-1, max-image-preview:large, max-video-preview:-1\" \/>\n<link rel=\"canonical\" href=\"https:\/\/www.willysplan.com\/ca\/rutes\/ruta-des-del-santuari-de-queralt-al-mirador-de-la-figuerassa\" \/>\n<meta property=\"og:locale\" content=\"ca_ES\" \/>\n<meta property=\"og:type\" content=\"article\" \/>\n<meta property=\"og:title\" content=\"Ruta des del Santuari de Queralt al Mirador de la Figuerassa\" \/>\n<meta property=\"og:description\" content=\"Descobreix una de les millors rutes per fer a Berga. Visita el Santuari de Queralt, el Castell Blancafort i el Mirador de la Figuerassa. \u2705 Entra ara!\" \/>\n<meta property=\"og:url\" content=\"https:\/\/www.willysplan.com\/ca\/rutes\/ruta-des-del-santuari-de-queralt-al-mirador-de-la-figuerassa\" \/>\n<meta property=\"og:site_name\" content=\"Willy&#039;s Plan \ud83c\udf43\" \/>\n<meta property=\"article:published_time\" content=\"2020-06-30T21:01:33+00:00\" \/>\n<meta property=\"article:modified_time\" content=\"2023-07-23T07:23:17+00:00\" \/>\n<meta property=\"og:image\" content=\"https:\/\/www.willysplan.com\/wp-content\/uploads\/2020\/06\/5-41.jpg\" \/>\n\t<meta property=\"og:image:width\" content=\"1080\" \/>\n\t<meta property=\"og:image:height\" content=\"1080\" \/>\n\t<meta property=\"og:image:type\" content=\"image\/jpeg\" \/>\n<meta name=\"author\" content=\"Guillem Asensio\" \/>\n<meta name=\"twitter:card\" content=\"summary_large_image\" \/>\n<meta name=\"twitter:label1\" content=\"Escrit per\" \/>\n\t<meta name=\"twitter:data1\" content=\"Guillem Asensio\" \/>\n\t<meta name=\"twitter:label2\" content=\"Temps estimat de lectura\" \/>\n\t<meta name=\"twitter:data2\" content=\"4 minuts\" \/>\n<script type=\"application\/ld+json\" class=\"yoast-schema-graph\">{\"@context\":\"https:\/\/schema.org\",\"@graph\":[{\"@type\":\"Article\",\"@id\":\"https:\/\/www.willysplan.com\/ca\/rutes\/ruta-des-del-santuari-de-queralt-al-mirador-de-la-figuerassa#article\",\"isPartOf\":{\"@id\":\"https:\/\/www.willysplan.com\/ca\/rutes\/ruta-des-del-santuari-de-queralt-al-mirador-de-la-figuerassa\"},\"author\":{\"name\":\"Guillem Asensio\",\"@id\":\"https:\/\/www.willysplan.com\/#\/schema\/person\/6f2dbf2215cd25715df085907bd007c1\"},\"headline\":\"Ruta des del Santuari de Queralt al Mirador de la Figuerassa\",\"datePublished\":\"2020-06-30T21:01:33+00:00\",\"dateModified\":\"2023-07-23T07:23:17+00:00\",\"mainEntityOfPage\":{\"@id\":\"https:\/\/www.willysplan.com\/ca\/rutes\/ruta-des-del-santuari-de-queralt-al-mirador-de-la-figuerassa\"},\"wordCount\":932,\"publisher\":{\"@id\":\"https:\/\/www.willysplan.com\/#organization\"},\"image\":{\"@id\":\"https:\/\/www.willysplan.com\/ca\/rutes\/ruta-des-del-santuari-de-queralt-al-mirador-de-la-figuerassa#primaryimage\"},\"thumbnailUrl\":\"https:\/\/www.willysplan.com\/wp-content\/uploads\/2020\/06\/5-41.jpg\",\"keywords\":[\"rutes barcelona prov\u00edncia\",\"rutes berga\",\"rutes bergueda\",\"rutes catalunya\"],\"articleSection\":[\"rutes\"],\"inLanguage\":\"ca\"},{\"@type\":\"WebPage\",\"@id\":\"https:\/\/www.willysplan.com\/ca\/rutes\/ruta-des-del-santuari-de-queralt-al-mirador-de-la-figuerassa\",\"url\":\"https:\/\/www.willysplan.com\/ca\/rutes\/ruta-des-del-santuari-de-queralt-al-mirador-de-la-figuerassa\",\"name\":\"Ruta des del Santuari de Queralt al Mirador de la Figuerassa - Willy's Plan\",\"isPartOf\":{\"@id\":\"https:\/\/www.willysplan.com\/#website\"},\"primaryImageOfPage\":{\"@id\":\"https:\/\/www.willysplan.com\/ca\/rutes\/ruta-des-del-santuari-de-queralt-al-mirador-de-la-figuerassa#primaryimage\"},\"image\":{\"@id\":\"https:\/\/www.willysplan.com\/ca\/rutes\/ruta-des-del-santuari-de-queralt-al-mirador-de-la-figuerassa#primaryimage\"},\"thumbnailUrl\":\"https:\/\/www.willysplan.com\/wp-content\/uploads\/2020\/06\/5-41.jpg\",\"datePublished\":\"2020-06-30T21:01:33+00:00\",\"dateModified\":\"2023-07-23T07:23:17+00:00\",\"description\":\"Descobreix una de les millors rutes per fer a Berga. Visita el Santuari de Queralt, el Castell Blancafort i el Mirador de la Figuerassa. \u2705 Entra ara!\",\"inLanguage\":\"ca\",\"potentialAction\":[{\"@type\":\"ReadAction\",\"target\":[\"https:\/\/www.willysplan.com\/ca\/rutes\/ruta-des-del-santuari-de-queralt-al-mirador-de-la-figuerassa\"]}]},{\"@type\":\"ImageObject\",\"inLanguage\":\"ca\",\"@id\":\"https:\/\/www.willysplan.com\/ca\/rutes\/ruta-des-del-santuari-de-queralt-al-mirador-de-la-figuerassa#primaryimage\",\"url\":\"https:\/\/www.willysplan.com\/wp-content\/uploads\/2020\/06\/5-41.jpg\",\"contentUrl\":\"https:\/\/www.willysplan.com\/wp-content\/uploads\/2020\/06\/5-41.jpg\",\"width\":1080,\"height\":1080},{\"@type\":\"WebSite\",\"@id\":\"https:\/\/www.willysplan.com\/#website\",\"url\":\"https:\/\/www.willysplan.com\/\",\"name\":\"Willy&#039;s Plan \ud83c\udf43\",\"description\":\"Escapadas y Planes de fin de semana\",\"publisher\":{\"@id\":\"https:\/\/www.willysplan.com\/#organization\"},\"potentialAction\":[{\"@type\":\"SearchAction\",\"target\":{\"@type\":\"EntryPoint\",\"urlTemplate\":\"https:\/\/www.willysplan.com\/?s={search_term_string}\"},\"query-input\":{\"@type\":\"PropertyValueSpecification\",\"valueRequired\":true,\"valueName\":\"search_term_string\"}}],\"inLanguage\":\"ca\"},{\"@type\":\"Organization\",\"@id\":\"https:\/\/www.willysplan.com\/#organization\",\"name\":\"Willy&#039;s Plan \ud83c\udf43\",\"url\":\"https:\/\/www.willysplan.com\/\",\"logo\":{\"@type\":\"ImageObject\",\"inLanguage\":\"ca\",\"@id\":\"https:\/\/www.willysplan.com\/#\/schema\/logo\/image\/\",\"url\":\"https:\/\/www.willysplan.com\/wp-content\/uploads\/2020\/04\/cropped-logo-1.png\",\"contentUrl\":\"https:\/\/www.willysplan.com\/wp-content\/uploads\/2020\/04\/cropped-logo-1.png\",\"width\":332,\"height\":332,\"caption\":\"Willy&#039;s Plan \ud83c\udf43\"},\"image\":{\"@id\":\"https:\/\/www.willysplan.com\/#\/schema\/logo\/image\/\"}},{\"@type\":\"Person\",\"@id\":\"https:\/\/www.willysplan.com\/#\/schema\/person\/6f2dbf2215cd25715df085907bd007c1\",\"name\":\"Guillem Asensio\",\"image\":{\"@type\":\"ImageObject\",\"inLanguage\":\"ca\",\"@id\":\"https:\/\/www.willysplan.com\/#\/schema\/person\/image\/\",\"url\":\"https:\/\/secure.gravatar.com\/avatar\/fd3f69da3e6cd8d451f6be79c127da046757b9a4c273deefb40b1291809cc787?s=96&d=mm&r=g\",\"contentUrl\":\"https:\/\/secure.gravatar.com\/avatar\/fd3f69da3e6cd8d451f6be79c127da046757b9a4c273deefb40b1291809cc787?s=96&d=mm&r=g\",\"caption\":\"Guillem Asensio\"},\"sameAs\":[\"https:\/\/willysplan.com\"],\"url\":\"https:\/\/www.willysplan.com\/ca\/author\/willy\"}]}<\/script>\n<!-- \/ Yoast SEO Premium plugin. -->","yoast_head_json":{"title":"Ruta des del Santuari de Queralt al Mirador de la Figuerassa - Willy's Plan","description":"Descobreix una de les millors rutes per fer a Berga. Visita el Santuari de Queralt, el Castell Blancafort i el Mirador de la Figuerassa. \u2705 Entra ara!","robots":{"index":"index","follow":"follow","max-snippet":"max-snippet:-1","max-image-preview":"max-image-preview:large","max-video-preview":"max-video-preview:-1"},"canonical":"https:\/\/www.willysplan.com\/ca\/rutes\/ruta-des-del-santuari-de-queralt-al-mirador-de-la-figuerassa","og_locale":"ca_ES","og_type":"article","og_title":"Ruta des del Santuari de Queralt al Mirador de la Figuerassa","og_description":"Descobreix una de les millors rutes per fer a Berga. Visita el Santuari de Queralt, el Castell Blancafort i el Mirador de la Figuerassa. \u2705 Entra ara!","og_url":"https:\/\/www.willysplan.com\/ca\/rutes\/ruta-des-del-santuari-de-queralt-al-mirador-de-la-figuerassa","og_site_name":"Willy&#039;s Plan \ud83c\udf43","article_published_time":"2020-06-30T21:01:33+00:00","article_modified_time":"2023-07-23T07:23:17+00:00","og_image":[{"width":1080,"height":1080,"url":"https:\/\/www.willysplan.com\/wp-content\/uploads\/2020\/06\/5-41.jpg","type":"image\/jpeg"}],"author":"Guillem Asensio","twitter_card":"summary_large_image","twitter_misc":{"Escrit per":"Guillem Asensio","Temps estimat de lectura":"4 minuts"},"schema":{"@context":"https:\/\/schema.org","@graph":[{"@type":"Article","@id":"https:\/\/www.willysplan.com\/ca\/rutes\/ruta-des-del-santuari-de-queralt-al-mirador-de-la-figuerassa#article","isPartOf":{"@id":"https:\/\/www.willysplan.com\/ca\/rutes\/ruta-des-del-santuari-de-queralt-al-mirador-de-la-figuerassa"},"author":{"name":"Guillem Asensio","@id":"https:\/\/www.willysplan.com\/#\/schema\/person\/6f2dbf2215cd25715df085907bd007c1"},"headline":"Ruta des del Santuari de Queralt al Mirador de la Figuerassa","datePublished":"2020-06-30T21:01:33+00:00","dateModified":"2023-07-23T07:23:17+00:00","mainEntityOfPage":{"@id":"https:\/\/www.willysplan.com\/ca\/rutes\/ruta-des-del-santuari-de-queralt-al-mirador-de-la-figuerassa"},"wordCount":932,"publisher":{"@id":"https:\/\/www.willysplan.com\/#organization"},"image":{"@id":"https:\/\/www.willysplan.com\/ca\/rutes\/ruta-des-del-santuari-de-queralt-al-mirador-de-la-figuerassa#primaryimage"},"thumbnailUrl":"https:\/\/www.willysplan.com\/wp-content\/uploads\/2020\/06\/5-41.jpg","keywords":["rutes barcelona prov\u00edncia","rutes berga","rutes bergueda","rutes catalunya"],"articleSection":["rutes"],"inLanguage":"ca"},{"@type":"WebPage","@id":"https:\/\/www.willysplan.com\/ca\/rutes\/ruta-des-del-santuari-de-queralt-al-mirador-de-la-figuerassa","url":"https:\/\/www.willysplan.com\/ca\/rutes\/ruta-des-del-santuari-de-queralt-al-mirador-de-la-figuerassa","name":"Ruta des del Santuari de Queralt al Mirador de la Figuerassa - Willy's Plan","isPartOf":{"@id":"https:\/\/www.willysplan.com\/#website"},"primaryImageOfPage":{"@id":"https:\/\/www.willysplan.com\/ca\/rutes\/ruta-des-del-santuari-de-queralt-al-mirador-de-la-figuerassa#primaryimage"},"image":{"@id":"https:\/\/www.willysplan.com\/ca\/rutes\/ruta-des-del-santuari-de-queralt-al-mirador-de-la-figuerassa#primaryimage"},"thumbnailUrl":"https:\/\/www.willysplan.com\/wp-content\/uploads\/2020\/06\/5-41.jpg","datePublished":"2020-06-30T21:01:33+00:00","dateModified":"2023-07-23T07:23:17+00:00","description":"Descobreix una de les millors rutes per fer a Berga. Visita el Santuari de Queralt, el Castell Blancafort i el Mirador de la Figuerassa. \u2705 Entra ara!","inLanguage":"ca","potentialAction":[{"@type":"ReadAction","target":["https:\/\/www.willysplan.com\/ca\/rutes\/ruta-des-del-santuari-de-queralt-al-mirador-de-la-figuerassa"]}]},{"@type":"ImageObject","inLanguage":"ca","@id":"https:\/\/www.willysplan.com\/ca\/rutes\/ruta-des-del-santuari-de-queralt-al-mirador-de-la-figuerassa#primaryimage","url":"https:\/\/www.willysplan.com\/wp-content\/uploads\/2020\/06\/5-41.jpg","contentUrl":"https:\/\/www.willysplan.com\/wp-content\/uploads\/2020\/06\/5-41.jpg","width":1080,"height":1080},{"@type":"WebSite","@id":"https:\/\/www.willysplan.com\/#website","url":"https:\/\/www.willysplan.com\/","name":"Willy&#039;s Plan \ud83c\udf43","description":"Escapadas y Planes de fin de semana","publisher":{"@id":"https:\/\/www.willysplan.com\/#organization"},"potentialAction":[{"@type":"SearchAction","target":{"@type":"EntryPoint","urlTemplate":"https:\/\/www.willysplan.com\/?s={search_term_string}"},"query-input":{"@type":"PropertyValueSpecification","valueRequired":true,"valueName":"search_term_string"}}],"inLanguage":"ca"},{"@type":"Organization","@id":"https:\/\/www.willysplan.com\/#organization","name":"Willy&#039;s Plan \ud83c\udf43","url":"https:\/\/www.willysplan.com\/","logo":{"@type":"ImageObject","inLanguage":"ca","@id":"https:\/\/www.willysplan.com\/#\/schema\/logo\/image\/","url":"https:\/\/www.willysplan.com\/wp-content\/uploads\/2020\/04\/cropped-logo-1.png","contentUrl":"https:\/\/www.willysplan.com\/wp-content\/uploads\/2020\/04\/cropped-logo-1.png","width":332,"height":332,"caption":"Willy&#039;s Plan \ud83c\udf43"},"image":{"@id":"https:\/\/www.willysplan.com\/#\/schema\/logo\/image\/"}},{"@type":"Person","@id":"https:\/\/www.willysplan.com\/#\/schema\/person\/6f2dbf2215cd25715df085907bd007c1","name":"Guillem Asensio","image":{"@type":"ImageObject","inLanguage":"ca","@id":"https:\/\/www.willysplan.com\/#\/schema\/person\/image\/","url":"https:\/\/secure.gravatar.com\/avatar\/fd3f69da3e6cd8d451f6be79c127da046757b9a4c273deefb40b1291809cc787?s=96&d=mm&r=g","contentUrl":"https:\/\/secure.gravatar.com\/avatar\/fd3f69da3e6cd8d451f6be79c127da046757b9a4c273deefb40b1291809cc787?s=96&d=mm&r=g","caption":"Guillem Asensio"},"sameAs":["https:\/\/willysplan.com"],"url":"https:\/\/www.willysplan.com\/ca\/author\/willy"}]}},"_links":{"self":[{"href":"https:\/\/www.willysplan.com\/ca\/wp-json\/wp\/v2\/posts\/16035","targetHints":{"allow":["GET"]}}],"collection":[{"href":"https:\/\/www.willysplan.com\/ca\/wp-json\/wp\/v2\/posts"}],"about":[{"href":"https:\/\/www.willysplan.com\/ca\/wp-json\/wp\/v2\/types\/post"}],"author":[{"embeddable":true,"href":"https:\/\/www.willysplan.com\/ca\/wp-json\/wp\/v2\/users\/2"}],"replies":[{"embeddable":true,"href":"https:\/\/www.willysplan.com\/ca\/wp-json\/wp\/v2\/comments?post=16035"}],"version-history":[{"count":23,"href":"https:\/\/www.willysplan.com\/ca\/wp-json\/wp\/v2\/posts\/16035\/revisions"}],"predecessor-version":[{"id":21400,"href":"https:\/\/www.willysplan.com\/ca\/wp-json\/wp\/v2\/posts\/16035\/revisions\/21400"}],"wp:featuredmedia":[{"embeddable":true,"href":"https:\/\/www.willysplan.com\/ca\/wp-json\/wp\/v2\/media\/13679"}],"wp:attachment":[{"href":"https:\/\/www.willysplan.com\/ca\/wp-json\/wp\/v2\/media?parent=16035"}],"wp:term":[{"taxonomy":"category","embeddable":true,"href":"https:\/\/www.willysplan.com\/ca\/wp-json\/wp\/v2\/categories?post=16035"},{"taxonomy":"post_tag","embeddable":true,"href":"https:\/\/www.willysplan.com\/ca\/wp-json\/wp\/v2\/tags?post=16035"}],"curies":[{"name":"wp","href":"https:\/\/api.w.org\/{rel}","templated":true}]}}