{"id":16031,"date":"2020-07-11T20:59:50","date_gmt":"2020-07-11T19:59:50","guid":{"rendered":"https:\/\/willysplan.com\/uncategorized-ca\/ruta-des-del-monestir-de-sant-llorenc-al-puig-del-far"},"modified":"2023-01-03T21:36:49","modified_gmt":"2023-01-03T20:36:49","slug":"ruta-des-del-monestir-de-sant-llorenc-al-puig-del-far","status":"publish","type":"post","link":"https:\/\/www.willysplan.com\/ca\/rutes\/ruta-des-del-monestir-de-sant-llorenc-al-puig-del-far","title":{"rendered":"Ruta des del Monestir de Sant Lloren\u00e7 al Puig del Far"},"content":{"rendered":"\t\t<div data-elementor-type=\"wp-post\" data-elementor-id=\"16031\" class=\"elementor elementor-16031 elementor-1898\" data-elementor-post-type=\"post\">\n\t\t\t\t\t\t<section class=\"elementor-section elementor-top-section elementor-element elementor-element-f4c69cc elementor-section-boxed elementor-section-height-default elementor-section-height-default\" data-id=\"f4c69cc\" data-element_type=\"section\">\n\t\t\t\t\t\t<div class=\"elementor-container elementor-column-gap-default\">\n\t\t\t\t\t<div class=\"elementor-column elementor-col-50 elementor-top-column elementor-element elementor-element-164a862\" data-id=\"164a862\" data-element_type=\"column\">\n\t\t\t<div class=\"elementor-widget-wrap elementor-element-populated\">\n\t\t\t\t\t\t<div class=\"elementor-element elementor-element-29bc239 elementor-widget elementor-widget-text-editor\" data-id=\"29bc239\" data-element_type=\"widget\" data-widget_type=\"text-editor.default\">\n\t\t\t\t<div class=\"elementor-widget-container\">\n\t\t\t\t\t\t\t\t\t<p>Donem-li la benvinguda a <strong>Osona<\/strong> , una de les comarques amb m\u00e9s encant natural i amb els paisatges m\u00e9s incre\u00efbles <a href=\"https:\/\/www.willysplan.com\/que-hacer\/girona\">que veure a Girona<\/a> .<\/p>\n<p>En aquest Willy\u00b4s pla et donarem l\u00b4honor de fer una <strong>ruta des de<\/strong> <strong>Monestir Sant Lloren\u00e7<\/strong> <strong>fins a<\/strong> <strong>Puig del Far,<\/strong> on descobrirem perqu\u00e8 aquesta comarca, \u00e9s una de m\u00e9s boniques de <strong>Catalunya.<\/strong><\/p>\n<p>T&#8217;ho advertim, aquest Willy&#8217;s pla est\u00e0 carregat de molta aventura i captivadors paisatges. I ja que passarem tot el dia fent la nostra excursi\u00f3, \u00e9s imprescindible portar una bona c\u00e0mera de fotos, entrepans i begudes pel cam\u00ed; la resta de la diversi\u00f3 \u00e9s gratu\u00efta.<\/p>\n<p><strong> <\/strong><\/p>\n\t\t\t\t\t\t\t\t<\/div>\n\t\t\t\t<\/div>\n\t\t\t\t\t<\/div>\n\t\t<\/div>\n\t\t\t\t<div class=\"elementor-column elementor-col-50 elementor-top-column elementor-element elementor-element-f0384f5\" data-id=\"f0384f5\" data-element_type=\"column\">\n\t\t\t<div class=\"elementor-widget-wrap elementor-element-populated\">\n\t\t\t\t\t\t<div class=\"elementor-element elementor-element-498d22e elementor-widget elementor-widget-image\" data-id=\"498d22e\" data-element_type=\"widget\" data-widget_type=\"image.default\">\n\t\t\t\t<div class=\"elementor-widget-container\">\n\t\t\t\t\t\t\t\t\t\t\t\t\t\t\t<img fetchpriority=\"high\" decoding=\"async\" width=\"768\" height=\"576\" src=\"https:\/\/www.willysplan.com\/wp-content\/uploads\/2020\/07\/salt-de-la-minyona2-768x576.jpg\" class=\"attachment-medium_large size-medium_large wp-image-13579\" alt=\"\" srcset=\"https:\/\/www.willysplan.com\/wp-content\/uploads\/2020\/07\/salt-de-la-minyona2-768x576.jpg 768w, https:\/\/www.willysplan.com\/wp-content\/uploads\/2020\/07\/salt-de-la-minyona2-300x225.jpg 300w, https:\/\/www.willysplan.com\/wp-content\/uploads\/2020\/07\/salt-de-la-minyona2-1024x768.jpg 1024w, https:\/\/www.willysplan.com\/wp-content\/uploads\/2020\/07\/salt-de-la-minyona2-760x570.jpg 760w, https:\/\/www.willysplan.com\/wp-content\/uploads\/2020\/07\/salt-de-la-minyona2-960x720.jpg 960w, https:\/\/www.willysplan.com\/wp-content\/uploads\/2020\/07\/salt-de-la-minyona2-533x400.jpg 533w, https:\/\/www.willysplan.com\/wp-content\/uploads\/2020\/07\/salt-de-la-minyona2-585x439.jpg 585w, https:\/\/www.willysplan.com\/wp-content\/uploads\/2020\/07\/salt-de-la-minyona2-600x450.jpg 600w, https:\/\/www.willysplan.com\/wp-content\/uploads\/2020\/07\/salt-de-la-minyona2.jpg 1200w\" sizes=\"(max-width: 768px) 100vw, 768px\" \/>\t\t\t\t\t\t\t\t\t\t\t\t\t\t\t<\/div>\n\t\t\t\t<\/div>\n\t\t\t\t\t<\/div>\n\t\t<\/div>\n\t\t\t\t\t<\/div>\n\t\t<\/section>\n\t\t\t\t<section class=\"elementor-section elementor-top-section elementor-element elementor-element-671cd3c elementor-section-boxed elementor-section-height-default elementor-section-height-default\" data-id=\"671cd3c\" data-element_type=\"section\">\n\t\t\t\t\t\t<div class=\"elementor-container elementor-column-gap-default\">\n\t\t\t\t\t<div class=\"elementor-column elementor-col-100 elementor-top-column elementor-element elementor-element-eaffc38\" data-id=\"eaffc38\" data-element_type=\"column\">\n\t\t\t<div class=\"elementor-widget-wrap elementor-element-populated\">\n\t\t\t\t\t\t<div class=\"elementor-element elementor-element-ac561a4 elementor-widget elementor-widget-text-editor\" data-id=\"ac561a4\" data-element_type=\"widget\" data-widget_type=\"text-editor.default\">\n\t\t\t\t<div class=\"elementor-widget-container\">\n\t\t\t\t\t\t\t\t\t<p>Aquesta ruta es compon de 3 activitats a l&#8217;aire lliure i les millors visites als miradors d&#8217;Osona:<\/p>\n<p>En primer lloc, visitarem el <strong>Monestir de Sant Lloren\u00e7<\/strong> . Un dels miradors m\u00e9s importants de <strong>Sant Juli\u00e0 de Vilatorta<\/strong> i el qual ha estat declarat com a \u201cB\u00e9 Cultural d&#8217;Inter\u00e8s Nacional\u201d.<\/p>\n<p>El segon lloc \u00e9s el <strong>Salt de la Minyona<\/strong> . Aquest petit mirador de 832 mts d&#8217;al\u00e7ada es troba situat a l&#8217;altipl\u00e0 de <strong>Les Guilleries,<\/strong> enmig de dos penya-segats que ens permeten gaudir d&#8217;unes vistes espectaculars.<\/p>\n<p><strong>Puig del Far,<\/strong> el trobem al poble de <strong>Tav\u00e8rnoles<\/strong> i \u00e9s un mirador que ens ofereix unes \u00e0mplies panor\u00e0miques de tota la plana i el <strong>Pant\u00e0 de Sau<\/strong> .<\/p>\n\t\t\t\t\t\t\t\t<\/div>\n\t\t\t\t<\/div>\n\t\t\t\t\t<\/div>\n\t\t<\/div>\n\t\t\t\t\t<\/div>\n\t\t<\/section>\n\t\t\t\t<section class=\"elementor-section elementor-top-section elementor-element elementor-element-36fe8d4 elementor-section-boxed elementor-section-height-default elementor-section-height-default\" data-id=\"36fe8d4\" data-element_type=\"section\">\n\t\t\t\t\t\t<div class=\"elementor-container elementor-column-gap-default\">\n\t\t\t\t\t<div class=\"elementor-column elementor-col-100 elementor-top-column elementor-element elementor-element-da527a3\" data-id=\"da527a3\" data-element_type=\"column\">\n\t\t\t<div class=\"elementor-widget-wrap elementor-element-populated\">\n\t\t\t\t\t\t<div class=\"elementor-element elementor-element-005077d elementor-widget elementor-widget-heading\" data-id=\"005077d\" data-element_type=\"widget\" data-widget_type=\"heading.default\">\n\t\t\t\t<div class=\"elementor-widget-container\">\n\t\t\t\t\t<h2 class=\"elementor-heading-title elementor-size-default\">Monestir de Sant Lloren\u00e7<\/h2>\t\t\t\t<\/div>\n\t\t\t\t<\/div>\n\t\t\t\t\t<\/div>\n\t\t<\/div>\n\t\t\t\t\t<\/div>\n\t\t<\/section>\n\t\t\t\t<section class=\"elementor-section elementor-top-section elementor-element elementor-element-39c50f9 elementor-section-boxed elementor-section-height-default elementor-section-height-default\" data-id=\"39c50f9\" data-element_type=\"section\">\n\t\t\t\t\t\t<div class=\"elementor-container elementor-column-gap-default\">\n\t\t\t\t\t<div class=\"elementor-column elementor-col-50 elementor-top-column elementor-element elementor-element-3adfcf7\" data-id=\"3adfcf7\" data-element_type=\"column\">\n\t\t\t<div class=\"elementor-widget-wrap elementor-element-populated\">\n\t\t\t\t\t\t<div class=\"elementor-element elementor-element-4b1d3b8 elementor-widget elementor-widget-image\" data-id=\"4b1d3b8\" data-element_type=\"widget\" data-widget_type=\"image.default\">\n\t\t\t\t<div class=\"elementor-widget-container\">\n\t\t\t\t\t\t\t\t\t\t\t\t\t\t\t<img decoding=\"async\" width=\"768\" height=\"576\" src=\"https:\/\/www.willysplan.com\/wp-content\/uploads\/2020\/07\/castell-de-sant-llorenc-sant-julia-vilatorta-paint-768x576.jpg\" class=\"attachment-medium_large size-medium_large wp-image-13581\" alt=\"\" srcset=\"https:\/\/www.willysplan.com\/wp-content\/uploads\/2020\/07\/castell-de-sant-llorenc-sant-julia-vilatorta-paint-768x576.jpg 768w, https:\/\/www.willysplan.com\/wp-content\/uploads\/2020\/07\/castell-de-sant-llorenc-sant-julia-vilatorta-paint-300x225.jpg 300w, https:\/\/www.willysplan.com\/wp-content\/uploads\/2020\/07\/castell-de-sant-llorenc-sant-julia-vilatorta-paint-1024x768.jpg 1024w, https:\/\/www.willysplan.com\/wp-content\/uploads\/2020\/07\/castell-de-sant-llorenc-sant-julia-vilatorta-paint-760x570.jpg 760w, https:\/\/www.willysplan.com\/wp-content\/uploads\/2020\/07\/castell-de-sant-llorenc-sant-julia-vilatorta-paint-960x720.jpg 960w, https:\/\/www.willysplan.com\/wp-content\/uploads\/2020\/07\/castell-de-sant-llorenc-sant-julia-vilatorta-paint-533x400.jpg 533w, https:\/\/www.willysplan.com\/wp-content\/uploads\/2020\/07\/castell-de-sant-llorenc-sant-julia-vilatorta-paint-585x439.jpg 585w, https:\/\/www.willysplan.com\/wp-content\/uploads\/2020\/07\/castell-de-sant-llorenc-sant-julia-vilatorta-paint-600x450.jpg 600w, https:\/\/www.willysplan.com\/wp-content\/uploads\/2020\/07\/castell-de-sant-llorenc-sant-julia-vilatorta-paint.jpg 1200w\" sizes=\"(max-width: 768px) 100vw, 768px\" \/>\t\t\t\t\t\t\t\t\t\t\t\t\t\t\t<\/div>\n\t\t\t\t<\/div>\n\t\t\t\t\t<\/div>\n\t\t<\/div>\n\t\t\t\t<div class=\"elementor-column elementor-col-50 elementor-top-column elementor-element elementor-element-87bb7fb\" data-id=\"87bb7fb\" data-element_type=\"column\">\n\t\t\t<div class=\"elementor-widget-wrap elementor-element-populated\">\n\t\t\t\t\t\t<div class=\"elementor-element elementor-element-d159e67 elementor-widget elementor-widget-image\" data-id=\"d159e67\" data-element_type=\"widget\" data-widget_type=\"image.default\">\n\t\t\t\t<div class=\"elementor-widget-container\">\n\t\t\t\t\t\t\t\t\t\t\t\t\t\t\t<img decoding=\"async\" width=\"768\" height=\"512\" src=\"https:\/\/www.willysplan.com\/wp-content\/uploads\/2020\/06\/castell-de-sant-lloren\u00e7-st-julia-vilatorta.jpg\" class=\"attachment-medium_large size-medium_large wp-image-12305\" alt=\"\" \/>\t\t\t\t\t\t\t\t\t\t\t\t\t\t\t<\/div>\n\t\t\t\t<\/div>\n\t\t\t\t\t<\/div>\n\t\t<\/div>\n\t\t\t\t\t<\/div>\n\t\t<\/section>\n\t\t\t\t<section class=\"elementor-section elementor-top-section elementor-element elementor-element-4e88c10 elementor-section-boxed elementor-section-height-default elementor-section-height-default\" data-id=\"4e88c10\" data-element_type=\"section\">\n\t\t\t\t\t\t<div class=\"elementor-container elementor-column-gap-default\">\n\t\t\t\t\t<div class=\"elementor-column elementor-col-100 elementor-top-column elementor-element elementor-element-8ccc3a4\" data-id=\"8ccc3a4\" data-element_type=\"column\">\n\t\t\t<div class=\"elementor-widget-wrap elementor-element-populated\">\n\t\t\t\t\t\t<div class=\"elementor-element elementor-element-39dc59f elementor-widget elementor-widget-text-editor\" data-id=\"39dc59f\" data-element_type=\"widget\" data-widget_type=\"text-editor.default\">\n\t\t\t\t<div class=\"elementor-widget-container\">\n\t\t\t\t\t\t\t\t\t<p>El <strong>Monestir de Sant Lloren\u00e7<\/strong><strong>,  <\/strong>\u00e9s un dels primers monestirs de <strong>Catalunya<\/strong> i \u00e9s ara per ara una dels recintes espirituals m\u00e9s visitats a <strong>Guardiola de Bergued\u00e0.<\/strong> Inicialment el <strong>Monestir de Sant Lloren\u00e7 <\/strong>va servir com a temple sagrat indoeuropeu i era just en aquest lloc on se celebraven totes les experi\u00e8ncies religioses diversos segles enrere. Despr\u00e9s van ser els romans els que van decidir conservar la seva estructura en el moment des de la seva adquisici\u00f3. M\u00e9s endavant va pert\u00e0nyer a l&#8217;antiga esgl\u00e9sia visigoda, m\u00e9s cap a l&#8217;any 800. Fins a arribar a convertir-se en all\u00f2 que \u00e9s avui dia: un centre cultural per al desenvolupament i futur de Catalunya.<\/p>\n<p>L\u00b4espai patrimonial es conserva en molt bon estat. Des de la seva remodelaci\u00f3, rep un sense nombre de persones locals i turistes; que busquen les ofertes de recreaci\u00f3 compartida que aquest incre\u00efble centre ofereix.<\/p>\n<p>Si voleu gaudir de les activitats del <strong>Monestir de Sant Lloren\u00e7,<\/strong> no oblideu consultar la programaci\u00f3 cultural que es troba publicada al seu lloc web, aix\u00ed podreu con\u00e8ixer quines activitats es realitzaran el dia de la vostra visita.<\/p>\n\t\t\t\t\t\t\t\t<\/div>\n\t\t\t\t<\/div>\n\t\t\t\t\t<\/div>\n\t\t<\/div>\n\t\t\t\t\t<\/div>\n\t\t<\/section>\n\t\t\t\t<section class=\"elementor-section elementor-top-section elementor-element elementor-element-cf26dc9 elementor-section-boxed elementor-section-height-default elementor-section-height-default\" data-id=\"cf26dc9\" data-element_type=\"section\">\n\t\t\t\t\t\t<div class=\"elementor-container elementor-column-gap-default\">\n\t\t\t\t\t<div class=\"elementor-column elementor-col-100 elementor-top-column elementor-element elementor-element-5689fda\" data-id=\"5689fda\" data-element_type=\"column\">\n\t\t\t<div class=\"elementor-widget-wrap elementor-element-populated\">\n\t\t\t\t\t\t<div class=\"elementor-element elementor-element-ec10ffc elementor-widget elementor-widget-heading\" data-id=\"ec10ffc\" data-element_type=\"widget\" data-widget_type=\"heading.default\">\n\t\t\t\t<div class=\"elementor-widget-container\">\n\t\t\t\t\t<h2 class=\"elementor-heading-title elementor-size-default\">Salt de la Minyona<\/h2>\t\t\t\t<\/div>\n\t\t\t\t<\/div>\n\t\t\t\t\t<\/div>\n\t\t<\/div>\n\t\t\t\t\t<\/div>\n\t\t<\/section>\n\t\t\t\t<section class=\"elementor-section elementor-top-section elementor-element elementor-element-9ca4401 elementor-section-boxed elementor-section-height-default elementor-section-height-default\" data-id=\"9ca4401\" data-element_type=\"section\">\n\t\t\t\t\t\t<div class=\"elementor-container elementor-column-gap-default\">\n\t\t\t\t\t<div class=\"elementor-column elementor-col-50 elementor-top-column elementor-element elementor-element-824143d\" data-id=\"824143d\" data-element_type=\"column\">\n\t\t\t<div class=\"elementor-widget-wrap elementor-element-populated\">\n\t\t\t\t\t\t<div class=\"elementor-element elementor-element-14928ac elementor-widget elementor-widget-image\" data-id=\"14928ac\" data-element_type=\"widget\" data-widget_type=\"image.default\">\n\t\t\t\t<div class=\"elementor-widget-container\">\n\t\t\t\t\t\t\t\t\t\t\t\t\t\t\t<img fetchpriority=\"high\" decoding=\"async\" width=\"768\" height=\"576\" src=\"https:\/\/www.willysplan.com\/wp-content\/uploads\/2020\/07\/salt-de-la-minyona2-768x576.jpg\" class=\"attachment-medium_large size-medium_large wp-image-13579\" alt=\"\" srcset=\"https:\/\/www.willysplan.com\/wp-content\/uploads\/2020\/07\/salt-de-la-minyona2-768x576.jpg 768w, https:\/\/www.willysplan.com\/wp-content\/uploads\/2020\/07\/salt-de-la-minyona2-300x225.jpg 300w, https:\/\/www.willysplan.com\/wp-content\/uploads\/2020\/07\/salt-de-la-minyona2-1024x768.jpg 1024w, https:\/\/www.willysplan.com\/wp-content\/uploads\/2020\/07\/salt-de-la-minyona2-760x570.jpg 760w, https:\/\/www.willysplan.com\/wp-content\/uploads\/2020\/07\/salt-de-la-minyona2-960x720.jpg 960w, https:\/\/www.willysplan.com\/wp-content\/uploads\/2020\/07\/salt-de-la-minyona2-533x400.jpg 533w, https:\/\/www.willysplan.com\/wp-content\/uploads\/2020\/07\/salt-de-la-minyona2-585x439.jpg 585w, https:\/\/www.willysplan.com\/wp-content\/uploads\/2020\/07\/salt-de-la-minyona2-600x450.jpg 600w, https:\/\/www.willysplan.com\/wp-content\/uploads\/2020\/07\/salt-de-la-minyona2.jpg 1200w\" sizes=\"(max-width: 768px) 100vw, 768px\" \/>\t\t\t\t\t\t\t\t\t\t\t\t\t\t\t<\/div>\n\t\t\t\t<\/div>\n\t\t\t\t\t<\/div>\n\t\t<\/div>\n\t\t\t\t<div class=\"elementor-column elementor-col-50 elementor-top-column elementor-element elementor-element-5b24e51\" data-id=\"5b24e51\" data-element_type=\"column\">\n\t\t\t<div class=\"elementor-widget-wrap elementor-element-populated\">\n\t\t\t\t\t\t<div class=\"elementor-element elementor-element-e6250d6 elementor-widget elementor-widget-image\" data-id=\"e6250d6\" data-element_type=\"widget\" data-widget_type=\"image.default\">\n\t\t\t\t<div class=\"elementor-widget-container\">\n\t\t\t\t\t\t\t\t\t\t\t\t\t\t\t<img loading=\"lazy\" decoding=\"async\" width=\"768\" height=\"424\" src=\"https:\/\/www.willysplan.com\/wp-content\/uploads\/2020\/07\/salt-de-la-minyona-ruta1-768x424.jpg\" class=\"attachment-medium_large size-medium_large wp-image-13583\" alt=\"\" srcset=\"https:\/\/www.willysplan.com\/wp-content\/uploads\/2020\/07\/salt-de-la-minyona-ruta1-768x424.jpg 768w, https:\/\/www.willysplan.com\/wp-content\/uploads\/2020\/07\/salt-de-la-minyona-ruta1-300x166.jpg 300w, https:\/\/www.willysplan.com\/wp-content\/uploads\/2020\/07\/salt-de-la-minyona-ruta1-960x530.jpg 960w, https:\/\/www.willysplan.com\/wp-content\/uploads\/2020\/07\/salt-de-la-minyona-ruta1-725x400.jpg 725w, https:\/\/www.willysplan.com\/wp-content\/uploads\/2020\/07\/salt-de-la-minyona-ruta1-585x323.jpg 585w, https:\/\/www.willysplan.com\/wp-content\/uploads\/2020\/07\/salt-de-la-minyona-ruta1-600x331.jpg 600w, https:\/\/www.willysplan.com\/wp-content\/uploads\/2020\/07\/salt-de-la-minyona-ruta1.jpg 1002w\" sizes=\"(max-width: 768px) 100vw, 768px\" \/>\t\t\t\t\t\t\t\t\t\t\t\t\t\t\t<\/div>\n\t\t\t\t<\/div>\n\t\t\t\t\t<\/div>\n\t\t<\/div>\n\t\t\t\t\t<\/div>\n\t\t<\/section>\n\t\t\t\t<section class=\"elementor-section elementor-top-section elementor-element elementor-element-090337d elementor-section-boxed elementor-section-height-default elementor-section-height-default\" data-id=\"090337d\" data-element_type=\"section\">\n\t\t\t\t\t\t<div class=\"elementor-container elementor-column-gap-default\">\n\t\t\t\t\t<div class=\"elementor-column elementor-col-100 elementor-top-column elementor-element elementor-element-10259a1\" data-id=\"10259a1\" data-element_type=\"column\">\n\t\t\t<div class=\"elementor-widget-wrap elementor-element-populated\">\n\t\t\t\t\t\t<div class=\"elementor-element elementor-element-67842ef elementor-widget elementor-widget-text-editor\" data-id=\"67842ef\" data-element_type=\"widget\" data-widget_type=\"text-editor.default\">\n\t\t\t\t<div class=\"elementor-widget-container\">\n\t\t\t\t\t\t\t\t\t<p>La nostra segona parada ser\u00e0 al <strong>Salt de la Minyona,<\/strong> un petit mirador ubicat a l&#8217;altipl\u00e0 de les <strong>Guilleries.<\/strong> Aquesta cinglera es va anar formant d&#8217;algunes variacions geol\u00f2giques del terreny, fins a prendre el buit i l&#8217;al\u00e7ada que t\u00e9 avui dia.<\/p>\n<p>El f\u00e0cil acc\u00e9s permet l&#8217;entrada de molts turistes i locals durant tot l&#8217;any. A m\u00e9s, la seva carretera \u00e9s apta per pujar amb cotxe, per la qual cosa \u00e9s una molt bona alternativa si no es vol anar a peu.<\/p>\n<p>Si prenem la ruta a peu, que \u00e9s sens dubte la nostra recomanada. Ens trobarem una petita capella que acull una est\u00e0tua de la verge. Aquest petit temple tallat d&#8217;una pedra enorme que va anar prenent forma, fins a convertir-se en aquest bonic altar.<\/p>\n<p>Per\u00f2 all\u00f2 que realment impacta d&#8217;aquest lloc, s\u00f3n les vistes meravelloses que ens regala. Des d&#8217;aqu\u00ed es pot veure gran part de les Guilleries i el gran altipl\u00e0 que l&#8217;envolta. Per cert com a dada curiosa, pregunta per la prosa \u201cla nina del cingle\u201d. Una obra liter\u00e0ria que fa refer\u00e8ncia a la llegenda popular daquest lloc.<\/p>\n\t\t\t\t\t\t\t\t<\/div>\n\t\t\t\t<\/div>\n\t\t\t\t\t<\/div>\n\t\t<\/div>\n\t\t\t\t\t<\/div>\n\t\t<\/section>\n\t\t\t\t<section class=\"elementor-section elementor-top-section elementor-element elementor-element-c34e060 elementor-section-boxed elementor-section-height-default elementor-section-height-default\" data-id=\"c34e060\" data-element_type=\"section\">\n\t\t\t\t\t\t<div class=\"elementor-container elementor-column-gap-default\">\n\t\t\t\t\t<div class=\"elementor-column elementor-col-100 elementor-top-column elementor-element elementor-element-e81ecc9\" data-id=\"e81ecc9\" data-element_type=\"column\">\n\t\t\t<div class=\"elementor-widget-wrap elementor-element-populated\">\n\t\t\t\t\t\t<div class=\"elementor-element elementor-element-ba75c32 elementor-widget elementor-widget-heading\" data-id=\"ba75c32\" data-element_type=\"widget\" data-widget_type=\"heading.default\">\n\t\t\t\t<div class=\"elementor-widget-container\">\n\t\t\t\t\t<h2 class=\"elementor-heading-title elementor-size-default\">Puig del Far<\/h2>\t\t\t\t<\/div>\n\t\t\t\t<\/div>\n\t\t\t\t\t<\/div>\n\t\t<\/div>\n\t\t\t\t\t<\/div>\n\t\t<\/section>\n\t\t\t\t<section class=\"elementor-section elementor-top-section elementor-element elementor-element-75067e7 elementor-section-boxed elementor-section-height-default elementor-section-height-default\" data-id=\"75067e7\" data-element_type=\"section\">\n\t\t\t\t\t\t<div class=\"elementor-container elementor-column-gap-default\">\n\t\t\t\t\t<div class=\"elementor-column elementor-col-50 elementor-top-column elementor-element elementor-element-715ce37\" data-id=\"715ce37\" data-element_type=\"column\">\n\t\t\t<div class=\"elementor-widget-wrap elementor-element-populated\">\n\t\t\t\t\t\t<div class=\"elementor-element elementor-element-2d22e76 elementor-widget elementor-widget-image\" data-id=\"2d22e76\" data-element_type=\"widget\" data-widget_type=\"image.default\">\n\t\t\t\t<div class=\"elementor-widget-container\">\n\t\t\t\t\t\t\t\t\t\t\t\t\t\t\t<img loading=\"lazy\" decoding=\"async\" width=\"463\" height=\"391\" src=\"https:\/\/www.willysplan.com\/wp-content\/uploads\/2020\/07\/puig-del-far1.jpg\" class=\"attachment-medium_large size-medium_large wp-image-13577\" alt=\"\" srcset=\"https:\/\/www.willysplan.com\/wp-content\/uploads\/2020\/07\/puig-del-far1.jpg 463w, https:\/\/www.willysplan.com\/wp-content\/uploads\/2020\/07\/puig-del-far1-300x253.jpg 300w\" sizes=\"(max-width: 463px) 100vw, 463px\" \/>\t\t\t\t\t\t\t\t\t\t\t\t\t\t\t<\/div>\n\t\t\t\t<\/div>\n\t\t\t\t\t<\/div>\n\t\t<\/div>\n\t\t\t\t<div class=\"elementor-column elementor-col-50 elementor-top-column elementor-element elementor-element-c7a75f0\" data-id=\"c7a75f0\" data-element_type=\"column\">\n\t\t\t<div class=\"elementor-widget-wrap elementor-element-populated\">\n\t\t\t\t\t\t<div class=\"elementor-element elementor-element-03c58e4 elementor-widget elementor-widget-image\" data-id=\"03c58e4\" data-element_type=\"widget\" data-widget_type=\"image.default\">\n\t\t\t\t<div class=\"elementor-widget-container\">\n\t\t\t\t\t\t\t\t\t\t\t\t\t\t\t<img loading=\"lazy\" decoding=\"async\" width=\"768\" height=\"406\" src=\"https:\/\/www.willysplan.com\/wp-content\/uploads\/2020\/07\/puig-del-far-ruta1-768x406.jpg\" class=\"attachment-medium_large size-medium_large wp-image-13585\" alt=\"\" srcset=\"https:\/\/www.willysplan.com\/wp-content\/uploads\/2020\/07\/puig-del-far-ruta1-768x406.jpg 768w, https:\/\/www.willysplan.com\/wp-content\/uploads\/2020\/07\/puig-del-far-ruta1-300x158.jpg 300w, https:\/\/www.willysplan.com\/wp-content\/uploads\/2020\/07\/puig-del-far-ruta1-1024x541.jpg 1024w, https:\/\/www.willysplan.com\/wp-content\/uploads\/2020\/07\/puig-del-far-ruta1-960x507.jpg 960w, https:\/\/www.willysplan.com\/wp-content\/uploads\/2020\/07\/puig-del-far-ruta1-757x400.jpg 757w, https:\/\/www.willysplan.com\/wp-content\/uploads\/2020\/07\/puig-del-far-ruta1-585x309.jpg 585w, https:\/\/www.willysplan.com\/wp-content\/uploads\/2020\/07\/puig-del-far-ruta1-600x317.jpg 600w, https:\/\/www.willysplan.com\/wp-content\/uploads\/2020\/07\/puig-del-far-ruta1.jpg 1051w\" sizes=\"(max-width: 768px) 100vw, 768px\" \/>\t\t\t\t\t\t\t\t\t\t\t\t\t\t\t<\/div>\n\t\t\t\t<\/div>\n\t\t\t\t\t<\/div>\n\t\t<\/div>\n\t\t\t\t\t<\/div>\n\t\t<\/section>\n\t\t\t\t<section class=\"elementor-section elementor-top-section elementor-element elementor-element-c270963 elementor-section-boxed elementor-section-height-default elementor-section-height-default\" data-id=\"c270963\" data-element_type=\"section\">\n\t\t\t\t\t\t<div class=\"elementor-container elementor-column-gap-default\">\n\t\t\t\t\t<div class=\"elementor-column elementor-col-100 elementor-top-column elementor-element elementor-element-765432f\" data-id=\"765432f\" data-element_type=\"column\">\n\t\t\t<div class=\"elementor-widget-wrap elementor-element-populated\">\n\t\t\t\t\t\t<div class=\"elementor-element elementor-element-afe3043 elementor-widget elementor-widget-text-editor\" data-id=\"afe3043\" data-element_type=\"widget\" data-widget_type=\"text-editor.default\">\n\t\t\t\t<div class=\"elementor-widget-container\">\n\t\t\t\t\t\t\t\t\t<p><strong>Puig del Far<\/strong> \u00e9s una altra de les nostres destinacions tur\u00edstiques en aquest Willy\u00b4s pla. Aquesta muntanya situada a <strong>Vilanova de Sau,<\/strong> a prop del <strong>pant\u00e0 de Sau.<\/strong> <\/p>\n<p>La pujada a aquest lloc en molt senzilla de fer i no pren molt de temps. El cim \u00e9s una aut\u00e8ntica estructura de pedra massissa, desenvolupada despr\u00e9s de patir diverses transformacions geol\u00f2giques en els seus tres tipus de roques: gresos, sorrenques i calc\u00e0ries.<\/p>\n<p>La <strong>Muntanya Far,<\/strong> com tamb\u00e9 \u00e9s cridat. Convida a veure unes panor\u00e0miques espectaculars cap al Montseny i el Pirineu catal\u00e0. Com que \u00e9s l&#8217;\u00faltim lloc del nostre pla, ens prendrem temps suficient per veure un bonic capvespre i prendre els entrepans i les begudes que preparem.<\/p>\n\t\t\t\t\t\t\t\t<\/div>\n\t\t\t\t<\/div>\n\t\t\t\t\t<\/div>\n\t\t<\/div>\n\t\t\t\t\t<\/div>\n\t\t<\/section>\n\t\t\t\t<section class=\"elementor-section elementor-top-section elementor-element elementor-element-e67988f elementor-section-boxed elementor-section-height-default elementor-section-height-default\" data-id=\"e67988f\" data-element_type=\"section\">\n\t\t\t\t\t\t<div class=\"elementor-container elementor-column-gap-default\">\n\t\t\t\t\t<div class=\"elementor-column elementor-col-100 elementor-top-column elementor-element elementor-element-d037b76\" data-id=\"d037b76\" data-element_type=\"column\">\n\t\t\t<div class=\"elementor-widget-wrap elementor-element-populated\">\n\t\t\t\t\t\t<div class=\"elementor-element elementor-element-2ee7cc8 elementor-widget elementor-widget-heading\" data-id=\"2ee7cc8\" data-element_type=\"widget\" data-widget_type=\"heading.default\">\n\t\t\t\t<div class=\"elementor-widget-container\">\n\t\t\t\t\t<h2 class=\"elementor-heading-title elementor-size-default\">Altres rutes que tamb\u00e9 et poden interessar...<\/h2>\t\t\t\t<\/div>\n\t\t\t\t<\/div>\n\t\t\t\t\t<\/div>\n\t\t<\/div>\n\t\t\t\t\t<\/div>\n\t\t<\/section>\n\t\t\t\t<section class=\"elementor-section elementor-top-section elementor-element elementor-element-10e8c30 elementor-section-boxed elementor-section-height-default elementor-section-height-default\" data-id=\"10e8c30\" data-element_type=\"section\">\n\t\t\t\t\t\t<div class=\"elementor-container elementor-column-gap-default\">\n\t\t\t\t\t<div class=\"elementor-column elementor-col-100 elementor-top-column elementor-element elementor-element-9d39e34\" data-id=\"9d39e34\" data-element_type=\"column\">\n\t\t\t<div class=\"elementor-widget-wrap elementor-element-populated\">\n\t\t\t\t\t\t<div class=\"elementor-element elementor-element-659a954 elementor-grid-4 elementor-grid-tablet-2 elementor-grid-mobile-1 elementor-posts--thumbnail-top elementor-widget elementor-widget-posts\" data-id=\"659a954\" data-element_type=\"widget\" data-settings=\"{&quot;classic_columns&quot;:&quot;4&quot;,&quot;classic_columns_tablet&quot;:&quot;2&quot;,&quot;classic_columns_mobile&quot;:&quot;1&quot;,&quot;classic_row_gap&quot;:{&quot;unit&quot;:&quot;px&quot;,&quot;size&quot;:35,&quot;sizes&quot;:[]},&quot;classic_row_gap_tablet&quot;:{&quot;unit&quot;:&quot;px&quot;,&quot;size&quot;:&quot;&quot;,&quot;sizes&quot;:[]},&quot;classic_row_gap_mobile&quot;:{&quot;unit&quot;:&quot;px&quot;,&quot;size&quot;:&quot;&quot;,&quot;sizes&quot;:[]}}\" data-widget_type=\"posts.classic\">\n\t\t\t\t<div class=\"elementor-widget-container\">\n\t\t\t\t\t\t\t<div class=\"elementor-posts-container elementor-posts elementor-posts--skin-classic elementor-grid\" role=\"list\">\n\t\t\t\t<article class=\"elementor-post elementor-grid-item post-16065 post type-post status-publish format-standard has-post-thumbnail hentry category-rutes tag-rutas-barcelona-provincia tag-rutas-beget tag-rutas-berga tag-rutas-bergueda tag-rutas-castellar-de-nhug tag-rutas-cataluna\" role=\"listitem\">\n\t\t\t\t<a class=\"elementor-post__thumbnail__link\" href=\"https:\/\/www.willysplan.com\/ca\/rutes\/ruta-des-dels-jardins-artigas-a-castellar-de-nhug\" tabindex=\"-1\" >\n\t\t\t<div class=\"elementor-post__thumbnail\"><img loading=\"lazy\" decoding=\"async\" width=\"300\" height=\"300\" src=\"https:\/\/www.willysplan.com\/wp-content\/uploads\/2020\/07\/Jardins-artigas21-300x300.jpg\" class=\"attachment-medium size-medium wp-image-13691\" alt=\"\" srcset=\"https:\/\/www.willysplan.com\/wp-content\/uploads\/2020\/07\/Jardins-artigas21-300x300.jpg 300w, https:\/\/www.willysplan.com\/wp-content\/uploads\/2020\/07\/Jardins-artigas21-1024x1024.jpg 1024w, https:\/\/www.willysplan.com\/wp-content\/uploads\/2020\/07\/Jardins-artigas21-150x150.jpg 150w, https:\/\/www.willysplan.com\/wp-content\/uploads\/2020\/07\/Jardins-artigas21-768x768.jpg 768w, https:\/\/www.willysplan.com\/wp-content\/uploads\/2020\/07\/Jardins-artigas21-480x480.jpg 480w, https:\/\/www.willysplan.com\/wp-content\/uploads\/2020\/07\/Jardins-artigas21-280x280.jpg 280w, https:\/\/www.willysplan.com\/wp-content\/uploads\/2020\/07\/Jardins-artigas21-960x960.jpg 960w, https:\/\/www.willysplan.com\/wp-content\/uploads\/2020\/07\/Jardins-artigas21-400x400.jpg 400w, https:\/\/www.willysplan.com\/wp-content\/uploads\/2020\/07\/Jardins-artigas21-585x585.jpg 585w, https:\/\/www.willysplan.com\/wp-content\/uploads\/2020\/07\/Jardins-artigas21-600x600.jpg 600w, https:\/\/www.willysplan.com\/wp-content\/uploads\/2020\/07\/Jardins-artigas21-100x100.jpg 100w, https:\/\/www.willysplan.com\/wp-content\/uploads\/2020\/07\/Jardins-artigas21.jpg 1080w\" sizes=\"(max-width: 300px) 100vw, 300px\" \/><\/div>\n\t\t<\/a>\n\t\t\t\t<div class=\"elementor-post__text\">\n\t\t\t\t<h4 class=\"elementor-post__title\">\n\t\t\t<a href=\"https:\/\/www.willysplan.com\/ca\/rutes\/ruta-des-dels-jardins-artigas-a-castellar-de-nhug\" >\n\t\t\t\tRuta des dels Jardins Artigas a Castellar de N&#8217;hug\t\t\t<\/a>\n\t\t<\/h4>\n\t\t\t\t<\/div>\n\t\t\t\t<\/article>\n\t\t\t\t<\/div>\n\t\t\n\t\t\t\t\t\t<\/div>\n\t\t\t\t<\/div>\n\t\t\t\t\t<\/div>\n\t\t<\/div>\n\t\t\t\t\t<\/div>\n\t\t<\/section>\n\t\t\t\t<\/div>\n\t\t","protected":false},"excerpt":{"rendered":"<p>Donem-li la benvinguda a Osona , una de les comarques amb m\u00e9s encant natural i amb els paisatges m\u00e9s incre\u00efbles que veure a Girona .<\/p>\n","protected":false},"author":2,"featured_media":13577,"comment_status":"closed","ping_status":"closed","sticky":false,"template":"","format":"standard","meta":{"neve_meta_sidebar":"","neve_meta_container":"","neve_meta_enable_content_width":"","neve_meta_content_width":0,"neve_meta_title_alignment":"","neve_meta_author_avatar":"","neve_post_elements_order":"","neve_meta_disable_header":"","neve_meta_disable_footer":"","neve_meta_disable_title":"","_joinchat":[],"footnotes":""},"categories":[323],"tags":[372,360,402],"class_list":["post-16031","post","type-post","status-publish","format-standard","has-post-thumbnail","hentry","category-rutes","tag-rutes-barcelona-provincia","tag-rutes-catalunya","tag-rutes-osona"],"yoast_head":"<!-- This site is optimized with the Yoast SEO Premium plugin v20.1 (Yoast SEO v26.9) - https:\/\/yoast.com\/product\/yoast-seo-premium-wordpress\/ -->\n<title>Ruta des del Monestir de Sant Lloren\u00e7 al Puig del Far - Willy&#039;s pla<\/title>\n<meta name=\"description\" content=\"Descobreix una de les millors rutes per fer a Girona. Visita el Monestir de Sant Lloren\u00e7, el Salt de la Minyona i el Puig del Far. \u2705 Entra ara!\" \/>\n<meta name=\"robots\" content=\"index, follow, max-snippet:-1, max-image-preview:large, max-video-preview:-1\" \/>\n<link rel=\"canonical\" href=\"https:\/\/www.willysplan.com\/ca\/rutes\/ruta-des-del-monestir-de-sant-llorenc-al-puig-del-far\" \/>\n<meta property=\"og:locale\" content=\"ca_ES\" \/>\n<meta property=\"og:type\" content=\"article\" \/>\n<meta property=\"og:title\" content=\"Ruta des del Monestir de Sant Lloren\u00e7 al Puig del Far\" \/>\n<meta property=\"og:description\" content=\"Descobreix una de les millors rutes per fer a Girona. Visita el Monestir de Sant Lloren\u00e7, el Salt de la Minyona i el Puig del Far. \u2705 Entra ara!\" \/>\n<meta property=\"og:url\" content=\"https:\/\/www.willysplan.com\/ca\/rutes\/ruta-des-del-monestir-de-sant-llorenc-al-puig-del-far\" \/>\n<meta property=\"og:site_name\" content=\"Willy&#039;s Plan \ud83c\udf43\" \/>\n<meta property=\"article:published_time\" content=\"2020-07-11T19:59:50+00:00\" \/>\n<meta property=\"article:modified_time\" content=\"2023-01-03T20:36:49+00:00\" \/>\n<meta property=\"og:image\" content=\"https:\/\/www.willysplan.com\/wp-content\/uploads\/2020\/07\/puig-del-far1.jpg\" \/>\n\t<meta property=\"og:image:width\" content=\"463\" \/>\n\t<meta property=\"og:image:height\" content=\"391\" \/>\n\t<meta property=\"og:image:type\" content=\"image\/jpeg\" \/>\n<meta name=\"author\" content=\"Guillem Asensio\" \/>\n<meta name=\"twitter:card\" content=\"summary_large_image\" \/>\n<meta name=\"twitter:label1\" content=\"Escrit per\" \/>\n\t<meta name=\"twitter:data1\" content=\"Guillem Asensio\" \/>\n\t<meta name=\"twitter:label2\" content=\"Temps estimat de lectura\" \/>\n\t<meta name=\"twitter:data2\" content=\"4 minuts\" \/>\n<script type=\"application\/ld+json\" class=\"yoast-schema-graph\">{\"@context\":\"https:\/\/schema.org\",\"@graph\":[{\"@type\":\"Article\",\"@id\":\"https:\/\/www.willysplan.com\/ca\/rutes\/ruta-des-del-monestir-de-sant-llorenc-al-puig-del-far#article\",\"isPartOf\":{\"@id\":\"https:\/\/www.willysplan.com\/ca\/rutes\/ruta-des-del-monestir-de-sant-llorenc-al-puig-del-far\"},\"author\":{\"name\":\"Guillem Asensio\",\"@id\":\"https:\/\/www.willysplan.com\/#\/schema\/person\/6f2dbf2215cd25715df085907bd007c1\"},\"headline\":\"Ruta des del Monestir de Sant Lloren\u00e7 al Puig del Far\",\"datePublished\":\"2020-07-11T19:59:50+00:00\",\"dateModified\":\"2023-01-03T20:36:49+00:00\",\"mainEntityOfPage\":{\"@id\":\"https:\/\/www.willysplan.com\/ca\/rutes\/ruta-des-del-monestir-de-sant-llorenc-al-puig-del-far\"},\"wordCount\":777,\"publisher\":{\"@id\":\"https:\/\/www.willysplan.com\/#organization\"},\"image\":{\"@id\":\"https:\/\/www.willysplan.com\/ca\/rutes\/ruta-des-del-monestir-de-sant-llorenc-al-puig-del-far#primaryimage\"},\"thumbnailUrl\":\"https:\/\/www.willysplan.com\/wp-content\/uploads\/2020\/07\/puig-del-far1.jpg\",\"keywords\":[\"rutes barcelona prov\u00edncia\",\"rutes catalunya\",\"rutes osona\"],\"articleSection\":[\"rutes\"],\"inLanguage\":\"ca\"},{\"@type\":\"WebPage\",\"@id\":\"https:\/\/www.willysplan.com\/ca\/rutes\/ruta-des-del-monestir-de-sant-llorenc-al-puig-del-far\",\"url\":\"https:\/\/www.willysplan.com\/ca\/rutes\/ruta-des-del-monestir-de-sant-llorenc-al-puig-del-far\",\"name\":\"Ruta des del Monestir de Sant Lloren\u00e7 al Puig del Far - Willy's pla\",\"isPartOf\":{\"@id\":\"https:\/\/www.willysplan.com\/#website\"},\"primaryImageOfPage\":{\"@id\":\"https:\/\/www.willysplan.com\/ca\/rutes\/ruta-des-del-monestir-de-sant-llorenc-al-puig-del-far#primaryimage\"},\"image\":{\"@id\":\"https:\/\/www.willysplan.com\/ca\/rutes\/ruta-des-del-monestir-de-sant-llorenc-al-puig-del-far#primaryimage\"},\"thumbnailUrl\":\"https:\/\/www.willysplan.com\/wp-content\/uploads\/2020\/07\/puig-del-far1.jpg\",\"datePublished\":\"2020-07-11T19:59:50+00:00\",\"dateModified\":\"2023-01-03T20:36:49+00:00\",\"description\":\"Descobreix una de les millors rutes per fer a Girona. Visita el Monestir de Sant Lloren\u00e7, el Salt de la Minyona i el Puig del Far. \u2705 Entra ara!\",\"inLanguage\":\"ca\",\"potentialAction\":[{\"@type\":\"ReadAction\",\"target\":[\"https:\/\/www.willysplan.com\/ca\/rutes\/ruta-des-del-monestir-de-sant-llorenc-al-puig-del-far\"]}]},{\"@type\":\"ImageObject\",\"inLanguage\":\"ca\",\"@id\":\"https:\/\/www.willysplan.com\/ca\/rutes\/ruta-des-del-monestir-de-sant-llorenc-al-puig-del-far#primaryimage\",\"url\":\"https:\/\/www.willysplan.com\/wp-content\/uploads\/2020\/07\/puig-del-far1.jpg\",\"contentUrl\":\"https:\/\/www.willysplan.com\/wp-content\/uploads\/2020\/07\/puig-del-far1.jpg\",\"width\":463,\"height\":391},{\"@type\":\"WebSite\",\"@id\":\"https:\/\/www.willysplan.com\/#website\",\"url\":\"https:\/\/www.willysplan.com\/\",\"name\":\"Willy&#039;s Plan \ud83c\udf43\",\"description\":\"Escapadas y Planes de fin de semana\",\"publisher\":{\"@id\":\"https:\/\/www.willysplan.com\/#organization\"},\"potentialAction\":[{\"@type\":\"SearchAction\",\"target\":{\"@type\":\"EntryPoint\",\"urlTemplate\":\"https:\/\/www.willysplan.com\/?s={search_term_string}\"},\"query-input\":{\"@type\":\"PropertyValueSpecification\",\"valueRequired\":true,\"valueName\":\"search_term_string\"}}],\"inLanguage\":\"ca\"},{\"@type\":\"Organization\",\"@id\":\"https:\/\/www.willysplan.com\/#organization\",\"name\":\"Willy&#039;s Plan \ud83c\udf43\",\"url\":\"https:\/\/www.willysplan.com\/\",\"logo\":{\"@type\":\"ImageObject\",\"inLanguage\":\"ca\",\"@id\":\"https:\/\/www.willysplan.com\/#\/schema\/logo\/image\/\",\"url\":\"https:\/\/www.willysplan.com\/wp-content\/uploads\/2020\/04\/cropped-logo-1.png\",\"contentUrl\":\"https:\/\/www.willysplan.com\/wp-content\/uploads\/2020\/04\/cropped-logo-1.png\",\"width\":332,\"height\":332,\"caption\":\"Willy&#039;s Plan \ud83c\udf43\"},\"image\":{\"@id\":\"https:\/\/www.willysplan.com\/#\/schema\/logo\/image\/\"}},{\"@type\":\"Person\",\"@id\":\"https:\/\/www.willysplan.com\/#\/schema\/person\/6f2dbf2215cd25715df085907bd007c1\",\"name\":\"Guillem Asensio\",\"image\":{\"@type\":\"ImageObject\",\"inLanguage\":\"ca\",\"@id\":\"https:\/\/www.willysplan.com\/#\/schema\/person\/image\/\",\"url\":\"https:\/\/secure.gravatar.com\/avatar\/fd3f69da3e6cd8d451f6be79c127da046757b9a4c273deefb40b1291809cc787?s=96&d=mm&r=g\",\"contentUrl\":\"https:\/\/secure.gravatar.com\/avatar\/fd3f69da3e6cd8d451f6be79c127da046757b9a4c273deefb40b1291809cc787?s=96&d=mm&r=g\",\"caption\":\"Guillem Asensio\"},\"sameAs\":[\"https:\/\/willysplan.com\"],\"url\":\"https:\/\/www.willysplan.com\/ca\/author\/willy\"}]}<\/script>\n<!-- \/ Yoast SEO Premium plugin. -->","yoast_head_json":{"title":"Ruta des del Monestir de Sant Lloren\u00e7 al Puig del Far - Willy's pla","description":"Descobreix una de les millors rutes per fer a Girona. Visita el Monestir de Sant Lloren\u00e7, el Salt de la Minyona i el Puig del Far. \u2705 Entra ara!","robots":{"index":"index","follow":"follow","max-snippet":"max-snippet:-1","max-image-preview":"max-image-preview:large","max-video-preview":"max-video-preview:-1"},"canonical":"https:\/\/www.willysplan.com\/ca\/rutes\/ruta-des-del-monestir-de-sant-llorenc-al-puig-del-far","og_locale":"ca_ES","og_type":"article","og_title":"Ruta des del Monestir de Sant Lloren\u00e7 al Puig del Far","og_description":"Descobreix una de les millors rutes per fer a Girona. Visita el Monestir de Sant Lloren\u00e7, el Salt de la Minyona i el Puig del Far. \u2705 Entra ara!","og_url":"https:\/\/www.willysplan.com\/ca\/rutes\/ruta-des-del-monestir-de-sant-llorenc-al-puig-del-far","og_site_name":"Willy&#039;s Plan \ud83c\udf43","article_published_time":"2020-07-11T19:59:50+00:00","article_modified_time":"2023-01-03T20:36:49+00:00","og_image":[{"width":463,"height":391,"url":"https:\/\/www.willysplan.com\/wp-content\/uploads\/2020\/07\/puig-del-far1.jpg","type":"image\/jpeg"}],"author":"Guillem Asensio","twitter_card":"summary_large_image","twitter_misc":{"Escrit per":"Guillem Asensio","Temps estimat de lectura":"4 minuts"},"schema":{"@context":"https:\/\/schema.org","@graph":[{"@type":"Article","@id":"https:\/\/www.willysplan.com\/ca\/rutes\/ruta-des-del-monestir-de-sant-llorenc-al-puig-del-far#article","isPartOf":{"@id":"https:\/\/www.willysplan.com\/ca\/rutes\/ruta-des-del-monestir-de-sant-llorenc-al-puig-del-far"},"author":{"name":"Guillem Asensio","@id":"https:\/\/www.willysplan.com\/#\/schema\/person\/6f2dbf2215cd25715df085907bd007c1"},"headline":"Ruta des del Monestir de Sant Lloren\u00e7 al Puig del Far","datePublished":"2020-07-11T19:59:50+00:00","dateModified":"2023-01-03T20:36:49+00:00","mainEntityOfPage":{"@id":"https:\/\/www.willysplan.com\/ca\/rutes\/ruta-des-del-monestir-de-sant-llorenc-al-puig-del-far"},"wordCount":777,"publisher":{"@id":"https:\/\/www.willysplan.com\/#organization"},"image":{"@id":"https:\/\/www.willysplan.com\/ca\/rutes\/ruta-des-del-monestir-de-sant-llorenc-al-puig-del-far#primaryimage"},"thumbnailUrl":"https:\/\/www.willysplan.com\/wp-content\/uploads\/2020\/07\/puig-del-far1.jpg","keywords":["rutes barcelona prov\u00edncia","rutes catalunya","rutes osona"],"articleSection":["rutes"],"inLanguage":"ca"},{"@type":"WebPage","@id":"https:\/\/www.willysplan.com\/ca\/rutes\/ruta-des-del-monestir-de-sant-llorenc-al-puig-del-far","url":"https:\/\/www.willysplan.com\/ca\/rutes\/ruta-des-del-monestir-de-sant-llorenc-al-puig-del-far","name":"Ruta des del Monestir de Sant Lloren\u00e7 al Puig del Far - Willy's pla","isPartOf":{"@id":"https:\/\/www.willysplan.com\/#website"},"primaryImageOfPage":{"@id":"https:\/\/www.willysplan.com\/ca\/rutes\/ruta-des-del-monestir-de-sant-llorenc-al-puig-del-far#primaryimage"},"image":{"@id":"https:\/\/www.willysplan.com\/ca\/rutes\/ruta-des-del-monestir-de-sant-llorenc-al-puig-del-far#primaryimage"},"thumbnailUrl":"https:\/\/www.willysplan.com\/wp-content\/uploads\/2020\/07\/puig-del-far1.jpg","datePublished":"2020-07-11T19:59:50+00:00","dateModified":"2023-01-03T20:36:49+00:00","description":"Descobreix una de les millors rutes per fer a Girona. Visita el Monestir de Sant Lloren\u00e7, el Salt de la Minyona i el Puig del Far. \u2705 Entra ara!","inLanguage":"ca","potentialAction":[{"@type":"ReadAction","target":["https:\/\/www.willysplan.com\/ca\/rutes\/ruta-des-del-monestir-de-sant-llorenc-al-puig-del-far"]}]},{"@type":"ImageObject","inLanguage":"ca","@id":"https:\/\/www.willysplan.com\/ca\/rutes\/ruta-des-del-monestir-de-sant-llorenc-al-puig-del-far#primaryimage","url":"https:\/\/www.willysplan.com\/wp-content\/uploads\/2020\/07\/puig-del-far1.jpg","contentUrl":"https:\/\/www.willysplan.com\/wp-content\/uploads\/2020\/07\/puig-del-far1.jpg","width":463,"height":391},{"@type":"WebSite","@id":"https:\/\/www.willysplan.com\/#website","url":"https:\/\/www.willysplan.com\/","name":"Willy&#039;s Plan \ud83c\udf43","description":"Escapadas y Planes de fin de semana","publisher":{"@id":"https:\/\/www.willysplan.com\/#organization"},"potentialAction":[{"@type":"SearchAction","target":{"@type":"EntryPoint","urlTemplate":"https:\/\/www.willysplan.com\/?s={search_term_string}"},"query-input":{"@type":"PropertyValueSpecification","valueRequired":true,"valueName":"search_term_string"}}],"inLanguage":"ca"},{"@type":"Organization","@id":"https:\/\/www.willysplan.com\/#organization","name":"Willy&#039;s Plan \ud83c\udf43","url":"https:\/\/www.willysplan.com\/","logo":{"@type":"ImageObject","inLanguage":"ca","@id":"https:\/\/www.willysplan.com\/#\/schema\/logo\/image\/","url":"https:\/\/www.willysplan.com\/wp-content\/uploads\/2020\/04\/cropped-logo-1.png","contentUrl":"https:\/\/www.willysplan.com\/wp-content\/uploads\/2020\/04\/cropped-logo-1.png","width":332,"height":332,"caption":"Willy&#039;s Plan \ud83c\udf43"},"image":{"@id":"https:\/\/www.willysplan.com\/#\/schema\/logo\/image\/"}},{"@type":"Person","@id":"https:\/\/www.willysplan.com\/#\/schema\/person\/6f2dbf2215cd25715df085907bd007c1","name":"Guillem Asensio","image":{"@type":"ImageObject","inLanguage":"ca","@id":"https:\/\/www.willysplan.com\/#\/schema\/person\/image\/","url":"https:\/\/secure.gravatar.com\/avatar\/fd3f69da3e6cd8d451f6be79c127da046757b9a4c273deefb40b1291809cc787?s=96&d=mm&r=g","contentUrl":"https:\/\/secure.gravatar.com\/avatar\/fd3f69da3e6cd8d451f6be79c127da046757b9a4c273deefb40b1291809cc787?s=96&d=mm&r=g","caption":"Guillem Asensio"},"sameAs":["https:\/\/willysplan.com"],"url":"https:\/\/www.willysplan.com\/ca\/author\/willy"}]}},"_links":{"self":[{"href":"https:\/\/www.willysplan.com\/ca\/wp-json\/wp\/v2\/posts\/16031","targetHints":{"allow":["GET"]}}],"collection":[{"href":"https:\/\/www.willysplan.com\/ca\/wp-json\/wp\/v2\/posts"}],"about":[{"href":"https:\/\/www.willysplan.com\/ca\/wp-json\/wp\/v2\/types\/post"}],"author":[{"embeddable":true,"href":"https:\/\/www.willysplan.com\/ca\/wp-json\/wp\/v2\/users\/2"}],"replies":[{"embeddable":true,"href":"https:\/\/www.willysplan.com\/ca\/wp-json\/wp\/v2\/comments?post=16031"}],"version-history":[{"count":2,"href":"https:\/\/www.willysplan.com\/ca\/wp-json\/wp\/v2\/posts\/16031\/revisions"}],"predecessor-version":[{"id":16042,"href":"https:\/\/www.willysplan.com\/ca\/wp-json\/wp\/v2\/posts\/16031\/revisions\/16042"}],"wp:featuredmedia":[{"embeddable":true,"href":"https:\/\/www.willysplan.com\/ca\/wp-json\/wp\/v2\/media\/13577"}],"wp:attachment":[{"href":"https:\/\/www.willysplan.com\/ca\/wp-json\/wp\/v2\/media?parent=16031"}],"wp:term":[{"taxonomy":"category","embeddable":true,"href":"https:\/\/www.willysplan.com\/ca\/wp-json\/wp\/v2\/categories?post=16031"},{"taxonomy":"post_tag","embeddable":true,"href":"https:\/\/www.willysplan.com\/ca\/wp-json\/wp\/v2\/tags?post=16031"}],"curies":[{"name":"wp","href":"https:\/\/api.w.org\/{rel}","templated":true}]}}