{"id":16010,"date":"2020-07-11T18:59:29","date_gmt":"2020-07-11T17:59:29","guid":{"rendered":"https:\/\/willysplan.com\/uncategorized-ca\/ruta-i-excursio-pel-congost-de-montrebei"},"modified":"2023-03-23T07:32:37","modified_gmt":"2023-03-23T06:32:37","slug":"ruta-i-excursio-pel-congost-de-montrebei","status":"publish","type":"post","link":"https:\/\/www.willysplan.com\/ca\/rutes\/ruta-i-excursio-pel-congost-de-montrebei","title":{"rendered":"Ruta i excursi\u00f3 pel Congost de Montrebei"},"content":{"rendered":"\t\t<div data-elementor-type=\"wp-post\" data-elementor-id=\"16010\" class=\"elementor elementor-16010 elementor-1796\" data-elementor-post-type=\"post\">\n\t\t\t\t\t\t<section class=\"elementor-section elementor-top-section elementor-element elementor-element-f4c69cc elementor-section-boxed elementor-section-height-default elementor-section-height-default\" data-id=\"f4c69cc\" data-element_type=\"section\">\n\t\t\t\t\t\t<div class=\"elementor-container elementor-column-gap-default\">\n\t\t\t\t\t<div class=\"elementor-column elementor-col-50 elementor-top-column elementor-element elementor-element-164a862\" data-id=\"164a862\" data-element_type=\"column\">\n\t\t\t<div class=\"elementor-widget-wrap elementor-element-populated\">\n\t\t\t\t\t\t<div class=\"elementor-element elementor-element-29bc239 elementor-widget elementor-widget-text-editor\" data-id=\"29bc239\" data-element_type=\"widget\" data-widget_type=\"text-editor.default\">\n\t\t\t\t<div class=\"elementor-widget-container\">\n\t\t\t\t\t\t\t\t\t<p>Aquest espectacular parc natural ubicat entre les comarques de <strong>Ribagor\u00e7a<\/strong> i el <strong>Pallars Juss\u00e0<\/strong> \u00e9s de visita obligada. La <b>ruta pel<\/b> <strong>Congost de Montrebei<\/strong> \u00e9s una de les m\u00e9s incre\u00efbles de la zona, ja que es troba en una de les nostres reserves naturals preferides, i un lloc imperdible si cerques <a href=\"https:\/\/www.willysplan.com\/rutas\/lleida-provincia\">rutes i excursions a la prov\u00edncia de Lleida<\/a>, i per descomptat, una de les <a href=\"https:\/\/www.willysplan.com\/rutas\/cataluna\">millors excursions a fer a Catalunya<\/a>.<\/p>\n<p style=\"background-color: #ffffff;\">Aquesta ruta recorre el parc natural des de l&#8217; <span style=\"font-weight: bold;\">aparcament &#8220;La Masieta&#8221;<\/span> (on deixarem el nostre cotxe o moto) i comen\u00e7arem l&#8217;aventura, vorejant el riu del <span style=\"font-weight: bold;\">Congost de mont-rebei,<\/span> fins arribar a <span style=\"font-weight: bold;\">les Passarel\u00b7les de Mont-falc\u00f3 o congost de Mont- rebei.<\/span><\/p>\n<p style=\"background-color: #ffffff;\">El viatge inicia a l&#8217; <span style=\"font-weight: bold;\">aparcament &#8220;La Masieta&#8221;<\/span> , on trobar\u00e0s tota mena de panells senyalitzats per iniciar el cam\u00ed sense p\u00e8rdua d&#8217;alguna. Si partim d\u00b4aquest aparcament, trigarem uns 3,5 km o 1hr 45min cobrint el trajecte d\u00b4anada. Un cop all\u00e0 ens animarem a baixar <span style=\"font-weight: bold;\">les Passarel\u00b7les de Mont-falc\u00f3<\/span> : una intr\u00e8pida gesta que s&#8217;ha convertit en un dels referents m\u00e9s importants per al senderisme nacional.<\/p>\n\t\t\t\t\t\t\t\t<\/div>\n\t\t\t\t<\/div>\n\t\t\t\t\t<\/div>\n\t\t<\/div>\n\t\t\t\t<div class=\"elementor-column elementor-col-50 elementor-top-column elementor-element elementor-element-521aefb\" data-id=\"521aefb\" data-element_type=\"column\">\n\t\t\t<div class=\"elementor-widget-wrap elementor-element-populated\">\n\t\t\t\t\t\t<div class=\"elementor-element elementor-element-17e2607 elementor-widget elementor-widget-html\" data-id=\"17e2607\" data-element_type=\"widget\" data-widget_type=\"html.default\">\n\t\t\t\t<div class=\"elementor-widget-container\">\n\t\t\t\t\t<iframe src=\"https:\/\/www.google.com\/maps\/embed?pb=!1m18!1m12!1m3!1d12425.88353654192!2d0.6836682393584349!3d42.09715329592412!2m3!1f0!2f0!3f0!3m2!1i1024!2i768!4f13.1!3m3!1m2!1s0x12a64e6a9efaf43d%3A0x18e7868ac5ab0ff2!2sAparcamiento%20de%20la%20Masieta!5e0!3m2!1ses!2ses!4v1603174812445!5m2!1ses!2ses\" width=\"600\" height=\"450\" frameborder=\"0\" style=\"border:0;\" allowfullscreen=\"\" aria-hidden=\"false\" tabindex=\"0\"><\/iframe>\t\t\t\t<\/div>\n\t\t\t\t<\/div>\n\t\t\t\t\t<\/div>\n\t\t<\/div>\n\t\t\t\t\t<\/div>\n\t\t<\/section>\n\t\t\t\t<section class=\"elementor-section elementor-top-section elementor-element elementor-element-671cd3c elementor-section-boxed elementor-section-height-default elementor-section-height-default\" data-id=\"671cd3c\" data-element_type=\"section\">\n\t\t\t\t\t\t<div class=\"elementor-container elementor-column-gap-default\">\n\t\t\t\t\t<div class=\"elementor-column elementor-col-100 elementor-top-column elementor-element elementor-element-eaffc38\" data-id=\"eaffc38\" data-element_type=\"column\">\n\t\t\t<div class=\"elementor-widget-wrap elementor-element-populated\">\n\t\t\t\t\t\t<div class=\"elementor-element elementor-element-ac561a4 elementor-widget elementor-widget-text-editor\" data-id=\"ac561a4\" data-element_type=\"widget\" data-widget_type=\"text-editor.default\">\n\t\t\t\t<div class=\"elementor-widget-container\">\n\t\t\t\t\t\t\t\t\t<p><span style=\"color: var( --e-global-color-text ); font-family: var( --e-global-typography-text-font-family ); font-weight: var( --e-global-typography-text-font-weight );\">Per aquesta excursi\u00f3 de senderisme, us recomanem anar ben preparats. Una motxilla c\u00f2moda i sabates adequades faran m\u00e9s am\u00e8 el cam\u00ed. Igual que menjar i aigua suficient. A Willy\u00b4s pla ens agrada ser molt sincers, per aix\u00f2 no recomanem aquesta ruta per a gent que pateixi de vertigen, tingui por a les altures, aix\u00ed com persones que pateixin d&#8217;asma o es cansin molt r\u00e0pid: doncs encara que el cam\u00ed no \u00e9s res dif\u00edcil, s\u00ed que \u00e9s llarg i pot arribar a ser una mica fastidi\u00f3s si es fa a l&#8217;estiu en plena llum del sol.<\/span><\/p>\n\t\t\t\t\t\t\t\t<\/div>\n\t\t\t\t<\/div>\n\t\t\t\t\t<\/div>\n\t\t<\/div>\n\t\t\t\t\t<\/div>\n\t\t<\/section>\n\t\t\t\t<section class=\"elementor-section elementor-top-section elementor-element elementor-element-36fe8d4 elementor-section-boxed elementor-section-height-default elementor-section-height-default\" data-id=\"36fe8d4\" data-element_type=\"section\">\n\t\t\t\t\t\t<div class=\"elementor-container elementor-column-gap-default\">\n\t\t\t\t\t<div class=\"elementor-column elementor-col-100 elementor-top-column elementor-element elementor-element-da527a3\" data-id=\"da527a3\" data-element_type=\"column\">\n\t\t\t<div class=\"elementor-widget-wrap elementor-element-populated\">\n\t\t\t\t\t\t<div class=\"elementor-element elementor-element-005077d elementor-widget elementor-widget-heading\" data-id=\"005077d\" data-element_type=\"widget\" data-widget_type=\"heading.default\">\n\t\t\t\t<div class=\"elementor-widget-container\">\n\t\t\t\t\t<h2 class=\"elementor-heading-title elementor-size-default\">Aparcament \"La Masieta\"<\/h2>\t\t\t\t<\/div>\n\t\t\t\t<\/div>\n\t\t\t\t\t<\/div>\n\t\t<\/div>\n\t\t\t\t\t<\/div>\n\t\t<\/section>\n\t\t\t\t<section class=\"elementor-section elementor-top-section elementor-element elementor-element-39c50f9 elementor-section-boxed elementor-section-height-default elementor-section-height-default\" data-id=\"39c50f9\" data-element_type=\"section\">\n\t\t\t\t\t\t<div class=\"elementor-container elementor-column-gap-default\">\n\t\t\t\t\t<div class=\"elementor-column elementor-col-100 elementor-top-column elementor-element elementor-element-3adfcf7\" data-id=\"3adfcf7\" data-element_type=\"column\">\n\t\t\t<div class=\"elementor-widget-wrap elementor-element-populated\">\n\t\t\t\t\t\t<div class=\"elementor-element elementor-element-4b1d3b8 elementor-widget elementor-widget-image\" data-id=\"4b1d3b8\" data-element_type=\"widget\" data-widget_type=\"image.default\">\n\t\t\t\t<div class=\"elementor-widget-container\">\n\t\t\t\t\t\t\t\t\t\t\t\t\t\t\t<img fetchpriority=\"high\" decoding=\"async\" width=\"768\" height=\"511\" src=\"https:\/\/www.willysplan.com\/wp-content\/uploads\/2020\/06\/aparcamiento-la-masieta.jpg\" class=\"attachment-medium_large size-medium_large wp-image-12199\" alt=\"\" \/>\t\t\t\t\t\t\t\t\t\t\t\t\t\t\t<\/div>\n\t\t\t\t<\/div>\n\t\t\t\t\t<\/div>\n\t\t<\/div>\n\t\t\t\t\t<\/div>\n\t\t<\/section>\n\t\t\t\t<section class=\"elementor-section elementor-top-section elementor-element elementor-element-4e88c10 elementor-section-boxed elementor-section-height-default elementor-section-height-default\" data-id=\"4e88c10\" data-element_type=\"section\">\n\t\t\t\t\t\t<div class=\"elementor-container elementor-column-gap-default\">\n\t\t\t\t\t<div class=\"elementor-column elementor-col-100 elementor-top-column elementor-element elementor-element-8ccc3a4\" data-id=\"8ccc3a4\" data-element_type=\"column\">\n\t\t\t<div class=\"elementor-widget-wrap elementor-element-populated\">\n\t\t\t\t\t\t<div class=\"elementor-element elementor-element-39dc59f elementor-widget elementor-widget-text-editor\" data-id=\"39dc59f\" data-element_type=\"widget\" data-widget_type=\"text-editor.default\">\n\t\t\t\t<div class=\"elementor-widget-container\">\n\t\t\t\t\t\t\t\t\t<p>L&#8217; <strong>Aparcament \u201cLa Masieta\u201d<\/strong> \u00e9s el lloc ideal per iniciar la <strong>ruta del Congost de Montrebei.<\/strong> A m\u00e9s de ser el lloc m\u00e9s central i de f\u00e0cil acc\u00e9s, sol romandre obert tot l&#8217;any i ofereix una zona on poder deixar el nostre vehicle. Per poder aparcar, has de tenir en compte els punts seg\u00fcents: pel fet que al llarg del cam\u00ed d&#8217;1,5km fins arribar al p\u00e0rquing no est\u00e0 perm\u00e8s estacionar en cap dels dos sentits, recomanem que deixis el cotxe o moto en aquest p\u00e0rquing. Entre el 15 de juliol fins a l&#8217;11 de setembre, es considera temporada alta, i per tant el cost del p\u00e0rquing \u00e9s de 6\u20ac tot el dia. M\u00e9s informaci\u00f3 i reserves a la <a href=\"https:\/\/tickets.fundaciocatalunyalapedrera.com\/congostdemontrebei\/venda\/index.jsp?lang=2&amp;nom_cache=MONT-REBEI&amp;property=MONT-REBEI\" rel=\"nofollow\">web oficial de tiquets<\/a> .<\/p>\n<p>\u00c9s important tenir en compte que, per a l&#8217;entrada al parc i per a l&#8217;aparcament es tenen en compte uns horaris en concret, ja que \u00e9s una reserva protegida (els horaris del p\u00e0rquing de la masia es troben al link que us hem deixat a unes l\u00ednies m\u00e9s amunt). Aix\u00ed que si planeges sortir des d&#8217;aquest punt, has de calcular el temps que trigues a fer el recorregut complet de la ruta, que en general si surts al mat\u00ed et d\u00f3na temps de fer-ho de sobres.<\/p>\n<p>Per les rutes no us heu de preocupar. Al punt d&#8217;informaci\u00f3 hi ha mapes que condueixen a la gran majoria de llocs del parc i tamb\u00e9 podeu consultar la guia d&#8217;esports que podeu practicar en aquest lloc i els seus horaris. A m\u00e9s a m\u00e9s en temporada alta trobareu una oficina d&#8217;informaci\u00f3, on podreu preguntar sobre la ruta, deixant-vos aconsellar per professionals de la zona.<\/p>\n\t\t\t\t\t\t\t\t<\/div>\n\t\t\t\t<\/div>\n\t\t\t\t\t<\/div>\n\t\t<\/div>\n\t\t\t\t\t<\/div>\n\t\t<\/section>\n\t\t\t\t<section class=\"elementor-section elementor-top-section elementor-element elementor-element-672a691 elementor-section-boxed elementor-section-height-default elementor-section-height-default\" data-id=\"672a691\" data-element_type=\"section\">\n\t\t\t\t\t\t<div class=\"elementor-container elementor-column-gap-default\">\n\t\t\t\t\t<div class=\"elementor-column elementor-col-100 elementor-top-column elementor-element elementor-element-be4a80f\" data-id=\"be4a80f\" data-element_type=\"column\">\n\t\t\t<div class=\"elementor-widget-wrap elementor-element-populated\">\n\t\t\t\t\t\t<div class=\"elementor-element elementor-element-cf34062 elementor-align-center elementor-widget elementor-widget-button\" data-id=\"cf34062\" data-element_type=\"widget\" data-widget_type=\"button.default\">\n\t\t\t\t<div class=\"elementor-widget-container\">\n\t\t\t\t\t\t\t\t\t<div class=\"elementor-button-wrapper\">\n\t\t\t\t\t<a class=\"elementor-button elementor-button-link elementor-size-sm\" href=\"https:\/\/www.willysplan.com\/producto\/excursion-congost-montrebei\">\n\t\t\t\t\t\t<span class=\"elementor-button-content-wrapper\">\n\t\t\t\t\t\t\t\t\t<span class=\"elementor-button-text\">Excursi\u00f3 al Congost de Montrebei<\/span>\n\t\t\t\t\t<\/span>\n\t\t\t\t\t<\/a>\n\t\t\t\t<\/div>\n\t\t\t\t\t\t\t\t<\/div>\n\t\t\t\t<\/div>\n\t\t\t\t\t<\/div>\n\t\t<\/div>\n\t\t\t\t\t<\/div>\n\t\t<\/section>\n\t\t\t\t<section class=\"elementor-section elementor-top-section elementor-element elementor-element-cf26dc9 elementor-section-boxed elementor-section-height-default elementor-section-height-default\" data-id=\"cf26dc9\" data-element_type=\"section\">\n\t\t\t\t\t\t<div class=\"elementor-container elementor-column-gap-default\">\n\t\t\t\t\t<div class=\"elementor-column elementor-col-100 elementor-top-column elementor-element elementor-element-5689fda\" data-id=\"5689fda\" data-element_type=\"column\">\n\t\t\t<div class=\"elementor-widget-wrap elementor-element-populated\">\n\t\t\t\t\t\t<div class=\"elementor-element elementor-element-ec10ffc elementor-widget elementor-widget-heading\" data-id=\"ec10ffc\" data-element_type=\"widget\" data-widget_type=\"heading.default\">\n\t\t\t\t<div class=\"elementor-widget-container\">\n\t\t\t\t\t<h2 class=\"elementor-heading-title elementor-size-default\">Ruta del Congost de Mont-Rebei<\/h2>\t\t\t\t<\/div>\n\t\t\t\t<\/div>\n\t\t\t\t\t<\/div>\n\t\t<\/div>\n\t\t\t\t\t<\/div>\n\t\t<\/section>\n\t\t\t\t<section class=\"elementor-section elementor-top-section elementor-element elementor-element-9ca4401 elementor-section-boxed elementor-section-height-default elementor-section-height-default\" data-id=\"9ca4401\" data-element_type=\"section\">\n\t\t\t\t\t\t<div class=\"elementor-container elementor-column-gap-default\">\n\t\t\t\t\t<div class=\"elementor-column elementor-col-50 elementor-top-column elementor-element elementor-element-824143d\" data-id=\"824143d\" data-element_type=\"column\">\n\t\t\t<div class=\"elementor-widget-wrap elementor-element-populated\">\n\t\t\t\t\t\t<div class=\"elementor-element elementor-element-14928ac elementor-widget elementor-widget-image\" data-id=\"14928ac\" data-element_type=\"widget\" data-widget_type=\"image.default\">\n\t\t\t\t<div class=\"elementor-widget-container\">\n\t\t\t\t\t\t\t\t\t\t\t\t\t\t\t<img decoding=\"async\" width=\"560\" height=\"420\" src=\"https:\/\/www.willysplan.com\/wp-content\/uploads\/2020\/06\/excursion-congost-de-montrebei.jpg\" class=\"attachment-medium_large size-medium_large wp-image-12201\" alt=\"\" \/>\t\t\t\t\t\t\t\t\t\t\t\t\t\t\t<\/div>\n\t\t\t\t<\/div>\n\t\t\t\t\t<\/div>\n\t\t<\/div>\n\t\t\t\t<div class=\"elementor-column elementor-col-50 elementor-top-column elementor-element elementor-element-5b24e51\" data-id=\"5b24e51\" data-element_type=\"column\">\n\t\t\t<div class=\"elementor-widget-wrap elementor-element-populated\">\n\t\t\t\t\t\t<div class=\"elementor-element elementor-element-e6250d6 elementor-widget elementor-widget-image\" data-id=\"e6250d6\" data-element_type=\"widget\" data-widget_type=\"image.default\">\n\t\t\t\t<div class=\"elementor-widget-container\">\n\t\t\t\t\t\t\t\t\t\t\t\t\t\t\t<img decoding=\"async\" width=\"650\" height=\"488\" src=\"https:\/\/www.willysplan.com\/wp-content\/uploads\/2020\/06\/ruta-congost-de-montrebei.jpg\" class=\"attachment-medium_large size-medium_large wp-image-12203\" alt=\"\" \/>\t\t\t\t\t\t\t\t\t\t\t\t\t\t\t<\/div>\n\t\t\t\t<\/div>\n\t\t\t\t\t<\/div>\n\t\t<\/div>\n\t\t\t\t\t<\/div>\n\t\t<\/section>\n\t\t\t\t<section class=\"elementor-section elementor-top-section elementor-element elementor-element-090337d elementor-section-boxed elementor-section-height-default elementor-section-height-default\" data-id=\"090337d\" data-element_type=\"section\">\n\t\t\t\t\t\t<div class=\"elementor-container elementor-column-gap-default\">\n\t\t\t\t\t<div class=\"elementor-column elementor-col-100 elementor-top-column elementor-element elementor-element-10259a1\" data-id=\"10259a1\" data-element_type=\"column\">\n\t\t\t<div class=\"elementor-widget-wrap elementor-element-populated\">\n\t\t\t\t\t\t<div class=\"elementor-element elementor-element-67842ef elementor-widget elementor-widget-text-editor\" data-id=\"67842ef\" data-element_type=\"widget\" data-widget_type=\"text-editor.default\">\n\t\t\t\t<div class=\"elementor-widget-container\">\n\t\t\t\t\t\t\t\t\t<p>El <strong>Congost de Mont-Rebei<\/strong> \u00e9s una important reserva que serveix d&#8217;alberg a un gran nombre d&#8217;esp\u00e8cies rup\u00edcoles i voltors europeus, per la qual cosa est\u00e0 protegit i gestionat per la Fundaci\u00f3 de Catalunya \u2013 La pedrera que s&#8217;encarrega de la seva subsist\u00e8ncia i cura .<\/p>\n<p>El congost que recorre el <strong>riu Noguera de Ribagor\u00e7ana<\/strong> , \u00e9s el major atractiu del cam\u00ed pel Congost de Montrebei, a m\u00e9s de ser un riu genial per practicar esports extrems i gaudir de moltes aventures. Aix\u00ed doncs, ja us acabem de donar dues opcions per fer la ruta: a peu vorejant el riu, o amb caiac per l&#8217;aigua.<\/p>\n<p>En aquesta <strong>ruta del Congost de Montrebei<\/strong> ,<strong> <\/strong>us ensenyarem la forma m\u00e9s f\u00e0cil d&#8217;arribar a aquest paratge natural. Us advertim que aquesta ruta \u00e9s per a intr\u00e8pids. No hi ha ni carretera, ferrocarril o l\u00ednia el\u00e8ctrica que porti fins a aquest indret. Nom\u00e9s un petit cam\u00ed condueix al Congost de Montrebei, sens dubte un dels llocs m\u00e9s bonics que pugueu imaginar i que heu de veure si sou a la comarca de la Ribagor\u00e7a.<\/p>\n\t\t\t\t\t\t\t\t<\/div>\n\t\t\t\t<\/div>\n\t\t\t\t\t<\/div>\n\t\t<\/div>\n\t\t\t\t\t<\/div>\n\t\t<\/section>\n\t\t\t\t<section class=\"elementor-section elementor-top-section elementor-element elementor-element-c34e060 elementor-section-boxed elementor-section-height-default elementor-section-height-default\" data-id=\"c34e060\" data-element_type=\"section\">\n\t\t\t\t\t\t<div class=\"elementor-container elementor-column-gap-default\">\n\t\t\t\t\t<div class=\"elementor-column elementor-col-100 elementor-top-column elementor-element elementor-element-e81ecc9\" data-id=\"e81ecc9\" data-element_type=\"column\">\n\t\t\t<div class=\"elementor-widget-wrap elementor-element-populated\">\n\t\t\t\t\t\t<div class=\"elementor-element elementor-element-ba75c32 elementor-widget elementor-widget-heading\" data-id=\"ba75c32\" data-element_type=\"widget\" data-widget_type=\"heading.default\">\n\t\t\t\t<div class=\"elementor-widget-container\">\n\t\t\t\t\t<h2 class=\"elementor-heading-title elementor-size-default\">Passarel\u00b7les o congost de Mont-falc\u00f3<\/h2>\t\t\t\t<\/div>\n\t\t\t\t<\/div>\n\t\t\t\t\t<\/div>\n\t\t<\/div>\n\t\t\t\t\t<\/div>\n\t\t<\/section>\n\t\t\t\t<section class=\"elementor-section elementor-top-section elementor-element elementor-element-75067e7 elementor-section-boxed elementor-section-height-default elementor-section-height-default\" data-id=\"75067e7\" data-element_type=\"section\">\n\t\t\t\t\t\t<div class=\"elementor-container elementor-column-gap-default\">\n\t\t\t\t\t<div class=\"elementor-column elementor-col-100 elementor-top-column elementor-element elementor-element-715ce37\" data-id=\"715ce37\" data-element_type=\"column\">\n\t\t\t<div class=\"elementor-widget-wrap elementor-element-populated\">\n\t\t\t\t\t\t<div class=\"elementor-element elementor-element-2d22e76 elementor-widget elementor-widget-image\" data-id=\"2d22e76\" data-element_type=\"widget\" data-widget_type=\"image.default\">\n\t\t\t\t<div class=\"elementor-widget-container\">\n\t\t\t\t\t\t\t\t\t\t\t\t\t\t\t<img loading=\"lazy\" decoding=\"async\" width=\"768\" height=\"576\" src=\"https:\/\/www.willysplan.com\/wp-content\/uploads\/2020\/06\/pasarelas-de-mont-falco.jpg\" class=\"attachment-medium_large size-medium_large wp-image-12205\" alt=\"\" \/>\t\t\t\t\t\t\t\t\t\t\t\t\t\t\t<\/div>\n\t\t\t\t<\/div>\n\t\t\t\t\t<\/div>\n\t\t<\/div>\n\t\t\t\t\t<\/div>\n\t\t<\/section>\n\t\t\t\t<section class=\"elementor-section elementor-top-section elementor-element elementor-element-c270963 elementor-section-boxed elementor-section-height-default elementor-section-height-default\" data-id=\"c270963\" data-element_type=\"section\">\n\t\t\t\t\t\t<div class=\"elementor-container elementor-column-gap-default\">\n\t\t\t\t\t<div class=\"elementor-column elementor-col-100 elementor-top-column elementor-element elementor-element-765432f\" data-id=\"765432f\" data-element_type=\"column\">\n\t\t\t<div class=\"elementor-widget-wrap elementor-element-populated\">\n\t\t\t\t\t\t<div class=\"elementor-element elementor-element-afe3043 elementor-widget elementor-widget-text-editor\" data-id=\"afe3043\" data-element_type=\"widget\" data-widget_type=\"text-editor.default\">\n\t\t\t\t<div class=\"elementor-widget-container\">\n\t\t\t\t\t\t\t\t\t<p>Les <strong>Passarel\u00b7les de Montfalc\u00f3<\/strong> s\u00f3n sens dubte una de les atraccions m\u00e9s divertides i extremes d&#8217;aquest recorregut. Despr\u00e9s de caminar uns 2km per un corriol acollidor i totalment a camp obert, es comen\u00e7a a veure el segon pont penjant, i darrere d&#8217;aquesta l&#8217;entrada al congost.<\/p>\n<p>Aqu\u00ed les vistes s\u00f3n incre\u00efbles i la por del vertigen comen\u00e7a a dissipar-se. De mica en mica ens anem endinsant al can\u00f3 entre enormes parets que superen els 500 metres d&#8217;al\u00e7ada, i travessem el <strong>pont de Canelles<\/strong> per plantar-nos al primer tram de les passarel\u00b7les. Per arribar-hi, primer haurem de passar el pont penjant (on just abans podrem parar-nos a banyar-nos al riu, accessible des d&#8217;una plataforma de fusta), pujar per un cam\u00ed fins a dalt del sender, i estarem llestos per rec\u00f3rrer la passarel\u00b7la de a dalt a baix.<\/p>\n<p>\u00d2bviament, des d&#8217;aquest punt podem meravellar-nos d&#8217;unes incre\u00efbles vistes de tot el Congost, i fer fotos per al record (aix\u00f2 s\u00ed, si tens la valentia de baixar-les, que no tothom \u00e9s capa\u00e7).<\/p>\n\t\t\t\t\t\t\t\t<\/div>\n\t\t\t\t<\/div>\n\t\t\t\t\t<\/div>\n\t\t<\/div>\n\t\t\t\t\t<\/div>\n\t\t<\/section>\n\t\t\t\t<section class=\"elementor-section elementor-top-section elementor-element elementor-element-4460a9c elementor-section-boxed elementor-section-height-default elementor-section-height-default\" data-id=\"4460a9c\" data-element_type=\"section\">\n\t\t\t\t\t\t<div class=\"elementor-container elementor-column-gap-default\">\n\t\t\t\t\t<div class=\"elementor-column elementor-col-100 elementor-top-column elementor-element elementor-element-bc9762e\" data-id=\"bc9762e\" data-element_type=\"column\">\n\t\t\t<div class=\"elementor-widget-wrap elementor-element-populated\">\n\t\t\t\t\t\t<div class=\"elementor-element elementor-element-9751c92 elementor-widget elementor-widget-heading\" data-id=\"9751c92\" data-element_type=\"widget\" data-widget_type=\"heading.default\">\n\t\t\t\t<div class=\"elementor-widget-container\">\n\t\t\t\t\t<h2 class=\"elementor-heading-title elementor-size-default\">Altres rutes que tamb\u00e9 et poden interessar...<\/h2>\t\t\t\t<\/div>\n\t\t\t\t<\/div>\n\t\t\t\t\t<\/div>\n\t\t<\/div>\n\t\t\t\t\t<\/div>\n\t\t<\/section>\n\t\t\t\t<section class=\"elementor-section elementor-top-section elementor-element elementor-element-e208bd9 elementor-section-boxed elementor-section-height-default elementor-section-height-default\" data-id=\"e208bd9\" data-element_type=\"section\">\n\t\t\t\t\t\t<div class=\"elementor-container elementor-column-gap-default\">\n\t\t\t\t\t<div class=\"elementor-column elementor-col-100 elementor-top-column elementor-element elementor-element-d1da194\" data-id=\"d1da194\" data-element_type=\"column\">\n\t\t\t<div class=\"elementor-widget-wrap elementor-element-populated\">\n\t\t\t\t\t\t\t<\/div>\n\t\t<\/div>\n\t\t\t\t\t<\/div>\n\t\t<\/section>\n\t\t\t\t<\/div>\n\t\t","protected":false},"excerpt":{"rendered":"<p>Aquest espectacular parc natural ubicat entre les comarques de Ribagor\u00e7a i el Pallars Juss\u00e0 \u00e9s de visita obligada. La ruta pel Congost de Montrebei \u00e9s una de les m\u00e9s incre\u00efbles de la zona, ja que es troba en una de les nostres reserves naturals preferides, i un lloc imperdible si cerques rutes i excursions a&hellip;&nbsp;<a href=\"https:\/\/www.willysplan.com\/ca\/rutes\/ruta-i-excursio-pel-congost-de-montrebei\" rel=\"bookmark\">Llegiu m\u00e9s &raquo;<span class=\"screen-reader-text\">Ruta i excursi\u00f3 pel Congost de Montrebei<\/span><\/a><\/p>\n","protected":false},"author":2,"featured_media":12197,"comment_status":"closed","ping_status":"closed","sticky":false,"template":"","format":"standard","meta":{"neve_meta_sidebar":"","neve_meta_container":"","neve_meta_enable_content_width":"","neve_meta_content_width":0,"neve_meta_title_alignment":"","neve_meta_author_avatar":"","neve_post_elements_order":"","neve_meta_disable_header":"","neve_meta_disable_footer":"","neve_meta_disable_title":"","_joinchat":[],"footnotes":""},"categories":[323],"tags":[360,394],"class_list":["post-16010","post","type-post","status-publish","format-standard","has-post-thumbnail","hentry","category-rutes","tag-rutes-catalunya","tag-rutes-lleida-provincia"],"yoast_head":"<!-- This site is optimized with the Yoast SEO Premium plugin v20.1 (Yoast SEO v26.9) - https:\/\/yoast.com\/product\/yoast-seo-premium-wordpress\/ -->\n<title>Ruta pel Congost de Montrebei - Willy&#039;s pla<\/title>\n<meta name=\"description\" content=\"Descobriu aquesta ruta pel Congost de Montrebei. Descobreix el cam\u00ed del Congost, arribant al congost de Montfalc\u00f3. \u2705 Entra ara!\" \/>\n<meta name=\"robots\" content=\"index, follow, max-snippet:-1, max-image-preview:large, max-video-preview:-1\" \/>\n<link rel=\"canonical\" href=\"https:\/\/www.willysplan.com\/ca\/rutes\/ruta-i-excursio-pel-congost-de-montrebei\" \/>\n<meta property=\"og:locale\" content=\"ca_ES\" \/>\n<meta property=\"og:type\" content=\"article\" \/>\n<meta property=\"og:title\" content=\"Ruta i excursi\u00f3 pel Congost de Montrebei\" \/>\n<meta property=\"og:description\" content=\"Descobriu aquesta ruta pel Congost de Montrebei. Descobreix el cam\u00ed del Congost, arribant al congost de Montfalc\u00f3. \u2705 Entra ara!\" \/>\n<meta property=\"og:url\" content=\"https:\/\/www.willysplan.com\/ca\/rutes\/ruta-i-excursio-pel-congost-de-montrebei\" \/>\n<meta property=\"og:site_name\" content=\"Willy&#039;s Plan \ud83c\udf43\" \/>\n<meta property=\"article:published_time\" content=\"2020-07-11T17:59:29+00:00\" \/>\n<meta property=\"article:modified_time\" content=\"2023-03-23T06:32:37+00:00\" \/>\n<meta property=\"og:image\" content=\"https:\/\/www.willysplan.com\/wp-content\/uploads\/2020\/06\/congost-de-montrebei.jpg\" \/>\n\t<meta property=\"og:image:width\" content=\"2048\" \/>\n\t<meta property=\"og:image:height\" content=\"1365\" \/>\n\t<meta property=\"og:image:type\" content=\"image\/jpeg\" \/>\n<meta name=\"author\" content=\"Guillem Asensio\" \/>\n<meta name=\"twitter:card\" content=\"summary_large_image\" \/>\n<meta name=\"twitter:label1\" content=\"Escrit per\" \/>\n\t<meta name=\"twitter:data1\" content=\"Guillem Asensio\" \/>\n\t<meta name=\"twitter:label2\" content=\"Temps estimat de lectura\" \/>\n\t<meta name=\"twitter:data2\" content=\"5 minuts\" \/>\n<script type=\"application\/ld+json\" class=\"yoast-schema-graph\">{\"@context\":\"https:\/\/schema.org\",\"@graph\":[{\"@type\":\"Article\",\"@id\":\"https:\/\/www.willysplan.com\/ca\/rutes\/ruta-i-excursio-pel-congost-de-montrebei#article\",\"isPartOf\":{\"@id\":\"https:\/\/www.willysplan.com\/ca\/rutes\/ruta-i-excursio-pel-congost-de-montrebei\"},\"author\":{\"name\":\"Guillem Asensio\",\"@id\":\"https:\/\/www.willysplan.com\/#\/schema\/person\/6f2dbf2215cd25715df085907bd007c1\"},\"headline\":\"Ruta i excursi\u00f3 pel Congost de Montrebei\",\"datePublished\":\"2020-07-11T17:59:29+00:00\",\"dateModified\":\"2023-03-23T06:32:37+00:00\",\"mainEntityOfPage\":{\"@id\":\"https:\/\/www.willysplan.com\/ca\/rutes\/ruta-i-excursio-pel-congost-de-montrebei\"},\"wordCount\":1001,\"publisher\":{\"@id\":\"https:\/\/www.willysplan.com\/#organization\"},\"image\":{\"@id\":\"https:\/\/www.willysplan.com\/ca\/rutes\/ruta-i-excursio-pel-congost-de-montrebei#primaryimage\"},\"thumbnailUrl\":\"https:\/\/www.willysplan.com\/wp-content\/uploads\/2020\/06\/congost-de-montrebei.jpg\",\"keywords\":[\"rutes catalunya\",\"rutes lleida prov\u00edncia\"],\"articleSection\":[\"rutes\"],\"inLanguage\":\"ca\"},{\"@type\":\"WebPage\",\"@id\":\"https:\/\/www.willysplan.com\/ca\/rutes\/ruta-i-excursio-pel-congost-de-montrebei\",\"url\":\"https:\/\/www.willysplan.com\/ca\/rutes\/ruta-i-excursio-pel-congost-de-montrebei\",\"name\":\"Ruta pel Congost de Montrebei - Willy's pla\",\"isPartOf\":{\"@id\":\"https:\/\/www.willysplan.com\/#website\"},\"primaryImageOfPage\":{\"@id\":\"https:\/\/www.willysplan.com\/ca\/rutes\/ruta-i-excursio-pel-congost-de-montrebei#primaryimage\"},\"image\":{\"@id\":\"https:\/\/www.willysplan.com\/ca\/rutes\/ruta-i-excursio-pel-congost-de-montrebei#primaryimage\"},\"thumbnailUrl\":\"https:\/\/www.willysplan.com\/wp-content\/uploads\/2020\/06\/congost-de-montrebei.jpg\",\"datePublished\":\"2020-07-11T17:59:29+00:00\",\"dateModified\":\"2023-03-23T06:32:37+00:00\",\"description\":\"Descobriu aquesta ruta pel Congost de Montrebei. Descobreix el cam\u00ed del Congost, arribant al congost de Montfalc\u00f3. \u2705 Entra ara!\",\"inLanguage\":\"ca\",\"potentialAction\":[{\"@type\":\"ReadAction\",\"target\":[\"https:\/\/www.willysplan.com\/ca\/rutes\/ruta-i-excursio-pel-congost-de-montrebei\"]}]},{\"@type\":\"ImageObject\",\"inLanguage\":\"ca\",\"@id\":\"https:\/\/www.willysplan.com\/ca\/rutes\/ruta-i-excursio-pel-congost-de-montrebei#primaryimage\",\"url\":\"https:\/\/www.willysplan.com\/wp-content\/uploads\/2020\/06\/congost-de-montrebei.jpg\",\"contentUrl\":\"https:\/\/www.willysplan.com\/wp-content\/uploads\/2020\/06\/congost-de-montrebei.jpg\",\"width\":2048,\"height\":1365},{\"@type\":\"WebSite\",\"@id\":\"https:\/\/www.willysplan.com\/#website\",\"url\":\"https:\/\/www.willysplan.com\/\",\"name\":\"Willy&#039;s Plan \ud83c\udf43\",\"description\":\"Escapadas y Planes de fin de semana\",\"publisher\":{\"@id\":\"https:\/\/www.willysplan.com\/#organization\"},\"potentialAction\":[{\"@type\":\"SearchAction\",\"target\":{\"@type\":\"EntryPoint\",\"urlTemplate\":\"https:\/\/www.willysplan.com\/?s={search_term_string}\"},\"query-input\":{\"@type\":\"PropertyValueSpecification\",\"valueRequired\":true,\"valueName\":\"search_term_string\"}}],\"inLanguage\":\"ca\"},{\"@type\":\"Organization\",\"@id\":\"https:\/\/www.willysplan.com\/#organization\",\"name\":\"Willy&#039;s Plan \ud83c\udf43\",\"url\":\"https:\/\/www.willysplan.com\/\",\"logo\":{\"@type\":\"ImageObject\",\"inLanguage\":\"ca\",\"@id\":\"https:\/\/www.willysplan.com\/#\/schema\/logo\/image\/\",\"url\":\"https:\/\/www.willysplan.com\/wp-content\/uploads\/2020\/04\/cropped-logo-1.png\",\"contentUrl\":\"https:\/\/www.willysplan.com\/wp-content\/uploads\/2020\/04\/cropped-logo-1.png\",\"width\":332,\"height\":332,\"caption\":\"Willy&#039;s Plan \ud83c\udf43\"},\"image\":{\"@id\":\"https:\/\/www.willysplan.com\/#\/schema\/logo\/image\/\"}},{\"@type\":\"Person\",\"@id\":\"https:\/\/www.willysplan.com\/#\/schema\/person\/6f2dbf2215cd25715df085907bd007c1\",\"name\":\"Guillem Asensio\",\"image\":{\"@type\":\"ImageObject\",\"inLanguage\":\"ca\",\"@id\":\"https:\/\/www.willysplan.com\/#\/schema\/person\/image\/\",\"url\":\"https:\/\/secure.gravatar.com\/avatar\/fd3f69da3e6cd8d451f6be79c127da046757b9a4c273deefb40b1291809cc787?s=96&d=mm&r=g\",\"contentUrl\":\"https:\/\/secure.gravatar.com\/avatar\/fd3f69da3e6cd8d451f6be79c127da046757b9a4c273deefb40b1291809cc787?s=96&d=mm&r=g\",\"caption\":\"Guillem Asensio\"},\"sameAs\":[\"https:\/\/willysplan.com\"],\"url\":\"https:\/\/www.willysplan.com\/ca\/author\/willy\"}]}<\/script>\n<!-- \/ Yoast SEO Premium plugin. -->","yoast_head_json":{"title":"Ruta pel Congost de Montrebei - Willy's pla","description":"Descobriu aquesta ruta pel Congost de Montrebei. Descobreix el cam\u00ed del Congost, arribant al congost de Montfalc\u00f3. \u2705 Entra ara!","robots":{"index":"index","follow":"follow","max-snippet":"max-snippet:-1","max-image-preview":"max-image-preview:large","max-video-preview":"max-video-preview:-1"},"canonical":"https:\/\/www.willysplan.com\/ca\/rutes\/ruta-i-excursio-pel-congost-de-montrebei","og_locale":"ca_ES","og_type":"article","og_title":"Ruta i excursi\u00f3 pel Congost de Montrebei","og_description":"Descobriu aquesta ruta pel Congost de Montrebei. Descobreix el cam\u00ed del Congost, arribant al congost de Montfalc\u00f3. \u2705 Entra ara!","og_url":"https:\/\/www.willysplan.com\/ca\/rutes\/ruta-i-excursio-pel-congost-de-montrebei","og_site_name":"Willy&#039;s Plan \ud83c\udf43","article_published_time":"2020-07-11T17:59:29+00:00","article_modified_time":"2023-03-23T06:32:37+00:00","og_image":[{"width":2048,"height":1365,"url":"https:\/\/www.willysplan.com\/wp-content\/uploads\/2020\/06\/congost-de-montrebei.jpg","type":"image\/jpeg"}],"author":"Guillem Asensio","twitter_card":"summary_large_image","twitter_misc":{"Escrit per":"Guillem Asensio","Temps estimat de lectura":"5 minuts"},"schema":{"@context":"https:\/\/schema.org","@graph":[{"@type":"Article","@id":"https:\/\/www.willysplan.com\/ca\/rutes\/ruta-i-excursio-pel-congost-de-montrebei#article","isPartOf":{"@id":"https:\/\/www.willysplan.com\/ca\/rutes\/ruta-i-excursio-pel-congost-de-montrebei"},"author":{"name":"Guillem Asensio","@id":"https:\/\/www.willysplan.com\/#\/schema\/person\/6f2dbf2215cd25715df085907bd007c1"},"headline":"Ruta i excursi\u00f3 pel Congost de Montrebei","datePublished":"2020-07-11T17:59:29+00:00","dateModified":"2023-03-23T06:32:37+00:00","mainEntityOfPage":{"@id":"https:\/\/www.willysplan.com\/ca\/rutes\/ruta-i-excursio-pel-congost-de-montrebei"},"wordCount":1001,"publisher":{"@id":"https:\/\/www.willysplan.com\/#organization"},"image":{"@id":"https:\/\/www.willysplan.com\/ca\/rutes\/ruta-i-excursio-pel-congost-de-montrebei#primaryimage"},"thumbnailUrl":"https:\/\/www.willysplan.com\/wp-content\/uploads\/2020\/06\/congost-de-montrebei.jpg","keywords":["rutes catalunya","rutes lleida prov\u00edncia"],"articleSection":["rutes"],"inLanguage":"ca"},{"@type":"WebPage","@id":"https:\/\/www.willysplan.com\/ca\/rutes\/ruta-i-excursio-pel-congost-de-montrebei","url":"https:\/\/www.willysplan.com\/ca\/rutes\/ruta-i-excursio-pel-congost-de-montrebei","name":"Ruta pel Congost de Montrebei - Willy's pla","isPartOf":{"@id":"https:\/\/www.willysplan.com\/#website"},"primaryImageOfPage":{"@id":"https:\/\/www.willysplan.com\/ca\/rutes\/ruta-i-excursio-pel-congost-de-montrebei#primaryimage"},"image":{"@id":"https:\/\/www.willysplan.com\/ca\/rutes\/ruta-i-excursio-pel-congost-de-montrebei#primaryimage"},"thumbnailUrl":"https:\/\/www.willysplan.com\/wp-content\/uploads\/2020\/06\/congost-de-montrebei.jpg","datePublished":"2020-07-11T17:59:29+00:00","dateModified":"2023-03-23T06:32:37+00:00","description":"Descobriu aquesta ruta pel Congost de Montrebei. Descobreix el cam\u00ed del Congost, arribant al congost de Montfalc\u00f3. \u2705 Entra ara!","inLanguage":"ca","potentialAction":[{"@type":"ReadAction","target":["https:\/\/www.willysplan.com\/ca\/rutes\/ruta-i-excursio-pel-congost-de-montrebei"]}]},{"@type":"ImageObject","inLanguage":"ca","@id":"https:\/\/www.willysplan.com\/ca\/rutes\/ruta-i-excursio-pel-congost-de-montrebei#primaryimage","url":"https:\/\/www.willysplan.com\/wp-content\/uploads\/2020\/06\/congost-de-montrebei.jpg","contentUrl":"https:\/\/www.willysplan.com\/wp-content\/uploads\/2020\/06\/congost-de-montrebei.jpg","width":2048,"height":1365},{"@type":"WebSite","@id":"https:\/\/www.willysplan.com\/#website","url":"https:\/\/www.willysplan.com\/","name":"Willy&#039;s Plan \ud83c\udf43","description":"Escapadas y Planes de fin de semana","publisher":{"@id":"https:\/\/www.willysplan.com\/#organization"},"potentialAction":[{"@type":"SearchAction","target":{"@type":"EntryPoint","urlTemplate":"https:\/\/www.willysplan.com\/?s={search_term_string}"},"query-input":{"@type":"PropertyValueSpecification","valueRequired":true,"valueName":"search_term_string"}}],"inLanguage":"ca"},{"@type":"Organization","@id":"https:\/\/www.willysplan.com\/#organization","name":"Willy&#039;s Plan \ud83c\udf43","url":"https:\/\/www.willysplan.com\/","logo":{"@type":"ImageObject","inLanguage":"ca","@id":"https:\/\/www.willysplan.com\/#\/schema\/logo\/image\/","url":"https:\/\/www.willysplan.com\/wp-content\/uploads\/2020\/04\/cropped-logo-1.png","contentUrl":"https:\/\/www.willysplan.com\/wp-content\/uploads\/2020\/04\/cropped-logo-1.png","width":332,"height":332,"caption":"Willy&#039;s Plan \ud83c\udf43"},"image":{"@id":"https:\/\/www.willysplan.com\/#\/schema\/logo\/image\/"}},{"@type":"Person","@id":"https:\/\/www.willysplan.com\/#\/schema\/person\/6f2dbf2215cd25715df085907bd007c1","name":"Guillem Asensio","image":{"@type":"ImageObject","inLanguage":"ca","@id":"https:\/\/www.willysplan.com\/#\/schema\/person\/image\/","url":"https:\/\/secure.gravatar.com\/avatar\/fd3f69da3e6cd8d451f6be79c127da046757b9a4c273deefb40b1291809cc787?s=96&d=mm&r=g","contentUrl":"https:\/\/secure.gravatar.com\/avatar\/fd3f69da3e6cd8d451f6be79c127da046757b9a4c273deefb40b1291809cc787?s=96&d=mm&r=g","caption":"Guillem Asensio"},"sameAs":["https:\/\/willysplan.com"],"url":"https:\/\/www.willysplan.com\/ca\/author\/willy"}]}},"_links":{"self":[{"href":"https:\/\/www.willysplan.com\/ca\/wp-json\/wp\/v2\/posts\/16010","targetHints":{"allow":["GET"]}}],"collection":[{"href":"https:\/\/www.willysplan.com\/ca\/wp-json\/wp\/v2\/posts"}],"about":[{"href":"https:\/\/www.willysplan.com\/ca\/wp-json\/wp\/v2\/types\/post"}],"author":[{"embeddable":true,"href":"https:\/\/www.willysplan.com\/ca\/wp-json\/wp\/v2\/users\/2"}],"replies":[{"embeddable":true,"href":"https:\/\/www.willysplan.com\/ca\/wp-json\/wp\/v2\/comments?post=16010"}],"version-history":[{"count":3,"href":"https:\/\/www.willysplan.com\/ca\/wp-json\/wp\/v2\/posts\/16010\/revisions"}],"predecessor-version":[{"id":17811,"href":"https:\/\/www.willysplan.com\/ca\/wp-json\/wp\/v2\/posts\/16010\/revisions\/17811"}],"wp:featuredmedia":[{"embeddable":true,"href":"https:\/\/www.willysplan.com\/ca\/wp-json\/wp\/v2\/media\/12197"}],"wp:attachment":[{"href":"https:\/\/www.willysplan.com\/ca\/wp-json\/wp\/v2\/media?parent=16010"}],"wp:term":[{"taxonomy":"category","embeddable":true,"href":"https:\/\/www.willysplan.com\/ca\/wp-json\/wp\/v2\/categories?post=16010"},{"taxonomy":"post_tag","embeddable":true,"href":"https:\/\/www.willysplan.com\/ca\/wp-json\/wp\/v2\/tags?post=16010"}],"curies":[{"name":"wp","href":"https:\/\/api.w.org\/{rel}","templated":true}]}}