{"id":15997,"date":"2020-07-11T18:57:53","date_gmt":"2020-07-11T17:57:53","guid":{"rendered":"https:\/\/willysplan.com\/uncategorized-ca\/excursio-des-del-montcau-a-la-mola"},"modified":"2023-07-25T05:03:39","modified_gmt":"2023-07-25T04:03:39","slug":"excursio-des-del-montcau-a-la-mola","status":"publish","type":"post","link":"https:\/\/www.willysplan.com\/ca\/rutes\/excursio-des-del-montcau-a-la-mola","title":{"rendered":"Excursi\u00f3 des del Montcau a La Mola"},"content":{"rendered":"\t\t<div data-elementor-type=\"wp-post\" data-elementor-id=\"15997\" class=\"elementor elementor-15997 elementor-1787\" data-elementor-post-type=\"post\">\n\t\t\t\t\t\t<section class=\"elementor-section elementor-top-section elementor-element elementor-element-f4c69cc elementor-section-boxed elementor-section-height-default elementor-section-height-default\" data-id=\"f4c69cc\" data-element_type=\"section\">\n\t\t\t\t\t\t<div class=\"elementor-container elementor-column-gap-default\">\n\t\t\t\t\t<div class=\"elementor-column elementor-col-50 elementor-top-column elementor-element elementor-element-164a862\" data-id=\"164a862\" data-element_type=\"column\">\n\t\t\t<div class=\"elementor-widget-wrap elementor-element-populated\">\n\t\t\t\t\t\t<div class=\"elementor-element elementor-element-29bc239 elementor-widget elementor-widget-text-editor\" data-id=\"29bc239\" data-element_type=\"widget\" data-widget_type=\"text-editor.default\">\n\t\t\t\t<div class=\"elementor-widget-container\">\n\t\t\t\t\t\t\t\t\t<p>A Willy\u00b4s pla triem una de les destinacions m\u00e9s importants, que evidentment forma part de la nostra oferta de <a href=\"https:\/\/www.willysplan.com\/rutas\/barcelona-provincia\">rutes i excursions a Barcelona prov\u00edncia<\/a> , i que per descomptat no et pots perdre si est\u00e0s buscant <a href=\"https:\/\/www.willysplan.com\/rutas\/cataluna\">excursions a fer a Catalunya<\/a> . Acompanyeu-nos en aquesta aventura per les incre\u00efbles comarques de rutes pel <strong>Bages<\/strong> i <a href=\"https:\/\/www.willysplan.com\/ca\/rutes\/rutes-de-senderisme-i-excursions-pel-valles-occidental\">excursions pel Vall\u00e8s Occidental<\/a> , visitant alguns llocs al voltant de <strong>Terrassa<\/strong> i la seva incre\u00efble zona de muntanya.<\/p><p><span style=\"background-color: #ffffff;\">En aquesta excursi\u00f3, ens ubicarem al Parc Natural de St. Lloren\u00e7 del Munt (Barcelona). On gaudirem d&#8217;un recorregut per <\/span><span style=\"background-color: #ffffff; font-weight: bold;\">el<\/span> <span style=\"background-color: #ffffff; font-weight: bold;\">Montcau, la Cova Simanya i la Mola.<\/span> <span style=\"background-color: #ffffff;\">Una experi\u00e8ncia entre muntanyes i coves!<\/span><\/p><p><span style=\"background-color: #ffffff;\">Un pla ideal si est\u00e0s buscant fer una <a href=\"https:\/\/www.willysplan.com\/ca\/escapades-amb-nens-per-catalunya\">escapada en fam\u00edlia<\/a> , amics o en parella; ideal per als que busquen rutes amb dificultat moderada i f\u00e0cils<\/span><span style=\"background-color: #ffffff;\">. Rec\u00f3rrer-lo ens pot portar unes 5 a 6 hores, per aix\u00f2 clarament ho farem amb calma, i amb tot el gaudi que es mereix. Aix\u00ed que prepara unes bones sabatilles i un que un altre entrep\u00e0 pel cam\u00ed!<\/span><span style=\"background-color: #ffffff;\"><br \/><\/span><\/p>\t\t\t\t\t\t\t\t<\/div>\n\t\t\t\t<\/div>\n\t\t\t\t\t<\/div>\n\t\t<\/div>\n\t\t\t\t<div class=\"elementor-column elementor-col-50 elementor-top-column elementor-element elementor-element-f0384f5\" data-id=\"f0384f5\" data-element_type=\"column\">\n\t\t\t<div class=\"elementor-widget-wrap elementor-element-populated\">\n\t\t\t\t\t\t<div class=\"elementor-element elementor-element-9d197f0 elementor-widget elementor-widget-html\" data-id=\"9d197f0\" data-element_type=\"widget\" data-widget_type=\"html.default\">\n\t\t\t\t<div class=\"elementor-widget-container\">\n\t\t\t\t\t<iframe src=\"https:\/\/www.google.com\/maps\/embed?pb=!1m40!1m12!1m3!1d23846.875306503556!2d1.9889196208509696!3d41.65877943442388!2m3!1f0!2f0!3f0!3m2!1i1024!2i768!4f13.1!4m25!3e2!4m5!1s0x12a4ee0438159b4b%3A0x5702a298fe120802!2sColl%20d'Estenalles%2C%20Mura!3m2!1d41.670406799999995!2d1.9948556!4m5!1s0x12a4ee11ca1c69ad%3A0x456b371d4a315f2b!2sMontcau!3m2!1d41.6747802!2d2.0006796!4m5!1s0x12a4ef9780455309%3A0x7117426cff2fbb4c!2sCova%20Simanya!3m2!1d41.674333999999995!2d2.0091319999999997!4m5!1s0x12a4edb78441b39d%3A0xe283c2f65deffbc3!2sLa%20Mola%2C%2008230%2C%20Barcelona!3m2!1d41.641289!2d2.0179169999999997!5e0!3m2!1ses!2ses!4v1602948771682!5m2!1ses!2ses\" width=\"600\" height=\"450\" frameborder=\"0\" style=\"border:0;\" allowfullscreen=\"\" aria-hidden=\"false\" tabindex=\"0\"><\/iframe>\t\t\t\t<\/div>\n\t\t\t\t<\/div>\n\t\t\t\t\t<\/div>\n\t\t<\/div>\n\t\t\t\t\t<\/div>\n\t\t<\/section>\n\t\t\t\t<section class=\"elementor-section elementor-top-section elementor-element elementor-element-671cd3c elementor-section-boxed elementor-section-height-default elementor-section-height-default\" data-id=\"671cd3c\" data-element_type=\"section\">\n\t\t\t\t\t\t<div class=\"elementor-container elementor-column-gap-default\">\n\t\t\t\t\t<div class=\"elementor-column elementor-col-100 elementor-top-column elementor-element elementor-element-eaffc38\" data-id=\"eaffc38\" data-element_type=\"column\">\n\t\t\t<div class=\"elementor-widget-wrap elementor-element-populated\">\n\t\t\t\t\t\t<div class=\"elementor-element elementor-element-ac561a4 elementor-widget elementor-widget-text-editor\" data-id=\"ac561a4\" data-element_type=\"widget\" data-widget_type=\"text-editor.default\">\n\t\t\t\t<div class=\"elementor-widget-container\">\n\t\t\t\t\t\t\t\t\t<p>Per comen\u00e7ar, partirem des del coll d&#8217;estenalles, rumb cap a la primera muntanya: el Montcau. Hi podrem apreciar unes incre\u00efbles vistes panor\u00e0miques de 360\u00ba, i no perqu\u00e8 sigui especialment alta. <strong>El Montcau<\/strong> \u00e9s una muntanya f\u00e0cil de pujar i molt agradable per connectar-se amb la majestuositat de la natura. Despr\u00e9s visitarem la <strong>Cova Simanya<\/strong> ,<strong> <\/strong>un forat natural amb 372 metres de profunditat, on van viure persones a l&#8217;\u00e8poca Neol\u00edtica. Finalment, acabem pujant a <strong>La Mola<\/strong> (1.104m d&#8217;al\u00e7ada) on podrem gaudir d&#8217;unes vistes espectaculars i un restaurant on dinar (d&#8217;aquest ja en parlarem m\u00e9s endavant)\u2026 T&#8217;animes? Si per altra banda, t&#8217;agradaria fer-la per\u00f2 no disposes de vehicle propi, no t&#8217;amo\u00efnis: Tamb\u00e9 t&#8217;oferim apuntar-te a fer l&#8217; <a href=\"https:\/\/www.willysplan.com\/en\/producto\/la-mola\">excursi\u00f3 de la mola<\/a> amb un guia privat, una de les nostres moltes activitats organitzades que duem a terme.<\/p>\n\t\t\t\t\t\t\t\t<\/div>\n\t\t\t\t<\/div>\n\t\t\t\t\t<\/div>\n\t\t<\/div>\n\t\t\t\t\t<\/div>\n\t\t<\/section>\n\t\t\t\t<section class=\"elementor-section elementor-top-section elementor-element elementor-element-36fe8d4 elementor-section-boxed elementor-section-height-default elementor-section-height-default\" data-id=\"36fe8d4\" data-element_type=\"section\">\n\t\t\t\t\t\t<div class=\"elementor-container elementor-column-gap-default\">\n\t\t\t\t\t<div class=\"elementor-column elementor-col-100 elementor-top-column elementor-element elementor-element-da527a3\" data-id=\"da527a3\" data-element_type=\"column\">\n\t\t\t<div class=\"elementor-widget-wrap elementor-element-populated\">\n\t\t\t\t\t\t<div class=\"elementor-element elementor-element-005077d elementor-widget elementor-widget-heading\" data-id=\"005077d\" data-element_type=\"widget\" data-widget_type=\"heading.default\">\n\t\t\t\t<div class=\"elementor-widget-container\">\n\t\t\t\t\t<h2 class=\"elementor-heading-title elementor-size-default\">Montcau<\/h2>\t\t\t\t<\/div>\n\t\t\t\t<\/div>\n\t\t\t\t\t<\/div>\n\t\t<\/div>\n\t\t\t\t\t<\/div>\n\t\t<\/section>\n\t\t\t\t<section class=\"elementor-section elementor-top-section elementor-element elementor-element-39c50f9 elementor-section-boxed elementor-section-height-default elementor-section-height-default\" data-id=\"39c50f9\" data-element_type=\"section\">\n\t\t\t\t\t\t<div class=\"elementor-container elementor-column-gap-default\">\n\t\t\t\t\t<div class=\"elementor-column elementor-col-100 elementor-top-column elementor-element elementor-element-3adfcf7\" data-id=\"3adfcf7\" data-element_type=\"column\">\n\t\t\t<div class=\"elementor-widget-wrap elementor-element-populated\">\n\t\t\t\t\t\t<div class=\"elementor-element elementor-element-4b1d3b8 elementor-widget elementor-widget-image\" data-id=\"4b1d3b8\" data-element_type=\"widget\" data-widget_type=\"image.default\">\n\t\t\t\t<div class=\"elementor-widget-container\">\n\t\t\t\t\t\t\t\t\t\t\t\t\t\t\t<img fetchpriority=\"high\" decoding=\"async\" width=\"768\" height=\"576\" src=\"https:\/\/www.willysplan.com\/wp-content\/uploads\/2020\/07\/montcau-PAINT-768x576.jpg\" class=\"attachment-medium_large size-medium_large wp-image-13335\" alt=\"\" srcset=\"https:\/\/www.willysplan.com\/wp-content\/uploads\/2020\/07\/montcau-PAINT-768x576.jpg 768w, https:\/\/www.willysplan.com\/wp-content\/uploads\/2020\/07\/montcau-PAINT-300x225.jpg 300w, https:\/\/www.willysplan.com\/wp-content\/uploads\/2020\/07\/montcau-PAINT-1024x768.jpg 1024w, https:\/\/www.willysplan.com\/wp-content\/uploads\/2020\/07\/montcau-PAINT-760x570.jpg 760w, https:\/\/www.willysplan.com\/wp-content\/uploads\/2020\/07\/montcau-PAINT-960x720.jpg 960w, https:\/\/www.willysplan.com\/wp-content\/uploads\/2020\/07\/montcau-PAINT-533x400.jpg 533w, https:\/\/www.willysplan.com\/wp-content\/uploads\/2020\/07\/montcau-PAINT-585x439.jpg 585w, https:\/\/www.willysplan.com\/wp-content\/uploads\/2020\/07\/montcau-PAINT-600x450.jpg 600w, https:\/\/www.willysplan.com\/wp-content\/uploads\/2020\/07\/montcau-PAINT.jpg 1200w\" sizes=\"(max-width: 768px) 100vw, 768px\" \/>\t\t\t\t\t\t\t\t\t\t\t\t\t\t\t<\/div>\n\t\t\t\t<\/div>\n\t\t\t\t\t<\/div>\n\t\t<\/div>\n\t\t\t\t\t<\/div>\n\t\t<\/section>\n\t\t\t\t<section class=\"elementor-section elementor-top-section elementor-element elementor-element-4e88c10 elementor-section-boxed elementor-section-height-default elementor-section-height-default\" data-id=\"4e88c10\" data-element_type=\"section\">\n\t\t\t\t\t\t<div class=\"elementor-container elementor-column-gap-default\">\n\t\t\t\t\t<div class=\"elementor-column elementor-col-100 elementor-top-column elementor-element elementor-element-8ccc3a4\" data-id=\"8ccc3a4\" data-element_type=\"column\">\n\t\t\t<div class=\"elementor-widget-wrap elementor-element-populated\">\n\t\t\t\t\t\t<div class=\"elementor-element elementor-element-39dc59f elementor-widget elementor-widget-text-editor\" data-id=\"39dc59f\" data-element_type=\"widget\" data-widget_type=\"text-editor.default\">\n\t\t\t\t<div class=\"elementor-widget-container\">\n\t\t\t\t\t\t\t\t\t<p><strong>El<\/strong> <strong>Montcau<\/strong> o \u201cmunt cau\u201d, pertany al <strong>Parc Natural de Sant Lloren\u00e7 del Munt i l&#8217;Obac.<\/strong> \u00c9s un mass\u00eds ubicat a la serralada peritoral de <strong>Barcelona<\/strong> , m\u00e9s exactament a la comarca de <strong>Bages<\/strong> . Tot i que la seva ubicaci\u00f3 est\u00e0 entre els municipis de <strong>Terrassa<\/strong> i <strong>Manresa<\/strong> , qualsevol dels dos punts \u00e9s ideal per iniciar el recorregut.<\/p>\n<p>Aquest cim que arriba als 1056,8 m, ens regala unes vistes incre\u00efbles cap als massissos de Montserrat i Montseny; convertint-se en un dels atractius tur\u00edstics m\u00e9s vinguts de gust pels viatgers locals.<\/p>\n<p>Una excursi\u00f3 pel Montcau pot ser una experi\u00e8ncia inoblidable per als amants dels esports de muntanya i la natura.<\/p>\n\t\t\t\t\t\t\t\t<\/div>\n\t\t\t\t<\/div>\n\t\t\t\t\t<\/div>\n\t\t<\/div>\n\t\t\t\t\t<\/div>\n\t\t<\/section>\n\t\t\t\t<section class=\"elementor-section elementor-top-section elementor-element elementor-element-cf26dc9 elementor-section-boxed elementor-section-height-default elementor-section-height-default\" data-id=\"cf26dc9\" data-element_type=\"section\">\n\t\t\t\t\t\t<div class=\"elementor-container elementor-column-gap-default\">\n\t\t\t\t\t<div class=\"elementor-column elementor-col-100 elementor-top-column elementor-element elementor-element-5689fda\" data-id=\"5689fda\" data-element_type=\"column\">\n\t\t\t<div class=\"elementor-widget-wrap elementor-element-populated\">\n\t\t\t\t\t\t<div class=\"elementor-element elementor-element-ec10ffc elementor-widget elementor-widget-heading\" data-id=\"ec10ffc\" data-element_type=\"widget\" data-widget_type=\"heading.default\">\n\t\t\t\t<div class=\"elementor-widget-container\">\n\t\t\t\t\t<h2 class=\"elementor-heading-title elementor-size-default\">Cova Simanya<\/h2>\t\t\t\t<\/div>\n\t\t\t\t<\/div>\n\t\t\t\t\t<\/div>\n\t\t<\/div>\n\t\t\t\t\t<\/div>\n\t\t<\/section>\n\t\t\t\t<section class=\"elementor-section elementor-top-section elementor-element elementor-element-9ca4401 elementor-section-boxed elementor-section-height-default elementor-section-height-default\" data-id=\"9ca4401\" data-element_type=\"section\">\n\t\t\t\t\t\t<div class=\"elementor-container elementor-column-gap-default\">\n\t\t\t\t\t<div class=\"elementor-column elementor-col-50 elementor-top-column elementor-element elementor-element-824143d\" data-id=\"824143d\" data-element_type=\"column\">\n\t\t\t<div class=\"elementor-widget-wrap elementor-element-populated\">\n\t\t\t\t\t\t<div class=\"elementor-element elementor-element-14928ac elementor-widget elementor-widget-image\" data-id=\"14928ac\" data-element_type=\"widget\" data-widget_type=\"image.default\">\n\t\t\t\t<div class=\"elementor-widget-container\">\n\t\t\t\t\t\t\t\t\t\t\t\t\t\t\t<img decoding=\"async\" width=\"456\" height=\"608\" src=\"https:\/\/www.willysplan.com\/wp-content\/uploads\/2020\/10\/cueva-simanya.jpg\" class=\"attachment-medium_large size-medium_large wp-image-12961\" alt=\"cova simanya\" srcset=\"https:\/\/www.willysplan.com\/wp-content\/uploads\/2020\/10\/cueva-simanya.jpg 456w, https:\/\/www.willysplan.com\/wp-content\/uploads\/2020\/10\/cueva-simanya-225x300.jpg 225w, https:\/\/www.willysplan.com\/wp-content\/uploads\/2020\/10\/cueva-simanya-300x400.jpg 300w\" sizes=\"(max-width: 456px) 100vw, 456px\" \/>\t\t\t\t\t\t\t\t\t\t\t\t\t\t\t<\/div>\n\t\t\t\t<\/div>\n\t\t\t\t\t<\/div>\n\t\t<\/div>\n\t\t\t\t<div class=\"elementor-column elementor-col-50 elementor-top-column elementor-element elementor-element-3d1a022\" data-id=\"3d1a022\" data-element_type=\"column\">\n\t\t\t<div class=\"elementor-widget-wrap elementor-element-populated\">\n\t\t\t\t\t\t<div class=\"elementor-element elementor-element-d84f5e5 elementor-widget elementor-widget-image\" data-id=\"d84f5e5\" data-element_type=\"widget\" data-widget_type=\"image.default\">\n\t\t\t\t<div class=\"elementor-widget-container\">\n\t\t\t\t\t\t\t\t\t\t\t\t\t\t\t<img decoding=\"async\" width=\"456\" height=\"608\" src=\"https:\/\/www.willysplan.com\/wp-content\/uploads\/2020\/10\/cova-simanyaa.jpg\" class=\"attachment-medium_large size-medium_large wp-image-12951\" alt=\"cova simanya\" srcset=\"https:\/\/www.willysplan.com\/wp-content\/uploads\/2020\/10\/cova-simanyaa.jpg 456w, https:\/\/www.willysplan.com\/wp-content\/uploads\/2020\/10\/cova-simanyaa-225x300.jpg 225w, https:\/\/www.willysplan.com\/wp-content\/uploads\/2020\/10\/cova-simanyaa-300x400.jpg 300w\" sizes=\"(max-width: 456px) 100vw, 456px\" \/>\t\t\t\t\t\t\t\t\t\t\t\t\t\t\t<\/div>\n\t\t\t\t<\/div>\n\t\t\t\t\t<\/div>\n\t\t<\/div>\n\t\t\t\t\t<\/div>\n\t\t<\/section>\n\t\t\t\t<section class=\"elementor-section elementor-top-section elementor-element elementor-element-090337d elementor-section-boxed elementor-section-height-default elementor-section-height-default\" data-id=\"090337d\" data-element_type=\"section\">\n\t\t\t\t\t\t<div class=\"elementor-container elementor-column-gap-default\">\n\t\t\t\t\t<div class=\"elementor-column elementor-col-100 elementor-top-column elementor-element elementor-element-10259a1\" data-id=\"10259a1\" data-element_type=\"column\">\n\t\t\t<div class=\"elementor-widget-wrap elementor-element-populated\">\n\t\t\t\t\t\t<div class=\"elementor-element elementor-element-67842ef elementor-widget elementor-widget-text-editor\" data-id=\"67842ef\" data-element_type=\"widget\" data-widget_type=\"text-editor.default\">\n\t\t\t\t<div class=\"elementor-widget-container\">\n\t\t\t\t\t\t\t\t\t<p>Benvinguts a una de les cavitats m\u00e9s populars de St. Lloren\u00e7 del Munt! Tot i que en aquesta zona hi ha for\u00e7a coves naturals, vam voler destacar la <strong>cova<\/strong> <strong>Simanya<\/strong> per la seva particularitat ja que mostra els primers assentaments humans i l&#8217;habilitat dels primers habitants, per protegir-se en aquestes coves.<\/p>\n<p>Aquesta caminada \u00e9s a peu, i encara que l&#8217;ascens \u00e9s for\u00e7a prolongat, sol ser un tram suau. Aquesta meravella natural la trobem a mig cam\u00ed entre el Montcau i la Mola. Doncs en un punt concret, ens haurem de desviar per visitar aquesta preciositat de m\u00e9s de 300 metres de profunditat.<\/p>\n<p>En arribar la <strong>Cova Simanya<\/strong> cal anar amb compte, ja que el recorregut es fa al mig de trams molt estrets, plens d&#8217;aigua i fang. Aix\u00ed que per als despistats, estigueu atents. Al m\u00e9s m\u00ednim badada, un cop al cap \u00e9s gaireb\u00e9 segur. Per\u00f2 com diem: sempre val la pena c\u00f3rrer el risc, i les fotos que es fan en aquest lloc, tamb\u00e9 s&#8217;ho mereixen. La resta no t&#8217;ho explicarem, ho gaudir\u00e0s tu mateix.<\/p>\n\t\t\t\t\t\t\t\t<\/div>\n\t\t\t\t<\/div>\n\t\t\t\t\t<\/div>\n\t\t<\/div>\n\t\t\t\t\t<\/div>\n\t\t<\/section>\n\t\t\t\t<section class=\"elementor-section elementor-top-section elementor-element elementor-element-c34e060 elementor-section-boxed elementor-section-height-default elementor-section-height-default\" data-id=\"c34e060\" data-element_type=\"section\">\n\t\t\t\t\t\t<div class=\"elementor-container elementor-column-gap-default\">\n\t\t\t\t\t<div class=\"elementor-column elementor-col-100 elementor-top-column elementor-element elementor-element-e81ecc9\" data-id=\"e81ecc9\" data-element_type=\"column\">\n\t\t\t<div class=\"elementor-widget-wrap elementor-element-populated\">\n\t\t\t\t\t\t<div class=\"elementor-element elementor-element-ba75c32 elementor-widget elementor-widget-heading\" data-id=\"ba75c32\" data-element_type=\"widget\" data-widget_type=\"heading.default\">\n\t\t\t\t<div class=\"elementor-widget-container\">\n\t\t\t\t\t<h2 class=\"elementor-heading-title elementor-size-default\">La Mola<\/h2>\t\t\t\t<\/div>\n\t\t\t\t<\/div>\n\t\t\t\t\t<\/div>\n\t\t<\/div>\n\t\t\t\t\t<\/div>\n\t\t<\/section>\n\t\t\t\t<section class=\"elementor-section elementor-top-section elementor-element elementor-element-75067e7 elementor-section-boxed elementor-section-height-default elementor-section-height-default\" data-id=\"75067e7\" data-element_type=\"section\">\n\t\t\t\t\t\t<div class=\"elementor-container elementor-column-gap-default\">\n\t\t\t\t\t<div class=\"elementor-column elementor-col-50 elementor-top-column elementor-element elementor-element-bb31b40\" data-id=\"bb31b40\" data-element_type=\"column\">\n\t\t\t<div class=\"elementor-widget-wrap elementor-element-populated\">\n\t\t\t\t\t\t<div class=\"elementor-element elementor-element-ea6a904 elementor-widget elementor-widget-image\" data-id=\"ea6a904\" data-element_type=\"widget\" data-widget_type=\"image.default\">\n\t\t\t\t<div class=\"elementor-widget-container\">\n\t\t\t\t\t\t\t\t\t\t\t\t\t\t\t<img loading=\"lazy\" decoding=\"async\" width=\"1024\" height=\"683\" src=\"https:\/\/www.willysplan.com\/wp-content\/uploads\/2020\/07\/excursion-por-la-mola1-1024x683.jpg\" class=\"attachment-large size-large wp-image-13337\" alt=\"\" srcset=\"https:\/\/www.willysplan.com\/wp-content\/uploads\/2020\/07\/excursion-por-la-mola1-1024x683.jpg 1024w, https:\/\/www.willysplan.com\/wp-content\/uploads\/2020\/07\/excursion-por-la-mola1-300x200.jpg 300w, https:\/\/www.willysplan.com\/wp-content\/uploads\/2020\/07\/excursion-por-la-mola1-768x512.jpg 768w, https:\/\/www.willysplan.com\/wp-content\/uploads\/2020\/07\/excursion-por-la-mola1-480x320.jpg 480w, https:\/\/www.willysplan.com\/wp-content\/uploads\/2020\/07\/excursion-por-la-mola1-280x186.jpg 280w, https:\/\/www.willysplan.com\/wp-content\/uploads\/2020\/07\/excursion-por-la-mola1-960x640.jpg 960w, https:\/\/www.willysplan.com\/wp-content\/uploads\/2020\/07\/excursion-por-la-mola1-600x400.jpg 600w, https:\/\/www.willysplan.com\/wp-content\/uploads\/2020\/07\/excursion-por-la-mola1-585x390.jpg 585w, https:\/\/www.willysplan.com\/wp-content\/uploads\/2020\/07\/excursion-por-la-mola1.jpg 1200w\" sizes=\"(max-width: 1024px) 100vw, 1024px\" \/>\t\t\t\t\t\t\t\t\t\t\t\t\t\t\t<\/div>\n\t\t\t\t<\/div>\n\t\t\t\t\t<\/div>\n\t\t<\/div>\n\t\t\t\t<div class=\"elementor-column elementor-col-50 elementor-top-column elementor-element elementor-element-715ce37\" data-id=\"715ce37\" data-element_type=\"column\">\n\t\t\t<div class=\"elementor-widget-wrap elementor-element-populated\">\n\t\t\t\t\t\t<div class=\"elementor-element elementor-element-2d22e76 elementor-widget elementor-widget-image\" data-id=\"2d22e76\" data-element_type=\"widget\" data-widget_type=\"image.default\">\n\t\t\t\t<div class=\"elementor-widget-container\">\n\t\t\t\t\t\t\t\t\t\t\t\t\t\t\t<img loading=\"lazy\" decoding=\"async\" width=\"886\" height=\"588\" src=\"https:\/\/www.willysplan.com\/wp-content\/uploads\/2020\/07\/ruta-por-la-mola1.jpg\" class=\"attachment-large size-large wp-image-13339\" alt=\"\" srcset=\"https:\/\/www.willysplan.com\/wp-content\/uploads\/2020\/07\/ruta-por-la-mola1.jpg 886w, https:\/\/www.willysplan.com\/wp-content\/uploads\/2020\/07\/ruta-por-la-mola1-300x199.jpg 300w, https:\/\/www.willysplan.com\/wp-content\/uploads\/2020\/07\/ruta-por-la-mola1-768x510.jpg 768w, https:\/\/www.willysplan.com\/wp-content\/uploads\/2020\/07\/ruta-por-la-mola1-480x320.jpg 480w, https:\/\/www.willysplan.com\/wp-content\/uploads\/2020\/07\/ruta-por-la-mola1-280x186.jpg 280w, https:\/\/www.willysplan.com\/wp-content\/uploads\/2020\/07\/ruta-por-la-mola1-603x400.jpg 603w, https:\/\/www.willysplan.com\/wp-content\/uploads\/2020\/07\/ruta-por-la-mola1-585x388.jpg 585w, https:\/\/www.willysplan.com\/wp-content\/uploads\/2020\/07\/ruta-por-la-mola1-600x398.jpg 600w\" sizes=\"(max-width: 886px) 100vw, 886px\" \/>\t\t\t\t\t\t\t\t\t\t\t\t\t\t\t<\/div>\n\t\t\t\t<\/div>\n\t\t\t\t\t<\/div>\n\t\t<\/div>\n\t\t\t\t\t<\/div>\n\t\t<\/section>\n\t\t\t\t<section class=\"elementor-section elementor-top-section elementor-element elementor-element-c270963 elementor-section-boxed elementor-section-height-default elementor-section-height-default\" data-id=\"c270963\" data-element_type=\"section\">\n\t\t\t\t\t\t<div class=\"elementor-container elementor-column-gap-default\">\n\t\t\t\t\t<div class=\"elementor-column elementor-col-100 elementor-top-column elementor-element elementor-element-765432f\" data-id=\"765432f\" data-element_type=\"column\">\n\t\t\t<div class=\"elementor-widget-wrap elementor-element-populated\">\n\t\t\t\t\t\t<div class=\"elementor-element elementor-element-afe3043 elementor-widget elementor-widget-text-editor\" data-id=\"afe3043\" data-element_type=\"widget\" data-widget_type=\"text-editor.default\">\n\t\t\t\t<div class=\"elementor-widget-container\">\n\t\t\t\t\t\t\t\t\t<p><strong>La Mola<\/strong> o tamb\u00e9 anomenada \u201cla taula\u201d, \u00e9s la muntanya m\u00e9s alta del Parc Natural de Sant Lloren\u00e7 del Munt i l&#8217;Obac (al costat de les <a href=\"https:\/\/www.willysplan.com\/ca\/rutes\/rutes-de-senderisme-i-excursions-per-mura\">coses a veure a Mura<\/a> , <a href=\"https:\/\/www.willysplan.com\/ca\/rutes\/rutes-de-senderisme-i-excursions-per-talamanca\">a Talamanca<\/a> , i fins i tot prop de les <a href=\"https:\/\/www.willysplan.com\/ca\/rutes\/rutes-de-senderisme-i-excursions-per-caldes-de-montbui\">rutes que fer a Caldes de Montbui<\/a> ). La seva altitud pot superar els 1104 metres, per la qual cosa es pot apreciar des de diversos punts de la comarca.<\/p><p>Durant el cam\u00ed, \u00e9s important seguir la guia recomanada i les senyalitzacions que es van trobant a la cru\u00eflla, sobretot per no desviar-se i prendre precaucions. La pujada \u00e9s una mica forta al comen\u00e7ament, pel fet que ens trobarem amb senders i parets molt rocoses, fins arribar a un terreny m\u00e9s pla on ja es poden apreciar les primeres vistes.<\/p><p>A dalt d&#8217;aquesta muntanya ens trobarem amb el <strong>Monestir Rom\u00e0nic de Sant Lloren\u00e7 De Munt,<\/strong> que actualment \u00e9s un restaurant que atrau una gran aflu\u00e8ncia de turistes i viatgers de la zona. El m\u00e9s curi\u00f3s d&#8217;aquest restaurant \u00e9s que per abastir-lo requereixen rucs per pujar els aliments, cosa que resulta tot un atractiu per als visitants que gaudeixen veient com es feia antigament aquesta mena de feines. \u00c9s com viatjar al passat! A m\u00e9s a m\u00e9s d&#8217;oferir un bon servei, el paisatge natural \u00e9s incomparable.<\/p>\t\t\t\t\t\t\t\t<\/div>\n\t\t\t\t<\/div>\n\t\t\t\t\t<\/div>\n\t\t<\/div>\n\t\t\t\t\t<\/div>\n\t\t<\/section>\n\t\t\t\t<section class=\"elementor-section elementor-top-section elementor-element elementor-element-8f539d6 elementor-section-boxed elementor-section-height-default elementor-section-height-default\" data-id=\"8f539d6\" data-element_type=\"section\">\n\t\t\t\t\t\t<div class=\"elementor-container elementor-column-gap-default\">\n\t\t\t\t\t<div class=\"elementor-column elementor-col-100 elementor-top-column elementor-element elementor-element-4728947\" data-id=\"4728947\" data-element_type=\"column\">\n\t\t\t<div class=\"elementor-widget-wrap elementor-element-populated\">\n\t\t\t\t\t\t<div class=\"elementor-element elementor-element-eef7585 elementor-widget elementor-widget-heading\" data-id=\"eef7585\" data-element_type=\"widget\" data-widget_type=\"heading.default\">\n\t\t\t\t<div class=\"elementor-widget-container\">\n\t\t\t\t\t<h2 class=\"elementor-heading-title elementor-size-default\">Altres rutes que tamb\u00e9 et poden interessar...<\/h2>\t\t\t\t<\/div>\n\t\t\t\t<\/div>\n\t\t\t\t\t<\/div>\n\t\t<\/div>\n\t\t\t\t\t<\/div>\n\t\t<\/section>\n\t\t\t\t<section class=\"elementor-section elementor-top-section elementor-element elementor-element-cc48bd4 elementor-section-boxed elementor-section-height-default elementor-section-height-default\" data-id=\"cc48bd4\" data-element_type=\"section\">\n\t\t\t\t\t\t<div class=\"elementor-container elementor-column-gap-default\">\n\t\t\t\t\t<div class=\"elementor-column elementor-col-100 elementor-top-column elementor-element elementor-element-6968409\" data-id=\"6968409\" data-element_type=\"column\">\n\t\t\t<div class=\"elementor-widget-wrap elementor-element-populated\">\n\t\t\t\t\t\t<div class=\"elementor-element elementor-element-e00b5d0 elementor-grid-4 elementor-grid-tablet-2 elementor-grid-mobile-1 elementor-posts--thumbnail-top elementor-widget elementor-widget-posts\" data-id=\"e00b5d0\" data-element_type=\"widget\" data-settings=\"{&quot;classic_columns&quot;:&quot;4&quot;,&quot;classic_columns_tablet&quot;:&quot;2&quot;,&quot;classic_columns_mobile&quot;:&quot;1&quot;,&quot;classic_row_gap&quot;:{&quot;unit&quot;:&quot;px&quot;,&quot;size&quot;:35,&quot;sizes&quot;:[]},&quot;classic_row_gap_tablet&quot;:{&quot;unit&quot;:&quot;px&quot;,&quot;size&quot;:&quot;&quot;,&quot;sizes&quot;:[]},&quot;classic_row_gap_mobile&quot;:{&quot;unit&quot;:&quot;px&quot;,&quot;size&quot;:&quot;&quot;,&quot;sizes&quot;:[]}}\" data-widget_type=\"posts.classic\">\n\t\t\t\t<div class=\"elementor-widget-container\">\n\t\t\t\t\t\t\t<div class=\"elementor-posts-container elementor-posts elementor-posts--skin-classic elementor-grid\" role=\"list\">\n\t\t\t\t<article class=\"elementor-post elementor-grid-item post-16065 post type-post status-publish format-standard has-post-thumbnail hentry category-rutes tag-rutas-barcelona-provincia tag-rutas-beget tag-rutas-berga tag-rutas-bergueda tag-rutas-castellar-de-nhug tag-rutas-cataluna\" role=\"listitem\">\n\t\t\t\t<a class=\"elementor-post__thumbnail__link\" href=\"https:\/\/www.willysplan.com\/ca\/rutes\/ruta-des-dels-jardins-artigas-a-castellar-de-nhug\" tabindex=\"-1\" >\n\t\t\t<div class=\"elementor-post__thumbnail\"><img loading=\"lazy\" decoding=\"async\" width=\"300\" height=\"300\" src=\"https:\/\/www.willysplan.com\/wp-content\/uploads\/2020\/07\/Jardins-artigas21-300x300.jpg\" class=\"attachment-medium size-medium wp-image-13691\" alt=\"\" srcset=\"https:\/\/www.willysplan.com\/wp-content\/uploads\/2020\/07\/Jardins-artigas21-300x300.jpg 300w, https:\/\/www.willysplan.com\/wp-content\/uploads\/2020\/07\/Jardins-artigas21-1024x1024.jpg 1024w, https:\/\/www.willysplan.com\/wp-content\/uploads\/2020\/07\/Jardins-artigas21-150x150.jpg 150w, https:\/\/www.willysplan.com\/wp-content\/uploads\/2020\/07\/Jardins-artigas21-768x768.jpg 768w, https:\/\/www.willysplan.com\/wp-content\/uploads\/2020\/07\/Jardins-artigas21-480x480.jpg 480w, https:\/\/www.willysplan.com\/wp-content\/uploads\/2020\/07\/Jardins-artigas21-280x280.jpg 280w, https:\/\/www.willysplan.com\/wp-content\/uploads\/2020\/07\/Jardins-artigas21-960x960.jpg 960w, https:\/\/www.willysplan.com\/wp-content\/uploads\/2020\/07\/Jardins-artigas21-400x400.jpg 400w, https:\/\/www.willysplan.com\/wp-content\/uploads\/2020\/07\/Jardins-artigas21-585x585.jpg 585w, https:\/\/www.willysplan.com\/wp-content\/uploads\/2020\/07\/Jardins-artigas21-600x600.jpg 600w, https:\/\/www.willysplan.com\/wp-content\/uploads\/2020\/07\/Jardins-artigas21-100x100.jpg 100w, https:\/\/www.willysplan.com\/wp-content\/uploads\/2020\/07\/Jardins-artigas21.jpg 1080w\" sizes=\"(max-width: 300px) 100vw, 300px\" \/><\/div>\n\t\t<\/a>\n\t\t\t\t<div class=\"elementor-post__text\">\n\t\t\t\t<h4 class=\"elementor-post__title\">\n\t\t\t<a href=\"https:\/\/www.willysplan.com\/ca\/rutes\/ruta-des-dels-jardins-artigas-a-castellar-de-nhug\" >\n\t\t\t\tRuta des dels Jardins Artigas a Castellar de N&#8217;hug\t\t\t<\/a>\n\t\t<\/h4>\n\t\t\t\t<\/div>\n\t\t\t\t<\/article>\n\t\t\t\t<\/div>\n\t\t\n\t\t\t\t\t\t<\/div>\n\t\t\t\t<\/div>\n\t\t\t\t\t<\/div>\n\t\t<\/div>\n\t\t\t\t\t<\/div>\n\t\t<\/section>\n\t\t\t\t<\/div>\n\t\t","protected":false},"excerpt":{"rendered":"<p>A Willy\u00b4s pla triem una de les destinacions m\u00e9s importants, que evidentment forma part de la nostra oferta de rutes i excursions a Barcelona prov\u00edncia<\/p>\n","protected":false},"author":2,"featured_media":13337,"comment_status":"closed","ping_status":"closed","sticky":false,"template":"","format":"standard","meta":{"neve_meta_sidebar":"","neve_meta_container":"","neve_meta_enable_content_width":"","neve_meta_content_width":0,"neve_meta_title_alignment":"","neve_meta_author_avatar":"","neve_post_elements_order":"","neve_meta_disable_header":"","neve_meta_disable_footer":"","neve_meta_disable_title":"","_joinchat":[],"footnotes":""},"categories":[323],"tags":[372,360,389],"class_list":["post-15997","post","type-post","status-publish","format-standard","has-post-thumbnail","hentry","category-rutes","tag-rutes-barcelona-provincia","tag-rutes-catalunya","tag-rutes-valls-occidental"],"yoast_head":"<!-- This site is optimized with the Yoast SEO Premium plugin v20.1 (Yoast SEO v26.9) - https:\/\/yoast.com\/product\/yoast-seo-premium-wordpress\/ -->\n<title>Ruta senderisme pel Montcau, Cova Simanya i la Mola - Willy&#039;s Plan<\/title>\n<meta name=\"description\" content=\"Descobreix una de les millors rutes de senderisme a la Mola. En aquesta excursi\u00f3 visitem el Montcau, Cova Simanya i la Mola. \u2705 Entra ara!\" \/>\n<meta name=\"robots\" content=\"index, follow, max-snippet:-1, max-image-preview:large, max-video-preview:-1\" \/>\n<link rel=\"canonical\" href=\"https:\/\/www.willysplan.com\/ca\/rutes\/excursio-des-del-montcau-a-la-mola\" \/>\n<meta property=\"og:locale\" content=\"ca_ES\" \/>\n<meta property=\"og:type\" content=\"article\" \/>\n<meta property=\"og:title\" content=\"Excursi\u00f3 des del Montcau a La Mola\" \/>\n<meta property=\"og:description\" content=\"Descobreix una de les millors rutes de senderisme a la Mola. En aquesta excursi\u00f3 visitem el Montcau, Cova Simanya i la Mola. \u2705 Entra ara!\" \/>\n<meta property=\"og:url\" content=\"https:\/\/www.willysplan.com\/ca\/rutes\/excursio-des-del-montcau-a-la-mola\" \/>\n<meta property=\"og:site_name\" content=\"Willy&#039;s Plan \ud83c\udf43\" \/>\n<meta property=\"article:published_time\" content=\"2020-07-11T17:57:53+00:00\" \/>\n<meta property=\"article:modified_time\" content=\"2023-07-25T04:03:39+00:00\" \/>\n<meta property=\"og:image\" content=\"https:\/\/www.willysplan.com\/wp-content\/uploads\/2020\/07\/excursion-por-la-mola1.jpg\" \/>\n\t<meta property=\"og:image:width\" content=\"1200\" \/>\n\t<meta property=\"og:image:height\" content=\"800\" \/>\n\t<meta property=\"og:image:type\" content=\"image\/jpeg\" \/>\n<meta name=\"author\" content=\"Guillem Asensio\" \/>\n<meta name=\"twitter:card\" content=\"summary_large_image\" \/>\n<meta name=\"twitter:label1\" content=\"Escrit per\" \/>\n\t<meta name=\"twitter:data1\" content=\"Guillem Asensio\" \/>\n\t<meta name=\"twitter:label2\" content=\"Temps estimat de lectura\" \/>\n\t<meta name=\"twitter:data2\" content=\"4 minuts\" \/>\n<script type=\"application\/ld+json\" class=\"yoast-schema-graph\">{\"@context\":\"https:\/\/schema.org\",\"@graph\":[{\"@type\":\"Article\",\"@id\":\"https:\/\/www.willysplan.com\/ca\/rutes\/excursio-des-del-montcau-a-la-mola#article\",\"isPartOf\":{\"@id\":\"https:\/\/www.willysplan.com\/ca\/rutes\/excursio-des-del-montcau-a-la-mola\"},\"author\":{\"name\":\"Guillem Asensio\",\"@id\":\"https:\/\/www.willysplan.com\/#\/schema\/person\/6f2dbf2215cd25715df085907bd007c1\"},\"headline\":\"Excursi\u00f3 des del Montcau a La Mola\",\"datePublished\":\"2020-07-11T17:57:53+00:00\",\"dateModified\":\"2023-07-25T04:03:39+00:00\",\"mainEntityOfPage\":{\"@id\":\"https:\/\/www.willysplan.com\/ca\/rutes\/excursio-des-del-montcau-a-la-mola\"},\"wordCount\":878,\"publisher\":{\"@id\":\"https:\/\/www.willysplan.com\/#organization\"},\"image\":{\"@id\":\"https:\/\/www.willysplan.com\/ca\/rutes\/excursio-des-del-montcau-a-la-mola#primaryimage\"},\"thumbnailUrl\":\"https:\/\/www.willysplan.com\/wp-content\/uploads\/2020\/07\/excursion-por-la-mola1.jpg\",\"keywords\":[\"rutes barcelona prov\u00edncia\",\"rutes catalunya\",\"rutes valls occidental\"],\"articleSection\":[\"rutes\"],\"inLanguage\":\"ca\"},{\"@type\":\"WebPage\",\"@id\":\"https:\/\/www.willysplan.com\/ca\/rutes\/excursio-des-del-montcau-a-la-mola\",\"url\":\"https:\/\/www.willysplan.com\/ca\/rutes\/excursio-des-del-montcau-a-la-mola\",\"name\":\"Ruta senderisme pel Montcau, Cova Simanya i la Mola - Willy's Plan\",\"isPartOf\":{\"@id\":\"https:\/\/www.willysplan.com\/#website\"},\"primaryImageOfPage\":{\"@id\":\"https:\/\/www.willysplan.com\/ca\/rutes\/excursio-des-del-montcau-a-la-mola#primaryimage\"},\"image\":{\"@id\":\"https:\/\/www.willysplan.com\/ca\/rutes\/excursio-des-del-montcau-a-la-mola#primaryimage\"},\"thumbnailUrl\":\"https:\/\/www.willysplan.com\/wp-content\/uploads\/2020\/07\/excursion-por-la-mola1.jpg\",\"datePublished\":\"2020-07-11T17:57:53+00:00\",\"dateModified\":\"2023-07-25T04:03:39+00:00\",\"description\":\"Descobreix una de les millors rutes de senderisme a la Mola. En aquesta excursi\u00f3 visitem el Montcau, Cova Simanya i la Mola. \u2705 Entra ara!\",\"inLanguage\":\"ca\",\"potentialAction\":[{\"@type\":\"ReadAction\",\"target\":[\"https:\/\/www.willysplan.com\/ca\/rutes\/excursio-des-del-montcau-a-la-mola\"]}]},{\"@type\":\"ImageObject\",\"inLanguage\":\"ca\",\"@id\":\"https:\/\/www.willysplan.com\/ca\/rutes\/excursio-des-del-montcau-a-la-mola#primaryimage\",\"url\":\"https:\/\/www.willysplan.com\/wp-content\/uploads\/2020\/07\/excursion-por-la-mola1.jpg\",\"contentUrl\":\"https:\/\/www.willysplan.com\/wp-content\/uploads\/2020\/07\/excursion-por-la-mola1.jpg\",\"width\":1200,\"height\":800},{\"@type\":\"WebSite\",\"@id\":\"https:\/\/www.willysplan.com\/#website\",\"url\":\"https:\/\/www.willysplan.com\/\",\"name\":\"Willy&#039;s Plan \ud83c\udf43\",\"description\":\"Escapadas y Planes de fin de semana\",\"publisher\":{\"@id\":\"https:\/\/www.willysplan.com\/#organization\"},\"potentialAction\":[{\"@type\":\"SearchAction\",\"target\":{\"@type\":\"EntryPoint\",\"urlTemplate\":\"https:\/\/www.willysplan.com\/?s={search_term_string}\"},\"query-input\":{\"@type\":\"PropertyValueSpecification\",\"valueRequired\":true,\"valueName\":\"search_term_string\"}}],\"inLanguage\":\"ca\"},{\"@type\":\"Organization\",\"@id\":\"https:\/\/www.willysplan.com\/#organization\",\"name\":\"Willy&#039;s Plan \ud83c\udf43\",\"url\":\"https:\/\/www.willysplan.com\/\",\"logo\":{\"@type\":\"ImageObject\",\"inLanguage\":\"ca\",\"@id\":\"https:\/\/www.willysplan.com\/#\/schema\/logo\/image\/\",\"url\":\"https:\/\/www.willysplan.com\/wp-content\/uploads\/2020\/04\/cropped-logo-1.png\",\"contentUrl\":\"https:\/\/www.willysplan.com\/wp-content\/uploads\/2020\/04\/cropped-logo-1.png\",\"width\":332,\"height\":332,\"caption\":\"Willy&#039;s Plan \ud83c\udf43\"},\"image\":{\"@id\":\"https:\/\/www.willysplan.com\/#\/schema\/logo\/image\/\"}},{\"@type\":\"Person\",\"@id\":\"https:\/\/www.willysplan.com\/#\/schema\/person\/6f2dbf2215cd25715df085907bd007c1\",\"name\":\"Guillem Asensio\",\"image\":{\"@type\":\"ImageObject\",\"inLanguage\":\"ca\",\"@id\":\"https:\/\/www.willysplan.com\/#\/schema\/person\/image\/\",\"url\":\"https:\/\/secure.gravatar.com\/avatar\/fd3f69da3e6cd8d451f6be79c127da046757b9a4c273deefb40b1291809cc787?s=96&d=mm&r=g\",\"contentUrl\":\"https:\/\/secure.gravatar.com\/avatar\/fd3f69da3e6cd8d451f6be79c127da046757b9a4c273deefb40b1291809cc787?s=96&d=mm&r=g\",\"caption\":\"Guillem Asensio\"},\"sameAs\":[\"https:\/\/willysplan.com\"],\"url\":\"https:\/\/www.willysplan.com\/ca\/author\/willy\"}]}<\/script>\n<!-- \/ Yoast SEO Premium plugin. -->","yoast_head_json":{"title":"Ruta senderisme pel Montcau, Cova Simanya i la Mola - Willy's Plan","description":"Descobreix una de les millors rutes de senderisme a la Mola. En aquesta excursi\u00f3 visitem el Montcau, Cova Simanya i la Mola. \u2705 Entra ara!","robots":{"index":"index","follow":"follow","max-snippet":"max-snippet:-1","max-image-preview":"max-image-preview:large","max-video-preview":"max-video-preview:-1"},"canonical":"https:\/\/www.willysplan.com\/ca\/rutes\/excursio-des-del-montcau-a-la-mola","og_locale":"ca_ES","og_type":"article","og_title":"Excursi\u00f3 des del Montcau a La Mola","og_description":"Descobreix una de les millors rutes de senderisme a la Mola. En aquesta excursi\u00f3 visitem el Montcau, Cova Simanya i la Mola. \u2705 Entra ara!","og_url":"https:\/\/www.willysplan.com\/ca\/rutes\/excursio-des-del-montcau-a-la-mola","og_site_name":"Willy&#039;s Plan \ud83c\udf43","article_published_time":"2020-07-11T17:57:53+00:00","article_modified_time":"2023-07-25T04:03:39+00:00","og_image":[{"width":1200,"height":800,"url":"https:\/\/www.willysplan.com\/wp-content\/uploads\/2020\/07\/excursion-por-la-mola1.jpg","type":"image\/jpeg"}],"author":"Guillem Asensio","twitter_card":"summary_large_image","twitter_misc":{"Escrit per":"Guillem Asensio","Temps estimat de lectura":"4 minuts"},"schema":{"@context":"https:\/\/schema.org","@graph":[{"@type":"Article","@id":"https:\/\/www.willysplan.com\/ca\/rutes\/excursio-des-del-montcau-a-la-mola#article","isPartOf":{"@id":"https:\/\/www.willysplan.com\/ca\/rutes\/excursio-des-del-montcau-a-la-mola"},"author":{"name":"Guillem Asensio","@id":"https:\/\/www.willysplan.com\/#\/schema\/person\/6f2dbf2215cd25715df085907bd007c1"},"headline":"Excursi\u00f3 des del Montcau a La Mola","datePublished":"2020-07-11T17:57:53+00:00","dateModified":"2023-07-25T04:03:39+00:00","mainEntityOfPage":{"@id":"https:\/\/www.willysplan.com\/ca\/rutes\/excursio-des-del-montcau-a-la-mola"},"wordCount":878,"publisher":{"@id":"https:\/\/www.willysplan.com\/#organization"},"image":{"@id":"https:\/\/www.willysplan.com\/ca\/rutes\/excursio-des-del-montcau-a-la-mola#primaryimage"},"thumbnailUrl":"https:\/\/www.willysplan.com\/wp-content\/uploads\/2020\/07\/excursion-por-la-mola1.jpg","keywords":["rutes barcelona prov\u00edncia","rutes catalunya","rutes valls occidental"],"articleSection":["rutes"],"inLanguage":"ca"},{"@type":"WebPage","@id":"https:\/\/www.willysplan.com\/ca\/rutes\/excursio-des-del-montcau-a-la-mola","url":"https:\/\/www.willysplan.com\/ca\/rutes\/excursio-des-del-montcau-a-la-mola","name":"Ruta senderisme pel Montcau, Cova Simanya i la Mola - Willy's Plan","isPartOf":{"@id":"https:\/\/www.willysplan.com\/#website"},"primaryImageOfPage":{"@id":"https:\/\/www.willysplan.com\/ca\/rutes\/excursio-des-del-montcau-a-la-mola#primaryimage"},"image":{"@id":"https:\/\/www.willysplan.com\/ca\/rutes\/excursio-des-del-montcau-a-la-mola#primaryimage"},"thumbnailUrl":"https:\/\/www.willysplan.com\/wp-content\/uploads\/2020\/07\/excursion-por-la-mola1.jpg","datePublished":"2020-07-11T17:57:53+00:00","dateModified":"2023-07-25T04:03:39+00:00","description":"Descobreix una de les millors rutes de senderisme a la Mola. En aquesta excursi\u00f3 visitem el Montcau, Cova Simanya i la Mola. \u2705 Entra ara!","inLanguage":"ca","potentialAction":[{"@type":"ReadAction","target":["https:\/\/www.willysplan.com\/ca\/rutes\/excursio-des-del-montcau-a-la-mola"]}]},{"@type":"ImageObject","inLanguage":"ca","@id":"https:\/\/www.willysplan.com\/ca\/rutes\/excursio-des-del-montcau-a-la-mola#primaryimage","url":"https:\/\/www.willysplan.com\/wp-content\/uploads\/2020\/07\/excursion-por-la-mola1.jpg","contentUrl":"https:\/\/www.willysplan.com\/wp-content\/uploads\/2020\/07\/excursion-por-la-mola1.jpg","width":1200,"height":800},{"@type":"WebSite","@id":"https:\/\/www.willysplan.com\/#website","url":"https:\/\/www.willysplan.com\/","name":"Willy&#039;s Plan \ud83c\udf43","description":"Escapadas y Planes de fin de semana","publisher":{"@id":"https:\/\/www.willysplan.com\/#organization"},"potentialAction":[{"@type":"SearchAction","target":{"@type":"EntryPoint","urlTemplate":"https:\/\/www.willysplan.com\/?s={search_term_string}"},"query-input":{"@type":"PropertyValueSpecification","valueRequired":true,"valueName":"search_term_string"}}],"inLanguage":"ca"},{"@type":"Organization","@id":"https:\/\/www.willysplan.com\/#organization","name":"Willy&#039;s Plan \ud83c\udf43","url":"https:\/\/www.willysplan.com\/","logo":{"@type":"ImageObject","inLanguage":"ca","@id":"https:\/\/www.willysplan.com\/#\/schema\/logo\/image\/","url":"https:\/\/www.willysplan.com\/wp-content\/uploads\/2020\/04\/cropped-logo-1.png","contentUrl":"https:\/\/www.willysplan.com\/wp-content\/uploads\/2020\/04\/cropped-logo-1.png","width":332,"height":332,"caption":"Willy&#039;s Plan \ud83c\udf43"},"image":{"@id":"https:\/\/www.willysplan.com\/#\/schema\/logo\/image\/"}},{"@type":"Person","@id":"https:\/\/www.willysplan.com\/#\/schema\/person\/6f2dbf2215cd25715df085907bd007c1","name":"Guillem Asensio","image":{"@type":"ImageObject","inLanguage":"ca","@id":"https:\/\/www.willysplan.com\/#\/schema\/person\/image\/","url":"https:\/\/secure.gravatar.com\/avatar\/fd3f69da3e6cd8d451f6be79c127da046757b9a4c273deefb40b1291809cc787?s=96&d=mm&r=g","contentUrl":"https:\/\/secure.gravatar.com\/avatar\/fd3f69da3e6cd8d451f6be79c127da046757b9a4c273deefb40b1291809cc787?s=96&d=mm&r=g","caption":"Guillem Asensio"},"sameAs":["https:\/\/willysplan.com"],"url":"https:\/\/www.willysplan.com\/ca\/author\/willy"}]}},"_links":{"self":[{"href":"https:\/\/www.willysplan.com\/ca\/wp-json\/wp\/v2\/posts\/15997","targetHints":{"allow":["GET"]}}],"collection":[{"href":"https:\/\/www.willysplan.com\/ca\/wp-json\/wp\/v2\/posts"}],"about":[{"href":"https:\/\/www.willysplan.com\/ca\/wp-json\/wp\/v2\/types\/post"}],"author":[{"embeddable":true,"href":"https:\/\/www.willysplan.com\/ca\/wp-json\/wp\/v2\/users\/2"}],"replies":[{"embeddable":true,"href":"https:\/\/www.willysplan.com\/ca\/wp-json\/wp\/v2\/comments?post=15997"}],"version-history":[{"count":9,"href":"https:\/\/www.willysplan.com\/ca\/wp-json\/wp\/v2\/posts\/15997\/revisions"}],"predecessor-version":[{"id":21617,"href":"https:\/\/www.willysplan.com\/ca\/wp-json\/wp\/v2\/posts\/15997\/revisions\/21617"}],"wp:featuredmedia":[{"embeddable":true,"href":"https:\/\/www.willysplan.com\/ca\/wp-json\/wp\/v2\/media\/13337"}],"wp:attachment":[{"href":"https:\/\/www.willysplan.com\/ca\/wp-json\/wp\/v2\/media?parent=15997"}],"wp:term":[{"taxonomy":"category","embeddable":true,"href":"https:\/\/www.willysplan.com\/ca\/wp-json\/wp\/v2\/categories?post=15997"},{"taxonomy":"post_tag","embeddable":true,"href":"https:\/\/www.willysplan.com\/ca\/wp-json\/wp\/v2\/tags?post=15997"}],"curies":[{"name":"wp","href":"https:\/\/api.w.org\/{rel}","templated":true}]}}