{"id":15991,"date":"2020-07-11T19:39:54","date_gmt":"2020-07-11T18:39:54","guid":{"rendered":"https:\/\/willysplan.com\/uncategorized-ca\/excursio-des-de-lermita-st-marti-del-corb-al-mirador-puig-rodo"},"modified":"2023-07-25T04:32:57","modified_gmt":"2023-07-25T03:32:57","slug":"excursio-des-de-lermita-st-marti-del-corb-al-mirador-puig-rodo","status":"publish","type":"post","link":"https:\/\/www.willysplan.com\/ca\/rutes\/excursio-des-de-lermita-st-marti-del-corb-al-mirador-puig-rodo","title":{"rendered":"Excursi\u00f3 des de l&#8217;Ermita St. Mart\u00ed del Corb al Mirador Puig Rod\u00f3"},"content":{"rendered":"\t\t<div data-elementor-type=\"wp-post\" data-elementor-id=\"15991\" class=\"elementor elementor-15991 elementor-1776\" data-elementor-post-type=\"post\">\n\t\t\t\t\t\t<section class=\"elementor-section elementor-top-section elementor-element elementor-element-f4c69cc elementor-section-boxed elementor-section-height-default elementor-section-height-default\" data-id=\"f4c69cc\" data-element_type=\"section\">\n\t\t\t\t\t\t<div class=\"elementor-container elementor-column-gap-default\">\n\t\t\t\t\t<div class=\"elementor-column elementor-col-50 elementor-top-column elementor-element elementor-element-164a862\" data-id=\"164a862\" data-element_type=\"column\">\n\t\t\t<div class=\"elementor-widget-wrap elementor-element-populated\">\n\t\t\t\t\t\t<div class=\"elementor-element elementor-element-29bc239 elementor-widget elementor-widget-text-editor\" data-id=\"29bc239\" data-element_type=\"widget\" data-widget_type=\"text-editor.default\">\n\t\t\t\t<div class=\"elementor-widget-container\">\n\t\t\t\t\t\t\t\t\t<p>Avui us presentem una de les <a href=\"https:\/\/www.willysplan.com\/ca\/rutes\/rutes-de-senderisme-i-excursions-per-la-garrotxa\">millors rutes que fer a La Garrotxa<\/a> <strong>,<\/strong> en concret, us proposem una de les tantes <a href=\"https:\/\/www.willysplan.com\/ca\/rutes\/rutes-de-senderisme-i-excursions-per-olot\">excursions que fer a Olot<\/a> . Aquest darrer \u00e9s conegut per ser un petit poble medieval, i per descomptat a Willy\u00b4s Plan tenim just al costat, que consta del recorregut que va des de <strong>l\u00b4Ermita de Sant Mart\u00ed del Corb<\/strong> fins al <strong>Mirador Puig Rod\u00f3<\/strong> : un recorregut obligat si esteu un cap de setmana a <strong>La Garrotxa.<\/strong><\/p><p style=\"background-color: #ffffff;\">A Willy\u00b4s Plan et proposem aquesta ruta on coneixer\u00e0s tres llocs ic\u00f2nics de la comarca, dins la m\u00edtica Fageda d&#8217;en Jord\u00e0: <span style=\"font-weight: bold;\">la <\/span><span style=\"font-weight: bold;\">Ermita Sant Mart\u00ed del Corb, l&#8217;Ermita Sant Miquel del Corb i el Mirador Puig Rod\u00f3. <\/span>Una de les tantes sortides que us recomanem de fer si esteu buscant <a href=\"https:\/\/www.willysplan.com\/ca\/rutes\/rutes-de-senderisme-i-excursions-per-catalunya\">rutes i excursions per Catalunya<\/a>. Encara que us hem d&#8217;advertir, que aquesta ruta en concret, us la recomanem fer m\u00e9s aviat a la tardor. El motiu \u00e9s ben simple: la Fageda d&#8217;en Jord\u00e0 \u00e9s especialment coneguda pel temps quan cauen les fulles i cobreixen el paisatge d&#8217;aquest color ataronjat i vermell\u00f3s. Aix\u00ed doncs, si acudiu durant els mesos de setembre, octubre, novembre i desembre, podreu gaudir d\u00b4unes vistes i un entorn singular.<\/p>\t\t\t\t\t\t\t\t<\/div>\n\t\t\t\t<\/div>\n\t\t\t\t\t<\/div>\n\t\t<\/div>\n\t\t\t\t<div class=\"elementor-column elementor-col-50 elementor-top-column elementor-element elementor-element-60f0dac\" data-id=\"60f0dac\" data-element_type=\"column\">\n\t\t\t<div class=\"elementor-widget-wrap elementor-element-populated\">\n\t\t\t\t\t\t<div class=\"elementor-element elementor-element-7e0fcb9 elementor-widget elementor-widget-html\" data-id=\"7e0fcb9\" data-element_type=\"widget\" data-widget_type=\"html.default\">\n\t\t\t\t<div class=\"elementor-widget-container\">\n\t\t\t\t\t<iframe src=\"https:\/\/www.google.com\/maps\/embed?pb=!1m34!1m12!1m3!1d9392.414465103582!2d2.4775644652770614!3d42.14119115001201!2m3!1f0!2f0!3f0!3m2!1i1024!2i768!4f13.1!4m19!3e2!4m5!1s0x12bacb7a9777880b%3A0x986e3f3e087d43fa!2sErmita%20de%20Sant%20Mart%C3%AD%20del%20Corb%2C%2017178%20Les%20Preses%2C%20Girona!3m2!1d42.1401974!2d2.4915171!4m5!1s0x12bacb6935a82489%3A0x907d464a676d5b54!2sErmita%20de%20Sant%20Miquel%20del%20Corb%2C%20Carr.%20de%20Sant%20Miquel%20del%20Corb%2C%208%2C%2017178%20Les%20Preses%2C%20Girona!3m2!1d42.14391!2d2.4849899!4m5!1s0x12bacb67fcc03051%3A0xb9295cb9902c1b85!2sMirador%20Puig%20Rod%C3%B3!3m2!1d42.1401964!2d2.4807429!5e0!3m2!1ses!2ses!4v1603870943727!5m2!1ses!2ses\" width=\"600\" height=\"450\" frameborder=\"0\" style=\"border:0;\" allowfullscreen=\"\" aria-hidden=\"false\" tabindex=\"0\"><\/iframe>\t\t\t\t<\/div>\n\t\t\t\t<\/div>\n\t\t\t\t\t<\/div>\n\t\t<\/div>\n\t\t\t\t\t<\/div>\n\t\t<\/section>\n\t\t\t\t<section class=\"elementor-section elementor-top-section elementor-element elementor-element-671cd3c elementor-section-boxed elementor-section-height-default elementor-section-height-default\" data-id=\"671cd3c\" data-element_type=\"section\">\n\t\t\t\t\t\t<div class=\"elementor-container elementor-column-gap-default\">\n\t\t\t\t\t<div class=\"elementor-column elementor-col-100 elementor-top-column elementor-element elementor-element-eaffc38\" data-id=\"eaffc38\" data-element_type=\"column\">\n\t\t\t<div class=\"elementor-widget-wrap elementor-element-populated\">\n\t\t\t\t\t\t<div class=\"elementor-element elementor-element-ac561a4 elementor-widget elementor-widget-text-editor\" data-id=\"ac561a4\" data-element_type=\"widget\" data-widget_type=\"text-editor.default\">\n\t\t\t\t<div class=\"elementor-widget-container\">\n\t\t\t\t\t\t\t\t\t<p><span style=\"background-color: #ffffff;\">Molt a prop d&#8217;<\/span> <span style=\"font-weight: bold;\">Olot<\/span> , <span style=\"background-color: #ffffff;\">hi ha una excursi\u00f3 que tamb\u00e9 envolta tot l&#8217;encanteri del paisatge i la bellesa de la natura. Un lloc on admirar l&#8217;entorn i amb unes vistes sense iguals: ens estem referint a l&#8217;article on us parlem de <a href=\"https:\/\/www.willysplan.com\/ca\/rutes\/excursions-i-rutes-de-senderisme-a-castellfollit-de-la-roca\">qu\u00e8 veure a Castellfollit de la Roca i rodalies<\/a> . Un petit poble situat al cim d&#8217;un penya-segat, on les cases es troben delimitades pel precipici. Sens dubte, un lloc per visitar si estem buscant <a href=\"https:\/\/www.willysplan.com\/ca\/rutes\/rutes-de-senderisme-i-excursions-per-girona-provincia\">rutes i excursions per la prov\u00edncia de Girona<\/a>.<\/span><span style=\"color: var( --e-global-color-text ); font-family: var( --e-global-typography-text-font-family ); font-weight: var( --e-global-typography-text-font-weight );\"><br \/><\/span><\/p><p><span style=\"color: var( --e-global-color-text ); font-family: var( --e-global-typography-text-font-family ); font-weight: var( --e-global-typography-text-font-weight );\">Per comen\u00e7ar aquest recorregut, coneixerem les famoses ermites d&#8217;Olot:<\/span> <strong style=\"color: var( --e-global-color-text ); font-family: var( --e-global-typography-text-font-family );\">l&#8217;<\/strong> <strong style=\"color: var( --e-global-color-text ); font-family: var( --e-global-typography-text-font-family );\">ermita Sant Mart\u00ed del Corb<\/strong> <span style=\"color: var( --e-global-color-text ); font-family: var( --e-global-typography-text-font-family );\">i<\/span> <strong style=\"color: var( --e-global-color-text ); font-family: var( --e-global-typography-text-font-family );\">l&#8217;ermita Sant Miquel del Corb<\/strong><span style=\"color: var( --e-global-color-text ); font-family: var( --e-global-typography-text-font-family ); font-weight: var( --e-global-typography-text-font-weight );\">. Dues petites i fascinants esgl\u00e9sies que se&#8217;ns creuen pel cam\u00ed, i ens coquetegen amb la seva bellesa singular.<\/span><\/p><p>Despr\u00e9s de visitar-les, acabarem pujant a dalt de tot de la muntanya per delectar-nos amb les millors vistes a la <strong>serra del Corb<\/strong> , que nom\u00e9s pot oferir el <strong>Mirador Puig Rod\u00f3.<\/strong><\/p><p>Has de saber que aquesta ruta \u00e9s ideal per fer-la en un sol mat\u00ed o tarda. El cam\u00ed es pot rec\u00f3rrer a peu o amb bici, gr\u00e0cies a la senyalitzaci\u00f3 que est\u00e0 el tram. De la mateixa manera, \u00e9s una sortida perfecta per fer en un <a href=\"https:\/\/www.willysplan.com\/ca\/escapades-amb-nens-per-catalunya\">cap de setmana amb nens<\/a> , o igual d&#8217;apte si cerques una <a href=\"https:\/\/www.willysplan.com\/ca\/escapades-relax-per-catalunya-els-millors-balnearis-hotels-i-spas\">escapada relax barata per Catalunya<\/a> . Encara que de deb\u00f2 vols gaudir de l&#8217;entorn, et recomanem passar tot el dia i portar tota l&#8217;energia possible.<\/p>\t\t\t\t\t\t\t\t<\/div>\n\t\t\t\t<\/div>\n\t\t\t\t\t<\/div>\n\t\t<\/div>\n\t\t\t\t\t<\/div>\n\t\t<\/section>\n\t\t\t\t<section class=\"elementor-section elementor-top-section elementor-element elementor-element-36fe8d4 elementor-section-boxed elementor-section-height-default elementor-section-height-default\" data-id=\"36fe8d4\" data-element_type=\"section\">\n\t\t\t\t\t\t<div class=\"elementor-container elementor-column-gap-default\">\n\t\t\t\t\t<div class=\"elementor-column elementor-col-100 elementor-top-column elementor-element elementor-element-da527a3\" data-id=\"da527a3\" data-element_type=\"column\">\n\t\t\t<div class=\"elementor-widget-wrap elementor-element-populated\">\n\t\t\t\t\t\t<div class=\"elementor-element elementor-element-005077d elementor-widget elementor-widget-heading\" data-id=\"005077d\" data-element_type=\"widget\" data-widget_type=\"heading.default\">\n\t\t\t\t<div class=\"elementor-widget-container\">\n\t\t\t\t\t<h2 class=\"elementor-heading-title elementor-size-default\">Ermita Sant Mart\u00ed del Corb<\/h2>\t\t\t\t<\/div>\n\t\t\t\t<\/div>\n\t\t\t\t\t<\/div>\n\t\t<\/div>\n\t\t\t\t\t<\/div>\n\t\t<\/section>\n\t\t\t\t<section class=\"elementor-section elementor-top-section elementor-element elementor-element-39c50f9 elementor-section-boxed elementor-section-height-default elementor-section-height-default\" data-id=\"39c50f9\" data-element_type=\"section\">\n\t\t\t\t\t\t<div class=\"elementor-container elementor-column-gap-default\">\n\t\t\t\t\t<div class=\"elementor-column elementor-col-50 elementor-top-column elementor-element elementor-element-f49e2b5\" data-id=\"f49e2b5\" data-element_type=\"column\">\n\t\t\t<div class=\"elementor-widget-wrap elementor-element-populated\">\n\t\t\t\t\t\t<div class=\"elementor-element elementor-element-777c13c elementor-widget elementor-widget-image\" data-id=\"777c13c\" data-element_type=\"widget\" data-widget_type=\"image.default\">\n\t\t\t\t<div class=\"elementor-widget-container\">\n\t\t\t\t\t\t\t\t\t\t\t\t\t\t\t<img fetchpriority=\"high\" decoding=\"async\" width=\"768\" height=\"576\" src=\"https:\/\/www.willysplan.com\/wp-content\/uploads\/2020\/07\/ermita-sant-marti-corb1-768x576.jpg\" class=\"attachment-medium_large size-medium_large wp-image-13377\" alt=\"ruta ermita sant marti corb\" srcset=\"https:\/\/www.willysplan.com\/wp-content\/uploads\/2020\/07\/ermita-sant-marti-corb1-768x576.jpg 768w, https:\/\/www.willysplan.com\/wp-content\/uploads\/2020\/07\/ermita-sant-marti-corb1-300x225.jpg 300w, https:\/\/www.willysplan.com\/wp-content\/uploads\/2020\/07\/ermita-sant-marti-corb1-760x570.jpg 760w, https:\/\/www.willysplan.com\/wp-content\/uploads\/2020\/07\/ermita-sant-marti-corb1-533x400.jpg 533w, https:\/\/www.willysplan.com\/wp-content\/uploads\/2020\/07\/ermita-sant-marti-corb1-585x439.jpg 585w, https:\/\/www.willysplan.com\/wp-content\/uploads\/2020\/07\/ermita-sant-marti-corb1-600x450.jpg 600w, https:\/\/www.willysplan.com\/wp-content\/uploads\/2020\/07\/ermita-sant-marti-corb1.jpg 800w\" sizes=\"(max-width: 768px) 100vw, 768px\" \/>\t\t\t\t\t\t\t\t\t\t\t\t\t\t\t<\/div>\n\t\t\t\t<\/div>\n\t\t\t\t\t<\/div>\n\t\t<\/div>\n\t\t\t\t<div class=\"elementor-column elementor-col-50 elementor-top-column elementor-element elementor-element-3adfcf7\" data-id=\"3adfcf7\" data-element_type=\"column\">\n\t\t\t<div class=\"elementor-widget-wrap elementor-element-populated\">\n\t\t\t\t\t\t<div class=\"elementor-element elementor-element-4b1d3b8 elementor-widget elementor-widget-image\" data-id=\"4b1d3b8\" data-element_type=\"widget\" data-widget_type=\"image.default\">\n\t\t\t\t<div class=\"elementor-widget-container\">\n\t\t\t\t\t\t\t\t\t\t\t\t\t\t\t<img decoding=\"async\" width=\"768\" height=\"576\" src=\"https:\/\/www.willysplan.com\/wp-content\/uploads\/2020\/07\/ermita-de-sant-marti-del-corb1-768x576.jpg\" class=\"attachment-medium_large size-medium_large wp-image-13379\" alt=\"\" srcset=\"https:\/\/www.willysplan.com\/wp-content\/uploads\/2020\/07\/ermita-de-sant-marti-del-corb1-768x576.jpg 768w, https:\/\/www.willysplan.com\/wp-content\/uploads\/2020\/07\/ermita-de-sant-marti-del-corb1-300x225.jpg 300w, https:\/\/www.willysplan.com\/wp-content\/uploads\/2020\/07\/ermita-de-sant-marti-del-corb1-1024x768.jpg 1024w, https:\/\/www.willysplan.com\/wp-content\/uploads\/2020\/07\/ermita-de-sant-marti-del-corb1-760x570.jpg 760w, https:\/\/www.willysplan.com\/wp-content\/uploads\/2020\/07\/ermita-de-sant-marti-del-corb1-960x720.jpg 960w, https:\/\/www.willysplan.com\/wp-content\/uploads\/2020\/07\/ermita-de-sant-marti-del-corb1-533x400.jpg 533w, https:\/\/www.willysplan.com\/wp-content\/uploads\/2020\/07\/ermita-de-sant-marti-del-corb1-585x439.jpg 585w, https:\/\/www.willysplan.com\/wp-content\/uploads\/2020\/07\/ermita-de-sant-marti-del-corb1-600x450.jpg 600w, https:\/\/www.willysplan.com\/wp-content\/uploads\/2020\/07\/ermita-de-sant-marti-del-corb1.jpg 1152w\" sizes=\"(max-width: 768px) 100vw, 768px\" \/>\t\t\t\t\t\t\t\t\t\t\t\t\t\t\t<\/div>\n\t\t\t\t<\/div>\n\t\t\t\t\t<\/div>\n\t\t<\/div>\n\t\t\t\t\t<\/div>\n\t\t<\/section>\n\t\t\t\t<section class=\"elementor-section elementor-top-section elementor-element elementor-element-4e88c10 elementor-section-boxed elementor-section-height-default elementor-section-height-default\" data-id=\"4e88c10\" data-element_type=\"section\">\n\t\t\t\t\t\t<div class=\"elementor-container elementor-column-gap-default\">\n\t\t\t\t\t<div class=\"elementor-column elementor-col-100 elementor-top-column elementor-element elementor-element-8ccc3a4\" data-id=\"8ccc3a4\" data-element_type=\"column\">\n\t\t\t<div class=\"elementor-widget-wrap elementor-element-populated\">\n\t\t\t\t\t\t<div class=\"elementor-element elementor-element-39dc59f elementor-widget elementor-widget-text-editor\" data-id=\"39dc59f\" data-element_type=\"widget\" data-widget_type=\"text-editor.default\">\n\t\t\t\t<div class=\"elementor-widget-container\">\n\t\t\t\t\t\t\t\t\t<p>L&#8217; <strong>Ermita Sant Mart\u00ed del Corb<\/strong> \u00e9s una bonica construcci\u00f3 rom\u00e0nica. Encara que la seva mida \u00e9s molt petita, \u00e9s una perfecta composici\u00f3 d&#8217;esglaons, pilastres i una teulada amb dos vessants i espadanya.<\/p>\n<p>Segur us pregunteu per qu\u00e8 visitar una ermita que es troba tancada? Perqu\u00e8 ho sapigueu aquesta ermita va ser de molta import\u00e0ncia per als recol\u00b7lectors de la zona en \u00e8poques de sequera, per la qual cosa anaven en process\u00f3 a aquesta petita esgl\u00e9sia a fer oracions i demanar que arrib\u00e9s la tan anhelada pluja.<\/p>\n<p>Encara que aquesta construcci\u00f3 es troba tancada, en general es pot veure l&#8217;interior des d&#8217;alguna de les finestres i es pot apreciar l&#8217;encantadora font que l&#8217;acompanya.<\/p>\t\t\t\t\t\t\t\t<\/div>\n\t\t\t\t<\/div>\n\t\t\t\t\t<\/div>\n\t\t<\/div>\n\t\t\t\t\t<\/div>\n\t\t<\/section>\n\t\t\t\t<section class=\"elementor-section elementor-top-section elementor-element elementor-element-cf26dc9 elementor-section-boxed elementor-section-height-default elementor-section-height-default\" data-id=\"cf26dc9\" data-element_type=\"section\">\n\t\t\t\t\t\t<div class=\"elementor-container elementor-column-gap-default\">\n\t\t\t\t\t<div class=\"elementor-column elementor-col-100 elementor-top-column elementor-element elementor-element-5689fda\" data-id=\"5689fda\" data-element_type=\"column\">\n\t\t\t<div class=\"elementor-widget-wrap elementor-element-populated\">\n\t\t\t\t\t\t<div class=\"elementor-element elementor-element-ec10ffc elementor-widget elementor-widget-heading\" data-id=\"ec10ffc\" data-element_type=\"widget\" data-widget_type=\"heading.default\">\n\t\t\t\t<div class=\"elementor-widget-container\">\n\t\t\t\t\t<h2 class=\"elementor-heading-title elementor-size-default\">Ermita Sant Miquel del Corb<\/h2>\t\t\t\t<\/div>\n\t\t\t\t<\/div>\n\t\t\t\t\t<\/div>\n\t\t<\/div>\n\t\t\t\t\t<\/div>\n\t\t<\/section>\n\t\t\t\t<section class=\"elementor-section elementor-top-section elementor-element elementor-element-9ca4401 elementor-section-boxed elementor-section-height-default elementor-section-height-default\" data-id=\"9ca4401\" data-element_type=\"section\">\n\t\t\t\t\t\t<div class=\"elementor-container elementor-column-gap-default\">\n\t\t\t\t\t<div class=\"elementor-column elementor-col-50 elementor-top-column elementor-element elementor-element-824143d\" data-id=\"824143d\" data-element_type=\"column\">\n\t\t\t<div class=\"elementor-widget-wrap elementor-element-populated\">\n\t\t\t\t\t\t<div class=\"elementor-element elementor-element-14928ac elementor-widget elementor-widget-image\" data-id=\"14928ac\" data-element_type=\"widget\" data-widget_type=\"image.default\">\n\t\t\t\t<div class=\"elementor-widget-container\">\n\t\t\t\t\t\t\t\t\t\t\t\t\t\t\t<img decoding=\"async\" width=\"1000\" height=\"669\" src=\"https:\/\/www.willysplan.com\/wp-content\/uploads\/2020\/07\/ermita-sant-miquel-corb1.jpg\" class=\"attachment-large size-large wp-image-13381\" alt=\"\" srcset=\"https:\/\/www.willysplan.com\/wp-content\/uploads\/2020\/07\/ermita-sant-miquel-corb1.jpg 1000w, https:\/\/www.willysplan.com\/wp-content\/uploads\/2020\/07\/ermita-sant-miquel-corb1-300x201.jpg 300w, https:\/\/www.willysplan.com\/wp-content\/uploads\/2020\/07\/ermita-sant-miquel-corb1-768x514.jpg 768w, https:\/\/www.willysplan.com\/wp-content\/uploads\/2020\/07\/ermita-sant-miquel-corb1-480x320.jpg 480w, https:\/\/www.willysplan.com\/wp-content\/uploads\/2020\/07\/ermita-sant-miquel-corb1-280x186.jpg 280w, https:\/\/www.willysplan.com\/wp-content\/uploads\/2020\/07\/ermita-sant-miquel-corb1-960x642.jpg 960w, https:\/\/www.willysplan.com\/wp-content\/uploads\/2020\/07\/ermita-sant-miquel-corb1-598x400.jpg 598w, https:\/\/www.willysplan.com\/wp-content\/uploads\/2020\/07\/ermita-sant-miquel-corb1-585x391.jpg 585w, https:\/\/www.willysplan.com\/wp-content\/uploads\/2020\/07\/ermita-sant-miquel-corb1-600x401.jpg 600w\" sizes=\"(max-width: 1000px) 100vw, 1000px\" \/>\t\t\t\t\t\t\t\t\t\t\t\t\t\t\t<\/div>\n\t\t\t\t<\/div>\n\t\t\t\t\t<\/div>\n\t\t<\/div>\n\t\t\t\t<div class=\"elementor-column elementor-col-50 elementor-top-column elementor-element elementor-element-681e6ac\" data-id=\"681e6ac\" data-element_type=\"column\">\n\t\t\t<div class=\"elementor-widget-wrap elementor-element-populated\">\n\t\t\t\t\t\t<div class=\"elementor-element elementor-element-7b3201b elementor-widget elementor-widget-image\" data-id=\"7b3201b\" data-element_type=\"widget\" data-widget_type=\"image.default\">\n\t\t\t\t<div class=\"elementor-widget-container\">\n\t\t\t\t\t\t\t\t\t\t\t\t\t\t\t<img loading=\"lazy\" decoding=\"async\" width=\"1024\" height=\"768\" src=\"https:\/\/www.willysplan.com\/wp-content\/uploads\/2020\/07\/ermita-sant-miquel-del-corb1-1024x768.jpg\" class=\"attachment-large size-large wp-image-13383\" alt=\"excursi\u00f3 ermita sant miquel del corb\" srcset=\"https:\/\/www.willysplan.com\/wp-content\/uploads\/2020\/07\/ermita-sant-miquel-del-corb1-1024x768.jpg 1024w, https:\/\/www.willysplan.com\/wp-content\/uploads\/2020\/07\/ermita-sant-miquel-del-corb1-300x225.jpg 300w, https:\/\/www.willysplan.com\/wp-content\/uploads\/2020\/07\/ermita-sant-miquel-del-corb1-768x576.jpg 768w, https:\/\/www.willysplan.com\/wp-content\/uploads\/2020\/07\/ermita-sant-miquel-del-corb1-1536x1152.jpg 1536w, https:\/\/www.willysplan.com\/wp-content\/uploads\/2020\/07\/ermita-sant-miquel-del-corb1-760x570.jpg 760w, https:\/\/www.willysplan.com\/wp-content\/uploads\/2020\/07\/ermita-sant-miquel-del-corb1-960x720.jpg 960w, https:\/\/www.willysplan.com\/wp-content\/uploads\/2020\/07\/ermita-sant-miquel-del-corb1-533x400.jpg 533w, https:\/\/www.willysplan.com\/wp-content\/uploads\/2020\/07\/ermita-sant-miquel-del-corb1-585x439.jpg 585w, https:\/\/www.willysplan.com\/wp-content\/uploads\/2020\/07\/ermita-sant-miquel-del-corb1-600x450.jpg 600w, https:\/\/www.willysplan.com\/wp-content\/uploads\/2020\/07\/ermita-sant-miquel-del-corb1.jpg 1600w\" sizes=\"(max-width: 1024px) 100vw, 1024px\" \/>\t\t\t\t\t\t\t\t\t\t\t\t\t\t\t<\/div>\n\t\t\t\t<\/div>\n\t\t\t\t\t<\/div>\n\t\t<\/div>\n\t\t\t\t\t<\/div>\n\t\t<\/section>\n\t\t\t\t<section class=\"elementor-section elementor-top-section elementor-element elementor-element-090337d elementor-section-boxed elementor-section-height-default elementor-section-height-default\" data-id=\"090337d\" data-element_type=\"section\">\n\t\t\t\t\t\t<div class=\"elementor-container elementor-column-gap-default\">\n\t\t\t\t\t<div class=\"elementor-column elementor-col-100 elementor-top-column elementor-element elementor-element-10259a1\" data-id=\"10259a1\" data-element_type=\"column\">\n\t\t\t<div class=\"elementor-widget-wrap elementor-element-populated\">\n\t\t\t\t\t\t<div class=\"elementor-element elementor-element-67842ef elementor-widget elementor-widget-text-editor\" data-id=\"67842ef\" data-element_type=\"widget\" data-widget_type=\"text-editor.default\">\n\t\t\t\t<div class=\"elementor-widget-container\">\n\t\t\t\t\t\t\t\t\t<p>Abans d\u00b4arribar a aquest lloc us recomanem visitar la <strong>Masia L\u00b4Antiga.<\/strong> Ja que es troba al cam\u00ed, no estaria malament gaudir algun plat t\u00edpic i de passada con\u00e8ixer una mica m\u00e9s de la import\u00e0ncia de les masies per a la cultura catalana.<\/p>\n<p>Ara si anem cap a l&#8217; <strong>ermita Sant Miquel del Corb.<\/strong> Aquesta petita capella est\u00e0 perfectament restaurada i est\u00e0 com a sortida d\u00b4un conte de fades. Aix\u00f2 \u00e9s perqu\u00e8 aquesta m\u00e9s amagada entre la natura i fa la sensaci\u00f3 que pertany a un lloc fant\u00e0stic.<\/p>\n<p>Com l&#8217;ermita anterior, aquesta construcci\u00f3 conserva tot l&#8217;encant de l&#8217;estil rom\u00e0nic i servia com a punt religi\u00f3s per a les processons dels feligresos. Actualment \u00e9s un dels llocs favorits per als senderistes, que decideixen prendre <strong>excursions per<\/strong> <strong>la Garrotxa,<\/strong> ja que els camins solen ser molt bonics i ideals per prendre llargues caminades al mig dels boscos.<\/p>\n\t\t\t\t\t\t\t\t<\/div>\n\t\t\t\t<\/div>\n\t\t\t\t\t<\/div>\n\t\t<\/div>\n\t\t\t\t\t<\/div>\n\t\t<\/section>\n\t\t\t\t<section class=\"elementor-section elementor-top-section elementor-element elementor-element-c34e060 elementor-section-boxed elementor-section-height-default elementor-section-height-default\" data-id=\"c34e060\" data-element_type=\"section\">\n\t\t\t\t\t\t<div class=\"elementor-container elementor-column-gap-default\">\n\t\t\t\t\t<div class=\"elementor-column elementor-col-100 elementor-top-column elementor-element elementor-element-e81ecc9\" data-id=\"e81ecc9\" data-element_type=\"column\">\n\t\t\t<div class=\"elementor-widget-wrap elementor-element-populated\">\n\t\t\t\t\t\t<div class=\"elementor-element elementor-element-ba75c32 elementor-widget elementor-widget-heading\" data-id=\"ba75c32\" data-element_type=\"widget\" data-widget_type=\"heading.default\">\n\t\t\t\t<div class=\"elementor-widget-container\">\n\t\t\t\t\t<h2 class=\"elementor-heading-title elementor-size-default\">Mirador Puig Rod\u00f3<\/h2>\t\t\t\t<\/div>\n\t\t\t\t<\/div>\n\t\t\t\t\t<\/div>\n\t\t<\/div>\n\t\t\t\t\t<\/div>\n\t\t<\/section>\n\t\t\t\t<section class=\"elementor-section elementor-top-section elementor-element elementor-element-75067e7 elementor-section-boxed elementor-section-height-default elementor-section-height-default\" data-id=\"75067e7\" data-element_type=\"section\">\n\t\t\t\t\t\t<div class=\"elementor-container elementor-column-gap-default\">\n\t\t\t\t\t<div class=\"elementor-column elementor-col-50 elementor-top-column elementor-element elementor-element-bb31b40\" data-id=\"bb31b40\" data-element_type=\"column\">\n\t\t\t<div class=\"elementor-widget-wrap elementor-element-populated\">\n\t\t\t\t\t\t<div class=\"elementor-element elementor-element-ea6a904 elementor-widget elementor-widget-image\" data-id=\"ea6a904\" data-element_type=\"widget\" data-widget_type=\"image.default\">\n\t\t\t\t<div class=\"elementor-widget-container\">\n\t\t\t\t\t\t\t\t\t\t\t\t\t\t\t<img loading=\"lazy\" decoding=\"async\" width=\"811\" height=\"608\" src=\"https:\/\/www.willysplan.com\/wp-content\/uploads\/2020\/07\/mirador-puig-rodo1.jpg\" class=\"attachment-large size-large wp-image-13385\" alt=\"\" srcset=\"https:\/\/www.willysplan.com\/wp-content\/uploads\/2020\/07\/mirador-puig-rodo1.jpg 811w, https:\/\/www.willysplan.com\/wp-content\/uploads\/2020\/07\/mirador-puig-rodo1-300x225.jpg 300w, https:\/\/www.willysplan.com\/wp-content\/uploads\/2020\/07\/mirador-puig-rodo1-768x576.jpg 768w, https:\/\/www.willysplan.com\/wp-content\/uploads\/2020\/07\/mirador-puig-rodo1-760x570.jpg 760w, https:\/\/www.willysplan.com\/wp-content\/uploads\/2020\/07\/mirador-puig-rodo1-534x400.jpg 534w, https:\/\/www.willysplan.com\/wp-content\/uploads\/2020\/07\/mirador-puig-rodo1-585x439.jpg 585w, https:\/\/www.willysplan.com\/wp-content\/uploads\/2020\/07\/mirador-puig-rodo1-600x450.jpg 600w\" sizes=\"(max-width: 811px) 100vw, 811px\" \/>\t\t\t\t\t\t\t\t\t\t\t\t\t\t\t<\/div>\n\t\t\t\t<\/div>\n\t\t\t\t\t<\/div>\n\t\t<\/div>\n\t\t\t\t<div class=\"elementor-column elementor-col-50 elementor-top-column elementor-element elementor-element-715ce37\" data-id=\"715ce37\" data-element_type=\"column\">\n\t\t\t<div class=\"elementor-widget-wrap elementor-element-populated\">\n\t\t\t\t\t\t<div class=\"elementor-element elementor-element-2d22e76 elementor-widget elementor-widget-image\" data-id=\"2d22e76\" data-element_type=\"widget\" data-widget_type=\"image.default\">\n\t\t\t\t<div class=\"elementor-widget-container\">\n\t\t\t\t\t\t\t\t\t\t\t\t\t\t\t<img loading=\"lazy\" decoding=\"async\" width=\"1024\" height=\"768\" src=\"https:\/\/www.willysplan.com\/wp-content\/uploads\/2020\/07\/mirador-puig-rodo-garrotxa-paint-1024x768.jpg\" class=\"attachment-large size-large wp-image-13387\" alt=\"\" srcset=\"https:\/\/www.willysplan.com\/wp-content\/uploads\/2020\/07\/mirador-puig-rodo-garrotxa-paint-1024x768.jpg 1024w, https:\/\/www.willysplan.com\/wp-content\/uploads\/2020\/07\/mirador-puig-rodo-garrotxa-paint-300x225.jpg 300w, https:\/\/www.willysplan.com\/wp-content\/uploads\/2020\/07\/mirador-puig-rodo-garrotxa-paint-768x576.jpg 768w, https:\/\/www.willysplan.com\/wp-content\/uploads\/2020\/07\/mirador-puig-rodo-garrotxa-paint-760x570.jpg 760w, https:\/\/www.willysplan.com\/wp-content\/uploads\/2020\/07\/mirador-puig-rodo-garrotxa-paint-960x720.jpg 960w, https:\/\/www.willysplan.com\/wp-content\/uploads\/2020\/07\/mirador-puig-rodo-garrotxa-paint-533x400.jpg 533w, https:\/\/www.willysplan.com\/wp-content\/uploads\/2020\/07\/mirador-puig-rodo-garrotxa-paint-585x439.jpg 585w, https:\/\/www.willysplan.com\/wp-content\/uploads\/2020\/07\/mirador-puig-rodo-garrotxa-paint-600x450.jpg 600w, https:\/\/www.willysplan.com\/wp-content\/uploads\/2020\/07\/mirador-puig-rodo-garrotxa-paint.jpg 1200w\" sizes=\"(max-width: 1024px) 100vw, 1024px\" \/>\t\t\t\t\t\t\t\t\t\t\t\t\t\t\t<\/div>\n\t\t\t\t<\/div>\n\t\t\t\t\t<\/div>\n\t\t<\/div>\n\t\t\t\t\t<\/div>\n\t\t<\/section>\n\t\t\t\t<section class=\"elementor-section elementor-top-section elementor-element elementor-element-c270963 elementor-section-boxed elementor-section-height-default elementor-section-height-default\" data-id=\"c270963\" data-element_type=\"section\">\n\t\t\t\t\t\t<div class=\"elementor-container elementor-column-gap-default\">\n\t\t\t\t\t<div class=\"elementor-column elementor-col-100 elementor-top-column elementor-element elementor-element-765432f\" data-id=\"765432f\" data-element_type=\"column\">\n\t\t\t<div class=\"elementor-widget-wrap elementor-element-populated\">\n\t\t\t\t\t\t<div class=\"elementor-element elementor-element-afe3043 elementor-widget elementor-widget-text-editor\" data-id=\"afe3043\" data-element_type=\"widget\" data-widget_type=\"text-editor.default\">\n\t\t\t\t<div class=\"elementor-widget-container\">\n\t\t\t\t\t\t\t\t\t<p>Despr\u00e9s de la nostra visita per les <strong>ermites d&#8217;Olot<\/strong> , arribem al <strong>Mirador Puig Rod\u00f3.<\/strong> Aquest espectacular paratge est\u00e0 ubicat a <strong>la serra del Corb<\/strong> al <strong>Parc Natural de la Zona Volc\u00e0nica de la Garrotxa<\/strong> i \u00e9s un dels miradors m\u00e9s al\u00b7lucinants que us pugueu imaginar. Aqu\u00ed la vista panor\u00e0mica circular a la regi\u00f3 muntanyenca, els volcans i la ciutat d&#8217;Olot \u00e9s indescriptible.<\/p><p>El Puig Rod\u00f3 s&#8217;aixeca a 909 metres de la serra del Corb i ofereix una extensa panor\u00e0mica del territori. Al peu de la muntanya, les ermites de Sant Miquel i Sant Mart\u00ed obren la vall que, cap a l&#8217;est, s&#8217;endinsa fins al Parc Natural de la Zona Volc\u00e0nica de la Garrotxa. Tamb\u00e9 es pot contemplar la Fageda d&#8217;en Jord\u00e0 i prop de vint volcans (ja en un altre article us parlem <a href=\"https:\/\/www.willysplan.com\/ca\/ideas\/els-millors-volcans-de-catalunya\">dels millors volcans a Catalunya<\/a> ). Al fons podem veure la badia de Roses, mentre que al nord, contemplem, imponent, la ciutat d&#8217;Olot i el Montsacopa i, m\u00e9s enll\u00e0 dels Pirineus.<\/p><p>Per arribar a aquest lloc, us recomanem portar sabatilles de senderisme, una mica de menjar i suficient beguda per estar hidratats, ja que la ruta que farem ser\u00e0 caminant i prendr\u00e0 una mica de temps.<\/p><p>Aquest recorregut \u00e9s una veritable connexi\u00f3 amb el patrimoni natural de la Garrotxa, on descobrirem els boscos caducifolis de la serra del Corb i gaudirem de la frescor d\u00b4una de les serres m\u00e9s espectaculars de <strong>Catalunya<\/strong> .<\/p>\t\t\t\t\t\t\t\t<\/div>\n\t\t\t\t<\/div>\n\t\t\t\t\t<\/div>\n\t\t<\/div>\n\t\t\t\t\t<\/div>\n\t\t<\/section>\n\t\t\t\t<section class=\"elementor-section elementor-top-section elementor-element elementor-element-f3c0bf8 elementor-section-boxed elementor-section-height-default elementor-section-height-default\" data-id=\"f3c0bf8\" data-element_type=\"section\">\n\t\t\t\t\t\t<div class=\"elementor-container elementor-column-gap-default\">\n\t\t\t\t\t<div class=\"elementor-column elementor-col-100 elementor-top-column elementor-element elementor-element-f058ee5\" data-id=\"f058ee5\" data-element_type=\"column\">\n\t\t\t<div class=\"elementor-widget-wrap elementor-element-populated\">\n\t\t\t\t\t\t<div class=\"elementor-element elementor-element-159de27 elementor-widget elementor-widget-heading\" data-id=\"159de27\" data-element_type=\"widget\" data-widget_type=\"heading.default\">\n\t\t\t\t<div class=\"elementor-widget-container\">\n\t\t\t\t\t<h2 class=\"elementor-heading-title elementor-size-default\">Altres rutes que tamb\u00e9 et poden interessar...<\/h2>\t\t\t\t<\/div>\n\t\t\t\t<\/div>\n\t\t\t\t\t<\/div>\n\t\t<\/div>\n\t\t\t\t\t<\/div>\n\t\t<\/section>\n\t\t\t\t<section class=\"elementor-section elementor-top-section elementor-element elementor-element-e2bfac5 elementor-section-boxed elementor-section-height-default elementor-section-height-default\" data-id=\"e2bfac5\" data-element_type=\"section\">\n\t\t\t\t\t\t<div class=\"elementor-container elementor-column-gap-default\">\n\t\t\t\t\t<div class=\"elementor-column elementor-col-100 elementor-top-column elementor-element elementor-element-16c693c\" data-id=\"16c693c\" data-element_type=\"column\">\n\t\t\t<div class=\"elementor-widget-wrap elementor-element-populated\">\n\t\t\t\t\t\t<div class=\"elementor-element elementor-element-c0cb15a elementor-grid-4 elementor-grid-tablet-2 elementor-grid-mobile-1 elementor-posts--thumbnail-top elementor-widget elementor-widget-posts\" data-id=\"c0cb15a\" data-element_type=\"widget\" data-settings=\"{&quot;classic_columns&quot;:&quot;4&quot;,&quot;classic_columns_tablet&quot;:&quot;2&quot;,&quot;classic_columns_mobile&quot;:&quot;1&quot;,&quot;classic_row_gap&quot;:{&quot;unit&quot;:&quot;px&quot;,&quot;size&quot;:35,&quot;sizes&quot;:[]},&quot;classic_row_gap_tablet&quot;:{&quot;unit&quot;:&quot;px&quot;,&quot;size&quot;:&quot;&quot;,&quot;sizes&quot;:[]},&quot;classic_row_gap_mobile&quot;:{&quot;unit&quot;:&quot;px&quot;,&quot;size&quot;:&quot;&quot;,&quot;sizes&quot;:[]}}\" data-widget_type=\"posts.classic\">\n\t\t\t\t<div class=\"elementor-widget-container\">\n\t\t\t\t\t\t\t<div class=\"elementor-posts-container elementor-posts elementor-posts--skin-classic elementor-grid\" role=\"list\">\n\t\t\t\t<article class=\"elementor-post elementor-grid-item post-16065 post type-post status-publish format-standard has-post-thumbnail hentry category-rutes tag-rutas-barcelona-provincia tag-rutas-beget tag-rutas-berga tag-rutas-bergueda tag-rutas-castellar-de-nhug tag-rutas-cataluna\" role=\"listitem\">\n\t\t\t\t<a class=\"elementor-post__thumbnail__link\" href=\"https:\/\/www.willysplan.com\/ca\/rutes\/ruta-des-dels-jardins-artigas-a-castellar-de-nhug\" tabindex=\"-1\" >\n\t\t\t<div class=\"elementor-post__thumbnail\"><img loading=\"lazy\" decoding=\"async\" width=\"300\" height=\"300\" src=\"https:\/\/www.willysplan.com\/wp-content\/uploads\/2020\/07\/Jardins-artigas21-300x300.jpg\" class=\"attachment-medium size-medium wp-image-13691\" alt=\"\" srcset=\"https:\/\/www.willysplan.com\/wp-content\/uploads\/2020\/07\/Jardins-artigas21-300x300.jpg 300w, https:\/\/www.willysplan.com\/wp-content\/uploads\/2020\/07\/Jardins-artigas21-1024x1024.jpg 1024w, https:\/\/www.willysplan.com\/wp-content\/uploads\/2020\/07\/Jardins-artigas21-150x150.jpg 150w, https:\/\/www.willysplan.com\/wp-content\/uploads\/2020\/07\/Jardins-artigas21-768x768.jpg 768w, https:\/\/www.willysplan.com\/wp-content\/uploads\/2020\/07\/Jardins-artigas21-480x480.jpg 480w, https:\/\/www.willysplan.com\/wp-content\/uploads\/2020\/07\/Jardins-artigas21-280x280.jpg 280w, https:\/\/www.willysplan.com\/wp-content\/uploads\/2020\/07\/Jardins-artigas21-960x960.jpg 960w, https:\/\/www.willysplan.com\/wp-content\/uploads\/2020\/07\/Jardins-artigas21-400x400.jpg 400w, https:\/\/www.willysplan.com\/wp-content\/uploads\/2020\/07\/Jardins-artigas21-585x585.jpg 585w, https:\/\/www.willysplan.com\/wp-content\/uploads\/2020\/07\/Jardins-artigas21-600x600.jpg 600w, https:\/\/www.willysplan.com\/wp-content\/uploads\/2020\/07\/Jardins-artigas21-100x100.jpg 100w, https:\/\/www.willysplan.com\/wp-content\/uploads\/2020\/07\/Jardins-artigas21.jpg 1080w\" sizes=\"(max-width: 300px) 100vw, 300px\" \/><\/div>\n\t\t<\/a>\n\t\t\t\t<div class=\"elementor-post__text\">\n\t\t\t\t<h4 class=\"elementor-post__title\">\n\t\t\t<a href=\"https:\/\/www.willysplan.com\/ca\/rutes\/ruta-des-dels-jardins-artigas-a-castellar-de-nhug\" >\n\t\t\t\tRuta des dels Jardins Artigas a Castellar de N&#8217;hug\t\t\t<\/a>\n\t\t<\/h4>\n\t\t\t\t<\/div>\n\t\t\t\t<\/article>\n\t\t\t\t<\/div>\n\t\t\n\t\t\t\t\t\t<\/div>\n\t\t\t\t<\/div>\n\t\t\t\t\t<\/div>\n\t\t<\/div>\n\t\t\t\t\t<\/div>\n\t\t<\/section>\n\t\t\t\t<\/div>\n\t\t","protected":false},"excerpt":{"rendered":"<p>Avui us presentem una de les millors rutes que fer a La Garrotxa , en concret, us proposem una de les tantes excursions que fer<\/p>\n","protected":false},"author":2,"featured_media":13377,"comment_status":"closed","ping_status":"closed","sticky":false,"template":"","format":"standard","meta":{"neve_meta_sidebar":"","neve_meta_container":"","neve_meta_enable_content_width":"","neve_meta_content_width":0,"neve_meta_title_alignment":"","neve_meta_author_avatar":"","neve_post_elements_order":"","neve_meta_disable_header":"","neve_meta_disable_footer":"","neve_meta_disable_title":"","_joinchat":[],"footnotes":""},"categories":[323],"tags":[360,361,392,393],"class_list":["post-15991","post","type-post","status-publish","format-standard","has-post-thumbnail","hentry","category-rutes","tag-rutes-catalunya","tag-rutes-girona-provincia","tag-rutes-la-garrotxa","tag-rutes-olot"],"yoast_head":"<!-- This site is optimized with the Yoast SEO Premium plugin v20.1 (Yoast SEO v26.9) - https:\/\/yoast.com\/product\/yoast-seo-premium-wordpress\/ -->\n<title>Ruta des de l\u00b4Ermita St Mart\u00ed del Corb al Mirador Puig Rod\u00f3 - Willy&#039;s Plan<\/title>\n<meta name=\"description\" content=\"Descobreix una de les millors rutes per fer a Girona. Visita Ermita Sant Mart\u00ed del Corb, Ermita Sant Miquel del Corb, Mirador Puig Rod\u00f3. \u2705 Entra ara!\" \/>\n<meta name=\"robots\" content=\"index, follow, max-snippet:-1, max-image-preview:large, max-video-preview:-1\" \/>\n<link rel=\"canonical\" href=\"https:\/\/www.willysplan.com\/ca\/rutes\/excursio-des-de-lermita-st-marti-del-corb-al-mirador-puig-rodo\" \/>\n<meta property=\"og:locale\" content=\"ca_ES\" \/>\n<meta property=\"og:type\" content=\"article\" \/>\n<meta property=\"og:title\" content=\"Excursi\u00f3 des de l&#039;Ermita St. Mart\u00ed del Corb al Mirador Puig Rod\u00f3\" \/>\n<meta property=\"og:description\" content=\"Descobreix una de les millors rutes per fer a Girona. Visita Ermita Sant Mart\u00ed del Corb, Ermita Sant Miquel del Corb, Mirador Puig Rod\u00f3. \u2705 Entra ara!\" \/>\n<meta property=\"og:url\" content=\"https:\/\/www.willysplan.com\/ca\/rutes\/excursio-des-de-lermita-st-marti-del-corb-al-mirador-puig-rodo\" \/>\n<meta property=\"og:site_name\" content=\"Willy&#039;s Plan \ud83c\udf43\" \/>\n<meta property=\"article:published_time\" content=\"2020-07-11T18:39:54+00:00\" \/>\n<meta property=\"article:modified_time\" content=\"2023-07-25T03:32:57+00:00\" \/>\n<meta property=\"og:image\" content=\"https:\/\/www.willysplan.com\/wp-content\/uploads\/2020\/07\/ermita-sant-marti-corb1.jpg\" \/>\n\t<meta property=\"og:image:width\" content=\"800\" \/>\n\t<meta property=\"og:image:height\" content=\"600\" \/>\n\t<meta property=\"og:image:type\" content=\"image\/jpeg\" \/>\n<meta name=\"author\" content=\"Guillem Asensio\" \/>\n<meta name=\"twitter:card\" content=\"summary_large_image\" \/>\n<meta name=\"twitter:label1\" content=\"Escrit per\" \/>\n\t<meta name=\"twitter:data1\" content=\"Guillem Asensio\" \/>\n\t<meta name=\"twitter:label2\" content=\"Temps estimat de lectura\" \/>\n\t<meta name=\"twitter:data2\" content=\"5 minuts\" \/>\n<script type=\"application\/ld+json\" class=\"yoast-schema-graph\">{\"@context\":\"https:\/\/schema.org\",\"@graph\":[{\"@type\":\"Article\",\"@id\":\"https:\/\/www.willysplan.com\/ca\/rutes\/excursio-des-de-lermita-st-marti-del-corb-al-mirador-puig-rodo#article\",\"isPartOf\":{\"@id\":\"https:\/\/www.willysplan.com\/ca\/rutes\/excursio-des-de-lermita-st-marti-del-corb-al-mirador-puig-rodo\"},\"author\":{\"name\":\"Guillem Asensio\",\"@id\":\"https:\/\/www.willysplan.com\/#\/schema\/person\/6f2dbf2215cd25715df085907bd007c1\"},\"headline\":\"Excursi\u00f3 des de l&#8217;Ermita St. Mart\u00ed del Corb al Mirador Puig Rod\u00f3\",\"datePublished\":\"2020-07-11T18:39:54+00:00\",\"dateModified\":\"2023-07-25T03:32:57+00:00\",\"mainEntityOfPage\":{\"@id\":\"https:\/\/www.willysplan.com\/ca\/rutes\/excursio-des-de-lermita-st-marti-del-corb-al-mirador-puig-rodo\"},\"wordCount\":1029,\"publisher\":{\"@id\":\"https:\/\/www.willysplan.com\/#organization\"},\"image\":{\"@id\":\"https:\/\/www.willysplan.com\/ca\/rutes\/excursio-des-de-lermita-st-marti-del-corb-al-mirador-puig-rodo#primaryimage\"},\"thumbnailUrl\":\"https:\/\/www.willysplan.com\/wp-content\/uploads\/2020\/07\/ermita-sant-marti-corb1.jpg\",\"keywords\":[\"rutes catalunya\",\"rutes girona prov\u00edncia\",\"rutes la garrotxa\",\"rutes olot\"],\"articleSection\":[\"rutes\"],\"inLanguage\":\"ca\"},{\"@type\":\"WebPage\",\"@id\":\"https:\/\/www.willysplan.com\/ca\/rutes\/excursio-des-de-lermita-st-marti-del-corb-al-mirador-puig-rodo\",\"url\":\"https:\/\/www.willysplan.com\/ca\/rutes\/excursio-des-de-lermita-st-marti-del-corb-al-mirador-puig-rodo\",\"name\":\"Ruta des de l\u00b4Ermita St Mart\u00ed del Corb al Mirador Puig Rod\u00f3 - Willy's Plan\",\"isPartOf\":{\"@id\":\"https:\/\/www.willysplan.com\/#website\"},\"primaryImageOfPage\":{\"@id\":\"https:\/\/www.willysplan.com\/ca\/rutes\/excursio-des-de-lermita-st-marti-del-corb-al-mirador-puig-rodo#primaryimage\"},\"image\":{\"@id\":\"https:\/\/www.willysplan.com\/ca\/rutes\/excursio-des-de-lermita-st-marti-del-corb-al-mirador-puig-rodo#primaryimage\"},\"thumbnailUrl\":\"https:\/\/www.willysplan.com\/wp-content\/uploads\/2020\/07\/ermita-sant-marti-corb1.jpg\",\"datePublished\":\"2020-07-11T18:39:54+00:00\",\"dateModified\":\"2023-07-25T03:32:57+00:00\",\"description\":\"Descobreix una de les millors rutes per fer a Girona. Visita Ermita Sant Mart\u00ed del Corb, Ermita Sant Miquel del Corb, Mirador Puig Rod\u00f3. \u2705 Entra ara!\",\"inLanguage\":\"ca\",\"potentialAction\":[{\"@type\":\"ReadAction\",\"target\":[\"https:\/\/www.willysplan.com\/ca\/rutes\/excursio-des-de-lermita-st-marti-del-corb-al-mirador-puig-rodo\"]}]},{\"@type\":\"ImageObject\",\"inLanguage\":\"ca\",\"@id\":\"https:\/\/www.willysplan.com\/ca\/rutes\/excursio-des-de-lermita-st-marti-del-corb-al-mirador-puig-rodo#primaryimage\",\"url\":\"https:\/\/www.willysplan.com\/wp-content\/uploads\/2020\/07\/ermita-sant-marti-corb1.jpg\",\"contentUrl\":\"https:\/\/www.willysplan.com\/wp-content\/uploads\/2020\/07\/ermita-sant-marti-corb1.jpg\",\"width\":800,\"height\":600,\"caption\":\"ruta ermita sant marti corb\"},{\"@type\":\"WebSite\",\"@id\":\"https:\/\/www.willysplan.com\/#website\",\"url\":\"https:\/\/www.willysplan.com\/\",\"name\":\"Willy&#039;s Plan \ud83c\udf43\",\"description\":\"Escapadas y Planes de fin de semana\",\"publisher\":{\"@id\":\"https:\/\/www.willysplan.com\/#organization\"},\"potentialAction\":[{\"@type\":\"SearchAction\",\"target\":{\"@type\":\"EntryPoint\",\"urlTemplate\":\"https:\/\/www.willysplan.com\/?s={search_term_string}\"},\"query-input\":{\"@type\":\"PropertyValueSpecification\",\"valueRequired\":true,\"valueName\":\"search_term_string\"}}],\"inLanguage\":\"ca\"},{\"@type\":\"Organization\",\"@id\":\"https:\/\/www.willysplan.com\/#organization\",\"name\":\"Willy&#039;s Plan \ud83c\udf43\",\"url\":\"https:\/\/www.willysplan.com\/\",\"logo\":{\"@type\":\"ImageObject\",\"inLanguage\":\"ca\",\"@id\":\"https:\/\/www.willysplan.com\/#\/schema\/logo\/image\/\",\"url\":\"https:\/\/www.willysplan.com\/wp-content\/uploads\/2020\/04\/cropped-logo-1.png\",\"contentUrl\":\"https:\/\/www.willysplan.com\/wp-content\/uploads\/2020\/04\/cropped-logo-1.png\",\"width\":332,\"height\":332,\"caption\":\"Willy&#039;s Plan \ud83c\udf43\"},\"image\":{\"@id\":\"https:\/\/www.willysplan.com\/#\/schema\/logo\/image\/\"}},{\"@type\":\"Person\",\"@id\":\"https:\/\/www.willysplan.com\/#\/schema\/person\/6f2dbf2215cd25715df085907bd007c1\",\"name\":\"Guillem Asensio\",\"image\":{\"@type\":\"ImageObject\",\"inLanguage\":\"ca\",\"@id\":\"https:\/\/www.willysplan.com\/#\/schema\/person\/image\/\",\"url\":\"https:\/\/secure.gravatar.com\/avatar\/fd3f69da3e6cd8d451f6be79c127da046757b9a4c273deefb40b1291809cc787?s=96&d=mm&r=g\",\"contentUrl\":\"https:\/\/secure.gravatar.com\/avatar\/fd3f69da3e6cd8d451f6be79c127da046757b9a4c273deefb40b1291809cc787?s=96&d=mm&r=g\",\"caption\":\"Guillem Asensio\"},\"sameAs\":[\"https:\/\/willysplan.com\"],\"url\":\"https:\/\/www.willysplan.com\/ca\/author\/willy\"}]}<\/script>\n<!-- \/ Yoast SEO Premium plugin. -->","yoast_head_json":{"title":"Ruta des de l\u00b4Ermita St Mart\u00ed del Corb al Mirador Puig Rod\u00f3 - Willy's Plan","description":"Descobreix una de les millors rutes per fer a Girona. Visita Ermita Sant Mart\u00ed del Corb, Ermita Sant Miquel del Corb, Mirador Puig Rod\u00f3. \u2705 Entra ara!","robots":{"index":"index","follow":"follow","max-snippet":"max-snippet:-1","max-image-preview":"max-image-preview:large","max-video-preview":"max-video-preview:-1"},"canonical":"https:\/\/www.willysplan.com\/ca\/rutes\/excursio-des-de-lermita-st-marti-del-corb-al-mirador-puig-rodo","og_locale":"ca_ES","og_type":"article","og_title":"Excursi\u00f3 des de l'Ermita St. Mart\u00ed del Corb al Mirador Puig Rod\u00f3","og_description":"Descobreix una de les millors rutes per fer a Girona. Visita Ermita Sant Mart\u00ed del Corb, Ermita Sant Miquel del Corb, Mirador Puig Rod\u00f3. \u2705 Entra ara!","og_url":"https:\/\/www.willysplan.com\/ca\/rutes\/excursio-des-de-lermita-st-marti-del-corb-al-mirador-puig-rodo","og_site_name":"Willy&#039;s Plan \ud83c\udf43","article_published_time":"2020-07-11T18:39:54+00:00","article_modified_time":"2023-07-25T03:32:57+00:00","og_image":[{"width":800,"height":600,"url":"https:\/\/www.willysplan.com\/wp-content\/uploads\/2020\/07\/ermita-sant-marti-corb1.jpg","type":"image\/jpeg"}],"author":"Guillem Asensio","twitter_card":"summary_large_image","twitter_misc":{"Escrit per":"Guillem Asensio","Temps estimat de lectura":"5 minuts"},"schema":{"@context":"https:\/\/schema.org","@graph":[{"@type":"Article","@id":"https:\/\/www.willysplan.com\/ca\/rutes\/excursio-des-de-lermita-st-marti-del-corb-al-mirador-puig-rodo#article","isPartOf":{"@id":"https:\/\/www.willysplan.com\/ca\/rutes\/excursio-des-de-lermita-st-marti-del-corb-al-mirador-puig-rodo"},"author":{"name":"Guillem Asensio","@id":"https:\/\/www.willysplan.com\/#\/schema\/person\/6f2dbf2215cd25715df085907bd007c1"},"headline":"Excursi\u00f3 des de l&#8217;Ermita St. Mart\u00ed del Corb al Mirador Puig Rod\u00f3","datePublished":"2020-07-11T18:39:54+00:00","dateModified":"2023-07-25T03:32:57+00:00","mainEntityOfPage":{"@id":"https:\/\/www.willysplan.com\/ca\/rutes\/excursio-des-de-lermita-st-marti-del-corb-al-mirador-puig-rodo"},"wordCount":1029,"publisher":{"@id":"https:\/\/www.willysplan.com\/#organization"},"image":{"@id":"https:\/\/www.willysplan.com\/ca\/rutes\/excursio-des-de-lermita-st-marti-del-corb-al-mirador-puig-rodo#primaryimage"},"thumbnailUrl":"https:\/\/www.willysplan.com\/wp-content\/uploads\/2020\/07\/ermita-sant-marti-corb1.jpg","keywords":["rutes catalunya","rutes girona prov\u00edncia","rutes la garrotxa","rutes olot"],"articleSection":["rutes"],"inLanguage":"ca"},{"@type":"WebPage","@id":"https:\/\/www.willysplan.com\/ca\/rutes\/excursio-des-de-lermita-st-marti-del-corb-al-mirador-puig-rodo","url":"https:\/\/www.willysplan.com\/ca\/rutes\/excursio-des-de-lermita-st-marti-del-corb-al-mirador-puig-rodo","name":"Ruta des de l\u00b4Ermita St Mart\u00ed del Corb al Mirador Puig Rod\u00f3 - Willy's Plan","isPartOf":{"@id":"https:\/\/www.willysplan.com\/#website"},"primaryImageOfPage":{"@id":"https:\/\/www.willysplan.com\/ca\/rutes\/excursio-des-de-lermita-st-marti-del-corb-al-mirador-puig-rodo#primaryimage"},"image":{"@id":"https:\/\/www.willysplan.com\/ca\/rutes\/excursio-des-de-lermita-st-marti-del-corb-al-mirador-puig-rodo#primaryimage"},"thumbnailUrl":"https:\/\/www.willysplan.com\/wp-content\/uploads\/2020\/07\/ermita-sant-marti-corb1.jpg","datePublished":"2020-07-11T18:39:54+00:00","dateModified":"2023-07-25T03:32:57+00:00","description":"Descobreix una de les millors rutes per fer a Girona. Visita Ermita Sant Mart\u00ed del Corb, Ermita Sant Miquel del Corb, Mirador Puig Rod\u00f3. \u2705 Entra ara!","inLanguage":"ca","potentialAction":[{"@type":"ReadAction","target":["https:\/\/www.willysplan.com\/ca\/rutes\/excursio-des-de-lermita-st-marti-del-corb-al-mirador-puig-rodo"]}]},{"@type":"ImageObject","inLanguage":"ca","@id":"https:\/\/www.willysplan.com\/ca\/rutes\/excursio-des-de-lermita-st-marti-del-corb-al-mirador-puig-rodo#primaryimage","url":"https:\/\/www.willysplan.com\/wp-content\/uploads\/2020\/07\/ermita-sant-marti-corb1.jpg","contentUrl":"https:\/\/www.willysplan.com\/wp-content\/uploads\/2020\/07\/ermita-sant-marti-corb1.jpg","width":800,"height":600,"caption":"ruta ermita sant marti corb"},{"@type":"WebSite","@id":"https:\/\/www.willysplan.com\/#website","url":"https:\/\/www.willysplan.com\/","name":"Willy&#039;s Plan \ud83c\udf43","description":"Escapadas y Planes de fin de semana","publisher":{"@id":"https:\/\/www.willysplan.com\/#organization"},"potentialAction":[{"@type":"SearchAction","target":{"@type":"EntryPoint","urlTemplate":"https:\/\/www.willysplan.com\/?s={search_term_string}"},"query-input":{"@type":"PropertyValueSpecification","valueRequired":true,"valueName":"search_term_string"}}],"inLanguage":"ca"},{"@type":"Organization","@id":"https:\/\/www.willysplan.com\/#organization","name":"Willy&#039;s Plan \ud83c\udf43","url":"https:\/\/www.willysplan.com\/","logo":{"@type":"ImageObject","inLanguage":"ca","@id":"https:\/\/www.willysplan.com\/#\/schema\/logo\/image\/","url":"https:\/\/www.willysplan.com\/wp-content\/uploads\/2020\/04\/cropped-logo-1.png","contentUrl":"https:\/\/www.willysplan.com\/wp-content\/uploads\/2020\/04\/cropped-logo-1.png","width":332,"height":332,"caption":"Willy&#039;s Plan \ud83c\udf43"},"image":{"@id":"https:\/\/www.willysplan.com\/#\/schema\/logo\/image\/"}},{"@type":"Person","@id":"https:\/\/www.willysplan.com\/#\/schema\/person\/6f2dbf2215cd25715df085907bd007c1","name":"Guillem Asensio","image":{"@type":"ImageObject","inLanguage":"ca","@id":"https:\/\/www.willysplan.com\/#\/schema\/person\/image\/","url":"https:\/\/secure.gravatar.com\/avatar\/fd3f69da3e6cd8d451f6be79c127da046757b9a4c273deefb40b1291809cc787?s=96&d=mm&r=g","contentUrl":"https:\/\/secure.gravatar.com\/avatar\/fd3f69da3e6cd8d451f6be79c127da046757b9a4c273deefb40b1291809cc787?s=96&d=mm&r=g","caption":"Guillem Asensio"},"sameAs":["https:\/\/willysplan.com"],"url":"https:\/\/www.willysplan.com\/ca\/author\/willy"}]}},"_links":{"self":[{"href":"https:\/\/www.willysplan.com\/ca\/wp-json\/wp\/v2\/posts\/15991","targetHints":{"allow":["GET"]}}],"collection":[{"href":"https:\/\/www.willysplan.com\/ca\/wp-json\/wp\/v2\/posts"}],"about":[{"href":"https:\/\/www.willysplan.com\/ca\/wp-json\/wp\/v2\/types\/post"}],"author":[{"embeddable":true,"href":"https:\/\/www.willysplan.com\/ca\/wp-json\/wp\/v2\/users\/2"}],"replies":[{"embeddable":true,"href":"https:\/\/www.willysplan.com\/ca\/wp-json\/wp\/v2\/comments?post=15991"}],"version-history":[{"count":16,"href":"https:\/\/www.willysplan.com\/ca\/wp-json\/wp\/v2\/posts\/15991\/revisions"}],"predecessor-version":[{"id":21576,"href":"https:\/\/www.willysplan.com\/ca\/wp-json\/wp\/v2\/posts\/15991\/revisions\/21576"}],"wp:featuredmedia":[{"embeddable":true,"href":"https:\/\/www.willysplan.com\/ca\/wp-json\/wp\/v2\/media\/13377"}],"wp:attachment":[{"href":"https:\/\/www.willysplan.com\/ca\/wp-json\/wp\/v2\/media?parent=15991"}],"wp:term":[{"taxonomy":"category","embeddable":true,"href":"https:\/\/www.willysplan.com\/ca\/wp-json\/wp\/v2\/categories?post=15991"},{"taxonomy":"post_tag","embeddable":true,"href":"https:\/\/www.willysplan.com\/ca\/wp-json\/wp\/v2\/tags?post=15991"}],"curies":[{"name":"wp","href":"https:\/\/api.w.org\/{rel}","templated":true}]}}