{"id":15977,"date":"2020-07-11T18:45:29","date_gmt":"2020-07-11T17:45:29","guid":{"rendered":"https:\/\/willysplan.com\/uncategorized-ca\/excursio-des-de-son-marroig-a-sa-foradada"},"modified":"2023-04-07T11:05:26","modified_gmt":"2023-04-07T10:05:26","slug":"excursio-des-de-son-marroig-a-sa-foradada","status":"publish","type":"post","link":"https:\/\/www.willysplan.com\/ca\/rutes\/excursio-des-de-son-marroig-a-sa-foradada","title":{"rendered":"Excursi\u00f3 des de Son Marroig a Sa Foradada"},"content":{"rendered":"\t\t<div data-elementor-type=\"wp-post\" data-elementor-id=\"15977\" class=\"elementor elementor-15977 elementor-1723\" data-elementor-post-type=\"post\">\n\t\t\t\t\t\t<section class=\"elementor-section elementor-top-section elementor-element elementor-element-f4c69cc elementor-section-boxed elementor-section-height-default elementor-section-height-default\" data-id=\"f4c69cc\" data-element_type=\"section\">\n\t\t\t\t\t\t<div class=\"elementor-container elementor-column-gap-default\">\n\t\t\t\t\t<div class=\"elementor-column elementor-col-50 elementor-top-column elementor-element elementor-element-164a862\" data-id=\"164a862\" data-element_type=\"column\">\n\t\t\t<div class=\"elementor-widget-wrap elementor-element-populated\">\n\t\t\t\t\t\t<div class=\"elementor-element elementor-element-29bc239 elementor-widget elementor-widget-text-editor\" data-id=\"29bc239\" data-element_type=\"widget\" data-widget_type=\"text-editor.default\">\n\t\t\t\t<div class=\"elementor-widget-container\">\n\t\t\t\t\t\t\t\t\t<p>Si est\u00e0s buscant <a href=\"https:\/\/www.willysplan.com\/rutas\/isla-mallorca\">rutes i excursions per Mallorca<\/a> , ens atrevir\u00edem a dir que aquest \u00e9s un lloc que no pots deixar de visitar. El mirador de <strong>Son Marroig<\/strong> , tamb\u00e9 conegut com \u201cel Galliner\u201d, \u00e9s un dels llocs m\u00e9s imprescindibles que visitar a Mallorca i per descomptat\u2026 a Willy&#8217;s pla deixarem que no t&#8217;ho perdis per res del m\u00f3n. Aix\u00ed que posa&#8217;t c\u00f2mode, que aquesta ruta tot just comen\u00e7a. I \u00e9s que a la <strong>Serra de Tramuntana<\/strong> hi ha molt per fer.<\/p>\n<p>Per arribar-hi podem fer-ho amb cotxe o autob\u00fas, per\u00f2 us recomanem la segona opci\u00f3, ja que a l&#8217;estiu el p\u00e0rquing sol estar molt ple i pot resultar una mica dif\u00edcil trobar on aparcar i el que volem \u00e9s aprofitar el temps al m\u00e0xim. Aquest recorregut pot trigar entre 2 a 3 hores, el temps i la dedicaci\u00f3 que poseu a la ruta ja corre pel vostre compte.<\/p>\n\t\t\t\t\t\t\t\t<\/div>\n\t\t\t\t<\/div>\n\t\t\t\t\t<\/div>\n\t\t<\/div>\n\t\t\t\t<div class=\"elementor-column elementor-col-50 elementor-top-column elementor-element elementor-element-f0384f5\" data-id=\"f0384f5\" data-element_type=\"column\">\n\t\t\t<div class=\"elementor-widget-wrap elementor-element-populated\">\n\t\t\t\t\t\t<div class=\"elementor-element elementor-element-9367376 elementor-widget elementor-widget-html\" data-id=\"9367376\" data-element_type=\"widget\" data-widget_type=\"html.default\">\n\t\t\t\t<div class=\"elementor-widget-container\">\n\t\t\t\t\t<iframe src=\"https:\/\/www.google.com\/maps\/embed?pb=!1m34!1m12!1m3!1d1656.5104598905036!2d2.6272024410328534!3d39.752192275550264!2m3!1f0!2f0!3f0!3m2!1i1024!2i768!4f13.1!4m19!3e2!4m5!1s0x1297efce06886831%3A0x62a6ff3ff5ca13ee!2sSon%20Marroig%2C%20Diseminado%20Valldemossa%20Cr%2C%2013%2C%2007179%20Dei%C3%A0%2C%20Illes%20Balears!3m2!1d39.7512295!2d2.6293295!4m5!1s0x1297efdd046651ef%3A0x3c8394e8de6aeb33!2sSa%20Foradada!3m2!1d39.7558763!2d2.6199092!4m5!1s0x1297efd77aa08259%3A0xebdb7723601140a1!2sSa%20Foradada!3m2!1d39.751903!2d2.6290899!5e0!3m2!1ses!2ses!4v1602500896571!5m2!1ses!2ses\" width=\"600\" height=\"450\" frameborder=\"0\" style=\"border:0;\" allowfullscreen=\"\" aria-hidden=\"false\" tabindex=\"0\"><\/iframe>\t\t\t\t<\/div>\n\t\t\t\t<\/div>\n\t\t\t\t\t<\/div>\n\t\t<\/div>\n\t\t\t\t\t<\/div>\n\t\t<\/section>\n\t\t\t\t<section class=\"elementor-section elementor-top-section elementor-element elementor-element-df10167 elementor-section-boxed elementor-section-height-default elementor-section-height-default\" data-id=\"df10167\" data-element_type=\"section\">\n\t\t\t\t\t\t<div class=\"elementor-container elementor-column-gap-default\">\n\t\t\t\t\t<div class=\"elementor-column elementor-col-100 elementor-top-column elementor-element elementor-element-a09fd6f\" data-id=\"a09fd6f\" data-element_type=\"column\">\n\t\t\t<div class=\"elementor-widget-wrap elementor-element-populated\">\n\t\t\t\t\t\t<div class=\"elementor-element elementor-element-cecf216 elementor-widget elementor-widget-text-editor\" data-id=\"cecf216\" data-element_type=\"widget\" data-widget_type=\"text-editor.default\">\n\t\t\t\t<div class=\"elementor-widget-container\">\n\t\t\t\t\t\t\t\t\t<p>En aquesta ocasi\u00f3 portarem sabatilles de senderisme perqu\u00e8 el recorregut el farem a peu, a m\u00e9s de ser molt senzill de fer, \u00e9s ideal per gaudir dels paisatges i la bellesa excepcional d&#8217;aquesta part de l&#8217;illa.<\/p>\n<p>Moltes vegades c\u00f3rrer el risc val la pena\u2026 \u00e9s per aix\u00f2 que <strong>Son Marroig<\/strong> tamb\u00e9 ofereix una opci\u00f3 per als m\u00e9s aventurers. Si ets un d&#8217;ells, anima&#8217;t a pujar! pot resultar una experi\u00e8ncia una mica complicada, ja que en alguns casos l&#8217;estretor del cam\u00ed i l&#8217;al\u00e7ada d&#8217;alguns trams pot donar una mica de vertigen. Per\u00f2 en arribar val la pena, i podr\u00e0s con\u00e8ixer el fam\u00f3s <strong>forat de Sa Foradada<\/strong> , un dels atractius m\u00e9s grans de la costa mallorquina.<\/p>\n\t\t\t\t\t\t\t\t<\/div>\n\t\t\t\t<\/div>\n\t\t\t\t\t<\/div>\n\t\t<\/div>\n\t\t\t\t\t<\/div>\n\t\t<\/section>\n\t\t\t\t<section class=\"elementor-section elementor-top-section elementor-element elementor-element-2130793 elementor-section-boxed elementor-section-height-default elementor-section-height-default\" data-id=\"2130793\" data-element_type=\"section\">\n\t\t\t\t\t\t<div class=\"elementor-container elementor-column-gap-default\">\n\t\t\t\t\t<div class=\"elementor-column elementor-col-50 elementor-top-column elementor-element elementor-element-dbfbd91\" data-id=\"dbfbd91\" data-element_type=\"column\">\n\t\t\t<div class=\"elementor-widget-wrap elementor-element-populated\">\n\t\t\t\t\t\t<div class=\"elementor-element elementor-element-32d4379 elementor-widget elementor-widget-html\" data-id=\"32d4379\" data-element_type=\"widget\" data-widget_type=\"html.default\">\n\t\t\t\t<div class=\"elementor-widget-container\">\n\t\t\t\t\t<a href=\"https:\/\/www.tkqlhce.com\/click-100199944-11919991\" target=\"_top\">\n<img fetchpriority=\"high\" decoding=\"async\" src=\"https:\/\/www.tqlkg.com\/image-100199944-11919991\" width=\"300\" height=\"250\" alt=\"Booking.com\" border=\"0\"><\/a>\t\t\t\t<\/div>\n\t\t\t\t<\/div>\n\t\t\t\t\t<\/div>\n\t\t<\/div>\n\t\t\t\t<div class=\"elementor-column elementor-col-50 elementor-top-column elementor-element elementor-element-72a90b3\" data-id=\"72a90b3\" data-element_type=\"column\">\n\t\t\t<div class=\"elementor-widget-wrap elementor-element-populated\">\n\t\t\t\t\t\t<div class=\"elementor-element elementor-element-f7a3e76 elementor-widget elementor-widget-html\" data-id=\"f7a3e76\" data-element_type=\"widget\" data-widget_type=\"html.default\">\n\t\t\t\t<div class=\"elementor-widget-container\">\n\t\t\t\t\t<a href=\"https:\/\/www.jdoqocy.com\/click-100199944-14104378\" target=\"_top\">\n<img decoding=\"async\" src=\"https:\/\/www.ftjcfx.com\/image-100199944-14104378\" width=\"660\" height=\"270\" alt=\"\" border=\"0\"><\/a>\t\t\t\t<\/div>\n\t\t\t\t<\/div>\n\t\t\t\t\t<\/div>\n\t\t<\/div>\n\t\t\t\t\t<\/div>\n\t\t<\/section>\n\t\t\t\t<section class=\"elementor-section elementor-top-section elementor-element elementor-element-c78f0d5 elementor-section-boxed elementor-section-height-default elementor-section-height-default\" data-id=\"c78f0d5\" data-element_type=\"section\">\n\t\t\t\t\t\t<div class=\"elementor-container elementor-column-gap-default\">\n\t\t\t\t\t<div class=\"elementor-column elementor-col-100 elementor-top-column elementor-element elementor-element-e8099c1\" data-id=\"e8099c1\" data-element_type=\"column\">\n\t\t\t<div class=\"elementor-widget-wrap elementor-element-populated\">\n\t\t\t\t\t\t<div class=\"elementor-element elementor-element-9b99c14 elementor-widget elementor-widget-text-editor\" data-id=\"9b99c14\" data-element_type=\"widget\" data-widget_type=\"text-editor.default\">\n\t\t\t\t<div class=\"elementor-widget-container\">\n\t\t\t\t\t\t\t\t\t<p>Vine a gaudir amb nosaltres una excursi\u00f3 que et portar\u00e0 a con\u00e8ixer <strong>Son Marroig, Na Foradada i el Restaurant Mirador Na Foradada<\/strong> ; una experi\u00e8ncia plena de molt de relax i tranquil\u00b7litat.<\/p>\n<p>En aquest itinerari, emfatitzem els llocs m\u00e9s originals <strong>que<\/strong> <strong>visitar a Dei\u00e0<\/strong> , una de les zones on trobar\u00e0s les <a href=\"https:\/\/www.willysplan.com\/rutas\/islas-baleares\">millors rutes i excursions que fer per les Illes Balears<\/a> . Comen\u00e7arem amb el Monestir de Miramar a <strong>Son Marroig<\/strong> , aqu\u00ed coneixereu els detalls arquitect\u00f2nics d&#8217;aquesta edificaci\u00f3, a m\u00e9s podreu gaudir de les fant\u00e0stiques vistes de tota la costa del mar mediterrani. Tot i que l&#8217;entrada al monestir \u00e9s de pagament, \u00e9s assequible per a tots els pressupostos.<\/p>\n<p>Despr\u00e9s baixarem uns 3km aproximadament per trobar-nos amb la pen\u00ednsula de <strong>Na Foradada.<\/strong> Aqu\u00ed podreu gaudir d\u00b4un bany en una de les cales m\u00e9s ex\u00f2tiques de tota l\u00b4illa, tenint la sensaci\u00f3 que esteu en un parad\u00eds.<\/p>\n<p>No ens en podem anar sense gaudir d&#8217;una incre\u00efble posta de sol. Aix\u00ed que per aix\u00f2 pujarem a dalt de tot de la roca, i ens delectarem amb una deliciosa oferta gastron\u00f2mica que ens ofereix el <strong>Restaurant Mirador Na Foradada.<\/strong><\/p>\n<p>Si est\u00e0s buscant noves aventures, aquest pla \u00e9s l&#8217;indicat. V\u00e9s a buscar unes bones sabatilles, banyador i una bona provisi\u00f3 de menjar per al cam\u00ed, que aquesta excursi\u00f3 des de Son Marroig a Na Foradada et<strong> <\/strong>est\u00e0 esperant.<\/p>\n\t\t\t\t\t\t\t\t<\/div>\n\t\t\t\t<\/div>\n\t\t\t\t\t<\/div>\n\t\t<\/div>\n\t\t\t\t\t<\/div>\n\t\t<\/section>\n\t\t\t\t<section class=\"elementor-section elementor-top-section elementor-element elementor-element-36fe8d4 elementor-section-boxed elementor-section-height-default elementor-section-height-default\" data-id=\"36fe8d4\" data-element_type=\"section\">\n\t\t\t\t\t\t<div class=\"elementor-container elementor-column-gap-default\">\n\t\t\t\t\t<div class=\"elementor-column elementor-col-100 elementor-top-column elementor-element elementor-element-da527a3\" data-id=\"da527a3\" data-element_type=\"column\">\n\t\t\t<div class=\"elementor-widget-wrap elementor-element-populated\">\n\t\t\t\t\t\t<div class=\"elementor-element elementor-element-005077d elementor-widget elementor-widget-heading\" data-id=\"005077d\" data-element_type=\"widget\" data-widget_type=\"heading.default\">\n\t\t\t\t<div class=\"elementor-widget-container\">\n\t\t\t\t\t<h2 class=\"elementor-heading-title elementor-size-default\">S\u00f3n Marroig<\/h2>\t\t\t\t<\/div>\n\t\t\t\t<\/div>\n\t\t\t\t\t<\/div>\n\t\t<\/div>\n\t\t\t\t\t<\/div>\n\t\t<\/section>\n\t\t\t\t<section class=\"elementor-section elementor-top-section elementor-element elementor-element-39c50f9 elementor-section-boxed elementor-section-height-default elementor-section-height-default\" data-id=\"39c50f9\" data-element_type=\"section\">\n\t\t\t\t\t\t<div class=\"elementor-container elementor-column-gap-default\">\n\t\t\t\t\t<div class=\"elementor-column elementor-col-50 elementor-top-column elementor-element elementor-element-65bcade\" data-id=\"65bcade\" data-element_type=\"column\">\n\t\t\t<div class=\"elementor-widget-wrap elementor-element-populated\">\n\t\t\t\t\t\t<div class=\"elementor-element elementor-element-9f173f6 elementor-widget elementor-widget-image\" data-id=\"9f173f6\" data-element_type=\"widget\" data-widget_type=\"image.default\">\n\t\t\t\t<div class=\"elementor-widget-container\">\n\t\t\t\t\t\t\t\t\t\t\t\t\t\t\t<img decoding=\"async\" width=\"910\" height=\"607\" src=\"https:\/\/www.willysplan.com\/wp-content\/uploads\/2020\/07\/ruta-por-son-marroig1.jpg\" class=\"attachment-large size-large wp-image-13735\" alt=\"\" srcset=\"https:\/\/www.willysplan.com\/wp-content\/uploads\/2020\/07\/ruta-por-son-marroig1.jpg 910w, https:\/\/www.willysplan.com\/wp-content\/uploads\/2020\/07\/ruta-por-son-marroig1-300x200.jpg 300w, https:\/\/www.willysplan.com\/wp-content\/uploads\/2020\/07\/ruta-por-son-marroig1-768x512.jpg 768w, https:\/\/www.willysplan.com\/wp-content\/uploads\/2020\/07\/ruta-por-son-marroig1-480x320.jpg 480w, https:\/\/www.willysplan.com\/wp-content\/uploads\/2020\/07\/ruta-por-son-marroig1-280x186.jpg 280w, https:\/\/www.willysplan.com\/wp-content\/uploads\/2020\/07\/ruta-por-son-marroig1-600x400.jpg 600w, https:\/\/www.willysplan.com\/wp-content\/uploads\/2020\/07\/ruta-por-son-marroig1-585x390.jpg 585w\" sizes=\"(max-width: 910px) 100vw, 910px\" \/>\t\t\t\t\t\t\t\t\t\t\t\t\t\t\t<\/div>\n\t\t\t\t<\/div>\n\t\t\t\t\t<\/div>\n\t\t<\/div>\n\t\t\t\t<div class=\"elementor-column elementor-col-50 elementor-top-column elementor-element elementor-element-f49e2b5\" data-id=\"f49e2b5\" data-element_type=\"column\">\n\t\t\t<div class=\"elementor-widget-wrap elementor-element-populated\">\n\t\t\t\t\t\t<div class=\"elementor-element elementor-element-4b1d3b8 elementor-widget elementor-widget-image\" data-id=\"4b1d3b8\" data-element_type=\"widget\" data-widget_type=\"image.default\">\n\t\t\t\t<div class=\"elementor-widget-container\">\n\t\t\t\t\t\t\t\t\t\t\t\t\t\t\t<img loading=\"lazy\" decoding=\"async\" width=\"960\" height=\"640\" src=\"https:\/\/www.willysplan.com\/wp-content\/uploads\/2020\/07\/excursion-son-marroig1.jpg\" class=\"attachment-large size-large wp-image-13737\" alt=\"\" srcset=\"https:\/\/www.willysplan.com\/wp-content\/uploads\/2020\/07\/excursion-son-marroig1.jpg 960w, https:\/\/www.willysplan.com\/wp-content\/uploads\/2020\/07\/excursion-son-marroig1-300x200.jpg 300w, https:\/\/www.willysplan.com\/wp-content\/uploads\/2020\/07\/excursion-son-marroig1-768x512.jpg 768w, https:\/\/www.willysplan.com\/wp-content\/uploads\/2020\/07\/excursion-son-marroig1-480x320.jpg 480w, https:\/\/www.willysplan.com\/wp-content\/uploads\/2020\/07\/excursion-son-marroig1-280x186.jpg 280w, https:\/\/www.willysplan.com\/wp-content\/uploads\/2020\/07\/excursion-son-marroig1-600x400.jpg 600w, https:\/\/www.willysplan.com\/wp-content\/uploads\/2020\/07\/excursion-son-marroig1-585x390.jpg 585w\" sizes=\"(max-width: 960px) 100vw, 960px\" \/>\t\t\t\t\t\t\t\t\t\t\t\t\t\t\t<\/div>\n\t\t\t\t<\/div>\n\t\t\t\t\t<\/div>\n\t\t<\/div>\n\t\t\t\t\t<\/div>\n\t\t<\/section>\n\t\t\t\t<section class=\"elementor-section elementor-top-section elementor-element elementor-element-4e88c10 elementor-section-boxed elementor-section-height-default elementor-section-height-default\" data-id=\"4e88c10\" data-element_type=\"section\">\n\t\t\t\t\t\t<div class=\"elementor-container elementor-column-gap-default\">\n\t\t\t\t\t<div class=\"elementor-column elementor-col-100 elementor-top-column elementor-element elementor-element-8ccc3a4\" data-id=\"8ccc3a4\" data-element_type=\"column\">\n\t\t\t<div class=\"elementor-widget-wrap elementor-element-populated\">\n\t\t\t\t\t\t<div class=\"elementor-element elementor-element-39dc59f elementor-widget elementor-widget-text-editor\" data-id=\"39dc59f\" data-element_type=\"widget\" data-widget_type=\"text-editor.default\">\n\t\t\t\t<div class=\"elementor-widget-container\">\n\t\t\t\t\t\t\t\t\t<p>Comen\u00e7arem el nostre pla, amb la visita de la c\u00fapula de Son Marroig: lloc ic\u00f2nic on aprofiten molts enamorats per donar-se el \u201cs\u00ed, vull\u201d.<\/p>\n<p>Per accedir a aquest mirador, cal entrar pel museu que est\u00e0 just al costat, el qual obre nom\u00e9s de dilluns a dissabte, de 9:30h a 14hs, i de 15:30 a 16:30hs (diumenges tancat).<\/p>\n<p>El preu d&#8217;entrada al museu \u00e9s de 4\u20ac per a adults, 3\u20ac per a grups de m\u00e9s de 20 persones i l&#8217;entrada \u00e9s gratu\u00efta per als menors de 12 anys.<\/p>\n<p>Amb l\u00b4entrada, tindreu acc\u00e9s a uns petits jardins, des dels quals hi ha unes vistes espectaculars.<\/p>\n\t\t\t\t\t\t\t\t<\/div>\n\t\t\t\t<\/div>\n\t\t\t\t\t<\/div>\n\t\t<\/div>\n\t\t\t\t\t<\/div>\n\t\t<\/section>\n\t\t\t\t<section class=\"elementor-section elementor-top-section elementor-element elementor-element-d1dcfad elementor-section-boxed elementor-section-height-default elementor-section-height-default\" data-id=\"d1dcfad\" data-element_type=\"section\">\n\t\t\t\t\t\t<div class=\"elementor-container elementor-column-gap-default\">\n\t\t\t\t\t<div class=\"elementor-column elementor-col-50 elementor-top-column elementor-element elementor-element-8e3d24f\" data-id=\"8e3d24f\" data-element_type=\"column\">\n\t\t\t<div class=\"elementor-widget-wrap elementor-element-populated\">\n\t\t\t\t\t\t<div class=\"elementor-element elementor-element-abb39d7 elementor-widget elementor-widget-html\" data-id=\"abb39d7\" data-element_type=\"widget\" data-widget_type=\"html.default\">\n\t\t\t\t<div class=\"elementor-widget-container\">\n\t\t\t\t\t<a href=\"https:\/\/www.jdoqocy.com\/click-100199944-14104378\" target=\"_top\">\n<img decoding=\"async\" src=\"https:\/\/www.ftjcfx.com\/image-100199944-14104378\" width=\"660\" height=\"270\" alt=\"\" border=\"0\"><\/a>\t\t\t\t<\/div>\n\t\t\t\t<\/div>\n\t\t\t\t\t<\/div>\n\t\t<\/div>\n\t\t\t\t<div class=\"elementor-column elementor-col-50 elementor-top-column elementor-element elementor-element-86fb0f3\" data-id=\"86fb0f3\" data-element_type=\"column\">\n\t\t\t<div class=\"elementor-widget-wrap elementor-element-populated\">\n\t\t\t\t\t\t<div class=\"elementor-element elementor-element-9517b39 elementor-widget elementor-widget-html\" data-id=\"9517b39\" data-element_type=\"widget\" data-widget_type=\"html.default\">\n\t\t\t\t<div class=\"elementor-widget-container\">\n\t\t\t\t\t<a href=\"https:\/\/www.tkqlhce.com\/click-100199944-11919991\" target=\"_top\">\n<img fetchpriority=\"high\" decoding=\"async\" src=\"https:\/\/www.tqlkg.com\/image-100199944-11919991\" width=\"300\" height=\"250\" alt=\"Booking.com\" border=\"0\"><\/a>\t\t\t\t<\/div>\n\t\t\t\t<\/div>\n\t\t\t\t\t<\/div>\n\t\t<\/div>\n\t\t\t\t\t<\/div>\n\t\t<\/section>\n\t\t\t\t<section class=\"elementor-section elementor-top-section elementor-element elementor-element-cf26dc9 elementor-section-boxed elementor-section-height-default elementor-section-height-default\" data-id=\"cf26dc9\" data-element_type=\"section\">\n\t\t\t\t\t\t<div class=\"elementor-container elementor-column-gap-default\">\n\t\t\t\t\t<div class=\"elementor-column elementor-col-100 elementor-top-column elementor-element elementor-element-5689fda\" data-id=\"5689fda\" data-element_type=\"column\">\n\t\t\t<div class=\"elementor-widget-wrap elementor-element-populated\">\n\t\t\t\t\t\t<div class=\"elementor-element elementor-element-ec10ffc elementor-widget elementor-widget-heading\" data-id=\"ec10ffc\" data-element_type=\"widget\" data-widget_type=\"heading.default\">\n\t\t\t\t<div class=\"elementor-widget-container\">\n\t\t\t\t\t<h2 class=\"elementor-heading-title elementor-size-default\">Na Foradada<\/h2>\t\t\t\t<\/div>\n\t\t\t\t<\/div>\n\t\t\t\t\t<\/div>\n\t\t<\/div>\n\t\t\t\t\t<\/div>\n\t\t<\/section>\n\t\t\t\t<section class=\"elementor-section elementor-top-section elementor-element elementor-element-9ca4401 elementor-section-boxed elementor-section-height-default elementor-section-height-default\" data-id=\"9ca4401\" data-element_type=\"section\">\n\t\t\t\t\t\t<div class=\"elementor-container elementor-column-gap-default\">\n\t\t\t\t\t<div class=\"elementor-column elementor-col-50 elementor-top-column elementor-element elementor-element-f6cf7b8\" data-id=\"f6cf7b8\" data-element_type=\"column\">\n\t\t\t<div class=\"elementor-widget-wrap elementor-element-populated\">\n\t\t\t\t\t\t<div class=\"elementor-element elementor-element-4c8889b elementor-widget elementor-widget-image\" data-id=\"4c8889b\" data-element_type=\"widget\" data-widget_type=\"image.default\">\n\t\t\t\t<div class=\"elementor-widget-container\">\n\t\t\t\t\t\t\t\t\t\t\t\t\t\t\t<img loading=\"lazy\" decoding=\"async\" width=\"817\" height=\"613\" src=\"https:\/\/www.willysplan.com\/wp-content\/uploads\/2020\/07\/cala-sa-foradada1.jpg\" class=\"attachment-large size-large wp-image-13739\" alt=\"\" srcset=\"https:\/\/www.willysplan.com\/wp-content\/uploads\/2020\/07\/cala-sa-foradada1.jpg 817w, https:\/\/www.willysplan.com\/wp-content\/uploads\/2020\/07\/cala-sa-foradada1-300x225.jpg 300w, https:\/\/www.willysplan.com\/wp-content\/uploads\/2020\/07\/cala-sa-foradada1-768x576.jpg 768w, https:\/\/www.willysplan.com\/wp-content\/uploads\/2020\/07\/cala-sa-foradada1-760x570.jpg 760w, https:\/\/www.willysplan.com\/wp-content\/uploads\/2020\/07\/cala-sa-foradada1-533x400.jpg 533w, https:\/\/www.willysplan.com\/wp-content\/uploads\/2020\/07\/cala-sa-foradada1-585x439.jpg 585w, https:\/\/www.willysplan.com\/wp-content\/uploads\/2020\/07\/cala-sa-foradada1-600x450.jpg 600w\" sizes=\"(max-width: 817px) 100vw, 817px\" \/>\t\t\t\t\t\t\t\t\t\t\t\t\t\t\t<\/div>\n\t\t\t\t<\/div>\n\t\t\t\t\t<\/div>\n\t\t<\/div>\n\t\t\t\t<div class=\"elementor-column elementor-col-50 elementor-top-column elementor-element elementor-element-824143d\" data-id=\"824143d\" data-element_type=\"column\">\n\t\t\t<div class=\"elementor-widget-wrap elementor-element-populated\">\n\t\t\t\t\t\t<div class=\"elementor-element elementor-element-14928ac elementor-widget elementor-widget-image\" data-id=\"14928ac\" data-element_type=\"widget\" data-widget_type=\"image.default\">\n\t\t\t\t<div class=\"elementor-widget-container\">\n\t\t\t\t\t\t\t\t\t\t\t\t\t\t\t<img loading=\"lazy\" decoding=\"async\" width=\"620\" height=\"400\" src=\"https:\/\/www.willysplan.com\/wp-content\/uploads\/2020\/07\/cala-na-foradada1.jpg\" class=\"attachment-large size-large wp-image-13741\" alt=\"\" srcset=\"https:\/\/www.willysplan.com\/wp-content\/uploads\/2020\/07\/cala-na-foradada1.jpg 620w, https:\/\/www.willysplan.com\/wp-content\/uploads\/2020\/07\/cala-na-foradada1-300x194.jpg 300w, https:\/\/www.willysplan.com\/wp-content\/uploads\/2020\/07\/cala-na-foradada1-585x377.jpg 585w, https:\/\/www.willysplan.com\/wp-content\/uploads\/2020\/07\/cala-na-foradada1-600x387.jpg 600w\" sizes=\"(max-width: 620px) 100vw, 620px\" \/>\t\t\t\t\t\t\t\t\t\t\t\t\t\t\t<\/div>\n\t\t\t\t<\/div>\n\t\t\t\t\t<\/div>\n\t\t<\/div>\n\t\t\t\t\t<\/div>\n\t\t<\/section>\n\t\t\t\t<section class=\"elementor-section elementor-top-section elementor-element elementor-element-090337d elementor-section-boxed elementor-section-height-default elementor-section-height-default\" data-id=\"090337d\" data-element_type=\"section\">\n\t\t\t\t\t\t<div class=\"elementor-container elementor-column-gap-default\">\n\t\t\t\t\t<div class=\"elementor-column elementor-col-100 elementor-top-column elementor-element elementor-element-10259a1\" data-id=\"10259a1\" data-element_type=\"column\">\n\t\t\t<div class=\"elementor-widget-wrap elementor-element-populated\">\n\t\t\t\t\t\t<div class=\"elementor-element elementor-element-67842ef elementor-widget elementor-widget-text-editor\" data-id=\"67842ef\" data-element_type=\"widget\" data-widget_type=\"text-editor.default\">\n\t\t\t\t<div class=\"elementor-widget-container\">\n\t\t\t\t\t\t\t\t\t<p>Al llarg del recorregut, ens trobarem amb les famoses <strong>coves de Son Marroig<\/strong> i els encantadors miradors, que ja anir\u00e0s coneixent un per un. Tot i aix\u00f2, volem destacar el mirador m\u00e9s important de tot el recorregut.<\/p>\n<p>\u201c <strong>Sa Foradada<\/strong> \u201d o \u201c <strong>Na Foradada<\/strong> \u201d es troba just als peus del nostre trajecte. En baixar una mica ens trobem amb aquest incre\u00efble passatge natural i la seva incre\u00efble cala, on podrem gaudir d&#8217;un refrescant bany mentre veiem a sobre nostre els cingleres penya-segats on hi ha la c\u00fapula de Son Marroig. I \u00e9s que gaudir de la vista i el color turquesa de les seves aig\u00fces val la pena.<\/p>\n<p>I \u00e9s que si es tracta de posar-nos interessants, la hist\u00f2ria d&#8217;aquest lloc ens explica que era un dels llocs favorits de l&#8217;Arxiduc Llu\u00eds Salvador, que va fer construir el primer tram del cam\u00ed enmig d&#8217;oliverars i amb la vista apuntant cap al mirador de <strong>Na Foradada, <\/strong>per poder gaudir de les millors panor\u00e0miques d&#8217;aquesta bellesa natural. Aix\u00ed que no oblideu portar una bona c\u00e0mera de fotos i no oblideu portar el m\u00f2bil ben carregat, perqu\u00e8 les fotos que podreu fer d&#8217;aquest lloc s\u00f3n incre\u00efbles.<\/p>\n\t\t\t\t\t\t\t\t<\/div>\n\t\t\t\t<\/div>\n\t\t\t\t\t<\/div>\n\t\t<\/div>\n\t\t\t\t\t<\/div>\n\t\t<\/section>\n\t\t\t\t<section class=\"elementor-section elementor-top-section elementor-element elementor-element-690c48f elementor-section-boxed elementor-section-height-default elementor-section-height-default\" data-id=\"690c48f\" data-element_type=\"section\">\n\t\t\t\t\t\t<div class=\"elementor-container elementor-column-gap-default\">\n\t\t\t\t\t<div class=\"elementor-column elementor-col-100 elementor-top-column elementor-element elementor-element-7f0187e\" data-id=\"7f0187e\" data-element_type=\"column\">\n\t\t\t<div class=\"elementor-widget-wrap elementor-element-populated\">\n\t\t\t\t\t\t<div class=\"elementor-element elementor-element-9c22d91 elementor-widget elementor-widget-html\" data-id=\"9c22d91\" data-element_type=\"widget\" data-widget_type=\"html.default\">\n\t\t\t\t<div class=\"elementor-widget-container\">\n\t\t\t\t\t<div id=\"b_container6\"><\/div>\n<script type=\"text\/javascript\" id=\"sp_widget\" data-hash=\"_c0ffcd636af736f9e\" data-container=\"b_container6\" data-size=\"250x250\" data-tpncy=\"false\" src=\"https:\/\/aff.bstatic.com\/static\/affiliate_base\/js\/booking_sp_widget.js?SID=;utm_camp=gb;utm_med=SB2;utm_src=affnetcj;utm_terms=SB2-11795693;label=sp-searchbox-load;label_click=affnetcj-SB2-11795693_pub-2470763_site-6146817_pname-VigLink;target_aid=389801;aff_hostname=http:\/\/www.jdoqocy.com\/click-100199944-12641162%3F\"><\/script><a style=\"display:none\" href=\"https:\/\/www.anrdoezrs.net\/click-100199944-12641162?url=http%3A%2F%2Fwww.booking.com\">a<\/a><img loading=\"lazy\" decoding=\"async\" src=\"https:\/\/www.lduhtrp.net\/image-100199944-12641162\" width=\"1\" height=\"1\" border=\"0\">\t\t\t\t<\/div>\n\t\t\t\t<\/div>\n\t\t\t\t\t<\/div>\n\t\t<\/div>\n\t\t\t\t\t<\/div>\n\t\t<\/section>\n\t\t\t\t<section class=\"elementor-section elementor-top-section elementor-element elementor-element-c34e060 elementor-section-boxed elementor-section-height-default elementor-section-height-default\" data-id=\"c34e060\" data-element_type=\"section\">\n\t\t\t\t\t\t<div class=\"elementor-container elementor-column-gap-default\">\n\t\t\t\t\t<div class=\"elementor-column elementor-col-100 elementor-top-column elementor-element elementor-element-e81ecc9\" data-id=\"e81ecc9\" data-element_type=\"column\">\n\t\t\t<div class=\"elementor-widget-wrap elementor-element-populated\">\n\t\t\t\t\t\t<div class=\"elementor-element elementor-element-ba75c32 elementor-widget elementor-widget-heading\" data-id=\"ba75c32\" data-element_type=\"widget\" data-widget_type=\"heading.default\">\n\t\t\t\t<div class=\"elementor-widget-container\">\n\t\t\t\t\t<h2 class=\"elementor-heading-title elementor-size-default\">Restaurant Mirador Na Foradada<\/h2>\t\t\t\t<\/div>\n\t\t\t\t<\/div>\n\t\t\t\t\t<\/div>\n\t\t<\/div>\n\t\t\t\t\t<\/div>\n\t\t<\/section>\n\t\t\t\t<section class=\"elementor-section elementor-top-section elementor-element elementor-element-75067e7 elementor-section-boxed elementor-section-height-default elementor-section-height-default\" data-id=\"75067e7\" data-element_type=\"section\">\n\t\t\t\t\t\t<div class=\"elementor-container elementor-column-gap-default\">\n\t\t\t\t\t<div class=\"elementor-column elementor-col-50 elementor-top-column elementor-element elementor-element-bb31b40\" data-id=\"bb31b40\" data-element_type=\"column\">\n\t\t\t<div class=\"elementor-widget-wrap elementor-element-populated\">\n\t\t\t\t\t\t<div class=\"elementor-element elementor-element-ea6a904 elementor-widget elementor-widget-image\" data-id=\"ea6a904\" data-element_type=\"widget\" data-widget_type=\"image.default\">\n\t\t\t\t<div class=\"elementor-widget-container\">\n\t\t\t\t\t\t\t\t\t\t\t\t\t\t\t<img loading=\"lazy\" decoding=\"async\" width=\"1024\" height=\"768\" src=\"https:\/\/www.willysplan.com\/wp-content\/uploads\/2020\/07\/restaurant-mirador-sa-foradada-paint-1024x768.jpg\" class=\"attachment-large size-large wp-image-13743\" alt=\"\" srcset=\"https:\/\/www.willysplan.com\/wp-content\/uploads\/2020\/07\/restaurant-mirador-sa-foradada-paint-1024x768.jpg 1024w, https:\/\/www.willysplan.com\/wp-content\/uploads\/2020\/07\/restaurant-mirador-sa-foradada-paint-300x225.jpg 300w, https:\/\/www.willysplan.com\/wp-content\/uploads\/2020\/07\/restaurant-mirador-sa-foradada-paint-768x576.jpg 768w, https:\/\/www.willysplan.com\/wp-content\/uploads\/2020\/07\/restaurant-mirador-sa-foradada-paint-760x570.jpg 760w, https:\/\/www.willysplan.com\/wp-content\/uploads\/2020\/07\/restaurant-mirador-sa-foradada-paint-960x720.jpg 960w, https:\/\/www.willysplan.com\/wp-content\/uploads\/2020\/07\/restaurant-mirador-sa-foradada-paint-533x400.jpg 533w, https:\/\/www.willysplan.com\/wp-content\/uploads\/2020\/07\/restaurant-mirador-sa-foradada-paint-585x439.jpg 585w, https:\/\/www.willysplan.com\/wp-content\/uploads\/2020\/07\/restaurant-mirador-sa-foradada-paint-600x450.jpg 600w, https:\/\/www.willysplan.com\/wp-content\/uploads\/2020\/07\/restaurant-mirador-sa-foradada-paint.jpg 1200w\" sizes=\"(max-width: 1024px) 100vw, 1024px\" \/>\t\t\t\t\t\t\t\t\t\t\t\t\t\t\t<\/div>\n\t\t\t\t<\/div>\n\t\t\t\t\t<\/div>\n\t\t<\/div>\n\t\t\t\t<div class=\"elementor-column elementor-col-50 elementor-top-column elementor-element elementor-element-715ce37\" data-id=\"715ce37\" data-element_type=\"column\">\n\t\t\t<div class=\"elementor-widget-wrap elementor-element-populated\">\n\t\t\t\t\t\t<div class=\"elementor-element elementor-element-2d22e76 elementor-widget elementor-widget-image\" data-id=\"2d22e76\" data-element_type=\"widget\" data-widget_type=\"image.default\">\n\t\t\t\t<div class=\"elementor-widget-container\">\n\t\t\t\t\t\t\t\t\t\t\t\t\t\t\t<img loading=\"lazy\" decoding=\"async\" width=\"586\" height=\"391\" src=\"https:\/\/www.willysplan.com\/wp-content\/uploads\/2020\/07\/restaurante-sa-foradada1.jpg\" class=\"attachment-large size-large wp-image-13745\" alt=\"\" srcset=\"https:\/\/www.willysplan.com\/wp-content\/uploads\/2020\/07\/restaurante-sa-foradada1.jpg 586w, https:\/\/www.willysplan.com\/wp-content\/uploads\/2020\/07\/restaurante-sa-foradada1-300x200.jpg 300w, https:\/\/www.willysplan.com\/wp-content\/uploads\/2020\/07\/restaurante-sa-foradada1-480x320.jpg 480w, https:\/\/www.willysplan.com\/wp-content\/uploads\/2020\/07\/restaurante-sa-foradada1-280x186.jpg 280w\" sizes=\"(max-width: 586px) 100vw, 586px\" \/>\t\t\t\t\t\t\t\t\t\t\t\t\t\t\t<\/div>\n\t\t\t\t<\/div>\n\t\t\t\t\t<\/div>\n\t\t<\/div>\n\t\t\t\t\t<\/div>\n\t\t<\/section>\n\t\t\t\t<section class=\"elementor-section elementor-top-section elementor-element elementor-element-c270963 elementor-section-boxed elementor-section-height-default elementor-section-height-default\" data-id=\"c270963\" data-element_type=\"section\">\n\t\t\t\t\t\t<div class=\"elementor-container elementor-column-gap-default\">\n\t\t\t\t\t<div class=\"elementor-column elementor-col-100 elementor-top-column elementor-element elementor-element-765432f\" data-id=\"765432f\" data-element_type=\"column\">\n\t\t\t<div class=\"elementor-widget-wrap elementor-element-populated\">\n\t\t\t\t\t\t<div class=\"elementor-element elementor-element-afe3043 elementor-widget elementor-widget-text-editor\" data-id=\"afe3043\" data-element_type=\"widget\" data-widget_type=\"text-editor.default\">\n\t\t\t\t<div class=\"elementor-widget-container\">\n\t\t\t\t\t\t\t\t\t<p>Per prendre un merescut descans i gaudir del final del recorregut et recomanem el <strong>Restaurant Mirador Na Foradada.<\/strong> Un balc\u00f3 \u00fanic on podr\u00e0s passar una estona agradable, fer un caf\u00e8, refresc o cervesa, gaudir d&#8217;uns deliciosos entrepans, o un sopar amb la millor posta de sol de l&#8217;illa.<\/p>\n<p>El menjar li d\u00f3na un toc molt especial a la varietat de plats mediterranis que ofereix i pot resultar un gust per al paladar dels m\u00e9s exigents. Un pla per gaudir en fam\u00edlia, amb amics i fins i tot en parella.<\/p>\t\t\t\t\t\t\t\t<\/div>\n\t\t\t\t<\/div>\n\t\t\t\t\t<\/div>\n\t\t<\/div>\n\t\t\t\t\t<\/div>\n\t\t<\/section>\n\t\t\t\t<section class=\"elementor-section elementor-top-section elementor-element elementor-element-e3f639f elementor-section-boxed elementor-section-height-default elementor-section-height-default\" data-id=\"e3f639f\" data-element_type=\"section\">\n\t\t\t\t\t\t<div class=\"elementor-container elementor-column-gap-default\">\n\t\t\t\t\t<div class=\"elementor-column elementor-col-50 elementor-top-column elementor-element elementor-element-e6374f6\" data-id=\"e6374f6\" data-element_type=\"column\">\n\t\t\t<div class=\"elementor-widget-wrap elementor-element-populated\">\n\t\t\t\t\t\t<div class=\"elementor-element elementor-element-733a20e elementor-widget elementor-widget-html\" data-id=\"733a20e\" data-element_type=\"widget\" data-widget_type=\"html.default\">\n\t\t\t\t<div class=\"elementor-widget-container\">\n\t\t\t\t\t<a href=\"https:\/\/www.tkqlhce.com\/click-100199944-11919991\" target=\"_top\">\n<img fetchpriority=\"high\" decoding=\"async\" src=\"https:\/\/www.tqlkg.com\/image-100199944-11919991\" width=\"300\" height=\"250\" alt=\"Booking.com\" border=\"0\"><\/a>\t\t\t\t<\/div>\n\t\t\t\t<\/div>\n\t\t\t\t\t<\/div>\n\t\t<\/div>\n\t\t\t\t<div class=\"elementor-column elementor-col-50 elementor-top-column elementor-element elementor-element-d470288\" data-id=\"d470288\" data-element_type=\"column\">\n\t\t\t<div class=\"elementor-widget-wrap elementor-element-populated\">\n\t\t\t\t\t\t<div class=\"elementor-element elementor-element-ae82b81 elementor-widget elementor-widget-html\" data-id=\"ae82b81\" data-element_type=\"widget\" data-widget_type=\"html.default\">\n\t\t\t\t<div class=\"elementor-widget-container\">\n\t\t\t\t\t<a href=\"https:\/\/www.jdoqocy.com\/click-100199944-14104378\" target=\"_top\">\n<img decoding=\"async\" src=\"https:\/\/www.ftjcfx.com\/image-100199944-14104378\" width=\"660\" height=\"270\" alt=\"\" border=\"0\"><\/a>\t\t\t\t<\/div>\n\t\t\t\t<\/div>\n\t\t\t\t\t<\/div>\n\t\t<\/div>\n\t\t\t\t\t<\/div>\n\t\t<\/section>\n\t\t\t\t<section class=\"elementor-section elementor-top-section elementor-element elementor-element-44c6a9b elementor-section-boxed elementor-section-height-default elementor-section-height-default\" data-id=\"44c6a9b\" data-element_type=\"section\">\n\t\t\t\t\t\t<div class=\"elementor-container elementor-column-gap-default\">\n\t\t\t\t\t<div class=\"elementor-column elementor-col-100 elementor-top-column elementor-element elementor-element-cd26abf\" data-id=\"cd26abf\" data-element_type=\"column\">\n\t\t\t<div class=\"elementor-widget-wrap elementor-element-populated\">\n\t\t\t\t\t\t<div class=\"elementor-element elementor-element-ce83d82 elementor-widget elementor-widget-heading\" data-id=\"ce83d82\" data-element_type=\"widget\" data-widget_type=\"heading.default\">\n\t\t\t\t<div class=\"elementor-widget-container\">\n\t\t\t\t\t<h2 class=\"elementor-heading-title elementor-size-default\">Altres rutes que tamb\u00e9 et poden interessar...<\/h2>\t\t\t\t<\/div>\n\t\t\t\t<\/div>\n\t\t\t\t\t<\/div>\n\t\t<\/div>\n\t\t\t\t\t<\/div>\n\t\t<\/section>\n\t\t\t\t<section class=\"elementor-section elementor-top-section elementor-element elementor-element-6d1e456 elementor-section-boxed elementor-section-height-default elementor-section-height-default\" data-id=\"6d1e456\" data-element_type=\"section\">\n\t\t\t\t\t\t<div class=\"elementor-container elementor-column-gap-default\">\n\t\t\t\t\t<div class=\"elementor-column elementor-col-100 elementor-top-column elementor-element elementor-element-bfd74e3\" data-id=\"bfd74e3\" data-element_type=\"column\">\n\t\t\t<div class=\"elementor-widget-wrap elementor-element-populated\">\n\t\t\t\t\t\t\t<\/div>\n\t\t<\/div>\n\t\t\t\t\t<\/div>\n\t\t<\/section>\n\t\t\t\t<\/div>\n\t\t","protected":false},"excerpt":{"rendered":"<p>Si est\u00e0s buscant rutes i excursions per Mallorca , ens atrevir\u00edem a dir que aquest \u00e9s un lloc que no pots deixar de visitar. El mirador de Son Marroig , tamb\u00e9 conegut com \u201cel Galliner\u201d, \u00e9s un dels llocs m\u00e9s imprescindibles que visitar a Mallorca i per descomptat\u2026 a Willy&#8217;s pla deixarem que no t&#8217;ho&hellip;&nbsp;<a href=\"https:\/\/www.willysplan.com\/ca\/rutes\/excursio-des-de-son-marroig-a-sa-foradada\" rel=\"bookmark\">Llegiu m\u00e9s &raquo;<span class=\"screen-reader-text\">Excursi\u00f3 des de Son Marroig a Sa Foradada<\/span><\/a><\/p>\n","protected":false},"author":2,"featured_media":13733,"comment_status":"closed","ping_status":"closed","sticky":false,"template":"","format":"standard","meta":{"neve_meta_sidebar":"","neve_meta_container":"","neve_meta_enable_content_width":"","neve_meta_content_width":0,"neve_meta_title_alignment":"","neve_meta_author_avatar":"","neve_post_elements_order":"","neve_meta_disable_header":"","neve_meta_disable_footer":"","neve_meta_disable_title":"","_joinchat":[],"footnotes":""},"categories":[323],"tags":[376,377],"class_list":["post-15977","post","type-post","status-publish","format-standard","has-post-thumbnail","hentry","category-rutes","tag-rutes-illes-balears","tag-rutes-mallorca"],"yoast_head":"<!-- This site is optimized with the Yoast SEO Premium plugin v20.1 (Yoast SEO v26.9) - https:\/\/yoast.com\/product\/yoast-seo-premium-wordpress\/ -->\n<title>Ruta des de Son Marroig a Na Foradada \u2013 Willy\u00b4s pla<\/title>\n<meta name=\"description\" content=\"Descobreix una de les millors rutes per fer a Mallorca. Gaudeix visitant els llocs de Son Marroig, Na Foradada i el seu restaurant-mirador. \u2705 Entra!\" \/>\n<meta name=\"robots\" content=\"index, follow, max-snippet:-1, max-image-preview:large, max-video-preview:-1\" \/>\n<link rel=\"canonical\" href=\"https:\/\/www.willysplan.com\/ca\/rutes\/excursio-des-de-son-marroig-a-sa-foradada\" \/>\n<meta property=\"og:locale\" content=\"ca_ES\" \/>\n<meta property=\"og:type\" content=\"article\" \/>\n<meta property=\"og:title\" content=\"Excursi\u00f3 des de Son Marroig a Sa Foradada\" \/>\n<meta property=\"og:description\" content=\"Descobreix una de les millors rutes per fer a Mallorca. Gaudeix visitant els llocs de Son Marroig, Na Foradada i el seu restaurant-mirador. \u2705 Entra!\" \/>\n<meta property=\"og:url\" content=\"https:\/\/www.willysplan.com\/ca\/rutes\/excursio-des-de-son-marroig-a-sa-foradada\" \/>\n<meta property=\"og:site_name\" content=\"Willy&#039;s Plan \ud83c\udf43\" \/>\n<meta property=\"article:published_time\" content=\"2020-07-11T17:45:29+00:00\" \/>\n<meta property=\"article:modified_time\" content=\"2023-04-07T10:05:26+00:00\" \/>\n<meta property=\"og:image\" content=\"https:\/\/www.willysplan.com\/wp-content\/uploads\/2020\/07\/son-marroig-mallorca1.jpg\" \/>\n\t<meta property=\"og:image:width\" content=\"800\" \/>\n\t<meta property=\"og:image:height\" content=\"600\" \/>\n\t<meta property=\"og:image:type\" content=\"image\/jpeg\" \/>\n<meta name=\"author\" content=\"Guillem Asensio\" \/>\n<meta name=\"twitter:card\" content=\"summary_large_image\" \/>\n<meta name=\"twitter:label1\" content=\"Escrit per\" \/>\n\t<meta name=\"twitter:data1\" content=\"Guillem Asensio\" \/>\n\t<meta name=\"twitter:label2\" content=\"Temps estimat de lectura\" \/>\n\t<meta name=\"twitter:data2\" content=\"5 minuts\" \/>\n<script type=\"application\/ld+json\" class=\"yoast-schema-graph\">{\"@context\":\"https:\/\/schema.org\",\"@graph\":[{\"@type\":\"Article\",\"@id\":\"https:\/\/www.willysplan.com\/ca\/rutes\/excursio-des-de-son-marroig-a-sa-foradada#article\",\"isPartOf\":{\"@id\":\"https:\/\/www.willysplan.com\/ca\/rutes\/excursio-des-de-son-marroig-a-sa-foradada\"},\"author\":{\"name\":\"Guillem Asensio\",\"@id\":\"https:\/\/www.willysplan.com\/#\/schema\/person\/6f2dbf2215cd25715df085907bd007c1\"},\"headline\":\"Excursi\u00f3 des de Son Marroig a Sa Foradada\",\"datePublished\":\"2020-07-11T17:45:29+00:00\",\"dateModified\":\"2023-04-07T10:05:26+00:00\",\"mainEntityOfPage\":{\"@id\":\"https:\/\/www.willysplan.com\/ca\/rutes\/excursio-des-de-son-marroig-a-sa-foradada\"},\"wordCount\":973,\"publisher\":{\"@id\":\"https:\/\/www.willysplan.com\/#organization\"},\"image\":{\"@id\":\"https:\/\/www.willysplan.com\/ca\/rutes\/excursio-des-de-son-marroig-a-sa-foradada#primaryimage\"},\"thumbnailUrl\":\"https:\/\/www.willysplan.com\/wp-content\/uploads\/2020\/07\/son-marroig-mallorca1.jpg\",\"keywords\":[\"rutes illes balears\",\"rutes mallorca\"],\"articleSection\":[\"rutes\"],\"inLanguage\":\"ca\"},{\"@type\":\"WebPage\",\"@id\":\"https:\/\/www.willysplan.com\/ca\/rutes\/excursio-des-de-son-marroig-a-sa-foradada\",\"url\":\"https:\/\/www.willysplan.com\/ca\/rutes\/excursio-des-de-son-marroig-a-sa-foradada\",\"name\":\"Ruta des de Son Marroig a Na Foradada \u2013 Willy\u00b4s pla\",\"isPartOf\":{\"@id\":\"https:\/\/www.willysplan.com\/#website\"},\"primaryImageOfPage\":{\"@id\":\"https:\/\/www.willysplan.com\/ca\/rutes\/excursio-des-de-son-marroig-a-sa-foradada#primaryimage\"},\"image\":{\"@id\":\"https:\/\/www.willysplan.com\/ca\/rutes\/excursio-des-de-son-marroig-a-sa-foradada#primaryimage\"},\"thumbnailUrl\":\"https:\/\/www.willysplan.com\/wp-content\/uploads\/2020\/07\/son-marroig-mallorca1.jpg\",\"datePublished\":\"2020-07-11T17:45:29+00:00\",\"dateModified\":\"2023-04-07T10:05:26+00:00\",\"description\":\"Descobreix una de les millors rutes per fer a Mallorca. Gaudeix visitant els llocs de Son Marroig, Na Foradada i el seu restaurant-mirador. \u2705 Entra!\",\"inLanguage\":\"ca\",\"potentialAction\":[{\"@type\":\"ReadAction\",\"target\":[\"https:\/\/www.willysplan.com\/ca\/rutes\/excursio-des-de-son-marroig-a-sa-foradada\"]}]},{\"@type\":\"ImageObject\",\"inLanguage\":\"ca\",\"@id\":\"https:\/\/www.willysplan.com\/ca\/rutes\/excursio-des-de-son-marroig-a-sa-foradada#primaryimage\",\"url\":\"https:\/\/www.willysplan.com\/wp-content\/uploads\/2020\/07\/son-marroig-mallorca1.jpg\",\"contentUrl\":\"https:\/\/www.willysplan.com\/wp-content\/uploads\/2020\/07\/son-marroig-mallorca1.jpg\",\"width\":800,\"height\":600},{\"@type\":\"WebSite\",\"@id\":\"https:\/\/www.willysplan.com\/#website\",\"url\":\"https:\/\/www.willysplan.com\/\",\"name\":\"Willy&#039;s Plan \ud83c\udf43\",\"description\":\"Escapadas y Planes de fin de semana\",\"publisher\":{\"@id\":\"https:\/\/www.willysplan.com\/#organization\"},\"potentialAction\":[{\"@type\":\"SearchAction\",\"target\":{\"@type\":\"EntryPoint\",\"urlTemplate\":\"https:\/\/www.willysplan.com\/?s={search_term_string}\"},\"query-input\":{\"@type\":\"PropertyValueSpecification\",\"valueRequired\":true,\"valueName\":\"search_term_string\"}}],\"inLanguage\":\"ca\"},{\"@type\":\"Organization\",\"@id\":\"https:\/\/www.willysplan.com\/#organization\",\"name\":\"Willy&#039;s Plan \ud83c\udf43\",\"url\":\"https:\/\/www.willysplan.com\/\",\"logo\":{\"@type\":\"ImageObject\",\"inLanguage\":\"ca\",\"@id\":\"https:\/\/www.willysplan.com\/#\/schema\/logo\/image\/\",\"url\":\"https:\/\/www.willysplan.com\/wp-content\/uploads\/2020\/04\/cropped-logo-1.png\",\"contentUrl\":\"https:\/\/www.willysplan.com\/wp-content\/uploads\/2020\/04\/cropped-logo-1.png\",\"width\":332,\"height\":332,\"caption\":\"Willy&#039;s Plan \ud83c\udf43\"},\"image\":{\"@id\":\"https:\/\/www.willysplan.com\/#\/schema\/logo\/image\/\"}},{\"@type\":\"Person\",\"@id\":\"https:\/\/www.willysplan.com\/#\/schema\/person\/6f2dbf2215cd25715df085907bd007c1\",\"name\":\"Guillem Asensio\",\"image\":{\"@type\":\"ImageObject\",\"inLanguage\":\"ca\",\"@id\":\"https:\/\/www.willysplan.com\/#\/schema\/person\/image\/\",\"url\":\"https:\/\/secure.gravatar.com\/avatar\/fd3f69da3e6cd8d451f6be79c127da046757b9a4c273deefb40b1291809cc787?s=96&d=mm&r=g\",\"contentUrl\":\"https:\/\/secure.gravatar.com\/avatar\/fd3f69da3e6cd8d451f6be79c127da046757b9a4c273deefb40b1291809cc787?s=96&d=mm&r=g\",\"caption\":\"Guillem Asensio\"},\"sameAs\":[\"https:\/\/willysplan.com\"],\"url\":\"https:\/\/www.willysplan.com\/ca\/author\/willy\"}]}<\/script>\n<!-- \/ Yoast SEO Premium plugin. -->","yoast_head_json":{"title":"Ruta des de Son Marroig a Na Foradada \u2013 Willy\u00b4s pla","description":"Descobreix una de les millors rutes per fer a Mallorca. Gaudeix visitant els llocs de Son Marroig, Na Foradada i el seu restaurant-mirador. \u2705 Entra!","robots":{"index":"index","follow":"follow","max-snippet":"max-snippet:-1","max-image-preview":"max-image-preview:large","max-video-preview":"max-video-preview:-1"},"canonical":"https:\/\/www.willysplan.com\/ca\/rutes\/excursio-des-de-son-marroig-a-sa-foradada","og_locale":"ca_ES","og_type":"article","og_title":"Excursi\u00f3 des de Son Marroig a Sa Foradada","og_description":"Descobreix una de les millors rutes per fer a Mallorca. Gaudeix visitant els llocs de Son Marroig, Na Foradada i el seu restaurant-mirador. \u2705 Entra!","og_url":"https:\/\/www.willysplan.com\/ca\/rutes\/excursio-des-de-son-marroig-a-sa-foradada","og_site_name":"Willy&#039;s Plan \ud83c\udf43","article_published_time":"2020-07-11T17:45:29+00:00","article_modified_time":"2023-04-07T10:05:26+00:00","og_image":[{"width":800,"height":600,"url":"https:\/\/www.willysplan.com\/wp-content\/uploads\/2020\/07\/son-marroig-mallorca1.jpg","type":"image\/jpeg"}],"author":"Guillem Asensio","twitter_card":"summary_large_image","twitter_misc":{"Escrit per":"Guillem Asensio","Temps estimat de lectura":"5 minuts"},"schema":{"@context":"https:\/\/schema.org","@graph":[{"@type":"Article","@id":"https:\/\/www.willysplan.com\/ca\/rutes\/excursio-des-de-son-marroig-a-sa-foradada#article","isPartOf":{"@id":"https:\/\/www.willysplan.com\/ca\/rutes\/excursio-des-de-son-marroig-a-sa-foradada"},"author":{"name":"Guillem Asensio","@id":"https:\/\/www.willysplan.com\/#\/schema\/person\/6f2dbf2215cd25715df085907bd007c1"},"headline":"Excursi\u00f3 des de Son Marroig a Sa Foradada","datePublished":"2020-07-11T17:45:29+00:00","dateModified":"2023-04-07T10:05:26+00:00","mainEntityOfPage":{"@id":"https:\/\/www.willysplan.com\/ca\/rutes\/excursio-des-de-son-marroig-a-sa-foradada"},"wordCount":973,"publisher":{"@id":"https:\/\/www.willysplan.com\/#organization"},"image":{"@id":"https:\/\/www.willysplan.com\/ca\/rutes\/excursio-des-de-son-marroig-a-sa-foradada#primaryimage"},"thumbnailUrl":"https:\/\/www.willysplan.com\/wp-content\/uploads\/2020\/07\/son-marroig-mallorca1.jpg","keywords":["rutes illes balears","rutes mallorca"],"articleSection":["rutes"],"inLanguage":"ca"},{"@type":"WebPage","@id":"https:\/\/www.willysplan.com\/ca\/rutes\/excursio-des-de-son-marroig-a-sa-foradada","url":"https:\/\/www.willysplan.com\/ca\/rutes\/excursio-des-de-son-marroig-a-sa-foradada","name":"Ruta des de Son Marroig a Na Foradada \u2013 Willy\u00b4s pla","isPartOf":{"@id":"https:\/\/www.willysplan.com\/#website"},"primaryImageOfPage":{"@id":"https:\/\/www.willysplan.com\/ca\/rutes\/excursio-des-de-son-marroig-a-sa-foradada#primaryimage"},"image":{"@id":"https:\/\/www.willysplan.com\/ca\/rutes\/excursio-des-de-son-marroig-a-sa-foradada#primaryimage"},"thumbnailUrl":"https:\/\/www.willysplan.com\/wp-content\/uploads\/2020\/07\/son-marroig-mallorca1.jpg","datePublished":"2020-07-11T17:45:29+00:00","dateModified":"2023-04-07T10:05:26+00:00","description":"Descobreix una de les millors rutes per fer a Mallorca. Gaudeix visitant els llocs de Son Marroig, Na Foradada i el seu restaurant-mirador. \u2705 Entra!","inLanguage":"ca","potentialAction":[{"@type":"ReadAction","target":["https:\/\/www.willysplan.com\/ca\/rutes\/excursio-des-de-son-marroig-a-sa-foradada"]}]},{"@type":"ImageObject","inLanguage":"ca","@id":"https:\/\/www.willysplan.com\/ca\/rutes\/excursio-des-de-son-marroig-a-sa-foradada#primaryimage","url":"https:\/\/www.willysplan.com\/wp-content\/uploads\/2020\/07\/son-marroig-mallorca1.jpg","contentUrl":"https:\/\/www.willysplan.com\/wp-content\/uploads\/2020\/07\/son-marroig-mallorca1.jpg","width":800,"height":600},{"@type":"WebSite","@id":"https:\/\/www.willysplan.com\/#website","url":"https:\/\/www.willysplan.com\/","name":"Willy&#039;s Plan \ud83c\udf43","description":"Escapadas y Planes de fin de semana","publisher":{"@id":"https:\/\/www.willysplan.com\/#organization"},"potentialAction":[{"@type":"SearchAction","target":{"@type":"EntryPoint","urlTemplate":"https:\/\/www.willysplan.com\/?s={search_term_string}"},"query-input":{"@type":"PropertyValueSpecification","valueRequired":true,"valueName":"search_term_string"}}],"inLanguage":"ca"},{"@type":"Organization","@id":"https:\/\/www.willysplan.com\/#organization","name":"Willy&#039;s Plan \ud83c\udf43","url":"https:\/\/www.willysplan.com\/","logo":{"@type":"ImageObject","inLanguage":"ca","@id":"https:\/\/www.willysplan.com\/#\/schema\/logo\/image\/","url":"https:\/\/www.willysplan.com\/wp-content\/uploads\/2020\/04\/cropped-logo-1.png","contentUrl":"https:\/\/www.willysplan.com\/wp-content\/uploads\/2020\/04\/cropped-logo-1.png","width":332,"height":332,"caption":"Willy&#039;s Plan \ud83c\udf43"},"image":{"@id":"https:\/\/www.willysplan.com\/#\/schema\/logo\/image\/"}},{"@type":"Person","@id":"https:\/\/www.willysplan.com\/#\/schema\/person\/6f2dbf2215cd25715df085907bd007c1","name":"Guillem Asensio","image":{"@type":"ImageObject","inLanguage":"ca","@id":"https:\/\/www.willysplan.com\/#\/schema\/person\/image\/","url":"https:\/\/secure.gravatar.com\/avatar\/fd3f69da3e6cd8d451f6be79c127da046757b9a4c273deefb40b1291809cc787?s=96&d=mm&r=g","contentUrl":"https:\/\/secure.gravatar.com\/avatar\/fd3f69da3e6cd8d451f6be79c127da046757b9a4c273deefb40b1291809cc787?s=96&d=mm&r=g","caption":"Guillem Asensio"},"sameAs":["https:\/\/willysplan.com"],"url":"https:\/\/www.willysplan.com\/ca\/author\/willy"}]}},"_links":{"self":[{"href":"https:\/\/www.willysplan.com\/ca\/wp-json\/wp\/v2\/posts\/15977","targetHints":{"allow":["GET"]}}],"collection":[{"href":"https:\/\/www.willysplan.com\/ca\/wp-json\/wp\/v2\/posts"}],"about":[{"href":"https:\/\/www.willysplan.com\/ca\/wp-json\/wp\/v2\/types\/post"}],"author":[{"embeddable":true,"href":"https:\/\/www.willysplan.com\/ca\/wp-json\/wp\/v2\/users\/2"}],"replies":[{"embeddable":true,"href":"https:\/\/www.willysplan.com\/ca\/wp-json\/wp\/v2\/comments?post=15977"}],"version-history":[{"count":3,"href":"https:\/\/www.willysplan.com\/ca\/wp-json\/wp\/v2\/posts\/15977\/revisions"}],"predecessor-version":[{"id":18004,"href":"https:\/\/www.willysplan.com\/ca\/wp-json\/wp\/v2\/posts\/15977\/revisions\/18004"}],"wp:featuredmedia":[{"embeddable":true,"href":"https:\/\/www.willysplan.com\/ca\/wp-json\/wp\/v2\/media\/13733"}],"wp:attachment":[{"href":"https:\/\/www.willysplan.com\/ca\/wp-json\/wp\/v2\/media?parent=15977"}],"wp:term":[{"taxonomy":"category","embeddable":true,"href":"https:\/\/www.willysplan.com\/ca\/wp-json\/wp\/v2\/categories?post=15977"},{"taxonomy":"post_tag","embeddable":true,"href":"https:\/\/www.willysplan.com\/ca\/wp-json\/wp\/v2\/tags?post=15977"}],"curies":[{"name":"wp","href":"https:\/\/api.w.org\/{rel}","templated":true}]}}