{"id":15974,"date":"2020-06-28T15:03:29","date_gmt":"2020-06-28T14:03:29","guid":{"rendered":"https:\/\/willysplan.com\/uncategorized-ca\/ruta-des-del-castell-de-montjuic-al-mirador-de-lalcalde"},"modified":"2023-07-24T06:27:11","modified_gmt":"2023-07-24T05:27:11","slug":"ruta-des-del-castell-de-montjuic-al-mirador-de-lalcalde","status":"publish","type":"post","link":"https:\/\/www.willysplan.com\/ca\/rutes\/ruta-des-del-castell-de-montjuic-al-mirador-de-lalcalde","title":{"rendered":"Ruta des del Castell de Montju\u00efc al Mirador de l&#8217;alcalde"},"content":{"rendered":"\t\t<div data-elementor-type=\"wp-post\" data-elementor-id=\"15974\" class=\"elementor elementor-15974 elementor-1773\" data-elementor-post-type=\"post\">\n\t\t\t\t\t\t<section class=\"elementor-section elementor-top-section elementor-element elementor-element-f4c69cc elementor-section-boxed elementor-section-height-default elementor-section-height-default\" data-id=\"f4c69cc\" data-element_type=\"section\">\n\t\t\t\t\t\t<div class=\"elementor-container elementor-column-gap-default\">\n\t\t\t\t\t<div class=\"elementor-column elementor-col-50 elementor-top-column elementor-element elementor-element-164a862\" data-id=\"164a862\" data-element_type=\"column\">\n\t\t\t<div class=\"elementor-widget-wrap elementor-element-populated\">\n\t\t\t\t\t\t<div class=\"elementor-element elementor-element-29bc239 elementor-widget elementor-widget-text-editor\" data-id=\"29bc239\" data-element_type=\"widget\" data-widget_type=\"text-editor.default\">\n\t\t\t\t<div class=\"elementor-widget-container\">\n\t\t\t\t\t\t\t\t\t<p>Benvinguts una vegada m\u00e9s a la ciutat de <strong>Barcelona<\/strong> ! A la nostra constant recerca de rutes i excursions per divertir-vos, hem dissenyat una nova <a href=\"https:\/\/www.willysplan.com\/ca\/rutes\/rutes-de-senderisme-i-excursions-per-barcelona\">ruta per fer a Barcelona ciutat<\/a> , ia la qual per descomptat no podreu resistir-vos.<\/p><p>En aquest Willy\u00b4s pla, us proposem una curiosa excursi\u00f3 per la part de Montju\u00efc i el port, visitant el <strong>Castell de Montju\u00efc,<\/strong> el <strong>Mirador de l\u00b4Alcalde,<\/strong> seguit per la diversi\u00f3 al <strong>Bizarre Scape Room<\/strong> , i acabant el dia relaxant-nos a <strong>G\u00fcell Tapas Bar.<\/strong><\/p><p>Per comen\u00e7ar, \u00e9s important que sapigueu que algunes de les activitats que farem s\u00f3n de pagament, per\u00f2 no us preocupeu, el preu \u00e9s apte per a tot tipus de p\u00fablic. Encara que si es tracta d&#8217;excursions gratu\u00eftes, podeu fer una ullada a la nostra proposta de <a href=\"https:\/\/www.willysplan.com\/rutas\/barcelona-provincia\">rutes per la prov\u00edncia de Barcelona<\/a> , on trobareu propostes i plans naturals per fer des d&#8217;una <a href=\"https:\/\/www.willysplan.com\/ca\/escapades-relax-per-catalunya-els-millors-balnearis-hotels-i-spas\">escapada relax original per Catalunya<\/a> , fins a una <a href=\"https:\/\/www.willysplan.com\/ca\/escapades-amb-nens-per-catalunya\">escapada amb nens<\/a> .<\/p><p>La nostra primera parada \u00e9s al <strong>Castell de Montju\u00efc,<\/strong> aqu\u00ed gaudirem de tota la hist\u00f2ria que acull aquest emblem\u00e0tic castell.<\/p>\t\t\t\t\t\t\t\t<\/div>\n\t\t\t\t<\/div>\n\t\t\t\t\t<\/div>\n\t\t<\/div>\n\t\t\t\t<div class=\"elementor-column elementor-col-50 elementor-top-column elementor-element elementor-element-c1b3f97\" data-id=\"c1b3f97\" data-element_type=\"column\">\n\t\t\t<div class=\"elementor-widget-wrap elementor-element-populated\">\n\t\t\t\t\t\t<div class=\"elementor-element elementor-element-0ac0a48 elementor-widget elementor-widget-html\" data-id=\"0ac0a48\" data-element_type=\"widget\" data-widget_type=\"html.default\">\n\t\t\t\t<div class=\"elementor-widget-container\">\n\t\t\t\t\t<iframe src=\"https:\/\/www.google.com\/maps\/embed?pb=!1m40!1m12!1m3!1d11976.59837949398!2d2.16064897742314!3d41.37083447118496!2m3!1f0!2f0!3f0!3m2!1i1024!2i768!4f13.1!4m25!3e2!4m5!1s0x12a4a2410a62b137%3A0xc8f5e88ea67f2d4!2sCastell%20de%20Montju%C3%AFc%2C%20Carretera%20de%20Montju%C3%AFc%2C%20Barcelona!3m2!1d41.362959!2d2.1650636!4m5!1s0x12a4a24394cc9adb%3A0x23719b6831901c02!2sMirador%20de%20l'Alcalde%2C%20Carretera%20de%20Montju%C3%AFc%2C%20Barcelona!3m2!1d41.3667094!2d2.1694179!4m5!1s0x12a4a25ceeab0e51%3A0x44e1d98d6abb291a!2sBizarre%20Escape%20Room%2C%20Carrer%20de%20Blesa%2C%20Barcelona!3m2!1d41.3724002!2d2.1680373!4m5!1s0x12a4a258310ac81f%3A0xbc1d7d38d7b3d6f8!2sG%C3%BCell%20Tapas%20Restaurant%2C%20Carrer%20Nou%20de%20la%20Rambla%2C%20Barcelona!3m2!1d41.3786784!2d2.173736!5e0!3m2!1ses!2ses!4v1603645688812!5m2!1ses!2ses\" width=\"600\" height=\"450\" frameborder=\"0\" style=\"border:0;\" allowfullscreen=\"\" aria-hidden=\"false\" tabindex=\"0\"><\/iframe>\t\t\t\t<\/div>\n\t\t\t\t<\/div>\n\t\t\t\t\t<\/div>\n\t\t<\/div>\n\t\t\t\t\t<\/div>\n\t\t<\/section>\n\t\t\t\t<section class=\"elementor-section elementor-top-section elementor-element elementor-element-d030032 elementor-section-boxed elementor-section-height-default elementor-section-height-default\" data-id=\"d030032\" data-element_type=\"section\">\n\t\t\t\t\t\t<div class=\"elementor-container elementor-column-gap-default\">\n\t\t\t\t\t<div class=\"elementor-column elementor-col-100 elementor-top-column elementor-element elementor-element-63a0f18\" data-id=\"63a0f18\" data-element_type=\"column\">\n\t\t\t<div class=\"elementor-widget-wrap elementor-element-populated\">\n\t\t\t\t\t\t<div class=\"elementor-element elementor-element-80be086 elementor-widget elementor-widget-text-editor\" data-id=\"80be086\" data-element_type=\"widget\" data-widget_type=\"text-editor.default\">\n\t\t\t\t<div class=\"elementor-widget-container\">\n\t\t\t\t\t\t\t\t\t<p style=\"background-color: #ffffff;\">Seguirem el nostre pla fins arribar al preci\u00f3s <span style=\"font-weight: bold;\">Mirador de l&#8217;Alcalde<\/span> per apreciar les seves fonts i delectar-nos amb les vistes cap al port i la ciutat.<\/p>\n<p style=\"background-color: #ffffff;\">A la seg\u00fcent activitat traurem tota l&#8217;adrenalina. Al <span style=\"font-weight: bold;\">Bizarre Scape Room<\/span> haur\u00e0s d&#8217;intentar sortir, resolent cadascun dels misteriosos enigmes d&#8217;aquesta divertida experi\u00e8ncia, en tan sols una hora.<\/p>\n<p style=\"background-color: #ffffff;\">Finalment recuperarem forces a <span style=\"font-weight: bold;\">G\u00fcell Tapas Bar<\/span> . Un t\u00edpic bar de tapes de Barcelona, on gaudirem de la gastronomia i una mica de festa local. Aix\u00ed doncs, sense m\u00e9s pre\u00e0mbuls, endinsem-nos ara ja s\u00ed a una de les <a href=\"https:\/\/www.willysplan.com\/rutas\/cataluna\">millors rutes que fer per Catalunya<\/a> si us trobeu a la ciutat comtal.<\/p>\n\t\t\t\t\t\t\t\t<\/div>\n\t\t\t\t<\/div>\n\t\t\t\t\t<\/div>\n\t\t<\/div>\n\t\t\t\t\t<\/div>\n\t\t<\/section>\n\t\t\t\t<section class=\"elementor-section elementor-top-section elementor-element elementor-element-36fe8d4 elementor-section-boxed elementor-section-height-default elementor-section-height-default\" data-id=\"36fe8d4\" data-element_type=\"section\">\n\t\t\t\t\t\t<div class=\"elementor-container elementor-column-gap-default\">\n\t\t\t\t\t<div class=\"elementor-column elementor-col-100 elementor-top-column elementor-element elementor-element-da527a3\" data-id=\"da527a3\" data-element_type=\"column\">\n\t\t\t<div class=\"elementor-widget-wrap elementor-element-populated\">\n\t\t\t\t\t\t<div class=\"elementor-element elementor-element-005077d elementor-widget elementor-widget-heading\" data-id=\"005077d\" data-element_type=\"widget\" data-widget_type=\"heading.default\">\n\t\t\t\t<div class=\"elementor-widget-container\">\n\t\t\t\t\t<h2 class=\"elementor-heading-title elementor-size-default\">Castell de Montju\u00efc<\/h2>\t\t\t\t<\/div>\n\t\t\t\t<\/div>\n\t\t\t\t\t<\/div>\n\t\t<\/div>\n\t\t\t\t\t<\/div>\n\t\t<\/section>\n\t\t\t\t<section class=\"elementor-section elementor-top-section elementor-element elementor-element-39c50f9 elementor-section-boxed elementor-section-height-default elementor-section-height-default\" data-id=\"39c50f9\" data-element_type=\"section\">\n\t\t\t\t\t\t<div class=\"elementor-container elementor-column-gap-default\">\n\t\t\t\t\t<div class=\"elementor-column elementor-col-100 elementor-top-column elementor-element elementor-element-f49e2b5\" data-id=\"f49e2b5\" data-element_type=\"column\">\n\t\t\t<div class=\"elementor-widget-wrap elementor-element-populated\">\n\t\t\t\t\t\t<div class=\"elementor-element elementor-element-4b1d3b8 elementor-widget elementor-widget-image\" data-id=\"4b1d3b8\" data-element_type=\"widget\" data-widget_type=\"image.default\">\n\t\t\t\t<div class=\"elementor-widget-container\">\n\t\t\t\t\t\t\t\t\t\t\t\t\t\t\t<img fetchpriority=\"high\" decoding=\"async\" width=\"768\" height=\"430\" src=\"https:\/\/www.willysplan.com\/wp-content\/uploads\/2020\/06\/castell-monjuic-en-Barcelona-768x430.jpg\" class=\"attachment-medium_large size-medium_large wp-image-13929\" alt=\"\" srcset=\"https:\/\/www.willysplan.com\/wp-content\/uploads\/2020\/06\/castell-monjuic-en-Barcelona-768x430.jpg 768w, https:\/\/www.willysplan.com\/wp-content\/uploads\/2020\/06\/castell-monjuic-en-Barcelona-300x168.jpg 300w, https:\/\/www.willysplan.com\/wp-content\/uploads\/2020\/06\/castell-monjuic-en-Barcelona-715x400.jpg 715w, https:\/\/www.willysplan.com\/wp-content\/uploads\/2020\/06\/castell-monjuic-en-Barcelona-585x327.jpg 585w, https:\/\/www.willysplan.com\/wp-content\/uploads\/2020\/06\/castell-monjuic-en-Barcelona-600x336.jpg 600w, https:\/\/www.willysplan.com\/wp-content\/uploads\/2020\/06\/castell-monjuic-en-Barcelona.jpg 786w\" sizes=\"(max-width: 768px) 100vw, 768px\" \/>\t\t\t\t\t\t\t\t\t\t\t\t\t\t\t<\/div>\n\t\t\t\t<\/div>\n\t\t\t\t\t<\/div>\n\t\t<\/div>\n\t\t\t\t\t<\/div>\n\t\t<\/section>\n\t\t\t\t<section class=\"elementor-section elementor-top-section elementor-element elementor-element-4e88c10 elementor-section-boxed elementor-section-height-default elementor-section-height-default\" data-id=\"4e88c10\" data-element_type=\"section\">\n\t\t\t\t\t\t<div class=\"elementor-container elementor-column-gap-default\">\n\t\t\t\t\t<div class=\"elementor-column elementor-col-100 elementor-top-column elementor-element elementor-element-8ccc3a4\" data-id=\"8ccc3a4\" data-element_type=\"column\">\n\t\t\t<div class=\"elementor-widget-wrap elementor-element-populated\">\n\t\t\t\t\t\t<div class=\"elementor-element elementor-element-39dc59f elementor-widget elementor-widget-text-editor\" data-id=\"39dc59f\" data-element_type=\"widget\" data-widget_type=\"text-editor.default\">\n\t\t\t\t<div class=\"elementor-widget-container\">\n\t\t\t\t\t\t\t\t\t<p>El <strong>Castell de Montju\u00efc<\/strong> \u00e9s una construcci\u00f3 inicialment pentagonal, creada com a fortalesa cap a l&#8217;any 1640 a uns 170 metres d&#8217;al\u00e7ada i on es pot apreciar unes vistes excel\u00b7lents de Barcelona i la seva entrada mar\u00edtima.<\/p>\n<p>Si parlem una mica d&#8217;hist\u00f2ria, aquest castell ha estat un gran referent de defensa a diferents \u00e8poques d&#8217;independ\u00e8ncia de <strong>Catalunya,<\/strong> i avui allotja un dels museus m\u00e9s importants de la ciutat, ja que el castell es conserva en perfecte estat. Encara que en les seves variades reconstruccions hagi estat modificat, el seu disseny avui es pot apreciar en forma d&#8217;estrella.<\/p>\n<p>Si us animeu a visitar aquest monument, \u00e9s important que sapigueu el primer diumenge de cada mes la vostra estrada \u00e9s gratu\u00efta, en cas contrari heu de pagar 5 euros per l&#8217;entrada.<\/p>\n\t\t\t\t\t\t\t\t<\/div>\n\t\t\t\t<\/div>\n\t\t\t\t\t<\/div>\n\t\t<\/div>\n\t\t\t\t\t<\/div>\n\t\t<\/section>\n\t\t\t\t<section class=\"elementor-section elementor-top-section elementor-element elementor-element-cf26dc9 elementor-section-boxed elementor-section-height-default elementor-section-height-default\" data-id=\"cf26dc9\" data-element_type=\"section\">\n\t\t\t\t\t\t<div class=\"elementor-container elementor-column-gap-default\">\n\t\t\t\t\t<div class=\"elementor-column elementor-col-100 elementor-top-column elementor-element elementor-element-5689fda\" data-id=\"5689fda\" data-element_type=\"column\">\n\t\t\t<div class=\"elementor-widget-wrap elementor-element-populated\">\n\t\t\t\t\t\t<div class=\"elementor-element elementor-element-ec10ffc elementor-widget elementor-widget-heading\" data-id=\"ec10ffc\" data-element_type=\"widget\" data-widget_type=\"heading.default\">\n\t\t\t\t<div class=\"elementor-widget-container\">\n\t\t\t\t\t<h2 class=\"elementor-heading-title elementor-size-default\">Mirador de l'alcalde<\/h2>\t\t\t\t<\/div>\n\t\t\t\t<\/div>\n\t\t\t\t\t<\/div>\n\t\t<\/div>\n\t\t\t\t\t<\/div>\n\t\t<\/section>\n\t\t\t\t<section class=\"elementor-section elementor-top-section elementor-element elementor-element-9ca4401 elementor-section-boxed elementor-section-height-default elementor-section-height-default\" data-id=\"9ca4401\" data-element_type=\"section\">\n\t\t\t\t\t\t<div class=\"elementor-container elementor-column-gap-default\">\n\t\t\t\t\t<div class=\"elementor-column elementor-col-100 elementor-top-column elementor-element elementor-element-824143d\" data-id=\"824143d\" data-element_type=\"column\">\n\t\t\t<div class=\"elementor-widget-wrap elementor-element-populated\">\n\t\t\t\t\t\t<div class=\"elementor-element elementor-element-14928ac elementor-widget elementor-widget-image\" data-id=\"14928ac\" data-element_type=\"widget\" data-widget_type=\"image.default\">\n\t\t\t\t<div class=\"elementor-widget-container\">\n\t\t\t\t\t\t\t\t\t\t\t\t\t\t\t<img decoding=\"async\" width=\"752\" height=\"500\" src=\"https:\/\/www.willysplan.com\/wp-content\/uploads\/2020\/06\/mirador-del-alcalde.jpg\" class=\"attachment-large size-large wp-image-13927\" alt=\"\" srcset=\"https:\/\/www.willysplan.com\/wp-content\/uploads\/2020\/06\/mirador-del-alcalde.jpg 752w, https:\/\/www.willysplan.com\/wp-content\/uploads\/2020\/06\/mirador-del-alcalde-300x199.jpg 300w, https:\/\/www.willysplan.com\/wp-content\/uploads\/2020\/06\/mirador-del-alcalde-480x320.jpg 480w, https:\/\/www.willysplan.com\/wp-content\/uploads\/2020\/06\/mirador-del-alcalde-280x186.jpg 280w, https:\/\/www.willysplan.com\/wp-content\/uploads\/2020\/06\/mirador-del-alcalde-602x400.jpg 602w, https:\/\/www.willysplan.com\/wp-content\/uploads\/2020\/06\/mirador-del-alcalde-585x389.jpg 585w, https:\/\/www.willysplan.com\/wp-content\/uploads\/2020\/06\/mirador-del-alcalde-600x399.jpg 600w\" sizes=\"(max-width: 752px) 100vw, 752px\" \/>\t\t\t\t\t\t\t\t\t\t\t\t\t\t\t<\/div>\n\t\t\t\t<\/div>\n\t\t\t\t\t<\/div>\n\t\t<\/div>\n\t\t\t\t\t<\/div>\n\t\t<\/section>\n\t\t\t\t<section class=\"elementor-section elementor-top-section elementor-element elementor-element-090337d elementor-section-boxed elementor-section-height-default elementor-section-height-default\" data-id=\"090337d\" data-element_type=\"section\">\n\t\t\t\t\t\t<div class=\"elementor-container elementor-column-gap-default\">\n\t\t\t\t\t<div class=\"elementor-column elementor-col-100 elementor-top-column elementor-element elementor-element-10259a1\" data-id=\"10259a1\" data-element_type=\"column\">\n\t\t\t<div class=\"elementor-widget-wrap elementor-element-populated\">\n\t\t\t\t\t\t<div class=\"elementor-element elementor-element-67842ef elementor-widget elementor-widget-text-editor\" data-id=\"67842ef\" data-element_type=\"widget\" data-widget_type=\"text-editor.default\">\n\t\t\t\t<div class=\"elementor-widget-container\">\n\t\t\t\t\t\t\t\t\t<p>El <strong>Mirador de l&#8217;Alcalde<\/strong> \u00e9s una construcci\u00f3 de terrasses, jardins atractius i fonts ornamentals, que es troba just abans d&#8217;arribar al <strong>Castell de Montju\u00efc<\/strong> o baixant el tur\u00f3, el trobarem a m\u00e0 dreta.<strong> <\/strong>Per arribar a aquest mirador igual que al castell, podeu agafar el <strong>Telef\u00e8ric de Montju\u00efc<\/strong> que es troba ubicat a la zona portu\u00e0ria de la ciutat.<\/p>\n<p>Inicialment aquesta construcci\u00f3 servia com a balc\u00f3 cap a la ciutat, proporcionant una vistes panor\u00e0miques de 180\u00ba cap al port. Des d&#8217;aqu\u00ed els burgesos podrien apreciar la ciutat, servint tamb\u00e9 com a punt estrat\u00e8gic per protegir la ciutat de qualsevol invasi\u00f3 a qu\u00e8 pogu\u00e9s veure&#8217;s enfrontada. Avui dia, podeu admirar una mica m\u00e9s la ciutat i veure cadascuna dels edificis m\u00e9s importants de la ciutat de Barcelona.<\/p>\n\t\t\t\t\t\t\t\t<\/div>\n\t\t\t\t<\/div>\n\t\t\t\t\t<\/div>\n\t\t<\/div>\n\t\t\t\t\t<\/div>\n\t\t<\/section>\n\t\t\t\t<section class=\"elementor-section elementor-top-section elementor-element elementor-element-c34e060 elementor-section-boxed elementor-section-height-default elementor-section-height-default\" data-id=\"c34e060\" data-element_type=\"section\">\n\t\t\t\t\t\t<div class=\"elementor-container elementor-column-gap-default\">\n\t\t\t\t\t<div class=\"elementor-column elementor-col-100 elementor-top-column elementor-element elementor-element-e81ecc9\" data-id=\"e81ecc9\" data-element_type=\"column\">\n\t\t\t<div class=\"elementor-widget-wrap elementor-element-populated\">\n\t\t\t\t\t\t<div class=\"elementor-element elementor-element-ba75c32 elementor-widget elementor-widget-heading\" data-id=\"ba75c32\" data-element_type=\"widget\" data-widget_type=\"heading.default\">\n\t\t\t\t<div class=\"elementor-widget-container\">\n\t\t\t\t\t<h2 class=\"elementor-heading-title elementor-size-default\">Bizarre Scape Room<\/h2>\t\t\t\t<\/div>\n\t\t\t\t<\/div>\n\t\t\t\t\t<\/div>\n\t\t<\/div>\n\t\t\t\t\t<\/div>\n\t\t<\/section>\n\t\t\t\t<section class=\"elementor-section elementor-top-section elementor-element elementor-element-75067e7 elementor-section-boxed elementor-section-height-default elementor-section-height-default\" data-id=\"75067e7\" data-element_type=\"section\">\n\t\t\t\t\t\t<div class=\"elementor-container elementor-column-gap-default\">\n\t\t\t\t\t<div class=\"elementor-column elementor-col-100 elementor-top-column elementor-element elementor-element-bb31b40\" data-id=\"bb31b40\" data-element_type=\"column\">\n\t\t\t<div class=\"elementor-widget-wrap elementor-element-populated\">\n\t\t\t\t\t\t<div class=\"elementor-element elementor-element-ea6a904 elementor-widget elementor-widget-image\" data-id=\"ea6a904\" data-element_type=\"widget\" data-widget_type=\"image.default\">\n\t\t\t\t<div class=\"elementor-widget-container\">\n\t\t\t\t\t\t\t\t\t\t\t\t\t\t\t<img decoding=\"async\" width=\"768\" height=\"445\" src=\"https:\/\/www.willysplan.com\/wp-content\/uploads\/2020\/06\/bizarre-scape-room-768x445.jpg\" class=\"attachment-medium_large size-medium_large wp-image-13925\" alt=\"\" srcset=\"https:\/\/www.willysplan.com\/wp-content\/uploads\/2020\/06\/bizarre-scape-room-768x445.jpg 768w, https:\/\/www.willysplan.com\/wp-content\/uploads\/2020\/06\/bizarre-scape-room-300x174.jpg 300w, https:\/\/www.willysplan.com\/wp-content\/uploads\/2020\/06\/bizarre-scape-room-691x400.jpg 691w, https:\/\/www.willysplan.com\/wp-content\/uploads\/2020\/06\/bizarre-scape-room-585x339.jpg 585w, https:\/\/www.willysplan.com\/wp-content\/uploads\/2020\/06\/bizarre-scape-room-600x347.jpg 600w, https:\/\/www.willysplan.com\/wp-content\/uploads\/2020\/06\/bizarre-scape-room.jpg 924w\" sizes=\"(max-width: 768px) 100vw, 768px\" \/>\t\t\t\t\t\t\t\t\t\t\t\t\t\t\t<\/div>\n\t\t\t\t<\/div>\n\t\t\t\t\t<\/div>\n\t\t<\/div>\n\t\t\t\t\t<\/div>\n\t\t<\/section>\n\t\t\t\t<section class=\"elementor-section elementor-top-section elementor-element elementor-element-c270963 elementor-section-boxed elementor-section-height-default elementor-section-height-default\" data-id=\"c270963\" data-element_type=\"section\">\n\t\t\t\t\t\t<div class=\"elementor-container elementor-column-gap-default\">\n\t\t\t\t\t<div class=\"elementor-column elementor-col-100 elementor-top-column elementor-element elementor-element-765432f\" data-id=\"765432f\" data-element_type=\"column\">\n\t\t\t<div class=\"elementor-widget-wrap elementor-element-populated\">\n\t\t\t\t\t\t<div class=\"elementor-element elementor-element-afe3043 elementor-widget elementor-widget-text-editor\" data-id=\"afe3043\" data-element_type=\"widget\" data-widget_type=\"text-editor.default\">\n\t\t\t\t<div class=\"elementor-widget-container\">\n\t\t\t\t\t\t\t\t\t<p>Per donar-vos una cara m\u00e9s divertida i una mica d&#8217;adrenalina al nostre pla, us proposem passar una tarda a <strong>Bizarre Scape Room.<\/strong> Sobretot si t&#8217;agraden aquest tipus d&#8217;experi\u00e8ncies on poses en joc les teves destreses i habilitats per resoldre endevinalles. Ho recomanem per compartir una tarda amb amics, tota la fam\u00edlia o fins i tot per posar a prova la teva parella.<\/p>\n<p>Per a aquesta activitat, us recomanem visitar la web o posar-vos en contacte amb anterioritat. Aix\u00ed podr\u00e0s agendar un espai i poder-lo coordinar amb la resta de la visita.<\/p>\n\t\t\t\t\t\t\t\t<\/div>\n\t\t\t\t<\/div>\n\t\t\t\t\t<\/div>\n\t\t<\/div>\n\t\t\t\t\t<\/div>\n\t\t<\/section>\n\t\t\t\t<section class=\"elementor-section elementor-top-section elementor-element elementor-element-1aface5 elementor-section-boxed elementor-section-height-default elementor-section-height-default\" data-id=\"1aface5\" data-element_type=\"section\">\n\t\t\t\t\t\t<div class=\"elementor-container elementor-column-gap-default\">\n\t\t\t\t\t<div class=\"elementor-column elementor-col-100 elementor-top-column elementor-element elementor-element-ad3bc39\" data-id=\"ad3bc39\" data-element_type=\"column\">\n\t\t\t<div class=\"elementor-widget-wrap elementor-element-populated\">\n\t\t\t\t\t\t<div class=\"elementor-element elementor-element-625c97a elementor-widget elementor-widget-heading\" data-id=\"625c97a\" data-element_type=\"widget\" data-widget_type=\"heading.default\">\n\t\t\t\t<div class=\"elementor-widget-container\">\n\t\t\t\t\t<h2 class=\"elementor-heading-title elementor-size-default\">G\u00fcell Tapes Bar <\/h2>\t\t\t\t<\/div>\n\t\t\t\t<\/div>\n\t\t\t\t\t<\/div>\n\t\t<\/div>\n\t\t\t\t\t<\/div>\n\t\t<\/section>\n\t\t\t\t<section class=\"elementor-section elementor-top-section elementor-element elementor-element-117f3ed elementor-section-boxed elementor-section-height-default elementor-section-height-default\" data-id=\"117f3ed\" data-element_type=\"section\">\n\t\t\t\t\t\t<div class=\"elementor-container elementor-column-gap-default\">\n\t\t\t\t\t<div class=\"elementor-column elementor-col-100 elementor-top-column elementor-element elementor-element-df91fd5\" data-id=\"df91fd5\" data-element_type=\"column\">\n\t\t\t<div class=\"elementor-widget-wrap elementor-element-populated\">\n\t\t\t\t\t\t<div class=\"elementor-element elementor-element-d1850a3 elementor-widget elementor-widget-image\" data-id=\"d1850a3\" data-element_type=\"widget\" data-widget_type=\"image.default\">\n\t\t\t\t<div class=\"elementor-widget-container\">\n\t\t\t\t\t\t\t\t\t\t\t\t\t\t\t<img loading=\"lazy\" decoding=\"async\" width=\"831\" height=\"525\" src=\"https:\/\/www.willysplan.com\/wp-content\/uploads\/2020\/06\/guell-tapas-bar.jpg\" class=\"attachment-large size-large wp-image-13923\" alt=\"\" srcset=\"https:\/\/www.willysplan.com\/wp-content\/uploads\/2020\/06\/guell-tapas-bar.jpg 831w, https:\/\/www.willysplan.com\/wp-content\/uploads\/2020\/06\/guell-tapas-bar-300x190.jpg 300w, https:\/\/www.willysplan.com\/wp-content\/uploads\/2020\/06\/guell-tapas-bar-768x485.jpg 768w, https:\/\/www.willysplan.com\/wp-content\/uploads\/2020\/06\/guell-tapas-bar-633x400.jpg 633w, https:\/\/www.willysplan.com\/wp-content\/uploads\/2020\/06\/guell-tapas-bar-585x370.jpg 585w, https:\/\/www.willysplan.com\/wp-content\/uploads\/2020\/06\/guell-tapas-bar-600x379.jpg 600w\" sizes=\"(max-width: 831px) 100vw, 831px\" \/>\t\t\t\t\t\t\t\t\t\t\t\t\t\t\t<\/div>\n\t\t\t\t<\/div>\n\t\t\t\t\t<\/div>\n\t\t<\/div>\n\t\t\t\t\t<\/div>\n\t\t<\/section>\n\t\t\t\t<section class=\"elementor-section elementor-top-section elementor-element elementor-element-761bfee elementor-section-boxed elementor-section-height-default elementor-section-height-default\" data-id=\"761bfee\" data-element_type=\"section\">\n\t\t\t\t\t\t<div class=\"elementor-container elementor-column-gap-default\">\n\t\t\t\t\t<div class=\"elementor-column elementor-col-100 elementor-top-column elementor-element elementor-element-a6bc3c5\" data-id=\"a6bc3c5\" data-element_type=\"column\">\n\t\t\t<div class=\"elementor-widget-wrap elementor-element-populated\">\n\t\t\t\t\t\t<div class=\"elementor-element elementor-element-1edb879 elementor-widget elementor-widget-text-editor\" data-id=\"1edb879\" data-element_type=\"widget\" data-widget_type=\"text-editor.default\">\n\t\t\t\t<div class=\"elementor-widget-container\">\n\t\t\t\t\t\t\t\t\t<p>Per acabar el nostre pla, qu\u00e8 millor que fer-ho amb un encantador plaer: \u201cel menjar\u201d. Al <strong>G\u00fcell Tapas Bar<\/strong> podreu gaudir d&#8217;un ambient c\u00e0lid i agradable; gaudint d\u00b4una de les millors tapes i vermuts de tot Barcelona.<\/p>\n<p>L&#8217;oferta gastron\u00f2mica internacional d&#8217;aquest restaurant \u00e9s estupenda, aqu\u00ed et pots delectar amb els seus variats men\u00fas que va des de la t\u00edpica paella de marisc, el bacall\u00e0 en llauna o el cabrit al forn. I si parlem de plats internacionals, aqu\u00ed l&#8217;hamburguesa casolana \u00e9s fenomenal, igual que les pizzes i els risottos.<\/p>\t\t\t\t\t\t\t\t<\/div>\n\t\t\t\t<\/div>\n\t\t\t\t\t<\/div>\n\t\t<\/div>\n\t\t\t\t\t<\/div>\n\t\t<\/section>\n\t\t\t\t<section class=\"elementor-section elementor-top-section elementor-element elementor-element-0258f3b elementor-section-boxed elementor-section-height-default elementor-section-height-default\" data-id=\"0258f3b\" data-element_type=\"section\">\n\t\t\t\t\t\t<div class=\"elementor-container elementor-column-gap-default\">\n\t\t\t\t\t<div class=\"elementor-column elementor-col-100 elementor-top-column elementor-element elementor-element-0099ffe\" data-id=\"0099ffe\" data-element_type=\"column\">\n\t\t\t<div class=\"elementor-widget-wrap elementor-element-populated\">\n\t\t\t\t\t\t<div class=\"elementor-element elementor-element-fe30012 elementor-widget elementor-widget-heading\" data-id=\"fe30012\" data-element_type=\"widget\" data-widget_type=\"heading.default\">\n\t\t\t\t<div class=\"elementor-widget-container\">\n\t\t\t\t\t<h2 class=\"elementor-heading-title elementor-size-default\">Altres rutes que tamb\u00e9 et poden interessar...<\/h2>\t\t\t\t<\/div>\n\t\t\t\t<\/div>\n\t\t\t\t\t<\/div>\n\t\t<\/div>\n\t\t\t\t\t<\/div>\n\t\t<\/section>\n\t\t\t\t<section class=\"elementor-section elementor-top-section elementor-element elementor-element-b6f3384 elementor-section-boxed elementor-section-height-default elementor-section-height-default\" data-id=\"b6f3384\" data-element_type=\"section\">\n\t\t\t\t\t\t<div class=\"elementor-container elementor-column-gap-default\">\n\t\t\t\t\t<div class=\"elementor-column elementor-col-100 elementor-top-column elementor-element elementor-element-29450ac\" data-id=\"29450ac\" data-element_type=\"column\">\n\t\t\t<div class=\"elementor-widget-wrap elementor-element-populated\">\n\t\t\t\t\t\t<div class=\"elementor-element elementor-element-1e513cd elementor-grid-4 elementor-grid-tablet-2 elementor-grid-mobile-1 elementor-posts--thumbnail-top elementor-widget elementor-widget-posts\" data-id=\"1e513cd\" data-element_type=\"widget\" data-settings=\"{&quot;classic_columns&quot;:&quot;4&quot;,&quot;classic_columns_tablet&quot;:&quot;2&quot;,&quot;classic_columns_mobile&quot;:&quot;1&quot;,&quot;classic_row_gap&quot;:{&quot;unit&quot;:&quot;px&quot;,&quot;size&quot;:35,&quot;sizes&quot;:[]},&quot;classic_row_gap_tablet&quot;:{&quot;unit&quot;:&quot;px&quot;,&quot;size&quot;:&quot;&quot;,&quot;sizes&quot;:[]},&quot;classic_row_gap_mobile&quot;:{&quot;unit&quot;:&quot;px&quot;,&quot;size&quot;:&quot;&quot;,&quot;sizes&quot;:[]}}\" data-widget_type=\"posts.classic\">\n\t\t\t\t<div class=\"elementor-widget-container\">\n\t\t\t\t\t\t\t<div class=\"elementor-posts-container elementor-posts elementor-posts--skin-classic elementor-grid\" role=\"list\">\n\t\t\t\t<article class=\"elementor-post elementor-grid-item post-16065 post type-post status-publish format-standard has-post-thumbnail hentry category-rutes tag-rutas-barcelona-provincia tag-rutas-beget tag-rutas-berga tag-rutas-bergueda tag-rutas-castellar-de-nhug tag-rutas-cataluna\" role=\"listitem\">\n\t\t\t\t<a class=\"elementor-post__thumbnail__link\" href=\"https:\/\/www.willysplan.com\/ca\/rutes\/ruta-des-dels-jardins-artigas-a-castellar-de-nhug\" tabindex=\"-1\" >\n\t\t\t<div class=\"elementor-post__thumbnail\"><img loading=\"lazy\" decoding=\"async\" width=\"300\" height=\"300\" src=\"https:\/\/www.willysplan.com\/wp-content\/uploads\/2020\/07\/Jardins-artigas21-300x300.jpg\" class=\"attachment-medium size-medium wp-image-13691\" alt=\"\" srcset=\"https:\/\/www.willysplan.com\/wp-content\/uploads\/2020\/07\/Jardins-artigas21-300x300.jpg 300w, https:\/\/www.willysplan.com\/wp-content\/uploads\/2020\/07\/Jardins-artigas21-1024x1024.jpg 1024w, https:\/\/www.willysplan.com\/wp-content\/uploads\/2020\/07\/Jardins-artigas21-150x150.jpg 150w, https:\/\/www.willysplan.com\/wp-content\/uploads\/2020\/07\/Jardins-artigas21-768x768.jpg 768w, https:\/\/www.willysplan.com\/wp-content\/uploads\/2020\/07\/Jardins-artigas21-480x480.jpg 480w, https:\/\/www.willysplan.com\/wp-content\/uploads\/2020\/07\/Jardins-artigas21-280x280.jpg 280w, https:\/\/www.willysplan.com\/wp-content\/uploads\/2020\/07\/Jardins-artigas21-960x960.jpg 960w, https:\/\/www.willysplan.com\/wp-content\/uploads\/2020\/07\/Jardins-artigas21-400x400.jpg 400w, https:\/\/www.willysplan.com\/wp-content\/uploads\/2020\/07\/Jardins-artigas21-585x585.jpg 585w, https:\/\/www.willysplan.com\/wp-content\/uploads\/2020\/07\/Jardins-artigas21-600x600.jpg 600w, https:\/\/www.willysplan.com\/wp-content\/uploads\/2020\/07\/Jardins-artigas21-100x100.jpg 100w, https:\/\/www.willysplan.com\/wp-content\/uploads\/2020\/07\/Jardins-artigas21.jpg 1080w\" sizes=\"(max-width: 300px) 100vw, 300px\" \/><\/div>\n\t\t<\/a>\n\t\t\t\t<div class=\"elementor-post__text\">\n\t\t\t\t<h4 class=\"elementor-post__title\">\n\t\t\t<a href=\"https:\/\/www.willysplan.com\/ca\/rutes\/ruta-des-dels-jardins-artigas-a-castellar-de-nhug\" >\n\t\t\t\tRuta des dels Jardins Artigas a Castellar de N&#8217;hug\t\t\t<\/a>\n\t\t<\/h4>\n\t\t\t\t<\/div>\n\t\t\t\t<\/article>\n\t\t\t\t<\/div>\n\t\t\n\t\t\t\t\t\t<\/div>\n\t\t\t\t<\/div>\n\t\t\t\t\t<\/div>\n\t\t<\/div>\n\t\t\t\t\t<\/div>\n\t\t<\/section>\n\t\t\t\t<\/div>\n\t\t","protected":false},"excerpt":{"rendered":"<p>Benvinguts una vegada m\u00e9s a la ciutat de Barcelona ! A la nostra constant recerca de rutes i excursions per divertir-vos, hem dissenyat una nova<\/p>\n","protected":false},"author":2,"featured_media":13161,"comment_status":"closed","ping_status":"closed","sticky":false,"template":"","format":"standard","meta":{"neve_meta_sidebar":"","neve_meta_container":"","neve_meta_enable_content_width":"","neve_meta_content_width":0,"neve_meta_title_alignment":"","neve_meta_author_avatar":"","neve_post_elements_order":"","neve_meta_disable_header":"","neve_meta_disable_footer":"","neve_meta_disable_title":"","_joinchat":[],"footnotes":""},"categories":[323],"tags":[386,372,360],"class_list":["post-15974","post","type-post","status-publish","format-standard","has-post-thumbnail","hentry","category-rutes","tag-rutes-barcelona-ciutat","tag-rutes-barcelona-provincia","tag-rutes-catalunya"],"yoast_head":"<!-- This site is optimized with the Yoast SEO Premium plugin v20.1 (Yoast SEO v26.9) - https:\/\/yoast.com\/product\/yoast-seo-premium-wordpress\/ -->\n<title>Ruta des del Castell de Montju\u00efc al Mirador de l&#039;alcalde - Willy&#039;s pla<\/title>\n<meta name=\"description\" content=\"Descobreix una de les millors rutes per fer a Barcelona. Visita el Castell de Montju\u00efc, Mirador de l&#039;alcalde, Bizarre Scape Room, Tapes... \u2705 Entra!\" \/>\n<meta name=\"robots\" content=\"index, follow, max-snippet:-1, max-image-preview:large, max-video-preview:-1\" \/>\n<link rel=\"canonical\" href=\"https:\/\/www.willysplan.com\/ca\/rutes\/ruta-des-del-castell-de-montjuic-al-mirador-de-lalcalde\" \/>\n<meta property=\"og:locale\" content=\"ca_ES\" \/>\n<meta property=\"og:type\" content=\"article\" \/>\n<meta property=\"og:title\" content=\"Ruta des del Castell de Montju\u00efc al Mirador de l&#039;alcalde\" \/>\n<meta property=\"og:description\" content=\"Descobreix una de les millors rutes per fer a Barcelona. Visita el Castell de Montju\u00efc, Mirador de l&#039;alcalde, Bizarre Scape Room, Tapes... \u2705 Entra!\" \/>\n<meta property=\"og:url\" content=\"https:\/\/www.willysplan.com\/ca\/rutes\/ruta-des-del-castell-de-montjuic-al-mirador-de-lalcalde\" \/>\n<meta property=\"og:site_name\" content=\"Willy&#039;s Plan \ud83c\udf43\" \/>\n<meta property=\"article:published_time\" content=\"2020-06-28T14:03:29+00:00\" \/>\n<meta property=\"article:modified_time\" content=\"2023-07-24T05:27:11+00:00\" \/>\n<meta property=\"og:image\" content=\"https:\/\/www.willysplan.com\/wp-content\/uploads\/2020\/07\/rutas-por-barcelona-ciudad1-1.jpg\" \/>\n\t<meta property=\"og:image:width\" content=\"1920\" \/>\n\t<meta property=\"og:image:height\" content=\"1281\" \/>\n\t<meta property=\"og:image:type\" content=\"image\/jpeg\" \/>\n<meta name=\"author\" content=\"Guillem Asensio\" \/>\n<meta name=\"twitter:card\" content=\"summary_large_image\" \/>\n<meta name=\"twitter:label1\" content=\"Escrit per\" \/>\n\t<meta name=\"twitter:data1\" content=\"Guillem Asensio\" \/>\n\t<meta name=\"twitter:label2\" content=\"Temps estimat de lectura\" \/>\n\t<meta name=\"twitter:data2\" content=\"4 minuts\" \/>\n<script type=\"application\/ld+json\" class=\"yoast-schema-graph\">{\"@context\":\"https:\/\/schema.org\",\"@graph\":[{\"@type\":\"Article\",\"@id\":\"https:\/\/www.willysplan.com\/ca\/rutes\/ruta-des-del-castell-de-montjuic-al-mirador-de-lalcalde#article\",\"isPartOf\":{\"@id\":\"https:\/\/www.willysplan.com\/ca\/rutes\/ruta-des-del-castell-de-montjuic-al-mirador-de-lalcalde\"},\"author\":{\"name\":\"Guillem Asensio\",\"@id\":\"https:\/\/www.willysplan.com\/#\/schema\/person\/6f2dbf2215cd25715df085907bd007c1\"},\"headline\":\"Ruta des del Castell de Montju\u00efc al Mirador de l&#8217;alcalde\",\"datePublished\":\"2020-06-28T14:03:29+00:00\",\"dateModified\":\"2023-07-24T05:27:11+00:00\",\"mainEntityOfPage\":{\"@id\":\"https:\/\/www.willysplan.com\/ca\/rutes\/ruta-des-del-castell-de-montjuic-al-mirador-de-lalcalde\"},\"wordCount\":816,\"publisher\":{\"@id\":\"https:\/\/www.willysplan.com\/#organization\"},\"image\":{\"@id\":\"https:\/\/www.willysplan.com\/ca\/rutes\/ruta-des-del-castell-de-montjuic-al-mirador-de-lalcalde#primaryimage\"},\"thumbnailUrl\":\"https:\/\/www.willysplan.com\/wp-content\/uploads\/2020\/07\/rutas-por-barcelona-ciudad1-1.jpg\",\"keywords\":[\"rutes barcelona ciutat\",\"rutes barcelona prov\u00edncia\",\"rutes catalunya\"],\"articleSection\":[\"rutes\"],\"inLanguage\":\"ca\"},{\"@type\":\"WebPage\",\"@id\":\"https:\/\/www.willysplan.com\/ca\/rutes\/ruta-des-del-castell-de-montjuic-al-mirador-de-lalcalde\",\"url\":\"https:\/\/www.willysplan.com\/ca\/rutes\/ruta-des-del-castell-de-montjuic-al-mirador-de-lalcalde\",\"name\":\"Ruta des del Castell de Montju\u00efc al Mirador de l'alcalde - Willy's pla\",\"isPartOf\":{\"@id\":\"https:\/\/www.willysplan.com\/#website\"},\"primaryImageOfPage\":{\"@id\":\"https:\/\/www.willysplan.com\/ca\/rutes\/ruta-des-del-castell-de-montjuic-al-mirador-de-lalcalde#primaryimage\"},\"image\":{\"@id\":\"https:\/\/www.willysplan.com\/ca\/rutes\/ruta-des-del-castell-de-montjuic-al-mirador-de-lalcalde#primaryimage\"},\"thumbnailUrl\":\"https:\/\/www.willysplan.com\/wp-content\/uploads\/2020\/07\/rutas-por-barcelona-ciudad1-1.jpg\",\"datePublished\":\"2020-06-28T14:03:29+00:00\",\"dateModified\":\"2023-07-24T05:27:11+00:00\",\"description\":\"Descobreix una de les millors rutes per fer a Barcelona. Visita el Castell de Montju\u00efc, Mirador de l'alcalde, Bizarre Scape Room, Tapes... \u2705 Entra!\",\"inLanguage\":\"ca\",\"potentialAction\":[{\"@type\":\"ReadAction\",\"target\":[\"https:\/\/www.willysplan.com\/ca\/rutes\/ruta-des-del-castell-de-montjuic-al-mirador-de-lalcalde\"]}]},{\"@type\":\"ImageObject\",\"inLanguage\":\"ca\",\"@id\":\"https:\/\/www.willysplan.com\/ca\/rutes\/ruta-des-del-castell-de-montjuic-al-mirador-de-lalcalde#primaryimage\",\"url\":\"https:\/\/www.willysplan.com\/wp-content\/uploads\/2020\/07\/rutas-por-barcelona-ciudad1-1.jpg\",\"contentUrl\":\"https:\/\/www.willysplan.com\/wp-content\/uploads\/2020\/07\/rutas-por-barcelona-ciudad1-1.jpg\",\"width\":1920,\"height\":1281},{\"@type\":\"WebSite\",\"@id\":\"https:\/\/www.willysplan.com\/#website\",\"url\":\"https:\/\/www.willysplan.com\/\",\"name\":\"Willy&#039;s Plan \ud83c\udf43\",\"description\":\"Escapadas y Planes de fin de semana\",\"publisher\":{\"@id\":\"https:\/\/www.willysplan.com\/#organization\"},\"potentialAction\":[{\"@type\":\"SearchAction\",\"target\":{\"@type\":\"EntryPoint\",\"urlTemplate\":\"https:\/\/www.willysplan.com\/?s={search_term_string}\"},\"query-input\":{\"@type\":\"PropertyValueSpecification\",\"valueRequired\":true,\"valueName\":\"search_term_string\"}}],\"inLanguage\":\"ca\"},{\"@type\":\"Organization\",\"@id\":\"https:\/\/www.willysplan.com\/#organization\",\"name\":\"Willy&#039;s Plan \ud83c\udf43\",\"url\":\"https:\/\/www.willysplan.com\/\",\"logo\":{\"@type\":\"ImageObject\",\"inLanguage\":\"ca\",\"@id\":\"https:\/\/www.willysplan.com\/#\/schema\/logo\/image\/\",\"url\":\"https:\/\/www.willysplan.com\/wp-content\/uploads\/2020\/04\/cropped-logo-1.png\",\"contentUrl\":\"https:\/\/www.willysplan.com\/wp-content\/uploads\/2020\/04\/cropped-logo-1.png\",\"width\":332,\"height\":332,\"caption\":\"Willy&#039;s Plan \ud83c\udf43\"},\"image\":{\"@id\":\"https:\/\/www.willysplan.com\/#\/schema\/logo\/image\/\"}},{\"@type\":\"Person\",\"@id\":\"https:\/\/www.willysplan.com\/#\/schema\/person\/6f2dbf2215cd25715df085907bd007c1\",\"name\":\"Guillem Asensio\",\"image\":{\"@type\":\"ImageObject\",\"inLanguage\":\"ca\",\"@id\":\"https:\/\/www.willysplan.com\/#\/schema\/person\/image\/\",\"url\":\"https:\/\/secure.gravatar.com\/avatar\/fd3f69da3e6cd8d451f6be79c127da046757b9a4c273deefb40b1291809cc787?s=96&d=mm&r=g\",\"contentUrl\":\"https:\/\/secure.gravatar.com\/avatar\/fd3f69da3e6cd8d451f6be79c127da046757b9a4c273deefb40b1291809cc787?s=96&d=mm&r=g\",\"caption\":\"Guillem Asensio\"},\"sameAs\":[\"https:\/\/willysplan.com\"],\"url\":\"https:\/\/www.willysplan.com\/ca\/author\/willy\"}]}<\/script>\n<!-- \/ Yoast SEO Premium plugin. -->","yoast_head_json":{"title":"Ruta des del Castell de Montju\u00efc al Mirador de l'alcalde - Willy's pla","description":"Descobreix una de les millors rutes per fer a Barcelona. Visita el Castell de Montju\u00efc, Mirador de l'alcalde, Bizarre Scape Room, Tapes... \u2705 Entra!","robots":{"index":"index","follow":"follow","max-snippet":"max-snippet:-1","max-image-preview":"max-image-preview:large","max-video-preview":"max-video-preview:-1"},"canonical":"https:\/\/www.willysplan.com\/ca\/rutes\/ruta-des-del-castell-de-montjuic-al-mirador-de-lalcalde","og_locale":"ca_ES","og_type":"article","og_title":"Ruta des del Castell de Montju\u00efc al Mirador de l'alcalde","og_description":"Descobreix una de les millors rutes per fer a Barcelona. Visita el Castell de Montju\u00efc, Mirador de l'alcalde, Bizarre Scape Room, Tapes... \u2705 Entra!","og_url":"https:\/\/www.willysplan.com\/ca\/rutes\/ruta-des-del-castell-de-montjuic-al-mirador-de-lalcalde","og_site_name":"Willy&#039;s Plan \ud83c\udf43","article_published_time":"2020-06-28T14:03:29+00:00","article_modified_time":"2023-07-24T05:27:11+00:00","og_image":[{"width":1920,"height":1281,"url":"https:\/\/www.willysplan.com\/wp-content\/uploads\/2020\/07\/rutas-por-barcelona-ciudad1-1.jpg","type":"image\/jpeg"}],"author":"Guillem Asensio","twitter_card":"summary_large_image","twitter_misc":{"Escrit per":"Guillem Asensio","Temps estimat de lectura":"4 minuts"},"schema":{"@context":"https:\/\/schema.org","@graph":[{"@type":"Article","@id":"https:\/\/www.willysplan.com\/ca\/rutes\/ruta-des-del-castell-de-montjuic-al-mirador-de-lalcalde#article","isPartOf":{"@id":"https:\/\/www.willysplan.com\/ca\/rutes\/ruta-des-del-castell-de-montjuic-al-mirador-de-lalcalde"},"author":{"name":"Guillem Asensio","@id":"https:\/\/www.willysplan.com\/#\/schema\/person\/6f2dbf2215cd25715df085907bd007c1"},"headline":"Ruta des del Castell de Montju\u00efc al Mirador de l&#8217;alcalde","datePublished":"2020-06-28T14:03:29+00:00","dateModified":"2023-07-24T05:27:11+00:00","mainEntityOfPage":{"@id":"https:\/\/www.willysplan.com\/ca\/rutes\/ruta-des-del-castell-de-montjuic-al-mirador-de-lalcalde"},"wordCount":816,"publisher":{"@id":"https:\/\/www.willysplan.com\/#organization"},"image":{"@id":"https:\/\/www.willysplan.com\/ca\/rutes\/ruta-des-del-castell-de-montjuic-al-mirador-de-lalcalde#primaryimage"},"thumbnailUrl":"https:\/\/www.willysplan.com\/wp-content\/uploads\/2020\/07\/rutas-por-barcelona-ciudad1-1.jpg","keywords":["rutes barcelona ciutat","rutes barcelona prov\u00edncia","rutes catalunya"],"articleSection":["rutes"],"inLanguage":"ca"},{"@type":"WebPage","@id":"https:\/\/www.willysplan.com\/ca\/rutes\/ruta-des-del-castell-de-montjuic-al-mirador-de-lalcalde","url":"https:\/\/www.willysplan.com\/ca\/rutes\/ruta-des-del-castell-de-montjuic-al-mirador-de-lalcalde","name":"Ruta des del Castell de Montju\u00efc al Mirador de l'alcalde - Willy's pla","isPartOf":{"@id":"https:\/\/www.willysplan.com\/#website"},"primaryImageOfPage":{"@id":"https:\/\/www.willysplan.com\/ca\/rutes\/ruta-des-del-castell-de-montjuic-al-mirador-de-lalcalde#primaryimage"},"image":{"@id":"https:\/\/www.willysplan.com\/ca\/rutes\/ruta-des-del-castell-de-montjuic-al-mirador-de-lalcalde#primaryimage"},"thumbnailUrl":"https:\/\/www.willysplan.com\/wp-content\/uploads\/2020\/07\/rutas-por-barcelona-ciudad1-1.jpg","datePublished":"2020-06-28T14:03:29+00:00","dateModified":"2023-07-24T05:27:11+00:00","description":"Descobreix una de les millors rutes per fer a Barcelona. Visita el Castell de Montju\u00efc, Mirador de l'alcalde, Bizarre Scape Room, Tapes... \u2705 Entra!","inLanguage":"ca","potentialAction":[{"@type":"ReadAction","target":["https:\/\/www.willysplan.com\/ca\/rutes\/ruta-des-del-castell-de-montjuic-al-mirador-de-lalcalde"]}]},{"@type":"ImageObject","inLanguage":"ca","@id":"https:\/\/www.willysplan.com\/ca\/rutes\/ruta-des-del-castell-de-montjuic-al-mirador-de-lalcalde#primaryimage","url":"https:\/\/www.willysplan.com\/wp-content\/uploads\/2020\/07\/rutas-por-barcelona-ciudad1-1.jpg","contentUrl":"https:\/\/www.willysplan.com\/wp-content\/uploads\/2020\/07\/rutas-por-barcelona-ciudad1-1.jpg","width":1920,"height":1281},{"@type":"WebSite","@id":"https:\/\/www.willysplan.com\/#website","url":"https:\/\/www.willysplan.com\/","name":"Willy&#039;s Plan \ud83c\udf43","description":"Escapadas y Planes de fin de semana","publisher":{"@id":"https:\/\/www.willysplan.com\/#organization"},"potentialAction":[{"@type":"SearchAction","target":{"@type":"EntryPoint","urlTemplate":"https:\/\/www.willysplan.com\/?s={search_term_string}"},"query-input":{"@type":"PropertyValueSpecification","valueRequired":true,"valueName":"search_term_string"}}],"inLanguage":"ca"},{"@type":"Organization","@id":"https:\/\/www.willysplan.com\/#organization","name":"Willy&#039;s Plan \ud83c\udf43","url":"https:\/\/www.willysplan.com\/","logo":{"@type":"ImageObject","inLanguage":"ca","@id":"https:\/\/www.willysplan.com\/#\/schema\/logo\/image\/","url":"https:\/\/www.willysplan.com\/wp-content\/uploads\/2020\/04\/cropped-logo-1.png","contentUrl":"https:\/\/www.willysplan.com\/wp-content\/uploads\/2020\/04\/cropped-logo-1.png","width":332,"height":332,"caption":"Willy&#039;s Plan \ud83c\udf43"},"image":{"@id":"https:\/\/www.willysplan.com\/#\/schema\/logo\/image\/"}},{"@type":"Person","@id":"https:\/\/www.willysplan.com\/#\/schema\/person\/6f2dbf2215cd25715df085907bd007c1","name":"Guillem Asensio","image":{"@type":"ImageObject","inLanguage":"ca","@id":"https:\/\/www.willysplan.com\/#\/schema\/person\/image\/","url":"https:\/\/secure.gravatar.com\/avatar\/fd3f69da3e6cd8d451f6be79c127da046757b9a4c273deefb40b1291809cc787?s=96&d=mm&r=g","contentUrl":"https:\/\/secure.gravatar.com\/avatar\/fd3f69da3e6cd8d451f6be79c127da046757b9a4c273deefb40b1291809cc787?s=96&d=mm&r=g","caption":"Guillem Asensio"},"sameAs":["https:\/\/willysplan.com"],"url":"https:\/\/www.willysplan.com\/ca\/author\/willy"}]}},"_links":{"self":[{"href":"https:\/\/www.willysplan.com\/ca\/wp-json\/wp\/v2\/posts\/15974","targetHints":{"allow":["GET"]}}],"collection":[{"href":"https:\/\/www.willysplan.com\/ca\/wp-json\/wp\/v2\/posts"}],"about":[{"href":"https:\/\/www.willysplan.com\/ca\/wp-json\/wp\/v2\/types\/post"}],"author":[{"embeddable":true,"href":"https:\/\/www.willysplan.com\/ca\/wp-json\/wp\/v2\/users\/2"}],"replies":[{"embeddable":true,"href":"https:\/\/www.willysplan.com\/ca\/wp-json\/wp\/v2\/comments?post=15974"}],"version-history":[{"count":12,"href":"https:\/\/www.willysplan.com\/ca\/wp-json\/wp\/v2\/posts\/15974\/revisions"}],"predecessor-version":[{"id":21467,"href":"https:\/\/www.willysplan.com\/ca\/wp-json\/wp\/v2\/posts\/15974\/revisions\/21467"}],"wp:featuredmedia":[{"embeddable":true,"href":"https:\/\/www.willysplan.com\/ca\/wp-json\/wp\/v2\/media\/13161"}],"wp:attachment":[{"href":"https:\/\/www.willysplan.com\/ca\/wp-json\/wp\/v2\/media?parent=15974"}],"wp:term":[{"taxonomy":"category","embeddable":true,"href":"https:\/\/www.willysplan.com\/ca\/wp-json\/wp\/v2\/categories?post=15974"},{"taxonomy":"post_tag","embeddable":true,"href":"https:\/\/www.willysplan.com\/ca\/wp-json\/wp\/v2\/tags?post=15974"}],"curies":[{"name":"wp","href":"https:\/\/api.w.org\/{rel}","templated":true}]}}