{"id":15964,"date":"2020-06-28T12:35:49","date_gmt":"2020-06-28T11:35:49","guid":{"rendered":"https:\/\/willysplan.com\/uncategorized-ca\/ruta-a-lestany-de-banyoles-girona"},"modified":"2023-01-03T21:35:30","modified_gmt":"2023-01-03T20:35:30","slug":"ruta-a-lestany-de-banyoles-girona","status":"publish","type":"post","link":"https:\/\/www.willysplan.com\/ca\/rutes\/ruta-a-lestany-de-banyoles-girona","title":{"rendered":"Ruta a l&#8217;Estany de Banyoles &#8211; Girona"},"content":{"rendered":"\t\t<div data-elementor-type=\"wp-post\" data-elementor-id=\"15964\" class=\"elementor elementor-15964 elementor-1747\" data-elementor-post-type=\"post\">\n\t\t\t\t\t\t<section class=\"elementor-section elementor-top-section elementor-element elementor-element-f4c69cc elementor-section-boxed elementor-section-height-default elementor-section-height-default\" data-id=\"f4c69cc\" data-element_type=\"section\">\n\t\t\t\t\t\t<div class=\"elementor-container elementor-column-gap-default\">\n\t\t\t\t\t<div class=\"elementor-column elementor-col-50 elementor-top-column elementor-element elementor-element-164a862\" data-id=\"164a862\" data-element_type=\"column\">\n\t\t\t<div class=\"elementor-widget-wrap elementor-element-populated\">\n\t\t\t\t\t\t<div class=\"elementor-element elementor-element-29bc239 elementor-widget elementor-widget-text-editor\" data-id=\"29bc239\" data-element_type=\"widget\" data-widget_type=\"text-editor.default\">\n\t\t\t\t<div class=\"elementor-widget-container\">\n\t\t\t\t\t\t\t\t\t<p>Fes una ullada a aquesta ruta pel poble de <strong>Banyoles<\/strong> i no perdis cap detall dels llocs que t&#8217;ensenyarem. Aquests s\u00f3n llocs realment exclusius <a href=\"https:\/\/www.willysplan.com\/que-hacer\/girona\">que visitar a Girona<\/a> prov\u00edncia un cap de setmana, a m\u00e9s a m\u00e9s fan part de Catalunya, una de les nostres destinacions preferides a Willy\u00b4s pla.<\/p>\n<p>El que us proposarem a continuaci\u00f3, \u00e9s el millor pla que pots fer amb la teva parella.<\/p>\n<p>Per gaudir d\u00b4aquest Willy\u00b4s pla pel poble de <strong>Banyoles,<\/strong> et recomanem prendre\u00b4t almenys 2 dies i incloure una nit d\u00b4allotjament. Per a les passades de dia, pots portar algun entrep\u00e0 i begudes; aix\u00ed guanyarem una mica de temps a la recerca de menjar. I per descomptat no oblidis portar una bona c\u00e0mera de fotos, per captar tots els moments.<\/p>\n\t\t\t\t\t\t\t\t<\/div>\n\t\t\t\t<\/div>\n\t\t\t\t\t<\/div>\n\t\t<\/div>\n\t\t\t\t<div class=\"elementor-column elementor-col-50 elementor-top-column elementor-element elementor-element-9a56ef1\" data-id=\"9a56ef1\" data-element_type=\"column\">\n\t\t\t<div class=\"elementor-widget-wrap elementor-element-populated\">\n\t\t\t\t\t\t<div class=\"elementor-element elementor-element-9802424 elementor-widget elementor-widget-html\" data-id=\"9802424\" data-element_type=\"widget\" data-widget_type=\"html.default\">\n\t\t\t\t<div class=\"elementor-widget-container\">\n\t\t\t\t\t<iframe src=\"https:\/\/www.google.com\/maps\/embed?pb=!1m34!1m12!1m3!1d23676.554297564522!2d2.763381771922699!3d42.11669450310028!2m3!1f0!2f0!3f0!3m2!1i1024!2i768!4f13.1!4m19!3e2!4m5!1s0x12bae9b000000001%3A0x1956aec9247c55bc!2sMil%20Estrelles%2C%20Lugar%20Veinat%20Borgon%C3%A0%20S%2FN%2C%2017844%20Cornell%C3%A0%20del%20Terri%2C%20Girona!3m2!1d42.1001396!2d2.8068898!4m5!1s0x12bac223758f8f69%3A0xc2e225657f842c31!2sPesquera%20Marimon%2C%20Passeig%20Darder%2C%20Ba%C3%B1olas!3m2!1d42.1168847!2d2.7541417!4m5!1s0x12bac1f29c999663%3A0x2dee522b94fe40da!2sTorre%20del%20rem%2C%20C-150a%2C%20Ba%C3%B1olas!3m2!1d42.133789199999995!2d2.7598434999999997!5e0!3m2!1ses!2ses!4v1608929669552!5m2!1ses!2ses\" width=\"600\" height=\"450\" frameborder=\"0\" style=\"border:0;\" allowfullscreen=\"\" aria-hidden=\"false\" tabindex=\"0\"><\/iframe>\t\t\t\t<\/div>\n\t\t\t\t<\/div>\n\t\t\t\t\t<\/div>\n\t\t<\/div>\n\t\t\t\t\t<\/div>\n\t\t<\/section>\n\t\t\t\t<section class=\"elementor-section elementor-top-section elementor-element elementor-element-c78f0d5 elementor-section-boxed elementor-section-height-default elementor-section-height-default\" data-id=\"c78f0d5\" data-element_type=\"section\">\n\t\t\t\t\t\t<div class=\"elementor-container elementor-column-gap-default\">\n\t\t\t\t\t<div class=\"elementor-column elementor-col-100 elementor-top-column elementor-element elementor-element-e8099c1\" data-id=\"e8099c1\" data-element_type=\"column\">\n\t\t\t<div class=\"elementor-widget-wrap elementor-element-populated\">\n\t\t\t\t\t\t<div class=\"elementor-element elementor-element-9b99c14 elementor-widget elementor-widget-text-editor\" data-id=\"9b99c14\" data-element_type=\"widget\" data-widget_type=\"text-editor.default\">\n\t\t\t\t<div class=\"elementor-widget-container\">\n\t\t\t\t\t\t\t\t\t<p>El primer lloc que us proposem, \u00e9s el singular allotjament <strong>&#8220;Mil estrellas&#8221;<\/strong> . Aqu\u00ed Podreu escollir entre els 5 tipus d&#8217;habitacions que ofereixen, totes especials i amb grans dosis de romanticisme. Tot i aix\u00f2 et recomanem <a href=\"http:\/\/www.milestrelles.com\">reservar amb antelaci\u00f3<\/a> , ja que en ser un lloc tan exclusiu, sol estar sol\u00b7licitat durant tot l&#8217;any.<\/p>\n<p>La segona parada la farem a l&#8217; <strong>Estany de Banyoles<\/strong> . Aquest \u00e9s considerat el llac natural m\u00e9s gran del territori catal\u00e0 i no n&#8217;hi ha per menys. Els seus 2.150 mts de llarg i 750 mts d&#8217;amplada parlen per si sols. All\u00ed gaudirem de les Pesqueres, el pla favorit dels locals i turistes per passar la tarda. I per descomptat a Willy\u00b4s pla tenim la nostra favorita, la <strong>Pesquera Marimon<\/strong> ; convertint-se en el segon lloc de visita de la nostra ruta.<\/p>\n<p>D&#8217;altra banda, hi ha la <strong>Torre del Rem<\/strong> i \u00e9s just aqu\u00ed on gaudirem de la millor posta de sol de tota la zona i ens fascinarem amb les prestigioses vistes al llac.<\/p>\n\t\t\t\t\t\t\t\t<\/div>\n\t\t\t\t<\/div>\n\t\t\t\t\t<\/div>\n\t\t<\/div>\n\t\t\t\t\t<\/div>\n\t\t<\/section>\n\t\t\t\t<section class=\"elementor-section elementor-top-section elementor-element elementor-element-36fe8d4 elementor-section-boxed elementor-section-height-default elementor-section-height-default\" data-id=\"36fe8d4\" data-element_type=\"section\">\n\t\t\t\t\t\t<div class=\"elementor-container elementor-column-gap-default\">\n\t\t\t\t\t<div class=\"elementor-column elementor-col-100 elementor-top-column elementor-element elementor-element-da527a3\" data-id=\"da527a3\" data-element_type=\"column\">\n\t\t\t<div class=\"elementor-widget-wrap elementor-element-populated\">\n\t\t\t\t\t\t<div class=\"elementor-element elementor-element-005077d elementor-widget elementor-widget-heading\" data-id=\"005077d\" data-element_type=\"widget\" data-widget_type=\"heading.default\">\n\t\t\t\t<div class=\"elementor-widget-container\">\n\t\t\t\t\t<h2 class=\"elementor-heading-title elementor-size-default\">Mil Estrelles<\/h2>\t\t\t\t<\/div>\n\t\t\t\t<\/div>\n\t\t\t\t\t<\/div>\n\t\t<\/div>\n\t\t\t\t\t<\/div>\n\t\t<\/section>\n\t\t\t\t<section class=\"elementor-section elementor-top-section elementor-element elementor-element-39c50f9 elementor-section-boxed elementor-section-height-default elementor-section-height-default\" data-id=\"39c50f9\" data-element_type=\"section\">\n\t\t\t\t\t\t<div class=\"elementor-container elementor-column-gap-default\">\n\t\t\t\t\t<div class=\"elementor-column elementor-col-50 elementor-top-column elementor-element elementor-element-f49e2b5\" data-id=\"f49e2b5\" data-element_type=\"column\">\n\t\t\t<div class=\"elementor-widget-wrap elementor-element-populated\">\n\t\t\t\t\t\t<div class=\"elementor-element elementor-element-4b1d3b8 elementor-widget elementor-widget-image\" data-id=\"4b1d3b8\" data-element_type=\"widget\" data-widget_type=\"image.default\">\n\t\t\t\t<div class=\"elementor-widget-container\">\n\t\t\t\t\t\t\t\t\t\t\t\t\t\t\t<img fetchpriority=\"high\" decoding=\"async\" width=\"512\" height=\"359\" src=\"https:\/\/www.willysplan.com\/wp-content\/uploads\/2020\/06\/hotel-mil-estrelles.jpg\" class=\"attachment-medium_large size-medium_large wp-image-13843\" alt=\"\" srcset=\"https:\/\/www.willysplan.com\/wp-content\/uploads\/2020\/06\/hotel-mil-estrelles.jpg 512w, https:\/\/www.willysplan.com\/wp-content\/uploads\/2020\/06\/hotel-mil-estrelles-300x210.jpg 300w\" sizes=\"(max-width: 512px) 100vw, 512px\" \/>\t\t\t\t\t\t\t\t\t\t\t\t\t\t\t<\/div>\n\t\t\t\t<\/div>\n\t\t\t\t\t<\/div>\n\t\t<\/div>\n\t\t\t\t<div class=\"elementor-column elementor-col-50 elementor-top-column elementor-element elementor-element-3adfcf7\" data-id=\"3adfcf7\" data-element_type=\"column\">\n\t\t\t<div class=\"elementor-widget-wrap elementor-element-populated\">\n\t\t\t\t\t\t<div class=\"elementor-element elementor-element-777c13c elementor-widget elementor-widget-image\" data-id=\"777c13c\" data-element_type=\"widget\" data-widget_type=\"image.default\">\n\t\t\t\t<div class=\"elementor-widget-container\">\n\t\t\t\t\t\t\t\t\t\t\t\t\t\t\t<img decoding=\"async\" width=\"768\" height=\"462\" src=\"https:\/\/www.willysplan.com\/wp-content\/uploads\/2020\/06\/mil-estrelles-768x462.jpg\" class=\"attachment-medium_large size-medium_large wp-image-13845\" alt=\"\" srcset=\"https:\/\/www.willysplan.com\/wp-content\/uploads\/2020\/06\/mil-estrelles-768x462.jpg 768w, https:\/\/www.willysplan.com\/wp-content\/uploads\/2020\/06\/mil-estrelles-300x180.jpg 300w, https:\/\/www.willysplan.com\/wp-content\/uploads\/2020\/06\/mil-estrelles-666x400.jpg 666w, https:\/\/www.willysplan.com\/wp-content\/uploads\/2020\/06\/mil-estrelles-585x352.jpg 585w, https:\/\/www.willysplan.com\/wp-content\/uploads\/2020\/06\/mil-estrelles-600x361.jpg 600w, https:\/\/www.willysplan.com\/wp-content\/uploads\/2020\/06\/mil-estrelles.jpg 847w\" sizes=\"(max-width: 768px) 100vw, 768px\" \/>\t\t\t\t\t\t\t\t\t\t\t\t\t\t\t<\/div>\n\t\t\t\t<\/div>\n\t\t\t\t\t<\/div>\n\t\t<\/div>\n\t\t\t\t\t<\/div>\n\t\t<\/section>\n\t\t\t\t<section class=\"elementor-section elementor-top-section elementor-element elementor-element-4e88c10 elementor-section-boxed elementor-section-height-default elementor-section-height-default\" data-id=\"4e88c10\" data-element_type=\"section\">\n\t\t\t\t\t\t<div class=\"elementor-container elementor-column-gap-default\">\n\t\t\t\t\t<div class=\"elementor-column elementor-col-100 elementor-top-column elementor-element elementor-element-8ccc3a4\" data-id=\"8ccc3a4\" data-element_type=\"column\">\n\t\t\t<div class=\"elementor-widget-wrap elementor-element-populated\">\n\t\t\t\t\t\t<div class=\"elementor-element elementor-element-39dc59f elementor-widget elementor-widget-text-editor\" data-id=\"39dc59f\" data-element_type=\"widget\" data-widget_type=\"text-editor.default\">\n\t\t\t\t<div class=\"elementor-widget-container\">\n\t\t\t\t\t\t\t\t\t<p>Una nit a <strong>Mil Estrelles<\/strong> pot resultar una experi\u00e8ncia inoblidable. L&#8217;hotel \u00e9s als afores d&#8217;un tranquil poble anomenat <strong>Cornell\u00e0 de Terri<\/strong> , molt a prop de <strong>Banyoles<\/strong> i \u00e9s un s\u00faper recomanat per als que us agrada descobrir allotjaments molt aut\u00e8ntics.<\/p>\n<p>Com ells mateixos ho descriuen, viure una nit a l&#8217;hotel <strong>Mil Estrelles<\/strong> \u201c\u00e9s gaudir de la natura amb un alt nivell de confort\u201d. Aqu\u00ed ni els sostres, ni les parets impedeixen gaudir de la natura i una enlluernadora nit estrellada. A m\u00e9s, la intimitat \u00e9s el seu principal confort, ideal perqu\u00e8 les parelles puguin gaudir de la vida i l&#8217;amor sense cap limitaci\u00f3.<\/p>\n<p>Si vols reservar en aquest lloc, no oblidis preguntar per les diferents ofertes d&#8217;oci i recreaci\u00f3 que ofereixen a les instal\u00b7lacions de l&#8217;hotel, et sorprendr\u00e0s amb tot el que cal fer en tan sols un cap de setmana.<\/p>\n\t\t\t\t\t\t\t\t<\/div>\n\t\t\t\t<\/div>\n\t\t\t\t\t<\/div>\n\t\t<\/div>\n\t\t\t\t\t<\/div>\n\t\t<\/section>\n\t\t\t\t<section class=\"elementor-section elementor-top-section elementor-element elementor-element-cf26dc9 elementor-section-boxed elementor-section-height-default elementor-section-height-default\" data-id=\"cf26dc9\" data-element_type=\"section\">\n\t\t\t\t\t\t<div class=\"elementor-container elementor-column-gap-default\">\n\t\t\t\t\t<div class=\"elementor-column elementor-col-100 elementor-top-column elementor-element elementor-element-5689fda\" data-id=\"5689fda\" data-element_type=\"column\">\n\t\t\t<div class=\"elementor-widget-wrap elementor-element-populated\">\n\t\t\t\t\t\t<div class=\"elementor-element elementor-element-ec10ffc elementor-widget elementor-widget-heading\" data-id=\"ec10ffc\" data-element_type=\"widget\" data-widget_type=\"heading.default\">\n\t\t\t\t<div class=\"elementor-widget-container\">\n\t\t\t\t\t<h2 class=\"elementor-heading-title elementor-size-default\">Pesquera Marimon<\/h2>\t\t\t\t<\/div>\n\t\t\t\t<\/div>\n\t\t\t\t\t<\/div>\n\t\t<\/div>\n\t\t\t\t\t<\/div>\n\t\t<\/section>\n\t\t\t\t<section class=\"elementor-section elementor-top-section elementor-element elementor-element-9ca4401 elementor-section-boxed elementor-section-height-default elementor-section-height-default\" data-id=\"9ca4401\" data-element_type=\"section\">\n\t\t\t\t\t\t<div class=\"elementor-container elementor-column-gap-default\">\n\t\t\t\t\t<div class=\"elementor-column elementor-col-50 elementor-top-column elementor-element elementor-element-824143d\" data-id=\"824143d\" data-element_type=\"column\">\n\t\t\t<div class=\"elementor-widget-wrap elementor-element-populated\">\n\t\t\t\t\t\t<div class=\"elementor-element elementor-element-14928ac elementor-widget elementor-widget-image\" data-id=\"14928ac\" data-element_type=\"widget\" data-widget_type=\"image.default\">\n\t\t\t\t<div class=\"elementor-widget-container\">\n\t\t\t\t\t\t\t\t\t\t\t\t\t\t\t<img decoding=\"async\" width=\"1024\" height=\"1024\" src=\"https:\/\/www.willysplan.com\/wp-content\/uploads\/2020\/06\/5-1.png\" class=\"attachment-large size-large wp-image-12151\" alt=\"\" \/>\t\t\t\t\t\t\t\t\t\t\t\t\t\t\t<\/div>\n\t\t\t\t<\/div>\n\t\t\t\t\t<\/div>\n\t\t<\/div>\n\t\t\t\t<div class=\"elementor-column elementor-col-50 elementor-top-column elementor-element elementor-element-681e6ac\" data-id=\"681e6ac\" data-element_type=\"column\">\n\t\t\t<div class=\"elementor-widget-wrap elementor-element-populated\">\n\t\t\t\t\t\t<div class=\"elementor-element elementor-element-7b3201b elementor-widget elementor-widget-image\" data-id=\"7b3201b\" data-element_type=\"widget\" data-widget_type=\"image.default\">\n\t\t\t\t<div class=\"elementor-widget-container\">\n\t\t\t\t\t\t\t\t\t\t\t\t\t\t\t<img loading=\"lazy\" decoding=\"async\" width=\"1024\" height=\"1024\" src=\"https:\/\/www.willysplan.com\/wp-content\/uploads\/2020\/06\/6.png\" class=\"attachment-large size-large wp-image-12153\" alt=\"\" \/>\t\t\t\t\t\t\t\t\t\t\t\t\t\t\t<\/div>\n\t\t\t\t<\/div>\n\t\t\t\t\t<\/div>\n\t\t<\/div>\n\t\t\t\t\t<\/div>\n\t\t<\/section>\n\t\t\t\t<section class=\"elementor-section elementor-top-section elementor-element elementor-element-090337d elementor-section-boxed elementor-section-height-default elementor-section-height-default\" data-id=\"090337d\" data-element_type=\"section\">\n\t\t\t\t\t\t<div class=\"elementor-container elementor-column-gap-default\">\n\t\t\t\t\t<div class=\"elementor-column elementor-col-100 elementor-top-column elementor-element elementor-element-10259a1\" data-id=\"10259a1\" data-element_type=\"column\">\n\t\t\t<div class=\"elementor-widget-wrap elementor-element-populated\">\n\t\t\t\t\t\t<div class=\"elementor-element elementor-element-67842ef elementor-widget elementor-widget-text-editor\" data-id=\"67842ef\" data-element_type=\"widget\" data-widget_type=\"text-editor.default\">\n\t\t\t\t<div class=\"elementor-widget-container\">\n\t\t\t\t\t\t\t\t\t<p>Despr\u00e9s d&#8217;una nit relaxant, emprendrem el nostre dia d&#8217;excursi\u00f3. Sempre ens agrada comen\u00e7ar pel m\u00e9s representatiu i \u00e9s que el <strong>llac de Banyoles <\/strong>no nom\u00e9s \u00e9s el llac m\u00e9s gran de<strong> Catalunya, <\/strong>tamb\u00e9 constitueix un dels sistemes mediambientals m\u00e9s importants de Catalunya i \u00e9s el lloc m\u00e9s concorregut pels locals i turistes que decideixen visitar aquesta regi\u00f3.<\/p>\n<p>El pla ideal en aquest llac \u00e9s anar de pesca i \u00e9s incre\u00efble la quantitat d&#8217;oferta de pesqueres que es poden veure al voltant del llac. Tot i que inicialment la seva principal funci\u00f3 era per fer pesca, amb el temps es van convertir en llocs d&#8217;allotjament i recreaci\u00f3 de les fam\u00edlies adinerades.<\/p>\n<p>En aquesta ocasi\u00f3 us apeguem la <strong>Pesquera Marimon.<\/strong> Aquesta destaca per ser una de les m\u00e9s representatives de <strong>Banyoles<\/strong> i una de les m\u00e9s boniques, que per descomptat no podeu deixar de con\u00e8ixer al seu pas per aquest llac.<\/p>\n\t\t\t\t\t\t\t\t<\/div>\n\t\t\t\t<\/div>\n\t\t\t\t\t<\/div>\n\t\t<\/div>\n\t\t\t\t\t<\/div>\n\t\t<\/section>\n\t\t\t\t<section class=\"elementor-section elementor-top-section elementor-element elementor-element-c34e060 elementor-section-boxed elementor-section-height-default elementor-section-height-default\" data-id=\"c34e060\" data-element_type=\"section\">\n\t\t\t\t\t\t<div class=\"elementor-container elementor-column-gap-default\">\n\t\t\t\t\t<div class=\"elementor-column elementor-col-100 elementor-top-column elementor-element elementor-element-e81ecc9\" data-id=\"e81ecc9\" data-element_type=\"column\">\n\t\t\t<div class=\"elementor-widget-wrap elementor-element-populated\">\n\t\t\t\t\t\t<div class=\"elementor-element elementor-element-ba75c32 elementor-widget elementor-widget-heading\" data-id=\"ba75c32\" data-element_type=\"widget\" data-widget_type=\"heading.default\">\n\t\t\t\t<div class=\"elementor-widget-container\">\n\t\t\t\t\t<h2 class=\"elementor-heading-title elementor-size-default\">Torre del Rem<\/h2>\t\t\t\t<\/div>\n\t\t\t\t<\/div>\n\t\t\t\t\t<\/div>\n\t\t<\/div>\n\t\t\t\t\t<\/div>\n\t\t<\/section>\n\t\t\t\t<section class=\"elementor-section elementor-top-section elementor-element elementor-element-75067e7 elementor-section-boxed elementor-section-height-default elementor-section-height-default\" data-id=\"75067e7\" data-element_type=\"section\">\n\t\t\t\t\t\t<div class=\"elementor-container elementor-column-gap-default\">\n\t\t\t\t\t<div class=\"elementor-column elementor-col-50 elementor-top-column elementor-element elementor-element-bb31b40\" data-id=\"bb31b40\" data-element_type=\"column\">\n\t\t\t<div class=\"elementor-widget-wrap elementor-element-populated\">\n\t\t\t\t\t\t<div class=\"elementor-element elementor-element-ea6a904 elementor-widget elementor-widget-image\" data-id=\"ea6a904\" data-element_type=\"widget\" data-widget_type=\"image.default\">\n\t\t\t\t<div class=\"elementor-widget-container\">\n\t\t\t\t\t\t\t\t\t\t\t\t\t\t\t<img loading=\"lazy\" decoding=\"async\" width=\"1024\" height=\"1024\" src=\"https:\/\/www.willysplan.com\/wp-content\/uploads\/2020\/06\/8.png\" class=\"attachment-large size-large wp-image-12155\" alt=\"\" \/>\t\t\t\t\t\t\t\t\t\t\t\t\t\t\t<\/div>\n\t\t\t\t<\/div>\n\t\t\t\t\t<\/div>\n\t\t<\/div>\n\t\t\t\t<div class=\"elementor-column elementor-col-50 elementor-top-column elementor-element elementor-element-715ce37\" data-id=\"715ce37\" data-element_type=\"column\">\n\t\t\t<div class=\"elementor-widget-wrap elementor-element-populated\">\n\t\t\t\t\t\t<div class=\"elementor-element elementor-element-2d22e76 elementor-widget elementor-widget-image\" data-id=\"2d22e76\" data-element_type=\"widget\" data-widget_type=\"image.default\">\n\t\t\t\t<div class=\"elementor-widget-container\">\n\t\t\t\t\t\t\t\t\t\t\t\t\t\t\t<img loading=\"lazy\" decoding=\"async\" width=\"1024\" height=\"1024\" src=\"https:\/\/www.willysplan.com\/wp-content\/uploads\/2020\/06\/9.png\" class=\"attachment-large size-large wp-image-12157\" alt=\"\" \/>\t\t\t\t\t\t\t\t\t\t\t\t\t\t\t<\/div>\n\t\t\t\t<\/div>\n\t\t\t\t\t<\/div>\n\t\t<\/div>\n\t\t\t\t\t<\/div>\n\t\t<\/section>\n\t\t\t\t<section class=\"elementor-section elementor-top-section elementor-element elementor-element-c270963 elementor-section-boxed elementor-section-height-default elementor-section-height-default\" data-id=\"c270963\" data-element_type=\"section\">\n\t\t\t\t\t\t<div class=\"elementor-container elementor-column-gap-default\">\n\t\t\t\t\t<div class=\"elementor-column elementor-col-100 elementor-top-column elementor-element elementor-element-765432f\" data-id=\"765432f\" data-element_type=\"column\">\n\t\t\t<div class=\"elementor-widget-wrap elementor-element-populated\">\n\t\t\t\t\t\t<div class=\"elementor-element elementor-element-afe3043 elementor-widget elementor-widget-text-editor\" data-id=\"afe3043\" data-element_type=\"widget\" data-widget_type=\"text-editor.default\">\n\t\t\t\t<div class=\"elementor-widget-container\">\n\t\t\t\t\t\t\t\t\t<p>I per \u00faltim, per\u00f2 no menys important gaudirem de les belles vistes des de<strong> la Torre del Rem. <\/strong>Aquest privilegiat mirador va ser constru\u00eft <strong>el 2004,<\/strong> any en qu\u00e8 es va celebrar el campionat de rem a<strong> Banyoles. <\/strong>Des de llavors s&#8217;ha convertit en un lloc d&#8217;inter\u00e8s per al poble i en un dels miradors m\u00e9s importants de la prov\u00edncia de<strong> Girona.<\/strong><\/p>\n<p>Aqu\u00ed podrem fer unes fotos incre\u00efbles, les vistes globals al llac i part del poble, es presten per emportar-se el millor record d&#8217;aquest lloc i que millor que acabar la nostra ruta, amb una bonica posta de sol.<\/p>\n\t\t\t\t\t\t\t\t<\/div>\n\t\t\t\t<\/div>\n\t\t\t\t\t<\/div>\n\t\t<\/div>\n\t\t\t\t\t<\/div>\n\t\t<\/section>\n\t\t\t\t<section class=\"elementor-section elementor-top-section elementor-element elementor-element-bbf9c1f elementor-section-boxed elementor-section-height-default elementor-section-height-default\" data-id=\"bbf9c1f\" data-element_type=\"section\">\n\t\t\t\t\t\t<div class=\"elementor-container elementor-column-gap-default\">\n\t\t\t\t\t<div class=\"elementor-column elementor-col-100 elementor-top-column elementor-element elementor-element-c80d3a7\" data-id=\"c80d3a7\" data-element_type=\"column\">\n\t\t\t<div class=\"elementor-widget-wrap elementor-element-populated\">\n\t\t\t\t\t\t<div class=\"elementor-element elementor-element-61f2bfc elementor-widget elementor-widget-heading\" data-id=\"61f2bfc\" data-element_type=\"widget\" data-widget_type=\"heading.default\">\n\t\t\t\t<div class=\"elementor-widget-container\">\n\t\t\t\t\t<h2 class=\"elementor-heading-title elementor-size-default\">Altres rutes que tamb\u00e9 et poden interessar...<\/h2>\t\t\t\t<\/div>\n\t\t\t\t<\/div>\n\t\t\t\t\t<\/div>\n\t\t<\/div>\n\t\t\t\t\t<\/div>\n\t\t<\/section>\n\t\t\t\t<section class=\"elementor-section elementor-top-section elementor-element elementor-element-53c856f elementor-section-boxed elementor-section-height-default elementor-section-height-default\" data-id=\"53c856f\" data-element_type=\"section\">\n\t\t\t\t\t\t<div class=\"elementor-container elementor-column-gap-default\">\n\t\t\t\t\t<div class=\"elementor-column elementor-col-100 elementor-top-column elementor-element elementor-element-ba5fcd1\" data-id=\"ba5fcd1\" data-element_type=\"column\">\n\t\t\t<div class=\"elementor-widget-wrap elementor-element-populated\">\n\t\t\t\t\t\t\t<\/div>\n\t\t<\/div>\n\t\t\t\t\t<\/div>\n\t\t<\/section>\n\t\t\t\t<\/div>\n\t\t","protected":false},"excerpt":{"rendered":"<p>Fes una ullada a aquesta ruta pel poble de Banyoles i no perdis cap detall dels llocs que t&#8217;ensenyarem. Aquests s\u00f3n llocs realment exclusius que visitar a Girona prov\u00edncia un cap de setmana, a m\u00e9s a m\u00e9s fan part de Catalunya, una de les nostres destinacions preferides a Willy\u00b4s pla. El que us proposarem a&hellip;&nbsp;<a href=\"https:\/\/www.willysplan.com\/ca\/rutes\/ruta-a-lestany-de-banyoles-girona\" rel=\"bookmark\">Llegiu m\u00e9s &raquo;<span class=\"screen-reader-text\">Ruta a l&#8217;Estany de Banyoles &#8211; Girona<\/span><\/a><\/p>\n","protected":false},"author":2,"featured_media":12151,"comment_status":"closed","ping_status":"closed","sticky":false,"template":"","format":"standard","meta":{"neve_meta_sidebar":"","neve_meta_container":"","neve_meta_enable_content_width":"","neve_meta_content_width":0,"neve_meta_title_alignment":"","neve_meta_author_avatar":"","neve_post_elements_order":"","neve_meta_disable_header":"","neve_meta_disable_footer":"","neve_meta_disable_title":"","_joinchat":[],"footnotes":""},"categories":[323],"tags":[360,361],"class_list":["post-15964","post","type-post","status-publish","format-standard","has-post-thumbnail","hentry","category-rutes","tag-rutes-catalunya","tag-rutes-girona-provincia"],"yoast_head":"<!-- This site is optimized with the Yoast SEO Premium plugin v20.1 (Yoast SEO v26.9) - https:\/\/yoast.com\/product\/yoast-seo-premium-wordpress\/ -->\n<title>Ruta des de Mil estrelles a Torre del rem - Willy&#039;s plan<\/title>\n<meta name=\"description\" content=\"Descobreix una de les millors rutes a fer a l&#039;estany de Banyoles. Visita els llocs de Mil Estrelles, Pesquera Marimon, Torre del Rem.\u2705 Entra ara!\" \/>\n<meta name=\"robots\" content=\"index, follow, max-snippet:-1, max-image-preview:large, max-video-preview:-1\" \/>\n<link rel=\"canonical\" href=\"https:\/\/www.willysplan.com\/ca\/rutes\/ruta-a-lestany-de-banyoles-girona\" \/>\n<meta property=\"og:locale\" content=\"ca_ES\" \/>\n<meta property=\"og:type\" content=\"article\" \/>\n<meta property=\"og:title\" content=\"Ruta a l&#039;Estany de Banyoles - Girona\" \/>\n<meta property=\"og:description\" content=\"Descobreix una de les millors rutes a fer a l&#039;estany de Banyoles. Visita els llocs de Mil Estrelles, Pesquera Marimon, Torre del Rem.\u2705 Entra ara!\" \/>\n<meta property=\"og:url\" content=\"https:\/\/www.willysplan.com\/ca\/rutes\/ruta-a-lestany-de-banyoles-girona\" \/>\n<meta property=\"og:site_name\" content=\"Willy&#039;s Plan \ud83c\udf43\" \/>\n<meta property=\"article:published_time\" content=\"2020-06-28T11:35:49+00:00\" \/>\n<meta property=\"article:modified_time\" content=\"2023-01-03T20:35:30+00:00\" \/>\n<meta property=\"og:image\" content=\"https:\/\/www.willysplan.com\/wp-content\/uploads\/2020\/06\/5-1.png\" \/>\n\t<meta property=\"og:image:width\" content=\"1080\" \/>\n\t<meta property=\"og:image:height\" content=\"1080\" \/>\n\t<meta property=\"og:image:type\" content=\"image\/png\" \/>\n<meta name=\"author\" content=\"Guillem Asensio\" \/>\n<meta name=\"twitter:card\" content=\"summary_large_image\" \/>\n<meta name=\"twitter:label1\" content=\"Escrit per\" \/>\n\t<meta name=\"twitter:data1\" content=\"Guillem Asensio\" \/>\n\t<meta name=\"twitter:label2\" content=\"Temps estimat de lectura\" \/>\n\t<meta name=\"twitter:data2\" content=\"4 minuts\" \/>\n<script type=\"application\/ld+json\" class=\"yoast-schema-graph\">{\"@context\":\"https:\/\/schema.org\",\"@graph\":[{\"@type\":\"Article\",\"@id\":\"https:\/\/www.willysplan.com\/ca\/rutes\/ruta-a-lestany-de-banyoles-girona#article\",\"isPartOf\":{\"@id\":\"https:\/\/www.willysplan.com\/ca\/rutes\/ruta-a-lestany-de-banyoles-girona\"},\"author\":{\"name\":\"Guillem Asensio\",\"@id\":\"https:\/\/www.willysplan.com\/#\/schema\/person\/6f2dbf2215cd25715df085907bd007c1\"},\"headline\":\"Ruta a l&#8217;Estany de Banyoles &#8211; Girona\",\"datePublished\":\"2020-06-28T11:35:49+00:00\",\"dateModified\":\"2023-01-03T20:35:30+00:00\",\"mainEntityOfPage\":{\"@id\":\"https:\/\/www.willysplan.com\/ca\/rutes\/ruta-a-lestany-de-banyoles-girona\"},\"wordCount\":754,\"publisher\":{\"@id\":\"https:\/\/www.willysplan.com\/#organization\"},\"image\":{\"@id\":\"https:\/\/www.willysplan.com\/ca\/rutes\/ruta-a-lestany-de-banyoles-girona#primaryimage\"},\"thumbnailUrl\":\"https:\/\/www.willysplan.com\/wp-content\/uploads\/2020\/06\/5-1.png\",\"keywords\":[\"rutes catalunya\",\"rutes girona prov\u00edncia\"],\"articleSection\":[\"rutes\"],\"inLanguage\":\"ca\"},{\"@type\":\"WebPage\",\"@id\":\"https:\/\/www.willysplan.com\/ca\/rutes\/ruta-a-lestany-de-banyoles-girona\",\"url\":\"https:\/\/www.willysplan.com\/ca\/rutes\/ruta-a-lestany-de-banyoles-girona\",\"name\":\"Ruta des de Mil estrelles a Torre del rem - Willy's plan\",\"isPartOf\":{\"@id\":\"https:\/\/www.willysplan.com\/#website\"},\"primaryImageOfPage\":{\"@id\":\"https:\/\/www.willysplan.com\/ca\/rutes\/ruta-a-lestany-de-banyoles-girona#primaryimage\"},\"image\":{\"@id\":\"https:\/\/www.willysplan.com\/ca\/rutes\/ruta-a-lestany-de-banyoles-girona#primaryimage\"},\"thumbnailUrl\":\"https:\/\/www.willysplan.com\/wp-content\/uploads\/2020\/06\/5-1.png\",\"datePublished\":\"2020-06-28T11:35:49+00:00\",\"dateModified\":\"2023-01-03T20:35:30+00:00\",\"description\":\"Descobreix una de les millors rutes a fer a l'estany de Banyoles. Visita els llocs de Mil Estrelles, Pesquera Marimon, Torre del Rem.\u2705 Entra ara!\",\"inLanguage\":\"ca\",\"potentialAction\":[{\"@type\":\"ReadAction\",\"target\":[\"https:\/\/www.willysplan.com\/ca\/rutes\/ruta-a-lestany-de-banyoles-girona\"]}]},{\"@type\":\"ImageObject\",\"inLanguage\":\"ca\",\"@id\":\"https:\/\/www.willysplan.com\/ca\/rutes\/ruta-a-lestany-de-banyoles-girona#primaryimage\",\"url\":\"https:\/\/www.willysplan.com\/wp-content\/uploads\/2020\/06\/5-1.png\",\"contentUrl\":\"https:\/\/www.willysplan.com\/wp-content\/uploads\/2020\/06\/5-1.png\",\"width\":1080,\"height\":1080},{\"@type\":\"WebSite\",\"@id\":\"https:\/\/www.willysplan.com\/#website\",\"url\":\"https:\/\/www.willysplan.com\/\",\"name\":\"Willy&#039;s Plan \ud83c\udf43\",\"description\":\"Escapadas y Planes de fin de semana\",\"publisher\":{\"@id\":\"https:\/\/www.willysplan.com\/#organization\"},\"potentialAction\":[{\"@type\":\"SearchAction\",\"target\":{\"@type\":\"EntryPoint\",\"urlTemplate\":\"https:\/\/www.willysplan.com\/?s={search_term_string}\"},\"query-input\":{\"@type\":\"PropertyValueSpecification\",\"valueRequired\":true,\"valueName\":\"search_term_string\"}}],\"inLanguage\":\"ca\"},{\"@type\":\"Organization\",\"@id\":\"https:\/\/www.willysplan.com\/#organization\",\"name\":\"Willy&#039;s Plan \ud83c\udf43\",\"url\":\"https:\/\/www.willysplan.com\/\",\"logo\":{\"@type\":\"ImageObject\",\"inLanguage\":\"ca\",\"@id\":\"https:\/\/www.willysplan.com\/#\/schema\/logo\/image\/\",\"url\":\"https:\/\/www.willysplan.com\/wp-content\/uploads\/2020\/04\/cropped-logo-1.png\",\"contentUrl\":\"https:\/\/www.willysplan.com\/wp-content\/uploads\/2020\/04\/cropped-logo-1.png\",\"width\":332,\"height\":332,\"caption\":\"Willy&#039;s Plan \ud83c\udf43\"},\"image\":{\"@id\":\"https:\/\/www.willysplan.com\/#\/schema\/logo\/image\/\"}},{\"@type\":\"Person\",\"@id\":\"https:\/\/www.willysplan.com\/#\/schema\/person\/6f2dbf2215cd25715df085907bd007c1\",\"name\":\"Guillem Asensio\",\"image\":{\"@type\":\"ImageObject\",\"inLanguage\":\"ca\",\"@id\":\"https:\/\/www.willysplan.com\/#\/schema\/person\/image\/\",\"url\":\"https:\/\/secure.gravatar.com\/avatar\/fd3f69da3e6cd8d451f6be79c127da046757b9a4c273deefb40b1291809cc787?s=96&d=mm&r=g\",\"contentUrl\":\"https:\/\/secure.gravatar.com\/avatar\/fd3f69da3e6cd8d451f6be79c127da046757b9a4c273deefb40b1291809cc787?s=96&d=mm&r=g\",\"caption\":\"Guillem Asensio\"},\"sameAs\":[\"https:\/\/willysplan.com\"],\"url\":\"https:\/\/www.willysplan.com\/ca\/author\/willy\"}]}<\/script>\n<!-- \/ Yoast SEO Premium plugin. -->","yoast_head_json":{"title":"Ruta des de Mil estrelles a Torre del rem - Willy's plan","description":"Descobreix una de les millors rutes a fer a l'estany de Banyoles. Visita els llocs de Mil Estrelles, Pesquera Marimon, Torre del Rem.\u2705 Entra ara!","robots":{"index":"index","follow":"follow","max-snippet":"max-snippet:-1","max-image-preview":"max-image-preview:large","max-video-preview":"max-video-preview:-1"},"canonical":"https:\/\/www.willysplan.com\/ca\/rutes\/ruta-a-lestany-de-banyoles-girona","og_locale":"ca_ES","og_type":"article","og_title":"Ruta a l'Estany de Banyoles - Girona","og_description":"Descobreix una de les millors rutes a fer a l'estany de Banyoles. Visita els llocs de Mil Estrelles, Pesquera Marimon, Torre del Rem.\u2705 Entra ara!","og_url":"https:\/\/www.willysplan.com\/ca\/rutes\/ruta-a-lestany-de-banyoles-girona","og_site_name":"Willy&#039;s Plan \ud83c\udf43","article_published_time":"2020-06-28T11:35:49+00:00","article_modified_time":"2023-01-03T20:35:30+00:00","og_image":[{"width":1080,"height":1080,"url":"https:\/\/www.willysplan.com\/wp-content\/uploads\/2020\/06\/5-1.png","type":"image\/png"}],"author":"Guillem Asensio","twitter_card":"summary_large_image","twitter_misc":{"Escrit per":"Guillem Asensio","Temps estimat de lectura":"4 minuts"},"schema":{"@context":"https:\/\/schema.org","@graph":[{"@type":"Article","@id":"https:\/\/www.willysplan.com\/ca\/rutes\/ruta-a-lestany-de-banyoles-girona#article","isPartOf":{"@id":"https:\/\/www.willysplan.com\/ca\/rutes\/ruta-a-lestany-de-banyoles-girona"},"author":{"name":"Guillem Asensio","@id":"https:\/\/www.willysplan.com\/#\/schema\/person\/6f2dbf2215cd25715df085907bd007c1"},"headline":"Ruta a l&#8217;Estany de Banyoles &#8211; Girona","datePublished":"2020-06-28T11:35:49+00:00","dateModified":"2023-01-03T20:35:30+00:00","mainEntityOfPage":{"@id":"https:\/\/www.willysplan.com\/ca\/rutes\/ruta-a-lestany-de-banyoles-girona"},"wordCount":754,"publisher":{"@id":"https:\/\/www.willysplan.com\/#organization"},"image":{"@id":"https:\/\/www.willysplan.com\/ca\/rutes\/ruta-a-lestany-de-banyoles-girona#primaryimage"},"thumbnailUrl":"https:\/\/www.willysplan.com\/wp-content\/uploads\/2020\/06\/5-1.png","keywords":["rutes catalunya","rutes girona prov\u00edncia"],"articleSection":["rutes"],"inLanguage":"ca"},{"@type":"WebPage","@id":"https:\/\/www.willysplan.com\/ca\/rutes\/ruta-a-lestany-de-banyoles-girona","url":"https:\/\/www.willysplan.com\/ca\/rutes\/ruta-a-lestany-de-banyoles-girona","name":"Ruta des de Mil estrelles a Torre del rem - Willy's plan","isPartOf":{"@id":"https:\/\/www.willysplan.com\/#website"},"primaryImageOfPage":{"@id":"https:\/\/www.willysplan.com\/ca\/rutes\/ruta-a-lestany-de-banyoles-girona#primaryimage"},"image":{"@id":"https:\/\/www.willysplan.com\/ca\/rutes\/ruta-a-lestany-de-banyoles-girona#primaryimage"},"thumbnailUrl":"https:\/\/www.willysplan.com\/wp-content\/uploads\/2020\/06\/5-1.png","datePublished":"2020-06-28T11:35:49+00:00","dateModified":"2023-01-03T20:35:30+00:00","description":"Descobreix una de les millors rutes a fer a l'estany de Banyoles. Visita els llocs de Mil Estrelles, Pesquera Marimon, Torre del Rem.\u2705 Entra ara!","inLanguage":"ca","potentialAction":[{"@type":"ReadAction","target":["https:\/\/www.willysplan.com\/ca\/rutes\/ruta-a-lestany-de-banyoles-girona"]}]},{"@type":"ImageObject","inLanguage":"ca","@id":"https:\/\/www.willysplan.com\/ca\/rutes\/ruta-a-lestany-de-banyoles-girona#primaryimage","url":"https:\/\/www.willysplan.com\/wp-content\/uploads\/2020\/06\/5-1.png","contentUrl":"https:\/\/www.willysplan.com\/wp-content\/uploads\/2020\/06\/5-1.png","width":1080,"height":1080},{"@type":"WebSite","@id":"https:\/\/www.willysplan.com\/#website","url":"https:\/\/www.willysplan.com\/","name":"Willy&#039;s Plan \ud83c\udf43","description":"Escapadas y Planes de fin de semana","publisher":{"@id":"https:\/\/www.willysplan.com\/#organization"},"potentialAction":[{"@type":"SearchAction","target":{"@type":"EntryPoint","urlTemplate":"https:\/\/www.willysplan.com\/?s={search_term_string}"},"query-input":{"@type":"PropertyValueSpecification","valueRequired":true,"valueName":"search_term_string"}}],"inLanguage":"ca"},{"@type":"Organization","@id":"https:\/\/www.willysplan.com\/#organization","name":"Willy&#039;s Plan \ud83c\udf43","url":"https:\/\/www.willysplan.com\/","logo":{"@type":"ImageObject","inLanguage":"ca","@id":"https:\/\/www.willysplan.com\/#\/schema\/logo\/image\/","url":"https:\/\/www.willysplan.com\/wp-content\/uploads\/2020\/04\/cropped-logo-1.png","contentUrl":"https:\/\/www.willysplan.com\/wp-content\/uploads\/2020\/04\/cropped-logo-1.png","width":332,"height":332,"caption":"Willy&#039;s Plan \ud83c\udf43"},"image":{"@id":"https:\/\/www.willysplan.com\/#\/schema\/logo\/image\/"}},{"@type":"Person","@id":"https:\/\/www.willysplan.com\/#\/schema\/person\/6f2dbf2215cd25715df085907bd007c1","name":"Guillem Asensio","image":{"@type":"ImageObject","inLanguage":"ca","@id":"https:\/\/www.willysplan.com\/#\/schema\/person\/image\/","url":"https:\/\/secure.gravatar.com\/avatar\/fd3f69da3e6cd8d451f6be79c127da046757b9a4c273deefb40b1291809cc787?s=96&d=mm&r=g","contentUrl":"https:\/\/secure.gravatar.com\/avatar\/fd3f69da3e6cd8d451f6be79c127da046757b9a4c273deefb40b1291809cc787?s=96&d=mm&r=g","caption":"Guillem Asensio"},"sameAs":["https:\/\/willysplan.com"],"url":"https:\/\/www.willysplan.com\/ca\/author\/willy"}]}},"_links":{"self":[{"href":"https:\/\/www.willysplan.com\/ca\/wp-json\/wp\/v2\/posts\/15964","targetHints":{"allow":["GET"]}}],"collection":[{"href":"https:\/\/www.willysplan.com\/ca\/wp-json\/wp\/v2\/posts"}],"about":[{"href":"https:\/\/www.willysplan.com\/ca\/wp-json\/wp\/v2\/types\/post"}],"author":[{"embeddable":true,"href":"https:\/\/www.willysplan.com\/ca\/wp-json\/wp\/v2\/users\/2"}],"replies":[{"embeddable":true,"href":"https:\/\/www.willysplan.com\/ca\/wp-json\/wp\/v2\/comments?post=15964"}],"version-history":[{"count":2,"href":"https:\/\/www.willysplan.com\/ca\/wp-json\/wp\/v2\/posts\/15964\/revisions"}],"predecessor-version":[{"id":15972,"href":"https:\/\/www.willysplan.com\/ca\/wp-json\/wp\/v2\/posts\/15964\/revisions\/15972"}],"wp:featuredmedia":[{"embeddable":true,"href":"https:\/\/www.willysplan.com\/ca\/wp-json\/wp\/v2\/media\/12151"}],"wp:attachment":[{"href":"https:\/\/www.willysplan.com\/ca\/wp-json\/wp\/v2\/media?parent=15964"}],"wp:term":[{"taxonomy":"category","embeddable":true,"href":"https:\/\/www.willysplan.com\/ca\/wp-json\/wp\/v2\/categories?post=15964"},{"taxonomy":"post_tag","embeddable":true,"href":"https:\/\/www.willysplan.com\/ca\/wp-json\/wp\/v2\/tags?post=15964"}],"curies":[{"name":"wp","href":"https:\/\/api.w.org\/{rel}","templated":true}]}}