{"id":15963,"date":"2020-06-28T22:29:25","date_gmt":"2020-06-28T21:29:25","guid":{"rendered":"https:\/\/willysplan.com\/uncategorized-ca\/ruta-per-palamos"},"modified":"2023-07-25T04:21:59","modified_gmt":"2023-07-25T03:21:59","slug":"ruta-per-palamos","status":"publish","type":"post","link":"https:\/\/www.willysplan.com\/ca\/rutes\/ruta-per-palamos","title":{"rendered":"Ruta per Palam\u00f3s"},"content":{"rendered":"\t\t<div data-elementor-type=\"wp-post\" data-elementor-id=\"15963\" class=\"elementor elementor-15963 elementor-1680\" data-elementor-post-type=\"post\">\n\t\t\t\t\t\t<section class=\"elementor-section elementor-top-section elementor-element elementor-element-f4c69cc elementor-section-boxed elementor-section-height-default elementor-section-height-default\" data-id=\"f4c69cc\" data-element_type=\"section\">\n\t\t\t\t\t\t<div class=\"elementor-container elementor-column-gap-default\">\n\t\t\t\t\t<div class=\"elementor-column elementor-col-50 elementor-top-column elementor-element elementor-element-164a862\" data-id=\"164a862\" data-element_type=\"column\">\n\t\t\t<div class=\"elementor-widget-wrap elementor-element-populated\">\n\t\t\t\t\t\t<div class=\"elementor-element elementor-element-29bc239 elementor-widget elementor-widget-text-editor\" data-id=\"29bc239\" data-element_type=\"widget\" data-widget_type=\"text-editor.default\">\n\t\t\t\t<div class=\"elementor-widget-container\">\n\t\t\t\t\t\t\t\t\t<p><strong>Palam\u00f3s<\/strong> pertany a la comarca del <strong>Baix Empord\u00e0<\/strong> i \u00e9s sens dubte una de les destinacions tur\u00edstiques si est\u00e0s buscant <a href=\"https:\/\/www.willysplan.com\/rutas\/girona-provincia\">rutes i excursions a la prov\u00edncia de Girona<\/a> .<\/p>\n<p>\u00c9s reconegut per tenir un dels ports comercials m\u00e9s importants de la <strong>Costa Brava<\/strong> , i fins i tot dels m\u00e9s bonics per anar a passejar i desconnectar. Palam\u00f3s tamb\u00e9 \u00e9s fam\u00f3s pels seus incre\u00efbles paisatges, per tenir una gastronomia envejable (destacant principalment el seu marisc, amb la seva especialitat en gambes: les m\u00edtiques gambes de Palam\u00f3s) i per ser una destinaci\u00f3 excepcional per practicar esports aqu\u00e0tics, entre ells el submarinisme: sens dubte una de les activitats m\u00e9s caracter\u00edstiques per les quals els visitants v\u00e9nen a <a href=\"https:\/\/www.willysplan.com\/rutas\/cataluna\">fer rutes i excursions a Catalunya<\/a> .<\/p>\n\t\t\t\t\t\t\t\t<\/div>\n\t\t\t\t<\/div>\n\t\t\t\t\t<\/div>\n\t\t<\/div>\n\t\t\t\t<div class=\"elementor-column elementor-col-50 elementor-top-column elementor-element elementor-element-f0384f5\" data-id=\"f0384f5\" data-element_type=\"column\">\n\t\t\t<div class=\"elementor-widget-wrap elementor-element-populated\">\n\t\t\t\t\t\t<div class=\"elementor-element elementor-element-498d22e elementor-widget elementor-widget-image\" data-id=\"498d22e\" data-element_type=\"widget\" data-widget_type=\"image.default\">\n\t\t\t\t<div class=\"elementor-widget-container\">\n\t\t\t\t\t\t\t\t\t\t\t\t\t\t\t<img fetchpriority=\"high\" decoding=\"async\" width=\"768\" height=\"432\" src=\"https:\/\/www.willysplan.com\/wp-content\/uploads\/2020\/06\/ruta-por-palamos.jpg\" class=\"attachment-medium_large size-medium_large wp-image-12107\" alt=\"\" \/>\t\t\t\t\t\t\t\t\t\t\t\t\t\t\t<\/div>\n\t\t\t\t<\/div>\n\t\t\t\t\t<\/div>\n\t\t<\/div>\n\t\t\t\t\t<\/div>\n\t\t<\/section>\n\t\t\t\t<section class=\"elementor-section elementor-top-section elementor-element elementor-element-2153b22 elementor-section-boxed elementor-section-height-default elementor-section-height-default\" data-id=\"2153b22\" data-element_type=\"section\">\n\t\t\t\t\t\t<div class=\"elementor-container elementor-column-gap-default\">\n\t\t\t\t\t<div class=\"elementor-column elementor-col-100 elementor-top-column elementor-element elementor-element-1753e7a\" data-id=\"1753e7a\" data-element_type=\"column\">\n\t\t\t<div class=\"elementor-widget-wrap elementor-element-populated\">\n\t\t\t\t\t\t<div class=\"elementor-element elementor-element-12f63c4 elementor-widget elementor-widget-text-editor\" data-id=\"12f63c4\" data-element_type=\"widget\" data-widget_type=\"text-editor.default\">\n\t\t\t\t<div class=\"elementor-widget-container\">\n\t\t\t\t\t\t\t\t\t<p>Si l&#8217;oci nocturn ja forma part d&#8217;un dels punts forts de les <a href=\"https:\/\/www.willysplan.com\/ca\/rutes\/rutes-de-senderisme-i-excursions-per-la-costa-brava\">rutes per la Costa Brava<\/a> , a Palam\u00f3s no n&#8217;\u00e9s una excepci\u00f3. En arribar la nit, els bars i restaurants es roben el protagonisme. Convidant els comensals a gaudir del millor menjar local a base de la famosa \u201cgamba de Palam\u00f3s\u201d, i una infinitat de receptes caracter\u00edstiques del menjar mediterrani.<\/p><p>Aix\u00ed mateix, un cop hem acabat de sopar, podrem arribar fins a prop del port on trobarem una zona d&#8217;oci nocturna amb bars de copes, on podrem seure a relaxar-nos de les vistes al port amb un c\u00f2ctel o beguda refrescant.<\/p><p>Descobreix amb nosaltres una de les moltes <a href=\"https:\/\/www.willysplan.com\/ca\/rutes\/rutes-de-senderisme-i-excursions-per-palamos\">coses a fer a Palam\u00f3s<\/a> , i sorpr\u00e8n-te amb tot el que aquest encantador poble i els seus voltants tenen preparat per a tu.<\/p><p>Abans de comen\u00e7ar amb la ruta en si, hem de recordar-te que, si t&#8217;agraden els plans de platja per les Costa Brava, no et pots perdre l&#8217;article on t&#8217;expliquem <a href=\"https:\/\/www.willysplan.com\/ca\/rutes\/rutes-de-senderisme-i-excursions-per-llafranc\">qu\u00e8 fer a Llafranc<\/a>, o les <a href=\"https:\/\/www.willysplan.com\/ca\/rutes\/rutes-de-senderisme-i-excursions-per-lloret-de-mar\">rutes de Lloret de Mar<\/a>: dues destinacions molt semblants que, sens dubte t&#8217;agradaran.<\/p>\t\t\t\t\t\t\t\t<\/div>\n\t\t\t\t<\/div>\n\t\t\t\t\t<\/div>\n\t\t<\/div>\n\t\t\t\t\t<\/div>\n\t\t<\/section>\n\t\t\t\t<section class=\"elementor-section elementor-top-section elementor-element elementor-element-aaf8e46 elementor-section-boxed elementor-section-height-default elementor-section-height-default\" data-id=\"aaf8e46\" data-element_type=\"section\">\n\t\t\t\t\t\t<div class=\"elementor-container elementor-column-gap-default\">\n\t\t\t\t\t<div class=\"elementor-column elementor-col-100 elementor-top-column elementor-element elementor-element-4cee3de\" data-id=\"4cee3de\" data-element_type=\"column\">\n\t\t\t<div class=\"elementor-widget-wrap elementor-element-populated\">\n\t\t\t\t\t\t<div class=\"elementor-element elementor-element-241f678 elementor-widget elementor-widget-heading\" data-id=\"241f678\" data-element_type=\"widget\" data-widget_type=\"heading.default\">\n\t\t\t\t<div class=\"elementor-widget-container\">\n\t\t\t\t\t<h2 class=\"elementor-heading-title elementor-size-default\">Poble de Palam\u00f3s<\/h2>\t\t\t\t<\/div>\n\t\t\t\t<\/div>\n\t\t\t\t\t<\/div>\n\t\t<\/div>\n\t\t\t\t\t<\/div>\n\t\t<\/section>\n\t\t\t\t<section class=\"elementor-section elementor-top-section elementor-element elementor-element-8436029 elementor-section-boxed elementor-section-height-default elementor-section-height-default\" data-id=\"8436029\" data-element_type=\"section\">\n\t\t\t\t\t\t<div class=\"elementor-container elementor-column-gap-default\">\n\t\t\t\t\t<div class=\"elementor-column elementor-col-50 elementor-top-column elementor-element elementor-element-04d385d\" data-id=\"04d385d\" data-element_type=\"column\">\n\t\t\t<div class=\"elementor-widget-wrap elementor-element-populated\">\n\t\t\t\t\t\t<div class=\"elementor-element elementor-element-7e6ba42 elementor-widget elementor-widget-image\" data-id=\"7e6ba42\" data-element_type=\"widget\" data-widget_type=\"image.default\">\n\t\t\t\t<div class=\"elementor-widget-container\">\n\t\t\t\t\t\t\t\t\t\t\t\t\t\t\t<img decoding=\"async\" width=\"512\" height=\"341\" src=\"https:\/\/www.willysplan.com\/wp-content\/uploads\/2020\/06\/paseig-de-palamos.jpg\" class=\"attachment-large size-large wp-image-12935\" alt=\"\" srcset=\"https:\/\/www.willysplan.com\/wp-content\/uploads\/2020\/06\/paseig-de-palamos.jpg 512w, https:\/\/www.willysplan.com\/wp-content\/uploads\/2020\/06\/paseig-de-palamos-300x200.jpg 300w, https:\/\/www.willysplan.com\/wp-content\/uploads\/2020\/06\/paseig-de-palamos-480x320.jpg 480w, https:\/\/www.willysplan.com\/wp-content\/uploads\/2020\/06\/paseig-de-palamos-280x186.jpg 280w\" sizes=\"(max-width: 512px) 100vw, 512px\" \/>\t\t\t\t\t\t\t\t\t\t\t\t\t\t\t<\/div>\n\t\t\t\t<\/div>\n\t\t\t\t\t<\/div>\n\t\t<\/div>\n\t\t\t\t<div class=\"elementor-column elementor-col-50 elementor-top-column elementor-element elementor-element-6ffe99d\" data-id=\"6ffe99d\" data-element_type=\"column\">\n\t\t\t<div class=\"elementor-widget-wrap elementor-element-populated\">\n\t\t\t\t\t\t<div class=\"elementor-element elementor-element-46a9f3e elementor-widget elementor-widget-image\" data-id=\"46a9f3e\" data-element_type=\"widget\" data-widget_type=\"image.default\">\n\t\t\t\t<div class=\"elementor-widget-container\">\n\t\t\t\t\t\t\t\t\t\t\t\t\t\t\t<img decoding=\"async\" width=\"511\" height=\"284\" src=\"https:\/\/www.willysplan.com\/wp-content\/uploads\/2020\/06\/paseo-de-palamos.jpg\" class=\"attachment-large size-large wp-image-12937\" alt=\"\" srcset=\"https:\/\/www.willysplan.com\/wp-content\/uploads\/2020\/06\/paseo-de-palamos.jpg 511w, https:\/\/www.willysplan.com\/wp-content\/uploads\/2020\/06\/paseo-de-palamos-300x167.jpg 300w\" sizes=\"(max-width: 511px) 100vw, 511px\" \/>\t\t\t\t\t\t\t\t\t\t\t\t\t\t\t<\/div>\n\t\t\t\t<\/div>\n\t\t\t\t\t<\/div>\n\t\t<\/div>\n\t\t\t\t\t<\/div>\n\t\t<\/section>\n\t\t\t\t<section class=\"elementor-section elementor-top-section elementor-element elementor-element-c78f0d5 elementor-section-boxed elementor-section-height-default elementor-section-height-default\" data-id=\"c78f0d5\" data-element_type=\"section\">\n\t\t\t\t\t\t<div class=\"elementor-container elementor-column-gap-default\">\n\t\t\t\t\t<div class=\"elementor-column elementor-col-100 elementor-top-column elementor-element elementor-element-e8099c1\" data-id=\"e8099c1\" data-element_type=\"column\">\n\t\t\t<div class=\"elementor-widget-wrap elementor-element-populated\">\n\t\t\t\t\t\t<div class=\"elementor-element elementor-element-9d79bd6 elementor-widget elementor-widget-text-editor\" data-id=\"9d79bd6\" data-element_type=\"widget\" data-widget_type=\"text-editor.default\">\n\t\t\t\t<div class=\"elementor-widget-container\">\n\t\t\t\t\t\t\t\t\t<p>En aquesta <strong>ruta per Palam\u00f3s<\/strong> no nom\u00e9s destacarem la seva import\u00e0ncia com a destinaci\u00f3 tur\u00edstica, la hist\u00f2ria jugar\u00e0 un paper molt important en aquesta visita, ja que \u00e9s un dels atractius m\u00e9s importants d&#8217;aquest poble i com ens agrada dir\u2026 no marxis d&#8217;un lloc sense con\u00e8ixer la seva veritable hist\u00f2ria.<\/p>\n<p>Per\u00f2 primer de tot, us proposem comen\u00e7ar per fer una volta per la costa d&#8217;aquest bonic poble, pel m\u00edtic passeig que travessa la major part de Palam\u00f3s. Aquest passeig de terra i ciment va des de Sant Antoni de Calonge fins al centre de Palam\u00f3s (on es troba el port, nucli antic i zones de bars i copes).<\/p>\n<p>Al llarg d&#8217;aquest passeig, trobareu parcs per als menuts, entrades a la platja per donar-vos un bany, gent patinant i passejant&#8230; El que us proposem comen\u00e7ar aquesta ruta despr\u00e9s de dinar al migdia, aix\u00ed baixeu el dinar mentre gaudiu d&#8217;un bonic i tranquil passeig. Al final de tot de la ruta, ja en tornar, us aconsellem tornar a aquest passeig (la part m\u00e9s propera al centre), ja que a la tarda-nit hi ha paradetes amb productes t\u00edpics, collarets, polseres i tota mena de fornaments.<\/p>\n\t\t\t\t\t\t\t\t<\/div>\n\t\t\t\t<\/div>\n\t\t\t\t\t<\/div>\n\t\t<\/div>\n\t\t\t\t\t<\/div>\n\t\t<\/section>\n\t\t\t\t<section class=\"elementor-section elementor-top-section elementor-element elementor-element-cf26dc9 elementor-section-boxed elementor-section-height-default elementor-section-height-default\" data-id=\"cf26dc9\" data-element_type=\"section\">\n\t\t\t\t\t\t<div class=\"elementor-container elementor-column-gap-default\">\n\t\t\t\t\t<div class=\"elementor-column elementor-col-100 elementor-top-column elementor-element elementor-element-5689fda\" data-id=\"5689fda\" data-element_type=\"column\">\n\t\t\t<div class=\"elementor-widget-wrap elementor-element-populated\">\n\t\t\t\t\t\t<div class=\"elementor-element elementor-element-1563f51 elementor-widget elementor-widget-heading\" data-id=\"1563f51\" data-element_type=\"widget\" data-widget_type=\"heading.default\">\n\t\t\t\t<div class=\"elementor-widget-container\">\n\t\t\t\t\t<h2 class=\"elementor-heading-title elementor-size-default\">Hist\u00f2ria de Palam\u00f3s<\/h2>\t\t\t\t<\/div>\n\t\t\t\t<\/div>\n\t\t\t\t\t<\/div>\n\t\t<\/div>\n\t\t\t\t\t<\/div>\n\t\t<\/section>\n\t\t\t\t<section class=\"elementor-section elementor-top-section elementor-element elementor-element-e869f66 elementor-section-boxed elementor-section-height-default elementor-section-height-default\" data-id=\"e869f66\" data-element_type=\"section\">\n\t\t\t\t\t\t<div class=\"elementor-container elementor-column-gap-default\">\n\t\t\t\t\t<div class=\"elementor-column elementor-col-50 elementor-top-column elementor-element elementor-element-dad227c\" data-id=\"dad227c\" data-element_type=\"column\">\n\t\t\t<div class=\"elementor-widget-wrap elementor-element-populated\">\n\t\t\t\t\t\t<div class=\"elementor-element elementor-element-fa7a96e elementor-widget elementor-widget-image\" data-id=\"fa7a96e\" data-element_type=\"widget\" data-widget_type=\"image.default\">\n\t\t\t\t<div class=\"elementor-widget-container\">\n\t\t\t\t\t\t\t\t\t\t\t\t\t\t\t<img loading=\"lazy\" decoding=\"async\" width=\"1024\" height=\"767\" src=\"https:\/\/www.willysplan.com\/wp-content\/uploads\/2020\/06\/ca\u00f1ones-de-palamos.jpg\" class=\"attachment-large size-large wp-image-12113\" alt=\"\" \/>\t\t\t\t\t\t\t\t\t\t\t\t\t\t\t<\/div>\n\t\t\t\t<\/div>\n\t\t\t\t\t<\/div>\n\t\t<\/div>\n\t\t\t\t<div class=\"elementor-column elementor-col-50 elementor-top-column elementor-element elementor-element-eb145bb\" data-id=\"eb145bb\" data-element_type=\"column\">\n\t\t\t<div class=\"elementor-widget-wrap elementor-element-populated\">\n\t\t\t\t\t\t<div class=\"elementor-element elementor-element-cbbbd86 elementor-widget elementor-widget-image\" data-id=\"cbbbd86\" data-element_type=\"widget\" data-widget_type=\"image.default\">\n\t\t\t\t<div class=\"elementor-widget-container\">\n\t\t\t\t\t\t\t\t\t\t\t\t\t\t\t<img loading=\"lazy\" decoding=\"async\" width=\"500\" height=\"375\" src=\"https:\/\/www.willysplan.com\/wp-content\/uploads\/2020\/06\/canon-de-palamos.jpg\" class=\"attachment-large size-large wp-image-12939\" alt=\"\" srcset=\"https:\/\/www.willysplan.com\/wp-content\/uploads\/2020\/06\/canon-de-palamos.jpg 500w, https:\/\/www.willysplan.com\/wp-content\/uploads\/2020\/06\/canon-de-palamos-300x225.jpg 300w\" sizes=\"(max-width: 500px) 100vw, 500px\" \/>\t\t\t\t\t\t\t\t\t\t\t\t\t\t\t<\/div>\n\t\t\t\t<\/div>\n\t\t\t\t\t<\/div>\n\t\t<\/div>\n\t\t\t\t\t<\/div>\n\t\t<\/section>\n\t\t\t\t<section class=\"elementor-section elementor-top-section elementor-element elementor-element-090337d elementor-section-boxed elementor-section-height-default elementor-section-height-default\" data-id=\"090337d\" data-element_type=\"section\">\n\t\t\t\t\t\t<div class=\"elementor-container elementor-column-gap-default\">\n\t\t\t\t\t<div class=\"elementor-column elementor-col-100 elementor-top-column elementor-element elementor-element-10259a1\" data-id=\"10259a1\" data-element_type=\"column\">\n\t\t\t<div class=\"elementor-widget-wrap elementor-element-populated\">\n\t\t\t\t\t\t<div class=\"elementor-element elementor-element-67842ef elementor-widget elementor-widget-text-editor\" data-id=\"67842ef\" data-element_type=\"widget\" data-widget_type=\"text-editor.default\">\n\t\t\t\t<div class=\"elementor-widget-container\">\n\t\t\t\t\t\t\t\t\t<p>Aquest poble es remunta a l&#8217;any 2500 aC, per la qual cosa es coneix com una de les col\u00f2nies m\u00e9s antigues de la regi\u00f3. Just en aquesta data \u00e9s quan s&#8217;evidencien els primers assentaments humans a la zona; on grecs, romans i turcs van ser protagonistes en construir la hist\u00f2ria de Palam\u00f3s.<\/p>\n<p>Cap a 1277 va ser nomenada \u201cla vila port reial\u201d pel Rei Pere III, qui tamb\u00e9 atorga la carta de poblaci\u00f3, convertint-ho en el port estrat\u00e8gic amb assentament fortificat de primer ordre.<\/p>\n<p>El seu port va refugiar els primers vaixells de cabotatge i els primers vapors de l&#8217;\u00e8poca, permetent un creixement comercial i mar\u00edtim tant a nivell local com a la comarca. Aix\u00f2 va ser degut a la seva reconstrucci\u00f3 a principis del segle XX.<\/p>\n<p>El poble sempre ha vist el treball i la influ\u00e8ncia dels pescadors, per la qual cosa juga un paper important en la comercialitzaci\u00f3 i distribuci\u00f3 de productes pesquers, convertint Palam\u00f3s en una de les destinacions amb m\u00e9s aflu\u00e8ncia de turisme al llarg de la hist\u00f2ria.<\/p>\n<p>Aix\u00ed doncs, per reviure la hist\u00f2ria us convidem a visitar alguns dels tants canons que podem trobar i visitar a l&#8217;aire lliure. El m\u00e9s fam\u00f3s per aix\u00f2, el que es troba dins del nucli antic, al carrer que porta el seu mateix nom &#8220;carrer del can\u00f3&#8221;, on molts visitants van a fer-se una foto amb ell. Tot seguit us deixem la ubicaci\u00f3 perqu\u00e8 pugueu anar a visitar-lo (ia prendre un gelat o caf\u00e8 per algun dels bars de la zona).<\/p>\n\t\t\t\t\t\t\t\t<\/div>\n\t\t\t\t<\/div>\n\t\t\t\t\t<\/div>\n\t\t<\/div>\n\t\t\t\t\t<\/div>\n\t\t<\/section>\n\t\t\t\t<section class=\"elementor-section elementor-top-section elementor-element elementor-element-c34e060 elementor-section-boxed elementor-section-height-default elementor-section-height-default\" data-id=\"c34e060\" data-element_type=\"section\">\n\t\t\t\t\t\t<div class=\"elementor-container elementor-column-gap-default\">\n\t\t\t\t\t<div class=\"elementor-column elementor-col-100 elementor-top-column elementor-element elementor-element-e81ecc9\" data-id=\"e81ecc9\" data-element_type=\"column\">\n\t\t\t<div class=\"elementor-widget-wrap elementor-element-populated\">\n\t\t\t\t\t\t<div class=\"elementor-element elementor-element-ba75c32 elementor-widget elementor-widget-heading\" data-id=\"ba75c32\" data-element_type=\"widget\" data-widget_type=\"heading.default\">\n\t\t\t\t<div class=\"elementor-widget-container\">\n\t\t\t\t\t<h2 class=\"elementor-heading-title elementor-size-default\">Platges de Palam\u00f3s<\/h2>\t\t\t\t<\/div>\n\t\t\t\t<\/div>\n\t\t\t\t\t<\/div>\n\t\t<\/div>\n\t\t\t\t\t<\/div>\n\t\t<\/section>\n\t\t\t\t<section class=\"elementor-section elementor-top-section elementor-element elementor-element-77aac5a elementor-section-boxed elementor-section-height-default elementor-section-height-default\" data-id=\"77aac5a\" data-element_type=\"section\">\n\t\t\t\t\t\t<div class=\"elementor-container elementor-column-gap-default\">\n\t\t\t\t\t<div class=\"elementor-column elementor-col-50 elementor-top-column elementor-element elementor-element-8024375\" data-id=\"8024375\" data-element_type=\"column\">\n\t\t\t<div class=\"elementor-widget-wrap elementor-element-populated\">\n\t\t\t\t\t\t<div class=\"elementor-element elementor-element-5ed7d56 elementor-widget elementor-widget-image\" data-id=\"5ed7d56\" data-element_type=\"widget\" data-widget_type=\"image.default\">\n\t\t\t\t<div class=\"elementor-widget-container\">\n\t\t\t\t\t\t\t\t\t\t\t\t\t\t\t<img loading=\"lazy\" decoding=\"async\" width=\"700\" height=\"394\" src=\"https:\/\/www.willysplan.com\/wp-content\/uploads\/2020\/06\/playas-de-palamos.jpg\" class=\"attachment-large size-large wp-image-12117\" alt=\"\" \/>\t\t\t\t\t\t\t\t\t\t\t\t\t\t\t<\/div>\n\t\t\t\t<\/div>\n\t\t\t\t\t<\/div>\n\t\t<\/div>\n\t\t\t\t<div class=\"elementor-column elementor-col-50 elementor-top-column elementor-element elementor-element-3020f5c\" data-id=\"3020f5c\" data-element_type=\"column\">\n\t\t\t<div class=\"elementor-widget-wrap elementor-element-populated\">\n\t\t\t\t\t\t<div class=\"elementor-element elementor-element-499609e elementor-widget elementor-widget-image\" data-id=\"499609e\" data-element_type=\"widget\" data-widget_type=\"image.default\">\n\t\t\t\t<div class=\"elementor-widget-container\">\n\t\t\t\t\t\t\t\t\t\t\t\t\t\t\t<img loading=\"lazy\" decoding=\"async\" width=\"640\" height=\"431\" src=\"https:\/\/www.willysplan.com\/wp-content\/uploads\/2020\/06\/que-hacer-en-palamos.jpg\" class=\"attachment-large size-large wp-image-12111\" alt=\"\" \/>\t\t\t\t\t\t\t\t\t\t\t\t\t\t\t<\/div>\n\t\t\t\t<\/div>\n\t\t\t\t\t<\/div>\n\t\t<\/div>\n\t\t\t\t\t<\/div>\n\t\t<\/section>\n\t\t\t\t<section class=\"elementor-section elementor-top-section elementor-element elementor-element-c270963 elementor-section-boxed elementor-section-height-default elementor-section-height-default\" data-id=\"c270963\" data-element_type=\"section\">\n\t\t\t\t\t\t<div class=\"elementor-container elementor-column-gap-default\">\n\t\t\t\t\t<div class=\"elementor-column elementor-col-100 elementor-top-column elementor-element elementor-element-765432f\" data-id=\"765432f\" data-element_type=\"column\">\n\t\t\t<div class=\"elementor-widget-wrap elementor-element-populated\">\n\t\t\t\t\t\t<div class=\"elementor-element elementor-element-afe3043 elementor-widget elementor-widget-text-editor\" data-id=\"afe3043\" data-element_type=\"widget\" data-widget_type=\"text-editor.default\">\n\t\t\t\t<div class=\"elementor-widget-container\">\n\t\t\t\t\t\t\t\t\t<p>L\u00b4oferta de platges de Palam\u00f3s \u00e9s magn\u00edfica, a m\u00e9s compta amb un per\u00edmetre litoral molt ampli de costes cristal\u00b7lines i sorres blanques. Aquestes solen ser molt concorregudes a l&#8217;estiu i atrauen els turistes per la seva bellesa i encant.<\/p>\n<p>Llogar embarcacions a les platges de Palam\u00f3s \u00e9s un dels atractius m\u00e9s grans, a m\u00e9s de practicar esports n\u00e0utics i divertir-se amb una infinitat d&#8217;atraccions l\u00fadiques que ofereix.<\/p>\n<p>Per\u00f2 sens dubte anar a Palam\u00f3s i no visitar la <strong>\u201cPlatja del Castell\u201d<\/strong> , \u00e9s perdre&#8217;s de tota la diversi\u00f3. Aquesta platja \u00e9s com reunir hist\u00f2ria i naturalesa en una. Es troba ubicada a pocs metres del poblat ib\u00e8ric del Castell,&nbsp; a m\u00e9s compta amb molts serveis per als banyistes i un aparcament a prop de la mateixa. \u00c9s ideal per passar un dia en fam\u00edlia i reunir-se amb amics. Aqu\u00ed pots fer una mica de busseig i un passeig a Kayak no estaria de m\u00e9s.<\/p>\n<p>D&#8217;altra banda hi ha la pla\u00e7a del <b>Morro<\/b> <strong>del Vedell<\/strong> . Aquesta est\u00e0 ubicada al sud del port mar\u00edtim de Palam\u00f3s. \u00c9s possible arribar amb cotxe, aix\u00ed que trobar\u00e0s aparcaments a prop de la zona o fins i tot al mateix port. Aquesta platja no compta amb gaires serveis per als banyistes, per la qual cosa et recomanem anar preparat amb menjar i refrescos per fer m\u00e9s amena la teva estada. Encara que si et cal alguna cosa, tens el port abans d&#8217;arribar.<\/p>\n<p>Gaudir de la gran riquesa submarina d\u00b4aquesta platja, \u00e9s un tot un plaer, a m\u00e9s d\u00b4un incre\u00efble paisatge que nom\u00e9s aquesta zona de la costa brava pot oferir-te.<\/p>\t\t\t\t\t\t\t\t<\/div>\n\t\t\t\t<\/div>\n\t\t\t\t\t<\/div>\n\t\t<\/div>\n\t\t\t\t\t<\/div>\n\t\t<\/section>\n\t\t\t\t<section class=\"elementor-section elementor-top-section elementor-element elementor-element-8d3303d elementor-section-boxed elementor-section-height-default elementor-section-height-default\" data-id=\"8d3303d\" data-element_type=\"section\">\n\t\t\t\t\t\t<div class=\"elementor-container elementor-column-gap-default\">\n\t\t\t\t\t<div class=\"elementor-column elementor-col-100 elementor-top-column elementor-element elementor-element-ee64ce2\" data-id=\"ee64ce2\" data-element_type=\"column\">\n\t\t\t<div class=\"elementor-widget-wrap elementor-element-populated\">\n\t\t\t\t\t\t<div class=\"elementor-element elementor-element-57e8b95 elementor-widget elementor-widget-heading\" data-id=\"57e8b95\" data-element_type=\"widget\" data-widget_type=\"heading.default\">\n\t\t\t\t<div class=\"elementor-widget-container\">\n\t\t\t\t\t<h2 class=\"elementor-heading-title elementor-size-default\">Altres rutes que tamb\u00e9 et poden interessar...<\/h2>\t\t\t\t<\/div>\n\t\t\t\t<\/div>\n\t\t\t\t\t<\/div>\n\t\t<\/div>\n\t\t\t\t\t<\/div>\n\t\t<\/section>\n\t\t\t\t<section class=\"elementor-section elementor-top-section elementor-element elementor-element-7fd6787 elementor-section-boxed elementor-section-height-default elementor-section-height-default\" data-id=\"7fd6787\" data-element_type=\"section\">\n\t\t\t\t\t\t<div class=\"elementor-container elementor-column-gap-default\">\n\t\t\t\t\t<div class=\"elementor-column elementor-col-100 elementor-top-column elementor-element elementor-element-05a2785\" data-id=\"05a2785\" data-element_type=\"column\">\n\t\t\t<div class=\"elementor-widget-wrap elementor-element-populated\">\n\t\t\t\t\t\t\t<\/div>\n\t\t<\/div>\n\t\t\t\t\t<\/div>\n\t\t<\/section>\n\t\t\t\t<\/div>\n\t\t","protected":false},"excerpt":{"rendered":"<p>Palam\u00f3s pertany a la comarca del Baix Empord\u00e0 i \u00e9s sens dubte una de les destinacions tur\u00edstiques si est\u00e0s buscant rutes i excursions a la prov\u00edncia de Girona . \u00c9s reconegut per tenir un dels ports comercials m\u00e9s importants de la Costa Brava , i fins i tot dels m\u00e9s bonics per anar a passejar&hellip;&nbsp;<a href=\"https:\/\/www.willysplan.com\/ca\/rutes\/ruta-per-palamos\" rel=\"bookmark\">Llegiu m\u00e9s &raquo;<span class=\"screen-reader-text\">Ruta per Palam\u00f3s<\/span><\/a><\/p>\n","protected":false},"author":2,"featured_media":12115,"comment_status":"closed","ping_status":"closed","sticky":false,"template":"","format":"standard","meta":{"neve_meta_sidebar":"","neve_meta_container":"","neve_meta_enable_content_width":"","neve_meta_content_width":0,"neve_meta_title_alignment":"","neve_meta_author_avatar":"","neve_post_elements_order":"","neve_meta_disable_header":"","neve_meta_disable_footer":"","neve_meta_disable_title":"","_joinchat":[],"footnotes":""},"categories":[323],"tags":[360,362,361,383],"class_list":["post-15963","post","type-post","status-publish","format-standard","has-post-thumbnail","hentry","category-rutes","tag-rutes-catalunya","tag-rutes-costa-brava","tag-rutes-girona-provincia","tag-rutes-palem"],"yoast_head":"<!-- This site is optimized with the Yoast SEO Premium plugin v20.1 (Yoast SEO v26.9) - https:\/\/yoast.com\/product\/yoast-seo-premium-wordpress\/ -->\n<title>Ruta d&#039;un dia per Palam\u00f3s - Willy&#039;s pla<\/title>\n<meta name=\"description\" content=\"Descobreix una de les millors rutes per fer a Palam\u00f3s, Baix Empord\u00e0, Girona. Gaudeix visitant la hist\u00f2ria i el poble de Palam\u00f3s. \u2705 Entra ara!\" \/>\n<meta name=\"robots\" content=\"index, follow, max-snippet:-1, max-image-preview:large, max-video-preview:-1\" \/>\n<link rel=\"canonical\" href=\"https:\/\/www.willysplan.com\/ca\/rutes\/ruta-per-palamos\" \/>\n<meta property=\"og:locale\" content=\"ca_ES\" \/>\n<meta property=\"og:type\" content=\"article\" \/>\n<meta property=\"og:title\" content=\"Ruta per Palam\u00f3s\" \/>\n<meta property=\"og:description\" content=\"Descobreix una de les millors rutes per fer a Palam\u00f3s, Baix Empord\u00e0, Girona. Gaudeix visitant la hist\u00f2ria i el poble de Palam\u00f3s. \u2705 Entra ara!\" \/>\n<meta property=\"og:url\" content=\"https:\/\/www.willysplan.com\/ca\/rutes\/ruta-per-palamos\" \/>\n<meta property=\"og:site_name\" content=\"Willy&#039;s Plan \ud83c\udf43\" \/>\n<meta property=\"article:published_time\" content=\"2020-06-28T21:29:25+00:00\" \/>\n<meta property=\"article:modified_time\" content=\"2023-07-25T03:21:59+00:00\" \/>\n<meta property=\"og:image\" content=\"https:\/\/www.willysplan.com\/wp-content\/uploads\/2020\/06\/ca\u00f1ones-de-palamos-1.jpg\" \/>\n\t<meta property=\"og:image:width\" content=\"1347\" \/>\n\t<meta property=\"og:image:height\" content=\"1009\" \/>\n\t<meta property=\"og:image:type\" content=\"image\/jpeg\" \/>\n<meta name=\"author\" content=\"Guillem Asensio\" \/>\n<meta name=\"twitter:card\" content=\"summary_large_image\" \/>\n<meta name=\"twitter:label1\" content=\"Escrit per\" \/>\n\t<meta name=\"twitter:data1\" content=\"Guillem Asensio\" \/>\n\t<meta name=\"twitter:label2\" content=\"Temps estimat de lectura\" \/>\n\t<meta name=\"twitter:data2\" content=\"6 minuts\" \/>\n<script type=\"application\/ld+json\" class=\"yoast-schema-graph\">{\"@context\":\"https:\/\/schema.org\",\"@graph\":[{\"@type\":\"Article\",\"@id\":\"https:\/\/www.willysplan.com\/ca\/rutes\/ruta-per-palamos#article\",\"isPartOf\":{\"@id\":\"https:\/\/www.willysplan.com\/ca\/rutes\/ruta-per-palamos\"},\"author\":{\"name\":\"Guillem Asensio\",\"@id\":\"https:\/\/www.willysplan.com\/#\/schema\/person\/6f2dbf2215cd25715df085907bd007c1\"},\"headline\":\"Ruta per Palam\u00f3s\",\"datePublished\":\"2020-06-28T21:29:25+00:00\",\"dateModified\":\"2023-07-25T03:21:59+00:00\",\"mainEntityOfPage\":{\"@id\":\"https:\/\/www.willysplan.com\/ca\/rutes\/ruta-per-palamos\"},\"wordCount\":1129,\"publisher\":{\"@id\":\"https:\/\/www.willysplan.com\/#organization\"},\"image\":{\"@id\":\"https:\/\/www.willysplan.com\/ca\/rutes\/ruta-per-palamos#primaryimage\"},\"thumbnailUrl\":\"https:\/\/www.willysplan.com\/wp-content\/uploads\/2020\/06\/ca\u00f1ones-de-palamos-1.jpg\",\"keywords\":[\"rutes catalunya\",\"rutes costa brava\",\"rutes girona prov\u00edncia\",\"rutes palem\"],\"articleSection\":[\"rutes\"],\"inLanguage\":\"ca\"},{\"@type\":\"WebPage\",\"@id\":\"https:\/\/www.willysplan.com\/ca\/rutes\/ruta-per-palamos\",\"url\":\"https:\/\/www.willysplan.com\/ca\/rutes\/ruta-per-palamos\",\"name\":\"Ruta d'un dia per Palam\u00f3s - Willy's pla\",\"isPartOf\":{\"@id\":\"https:\/\/www.willysplan.com\/#website\"},\"primaryImageOfPage\":{\"@id\":\"https:\/\/www.willysplan.com\/ca\/rutes\/ruta-per-palamos#primaryimage\"},\"image\":{\"@id\":\"https:\/\/www.willysplan.com\/ca\/rutes\/ruta-per-palamos#primaryimage\"},\"thumbnailUrl\":\"https:\/\/www.willysplan.com\/wp-content\/uploads\/2020\/06\/ca\u00f1ones-de-palamos-1.jpg\",\"datePublished\":\"2020-06-28T21:29:25+00:00\",\"dateModified\":\"2023-07-25T03:21:59+00:00\",\"description\":\"Descobreix una de les millors rutes per fer a Palam\u00f3s, Baix Empord\u00e0, Girona. Gaudeix visitant la hist\u00f2ria i el poble de Palam\u00f3s. \u2705 Entra ara!\",\"inLanguage\":\"ca\",\"potentialAction\":[{\"@type\":\"ReadAction\",\"target\":[\"https:\/\/www.willysplan.com\/ca\/rutes\/ruta-per-palamos\"]}]},{\"@type\":\"ImageObject\",\"inLanguage\":\"ca\",\"@id\":\"https:\/\/www.willysplan.com\/ca\/rutes\/ruta-per-palamos#primaryimage\",\"url\":\"https:\/\/www.willysplan.com\/wp-content\/uploads\/2020\/06\/ca\u00f1ones-de-palamos-1.jpg\",\"contentUrl\":\"https:\/\/www.willysplan.com\/wp-content\/uploads\/2020\/06\/ca\u00f1ones-de-palamos-1.jpg\",\"width\":1347,\"height\":1009},{\"@type\":\"WebSite\",\"@id\":\"https:\/\/www.willysplan.com\/#website\",\"url\":\"https:\/\/www.willysplan.com\/\",\"name\":\"Willy&#039;s Plan \ud83c\udf43\",\"description\":\"Escapadas y Planes de fin de semana\",\"publisher\":{\"@id\":\"https:\/\/www.willysplan.com\/#organization\"},\"potentialAction\":[{\"@type\":\"SearchAction\",\"target\":{\"@type\":\"EntryPoint\",\"urlTemplate\":\"https:\/\/www.willysplan.com\/?s={search_term_string}\"},\"query-input\":{\"@type\":\"PropertyValueSpecification\",\"valueRequired\":true,\"valueName\":\"search_term_string\"}}],\"inLanguage\":\"ca\"},{\"@type\":\"Organization\",\"@id\":\"https:\/\/www.willysplan.com\/#organization\",\"name\":\"Willy&#039;s Plan \ud83c\udf43\",\"url\":\"https:\/\/www.willysplan.com\/\",\"logo\":{\"@type\":\"ImageObject\",\"inLanguage\":\"ca\",\"@id\":\"https:\/\/www.willysplan.com\/#\/schema\/logo\/image\/\",\"url\":\"https:\/\/www.willysplan.com\/wp-content\/uploads\/2020\/04\/cropped-logo-1.png\",\"contentUrl\":\"https:\/\/www.willysplan.com\/wp-content\/uploads\/2020\/04\/cropped-logo-1.png\",\"width\":332,\"height\":332,\"caption\":\"Willy&#039;s Plan \ud83c\udf43\"},\"image\":{\"@id\":\"https:\/\/www.willysplan.com\/#\/schema\/logo\/image\/\"}},{\"@type\":\"Person\",\"@id\":\"https:\/\/www.willysplan.com\/#\/schema\/person\/6f2dbf2215cd25715df085907bd007c1\",\"name\":\"Guillem Asensio\",\"image\":{\"@type\":\"ImageObject\",\"inLanguage\":\"ca\",\"@id\":\"https:\/\/www.willysplan.com\/#\/schema\/person\/image\/\",\"url\":\"https:\/\/secure.gravatar.com\/avatar\/fd3f69da3e6cd8d451f6be79c127da046757b9a4c273deefb40b1291809cc787?s=96&d=mm&r=g\",\"contentUrl\":\"https:\/\/secure.gravatar.com\/avatar\/fd3f69da3e6cd8d451f6be79c127da046757b9a4c273deefb40b1291809cc787?s=96&d=mm&r=g\",\"caption\":\"Guillem Asensio\"},\"sameAs\":[\"https:\/\/willysplan.com\"],\"url\":\"https:\/\/www.willysplan.com\/ca\/author\/willy\"}]}<\/script>\n<!-- \/ Yoast SEO Premium plugin. -->","yoast_head_json":{"title":"Ruta d'un dia per Palam\u00f3s - Willy's pla","description":"Descobreix una de les millors rutes per fer a Palam\u00f3s, Baix Empord\u00e0, Girona. Gaudeix visitant la hist\u00f2ria i el poble de Palam\u00f3s. \u2705 Entra ara!","robots":{"index":"index","follow":"follow","max-snippet":"max-snippet:-1","max-image-preview":"max-image-preview:large","max-video-preview":"max-video-preview:-1"},"canonical":"https:\/\/www.willysplan.com\/ca\/rutes\/ruta-per-palamos","og_locale":"ca_ES","og_type":"article","og_title":"Ruta per Palam\u00f3s","og_description":"Descobreix una de les millors rutes per fer a Palam\u00f3s, Baix Empord\u00e0, Girona. Gaudeix visitant la hist\u00f2ria i el poble de Palam\u00f3s. \u2705 Entra ara!","og_url":"https:\/\/www.willysplan.com\/ca\/rutes\/ruta-per-palamos","og_site_name":"Willy&#039;s Plan \ud83c\udf43","article_published_time":"2020-06-28T21:29:25+00:00","article_modified_time":"2023-07-25T03:21:59+00:00","og_image":[{"width":1347,"height":1009,"url":"https:\/\/www.willysplan.com\/wp-content\/uploads\/2020\/06\/ca\u00f1ones-de-palamos-1.jpg","type":"image\/jpeg"}],"author":"Guillem Asensio","twitter_card":"summary_large_image","twitter_misc":{"Escrit per":"Guillem Asensio","Temps estimat de lectura":"6 minuts"},"schema":{"@context":"https:\/\/schema.org","@graph":[{"@type":"Article","@id":"https:\/\/www.willysplan.com\/ca\/rutes\/ruta-per-palamos#article","isPartOf":{"@id":"https:\/\/www.willysplan.com\/ca\/rutes\/ruta-per-palamos"},"author":{"name":"Guillem Asensio","@id":"https:\/\/www.willysplan.com\/#\/schema\/person\/6f2dbf2215cd25715df085907bd007c1"},"headline":"Ruta per Palam\u00f3s","datePublished":"2020-06-28T21:29:25+00:00","dateModified":"2023-07-25T03:21:59+00:00","mainEntityOfPage":{"@id":"https:\/\/www.willysplan.com\/ca\/rutes\/ruta-per-palamos"},"wordCount":1129,"publisher":{"@id":"https:\/\/www.willysplan.com\/#organization"},"image":{"@id":"https:\/\/www.willysplan.com\/ca\/rutes\/ruta-per-palamos#primaryimage"},"thumbnailUrl":"https:\/\/www.willysplan.com\/wp-content\/uploads\/2020\/06\/ca\u00f1ones-de-palamos-1.jpg","keywords":["rutes catalunya","rutes costa brava","rutes girona prov\u00edncia","rutes palem"],"articleSection":["rutes"],"inLanguage":"ca"},{"@type":"WebPage","@id":"https:\/\/www.willysplan.com\/ca\/rutes\/ruta-per-palamos","url":"https:\/\/www.willysplan.com\/ca\/rutes\/ruta-per-palamos","name":"Ruta d'un dia per Palam\u00f3s - Willy's pla","isPartOf":{"@id":"https:\/\/www.willysplan.com\/#website"},"primaryImageOfPage":{"@id":"https:\/\/www.willysplan.com\/ca\/rutes\/ruta-per-palamos#primaryimage"},"image":{"@id":"https:\/\/www.willysplan.com\/ca\/rutes\/ruta-per-palamos#primaryimage"},"thumbnailUrl":"https:\/\/www.willysplan.com\/wp-content\/uploads\/2020\/06\/ca\u00f1ones-de-palamos-1.jpg","datePublished":"2020-06-28T21:29:25+00:00","dateModified":"2023-07-25T03:21:59+00:00","description":"Descobreix una de les millors rutes per fer a Palam\u00f3s, Baix Empord\u00e0, Girona. Gaudeix visitant la hist\u00f2ria i el poble de Palam\u00f3s. \u2705 Entra ara!","inLanguage":"ca","potentialAction":[{"@type":"ReadAction","target":["https:\/\/www.willysplan.com\/ca\/rutes\/ruta-per-palamos"]}]},{"@type":"ImageObject","inLanguage":"ca","@id":"https:\/\/www.willysplan.com\/ca\/rutes\/ruta-per-palamos#primaryimage","url":"https:\/\/www.willysplan.com\/wp-content\/uploads\/2020\/06\/ca\u00f1ones-de-palamos-1.jpg","contentUrl":"https:\/\/www.willysplan.com\/wp-content\/uploads\/2020\/06\/ca\u00f1ones-de-palamos-1.jpg","width":1347,"height":1009},{"@type":"WebSite","@id":"https:\/\/www.willysplan.com\/#website","url":"https:\/\/www.willysplan.com\/","name":"Willy&#039;s Plan \ud83c\udf43","description":"Escapadas y Planes de fin de semana","publisher":{"@id":"https:\/\/www.willysplan.com\/#organization"},"potentialAction":[{"@type":"SearchAction","target":{"@type":"EntryPoint","urlTemplate":"https:\/\/www.willysplan.com\/?s={search_term_string}"},"query-input":{"@type":"PropertyValueSpecification","valueRequired":true,"valueName":"search_term_string"}}],"inLanguage":"ca"},{"@type":"Organization","@id":"https:\/\/www.willysplan.com\/#organization","name":"Willy&#039;s Plan \ud83c\udf43","url":"https:\/\/www.willysplan.com\/","logo":{"@type":"ImageObject","inLanguage":"ca","@id":"https:\/\/www.willysplan.com\/#\/schema\/logo\/image\/","url":"https:\/\/www.willysplan.com\/wp-content\/uploads\/2020\/04\/cropped-logo-1.png","contentUrl":"https:\/\/www.willysplan.com\/wp-content\/uploads\/2020\/04\/cropped-logo-1.png","width":332,"height":332,"caption":"Willy&#039;s Plan \ud83c\udf43"},"image":{"@id":"https:\/\/www.willysplan.com\/#\/schema\/logo\/image\/"}},{"@type":"Person","@id":"https:\/\/www.willysplan.com\/#\/schema\/person\/6f2dbf2215cd25715df085907bd007c1","name":"Guillem Asensio","image":{"@type":"ImageObject","inLanguage":"ca","@id":"https:\/\/www.willysplan.com\/#\/schema\/person\/image\/","url":"https:\/\/secure.gravatar.com\/avatar\/fd3f69da3e6cd8d451f6be79c127da046757b9a4c273deefb40b1291809cc787?s=96&d=mm&r=g","contentUrl":"https:\/\/secure.gravatar.com\/avatar\/fd3f69da3e6cd8d451f6be79c127da046757b9a4c273deefb40b1291809cc787?s=96&d=mm&r=g","caption":"Guillem Asensio"},"sameAs":["https:\/\/willysplan.com"],"url":"https:\/\/www.willysplan.com\/ca\/author\/willy"}]}},"_links":{"self":[{"href":"https:\/\/www.willysplan.com\/ca\/wp-json\/wp\/v2\/posts\/15963","targetHints":{"allow":["GET"]}}],"collection":[{"href":"https:\/\/www.willysplan.com\/ca\/wp-json\/wp\/v2\/posts"}],"about":[{"href":"https:\/\/www.willysplan.com\/ca\/wp-json\/wp\/v2\/types\/post"}],"author":[{"embeddable":true,"href":"https:\/\/www.willysplan.com\/ca\/wp-json\/wp\/v2\/users\/2"}],"replies":[{"embeddable":true,"href":"https:\/\/www.willysplan.com\/ca\/wp-json\/wp\/v2\/comments?post=15963"}],"version-history":[{"count":9,"href":"https:\/\/www.willysplan.com\/ca\/wp-json\/wp\/v2\/posts\/15963\/revisions"}],"predecessor-version":[{"id":21542,"href":"https:\/\/www.willysplan.com\/ca\/wp-json\/wp\/v2\/posts\/15963\/revisions\/21542"}],"wp:featuredmedia":[{"embeddable":true,"href":"https:\/\/www.willysplan.com\/ca\/wp-json\/wp\/v2\/media\/12115"}],"wp:attachment":[{"href":"https:\/\/www.willysplan.com\/ca\/wp-json\/wp\/v2\/media?parent=15963"}],"wp:term":[{"taxonomy":"category","embeddable":true,"href":"https:\/\/www.willysplan.com\/ca\/wp-json\/wp\/v2\/categories?post=15963"},{"taxonomy":"post_tag","embeddable":true,"href":"https:\/\/www.willysplan.com\/ca\/wp-json\/wp\/v2\/tags?post=15963"}],"curies":[{"name":"wp","href":"https:\/\/api.w.org\/{rel}","templated":true}]}}