{"id":15952,"date":"2020-07-11T18:43:03","date_gmt":"2020-07-11T17:43:03","guid":{"rendered":"https:\/\/willysplan.com\/uncategorized-ca\/ruta-de-cadaques-far-calanans-i-cala-sabolla"},"modified":"2023-07-25T04:52:39","modified_gmt":"2023-07-25T03:52:39","slug":"ruta-de-cadaques-far-calanans-i-cala-sabolla","status":"publish","type":"post","link":"https:\/\/www.willysplan.com\/ca\/rutes\/ruta-de-cadaques-far-calanans-i-cala-sabolla","title":{"rendered":"Ruta de Cadaqu\u00e9s, Far Calanans, i Cala Sabolla"},"content":{"rendered":"\t\t<div data-elementor-type=\"wp-post\" data-elementor-id=\"15952\" class=\"elementor elementor-15952 elementor-1706\" data-elementor-post-type=\"post\">\n\t\t\t\t\t\t<section class=\"elementor-section elementor-top-section elementor-element elementor-element-f4c69cc elementor-section-boxed elementor-section-height-default elementor-section-height-default\" data-id=\"f4c69cc\" data-element_type=\"section\">\n\t\t\t\t\t\t<div class=\"elementor-container elementor-column-gap-default\">\n\t\t\t\t\t<div class=\"elementor-column elementor-col-50 elementor-top-column elementor-element elementor-element-164a862\" data-id=\"164a862\" data-element_type=\"column\">\n\t\t\t<div class=\"elementor-widget-wrap elementor-element-populated\">\n\t\t\t\t\t\t<div class=\"elementor-element elementor-element-29bc239 elementor-widget elementor-widget-text-editor\" data-id=\"29bc239\" data-element_type=\"widget\" data-widget_type=\"text-editor.default\">\n\t\t\t\t<div class=\"elementor-widget-container\">\n\t\t\t\t\t\t\t\t\t<p>Si busquem <a href=\"https:\/\/www.willysplan.com\/ca\/rutes\/rutes-de-senderisme-i-excursions-per-lalt-emporda\">rutes i excursions per l&#8217;Alt Empord\u00e0<\/a> , ens trobarem amb l&#8217;encantador poble de <strong>Cadaqu\u00e9s<\/strong> . Sens dubte un dels llocs m\u00e9s atractius si busquem <a href=\"https:\/\/www.willysplan.com\/rutas\/girona-provincia\">rutes per la prov\u00edncia de Girona<\/a> . Aix\u00ed que a Willy&#8217;s Plan, us proposem una ruta original per fer si us trobeu per aquesta zona: aquesta excursi\u00f3 que us proposem consta de comen\u00e7ar descobrint el poble de <strong>Cadaqu\u00e9s<\/strong> <span style=\"background-color: #ffffff; color: var( --e-global-color-text ); font-family: var( --e-global-typography-text-font-family ); font-weight: var( --e-global-typography-text-font-weight );\">passant per un dels fars m\u00e9s famosos i amb millors vistes de la zona:<\/span> <span style=\"background-color: #ffffff; color: var( --e-global-color-text ); font-family: var( --e-global-typography-text-font-family );\"><b>Far de Cala nans.<\/b> Finalment, acabarem arribant<\/span> <span style=\"color: var( --e-global-color-text ); font-family: var( --e-global-typography-text-font-family );\">a la<\/span> <strong style=\"color: var( --e-global-color-text ); font-family: var( --e-global-typography-text-font-family );\">Cala Sabolla<\/strong><span style=\"color: var( --e-global-color-text ); font-family: var( --e-global-typography-text-font-family );\">. Sens dubte, una de les <a href=\"https:\/\/www.willysplan.com\/ca\/rutes\/rutes-de-senderisme-i-excursions-per-cadaques\">millors rutes a fer a Cadaqu\u00e9s<\/a> que no et pots perdre.<\/span><\/p><p>Encara que est\u00e0 una mica allunyat de la resta de pobles de la zona, (sent les <a href=\"https:\/\/www.willysplan.com\/ca\/rutes\/rutes-de-senderisme-i-excursions-pel-port-de-la-selva\">rutes i coses a fer al Port de la Selva<\/a>, algunes de les excursions m\u00e9s properes que us proposem a aquesta poblaci\u00f3), aix\u00f2 no impedeix perdre&#8217;s de tota l&#8217;oferta d&#8217;oci i diversi\u00f3 que aquest poble incre\u00efble ofereix.<\/p>\t\t\t\t\t\t\t\t<\/div>\n\t\t\t\t<\/div>\n\t\t\t\t\t<\/div>\n\t\t<\/div>\n\t\t\t\t<div class=\"elementor-column elementor-col-50 elementor-top-column elementor-element elementor-element-f0384f5\" data-id=\"f0384f5\" data-element_type=\"column\">\n\t\t\t<div class=\"elementor-widget-wrap elementor-element-populated\">\n\t\t\t\t\t\t<div class=\"elementor-element elementor-element-f2b226b elementor-widget elementor-widget-html\" data-id=\"f2b226b\" data-element_type=\"widget\" data-widget_type=\"html.default\">\n\t\t\t\t<div class=\"elementor-widget-container\">\n\t\t\t\t\t<iframe src=\"https:\/\/www.google.com\/maps\/embed?pb=!1m34!1m12!1m3!1d11808.580830882609!2d3.272859006203875!3d42.27542360153096!2m3!1f0!2f0!3f0!3m2!1i1024!2i768!4f13.1!4m19!3e2!4m5!1s0x12ba6f3e36acd499%3A0x6c31794ebb29ec70!2sCadaqu%C3%A9s%2C%20Girona!3m2!1d42.2887571!2d3.2779723!4m5!1s0x12ba6f3256c468b5%3A0x7387e8e9a1671735!2sFaro%20de%20Cala%20Nans%2C%20Diseminado%20Afores%2C%20Cadaqu%C3%A9s!3m2!1d42.270872499999996!2d3.2864494!4m5!1s0x12ba6f3490198133%3A0x3c0cb5e4c06de65d!2sSa%20sabolla!3m2!1d42.270082099999996!2d3.2828242999999997!5e0!3m2!1ses!2ses!4v1602496542194!5m2!1ses!2ses\" width=\"400\" height=\"300\" frameborder=\"0\" style=\"border:0;\" allowfullscreen=\"\" aria-hidden=\"false\" tabindex=\"0\"><\/iframe>\t\t\t\t<\/div>\n\t\t\t\t<\/div>\n\t\t\t\t\t<\/div>\n\t\t<\/div>\n\t\t\t\t\t<\/div>\n\t\t<\/section>\n\t\t\t\t<section class=\"elementor-section elementor-top-section elementor-element elementor-element-aa0c83c elementor-section-boxed elementor-section-height-default elementor-section-height-default\" data-id=\"aa0c83c\" data-element_type=\"section\">\n\t\t\t\t\t\t<div class=\"elementor-container elementor-column-gap-default\">\n\t\t\t\t\t<div class=\"elementor-column elementor-col-100 elementor-top-column elementor-element elementor-element-b87ac40\" data-id=\"b87ac40\" data-element_type=\"column\">\n\t\t\t<div class=\"elementor-widget-wrap elementor-element-populated\">\n\t\t\t\t\t\t<div class=\"elementor-element elementor-element-43b7c6a elementor-widget elementor-widget-text-editor\" data-id=\"43b7c6a\" data-element_type=\"widget\" data-widget_type=\"text-editor.default\">\n\t\t\t\t<div class=\"elementor-widget-container\">\n\t\t\t\t\t\t\t\t\t<p style=\"background-color: #ffffff;\"><span style=\"font-weight: bold;\">Cadaqu\u00e9s<\/span> sol estar molt ple a l&#8217;estiu, per\u00f2 just quan aquesta estaci\u00f3 es converteix en \u201cel poble m\u00e9s bonic del m\u00f3n\u201d (com deia Salvador Dal\u00ed), i qui el visiti podr\u00e0 apreciar tota la seva m\u00e0gia i encant. Aix\u00f2 \u00e9s perqu\u00e8, sense sobrepassar altes temperatures, pot conservar un clima molt agradable i ideal per rec\u00f3rrer-lo de principi a fi.<\/p>\n<p style=\"background-color: #ffffff;\">\u00c9s per aix\u00f2 que hem dissenyat aquesta ruta que recorre el poble de <span style=\"font-weight: bold;\">Cadaqu\u00e9s, <\/span><span style=\"font-weight: bold;\">Far de Calanans, i Cala Sabolla. <\/span>Un recorregut que us portar\u00e0 a con\u00e8ixer un dels millors llocs que sens dubte cal veure a l&#8217;Alt Empord\u00e0, juntament amb la ruta a Llan\u00e7\u00e0 on et proposem llocs m\u00e0gics com la <a href=\"https:\/\/www.willysplan.com\/rutas\/monestir-sant-pere-rodes-playa-garbet\">platja de garbet<\/a>, o el monestir de Sant Pere de Rodes.<\/p>\n\t\t\t\t\t\t\t\t<\/div>\n\t\t\t\t<\/div>\n\t\t\t\t<div class=\"elementor-element elementor-element-1f66f8a elementor-widget elementor-widget-heading\" data-id=\"1f66f8a\" data-element_type=\"widget\" data-widget_type=\"heading.default\">\n\t\t\t\t<div class=\"elementor-widget-container\">\n\t\t\t\t\t<h2 class=\"elementor-heading-title elementor-size-default\">Poble de Cadaqu\u00e9s<\/h2>\t\t\t\t<\/div>\n\t\t\t\t<\/div>\n\t\t\t\t\t<\/div>\n\t\t<\/div>\n\t\t\t\t\t<\/div>\n\t\t<\/section>\n\t\t\t\t<section class=\"elementor-section elementor-top-section elementor-element elementor-element-c78f0d5 elementor-section-boxed elementor-section-height-default elementor-section-height-default\" data-id=\"c78f0d5\" data-element_type=\"section\">\n\t\t\t\t\t\t<div class=\"elementor-container elementor-column-gap-default\">\n\t\t\t\t\t<div class=\"elementor-column elementor-col-50 elementor-top-column elementor-element elementor-element-e8099c1\" data-id=\"e8099c1\" data-element_type=\"column\">\n\t\t\t<div class=\"elementor-widget-wrap elementor-element-populated\">\n\t\t\t\t\t\t<div class=\"elementor-element elementor-element-cdc9af8 elementor-widget elementor-widget-image\" data-id=\"cdc9af8\" data-element_type=\"widget\" data-widget_type=\"image.default\">\n\t\t\t\t<div class=\"elementor-widget-container\">\n\t\t\t\t\t\t\t\t\t\t\t\t\t\t\t<img fetchpriority=\"high\" decoding=\"async\" width=\"1024\" height=\"768\" src=\"https:\/\/www.willysplan.com\/wp-content\/uploads\/2020\/07\/que-hacer-en-cadaques1-1024x768.jpg\" class=\"attachment-large size-large wp-image-13465\" alt=\"\" srcset=\"https:\/\/www.willysplan.com\/wp-content\/uploads\/2020\/07\/que-hacer-en-cadaques1-1024x768.jpg 1024w, https:\/\/www.willysplan.com\/wp-content\/uploads\/2020\/07\/que-hacer-en-cadaques1-300x225.jpg 300w, https:\/\/www.willysplan.com\/wp-content\/uploads\/2020\/07\/que-hacer-en-cadaques1-768x576.jpg 768w, https:\/\/www.willysplan.com\/wp-content\/uploads\/2020\/07\/que-hacer-en-cadaques1-760x570.jpg 760w, https:\/\/www.willysplan.com\/wp-content\/uploads\/2020\/07\/que-hacer-en-cadaques1-960x720.jpg 960w, https:\/\/www.willysplan.com\/wp-content\/uploads\/2020\/07\/que-hacer-en-cadaques1-533x400.jpg 533w, https:\/\/www.willysplan.com\/wp-content\/uploads\/2020\/07\/que-hacer-en-cadaques1-585x439.jpg 585w, https:\/\/www.willysplan.com\/wp-content\/uploads\/2020\/07\/que-hacer-en-cadaques1-600x450.jpg 600w, https:\/\/www.willysplan.com\/wp-content\/uploads\/2020\/07\/que-hacer-en-cadaques1.jpg 1280w\" sizes=\"(max-width: 1024px) 100vw, 1024px\" \/>\t\t\t\t\t\t\t\t\t\t\t\t\t\t\t<\/div>\n\t\t\t\t<\/div>\n\t\t\t\t\t<\/div>\n\t\t<\/div>\n\t\t\t\t<div class=\"elementor-column elementor-col-50 elementor-top-column elementor-element elementor-element-22868ca\" data-id=\"22868ca\" data-element_type=\"column\">\n\t\t\t<div class=\"elementor-widget-wrap elementor-element-populated\">\n\t\t\t\t\t\t<div class=\"elementor-element elementor-element-14fb83e elementor-widget elementor-widget-image\" data-id=\"14fb83e\" data-element_type=\"widget\" data-widget_type=\"image.default\">\n\t\t\t\t<div class=\"elementor-widget-container\">\n\t\t\t\t\t\t\t\t\t\t\t\t\t\t\t<img decoding=\"async\" width=\"805\" height=\"543\" src=\"https:\/\/www.willysplan.com\/wp-content\/uploads\/2020\/07\/cadaques-pueblo.jpg\" class=\"attachment-large size-large wp-image-13075\" alt=\"\" srcset=\"https:\/\/www.willysplan.com\/wp-content\/uploads\/2020\/07\/cadaques-pueblo.jpg 805w, https:\/\/www.willysplan.com\/wp-content\/uploads\/2020\/07\/cadaques-pueblo-300x202.jpg 300w, https:\/\/www.willysplan.com\/wp-content\/uploads\/2020\/07\/cadaques-pueblo-768x518.jpg 768w, https:\/\/www.willysplan.com\/wp-content\/uploads\/2020\/07\/cadaques-pueblo-593x400.jpg 593w, https:\/\/www.willysplan.com\/wp-content\/uploads\/2020\/07\/cadaques-pueblo-585x395.jpg 585w, https:\/\/www.willysplan.com\/wp-content\/uploads\/2020\/07\/cadaques-pueblo-600x405.jpg 600w\" sizes=\"(max-width: 805px) 100vw, 805px\" \/>\t\t\t\t\t\t\t\t\t\t\t\t\t\t\t<\/div>\n\t\t\t\t<\/div>\n\t\t\t\t\t<\/div>\n\t\t<\/div>\n\t\t\t\t\t<\/div>\n\t\t<\/section>\n\t\t\t\t<section class=\"elementor-section elementor-top-section elementor-element elementor-element-39b3c74 elementor-section-boxed elementor-section-height-default elementor-section-height-default\" data-id=\"39b3c74\" data-element_type=\"section\">\n\t\t\t\t\t\t<div class=\"elementor-container elementor-column-gap-default\">\n\t\t\t\t\t<div class=\"elementor-column elementor-col-100 elementor-top-column elementor-element elementor-element-9f1c46c\" data-id=\"9f1c46c\" data-element_type=\"column\">\n\t\t\t<div class=\"elementor-widget-wrap elementor-element-populated\">\n\t\t\t\t\t\t<div class=\"elementor-element elementor-element-9d79bd6 elementor-widget elementor-widget-text-editor\" data-id=\"9d79bd6\" data-element_type=\"widget\" data-widget_type=\"text-editor.default\">\n\t\t\t\t<div class=\"elementor-widget-container\">\n\t\t\t\t\t\t\t\t\t<p>La hist\u00f2ria de <strong>Cadaqu\u00e9s<\/strong> es remunta fa milers d&#8217;anys enrere (el primer document trobat data abans de l&#8217;any 814 dc), quan els ibers eren els amos i senyors d&#8217;aquestes terres. Per con\u00e8ixer la seva hist\u00f2ria, \u00e9s indispensable visitar el nucli antic i deixar-se perdre pels carrers laber\u00edntics. La vila d\u00b4origen medieval est\u00e0 envoltada per una gran muralla, ocupant l\u00b4espai del que avui dia \u00e9s el centre hist\u00f2ric del poble.<\/p>\n<p>La gastronomia tamb\u00e9 juga un paper molt important en aquesta visita, per la qual cosa no te&#8217;n pots anar sense tastar el seu fam\u00f3s <em>suquet de peix;<\/em> que per descomptat ho trobar\u00e0s a la seva \u00e0mplia oferta de restaurants. Igual que gaudir de les rutes guiades pel poble que expliquen la seva veritable hist\u00f2ria i ajuden a connectar amb la seva preciosa arquitectura. Un pla que est\u00e0s obligat a fer!<\/p>\t\t\t\t\t\t\t\t<\/div>\n\t\t\t\t<\/div>\n\t\t\t\t\t<\/div>\n\t\t<\/div>\n\t\t\t\t\t<\/div>\n\t\t<\/section>\n\t\t\t\t<section class=\"elementor-section elementor-top-section elementor-element elementor-element-cf26dc9 elementor-section-boxed elementor-section-height-default elementor-section-height-default\" data-id=\"cf26dc9\" data-element_type=\"section\">\n\t\t\t\t\t\t<div class=\"elementor-container elementor-column-gap-default\">\n\t\t\t\t\t<div class=\"elementor-column elementor-col-100 elementor-top-column elementor-element elementor-element-5689fda\" data-id=\"5689fda\" data-element_type=\"column\">\n\t\t\t<div class=\"elementor-widget-wrap elementor-element-populated\">\n\t\t\t\t\t\t<div class=\"elementor-element elementor-element-ec10ffc elementor-widget elementor-widget-heading\" data-id=\"ec10ffc\" data-element_type=\"widget\" data-widget_type=\"heading.default\">\n\t\t\t\t<div class=\"elementor-widget-container\">\n\t\t\t\t\t<h2 class=\"elementor-heading-title elementor-size-default\">Far de Calanans<\/h2>\t\t\t\t<\/div>\n\t\t\t\t<\/div>\n\t\t\t\t\t<\/div>\n\t\t<\/div>\n\t\t\t\t\t<\/div>\n\t\t<\/section>\n\t\t\t\t<section class=\"elementor-section elementor-top-section elementor-element elementor-element-e869f66 elementor-section-boxed elementor-section-height-default elementor-section-height-default\" data-id=\"e869f66\" data-element_type=\"section\">\n\t\t\t\t\t\t<div class=\"elementor-container elementor-column-gap-default\">\n\t\t\t\t\t<div class=\"elementor-column elementor-col-50 elementor-top-column elementor-element elementor-element-dad227c\" data-id=\"dad227c\" data-element_type=\"column\">\n\t\t\t<div class=\"elementor-widget-wrap elementor-element-populated\">\n\t\t\t\t\t\t<div class=\"elementor-element elementor-element-65d728a elementor-widget elementor-widget-image\" data-id=\"65d728a\" data-element_type=\"widget\" data-widget_type=\"image.default\">\n\t\t\t\t<div class=\"elementor-widget-container\">\n\t\t\t\t\t\t\t\t\t\t\t\t\t\t\t<img decoding=\"async\" width=\"1024\" height=\"736\" src=\"https:\/\/www.willysplan.com\/wp-content\/uploads\/2020\/07\/far-de-calanans1-1024x736.jpg\" class=\"attachment-large size-large wp-image-13479\" alt=\"\" srcset=\"https:\/\/www.willysplan.com\/wp-content\/uploads\/2020\/07\/far-de-calanans1-1024x736.jpg 1024w, https:\/\/www.willysplan.com\/wp-content\/uploads\/2020\/07\/far-de-calanans1-300x216.jpg 300w, https:\/\/www.willysplan.com\/wp-content\/uploads\/2020\/07\/far-de-calanans1-768x552.jpg 768w, https:\/\/www.willysplan.com\/wp-content\/uploads\/2020\/07\/far-de-calanans1-960x690.jpg 960w, https:\/\/www.willysplan.com\/wp-content\/uploads\/2020\/07\/far-de-calanans1-556x400.jpg 556w, https:\/\/www.willysplan.com\/wp-content\/uploads\/2020\/07\/far-de-calanans1-585x421.jpg 585w, https:\/\/www.willysplan.com\/wp-content\/uploads\/2020\/07\/far-de-calanans1-600x432.jpg 600w, https:\/\/www.willysplan.com\/wp-content\/uploads\/2020\/07\/far-de-calanans1.jpg 1200w\" sizes=\"(max-width: 1024px) 100vw, 1024px\" \/>\t\t\t\t\t\t\t\t\t\t\t\t\t\t\t<\/div>\n\t\t\t\t<\/div>\n\t\t\t\t\t<\/div>\n\t\t<\/div>\n\t\t\t\t<div class=\"elementor-column elementor-col-50 elementor-top-column elementor-element elementor-element-e01bdf5\" data-id=\"e01bdf5\" data-element_type=\"column\">\n\t\t\t<div class=\"elementor-widget-wrap elementor-element-populated\">\n\t\t\t\t\t\t<div class=\"elementor-element elementor-element-a32db6c elementor-widget elementor-widget-image\" data-id=\"a32db6c\" data-element_type=\"widget\" data-widget_type=\"image.default\">\n\t\t\t\t<div class=\"elementor-widget-container\">\n\t\t\t\t\t\t\t\t\t\t\t\t\t\t\t<img loading=\"lazy\" decoding=\"async\" width=\"1024\" height=\"548\" src=\"https:\/\/www.willysplan.com\/wp-content\/uploads\/2020\/07\/far-cala-nans-1-1024x548.jpg\" class=\"attachment-large size-large wp-image-13077\" alt=\"\" srcset=\"https:\/\/www.willysplan.com\/wp-content\/uploads\/2020\/07\/far-cala-nans-1-1024x548.jpg 1024w, https:\/\/www.willysplan.com\/wp-content\/uploads\/2020\/07\/far-cala-nans-1-300x160.jpg 300w, https:\/\/www.willysplan.com\/wp-content\/uploads\/2020\/07\/far-cala-nans-1-768x411.jpg 768w, https:\/\/www.willysplan.com\/wp-content\/uploads\/2020\/07\/far-cala-nans-1-960x513.jpg 960w, https:\/\/www.willysplan.com\/wp-content\/uploads\/2020\/07\/far-cala-nans-1-748x400.jpg 748w, https:\/\/www.willysplan.com\/wp-content\/uploads\/2020\/07\/far-cala-nans-1-585x313.jpg 585w, https:\/\/www.willysplan.com\/wp-content\/uploads\/2020\/07\/far-cala-nans-1-600x321.jpg 600w, https:\/\/www.willysplan.com\/wp-content\/uploads\/2020\/07\/far-cala-nans-1.jpg 1036w\" sizes=\"(max-width: 1024px) 100vw, 1024px\" \/>\t\t\t\t\t\t\t\t\t\t\t\t\t\t\t<\/div>\n\t\t\t\t<\/div>\n\t\t\t\t\t<\/div>\n\t\t<\/div>\n\t\t\t\t\t<\/div>\n\t\t<\/section>\n\t\t\t\t<section class=\"elementor-section elementor-top-section elementor-element elementor-element-090337d elementor-section-boxed elementor-section-height-default elementor-section-height-default\" data-id=\"090337d\" data-element_type=\"section\">\n\t\t\t\t\t\t<div class=\"elementor-container elementor-column-gap-default\">\n\t\t\t\t\t<div class=\"elementor-column elementor-col-100 elementor-top-column elementor-element elementor-element-10259a1\" data-id=\"10259a1\" data-element_type=\"column\">\n\t\t\t<div class=\"elementor-widget-wrap elementor-element-populated\">\n\t\t\t\t\t\t<div class=\"elementor-element elementor-element-67842ef elementor-widget elementor-widget-text-editor\" data-id=\"67842ef\" data-element_type=\"widget\" data-widget_type=\"text-editor.default\">\n\t\t\t\t<div class=\"elementor-widget-container\">\n\t\t\t\t\t\t\t\t\t<p>Per arribar al <strong>Far de Calanans,<\/strong> es fan uns 5 km des del centre de Cadaqu\u00e9s. Posar-te unes sabatilles, portar un entrep\u00e0 i una mica de beure; seria una molt bona opci\u00f3. O si preferiu tamb\u00e9 hi ha excursions guiades de senderisme que us permeten gaudir d&#8217;un paisatge roc\u00f3s incre\u00efble que nom\u00e9s la serra del <strong>Cap de Creus<\/strong> pot oferir-vos. A m\u00e9s, \u00e9s un pla ideal per fer una <a href=\"https:\/\/www.willysplan.com\/ca\/escapades-amb-nens-per-catalunya\">escapada en fam\u00edlia<\/a> , amb amics o en parella. Amb tantes opcions de com arribar-hi, aquesta vegada us ho deixem a la vostra elecci\u00f3.<\/p><p>El <strong>Far de Calanans<\/strong> \u00e9s de gran import\u00e0ncia per al poble de Cadaqu\u00e9s, ja que permetia l&#8217;entrada de moltes embarcacions al poble, treballant alhora com a port mar\u00edtim i comercial de la ciutat.<\/p><p>S&#8217;edific\u00e0 sobre un penya-segat, per la qual cosa el seu acc\u00e9s era molt complicat i els materials arribaven per mar; representant un gran repte per als enginyers i arquitectes de l\u00e8poca. Un esfor\u00e7 que avui \u00e9s l&#8217;atractiu tur\u00edstic de molts, on poden gaudir d&#8217;unes meravelloses vistes del poble i capvespres inoblidables. A m\u00e9s, aquest far ha estat protagonista d&#8217;alguna famosa pel\u00b7l\u00edcula com &#8220;Perdona si et dic amor&#8221;, dirigida per Joaqu\u00edn Llamas.<\/p>\t\t\t\t\t\t\t\t<\/div>\n\t\t\t\t<\/div>\n\t\t\t\t\t<\/div>\n\t\t<\/div>\n\t\t\t\t\t<\/div>\n\t\t<\/section>\n\t\t\t\t<section class=\"elementor-section elementor-top-section elementor-element elementor-element-c34e060 elementor-section-boxed elementor-section-height-default elementor-section-height-default\" data-id=\"c34e060\" data-element_type=\"section\">\n\t\t\t\t\t\t<div class=\"elementor-container elementor-column-gap-default\">\n\t\t\t\t\t<div class=\"elementor-column elementor-col-100 elementor-top-column elementor-element elementor-element-e81ecc9\" data-id=\"e81ecc9\" data-element_type=\"column\">\n\t\t\t<div class=\"elementor-widget-wrap elementor-element-populated\">\n\t\t\t\t\t\t<div class=\"elementor-element elementor-element-ba75c32 elementor-widget elementor-widget-heading\" data-id=\"ba75c32\" data-element_type=\"widget\" data-widget_type=\"heading.default\">\n\t\t\t\t<div class=\"elementor-widget-container\">\n\t\t\t\t\t<h2 class=\"elementor-heading-title elementor-size-default\">Cala Sabolla<\/h2>\t\t\t\t<\/div>\n\t\t\t\t<\/div>\n\t\t\t\t\t<\/div>\n\t\t<\/div>\n\t\t\t\t\t<\/div>\n\t\t<\/section>\n\t\t\t\t<section class=\"elementor-section elementor-top-section elementor-element elementor-element-77aac5a elementor-section-boxed elementor-section-height-default elementor-section-height-default\" data-id=\"77aac5a\" data-element_type=\"section\">\n\t\t\t\t\t\t<div class=\"elementor-container elementor-column-gap-default\">\n\t\t\t\t\t<div class=\"elementor-column elementor-col-50 elementor-top-column elementor-element elementor-element-8024375\" data-id=\"8024375\" data-element_type=\"column\">\n\t\t\t<div class=\"elementor-widget-wrap elementor-element-populated\">\n\t\t\t\t\t\t<div class=\"elementor-element elementor-element-5ed7d56 elementor-widget elementor-widget-image\" data-id=\"5ed7d56\" data-element_type=\"widget\" data-widget_type=\"image.default\">\n\t\t\t\t<div class=\"elementor-widget-container\">\n\t\t\t\t\t\t\t\t\t\t\t\t\t\t\t<img loading=\"lazy\" decoding=\"async\" width=\"523\" height=\"495\" src=\"https:\/\/www.willysplan.com\/wp-content\/uploads\/2020\/07\/cala-sabolla-cadaques1.jpg\" class=\"attachment-large size-large wp-image-13481\" alt=\"\" srcset=\"https:\/\/www.willysplan.com\/wp-content\/uploads\/2020\/07\/cala-sabolla-cadaques1.jpg 523w, https:\/\/www.willysplan.com\/wp-content\/uploads\/2020\/07\/cala-sabolla-cadaques1-300x284.jpg 300w, https:\/\/www.willysplan.com\/wp-content\/uploads\/2020\/07\/cala-sabolla-cadaques1-423x400.jpg 423w\" sizes=\"(max-width: 523px) 100vw, 523px\" \/>\t\t\t\t\t\t\t\t\t\t\t\t\t\t\t<\/div>\n\t\t\t\t<\/div>\n\t\t\t\t\t<\/div>\n\t\t<\/div>\n\t\t\t\t<div class=\"elementor-column elementor-col-50 elementor-top-column elementor-element elementor-element-3c50427\" data-id=\"3c50427\" data-element_type=\"column\">\n\t\t\t<div class=\"elementor-widget-wrap elementor-element-populated\">\n\t\t\t\t\t\t<div class=\"elementor-element elementor-element-556788e elementor-widget elementor-widget-image\" data-id=\"556788e\" data-element_type=\"widget\" data-widget_type=\"image.default\">\n\t\t\t\t<div class=\"elementor-widget-container\">\n\t\t\t\t\t\t\t\t\t\t\t\t\t\t\t<img loading=\"lazy\" decoding=\"async\" width=\"1024\" height=\"573\" src=\"https:\/\/www.willysplan.com\/wp-content\/uploads\/2020\/07\/cala-sabolla-de-cadaques1-1024x573.jpg\" class=\"attachment-large size-large wp-image-13483\" alt=\"\" srcset=\"https:\/\/www.willysplan.com\/wp-content\/uploads\/2020\/07\/cala-sabolla-de-cadaques1-1024x573.jpg 1024w, https:\/\/www.willysplan.com\/wp-content\/uploads\/2020\/07\/cala-sabolla-de-cadaques1-300x168.jpg 300w, https:\/\/www.willysplan.com\/wp-content\/uploads\/2020\/07\/cala-sabolla-de-cadaques1-768x430.jpg 768w, https:\/\/www.willysplan.com\/wp-content\/uploads\/2020\/07\/cala-sabolla-de-cadaques1-960x537.jpg 960w, https:\/\/www.willysplan.com\/wp-content\/uploads\/2020\/07\/cala-sabolla-de-cadaques1-715x400.jpg 715w, https:\/\/www.willysplan.com\/wp-content\/uploads\/2020\/07\/cala-sabolla-de-cadaques1-585x327.jpg 585w, https:\/\/www.willysplan.com\/wp-content\/uploads\/2020\/07\/cala-sabolla-de-cadaques1-600x336.jpg 600w, https:\/\/www.willysplan.com\/wp-content\/uploads\/2020\/07\/cala-sabolla-de-cadaques1.jpg 1046w\" sizes=\"(max-width: 1024px) 100vw, 1024px\" \/>\t\t\t\t\t\t\t\t\t\t\t\t\t\t\t<\/div>\n\t\t\t\t<\/div>\n\t\t\t\t\t<\/div>\n\t\t<\/div>\n\t\t\t\t\t<\/div>\n\t\t<\/section>\n\t\t\t\t<section class=\"elementor-section elementor-top-section elementor-element elementor-element-c270963 elementor-section-boxed elementor-section-height-default elementor-section-height-default\" data-id=\"c270963\" data-element_type=\"section\">\n\t\t\t\t\t\t<div class=\"elementor-container elementor-column-gap-default\">\n\t\t\t\t\t<div class=\"elementor-column elementor-col-100 elementor-top-column elementor-element elementor-element-765432f\" data-id=\"765432f\" data-element_type=\"column\">\n\t\t\t<div class=\"elementor-widget-wrap elementor-element-populated\">\n\t\t\t\t\t\t<div class=\"elementor-element elementor-element-afe3043 elementor-widget elementor-widget-text-editor\" data-id=\"afe3043\" data-element_type=\"widget\" data-widget_type=\"text-editor.default\">\n\t\t\t\t<div class=\"elementor-widget-container\">\n\t\t\t\t\t\t\t\t\t<p>Just en baixar del Far de Calanans, continuarem la nostra ruta fins arribar a la <strong>Cala Sabolla.<\/strong> Aquesta cala \u00e9s ideal per passar un dia de platja sense aglomeracions, ja que no \u00e9s gaire coneguda pels turistes. Aix\u00ed que, aqu\u00ed us revelem un secret que segur us encantar\u00e0.<\/p>\n<p>Per als amants de la natura, \u00e9s el lloc ideal per gaudir d\u00b4unes incre\u00efbles panor\u00e0miques que contrasten amb els camps de cultius propers, sediments de roques i tota la immensitat del mar. Animeu-vos a portar ben carregat el m\u00f2bil o una c\u00e0mera professional, perqu\u00e8 les fotografies que pots fer en aquesta platja s\u00f3n incre\u00efbles, i sempre \u00e9s bo deixar un bonic record.<\/p>\n<p>Per fer m\u00e9s amena la visita a <strong>Cala Sabolla,<\/strong> us aconsellem que porteu alguna cosa preparada per menjar i beure durant el dia, ja que com t&#8217;ho d\u00e8iem anteriorment, el seu acc\u00e9s \u00e9s limitat i no resulta f\u00e0cil proveir-se. D&#8217;altra banda, no t&#8217;has de preocupar: nom\u00e9s deixa&#8217;t portar i gaudeix d&#8217;aquesta ruta que hem dissenyat per a tu.<\/p>\n\t\t\t\t\t\t\t\t<\/div>\n\t\t\t\t<\/div>\n\t\t\t\t\t<\/div>\n\t\t<\/div>\n\t\t\t\t\t<\/div>\n\t\t<\/section>\n\t\t\t\t<section class=\"elementor-section elementor-top-section elementor-element elementor-element-26612b9 elementor-section-boxed elementor-section-height-default elementor-section-height-default\" data-id=\"26612b9\" data-element_type=\"section\">\n\t\t\t\t\t\t<div class=\"elementor-container elementor-column-gap-default\">\n\t\t\t\t\t<div class=\"elementor-column elementor-col-100 elementor-top-column elementor-element elementor-element-e1eb00d\" data-id=\"e1eb00d\" data-element_type=\"column\">\n\t\t\t<div class=\"elementor-widget-wrap elementor-element-populated\">\n\t\t\t\t\t\t<div class=\"elementor-element elementor-element-fd2db1a elementor-widget elementor-widget-heading\" data-id=\"fd2db1a\" data-element_type=\"widget\" data-widget_type=\"heading.default\">\n\t\t\t\t<div class=\"elementor-widget-container\">\n\t\t\t\t\t<h2 class=\"elementor-heading-title elementor-size-default\">Altres rutes que tamb\u00e9 et poden interessar...<\/h2>\t\t\t\t<\/div>\n\t\t\t\t<\/div>\n\t\t\t\t\t<\/div>\n\t\t<\/div>\n\t\t\t\t\t<\/div>\n\t\t<\/section>\n\t\t\t\t<section class=\"elementor-section elementor-top-section elementor-element elementor-element-fd3e899 elementor-section-boxed elementor-section-height-default elementor-section-height-default\" data-id=\"fd3e899\" data-element_type=\"section\">\n\t\t\t\t\t\t<div class=\"elementor-container elementor-column-gap-default\">\n\t\t\t\t\t<div class=\"elementor-column elementor-col-100 elementor-top-column elementor-element elementor-element-e12a2dc\" data-id=\"e12a2dc\" data-element_type=\"column\">\n\t\t\t<div class=\"elementor-widget-wrap elementor-element-populated\">\n\t\t\t\t\t\t\t<\/div>\n\t\t<\/div>\n\t\t\t\t\t<\/div>\n\t\t<\/section>\n\t\t\t\t<\/div>\n\t\t","protected":false},"excerpt":{"rendered":"<p>Si busquem rutes i excursions per l&#8217;Alt Empord\u00e0 , ens trobarem amb l&#8217;encantador poble de Cadaqu\u00e9s . Sens dubte un dels llocs m\u00e9s atractius si busquem rutes per la prov\u00edncia de Girona . Aix\u00ed que a Willy&#8217;s Plan, us proposem una ruta original per fer si us trobeu per aquesta zona: aquesta excursi\u00f3 que us&hellip;&nbsp;<a href=\"https:\/\/www.willysplan.com\/ca\/rutes\/ruta-de-cadaques-far-calanans-i-cala-sabolla\" rel=\"bookmark\">Llegiu m\u00e9s &raquo;<span class=\"screen-reader-text\">Ruta de Cadaqu\u00e9s, Far Calanans, i Cala Sabolla<\/span><\/a><\/p>\n","protected":false},"author":2,"featured_media":13465,"comment_status":"closed","ping_status":"closed","sticky":false,"template":"","format":"standard","meta":{"neve_meta_sidebar":"","neve_meta_container":"","neve_meta_enable_content_width":"","neve_meta_content_width":0,"neve_meta_title_alignment":"","neve_meta_author_avatar":"","neve_post_elements_order":"","neve_meta_disable_header":"","neve_meta_disable_footer":"","neve_meta_disable_title":"","_joinchat":[],"footnotes":""},"categories":[323],"tags":[379,380,360,362,361],"class_list":["post-15952","post","type-post","status-publish","format-standard","has-post-thumbnail","hentry","category-rutes","tag-rutes-alt-emporda","tag-rutes-cadaques","tag-rutes-catalunya","tag-rutes-costa-brava","tag-rutes-girona-provincia"],"yoast_head":"<!-- This site is optimized with the Yoast SEO Premium plugin v20.1 (Yoast SEO v26.9) - https:\/\/yoast.com\/product\/yoast-seo-premium-wordpress\/ -->\n<title>Ruta de Cadaqu\u00e9s, Far Calanans i Cala Sabolla - Willy&#039;s Plan<\/title>\n<meta name=\"description\" content=\"Descobreix una de les millors rutes a fer a Cadaqu\u00e9s, Girona. Gaudeix-la visitant els llocs de Cadaqu\u00e9s, Far de Calanans i Cala Sabolla. \u2705 Entra ara!\" \/>\n<meta name=\"robots\" content=\"index, follow, max-snippet:-1, max-image-preview:large, max-video-preview:-1\" \/>\n<link rel=\"canonical\" href=\"https:\/\/www.willysplan.com\/ca\/rutes\/ruta-de-cadaques-far-calanans-i-cala-sabolla\" \/>\n<meta property=\"og:locale\" content=\"ca_ES\" \/>\n<meta property=\"og:type\" content=\"article\" \/>\n<meta property=\"og:title\" content=\"Ruta de Cadaqu\u00e9s, Far Calanans, i Cala Sabolla\" \/>\n<meta property=\"og:description\" content=\"Descobreix una de les millors rutes a fer a Cadaqu\u00e9s, Girona. Gaudeix-la visitant els llocs de Cadaqu\u00e9s, Far de Calanans i Cala Sabolla. \u2705 Entra ara!\" \/>\n<meta property=\"og:url\" content=\"https:\/\/www.willysplan.com\/ca\/rutes\/ruta-de-cadaques-far-calanans-i-cala-sabolla\" \/>\n<meta property=\"og:site_name\" content=\"Willy&#039;s Plan \ud83c\udf43\" \/>\n<meta property=\"article:published_time\" content=\"2020-07-11T17:43:03+00:00\" \/>\n<meta property=\"article:modified_time\" content=\"2023-07-25T03:52:39+00:00\" \/>\n<meta property=\"og:image\" content=\"https:\/\/www.willysplan.com\/wp-content\/uploads\/2020\/07\/que-hacer-en-cadaques1.jpg\" \/>\n\t<meta property=\"og:image:width\" content=\"1280\" \/>\n\t<meta property=\"og:image:height\" content=\"960\" \/>\n\t<meta property=\"og:image:type\" content=\"image\/jpeg\" \/>\n<meta name=\"author\" content=\"Guillem Asensio\" \/>\n<meta name=\"twitter:card\" content=\"summary_large_image\" \/>\n<meta name=\"twitter:label1\" content=\"Escrit per\" \/>\n\t<meta name=\"twitter:data1\" content=\"Guillem Asensio\" \/>\n\t<meta name=\"twitter:label2\" content=\"Temps estimat de lectura\" \/>\n\t<meta name=\"twitter:data2\" content=\"4 minuts\" \/>\n<script type=\"application\/ld+json\" class=\"yoast-schema-graph\">{\"@context\":\"https:\/\/schema.org\",\"@graph\":[{\"@type\":\"Article\",\"@id\":\"https:\/\/www.willysplan.com\/ca\/rutes\/ruta-de-cadaques-far-calanans-i-cala-sabolla#article\",\"isPartOf\":{\"@id\":\"https:\/\/www.willysplan.com\/ca\/rutes\/ruta-de-cadaques-far-calanans-i-cala-sabolla\"},\"author\":{\"name\":\"Guillem Asensio\",\"@id\":\"https:\/\/www.willysplan.com\/#\/schema\/person\/6f2dbf2215cd25715df085907bd007c1\"},\"headline\":\"Ruta de Cadaqu\u00e9s, Far Calanans, i Cala Sabolla\",\"datePublished\":\"2020-07-11T17:43:03+00:00\",\"dateModified\":\"2023-07-25T03:52:39+00:00\",\"mainEntityOfPage\":{\"@id\":\"https:\/\/www.willysplan.com\/ca\/rutes\/ruta-de-cadaques-far-calanans-i-cala-sabolla\"},\"wordCount\":882,\"publisher\":{\"@id\":\"https:\/\/www.willysplan.com\/#organization\"},\"image\":{\"@id\":\"https:\/\/www.willysplan.com\/ca\/rutes\/ruta-de-cadaques-far-calanans-i-cala-sabolla#primaryimage\"},\"thumbnailUrl\":\"https:\/\/www.willysplan.com\/wp-content\/uploads\/2020\/07\/que-hacer-en-cadaques1.jpg\",\"keywords\":[\"rutes alt emporda\",\"rutes cadaques\",\"rutes catalunya\",\"rutes costa brava\",\"rutes girona prov\u00edncia\"],\"articleSection\":[\"rutes\"],\"inLanguage\":\"ca\"},{\"@type\":\"WebPage\",\"@id\":\"https:\/\/www.willysplan.com\/ca\/rutes\/ruta-de-cadaques-far-calanans-i-cala-sabolla\",\"url\":\"https:\/\/www.willysplan.com\/ca\/rutes\/ruta-de-cadaques-far-calanans-i-cala-sabolla\",\"name\":\"Ruta de Cadaqu\u00e9s, Far Calanans i Cala Sabolla - Willy's Plan\",\"isPartOf\":{\"@id\":\"https:\/\/www.willysplan.com\/#website\"},\"primaryImageOfPage\":{\"@id\":\"https:\/\/www.willysplan.com\/ca\/rutes\/ruta-de-cadaques-far-calanans-i-cala-sabolla#primaryimage\"},\"image\":{\"@id\":\"https:\/\/www.willysplan.com\/ca\/rutes\/ruta-de-cadaques-far-calanans-i-cala-sabolla#primaryimage\"},\"thumbnailUrl\":\"https:\/\/www.willysplan.com\/wp-content\/uploads\/2020\/07\/que-hacer-en-cadaques1.jpg\",\"datePublished\":\"2020-07-11T17:43:03+00:00\",\"dateModified\":\"2023-07-25T03:52:39+00:00\",\"description\":\"Descobreix una de les millors rutes a fer a Cadaqu\u00e9s, Girona. Gaudeix-la visitant els llocs de Cadaqu\u00e9s, Far de Calanans i Cala Sabolla. \u2705 Entra ara!\",\"inLanguage\":\"ca\",\"potentialAction\":[{\"@type\":\"ReadAction\",\"target\":[\"https:\/\/www.willysplan.com\/ca\/rutes\/ruta-de-cadaques-far-calanans-i-cala-sabolla\"]}]},{\"@type\":\"ImageObject\",\"inLanguage\":\"ca\",\"@id\":\"https:\/\/www.willysplan.com\/ca\/rutes\/ruta-de-cadaques-far-calanans-i-cala-sabolla#primaryimage\",\"url\":\"https:\/\/www.willysplan.com\/wp-content\/uploads\/2020\/07\/que-hacer-en-cadaques1.jpg\",\"contentUrl\":\"https:\/\/www.willysplan.com\/wp-content\/uploads\/2020\/07\/que-hacer-en-cadaques1.jpg\",\"width\":1280,\"height\":960},{\"@type\":\"WebSite\",\"@id\":\"https:\/\/www.willysplan.com\/#website\",\"url\":\"https:\/\/www.willysplan.com\/\",\"name\":\"Willy&#039;s Plan \ud83c\udf43\",\"description\":\"Escapadas y Planes de fin de semana\",\"publisher\":{\"@id\":\"https:\/\/www.willysplan.com\/#organization\"},\"potentialAction\":[{\"@type\":\"SearchAction\",\"target\":{\"@type\":\"EntryPoint\",\"urlTemplate\":\"https:\/\/www.willysplan.com\/?s={search_term_string}\"},\"query-input\":{\"@type\":\"PropertyValueSpecification\",\"valueRequired\":true,\"valueName\":\"search_term_string\"}}],\"inLanguage\":\"ca\"},{\"@type\":\"Organization\",\"@id\":\"https:\/\/www.willysplan.com\/#organization\",\"name\":\"Willy&#039;s Plan \ud83c\udf43\",\"url\":\"https:\/\/www.willysplan.com\/\",\"logo\":{\"@type\":\"ImageObject\",\"inLanguage\":\"ca\",\"@id\":\"https:\/\/www.willysplan.com\/#\/schema\/logo\/image\/\",\"url\":\"https:\/\/www.willysplan.com\/wp-content\/uploads\/2020\/04\/cropped-logo-1.png\",\"contentUrl\":\"https:\/\/www.willysplan.com\/wp-content\/uploads\/2020\/04\/cropped-logo-1.png\",\"width\":332,\"height\":332,\"caption\":\"Willy&#039;s Plan \ud83c\udf43\"},\"image\":{\"@id\":\"https:\/\/www.willysplan.com\/#\/schema\/logo\/image\/\"}},{\"@type\":\"Person\",\"@id\":\"https:\/\/www.willysplan.com\/#\/schema\/person\/6f2dbf2215cd25715df085907bd007c1\",\"name\":\"Guillem Asensio\",\"image\":{\"@type\":\"ImageObject\",\"inLanguage\":\"ca\",\"@id\":\"https:\/\/www.willysplan.com\/#\/schema\/person\/image\/\",\"url\":\"https:\/\/secure.gravatar.com\/avatar\/fd3f69da3e6cd8d451f6be79c127da046757b9a4c273deefb40b1291809cc787?s=96&d=mm&r=g\",\"contentUrl\":\"https:\/\/secure.gravatar.com\/avatar\/fd3f69da3e6cd8d451f6be79c127da046757b9a4c273deefb40b1291809cc787?s=96&d=mm&r=g\",\"caption\":\"Guillem Asensio\"},\"sameAs\":[\"https:\/\/willysplan.com\"],\"url\":\"https:\/\/www.willysplan.com\/ca\/author\/willy\"}]}<\/script>\n<!-- \/ Yoast SEO Premium plugin. -->","yoast_head_json":{"title":"Ruta de Cadaqu\u00e9s, Far Calanans i Cala Sabolla - Willy's Plan","description":"Descobreix una de les millors rutes a fer a Cadaqu\u00e9s, Girona. Gaudeix-la visitant els llocs de Cadaqu\u00e9s, Far de Calanans i Cala Sabolla. \u2705 Entra ara!","robots":{"index":"index","follow":"follow","max-snippet":"max-snippet:-1","max-image-preview":"max-image-preview:large","max-video-preview":"max-video-preview:-1"},"canonical":"https:\/\/www.willysplan.com\/ca\/rutes\/ruta-de-cadaques-far-calanans-i-cala-sabolla","og_locale":"ca_ES","og_type":"article","og_title":"Ruta de Cadaqu\u00e9s, Far Calanans, i Cala Sabolla","og_description":"Descobreix una de les millors rutes a fer a Cadaqu\u00e9s, Girona. Gaudeix-la visitant els llocs de Cadaqu\u00e9s, Far de Calanans i Cala Sabolla. \u2705 Entra ara!","og_url":"https:\/\/www.willysplan.com\/ca\/rutes\/ruta-de-cadaques-far-calanans-i-cala-sabolla","og_site_name":"Willy&#039;s Plan \ud83c\udf43","article_published_time":"2020-07-11T17:43:03+00:00","article_modified_time":"2023-07-25T03:52:39+00:00","og_image":[{"width":1280,"height":960,"url":"https:\/\/www.willysplan.com\/wp-content\/uploads\/2020\/07\/que-hacer-en-cadaques1.jpg","type":"image\/jpeg"}],"author":"Guillem Asensio","twitter_card":"summary_large_image","twitter_misc":{"Escrit per":"Guillem Asensio","Temps estimat de lectura":"4 minuts"},"schema":{"@context":"https:\/\/schema.org","@graph":[{"@type":"Article","@id":"https:\/\/www.willysplan.com\/ca\/rutes\/ruta-de-cadaques-far-calanans-i-cala-sabolla#article","isPartOf":{"@id":"https:\/\/www.willysplan.com\/ca\/rutes\/ruta-de-cadaques-far-calanans-i-cala-sabolla"},"author":{"name":"Guillem Asensio","@id":"https:\/\/www.willysplan.com\/#\/schema\/person\/6f2dbf2215cd25715df085907bd007c1"},"headline":"Ruta de Cadaqu\u00e9s, Far Calanans, i Cala Sabolla","datePublished":"2020-07-11T17:43:03+00:00","dateModified":"2023-07-25T03:52:39+00:00","mainEntityOfPage":{"@id":"https:\/\/www.willysplan.com\/ca\/rutes\/ruta-de-cadaques-far-calanans-i-cala-sabolla"},"wordCount":882,"publisher":{"@id":"https:\/\/www.willysplan.com\/#organization"},"image":{"@id":"https:\/\/www.willysplan.com\/ca\/rutes\/ruta-de-cadaques-far-calanans-i-cala-sabolla#primaryimage"},"thumbnailUrl":"https:\/\/www.willysplan.com\/wp-content\/uploads\/2020\/07\/que-hacer-en-cadaques1.jpg","keywords":["rutes alt emporda","rutes cadaques","rutes catalunya","rutes costa brava","rutes girona prov\u00edncia"],"articleSection":["rutes"],"inLanguage":"ca"},{"@type":"WebPage","@id":"https:\/\/www.willysplan.com\/ca\/rutes\/ruta-de-cadaques-far-calanans-i-cala-sabolla","url":"https:\/\/www.willysplan.com\/ca\/rutes\/ruta-de-cadaques-far-calanans-i-cala-sabolla","name":"Ruta de Cadaqu\u00e9s, Far Calanans i Cala Sabolla - Willy's Plan","isPartOf":{"@id":"https:\/\/www.willysplan.com\/#website"},"primaryImageOfPage":{"@id":"https:\/\/www.willysplan.com\/ca\/rutes\/ruta-de-cadaques-far-calanans-i-cala-sabolla#primaryimage"},"image":{"@id":"https:\/\/www.willysplan.com\/ca\/rutes\/ruta-de-cadaques-far-calanans-i-cala-sabolla#primaryimage"},"thumbnailUrl":"https:\/\/www.willysplan.com\/wp-content\/uploads\/2020\/07\/que-hacer-en-cadaques1.jpg","datePublished":"2020-07-11T17:43:03+00:00","dateModified":"2023-07-25T03:52:39+00:00","description":"Descobreix una de les millors rutes a fer a Cadaqu\u00e9s, Girona. Gaudeix-la visitant els llocs de Cadaqu\u00e9s, Far de Calanans i Cala Sabolla. \u2705 Entra ara!","inLanguage":"ca","potentialAction":[{"@type":"ReadAction","target":["https:\/\/www.willysplan.com\/ca\/rutes\/ruta-de-cadaques-far-calanans-i-cala-sabolla"]}]},{"@type":"ImageObject","inLanguage":"ca","@id":"https:\/\/www.willysplan.com\/ca\/rutes\/ruta-de-cadaques-far-calanans-i-cala-sabolla#primaryimage","url":"https:\/\/www.willysplan.com\/wp-content\/uploads\/2020\/07\/que-hacer-en-cadaques1.jpg","contentUrl":"https:\/\/www.willysplan.com\/wp-content\/uploads\/2020\/07\/que-hacer-en-cadaques1.jpg","width":1280,"height":960},{"@type":"WebSite","@id":"https:\/\/www.willysplan.com\/#website","url":"https:\/\/www.willysplan.com\/","name":"Willy&#039;s Plan \ud83c\udf43","description":"Escapadas y Planes de fin de semana","publisher":{"@id":"https:\/\/www.willysplan.com\/#organization"},"potentialAction":[{"@type":"SearchAction","target":{"@type":"EntryPoint","urlTemplate":"https:\/\/www.willysplan.com\/?s={search_term_string}"},"query-input":{"@type":"PropertyValueSpecification","valueRequired":true,"valueName":"search_term_string"}}],"inLanguage":"ca"},{"@type":"Organization","@id":"https:\/\/www.willysplan.com\/#organization","name":"Willy&#039;s Plan \ud83c\udf43","url":"https:\/\/www.willysplan.com\/","logo":{"@type":"ImageObject","inLanguage":"ca","@id":"https:\/\/www.willysplan.com\/#\/schema\/logo\/image\/","url":"https:\/\/www.willysplan.com\/wp-content\/uploads\/2020\/04\/cropped-logo-1.png","contentUrl":"https:\/\/www.willysplan.com\/wp-content\/uploads\/2020\/04\/cropped-logo-1.png","width":332,"height":332,"caption":"Willy&#039;s Plan \ud83c\udf43"},"image":{"@id":"https:\/\/www.willysplan.com\/#\/schema\/logo\/image\/"}},{"@type":"Person","@id":"https:\/\/www.willysplan.com\/#\/schema\/person\/6f2dbf2215cd25715df085907bd007c1","name":"Guillem Asensio","image":{"@type":"ImageObject","inLanguage":"ca","@id":"https:\/\/www.willysplan.com\/#\/schema\/person\/image\/","url":"https:\/\/secure.gravatar.com\/avatar\/fd3f69da3e6cd8d451f6be79c127da046757b9a4c273deefb40b1291809cc787?s=96&d=mm&r=g","contentUrl":"https:\/\/secure.gravatar.com\/avatar\/fd3f69da3e6cd8d451f6be79c127da046757b9a4c273deefb40b1291809cc787?s=96&d=mm&r=g","caption":"Guillem Asensio"},"sameAs":["https:\/\/willysplan.com"],"url":"https:\/\/www.willysplan.com\/ca\/author\/willy"}]}},"_links":{"self":[{"href":"https:\/\/www.willysplan.com\/ca\/wp-json\/wp\/v2\/posts\/15952","targetHints":{"allow":["GET"]}}],"collection":[{"href":"https:\/\/www.willysplan.com\/ca\/wp-json\/wp\/v2\/posts"}],"about":[{"href":"https:\/\/www.willysplan.com\/ca\/wp-json\/wp\/v2\/types\/post"}],"author":[{"embeddable":true,"href":"https:\/\/www.willysplan.com\/ca\/wp-json\/wp\/v2\/users\/2"}],"replies":[{"embeddable":true,"href":"https:\/\/www.willysplan.com\/ca\/wp-json\/wp\/v2\/comments?post=15952"}],"version-history":[{"count":9,"href":"https:\/\/www.willysplan.com\/ca\/wp-json\/wp\/v2\/posts\/15952\/revisions"}],"predecessor-version":[{"id":21602,"href":"https:\/\/www.willysplan.com\/ca\/wp-json\/wp\/v2\/posts\/15952\/revisions\/21602"}],"wp:featuredmedia":[{"embeddable":true,"href":"https:\/\/www.willysplan.com\/ca\/wp-json\/wp\/v2\/media\/13465"}],"wp:attachment":[{"href":"https:\/\/www.willysplan.com\/ca\/wp-json\/wp\/v2\/media?parent=15952"}],"wp:term":[{"taxonomy":"category","embeddable":true,"href":"https:\/\/www.willysplan.com\/ca\/wp-json\/wp\/v2\/categories?post=15952"},{"taxonomy":"post_tag","embeddable":true,"href":"https:\/\/www.willysplan.com\/ca\/wp-json\/wp\/v2\/tags?post=15952"}],"curies":[{"name":"wp","href":"https:\/\/api.w.org\/{rel}","templated":true}]}}