{"id":15927,"date":"2020-07-11T18:40:59","date_gmt":"2020-07-11T17:40:59","guid":{"rendered":"https:\/\/willysplan.com\/uncategorized-ca\/ruta-des-del-jardi-botanic-marimurtra-al-castell-de-sant-joan"},"modified":"2023-07-25T05:04:05","modified_gmt":"2023-07-25T04:04:05","slug":"ruta-des-del-jardi-botanic-marimurtra-al-castell-de-sant-joan","status":"publish","type":"post","link":"https:\/\/www.willysplan.com\/ca\/rutes\/ruta-des-del-jardi-botanic-marimurtra-al-castell-de-sant-joan","title":{"rendered":"Ruta des del Jard\u00ed Bot\u00e0nic Marimurtra al Castell de Sant Joan"},"content":{"rendered":"\t\t<div data-elementor-type=\"wp-post\" data-elementor-id=\"15927\" class=\"elementor elementor-15927 elementor-1692\" data-elementor-post-type=\"post\">\n\t\t\t\t\t\t<section class=\"elementor-section elementor-top-section elementor-element elementor-element-f4c69cc elementor-section-boxed elementor-section-height-default elementor-section-height-default\" data-id=\"f4c69cc\" data-element_type=\"section\">\n\t\t\t\t\t\t<div class=\"elementor-container elementor-column-gap-default\">\n\t\t\t\t\t<div class=\"elementor-column elementor-col-50 elementor-top-column elementor-element elementor-element-164a862\" data-id=\"164a862\" data-element_type=\"column\">\n\t\t\t<div class=\"elementor-widget-wrap elementor-element-populated\">\n\t\t\t\t\t\t<div class=\"elementor-element elementor-element-29bc239 elementor-widget elementor-widget-text-editor\" data-id=\"29bc239\" data-element_type=\"widget\" data-widget_type=\"text-editor.default\">\n\t\t\t\t<div class=\"elementor-widget-container\">\n\t\t\t\t\t\t\t\t\t<p><strong>La selva<\/strong> \u00e9s una de les comarques m\u00e9s atractives de <strong>Catalunya,<\/strong> i si es tracta d&#8217;estiu, ens atrevir\u00edem a dir que \u00e9s la m\u00e9s apropiada per escapar-se uns dies, ja sigui que tingueu pensat fer unes <a href=\"https:\/\/www.willysplan.com\/ca\/escapades-amb-nens-per-catalunya\">vacances amb nens<\/a> , o una <a href=\"https:\/\/www.willysplan.com\/ca\/escapades-relax-per-catalunya-els-millors-balnearis-hotels-i-spas\">escapada relax<\/a> . Una regi\u00f3 amb una gran riquesa natural, unes platges envejables i una infinitat de llocs i <a href=\"https:\/\/www.willysplan.com\/rutas\/girona-provincia\">rutes per fer a Girona prov\u00edncia<\/a> ; fent-la cada cop m\u00e9s irresistible per als turistes.<\/p><p>La seva capital, <strong>Blanes,<\/strong> est\u00e0 ubicada just on comencen totes les <a href=\"https:\/\/www.willysplan.com\/ca\/rutes\/rutes-de-senderisme-i-excursions-per-la-costa-brava\">excursions per la costa brava<\/a> , i per descomptat, on inicia la diversi\u00f3 estiuenca. En aquest lloc estarem envoltats de paisatge purament mediterrani, on els esports aqu\u00e0tics, visitar algunes de les cales properes, i els viatges en veler; es fan irresistibles.<\/p><p>La gran oferta fructuosa que ofereix aquesta ciutat, us permet anar de compres, gaudir d&#8217;una bona gastronomia i d&#8217;una vida nocturna excepcional. Sense deixar d&#8217;esmentar els llocs d&#8217;inter\u00e8s hist\u00f2ric i cultural que tamb\u00e9 hi ha.<\/p>\t\t\t\t\t\t\t\t<\/div>\n\t\t\t\t<\/div>\n\t\t\t\t\t<\/div>\n\t\t<\/div>\n\t\t\t\t<div class=\"elementor-column elementor-col-50 elementor-top-column elementor-element elementor-element-c345c62\" data-id=\"c345c62\" data-element_type=\"column\">\n\t\t\t<div class=\"elementor-widget-wrap elementor-element-populated\">\n\t\t\t\t\t\t<div class=\"elementor-element elementor-element-28e9c8c elementor-widget elementor-widget-html\" data-id=\"28e9c8c\" data-element_type=\"widget\" data-widget_type=\"html.default\">\n\t\t\t\t<div class=\"elementor-widget-container\">\n\t\t\t\t\t<iframe src=\"https:\/\/www.google.com\/maps\/embed?pb=!1m34!1m12!1m3!1d5098.461911708243!2d2.7972883248615426!3d41.679005680145266!2m3!1f0!2f0!3f0!3m2!1i1024!2i768!4f13.1!4m19!3e0!4m5!1s0x12bb16463a7a6e17%3A0xee80ede0d7f2642b!2sMarimurtra%2C%20Passeig%20de%20Carles%20Faust%2C%20Blanes%2C%20Espa%C3%B1a!3m2!1d41.676727!2d2.801852!4m5!1s0x12bb1648606c0731%3A0xa5eadd9944fd3339!2sCala%20Bona%2C%20Passeig%20de%20Carles%20Faust%2C%206%2C%2017300%20Blanes%2C%20Girona%2C%20Espa%C3%B1a!3m2!1d41.6786781!2d2.8072633!4m5!1s0x12bb164827d5f26d%3A0xdc19fdd065afeeff!2sCastell%20de%20Sant%20Joan%20de%20Blanes%2C%20Carrer%20Cardenal%20Vidal%20i%20Barraquer%2C%20Blanes%2C%20Espagne!3m2!1d41.6790632!2d2.7983057!5e1!3m2!1ses!2sus!4v1601805580346!5m2!1ses!2sus\" width=\"600\" height=\"450\" frameborder=\"0\" style=\"border:0;\" allowfullscreen=\"\" aria-hidden=\"false\" tabindex=\"0\"><\/iframe>\t\t\t\t<\/div>\n\t\t\t\t<\/div>\n\t\t\t\t\t<\/div>\n\t\t<\/div>\n\t\t\t\t\t<\/div>\n\t\t<\/section>\n\t\t\t\t<section class=\"elementor-section elementor-top-section elementor-element elementor-element-c78f0d5 elementor-section-boxed elementor-section-height-default elementor-section-height-default\" data-id=\"c78f0d5\" data-element_type=\"section\">\n\t\t\t\t\t\t<div class=\"elementor-container elementor-column-gap-default\">\n\t\t\t\t\t<div class=\"elementor-column elementor-col-100 elementor-top-column elementor-element elementor-element-e8099c1\" data-id=\"e8099c1\" data-element_type=\"column\">\n\t\t\t<div class=\"elementor-widget-wrap elementor-element-populated\">\n\t\t\t\t\t\t<div class=\"elementor-element elementor-element-9d79bd6 elementor-widget elementor-widget-text-editor\" data-id=\"9d79bd6\" data-element_type=\"widget\" data-widget_type=\"text-editor.default\">\n\t\t\t\t<div class=\"elementor-widget-container\">\n\t\t\t\t\t\t\t\t\t<p>Aquesta <strong>ruta des del Jard\u00ed Bot\u00e0nic Marimurtra al Castell de Sant Joan<\/strong> \u00e9s una bona opci\u00f3 per gaudir d\u00b4aquestes costes.<\/p>\n<p>Per comen\u00e7ar la nostra ruta que recorre el Jard\u00ed Bot\u00e0nic Marimurtra, la Cala Sa Forcanera i el Castell de Sant Joan,<strong> <\/strong>tenim alguns tipus que heu de tenir en compte.<\/p>\n<p>Tot i que ens agradaria poder reunir una infinitat de llocs que considerem ideals <strong>per visitar a la Selva,<\/strong> en aquesta ocasi\u00f3 hem decidit donar-li una mica m\u00e9s d&#8217;import\u00e0ncia a la natura, donar-nos una capbussada a la platja, i allunyar-nos amb la hist\u00f2ria i cultura que envolta aquesta comarca.<\/p>\n<p>Per comen\u00e7ar, arribarem al <strong>Jard\u00ed Bot\u00e0nic Marimurtra,<\/strong> on coneixerem diferents esp\u00e8cies de plantes caracter\u00edstiques d&#8217;aquesta zona, i encara que la seva entrada \u00e9s de pagament, considerem que el preu \u00e9s assequible per a qualsevol turista, sobretot pel que pot apreciar-se en aquesta visita .<\/p>\n<p>Per a la nostra seg\u00fcent parada podem arribar a qualsevol mitj\u00e0 de transport, ja sigui bici, moto i fins i tot caminant. I si l&#8217;esperit aventurer no te&#8217;n va, arribar amb cotxe tamb\u00e9 resulta molt c\u00f2mode si ets capa\u00e7 de trobar aparcament a la zona. Tot sigui per gaudir de les belles platges i un bon dia de sol a la <strong>Cala Sa Forcanera.<\/strong><\/p>\n<p>Per als que no s&#8217;hi poden anar sense con\u00e8ixer una mica d&#8217;hist\u00f2ria en els recorreguts, el <strong>Castell de Blanes<\/strong> \u00e9s una \u00faltima parada recomanada que no pots deixar de visitar. Nom\u00e9s pujant una mica la muntanya gaudir\u00e0s de les millors vistes de la ciutat i uns capvespres al\u00b7lucinants.<\/p>\n\t\t\t\t\t\t\t\t<\/div>\n\t\t\t\t<\/div>\n\t\t\t\t\t<\/div>\n\t\t<\/div>\n\t\t\t\t\t<\/div>\n\t\t<\/section>\n\t\t\t\t<section class=\"elementor-section elementor-top-section elementor-element elementor-element-cf26dc9 elementor-section-boxed elementor-section-height-default elementor-section-height-default\" data-id=\"cf26dc9\" data-element_type=\"section\">\n\t\t\t\t\t\t<div class=\"elementor-container elementor-column-gap-default\">\n\t\t\t\t\t<div class=\"elementor-column elementor-col-100 elementor-top-column elementor-element elementor-element-5689fda\" data-id=\"5689fda\" data-element_type=\"column\">\n\t\t\t<div class=\"elementor-widget-wrap elementor-element-populated\">\n\t\t\t\t\t\t<div class=\"elementor-element elementor-element-1563f51 elementor-widget elementor-widget-heading\" data-id=\"1563f51\" data-element_type=\"widget\" data-widget_type=\"heading.default\">\n\t\t\t\t<div class=\"elementor-widget-container\">\n\t\t\t\t\t<h2 class=\"elementor-heading-title elementor-size-default\">Jard\u00ed Bot\u00e0nic Marimurtra<\/h2>\t\t\t\t<\/div>\n\t\t\t\t<\/div>\n\t\t\t\t\t<\/div>\n\t\t<\/div>\n\t\t\t\t\t<\/div>\n\t\t<\/section>\n\t\t\t\t<section class=\"elementor-section elementor-top-section elementor-element elementor-element-e869f66 elementor-section-boxed elementor-section-height-default elementor-section-height-default\" data-id=\"e869f66\" data-element_type=\"section\">\n\t\t\t\t\t\t<div class=\"elementor-container elementor-column-gap-default\">\n\t\t\t\t\t<div class=\"elementor-column elementor-col-50 elementor-top-column elementor-element elementor-element-dad227c\" data-id=\"dad227c\" data-element_type=\"column\">\n\t\t\t<div class=\"elementor-widget-wrap elementor-element-populated\">\n\t\t\t\t\t\t<div class=\"elementor-element elementor-element-65d728a elementor-widget elementor-widget-image\" data-id=\"65d728a\" data-element_type=\"widget\" data-widget_type=\"image.default\">\n\t\t\t\t<div class=\"elementor-widget-container\">\n\t\t\t\t\t\t\t\t\t\t\t\t\t\t\t<img fetchpriority=\"high\" decoding=\"async\" width=\"595\" height=\"593\" src=\"https:\/\/www.willysplan.com\/wp-content\/uploads\/2020\/07\/jardi-botanic-blanes1.jpg\" class=\"attachment-large size-large wp-image-13553\" alt=\"\" srcset=\"https:\/\/www.willysplan.com\/wp-content\/uploads\/2020\/07\/jardi-botanic-blanes1.jpg 595w, https:\/\/www.willysplan.com\/wp-content\/uploads\/2020\/07\/jardi-botanic-blanes1-300x300.jpg 300w, https:\/\/www.willysplan.com\/wp-content\/uploads\/2020\/07\/jardi-botanic-blanes1-150x150.jpg 150w, https:\/\/www.willysplan.com\/wp-content\/uploads\/2020\/07\/jardi-botanic-blanes1-280x280.jpg 280w, https:\/\/www.willysplan.com\/wp-content\/uploads\/2020\/07\/jardi-botanic-blanes1-401x400.jpg 401w, https:\/\/www.willysplan.com\/wp-content\/uploads\/2020\/07\/jardi-botanic-blanes1-585x583.jpg 585w, https:\/\/www.willysplan.com\/wp-content\/uploads\/2020\/07\/jardi-botanic-blanes1-100x100.jpg 100w\" sizes=\"(max-width: 595px) 100vw, 595px\" \/>\t\t\t\t\t\t\t\t\t\t\t\t\t\t\t<\/div>\n\t\t\t\t<\/div>\n\t\t\t\t\t<\/div>\n\t\t<\/div>\n\t\t\t\t<div class=\"elementor-column elementor-col-50 elementor-top-column elementor-element elementor-element-eb145bb\" data-id=\"eb145bb\" data-element_type=\"column\">\n\t\t\t<div class=\"elementor-widget-wrap elementor-element-populated\">\n\t\t\t\t\t\t<div class=\"elementor-element elementor-element-fa7a96e elementor-widget elementor-widget-image\" data-id=\"fa7a96e\" data-element_type=\"widget\" data-widget_type=\"image.default\">\n\t\t\t\t<div class=\"elementor-widget-container\">\n\t\t\t\t\t\t\t\t\t\t\t\t\t\t\t<img decoding=\"async\" width=\"700\" height=\"525\" src=\"https:\/\/www.willysplan.com\/wp-content\/uploads\/2020\/07\/jardi-botanic-marimurtra1.jpg\" class=\"attachment-large size-large wp-image-13555\" alt=\"\" srcset=\"https:\/\/www.willysplan.com\/wp-content\/uploads\/2020\/07\/jardi-botanic-marimurtra1.jpg 700w, https:\/\/www.willysplan.com\/wp-content\/uploads\/2020\/07\/jardi-botanic-marimurtra1-300x225.jpg 300w, https:\/\/www.willysplan.com\/wp-content\/uploads\/2020\/07\/jardi-botanic-marimurtra1-533x400.jpg 533w, https:\/\/www.willysplan.com\/wp-content\/uploads\/2020\/07\/jardi-botanic-marimurtra1-585x439.jpg 585w, https:\/\/www.willysplan.com\/wp-content\/uploads\/2020\/07\/jardi-botanic-marimurtra1-600x450.jpg 600w\" sizes=\"(max-width: 700px) 100vw, 700px\" \/>\t\t\t\t\t\t\t\t\t\t\t\t\t\t\t<\/div>\n\t\t\t\t<\/div>\n\t\t\t\t\t<\/div>\n\t\t<\/div>\n\t\t\t\t\t<\/div>\n\t\t<\/section>\n\t\t\t\t<section class=\"elementor-section elementor-top-section elementor-element elementor-element-090337d elementor-section-boxed elementor-section-height-default elementor-section-height-default\" data-id=\"090337d\" data-element_type=\"section\">\n\t\t\t\t\t\t<div class=\"elementor-container elementor-column-gap-default\">\n\t\t\t\t\t<div class=\"elementor-column elementor-col-100 elementor-top-column elementor-element elementor-element-10259a1\" data-id=\"10259a1\" data-element_type=\"column\">\n\t\t\t<div class=\"elementor-widget-wrap elementor-element-populated\">\n\t\t\t\t\t\t<div class=\"elementor-element elementor-element-67842ef elementor-widget elementor-widget-text-editor\" data-id=\"67842ef\" data-element_type=\"widget\" data-widget_type=\"text-editor.default\">\n\t\t\t\t<div class=\"elementor-widget-container\">\n\t\t\t\t\t\t\t\t\tLa millor alternativa per con\u00e8ixer el patrimoni bot\u00e0nic, paisatg\u00edstic i fins i tot arquitect\u00f2nic de cada lloc on viatgem, \u00e9s visitar els jardins bot\u00e0nics.\n\nEn aquesta ocasi\u00f3, el <strong>Jard\u00ed Bot\u00e0nic Marimurtra<\/strong> compta amb m\u00e9s de 4.000 esp\u00e8cies, entre les quals les m\u00e9s emblem\u00e0tiques <strong>de la Selva<\/strong> i dels 5 continents. Un lloc on tamb\u00e9 hi viu una gran fam\u00edlia d&#8217;insectes, ocells i plantes, que atrauen un gran nombre de turistes de tot el m\u00f3n, i fins i tot visitants locals al llarg de l&#8217;any. L&#8217;entrada al recinte \u00e9s de <b>7\u20ac per persona<\/b> , i es pot visitar cada dia <b>de dilluns a diumenge, entre les 10hs &#8211; 19hs<\/b> . Si vols comprar les entrades online, pots fer-ho mitjan\u00e7ant el <a href=\"https:\/\/marimurtra.cat\/es\/\" target=\"_blank\" rel=\"nofollow noopener\">seg\u00fcent enlla\u00e7<\/a> .\n\nEl que m\u00e9s us recomanem, \u00e9s baixar amb calma les <strong>escales d&#8217;Epicur,<\/strong> on us trobareu amb una joia arquitect\u00f2nica de la cultura romana que us deixar\u00e0 sense al\u00e8. El <strong>Templet de Linn\u00e9<\/strong> ,<strong> <\/strong>\u00e9s un dels monuments m\u00e9s bonics que es poden apreciar en aquesta visita, i sens dubte un lloc que desperta el romanticisme de molts.\t\t\t\t\t\t\t\t<\/div>\n\t\t\t\t<\/div>\n\t\t\t\t\t<\/div>\n\t\t<\/div>\n\t\t\t\t\t<\/div>\n\t\t<\/section>\n\t\t\t\t<section class=\"elementor-section elementor-top-section elementor-element elementor-element-c34e060 elementor-section-boxed elementor-section-height-default elementor-section-height-default\" data-id=\"c34e060\" data-element_type=\"section\">\n\t\t\t\t\t\t<div class=\"elementor-container elementor-column-gap-default\">\n\t\t\t\t\t<div class=\"elementor-column elementor-col-100 elementor-top-column elementor-element elementor-element-e81ecc9\" data-id=\"e81ecc9\" data-element_type=\"column\">\n\t\t\t<div class=\"elementor-widget-wrap elementor-element-populated\">\n\t\t\t\t\t\t<div class=\"elementor-element elementor-element-ba75c32 elementor-widget elementor-widget-heading\" data-id=\"ba75c32\" data-element_type=\"widget\" data-widget_type=\"heading.default\">\n\t\t\t\t<div class=\"elementor-widget-container\">\n\t\t\t\t\t<h2 class=\"elementor-heading-title elementor-size-default\">Cala Sa Forcanera<\/h2>\t\t\t\t<\/div>\n\t\t\t\t<\/div>\n\t\t\t\t\t<\/div>\n\t\t<\/div>\n\t\t\t\t\t<\/div>\n\t\t<\/section>\n\t\t\t\t<section class=\"elementor-section elementor-top-section elementor-element elementor-element-4962947 elementor-section-boxed elementor-section-height-default elementor-section-height-default\" data-id=\"4962947\" data-element_type=\"section\">\n\t\t\t\t\t\t<div class=\"elementor-container elementor-column-gap-default\">\n\t\t\t\t\t<div class=\"elementor-column elementor-col-50 elementor-top-column elementor-element elementor-element-1388c3f\" data-id=\"1388c3f\" data-element_type=\"column\">\n\t\t\t<div class=\"elementor-widget-wrap elementor-element-populated\">\n\t\t\t\t\t\t<div class=\"elementor-element elementor-element-574d17a elementor-widget elementor-widget-image\" data-id=\"574d17a\" data-element_type=\"widget\" data-widget_type=\"image.default\">\n\t\t\t\t<div class=\"elementor-widget-container\">\n\t\t\t\t\t\t\t\t\t\t\t\t\t\t\t<img decoding=\"async\" width=\"599\" height=\"416\" src=\"https:\/\/www.willysplan.com\/wp-content\/uploads\/2020\/07\/cala-sa-forcanera.jpg\" class=\"attachment-large size-large wp-image-12945\" alt=\"\" srcset=\"https:\/\/www.willysplan.com\/wp-content\/uploads\/2020\/07\/cala-sa-forcanera.jpg 599w, https:\/\/www.willysplan.com\/wp-content\/uploads\/2020\/07\/cala-sa-forcanera-300x208.jpg 300w, https:\/\/www.willysplan.com\/wp-content\/uploads\/2020\/07\/cala-sa-forcanera-576x400.jpg 576w, https:\/\/www.willysplan.com\/wp-content\/uploads\/2020\/07\/cala-sa-forcanera-585x406.jpg 585w\" sizes=\"(max-width: 599px) 100vw, 599px\" \/>\t\t\t\t\t\t\t\t\t\t\t\t\t\t\t<\/div>\n\t\t\t\t<\/div>\n\t\t\t\t\t<\/div>\n\t\t<\/div>\n\t\t\t\t<div class=\"elementor-column elementor-col-50 elementor-top-column elementor-element elementor-element-9017b79\" data-id=\"9017b79\" data-element_type=\"column\">\n\t\t\t<div class=\"elementor-widget-wrap elementor-element-populated\">\n\t\t\t\t\t\t<div class=\"elementor-element elementor-element-4776ef0 elementor-widget elementor-widget-image\" data-id=\"4776ef0\" data-element_type=\"widget\" data-widget_type=\"image.default\">\n\t\t\t\t<div class=\"elementor-widget-container\">\n\t\t\t\t\t\t\t\t\t\t\t\t\t\t\t<img loading=\"lazy\" decoding=\"async\" width=\"600\" height=\"417\" src=\"https:\/\/www.willysplan.com\/wp-content\/uploads\/2020\/07\/cala-sa-forcanera-en-blanes.jpg\" class=\"attachment-large size-large wp-image-12943\" alt=\"\" srcset=\"https:\/\/www.willysplan.com\/wp-content\/uploads\/2020\/07\/cala-sa-forcanera-en-blanes.jpg 600w, https:\/\/www.willysplan.com\/wp-content\/uploads\/2020\/07\/cala-sa-forcanera-en-blanes-300x209.jpg 300w, https:\/\/www.willysplan.com\/wp-content\/uploads\/2020\/07\/cala-sa-forcanera-en-blanes-576x400.jpg 576w, https:\/\/www.willysplan.com\/wp-content\/uploads\/2020\/07\/cala-sa-forcanera-en-blanes-585x407.jpg 585w\" sizes=\"(max-width: 600px) 100vw, 600px\" \/>\t\t\t\t\t\t\t\t\t\t\t\t\t\t\t<\/div>\n\t\t\t\t<\/div>\n\t\t\t\t\t<\/div>\n\t\t<\/div>\n\t\t\t\t\t<\/div>\n\t\t<\/section>\n\t\t\t\t<section class=\"elementor-section elementor-top-section elementor-element elementor-element-77aac5a elementor-section-boxed elementor-section-height-default elementor-section-height-default\" data-id=\"77aac5a\" data-element_type=\"section\">\n\t\t\t\t\t\t<div class=\"elementor-container elementor-column-gap-default\">\n\t\t\t\t\t<div class=\"elementor-column elementor-col-100 elementor-top-column elementor-element elementor-element-8024375\" data-id=\"8024375\" data-element_type=\"column\">\n\t\t\t<div class=\"elementor-widget-wrap elementor-element-populated\">\n\t\t\t\t\t\t<div class=\"elementor-element elementor-element-afe3043 elementor-widget elementor-widget-text-editor\" data-id=\"afe3043\" data-element_type=\"widget\" data-widget_type=\"text-editor.default\">\n\t\t\t\t<div class=\"elementor-widget-container\">\n\t\t\t\t\t\t\t\t\t<p>Potser el m\u00e9s atractiu d&#8217;aquesta cala \u00e9s com \u00e9s de preciosa i d&#8217;a\u00efllada. Aix\u00f2 la fa perfecta per gaudir de la millor diversi\u00f3 allunyada de les aglomeracions, b\u00e9 i perqu\u00e8 no complaure als que els agrada tenir una mica m\u00e9s de privadesa? A Willy&#8217;s pla pensem en tots!<\/p>\n<p>Aix\u00ed que prepara el banyador, un parell d&#8217;entrepans i begudes, que ens espera un dia inoblidable a la <strong>Cala Sa Forcanera. <\/strong>Aix\u00f2 t&#8217;ho diem perqu\u00e8 a aquesta platja nom\u00e9s es pot arribar amb vaixell ja que est\u00e0 ubicada sota un penya-segat i l&#8217;acc\u00e9s per terra \u00e9s privat, aix\u00ed que&#8230; \u00e9s millor estar preparats!<\/p>\n<p>Com a alternativa, us proposem una altra cala que s\u00ed que \u00e9s accessible a peu, mitjan\u00e7ant un cam\u00ed de ronda o des del mateix poble. Aquesta \u00e9s la <a href=\"https:\/\/goo.gl\/maps\/NftpnDTp9oeRhBM19\" target=\"_blank\" rel=\"nofollow noopener\">Cana Bona<\/a> . Hi tindreu &#8220;menys privadesa&#8221; perqu\u00e8 \u00e9s molt m\u00e9s gran que l&#8217;anterior, per\u00f2 una molt bona opci\u00f3 si volem ser pr\u00e0ctics.<\/p>\n\t\t\t\t\t\t\t\t<\/div>\n\t\t\t\t<\/div>\n\t\t\t\t\t<\/div>\n\t\t<\/div>\n\t\t\t\t\t<\/div>\n\t\t<\/section>\n\t\t\t\t<section class=\"elementor-section elementor-top-section elementor-element elementor-element-c384282 elementor-section-boxed elementor-section-height-default elementor-section-height-default\" data-id=\"c384282\" data-element_type=\"section\">\n\t\t\t\t\t\t<div class=\"elementor-container elementor-column-gap-default\">\n\t\t\t\t\t<div class=\"elementor-column elementor-col-100 elementor-top-column elementor-element elementor-element-29a3cf2\" data-id=\"29a3cf2\" data-element_type=\"column\">\n\t\t\t<div class=\"elementor-widget-wrap elementor-element-populated\">\n\t\t\t\t\t\t<div class=\"elementor-element elementor-element-941d80f elementor-widget elementor-widget-heading\" data-id=\"941d80f\" data-element_type=\"widget\" data-widget_type=\"heading.default\">\n\t\t\t\t<div class=\"elementor-widget-container\">\n\t\t\t\t\t<h2 class=\"elementor-heading-title elementor-size-default\">Castell de Sant Joan (Blanes)<\/h2>\t\t\t\t<\/div>\n\t\t\t\t<\/div>\n\t\t\t\t\t<\/div>\n\t\t<\/div>\n\t\t\t\t\t<\/div>\n\t\t<\/section>\n\t\t\t\t<section class=\"elementor-section elementor-top-section elementor-element elementor-element-e5a1226 elementor-section-boxed elementor-section-height-default elementor-section-height-default\" data-id=\"e5a1226\" data-element_type=\"section\">\n\t\t\t\t\t\t<div class=\"elementor-container elementor-column-gap-default\">\n\t\t\t\t\t<div class=\"elementor-column elementor-col-50 elementor-top-column elementor-element elementor-element-adc3ab4\" data-id=\"adc3ab4\" data-element_type=\"column\">\n\t\t\t<div class=\"elementor-widget-wrap elementor-element-populated\">\n\t\t\t\t\t\t<div class=\"elementor-element elementor-element-7f7d5ad elementor-widget elementor-widget-image\" data-id=\"7f7d5ad\" data-element_type=\"widget\" data-widget_type=\"image.default\">\n\t\t\t\t<div class=\"elementor-widget-container\">\n\t\t\t\t\t\t\t\t\t\t\t\t\t\t\t<img loading=\"lazy\" decoding=\"async\" width=\"582\" height=\"413\" src=\"https:\/\/www.willysplan.com\/wp-content\/uploads\/2020\/07\/castell-de-sant-joan-blanes1.jpg\" class=\"attachment-large size-large wp-image-13557\" alt=\"\" srcset=\"https:\/\/www.willysplan.com\/wp-content\/uploads\/2020\/07\/castell-de-sant-joan-blanes1.jpg 582w, https:\/\/www.willysplan.com\/wp-content\/uploads\/2020\/07\/castell-de-sant-joan-blanes1-300x213.jpg 300w, https:\/\/www.willysplan.com\/wp-content\/uploads\/2020\/07\/castell-de-sant-joan-blanes1-564x400.jpg 564w\" sizes=\"(max-width: 582px) 100vw, 582px\" \/>\t\t\t\t\t\t\t\t\t\t\t\t\t\t\t<\/div>\n\t\t\t\t<\/div>\n\t\t\t\t\t<\/div>\n\t\t<\/div>\n\t\t\t\t<div class=\"elementor-column elementor-col-50 elementor-top-column elementor-element elementor-element-bb2283e\" data-id=\"bb2283e\" data-element_type=\"column\">\n\t\t\t<div class=\"elementor-widget-wrap elementor-element-populated\">\n\t\t\t\t\t\t<div class=\"elementor-element elementor-element-acb8177 elementor-widget elementor-widget-image\" data-id=\"acb8177\" data-element_type=\"widget\" data-widget_type=\"image.default\">\n\t\t\t\t<div class=\"elementor-widget-container\">\n\t\t\t\t\t\t\t\t\t\t\t\t\t\t\t<img loading=\"lazy\" decoding=\"async\" width=\"872\" height=\"652\" src=\"https:\/\/www.willysplan.com\/wp-content\/uploads\/2020\/07\/castell-de-blanes-Sant-Joan1.jpg\" class=\"attachment-large size-large wp-image-13559\" alt=\"\" srcset=\"https:\/\/www.willysplan.com\/wp-content\/uploads\/2020\/07\/castell-de-blanes-Sant-Joan1.jpg 872w, https:\/\/www.willysplan.com\/wp-content\/uploads\/2020\/07\/castell-de-blanes-Sant-Joan1-300x224.jpg 300w, https:\/\/www.willysplan.com\/wp-content\/uploads\/2020\/07\/castell-de-blanes-Sant-Joan1-768x574.jpg 768w, https:\/\/www.willysplan.com\/wp-content\/uploads\/2020\/07\/castell-de-blanes-Sant-Joan1-535x400.jpg 535w, https:\/\/www.willysplan.com\/wp-content\/uploads\/2020\/07\/castell-de-blanes-Sant-Joan1-585x437.jpg 585w, https:\/\/www.willysplan.com\/wp-content\/uploads\/2020\/07\/castell-de-blanes-Sant-Joan1-600x449.jpg 600w\" sizes=\"(max-width: 872px) 100vw, 872px\" \/>\t\t\t\t\t\t\t\t\t\t\t\t\t\t\t<\/div>\n\t\t\t\t<\/div>\n\t\t\t\t\t<\/div>\n\t\t<\/div>\n\t\t\t\t\t<\/div>\n\t\t<\/section>\n\t\t\t\t<section class=\"elementor-section elementor-top-section elementor-element elementor-element-c270963 elementor-section-boxed elementor-section-height-default elementor-section-height-default\" data-id=\"c270963\" data-element_type=\"section\">\n\t\t\t\t\t\t<div class=\"elementor-container elementor-column-gap-default\">\n\t\t\t\t\t<div class=\"elementor-column elementor-col-100 elementor-top-column elementor-element elementor-element-765432f\" data-id=\"765432f\" data-element_type=\"column\">\n\t\t\t<div class=\"elementor-widget-wrap elementor-element-populated\">\n\t\t\t\t\t\t<div class=\"elementor-element elementor-element-6acffce elementor-widget elementor-widget-text-editor\" data-id=\"6acffce\" data-element_type=\"widget\" data-widget_type=\"text-editor.default\">\n\t\t\t\t<div class=\"elementor-widget-container\">\n\t\t\t\t\t\t\t\t\t<p>El <strong>Castell de Sant Joan<\/strong> o <b>Castell de Blanes<\/b> <strong>,<\/strong> data del segle XI i es troba al cim del tur\u00f3 que separa les <strong>platges de Fenal<\/strong> i <strong>Lloret de Mar.<\/strong><\/p>\n<p>Encara que es pot apreciar molt poc el que queda del castell, enmig de ru\u00efnes encara conserva els fonaments de la torre i trossos de roca que fan volar la imaginaci\u00f3 del que el visita, fent-se una idea del que va poder ser a la seva \u00e8poca d&#8217;esplendor .<\/p>\n<p>Per pujar a la trobada, podeu consultar en alguns dels punts d&#8217;informaci\u00f3 tur\u00edstica o agafar algun transport que us permeti arribar. Un lloc que acull hist\u00f2ria i una riquesa cultural que t&#8217;envolta completament. Us proposem acabar veient la posta de sol des de la mateixa fortificaci\u00f3: un pla ideal per gaudir en parella, fam\u00edlia o amics.<\/p>\n\t\t\t\t\t\t\t\t<\/div>\n\t\t\t\t<\/div>\n\t\t\t\t\t<\/div>\n\t\t<\/div>\n\t\t\t\t\t<\/div>\n\t\t<\/section>\n\t\t\t\t<section class=\"elementor-section elementor-top-section elementor-element elementor-element-5db1738 elementor-section-boxed elementor-section-height-default elementor-section-height-default\" data-id=\"5db1738\" data-element_type=\"section\">\n\t\t\t\t\t\t<div class=\"elementor-container elementor-column-gap-default\">\n\t\t\t\t\t<div class=\"elementor-column elementor-col-100 elementor-top-column elementor-element elementor-element-646a6c0\" data-id=\"646a6c0\" data-element_type=\"column\">\n\t\t\t<div class=\"elementor-widget-wrap elementor-element-populated\">\n\t\t\t\t\t\t<div class=\"elementor-element elementor-element-d875d3a elementor-widget elementor-widget-heading\" data-id=\"d875d3a\" data-element_type=\"widget\" data-widget_type=\"heading.default\">\n\t\t\t\t<div class=\"elementor-widget-container\">\n\t\t\t\t\t<h2 class=\"elementor-heading-title elementor-size-default\">Altres rutes que tamb\u00e9 et poden interessar...<\/h2>\t\t\t\t<\/div>\n\t\t\t\t<\/div>\n\t\t\t\t\t<\/div>\n\t\t<\/div>\n\t\t\t\t\t<\/div>\n\t\t<\/section>\n\t\t\t\t<section class=\"elementor-section elementor-top-section elementor-element elementor-element-8253b86 elementor-section-boxed elementor-section-height-default elementor-section-height-default\" data-id=\"8253b86\" data-element_type=\"section\">\n\t\t\t\t\t\t<div class=\"elementor-container elementor-column-gap-default\">\n\t\t\t\t\t<div class=\"elementor-column elementor-col-100 elementor-top-column elementor-element elementor-element-7f80c44\" data-id=\"7f80c44\" data-element_type=\"column\">\n\t\t\t<div class=\"elementor-widget-wrap elementor-element-populated\">\n\t\t\t\t\t\t\t<\/div>\n\t\t<\/div>\n\t\t\t\t\t<\/div>\n\t\t<\/section>\n\t\t\t\t<\/div>\n\t\t","protected":false},"excerpt":{"rendered":"<p>La selva \u00e9s una de les comarques m\u00e9s atractives de Catalunya, i si es tracta d&#8217;estiu, ens atrevir\u00edem a dir que \u00e9s la m\u00e9s apropiada per escapar-se uns dies, ja sigui que tingueu pensat fer unes vacances amb nens , o una escapada relax . Una regi\u00f3 amb una gran riquesa natural, unes platges envejables&hellip;&nbsp;<a href=\"https:\/\/www.willysplan.com\/ca\/rutes\/ruta-des-del-jardi-botanic-marimurtra-al-castell-de-sant-joan\" rel=\"bookmark\">Llegiu m\u00e9s &raquo;<span class=\"screen-reader-text\">Ruta des del Jard\u00ed Bot\u00e0nic Marimurtra al Castell de Sant Joan<\/span><\/a><\/p>\n","protected":false},"author":2,"featured_media":13551,"comment_status":"closed","ping_status":"closed","sticky":false,"template":"","format":"standard","meta":{"neve_meta_sidebar":"","neve_meta_container":"","neve_meta_enable_content_width":"","neve_meta_content_width":0,"neve_meta_title_alignment":"","neve_meta_author_avatar":"","neve_post_elements_order":"","neve_meta_disable_header":"","neve_meta_disable_footer":"","neve_meta_disable_title":"","_joinchat":[],"footnotes":""},"categories":[323],"tags":[370,360,362,361],"class_list":["post-15927","post","type-post","status-publish","format-standard","has-post-thumbnail","hentry","category-rutes","tag-rutes-blandes","tag-rutes-catalunya","tag-rutes-costa-brava","tag-rutes-girona-provincia"],"yoast_head":"<!-- This site is optimized with the Yoast SEO Premium plugin v20.1 (Yoast SEO v26.9) - https:\/\/yoast.com\/product\/yoast-seo-premium-wordpress\/ -->\n<title>Ruta des del Jard\u00ed Bot\u00e0nic Marimurtra al Castell de Blanes - Willy&#039;s plan<\/title>\n<meta name=\"description\" content=\"Descobreix una de les millors rutes qu\u00e8 fer a Blanes. Gaudeix visitant el Jard\u00ed Bot\u00e0nic Marimurtra, la Cala Sa Forcanera i el Castell de Sant Joan. \u2705\" \/>\n<meta name=\"robots\" content=\"index, follow, max-snippet:-1, max-image-preview:large, max-video-preview:-1\" \/>\n<link rel=\"canonical\" href=\"https:\/\/www.willysplan.com\/ca\/rutes\/ruta-des-del-jardi-botanic-marimurtra-al-castell-de-sant-joan\" \/>\n<meta property=\"og:locale\" content=\"ca_ES\" \/>\n<meta property=\"og:type\" content=\"article\" \/>\n<meta property=\"og:title\" content=\"Ruta des del Jard\u00ed Bot\u00e0nic Marimurtra al Castell de Sant Joan\" \/>\n<meta property=\"og:description\" content=\"Descobreix una de les millors rutes qu\u00e8 fer a Blanes. Gaudeix visitant el Jard\u00ed Bot\u00e0nic Marimurtra, la Cala Sa Forcanera i el Castell de Sant Joan. \u2705\" \/>\n<meta property=\"og:url\" content=\"https:\/\/www.willysplan.com\/ca\/rutes\/ruta-des-del-jardi-botanic-marimurtra-al-castell-de-sant-joan\" \/>\n<meta property=\"og:site_name\" content=\"Willy&#039;s Plan \ud83c\udf43\" \/>\n<meta property=\"article:published_time\" content=\"2020-07-11T17:40:59+00:00\" \/>\n<meta property=\"article:modified_time\" content=\"2023-07-25T04:04:05+00:00\" \/>\n<meta property=\"og:image\" content=\"https:\/\/www.willysplan.com\/wp-content\/uploads\/2020\/07\/rutas-en-blanes2.jpg\" \/>\n\t<meta property=\"og:image:width\" content=\"960\" \/>\n\t<meta property=\"og:image:height\" content=\"435\" \/>\n\t<meta property=\"og:image:type\" content=\"image\/jpeg\" \/>\n<meta name=\"author\" content=\"Guillem Asensio\" \/>\n<meta name=\"twitter:card\" content=\"summary_large_image\" \/>\n<meta name=\"twitter:label1\" content=\"Escrit per\" \/>\n\t<meta name=\"twitter:data1\" content=\"Guillem Asensio\" \/>\n\t<meta name=\"twitter:label2\" content=\"Temps estimat de lectura\" \/>\n\t<meta name=\"twitter:data2\" content=\"5 minuts\" \/>\n<script type=\"application\/ld+json\" class=\"yoast-schema-graph\">{\"@context\":\"https:\/\/schema.org\",\"@graph\":[{\"@type\":\"Article\",\"@id\":\"https:\/\/www.willysplan.com\/ca\/rutes\/ruta-des-del-jardi-botanic-marimurtra-al-castell-de-sant-joan#article\",\"isPartOf\":{\"@id\":\"https:\/\/www.willysplan.com\/ca\/rutes\/ruta-des-del-jardi-botanic-marimurtra-al-castell-de-sant-joan\"},\"author\":{\"name\":\"Guillem Asensio\",\"@id\":\"https:\/\/www.willysplan.com\/#\/schema\/person\/6f2dbf2215cd25715df085907bd007c1\"},\"headline\":\"Ruta des del Jard\u00ed Bot\u00e0nic Marimurtra al Castell de Sant Joan\",\"datePublished\":\"2020-07-11T17:40:59+00:00\",\"dateModified\":\"2023-07-25T04:04:05+00:00\",\"mainEntityOfPage\":{\"@id\":\"https:\/\/www.willysplan.com\/ca\/rutes\/ruta-des-del-jardi-botanic-marimurtra-al-castell-de-sant-joan\"},\"wordCount\":981,\"publisher\":{\"@id\":\"https:\/\/www.willysplan.com\/#organization\"},\"image\":{\"@id\":\"https:\/\/www.willysplan.com\/ca\/rutes\/ruta-des-del-jardi-botanic-marimurtra-al-castell-de-sant-joan#primaryimage\"},\"thumbnailUrl\":\"https:\/\/www.willysplan.com\/wp-content\/uploads\/2020\/07\/rutas-en-blanes2.jpg\",\"keywords\":[\"rutes blandes\",\"rutes catalunya\",\"rutes costa brava\",\"rutes girona prov\u00edncia\"],\"articleSection\":[\"rutes\"],\"inLanguage\":\"ca\"},{\"@type\":\"WebPage\",\"@id\":\"https:\/\/www.willysplan.com\/ca\/rutes\/ruta-des-del-jardi-botanic-marimurtra-al-castell-de-sant-joan\",\"url\":\"https:\/\/www.willysplan.com\/ca\/rutes\/ruta-des-del-jardi-botanic-marimurtra-al-castell-de-sant-joan\",\"name\":\"Ruta des del Jard\u00ed Bot\u00e0nic Marimurtra al Castell de Blanes - Willy's plan\",\"isPartOf\":{\"@id\":\"https:\/\/www.willysplan.com\/#website\"},\"primaryImageOfPage\":{\"@id\":\"https:\/\/www.willysplan.com\/ca\/rutes\/ruta-des-del-jardi-botanic-marimurtra-al-castell-de-sant-joan#primaryimage\"},\"image\":{\"@id\":\"https:\/\/www.willysplan.com\/ca\/rutes\/ruta-des-del-jardi-botanic-marimurtra-al-castell-de-sant-joan#primaryimage\"},\"thumbnailUrl\":\"https:\/\/www.willysplan.com\/wp-content\/uploads\/2020\/07\/rutas-en-blanes2.jpg\",\"datePublished\":\"2020-07-11T17:40:59+00:00\",\"dateModified\":\"2023-07-25T04:04:05+00:00\",\"description\":\"Descobreix una de les millors rutes qu\u00e8 fer a Blanes. Gaudeix visitant el Jard\u00ed Bot\u00e0nic Marimurtra, la Cala Sa Forcanera i el Castell de Sant Joan. \u2705\",\"inLanguage\":\"ca\",\"potentialAction\":[{\"@type\":\"ReadAction\",\"target\":[\"https:\/\/www.willysplan.com\/ca\/rutes\/ruta-des-del-jardi-botanic-marimurtra-al-castell-de-sant-joan\"]}]},{\"@type\":\"ImageObject\",\"inLanguage\":\"ca\",\"@id\":\"https:\/\/www.willysplan.com\/ca\/rutes\/ruta-des-del-jardi-botanic-marimurtra-al-castell-de-sant-joan#primaryimage\",\"url\":\"https:\/\/www.willysplan.com\/wp-content\/uploads\/2020\/07\/rutas-en-blanes2.jpg\",\"contentUrl\":\"https:\/\/www.willysplan.com\/wp-content\/uploads\/2020\/07\/rutas-en-blanes2.jpg\",\"width\":960,\"height\":435},{\"@type\":\"WebSite\",\"@id\":\"https:\/\/www.willysplan.com\/#website\",\"url\":\"https:\/\/www.willysplan.com\/\",\"name\":\"Willy&#039;s Plan \ud83c\udf43\",\"description\":\"Escapadas y Planes de fin de semana\",\"publisher\":{\"@id\":\"https:\/\/www.willysplan.com\/#organization\"},\"potentialAction\":[{\"@type\":\"SearchAction\",\"target\":{\"@type\":\"EntryPoint\",\"urlTemplate\":\"https:\/\/www.willysplan.com\/?s={search_term_string}\"},\"query-input\":{\"@type\":\"PropertyValueSpecification\",\"valueRequired\":true,\"valueName\":\"search_term_string\"}}],\"inLanguage\":\"ca\"},{\"@type\":\"Organization\",\"@id\":\"https:\/\/www.willysplan.com\/#organization\",\"name\":\"Willy&#039;s Plan \ud83c\udf43\",\"url\":\"https:\/\/www.willysplan.com\/\",\"logo\":{\"@type\":\"ImageObject\",\"inLanguage\":\"ca\",\"@id\":\"https:\/\/www.willysplan.com\/#\/schema\/logo\/image\/\",\"url\":\"https:\/\/www.willysplan.com\/wp-content\/uploads\/2020\/04\/cropped-logo-1.png\",\"contentUrl\":\"https:\/\/www.willysplan.com\/wp-content\/uploads\/2020\/04\/cropped-logo-1.png\",\"width\":332,\"height\":332,\"caption\":\"Willy&#039;s Plan \ud83c\udf43\"},\"image\":{\"@id\":\"https:\/\/www.willysplan.com\/#\/schema\/logo\/image\/\"}},{\"@type\":\"Person\",\"@id\":\"https:\/\/www.willysplan.com\/#\/schema\/person\/6f2dbf2215cd25715df085907bd007c1\",\"name\":\"Guillem Asensio\",\"image\":{\"@type\":\"ImageObject\",\"inLanguage\":\"ca\",\"@id\":\"https:\/\/www.willysplan.com\/#\/schema\/person\/image\/\",\"url\":\"https:\/\/secure.gravatar.com\/avatar\/fd3f69da3e6cd8d451f6be79c127da046757b9a4c273deefb40b1291809cc787?s=96&d=mm&r=g\",\"contentUrl\":\"https:\/\/secure.gravatar.com\/avatar\/fd3f69da3e6cd8d451f6be79c127da046757b9a4c273deefb40b1291809cc787?s=96&d=mm&r=g\",\"caption\":\"Guillem Asensio\"},\"sameAs\":[\"https:\/\/willysplan.com\"],\"url\":\"https:\/\/www.willysplan.com\/ca\/author\/willy\"}]}<\/script>\n<!-- \/ Yoast SEO Premium plugin. -->","yoast_head_json":{"title":"Ruta des del Jard\u00ed Bot\u00e0nic Marimurtra al Castell de Blanes - Willy's plan","description":"Descobreix una de les millors rutes qu\u00e8 fer a Blanes. Gaudeix visitant el Jard\u00ed Bot\u00e0nic Marimurtra, la Cala Sa Forcanera i el Castell de Sant Joan. \u2705","robots":{"index":"index","follow":"follow","max-snippet":"max-snippet:-1","max-image-preview":"max-image-preview:large","max-video-preview":"max-video-preview:-1"},"canonical":"https:\/\/www.willysplan.com\/ca\/rutes\/ruta-des-del-jardi-botanic-marimurtra-al-castell-de-sant-joan","og_locale":"ca_ES","og_type":"article","og_title":"Ruta des del Jard\u00ed Bot\u00e0nic Marimurtra al Castell de Sant Joan","og_description":"Descobreix una de les millors rutes qu\u00e8 fer a Blanes. Gaudeix visitant el Jard\u00ed Bot\u00e0nic Marimurtra, la Cala Sa Forcanera i el Castell de Sant Joan. \u2705","og_url":"https:\/\/www.willysplan.com\/ca\/rutes\/ruta-des-del-jardi-botanic-marimurtra-al-castell-de-sant-joan","og_site_name":"Willy&#039;s Plan \ud83c\udf43","article_published_time":"2020-07-11T17:40:59+00:00","article_modified_time":"2023-07-25T04:04:05+00:00","og_image":[{"width":960,"height":435,"url":"https:\/\/www.willysplan.com\/wp-content\/uploads\/2020\/07\/rutas-en-blanes2.jpg","type":"image\/jpeg"}],"author":"Guillem Asensio","twitter_card":"summary_large_image","twitter_misc":{"Escrit per":"Guillem Asensio","Temps estimat de lectura":"5 minuts"},"schema":{"@context":"https:\/\/schema.org","@graph":[{"@type":"Article","@id":"https:\/\/www.willysplan.com\/ca\/rutes\/ruta-des-del-jardi-botanic-marimurtra-al-castell-de-sant-joan#article","isPartOf":{"@id":"https:\/\/www.willysplan.com\/ca\/rutes\/ruta-des-del-jardi-botanic-marimurtra-al-castell-de-sant-joan"},"author":{"name":"Guillem Asensio","@id":"https:\/\/www.willysplan.com\/#\/schema\/person\/6f2dbf2215cd25715df085907bd007c1"},"headline":"Ruta des del Jard\u00ed Bot\u00e0nic Marimurtra al Castell de Sant Joan","datePublished":"2020-07-11T17:40:59+00:00","dateModified":"2023-07-25T04:04:05+00:00","mainEntityOfPage":{"@id":"https:\/\/www.willysplan.com\/ca\/rutes\/ruta-des-del-jardi-botanic-marimurtra-al-castell-de-sant-joan"},"wordCount":981,"publisher":{"@id":"https:\/\/www.willysplan.com\/#organization"},"image":{"@id":"https:\/\/www.willysplan.com\/ca\/rutes\/ruta-des-del-jardi-botanic-marimurtra-al-castell-de-sant-joan#primaryimage"},"thumbnailUrl":"https:\/\/www.willysplan.com\/wp-content\/uploads\/2020\/07\/rutas-en-blanes2.jpg","keywords":["rutes blandes","rutes catalunya","rutes costa brava","rutes girona prov\u00edncia"],"articleSection":["rutes"],"inLanguage":"ca"},{"@type":"WebPage","@id":"https:\/\/www.willysplan.com\/ca\/rutes\/ruta-des-del-jardi-botanic-marimurtra-al-castell-de-sant-joan","url":"https:\/\/www.willysplan.com\/ca\/rutes\/ruta-des-del-jardi-botanic-marimurtra-al-castell-de-sant-joan","name":"Ruta des del Jard\u00ed Bot\u00e0nic Marimurtra al Castell de Blanes - Willy's plan","isPartOf":{"@id":"https:\/\/www.willysplan.com\/#website"},"primaryImageOfPage":{"@id":"https:\/\/www.willysplan.com\/ca\/rutes\/ruta-des-del-jardi-botanic-marimurtra-al-castell-de-sant-joan#primaryimage"},"image":{"@id":"https:\/\/www.willysplan.com\/ca\/rutes\/ruta-des-del-jardi-botanic-marimurtra-al-castell-de-sant-joan#primaryimage"},"thumbnailUrl":"https:\/\/www.willysplan.com\/wp-content\/uploads\/2020\/07\/rutas-en-blanes2.jpg","datePublished":"2020-07-11T17:40:59+00:00","dateModified":"2023-07-25T04:04:05+00:00","description":"Descobreix una de les millors rutes qu\u00e8 fer a Blanes. Gaudeix visitant el Jard\u00ed Bot\u00e0nic Marimurtra, la Cala Sa Forcanera i el Castell de Sant Joan. \u2705","inLanguage":"ca","potentialAction":[{"@type":"ReadAction","target":["https:\/\/www.willysplan.com\/ca\/rutes\/ruta-des-del-jardi-botanic-marimurtra-al-castell-de-sant-joan"]}]},{"@type":"ImageObject","inLanguage":"ca","@id":"https:\/\/www.willysplan.com\/ca\/rutes\/ruta-des-del-jardi-botanic-marimurtra-al-castell-de-sant-joan#primaryimage","url":"https:\/\/www.willysplan.com\/wp-content\/uploads\/2020\/07\/rutas-en-blanes2.jpg","contentUrl":"https:\/\/www.willysplan.com\/wp-content\/uploads\/2020\/07\/rutas-en-blanes2.jpg","width":960,"height":435},{"@type":"WebSite","@id":"https:\/\/www.willysplan.com\/#website","url":"https:\/\/www.willysplan.com\/","name":"Willy&#039;s Plan \ud83c\udf43","description":"Escapadas y Planes de fin de semana","publisher":{"@id":"https:\/\/www.willysplan.com\/#organization"},"potentialAction":[{"@type":"SearchAction","target":{"@type":"EntryPoint","urlTemplate":"https:\/\/www.willysplan.com\/?s={search_term_string}"},"query-input":{"@type":"PropertyValueSpecification","valueRequired":true,"valueName":"search_term_string"}}],"inLanguage":"ca"},{"@type":"Organization","@id":"https:\/\/www.willysplan.com\/#organization","name":"Willy&#039;s Plan \ud83c\udf43","url":"https:\/\/www.willysplan.com\/","logo":{"@type":"ImageObject","inLanguage":"ca","@id":"https:\/\/www.willysplan.com\/#\/schema\/logo\/image\/","url":"https:\/\/www.willysplan.com\/wp-content\/uploads\/2020\/04\/cropped-logo-1.png","contentUrl":"https:\/\/www.willysplan.com\/wp-content\/uploads\/2020\/04\/cropped-logo-1.png","width":332,"height":332,"caption":"Willy&#039;s Plan \ud83c\udf43"},"image":{"@id":"https:\/\/www.willysplan.com\/#\/schema\/logo\/image\/"}},{"@type":"Person","@id":"https:\/\/www.willysplan.com\/#\/schema\/person\/6f2dbf2215cd25715df085907bd007c1","name":"Guillem Asensio","image":{"@type":"ImageObject","inLanguage":"ca","@id":"https:\/\/www.willysplan.com\/#\/schema\/person\/image\/","url":"https:\/\/secure.gravatar.com\/avatar\/fd3f69da3e6cd8d451f6be79c127da046757b9a4c273deefb40b1291809cc787?s=96&d=mm&r=g","contentUrl":"https:\/\/secure.gravatar.com\/avatar\/fd3f69da3e6cd8d451f6be79c127da046757b9a4c273deefb40b1291809cc787?s=96&d=mm&r=g","caption":"Guillem Asensio"},"sameAs":["https:\/\/willysplan.com"],"url":"https:\/\/www.willysplan.com\/ca\/author\/willy"}]}},"_links":{"self":[{"href":"https:\/\/www.willysplan.com\/ca\/wp-json\/wp\/v2\/posts\/15927","targetHints":{"allow":["GET"]}}],"collection":[{"href":"https:\/\/www.willysplan.com\/ca\/wp-json\/wp\/v2\/posts"}],"about":[{"href":"https:\/\/www.willysplan.com\/ca\/wp-json\/wp\/v2\/types\/post"}],"author":[{"embeddable":true,"href":"https:\/\/www.willysplan.com\/ca\/wp-json\/wp\/v2\/users\/2"}],"replies":[{"embeddable":true,"href":"https:\/\/www.willysplan.com\/ca\/wp-json\/wp\/v2\/comments?post=15927"}],"version-history":[{"count":13,"href":"https:\/\/www.willysplan.com\/ca\/wp-json\/wp\/v2\/posts\/15927\/revisions"}],"predecessor-version":[{"id":21561,"href":"https:\/\/www.willysplan.com\/ca\/wp-json\/wp\/v2\/posts\/15927\/revisions\/21561"}],"wp:featuredmedia":[{"embeddable":true,"href":"https:\/\/www.willysplan.com\/ca\/wp-json\/wp\/v2\/media\/13551"}],"wp:attachment":[{"href":"https:\/\/www.willysplan.com\/ca\/wp-json\/wp\/v2\/media?parent=15927"}],"wp:term":[{"taxonomy":"category","embeddable":true,"href":"https:\/\/www.willysplan.com\/ca\/wp-json\/wp\/v2\/categories?post=15927"},{"taxonomy":"post_tag","embeddable":true,"href":"https:\/\/www.willysplan.com\/ca\/wp-json\/wp\/v2\/tags?post=15927"}],"curies":[{"name":"wp","href":"https:\/\/api.w.org\/{rel}","templated":true}]}}