{"id":15917,"date":"2020-07-11T18:22:09","date_gmt":"2020-07-11T17:22:09","guid":{"rendered":"https:\/\/willysplan.com\/uncategorized-ca\/ruta-des-de-la-platja-de-llafranc-al-far-de-sant-sebastia"},"modified":"2023-07-25T04:59:34","modified_gmt":"2023-07-25T03:59:34","slug":"ruta-des-de-la-platja-de-llafranc-al-far-de-sant-sebastia","status":"publish","type":"post","link":"https:\/\/www.willysplan.com\/ca\/rutes\/ruta-des-de-la-platja-de-llafranc-al-far-de-sant-sebastia","title":{"rendered":"Ruta des de la platja de Llafranc al Far de Sant Sebasti\u00e0"},"content":{"rendered":"\t\t<div data-elementor-type=\"wp-post\" data-elementor-id=\"15917\" class=\"elementor elementor-15917 elementor-1659\" data-elementor-post-type=\"post\">\n\t\t\t\t\t\t<section class=\"elementor-section elementor-top-section elementor-element elementor-element-f4c69cc elementor-section-boxed elementor-section-height-default elementor-section-height-default\" data-id=\"f4c69cc\" data-element_type=\"section\">\n\t\t\t\t\t\t<div class=\"elementor-container elementor-column-gap-default\">\n\t\t\t\t\t<div class=\"elementor-column elementor-col-50 elementor-top-column elementor-element elementor-element-164a862\" data-id=\"164a862\" data-element_type=\"column\">\n\t\t\t<div class=\"elementor-widget-wrap elementor-element-populated\">\n\t\t\t\t\t\t<div class=\"elementor-element elementor-element-29bc239 elementor-widget elementor-widget-text-editor\" data-id=\"29bc239\" data-element_type=\"widget\" data-widget_type=\"text-editor.default\">\n\t\t\t\t<div class=\"elementor-widget-container\">\n\t\t\t\t\t\t\t\t\t<p><span style=\"font-weight: 400;\">En aquesta ocasi\u00f3 anem a una de les platges m\u00e9s espectaculars de la<\/span> <b>Costa Brava<\/b> <span style=\"font-weight: 400;\">, m\u00e9s exactament a la comarca del Baix Empord\u00e0<\/span><span style=\"font-weight: 400;\">. Aquesta regi\u00f3 \u00e9s coneguda per tenir les millors platges i <a href=\"https:\/\/www.willysplan.com\/rutas\/girona-provincia\">excursions de fer a Girona prov\u00edncia<\/a> a l&#8217;estiu. En concret, aquesta vegada ens centrarem a fer una <a href=\"https:\/\/www.willysplan.com\/ca\/rutes\/rutes-de-senderisme-i-excursions-per-llafranc\">ruta per Llafranc<\/a> , que no et pots perdre per res del m\u00f3n si ets a prop d&#8217;all\u00e0.<\/span><\/p><p><span style=\"font-weight: 400;\">Llafranc t\u00e9 una sola i preciosa platja, ubicada als peus de la muntanya de Sant Sebasti\u00e0, la hist\u00f2ria del qual est\u00e0 envoltada de pescadors i records de mariners que van viure durant molt de temps per la zona. Sense oblidar l&#8217;encant arquitect\u00f2nic dels seus carrerons i edificacions. <\/span><\/p><p><span style=\"font-weight: 400;\">El seu passeig mar\u00edtim \u00e9s molt acollidor, el qual convida a fer una caminada sota l&#8217;ombra dels seus arbres, assaborir algun entrep\u00e0 o gaudir d&#8217;un bon dia de sol a la vora de la platja.<\/span><\/p>\t\t\t\t\t\t\t\t<\/div>\n\t\t\t\t<\/div>\n\t\t\t\t\t<\/div>\n\t\t<\/div>\n\t\t\t\t<div class=\"elementor-column elementor-col-50 elementor-top-column elementor-element elementor-element-ac11ada\" data-id=\"ac11ada\" data-element_type=\"column\">\n\t\t\t<div class=\"elementor-widget-wrap elementor-element-populated\">\n\t\t\t\t\t\t<div class=\"elementor-element elementor-element-1599372 elementor-widget elementor-widget-html\" data-id=\"1599372\" data-element_type=\"widget\" data-widget_type=\"html.default\">\n\t\t\t\t<div class=\"elementor-widget-container\">\n\t\t\t\t\t<iframe src=\"https:\/\/www.google.com\/maps\/embed?pb=!1m30!1m8!1m3!1d4714.714029456481!2d3.1901930381645154!3d41.89105733672095!3m2!1i1024!2i768!4f13.1!4m19!3e2!4m5!1s0x12ba5343d18e1f0f%3A0x94b29ad47fcbbe9a!2sLlafranc%2C%20Pla%C3%A7a%20de%20la%20Marinada%2C%203%2C%2017211%20Llafranc%2C%20Girona!3m2!1d41.8924247!2d3.1925049999999997!4m5!1s0x12ba535a2f48446b%3A0xe0fd90541448baa1!2sPunta%20Dels%20Burricaires%2C%20Calella%20de%20Palafrugell%2C%20Girona!3m2!1d41.887484199999996!2d3.1833375!4m5!1s0x12ba5315e88914db%3A0x519d82eec8566701!2sFaro%20de%20San%20Sebasti%C3%A1n%2C%20Passeig%20de%20Pau%20Casals%2C%2064%2C%2017211%20Llafranc%2C%20Girona!3m2!1d41.8962315!2d3.2021365!5e0!3m2!1ses!2ses!4v1620195918438!5m2!1ses!2ses\" width=\"600\" height=\"450\" style=\"border:0;\" allowfullscreen=\"\" loading=\"lazy\"><\/iframe>\t\t\t\t<\/div>\n\t\t\t\t<\/div>\n\t\t\t\t\t<\/div>\n\t\t<\/div>\n\t\t\t\t\t<\/div>\n\t\t<\/section>\n\t\t\t\t<section class=\"elementor-section elementor-top-section elementor-element elementor-element-9274027 elementor-section-boxed elementor-section-height-default elementor-section-height-default\" data-id=\"9274027\" data-element_type=\"section\">\n\t\t\t\t\t\t<div class=\"elementor-container elementor-column-gap-default\">\n\t\t\t\t\t<div class=\"elementor-column elementor-col-100 elementor-top-column elementor-element elementor-element-8d0b027\" data-id=\"8d0b027\" data-element_type=\"column\">\n\t\t\t<div class=\"elementor-widget-wrap elementor-element-populated\">\n\t\t\t\t\t\t<div class=\"elementor-element elementor-element-13b5c01 elementor-widget elementor-widget-text-editor\" data-id=\"13b5c01\" data-element_type=\"widget\" data-widget_type=\"text-editor.default\">\n\t\t\t\t<div class=\"elementor-widget-container\">\n\t\t\t\t\t\t\t\t\t<p style=\"background-color: #ffffff;\">Tot i que el poble de Llafranc a penes supera els 316 habitants, a l&#8217;estiu la poblaci\u00f3 creix pel fet que s&#8217;omple per molta gent de ciutat que t\u00e9 la seva segona casa en aquest petit i encantador poble. I \u00e9s que no n&#8217;hi ha per menys, perqu\u00e8 tot i tenir una oferta limitada d&#8217;activitats i llocs d&#8217;oci, de ben segur que podrem trobar tot all\u00f2 que desitgem d&#8217;un poble pesquer de la costa brava (entre altres coses, tranquil\u00b7litat i bon ambient).<\/p>\n<p style=\"background-color: #ffffff;\">L&#8217;oferta gastron\u00f2mica que trobareu \u00e9s molt variada, per\u00f2 us aconsellem que us animeu a degustar els plats t\u00edpics del mediterrani. Encara que si el que busques \u00e9s sortir de copes, ho podrem fer en alguna de les terrasses dels bars i restaurants que es troben a prop del mar, gaudint d&#8217;un ambient tranquil i de relax.<\/p>\n<p style=\"background-color: #ffffff;\">Sens dubte aquesta ruta que us proposem que va des de la platja de Llafranc, al Far de Sant Sebasti\u00e0 <span style=\"font-weight: bold;\">,<\/span> \u00e9s una bona alternativa per gaudir a les teves vacances si tens un dia lliure i t&#8217;agradaria gaudir-ho amb la teva parella o fam\u00edlia.<\/p>\n<p><span style=\"font-weight: 400;\">En aquest recorregut va des de la<\/span> pla\u00e7a de Llafranc <b>,<\/b> passant pel cam\u00ed de ronda entre Llafranc i Calella de Palafrugell, arribant a la punta dels Burricaires, i<b> <\/b>finalment visitant el fam\u00f3s <b>Far de Sant Sebasti\u00e0<\/b> : sens dubte, \u00e9s una de les <a href=\"https:\/\/www.willysplan.com\/rutas\/cataluna\">millors excursions per Catalunya<\/a> que no us podeu perdre, si us trobeu a la costa brava a l&#8217;estiu.<b> <\/b><\/p>\n<p><span style=\"font-weight: 400;\">La badia m\u00e9s bonica del mediterrani a la<\/span> platja de Llafranc<span style=\"font-weight: 400;\">, on podreu gaudir d&#8217;un bon restaurant, plans d&#8217;oci, i una visita de trobada amb la hist\u00f2ria i arquitectura al<\/span> <b>Far de<\/b> <b>Sant Sebasti\u00e0<\/b> (i el poblat iber que trobareu al costat, el qual es pot visitar gratu\u00eftament)<span style=\"font-weight: 400;\">. Les petites i encantadores cales de roca dels voltants, atrauen parelles i amics que volen moments \u00edntims. Mentre que la diversi\u00f3 tampoc acaba per als m\u00e9s aventurers, que gaudiran dels t\u00edpics <\/span>camins de ronda: <span style=\"font-weight: 400;\">passejades que connecten els pobles vorejant les platges.<\/span><\/p>\n\t\t\t\t\t\t\t\t<\/div>\n\t\t\t\t<\/div>\n\t\t\t\t\t<\/div>\n\t\t<\/div>\n\t\t\t\t\t<\/div>\n\t\t<\/section>\n\t\t\t\t<section class=\"elementor-section elementor-top-section elementor-element elementor-element-aaf8e46 elementor-section-boxed elementor-section-height-default elementor-section-height-default\" data-id=\"aaf8e46\" data-element_type=\"section\">\n\t\t\t\t\t\t<div class=\"elementor-container elementor-column-gap-default\">\n\t\t\t\t\t<div class=\"elementor-column elementor-col-100 elementor-top-column elementor-element elementor-element-4cee3de\" data-id=\"4cee3de\" data-element_type=\"column\">\n\t\t\t<div class=\"elementor-widget-wrap elementor-element-populated\">\n\t\t\t\t\t\t<div class=\"elementor-element elementor-element-241f678 elementor-widget elementor-widget-heading\" data-id=\"241f678\" data-element_type=\"widget\" data-widget_type=\"heading.default\">\n\t\t\t\t<div class=\"elementor-widget-container\">\n\t\t\t\t\t<h2 class=\"elementor-heading-title elementor-size-default\">Platja de Llafranc<\/h2>\t\t\t\t<\/div>\n\t\t\t\t<\/div>\n\t\t\t\t\t<\/div>\n\t\t<\/div>\n\t\t\t\t\t<\/div>\n\t\t<\/section>\n\t\t\t\t<section class=\"elementor-section elementor-top-section elementor-element elementor-element-d179048 elementor-section-boxed elementor-section-height-default elementor-section-height-default\" data-id=\"d179048\" data-element_type=\"section\">\n\t\t\t\t\t\t<div class=\"elementor-container elementor-column-gap-default\">\n\t\t\t\t\t<div class=\"elementor-column elementor-col-50 elementor-top-column elementor-element elementor-element-08e1871\" data-id=\"08e1871\" data-element_type=\"column\">\n\t\t\t<div class=\"elementor-widget-wrap elementor-element-populated\">\n\t\t\t\t\t\t<div class=\"elementor-element elementor-element-75bb155 elementor-widget elementor-widget-image\" data-id=\"75bb155\" data-element_type=\"widget\" data-widget_type=\"image.default\">\n\t\t\t\t<div class=\"elementor-widget-container\">\n\t\t\t\t\t\t\t\t\t\t\t\t\t\t\t<img fetchpriority=\"high\" decoding=\"async\" width=\"582\" height=\"322\" src=\"https:\/\/www.willysplan.com\/wp-content\/uploads\/2020\/07\/platja-de-llafranc.jpg\" class=\"attachment-medium_large size-medium_large wp-image-12795\" alt=\"\" \/>\t\t\t\t\t\t\t\t\t\t\t\t\t\t\t<\/div>\n\t\t\t\t<\/div>\n\t\t\t\t\t<\/div>\n\t\t<\/div>\n\t\t\t\t<div class=\"elementor-column elementor-col-50 elementor-top-column elementor-element elementor-element-3f428a7\" data-id=\"3f428a7\" data-element_type=\"column\">\n\t\t\t<div class=\"elementor-widget-wrap elementor-element-populated\">\n\t\t\t\t\t\t<div class=\"elementor-element elementor-element-14b7cbf elementor-widget elementor-widget-image\" data-id=\"14b7cbf\" data-element_type=\"widget\" data-widget_type=\"image.default\">\n\t\t\t\t<div class=\"elementor-widget-container\">\n\t\t\t\t\t\t\t\t\t\t\t\t\t\t\t<img decoding=\"async\" width=\"868\" height=\"509\" src=\"https:\/\/www.willysplan.com\/wp-content\/uploads\/2020\/07\/platja-llafranc.png\" class=\"attachment-large size-large wp-image-12785\" alt=\"\" \/>\t\t\t\t\t\t\t\t\t\t\t\t\t\t\t<\/div>\n\t\t\t\t<\/div>\n\t\t\t\t\t<\/div>\n\t\t<\/div>\n\t\t\t\t\t<\/div>\n\t\t<\/section>\n\t\t\t\t<section class=\"elementor-section elementor-top-section elementor-element elementor-element-c78f0d5 elementor-section-boxed elementor-section-height-default elementor-section-height-default\" data-id=\"c78f0d5\" data-element_type=\"section\">\n\t\t\t\t\t\t<div class=\"elementor-container elementor-column-gap-default\">\n\t\t\t\t\t<div class=\"elementor-column elementor-col-100 elementor-top-column elementor-element elementor-element-e8099c1\" data-id=\"e8099c1\" data-element_type=\"column\">\n\t\t\t<div class=\"elementor-widget-wrap elementor-element-populated\">\n\t\t\t\t\t\t<div class=\"elementor-element elementor-element-9d79bd6 elementor-widget elementor-widget-text-editor\" data-id=\"9d79bd6\" data-element_type=\"widget\" data-widget_type=\"text-editor.default\">\n\t\t\t\t<div class=\"elementor-widget-container\">\n\t\t\t\t\t\t\t\t\t<p>Comen\u00e7arem el recorregut aparcant a Llafranc, i gaudint de la primera meitat de la tarda a la seva magn\u00edfica platja. \u00c9s molt com\u00fa que als plans i <a href=\"https:\/\/www.willysplan.com\/ca\/rutes\/rutes-de-senderisme-i-excursions-per-la-costa-brava\">rutes per la costa brava<\/a> , us trobeu com a recomanaci\u00f3 moltes platges i cales a visitar o passar el dia. Un exemple d&#8217;aix\u00f2 s\u00f3n les famoses Cala S&#8217;antiga o <a href=\"https:\/\/www.willysplan.com\/ca\/rutes\/ruta-des-de-begur-a-cala-sa-tuna\">Cala Sa tuna<\/a> , on ja us parlem en una altra de les <a href=\"https:\/\/www.willysplan.com\/ca\/rutes\/ruta-des-de-begur-a-cala-sa-tuna\">rutes que heu de fer per Begur<\/a> .<\/p><p>Llafranc nom\u00e9s t\u00e9 una \u00fanica platja, i \u00e9s que el poble no en necessita m\u00e9s. \u00c9s un poble petit i acollidor, amb un passeig mar\u00edtim encantador, amb uns restaurants perfectes per gaudir del bon marisc i de la brisa marina davant de les onades del mar.<\/p><p>Aix\u00ed doncs, us proposem clavar el para-sol i la m\u00e0rfega, i un cop ja haguem esmorzar, per gaudir del sol i la sorra a la tranquil\u00b7la platja de Llafranc.<\/p><p>Envoltada de natura i de les seves aig\u00fces blaves, podrem gaudir d&#8217;una primera meitat de la tarda, com si fos al parad\u00eds.<\/p>\t\t\t\t\t\t\t\t<\/div>\n\t\t\t\t<\/div>\n\t\t\t\t\t<\/div>\n\t\t<\/div>\n\t\t\t\t\t<\/div>\n\t\t<\/section>\n\t\t\t\t<section class=\"elementor-section elementor-top-section elementor-element elementor-element-cf26dc9 elementor-section-boxed elementor-section-height-default elementor-section-height-default\" data-id=\"cf26dc9\" data-element_type=\"section\">\n\t\t\t\t\t\t<div class=\"elementor-container elementor-column-gap-default\">\n\t\t\t\t\t<div class=\"elementor-column elementor-col-100 elementor-top-column elementor-element elementor-element-5689fda\" data-id=\"5689fda\" data-element_type=\"column\">\n\t\t\t<div class=\"elementor-widget-wrap elementor-element-populated\">\n\t\t\t\t\t\t<div class=\"elementor-element elementor-element-1563f51 elementor-widget elementor-widget-heading\" data-id=\"1563f51\" data-element_type=\"widget\" data-widget_type=\"heading.default\">\n\t\t\t\t<div class=\"elementor-widget-container\">\n\t\t\t\t\t<h2 class=\"elementor-heading-title elementor-size-default\">Cam\u00ed de ronda (Llafranc \u2013 Calella de Palafrugell)<\/h2>\t\t\t\t<\/div>\n\t\t\t\t<\/div>\n\t\t\t\t\t<\/div>\n\t\t<\/div>\n\t\t\t\t\t<\/div>\n\t\t<\/section>\n\t\t\t\t<section class=\"elementor-section elementor-top-section elementor-element elementor-element-cc665cd elementor-section-boxed elementor-section-height-default elementor-section-height-default\" data-id=\"cc665cd\" data-element_type=\"section\">\n\t\t\t\t\t\t<div class=\"elementor-container elementor-column-gap-default\">\n\t\t\t\t\t<div class=\"elementor-column elementor-col-50 elementor-top-column elementor-element elementor-element-dd8445e\" data-id=\"dd8445e\" data-element_type=\"column\">\n\t\t\t<div class=\"elementor-widget-wrap elementor-element-populated\">\n\t\t\t\t\t\t<div class=\"elementor-element elementor-element-f1f125c elementor-widget elementor-widget-image\" data-id=\"f1f125c\" data-element_type=\"widget\" data-widget_type=\"image.default\">\n\t\t\t\t<div class=\"elementor-widget-container\">\n\t\t\t\t\t\t\t\t\t\t\t\t\t\t\t<img decoding=\"async\" width=\"768\" height=\"333\" src=\"https:\/\/www.willysplan.com\/wp-content\/uploads\/2020\/07\/calella-de-palafrugell.png\" class=\"attachment-medium_large size-medium_large wp-image-12787\" alt=\"\" \/>\t\t\t\t\t\t\t\t\t\t\t\t\t\t\t<\/div>\n\t\t\t\t<\/div>\n\t\t\t\t\t<\/div>\n\t\t<\/div>\n\t\t\t\t<div class=\"elementor-column elementor-col-50 elementor-top-column elementor-element elementor-element-9ef792e\" data-id=\"9ef792e\" data-element_type=\"column\">\n\t\t\t<div class=\"elementor-widget-wrap elementor-element-populated\">\n\t\t\t\t\t\t<div class=\"elementor-element elementor-element-9b3d93e elementor-widget elementor-widget-image\" data-id=\"9b3d93e\" data-element_type=\"widget\" data-widget_type=\"image.default\">\n\t\t\t\t<div class=\"elementor-widget-container\">\n\t\t\t\t\t\t\t\t\t\t\t\t\t\t\t<img loading=\"lazy\" decoding=\"async\" width=\"933\" height=\"444\" src=\"https:\/\/www.willysplan.com\/wp-content\/uploads\/2020\/07\/calella.png\" class=\"attachment-large size-large wp-image-12789\" alt=\"\" \/>\t\t\t\t\t\t\t\t\t\t\t\t\t\t\t<\/div>\n\t\t\t\t<\/div>\n\t\t\t\t\t<\/div>\n\t\t<\/div>\n\t\t\t\t\t<\/div>\n\t\t<\/section>\n\t\t\t\t<section class=\"elementor-section elementor-top-section elementor-element elementor-element-090337d elementor-section-boxed elementor-section-height-default elementor-section-height-default\" data-id=\"090337d\" data-element_type=\"section\">\n\t\t\t\t\t\t<div class=\"elementor-container elementor-column-gap-default\">\n\t\t\t\t\t<div class=\"elementor-column elementor-col-100 elementor-top-column elementor-element elementor-element-10259a1\" data-id=\"10259a1\" data-element_type=\"column\">\n\t\t\t<div class=\"elementor-widget-wrap elementor-element-populated\">\n\t\t\t\t\t\t<div class=\"elementor-element elementor-element-67842ef elementor-widget elementor-widget-text-editor\" data-id=\"67842ef\" data-element_type=\"widget\" data-widget_type=\"text-editor.default\">\n\t\t\t\t<div class=\"elementor-widget-container\">\n\t\t\t\t\t\t\t\t\t<p>Si hi ha alguna cosa que ens agrada gaudir, \u00e9s un bon cam\u00ed de ronda. I \u00e9s precisament a la Costa Brava on es pot apreciar la veritable connexi\u00f3 entre el mar i la localitat. Contrastos que es resumeixen a pobles plens d&#8217;hist\u00f2ries i m\u00e0gia; enmig d&#8217;una cita obligada amb la natura.<\/p><p>El cam\u00ed de ronda\u00a0 de Llafranc a Calella de Palafrugell pot durar uns 20 minuts (no gaire). L&#8217;ideal \u00e9s iniciar-lo a la platja i anar pujant a poc a poc: si arribeu amb cotxe, us recomanem aparcar-lo <a href=\"https:\/\/goo.gl\/maps\/bQPxy3h4EksYrdHNA\">en aquest p\u00e0rquing\u00a0 gratu\u00eft de Llafranc<\/a>, ia continuaci\u00f3 nom\u00e9s heu de seguir el carrer que arriba fins a la costa, on us trobareu amb el cam\u00ed al final de tot del mateix carrer. Aquesta ruta es fa per un cam\u00ed de terra, per\u00f2 aix\u00f2 no suposa cap problema per gaudir del recorregut. \u00c9s molt probable que et trobis amb algun pescador i un que altre banyista que decideix prendre el sol sobre les pedres.<\/p><p>El m\u00e9s ex\u00f2tic que vam descobrir en aquest recorregut va ser veure&#8217;ns envoltats d&#8217;una vegetaci\u00f3 molt tropical, no gaire t\u00edpica de la regi\u00f3. A mesura que vas avan\u00e7ant t&#8217;acostes a Calella de Palafrugell, un pintoresc poble de pescadors que et sedueix amb les seves petites platges, carrers estrets, acollidores casetes blanques i una gran varietat restaurants i cafeteries que podr\u00e0s trobar a la seva oferta d&#8217;hostaleria.<\/p><p>Sense cap mena de dubte passejar per aquest cam\u00ed de ronda de Llafranc a Calella de Palafrugell, justifica el viatge per la costa brava.<\/p><p>Aix\u00ed doncs, un cop arribats a Calella de Palafrugell, ens aproparem a visitar la Punta dels Burricaires, un petit mirador de la costa de Calella, que ens permetr\u00e0 veure en perspectiva i amb molt bones vistes, la platja sencera d&#8217;aquest poble. S\u00f3n molts els turistes que s&#8217;acosten a aquest preci\u00f3s mirador, per fer una foto amb el poble i les embarcacions al darrere.<\/p>\t\t\t\t\t\t\t\t<\/div>\n\t\t\t\t<\/div>\n\t\t\t\t\t<\/div>\n\t\t<\/div>\n\t\t\t\t\t<\/div>\n\t\t<\/section>\n\t\t\t\t<section class=\"elementor-section elementor-top-section elementor-element elementor-element-c34e060 elementor-section-boxed elementor-section-height-default elementor-section-height-default\" data-id=\"c34e060\" data-element_type=\"section\">\n\t\t\t\t\t\t<div class=\"elementor-container elementor-column-gap-default\">\n\t\t\t\t\t<div class=\"elementor-column elementor-col-100 elementor-top-column elementor-element elementor-element-e81ecc9\" data-id=\"e81ecc9\" data-element_type=\"column\">\n\t\t\t<div class=\"elementor-widget-wrap elementor-element-populated\">\n\t\t\t\t\t\t<div class=\"elementor-element elementor-element-ba75c32 elementor-widget elementor-widget-heading\" data-id=\"ba75c32\" data-element_type=\"widget\" data-widget_type=\"heading.default\">\n\t\t\t\t<div class=\"elementor-widget-container\">\n\t\t\t\t\t<h2 class=\"elementor-heading-title elementor-size-default\">Far de Sant Sebasti\u00e0<\/h2>\t\t\t\t<\/div>\n\t\t\t\t<\/div>\n\t\t\t\t\t<\/div>\n\t\t<\/div>\n\t\t\t\t\t<\/div>\n\t\t<\/section>\n\t\t\t\t<section class=\"elementor-section elementor-top-section elementor-element elementor-element-77aac5a elementor-section-boxed elementor-section-height-default elementor-section-height-default\" data-id=\"77aac5a\" data-element_type=\"section\">\n\t\t\t\t\t\t<div class=\"elementor-container elementor-column-gap-default\">\n\t\t\t\t\t<div class=\"elementor-column elementor-col-50 elementor-top-column elementor-element elementor-element-5e0d3a0\" data-id=\"5e0d3a0\" data-element_type=\"column\">\n\t\t\t<div class=\"elementor-widget-wrap elementor-element-populated\">\n\t\t\t\t\t\t<div class=\"elementor-element elementor-element-afcf819 elementor-widget elementor-widget-image\" data-id=\"afcf819\" data-element_type=\"widget\" data-widget_type=\"image.default\">\n\t\t\t\t<div class=\"elementor-widget-container\">\n\t\t\t\t\t\t\t\t\t\t\t\t\t\t\t<img loading=\"lazy\" decoding=\"async\" width=\"1024\" height=\"1024\" src=\"https:\/\/www.willysplan.com\/wp-content\/uploads\/2020\/06\/far-de-sant-sebastia.jpg\" class=\"attachment-large size-large wp-image-12093\" alt=\"\" \/>\t\t\t\t\t\t\t\t\t\t\t\t\t\t\t<\/div>\n\t\t\t\t<\/div>\n\t\t\t\t\t<\/div>\n\t\t<\/div>\n\t\t\t\t<div class=\"elementor-column elementor-col-50 elementor-top-column elementor-element elementor-element-8024375\" data-id=\"8024375\" data-element_type=\"column\">\n\t\t\t<div class=\"elementor-widget-wrap elementor-element-populated\">\n\t\t\t\t\t\t<div class=\"elementor-element elementor-element-5ed7d56 elementor-widget elementor-widget-image\" data-id=\"5ed7d56\" data-element_type=\"widget\" data-widget_type=\"image.default\">\n\t\t\t\t<div class=\"elementor-widget-container\">\n\t\t\t\t\t\t\t\t\t\t\t\t\t\t\t<img loading=\"lazy\" decoding=\"async\" width=\"1024\" height=\"1024\" src=\"https:\/\/www.willysplan.com\/wp-content\/uploads\/2020\/06\/Far-de-llafranc.jpg\" class=\"attachment-large size-large wp-image-12095\" alt=\"\" \/>\t\t\t\t\t\t\t\t\t\t\t\t\t\t\t<\/div>\n\t\t\t\t<\/div>\n\t\t\t\t\t<\/div>\n\t\t<\/div>\n\t\t\t\t\t<\/div>\n\t\t<\/section>\n\t\t\t\t<section class=\"elementor-section elementor-top-section elementor-element elementor-element-c270963 elementor-section-boxed elementor-section-height-default elementor-section-height-default\" data-id=\"c270963\" data-element_type=\"section\">\n\t\t\t\t\t\t<div class=\"elementor-container elementor-column-gap-default\">\n\t\t\t\t\t<div class=\"elementor-column elementor-col-100 elementor-top-column elementor-element elementor-element-765432f\" data-id=\"765432f\" data-element_type=\"column\">\n\t\t\t<div class=\"elementor-widget-wrap elementor-element-populated\">\n\t\t\t\t\t\t<div class=\"elementor-element elementor-element-afe3043 elementor-widget elementor-widget-text-editor\" data-id=\"afe3043\" data-element_type=\"widget\" data-widget_type=\"text-editor.default\">\n\t\t\t\t<div class=\"elementor-widget-container\">\n\t\t\t\t\t\t\t\t\t<p>Un cop visitat el fam\u00f3s mirador de Calella, farem la volta pel mateix cam\u00ed de ronda que hem vingut, per veure la posta de sol i sopar en una de les icones m\u00edtiques de Llafranc: El Far de Sant Sebasti\u00e0.<\/p>\n<p>Considerat com un dels Fars m\u00e9s importants del mediterrani, el <strong>Far de sant sebasti\u00e0<\/strong> o \u201cFar del primer ordre\u201d. Es troba a un dels complexos arquitect\u00f2nics m\u00e9s encantadors de la <strong>Costa Brava<\/strong> conegut com el <strong>Conjunt Monumental de Sant Sebasti\u00e0<\/strong>&nbsp;<strong>de la guarda<\/strong> . Just al costat del far, hi ha un poblat iber on podreu accedir gratu\u00eftament per veure les ru\u00efnes de les edificacions, aix\u00ed com peces hist\u00f2riques, que destaquen la import\u00e0ncia de la cultura d&#8217;aquesta zona.<\/p>\n<p>Constru\u00eft a mitjans del segle XIX, aquest far de 12 metres d&#8217;al\u00e7ada \u00e9s avui dia un dels m\u00e9s importants per a l&#8217;aflu\u00e8ncia mar\u00edtima i tur\u00edstica de la regi\u00f3. Sense deixar de banda el llegat hist\u00f2ric que representa i la seva import\u00e0ncia durant l&#8217;\u00e8poca de la conquesta.<\/p>\n<p>Un bon moment per visitar el <b>far<\/b> <strong>de Sant Sebasti\u00e0<\/strong> \u00e9s passada la tarda. \u00c9s en aquell moment on podr\u00e0s gaudir d&#8217;una de les millors postes de sol que et puguis imaginar. Aix\u00ed que acosta&#8217;t al <strong>mirador de Sant Sebasti\u00e0<\/strong> que es troba just a l&#8217;entrada del restaurant del mateix far, i delecta&#8217;t amb les millors vistes del mediterrani des del balc\u00f3 panor\u00e0mic.<\/p>\t\t\t\t\t\t\t\t<\/div>\n\t\t\t\t<\/div>\n\t\t\t\t\t<\/div>\n\t\t<\/div>\n\t\t\t\t\t<\/div>\n\t\t<\/section>\n\t\t\t\t<section class=\"elementor-section elementor-top-section elementor-element elementor-element-e690560 elementor-section-boxed elementor-section-height-default elementor-section-height-default\" data-id=\"e690560\" data-element_type=\"section\">\n\t\t\t\t\t\t<div class=\"elementor-container elementor-column-gap-default\">\n\t\t\t\t\t<div class=\"elementor-column elementor-col-100 elementor-top-column elementor-element elementor-element-cae0496\" data-id=\"cae0496\" data-element_type=\"column\">\n\t\t\t<div class=\"elementor-widget-wrap elementor-element-populated\">\n\t\t\t\t\t\t<div class=\"elementor-element elementor-element-5516a6d elementor-widget elementor-widget-heading\" data-id=\"5516a6d\" data-element_type=\"widget\" data-widget_type=\"heading.default\">\n\t\t\t\t<div class=\"elementor-widget-container\">\n\t\t\t\t\t<h2 class=\"elementor-heading-title elementor-size-default\">Altres rutes que tamb\u00e9 et poden interessar...<\/h2>\t\t\t\t<\/div>\n\t\t\t\t<\/div>\n\t\t\t\t\t<\/div>\n\t\t<\/div>\n\t\t\t\t\t<\/div>\n\t\t<\/section>\n\t\t\t\t<section class=\"elementor-section elementor-top-section elementor-element elementor-element-18b8a77 elementor-section-boxed elementor-section-height-default elementor-section-height-default\" data-id=\"18b8a77\" data-element_type=\"section\">\n\t\t\t\t\t\t<div class=\"elementor-container elementor-column-gap-default\">\n\t\t\t\t\t<div class=\"elementor-column elementor-col-100 elementor-top-column elementor-element elementor-element-d0ed4f3\" data-id=\"d0ed4f3\" data-element_type=\"column\">\n\t\t\t<div class=\"elementor-widget-wrap elementor-element-populated\">\n\t\t\t\t\t\t\t<\/div>\n\t\t<\/div>\n\t\t\t\t\t<\/div>\n\t\t<\/section>\n\t\t\t\t<\/div>\n\t\t","protected":false},"excerpt":{"rendered":"<p>En aquesta ocasi\u00f3 anem a una de les platges m\u00e9s espectaculars de la Costa Brava , m\u00e9s exactament a la comarca del Baix Empord\u00e0. Aquesta regi\u00f3 \u00e9s coneguda per tenir les millors platges i excursions de fer a Girona prov\u00edncia a l&#8217;estiu. En concret, aquesta vegada ens centrarem a fer una ruta per Llafranc ,&hellip;&nbsp;<a href=\"https:\/\/www.willysplan.com\/ca\/rutes\/ruta-des-de-la-platja-de-llafranc-al-far-de-sant-sebastia\" rel=\"bookmark\">Llegiu m\u00e9s &raquo;<span class=\"screen-reader-text\">Ruta des de la platja de Llafranc al Far de Sant Sebasti\u00e0<\/span><\/a><\/p>\n","protected":false},"author":2,"featured_media":12083,"comment_status":"closed","ping_status":"closed","sticky":false,"template":"","format":"standard","meta":{"neve_meta_sidebar":"","neve_meta_container":"","neve_meta_enable_content_width":"","neve_meta_content_width":0,"neve_meta_title_alignment":"","neve_meta_author_avatar":"","neve_post_elements_order":"","neve_meta_disable_header":"","neve_meta_disable_footer":"","neve_meta_disable_title":"","_joinchat":[],"footnotes":""},"categories":[323],"tags":[360,362,361,367],"class_list":["post-15917","post","type-post","status-publish","format-standard","has-post-thumbnail","hentry","category-rutes","tag-rutes-catalunya","tag-rutes-costa-brava","tag-rutes-girona-provincia","tag-rutes-llafranc"],"yoast_head":"<!-- This site is optimized with the Yoast SEO Premium plugin v20.1 (Yoast SEO v26.9) - https:\/\/yoast.com\/product\/yoast-seo-premium-wordpress\/ -->\n<title>Ruta des de la Platja de Llafranc al Far de Sant Sebasti\u00e0 - Willy&#039;s plan<\/title>\n<meta name=\"description\" content=\"Descobreix una de les millors rutes per fer a Llafranc, Girona. Gaudeix visitant la Platja de Llafranc, el cam\u00ed de ronda i el Far de Sant Sebasti\u00e0 \u2705\" \/>\n<meta name=\"robots\" content=\"index, follow, max-snippet:-1, max-image-preview:large, max-video-preview:-1\" \/>\n<link rel=\"canonical\" href=\"https:\/\/www.willysplan.com\/ca\/rutes\/ruta-des-de-la-platja-de-llafranc-al-far-de-sant-sebastia\" \/>\n<meta property=\"og:locale\" content=\"ca_ES\" \/>\n<meta property=\"og:type\" content=\"article\" \/>\n<meta property=\"og:title\" content=\"Ruta des de la platja de Llafranc al Far de Sant Sebasti\u00e0\" \/>\n<meta property=\"og:description\" content=\"Descobreix una de les millors rutes per fer a Llafranc, Girona. Gaudeix visitant la Platja de Llafranc, el cam\u00ed de ronda i el Far de Sant Sebasti\u00e0 \u2705\" \/>\n<meta property=\"og:url\" content=\"https:\/\/www.willysplan.com\/ca\/rutes\/ruta-des-de-la-platja-de-llafranc-al-far-de-sant-sebastia\" \/>\n<meta property=\"og:site_name\" content=\"Willy&#039;s Plan \ud83c\udf43\" \/>\n<meta property=\"article:published_time\" content=\"2020-07-11T17:22:09+00:00\" \/>\n<meta property=\"article:modified_time\" content=\"2023-07-25T03:59:34+00:00\" \/>\n<meta property=\"og:image\" content=\"https:\/\/www.willysplan.com\/wp-content\/uploads\/2020\/06\/rutas-llafranc.jpg\" \/>\n\t<meta property=\"og:image:width\" content=\"1024\" \/>\n\t<meta property=\"og:image:height\" content=\"512\" \/>\n\t<meta property=\"og:image:type\" content=\"image\/jpeg\" \/>\n<meta name=\"author\" content=\"Guillem Asensio\" \/>\n<meta name=\"twitter:card\" content=\"summary_large_image\" \/>\n<meta name=\"twitter:label1\" content=\"Escrit per\" \/>\n\t<meta name=\"twitter:data1\" content=\"Guillem Asensio\" \/>\n\t<meta name=\"twitter:label2\" content=\"Temps estimat de lectura\" \/>\n\t<meta name=\"twitter:data2\" content=\"6 minuts\" \/>\n<script type=\"application\/ld+json\" class=\"yoast-schema-graph\">{\"@context\":\"https:\/\/schema.org\",\"@graph\":[{\"@type\":\"Article\",\"@id\":\"https:\/\/www.willysplan.com\/ca\/rutes\/ruta-des-de-la-platja-de-llafranc-al-far-de-sant-sebastia#article\",\"isPartOf\":{\"@id\":\"https:\/\/www.willysplan.com\/ca\/rutes\/ruta-des-de-la-platja-de-llafranc-al-far-de-sant-sebastia\"},\"author\":{\"name\":\"Guillem Asensio\",\"@id\":\"https:\/\/www.willysplan.com\/#\/schema\/person\/6f2dbf2215cd25715df085907bd007c1\"},\"headline\":\"Ruta des de la platja de Llafranc al Far de Sant Sebasti\u00e0\",\"datePublished\":\"2020-07-11T17:22:09+00:00\",\"dateModified\":\"2023-07-25T03:59:34+00:00\",\"mainEntityOfPage\":{\"@id\":\"https:\/\/www.willysplan.com\/ca\/rutes\/ruta-des-de-la-platja-de-llafranc-al-far-de-sant-sebastia\"},\"wordCount\":1324,\"publisher\":{\"@id\":\"https:\/\/www.willysplan.com\/#organization\"},\"image\":{\"@id\":\"https:\/\/www.willysplan.com\/ca\/rutes\/ruta-des-de-la-platja-de-llafranc-al-far-de-sant-sebastia#primaryimage\"},\"thumbnailUrl\":\"https:\/\/www.willysplan.com\/wp-content\/uploads\/2020\/06\/rutas-llafranc.jpg\",\"keywords\":[\"rutes catalunya\",\"rutes costa brava\",\"rutes girona prov\u00edncia\",\"rutes llafranc\"],\"articleSection\":[\"rutes\"],\"inLanguage\":\"ca\"},{\"@type\":\"WebPage\",\"@id\":\"https:\/\/www.willysplan.com\/ca\/rutes\/ruta-des-de-la-platja-de-llafranc-al-far-de-sant-sebastia\",\"url\":\"https:\/\/www.willysplan.com\/ca\/rutes\/ruta-des-de-la-platja-de-llafranc-al-far-de-sant-sebastia\",\"name\":\"Ruta des de la Platja de Llafranc al Far de Sant Sebasti\u00e0 - Willy's plan\",\"isPartOf\":{\"@id\":\"https:\/\/www.willysplan.com\/#website\"},\"primaryImageOfPage\":{\"@id\":\"https:\/\/www.willysplan.com\/ca\/rutes\/ruta-des-de-la-platja-de-llafranc-al-far-de-sant-sebastia#primaryimage\"},\"image\":{\"@id\":\"https:\/\/www.willysplan.com\/ca\/rutes\/ruta-des-de-la-platja-de-llafranc-al-far-de-sant-sebastia#primaryimage\"},\"thumbnailUrl\":\"https:\/\/www.willysplan.com\/wp-content\/uploads\/2020\/06\/rutas-llafranc.jpg\",\"datePublished\":\"2020-07-11T17:22:09+00:00\",\"dateModified\":\"2023-07-25T03:59:34+00:00\",\"description\":\"Descobreix una de les millors rutes per fer a Llafranc, Girona. Gaudeix visitant la Platja de Llafranc, el cam\u00ed de ronda i el Far de Sant Sebasti\u00e0 \u2705\",\"inLanguage\":\"ca\",\"potentialAction\":[{\"@type\":\"ReadAction\",\"target\":[\"https:\/\/www.willysplan.com\/ca\/rutes\/ruta-des-de-la-platja-de-llafranc-al-far-de-sant-sebastia\"]}]},{\"@type\":\"ImageObject\",\"inLanguage\":\"ca\",\"@id\":\"https:\/\/www.willysplan.com\/ca\/rutes\/ruta-des-de-la-platja-de-llafranc-al-far-de-sant-sebastia#primaryimage\",\"url\":\"https:\/\/www.willysplan.com\/wp-content\/uploads\/2020\/06\/rutas-llafranc.jpg\",\"contentUrl\":\"https:\/\/www.willysplan.com\/wp-content\/uploads\/2020\/06\/rutas-llafranc.jpg\",\"width\":1024,\"height\":512},{\"@type\":\"WebSite\",\"@id\":\"https:\/\/www.willysplan.com\/#website\",\"url\":\"https:\/\/www.willysplan.com\/\",\"name\":\"Willy&#039;s Plan \ud83c\udf43\",\"description\":\"Escapadas y Planes de fin de semana\",\"publisher\":{\"@id\":\"https:\/\/www.willysplan.com\/#organization\"},\"potentialAction\":[{\"@type\":\"SearchAction\",\"target\":{\"@type\":\"EntryPoint\",\"urlTemplate\":\"https:\/\/www.willysplan.com\/?s={search_term_string}\"},\"query-input\":{\"@type\":\"PropertyValueSpecification\",\"valueRequired\":true,\"valueName\":\"search_term_string\"}}],\"inLanguage\":\"ca\"},{\"@type\":\"Organization\",\"@id\":\"https:\/\/www.willysplan.com\/#organization\",\"name\":\"Willy&#039;s Plan \ud83c\udf43\",\"url\":\"https:\/\/www.willysplan.com\/\",\"logo\":{\"@type\":\"ImageObject\",\"inLanguage\":\"ca\",\"@id\":\"https:\/\/www.willysplan.com\/#\/schema\/logo\/image\/\",\"url\":\"https:\/\/www.willysplan.com\/wp-content\/uploads\/2020\/04\/cropped-logo-1.png\",\"contentUrl\":\"https:\/\/www.willysplan.com\/wp-content\/uploads\/2020\/04\/cropped-logo-1.png\",\"width\":332,\"height\":332,\"caption\":\"Willy&#039;s Plan \ud83c\udf43\"},\"image\":{\"@id\":\"https:\/\/www.willysplan.com\/#\/schema\/logo\/image\/\"}},{\"@type\":\"Person\",\"@id\":\"https:\/\/www.willysplan.com\/#\/schema\/person\/6f2dbf2215cd25715df085907bd007c1\",\"name\":\"Guillem Asensio\",\"image\":{\"@type\":\"ImageObject\",\"inLanguage\":\"ca\",\"@id\":\"https:\/\/www.willysplan.com\/#\/schema\/person\/image\/\",\"url\":\"https:\/\/secure.gravatar.com\/avatar\/fd3f69da3e6cd8d451f6be79c127da046757b9a4c273deefb40b1291809cc787?s=96&d=mm&r=g\",\"contentUrl\":\"https:\/\/secure.gravatar.com\/avatar\/fd3f69da3e6cd8d451f6be79c127da046757b9a4c273deefb40b1291809cc787?s=96&d=mm&r=g\",\"caption\":\"Guillem Asensio\"},\"sameAs\":[\"https:\/\/willysplan.com\"],\"url\":\"https:\/\/www.willysplan.com\/ca\/author\/willy\"}]}<\/script>\n<!-- \/ Yoast SEO Premium plugin. -->","yoast_head_json":{"title":"Ruta des de la Platja de Llafranc al Far de Sant Sebasti\u00e0 - Willy's plan","description":"Descobreix una de les millors rutes per fer a Llafranc, Girona. Gaudeix visitant la Platja de Llafranc, el cam\u00ed de ronda i el Far de Sant Sebasti\u00e0 \u2705","robots":{"index":"index","follow":"follow","max-snippet":"max-snippet:-1","max-image-preview":"max-image-preview:large","max-video-preview":"max-video-preview:-1"},"canonical":"https:\/\/www.willysplan.com\/ca\/rutes\/ruta-des-de-la-platja-de-llafranc-al-far-de-sant-sebastia","og_locale":"ca_ES","og_type":"article","og_title":"Ruta des de la platja de Llafranc al Far de Sant Sebasti\u00e0","og_description":"Descobreix una de les millors rutes per fer a Llafranc, Girona. Gaudeix visitant la Platja de Llafranc, el cam\u00ed de ronda i el Far de Sant Sebasti\u00e0 \u2705","og_url":"https:\/\/www.willysplan.com\/ca\/rutes\/ruta-des-de-la-platja-de-llafranc-al-far-de-sant-sebastia","og_site_name":"Willy&#039;s Plan \ud83c\udf43","article_published_time":"2020-07-11T17:22:09+00:00","article_modified_time":"2023-07-25T03:59:34+00:00","og_image":[{"width":1024,"height":512,"url":"https:\/\/www.willysplan.com\/wp-content\/uploads\/2020\/06\/rutas-llafranc.jpg","type":"image\/jpeg"}],"author":"Guillem Asensio","twitter_card":"summary_large_image","twitter_misc":{"Escrit per":"Guillem Asensio","Temps estimat de lectura":"6 minuts"},"schema":{"@context":"https:\/\/schema.org","@graph":[{"@type":"Article","@id":"https:\/\/www.willysplan.com\/ca\/rutes\/ruta-des-de-la-platja-de-llafranc-al-far-de-sant-sebastia#article","isPartOf":{"@id":"https:\/\/www.willysplan.com\/ca\/rutes\/ruta-des-de-la-platja-de-llafranc-al-far-de-sant-sebastia"},"author":{"name":"Guillem Asensio","@id":"https:\/\/www.willysplan.com\/#\/schema\/person\/6f2dbf2215cd25715df085907bd007c1"},"headline":"Ruta des de la platja de Llafranc al Far de Sant Sebasti\u00e0","datePublished":"2020-07-11T17:22:09+00:00","dateModified":"2023-07-25T03:59:34+00:00","mainEntityOfPage":{"@id":"https:\/\/www.willysplan.com\/ca\/rutes\/ruta-des-de-la-platja-de-llafranc-al-far-de-sant-sebastia"},"wordCount":1324,"publisher":{"@id":"https:\/\/www.willysplan.com\/#organization"},"image":{"@id":"https:\/\/www.willysplan.com\/ca\/rutes\/ruta-des-de-la-platja-de-llafranc-al-far-de-sant-sebastia#primaryimage"},"thumbnailUrl":"https:\/\/www.willysplan.com\/wp-content\/uploads\/2020\/06\/rutas-llafranc.jpg","keywords":["rutes catalunya","rutes costa brava","rutes girona prov\u00edncia","rutes llafranc"],"articleSection":["rutes"],"inLanguage":"ca"},{"@type":"WebPage","@id":"https:\/\/www.willysplan.com\/ca\/rutes\/ruta-des-de-la-platja-de-llafranc-al-far-de-sant-sebastia","url":"https:\/\/www.willysplan.com\/ca\/rutes\/ruta-des-de-la-platja-de-llafranc-al-far-de-sant-sebastia","name":"Ruta des de la Platja de Llafranc al Far de Sant Sebasti\u00e0 - Willy's plan","isPartOf":{"@id":"https:\/\/www.willysplan.com\/#website"},"primaryImageOfPage":{"@id":"https:\/\/www.willysplan.com\/ca\/rutes\/ruta-des-de-la-platja-de-llafranc-al-far-de-sant-sebastia#primaryimage"},"image":{"@id":"https:\/\/www.willysplan.com\/ca\/rutes\/ruta-des-de-la-platja-de-llafranc-al-far-de-sant-sebastia#primaryimage"},"thumbnailUrl":"https:\/\/www.willysplan.com\/wp-content\/uploads\/2020\/06\/rutas-llafranc.jpg","datePublished":"2020-07-11T17:22:09+00:00","dateModified":"2023-07-25T03:59:34+00:00","description":"Descobreix una de les millors rutes per fer a Llafranc, Girona. Gaudeix visitant la Platja de Llafranc, el cam\u00ed de ronda i el Far de Sant Sebasti\u00e0 \u2705","inLanguage":"ca","potentialAction":[{"@type":"ReadAction","target":["https:\/\/www.willysplan.com\/ca\/rutes\/ruta-des-de-la-platja-de-llafranc-al-far-de-sant-sebastia"]}]},{"@type":"ImageObject","inLanguage":"ca","@id":"https:\/\/www.willysplan.com\/ca\/rutes\/ruta-des-de-la-platja-de-llafranc-al-far-de-sant-sebastia#primaryimage","url":"https:\/\/www.willysplan.com\/wp-content\/uploads\/2020\/06\/rutas-llafranc.jpg","contentUrl":"https:\/\/www.willysplan.com\/wp-content\/uploads\/2020\/06\/rutas-llafranc.jpg","width":1024,"height":512},{"@type":"WebSite","@id":"https:\/\/www.willysplan.com\/#website","url":"https:\/\/www.willysplan.com\/","name":"Willy&#039;s Plan \ud83c\udf43","description":"Escapadas y Planes de fin de semana","publisher":{"@id":"https:\/\/www.willysplan.com\/#organization"},"potentialAction":[{"@type":"SearchAction","target":{"@type":"EntryPoint","urlTemplate":"https:\/\/www.willysplan.com\/?s={search_term_string}"},"query-input":{"@type":"PropertyValueSpecification","valueRequired":true,"valueName":"search_term_string"}}],"inLanguage":"ca"},{"@type":"Organization","@id":"https:\/\/www.willysplan.com\/#organization","name":"Willy&#039;s Plan \ud83c\udf43","url":"https:\/\/www.willysplan.com\/","logo":{"@type":"ImageObject","inLanguage":"ca","@id":"https:\/\/www.willysplan.com\/#\/schema\/logo\/image\/","url":"https:\/\/www.willysplan.com\/wp-content\/uploads\/2020\/04\/cropped-logo-1.png","contentUrl":"https:\/\/www.willysplan.com\/wp-content\/uploads\/2020\/04\/cropped-logo-1.png","width":332,"height":332,"caption":"Willy&#039;s Plan \ud83c\udf43"},"image":{"@id":"https:\/\/www.willysplan.com\/#\/schema\/logo\/image\/"}},{"@type":"Person","@id":"https:\/\/www.willysplan.com\/#\/schema\/person\/6f2dbf2215cd25715df085907bd007c1","name":"Guillem Asensio","image":{"@type":"ImageObject","inLanguage":"ca","@id":"https:\/\/www.willysplan.com\/#\/schema\/person\/image\/","url":"https:\/\/secure.gravatar.com\/avatar\/fd3f69da3e6cd8d451f6be79c127da046757b9a4c273deefb40b1291809cc787?s=96&d=mm&r=g","contentUrl":"https:\/\/secure.gravatar.com\/avatar\/fd3f69da3e6cd8d451f6be79c127da046757b9a4c273deefb40b1291809cc787?s=96&d=mm&r=g","caption":"Guillem Asensio"},"sameAs":["https:\/\/willysplan.com"],"url":"https:\/\/www.willysplan.com\/ca\/author\/willy"}]}},"_links":{"self":[{"href":"https:\/\/www.willysplan.com\/ca\/wp-json\/wp\/v2\/posts\/15917","targetHints":{"allow":["GET"]}}],"collection":[{"href":"https:\/\/www.willysplan.com\/ca\/wp-json\/wp\/v2\/posts"}],"about":[{"href":"https:\/\/www.willysplan.com\/ca\/wp-json\/wp\/v2\/types\/post"}],"author":[{"embeddable":true,"href":"https:\/\/www.willysplan.com\/ca\/wp-json\/wp\/v2\/users\/2"}],"replies":[{"embeddable":true,"href":"https:\/\/www.willysplan.com\/ca\/wp-json\/wp\/v2\/comments?post=15917"}],"version-history":[{"count":9,"href":"https:\/\/www.willysplan.com\/ca\/wp-json\/wp\/v2\/posts\/15917\/revisions"}],"predecessor-version":[{"id":21591,"href":"https:\/\/www.willysplan.com\/ca\/wp-json\/wp\/v2\/posts\/15917\/revisions\/21591"}],"wp:featuredmedia":[{"embeddable":true,"href":"https:\/\/www.willysplan.com\/ca\/wp-json\/wp\/v2\/media\/12083"}],"wp:attachment":[{"href":"https:\/\/www.willysplan.com\/ca\/wp-json\/wp\/v2\/media?parent=15917"}],"wp:term":[{"taxonomy":"category","embeddable":true,"href":"https:\/\/www.willysplan.com\/ca\/wp-json\/wp\/v2\/categories?post=15917"},{"taxonomy":"post_tag","embeddable":true,"href":"https:\/\/www.willysplan.com\/ca\/wp-json\/wp\/v2\/tags?post=15917"}],"curies":[{"name":"wp","href":"https:\/\/api.w.org\/{rel}","templated":true}]}}