{"id":15887,"date":"2020-07-11T18:18:53","date_gmt":"2020-07-11T17:18:53","guid":{"rendered":"https:\/\/willysplan.com\/uncategorized-ca\/ruta-des-de-begur-a-cala-sa-tuna"},"modified":"2023-07-25T04:46:45","modified_gmt":"2023-07-25T03:46:45","slug":"ruta-des-de-begur-a-cala-sa-tuna","status":"publish","type":"post","link":"https:\/\/www.willysplan.com\/ca\/rutes\/ruta-des-de-begur-a-cala-sa-tuna","title":{"rendered":"Ruta des de Begur a Cala Sa tuna"},"content":{"rendered":"\t\t<div data-elementor-type=\"wp-post\" data-elementor-id=\"15887\" class=\"elementor elementor-15887 elementor-1650\" data-elementor-post-type=\"post\">\n\t\t\t\t\t\t<section class=\"elementor-section elementor-top-section elementor-element elementor-element-f4c69cc elementor-section-boxed elementor-section-height-default elementor-section-height-default\" data-id=\"f4c69cc\" data-element_type=\"section\">\n\t\t\t\t\t\t<div class=\"elementor-container elementor-column-gap-default\">\n\t\t\t\t\t<div class=\"elementor-column elementor-col-50 elementor-top-column elementor-element elementor-element-164a862\" data-id=\"164a862\" data-element_type=\"column\">\n\t\t\t<div class=\"elementor-widget-wrap elementor-element-populated\">\n\t\t\t\t\t\t<div class=\"elementor-element elementor-element-29bc239 elementor-widget elementor-widget-text-editor\" data-id=\"29bc239\" data-element_type=\"widget\" data-widget_type=\"text-editor.default\">\n\t\t\t\t<div class=\"elementor-widget-container\">\n\t\t\t\t\t\t\t\t\t<p><b>Begur<\/b> <span style=\"font-weight: 400;\">\u00e9s<\/span> <span style=\"font-weight: 400;\">un poble encantador del<\/span> <b>Baix Ampurd\u00e0,<\/b> que <span style=\"font-weight: 400;\">reuneix una hist\u00f2ria medieval i gastron\u00f2mica que no pots deixar de con\u00e8ixer.<\/span><\/p><p><span style=\"font-weight: 400;\">Aquest petit poble de carrerons blancs i empedrats, est\u00e0 ubicat al cor de la<\/span> <b>Costa Brava<\/b> : una de les millors zones si est\u00e0s buscant <a href=\"https:\/\/www.willysplan.com\/rutas\/cataluna\">rutes i excursions per Catalunya<\/a> a l&#8217;estiu<span style=\"font-weight: 400;\">. Compte amb uns 4.000 habitants durant tot l&#8217;any, per\u00f2 gr\u00e0cies a les diferents opcions <a href=\"https:\/\/www.willysplan.com\/rutas\/girona-provincia\">excursions a fer a la prov\u00edncia de Girona<\/a> ,<\/span><span style=\"font-weight: 400;\"> en acostar-se l&#8217;estiu, pot sobrepassar sens dubte aquesta xifra.<\/span><\/p><p><span style=\"font-weight: 400;\">En aquesta ruta us convidem a con\u00e8ixer el<\/span> <b>Castell de Begur, el restaurant La Pizzeta, la Cala Sa tuna<\/b> <span style=\"font-weight: 400;\">o<\/span> <b>Cala S&#8217;antiga.<\/b> <span style=\"font-weight: 400;\">No te la perdis!<\/span><\/p><p><span style=\"font-weight: 400;\">T&#8217;aconsellem con\u00e8ixer-ho tot amb calma, dedicar-hi el temps suficient i deixar-te embolicar per l&#8217;amabilitat i subtil coqueteria per acollir els seus turistes: doncs el pla que et presentem avui, \u00e9s una de les <a href=\"https:\/\/www.willysplan.com\/ca\/rutes\/rutes-de-senderisme-i-excursions-per-la-costa-brava\">millors rutes de la costa brava<\/a> que, sens dubte , no et pots perdre.<\/span><\/p><p><span style=\"font-weight: 400;\">A m\u00e9s, a<\/span> <b>Begur<\/b> <span style=\"font-weight: 400;\">tens una cita obligada amb la gastronomia. Fins i tot els paladars m\u00e9s exigents, queden fascinats amb les m\u00faltiples i exquisides ofertes que podr\u00e0s trobar.<\/span><\/p>\t\t\t\t\t\t\t\t<\/div>\n\t\t\t\t<\/div>\n\t\t\t\t\t<\/div>\n\t\t<\/div>\n\t\t\t\t<div class=\"elementor-column elementor-col-50 elementor-top-column elementor-element elementor-element-72e1ab8\" data-id=\"72e1ab8\" data-element_type=\"column\">\n\t\t\t<div class=\"elementor-widget-wrap elementor-element-populated\">\n\t\t\t\t\t\t<div class=\"elementor-element elementor-element-d10b1c5 elementor-widget elementor-widget-html\" data-id=\"d10b1c5\" data-element_type=\"widget\" data-widget_type=\"html.default\">\n\t\t\t\t<div class=\"elementor-widget-container\">\n\t\t\t\t\t<iframe src=\"https:\/\/www.google.com\/maps\/embed?pb=!1m34!1m12!1m3!1d2643.1783533392145!2d3.226440410490041!3d41.960189061908395!2m3!1f0!2f0!3f0!3m2!1i1024!2i768!4f13.1!4m19!3e2!4m5!1s0x12ba517d2eb8d30b%3A0x88891f6af1d5591b!2sCastillo%20de%20Begur%2C%20Passeig%20del%20Doctor%20Pericot%2C%20s%2Fn%2C%2017255%20Begur%2C%20Girona!3m2!1d41.956415899999996!2d3.2085339!4m5!1s0x12ba53d80c519e6d%3A0x27a5d2acc067f2f5!2sLa%20Pizzeta%2C%20Carrer%20Ventura%20Sabater%2C%20Begur!3m2!1d41.95402!2d3.206911!4m5!1s0x12ba518f0d5d4a1d%3A0x7669febcf072b516!2sCala%20Sa%20Tuna%2C%20Sa%20Tuna!3m2!1d41.9605402!2d3.2295285999999996!5e0!3m2!1ses!2ses!4v1600936583911!5m2!1ses!2ses\" width=\"600\" height=\"450\" frameborder=\"0\" style=\"border:0;\" allowfullscreen=\"\" aria-hidden=\"false\" tabindex=\"0\"><\/iframe>\t\t\t\t<\/div>\n\t\t\t\t<\/div>\n\t\t\t\t\t<\/div>\n\t\t<\/div>\n\t\t\t\t\t<\/div>\n\t\t<\/section>\n\t\t\t\t<section class=\"elementor-section elementor-top-section elementor-element elementor-element-9274027 elementor-section-boxed elementor-section-height-default elementor-section-height-default\" data-id=\"9274027\" data-element_type=\"section\">\n\t\t\t\t\t\t<div class=\"elementor-container elementor-column-gap-default\">\n\t\t\t\t\t<div class=\"elementor-column elementor-col-100 elementor-top-column elementor-element elementor-element-8d0b027\" data-id=\"8d0b027\" data-element_type=\"column\">\n\t\t\t<div class=\"elementor-widget-wrap elementor-element-populated\">\n\t\t\t\t\t\t<div class=\"elementor-element elementor-element-13b5c01 elementor-widget elementor-widget-text-editor\" data-id=\"13b5c01\" data-element_type=\"widget\" data-widget_type=\"text-editor.default\">\n\t\t\t\t<div class=\"elementor-widget-container\">\n\t\t\t\t\t\t\t\t\t<p><span style=\"font-weight: 400;\">Com t&#8217;ho d\u00e8iem anteriorment, la<\/span> <b>Costa Brava<\/b> <span style=\"font-weight: 400;\">respira tranquil\u00b7litat, convida al descans, i \u00e9s el lloc perfecte per connectar-se amb el mar, a m\u00e9s de gaudir de les aig\u00fces tranquil\u00b7les i cristal\u00b7lines de les cales.<\/span><\/p>\n<p><span style=\"font-weight: 400;\">Aquesta<\/span> <b>ruta que va des de Begur a<\/b> <b>Cala Sa tuna<\/b> <span style=\"font-weight: 400;\">,<\/span><span style=\"font-weight: 400;\"> comen\u00e7a des del mateix poble de Begur, i la pots rec\u00f3rrer en un dia. Si vols moure&#8217;t amb cotxe, trobar\u00e0s aparcament amb facilitat.<\/span><\/p>\n<p><span style=\"font-weight: 400;\">La visita al castell de Begur \u00e9s gratu\u00efta, aix\u00ed que s&#8217;hi pot accedir lliurement podent gaudir de les incre\u00efbles vistes que ens ofereix de bona part de la Costa Brava i els pobles que envolten Begur. Aix\u00ed mateix, per gaudir de les cales nom\u00e9s necessites tenir un bon dia de sol i una bona actitud, ja que la diversi\u00f3 corre pel teu compte.<\/span><\/p>\n\t\t\t\t\t\t\t\t<\/div>\n\t\t\t\t<\/div>\n\t\t\t\t\t<\/div>\n\t\t<\/div>\n\t\t\t\t\t<\/div>\n\t\t<\/section>\n\t\t\t\t<section class=\"elementor-section elementor-top-section elementor-element elementor-element-aaf8e46 elementor-section-boxed elementor-section-height-default elementor-section-height-default\" data-id=\"aaf8e46\" data-element_type=\"section\">\n\t\t\t\t\t\t<div class=\"elementor-container elementor-column-gap-default\">\n\t\t\t\t\t<div class=\"elementor-column elementor-col-100 elementor-top-column elementor-element elementor-element-4cee3de\" data-id=\"4cee3de\" data-element_type=\"column\">\n\t\t\t<div class=\"elementor-widget-wrap elementor-element-populated\">\n\t\t\t\t\t\t<div class=\"elementor-element elementor-element-241f678 elementor-widget elementor-widget-heading\" data-id=\"241f678\" data-element_type=\"widget\" data-widget_type=\"heading.default\">\n\t\t\t\t<div class=\"elementor-widget-container\">\n\t\t\t\t\t<h2 class=\"elementor-heading-title elementor-size-default\">Castell de Begur\n<\/h2>\t\t\t\t<\/div>\n\t\t\t\t<\/div>\n\t\t\t\t\t<\/div>\n\t\t<\/div>\n\t\t\t\t\t<\/div>\n\t\t<\/section>\n\t\t\t\t<section class=\"elementor-section elementor-top-section elementor-element elementor-element-d179048 elementor-section-boxed elementor-section-height-default elementor-section-height-default\" data-id=\"d179048\" data-element_type=\"section\">\n\t\t\t\t\t\t<div class=\"elementor-container elementor-column-gap-default\">\n\t\t\t\t\t<div class=\"elementor-column elementor-col-50 elementor-top-column elementor-element elementor-element-08e1871\" data-id=\"08e1871\" data-element_type=\"column\">\n\t\t\t<div class=\"elementor-widget-wrap elementor-element-populated\">\n\t\t\t\t\t\t<div class=\"elementor-element elementor-element-75bb155 elementor-widget elementor-widget-image\" data-id=\"75bb155\" data-element_type=\"widget\" data-widget_type=\"image.default\">\n\t\t\t\t<div class=\"elementor-widget-container\">\n\t\t\t\t\t\t\t\t\t\t\t\t\t\t\t<img fetchpriority=\"high\" decoding=\"async\" width=\"876\" height=\"657\" src=\"https:\/\/www.willysplan.com\/wp-content\/uploads\/2020\/07\/castell-de-begur.jpg\" class=\"attachment-large size-large wp-image-12927\" alt=\"\" srcset=\"https:\/\/www.willysplan.com\/wp-content\/uploads\/2020\/07\/castell-de-begur.jpg 876w, https:\/\/www.willysplan.com\/wp-content\/uploads\/2020\/07\/castell-de-begur-300x225.jpg 300w, https:\/\/www.willysplan.com\/wp-content\/uploads\/2020\/07\/castell-de-begur-768x576.jpg 768w, https:\/\/www.willysplan.com\/wp-content\/uploads\/2020\/07\/castell-de-begur-760x570.jpg 760w, https:\/\/www.willysplan.com\/wp-content\/uploads\/2020\/07\/castell-de-begur-533x400.jpg 533w, https:\/\/www.willysplan.com\/wp-content\/uploads\/2020\/07\/castell-de-begur-585x439.jpg 585w\" sizes=\"(max-width: 876px) 100vw, 876px\" \/>\t\t\t\t\t\t\t\t\t\t\t\t\t\t\t<\/div>\n\t\t\t\t<\/div>\n\t\t\t\t\t<\/div>\n\t\t<\/div>\n\t\t\t\t<div class=\"elementor-column elementor-col-50 elementor-top-column elementor-element elementor-element-3f5d8ef\" data-id=\"3f5d8ef\" data-element_type=\"column\">\n\t\t\t<div class=\"elementor-widget-wrap elementor-element-populated\">\n\t\t\t\t\t\t<div class=\"elementor-element elementor-element-c5536f9 elementor-widget elementor-widget-image\" data-id=\"c5536f9\" data-element_type=\"widget\" data-widget_type=\"image.default\">\n\t\t\t\t<div class=\"elementor-widget-container\">\n\t\t\t\t\t\t\t\t\t\t\t\t\t\t\t<img decoding=\"async\" width=\"811\" height=\"608\" src=\"https:\/\/www.willysplan.com\/wp-content\/uploads\/2020\/07\/vistas-castell-de-begur.jpg\" class=\"attachment-large size-large wp-image-12929\" alt=\"\" srcset=\"https:\/\/www.willysplan.com\/wp-content\/uploads\/2020\/07\/vistas-castell-de-begur.jpg 811w, https:\/\/www.willysplan.com\/wp-content\/uploads\/2020\/07\/vistas-castell-de-begur-300x225.jpg 300w, https:\/\/www.willysplan.com\/wp-content\/uploads\/2020\/07\/vistas-castell-de-begur-768x576.jpg 768w, https:\/\/www.willysplan.com\/wp-content\/uploads\/2020\/07\/vistas-castell-de-begur-760x570.jpg 760w, https:\/\/www.willysplan.com\/wp-content\/uploads\/2020\/07\/vistas-castell-de-begur-534x400.jpg 534w, https:\/\/www.willysplan.com\/wp-content\/uploads\/2020\/07\/vistas-castell-de-begur-585x439.jpg 585w\" sizes=\"(max-width: 811px) 100vw, 811px\" \/>\t\t\t\t\t\t\t\t\t\t\t\t\t\t\t<\/div>\n\t\t\t\t<\/div>\n\t\t\t\t\t<\/div>\n\t\t<\/div>\n\t\t\t\t\t<\/div>\n\t\t<\/section>\n\t\t\t\t<section class=\"elementor-section elementor-top-section elementor-element elementor-element-c78f0d5 elementor-section-boxed elementor-section-height-default elementor-section-height-default\" data-id=\"c78f0d5\" data-element_type=\"section\">\n\t\t\t\t\t\t<div class=\"elementor-container elementor-column-gap-default\">\n\t\t\t\t\t<div class=\"elementor-column elementor-col-100 elementor-top-column elementor-element elementor-element-e8099c1\" data-id=\"e8099c1\" data-element_type=\"column\">\n\t\t\t<div class=\"elementor-widget-wrap elementor-element-populated\">\n\t\t\t\t\t\t<div class=\"elementor-element elementor-element-9d79bd6 elementor-widget elementor-widget-text-editor\" data-id=\"9d79bd6\" data-element_type=\"widget\" data-widget_type=\"text-editor.default\">\n\t\t\t\t<div class=\"elementor-widget-container\">\n\t\t\t\t\t\t\t\t\t<p>El Castell de Begur\u2026 una mirada des de dalt de tot de la costa brava. Una trobada d&#8217;hist\u00f2ria i natura que no et pots perdre.<\/p>\n<p><span style=\"font-weight: 400;\">Encara que avui tot es resumeix en ru\u00efnes, \u00e9s la m\u00e0gia que envolta aquest monument arquitect\u00f2nic (declarat b\u00e9 cultural d&#8217;inter\u00e8s nacional &#8220;<\/span> <span style=\"font-weight: 400;\">BCIN&#8221;),<\/span> <span style=\"font-weight: 400;\">cosa que ho fa indescriptible. Un retrobament on es respira hist\u00f2ria i que desperta la imaginaci\u00f3 dels m\u00e9s curiosos, ja que entre pedres es pot imaginar la majestuositat i la impon\u00e8ncia que en algun moment va pert\u00e0nyer a aquest lloc.<\/span><\/p>\n<p><span style=\"font-weight: 400;\">Potser el que m\u00e9s motiva visitar el<\/span> Castell de Begur<span style=\"font-weight: 400;\"> s\u00f3n les vistes panor\u00e0miques totalment gratu\u00eftes. Convertint-se en un delit visual de mar i muntanya, enmig de brises c\u00e0lides, plenes de sal i el dol\u00e7 gust de la <\/span>Costa Brava <span style=\"font-weight: 400;\">.<\/span><\/p>\n<p><span style=\"font-weight: 400;\">Si us animeu a fer el recorregut caminant, hi ha panells informatius que porten directament al castell (un cam\u00ed molt f\u00e0cil i accessible). Aquest cam\u00ed pot trigar uns deu minuts des del centre del poble, s&#8217;hi pot pujar sense dificultats i fins i tot \u00e9s apte per a persones amb mobilitat redu\u00efda. Si la teva opci\u00f3 \u00e9s arribar amb cotxe, et recomanem que arribis fins al m\u00e9s a prop possible, ia partir d&#8217;all\u00e0 busques aparcament als peus de la fortificaci\u00f3. <\/span><\/p>\n<p>El Castell de Begur ofereix molts motius perqu\u00e8 vinguis a con\u00e8ixer-lo. Us recomanem anar a visitar-lo durant el mat\u00ed, perqu\u00e8 despr\u00e9s tingueu temps de tornar al centre del poble i visitar-lo amb tranquil\u00b7litat: passejant pels seus carrers, i admirant els punts d&#8217;inter\u00e8s que anireu trobant assenyalats a les parets dels carrers. Un cop hagueu visitat aquest preci\u00f3s poble, \u00e9s hora de reposar piles i anar a dinar.<\/p>\n\t\t\t\t\t\t\t\t<\/div>\n\t\t\t\t<\/div>\n\t\t\t\t\t<\/div>\n\t\t<\/div>\n\t\t\t\t\t<\/div>\n\t\t<\/section>\n\t\t\t\t<section class=\"elementor-section elementor-top-section elementor-element elementor-element-cf26dc9 elementor-section-boxed elementor-section-height-default elementor-section-height-default\" data-id=\"cf26dc9\" data-element_type=\"section\">\n\t\t\t\t\t\t<div class=\"elementor-container elementor-column-gap-default\">\n\t\t\t\t\t<div class=\"elementor-column elementor-col-100 elementor-top-column elementor-element elementor-element-5689fda\" data-id=\"5689fda\" data-element_type=\"column\">\n\t\t\t<div class=\"elementor-widget-wrap elementor-element-populated\">\n\t\t\t\t\t\t<div class=\"elementor-element elementor-element-1563f51 elementor-widget elementor-widget-heading\" data-id=\"1563f51\" data-element_type=\"widget\" data-widget_type=\"heading.default\">\n\t\t\t\t<div class=\"elementor-widget-container\">\n\t\t\t\t\t<h2 class=\"elementor-heading-title elementor-size-default\">La Pizzeta (restaurant)<\/h2>\t\t\t\t<\/div>\n\t\t\t\t<\/div>\n\t\t\t\t\t<\/div>\n\t\t<\/div>\n\t\t\t\t\t<\/div>\n\t\t<\/section>\n\t\t\t\t<section class=\"elementor-section elementor-top-section elementor-element elementor-element-cc665cd elementor-section-boxed elementor-section-height-default elementor-section-height-default\" data-id=\"cc665cd\" data-element_type=\"section\">\n\t\t\t\t\t\t<div class=\"elementor-container elementor-column-gap-default\">\n\t\t\t\t\t<div class=\"elementor-column elementor-col-50 elementor-top-column elementor-element elementor-element-dd8445e\" data-id=\"dd8445e\" data-element_type=\"column\">\n\t\t\t<div class=\"elementor-widget-wrap elementor-element-populated\">\n\t\t\t\t\t\t<div class=\"elementor-element elementor-element-f1f125c elementor-widget elementor-widget-image\" data-id=\"f1f125c\" data-element_type=\"widget\" data-widget_type=\"image.default\">\n\t\t\t\t<div class=\"elementor-widget-container\">\n\t\t\t\t\t\t\t\t\t\t\t\t\t\t\t<img decoding=\"async\" width=\"550\" height=\"413\" src=\"https:\/\/www.willysplan.com\/wp-content\/uploads\/2020\/07\/restaurant-la-pizzeta-begur.jpg\" class=\"attachment-large size-large wp-image-12931\" alt=\"\" srcset=\"https:\/\/www.willysplan.com\/wp-content\/uploads\/2020\/07\/restaurant-la-pizzeta-begur.jpg 550w, https:\/\/www.willysplan.com\/wp-content\/uploads\/2020\/07\/restaurant-la-pizzeta-begur-300x225.jpg 300w, https:\/\/www.willysplan.com\/wp-content\/uploads\/2020\/07\/restaurant-la-pizzeta-begur-533x400.jpg 533w\" sizes=\"(max-width: 550px) 100vw, 550px\" \/>\t\t\t\t\t\t\t\t\t\t\t\t\t\t\t<\/div>\n\t\t\t\t<\/div>\n\t\t\t\t\t<\/div>\n\t\t<\/div>\n\t\t\t\t<div class=\"elementor-column elementor-col-50 elementor-top-column elementor-element elementor-element-50c9422\" data-id=\"50c9422\" data-element_type=\"column\">\n\t\t\t<div class=\"elementor-widget-wrap elementor-element-populated\">\n\t\t\t\t\t\t<div class=\"elementor-element elementor-element-4ce45b5 elementor-widget elementor-widget-image\" data-id=\"4ce45b5\" data-element_type=\"widget\" data-widget_type=\"image.default\">\n\t\t\t\t<div class=\"elementor-widget-container\">\n\t\t\t\t\t\t\t\t\t\t\t\t\t\t\t<img loading=\"lazy\" decoding=\"async\" width=\"394\" height=\"341\" src=\"https:\/\/www.willysplan.com\/wp-content\/uploads\/2020\/07\/restaurante-la-pizzeta-de-begur.jpg\" class=\"attachment-large size-large wp-image-12933\" alt=\"\" srcset=\"https:\/\/www.willysplan.com\/wp-content\/uploads\/2020\/07\/restaurante-la-pizzeta-de-begur.jpg 394w, https:\/\/www.willysplan.com\/wp-content\/uploads\/2020\/07\/restaurante-la-pizzeta-de-begur-300x260.jpg 300w\" sizes=\"(max-width: 394px) 100vw, 394px\" \/>\t\t\t\t\t\t\t\t\t\t\t\t\t\t\t<\/div>\n\t\t\t\t<\/div>\n\t\t\t\t\t<\/div>\n\t\t<\/div>\n\t\t\t\t\t<\/div>\n\t\t<\/section>\n\t\t\t\t<section class=\"elementor-section elementor-top-section elementor-element elementor-element-090337d elementor-section-boxed elementor-section-height-default elementor-section-height-default\" data-id=\"090337d\" data-element_type=\"section\">\n\t\t\t\t\t\t<div class=\"elementor-container elementor-column-gap-default\">\n\t\t\t\t\t<div class=\"elementor-column elementor-col-100 elementor-top-column elementor-element elementor-element-10259a1\" data-id=\"10259a1\" data-element_type=\"column\">\n\t\t\t<div class=\"elementor-widget-wrap elementor-element-populated\">\n\t\t\t\t\t\t<div class=\"elementor-element elementor-element-67842ef elementor-widget elementor-widget-text-editor\" data-id=\"67842ef\" data-element_type=\"widget\" data-widget_type=\"text-editor.default\">\n\t\t\t\t<div class=\"elementor-widget-container\">\n\t\t\t\t\t\t\t\t\t<p><span style=\"font-weight: 400;\">Si ets a<\/span> Begur <span style=\"font-weight: 400;\">has de visitar \u201cla Pizzeta\u201d. Un restaurant de menjar itali\u00e0 amb gran varietat de plats mediterranis i una excel\u00b7lent opci\u00f3 vegana lliure de gluten. Una bona alternativa culin\u00e0ria per gaudir d&#8217;un pla en parella o en fam\u00edlia. Tot i aix\u00ed, com a alternativa a aquest restaurant, tens tamb\u00e9 tots els restaurants amb terrassa que trobar\u00e0s a la pla\u00e7a de la vila, \u00e9s a dir, al mateix centre hist\u00f2ric de la ciutat de Begur, just al costat de l&#8217;esgl\u00e9sia. All\u00e0 tamb\u00e9 dinar\u00e0s b\u00e9, i gaudir\u00e0s de l&#8217;ambient que es respira en veure la gent passar.<\/span><\/p>\n\t\t\t\t\t\t\t\t<\/div>\n\t\t\t\t<\/div>\n\t\t\t\t\t<\/div>\n\t\t<\/div>\n\t\t\t\t\t<\/div>\n\t\t<\/section>\n\t\t\t\t<section class=\"elementor-section elementor-top-section elementor-element elementor-element-c34e060 elementor-section-boxed elementor-section-height-default elementor-section-height-default\" data-id=\"c34e060\" data-element_type=\"section\">\n\t\t\t\t\t\t<div class=\"elementor-container elementor-column-gap-default\">\n\t\t\t\t\t<div class=\"elementor-column elementor-col-100 elementor-top-column elementor-element elementor-element-e81ecc9\" data-id=\"e81ecc9\" data-element_type=\"column\">\n\t\t\t<div class=\"elementor-widget-wrap elementor-element-populated\">\n\t\t\t\t\t\t<div class=\"elementor-element elementor-element-ba75c32 elementor-widget elementor-widget-heading\" data-id=\"ba75c32\" data-element_type=\"widget\" data-widget_type=\"heading.default\">\n\t\t\t\t<div class=\"elementor-widget-container\">\n\t\t\t\t\t<h2 class=\"elementor-heading-title elementor-size-default\">Cala Sa tuna o S'antiga\n<\/h2>\t\t\t\t<\/div>\n\t\t\t\t<\/div>\n\t\t\t\t\t<\/div>\n\t\t<\/div>\n\t\t\t\t\t<\/div>\n\t\t<\/section>\n\t\t\t\t<section class=\"elementor-section elementor-top-section elementor-element elementor-element-77aac5a elementor-section-boxed elementor-section-height-default elementor-section-height-default\" data-id=\"77aac5a\" data-element_type=\"section\">\n\t\t\t\t\t\t<div class=\"elementor-container elementor-column-gap-default\">\n\t\t\t\t\t<div class=\"elementor-column elementor-col-50 elementor-top-column elementor-element elementor-element-5e0d3a0\" data-id=\"5e0d3a0\" data-element_type=\"column\">\n\t\t\t<div class=\"elementor-widget-wrap elementor-element-populated\">\n\t\t\t\t\t\t<div class=\"elementor-element elementor-element-afcf819 elementor-widget elementor-widget-image\" data-id=\"afcf819\" data-element_type=\"widget\" data-widget_type=\"image.default\">\n\t\t\t\t<div class=\"elementor-widget-container\">\n\t\t\t\t\t\t\t\t\t\t\t\t\t\t\t<img loading=\"lazy\" decoding=\"async\" width=\"467\" height=\"468\" src=\"https:\/\/www.willysplan.com\/wp-content\/uploads\/2020\/07\/cala-santiga1.jpg\" class=\"attachment-large size-large wp-image-13485\" alt=\"\" srcset=\"https:\/\/www.willysplan.com\/wp-content\/uploads\/2020\/07\/cala-santiga1.jpg 467w, https:\/\/www.willysplan.com\/wp-content\/uploads\/2020\/07\/cala-santiga1-300x300.jpg 300w, https:\/\/www.willysplan.com\/wp-content\/uploads\/2020\/07\/cala-santiga1-150x150.jpg 150w, https:\/\/www.willysplan.com\/wp-content\/uploads\/2020\/07\/cala-santiga1-280x280.jpg 280w, https:\/\/www.willysplan.com\/wp-content\/uploads\/2020\/07\/cala-santiga1-399x400.jpg 399w, https:\/\/www.willysplan.com\/wp-content\/uploads\/2020\/07\/cala-santiga1-100x100.jpg 100w\" sizes=\"(max-width: 467px) 100vw, 467px\" \/>\t\t\t\t\t\t\t\t\t\t\t\t\t\t\t<\/div>\n\t\t\t\t<\/div>\n\t\t\t\t\t<\/div>\n\t\t<\/div>\n\t\t\t\t<div class=\"elementor-column elementor-col-50 elementor-top-column elementor-element elementor-element-8024375\" data-id=\"8024375\" data-element_type=\"column\">\n\t\t\t<div class=\"elementor-widget-wrap elementor-element-populated\">\n\t\t\t\t\t\t<div class=\"elementor-element elementor-element-5ed7d56 elementor-widget elementor-widget-image\" data-id=\"5ed7d56\" data-element_type=\"widget\" data-widget_type=\"image.default\">\n\t\t\t\t<div class=\"elementor-widget-container\">\n\t\t\t\t\t\t\t\t\t\t\t\t\t\t\t<img loading=\"lazy\" decoding=\"async\" width=\"469\" height=\"469\" src=\"https:\/\/www.willysplan.com\/wp-content\/uploads\/2020\/07\/cala-sa-tuna1.jpg\" class=\"attachment-large size-large wp-image-13487\" alt=\"\" srcset=\"https:\/\/www.willysplan.com\/wp-content\/uploads\/2020\/07\/cala-sa-tuna1.jpg 469w, https:\/\/www.willysplan.com\/wp-content\/uploads\/2020\/07\/cala-sa-tuna1-300x300.jpg 300w, https:\/\/www.willysplan.com\/wp-content\/uploads\/2020\/07\/cala-sa-tuna1-150x150.jpg 150w, https:\/\/www.willysplan.com\/wp-content\/uploads\/2020\/07\/cala-sa-tuna1-280x280.jpg 280w, https:\/\/www.willysplan.com\/wp-content\/uploads\/2020\/07\/cala-sa-tuna1-400x400.jpg 400w, https:\/\/www.willysplan.com\/wp-content\/uploads\/2020\/07\/cala-sa-tuna1-100x100.jpg 100w\" sizes=\"(max-width: 469px) 100vw, 469px\" \/>\t\t\t\t\t\t\t\t\t\t\t\t\t\t\t<\/div>\n\t\t\t\t<\/div>\n\t\t\t\t\t<\/div>\n\t\t<\/div>\n\t\t\t\t\t<\/div>\n\t\t<\/section>\n\t\t\t\t<section class=\"elementor-section elementor-top-section elementor-element elementor-element-c270963 elementor-section-boxed elementor-section-height-default elementor-section-height-default\" data-id=\"c270963\" data-element_type=\"section\">\n\t\t\t\t\t\t<div class=\"elementor-container elementor-column-gap-default\">\n\t\t\t\t\t<div class=\"elementor-column elementor-col-100 elementor-top-column elementor-element elementor-element-765432f\" data-id=\"765432f\" data-element_type=\"column\">\n\t\t\t<div class=\"elementor-widget-wrap elementor-element-populated\">\n\t\t\t\t\t\t<div class=\"elementor-element elementor-element-afe3043 elementor-widget elementor-widget-text-editor\" data-id=\"afe3043\" data-element_type=\"widget\" data-widget_type=\"text-editor.default\">\n\t\t\t\t<div class=\"elementor-widget-container\">\n\t\t\t\t\t\t\t\t\t<p><span style=\"font-weight: 400;\">Quan es tracta de<\/span> Begur, no podem oblidar-nos de les cales<span style=\"font-weight: 400;\">. \u00c9s que no n&#8217;hi ha per menys: amb tantes opcions ens costa prendre una decisi\u00f3, tenint en compte que l&#8217;oferta gastron\u00f2mica que ofereix \u00e9s magn\u00edfica i amb opci\u00f3 d&#8217;hostalatge si v\u00e9ns a passar uns quants dies. Tot i aix\u00f2 aqu\u00ed et deixem dues opcions que et suggerim en aquest refrescant viatge per la costa brava.<\/span><\/p>\n<p><span style=\"font-weight: 400;\">Aquest rac\u00f3 del cor de Begur podr\u00edem descriure&#8217;l en una sola paraula: \u201cfascinant\u201d. Com que est\u00e0 envoltat d&#8217;una estreta costa de mar, la <\/span><b>Cala Sa tuna <\/b><span style=\"font-weight: 400;\">desborda autenticitat. Les seves casetes enmig d&#8217;estrets carrerons encara conserven l&#8217;encant del vell port mariner i una impressionant vista al mar; sens dubte una cala que evoca records i hist\u00f2ries: lloc ideal per anar amb tota mena de companyia, ja sigui que vulguis anar en parella, amb nens o amb amics.<\/span><\/p>\n<p><span style=\"font-weight: 400;\">S&#8217;hi pot arribar caminant des del centre del poble pel cam\u00ed antic, o fins i tot arribar-hi amb cotxe. Doncs \u00e9s de f\u00e0cil acc\u00e9s i trobes aparcament per la zona. A l&#8217;estiu el transport p\u00fablic tamb\u00e9 \u00e9s una opci\u00f3 molt bona.<\/span><\/p>\n<p><span style=\"font-weight: 400;\">D&#8217;altra banda us proposem una altra cala alternativa:<\/span> <b>Cala S&#8217;antiga<\/b><span style=\"font-weight: 400;\">. En aquesta<\/span><b> <\/b><span style=\"font-weight: 400;\">pots gaudir d&#8217;una tarda tranquil\u00b7la, m\u00e9s recomanable per anar en parella: doncs<\/span> <span style=\"font-weight: 400;\">en aquesta cala s\u00ed que tindr\u00e0s privadesa, i \u00e9s la m\u00e9s indicada per a una cita rom\u00e0ntica.<\/span><\/p>\n\t\t\t\t\t\t\t\t<\/div>\n\t\t\t\t<\/div>\n\t\t\t\t\t<\/div>\n\t\t<\/div>\n\t\t\t\t\t<\/div>\n\t\t<\/section>\n\t\t\t\t<section class=\"elementor-section elementor-top-section elementor-element elementor-element-f71db7a elementor-section-boxed elementor-section-height-default elementor-section-height-default\" data-id=\"f71db7a\" data-element_type=\"section\">\n\t\t\t\t\t\t<div class=\"elementor-container elementor-column-gap-default\">\n\t\t\t\t\t<div class=\"elementor-column elementor-col-100 elementor-top-column elementor-element elementor-element-c0285cb\" data-id=\"c0285cb\" data-element_type=\"column\">\n\t\t\t<div class=\"elementor-widget-wrap elementor-element-populated\">\n\t\t\t\t\t\t<div class=\"elementor-element elementor-element-4609fce elementor-widget elementor-widget-heading\" data-id=\"4609fce\" data-element_type=\"widget\" data-widget_type=\"heading.default\">\n\t\t\t\t<div class=\"elementor-widget-container\">\n\t\t\t\t\t<h2 class=\"elementor-heading-title elementor-size-default\">Altres rutes que tamb\u00e9 et poden interessar...<\/h2>\t\t\t\t<\/div>\n\t\t\t\t<\/div>\n\t\t\t\t\t<\/div>\n\t\t<\/div>\n\t\t\t\t\t<\/div>\n\t\t<\/section>\n\t\t\t\t<section class=\"elementor-section elementor-top-section elementor-element elementor-element-527be80 elementor-section-boxed elementor-section-height-default elementor-section-height-default\" data-id=\"527be80\" data-element_type=\"section\">\n\t\t\t\t\t\t<div class=\"elementor-container elementor-column-gap-default\">\n\t\t\t\t\t<div class=\"elementor-column elementor-col-100 elementor-top-column elementor-element elementor-element-dc5ec13\" data-id=\"dc5ec13\" data-element_type=\"column\">\n\t\t\t<div class=\"elementor-widget-wrap elementor-element-populated\">\n\t\t\t\t\t\t\t<\/div>\n\t\t<\/div>\n\t\t\t\t\t<\/div>\n\t\t<\/section>\n\t\t\t\t<\/div>\n\t\t","protected":false},"excerpt":{"rendered":"<p>Begur \u00e9s un poble encantador del Baix Ampurd\u00e0, que reuneix una hist\u00f2ria medieval i gastron\u00f2mica que no pots deixar de con\u00e8ixer. Aquest petit poble de carrerons blancs i empedrats, est\u00e0 ubicat al cor de la Costa Brava : una de les millors zones si est\u00e0s buscant rutes i excursions per Catalunya a l&#8217;estiu. Compte amb&hellip;&nbsp;<a href=\"https:\/\/www.willysplan.com\/ca\/rutes\/ruta-des-de-begur-a-cala-sa-tuna\" rel=\"bookmark\">Llegiu m\u00e9s &raquo;<span class=\"screen-reader-text\">Ruta des de Begur a Cala Sa tuna<\/span><\/a><\/p>\n","protected":false},"author":2,"featured_media":12423,"comment_status":"closed","ping_status":"closed","sticky":false,"template":"","format":"standard","meta":{"neve_meta_sidebar":"","neve_meta_container":"","neve_meta_enable_content_width":"","neve_meta_content_width":0,"neve_meta_title_alignment":"","neve_meta_author_avatar":"","neve_post_elements_order":"","neve_meta_disable_header":"","neve_meta_disable_footer":"","neve_meta_disable_title":"","_joinchat":[],"footnotes":""},"categories":[323],"tags":[360,362,361],"class_list":["post-15887","post","type-post","status-publish","format-standard","has-post-thumbnail","hentry","category-rutes","tag-rutes-catalunya","tag-rutes-costa-brava","tag-rutes-girona-provincia"],"yoast_head":"<!-- This site is optimized with the Yoast SEO Premium plugin v20.1 (Yoast SEO v26.9) - https:\/\/yoast.com\/product\/yoast-seo-premium-wordpress\/ -->\n<title>Ruta des de Begur ciutat a Cala Sa tuna \u2013 Willy&#039;s plan<\/title>\n<meta name=\"description\" content=\"Descobreix una de les millors rutes per fer a Begur. Gaudeix visitant des del Castell de Begur, fins a la Cala Sa tuna o Cala S&#039;antiga. \u2705 Entra ara!\" \/>\n<meta name=\"robots\" content=\"index, follow, max-snippet:-1, max-image-preview:large, max-video-preview:-1\" \/>\n<link rel=\"canonical\" href=\"https:\/\/willysplan.com\/ca\/rutes\/ruta-des-de-begur-a-cala-sa-tuna\" \/>\n<meta property=\"og:locale\" content=\"ca_ES\" \/>\n<meta property=\"og:type\" content=\"article\" \/>\n<meta property=\"og:title\" content=\"Ruta des de Begur a Cala Sa tuna\" \/>\n<meta property=\"og:description\" content=\"Descobreix una de les millors rutes per fer a Begur. Gaudeix visitant des del Castell de Begur, fins a la Cala Sa tuna o Cala S&#039;antiga. \u2705 Entra ara!\" \/>\n<meta property=\"og:url\" content=\"https:\/\/willysplan.com\/ca\/rutes\/ruta-des-de-begur-a-cala-sa-tuna\" \/>\n<meta property=\"og:site_name\" content=\"Willy&#039;s Plan \ud83c\udf43\" \/>\n<meta property=\"article:published_time\" content=\"2020-07-11T17:18:53+00:00\" \/>\n<meta property=\"article:modified_time\" content=\"2023-07-25T03:46:45+00:00\" \/>\n<meta property=\"og:image\" content=\"https:\/\/www.willysplan.com\/wp-content\/uploads\/2020\/07\/cala-sa-tuna.jpg\" \/>\n\t<meta property=\"og:image:width\" content=\"512\" \/>\n\t<meta property=\"og:image:height\" content=\"309\" \/>\n\t<meta property=\"og:image:type\" content=\"image\/jpeg\" \/>\n<meta name=\"author\" content=\"Guillem Asensio\" \/>\n<meta name=\"twitter:card\" content=\"summary_large_image\" \/>\n<meta name=\"twitter:label1\" content=\"Escrit per\" \/>\n\t<meta name=\"twitter:data1\" content=\"Guillem Asensio\" \/>\n\t<meta name=\"twitter:label2\" content=\"Temps estimat de lectura\" \/>\n\t<meta name=\"twitter:data2\" content=\"5 minuts\" \/>\n<script type=\"application\/ld+json\" class=\"yoast-schema-graph\">{\"@context\":\"https:\/\/schema.org\",\"@graph\":[{\"@type\":\"Article\",\"@id\":\"https:\/\/willysplan.com\/ca\/rutes\/ruta-des-de-begur-a-cala-sa-tuna#article\",\"isPartOf\":{\"@id\":\"https:\/\/www.willysplan.com\/ca\/rutes\/ruta-des-de-begur-a-cala-sa-tuna\"},\"author\":{\"name\":\"Guillem Asensio\",\"@id\":\"https:\/\/www.willysplan.com\/#\/schema\/person\/6f2dbf2215cd25715df085907bd007c1\"},\"headline\":\"Ruta des de Begur a Cala Sa tuna\",\"datePublished\":\"2020-07-11T17:18:53+00:00\",\"dateModified\":\"2023-07-25T03:46:45+00:00\",\"mainEntityOfPage\":{\"@id\":\"https:\/\/www.willysplan.com\/ca\/rutes\/ruta-des-de-begur-a-cala-sa-tuna\"},\"wordCount\":1036,\"publisher\":{\"@id\":\"https:\/\/www.willysplan.com\/#organization\"},\"image\":{\"@id\":\"https:\/\/willysplan.com\/ca\/rutes\/ruta-des-de-begur-a-cala-sa-tuna#primaryimage\"},\"thumbnailUrl\":\"https:\/\/www.willysplan.com\/wp-content\/uploads\/2020\/07\/cala-sa-tuna.jpg\",\"keywords\":[\"rutes catalunya\",\"rutes costa brava\",\"rutes girona prov\u00edncia\"],\"articleSection\":[\"rutes\"],\"inLanguage\":\"ca\"},{\"@type\":\"WebPage\",\"@id\":\"https:\/\/www.willysplan.com\/ca\/rutes\/ruta-des-de-begur-a-cala-sa-tuna\",\"url\":\"https:\/\/willysplan.com\/ca\/rutes\/ruta-des-de-begur-a-cala-sa-tuna\",\"name\":\"Ruta des de Begur ciutat a Cala Sa tuna \u2013 Willy's plan\",\"isPartOf\":{\"@id\":\"https:\/\/www.willysplan.com\/#website\"},\"primaryImageOfPage\":{\"@id\":\"https:\/\/willysplan.com\/ca\/rutes\/ruta-des-de-begur-a-cala-sa-tuna#primaryimage\"},\"image\":{\"@id\":\"https:\/\/willysplan.com\/ca\/rutes\/ruta-des-de-begur-a-cala-sa-tuna#primaryimage\"},\"thumbnailUrl\":\"https:\/\/www.willysplan.com\/wp-content\/uploads\/2020\/07\/cala-sa-tuna.jpg\",\"datePublished\":\"2020-07-11T17:18:53+00:00\",\"dateModified\":\"2023-07-25T03:46:45+00:00\",\"description\":\"Descobreix una de les millors rutes per fer a Begur. Gaudeix visitant des del Castell de Begur, fins a la Cala Sa tuna o Cala S'antiga. \u2705 Entra ara!\",\"inLanguage\":\"ca\",\"potentialAction\":[{\"@type\":\"ReadAction\",\"target\":[\"https:\/\/willysplan.com\/ca\/rutes\/ruta-des-de-begur-a-cala-sa-tuna\"]}]},{\"@type\":\"ImageObject\",\"inLanguage\":\"ca\",\"@id\":\"https:\/\/willysplan.com\/ca\/rutes\/ruta-des-de-begur-a-cala-sa-tuna#primaryimage\",\"url\":\"https:\/\/www.willysplan.com\/wp-content\/uploads\/2020\/07\/cala-sa-tuna.jpg\",\"contentUrl\":\"https:\/\/www.willysplan.com\/wp-content\/uploads\/2020\/07\/cala-sa-tuna.jpg\",\"width\":512,\"height\":309},{\"@type\":\"WebSite\",\"@id\":\"https:\/\/www.willysplan.com\/#website\",\"url\":\"https:\/\/www.willysplan.com\/\",\"name\":\"Willy&#039;s Plan \ud83c\udf43\",\"description\":\"Escapadas y Planes de fin de semana\",\"publisher\":{\"@id\":\"https:\/\/www.willysplan.com\/#organization\"},\"potentialAction\":[{\"@type\":\"SearchAction\",\"target\":{\"@type\":\"EntryPoint\",\"urlTemplate\":\"https:\/\/www.willysplan.com\/?s={search_term_string}\"},\"query-input\":{\"@type\":\"PropertyValueSpecification\",\"valueRequired\":true,\"valueName\":\"search_term_string\"}}],\"inLanguage\":\"ca\"},{\"@type\":\"Organization\",\"@id\":\"https:\/\/www.willysplan.com\/#organization\",\"name\":\"Willy&#039;s Plan \ud83c\udf43\",\"url\":\"https:\/\/www.willysplan.com\/\",\"logo\":{\"@type\":\"ImageObject\",\"inLanguage\":\"ca\",\"@id\":\"https:\/\/www.willysplan.com\/#\/schema\/logo\/image\/\",\"url\":\"https:\/\/www.willysplan.com\/wp-content\/uploads\/2020\/04\/cropped-logo-1.png\",\"contentUrl\":\"https:\/\/www.willysplan.com\/wp-content\/uploads\/2020\/04\/cropped-logo-1.png\",\"width\":332,\"height\":332,\"caption\":\"Willy&#039;s Plan \ud83c\udf43\"},\"image\":{\"@id\":\"https:\/\/www.willysplan.com\/#\/schema\/logo\/image\/\"}},{\"@type\":\"Person\",\"@id\":\"https:\/\/www.willysplan.com\/#\/schema\/person\/6f2dbf2215cd25715df085907bd007c1\",\"name\":\"Guillem Asensio\",\"image\":{\"@type\":\"ImageObject\",\"inLanguage\":\"ca\",\"@id\":\"https:\/\/www.willysplan.com\/#\/schema\/person\/image\/\",\"url\":\"https:\/\/secure.gravatar.com\/avatar\/fd3f69da3e6cd8d451f6be79c127da046757b9a4c273deefb40b1291809cc787?s=96&d=mm&r=g\",\"contentUrl\":\"https:\/\/secure.gravatar.com\/avatar\/fd3f69da3e6cd8d451f6be79c127da046757b9a4c273deefb40b1291809cc787?s=96&d=mm&r=g\",\"caption\":\"Guillem Asensio\"},\"sameAs\":[\"https:\/\/willysplan.com\"],\"url\":\"https:\/\/www.willysplan.com\/ca\/author\/willy\"}]}<\/script>\n<!-- \/ Yoast SEO Premium plugin. -->","yoast_head_json":{"title":"Ruta des de Begur ciutat a Cala Sa tuna \u2013 Willy's plan","description":"Descobreix una de les millors rutes per fer a Begur. Gaudeix visitant des del Castell de Begur, fins a la Cala Sa tuna o Cala S'antiga. \u2705 Entra ara!","robots":{"index":"index","follow":"follow","max-snippet":"max-snippet:-1","max-image-preview":"max-image-preview:large","max-video-preview":"max-video-preview:-1"},"canonical":"https:\/\/willysplan.com\/ca\/rutes\/ruta-des-de-begur-a-cala-sa-tuna","og_locale":"ca_ES","og_type":"article","og_title":"Ruta des de Begur a Cala Sa tuna","og_description":"Descobreix una de les millors rutes per fer a Begur. Gaudeix visitant des del Castell de Begur, fins a la Cala Sa tuna o Cala S'antiga. \u2705 Entra ara!","og_url":"https:\/\/willysplan.com\/ca\/rutes\/ruta-des-de-begur-a-cala-sa-tuna","og_site_name":"Willy&#039;s Plan \ud83c\udf43","article_published_time":"2020-07-11T17:18:53+00:00","article_modified_time":"2023-07-25T03:46:45+00:00","og_image":[{"width":512,"height":309,"url":"https:\/\/www.willysplan.com\/wp-content\/uploads\/2020\/07\/cala-sa-tuna.jpg","type":"image\/jpeg"}],"author":"Guillem Asensio","twitter_card":"summary_large_image","twitter_misc":{"Escrit per":"Guillem Asensio","Temps estimat de lectura":"5 minuts"},"schema":{"@context":"https:\/\/schema.org","@graph":[{"@type":"Article","@id":"https:\/\/willysplan.com\/ca\/rutes\/ruta-des-de-begur-a-cala-sa-tuna#article","isPartOf":{"@id":"https:\/\/www.willysplan.com\/ca\/rutes\/ruta-des-de-begur-a-cala-sa-tuna"},"author":{"name":"Guillem Asensio","@id":"https:\/\/www.willysplan.com\/#\/schema\/person\/6f2dbf2215cd25715df085907bd007c1"},"headline":"Ruta des de Begur a Cala Sa tuna","datePublished":"2020-07-11T17:18:53+00:00","dateModified":"2023-07-25T03:46:45+00:00","mainEntityOfPage":{"@id":"https:\/\/www.willysplan.com\/ca\/rutes\/ruta-des-de-begur-a-cala-sa-tuna"},"wordCount":1036,"publisher":{"@id":"https:\/\/www.willysplan.com\/#organization"},"image":{"@id":"https:\/\/willysplan.com\/ca\/rutes\/ruta-des-de-begur-a-cala-sa-tuna#primaryimage"},"thumbnailUrl":"https:\/\/www.willysplan.com\/wp-content\/uploads\/2020\/07\/cala-sa-tuna.jpg","keywords":["rutes catalunya","rutes costa brava","rutes girona prov\u00edncia"],"articleSection":["rutes"],"inLanguage":"ca"},{"@type":"WebPage","@id":"https:\/\/www.willysplan.com\/ca\/rutes\/ruta-des-de-begur-a-cala-sa-tuna","url":"https:\/\/willysplan.com\/ca\/rutes\/ruta-des-de-begur-a-cala-sa-tuna","name":"Ruta des de Begur ciutat a Cala Sa tuna \u2013 Willy's plan","isPartOf":{"@id":"https:\/\/www.willysplan.com\/#website"},"primaryImageOfPage":{"@id":"https:\/\/willysplan.com\/ca\/rutes\/ruta-des-de-begur-a-cala-sa-tuna#primaryimage"},"image":{"@id":"https:\/\/willysplan.com\/ca\/rutes\/ruta-des-de-begur-a-cala-sa-tuna#primaryimage"},"thumbnailUrl":"https:\/\/www.willysplan.com\/wp-content\/uploads\/2020\/07\/cala-sa-tuna.jpg","datePublished":"2020-07-11T17:18:53+00:00","dateModified":"2023-07-25T03:46:45+00:00","description":"Descobreix una de les millors rutes per fer a Begur. Gaudeix visitant des del Castell de Begur, fins a la Cala Sa tuna o Cala S'antiga. \u2705 Entra ara!","inLanguage":"ca","potentialAction":[{"@type":"ReadAction","target":["https:\/\/willysplan.com\/ca\/rutes\/ruta-des-de-begur-a-cala-sa-tuna"]}]},{"@type":"ImageObject","inLanguage":"ca","@id":"https:\/\/willysplan.com\/ca\/rutes\/ruta-des-de-begur-a-cala-sa-tuna#primaryimage","url":"https:\/\/www.willysplan.com\/wp-content\/uploads\/2020\/07\/cala-sa-tuna.jpg","contentUrl":"https:\/\/www.willysplan.com\/wp-content\/uploads\/2020\/07\/cala-sa-tuna.jpg","width":512,"height":309},{"@type":"WebSite","@id":"https:\/\/www.willysplan.com\/#website","url":"https:\/\/www.willysplan.com\/","name":"Willy&#039;s Plan \ud83c\udf43","description":"Escapadas y Planes de fin de semana","publisher":{"@id":"https:\/\/www.willysplan.com\/#organization"},"potentialAction":[{"@type":"SearchAction","target":{"@type":"EntryPoint","urlTemplate":"https:\/\/www.willysplan.com\/?s={search_term_string}"},"query-input":{"@type":"PropertyValueSpecification","valueRequired":true,"valueName":"search_term_string"}}],"inLanguage":"ca"},{"@type":"Organization","@id":"https:\/\/www.willysplan.com\/#organization","name":"Willy&#039;s Plan \ud83c\udf43","url":"https:\/\/www.willysplan.com\/","logo":{"@type":"ImageObject","inLanguage":"ca","@id":"https:\/\/www.willysplan.com\/#\/schema\/logo\/image\/","url":"https:\/\/www.willysplan.com\/wp-content\/uploads\/2020\/04\/cropped-logo-1.png","contentUrl":"https:\/\/www.willysplan.com\/wp-content\/uploads\/2020\/04\/cropped-logo-1.png","width":332,"height":332,"caption":"Willy&#039;s Plan \ud83c\udf43"},"image":{"@id":"https:\/\/www.willysplan.com\/#\/schema\/logo\/image\/"}},{"@type":"Person","@id":"https:\/\/www.willysplan.com\/#\/schema\/person\/6f2dbf2215cd25715df085907bd007c1","name":"Guillem Asensio","image":{"@type":"ImageObject","inLanguage":"ca","@id":"https:\/\/www.willysplan.com\/#\/schema\/person\/image\/","url":"https:\/\/secure.gravatar.com\/avatar\/fd3f69da3e6cd8d451f6be79c127da046757b9a4c273deefb40b1291809cc787?s=96&d=mm&r=g","contentUrl":"https:\/\/secure.gravatar.com\/avatar\/fd3f69da3e6cd8d451f6be79c127da046757b9a4c273deefb40b1291809cc787?s=96&d=mm&r=g","caption":"Guillem Asensio"},"sameAs":["https:\/\/willysplan.com"],"url":"https:\/\/www.willysplan.com\/ca\/author\/willy"}]}},"_links":{"self":[{"href":"https:\/\/www.willysplan.com\/ca\/wp-json\/wp\/v2\/posts\/15887","targetHints":{"allow":["GET"]}}],"collection":[{"href":"https:\/\/www.willysplan.com\/ca\/wp-json\/wp\/v2\/posts"}],"about":[{"href":"https:\/\/www.willysplan.com\/ca\/wp-json\/wp\/v2\/types\/post"}],"author":[{"embeddable":true,"href":"https:\/\/www.willysplan.com\/ca\/wp-json\/wp\/v2\/users\/2"}],"replies":[{"embeddable":true,"href":"https:\/\/www.willysplan.com\/ca\/wp-json\/wp\/v2\/comments?post=15887"}],"version-history":[{"count":7,"href":"https:\/\/www.willysplan.com\/ca\/wp-json\/wp\/v2\/posts\/15887\/revisions"}],"predecessor-version":[{"id":21598,"href":"https:\/\/www.willysplan.com\/ca\/wp-json\/wp\/v2\/posts\/15887\/revisions\/21598"}],"wp:featuredmedia":[{"embeddable":true,"href":"https:\/\/www.willysplan.com\/ca\/wp-json\/wp\/v2\/media\/12423"}],"wp:attachment":[{"href":"https:\/\/www.willysplan.com\/ca\/wp-json\/wp\/v2\/media?parent=15887"}],"wp:term":[{"taxonomy":"category","embeddable":true,"href":"https:\/\/www.willysplan.com\/ca\/wp-json\/wp\/v2\/categories?post=15887"},{"taxonomy":"post_tag","embeddable":true,"href":"https:\/\/www.willysplan.com\/ca\/wp-json\/wp\/v2\/tags?post=15887"}],"curies":[{"name":"wp","href":"https:\/\/api.w.org\/{rel}","templated":true}]}}