{"id":15861,"date":"2020-07-11T17:35:43","date_gmt":"2020-07-11T16:35:43","guid":{"rendered":"https:\/\/willysplan.com\/uncategorized-ca\/rutes-de-senderisme-i-excursions-a-palma-de-mallorca"},"modified":"2023-03-20T22:22:04","modified_gmt":"2023-03-20T21:22:04","slug":"rutes-de-senderisme-i-excursions-a-palma-de-mallorca","status":"publish","type":"post","link":"https:\/\/www.willysplan.com\/ca\/rutes\/rutes-de-senderisme-i-excursions-a-palma-de-mallorca","title":{"rendered":"Rutes de senderisme i excursions a Palma de Mallorca"},"content":{"rendered":"\t\t<div data-elementor-type=\"wp-post\" data-elementor-id=\"15861\" class=\"elementor elementor-15861 elementor-1537\" data-elementor-post-type=\"post\">\n\t\t\t\t\t\t<section class=\"elementor-section elementor-top-section elementor-element elementor-element-f4c69cc elementor-section-boxed elementor-section-height-default elementor-section-height-default\" data-id=\"f4c69cc\" data-element_type=\"section\">\n\t\t\t\t\t\t<div class=\"elementor-container elementor-column-gap-default\">\n\t\t\t\t\t<div class=\"elementor-column elementor-col-50 elementor-top-column elementor-element elementor-element-164a862\" data-id=\"164a862\" data-element_type=\"column\">\n\t\t\t<div class=\"elementor-widget-wrap elementor-element-populated\">\n\t\t\t\t\t\t<div class=\"elementor-element elementor-element-29bc239 elementor-widget elementor-widget-text-editor\" data-id=\"29bc239\" data-element_type=\"widget\" data-widget_type=\"text-editor.default\">\n\t\t\t\t<div class=\"elementor-widget-container\">\n\t\t\t\t\t\t\t\t\t<p><span style=\"font-weight: 400;\">Arribem a una de les illes m\u00e9s ex\u00f2tiques del m\u00f3n.<\/span> <b>Palma de Mallorca<\/b> <span style=\"font-weight: 400;\">pertany al conjunt de<\/span> <b>les Illes Balears<\/b> <span style=\"font-weight: 400;\">dEspanya.<\/span><\/p>\n<p><span style=\"font-weight: 400;\">Aquesta seductora ciutat encara conserva tot l&#8217;encant i la tradici\u00f3 de la cultura espanyola, convertint-se en un referent tur\u00edstic molt important reconegut a nivell mundial. Deixa&#8217;t seduir pel seu encant i coneix una de les illes m\u00e9s boniques <\/span>de visitar a Mallorca.<\/p>\n\t\t\t\t\t\t\t\t<\/div>\n\t\t\t\t<\/div>\n\t\t\t\t\t<\/div>\n\t\t<\/div>\n\t\t\t\t<div class=\"elementor-column elementor-col-50 elementor-top-column elementor-element elementor-element-f0384f5\" data-id=\"f0384f5\" data-element_type=\"column\">\n\t\t\t<div class=\"elementor-widget-wrap elementor-element-populated\">\n\t\t\t\t\t\t<div class=\"elementor-element elementor-element-498d22e elementor-widget elementor-widget-image\" data-id=\"498d22e\" data-element_type=\"widget\" data-widget_type=\"image.default\">\n\t\t\t\t<div class=\"elementor-widget-container\">\n\t\t\t\t\t\t\t\t\t\t\t\t\t\t\t<img fetchpriority=\"high\" decoding=\"async\" width=\"300\" height=\"282\" src=\"https:\/\/www.willysplan.com\/wp-content\/uploads\/2020\/06\/palma-de-mallorca-mapa.png\" class=\"attachment-medium size-medium wp-image-12035\" alt=\"\" \/>\t\t\t\t\t\t\t\t\t\t\t\t\t\t\t<\/div>\n\t\t\t\t<\/div>\n\t\t\t\t\t<\/div>\n\t\t<\/div>\n\t\t\t\t\t<\/div>\n\t\t<\/section>\n\t\t\t\t<section class=\"elementor-section elementor-top-section elementor-element elementor-element-d1e1d3e elementor-section-boxed elementor-section-height-default elementor-section-height-default\" data-id=\"d1e1d3e\" data-element_type=\"section\">\n\t\t\t\t\t\t<div class=\"elementor-container elementor-column-gap-default\">\n\t\t\t\t\t<div class=\"elementor-column elementor-col-100 elementor-top-column elementor-element elementor-element-8fb6451\" data-id=\"8fb6451\" data-element_type=\"column\">\n\t\t\t<div class=\"elementor-widget-wrap elementor-element-populated\">\n\t\t\t\t\t\t<div class=\"elementor-element elementor-element-24f448f elementor-widget elementor-widget-heading\" data-id=\"24f448f\" data-element_type=\"widget\" data-widget_type=\"heading.default\">\n\t\t\t\t<div class=\"elementor-widget-container\">\n\t\t\t\t\t<h2 class=\"elementor-heading-title elementor-size-default\">Qu\u00e8 fer a Palma de Mallorca? \n\n\n\n\n<\/h2>\t\t\t\t<\/div>\n\t\t\t\t<\/div>\n\t\t\t\t\t<\/div>\n\t\t<\/div>\n\t\t\t\t\t<\/div>\n\t\t<\/section>\n\t\t\t\t<section class=\"elementor-section elementor-top-section elementor-element elementor-element-53c42cc elementor-section-boxed elementor-section-height-default elementor-section-height-default\" data-id=\"53c42cc\" data-element_type=\"section\">\n\t\t\t\t\t\t<div class=\"elementor-container elementor-column-gap-default\">\n\t\t\t\t\t<div class=\"elementor-column elementor-col-100 elementor-top-column elementor-element elementor-element-ffc4726\" data-id=\"ffc4726\" data-element_type=\"column\">\n\t\t\t<div class=\"elementor-widget-wrap elementor-element-populated\">\n\t\t\t\t\t\t<div class=\"elementor-element elementor-element-7f4a89a elementor-widget elementor-widget-image\" data-id=\"7f4a89a\" data-element_type=\"widget\" data-widget_type=\"image.default\">\n\t\t\t\t<div class=\"elementor-widget-container\">\n\t\t\t\t\t\t\t\t\t\t\t\t\t\t\t<img decoding=\"async\" width=\"768\" height=\"415\" src=\"https:\/\/www.willysplan.com\/wp-content\/uploads\/2020\/07\/palma-de-mallorca1-768x415.jpg\" class=\"attachment-medium_large size-medium_large wp-image-13727\" alt=\"\" srcset=\"https:\/\/www.willysplan.com\/wp-content\/uploads\/2020\/07\/palma-de-mallorca1-768x415.jpg 768w, https:\/\/www.willysplan.com\/wp-content\/uploads\/2020\/07\/palma-de-mallorca1-300x162.jpg 300w, https:\/\/www.willysplan.com\/wp-content\/uploads\/2020\/07\/palma-de-mallorca1-960x518.jpg 960w, https:\/\/www.willysplan.com\/wp-content\/uploads\/2020\/07\/palma-de-mallorca1-741x400.jpg 741w, https:\/\/www.willysplan.com\/wp-content\/uploads\/2020\/07\/palma-de-mallorca1-585x316.jpg 585w, https:\/\/www.willysplan.com\/wp-content\/uploads\/2020\/07\/palma-de-mallorca1-600x324.jpg 600w, https:\/\/www.willysplan.com\/wp-content\/uploads\/2020\/07\/palma-de-mallorca1.jpg 1024w\" sizes=\"(max-width: 768px) 100vw, 768px\" \/>\t\t\t\t\t\t\t\t\t\t\t\t\t\t\t<\/div>\n\t\t\t\t<\/div>\n\t\t\t\t\t<\/div>\n\t\t<\/div>\n\t\t\t\t\t<\/div>\n\t\t<\/section>\n\t\t\t\t<section class=\"elementor-section elementor-top-section elementor-element elementor-element-9274027 elementor-section-boxed elementor-section-height-default elementor-section-height-default\" data-id=\"9274027\" data-element_type=\"section\">\n\t\t\t\t\t\t<div class=\"elementor-container elementor-column-gap-default\">\n\t\t\t\t\t<div class=\"elementor-column elementor-col-100 elementor-top-column elementor-element elementor-element-8d0b027\" data-id=\"8d0b027\" data-element_type=\"column\">\n\t\t\t<div class=\"elementor-widget-wrap elementor-element-populated\">\n\t\t\t\t\t\t<div class=\"elementor-element elementor-element-13b5c01 elementor-widget elementor-widget-text-editor\" data-id=\"13b5c01\" data-element_type=\"widget\" data-widget_type=\"text-editor.default\">\n\t\t\t\t<div class=\"elementor-widget-container\">\n\t\t\t\t\t\t\t\t\t<p><span style=\"font-weight: 400;\">Indiscutiblement una dels majors atractius i coses a fer a Palma de Mallorca \u00e9s gaudir de les seves platges. La gran majoria d&#8217;ofertes i excursions a Palma ens porten a gaudir de vacances en fam\u00edlia. Un pla que sens dubte recomanem si busques fer amb nens a Palma de Mallorca, ja que les ofertes de resorts estan incre\u00efbles i ofereixen molta diversi\u00f3 i lleure per als m\u00e9s petits de la casa.<\/span><\/p>\n<p><span style=\"font-weight: 400;\">Tot i aix\u00f2 et recomanem planejar les teves rutes per Palma de Mallorca amb temps. A causa de la forta demanda de turistes durant tot l&#8217;any, organitzar uns dies a aquesta illa moltes vegades resulta una mica complicat. <\/span><\/p>\n<p><span style=\"font-weight: 400;\">D&#8217;altra banda no us preocupeu, a Willy&#8217;s Plan dissenyem una de les millors excursions per Palma de Mallorca, perqu\u00e8 descobreixis que aqu\u00ed no tot \u00e9s platja, la ciutat tamb\u00e9 hi t\u00e9 molt a oferir.<\/span><\/p>\n\t\t\t\t\t\t\t\t<\/div>\n\t\t\t\t<\/div>\n\t\t\t\t\t<\/div>\n\t\t<\/div>\n\t\t\t\t\t<\/div>\n\t\t<\/section>\n\t\t\t\t<section class=\"elementor-section elementor-top-section elementor-element elementor-element-9b5f0d6 elementor-section-boxed elementor-section-height-default elementor-section-height-default\" data-id=\"9b5f0d6\" data-element_type=\"section\">\n\t\t\t\t\t\t<div class=\"elementor-container elementor-column-gap-default\">\n\t\t\t\t\t<div class=\"elementor-column elementor-col-100 elementor-top-column elementor-element elementor-element-2142bd1\" data-id=\"2142bd1\" data-element_type=\"column\">\n\t\t\t<div class=\"elementor-widget-wrap elementor-element-populated\">\n\t\t\t\t\t\t\t<\/div>\n\t\t<\/div>\n\t\t\t\t\t<\/div>\n\t\t<\/section>\n\t\t\t\t<section class=\"elementor-section elementor-top-section elementor-element elementor-element-aaf8e46 elementor-section-boxed elementor-section-height-default elementor-section-height-default\" data-id=\"aaf8e46\" data-element_type=\"section\">\n\t\t\t\t\t\t<div class=\"elementor-container elementor-column-gap-default\">\n\t\t\t\t\t<div class=\"elementor-column elementor-col-100 elementor-top-column elementor-element elementor-element-4cee3de\" data-id=\"4cee3de\" data-element_type=\"column\">\n\t\t\t<div class=\"elementor-widget-wrap elementor-element-populated\">\n\t\t\t\t\t\t<div class=\"elementor-element elementor-element-241f678 elementor-widget elementor-widget-heading\" data-id=\"241f678\" data-element_type=\"widget\" data-widget_type=\"heading.default\">\n\t\t\t\t<div class=\"elementor-widget-container\">\n\t\t\t\t\t<h2 class=\"elementor-heading-title elementor-size-default\">Qu\u00e8 veure a Palma de Mallorca i rodalies?\n\n\n<\/h2>\t\t\t\t<\/div>\n\t\t\t\t<\/div>\n\t\t\t\t\t<\/div>\n\t\t<\/div>\n\t\t\t\t\t<\/div>\n\t\t<\/section>\n\t\t\t\t<section class=\"elementor-section elementor-top-section elementor-element elementor-element-c78f0d5 elementor-section-boxed elementor-section-height-default elementor-section-height-default\" data-id=\"c78f0d5\" data-element_type=\"section\">\n\t\t\t\t\t\t<div class=\"elementor-container elementor-column-gap-default\">\n\t\t\t\t\t<div class=\"elementor-column elementor-col-100 elementor-top-column elementor-element elementor-element-e8099c1\" data-id=\"e8099c1\" data-element_type=\"column\">\n\t\t\t<div class=\"elementor-widget-wrap elementor-element-populated\">\n\t\t\t\t\t\t<div class=\"elementor-element elementor-element-9d79bd6 elementor-widget elementor-widget-text-editor\" data-id=\"9d79bd6\" data-element_type=\"widget\" data-widget_type=\"text-editor.default\">\n\t\t\t\t<div class=\"elementor-widget-container\">\n\t\t\t\t\t\t\t\t\t<p><span style=\"font-weight: 400;\">El m\u00e8rit no ha estat en va. Una de les principals raons per <\/span><b>qu\u00e8 visitar Palma de Mallorca: <\/b><span style=\"font-weight: 400;\">\u00e9s la seva gent. Els mallorquins es destaquen perqu\u00e8 s\u00f3n amables i tenen un car\u00e0cter molt cosmopolita. Qualitat que els permet acollir gent de tot arreu del m\u00f3n i fer que l&#8217;experi\u00e8ncia en aquesta ciutat sigui inoblidable, tan inoblidable com la hist\u00f2ria.<\/span><\/p>\n<p><span style=\"font-weight: 400;\">Els or\u00edgens d&#8217;aquesta ciutat daten del segle 122a. Just quan les tropes romanes decideixen instal\u00b7lar-se a aquesta illa. M\u00e9s endavant les cultures musulmanes i mongetes comen\u00e7arien a imposar-se en aquest lloc, sent derrotades per la reconquesta del<\/span> <b>rei Jaume I<\/b> <span style=\"font-weight: 400;\">cap a l&#8217;any de 1229.<\/span><\/p>\n<p><span style=\"font-weight: 400;\">Raons per comptar amb un casc antic fascinant i sens dubte un dels llocs m\u00e9s importants<\/span> <b>a veure a Palma de Mallorca<\/b><span style=\"font-weight: 400;\">. Un recinte format per cases senyorials, esgl\u00e9sies, palaus, convents i mercats que es fusionen al bell mig de diverses cultures, segles d&#8217;hist\u00f2ria i molta arquitectura.<\/span><\/p>\n<p><span style=\"font-weight: 400;\">Si vols gaudir una de les millors<\/span> <b>rutes per Palma de Mallorca<\/b> <span style=\"font-weight: 400;\">\u00e9s imprescindible que visitis aquests llocs:<\/span><\/p>\n<p><span style=\"font-weight: 400;\">El mercat de Sapere, la monumental catedral de Palma, el palau reial de l&#8217;Almudaina, el llac parc del Mar, el barri des Jonquet i els seus m\u00edtics molins de vent, el barri Es Borne ideal per fer compres i gaudir dels seus bars i restaurants i no oblidis perdre&#8217;t al barri jueu, sens dubte t&#8217;encantar\u00e0.<\/span><\/p>\n<p><span style=\"font-weight: 400;\">I si parlem de la vida nocturna al palmell de Mallorca, aqu\u00ed la festa no s&#8217;acaba mai. Al passeig mar\u00edtim trobes una gran oferta de bars, discoteques i restaurants que et porten a viure una de les millors experi\u00e8ncies nocturnes i gastron\u00f2miques de tot Espanya. Qu\u00e8 esperes? Palma de Mallorca us espera!<\/span><\/p>\n\t\t\t\t\t\t\t\t<\/div>\n\t\t\t\t<\/div>\n\t\t\t\t\t<\/div>\n\t\t<\/div>\n\t\t\t\t\t<\/div>\n\t\t<\/section>\n\t\t\t\t<section class=\"elementor-section elementor-top-section elementor-element elementor-element-95a8337 elementor-section-boxed elementor-section-height-default elementor-section-height-default\" data-id=\"95a8337\" data-element_type=\"section\">\n\t\t\t\t\t\t<div class=\"elementor-container elementor-column-gap-default\">\n\t\t\t\t\t<div class=\"elementor-column elementor-col-100 elementor-top-column elementor-element elementor-element-df1cb32\" data-id=\"df1cb32\" data-element_type=\"column\">\n\t\t\t<div class=\"elementor-widget-wrap elementor-element-populated\">\n\t\t\t\t\t\t\t<\/div>\n\t\t<\/div>\n\t\t\t\t\t<\/div>\n\t\t<\/section>\n\t\t\t\t<\/div>\n\t\t","protected":false},"excerpt":{"rendered":"<p>Arribem a una de les illes m\u00e9s ex\u00f2tiques del m\u00f3n. Palma de Mallorca pertany al conjunt de les Illes Balears dEspanya. Aquesta seductora ciutat encara conserva tot l&#8217;encant i la tradici\u00f3 de la cultura espanyola, convertint-se en un referent tur\u00edstic molt important reconegut a nivell mundial. Deixa&#8217;t seduir pel seu encant i coneix una de&hellip;&nbsp;<a href=\"https:\/\/www.willysplan.com\/ca\/rutes\/rutes-de-senderisme-i-excursions-a-palma-de-mallorca\" rel=\"bookmark\">Llegiu m\u00e9s &raquo;<span class=\"screen-reader-text\">Rutes de senderisme i excursions a Palma de Mallorca<\/span><\/a><\/p>\n","protected":false},"author":2,"featured_media":13727,"comment_status":"closed","ping_status":"closed","sticky":false,"template":"","format":"standard","meta":{"neve_meta_sidebar":"","neve_meta_container":"","neve_meta_enable_content_width":"","neve_meta_content_width":0,"neve_meta_title_alignment":"","neve_meta_author_avatar":"","neve_post_elements_order":"","neve_meta_disable_header":"","neve_meta_disable_footer":"","neve_meta_disable_title":"","_joinchat":[],"footnotes":""},"categories":[323],"tags":[357,358],"class_list":["post-15861","post","type-post","status-publish","format-standard","has-post-thumbnail","hentry","category-rutes","tag-pobles-illes-balears","tag-pobles-mallorca"],"yoast_head":"<!-- This site is optimized with the Yoast SEO Premium plugin v20.1 (Yoast SEO v26.9) - https:\/\/yoast.com\/product\/yoast-seo-premium-wordpress\/ -->\n<title>Rutes i excursions a Palma de Mallorca \u2013 Willy&#039;s Plan<\/title>\n<meta name=\"description\" content=\"Descobriu les millors excursions i rutes de senderisme per Palma de Mallorca, Illes Balears. \u2705 Coneix les coses a fer i veure a Palma Entra ara!\" \/>\n<meta name=\"robots\" content=\"index, follow, max-snippet:-1, max-image-preview:large, max-video-preview:-1\" \/>\n<link rel=\"canonical\" href=\"https:\/\/willysplan.com\/ca\/rutes\/rutes-de-senderisme-i-excursions-a-palma-de-mallorca\" \/>\n<meta property=\"og:locale\" content=\"ca_ES\" \/>\n<meta property=\"og:type\" content=\"article\" \/>\n<meta property=\"og:title\" content=\"Rutes de senderisme i excursions a Palma de Mallorca\" \/>\n<meta property=\"og:description\" content=\"Descobriu les millors excursions i rutes de senderisme per Palma de Mallorca, Illes Balears. \u2705 Coneix les coses a fer i veure a Palma Entra ara!\" \/>\n<meta property=\"og:url\" content=\"https:\/\/willysplan.com\/ca\/rutes\/rutes-de-senderisme-i-excursions-a-palma-de-mallorca\" \/>\n<meta property=\"og:site_name\" content=\"Willy&#039;s Plan \ud83c\udf43\" \/>\n<meta property=\"article:published_time\" content=\"2020-07-11T16:35:43+00:00\" \/>\n<meta property=\"article:modified_time\" content=\"2023-03-20T21:22:04+00:00\" \/>\n<meta property=\"og:image\" content=\"https:\/\/www.willysplan.com\/wp-content\/uploads\/2020\/07\/palma-de-mallorca1.jpg\" \/>\n\t<meta property=\"og:image:width\" content=\"1024\" \/>\n\t<meta property=\"og:image:height\" content=\"553\" \/>\n\t<meta property=\"og:image:type\" content=\"image\/jpeg\" \/>\n<meta name=\"author\" content=\"Guillem Asensio\" \/>\n<meta name=\"twitter:card\" content=\"summary_large_image\" \/>\n<meta name=\"twitter:label1\" content=\"Escrit per\" \/>\n\t<meta name=\"twitter:data1\" content=\"Guillem Asensio\" \/>\n\t<meta name=\"twitter:label2\" content=\"Temps estimat de lectura\" \/>\n\t<meta name=\"twitter:data2\" content=\"3 minuts\" \/>\n<script type=\"application\/ld+json\" class=\"yoast-schema-graph\">{\"@context\":\"https:\/\/schema.org\",\"@graph\":[{\"@type\":\"Article\",\"@id\":\"https:\/\/willysplan.com\/ca\/rutes\/rutes-de-senderisme-i-excursions-a-palma-de-mallorca#article\",\"isPartOf\":{\"@id\":\"https:\/\/www.willysplan.com\/ca\/rutes\/rutes-de-senderisme-i-excursions-a-palma-de-mallorca\"},\"author\":{\"name\":\"Guillem Asensio\",\"@id\":\"https:\/\/www.willysplan.com\/#\/schema\/person\/6f2dbf2215cd25715df085907bd007c1\"},\"headline\":\"Rutes de senderisme i excursions a Palma de Mallorca\",\"datePublished\":\"2020-07-11T16:35:43+00:00\",\"dateModified\":\"2023-03-20T21:22:04+00:00\",\"mainEntityOfPage\":{\"@id\":\"https:\/\/www.willysplan.com\/ca\/rutes\/rutes-de-senderisme-i-excursions-a-palma-de-mallorca\"},\"wordCount\":544,\"publisher\":{\"@id\":\"https:\/\/www.willysplan.com\/#organization\"},\"image\":{\"@id\":\"https:\/\/willysplan.com\/ca\/rutes\/rutes-de-senderisme-i-excursions-a-palma-de-mallorca#primaryimage\"},\"thumbnailUrl\":\"https:\/\/www.willysplan.com\/wp-content\/uploads\/2020\/07\/palma-de-mallorca1.jpg\",\"keywords\":[\"pobles illes balears\",\"pobles mallorca\"],\"articleSection\":[\"rutes\"],\"inLanguage\":\"ca\"},{\"@type\":\"WebPage\",\"@id\":\"https:\/\/www.willysplan.com\/ca\/rutes\/rutes-de-senderisme-i-excursions-a-palma-de-mallorca\",\"url\":\"https:\/\/willysplan.com\/ca\/rutes\/rutes-de-senderisme-i-excursions-a-palma-de-mallorca\",\"name\":\"Rutes i excursions a Palma de Mallorca \u2013 Willy's Plan\",\"isPartOf\":{\"@id\":\"https:\/\/www.willysplan.com\/#website\"},\"primaryImageOfPage\":{\"@id\":\"https:\/\/willysplan.com\/ca\/rutes\/rutes-de-senderisme-i-excursions-a-palma-de-mallorca#primaryimage\"},\"image\":{\"@id\":\"https:\/\/willysplan.com\/ca\/rutes\/rutes-de-senderisme-i-excursions-a-palma-de-mallorca#primaryimage\"},\"thumbnailUrl\":\"https:\/\/www.willysplan.com\/wp-content\/uploads\/2020\/07\/palma-de-mallorca1.jpg\",\"datePublished\":\"2020-07-11T16:35:43+00:00\",\"dateModified\":\"2023-03-20T21:22:04+00:00\",\"description\":\"Descobriu les millors excursions i rutes de senderisme per Palma de Mallorca, Illes Balears. \u2705 Coneix les coses a fer i veure a Palma Entra ara!\",\"inLanguage\":\"ca\",\"potentialAction\":[{\"@type\":\"ReadAction\",\"target\":[\"https:\/\/willysplan.com\/ca\/rutes\/rutes-de-senderisme-i-excursions-a-palma-de-mallorca\"]}]},{\"@type\":\"ImageObject\",\"inLanguage\":\"ca\",\"@id\":\"https:\/\/willysplan.com\/ca\/rutes\/rutes-de-senderisme-i-excursions-a-palma-de-mallorca#primaryimage\",\"url\":\"https:\/\/www.willysplan.com\/wp-content\/uploads\/2020\/07\/palma-de-mallorca1.jpg\",\"contentUrl\":\"https:\/\/www.willysplan.com\/wp-content\/uploads\/2020\/07\/palma-de-mallorca1.jpg\",\"width\":1024,\"height\":553},{\"@type\":\"WebSite\",\"@id\":\"https:\/\/www.willysplan.com\/#website\",\"url\":\"https:\/\/www.willysplan.com\/\",\"name\":\"Willy&#039;s Plan \ud83c\udf43\",\"description\":\"Escapadas y Planes de fin de semana\",\"publisher\":{\"@id\":\"https:\/\/www.willysplan.com\/#organization\"},\"potentialAction\":[{\"@type\":\"SearchAction\",\"target\":{\"@type\":\"EntryPoint\",\"urlTemplate\":\"https:\/\/www.willysplan.com\/?s={search_term_string}\"},\"query-input\":{\"@type\":\"PropertyValueSpecification\",\"valueRequired\":true,\"valueName\":\"search_term_string\"}}],\"inLanguage\":\"ca\"},{\"@type\":\"Organization\",\"@id\":\"https:\/\/www.willysplan.com\/#organization\",\"name\":\"Willy&#039;s Plan \ud83c\udf43\",\"url\":\"https:\/\/www.willysplan.com\/\",\"logo\":{\"@type\":\"ImageObject\",\"inLanguage\":\"ca\",\"@id\":\"https:\/\/www.willysplan.com\/#\/schema\/logo\/image\/\",\"url\":\"https:\/\/www.willysplan.com\/wp-content\/uploads\/2020\/04\/cropped-logo-1.png\",\"contentUrl\":\"https:\/\/www.willysplan.com\/wp-content\/uploads\/2020\/04\/cropped-logo-1.png\",\"width\":332,\"height\":332,\"caption\":\"Willy&#039;s Plan \ud83c\udf43\"},\"image\":{\"@id\":\"https:\/\/www.willysplan.com\/#\/schema\/logo\/image\/\"}},{\"@type\":\"Person\",\"@id\":\"https:\/\/www.willysplan.com\/#\/schema\/person\/6f2dbf2215cd25715df085907bd007c1\",\"name\":\"Guillem Asensio\",\"image\":{\"@type\":\"ImageObject\",\"inLanguage\":\"ca\",\"@id\":\"https:\/\/www.willysplan.com\/#\/schema\/person\/image\/\",\"url\":\"https:\/\/secure.gravatar.com\/avatar\/fd3f69da3e6cd8d451f6be79c127da046757b9a4c273deefb40b1291809cc787?s=96&d=mm&r=g\",\"contentUrl\":\"https:\/\/secure.gravatar.com\/avatar\/fd3f69da3e6cd8d451f6be79c127da046757b9a4c273deefb40b1291809cc787?s=96&d=mm&r=g\",\"caption\":\"Guillem Asensio\"},\"sameAs\":[\"https:\/\/willysplan.com\"],\"url\":\"https:\/\/www.willysplan.com\/ca\/author\/willy\"}]}<\/script>\n<!-- \/ Yoast SEO Premium plugin. -->","yoast_head_json":{"title":"Rutes i excursions a Palma de Mallorca \u2013 Willy's Plan","description":"Descobriu les millors excursions i rutes de senderisme per Palma de Mallorca, Illes Balears. \u2705 Coneix les coses a fer i veure a Palma Entra ara!","robots":{"index":"index","follow":"follow","max-snippet":"max-snippet:-1","max-image-preview":"max-image-preview:large","max-video-preview":"max-video-preview:-1"},"canonical":"https:\/\/willysplan.com\/ca\/rutes\/rutes-de-senderisme-i-excursions-a-palma-de-mallorca","og_locale":"ca_ES","og_type":"article","og_title":"Rutes de senderisme i excursions a Palma de Mallorca","og_description":"Descobriu les millors excursions i rutes de senderisme per Palma de Mallorca, Illes Balears. \u2705 Coneix les coses a fer i veure a Palma Entra ara!","og_url":"https:\/\/willysplan.com\/ca\/rutes\/rutes-de-senderisme-i-excursions-a-palma-de-mallorca","og_site_name":"Willy&#039;s Plan \ud83c\udf43","article_published_time":"2020-07-11T16:35:43+00:00","article_modified_time":"2023-03-20T21:22:04+00:00","og_image":[{"width":1024,"height":553,"url":"https:\/\/www.willysplan.com\/wp-content\/uploads\/2020\/07\/palma-de-mallorca1.jpg","type":"image\/jpeg"}],"author":"Guillem Asensio","twitter_card":"summary_large_image","twitter_misc":{"Escrit per":"Guillem Asensio","Temps estimat de lectura":"3 minuts"},"schema":{"@context":"https:\/\/schema.org","@graph":[{"@type":"Article","@id":"https:\/\/willysplan.com\/ca\/rutes\/rutes-de-senderisme-i-excursions-a-palma-de-mallorca#article","isPartOf":{"@id":"https:\/\/www.willysplan.com\/ca\/rutes\/rutes-de-senderisme-i-excursions-a-palma-de-mallorca"},"author":{"name":"Guillem Asensio","@id":"https:\/\/www.willysplan.com\/#\/schema\/person\/6f2dbf2215cd25715df085907bd007c1"},"headline":"Rutes de senderisme i excursions a Palma de Mallorca","datePublished":"2020-07-11T16:35:43+00:00","dateModified":"2023-03-20T21:22:04+00:00","mainEntityOfPage":{"@id":"https:\/\/www.willysplan.com\/ca\/rutes\/rutes-de-senderisme-i-excursions-a-palma-de-mallorca"},"wordCount":544,"publisher":{"@id":"https:\/\/www.willysplan.com\/#organization"},"image":{"@id":"https:\/\/willysplan.com\/ca\/rutes\/rutes-de-senderisme-i-excursions-a-palma-de-mallorca#primaryimage"},"thumbnailUrl":"https:\/\/www.willysplan.com\/wp-content\/uploads\/2020\/07\/palma-de-mallorca1.jpg","keywords":["pobles illes balears","pobles mallorca"],"articleSection":["rutes"],"inLanguage":"ca"},{"@type":"WebPage","@id":"https:\/\/www.willysplan.com\/ca\/rutes\/rutes-de-senderisme-i-excursions-a-palma-de-mallorca","url":"https:\/\/willysplan.com\/ca\/rutes\/rutes-de-senderisme-i-excursions-a-palma-de-mallorca","name":"Rutes i excursions a Palma de Mallorca \u2013 Willy's Plan","isPartOf":{"@id":"https:\/\/www.willysplan.com\/#website"},"primaryImageOfPage":{"@id":"https:\/\/willysplan.com\/ca\/rutes\/rutes-de-senderisme-i-excursions-a-palma-de-mallorca#primaryimage"},"image":{"@id":"https:\/\/willysplan.com\/ca\/rutes\/rutes-de-senderisme-i-excursions-a-palma-de-mallorca#primaryimage"},"thumbnailUrl":"https:\/\/www.willysplan.com\/wp-content\/uploads\/2020\/07\/palma-de-mallorca1.jpg","datePublished":"2020-07-11T16:35:43+00:00","dateModified":"2023-03-20T21:22:04+00:00","description":"Descobriu les millors excursions i rutes de senderisme per Palma de Mallorca, Illes Balears. \u2705 Coneix les coses a fer i veure a Palma Entra ara!","inLanguage":"ca","potentialAction":[{"@type":"ReadAction","target":["https:\/\/willysplan.com\/ca\/rutes\/rutes-de-senderisme-i-excursions-a-palma-de-mallorca"]}]},{"@type":"ImageObject","inLanguage":"ca","@id":"https:\/\/willysplan.com\/ca\/rutes\/rutes-de-senderisme-i-excursions-a-palma-de-mallorca#primaryimage","url":"https:\/\/www.willysplan.com\/wp-content\/uploads\/2020\/07\/palma-de-mallorca1.jpg","contentUrl":"https:\/\/www.willysplan.com\/wp-content\/uploads\/2020\/07\/palma-de-mallorca1.jpg","width":1024,"height":553},{"@type":"WebSite","@id":"https:\/\/www.willysplan.com\/#website","url":"https:\/\/www.willysplan.com\/","name":"Willy&#039;s Plan \ud83c\udf43","description":"Escapadas y Planes de fin de semana","publisher":{"@id":"https:\/\/www.willysplan.com\/#organization"},"potentialAction":[{"@type":"SearchAction","target":{"@type":"EntryPoint","urlTemplate":"https:\/\/www.willysplan.com\/?s={search_term_string}"},"query-input":{"@type":"PropertyValueSpecification","valueRequired":true,"valueName":"search_term_string"}}],"inLanguage":"ca"},{"@type":"Organization","@id":"https:\/\/www.willysplan.com\/#organization","name":"Willy&#039;s Plan \ud83c\udf43","url":"https:\/\/www.willysplan.com\/","logo":{"@type":"ImageObject","inLanguage":"ca","@id":"https:\/\/www.willysplan.com\/#\/schema\/logo\/image\/","url":"https:\/\/www.willysplan.com\/wp-content\/uploads\/2020\/04\/cropped-logo-1.png","contentUrl":"https:\/\/www.willysplan.com\/wp-content\/uploads\/2020\/04\/cropped-logo-1.png","width":332,"height":332,"caption":"Willy&#039;s Plan \ud83c\udf43"},"image":{"@id":"https:\/\/www.willysplan.com\/#\/schema\/logo\/image\/"}},{"@type":"Person","@id":"https:\/\/www.willysplan.com\/#\/schema\/person\/6f2dbf2215cd25715df085907bd007c1","name":"Guillem Asensio","image":{"@type":"ImageObject","inLanguage":"ca","@id":"https:\/\/www.willysplan.com\/#\/schema\/person\/image\/","url":"https:\/\/secure.gravatar.com\/avatar\/fd3f69da3e6cd8d451f6be79c127da046757b9a4c273deefb40b1291809cc787?s=96&d=mm&r=g","contentUrl":"https:\/\/secure.gravatar.com\/avatar\/fd3f69da3e6cd8d451f6be79c127da046757b9a4c273deefb40b1291809cc787?s=96&d=mm&r=g","caption":"Guillem Asensio"},"sameAs":["https:\/\/willysplan.com"],"url":"https:\/\/www.willysplan.com\/ca\/author\/willy"}]}},"_links":{"self":[{"href":"https:\/\/www.willysplan.com\/ca\/wp-json\/wp\/v2\/posts\/15861","targetHints":{"allow":["GET"]}}],"collection":[{"href":"https:\/\/www.willysplan.com\/ca\/wp-json\/wp\/v2\/posts"}],"about":[{"href":"https:\/\/www.willysplan.com\/ca\/wp-json\/wp\/v2\/types\/post"}],"author":[{"embeddable":true,"href":"https:\/\/www.willysplan.com\/ca\/wp-json\/wp\/v2\/users\/2"}],"replies":[{"embeddable":true,"href":"https:\/\/www.willysplan.com\/ca\/wp-json\/wp\/v2\/comments?post=15861"}],"version-history":[{"count":3,"href":"https:\/\/www.willysplan.com\/ca\/wp-json\/wp\/v2\/posts\/15861\/revisions"}],"predecessor-version":[{"id":17714,"href":"https:\/\/www.willysplan.com\/ca\/wp-json\/wp\/v2\/posts\/15861\/revisions\/17714"}],"wp:featuredmedia":[{"embeddable":true,"href":"https:\/\/www.willysplan.com\/ca\/wp-json\/wp\/v2\/media\/13727"}],"wp:attachment":[{"href":"https:\/\/www.willysplan.com\/ca\/wp-json\/wp\/v2\/media?parent=15861"}],"wp:term":[{"taxonomy":"category","embeddable":true,"href":"https:\/\/www.willysplan.com\/ca\/wp-json\/wp\/v2\/categories?post=15861"},{"taxonomy":"post_tag","embeddable":true,"href":"https:\/\/www.willysplan.com\/ca\/wp-json\/wp\/v2\/tags?post=15861"}],"curies":[{"name":"wp","href":"https:\/\/api.w.org\/{rel}","templated":true}]}}