{"id":15825,"date":"2020-07-11T16:59:12","date_gmt":"2020-07-11T15:59:12","guid":{"rendered":"https:\/\/willysplan.com\/uncategorized-ca\/rutes-de-senderisme-i-excursions-per-caldes-de-montbui"},"modified":"2023-07-25T04:52:25","modified_gmt":"2023-07-25T03:52:25","slug":"rutes-de-senderisme-i-excursions-per-caldes-de-montbui","status":"publish","type":"post","link":"https:\/\/www.willysplan.com\/ca\/rutes\/rutes-de-senderisme-i-excursions-per-caldes-de-montbui","title":{"rendered":"Rutes de senderisme i excursions per Caldes de Montbui"},"content":{"rendered":"\t\t<div data-elementor-type=\"wp-post\" data-elementor-id=\"15825\" class=\"elementor elementor-15825 elementor-1421\" data-elementor-post-type=\"post\">\n\t\t\t\t\t\t<section class=\"elementor-section elementor-top-section elementor-element elementor-element-f4c69cc elementor-section-boxed elementor-section-height-default elementor-section-height-default\" data-id=\"f4c69cc\" data-element_type=\"section\">\n\t\t\t\t\t\t<div class=\"elementor-container elementor-column-gap-default\">\n\t\t\t\t\t<div class=\"elementor-column elementor-col-50 elementor-top-column elementor-element elementor-element-164a862\" data-id=\"164a862\" data-element_type=\"column\">\n\t\t\t<div class=\"elementor-widget-wrap elementor-element-populated\">\n\t\t\t\t\t\t<div class=\"elementor-element elementor-element-29bc239 elementor-widget elementor-widget-text-editor\" data-id=\"29bc239\" data-element_type=\"widget\" data-widget_type=\"text-editor.default\">\n\t\t\t\t<div class=\"elementor-widget-container\">\n\t\t\t\t\t\t\t\t\t<p><span style=\"font-weight: 400;\">Si hi ha un lloc que val la pena arribar i que t\u00e9 moltespossibilitats una vegada<\/span> ja hagis disfrutat de les millors <a href=\"https:\/\/www.willysplan.com\/ca\/idees\/les-20-millors-coses-a-fer-a-barcelona\"><span style=\"font-weight: 400;\">coses per fer a Barcelona<\/span><\/a> <span style=\"font-weight: 400;\">, \u00e9s<\/span> <b>Caldes de Montbui<\/b><span style=\"font-weight: 400;\">. Situat a la comarca del <\/span><b>Vall\u00e8s Oriental<\/b> <span style=\"font-weight: 400;\">a uns 35 km de Barcelona ciutat, \u00e9s sens dubte un dels pobles preferits dels barcelonins que busquen<\/span> <b>excursions per Caldes de Montbui,<\/b> <span style=\"font-weight: 400;\">per passar un bon cap de setmana de descans i relaxaci\u00f3.<\/span><\/p><p><span style=\"font-weight: 400;\">Aqu\u00ed hi ha molt poc turisme, la diversi\u00f3 va per compte dels locals. Pel que entre les moltes <\/span><b>coses a fer a Caldes de Montbui,<\/b> <span style=\"font-weight: 400;\">\u00e9s con\u00e8ixer i gaudir de tot l&#8217;encant i tradici\u00f3 que ofereix la cultura catalana.<\/span><\/p>\t\t\t\t\t\t\t\t<\/div>\n\t\t\t\t<\/div>\n\t\t\t\t\t<\/div>\n\t\t<\/div>\n\t\t\t\t<div class=\"elementor-column elementor-col-50 elementor-top-column elementor-element elementor-element-f0384f5\" data-id=\"f0384f5\" data-element_type=\"column\">\n\t\t\t<div class=\"elementor-widget-wrap elementor-element-populated\">\n\t\t\t\t\t\t<div class=\"elementor-element elementor-element-663c540 elementor-widget elementor-widget-google_maps\" data-id=\"663c540\" data-element_type=\"widget\" data-widget_type=\"google_maps.default\">\n\t\t\t\t<div class=\"elementor-widget-container\">\n\t\t\t\t\t\t\t<div class=\"elementor-custom-embed\">\n\t\t\t<iframe loading=\"lazy\"\n\t\t\t\t\tsrc=\"https:\/\/maps.google.com\/maps?q=caldes%20de%20montbui&#038;t=m&#038;z=10&#038;output=embed&#038;iwloc=near\"\n\t\t\t\t\ttitle=\"caldes de montbui\"\n\t\t\t\t\taria-label=\"caldes de montbui\"\n\t\t\t><\/iframe>\n\t\t<\/div>\n\t\t\t\t\t\t<\/div>\n\t\t\t\t<\/div>\n\t\t\t\t\t<\/div>\n\t\t<\/div>\n\t\t\t\t\t<\/div>\n\t\t<\/section>\n\t\t\t\t<section class=\"elementor-section elementor-top-section elementor-element elementor-element-d1e1d3e elementor-section-boxed elementor-section-height-default elementor-section-height-default\" data-id=\"d1e1d3e\" data-element_type=\"section\">\n\t\t\t\t\t\t<div class=\"elementor-container elementor-column-gap-default\">\n\t\t\t\t\t<div class=\"elementor-column elementor-col-100 elementor-top-column elementor-element elementor-element-8fb6451\" data-id=\"8fb6451\" data-element_type=\"column\">\n\t\t\t<div class=\"elementor-widget-wrap elementor-element-populated\">\n\t\t\t\t\t\t<div class=\"elementor-element elementor-element-24f448f elementor-widget elementor-widget-heading\" data-id=\"24f448f\" data-element_type=\"widget\" data-widget_type=\"heading.default\">\n\t\t\t\t<div class=\"elementor-widget-container\">\n\t\t\t\t\t<h2 class=\"elementor-heading-title elementor-size-default\">Qu\u00e8 fer a caldes de Montbui?\n\n\n\n\n<\/h2>\t\t\t\t<\/div>\n\t\t\t\t<\/div>\n\t\t\t\t\t<\/div>\n\t\t<\/div>\n\t\t\t\t\t<\/div>\n\t\t<\/section>\n\t\t\t\t<section class=\"elementor-section elementor-top-section elementor-element elementor-element-53c42cc elementor-section-boxed elementor-section-height-default elementor-section-height-default\" data-id=\"53c42cc\" data-element_type=\"section\">\n\t\t\t\t\t\t<div class=\"elementor-container elementor-column-gap-default\">\n\t\t\t\t\t<div class=\"elementor-column elementor-col-100 elementor-top-column elementor-element elementor-element-ffc4726\" data-id=\"ffc4726\" data-element_type=\"column\">\n\t\t\t<div class=\"elementor-widget-wrap elementor-element-populated\">\n\t\t\t\t\t\t<div class=\"elementor-element elementor-element-7f4a89a elementor-widget elementor-widget-image\" data-id=\"7f4a89a\" data-element_type=\"widget\" data-widget_type=\"image.default\">\n\t\t\t\t<div class=\"elementor-widget-container\">\n\t\t\t\t\t\t\t\t\t\t\t\t\t\t\t<img fetchpriority=\"high\" decoding=\"async\" width=\"768\" height=\"512\" src=\"https:\/\/www.willysplan.com\/wp-content\/uploads\/2020\/07\/rutas-y-excursiones-por-caldes-de-montbui2-768x512.jpg\" class=\"attachment-medium_large size-medium_large wp-image-13171\" alt=\"\" srcset=\"https:\/\/www.willysplan.com\/wp-content\/uploads\/2020\/07\/rutas-y-excursiones-por-caldes-de-montbui2-768x512.jpg 768w, https:\/\/www.willysplan.com\/wp-content\/uploads\/2020\/07\/rutas-y-excursiones-por-caldes-de-montbui2-300x200.jpg 300w, https:\/\/www.willysplan.com\/wp-content\/uploads\/2020\/07\/rutas-y-excursiones-por-caldes-de-montbui2-480x320.jpg 480w, https:\/\/www.willysplan.com\/wp-content\/uploads\/2020\/07\/rutas-y-excursiones-por-caldes-de-montbui2-280x186.jpg 280w, https:\/\/www.willysplan.com\/wp-content\/uploads\/2020\/07\/rutas-y-excursiones-por-caldes-de-montbui2-600x400.jpg 600w, https:\/\/www.willysplan.com\/wp-content\/uploads\/2020\/07\/rutas-y-excursiones-por-caldes-de-montbui2-585x390.jpg 585w, https:\/\/www.willysplan.com\/wp-content\/uploads\/2020\/07\/rutas-y-excursiones-por-caldes-de-montbui2.jpg 800w\" sizes=\"(max-width: 768px) 100vw, 768px\" \/>\t\t\t\t\t\t\t\t\t\t\t\t\t\t\t<\/div>\n\t\t\t\t<\/div>\n\t\t\t\t\t<\/div>\n\t\t<\/div>\n\t\t\t\t\t<\/div>\n\t\t<\/section>\n\t\t\t\t<section class=\"elementor-section elementor-top-section elementor-element elementor-element-9274027 elementor-section-boxed elementor-section-height-default elementor-section-height-default\" data-id=\"9274027\" data-element_type=\"section\">\n\t\t\t\t\t\t<div class=\"elementor-container elementor-column-gap-default\">\n\t\t\t\t\t<div class=\"elementor-column elementor-col-100 elementor-top-column elementor-element elementor-element-8d0b027\" data-id=\"8d0b027\" data-element_type=\"column\">\n\t\t\t<div class=\"elementor-widget-wrap elementor-element-populated\">\n\t\t\t\t\t\t<div class=\"elementor-element elementor-element-13b5c01 elementor-widget elementor-widget-text-editor\" data-id=\"13b5c01\" data-element_type=\"widget\" data-widget_type=\"text-editor.default\">\n\t\t\t\t<div class=\"elementor-widget-container\">\n\t\t\t\t\t\t\t\t\t<p><span style=\"font-weight: 400;\">Molt pocs pobles de Catalunya gaudeixen d&#8217;una reviera com a atractiu tur\u00edstic. Fer una de les <\/span><b>rutes per Caldes de Montbui<\/b><span style=\"font-weight: 400;\"> que porten a gaudir un dia al riu Segura aquesta fenomenal. Aqu\u00ed pots gaudir de tota la riquesa ecol\u00f2gica, paisatg\u00edstica i social que aporta el riu per a la regi\u00f3. A m\u00e9s, \u00e9s el pla ideal si busques <\/span><b>coses a fer amb nens a Caldes de Montbui,<\/b> <span style=\"font-weight: 400;\">que podran gaudir del passeig als horts i passar una estona molt entretinguda.<\/span><\/p>\n\t\t\t\t\t\t\t\t<\/div>\n\t\t\t\t<\/div>\n\t\t\t\t\t<\/div>\n\t\t<\/div>\n\t\t\t\t\t<\/div>\n\t\t<\/section>\n\t\t\t\t<section class=\"elementor-section elementor-top-section elementor-element elementor-element-30b5feb elementor-section-boxed elementor-section-height-default elementor-section-height-default\" data-id=\"30b5feb\" data-element_type=\"section\">\n\t\t\t\t\t\t<div class=\"elementor-container elementor-column-gap-default\">\n\t\t\t\t\t<div class=\"elementor-column elementor-col-100 elementor-top-column elementor-element elementor-element-675d07f\" data-id=\"675d07f\" data-element_type=\"column\">\n\t\t\t<div class=\"elementor-widget-wrap elementor-element-populated\">\n\t\t\t\t\t\t\t<\/div>\n\t\t<\/div>\n\t\t\t\t\t<\/div>\n\t\t<\/section>\n\t\t\t\t<section class=\"elementor-section elementor-top-section elementor-element elementor-element-aaf8e46 elementor-section-boxed elementor-section-height-default elementor-section-height-default\" data-id=\"aaf8e46\" data-element_type=\"section\">\n\t\t\t\t\t\t<div class=\"elementor-container elementor-column-gap-default\">\n\t\t\t\t\t<div class=\"elementor-column elementor-col-100 elementor-top-column elementor-element elementor-element-4cee3de\" data-id=\"4cee3de\" data-element_type=\"column\">\n\t\t\t<div class=\"elementor-widget-wrap elementor-element-populated\">\n\t\t\t\t\t\t<div class=\"elementor-element elementor-element-241f678 elementor-widget elementor-widget-heading\" data-id=\"241f678\" data-element_type=\"widget\" data-widget_type=\"heading.default\">\n\t\t\t\t<div class=\"elementor-widget-container\">\n\t\t\t\t\t<h2 class=\"elementor-heading-title elementor-size-default\">Qu\u00e8 veure a Caldes de Montbui i rodalies?\n<\/h2>\t\t\t\t<\/div>\n\t\t\t\t<\/div>\n\t\t\t\t\t<\/div>\n\t\t<\/div>\n\t\t\t\t\t<\/div>\n\t\t<\/section>\n\t\t\t\t<section class=\"elementor-section elementor-top-section elementor-element elementor-element-c78f0d5 elementor-section-boxed elementor-section-height-default elementor-section-height-default\" data-id=\"c78f0d5\" data-element_type=\"section\">\n\t\t\t\t\t\t<div class=\"elementor-container elementor-column-gap-default\">\n\t\t\t\t\t<div class=\"elementor-column elementor-col-100 elementor-top-column elementor-element elementor-element-e8099c1\" data-id=\"e8099c1\" data-element_type=\"column\">\n\t\t\t<div class=\"elementor-widget-wrap elementor-element-populated\">\n\t\t\t\t\t\t<div class=\"elementor-element elementor-element-9d79bd6 elementor-widget elementor-widget-text-editor\" data-id=\"9d79bd6\" data-element_type=\"widget\" data-widget_type=\"text-editor.default\">\n\t\t\t\t<div class=\"elementor-widget-container\">\n\t\t\t\t\t\t\t\t\t<p><span style=\"font-weight: 400;\">Quan parlem de relax, ens referim a fer una de<\/span> <b>les rutes per Caldes de Montbui<\/b> <span style=\"font-weight: 400;\">m\u00e9s famoses.<\/span> <span style=\"font-weight: 400;\">Visitar les termes romanes m\u00e9s ben conservades de Catalunya, \u00e9s l&#8217;orgull m\u00e9s gran d&#8217;aquest poble. Llocs que sens dubte has\u00a0<\/span><b>de visitar a Caldes de Montbui, <\/b><span style=\"font-weight: 400;\">si cerques una estona d&#8217;oci i al mateix temps de tranquil\u00b7litat. I per descomptat a Willy&#8217;s Plan tenim les nostres favorites:<\/span><\/p><p><span style=\"font-weight: 400;\">El<\/span> <b>safareig P\u00fablic de la Portalera<\/b> <span style=\"font-weight: 400;\">s&#8217;abasteix d&#8217;aigua de la Font del Lle\u00f3, on podeu gaudir d&#8217;aigua neta cada dia i encara actualment s&#8217;usa com a safareig de roba per continuar conservant l&#8217;encant d&#8217;aquest tipus de llocs.<\/span><\/p><p><span style=\"font-weight: 400;\">Les<\/span> <b>termes romanes<\/b> <span style=\"font-weight: 400;\">formen part del conjunt de termes medicinals de l&#8217;\u00e8poca romana i, per descomptat, un dels llocs m\u00e9s importants<\/span> <b>a veure a Caldes de Montbui.<\/b> <span style=\"font-weight: 400;\">Actualment s\u00f3n considerades com a b\u00e9 cultural d&#8217;inter\u00e8s nacional. Pel que fer un bany en aquestes aig\u00fces termals \u00e9s tot un luxe.<\/span><\/p><p><span style=\"font-weight: 400;\">Per con\u00e8ixer m\u00e9s excursions a<\/span> <b>Caldes de Montbui,<\/b> <span style=\"font-weight: 400;\">no deixeu de visitar la nostra web. A Willy&#8217;s Plan, la diversi\u00f3 mai acaba!<\/span><\/p>\t\t\t\t\t\t\t\t<\/div>\n\t\t\t\t<\/div>\n\t\t\t\t\t<\/div>\n\t\t<\/div>\n\t\t\t\t\t<\/div>\n\t\t<\/section>\n\t\t\t\t<section class=\"elementor-section elementor-top-section elementor-element elementor-element-5715a8b elementor-section-boxed elementor-section-height-default elementor-section-height-default\" data-id=\"5715a8b\" data-element_type=\"section\">\n\t\t\t\t\t\t<div class=\"elementor-container elementor-column-gap-default\">\n\t\t\t\t\t<div class=\"elementor-column elementor-col-100 elementor-top-column elementor-element elementor-element-42327c7\" data-id=\"42327c7\" data-element_type=\"column\">\n\t\t\t<div class=\"elementor-widget-wrap elementor-element-populated\">\n\t\t\t\t\t\t\t<\/div>\n\t\t<\/div>\n\t\t\t\t\t<\/div>\n\t\t<\/section>\n\t\t\t\t<\/div>\n\t\t","protected":false},"excerpt":{"rendered":"<p>Si hi ha un lloc que val la pena arribar i que t\u00e9 moltespossibilitats una vegada ja hagis disfrutat de les millors coses per fer a Barcelona , \u00e9s Caldes de Montbui. Situat a la comarca del Vall\u00e8s Oriental a uns 35 km de Barcelona ciutat, \u00e9s sens dubte un dels pobles preferits dels barcelonins&hellip;&nbsp;<a href=\"https:\/\/www.willysplan.com\/ca\/rutes\/rutes-de-senderisme-i-excursions-per-caldes-de-montbui\" rel=\"bookmark\">Llegiu m\u00e9s &raquo;<span class=\"screen-reader-text\">Rutes de senderisme i excursions per Caldes de Montbui<\/span><\/a><\/p>\n","protected":false},"author":2,"featured_media":13169,"comment_status":"closed","ping_status":"closed","sticky":false,"template":"","format":"standard","meta":{"neve_meta_sidebar":"","neve_meta_container":"","neve_meta_enable_content_width":"","neve_meta_content_width":0,"neve_meta_title_alignment":"","neve_meta_author_avatar":"","neve_post_elements_order":"","neve_meta_disable_header":"","neve_meta_disable_footer":"","neve_meta_disable_title":"","_joinchat":[],"footnotes":""},"categories":[323],"tags":[333,332,334],"class_list":["post-15825","post","type-post","status-publish","format-standard","has-post-thumbnail","hentry","category-rutes","tag-pobles-barcelona","tag-pobles-catalunya","tag-pobles-valls-oriental"],"yoast_head":"<!-- This site is optimized with the Yoast SEO Premium plugin v20.1 (Yoast SEO v26.9) - https:\/\/yoast.com\/product\/yoast-seo-premium-wordpress\/ -->\n<title>Rutes i excursions a Caldes de Montbui \u2013 Willy&#039;s Plan<\/title>\n<meta name=\"description\" content=\"Descobriu les millors excursions i rutes de senderisme per Caldes de Montbui. \u2705 Coneix les coses a fer i veure a Caldes de Montbui Entra ara!\" \/>\n<meta name=\"robots\" content=\"index, follow, max-snippet:-1, max-image-preview:large, max-video-preview:-1\" \/>\n<link rel=\"canonical\" href=\"https:\/\/willysplan.com\/ca\/rutes\/rutes-de-senderisme-i-excursions-per-caldes-de-montbui\" \/>\n<meta property=\"og:locale\" content=\"ca_ES\" \/>\n<meta property=\"og:type\" content=\"article\" \/>\n<meta property=\"og:title\" content=\"Rutes de senderisme i excursions per Caldes de Montbui\" \/>\n<meta property=\"og:description\" content=\"Descobriu les millors excursions i rutes de senderisme per Caldes de Montbui. \u2705 Coneix les coses a fer i veure a Caldes de Montbui Entra ara!\" \/>\n<meta property=\"og:url\" content=\"https:\/\/willysplan.com\/ca\/rutes\/rutes-de-senderisme-i-excursions-per-caldes-de-montbui\" \/>\n<meta property=\"og:site_name\" content=\"Willy&#039;s Plan \ud83c\udf43\" \/>\n<meta property=\"article:published_time\" content=\"2020-07-11T15:59:12+00:00\" \/>\n<meta property=\"article:modified_time\" content=\"2023-07-25T03:52:25+00:00\" \/>\n<meta property=\"og:image\" content=\"https:\/\/www.willysplan.com\/wp-content\/uploads\/2020\/07\/poblat-iber1.jpg\" \/>\n\t<meta property=\"og:image:width\" content=\"600\" \/>\n\t<meta property=\"og:image:height\" content=\"399\" \/>\n\t<meta property=\"og:image:type\" content=\"image\/jpeg\" \/>\n<meta name=\"author\" content=\"Guillem Asensio\" \/>\n<meta name=\"twitter:card\" content=\"summary_large_image\" \/>\n<meta name=\"twitter:label1\" content=\"Escrit per\" \/>\n\t<meta name=\"twitter:data1\" content=\"Guillem Asensio\" \/>\n\t<meta name=\"twitter:label2\" content=\"Temps estimat de lectura\" \/>\n\t<meta name=\"twitter:data2\" content=\"2 minuts\" \/>\n<script type=\"application\/ld+json\" class=\"yoast-schema-graph\">{\"@context\":\"https:\/\/schema.org\",\"@graph\":[{\"@type\":\"Article\",\"@id\":\"https:\/\/willysplan.com\/ca\/rutes\/rutes-de-senderisme-i-excursions-per-caldes-de-montbui#article\",\"isPartOf\":{\"@id\":\"https:\/\/www.willysplan.com\/ca\/rutes\/rutes-de-senderisme-i-excursions-per-caldes-de-montbui\"},\"author\":{\"name\":\"Guillem Asensio\",\"@id\":\"https:\/\/www.willysplan.com\/#\/schema\/person\/6f2dbf2215cd25715df085907bd007c1\"},\"headline\":\"Rutes de senderisme i excursions per Caldes de Montbui\",\"datePublished\":\"2020-07-11T15:59:12+00:00\",\"dateModified\":\"2023-07-25T03:52:25+00:00\",\"mainEntityOfPage\":{\"@id\":\"https:\/\/www.willysplan.com\/ca\/rutes\/rutes-de-senderisme-i-excursions-per-caldes-de-montbui\"},\"wordCount\":420,\"publisher\":{\"@id\":\"https:\/\/www.willysplan.com\/#organization\"},\"image\":{\"@id\":\"https:\/\/willysplan.com\/ca\/rutes\/rutes-de-senderisme-i-excursions-per-caldes-de-montbui#primaryimage\"},\"thumbnailUrl\":\"https:\/\/www.willysplan.com\/wp-content\/uploads\/2020\/07\/poblat-iber1.jpg\",\"keywords\":[\"pobles barcelona\",\"pobles catalunya\",\"pobles valls oriental\"],\"articleSection\":[\"rutes\"],\"inLanguage\":\"ca\"},{\"@type\":\"WebPage\",\"@id\":\"https:\/\/www.willysplan.com\/ca\/rutes\/rutes-de-senderisme-i-excursions-per-caldes-de-montbui\",\"url\":\"https:\/\/willysplan.com\/ca\/rutes\/rutes-de-senderisme-i-excursions-per-caldes-de-montbui\",\"name\":\"Rutes i excursions a Caldes de Montbui \u2013 Willy's Plan\",\"isPartOf\":{\"@id\":\"https:\/\/www.willysplan.com\/#website\"},\"primaryImageOfPage\":{\"@id\":\"https:\/\/willysplan.com\/ca\/rutes\/rutes-de-senderisme-i-excursions-per-caldes-de-montbui#primaryimage\"},\"image\":{\"@id\":\"https:\/\/willysplan.com\/ca\/rutes\/rutes-de-senderisme-i-excursions-per-caldes-de-montbui#primaryimage\"},\"thumbnailUrl\":\"https:\/\/www.willysplan.com\/wp-content\/uploads\/2020\/07\/poblat-iber1.jpg\",\"datePublished\":\"2020-07-11T15:59:12+00:00\",\"dateModified\":\"2023-07-25T03:52:25+00:00\",\"description\":\"Descobriu les millors excursions i rutes de senderisme per Caldes de Montbui. \u2705 Coneix les coses a fer i veure a Caldes de Montbui Entra ara!\",\"inLanguage\":\"ca\",\"potentialAction\":[{\"@type\":\"ReadAction\",\"target\":[\"https:\/\/willysplan.com\/ca\/rutes\/rutes-de-senderisme-i-excursions-per-caldes-de-montbui\"]}]},{\"@type\":\"ImageObject\",\"inLanguage\":\"ca\",\"@id\":\"https:\/\/willysplan.com\/ca\/rutes\/rutes-de-senderisme-i-excursions-per-caldes-de-montbui#primaryimage\",\"url\":\"https:\/\/www.willysplan.com\/wp-content\/uploads\/2020\/07\/poblat-iber1.jpg\",\"contentUrl\":\"https:\/\/www.willysplan.com\/wp-content\/uploads\/2020\/07\/poblat-iber1.jpg\",\"width\":600,\"height\":399},{\"@type\":\"WebSite\",\"@id\":\"https:\/\/www.willysplan.com\/#website\",\"url\":\"https:\/\/www.willysplan.com\/\",\"name\":\"Willy&#039;s Plan \ud83c\udf43\",\"description\":\"Escapadas y Planes de fin de semana\",\"publisher\":{\"@id\":\"https:\/\/www.willysplan.com\/#organization\"},\"potentialAction\":[{\"@type\":\"SearchAction\",\"target\":{\"@type\":\"EntryPoint\",\"urlTemplate\":\"https:\/\/www.willysplan.com\/?s={search_term_string}\"},\"query-input\":{\"@type\":\"PropertyValueSpecification\",\"valueRequired\":true,\"valueName\":\"search_term_string\"}}],\"inLanguage\":\"ca\"},{\"@type\":\"Organization\",\"@id\":\"https:\/\/www.willysplan.com\/#organization\",\"name\":\"Willy&#039;s Plan \ud83c\udf43\",\"url\":\"https:\/\/www.willysplan.com\/\",\"logo\":{\"@type\":\"ImageObject\",\"inLanguage\":\"ca\",\"@id\":\"https:\/\/www.willysplan.com\/#\/schema\/logo\/image\/\",\"url\":\"https:\/\/www.willysplan.com\/wp-content\/uploads\/2020\/04\/cropped-logo-1.png\",\"contentUrl\":\"https:\/\/www.willysplan.com\/wp-content\/uploads\/2020\/04\/cropped-logo-1.png\",\"width\":332,\"height\":332,\"caption\":\"Willy&#039;s Plan \ud83c\udf43\"},\"image\":{\"@id\":\"https:\/\/www.willysplan.com\/#\/schema\/logo\/image\/\"}},{\"@type\":\"Person\",\"@id\":\"https:\/\/www.willysplan.com\/#\/schema\/person\/6f2dbf2215cd25715df085907bd007c1\",\"name\":\"Guillem Asensio\",\"image\":{\"@type\":\"ImageObject\",\"inLanguage\":\"ca\",\"@id\":\"https:\/\/www.willysplan.com\/#\/schema\/person\/image\/\",\"url\":\"https:\/\/secure.gravatar.com\/avatar\/fd3f69da3e6cd8d451f6be79c127da046757b9a4c273deefb40b1291809cc787?s=96&d=mm&r=g\",\"contentUrl\":\"https:\/\/secure.gravatar.com\/avatar\/fd3f69da3e6cd8d451f6be79c127da046757b9a4c273deefb40b1291809cc787?s=96&d=mm&r=g\",\"caption\":\"Guillem Asensio\"},\"sameAs\":[\"https:\/\/willysplan.com\"],\"url\":\"https:\/\/www.willysplan.com\/ca\/author\/willy\"}]}<\/script>\n<!-- \/ Yoast SEO Premium plugin. -->","yoast_head_json":{"title":"Rutes i excursions a Caldes de Montbui \u2013 Willy's Plan","description":"Descobriu les millors excursions i rutes de senderisme per Caldes de Montbui. \u2705 Coneix les coses a fer i veure a Caldes de Montbui Entra ara!","robots":{"index":"index","follow":"follow","max-snippet":"max-snippet:-1","max-image-preview":"max-image-preview:large","max-video-preview":"max-video-preview:-1"},"canonical":"https:\/\/willysplan.com\/ca\/rutes\/rutes-de-senderisme-i-excursions-per-caldes-de-montbui","og_locale":"ca_ES","og_type":"article","og_title":"Rutes de senderisme i excursions per Caldes de Montbui","og_description":"Descobriu les millors excursions i rutes de senderisme per Caldes de Montbui. \u2705 Coneix les coses a fer i veure a Caldes de Montbui Entra ara!","og_url":"https:\/\/willysplan.com\/ca\/rutes\/rutes-de-senderisme-i-excursions-per-caldes-de-montbui","og_site_name":"Willy&#039;s Plan \ud83c\udf43","article_published_time":"2020-07-11T15:59:12+00:00","article_modified_time":"2023-07-25T03:52:25+00:00","og_image":[{"width":600,"height":399,"url":"https:\/\/www.willysplan.com\/wp-content\/uploads\/2020\/07\/poblat-iber1.jpg","type":"image\/jpeg"}],"author":"Guillem Asensio","twitter_card":"summary_large_image","twitter_misc":{"Escrit per":"Guillem Asensio","Temps estimat de lectura":"2 minuts"},"schema":{"@context":"https:\/\/schema.org","@graph":[{"@type":"Article","@id":"https:\/\/willysplan.com\/ca\/rutes\/rutes-de-senderisme-i-excursions-per-caldes-de-montbui#article","isPartOf":{"@id":"https:\/\/www.willysplan.com\/ca\/rutes\/rutes-de-senderisme-i-excursions-per-caldes-de-montbui"},"author":{"name":"Guillem Asensio","@id":"https:\/\/www.willysplan.com\/#\/schema\/person\/6f2dbf2215cd25715df085907bd007c1"},"headline":"Rutes de senderisme i excursions per Caldes de Montbui","datePublished":"2020-07-11T15:59:12+00:00","dateModified":"2023-07-25T03:52:25+00:00","mainEntityOfPage":{"@id":"https:\/\/www.willysplan.com\/ca\/rutes\/rutes-de-senderisme-i-excursions-per-caldes-de-montbui"},"wordCount":420,"publisher":{"@id":"https:\/\/www.willysplan.com\/#organization"},"image":{"@id":"https:\/\/willysplan.com\/ca\/rutes\/rutes-de-senderisme-i-excursions-per-caldes-de-montbui#primaryimage"},"thumbnailUrl":"https:\/\/www.willysplan.com\/wp-content\/uploads\/2020\/07\/poblat-iber1.jpg","keywords":["pobles barcelona","pobles catalunya","pobles valls oriental"],"articleSection":["rutes"],"inLanguage":"ca"},{"@type":"WebPage","@id":"https:\/\/www.willysplan.com\/ca\/rutes\/rutes-de-senderisme-i-excursions-per-caldes-de-montbui","url":"https:\/\/willysplan.com\/ca\/rutes\/rutes-de-senderisme-i-excursions-per-caldes-de-montbui","name":"Rutes i excursions a Caldes de Montbui \u2013 Willy's Plan","isPartOf":{"@id":"https:\/\/www.willysplan.com\/#website"},"primaryImageOfPage":{"@id":"https:\/\/willysplan.com\/ca\/rutes\/rutes-de-senderisme-i-excursions-per-caldes-de-montbui#primaryimage"},"image":{"@id":"https:\/\/willysplan.com\/ca\/rutes\/rutes-de-senderisme-i-excursions-per-caldes-de-montbui#primaryimage"},"thumbnailUrl":"https:\/\/www.willysplan.com\/wp-content\/uploads\/2020\/07\/poblat-iber1.jpg","datePublished":"2020-07-11T15:59:12+00:00","dateModified":"2023-07-25T03:52:25+00:00","description":"Descobriu les millors excursions i rutes de senderisme per Caldes de Montbui. \u2705 Coneix les coses a fer i veure a Caldes de Montbui Entra ara!","inLanguage":"ca","potentialAction":[{"@type":"ReadAction","target":["https:\/\/willysplan.com\/ca\/rutes\/rutes-de-senderisme-i-excursions-per-caldes-de-montbui"]}]},{"@type":"ImageObject","inLanguage":"ca","@id":"https:\/\/willysplan.com\/ca\/rutes\/rutes-de-senderisme-i-excursions-per-caldes-de-montbui#primaryimage","url":"https:\/\/www.willysplan.com\/wp-content\/uploads\/2020\/07\/poblat-iber1.jpg","contentUrl":"https:\/\/www.willysplan.com\/wp-content\/uploads\/2020\/07\/poblat-iber1.jpg","width":600,"height":399},{"@type":"WebSite","@id":"https:\/\/www.willysplan.com\/#website","url":"https:\/\/www.willysplan.com\/","name":"Willy&#039;s Plan \ud83c\udf43","description":"Escapadas y Planes de fin de semana","publisher":{"@id":"https:\/\/www.willysplan.com\/#organization"},"potentialAction":[{"@type":"SearchAction","target":{"@type":"EntryPoint","urlTemplate":"https:\/\/www.willysplan.com\/?s={search_term_string}"},"query-input":{"@type":"PropertyValueSpecification","valueRequired":true,"valueName":"search_term_string"}}],"inLanguage":"ca"},{"@type":"Organization","@id":"https:\/\/www.willysplan.com\/#organization","name":"Willy&#039;s Plan \ud83c\udf43","url":"https:\/\/www.willysplan.com\/","logo":{"@type":"ImageObject","inLanguage":"ca","@id":"https:\/\/www.willysplan.com\/#\/schema\/logo\/image\/","url":"https:\/\/www.willysplan.com\/wp-content\/uploads\/2020\/04\/cropped-logo-1.png","contentUrl":"https:\/\/www.willysplan.com\/wp-content\/uploads\/2020\/04\/cropped-logo-1.png","width":332,"height":332,"caption":"Willy&#039;s Plan \ud83c\udf43"},"image":{"@id":"https:\/\/www.willysplan.com\/#\/schema\/logo\/image\/"}},{"@type":"Person","@id":"https:\/\/www.willysplan.com\/#\/schema\/person\/6f2dbf2215cd25715df085907bd007c1","name":"Guillem Asensio","image":{"@type":"ImageObject","inLanguage":"ca","@id":"https:\/\/www.willysplan.com\/#\/schema\/person\/image\/","url":"https:\/\/secure.gravatar.com\/avatar\/fd3f69da3e6cd8d451f6be79c127da046757b9a4c273deefb40b1291809cc787?s=96&d=mm&r=g","contentUrl":"https:\/\/secure.gravatar.com\/avatar\/fd3f69da3e6cd8d451f6be79c127da046757b9a4c273deefb40b1291809cc787?s=96&d=mm&r=g","caption":"Guillem Asensio"},"sameAs":["https:\/\/willysplan.com"],"url":"https:\/\/www.willysplan.com\/ca\/author\/willy"}]}},"_links":{"self":[{"href":"https:\/\/www.willysplan.com\/ca\/wp-json\/wp\/v2\/posts\/15825","targetHints":{"allow":["GET"]}}],"collection":[{"href":"https:\/\/www.willysplan.com\/ca\/wp-json\/wp\/v2\/posts"}],"about":[{"href":"https:\/\/www.willysplan.com\/ca\/wp-json\/wp\/v2\/types\/post"}],"author":[{"embeddable":true,"href":"https:\/\/www.willysplan.com\/ca\/wp-json\/wp\/v2\/users\/2"}],"replies":[{"embeddable":true,"href":"https:\/\/www.willysplan.com\/ca\/wp-json\/wp\/v2\/comments?post=15825"}],"version-history":[{"count":7,"href":"https:\/\/www.willysplan.com\/ca\/wp-json\/wp\/v2\/posts\/15825\/revisions"}],"predecessor-version":[{"id":21605,"href":"https:\/\/www.willysplan.com\/ca\/wp-json\/wp\/v2\/posts\/15825\/revisions\/21605"}],"wp:featuredmedia":[{"embeddable":true,"href":"https:\/\/www.willysplan.com\/ca\/wp-json\/wp\/v2\/media\/13169"}],"wp:attachment":[{"href":"https:\/\/www.willysplan.com\/ca\/wp-json\/wp\/v2\/media?parent=15825"}],"wp:term":[{"taxonomy":"category","embeddable":true,"href":"https:\/\/www.willysplan.com\/ca\/wp-json\/wp\/v2\/categories?post=15825"},{"taxonomy":"post_tag","embeddable":true,"href":"https:\/\/www.willysplan.com\/ca\/wp-json\/wp\/v2\/tags?post=15825"}],"curies":[{"name":"wp","href":"https:\/\/api.w.org\/{rel}","templated":true}]}}