{"id":15770,"date":"2020-06-01T12:05:02","date_gmt":"2020-06-01T11:05:02","guid":{"rendered":"https:\/\/willysplan.com\/uncategorized-ca\/rutes-de-senderisme-i-excursions-pel-port-de-la-selva"},"modified":"2023-03-20T22:15:05","modified_gmt":"2023-03-20T21:15:05","slug":"rutes-de-senderisme-i-excursions-pel-port-de-la-selva","status":"publish","type":"post","link":"https:\/\/www.willysplan.com\/ca\/rutes\/rutes-de-senderisme-i-excursions-pel-port-de-la-selva","title":{"rendered":"Rutes de senderisme i excursions pel Port de la Selva"},"content":{"rendered":"\t\t<div data-elementor-type=\"wp-post\" data-elementor-id=\"15770\" class=\"elementor elementor-15770 elementor-1306\" data-elementor-post-type=\"post\">\n\t\t\t\t\t\t<section class=\"elementor-section elementor-top-section elementor-element elementor-element-f4c69cc elementor-section-boxed elementor-section-height-default elementor-section-height-default\" data-id=\"f4c69cc\" data-element_type=\"section\">\n\t\t\t\t\t\t<div class=\"elementor-container elementor-column-gap-default\">\n\t\t\t\t\t<div class=\"elementor-column elementor-col-50 elementor-top-column elementor-element elementor-element-164a862\" data-id=\"164a862\" data-element_type=\"column\">\n\t\t\t<div class=\"elementor-widget-wrap elementor-element-populated\">\n\t\t\t\t\t\t<div class=\"elementor-element elementor-element-29bc239 elementor-widget elementor-widget-text-editor\" data-id=\"29bc239\" data-element_type=\"widget\" data-widget_type=\"text-editor.default\">\n\t\t\t\t<div class=\"elementor-widget-container\">\n\t\t\t\t\t\t\t\t\t<p><span style=\"font-weight: 400;\">Aquest petit poble de pescadors est\u00e0 ubicat a la part de nord de la costa brava i \u00e9s un altre dels atractius tur\u00edstics <\/span><a href=\"https:\/\/www.willysplan.com\/que-hacer\/girona\"><span style=\"font-weight: 400;\">de visitar a Girona<\/span><\/a><span style=\"font-weight: 400;\">, i per descomptat a Willy&#8217;s Plan ens animem a dissenyar una de les millors <\/span><b>excursions pel Port de la Selva<\/b><span style=\"font-weight: 400;\">, perqu\u00e8 no us perdeu cap detall!<\/span><\/p>\n<p><b>El Port de la Selva <\/b><span style=\"font-weight: 400;\">no \u00e9s el t\u00edpic poble de platja ple de turistes, per aix\u00f2 \u00e9s ideal per rec\u00f3rrer-lo tranquil\u00b7lament i gaudir d&#8217;uns dies de descans sense aglomeracions. A m\u00e9s les <\/span><b>rutes al Port de la Selva <\/b><span style=\"font-weight: 400;\">solen ser molt divertides. Aqu\u00ed pots gaudir des de passejades amb caiac, wind surf, passejades amb barca i una quantitat d&#8217;esports extrems al mar.<\/span><\/p>\n\t\t\t\t\t\t\t\t<\/div>\n\t\t\t\t<\/div>\n\t\t\t\t\t<\/div>\n\t\t<\/div>\n\t\t\t\t<div class=\"elementor-column elementor-col-50 elementor-top-column elementor-element elementor-element-f0384f5\" data-id=\"f0384f5\" data-element_type=\"column\">\n\t\t\t<div class=\"elementor-widget-wrap elementor-element-populated\">\n\t\t\t\t\t\t<div class=\"elementor-element elementor-element-498d22e elementor-widget elementor-widget-image\" data-id=\"498d22e\" data-element_type=\"widget\" data-widget_type=\"image.default\">\n\t\t\t\t<div class=\"elementor-widget-container\">\n\t\t\t\t\t\t\t\t\t\t\t\t\t\t\t<img fetchpriority=\"high\" decoding=\"async\" width=\"300\" height=\"211\" src=\"https:\/\/www.willysplan.com\/wp-content\/uploads\/2020\/06\/mapa-el-port-de-la-selva.png\" class=\"attachment-medium size-medium wp-image-11955\" alt=\"\" \/>\t\t\t\t\t\t\t\t\t\t\t\t\t\t\t<\/div>\n\t\t\t\t<\/div>\n\t\t\t\t\t<\/div>\n\t\t<\/div>\n\t\t\t\t\t<\/div>\n\t\t<\/section>\n\t\t\t\t<section class=\"elementor-section elementor-top-section elementor-element elementor-element-d1e1d3e elementor-section-boxed elementor-section-height-default elementor-section-height-default\" data-id=\"d1e1d3e\" data-element_type=\"section\">\n\t\t\t\t\t\t<div class=\"elementor-container elementor-column-gap-default\">\n\t\t\t\t\t<div class=\"elementor-column elementor-col-100 elementor-top-column elementor-element elementor-element-8fb6451\" data-id=\"8fb6451\" data-element_type=\"column\">\n\t\t\t<div class=\"elementor-widget-wrap elementor-element-populated\">\n\t\t\t\t\t\t<div class=\"elementor-element elementor-element-24f448f elementor-widget elementor-widget-heading\" data-id=\"24f448f\" data-element_type=\"widget\" data-widget_type=\"heading.default\">\n\t\t\t\t<div class=\"elementor-widget-container\">\n\t\t\t\t\t<h2 class=\"elementor-heading-title elementor-size-default\">Qu\u00e8 fer al Port de la Selva?<\/h2>\t\t\t\t<\/div>\n\t\t\t\t<\/div>\n\t\t\t\t\t<\/div>\n\t\t<\/div>\n\t\t\t\t\t<\/div>\n\t\t<\/section>\n\t\t\t\t<section class=\"elementor-section elementor-top-section elementor-element elementor-element-53c42cc elementor-section-boxed elementor-section-height-default elementor-section-height-default\" data-id=\"53c42cc\" data-element_type=\"section\">\n\t\t\t\t\t\t<div class=\"elementor-container elementor-column-gap-default\">\n\t\t\t\t\t<div class=\"elementor-column elementor-col-100 elementor-top-column elementor-element elementor-element-ffc4726\" data-id=\"ffc4726\" data-element_type=\"column\">\n\t\t\t<div class=\"elementor-widget-wrap elementor-element-populated\">\n\t\t\t\t\t\t<div class=\"elementor-element elementor-element-7f4a89a elementor-widget elementor-widget-image\" data-id=\"7f4a89a\" data-element_type=\"widget\" data-widget_type=\"image.default\">\n\t\t\t\t<div class=\"elementor-widget-container\">\n\t\t\t\t\t\t\t\t\t\t\t\t\t\t\t<img decoding=\"async\" width=\"768\" height=\"470\" src=\"https:\/\/www.willysplan.com\/wp-content\/uploads\/2020\/06\/excursiones-por-el-port-de-la-selva1-768x470.jpg\" class=\"attachment-medium_large size-medium_large wp-image-13185\" alt=\"\" srcset=\"https:\/\/www.willysplan.com\/wp-content\/uploads\/2020\/06\/excursiones-por-el-port-de-la-selva1-768x470.jpg 768w, https:\/\/www.willysplan.com\/wp-content\/uploads\/2020\/06\/excursiones-por-el-port-de-la-selva1-300x183.jpg 300w, https:\/\/www.willysplan.com\/wp-content\/uploads\/2020\/06\/excursiones-por-el-port-de-la-selva1-960x587.jpg 960w, https:\/\/www.willysplan.com\/wp-content\/uploads\/2020\/06\/excursiones-por-el-port-de-la-selva1-654x400.jpg 654w, https:\/\/www.willysplan.com\/wp-content\/uploads\/2020\/06\/excursiones-por-el-port-de-la-selva1-585x358.jpg 585w, https:\/\/www.willysplan.com\/wp-content\/uploads\/2020\/06\/excursiones-por-el-port-de-la-selva1-600x367.jpg 600w, https:\/\/www.willysplan.com\/wp-content\/uploads\/2020\/06\/excursiones-por-el-port-de-la-selva1.jpg 1024w\" sizes=\"(max-width: 768px) 100vw, 768px\" \/>\t\t\t\t\t\t\t\t\t\t\t\t\t\t\t<\/div>\n\t\t\t\t<\/div>\n\t\t\t\t\t<\/div>\n\t\t<\/div>\n\t\t\t\t\t<\/div>\n\t\t<\/section>\n\t\t\t\t<section class=\"elementor-section elementor-top-section elementor-element elementor-element-9274027 elementor-section-boxed elementor-section-height-default elementor-section-height-default\" data-id=\"9274027\" data-element_type=\"section\">\n\t\t\t\t\t\t<div class=\"elementor-container elementor-column-gap-default\">\n\t\t\t\t\t<div class=\"elementor-column elementor-col-100 elementor-top-column elementor-element elementor-element-8d0b027\" data-id=\"8d0b027\" data-element_type=\"column\">\n\t\t\t<div class=\"elementor-widget-wrap elementor-element-populated\">\n\t\t\t\t\t\t<div class=\"elementor-element elementor-element-13b5c01 elementor-widget elementor-widget-text-editor\" data-id=\"13b5c01\" data-element_type=\"widget\" data-widget_type=\"text-editor.default\">\n\t\t\t\t<div class=\"elementor-widget-container\">\n\t\t\t\t\t\t\t\t\t<p><span style=\"font-weight: 400;\">Un imperdible<\/span> <b>a veure al Port de la Selva<\/b> <span style=\"font-weight: 400;\">s\u00f3n els seus monuments arquitect\u00f2nics i ru\u00efnes, per aix\u00f2 t&#8217;has d&#8217;interessar a con\u00e8ixer una mica m\u00e9s per la seva hist\u00f2ria i llegat cultural.<\/span> <\/p>\n<p><span style=\"font-weight: 400;\">En aquest encantador poble hi ha moltes hist\u00f2ries de pescadors i la seva construcci\u00f3 explica com les primeres edificacions religioses van anar conformant la urbs avui dia. A m\u00e9s, la seva economia es veu molt reflectida en el comer\u00e7 tant d&#8217;insums de peixateria com en la gran oferta gastron\u00f2mica i hotelera que \u00e9s una de les moltes <\/span><b>coses a fer al Port de la Selva<\/b> <span style=\"font-weight: 400;\">i que per res del m\u00f3n et pots perdre!<\/span><\/p>\n\t\t\t\t\t\t\t\t<\/div>\n\t\t\t\t<\/div>\n\t\t\t\t\t<\/div>\n\t\t<\/div>\n\t\t\t\t\t<\/div>\n\t\t<\/section>\n\t\t\t\t<section class=\"elementor-section elementor-top-section elementor-element elementor-element-21508f2 elementor-section-boxed elementor-section-height-default elementor-section-height-default\" data-id=\"21508f2\" data-element_type=\"section\">\n\t\t\t\t\t\t<div class=\"elementor-container elementor-column-gap-default\">\n\t\t\t\t\t<div class=\"elementor-column elementor-col-100 elementor-top-column elementor-element elementor-element-96473d1\" data-id=\"96473d1\" data-element_type=\"column\">\n\t\t\t<div class=\"elementor-widget-wrap elementor-element-populated\">\n\t\t\t\t\t\t\t<\/div>\n\t\t<\/div>\n\t\t\t\t\t<\/div>\n\t\t<\/section>\n\t\t\t\t<section class=\"elementor-section elementor-top-section elementor-element elementor-element-aaf8e46 elementor-section-boxed elementor-section-height-default elementor-section-height-default\" data-id=\"aaf8e46\" data-element_type=\"section\">\n\t\t\t\t\t\t<div class=\"elementor-container elementor-column-gap-default\">\n\t\t\t\t\t<div class=\"elementor-column elementor-col-100 elementor-top-column elementor-element elementor-element-4cee3de\" data-id=\"4cee3de\" data-element_type=\"column\">\n\t\t\t<div class=\"elementor-widget-wrap elementor-element-populated\">\n\t\t\t\t\t\t<div class=\"elementor-element elementor-element-241f678 elementor-widget elementor-widget-heading\" data-id=\"241f678\" data-element_type=\"widget\" data-widget_type=\"heading.default\">\n\t\t\t\t<div class=\"elementor-widget-container\">\n\t\t\t\t\t<h2 class=\"elementor-heading-title elementor-size-default\">Qu\u00e8 veure al Port de la Selva i rodalies?\n<\/h2>\t\t\t\t<\/div>\n\t\t\t\t<\/div>\n\t\t\t\t\t<\/div>\n\t\t<\/div>\n\t\t\t\t\t<\/div>\n\t\t<\/section>\n\t\t\t\t<section class=\"elementor-section elementor-top-section elementor-element elementor-element-c78f0d5 elementor-section-boxed elementor-section-height-default elementor-section-height-default\" data-id=\"c78f0d5\" data-element_type=\"section\">\n\t\t\t\t\t\t<div class=\"elementor-container elementor-column-gap-default\">\n\t\t\t\t\t<div class=\"elementor-column elementor-col-100 elementor-top-column elementor-element elementor-element-e8099c1\" data-id=\"e8099c1\" data-element_type=\"column\">\n\t\t\t<div class=\"elementor-widget-wrap elementor-element-populated\">\n\t\t\t\t\t\t<div class=\"elementor-element elementor-element-9d79bd6 elementor-widget elementor-widget-text-editor\" data-id=\"9d79bd6\" data-element_type=\"widget\" data-widget_type=\"text-editor.default\">\n\t\t\t\t<div class=\"elementor-widget-container\">\n\t\t\t\t\t\t\t\t\t<p><span style=\"font-weight: 400;\">Si hi ha alguna cosa que ens caracteritza \u00e9s triar els millors llocs per visitar a cadascun dels nostres plans. Aqu\u00ed et proposem una de les nostres <\/span><b>rutes pel Port de la Selva<\/b> <span style=\"font-weight: 400;\">amb alguns llocs d&#8217;inter\u00e8s que heu de visitar.<\/span><\/p>\n<p><span style=\"font-weight: 400;\">El<\/span> <b>Monestir de Sant Pere de Rodes<\/b> <span style=\"font-weight: 400;\">es troba en un dels cims del poble. Aquest ens regala una de millors vistes cap a <\/span><b>el Cap de Creus<\/b> <span style=\"font-weight: 400;\">, a m\u00e9s de ser un digne representant de la hist\u00f2ria i cultura d&#8217;Espanya.<\/span><\/p>\n<p><span style=\"font-weight: 400;\">Un altre dels llocs<\/span> <b>que visitar al Port de la Selva<\/b> <span style=\"font-weight: 400;\">s\u00f3n les ru\u00efnes de<\/span> <b>Santa Cruz de Rodes.<\/b> <span style=\"font-weight: 400;\">Un altre monestir que arribo a ser abandonat com a conseq\u00fc\u00e8ncia de la pesta negra l&#8217;any 1345.<\/span> <\/p>\n<p><span style=\"font-weight: 400;\">Si busques coses<\/span> <b>a fer amb nens al Port de la Selva,<\/b> <span style=\"font-weight: 400;\">has de saber que les cales i les platges d&#8217;aquest poble s\u00f3n fant\u00e0stiques per gaudir un dia a prop del mar amb tota la fam\u00edlia, amics i fins i tot amb la teva parella. Et recomanem entre elles la <\/span><span style=\"font-weight: 400;\">Cala Galera, la<\/span> <b>platja dels Vaquers<\/b> <span style=\"font-weight: 400;\">o la del<\/span> <b>Port de la Vall<\/b><span style=\"font-weight: 400;\">. Nom\u00e9s heu d&#8217;organitzar molt b\u00e9 com arribar i gaudir d&#8217;un c\u00e0lid dia de platja.<\/span><\/p>\n<p><span style=\"font-weight: 400;\">Per con\u00e8ixer m\u00e9s<\/span> <b>excursions pel Port de la Selva,<\/b> <span style=\"font-weight: 400;\">no deixis de visitar el nostre bloc, sempre hi ha una aventura nova per emprendre!<\/span><\/p>\n\t\t\t\t\t\t\t\t<\/div>\n\t\t\t\t<\/div>\n\t\t\t\t\t<\/div>\n\t\t<\/div>\n\t\t\t\t\t<\/div>\n\t\t<\/section>\n\t\t\t\t<section class=\"elementor-section elementor-top-section elementor-element elementor-element-bbf02ea elementor-section-boxed elementor-section-height-default elementor-section-height-default\" data-id=\"bbf02ea\" data-element_type=\"section\">\n\t\t\t\t\t\t<div class=\"elementor-container elementor-column-gap-default\">\n\t\t\t\t\t<div class=\"elementor-column elementor-col-100 elementor-top-column elementor-element elementor-element-084ce7a\" data-id=\"084ce7a\" data-element_type=\"column\">\n\t\t\t<div class=\"elementor-widget-wrap elementor-element-populated\">\n\t\t\t\t\t\t\t<\/div>\n\t\t<\/div>\n\t\t\t\t\t<\/div>\n\t\t<\/section>\n\t\t\t\t<\/div>\n\t\t","protected":false},"excerpt":{"rendered":"<p>Aquest petit poble de pescadors est\u00e0 ubicat a la part de nord de la costa brava i \u00e9s un altre dels atractius tur\u00edstics de visitar a Girona, i per descomptat a Willy&#8217;s Plan ens animem a dissenyar una de les millors excursions pel Port de la Selva, perqu\u00e8 no us perdeu cap detall! El Port&hellip;&nbsp;<a href=\"https:\/\/www.willysplan.com\/ca\/rutes\/rutes-de-senderisme-i-excursions-pel-port-de-la-selva\" rel=\"bookmark\">Llegiu m\u00e9s &raquo;<span class=\"screen-reader-text\">Rutes de senderisme i excursions pel Port de la Selva<\/span><\/a><\/p>\n","protected":false},"author":2,"featured_media":13285,"comment_status":"closed","ping_status":"closed","sticky":false,"template":"","format":"standard","meta":{"neve_meta_sidebar":"","neve_meta_container":"","neve_meta_enable_content_width":"","neve_meta_content_width":0,"neve_meta_title_alignment":"","neve_meta_author_avatar":"","neve_post_elements_order":"","neve_meta_disable_header":"","neve_meta_disable_footer":"","neve_meta_disable_title":"","_joinchat":[],"footnotes":""},"categories":[323],"tags":[348,332,347,346],"class_list":["post-15770","post","type-post","status-publish","format-standard","has-post-thumbnail","hentry","category-rutes","tag-pobles-alt-emporda","tag-pobles-catalunya","tag-pobles-costa-brava","tag-pobles-girona"],"yoast_head":"<!-- This site is optimized with the Yoast SEO Premium plugin v20.1 (Yoast SEO v26.9) - https:\/\/yoast.com\/product\/yoast-seo-premium-wordpress\/ -->\n<title>Rutes i excursions a Port de la Selva \u2013 Willy&#039;s Plan<\/title>\n<meta name=\"description\" content=\"Descobriu les millors excursions i rutes de senderisme pel Port de la Selva, Girona. \u2705 Coneix les coses a fer i veure al Port de la Selva Entra ara!\" \/>\n<meta name=\"robots\" content=\"index, follow, max-snippet:-1, max-image-preview:large, max-video-preview:-1\" \/>\n<link rel=\"canonical\" href=\"https:\/\/willysplan.com\/ca\/rutes\/rutes-de-senderisme-i-excursions-pel-port-de-la-selva\" \/>\n<meta property=\"og:locale\" content=\"ca_ES\" \/>\n<meta property=\"og:type\" content=\"article\" \/>\n<meta property=\"og:title\" content=\"Rutes de senderisme i excursions pel Port de la Selva\" \/>\n<meta property=\"og:description\" content=\"Descobriu les millors excursions i rutes de senderisme pel Port de la Selva, Girona. \u2705 Coneix les coses a fer i veure al Port de la Selva Entra ara!\" \/>\n<meta property=\"og:url\" content=\"https:\/\/willysplan.com\/ca\/rutes\/rutes-de-senderisme-i-excursions-pel-port-de-la-selva\" \/>\n<meta property=\"og:site_name\" content=\"Willy&#039;s Plan \ud83c\udf43\" \/>\n<meta property=\"article:published_time\" content=\"2020-06-01T11:05:02+00:00\" \/>\n<meta property=\"article:modified_time\" content=\"2023-03-20T21:15:05+00:00\" \/>\n<meta property=\"og:image\" content=\"https:\/\/www.willysplan.com\/wp-content\/uploads\/2020\/06\/rutas-por-el-port-de-la-selva-paint.jpg\" \/>\n\t<meta property=\"og:image:width\" content=\"1200\" \/>\n\t<meta property=\"og:image:height\" content=\"799\" \/>\n\t<meta property=\"og:image:type\" content=\"image\/jpeg\" \/>\n<meta name=\"author\" content=\"Guillem Asensio\" \/>\n<meta name=\"twitter:card\" content=\"summary_large_image\" \/>\n<meta name=\"twitter:label1\" content=\"Escrit per\" \/>\n\t<meta name=\"twitter:data1\" content=\"Guillem Asensio\" \/>\n\t<meta name=\"twitter:label2\" content=\"Temps estimat de lectura\" \/>\n\t<meta name=\"twitter:data2\" content=\"2 minuts\" \/>\n<script type=\"application\/ld+json\" class=\"yoast-schema-graph\">{\"@context\":\"https:\/\/schema.org\",\"@graph\":[{\"@type\":\"Article\",\"@id\":\"https:\/\/willysplan.com\/ca\/rutes\/rutes-de-senderisme-i-excursions-pel-port-de-la-selva#article\",\"isPartOf\":{\"@id\":\"https:\/\/www.willysplan.com\/ca\/rutes\/rutes-de-senderisme-i-excursions-pel-port-de-la-selva\"},\"author\":{\"name\":\"Guillem Asensio\",\"@id\":\"https:\/\/www.willysplan.com\/#\/schema\/person\/6f2dbf2215cd25715df085907bd007c1\"},\"headline\":\"Rutes de senderisme i excursions pel Port de la Selva\",\"datePublished\":\"2020-06-01T11:05:02+00:00\",\"dateModified\":\"2023-03-20T21:15:05+00:00\",\"mainEntityOfPage\":{\"@id\":\"https:\/\/www.willysplan.com\/ca\/rutes\/rutes-de-senderisme-i-excursions-pel-port-de-la-selva\"},\"wordCount\":507,\"publisher\":{\"@id\":\"https:\/\/www.willysplan.com\/#organization\"},\"image\":{\"@id\":\"https:\/\/willysplan.com\/ca\/rutes\/rutes-de-senderisme-i-excursions-pel-port-de-la-selva#primaryimage\"},\"thumbnailUrl\":\"https:\/\/www.willysplan.com\/wp-content\/uploads\/2020\/06\/rutas-por-el-port-de-la-selva-paint.jpg\",\"keywords\":[\"pobles alt emporda\",\"pobles catalunya\",\"pobles costa brava\",\"pobles girona\"],\"articleSection\":[\"rutes\"],\"inLanguage\":\"ca\"},{\"@type\":\"WebPage\",\"@id\":\"https:\/\/www.willysplan.com\/ca\/rutes\/rutes-de-senderisme-i-excursions-pel-port-de-la-selva\",\"url\":\"https:\/\/willysplan.com\/ca\/rutes\/rutes-de-senderisme-i-excursions-pel-port-de-la-selva\",\"name\":\"Rutes i excursions a Port de la Selva \u2013 Willy's Plan\",\"isPartOf\":{\"@id\":\"https:\/\/www.willysplan.com\/#website\"},\"primaryImageOfPage\":{\"@id\":\"https:\/\/willysplan.com\/ca\/rutes\/rutes-de-senderisme-i-excursions-pel-port-de-la-selva#primaryimage\"},\"image\":{\"@id\":\"https:\/\/willysplan.com\/ca\/rutes\/rutes-de-senderisme-i-excursions-pel-port-de-la-selva#primaryimage\"},\"thumbnailUrl\":\"https:\/\/www.willysplan.com\/wp-content\/uploads\/2020\/06\/rutas-por-el-port-de-la-selva-paint.jpg\",\"datePublished\":\"2020-06-01T11:05:02+00:00\",\"dateModified\":\"2023-03-20T21:15:05+00:00\",\"description\":\"Descobriu les millors excursions i rutes de senderisme pel Port de la Selva, Girona. \u2705 Coneix les coses a fer i veure al Port de la Selva Entra ara!\",\"inLanguage\":\"ca\",\"potentialAction\":[{\"@type\":\"ReadAction\",\"target\":[\"https:\/\/willysplan.com\/ca\/rutes\/rutes-de-senderisme-i-excursions-pel-port-de-la-selva\"]}]},{\"@type\":\"ImageObject\",\"inLanguage\":\"ca\",\"@id\":\"https:\/\/willysplan.com\/ca\/rutes\/rutes-de-senderisme-i-excursions-pel-port-de-la-selva#primaryimage\",\"url\":\"https:\/\/www.willysplan.com\/wp-content\/uploads\/2020\/06\/rutas-por-el-port-de-la-selva-paint.jpg\",\"contentUrl\":\"https:\/\/www.willysplan.com\/wp-content\/uploads\/2020\/06\/rutas-por-el-port-de-la-selva-paint.jpg\",\"width\":1200,\"height\":799},{\"@type\":\"WebSite\",\"@id\":\"https:\/\/www.willysplan.com\/#website\",\"url\":\"https:\/\/www.willysplan.com\/\",\"name\":\"Willy&#039;s Plan \ud83c\udf43\",\"description\":\"Escapadas y Planes de fin de semana\",\"publisher\":{\"@id\":\"https:\/\/www.willysplan.com\/#organization\"},\"potentialAction\":[{\"@type\":\"SearchAction\",\"target\":{\"@type\":\"EntryPoint\",\"urlTemplate\":\"https:\/\/www.willysplan.com\/?s={search_term_string}\"},\"query-input\":{\"@type\":\"PropertyValueSpecification\",\"valueRequired\":true,\"valueName\":\"search_term_string\"}}],\"inLanguage\":\"ca\"},{\"@type\":\"Organization\",\"@id\":\"https:\/\/www.willysplan.com\/#organization\",\"name\":\"Willy&#039;s Plan \ud83c\udf43\",\"url\":\"https:\/\/www.willysplan.com\/\",\"logo\":{\"@type\":\"ImageObject\",\"inLanguage\":\"ca\",\"@id\":\"https:\/\/www.willysplan.com\/#\/schema\/logo\/image\/\",\"url\":\"https:\/\/www.willysplan.com\/wp-content\/uploads\/2020\/04\/cropped-logo-1.png\",\"contentUrl\":\"https:\/\/www.willysplan.com\/wp-content\/uploads\/2020\/04\/cropped-logo-1.png\",\"width\":332,\"height\":332,\"caption\":\"Willy&#039;s Plan \ud83c\udf43\"},\"image\":{\"@id\":\"https:\/\/www.willysplan.com\/#\/schema\/logo\/image\/\"}},{\"@type\":\"Person\",\"@id\":\"https:\/\/www.willysplan.com\/#\/schema\/person\/6f2dbf2215cd25715df085907bd007c1\",\"name\":\"Guillem Asensio\",\"image\":{\"@type\":\"ImageObject\",\"inLanguage\":\"ca\",\"@id\":\"https:\/\/www.willysplan.com\/#\/schema\/person\/image\/\",\"url\":\"https:\/\/secure.gravatar.com\/avatar\/fd3f69da3e6cd8d451f6be79c127da046757b9a4c273deefb40b1291809cc787?s=96&d=mm&r=g\",\"contentUrl\":\"https:\/\/secure.gravatar.com\/avatar\/fd3f69da3e6cd8d451f6be79c127da046757b9a4c273deefb40b1291809cc787?s=96&d=mm&r=g\",\"caption\":\"Guillem Asensio\"},\"sameAs\":[\"https:\/\/willysplan.com\"],\"url\":\"https:\/\/www.willysplan.com\/ca\/author\/willy\"}]}<\/script>\n<!-- \/ Yoast SEO Premium plugin. -->","yoast_head_json":{"title":"Rutes i excursions a Port de la Selva \u2013 Willy's Plan","description":"Descobriu les millors excursions i rutes de senderisme pel Port de la Selva, Girona. \u2705 Coneix les coses a fer i veure al Port de la Selva Entra ara!","robots":{"index":"index","follow":"follow","max-snippet":"max-snippet:-1","max-image-preview":"max-image-preview:large","max-video-preview":"max-video-preview:-1"},"canonical":"https:\/\/willysplan.com\/ca\/rutes\/rutes-de-senderisme-i-excursions-pel-port-de-la-selva","og_locale":"ca_ES","og_type":"article","og_title":"Rutes de senderisme i excursions pel Port de la Selva","og_description":"Descobriu les millors excursions i rutes de senderisme pel Port de la Selva, Girona. \u2705 Coneix les coses a fer i veure al Port de la Selva Entra ara!","og_url":"https:\/\/willysplan.com\/ca\/rutes\/rutes-de-senderisme-i-excursions-pel-port-de-la-selva","og_site_name":"Willy&#039;s Plan \ud83c\udf43","article_published_time":"2020-06-01T11:05:02+00:00","article_modified_time":"2023-03-20T21:15:05+00:00","og_image":[{"width":1200,"height":799,"url":"https:\/\/www.willysplan.com\/wp-content\/uploads\/2020\/06\/rutas-por-el-port-de-la-selva-paint.jpg","type":"image\/jpeg"}],"author":"Guillem Asensio","twitter_card":"summary_large_image","twitter_misc":{"Escrit per":"Guillem Asensio","Temps estimat de lectura":"2 minuts"},"schema":{"@context":"https:\/\/schema.org","@graph":[{"@type":"Article","@id":"https:\/\/willysplan.com\/ca\/rutes\/rutes-de-senderisme-i-excursions-pel-port-de-la-selva#article","isPartOf":{"@id":"https:\/\/www.willysplan.com\/ca\/rutes\/rutes-de-senderisme-i-excursions-pel-port-de-la-selva"},"author":{"name":"Guillem Asensio","@id":"https:\/\/www.willysplan.com\/#\/schema\/person\/6f2dbf2215cd25715df085907bd007c1"},"headline":"Rutes de senderisme i excursions pel Port de la Selva","datePublished":"2020-06-01T11:05:02+00:00","dateModified":"2023-03-20T21:15:05+00:00","mainEntityOfPage":{"@id":"https:\/\/www.willysplan.com\/ca\/rutes\/rutes-de-senderisme-i-excursions-pel-port-de-la-selva"},"wordCount":507,"publisher":{"@id":"https:\/\/www.willysplan.com\/#organization"},"image":{"@id":"https:\/\/willysplan.com\/ca\/rutes\/rutes-de-senderisme-i-excursions-pel-port-de-la-selva#primaryimage"},"thumbnailUrl":"https:\/\/www.willysplan.com\/wp-content\/uploads\/2020\/06\/rutas-por-el-port-de-la-selva-paint.jpg","keywords":["pobles alt emporda","pobles catalunya","pobles costa brava","pobles girona"],"articleSection":["rutes"],"inLanguage":"ca"},{"@type":"WebPage","@id":"https:\/\/www.willysplan.com\/ca\/rutes\/rutes-de-senderisme-i-excursions-pel-port-de-la-selva","url":"https:\/\/willysplan.com\/ca\/rutes\/rutes-de-senderisme-i-excursions-pel-port-de-la-selva","name":"Rutes i excursions a Port de la Selva \u2013 Willy's Plan","isPartOf":{"@id":"https:\/\/www.willysplan.com\/#website"},"primaryImageOfPage":{"@id":"https:\/\/willysplan.com\/ca\/rutes\/rutes-de-senderisme-i-excursions-pel-port-de-la-selva#primaryimage"},"image":{"@id":"https:\/\/willysplan.com\/ca\/rutes\/rutes-de-senderisme-i-excursions-pel-port-de-la-selva#primaryimage"},"thumbnailUrl":"https:\/\/www.willysplan.com\/wp-content\/uploads\/2020\/06\/rutas-por-el-port-de-la-selva-paint.jpg","datePublished":"2020-06-01T11:05:02+00:00","dateModified":"2023-03-20T21:15:05+00:00","description":"Descobriu les millors excursions i rutes de senderisme pel Port de la Selva, Girona. \u2705 Coneix les coses a fer i veure al Port de la Selva Entra ara!","inLanguage":"ca","potentialAction":[{"@type":"ReadAction","target":["https:\/\/willysplan.com\/ca\/rutes\/rutes-de-senderisme-i-excursions-pel-port-de-la-selva"]}]},{"@type":"ImageObject","inLanguage":"ca","@id":"https:\/\/willysplan.com\/ca\/rutes\/rutes-de-senderisme-i-excursions-pel-port-de-la-selva#primaryimage","url":"https:\/\/www.willysplan.com\/wp-content\/uploads\/2020\/06\/rutas-por-el-port-de-la-selva-paint.jpg","contentUrl":"https:\/\/www.willysplan.com\/wp-content\/uploads\/2020\/06\/rutas-por-el-port-de-la-selva-paint.jpg","width":1200,"height":799},{"@type":"WebSite","@id":"https:\/\/www.willysplan.com\/#website","url":"https:\/\/www.willysplan.com\/","name":"Willy&#039;s Plan \ud83c\udf43","description":"Escapadas y Planes de fin de semana","publisher":{"@id":"https:\/\/www.willysplan.com\/#organization"},"potentialAction":[{"@type":"SearchAction","target":{"@type":"EntryPoint","urlTemplate":"https:\/\/www.willysplan.com\/?s={search_term_string}"},"query-input":{"@type":"PropertyValueSpecification","valueRequired":true,"valueName":"search_term_string"}}],"inLanguage":"ca"},{"@type":"Organization","@id":"https:\/\/www.willysplan.com\/#organization","name":"Willy&#039;s Plan \ud83c\udf43","url":"https:\/\/www.willysplan.com\/","logo":{"@type":"ImageObject","inLanguage":"ca","@id":"https:\/\/www.willysplan.com\/#\/schema\/logo\/image\/","url":"https:\/\/www.willysplan.com\/wp-content\/uploads\/2020\/04\/cropped-logo-1.png","contentUrl":"https:\/\/www.willysplan.com\/wp-content\/uploads\/2020\/04\/cropped-logo-1.png","width":332,"height":332,"caption":"Willy&#039;s Plan \ud83c\udf43"},"image":{"@id":"https:\/\/www.willysplan.com\/#\/schema\/logo\/image\/"}},{"@type":"Person","@id":"https:\/\/www.willysplan.com\/#\/schema\/person\/6f2dbf2215cd25715df085907bd007c1","name":"Guillem Asensio","image":{"@type":"ImageObject","inLanguage":"ca","@id":"https:\/\/www.willysplan.com\/#\/schema\/person\/image\/","url":"https:\/\/secure.gravatar.com\/avatar\/fd3f69da3e6cd8d451f6be79c127da046757b9a4c273deefb40b1291809cc787?s=96&d=mm&r=g","contentUrl":"https:\/\/secure.gravatar.com\/avatar\/fd3f69da3e6cd8d451f6be79c127da046757b9a4c273deefb40b1291809cc787?s=96&d=mm&r=g","caption":"Guillem Asensio"},"sameAs":["https:\/\/willysplan.com"],"url":"https:\/\/www.willysplan.com\/ca\/author\/willy"}]}},"_links":{"self":[{"href":"https:\/\/www.willysplan.com\/ca\/wp-json\/wp\/v2\/posts\/15770","targetHints":{"allow":["GET"]}}],"collection":[{"href":"https:\/\/www.willysplan.com\/ca\/wp-json\/wp\/v2\/posts"}],"about":[{"href":"https:\/\/www.willysplan.com\/ca\/wp-json\/wp\/v2\/types\/post"}],"author":[{"embeddable":true,"href":"https:\/\/www.willysplan.com\/ca\/wp-json\/wp\/v2\/users\/2"}],"replies":[{"embeddable":true,"href":"https:\/\/www.willysplan.com\/ca\/wp-json\/wp\/v2\/comments?post=15770"}],"version-history":[{"count":3,"href":"https:\/\/www.willysplan.com\/ca\/wp-json\/wp\/v2\/posts\/15770\/revisions"}],"predecessor-version":[{"id":17699,"href":"https:\/\/www.willysplan.com\/ca\/wp-json\/wp\/v2\/posts\/15770\/revisions\/17699"}],"wp:featuredmedia":[{"embeddable":true,"href":"https:\/\/www.willysplan.com\/ca\/wp-json\/wp\/v2\/media\/13285"}],"wp:attachment":[{"href":"https:\/\/www.willysplan.com\/ca\/wp-json\/wp\/v2\/media?parent=15770"}],"wp:term":[{"taxonomy":"category","embeddable":true,"href":"https:\/\/www.willysplan.com\/ca\/wp-json\/wp\/v2\/categories?post=15770"},{"taxonomy":"post_tag","embeddable":true,"href":"https:\/\/www.willysplan.com\/ca\/wp-json\/wp\/v2\/tags?post=15770"}],"curies":[{"name":"wp","href":"https:\/\/api.w.org\/{rel}","templated":true}]}}