{"id":15736,"date":"2020-05-24T17:22:38","date_gmt":"2020-05-24T16:22:38","guid":{"rendered":"https:\/\/willysplan.com\/uncategorized-ca\/rutes-de-senderisme-i-excursions-per-la-costa-brava"},"modified":"2023-03-20T22:15:53","modified_gmt":"2023-03-20T21:15:53","slug":"rutes-de-senderisme-i-excursions-per-la-costa-brava","status":"publish","type":"post","link":"https:\/\/www.willysplan.com\/ca\/rutes\/rutes-de-senderisme-i-excursions-per-la-costa-brava","title":{"rendered":"Rutes de senderisme i excursions per la Costa Brava"},"content":{"rendered":"\t\t<div data-elementor-type=\"wp-post\" data-elementor-id=\"15736\" class=\"elementor elementor-15736 elementor-1226\" data-elementor-post-type=\"post\">\n\t\t\t\t\t\t<section class=\"elementor-section elementor-top-section elementor-element elementor-element-f4c69cc elementor-section-boxed elementor-section-height-default elementor-section-height-default\" data-id=\"f4c69cc\" data-element_type=\"section\">\n\t\t\t\t\t\t<div class=\"elementor-container elementor-column-gap-default\">\n\t\t\t\t\t<div class=\"elementor-column elementor-col-50 elementor-top-column elementor-element elementor-element-164a862\" data-id=\"164a862\" data-element_type=\"column\">\n\t\t\t<div class=\"elementor-widget-wrap elementor-element-populated\">\n\t\t\t\t\t\t<div class=\"elementor-element elementor-element-29bc239 elementor-widget elementor-widget-text-editor\" data-id=\"29bc239\" data-element_type=\"widget\" data-widget_type=\"text-editor.default\">\n\t\t\t\t<div class=\"elementor-widget-container\">\n\t\t\t\t\t\t\t\t\t<p><span style=\"font-weight: 400;\">\u201c<\/span> <b>La Costa Brava<\/b><span style=\"font-weight: 400;\">, on la diversi\u00f3 mai dorm\u201d. Per poder gaudir una de les zones costaneres m\u00e9s espectaculars d&#8217;Espanya, us recomanem prendre&#8217;t uns quants dies de descans, treure les claus del cotxe i emprendre una de les <\/span><b>excursions per la costa brava<\/b> <span style=\"font-weight: 400;\">que no oblidessis mai!<\/span><\/p>\n<p><span style=\"font-weight: 400;\">La gran varietat d&#8217;activitats de lleure<\/span> <a href=\"https:\/\/www.willysplan.com\/que-hacer\/girona\"><span style=\"font-weight: 400;\">que fer a Girona<\/span><\/a> <span style=\"font-weight: 400;\">fan de la Costa Brava una de les regions m\u00e9s vingudes de gust pels turistes, que poden gaudir des d&#8217;un dia de platja, la muntanya, la seva gastronomia, la seva hist\u00f2ria i tota la seva cultura.<\/span><\/p>\n\t\t\t\t\t\t\t\t<\/div>\n\t\t\t\t<\/div>\n\t\t\t\t\t<\/div>\n\t\t<\/div>\n\t\t\t\t<div class=\"elementor-column elementor-col-50 elementor-top-column elementor-element elementor-element-f0384f5\" data-id=\"f0384f5\" data-element_type=\"column\">\n\t\t\t<div class=\"elementor-widget-wrap elementor-element-populated\">\n\t\t\t\t\t\t<div class=\"elementor-element elementor-element-498d22e elementor-widget elementor-widget-image\" data-id=\"498d22e\" data-element_type=\"widget\" data-widget_type=\"image.default\">\n\t\t\t\t<div class=\"elementor-widget-container\">\n\t\t\t\t\t\t\t\t\t\t\t\t\t\t\t<img fetchpriority=\"high\" decoding=\"async\" width=\"300\" height=\"208\" src=\"https:\/\/www.willysplan.com\/wp-content\/uploads\/2020\/05\/Mapa-costa-brava.png\" class=\"attachment-medium size-medium wp-image-11907\" alt=\"\" \/>\t\t\t\t\t\t\t\t\t\t\t\t\t\t\t<\/div>\n\t\t\t\t<\/div>\n\t\t\t\t\t<\/div>\n\t\t<\/div>\n\t\t\t\t\t<\/div>\n\t\t<\/section>\n\t\t\t\t<section class=\"elementor-section elementor-top-section elementor-element elementor-element-d1e1d3e elementor-section-boxed elementor-section-height-default elementor-section-height-default\" data-id=\"d1e1d3e\" data-element_type=\"section\">\n\t\t\t\t\t\t<div class=\"elementor-container elementor-column-gap-default\">\n\t\t\t\t\t<div class=\"elementor-column elementor-col-100 elementor-top-column elementor-element elementor-element-8fb6451\" data-id=\"8fb6451\" data-element_type=\"column\">\n\t\t\t<div class=\"elementor-widget-wrap elementor-element-populated\">\n\t\t\t\t\t\t<div class=\"elementor-element elementor-element-24f448f elementor-widget elementor-widget-heading\" data-id=\"24f448f\" data-element_type=\"widget\" data-widget_type=\"heading.default\">\n\t\t\t\t<div class=\"elementor-widget-container\">\n\t\t\t\t\t<h2 class=\"elementor-heading-title elementor-size-default\">Qu\u00e8 veure a la Costa Brava?<\/h2>\t\t\t\t<\/div>\n\t\t\t\t<\/div>\n\t\t\t\t\t<\/div>\n\t\t<\/div>\n\t\t\t\t\t<\/div>\n\t\t<\/section>\n\t\t\t\t<section class=\"elementor-section elementor-top-section elementor-element elementor-element-53c42cc elementor-section-boxed elementor-section-height-default elementor-section-height-default\" data-id=\"53c42cc\" data-element_type=\"section\">\n\t\t\t\t\t\t<div class=\"elementor-container elementor-column-gap-default\">\n\t\t\t\t\t<div class=\"elementor-column elementor-col-100 elementor-top-column elementor-element elementor-element-ffc4726\" data-id=\"ffc4726\" data-element_type=\"column\">\n\t\t\t<div class=\"elementor-widget-wrap elementor-element-populated\">\n\t\t\t\t\t\t<div class=\"elementor-element elementor-element-7f4a89a elementor-widget elementor-widget-image\" data-id=\"7f4a89a\" data-element_type=\"widget\" data-widget_type=\"image.default\">\n\t\t\t\t<div class=\"elementor-widget-container\">\n\t\t\t\t\t\t\t\t\t\t\t\t\t\t\t<img decoding=\"async\" width=\"768\" height=\"432\" src=\"https:\/\/www.willysplan.com\/wp-content\/uploads\/2020\/05\/rutas-por-la-costa-brava1-768x432.jpg\" class=\"attachment-medium_large size-medium_large wp-image-13121\" alt=\"\" srcset=\"https:\/\/www.willysplan.com\/wp-content\/uploads\/2020\/05\/rutas-por-la-costa-brava1-768x432.jpg 768w, https:\/\/www.willysplan.com\/wp-content\/uploads\/2020\/05\/rutas-por-la-costa-brava1-300x169.jpg 300w, https:\/\/www.willysplan.com\/wp-content\/uploads\/2020\/05\/rutas-por-la-costa-brava1-960x541.jpg 960w, https:\/\/www.willysplan.com\/wp-content\/uploads\/2020\/05\/rutas-por-la-costa-brava1-710x400.jpg 710w, https:\/\/www.willysplan.com\/wp-content\/uploads\/2020\/05\/rutas-por-la-costa-brava1-585x329.jpg 585w, https:\/\/www.willysplan.com\/wp-content\/uploads\/2020\/05\/rutas-por-la-costa-brava1-600x338.jpg 600w, https:\/\/www.willysplan.com\/wp-content\/uploads\/2020\/05\/rutas-por-la-costa-brava1.jpg 1023w\" sizes=\"(max-width: 768px) 100vw, 768px\" \/>\t\t\t\t\t\t\t\t\t\t\t\t\t\t\t<\/div>\n\t\t\t\t<\/div>\n\t\t\t\t\t<\/div>\n\t\t<\/div>\n\t\t\t\t\t<\/div>\n\t\t<\/section>\n\t\t\t\t<section class=\"elementor-section elementor-top-section elementor-element elementor-element-9274027 elementor-section-boxed elementor-section-height-default elementor-section-height-default\" data-id=\"9274027\" data-element_type=\"section\">\n\t\t\t\t\t\t<div class=\"elementor-container elementor-column-gap-default\">\n\t\t\t\t\t<div class=\"elementor-column elementor-col-100 elementor-top-column elementor-element elementor-element-8d0b027\" data-id=\"8d0b027\" data-element_type=\"column\">\n\t\t\t<div class=\"elementor-widget-wrap elementor-element-populated\">\n\t\t\t\t\t\t<div class=\"elementor-element elementor-element-13b5c01 elementor-widget elementor-widget-text-editor\" data-id=\"13b5c01\" data-element_type=\"widget\" data-widget_type=\"text-editor.default\">\n\t\t\t\t<div class=\"elementor-widget-container\">\n\t\t\t\t\t\t\t\t\t<p><span style=\"font-weight: 400;\">Entre les<\/span> <b>coses a veure a la Costa Brava<\/b><span style=\"font-weight: 400;\"> hi ha molts llocs que van des de petits pobles pescadors, medievals a pobles amb platges enlluernadores. Sens dubte tots amb una oferta de lleure molt atraient i diferent <\/span><b>de visitar a la costa brava.<\/b><\/p>\n\t\t\t\t\t\t\t\t<\/div>\n\t\t\t\t<\/div>\n\t\t\t\t\t<\/div>\n\t\t<\/div>\n\t\t\t\t\t<\/div>\n\t\t<\/section>\n\t\t\t\t<section class=\"elementor-section elementor-top-section elementor-element elementor-element-aaf8e46 elementor-section-boxed elementor-section-height-default elementor-section-height-default\" data-id=\"aaf8e46\" data-element_type=\"section\">\n\t\t\t\t\t\t<div class=\"elementor-container elementor-column-gap-default\">\n\t\t\t\t\t<div class=\"elementor-column elementor-col-100 elementor-top-column elementor-element elementor-element-4cee3de\" data-id=\"4cee3de\" data-element_type=\"column\">\n\t\t\t<div class=\"elementor-widget-wrap elementor-element-populated\">\n\t\t\t\t\t\t<div class=\"elementor-element elementor-element-241f678 elementor-widget elementor-widget-heading\" data-id=\"241f678\" data-element_type=\"widget\" data-widget_type=\"heading.default\">\n\t\t\t\t<div class=\"elementor-widget-container\">\n\t\t\t\t\t<h3 class=\"elementor-heading-title elementor-size-default\">Pobles de la Costa Brava<\/h3>\t\t\t\t<\/div>\n\t\t\t\t<\/div>\n\t\t\t\t\t<\/div>\n\t\t<\/div>\n\t\t\t\t\t<\/div>\n\t\t<\/section>\n\t\t\t\t<section class=\"elementor-section elementor-top-section elementor-element elementor-element-c78f0d5 elementor-section-boxed elementor-section-height-default elementor-section-height-default\" data-id=\"c78f0d5\" data-element_type=\"section\">\n\t\t\t\t\t\t<div class=\"elementor-container elementor-column-gap-default\">\n\t\t\t\t\t<div class=\"elementor-column elementor-col-100 elementor-top-column elementor-element elementor-element-e8099c1\" data-id=\"e8099c1\" data-element_type=\"column\">\n\t\t\t<div class=\"elementor-widget-wrap elementor-element-populated\">\n\t\t\t\t\t\t<div class=\"elementor-element elementor-element-9d79bd6 elementor-widget elementor-widget-text-editor\" data-id=\"9d79bd6\" data-element_type=\"widget\" data-widget_type=\"text-editor.default\">\n\t\t\t\t<div class=\"elementor-widget-container\">\n\t\t\t\t\t\t\t\t\t<p><span style=\"font-weight: 400;\">Per preparar-te una mica, en aquesta ocasi\u00f3 t&#8217;anomenarem alguns<\/span> <b>pobles de la Costa Brava<\/b><span style=\"font-weight: 400;\"> i el m\u00e9s destacat de cadasc\u00fa. Aix\u00f2 s\u00ed T&#8217;ho advertim! ser\u00e0 molt dif\u00edcil triar l&#8217;indicat\u2026 <\/span><span style=\"color: var( --e-global-color-text ); font-family: var( --e-global-typography-text-font-family ); background-color: var(--nv-site-bg);\">A<\/span> <b style=\"color: var( --e-global-color-text ); font-family: var( --e-global-typography-text-font-family ); background-color: var(--nv-site-bg);\">Blanes<\/b> <span style=\"color: var( --e-global-color-text ); font-family: var( --e-global-typography-text-font-family ); background-color: var(--nv-site-bg);\">\u00e9s on tot comen\u00e7a! Aqu\u00ed les platges i cales s\u00f3n protagonistes i on la vida nocturna de bars i restaurants mai no dorm. <\/span><\/p>\n<p><span style=\"font-weight: 400;\">Si arribes a<\/span> <b>Pals,<\/b> <span style=\"font-weight: 400;\">\u00e9s com viatjar en el temps el seu encant medieval us enlluernar\u00e0! A m\u00e9s, aqu\u00ed pots fer les millors <\/span><b>excursions per la costa brava; <\/b><span style=\"font-weight: 400;\">recorreguts que et deixaran sense al\u00e8 i t&#8217;ensenyessin tota la seva hist\u00f2ria i cultura. <\/span><span style=\"color: var( --e-global-color-text ); font-family: var( --e-global-typography-text-font-family ); background-color: var(--nv-site-bg);\">A <\/span><b style=\"color: var( --e-global-color-text ); font-family: var( --e-global-typography-text-font-family ); background-color: var(--nv-site-bg);\">Tossa de Mar <\/b><span style=\"color: var( --e-global-color-text ); font-family: var( --e-global-typography-text-font-family ); background-color: var(--nv-site-bg);\">et trobar\u00e0s amb bells carrerons empedrats i unes vistes incre\u00efbles de la costa brava. <\/span><span style=\"color: var( --e-global-color-text ); font-family: var( --e-global-typography-text-font-family ); font-weight: var( --e-global-typography-text-font-weight ); background-color: var(--nv-site-bg);\">Mentre a <\/span><b style=\"color: var( --e-global-color-text ); font-family: var( --e-global-typography-text-font-family ); background-color: var(--nv-site-bg);\">Cadaqu\u00e9s <\/b><span style=\"color: var( --e-global-color-text ); font-family: var( --e-global-typography-text-font-family ); font-weight: var( --e-global-typography-text-font-weight ); background-color: var(--nv-site-bg);\">corre l&#8217;encanteri d&#8217;un poble pesquer i artesanal, ple de vida.<\/span><\/p>\n<p><span style=\"font-weight: 400;\">Al petit poble de<\/span> <b>L&#8217;Estartit<\/b> <span style=\"font-weight: 400;\">us reconeixem els millors plans en fam\u00edlia i una molt bona oferta comercial de petits bars i terrasses que enamoren.<\/span> <span style=\"color: var( --e-global-color-text ); font-family: var( --e-global-typography-text-font-family ); background-color: var(--nv-site-bg);\">I per descomptat<\/span> <b style=\"color: var( --e-global-color-text ); font-family: var( --e-global-typography-text-font-family ); background-color: var(--nv-site-bg);\">Girona<\/b> <span style=\"color: var( --e-global-color-text ); font-family: var( --e-global-typography-text-font-family ); background-color: var(--nv-site-bg);\">que a parer nostre \u00e9s el poble de les postals, ideal per fer-se bones fotografies i gaudir d&#8217;unes estupendes panor\u00e0miques.<\/span> <span style=\"color: var( --e-global-color-text ); font-family: var( --e-global-typography-text-font-family ); background-color: var(--nv-site-bg);\">Si fos per nosaltres triar\u00edem tots, per\u00f2 amb nom\u00e9s esmentar-te&#8217;n alguns ja t&#8217;hem donat un cop de m\u00e0. Aix\u00ed doncs, ara et toca a tu escollir entre les nostres millors <\/span><b style=\"color: var( --e-global-color-text ); font-family: var( --e-global-typography-text-font-family ); background-color: var(--nv-site-bg);\">rutes per la costa brava.<\/b><\/p>\n\t\t\t\t\t\t\t\t<\/div>\n\t\t\t\t<\/div>\n\t\t\t\t\t<\/div>\n\t\t<\/div>\n\t\t\t\t\t<\/div>\n\t\t<\/section>\n\t\t\t\t<section class=\"elementor-section elementor-top-section elementor-element elementor-element-c853bba elementor-section-boxed elementor-section-height-default elementor-section-height-default\" data-id=\"c853bba\" data-element_type=\"section\">\n\t\t\t\t\t\t<div class=\"elementor-container elementor-column-gap-default\">\n\t\t\t\t\t<div class=\"elementor-column elementor-col-100 elementor-top-column elementor-element elementor-element-0a97cfe\" data-id=\"0a97cfe\" data-element_type=\"column\">\n\t\t\t<div class=\"elementor-widget-wrap elementor-element-populated\">\n\t\t\t\t\t\t\t<\/div>\n\t\t<\/div>\n\t\t\t\t\t<\/div>\n\t\t<\/section>\n\t\t\t\t<section class=\"elementor-section elementor-top-section elementor-element elementor-element-969debc elementor-section-boxed elementor-section-height-default elementor-section-height-default\" data-id=\"969debc\" data-element_type=\"section\">\n\t\t\t\t\t\t<div class=\"elementor-container elementor-column-gap-default\">\n\t\t\t\t\t<div class=\"elementor-column elementor-col-100 elementor-top-column elementor-element elementor-element-47bc789\" data-id=\"47bc789\" data-element_type=\"column\">\n\t\t\t<div class=\"elementor-widget-wrap elementor-element-populated\">\n\t\t\t\t\t\t<div class=\"elementor-element elementor-element-9b11989 elementor-widget elementor-widget-heading\" data-id=\"9b11989\" data-element_type=\"widget\" data-widget_type=\"heading.default\">\n\t\t\t\t<div class=\"elementor-widget-container\">\n\t\t\t\t\t<h2 class=\"elementor-heading-title elementor-size-default\">Qu\u00e8 fer a la Costa Brava?\n<\/h2>\t\t\t\t<\/div>\n\t\t\t\t<\/div>\n\t\t\t\t\t<\/div>\n\t\t<\/div>\n\t\t\t\t\t<\/div>\n\t\t<\/section>\n\t\t\t\t<section class=\"elementor-section elementor-top-section elementor-element elementor-element-a27a2af elementor-section-boxed elementor-section-height-default elementor-section-height-default\" data-id=\"a27a2af\" data-element_type=\"section\">\n\t\t\t\t\t\t<div class=\"elementor-container elementor-column-gap-default\">\n\t\t\t\t\t<div class=\"elementor-column elementor-col-100 elementor-top-column elementor-element elementor-element-998f114\" data-id=\"998f114\" data-element_type=\"column\">\n\t\t\t<div class=\"elementor-widget-wrap elementor-element-populated\">\n\t\t\t\t\t\t<div class=\"elementor-element elementor-element-9763475 elementor-widget elementor-widget-text-editor\" data-id=\"9763475\" data-element_type=\"widget\" data-widget_type=\"text-editor.default\">\n\t\t\t\t<div class=\"elementor-widget-container\">\n\t\t\t\t\t\t\t\t\t<p><span style=\"font-weight: 400;\">Sabem que emprendre un viatge no \u00e9s una tasca f\u00e0cil i m\u00e9s quan busquem plans familiars i coles<\/span> <b>que fer amb nens a la costa brava.<\/b> <span style=\"font-weight: 400;\">Aqu\u00ed us van uns tipus de plans que no podeu deixar de gaudir amb els m\u00e9s petits de la casa!<\/span><\/p>\n<p><span style=\"font-weight: 400;\">Un dia al mar estaria fant\u00e0stic, busca les platges familiars que cada poble t&#8217;ofereix. Els camins de ronda tamb\u00e9 s\u00f3n una bona alternativa per fer <\/span><b>rutes per la costa brava<\/b><span style=\"font-weight: 400;\">. A m\u00e9s, hi ha una infinitat de castells, on els m\u00e9s nois poden jugar a ser pirates i de passada aprendre una mica de la hist\u00f2ria d&#8217;aquesta regi\u00f3. <\/span><\/p>\n<p><span style=\"font-weight: 400;\">Aquests s\u00f3n algunes alternatives de plans<\/span> <b>a fer a la Costa brava<\/b><span style=\"font-weight: 400;\"> tant amb amics, la fam\u00edlia o en parella. Qu\u00e8 esperes? La costa brava us espera!<\/span><\/p>\n\t\t\t\t\t\t\t\t<\/div>\n\t\t\t\t<\/div>\n\t\t\t\t\t<\/div>\n\t\t<\/div>\n\t\t\t\t\t<\/div>\n\t\t<\/section>\n\t\t\t\t<section class=\"elementor-section elementor-top-section elementor-element elementor-element-bb3aa4f elementor-section-boxed elementor-section-height-default elementor-section-height-default\" data-id=\"bb3aa4f\" data-element_type=\"section\">\n\t\t\t\t\t\t<div class=\"elementor-container elementor-column-gap-default\">\n\t\t\t\t\t<div class=\"elementor-column elementor-col-100 elementor-top-column elementor-element elementor-element-181405c\" data-id=\"181405c\" data-element_type=\"column\">\n\t\t\t<div class=\"elementor-widget-wrap elementor-element-populated\">\n\t\t\t\t\t\t\t<\/div>\n\t\t<\/div>\n\t\t\t\t\t<\/div>\n\t\t<\/section>\n\t\t\t\t<\/div>\n\t\t","protected":false},"excerpt":{"rendered":"<p>\u201c La Costa Brava, on la diversi\u00f3 mai dorm\u201d. Per poder gaudir una de les zones costaneres m\u00e9s espectaculars d&#8217;Espanya, us recomanem prendre&#8217;t uns quants dies de descans, treure les claus del cotxe i emprendre una de les excursions per la costa brava que no oblidessis mai! La gran varietat d&#8217;activitats de lleure que fer&hellip;&nbsp;<a href=\"https:\/\/www.willysplan.com\/ca\/rutes\/rutes-de-senderisme-i-excursions-per-la-costa-brava\" rel=\"bookmark\">Llegiu m\u00e9s &raquo;<span class=\"screen-reader-text\">Rutes de senderisme i excursions per la Costa Brava<\/span><\/a><\/p>\n","protected":false},"author":1,"featured_media":13119,"comment_status":"closed","ping_status":"closed","sticky":false,"template":"","format":"standard","meta":{"neve_meta_sidebar":"","neve_meta_container":"","neve_meta_enable_content_width":"","neve_meta_content_width":0,"neve_meta_title_alignment":"","neve_meta_author_avatar":"","neve_post_elements_order":"","neve_meta_disable_header":"","neve_meta_disable_footer":"","neve_meta_disable_title":"","_joinchat":[],"footnotes":""},"categories":[323],"tags":[324,329],"class_list":["post-15736","post","type-post","status-publish","format-standard","has-post-thumbnail","hentry","category-rutes","tag-comarca-catalunya","tag-comarca-girona-ca"],"yoast_head":"<!-- This site is optimized with the Yoast SEO Premium plugin v20.1 (Yoast SEO v26.9) - https:\/\/yoast.com\/product\/yoast-seo-premium-wordpress\/ -->\n<title>Rutes i excursions per la Costa Brava \u2013 Willy&#039;s pla<\/title>\n<meta name=\"description\" content=\"Descobriu les millors excursions i rutes de senderisme per la Costa Brava, Girona. \u2705 Coneix les coses a fer i veure a la Costa Brava.\" \/>\n<meta name=\"robots\" content=\"index, follow, max-snippet:-1, max-image-preview:large, max-video-preview:-1\" \/>\n<link rel=\"canonical\" href=\"https:\/\/willysplan.com\/ca\/rutes\/rutes-de-senderisme-i-excursions-per-la-costa-brava\" \/>\n<meta property=\"og:locale\" content=\"ca_ES\" \/>\n<meta property=\"og:type\" content=\"article\" \/>\n<meta property=\"og:title\" content=\"Rutes de senderisme i excursions per la Costa Brava\" \/>\n<meta property=\"og:description\" content=\"Descobriu les millors excursions i rutes de senderisme per la Costa Brava, Girona. \u2705 Coneix les coses a fer i veure a la Costa Brava.\" \/>\n<meta property=\"og:url\" content=\"https:\/\/willysplan.com\/ca\/rutes\/rutes-de-senderisme-i-excursions-per-la-costa-brava\" \/>\n<meta property=\"og:site_name\" content=\"Willy&#039;s Plan \ud83c\udf43\" \/>\n<meta property=\"article:published_time\" content=\"2020-05-24T16:22:38+00:00\" \/>\n<meta property=\"article:modified_time\" content=\"2023-03-20T21:15:53+00:00\" \/>\n<meta property=\"og:image\" content=\"https:\/\/www.willysplan.com\/wp-content\/uploads\/2020\/05\/ruta-por-palamos1.jpg\" \/>\n\t<meta property=\"og:image:width\" content=\"1280\" \/>\n\t<meta property=\"og:image:height\" content=\"720\" \/>\n\t<meta property=\"og:image:type\" content=\"image\/jpeg\" \/>\n<meta name=\"author\" content=\"admin\" \/>\n<meta name=\"twitter:card\" content=\"summary_large_image\" \/>\n<meta name=\"twitter:label1\" content=\"Escrit per\" \/>\n\t<meta name=\"twitter:data1\" content=\"admin\" \/>\n\t<meta name=\"twitter:label2\" content=\"Temps estimat de lectura\" \/>\n\t<meta name=\"twitter:data2\" content=\"3 minuts\" \/>\n<script type=\"application\/ld+json\" class=\"yoast-schema-graph\">{\"@context\":\"https:\/\/schema.org\",\"@graph\":[{\"@type\":\"Article\",\"@id\":\"https:\/\/willysplan.com\/ca\/rutes\/rutes-de-senderisme-i-excursions-per-la-costa-brava#article\",\"isPartOf\":{\"@id\":\"https:\/\/www.willysplan.com\/ca\/rutes\/rutes-de-senderisme-i-excursions-per-la-costa-brava\"},\"author\":{\"name\":\"admin\",\"@id\":\"https:\/\/www.willysplan.com\/#\/schema\/person\/58c1527a9a42e9b18a877f14136f1d47\"},\"headline\":\"Rutes de senderisme i excursions per la Costa Brava\",\"datePublished\":\"2020-05-24T16:22:38+00:00\",\"dateModified\":\"2023-03-20T21:15:53+00:00\",\"mainEntityOfPage\":{\"@id\":\"https:\/\/www.willysplan.com\/ca\/rutes\/rutes-de-senderisme-i-excursions-per-la-costa-brava\"},\"wordCount\":546,\"publisher\":{\"@id\":\"https:\/\/www.willysplan.com\/#organization\"},\"image\":{\"@id\":\"https:\/\/willysplan.com\/ca\/rutes\/rutes-de-senderisme-i-excursions-per-la-costa-brava#primaryimage\"},\"thumbnailUrl\":\"https:\/\/www.willysplan.com\/wp-content\/uploads\/2020\/05\/ruta-por-palamos1.jpg\",\"keywords\":[\"comarca catalunya\",\"comarca girona\"],\"articleSection\":[\"rutes\"],\"inLanguage\":\"ca\"},{\"@type\":\"WebPage\",\"@id\":\"https:\/\/www.willysplan.com\/ca\/rutes\/rutes-de-senderisme-i-excursions-per-la-costa-brava\",\"url\":\"https:\/\/willysplan.com\/ca\/rutes\/rutes-de-senderisme-i-excursions-per-la-costa-brava\",\"name\":\"Rutes i excursions per la Costa Brava \u2013 Willy's pla\",\"isPartOf\":{\"@id\":\"https:\/\/www.willysplan.com\/#website\"},\"primaryImageOfPage\":{\"@id\":\"https:\/\/willysplan.com\/ca\/rutes\/rutes-de-senderisme-i-excursions-per-la-costa-brava#primaryimage\"},\"image\":{\"@id\":\"https:\/\/willysplan.com\/ca\/rutes\/rutes-de-senderisme-i-excursions-per-la-costa-brava#primaryimage\"},\"thumbnailUrl\":\"https:\/\/www.willysplan.com\/wp-content\/uploads\/2020\/05\/ruta-por-palamos1.jpg\",\"datePublished\":\"2020-05-24T16:22:38+00:00\",\"dateModified\":\"2023-03-20T21:15:53+00:00\",\"description\":\"Descobriu les millors excursions i rutes de senderisme per la Costa Brava, Girona. \u2705 Coneix les coses a fer i veure a la Costa Brava.\",\"inLanguage\":\"ca\",\"potentialAction\":[{\"@type\":\"ReadAction\",\"target\":[\"https:\/\/willysplan.com\/ca\/rutes\/rutes-de-senderisme-i-excursions-per-la-costa-brava\"]}]},{\"@type\":\"ImageObject\",\"inLanguage\":\"ca\",\"@id\":\"https:\/\/willysplan.com\/ca\/rutes\/rutes-de-senderisme-i-excursions-per-la-costa-brava#primaryimage\",\"url\":\"https:\/\/www.willysplan.com\/wp-content\/uploads\/2020\/05\/ruta-por-palamos1.jpg\",\"contentUrl\":\"https:\/\/www.willysplan.com\/wp-content\/uploads\/2020\/05\/ruta-por-palamos1.jpg\",\"width\":1280,\"height\":720},{\"@type\":\"WebSite\",\"@id\":\"https:\/\/www.willysplan.com\/#website\",\"url\":\"https:\/\/www.willysplan.com\/\",\"name\":\"Willy&#039;s Plan \ud83c\udf43\",\"description\":\"Escapadas y Planes de fin de semana\",\"publisher\":{\"@id\":\"https:\/\/www.willysplan.com\/#organization\"},\"potentialAction\":[{\"@type\":\"SearchAction\",\"target\":{\"@type\":\"EntryPoint\",\"urlTemplate\":\"https:\/\/www.willysplan.com\/?s={search_term_string}\"},\"query-input\":{\"@type\":\"PropertyValueSpecification\",\"valueRequired\":true,\"valueName\":\"search_term_string\"}}],\"inLanguage\":\"ca\"},{\"@type\":\"Organization\",\"@id\":\"https:\/\/www.willysplan.com\/#organization\",\"name\":\"Willy&#039;s Plan \ud83c\udf43\",\"url\":\"https:\/\/www.willysplan.com\/\",\"logo\":{\"@type\":\"ImageObject\",\"inLanguage\":\"ca\",\"@id\":\"https:\/\/www.willysplan.com\/#\/schema\/logo\/image\/\",\"url\":\"https:\/\/www.willysplan.com\/wp-content\/uploads\/2020\/04\/cropped-logo-1.png\",\"contentUrl\":\"https:\/\/www.willysplan.com\/wp-content\/uploads\/2020\/04\/cropped-logo-1.png\",\"width\":332,\"height\":332,\"caption\":\"Willy&#039;s Plan \ud83c\udf43\"},\"image\":{\"@id\":\"https:\/\/www.willysplan.com\/#\/schema\/logo\/image\/\"}},{\"@type\":\"Person\",\"@id\":\"https:\/\/www.willysplan.com\/#\/schema\/person\/58c1527a9a42e9b18a877f14136f1d47\",\"name\":\"admin\",\"image\":{\"@type\":\"ImageObject\",\"inLanguage\":\"ca\",\"@id\":\"https:\/\/www.willysplan.com\/#\/schema\/person\/image\/\",\"url\":\"https:\/\/secure.gravatar.com\/avatar\/0b8d78e655d83cc71e0a6cd6cb0f0f99929604cd70ff0f7ac1713f248945ea9d?s=96&d=mm&r=g\",\"contentUrl\":\"https:\/\/secure.gravatar.com\/avatar\/0b8d78e655d83cc71e0a6cd6cb0f0f99929604cd70ff0f7ac1713f248945ea9d?s=96&d=mm&r=g\",\"caption\":\"admin\"},\"url\":\"https:\/\/www.willysplan.com\/ca\/author\/admin\"}]}<\/script>\n<!-- \/ Yoast SEO Premium plugin. -->","yoast_head_json":{"title":"Rutes i excursions per la Costa Brava \u2013 Willy's pla","description":"Descobriu les millors excursions i rutes de senderisme per la Costa Brava, Girona. \u2705 Coneix les coses a fer i veure a la Costa Brava.","robots":{"index":"index","follow":"follow","max-snippet":"max-snippet:-1","max-image-preview":"max-image-preview:large","max-video-preview":"max-video-preview:-1"},"canonical":"https:\/\/willysplan.com\/ca\/rutes\/rutes-de-senderisme-i-excursions-per-la-costa-brava","og_locale":"ca_ES","og_type":"article","og_title":"Rutes de senderisme i excursions per la Costa Brava","og_description":"Descobriu les millors excursions i rutes de senderisme per la Costa Brava, Girona. \u2705 Coneix les coses a fer i veure a la Costa Brava.","og_url":"https:\/\/willysplan.com\/ca\/rutes\/rutes-de-senderisme-i-excursions-per-la-costa-brava","og_site_name":"Willy&#039;s Plan \ud83c\udf43","article_published_time":"2020-05-24T16:22:38+00:00","article_modified_time":"2023-03-20T21:15:53+00:00","og_image":[{"width":1280,"height":720,"url":"https:\/\/www.willysplan.com\/wp-content\/uploads\/2020\/05\/ruta-por-palamos1.jpg","type":"image\/jpeg"}],"author":"admin","twitter_card":"summary_large_image","twitter_misc":{"Escrit per":"admin","Temps estimat de lectura":"3 minuts"},"schema":{"@context":"https:\/\/schema.org","@graph":[{"@type":"Article","@id":"https:\/\/willysplan.com\/ca\/rutes\/rutes-de-senderisme-i-excursions-per-la-costa-brava#article","isPartOf":{"@id":"https:\/\/www.willysplan.com\/ca\/rutes\/rutes-de-senderisme-i-excursions-per-la-costa-brava"},"author":{"name":"admin","@id":"https:\/\/www.willysplan.com\/#\/schema\/person\/58c1527a9a42e9b18a877f14136f1d47"},"headline":"Rutes de senderisme i excursions per la Costa Brava","datePublished":"2020-05-24T16:22:38+00:00","dateModified":"2023-03-20T21:15:53+00:00","mainEntityOfPage":{"@id":"https:\/\/www.willysplan.com\/ca\/rutes\/rutes-de-senderisme-i-excursions-per-la-costa-brava"},"wordCount":546,"publisher":{"@id":"https:\/\/www.willysplan.com\/#organization"},"image":{"@id":"https:\/\/willysplan.com\/ca\/rutes\/rutes-de-senderisme-i-excursions-per-la-costa-brava#primaryimage"},"thumbnailUrl":"https:\/\/www.willysplan.com\/wp-content\/uploads\/2020\/05\/ruta-por-palamos1.jpg","keywords":["comarca catalunya","comarca girona"],"articleSection":["rutes"],"inLanguage":"ca"},{"@type":"WebPage","@id":"https:\/\/www.willysplan.com\/ca\/rutes\/rutes-de-senderisme-i-excursions-per-la-costa-brava","url":"https:\/\/willysplan.com\/ca\/rutes\/rutes-de-senderisme-i-excursions-per-la-costa-brava","name":"Rutes i excursions per la Costa Brava \u2013 Willy's pla","isPartOf":{"@id":"https:\/\/www.willysplan.com\/#website"},"primaryImageOfPage":{"@id":"https:\/\/willysplan.com\/ca\/rutes\/rutes-de-senderisme-i-excursions-per-la-costa-brava#primaryimage"},"image":{"@id":"https:\/\/willysplan.com\/ca\/rutes\/rutes-de-senderisme-i-excursions-per-la-costa-brava#primaryimage"},"thumbnailUrl":"https:\/\/www.willysplan.com\/wp-content\/uploads\/2020\/05\/ruta-por-palamos1.jpg","datePublished":"2020-05-24T16:22:38+00:00","dateModified":"2023-03-20T21:15:53+00:00","description":"Descobriu les millors excursions i rutes de senderisme per la Costa Brava, Girona. \u2705 Coneix les coses a fer i veure a la Costa Brava.","inLanguage":"ca","potentialAction":[{"@type":"ReadAction","target":["https:\/\/willysplan.com\/ca\/rutes\/rutes-de-senderisme-i-excursions-per-la-costa-brava"]}]},{"@type":"ImageObject","inLanguage":"ca","@id":"https:\/\/willysplan.com\/ca\/rutes\/rutes-de-senderisme-i-excursions-per-la-costa-brava#primaryimage","url":"https:\/\/www.willysplan.com\/wp-content\/uploads\/2020\/05\/ruta-por-palamos1.jpg","contentUrl":"https:\/\/www.willysplan.com\/wp-content\/uploads\/2020\/05\/ruta-por-palamos1.jpg","width":1280,"height":720},{"@type":"WebSite","@id":"https:\/\/www.willysplan.com\/#website","url":"https:\/\/www.willysplan.com\/","name":"Willy&#039;s Plan \ud83c\udf43","description":"Escapadas y Planes de fin de semana","publisher":{"@id":"https:\/\/www.willysplan.com\/#organization"},"potentialAction":[{"@type":"SearchAction","target":{"@type":"EntryPoint","urlTemplate":"https:\/\/www.willysplan.com\/?s={search_term_string}"},"query-input":{"@type":"PropertyValueSpecification","valueRequired":true,"valueName":"search_term_string"}}],"inLanguage":"ca"},{"@type":"Organization","@id":"https:\/\/www.willysplan.com\/#organization","name":"Willy&#039;s Plan \ud83c\udf43","url":"https:\/\/www.willysplan.com\/","logo":{"@type":"ImageObject","inLanguage":"ca","@id":"https:\/\/www.willysplan.com\/#\/schema\/logo\/image\/","url":"https:\/\/www.willysplan.com\/wp-content\/uploads\/2020\/04\/cropped-logo-1.png","contentUrl":"https:\/\/www.willysplan.com\/wp-content\/uploads\/2020\/04\/cropped-logo-1.png","width":332,"height":332,"caption":"Willy&#039;s Plan \ud83c\udf43"},"image":{"@id":"https:\/\/www.willysplan.com\/#\/schema\/logo\/image\/"}},{"@type":"Person","@id":"https:\/\/www.willysplan.com\/#\/schema\/person\/58c1527a9a42e9b18a877f14136f1d47","name":"admin","image":{"@type":"ImageObject","inLanguage":"ca","@id":"https:\/\/www.willysplan.com\/#\/schema\/person\/image\/","url":"https:\/\/secure.gravatar.com\/avatar\/0b8d78e655d83cc71e0a6cd6cb0f0f99929604cd70ff0f7ac1713f248945ea9d?s=96&d=mm&r=g","contentUrl":"https:\/\/secure.gravatar.com\/avatar\/0b8d78e655d83cc71e0a6cd6cb0f0f99929604cd70ff0f7ac1713f248945ea9d?s=96&d=mm&r=g","caption":"admin"},"url":"https:\/\/www.willysplan.com\/ca\/author\/admin"}]}},"_links":{"self":[{"href":"https:\/\/www.willysplan.com\/ca\/wp-json\/wp\/v2\/posts\/15736","targetHints":{"allow":["GET"]}}],"collection":[{"href":"https:\/\/www.willysplan.com\/ca\/wp-json\/wp\/v2\/posts"}],"about":[{"href":"https:\/\/www.willysplan.com\/ca\/wp-json\/wp\/v2\/types\/post"}],"author":[{"embeddable":true,"href":"https:\/\/www.willysplan.com\/ca\/wp-json\/wp\/v2\/users\/1"}],"replies":[{"embeddable":true,"href":"https:\/\/www.willysplan.com\/ca\/wp-json\/wp\/v2\/comments?post=15736"}],"version-history":[{"count":3,"href":"https:\/\/www.willysplan.com\/ca\/wp-json\/wp\/v2\/posts\/15736\/revisions"}],"predecessor-version":[{"id":17695,"href":"https:\/\/www.willysplan.com\/ca\/wp-json\/wp\/v2\/posts\/15736\/revisions\/17695"}],"wp:featuredmedia":[{"embeddable":true,"href":"https:\/\/www.willysplan.com\/ca\/wp-json\/wp\/v2\/media\/13119"}],"wp:attachment":[{"href":"https:\/\/www.willysplan.com\/ca\/wp-json\/wp\/v2\/media?parent=15736"}],"wp:term":[{"taxonomy":"category","embeddable":true,"href":"https:\/\/www.willysplan.com\/ca\/wp-json\/wp\/v2\/categories?post=15736"},{"taxonomy":"post_tag","embeddable":true,"href":"https:\/\/www.willysplan.com\/ca\/wp-json\/wp\/v2\/tags?post=15736"}],"curies":[{"name":"wp","href":"https:\/\/api.w.org\/{rel}","templated":true}]}}